{"id":2272845,"date":"2023-05-25T00:05:07","date_gmt":"2023-05-24T22:05:07","guid":{"rendered":"https:\/\/puntocritico.com\/ausajpuntocritico\/?p=2272845"},"modified":"2023-05-24T10:35:37","modified_gmt":"2023-05-24T08:35:37","slug":"censura-y-cancelacion","status":"publish","type":"post","link":"https:\/\/puntocritico.com\/ausajpuntocritico\/2023\/05\/25\/censura-y-cancelacion\/","title":{"rendered":"CENSURA Y CANCELACI\u00d3N: EL FIN DE LAS LIBERTADES; EL FIN DE LA DEMOCRACIA. Del control de la informaci\u00f3n p\u00fablica al \u00abAsesinato Civil\u00bb del disidente."},"content":{"rendered":"<h2 style=\"text-align: justify;\"><span style=\"font-size: 14pt; color: #008000;\">CENSURA Y CANCELACI\u00d3N<\/span><\/h2>\n\n<p>&nbsp;<\/p>\n<p style=\"text-align: right;\"><span style=\"font-size: 14pt;\"><em>\u00abLeyes semejantes, con las que se impone qu\u00e9 debe creer cada uno y se prohibe decir o escribir algo contra tal o cual opini\u00f3n, han sido con frecuencia dictadas para condescender o m\u00e1s bien ceder ante la ira de aquellos que no pueden soportar a los caracteres libres,\u00a0y que, por una especie de torva autoridad, pueden cambiar f\u00e1cilmente la devoci\u00f3n de la masa sediciosa en rabia e instigarla contra quienes ellos quisieran\u00bb.<\/em><\/span><\/p>\n<p style=\"text-align: right;\"><span style=\"font-size: 14pt;\"><em>\u00ab\u00bfQu\u00e9 puede haber, insisto, m\u00e1s pernicioso que tener por enemigos y llevar a la muerte a hombres que no han cometido ning\u00fan crimen ni fechor\u00eda, simplemente porque son de talante liberal; y que el cadalso, horror para los malos, se convierta en el teatro m\u00e1s hermoso, donde se expone, ante el oprobio m\u00e1s bochornoso de la majestad, el mejor ejemplo de tolerancia y de virtud?\u00bb.<\/em><\/span><\/p>\n<p style=\"text-align: right;\"><a href=\"https:\/\/puntocritico.com\/ausajpuntocritico\/2020\/07\/10\/la-libertad-de-pensamiento-y-de-expresion-por-baruch-de-spinoza-2\/\"><span style=\"font-size: 14pt;\">Baruch Spinoza<\/span><\/a><\/p>\n<p style=\"text-align: justify;\" align=\"center\">\u00a0<\/p>\n<blockquote>\n<h2 class=\"c-detail__title\" style=\"text-align: center;\"><span style=\"font-size: 24pt;\"><strong>GENTE PELIGROSA<\/strong><\/span><\/h2>\n<p class=\"c-detail__subtitle\" style=\"text-align: center;\"><strong><em><span style=\"font-size: 14pt;\">Nada espero de los otros partidos. Pero s\u00e9 que esta gente es peligrosa. Demasiado peligrosa como para re\u00edrnos s\u00f3lo de ella<\/span><\/em><\/strong><\/p>\n<p style=\"text-align: justify;\" align=\"center\"><span style=\"font-size: 14pt;\">Por Gabriel Albiac<\/span><\/p>\n<p style=\"text-align: justify;\" align=\"center\"><span style=\"font-size: 14pt;\"><a href=\"https:\/\/www.eldebate.com\/opinion\/20230524\/gente-peligrosa_116676.html\" target=\"_blank\" rel=\"noopener\">El Debate<\/a>, 24 MAYO 2023<\/span><\/p>\n<p><img loading=\"lazy\" decoding=\"async\" class=\"aligncenter wp-image-1796982 size-full\" src=\"https:\/\/puntocritico.com\/ausajpuntocritico\/wp-content\/uploads\/2021\/02\/Orwell-fascismo-periodismo-2.jpg\" alt=\"\" width=\"320\" height=\"212\" data-id=\"1796982\" srcset=\"https:\/\/puntocritico.com\/ausajpuntocritico\/wp-content\/uploads\/2021\/02\/Orwell-fascismo-periodismo-2.jpg 320w, https:\/\/puntocritico.com\/ausajpuntocritico\/wp-content\/uploads\/2021\/02\/Orwell-fascismo-periodismo-2-300x199.jpg 300w\" sizes=\"auto, (max-width: 320px) 100vw, 320px\" \/><\/p>\n<p align=\"center\">\u00a0<\/p>\n<div class=\"paragraph\" style=\"text-align: justify;\" data-mrf-recirculation=\"Enlaces p\u00e1rrafos\"><span style=\"font-size: 14pt;\">Sopesando la grandeza tr\u00e1gica de Racine, Paul Val\u00e9ry acu\u00f1a esta regla de oro, que separa la grandeza del rid\u00edculo: \u00abEn las m\u00e1s altas emociones, respetar los subjuntivos\u00bb. Eso separa, en literatura, a S\u00f3focles de un mu\u00f1idor de folletines. Eso deber\u00eda imponer, ante los electores, la barrera infranqueable entre un pol\u00edtico \u2013en mayor o menor estado de decencia\u2013 y uno de esos zarrapastrosos espirituales que a s\u00ed mismos se dieron nombre de \u00abpopulistas\u00bb. La pol\u00edtica no va de \u00abemociones\u00bb, va de sintaxis bien hecha. O bien, se queda en un follet\u00edn que enmascara los peores saqueos. <strong>\u00abSintaxis\u00bb<\/strong>: palabra griega que designaba la formaci\u00f3n de las tropas que van a entrar en combate.<\/span><\/div>\n<div data-mrf-recirculation=\"Enlaces p\u00e1rrafos\">\u00a0<\/div>\n<div style=\"text-align: center;\" data-mrf-recirculation=\"Enlaces p\u00e1rrafos\"><strong><span style=\"font-size: 14pt; color: #008000;\">La pol\u00edtica no va de \u00abemociones\u00bb, va de sintaxis bien hecha. O bien, se queda en un follet\u00edn que enmascara los peores saqueos. \u00abSintaxis\u00bb: palabra griega que designaba la formaci\u00f3n de las tropas que van a entrar en combate<\/span><\/strong><\/div>\n<div style=\"text-align: justify;\" data-mrf-recirculation=\"Enlaces p\u00e1rrafos\">\u00a0<\/div>\n<div class=\"paragraph\" style=\"text-align: justify;\" data-mrf-recirculation=\"Enlaces p\u00e1rrafos\"><span style=\"font-size: 14pt;\">No es que roben \u00e9stos m\u00e1s que los otros. Roban todos. Y la \u00fanica graduaci\u00f3n de su robo es el nivel de impunidad en que hayan llegado a instalarse. Los s\u00fabitos enriquecimientos de Bono o de Iglesias no son entre s\u00ed tan distintos. Ni el de Gonz\u00e1lez lo es del de Montero. La cifra del beneficio la dan los a\u00f1os de los que se goz\u00f3 para blindar la impunidad del cargo. Eso es todo. Trazar fronteras morales entre pol\u00edticos en funci\u00f3n de su tendencia natural a acumular patrimonio es peor que imb\u00e9cil: es ingenuo. De la ingenuidad a la servidumbre hay menos de un paso.<\/span><\/div>\n<div style=\"text-align: justify;\" data-mrf-recirculation=\"Enlaces p\u00e1rrafos\">\u00a0<\/div>\n<div class=\"paragraph\" style=\"text-align: justify;\" data-mrf-recirculation=\"Enlaces p\u00e1rrafos\"><span style=\"font-size: 14pt;\">No. La sola diferencia hoy constatable, entre las sim\u00e9tricas alas que se disputan el voto, se sit\u00faa en otro campo. Hasta hace muy poco exento de este fango asqueroso que es la pol\u00edtica. Pero ese territorio es el m\u00e1s sagrado \u2013deber\u00eda serlo\u2013 para un ciudadano que se diga libre. Se llama vida privada. Hasta en las tempestades m\u00e1s sangrientas, los padres de la revoluci\u00f3n burguesa postularon, como un deber sagrado, no permitir que lo pol\u00edtico destruyera ese reducto en el cual cada ciudadano desarrolla lo esencial de su vida y sus afectos: su hogar. Me vienen a la memoria las l\u00edneas de <a href=\"https:\/\/puntocritico.com\/ausajpuntocritico\/2020\/11\/26\/los-cesares-pedantes-y-el-estilo-guillotina-por-albert-camus\/\">Saint-Just<\/a>, muy poco antes de que su cabeza ruede tambi\u00e9n en la guillotina, a la cual \u00e9l condujo a tantos. Pero hay un l\u00edmite para aquel a quien sus adversarios dieron nombre de \u00ab\u00e1ngel de la muerte\u00bb. Y ese l\u00edmite era \u2013aun para \u00e9l, que tan pocos l\u00edmites ten\u00eda\u2013 el que impon\u00eda la frontera de la vida privada. Porque <strong>\u00abla libertad del pueblo est\u00e1 en esa vida privada; no la perturb\u00e9is\u00bb<\/strong>. Traspasado el umbral de cada domicilio, el Estado debe desvanecerse.<\/span><\/div>\n<div style=\"text-align: justify;\" data-mrf-recirculation=\"Enlaces p\u00e1rrafos\">\u00a0<\/div>\n<div class=\"paragraph\" style=\"text-align: justify;\" data-mrf-recirculation=\"Enlaces p\u00e1rrafos\"><span style=\"font-size: 14pt;\">El gran invento del totalitarismo fue transgredir ese postulado. Y Hitler supo, como supo Stalin, que era precisamente en la guarida familiar en donde, con m\u00e1s eficacia, pod\u00eda consumarse la tarea clave del dominio absoluto: construir subjetividades a la medida de lo que el Estado precise. El ideal totalitario es el del juego de una matem\u00e1tica fractal que haga de cada sujeto un espejo a escala del Estado mismo. <strong>Nada ambiciona m\u00e1s un poder totalitario que cincelar la vida privada de sus siervos<\/strong>.<\/span><\/div>\n<div data-mrf-recirculation=\"Enlaces p\u00e1rrafos\">\u00a0<\/div>\n<\/blockquote>\n<blockquote>\n<div style=\"text-align: center;\" data-mrf-recirculation=\"Enlaces p\u00e1rrafos\"><strong><span style=\"font-size: 14pt; color: #008000;\">Lo que la banda de cursis\u00a0<i>coleguis<\/i>\u00a0de Montero est\u00e1 poniendo en pie, no lo hubiera tolerado nadie que se acogiese a la sintaxis de la m\u00e1s elemental \u00abizquierda\u00bb de hace un par de decenios. Sencillamente, porque es \u00e9sa la pr\u00e1ctica que une, en la vocaci\u00f3n totalitaria extrema, a nazismo y estalinismo: el dictado de los comportamientos afectivos o sentimentales de cada individuo; en soledad como en familia<\/span><\/strong><\/div>\n<div data-mrf-recirculation=\"Enlaces p\u00e1rrafos\">\u00a0<\/div>\n<div data-mrf-recirculation=\"Enlaces p\u00e1rrafos\">\u00a0<\/div>\n<div class=\"paragraph\" style=\"text-align: justify;\" data-mrf-recirculation=\"Enlaces p\u00e1rrafos\"><span style=\"font-size: 14pt;\">Cincelar la vida privada. Meterse en la cama de los amantes, por ejemplo, y manualizarles prolijamente cu\u00e1les sean los usos acordes o desacordes con el\u00a0<i>wokismo<\/i>\u00a0\u00abde g\u00e9nero\u00bb que el Ministerio de Igualdad dicta. Sellar con una\u00a0<i>app<\/i>\u00a0a la medida, por ejemplo, cu\u00e1les sean los pactos \u00abcancelables\u00bb entre aquellos que, con sexo igual o distinto, comparten un domicilio y tal vez una vida. No es s\u00f3lo una ridiculez risible. No, por desgracia. Lo que la banda de cursis\u00a0<i>coleguis<\/i>\u00a0de Montero est\u00e1 poniendo en pie, no lo hubiera tolerado nadie que se acogiese a la sintaxis de la m\u00e1s elemental \u00abizquierda\u00bb de hace un par de decenios. Sencillamente, porque es \u00e9sa la pr\u00e1ctica que une, en la vocaci\u00f3n totalitaria extrema, a nazismo y estalinismo: el dictado de los comportamientos afectivos o sentimentales de cada individuo; en soledad como en familia.<\/span><\/div>\n<div style=\"text-align: justify;\" data-mrf-recirculation=\"Enlaces p\u00e1rrafos\">\u00a0<\/div>\n<div class=\"paragraph\" style=\"text-align: justify;\" data-mrf-recirculation=\"Enlaces p\u00e1rrafos\"><span style=\"font-size: 14pt;\">Nada espero de los otros partidos. Pero s\u00e9 que esta gente es peligrosa. Demasiado peligrosa como para re\u00edrnos s\u00f3lo de ella.<\/span><\/div>\n<\/blockquote>\n<div data-mrf-recirculation=\"Enlaces p\u00e1rrafos\">\u00a0<\/div>\n<div data-mrf-recirculation=\"Enlaces p\u00e1rrafos\">\u00a0<\/div>\n<div data-mrf-recirculation=\"Enlaces p\u00e1rrafos\"><img loading=\"lazy\" decoding=\"async\" class=\"aligncenter wp-image-15414\" src=\"https:\/\/puntocritico.com\/ausajpuntocritico\/wp-content\/uploads\/2018\/12\/fascismo-y-populismo-2-300x169.jpg\" alt=\"\" width=\"480\" height=\"270\" data-id=\"15414\" srcset=\"https:\/\/puntocritico.com\/ausajpuntocritico\/wp-content\/uploads\/2018\/12\/fascismo-y-populismo-2-300x169.jpg 300w, https:\/\/puntocritico.com\/ausajpuntocritico\/wp-content\/uploads\/2018\/12\/fascismo-y-populismo-2-267x150.jpg 267w, https:\/\/puntocritico.com\/ausajpuntocritico\/wp-content\/uploads\/2018\/12\/fascismo-y-populismo-2.jpg 615w\" sizes=\"auto, (max-width: 480px) 100vw, 480px\" \/><\/div>\n<p style=\"text-align: center;\" align=\"center\"><span style=\"font-size: 18pt;\"><strong><span style=\"color: #008000;\">*******<\/span><\/strong><\/span><\/p>\n<h2 style=\"text-align: center;\" align=\"center\"><span style=\"font-size: 24.0pt;\">FERNANDO BONETE: \u00abLA CULTURA DE LA CANCELACI\u00d3N HA ALTERADO NUESTRA FORMA DE PENSAR\u00bb<\/span><\/h2>\n<p class=\"post-subtitle\" style=\"text-align: center;\"><span style=\"font-size: 14pt;\"><em><strong>Vozp\u00f3puli habla con Fernando Bonete, que acaba de publicar un libro, &#8216;Cultura de la cancelaci\u00f3n&#8217;, sobre la proliferaci\u00f3n de la censura en una \u00e9poca, la nuestra, que exalta la libertad de expresi\u00f3n como bien supremo<\/strong><\/em><\/span><\/p>\n<p style=\"text-align: justify;\"><span style=\"font-size: 14pt;\">Por <a href=\"https:\/\/www.vozpopuli.com\/altavoz\/cultura\/fernando-bonete-cultura-cancelacion.html\" target=\"_blank\" rel=\"noopener\">Julio Llorente<\/a>, 30 ABRIL 2023<\/span><\/p>\n<p><img loading=\"lazy\" decoding=\"async\" class=\"aligncenter wp-image-2272847 size-mh-magazine-content\" src=\"https:\/\/puntocritico.com\/ausajpuntocritico\/wp-content\/uploads\/2023\/04\/cultura-cancelacion-e1682525717238-678x381.webp\" alt=\"CENSURA Y CANCELACI\u00d3N\" width=\"678\" height=\"381\" data-id=\"2272847\" \/><\/p>\n<p style=\"text-align: justify;\">\u00a0<\/p>\n<p style=\"text-align: center;\"><strong><span style=\"font-size: 14pt;\">Yerra quien afirme que vivimos en un contexto de libertad de expresi\u00f3n. Quiz\u00e1 sea as\u00ed formalmente, quiz\u00e1 las constituciones proclamen y protejan la libertad de expresi\u00f3n, pero la realidad es menos luminosa.\u00a0Uno no puede expresar p\u00fablicamente determinadas opiniones \u2015quien lo prob\u00f3 lo sabe\u2015 sin arriesgar su estatus social y sin exponerse al se\u00f1alamiento, primero, y a la marginaci\u00f3n, despu\u00e9s.\u00a0<\/span><\/strong><\/p>\n<p style=\"text-align: center;\"><strong><span style=\"font-size: 14pt;\"><a href=\"https:\/\/www.vozpopuli.com\/\" target=\"_blank\" rel=\"noopener\">Vozp\u00f3puli<\/a>\u00a0habla de todo esto con Fernando Bonete, que acaba de publicar un libro,\u00a0<em>Cultura de la cancelaci\u00f3n<\/em> (Ciudadela, 2023), sobre la proliferaci\u00f3n de la censura en una \u00e9poca, la nuestra, que exalta la libertad de expresi\u00f3n como bien supremo<\/span><\/strong><\/p>\n<p>&nbsp;<\/p>\n<figure id=\"attachment_2272849\" aria-describedby=\"caption-attachment-2272849\" style=\"width: 280px\" class=\"wp-caption aligncenter\"><img loading=\"lazy\" decoding=\"async\" class=\"wp-image-2272849\" src=\"https:\/\/puntocritico.com\/ausajpuntocritico\/wp-content\/uploads\/2023\/04\/FernandoBonete.png\" alt=\"\" width=\"280\" height=\"263\" data-id=\"2272849\" \/><figcaption id=\"caption-attachment-2272849\" class=\"wp-caption-text\"><span style=\"color: #008000;\">Fernando Bonete<\/span><\/figcaption><\/figure>\n<p>&nbsp;<\/p>\n<p style=\"text-align: justify;\"><span style=\"font-size: 14pt;\"><strong>Pregunta. \u00bfPor qu\u00e9 decidi\u00f3 escribir\u00a0<em>Cultura de la cancelaci\u00f3n<\/em>?<\/strong><\/span><\/p>\n<div id=\"content-intext-1\" style=\"text-align: justify;\">\n<div class=\"entry-content\"><span style=\"font-size: 14pt;\">Respuesta. Adem\u00e1s de por la actualidad del tema y por su innegable repercusi\u00f3n, tambi\u00e9n por abordarlo desde otra perspectiva. Si s\u00f3lo fuera por la importancia de la cultura de la cancelaci\u00f3n, no lo habr\u00eda escrito: ya hay otras muchas obras que la analizan y que lo hacen bien.<\/span><\/div>\n<\/div>\n<p style=\"text-align: justify;\"><span style=\"font-size: 14pt;\"><strong>P. \u00bfEntonces?<\/strong><\/span><\/p>\n<p style=\"text-align: justify;\"><span style=\"font-size: 14pt;\">R. Lo que yo he detectado es que hay una cierta confusi\u00f3n entre la cultura de la cancelaci\u00f3n y la correcci\u00f3n pol\u00edtica. Son cosas distintas. La cultura de la cancelaci\u00f3n es, por decirlo as\u00ed, el todo y la correcci\u00f3n pol\u00edtica es la parte, un mecanismo m\u00e1s para articular la cancelaci\u00f3n. Esto por un lado.\u00a0<\/span><\/p>\n<p style=\"text-align: justify;\"><span style=\"font-size: 14pt;\"><strong>P.<\/strong><strong>\u00bfY por el otro?<\/strong><\/span><\/p>\n<p style=\"text-align: justify;\"><span style=\"font-size: 14pt;\">R. No quer\u00eda referirme a la cancelaci\u00f3n enumerando una serie de ejemplos aislados. Quer\u00eda ir m\u00e1s all\u00e1 de los casos para indagar las corrientes de pensamiento que est\u00e1n propiciando la cancelaci\u00f3n, para mostrar los mecanismos y los agentes que la est\u00e1n ejecutando y, por \u00faltimo, y supongo que esto es lo m\u00e1s novedoso, para aventurar soluciones al problema. En la mayor parte de los libros, congresos, conversaciones que versan sobre la cancelaci\u00f3n, se habla prolijamente del problema, s\u00ed, pero apenas se dedica tiempo a proponer soluciones a \u00e9l.\u00a0<\/span><\/p>\n<p>&nbsp;<\/p>\n<p><img loading=\"lazy\" decoding=\"async\" class=\"aligncenter size-medium wp-image-2272861\" src=\"https:\/\/puntocritico.com\/ausajpuntocritico\/wp-content\/uploads\/2023\/05\/cancel-cancel-cancel-culture-0430211-300x203.webp\" alt=\"\" width=\"300\" height=\"203\" data-id=\"2272861\" srcset=\"https:\/\/puntocritico.com\/ausajpuntocritico\/wp-content\/uploads\/2023\/05\/cancel-cancel-cancel-culture-0430211-300x203.webp 300w, https:\/\/puntocritico.com\/ausajpuntocritico\/wp-content\/uploads\/2023\/05\/cancel-cancel-cancel-culture-0430211-1024x691.webp 1024w, https:\/\/puntocritico.com\/ausajpuntocritico\/wp-content\/uploads\/2023\/05\/cancel-cancel-cancel-culture-0430211-768x518.webp 768w, https:\/\/puntocritico.com\/ausajpuntocritico\/wp-content\/uploads\/2023\/05\/cancel-cancel-cancel-culture-0430211-610x412.webp 610w, https:\/\/puntocritico.com\/ausajpuntocritico\/wp-content\/uploads\/2023\/05\/cancel-cancel-cancel-culture-0430211.webp 1200w\" sizes=\"auto, (max-width: 300px) 100vw, 300px\" \/><\/p>\n<p>&nbsp;<\/p>\n<p style=\"text-align: justify;\"><span style=\"font-size: 14pt;\"><strong>P. \u00bfEs la cultura de la cancelaci\u00f3n un fen\u00f3meno estrictamente contempor\u00e1neo? \u00a1Siempre ha habido censura!<\/strong><\/span><\/p>\n<p style=\"text-align: justify;\"><span style=\"font-size: 14pt;\">R. Para m\u00ed, la gran diferencia son los mecanismos impl\u00edcitos, que no los expl\u00edcitos, que sigue la cancelaci\u00f3n en nuestros d\u00edas. Una manera de cancelar que todos tenemos desgraciadamente presente son los grandes totalitarismos del siglo pasado. Tambi\u00e9n hubo entonces censura y la cancelaci\u00f3n. Pero uno sab\u00eda perfectamente qui\u00e9n era el \u00f3rgano censor y qui\u00e9nes las personas que ejerc\u00edan esa cancelaci\u00f3n a pie de calle.\u00a0<\/span><\/p>\n<p>&nbsp;<\/p>\n<p style=\"text-align: center;\"><strong><span style=\"font-size: 14pt; color: #008000;\">La principal caracter\u00edstica de la cultura de la cancelaci\u00f3n contempor\u00e1nea es que va condicionando tu forma de pensar hasta que eres t\u00fa mismo el que te censuras<\/span><\/strong><\/p>\n<p>&nbsp;<\/p>\n<p style=\"text-align: justify;\"><span style=\"font-size: 14pt;\"><strong>P.<\/strong><strong>\u00bfNo es as\u00ed actualmente?<\/strong><\/span><\/p>\n<p style=\"text-align: justify;\"><span style=\"font-size: 14pt;\">R. La cultura de la cancelaci\u00f3n actual carece de \u00f3rganos ejecutores. No hay un ente, un organismo, encargado de cancelar. Es, m\u00e1s bien, un ambiente, una atm\u00f3sfera. Las cancelaciones del pasado eran expl\u00edcitas \u2015se pod\u00eda identificar perfectamente al sujeto cancelador\u2015 y las del presente son impl\u00edcitas. Si lo buscas, si te afanas en encontrarlo, puedes llegar a encontrar un sujeto cancelador, pero todo es m\u00e1s difuso.\u00a0<\/span><\/p>\n<p style=\"text-align: justify;\"><span style=\"font-size: 14pt;\"><strong>P.<\/strong><strong>M\u00e1s et\u00e9reo.\u00a0<\/strong><\/span><\/p>\n<p style=\"text-align: justify;\"><span style=\"font-size: 14pt;\">R. Efectivamente. Va coart\u00e1ndote sin que t\u00fa te des cuenta. \u00c9sa es, sin duda, la principal caracter\u00edstica de la cultura de la cancelaci\u00f3n contempor\u00e1nea. Va condicionando tu forma de pensar hasta que eres t\u00fa mismo el que te censuras. Llega a alterar tu visi\u00f3n de la realidad.\u00a0<\/span><\/p>\n<p style=\"text-align: justify;\"><span style=\"font-size: 14pt;\"><strong>P. Aun siendo dif\u00edcil identificar a los sujetos canceladores, quiz\u00e1 podamos intentarlo. \u00bfQui\u00e9n cancela hoy?<\/strong><\/span><\/p>\n<p style=\"text-align: justify;\"><span style=\"font-size: 14pt;\">R. Tal vez merezca la pena detenerse en el ideario de quienes cancelan. Un ideario que, por cierto, es voluble. La cancelaci\u00f3n carece de ideolog\u00eda propia, de una ideolog\u00eda que permanezca en el tiempo. Hoy se cancelan unas ideas, s\u00ed, pero ma\u00f1ana pueden cancelarse otras. La cancelaci\u00f3n no es tanto una ideolog\u00eda como una supraideolog\u00eda.\u00a0<\/span><\/p>\n<p style=\"text-align: justify;\"><span style=\"font-size: 14pt;\"><strong>P. Hablemos sobre ese ideario.<\/strong><\/span><\/p>\n<p style=\"text-align: justify;\"><span style=\"font-size: 14pt;\">R. Hay tres grandes corrientes, de menor a mayor importancia: el antirracismo, el feminismo funcional y el generismo\u00a0<em>queer<\/em>. He ah\u00ed el n\u00facleo de la cancelaci\u00f3n.\u00a0<\/span><\/p>\n<p style=\"text-align: justify;\"><span style=\"font-size: 14pt;\"><strong>P. Dedica un cap\u00edtulo del libro a las empresas tecnol\u00f3gicas. \u00bfQu\u00e9 papel desempe\u00f1an en la cultura de la cancelaci\u00f3n?<\/strong><\/span><\/p>\n<p style=\"text-align: justify;\"><span style=\"font-size: 14pt;\">R. Lo que hacen, al final, es poner sus mecanismos al servicio de estas ideolog\u00edas que acabo de citar. Mecanismos que tal vez sean los m\u00e1s eficaces de la historia de la humanidad. Vivimos, aunque suene anticuado, en la sociedad de la informaci\u00f3n. Pr\u00e1cticamente todos nuestros actos est\u00e1n mediatizados y dejan un registro en un servidor. Incluso cuando uno sale a correr o a hacer deporte: el reloj inteligente no registra s\u00f3lo su recorrido, sino tambi\u00e9n sus par\u00e1metros biol\u00f3gicos.\u00a0<\/span><\/p>\n<p style=\"text-align: justify;\"><span style=\"font-size: 14pt;\"><strong>P.<\/strong><strong>Ese servidor del que habla es, a su vez, propiedad de una corporaci\u00f3n.\u00a0<\/strong><\/span><\/p>\n<p style=\"text-align: justify;\"><span style=\"font-size: 14pt;\">R. Y \u00e9sta puede utilizar tus datos para ejercer presi\u00f3n y cancelar.\u00a0<\/span><\/p>\n<p style=\"text-align: justify;\"><span style=\"font-size: 14pt;\"><strong>P. Se nos impone ahora una pregunta: \u00bfqu\u00e9 ganan las tecnol\u00f3gicas imponiendo la agenda \u2015antirracismo, feminismo, generismo\u00a0<\/strong><strong><em>queer\u2015\u00a0<\/em><\/strong><strong>y cancelando a quien no la sigue?<\/strong><\/span><\/p>\n<p style=\"text-align: justify;\"><span style=\"font-size: 14pt;\">R. Dir\u00eda, por expresarlo en t\u00e9rminos tecnol\u00f3gicos tambi\u00e9n, que obtienen m\u00e1s tr\u00e1fico; que, al obtener m\u00e1s tr\u00e1fico, obtienen m\u00e1s datos; y que, al obtener m\u00e1s datos, obtienen m\u00e1s capital. Los datos son el capital del siglo XXI. Ni el trabajo ni las finanzas; los datos. El fin \u00faltimo de los mecanismos de cancelaci\u00f3n es el lucro.\u00a0<\/span><\/p>\n<p style=\"text-align: justify;\"><span style=\"font-size: 14pt;\"><strong>P.<\/strong><strong>Esto merece una explicaci\u00f3n pormenorizada.\u00a0<\/strong><\/span><\/p>\n<p style=\"text-align: justify;\"><span style=\"font-size: 14pt;\">R. Cuando, en una red social, sea la que sea, t\u00fa s\u00f3lo ves informaci\u00f3n que coincide con lo que piensas o crees, no es por casualidad. La corporaci\u00f3n te conoce perfectamente: est\u00e1 al tanto de tus creencias y sabe que, provey\u00e9ndote de contenidos ajustados a ellas, vas a permanecer m\u00e1s tiempo en la red social de turno. M\u00e1s tiempo, m\u00e1s tr\u00e1fico, m\u00e1s datos, m\u00e1s dinero.<\/span><\/p>\n<p style=\"text-align: justify;\"><span style=\"font-size: 14pt;\"><strong>P.<\/strong><strong>Y en el sentido inverso.\u00a0<\/strong><\/span><\/p>\n<p style=\"text-align: justify;\"><span style=\"font-size: 14pt;\">R. \u00a1L\u00f3gicamente! Ellos tambi\u00e9n saben que, provey\u00e9ndote en un momento dado de un contenido opuesto a tus creencias, te indignar\u00e1n, te retendr\u00e1n m\u00e1s tiempo en la red social, comentar\u00e1s y, haci\u00e9ndolo, aumentar\u00e1s el alcance del mensaje en cuesti\u00f3n.\u00a0<\/span><\/p>\n<p style=\"text-align: justify;\"><span style=\"font-size: 14pt;\"><strong>P.<\/strong><strong>Entre tanta ideolog\u00eda y tanto inter\u00e9s econ\u00f3mico, \u00bfd\u00f3nde queda la verdad?<\/strong><\/span><\/p>\n<p style=\"text-align: justify;\"><span style=\"font-size: 14pt;\">R. He ah\u00ed una de las peculiaridades de nuestro tiempo, que ya no es estrictamente posmoderno. La posmodernidad sustitu\u00eda la noci\u00f3n de \u00abverdad\u00bb por un c\u00famulo de opiniones igualmente veraces y aceptables. Nuestro tiempo ha doblado la apuesta: ya no s\u00f3lo se cuestiona la existencia de la verdad o la capacidad de cada uno para aproximarse a ella, sino tambi\u00e9n la propia realidad, los propios acontecimientos.\u00a0<\/span><\/p>\n<p style=\"text-align: justify;\"><span style=\"font-size: 14pt;\"><strong>P. \u00bfEs decir?<\/strong><\/span><\/p>\n<p style=\"text-align: justify;\"><span style=\"font-size: 14pt;\">R. Ya no es que no pueda existir un juicio veraz sobre la realidad; es que la propia realidad no existe como tal. \u00bfConsecuencia? Cada uno puede crear los hechos, los acontecimientos, las realidades que le convengan. La realidad ya no se descubre; se construye.\u00a0<\/span><\/p>\n<p style=\"text-align: justify;\"><span style=\"font-size: 14pt;\"><strong>P. Esto nos remite a la ideolog\u00eda de g\u00e9nero.\u00a0<\/strong><\/span><\/p>\n<p style=\"text-align: justify;\"><span style=\"font-size: 14pt;\">R. Quiz\u00e1 sea el ejemplo m\u00e1s claro. Niega la dimensi\u00f3n biol\u00f3gica del sexo. Ya no s\u00f3lo se rechaza una verdad cient\u00edfica, que tambi\u00e9n, sino tambi\u00e9n un dato, una realidad.\u00a0<\/span><\/p>\n<p style=\"text-align: justify;\"><span style=\"font-size: 14pt;\"><strong>P.<\/strong><strong>Entre las soluciones que menciona, est\u00e1 la de superar la superstici\u00f3n ideol\u00f3gica para regresar a la ciencia.\u00a0<\/strong><\/span><\/p>\n<p style=\"text-align: justify;\"><span style=\"font-size: 14pt;\">R. Claro. La ciencia, que estudia hechos, frente a la posverdad, que los obvia. Hay que huir de la ideolog\u00eda, que no es s\u00f3lo la negaci\u00f3n de la verdad, sino tambi\u00e9n la destrucci\u00f3n de la realidad para crear una nueva (la que a m\u00ed me convenga en todo momento). La ciencia ser\u00eda, dig\u00e1moslo as\u00ed, la primera etapa de un retorno a los hechos, al \u00e1mbito de lo concreto.<\/span><\/p>\n<p style=\"text-align: justify;\"><span style=\"font-size: 14pt;\"><strong>P.<\/strong><strong>Otra de las soluciones es la de una genuina libertad de expresi\u00f3n, una que se fundamente, primero, en la libertad de pensamiento, segundo, en un agudo sentido cr\u00edtico y, tercero, en una b\u00fasqueda de la verdad.\u00a0<\/strong><\/span><\/p>\n<p style=\"text-align: justify;\"><span style=\"font-size: 14pt;\">R. As\u00ed es. La cultura de la cancelaci\u00f3n no s\u00f3lo ha alterado nuestra forma de expresarnos; tambi\u00e9n ha alterado nuestra forma de pensar. El lenguaje es, adem\u00e1s de la condici\u00f3n de la expresi\u00f3n, la condici\u00f3n del pensamiento. Si t\u00fa modificas el lenguaje, si modificas el nombre de las cosas, no s\u00f3lo cambias la forma com\u00fan de referirse a ellas, sino, sobre todo, aun indirectamente, la de pensarlas. Moldeas la mente de una determinada manera.\u00a0<\/span><\/p>\n<p style=\"text-align: justify;\"><span style=\"font-size: 14pt;\"><strong>P.<\/strong><strong>\u00bfC\u00f3mo asegurar la primac\u00eda de la verdad en un r\u00e9gimen de libertad de expresi\u00f3n? O, por preguntarlo de otra manera, \u00bfno es necesaria la intervenci\u00f3n pol\u00edtica, la censura, para fomentar la verdad y perseguir el error?<\/strong><\/span><\/p>\n<p style=\"text-align: justify;\"><span style=\"font-size: 14pt;\">R. Hay dos premisas que debemos considerar.\u00a0<\/span><\/p>\n<p style=\"text-align: justify;\"><span style=\"font-size: 14pt;\"><strong>P.<\/strong><strong>Vayamos con la primera.\u00a0<\/strong><\/span><\/p>\n<p style=\"text-align: justify;\"><span style=\"font-size: 14pt;\">R. Una cosa son las opiniones y otra, bien distinta, el conocimiento. Es la distinci\u00f3n cl\u00e1sica entre\u00a0<em>doxa\u00a0<\/em>y\u00a0<em>episteme<\/em>. Cuando uno da su opini\u00f3n, debe reconocer la legitimidad de que otros discrepen y defiendan opiniones distintas. En cambio, cuando uno se refiere a una verdad atestiguada por la ciencia y la filosof\u00eda, una verdad comprobada, hay poco que discutir. \u00c9sa es la primera fase: admitir que hay una serie de cuestiones que son opinables y otras que no lo son.\u00a0<\/span><\/p>\n<p style=\"text-align: justify;\"><span style=\"font-size: 14pt;\"><strong>P. \u00bfY la segunda?\u00a0<\/strong><\/span><\/p>\n<p style=\"text-align: justify;\"><span style=\"font-size: 14pt;\">R. El di\u00e1logo y la conversaci\u00f3n. Siguiendo a Plat\u00f3n, creo que es imposible alcanzar la verdad \u2015o aproximarse a ella\u2015 si uno no tiene la oportunidad de dialogar con los dem\u00e1s. La cultura de la cancelaci\u00f3n nos hurta esa posibilidad. Tal vez luego no haya entendimiento con la otra parte, pero el di\u00e1logo es una condici\u00f3n necesaria. No alcanzamos la verdad sino juntos.\u00a0\u00a0<\/span><\/p>\n<p>&nbsp;<\/p>\n<p><a href=\"https:\/\/www.amazon.es\/Cultura-cancelaci%C3%B3n-preguntes-pienses-Ciudadela\/dp\/8415436688?&amp;linkCode=sl1&amp;tag=vozpopuli-21&amp;linkId=68b1604d33bb6b89f85879f72b957e96&amp;language=es_ES&amp;ref_=as_li_ss_tl\" target=\"_blank\" rel=\"noopener\"><img loading=\"lazy\" decoding=\"async\" class=\"aligncenter wp-image-2272848 size-mh-magazine-content\" src=\"https:\/\/puntocritico.com\/ausajpuntocritico\/wp-content\/uploads\/2023\/04\/Cultura-de-la-Cancelacion-libro-678x381.webp\" alt=\"\" width=\"678\" height=\"381\" data-id=\"2272848\" srcset=\"https:\/\/puntocritico.com\/ausajpuntocritico\/wp-content\/uploads\/2023\/04\/Cultura-de-la-Cancelacion-libro-678x381.webp 678w, https:\/\/puntocritico.com\/ausajpuntocritico\/wp-content\/uploads\/2023\/04\/Cultura-de-la-Cancelacion-libro-300x169.webp 300w, https:\/\/puntocritico.com\/ausajpuntocritico\/wp-content\/uploads\/2023\/04\/Cultura-de-la-Cancelacion-libro-1024x576.webp 1024w, https:\/\/puntocritico.com\/ausajpuntocritico\/wp-content\/uploads\/2023\/04\/Cultura-de-la-Cancelacion-libro-768x432.webp 768w, https:\/\/puntocritico.com\/ausajpuntocritico\/wp-content\/uploads\/2023\/04\/Cultura-de-la-Cancelacion-libro-610x343.webp 610w, https:\/\/puntocritico.com\/ausajpuntocritico\/wp-content\/uploads\/2023\/04\/Cultura-de-la-Cancelacion-libro.webp 1202w\" sizes=\"auto, (max-width: 678px) 100vw, 678px\" \/><\/a><\/p>\n<p>&nbsp;<\/p>\n<p style=\"text-align: justify;\"><span style=\"font-size: 14pt;\"><strong>P.<\/strong><strong>Dice en el libro que, pese a todo, no podemos caer en el pesimismo. \u00bfQu\u00e9 signos esperanzadores ve usted en la realidad? \u00bfA qu\u00e9 clavo ardiendo podemos aferrarnos?<\/strong><\/span><\/p>\n<p style=\"text-align: justify;\"><span style=\"font-size: 14pt;\">R. No s\u00e9 si hay signos esperanzadores, pero s\u00ed que la suerte no est\u00e1 echada. \u00bfPor qu\u00e9? Porque todav\u00eda quedan reductos en los que nos podemos expresar con libertad y en verdad, porque todav\u00eda no estamos como en los peores momentos de la historia de la humanidad. Hay un ambiente de censura, cierto, pero todav\u00eda no hay una censura legal, sistem\u00e1tica, organizada. A los que piensan que estamos perdidos nosotros hemos de responderles que no, que qu\u00e9 va, que m\u00e1s bien estamos a tiempo.\u00a0<\/span><\/p>\n<p>&nbsp;<\/p>\n<p><img loading=\"lazy\" decoding=\"async\" class=\"aligncenter wp-image-2272860 size-mh-magazine-content\" src=\"https:\/\/puntocritico.com\/ausajpuntocritico\/wp-content\/uploads\/2023\/05\/Nazis-cancel-judes-678x381.jpg\" alt=\"\" width=\"678\" height=\"381\" data-id=\"2272860\" \/><\/p>\n<p style=\"text-align: center;\"><span style=\"font-size: 18pt;\"><strong><span style=\"color: #008000;\">*******<\/span><\/strong><\/span><\/p>\n<h2 style=\"text-align: center;\" align=\"center\"><span style=\"font-size: 24.0pt;\">BRUCE SPRINGSTEEN, DIEGO FUSARO Y LA INTOLERANCIA CULTURAL DE BARCELONA<\/span><\/h2>\n<p class=\"post-subtitle\" style=\"text-align: center;\"><strong><span style=\"font-size: 14pt;\">\u00bfEl rechazo a Espa\u00f1a es una realidad o una burbuja cultural independentista?<\/span><\/strong><\/p>\n<p style=\"text-align: justify;\"><span style=\"font-size: 14pt;\">Por <a href=\"https:\/\/www.vozpopuli.com\/opinion\/intolerancia-cultural-barcelona.html\" target=\"_blank\" rel=\"noopener\">V\u00edctor Lenore<\/a>, 04 MAYO 2023<\/span><\/p>\n<figure id=\"attachment_2273313\" aria-describedby=\"caption-attachment-2273313\" style=\"width: 678px\" class=\"wp-caption aligncenter\"><img loading=\"lazy\" decoding=\"async\" class=\"wp-image-2273313 size-mh-magazine-content\" src=\"https:\/\/puntocritico.com\/ausajpuntocritico\/wp-content\/uploads\/2023\/05\/barack-obama-bruce-springsteen-michelle-678x381.webp\" alt=\"\" width=\"678\" height=\"381\" data-id=\"2273313\" srcset=\"https:\/\/puntocritico.com\/ausajpuntocritico\/wp-content\/uploads\/2023\/05\/barack-obama-bruce-springsteen-michelle-678x381.webp 678w, https:\/\/puntocritico.com\/ausajpuntocritico\/wp-content\/uploads\/2023\/05\/barack-obama-bruce-springsteen-michelle-300x169.webp 300w, https:\/\/puntocritico.com\/ausajpuntocritico\/wp-content\/uploads\/2023\/05\/barack-obama-bruce-springsteen-michelle-1024x576.webp 1024w, https:\/\/puntocritico.com\/ausajpuntocritico\/wp-content\/uploads\/2023\/05\/barack-obama-bruce-springsteen-michelle-768x432.webp 768w, https:\/\/puntocritico.com\/ausajpuntocritico\/wp-content\/uploads\/2023\/05\/barack-obama-bruce-springsteen-michelle-610x343.webp 610w, https:\/\/puntocritico.com\/ausajpuntocritico\/wp-content\/uploads\/2023\/05\/barack-obama-bruce-springsteen-michelle.webp 1200w\" sizes=\"auto, (max-width: 678px) 100vw, 678px\" \/><figcaption id=\"caption-attachment-2273313\" class=\"wp-caption-text\"><span style=\"color: #008000;\">Bruce Springsteen junto a Barack y Michelle Obama EFE<\/span><\/figcaption><\/figure>\n<p>&nbsp;<\/p>\n<p style=\"text-align: justify;\"><span style=\"font-size: 14pt;\">El fin de semana largo ha dejado tres noticias preocupantes sobre el clima cultural en la capital de Catalu\u00f1a. La de mayor alcance tiene que ver con los triunfales\u00a0<em>shows<\/em>\u00a0de <strong>Bruce Springsteen<\/strong>, todo un acontecimiento para los amantes del rock, que asistieron desde todos los puntos de nuestro pa\u00eds.\u00a0<strong>La pol\u00e9mica radica en que, al realizar los saludos, el rockero de Nueva Jersey se dirigi\u00f3 a Catalu\u00f1a y a Barcelona, pero no mencion\u00f3 a Espa\u00f1a<\/strong>\u00a0(adem\u00e1s de pronunciar una frases en catal\u00e1n,\u00a0<a href=\"https:\/\/www.lavanguardia.com\/cultura\/musica\/20230502\/8935913\/chuleta-bruce-springsteen-concierto-barcelona-catalan.html\" target=\"_blank\" rel=\"nofollow noopener\" data-schema-attribute=\"\">chuleta mediante<\/a>). Muchos independentistas lo tomaron como\u00a0<a href=\"https:\/\/www.lavanguardia.com\/cultura\/musica\/20230502\/8935913\/chuleta-bruce-springsteen-concierto-barcelona-catalan.html\" target=\"_blank\" rel=\"nofollow noopener\" data-schema-attribute=\"\">un triunfo publicitario<\/a>, mientras que un par de medios masivos &#8211;<em>TVE<\/em>\u00a0y\u00a0<em>La Vanguardia<\/em>&#8211; informaron equivocadamente de que hab\u00eda dicho \u201c<em>Hola<\/em> <em>Espa\u00f1a<\/em>\u201d (<em>esta \u00faltima cabecera public\u00f3 una\u00a0<a href=\"https:\/\/twitter.com\/LaVanguardia\/status\/1653080534388469761?t=4xWDLrKp8X4vllmpIOBLrQ&amp;s=19\" target=\"_blank\" rel=\"nofollow noopener\" data-schema-attribute=\"\">fe de erratas<\/a><\/em>). Que estemos debatiendo sobre este detalle idiom\u00e1tico -que ser\u00eda anecd\u00f3tico en cualquier otro pa\u00eds- ya es un triunfo independentista, pero merece la pena analizar los mecanismos censores que intervienen en situaciones como esta.\u00a0<\/span><\/p>\n<p style=\"text-align: justify;\"><span style=\"font-size: 14pt;\">\u00bfC\u00f3mo sabemos que lo de <strong>Springsteen<\/strong> no fue un simple\u00a0<em>lapsus<\/em>? Porque conocemos el circuito musical catal\u00e1n, donde este mismo fin de semana se ha desatado un debate relacionado: la emblem\u00e1tica sala de conciertos Razzmatazz hab\u00eda pegado a un bafle un cartel en ingl\u00e9s para que dos grupos extranjeros que actuaban esa noche -O.R.K. y Lizzard- tuvieran en cuenta:\u00a0<strong>\u201c<em>Debido a la situaci\u00f3n pol\u00edtica actual, por favor eviten el t\u00e9rmino \u2018Espa\u00f1a\u2019\u00a0 en el escenario y opten por \u2018Barcelona\u2019 y \u2018Catalu\u00f1a\u2019<\/em>\u201d<\/strong>, rezaba el mensaje. \u00bfAlguien hizo a <strong>Springsteen<\/strong> una indicaci\u00f3n similar? \u00bfPor qu\u00e9 ha de pesar m\u00e1s la sensibilidad de unos miles de &#8216;indepes&#8217; que la de los unionistas que acuden al estadio? \u00bfPor qu\u00e9 importa lo que diga desde el escenario una estrella gringa?<\/span><\/p>\n<p>&nbsp;<\/p>\n<p><a href=\"https:\/\/twitter.com\/mrjesusfigueroa\/status\/1653004781814792192?ref_src=twsrc%5Etfw%7Ctwcamp%5Etweetembed%7Ctwterm%5E1653004781814792192%7Ctwgr%5Ee1efce89da0bf6ac70c73bd1ca2fad208734fb47%7Ctwcon%5Es1_&amp;ref_url=https%3A%2F%2Fwww.vozpopuli.com%2Fopinion%2Fintolerancia-cultural-barcelona.html\" target=\"_blank\" rel=\"noopener\"><img loading=\"lazy\" decoding=\"async\" class=\"aligncenter wp-image-2273314\" src=\"https:\/\/puntocritico.com\/ausajpuntocritico\/wp-content\/uploads\/2023\/05\/Figueroa-tuit-205x300.jpg\" alt=\"\" width=\"360\" height=\"527\" data-id=\"2273314\" srcset=\"https:\/\/puntocritico.com\/ausajpuntocritico\/wp-content\/uploads\/2023\/05\/Figueroa-tuit-205x300.jpg 205w, https:\/\/puntocritico.com\/ausajpuntocritico\/wp-content\/uploads\/2023\/05\/Figueroa-tuit.jpg 557w\" sizes=\"auto, (max-width: 360px) 100vw, 360px\" \/><\/a><\/p>\n<p>&nbsp;<\/p>\n<p style=\"text-align: justify;\"><span style=\"font-size: 14pt;\">M\u00e1s importante que todo esto es el creciente clima de intolerancia que se ha convertido en marca de la casa de Barcelona. Lo hemos confirmado, por en\u00e9sima vez, por las informaciones que llegaban ayer desde\u00a0<a href=\"https:\/\/literalbcn.com\/\" target=\"_blank\" rel=\"nofollow noopener\" data-schema-attribute=\"\">Literal<\/a>, la feria del libro pol\u00edtico de Barcelona, parcialmente financiada con fondos del ayuntamiento que dirige Ada Colau. Por marciano que parezca,<strong>\u00a0los organizadores tomaron la decisi\u00f3n de excluir a la editorial marxista cl\u00e1sica\u00a0<em>El Viejo Topo<\/em><\/strong>, casa de autores tan poco sospechosos de derechismo como Bakunin, Boaventura de Sousa Santos, I\u00f1igo Errej\u00f3n, Federico Engels, Antonio Gramsci, Francisco Fern\u00e1ndez Buey y Lula Da Silva, entre otros.\u00a0<\/span><\/p>\n<div id=\"content-intext-2\">\u00a0<\/div>\n<h3 style=\"text-align: center;\"><span style=\"font-size: 18pt;\">Intolerancia orgullosa<\/span><\/h3>\n<p style=\"text-align: justify;\"><span style=\"font-size: 14pt;\">\u00bfMotivo de la expulsi\u00f3n? \u201c<em>Los organizadores arguyen que no comparten determinadas l\u00edneas ideol\u00f3gicas contempladas en el cat\u00e1logo editorial. As\u00ed de claro.\u00a0<strong>Censura, como en los viejos tiempos del franquismo<\/strong>. Los organizadores se declaran firmes antifascistas, y les parece que\u00a0El Viejo Topo\u00a0no cumple con los requisitos necesarios para ser declarado antifascista<\/em>\u201d,\u00a0<a href=\"https:\/\/www.elviejotopo.com\/topoexpress\/los-nuevos-inquisidores\/\" target=\"_blank\" rel=\"nofollow noopener\">explica la nota de la revista<\/a>. Frase clave: \u201c<em><strong>Los organizadores no comparten determinadas l\u00edneas ideol\u00f3gicas contempladas en el cat\u00e1logo editorial<\/strong><\/em>\u201d. \u00bfQu\u00e9 feria del libro pol\u00edtico ser\u00eda esa en que los promotores compartieran todos y cada uno de los enfoques de los textos presentados? Seguramente la convenci\u00f3n anual de una secta.\u00a0<\/span><\/p>\n<p>&nbsp;<\/p>\n<blockquote>\n<p style=\"text-align: center;\"><span style=\"color: #008000;\"><strong><span style=\"font-size: 14pt;\">Comparar el esplendor cultural de la Barcelona de los a\u00f1os setenta y ochenta con su actual decadencia entristece a cualquiera<\/span><\/strong><\/span><\/p>\n<\/blockquote>\n<p>&nbsp;<\/p>\n<p style=\"text-align: justify;\"><span style=\"font-size: 14pt;\">M\u00e1s madera: \u201c<em>Ahora toca el redoble de tambor, el rostro al viento, la denuncia de cualquier cosa que no se alinee con su forma de ver el mundo. Toca cerrar filas ante la amenaza del fascismo, que al parecer de forma inminente va a ocupar las instituciones.\u00a0<\/em><strong><em>Eso excluye el debate, el intercambio de ideas<\/em>\u00ab, lamenta la publicaci\u00f3n dirigida por Miguel Riera<\/strong>. El \u00fanico autor invocado para justificar la prohibici\u00f3n, durante una conversaci\u00f3n telef\u00f3nica, fue el marxista y soberanista italiano <strong>Diego Fusaro<\/strong>, que ha compartido espacios de debate con izquierdistas de habla hispana tan relevantes como \u00c1lvaro Garc\u00eda Linera, Manolo Monereo y Carlos Fern\u00e1ndez Liria.\u00a0Por cierto, que ya es tradici\u00f3n que firmas progresistas como Enric Juliana, Pedro Vall\u00edn y Steven Forti orquesten campa\u00f1as contra las presentaciones del italiano en la ciudad.<\/span><\/p>\n<p style=\"text-align: justify;\"><span style=\"font-size: 14pt;\">No estamos ante un hecho aislado: hace dos temporadas, Ediciones El Salm\u00f3n tambi\u00e9n fue censurada en Literal por el libro\u00a0<em>Covid-19: la respuesta autoritaria y la estrategia del miedo<\/em>. El debate organizado en torno al libro fue suspendido, a pesar de que\u00a0<strong>los organizadores reconocieron no haber le\u00eddo el libro y guiarse por fragmentos que les hab\u00edan remitido.<\/strong>\u00a0Se negaron a discutir la decisi\u00f3n con el autor, a quien prohibieron su debate cuando ya se hab\u00eda desplazado a Barcelona. Cada uno puede sacar sus propias conclusiones, pero comparar el esplendor cultural de la Barcelona de los a\u00f1os setenta y ochenta con su actual decadencia entristece a cualquiera.\u00a0<\/span><\/p>\n<p>&nbsp;<\/p>\n<p><iframe loading=\"lazy\" title=\"Conversacio\u0301n con Diego Fusaro, Auditorio Museo Picasso Ma\u0301laga | MaF 2023\" width=\"500\" height=\"281\" src=\"https:\/\/www.youtube.com\/embed\/nfomQBk1mYU?start=1&#038;feature=oembed\" frameborder=\"0\" allow=\"accelerometer; autoplay; clipboard-write; encrypted-media; gyroscope; picture-in-picture; web-share\" referrerpolicy=\"strict-origin-when-cross-origin\" allowfullscreen><\/iframe><\/p>\n<p>&nbsp;<\/p>\n<p style=\"text-align: center;\"><span style=\"font-size: 18pt;\"><strong><span style=\"color: #008000;\">*******<\/span><\/strong><\/span><\/p>\n<p style=\"text-align: justify;\"><span style=\"color: #008000; font-size: 14pt;\">CENSURA Y CANCELACI\u00d3N<\/span><\/p>\n<div class=\"elementor-element elementor-element-5bef02f elementor-widget elementor-widget-theme-post-title elementor-page-title elementor-widget-heading\" data-id=\"5bef02f\" data-element_type=\"widget\" data-widget_type=\"theme-post-title.default\">\n<div class=\"elementor-widget-container\">\n<h2 style=\"text-align: center;\" align=\"center\"><span style=\"font-size: 24.0pt;\">TUCKER CARLSON EN EL ORIENT EXPRESS (O POR QU\u00c9 LO DESPIDIERON, REALMENTE)<\/span><\/h2>\n<\/div>\n<\/div>\n<section class=\"elementor-section elementor-inner-section elementor-element elementor-element-31aea5c elementor-section-content-middle elementor-section-boxed elementor-section-height-default elementor-section-height-default\" data-id=\"31aea5c\" data-element_type=\"section\">\n<div class=\"elementor-container elementor-column-gap-default\">\n<div class=\"elementor-column elementor-col-50 elementor-inner-column elementor-element elementor-element-12c3ffa\" data-id=\"12c3ffa\" data-element_type=\"column\">\n<div class=\"elementor-widget-wrap elementor-element-populated\">\n<div class=\"elementor-element elementor-element-61dd087 elementor-widget elementor-widget-shortcode\" data-id=\"61dd087\" data-element_type=\"widget\" data-widget_type=\"shortcode.default\">\n<div class=\"elementor-widget-container\">\n<div class=\"elementor-shortcode\">\n<div class=\"elementor-heading-title elementor-size-default\" style=\"text-align: justify;\"><span style=\"font-size: 14pt;\">Por Javier Bilbao<\/span><\/div>\n<\/div>\n<\/div>\n<\/div>\n<div class=\"elementor-element elementor-element-8a204c9 elementor-align-left elementor-widget elementor-widget-post-info\" data-id=\"8a204c9\" data-element_type=\"widget\" data-widget_type=\"post-info.default\">\n<div class=\"elementor-widget-container\">\n<p style=\"text-align: justify;\"><span class=\"elementor-icon-list-text elementor-post-info__item elementor-post-info__item--type-date\" style=\"font-size: 14pt;\"><a href=\"https:\/\/gaceta.es\/ideas\/tucker-carlson-en-el-orient-express-o-por-que-lo-despidieron-realmente-20230430-0555\/?scroll-event=true\" target=\"_blank\" rel=\"noopener\">Gaceta<\/a>, 30 ABRIL 2023<\/span><\/p>\n<\/div>\n<\/div>\n<\/div>\n<\/div>\n<\/div>\n<\/section>\n<p><img loading=\"lazy\" decoding=\"async\" class=\"aligncenter wp-image-2272846 size-mh-magazine-content\" src=\"https:\/\/puntocritico.com\/ausajpuntocritico\/wp-content\/uploads\/2023\/04\/Screenshot-2023-04-25-at-22-34-28-The-Truth-About-Tucker-Carlson.jpg-678x381.webp\" alt=\"\" width=\"678\" height=\"381\" data-id=\"2272846\" srcset=\"https:\/\/puntocritico.com\/ausajpuntocritico\/wp-content\/uploads\/2023\/04\/Screenshot-2023-04-25-at-22-34-28-The-Truth-About-Tucker-Carlson.jpg-678x381.webp 678w, https:\/\/puntocritico.com\/ausajpuntocritico\/wp-content\/uploads\/2023\/04\/Screenshot-2023-04-25-at-22-34-28-The-Truth-About-Tucker-Carlson.jpg-300x169.webp 300w, https:\/\/puntocritico.com\/ausajpuntocritico\/wp-content\/uploads\/2023\/04\/Screenshot-2023-04-25-at-22-34-28-The-Truth-About-Tucker-Carlson.jpg-1024x576.webp 1024w, https:\/\/puntocritico.com\/ausajpuntocritico\/wp-content\/uploads\/2023\/04\/Screenshot-2023-04-25-at-22-34-28-The-Truth-About-Tucker-Carlson.jpg-768x432.webp 768w, https:\/\/puntocritico.com\/ausajpuntocritico\/wp-content\/uploads\/2023\/04\/Screenshot-2023-04-25-at-22-34-28-The-Truth-About-Tucker-Carlson.jpg-610x343.webp 610w, https:\/\/puntocritico.com\/ausajpuntocritico\/wp-content\/uploads\/2023\/04\/Screenshot-2023-04-25-at-22-34-28-The-Truth-About-Tucker-Carlson.jpg.webp 1200w\" sizes=\"auto, (max-width: 678px) 100vw, 678px\" \/><\/p>\n<p>&nbsp;<\/p>\n<div class=\"elementor-element elementor-element-7193014 contenido-single-general elementor-widget elementor-widget-theme-post-content\" data-id=\"7193014\" data-element_type=\"widget\" data-widget_type=\"theme-post-content.default\">\n<div class=\"elementor-widget-container\">\n<p style=\"text-align: justify;\"><span style=\"font-size: 14pt;\">La historia les resultar\u00e1 familiar a muchos y como ya hace casi un siglo desde que\u00a0<strong>Agatha Christie<\/strong>\u00a0la public\u00f3, perm\u00edtanme incluir el desenlace. El tren en el que viajaba H\u00e9rcules Poirot desde Estambul a Par\u00eds se convierte en escenario de un crimen del que el protagonista, tras una meticulosa investigaci\u00f3n, termina descubriendo que cada uno de los pasajeros ten\u00edan un poderoso motivo para cometerlo\u2026 Aunque finalmente decide contar a la Polic\u00eda que fue un desconocido que logr\u00f3 colarse en mitad del trayecto, apu\u00f1al\u00f3 a la v\u00edctima a saber por qu\u00e9 y luego desapareci\u00f3. Era mentira, pero m\u00e1s f\u00e1cil de explicar que una verdad escandalosa que implicaba a tantos y, adem\u00e1s, \u00a1la v\u00edctima se lo merec\u00eda!\u00a0<em>Ea<\/em>, caso cerrado y a otra cosa.\u00a0<\/span><\/p>\n<p style=\"text-align: justify;\"><span style=\"font-size: 14pt;\">Algo parecido hemos podido contemplar con cierto asombro esta semana en los medios espa\u00f1oles y su manera de explicarnos el\u00a0<strong>despido de Tucker Carlson por la cadena Fox<\/strong><strong>News<\/strong>. Uno cre\u00eda conocer desde hace a\u00f1os al personaje y resulta que no. Ha tenido que llegar la mente-colmena medi\u00e1tica con su provisi\u00f3n de \u00ab<em>ultra<\/em>-\u00bb, \u00ab<em>extrema<\/em>-\u00bb y \u00ab<em>conspirativo<\/em>\u00bb (<em>as\u00ed se sit\u00faa a quien toque fuera de los l\u00edmites de lo aceptable<\/em>) a contarnos que este \u00ab<em>faro de la ultraderecha<\/em>\u00bb y \u00ab<em>periodista mentiroso m\u00e1s famoso del mundo<\/em>\u00bb ha sido despedido por difundir\u00a0<em>fake news<\/em>\u00a0en relaci\u00f3n a las m\u00e1quinas de votaci\u00f3n de la empresa\u00a0<a href=\"https:\/\/puntocritico.com\/ausajpuntocritico\/2020\/11\/16\/elecciones-ee-uu-2020-el-fraude-electoral-mas-grande-de-la-historia\/\"><em>Dominion<\/em><\/a>, que le costaron al canal televisivo una indemnizaci\u00f3n de 717 millones.\u00a0<strong>Esa es la explicaci\u00f3n oficial, mil veces martilleada en las mentes de todos aquellos que no conoc\u00edan siquiera qui\u00e9n era este tal Carlson. Adem\u00e1s, al fin y al cabo \u00bfpor qu\u00e9 deber\u00eda importarles si acaso no fue as\u00ed?\u00a0<\/strong>Eso es lo que me propongo desarrollar a continuaci\u00f3n: por los temas que abord\u00f3 esta estrella del periodismo (aunque historiador de formaci\u00f3n) s\u00ed nos convendr\u00eda sentirnos concernidos por qui\u00e9n era y qu\u00e9 dec\u00eda y no, ese asesino misterioso se\u00f1alado no ser\u00eda el culpable en un vag\u00f3n lleno de sospechosos.\u00a0<\/span><\/p>\n<p style=\"text-align: justify;\"><span style=\"font-size: 14pt;\">Para empezar cabe se\u00f1alar que ten\u00eda tres veces m\u00e1s audiencia que cualquier otro presentador de informativo y, curiosamente, m\u00e1s\u00a0<a href=\"https:\/\/www.thewrap.com\/tucker-carlson-liberal-viewership-fox-news\/\" target=\"_blank\" rel=\"noopener\" data-schema-attribute=\"\">seguidores dem\u00f3cratas registrados<\/a>\u00a0entre ella que la misma CNN. Si tan pr\u00f3ximo era al estadounidense com\u00fan y corriente \u2014\u00a1incluso al dem\u00f3crata!\u2014 entonces empieza a resultar un tanto extra\u00f1o el relato inicial de que era un extremista, marginal emboscado y ultra de una facci\u00f3n (aunque ya estemos bastante habituados a la criminalizaci\u00f3n de las mayor\u00edas y a que lo excepcional se considere norma).\u00a0<strong>Es su popularidad y no su supuesto extremismo lo que lo hac\u00eda inc\u00f3modo para el poder<\/strong>. Curiosamente un d\u00eda antes del anuncio de su despido se publicaba una\u00a0<a href=\"https:\/\/www.youtube.com\/watch?v=oM_0fDWpGeo\" target=\"_blank\" rel=\"noopener\" data-schema-attribute=\"\">entrevista<\/a>\u00a0a la congresista\u00a0<strong>Alexandria Ocasio-Cortez<\/strong>\u00a0en la que reclamaba una ley federal impidiera a Carlson expresarse \u00abporque incita a la violencia\u00bb. Por su parte, en otra entrevista de hace un par de meses el ex primer ministro ingl\u00e9s\u00a0<strong>Boris Johnson<\/strong>\u00a0se mostraba \u00ab<a href=\"https:\/\/www.youtube.com\/watch?v=yb7tT2DVwBY\" target=\"_blank\" rel=\"noopener\" data-schema-attribute=\"\">horrorizado<\/a>\u00bb por su influencia en los republicanos. Otro pol\u00edtico,\u00a0<strong>Robert Kennedy Jr.<\/strong>, (de qui\u00e9n la pasada semana publicamos este\u00a0<a href=\"https:\/\/gaceta.es\/ideas\/debemos-resistir-20230423-1011\/\" target=\"_blank\" rel=\"noopener\" data-schema-attribute=\"\">discurso traducido al espa\u00f1ol<\/a>) reaccionaba a la noticia del despido de Carlson atribuy\u00e9ndolo a la\u00a0<a href=\"https:\/\/twitter.com\/RobertKennedyJr\/status\/1650550341027475479\" target=\"_blank\" rel=\"noreferrer noopener\">influencia de las grandes farmac\u00e9uticas<\/a>\u00a0a las que ha criticado duramente en varias ocasiones en su programa. Seguimos.\u00a0<em>Wall Street Journal<\/em>, un medio propiedad de los mismos due\u00f1os que el canal, public\u00f3 un par de d\u00edas despu\u00e9s este\u00a0<a href=\"https:\/\/www.wsj.com\/articles\/tucker-carlsons-vulgar-offensive-messages-about-colleagues-helped-seal-his-fate-at-fox-news-e52b3cc5\" target=\"_blank\" rel=\"noopener\" data-schema-attribute=\"\">art\u00edculo<\/a>\u00a0difamatorio se\u00f1alando que la causa del despido ser\u00eda su supuesto racismo y sexismo \u2014los comodines habituales contra cualquier figura p\u00fablica a la que se quiera denigrar desde hace a\u00f1os\u2014 por lo visto expresado este \u00faltimo en comentarios privados que inclu\u00edan palabras malsonantes que aluden a los genitales. Respecto a los propietarios de la cadena\u00a0<em>Fox News<\/em>, tambi\u00e9n encontramos el dato curioso de que Carlson critic\u00f3 en ciertas ocasiones en su programa al fondo de inversi\u00f3n\u00a0<em>BlackRock<\/em>\u00a0y este pas\u00f3 en febrero a\u00a0<a href=\"https:\/\/www.nasdaq.com\/articles\/blackrock-increases-position-in-fox-corporation-foxa\" target=\"_blank\" rel=\"noopener\" data-schema-attribute=\"\">hacerse con el 15,1% de la compa\u00f1\u00eda<\/a>. Los comentaristas de la CNN, donde Carlson no goza de gran simpat\u00eda precisamente, sopesaban\u00a0<a href=\"https:\/\/www.youtube.com\/watch?v=y1xcCsg9utw\" target=\"_blank\" rel=\"noopener\" data-schema-attribute=\"\">aqu\u00ed<\/a>\u00a0el hecho de que el despido no tendr\u00eda una causa \u00fanica sino que fue la acumulaci\u00f3n de muchos factores a lo largo del tiempo.\u00a0 \u00a0<\/span><\/p>\n<\/div>\n<\/div>\n<p>&nbsp;<\/p>\n<p><img loading=\"lazy\" decoding=\"async\" class=\"aligncenter wp-image-2272862\" src=\"https:\/\/puntocritico.com\/ausajpuntocritico\/wp-content\/uploads\/2023\/05\/cancel-culture-concept-300x172.jpg\" alt=\"\" width=\"480\" height=\"275\" data-id=\"2272862\" srcset=\"https:\/\/puntocritico.com\/ausajpuntocritico\/wp-content\/uploads\/2023\/05\/cancel-culture-concept-300x172.jpg 300w, https:\/\/puntocritico.com\/ausajpuntocritico\/wp-content\/uploads\/2023\/05\/cancel-culture-concept-1024x586.jpg 1024w, https:\/\/puntocritico.com\/ausajpuntocritico\/wp-content\/uploads\/2023\/05\/cancel-culture-concept-768x439.jpg 768w, https:\/\/puntocritico.com\/ausajpuntocritico\/wp-content\/uploads\/2023\/05\/cancel-culture-concept-1536x878.jpg 1536w, https:\/\/puntocritico.com\/ausajpuntocritico\/wp-content\/uploads\/2023\/05\/cancel-culture-concept-2048x1171.jpg 2048w, https:\/\/puntocritico.com\/ausajpuntocritico\/wp-content\/uploads\/2023\/05\/cancel-culture-concept-610x349.jpg 610w, https:\/\/puntocritico.com\/ausajpuntocritico\/wp-content\/uploads\/2023\/05\/cancel-culture-concept-1320x755.jpg 1320w\" sizes=\"auto, (max-width: 480px) 100vw, 480px\" \/><\/p>\n<p>&nbsp;<\/p>\n<div class=\"elementor-element elementor-element-7193014 contenido-single-general elementor-widget elementor-widget-theme-post-content\" data-id=\"7193014\" data-element_type=\"widget\" data-widget_type=\"theme-post-content.default\">\n<div class=\"elementor-widget-container\">\n<p style=\"text-align: justify;\"><span style=\"font-size: 14pt;\">Un momento, \u00bfpero entonces d\u00f3nde queda aquello de <a href=\"https:\/\/puntocritico.com\/ausajpuntocritico\/2020\/11\/18\/canceling-the-people-elecciones-ee-uu-2020-algunas-pruebas-inexistentes\/\">Dominion<\/a> y la indemnizaci\u00f3n millonaria que nos hab\u00edan explicado los medios espa\u00f1oles? \u00bfEs que toda esta gente no se informa por la\u00a0<em>Cadena Ser<\/em>\u00a0o\u00a0<em>El Pa\u00eds<\/em>? Perm\u00edtanme un inciso antes. Durante a\u00f1os\u00a0<strong>Hillary Clinton<\/strong><strong>ha estado proclamando en toda\u00a0<\/strong><a href=\"https:\/\/www.youtube.com\/watch?v=XQesfLIycJw\" target=\"_blank\" rel=\"noopener\" data-schema-attribute=\"\"><strong>entrevista<\/strong><\/a><strong>y acto p\u00fablico donde fuera invitada que le hab\u00edan robado las elecciones y que Trump era un presidente ileg\u00edtimo<\/strong>, mientras que\u00a0<a href=\"https:\/\/www.youtube.com\/watch?v=OjnX4IUt_eo\" target=\"_blank\" rel=\"noopener\" data-schema-attribute=\"\">diversos pol\u00edticos dem\u00f3cratas<\/a>\u00a0han denunciado repetidamente que las m\u00e1quinas de votaci\u00f3n no eran fiables y pod\u00edan ser manipuladas. Todo ello por lo visto no escandalizaba a nadie hasta que medios y representantes de otro signo han osado seguir por esa l\u00ednea. Pero ya sabemos que la pol\u00edtica contempor\u00e1nea consiste en aplicar dos varas de medir haciendo creer a los votantes que es la misma para todos. Dicho esto, la cuesti\u00f3n respecto a este caso concreto que nos ata\u00f1e es que Carlson en relaci\u00f3n a las acusaciones contra Dominion mantuvo siempre un perfil bajo,\u00a0<a href=\"https:\/\/www.businessinsider.com\/tucker-carlson-told-sidney-powell-her-election-claims-cruel-reckless-2023-3?op=1\" target=\"_blank\" rel=\"noreferrer noopener\">exigiendo pruebas<\/a>\u00a0tanto en p\u00fablico como en privado a quienes sosten\u00edan tales acusaciones, mientras que otros presentadores de su cadena como\u00a0<strong>Sean Hannity<\/strong>\u00a0fueron mucho m\u00e1s atrevidos al respecto y, sin embargo, conservan su puesto. Tal como explica\u00a0<a href=\"https:\/\/www.youtube.com\/watch?v=vgFMV4RNx0Q\" target=\"_blank\" rel=\"noreferrer noopener\">aqu\u00ed<\/a>\u00a0quien fue compa\u00f1era suya y presentadora en el canal,\u00a0<strong>Megyn Kelly<\/strong>, si alguien dentro de\u00a0<em>Fox News<\/em>\u00a0no puede ser responsabilizado por el coste de esa indemnizaci\u00f3n es precisamente \u00e9l. Pero se hizo publica la semana pasada y el despido esta, as\u00ed que\u00a0<em>Post hoc ergo propter hoc<\/em>.\u00a0<\/span><\/p>\n<h3 class=\"wp-block-heading\" style=\"text-align: center;\"><span style=\"font-size: 18pt;\"><strong>\u00a0\u00bfA qui\u00e9n pudo molestar Carlson?<\/strong><\/span><\/h3>\n<p style=\"text-align: justify;\"><span style=\"font-size: 14pt;\">A la luz del aforismo de <a href=\"https:\/\/puntocritico.com\/ausajpuntocritico\/2023\/03\/21\/lleva-una-ventaja-lo-sabio-que-es-eterno-por-baltasar-gracian\/\">Graci\u00e1n<\/a> acerca de que tan dif\u00edcil como decir la verdad es ocultarla, vemos c\u00f3mo para evitar exponer las causas del despido se recurre a un argumento al que se le notan las costuras. \u00bfEntonces a qui\u00e9n pudo incomodar para que siendo una estrella medi\u00e1tica tan rentable para su canal se prescindiera de \u00e9l de manera tan abrupta? Quiero decir, aparte de pol\u00edticos, fondos de inversi\u00f3n y grandes farmac\u00e9uticas, como ya hemos visto. Hay que empezar se\u00f1alando como primer sospechoso a alguien al que nunca ha desaprovechado la ocasi\u00f3n de criticar:\u00a0<strong>George Soros<\/strong>. \u00ab\u00bfPor qu\u00e9 se permite a un billonario nacido en el extranjero cambiar los fundamentos de nuestro pa\u00eds?\u00bb, se pregunt\u00f3 el verano pasado durante un minucioso\u00a0<a href=\"https:\/\/www.foxnews.com\/opinion\/tucker-carlson-western-governments-rarely-fight-george-soros-interferes\" target=\"_blank\" rel=\"noreferrer noopener\">repaso<\/a>\u00a0de 12 minutos a la trayectoria de este magnate. No fue la \u00fanica ocasi\u00f3n en la que ha tratado de indagar el alcance sus tent\u00e1culos en el \u00e1mbito cultural, medi\u00e1tico y pol\u00edtico.\u00a0<a href=\"https:\/\/www.youtube.com\/watch?v=1vnf6nwtYYI\" target=\"_blank\" rel=\"noreferrer noopener\">Aqu\u00ed<\/a>\u00a0encontramos otro monogr\u00e1fico que le dedic\u00f3 tambi\u00e9n el pasado a\u00f1o y hasta lleg\u00f3 a realizar un documental sobre la manera en que Hungr\u00eda ha contrarrestado su influencia, como puede verse a continuaci\u00f3n:\u00a0\u00a0<\/span><\/p>\n<\/div>\n<\/div>\n<p>&nbsp;<\/p>\n<p><iframe loading=\"lazy\" title=\"Hungary vs George Soros\" width=\"500\" height=\"281\" src=\"https:\/\/www.youtube.com\/embed\/LH4F4U5r2lo?start=22&#038;feature=oembed\" frameborder=\"0\" allow=\"accelerometer; autoplay; clipboard-write; encrypted-media; gyroscope; picture-in-picture; web-share\" referrerpolicy=\"strict-origin-when-cross-origin\" allowfullscreen><\/iframe><\/p>\n<p>&nbsp;<\/p>\n<div class=\"elementor-element elementor-element-7193014 contenido-single-general elementor-widget elementor-widget-theme-post-content\" data-id=\"7193014\" data-element_type=\"widget\" data-widget_type=\"theme-post-content.default\">\n<div class=\"elementor-widget-container\">\n<p style=\"text-align: justify;\"><span style=\"font-size: 14pt;\">Su lista de enemigos no acaba ah\u00ed, naturalmente. Tras licenciarse en la universidad, Carlson vivi\u00f3 un tiempo sin saber hacia d\u00f3nde dirigirse profesionalmente, por aquel entonces incluso lleg\u00f3 a postularse sin \u00e9xito como candidato para trabajar en la CIA. Qui\u00e9n le iba a decir que d\u00e9cadas despu\u00e9s ser\u00eda una de las figuras medi\u00e1ticas m\u00e1s cr\u00edticas con esta instituci\u00f3n\u2026 Una reciente desclasificaci\u00f3n de documentos le llev\u00f3 en\u00a0<a href=\"https:\/\/www.youtube.com\/watch?v=pCFr6aR61f8\" target=\"_blank\" rel=\"noreferrer noopener\">este programa<\/a>\u00a0a tirar del hilo de la implicaci\u00f3n de dicha agencia de espionaje en el\u00a0<strong>asesinato de Kennedy<\/strong>, aunque tambi\u00e9n la ha vinculado con hechos mucho m\u00e1s recientes como las revoluciones de colores y primaveras \u00e1rabes, as\u00ed como la\u00a0<a href=\"https:\/\/www.foxnews.com\/video\/6312943036112\" target=\"_blank\" rel=\"noreferrer noopener\">voladura del Nordstream<\/a>. Las pr\u00e1cticas del FBI tampoco se libran de su escrutinio y ha denunciado c\u00f3mo\u00a0<a href=\"https:\/\/www.youtube.com\/watch?v=FSkbKKtBF5s\" target=\"_blank\" rel=\"noreferrer noopener\">persigue a sectores del catolicismo<\/a>, as\u00ed como el\u00a0<a href=\"https:\/\/www.youtube.com\/watch?v=92cIael-Jck\" target=\"_blank\" rel=\"noreferrer noopener\">control que ha ejercido sobre Twitter<\/a>, el\u00a0<a href=\"https:\/\/www.youtube.com\/watch?t=2457&amp;v=SKEWD4-nwyA&amp;feature=youtu.be\" target=\"_blank\" rel=\"noreferrer noopener\">espionaje<\/a>\u00a0al que someten a los propios congresistas del pa\u00eds al que sirven y, finalmente, ha solicitado insistentemente el indulto a\u00a0<strong>Julian Assange<\/strong>, la\u00a0<a href=\"https:\/\/www.youtube.com\/watch?v=SKEWD4-nwyA&amp;t=1s\" target=\"_blank\" rel=\"noopener\">\u00faltima vez<\/a>\u00a0hace un mes.\u00a0Cabe puntualizar que el inter\u00e9s por las agencias de inteligencia parece ser mutuo, dado que en este\u00a0<a href=\"https:\/\/www.youtube.com\/watch?v=mXGZczfbNrY\" target=\"_blank\" rel=\"noreferrer noopener\">programa<\/a>\u00a0denunci\u00f3 estar siendo espiado por la NSA (National Security Agency). Alguien de dentro se puso en contacto con \u00e9l y le dijo que estaban espiando su correo, proporcion\u00e1ndole como prueba ejemplos que solo el propio Tucker conoc\u00eda.<\/span><\/p>\n<\/div>\n<\/div>\n<p>&nbsp;<\/p>\n<blockquote>\n<p style=\"text-align: center;\"><strong><span style=\"font-size: 14pt; color: #008000;\">en clave de pol\u00edtica interna, considera ese estado de guerra permanente una grave amenaza para la democracia pues exige conformidad de la poblaci\u00f3n y tilda de traici\u00f3n cualquier opini\u00f3n discrepante.<\/span><\/strong><\/p>\n<\/blockquote>\n<p>&nbsp;<\/p>\n<div class=\"elementor-element elementor-element-7193014 contenido-single-general elementor-widget elementor-widget-theme-post-content\" data-id=\"7193014\" data-element_type=\"widget\" data-widget_type=\"theme-post-content.default\">\n<div class=\"elementor-widget-container\">\n<p style=\"text-align: justify;\"><span style=\"font-size: 14pt;\">En estrecha relaci\u00f3n con lo anterior, Tucker Carlson tambi\u00e9n se ha distinguido por su reiterada oposici\u00f3n al complejo militar-industrial, retomando la expresi\u00f3n que hizo c\u00e9lebre\u00a0<strong>Eisenhower<\/strong>\u00a0en su\u00a0<a href=\"https:\/\/www.youtube.com\/watch?v=SKEWD4-nwyA&amp;t=1s\" target=\"_blank\" rel=\"noreferrer noopener\">discurso de despedida<\/a>\u00a0o\u00a0<em>D.C. War Machine\u00a0<\/em>como \u00e9l la llama en otras ocasiones. Tal como ha explicado en diversas entrevistas es una espina clavada en su conciencia el haber apoyado la guerra de Iraq en 2003 \u2014el hecho del que m\u00e1s se arrepiente de su carrera\u2014 y desde entonces denuncia incansablemente el intervencionismo militar estadounidense en el mundo, ya se trate de Siria, Ir\u00e1n, Libia, Taiw\u00e1n, Afganist\u00e1n o Ucrania. De \u00e9l condena el terrible coste humano que supone, as\u00ed como el coste econ\u00f3mico para los bolsillos estadounidenses de tal pol\u00edtica exterior, la amenaza de una escalada que desemboque en una guerra nuclear y tambi\u00e9n lo absurda que resulta la pretensi\u00f3n de imponer las neurosis culturales estadounidenses a todo el planeta, como en esta\u00a0<a href=\"https:\/\/www.youtube.com\/watch?v=FXtwuO-ZUR0\" target=\"_blank\" rel=\"noreferrer noopener\">memorable intervenci\u00f3n<\/a>\u00a0en torno a la difusi\u00f3n de la ideolog\u00eda de g\u00e9nero en Afganist\u00e1n durante la ocupaci\u00f3n americana. Como efecto colateral de lo anterior, ya en clave de pol\u00edtica interna, considera ese estado de guerra permanente una grave amenaza para la democracia pues exige conformidad de la poblaci\u00f3n y tilda de traici\u00f3n cualquier opini\u00f3n discrepante.\u00a0\u00a0\u00a0<\/span><\/p>\n<p style=\"text-align: justify;\"><span style=\"font-size: 14pt;\">Otro objetivo frecuente de los dardos de nuestro protagonista ha sido el Foro Econ\u00f3mico Mundial y sus reuniones en Davos, al que\u00a0<a href=\"https:\/\/www.youtube.com\/shorts\/1Aqg3bAu9Fg\" target=\"_blank\" rel=\"noreferrer noopener\">reprocha destruir la econom\u00eda mundial<\/a>\u00a0mediante la imposici\u00f3n de una agenda clim\u00e1tica y ser una\u00a0<a href=\"https:\/\/www.youtube.com\/shorts\/4vG-sPaNAiA\" target=\"_blank\" rel=\"noreferrer noopener\">conjura<\/a>\u00a0de \u00e9lites decadentes contra el ciudadano corriente. En relaci\u00f3n con lo anterior, tambi\u00e9n\u00a0<a href=\"https:\/\/www.youtube.com\/watch?v=_DYQWx94ZBg\" target=\"_blank\" rel=\"noreferrer noopener\">se opone frontalmente a las monedas digitales<\/a>\u00a0y la supresi\u00f3n del dinero en efectivo por lo que tendr\u00edan de herramientas de control social.\u00a0<\/span><\/p>\n<p style=\"text-align: justify;\"><span style=\"font-size: 14pt;\">Por supuesto, a lo largo de este breve repaso no podemos dejar de lado una l\u00ednea editorial fundamental de Carlson en su informativo: la denuncia de las ideas progresistas o\u00a0<em>woke<\/em>\u00a0segregadas por los campus americanos, que terminan extendi\u00e9ndose en met\u00e1stasis a todos los \u00e1mbitos de la sociedad. Empezando por la\u00a0<em>Teor\u00eda Cr\u00edtica Racial<\/em>, doctrina que orbita en torno a la existencia de un racismo estructural y un privilegio del que acusar a toda persona de raza blanca (independientemente de sus ingresos o circunstancias vitales) que se ha convertido en materia de ense\u00f1anza en los colegios estadounidenses pese a la oposici\u00f3n de muchos padres, quienes han tenido en\u00a0<a href=\"https:\/\/www.youtube.com\/watch?v=WJjnpjJnb9E\" target=\"_blank\" rel=\"noreferrer noopener\">su programa<\/a>\u00a0un espacio para hacerse escuchar. La inmigraci\u00f3n es otro asunto recurrente en sus reflexiones, lo que ha generado en ocasiones una notable pol\u00e9mica que llev\u00f3 a algunas compa\u00f1\u00edas a declinar anunciarse en su programa, como contaba\u00a0<a href=\"https:\/\/www.youtube.com\/watch?v=q1gtUWO2N9k\" target=\"_blank\" rel=\"noreferrer noopener\">aqu\u00ed\u00a0<\/a>una emisora rival. <\/span><\/p>\n<\/div>\n<blockquote>\n<p style=\"text-align: center;\"><span style=\"color: #008000;\"><strong><span style=\"font-size: 14pt;\">abrir las fronteras a la inmigraci\u00f3n masiva supone socavar la democracia, dado que los gobernantes ya no tendr\u00edan que convencer y servir a sus ciudadanos sino que pueden importar otros nuevos\u00a0a los que mantendr\u00e1n como voto cautivo mediante subsidios<\/span><\/strong><\/span><\/p>\n<\/blockquote>\n<div class=\"elementor-widget-container\">\n<p>&nbsp;<\/p>\n<p style=\"text-align: justify;\"><span style=\"font-size: 14pt;\">Su tesis fundamental al respecto es que\u00a0<strong>abrir las fronteras a la inmigraci\u00f3n masiva supone socavar la democracia, dado que los gobernantes ya no tendr\u00edan que convencer y servir a sus ciudadanos sino que pueden importar otros nuevos<\/strong>\u00a0a los que mantendr\u00e1n como voto cautivo mediante subsidios. La p\u00e9rdida de su mayor\u00eda en Estados tradicionalmente republicanos sujetos a una fuerte presi\u00f3n migratoria parece avalar esta idea. Precisamente en relaci\u00f3n a los pa\u00edses hispanoamericanos de los que suelen provenir, Tucker como fiel heredero de la tradici\u00f3n anglosajona ha expresado en alguna ocasi\u00f3n\u00a0<a href=\"https:\/\/gaceta.es\/actualidad\/tucker-carlson-miente-espana-no-empobrecio-a-america-todo-lo-contrario-20210321-1730\/\" target=\"_blank\" rel=\"noreferrer noopener\">opiniones leyendanegristas anti-espa\u00f1olas<\/a>\u00a0demostrando as\u00ed que el mejor escriba tiene un borr\u00f3n.<\/span><\/p>\n<p style=\"text-align: justify;\"><span style=\"font-size: 14pt;\">Sobre el feminismo cabe resumir que no es partidario y hace apenas un mes\u00a0<a href=\"https:\/\/www.youtube.com\/watch?v=Od2xo18vrQU\" target=\"_blank\" rel=\"noreferrer noopener\">lo daba ya por muerto<\/a>\u00a0debido a haber incluido en su seno al movimiento transexual. Lo que nos lleva a un episodio particularmente perturbador en el que nuestro protagonista ejerci\u00f3 de Casandra. El pasado mes de marzo dedic\u00f3 un\u00a0<a href=\"https:\/\/www.youtube.com\/watch?v=uzfH9kXkors\" target=\"_blank\" rel=\"noreferrer noopener\">espacio<\/a>\u00a0al activismo trans en el que recogi\u00f3 ejemplos de c\u00f3mo est\u00e1 inmerso en <strong>una espiral de fanatismo y paranoia por el que cree leg\u00edtimo el uso de las armas para reivindicar los llamados \u00abderechos trans\u00bb<\/strong>. <\/span><\/p>\n<p style=\"text-align: justify;\"><span style=\"font-size: 14pt;\">Esta fue su conclusi\u00f3n: \u00ab<strong><em>Lo que estamos viendo aqu\u00ed es un estado de histeria pol\u00edtica, miedo alimentado a prop\u00f3sito con el fin de tener a gente en un estado de agitaci\u00f3n, a gente armada \u00bfC\u00f3mo cre\u00e9is que terminar\u00e1 eso?<\/em><\/strong>\u00bb. Tres d\u00edas despu\u00e9s en Tennessee \u2014un Estado que recientemente hab\u00eda legislado contra los espect\u00e1culos de drag queens en p\u00fablico y los tratamientos de cambio de sexo en menores\u2014 <strong>una terrorista transexual acudi\u00f3 a su antiguo colegio y asesin\u00f3 a tiros a seis personas<\/strong>. El manifiesto en el que reivindicaba el atentado a\u00fan no se ha hecho p\u00fablico por las autoridades.\u00a0<\/span><\/p>\n<p style=\"text-align: justify;\"><span style=\"font-size: 14pt;\">\u00bfQu\u00e9 conclusi\u00f3n cabe extraer de todo lo que hemos visto hasta ahora? Parece claro que estamos ante alguien que no ha tenido miedo a pisar charcos a la hora de intervenir en el debate p\u00fablico, que sosten\u00eda la \u2014a ojos espa\u00f1oles\u2014 extravagante creencia de que el periodismo no deb\u00eda estar al servicio del poder sino de los ciudadanos y que, en definitiva, enfad\u00f3 a muchas personas con influencia que han respirado aliviadas al ver que al menos de momento se lo han quitado de en medio. Como en el Orient Express, los pasajeros conjurados han dado cada uno una pu\u00f1alada y a\u00fan no sabemos cu\u00e1l fue exactamente la que lo mat\u00f3. En cualquier caso, los periodistas que lo tildaron con esos calificativos tan poco amables que ve\u00edamos al comienzo podr\u00e1n estar tranquilos sabiendo que a ellos esto nunca les va a pasar.\u00a0<\/span><\/p>\n<p style=\"text-align: justify;\"><span style=\"font-size: 14pt;\">No podemos concluir sin enlazar esta donde aporta\u00a0<strong>las claves de su carrera profesional: cierta suerte inicial que lo enfil\u00f3 en el buen camino y su profunda convicci\u00f3n moral, intelectual y religiosa en la libertad de expresi\u00f3n y de conciencia<\/strong>. Admira incondicionalmente a todos aquellos que en busca de la verdad son capaces de alzarse contra la corriente hegem\u00f3nica y disentir por inc\u00f3modo o incluso peligroso que eso pueda ser y \u00e9l, a su manera, ha tratado de hacer lo mismo. Ahora quedamos expectantes sobre cu\u00e1les ser\u00e1n sus futuros movimientos, hay quien lo ve dando el salto a la pol\u00edtica\u2026<\/span><\/p>\n<\/div>\n<\/div>\n<p>&nbsp;<\/p>\n<p><img loading=\"lazy\" decoding=\"async\" class=\"aligncenter wp-image-9151\" src=\"https:\/\/puntocritico.com\/ausajpuntocritico\/wp-content\/uploads\/2018\/02\/defensa-libertad-de-expresion-300x184.png\" alt=\"\" width=\"440\" height=\"270\" data-id=\"9151\" srcset=\"https:\/\/puntocritico.com\/ausajpuntocritico\/wp-content\/uploads\/2018\/02\/defensa-libertad-de-expresion-300x184.png 300w, https:\/\/puntocritico.com\/ausajpuntocritico\/wp-content\/uploads\/2018\/02\/defensa-libertad-de-expresion.png 661w\" sizes=\"auto, (max-width: 440px) 100vw, 440px\" \/><\/p>\n<p style=\"text-align: center;\"><span style=\"font-size: 18pt;\"><strong><span style=\"color: #008000;\">*******<\/span><\/strong><\/span><\/p>\n<p style=\"text-align: right;\"><span style=\"font-size: 14pt; color: #008000;\">Un an\u00e1lisis del papel de la propaganda en hechos como la crisis del Covid y la guerra en Ucrania<\/span><\/p>\n<h2 class=\"new_title\" style=\"text-align: center;\"><span style=\"font-size: 24pt;\">EL COVID19 Y RUSIA: DOS ARQUETIPOS DE CONTROL SOCIAL Y MEDI\u00c1TICO SIGLO XXI<\/span><\/h2>\n<p class=\"new_subtitle\" style=\"text-align: center;\"><strong><span style=\"font-size: 14pt;\">La propaganda, una estrategia persuasiva empleada por los Estados para difundir una ideolog\u00eda, ha sido objeto de estudio por parte del m\u00e9dico especialista en Salud P\u00fablica, Ariel Beresniak. Este autor, cuyas credenciales abarcan campos como la Medicina, Econom\u00eda y supervisi\u00f3n de investigaciones, analiza su influencia en hechos como la crisis del Covid y la guerra en Ucrania (&#8230;).<\/span><\/strong><\/p>\n<div class=\"BANNER_FIX\" style=\"text-align: justify;\"><span style=\"font-size: 14pt;\"><a href=\"https:\/\/canarias-semanal.org\/art\/34364\/el-covid19-y-rusia-dos-arquetipos-de-control-social-y-mediatico-siglo-xxi\" target=\"_blank\" rel=\"noopener\">Canarias Semanal<\/a>, 18 MAYO 2023<\/span><\/div>\n<div>\u00a0<\/div>\n<div class=\"new_text \"><img loading=\"lazy\" decoding=\"async\" class=\"aligncenter wp-image-1322853\" src=\"https:\/\/puntocritico.com\/ausajpuntocritico\/wp-content\/uploads\/2020\/11\/Populismo-1.jpeg\" alt=\"\" width=\"480\" height=\"253\" data-id=\"1322853\" srcset=\"https:\/\/puntocritico.com\/ausajpuntocritico\/wp-content\/uploads\/2020\/11\/Populismo-1.jpeg 381w, https:\/\/puntocritico.com\/ausajpuntocritico\/wp-content\/uploads\/2020\/11\/Populismo-1-300x158.jpeg 300w\" sizes=\"auto, (max-width: 480px) 100vw, 480px\" \/><\/div>\n<div>\u00a0<\/div>\n<div>\u00a0<\/div>\n<p style=\"text-align: justify;\"><span style=\"font-size: 14pt;\">La propaganda, una <strong>estrategia persuasiva<\/strong>\u00a0empleada por los Estados para\u00a0<strong>difundir una ideolog\u00eda,\u00a0<\/strong>ha sido objeto de estudio por parte del m\u00e9dico especialista en Salud P\u00fablica,<strong>\u00a0Ariel Beresniak.<\/strong>\u00a0Este autor, cuyas credenciales abarcan campos como la\u00a0<strong>Medicina, Econom\u00eda y supervisi\u00f3n de investigaciones,<\/strong>\u00a0analiza su influencia en hechos como la\u00a0<strong>crisis del Covid<\/strong>\u00a0y la\u00a0<strong>guerra en Ucrania.<\/strong><\/span><\/p>\n<h3 style=\"text-align: center;\"><span style=\"font-size: 18pt;\"><strong>La manipulaci\u00f3n de la propaganda y sus t\u00e9cnicas<\/strong><\/span><\/h3>\n<p style=\"text-align: justify;\"><span style=\"font-size: 14pt;\">La propaganda se vale de<strong>\u00a0t\u00e9cnicas probadas de lavado de cerebro<\/strong>\u00a0para adoctrinar a la poblaci\u00f3n. Utiliza\u00a0<strong>informaci\u00f3n parcial y sesgada<\/strong>, eliminando la\u00a0<strong>diversidad de puntos de vista<\/strong> y anulando cualquier intento de pensamiento cr\u00edtico.<\/span><\/p>\n<p style=\"text-align: justify;\">D<span style=\"font-size: 14pt;\">urante la gesti\u00f3n de\u00a0<strong>la pandemia de Covid,\u00a0<\/strong>se abusaron de manera desmedida\u00a0<strong>todas las t\u00e9cnicas propagand\u00edsticas.\u00a0<\/strong>El objetivo era\u00a0<strong>aturdir a la poblaci\u00f3n<\/strong>\u00a0y lograr que aceptara\u00a0<strong>sin cuestionamientos\u00a0<\/strong>nuevas medidas restrictivas que, sin el\u00a0<strong>adoctrinamiento psicol\u00f3gico previo<\/strong>, hubieran sido consideradas\u00a0<strong>inaceptables<\/strong>. En lugar de responsabilizar a la poblaci\u00f3n y de brindar tranquilidad, las\u00a0<strong>autoridades francesas<\/strong>\u00a0implementaron una\u00a0<strong>estrategia brutal de manipulaci\u00f3n\u00a0<\/strong>en tres fases:<\/span><\/p>\n<p style=\"text-align: center;\"><span style=\"font-size: 14pt;\"><strong><em>&#8211; fomento del miedo,<\/em><\/strong><\/span><\/p>\n<p style=\"text-align: center;\"><span style=\"font-size: 14pt;\"><strong><em>&#8211; encierro domiciliario<\/em><\/strong><\/span><\/p>\n<p style=\"text-align: center;\"><span style=\"font-size: 14pt;\"><strong><em>&#8211; y libertad condicional a cambio de vacunaci\u00f3n.<\/em><\/strong><\/span><\/p>\n<p>&nbsp;<\/p>\n<p style=\"text-align: justify;\"><span style=\"font-size: 14pt;\">Se cre\u00f3 un <strong>programa psicol\u00f3gico colectivo<\/strong>\u00a0que\u00a0<strong>satur\u00f3 los sentidos<\/strong>\u00a0con\u00a0<strong>consignas, discursos e im\u00e1genes dram\u00e1ticas\u00a0<\/strong>difundidas por los medios afines. Las\u00a0<strong>opiniones disidentes\u00a0<\/strong>fueron despreciadas y surgieron\u00a0<strong>nuevos agentes de desinformaci\u00f3n<\/strong>\u00a0que se hac\u00edan pasar por\u00a0<strong>verificadores de hechos.<\/strong>\u00a0Adem\u00e1s, se estableci\u00f3\u00a0<strong>un control activo\u00a0<\/strong>de la poblaci\u00f3n mediante\u00a0<strong>patrullas policiales terrestres, mar\u00edtimas y a\u00e9reas\u00a0<\/strong>para rastrear a\u00a0<strong>los infractores.<\/strong><\/span><\/p>\n<div id=\"bodynewadvertblock\" class=\"bodynew_advert_block\">\n<h3 id=\"slidebanner\" class=\"slidebanner \" style=\"text-align: center;\"><span style=\"font-size: 18pt;\"><strong>La propaganda como herramienta de reg\u00edmenes autoritarios<\/strong><\/span><\/h3>\n<\/div>\n<p style=\"text-align: justify;\"><span style=\"font-size: 14pt;\">La propaganda es utilizada por los reg\u00edmenes autoritarios <strong>para subyugar a la poblaci\u00f3n y evitar la disidencia.<\/strong>\u00a0La\u00a0<strong>saturaci\u00f3n de mentes\u00a0<\/strong>con un \u00fanico discurso impide que los individuos\u00a0<strong>perciban lo que les sucede<\/strong>. Esto facilita a los gobernantes\u00a0<strong>el monopolio gradual de todos los poderes,<\/strong>\u00a0a trav\u00e9s de<strong>\u00a0revisiones constitucionales que limitan el papel\u00a0<\/strong>de los mecanismos de control y equilibrio. En\u00a0<strong>Francia, la Quinta Rep\u00fablica<\/strong>\u00a0se ha transformado gradualmente en<strong>\u00a0un poder ejecutivo autoritario\u00a0<\/strong>respaldado por un legislativo y un judicial que sirven como meros acompa\u00f1antes.<\/span><\/p>\n<h3 style=\"text-align: center;\"><span style=\"font-size: 18pt;\"><strong>La gesti\u00f3n de la crisis del Covid y las advertencias ignoradas<\/strong><\/span><\/h3>\n<p style=\"text-align: justify;\"><span style=\"font-size: 14pt;\"><strong>Expertos en gesti\u00f3n de epidemias <\/strong>hab\u00edan advertido que\u00a0<strong>las restricciones impuestas a la poblaci\u00f3n francesa no tendr\u00edan un impacto positivo<\/strong>\u00a0en la pandemia e incluso podr\u00edan resultar perjudiciales, algo que ahora se ha confirmado mediante estudios cient\u00edficos internacionales. Sin embargo, las autoridades\u00a0<strong>parec\u00edan m\u00e1s interesadas en llevar a cabo un experimento de control total de la poblaci\u00f3n que en abordar efectivamente la situaci\u00f3n.<\/strong><\/span><\/p>\n<h3 style=\"text-align: center;\"><span style=\"font-size: 18pt;\"><strong>La utilizaci\u00f3n de la propaganda en la guerra de Ucrania<\/strong><\/span><\/h3>\n<p style=\"text-align: justify;\"><span style=\"font-size: 14pt;\"><strong>Tras haber disminuido el temor hacia el virus <\/strong>debido a las\u00a0<strong>sucesivas oleadas de la pandemia,\u00a0<\/strong>la\u00a0<strong>invasi\u00f3n de Ucrania\u00a0<\/strong>por parte de Rusia en febrero de 2022\u00a0<strong>fue un regalo para el Jefe de Estado franc\u00e9s.<\/strong>\u00a0Esta situaci\u00f3n<strong>\u00a0permiti\u00f3 capitalizar nuevos miedos y renovar el tema de su comunicaci\u00f3n.<\/strong>\u00a0Las herramientas propagand\u00edsticas desarrolladas durante\u00a0<strong>la crisis del Covid\u00a0<\/strong>se reciclaron para la<strong>\u00a0crisis en Ucrania<\/strong>. Un ejemplo evidente es la exhibici\u00f3n de la bandera ucraniana en la aplicaci\u00f3n del pase de vacunaci\u00f3n\u00a0<strong>\u00abTous anti-Covid\u00bb.<\/strong><\/span><\/p>\n<p style=\"text-align: justify;\"><span style=\"font-size: 14pt;\">Los canales de noticias que anteriormente <strong>se enfocaban en el Covid comenzaron a centrarse en la guerra en Ucrania de la noche a la ma\u00f1ana<\/strong>, ignorando otras tragedias como los\u00a0<strong>numerosos conflictos armados<\/strong>\u00a0en el mundo.\u00a0<strong>Se gener\u00f3 odio y discriminaci\u00f3n hacia los ciudadanos rusos,\u00a0<\/strong><em><strong>\u00abcancelando\u00bb<\/strong><\/em><strong>\u00a0a artistas<\/strong>,<strong>\u00a0bloqueando cuentas bancarias con nombres rusos,<\/strong>\u00a0<strong>suspendiendo vuelos directos con Rusia\u00a0<\/strong>y\u00a0<strong>boicoteando a deportistas rusos.<\/strong><\/span><\/p>\n<p style=\"text-align: justify;\"><span style=\"font-size: 14pt;\">Adem\u00e1s, se suprimieron <strong>las compras de productos petrol\u00edferos y de gas rusos,<\/strong>\u00a0lo que desencaden\u00f3\u00a0<strong>la peor crisis energ\u00e9tica desde la primera crisis del petr\u00f3leo en 1973.\u00a0<\/strong>Incluso\u00a0<strong>los gatos de raza siberiana fueron <img loading=\"lazy\" decoding=\"async\" class=\"alignleft wp-image-2274717\" src=\"https:\/\/puntocritico.com\/ausajpuntocritico\/wp-content\/uploads\/2023\/05\/Ariel-Beresniak-187x300.jpg\" alt=\"\" width=\"300\" height=\"481\" data-id=\"2274717\" srcset=\"https:\/\/puntocritico.com\/ausajpuntocritico\/wp-content\/uploads\/2023\/05\/Ariel-Beresniak-187x300.jpg 187w, https:\/\/puntocritico.com\/ausajpuntocritico\/wp-content\/uploads\/2023\/05\/Ariel-Beresniak.jpg 501w\" sizes=\"auto, (max-width: 300px) 100vw, 300px\" \/>prohibidos en competiciones<\/strong>. Cualquier insinuaci\u00f3n de que las causas de la guerra en<strong>\u00a0Ucrania\u00a0<\/strong>podr\u00edan\u00a0<strong>ser m\u00e1s complejas\u00a0<\/strong>\u00a0una opini\u00f3n desviada y se acusa a sus autores de\u00a0<strong>favorecer al Kremlin.<\/strong><\/span><\/p>\n<h3 style=\"text-align: center;\"><span style=\"font-size: 18pt;\"><strong>Los efectos nocivos de la propaganda en la poblaci\u00f3n<\/strong><\/span><\/h3>\n<p style=\"text-align: justify;\"><span style=\"font-size: 14pt;\">La <strong>propaganda constante<\/strong>\u00a0ejerce efectos perjudiciales en la poblaci\u00f3n, comport\u00e1ndose como un\u00a0<strong>verdadero veneno.<\/strong>\u00a0Los ciudadanos se sienten desestabilizados, pierden su sentido cr\u00edtico y confianza en s\u00ed mismos, y se ven disminuidos. Las restricciones de movimiento durante la crisis del Covid han generado trastornos prolongados, como p\u00e9rdida de motivaci\u00f3n, trastornos del sue\u00f1o, trastornos del apetito, dolor f\u00edsico, ansiedad, ataques de p\u00e1nico, fatiga severa e incluso s\u00edndrome depresivo, que afecta a personas de todas las edades e incluso se observa en ni\u00f1os, algo que antes era extremadamente raro.\u00a0<strong>Como m\u00ednimo, la mayor\u00eda de la poblaci\u00f3n experimenta una irritabilidad extrema y prolongada.<\/strong><\/span><\/p>\n<h3 style=\"text-align: center;\"><span style=\"font-size: 18pt;\"><strong>El ant\u00eddoto contra los efectos nocivos de la propaganda: la contrapropaganda<\/strong><\/span><\/h3>\n<p style=\"text-align: justify;\"><span style=\"font-size: 14pt;\">Existe un ant\u00eddoto eficaz contra el veneno de la propaganda: <strong>la contrapropaganda,<\/strong>\u00a0que expone\u00a0<strong>tesis opuestas.<\/strong>\u00a0Sin embargo, su prescripci\u00f3n est\u00e1 prohibida por las autoridades p\u00fablicas debido a la eficacia que posee. La\u00a0<strong>contrapropaganda,<\/strong>\u00a0por s\u00ed sola, tambi\u00e9n puede ser perjudicial, y su ant\u00eddoto natural es la propia propaganda. Sin embargo, es importante destacar que no todos los contrapesos son necesariamente\u00a0<strong>contrapropaganda,<\/strong>\u00a0sino informaci\u00f3n\u00a0<strong>independiente y objetiva.<\/strong><\/span><\/p>\n<h3 style=\"text-align: center;\"><span style=\"font-size: 18pt;\"><strong>E<\/strong><strong>l papel de la informaci\u00f3n saludable y la identificaci\u00f3n de la propaganda<\/strong><\/span><\/h3>\n<p style=\"text-align: justify;\"><span style=\"font-size: 14pt;\">Los art\u00edculos y videos producidos por los pocos cient\u00edficos que expresaron opiniones disidentes durante la<strong>\u00a0crisis del Covid<\/strong>\u00a0son ejemplos de informaci\u00f3n saludable que protege a las personas de los efectos perjudiciales de la propaganda oficial. \u00bfC\u00f3mo podemos reconocer la informaci\u00f3n proveniente de la propaganda? La informaci\u00f3n tiene como objetivo difundir una realidad o un punto de vista, planteando interrogantes. Por otro lado, la propaganda busca manipular las mentes mediante una repetici\u00f3n inquietante que satura los sentidos y proporciona respuestas predefinidas a preguntas seleccionadas. Adem\u00e1s, es importante se\u00f1alar que la propaganda siempre proh\u00edbe la\u00a0<strong>contrapropaganda.<\/strong><\/span><\/p>\n<h3 style=\"text-align: center;\"><span style=\"font-size: 18pt;\"><strong>Conclusi\u00f3n<\/strong><\/span><\/h3>\n<p style=\"text-align: justify;\"><span style=\"font-size: 14pt;\">La propaganda y su manipulaci\u00f3n tienen <strong>un impacto significativo en la sociedad,\u00a0<\/strong>tanto durante la<strong>\u00a0crisis del Covid\u00a0<\/strong>como en el\u00a0<strong>conflicto de Ucrania.\u00a0<\/strong>La\u00a0<strong>propaganda estatal\u00a0<\/strong>genera efectos nocivos en la poblaci\u00f3n, funcionando\u00a0<strong>como un veneno que desestabiliza a los ciudadanos,<\/strong>\u00a0socava<strong>\u00a0su sentido cr\u00edtico\u00a0<\/strong>y\u00a0<strong>merma su confianza en s\u00ed mismos.<\/strong>\u00a0Sin embargo, existe un ant\u00eddoto eficaz:\u00a0<strong>la contrapropaganda,<\/strong>\u00a0que\u00a0<strong>expone perspectivas alternativas.<\/strong><\/span><\/p>\n<p style=\"text-align: justify;\"><span style=\"font-size: 14pt;\">Es fundamental <strong>reconocer la diferencia entre informaci\u00f3n objetiva y propaganda,<\/strong>\u00a0y buscar\u00a0<strong>fuentes confiables que brinden una visi\u00f3n imparcial de los hechos<\/strong>. Solo as\u00ed podremos protegernos de los efectos perjudiciales de la propaganda y fomentar un pensamiento cr\u00edtico y una sociedad informada.<\/span><\/p>\n<div class=\"elementor-element elementor-element-7193014 contenido-single-general elementor-widget elementor-widget-theme-post-content\" data-id=\"7193014\" data-element_type=\"widget\" data-widget_type=\"theme-post-content.default\">\n<div class=\"elementor-widget-container\">\n<p>&nbsp;<\/p>\n<\/div>\n<\/div>\n<p><img loading=\"lazy\" decoding=\"async\" class=\"aligncenter wp-image-2272863\" src=\"https:\/\/puntocritico.com\/ausajpuntocritico\/wp-content\/uploads\/2023\/05\/Cancelled-300x164.jpg\" alt=\"\" width=\"440\" height=\"241\" data-id=\"2272863\" srcset=\"https:\/\/puntocritico.com\/ausajpuntocritico\/wp-content\/uploads\/2023\/05\/Cancelled-300x164.jpg 300w, https:\/\/puntocritico.com\/ausajpuntocritico\/wp-content\/uploads\/2023\/05\/Cancelled.jpg 512w\" sizes=\"auto, (max-width: 440px) 100vw, 440px\" \/><\/p>\n<p style=\"text-align: center;\"><span style=\"font-size: 18pt;\"><strong><span style=\"color: #008000;\">*******<\/span><\/strong><\/span><\/p>\n<h2 style=\"text-align: justify;\"><strong><span style=\"font-size: 14pt;\">RELACIONADOS:<\/span><\/strong><\/h2>\n<blockquote class=\"wp-embedded-content\" data-secret=\"A0Otc6Dxcn\"><p><a href=\"https:\/\/puntocritico.com\/ausajpuntocritico\/2020\/11\/18\/canceling-the-people-elecciones-ee-uu-2020-algunas-pruebas-inexistentes\/\">#CANCELING THE PEOPLE: ELECCIONES EE.UU., 2020: Algunas pruebas \u00abinexistentes\u00bb \/\/ \u00abManifiesto ciudadano por la independencia judicial\u201d<\/a><\/p><\/blockquote>\n<p><iframe loading=\"lazy\" class=\"wp-embedded-content\" sandbox=\"allow-scripts\" security=\"restricted\" style=\"position: absolute; clip: rect(1px, 1px, 1px, 1px);\" title=\"\u00ab#CANCELING THE PEOPLE: ELECCIONES EE.UU., 2020: Algunas pruebas \u00abinexistentes\u00bb \/\/ \u00abManifiesto ciudadano por la independencia judicial\u201d\u00bb \u2014 Punto Cr\u00edtico Derechos Humanos\" src=\"https:\/\/puntocritico.com\/ausajpuntocritico\/2020\/11\/18\/canceling-the-people-elecciones-ee-uu-2020-algunas-pruebas-inexistentes\/embed\/#?secret=SNlqPtVrum#?secret=A0Otc6Dxcn\" data-secret=\"A0Otc6Dxcn\" width=\"500\" height=\"282\" frameborder=\"0\" marginwidth=\"0\" marginheight=\"0\" scrolling=\"no\"><\/iframe><\/p>\n<p>https:\/\/puntocritico.com\/ausajpuntocritico\/2022\/09\/09\/la-libertad-de-pensamiento-y-de-expresion-por-baruch-de-spinoza-3\/<\/p>\n<blockquote class=\"wp-embedded-content\" data-secret=\"NYrznGhJ7q\"><p><a href=\"https:\/\/puntocritico.com\/ausajpuntocritico\/2021\/01\/19\/el-abismo-estadounidense-trump-la-turba-y-lo-que-viene-despues-observaciones-de-un-historiador-del-fascismo-y-la-atrocidad-politica-por-timothy-snyder-new-york-times\/\">\u00abEL ABISMO ESTADOUNIDENSE: Trump, la turba y lo que viene despu\u00e9s: observaciones de un historiador del fascismo y la atrocidad pol\u00edtica\u00bb, por Timothy Snyder (New York Times)<\/a><\/p><\/blockquote>\n<p><iframe loading=\"lazy\" class=\"wp-embedded-content\" sandbox=\"allow-scripts\" security=\"restricted\" style=\"position: absolute; clip: rect(1px, 1px, 1px, 1px);\" title=\"\u00ab\u00abEL ABISMO ESTADOUNIDENSE: Trump, la turba y lo que viene despu\u00e9s: observaciones de un historiador del fascismo y la atrocidad pol\u00edtica\u00bb, por Timothy Snyder (New York Times)\u00bb \u2014 Punto Cr\u00edtico Derechos Humanos\" src=\"https:\/\/puntocritico.com\/ausajpuntocritico\/2021\/01\/19\/el-abismo-estadounidense-trump-la-turba-y-lo-que-viene-despues-observaciones-de-un-historiador-del-fascismo-y-la-atrocidad-politica-por-timothy-snyder-new-york-times\/embed\/#?secret=UbYieQlYro#?secret=NYrznGhJ7q\" data-secret=\"NYrznGhJ7q\" width=\"500\" height=\"282\" frameborder=\"0\" marginwidth=\"0\" marginheight=\"0\" scrolling=\"no\"><\/iframe><\/p>\n<blockquote class=\"wp-embedded-content\" data-secret=\"dU0SXnNH3a\"><p><a href=\"https:\/\/puntocritico.com\/ausajpuntocritico\/2022\/12\/26\/vacuna-covid-politica-britanica-sobre-la-pandemia\/\">VACUNA COVID &#8211; 19: La operaci\u00f3n vinculada a la inteligencia dirigida por periodistas que distorsion\u00f3 la pol\u00edtica brit\u00e1nica sobre la pandemia<\/a><\/p><\/blockquote>\n<p><iframe loading=\"lazy\" class=\"wp-embedded-content\" sandbox=\"allow-scripts\" security=\"restricted\" style=\"position: absolute; clip: rect(1px, 1px, 1px, 1px);\" title=\"\u00abVACUNA COVID &#8211; 19: La operaci\u00f3n vinculada a la inteligencia dirigida por periodistas que distorsion\u00f3 la pol\u00edtica brit\u00e1nica sobre la pandemia\u00bb \u2014 Punto Cr\u00edtico Derechos Humanos\" src=\"https:\/\/puntocritico.com\/ausajpuntocritico\/2022\/12\/26\/vacuna-covid-politica-britanica-sobre-la-pandemia\/embed\/#?secret=bxuiSY31aZ#?secret=dU0SXnNH3a\" data-secret=\"dU0SXnNH3a\" width=\"500\" height=\"282\" frameborder=\"0\" marginwidth=\"0\" marginheight=\"0\" scrolling=\"no\"><\/iframe><\/p>\n<blockquote class=\"wp-embedded-content\" data-secret=\"jOIxFA9YGY\"><p><a href=\"https:\/\/puntocritico.com\/ausajpuntocritico\/2022\/10\/13\/la-evolucion-hacia-el-totalitarismo-nazis-del-siglo-xxi\/\">LA EVOLUCI\u00d3N HACIA EL TOTALITARISMO: Nazis del Siglo XXI: \u201cAhora, todos ustedes son Azov\u201d.<\/a><\/p><\/blockquote>\n<p><iframe loading=\"lazy\" class=\"wp-embedded-content\" sandbox=\"allow-scripts\" security=\"restricted\" style=\"position: absolute; clip: rect(1px, 1px, 1px, 1px);\" title=\"\u00abLA EVOLUCI\u00d3N HACIA EL TOTALITARISMO: Nazis del Siglo XXI: \u201cAhora, todos ustedes son Azov\u201d.\u00bb \u2014 Punto Cr\u00edtico Derechos Humanos\" src=\"https:\/\/puntocritico.com\/ausajpuntocritico\/2022\/10\/13\/la-evolucion-hacia-el-totalitarismo-nazis-del-siglo-xxi\/embed\/#?secret=S3TPFVbZNG#?secret=jOIxFA9YGY\" data-secret=\"jOIxFA9YGY\" width=\"500\" height=\"282\" frameborder=\"0\" marginwidth=\"0\" marginheight=\"0\" scrolling=\"no\"><\/iframe><\/p>\n<blockquote class=\"wp-embedded-content\" data-secret=\"9wPDjkuPr6\"><p><a href=\"https:\/\/puntocritico.com\/ausajpuntocritico\/2022\/10\/06\/ursula-von-der-leyen\/\">URSULA VON DER LEYEN, LA DESTRUCTORA DE EUROPA. El camino de la millonaria arist\u00f3crata: De Bur\u00f3crata Corrupta a Dictadora de Europa.<\/a><\/p><\/blockquote>\n<p><iframe loading=\"lazy\" class=\"wp-embedded-content\" sandbox=\"allow-scripts\" security=\"restricted\" style=\"position: absolute; clip: rect(1px, 1px, 1px, 1px);\" title=\"\u00abURSULA VON DER LEYEN, LA DESTRUCTORA DE EUROPA. El camino de la millonaria arist\u00f3crata: De Bur\u00f3crata Corrupta a Dictadora de Europa.\u00bb \u2014 Punto Cr\u00edtico Derechos Humanos\" src=\"https:\/\/puntocritico.com\/ausajpuntocritico\/2022\/10\/06\/ursula-von-der-leyen\/embed\/#?secret=oaWjbaywNP#?secret=9wPDjkuPr6\" data-secret=\"9wPDjkuPr6\" width=\"500\" height=\"282\" frameborder=\"0\" marginwidth=\"0\" marginheight=\"0\" scrolling=\"no\"><\/iframe><\/p>\n<blockquote class=\"wp-embedded-content\" data-secret=\"O9XTks3FdO\"><p><a href=\"https:\/\/puntocritico.com\/ausajpuntocritico\/2022\/09\/25\/narcoestados-el-socialismo-del-siglo-xxi-jorge-cachinero\/\">NARCOESTADOS: LA ZONA GRIS LATINA; QUE SE EXTIENDE POR ESPA\u00d1\u00c0 Y AMENAZA A EUROPA. \u00abNarco, terror y pol\u00edtica en el suroeste de Europa\u00bb, por Jorge Cachinero (serie completa)<\/a><\/p><\/blockquote>\n<p><iframe loading=\"lazy\" class=\"wp-embedded-content\" sandbox=\"allow-scripts\" security=\"restricted\" style=\"position: absolute; clip: rect(1px, 1px, 1px, 1px);\" title=\"\u00abNARCOESTADOS: LA ZONA GRIS LATINA; QUE SE EXTIENDE POR ESPA\u00d1\u00c0 Y AMENAZA A EUROPA. \u00abNarco, terror y pol\u00edtica en el suroeste de Europa\u00bb, por Jorge Cachinero (serie completa)\u00bb \u2014 Punto Cr\u00edtico Derechos Humanos\" src=\"https:\/\/puntocritico.com\/ausajpuntocritico\/2022\/09\/25\/narcoestados-el-socialismo-del-siglo-xxi-jorge-cachinero\/embed\/#?secret=bjUK8cwCDh#?secret=O9XTks3FdO\" data-secret=\"O9XTks3FdO\" width=\"500\" height=\"282\" frameborder=\"0\" marginwidth=\"0\" marginheight=\"0\" scrolling=\"no\"><\/iframe><\/p>\n<blockquote class=\"wp-embedded-content\" data-secret=\"XkIzxx8OnM\"><p><a href=\"https:\/\/puntocritico.com\/ausajpuntocritico\/2022\/08\/29\/como-mueren-las-democracias\/\">C\u00d3MO MUEREN LAS DEMOCRACIAS. \u00abNo somos la primera civilizaci\u00f3n en colapsar, pero probablemente seremos los \u00faltimos\u00bb, por Chris Hedges<\/a><\/p><\/blockquote>\n<p><iframe loading=\"lazy\" class=\"wp-embedded-content\" sandbox=\"allow-scripts\" security=\"restricted\" style=\"position: absolute; clip: rect(1px, 1px, 1px, 1px);\" title=\"\u00abC\u00d3MO MUEREN LAS DEMOCRACIAS. \u00abNo somos la primera civilizaci\u00f3n en colapsar, pero probablemente seremos los \u00faltimos\u00bb, por Chris Hedges\u00bb \u2014 Punto Cr\u00edtico Derechos Humanos\" src=\"https:\/\/puntocritico.com\/ausajpuntocritico\/2022\/08\/29\/como-mueren-las-democracias\/embed\/#?secret=lAUJTqsv6Q#?secret=XkIzxx8OnM\" data-secret=\"XkIzxx8OnM\" width=\"500\" height=\"282\" frameborder=\"0\" marginwidth=\"0\" marginheight=\"0\" scrolling=\"no\"><\/iframe><\/p>\n<blockquote class=\"wp-embedded-content\" data-secret=\"Uy1YDdA1iF\"><p><a href=\"https:\/\/puntocritico.com\/ausajpuntocritico\/2022\/08\/08\/el-camino-de-la-desinformacion\/\">EL CAMINO DE LA DESINFORMACI\u00d3N. LOS \u00abVERIFICADORES DE HECHOS\u00bb Y LA C.I.A.: De Julian Assange al periodismo \u00abperrofaldero\u00bb. Entrevista a John Pilger.<\/a><\/p><\/blockquote>\n<p><iframe loading=\"lazy\" class=\"wp-embedded-content\" sandbox=\"allow-scripts\" security=\"restricted\" style=\"position: absolute; clip: rect(1px, 1px, 1px, 1px);\" title=\"\u00abEL CAMINO DE LA DESINFORMACI\u00d3N. LOS \u00abVERIFICADORES DE HECHOS\u00bb Y LA C.I.A.: De Julian Assange al periodismo \u00abperrofaldero\u00bb. Entrevista a John Pilger.\u00bb \u2014 Punto Cr\u00edtico Derechos Humanos\" src=\"https:\/\/puntocritico.com\/ausajpuntocritico\/2022\/08\/08\/el-camino-de-la-desinformacion\/embed\/#?secret=gADhSWwj5I#?secret=Uy1YDdA1iF\" data-secret=\"Uy1YDdA1iF\" width=\"500\" height=\"282\" frameborder=\"0\" marginwidth=\"0\" marginheight=\"0\" scrolling=\"no\"><\/iframe><\/p>\n<blockquote class=\"wp-embedded-content\" data-secret=\"ESnONfdAXK\"><p><a href=\"https:\/\/puntocritico.com\/ausajpuntocritico\/2017\/11\/02\/efecto-desaliento-del-ejercicio-de-los-ddhh\/\">EFECTO DESALIENTO DEL EJERCICIO DE LOS DERECHOS HUMANOS \/\/ \u00abLa libertad de expresi\u00f3n en Espa\u00f1a es como los billetes de 500: no hay para los pobres\u00bb<\/a><\/p><\/blockquote>\n<p><iframe loading=\"lazy\" class=\"wp-embedded-content\" sandbox=\"allow-scripts\" security=\"restricted\" style=\"position: absolute; clip: rect(1px, 1px, 1px, 1px);\" title=\"\u00abEFECTO DESALIENTO DEL EJERCICIO DE LOS DERECHOS HUMANOS \/\/ \u00abLa libertad de expresi\u00f3n en Espa\u00f1a es como los billetes de 500: no hay para los pobres\u00bb\u00bb \u2014 Punto Cr\u00edtico Derechos Humanos\" src=\"https:\/\/puntocritico.com\/ausajpuntocritico\/2017\/11\/02\/efecto-desaliento-del-ejercicio-de-los-ddhh\/embed\/#?secret=W4fztSkqQK#?secret=ESnONfdAXK\" data-secret=\"ESnONfdAXK\" width=\"500\" height=\"282\" frameborder=\"0\" marginwidth=\"0\" marginheight=\"0\" scrolling=\"no\"><\/iframe><\/p>\n<blockquote class=\"wp-embedded-content\" data-secret=\"w7V8bbx8h3\"><p><a href=\"https:\/\/puntocritico.com\/ausajpuntocritico\/2021\/05\/17\/en-el-psoe-ha-existido-alguna-vez-libertad-de-expresion-culpable-me-declaro-por-susana-perez-alonso\/\">\u00bfHA EXISTIDO ALGUNA VEZ LIBERTAD DE EXPRESI\u00d3N EN EL PSOE? \u00abCULPABLE ME DECLARO\u2026\u00bb, por Susana P\u00e9rez-Alonso. \u201c\u00bfQuousque tandem abutere, Catilina, patientia nostra?\u201d<\/a><\/p><\/blockquote>\n<p><iframe loading=\"lazy\" class=\"wp-embedded-content\" sandbox=\"allow-scripts\" security=\"restricted\" style=\"position: absolute; clip: rect(1px, 1px, 1px, 1px);\" title=\"\u00ab\u00bfHA EXISTIDO ALGUNA VEZ LIBERTAD DE EXPRESI\u00d3N EN EL PSOE? \u00abCULPABLE ME DECLARO\u2026\u00bb, por Susana P\u00e9rez-Alonso. \u201c\u00bfQuousque tandem abutere, Catilina, patientia nostra?\u201d\u00bb \u2014 Punto Cr\u00edtico Derechos Humanos\" src=\"https:\/\/puntocritico.com\/ausajpuntocritico\/2021\/05\/17\/en-el-psoe-ha-existido-alguna-vez-libertad-de-expresion-culpable-me-declaro-por-susana-perez-alonso\/embed\/#?secret=nxokMwk51m#?secret=w7V8bbx8h3\" data-secret=\"w7V8bbx8h3\" width=\"500\" height=\"282\" frameborder=\"0\" marginwidth=\"0\" marginheight=\"0\" scrolling=\"no\"><\/iframe><\/p>\n<blockquote class=\"wp-embedded-content\" data-secret=\"7zgOyI7qez\"><p><a href=\"https:\/\/puntocritico.com\/ausajpuntocritico\/2018\/04\/13\/spinoza-y-hobbes-la-escalera-de-libertades\/\">SPINOZA Y HOBBES: Escalera de Libertades; Libertad de Expresi\u00f3n y Religi\u00f3n<\/a><\/p><\/blockquote>\n<p><iframe loading=\"lazy\" class=\"wp-embedded-content\" sandbox=\"allow-scripts\" security=\"restricted\" style=\"position: absolute; clip: rect(1px, 1px, 1px, 1px);\" title=\"\u00abSPINOZA Y HOBBES: Escalera de Libertades; Libertad de Expresi\u00f3n y Religi\u00f3n\u00bb \u2014 Punto Cr\u00edtico Derechos Humanos\" src=\"https:\/\/puntocritico.com\/ausajpuntocritico\/2018\/04\/13\/spinoza-y-hobbes-la-escalera-de-libertades\/embed\/#?secret=lqZrYKhIl1#?secret=7zgOyI7qez\" data-secret=\"7zgOyI7qez\" width=\"500\" height=\"282\" frameborder=\"0\" marginwidth=\"0\" marginheight=\"0\" scrolling=\"no\"><\/iframe><\/p>\n<blockquote class=\"wp-embedded-content\" data-secret=\"gQmNREWuDS\"><p><a href=\"https:\/\/puntocritico.com\/ausajpuntocritico\/2022\/05\/19\/si-la-libertad-significa-algo-es-el-derecho-a-decirles-a-los-demas-lo-que-no-quieren-oir-por-george-orwell-2\/\">SI LA LIBERTAD SIGNIFICA ALGO, ES EL DERECHO A DECIRLES A LOS DEM\u00c1S LO QUE NO QUIEREN O\u00cdR, por George Orwell<\/a><\/p><\/blockquote>\n<p><iframe loading=\"lazy\" class=\"wp-embedded-content\" sandbox=\"allow-scripts\" security=\"restricted\" style=\"position: absolute; clip: rect(1px, 1px, 1px, 1px);\" title=\"\u00abSI LA LIBERTAD SIGNIFICA ALGO, ES EL DERECHO A DECIRLES A LOS DEM\u00c1S LO QUE NO QUIEREN O\u00cdR, por George Orwell\u00bb \u2014 Punto Cr\u00edtico Derechos Humanos\" src=\"https:\/\/puntocritico.com\/ausajpuntocritico\/2022\/05\/19\/si-la-libertad-significa-algo-es-el-derecho-a-decirles-a-los-demas-lo-que-no-quieren-oir-por-george-orwell-2\/embed\/#?secret=bxB1ijUJqH#?secret=gQmNREWuDS\" data-secret=\"gQmNREWuDS\" width=\"500\" height=\"282\" frameborder=\"0\" marginwidth=\"0\" marginheight=\"0\" scrolling=\"no\"><\/iframe><\/p>\n<blockquote class=\"wp-embedded-content\" data-secret=\"nEOTMT8WmX\"><p><a href=\"https:\/\/puntocritico.com\/ausajpuntocritico\/2021\/01\/20\/posmodernismo-politico-la-supremacia-tecnologica-silicon-valley-ya-no-puede-ocultar-su-poder-por-niall-ferguson\/\">\u00abLa supremac\u00eda tecnol\u00f3gica: Silicon Valley ya no puede ocultar su poder\u00bb, por Niall Ferguson. \u00abIntente responsabilizarlos como editores, y dir\u00e1n que son plataformas. Exigen acceso a sus plataformas e insistir\u00e1n en que son editores\u00bb<\/a><\/p><\/blockquote>\n<p><iframe loading=\"lazy\" class=\"wp-embedded-content\" sandbox=\"allow-scripts\" security=\"restricted\" style=\"position: absolute; clip: rect(1px, 1px, 1px, 1px);\" title=\"\u00ab\u00abLa supremac\u00eda tecnol\u00f3gica: Silicon Valley ya no puede ocultar su poder\u00bb, por Niall Ferguson. \u00abIntente responsabilizarlos como editores, y dir\u00e1n que son plataformas. Exigen acceso a sus plataformas e insistir\u00e1n en que son editores\u00bb\u00bb \u2014 Punto Cr\u00edtico Derechos Humanos\" src=\"https:\/\/puntocritico.com\/ausajpuntocritico\/2021\/01\/20\/posmodernismo-politico-la-supremacia-tecnologica-silicon-valley-ya-no-puede-ocultar-su-poder-por-niall-ferguson\/embed\/#?secret=LF7fm72jsn#?secret=nEOTMT8WmX\" data-secret=\"nEOTMT8WmX\" width=\"500\" height=\"282\" frameborder=\"0\" marginwidth=\"0\" marginheight=\"0\" scrolling=\"no\"><\/iframe><\/p>\n<blockquote class=\"wp-embedded-content\" data-secret=\"7ye26hhEQ0\"><p><a href=\"https:\/\/puntocritico.com\/ausajpuntocritico\/2021\/12\/31\/2021-el-ano-de-la-autocensura-sin-las-libertades-de-expresion-e-informacion-no-es-posible-una-sociedad-libre-y-plural-la-marcha-radetzky-y-el-mariscal\/\">2021: EL A\u00d1O DE LA AUTOCENSURA. \u00abSin las Libertades de Expresi\u00f3n e Informaci\u00f3n no es posible una sociedad libre y plural\u00bb \/\/ La Marcha Radetzky y el Mariscal.<\/a><\/p><\/blockquote>\n<p><iframe loading=\"lazy\" class=\"wp-embedded-content\" sandbox=\"allow-scripts\" security=\"restricted\" style=\"position: absolute; clip: rect(1px, 1px, 1px, 1px);\" title=\"\u00ab2021: EL A\u00d1O DE LA AUTOCENSURA. \u00abSin las Libertades de Expresi\u00f3n e Informaci\u00f3n no es posible una sociedad libre y plural\u00bb \/\/ La Marcha Radetzky y el Mariscal.\u00bb \u2014 Punto Cr\u00edtico Derechos Humanos\" src=\"https:\/\/puntocritico.com\/ausajpuntocritico\/2021\/12\/31\/2021-el-ano-de-la-autocensura-sin-las-libertades-de-expresion-e-informacion-no-es-posible-una-sociedad-libre-y-plural-la-marcha-radetzky-y-el-mariscal\/embed\/#?secret=RG2z2OAXTw#?secret=7ye26hhEQ0\" data-secret=\"7ye26hhEQ0\" width=\"500\" height=\"282\" frameborder=\"0\" marginwidth=\"0\" marginheight=\"0\" scrolling=\"no\"><\/iframe><\/p>\n<blockquote class=\"wp-embedded-content\" data-secret=\"R3CNs34S7L\"><p><a href=\"https:\/\/puntocritico.com\/ausajpuntocritico\/2020\/11\/16\/elecciones-ee-uu-2020-el-fraude-electoral-mas-grande-de-la-historia\/\">ELECCIONES EE.UU. 2020: \u00bfEl fraude electoral m\u00e1s grande de la Historia?<\/a><\/p><\/blockquote>\n<p><iframe loading=\"lazy\" class=\"wp-embedded-content\" sandbox=\"allow-scripts\" security=\"restricted\" style=\"position: absolute; clip: rect(1px, 1px, 1px, 1px);\" title=\"\u00abELECCIONES EE.UU. 2020: \u00bfEl fraude electoral m\u00e1s grande de la Historia?\u00bb \u2014 Punto Cr\u00edtico Derechos Humanos\" src=\"https:\/\/puntocritico.com\/ausajpuntocritico\/2020\/11\/16\/elecciones-ee-uu-2020-el-fraude-electoral-mas-grande-de-la-historia\/embed\/#?secret=TlTPTmK8MU#?secret=R3CNs34S7L\" data-secret=\"R3CNs34S7L\" width=\"500\" height=\"282\" frameborder=\"0\" marginwidth=\"0\" marginheight=\"0\" scrolling=\"no\"><\/iframe><\/p>\n<p>&nbsp;<\/p>\n<p>&nbsp;<\/p>\n<p><img loading=\"lazy\" decoding=\"async\" class=\"aligncenter wp-image-9528\" src=\"https:\/\/puntocritico.com\/ausajpuntocritico\/wp-content\/uploads\/2018\/03\/Mosca_Punto_Cr\u00edtico_40.png\" alt=\"\" width=\"80\" height=\"80\" data-id=\"9528\" \/><\/p>\n<p>&nbsp;<\/p>\n","protected":false},"excerpt":{"rendered":"<div class=\"mh-excerpt\"><p>CENSURA Y CANCELACI\u00d3N &nbsp; \u00abLeyes semejantes, con las que se impone qu\u00e9 debe creer cada uno y se prohibe decir o escribir algo contra tal o cual opini\u00f3n, han sido con frecuencia dictadas para condescender <a class=\"mh-excerpt-more\" href=\"https:\/\/puntocritico.com\/ausajpuntocritico\/2023\/05\/25\/censura-y-cancelacion\/\" title=\"CENSURA Y CANCELACI\u00d3N: EL FIN DE LAS LIBERTADES; EL FIN DE LA DEMOCRACIA. Del control de la informaci\u00f3n p\u00fablica al \u00abAsesinato Civil\u00bb del disidente.\">[&#8230;]<\/a><\/p>\n<\/div>","protected":false},"author":3,"featured_media":2272906,"comment_status":"open","ping_status":"closed","sticky":false,"template":"","format":"standard","meta":{"_acf_changed":false,"_exactmetrics_skip_tracking":false,"_exactmetrics_sitenote_active":false,"_exactmetrics_sitenote_note":"","_exactmetrics_sitenote_category":0,"footnotes":""},"categories":[7],"tags":[],"class_list":{"0":"post-2272845","1":"post","2":"type-post","3":"status-publish","4":"format-standard","5":"has-post-thumbnail","7":"category-politica"},"acf":[],"_links":{"self":[{"href":"https:\/\/puntocritico.com\/ausajpuntocritico\/wp-json\/wp\/v2\/posts\/2272845","targetHints":{"allow":["GET"]}}],"collection":[{"href":"https:\/\/puntocritico.com\/ausajpuntocritico\/wp-json\/wp\/v2\/posts"}],"about":[{"href":"https:\/\/puntocritico.com\/ausajpuntocritico\/wp-json\/wp\/v2\/types\/post"}],"author":[{"embeddable":true,"href":"https:\/\/puntocritico.com\/ausajpuntocritico\/wp-json\/wp\/v2\/users\/3"}],"replies":[{"embeddable":true,"href":"https:\/\/puntocritico.com\/ausajpuntocritico\/wp-json\/wp\/v2\/comments?post=2272845"}],"version-history":[{"count":0,"href":"https:\/\/puntocritico.com\/ausajpuntocritico\/wp-json\/wp\/v2\/posts\/2272845\/revisions"}],"wp:featuredmedia":[{"embeddable":true,"href":"https:\/\/puntocritico.com\/ausajpuntocritico\/wp-json\/wp\/v2\/media\/2272906"}],"wp:attachment":[{"href":"https:\/\/puntocritico.com\/ausajpuntocritico\/wp-json\/wp\/v2\/media?parent=2272845"}],"wp:term":[{"taxonomy":"category","embeddable":true,"href":"https:\/\/puntocritico.com\/ausajpuntocritico\/wp-json\/wp\/v2\/categories?post=2272845"},{"taxonomy":"post_tag","embeddable":true,"href":"https:\/\/puntocritico.com\/ausajpuntocritico\/wp-json\/wp\/v2\/tags?post=2272845"}],"curies":[{"name":"wp","href":"https:\/\/api.w.org\/{rel}","templated":true}]}}