{"id":2269112,"date":"2023-03-15T00:05:45","date_gmt":"2023-03-14T23:05:45","guid":{"rendered":"https:\/\/puntocritico.com\/ausajpuntocritico\/?p=2269112"},"modified":"2024-04-10T09:46:36","modified_gmt":"2024-04-10T07:46:36","slug":"la-justicia-de-los-funcionarios-por-franz-kafka","status":"publish","type":"post","link":"https:\/\/puntocritico.com\/ausajpuntocritico\/2023\/03\/15\/la-justicia-de-los-funcionarios-por-franz-kafka\/","title":{"rendered":"LA JUSTICIA DE LOS FUNCIONARIOS, por Franz Kafka"},"content":{"rendered":"<h2 style=\"text-align: justify;\"><span style=\"font-size: 14pt; color: #008000;\"><b>LA JUSTICIA DE LOS FUNCIONARIOS<\/b><\/span><\/h2>\n<p>&nbsp;<\/p>\n<blockquote>\n<p style=\"text-align: center;\"><span style=\"font-size: 14pt;\"><span style=\"font-weight: 400;\">\u201c<\/span><i><span style=\"font-weight: 400;\">En un gobierno corrompido, puesto que en todos se hallan extinguidos la religi\u00f3n y el temor de Dios, el juramento y la fe dada rigen solamente en cuanto son \u00fatiles; de lo cual se valen los hombres, no para observarlos, sino como medio para poder m\u00e1s f\u00e1cilmente enga\u00f1ar; y cuanto m\u00e1s f\u00e1cil y seguro resulta el enga\u00f1o, mayor gloria y alabanza se adquiere. Por ello los hombres nocivos son alabados como industriosos y a los buenos como a tontos se les critica<\/span><\/i><span style=\"font-weight: 400;\">\u201d.<\/span><\/span><\/p>\n<p style=\"text-align: center;\"><span style=\"font-size: 14pt;\"><span style=\"font-weight: 400;\">\u201c<\/span><i><span style=\"font-weight: 400;\">En los gobiernos corrompidos, los j\u00f3venes son ociosos, los viejos lascivos y cada sexo y cada edad est\u00e1n llenos de malos h\u00e1bitos; a lo cual las buenas leyes, por estar ellas mismas minadas con las malas costumbres, no ponen remedio<\/span><\/i><span style=\"font-weight: 400;\">\u201d.<\/span><\/span><\/p>\n<p style=\"text-align: center;\"><span style=\"font-size: 14pt;\"><span style=\"font-weight: 400;\">\u201c<\/span><i><span style=\"font-weight: 400;\">De tal corrupci\u00f3n nace aquella avaricia que se ve en los ciudadanos, aquel apetito, no de verdadera gloria, sino de honores reprobables, del cual derivan los odios, las enemistades, los sinsabores, las sectas, que a su vez generan la aflicci\u00f3n de los buenos y la exaltaci\u00f3n de los malvados, porque los buenos, confiados en su inocencia, no andan, como los malos, en busca de quienes les defiendan y honren, tanto que, indefensos y sin honor, caen en la ruina<\/span><\/i><span style=\"font-weight: 400;\">\u201d.<\/span><\/span><\/p>\n<p style=\"text-align: center;\"><span style=\"font-size: 14pt;\"><span style=\"font-weight: 400;\">\u201c<\/span><i><span style=\"font-weight: 400;\">De este ejemplo de corrupci\u00f3n nace el amor a los partidos y su potencia, pues por avaricia y ambici\u00f3n los malos, y los buenos por necesidad, la siguen; y lo m\u00e1s pernicioso es ver c\u00f3mo, con un piadoso vocablo, hacen que los m\u00f3viles de esos partidos, sus intenciones y sus finalidades, aparentan ser honestos<\/span><\/i><span style=\"font-weight: 400;\">\u201d.<\/span><\/span><\/p>\n<p style=\"text-align: center;\"><span style=\"font-size: 14pt;\"><span style=\"font-weight: 400;\">\u201c<\/span><i><span style=\"font-weight: 400;\">De tal corrupci\u00f3n nace que las disposiciones y las leyes, no para la p\u00fablica, sino para la propia utilidad se dictan<\/span><\/i><span style=\"font-weight: 400;\">\u201d.<\/span><\/span><\/p>\n<p style=\"text-align: center;\"><span style=\"font-size: 14pt;\"><span style=\"font-weight: 400;\">\u201c<\/span><i><span style=\"font-weight: 400;\">De tal corrupci\u00f3n nace que las guerras, las paces, las amistades, no para gloria com\u00fan, mas s\u00ed para satisfacci\u00f3n de unos pocos se deliberan<\/span><\/i><span style=\"font-weight: 400;\">\u201d.<\/span><\/span><\/p>\n<p style=\"text-align: center;\"><span style=\"font-size: 14pt;\"><span style=\"font-weight: 400;\">\u201c<\/span><i><span style=\"font-weight: 400;\">En una ciudad mancillada con tales des\u00f3rdenes, las leyes, los estatutos, los mandatos civiles, siempre fueron y ser\u00e1n ordenados, no ya seg\u00fan el bien p\u00fablico, sino de acuerdo a la ambici\u00f3n de aquel partido que haya permanecido superior a los dem\u00e1s<\/span><\/i><span style=\"font-weight: 400;\">\u201d.<\/span><\/span><\/p>\n<p>&nbsp;<\/p>\n<p style=\"text-align: center;\"><a href=\"https:\/\/puntocritico.com\/ausajpuntocritico\/2020\/10\/26\/consejos-para-defender-la-libertad-por-nicolas-maquiavelo\/\"><span style=\"font-weight: 400; font-size: 14pt;\">NICOL\u00c1S MAQUIAVELO<\/span><\/a><\/p>\n<\/blockquote>\n<p><a href=\"https:\/\/puntocritico.com\/ausajpuntocritico\/2017\/05\/31\/la-voz-del-pueblo-voz-de-dios-por-maquiavelo\/\"><img loading=\"lazy\" decoding=\"async\" class=\"aligncenter wp-image-2213729\" src=\"https:\/\/puntocritico.com\/ausajpuntocritico\/wp-content\/uploads\/2021\/06\/el-principe-de-nicolas-maquiavelo-300x158.jpg\" alt=\"\" width=\"440\" height=\"231\" data-id=\"2213729\" srcset=\"https:\/\/puntocritico.com\/ausajpuntocritico\/wp-content\/uploads\/2021\/06\/el-principe-de-nicolas-maquiavelo-300x158.jpg 300w, https:\/\/puntocritico.com\/ausajpuntocritico\/wp-content\/uploads\/2021\/06\/el-principe-de-nicolas-maquiavelo-1024x538.jpg 1024w, https:\/\/puntocritico.com\/ausajpuntocritico\/wp-content\/uploads\/2021\/06\/el-principe-de-nicolas-maquiavelo-768x403.jpg 768w, https:\/\/puntocritico.com\/ausajpuntocritico\/wp-content\/uploads\/2021\/06\/el-principe-de-nicolas-maquiavelo-610x320.jpg 610w, https:\/\/puntocritico.com\/ausajpuntocritico\/wp-content\/uploads\/2021\/06\/el-principe-de-nicolas-maquiavelo.jpg 1200w\" sizes=\"auto, (max-width: 440px) 100vw, 440px\" \/><\/a><\/p>\n<p style=\"text-align: center;\"><span style=\"font-weight: 400; font-size: 14pt;\">* * *<\/span><\/p>\n<h2 style=\"text-align: center;\"><span style=\"font-size: 24pt;\"><b>LA JUSTICIA DE LOS FUNCIONARIOS<\/b><\/span><\/h2>\n<blockquote>\n<p style=\"text-align: center;\"><em><strong><span style=\"font-size: 14pt;\">\u201cSu pregunta de si soy pintor de brocha gorda, se\u00f1or juez de instrucci\u00f3n -aunque m\u00e1s bien no me ha preguntado nada, sino que me ha lanzado esa afirmaci\u00f3n-, resulta caracter\u00edstica de la clase de procedimiento que se instruye contra m\u00ed. Podr\u00e1 objetar que no se trata en absoluto de un procedimiento; tiene toda la raz\u00f3n, porque solo es un procedimiento si yo lo reconozco como tal. Sin embargo, de momento lo har\u00e9 as\u00ed, en cierto modo por compasi\u00f3n. No se puede ser m\u00e1s que compasivo, si es que se le quiere prestar atenci\u00f3n siquiera. No dir\u00e9 que se trata de un procedimiento chapucero, pero quisiera ofrecerle ese calificativo para su propio gobierno\u201d.<\/span><\/strong><\/em><\/p>\n<p style=\"text-align: center;\"><em><strong><span style=\"font-size: 14pt;\">\u00bfY cu\u00e1l es el sentido de esa gran organizaci\u00f3n, se\u00f1ores? Consiste en detener a personas inocentes e instruir contra ellas procesos absurdos y la mayor\u00eda de las veces, como en mi caso, sin \u00e9xito. Teniendo en cuenta la falta de sentido del conjunto, \u00bfc\u00f3mo evitar la peor de las corrupciones entre los funcionarios? Es imposible, eso no podr\u00eda lograrlo ni el juez supremo por s\u00ed mismo. Por eso los guardianes de los detenidos tratan de robarles hasta la camisa del cuerpo, por eso los inspectores irrumpen en viviendas ajenas, y por eso los detenidos, en lugar de ser interrogados, se ven humillados ante asambleas enteras. Los guardianes me han hablado de dep\u00f3sitos a los que llevan las pertenencias de los detenidos, y yo quisiera ver alguna vez esos dep\u00f3sitos, en los que se pudre el patrimonio fatigosamente acumulado, si es que no ha sido ya saqueado por empleados ladrones\u201d.<\/span><\/strong><\/em><\/p>\n<\/blockquote>\n<p style=\"text-align: justify;\"><span style=\"font-size: 14pt;\">Por <a href=\"https:\/\/puntocritico.com\/ausajpuntocritico\/2021\/05\/11\/el-proceso-extracto-de-franz-kafka\/\">Franz Kafka<\/a><\/span><\/p>\n<p style=\"text-align: justify;\"><img loading=\"lazy\" decoding=\"async\" class=\"aligncenter wp-image-2269144\" src=\"https:\/\/puntocritico.com\/ausajpuntocritico\/wp-content\/uploads\/2023\/03\/KAFKA-cara.jpg\" alt=\"\" width=\"480\" height=\"301\" data-id=\"2269144\" \/><\/p>\n<p>&nbsp;<\/p>\n<p style=\"text-align: justify;\"><span style=\"font-size: 14pt;\"><b>H<\/b><span style=\"font-weight: 400;\">ab\u00edan avisado a K. por tel\u00e9fono de que el domingo siguiente habr\u00eda un peque\u00f1o interrogatorio relacionado con su asunto. Se le hizo notar que esas investigaciones se suceder\u00edan ahora con regularidad, quiz\u00e1 no todas las semanas, pero en cualquier caso con frecuencia. Por una parte, era de inter\u00e9s general terminar r\u00e1pidamente el proceso; por otra, sin embargo,\u00a0 las investigaciones deb\u00edan ser minuciosas en todos los sentidos, aunque, por el esfuerzo que supon\u00edan, nunca durasen mucho. [\u2026]<\/span><\/span><\/p>\n<p>&nbsp;<\/p>\n<blockquote>\n<p style=\"text-align: center;\"><span style=\"font-size: 14pt; color: #008000;\"><b>NO\u00a0DIR\u00c9 QUE SE TRATA DE UN PROCEDIMIENTO CHAPUCERO, PERO QUISIERA OFRECERLE ESE CALIFICATIVO PARA SU PROPIO GOBIERNO<\/b><\/span><\/p>\n<\/blockquote>\n<p>&nbsp;<\/p>\n<p style=\"text-align: justify;\"><span style=\"font-size: 14pt;\"><b>S<\/b><span style=\"font-weight: 400;\">e hab\u00eda fijado el domingo como d\u00eda para la investigaci\u00f3n, a fin de no perturbar a K. en su trabajo profesional. [\u2026] No hac\u00eda falta decir que ten\u00eda que comparecer sin falta; eso, sin duda, no era preciso se\u00f1al\u00e1rselo. Le dieron el n\u00famero del edifico donde deb\u00eda presentarse: un edifico de una calle de un suburbio apartado en donde K. no hab\u00eda estado nunca.<\/span><\/span><\/p>\n<p style=\"text-align: justify;\">\u00a0<\/p>\n<p><img loading=\"lazy\" decoding=\"async\" class=\"aligncenter wp-image-2269114 size-full\" src=\"https:\/\/puntocritico.com\/ausajpuntocritico\/wp-content\/uploads\/2023\/03\/Kafka-funcionarios-justicia.jpg\" alt=\"LA JUSTICIA DE LOS FUNCIONARIOS\" width=\"297\" height=\"395\" data-id=\"2269114\" srcset=\"https:\/\/puntocritico.com\/ausajpuntocritico\/wp-content\/uploads\/2023\/03\/Kafka-funcionarios-justicia.jpg 297w, https:\/\/puntocritico.com\/ausajpuntocritico\/wp-content\/uploads\/2023\/03\/Kafka-funcionarios-justicia-226x300.jpg 226w\" sizes=\"auto, (max-width: 297px) 100vw, 297px\" \/><\/p>\n<p style=\"text-align: justify;\">\u00a0<\/p>\n<p><span style=\"font-size: 14pt;\"><em><b>K<\/b><\/em><span style=\"font-weight: 400;\"><em>. crey\u00f3 haber entrado en una asamblea<\/em>. Una multitud de gentes de lo m\u00e1s variado -nadie se ocup\u00f3 del reci\u00e9n llegado- llenaba una habitaci\u00f3n de tama\u00f1o medio, de dos ventanas, que cerca del techo estaba rodeada por una galer\u00eda, tambi\u00e9n totalmente ocupada y en donde la gente solo pod\u00eda estar agachada, dando con la cabeza y la espalda contra el techo. [\u2026]<\/span><\/span><\/p>\n<p style=\"text-align: justify;\"><span style=\"font-size: 14pt;\"><b>A<\/b><span style=\"font-weight: 400;\">l otro extremo de la sala, adonde llevaban a K., hab\u00eda, sobre un estrado bajo igualmente repleto, una mesilla colocada de trav\u00e9s, y detr\u00e1s de ella, cerca del borde del estrado, estaba sentado un hombrecito grueso y jadeante que hablaba, entre grandes risas, con un hombre situado detr\u00e1s de \u00e9l, que ten\u00eda los codos apoyados en el respaldo de la silla y las piernas cruzadas. A veces levantaba los brazos como si caricaturizase a alguien. [\u2026] Entonces sac\u00f3 el reloj y ech\u00f3 a K. una r\u00e1pida ojeada. \u201c<em>Hubiera debido presentarse hace una hora y cinco minutos<\/em>\u201d, dijo. K. quiso responder algo, pero no tuvo tiempo, porque, apenas hab\u00eda hablado el hombre, se alz\u00f3 en la mitad derecha de la sala un murmullo general. [\u2026]<\/span><\/span><\/p>\n<p style=\"text-align: justify;\"><span style=\"font-size: 14pt;\"><b>K<\/b><span style=\"font-weight: 400;\">. hab\u00eda decidido observar m\u00e1s que hablar, y en consecuencia renunci\u00f3 a defenderse por su supuesta tardanza, limit\u00e1ndose a decir: \u201c<em>Aunque pueda haber llegado tarde, ahora estoy aqu\u00ed<\/em>\u201d. Sigui\u00f3 un\u00a0aplauso, otra vez del lado derecho de la sala. \u201c<em>Es f\u00e1cil ganarse a esta gente<\/em>\u201d, pens\u00f3 K., al que solo molest\u00f3 el silencio de la parte izquierda, que ten\u00eda <img loading=\"lazy\" decoding=\"async\" class=\"alignleft wp-image-2269148\" src=\"https:\/\/puntocritico.com\/ausajpuntocritico\/wp-content\/uploads\/2023\/03\/kafka-11.jpg\" alt=\"\" width=\"440\" height=\"621\" data-id=\"2269148\" srcset=\"https:\/\/puntocritico.com\/ausajpuntocritico\/wp-content\/uploads\/2023\/03\/kafka-11.jpg 1587w, https:\/\/puntocritico.com\/ausajpuntocritico\/wp-content\/uploads\/2023\/03\/kafka-11-212x300.jpg 212w, https:\/\/puntocritico.com\/ausajpuntocritico\/wp-content\/uploads\/2023\/03\/kafka-11-725x1024.jpg 725w, https:\/\/puntocritico.com\/ausajpuntocritico\/wp-content\/uploads\/2023\/03\/kafka-11-768x1084.jpg 768w, https:\/\/puntocritico.com\/ausajpuntocritico\/wp-content\/uploads\/2023\/03\/kafka-11-1088x1536.jpg 1088w, https:\/\/puntocritico.com\/ausajpuntocritico\/wp-content\/uploads\/2023\/03\/kafka-11-1450x2048.jpg 1450w, https:\/\/puntocritico.com\/ausajpuntocritico\/wp-content\/uploads\/2023\/03\/kafka-11-610x861.jpg 610w, https:\/\/puntocritico.com\/ausajpuntocritico\/wp-content\/uploads\/2023\/03\/kafka-11-1320x1864.jpg 1320w\" sizes=\"auto, (max-width: 440px) 100vw, 440px\" \/>precisamente detr\u00e1s y en la que \u00fanicamente se hab\u00eda producido alg\u00fan aplauso aislado. Pens\u00f3 en lo que podr\u00eda decir para ganarse a todos a la vez\u00a0o, si eso no era posible, al menos tambi\u00e9n a los otros de cuando en cuando. [\u2026]<\/span><\/span><\/p>\n<p style=\"text-align: justify;\"><span style=\"font-size: 14pt;\"><b>E<\/b><span style=\"font-weight: 400;\">l juez de instrucci\u00f3n, sin embargo, no se preocupaba por ello, sino que permanec\u00eda bastante\u00a0c\u00f3modamente sentado en su silla y, despu\u00e9s de haber dicho unas \u00faltimas palabras al hombre que ten\u00eda detr\u00e1s, cogi\u00f3 un cuadernito de notas, \u00fanico objeto que hab\u00eda sobre su mesa. Parec\u00eda un cuaderno escolar, viejo y deformado de tanto hojearlo. \u201c<em>Bueno<\/em>\u201d, dijo el juez, hoje\u00f3 el cuaderno y se dirigi\u00f3 a K. en tono afirmativo: \u201c<em>\u00bfEs usted pintor de brocha gorda?<\/em>\u201d. \u201c<em>No<\/em>\u201d, dijo K. \u201c<em>Soy apoderado general de un barco importante<\/em>.\u201d A esa respuesta siguieron en el bando situado abajo a la derecha unas carcajadas tan cordiales que K. tuvo que re\u00edrse tambi\u00e9n. La gente apoyaba las manos en las rodillas y se agitaba como si tuviera un fuerte acceso de tos. Se rieron incluso algunos de la galer\u00eda. [\u2026]<\/span><\/span><\/p>\n<p style=\"text-align: justify;\"><span style=\"font-size: 14pt;\"><b>L<\/b><span style=\"font-weight: 400;\">a parte izquierda de la sala segu\u00eda sin embargo silenciosa, la gente permanec\u00eda de pie en filas, ten\u00eda el rostro vuelto hacia el estrado y escuchaba las palabras que se cruzaban arriba con tanta tranquilidad como ruido produc\u00eda la otra parte, tolerando incluso que algunos de sus filas hicieran de vez en cuando causa com\u00fan con ella. La gente del bando de la izquierda, por lo dem\u00e1s menos numerosa, pod\u00eda ser en el fondo tan insignificante como la de la derecha, pero la serenidad de su comportamiento hac\u00eda que pareciera m\u00e1s importante. Cuando K. comenz\u00f3 a hablar, estaba convencido de expresar el punto de vista de ella.<\/span><\/span><\/p>\n<p style=\"text-align: justify;\"><span style=\"font-size: 14pt;\"><span style=\"font-weight: 400;\">\u201c<\/span><b>S<\/b><span style=\"font-weight: 400;\">u pregunta de si soy pintor de brocha gorda, se\u00f1or juez de instrucci\u00f3n -aunque m\u00e1s bien no me ha preguntado nada, sino que me ha lanzado esa afirmaci\u00f3n-, resulta caracter\u00edstica de la clase de procedimiento que se instruye contra m\u00ed. Podr\u00e1 objetar que no se trata en absoluto de un procedimiento; tiene toda la raz\u00f3n, porque solo es un procedimiento si yo lo reconozco como tal. Sin embargo, de momento lo har\u00e9 as\u00ed, en cierto modo por compasi\u00f3n. No se puede ser m\u00e1s que compasivo, si es que se le quiere prestar atenci\u00f3n siquiera. No dir\u00e9 que se trata de un procedimiento chapucero, pero quisiera ofrecerle ese calificativo para su propio gobierno.\u201d<\/span><\/span><\/p>\n<p style=\"text-align: justify;\"><span style=\"font-size: 14pt;\"><b>K<\/b><span style=\"font-weight: 400;\">. se interrumpi\u00f3 y mir\u00f3 abajo a la sala. Lo que hab\u00eda dicho era duro, m\u00e1s duro de lo que hab\u00eda pretendido, pero sin embargo exacto. Hubiera podido merecer aplausos aqu\u00ed o all\u00e1, pero todos estaban silenciosos; evidentemente, aguardaban atentos lo que seguir\u00eda; tal vez se preparaba ya en silencio un estallido que acabar\u00eda con todo.[\u2026]<\/span><\/span><\/p>\n<p>&nbsp;<\/p>\n<blockquote>\n<p style=\"text-align: center;\"><span style=\"font-size: 14pt; color: #008000;\"><b>NO QUIERO TENER \u00c9XITO COMO ORADOR; LO QUE QUIERO ES SOLO QUE SE HABLE P\u00daBLICAMENTE DE UNA INJUSTICIA P\u00daBLICA<\/b><\/span><\/p>\n<\/blockquote>\n<p>&nbsp;<\/p>\n<p style=\"text-align: justify;\"><span style=\"font-size: 14pt;\"><b>L<\/b><span style=\"font-weight: 400;\">os rostros de las personas de la primera fila estaban tan atentos que, por un momento, K. se qued\u00f3 mir\u00e1ndolos. Eran sin excepci\u00f3n hombres de edad, algunos de ellos de barba blanca. Tal vez eran los decisivos, los que pod\u00edan influir en toda la asamblea, la cual, ni siquiera ante la humillaci\u00f3n del juez de instrucci\u00f3n, sal\u00eda de la inmovilidad en que se hab\u00eda sumido ante las palabras de K.<\/span><\/span><\/p>\n<p style=\"text-align: justify;\">\u00a0<\/p>\n<p>&nbsp;<\/p>\n<p><img loading=\"lazy\" decoding=\"async\" class=\"aligncenter size-full wp-image-2269113\" src=\"https:\/\/puntocritico.com\/ausajpuntocritico\/wp-content\/uploads\/2023\/03\/Kafka-funcionarios-justicia-2.jpg\" alt=\"\" width=\"372\" height=\"287\" data-id=\"2269113\" srcset=\"https:\/\/puntocritico.com\/ausajpuntocritico\/wp-content\/uploads\/2023\/03\/Kafka-funcionarios-justicia-2.jpg 372w, https:\/\/puntocritico.com\/ausajpuntocritico\/wp-content\/uploads\/2023\/03\/Kafka-funcionarios-justicia-2-300x231.jpg 300w\" sizes=\"auto, (max-width: 372px) 100vw, 372px\" \/><\/p>\n<p style=\"text-align: justify;\">\u00a0<\/p>\n<p style=\"text-align: justify;\"><span style=\"font-size: 14pt;\"><span style=\"font-weight: 400;\">\u201c<\/span><em><b>L<\/b><\/em><span style=\"font-weight: 400;\"><em>o que me ha ocurrido<\/em>\u201d, continu\u00f3 K. en voz algo m\u00e1s baja que antes, escrutando una y otra vez los rostros de la primera fila, lo que hac\u00eda que su discurso resultara algo inquieto, \u201c<em>lo que me ha ocurrido no es solo un caso aislado y, como tal, no muy importante, ya que no me lo tomo muy en serio, sino que es significativo de los procesos que se instruyen contra muchos. Por ellos y no por m\u00ed estoy aqu\u00ed ahora<\/em>.\u201d<\/span><\/span><\/p>\n<p style=\"text-align: justify;\"><span style=\"font-size: 14pt;\"><b>H<\/b><span style=\"font-weight: 400;\">ab\u00eda levantado involuntariamente la voz. En alg\u00fan lugar, alguien aplaudi\u00f3 levantando las manos y grit\u00f3: \u201c<em>\u00a1Bravo! \u00bfPor qu\u00e9 no? \u00a1Bravo! \u00a1Otra vez bravo!<\/em>\u201d. Algunos de la primera fila se mesaron la barba, pero nadie se volvi\u00f3 por aquella exclamaci\u00f3n. Tampoco K. le dio importancia, aunque lo anim\u00f3; no consideraba ya necesario que todos aplaudieran, bastaba con el p\u00fablico comenzara a reflexionar sobre el asunto y con ganarse a alguien a veces, por convencimiento.<\/span><\/span><\/p>\n<p style=\"text-align: justify;\"><span style=\"font-size: 14pt;\"><span style=\"font-weight: 400;\">\u201c<\/span><em><b>N<\/b><\/em><span style=\"font-weight: 400;\"><em>o quiero tener \u00e9xito como orador<\/em>\u201d, dijo K. movido por esta reflexi\u00f3n, \u201cy tampoco podr\u00eda lograrlo. El se\u00f1or juez instructor habla probablemente mucho mejor, forma parte de su profesi\u00f3n. Lo que quiero es solo que se hable p\u00fablicamente de una injusticia p\u00fablica. Escuchen: hace unos diez d\u00edas fui detenido; me r\u00edo del hecho de la detenci\u00f3n<img loading=\"lazy\" decoding=\"async\" class=\"alignright wp-image-2269145\" src=\"https:\/\/puntocritico.com\/ausajpuntocritico\/wp-content\/uploads\/2023\/03\/Kafka_La_Marca_2.jpg\" alt=\"\" width=\"440\" height=\"647\" data-id=\"2269145\" srcset=\"https:\/\/puntocritico.com\/ausajpuntocritico\/wp-content\/uploads\/2023\/03\/Kafka_La_Marca_2.jpg 1598w, https:\/\/puntocritico.com\/ausajpuntocritico\/wp-content\/uploads\/2023\/03\/Kafka_La_Marca_2-204x300.jpg 204w, https:\/\/puntocritico.com\/ausajpuntocritico\/wp-content\/uploads\/2023\/03\/Kafka_La_Marca_2-697x1024.jpg 697w, https:\/\/puntocritico.com\/ausajpuntocritico\/wp-content\/uploads\/2023\/03\/Kafka_La_Marca_2-768x1129.jpg 768w, https:\/\/puntocritico.com\/ausajpuntocritico\/wp-content\/uploads\/2023\/03\/Kafka_La_Marca_2-1045x1536.jpg 1045w, https:\/\/puntocritico.com\/ausajpuntocritico\/wp-content\/uploads\/2023\/03\/Kafka_La_Marca_2-1393x2048.jpg 1393w, https:\/\/puntocritico.com\/ausajpuntocritico\/wp-content\/uploads\/2023\/03\/Kafka_La_Marca_2-610x897.jpg 610w, https:\/\/puntocritico.com\/ausajpuntocritico\/wp-content\/uploads\/2023\/03\/Kafka_La_Marca_2-1320x1940.jpg 1320w\" sizes=\"auto, (max-width: 440px) 100vw, 440px\" \/> misma, pero este no es el momento de hablar de ella; quiz\u00e1 -no hay que excluirlo despu\u00e9s de lo que ha dicho el juez de instrucci\u00f3n- se hab\u00eda dado la orden de detener a alg\u00fan pintor de brocha gorda tan inocente como yo, pero me eligieron a m\u00ed. La habitaci\u00f3n contigua fue ocupada por dos rudos guardianes. Si yo hubiera sido un bandido peligroso, no se habr\u00edan tomado m\u00e1s precauciones. Esos guardianes eran gentuza sin moral, me atronaron los o\u00eddos, quisieron que los sobornara, quisieron, con falsedades, quitarme la ropa interior y los trajes, y me pidieron dinero, supuestamente para traerme el desayuno , despu\u00e9s de haberse comido desvergonzadamente el m\u00edo ante mis ojos. [\u2026]<\/span><\/span><\/p>\n<p style=\"text-align: justify;\"><span style=\"font-size: 14pt;\"><b>N<\/b><span style=\"font-weight: 400;\">o me fue f\u00e1cil conservar la calma. Sin embargo lo consegu\u00ed y, totalmente tranquilo, pregunt\u00e9 al inspector -si el estuviera aqu\u00ed tendr\u00eda que confirmarlo- por qu\u00e9 estaba detenido. \u00bfQu\u00e9 respondi\u00f3 entonces ese inspector al que todav\u00eda veo ante m\u00ed sentado en una silla como encarnaci\u00f3n del orgullo m\u00e1s est\u00fapido? Se\u00f1ores, en el fondo no respondi\u00f3 nada, quiz\u00e1 tampoco sab\u00eda nada, me hab\u00eda detenido y con eso se daba por satisfecho. [\u2026]<\/span><\/span><\/p>\n<p style=\"text-align: justify;\"><span style=\"font-size: 14pt;\"><b>C<\/b><span style=\"font-weight: 400;\">uando K. se interrumpi\u00f3 en ese punto y mir\u00f3 al silencioso juez de instrucci\u00f3n, crey\u00f3 observar que este estaba haciendo precisamente a alguien de la multitud un signo con los ojos. K. se ri\u00f3 y dijo: &lt;El se\u00f1or juez de instrucci\u00f3n acaba de hacer a alguien una se\u00f1al secreta. Por consiguiente, hay entre ustedes personas dirigidas desde aqu\u00ed arriba. No s\u00e9 si esa se\u00f1al debe provocar ahora aplausos o siseos y, por el hecho de haberlo revelado prematuramente, he renunciado, de forma plenamente consciente, a conocer su significado. Me resulta completamente indiferente, y en p\u00fablico autorizo al se\u00f1or juez instructor a capitanear a sus empleados a sueldo de ah\u00ed abajo, en lugar de con se\u00f1ales secretas, con palabras en voz alta, dici\u00e9ndoles unas veces, por ejemplo: \u201c<em>Silbad ahora<\/em>\u201d, y otras: \u201c<em>Ahora aplaudid<\/em>\u201d&gt;<\/span><\/span><\/p>\n<p style=\"text-align: justify;\"><span style=\"font-size: 14pt;\"><b>E<\/b><span style=\"font-weight: 400;\">l juez de instrucci\u00f3n, por desconcierto o impaciencia, se revolv\u00eda en su silla. El hombre que ten\u00eda detr\u00e1s y con el que hab\u00eda hablado antes se inclin\u00f3 nuevamente hacia \u00e9l, ya fuera para alentarlo\u00a0 en general o para darle alg\u00fan consejo concreto. Abajo, la gente hablaba en voz baja con animaci\u00f3n. Los dos bandos, que antes hab\u00edan parecido tener\u00a0opiniones tan opuestas, se mezclaban, algunas personas aisladas se\u00f1alaban con el dedo a K. y otras al juez de instrucci\u00f3n. El vaho neblinoso de la habitaci\u00f3n era sumamente denso: imped\u00eda incluso observar bien a los que estaban lejos. Deb\u00eda de ser especialmente molesto para los espectadores de la galer\u00eda, que se ve\u00edan obligados, aunque lanzando t\u00edmidas miradas de soslayo al juez de instrucci\u00f3n, a preguntar a los participantes en la asamblea para informarse mejor. Las respuestas eran dadas igualmente en voz baja, tap\u00e1ndose la boca con la mano.<\/span><\/span><\/p>\n<p>&nbsp;<\/p>\n<blockquote>\n<p style=\"text-align: center;\"><span style=\"font-size: 14pt; color: #008000;\"><b>TENIENDO EN CUENTA LA FALTA DE SENTIDO DEL CONJUNTO DE LA ORGANIZACI\u00d3N, \u00bfC\u00d3MO EVITAR LA PEOR DE LAS CORRUPCIONES ENTRE LOS FUNCIONARIOS?<\/b><\/span><\/p>\n<\/blockquote>\n<p>&nbsp;<\/p>\n<p style=\"text-align: justify;\"><span style=\"font-size: 14pt;\"><span style=\"font-weight: 400;\">\u201c<\/span><em><b>E<\/b><\/em><span style=\"font-weight: 400;\"><em>nseguida acabo<\/em>\u201d, dijo K., y como no hab\u00eda campanilla, golpe\u00f3 la mesa con el pu\u00f1o, lo que hizo que, asustadas, se separasen al instante las cabezas del juez de instrucci\u00f3n y de su asesor. \u201c<em>Todo este asunto no me concierne, por eso puedo juzgarlo tranquilamente y ustedes, si algo les importa este pretendido tribunal, pueden beneficiarse mucho si me escuchan. Les ruego que dejen para luego sus comentarios sobre lo que digo, porque no tengo tiempo y tendr\u00e9 que marcharme pronto<\/em>.\u201d<\/span><\/span><\/p>\n<p style=\"text-align: justify;\"><span style=\"font-size: 14pt;\"><b>E<\/b><span style=\"font-weight: 400;\">nseguida se hizo el silencio: tanto dominaba K. ahora la asamblea. Ya no se cruzaban gritos como al principio, ni siquiera se aplaud\u00eda ya, pero la gente parec\u00eda convencida o muy cerca de estarlo.<\/span><\/span><\/p>\n<p style=\"text-align: justify;\"><span style=\"font-size: 14pt;\"><span style=\"font-weight: 400;\">\u201c<\/span><em><b>N<\/b><\/em><span style=\"font-weight: 400;\"><em>o hay duda<\/em>\u201d, dijo K. en voz muy baja, porque lo alegraba la tensa atenci\u00f3n de toda la asamblea: de aquel silencio brotaba un zumbido que era m\u00e1s excitante que el aplauso m\u00e1s entusiasta, \u201cno hay duda de que, detr\u00e1s de todas las actuaciones de este tribunal -en mi caso, pues, detr\u00e1s de la detenci\u00f3n y de la investigaci\u00f3n de hoy-, se encuentra una gran organizaci\u00f3n. Una organizaci\u00f3n que no solo emplea guardianes corruptos, inspectores rid\u00edculos y jueces de instrucci\u00f3n que, en el mejor de los casos, son mediocres, sino que mantiene a unos jueces de grado superior y supremo, con su s\u00e9quito inevitable e innumerable de ujieres, escribientes, gendarmes y otros ayudantes; incluso tal vez verdugos, no me asusta la palabra.<\/span><\/span><\/p>\n<p style=\"text-align: justify;\"><span style=\"font-size: 14pt;\"><span style=\"font-weight: 400;\">\u00bf<\/span><b>Y<\/b><span style=\"font-weight: 400;\">\u00a0cu\u00e1l es el sentido de esa gran organizaci\u00f3n, se\u00f1ores? Consiste en detener a personas inocentes e instruir contra ellas\u00a0procesos absurdos y la mayor\u00eda de las veces, como en mi caso, sin \u00e9xito. Teniendo en cuenta la falta de sentido del conjunto, \u00bfc\u00f3mo evitar la peor de las corrupciones entre los funcionarios? Es imposible, eso no podr\u00eda lograrlo ni el juez supremo por s\u00ed mismo. Por eso los guardianes de los detenidos tratan de robarles hasta la camisa del cuerpo, por eso los inspectores irrumpen en viviendas ajenas, y por eso los detenidos, en lugar de ser interrogados, se ven humillados ante asambleas enteras. Los guardianes me han hablado de dep\u00f3sitos a los que llevan las pertenencias de los detenidos, y yo quisiera ver alguna vez esos dep\u00f3sitos, en los que se pudre el patrimonio fatigosamente acumulado, si es que no ha sido ya saqueado por empleados ladrones.\u201d [\u2026]<\/span><\/span><\/p>\n<p>&nbsp;<\/p>\n<p><img loading=\"lazy\" decoding=\"async\" class=\"aligncenter wp-image-2269147\" src=\"https:\/\/puntocritico.com\/ausajpuntocritico\/wp-content\/uploads\/2023\/03\/Kafka_La_Marca_3.jpg\" alt=\"\" width=\"420\" height=\"397\" data-id=\"2269147\" srcset=\"https:\/\/puntocritico.com\/ausajpuntocritico\/wp-content\/uploads\/2023\/03\/Kafka_La_Marca_3.jpg 705w, https:\/\/puntocritico.com\/ausajpuntocritico\/wp-content\/uploads\/2023\/03\/Kafka_La_Marca_3-300x284.jpg 300w, https:\/\/puntocritico.com\/ausajpuntocritico\/wp-content\/uploads\/2023\/03\/Kafka_La_Marca_3-610x577.jpg 610w\" sizes=\"auto, (max-width: 420px) 100vw, 420px\" \/><\/p>\n<p>&nbsp;<\/p>\n<p style=\"text-align: justify;\"><span style=\"font-size: 14pt;\"><b>E<\/b><span style=\"font-weight: 400;\">ntonces se encontr\u00f3 frente a frente con la multitud. \u00bfHab\u00eda juzgado mal a aquella gente? \u00bfHab\u00eda confiado demasiado en el efecto de su discurso? \u00bfHab\u00edan fingido mientras \u00e9l hablaba y ahora, cuando llegaba a las conclusiones, se hab\u00edan cansado de fingir? \u00a1Qu\u00e9 rostros ten\u00eda alrededor! Peque\u00f1os ojillos negros se mov\u00edan de un lado a otro, las mejillas colgaban como las de los borrachos, las largas barbas eran r\u00edgidas y ralas y, si se hubiera tratado de asirlas, habr\u00eda sido como si la mano se convirtiese en garra y no como si se agarrase una barba.<\/span><\/span><\/p>\n<p style=\"text-align: justify;\"><span style=\"font-size: 14pt;\"><b>S<\/b><span style=\"font-weight: 400;\">in embargo, <em>bajo aquellas barbas<\/em> -y ese fue el verdadero descubrimiento que hizo K.-, <em>brillaban en las solapas insignias de distintos tama\u00f1os y colores<\/em>. Hasta donde pod\u00eda ver, todos llevaban aquellas insignias; todos -aquellos pretendidos bandos de\u00a0derecha e izquierda- pertenec\u00edan a lo mismo y, cuando se volvi\u00f3 de pronto, vio la misma insignia en el cuello del juez de instrucci\u00f3n que, con las manos en las rodillas, miraba tranquilamente hacia abajo. \u201c<em>\u00a1Ah!<\/em>\u201d, exclam\u00f3 K., levantando los brazos, aquella comprensi\u00f3n s\u00fabita requer\u00eda espacio. \u201c<em>Todos sois funcionarios, seg\u00fan veo, todos sois esa banda corrupta contra la que yo he hablado; os hab\u00e9is metido aqu\u00ed para o\u00edr y espiar, hab\u00e9is formado supuestos bandos y alguno ha aplaudido para ponerme a prueba; quer\u00edais saber c\u00f3mo se puede enga\u00f1ar a un inocente. Bueno, espero que vuestra presencia no haya sido in\u00fatil: o bien os habr\u00e1 divertido que alguien esperase de vosotros que defendierais la inocencia, o bien\u2026 \u00a1Su\u00e9ltame o te pego!<\/em>\u201d grit\u00f3 K. a un anciano tembloroso que se le hab\u00eda acercado mucho, \u201c<em>habr\u00e9is aprendido realmente algo. Y con ello os deseo suerte en vuestro oficio<\/em>.\u201d<\/span><\/span><\/p>\n<p style=\"text-align: justify;\"><span style=\"font-size: 14pt;\"><b>C<\/b><span style=\"font-weight: 400;\">ogi\u00f3 r\u00e1pidamente su sombrero, que estaba al borde de la mesa, y se abri\u00f3 paso en medio del silencio general -en cualquier caso el silencio de la m\u00e1s completa sorpresa- hacia la salida. Sin embargo, el juez de instrucci\u00f3n parec\u00eda haber sido m\u00e1s r\u00e1pido que K., porque lo aguardaba junto a la puerta. \u201c<em>Un momento<\/em>\u201d, dijo; K. se detuvo, pero no mir\u00f3 al juez sino a la puerta, cuya manilla hab\u00eda agarrado ya. \u201c<em>S\u00f3lo quer\u00eda se\u00f1alarle<\/em>\u201d, dijo el juez de instrucci\u00f3n, \u201c<em>que hoy -tal vez no haya tenido conciencia de ello- se ha privado de las ventajas que un interrogatorio reporta en cualquier caso al detenido<\/em>.\u201d K. se ri\u00f3, mirando hacia la puerta. \u201c<em>Sinverg\u00fcenzas<\/em>\u201d, exclam\u00f3, \u201c<em>os regalo vuestros interrogatorios<\/em>\u201d. Abri\u00f3 la puerta y se apresur\u00f3 a bajar las escaleras. Detr\u00e1s de \u00e9l se alz\u00f3 el ruido de la asamblea, otra vez viva, que comenz\u00f3 probablemente a comentar lo ocurrido, al estilo de los escoliastas.<\/span><\/span><\/p>\n<p>&nbsp;<\/p>\n<p><img loading=\"lazy\" decoding=\"async\" class=\"aligncenter wp-image-2269146\" src=\"https:\/\/puntocritico.com\/ausajpuntocritico\/wp-content\/uploads\/2023\/03\/crumb-kafka.jpg\" alt=\"\" width=\"330\" height=\"394\" data-id=\"2269146\" srcset=\"https:\/\/puntocritico.com\/ausajpuntocritico\/wp-content\/uploads\/2023\/03\/crumb-kafka.jpg 385w, https:\/\/puntocritico.com\/ausajpuntocritico\/wp-content\/uploads\/2023\/03\/crumb-kafka-251x300.jpg 251w\" sizes=\"auto, (max-width: 330px) 100vw, 330px\" \/><\/p>\n<p style=\"text-align: center;\"><span style=\"font-weight: 400; font-size: 14pt;\">* * *<\/span><\/p>\n<p style=\"text-align: justify;\"><span style=\"font-size: 14pt;\"><a href=\"https:\/\/es.wikipedia.org\/wiki\/Franz_Kafka\" target=\"_blank\" rel=\"noopener\"><b>FRANZ KAFKA<\/b><\/a><span style=\"font-weight: 400;\">,\u00a0<\/span><i><span style=\"font-weight: 400;\">El proceso (extracto)<\/span><\/i><span style=\"font-weight: 400;\">. Obras Completas I. C\u00edrculo de Lectores, 1999. Traducci\u00f3n de Miguel S\u00e1enz.<\/span><\/span><\/p>\n<p style=\"text-align: justify;\"><span style=\"font-size: 14pt;\"><strong>Ilustraciones B\/N<\/strong>: <a href=\"https:\/\/es.wikipedia.org\/wiki\/Robert_Crumb\" target=\"_blank\" rel=\"noopener\">Robert Crumb<\/a><\/span><\/p>\n<p><img loading=\"lazy\" decoding=\"async\" class=\"aligncenter wp-image-2209617\" src=\"https:\/\/puntocritico.com\/ausajpuntocritico\/wp-content\/uploads\/2021\/05\/El-Proceso-Kafka-4.jpg\" alt=\"\" width=\"280\" height=\"439\" data-id=\"2209617\" srcset=\"https:\/\/puntocritico.com\/ausajpuntocritico\/wp-content\/uploads\/2021\/05\/El-Proceso-Kafka-4.jpg 552w, https:\/\/puntocritico.com\/ausajpuntocritico\/wp-content\/uploads\/2021\/05\/El-Proceso-Kafka-4-191x300.jpg 191w\" sizes=\"auto, (max-width: 280px) 100vw, 280px\" \/><\/p>\n<p style=\"text-align: center;\"><strong><span style=\"font-size: 18pt; color: #008000;\">*******<\/span><\/strong><\/p>\n<h2 style=\"text-align: justify;\"><span style=\"font-size: 14pt;\"><strong>RELACIONADOS:<\/strong><\/span><\/h2>\n<blockquote class=\"wp-embedded-content\" data-secret=\"kDMW7H5TUP\"><p><a href=\"https:\/\/puntocritico.com\/ausajpuntocritico\/2021\/05\/11\/el-proceso-extracto-de-franz-kafka\/\">El PROCESO (extracto), de FRANZ KAFKA. \u00abLo que quiero es solo que se hable p\u00fablicamente de una injusticia p\u00fablica\u00bb.<\/a><\/p><\/blockquote>\n<p><iframe loading=\"lazy\" class=\"wp-embedded-content\" sandbox=\"allow-scripts\" security=\"restricted\" style=\"position: absolute; clip: rect(1px, 1px, 1px, 1px);\" title=\"\u00abEl PROCESO (extracto), de FRANZ KAFKA. \u00abLo que quiero es solo que se hable p\u00fablicamente de una injusticia p\u00fablica\u00bb.\u00bb \u2014 Punto Cr\u00edtico Derechos Humanos\" src=\"https:\/\/puntocritico.com\/ausajpuntocritico\/2021\/05\/11\/el-proceso-extracto-de-franz-kafka\/embed\/#?secret=ugbmRdlJhX#?secret=kDMW7H5TUP\" data-secret=\"kDMW7H5TUP\" width=\"500\" height=\"282\" frameborder=\"0\" marginwidth=\"0\" marginheight=\"0\" scrolling=\"no\"><\/iframe><\/p>\n<blockquote class=\"wp-embedded-content\" data-secret=\"Rc1LPH7So2\"><p><a href=\"https:\/\/puntocritico.com\/ausajpuntocritico\/2017\/09\/11\/informe-para-una-academia-por-franz-kakfa\/\">INFORME PARA UNA ACADEMIA, por Franz Kafka<\/a><\/p><\/blockquote>\n<p><iframe loading=\"lazy\" class=\"wp-embedded-content\" sandbox=\"allow-scripts\" security=\"restricted\" style=\"position: absolute; clip: rect(1px, 1px, 1px, 1px);\" title=\"\u00abINFORME PARA UNA ACADEMIA, por Franz Kafka\u00bb \u2014 Punto Cr\u00edtico Derechos Humanos\" src=\"https:\/\/puntocritico.com\/ausajpuntocritico\/2017\/09\/11\/informe-para-una-academia-por-franz-kakfa\/embed\/#?secret=HpV5rucm9p#?secret=Rc1LPH7So2\" data-secret=\"Rc1LPH7So2\" width=\"500\" height=\"282\" frameborder=\"0\" marginwidth=\"0\" marginheight=\"0\" scrolling=\"no\"><\/iframe><\/p>\n<blockquote class=\"wp-embedded-content\" data-secret=\"HJM1Qv1avC\"><p><a href=\"https:\/\/puntocritico.com\/ausajpuntocritico\/2023\/01\/04\/la-burocratizacion-del-mundo-por-bruno-rizzi\/\">\u00abLA BUROCRATIZACI\u00d3N DEL MUNDO\u00bb, por Bruno Rizzi (Parte 1).<\/a><\/p><\/blockquote>\n<p><iframe loading=\"lazy\" class=\"wp-embedded-content\" sandbox=\"allow-scripts\" security=\"restricted\" style=\"position: absolute; clip: rect(1px, 1px, 1px, 1px);\" title=\"\u00ab\u00abLA BUROCRATIZACI\u00d3N DEL MUNDO\u00bb, por Bruno Rizzi (Parte 1).\u00bb \u2014 Punto Cr\u00edtico Derechos Humanos\" src=\"https:\/\/puntocritico.com\/ausajpuntocritico\/2023\/01\/04\/la-burocratizacion-del-mundo-por-bruno-rizzi\/embed\/#?secret=hZLD8UGcej#?secret=HJM1Qv1avC\" data-secret=\"HJM1Qv1avC\" width=\"500\" height=\"282\" frameborder=\"0\" marginwidth=\"0\" marginheight=\"0\" scrolling=\"no\"><\/iframe><\/p>\n<blockquote class=\"wp-embedded-content\" data-secret=\"XTg4VZWyuK\"><p><a href=\"https:\/\/puntocritico.com\/ausajpuntocritico\/2023\/01\/11\/la-burocratizacion-del-mundo-bruno-rizzi-plusvalia\/\">\u00abLA BUROCRATIZACI\u00d3N DEL MUNDO\u00bb, por Bruno Rizzi (Parte 2): PLUSVAL\u00cdA: \u00abExplotaci\u00f3n Burocr\u00e1tica\u00bb y \u00abEl Proletariado\u00bb.<\/a><\/p><\/blockquote>\n<p><iframe loading=\"lazy\" class=\"wp-embedded-content\" sandbox=\"allow-scripts\" security=\"restricted\" style=\"position: absolute; clip: rect(1px, 1px, 1px, 1px);\" title=\"\u00ab\u00abLA BUROCRATIZACI\u00d3N DEL MUNDO\u00bb, por Bruno Rizzi (Parte 2): PLUSVAL\u00cdA: \u00abExplotaci\u00f3n Burocr\u00e1tica\u00bb y \u00abEl Proletariado\u00bb.\u00bb \u2014 Punto Cr\u00edtico Derechos Humanos\" src=\"https:\/\/puntocritico.com\/ausajpuntocritico\/2023\/01\/11\/la-burocratizacion-del-mundo-bruno-rizzi-plusvalia\/embed\/#?secret=x58kXtQzdo#?secret=XTg4VZWyuK\" data-secret=\"XTg4VZWyuK\" width=\"500\" height=\"282\" frameborder=\"0\" marginwidth=\"0\" marginheight=\"0\" scrolling=\"no\"><\/iframe><\/p>\n<blockquote class=\"wp-embedded-content\" data-secret=\"m5PrQ9WST7\"><p><a href=\"https:\/\/puntocritico.com\/ausajpuntocritico\/2023\/01\/18\/la-burocratizacion-del-mundo-por-bruno-rizzi-y-parte-3\/\">\u00abLA BUROCRATIZACI\u00d3N DEL MUNDO\u00bb, por Bruno Rizzi (y Parte 3): \u00abNacionalizaci\u00f3n\u00bb y \u00abRestauraci\u00f3n Burguesa\u00bb<\/a><\/p><\/blockquote>\n<p><iframe loading=\"lazy\" class=\"wp-embedded-content\" sandbox=\"allow-scripts\" security=\"restricted\" style=\"position: absolute; clip: rect(1px, 1px, 1px, 1px);\" title=\"\u00ab\u00abLA BUROCRATIZACI\u00d3N DEL MUNDO\u00bb, por Bruno Rizzi (y Parte 3): \u00abNacionalizaci\u00f3n\u00bb y \u00abRestauraci\u00f3n Burguesa\u00bb\u00bb \u2014 Punto Cr\u00edtico Derechos Humanos\" src=\"https:\/\/puntocritico.com\/ausajpuntocritico\/2023\/01\/18\/la-burocratizacion-del-mundo-por-bruno-rizzi-y-parte-3\/embed\/#?secret=4fa58iLHqF#?secret=m5PrQ9WST7\" data-secret=\"m5PrQ9WST7\" width=\"500\" height=\"282\" frameborder=\"0\" marginwidth=\"0\" marginheight=\"0\" scrolling=\"no\"><\/iframe><\/p>\n<p>&nbsp;<\/p>\n<p><a href=\"https:\/\/puntocritico.com\/ausajpuntocritico\/author\/punto-critico\/\"><img loading=\"lazy\" decoding=\"async\" class=\"aligncenter wp-image-48\" src=\"https:\/\/puntocritico.com\/ausajpuntocritico\/wp-content\/uploads\/2016\/11\/Mosca_Punto_Cr\u00edtico_40.png\" alt=\"\" width=\"80\" height=\"80\" \/><\/a><\/p>\n<p>&nbsp;<\/p>\n","protected":false},"excerpt":{"rendered":"<div class=\"mh-excerpt\"><p>LA JUSTICIA DE LOS FUNCIONARIOS &nbsp; \u201cEn un gobierno corrompido, puesto que en todos se hallan extinguidos la religi\u00f3n y el temor de Dios, el juramento y la fe dada rigen solamente en cuanto son <a class=\"mh-excerpt-more\" href=\"https:\/\/puntocritico.com\/ausajpuntocritico\/2023\/03\/15\/la-justicia-de-los-funcionarios-por-franz-kafka\/\" title=\"LA JUSTICIA DE LOS FUNCIONARIOS, por Franz Kafka\">[&#8230;]<\/a><\/p>\n<\/div>","protected":false},"author":3,"featured_media":2269162,"comment_status":"open","ping_status":"closed","sticky":false,"template":"","format":"standard","meta":{"_acf_changed":false,"_exactmetrics_skip_tracking":false,"_exactmetrics_sitenote_active":false,"_exactmetrics_sitenote_note":"","_exactmetrics_sitenote_category":0,"footnotes":""},"categories":[6],"tags":[101],"class_list":{"0":"post-2269112","1":"post","2":"type-post","3":"status-publish","4":"format-standard","5":"has-post-thumbnail","7":"category-justicia","8":"tag-kafka"},"acf":[],"_links":{"self":[{"href":"https:\/\/puntocritico.com\/ausajpuntocritico\/wp-json\/wp\/v2\/posts\/2269112","targetHints":{"allow":["GET"]}}],"collection":[{"href":"https:\/\/puntocritico.com\/ausajpuntocritico\/wp-json\/wp\/v2\/posts"}],"about":[{"href":"https:\/\/puntocritico.com\/ausajpuntocritico\/wp-json\/wp\/v2\/types\/post"}],"author":[{"embeddable":true,"href":"https:\/\/puntocritico.com\/ausajpuntocritico\/wp-json\/wp\/v2\/users\/3"}],"replies":[{"embeddable":true,"href":"https:\/\/puntocritico.com\/ausajpuntocritico\/wp-json\/wp\/v2\/comments?post=2269112"}],"version-history":[{"count":0,"href":"https:\/\/puntocritico.com\/ausajpuntocritico\/wp-json\/wp\/v2\/posts\/2269112\/revisions"}],"wp:featuredmedia":[{"embeddable":true,"href":"https:\/\/puntocritico.com\/ausajpuntocritico\/wp-json\/wp\/v2\/media\/2269162"}],"wp:attachment":[{"href":"https:\/\/puntocritico.com\/ausajpuntocritico\/wp-json\/wp\/v2\/media?parent=2269112"}],"wp:term":[{"taxonomy":"category","embeddable":true,"href":"https:\/\/puntocritico.com\/ausajpuntocritico\/wp-json\/wp\/v2\/categories?post=2269112"},{"taxonomy":"post_tag","embeddable":true,"href":"https:\/\/puntocritico.com\/ausajpuntocritico\/wp-json\/wp\/v2\/tags?post=2269112"}],"curies":[{"name":"wp","href":"https:\/\/api.w.org\/{rel}","templated":true}]}}