{"id":2268911,"date":"2023-05-13T00:05:54","date_gmt":"2023-05-12T22:05:54","guid":{"rendered":"https:\/\/puntocritico.com\/ausajpuntocritico\/?p=2268911"},"modified":"2025-01-09T18:00:56","modified_gmt":"2025-01-09T17:00:56","slug":"corrupta-roma-la-ciudad-la-tradicion-y-la-muerte","status":"publish","type":"post","link":"https:\/\/puntocritico.com\/ausajpuntocritico\/2023\/05\/13\/corrupta-roma-la-ciudad-la-tradicion-y-la-muerte\/","title":{"rendered":"CORRUPTA ROMA: LA CIUDAD, LA TRADICI\u00d3N Y LA MUERTE"},"content":{"rendered":"<h2 style=\"text-align: justify;\"><span style=\"font-size: 14pt; color: #008000;\">LA CIUDAD, LA TRADICI\u00d3N Y LA MUERTE<\/span><\/h2>\n\n<p>&nbsp;<\/p>\n<blockquote>\n<h2 style=\"text-align: center;\"><span style=\"font-size: 24pt;\"><strong>AS\u00cd PROVOCARON LOS MILMILLONARIOS Y LA AVARICIA DE LAS \u00c9LITES LA CA\u00cdDA DEL IMPERIO ROMANO<\/strong><\/span><\/h2>\n<p class=\"article-main__description\" style=\"text-align: center;\"><strong><span style=\"font-size: 14pt;\">El historiador Jos\u00e9 Soto Chica publica \u201cEl \u00e1guila y los cuervos\u201d, un revelador estudio donde explica c\u00f3mo la avaricia de las \u00e9lites, su resistencia a pagar impuestos y apoyar a la sociedad, acab\u00f3 con el sue\u00f1o de una Roma eterna.<\/span><\/strong><\/p>\n<p style=\"text-align: center;\"><strong><span style=\"font-size: 14pt;\">La causa del hundimiento del\u00a0Imperio romano\u00a0de Occidente fue la avaricia de las \u00e9lites, las luchas intestinas que entablaron entre s\u00ed para alcanzar el poder y su creciente desapego del Estado, afirmado en la creencia equivocada de que pod\u00edan prescindir de \u00e9l y de las garant\u00edas que brindaba debido al respaldo que les proporcionaban sus propias fortunas.<\/span><\/strong><\/p>\n<p style=\"text-align: justify;\"><span style=\"font-size: 14pt;\">Por Javier Ors<\/span><\/p>\n<p style=\"text-align: justify;\"><span style=\"font-size: 14pt;\"><a href=\"https:\/\/www.larazon.es\/cultura\/historia\/20221009\/w57unlibcneo7bjqbf4tjwn6vq.html\" target=\"_blank\" rel=\"noopener\">La Raz\u00f3n<\/a>, 19 OCT 2022<\/span><\/p>\n<p><img loading=\"lazy\" decoding=\"async\" class=\"aligncenter wp-image-2273500 size-mh-magazine-content\" src=\"https:\/\/puntocritico.com\/ausajpuntocritico\/wp-content\/uploads\/2023\/05\/Teodosio-disco-678x381.webp\" alt=\"\" width=\"678\" height=\"381\" data-id=\"2273500\" srcset=\"https:\/\/puntocritico.com\/ausajpuntocritico\/wp-content\/uploads\/2023\/05\/Teodosio-disco-678x381.webp 678w, https:\/\/puntocritico.com\/ausajpuntocritico\/wp-content\/uploads\/2023\/05\/Teodosio-disco-300x169.webp 300w, https:\/\/puntocritico.com\/ausajpuntocritico\/wp-content\/uploads\/2023\/05\/Teodosio-disco-1024x576.webp 1024w, https:\/\/puntocritico.com\/ausajpuntocritico\/wp-content\/uploads\/2023\/05\/Teodosio-disco-768x432.webp 768w, https:\/\/puntocritico.com\/ausajpuntocritico\/wp-content\/uploads\/2023\/05\/Teodosio-disco-1536x864.webp 1536w, https:\/\/puntocritico.com\/ausajpuntocritico\/wp-content\/uploads\/2023\/05\/Teodosio-disco-610x343.webp 610w, https:\/\/puntocritico.com\/ausajpuntocritico\/wp-content\/uploads\/2023\/05\/Teodosio-disco-1320x743.webp 1320w, https:\/\/puntocritico.com\/ausajpuntocritico\/wp-content\/uploads\/2023\/05\/Teodosio-disco.webp 1600w\" sizes=\"auto, (max-width: 678px) 100vw, 678px\" \/><\/p>\n<p>&nbsp;<\/p>\n<p style=\"text-align: justify;\"><span style=\"font-size: 14pt;\">La causa del hundimiento del\u00a0Imperio romano\u00a0de Occidente fue la avaricia de las \u00e9lites, las luchas intestinas que entablaron entre s\u00ed para alcanzar el poder y su creciente desapego del Estado, afirmado en la creencia equivocada de que pod\u00edan prescindir de \u00e9l y de las garant\u00edas que brindaba debido al respaldo que les proporcionaban sus propias fortunas.<\/span><\/p>\n<p style=\"text-align: justify;\"><span style=\"font-size: 14pt;\"> \u00ab<em>En el 425 d. C.,\u00a0<b>las rentas de la vieja aristocracia romana eran alt\u00edsimas<\/b>. Una sola familia obten\u00eda 4.000 libras de oro al a\u00f1o, la mitad del\u00a0<a href=\"https:\/\/www.larazon.es\/cultura\/historia\/20220804\/pmbljcmso5cvjavqw662n4npxu.html\" target=\"_blank\" rel=\"noopener\" data-schema-attribute=\"\">presupuesto militar romano<\/a>. Una suma que consegu\u00edan de sus tierras, propiedades y m\u00faltiples relaciones comerciales, m\u00e1s otro tercio que percib\u00edan en especie. Estamos hablando de un dinero bestial. Y esto sucede cuando el imperio se encuentra en\u00a0<b>un momento ag\u00f3nico<\/b>, con las invasiones b\u00e1rbaras, la p\u00e9rdida de un cuarto de su territorio y una merma aguda de su poblaci\u00f3n. En quince a\u00f1os ha perdido el 60 por ciento de sus ingresos<\/em>\u00bb, explica <strong>Jos\u00e9 Soto Chica<\/strong>. El historiador ha publicado\u00a0<a href=\"https:\/\/www.despertaferro-ediciones.com\/revistas\/numero\/el-aguila-y-los-cuervos-la-caida-del-imperio-romano-jose-soto-chica\/\" target=\"_blank\" rel=\"noopener\" data-schema-attribute=\"\"><i>El \u00e1guila y los cuervos<\/i>\u00a0(Desperta Ferro)<\/a>, un revolucionario ensayo sobre el declive y la desaparici\u00f3n del Imperio romano que aporta una renovada mirada y una profunda reflexi\u00f3n sobre las verdaderas causas que condujeron a su final.<\/span><\/p>\n<div>\n<aside class=\"advertising\">\n<div id=\"sunmedia1\" class=\"henneoHB sunmedia1\">\n<div id=\"sm-it-main-container-1683279563978\" class=\"sm-it-main-container\" data-it=\"0d7c8925-4460-41fe-a4a0-cc6035b3124b\" data-device=\"desktop\" data-index=\"0\">\n<p style=\"text-align: justify;\"><span style=\"font-size: 14pt;\">La historiograf\u00eda ha aducido\u00a0<b>m\u00faltiples motivos<\/b>\u00a0en el pasado para explicar su derrumbamiento, desde la\u00a0crisis econ\u00f3mica, la ca\u00edda demogr\u00e1fica, la difusi\u00f3n del cristianismo, la derrota de <em>Adrian\u00f3polis<\/em> o la irrupci\u00f3n de los pueblos germ\u00e1nicos. Pero\u00a0<b>nadie hab\u00eda reparado con anterioridad en la conducta \u00e9tica y el comportamiento avaricioso que mostraron la clase senatorial romana y los nobles patricios<\/b>. \u00ab<em>Si me hubieras preguntado hace un decenio, ni siquiera yo te hubiera nombrado los motivos en los que reparo ahora<\/em>\u00bb, reconoce <strong>Jos\u00e9 Soto Chica<\/strong>, que se ha ganado el merecido marchamo de ser uno de los grandes especialistas espa\u00f1oles de este periodo con obras como \u00ab<em><strong>Imperios y b\u00e1rbaros<\/strong><\/em>\u00bb o \u00ab<em><strong>Los visigodos. Hijos de un dios furioso<\/strong><\/em>\u00bb.<\/span><\/p>\n<div>\n<aside class=\"advertising\">\n<div id=\"right1\" class=\"henneoHB henneoHB_right\" data-google-query-id=\"CM3np43x3f4CFfqxJwIdlqMLxw\">\n<p style=\"text-align: justify;\"><span style=\"font-size: 14pt;\">El examen cuidadoso de la documentaci\u00f3n le empuj\u00f3 a reparar en datos que antes hab\u00edan pasado desapercibidos o a los que no se les concedi\u00f3 la relevancia que pose\u00edan. La detenida lectura alent\u00f3 una intuici\u00f3n que despu\u00e9s acab\u00f3 fraguando en\u00a0<b>una tesis contundente\u00a0<\/b>que ahora expone en este libro de rigurosos contornos y m\u00e1rgenes.<\/span><\/p>\n<p style=\"text-align: justify;\"><span style=\"font-size: 14pt;\">\u00ab<b><em>El Estado pide un esfuerzo a los milmillonarios, pero esta aristocracia no est\u00e1 dispuesta a contribuir y promueve golpes de Estado<\/em><\/b><em>, apoya a usurpadores o concede su respaldo a los b\u00e1rbaros, porque, piensan que es m\u00e1s barato pagarles a estos extranjeros y no al Estado para protegerse. Es en este preciso momento cuando se quiebra el Estado. Con anterioridad, estas mismas clases se hab\u00edan involucrado con Roma y no dudaban en poner a su disposici\u00f3n los recursos que pose\u00edan para salvaguardar el Estado, como sucedi\u00f3 durante las guerras contra <strong>An\u00edbal<\/strong>.\u00a0<b>Esto no sucede en el Imperio romano de Oriente y es una de las razones que explican que sobreviviera mil a\u00f1os m\u00e1s<\/b><\/em>\u00bb, a\u00f1ade el historiador. <\/span><\/p>\n<p>&nbsp;<\/p>\n<p style=\"text-align: center;\"><em><strong><span style=\"color: #008000; font-size: 14pt;\">Roma se perdi\u00f3 por la avaricia y la poca altura de miras de la \u00e9lite<\/span><\/strong><\/em><\/p>\n<p style=\"text-align: center;\"><span style=\"font-size: 14pt;\"><strong><span style=\"color: #008000;\">Jos\u00e9 Soto Chica<\/span><\/strong><\/span><\/p>\n<\/div>\n<\/aside>\n<\/div>\n<\/div>\n<\/div>\n<\/aside>\n<\/div>\n<p>&nbsp;<\/p>\n<p style=\"text-align: justify;\"><span style=\"font-size: 14pt;\"><a href=\"https:\/\/www.larazon.es\/cultura\/20210325\/6wjln2wiwzf6hch6dje6huuvb4.html\" target=\"_blank\" rel=\"noopener\" data-schema-attribute=\"\">Jos\u00e9 Soto Chica<\/a>\u00a0no es amigo de presentismos, pero tampoco evita las lecciones que nos ofrece el pasado y que deber\u00edan ense\u00f1arnos a actuar mejor hoy en d\u00eda. En este momento, en medio de grandes convulsiones sociales, econ\u00f3micas, pol\u00edticas y b\u00e9licas, con una minor\u00eda que acapara gran parte de los recursos y el dinero mundial, los paralelismos con lo que sucedi\u00f3 durante la \u00faltima \u00e9poca de la Urbe Eterna son claros: \u00ab<em><b>Esta aristocracia de millonarios entiende que no es necesario el Estado<\/b>. Su influencia y poder, est\u00e1n convencidos, garantizan su bienestar. \u00bfPara qu\u00e9 pagar impuestos a fin de respaldar a la corte imperial y el ej\u00e9rcito si puedo pagar a un b\u00e1rbaro local para que me mantenga en la c\u00faspide social?, reflexionan<\/em>\u00bb.<\/span><\/p>\n<p style=\"text-align: justify;\"><span style=\"font-size: 14pt;\">El error que cometen es sustancial y\u00a0<a href=\"https:\/\/www.larazon.es\/cultura\/20210325\/6wjln2wiwzf6hch6dje6huuvb4.html\" target=\"_blank\" rel=\"noopener\" data-schema-attribute=\"\"><strong>Soto Chica<\/strong><\/a> lo subraya: \u00ab<em>No se daban cuenta de que las estructuras de un Estado son m\u00e1s complejas que eso. Fue\u00a0<b>un acto de soberbia\u00a0<\/b>por parte de ellos, porque en \u00faltima instancia el dinero no te protege; quien tiene la fuerza es quien decide. El senador pose\u00eda los caudales, pero la espada la esgrim\u00eda el b\u00e1rbaro<\/em>\u00bb. El historiador resalta en este punto una de las consecuencias de esa actitud quiz\u00e1 con la intenci\u00f3n de ilustrar mucho mejor que las decisiones tienen consecuencias y que el ego\u00edsmo tambi\u00e9n lo pagan quienes lo practican: \u00abE<em>l resultado es que\u00a0<b>los hijos y los nietos de estas clases terminaron acudiendo a la guerra, pero peleando por los b\u00e1rbaros<\/b>. No recapacitaron en un punto clave, que el Estado es vital, que la ley es importante y que Roma ofrec\u00eda un marco de prosperidad y de intercambio. Roma se perdi\u00f3 por la avaricia y la poca altura de miras de una clase dirigente que abog\u00f3 por sus intereses particulares<\/em>\u00bb. Como colof\u00f3n, con una mirada sobre los tiempos en que nos desenvolvemos, <strong>Soto Chica<\/strong> aduce: \u00ab<em>Tenemos que aprender a desconfiar de las \u00e9lites y a exigir responsabilidades, porque el sentido de la responsabilidad de todos nosotros ha perecido en la actualidad<\/em>\u00bb.<\/span><\/p>\n<p style=\"text-align: justify;\"><span style=\"font-size: 14pt;\">El autor, que recupera en este ensayo figuras principales, en ocasiones, rodeadas de cierto halo legendario, como<b>\u00a0Gala Placidia, Aecio, Valentiniano III o Alarico<\/b>, precisa su discurso y comenta que \u00ab<em>la Historia es la \u00faltima trinchera de la libertad porque permite ver cosas de otra manera. La Historia es un banco de pruebas de la humanidad y te revela que las cosas se pudieron hacer de otra manera. Durante los siglos IV y V se construyeron las villas m\u00e1s alucinantes de todo el Imperio romano. Eran m\u00e1s grandes, m\u00e1s espl\u00e9ndidas que las de la \u00e9poca de <strong>C\u00e9sar<\/strong>. En cambio, en el siglo VI ya no se levantan ni anfiteatros<\/em>\u00bb.<\/span><\/p>\n<p style=\"text-align: justify;\"><span style=\"font-size: 14pt;\">La cuesti\u00f3n que queda suspendida es el motivo y el historiador mismo responde a la pregunta: \u00ab<em><b>La gente que tiene el dinero no lo pone en el \u00e1mbito p\u00fablico para contribuir al progreso de la ciudadan\u00eda<\/b>. Antes el poder depend\u00eda de la estima que te tuviera la ciudad, pero ahora lo que prevalecen son los contactos imperiales. Por eso desplegaron ese lujo en las villas, porque es ah\u00ed donde recibes a esos contactos. Al mismo tiempo que vemos un mundo en crisis, con una clase media que se hunde, los pobres en crecimiento, vemos a una aristocracia desenvolvi\u00e9ndose en medio de esta riqueza. Esto sucede ahora. Las clases medias<\/em> \u2013subraya\u2013 <em>se empobrecen en Europa y Estados Unidos, pero como el poder ya no se juega tanto en las elecciones, las \u00e9lites econ\u00f3micas y pol\u00edticas llegan a acuerdos<\/em>\u00bb.\u00a0<\/span><\/p>\n<p>&nbsp;<\/p>\n<p style=\"text-align: center;\"><span style=\"font-size: 14pt;\"><strong><span style=\"color: #008000;\">El rico prefer\u00eda pagar a b\u00e1rbaros que impuestos, fue un error<\/span><\/strong><\/span><\/p>\n<p style=\"text-align: center;\"><span style=\"font-size: 14pt;\"><strong><span style=\"color: #008000;\">Jos\u00e9 Soto Chica<\/span><\/strong><\/span><\/p>\n<p>&nbsp;<\/p>\n<p style=\"text-align: justify;\"><span style=\"font-size: 14pt;\">Y <strong>Soto<\/strong><strong>Chica<\/strong> introduce aqu\u00ed una advertencia importante: \u00ab<em><b>Por muy eterno que nos parezca un imperio, se puede venir abajo en poco tiempo<\/b>. Creemos que no, pero tambi\u00e9n nuestro mundo puede retroceder<\/em>\u00bb.<\/span><\/p>\n<p style=\"text-align: justify;\"><span style=\"font-size: 14pt;\">Otro de los aprendizajes que nos deja esta lectura es sobre el buen y el mal gobierno. \u00ab<em>La econom\u00eda y el ej\u00e9rcito son cruciales, la estabilidad social, igual, pero en \u00faltima instancia las decisiones resultan fundamentales. <strong>Gala Placidia<\/strong> era genial, una pol\u00edtica de primera, mujer de <strong>Ata\u00falfo<\/strong>, madre de emperador, pero comete el error de anteponer la ambici\u00f3n familiar por encima del Estado. Entre el a\u00f1o 425 y el 435 es cuando se pierde \u00c1frica, que es de donde proven\u00eda el sesenta por ciento de los ingresos de Roma. Ella\u00a0<b>escoge perder ese territorio antes que ceder su poder<\/b>. Deja que <strong>Bonifacio<\/strong>, <strong>F\u00e9lix<\/strong> y <strong>Aecio<\/strong> se enfrenten entre s\u00ed y liquiden los recursos que le quedan al imperio. Prefirieron que todo fuera mal con tal de mantener el control. Y claro que eran conscientes de lo que suceder\u00eda. El padre de <strong>Gala Placidia<\/strong> \u2013indica\u2013 conoc\u00eda bien la importancia de \u00c1frica, pero, a pesar de eso, ella promueve este enfrentamiento<\/em>\u00bb.<\/span><\/p>\n<p style=\"text-align: justify;\"><span style=\"font-size: 14pt;\">Para el historiador, este \u00abe<em>s el\u00a0<b>punto de no retorno<\/b>, porque Genserico cruza el estrecho de Gibraltar y se apodera de \u00c1frica. En 439 tomar\u00e1 Cartago y, desde ese momento, Roma es un imperio zombi. No tiene oro para mantener el ej\u00e9rcito y sin soldados no puedes defender las provincias, y cuantas menos provincias tienes, menos impuestos y menos dinero&#8230; el Imperio romano no cae, se disuelve. Odoacro env\u00eda las insignias imperiales a Oriente porque lo que queda ya est\u00e1 all\u00ed<\/em>\u00bb.<\/span><\/p>\n<p style=\"text-align: justify;\"><span style=\"font-size: 14pt;\">Finalmente, <strong>Soto Chica<\/strong> deja una \u00faltima reflexi\u00f3n: \u00ab<em><b>La ambici\u00f3n no es mala, pero cuando no se adapta a los intereses generales es perjudicial<\/b>. Las \u00e9lites de ahora son conscientes de esto, aunque creen que el sistema lo aguanta todo. Eso es lo que pensaba la aristocracia senatorial, que aguantar\u00eda su avaricia y su falta de escr\u00fapulos. Y no aguant\u00f3. Estamos en este momento. Hay esperanza, pero si no tomamos una decisi\u00f3n colectiva, nuestros nietos lo lamentar\u00e1n y nos juzgar\u00e1n por lo que hemos hecho<\/em>\u00bb.<\/span><\/p>\n<\/blockquote>\n<p>&nbsp;<\/p>\n<figure id=\"attachment_2273848\" aria-describedby=\"caption-attachment-2273848\" style=\"width: 400px\" class=\"wp-caption aligncenter\"><img loading=\"lazy\" decoding=\"async\" class=\"wp-image-2273848 size-full\" src=\"https:\/\/puntocritico.com\/ausajpuntocritico\/wp-content\/uploads\/2023\/05\/Augusta-familia-Julia.jpg\" alt=\"\" width=\"400\" height=\"378\" data-id=\"2273848\" srcset=\"https:\/\/puntocritico.com\/ausajpuntocritico\/wp-content\/uploads\/2023\/05\/Augusta-familia-Julia.jpg 400w, https:\/\/puntocritico.com\/ausajpuntocritico\/wp-content\/uploads\/2023\/05\/Augusta-familia-Julia-300x284.jpg 300w\" sizes=\"auto, (max-width: 400px) 100vw, 400px\" \/><figcaption id=\"caption-attachment-2273848\" class=\"wp-caption-text\"><span style=\"color: #008000;\">Altar de lares con el genius de Augusto flanqueado por Cayo y por su hija Julia como Venus. Copia del Siglo II d.C. Florencia. Galleria degli Ufizzi<\/span><\/figcaption><\/figure>\n<p style=\"text-align: center;\"><strong><span style=\"color: #008000; font-size: 18pt;\">*******<\/span><\/strong><\/p>\n<div id=\"title\" class=\"style-scope ytd-watch-metadata\">\n<h2 style=\"text-align: center;\" align=\"center\"><span style=\"font-size: 24.0pt;\">CONSTRUIR UNA CIUDAD. LOS C\u00c1NONES VITRUBIUANOS (CONFERENCIA)<\/span><\/h2>\n<\/div>\n<div id=\"top-row\" class=\"style-scope ytd-watch-metadata\">\n<div id=\"owner\" class=\"item style-scope ytd-watch-metadata\">\n<div id=\"container\" class=\"style-scope ytd-channel-name\">\n<div id=\"text-container\" class=\"style-scope ytd-channel-name\" style=\"text-align: justify;\"><a href=\"https:\/\/www.youtube.com\/watch?v=kSUuVf-IEcY&amp;list=PLSTkYuU6iPdn9zNsWOvxhsrJP7WPv6tFb&amp;index=28\" target=\"_blank\" rel=\"noopener\"><span style=\"font-size: 14pt;\">Museo Arqueol\u00f3gico Nacional de Espa\u00f1a<\/span><\/a><\/div>\n<div>\u00a0<\/div>\n<\/div>\n<\/div>\n<div style=\"text-align: center;\"><iframe loading=\"lazy\" title=\"YouTube video player\" src=\"\/\/www.youtube.com\/embed\/kSUuVf-IEcY?si=GqfLOibiNJMI6zzH\" width=\"560\" height=\"315\" frameborder=\"0\" allowfullscreen=\"allowfullscreen\"><\/iframe><\/div>\n<\/div>\n<p>&nbsp;<\/p>\n<blockquote>\n<p style=\"text-align: center;\"><span style=\"font-size: 14pt;\">11\/07\/2019- Jacobo Storch. Profesor Titular de Arqueolog\u00eda. UCM Curso de Verano UNED. Roma vivet: Herencia y pervivencia de la Roma antigua<\/span><\/p>\n<\/blockquote>\n<p>&nbsp;<\/p>\n<p><img loading=\"lazy\" decoding=\"async\" class=\"aligncenter wp-image-19496\" src=\"https:\/\/puntocritico.com\/ausajpuntocritico\/wp-content\/uploads\/2019\/06\/Roman-mosaic-know-thyself-Feminismo-300x197.jpg\" alt=\"\" width=\"440\" height=\"289\" data-id=\"19496\" srcset=\"https:\/\/puntocritico.com\/ausajpuntocritico\/wp-content\/uploads\/2019\/06\/Roman-mosaic-know-thyself-Feminismo-300x197.jpg 300w, https:\/\/puntocritico.com\/ausajpuntocritico\/wp-content\/uploads\/2019\/06\/Roman-mosaic-know-thyself-Feminismo-768x505.jpg 768w, https:\/\/puntocritico.com\/ausajpuntocritico\/wp-content\/uploads\/2019\/06\/Roman-mosaic-know-thyself-Feminismo-1024x673.jpg 1024w, https:\/\/puntocritico.com\/ausajpuntocritico\/wp-content\/uploads\/2019\/06\/Roman-mosaic-know-thyself-Feminismo.jpg 1186w\" sizes=\"auto, (max-width: 440px) 100vw, 440px\" \/><\/p>\n<p style=\"text-align: center;\"><strong><span style=\"color: #008000; font-size: 18pt;\">*******<\/span><\/strong><\/p>\n<div id=\"title\" class=\"style-scope ytd-watch-metadata\">\n<h2 style=\"text-align: center;\" align=\"center\"><span style=\"font-size: 24.0pt;\">ACORDAOS DE M\u00cd: M\u00c1S ALL\u00c1 DE LA MUERTE\u00a0(CONFERENCIA)<\/span><\/h2>\n<\/div>\n<p><a href=\"https:\/\/www.youtube.com\/watch?v=diQ3DCsN_iw&amp;list=PLSTkYuU6iPdn9zNsWOvxhsrJP7WPv6tFb&amp;index=31\" target=\"_blank\" rel=\"noopener\"><span style=\"font-size: 14pt;\">Museo Arqueol\u00f3gico Nacional de Espa\u00f1a<\/span><\/a><\/p>\n<p style=\"text-align: center;\"><iframe loading=\"lazy\" title=\"YouTube video player\" src=\"\/\/www.youtube.com\/embed\/diQ3DCsN_iw?si=SgnJcOVMWOwh7luT\" width=\"560\" height=\"315\" frameborder=\"0\" allowfullscreen=\"allowfullscreen\"><\/iframe><\/p>\n<p>&nbsp;<\/p>\n<blockquote>\n<p style=\"text-align: center;\"><span style=\"font-size: 14pt;\">2\/07\/2019- Pilar Fern\u00e1ndez Uriel. Profesora Em\u00e9rita de Historia Antigua. UNED Curso de Verano UNED 11-13\/07\/2019. Roma vivet: Herencia y pervivencia de la Roma antigua<\/span><\/p>\n<\/blockquote>\n<p>&nbsp;<\/p>\n<p><img loading=\"lazy\" decoding=\"async\" class=\"aligncenter wp-image-10431\" src=\"https:\/\/puntocritico.com\/ausajpuntocritico\/wp-content\/uploads\/2018\/03\/Ius-fas-Derecho-romano-300x142.jpg\" alt=\"\" width=\"480\" height=\"227\" data-id=\"10431\" srcset=\"https:\/\/puntocritico.com\/ausajpuntocritico\/wp-content\/uploads\/2018\/03\/Ius-fas-Derecho-romano-300x142.jpg 300w, https:\/\/puntocritico.com\/ausajpuntocritico\/wp-content\/uploads\/2018\/03\/Ius-fas-Derecho-romano-768x363.jpg 768w, https:\/\/puntocritico.com\/ausajpuntocritico\/wp-content\/uploads\/2018\/03\/Ius-fas-Derecho-romano-1024x484.jpg 1024w, https:\/\/puntocritico.com\/ausajpuntocritico\/wp-content\/uploads\/2018\/03\/Ius-fas-Derecho-romano.jpg 1152w\" sizes=\"auto, (max-width: 480px) 100vw, 480px\" \/><\/p>\n<p style=\"text-align: center;\"><strong><span style=\"color: #008000; font-size: 18pt;\">*******<\/span><\/strong><\/p>\n<div class=\"hero-section\" data-type=\"type-1\">\n<header class=\"entry-header\">\n<h2 style=\"text-align: center;\"><span style=\"font-size: 24pt;\"><strong>EL PONTIFEX MAXIMUS, EL L\u00cdDER RELIGIOSO DE ROMA CON M\u00c1S PODER<\/strong><\/span><\/h2>\n<div class=\"page-description \" style=\"text-align: center;\"><strong><span style=\"font-size: 14pt;\">El Pontifex Maximus era la cabeza religiosa del estado Romano y el puesto m\u00e1s alto del Colegio de Pont\u00edfices. Si bien de caracter religioso, su importancia pol\u00edtica fue indiscutible<\/span><\/strong><\/div>\n<div style=\"text-align: justify;\"><a href=\"https:\/\/www.imperivm.org\/el-pontifex-maximus\/\" target=\"_blank\" rel=\"noopener\"><span style=\"font-size: 14pt;\">IMPERIUM<\/span><\/a><\/div>\n<\/header>\n<\/div>\n<div class=\"entry-content\">\n<figure id=\"attachment_2273850\" aria-describedby=\"caption-attachment-2273850\" style=\"width: 678px\" class=\"wp-caption aligncenter\"><img loading=\"lazy\" decoding=\"async\" class=\"wp-image-2273850 size-mh-magazine-content\" style=\"font-size: 16px;\" src=\"https:\/\/puntocritico.com\/ausajpuntocritico\/wp-content\/uploads\/2023\/05\/Marco-Aurelio-Pontife-1024x683-1-678x381.webp\" alt=\"\" width=\"678\" height=\"381\" data-id=\"2273850\" \/><figcaption id=\"caption-attachment-2273850\" class=\"wp-caption-text\"><span style=\"color: #008000;\">El emperador Marco Aurelio como Pontifex Maximus presidiendo un ritual de sacrificio. Podemos observar a Marco Aurelio con su toga plegada formando una capucha que cubre su cabeza, este tipo de vestir la toga se conoc\u00eda como Cinctus Gabinus y era la manera de vestirla en las ceremonias religiosas.<\/span><\/figcaption><\/figure>\n<\/div>\n<h3 class=\"wp-block-heading\" style=\"text-align: center;\"><span style=\"font-size: 18pt;\">El\u00a0<em>Pontifex Maximus<\/em><\/span><\/h3>\n<p style=\"text-align: justify;\"><span style=\"font-size: 14pt; text-align: justify;\">El <\/span><strong style=\"font-size: 14pt; text-align: justify;\"><em>Pontifex Maximus<\/em><\/strong><span style=\"font-size: 14pt; text-align: justify;\">\u00a0era la cabeza religiosa del estado Romano. Siendo el sacerdote m\u00e1s alto del\u00a0<\/span><strong style=\"font-size: 14pt; text-align: justify;\">Colegio de Pont\u00edfices<\/strong><em style=\"font-size: 14pt; text-align: justify;\">-Collegium Pontificum-<\/em><span style=\"font-size: 14pt; text-align: justify;\">.\u00a0Se encargaba, entre otras tareas, de la\u00a0<\/span><em style=\"font-size: 14pt; text-align: justify;\"><strong>Pax Deorum<\/strong>\u00a0-la paz con\u00a0<a href=\"https:\/\/www.imperivm.org\/resumen-de-los-dioses-griegos-y-romanos-los-dioses-olimpicos\/\" target=\"_blank\" rel=\"noopener\" data-schema-attribute=\"\"><strong>los dioses<\/strong><\/a>-,<\/em><span style=\"font-size: 14pt; text-align: justify;\">\u00a0es decir de la correcta realizaci\u00f3n de ritos y costumbres. Como fue normal en los cargos Romanos \u00e9sta posici\u00f3n estaba abierta en principio solamente a los ciudadanos patricios, pero luego se abrir\u00eda a los plebeyos. Su importancia vari\u00f3 mucho desde la Rep\u00fablica al Imperio, \u00e9poca en la que pas\u00f3 a convertirse en un t\u00edtulo m\u00e1s que aseguraba el car\u00e1cter divino de las acciones del emperador.<\/span><\/p>\n<div class=\"entry-content\">\n<p style=\"text-align: justify;\"><span style=\"font-size: 14pt;\">Son muchas y confiables las fuentes que han llegado a nuestros d\u00edas sobre estos pont\u00edfices y sus tareas. Algunas otras fuentes logran confundirnos, ya que se contradicen en gran medida\u00a0<em>-como por ejemplo lo escrito por\u00a0<strong>Plutarco<\/strong>\u00a0al respecto-<\/em>.\u00a0<strong>Var\u00f3n<\/strong>, por ejemplo, escribi\u00f3 el compendio m\u00e1s importante al respecto, en su obra\u00a0<em><strong>Libro de los Pont\u00edfices<\/strong><\/em>. Lamentablemente una cruel jugada del destino hizo que \u00e9ste libro se extraviara en las arenas de la Historia, y hoy en d\u00eda s\u00f3lo nos sea posible acceder a peque\u00f1os fragmentos de la obra citados por\u00a0<strong>Nonius Marcellus<\/strong>\u00a0y\u00a0<strong>Aulus Gellius<\/strong>. Afortunadamente se mantienen conservados los textos de\u00a0<strong>Cicer\u00f3n<\/strong>,\u00a0<strong>Tito Livio<\/strong>\u00a0y\u00a0<strong>Dionisio de Halicarnaso<\/strong>, los cuales son fundamentales a la hora de entender el alcance y funciones del m\u00e1ximo pontifice romano.<\/span><\/p>\n<\/div>\n<h3 class=\"wp-block-heading\" style=\"text-align: center;\"><span style=\"font-size: 18pt;\">Etimolog\u00eda<\/span><\/h3>\n<p><img loading=\"lazy\" decoding=\"async\" class=\"wp-image-2273852 aligncenter\" src=\"https:\/\/puntocritico.com\/ausajpuntocritico\/wp-content\/uploads\/2023\/05\/aurispices-300x230.gif\" alt=\"\" width=\"360\" height=\"276\" data-id=\"2273852\" srcset=\"https:\/\/puntocritico.com\/ausajpuntocritico\/wp-content\/uploads\/2023\/05\/aurispices-300x230.gif 300w, https:\/\/puntocritico.com\/ausajpuntocritico\/wp-content\/uploads\/2023\/05\/aurispices-80x60.gif 80w\" sizes=\"auto, (max-width: 360px) 100vw, 360px\" \/><\/p>\n<p>&nbsp;<\/p>\n<p style=\"text-align: justify;\"><span style=\"font-size: 14pt;\">El t\u00edtulo\u00a0<em><strong>pontifex maximus<\/strong><\/em>\u00a0est\u00e1 constituido por dos palabras:\u00a0<strong><em>Maximus<\/em><\/strong>, como su nombre obviamente lo indica significa superior, mayor; y\u00a0<em>pontifex<\/em>\u00a0que es una palabra de ra\u00edz etrusca.\u00a0<strong><em>Pont<\/em><\/strong>, camino en etrusco, hace referencia a la\u00a0<\/span><span style=\"font-size: 14pt;\">construcci\u00f3n de puentes, por lo que\u00a0<strong><em>pontifex<\/em><\/strong>\u00a0se puede definir como:\u00a0<em>\u00ab<strong>constructor<\/strong> <strong>de<\/strong> <strong>puentes<\/strong>\u00bb<\/em>.<\/span><\/p>\n<p style=\"text-align: justify;\"><span style=\"font-size: 14pt;\">A primera vista es claro que para nuestra civilizaci\u00f3n y cultura actual un constructor de puentes no tiene relevancia, o\u00a0<\/span><span style=\"font-size: 14pt;\">mejor dicho, significaci\u00f3n religiosa alguna. Sin embargo, en el contexto cultural romano y etrusco antiguo exist\u00eda una marcada divinizaci\u00f3n hacia el\u00a0<strong>r\u00edo T\u00edber<\/strong>, que era considerado un dios, o al menos una fuerza divina. Por esta raz\u00f3n solamente personas de car\u00e1cter religioso, y sobre todo personas que pudieran entender y leer las se\u00f1ales divinas del r\u00edo, estaban dotadas con la suficiente autoridad como para molestar a \u00e9ste dios con construcciones y artificios producto de la mano del hombre, como lo son los puentes.<\/span><\/p>\n<p style=\"text-align: justify;\"><span style=\"font-size: 14pt;\">No obstante, historiados modernos y contempor\u00e1neos a nuestro tiempo establecen que la definici\u00f3n\u00a0<em>de: \u00abconstructor de puentes\u00bb<\/em>\u00a0es m\u00e1s que nada una alegor\u00eda a la tarea de los pont\u00edfices de unir el mundo divino con el terrenal. Es decir que son\u00a0<em>\u00abconstructores de puentes\u00bb<\/em>,\u00a0ya que son \u00e9stos los que unen lo divino con lo humano.<\/span><\/p>\n<h3 class=\"wp-block-heading\" style=\"text-align: center;\"><span style=\"font-size: 18pt;\">Or\u00edgenes del\u00a0<em>pontifex maximus<\/em><\/span><\/h3>\n<p style=\"text-align: justify;\"><span style=\"font-size: 14pt;\">El cargo de\u00a0<strong>pont\u00edfice<\/strong>\u00a0tiene sus or\u00edgenes durante el per\u00edodo de la\u00a0<strong>Monarqu\u00eda romana<\/strong>, cuando Roma era gobernada por los denominados reyes etruscos. No obstante, se redefine ampliamente en su rol de\u00a0<strong>pont\u00edfice m\u00e1ximo<\/strong>\u00a0durante la creaci\u00f3n de la\u00a0<strong>Rep\u00fablica romana<\/strong>. Con la destituci\u00f3n del \u00faltimo rey de Roma,\u00a0<strong>Lucius Tarquinius el soberbio<\/strong>, los poderes religiosos que otrora pose\u00eda el rey son divididos en una rama pol\u00edtica y otra religiosa. Siendo\u00a0<a href=\"https:\/\/www.imperivm.org\/los-consules-romanos\/\" target=\"_blank\" rel=\"noopener\" data-schema-attribute=\"\"><strong>los c\u00f3nsules<\/strong><\/a>\u00a0los herederos del mando pol\u00edtico y el\u00a0<strong>pont\u00edfice m\u00e1ximo<\/strong>\u00a0junto al\u00a0<em><strong>Rex Sacrorum<\/strong><\/em>\u00a0<em>-quien estaba subordinado al\u00a0pontifex maximus\u2013<\/em>\u00a0quienes toman las funciones puramente religiosas de los antiguos reyes.<\/span><\/p>\n<h3 class=\"wp-block-heading\" style=\"text-align: center;\"><span style=\"font-size: 18pt;\">Caracter\u00edsticas<\/span><\/h3>\n<p class=\"has-text-align-left\" style=\"text-align: justify;\"><span style=\"font-size: 14pt;\">El m\u00e1ximo pontificado no era una magistratura como tal, ya que era un cargo vitalicio y no estaba determinado por un plazo de tiempo preestablecido. Por esta raz\u00f3n el m\u00e1ximo pont\u00edfice no pod\u00eda vestir la\u00a0<em><a href=\"https:\/\/www.imperivm.org\/la-toga-romana\/\" target=\"_blank\" rel=\"noopener\" data-schema-attribute=\"\"><strong>toga praetexta<\/strong><\/a>\u00a0-es decir la toga que ten\u00eda un borde p\u00farpura indicando la posici\u00f3n pol\u00edtica de magistrado-<\/em>, igualmente se pod\u00eda distinguir a un\u00a0<em>pontifex maximus<\/em>\u00a0por su cuchillo de hierro<em>,<\/em>\u00a0el\u00a0<em><strong>secespita<\/strong><\/em>, de utilizaci\u00f3n ceremonial\u00a0<em>(ver:\u00a0<\/em><a href=\"https:\/\/www.imperivm.org\/el-estatus-social-y-la-vestimenta-en-roma\/\" target=\"_blank\" rel=\"noopener\" data-schema-attribute=\"\"><strong><em>El estatus social y la vestimenta en Roma<\/em><\/strong><\/a><em>)<\/em>.<\/span><\/p>\n<p class=\"has-text-align-left\" style=\"text-align: justify;\"><span style=\"font-size: 14pt;\">Como varias otras de las oficinas y magistraturas romanas, en un principio estaba s\u00f3lo abierta a los ciudadanos patricios, pero gradualmente y a medida que se fue dando el\u00a0<strong><a href=\"https:\/\/www.imperivm.org\/el-conflicto-de-los-ordenes\/\" target=\"_blank\" rel=\"noopener\" data-schema-attribute=\"\">Conflicto de los \u00f3rdenes<\/a><\/strong>\u00a0<em>-la lucha por el acceso al poder de los plebeyos-<\/em>, se abrir\u00eda a los plebeyos en el a\u00f1o\u00a0<strong>254 a. C.<\/strong>, cuando\u00a0<strong>Tiberius Coruncanius<\/strong>\u00a0fuera el primer plebeyo electo m\u00e1ximo pont\u00edfice de Roma. De todas maneras seguir\u00eda siendo una posici\u00f3n elevada en el sistema social romano y generalmente s\u00f3lo lograba acceder tanto patricios como plebeyos que proviniesen de ricas o influyentes familias.<\/span><\/p>\n<h3 class=\"wp-block-heading\" style=\"text-align: center;\"><span style=\"font-size: 18pt;\">Influencia pol\u00edtica<\/span><\/h3>\n<p style=\"text-align: justify;\"><span style=\"font-size: 14pt;\">Esta oficina comenz\u00f3 con un car\u00e1cter estrictamente religioso. Pero, como es costumbre en todas las civilizaciones humanas, sus funciones, las cuales algunas regulaban ciertos aspectos pol\u00edticos, ir\u00edan politiz\u00e1ndola en gran medida con el pasar de los a\u00f1os. Esto primordialmente ocurr\u00eda con una de las tareas del m\u00e1ximo pont\u00edfice que era la de asignar los\u00a0<a href=\"https:\/\/www.imperivm.org\/la-division-de-los-meses-en-roma\/\" target=\"_blank\" rel=\"noopener\" data-schema-attribute=\"\"><strong>d\u00edas intercalares<\/strong><\/a>.<\/span><\/p>\n<p style=\"text-align: justify;\"><span style=\"font-size: 14pt;\">Estos intercalares pod\u00edan agregar o quitar d\u00edas al a\u00f1o, extendiendo as\u00ed los a\u00f1os donde se aplicaban. En la etapa tard\u00eda de<\/span><\/p>\n<figure id=\"attachment_2273849\" aria-describedby=\"caption-attachment-2273849\" style=\"width: 267px\" class=\"wp-caption alignright\"><img loading=\"lazy\" decoding=\"async\" class=\"wp-image-2273849 size-mh-magazine-content\" src=\"https:\/\/puntocritico.com\/ausajpuntocritico\/wp-content\/uploads\/2023\/05\/Augusto-Pontifex-Maximus-267x381.jpg\" alt=\"\" width=\"267\" height=\"381\" data-id=\"2273849\" \/><figcaption id=\"caption-attachment-2273849\" class=\"wp-caption-text\"><span style=\"color: #008000;\">Augusto, Pontifex Maximus<\/span><\/figcaption><\/figure>\n<p style=\"text-align: justify;\"><span style=\"font-size: 14pt;\">la Rep\u00fablica utilizar\u00edan \u00e9stos meses para favorecer a un amigo o a un aliado pol\u00edtico, ya que aplic\u00e1ndolos o dej\u00e1ndolos de aplicar pod\u00edan extender o acortar los a\u00f1os y as\u00ed alargar el mando de alg\u00fan\u00a0<a href=\"https:\/\/www.imperivm.org\/los-consules-romanos\/\" target=\"_blank\" rel=\"noopener\" data-schema-attribute=\"\">c\u00f3nsul<\/a>\u00a0amigo. Esto se hizo costumbre y el calendario se fue desfasando con respecto a las fases naturales de las estaciones del a\u00f1o.<\/span><\/p>\n<p style=\"text-align: justify;\"><span style=\"font-size: 14pt;\">El problema crecer\u00eda gradualmente, y en tal magnitud, que\u00a0<a href=\"https:\/\/www.imperivm.org\/biografia-de-gayo-julio-cesar-de-su-juventud-a-los-primeros-pasos-en-el-poder\/\" target=\"_blank\" rel=\"noopener\" data-schema-attribute=\"\">Julio C\u00e9sar<\/a>\u00a0decide que el calendario en curso era tan obsoleto y fallido que un nuevo calendario era necesario. Es as\u00ed que tiene su origen el\u00a0<em><a href=\"https:\/\/www.imperivm.org\/el-calendario-romano-el-fasti\/\" target=\"_blank\" rel=\"noopener\" data-schema-attribute=\"\">Calendario Juliano<\/a>\u00a0donde se explican los\u00a0<strong>intercalaris\u00a0<\/strong>y los problemas que produjo su manipulaci\u00f3n con fines pol\u00edticos-<\/em>. Similarmente a lo que acabamos de mencionar, la interpretaci\u00f3n de varios augurios y signos divinos eran hechas en favor de una amistad pol\u00edtica de turno y no basados en las escrituras de los\u00a0<em><strong>Annales Maximi<\/strong>\u00a0-que veremos en unos instantes-<\/em>.<\/span><\/p>\n<p style=\"text-align: justify;\"><span style=\"font-size: 14pt;\">Por \u00faltimo sobre el m\u00e1ximo pont\u00edfice, si bien era un t\u00edtulo vitalicio, no estaba exento o imposibilitado de adquirir otras magistraturas o servir militarmente, y de hecho varios pont\u00edfices m\u00e1ximos fueron simult\u00e1neamente c\u00f3nsules que llevaban a cabo guerras y campa\u00f1as.<\/span><\/p>\n<h3 class=\"wp-block-heading\" style=\"text-align: center;\"><span style=\"font-size: 18pt;\">Cantidad de pont\u00edfices<\/span><\/h3>\n<p style=\"text-align: justify;\"><span style=\"font-size: 14pt;\">En un principio eran\u00a0<strong>seis<\/strong>\u00a0los pont\u00edfices, siendo uno el m\u00e1ximo pont\u00edfice quien ten\u00eda bajo su cargo a los dem\u00e1s. Este n\u00famero se ver\u00eda constantemente modificado cuando entre el 300 o el 299 a. C. la\u00a0<em><strong>Lex Ogulnia<\/strong><\/em>\u00a0aumentara el n\u00famero a\u00a0<strong>nueve<\/strong>; n\u00famero que nuevamente se ver\u00eda incrementado con\u00a0<strong>Sula<\/strong>\u00a0a\u00a0<strong>quince<\/strong>\u00a0y finalmente con\u00a0<strong>Julio C\u00e9sar<\/strong>\u00a0a\u00a0<strong>diecis\u00e9is<\/strong>. Siendo quince de estos pont\u00edfices\u00a0<strong>flamines<\/strong>. Pont\u00edfices espec\u00edficos de las\u00a0<a href=\"https:\/\/www.imperivm.org\/los-dioses-olimpicos-los-dioses-griegos-mas-poderosos\/\" target=\"_blank\" rel=\"noopener\" data-schema-attribute=\"\">deidades mayores<\/a>\u00a0<em>-es decir se dedicaban exclusivamente a atender y velar por un dios\u00a0<a href=\"https:\/\/www.imperivm.org\/las-diosas-olimpicas-las-diosas-griegas-mas-poderosas\/\" target=\"_blank\" rel=\"noopener\" data-schema-attribute=\"\">o diosa<\/a>\u00a0importante-<\/em>. Debemos contar adem\u00e1s al\u00a0<em>Rex Sacrorum<\/em>\u00a0<em>-rey de los sacrificios-<\/em>\u00a0quien, como ya hemos mencionado, realizaba actos religiosos que anteriormente eran tarea del rey durante la monarqu\u00eda como el sacrificio de animales. Todos \u00e9stos pont\u00edfices estaban directamente subordinados al\u00a0<em>pontifex maximus<\/em>.<\/span><\/p>\n<p style=\"text-align: justify;\"><span style=\"font-size: 14pt;\">Sin embargo, no eran los pont\u00edfices los \u00fanicos funcionarios religiosos con los que nos podemos encontrar. Tambi\u00e9n ten\u00edamos varios puestos menores, pero aun as\u00ed importantes, como los\u00a0<strong>Augures<\/strong>,\u00a0<strong>Haruspices<\/strong>,\u00a0<strong>Fetiales<\/strong>, otros tres pont\u00edfices menores y las veneradas\u00a0<strong><a href=\"https:\/\/www.imperivm.org\/las-virgenes-vestales\/\" target=\"_blank\" rel=\"noopener\" aria-label=\"v\u00edrgenes vestales (opens in a new tab)\" data-schema-attribute=\"\">v\u00edrgenes vestales<\/a><\/strong>. Estas \u00faltimas, dada su importancia, estaban bajo la protecci\u00f3n y el cuidado directo del\u00a0<em>pontifex maximus<\/em>.<\/span><\/p>\n<h3 class=\"wp-block-heading\" style=\"text-align: center;\"><span style=\"font-size: 18pt;\">Los edificios del\u00a0<em>pontifex maximus<\/em><\/span><\/h3>\n<p style=\"text-align: justify;\"><span style=\"font-size: 14pt;\">La sede desde la cual oficiaba sus tareas el\u00a0<em>pontifex maximus<\/em>\u00a0era com\u00fanmente denominada como la\u00a0<strong>Regia<\/strong>\u00a0<em>(casa real)<\/em>, y en el pasado remoto, antes de que Roma se convierta en una Rep\u00fablica, era el hogar de los reyes de Roma. Dicho edificio, si bien imponente durante los tiempos remotos de Roma, con el paso de los siglos fue siendo eclipsado por los imponentes edificios de mediados y finales de la Rep\u00fablica y sobre todo por los edificios construidos durante el Imperio romano. A su vez, la morada en la cual resid\u00eda este pont\u00edfice era denominada como la\u00a0<strong><em>Domus Publica<\/em><\/strong>, y se encontraba ubicada entre la Regia y el Atrio de las v\u00edrgenes vestales. Dicha morada pierde su importancia cuando el cargo de m\u00e1ximo pont\u00edfice es acaparado exclusivamente por los emperadores, raz\u00f3n por la cual en el a\u00f1o 64, durante la reconstrucci\u00f3n de Roma que tuvo lugar tras el incendio de Ner\u00f3n, es reconstruida como una parte m\u00e1s del Atrio de las vestales.<\/span><\/p>\n<p>&nbsp;<\/p>\n<figure id=\"attachment_2273857\" aria-describedby=\"caption-attachment-2273857\" style=\"width: 555px\" class=\"wp-caption aligncenter\"><img loading=\"lazy\" decoding=\"async\" class=\"wp-image-2273857\" src=\"https:\/\/puntocritico.com\/ausajpuntocritico\/wp-content\/uploads\/2023\/05\/Templos-Capitolino-1536x768-1-300x150.webp\" alt=\"\" width=\"555\" height=\"278\" data-id=\"2273857\" srcset=\"https:\/\/puntocritico.com\/ausajpuntocritico\/wp-content\/uploads\/2023\/05\/Templos-Capitolino-1536x768-1-300x150.webp 300w, https:\/\/puntocritico.com\/ausajpuntocritico\/wp-content\/uploads\/2023\/05\/Templos-Capitolino-1536x768-1-1024x512.webp 1024w, https:\/\/puntocritico.com\/ausajpuntocritico\/wp-content\/uploads\/2023\/05\/Templos-Capitolino-1536x768-1-768x384.webp 768w, https:\/\/puntocritico.com\/ausajpuntocritico\/wp-content\/uploads\/2023\/05\/Templos-Capitolino-1536x768-1-610x305.webp 610w, https:\/\/puntocritico.com\/ausajpuntocritico\/wp-content\/uploads\/2023\/05\/Templos-Capitolino-1536x768-1-1320x660.webp 1320w, https:\/\/puntocritico.com\/ausajpuntocritico\/wp-content\/uploads\/2023\/05\/Templos-Capitolino-1536x768-1.webp 1536w\" sizes=\"auto, (max-width: 555px) 100vw, 555px\" \/><figcaption id=\"caption-attachment-2273857\" class=\"wp-caption-text\"><span style=\"color: #008000;\">1- templo de Vesta, 2- Regia, residencia del pontifex maximus (antiguamente el hogar de los reyes), 3- Rostra (la plataforma de los oradores), 3- la Curia (el edificio de los senadores), 5- el templo de Julio C\u00e9sar, 6- templo de Castor y P\u00f3lux (reconstruido por Augusto), 7- Bas\u00edlica Julia (construida por Julo C\u00e9sar), 8- templo de J\u00fapiter en la Colina Capitolina, 9- templo de Juno Moneta, 10- templo de J\u00fapiter Capitolino, 11- el Foro Romano.<\/span><\/figcaption><\/figure>\n<h3 class=\"wp-block-heading\" style=\"text-align: center;\"><span style=\"font-size: 18pt;\">Elecci\u00f3n del\u00a0<em>Pontifex Maximus<\/em><\/span><\/h3>\n<h4 class=\"wp-block-heading\" style=\"text-align: justify;\"><span style=\"font-size: 14pt;\">Durante la Rep\u00fablica<\/span><\/h4>\n<p style=\"text-align: justify;\"><span style=\"font-size: 14pt;\">Primeramente se utilizaba el\u00a0<em><strong>cooptatio<\/strong><\/em>\u00a0para realizar la elecci\u00f3n de los miembros del\u00a0<strong>Colegio de pont\u00edfices<\/strong>. Esto ocurr\u00eda cuando los miembros remanentes entre los pont\u00edfices eleg\u00edan a los nuevos miembros a ocupar el cargo. Pero dicho m\u00e9todo no ser\u00eda eterno y se abandonar\u00eda la en el a\u00f1o\u00a0<strong>104 a. C<\/strong>. cuando con la\u00a0<em><strong>Lex Dominitia<\/strong>\u00a0<\/em>establece que la selecci\u00f3n ser\u00eda llevada a cabo por la\u00a0<em><strong>Comitia Tributa<\/strong>\u00a0-una asamblea de votaci\u00f3n de ciudadanos romanos-<\/em>.<\/span><\/p>\n<p style=\"text-align: justify;\"><span style=\"font-size: 14pt;\">Sin embargo, menos de la mitad de las\u00a0<a href=\"https:\/\/www.imperivm.org\/las-tribus-de-roma\/\" target=\"_blank\" rel=\"noopener\" data-schema-attribute=\"\"><strong>tribus de voto<\/strong><\/a>\u00a0de la ciudad estar\u00edan representadas bajo dicha ley\u00a0<em>-cabe ser aclarado que esta era la selecci\u00f3n del Pontifice M\u00e1ximo, quien a su vez era el que luego eleg\u00eda a los otros pont\u00edfices-<\/em>. Fue\u00a0<strong>Sula<\/strong>\u00a0quien al tomar el poder la destituye, pero\u00a0<a href=\"https:\/\/www.imperivm.org\/biografia-de-gayo-julio-cesar-de-su-juventud-a-los-primeros-pasos-en-el-poder\/\" target=\"_blank\" rel=\"noopener\" data-schema-attribute=\"\"><strong>Julio C\u00e9sar<\/strong><\/a>, quien ocup\u00f3 este cargo, fue quien la vuelve a poner en vigencia cuando toma el poder de Roma.<\/span><\/p>\n<h4 class=\"wp-block-heading\" style=\"text-align: justify;\"><span style=\"font-size: 14pt;\">Durante el Imperio<\/span><\/h4>\n<p style=\"text-align: justify;\"><span style=\"font-size: 14pt;\">Durante los tiempos del\u00a0<strong>Imperio romano<\/strong>\u00a0y comenzando con\u00a0<strong>Augusto<\/strong>, el primer emperador romano, el mismo emperador era a su vez y en simult\u00e1neo el m\u00e1ximo pont\u00edfice\u00a0<em>-algo que le deba peso religioso a su mandato-<\/em>.\u00a0Por ende, el emperador tambi\u00e9n era el encargado de elegir al resto de los pont\u00edfices. Vemos como con esto se completa un c\u00edrculo, ya que el poder religioso vuelve al monarca, tal como lo estaba durante los tiempos de la Monarqu\u00eda romana anteriores a la Rep\u00fablica.<\/span><\/p>\n<div id=\"ezoic-pub-ad-placeholder-124\" data-inserter-version=\"2\">\u00a0<\/div>\n<div data-inserter-version=\"2\"><img loading=\"lazy\" decoding=\"async\" class=\"aligncenter wp-image-2273851\" src=\"https:\/\/puntocritico.com\/ausajpuntocritico\/wp-content\/uploads\/2023\/05\/Altar-de-Domitius_cultoRomano-300x98.jpg\" alt=\"CORRUPTA ROMA: LA CIUDAD, LA TRADICI\u00d3N Y LA MUERTE\" width=\"660\" height=\"215\" data-id=\"2273851\" srcset=\"https:\/\/puntocritico.com\/ausajpuntocritico\/wp-content\/uploads\/2023\/05\/Altar-de-Domitius_cultoRomano-300x98.jpg 300w, https:\/\/puntocritico.com\/ausajpuntocritico\/wp-content\/uploads\/2023\/05\/Altar-de-Domitius_cultoRomano-1024x334.jpg 1024w, https:\/\/puntocritico.com\/ausajpuntocritico\/wp-content\/uploads\/2023\/05\/Altar-de-Domitius_cultoRomano-768x251.jpg 768w, https:\/\/puntocritico.com\/ausajpuntocritico\/wp-content\/uploads\/2023\/05\/Altar-de-Domitius_cultoRomano-610x199.jpg 610w, https:\/\/puntocritico.com\/ausajpuntocritico\/wp-content\/uploads\/2023\/05\/Altar-de-Domitius_cultoRomano.jpg 1100w\" sizes=\"auto, (max-width: 660px) 100vw, 660px\" \/><\/div>\n<h3 class=\"wp-block-heading\" style=\"text-align: center;\"><span style=\"font-size: 18pt;\">Funciones y tareas del\u00a0<em>pontifex maximus<\/em><\/span><\/h3>\n<p style=\"text-align: justify;\"><span style=\"font-size: 14pt;\">Si bien el\u00a0<strong>Colegio de pont\u00edfices<\/strong>\u00a0no era el \u00fanico colegio religioso en Roma, \u00e9ste era sin duda alguna el m\u00e1s importante y renombrado de todos, y por ende sus funciones eran de suma importancia. As\u00ed mismo el\u00a0<em><strong>Collegium Pontificum<\/strong><\/em>\u00a0llevaba a cabo los rituales religiosos que no ten\u00edan un colegio propio, como por ejemplo los\u00a0<strong><em>Augurios<\/em><\/strong>,<strong>\u00a0<\/strong>los\u00a0<strong><em>Decemviri Sacris<\/em><\/strong>\u00a0y los\u00a0<em><strong>Fetiales<\/strong><\/em>\u00a0entre otros.<\/span><\/p>\n<h4 class=\"wp-block-heading\"><span style=\"font-size: 14pt;\">La\u00a0<em>Pax Deorum<\/em>\u00a0y los\u00a0<em>Annales Maximi<\/em><\/span><\/h4>\n<p style=\"text-align: justify;\"><span style=\"font-size: 14pt;\">La funci\u00f3n principal del Colegio, y por ende del m\u00e1ximo pont\u00edfice, era la\u00a0<em><strong>Pax Deorum<\/strong>\u00a0-paz con\u00a0<a href=\"https:\/\/www.imperivm.org\/resumen-de-los-dioses-griegos-y-romanos-los-dioses-olimpicos\/\" target=\"_blank\" rel=\"noopener\" data-schema-attribute=\"\">los dioses<\/a>\u2013<\/em>, y consist\u00eda<img loading=\"lazy\" decoding=\"async\" class=\"alignleft wp-image-2273855\" src=\"https:\/\/puntocritico.com\/ausajpuntocritico\/wp-content\/uploads\/2023\/05\/Pontifex-Max-232x300.webp\" alt=\"\" width=\"280\" height=\"362\" data-id=\"2273855\" srcset=\"https:\/\/puntocritico.com\/ausajpuntocritico\/wp-content\/uploads\/2023\/05\/Pontifex-Max-232x300.webp 232w, https:\/\/puntocritico.com\/ausajpuntocritico\/wp-content\/uploads\/2023\/05\/Pontifex-Max-610x789.webp 610w, https:\/\/puntocritico.com\/ausajpuntocritico\/wp-content\/uploads\/2023\/05\/Pontifex-Max.webp 696w\" sizes=\"auto, (max-width: 280px) 100vw, 280px\" \/> en comprender sus deseos y designios divinos, as\u00ed como complacerlos y mantenerlos conformes.<\/span><\/p>\n<p style=\"text-align: justify;\"><span style=\"font-size: 14pt;\">Una de las mayores herramientas para concretar la\u00a0<em>Pax Deorum<\/em>, y sin duda alguna una de las obligaciones m\u00e1s importantes, radicaba en la correcta recopilaci\u00f3n y compilaci\u00f3n de signos o eventos, presumiblemente de car\u00e1cter divino, y unirlos a su respectiva significancia religiosa.<em>\u00a0El\u00a0<strong>Annales Maximi<\/strong><\/em>\u00a0era donde tales designios celestiales eran anotados y compilados.<\/span><\/p>\n<p style=\"text-align: justify;\"><span style=\"font-size: 14pt;\">La utilidad de crear esta especie de enciclopedia m\u00edstica radicaba en otorgarle un mejor conocimiento de los dioses y de sus deseos a las futuras generaciones. Quienes, seg\u00fan cre\u00edan los romanos de la Rep\u00fablica, podr\u00edan contar con una base de conocimiento que les sirviese de gu\u00eda \u2013<em>un buena analog\u00eda es comparar el sistema con el actual sistema jurisprudencia legal-<\/em>. La divisi\u00f3n y organizaci\u00f3n de tal recopilaci\u00f3n era meticulosa y formaba un cuerpo de conceptos que otorgaba diferentes dogmas bajo los cuales los pont\u00edfices podr\u00edan posteriormente basarse para comprender el deseo de los dioses o dar augurios.<\/span><\/p>\n<h4 class=\"wp-block-heading\" style=\"text-align: justify;\"><span style=\"font-size: 14pt;\">El mantenimiento del calendario romano<\/span><\/h4>\n<p style=\"text-align: justify;\"><span style=\"font-size: 14pt;\">Llevar a buen t\u00e9rmino el\u00a0<em><a href=\"https:\/\/www.imperivm.org\/el-calendario-romano-el-fasti\/\" target=\"_blank\" rel=\"noopener\" data-schema-attribute=\"\">fasti<\/a><\/em><a href=\"https:\/\/www.imperivm.org\/el-calendario-romano-el-fasti\/\" target=\"_blank\" rel=\"noopener\" data-schema-attribute=\"\">, es decir el calendario romano<\/a>, era una tarea de suma importancia para el m\u00e1ximo pont\u00edfice. No solo \u00e9ste, en base a la observaci\u00f3n de la luna, establecer\u00eda los\u00a0<em>idus<\/em>\u00a0y\u00a0las\u00a0<em>nonas<\/em>,\u00a0sino que tambi\u00e9n era el encargado de asignar los meses\u00a0<em>intercalaris<\/em>.<\/span><\/p>\n<h4 class=\"wp-block-heading\" style=\"text-align: justify;\"><span style=\"font-size: 14pt;\">Velar por las vestales<\/span><\/h4>\n<p style=\"text-align: justify;\"><span style=\"font-size: 14pt;\">Quiz\u00e1s no una funci\u00f3n en s\u00ed misma pero si definitivamente una tarea muy importante del m\u00e1ximo pont\u00edfice era el encargarse de velar por las v\u00edrgenes\u00a0<a href=\"https:\/\/www.imperivm.org\/las-virgenes-vestales\/\" target=\"_blank\" rel=\"noopener\" aria-label=\"Vestales (opens in a new tab)\" data-schema-attribute=\"\">vestales<\/a>, y esto se puede ver al observar que la\u00a0<em><strong>Domus Publica<\/strong><\/em>\u00a0y la\u00a0<strong>Regia<\/strong>\u00a0<em>-el hogar del M\u00e1ximo Pont\u00edfice y su sede respectivamente-<\/em>\u00a0se encontraban muy cercanas al templo de estas j\u00f3venes sacerdotisas.<\/span><\/p>\n<h4 class=\"wp-block-heading\" style=\"text-align: justify;\"><span style=\"font-size: 14pt;\">Otras funciones varias<\/span><\/h4>\n<p style=\"text-align: justify;\"><span style=\"font-size: 14pt;\">Varias otras funciones de menor importancia pod\u00edan tambi\u00e9n llegar a ser realizadas por el m\u00e1ximo pont\u00edfice, como por ejemplo la de supervisar el funeral de una personalidad importante de Roma, o muy raramente el ofrecer culto a un dios particular\u00a0<em>(tarea que como vimos en este art\u00edculo era relegada a los flamines)<\/em>.<\/span><\/p>\n<h3 class=\"wp-block-heading\" style=\"text-align: center;\"><span style=\"font-size: 18pt;\">El Colegio de los nueve augures<\/span><\/h3>\n<figure id=\"attachment_2273858\" aria-describedby=\"caption-attachment-2273858\" style=\"width: 330px\" class=\"wp-caption aligncenter\"><img loading=\"lazy\" decoding=\"async\" class=\"wp-image-2273858\" src=\"https:\/\/puntocritico.com\/ausajpuntocritico\/wp-content\/uploads\/2023\/05\/Augusto-PxMx-229x300.webp\" alt=\"\" width=\"330\" height=\"433\" data-id=\"2273858\" srcset=\"https:\/\/puntocritico.com\/ausajpuntocritico\/wp-content\/uploads\/2023\/05\/Augusto-PxMx-229x300.webp 229w, https:\/\/puntocritico.com\/ausajpuntocritico\/wp-content\/uploads\/2023\/05\/Augusto-PxMx-610x800.webp 610w, https:\/\/puntocritico.com\/ausajpuntocritico\/wp-content\/uploads\/2023\/05\/Augusto-PxMx.webp 768w\" sizes=\"auto, (max-width: 330px) 100vw, 330px\" \/><figcaption id=\"caption-attachment-2273858\" class=\"wp-caption-text\"><span style=\"color: #008000;\">Imagen de la tan famosa escultura de Augusto la cual lo representa oficiando de pontifex maximus. Podemos ver que la toga est\u00e1 plegada formando una capucha que cubre su cabeza, este tipo de vestir la toga se conoc\u00eda como Cinctus Gabinus y era la manera de vestirla en las ceremonias religiosas.<\/span><\/figcaption><\/figure>\n<p>&nbsp;<\/p>\n<div class=\"wp-block-image\">\n<p style=\"text-align: justify;\"><span style=\"font-size: 14pt;\">El\u00a0<strong>Colegio de los nueve augures<\/strong>\u00a0era un colegio de suma importancia precedido por el m\u00e1ximo pont\u00edfice. Su cometido, o misi\u00f3n, radicaba en indagar las intenciones de los dioses ante una decisi\u00f3n grave a ser tomada por el gobierno.\u00a0<\/span><\/p>\n<p style=\"text-align: justify;\"><span style=\"font-size: 14pt;\">El ritual consist\u00eda en que el M\u00e1ximo Pont\u00edfice se dirija, precedido por quince flamines, al centro sagrado de la ciudad y captara el\u00a0<strong>vuelo de los p\u00e1jaros<\/strong>\u00a0<em>-tal cual como lo hiciera R\u00f3mulo antes de fundar la ciudad-<\/em>. Posteriormente el ritual se modificar\u00eda y consistir\u00eda en estudiar las v\u00edsceras de un animal sacrificado. Si la ocasi\u00f3n era incluso m\u00e1s grave se enviaba una\u00a0<strong>delegaci\u00f3n a Cumas<\/strong>\u00a0para interrogar a la sacerdotisa de\u00a0<a href=\"https:\/\/www.imperivm.org\/apolo-el-dios-griego-del-sol-la-luz-la-medicina-y-la-profecia\/\" target=\"_blank\" rel=\"noopener\" data-schema-attribute=\"\"><strong>Apolo<\/strong><\/a>, la\u00a0<strong>Sibila<\/strong>. En varias ocasiones, tras la p\u00e9rdida de una gran batalla o una gran revuelta interna no era extra\u00f1o que se enviara una misi\u00f3n a consultar el\u00a0<strong>or\u00e1culo de Delfos<\/strong>.<\/span><\/p>\n<h3 class=\"wp-block-heading\" style=\"text-align: center;\"><span style=\"font-size: 18pt;\">El\u00a0<em>pontifex maximus<\/em>\u00a0en la era Imperial<\/span><\/h3>\n<p style=\"text-align: justify;\"><span style=\"font-size: 14pt;\"><strong>Octavio Augusto<\/strong>, el primer emperador de Roma, se convierte en\u00a0<em>pontifex maximus<\/em>\u00a0cuando\u00a0<strong>L\u00e9pido<\/strong>\u00a0muere en el\u00a0<strong>13 a. C.<\/strong>\u00a0Esto le da la posibilidad de ser el que eligiese a los pont\u00edfices y cambiando as\u00ed el car\u00e1cter de la oficina para siempre, la cual pasar\u00eda a ser un t\u00edtulo m\u00e1s del emperador.<\/span><\/p>\n<p style=\"text-align: justify;\"><span style=\"font-size: 14pt;\">De esta manera perder\u00eda gradualmente su importancia hist\u00f3rica y servir\u00eda simplemente como una referencia a la divinidad al emperador y sus acciones. De aqu\u00ed en m\u00e1s los pont\u00edfices elegidos no lo ser\u00edan por su conocimiento de las deidades ni sus habilidades, sino que pasar\u00edan a ser una decoraci\u00f3n imperial a los ciudadanos que el emperador quisiera premiar.<\/span><\/p>\n<h3 class=\"wp-block-heading\" style=\"text-align: center;\"><span style=\"font-size: 18pt;\">En el cristianismo<\/span><\/h3>\n<p style=\"text-align: justify;\"><span style=\"font-size: 14pt;\">Fue\u00a0<strong>Flavio Graciano<\/strong>\u00a0<em>(Flavius Gratianus)<\/em>, de la\u00a0<a href=\"https:\/\/www.imperivm.org\/las-dinastias-de-los-emperadores-romanos-de-la-primera-a-la-ultima\/\" target=\"_blank\" rel=\"noopener\" data-schema-attribute=\"\"><strong>dinast\u00eda imperial Valentiniana<\/strong><\/a>, quien en el\u00a0<strong>381 d. C.<\/strong>\u00a0declin\u00f3 el ser nombrado con dicho honor. Por lo que el t\u00edtulo fue absorbido por el\u00a0<strong>Papa cristiano<\/strong>, manteni\u00e9ndose en vigencia por casi 3000 a\u00f1os hasta nuestros d\u00edas como uno de los nombramientos m\u00e1s longevos y antiguos.<\/span><\/p>\n<\/div>\n<p>&nbsp;<\/p>\n<figure id=\"attachment_2273846\" aria-describedby=\"caption-attachment-2273846\" style=\"width: 480px\" class=\"wp-caption aligncenter\"><img loading=\"lazy\" decoding=\"async\" class=\"wp-image-2273846\" src=\"https:\/\/puntocritico.com\/ausajpuntocritico\/wp-content\/uploads\/2023\/05\/vestales-palermo-1024x497-1-300x146.jpg\" alt=\"\" width=\"480\" height=\"233\" data-id=\"2273846\" srcset=\"https:\/\/puntocritico.com\/ausajpuntocritico\/wp-content\/uploads\/2023\/05\/vestales-palermo-1024x497-1-300x146.jpg 300w, https:\/\/puntocritico.com\/ausajpuntocritico\/wp-content\/uploads\/2023\/05\/vestales-palermo-1024x497-1-768x373.jpg 768w, https:\/\/puntocritico.com\/ausajpuntocritico\/wp-content\/uploads\/2023\/05\/vestales-palermo-1024x497-1-610x296.jpg 610w, https:\/\/puntocritico.com\/ausajpuntocritico\/wp-content\/uploads\/2023\/05\/vestales-palermo-1024x497-1.jpg 1024w\" sizes=\"auto, (max-width: 480px) 100vw, 480px\" \/><figcaption id=\"caption-attachment-2273846\" class=\"wp-caption-text\"><span style=\"color: #008000;\">Vestales (Palermo)<\/span><\/figcaption><\/figure>\n<p style=\"text-align: center;\"><strong><span style=\"color: #008000; font-size: 18pt;\">*******<\/span><\/strong><\/p>\n<h2 style=\"text-align: center;\" align=\"center\"><span style=\"font-size: 24.0pt;\">HALLARON UN TESORO DE 175 MONEDAS ROMANAS QUE CUENTA LA HISTORIA DE UN SOLDADO DE HACE DOS MILENIOS<\/span><\/h2>\n<p class=\"d23-article-subheadline left \" style=\"text-align: center;\"><strong><span style=\"font-size: 14pt;\">Los denarios de plata fueron encontrados por casualidad cerca de Livorno, en Italia. Seg\u00fan los expertos, podr\u00edan aportar valiosa informaci\u00f3n numism\u00e1tica, hist\u00f3rica y social sobre el periodo tardorrepublicano de la Antigua Roma<\/span><\/strong><\/p>\n<p style=\"text-align: justify;\"><span style=\"font-size: 14pt;\"><a href=\"https:\/\/www.infobae.com\/america\/mundo\/2023\/05\/01\/hallaron-un-tesoro-de-175-monedas-romanas-que-cuenta-la-historia-de-un-soldado-imperial-de-hace-dos-milenios\/\" target=\"_blank\" rel=\"noopener\">INFOBAE<\/a>, 1 MAYO 2023<\/span><\/p>\n<figure id=\"attachment_2273530\" aria-describedby=\"caption-attachment-2273530\" style=\"width: 678px\" class=\"wp-caption aligncenter\"><img loading=\"lazy\" decoding=\"async\" class=\"wp-image-2273530 size-mh-magazine-content\" src=\"https:\/\/puntocritico.com\/ausajpuntocritico\/wp-content\/uploads\/2023\/05\/Monedas-romanas-1-678x381.jpg\" alt=\"\" width=\"678\" height=\"381\" data-id=\"2273530\" \/><figcaption id=\"caption-attachment-2273530\" class=\"wp-caption-text\"><span style=\"color: #008000;\">El n\u00famero original de monedas deber\u00eda aproximarse mucho o incluso coincidir con lo hallado (Soprintendenza Archeologia)<\/span><\/figcaption><\/figure>\n<p>&nbsp;<\/p>\n<p class=\"paragraph\" style=\"text-align: justify;\" data-mrf-recirculation=\"Links inline\"><span style=\"font-size: 14pt;\">Un peque\u00f1o tesoro de\u00a0<b>175 monedas romanas de m\u00e1s de dos mil a\u00f1os de antig\u00fcedad<\/b>, hallado en un bosque del centro de\u00a0<b>Italia,\u00a0<\/b>podr\u00eda aportar valiosa informaci\u00f3n numism\u00e1tica, hist\u00f3rica y social sobre el periodo\u00a0<b>tardorrepublicano<\/b>\u00a0de la<b>\u00a0Antigua Roma.<\/b><\/span><\/p>\n<p class=\"paragraph\" style=\"text-align: justify;\" data-mrf-recirculation=\"Links inline\"><span style=\"font-size: 14pt;\">El hallazgo se produjo el 9 de noviembre de 2021 en la finca\u00a0<b>Bellavista Insuese<\/b>, una zona agr\u00edcola y forestal de inter\u00e9s natural entre\u00a0<b>Collesalvetti\u00a0<\/b>y\u00a0<b>Livorno\u00a0<\/b>(centro).<\/span><\/p>\n<p class=\"paragraph\" style=\"text-align: justify;\" data-mrf-recirculation=\"Links inline\"><span style=\"font-size: 14pt;\">Ocurri\u00f3 de casualidad, cuando un miembro del Grupo Arqueol\u00f3gico Paleontol\u00f3gico de Livorno divis\u00f3 entre las hojas unas\u00a0<b>monedas aparentemente antiguas<\/b>\u00a0mientras caminaba por un terreno en pendiente afectado por una reciente tala de \u00e1rboles.<\/span><\/p>\n<p class=\"paragraph\" style=\"text-align: justify;\" data-mrf-recirculation=\"Links inline\"><span style=\"font-size: 14pt;\">El hombre se puso en contacto con la\u00a0<b>Superintendencia arqueol\u00f3gica<\/b>, el ente p\u00fablico que se encarga de los hallazgos. Envi\u00f3 fotos al responsable de la zona y, tras recibir la confirmaci\u00f3n del inter\u00e9s arqueol\u00f3gico, permaneci\u00f3 vigilando la zona hasta que se recuperaron casi todas las monedas y algunos fragmentos del recipiente que las conten\u00eda.<\/span><\/p>\n<p class=\"paragraph\" style=\"text-align: justify;\" data-mrf-recirculation=\"Links inline\"><span style=\"font-size: 14pt;\">En los d\u00edas siguientes, la\u00a0<b>Superintendencia\u00a0<\/b>llev\u00f3 a cabo una\u00a0<b>excavaci\u00f3n\u00a0<\/b>en la zona, con la recuperaci\u00f3n de algunas monedas m\u00e1s.<\/span><\/p>\n<p data-mrf-recirculation=\"Links inline\">\u00a0<\/p>\n<figure id=\"attachment_2273529\" aria-describedby=\"caption-attachment-2273529\" style=\"width: 440px\" class=\"wp-caption aligncenter\"><img loading=\"lazy\" decoding=\"async\" class=\"wp-image-2273529\" src=\"https:\/\/puntocritico.com\/ausajpuntocritico\/wp-content\/uploads\/2023\/05\/Monedas-romanas-2-300x179.jpg\" alt=\"\" width=\"440\" height=\"263\" data-id=\"2273529\" srcset=\"https:\/\/puntocritico.com\/ausajpuntocritico\/wp-content\/uploads\/2023\/05\/Monedas-romanas-2-300x179.jpg 300w, https:\/\/puntocritico.com\/ausajpuntocritico\/wp-content\/uploads\/2023\/05\/Monedas-romanas-2-610x364.jpg 610w, https:\/\/puntocritico.com\/ausajpuntocritico\/wp-content\/uploads\/2023\/05\/Monedas-romanas-2.jpg 673w\" sizes=\"auto, (max-width: 440px) 100vw, 440px\" \/><figcaption id=\"caption-attachment-2273529\" class=\"wp-caption-text\"><span style=\"color: #008000;\">Las primeras monedas del tesoro datan del 157 o 156 a.C., y las \u00faltimas del 83 o 82 a.C. (Soprintendenza Archeologia)<\/span><\/figcaption><\/figure>\n<p data-mrf-recirculation=\"Links inline\">\u00a0<\/p>\n<p class=\"paragraph\" style=\"text-align: justify;\" data-mrf-recirculation=\"Links inline\"><span style=\"font-size: 14pt;\">En conjunto, el peque\u00f1o tesoro hallado, de\u00a0<b>\u00e9poca tardorrepublicana<\/b>, consta de<b>\u00a0175 denarios de plata<\/b>\u00a0en buen estado de conservaci\u00f3n, a excepci\u00f3n de dos monedas fracturadas y recompuestas en su totalidad, una rota en dos partes y conservada s\u00f3lo en algo m\u00e1s de la mitad, seg\u00fan un comunicado del Grupo Paleontol\u00f3gico de Livorno.<\/span><\/p>\n<p class=\"paragraph\" style=\"text-align: justify;\" data-mrf-recirculation=\"Links inline\"><span style=\"font-size: 14pt;\">El n\u00famero original de monedas deber\u00eda aproximarse mucho o incluso coincidir con lo\u00a0<b>hallado<\/b>, ya que, a pesar del contenedor roto, muchos\u00a0<b>denarios segu\u00edan agrupados\u00a0<\/b>y s\u00f3lo unos pocos ejemplares estaban dispersos en un corto radio alejado del n\u00facleo mayor.<\/span><\/p>\n<h3 class=\"header d23-headline-class-h2\" style=\"text-align: center;\"><span style=\"font-size: 18pt;\">La historia que cuentan las monedas<\/span><\/h3>\n<p class=\"paragraph\" style=\"text-align: justify;\" data-mrf-recirculation=\"Links inline\"><span style=\"font-size: 14pt;\">Aunque es imposible saber exactamente qui\u00e9n enterr\u00f3 las monedas, lo m\u00e1s probable es que fueran el<b>\u00a0tesoro de un antiguo soldado\u00a0<\/b>que sirvi\u00f3 durante el\u00a0<i>bellum sociale\u00a0<\/i>(<b>guerra de los Aliados)<\/b>\u00a0de Roma del 91 al 88 a.C. y durante la guerra civil entre\u00a0<b>Sila\u00a0<\/b>y los\u00a0<b>Marianos\u00a0<\/b>del 83 al 82 a.C.<\/span><\/p>\n<p class=\"paragraph\" style=\"text-align: justify;\" data-mrf-recirculation=\"Links inline\"><span style=\"font-size: 14pt;\">En esta \u00e9poca la masa de acu\u00f1aci\u00f3n refleja el gran movimiento de hombres y medios por parte de Roma contra la revuelta de los aliados it\u00e1licos y, posteriormente, durante la\u00a0<b>Guerra Civil\u00a0<\/b>que vio el conflicto entre la facci\u00f3n de los\u00a0<b>optimates<\/b>, liderada por\u00a0<b>Lucio Cornelio Sila<\/b>, y la de los populares, o\u00a0<b>Marianos\u00a0<\/b>porque eran seguidores del siete veces c\u00f3nsul\u00a0<b>Cayo Mario<\/b>.<\/span><\/p>\n<p data-mrf-recirculation=\"Links inline\">\u00a0<\/p>\n<figure id=\"attachment_2273528\" aria-describedby=\"caption-attachment-2273528\" style=\"width: 330px\" class=\"wp-caption aligncenter\"><img loading=\"lazy\" decoding=\"async\" class=\"wp-image-2273528\" src=\"https:\/\/puntocritico.com\/ausajpuntocritico\/wp-content\/uploads\/2023\/05\/Monedas-romanas-3-269x300.jpg\" alt=\"\" width=\"330\" height=\"368\" data-id=\"2273528\" srcset=\"https:\/\/puntocritico.com\/ausajpuntocritico\/wp-content\/uploads\/2023\/05\/Monedas-romanas-3-269x300.jpg 269w, https:\/\/puntocritico.com\/ausajpuntocritico\/wp-content\/uploads\/2023\/05\/Monedas-romanas-3-610x681.jpg 610w, https:\/\/puntocritico.com\/ausajpuntocritico\/wp-content\/uploads\/2023\/05\/Monedas-romanas-3.jpg 692w\" sizes=\"auto, (max-width: 330px) 100vw, 330px\" \/><figcaption id=\"caption-attachment-2273528\" class=\"wp-caption-text\"><span style=\"color: #008000;\">Busto varonil conocido como Sila, c. 40 a.C. copia de un original de finales del siglo II a.C. o \u00e9poca augustea (Wikipedia\/Copenhague, Ny Carlsberg Glyptotek) <\/span><\/figcaption><\/figure>\n<p data-mrf-recirculation=\"Links inline\">\u00a0<\/p>\n<p class=\"paragraph\" style=\"text-align: justify;\" data-mrf-recirculation=\"Links inline\"><span style=\"font-size: 14pt;\">El propietario del tesoro lo enterr\u00f3 en una vasija de terracota que le sirvi\u00f3 de alcanc\u00eda.\u00a0<b>Las primeras monedas del tesoro datan del 157 o 156 a.C., y las \u00faltimas del 83 o 82 a.C.<\/b>, seg\u00fan el comunicado del grupo arqueol\u00f3gico.<\/span><\/p>\n<p class=\"paragraph\" style=\"text-align: justify;\" data-mrf-recirculation=\"Links inline\"><span style=\"font-size: 14pt;\">El hallazgo nos habla del alistamiento, ordenado por\u00a0<b>Cayo Mario<\/b>, de personas que no ten\u00edan ning\u00fan bien o propiedad y que podr\u00edan haber ganado un estipendio, con el que, una vez licenciados, podr\u00edan volver a sus tierras y a la agricultura.<\/span><\/p>\n<p class=\"paragraph\" style=\"text-align: justify;\" data-mrf-recirculation=\"Links inline\"><span style=\"font-size: 14pt;\">El hallazgo podr\u00eda representar los\u00a0<b>ahorros de un soldado comprometido en las operaciones b\u00e9licas de Roma<\/b>\u00a0que, al regresar a su casa y a sus campos, habr\u00eda escondido los denarios de plata bajo un \u00e1rbol del bosque cercano, para\u00a0<b>nunca m\u00e1s volver a recuperarlos.<\/b><\/span><\/p>\n<p style=\"text-align: justify;\">\u00a0<\/p>\n<figure id=\"attachment_2273527\" aria-describedby=\"caption-attachment-2273527\" style=\"width: 480px\" class=\"wp-caption aligncenter\"><img loading=\"lazy\" decoding=\"async\" class=\"wp-image-2273527\" src=\"https:\/\/puntocritico.com\/ausajpuntocritico\/wp-content\/uploads\/2023\/05\/Monedas-romanas-4-300x167.jpg\" alt=\"\" width=\"480\" height=\"267\" data-id=\"2273527\" srcset=\"https:\/\/puntocritico.com\/ausajpuntocritico\/wp-content\/uploads\/2023\/05\/Monedas-romanas-4-300x167.jpg 300w, https:\/\/puntocritico.com\/ausajpuntocritico\/wp-content\/uploads\/2023\/05\/Monedas-romanas-4-610x339.jpg 610w, https:\/\/puntocritico.com\/ausajpuntocritico\/wp-content\/uploads\/2023\/05\/Monedas-romanas-4.jpg 712w\" sizes=\"auto, (max-width: 480px) 100vw, 480px\" \/><figcaption id=\"caption-attachment-2273527\" class=\"wp-caption-text\"><span style=\"color: #008000;\">En aquella \u00e9poca, 175 denarios equival\u00edan al salario de un soldado durante un a\u00f1o y medio. Ahora, el tesoro tiene un valor de entre 20.000 y 25.000 euros. (Soprintendenza Archeologia)<\/span><\/figcaption><\/figure>\n<p>&nbsp;<\/p>\n<p class=\"paragraph\" style=\"text-align: justify;\" data-mrf-recirculation=\"Links inline\"><span style=\"font-size: 14pt;\">\u201cEste tesoro trata de la vida de una persona, de los ahorros de la vida de un soldado y de sus esperanzas de construir su granja\u201d, dijo a\u00a0<i>CNN\u00a0<\/i><b>Lorella Alderighi<\/b>, la arque\u00f3loga oficial de las provincias de Pisa y Livorno. \u201cSin embargo, tambi\u00e9n cuenta una historia triste: el propietario de las monedas muri\u00f3 antes de poder hacer realidad sus sue\u00f1os con sus ahorros. Las monedas cuentan su historia\u201d.<\/span><\/p>\n<p class=\"paragraph\" style=\"text-align: justify;\" data-mrf-recirculation=\"Links inline\"><span style=\"font-size: 14pt;\">En aquella \u00e9poca, 175 denarios equival\u00edan al\u00a0<b>salario de un soldado durante un a\u00f1o y medio<\/b>, seg\u00fan Alderighi. Ahora, el tesoro tiene un valor de entre 20.000 y 25.000 euros, a\u00f1adi\u00f3.<\/span><\/p>\n<h3 class=\"header d23-headline-class-h2\" style=\"text-align: center;\"><span style=\"font-size: 18pt;\">Exposici\u00f3n en el museo<\/span><\/h3>\n<p class=\"paragraph\" style=\"text-align: justify;\" data-mrf-recirculation=\"Links inline\"><span style=\"font-size: 14pt;\">El\u00a0<b>estudio del material hallado ha durado m\u00e1s de un a\u00f1o<\/b>\u00a0y se ha llevado a cabo gracias al trabajo de la Superintendencia junto al\u00a0<b>Museo de Historia Natural de Livorno<\/b>.<\/span><\/p>\n<p class=\"paragraph\" style=\"text-align: justify;\" data-mrf-recirculation=\"Links inline\"><span style=\"font-size: 14pt;\">El Museo de Historia Natural del Mediterr\u00e1neo de la Provincia de Livorno y de la Regi\u00f3n de Toscana financi\u00f3 la impresi\u00f3n del cat\u00e1logo y la realizaci\u00f3n de una<b>\u00a0exposici\u00f3n del 5 de mayo al 2 de julio.<\/b><\/span><\/p>\n<p class=\"paragraph\" style=\"text-align: justify;\" data-mrf-recirculation=\"Links inline\"><span style=\"font-size: 14pt;\">\u201cEs uno de los pocos dep\u00f3sitos de monedas antiguas que se han encontrado intactos y aporta mucha informaci\u00f3n numism\u00e1tica, hist\u00f3rica y social\u201d, dijo Alderighi.<\/span><\/p>\n<p>&nbsp;<\/p>\n<p>&nbsp;<\/p>\n<p><img loading=\"lazy\" decoding=\"async\" class=\"aligncenter wp-image-2273847\" src=\"https:\/\/puntocritico.com\/ausajpuntocritico\/wp-content\/uploads\/2023\/05\/vesta-bakireleri-min-1-350x210-1.webp\" alt=\"\" width=\"440\" height=\"264\" data-id=\"2273847\" srcset=\"https:\/\/puntocritico.com\/ausajpuntocritico\/wp-content\/uploads\/2023\/05\/vesta-bakireleri-min-1-350x210-1.webp 350w, https:\/\/puntocritico.com\/ausajpuntocritico\/wp-content\/uploads\/2023\/05\/vesta-bakireleri-min-1-350x210-1-300x180.webp 300w\" sizes=\"auto, (max-width: 440px) 100vw, 440px\" \/><\/p>\n<p style=\"text-align: center;\"><strong><span style=\"color: #008000; font-size: 18pt;\">*******<\/span><\/strong><\/p>\n<h2 style=\"text-align: justify;\"><span style=\"font-size: 14pt;\"><strong>RELACIONADOS:<\/strong><\/span><\/h2>\n<blockquote class=\"wp-embedded-content\" data-secret=\"cCf3SE0zdb\"><p><a href=\"https:\/\/puntocritico.com\/ausajpuntocritico\/2023\/04\/22\/corrupta-roma\/\">CORRUPTA ROMA. \u00abEl Imperio corrupto y sanguinario, que sigue vivo en la Pol\u00edtica de hoy\u00bb.<\/a><\/p><\/blockquote>\n<p><iframe loading=\"lazy\" class=\"wp-embedded-content\" sandbox=\"allow-scripts\" security=\"restricted\" style=\"position: absolute; visibility: hidden;\" title=\"\u00abCORRUPTA ROMA. \u00abEl Imperio corrupto y sanguinario, que sigue vivo en la Pol\u00edtica de hoy\u00bb.\u00bb \u2014 Punto Cr\u00edtico Derechos Humanos\" src=\"https:\/\/puntocritico.com\/ausajpuntocritico\/2023\/04\/22\/corrupta-roma\/embed\/#?secret=PH14Iuloaq#?secret=cCf3SE0zdb\" data-secret=\"cCf3SE0zdb\" width=\"500\" height=\"282\" frameborder=\"0\" marginwidth=\"0\" marginheight=\"0\" scrolling=\"no\"><\/iframe><\/p>\n<blockquote class=\"wp-embedded-content\" data-secret=\"ENjmQ3qOKo\"><p><a href=\"https:\/\/puntocritico.com\/ausajpuntocritico\/2023\/04\/29\/corrupta-roma-cursus-honorum-y-corrupcion\/\">CORRUPTA ROMA: CURSUS HONORUM Y CORRUPCI\u00d3N. \u00abCon dinero se hace la guerra. Y con la guerra se hace dinero\u00bb<\/a><\/p><\/blockquote>\n<p><iframe loading=\"lazy\" class=\"wp-embedded-content\" sandbox=\"allow-scripts\" security=\"restricted\" style=\"position: absolute; visibility: hidden;\" title=\"\u00abCORRUPTA ROMA: CURSUS HONORUM Y CORRUPCI\u00d3N. \u00abCon dinero se hace la guerra. Y con la guerra se hace dinero\u00bb\u00bb \u2014 Punto Cr\u00edtico Derechos Humanos\" src=\"https:\/\/puntocritico.com\/ausajpuntocritico\/2023\/04\/29\/corrupta-roma-cursus-honorum-y-corrupcion\/embed\/#?secret=cYjQDShZ9M#?secret=ENjmQ3qOKo\" data-secret=\"ENjmQ3qOKo\" width=\"500\" height=\"282\" frameborder=\"0\" marginwidth=\"0\" marginheight=\"0\" scrolling=\"no\"><\/iframe><\/p>\n<blockquote class=\"wp-embedded-content\" data-secret=\"zCMFc0Is86\"><p><a href=\"https:\/\/puntocritico.com\/ausajpuntocritico\/2022\/10\/03\/las-doce-tablas-como-los-plebeyos-tuvieron-que-insistir-durante-anos-para-poner-por-escrito-las-primeras-leyes-de-roma\/\">Las Doce Tablas, c\u00f3mo los plebeyos tuvieron que insistir durante a\u00f1os para poner por escrito las primeras leyes de Roma.<\/a><\/p><\/blockquote>\n<p><iframe loading=\"lazy\" class=\"wp-embedded-content\" sandbox=\"allow-scripts\" security=\"restricted\" style=\"position: absolute; visibility: hidden;\" title=\"\u00abLas Doce Tablas, c\u00f3mo los plebeyos tuvieron que insistir durante a\u00f1os para poner por escrito las primeras leyes de Roma.\u00bb \u2014 Punto Cr\u00edtico Derechos Humanos\" src=\"https:\/\/puntocritico.com\/ausajpuntocritico\/2022\/10\/03\/las-doce-tablas-como-los-plebeyos-tuvieron-que-insistir-durante-anos-para-poner-por-escrito-las-primeras-leyes-de-roma\/embed\/#?secret=7q2iLFfjtH#?secret=zCMFc0Is86\" data-secret=\"zCMFc0Is86\" width=\"500\" height=\"282\" frameborder=\"0\" marginwidth=\"0\" marginheight=\"0\" scrolling=\"no\"><\/iframe><\/p>\n<blockquote class=\"wp-embedded-content\" data-secret=\"ntUGSZgyUC\"><p><a href=\"https:\/\/puntocritico.com\/ausajpuntocritico\/2022\/09\/27\/justicia-divina-2\/\">Justicia divina<\/a><\/p><\/blockquote>\n<p><iframe loading=\"lazy\" class=\"wp-embedded-content\" sandbox=\"allow-scripts\" security=\"restricted\" style=\"position: absolute; visibility: hidden;\" title=\"\u00abJusticia divina\u00bb \u2014 Punto Cr\u00edtico Derechos Humanos\" src=\"https:\/\/puntocritico.com\/ausajpuntocritico\/2022\/09\/27\/justicia-divina-2\/embed\/#?secret=wVHS3j7vMB#?secret=ntUGSZgyUC\" data-secret=\"ntUGSZgyUC\" width=\"500\" height=\"282\" frameborder=\"0\" marginwidth=\"0\" marginheight=\"0\" scrolling=\"no\"><\/iframe><\/p>\n<blockquote class=\"wp-embedded-content\" data-secret=\"PczcnYCieK\"><p><a href=\"https:\/\/puntocritico.com\/ausajpuntocritico\/2021\/12\/01\/polibio\/\">POLIBIO DE MEGAL\u00d3POLIS (203 \u2013 120 a. C.). \u00abHISTORIAS\u00bb. LA ANACICLOSIS: El Ciclo de Degeneraci\u00f3n de las Formas de Gobierno, de la Monarqu\u00eda (Gobierno de uno) a la Oclocracia (populismo o corrupci\u00f3n de la Democracia).<\/a><\/p><\/blockquote>\n<p><iframe loading=\"lazy\" class=\"wp-embedded-content\" sandbox=\"allow-scripts\" security=\"restricted\" style=\"position: absolute; visibility: hidden;\" title=\"\u00abPOLIBIO DE MEGAL\u00d3POLIS (203 \u2013 120 a. C.). \u00abHISTORIAS\u00bb. LA ANACICLOSIS: El Ciclo de Degeneraci\u00f3n de las Formas de Gobierno, de la Monarqu\u00eda (Gobierno de uno) a la Oclocracia (populismo o corrupci\u00f3n de la Democracia).\u00bb \u2014 Punto Cr\u00edtico Derechos Humanos\" src=\"https:\/\/puntocritico.com\/ausajpuntocritico\/2021\/12\/01\/polibio\/embed\/#?secret=MgSbhnkBe2#?secret=PczcnYCieK\" data-secret=\"PczcnYCieK\" width=\"500\" height=\"282\" frameborder=\"0\" marginwidth=\"0\" marginheight=\"0\" scrolling=\"no\"><\/iframe><\/p>\n<blockquote class=\"wp-embedded-content\" data-secret=\"wouxFKnxa6\"><p><a href=\"https:\/\/puntocritico.com\/ausajpuntocritico\/2022\/06\/11\/caligula-albert-camus\/\">CAL\u00cdGULA, de Albert Camus. \u00abY justamente, os odio porque no sois libres. En todo el Imperio romano soy el \u00fanico libre\u00bb.<\/a><\/p><\/blockquote>\n<p><iframe loading=\"lazy\" class=\"wp-embedded-content\" sandbox=\"allow-scripts\" security=\"restricted\" style=\"position: absolute; visibility: hidden;\" title=\"\u00abCAL\u00cdGULA, de Albert Camus. \u00abY justamente, os odio porque no sois libres. En todo el Imperio romano soy el \u00fanico libre\u00bb.\u00bb \u2014 Punto Cr\u00edtico Derechos Humanos\" src=\"https:\/\/puntocritico.com\/ausajpuntocritico\/2022\/06\/11\/caligula-albert-camus\/embed\/#?secret=5dXcdYZJy7#?secret=wouxFKnxa6\" data-secret=\"wouxFKnxa6\" width=\"500\" height=\"282\" frameborder=\"0\" marginwidth=\"0\" marginheight=\"0\" scrolling=\"no\"><\/iframe><\/p>\n<blockquote class=\"wp-embedded-content\" data-secret=\"1tdbBYRIMr\"><p><a href=\"https:\/\/puntocritico.com\/ausajpuntocritico\/2021\/05\/19\/los-ciclos-y-el-ritmo-de-la-historia-el-final-de-la-republica-romana-por-emilio-de-miguel-calabia\/\">EL RITMO C\u00cdCLICO DE LA HISTORIA: \u00abEl final de la Rep\u00fablica romana\u00bb, por  Emilio de Miguel Calabia.<\/a><\/p><\/blockquote>\n<p><iframe loading=\"lazy\" class=\"wp-embedded-content\" sandbox=\"allow-scripts\" security=\"restricted\" style=\"position: absolute; visibility: hidden;\" title=\"\u00abEL RITMO C\u00cdCLICO DE LA HISTORIA: \u00abEl final de la Rep\u00fablica romana\u00bb, por  Emilio de Miguel Calabia.\u00bb \u2014 Punto Cr\u00edtico Derechos Humanos\" src=\"https:\/\/puntocritico.com\/ausajpuntocritico\/2021\/05\/19\/los-ciclos-y-el-ritmo-de-la-historia-el-final-de-la-republica-romana-por-emilio-de-miguel-calabia\/embed\/#?secret=K7XiZBx5uZ#?secret=1tdbBYRIMr\" data-secret=\"1tdbBYRIMr\" width=\"500\" height=\"282\" frameborder=\"0\" marginwidth=\"0\" marginheight=\"0\" scrolling=\"no\"><\/iframe><\/p>\n<blockquote class=\"wp-embedded-content\" data-secret=\"tKEAIue8zJ\"><p><a href=\"https:\/\/puntocritico.com\/ausajpuntocritico\/2020\/07\/23\/meditaciones-de-marco-aurelio-2\/\">MEDITACIONES DE MARCO AURELIO<\/a><\/p><\/blockquote>\n<p><iframe loading=\"lazy\" class=\"wp-embedded-content\" sandbox=\"allow-scripts\" security=\"restricted\" style=\"position: absolute; visibility: hidden;\" title=\"\u00abMEDITACIONES DE MARCO AURELIO\u00bb \u2014 Punto Cr\u00edtico Derechos Humanos\" src=\"https:\/\/puntocritico.com\/ausajpuntocritico\/2020\/07\/23\/meditaciones-de-marco-aurelio-2\/embed\/#?secret=zBJ9TMyxw3#?secret=tKEAIue8zJ\" data-secret=\"tKEAIue8zJ\" width=\"500\" height=\"282\" frameborder=\"0\" marginwidth=\"0\" marginheight=\"0\" scrolling=\"no\"><\/iframe><\/p>\n<blockquote class=\"wp-embedded-content\" data-secret=\"DkpXkXM4jC\"><p><a href=\"https:\/\/puntocritico.com\/ausajpuntocritico\/2023\/01\/30\/busqueda-de-la-verdad-ciceron\/\">LA B\u00daSQUEDA DE LA VERDAD, por Marco Tulio Cicer\u00f3n<\/a><\/p><\/blockquote>\n<p><iframe loading=\"lazy\" class=\"wp-embedded-content\" sandbox=\"allow-scripts\" security=\"restricted\" style=\"position: absolute; visibility: hidden;\" title=\"\u00abLA B\u00daSQUEDA DE LA VERDAD, por Marco Tulio Cicer\u00f3n\u00bb \u2014 Punto Cr\u00edtico Derechos Humanos\" src=\"https:\/\/puntocritico.com\/ausajpuntocritico\/2023\/01\/30\/busqueda-de-la-verdad-ciceron\/embed\/#?secret=kjgkWX548x#?secret=DkpXkXM4jC\" data-secret=\"DkpXkXM4jC\" width=\"500\" height=\"282\" frameborder=\"0\" marginwidth=\"0\" marginheight=\"0\" scrolling=\"no\"><\/iframe><\/p>\n<p>&nbsp;<\/p>\n<p><a href=\"https:\/\/puntocritico.com\/ausajpuntocritico\/author\/punto-critico\/\"><img loading=\"lazy\" decoding=\"async\" class=\"aligncenter wp-image-9528\" src=\"https:\/\/puntocritico.com\/ausajpuntocritico\/wp-content\/uploads\/2018\/03\/Mosca_Punto_Cr\u00edtico_40.png\" alt=\"\" width=\"80\" height=\"80\" data-id=\"9528\" \/><\/a><\/p>\n<p>&nbsp;<\/p>\n","protected":false},"excerpt":{"rendered":"<div class=\"mh-excerpt\"><p>LA CIUDAD, LA TRADICI\u00d3N Y LA MUERTE &nbsp; AS\u00cd PROVOCARON LOS MILMILLONARIOS Y LA AVARICIA DE LAS \u00c9LITES LA CA\u00cdDA DEL IMPERIO ROMANO El historiador Jos\u00e9 Soto Chica publica \u201cEl \u00e1guila y los cuervos\u201d, un <a class=\"mh-excerpt-more\" href=\"https:\/\/puntocritico.com\/ausajpuntocritico\/2023\/05\/13\/corrupta-roma-la-ciudad-la-tradicion-y-la-muerte\/\" title=\"CORRUPTA ROMA: LA CIUDAD, LA TRADICI\u00d3N Y LA MUERTE\">[&#8230;]<\/a><\/p>\n<\/div>","protected":false},"author":3,"featured_media":2273909,"comment_status":"open","ping_status":"closed","sticky":false,"template":"","format":"standard","meta":{"_acf_changed":false,"_exactmetrics_skip_tracking":false,"_exactmetrics_sitenote_active":false,"_exactmetrics_sitenote_note":"","_exactmetrics_sitenote_category":0,"footnotes":""},"categories":[10],"tags":[60],"class_list":{"0":"post-2268911","1":"post","2":"type-post","3":"status-publish","4":"format-standard","5":"has-post-thumbnail","7":"category-miscelanea","8":"tag-roma"},"acf":[],"_links":{"self":[{"href":"https:\/\/puntocritico.com\/ausajpuntocritico\/wp-json\/wp\/v2\/posts\/2268911","targetHints":{"allow":["GET"]}}],"collection":[{"href":"https:\/\/puntocritico.com\/ausajpuntocritico\/wp-json\/wp\/v2\/posts"}],"about":[{"href":"https:\/\/puntocritico.com\/ausajpuntocritico\/wp-json\/wp\/v2\/types\/post"}],"author":[{"embeddable":true,"href":"https:\/\/puntocritico.com\/ausajpuntocritico\/wp-json\/wp\/v2\/users\/3"}],"replies":[{"embeddable":true,"href":"https:\/\/puntocritico.com\/ausajpuntocritico\/wp-json\/wp\/v2\/comments?post=2268911"}],"version-history":[{"count":0,"href":"https:\/\/puntocritico.com\/ausajpuntocritico\/wp-json\/wp\/v2\/posts\/2268911\/revisions"}],"wp:featuredmedia":[{"embeddable":true,"href":"https:\/\/puntocritico.com\/ausajpuntocritico\/wp-json\/wp\/v2\/media\/2273909"}],"wp:attachment":[{"href":"https:\/\/puntocritico.com\/ausajpuntocritico\/wp-json\/wp\/v2\/media?parent=2268911"}],"wp:term":[{"taxonomy":"category","embeddable":true,"href":"https:\/\/puntocritico.com\/ausajpuntocritico\/wp-json\/wp\/v2\/categories?post=2268911"},{"taxonomy":"post_tag","embeddable":true,"href":"https:\/\/puntocritico.com\/ausajpuntocritico\/wp-json\/wp\/v2\/tags?post=2268911"}],"curies":[{"name":"wp","href":"https:\/\/api.w.org\/{rel}","templated":true}]}}