{"id":2268907,"date":"2023-05-06T00:05:10","date_gmt":"2023-05-05T22:05:10","guid":{"rendered":"https:\/\/puntocritico.com\/ausajpuntocritico\/?p=2268907"},"modified":"2025-01-09T17:54:52","modified_gmt":"2025-01-09T16:54:52","slug":"corrupta-roma-el-derecho-romano","status":"publish","type":"post","link":"https:\/\/puntocritico.com\/ausajpuntocritico\/2023\/05\/06\/corrupta-roma-el-derecho-romano\/","title":{"rendered":"CORRUPTA ROMA: EL DERECHO ROMANO. \u00abUsos, costumbres y tradiciones de la antigua Roma a la actualidad\u00bb."},"content":{"rendered":"<h2 style=\"text-align: justify;\"><span style=\"color: #008000;\"><strong><span style=\"font-size: 14pt;\">DERECHO ROMANO<\/span><\/strong><\/span><\/h2>\n<p>&nbsp;<\/p>\n<blockquote>\n<h2 style=\"text-align: center;\"><strong>\u00abEL DERECHO FUE A ROMA LO QUE EL VINO ESPA\u00d1OL A LA DIVINA CREACI\u00d3N: SU OBRA MAESTRA\u00bb (Forges)<\/strong><\/h2>\n<p><img loading=\"lazy\" decoding=\"async\" class=\"aligncenter wp-image-2272998\" src=\"https:\/\/puntocritico.com\/ausajpuntocritico\/wp-content\/uploads\/2023\/05\/Forges-19.jpg\" alt=\"DERECHO ROMANO\" width=\"680\" height=\"888\" data-id=\"2272998\" srcset=\"https:\/\/puntocritico.com\/ausajpuntocritico\/wp-content\/uploads\/2023\/05\/Forges-19.jpg 576w, https:\/\/puntocritico.com\/ausajpuntocritico\/wp-content\/uploads\/2023\/05\/Forges-19-230x300.jpg 230w\" sizes=\"auto, (max-width: 680px) 100vw, 680px\" \/><\/p>\n<p style=\"text-align: center;\"><span style=\"font-size: 18pt;\"><strong><span style=\"color: #008000;\">*******<\/span><\/strong><\/span><\/p>\n<\/blockquote>\n<div id=\"title\" class=\"style-scope ytd-watch-metadata\">\n<h2 class=\"style-scope ytd-watch-metadata\" style=\"text-align: center;\"><span style=\"font-size: 24pt;\">\u00a1Eso ya lo hac\u00edan los romanos! Usos, costumbres y tradiciones de la antigua Roma a la actualidad<\/span><\/h2>\n<\/div>\n<div class=\"item style-scope ytd-watch-metadata\"><a href=\"https:\/\/www.youtube.com\/watch?v=cPOELgau--c&amp;list=PLSTkYuU6iPdn9zNsWOvxhsrJP7WPv6tFb&amp;index=35\" target=\"_blank\" rel=\"noopener\"><span style=\"font-size: 14pt;\">Museo Arqueol\u00f3gico Nacional de Espa\u00f1a<\/span><\/a><\/div>\n<div>\u00a0<\/div>\n<div style=\"text-align: center;\"><iframe loading=\"lazy\" title=\"YouTube video player\" src=\"\/\/www.youtube.com\/embed\/cPOELgau--c?si=-sudcsPqbLy1nv7e\" width=\"560\" height=\"315\" frameborder=\"0\" allowfullscreen=\"allowfullscreen\"><\/iframe><\/div>\n<p>&nbsp;<\/p>\n<blockquote>\n<p style=\"text-align: center;\"><span style=\"font-size: 14pt;\">3\/072019- Jos\u00e9 Nicol\u00e1s Saiz L\u00f3pez. Profesor Tutor de Historia Antigua. UNED Cantabria 11-13\/07\/2019- Curso de Verano UNED. Roma vivet: Herencia y pervivencia de la Roma antigua<\/span><\/p>\n<\/blockquote>\n<p style=\"text-align: center;\"><span style=\"font-size: 18pt;\"><strong><span style=\"color: #008000;\">*******<\/span><\/strong><\/span><\/p>\n<div id=\"title\" class=\"style-scope ytd-watch-metadata\">\n<div id=\"title\" class=\"style-scope ytd-watch-metadata\">\n<h2 class=\"style-scope ytd-watch-metadata\" style=\"text-align: center;\"><span style=\"font-size: 24pt;\">Legibus vivere: el derecho como norma de convivencia<\/span><\/h2>\n<\/div>\n<\/div>\n<div id=\"top-row\" class=\"style-scope ytd-watch-metadata\">\n<div id=\"owner\" class=\"item style-scope ytd-watch-metadata\">\n<div id=\"container\" class=\"style-scope ytd-channel-name\">\n<div id=\"text-container\" class=\"style-scope ytd-channel-name\" style=\"text-align: justify;\"><a href=\"https:\/\/www.youtube.com\/watch?v=fOUbJ-hx3J0&amp;list=PLSTkYuU6iPdn9zNsWOvxhsrJP7WPv6tFb&amp;index=36\" target=\"_blank\" rel=\"noopener\"><span style=\"font-size: 14pt;\">Museo Arqueol\u00f3gico Nacional de Espa\u00f1a<\/span><\/a><\/div>\n<\/div>\n<\/div>\n<\/div>\n<div>\u00a0<\/div>\n<div style=\"text-align: center;\"><iframe loading=\"lazy\" title=\"YouTube video player\" src=\"\/\/www.youtube.com\/embed\/fOUbJ-hx3J0?si=QnQQ8yLQ-G5TlPHq\" width=\"560\" height=\"315\" frameborder=\"0\" allowfullscreen=\"allowfullscreen\"><\/iframe><\/div>\n<p>&nbsp;<\/p>\n<blockquote>\n<p style=\"text-align: center;\"><span style=\"font-size: 14pt;\">13\/07\/2019- Remedios Mor\u00e1n Mart\u00edn. Catedr\u00e1tica de Historia del Derecho. UNED Curso de Verano UNED 11-13\/07\/2019. Roma vivet: Herencia y pervivencia de la Roma antigua<\/span><\/p>\n<\/blockquote>\n<p style=\"text-align: center;\"><span style=\"font-size: 18pt;\"><strong><span style=\"color: #008000;\">*******<\/span><\/strong><\/span><\/p>\n<h2 style=\"text-align: center;\"><span style=\"font-size: 24pt;\">HISTORIA DE AQU\u00cd<\/span><\/h2>\n<p style=\"text-align: center;\"><strong><span style=\"font-size: 18pt;\">CAP\u00cdTULO VI, \u00abHISPANIA CA\u00d1\u00cd\u00bb (m\u00e1s romanos que nadie)<\/span><\/strong><\/p>\n<p style=\"text-align: justify;\"><span style=\"font-size: 14pt;\">Por Forges<\/span><\/p>\n<p><img loading=\"lazy\" decoding=\"async\" class=\"aligncenter wp-image-2273018\" src=\"https:\/\/puntocritico.com\/ausajpuntocritico\/wp-content\/uploads\/2023\/05\/Para-Portada-PPAL-D-Romano-300x199.jpg\" alt=\"\" width=\"555\" height=\"369\" data-id=\"2273018\" srcset=\"https:\/\/puntocritico.com\/ausajpuntocritico\/wp-content\/uploads\/2023\/05\/Para-Portada-PPAL-D-Romano-300x199.jpg 300w, https:\/\/puntocritico.com\/ausajpuntocritico\/wp-content\/uploads\/2023\/05\/Para-Portada-PPAL-D-Romano-610x405.jpg 610w, https:\/\/puntocritico.com\/ausajpuntocritico\/wp-content\/uploads\/2023\/05\/Para-Portada-PPAL-D-Romano-678x452.jpg 678w, https:\/\/puntocritico.com\/ausajpuntocritico\/wp-content\/uploads\/2023\/05\/Para-Portada-PPAL-D-Romano.jpg 680w\" sizes=\"auto, (max-width: 555px) 100vw, 555px\" \/><\/p>\n<p><img loading=\"lazy\" decoding=\"async\" class=\"aligncenter wp-image-2273017\" src=\"https:\/\/puntocritico.com\/ausajpuntocritico\/wp-content\/uploads\/2023\/05\/Forges-1-212x300.jpg\" alt=\"\" width=\"480\" height=\"680\" data-id=\"2273017\" srcset=\"https:\/\/puntocritico.com\/ausajpuntocritico\/wp-content\/uploads\/2023\/05\/Forges-1-212x300.jpg 212w, https:\/\/puntocritico.com\/ausajpuntocritico\/wp-content\/uploads\/2023\/05\/Forges-1.jpg 570w\" sizes=\"auto, (max-width: 480px) 100vw, 480px\" \/><\/p>\n<p><img loading=\"lazy\" decoding=\"async\" class=\"aligncenter wp-image-2273016\" src=\"https:\/\/puntocritico.com\/ausajpuntocritico\/wp-content\/uploads\/2023\/05\/Forges-2-216x300.jpg\" alt=\"\" width=\"480\" height=\"667\" data-id=\"2273016\" srcset=\"https:\/\/puntocritico.com\/ausajpuntocritico\/wp-content\/uploads\/2023\/05\/Forges-2-216x300.jpg 216w, https:\/\/puntocritico.com\/ausajpuntocritico\/wp-content\/uploads\/2023\/05\/Forges-2.jpg 577w\" sizes=\"auto, (max-width: 480px) 100vw, 480px\" \/><\/p>\n<p><img loading=\"lazy\" decoding=\"async\" class=\"aligncenter wp-image-2273015\" src=\"https:\/\/puntocritico.com\/ausajpuntocritico\/wp-content\/uploads\/2023\/05\/Forges-3-217x300.jpg\" alt=\"\" width=\"520\" height=\"719\" data-id=\"2273015\" srcset=\"https:\/\/puntocritico.com\/ausajpuntocritico\/wp-content\/uploads\/2023\/05\/Forges-3-217x300.jpg 217w, https:\/\/puntocritico.com\/ausajpuntocritico\/wp-content\/uploads\/2023\/05\/Forges-3.jpg 591w\" sizes=\"auto, (max-width: 520px) 100vw, 520px\" \/><\/p>\n<p><img loading=\"lazy\" decoding=\"async\" class=\"aligncenter wp-image-2273014\" src=\"https:\/\/puntocritico.com\/ausajpuntocritico\/wp-content\/uploads\/2023\/05\/Forges-4-218x300.jpg\" alt=\"\" width=\"520\" height=\"717\" data-id=\"2273014\" srcset=\"https:\/\/puntocritico.com\/ausajpuntocritico\/wp-content\/uploads\/2023\/05\/Forges-4-218x300.jpg 218w, https:\/\/puntocritico.com\/ausajpuntocritico\/wp-content\/uploads\/2023\/05\/Forges-4.jpg 578w\" sizes=\"auto, (max-width: 520px) 100vw, 520px\" \/><\/p>\n<p><img loading=\"lazy\" decoding=\"async\" class=\"aligncenter wp-image-2273013\" src=\"https:\/\/puntocritico.com\/ausajpuntocritico\/wp-content\/uploads\/2023\/05\/Forges-5-217x300.jpg\" alt=\"\" width=\"530\" height=\"731\" data-id=\"2273013\" srcset=\"https:\/\/puntocritico.com\/ausajpuntocritico\/wp-content\/uploads\/2023\/05\/Forges-5-217x300.jpg 217w, https:\/\/puntocritico.com\/ausajpuntocritico\/wp-content\/uploads\/2023\/05\/Forges-5.jpg 592w\" sizes=\"auto, (max-width: 530px) 100vw, 530px\" \/><\/p>\n<p><img loading=\"lazy\" decoding=\"async\" class=\"aligncenter wp-image-2273012\" src=\"https:\/\/puntocritico.com\/ausajpuntocritico\/wp-content\/uploads\/2023\/05\/Forges-6-224x300.jpg\" alt=\"\" width=\"520\" height=\"697\" data-id=\"2273012\" srcset=\"https:\/\/puntocritico.com\/ausajpuntocritico\/wp-content\/uploads\/2023\/05\/Forges-6-224x300.jpg 224w, https:\/\/puntocritico.com\/ausajpuntocritico\/wp-content\/uploads\/2023\/05\/Forges-6.jpg 572w\" sizes=\"auto, (max-width: 520px) 100vw, 520px\" \/><\/p>\n<p><img loading=\"lazy\" decoding=\"async\" class=\"aligncenter wp-image-2273011\" src=\"https:\/\/puntocritico.com\/ausajpuntocritico\/wp-content\/uploads\/2023\/05\/Forges-7-220x300.jpg\" alt=\"\" width=\"530\" height=\"723\" data-id=\"2273011\" srcset=\"https:\/\/puntocritico.com\/ausajpuntocritico\/wp-content\/uploads\/2023\/05\/Forges-7-220x300.jpg 220w, https:\/\/puntocritico.com\/ausajpuntocritico\/wp-content\/uploads\/2023\/05\/Forges-7.jpg 595w\" sizes=\"auto, (max-width: 530px) 100vw, 530px\" \/><\/p>\n<p><img loading=\"lazy\" decoding=\"async\" class=\"aligncenter wp-image-2273010\" src=\"https:\/\/puntocritico.com\/ausajpuntocritico\/wp-content\/uploads\/2023\/05\/Forges-8-215x300.jpg\" alt=\"\" width=\"530\" height=\"739\" data-id=\"2273010\" srcset=\"https:\/\/puntocritico.com\/ausajpuntocritico\/wp-content\/uploads\/2023\/05\/Forges-8-215x300.jpg 215w, https:\/\/puntocritico.com\/ausajpuntocritico\/wp-content\/uploads\/2023\/05\/Forges-8.jpg 582w\" sizes=\"auto, (max-width: 530px) 100vw, 530px\" \/><\/p>\n<p><a href=\"https:\/\/puntocritico.com\/ausajpuntocritico\/2022\/04\/28\/ano-303-inventan-el-cristianismo-2\/\"><img loading=\"lazy\" decoding=\"async\" class=\"aligncenter wp-image-2273009\" src=\"https:\/\/puntocritico.com\/ausajpuntocritico\/wp-content\/uploads\/2023\/05\/Forges-9-226x300.jpg\" alt=\"\" width=\"530\" height=\"705\" data-id=\"2273009\" srcset=\"https:\/\/puntocritico.com\/ausajpuntocritico\/wp-content\/uploads\/2023\/05\/Forges-9-226x300.jpg 226w, https:\/\/puntocritico.com\/ausajpuntocritico\/wp-content\/uploads\/2023\/05\/Forges-9.jpg 580w\" sizes=\"auto, (max-width: 530px) 100vw, 530px\" \/><\/a><\/p>\n<p><img loading=\"lazy\" decoding=\"async\" class=\"aligncenter wp-image-2273008\" src=\"https:\/\/puntocritico.com\/ausajpuntocritico\/wp-content\/uploads\/2023\/05\/Forges-10-229x300.jpg\" alt=\"\" width=\"480\" height=\"629\" data-id=\"2273008\" srcset=\"https:\/\/puntocritico.com\/ausajpuntocritico\/wp-content\/uploads\/2023\/05\/Forges-10-229x300.jpg 229w, https:\/\/puntocritico.com\/ausajpuntocritico\/wp-content\/uploads\/2023\/05\/Forges-10.jpg 576w\" sizes=\"auto, (max-width: 480px) 100vw, 480px\" \/><\/p>\n<p><img loading=\"lazy\" decoding=\"async\" class=\"aligncenter wp-image-2273007\" src=\"https:\/\/puntocritico.com\/ausajpuntocritico\/wp-content\/uploads\/2023\/05\/Forges-11-222x300.jpg\" alt=\"\" width=\"530\" height=\"715\" data-id=\"2273007\" srcset=\"https:\/\/puntocritico.com\/ausajpuntocritico\/wp-content\/uploads\/2023\/05\/Forges-11-222x300.jpg 222w, https:\/\/puntocritico.com\/ausajpuntocritico\/wp-content\/uploads\/2023\/05\/Forges-11.jpg 583w\" sizes=\"auto, (max-width: 530px) 100vw, 530px\" \/><\/p>\n<p><img loading=\"lazy\" decoding=\"async\" class=\"aligncenter wp-image-2273005\" src=\"https:\/\/puntocritico.com\/ausajpuntocritico\/wp-content\/uploads\/2023\/05\/Forges-12-218x300.jpg\" alt=\"\" width=\"530\" height=\"728\" data-id=\"2273005\" srcset=\"https:\/\/puntocritico.com\/ausajpuntocritico\/wp-content\/uploads\/2023\/05\/Forges-12-218x300.jpg 218w, https:\/\/puntocritico.com\/ausajpuntocritico\/wp-content\/uploads\/2023\/05\/Forges-12.jpg 577w\" sizes=\"auto, (max-width: 530px) 100vw, 530px\" \/><\/p>\n<p><img loading=\"lazy\" decoding=\"async\" class=\"aligncenter wp-image-2273004\" src=\"https:\/\/puntocritico.com\/ausajpuntocritico\/wp-content\/uploads\/2023\/05\/Forges-13-224x300.jpg\" alt=\"\" width=\"530\" height=\"710\" data-id=\"2273004\" srcset=\"https:\/\/puntocritico.com\/ausajpuntocritico\/wp-content\/uploads\/2023\/05\/Forges-13-224x300.jpg 224w, https:\/\/puntocritico.com\/ausajpuntocritico\/wp-content\/uploads\/2023\/05\/Forges-13.jpg 582w\" sizes=\"auto, (max-width: 530px) 100vw, 530px\" \/><\/p>\n<p><img loading=\"lazy\" decoding=\"async\" class=\"aligncenter wp-image-2273003\" src=\"https:\/\/puntocritico.com\/ausajpuntocritico\/wp-content\/uploads\/2023\/05\/Forges-14-229x300.jpg\" alt=\"\" width=\"530\" height=\"695\" data-id=\"2273003\" srcset=\"https:\/\/puntocritico.com\/ausajpuntocritico\/wp-content\/uploads\/2023\/05\/Forges-14-229x300.jpg 229w, https:\/\/puntocritico.com\/ausajpuntocritico\/wp-content\/uploads\/2023\/05\/Forges-14.jpg 582w\" sizes=\"auto, (max-width: 530px) 100vw, 530px\" \/><\/p>\n<p><img loading=\"lazy\" decoding=\"async\" class=\"aligncenter wp-image-2273002\" src=\"https:\/\/puntocritico.com\/ausajpuntocritico\/wp-content\/uploads\/2023\/05\/Forges-15-224x300.jpg\" alt=\"\" width=\"530\" height=\"711\" data-id=\"2273002\" srcset=\"https:\/\/puntocritico.com\/ausajpuntocritico\/wp-content\/uploads\/2023\/05\/Forges-15-224x300.jpg 224w, https:\/\/puntocritico.com\/ausajpuntocritico\/wp-content\/uploads\/2023\/05\/Forges-15.jpg 575w\" sizes=\"auto, (max-width: 530px) 100vw, 530px\" \/><\/p>\n<p><img loading=\"lazy\" decoding=\"async\" class=\"aligncenter wp-image-2273001\" src=\"https:\/\/puntocritico.com\/ausajpuntocritico\/wp-content\/uploads\/2023\/05\/Forges-16-225x300.jpg\" alt=\"\" width=\"530\" height=\"708\" data-id=\"2273001\" srcset=\"https:\/\/puntocritico.com\/ausajpuntocritico\/wp-content\/uploads\/2023\/05\/Forges-16-225x300.jpg 225w, https:\/\/puntocritico.com\/ausajpuntocritico\/wp-content\/uploads\/2023\/05\/Forges-16.jpg 578w\" sizes=\"auto, (max-width: 530px) 100vw, 530px\" \/><\/p>\n<p><img loading=\"lazy\" decoding=\"async\" class=\"aligncenter wp-image-2273000\" src=\"https:\/\/puntocritico.com\/ausajpuntocritico\/wp-content\/uploads\/2023\/05\/Forges-17-226x300.jpg\" alt=\"\" width=\"520\" height=\"689\" data-id=\"2273000\" srcset=\"https:\/\/puntocritico.com\/ausajpuntocritico\/wp-content\/uploads\/2023\/05\/Forges-17-226x300.jpg 226w, https:\/\/puntocritico.com\/ausajpuntocritico\/wp-content\/uploads\/2023\/05\/Forges-17.jpg 571w\" sizes=\"auto, (max-width: 520px) 100vw, 520px\" \/><\/p>\n<p><img loading=\"lazy\" decoding=\"async\" class=\"aligncenter wp-image-2272999\" src=\"https:\/\/puntocritico.com\/ausajpuntocritico\/wp-content\/uploads\/2023\/05\/Forges-18-224x300.jpg\" alt=\"\" width=\"530\" height=\"709\" data-id=\"2272999\" srcset=\"https:\/\/puntocritico.com\/ausajpuntocritico\/wp-content\/uploads\/2023\/05\/Forges-18-224x300.jpg 224w, https:\/\/puntocritico.com\/ausajpuntocritico\/wp-content\/uploads\/2023\/05\/Forges-18.jpg 580w\" sizes=\"auto, (max-width: 530px) 100vw, 530px\" \/><\/p>\n<p><img loading=\"lazy\" decoding=\"async\" class=\"aligncenter wp-image-2272998\" src=\"https:\/\/puntocritico.com\/ausajpuntocritico\/wp-content\/uploads\/2023\/05\/Forges-19-230x300.jpg\" alt=\"\" width=\"530\" height=\"692\" data-id=\"2272998\" srcset=\"https:\/\/puntocritico.com\/ausajpuntocritico\/wp-content\/uploads\/2023\/05\/Forges-19-230x300.jpg 230w, https:\/\/puntocritico.com\/ausajpuntocritico\/wp-content\/uploads\/2023\/05\/Forges-19.jpg 576w\" sizes=\"auto, (max-width: 530px) 100vw, 530px\" \/><\/p>\n<p><img loading=\"lazy\" decoding=\"async\" class=\"aligncenter wp-image-2272997\" src=\"https:\/\/puntocritico.com\/ausajpuntocritico\/wp-content\/uploads\/2023\/05\/Forges-20-224x300.jpg\" alt=\"\" width=\"530\" height=\"709\" data-id=\"2272997\" srcset=\"https:\/\/puntocritico.com\/ausajpuntocritico\/wp-content\/uploads\/2023\/05\/Forges-20-224x300.jpg 224w, https:\/\/puntocritico.com\/ausajpuntocritico\/wp-content\/uploads\/2023\/05\/Forges-20.jpg 581w\" sizes=\"auto, (max-width: 530px) 100vw, 530px\" \/><\/p>\n<p><img loading=\"lazy\" decoding=\"async\" class=\"aligncenter wp-image-2272996\" src=\"https:\/\/puntocritico.com\/ausajpuntocritico\/wp-content\/uploads\/2023\/05\/Forges-21-235x300.jpg\" alt=\"\" width=\"530\" height=\"676\" data-id=\"2272996\" srcset=\"https:\/\/puntocritico.com\/ausajpuntocritico\/wp-content\/uploads\/2023\/05\/Forges-21-235x300.jpg 235w, https:\/\/puntocritico.com\/ausajpuntocritico\/wp-content\/uploads\/2023\/05\/Forges-21.jpg 582w\" sizes=\"auto, (max-width: 530px) 100vw, 530px\" \/><\/p>\n<p>&nbsp;<\/p>\n<hr \/>\n<h2 style=\"text-align: justify;\"><span style=\"font-size: 14pt;\"><strong>RELACIONADOS:<\/strong><\/span><\/h2>\n<blockquote class=\"wp-embedded-content\" data-secret=\"F3wY89sMPI\"><p><a href=\"https:\/\/puntocritico.com\/ausajpuntocritico\/2023\/04\/22\/corrupta-roma\/\">CORRUPTA ROMA. \u00abEl Imperio corrupto y sanguinario, que sigue vivo en la Pol\u00edtica de hoy\u00bb.<\/a><\/p><\/blockquote>\n<p><iframe loading=\"lazy\" class=\"wp-embedded-content\" sandbox=\"allow-scripts\" security=\"restricted\" style=\"position: absolute; visibility: hidden;\" title=\"\u00abCORRUPTA ROMA. \u00abEl Imperio corrupto y sanguinario, que sigue vivo en la Pol\u00edtica de hoy\u00bb.\u00bb \u2014 Punto Cr\u00edtico Derechos Humanos\" src=\"https:\/\/puntocritico.com\/ausajpuntocritico\/2023\/04\/22\/corrupta-roma\/embed\/#?secret=6nRouoxEq2#?secret=F3wY89sMPI\" data-secret=\"F3wY89sMPI\" width=\"500\" height=\"282\" frameborder=\"0\" marginwidth=\"0\" marginheight=\"0\" scrolling=\"no\"><\/iframe><\/p>\n<blockquote class=\"wp-embedded-content\" data-secret=\"cJvUXHOPQl\"><p><a href=\"https:\/\/puntocritico.com\/ausajpuntocritico\/2023\/04\/29\/corrupta-roma-cursus-honorum-y-corrupcion\/\">CORRUPTA ROMA: CURSUS HONORUM Y CORRUPCI\u00d3N. \u00abCon dinero se hace la guerra. Y con la guerra se hace dinero\u00bb<\/a><\/p><\/blockquote>\n<p><iframe loading=\"lazy\" class=\"wp-embedded-content\" sandbox=\"allow-scripts\" security=\"restricted\" style=\"position: absolute; visibility: hidden;\" title=\"\u00abCORRUPTA ROMA: CURSUS HONORUM Y CORRUPCI\u00d3N. \u00abCon dinero se hace la guerra. Y con la guerra se hace dinero\u00bb\u00bb \u2014 Punto Cr\u00edtico Derechos Humanos\" src=\"https:\/\/puntocritico.com\/ausajpuntocritico\/2023\/04\/29\/corrupta-roma-cursus-honorum-y-corrupcion\/embed\/#?secret=FgJoQDtJWb#?secret=cJvUXHOPQl\" data-secret=\"cJvUXHOPQl\" width=\"500\" height=\"282\" frameborder=\"0\" marginwidth=\"0\" marginheight=\"0\" scrolling=\"no\"><\/iframe><\/p>\n<blockquote class=\"wp-embedded-content\" data-secret=\"bknkcGMuuS\"><p><a href=\"https:\/\/puntocritico.com\/ausajpuntocritico\/2022\/10\/03\/las-doce-tablas-como-los-plebeyos-tuvieron-que-insistir-durante-anos-para-poner-por-escrito-las-primeras-leyes-de-roma\/\">Las Doce Tablas, c\u00f3mo los plebeyos tuvieron que insistir durante a\u00f1os para poner por escrito las primeras leyes de Roma.<\/a><\/p><\/blockquote>\n<p><iframe loading=\"lazy\" class=\"wp-embedded-content\" sandbox=\"allow-scripts\" security=\"restricted\" style=\"position: absolute; visibility: hidden;\" title=\"\u00abLas Doce Tablas, c\u00f3mo los plebeyos tuvieron que insistir durante a\u00f1os para poner por escrito las primeras leyes de Roma.\u00bb \u2014 Punto Cr\u00edtico Derechos Humanos\" src=\"https:\/\/puntocritico.com\/ausajpuntocritico\/2022\/10\/03\/las-doce-tablas-como-los-plebeyos-tuvieron-que-insistir-durante-anos-para-poner-por-escrito-las-primeras-leyes-de-roma\/embed\/#?secret=nKYnRcJoHS#?secret=bknkcGMuuS\" data-secret=\"bknkcGMuuS\" width=\"500\" height=\"282\" frameborder=\"0\" marginwidth=\"0\" marginheight=\"0\" scrolling=\"no\"><\/iframe><\/p>\n<blockquote class=\"wp-embedded-content\" data-secret=\"clPx9YL1JX\"><p><a href=\"https:\/\/puntocritico.com\/ausajpuntocritico\/2022\/09\/27\/justicia-divina-2\/\">Justicia divina<\/a><\/p><\/blockquote>\n<p><iframe loading=\"lazy\" class=\"wp-embedded-content\" sandbox=\"allow-scripts\" security=\"restricted\" style=\"position: absolute; visibility: hidden;\" title=\"\u00abJusticia divina\u00bb \u2014 Punto Cr\u00edtico Derechos Humanos\" src=\"https:\/\/puntocritico.com\/ausajpuntocritico\/2022\/09\/27\/justicia-divina-2\/embed\/#?secret=bEV8r43Reo#?secret=clPx9YL1JX\" data-secret=\"clPx9YL1JX\" width=\"500\" height=\"282\" frameborder=\"0\" marginwidth=\"0\" marginheight=\"0\" scrolling=\"no\"><\/iframe><\/p>\n<blockquote class=\"wp-embedded-content\" data-secret=\"4rWoPCyifn\"><p><a href=\"https:\/\/puntocritico.com\/ausajpuntocritico\/2021\/12\/01\/polibio\/\">POLIBIO DE MEGAL\u00d3POLIS (203 \u2013 120 a. C.). \u00abHISTORIAS\u00bb. LA ANACICLOSIS: El Ciclo de Degeneraci\u00f3n de las Formas de Gobierno, de la Monarqu\u00eda (Gobierno de uno) a la Oclocracia (populismo o corrupci\u00f3n de la Democracia).<\/a><\/p><\/blockquote>\n<p><iframe loading=\"lazy\" class=\"wp-embedded-content\" sandbox=\"allow-scripts\" security=\"restricted\" style=\"position: absolute; visibility: hidden;\" title=\"\u00abPOLIBIO DE MEGAL\u00d3POLIS (203 \u2013 120 a. C.). \u00abHISTORIAS\u00bb. LA ANACICLOSIS: El Ciclo de Degeneraci\u00f3n de las Formas de Gobierno, de la Monarqu\u00eda (Gobierno de uno) a la Oclocracia (populismo o corrupci\u00f3n de la Democracia).\u00bb \u2014 Punto Cr\u00edtico Derechos Humanos\" src=\"https:\/\/puntocritico.com\/ausajpuntocritico\/2021\/12\/01\/polibio\/embed\/#?secret=lxcJC3QqT6#?secret=4rWoPCyifn\" data-secret=\"4rWoPCyifn\" width=\"500\" height=\"282\" frameborder=\"0\" marginwidth=\"0\" marginheight=\"0\" scrolling=\"no\"><\/iframe><\/p>\n<blockquote class=\"wp-embedded-content\" data-secret=\"fAKArwAA1u\"><p><a href=\"https:\/\/puntocritico.com\/ausajpuntocritico\/2022\/06\/11\/caligula-albert-camus\/\">CAL\u00cdGULA, de Albert Camus. \u00abY justamente, os odio porque no sois libres. En todo el Imperio romano soy el \u00fanico libre\u00bb.<\/a><\/p><\/blockquote>\n<p><iframe loading=\"lazy\" class=\"wp-embedded-content\" sandbox=\"allow-scripts\" security=\"restricted\" style=\"position: absolute; visibility: hidden;\" title=\"\u00abCAL\u00cdGULA, de Albert Camus. \u00abY justamente, os odio porque no sois libres. En todo el Imperio romano soy el \u00fanico libre\u00bb.\u00bb \u2014 Punto Cr\u00edtico Derechos Humanos\" src=\"https:\/\/puntocritico.com\/ausajpuntocritico\/2022\/06\/11\/caligula-albert-camus\/embed\/#?secret=7IFadDf2Uj#?secret=fAKArwAA1u\" data-secret=\"fAKArwAA1u\" width=\"500\" height=\"282\" frameborder=\"0\" marginwidth=\"0\" marginheight=\"0\" scrolling=\"no\"><\/iframe><\/p>\n<blockquote class=\"wp-embedded-content\" data-secret=\"khbxUh4JnJ\"><p><a href=\"https:\/\/puntocritico.com\/ausajpuntocritico\/2021\/05\/19\/los-ciclos-y-el-ritmo-de-la-historia-el-final-de-la-republica-romana-por-emilio-de-miguel-calabia\/\">EL RITMO C\u00cdCLICO DE LA HISTORIA: \u00abEl final de la Rep\u00fablica romana\u00bb, por  Emilio de Miguel Calabia.<\/a><\/p><\/blockquote>\n<p><iframe loading=\"lazy\" class=\"wp-embedded-content\" sandbox=\"allow-scripts\" security=\"restricted\" style=\"position: absolute; visibility: hidden;\" title=\"\u00abEL RITMO C\u00cdCLICO DE LA HISTORIA: \u00abEl final de la Rep\u00fablica romana\u00bb, por  Emilio de Miguel Calabia.\u00bb \u2014 Punto Cr\u00edtico Derechos Humanos\" src=\"https:\/\/puntocritico.com\/ausajpuntocritico\/2021\/05\/19\/los-ciclos-y-el-ritmo-de-la-historia-el-final-de-la-republica-romana-por-emilio-de-miguel-calabia\/embed\/#?secret=AF8Q48WA5k#?secret=khbxUh4JnJ\" data-secret=\"khbxUh4JnJ\" width=\"500\" height=\"282\" frameborder=\"0\" marginwidth=\"0\" marginheight=\"0\" scrolling=\"no\"><\/iframe><\/p>\n<blockquote class=\"wp-embedded-content\" data-secret=\"ACQTejPNHZ\"><p><a href=\"https:\/\/puntocritico.com\/ausajpuntocritico\/2020\/07\/23\/meditaciones-de-marco-aurelio-2\/\">MEDITACIONES DE MARCO AURELIO<\/a><\/p><\/blockquote>\n<p><iframe loading=\"lazy\" class=\"wp-embedded-content\" sandbox=\"allow-scripts\" security=\"restricted\" style=\"position: absolute; visibility: hidden;\" title=\"\u00abMEDITACIONES DE MARCO AURELIO\u00bb \u2014 Punto Cr\u00edtico Derechos Humanos\" src=\"https:\/\/puntocritico.com\/ausajpuntocritico\/2020\/07\/23\/meditaciones-de-marco-aurelio-2\/embed\/#?secret=7iy6i2brz4#?secret=ACQTejPNHZ\" data-secret=\"ACQTejPNHZ\" width=\"500\" height=\"282\" frameborder=\"0\" marginwidth=\"0\" marginheight=\"0\" scrolling=\"no\"><\/iframe><\/p>\n<blockquote class=\"wp-embedded-content\" data-secret=\"yXbnoEbrru\"><p><a href=\"https:\/\/puntocritico.com\/ausajpuntocritico\/2023\/01\/30\/busqueda-de-la-verdad-ciceron\/\">LA B\u00daSQUEDA DE LA VERDAD, por Marco Tulio Cicer\u00f3n<\/a><\/p><\/blockquote>\n<p><iframe loading=\"lazy\" class=\"wp-embedded-content\" sandbox=\"allow-scripts\" security=\"restricted\" style=\"position: absolute; visibility: hidden;\" title=\"\u00abLA B\u00daSQUEDA DE LA VERDAD, por Marco Tulio Cicer\u00f3n\u00bb \u2014 Punto Cr\u00edtico Derechos Humanos\" src=\"https:\/\/puntocritico.com\/ausajpuntocritico\/2023\/01\/30\/busqueda-de-la-verdad-ciceron\/embed\/#?secret=bhbF8AxJGz#?secret=yXbnoEbrru\" data-secret=\"yXbnoEbrru\" width=\"500\" height=\"282\" frameborder=\"0\" marginwidth=\"0\" marginheight=\"0\" scrolling=\"no\"><\/iframe><\/p>\n<p>&nbsp;<\/p>\n<p><img loading=\"lazy\" decoding=\"async\" class=\"aligncenter wp-image-9528\" src=\"https:\/\/puntocritico.com\/ausajpuntocritico\/wp-content\/uploads\/2018\/03\/Mosca_Punto_Cr\u00edtico_40.png\" alt=\"\" width=\"80\" height=\"80\" data-id=\"9528\" \/><\/p>\n<p>&nbsp;<\/p>\n","protected":false},"excerpt":{"rendered":"<div class=\"mh-excerpt\"><p>DERECHO ROMANO &nbsp; \u00abEL DERECHO FUE A ROMA LO QUE EL VINO ESPA\u00d1OL A LA DIVINA CREACI\u00d3N: SU OBRA MAESTRA\u00bb (Forges) ******* \u00a1Eso ya lo hac\u00edan los romanos! Usos, costumbres y tradiciones de la antigua <a class=\"mh-excerpt-more\" href=\"https:\/\/puntocritico.com\/ausajpuntocritico\/2023\/05\/06\/corrupta-roma-el-derecho-romano\/\" title=\"CORRUPTA ROMA: EL DERECHO ROMANO. \u00abUsos, costumbres y tradiciones de la antigua Roma a la actualidad\u00bb.\">[&#8230;]<\/a><\/p>\n<\/div>","protected":false},"author":3,"featured_media":2273018,"comment_status":"open","ping_status":"closed","sticky":false,"template":"","format":"standard","meta":{"_acf_changed":false,"_exactmetrics_skip_tracking":false,"_exactmetrics_sitenote_active":false,"_exactmetrics_sitenote_note":"","_exactmetrics_sitenote_category":0,"footnotes":""},"categories":[6],"tags":[60],"class_list":{"0":"post-2268907","1":"post","2":"type-post","3":"status-publish","4":"format-standard","5":"has-post-thumbnail","7":"category-justicia","8":"tag-roma"},"acf":[],"_links":{"self":[{"href":"https:\/\/puntocritico.com\/ausajpuntocritico\/wp-json\/wp\/v2\/posts\/2268907","targetHints":{"allow":["GET"]}}],"collection":[{"href":"https:\/\/puntocritico.com\/ausajpuntocritico\/wp-json\/wp\/v2\/posts"}],"about":[{"href":"https:\/\/puntocritico.com\/ausajpuntocritico\/wp-json\/wp\/v2\/types\/post"}],"author":[{"embeddable":true,"href":"https:\/\/puntocritico.com\/ausajpuntocritico\/wp-json\/wp\/v2\/users\/3"}],"replies":[{"embeddable":true,"href":"https:\/\/puntocritico.com\/ausajpuntocritico\/wp-json\/wp\/v2\/comments?post=2268907"}],"version-history":[{"count":0,"href":"https:\/\/puntocritico.com\/ausajpuntocritico\/wp-json\/wp\/v2\/posts\/2268907\/revisions"}],"wp:featuredmedia":[{"embeddable":true,"href":"https:\/\/puntocritico.com\/ausajpuntocritico\/wp-json\/wp\/v2\/media\/2273018"}],"wp:attachment":[{"href":"https:\/\/puntocritico.com\/ausajpuntocritico\/wp-json\/wp\/v2\/media?parent=2268907"}],"wp:term":[{"taxonomy":"category","embeddable":true,"href":"https:\/\/puntocritico.com\/ausajpuntocritico\/wp-json\/wp\/v2\/categories?post=2268907"},{"taxonomy":"post_tag","embeddable":true,"href":"https:\/\/puntocritico.com\/ausajpuntocritico\/wp-json\/wp\/v2\/tags?post=2268907"}],"curies":[{"name":"wp","href":"https:\/\/api.w.org\/{rel}","templated":true}]}}