{"id":2268088,"date":"2023-03-06T00:05:39","date_gmt":"2023-03-05T23:05:39","guid":{"rendered":"https:\/\/puntocritico.com\/ausajpuntocritico\/?p=2268088"},"modified":"2023-03-10T14:41:19","modified_gmt":"2023-03-10T13:41:19","slug":"ferrovial-agroman","status":"publish","type":"post","link":"https:\/\/puntocritico.com\/ausajpuntocritico\/2023\/03\/06\/ferrovial-agroman\/","title":{"rendered":"\u00bfQU\u00c9 SE LLEVA A FLANDES FERROVIAL (FERROVIAL-AGROM\u00c1N)?: \u00abDe 1927 hasta hoy: esta es la historia de Agroman\u00bb"},"content":{"rendered":"<h2 style=\"text-align: justify;\"><span style=\"color: #008000; font-size: 14pt;\">FERROVIAL-AGROM\u00c1N<\/span><\/h2>\n\n<p style=\"text-align: justify;\">\u00a0<\/p>\n<p style=\"text-align: right;\"><span style=\"font-size: 12pt;\"><em>\u201cDetr\u00e1s de toda gran fortuna hay un crimen escondido\u201d<\/em><\/span><\/p>\n<p style=\"text-align: right;\"><span style=\"font-size: 12pt;\"><em><strong>Balzac<\/strong><\/em><\/span><\/p>\n<p style=\"text-align: right;\"><span style=\"font-size: 12pt;\"><em>\u00abEn el mundo existe la esclavitud del rico, pues el rico est\u00e1 al servicio de la tiran\u00eda de su riqueza, que siempre es poca\u201d<\/em><\/span><\/p>\n<p style=\"text-align: right;\"><span style=\"font-size: 12pt;\"><em><strong>San Juan Cris\u00f3stomo<\/strong><\/em><\/span><\/p>\n<div class=\"article-header-title col-12\">\n<p>&nbsp;<\/p>\n<blockquote>\n<h2 id=\"m284-283-285\" style=\"text-align: center;\"><span style=\"font-size: 24pt;\">DEL VALLE DE LOS CA\u00cdDOS AL IBEX 35<\/span><\/h2>\n<\/blockquote>\n<\/div>\n<blockquote>\n<div class=\"article-header-epigraph col-12\">\n<p id=\"m69-68-70\" style=\"text-align: center;\"><strong><span style=\"font-size: 14pt;\">37 a\u00f1os despu\u00e9s de la muerte de Franco, las empresas que se enriquecieron con la construcci\u00f3n de su mausoleo est\u00e1n entre las m\u00e1s poderosas e influyentes del pa\u00eds.<\/span><\/strong><\/p>\n<p style=\"text-align: center;\"><strong><span style=\"font-size: 14pt;\">El periodista\u00a0Rafael Torres, autor de\u00a0<i>Los esclavos de Franco<\/i>, cifr\u00f3 en 20.000 los presos republicanos que participaron a precios muy por debajo del mercado y en condiciones de semiesclavitud en la construcci\u00f3n del sue\u00f1o de Franco.<\/span><\/strong><\/p>\n<\/div>\n<p>&nbsp;<\/p>\n<p style=\"text-align: justify;\"><span style=\"font-size: 14pt;\">Por Alejandro Torr\u00fas<\/span><\/p>\n<p style=\"text-align: justify;\"><span style=\"font-size: 14pt;\"><a href=\"https:\/\/www.publico.es\/espana\/del-valle-caidos-al-ibex.html\" target=\"_blank\" rel=\"noopener\">P\u00fablico<\/a>, 01 JUNIO 2017<\/span><\/p>\n<figure id=\"attachment_2268089\" aria-describedby=\"caption-attachment-2268089\" style=\"width: 660px\" class=\"wp-caption aligncenter\"><img loading=\"lazy\" decoding=\"async\" class=\"wp-image-2268089 size-full\" src=\"https:\/\/puntocritico.com\/ausajpuntocritico\/wp-content\/uploads\/2023\/03\/Valle-caidos.jpg\" alt=\"FERROVIAL-AGROM\u00c1N\" width=\"660\" height=\"340\" data-id=\"2268089\" srcset=\"https:\/\/puntocritico.com\/ausajpuntocritico\/wp-content\/uploads\/2023\/03\/Valle-caidos.jpg 660w, https:\/\/puntocritico.com\/ausajpuntocritico\/wp-content\/uploads\/2023\/03\/Valle-caidos-300x155.jpg 300w, https:\/\/puntocritico.com\/ausajpuntocritico\/wp-content\/uploads\/2023\/03\/Valle-caidos-610x314.jpg 610w\" sizes=\"auto, (max-width: 660px) 100vw, 660px\" \/><figcaption id=\"caption-attachment-2268089\" class=\"wp-caption-text\"><span style=\"color: #008000;\">Las \u00abempresas\u00bb constructoras del Valle de los Ca\u00eddos, dispusieron de <strong>mano de obra esclava<\/strong> para sus negocios privados por concesi\u00f3n del r\u00e9gimen de Franco. As\u00ed, por ejemplo, en el a\u00f1o 1943 <strong>Agrom\u00e1n<\/strong> (que luego se integrar\u00eda en\u00a0 FERROVIAL) dispon\u00eda de 250 presos republicanos trabajando en el Monumento; 100 en las obras de el Escorial Aguas y Escorial Arca de Juan; y otros 140 en diversas obras repartidas en cuarteles y monasterios. <\/span><\/figcaption><\/figure>\n<p>&nbsp;<\/p>\n<p style=\"text-align: justify;\"><span style=\"font-size: 14pt;\"><strong>El r\u00e9gimen les dio poder, patrimonio y mano de obra casi esclava<\/strong>. <strong>La transici\u00f3n y la democracia, benevolente como con un hijo pr\u00f3digo, no les pidi\u00f3 explicaciones por su pasado ni por el origen de sus riquezas<\/strong>. Su pasado se diluy\u00f3 en el presente de la Espa\u00f1a democr\u00e1tica como un azucarillo en agua hirviendo y el futuro qued\u00f3 a sus pies. Son las\u00a0<b>grandes empresas<\/b>\u00a0que apoyaron a <strong>Franco<\/strong> en su cruzada, se beneficiaron de las concesiones estatales, utilizaron mano de obra casi esclava de presos republicanos y sentaron en sus consejos de administraci\u00f3n a los exministros del r\u00e9gimen. Esta es la historia de los que una vez que el caudillo de Espa\u00f1a muri\u00f3 se autodefinieron como\u00a0<b>\u201c<em>dem\u00f3cratas de toda la vida<\/em>\u201d<\/b>.<\/span><\/p>\n<p id=\"m306-1-307\" style=\"text-align: justify;\"><span style=\"font-size: 14pt;\">En agosto de 1936, el diario brit\u00e1nico\u00a0<i>The Sunday Express<\/i>\u00a0public\u00f3: \u201c<em>Franco se mantiene en la lucha. Pero, \u00bfcu\u00e1l es el poder que lo dirige desde detr\u00e1s de las sombras? Cuando un hombre levanta la mano, Franco obedece.\u00a0<b>Ese hombre es Juan March<\/b><\/em>\u201d.<\/span><\/p>\n<\/blockquote>\n<div id=\"sc_intxt_container\">\n<blockquote>\n<div id=\"sc-intext-passback\" style=\"text-align: center;\" data-google-query-id=\"COO4rNTMv_0CFV0UBgAdH_0Drw\">\n<p id=\"m312-2-313\" style=\"text-align: justify;\"><span style=\"font-size: 14pt;\">Nadie puede imaginar que un golpe de Estado puede triunfar sin el apoyo de <strong>los grandes empresarios<\/strong> y <strong>Franco<\/strong>, juntos al resto de golpistas, encontr\u00f3 en <strong>Juan March<\/strong> al\u00a0<b>mecenas de su cruzada<\/b>. <strong>March<\/strong> asegur\u00f3 la vida de los familiares de los militares rebeldes, financi\u00f3 los aviones que traslad\u00f3 a <strong>Franco<\/strong> al norte de \u00c1frica con la inestimable ayuda de varios responsables del diario\u00a0<i>ABC\u00a0<\/i>y negoci\u00f3 con alemanes e italianos la compra de armamento. \u00bfA cambio de qu\u00e9?<\/span><\/p>\n<p>&nbsp;<\/p>\n<p><strong style=\"color: #008000; font-size: 14pt;\">Lo importante para el General\u00edsimo no era mantener su integridad ideol\u00f3gica. Franco no ten\u00eda ideolog\u00eda<\/strong><\/p>\n<\/div>\n<div style=\"text-align: center;\" data-google-query-id=\"COO4rNTMv_0CFV0UBgAdH_0Drw\">\n<p>&nbsp;<\/p>\n<p id=\"m330-5-331\" style=\"text-align: justify;\"><span style=\"font-size: 14pt;\">\u201c<em>A cambio, en plena Guerra Civil, desde el cuartel general de Burgos, obtuvieron el\u00a0control del sector bancario, su statu quo, las claves de la econom\u00eda, el monopolio del sector financiero<\/em>\u201d, escribe\u00a0<strong>Mariano S\u00e1nchez<\/strong>\u00a0en la obra publicada en 2005\u00a0<strong><em>Los banqueros de Franco<\/em><\/strong>.<\/span><\/p>\n<p style=\"text-align: justify;\"><span style=\"font-size: 14pt;\">Este pacto de <strong>Franco<\/strong> con <strong>March<\/strong> y el resto de banqueros signific\u00f3 la\u00a0primera gran traici\u00f3n del general a los principios de <strong>Falange<\/strong>: la Banca no ser\u00eda nacionalizada. Lo importante para el General\u00edsimo no era mantener su integridad ideol\u00f3gica. Franco no ten\u00eda ideolog\u00eda. El caudillo ten\u00eda poder pol\u00edtico, adquirido mediante las armas, y no lo iba a perder bajo ning\u00fan concepto y mucho menos por programas pol\u00edticos.<\/span><\/p>\n<p>&nbsp;<\/p>\n<p><figure id=\"attachment_2268200\" aria-describedby=\"caption-attachment-2268200\" style=\"width: 480px\" class=\"wp-caption aligncenter\"><a href=\"https:\/\/www.patentes-y-marcas.com\/marca\/e-fecsa-endesa-m2515727\" target=\"_blank\" rel=\"noopener\"><img loading=\"lazy\" decoding=\"async\" class=\"wp-image-2268200\" src=\"https:\/\/puntocritico.com\/ausajpuntocritico\/wp-content\/uploads\/2023\/03\/e-fecsa-endesa-m2515727.jpg\" alt=\"\" width=\"480\" height=\"310\" data-id=\"2268200\" srcset=\"https:\/\/puntocritico.com\/ausajpuntocritico\/wp-content\/uploads\/2023\/03\/e-fecsa-endesa-m2515727.jpg 352w, https:\/\/puntocritico.com\/ausajpuntocritico\/wp-content\/uploads\/2023\/03\/e-fecsa-endesa-m2515727-300x193.jpg 300w\" sizes=\"auto, (max-width: 480px) 100vw, 480px\" \/><\/a><figcaption id=\"caption-attachment-2268200\" class=\"wp-caption-text\"><a href=\"https:\/\/puntocritico.com\/ausajpuntocritico\/2021\/08\/23\/historia-del-sistema-electrico-espanol-parte-i-2\/\"><span style=\"color: #008000;\">Fuerzas El\u00e9ctricas de Catalu\u00f1a, S. A., m\u00e1s conocida por sus siglas FECSA, fue una empresa espa\u00f1ola dedicada a la generaci\u00f3n y distribuci\u00f3n de energ\u00eda el\u00e9ctrica, fundada en Barcelona en 1951, que a trav\u00e9s de varios procesos de fusi\u00f3n y absorci\u00f3n de distintas compa\u00f1\u00edas, se hizo con el control de la pr\u00e1ctica totalidad de la producci\u00f3n de energ\u00eda el\u00e9ctrica en Catalu\u00f1a. En 1996 fue adquirida por la multinacional ENDESA, que la absorbi\u00f3 en 1999. A pesar de la extinci\u00f3n de la personalidad jur\u00eddica de FECSA, hasta finales de los a\u00f1os 2000 Endesa sigui\u00f3 usando la marca comercial (primero como FECSA-ENHER y luego como FFECSA-ENDESA) para su actividad de distribuci\u00f3n en Catalu\u00f1a.<\/span><\/a><\/figcaption><\/figure>\n<\/div>\n<\/blockquote>\n<\/div>\n<div id=\"sc_intxt_container\">\n<blockquote>\n<div style=\"text-align: center;\" data-google-query-id=\"COO4rNTMv_0CFV0UBgAdH_0Drw\">\n<p>&nbsp;<\/p>\n<p style=\"text-align: justify;\"><span style=\"font-size: 14pt;\">Al amparo de la dictadura franquista, <strong>Juan March<\/strong> realiz\u00f3 diversas operaciones financieras de gran calibre, como la compra de la <a href=\"https:\/\/es.wikipedia.org\/wiki\/Caso_Barcelona_Traction\" target=\"_blank\" rel=\"noopener\"><strong>Barcelona Traction<\/strong><\/a>, tras la que fund\u00f3\u00a0<a href=\"https:\/\/es.wikipedia.org\/wiki\/Fuerzas_El%C3%A9ctricas_de_Catalu%C3%B1a#:~:text=Fuerzas%20El%C3%A9ctricas%20de%20Catalu%C3%B1a%2C%20S.%20A.,de%20la%20pr%C3%A1ctica%20totalidad%20de\" target=\"_blank\" rel=\"noopener\"><strong>Fuerzas El\u00e9ctricas de Catalu\u00f1a, S. A (FECSA)<\/strong><\/a>, quien se hizo con la pr\u00e1ctica totalidad de la producci\u00f3n el\u00e9ctrica en Catalu\u00f1a.\u00a0 <strong>FECSA<\/strong> construy\u00f3 centrales t\u00e9rmicas y entr\u00f3 en el campo de la energ\u00eda nuclear, motivado por las crisis del petr\u00f3leo de los a\u00f1os 70.<\/span><\/p>\n<p>&nbsp;<\/p>\n<figure id=\"attachment_2268211\" aria-describedby=\"caption-attachment-2268211\" style=\"width: 330px\" class=\"wp-caption aligncenter\"><a href=\"https:\/\/es.wikipedia.org\/wiki\/Barcelona_Traction\" target=\"_blank\" rel=\"noopener\"><img loading=\"lazy\" decoding=\"async\" class=\"wp-image-2268211\" src=\"https:\/\/puntocritico.com\/ausajpuntocritico\/wp-content\/uploads\/2023\/03\/Accion-BARCELONA-TRACTION.jpg\" alt=\"\" width=\"330\" height=\"432\" data-id=\"2268211\" srcset=\"https:\/\/puntocritico.com\/ausajpuntocritico\/wp-content\/uploads\/2023\/03\/Accion-BARCELONA-TRACTION.jpg 1067w, https:\/\/puntocritico.com\/ausajpuntocritico\/wp-content\/uploads\/2023\/03\/Accion-BARCELONA-TRACTION-229x300.jpg 229w, https:\/\/puntocritico.com\/ausajpuntocritico\/wp-content\/uploads\/2023\/03\/Accion-BARCELONA-TRACTION-782x1024.jpg 782w, https:\/\/puntocritico.com\/ausajpuntocritico\/wp-content\/uploads\/2023\/03\/Accion-BARCELONA-TRACTION-768x1006.jpg 768w, https:\/\/puntocritico.com\/ausajpuntocritico\/wp-content\/uploads\/2023\/03\/Accion-BARCELONA-TRACTION-610x799.jpg 610w\" sizes=\"auto, (max-width: 330px) 100vw, 330px\" \/><\/a><figcaption id=\"caption-attachment-2268211\" class=\"wp-caption-text\"><span style=\"color: #008000;\">Reproducci\u00f3n de una acci\u00f3n de la compa\u00f1\u00eda. <\/span><\/figcaption><\/figure>\n<p>&nbsp;<\/p>\n<p id=\"m336-6-337\" style=\"text-align: justify;\"><span style=\"font-size: 14pt;\">As\u00ed, particip\u00f3, junto con <strong>\u00c9lectricit\u00e9 de France<\/strong>, <strong>Hidroel\u00e9ctrica de Catalu\u00f1a<\/strong> y <strong>ENHER<\/strong> en la construcci\u00f3n de la central nuclear de Vandell\u00f3s, puesta en servicio en 1972. En 1983, <strong>FECSA<\/strong> instal\u00f3 en solitario la central nuclear de Asc\u00f3, que comenz\u00f3 a funcionar en 1983.\u00a0<\/span><\/p>\n<p>&nbsp;<\/p>\n<h3 id=\"m595-8-596\" class=\"highlighted\"><span style=\"font-size: 18pt;\">El rastro de March en el presente<\/span><\/h3>\n<p id=\"m342-7-343\" style=\"text-align: justify;\">\u00a0<span style=\"font-size: 14pt;\">Todas estas operaciones convierten a <strong>FECSA<\/strong> en una empresa al alza, que comienza a cotizar en el IBEX 35 de la Bolsa espa\u00f1ola. Su camino en solitario llega hasta 1996 cuando el <strong>Grupo Endesa<\/strong> se hace con el 75% de las acciones de la compa\u00f1\u00eda y su control absoluto.<\/span><\/p>\n<p id=\"m348-8-349\" style=\"text-align: justify;\"><span style=\"font-size: 14pt;\">Juan March falleci\u00f3 en 1962 pero sus nietos han sabido cumplir su legado. En 1988 la revista Forbes sit\u00faa a los <strong>March<\/strong> entre las tres fortunas m\u00e1s importantes de Espa\u00f1a, junto a\u00a0<b>Ram\u00f3n Areces<\/b>, creador de El Corte Ingl\u00e9s, y\u00a0<b>los Bot\u00edn<\/b>. Su notoriedad en la democracia espa\u00f1ola y en las finanzas internacionales es ya indiscutible.<\/span><\/p>\n<p id=\"m354-9-355\" style=\"text-align: justify;\"><span style=\"font-size: 14pt;\">\u201c<em>La Fundaci\u00f3n March, creada en 1955, cuenta con un\u00a0<b>patrimonio superior a los 15.000 millones de pesetras<\/b>\u00a0y recibe una inversi\u00f3n anual que rebasa los 1.000 millones. En la actualidad el patrimonio de los March se sit\u00faa entre en el medio bill\u00f3n de pesetas, participan en el accionariado de 150 empresas y comandan un grupo empresarial que ha sido vanguardia en Espa\u00f1a en cuanto a bancos de negocios y que goza de una gran liquidez<\/em>\u201d, escribe\u00a0<b>Mariano S\u00e1nchez<\/b>\u00a0en su obra\u00a0<i><strong>Los banqueros de Franco<\/strong>.<\/i><\/span><\/p>\n<p id=\"m360-10-361\" style=\"text-align: justify;\"><span style=\"font-size: 14pt;\">Entre la larga lista de empresas en las que la <strong>familia <\/strong><strong>March<\/strong> est\u00e1 presente en el accionariado hay algunas muy reconocibles para el gran p\u00fablico como la constructora\u00a0<b>ACS\u00a0<\/b>(18,3%), presidida por el presidente del Real Madrid,\u00a0<b>Florentino P\u00e9rez<\/b>; <strong>Acerinox<\/strong> (24,2%), una de las compa\u00f1\u00edas l\u00edder a nivel mundial en la fabricaci\u00f3n de acero inoxidable o la empresa de seguridad<b>\u00a0Prosegur<\/b>\u00a0(10,0%).\u00a0<\/span><\/p>\n<p>&nbsp;<\/p>\n<p><img loading=\"lazy\" decoding=\"async\" class=\"aligncenter wp-image-2268284\" src=\"https:\/\/puntocritico.com\/ausajpuntocritico\/wp-content\/uploads\/2023\/03\/Caidos-1.jpg\" alt=\"\" width=\"440\" height=\"246\" data-id=\"2268284\" \/><\/p>\n<h3 id=\"m611-13-612\" class=\"highlighted\"><span style=\"font-size: 18pt;\">La construcci\u00f3n del Valle de los Ca\u00eddos<\/span><\/h3>\n<p id=\"m366-11-367\" style=\"text-align: justify;\"><span style=\"font-size: 14pt;\">Ning\u00fan otro s\u00edmbolo como el Valle de los Ca\u00eddos refleja el funcionamiento de la\u00a0<b>oligarqu\u00eda empresarial\u00a0<\/b>que rodeaba el r\u00e9gimen. Una obra fara\u00f3nica que cost\u00f3 a las arcas p\u00fablicas a lo largo de sus veinte a\u00f1os de construcci\u00f3n 2.421 millones de pesetas de la \u00e9poca, seg\u00fan datos de <strong>Mariano S\u00e1nchez<\/strong>. \u201c<em>Para entender la magnitud de la obra conviene comparar el coste con otras partidas de los Presupuestos. As\u00ed, hasta 1970 el Estado hab\u00eda dedicado 2.339 millones de pesetas para Educaci\u00f3n<\/em>\u00ab, explica <strong>Mariano S\u00e1nchez<\/strong>, autor de obras como <i>Los Franco S.A<\/i>. o\u00a0<i>Los banqueros de Franco<\/i>\u00a0a\u00a0<i>P\u00fablico<\/i>.<\/span><\/p>\n<p>&nbsp;<\/p>\n<p><strong><span style=\"color: #008000; font-size: 14pt;\">\u00abTrabaj\u00e1bamos en condiciones dif\u00edciles, nos trataban de hijos de puta y rojos, cosa peor que los malos tratos\u201d, dice un preso esclavo<\/span><\/strong><\/p>\n<p>&nbsp;<\/p>\n<p id=\"m372-12-373\" style=\"text-align: justify;\"><span style=\"font-size: 14pt;\">El r\u00e9gimen Franco eligi\u00f3 el 1 de abril de 1940, primer aniversario de la entonces conocida como\u00a0<b>\u201cVictoria de las armas de Espa\u00f1a\u201d<\/b>, para dar a conocer su proyecto. <strong>Fernando Olmeda<\/strong>, autor de\u00a0<i>El Valle de los Ca\u00eddos. Una memoria de Espa\u00f1a<\/i>, recoge en su obra las palabras pronunciadas aquel mismo d\u00eda por\u00a0 el <strong>coronel Valent\u00edn Galarza<\/strong>, subsecretario del a jefatura del Estado, en la lectura al Decreto que dispone la construcci\u00f3n del futuro monumento:<\/span><\/p>\n<p id=\"m378-13-379\" style=\"text-align: justify;\"><span style=\"font-size: 14pt;\">\u201c<em>La dimensi\u00f3n de nuestra cruzada, los heroicos sacrificios que la victoria encierra y trascendencia que ha tenido para el futuro de Espa\u00f1a esta<b>\u00a0epopeya<\/b>\u00a0no pueden quedar perpetuados por los sencillos monumentos con los que suele conmemorarse en villas y ciudades los hechos salientes de nuestra historia. Es necesario que las piedras que se levanten tengan la grandeza de los monumentos, que desaf\u00eden al tiempo y al olvido y que constituyan lugar de meditaci\u00f3n y reposo en que las generaciones futuras rindan tributo de admiraci\u00f3n a los que legaron\u00a0<\/em><b><em>una Espa\u00f1a mejor<\/em>\u201d.<\/b><\/span><\/p>\n<p id=\"m384-14-385\" style=\"text-align: justify;\"><span style=\"font-size: 14pt;\">La ejecuci\u00f3n del gran sue\u00f1o del general\u00edsimo requiri\u00f3 un enorme esfuerzo financiero, pero sobre todo de personal. En 1942 el r\u00e9gimen se da cuenta de que adem\u00e1s de obreros libres ser\u00e1 necesario emplear\u00a0<b>batallones de presos<\/b>\u00a0en un pa\u00eds que contin\u00faa desangrado tras la cruenta Guerra Civil. Ese mismo a\u00f1o llega al Valle la\u00a0<b>Compa\u00f1\u00eda del Batall\u00f3n Disciplinario de Soldados Trabajadores Penados<\/b>\u00a0n\u00ba 95. Los presos visten gorro a rayas azules y blancas con una P que les identifica como presos. El periodista\u00a0<b>Rafael Torres<\/b>, autor de\u00a0<i>Los esclavos de Franco<\/i>, cifr\u00f3 en 20.000 los presos republicanos que participaron a precios muy por debajo del mercado y en condiciones de semiesclavitud en la construcci\u00f3n del sue\u00f1o de Franco.\u00a0<\/span><\/p>\n<p>&nbsp;<\/p>\n<p><img loading=\"lazy\" decoding=\"async\" class=\"aligncenter wp-image-2268286\" src=\"https:\/\/puntocritico.com\/ausajpuntocritico\/wp-content\/uploads\/2023\/03\/Presos-alquilados-Valle-de-los-Caidos.jpg\" alt=\"\" width=\"480\" height=\"247\" data-id=\"2268286\" srcset=\"https:\/\/puntocritico.com\/ausajpuntocritico\/wp-content\/uploads\/2023\/03\/Presos-alquilados-Valle-de-los-Caidos.jpg 660w, https:\/\/puntocritico.com\/ausajpuntocritico\/wp-content\/uploads\/2023\/03\/Presos-alquilados-Valle-de-los-Caidos-300x155.jpg 300w, https:\/\/puntocritico.com\/ausajpuntocritico\/wp-content\/uploads\/2023\/03\/Presos-alquilados-Valle-de-los-Caidos-610x314.jpg 610w\" sizes=\"auto, (max-width: 480px) 100vw, 480px\" \/><\/p>\n<p>&nbsp;<\/p>\n<h3 id=\"m630-18-631\" class=\"highlighted\"><span style=\"font-size: 18pt;\">Los presos \u00abalquilados\u00bb<\/span><\/h3>\n<p id=\"m390-15-391\" style=\"text-align: justify;\"><span style=\"font-size: 14pt;\"><strong>Fernando Olmeda<\/strong> recoge en su obra dos testimonios de presos republicanos que detallan las condiciones de la obra.\u00a0<b>Trinitario Rubio<\/b>\u00a0lo describe de la siguiente manera: \u201d<em>Pic\u00e1bamos un metro c\u00fabico de piedra, carg\u00e1bamos vagonetas y empuj\u00e1bamos entre varios. Trabaj\u00e1bamos en condiciones dif\u00edciles, nos trataban de hijos de puta y rojos, cosa peor que los malos tratos<\/em>\u201d.<\/span><\/p>\n<p id=\"m396-16-397\" style=\"text-align: justify;\"><span style=\"font-size: 14pt;\"><strong>Segundo Fern\u00e1ndez<\/strong>, de familia de agricultores de izquierdas, y condenado por tres consejos de guerra, resume en una frase su experiencia en la construcci\u00f3n del Valle de los Ca\u00eddos: \u201c<em><b>Raro era el d\u00eda que no mor\u00edan uno o dos<\/b>, y hasta tres, m\u00e1s por el hambre que por accidentes, porque la construcci\u00f3n del t\u00fanel casi no hab\u00eda empezado<\/em>\u201d.<\/span><\/p>\n<p>&nbsp;<\/p>\n<p><strong><span style=\"font-size: 14pt; color: #008000;\">La utilizaci\u00f3n de presos pol\u00edticos como mano de obra ahorr\u00f3 al r\u00e9gimen 780 millones de euros<\/span><\/strong><\/p>\n<p>&nbsp;<\/p>\n<p id=\"m408-18-409\" style=\"text-align: justify;\"><span style=\"font-size: 14pt;\"><b>Nicol\u00e1s S\u00e1nchez-Albornoz<\/b>, director del Instituto Cervantes de 1991 a 1996 y condenado a trabajos forzados por el r\u00e9gimen en 1947, puso cifras al negocio redondo de las empresas y el r\u00e9gimen de <strong>Franco<\/strong> con los presos trabajadore<em>s. \u00abEl Valle era un gran negocio<\/em>\u00ab, explica, \u00ab<em>los que est\u00e1bamos condenados a trabajar all\u00ed est\u00e1bamos alquilados a las empresas que hac\u00edan la obra, <strong>Huarte<\/strong> y <strong>Ban\u00fas<\/strong>, por 10,50 pesetas al d\u00eda. A nosotros nos daban 50 c\u00e9ntimos a cada uno.<b>\u00a0Los patronos ten\u00edan obreros a precio de saldo y <\/b><strong>disciplinados<\/strong><\/em>\u00ab, seg\u00fan recoge <strong>Jos\u00e9 Mar\u00eda Calleja<\/strong> en un art\u00edculo publicado en el diario\u00a0<i>El Pa\u00eds<\/i>. De esta manera, <strong>S\u00e1nchez-Albornoz<\/strong> confiesa que estuvo \u201c<em>alquilado<\/em>\u201d a la empresa\u00a0<b>Huarte y Ban\u00fas<\/b>.<\/span><\/p>\n<p>&nbsp;<\/p>\n<figure id=\"attachment_2268103\" aria-describedby=\"caption-attachment-2268103\" style=\"width: 678px\" class=\"wp-caption aligncenter\"><a href=\"https:\/\/archivo.kaosenlared.net\/los-esclavos-del-franquismo\/index.html\" target=\"_blank\" rel=\"noopener\"><img loading=\"lazy\" decoding=\"async\" class=\"wp-image-2268103 size-mh-magazine-content\" src=\"https:\/\/puntocritico.com\/ausajpuntocritico\/wp-content\/uploads\/2023\/03\/presos-republicanos-trabajando-en-el-valle-de-los-caidos-678x381.jpeg\" alt=\"\" width=\"678\" height=\"381\" data-id=\"2268103\" srcset=\"https:\/\/puntocritico.com\/ausajpuntocritico\/wp-content\/uploads\/2023\/03\/presos-republicanos-trabajando-en-el-valle-de-los-caidos-678x381.jpeg 678w, https:\/\/puntocritico.com\/ausajpuntocritico\/wp-content\/uploads\/2023\/03\/presos-republicanos-trabajando-en-el-valle-de-los-caidos-300x168.jpeg 300w, https:\/\/puntocritico.com\/ausajpuntocritico\/wp-content\/uploads\/2023\/03\/presos-republicanos-trabajando-en-el-valle-de-los-caidos-768x431.jpeg 768w, https:\/\/puntocritico.com\/ausajpuntocritico\/wp-content\/uploads\/2023\/03\/presos-republicanos-trabajando-en-el-valle-de-los-caidos-610x342.jpeg 610w, https:\/\/puntocritico.com\/ausajpuntocritico\/wp-content\/uploads\/2023\/03\/presos-republicanos-trabajando-en-el-valle-de-los-caidos.jpeg 950w\" sizes=\"auto, (max-width: 678px) 100vw, 678px\" \/><\/a><figcaption id=\"caption-attachment-2268103\" class=\"wp-caption-text\"><span style=\"color: #008000;\">Presos republicanos trabajando en el Valle de los caidos<\/span><\/figcaption><\/figure>\n<p>&nbsp;<\/p>\n<p id=\"m414-19-415\" style=\"text-align: justify;\"><span style=\"font-size: 14pt;\">El periodista<b>\u00a0Isa\u00edas Lafuente<\/b>\u00a0se atrevi\u00f3 a cuantificar en su libro\u00a0<strong><i>Esclavos por la Patria<\/i><\/strong>\u00a0los beneficios obtenidos por el franquismo a costa de utilizar presos pol\u00edticos para la realizaci\u00f3n de obras: m\u00e1s de 130.000 millones de pesetas, unos\u00a0<b>780 millones de euros.<\/b>\u00a0Ello se deduce del estudio de las detalladas memorias anuales remitidas a Franco por el\u00a0<b>Patronato para la Redenci\u00f3n de Penas entre 1939 y 1970<\/b>, conservadas a\u00fan en los archivos de la Direcci\u00f3n General de Instituciones Penitenciarias. en su libro\u00a0<i>Esclavos por la patria<\/i>.\u00a0<\/span><\/p>\n<p>&nbsp;<\/p>\n<p><img loading=\"lazy\" decoding=\"async\" class=\"aligncenter wp-image-2268287\" src=\"https:\/\/puntocritico.com\/ausajpuntocritico\/wp-content\/uploads\/2023\/03\/Valle-de-los-Caidos-autoridades.jpg\" alt=\"\" width=\"330\" height=\"335\" data-id=\"2268287\" srcset=\"https:\/\/puntocritico.com\/ausajpuntocritico\/wp-content\/uploads\/2023\/03\/Valle-de-los-Caidos-autoridades.jpg 980w, https:\/\/puntocritico.com\/ausajpuntocritico\/wp-content\/uploads\/2023\/03\/Valle-de-los-Caidos-autoridades-296x300.jpg 296w, https:\/\/puntocritico.com\/ausajpuntocritico\/wp-content\/uploads\/2023\/03\/Valle-de-los-Caidos-autoridades-768x779.jpg 768w, https:\/\/puntocritico.com\/ausajpuntocritico\/wp-content\/uploads\/2023\/03\/Valle-de-los-Caidos-autoridades-610x619.jpg 610w\" sizes=\"auto, (max-width: 330px) 100vw, 330px\" \/><\/p>\n<h3 id=\"m669-25-670\" class=\"highlighted\"><span style=\"font-size: 18pt;\">Las empresas adjudicatarias y su beneficio<\/span><\/h3>\n<p id=\"m420-20-421\" style=\"text-align: justify;\"><span style=\"font-size: 14pt;\">En sus inicios la obra se adjudica a tres grandes empresas,\u00a0<b>San Rom\u00e1n<\/b>, <em><strong>filial de Agrom\u00e1n<\/strong><\/em>, se encargar\u00e1 de la perforaci\u00f3n de la roca para abrir en ella el agujero gigante que albergar\u00e1 la cripta;\u00a0<b>Estudios y Construcciones Molan<\/b>\u00a0se ocupar\u00e1 de la construcci\u00f3n del monasterio; y\u00a0<b>Ban\u00fas<\/b>, gestionada por los dos hermanos Juan y Jos\u00e9, se responsabilizar\u00e1 de la carretera que unir\u00e1 la entrada con el Risco de la Nava.<\/span><\/p>\n<p id=\"m426-21-427\" style=\"text-align: justify;\"><span style=\"font-size: 14pt;\">Estas tres empresas, junto a la\u00a0<b>constructora Huarte y C\u00eda<\/b>\u00a0que se unir\u00eda a las obras en 1952, dispusieron de mano de obra semiesclava para sus negocios privados por concesi\u00f3n del r\u00e9gimen de <strong>Franco<\/strong>. As\u00ed, en 1943 <strong>Agrom\u00e1n<\/strong> dispon\u00eda de 250 presos republicanos trabajando en el Monumento; 100 en las obras de el Escorial Aguas y Escorial Arca de Juan; y otros 140 en diversas obras repartidas en cuarteles y monasterios.<\/span><\/p>\n<p id=\"m432-22-433\" style=\"text-align: justify;\"><span style=\"font-size: 14pt;\">Ban\u00fas, por su parte, dispon\u00eda de\u00a0<b>125 presos<\/b>\u00a0trabajando en la carretera que da acceso al Valle de los Ca\u00eddos, 90 presos construyendo la estaci\u00f3n de trenes de Chamart\u00edn (Madrid) y a 50 m\u00e1s en la base militar de Torrej\u00f3n. En total llega a haber\u00a0<b>141 batallones de presos republicanos<\/b>\u00a0repartidos por diferentes obras s\u00f3lo en 1943, seg\u00fan recoge <strong>Olmeda<\/strong> en su obra. \u00bfQu\u00e9 ha sido de estas empresas?<\/span><\/p>\n<p>&nbsp;<\/p>\n<p><strong style=\"color: #008000;\"><span style=\"font-size: 14pt;\">En 1943 hab\u00eda 141 batallones de presos republicanos realizando trabajos forzados<\/span><\/strong><\/p>\n<p>&nbsp;<\/p>\n<p id=\"m438-23-439\" style=\"text-align: justify;\"><span style=\"font-size: 14pt;\">La <strong>constructora Huarte<\/strong>, que acumulaba en 1975 un volumen de venta de 16.000 millones de pesetas, se fusion\u00f3 en 1998 con <strong>Obrasc\u00f3n<\/strong>. Un a\u00f1o despu\u00e9s, se incorpora al grupo la empresa <strong>Lain<\/strong> conformando el gigante constructor <strong>Obrasc\u00f3n- Huarte- La\u00edn<\/strong> u\u00a0<b>OHL<\/b>, como es m\u00e1s conocido. El grupo est\u00e1 presidido por\u00a0<b>Juan-Miguel Villar Mir<\/b>, m\u00e1s conocido por haberse presentado a las elecciones a presidente del Real Madrid de f\u00fatbol. Aunque en su curr\u00edculum figuran otros muchos cargos en la estructura del Estado franquista como haber sido\u00a0<b>Director General de Empleo<\/b>\u00a0en 1964 o presidente del Fondo Nacional de Protecci\u00f3n del Trabajo en 1967.<\/span><\/p>\n<p id=\"m444-24-445\" style=\"text-align: justify;\"><span style=\"font-size: 14pt;\">Por su parte, la constructora Agrom\u00e1n fue fundada por <a href=\"https:\/\/es.wikipedia.org\/wiki\/Jos%C3%A9_Mar%C3%ADa_Aguirre_Gonzalo\" target=\"_blank\" rel=\"noopener\"><strong>Jos\u00e9 Mar\u00eda Aguirre Gonzalo<\/strong><\/a> y <strong>Jos\u00e9 San Rom\u00e1n<\/strong> en 1926, en tiempos de <a href=\"https:\/\/puntocritico.com\/ausajpuntocritico\/2023\/02\/05\/tecnica-del-golpe-de-estado-de-curzio-malaparte-capitulo-6-primo-de-ribera-y-pilsudky-un-cortesano-y-un-general-socialista\/\"><strong>Primo de Rivera<\/strong><\/a>.\u00a0 Gracias a sus negocios, <strong>Aguirre Gonzalo<\/strong> salt\u00f3 pronto al mundo de la banca y presidi\u00f3 el <strong>Banco Guipuzcoano<\/strong> desde 1956 hasta que falleci\u00f3 en 1988. Adem\u00e1s, ocup\u00f3 la presidencia del <strong>Banco Espa\u00f1ol de Cr\u00e9dito<\/strong> desde 1970 hasta 1983 y del <strong>Banesto<\/strong>,\u00a0 desde 1970 a 1984. No obstante, la estirpe familiar no termin\u00f3 ah\u00ed ya que su hijo<b>\u00a0Jos\u00e9 Mar\u00eda Aguirre Gonz\u00e1lez\u00a0<\/b>le sustituy\u00f3 en el cargo de presidente del <strong>Banco Guipuzcoano<\/strong> hasta 1999. En 2010, este banco fue absorbido por el <strong>Banco Sabadell<\/strong>. \u00a0<\/span><\/p>\n<p id=\"m450-25-451\" style=\"text-align: justify;\"><span style=\"font-size: 14pt;\">Tras la construcci\u00f3n de la carretera, los\u00a0<b>hermanos Ban\u00fas<\/b>\u00a0siguieron caminos diferentes siempre bajo el amparo del r\u00e9gimen. <strong>Jos\u00e9 Ban\u00fas<\/strong>, conocido como el constructor del r\u00e9gimen, es el art\u00edfice de\u00a0<b>barrios emblem\u00e1ticos de Madrid<\/b>\u00a0como el de la Concepci\u00f3n o el Barrio del Pilar, donde urbaniz\u00f3 una gran extensi\u00f3n de terreno, y de cuyos pisos sacaba un beneficio de unas 115.000 pesetas.<\/span><\/p>\n<p id=\"m692-33-693\" style=\"text-align: justify;\"><span style=\"font-size: 14pt;\">De Madrid salt\u00f3 a la Costa del Sol donde, en el verano de 1970, inaugur\u00f3 su proyecto m\u00e1s ambicioso:\u00a0<b>Puerto Ban\u00fas<\/b>. Su estrecha relaci\u00f3n el r\u00e9gimen queda patente no s\u00f3lo en sus negocios sino en sus distinciones: medalla al M\u00e9rito en el Trabajo, la gran cruz del M\u00e9rito Civil y la medalla de oro al\u00a0<b>M\u00e9rito Tur\u00edstico<\/b>. Sus descendientes heredaron un gran imperio con origen en la construcci\u00f3n del Valle de los Ca\u00eddos y su amistad con el r\u00e9gimen de <strong>Franco<\/strong>.<\/span><\/p>\n<p>&nbsp;<\/p>\n<p><strong style=\"color: #008000;\"><span style=\"font-size: 14pt;\">Tras la construcci\u00f3n de la carretera, los hermanos Ban\u00fas siguieron caminos diferentes siempre bajo el amparo del r\u00e9gimen<\/span><\/strong><\/p>\n<p>&nbsp;<\/p>\n<p id=\"m456-26-457\" style=\"text-align: justify;\"><span style=\"font-size: 14pt;\">Por otro lado, su hermano <strong>Juan Ban\u00fas<\/strong> se qued\u00f3 en Madrid y en su curr\u00edculum figura la construcci\u00f3n de la lujosa ciudad sat\u00e9lite de\u00a0<b>Mirasierra<\/b>, opulentas viviendas rodeadas de comercios y zonas de asueto. Sus hijos <strong>Juan y Antonio Ban\u00fas Ferr\u00e9<\/strong> tomaron el testigo inmobiliario de su padre y de su t\u00edo, especializ\u00e1ndose cada uno en diferentes proyectos.<\/span><\/p>\n<p id=\"m462-27-463\" style=\"text-align: justify;\"><span style=\"font-size: 14pt;\"><strong>Juan<\/strong><strong>Ban\u00fas<\/strong>, fallecido en 2000, era el responsable de la lujosa \u00e1rea marbell\u00ed de <strong>Puerto Ban\u00fas<\/strong>, lugar de veraneo de la jet set y de la familia real saud\u00ed, entre otras personalidades, mientras que <strong>Antonio Ban\u00fas es propietario de un importante n\u00famero de franquicias de la firma de moda italiana Benetton en Espa\u00f1a,<\/strong> gestor del hotel de cinco estrellas <strong>Mirasierra Suites<\/strong> y due\u00f1o de la bodega El Carabal, situada en C\u00e1ceres. Adem\u00e1s, <strong>Antonio Ban\u00fas<\/strong> posee el 100% del capital del grupo promotor inmobiliario <strong>Juban<\/strong>.<\/span><\/p>\n<p id=\"m468-28-469\" style=\"text-align: justify;\"><span style=\"font-size: 14pt;\">No obstante, en la larga lista de empresas que se beneficiaron de la barata mano de obra de presos republicanos figuran otras muchas sociedades que no participaron en la construcci\u00f3n del Valle de los Ca\u00eddos o que su gran negocio con el r\u00e9gimen fue otro. Es el caso de<b>\u00a0Dragados y Construcciones<\/b>, hoy tambi\u00e9n inmersa en <strong>ACS<\/strong>, la constructora de <strong>Florentino P\u00e9rez<\/strong>. \u00a0<\/span><\/p>\n<p>&nbsp;<\/p>\n<h3 id=\"m723-38-724\" class=\"highlighted\"><span style=\"font-size: 18pt;\">Sin descuidar a amigos y los ministros<\/span><\/h3>\n<p id=\"m474-29-475\" style=\"text-align: justify;\"><span style=\"font-size: 14pt;\">Pero no s\u00f3lo empresarios se beneficiaron de las \u201c<em>bondades del r\u00e9gimen<\/em>\u201d. La democracia tampoco ha maltratado a los antiguos dirigentes franquistas, sus herederos directos o a los familiares de <strong>Franco<\/strong>. Hoy, muchos de estas personas tan cercanas al r\u00e9gimen, ya sea con lazos en el mundo de los negocios, familiares o pol\u00edticos, siguen disfrutando de un papel importante en nuestra sociedad. La democracia tampoco ha maltratado a los antiguos dirigentes franquistas, sus herederos directos o a los familiares de <strong>Franco<\/strong>.<\/span><\/p>\n<p>&nbsp;<\/p>\n<\/div>\n<\/blockquote>\n<div style=\"text-align: center;\" data-google-query-id=\"COO4rNTMv_0CFV0UBgAdH_0Drw\">\n<blockquote>\n<p id=\"m480-30-481\"><strong><span style=\"color: #008000; font-size: 14pt;\">La democracia tampoco ha maltratado a los antiguos dirigentes franquistas, sus herederos directos o a los familiares de Franco<\/span><\/strong><\/p>\n<p>&nbsp;<\/p>\n<p id=\"m486-31-487\" style=\"text-align: justify;\"><span style=\"font-size: 14pt;\">As\u00ed, seg\u00fan enumera <strong>Mariano S\u00e1nchez<\/strong> en su obra\u00a0<strong><i>Los Franco S.A<\/i><\/strong>., las hermanas\u00a0<b>Alicia y Esther Koplowitz<\/b>, a trav\u00e9s del Imperio de <strong>Fomento de Construcciones y Contratas<\/strong> (<b>FCC<\/b>), poseen un patrimonio que ronda los 1.000 millones de euros; los descendientes de\u00a0<b>Jos\u00e9 Meli\u00e1 Sinisterra<\/b>, en el sector tur\u00edstico (<em>Hoteles Meli\u00e1<\/em>), facturan anualmente m\u00e1s de 600 millones de euros, o <strong>Carmela Arias D\u00edaz de R\u00e1bago<\/strong>, <strong>condesa de Fenosa y viuda de Pedro Barri\u00e9 de la Maza<\/strong>, cuya fortuna personal alcanza los 240 millones de euros.<\/span><\/p>\n<p id=\"m492-32-493\" style=\"text-align: justify;\"><span style=\"font-size: 14pt;\"><strong>Tambi\u00e9n llama la atenci\u00f3n la puerta giratoria que un\u00eda a los ministros de Franco con los Consejos de Administraci\u00f3n de las principales empresas espa\u00f1olas<\/strong>. De los 119 ministros de franco,\u00a0<b>22 de ellos se sentaron en 29 consejos de administraci\u00f3n<\/b>\u00a0de importantes entidades bancarias, nueve en bancos oficiales y cuatro en cajas de ahorros. Otros ocho ex ministros fueron presidentes y\/o consejeros del Banco de Espa\u00f1a. En total, 43 ministros se convirtieron en destacados ejecutivos del sector bancario.<\/span><\/p>\n<p id=\"m498-33-499\" style=\"text-align: justify;\"><span style=\"font-size: 14pt;\">Pero no s\u00f3lo ellos ocuparon esos puestos, tambi\u00e9n sus hijos. Sirve como ejemplo el reciente nombramiento de\u00a0<b>Nemesio Fern\u00e1ndez Cuesta<\/b>, hijo del ministro de Comercio en el pen\u00faltimo gobierno de Franco de igual nombre, como director General de Negocios de <strong>Repsol<\/strong>.<\/span><\/p>\n<p id=\"m504-34-505\" style=\"text-align: justify;\"><span style=\"font-size: 14pt;\">No obstante, no hay que buscar tan lejos para encontrar la alargada sombra del r\u00e9gimen. En la pen\u00faltima horneada de pol\u00edticos de la derecha espa\u00f1ola se encuentran buenos ejemplos como <strong>Rodrigo Rato<\/strong>, hijo de <strong>Ram\u00f3n de Rato<\/strong>, fundador junto a\u00a0<b>Mill\u00e1n Astray y Dionisio Ridruejo<\/b>, entre otros, de Radio Nacional de Espa\u00f1a, as\u00ed como propietario del Banco del Norte y del Banco Murciano.<\/span><\/p>\n<\/blockquote>\n<div class=\"article-body\" style=\"text-align: justify;\">\n<div class=\"article-text\">\n<blockquote>\n<p id=\"m510-35-511\"><span style=\"font-size: 14pt;\">O <strong>Jos\u00e9 Mar\u00eda Aznar<\/strong>, nieto de <strong>Manuel Aznar Zubigaray<\/strong>, periodista y pol\u00edtico cercano a <strong>Falange<\/strong> que\u00a0 fue\u00a0<b>director gerente de la agencia de noticias EFE<\/b>\u00a0y embajador espa\u00f1ol ante la ONU, Marruecos, y varios pa\u00edses de Am\u00e9rica.<\/span><\/p>\n<\/blockquote>\n<\/div>\n<\/div>\n<\/div>\n<\/div>\n<p style=\"text-align: justify;\">\u00a0<\/p>\n<figure id=\"attachment_2268102\" aria-describedby=\"caption-attachment-2268102\" style=\"width: 480px\" class=\"wp-caption aligncenter\"><img loading=\"lazy\" decoding=\"async\" class=\"wp-image-2268102\" src=\"https:\/\/puntocritico.com\/ausajpuntocritico\/wp-content\/uploads\/2023\/03\/Valle-de-los-caidos-inicio.jpg\" alt=\"\" width=\"480\" height=\"291\" data-id=\"2268102\" srcset=\"https:\/\/puntocritico.com\/ausajpuntocritico\/wp-content\/uploads\/2023\/03\/Valle-de-los-caidos-inicio.jpg 614w, https:\/\/puntocritico.com\/ausajpuntocritico\/wp-content\/uploads\/2023\/03\/Valle-de-los-caidos-inicio-300x182.jpg 300w, https:\/\/puntocritico.com\/ausajpuntocritico\/wp-content\/uploads\/2023\/03\/Valle-de-los-caidos-inicio-610x370.jpg 610w\" sizes=\"auto, (max-width: 480px) 100vw, 480px\" \/><figcaption id=\"caption-attachment-2268102\" class=\"wp-caption-text\"><span style=\"color: #008000;\">Iniciando la construcci\u00f3n del Valle de los ca\u00eddos<\/span><\/figcaption><\/figure>\n<p style=\"text-align: center;\"><span style=\"font-size: 18pt;\"><strong><span style=\"color: #008000;\">*******<\/span><\/strong><\/span><\/p>\n<h2 class=\"entry-title\" style=\"text-align: center;\"><a href=\"https:\/\/puntocritico.com\/ausajpuntocritico\/2022\/07\/12\/cartel-de-constructoras\/\"><span style=\"font-size: 18pt;\">25 A\u00d1OS DEFRAUDANDO EN LA CONTRATACI\u00d3N P\u00daBLICA: EL C\u00c1RTEL DE CONSTRUCTORAS Y EL R\u00c9GIMEN DEL 78. La transici\u00f3n espa\u00f1ola: El tr\u00e1nsito del Delito al Crimen. Siempre impunes.<\/span><\/a><\/h2>\n<figure id=\"attachment_2252044\" aria-describedby=\"caption-attachment-2252044\" style=\"width: 480px\" class=\"wp-caption aligncenter\"><a href=\"https:\/\/puntocritico.com\/ausajpuntocritico\/2022\/07\/12\/cartel-de-constructoras\/\"><img loading=\"lazy\" decoding=\"async\" class=\"wp-image-2252044\" src=\"https:\/\/puntocritico.com\/ausajpuntocritico\/wp-content\/uploads\/2022\/07\/Los-Golfos-Apandadores-PPAL-2.jpg\" alt=\"\" width=\"480\" height=\"319\" data-id=\"2252044\" srcset=\"https:\/\/puntocritico.com\/ausajpuntocritico\/wp-content\/uploads\/2022\/07\/Los-Golfos-Apandadores-PPAL-2.jpg 680w, https:\/\/puntocritico.com\/ausajpuntocritico\/wp-content\/uploads\/2022\/07\/Los-Golfos-Apandadores-PPAL-2-300x199.jpg 300w, https:\/\/puntocritico.com\/ausajpuntocritico\/wp-content\/uploads\/2022\/07\/Los-Golfos-Apandadores-PPAL-2-610x405.jpg 610w, https:\/\/puntocritico.com\/ausajpuntocritico\/wp-content\/uploads\/2022\/07\/Los-Golfos-Apandadores-PPAL-2-678x452.jpg 678w\" sizes=\"auto, (max-width: 480px) 100vw, 480px\" \/><\/a><figcaption id=\"caption-attachment-2252044\" class=\"wp-caption-text\"><span style=\"color: #008000;\">LO QUE LOS JUECES ESPA\u00d1OLES NUNCA HAN QUIERIDO VER: La CNMC multa con 203 millones a ACS, Acciona, OHL, FCC, Ferrovial y Sacyr por alterar contratos desde 1992 El organismo afirma que se reun\u00edan semanalmente y decid\u00edan los contratos p\u00fablicos en que iban a compartir trabajos t\u00e9cnicos de sus ofertas. Tambi\u00e9n intercambiaban informaci\u00f3n sobre su estrategia.\u00a0<\/span><\/figcaption><\/figure>\n<div class=\"subscription-claim-footer\" style=\"text-align: center;\"><span style=\"font-size: 18pt;\"><strong><span style=\"color: #008000;\">*******<\/span><\/strong><\/span><\/div>\n<blockquote>\n<h2 style=\"text-align: center;\">FALANGISTAS Y NACIONAL-CAT\u00d3LICOS: LAS FAMILIAS DEL FRANQUISMO, \u00abDEM\u00d3CRATAS DE TODA LA VIDA\u00bb: DE FRANCO A LAS INSTITUCIONES<\/h2>\n<p style=\"text-align: center;\"><em><strong><span style=\"font-size: 18pt;\">Cambiarlo todo para que todo siga igual<\/span><\/strong><\/em><\/p>\n<div><img loading=\"lazy\" decoding=\"async\" class=\"aligncenter wp-image-4969 size-mh-magazine-content\" src=\"https:\/\/puntocritico.com\/ausajpuntocritico\/wp-content\/uploads\/2017\/08\/798-ranking-de-los-banqueros-mc3a1s-corruptos-de-espac3b1a-678x381.jpg\" alt=\"\" width=\"678\" height=\"381\" data-id=\"4969\" \/><\/div>\n<div>\u00a0<\/div>\n<div>\n<p style=\"text-align: center;\"><strong><span style=\"font-size: 14pt;\">\u00ab<em>Lo de rojos contra azules cada vez ayuda menos a comprender los problemas de nuestra \u00e9poca<\/em>\u00bb (V\u00edctor Lenore).<\/span><\/strong><\/p>\n<p style=\"text-align: center;\"><span style=\"font-size: 14pt;\">Lenore dice bien. Pero no claramente.<\/span><\/p>\n<p style=\"text-align: center;\"><span style=\"font-size: 14pt;\">El adagio inicial fue \u00ab<strong>DE FRANCO A LAS INSTITUCIONES<\/strong>\u00bb.<\/span><\/p>\n<div>\n<p>&nbsp;<\/p>\n<\/div>\n<figure id=\"attachment_2217581\" aria-describedby=\"caption-attachment-2217581\" style=\"width: 660px\" class=\"wp-caption aligncenter\"><img loading=\"lazy\" decoding=\"async\" class=\"wp-image-2217581\" src=\"https:\/\/puntocritico.com\/ausajpuntocritico\/wp-content\/uploads\/2021\/06\/El-ultimo-Pleno-de-las-Cortes-franquistas-5-de-noviembre.jpg\" alt=\"\" width=\"660\" height=\"335\" data-id=\"2217581\" srcset=\"https:\/\/puntocritico.com\/ausajpuntocritico\/wp-content\/uploads\/2021\/06\/El-ultimo-Pleno-de-las-Cortes-franquistas-5-de-noviembre.jpg 400w, https:\/\/puntocritico.com\/ausajpuntocritico\/wp-content\/uploads\/2021\/06\/El-ultimo-Pleno-de-las-Cortes-franquistas-5-de-noviembre-300x152.jpg 300w\" sizes=\"auto, (max-width: 660px) 100vw, 660px\" \/><figcaption id=\"caption-attachment-2217581\" class=\"wp-caption-text\"><span style=\"color: #008000;\"><strong>El \u00faltimo Pleno de las Cortes franquistas<\/strong>: El 18 de noviembre de 1976, tras veinticinco horas de debate, en lo que es conocido como el \u00faltimo Pleno de las Cortes franquistas, se dio luz verde a la Ley para la Reforma Pol\u00edtica, con el resultado de 425 votos a favor, 59 votos en contra y 13 abstenciones. \u00c9ste ser\u00e1 el objeto central de debate en la pr\u00f3xima sesi\u00f3n sobre la actividad de la Transici\u00f3n, tras visionar el documental correspondiente de la serie de RTVE sobre este periodo hist\u00f3rico,el pr\u00f3ximo viernes 5 de noviembre.<\/span><br \/>\n<span style=\"color: #008000;\">Torcuato Fern\u00e1ndez Miranda, presidente de las Cortes y del Consejo del Reino, la consideraba como una forma de avanzar hacia la democracia respetando las leyes vigentes: \u201cde la ley a la ley a trav\u00e9s de la ley\u201d.<\/span><br \/>\n<span style=\"color: #008000;\">Miguel Primo de Rivera y Urquijo, que abri\u00f3 el debate invoc\u00f3 \u201cla irrepetible autoridad pol\u00edtica de Francisco Franco\u201d, proclamando su \u201clealtad y devoci\u00f3n personal por \u00e9l\u201d, as\u00ed como su \u201ccondici\u00f3n joseantoniana\u201d, para pasar a declarar que, con todo, ya era hora de dejar al pueblo espa\u00f1ol decidir qu\u00e9 autoridad pol\u00edtica deb\u00eda reemplazar al Caudillo.<\/span><br \/>\n<span style=\"color: #008000;\">Otro procurador de las Cortes, Ramiro Cercos, critic\u00f3 este proyecto de ley como \u201ct\u00edmido e insuficiente\u201d para \u201cregir en el nuevo orden democr\u00e1tico\u201d, por cuanto hac\u00eda referencia expl\u00edcita a las Leyes Fundamentales, que respond\u00edan a fines claramente diferentes de aquellos que presiden los sistemas democr\u00e1ticos.<\/span><br \/>\n<span style=\"color: #008000;\">Raimundo Fern\u00e1ndez-Cuesta, un viejo l\u00edder falangista, se\u00f1al\u00f3 que el Estado espa\u00f1ol fue creado por \u201cla voluntad soberana y la facultad constituyente que le confiri\u00f3 el resultado de la lucha [de la naci\u00f3n espa\u00f1ola]\u201d y que estaba basado en los Principios Fundamentales que eran, por su propia naturaleza, \u201cpermanentes e inalterables\u201d, por lo que aceptar la ley propuesta significar\u00eda la anulaci\u00f3n de esos principios.<\/span><\/figcaption><\/figure>\n<div>\u00a0<\/div>\n<p style=\"text-align: center;\"><span style=\"font-size: 14pt;\">La legitimidad del expolio econ\u00f3mico (<em>gigantesco, aunque hoy, perdida la perspectiva, ya no nos lo parezca<\/em>), descans\u00f3, hasta la muerte de Franco, en \u00e9l. En aqu\u00e9l viejecito que \u00ab<em>no se met\u00eda en pol\u00edtica<\/em>\u00bb, el que nos ense\u00f1aban una vez al a\u00f1o desde el balc\u00f3n de la Plaza de Oriente, y al que, para hacernos ver que segu\u00eda vivo, levantaban el brazo a modo de saludo, mientras con un tenue hilillo de voz, el anciano recitaba el \u00abEspa\u00f1oles todos\u00bb.<\/span><\/p>\n<p style=\"text-align: center;\"><span style=\"font-size: 14pt;\">El viejo se muri\u00f3, y se quedaron sin \u00ablegitimaci\u00f3n\u00bb para continuar el Expolio.<\/span><\/p>\n<p style=\"text-align: center;\"><span style=\"font-size: 14pt;\">Entonces el R\u00e9gimen se hizo \u00abdem\u00f3crata\u00bb, los fascistas se repartieron la gallina de los huevos de oro, como lo hab\u00edan vivido: Falangistas, a la izquierda, preferentemente al <a href=\"https:\/\/puntocritico.com\/ausajpuntocritico\/2021\/07\/06\/el-psoe-y-el-tardofranquismo-en-espana-suresnes-el-asalto-de-los-jovenes-lobos-a-la-direccion-del-psoe\/#SURESNES_EL_ASALTO_DE_LOS_JOVENES_LOBOS_A_LA_DIRECCION_DEL_PSOE\">PSOE<\/a>, y Nacional Cat\u00f3licos -vestiditos de \u00ab<em>tecn\u00f3cratas<\/em>\u00ab-, a AP (<em>hoy PP<\/em>). En el medio qued\u00f3 Su\u00e1rez, m\u00e1s solo que la una, hasta que fue amortizado.<\/span><\/p>\n<p>&nbsp;<\/p>\n<figure id=\"attachment_2220195\" aria-describedby=\"caption-attachment-2220195\" style=\"width: 440px\" class=\"wp-caption aligncenter\"><a href=\"https:\/\/puntocritico.com\/ausajpuntocritico\/2021\/07\/06\/el-psoe-y-el-tardofranquismo-en-espana-suresnes-el-asalto-de-los-jovenes-lobos-a-la-direccion-del-psoe\/#JOSEANTONIANOS_DEL_MUNDO_UNIOS\"><img loading=\"lazy\" decoding=\"async\" class=\"wp-image-2220195\" src=\"https:\/\/puntocritico.com\/ausajpuntocritico\/wp-content\/uploads\/2021\/07\/Julio-Anguita-premiado-falangista.jpg\" alt=\"\" width=\"440\" height=\"497\" data-id=\"2220195\" srcset=\"https:\/\/puntocritico.com\/ausajpuntocritico\/wp-content\/uploads\/2021\/07\/Julio-Anguita-premiado-falangista.jpg 658w, https:\/\/puntocritico.com\/ausajpuntocritico\/wp-content\/uploads\/2021\/07\/Julio-Anguita-premiado-falangista-266x300.jpg 266w, https:\/\/puntocritico.com\/ausajpuntocritico\/wp-content\/uploads\/2021\/07\/Julio-Anguita-premiado-falangista-610x689.jpg 610w\" sizes=\"auto, (max-width: 440px) 100vw, 440px\" \/><\/a><figcaption id=\"caption-attachment-2220195\" class=\"wp-caption-text\"><span style=\"color: #008000;\">Anguita fue premio nacional Jos\u00e9 Antonio<\/span><\/figcaption><\/figure>\n<p>&nbsp;<\/p>\n<p style=\"text-align: center;\"><span style=\"font-size: 14pt;\">Hoy, la saga de ladrones de Estado, encuentra la Legitimaci\u00f3n del Expolio (<em>que contin\u00faa, ahora jugando en las ligas mayores de la corrupci\u00f3n internacional<\/em>) en \u00ab<em>las Instituciones<\/em>\u00bb.<\/span><\/p>\n<p style=\"text-align: center;\"><span style=\"font-size: 14pt;\">Empez\u00f3 en noviembre de 1976, cuando desaparecieron m\u00e1gicamente los Procuradores en Cortes franquistas y se sustituyeron, inmediatamente, por unos desconocidos e ignotos \u00abdem\u00f3cratas de toda la vida\u00bb, casualmente todos ellos hijos, nietos y deudos de los fenecidos Procuradores franquistas y otras carcundias surgidas del fr\u00edo de la dictadura.<\/span><\/p>\n<\/div>\n<\/blockquote>\n<div>\n<blockquote>\n<p style=\"text-align: center;\"><span style=\"font-size: 14pt;\">Hasta hoy<\/span><\/p>\n<\/blockquote>\n<\/div>\n<div>\u00a0<\/div>\n<div>\u00a0<\/div>\n<div><a href=\"https:\/\/puntocritico.com\/ausajpuntocritico\/2020\/12\/05\/el-control-del-psoe-por-la-cia-libro-la-cia-en-espana-de-alfredo-grimaldos-2\/\"><img loading=\"lazy\" decoding=\"async\" class=\"aligncenter wp-image-1666\" src=\"https:\/\/puntocritico.com\/ausajpuntocritico\/wp-content\/uploads\/2017\/04\/Felipe_Gonzalez_3.jpg\" alt=\"\" width=\"240\" height=\"364\" data-id=\"1666\" srcset=\"https:\/\/puntocritico.com\/ausajpuntocritico\/wp-content\/uploads\/2017\/04\/Felipe_Gonzalez_3.jpg 756w, https:\/\/puntocritico.com\/ausajpuntocritico\/wp-content\/uploads\/2017\/04\/Felipe_Gonzalez_3-198x300.jpg 198w, https:\/\/puntocritico.com\/ausajpuntocritico\/wp-content\/uploads\/2017\/04\/Felipe_Gonzalez_3-675x1024.jpg 675w\" sizes=\"auto, (max-width: 240px) 100vw, 240px\" \/><\/a><\/div>\n<div style=\"text-align: center;\"><span style=\"font-size: 18pt;\"><strong><span style=\"color: #008000;\">*******<\/span><\/strong><\/span><\/div>\n<div>\n<h2 class=\"post-title\" style=\"text-align: center;\"><span style=\"font-size: 24pt;\">CALVI\u00d1O PONE EL FOCO EN LAS AYUDAS DE ESTADO QUE AZNAR DIO A FERROVIAL PARA INTERNACIONALIZARSE<\/span><\/h2>\n<p class=\"post-subtitle\" style=\"text-align: center;\"><em><strong><span style=\"font-size: 14pt;\">Las afirmaciones de que la empresa \u00able debe todo a Espa\u00f1a\u00bb tambi\u00e9n apuntan a un potent\u00edsimo incentivo fiscal que dio Aznar desde 2002 que incentiv\u00f3 compras multimillonarias en Reino Unido y EEUU<\/span><\/strong><\/em><\/p>\n<\/div>\n<div style=\"text-align: justify;\"><span style=\"font-size: 14pt;\">Por <a href=\"https:\/\/www.vozpopuli.com\/economia_y_finanzas\/calvino-pone-foco-ayudas-estado-aznar-dio-ferrovial-internacionalizarse.html\" target=\"_blank\" rel=\"noopener\">Mercedes Serraller<\/a>, 04 MARZO 2023<\/span><\/div>\n<div>\u00a0<\/div>\n<div>\n<figure id=\"attachment_2268273\" aria-describedby=\"caption-attachment-2268273\" style=\"width: 678px\" class=\"wp-caption aligncenter\"><img loading=\"lazy\" decoding=\"async\" class=\"wp-image-2268273 size-mh-magazine-content\" src=\"https:\/\/puntocritico.com\/ausajpuntocritico\/wp-content\/uploads\/2023\/03\/calvino-foro-portada-678x381.webp\" alt=\"\" width=\"678\" height=\"381\" data-id=\"2268273\" srcset=\"https:\/\/puntocritico.com\/ausajpuntocritico\/wp-content\/uploads\/2023\/03\/calvino-foro-portada-678x381.webp 678w, https:\/\/puntocritico.com\/ausajpuntocritico\/wp-content\/uploads\/2023\/03\/calvino-foro-portada-300x169.webp 300w, https:\/\/puntocritico.com\/ausajpuntocritico\/wp-content\/uploads\/2023\/03\/calvino-foro-portada-1024x576.webp 1024w, https:\/\/puntocritico.com\/ausajpuntocritico\/wp-content\/uploads\/2023\/03\/calvino-foro-portada-768x432.webp 768w, https:\/\/puntocritico.com\/ausajpuntocritico\/wp-content\/uploads\/2023\/03\/calvino-foro-portada-610x343.webp 610w, https:\/\/puntocritico.com\/ausajpuntocritico\/wp-content\/uploads\/2023\/03\/calvino-foro-portada.webp 1200w\" sizes=\"auto, (max-width: 678px) 100vw, 678px\" \/><figcaption id=\"caption-attachment-2268273\" class=\"wp-caption-text\"><span style=\"color: #008000;\">La vicepresidenta primera y ministra de Asuntos Econ\u00f3micos y Transformaci\u00f3n Digital, Nadia Calvi\u00f1o.<\/span><\/figcaption><\/figure>\n<\/div>\n<div>\u00a0<\/div>\n<div>\u00a0<\/div>\n<div>\n<p style=\"text-align: justify;\"><span style=\"font-size: 14pt;\">\u00ab<em>Se trata de una empresa que le debe todo a Espa\u00f1a<\/em>\u00ab,\u00a0ha asegurado\u00a0<strong>Nadia Calvi\u00f1o<\/strong>\u00a0en su andanada contra\u00a0Ferrovial\u00a0por la salida de Espa\u00f1a de su matriz. En la misma l\u00ednea se ha pronunciado\u00a0<strong>Yolanda D\u00edaz,\u00a0<\/strong>que ha subrayado que ha crecido al albur de \u00ab<em>enormes contratos<\/em>\u00bb con la Administraci\u00f3n P\u00fablica. Sin embargo, Calvi\u00f1o no ha concretado a qu\u00e9 se refiere exactamente cuando se le ha preguntado por esta aseveraci\u00f3n, que pone en el foco las ayudas de Estado que otorg\u00f3\u00a0<strong>Jos\u00e9 Mar\u00eda Aznar\u00a0<\/strong>a las grandes empresas espa\u00f1olas para su internacionalizaci\u00f3n.<\/span><\/p>\n<p style=\"text-align: justify;\"><span style=\"font-size: 14pt;\">La compa\u00f1\u00eda brit\u00e1nica\u00a0<strong>BAA\u00a0<\/strong>acept\u00f3 en la madrugada del 6 de junio de\u00a0<strong>2006\u00a0<\/strong>una oferta de venta de<strong>\u00a0Ferrovial\u00a0<\/strong>por 10.300 millones de libras (<em>m\u00e1s de\u00a0<strong>14.600 millones de euros<\/strong><\/em>) por la que se hizo con los siete aeropuertos brit\u00e1nicos, entre ellos, Heathrow, y se convirti\u00f3 en el mayor gestor de aeropuertos del mundo.<\/span><\/p>\n<p style=\"text-align: justify;\"><span style=\"font-size: 14pt;\">Desde su\u00a0<strong>fundaci\u00f3n en 1952,<\/strong>\u00a0Ferrovial tuvo vocaci\u00f3n internacional, con proyectos en Latinoam\u00e9rica y \u00c1frica, pero es en\u00a0<strong>2002 cuando se produce un giro copernicano\u00a0<\/strong>como protagonista en las operaciones m\u00e1s importantes de Reino Unido y EEUU.<\/span><\/p>\n<div id=\"content-intext-1\" style=\"text-align: justify;\">\n<div class=\"entry-content\"><span style=\"font-size: 14pt;\">Ferrovial no estaba sola. En <\/span><strong style=\"font-size: 14pt;\">2004<\/strong><span style=\"font-size: 14pt;\">,\u00a0<\/span><strong style=\"font-size: 14pt;\">Santander<\/strong><span style=\"font-size: 14pt;\">\u00a0compr\u00f3\u00a0<\/span><strong style=\"font-size: 14pt;\">Abbey National\u00a0<\/strong><span style=\"font-size: 14pt;\">por\u00a0<\/span><strong style=\"font-size: 14pt;\">13.199 millones<\/strong><span style=\"font-size: 14pt;\">. En\u00a0<\/span><strong style=\"font-size: 14pt;\">2005, Telef\u00f3nica\u00a0<\/strong><span style=\"font-size: 14pt;\">adquiri\u00f3 la brit\u00e1nica\u00a0<\/span><strong style=\"font-size: 14pt;\">O2<\/strong><span style=\"font-size: 14pt;\">\u00a0por\u00a0<\/span><strong style=\"font-size: 14pt;\">26.665 millones\u00a0<\/strong><span style=\"font-size: 14pt;\">de euros. En\u00a0<\/span><strong style=\"font-size: 14pt;\">2006, Iberdrola<\/strong><span style=\"font-size: 14pt;\">\u00a0hizo lo propio con\u00a0<\/span><strong style=\"font-size: 14pt;\">Scottish Power<\/strong><span style=\"font-size: 14pt;\">\u00a0por\u00a0<\/span><strong style=\"font-size: 14pt;\">17.200 millones. <\/strong><\/div>\n<div>\u00a0<\/div>\n<div class=\"entry-content\"><span style=\"font-size: 14pt;\">Este momento dorado de las empresas espa\u00f1olas en el extranjero se debe a un potent\u00edsimo incentivo fiscal a la internacionalizaci\u00f3n, las ayudas por el fondo de comercio que cre\u00f3 el Gobierno de <\/span><strong style=\"font-size: 14pt;\">Jos\u00e9 Mar\u00eda Aznar<\/strong><span style=\"font-size: 14pt;\"> en\u00a0<\/span><strong style=\"font-size: 14pt;\">2002<\/strong><span style=\"font-size: 14pt;\">, por el que se ha estimado que se reg\u00f3 a las empresas con\u00a0<\/span><strong style=\"font-size: 14pt;\">m\u00e1s de 30.000 millones.\u00a0<\/strong><span style=\"font-size: 14pt;\">Recogido en el art\u00edculo 12.5, de la\u00a0<\/span><strong style=\"font-size: 14pt;\"><a href=\"https:\/\/www.boe.es\/buscar\/act.php?id=BOE-A-2014-12328\" target=\"_blank\" rel=\"noopener\">Ley del Impuesto sobre Sociedades,\u00a0<\/a><\/strong><span style=\"font-size: 14pt;\">las empresas espa\u00f1olas pueden amortizar el fondo de comercio financiero, la diferencia entre el valor en libros de una empresa y el valor real de mercado, que resulta de la adquisici\u00f3n de participaciones significativas en empresas extranjeras durante los veinte a\u00f1os siguientes a la adquisici\u00f3n. <\/span><\/div>\n<div>\u00a0<\/div>\n<div class=\"entry-content\"><strong style=\"font-size: 14pt;\">La Comisi\u00f3n Europea abri\u00f3 una investigaci\u00f3n en 2007 a Espa\u00f1a<\/strong><span style=\"font-size: 14pt;\">\u00a0tras haber recibido<\/span><strong style=\"font-size: 14pt;\">\u00a0varias denuncias y preguntas de eurodiputados, especialmente brit\u00e1nicos,<\/strong><span style=\"font-size: 14pt;\">\u00a0que sosten\u00edan que el r\u00e9gimen espa\u00f1ol es ilegal. Las quejas pon\u00edan en la diana la actividad de las empresas espa\u00f1olas en Reno Unido, pero tambi\u00e9n las ofertas de\u00a0<\/span><strong style=\"font-size: 14pt;\">Sacyr, Abertis y Cintra\u00a0<\/strong><span style=\"font-size: 14pt;\">para la concesi\u00f3n de las autopistas en Francia. <\/span><\/div>\n<div>\u00a0<\/div>\n<div class=\"entry-content\"><strong style=\"font-size: 14pt;\">En 2009 lo declar\u00f3 ilegal\u00a0<\/strong><span style=\"font-size: 14pt;\">por considerar que distorsionaba la competencia y otorgaba una \u00ab<\/span><em style=\"font-size: 14pt;\">ventaja injustificada a las empresas espa\u00f1olas, especialmente en el contexto de las ofertas p\u00fablicas de adquisiciones competitivas<\/em><span style=\"font-size: 14pt;\">\u00ab. Por ello, el Ejecutivo comunitario consider\u00f3 que \u00ab<\/span><em style=\"font-size: 14pt;\">el trato favorable de las adquisiciones espa\u00f1olas en otros Estados miembros era discriminatorio y, por consiguiente, injustificable<\/em><span style=\"font-size: 14pt;\">\u00ab. Esto fue confirmado por el\u00a0<\/span><strong style=\"font-size: 14pt;\">Tribunal de Justicia de la UE en 2016.<\/strong><\/div>\n<\/div>\n<p>&nbsp;<\/p>\n<\/div>\n<p><img loading=\"lazy\" decoding=\"async\" class=\"aligncenter wp-image-235390 size-mh-magazine-content\" src=\"https:\/\/puntocritico.com\/ausajpuntocritico\/wp-content\/uploads\/2020\/05\/ANA-MATO-BODA-ANA-AZNAR-678x381.jpg\" alt=\"\" width=\"678\" height=\"381\" data-id=\"235390\" srcset=\"https:\/\/puntocritico.com\/ausajpuntocritico\/wp-content\/uploads\/2020\/05\/ANA-MATO-BODA-ANA-AZNAR-678x381.jpg 678w, https:\/\/puntocritico.com\/ausajpuntocritico\/wp-content\/uploads\/2020\/05\/ANA-MATO-BODA-ANA-AZNAR-300x169.jpg 300w, https:\/\/puntocritico.com\/ausajpuntocritico\/wp-content\/uploads\/2020\/05\/ANA-MATO-BODA-ANA-AZNAR-768x432.jpg 768w, https:\/\/puntocritico.com\/ausajpuntocritico\/wp-content\/uploads\/2020\/05\/ANA-MATO-BODA-ANA-AZNAR.jpg 1024w\" sizes=\"auto, (max-width: 678px) 100vw, 678px\" \/><\/p>\n<div>\n<p>&nbsp;<\/p>\n<h3 style=\"text-align: center;\"><span style=\"font-size: 18pt;\">Catarata de ayudas<\/span><\/h3>\n<p style=\"text-align: justify;\"><span style=\"font-size: 14pt;\">Adem\u00e1s, el Ejecutivo comunitario reclam\u00f3 a Espa\u00f1a que recuperara toda la ayuda ilegal concedida en virtud de dicha disposici\u00f3n respecto a las adquisiciones europeas a partir del <strong>21 de diciembre de 2007<\/strong>, fecha en que se public\u00f3 la decisi\u00f3n de la Comisi\u00f3n de iniciar una investigaci\u00f3n, lo que dej\u00f3 fuera las principales operaciones. <strong>En 2011, la Comisi\u00f3n declar\u00f3 ilegales las ayudas para la adquisici\u00f3n de empresa de fuera de la UE<\/strong>, y\u00a0<strong>en 2014 rechaza un intento de salvar este tipo des ayudas bonificando la compra de empresas extranjeras a trav\u00e9s de sociedades interpuestas.<\/strong><\/span><\/p>\n<p style=\"text-align: justify;\"><span style=\"font-size: 14pt;\">Estos procesos contra Espa\u00f1a dan cuenta de todas las ayudas a la internacionalizaci\u00f3n que se pusieron en marcha en Espa\u00f1a al principio de los a\u00f1os 2000. Las empresas tambi\u00e9n\u00a0<strong>se pod\u00edan deducir gastos financieros sin l\u00edmite,\u00a0<\/strong>lo que el Gobierno de <strong>Mariano Rajoy<\/strong> top\u00f3 en 2012 entre sus subidas de impuestos al llegar al poder en plena emergencia econ\u00f3mica.<\/span><\/p>\n<p style=\"text-align: justify;\"><span style=\"font-size: 14pt;\">Por su parte, el secretario general de\u00a0<strong>UGT, Pepe \u00c1lvarez,<\/strong>\u00a0ha insistido este viernes en un argumento similar al del Gobierno y\u00a0ha reprochado a Ferrovial su decisi\u00f3n, que le parece que \u00ab<em>es una\u00a0<strong>falta de patriotismo\u00a0<\/strong>y de respeto al pa\u00eds que la ha hecho que sea hoy lo que es<\/em>\u00ab.<\/span><\/p>\n<p style=\"text-align: justify;\"><span style=\"font-size: 14pt;\">Porque, seg\u00fan ha puntualizado, \u00ab<em>no solo ha gozado de\u00a0<strong>privilegios\u00a0<\/strong>desde el punto de vista de la\u00a0<strong>contrataci\u00f3n p\u00fablica<\/strong>\u00a0en Espa\u00f1a, sino que estamos hablando de los\u00a0<\/em><strong><em>a\u00f1os 60, no estamos hablando de en estos momentos, en los que los contratos tienen otro tipo de transparencia<\/em>\u00ab.<\/strong><\/span><\/p>\n<p style=\"text-align: justify;\"><span style=\"font-size: 14pt;\">\u00c1lvarez ha aludido tambi\u00e9n a la\u00a0<strong>labor del Rey Em\u00e9rito como colaborador en la internacionalizaci\u00f3n\u00a0<\/strong>de las empresas espa\u00f1olas en viajes sufragados con dinero p\u00fablico en los que consegu\u00edan contratos.<\/span><\/p>\n<\/div>\n<div>\u00a0<\/div>\n<div><img loading=\"lazy\" decoding=\"async\" class=\"aligncenter wp-image-2245395\" src=\"https:\/\/puntocritico.com\/ausajpuntocritico\/wp-content\/uploads\/2022\/04\/Aznar-y-Bush-pies-en-la-mesa-Foto-de-las-Azores-2.jpg\" alt=\"\" width=\"300\" height=\"226\" data-id=\"2245395\" srcset=\"https:\/\/puntocritico.com\/ausajpuntocritico\/wp-content\/uploads\/2022\/04\/Aznar-y-Bush-pies-en-la-mesa-Foto-de-las-Azores-2.jpg 259w, https:\/\/puntocritico.com\/ausajpuntocritico\/wp-content\/uploads\/2022\/04\/Aznar-y-Bush-pies-en-la-mesa-Foto-de-las-Azores-2-80x60.jpg 80w\" sizes=\"auto, (max-width: 300px) 100vw, 300px\" \/><\/div>\n<div>\u00a0<\/div>\n<div style=\"text-align: center;\"><span style=\"font-size: 18pt; color: #008000;\"><strong>*******<\/strong><\/span><\/div>\n<h2 style=\"text-align: center;\">EL CASO OLLERO Y \u00abEL \u00c1RBOL\u00bb DE LA JUNTA DE ANDALUC\u00cdA<\/h2>\n<div style=\"text-align: justify;\"><span style=\"font-size: 14pt;\">Por Pedro de Tena<\/span><\/div>\n<div style=\"text-align: justify;\"><span style=\"font-size: 14pt;\"><a href=\"https:\/\/www.libertaddigital.com\/opinion\/2023-03-05\/pedro-de-tena-una-trinidad-antinacional-ferrovial-el-c1-y-lo-trans-6992735\/\" target=\"_blank\" rel=\"noopener\">LD<\/a>, 5 MARZO 2023<\/span><\/div>\n<div>\n<figure id=\"attachment_2268351\" aria-describedby=\"caption-attachment-2268351\" style=\"width: 280px\" class=\"wp-caption aligncenter\"><a href=\"https:\/\/www.abc.es\/opinion\/abci-honorable-cacerolo-200608020300-1422710903985_noticia.html\" target=\"_blank\" rel=\"noopener\"><img loading=\"lazy\" decoding=\"async\" class=\"wp-image-2268351\" src=\"https:\/\/puntocritico.com\/ausajpuntocritico\/wp-content\/uploads\/2023\/03\/EL-HONORABLE-CACEROLO.jpg\" alt=\"\" width=\"280\" height=\"392\" data-id=\"2268351\" \/><\/a><figcaption id=\"caption-attachment-2268351\" class=\"wp-caption-text\"><span style=\"color: #008000;\"><a href=\"https:\/\/www.abc.es\/opinion\/abci-honorable-cacerolo-200608020300-1422710903985_noticia.html\" target=\"_blank\" rel=\"noopener\">El Honorable \u00abCacerolo\u00bb<\/a>. LLEVABA el malet\u00edn a cuestas cuando lo par\u00f3 la Polic\u00eda. Veintid\u00f3s millones de pesetas del a\u00f1o 92, procedentes de una comisi\u00f3n entregada en Madrid por una constructora a la que le hab\u00eda conseguido la contrata de una carretera auton\u00f3mica. Un trabajito f\u00e1cil: su hermano era director general de Carreteras en la Junta de Manuel Chaves. Coser y cantar. Lo dec\u00eda uno de los comisionistas en las escuchas interceptadas: yo con tres o cuatro milloncitos al mes me puedo retirar. Cuando trincaron con la pasta a Jorge Ollero se supo que ese dinero era, en efecto, la calderilla de un montaje. Informaciones privilegiadas, concursos a medida, pasteles repartidos. Una trama de corrupci\u00f3n en la rutilante Andaluc\u00eda socialista de la Expo.<\/span><\/figcaption><\/figure>\n<\/div>\n<div>\u00a0<\/div>\n<div>\u00a0<\/div>\n<div>\n<p style=\"text-align: justify;\"><span style=\"font-size: 14pt;\">Porque no me dir\u00e1n ustedes que lo ocurrido esta semana no es propio de un t\u00e1rtaro insufrible. Me recordaba hace pocos d\u00edas un amigo, polic\u00eda judicial, el papel\u00f3n de la familia Del Pino en el famoso caso de corrupci\u00f3n conocido como\u00a0<strong><a href=\"https:\/\/www.fundacionfranciscoumbral.es\/cms\/servicios_documentales\/hemeroteca\/ELMUNDO\/19921105.PDF\" target=\"_blank\" rel=\"noopener\" data-schema-attribute=\"\">Caso Ollero<\/a>\u00a0<\/strong>o<strong>\u00a0<a href=\"https:\/\/www.libertaddigital.com\/nacional\/informe-el-caso-ollero-al-detalle-1276205721\/\" target=\"_blank\" rel=\"noopener\" data-schema-attribute=\"\">Caso Cacerolo<\/a><\/strong>. Ver\u00e1n. Un piso, un pasillo, un despacho, el de\u00a0<strong>Pedro Llach<\/strong>, una especie de\u00a0<strong>Mediador<\/strong>\u00a0a la andaluza con larga mano en la Junta socialista, y una cola de constructores esperando a ser recibidos para mendigar unas obras en la autov\u00eda que une Antequera y M\u00e1laga (Puerto de la Mora). <strong>Uno de los que guardaban cola se llamaba \u00abEl \u00e1rbol\u00bb y as\u00ed aparec\u00eda en clave en el sumario judicial instruido<\/strong>.<\/span><\/p>\n<div id=\"sc_intxt_container\">\n<h3 style=\"text-align: justify;\"><span style=\"font-size: 14pt;\"><strong>\u00bfQui\u00e9n era ese \u00ab\u00c1rbol\u00bb? Pues Ferrovial<\/strong>. <\/span><\/h3>\n<p style=\"text-align: justify;\"><span style=\"font-size: 14pt;\">La familia del Pino aparec\u00eda con ese alias en las transcripciones de las llamadas interferidas por la Polic\u00eda que pude leer completas. Algunos grandes constructores espa\u00f1oles se arracimaban en aquel pasillo, y en otros telef\u00f3nicos, para suplicar contratos p\u00fablicos al PSOE de\u00a0<strong>Felipe Gonz\u00e1lez<\/strong>\u00a0y\u00a0<strong>Manuel Chaves<\/strong>, el vigente entonces. Pero, claro, ante la juez\u00a0<strong>Pilar Llorente<\/strong>,\u00a0<strong>Rafael del Pino<\/strong>\u00a0neg\u00f3 haber pagado los 100 millones (de pesetas entonces) que, seg\u00fan los participantes en las conversaci\u00f3ones grabadas, le exig\u00edan al \u00ab\u00e1rbol\u00bb.<\/span><\/p>\n<\/div>\n<\/div>\n<div style=\"text-align: justify;\"><span style=\"font-size: 14pt;\">La nueva ubicaci\u00f3n de la sede de Ferrovial no es otra cosa que la manera en que la \u00abfamilia\u00bb socialista bergante trata a \u00abuno de los nuestros\u00bb, al que seguramente contribuy\u00f3 a medrar frente a competidores m\u00e1s honestos a cambio de mordidas \u00fatiles para mantener el engranaje ar\u00e1cnido de poder en el interior del PSOE y de los gobiernos nacional y andaluz. <strong>Mario Puzo<\/strong>\u00a0describe c\u00f3mo se las gastaba\u00a0<em>El Padrino<\/em>\u00a0con los traidores. Pues eso mismo.<\/span><\/div>\n<div>\u00a0<\/div>\n<div>\u00a0<\/div>\n<div><img loading=\"lazy\" decoding=\"async\" class=\"aligncenter wp-image-2268352\" src=\"https:\/\/puntocritico.com\/ausajpuntocritico\/wp-content\/uploads\/2023\/03\/CHAVES.jpg\" alt=\"\" width=\"440\" height=\"247\" data-id=\"2268352\" srcset=\"https:\/\/puntocritico.com\/ausajpuntocritico\/wp-content\/uploads\/2023\/03\/CHAVES.jpg 568w, https:\/\/puntocritico.com\/ausajpuntocritico\/wp-content\/uploads\/2023\/03\/CHAVES-300x168.jpg 300w\" sizes=\"auto, (max-width: 440px) 100vw, 440px\" \/><\/div>\n<div>\u00a0<\/div>\n<div style=\"text-align: center;\"><strong><span style=\"color: #008000; font-size: 18pt;\">*******<\/span><\/strong><\/div>\n<div style=\"text-align: left;\"><span style=\"color: #008000; font-size: 14pt;\">FERROVIAL-AGROM\u00c1N<\/span><\/div>\n<div>\u00a0<\/div>\n<div>\n<h2 class=\"heading--1 -m--t-x2\" style=\"text-align: center;\"><span style=\"font-size: 24pt;\">DE 1927 HASTA HOY: ESTA ES LA HISTORIA DE AGROMAN (escrita por FERROVIAL)<\/span><\/h2>\n<\/div>\n<div class=\"subscription-claim-footer\" style=\"text-align: justify;\"><span style=\"font-size: 14pt;\">Jos\u00e9 Mar\u00eda Urbasos Tapia <\/span><\/div>\n<div class=\"subscription-claim-footer\" style=\"text-align: justify;\"><span style=\"font-size: 14pt;\"><a href=\"https:\/\/blog.ferrovial.com\/es\/2020\/06\/de-1927-hasta-hoy-esta-es-la-historia-de-agroman\/\" target=\"_blank\" rel=\"noopener\">FERROVIAL<\/a>,\u00a008 de junio de 2020<\/span><\/div>\n<p><img loading=\"lazy\" decoding=\"async\" class=\"aligncenter size-full wp-image-2268109\" src=\"https:\/\/puntocritico.com\/ausajpuntocritico\/wp-content\/uploads\/2023\/03\/ciudad-universitaria-1-e1591606190894.jpg\" alt=\"\" width=\"600\" height=\"441\" data-id=\"2268109\" srcset=\"https:\/\/puntocritico.com\/ausajpuntocritico\/wp-content\/uploads\/2023\/03\/ciudad-universitaria-1-e1591606190894.jpg 600w, https:\/\/puntocritico.com\/ausajpuntocritico\/wp-content\/uploads\/2023\/03\/ciudad-universitaria-1-e1591606190894-300x221.jpg 300w, https:\/\/puntocritico.com\/ausajpuntocritico\/wp-content\/uploads\/2023\/03\/ciudad-universitaria-1-e1591606190894-80x60.jpg 80w\" sizes=\"auto, (max-width: 600px) 100vw, 600px\" \/><\/p>\n<p style=\"text-align: justify;\">\u00a0<\/p>\n<p class=\"p1\" style=\"text-align: justify;\"><span class=\"s1\" style=\"font-size: 14pt;\">Agroman sumaba 68 a\u00f1os de historia cuando fue adquirida por Ferrovial para comenzar\u00a0<b>una nueva e ilusionante etapa<\/b>. Desde entonces, Ferrovial Agroman ha participado en la construcci\u00f3n de edificios, autopistas, ferrocarriles, puertos, aeropuertos y muchas otras infraestructuras en diferentes continentes.<\/span><\/p>\n<p class=\"p1\" style=\"text-align: justify;\"><span class=\"s1\" style=\"font-size: 14pt;\">Casi tres d\u00e9cadas despu\u00e9s de la compra, Ferrovial ha dado un paso m\u00e1s en su estrategia y ha cambiado el nombre de la divisi\u00f3n\u00a0<b>Ferrovial Agrom\u00e1n por Ferrovial Construcci\u00f3n<\/b>. Deja atr\u00e1s el nombre de la hist\u00f3rica marca con el objetivo de avanzar en su proyecci\u00f3n internacional, aunque sin olvidar la trayectoria com\u00fan que ha unido a ambas compa\u00f1\u00edas.<\/span><\/p>\n<h3 class=\"p2\" style=\"text-align: center;\"><span class=\"s1\" style=\"font-size: 18pt;\">El peso de Agroman<\/span><\/h3>\n<p class=\"p1\" style=\"text-align: justify;\"><span class=\"s1\" style=\"font-size: 14pt;\">Agroman naci\u00f3 en 1927 y no tard\u00f3 en convertirse en\u00a0<b>una de las principales constructoras<\/b>\u00a0del pa\u00eds. De sus primeros <img loading=\"lazy\" decoding=\"async\" class=\"size-full wp-image-2268108 alignleft\" src=\"https:\/\/puntocritico.com\/ausajpuntocritico\/wp-content\/uploads\/2023\/03\/01-espigon-morro-de-las-arenas-b-n-1.jpg\" alt=\"\" width=\"395\" height=\"277\" data-id=\"2268108\" srcset=\"https:\/\/puntocritico.com\/ausajpuntocritico\/wp-content\/uploads\/2023\/03\/01-espigon-morro-de-las-arenas-b-n-1.jpg 395w, https:\/\/puntocritico.com\/ausajpuntocritico\/wp-content\/uploads\/2023\/03\/01-espigon-morro-de-las-arenas-b-n-1-300x210.jpg 300w\" sizes=\"auto, (max-width: 395px) 100vw, 395px\" \/>a\u00f1os de recorrido datan obras como la Construcci\u00f3n del Morro del dique de Las Arenas en Getxo (Vizcaya) la construcci\u00f3n de la Ciudad Universitaria de Madrid, y m\u00e1s tarde la Torre de Madrid, las factor\u00edas de Renault en Valladolid y Palencia, y proyectos de carreteras, ferroviarios e hidr\u00e1ulicos.<\/span><\/p>\n<p class=\"p1\" style=\"text-align: justify;\"><span class=\"s1\" style=\"font-size: 14pt;\">En aquellos momentos, la empresa estaba muy bien gobernada por uno de sus cofundadores:\u00a0<b>Jos\u00e9 Mar\u00eda Aguirre Gonzalo<\/b>. Persona muy relevante en Espa\u00f1a tanto desde el punto de vista pol\u00edtico como econ\u00f3mico y que fue durante a\u00f1os presidente de Banesto. Imprimi\u00f3 un car\u00e1cter muy personal a la compa\u00f1\u00eda.<\/span><\/p>\n<p class=\"p1\" style=\"text-align: justify;\"><span class=\"s1\" style=\"font-size: 14pt;\">Cuando yo me incorpor\u00e9, Agroman ya empezaba a no ir tan bien como en a\u00f1os anteriores. Y, sin embargo esos a\u00f1os los recuerdo de<b>\u00a0una forma especial<\/b>: mi padre ya trabajaba en la empresa y para m\u00ed fue mi primer empleo. Comenc\u00e9 a trabajar en Santander, y posteriormente en la Divisi\u00f3n de Obras Ferroviarias en Madrid y en Andaluc\u00eda. La mayor parte de mi trayectoria posterior, en Agroman y en Ferrovial Agroman, ha estado ligada al Estudio de ofertas y a la Contrataci\u00f3n, actividad apasionante que lo es todav\u00eda m\u00e1s cuando se trabaja formando parte de un gran equipo de excelentes profesionales y de mejores personas.<\/span><\/p>\n<p>&nbsp;<\/p>\n<blockquote>\n<p class=\"p3\" style=\"text-align: center;\"><span style=\"font-size: 14pt;\"><strong><span class=\"s1\" style=\"color: #008000;\">A finales de los 80, la empresa se enfrentaba a una crisis. Sin la figura de Aguirre Gonzalo tan presente, faltaba alguien en el tim\u00f3n<\/span><\/strong><\/span><\/p>\n<\/blockquote>\n<p>&nbsp;<\/p>\n<p class=\"p1\" style=\"text-align: justify;\"><span class=\"s1\" style=\"font-size: 14pt;\">A finales de los 80, la empresa se enfrentaba a una crisis. Sin la figura de Aguirre Gonzalo tan presente,\u00a0<b>faltaba alguien en el tim\u00f3n<\/b>. La situaci\u00f3n mejor\u00f3, aunque solo de forma puntual en los a\u00f1os anteriores a 1992, a\u00f1o en el que se hicieron<img loading=\"lazy\" decoding=\"async\" class=\"size-full wp-image-2268110 alignright\" src=\"https:\/\/puntocritico.com\/ausajpuntocritico\/wp-content\/uploads\/2023\/03\/expo-sevilla-1-1-e1591607986457.jpg\" alt=\"\" width=\"295\" height=\"371\" data-id=\"2268110\" srcset=\"https:\/\/puntocritico.com\/ausajpuntocritico\/wp-content\/uploads\/2023\/03\/expo-sevilla-1-1-e1591607986457.jpg 295w, https:\/\/puntocritico.com\/ausajpuntocritico\/wp-content\/uploads\/2023\/03\/expo-sevilla-1-1-e1591607986457-239x300.jpg 239w\" sizes=\"auto, (max-width: 295px) 100vw, 295px\" \/> muchas inversiones importantes en toda Espa\u00f1a vinculadas a la Exposici\u00f3n Universal de Sevilla y a los Juegos Ol\u00edmpicos de Barcelona con un plan ambicioso de construcci\u00f3n de todo tipo de infraestructuras.<\/span><\/p>\n<p class=\"p1\" style=\"text-align: justify;\"><span style=\"font-size: 14pt;\"><span class=\"s1\">Fue en 1995 cuando Ferrovial dio el paso para comprar la compa\u00f1\u00eda. Ferrovial ya era por aquel entonces una empresa grande, emergente,\u00a0<b>que hab\u00eda tomado buenas decisiones<\/b>. Una de ellas, entrar en el mundo de las concesiones, un mercado que estaba naciendo y que Agroman no hab\u00eda querido explorar<\/span><span class=\"s2\">Una transici\u00f3n equilibrada<\/span><\/span><\/p>\n<p class=\"p1\" style=\"text-align: justify;\"><span class=\"s1\" style=\"font-size: 14pt;\">Tras la compra, las dos compa\u00f1\u00edas continuaron trabajando durante un tiempo como dos empresas diferentes. Personalmente tengo un buen recuerdo de esa \u00e9poca, ya que Ferrovial puso a trabajar en Agroman a unos gestores que resultaron ser\u00a0<b>personas flexibles, comprensivas y dialogantes<\/b>. No ven\u00edan a imponer de forma brusca el estilo de Ferrovial, sino a ver c\u00f3mo trabaj\u00e1bamos, a conocernos, y a hacer cambios de forma constructiva.<\/span><\/p>\n<p>&nbsp;<\/p>\n<blockquote>\n<p class=\"p3\" style=\"text-align: center;\"><strong><span class=\"s1\" style=\"color: #008000; font-size: 14pt;\">Se pas\u00f3 en 24 horas de la incertidumbre a la certidumbre, sin momentos intermedios de dudas. Y empezamos a trabajar como Ferrovial Agroman<\/span><\/strong><\/p>\n<\/blockquote>\n<p>&nbsp;<\/p>\n<p class=\"p1\" style=\"text-align: justify;\"><span class=\"s1\" style=\"font-size: 14pt;\">Esta colaboraci\u00f3n gener\u00f3 un buen clima y en 1999, cuando se hizo la fusi\u00f3n definitiva,\u00a0<b>todo sucedi\u00f3 de forma mod\u00e9lica<\/b>. De la noche a la ma\u00f1ana fuimos convocados a reuniones en las que encontramos que los organigramas ya estaban definidos. Se pas\u00f3 en 24 horas de la incertidumbre a la certidumbre, sin momentos intermedios de dudas. Y empezamos a trabajar como Ferrovial Agroman.<\/span><\/p>\n<p class=\"p1\" style=\"text-align: justify;\"><span class=\"s1\" style=\"font-size: 14pt;\">Hubo\u00a0<b>una integraci\u00f3n real de las personas<\/b>, y en ning\u00fan momento tuvimos la sensaci\u00f3n de recibir un trato diferente. Al hacerse la fusi\u00f3n de forma tan pac\u00edfica se aprovech\u00f3 todo: la experiencia, la tecnolog\u00eda y el conocimiento que ten\u00eda Agroman. Todo vali\u00f3 para complementar a Ferrovial. El gran crecimiento de la actividad de construcci\u00f3n de aquellos a\u00f1os, en plena expansi\u00f3n internacional y con un fuerte crecimiento en Espa\u00f1a (2000-2007),<span class=\"Apple-converted-space\">\u00a0\u00a0<\/span>encontr\u00f3 a Ferrovial Agroman preparada, con las personas m\u00e1s valiosas bien identificadas y colocadas donde mejor se pod\u00eda aprovechar su potencial.<\/span><\/p>\n<p>&nbsp;<\/p>\n<p><img loading=\"lazy\" decoding=\"async\" class=\"aligncenter size-full wp-image-2268113\" src=\"https:\/\/puntocritico.com\/ausajpuntocritico\/wp-content\/uploads\/2023\/03\/plaza-de-espancc83a-1-300x238-1.jpg\" alt=\"\" width=\"300\" height=\"238\" data-id=\"2268113\" \/><\/p>\n<p>&nbsp;<\/p>\n<h3 class=\"p2\" style=\"text-align: center;\"><span class=\"s1\" style=\"font-size: 18pt;\">Las primeras grandes obras de Ferrovial Agroman<\/span><\/h3>\n<p class=\"p1\" style=\"text-align: justify;\"><span class=\"s1\" style=\"font-size: 14pt;\">Una de las obras m\u00e1s caracter\u00edsticas de nuestra empresa la Ampliaci\u00f3n del puerto de Bilbao, se adjudic\u00f3 en los primeros <img loading=\"lazy\" decoding=\"async\" class=\"size-full wp-image-2268114 alignright\" src=\"https:\/\/puntocritico.com\/ausajpuntocritico\/wp-content\/uploads\/2023\/03\/hipodromo-1-300x223-1.jpg\" alt=\"\" width=\"300\" height=\"223\" data-id=\"2268114\" srcset=\"https:\/\/puntocritico.com\/ausajpuntocritico\/wp-content\/uploads\/2023\/03\/hipodromo-1-300x223-1.jpg 300w, https:\/\/puntocritico.com\/ausajpuntocritico\/wp-content\/uploads\/2023\/03\/hipodromo-1-300x223-1-80x60.jpg 80w\" sizes=\"auto, (max-width: 300px) 100vw, 300px\" \/>a\u00f1os de la d\u00e9cada de 1990 y continu\u00f3 hasta 1999. Se trataba de\u00a0<b>un proyecto gigantesco<\/b>, en su momento el contrato de construcci\u00f3n m\u00e1s grande adjudicado a una sola empresa en Espa\u00f1a. Durante su desarrollo, se produjo la integraci\u00f3n de las dos compa\u00f1\u00edas de una forma natural, primero como Agroman, luego con Ferrovial como propietaria de Agroman y finalmente como Ferrovial Agroman.<\/span><\/p>\n<p class=\"p1\" style=\"text-align: justify;\"><span class=\"s1\" style=\"font-size: 14pt;\">Entre las adjudicaciones de aquellos primeros a\u00f1os, es obligado recordar el primer tramo de la Autopista de la costa del Sol en M\u00e1laga. Fue un acontecimiento importante, y casi coincidente con la toma de control de Agroman. Las concesiones con Cintra siempre han sido obras importantes para Ferrovial Agroman en las que nuestras capacidades se explotan al m\u00e1ximo.<\/span><\/p>\n<p class=\"p1\" style=\"text-align: justify;\"><span class=\"s1\" style=\"font-size: 14pt;\">Conservo un recuerdo especial del estudio de la autopista H407 ETR en Canad\u00e1 en 1999, un poco antes de la fusi\u00f3n. Por aquel entonces, Ferrovial hab\u00eda identificado dos\u00a0<b>oportunidades de estudio de autopistas en concesi\u00f3n<\/b>, una en Sud\u00e1frica y otra en Canad\u00e1. El equipo de contrataci\u00f3n de Ferrovial se encarg\u00f3 de la primera y el de Agroman de la segunda. Ambas ofertas las lideraba Miguel Angel Eusa, Director de Contrataci\u00f3n de Ferrovial. Desde el primer momento la integraci\u00f3n y el respeto mutuo fueron totales.<\/span><\/p>\n<p class=\"p1\" style=\"text-align: justify;\"><span class=\"s1\" style=\"font-size: 14pt;\">Comenzaba el a\u00f1o 1999 y en Toronto el term\u00f3metro se manten\u00eda a a 23 grados bajo cero, y nos enter\u00e1bamos de lo que era una tormenta de hielo. Fruto de aquel trabajo y despu\u00e9s de varios meses, Cintra culmin\u00f3 la\u00a0<b>Contrataci\u00f3n de la H407<\/b>, que hoy es uno de los buques insignia de la compa\u00f1\u00eda. Aquella oportunidad nos hizo sentirnos valorados e integrados.<\/span><\/p>\n<p>&nbsp;<\/p>\n<blockquote>\n<p class=\"p3\" style=\"text-align: center;\"><strong><span class=\"s1\" style=\"color: #008000; font-size: 14pt;\">Las claves han sido tener claras las ideas, saber por d\u00f3nde vamos, contar con disciplina en la organizaci\u00f3n y no dejar de lado la innovaci\u00f3n<\/span><\/strong><\/p>\n<\/blockquote>\n<p>&nbsp;<\/p>\n<p class=\"p1\" style=\"text-align: justify;\"><span class=\"s1\" style=\"font-size: 14pt;\">A partir de ah\u00ed, se sucedieron obras y proyectos. Ferrovial Agroman ha sabido adaptarse muy bien a las circunstancias, tomando buenas decisiones y\u00a0<b>anticip\u00e1ndose a las necesidades del mercado<\/b>. La expansi\u00f3n internacional se ha producido de una manera razonablemente suave y progresiva, con relativamente pocos sobresaltos.<\/span><\/p>\n<p class=\"p1\" style=\"text-align: justify;\"><span class=\"s1\" style=\"font-size: 14pt;\">Las claves han sido tener claras las ideas, saber por d\u00f3nde vamos, contar con disciplina en la organizaci\u00f3n y\u00a0<b>no dejar de lado la innovaci\u00f3n<\/b>. La compa\u00f1\u00eda tiene la mirada atenta para no perder ning\u00fan tren.<\/span><\/p>\n<p>&nbsp;<\/p>\n<p><img loading=\"lazy\" decoding=\"async\" class=\"aligncenter wp-image-2268112\" src=\"https:\/\/puntocritico.com\/ausajpuntocritico\/wp-content\/uploads\/2023\/03\/sede-sgae-1-717x1024-1.jpg\" alt=\"\" width=\"440\" height=\"628\" data-id=\"2268112\" srcset=\"https:\/\/puntocritico.com\/ausajpuntocritico\/wp-content\/uploads\/2023\/03\/sede-sgae-1-717x1024-1.jpg 717w, https:\/\/puntocritico.com\/ausajpuntocritico\/wp-content\/uploads\/2023\/03\/sede-sgae-1-717x1024-1-210x300.jpg 210w, https:\/\/puntocritico.com\/ausajpuntocritico\/wp-content\/uploads\/2023\/03\/sede-sgae-1-717x1024-1-610x871.jpg 610w\" sizes=\"auto, (max-width: 440px) 100vw, 440px\" \/><\/p>\n<p>&nbsp;<\/p>\n<h3 class=\"p2\" style=\"text-align: center;\"><span class=\"s1\" style=\"font-size: 18pt;\">Una misma mesa<\/span><\/h3>\n<p class=\"p1\" style=\"text-align: justify;\"><span class=\"s1\" style=\"font-size: 14pt;\">Los a\u00f1os en los que Ferrovial y Agroman eran empresas diferenciadas quedan ya muy atr\u00e1s.<span class=\"Apple-converted-space\">\u00a0\u00a0<\/span>Durante los primeros meses de uni\u00f3n de las compa\u00f1\u00edas, a la hora del almuerzo era habitual ver mesas en las que se sentaban los de Ferrovial y otras en las que lo hac\u00edamos los de Agroman. Era normal juntarse con los\u00a0<b>compa\u00f1eros de toda la vida<\/b>.<\/span><\/p>\n<p class=\"p1\" style=\"text-align: justify;\"><span class=\"s1\" style=\"font-size: 14pt;\">Hoy todo eso ha desaparecido. Han pasado tantos a\u00f1os,, que ahora para una gran mayor\u00eda, el recuerdo y la imagen de la empresa est\u00e1 \u00fanicamente asociado a Ferrovial Agroman.\u00a0<b>Una \u00fanica compa\u00f1\u00eda<\/b>.<\/span><\/p>\n<div class=\"row -m--b-x5 -m--b-x7-md\">\n<div class=\"col-lg-8 col-lg-offset-1 col-md-9\">\n<div class=\"wysiwyg--items-center  wysiwyg--post\">\n<p class=\"p1\" style=\"text-align: justify;\"><span class=\"s1\" style=\"font-size: 14pt;\">Lo que no ha cambiado, porque era as\u00ed en Agroman y lo sigue siendo en Ferrovial, es el compromiso de las personas. Trabajadores responsables y comprometidos con el futuro de la organizaci\u00f3n que\u00a0<b>seguiremos con el mismo entusiasmo<\/b>, ahora bajo otro nombre: Ferrovial Construcci\u00f3n.<\/span><\/p>\n<\/div>\n<\/div>\n<\/div>\n<div class=\"-flex -flex-align-center\">\u00a0<\/div>\n<div><img loading=\"lazy\" decoding=\"async\" class=\"aligncenter wp-image-2268111\" src=\"https:\/\/puntocritico.com\/ausajpuntocritico\/wp-content\/uploads\/2023\/03\/casa-de-las-conchas-2-1-e1591609822114.jpg\" alt=\"\" width=\"360\" height=\"441\" data-id=\"2268111\" srcset=\"https:\/\/puntocritico.com\/ausajpuntocritico\/wp-content\/uploads\/2023\/03\/casa-de-las-conchas-2-1-e1591609822114.jpg 293w, https:\/\/puntocritico.com\/ausajpuntocritico\/wp-content\/uploads\/2023\/03\/casa-de-las-conchas-2-1-e1591609822114-245x300.jpg 245w\" sizes=\"auto, (max-width: 360px) 100vw, 360px\" \/><\/div>\n<p style=\"text-align: center;\"><span style=\"font-size: 18pt;\"><strong><span style=\"color: #008000;\">*******<\/span><\/strong><\/span><\/p>\n<h2 class=\"has-text-align-left\" style=\"text-align: center;\"><span style=\"font-size: 24pt;\">EL CAPITALISMO DE AMIGUETES<\/span><\/h2>\n<p style=\"text-align: justify;\"><a href=\"https:\/\/www.vozpopuli.com\/opinion\/ahuyentar-empresa-privada-otro-logro-sanchista.html\" target=\"_blank\" rel=\"noopener\"><span style=\"font-size: 14pt;\">Por Carlos Mart\u00ednez Gorriar\u00e1n<\/span><\/a><\/p>\n<p>&nbsp;<\/p>\n<p><img loading=\"lazy\" decoding=\"async\" class=\"aligncenter wp-image-24495\" src=\"https:\/\/puntocritico.com\/ausajpuntocritico\/wp-content\/uploads\/2019\/11\/capitalismo.jpg\" alt=\"\" width=\"440\" height=\"310\" data-id=\"24495\" srcset=\"https:\/\/puntocritico.com\/ausajpuntocritico\/wp-content\/uploads\/2019\/11\/capitalismo.jpg 600w, https:\/\/puntocritico.com\/ausajpuntocritico\/wp-content\/uploads\/2019\/11\/capitalismo-300x212.jpg 300w\" sizes=\"auto, (max-width: 440px) 100vw, 440px\" \/><\/p>\n<p>&nbsp;<\/p>\n<p style=\"text-align: justify;\"><span style=\"font-size: 14pt;\">Espa\u00f1a tiene un modelo de capitalismo peculiar, que yo mismo bautic\u00e9 hace a\u00f1os como\u00a0<em>capitalismo de amiguetes<\/em>\u00a0(<em>v\u00e9ase\u00a0<\/em><a href=\"https:\/\/www.amazon.es\/democracia-robada-%C3%89xito-fracaso-UPyD\/dp\/8496875725\/ref=sr_1_1?adgrpid=63566401415&amp;gclid=Cj0KCQiAgaGgBhC8ARIsAAAyLfHNFpwFhh4JF1xm5dP0NkBVYoG8N1B05PhcGPyQ_aGZ31MXAuFH4MIaAk3QEALw_wcB&amp;hvadid=318724335517&amp;hvdev=c&amp;hvlocphy=1005530&amp;hvnetw=g&amp;hvqmt=e&amp;hvrand=8282043955902144977&amp;hvtargid=kwd-675508964356&amp;hydadcr=1974_1823521&amp;keywords=la+democracia+robada&amp;qid=1678305279&amp;sr=8-1\" target=\"_blank\" rel=\"noopener\" data-schema-attribute=\"\">La democracia robada<\/a>). Puede resumirse como el apoyo mutuo o simbiosis de facto entre poder pol\u00edtico y empresarial, donde el primero protege a las empresas amigas no solo con contratos p\u00fablicos y buen trato fiscal, sino tambi\u00e9n de la competencia limitando el n\u00famero y tama\u00f1o de rivales directos (<em>causa de la exagerada proporci\u00f3n de pymes de la econom\u00eda espa\u00f1ola, y en consecuencia del elevado paro y los bajos salarios<\/em>). A cambio, los privilegiados prestan apoyo al poder pol\u00edtico mediante puertas giratorias en sus consejos de administraci\u00f3n, apoyo p\u00fablico contra las cr\u00edticas -esas fotos del\u00a0<strong>Ibex\u00a0<\/strong>con S\u00e1nchez al inicio de su desastroso mandato- y sosteniendo con p\u00e9rdidas estrat\u00e9gicos negocios medi\u00e1ticos ruinosos, como Prisa o los<strong>\u00a0chanchullos de Roures.<\/strong><\/span><\/p>\n<p style=\"text-align: justify;\"><span style=\"font-size: 14pt;\">Hay otros favores mutuos -localizaci\u00f3n de sedes y plantas, preferencias territoriales, sectores apoyados por el d\u00e9ficit p\u00fablico, etc.-, pero todos mantienen en pie un tinglado olig\u00e1rquico perjudicial para la sociedad en su conjunto, pues impide tanto una verdadera econom\u00eda avanzada, innovadora y competitiva, como una democracia de calidad con baja corrupci\u00f3n y buenas instituciones, un mundo donde el\u00a0<strong>Tito Berni\u00a0<\/strong>se limitar\u00eda a la petanca o el mus en el bar de su pueblo. Econom\u00eda y buen gobierno son, por cierto, dos valores en los que han destacado los Pa\u00edses Bajos desde -\u00a1vaya por Dios!- su independencia de Espa\u00f1a. En Europa, democracia seria y econom\u00eda competente suelen ir de la mano, como demuestra el hecho de que los europeos n\u00f3rdicos (<em>y otros como Suiza, Singapur y Nueva Zelanda<\/em>) lideren desde hace tiempo el par complementario\u00a0<em>libertad econ\u00f3mica \/ libertad pol\u00edtica<\/em>, mientras que los del sur, e incluso Francia, tienen m\u00e1s dificultades en conseguirlo (y\u00a0<a href=\"https:\/\/www.eleconomista.es\/economia\/noticias\/12086220\/12\/22\/Espana-cae-al-puesto-de-47-en-el-ranking-de-libertad-economica.html\" target=\"_blank\" rel=\"noopener\" data-schema-attribute=\"\">Espa\u00f1a no deja de bajar<\/a>). Pero no hay ninguna raz\u00f3n metaf\u00edsica ni maldici\u00f3n hist\u00f3rica que impida a Espa\u00f1a tener una democracia avanzada (<em>sobre el papel ya lo somos<\/em>) y una econom\u00eda similar: el problema es el\u00a0<em>capitalismo de amiguetes<\/em>\u00a0con sus negativas consecuencias pol\u00edtico-econ\u00f3micas.<\/span><\/p>\n<p>&nbsp;<\/p>\n<blockquote>\n<p style=\"text-align: center;\"><strong><span style=\"color: #008000; font-size: 14pt;\">Si las grandes empresas de origen espa\u00f1ol se hartan y cambian de pa\u00eds perder\u00edan apoyo pol\u00edtico local, pero sus decisiones econ\u00f3micas podr\u00edan dejar de obedecer a caciques<\/span><\/strong><\/p>\n<\/blockquote>\n<p style=\"text-align: justify;\"><span style=\"font-size: 14pt;\">Para S\u00e1nchez y su troupe es tan vital mantenerlo que tambi\u00e9n se han pasado de frenada al modo t\u00edpicamente inepto de todas sus maniobras. Los gimoteos de\u00a0<strong>Nadia Calvi\u00f1o<\/strong>\u00a0afirmando simult\u00e1neamente que el Gobierno mantiene excelentes relaciones con el Ibex y a la vez amenazando con recortar su libertad empresarial es solo otra pat\u00e9tica muestra del exceso perpetrado, como el repentino e hilarante descubrimiento del \u201c<em>patriotismo empresarial<\/em>\u201d por Pedro S\u00e1nchez.<\/span><\/p>\n<p style=\"text-align: justify;\"><span style=\"font-size: 14pt;\">Pero la agresividad antiempresarial de esta insoportable paleoizquierda demag\u00f3gica podr\u00eda tener una profunda consecuencia imprevista: el fin del capitalismo de amiguetes ca\u00f1\u00ed, el asesinato por codicia de esa gallina de los huevos de oro herencia del franquismo. Si las grandes empresas de origen espa\u00f1ol se hartan y cambian de pa\u00eds perder\u00edan apoyo pol\u00edtico local, pero sus decisiones econ\u00f3micas podr\u00edan dejar de obedecer a caciques y pactos pol\u00edticos para centrarse en la cuenta de resultados.\u00a0<strong>Los ministros cesantes\u00a0<\/strong>perder\u00edan la poltrona reservada a sus augustas posaderas en alguna gran empresa, los papeles de empresario y pol\u00edtico dejar\u00edan de confundirse con los de conseguidor y corrupto, y la econom\u00eda depender\u00eda a\u00fan m\u00e1s de las din\u00e1micas y reglas europeas, ben\u00e9fica convergencia aunque Europa no sea perfecta (nada lo es). Hasta podr\u00edan brotar y crecer por fin capacidades empresariales ahora reprimidas y atacadas por el populismo anticapitalista y su nacionalismo econ\u00f3mico. Y con una econom\u00eda m\u00e1s parecida a la holandesa o sueca que a la argentina o griega, tambi\u00e9n el motor pol\u00edtico de la calidad democr\u00e1tica podr\u00eda arrancar de nuevo. Buen viaje, Ferrovial.<\/span><\/p>\n<p>&nbsp;<\/p>\n<p><img loading=\"lazy\" decoding=\"async\" class=\"aligncenter size-full wp-image-3376\" src=\"https:\/\/puntocritico.com\/ausajpuntocritico\/wp-content\/uploads\/2017\/06\/Las-oligarqu\u00edas-capitalistas-transcontinentales-reinan-sobre-el-universo.jpg\" alt=\"\" width=\"260\" height=\"247\" data-id=\"3376\" \/><\/p>\n<p>&nbsp;<\/p>\n<p style=\"text-align: center;\"><span style=\"font-size: 18pt;\"><strong><span style=\"color: #008000;\">*******<\/span><\/strong><\/span><\/p>\n<h2 class=\"style-scope ytd-watch-metadata\" style=\"text-align: center;\"><span style=\"font-size: 24pt;\">\u00abLOS INGENIEROS DE FRANCO\u00bb (Video)<\/span><\/h2>\n<p class=\"style-scope ytd-watch-metadata\" style=\"text-align: center;\"><span style=\"font-size: 18pt;\"><strong>Presentaci\u00f3n del libro de Lino Camprub\u00ed <\/strong><\/span><\/p>\n<div id=\"container\" class=\"style-scope ytd-channel-name\">\n<div id=\"text-container\" class=\"style-scope ytd-channel-name\" style=\"text-align: justify;\"><a href=\"https:\/\/www.youtube.com\/watch?v=32Qv65TQdxI&amp;t=15s\" target=\"_blank\" rel=\"noopener\"><span style=\"font-size: 14pt;\">fgbuenotv<\/span><\/a><\/div>\n<\/div>\n<p>&nbsp;<\/p>\n<p><iframe loading=\"lazy\" title=\"Presentaci\u00f3n del libro de Lino Camprub\u00ed &quot;Los ingenieros de Franco&quot; - EFO 144\" width=\"500\" height=\"281\" src=\"https:\/\/www.youtube.com\/embed\/32Qv65TQdxI?start=15&#038;feature=oembed\" frameborder=\"0\" allow=\"accelerometer; autoplay; clipboard-write; encrypted-media; gyroscope; picture-in-picture; web-share\" referrerpolicy=\"strict-origin-when-cross-origin\" allowfullscreen><\/iframe><\/p>\n<p>&nbsp;<\/p>\n<blockquote>\n<p style=\"text-align: center;\"><span style=\"font-size: 14pt;\"><strong>Los ingenieros de Franco<\/strong><\/span><\/p>\n<p style=\"text-align: center;\"><span style=\"font-size: 14pt;\">Lino Camprub\u00ed presenta su libro con Pablo Huerga e Iv\u00e1n V\u00e9lez <\/span><\/p>\n<p style=\"text-align: center;\"><span style=\"font-size: 14pt;\">Escuela de Filosof\u00eda de Oviedo , 15 mayo 2017<\/span><\/p>\n<\/blockquote>\n<p style=\"text-align: center;\">\u00a0<\/p>\n<p><a href=\"https:\/\/prezi.com\/odbcphlxehxd\/ferrovial-agroman\/\" target=\"_blank\" rel=\"noopener\"><img loading=\"lazy\" decoding=\"async\" class=\"aligncenter size-full wp-image-2268129\" src=\"https:\/\/puntocritico.com\/ausajpuntocritico\/wp-content\/uploads\/2023\/03\/FERROVIAL-AGROMAN-1.png\" alt=\"\" width=\"700\" height=\"394\" data-id=\"2268129\" srcset=\"https:\/\/puntocritico.com\/ausajpuntocritico\/wp-content\/uploads\/2023\/03\/FERROVIAL-AGROMAN-1.png 700w, https:\/\/puntocritico.com\/ausajpuntocritico\/wp-content\/uploads\/2023\/03\/FERROVIAL-AGROMAN-1-300x169.png 300w, https:\/\/puntocritico.com\/ausajpuntocritico\/wp-content\/uploads\/2023\/03\/FERROVIAL-AGROMAN-1-610x343.png 610w, https:\/\/puntocritico.com\/ausajpuntocritico\/wp-content\/uploads\/2023\/03\/FERROVIAL-AGROMAN-1-678x381.png 678w\" sizes=\"auto, (max-width: 700px) 100vw, 700px\" \/><\/a><\/p>\n<div>\u00a0<\/div>\n<div>\n<div>\n<div class=\"post-header\">\n<div class=\"post-header-line-1\">\n<div><a href=\"https:\/\/puntocritico.com\/ausajpuntocritico\/author\/punto-critico\/\"><img loading=\"lazy\" decoding=\"async\" class=\"aligncenter wp-image-48\" src=\"https:\/\/puntocritico.com\/ausajpuntocritico\/wp-content\/uploads\/2016\/11\/Mosca_Punto_Cr\u00edtico_40.png\" alt=\"\" width=\"80\" height=\"80\" data-id=\"48\" \/><\/a><\/div>\n<\/div>\n<\/div>\n<\/div>\n<\/div>\n<p>&nbsp;<\/p>\n","protected":false},"excerpt":{"rendered":"<div class=\"mh-excerpt\"><p>FERROVIAL-AGROM\u00c1N \u00a0 \u201cDetr\u00e1s de toda gran fortuna hay un crimen escondido\u201d Balzac \u00abEn el mundo existe la esclavitud del rico, pues el rico est\u00e1 al servicio de la tiran\u00eda de su riqueza, que siempre es <a class=\"mh-excerpt-more\" href=\"https:\/\/puntocritico.com\/ausajpuntocritico\/2023\/03\/06\/ferrovial-agroman\/\" title=\"\u00bfQU\u00c9 SE LLEVA A FLANDES FERROVIAL (FERROVIAL-AGROM\u00c1N)?: \u00abDe 1927 hasta hoy: esta es la historia de Agroman\u00bb\">[&#8230;]<\/a><\/p>\n<\/div>","protected":false},"author":3,"featured_media":2268136,"comment_status":"open","ping_status":"closed","sticky":false,"template":"","format":"standard","meta":{"_acf_changed":false,"_exactmetrics_skip_tracking":false,"_exactmetrics_sitenote_active":false,"_exactmetrics_sitenote_note":"","_exactmetrics_sitenote_category":0,"footnotes":""},"categories":[7,12],"tags":[40],"class_list":{"0":"post-2268088","1":"post","2":"type-post","3":"status-publish","4":"format-standard","5":"has-post-thumbnail","7":"category-politica","8":"category-corrupcion","9":"tag-regimen-del-78"},"acf":[],"_links":{"self":[{"href":"https:\/\/puntocritico.com\/ausajpuntocritico\/wp-json\/wp\/v2\/posts\/2268088","targetHints":{"allow":["GET"]}}],"collection":[{"href":"https:\/\/puntocritico.com\/ausajpuntocritico\/wp-json\/wp\/v2\/posts"}],"about":[{"href":"https:\/\/puntocritico.com\/ausajpuntocritico\/wp-json\/wp\/v2\/types\/post"}],"author":[{"embeddable":true,"href":"https:\/\/puntocritico.com\/ausajpuntocritico\/wp-json\/wp\/v2\/users\/3"}],"replies":[{"embeddable":true,"href":"https:\/\/puntocritico.com\/ausajpuntocritico\/wp-json\/wp\/v2\/comments?post=2268088"}],"version-history":[{"count":0,"href":"https:\/\/puntocritico.com\/ausajpuntocritico\/wp-json\/wp\/v2\/posts\/2268088\/revisions"}],"wp:featuredmedia":[{"embeddable":true,"href":"https:\/\/puntocritico.com\/ausajpuntocritico\/wp-json\/wp\/v2\/media\/2268136"}],"wp:attachment":[{"href":"https:\/\/puntocritico.com\/ausajpuntocritico\/wp-json\/wp\/v2\/media?parent=2268088"}],"wp:term":[{"taxonomy":"category","embeddable":true,"href":"https:\/\/puntocritico.com\/ausajpuntocritico\/wp-json\/wp\/v2\/categories?post=2268088"},{"taxonomy":"post_tag","embeddable":true,"href":"https:\/\/puntocritico.com\/ausajpuntocritico\/wp-json\/wp\/v2\/tags?post=2268088"}],"curies":[{"name":"wp","href":"https:\/\/api.w.org\/{rel}","templated":true}]}}