{"id":2267272,"date":"2023-02-25T00:05:26","date_gmt":"2023-02-24T23:05:26","guid":{"rendered":"https:\/\/puntocritico.com\/ausajpuntocritico\/?p=2267272"},"modified":"2024-12-03T20:13:20","modified_gmt":"2024-12-03T19:13:20","slug":"what-is-a-woman-documental","status":"publish","type":"post","link":"https:\/\/puntocritico.com\/ausajpuntocritico\/2023\/02\/25\/what-is-a-woman-documental\/","title":{"rendered":"\u00bfQU\u00c9 ES UNA MUJER? (What is a woman?), Documental de Matt Walsh"},"content":{"rendered":"<p style=\"text-align: justify;\"><span style=\"color: #008000; font-size: 14pt;\">What is a woman ?<\/span><\/p>\n\n<p>&nbsp;<\/p>\n<h2 class=\"tno-general-single__article__header__title\" style=\"text-align: center;\"><span style=\"font-size: 24pt;\">\u00bfQu\u00e9 es una mujer?: el documental que alerta contra los peligros de la &#8216;ley trans&#8217; de Montero<\/span><\/h2>\n<p class=\"tno-general-single__article__header__excerpt\" style=\"text-align: center;\"><em><strong><span style=\"font-size: 14pt;\">El analista pol\u00edtico Matt Walsh expone las incongruencias de las teor\u00edas de g\u00e9nero con una sola pregunta, y advierte de las secuelas de la hormonaci\u00f3n en menores<\/span><\/strong><\/em><\/p>\n<p style=\"text-align: justify;\"><span style=\"font-size: 14pt;\">Por Marcos Ondarra<\/span><\/p>\n<p style=\"text-align: justify;\"><span style=\"font-size: 14pt;\"><a href=\"https:\/\/theobjective.com\/cultura\/2022-10-01\/ley-trans-montero\/\">The Objetive<\/a>, 1 OCTUBRE 2022<\/span><\/p>\n<p style=\"text-align: justify;\"><img loading=\"lazy\" decoding=\"async\" class=\"aligncenter wp-image-2267317 size-mh-magazine-content\" src=\"https:\/\/puntocritico.com\/ausajpuntocritico\/wp-content\/uploads\/2023\/02\/2022.06.10-02.29-boundingintocomics-62a35562aad21-678x381.jpg\" alt=\"What is a woman\" width=\"678\" height=\"381\" data-id=\"2267317\" \/><\/p>\n<p style=\"text-align: justify;\">\u00a0<\/p>\n<p style=\"text-align: justify;\"><span style=\"font-size: 14pt;\">Una simple pregunta,<strong>\u00a0\u00bfqu\u00e9 es una mujer?<\/strong>, basta para dejar en fuera de juego a los te\u00f3ricos de g\u00e9nero. E incluso para desquiciarlos. As\u00ed lo muestra<strong>\u00a0Matt Walsh<\/strong>\u00a0en el documental\u00a0<strong><em>\u00bfWhat is a Woman?<\/em>\u00a0(The Daily Wire, 2022)<\/strong>, que est\u00e1 arrasando en Estados Unidos, y que evidencia la escasa solvencia de la teor\u00eda\u00a0<em>queer<\/em>, que preconiza que para ser mujer basta con \u00abidentificarse\u00bb como tal. \u00abYa, \u00bfpero qu\u00e9 es una mujer?\u00bb, repregunta hasta la saciedad nuestro protagonista, hastiado del argumento circular de sus interlocutores. No hay respuesta.<\/span><\/p>\n<p style=\"text-align: justify;\"><span style=\"font-size: 14pt;\">Nada mejor que el m\u00e9todo socr\u00e1tico para exponer una farsa. Una farsa, sin embargo, que cada vez cuenta con m\u00e1s adeptos, y que ha pasado de las universidades norteamericanas al Congreso de los Diputados de Espa\u00f1a, en forma de una\u00a0<em>ley trans<\/em>\u00a0que recoge la \u00abautodeterminaci\u00f3n de g\u00e9nero\u00bb, y que est\u00e1 siendo tramitada por la v\u00eda de la urgencia. Esto es, sin que haya existido un debate previo sobre las consecuencias que esta puede tener sobre la infancia ni sobre la legislaci\u00f3n previa.<\/span><\/p>\n<p style=\"text-align: justify;\"><span style=\"font-size: 14pt;\">El por qu\u00e9 de esta \u00abmordaza\u00bb \u2013as\u00ed lo denuncian las feministas\u2013 se intuye en el reportaje. Walsh patea la Academia en busca de respuestas. \u00bfSon los \u00abroles de g\u00e9nero\u00bb una \u00abconstrucci\u00f3n social\u00bb? \u00bfPuede una mujer estar\u00a0<em>atrapada<\/em>\u00a0en el cuerpo de hombre? \u00bfQu\u00e9 significa ser mujer? Una pregunta, esta \u00faltima, que las generaciones previas nunca se plantearon. El primer experto en ofrecer una definici\u00f3n, el psic\u00f3logo\u00a0<strong>Patrick Grzanka<\/strong>, asegura que \u00abuna mujer es aquella persona que se identifica como mujer\u00bb. Ah\u00ed el espectador intuye que la empresa de Walsh no ser\u00e1 f\u00e1cil.<\/span><\/p>\n<p style=\"text-align: justify;\"><span style=\"font-size: 14pt;\">Y no lo es. Circunloquios, desplantes e incluso insultos -\u00abtr\u00e1nsfobo\u00bb o \u00abcapullo\u00bb- son lo que recibe el comentarista pol\u00edtico norteamericano en su periplo. Pero ninguna respuesta. El dislate alcanza su apogeo cuando Walsh se cruza con un activista LGTB por las calles de San Francisco (California). \u00ab\u00bfPor qu\u00e9 preguntas a un gay lo que significa ser una mujer? Deber\u00edas preguntar a una mujer, especialmente a una mujer trans\u00bb. Lo que sigue es una transcripci\u00f3n literal de la conversaci\u00f3n.<\/span><\/p>\n<p>&nbsp;<\/p>\n<figure id=\"attachment_2267318\" aria-describedby=\"caption-attachment-2267318\" style=\"width: 756px\" class=\"wp-caption aligncenter\"><img loading=\"lazy\" decoding=\"async\" class=\"size-full wp-image-2267318\" src=\"https:\/\/puntocritico.com\/ausajpuntocritico\/wp-content\/uploads\/2023\/02\/What-is-a-Woman-1.jpg\" alt=\"\" width=\"756\" height=\"402\" data-id=\"2267318\" srcset=\"https:\/\/puntocritico.com\/ausajpuntocritico\/wp-content\/uploads\/2023\/02\/What-is-a-Woman-1.jpg 756w, https:\/\/puntocritico.com\/ausajpuntocritico\/wp-content\/uploads\/2023\/02\/What-is-a-Woman-1-300x160.jpg 300w, https:\/\/puntocritico.com\/ausajpuntocritico\/wp-content\/uploads\/2023\/02\/What-is-a-Woman-1-610x324.jpg 610w\" sizes=\"auto, (max-width: 756px) 100vw, 756px\" \/><figcaption id=\"caption-attachment-2267318\" class=\"wp-caption-text\"><span style=\"color: #008000;\">Matt Walsh conversa con un activista LGTB en San Francisco (California) sobre qu\u00e9 significa ser mujer.<\/span><\/figcaption><\/figure>\n<p style=\"text-align: justify;\">\u00a0<\/p>\n<p style=\"text-align: justify;\"><span style=\"font-size: 14pt;\">-Estoy preguntando a todo tipo de gente\u2026 \u00bfAcaso no puede tener todo el mundo una opini\u00f3n sobre qu\u00e9 es ser mujer?<\/span><\/p>\n<p style=\"text-align: justify;\"><span style=\"font-size: 14pt;\">-No. S\u00f3lo una mujer. Un gay no sabe nada acerca de qu\u00e9 es una mujer.<\/span><\/p>\n<p style=\"text-align: justify;\"><span style=\"font-size: 14pt;\">-O sea, que solo una mujer puede opinar sobre qu\u00e9 es una mujer.<\/span><\/p>\n<p style=\"text-align: justify;\"><span style=\"font-size: 14pt;\">-\u00bfPor qu\u00e9 iba a poder decir un hombre qu\u00e9 es una mujer? S\u00f3lo las mujeres saben qu\u00e9 es ser mujer.<\/span><\/p>\n<p style=\"text-align: justify;\"><span style=\"font-size: 14pt;\">-\u00bfEres un gato?<\/span><\/p>\n<p style=\"text-align: justify;\"><span style=\"font-size: 14pt;\">-No.<\/span><\/p>\n<p style=\"text-align: justify;\"><span style=\"font-size: 14pt;\">-\u00bfPuedes decirme qu\u00e9 es un gato?<\/span><\/p>\n<p style=\"text-align: justify;\"><span style=\"font-size: 14pt;\">-(silencio inc\u00f3modo) Esto es un error. Me arrepiento de haber hablado contigo.<\/span><\/p>\n<p style=\"text-align: justify;\"><span style=\"font-size: 14pt;\">La desesperaci\u00f3n lleva al protagonista hasta Nairobi (Kenia), donde se halla la tribu Kukuyu. Quiz\u00e1 la respuesta est\u00e9 lejos de Occidente. Y aunque ah\u00ed tampoco la encuentra, recibe un trato m\u00e1s c\u00e1lido: los insultos dan paso a las risas.<\/span><\/p>\n<p style=\"text-align: justify;\"><span style=\"font-size: 14pt;\">-\u00bfExisten las mujeres con pene?<\/span><\/p>\n<p style=\"text-align: justify;\"><span style=\"font-size: 14pt;\">-(El jefe de la tribu se r\u00ede) Nunca hab\u00eda o\u00eddo algo as\u00ed.<\/span><\/p>\n<p style=\"text-align: justify;\">\u00a0<\/p>\n<figure id=\"attachment_2267319\" aria-describedby=\"caption-attachment-2267319\" style=\"width: 678px\" class=\"wp-caption aligncenter\"><img loading=\"lazy\" decoding=\"async\" class=\"wp-image-2267319 size-mh-magazine-content\" src=\"https:\/\/puntocritico.com\/ausajpuntocritico\/wp-content\/uploads\/2023\/02\/What-is-a-Woman-2-678x381.jpg\" alt=\"\" width=\"678\" height=\"381\" data-id=\"2267319\" \/><figcaption id=\"caption-attachment-2267319\" class=\"wp-caption-text\"><span style=\"color: #008000;\">Matt Walsh conversa con la tribu Kukuyu, original de Kenia, en el documental \u2018What is a woman?\u2019.<\/span><\/figcaption><\/figure>\n<p>&nbsp;<\/p>\n<p style=\"text-align: justify;\"><span style=\"font-size: 14pt;\">\u00abUn hombre tiene sus tareas y una mujer tiene sus tareas. Una mujer no puede hacerse cargo de las tareas de un hombre, y viceversa\u00bb, expone el jefe de una tribu en la que la condici\u00f3n biol\u00f3gica (el sexo) s\u00ed tiene un peso fundamental.\u00a0<strong>Una mujer, para aquel sabio anciano keniata, \u00abtiene pechos, vagina y da luz a hijos\u00bb<\/strong>.<\/span><\/p>\n<div class=\"tno-related-block\">\n<div class=\"tno-related-block__wrapper\">\n<h3 style=\"text-align: justify;\">Los or\u00edgenes<\/h3>\n<p style=\"text-align: justify;\"><span style=\"font-size: 14pt;\">Esa experiencia en la tribu lleva a Walsh a concluir que \u00abfuera de la civilizaci\u00f3n occidental, la gente no piensa mucho en el g\u00e9nero, y, sin embargo, tienen clara su identidad sexual\u00bb. \u00bfDe d\u00f3nde surge entonces ese artificio? Se suele citar a\u00a0<strong>Simone de Beauvoir<\/strong>\u00a0-y su \u00ednclita cita: \u00abno se nace mujer, se llega a serlo\u00bb-,\u00a0<strong>Judith Butler<\/strong>, y\u00a0<strong>Jacques Derrida<\/strong>\u00a0-autor del deconstruccionismo-, pero pocos se atreven a abordar a dos autores igualmente relevantes:\u00a0<strong>Alfred Kinsey<\/strong>\u00a0y\u00a0<strong>John Money<\/strong>.<\/span><\/p>\n<p style=\"text-align: justify;\"><span style=\"font-size: 14pt;\">\u00ab<strong>Hay fuerzas que no quieren que se sepa de ellos<\/strong>\u00bb, advierte\u00a0<strong>Miriam Grossman<\/strong>, psiquiatra juvenil. \u00bfPor qu\u00e9? Kinsey fue pionero en la tesis de que los ni\u00f1os son criaturas sexuales. Una idea peligrosa cuando se desarrolla. En su tratado\u00a0<em>Comportamiento sexual en los varones humanos<\/em>\u00a0(1948), el sex\u00f3logo americano publica una tabla donde registra el n\u00famero de orgasmos de los que puede gozar un beb\u00e9 de cinco meses (3, sin especificar el lapso de tiempo). Todav\u00eda muchos se preguntan c\u00f3mo pudo obtener que los ni\u00f1os de 4 a\u00f1os tienen hasta 26 orgasmos en 24 horas. La leyenda bajo la tabla lo aclara: \u00ab<strong>registrado con cron\u00f3metro<\/strong>\u00bb.<\/span><\/p>\n<\/div>\n<\/div>\n<p>&nbsp;<\/p>\n<figure id=\"attachment_2267320\" aria-describedby=\"caption-attachment-2267320\" style=\"width: 660px\" class=\"wp-caption aligncenter\"><img loading=\"lazy\" decoding=\"async\" class=\"wp-image-2267320\" src=\"https:\/\/puntocritico.com\/ausajpuntocritico\/wp-content\/uploads\/2023\/02\/What-is-a-Woman-3.jpg\" alt=\"\" width=\"660\" height=\"507\" data-id=\"2267320\" srcset=\"https:\/\/puntocritico.com\/ausajpuntocritico\/wp-content\/uploads\/2023\/02\/What-is-a-Woman-3.jpg 797w, https:\/\/puntocritico.com\/ausajpuntocritico\/wp-content\/uploads\/2023\/02\/What-is-a-Woman-3-300x230.jpg 300w, https:\/\/puntocritico.com\/ausajpuntocritico\/wp-content\/uploads\/2023\/02\/What-is-a-Woman-3-768x590.jpg 768w, https:\/\/puntocritico.com\/ausajpuntocritico\/wp-content\/uploads\/2023\/02\/What-is-a-Woman-3-610x468.jpg 610w, https:\/\/puntocritico.com\/ausajpuntocritico\/wp-content\/uploads\/2023\/02\/What-is-a-Woman-3-80x60.jpg 80w\" sizes=\"auto, (max-width: 660px) 100vw, 660px\" \/><figcaption id=\"caption-attachment-2267320\" class=\"wp-caption-text\"><span style=\"color: #008000;\">.Alfred Kinsey y su infame tratado Comportamiento sexual en los varones humanos (1948), que registra los orgasmos en beb\u00e9s y ni\u00f1os.<\/span><\/figcaption><\/figure>\n<p style=\"text-align: justify;\">\u00a0<\/p>\n<p style=\"text-align: justify;\"><span style=\"font-size: 14pt;\">Money, por otro lado, es quien dota de apariencia cient\u00edfica la separaci\u00f3n radical entre sexo y g\u00e9nero. El psiquiatra sigui\u00f3 la l\u00f3gica de la primac\u00eda de la cultura sobre la naturaleza o, incluso, de la irrelevancia de esta \u00faltima. A ra\u00edz de su teor\u00eda, surgieron numerosos experimentos que prentend\u00edan demostrar sus tesis y que, sin embargo, las contradijeron. El caso m\u00e1s paradigm\u00e1tico es el de los gemelos Bruce y Brian Reimer, nacidos en 1965 en Winnipeg (Canad\u00e1).<\/span><\/p>\n<p style=\"text-align: justify;\"><span style=\"font-size: 14pt;\">Con siete meses de edad, a uno de ellos (Bruce) le debi\u00f3 ser extirpado el pene despu\u00e9s de hab\u00e9rsele practicado mal una operaci\u00f3n de circuncisi\u00f3n. Por recomendaci\u00f3n del doctor Money a los padres, el peque\u00f1o fue sometido a una cirug\u00eda de castraci\u00f3n y se le educ\u00f3 como si fuera una ni\u00f1a, mientras que su hermano (Brian) recibi\u00f3 una formaci\u00f3n de acuerdo con su condici\u00f3n masculina. Con el \u00e1nimo de que Bruce no supiese la verdad de su sexo, se le cambi\u00f3 el nombre a Brenda. Money describi\u00f3 el experimento como exitoso, arguyendo que hab\u00eda demostrado superar la controversia entre lo natural y lo cultural, lo dado y lo adquirido.<\/span><\/p>\n<p style=\"text-align: justify;\"><span style=\"font-size: 14pt;\">Sin embargo, con el paso de los a\u00f1os, y ante los innumerables problemas psicol\u00f3gicos de Brenda, sus padres le confesaron la verdad e intentaron remediar el da\u00f1o causado. Se le realiz\u00f3 una cirug\u00eda reconstructiva de su verdadero sexo y Brenda cambi\u00f3 su nombre por el de David. El caso concluy\u00f3 de forma tr\u00e1gica con el suicidio de Brian en 2002 y, dos a\u00f1os despu\u00e9s, en mayo de 2004, con el de David a la edad de 38 a\u00f1os. Lo cuenta John Colapinto en\u00a0<em>As Nature Made Him: The Boy Who Was Raised as a Girl<\/em>\u00a0(2000).\u00a0<\/span><\/p>\n<h3>Las consecuencias<\/h3>\n<p style=\"text-align: justify;\"><span style=\"font-size: 14pt;\">Tan aterrador resulta conocer los or\u00edgenes te\u00f3ricos como las consecuencias pr\u00e1cticas. Y es que el documental va dejando a un lado el tono ir\u00f3nico y burl\u00f3n de sus primeros compases para adentrarse en el drama. Llega el turno de\u00a0<strong>Scott Newgent<\/strong>, antes conocido como Kellie, una mujer lesbiana que se oper\u00f3 para cambiarse de sexo. Se gast\u00f3 un mill\u00f3n de d\u00f3lares en cirug\u00edas, pero termin\u00f3 padeciendo una embolia a causa de un pico de testosterona. No pudo demandar porque hab\u00eda firmado un consentimiento en el que admit\u00eda conocer (no lo hac\u00eda) que el tratamiento era experimental. \u00ab<strong>Probablemente no vaya a vivir mucho<\/strong>\u00bb, admite.<\/span><\/p>\n<p>&nbsp;<\/p>\n<figure id=\"attachment_2267321\" aria-describedby=\"caption-attachment-2267321\" style=\"width: 600px\" class=\"wp-caption aligncenter\"><img loading=\"lazy\" decoding=\"async\" class=\"wp-image-2267321\" src=\"https:\/\/puntocritico.com\/ausajpuntocritico\/wp-content\/uploads\/2023\/02\/What-is-a-Woman-4.jpg\" alt=\"\" width=\"600\" height=\"403\" data-id=\"2267321\" srcset=\"https:\/\/puntocritico.com\/ausajpuntocritico\/wp-content\/uploads\/2023\/02\/What-is-a-Woman-4.jpg 680w, https:\/\/puntocritico.com\/ausajpuntocritico\/wp-content\/uploads\/2023\/02\/What-is-a-Woman-4-300x202.jpg 300w, https:\/\/puntocritico.com\/ausajpuntocritico\/wp-content\/uploads\/2023\/02\/What-is-a-Woman-4-610x410.jpg 610w, https:\/\/puntocritico.com\/ausajpuntocritico\/wp-content\/uploads\/2023\/02\/What-is-a-Woman-4-678x457.jpg 678w\" sizes=\"auto, (max-width: 600px) 100vw, 600px\" \/><figcaption id=\"caption-attachment-2267321\" class=\"wp-caption-text\"><span style=\"color: #008000;\">Scott Newgent, antes conocido como Kellie, narra su arrepentimiento por haberse sometidos a cirug\u00edas de cambio de sexo.<\/span><\/figcaption><\/figure>\n<p style=\"text-align: justify;\">\u00a0<\/p>\n<p style=\"text-align: justify;\"><span style=\"font-size: 14pt;\">No hay muchos estudios acerca del efecto a largo plazo de la hormonaci\u00f3n en menores, por cuanto muchos de estos tratamientos est\u00e1n en fase experimental, pero esto no importa porque, denuncia Newgent, \u00abhay un grupo muy reducido de personas, una minor\u00eda, que tiene un s\u00edmbolo del d\u00f3lar sobre sus cabezas\u00bb: \u00ab<strong>\u00a1Tenemos cinco hospitales en Estados Unidos diciendo a los ni\u00f1as que pueden ser ni\u00f1os por 70.000 d\u00f3lares y una cirug\u00eda con el 67% de posibilidades de complicaci\u00f3n!<\/strong>\u00bb.<\/span><\/p>\n<p style=\"text-align: justify;\"><span style=\"font-size: 14pt;\">Un pionero informe de\u00a0<strong>Lesbians United<\/strong>, una organizaci\u00f3n l\u00e9sbica con sede en Estados Unidos, ha advertido recientemente de los problemas ligados al uso de f\u00e1rmacos bloqueadores de la pubertad. Estos afectan \u00abal esqueleto, el sistema cardiovascular, la tiroides, el cerebro, los genitales, el sistema reproductivo, el sistema digestivo,\u00a0tracto urinario, m\u00fasculos, ojos y sistema inmunol\u00f3gico\u00bb. Tambi\u00e9n \u00ab<strong>pueden ser perjudiciales para la salud mental y aumentar el riesgo de suicidio<\/strong>\u00bb.<\/span><\/p>\n<p id=\"paragraph_12\" style=\"text-align: justify;\"><span style=\"font-size: 14pt;\">Los bloqueadores para el desarrollo de la pubertad se han recetado a los adolescentes con disforia de g\u00e9nero -enfermedad que los te\u00f3ricos de g\u00e9nero abogan por despatologizar- desde 1998, pero tambi\u00e9n a delincuentes a los que se les ha castrado qu\u00edmicamente. Hasta junio de 2022, la FDA (la agencia de medicamentos de Estados Unidos) ha recibido m\u00e1s de\u00a0<strong>60.400 informes adversos sobre el uso de los agonistas de la GnRH comunes,\u00a0<\/strong><strong>incluidas casi 8.000 muertes<\/strong>. Unos datos alarmantes.<\/span><\/p>\n<p style=\"text-align: justify;\"><span style=\"font-size: 14pt;\">Scott Newgent, compungido, admite que \u00absoy una mujer biol\u00f3gica que transicion\u00f3 m\u00e9dicamente para parecer un hombre, con hormonas y cirug\u00eda. Pero nunca ser\u00e9 un hombre\u00bb. Y lanza una queja amarga: \u00ab<strong>\u00bfEs tr\u00e1nsfobo decirme la verdad?<\/strong>\u00bb.<\/span><\/p>\n<p style=\"text-align: justify;\"><span style=\"font-size: 14pt;\">La verdad es un acto revolucionario cuando se vive en una \u00e9poca de enga\u00f1o universal, parafraseando a\u00a0<strong>George Orwell<\/strong>. De ah\u00ed que\u00a0<em>What is a Woman?<\/em>\u00a0haya sacudido el panorama medi\u00e1tico y pol\u00edtico estadounidense, y que el lobby trans ya haya pedido su cancelaci\u00f3n. Har\u00edan bien en verlo todos en nuestro pa\u00eds antes de que sea demasiado tarde. Tambi\u00e9n -y especialmente-\u00a0<strong>Irene Montero<\/strong>.<\/span><\/p>\n<p>&nbsp;<\/p>\n<p><img loading=\"lazy\" decoding=\"async\" class=\"aligncenter size-full wp-image-17173\" src=\"https:\/\/puntocritico.com\/ausajpuntocritico\/wp-content\/uploads\/2019\/03\/mujer-franquismo-feminismo-9.jpg\" alt=\"\" width=\"458\" height=\"321\" data-id=\"17173\" srcset=\"https:\/\/puntocritico.com\/ausajpuntocritico\/wp-content\/uploads\/2019\/03\/mujer-franquismo-feminismo-9.jpg 458w, https:\/\/puntocritico.com\/ausajpuntocritico\/wp-content\/uploads\/2019\/03\/mujer-franquismo-feminismo-9-300x210.jpg 300w\" sizes=\"auto, (max-width: 458px) 100vw, 458px\" \/><\/p>\n<p style=\"text-align: center;\"><strong><span style=\"color: #008000; font-size: 18pt;\">*******<\/span><\/strong><\/p>\n<h2 style=\"text-align: center;\"><span style=\"font-size: 24pt;\">\u00bfQU\u00c9 ES UNA MUJER? (What is a woman?), Documental de Matt Walsh<\/span><\/h2>\n<p style=\"text-align: center;\"><iframe loading=\"lazy\" width=\"640\" height=\"360\" frameborder=\"0\" src=\"https:\/\/mega.nz\/embed\/mYliHSiB#6hpwrJCMYogg0Ivz3-716ONmPTJIcIFv5c2NcouWA9I\" allowfullscreen ><\/iframe><\/p>\n<p>&nbsp;<\/p>\n<p style=\"text-align: center;\"><a href=\"https:\/\/www.documaniatv.com\/social\/que-es-una-mujer-video_37803648a.html\"><span style=\"font-size: 14pt;\"><strong><span style=\"color: #008000;\">VER EN DOCUMAN\u00cdA<\/span><\/strong><\/span><\/a><\/p>\n<p style=\"text-align: center;\"><strong><span style=\"color: #008000; font-size: 18pt;\">*******<\/span><\/strong><\/p>\n<blockquote>\n<h2 style=\"text-align: center;\"><strong>FICHA T\u00c9CNICA DEL DOCUMENTAL<\/strong><\/h2>\n<p style=\"text-align: center;\"><strong><span style=\"font-size: 14pt;\">T\u00edtulo original: What Is a Woman?<\/span><\/strong><\/p>\n<p style=\"text-align: justify;\"><span style=\"font-size: 14pt;\">A\u00f1o: 2022\u00a0<\/span><\/p>\n<p style=\"text-align: justify;\"><span style=\"font-size: 14pt;\">Duraci\u00f3n: 95 min.<\/span><\/p>\n<p style=\"text-align: justify;\"><span style=\"font-size: 14pt;\">Pa\u00eds:\u00a0Estados Unidos<\/span><\/p>\n<p style=\"text-align: justify;\"><span style=\"font-size: 14pt;\">Direcci\u00f3n:\u00a0<span class=\"nb\"><a title=\"Justin Folk\" href=\"https:\/\/www.filmaffinity.com\/es\/search.php?stype=director&amp;sn&amp;stext=Justin%20Folk\" target=\"_blank\" rel=\"noopener\" data-schema-attribute=\"\">Justin Folk<\/a><\/span><\/span><\/p>\n<p style=\"text-align: justify;\"><span style=\"font-size: 14pt;\">M\u00fasica:\u00a0<span class=\"nb\">Ryan Rapsys,<\/span>\u00a0<span class=\"nb\">Scott McCrae<\/span><\/span><\/p>\n<p style=\"text-align: justify;\"><span style=\"font-size: 14pt;\">Fotograf\u00eda:\u00a0<span class=\"nb\">Anton Seim<\/span><\/span><\/p>\n<p style=\"text-align: justify;\"><span style=\"font-size: 14pt;\">Reparto:\u00a0Documental,\u00a0<i>Intervenciones de:<\/i><span class=\"nb\">Jordan Peterson,<\/span>\u00a0<span class=\"nb\">Miriam Grossman,<\/span>\u00a0<span class=\"nb\">Matt Walsh<\/span><\/span><\/p>\n<p style=\"text-align: justify;\"><span style=\"font-size: 14pt;\">Compa\u00f1\u00eda:\u00a0<span class=\"nb\">The Daily Wire<\/span><\/span><\/p>\n<p style=\"text-align: justify;\"><span style=\"font-size: 14pt;\">G\u00e9nero: Documental\u00a0|\u00a0Feminismo.\u00a0Transexualidad \/ transg\u00e9nero.\u00a0Pol\u00edtica.\u00a0Propaganda<\/span><\/p>\n<p style=\"text-align: justify;\"><span style=\"font-size: 14pt;\">Sinopsis: Documental sobre el t\u00e9rmino \u00abmujer\u00bb que choca entre diferentes campos y elementos de la sociedad por la interpretaci\u00f3n que dan cada uno de ellos a la palabra tras la pregunta \u00ab\u00bfqu\u00e9 es una mujer?\u00bb.<\/span><\/p>\n<p style=\"text-align: right;\"><span style=\"font-size: 14pt;\"><a href=\"https:\/\/www.filmaffinity.com\/es\/film441220.html\">Filmaffinity<\/a><\/span><\/p>\n<\/blockquote>\n<p>&nbsp;<\/p>\n<p><img loading=\"lazy\" decoding=\"async\" class=\"aligncenter wp-image-2267445\" src=\"https:\/\/puntocritico.com\/ausajpuntocritico\/wp-content\/uploads\/2023\/02\/What-is-a-woman-cart-3.jpg\" alt=\"\" width=\"240\" height=\"355\" data-id=\"2267445\" \/><\/p>\n<p style=\"text-align: center;\"><strong><span style=\"color: #008000; font-size: 18pt;\">*******<\/span><\/strong><\/p>\n<h2 class=\"article-headline\" style=\"text-align: center;\"><span style=\"font-size: 24pt;\">\u201c\u00bfQu\u00e9 es una mujer?\u201d: el exitoso documental que cuestiona la ideolog\u00eda de g\u00e9nero y que la cr\u00edtica boicotea<\/span><\/h2>\n<p class=\"article-subheadline\" style=\"text-align: center;\"><em><strong><span style=\"font-size: 14pt;\">En el r\u00e1nking de Rotten Tomatoes esta pel\u00edcula de Justin Folk, protagonizada por Matt Walsh, estuvo al tope en las preferencias del p\u00fablico pero ning\u00fan cr\u00edtico la quiso ver ni comentar. El boicot del pensamiento mainstream a quien os\u00f3 remar contra la corriente<\/span><\/strong><\/em><\/p>\n<div class=\"byline\">\n<div class=\"author-image\" style=\"text-align: justify;\"><span style=\"font-size: 14pt;\">Por Claudia Peir\u00f3<\/span><\/div>\n<div class=\"byline-text-wrapper\" style=\"text-align: justify;\">\n<div class=\"byline-datetime\"><span style=\"font-size: 14pt;\"><a href=\"https:\/\/www.infobae.com\/opinion\/2022\/10\/22\/que-es-una-mujer-el-exitoso-documental-que-cuestiona-la-ideologia-de-genero-y-que-la-critica-boicotea\/\">INFOBAE<\/a>, 22 de Octubre de 2022<\/span><\/div>\n<div>\u00a0<\/div>\n<\/div>\n<\/div>\n<figure id=\"attachment_2267324\" aria-describedby=\"caption-attachment-2267324\" style=\"width: 555px\" class=\"wp-caption aligncenter\"><img loading=\"lazy\" decoding=\"async\" class=\"wp-image-2267324\" src=\"https:\/\/puntocritico.com\/ausajpuntocritico\/wp-content\/uploads\/2023\/02\/Matt-Walsh.jpg\" alt=\"\" width=\"555\" height=\"312\" data-id=\"2267324\" srcset=\"https:\/\/puntocritico.com\/ausajpuntocritico\/wp-content\/uploads\/2023\/02\/Matt-Walsh.jpg 946w, https:\/\/puntocritico.com\/ausajpuntocritico\/wp-content\/uploads\/2023\/02\/Matt-Walsh-300x169.jpg 300w, https:\/\/puntocritico.com\/ausajpuntocritico\/wp-content\/uploads\/2023\/02\/Matt-Walsh-768x432.jpg 768w, https:\/\/puntocritico.com\/ausajpuntocritico\/wp-content\/uploads\/2023\/02\/Matt-Walsh-610x343.jpg 610w, https:\/\/puntocritico.com\/ausajpuntocritico\/wp-content\/uploads\/2023\/02\/Matt-Walsh-678x381.jpg 678w\" sizes=\"auto, (max-width: 555px) 100vw, 555px\" \/><figcaption id=\"caption-attachment-2267324\" class=\"wp-caption-text\"><span style=\"color: #008000;\">Matt Walsh, protagonista del documental \u00abWhat is a woman?\u00bb<\/span><\/figcaption><\/figure>\n<p>&nbsp;<\/p>\n<p class=\"paragraph\" style=\"text-align: justify;\"><span style=\"font-size: 14pt;\">El documental\u00a0<i><b>\u201cWhat is a woman?\u201d\u00a0<\/b><\/i>(\u00bfQu\u00e9 es una mujer?), estrenado en junio, tiene tanta audiencia como condenas de gente indignada con su tem\u00e1tica. Es un largometraje muy exitoso desde que se estren\u00f3, en junio pasado, en los Estados Unidos, en la web de noticias\u00a0<i><b>Daily Wire<\/b><\/i>, creada en 2015 por el comentarista pol\u00edtico\u00a0<b>Ben Shapiro<\/b>\u00a0y el director de cine\u00a0<b>Jeremy Boreing<\/b>. \u201cEs a la vez el documental m\u00e1s comentado y el m\u00e1s ignorado del mundo\u201d, dijo el escritor y periodista<b>\u00a0Matt Taibbi,\u00a0<\/b>colaborador de\u00a0<i>Rolling Stone<\/i>. La mayor\u00eda de los cr\u00edticos de cine se neg\u00f3 siquiera a verla.<\/span><\/p>\n<p class=\"paragraph\" style=\"text-align: justify;\"><span style=\"font-size: 14pt;\">Dirigido por\u00a0<b>Justin Folk\u00a0<\/b>y protagonizado por\u00a0<b>Matt Walsh<\/b>, consiste en un recorrido por varias ciudades estadounidenses -con un vuelo a Nairobi intercalado- y por diferentes escenarios para entrevistar a profesionales, especialistas y ciudadanos de a pie a los que se les formula una misma pregunta: \u00bfqu\u00e9 es una mujer?<\/span><\/p>\n<p class=\"paragraph\" style=\"text-align: justify;\"><span style=\"font-size: 14pt;\">Con ese simple recurso, el documental logra exponer las contradicciones y debilidades de la ideolog\u00eda de g\u00e9nero que, para el protagonista y relator del documental, \u201ces realmente\u00a0<b>un asalto a la mism\u00edsima verdad<\/b>\u201d. Es decir, la teor\u00eda que divorcia por completo la identidad sexual de la biolog\u00eda, que pretende que el sexo es \u201casignado\u201d al nacer.<\/span><\/p>\n<p class=\"paragraph\" style=\"text-align: justify;\"><span style=\"font-size: 14pt;\">En el comienzo del film, Matt Walsh, escritor y analista pol\u00edtico, se presenta a s\u00ed mismo como un padre de familia inquieto por sus hijos ante una realidad que describe as\u00ed: \u201cNuestra cultura dice que las diferencias entre ni\u00f1os y ni\u00f1as no importan, que si te identificas como \u2018algo\u2019 entonces eres ese algo\u201d. Y se pregunta: \u201c\u00bfC\u00f3mo ayudamos a nuestros hijos a entender estas cosas cuando est\u00e1n siendo bombardeados con mensajes de g\u00e9nero e identidad que est\u00e1n en conflicto?\u201d<\/span><\/p>\n<p class=\"paragraph\" style=\"text-align: justify;\"><span style=\"font-size: 14pt;\">No se trata de los derechos de los trans, ni de discriminaci\u00f3n, sino del postulado de que el g\u00e9nero es una construcci\u00f3n social y por lo tanto fluido, que se lo puede cambiar casi a piacere, mientras que para el com\u00fan de la gente y para la ciencia el g\u00e9nero tiene una base biol\u00f3gica innegable. Negar el binarismo es negar la naturaleza que dota a las personas de \u00f3rganos con diferentes funciones reproductivas. \u201cEl sexo ha sido binario por millones de a\u00f1os\u201d, dice por ejemplo en el film el profesor canadiense\u00a0<b>Jordan Peterson<\/b>, psic\u00f3logo cl\u00ednico, cancelado por la universidad de Cambridge por no plegarse al pensamiento pol\u00edticamente correcto.<\/span><\/p>\n<p class=\"paragraph\" style=\"text-align: justify;\"><span style=\"font-size: 14pt;\">Los cr\u00edticos de cine adoptaron frente al documental la misma actitud que los entrevistados por Walsh, que indignados cortan la charla apenas empiezan las preguntas \u201cdif\u00edciles\u201d, recibidas como una agresi\u00f3n. Muchos cr\u00edticos se negaron a verlo aunque era tendencia en redes y pese a que fue la transmisi\u00f3n en vivo de m\u00e1s tr\u00e1fico en la historia del\u00a0<i>Daily Wire<\/i>. Lo descalificaron como\u00a0<b>transf\u00f3bico\u00a0<\/b>y tildaron a su realizador de<b>\u00a0fan\u00e1tico e intolerante.<\/b><\/span><\/p>\n<p>&nbsp;<\/p>\n<figure id=\"attachment_2267325\" aria-describedby=\"caption-attachment-2267325\" style=\"width: 555px\" class=\"wp-caption aligncenter\"><img loading=\"lazy\" decoding=\"async\" class=\"wp-image-2267325\" src=\"https:\/\/puntocritico.com\/ausajpuntocritico\/wp-content\/uploads\/2023\/02\/Matt-Walsh-2.jpg\" alt=\"\" width=\"555\" height=\"313\" data-id=\"2267325\" srcset=\"https:\/\/puntocritico.com\/ausajpuntocritico\/wp-content\/uploads\/2023\/02\/Matt-Walsh-2.jpg 948w, https:\/\/puntocritico.com\/ausajpuntocritico\/wp-content\/uploads\/2023\/02\/Matt-Walsh-2-300x169.jpg 300w, https:\/\/puntocritico.com\/ausajpuntocritico\/wp-content\/uploads\/2023\/02\/Matt-Walsh-2-768x433.jpg 768w, https:\/\/puntocritico.com\/ausajpuntocritico\/wp-content\/uploads\/2023\/02\/Matt-Walsh-2-610x344.jpg 610w, https:\/\/puntocritico.com\/ausajpuntocritico\/wp-content\/uploads\/2023\/02\/Matt-Walsh-2-678x381.jpg 678w\" sizes=\"auto, (max-width: 555px) 100vw, 555px\" \/><figcaption id=\"caption-attachment-2267325\" class=\"wp-caption-text\"><span style=\"color: #008000;\">Matt Walsh, en una marcha de mujeres, con su pregunta en un cartel. Escena del documental \u00abWhat is a woman?\u00bb<\/span><\/figcaption><\/figure>\n<p>&nbsp;<\/p>\n<p class=\"paragraph\" style=\"text-align: justify;\"><span style=\"font-size: 14pt;\">Una excepci\u00f3n fue el citado Matt Taibbi, que es progresista, y que cuestion\u00f3 la actitud de sus colegas: \u201cLa pel\u00edcula, que intenta y no consigue que los activistas trans, los acad\u00e9micos y los profesionales de la medicina ofrezcan una definici\u00f3n de la feminidad, es tendencia\u201d. Y ello a pesar de los cr\u00edticos, acot\u00f3. \u201cEse es el problema: que nadie del otro lado, ning\u00fan cr\u00edtico de cine prominente, tiene ni la libertad ni el valor de cubrir esto. Me parece extra\u00f1o que todo el mundo tenga tanto miedo\u201d, se\u00f1al\u00f3.<\/span><\/p>\n<p class=\"paragraph\" style=\"text-align: justify;\"><span style=\"font-size: 14pt;\">Hay personas que verdaderamente sufren de\u00a0<b>disforia de g\u00e9nero,<\/b>\u00a0es decir, una distorsi\u00f3n entre su identidad sexual y su cuerpo; pero es un n\u00famero \u00ednfimo de casos. Ac\u00e1 se trata de otra cosa: \u201cEste aumento de la identificaci\u00f3n transg\u00e9nero no se debe a la disforia de g\u00e9nero\u201d, dice Walsh, sino a un \u201c<b>contagio social<\/b>\u201d y a una \u201cmoda\u201d.<\/span><\/p>\n<p class=\"paragraph\" style=\"text-align: justify;\"><span style=\"font-size: 14pt;\">Seg\u00fan el\u00a0<b>Diagnostic and Statistical Manual of Mental Disorders<\/b>\u00a0(DMA, publicaci\u00f3n de la American Psychiatric Association) de EEUU, se calcula que entre el 0,005 y el 0,014% de los varones y el 0,002 a el 0,003% de las mujeres entran en los criterios diagn\u00f3sticos de disforia de g\u00e9nero. Pero muchos cultores de la ideolog\u00eda de g\u00e9nero pretenden que las transiciones se hagan con la sola expresi\u00f3n de la voluntad de la persona, sin ning\u00fan per\u00edodo previo de evaluaci\u00f3n, ni intervenci\u00f3n de profesionales. Denuncian que lo contrario es \u201cpatologizar\u201d el transgenerismo; cuando la intenci\u00f3n que ellos tienen es naturalizarlo.<\/span><\/p>\n<p class=\"paragraph\" style=\"text-align: justify;\"><span style=\"font-size: 14pt;\">Las entrevistas de Walsh revelan hasta qu\u00e9 punto esta ideolog\u00eda ha penetrado en ambientes m\u00e9dicos, acad\u00e9micos y en el p\u00fablico en general.<\/span><\/p>\n<p class=\"paragraph\" style=\"text-align: justify;\"><span style=\"font-size: 14pt;\">Es especialmente impactante escuchar a\u00a0<b>Michelle Forcier<\/b>, una pediatra especialista en \u201ctransiciones\u201d (de un sexo a otro), cuando Walsh le pregunta si decir que un ni\u00f1o es var\u00f3n porque tiene pene es una asignaci\u00f3n arbitraria de sexo, responder: \u201cDecirle a una familia, bas\u00e1ndose en ese peque\u00f1o pene, que su criatura es absolutamente cien por ciento var\u00f3n, sin importar qu\u00e9 m\u00e1s pueda ocurrir en su vida, eso no es correcto\u201d.<\/span><\/p>\n<p>&nbsp;<\/p>\n<figure id=\"attachment_2267326\" aria-describedby=\"caption-attachment-2267326\" style=\"width: 555px\" class=\"wp-caption aligncenter\"><img loading=\"lazy\" decoding=\"async\" class=\"wp-image-2267326\" src=\"https:\/\/puntocritico.com\/ausajpuntocritico\/wp-content\/uploads\/2023\/02\/Matt-Walsh-3.jpg\" alt=\"\" width=\"555\" height=\"308\" data-id=\"2267326\" srcset=\"https:\/\/puntocritico.com\/ausajpuntocritico\/wp-content\/uploads\/2023\/02\/Matt-Walsh-3.jpg 948w, https:\/\/puntocritico.com\/ausajpuntocritico\/wp-content\/uploads\/2023\/02\/Matt-Walsh-3-300x166.jpg 300w, https:\/\/puntocritico.com\/ausajpuntocritico\/wp-content\/uploads\/2023\/02\/Matt-Walsh-3-768x426.jpg 768w, https:\/\/puntocritico.com\/ausajpuntocritico\/wp-content\/uploads\/2023\/02\/Matt-Walsh-3-610x338.jpg 610w\" sizes=\"auto, (max-width: 555px) 100vw, 555px\" \/><figcaption id=\"caption-attachment-2267326\" class=\"wp-caption-text\"><span style=\"color: #008000;\">Michelle Forcier: \u201cNo es correcto decirle a una familia que su criatura es absolutamente var\u00f3n, bas\u00e1ndose en su peque\u00f1o pene\u00bb (\u00abWhat is a woman?\u00bb)<\/span><\/figcaption><\/figure>\n<p>&nbsp;<\/p>\n<p class=\"paragraph\" style=\"text-align: justify;\"><span style=\"font-size: 14pt;\">Cuando Walsh le menciona sus \u201cgametos masculinos\u201d, ella es categ\u00f3rica: \u201cNo, tu esperma no te hace var\u00f3n\u201d. Para Forcier, hasta la gallina tiene un sexo asignado -porque pone huevos-, pero \u201cno tiene identidad de g\u00e9nero\u201d. Menos mal.<\/span><\/p>\n<p class=\"paragraph\" style=\"text-align: justify;\"><span style=\"font-size: 14pt;\">El sexo es biol\u00f3gico e incambiable, aun si la persona hace una transici\u00f3n. \u201cSoy una mujer biol\u00f3gica. Nunca ser\u00e9 un hombre\u201d, le dice<b>\u00a0Scott Newgent,\u00a0<\/b>un hombre trans, a Walsh.<\/span><\/p>\n<p class=\"paragraph\" style=\"text-align: justify;\"><span style=\"font-size: 14pt;\">Matt Walsh entrevista a profesionales y pol\u00edticos y todos pasan a un estado de incomodidad cuando \u00e9l les pide sencillamente que digan qu\u00e9 es una mujer. O caen en\u00a0<b>tautolog\u00edas, como Patrick Grzanka,<\/b>\u00a0profesor asociado de la Universidad de Tennessee, que respondi\u00f3 que una mujer es \u201cuna persona que se identifica como mujer\u201d. Enojado, le cuestion\u00f3 al documentalista el porqu\u00e9 de esa pregunta&#8230; El di\u00e1logo con este acad\u00e9mico es muestra de una tendencia a la que pocas universidades escapan: la proliferaci\u00f3n de especializaciones, maestr\u00edas, doctorados, etc., en estudios de g\u00e9nero de dudoso rigor. Basta ver la poca solidez del especialista ante las preguntas del entrevistador. Reacciona indignado. Se molesta especialmente cuando Walsh le dice que busca la\u00a0<b>verdad<\/b>: \u201cEsa es una\u00a0<b>palabra inc\u00f3moda, transf\u00f3bica<\/b>\u2026\u201d, le espeta.<\/span><\/p>\n<p>&nbsp;<\/p>\n<figure id=\"attachment_2267327\" aria-describedby=\"caption-attachment-2267327\" style=\"width: 678px\" class=\"wp-caption aligncenter\"><img loading=\"lazy\" decoding=\"async\" class=\"wp-image-2267327 size-mh-magazine-content\" src=\"https:\/\/puntocritico.com\/ausajpuntocritico\/wp-content\/uploads\/2023\/02\/Matt-Walsh-4-678x381.jpg\" alt=\"\" width=\"678\" height=\"381\" data-id=\"2267327\" \/><figcaption id=\"caption-attachment-2267327\" class=\"wp-caption-text\"><span style=\"color: #008000;\">El profesor Patrick Grzanka, de la Universidad de Tennessee, del Programa Interdisciplinario en Mujer, G\u00e9nero y Sexualidad (departamento de Psicolog\u00eda)<\/span><\/figcaption><\/figure>\n<p>&nbsp;<\/p>\n<p class=\"paragraph\" style=\"text-align: justify;\"><span style=\"font-size: 14pt;\">Pero no hay que creer que la pregunta es antojadiza: en la audiencia de confirmaci\u00f3n de la jueza\u00a0<b>Ketanji Brown Jackson<\/b>, como magistrada asociada a la Corte Suprema de EEUU, la senadora republicana Marsha Blackburn, de Tennessee, le pidi\u00f3 que definiera a una mujer. Jackson se neg\u00f3: \u201cNo en este contexto.\u00a0<b>No soy bi\u00f3loga\u201d.<\/b><\/span><\/p>\n<p class=\"paragraph\" style=\"text-align: justify;\"><span style=\"font-size: 14pt;\">\u00bfPor qu\u00e9 es tan dif\u00edcil o inc\u00f3moda esa pregunta? Es que la correcci\u00f3n pol\u00edtica ha instalado un clima de terror por el que nadie quiere ser calificado de transf\u00f3bico. Como el dogma dice que las mujeres trans son mujeres, y los hombres trans, hombres, se cae en eufemismos como\u00a0<b>personas menstruantes o personas con vagina o con \u00fatero<\/b>\u00a0y ya no se puede llamar mujer a una mujer.<\/span><\/p>\n<p class=\"paragraph\" style=\"text-align: justify;\"><span style=\"font-size: 14pt;\">Esto se ha extendido al punto de llevar a la cancelaci\u00f3n de personas que est\u00e1n muy lejos de ser \u201cconservadoras\u201d (como s\u00ed lo es Matt Walsh), como la autora de\u00a0<i>Harry Potter<\/i>,\u00a0<b>J.K. Rowling,<\/b>\u00a0por quejarse de que no se llame \u201cmujer\u201d a una \u201cmujer\u201d. Por eso no sorprende que los cr\u00edticos de cine estadounidenses no hayan querido ni siquiera ver el documental.<\/span><\/p>\n<p class=\"paragraph\" style=\"text-align: justify;\"><span style=\"font-size: 14pt;\">\u201cWhat is a Critic?\u201d, ironiz\u00f3 un comentarista, porque mientras el film de Walsh recib\u00eda las mejores calificaciones del p\u00fablico en\u00a0<b>Rotten Tomatoes,<\/b>\u00a0el numero de cr\u00edticas era \u00ednfimo.<\/span><\/p>\n<p class=\"paragraph\" style=\"text-align: justify;\"><span style=\"font-size: 14pt;\">Ya sabemos que el progresismo, hoy hegem\u00f3nico en el plano cultural, es tanto o m\u00e1s autoritario que \u201cla derecha\u201d a la que siempre denunci\u00f3 por represiva y censuradora. El que se atreve a cuestionar sus postulados, es\u00a0<b>racista, hom\u00f3fobo, transf\u00f3bico, sexista, intolerante<\/b>, etc, etc.<\/span><\/p>\n<p class=\"paragraph\" style=\"text-align: justify;\"><span style=\"font-size: 14pt;\">Cuando Walsh le dice a la pediatra Michelle Forcier que\u00a0<b>Lupron<\/b>, la droga que bloquea la pubertad, es la misma que se usa para la castraci\u00f3n qu\u00edmica de violadores, ella se ofende: \u201cCuando usas ese lenguaje est\u00e1s siendo maligno y da\u00f1ino\u201d.<\/span><\/p>\n<p class=\"paragraph\" style=\"text-align: justify;\"><span style=\"font-size: 14pt;\">De ah\u00ed a la censura hay poco trecho. Walsh denunci\u00f3 en su cuenta de Twitter que la\u00a0<b>Asociaci\u00f3n M\u00e9dica Americana<\/b>\u00a0les est\u00e1 pidiendo a las Big Tech y al Departamento de Justicia \u201cque censuren, desplacen, investiguen y persigan a los periodistas que cuestionan la ortodoxia de las cirug\u00edas de g\u00e9nero radicales para menores, argumentando que la cr\u00edtica p\u00fablica es \u2018desinformaci\u00f3n\u2019\u201d<\/span><\/p>\n<p>&nbsp;<\/p>\n<figure id=\"attachment_2267328\" aria-describedby=\"caption-attachment-2267328\" style=\"width: 631px\" class=\"wp-caption aligncenter\"><img loading=\"lazy\" decoding=\"async\" class=\"wp-image-2267328 size-full\" src=\"https:\/\/puntocritico.com\/ausajpuntocritico\/wp-content\/uploads\/2023\/02\/Matt-Walsh-5.jpg\" alt=\"\" width=\"631\" height=\"715\" data-id=\"2267328\" srcset=\"https:\/\/puntocritico.com\/ausajpuntocritico\/wp-content\/uploads\/2023\/02\/Matt-Walsh-5.jpg 631w, https:\/\/puntocritico.com\/ausajpuntocritico\/wp-content\/uploads\/2023\/02\/Matt-Walsh-5-265x300.jpg 265w, https:\/\/puntocritico.com\/ausajpuntocritico\/wp-content\/uploads\/2023\/02\/Matt-Walsh-5-610x691.jpg 610w\" sizes=\"auto, (max-width: 631px) 100vw, 631px\" \/><figcaption id=\"caption-attachment-2267328\" class=\"wp-caption-text\"><span style=\"color: #008000;\">Matt Walsh advierte de que quieren censurar toda cr\u00edtica a las terapias hormonales para la transici\u00f3n de g\u00e9nero <\/span><\/figcaption><\/figure>\n<p style=\"text-align: justify;\">\u00a0<\/p>\n<p class=\"paragraph\" style=\"text-align: justify;\"><span style=\"font-size: 14pt;\">\u00bfNo tienen derecho los padres, el p\u00fablico en general, a interrogarse sobre estos tratamientos que antes que invasivos son castradores? La pediatra Forcier le explica a Walsh que las\u00a0<b>\u201cafirmaciones de identidad\u201d\u00a0<\/b>-esta ideolog\u00eda ama los eufemismos- empiezan cuando el paciente est\u00e1 listo. Recordemos que est\u00e1 hablando de menores. \u201cEsto puede suceder en una chica que est\u00e1 en el comienzo de la pubertad y entra en p\u00e1nico porque le crecen los senos, o un chico cuyo pene se est\u00e1 haciendo m\u00e1s grande y m\u00e1s activo\u201d, dice a modo de ejemplo. Ah\u00ed entran en acci\u00f3n las \u201cafirmaciones\u201d:<b>\u00a0terapias hormonales\u00a0<\/b>que bloquean la pubertad y que, seg\u00fan Forcier, no tienen efectos secundarios ni permanentes\u2026 De acuerdo a esta pediatra, es como poner en pausa la reproducci\u00f3n de un video\u2026 Luego se da play en cualquier momento y ac\u00e1 no pas\u00f3 nada. Pero muchos especialistas cuestionan la supuesta inocuidad de esos tratamientos. Sin mencionar las cirug\u00edas.<\/span><\/p>\n<p class=\"paragraph\" style=\"text-align: justify;\"><span style=\"font-size: 14pt;\">Otra especialista dice: \u201c\u00bfC\u00f3mo pueden hacer\u00a0<b>mastectom\u00edas<\/b>\u00a0a adolescentes de 16? \u00bfC\u00f3mo puede estar pasando esto?\u201d<\/span><\/p>\n<p class=\"paragraph\" style=\"text-align: justify;\"><span style=\"font-size: 14pt;\">Buena parte del documental est\u00e1 dedicada a exponer este uso de\u00a0<b>bloqueadores hormonales de pubertad.\u00a0<\/b>\u00bfQu\u00e9 adolescente no se inquieta cuando empieza el desarrollo de sus \u00f3rganos sexuales? \u00bfCorresponde poner en duda su identidad por la sola incomodidad que generan los cambios t\u00edpicos de esa edad? Cada vez m\u00e1s, estos tratamientos hormonales son usados con una liviandad que asusta, apenas un adolescente expresa dudas sobre su identidad sexual. Pol\u00edticos, m\u00e9dicos y psic\u00f3logos promueven alegremente la idea de que los humanos pueden cambiar de sexo, cuando las cirug\u00edas y las hormonas solo modificar\u00e1n la apariencia exterior de la persona y, adem\u00e1s, no son tratamientos inocuos.<\/span><\/p>\n<p class=\"paragraph\" style=\"text-align: justify;\"><span style=\"font-size: 14pt;\">Walsh aborda el caso de un padre,\u00a0<b>Robert Hoogland,<\/b>\u00a0condenado a seis meses de prisi\u00f3n en Canad\u00e1 por oponerse a la hormonaci\u00f3n de su hija para cambiar de sexo. \u201cSe considera violencia criminal usar el pronombre equivocado\u201d, dice Hoogland que fue condenado por negarse a llamar \u201chijo\u201d a su hija. La madre de la adolescente tiene de su lado al gobierno y a la ley. El hombre est\u00e1 en libertad bajo fianza. No crean que estos temas nos son ajenos, porque en Argentina el Congreso ha votado una\u00a0<b>Ley de Identidad de G\u00e9nero<\/b>\u00a0que habilita la transici\u00f3n hormonal y quir\u00fargica de ni\u00f1os.<\/span><\/p>\n<p class=\"paragraph\" style=\"text-align: justify;\"><span style=\"font-size: 14pt;\">En el film se ve tambi\u00e9n el testimonio de Scott (Kellie) Newgent, transg\u00e9nero, v\u00edctima de mala praxis, que ha creado\u00a0<b>TReVoices<\/b>, para oponerse a la transici\u00f3n m\u00e9dica de ni\u00f1os; \u00e9l desmiente categ\u00f3ricamente que la hormonaci\u00f3n sea inocua y reversible.<\/span><\/p>\n<p class=\"paragraph\" style=\"text-align: justify;\"><span style=\"font-size: 14pt;\">Entrevistado por\u00a0<i>National Review,<\/i>\u00a0Matt Walsh dijo que el transgenerismo es \u201ccomo la vaca sagrada\u201d y que los activistas trans \u201cse sienten autorizados a decir cualquier cosa y a amenazarte\u201d, porque \u201csi los cuestionas eres la peor clase de blasfemador\u201d.<\/span><\/p>\n<p class=\"paragraph\" style=\"text-align: justify;\"><span style=\"font-size: 14pt;\">A los que lo llaman \u201cextremista\u201d y \u201cdinosaurio\u201d, Walsh les recuerda que las cosas que \u00e9l dice eran\u00a0<b>consideradas \u201chechos biol\u00f3gicos\u201d hasta hace apenas dos d\u00e9cadas.<\/b>\u00a0\u201cEsta es una lucha que podemos ganar\u201d, dijo. Y aclar\u00f3: \u201cCuando digo \u2018nosotros\u2019, me refiero a las personas racionales y cuerdas&#8230; No hace falta ser conservador para darse cuenta de que los hombres son hombres y las mujeres son mujeres\u201d.<\/span><\/p>\n<p class=\"paragraph\" style=\"text-align: justify;\"><span style=\"font-size: 14pt;\">Y en cuanto a c\u00f3mo descoloca a sus entrevistados, dice que, si pueden \u201cser puestos de rodillas por una pregunta\u201d es porque \u201cah\u00ed hay una verdadera debilidad\u201d.<\/span><\/p>\n<p class=\"paragraph\" style=\"text-align: justify;\"><span style=\"font-size: 14pt;\">\u201cCreo que<b>\u00a0la ideolog\u00eda de g\u00e9nero puede ser vencida porque no resiste ning\u00fan tipo de escrutinio\u00a0<\/b>-insisti\u00f3-. Lo \u00fanico que hace falta es que tengamos un poco de audacia, que la miremos a la cara y hagamos algunas preguntas b\u00e1sicas\u201d.<\/span><\/p>\n<p class=\"paragraph\" style=\"text-align: justify;\"><span style=\"font-size: 14pt;\">Sin embargo, son llamativas las entrevistas callejeras del documental -a j\u00f3venes al azar y a mujeres en una marcha feminista- por la naturalidad con la que asimilan realidad a subjetividad: \u201cSi es real para vos, entonces es real\u201d&#8230;<\/span><\/p>\n<p class=\"paragraph\" style=\"text-align: justify;\"><span style=\"font-size: 14pt;\">n eso consiste su documental: tiene momentos desopilantes y otros angustiantes porque hay testimonios fuertes. Su principal m\u00e9rito es exponer este pensamiento y mostrar hasta qu\u00e9 punto est\u00e1 impregnando las mentalidades.<\/span><\/p>\n<p class=\"paragraph\" style=\"text-align: justify;\"><span style=\"font-size: 14pt;\">Particularmente graciosa es su visita a una\u00a0<b>comunidad rural de Nairobi\u00a0<\/b>para indagar sobre estos temas. Los locales ni siquiera entienden de qu\u00e9 les est\u00e1 hablando Walsh, que entonces concluye que esto del transgenerismo es una preocupaci\u00f3n exclusivamente occidental.<\/span><\/p>\n<p class=\"paragraph\" style=\"text-align: justify;\"><span style=\"font-size: 14pt;\">Otro momento ins\u00f3lito es cuando\u00a0<b>Gert Comfrey<\/b>, psicoterapeuta, le dice que no puede definir qu\u00e9 es una mujer porque ella no lo es\u2026 cuando visiblemente s\u00ed lo es.<\/span><\/p>\n<p class=\"paragraph\" style=\"text-align: justify;\"><span style=\"font-size: 14pt;\"><b>Debbie Hayton<\/b>, periodista y docente brit\u00e1nica trans, pero que cuestiona la ideolog\u00eda de g\u00e9nero, sostiene que el documental crea conciencia sobre una realidad. Pero se\u00f1ala que Walsh \u201cno explica por qu\u00e9 una idea tan extra\u00f1a ha cautivado a la sociedad\u201d. \u201c\u00bfPor qu\u00e9 tanta gente -especialmente joven- se identifica como transg\u00e9nero o no binaria?<\/span><\/p>\n<p class=\"paragraph\" style=\"text-align: justify;\"><span style=\"font-size: 14pt;\">Es \u201cla\u201d pregunta que hay que responder.<\/span><\/p>\n<p class=\"paragraph\" style=\"text-align: justify;\"><span style=\"font-size: 14pt;\">El film apunta contra\u00a0<b>Alfred Kinsey\u00a0<\/b>y sus estudios sobre la conducta sexual, y sobre todo contra<b>\u00a0John Money<\/b>\u00a0y su teor\u00eda de que el ni\u00f1o nace con un g\u00e9nero neutro.<\/span><\/p>\n<p class=\"paragraph\" style=\"text-align: justify;\"><span style=\"font-size: 14pt;\">Algunos pocos cr\u00edticos que s\u00ed vieron el film lamentan que Walsh no haya entrevistado a varias ensayistas que han realizado cr\u00edticas exhaustivas de la ideolog\u00eda de g\u00e9nero, como\u00a0<b>Helen Joyce, Kathleen Stock\u00a0<\/b>y\u00a0<b>Julie Blindel.<\/b><\/span><\/p>\n<p class=\"paragraph\" style=\"text-align: justify;\"><span style=\"font-size: 14pt;\">Debbie Hayton comparte sin embargo la preocupaci\u00f3n del autor del documental por la multiplicaci\u00f3n de intervenciones transg\u00e9nero en ni\u00f1os. Walsh entrevista a\u00a0<b>Marci Bowers<\/b>, mujer trans, cirujana que lleva practicadas unas\u00a0<b>2000 vaginoplastias<\/b>, operaciones de transici\u00f3n. Al respecto, Hayton dice: \u201cSeamos claros en lo que esto significa. A un ni\u00f1o demasiado joven para tener un tatuaje se le extirpan los test\u00edculos y se le filetea el pene\u201d.<\/span><\/p>\n<p class=\"paragraph\" style=\"text-align: justify;\"><span style=\"font-size: 14pt;\">Y en cuanto a la insistencia en que atletas trans compitan en la categor\u00eda femenina, Hayton dice: \u201cAl imponer esta vil tonter\u00eda a los estudiantes, al punto de obligar a las chicas j\u00f3venes a compartir los vestuarios con los chicos, se los priva de la seguridad y la privacidad, y tambi\u00e9n de algo m\u00e1s fundamental, que es la verdad\u201d. Este tema tambi\u00e9n es abordado en el film con testimonios de mujeres deportistas que est\u00e1n obligadas a callar por miedo a la sanci\u00f3n o la expulsi\u00f3n. Cuando se animaron a protestar, la respuesta fue: \u201cEres transf\u00f3bica\u201d. O, en el mejor de los casos: \u201cPodemos ayudarte a superar esto con psicoterapia\u201d.<\/span><\/p>\n<p class=\"paragraph\" style=\"text-align: justify;\"><span style=\"font-size: 14pt;\">Por \u00faltimo, \u00bfqu\u00e9 hubiera respondido el propio Matt Walsh a su pregunta?: \u201cHabr\u00eda dado una respuesta biol\u00f3gica, porque esa es cien por ciento la respuesta. \u00bfQu\u00e9 es una mujer?:\u00a0<b>una hembra humana adulta\u201d<\/b>.<\/span><\/p>\n<p>&nbsp;<\/p>\n<p><img loading=\"lazy\" decoding=\"async\" class=\"aligncenter size-full wp-image-2254123\" src=\"https:\/\/puntocritico.com\/ausajpuntocritico\/wp-content\/uploads\/2022\/08\/Justicia-mujeres-USA-1983-PPAL-reducida.jpg\" alt=\"\" width=\"678\" height=\"381\" data-id=\"2254123\" srcset=\"https:\/\/puntocritico.com\/ausajpuntocritico\/wp-content\/uploads\/2022\/08\/Justicia-mujeres-USA-1983-PPAL-reducida.jpg 678w, https:\/\/puntocritico.com\/ausajpuntocritico\/wp-content\/uploads\/2022\/08\/Justicia-mujeres-USA-1983-PPAL-reducida-300x169.jpg 300w, https:\/\/puntocritico.com\/ausajpuntocritico\/wp-content\/uploads\/2022\/08\/Justicia-mujeres-USA-1983-PPAL-reducida-610x343.jpg 610w\" sizes=\"auto, (max-width: 678px) 100vw, 678px\" \/><\/p>\n<p style=\"text-align: center;\"><strong><span style=\"color: #008000; font-size: 18pt;\">*******<\/span><\/strong><\/p>\n<h2 class=\"article-headline\" style=\"text-align: center;\"><span style=\"font-size: 24pt;\">El macartismo se volvi\u00f3 de izquierda: pensamiento \u00fanico en nombre de la diversidad<\/span><\/h2>\n<p class=\"article-subheadline\" style=\"text-align: center;\"><em><strong><span style=\"font-size: 14pt;\">El progresismo es la nueva ideolog\u00eda dominante en la cultura: impone su credo de modo absoluto. En nombre de minor\u00edas supuestamente ofendidas se amordaza toda opini\u00f3n divergente. En la faena, se llevan por delante la libertad de expresi\u00f3n y otras garant\u00edas individuales b\u00e1sicas<\/span><\/strong><\/em><\/p>\n<div class=\"byline\">\n<div class=\"author-image\" style=\"text-align: justify;\"><span style=\"font-size: 14pt;\">Por Claudia Peir\u00f3<\/span><\/div>\n<div class=\"byline-text-wrapper\" style=\"text-align: justify;\">\n<div class=\"byline-datetime\"><span style=\"font-size: 14pt;\"><a href=\"https:\/\/www.infobae.com\/opinion\/2021\/09\/05\/el-macartismo-se-volvio-de-izquierda-pensamiento-unico-en-nombre-de-la-diversidad\/\">INFOBAE<\/a>, 5 de Septiembre de 2021<\/span><\/div>\n<\/div>\n<\/div>\n<p><img loading=\"lazy\" decoding=\"async\" class=\"aligncenter wp-image-2267331 size-mh-magazine-content\" src=\"https:\/\/puntocritico.com\/ausajpuntocritico\/wp-content\/uploads\/2023\/02\/mc-1-678x381.jpg\" alt=\"\" width=\"678\" height=\"381\" data-id=\"2267331\" srcset=\"https:\/\/puntocritico.com\/ausajpuntocritico\/wp-content\/uploads\/2023\/02\/mc-1-678x381.jpg 678w, https:\/\/puntocritico.com\/ausajpuntocritico\/wp-content\/uploads\/2023\/02\/mc-1-300x169.jpg 300w, https:\/\/puntocritico.com\/ausajpuntocritico\/wp-content\/uploads\/2023\/02\/mc-1-768x432.jpg 768w, https:\/\/puntocritico.com\/ausajpuntocritico\/wp-content\/uploads\/2023\/02\/mc-1-610x343.jpg 610w, https:\/\/puntocritico.com\/ausajpuntocritico\/wp-content\/uploads\/2023\/02\/mc-1.jpg 945w\" sizes=\"auto, (max-width: 678px) 100vw, 678px\" \/><\/p>\n<p>&nbsp;<\/p>\n<p class=\"paragraph\" style=\"text-align: justify;\"><span style=\"font-size: 14pt;\">No es nuevo el autoritarismo de izquierda, pero antes estaba acantonado en reg\u00edmenes de cu\u00f1o sovi\u00e9tico. Hoy, despojado ya de su contenido de clase,\u00a0<b>el credo de los grupos progresistas se ha vuelto oficial: es la ultracorrecci\u00f3n pol\u00edtica, adoptada por el propio \u201csistema\u201d, que sabe que no lo pone en jaque, sino todo lo contrario: desv\u00eda las energ\u00edas hacia combates contra enemigos imaginarios y produce divisiones que favorecen a los que quieren reinar.<\/b><\/span><\/p>\n<p class=\"paragraph\" style=\"text-align: justify;\"><span style=\"font-size: 14pt;\">Hace 70 a\u00f1os, el senador estadounidense<b>\u00a0Joseph McCarthy\u00a0<\/b>lanzaba una campa\u00f1a de depuraci\u00f3n ideol\u00f3gica contra todo aquel que hubiera esbozado alguna vez una m\u00ednima simpat\u00eda por las ideas comunistas. Los \u201cse\u00f1alados\u201d eran investigados, procesados, obligados a la delaci\u00f3n y a un humillante mea culpa p\u00fablico. La alternativa era<b>\u00a0la muerte civil: la estigmatizaci\u00f3n y la exclusi\u00f3n<\/b> de sus c\u00edrculos de pertenencia.<\/span><\/p>\n<p class=\"paragraph\" style=\"text-align: justify;\"><span style=\"font-size: 14pt;\"><mark class=\"hl_yellow\">Un clima que resurge ahora de la mano de las \u201ccancelaciones\u201d por las que cualquier opini\u00f3n que difiera aun levemente de la ortodoxia, definida por la ultracorrecci\u00f3n pol\u00edtica, es pasible de censura y de un boicot extensivo a la persona, condenada sin juicio ni apelaci\u00f3n.<\/mark><\/span><\/p>\n<p class=\"paragraph\" style=\"text-align: justify;\"><span style=\"font-size: 14pt;\">\u00bfHace falta recordar, como lo hizo en su tiempo Edward R. Murrow, cr\u00edtico de McCarthy, que\u00a0<b>\u201cuna acusaci\u00f3n no es una prueba\u00a0<\/b>y una condena depende de la evidencia y del debido proceso\u201d? Hoy,\u00a0<b>el macartismo dej\u00f3 de ser patrimonio exclusivo de una derecha reaccionaria, para convertirse en el arma de un progresismo cada vez m\u00e1s intolerante y autoritario.<\/b><\/span><\/p>\n<p class=\"paragraph\" style=\"text-align: justify;\"><span style=\"font-size: 14pt;\">Hoy, somos todos rehenes de\u00a0<b>minor\u00edas que coartan cualquier debate en nombre de su derecho a no ser ofendidas<\/b>. Minor\u00edas activas y vociferantes -indigenistas, feministas, trans, ecologistas, veganos, etc- logran mediante acciones de presi\u00f3n -escraches presenciales y en redes, boicot o directamente denuncia penal- imponer su criterio al conjunto.<\/span><\/p>\n<p class=\"paragraph\" style=\"text-align: justify;\"><span style=\"font-size: 14pt;\">El psic\u00f3logo social\u00a0<b>Jonathan Haidt,<\/b>\u00a0profesor de la Universidad de Nueva York, es\u00a0<b>un cr\u00edtico de la polarizaci\u00f3n y de las tan de moda pol\u00edticas identitarias<\/b>, cuyo resultado es la fragmentaci\u00f3n de la sociedad en grupos minoritarios que reclaman reparaciones por ofensas a veces m\u00e1s pasadas que presentes de las que culpan al resto de la sociedad. En una entrevista con el diario espa\u00f1ol\u00a0<i>El Mundo<\/i>, en octubre de 2018, Haidt explicaba que este fen\u00f3meno es\u00a0<b>una amenaza a la convivencia y a la libertad.<\/b><\/span><\/p>\n<p class=\"paragraph\" style=\"text-align: justify;\"><span style=\"font-size: 14pt;\">\u201c\u00bfDebemos sobreproteger a los colectivos hist\u00f3ricamente discriminados? \u00bfA las mujeres, los homosexuales o los afroamericanos? Yo soy jud\u00edo. Y pienso:\u00a0<b>claro que hay que luchar contra el machismo, el racismo o el antisemitismo<\/b>.\u00a0<b>Pero esa batalla, \u00bfc\u00f3mo ha de librarse?\u00a0<\/b>\u00bfDebemos renunciar al uso de determinadas palabras? \u00bfDebemos liquidar el debate en libertad y aceptar la censura?\u201d<\/span><\/p>\n<p class=\"paragraph\" style=\"text-align: justify;\"><span style=\"font-size: 14pt;\">Y en relaci\u00f3n a la ofensa como fundamento de la censura, agregaba:\u00a0<b>\u201cNo se juzga a una persona por lo que quiso decir o incluso dijo literalmente, sino por los efectos de sus palabras sobre un tercero<\/b>. Ese tercero suele ser un presunto colectivo que se arroga el derecho a hablar en nombre de millones de individuos: mujeres, homosexuales, afroamericanos, musulmanes&#8230; Y que invoca sus sentimientos, por definici\u00f3n subjetivos, para justificar su intolerancia\u201d.<\/span><\/p>\n<p class=\"paragraph\" style=\"text-align: justify;\"><span style=\"font-size: 14pt;\">El caso del futbolista uruguayo\u00a0<b>Edinson Cavani,<\/b>\u00a0sancionado en Gran Breta\u00f1a por dirigirle un \u201cgracias Negrito\u201d a un amigo, ilustra a las claras esta tendencia.\u00a0<b>Ac\u00e1 ni siquiera hubo un ofendido, real o supuesto. Fue el sistema, la cultura hoy dominante.\u00a0<\/b><mark class=\"hl_yellow\">La hipocres\u00eda de las elites que se acomodan muy bien con las pol\u00edticas identitarias que llevan a la gente a luchar contra molinos de viento mientras los verdaderos males de la sociedad siguen en pie.\u00a0<\/mark>El caso Cavani concentra todos los ingredientes de este neomacartismo. A pesar de las aclaraciones del sentido absolutamente inofensivo del apelativo Negrito, la Federaci\u00f3n inglesa de f\u00fatbol mantuvo la sanci\u00f3n -nada leve: 3 fechas de suspensi\u00f3n y una multa de 100.000 libras- argumentando que el comentario fue \u201cinsultante, abusivo, impropio\u201d y que le daba \u201cmala reputaci\u00f3n al f\u00fatbol\u201d. El cinismo en su m\u00e1xima expresi\u00f3n.<\/span><\/p>\n<p class=\"paragraph\" style=\"text-align: justify;\"><span style=\"font-size: 14pt;\"><b>La misma l\u00f3gica est\u00e1 detr\u00e1s del lenguaje que se presume inclusivo.\u00a0<\/b>Se atribuye a una palabra el poder de ofender, como tambi\u00e9n se le atribuye el poder de superar los problemas. Cambio mi discurso y cambio la realidad.\u00a0<b>No hay duda de que la lucha en el plano discursivo es m\u00e1s c\u00f3moda. No tiene m\u00e1s riesgo que el rid\u00edculo<\/b>. Hacer de cuenta que no se es racista -escandaliz\u00e1ndose si alguien dice \u201cnegro\u201d- importa m\u00e1s que no serlo. Parecer antes que ser. Desdoblar todo en masculino y femenino basta para no ser machista. A la inversa, se asegura sin pudor que, antes de la invenci\u00f3n de esta neolengua orwelliana, las mujeres no estaban incluidas o no se sent\u00edan convocadas por los discursos, confirmando que<b>\u00a0el sentido com\u00fan es la primera v\u00edctima de la correcci\u00f3n pol\u00edtica.<\/b><\/span><\/p>\n<p class=\"paragraph\" style=\"text-align: justify;\"><span style=\"font-size: 14pt;\"><b>No interesa la trayectoria de una persona; basta un desliz, una salida de tono, un error\u00a0<\/b>o, como sucede en la mayor\u00eda de los casos, una mala interpretaci\u00f3n, para enviarla al cadalso. Hay cosas que no se deben decir. Punto. Hay que obligar a la gente a hablar bien, imponerles el lenguaje inclusivo, suprimir las palabras incorrectas del diccionario. No importa la intenci\u00f3n ni el contexto, si se dice la palabra prohibida no hay defensa que valga, como lo comprob\u00f3 en carne propia el futbolista Cavani.<\/span><\/p>\n<p class=\"paragraph\" style=\"text-align: justify;\"><span style=\"font-size: 14pt;\">Hay que amoldarse a\u00a0<b>las buenas conciencias de hoy, a la indignaci\u00f3n de almas puras que encuentran en estas poses de intransigencia la militancia que nunca practicaron en la calle.\u00a0<\/b>Frente a la ofensa, generalmente muy subjetiva,\u00a0<b>la presunci\u00f3n de inocencia es un concepto perimido<\/b>, una antig\u00fcedad: en las redes, est\u00e1 permitido cazar, escrachar, descalificar, anatemizar, condenar al ostracismo, a la muerte social y profesional.<\/span><\/p>\n<p class=\"paragraph\" style=\"text-align: justify;\"><span style=\"font-size: 14pt;\"><i>Libertad de inexpresi\u00f3n<\/i>\u00a0&#8211; t\u00edtulo que lo dice todo- es el \u00faltimo ensayo [<i>Libert\u00e9 d\u2019inexpression, des formes contemporaines de la censure<\/i>\u00a0&#8211; \u00e9ditions de l\u2019Artilleur, 2020], de la fil\u00f3sofa francesa\u00a0<b>Anne-Sophie Chazaud<\/b>, que describe una realidad en la cual\u00a0<b>la libertad de expresi\u00f3n no es m\u00e1s un valor sino un obst\u00e1culo<\/b>\u00a0a la realizaci\u00f3n de una loca utop\u00eda: la de una sociedad donde todas las diversidades florecen, salvo una, la de opini\u00f3n. Una sociedad de susceptibles, de gente que se declara lastimada, ofendida, por las palabras de otros.<\/span><\/p>\n<p class=\"paragraph\" style=\"text-align: justify;\"><span style=\"font-size: 14pt;\"><mark class=\"hl_yellow\">\u201cLuchar por los derechos que se te niegan en raz\u00f3n de tus rasgos f\u00edsicos o aficiones es leg\u00edtimo y necesario\u201d, dec\u00eda Jonathan Haidt en la nota citada. Pero\u00a0<b>el camino es apelar a la com\u00fan condici\u00f3n humana\u00a0<\/b>y no a la divisi\u00f3n, agregaba. \u201cLo contrario es lo que hacen los nuevos identitaristas. Hablan de opresores y oprimidos. Promueven una visi\u00f3n binaria del mundo. Ahondan en la segregaci\u00f3n y el enfrentamiento entre los seres humanos. Nos abocan al conflicto y la fragmentaci\u00f3n. A muchos j\u00f3venes esto les atrae, les gusta: despierta sus arcaicos instintos tribales, da sentido a sus vidas. Pero para un pa\u00eds y para la paz es un desastre\u201d.<\/mark><\/span><\/p>\n<p class=\"paragraph\" style=\"text-align: justify;\"><span style=\"font-size: 14pt;\">Este clima identitario<b>\u00a0se completa con el planteo de que un sector no puede representar al otro, ni comprenderlo, ni ponerse en su lugar<\/b>, lo que evidentemente lleva al no di\u00e1logo, al gueto. A la fragmentaci\u00f3n social y cultural.<\/span><\/p>\n<p class=\"paragraph\" style=\"text-align: justify;\"><span style=\"font-size: 14pt;\">Se llega al colmo de decir que en el cine<b>\u00a0un blanco no puede hacer el doblaje de un negro<\/b>. Una int\u00e9rprete blanca no puede traducir la novela de una escritora negra\u2026. Hace poco la actriz\u00a0<b>Hillary Swank cay\u00f3 en el rid\u00edculo de pedir perd\u00f3n por haber interpretado a un chico transg\u00e9nero sin serlo<\/b>\u2026 La negaci\u00f3n misma de la actuaci\u00f3n.<\/span><\/p>\n<div class=\"visual__image\">\u00a0<\/div>\n<div>\n<figure id=\"attachment_2267332\" aria-describedby=\"caption-attachment-2267332\" style=\"width: 678px\" class=\"wp-caption aligncenter\"><img loading=\"lazy\" decoding=\"async\" class=\"wp-image-2267332 size-mh-magazine-content\" src=\"https:\/\/puntocritico.com\/ausajpuntocritico\/wp-content\/uploads\/2023\/02\/Swank-678x381.jpg\" alt=\"\" width=\"678\" height=\"381\" data-id=\"2267332\" srcset=\"https:\/\/puntocritico.com\/ausajpuntocritico\/wp-content\/uploads\/2023\/02\/Swank-678x381.jpg 678w, https:\/\/puntocritico.com\/ausajpuntocritico\/wp-content\/uploads\/2023\/02\/Swank-300x168.jpg 300w, https:\/\/puntocritico.com\/ausajpuntocritico\/wp-content\/uploads\/2023\/02\/Swank-768x430.jpg 768w\" sizes=\"auto, (max-width: 678px) 100vw, 678px\" \/><figcaption id=\"caption-attachment-2267332\" class=\"wp-caption-text\"><span style=\"color: #008000;\">Hilary Swank (centro) en el film \u00abLos muchachos no lloran\u00bb, en el que interpret\u00f3 a un chico trans. Hoy dice estar arrepentida. Photo by Bill Matlock\/Fox Searchlight\/Kobal\/Shutterstock<\/span><\/figcaption><\/figure>\n<\/div>\n<div>\u00a0<\/div>\n<p class=\"paragraph\" style=\"text-align: justify;\"><span style=\"font-size: 14pt;\">Son planteos inconducentes pero adem\u00e1s falsos.\u00a0<b>Muchos varones han promovido la emancipaci\u00f3n de la mujer.<\/b>\u00a0De lo contrario, es inexplicable, por ejemplo, que en la Argentina de 1991, un Congreso abrumadoramente masculino -266 varones y s\u00f3lo 16 mujeres- haya aprobado el cupo femenino.<\/span><\/p>\n<p class=\"paragraph\" style=\"text-align: justify;\"><span style=\"font-size: 14pt;\"><b>Muchos blancos han luchado contra la esclavitud y contra el racismo<\/b>; algunos al precio de enormes sacrificios, como el sudafricano\u00a0<b>Denis Goldberg,<\/b>\u00a0arrestado junto a Nelson Mandela, en cuyo partido militaba, y al que la blancura de la piel no lo salv\u00f3 de pasar 22 a\u00f1os en prisi\u00f3n en Sud\u00e1frica; otros, al precio del martirio, como\u00a0<b>Andrew Goodman y Michael Schwerner<\/b>, dos activistas de la lucha contra la segregaci\u00f3n en los Estados Unidos, asesinados en 1964 junto a su camarada afroamericano James Earl Chaney; hecho que inspir\u00f3 la pel\u00edcula\u00a0<i>Mississippi en llamas<\/i>\u00a0(1988).<\/span><\/p>\n<p class=\"paragraph\" style=\"text-align: justify;\"><span style=\"font-size: 14pt;\">El sudafricano Goldberg bien\u00a0<b>podr\u00eda denunciar invisibilizaci\u00f3n<\/b>\u00a0-esa condici\u00f3n tan de moda- porque nadie -o casi nadie- se acuerda de \u00e9l; en ninguno de los films o libros recientes sobre Mandela se menciona que tuvo un camarada blanco de lucha y de infortunio.<\/span><\/p>\n<p class=\"paragraph\" style=\"text-align: justify;\"><span style=\"font-size: 14pt;\"><mark class=\"hl_yellow\">La emancipaci\u00f3n femenina en la Argentina no fue obra de ning\u00fan feminismo, sino una construcci\u00f3n conjunta de varones y mujeres y, contradiciendo el relato, en muchos casos fue iniciativa de los hombres, como el voto femenino (Juan Per\u00f3n) y el ya citado cupo en las listas electorales (promovido personalmente por Menem).<\/mark><\/span><\/p>\n<p class=\"paragraph\" style=\"text-align: justify;\"><span style=\"font-size: 14pt;\">Pero, desconociendo la historia, el nuevo feminismo\u00a0<b>condena a los varones en bloque, como el nuevo movimiento antirracista postula la culpa intr\u00ednseca de todos los blancos.\u00a0<\/b>Recordemos la espantosa coreograf\u00eda \u201cEl violador eres t\u00fa\u201d, para cuya recreaci\u00f3n prestaron su pluma feministas locales supuestamente moderadas:\u00a0<b>\u201cEl violador sos vos<\/b>\u00a0\/ El tirano sos vos \/ El opresor sos vos\u201d.\u00a0<b>El feminismo hizo su aporte a la construcci\u00f3n de este clima macartista:\u00a0<\/b>instalando que a la mujer hay que creerle siempre y que, en materia de ofensa de g\u00e9nero, no existe la presunci\u00f3n de inocencia ni la prescripci\u00f3n del delito.\u00a0<b>Todo var\u00f3n es culpable hasta que demuestre lo contrario.<\/b>\u00a0Linda Snecker, del partido de izquierda sueca, lo explicit\u00f3: \u201cNo podemos verte y saber si sos violador o no. Por eso asumimos que lo sos. Esa es la cruda verdad. Es por eso que los hombres deben asumir su responsabilidad colectiva. Todos los hombres\u201d.<\/span><\/p>\n<div class=\"article-video | undefined visual__video height_auto width_full margin_vertical_10px\">\u00a0<\/div>\n<div>\n<figure id=\"attachment_2267333\" aria-describedby=\"caption-attachment-2267333\" style=\"width: 686px\" class=\"wp-caption aligncenter\"><img loading=\"lazy\" decoding=\"async\" class=\"size-full wp-image-2267333\" src=\"https:\/\/puntocritico.com\/ausajpuntocritico\/wp-content\/uploads\/2023\/02\/Swed.jpg\" alt=\"\" width=\"686\" height=\"500\" data-id=\"2267333\" srcset=\"https:\/\/puntocritico.com\/ausajpuntocritico\/wp-content\/uploads\/2023\/02\/Swed.jpg 686w, https:\/\/puntocritico.com\/ausajpuntocritico\/wp-content\/uploads\/2023\/02\/Swed-300x219.jpg 300w, https:\/\/puntocritico.com\/ausajpuntocritico\/wp-content\/uploads\/2023\/02\/Swed-610x445.jpg 610w\" sizes=\"auto, (max-width: 686px) 100vw, 686px\" \/><figcaption id=\"caption-attachment-2267333\" class=\"wp-caption-text\"><span style=\"color: #008000;\">\u00abComo no podemos mirate y saber si sos violador o no, debemos asumir que todos los hombres son violadores. Esa es la brutal verdad. Es un problema estructural. Esa es la raz\u00f3n por la que los hombres deben asumir su responsabilidad colectiva\u00bb Linda Snecker, Partido de la Izquierda Sueca<\/span><\/figcaption><\/figure>\n<\/div>\n<div>\u00a0<\/div>\n<p class=\"paragraph\" style=\"text-align: justify;\"><span style=\"font-size: 14pt;\">Si alguien cree que estos delirios nos son ajenos, vean el mensaje de una docente hace un tiempo en Twitter:\u00a0<b>\u201cTres alumnas me dijeron que: Todos los hombres, todos, son violadores en potencia.<\/b>\u00a0Tuve que respirar dos o tres veces para contestarles suave y tranquilamente. \u00bfLo peor? Que 18 varones del aula no se animaron a refutarlas\u201d.<\/span><\/p>\n<p>&nbsp;<\/p>\n<figure id=\"attachment_2267334\" aria-describedby=\"caption-attachment-2267334\" style=\"width: 555px\" class=\"wp-caption aligncenter\"><img loading=\"lazy\" decoding=\"async\" class=\"wp-image-2267334\" src=\"https:\/\/puntocritico.com\/ausajpuntocritico\/wp-content\/uploads\/2023\/02\/Argent-Tuit.jpg\" alt=\"\" width=\"555\" height=\"343\" data-id=\"2267334\" srcset=\"https:\/\/puntocritico.com\/ausajpuntocritico\/wp-content\/uploads\/2023\/02\/Argent-Tuit.jpg 907w, https:\/\/puntocritico.com\/ausajpuntocritico\/wp-content\/uploads\/2023\/02\/Argent-Tuit-300x186.jpg 300w, https:\/\/puntocritico.com\/ausajpuntocritico\/wp-content\/uploads\/2023\/02\/Argent-Tuit-768x475.jpg 768w, https:\/\/puntocritico.com\/ausajpuntocritico\/wp-content\/uploads\/2023\/02\/Argent-Tuit-610x377.jpg 610w\" sizes=\"auto, (max-width: 555px) 100vw, 555px\" \/><figcaption id=\"caption-attachment-2267334\" class=\"wp-caption-text\"><span style=\"color: #008000;\">El tuit de una maestra de Argentina<\/span><\/figcaption><\/figure>\n<div class=\"visual__image\">\u00a0<\/div>\n<div>\u00a0<\/div>\n<p class=\"paragraph\" style=\"text-align: justify;\"><span style=\"font-size: 14pt;\">Ya lo dijo\u00a0<b>Paloma San Basilio:<\/b>\u00a0\u201cCon el tema del acoso podemos volver a la Inquisici\u00f3n\u201d.<\/span><\/p>\n<p class=\"paragraph\" style=\"text-align: justify;\"><span style=\"font-size: 14pt;\">La ley se aplica con retroactividad. Desaparece el contexto,\u00a0<b>no hay gradaci\u00f3n, ni escala en los delitos<\/b>. Un comentario fuera de lugar configura a un acosador. Un baboso es lo mismo que un violador.\u00a0<b>No se distingue, como en el derecho penal, la infracci\u00f3n del crimen.<\/b>\u00a0No hay atenuantes. Un solo hecho, un solo acto, un solo paso en falso, define a la persona en su totalidad y de por vida. Bien lo sabe Roman Polanski.<\/span><\/p>\n<p class=\"paragraph\" style=\"text-align: justify;\"><span style=\"font-size: 14pt;\">Lo que en otro tiempo hubiera sido visto como\u00a0<b>groser\u00eda, desubicaci\u00f3n, falta de delicadeza o de educaci\u00f3n, hoy es crimen de lesa humanidad.<\/b>\u00a0Todo forma parte de ese patriarcado que, de acuerdo al relato hegem\u00f3nico es el paradigma y basamento de todas las injusticias, de toda explotaci\u00f3n, del colonialismo y del imperialismo.\u00a0<mark class=\"hl_yellow\">No importa que los varones puedan ser tanto o m\u00e1s explotados que las mujeres en el trabajo. Que lo hayan sido a lo largo de la historia. Incluso m\u00e1s que las mujeres. En el nuevo relato feminista, el motor de la historia no fue la explotaci\u00f3n de una clase por otra, sino la dominaci\u00f3n de una mitad de la humanidad -los varones- sobre la otra -las mujeres-. Ser var\u00f3n ya configura un privilegio. Cuando no configura a un delincuente, aunque m\u00e1s no sea en potencia.<\/mark><\/span><\/p>\n<p class=\"paragraph\" style=\"text-align: justify;\"><span style=\"font-size: 14pt;\">Lo mismo pasa con\u00a0<b>el nuevo racismo\u00a0<\/b>que tiene un discurso acusatorio no solo para el que comete un acto racista, sino para el que no admite su culpa intr\u00ednseca por no ser negro: \u201cNegar sus privilegios blancos es participar del sistema racista\u201d, dijo por ejemplo Maboula Soumahoro, una catedr\u00e1tica franco-africana. \u201cReconozcan y admitan su poder y privilegio y el hecho de que se est\u00e1n beneficiando de sistemas racistas\u201d, fue el cargo de Sandra Inuqit, referente de una asociaci\u00f3n Inuit (esquimal) de Canad\u00e1, a todos los no esquimales.<\/span><\/p>\n<p class=\"paragraph\" style=\"text-align: justify;\"><span style=\"font-size: 14pt;\"><mark class=\"hl_yellow\">La contracara de la implacabilidad que muestran en el juicio al que se corre de la ortodoxia es el recurso constante a la victimizaci\u00f3n: si alguien critica lo que dice una mujer es por misoginia. Punto. Es llamativo ver c\u00f3mo el empoderamiento femenino tan publicitado, pone en primera fila a personas disminuidas a las que no se puede criticar.<\/mark><\/span><\/p>\n<div>\u00a0<\/div>\n<div>\u00a0<\/div>\n<div>\n<figure id=\"attachment_2267335\" aria-describedby=\"caption-attachment-2267335\" style=\"width: 578px\" class=\"wp-caption aligncenter\"><img loading=\"lazy\" decoding=\"async\" class=\"size-full wp-image-2267335\" src=\"https:\/\/puntocritico.com\/ausajpuntocritico\/wp-content\/uploads\/2023\/02\/Miss-3.jpg\" alt=\"\" width=\"578\" height=\"772\" data-id=\"2267335\" srcset=\"https:\/\/puntocritico.com\/ausajpuntocritico\/wp-content\/uploads\/2023\/02\/Miss-3.jpg 578w, https:\/\/puntocritico.com\/ausajpuntocritico\/wp-content\/uploads\/2023\/02\/Miss-3-225x300.jpg 225w\" sizes=\"auto, (max-width: 578px) 100vw, 578px\" \/><figcaption id=\"caption-attachment-2267335\" class=\"wp-caption-text\"><span style=\"color: #008000;\">Andrew Goodman, James Earl Chaney y Michael Schwerner, m\u00e1rtires de la lucha contra la segregaci\u00f3n en los Estados Unidos, asesinados en 1964<\/span><\/figcaption><\/figure>\n<\/div>\n<div class=\"visual__image\">\u00a0<\/div>\n<p class=\"paragraph\" style=\"text-align: justify;\"><span style=\"font-size: 14pt;\">Lejos de tomarlo como un desaf\u00edo al sistema, la elite mundial se hace vocera de esto. Es algo en lo cual no reflexionan los militantes de\u00a0<b>una \u201crevoluci\u00f3n\u201d que curiosamente no sufre la oposici\u00f3n del poder, no exige sacrificios -m\u00e1s bien es premiada-, ni implica riesgos; m\u00e1s aun, es promovida desde arriba<\/b>. En Argentina tenemos un presidente que habla inclusivo y tapa su inoperancia con iniciativas de g\u00e9nero. Que ha multiplicado las estructuras estatales y el presupuesto destinado a la correcci\u00f3n pol\u00edtica.<\/span><\/p>\n<p class=\"paragraph\" style=\"text-align: justify;\"><span style=\"font-size: 14pt;\">Que el profesor canadiense\u00a0<b>Jordan Peterson<\/b>, implacable detractor de las ideolog\u00edas pol\u00edticamente correctas, sea objeto de cancelaci\u00f3n casi parece natural. La universidad de Cambridge le retir\u00f3 hace un tiempo el ofrecimiento que le hab\u00eda hecho como investigador invitado por una campa\u00f1a organizada por estudiantes y profesores. Pero los dardos de los cultores de la correcci\u00f3n pol\u00edtica no se limitan a sus ac\u00e9rrimos oponentes; se extienden a cualquiera que se corra aunque m\u00e1s no sea unos mil\u00edmetros de la l\u00ednea oficial.<b>\u00a0El progresismo no quiere ni siquiera o\u00edr una variante distinta de su credo. \u00bfEst\u00e1n tan convencidos que no pueden someter sus ideas a debate?<\/b>\u00a0La libertad acad\u00e9mica y la libertad de expresi\u00f3n est\u00e1n reservadas a los que profesan la fe.<\/span><\/p>\n<p class=\"paragraph\" style=\"text-align: justify;\"><span style=\"font-size: 14pt;\">La nueva inquisici\u00f3n\u00a0<b>quiere quemar en la hoguera a la autora de Harry Potter<\/b>\u00a0-pese a sus inclinaciones pol\u00edticas de izquierda- por el solo hecho de pedir que las mujeres sean llamadas mujeres y no personas menstruantes\u2026 Veamos la acusaci\u00f3n\/sentencia contra la escritora: \u201cSeamos claros: lo que preconizan J.K.Rowling y otros TERFs es la tortura y la muerte de los j\u00f3venes trans\u201d. \u00bfQu\u00e9 di\u00e1logo o debate puede haber despu\u00e9s de semejante veredicto?<\/span><\/p>\n<p class=\"paragraph\" style=\"text-align: justify;\"><span style=\"font-size: 14pt;\"><a href=\"https:\/\/www.infobae.com\/america\/cultura-america\/2021\/05\/22\/un-celebre-filosofo-progresista-invita-a-usar-seudonimo-para-eludir-la-censura-de-la-izquierda\/\" target=\"_blank\" rel=\"noopener\">El colmo fue la sugerencia del fil\u00f3sofo progresista Peter Singer\u00a0<\/a>a sus colegas de escribir con seud\u00f3nimo en la revista que edita para eludir la censura de \u2026. \u00a1la izquierda! Lo dijo con todas las letras: \u201cActualmente, la mayor oposici\u00f3n a la libertad de pensamiento y discusi\u00f3n proviene de la izquierda\u201d.<\/span><\/p>\n<p class=\"paragraph\" style=\"text-align: justify;\"><span style=\"font-size: 14pt;\">\u201cEl feminismo hegem\u00f3nico es un tsunami: ir en contra te hunde\u201d, dec\u00eda prof\u00e9ticamente\u00a0<b>el profesor Pablo de Lora poco antes de ser \u00e9l mismo revolcado por la ola.<\/b>\u00a0La Universidad Pompeu Fabra de Barcelona lo cancel\u00f3 por pedido de estudiantes ofendidos. V\u00edctima impensada, ya que est\u00e1 lejos de ser un reaccionario. \u00bfCu\u00e1l fue su delito?\u00a0<b>Atreverse a decir herej\u00edas como que \u201cno toda instancia de agresi\u00f3n contra la mujer lo es \u2018por el hecho de ser mujer\u2019\u201d<\/b>. O se\u00f1alar los problemas jur\u00eddicos e institucionales que plantea la afirmaci\u00f3n de que \u201cla identidad de g\u00e9nero es pura voluntad\u201d, que basta con que una persona diga que se siente mujer para que lo sea a todos los efectos. \u201cHay mujeres que no se sienten c\u00f3modas compartiendo el ba\u00f1o con personas trans -os\u00f3 decir-, y tambi\u00e9n surgen problemas en el \u00e1mbito de la competici\u00f3n deportiva\u201d. Listo.\u00a0<b>Crucificado. Machista, cis y heteropatriarcal.\u00a0<\/b>Y el terror cunde. Ninguno de sus colegas os\u00f3 defenderlo.<\/span><\/p>\n<p class=\"paragraph\" style=\"text-align: justify;\"><span style=\"font-size: 14pt;\"><b>Esto pasa en \u00e1mbitos universitarios, precisamente donde no se deber\u00eda eludir el debate sino promoverlo.<\/b>\u00a0\u00bfC\u00f3mo generar el esp\u00edritu cr\u00edtico que declaman con un discurso \u00fanico? \u201cLo m\u00e1s penoso de todo -reflexionaba De Lora- es [ver a] un conjunto de tibios [que] no se atreven a dar el paso de acercarse a ti y mucho menos defenderte en p\u00fablico\u201d.\u00a0<mark class=\"hl_yellow\">Y advert\u00eda: \u201cTienes una masa de tibios asustados, una minor\u00eda enfervorizada, y una instituci\u00f3n rendida: es el caldo de cultivo perfecto para el totalitarismo\u201d.<\/mark><\/span><\/p>\n<p class=\"paragraph\" style=\"text-align: justify;\"><span style=\"font-size: 14pt;\">Sobre esto alertaban tambi\u00e9n\u00a0<b>los 150 intelectuales que, preocupados ante el \u201cclima de intolerancia\u201d<\/b>\u00a0generado por \u201clos excesos de la nueva izquierda antiracista contra todo punto de vista que difiera del suyo\u201d, firmaron una carta abierta en Harper\u2019s Magazine el 8 de julio de 2020. Entre los signatarios estaban\u00a0<b>Margaret Atwood, Wynton Marsalis, Noam Chomsky, Martin Amis, JK Rowling y Garry Kasparov.<\/b>\u00a0En el texto afirmaban que esto \u201cera esperable de la derecha radical, pero la actitud censora est\u00e1 expandi\u00e9ndose en nuestra cultura: hay una intolerancia a los puntos de vista contrarios, un gusto por avergonzar p\u00fablicamente y condenar al ostracismo&#8230;\u201d<\/span><\/p>\n<p class=\"paragraph\" style=\"text-align: justify;\"><span style=\"font-size: 14pt;\">\u201cUn clima de miedo, contrario a la libertad de expresi\u00f3n, se instala debido a [la cancel culture]\u201d, dec\u00eda Thomas Chatterton Williams, otro de los firmantes, a\u00a0<i>Le Monde<\/i>. Y, para darle la raz\u00f3n, este diario franc\u00e9s reprodujo la carta de los intelectuales\u00a0<b>ados\u00e1ndole la innecesaria advertencia editorial de que el verdadero peligro no proviene de la izquierda radical sino de la extrema derecha y los \u201csupremacistas blancos\u201d.<\/b><\/span><\/p>\n<p class=\"paragraph\" style=\"text-align: justify;\"><span style=\"font-size: 14pt;\"><mark class=\"hl_yellow\">\u00bfQu\u00e9 mejor prueba de que la cancel culture ya no es tan marginal y de a poco impregna o al menos amedrenta a c\u00edrculos m\u00e1s amplios?<\/mark><\/span><\/p>\n<p class=\"paragraph\" style=\"text-align: justify;\"><span style=\"font-size: 14pt;\"><mark class=\"hl_yellow\">O peor, que es una manipulaci\u00f3n finalmente funcional al sistema ya que habilita la censura sin necesidad de imponerla desde el Estado. Lo que supuestamente se ejerce en nombre de minor\u00edas, en realidad no es ya una protesta contra el statu quo sino parte de \u00e9l.<\/mark><\/span><\/p>\n<p class=\"paragraph\" style=\"text-align: justify;\"><span style=\"font-size: 14pt;\">Hist\u00f3ricamente, la censura, el \u00edndex de libros prohibidos, el juicio inquisitorial, los l\u00edmites a la libertad de expresi\u00f3n\u00a0<b>estuvieron asociados a los reg\u00edmenes autoritarios<\/b>, a las dictaduras.\u00a0<b>Hoy ya no es as\u00ed. La censura se ejerce en universidades, editoriales, medios de comunicaci\u00f3n y hasta empresas,<\/b>\u00a0para excluir del discurso p\u00fablico algunos puntos de vista y tambi\u00e9n a sus voceros. Una tendencia que llega hasta la reescritura de libros -traicionando la memoria de sus autores-, la censura retrospectiva de films y obras de arte o el anacronismo en la reconstrucci\u00f3n del pasado para incluir la cuota obligada de diversidad, tolerancia y buenismo.<\/span><\/p>\n<p class=\"paragraph\" style=\"text-align: justify;\"><span style=\"font-size: 14pt;\"><b>La justificaci\u00f3n de este neomacartismo<\/b>\u00a0es que los colectivos en cuyo nombre se ejerce, organizados por raza, g\u00e9nero, orientaci\u00f3n sexual, etc., fueron privados de derechos a lo largo de la historia y silenciados, y por eso\u00a0<b>est\u00e1n autorizados ahora a la revancha -una venganza, ex post facto\u00a0<\/b>contra terceros que nada tuvieron que ver con su opresi\u00f3n, pero son culpables por su color de piel o su nacionalidad.<\/span><\/p>\n<p class=\"paragraph\" style=\"text-align: justify;\"><span style=\"font-size: 14pt;\">Hace poco, la ganadora del puesto de primera princesa en el concurso Miss France fue objeto de todo tipo de ataques en las redes por su condici\u00f3n de jud\u00eda. Peor aun fue la justificaci\u00f3n p\u00fablica de esos ataques:\u00a0<b>\u201cNo se puede ser inocentemente israel\u00ed\u201d, dijo Houria Bouteldja,<\/b>\u00a0una activista argelina.\u00a0<b>Tampoco se puede ser inocentemente blanco o inocentemente var\u00f3n.<\/b><\/span><\/p>\n<p class=\"paragraph\" style=\"text-align: justify;\"><span style=\"font-size: 14pt;\"><b>\u00bfEl racismo de los oprimidos no es racismo?<\/b>\u00a0Aunque cueste creerlo, eso sostienen. Su odio es leg\u00edtimo. Su venganza es justicia.\u00a0<b>Del mismo modo que antes afirmaban que la censura progresista no era censura. Que la represi\u00f3n en nombre de la colectivizaci\u00f3n socialista fue necesaria para la felicidad de los pueblos<\/b>. El genocidio marxista no fue genocidio. La dictadura del proletariado no era dictadura. Tampoco el r\u00e9gimen cubano de partido \u00fanico.<\/span><\/p>\n<p class=\"paragraph\" style=\"text-align: justify;\"><span style=\"font-size: 14pt;\">\u00bfY acaso no vivimos hoy\u00a0<b>un clima sovi\u00e9tico<\/b>\u00a0que lleva a que, en p\u00fablico, muchos opten por callar?<\/span><\/p>\n<p class=\"paragraph\" style=\"text-align: justify;\"><span style=\"font-size: 14pt;\">Recientemente,\u00a0<b>Riss,\u00a0<\/b>caricaturista de\u00a0<i>Charlie Hebdo<\/i>, que sobrevivi\u00f3 al atentado y hoy dirige la revista, dijo: \u201c<b>Cre\u00edmos que s\u00f3lo las religiones ten\u00edan el deseo de imponernos sus dogmas.\u00a0<\/b>Nos equivocamos. Ayer, dec\u00edamos mierda a Dios, al ej\u00e9rcito, a la Iglesia, al Estado.\u00a0<b>Hoy, debemos aprender a decir mierda a las asociaciones tir\u00e1nicas, a las minor\u00edas ombliguistas, a los blogueros y blogueras que nos pegan en los dedos como maestritos de escuela\u201d.<\/b><\/span><\/p>\n<p class=\"paragraph\" style=\"text-align: justify;\"><span style=\"font-size: 14pt;\">Lo llamativo es que\u00a0<b>estos fiscales de la diversidad no se autoperciben<\/b>\u00a0-por usar un verbo que les es caro-<b>\u00a0como parte del establishment<\/b>. M\u00e1s aun, se desconciertan al ver que la rebeld\u00eda pas\u00f3 a \u201cla derecha\u201d, como califican r\u00e1pidamente y sin matices a todo el que no comulga con ellos.\u00a0<b>Tampoco se autoperciben como la polic\u00eda del sistema aunque perge\u00f1an organismos para monitorear el odio<\/b>\u00a0-el ajeno, nunca el propio- o invierten meses de trabajo -a sueldo de lobbistas internacionales, como declaran sin complejos- para\u00a0<b>descubrir que existe gente que no piensa como ellos, que incluso piensa lo contrario que ellos<\/b>; qu\u00e9 atrevimiento\u2026 Y esa gente encima se organiza y se re\u00fane, junta fuerzas para impulsar su agenda, algo que en el universo mental de estas \u201cminor\u00edas ombliguistas\u201d s\u00f3lo ellas tienen derecho a hacer.<\/span><\/p>\n<p style=\"text-align: justify;\">\u00a0<\/p>\n<p><img loading=\"lazy\" decoding=\"async\" class=\"aligncenter size-full wp-image-9391\" src=\"https:\/\/puntocritico.com\/ausajpuntocritico\/wp-content\/uploads\/2018\/03\/mujeres-libres-1936.jpg\" alt=\"\" width=\"675\" height=\"452\" data-id=\"9391\" srcset=\"https:\/\/puntocritico.com\/ausajpuntocritico\/wp-content\/uploads\/2018\/03\/mujeres-libres-1936.jpg 675w, https:\/\/puntocritico.com\/ausajpuntocritico\/wp-content\/uploads\/2018\/03\/mujeres-libres-1936-300x201.jpg 300w\" sizes=\"auto, (max-width: 675px) 100vw, 675px\" \/><\/p>\n<p style=\"text-align: center;\"><strong><span style=\"color: #008000; font-size: 18pt;\">*******<\/span><\/strong><\/p>\n<blockquote class=\"wp-embedded-content\" data-secret=\"0TR9rOsCsg\"><p><a href=\"https:\/\/puntocritico.com\/ausajpuntocritico\/2021\/11\/27\/yo-soy-generacion-z\/\">HIPERCAPITALISMO Y POSDEMOCRACIA: \u00abYo soy generaci\u00f3n Z\u00bb  (Documental de Liz Smith). \u00abPara la Gen Z, Morfeo es s\u00f3lo el cabr\u00f3n que desconect\u00f3 a Neo de la Matrix\u00bb.<\/a><\/p><\/blockquote>\n<p><iframe loading=\"lazy\" class=\"wp-embedded-content\" sandbox=\"allow-scripts\" security=\"restricted\" style=\"position: absolute; visibility: hidden;\" title=\"\u00abHIPERCAPITALISMO Y POSDEMOCRACIA: \u00abYo soy generaci\u00f3n Z\u00bb  (Documental de Liz Smith). \u00abPara la Gen Z, Morfeo es s\u00f3lo el cabr\u00f3n que desconect\u00f3 a Neo de la Matrix\u00bb.\u00bb \u2014 Punto Cr\u00edtico Derechos Humanos\" src=\"https:\/\/puntocritico.com\/ausajpuntocritico\/2021\/11\/27\/yo-soy-generacion-z\/embed\/#?secret=U7XxOKNwdU#?secret=0TR9rOsCsg\" data-secret=\"0TR9rOsCsg\" width=\"500\" height=\"282\" frameborder=\"0\" marginwidth=\"0\" marginheight=\"0\" scrolling=\"no\"><\/iframe><\/p>\n<p>&nbsp;<\/p>\n<p>&nbsp;<\/p>\n<p><a href=\"https:\/\/puntocritico.com\/ausajpuntocritico\/author\/punto-critico\/\"><img loading=\"lazy\" decoding=\"async\" class=\"aligncenter wp-image-48\" src=\"https:\/\/puntocritico.com\/ausajpuntocritico\/wp-content\/uploads\/2016\/11\/Mosca_Punto_Cr\u00edtico_40.png\" alt=\"\" width=\"80\" height=\"80\" \/><\/a><\/p>\n<p>&nbsp;<\/p>\n","protected":false},"excerpt":{"rendered":"<div class=\"mh-excerpt\"><p>What is a woman ? &nbsp; \u00bfQu\u00e9 es una mujer?: el documental que alerta contra los peligros de la &#8216;ley trans&#8217; de Montero El analista pol\u00edtico Matt Walsh expone las incongruencias de las teor\u00edas de <a class=\"mh-excerpt-more\" href=\"https:\/\/puntocritico.com\/ausajpuntocritico\/2023\/02\/25\/what-is-a-woman-documental\/\" title=\"\u00bfQU\u00c9 ES UNA MUJER? (What is a woman?), Documental de Matt Walsh\">[&#8230;]<\/a><\/p>\n<\/div>","protected":false},"author":3,"featured_media":2267351,"comment_status":"open","ping_status":"closed","sticky":false,"template":"","format":"standard","meta":{"_acf_changed":false,"_exactmetrics_skip_tracking":false,"_exactmetrics_sitenote_active":false,"_exactmetrics_sitenote_note":"","_exactmetrics_sitenote_category":0,"footnotes":""},"categories":[7],"tags":[],"class_list":{"0":"post-2267272","1":"post","2":"type-post","3":"status-publish","4":"format-standard","5":"has-post-thumbnail","7":"category-politica"},"acf":[],"_links":{"self":[{"href":"https:\/\/puntocritico.com\/ausajpuntocritico\/wp-json\/wp\/v2\/posts\/2267272","targetHints":{"allow":["GET"]}}],"collection":[{"href":"https:\/\/puntocritico.com\/ausajpuntocritico\/wp-json\/wp\/v2\/posts"}],"about":[{"href":"https:\/\/puntocritico.com\/ausajpuntocritico\/wp-json\/wp\/v2\/types\/post"}],"author":[{"embeddable":true,"href":"https:\/\/puntocritico.com\/ausajpuntocritico\/wp-json\/wp\/v2\/users\/3"}],"replies":[{"embeddable":true,"href":"https:\/\/puntocritico.com\/ausajpuntocritico\/wp-json\/wp\/v2\/comments?post=2267272"}],"version-history":[{"count":0,"href":"https:\/\/puntocritico.com\/ausajpuntocritico\/wp-json\/wp\/v2\/posts\/2267272\/revisions"}],"wp:featuredmedia":[{"embeddable":true,"href":"https:\/\/puntocritico.com\/ausajpuntocritico\/wp-json\/wp\/v2\/media\/2267351"}],"wp:attachment":[{"href":"https:\/\/puntocritico.com\/ausajpuntocritico\/wp-json\/wp\/v2\/media?parent=2267272"}],"wp:term":[{"taxonomy":"category","embeddable":true,"href":"https:\/\/puntocritico.com\/ausajpuntocritico\/wp-json\/wp\/v2\/categories?post=2267272"},{"taxonomy":"post_tag","embeddable":true,"href":"https:\/\/puntocritico.com\/ausajpuntocritico\/wp-json\/wp\/v2\/tags?post=2267272"}],"curies":[{"name":"wp","href":"https:\/\/api.w.org\/{rel}","templated":true}]}}