{"id":2266919,"date":"2023-02-27T00:05:13","date_gmt":"2023-02-26T23:05:13","guid":{"rendered":"https:\/\/puntocritico.com\/ausajpuntocritico\/?p=2266919"},"modified":"2023-02-26T13:51:59","modified_gmt":"2023-02-26T12:51:59","slug":"el-arte-de-la-verdadera-curacion-y-parte-2-por-israel-regardie","status":"publish","type":"post","link":"https:\/\/puntocritico.com\/ausajpuntocritico\/2023\/02\/27\/el-arte-de-la-verdadera-curacion-y-parte-2-por-israel-regardie\/","title":{"rendered":"EL ARTE DE LA VERDADERA CURACI\u00d3N (y Parte 2), por Israel Regardie"},"content":{"rendered":"<p style=\"text-align: justify;\"><a href=\"https:\/\/puntocritico.com\/ausajpuntocritico\/2023\/02\/21\/el-arte-de-la-verdadera-curacion-por\/\"><span style=\"font-size: 14pt; color: #008000;\">EL ARTE DE LA VERDADERA CURACI\u00d3N (Primera parte)<\/span><\/a><\/p>\n<p style=\"text-align: center;\"><span style=\"font-size: 18pt;\">***<\/span><\/p>\n<h2 style=\"text-align: center;\"><span style=\"font-size: 24pt;\">EL ARTE DE LA VERDADERA CURACI\u00d3N (final)<\/span><\/h2>\n<h2 style=\"text-align: justify;\"><span style=\"font-size: 14pt;\">Israel Regardie<\/span><\/h2>\n<p><img loading=\"lazy\" decoding=\"async\" class=\"aligncenter wp-image-2267065 size-full\" src=\"https:\/\/puntocritico.com\/ausajpuntocritico\/wp-content\/uploads\/2023\/02\/israel-regardie-middle-pillar-300x278-1.jpg\" alt=\"Israel Regardie\" width=\"300\" height=\"278\" data-id=\"2267065\" \/><\/p>\n<h3 style=\"text-align: center;\"><span style=\"font-size: 14pt;\"><span style=\"font-size: 18pt;\">CAPITULO III<\/span><\/span><\/h3>\n<p style=\"text-align: justify;\"><span style=\"font-size: 14pt;\">Nos aproximamos a un estado posterior e importante en el desarrollo de la t\u00e9cnica del <strong>Pilar del Medio<\/strong>. Habiendo tra\u00eddo poder y energ\u00eda espirituales al sistema por medio de los centros psicoespirituales, \u00bfc\u00f3mo mejor podemos usarlos? Es decir, usarlos en tal manera que cada c\u00e9lula, cada \u00e1tomo, y cada \u00f3rgano sea estimulado y vitalizado por esa corriente din\u00e1mica. <\/span><\/p>\n<p style=\"text-align: justify;\"><span style=\"font-size: 14pt;\">Para empezar, enviemos de nuevo la mente hacia arriba a la <em>esfera coronal<\/em>, <strong>imagin\u00e1ndola<\/strong> que est\u00e1 en un estado de vigorosa actividad. Esto es, gira r\u00e1pidamente, <em><strong>absorbiendo energ\u00eda espiritual del espacio circundante, transform\u00e1ndola de tal modo que resulta asequible para el uso inmediato en cualquier actividad humana<\/strong><\/em>. <strong><em>Imaginad despu\u00e9s que tal energ\u00eda transformada fluye, como un manantial, hacia abajo por el lado izquierdo de la cabeza, el lado izquierdo del tronco y la pierna izquierda<\/em><\/strong>. Mientras la corriente est\u00e1 descendiendo, la <strong>respiraci\u00f3n<\/strong> deber\u00eda ser exhalada lentamente en un ritmo conveniente. <em><strong>Con la lenta inhalaci\u00f3n del aliento, imaginad que la corriente vital pasa de la planta del pie izquierdo al pie derecho, y asciende gradualmente por el lado derecho del cuerpo<\/strong><\/em>. De este modo, retorna a la fuente de la que surgi\u00f3, el centro coronal, la fuente humana de toda energ\u00eda y vitalidad, habiendo sido establecido as\u00ed un <strong>circuito el\u00e9ctrico cerrado<\/strong>. Naturalmente que esta circulaci\u00f3n es <strong>visualizada<\/strong> como persistiendo dentro del cuerpo m\u00e1s que viajando alrededor de la periferia del contorno f\u00edsico. <em><strong>Es, por decirlo as\u00ed, una circulaci\u00f3n ps\u00edquica interior m\u00e1s que una puramente f\u00edsica<\/strong><\/em>. <\/span><\/p>\n<p style=\"text-align: justify;\"><span style=\"font-size: 14pt;\">D\u00e9jese que esta circulaci\u00f3n, una vez establecida firmemente por la mente, fluya llanamente por algunos segundos al ritmo de la respiraci\u00f3n, de modo que el circuito haya sido recorrido aproximadamente media docena de veces \u2014o incluso m\u00e1s, si se desea. Repetidlo entonces en una direcci\u00f3n ligeramente diferente. Visualidad el flujo vital movi\u00e9ndose desde el centro coronal de por encima de la cabeza, hacia abajo por el frente de la cara y del cuerpo. Despu\u00e9s de haber vuelto hacia atr\u00e1s bajo las plantas de los pies, asciende por la espalda en un anillo bastante amplio de energ\u00eda vibrante. Esto, igualmente, deber\u00eda acompa\u00f1ar a la inhalaci\u00f3n y exhalaci\u00f3n del aliento, y deber\u00eda persistir por, al menos, seis circuitos completos. <\/span><\/p>\n<p style=\"text-align: justify;\"><span style=\"font-size: 14pt;\"><strong><em>El efecto general de estos dos movimientos ser\u00e1 el de establecer en, y alrededor, de la forma f\u00edsica un contorno ovoide de substancia y poder que circulan libremente<\/em><\/strong>. Puesto que la <strong>energ\u00eda espiritual<\/strong> que manejamos con esta t\u00e9cnica es extremadamente din\u00e1mica y cin\u00e9tica, irradia en todas direcciones, extendi\u00e9ndose hacia fuera hasta una distancia apreciable. Es esta radiaci\u00f3n la que forma, colorea, e informa, la esfera ovoide de sensaci\u00f3n que no coincide con la forma <img loading=\"lazy\" decoding=\"async\" class=\"size-full wp-image-2266936 alignleft\" src=\"https:\/\/puntocritico.com\/ausajpuntocritico\/wp-content\/uploads\/2023\/02\/Pilar-del-medio.jpg\" alt=\"\" width=\"193\" height=\"372\" data-id=\"2266936\" srcset=\"https:\/\/puntocritico.com\/ausajpuntocritico\/wp-content\/uploads\/2023\/02\/Pilar-del-medio.jpg 193w, https:\/\/puntocritico.com\/ausajpuntocritico\/wp-content\/uploads\/2023\/02\/Pilar-del-medio-156x300.jpg 156w\" sizes=\"auto, (max-width: 193px) 100vw, 193px\" \/>o dimensi\u00f3n del armaz\u00f3n f\u00edsico. La percepci\u00f3n general y la experiencia sostienen que la esfera de luminosidad y magnetismo se extiende hacia fuera hasta una distancia m\u00e1s o menos id\u00e9ntica a la longitud del brazo extendido. Y es dentro de este <strong>aura<\/strong>, como la llamamos, que existe el nombre f\u00edsico como una almendra dentro de su c\u00e1scara. <em><strong>Circular la fuerza admitida en el sistema por los anteriores ejercicios mentales equivale a cargarlo en grado considerable con vida y energ\u00eda en cada departamento de su naturaleza<\/strong><\/em>. Naturalmente que esto debe ejercer un efecto considerable, en lo que se refiere a la salud en general, sobre la almendra encerrada adentro. <\/span><\/p>\n<p style=\"text-align: justify;\"><span style=\"font-size: 14pt;\"><strong>El m\u00e9todo final de circulaci\u00f3n semeja m\u00e1s bien la acci\u00f3n de una fuente<\/strong>. As\u00ed como el agua es forzada o subida a trav\u00e9s de una tuber\u00eda hasta que sale en chorro por arriba, cayendo en spray a todos los lados, igual lo hace el poder dirigido por esta \u00faltima circulaci\u00f3n. Enviad la mente hacia abajo al centro de Tierra, imaginando que es la culminaci\u00f3n de todos los otros, el recept\u00e1culo de todo poder, el almac\u00e9n y terminal de la fuerza vital que ingresa. Imaginad entonces que este poder asciende o es absorbido por la banda hasta que se desborda violentamente y cae dentro de los confines del <strong>aura ovoide<\/strong>. Cuando ha descendido a los pies, es recogida y concentrada de nuevo en el centro de Tierra, en preparaci\u00f3n a ser enviada de nuevo hacia arriba por la banda. Como antes, la circulaci\u00f3n debe acompa\u00f1ar a un ritmo definido de inhalaci\u00f3n y exhalaci\u00f3n. Por estos medios, la fuerza curadora es distribuida a cada parte del cuerpo. Ning\u00fan \u00e1tomo o c\u00e9lula en \u00f3rgano o miembro alguno es omitido de la influencia de su poder sanador regenerativo. <\/span><\/p>\n<p style=\"text-align: justify;\"><span style=\"font-size: 14pt;\">Habiendo completado las circulaciones, puede permitirse <strong><em>que la mente se detenga tranquilamente en la idea de la esfera de luz, de cualidad espiritual y sanadora vital, rodeando todo el cuerpo<\/em><\/strong>. La visualizaci\u00f3n deber\u00eda hacerse tan v\u00edvida y poderosa como fuera posible. La sensaci\u00f3n que sigue a la formulaci\u00f3n parcial o completa del aura en la manera descrita es tan marcada y definida como para ser inconfundible. Est\u00e1 se\u00f1alada en primer lugar por una <strong>sensaci\u00f3n extremada de<img loading=\"lazy\" decoding=\"async\" class=\"size-full wp-image-2267064 alignright\" src=\"https:\/\/puntocritico.com\/ausajpuntocritico\/wp-content\/uploads\/2023\/02\/kabbale-arbre-de-vie-212x300-1.png\" alt=\"\" width=\"212\" height=\"300\" data-id=\"2267064\" \/> calma, vitalidad y equilibrio<\/strong>, como si la mente estuviera pl\u00e1cida y tranquila. El cuerpo, en descanso completo en un estado de relajaci\u00f3n, se siente en todas sus partes concienzudamente cargado y penetrado por la vibrante corriente de vida. La piel a lo largo de todo el cuerpo arrojar\u00e1 s\u00edntomas, causados por la intensificaci\u00f3n interior de la vida, de un picor y calor suaves. Los ojos se vuelven claros y brillantes, la piel toma un fresco fulgor saludable, y toda facultad, mental, emocional y f\u00edsica, se incrementa hasta un grado considerable. <em><strong>Este es el momento en el que, caso de haber alg\u00fan disturbio funcional, en alg\u00fan \u00f3rgano o miembro, la atenci\u00f3n deber\u00eda ser dirigida y enfocada en esa parte<\/strong><\/em>. El resultado de enfocar as\u00ed la atenci\u00f3n dirige un flujo de energ\u00eda sobre el equilibrio general reci\u00e9n establecido. El \u00f3rgano enfermo resulta ba\u00f1ado en un mar de luz y poder. Tejidos y c\u00e9lulas enfermas, bajo el est\u00edmulo de tal poder, son gradualmente destruidos, y rechazados de la esfera personal. La corriente sangu\u00ednea revitalizada es capaz entonces de enviar a ese punto nueva nutrici\u00f3n y nueva vida, de modo que puedan construirse f\u00e1cilmente nuevos tejidos, fibras, c\u00e9lulas, etc. De este modo, la salud es restaurada por la persistente concentraci\u00f3n del poder divino en ese punto. Continuando por unos pocos d\u00edas en el caso de aflicciones superficiales, y por meses en el caso de problemas cr\u00f3nicos y severos, todos los s\u00edntomas pueden ser eliminados con \u00e9xito sin que otros vengan a tomar su lugar. La eliminaci\u00f3n es el resultado de estos m\u00e9todos. Incluso las erupciones psicog\u00e9nicas pueden ser curadas as\u00ed. Porque <strong>las corrientes de fuerza surgen desde el estrato m\u00e1s profundo del Inconsciente<\/strong>, donde estas <em>psiconeurosis<\/em> tienen su origen y donde aprisionan la energ\u00eda nerviosa, impidiendo la expresi\u00f3n espont\u00e1nea y libre de la psique. El <strong>brotar de la l\u00edbido<\/strong>, como es llamada la fuerza vital en c\u00edrculos psicol\u00f3gicos, disuelve las cristalizaciones y los tabiques blindados que dividen los diversos estratos de la funci\u00f3n ps\u00edquica. <strong>Cuando el problema a ser atacado es la enfermedad org\u00e1nica, el procedimiento a seguir es ligeramente diferente (<em>Uno deber\u00eda estar a\u00fan bajo el cuidado de un m\u00e9dico competente<\/em><\/strong>). En este caso se requiere una corriente de poder considerablemente m\u00e1s vigorosa, tanto como para disolver la lesi\u00f3n, y ser suficiente para poner en movimiento esas actividades sist\u00e9micas y metab\u00f3licas que construyan nuevas estructuras de tejidos y c\u00e9lulas. Para cumplir estos requisitos en un sentido ideal, <strong>puede ser necesaria una segunda persona<\/strong>, de modo que su vitalidad, a\u00f1adida a la del paciente, pueda superar la condici\u00f3n. U<em><strong>na t\u00e9cnica sutil que mi experiencia ha descubierto como supremamente exitosa, y que cualquier estudiante puede adoptar, es relajar primeramente cada tejido a todo lo largo del cuerpo<\/strong><\/em> antes de intentar la t\u00e9cnica del <strong>Pilar del Medio<\/strong>. El paciente es situado en un estado altamente relajado, uno en el que cada tensi\u00f3n neuromuscular ha sido comprobada, y llevada a la atenci\u00f3n del paciente. <strong>La conciencia es capaz entonces de eliminar la tensi\u00f3n e inducir un estado relajado de ese m\u00fasculo o miembro<\/strong>. Yo he encontrado un preliminar \u00fatil en la pr\u00e1ctica de la manipulaci\u00f3n y masaje de la columna, con profundos amasamientos y pases, pues de este modo se produce una circulaci\u00f3n aumentada de sangre y linfa \u2014lo que desde el punto de vista fisiol\u00f3gico es media batalla ganada. <em><strong>Habi\u00e9ndose obtenido un grado de relajaci\u00f3n adecuado, los pies del paciente se cruzan por los tobillos, y sus dedos se entrelazan para descansar ligeramente por encima del plexo solar<\/strong><\/em>. El operador o curador se sienta entonces al lado derecho de la persona si el paciente fuera diestro \u2014viceversa para un paciente zurdo. Poniendo su mano derecha suavemente en el plexo solar bajo las manos unidas del paciente, y su mano izquierda en la cabeza del paciente, se establece al punto una forma de <strong><em>rapport<\/em><\/strong>. En pocos minutos se establece una libre circulaci\u00f3n de magnetismo y vitalidad, r\u00e1pidamente discernible tanto por el paciente como por el curador. <\/span><\/p>\n<figure id=\"attachment_2267063\" aria-describedby=\"caption-attachment-2267063\" style=\"width: 180px\" class=\"wp-caption alignleft\"><img loading=\"lazy\" decoding=\"async\" class=\"size-full wp-image-2267063\" src=\"https:\/\/puntocritico.com\/ausajpuntocritico\/wp-content\/uploads\/2023\/02\/rider-waite-papesse-180x300-1.jpg\" alt=\"\" width=\"180\" height=\"300\" data-id=\"2267063\" \/><figcaption id=\"caption-attachment-2267063\" class=\"wp-caption-text\"><span style=\"color: #008000;\">Suma sacerdotisa que encarna el pilar del medio (entre Booz y Jachin, Severidad y Misericordia).<\/span><\/figcaption><\/figure>\n<p style=\"text-align: justify;\"><span style=\"font-size: 14pt;\"><strong>La actitud del paciente deber\u00eda ser de absoluta receptividad a la fuerza que ingresa<\/strong> \u2014autom\u00e1tica, si \u00e9l tuviera confianza y fe inamovibles en la integridad y habilidad del operador. El silencio y la calma deben mantenerse por un rato, despu\u00e9s del cual, el operador realiza en silencio la pr\u00e1ctica del <strong>Pilar del Medio<\/strong>, manteniendo todav\u00eda su contacto f\u00edsico con el paciente. Sus centros espirituales despiertos act\u00faan sobre el paciente por <strong>simpat\u00eda<\/strong>. Un despertar similar se introduce en la esfera del paciente, y sus centros finalmente empiezan a operar y a arrojar una equilibrada corriente de energ\u00eda adentro de su sistema. <strong><em>Incluso aunque el operador no vibre los nombres divinos audiblemente<\/em><\/strong>, el poder que fluye a trav\u00e9s de sus dedos establece una actividad que con seguridad producir\u00e1 alg\u00fan grado de actividad sanadora dentro del paciente. Sus centros <em>psicoespirituales<\/em> son excitados simp\u00e1ticamente a la asimilaci\u00f3n y a la proyecci\u00f3n activas de la fuerza de modo que, sin ning\u00fan esfuerzo consciente por su parte, su esfera es invadida por el poder divino de curaci\u00f3n y de vida. Cuando el operador llega al punto de la circulaci\u00f3n, emplea su facultad interna de visualizaci\u00f3n, un verdadero poder m\u00e1gico sin duda, de forma que las aumentadas corrientes de energ\u00eda fluyen no s\u00f3lo a trav\u00e9s de su propia esfera, sino tambi\u00e9n a trav\u00e9s de la de su paciente. La naturaleza de este <em><strong>rapport<\/strong><\/em> empieza a sufrir ahora un cambio sutil. <strong>Mientras que anteriormente exist\u00eda una estrecha simpat\u00eda, y una estructura armoniosa de la mente mantenida mutuamente, durante y despu\u00e9s de la circulaci\u00f3n hay una verdadera uni\u00f3n y entremezcla de los dos campos de energ\u00eda<\/strong>. Ellos se unen para formar una sola esfera continua conforme procede el intercambio y la transferencia de energ\u00eda vital. De ese modo, el operador, o su <em>psique Inconsciente o Ser espiritual<\/em>, es capaz de adivinar exactamente de qu\u00e9 potencial deber\u00eda ser su corriente proyectada, y a d\u00f3nde deber\u00eda dirigirse precisamente. <\/span><\/p>\n<p style=\"text-align: justify;\"><span style=\"font-size: 14pt;\">Un n\u00famero de estos tratamientos, incorporando la cooperaci\u00f3n y entrenamiento del paciente en el uso de m\u00e9todos mentales, deber\u00eda ir ciertamente lejos en aliviar la condici\u00f3n original. Ocasionalmente, puesto que <strong>el fanatismo debe ser rechazado por encima de todo<\/strong>, los m\u00e9todos m\u00e9dicos y manipulativos pueden ser combinados \u00fatilmente con los m\u00e9todos mentales descritos, para facilitar y acelerar la cura. <\/span><\/p>\n<p style=\"text-align: justify;\"><span style=\"font-size: 14pt;\">Aunque he recalcado la curaci\u00f3n de dolencias f\u00edsicas en lo que precede, no se insistir\u00e1 demasiado en que este m\u00e9todo es adecuado para aplicarse a una hueste de otros problemas. Esta descripci\u00f3n de la t\u00e9cnica se encontrar\u00e1 adecuada para todas las otras situaciones que puedan present\u00e1rsele al estudiante \u2014sean un problema de pobreza, desarrollo del car\u00e1cter, dificultades sociales o maritales\u2014 y, de hecho, cualquier otro tipo de problema.<\/span><\/p>\n<p>&nbsp;<\/p>\n<p><img loading=\"lazy\" decoding=\"async\" class=\"aligncenter size-full wp-image-2267066\" src=\"https:\/\/puntocritico.com\/ausajpuntocritico\/wp-content\/uploads\/2023\/02\/The-midddle-pilar.jpg\" alt=\"\" width=\"227\" height=\"350\" data-id=\"2267066\" srcset=\"https:\/\/puntocritico.com\/ausajpuntocritico\/wp-content\/uploads\/2023\/02\/The-midddle-pilar.jpg 227w, https:\/\/puntocritico.com\/ausajpuntocritico\/wp-content\/uploads\/2023\/02\/The-midddle-pilar-195x300.jpg 195w\" sizes=\"auto, (max-width: 227px) 100vw, 227px\" \/><\/p>\n<p style=\"text-align: center;\"><span style=\"font-size: 18pt;\">***<\/span><\/p>\n<h3 style=\"text-align: center;\"><span style=\"font-size: 14pt;\"><span style=\"font-size: 18pt;\">CAPITULO IV<\/span><\/span><\/h3>\n<p style=\"text-align: justify;\"><span style=\"font-size: 14pt;\"><strong>La repetici\u00f3n es a menudo inapreciable<\/strong>, tanto en ense\u00f1ar como en aprender nuevos temas. De aqu\u00ed que una recapitulaci\u00f3n de los varios procesos envueltos en la pr\u00e1ctica del <strong>Pilar del Medio<\/strong> ayudar\u00e1 a clarificar algunos asertos. Y yo quisiera a\u00f1adir una consideraci\u00f3n posterior que ayudar\u00e1 a hacer todo el m\u00e9todo m\u00e1s efectivo, elev\u00e1ndolo a un plano superior de entendimiento y consecuci\u00f3n espiritual. <strong><em>Este \u00faltimo paso le permitir\u00e1 al estudiante poner en operaci\u00f3n factores din\u00e1micos que hay dentro de la psique humana<\/em><\/strong>, que le ayudar\u00e1n en la producci\u00f3n del resultado deseado. <\/span><\/p>\n<p style=\"text-align: justify;\"><span style=\"font-size: 14pt;\">El primer paso como hemos visto es un ejercicio <em>psicof\u00edsico<\/em>. <em><strong>El estudiante debe aprender c\u00f3mo relajarse, c\u00f3mo soltar el agarrotamiento cr\u00f3nico de tensi\u00f3n neuromuscular que hay en su cuerpo<\/strong><\/em>. Cada tensi\u00f3n involuntaria, en cualquier grupo de m\u00fasculos o tejidos en cualquier \u00e1rea del cuerpo, debe ser llevada al alcance de su percepci\u00f3n consciente. La percepci\u00f3n es la llave m\u00e1gica por la que esa tensi\u00f3n puede ser literalmente fundida y disuelta. Para esto s\u00f3lo se necesita una peque\u00f1a pr\u00e1ctica, y la destreza se obtiene muy r\u00e1pidamente. La conclusi\u00f3n importante que sigue a la relajaci\u00f3n f\u00edsica es que la mente misma en todos sus departamentos y ramificaciones pasa por una relajaci\u00f3n similar.<\/span><\/p>\n<p>&nbsp;<\/p>\n<blockquote>\n<p style=\"text-align: center;\"><strong><span style=\"font-size: 14pt; color: #008000;\">Cada tensi\u00f3n involuntaria, en cualquier grupo de m\u00fasculos o tejidos en cualquier \u00e1rea del cuerpo, debe ser llevada al alcance de su percepci\u00f3n consciente. La percepci\u00f3n es la llave m\u00e1gica por la que esa tensi\u00f3n puede ser literalmente fundida y disuelta. Para esto s\u00f3lo se necesita una peque\u00f1a pr\u00e1ctica, y la destreza se obtiene muy r\u00e1pidamente<\/span><\/strong><\/p>\n<\/blockquote>\n<p>&nbsp;<\/p>\n<p style=\"text-align: justify;\"><span style=\"font-size: 14pt;\">La tensi\u00f3n ps\u00edquica y la inflexibilidad som\u00e1tica son las grandes barreras que impiden realizar la omnipresencia del cuerpo de Dios. Ellas realmente le impiden a uno percatarse de la presencia continua de la fuerza vital, la dependencia de la mente sobre \u2014incluso la identidad final\u2014 con la <strong>Mente Universal<\/strong>, <a href=\"https:\/\/puntocritico.com\/ausajpuntocritico\/2017\/12\/20\/psicologia-con-alma-por-carl-g-jung\/\"><strong>el Inconsciente Colectivo<\/strong><\/a>. Habiendo sido eliminadas las insignificantes barreras de la mente, y fluyendo la vida a trav\u00e9s de su extensa organizaci\u00f3n, nos hacemos conscientes casi inmediatamente del <em>Principio din\u00e1mico<\/em> que compenetra y atraviesa todas las cosas. Este paso es sin duda la fase m\u00e1s importante en la aplicaci\u00f3n de estas t\u00e9cnicas <em>psicoespirituales<\/em>. <\/span><\/p>\n<p style=\"text-align: justify;\"><span style=\"font-size: 14pt;\">Habi\u00e9ndose percatado de lo precedente, el proceder l\u00f3gico es <em><strong>despertar los centros espirituales internos que puedan manejar, como si fuera, este poder de alto voltaje, y transformarlo en una cualidad humana usable<\/strong><\/em>. Posiblemente, la manera m\u00e1s f\u00e1cil de concebir esto es asemejar la parte espiritual del hombre a un aparato receptor de radio. El instrumento debe primero ser encendido con poder, bien de la bater\u00eda o bien de la central, antes de que funcione. Una vez que el poder est\u00e1 fluyendo a trav\u00e9s de \u00e9l, el resto del intrincado mecanismo de alumbrado, transformadores,<img loading=\"lazy\" decoding=\"async\" class=\"size-full wp-image-2267068 alignright\" src=\"https:\/\/puntocritico.com\/ausajpuntocritico\/wp-content\/uploads\/2023\/02\/GArden-of-eden.jpg\" alt=\"\" width=\"174\" height=\"289\" data-id=\"2267068\" \/> condensadores, tubos y antena, es capaz de entrar en operaci\u00f3n. Igual sucede con el hombre. Podemos sintonizarnos con el Infinito m\u00e1s r\u00e1pidamente a trav\u00e9s del mecanismo de encender los centros internos, las propias v\u00e1lvulas de radio del hombre. Cuando el aparato de radio es operativo, la corriente divina puede ser disparada a trav\u00e9s del aparato de varios modos, hasta que tanto el cuerpo como la mente resultan poderosamente vitalizados, y fuertes con la energ\u00eda espiritual. <\/span><\/p>\n<p style=\"text-align: justify;\"><span style=\"font-size: 14pt;\">P<strong>ero todo esto es meramente preparatorio<\/strong>. El aparato de radio puede estar encendido, los condensadores y transformadores y antena en perfecta operaci\u00f3n \u2014 pero \u00bfqu\u00e9 queremos hacer con \u00e9l? Igual sucede aqu\u00ed. Necesitamos dinero. La enfermedad est\u00e1 presente. O tenemos rasgos morales o mentales indeseables \u2014o qu\u00e9 no. En la utilizaci\u00f3n de esta energ\u00eda espiritual tenemos que elevar nuestras mentes de tal modo, que el deseo de nuestro coraz\u00f3n se realice autom\u00e1ticamente sin pr\u00e1cticamente esfuerzo alguno. El ansia, el deseo del coraz\u00f3n, la meta a alcanzar, deben mantenerse firmemente en la mente, vitalizada por el poder divino, pero impulsada hacia delante en el universo por la intensidad \u00edgnea de toda la exaltaci\u00f3n emocional de la que somos capaces. La <strong>oraci\u00f3n<\/strong> es por lo tanto indispensable. <strong><em>Oraci\u00f3n<\/em><\/strong>, no s\u00f3lo como una petici\u00f3n a alg\u00fan Dios fuera del Universo, sino oraci\u00f3n concebida como el est\u00edmulo espiritual y emocional calculado para producir una identificaci\u00f3n o realizaci\u00f3n de nuestra propia Deidad. La <em>oraci\u00f3n<\/em>, realizada sinceramente, movilizar\u00e1 todas las cualidades del ser, y el fervor interno que despertar\u00e1, reforzar\u00e1 el trabajo hecho previamente. Dar\u00e1 \u00e9xito como un resultado casi infalible. Porque en tal caso, el \u00e9xito no llega por el propio esfuerzo humano, sino porque Dios trae el resultado. E<em>l fervor y la exaltaci\u00f3n emocional le permiten a uno realizar la divinidad interna<\/em>, que es el factor espiritual que lleva nuestros deseos a un inmediato y completo cumplimiento.<\/span><\/p>\n<p>&nbsp;<\/p>\n<blockquote>\n<p style=\"text-align: center;\"><strong><span style=\"font-size: 14pt; color: #008000;\">La oraci\u00f3n es por lo tanto indispensable. Oraci\u00f3n, no s\u00f3lo como una petici\u00f3n a alg\u00fan Dios fuera del Universo, sino oraci\u00f3n concebida como el est\u00edmulo espiritual y emocional calculado para producir una identificaci\u00f3n o realizaci\u00f3n de nuestra propia Deidad<\/span><\/strong><\/p>\n<\/blockquote>\n<p>&nbsp;<\/p>\n<p style=\"text-align: justify;\"><span style=\"font-size: 14pt;\"><strong>Pero me pregunto si la oraci\u00f3n de la variedad tranquila, no emotiva, tiene alg\u00fan valor aqu\u00ed<\/strong>. Esta petici\u00f3n a sangre fr\u00eda no encuentra lugar dentro de las m\u00e1s elevadas concepciones de la consecuci\u00f3n espiritual. Un antiguo metaf\u00edsico dijo una vez: \u00ab<em>Inflamaos con la oraci\u00f3n<\/em>\u00bb. Aqu\u00ed est\u00e1 el secreto. <strong><em>Debemos orar de modo que todo nuestro ser se inflame con una intensidad espiritual ante la cual nada pueda resistirse<\/em><\/strong>. Todas las ilusiones y todas las limitaciones se disuelven manifiestamente ante este fervor. Cuando el alma arde literalmente, se consigue la identidad espiritual con Dios. Entonces se alcanza sin esfuerzo el deseo del coraz\u00f3n \u2014porque Dios lo hace. El ansia se convierte en hecho\u2014 hecho objetivo, <em>fenomenal<\/em>, para que todos lo vean.<\/span><\/p>\n<p>&nbsp;<\/p>\n<blockquote>\n<p style=\"text-align: center;\"><strong><span style=\"font-size: 14pt; color: #008000;\">Todo hombre y mujer tiene alguna idea sobre la oraci\u00f3n que, cuando se sostiene, le inflamar\u00e1 a la realizaci\u00f3n interna<\/span><\/strong><\/p>\n<\/blockquote>\n<p>&nbsp;<\/p>\n<figure id=\"attachment_2267067\" aria-describedby=\"caption-attachment-2267067\" style=\"width: 139px\" class=\"wp-caption alignleft\"><img loading=\"lazy\" decoding=\"async\" class=\"size-full wp-image-2267067\" src=\"https:\/\/puntocritico.com\/ausajpuntocritico\/wp-content\/uploads\/2023\/02\/serpent-arbre-de-vie-139x300-1.png\" alt=\"\" width=\"139\" height=\"300\" data-id=\"2267067\" \/><figcaption id=\"caption-attachment-2267067\" class=\"wp-caption-text\"><span style=\"color: #008000;\">Esa serpiente, que representa el movimiento de la conciencia de lo inferior a lo superior.<\/span><\/figcaption><\/figure>\n<p style=\"text-align: justify;\"><span style=\"font-size: 14pt;\"><strong>\u00bfQu\u00e9 oraciones, pues, deber\u00edan emplearse para elevar la mente a esta intensidad, para despertar el fervor emocional del que se dijo \u00ab<em>inflamaos en la oraci\u00f3n<\/em>\u00bb?<\/strong> Concibo que ese es un problema a ser resuelto por cada uno por s\u00ed mismo. Todo hombre y mujer tiene alguna idea sobre la oraci\u00f3n que, cuando se sostiene, le inflamar\u00e1 a la realizaci\u00f3n interna. Alguna gente usar\u00e1 un poema que siempre ha tenido el efecto de exaltarles. Otros usar\u00e1n el <strong><em>Padre Nuestro<\/em><\/strong>, o puede que el Salmo 23. Y as\u00ed para todos los tipos posibles. Para m\u00ed mismo prefiero el uso de algunos himnos arcaicos conocidos como invocaciones, pero que son oraciones no obstante, que ciertamente tienen sobre m\u00ed el efecto deseado de hacer surgir el potencial emocional necesario. En la esperanza de que pudieran ser \u00fatiles a otros, a\u00f1ado aqu\u00ed un par de fragmentos, estando compuesto el primero a partir de vers\u00edculos de varias escrituras. <\/span><\/p>\n<p style=\"text-align: justify;\"><span style=\"font-size: 14pt;\">\u00ab<em>Yo soy la Resurrecci\u00f3n y la Vida. Quienquiera que crea en m\u00ed, aunque est\u00e9 muerto, vivir\u00e1, y quienquiera que viva y crea en m\u00ed tendr\u00e1 vida eterna. Yo soy el Primero, y soy el Ultimo. Yo soy El Que vive y estuvo muerto \u2014\u00a1Pero escuchad! Yo estoy vivo para siempre, y sostengo las llaves del infierno y de la muerte. Porque s\u00e9 que mi Redentor vive y que \u00e9l permanecer\u00e1 sobre la Tierra en el \u00faltimo d\u00eda. Yo soy la V\u00eda, la Verdad y la Vida. Ning\u00fan hombre llega al Padre si no es por m\u00ed. Yo soy el Purificado. He pasado a trav\u00e9s de las puertas de la oscuridad hacia la luz. He peleado sobre la tierra para el bien. He terminado mi trabajo. He entrado en lo invisible<\/em>.\u00bb <\/span><\/p>\n<p style=\"text-align: justify;\"><span style=\"font-size: 14pt;\">\u00ab<em>Yo soy el Sol que se eleva, habiendo pasado a trav\u00e9s de la hora de la nube y de la noche. Yo soy Am\u00f3n, el Oculto, el que inaugura el d\u00eda. Yo soy Osiris Onnofris, el Justificado, el Se\u00f1or de la Vida, triunfante sobre la muerte. No hay parte de m\u00ed que NO sea de los Dioses. Yo soy El Que Prepara el Sendero. El Que Rescata para la Luz. Que la Blanca Luz del Esp\u00edritu Divino Descienda.<\/em>\u00bb <\/span><\/p>\n<p style=\"text-align: justify;\"><span style=\"font-size: 14pt;\">El segundo Fragmento es algo diferente del anterior aunque ambos tienen un efecto personal similar cuando se repiten lentamente, se meditan, y se sienten intensamente. Esta segunda oraci\u00f3n consta de dos partes \u2014siendo la primera una suerte de petici\u00f3n al Ser divino superior, mientras que la segunda habla de la realizaci\u00f3n de la identidad con \u00e9l. <\/span><\/p>\n<p style=\"text-align: justify;\"><span style=\"font-size: 14pt;\">\u00ab<em>Yo te invoco, el No Nato. T\u00fa que creaste la Tierra y los Cielos. T\u00fa que creaste la Noche y el D\u00eda. T\u00fa que creaste la Oscuridad y la Luz. T\u00fa eres el Hombre Hecho Perfecto, que ning\u00fan hombre ha visto nunca. T\u00fa eres Dios, y Dios verdadero. T\u00fa has distinguido entre el justo y el injusto. T\u00fa hiciste la hembra y el macho. T\u00fa produjiste la semilla y el fruto. T\u00fa formaste a&#8217; los hombres para amarse uno a otro y odiarse uno a otro. T\u00fa produjiste la humedad y la sequedad, y Aquello que nutre todas las cosas creadas<\/em>.\u00bb <\/span><\/p>\n<p style=\"text-align: justify;\"><span style=\"font-size: 14pt;\">La segunda mitad deber\u00eda seguir s\u00f3lo despu\u00e9s de una larga pausa en la que uno intenta realizar qu\u00e9 es lo que la oraci\u00f3n ha afirmado, y que est\u00e1 elevando a la mente a una apreciaci\u00f3n de la secreta Divinidad oculta interna, que es la creadora de todas las cosas. <\/span><\/p>\n<p style=\"text-align: justify;\"><span style=\"font-size: 14pt;\">\u00ab<em>Este es el Se\u00f1or de los Dioses. Este es el Se\u00f1or del Universo. Este es Aqu\u00e9l a quien temen los vientos. Este es Aqu\u00e9l, que habiendo hecho la voz por su mandato, es Se\u00f1or de todas las cosas, rey, rector, y ayuda. Esc\u00fachame y haz que todos los esp\u00edritus est\u00e9n sometidos ante m\u00ed, de modo que todo esp\u00edritu del firmamento y del \u00e9ter, sobre la tierra y bajo la tierra, en terreno seco y en el agua, del aire en remolino y del fuego en embestida, y cada hechizo y azote de Dios el Vasto, pueda ser hecho obediente ante m\u00ed<\/em>.\u00bb <\/span><\/p>\n<p style=\"text-align: justify;\"><span style=\"font-size: 14pt;\">\u00ab<em>Yo soy El, el Esp\u00edritu No Nato, que tiene vista en los pies, el Fuego fuerte e inmortal. Yo soy \u00c9l, la Verdad. Yo soy El Que odia que el mal se extienda en el mundo. Yo soy El Que ilumina y atruena. Yo soy Aqu\u00e9l del cual es la lluvia de la Vida de la Tierra. Yo soy Aqu\u00e9l cuya boca siempre flamea. Yo soy \u00c9l, la Gracia del Mundo. Mi Nombre es el Coraz\u00f3n Ce\u00f1ido con una Serpiente<\/em>.\u00bb <\/span><\/p>\n<p style=\"text-align: justify;\"><span style=\"font-size: 14pt;\"><strong>Estos fragmentos de oraci\u00f3n s\u00f3lo se sugieren<\/strong>, y han de usarse o rechazarse conforme cada estudiante lo sienta adecuado. Operan para m\u00ed \u2014pueden operar en el caso de otros estudiantes, o no, seg\u00fan sea el caso.<\/span><\/p>\n<p>&nbsp;<\/p>\n<p><img loading=\"lazy\" decoding=\"async\" class=\"aligncenter size-full wp-image-2267071\" src=\"https:\/\/puntocritico.com\/ausajpuntocritico\/wp-content\/uploads\/2023\/02\/Ritual-middle-pilar.jpg\" alt=\"\" width=\"400\" height=\"400\" data-id=\"2267071\" srcset=\"https:\/\/puntocritico.com\/ausajpuntocritico\/wp-content\/uploads\/2023\/02\/Ritual-middle-pilar.jpg 400w, https:\/\/puntocritico.com\/ausajpuntocritico\/wp-content\/uploads\/2023\/02\/Ritual-middle-pilar-300x300.jpg 300w, https:\/\/puntocritico.com\/ausajpuntocritico\/wp-content\/uploads\/2023\/02\/Ritual-middle-pilar-150x150.jpg 150w\" sizes=\"auto, (max-width: 400px) 100vw, 400px\" \/><\/p>\n<p style=\"text-align: center;\"><span style=\"font-size: 18pt;\">***<\/span><\/p>\n<h3 style=\"text-align: center;\"><span style=\"font-size: 14pt;\"><span style=\"font-size: 18pt;\">CAPITULO V<\/span><\/span><\/h3>\n<p style=\"text-align: justify;\"><span style=\"font-size: 14pt;\">Aparte de la terapia, hay otros usos de la t\u00e9cnica del <strong>Pilar del Medio<\/strong>, como ya he sugerido anteriormente. El estudiante emprendedor adivinar\u00e1 sus propios usos. <\/span><\/p>\n<p style=\"text-align: justify;\"><span style=\"font-size: 14pt;\">Puede ser que por varias razones ciertas necesidades de la vida, bien f\u00edsicas o espirituales, le hayan sido negadas a uno \u2014con un consiguiente efecto entumecedor sobre el car\u00e1cter y el resultado de un sentimiento de frustraci\u00f3n. Esto \u00faltimo tiene siempre un efecto depresivo e inhibitorio sobre la mente humana, produciendo indecisi\u00f3n, ineficacia e inferioridad. No hay ninguna necesidad real de que hayan frustraciones o inhibiciones indebidas en nuestras vidas. Una cierta cantidad es inevitable sin duda. Mientras seamos humanos es cierto que en alguna medida hemos de estar impedidos en nuestros esfuerzos por expresar plenamente el ser interno, experimentando as\u00ed alg\u00fan grado de frustraci\u00f3n. Pero cualquier medida anormal o sentido persistente de impedimento y frustraci\u00f3n puede ser tratado, y, con estos m\u00e9todos espirituales y mentales, eliminado. <\/span><\/p>\n<p style=\"text-align: justify;\"><span style=\"font-size: 14pt;\">En primer lugar es necesario un entendimiento de la vida, y una aceptaci\u00f3n incondicional de todo en la vida, y de toda experiencia que pueda surgir en nuestro camino. Con la comprensi\u00f3n vendr\u00e1 un amor a la vida y al vivir, porque amor y comprensi\u00f3n son una y la misma cosa. Alentar\u00e1 tambi\u00e9n la determinaci\u00f3n de no frustrar por m\u00e1s tiempo los procesos naturales, sino cooperar con la naturaleza. Los m\u00e9todos de cultura mental y espiritual han mantenido por largo tiempo la esperanza de que estas condiciones inhibitorias puedan ser aliviadas. La pobreza, tanto de estado como de idea, es una condici\u00f3n de la vida que estas t\u00e9cnicas han reconocido siempre como capaz de ser tratada. El m\u00e9todo usual es el de una reflexi\u00f3n tan profunda y prolongada, justo sobre ese est\u00edmulo mental, cualidad moral o cosa material que se desea, que la idea de la necesidad se sumerge en la llamada mente subconsciente. Si las barreras que conducen al subconsciente son penetradas de modo que este \u00faltimo acepta la idea de la necesidad, entonces, as\u00ed se dice, antes o despu\u00e9s, la vida atraer\u00e1 inevitablemente hacia uno esas cosas requeridas. Pero, como ocurre con todos los m\u00e9todos terap\u00e9uticos, hubieron muchos casos en los que, a pesar de adherirse estrechamente a las t\u00e9cnicas prescritas, el \u00e9xito no lleg\u00f3. Es mi opini\u00f3n, <img loading=\"lazy\" decoding=\"async\" class=\"alignleft wp-image-2267070\" src=\"https:\/\/puntocritico.com\/ausajpuntocritico\/wp-content\/uploads\/2023\/02\/Crowley-Neurometaphysics.jpg\" alt=\"\" width=\"440\" height=\"563\" data-id=\"2267070\" srcset=\"https:\/\/puntocritico.com\/ausajpuntocritico\/wp-content\/uploads\/2023\/02\/Crowley-Neurometaphysics.jpg 588w, https:\/\/puntocritico.com\/ausajpuntocritico\/wp-content\/uploads\/2023\/02\/Crowley-Neurometaphysics-234x300.jpg 234w\" sizes=\"auto, (max-width: 440px) 100vw, 440px\" \/>por tanto, que ellos fallan por la mism\u00edsima raz\u00f3n por la que fallan sus esfuerzos de curaci\u00f3n. En breve, era porque no hab\u00eda una verdadera comprensi\u00f3n del mecanismo psicodin\u00e1mico interior por el cual pudieran ser producidos tales efectos. No hab\u00eda una apreciaci\u00f3n de los m\u00e9todos por los cuales pudiera ser estimulada la naturaleza din\u00e1mica del Inconsciente, de modo que la personalidad humana se transformara en un poderoso im\u00e1n que atrajese hacia s\u00ed cualquier cosa que verdaderamente deseara o fuera necesaria para su bienestar. <\/span><\/p>\n<p style=\"text-align: justify;\"><span style=\"font-size: 14pt;\">Si este procedimiento es defendible moralmente, es una cuesti\u00f3n que no deseo discutir con largura, aunque s\u00e9 que surgir\u00e1. Pero la respuesta es breve. Cualesquiera facultades que tengamos est\u00e1n para usarse, y usarse tanto para nuestra propia ventaja como para la de otros. Si estamos en un estado de constante fricci\u00f3n mental, frustraci\u00f3n emocional, y pobreza excesiva, dejo de ver de qu\u00e9 modo podemos servir tanto a nosotros como a nuestros compa\u00f1eros. Eliminad primero estas restricciones, mejorad las facultades mentales y emocionales de modo que la naturaleza espiritual sea capaz de penetrar a trav\u00e9s de la personalidad y manifestarse de modo pr\u00e1ctico; entonces estaremos en situaci\u00f3n de ser de alg\u00fan servicio a aquellos con los que entramos en contacto. La estimulaci\u00f3n preliminar de los centros psicoespirituales, y la formulaci\u00f3n posterior, clara y v\u00edvidamente, de nuestras demandas al universo, es capaz de atraer casi cualquier cosa requerida, siempre que, naturalmente, est\u00e9 dentro de los l\u00edmites de la raz\u00f3n y la posibilidad. <\/span><\/p>\n<p style=\"text-align: justify;\"><span style=\"font-size: 14pt;\">En primer lugar, perm\u00edtaseme prolongar mis posteriores afirmaciones estableciendo que desde el punto de vista pr\u00e1ctico los rudimentos del esquema astrol\u00f3gico son de valor incontable por cuanto ofrecen una clasificaci\u00f3n concisa de las amplias divisiones de las cosas. No es que me concierna aqu\u00ed la astrolog\u00eda como tal, sino que simplemente es conveniente usar aqu\u00ed su esquema. Sus ra\u00edces est\u00e1n en las siete ideas o planetas principales a quienes pueden ser referidas la mayor\u00eda de las ideas y de las cosas. A cada una de estas ideas-ra\u00edz son atribuidos un color positivo y uno negativo, y un nombre divino para el prop\u00f3sito de la vibraci\u00f3n. Yo propongo nombrar los planetas con sus atribuciones principales del modo que sigue. <\/span><\/p>\n<p style=\"text-align: justify;\"><span style=\"font-size: 14pt;\"><strong>Saturno<\/strong>: Gente anciana y planes antiguos. Las deudas y su pago. Agricultura, bienes inmuebles, muerte, testamentos, estabilidad, inercia. Color positivo: \u00edndigo; negativo: negro. Jehovah Elo-him, pronunciado Ye-ho-vo E-lo-him. <\/span><\/p>\n<p style=\"text-align: justify;\"><span style=\"font-size: 14pt;\"><strong>J\u00fapiter<\/strong>: Abundancia, plenitud, crecimiento, expansi\u00f3n, generosidad. Espiritualidad, visiones, sue\u00f1os, largos viajes. Banqueros, acreedores, deudores, juego. Color positivo: p\u00farpura; negativo: azul. El, pronunciado exactamente igual que se escribe. <\/span><\/p>\n<p style=\"text-align: justify;\"><span style=\"font-size: 14pt;\"><strong>Marte<\/strong>: Energ\u00eda, prisa, ira, construcci\u00f3n o destrucci\u00f3n (seg\u00fan la aplicaci\u00f3n), peligro, cirug\u00eda. Vitalidad y magnetismo. Fuerza de voluntad. Colores positivo y negativo: rojo brillante. Elohim Gibor, pronunciado E-lo-him Yi-bor. <\/span><\/p>\n<p style=\"text-align: justify;\"><span style=\"font-size: 14pt;\"><strong>Sol<\/strong>: Superiores, patrones ejecutivos, oficiales. Poder y \u00e9xito. Vida, dinero, mejoras de todas clases. Iluminaci\u00f3n, imaginaci\u00f3n, poder mental. Salud. Color positivo: naranja; color negativo: amarillo u oro. Jehovah Eloah ve-Daas, pronunciado Ye-ho-vo E-lo ve-Da-as. <\/span><\/p>\n<p style=\"text-align: justify;\"><span style=\"font-size: 14pt;\"><strong>Venus<\/strong>: Asuntos sociales, afectos y emociones, mujeres, gente joven. Todos los placeres y artes, m\u00fasica, belleza, extravagancia, lujo, autoindulgencia. Ambos colores: verde esmeralda. Jehovah Tzavoos, pronunciado Ye-ho-vo Tsa-vo-os. <\/span><\/p>\n<p style=\"text-align: justify;\"><span style=\"font-size: 14pt;\"><strong>Mercurio<\/strong>: Asuntos de negocios, escrituras, contratos, juicios y viajes cortos. Compra, venta, regateo, vecinos, dar y obtener informaci\u00f3n. Capacidades literarias y amigos intelectuales. Libros, papeles. Color positivo: amarillo; color negativo: naranja. Elohim Tzavoos. <\/span><\/p>\n<p style=\"text-align: justify;\"><span style=\"font-size: 14pt;\"><strong>Luna<\/strong>: P\u00fablico en general, mujeres. Reacciones del sentir. Viajes cortos y mudanzas. Cambios y fluctuaciones. La personalidad. Color positivo: azul; color negativo: marr\u00f3n purp\u00fareo. Sha-dai El Chai. <\/span><\/p>\n<p style=\"text-align: justify;\"><span style=\"font-size: 14pt;\">Estas son, muy brevemente, las atribuciones de los planetas bajo las que casi todo y cada tema en la naturaleza pueden clasificarse. Esta clasificaci\u00f3n es extremadamente \u00fatil porque simplifica enormemente la tarea del desarrollo f\u00edsico y espiritual. Ser\u00eda mejor que antes de concluir pusiera unos pocos ejemplos simples y elementales para ilustrar la funci\u00f3n y m\u00e9todo de empleo de estas correspondencias. <\/span><\/p>\n<p style=\"text-align: justify;\"><span style=\"font-size: 14pt;\">Supongamos que estoy ocupado en ciertos estudios que requieren libros que no son f\u00e1cilmente asequibles a partir de los libreros. A pesar de mis demandas por ellos, a pesar de anunciarlo ampliamente y de mi deseo de pagar por ellos un precio razonable, mis esfuerzos no tienen provecho. El resultado es que por el momento mis estudios est\u00e1n interrumpidos. Este retraso llega hasta el punto en que es excesivo e irritante, y decido usar mis propios m\u00e9todos para acabarlo. A ciertos intervalos prescritos, preferiblemente al levantarme por la ma\u00f1ana y antes de retirarme a dormir por la noche, practico la respiraci\u00f3n r\u00edtmica y el <strong>Pilar del Medio<\/strong>. Por estos m\u00e9todos he hecho asequibles enormes cantidades de poder espiritual, y he transformado el Inconsciente en un poderoso acumulador, preparado para proyectar o atraer poder para cumplir mi necesidad. C\u00edrculo \u00e9ste a trav\u00e9s del sistema \u00e1urico. <\/span><\/p>\n<p style=\"text-align: justify;\"><span style=\"font-size: 14pt;\">Mi siguiente paso consiste en visualizar el color negativo o pasivo de Mercurio, el naranja, de modo que meditando sobre<img loading=\"lazy\" decoding=\"async\" class=\"alignright wp-image-2267069\" src=\"https:\/\/puntocritico.com\/ausajpuntocritico\/wp-content\/uploads\/2023\/02\/Golden-Regardie.gif\" alt=\"\" width=\"330\" height=\"686\" data-id=\"2267069\" \/> \u00e9l cambie el color del aura circundante a ese color. Uso el naranja porque los libros que necesito son atribuidos a Mercurio, y empleo el color negativo porque tiende a hacer la esfera de sensaci\u00f3n abierta, pasiva y receptiva. Entonces procedo a carga y vitalizar la esfera vibrando el nombre divino apropiado una y otra vez, hasta que seg\u00fan mis percepciones me parece que todas las fuerzas mercuriales del universo reaccionan ante la atracci\u00f3n magn\u00e9tica de esa esfera. Todas las fuerzas del universo son imaginadas convergiendo sobre mi esfera, atrayendo hacia m\u00ed justo esos libros, documentos, cr\u00edticas, amigos y dem\u00e1s, necesarios para proseguir mi trabajo. Inevitablemente, despu\u00e9s de un trabajo persistente y concentrado, oigo por amigos o libreros, como por casualidad, tal parecer\u00eda, que estos libros est\u00e1n disponibles. Se procuran introducciones a la gente adecuada, y a la larga mi trabajo es asistido. Los resultados ocurren sin embargo de un modo perfectamente natural. Uno no debe imaginarse que el uso de estos m\u00e9todos contraviene las leyes conocidas de la naturaleza y que ocurrir\u00e1 un fen\u00f3meno milagroso. Lejos de ello. No hay nada en ello que sea sobrenatural. Estos m\u00e9todos est\u00e1n basados en el uso de principios ps\u00edquicos normalmente latentes dentro del hombre, y que todos poseen. Ning\u00fan individuo es \u00fanico a este respecto. Y el uso de estos principios ps\u00edquicos trae resultados a trav\u00e9s de canales bastantes normales, pero insospechados. <\/span><\/p>\n<p style=\"text-align: justify;\"><span style=\"font-size: 14pt;\">Por otra parte, si deseara ayudar a un colega que tiene aspiraciones literarias pero que en cierta situaci\u00f3n encuentra su estilo entumecido y el flujo libre de ideas inhibido, yo deber\u00eda alterar mi m\u00e9todo s\u00f3lo en un punto particular. En vez de usar el naranja como antes, deber\u00eda visualizar el aura de un color amarillo o dorado, aunque el nombre vibratorio ser\u00eda el mismo. De nuevo, en vez de imaginar que las fuerzas universales tienen un movimiento centr\u00edpeto hacia mi esfera, deber\u00eda intentar realizar que las fuerzas mercuriales, despertadas dentro de m\u00ed por la visualizaci\u00f3n del color y por la vibraci\u00f3n, son proyectadas desde m\u00ed hacia mi paciente. Si \u00e9l, tambi\u00e9n, permanece tranquilo y meditativo a la misma hora, mi ayuda resultar\u00e1 m\u00e1s poderosa puesto que \u00e9l asistir\u00e1 conscientemente a mis esfuerzos con una meditaci\u00f3n similar. Pero no es necesario insistir sobre esto. Pues, como lo muestran los experimentos telep\u00e1ticos, la mayor parte de las impresiones del receptor son recibidas inconscientemente. Por lo tanto, en el caso del paciente, su propia psique inconsciente captar\u00e1 autom\u00e1ticamente, y de necesidad, la inspiraci\u00f3n y el poder que yo le haya enviado telep\u00e1ticamente <em>in<\/em> <em>absentia<\/em>. <\/span><\/p>\n<p style=\"text-align: justify;\"><span style=\"font-size: 14pt;\">Este sistema combina la sugesti\u00f3n telep\u00e1tica con la comunicaci\u00f3n dirigida del poder vital. Yo me opongo fuertemente a esos apologistas parciales que mantienen en teor\u00eda una facultad para detrimento de la otra. Algunos niegan la sugesti\u00f3n o la telepat\u00eda, y arguyen demasiado entusi\u00e1sticamente a favor del magnetismo vital. Otros rehusan categ\u00f3ricamente admitir la existencia del magnetismo, presionando sus pruebas exclusivamente a favor de la telepat\u00eda y la sugesti\u00f3n. Ambos, a mi entender, son incorrectos y dogm\u00e1ticos cuando insisten s\u00f3lo sobre su idea como teniendo validez universal, o siendo el \u00fanico modo l\u00f3gico de explicaci\u00f3n. Igualmente, cada uno est\u00e1 en lo correcto en algunos respectos y en cierto n\u00famero de casos; hay un lugar para ambos en la econom\u00eda natural de las cosas. Los recursos de la naturaleza son lo suficientemente grandes y extensos como para admitir la existencia mutua de ambos, y de innumerables otros poderes tambi\u00e9n. <\/span><\/p>\n<p style=\"text-align: justify;\"><span style=\"font-size: 14pt;\">El procedimiento t\u00e9cnico es, como ya he mostrado, extremadamente simple \u2014 incluso al emplearlo para fines subjetivos. Suponed que de pronto me llega la realizaci\u00f3n de que, en vez de ser la persona magn\u00e1nima que me imaginaba ser, soy realmente mezquino y taca\u00f1o. Por supuesto que podr\u00eda ir a trav\u00e9s de un curso de psicoan\u00e1lisis para descubrir por qu\u00e9 mi naturaleza anterior en la vida hab\u00eda sido torcida de modo que se engendrase un h\u00e1bito de mezquindad. Pero \u00e9ste es un negocio largo y costoso \u2014malos argumentos, lo admito, contra su necesidad. Y mucho depender\u00e1 del analista y de sus relaciones conmigo. Mis primeros pasos consisten en los descritos anteriormente \u2014respiraci\u00f3n r\u00edtmica, la banda de luz formulada de cabeza a pies, y la circulaci\u00f3n de la fuerza a trav\u00e9s del aura. Recordando entonces que una visi\u00f3n y actitud generosas hacia la vida es una cualidad jupiteriana, me rodear\u00eda con una esfera azul, vibrando al mismo tiempo frecuente <img loading=\"lazy\" decoding=\"async\" class=\"alignleft wp-image-2267073 size-medium\" src=\"https:\/\/puntocritico.com\/ausajpuntocritico\/wp-content\/uploads\/2023\/02\/Kabbalah-3-300x258.jpg\" alt=\"\" width=\"300\" height=\"258\" data-id=\"2267073\" srcset=\"https:\/\/puntocritico.com\/ausajpuntocritico\/wp-content\/uploads\/2023\/02\/Kabbalah-3-300x258.jpg 300w, https:\/\/puntocritico.com\/ausajpuntocritico\/wp-content\/uploads\/2023\/02\/Kabbalah-3.jpg 540w\" sizes=\"auto, (max-width: 300px) 100vw, 300px\" \/>y poderosamente el nombre divino El. Depende enteramente de la familiaridad y destreza propias con el sistema el que los nombres sean vibrados silenciosa o audiblemente. Pero, por cualquiera de ambos caminos, poderosas corrientes Jupiterianas compenetrar\u00e1n mi ser. Visualizar\u00eda incluso cada c\u00e9lula ba\u00f1ada en un oc\u00e9ano azul, e intentar\u00eda imaginar corrientes, que invaden mi esfera desde cada direcci\u00f3n, de modo que todo mi pensamiento y mi sentimiento est\u00e9n literalmente en t\u00e9rminos de azul. Lentamente, una sutil transformaci\u00f3n tiene lugar. Esto es, si yo fuera realmente sincero, deseoso de corregir mis faltas, y si intentara llegar a ser lo suficientemente generoso como para realizar la pr\u00e1ctica con fe y a menudo. <\/span><\/p>\n<p style=\"text-align: justify;\"><span style=\"font-size: 14pt;\">De igual manera, si un amigo o paciente sufriera de un vicio similar en \u00e9l, y apelase a m\u00ed por ayuda, usar\u00eda en este caso un color positivo para la proyecci\u00f3n. Formular\u00eda mi esfera como una activa y din\u00e1mica esfera p\u00farpura, rica y real en color, y proyectar\u00eda su influencia generosa, curadora y fecunda, sobre su mente y su personalidad. Con el tiempo la falta ser\u00eda corregida a su satisfacci\u00f3n, y estimular\u00eda as\u00ed su naturaleza espiritual. <\/span><\/p>\n<p style=\"text-align: justify;\"><span style=\"font-size: 14pt;\">Y as\u00ed siempre con todo lo dem\u00e1s. Estos pocos ejemplos, estoy seguro, habr\u00e1n mostrado la aplicaci\u00f3n de los m\u00e9todos. <\/span><\/p>\n<p style=\"text-align: justify;\"><span style=\"font-size: 14pt;\">No es suficiente simplemente con desear ciertos resultados y esperar ociosamente que \u00e9stos lleguen. Con un proceder ocioso s\u00f3lo puede venir el fracaso. Cualquier cosa de valor y que deba tener \u00e9xito requiere una gran cantidad de trabajo y perseverancia. La t\u00e9cnica del Pilar del Medio no es una excepci\u00f3n, ciertamente. Pero la devoci\u00f3n a ella es extremadamente valiosa por la naturaleza y la calidad de los resultados que la siguen. Realizada una vez al d\u00eda, demostrar\u00e1 la eficacia del m\u00e9todo. Dos veces ser\u00eda mucho mejor \u2014especialmente si hay alguna enfermedad o dificultad ps\u00edquica que superar. Despu\u00e9s de un tiempo, el estudiante que es sincero y en el cual la naturaleza espiritual se est\u00e1 desenvolviendo gradualmente, se aplicar\u00e1 \u00e9l mismo al m\u00e9todo, aparte de la promesa que he hecho. Poderes curadores, liberaci\u00f3n de la pobreza y de la preocupaci\u00f3n, felicidad \u2014todos \u00e9stos son eminentemente deseables. Pero sobre, y por encima de \u00e9stos, est\u00e1 el deseo de conocer y expresar el ser espiritual interno \u2014aunque puede ocurrir en algunos casos que este ideal sea dif\u00edcilmente asequible hasta que se haya conseguido alguna medida de consecuci\u00f3n en otros respectos y a otros niveles. Cuando, sin embargo, el ideal se realiza como deseable, entonces el valor de este m\u00e9todo se realizar\u00e1 tambi\u00e9n como supremamente efectivo para ese fin.<\/span><\/p>\n<p>&nbsp;<\/p>\n<figure id=\"attachment_2267072\" aria-describedby=\"caption-attachment-2267072\" style=\"width: 280px\" class=\"wp-caption aligncenter\"><img loading=\"lazy\" decoding=\"async\" class=\"wp-image-2267072\" src=\"https:\/\/puntocritico.com\/ausajpuntocritico\/wp-content\/uploads\/2023\/02\/Israel-Regardie-caricatura.jpg\" alt=\"\" width=\"280\" height=\"354\" data-id=\"2267072\" srcset=\"https:\/\/puntocritico.com\/ausajpuntocritico\/wp-content\/uploads\/2023\/02\/Israel-Regardie-caricatura.jpg 398w, https:\/\/puntocritico.com\/ausajpuntocritico\/wp-content\/uploads\/2023\/02\/Israel-Regardie-caricatura-237x300.jpg 237w\" sizes=\"auto, (max-width: 280px) 100vw, 280px\" \/><figcaption id=\"caption-attachment-2267072\" class=\"wp-caption-text\"><span style=\"color: #008000;\">Israel Regardie<\/span><\/figcaption><\/figure>\n<p style=\"text-align: center;\"><span style=\"color: #008000;\"><strong><span style=\"font-size: 18pt;\">*******<\/span><\/strong><\/span><\/p>\n<h2 style=\"text-align: center;\"><span style=\"font-size: 24pt;\">GOLDEN DOWN<\/span><\/h2>\n<p><img loading=\"lazy\" decoding=\"async\" class=\"aligncenter wp-image-2267075\" src=\"https:\/\/puntocritico.com\/ausajpuntocritico\/wp-content\/uploads\/2023\/02\/Aleister-Crowley-hat-276x300.jpg\" alt=\"\" width=\"360\" height=\"391\" data-id=\"2267075\" srcset=\"https:\/\/puntocritico.com\/ausajpuntocritico\/wp-content\/uploads\/2023\/02\/Aleister-Crowley-hat-276x300.jpg 276w, https:\/\/puntocritico.com\/ausajpuntocritico\/wp-content\/uploads\/2023\/02\/Aleister-Crowley-hat-610x662.jpg 610w, https:\/\/puntocritico.com\/ausajpuntocritico\/wp-content\/uploads\/2023\/02\/Aleister-Crowley-hat.jpg 620w\" sizes=\"auto, (max-width: 360px) 100vw, 360px\" \/><\/p>\n<p>&nbsp;<\/p>\n<p style=\"text-align: center;\"><span style=\"font-size: 14pt;\">Juan Ignacio Cuesta, se cuestiona sobre el origen de la Tradici\u00f3n m\u00e1gica que con el paso de los tiempos se ha ido transmitiendo, en muchos casos, a sociedades secretas, como los Rosacruces, la Sociedad Teos\u00f3fica de Helena P. Blavatski, o la m\u00e1s influyente entre clases elitistas, la del Amanecer Dorado o Golden Dawn. Traza de un recorrido describiendo c\u00f3mo se ha transferido ese ancestral secreto, que, posiblemente, empez\u00f3 a manifestarse en la oscuridad de una caverna, y desvelando qui\u00e9nes han sido los beneficiarios de la transmisi\u00f3n de ese conocimiento m\u00e1gico.<\/span><\/p>\n<p>&nbsp;<\/p>\n<p><img loading=\"lazy\" decoding=\"async\" class=\"aligncenter wp-image-2267388 size-medium\" src=\"https:\/\/puntocritico.com\/ausajpuntocritico\/wp-content\/uploads\/2023\/02\/crowly-sgt-pepper-300x294.jpg\" alt=\"\" width=\"300\" height=\"294\" data-id=\"2267388\" srcset=\"https:\/\/puntocritico.com\/ausajpuntocritico\/wp-content\/uploads\/2023\/02\/crowly-sgt-pepper-300x294.jpg 300w, https:\/\/puntocritico.com\/ausajpuntocritico\/wp-content\/uploads\/2023\/02\/crowly-sgt-pepper-1024x1004.jpg 1024w, https:\/\/puntocritico.com\/ausajpuntocritico\/wp-content\/uploads\/2023\/02\/crowly-sgt-pepper-768x753.jpg 768w, https:\/\/puntocritico.com\/ausajpuntocritico\/wp-content\/uploads\/2023\/02\/crowly-sgt-pepper-1536x1506.jpg 1536w, https:\/\/puntocritico.com\/ausajpuntocritico\/wp-content\/uploads\/2023\/02\/crowly-sgt-pepper-610x598.jpg 610w, https:\/\/puntocritico.com\/ausajpuntocritico\/wp-content\/uploads\/2023\/02\/crowly-sgt-pepper-1320x1294.jpg 1320w, https:\/\/puntocritico.com\/ausajpuntocritico\/wp-content\/uploads\/2023\/02\/crowly-sgt-pepper.jpg 1920w\" sizes=\"auto, (max-width: 300px) 100vw, 300px\" \/><\/p>\n<p style=\"text-align: center;\">\n<span style=\"font-size: 14pt;\">Seg\u00fan Cuesta, \u201c<em>desde la revoluci\u00f3n neol\u00edtica hasta nuestros d\u00edas, hay una creencia que ha permanecido inalterable, aunque interpretada de distintos modos: alguien de naturaleza no humana instruy\u00f3 e instruye a los hombres en c\u00f3mo enfrentarse a los retos que se han ido planteando a lo largo del tiempo. Es la parte m\u00e1gica de lo que conocemos como Tradici\u00f3n<\/em>\u201d.<\/span><\/p>\n<p style=\"text-align: center;\"><span style=\"font-size: 14pt;\">Para el investigador, es \u201c<em>m\u00e1gica porque sus mecanismos no corresponden a la l\u00f3gica formal, aunque la experiencia demuestra que han funcionado. Por eso, desde la cuna de la civilizaci\u00f3n hasta nuestra relativa madurez actual, son numerosos los grupos que se han asociado para el estudio de la magia, y nos han ido descubriendo la estructura de cuanto existe, nuestra relaci\u00f3n con lo sobrenatural y nuestra trascendencia<\/em>\u201d.<\/span><\/p>\n<p id=\"5356\" class=\"pw-post-body-paragraph kx ky ip kz b la lb jr lc ld le ju lf lg lh li lj lk ll lm ln lo lp lq lr ls ii bi\" style=\"text-align: center;\" data-selectable-paragraph=\"\"><span style=\"font-size: 14pt;\">De entre los numerosos grupos que atesoran esta ancestral sabidur\u00eda, la Orden del Amanecer Dorado es la m\u00e1s prestigiosa por haber acogido a miembros muy c\u00e9lebres. Fue una organizaci\u00f3n esot\u00e9rico-m\u00e1gica fundada en 1888 en Londres por William Wynn Westcott, en la que se estudi\u00f3 y practic\u00f3 alquimia, tarot, magia, astrolog\u00eda y c\u00e1bala. Una de las \u00f3rdenes tajantes que tuvieron que cumplir sus miembros fue la de ocultar su existencia para no ser investigados, ni molestados, ni descubiertos los lugares donde celebraban sus ritos. Adem\u00e1s, tiene algunas ceremonias procedentes de las escuelas te\u00fargicas, como invocaciones de algunas criaturas sobrenaturales y grupos concretos de \u00e1ngeles castigados por rebeld\u00eda o soberbia.<\/span><\/p>\n<p style=\"text-align: justify;\" data-selectable-paragraph=\"\">\u00a0<\/p>\n<p data-selectable-paragraph=\"\"><img loading=\"lazy\" decoding=\"async\" class=\"aligncenter wp-image-2267385 size-medium\" src=\"https:\/\/puntocritico.com\/ausajpuntocritico\/wp-content\/uploads\/2023\/02\/Cuesta-GOLDEN-DOWN-183x300.webp\" alt=\"\" width=\"183\" height=\"300\" data-id=\"2267385\" srcset=\"https:\/\/puntocritico.com\/ausajpuntocritico\/wp-content\/uploads\/2023\/02\/Cuesta-GOLDEN-DOWN-183x300.webp 183w, https:\/\/puntocritico.com\/ausajpuntocritico\/wp-content\/uploads\/2023\/02\/Cuesta-GOLDEN-DOWN-625x1024.webp 625w, https:\/\/puntocritico.com\/ausajpuntocritico\/wp-content\/uploads\/2023\/02\/Cuesta-GOLDEN-DOWN-768x1259.webp 768w, https:\/\/puntocritico.com\/ausajpuntocritico\/wp-content\/uploads\/2023\/02\/Cuesta-GOLDEN-DOWN-610x1000.webp 610w, https:\/\/puntocritico.com\/ausajpuntocritico\/wp-content\/uploads\/2023\/02\/Cuesta-GOLDEN-DOWN.webp 828w\" sizes=\"auto, (max-width: 183px) 100vw, 183px\" \/><\/p>\n<p style=\"text-align: center;\" data-selectable-paragraph=\"\"><span style=\"font-size: 14pt;\">\u00a0<a class=\"ae kv\" href=\"https:\/\/amzn.to\/3yL93eI\" target=\"_blank\" rel=\"noopener ugc nofollow\"><strong class=\"kz iq\"><em class=\"lt\">La Golden Dawn y otras sectas m\u00e1gicas<\/em><\/strong><\/a>, por Juan Ignacio Cuesta<\/span><\/p>\n<p>&nbsp;<\/p>\n<figure id=\"attachment_2267074\" aria-describedby=\"caption-attachment-2267074\" style=\"width: 330px\" class=\"wp-caption aligncenter\"><a href=\"https:\/\/es.wikipedia.org\/wiki\/Orden_Herm%C3%A9tica_de_la_Aurora_Dorada\" target=\"_blank\" rel=\"noopener\"><img loading=\"lazy\" decoding=\"async\" class=\"wp-image-2267074\" src=\"https:\/\/puntocritico.com\/ausajpuntocritico\/wp-content\/uploads\/2023\/02\/Aleister_Crowley_as_Baphomet_X\u00b0_O.T.O-scaled.jpg\" alt=\"\" width=\"330\" height=\"508\" data-id=\"2267074\" srcset=\"https:\/\/puntocritico.com\/ausajpuntocritico\/wp-content\/uploads\/2023\/02\/Aleister_Crowley_as_Baphomet_X\u00b0_O.T.O-scaled.jpg 1664w, https:\/\/puntocritico.com\/ausajpuntocritico\/wp-content\/uploads\/2023\/02\/Aleister_Crowley_as_Baphomet_X\u00b0_O.T.O-195x300.jpg 195w, https:\/\/puntocritico.com\/ausajpuntocritico\/wp-content\/uploads\/2023\/02\/Aleister_Crowley_as_Baphomet_X\u00b0_O.T.O-666x1024.jpg 666w, https:\/\/puntocritico.com\/ausajpuntocritico\/wp-content\/uploads\/2023\/02\/Aleister_Crowley_as_Baphomet_X\u00b0_O.T.O-768x1182.jpg 768w, https:\/\/puntocritico.com\/ausajpuntocritico\/wp-content\/uploads\/2023\/02\/Aleister_Crowley_as_Baphomet_X\u00b0_O.T.O-998x1536.jpg 998w, https:\/\/puntocritico.com\/ausajpuntocritico\/wp-content\/uploads\/2023\/02\/Aleister_Crowley_as_Baphomet_X\u00b0_O.T.O-1331x2048.jpg 1331w, https:\/\/puntocritico.com\/ausajpuntocritico\/wp-content\/uploads\/2023\/02\/Aleister_Crowley_as_Baphomet_X\u00b0_O.T.O-610x939.jpg 610w, https:\/\/puntocritico.com\/ausajpuntocritico\/wp-content\/uploads\/2023\/02\/Aleister_Crowley_as_Baphomet_X\u00b0_O.T.O-1320x2031.jpg 1320w\" sizes=\"auto, (max-width: 330px) 100vw, 330px\" \/><\/a><figcaption id=\"caption-attachment-2267074\" class=\"wp-caption-text\"><span style=\"color: #008000;\">Aleister Crowley as Baphomet X\u00b0 O.T.O<\/span><\/figcaption><\/figure>\n<p>&nbsp;<\/p>\n<p>&nbsp;<\/p>\n<p><a href=\"https:\/\/puntocritico.com\/ausajpuntocritico\/author\/punto-critico\/\"><img loading=\"lazy\" decoding=\"async\" class=\"aligncenter wp-image-48\" src=\"https:\/\/puntocritico.com\/ausajpuntocritico\/wp-content\/uploads\/2016\/11\/Mosca_Punto_Cr\u00edtico_40.png\" alt=\"\" width=\"80\" height=\"80\" \/><\/a><\/p>\n<p>&nbsp;<\/p>\n","protected":false},"excerpt":{"rendered":"<div class=\"mh-excerpt\"><p>EL ARTE DE LA VERDADERA CURACI\u00d3N (Primera parte) *** EL ARTE DE LA VERDADERA CURACI\u00d3N (final) Israel Regardie CAPITULO III Nos aproximamos a un estado posterior e importante en el desarrollo de la t\u00e9cnica del <a class=\"mh-excerpt-more\" href=\"https:\/\/puntocritico.com\/ausajpuntocritico\/2023\/02\/27\/el-arte-de-la-verdadera-curacion-y-parte-2-por-israel-regardie\/\" title=\"EL ARTE DE LA VERDADERA CURACI\u00d3N (y Parte 2), por Israel Regardie\">[&#8230;]<\/a><\/p>\n<\/div>","protected":false},"author":3,"featured_media":2266949,"comment_status":"open","ping_status":"closed","sticky":false,"template":"","format":"standard","meta":{"_acf_changed":false,"_exactmetrics_skip_tracking":false,"_exactmetrics_sitenote_active":false,"_exactmetrics_sitenote_note":"","_exactmetrics_sitenote_category":0,"footnotes":""},"categories":[15],"tags":[],"class_list":{"0":"post-2266919","1":"post","2":"type-post","3":"status-publish","4":"format-standard","5":"has-post-thumbnail","7":"category-sabiduria_perenne"},"acf":[],"_links":{"self":[{"href":"https:\/\/puntocritico.com\/ausajpuntocritico\/wp-json\/wp\/v2\/posts\/2266919","targetHints":{"allow":["GET"]}}],"collection":[{"href":"https:\/\/puntocritico.com\/ausajpuntocritico\/wp-json\/wp\/v2\/posts"}],"about":[{"href":"https:\/\/puntocritico.com\/ausajpuntocritico\/wp-json\/wp\/v2\/types\/post"}],"author":[{"embeddable":true,"href":"https:\/\/puntocritico.com\/ausajpuntocritico\/wp-json\/wp\/v2\/users\/3"}],"replies":[{"embeddable":true,"href":"https:\/\/puntocritico.com\/ausajpuntocritico\/wp-json\/wp\/v2\/comments?post=2266919"}],"version-history":[{"count":0,"href":"https:\/\/puntocritico.com\/ausajpuntocritico\/wp-json\/wp\/v2\/posts\/2266919\/revisions"}],"wp:featuredmedia":[{"embeddable":true,"href":"https:\/\/puntocritico.com\/ausajpuntocritico\/wp-json\/wp\/v2\/media\/2266949"}],"wp:attachment":[{"href":"https:\/\/puntocritico.com\/ausajpuntocritico\/wp-json\/wp\/v2\/media?parent=2266919"}],"wp:term":[{"taxonomy":"category","embeddable":true,"href":"https:\/\/puntocritico.com\/ausajpuntocritico\/wp-json\/wp\/v2\/categories?post=2266919"},{"taxonomy":"post_tag","embeddable":true,"href":"https:\/\/puntocritico.com\/ausajpuntocritico\/wp-json\/wp\/v2\/tags?post=2266919"}],"curies":[{"name":"wp","href":"https:\/\/api.w.org\/{rel}","templated":true}]}}