{"id":2266833,"date":"2023-03-16T00:05:00","date_gmt":"2023-03-15T23:05:00","guid":{"rendered":"https:\/\/puntocritico.com\/ausajpuntocritico\/?p=2266833"},"modified":"2023-03-15T20:44:30","modified_gmt":"2023-03-15T19:44:30","slug":"la-segunda-transicion-podemitas-y-masmaderitas","status":"publish","type":"post","link":"https:\/\/puntocritico.com\/ausajpuntocritico\/2023\/03\/16\/la-segunda-transicion-podemitas-y-masmaderitas\/","title":{"rendered":"LA SEGUNDA TRANSICI\u00d3N: ACTORES SECUNDARIOS A LA IZQUIERDA DEL ESCENARIO: \u00abPodemitas, Masmaderitas y otros Pijomitas\u00bb."},"content":{"rendered":"<h2 style=\"text-align: justify;\"><span style=\"font-size: 14pt; color: #008000;\">Segunda Transici\u00f3n<\/span><\/h2>\n\n<p>&nbsp;<\/p>\n<div>\n<blockquote>\n<h2 class=\"c-detail__title\" style=\"text-align: center;\"><span style=\"font-size: 24pt;\">UN MUNDO HORRIBLE<\/span><\/h2>\n<p class=\"c-detail__subtitle\" style=\"text-align: center;\"><span style=\"font-size: 14pt;\"><em><strong>En la bandera morada, que Iglesias y D\u00edaz llevar\u00e1n hasta donde les dejen, hay una pizca s\u00f3lo de nuestros impuestos. La sangre, escrib\u00eda Maquiavelo, se olvida; el dinero es mucho m\u00e1s perseverante<\/strong><\/em><\/span><\/p>\n<\/blockquote>\n<\/div>\n<blockquote>\n<div class=\"c-detail__toolbar\">\n<p class=\"c-detail__info\" style=\"text-align: justify;\"><span style=\"font-size: 14pt;\"><time class=\"c-detail__info__date\" datetime=\"2023-03-15T01:30:00+01:00\">Por Gabriel Albiac<\/time><\/span><\/p>\n<p class=\"c-detail__info\" style=\"text-align: justify;\"><span style=\"font-size: 14pt;\"><time class=\"c-detail__info__date\" datetime=\"2023-03-15T01:30:00+01:00\"><a href=\"https:\/\/www.eldebate.com\/opinion\/20230315\/mundo-horrible_100643.html\" target=\"_blank\" rel=\"noopener\">El Debate<\/a>, 15 MARZO 2023<\/time><\/span><\/p>\n<\/div>\n<p><img loading=\"lazy\" decoding=\"async\" class=\"aligncenter wp-image-15236\" src=\"https:\/\/puntocritico.com\/ausajpuntocritico\/wp-content\/uploads\/2018\/12\/Logo_Troya_Podemos_678x381.jpg\" alt=\"\" width=\"480\" height=\"270\" data-id=\"15236\" srcset=\"https:\/\/puntocritico.com\/ausajpuntocritico\/wp-content\/uploads\/2018\/12\/Logo_Troya_Podemos_678x381.jpg 678w, https:\/\/puntocritico.com\/ausajpuntocritico\/wp-content\/uploads\/2018\/12\/Logo_Troya_Podemos_678x381-300x169.jpg 300w, https:\/\/puntocritico.com\/ausajpuntocritico\/wp-content\/uploads\/2018\/12\/Logo_Troya_Podemos_678x381-267x150.jpg 267w\" sizes=\"auto, (max-width: 480px) 100vw, 480px\" \/><\/p>\n<p style=\"text-align: justify;\">\u00a0<\/p>\n<div class=\"paragraph\" style=\"text-align: justify;\" data-mrf-recirculation=\"Enlaces p\u00e1rrafos\"><span style=\"font-size: 14pt;\">Hubo un tiempo, yo era joven, en el que \u00abizquierda\u00bb era sin\u00f3nimo de sacrificio. Ninguna ventaja pod\u00eda ganar quien apostaba a aquello. Era un envite en el que algunos \u2013muy pocos durante la dictadura\u2013 no atisbaban m\u00e1s beneficio que el de unos cuantos a\u00f1os de c\u00e1rcel; en el menos malo de los casos. Y en mi memoria quedan \u2013con veneraci\u00f3n\u2013 im\u00e1genes de aquellos de mis amigos que, en el final de los a\u00f1os sesenta, entraron en Carabanchel con menos de veinte. A alguno no volv\u00ed a verlo hasta que, en la prensa de despu\u00e9s del 75, reconoc\u00ed su rostro entre los que de all\u00ed sal\u00edan. Ni tuvieron homenajes ni los esperaban. Aquella joven izquierda, que combati\u00f3 a la dictadura, fue una excepci\u00f3n de generosidad poco com\u00fan en nuestra tierra.<\/span><\/div>\n<div style=\"text-align: justify;\" data-mrf-recirculation=\"Enlaces p\u00e1rrafos\">\u00a0<\/div>\n<div class=\"paragraph\" style=\"text-align: justify;\" data-mrf-recirculation=\"Enlaces p\u00e1rrafos\"><span style=\"font-size: 14pt;\">Y claro que no estaban all\u00ed las gentes del PSOE: \u00e9sas vinieron despu\u00e9s para capitalizar, en beneficio propio, el dolor que pagaron los otros, los silenciosos que volvieron a casa con los a\u00f1os mejores de sus vidas perdidos. Y nadie, y nada, me mover\u00e1 a olvidarlos. Aunque tan poco sepa de qu\u00e9 fue de ellos.<\/span><\/div>\n<div style=\"text-align: justify;\" data-mrf-recirculation=\"Enlaces p\u00e1rrafos\">\u00a0<\/div>\n<div class=\"paragraph\" style=\"text-align: justify;\" data-mrf-recirculation=\"Enlaces p\u00e1rrafos\"><span style=\"font-size: 14pt;\">El contraste es brutal con la banda de ni\u00f1atos, tan ignorantes cuanto presuntuosos, que se apropian ahora de aquellos dramas. No, Podemos nada hereda de esa generosidad, asentada sobre el rigor de un deber cumplido sin contrapartida: el de resistir. Exactamente lo contrario de lo que ejerce una fratr\u00eda \u2013ll\u00e1menlo, si prefieren, soror\u00eda, no estoy yo para chorradas sem\u00e1nticas\u2013 que se cre\u00f3 con la detecci\u00f3n de un territorio salarial claro: los esca\u00f1os que la burda obscenidad del bipartidismo espa\u00f1ol hab\u00edan dejado disponibles para el primero que supiera enga\u00f1ar de un modo diferente a los electores.<\/span><\/div>\n<div style=\"text-align: justify;\" data-mrf-recirculation=\"Enlaces p\u00e1rrafos\">\u00a0<\/div>\n<div class=\"paragraph\" style=\"text-align: justify;\" data-mrf-recirculation=\"Enlaces p\u00e1rrafos\"><span style=\"font-size: 14pt;\">Basta tomar el plantel de sujetos con sueldo oficial, en las bandas respectivas de Iglesias, Errej\u00f3n y D\u00edaz, e ir anotando cu\u00e1ntos de ellos hab\u00edan cotizado alguna vez a la seguridad social por una actividad laboral cualquiera. Se le cae a uno el alma a los pies. Y entiende bien esta pugna de ahora entre UP y lo que quiere llamarse Sumar. Cuando empez\u00f3 esta s\u00f3rdida exhibici\u00f3n de ambiciones, hace un decenio, escrib\u00ed que s\u00f3lo sus componentes podr\u00edan acabar con sus componentes. No hac\u00eda falta ser profeta: mientras cargos y sueldos abundasen, todo ir\u00eda aceptablemente: con desacuerdos, claro est\u00e1, como sucede siempre que est\u00e1 en juego el reparto de un patrimonio; pero sin fratricidios. Cuando cargos y sueldos amenazasen con recortarse, el siguiente recorte ser\u00eda el de las cabezas de los sobreabundantes comensales: esto de ahora.<\/span><\/div>\n<div style=\"text-align: justify;\" data-mrf-recirculation=\"Enlaces p\u00e1rrafos\">\u00a0<\/div>\n<div class=\"paragraph\" style=\"text-align: justify;\" data-mrf-recirculation=\"Enlaces p\u00e1rrafos\"><span style=\"font-size: 14pt;\">En 1938, en el testamento del Nicolai Bujarin que va a ser ejecutado por su viejo amigo Stalin, conmueve un loco perseverar en la epopeya: \u00abNo olvid\u00e9is, camaradas, que en la bandera roja que llevar\u00e9is hasta la victoria final, hay una gota de mi sangre\u00bb. En la bandera morada, que Iglesias y D\u00edaz llevar\u00e1n hasta donde les dejen, hay una pizca s\u00f3lo de nuestros impuestos. La sangre, escrib\u00eda Maquiavelo, se olvida; el dinero es mucho m\u00e1s perseverante. Eso importa.<\/span><\/div>\n<div style=\"text-align: justify;\" data-mrf-recirculation=\"Enlaces p\u00e1rrafos\">\u00a0<\/div>\n<div class=\"paragraph\" style=\"text-align: justify;\" data-mrf-recirculation=\"Enlaces p\u00e1rrafos\"><span style=\"font-size: 14pt;\">Y mis amigos de entonces, los silenciosos que pagaron tan cara su decencia, puede que ni siquiera se tomasen el esfuerzo de escupirles a la cara. Ni eso merecen.<\/span><\/div>\n<div style=\"text-align: justify;\" data-mrf-recirculation=\"Enlaces p\u00e1rrafos\">\u00a0<\/div>\n<div class=\"paragraph\" style=\"text-align: justify;\" data-mrf-recirculation=\"Enlaces p\u00e1rrafos\"><span style=\"font-size: 14pt;\">No, no es pol\u00edtica. Es la factura al contado de un mundo horrible.<\/span><\/div>\n<\/blockquote>\n<div data-mrf-recirculation=\"Enlaces p\u00e1rrafos\">\u00a0<\/div>\n<div data-mrf-recirculation=\"Enlaces p\u00e1rrafos\"><a href=\"https:\/\/puntocritico.com\/ausajpuntocritico\/2022\/05\/10\/consideraciones-en-torno-al-tratado-de-no-proliferacion-de-armas-nucleares\/\"><img loading=\"lazy\" decoding=\"async\" class=\"aligncenter wp-image-2247721\" src=\"https:\/\/puntocritico.com\/ausajpuntocritico\/wp-content\/uploads\/2022\/05\/Selfie-del-fin-del-mundo-PPAL.jpg\" alt=\"\" width=\"480\" height=\"319\" data-id=\"2247721\" srcset=\"https:\/\/puntocritico.com\/ausajpuntocritico\/wp-content\/uploads\/2022\/05\/Selfie-del-fin-del-mundo-PPAL.jpg 680w, https:\/\/puntocritico.com\/ausajpuntocritico\/wp-content\/uploads\/2022\/05\/Selfie-del-fin-del-mundo-PPAL-300x199.jpg 300w, https:\/\/puntocritico.com\/ausajpuntocritico\/wp-content\/uploads\/2022\/05\/Selfie-del-fin-del-mundo-PPAL-610x405.jpg 610w, https:\/\/puntocritico.com\/ausajpuntocritico\/wp-content\/uploads\/2022\/05\/Selfie-del-fin-del-mundo-PPAL-678x452.jpg 678w\" sizes=\"auto, (max-width: 480px) 100vw, 480px\" \/><\/a><\/div>\n<p style=\"text-align: center;\"><strong><span style=\"color: #008000; font-size: 18pt;\">*******<\/span><\/strong><\/p>\n<h2 style=\"text-align: center;\"><span style=\"font-size: 24pt;\">LA PRIMERA TRANSICI\u00d3N, AGOTADA <\/span><\/h2>\n<p style=\"text-align: center;\"><strong><span style=\"font-size: 18pt;\">(se les mueren de viejos los corruptos \u00abdem\u00f3cratas de toda la vida\u00bb)<\/span><\/strong><\/p>\n<h3 style=\"text-align: center;\"><strong><span style=\"font-size: 18pt;\">FALANGISTAS Y NACIONAL-CAT\u00d3LICOS: LAS FAMILIAS DEL FRANQUISMO, \u00abDEM\u00d3CRATAS DE TODA LA VIDA\u00bb: DE FRANCO A LAS INSTITUCIONES<\/span><\/strong><\/h3>\n<p style=\"text-align: center;\"><em><strong><span style=\"font-size: 18pt;\">Cambiarlo todo para que todo siga igual<\/span><\/strong><\/em><\/p>\n<div><img loading=\"lazy\" decoding=\"async\" class=\"aligncenter wp-image-4969 size-mh-magazine-content\" src=\"https:\/\/puntocritico.com\/ausajpuntocritico\/wp-content\/uploads\/2017\/08\/798-ranking-de-los-banqueros-mc3a1s-corruptos-de-espac3b1a-678x381.jpg\" alt=\"\" width=\"678\" height=\"381\" data-id=\"4969\" \/><\/div>\n<div>\u00a0<\/div>\n<div>\n<p style=\"text-align: center;\"><strong><span style=\"font-size: 14pt;\">\u00ab<em>Lo de rojos contra azules cada vez ayuda menos a comprender los problemas de nuestra \u00e9poca<\/em>\u00bb (V\u00edctor Lenore).<\/span><\/strong><\/p>\n<p style=\"text-align: center;\"><span style=\"font-size: 14pt;\">Lenore dice bien. Pero no claramente.<\/span><\/p>\n<p style=\"text-align: center;\"><span style=\"font-size: 14pt;\">El adagio inicial fue \u00ab<strong>DE FRANCO A LAS INSTITUCIONES<\/strong>\u00bb.<\/span><\/p>\n<div>\n<p>&nbsp;<\/p>\n<\/div>\n<figure id=\"attachment_2217581\" aria-describedby=\"caption-attachment-2217581\" style=\"width: 660px\" class=\"wp-caption aligncenter\"><img loading=\"lazy\" decoding=\"async\" class=\"wp-image-2217581\" src=\"https:\/\/puntocritico.com\/ausajpuntocritico\/wp-content\/uploads\/2021\/06\/El-ultimo-Pleno-de-las-Cortes-franquistas-5-de-noviembre.jpg\" alt=\"\" width=\"660\" height=\"335\" data-id=\"2217581\" srcset=\"https:\/\/puntocritico.com\/ausajpuntocritico\/wp-content\/uploads\/2021\/06\/El-ultimo-Pleno-de-las-Cortes-franquistas-5-de-noviembre.jpg 400w, https:\/\/puntocritico.com\/ausajpuntocritico\/wp-content\/uploads\/2021\/06\/El-ultimo-Pleno-de-las-Cortes-franquistas-5-de-noviembre-300x152.jpg 300w\" sizes=\"auto, (max-width: 660px) 100vw, 660px\" \/><figcaption id=\"caption-attachment-2217581\" class=\"wp-caption-text\"><span style=\"color: #008000;\"><strong>El \u00faltimo Pleno de las Cortes franquistas<\/strong>: El 18 de noviembre de 1976, tras veinticinco horas de debate, en lo que es conocido como el \u00faltimo Pleno de las Cortes franquistas, se dio luz verde a la Ley para la Reforma Pol\u00edtica, con el resultado de 425 votos a favor, 59 votos en contra y 13 abstenciones. \u00c9ste ser\u00e1 el objeto central de debate en la pr\u00f3xima sesi\u00f3n sobre la actividad de la Transici\u00f3n, tras visionar el documental correspondiente de la serie de RTVE sobre este periodo hist\u00f3rico,el pr\u00f3ximo viernes 5 de noviembre.<\/span><br \/>\n<span style=\"color: #008000;\">Torcuato Fern\u00e1ndez Miranda, presidente de las Cortes y del Consejo del Reino, la consideraba como una forma de avanzar hacia la democracia respetando las leyes vigentes: \u201cde la ley a la ley a trav\u00e9s de la ley\u201d.<\/span><br \/>\n<span style=\"color: #008000;\">Miguel Primo de Rivera y Urquijo, que abri\u00f3 el debate invoc\u00f3 \u201cla irrepetible autoridad pol\u00edtica de Francisco Franco\u201d, proclamando su \u201clealtad y devoci\u00f3n personal por \u00e9l\u201d, as\u00ed como su \u201ccondici\u00f3n joseantoniana\u201d, para pasar a declarar que, con todo, ya era hora de dejar al pueblo espa\u00f1ol decidir qu\u00e9 autoridad pol\u00edtica deb\u00eda reemplazar al Caudillo.<\/span><br \/>\n<span style=\"color: #008000;\">Otro procurador de las Cortes, Ramiro Cercos, critic\u00f3 este proyecto de ley como \u201ct\u00edmido e insuficiente\u201d para \u201cregir en el nuevo orden democr\u00e1tico\u201d, por cuanto hac\u00eda referencia expl\u00edcita a las Leyes Fundamentales, que respond\u00edan a fines claramente diferentes de aquellos que presiden los sistemas democr\u00e1ticos.<\/span><br \/>\n<span style=\"color: #008000;\">Raimundo Fern\u00e1ndez-Cuesta, un viejo l\u00edder falangista, se\u00f1al\u00f3 que el Estado espa\u00f1ol fue creado por \u201cla voluntad soberana y la facultad constituyente que le confiri\u00f3 el resultado de la lucha [de la naci\u00f3n espa\u00f1ola]\u201d y que estaba basado en los Principios Fundamentales que eran, por su propia naturaleza, \u201cpermanentes e inalterables\u201d, por lo que aceptar la ley propuesta significar\u00eda la anulaci\u00f3n de esos principios.<\/span><\/figcaption><\/figure>\n<div>\u00a0<\/div>\n<p style=\"text-align: center;\"><span style=\"font-size: 14pt;\">La legitimidad del expolio econ\u00f3mico (<em>gigantesco, aunque hoy, perdida la perspectiva, ya no nos lo parezca<\/em>), descans\u00f3, hasta la muerte de Franco, en \u00e9l. En aqu\u00e9l viejecito que \u00ab<em>no se met\u00eda en pol\u00edtica<\/em>\u00bb, el que nos ense\u00f1aban una vez al a\u00f1o desde el balc\u00f3n de la Plaza de Oriente, y al que, para hacernos ver que segu\u00eda vivo, levantaban el brazo a modo de saludo, mientras con un tenue hilillo de voz, el anciano recitaba el \u00abEspa\u00f1oles todos\u00bb.<\/span><\/p>\n<p style=\"text-align: center;\"><span style=\"font-size: 14pt;\">El viejo se muri\u00f3, y se quedaron sin \u00ablegitimaci\u00f3n\u00bb para continuar el Expolio.<\/span><\/p>\n<p style=\"text-align: center;\"><span style=\"font-size: 14pt;\">Entonces el R\u00e9gimen se hizo \u00abdem\u00f3crata\u00bb, los fascistas se repartieron la gallina de los huevos de oro, como lo hab\u00edan vivido: Falangistas, a la izquierda, preferentemente al <a href=\"https:\/\/puntocritico.com\/ausajpuntocritico\/2021\/07\/06\/el-psoe-y-el-tardofranquismo-en-espana-suresnes-el-asalto-de-los-jovenes-lobos-a-la-direccion-del-psoe\/#SURESNES_EL_ASALTO_DE_LOS_JOVENES_LOBOS_A_LA_DIRECCION_DEL_PSOE\">PSOE<\/a>, y Nacional Cat\u00f3licos -vestiditos de \u00ab<em>tecn\u00f3cratas<\/em>\u00ab-, a AP (<em>hoy PP<\/em>). En el medio qued\u00f3 Su\u00e1rez, m\u00e1s solo que la una, hasta que fue amortizado.<\/span><\/p>\n<p>&nbsp;<\/p>\n<figure id=\"attachment_2220195\" aria-describedby=\"caption-attachment-2220195\" style=\"width: 440px\" class=\"wp-caption aligncenter\"><a href=\"https:\/\/puntocritico.com\/ausajpuntocritico\/2021\/07\/06\/el-psoe-y-el-tardofranquismo-en-espana-suresnes-el-asalto-de-los-jovenes-lobos-a-la-direccion-del-psoe\/#JOSEANTONIANOS_DEL_MUNDO_UNIOS\"><img loading=\"lazy\" decoding=\"async\" class=\"wp-image-2220195\" src=\"https:\/\/puntocritico.com\/ausajpuntocritico\/wp-content\/uploads\/2021\/07\/Julio-Anguita-premiado-falangista.jpg\" alt=\"\" width=\"440\" height=\"497\" data-id=\"2220195\" srcset=\"https:\/\/puntocritico.com\/ausajpuntocritico\/wp-content\/uploads\/2021\/07\/Julio-Anguita-premiado-falangista.jpg 658w, https:\/\/puntocritico.com\/ausajpuntocritico\/wp-content\/uploads\/2021\/07\/Julio-Anguita-premiado-falangista-266x300.jpg 266w, https:\/\/puntocritico.com\/ausajpuntocritico\/wp-content\/uploads\/2021\/07\/Julio-Anguita-premiado-falangista-610x689.jpg 610w\" sizes=\"auto, (max-width: 440px) 100vw, 440px\" \/><\/a><figcaption id=\"caption-attachment-2220195\" class=\"wp-caption-text\"><span style=\"color: #008000;\">Anguita fue premio nacional Jos\u00e9 Antonio<\/span><\/figcaption><\/figure>\n<p>&nbsp;<\/p>\n<p style=\"text-align: center;\"><span style=\"font-size: 14pt;\">Hoy, la saga de ladrones de Estado, encuentra la Legitimaci\u00f3n del Expolio (<em>que contin\u00faa, ahora jugando en las ligas mayores de la corrupci\u00f3n internacional<\/em>) en \u00ab<em>las Instituciones<\/em>\u00bb.<\/span><\/p>\n<p style=\"text-align: center;\"><span style=\"font-size: 14pt;\">Empez\u00f3 en noviembre de 1976, cuando desaparecieron m\u00e1gicamente los Procuradores en Cortes franquistas y se sustituyeron, inmediatamente, por unos desconocidos e ignotos \u00abdem\u00f3cratas de toda la vida\u00bb, casualmente todos ellos hijos, nietos y deudos de los fenecidos Procuradores franquistas y otras carcundias surgidas del fr\u00edo de la dictadura.<\/span><\/p>\n<\/div>\n<div>\n<p style=\"text-align: center;\"><span style=\"font-size: 14pt;\">Hasta hoy<\/span><\/p>\n<\/div>\n<div>\u00a0<\/div>\n<div>\u00a0<\/div>\n<div><a href=\"https:\/\/puntocritico.com\/ausajpuntocritico\/2020\/12\/05\/el-control-del-psoe-por-la-cia-libro-la-cia-en-espana-de-alfredo-grimaldos-2\/\"><img loading=\"lazy\" decoding=\"async\" class=\"aligncenter wp-image-1666\" src=\"https:\/\/puntocritico.com\/ausajpuntocritico\/wp-content\/uploads\/2017\/04\/Felipe_Gonzalez_3.jpg\" alt=\"\" width=\"240\" height=\"364\" data-id=\"1666\" srcset=\"https:\/\/puntocritico.com\/ausajpuntocritico\/wp-content\/uploads\/2017\/04\/Felipe_Gonzalez_3.jpg 756w, https:\/\/puntocritico.com\/ausajpuntocritico\/wp-content\/uploads\/2017\/04\/Felipe_Gonzalez_3-198x300.jpg 198w, https:\/\/puntocritico.com\/ausajpuntocritico\/wp-content\/uploads\/2017\/04\/Felipe_Gonzalez_3-675x1024.jpg 675w\" sizes=\"auto, (max-width: 240px) 100vw, 240px\" \/><\/a><\/div>\n<div style=\"text-align: center;\"><span style=\"font-size: 18pt;\"><strong><span style=\"color: #008000;\">*******<\/span><\/strong><\/span><\/div>\n<h4 style=\"text-align: center;\"><strong><span style=\"font-size: 18pt;\">La Tercera pata del R\u00e9gimen del 78: El Nacionalismo heredero del Carlismo (Mon\u00e1rquicos Tradicionalistas)<\/span><\/strong><\/h4>\n<p>&nbsp;<\/p>\n<p><img loading=\"lazy\" decoding=\"async\" class=\"aligncenter wp-image-18356\" src=\"https:\/\/puntocritico.com\/ausajpuntocritico\/wp-content\/uploads\/2019\/04\/heribert-barrera-IP.jpg\" alt=\"\" width=\"440\" height=\"247\" data-id=\"18356\" srcset=\"https:\/\/puntocritico.com\/ausajpuntocritico\/wp-content\/uploads\/2019\/04\/heribert-barrera-IP.jpg 678w, https:\/\/puntocritico.com\/ausajpuntocritico\/wp-content\/uploads\/2019\/04\/heribert-barrera-IP-300x169.jpg 300w\" sizes=\"auto, (max-width: 440px) 100vw, 440px\" \/><\/p>\n<p class=\"entry-title\" style=\"text-align: center;\"><span style=\"font-size: 18pt;\"><strong>EL CASO DE HERIBERT BARRERA<\/strong><\/span><\/p>\n<p style=\"text-align: center;\"><span style=\"font-size: 14pt;\">Nunca he entendido la fijaci\u00f3n de los medios de comunicaci\u00f3n con Sabino Arana, convertido en paradigma del racismo. No la entiendo porque los primeros te\u00f3ricos del catalanismo (por ejemplo Valent\u00ed Almirall y Enric Prat de la Riba) y del galleguismo (Vicente Risco) eran tan racistas como Sabino. Siempre he sospechado que no era pol\u00edticamente correcto satanizar a los nacionalismos catal\u00e1n y gallego, por lo menos hasta derrotar electoralmente al vasco. Si el 13 de mayo el PNV es desalojado del Gobierno de Vitoria ver\u00e9 pronto confirmada o desmentida mi hip\u00f3tesis.<\/span><\/p>\n<p style=\"text-align: center;\"><a href=\"https:\/\/elpais.com\/diario\/2001\/03\/03\/paisvasco\/983652007_850215.html\" target=\"_blank\" rel=\"noopener\"><span style=\"font-size: 14pt;\"><strong>XABIER ZABALTZA (El Pais)<\/strong><\/span><\/a><\/p>\n<p>&nbsp;<\/p>\n<figure id=\"attachment_7981\" aria-describedby=\"caption-attachment-7981\" style=\"width: 480px\" class=\"wp-caption aligncenter\"><a href=\"https:\/\/puntocritico.com\/ausajpuntocritico\/2023\/01\/31\/el-carlismo-2\/\"><img loading=\"lazy\" decoding=\"async\" class=\"wp-image-7981\" src=\"https:\/\/puntocritico.com\/ausajpuntocritico\/wp-content\/uploads\/2018\/01\/mapa-guera-carlista.png\" alt=\"\" width=\"480\" height=\"420\" data-id=\"7981\" srcset=\"https:\/\/puntocritico.com\/ausajpuntocritico\/wp-content\/uploads\/2018\/01\/mapa-guera-carlista.png 2000w, https:\/\/puntocritico.com\/ausajpuntocritico\/wp-content\/uploads\/2018\/01\/mapa-guera-carlista-300x263.png 300w, https:\/\/puntocritico.com\/ausajpuntocritico\/wp-content\/uploads\/2018\/01\/mapa-guera-carlista-768x673.png 768w, https:\/\/puntocritico.com\/ausajpuntocritico\/wp-content\/uploads\/2018\/01\/mapa-guera-carlista-1024x897.png 1024w\" sizes=\"auto, (max-width: 480px) 100vw, 480px\" \/><\/a><figcaption id=\"caption-attachment-7981\" class=\"wp-caption-text\"><span style=\"color: #008000;\">El Carlismo (\u00abtradicionalistas\u00bb o Mon\u00e1rquicos absolutistas) est\u00e1 presente en las Regiones separatistas. Separatismo Carlista \u00bfde Izquierdas?<\/span><\/figcaption><\/figure>\n<p style=\"text-align: center;\"><span style=\"font-size: 18pt;\"><strong><span style=\"color: #008000;\">*******<\/span><\/strong><\/span><\/p>\n<h3 class=\"entry-title\" style=\"text-align: center;\"><span style=\"font-size: 18pt;\">NACIONALISMO Y FRANQUISMO: EL R\u00c9GIMEN DEL 78, LA <a href=\"https:\/\/puntocritico.com\/ausajpuntocritico\/2022\/09\/05\/la-megamaquina-por-lewis-mumford-parte-i\/\">MEGAM\u00c1QUINA<\/a> DE ROBAR HEREDADA DEL FRANQUISMO<\/span><\/h3>\n<p><a href=\"https:\/\/puntocritico.com\/ausajpuntocritico\/2022\/04\/12\/nacionalismo-y-franquismo-el-regimen-del-78\/\"><img loading=\"lazy\" decoding=\"async\" class=\"aligncenter wp-image-2239219\" src=\"https:\/\/puntocritico.com\/ausajpuntocritico\/wp-content\/uploads\/2022\/02\/F-C-Barcelona-contra-Atletic-de-Bibao-Saludos-fascistas-PPAL.jpg\" alt=\"\" width=\"440\" height=\"292\" data-id=\"2239219\" srcset=\"https:\/\/puntocritico.com\/ausajpuntocritico\/wp-content\/uploads\/2022\/02\/F-C-Barcelona-contra-Atletic-de-Bibao-Saludos-fascistas-PPAL.jpg 680w, https:\/\/puntocritico.com\/ausajpuntocritico\/wp-content\/uploads\/2022\/02\/F-C-Barcelona-contra-Atletic-de-Bibao-Saludos-fascistas-PPAL-300x199.jpg 300w, https:\/\/puntocritico.com\/ausajpuntocritico\/wp-content\/uploads\/2022\/02\/F-C-Barcelona-contra-Atletic-de-Bibao-Saludos-fascistas-PPAL-610x405.jpg 610w, https:\/\/puntocritico.com\/ausajpuntocritico\/wp-content\/uploads\/2022\/02\/F-C-Barcelona-contra-Atletic-de-Bibao-Saludos-fascistas-PPAL-678x452.jpg 678w\" sizes=\"auto, (max-width: 440px) 100vw, 440px\" \/><\/a><\/p>\n<h4 class=\"entry-title\" style=\"text-align: center;\"><span style=\"font-size: 14pt;\"><a href=\"https:\/\/puntocritico.com\/ausajpuntocritico\/2022\/04\/12\/nacionalismo-y-franquismo-el-regimen-del-78\/\">Desde el Franquismo a la Posdemocracia. Oprimidos por los mismos perros; sujetos por los mismos collares<\/a><\/span><\/h4>\n<p style=\"text-align: center;\"><strong><span style=\"font-size: 18pt; color: #008000;\">***<\/span><\/strong><\/p>\n<p><a href=\"https:\/\/puntocritico.com\/ausajpuntocritico\/2022\/04\/12\/nacionalismo-y-franquismo-el-regimen-del-78\/#PROTEGIDOS_POR_EL_FRANQUISMO_PROTEGIDOS_POR_LA_DICTADURA_DE_LOS_PARTIDOS_CORRUPTOS_LOS_NACIONALISTAS_DEL_DINERO_Y_EL_PODER\"><img loading=\"lazy\" decoding=\"async\" class=\"aligncenter wp-image-2239185\" src=\"https:\/\/puntocritico.com\/ausajpuntocritico\/wp-content\/uploads\/2022\/02\/Guecho_Neguri_-_Palacio_Lezama-Leguizamon_4.jpg\" alt=\"\" width=\"440\" height=\"330\" data-id=\"2239185\" srcset=\"https:\/\/puntocritico.com\/ausajpuntocritico\/wp-content\/uploads\/2022\/02\/Guecho_Neguri_-_Palacio_Lezama-Leguizamon_4.jpg 1280w, https:\/\/puntocritico.com\/ausajpuntocritico\/wp-content\/uploads\/2022\/02\/Guecho_Neguri_-_Palacio_Lezama-Leguizamon_4-300x225.jpg 300w, https:\/\/puntocritico.com\/ausajpuntocritico\/wp-content\/uploads\/2022\/02\/Guecho_Neguri_-_Palacio_Lezama-Leguizamon_4-1024x768.jpg 1024w, https:\/\/puntocritico.com\/ausajpuntocritico\/wp-content\/uploads\/2022\/02\/Guecho_Neguri_-_Palacio_Lezama-Leguizamon_4-768x576.jpg 768w, https:\/\/puntocritico.com\/ausajpuntocritico\/wp-content\/uploads\/2022\/02\/Guecho_Neguri_-_Palacio_Lezama-Leguizamon_4-610x458.jpg 610w, https:\/\/puntocritico.com\/ausajpuntocritico\/wp-content\/uploads\/2022\/02\/Guecho_Neguri_-_Palacio_Lezama-Leguizamon_4-678x509.jpg 678w, https:\/\/puntocritico.com\/ausajpuntocritico\/wp-content\/uploads\/2022\/02\/Guecho_Neguri_-_Palacio_Lezama-Leguizamon_4-326x245.jpg 326w, https:\/\/puntocritico.com\/ausajpuntocritico\/wp-content\/uploads\/2022\/02\/Guecho_Neguri_-_Palacio_Lezama-Leguizamon_4-80x60.jpg 80w\" sizes=\"auto, (max-width: 440px) 100vw, 440px\" \/><\/a><\/p>\n<h4 style=\"text-align: center;\"><span style=\"font-size: 14pt;\"><a href=\"https:\/\/puntocritico.com\/ausajpuntocritico\/2022\/04\/12\/nacionalismo-y-franquismo-el-regimen-del-78\/#PROTEGIDOS_POR_EL_FRANQUISMO_PROTEGIDOS_POR_LA_DICTADURA_DE_LOS_PARTIDOS_CORRUPTOS_LOS_NACIONALISTAS_DEL_DINERO_Y_EL_PODER\"><span id=\"PROTEGIDOS_POR_EL_FRANQUISMO_PROTEGIDOS_POR_LA_DICTADURA_DE_LOS_PARTIDOS_CORRUPTOS_LOS_NACIONALISTAS_DEL_DINERO_Y_EL_PODER\"><strong>Protegidos por el franquismo; Protegidos por la Dictadura de los Partidos Corruptos. Los Nacionalistas del Dinero y el poder<\/strong><\/span><\/a><\/span><\/h4>\n<p style=\"text-align: center;\"><strong><span style=\"color: #008000; font-size: 18pt;\">***<\/span><\/strong><\/p>\n<h4 style=\"text-align: center;\"><a href=\"https:\/\/puntocritico.com\/ausajpuntocritico\/2022\/04\/12\/nacionalismo-y-franquismo-el-regimen-del-78\/#Los_empresarios_de_Franco\"><span style=\"font-size: 14pt;\"><strong>Las \u00abfamilias de Neguri\u00bb, el Internacionalismo del dinero y el Nacionalismo del Poder<\/strong><\/span><\/a><\/h4>\n<p><a href=\"https:\/\/puntocritico.com\/ausajpuntocritico\/2022\/04\/12\/nacionalismo-y-franquismo-el-regimen-del-78\/#Los_empresarios_de_Franco\"><img loading=\"lazy\" decoding=\"async\" class=\"aligncenter wp-image-2239195\" src=\"https:\/\/puntocritico.com\/ausajpuntocritico\/wp-content\/uploads\/2022\/02\/Franco-y-sus-beneficiados.jpg\" alt=\"\" width=\"480\" height=\"270\" data-id=\"2239195\" srcset=\"https:\/\/puntocritico.com\/ausajpuntocritico\/wp-content\/uploads\/2022\/02\/Franco-y-sus-beneficiados.jpg 1600w, https:\/\/puntocritico.com\/ausajpuntocritico\/wp-content\/uploads\/2022\/02\/Franco-y-sus-beneficiados-300x169.jpg 300w, https:\/\/puntocritico.com\/ausajpuntocritico\/wp-content\/uploads\/2022\/02\/Franco-y-sus-beneficiados-1024x576.jpg 1024w, https:\/\/puntocritico.com\/ausajpuntocritico\/wp-content\/uploads\/2022\/02\/Franco-y-sus-beneficiados-768x432.jpg 768w, https:\/\/puntocritico.com\/ausajpuntocritico\/wp-content\/uploads\/2022\/02\/Franco-y-sus-beneficiados-1536x864.jpg 1536w, https:\/\/puntocritico.com\/ausajpuntocritico\/wp-content\/uploads\/2022\/02\/Franco-y-sus-beneficiados-610x343.jpg 610w, https:\/\/puntocritico.com\/ausajpuntocritico\/wp-content\/uploads\/2022\/02\/Franco-y-sus-beneficiados-678x381.jpg 678w, https:\/\/puntocritico.com\/ausajpuntocritico\/wp-content\/uploads\/2022\/02\/Franco-y-sus-beneficiados-1320x743.jpg 1320w\" sizes=\"auto, (max-width: 480px) 100vw, 480px\" \/><\/a><\/p>\n<p style=\"text-align: center;\"><strong><span style=\"color: #008000; font-size: 18pt;\">*******<\/span><\/strong><\/p>\n<h2 style=\"text-align: center;\"><span style=\"font-size: 24pt;\"><strong><span class=\"pre-title\">MASMADERITAS, EL SUCED\u00c1NEO PODEMITA: LAS <a href=\"https:\/\/puntocritico.com\/ausajpuntocritico\/2022\/11\/22\/pequenas-y-grandes-ambiciones-gramsci\/\">PEQUE\u00d1AS AMBICIONES<\/a> DE UNOS PIJOS CORRUPTOS<\/span><\/strong><\/span><\/h2>\n<div style=\"text-align: right;\"><span style=\"font-size: 14pt;\"><em>\u201cA trav\u00e9s de una <strong>propaganda constante<\/strong> y astuta se puede hacer que la gente vea el para\u00edso como si fuera el infierno y viceversa, que considere la forma de vida m\u00e1s miserable como el propio cielo.\u201d<\/em><\/span><\/div>\n<div style=\"text-align: right;\"><span style=\"font-size: 14pt;\"><em><strong>Adolf Hitler<\/strong>, \u201cMi lucha\u201d.<\/em><\/span><\/div>\n<p>&nbsp;<\/p>\n<p><img loading=\"lazy\" decoding=\"async\" class=\"aligncenter size-full wp-image-9789\" src=\"https:\/\/puntocritico.com\/ausajpuntocritico\/wp-content\/uploads\/2018\/03\/Ideologia-y-redes-sociales-Tuitter-censura.jpg\" alt=\"\" width=\"294\" height=\"171\" data-id=\"9789\" \/><\/p>\n<p style=\"text-align: center;\"><strong><span style=\"font-size: 18pt; color: #008000;\">*******<\/span><\/strong><\/p>\n<p style=\"text-align: justify;\"><span style=\"font-size: 14pt; color: #008000;\">LOS DEFENSORES DE LA SANIDAD P\u00daBLICA: <\/span><span style=\"color: #008000; font-size: 14pt;\">SU PADRE, EL \u00abTAXISTA\u00bb, EN REALIDAD ES EL DUE\u00d1O DE UNA CL\u00cdNICA PRIVADA.<\/span><\/p>\n<h3 class=\"entry-title\" style=\"text-align: center;\"><span style=\"font-size: 24pt;\">Asesor de Errej\u00f3n y pijo de vida resuelta: la historia del v\u00eddeo viral contra la cacerolada a S\u00e1nchez<\/span><\/h3>\n<p style=\"text-align: center;\"><strong><span style=\"font-size: 14pt;\">\u00abOrgulloso de ser hijo y nieto de taxista. Hoy defienden en Madrid y Barcelona la dignidad de la gente trabajadora, de la Espa\u00f1a que madruga. Contra Uber, Cabify y dem\u00e1s multinacionales que nos roban los derechos, nos tendr\u00e1n a todas en pie\u00bb, asegur\u00f3 en un mensaje que colg\u00f3 en su cuenta de Twitter en julio de 2018 con motivo de la huelga de taxis que hubo en Espa\u00f1a.<\/span><\/strong><\/p>\n<p style=\"text-align: center;\"><strong><span style=\"font-size: 14pt;\">Sin embargo, el padre de Iago Moreno es Claudio Moreno Garc\u00eda, licenciado en Medicina hace 30 a\u00f1os y actualmente cirujano y especialista en oftalmolog\u00eda. Cuenta con su propia cl\u00ednica en Orense. Sus ingresos totales al a\u00f1o alcanzar\u00edan los 6 d\u00edgitos.<\/span><\/strong><\/p>\n<p style=\"text-align: center;\"><strong><span style=\"font-size: 14pt;\">Gracias al sueldo de su padre, el asesor de \u00cd\u00f1igo Errej\u00f3n pudo estudiar en uno de los institutos privados de \u2018CATS\u2019 en Reino Unido, concretamente en el de Canterbury. Pudo hacer bachillerato internacional en este centro cuya oferta m\u00ednima, sin extras, es de 35.000 libras por curso,\u00a0unos 40.000 euros. Posteriormente pudo acudir a la prestigiosa Universidad de Cambridge para graduarse en Ciencias Humanas, Sociales y Pol\u00edticas, carrera cuyo coste\u00a0supera los 21.000 euros por curso.<\/span><\/strong><\/p>\n<p style=\"text-align: justify;\"><span style=\"font-size: 14pt;\">Por Gonzaga Dur\u00e1n.<\/span><\/p>\n<p style=\"text-align: justify;\"><span style=\"font-size: 14pt;\"><a href=\"https:\/\/okdiario.com\/espana\/asesor-errejon-pijo-vida-resuelta-historia-del-video-viral-contra-cacerolada-sanchez-5415453\/amp?__twitter_impres%E2%80%A6%201\/1\" target=\"_blank\" rel=\"noopener\">OK Diario<\/a>, 06 ABRIL 2020<\/span><\/p>\n<p>&nbsp;<\/p>\n<div style=\"width: 320px;\" class=\"wp-video\"><video class=\"wp-video-shortcode\" id=\"video-2266833-1\" width=\"320\" height=\"868\" preload=\"metadata\" controls=\"controls\"><source type=\"video\/mp4\" src=\"https:\/\/puntocritico.com\/ausajpuntocritico\/wp-content\/uploads\/2022\/11\/1246519527392923648_Al6D_9b6TvgY4dma.mp4.mp4?_=1\" \/><a href=\"https:\/\/puntocritico.com\/ausajpuntocritico\/wp-content\/uploads\/2022\/11\/1246519527392923648_Al6D_9b6TvgY4dma.mp4.mp4\">https:\/\/puntocritico.com\/ausajpuntocritico\/wp-content\/uploads\/2022\/11\/1246519527392923648_Al6D_9b6TvgY4dma.mp4.mp4<\/a><\/video><\/div>\n<p>&nbsp;<\/p>\n<p style=\"text-align: justify;\"><span style=\"font-size: 14pt;\">El v\u00eddeo de\u00a0<strong>Iago Moreno<\/strong>\u00a0gritando contra los vecinos que participaban en la\u00a0<a href=\"https:\/\/okdiario.com\/espana\/cacerolada-contra-gobierno-extienden-toda-espana-protestar-gestion-del-coronavirus-5411723\" target=\"_blank\" rel=\"noopener noreferrer\">cacerolada contra el Gobierno<\/a>\u00a0se ha convertido en viral este fin de semana. Logr\u00f3 m\u00e1s de 27.000 retuits, m\u00e1s de 74.000 \u2018me gusta\u2019 y super\u00f3 los 2,5 millones de visualizaciones en pocas horas.\u00a0<strong>\u00ab\u00a1Sois gente de la m\u00e1s baja ralea moral, se os tendr\u00eda que caer la cara de verg\u00fcenza!\u00bb<\/strong>, exclam\u00f3 el joven a sus vecinos. \u00bfPero qui\u00e9n es Iago Moreno? El tuitero \u2018Noventa\u2019 ha desvelado su identidad con todo lujo de detalles.<\/span><\/p>\n<p style=\"text-align: justify;\"><span style=\"font-size: 14pt;\">Iago Moreno es soci\u00f3logo por la Universidad de Cambridge. Particip\u00f3 en la campa\u00f1a electoral de\u00a0<a href=\"https:\/\/okdiario.com\/noticias\/mas-pais\/\" target=\"_blank\" rel=\"noopener noreferrer\">M\u00e1s Pa\u00eds<\/a>, la formaci\u00f3n la escisi\u00f3n podemita liderada por<strong>\u00a0\u00cd\u00f1igo Errej\u00f3n<\/strong>\u00a0para las pasadas elecciones generales del 10-N.<\/span><\/p>\n<div class=\"publi\">\n<p style=\"text-align: justify;\"><span style=\"font-size: 14pt;\">Fue uno de los fundadores de \u2018El Observatorio\u2019, un laboratorio de ideas que colabor\u00f3 en la campa\u00f1a electoral de Errej\u00f3n en las pasadas elecciones generales. \u00abSomos un espacio que creamos para poder colaborar en campa\u00f1as \u2014electorales, sociales, institucionales\u2014 como agencia de comunicaci\u00f3n pol\u00edtica. Un think tank, vamos\u00bb, afirm\u00f3 Moreno en una entrevista del pasado mes de mayo.<\/span><\/p>\n<\/div>\n<p>&nbsp;<\/p>\n<p><a href=\"https:\/\/twitter.com\/90248a\/status\/1246874087626027016?ref_src=twsrc%5Etfw%7Ctwcamp%5Etweetembed%7Ctwterm%5E1246874087626027016%7Ctwgr%5Ea1eb508f30a12a7897a3efe7dc7d7b660436516e%7Ctwcon%5Es1_&amp;ref_url=https%3A%2F%2Fd-5415423212705432602.ampproject.net%2F2211042305000%2Fframe.html\" target=\"_blank\" rel=\"noopener\"><img loading=\"lazy\" decoding=\"async\" class=\"aligncenter wp-image-2261581\" src=\"https:\/\/puntocritico.com\/ausajpuntocritico\/wp-content\/uploads\/2022\/11\/MASMADERITAS-cuando-los-pijos-se-camuflan-dentro-de-la-iquierda.jpg\" alt=\"\" width=\"360\" height=\"710\" data-id=\"2261581\" srcset=\"https:\/\/puntocritico.com\/ausajpuntocritico\/wp-content\/uploads\/2022\/11\/MASMADERITAS-cuando-los-pijos-se-camuflan-dentro-de-la-iquierda.jpg 349w, https:\/\/puntocritico.com\/ausajpuntocritico\/wp-content\/uploads\/2022\/11\/MASMADERITAS-cuando-los-pijos-se-camuflan-dentro-de-la-iquierda-152x300.jpg 152w\" sizes=\"auto, (max-width: 360px) 100vw, 360px\" \/><\/a><\/p>\n<p>&nbsp;<\/p>\n<p style=\"text-align: justify;\"><span style=\"font-size: 14pt;\">Iago Moreno fue uno de los art\u00edfices de la canci\u00f3n de trap que se cre\u00f3 con motivo de la campa\u00f1a electoral de \u00cd\u00f1igo Errej\u00f3n y del videojuego para m\u00f3viles que se ide\u00f3 tambi\u00e9n para impulsar al ex dirigente de Podemos. Esta formaci\u00f3n\u00a0<a href=\"https:\/\/okdiario.com\/espana\/deudas-ahogan-errejon-no-tiene-dinero-pagar-alquiler-3-500-mes-sede-4877465\" target=\"_blank\" rel=\"noopener noreferrer\">no super\u00f3 las expectativas<\/a>\u00a0y se qued\u00f3 con 3 esca\u00f1os en el Congreso de los Diputados. Moreno tambi\u00e9n dirige la revista digital \u2018La Trivial\u2019, dirigida a los j\u00f3venes y en la que defiende las tesis de Podemos y M\u00e1s Pa\u00eds, adem\u00e1s de arremeter contra el centroderecha de Espa\u00f1a y del resto del mundo.<\/span><\/p>\n<h4 style=\"text-align: justify;\"><span class=\"title2\" style=\"font-size: 14pt;\">\u00abHijo y nieto de taxista\u00bb<\/span><\/h4>\n<p style=\"text-align: justify;\"><span style=\"font-size: 14pt;\">En las redes sociales no duda en definirse siempre que puede en \u00abhijo de la clase trabajadora\u00bb y admirador de los referentes del comunismo revolucionario como\u00a0<strong>Fidel Castro, Hugo Ch\u00e1vez, Nicol\u00e1s Maduro, Lenin o Ernesto Che Guevara<\/strong>. Sin embargo, su origen no es tan humilde como pretende hacer creer a sus seguidores, tal y como demuestra el tuitero \u2018Noventa\u2019 (@90248a) a trav\u00e9s de un hilo que se ha vuelto viral en las \u00faltimas horas.<\/span><\/p>\n<p>&nbsp;<\/p>\n<p><a href=\"https:\/\/twitter.com\/90248a\/status\/1246874084610387970?ref_src=twsrc%5Etfw%7Ctwcamp%5Etweetembed%7Ctwterm%5E1246874085889540096%7Ctwgr%5Ef1fc79ed539fc985401e541d01fb32469a45f339%7Ctwcon%5Es2_&amp;ref_url=https%3A%2F%2Fd-5415423212705432602.ampproject.net%2F2211042305000%2Fframe.html\" target=\"_blank\" rel=\"noopener\"><img loading=\"lazy\" decoding=\"async\" class=\"aligncenter wp-image-2261582\" src=\"https:\/\/puntocritico.com\/ausajpuntocritico\/wp-content\/uploads\/2022\/11\/Tuit-Masmaderitas-2.jpg\" alt=\"\" width=\"330\" height=\"815\" data-id=\"2261582\" srcset=\"https:\/\/puntocritico.com\/ausajpuntocritico\/wp-content\/uploads\/2022\/11\/Tuit-Masmaderitas-2.jpg 344w, https:\/\/puntocritico.com\/ausajpuntocritico\/wp-content\/uploads\/2022\/11\/Tuit-Masmaderitas-2-121x300.jpg 121w\" sizes=\"auto, (max-width: 330px) 100vw, 330px\" \/><\/a><\/p>\n<p>&nbsp;<\/p>\n<p style=\"text-align: justify;\"><span style=\"font-size: 14pt;\">\u00ab<strong>Orgulloso de ser hijo y nieto de taxista<\/strong>. Hoy defienden en Madrid y Barcelona la dignidad de la gente trabajadora, de la Espa\u00f1a que madruga. Contra Uber, Cabify y demas multinacionales que nos roban los derechos, nos tendr\u00e1n a todas en pie\u00bb, asegur\u00f3 en un mensaje que colg\u00f3 en su cuenta de Twitter en julio de 2018 con motivo de la huelga de taxis que hubo en Espa\u00f1a.<\/span><\/p>\n<p style=\"text-align: justify;\"><span style=\"font-size: 14pt;\">Sin embargo, el padre de Iago Moreno es Claudio Moreno Garc\u00eda, licenciado en Medicina hace 30 a\u00f1os y actualmente cirujano y especialista en oftalmolog\u00eda. Cuenta con su propia cl\u00ednica en Orense. Sus ingresos totales al a\u00f1o alcanzar\u00edan los 6 d\u00edgitos, tal y como asegura el tuitero \u2018Noventa\u2019. Estas cifras estar\u00edan muy lejos de la \u00abclase trabajadora\u00bb que tanto defiende Iago Moreno.<\/span><\/p>\n<p>&nbsp;<\/p>\n<p><a href=\"https:\/\/twitter.com\/90248a\/status\/1246874100775124994?ref_src=twsrc%5Etfw%7Ctwcamp%5Etweetembed%7Ctwterm%5E1246874102767538177%7Ctwgr%5Eafd9c27c98fadcc7de2152ee837e73690130cb82%7Ctwcon%5Es2_&amp;ref_url=https%3A%2F%2Fd-5415423212705432602.ampproject.net%2F2211042305000%2Fframe.html\" target=\"_blank\" rel=\"noopener\"><img loading=\"lazy\" decoding=\"async\" class=\"aligncenter wp-image-2261583\" src=\"https:\/\/puntocritico.com\/ausajpuntocritico\/wp-content\/uploads\/2022\/11\/Tuit-Masmaderitas-4.jpg\" alt=\"\" width=\"360\" height=\"669\" data-id=\"2261583\" srcset=\"https:\/\/puntocritico.com\/ausajpuntocritico\/wp-content\/uploads\/2022\/11\/Tuit-Masmaderitas-4.jpg 346w, https:\/\/puntocritico.com\/ausajpuntocritico\/wp-content\/uploads\/2022\/11\/Tuit-Masmaderitas-4-161x300.jpg 161w\" sizes=\"auto, (max-width: 360px) 100vw, 360px\" \/><\/a><\/p>\n<p>&nbsp;<\/p>\n<p style=\"text-align: justify;\"><span style=\"font-size: 14pt;\">Gracias al sueldo de su padre, el asesor de \u00cd\u00f1igo Errej\u00f3n pudo estudiar en uno de los institutos privados de \u2018CATS\u2019 en Reino Unido, concretamente en el de Canterbury. Pudo hacer bachillerato internacional en este centro cuya oferta m\u00ednima, sin extras, es de 35.000 libras por curso,<strong>\u00a0unos 40.000 euros<\/strong>. Posteriormente pudo acudir a la prestigiosa Universidad de Cambridge para graduarse en Ciencias Humanas, Sociales y Pol\u00edticas, carrera cuyo coste\u00a0<strong>supera los 21.000 euros por curso<\/strong>.<\/span><\/p>\n<p>&nbsp;<\/p>\n<p><a href=\"https:\/\/twitter.com\/90248a\/status\/1246874095142285319?ref_src=twsrc%5Etfw%7Ctwcamp%5Etweetembed%7Ctwterm%5E1246874097272983553%7Ctwgr%5E84cfa7be9b6640736fa4b5de26df66a09cb0a810%7Ctwcon%5Es2_&amp;ref_url=https%3A%2F%2Fd-5415423212705432602.ampproject.net%2F2211042305000%2Fframe.html\" target=\"_blank\" rel=\"noopener\"><img loading=\"lazy\" decoding=\"async\" class=\"aligncenter wp-image-2261584\" src=\"https:\/\/puntocritico.com\/ausajpuntocritico\/wp-content\/uploads\/2022\/11\/Tuit-Masmaderitas-5.jpg\" alt=\"\" width=\"330\" height=\"755\" data-id=\"2261584\" srcset=\"https:\/\/puntocritico.com\/ausajpuntocritico\/wp-content\/uploads\/2022\/11\/Tuit-Masmaderitas-5.jpg 351w, https:\/\/puntocritico.com\/ausajpuntocritico\/wp-content\/uploads\/2022\/11\/Tuit-Masmaderitas-5-131x300.jpg 131w\" sizes=\"auto, (max-width: 330px) 100vw, 330px\" \/><\/a><\/p>\n<p>&nbsp;<\/p>\n<p style=\"text-align: justify;\"><span style=\"font-size: 14pt;\">Termin\u00f3 la carrera en 2019 y posteriormente se dedic\u00f3 a viajar por Am\u00e9rica Latina: Cuba, Venezuela, Bolivia o Argentina. Aprovech\u00f3 su estancia para apoyar las campa\u00f1as de los candidatos afines a su ideolog\u00eda. En estos viajes tambi\u00e9n aprovech\u00f3 para fotografiarse junto a monumentos y retratos dedicados a sus \u00eddolos comunistas revolucionarios como\u00a0<a href=\"https:\/\/okdiario.com\/espana\/iglesias-homenajea-che-guevara-asesino-que-presumia-fusilar-mientras-sea-necesario-4668377\" target=\"_blank\" rel=\"noopener noreferrer\">Ernesto Che Guevara<\/a>, Fidel Castro o Hugo Ch\u00e1vez.<\/span><\/p>\n<p>&nbsp;<\/p>\n<p><a href=\"https:\/\/twitter.com\/90248a\/status\/1246874087626027016?ref_src=twsrc%5Etfw%7Ctwcamp%5Etweetembed%7Ctwterm%5E1246874089609998338%7Ctwgr%5E6ea84b8809c971e65585a28cca0a750a9c835225%7Ctwcon%5Es2_&amp;ref_url=https%3A%2F%2Fd-5415423212705432602.ampproject.net%2F2211042305000%2Fframe.html\" target=\"_blank\" rel=\"noopener\"><img loading=\"lazy\" decoding=\"async\" class=\"aligncenter wp-image-2261585\" src=\"https:\/\/puntocritico.com\/ausajpuntocritico\/wp-content\/uploads\/2022\/11\/Tuit-Masmaderitas-6.jpg\" alt=\"\" width=\"330\" height=\"644\" data-id=\"2261585\" srcset=\"https:\/\/puntocritico.com\/ausajpuntocritico\/wp-content\/uploads\/2022\/11\/Tuit-Masmaderitas-6.jpg 349w, https:\/\/puntocritico.com\/ausajpuntocritico\/wp-content\/uploads\/2022\/11\/Tuit-Masmaderitas-6-154x300.jpg 154w\" sizes=\"auto, (max-width: 330px) 100vw, 330px\" \/><\/a><\/p>\n<p>&nbsp;<\/p>\n<p style=\"text-align: justify;\"><span style=\"font-size: 14pt;\">Su admiraci\u00f3n por sus \u00eddolos proviene de su madre, Mireya \u00c1lvarez, que en sus redes sociales tambi\u00e9n ha venerado en varias ocasiones a Fidel Castro, obviando a todos los cubanos y dem\u00e1s represaliados pol\u00edticos durante los casi 50 a\u00f1os que dur\u00f3 su dictadura en Cuba.<\/span><\/p>\n<p dir=\"ltr\" lang=\"es\">\u00a0<\/p>\n<p><a href=\"https:\/\/twitter.com\/mireyatoribio\/status\/802460614719406080?ref_src=twsrc%5Etfw%7Ctwcamp%5Etweetembed%7Ctwterm%5E802460614719406080%7Ctwgr%5Ed3726274040d0ab938e6a53342fbbc6b5f513f5b%7Ctwcon%5Es1_&amp;ref_url=https%3A%2F%2Fd-5415423212705432602.ampproject.net%2F2211042305000%2Fframe.html\" target=\"_blank\" rel=\"noopener\"><img loading=\"lazy\" decoding=\"async\" class=\"aligncenter size-full wp-image-2261586\" src=\"https:\/\/puntocritico.com\/ausajpuntocritico\/wp-content\/uploads\/2022\/11\/Tuit-Masmaderitas-7.jpg\" alt=\"\" width=\"349\" height=\"172\" data-id=\"2261586\" srcset=\"https:\/\/puntocritico.com\/ausajpuntocritico\/wp-content\/uploads\/2022\/11\/Tuit-Masmaderitas-7.jpg 349w, https:\/\/puntocritico.com\/ausajpuntocritico\/wp-content\/uploads\/2022\/11\/Tuit-Masmaderitas-7-300x148.jpg 300w\" sizes=\"auto, (max-width: 349px) 100vw, 349px\" \/><\/a><\/p>\n<p>&nbsp;<\/p>\n<h4 style=\"text-align: justify;\"><span class=\"title2\" style=\"font-size: 14pt;\">Vida acomodada<\/span><\/h4>\n<p style=\"text-align: justify;\"><span style=\"font-size: 14pt;\">Iago Moreno lleva en la actualidad una vida acomodada. Prueba de ello son las publicaciones que comparte en las redes sociales sociales y sus aficiones como\u00a0<strong>la equitaci\u00f3n<\/strong>, una actividad impropia de la clase trabajadora a la que \u00e9l tanto asegura que representa.<\/span><\/p>\n<p>&nbsp;<\/p>\n<p><a href=\"https:\/\/twitter.com\/90248a\/status\/1246874091589644288?ref_src=twsrc%5Etfw%7Ctwcamp%5Etweetembed%7Ctwterm%5E1246874093481340929%7Ctwgr%5E5e311ac0746057b58317b5f0edbdcfa7f98c8e98%7Ctwcon%5Es2_&amp;ref_url=https%3A%2F%2Fd-5415423212705432602.ampproject.net%2F2211042305000%2Fframe.html\" target=\"_blank\" rel=\"noopener\"><img loading=\"lazy\" decoding=\"async\" class=\"aligncenter wp-image-2261587\" src=\"https:\/\/puntocritico.com\/ausajpuntocritico\/wp-content\/uploads\/2022\/11\/Tuit-Masmaderitas-8.jpg\" alt=\"\" width=\"330\" height=\"942\" data-id=\"2261587\" srcset=\"https:\/\/puntocritico.com\/ausajpuntocritico\/wp-content\/uploads\/2022\/11\/Tuit-Masmaderitas-8.jpg 241w, https:\/\/puntocritico.com\/ausajpuntocritico\/wp-content\/uploads\/2022\/11\/Tuit-Masmaderitas-8-105x300.jpg 105w\" sizes=\"auto, (max-width: 330px) 100vw, 330px\" \/><\/a><\/p>\n<p>&nbsp;<\/p>\n<p style=\"text-align: justify;\"><span style=\"font-size: 14pt;\">Tras las elecciones generales del 10-N, Moreno escribe con frecuencia columnas en la revista de prensa \u2018CTXT\u2019. En uno de sus \u00faltimos art\u00edculos se\u00f1al\u00f3 a las cuentas de las redes sociales <a href=\"https:\/\/okdiario.com\/espana\/zascas-obrero-que-vota-vox-reportero-revista-que-fundo-directora-pais-4028559\" target=\"_blank\" rel=\"noopener\">vinculadas a Vox y al PP<\/a> por \u00abatizar el odio para contrarrestar el nuevo marco socialdem\u00f3crata y desgastar\u00bb al Gobierno de Pedro S\u00e1nchez con Podemos.<\/span><\/p>\n<p>&nbsp;<\/p>\n<p><img loading=\"lazy\" decoding=\"async\" class=\"aligncenter size-full wp-image-2261591\" src=\"https:\/\/puntocritico.com\/ausajpuntocritico\/wp-content\/uploads\/2022\/11\/Tuit-Masmaderitas-9.jpg\" alt=\"\" width=\"458\" height=\"602\" data-id=\"2261591\" srcset=\"https:\/\/puntocritico.com\/ausajpuntocritico\/wp-content\/uploads\/2022\/11\/Tuit-Masmaderitas-9.jpg 458w, https:\/\/puntocritico.com\/ausajpuntocritico\/wp-content\/uploads\/2022\/11\/Tuit-Masmaderitas-9-228x300.jpg 228w\" sizes=\"auto, (max-width: 458px) 100vw, 458px\" \/><\/p>\n<p style=\"text-align: center;\"><span style=\"color: #008000; font-size: 18pt;\"><strong>*******<\/strong><\/span><\/p>\n<p class=\"entry-title\" style=\"text-align: center;\"><span style=\"font-size: 14pt; color: #008000;\"><em><strong>\u00ab<\/strong><\/em><\/span><a href=\"https:\/\/puntocritico.com\/ausajpuntocritico\/2022\/11\/22\/pequenas-y-grandes-ambiciones-gramsci\/\"><span style=\"font-size: 14pt; color: #008000;\"><em><strong>Las peque\u00f1as ambiciones (del individuo particular) luchan contra la gran ambici\u00f3n (inseparable del bien colectivo)<\/strong><\/em><\/span><\/a><span style=\"font-size: 14pt; color: #008000;\"><em><strong>\u00bb<\/strong><\/em><\/span><\/p>\n<p style=\"text-align: center;\"><a href=\"https:\/\/puntocritico.com\/ausajpuntocritico\/2022\/11\/22\/pequenas-y-grandes-ambiciones-gramsci\/\"><span style=\"font-size: 14pt; color: #008000;\"><strong>Antonio Gramsci<\/strong><\/span><\/a><\/p>\n<p><img loading=\"lazy\" decoding=\"async\" class=\"aligncenter wp-image-26087\" src=\"https:\/\/puntocritico.com\/ausajpuntocritico\/wp-content\/uploads\/2020\/01\/podemos-asocia-la-crisis-del-psoe-al-15-m-y-se-atribuye-su-precipitacion.jpg\" alt=\"\" width=\"480\" height=\"270\" data-id=\"26087\" srcset=\"https:\/\/puntocritico.com\/ausajpuntocritico\/wp-content\/uploads\/2020\/01\/podemos-asocia-la-crisis-del-psoe-al-15-m-y-se-atribuye-su-precipitacion.jpg 600w, https:\/\/puntocritico.com\/ausajpuntocritico\/wp-content\/uploads\/2020\/01\/podemos-asocia-la-crisis-del-psoe-al-15-m-y-se-atribuye-su-precipitacion-300x169.jpg 300w\" sizes=\"auto, (max-width: 480px) 100vw, 480px\" \/><\/p>\n<p style=\"text-align: center;\"><span style=\"font-size: 18pt;\"><strong><span style=\"color: #008000;\">*******<\/span><\/strong><\/span><\/p>\n<h2 style=\"text-align: center;\">EUGENISTAS<\/h2>\n<p><iframe loading=\"lazy\" src=\"\/\/player.vimeo.com\/video\/401452077?title=0&amp;amp;byline=0\" width=\"640\" height=\"480\" frameborder=\"0\" allowfullscreen=\"allowfullscreen\" data-mce-fragment=\"1\"><\/iframe><\/p>\n<p style=\"text-align: center;\"><em><strong>\u00abPienso que ahora mismo el virus s\u00f3lo est\u00e1 atacando a personas mayores, no a los j\u00f3venes ni a los ni\u00f1os&#8230;&#8230;creo que nos est\u00e1 dando la naturaleza un aviso de que puede ser que estemos llenando la Tierra de muchas personas mayores y no de j\u00f3venes\u00bb.<\/strong> <\/em>Elizabeth Merino, Concejal de Juventud en el Ayuntamiento de Arrecife (Somos-Nueva Canarias).\u00a0<\/p>\n<p>&nbsp;<\/p>\n<p style=\"text-align: center;\"><span style=\"font-size: 18pt;\">\u2666<span style=\"color: #008000;\">\u2666<\/span>\u2666<span style=\"color: #008000;\">\u2666<\/span>\u2666<\/span><\/p>\n<div class=\"heading\">\n<h2 style=\"text-align: center;\"><span style=\"font-size: 24pt;\">ERREJ\u00d3N, PILLADO: EL PLAN DE PODEMOS PARA ENCHUFAR A CARGOS Y MILITANTES CON DINERO P\u00daBLICO<\/span><\/h2>\n<p class=\"lede\" style=\"text-align: center;\"><strong><em><span style=\"font-size: 14pt;\">El dirigente morado habla expl\u00edcitamente de \u00abdejar sembradas instituciones populares para refugiarse cuando gobierne el adversario\u00bb.<\/span><\/em><\/strong><\/p>\n<\/div>\n<div class=\"toolbar\">\n<div class=\"dateline\">\n<div class=\"byline\" style=\"text-align: justify;\"><span style=\"font-size: 14pt;\"><a href=\"https:\/\/www.libremercado.com\/2018-04-18\/errejon-pillado-el-plan-de-podemos-para-enchufar-a-cargos-y-militantes-con-dinero-publico-1276617282\/?_ga=2.123134537.33044679.1677398642-171500035.1646472690\" target=\"_blank\" rel=\"noopener\">Libre Mercado<\/a>, 18\/4\/2018<\/span><\/div>\n<\/div>\n<\/div>\n<figure id=\"attachment_20418\" aria-describedby=\"caption-attachment-20418\" style=\"width: 480px\" class=\"wp-caption aligncenter\"><a href=\"https:\/\/puntocritico.com\/ausajpuntocritico\/2019\/07\/30\/operacion-errejon-un-pan-como-unas-hostias-por-marat\/\"><img loading=\"lazy\" decoding=\"async\" class=\"wp-image-20418\" src=\"https:\/\/puntocritico.com\/ausajpuntocritico\/wp-content\/uploads\/2019\/07\/Errej\u00f3n-aparece-en-las-alcantarillas-PRINCIPAL.jpg\" alt=\"\" width=\"480\" height=\"270\" data-id=\"20418\" srcset=\"https:\/\/puntocritico.com\/ausajpuntocritico\/wp-content\/uploads\/2019\/07\/Errej\u00f3n-aparece-en-las-alcantarillas-PRINCIPAL.jpg 678w, https:\/\/puntocritico.com\/ausajpuntocritico\/wp-content\/uploads\/2019\/07\/Errej\u00f3n-aparece-en-las-alcantarillas-PRINCIPAL-300x169.jpg 300w\" sizes=\"auto, (max-width: 480px) 100vw, 480px\" \/><\/a><figcaption id=\"caption-attachment-20418\" class=\"wp-caption-text\"><a href=\"https:\/\/puntocritico.com\/ausajpuntocritico\/2019\/07\/30\/operacion-errejon-un-pan-como-unas-hostias-por-marat\/\"><span style=\"color: #008000;\">OPERACI\u00d3N ERREJ\u00d3N<\/span><\/a><\/figcaption><\/figure>\n<p>&nbsp;<\/p>\n<p style=\"text-align: justify;\"><span style=\"font-size: 14pt;\"><strong>\u00cd\u00f1igo Errej\u00f3n<\/strong>\u00a0quiere que las\u00a0<em>marcas blancas<\/em>\u00a0de Podemos que gobiernan en distintas capitales de Espa\u00f1a se lancen a crear o financiar entidades de todo tipo orientadas a colocar a los militantes y simpatizantes de la formaci\u00f3n comunista. As\u00ed se desprende de un v\u00eddeo grabado el pasado a\u00f1o en el que el dirigente morado habla expl\u00edcitamente de \u00abdejar sembradas\u00a0<strong>instituciones populares para refugiarse<\/strong>\u00a0cuando gobierne el adversario\u00bb.<\/span><\/p>\n<p style=\"text-align: justify;\"><span style=\"font-size: 14pt;\"><strong>El v\u00eddeo data del 24 de mayo de 2017\u00a0<\/strong>en un acto sobre \u00abpopulismo, crisis ecol\u00f3gica y cuidados\u00bb en el que participaban, adem\u00e1s de Errej\u00f3n, Marcelo Exp\u00f3sito, Yayo Herrero y Celia Mayer.<\/span><\/p>\n<p style=\"text-align: justify;\"><span style=\"font-size: 14pt;\">En su alocuci\u00f3n ante distintos miembros de Podemos, Errej\u00f3n plantea la importancia de que \u00ablos compa\u00f1eros que gobiernan en Madrid y Barcelona\u00bb sigan este camino. Y es que el dirigente de la agrupaci\u00f3n comunista, posible candidato a la Comunidad de Madrid en 2019, considera que \u00abcuando se acaben los gobiernos del cambio\u00bb, es necesaria esa\u00a0<strong><em>administraci\u00f3n paralela<\/em><\/strong>\u00a0en la que colocar a los afines.<\/span><\/p>\n<p style=\"text-align: justify;\"><span style=\"font-size: 14pt;\">La visi\u00f3n que esboza Errej\u00f3n plantea un ma\u00f1ana en el que \u00abhay asociaciones de vecinos saludables, enraizadas y con poder en cada distrito\u00bb. El ahora diputado en el Congreso tiene clara que esta es la f\u00f3rmula que permitir\u00e1 desarrollar una \u00ab<strong>estructura econ\u00f3mica aut\u00f3noma<\/strong>\u00bb capaz de acoger ma\u00f1ana a los \u00abcuadros militantes\u00bb que ahora est\u00e1n \u00abdedicados a trabajos institucionales\u00bb. De hecho, son numerosas las noticias referidas a la concesi\u00f3n de subvenciones a asociaciones afines por parte de los llamados\u00a0<em>gobiernos del cambio<\/em>\u00a0desde las pasadas municipales.<\/span><\/p>\n<div data-oembed-url=\"http:\/\/www.dailymotion.com\/video\/x6i0vch\">\u00a0<\/div>\n<div data-oembed-url=\"http:\/\/www.dailymotion.com\/video\/x6i0vch\"><a href=\"https:\/\/dai.ly\/x6i0vch\" target=\"_blank\" rel=\"noopener\" data-schema-attribute=\"\"><img loading=\"lazy\" decoding=\"async\" class=\"aligncenter wp-image-2267963\" src=\"https:\/\/puntocritico.com\/ausajpuntocritico\/wp-content\/uploads\/2023\/03\/Nepotismo-Masmaderita.jpg\" alt=\"\" width=\"440\" height=\"329\" data-id=\"2267963\" srcset=\"https:\/\/puntocritico.com\/ausajpuntocritico\/wp-content\/uploads\/2023\/03\/Nepotismo-Masmaderita.jpg 892w, https:\/\/puntocritico.com\/ausajpuntocritico\/wp-content\/uploads\/2023\/03\/Nepotismo-Masmaderita-300x224.jpg 300w, https:\/\/puntocritico.com\/ausajpuntocritico\/wp-content\/uploads\/2023\/03\/Nepotismo-Masmaderita-768x574.jpg 768w, https:\/\/puntocritico.com\/ausajpuntocritico\/wp-content\/uploads\/2023\/03\/Nepotismo-Masmaderita-610x456.jpg 610w, https:\/\/puntocritico.com\/ausajpuntocritico\/wp-content\/uploads\/2023\/03\/Nepotismo-Masmaderita-678x509.jpg 678w, https:\/\/puntocritico.com\/ausajpuntocritico\/wp-content\/uploads\/2023\/03\/Nepotismo-Masmaderita-326x245.jpg 326w, https:\/\/puntocritico.com\/ausajpuntocritico\/wp-content\/uploads\/2023\/03\/Nepotismo-Masmaderita-80x60.jpg 80w\" sizes=\"auto, (max-width: 440px) 100vw, 440px\" \/><\/a><\/div>\n<div data-oembed-url=\"http:\/\/www.dailymotion.com\/video\/x6i0vch\">\u00a0<\/div>\n<div data-oembed-url=\"http:\/\/www.dailymotion.com\/video\/x6i0vch\">\n<h3>Pesebrismo institucionalizado<\/h3>\n<p style=\"text-align: justify;\"><span style=\"font-size: 14pt;\">La teor\u00eda del pesebrismo institucionalizado que plantea Errej\u00f3n se inspira, de hecho, en el\u00a0<strong>peronismo argentino<\/strong>. Como recuerda el dirigente de Podemos, \u00abel drama que estamos viendo all\u00ed es que, al perder el gobierno Kirchner y ganar las elecciones Macri, lo que ha pasado es que ya no hay estructura para sostener tanta militancia\u00bb.<\/span><\/p>\n<p style=\"text-align: justify;\"><span style=\"font-size: 14pt;\">En este sentido, Errej\u00f3n no se llama a enga\u00f1os y declara, de hecho, que \u00ab<strong>la militancia no se sostiene s\u00f3lo del aire<\/strong>\u00ab. Por eso, lamenta que el \u00abasalto\u00bb a los Ayuntamientos se hizo con un \u00abtejido asociativo muy d\u00e9bil\u00bb. Mirando a futuro, pide fortalecer esas estructuras y, en paralelo, habla de desarrollar tambi\u00e9n la \u00abfuerza discursiva, la m\u00edstica\u2026\u00bb, como forma de justificar y acompa\u00f1ar esa estructura paralela de<em>\u00a0colocados.<\/em><\/span><\/p>\n<p style=\"text-align: justify;\"><span style=\"font-size: 14pt;\">El dirigente podemita, anta\u00f1o cercano a Iglesias y hoy enfrentado con el l\u00edder del partido morado, tiene claro que el primer objetivo pol\u00edtico de Podemos debe ser \u00abrevalidar\u00bb el poder, pero apunta que, \u00abcuando se pierdan las elecciones\u00bb, deben existir este tipo de asociaciones, dentro de las cuales Errej\u00f3n engloba entes de lo m\u00e1s variado: \u00abClubes de monta\u00f1a, agrupaciones juveniles, espacios culturales, casetas de fiestas, asociaciones deportivas, grupos de m\u00fasica\u2026\u00bb.<\/span><\/p>\n<\/div>\n<div data-oembed-url=\"http:\/\/www.dailymotion.com\/video\/x6i0vch\">\u00a0<\/div>\n<div data-oembed-url=\"http:\/\/www.dailymotion.com\/video\/x6i0vch\"><img loading=\"lazy\" decoding=\"async\" class=\"aligncenter wp-image-21130\" src=\"https:\/\/puntocritico.com\/ausajpuntocritico\/wp-content\/uploads\/2019\/08\/Narcisos-el-roto-honestidad-es-que-no-te-pillen.png\" alt=\"\" width=\"280\" height=\"210\" data-id=\"21130\" srcset=\"https:\/\/puntocritico.com\/ausajpuntocritico\/wp-content\/uploads\/2019\/08\/Narcisos-el-roto-honestidad-es-que-no-te-pillen.png 259w, https:\/\/puntocritico.com\/ausajpuntocritico\/wp-content\/uploads\/2019\/08\/Narcisos-el-roto-honestidad-es-que-no-te-pillen-80x60.png 80w\" sizes=\"auto, (max-width: 280px) 100vw, 280px\" \/><\/div>\n<div data-oembed-url=\"http:\/\/www.dailymotion.com\/video\/x6i0vch\">\u00a0<\/div>\n<div id=\"sc_intxt_container\">\n<div id=\"sc-intext-passback\" style=\"text-align: center;\" data-google-query-id=\"CO-F3vPIuv0CFUCnJwId1SkCNg\"><span style=\"font-size: 18pt;\"><strong><span style=\"color: #008000;\">*******<\/span><\/strong><\/span><\/div>\n<\/div>\n<header class=\"tno-videos__article__header\">\n<h2 class=\"tno-videos__article__header__title\" style=\"text-align: center;\"><span style=\"font-size: 24pt;\">ENTREVISTA A LIDIA FALC\u00d3N: \u00abIrene Montero act\u00faa como una s\u00e1trapa\u00bb<\/span><\/h2>\n<p class=\"tno-videos__article__header__title\" style=\"text-align: center;\"><em><strong><span style=\"font-size: 14pt;\">Conversamos con la presidenta del Partido Feminista,\u00a0Lidia Falc\u00f3n, sobre la Ley de \u00absolo s\u00ed es s\u00ed\u00bb, sus efectos jur\u00eddicos y la reacci\u00f3n de la ministra Irene Montero y su equipo. La hist\u00f3rica feminista repasa la trayectoria del ministerio de Igualdad y la situaci\u00f3n de la izquierda espa\u00f1ola.<\/span><\/strong><\/em><\/p>\n<p style=\"text-align: justify;\"><span style=\"font-size: 14pt;\"><a href=\"https:\/\/theobjective.com\/videos\/espana\/2022-11-26\/lidia-falcon-irene-montero\/\" target=\"_blank\" rel=\"noopener\">The Objective<\/a><\/span><\/p>\n<\/header>\n<div class=\"tno-videos__article__content\"><a href=\"https:\/\/www.youtube.com\/watch?v=WlwwTaVdv44\" target=\"_blank\" rel=\"noopener\" data-schema-attribute=\"\"><img loading=\"lazy\" decoding=\"async\" class=\"aligncenter wp-image-2267967 size-mh-magazine-content\" src=\"https:\/\/puntocritico.com\/ausajpuntocritico\/wp-content\/uploads\/2023\/03\/Entrevista-Lidia-Falcon-678x381.jpg\" alt=\"\" width=\"678\" height=\"381\" data-id=\"2267967\" \/><\/a><\/div>\n<div>\u00a0<\/div>\n<div>\u00a0<\/div>\n<p style=\"text-align: center;\"><span style=\"font-size: 18pt;\"><strong><span style=\"color: #008000;\">*******<\/span><\/strong><\/span><\/p>\n<h2 class=\"post-title\" style=\"text-align: center;\"><span style=\"font-size: 24pt;\">EL CALLEJ\u00d3N SIN SALIDA DEL 8-M<\/span><\/h2>\n<p class=\"post-subtitle\" style=\"text-align: center;\"><em><strong><span style=\"font-size: 14pt;\">El gran problema de las actuales manifestaciones feministas es que el progresismo carece de una cosmovisi\u00f3n distinta de la sociedad de consumo, que ya sabemos que no hace feliz a casi nadie<\/span><\/strong><\/em><\/p>\n<p style=\"text-align: justify;\"><span style=\"font-size: 14pt;\">Por <a href=\"https:\/\/www.vozpopuli.com\/opinion\/8-m-feminismo.html\" target=\"_blank\" rel=\"noopener\">V\u00edctor Lenore<\/a>, 13 MARZO 2023<\/span><\/p>\n<figure id=\"attachment_2269077\" aria-describedby=\"caption-attachment-2269077\" style=\"width: 678px\" class=\"wp-caption aligncenter\"><img loading=\"lazy\" decoding=\"async\" class=\"wp-image-2269077 size-mh-magazine-content\" src=\"https:\/\/puntocritico.com\/ausajpuntocritico\/wp-content\/uploads\/2023\/03\/Angela-Rodriguez-Pam-1-678x381.webp\" alt=\"Segunda Transici\u00f3n\" width=\"678\" height=\"381\" data-id=\"2269077\" srcset=\"https:\/\/puntocritico.com\/ausajpuntocritico\/wp-content\/uploads\/2023\/03\/Angela-Rodriguez-Pam-1-678x381.webp 678w, https:\/\/puntocritico.com\/ausajpuntocritico\/wp-content\/uploads\/2023\/03\/Angela-Rodriguez-Pam-1-300x169.webp 300w, https:\/\/puntocritico.com\/ausajpuntocritico\/wp-content\/uploads\/2023\/03\/Angela-Rodriguez-Pam-1-1024x576.webp 1024w, https:\/\/puntocritico.com\/ausajpuntocritico\/wp-content\/uploads\/2023\/03\/Angela-Rodriguez-Pam-1-768x432.webp 768w, https:\/\/puntocritico.com\/ausajpuntocritico\/wp-content\/uploads\/2023\/03\/Angela-Rodriguez-Pam-1-610x343.webp 610w, https:\/\/puntocritico.com\/ausajpuntocritico\/wp-content\/uploads\/2023\/03\/Angela-Rodriguez-Pam-1.webp 1200w\" sizes=\"auto, (max-width: 678px) 100vw, 678px\" \/><figcaption id=\"caption-attachment-2269077\" class=\"wp-caption-text\"><span style=\"color: #008000;\">\u00c1ngela Rodr\u00edguez Pam en Instagram<\/span><\/figcaption><\/figure>\n<p>&nbsp;<\/p>\n<p style=\"text-align: justify;\"><span style=\"font-size: 14pt;\">El misterio de las manifestaciones del 8-M siempre hab\u00eda sido su escaso voltaje conflictivo (quiz\u00e1 de ah\u00ed la necesidad de esl\u00f3ganes cada vez m\u00e1s estridentes). \u00bfSe puede llamar manifestaci\u00f3n pol\u00edtica a una protesta con la que est\u00e1 de acuerdo el Gobierno, la inmensa mayor\u00eda de los partidos y casi todos los grandes grupos de comunicaci\u00f3n? De hecho, donde genera m\u00e1s consenso es en el mundo corporativo, en el que no hay empresa que se atreva a cuestionar o ignorar una causa con la que se identifican, al menos, un cincuenta por ciento de sus clientes.\u00a0<strong>El feminismo comenz\u00f3 como un gesto de disenso y ha terminado degenerando en asenso<\/strong>, como bien\u00a0<a href=\"https:\/\/gaceta.es\/author\/hughes\/\" target=\"_blank\" rel=\"nofollow noopener\" data-schema-attribute=\"\">explica Hughes<\/a>, con situaciones tan aberrantes como esas grandes\u00a0<a href=\"https:\/\/www.hispanidad.com\/sociedad\/millonarios-empresas-financiando-abortos-disney-amazon-starbucks-levis-apple-microsoft-netflix-tesla-meta-pagaran-gastos-viaje-empleados-abortar_12035039_102.html\" target=\"_blank\" rel=\"nofollow noopener\" data-schema-attribute=\"\">empresas de Estados Unidos que pagan viajes a sus empleadas para abortar<\/a>\u00a0a estados donde no se haya derogado esta pr\u00e1ctica tras la derrota de la sentencia Roe versus Wade.<\/span><\/p>\n<p style=\"text-align: justify;\"><span style=\"font-size: 14pt;\">Estos d\u00edas discut\u00ed bastante en Facebook con Nicol\u00e1s Sguiglia, candidato a la alcald\u00eda de M\u00e1laga por Podemos. Me parece uno de los pol\u00edticos m\u00e1s respetables del partido morado, que se pasa el d\u00eda trabajando por los vecinos en vez de conspirar contra la facci\u00f3n opuesta del partido o hacer brindis al sol del antifascista en una ciudad donde el fascismo no es el problema principal de nadie. Sguiglia opina que\u00a0<a href=\"https:\/\/www.vozpopuli.com\/tag\/irene_montero\" rel=\"nofollow noopener\" target=\"_blank\">Irene Montero<\/a>\u00a0es una gran l\u00edder feminista que pasar\u00e1 a la historia y,\u00a0<strong>cuando le pido que lo argumente, responde que mejor me acerque a preguntar a cualquier mujer menor de entre 25 y 30 a\u00f1os, muchas de la cuales ya se consideran \u201cirenistas\u201d<\/strong>. Creo que precisamente ah\u00ed est\u00e1 el dato clave: Montero y su s\u00e9quito de feministas contraculturales solo seducen a las chicas que todav\u00eda no se han enfrentado plenamente al mundo del trabajo, ni a las dificultades de organizar una familia, ni a la m\u00e1s que probable soledad de quien decide renunciar a este tipo de v\u00ednculos.<\/span><\/p>\n<p>&nbsp;<\/p>\n<h3 style=\"text-align: center;\"><span style=\"font-size: 18pt;\">La carencia de alegr\u00eda del 8-M<\/span><\/h3>\n<p style=\"text-align: justify;\"><span style=\"font-size: 14pt;\">Me da igual que a algunos les suene rancio esto que voy a escribir: la mejor propuesta del pasado 8-M ha sido\u00a0<a href=\"https:\/\/www.youtube.com\/watch?v=UNUk0ihfsK0\" target=\"_blank\" rel=\"nofollow noopener\">la campa\u00f1a\u00a0<\/a>de la\u00a0<a href=\"https:\/\/www.acdp.es\/\" target=\"_blank\" rel=\"nofollow noopener\">Asociaci\u00f3n Cat\u00f3lica de Propagandistas<\/a>. Su v\u00eddeo viral, de est\u00e9tica moderna y ejecuci\u00f3n fluida, muestra como el feminismo dominante quiere mujeres aisladas, que congelan sus \u00f3vulos para dar prioridad a sus carreras laborales (la familia siempre puede posponerse) y que desprecian la noci\u00f3n de que comprometerse con un hombre pueda mejorar sus vidas (ellas se bastan y se sobran para cualquier felicidad y es mucho m\u00e1s sencillo pasear un &#8216;perrhijo&#8217; que dos cr\u00edos).\u00a0<strong>\u00bfUstedes ven m\u00e1s alegres a las se\u00f1oras de cincuenta a\u00f1os que han tenido tres ni\u00f1os o a las que viven entre whiskas, satisfayer y lexat\u00ednes?<\/strong>\u00a0\u00bfHasta qu\u00e9 edad exactamente resulta empoderante volver a casa \u00absola y borracha\u00bb? Si nos cruzamos a una mujer madura en esta situaci\u00f3n, no solemos pensar en alguien con una vida plena ni envidiable. Exactamente igual que cuando vemos a un hombre solo en ese trance.<\/span><\/p>\n<div class=\"entry-content\">\u00a0<\/div>\n<blockquote>\n<p class=\"wp-block-quote\" style=\"text-align: center;\"><strong><span style=\"font-size: 14pt; color: #008000;\">Cualquier movimiento social individualista, narcisista y divisivo, que convierta en enemigos a gran parte de nuestros semejantes, est\u00e1 condenado al fracaso<\/span><\/strong><\/p>\n<\/blockquote>\n<p>&nbsp;<\/p>\n<p style=\"text-align: justify;\"><span style=\"font-size: 14pt;\">Por supuesto, no se trata de defender aqu\u00ed que la familia sea la \u00fanica v\u00eda posible a la felicidad, sino de argumentar que no tienen sentido que el progresismo patologice de manera constante la opci\u00f3n mayoritaria de los seres humanos hacia la plenitud.\u00a0<strong>Se intentaron diversas alternativas a la familia, desde las comunas a los\u00a0<em>kibutz<\/em>, pero todas fracasaron<\/strong>. Se nos trat\u00f3 de vender que la soledad era empoderante, pero hasta la creadora de\u00a0<em>Sexo en Nueva York<\/em>\u00a0(Candance Bushnell) se ha\u00a0<a href=\"https:\/\/www.lafamilia.info\/categorias\/cultura-y-ocio\/actualidad\/2624-la-escritora-de-sex-and-the-city-se-lamenta-de-haber-elegido-su-carrera-en-lugar-de-tener-hijos-estoy-verdaderamente-sola\" target=\"_blank\" rel=\"nofollow noopener\" data-schema-attribute=\"\">arrepentido p\u00fablicamente de no tener hijos<\/a>\u00a0y encontrarse ahora \u201cverdaderamente sola\u201d. Todo movimiento social est\u00e1 condenado al fracaso si no escucha las voces de sus mayores, que en el caso del 8-M son recibidas con creciente hostilidad por las j\u00f3venes lideresas adanistas (o &#8216;evistas&#8217;, supongo). Un subid\u00f3n constante de ego, que solo empa\u00f1a el fastidio de las urnas.<\/span><\/p>\n<p style=\"text-align: justify;\"><span style=\"font-size: 14pt;\">El feminismo actual, especialmente el podemita, ha abocado al movimiento a un callej\u00f3n sin salida,\u00a0<strong>resucitando todos los topicazos contraculturales que estaban m\u00e1s que superados desde los a\u00f1os noventa<\/strong>. En cualquier encuesta sobre qu\u00e9 hace felices a los seres humanos destacan siempre conceptos como \u201clas amistades de larga duraci\u00f3n\u201d y \u201cver crecer a los hijos\u201d, as\u00ed que cualquier movimiento social, individualista, narcisista y divisivo, que convierta en enemigos a gran parte de nuestros semejantes, est\u00e1 condenado a meterse en un callej\u00f3n sin salida.<\/span><\/p>\n<p>&nbsp;<\/p>\n<p><img loading=\"lazy\" decoding=\"async\" class=\"aligncenter size-full wp-image-24263\" src=\"https:\/\/puntocritico.com\/ausajpuntocritico\/wp-content\/uploads\/2019\/11\/Narcisos-e-infantes-OK.jpg\" alt=\"\" width=\"280\" height=\"180\" data-id=\"24263\" \/><\/p>\n<p style=\"text-align: center;\"><span style=\"font-size: 18pt;\"><strong><span style=\"color: #008000;\">*******<\/span><\/strong><\/span><\/p>\n<h2 class=\"post-title\" style=\"text-align: center;\"><span style=\"font-size: 24pt;\">MINISTRAS SERIAMENTE PERTURBADAS<\/span><\/h2>\n<p class=\"post-subtitle\" style=\"text-align: center;\"><strong><em><span style=\"font-size: 14pt;\">Una de las consecuencias m\u00e1s da\u00f1inas del mandato de Pedro S\u00e1nchez y de su patol\u00f3gica carencia de escr\u00fapulos ha sido la de incorporar al Gobierno a indocumentadas notorias<\/span><\/em><\/strong><\/p>\n<p>Por <a href=\"https:\/\/www.vozpopuli.com\/opinion\/ministras-seriamente-perturbadas.html\" target=\"_blank\" rel=\"noopener\">Alejo Vidal Quadras<\/a>, 12 MARZO 2023<\/p>\n<p><img loading=\"lazy\" decoding=\"async\" class=\"aligncenter wp-image-2269080 size-mh-magazine-content\" src=\"https:\/\/puntocritico.com\/ausajpuntocritico\/wp-content\/uploads\/2023\/03\/podemos-montero-8m-678x381.webp\" alt=\"\" width=\"678\" height=\"381\" data-id=\"2269080\" srcset=\"https:\/\/puntocritico.com\/ausajpuntocritico\/wp-content\/uploads\/2023\/03\/podemos-montero-8m-678x381.webp 678w, https:\/\/puntocritico.com\/ausajpuntocritico\/wp-content\/uploads\/2023\/03\/podemos-montero-8m-300x169.webp 300w, https:\/\/puntocritico.com\/ausajpuntocritico\/wp-content\/uploads\/2023\/03\/podemos-montero-8m-1024x576.webp 1024w, https:\/\/puntocritico.com\/ausajpuntocritico\/wp-content\/uploads\/2023\/03\/podemos-montero-8m-768x432.webp 768w, https:\/\/puntocritico.com\/ausajpuntocritico\/wp-content\/uploads\/2023\/03\/podemos-montero-8m-610x343.webp 610w, https:\/\/puntocritico.com\/ausajpuntocritico\/wp-content\/uploads\/2023\/03\/podemos-montero-8m.webp 1200w\" sizes=\"auto, (max-width: 678px) 100vw, 678px\" \/><\/p>\n<p>&nbsp;<\/p>\n<p style=\"text-align: justify;\"><span style=\"font-size: 14pt;\">En un acto organizado con motivo del\u00a0<strong>D\u00eda de la Mujer<\/strong>, la ministra de Igualdad,\u00a0<strong>Irene Montero<\/strong>, ha protagonizado uno de esos momentos en la trayectoria de una figura p\u00fablica que hacen que los ciudadanos se froten los ojos con incredulidad ante la duda de que si lo que est\u00e1n viendo y escuchando es real o forma parte de una pesadilla. Rodeada de incondicionales, entre las que no pod\u00edan faltar su colega de Gabinete,\u00a0<strong>Ione Belarra<\/strong>, y su secretaria de Estado,\u00a0<strong>\u00c1ngela Rodr\u00edguez Pim Pam Pum<\/strong>, Montero se levant\u00f3 y, agarrada al micr\u00f3fono port\u00e1til como quien blande un hacha de s\u00edlex, comenz\u00f3 un extra\u00f1o contoneo r\u00edtmico de resabios tribales acompa\u00f1ado de unas oscilaciones de cabeza propias de una enajenada y lanz\u00f3 una serie de invocaciones sincopadas mientras su mirada perdida en el infinito completaba todos los s\u00edntomas del trastorno obsesivo-compulsivo. A la vez que su cuerpo cimbreante segu\u00eda con sus movimientos anteroposteriores y su cr\u00e1neo sub\u00eda y bajaba movido por los redobles de un imaginario tambor selv\u00e1tico, su voz de desagradable timbre y tono cortante\u00a0<strong>soltaba una ristra de barbaridades<\/strong>\u00a0en las que la m\u00e1s sucia obscenidad se mezclaba con el mal gusto m\u00e1s zafio.<\/span><\/p>\n<p style=\"text-align: justify;\"><span style=\"font-size: 14pt;\">Esta individua, surgida de las profundidades de un abismo est\u00e9tico y moral plagado de aberraciones conceptuales, excrecencias mentales y odios irracionales, solt\u00f3 una delirante perorata sobre el sexo de las mujeres de sesenta, setenta y ochenta a\u00f1os y su hipot\u00e9tico derecho a disfrutarlo, as\u00ed como sobre la realizaci\u00f3n de la coyunda durante el per\u00edodo menstrual. Semejantes excesos, que har\u00edan sonrojar a una meretriz decimon\u00f3nica de taberna del puerto de \u00c1msterdam, sufrido grupo profesional c\u00e9lebremente cantado por\u00a0<strong>Jacques Brel<\/strong>, eran escuchados y aplaudidos con arrobo por un conjunto de seguidoras fan\u00e1ticas que, lejos de escandalizarse por semejante exhibici\u00f3n de vulgaridad y de carencia del m\u00e1s elemental sentido del decoro, parec\u00edan disfrutar del aquelarre en el que la ministra oficiaba de s\u00facubo mayor.<\/span><\/p>\n<p style=\"text-align: justify;\"><span style=\"font-size: 14pt;\">Cabe imaginar lo que tantas dignas abuelas que, tras una larga y fecunda vida entregada al trabajo o al cuidado de sus familias y, muy frecuentemente, a ambos abnegados prop\u00f3sitos, hayan podido sentir al asistir a tan ofensiva menci\u00f3n a su sagrada intimidad y al verse vejadas por la sucia lengua de una presunta psic\u00f3pata que se ha atrevido a erigirse en portavoz de millones de mujeres ejemplares que lo \u00faltimo que desean es que sus sentimientos o sus pensamientos, cuidadosamente mantenidos en el m\u00e1s delicado recato, sean manipulados p\u00fablicamente de manera tan irrespetuosa como invasiva.\u00a0<\/span><\/p>\n<p>&nbsp;<\/p>\n<blockquote>\n<p style=\"text-align: center;\"><strong><span style=\"color: #008000; font-size: 14pt;\">Est\u00e1n destrozando el mercado laboral, la educaci\u00f3n y el presente y el futuro de miles de adolescentes, expuestos a una campa\u00f1a inicua de teor\u00edas sexuales sin fundamento<\/span><\/strong><\/p>\n<\/blockquote>\n<p>&nbsp;<\/p>\n<p style=\"text-align: justify;\"><span style=\"font-size: 14pt;\">Una de las consecuencias m\u00e1s da\u00f1inas del mandato de\u00a0<strong>Pedro S\u00e1nchez<\/strong>\u00a0y de su patol\u00f3gica carencia de escr\u00fapulos ha sido la de incorporar al Gobierno a indocumentadas notorias que con sus disparatadas actuaciones est\u00e1n destrozando el mercado laboral, la educaci\u00f3n y el presente y el futuro de miles de adolescentes, expuestos a una campa\u00f1a inicua de promoci\u00f3n de concepciones antropol\u00f3gicas destructivas y de teor\u00edas sexuales sin fundamento que les condenan, si se dejan seducir por sus malignos efluvios, a la frustraci\u00f3n, a la inestabilidad emocional y a la p\u00e9rdida irreversible de su salud. Cada vez que de la sulf\u00farea boca de Irene Montero salen expresiones como \u201cmujeres con pene\u201d, \u201chombre con vulva\u201d u otras atrocidades semejantes, muchas indefensas mentes imp\u00faberes pueden ser arrastradas a acciones sin retorno que las condenen a la infelicidad, a la confusi\u00f3n y al fracaso.<\/span><\/p>\n<p style=\"text-align: justify;\"><span style=\"font-size: 14pt;\">Es un deber ineludible de la nueva mayor\u00eda parlamentaria que presumiblemente se formar\u00e1 dentro de diez meses acabar con todos estos planteamientos dementes para volver a la sensatez, al respeto a la esfera personal en temas que as\u00ed lo demandan y a la protecci\u00f3n de nuestra juventud frente a escuelas de pensamiento contrarias a la naturaleza humana, alumbradas en la Francia de los setenta del pasado siglo por\u00a0<strong>una pandilla de tarados intelectuales<\/strong>\u00a0que, atormentados por sus propias limitaciones y perversiones, no hallaron otro camino de escape que contaminar con sus alucinaciones al resto del g\u00e9nero humano. De ah\u00ed la perentoriedad de la tan tra\u00edda y llevada batalla cultural, porque hay destrozos que la mera gesti\u00f3n, por competente que sea, no es capaz de recomponer.<\/span><\/p>\n<p>&nbsp;<\/p>\n<p><img loading=\"lazy\" decoding=\"async\" class=\"aligncenter wp-image-2269081\" src=\"https:\/\/puntocritico.com\/ausajpuntocritico\/wp-content\/uploads\/2023\/03\/Montero-rock-star.jpg\" alt=\"\" width=\"360\" height=\"270\" data-id=\"2269081\" srcset=\"https:\/\/puntocritico.com\/ausajpuntocritico\/wp-content\/uploads\/2023\/03\/Montero-rock-star.jpg 1200w, https:\/\/puntocritico.com\/ausajpuntocritico\/wp-content\/uploads\/2023\/03\/Montero-rock-star-300x225.jpg 300w, https:\/\/puntocritico.com\/ausajpuntocritico\/wp-content\/uploads\/2023\/03\/Montero-rock-star-1024x768.jpg 1024w, https:\/\/puntocritico.com\/ausajpuntocritico\/wp-content\/uploads\/2023\/03\/Montero-rock-star-768x576.jpg 768w, https:\/\/puntocritico.com\/ausajpuntocritico\/wp-content\/uploads\/2023\/03\/Montero-rock-star-610x458.jpg 610w, https:\/\/puntocritico.com\/ausajpuntocritico\/wp-content\/uploads\/2023\/03\/Montero-rock-star-678x509.jpg 678w, https:\/\/puntocritico.com\/ausajpuntocritico\/wp-content\/uploads\/2023\/03\/Montero-rock-star-326x245.jpg 326w, https:\/\/puntocritico.com\/ausajpuntocritico\/wp-content\/uploads\/2023\/03\/Montero-rock-star-80x60.jpg 80w\" sizes=\"auto, (max-width: 360px) 100vw, 360px\" \/><\/p>\n<p style=\"text-align: center;\"><span style=\"font-size: 18pt;\"><strong><span style=\"color: #008000;\">*******<\/span><\/strong><\/span><\/p>\n<h2 style=\"text-align: justify;\"><span style=\"font-size: 14pt;\"><strong>RELACIONADOS:<\/strong><\/span><\/h2>\n<blockquote class=\"wp-embedded-content\" data-secret=\"l6SqydK9Ti\"><p><a href=\"https:\/\/puntocritico.com\/ausajpuntocritico\/2018\/01\/15\/la-revolucion-de-las-elites-de-la-privatizacion-de-los-servicios-publicos-a-la-desaparicion-del-estado\/\">La revoluci\u00f3n de las \u00e9lites: de la privatizaci\u00f3n de los servicios p\u00fablicos a la desaparici\u00f3n del Estado<\/a><\/p><\/blockquote>\n<p><iframe loading=\"lazy\" class=\"wp-embedded-content\" sandbox=\"allow-scripts\" security=\"restricted\" style=\"position: absolute; clip: rect(1px, 1px, 1px, 1px);\" title=\"\u00abLa revoluci\u00f3n de las \u00e9lites: de la privatizaci\u00f3n de los servicios p\u00fablicos a la desaparici\u00f3n del Estado\u00bb \u2014 Punto Cr\u00edtico Derechos Humanos\" src=\"https:\/\/puntocritico.com\/ausajpuntocritico\/2018\/01\/15\/la-revolucion-de-las-elites-de-la-privatizacion-de-los-servicios-publicos-a-la-desaparicion-del-estado\/embed\/#?secret=7ZFd3w46ip#?secret=l6SqydK9Ti\" data-secret=\"l6SqydK9Ti\" width=\"500\" height=\"282\" frameborder=\"0\" marginwidth=\"0\" marginheight=\"0\" scrolling=\"no\"><\/iframe><\/p>\n<blockquote class=\"wp-embedded-content\" data-secret=\"MLxBOJSIFb\"><p><a href=\"https:\/\/puntocritico.com\/ausajpuntocritico\/2023\/03\/06\/ferrovial-agroman\/\">\u00bfQU\u00c9 SE LLEVA A FLANDES FERROVIAL (FERROVIAL-AGROM\u00c1N)?: \u00abDe 1927 hasta hoy: esta es la historia de Agroman\u00bb<\/a><\/p><\/blockquote>\n<p><iframe loading=\"lazy\" class=\"wp-embedded-content\" sandbox=\"allow-scripts\" security=\"restricted\" style=\"position: absolute; clip: rect(1px, 1px, 1px, 1px);\" title=\"\u00ab\u00bfQU\u00c9 SE LLEVA A FLANDES FERROVIAL (FERROVIAL-AGROM\u00c1N)?: \u00abDe 1927 hasta hoy: esta es la historia de Agroman\u00bb\u00bb \u2014 Punto Cr\u00edtico Derechos Humanos\" src=\"https:\/\/puntocritico.com\/ausajpuntocritico\/2023\/03\/06\/ferrovial-agroman\/embed\/#?secret=ELEXN1DRLj#?secret=MLxBOJSIFb\" data-secret=\"MLxBOJSIFb\" width=\"500\" height=\"282\" frameborder=\"0\" marginwidth=\"0\" marginheight=\"0\" scrolling=\"no\"><\/iframe><\/p>\n<blockquote class=\"wp-embedded-content\" data-secret=\"o9uUdNgIWZ\"><p><a href=\"https:\/\/puntocritico.com\/ausajpuntocritico\/2022\/07\/12\/cartel-de-constructoras\/\">25 A\u00d1OS DEFRAUDANDO EN LA CONTRATACI\u00d3N P\u00daBLICA: EL C\u00c1RTEL DE CONSTRUCTORAS Y EL R\u00c9GIMEN DEL 78. La transici\u00f3n espa\u00f1ola: El tr\u00e1nsito del Delito al Crimen. Siempre impunes.<\/a><\/p><\/blockquote>\n<p><iframe loading=\"lazy\" class=\"wp-embedded-content\" sandbox=\"allow-scripts\" security=\"restricted\" style=\"position: absolute; clip: rect(1px, 1px, 1px, 1px);\" title=\"\u00ab25 A\u00d1OS DEFRAUDANDO EN LA CONTRATACI\u00d3N P\u00daBLICA: EL C\u00c1RTEL DE CONSTRUCTORAS Y EL R\u00c9GIMEN DEL 78. La transici\u00f3n espa\u00f1ola: El tr\u00e1nsito del Delito al Crimen. Siempre impunes.\u00bb \u2014 Punto Cr\u00edtico Derechos Humanos\" src=\"https:\/\/puntocritico.com\/ausajpuntocritico\/2022\/07\/12\/cartel-de-constructoras\/embed\/#?secret=idji0GP1rl#?secret=o9uUdNgIWZ\" data-secret=\"o9uUdNgIWZ\" width=\"500\" height=\"282\" frameborder=\"0\" marginwidth=\"0\" marginheight=\"0\" scrolling=\"no\"><\/iframe><\/p>\n<p>https:\/\/puntocritico.com\/ausajpuntocritico\/2018\/11\/06\/breve-historia-de-las-privatizaciones-en-espana-1985-1995-por-carlos-martin-urriza-republicado\/<\/p>\n<blockquote class=\"wp-embedded-content\" data-secret=\"9EK0AuTc52\"><p><a href=\"https:\/\/puntocritico.com\/ausajpuntocritico\/2022\/08\/24\/estado-es-el-nombre-que-se-da-al-mas-frio-de-todos-los-monstruos-frios-por-friedrich-nietzsche-3\/\">ESTADO ES EL NOMBRE QUE SE DA AL M\u00c1S FR\u00cdO DE TODOS LOS MONSTRUOS FR\u00cdOS, por Friedrich Nietzsche<\/a><\/p><\/blockquote>\n<p><iframe loading=\"lazy\" class=\"wp-embedded-content\" sandbox=\"allow-scripts\" security=\"restricted\" style=\"position: absolute; clip: rect(1px, 1px, 1px, 1px);\" title=\"\u00abESTADO ES EL NOMBRE QUE SE DA AL M\u00c1S FR\u00cdO DE TODOS LOS MONSTRUOS FR\u00cdOS, por Friedrich Nietzsche\u00bb \u2014 Punto Cr\u00edtico Derechos Humanos\" src=\"https:\/\/puntocritico.com\/ausajpuntocritico\/2022\/08\/24\/estado-es-el-nombre-que-se-da-al-mas-frio-de-todos-los-monstruos-frios-por-friedrich-nietzsche-3\/embed\/#?secret=8dugFaVKmn#?secret=9EK0AuTc52\" data-secret=\"9EK0AuTc52\" width=\"500\" height=\"282\" frameborder=\"0\" marginwidth=\"0\" marginheight=\"0\" scrolling=\"no\"><\/iframe><\/p>\n<blockquote class=\"wp-embedded-content\" data-secret=\"sfxcTsDWQo\"><p><a href=\"https:\/\/puntocritico.com\/ausajpuntocritico\/2021\/08\/23\/historia-del-sistema-electrico-espanol-parte-i-2\/\">HISTORIA DEL SISTEMA EL\u00c9CTRICO ESPA\u00d1OL (PARTE I)<\/a><\/p><\/blockquote>\n<p><iframe loading=\"lazy\" class=\"wp-embedded-content\" sandbox=\"allow-scripts\" security=\"restricted\" style=\"position: absolute; clip: rect(1px, 1px, 1px, 1px);\" title=\"\u00abHISTORIA DEL SISTEMA EL\u00c9CTRICO ESPA\u00d1OL (PARTE I)\u00bb \u2014 Punto Cr\u00edtico Derechos Humanos\" src=\"https:\/\/puntocritico.com\/ausajpuntocritico\/2021\/08\/23\/historia-del-sistema-electrico-espanol-parte-i-2\/embed\/#?secret=GieXdJATFV#?secret=sfxcTsDWQo\" data-secret=\"sfxcTsDWQo\" width=\"500\" height=\"282\" frameborder=\"0\" marginwidth=\"0\" marginheight=\"0\" scrolling=\"no\"><\/iframe><\/p>\n<blockquote class=\"wp-embedded-content\" data-secret=\"nHK26H7NRg\"><p><a href=\"https:\/\/puntocritico.com\/ausajpuntocritico\/2021\/03\/01\/se-sienten-cono-el-principio-politico-en-que-se-fundo-nuestra-democracia-plena\/\">\u00abSE SIENTEN, CO\u00d1O\u00bb. El Principio Pol\u00edtico en que se fund\u00f3 nuestra \u00abDemocracia Plena\u00bb.<\/a><\/p><\/blockquote>\n<p><iframe loading=\"lazy\" class=\"wp-embedded-content\" sandbox=\"allow-scripts\" security=\"restricted\" style=\"position: absolute; clip: rect(1px, 1px, 1px, 1px);\" title=\"\u00ab\u00abSE SIENTEN, CO\u00d1O\u00bb. El Principio Pol\u00edtico en que se fund\u00f3 nuestra \u00abDemocracia Plena\u00bb.\u00bb \u2014 Punto Cr\u00edtico Derechos Humanos\" src=\"https:\/\/puntocritico.com\/ausajpuntocritico\/2021\/03\/01\/se-sienten-cono-el-principio-politico-en-que-se-fundo-nuestra-democracia-plena\/embed\/#?secret=YHFS20CvkD#?secret=nHK26H7NRg\" data-secret=\"nHK26H7NRg\" width=\"500\" height=\"282\" frameborder=\"0\" marginwidth=\"0\" marginheight=\"0\" scrolling=\"no\"><\/iframe><\/p>\n<blockquote class=\"wp-embedded-content\" data-secret=\"OIINHD5PzI\"><p><a href=\"https:\/\/puntocritico.com\/ausajpuntocritico\/2021\/04\/22\/corrupcion-judicial-el-iuez-si-iudga-tuerto-tolero-una-republica-corrompida-que-asegure-los-derechos-de-los-ciudadanos-pero-jamas-aceptare-una-dictadura-sin-ning\/\">CORRUPCI\u00d3N JUDICIAL: \u201dEL iuez si iudga Tuerto \u2026\u201c. \u201cM\u00e1s que la Independencia, me interesa la Imparcialidad\u00bb.<\/a><\/p><\/blockquote>\n<p><iframe loading=\"lazy\" class=\"wp-embedded-content\" sandbox=\"allow-scripts\" security=\"restricted\" style=\"position: absolute; clip: rect(1px, 1px, 1px, 1px);\" title=\"\u00abCORRUPCI\u00d3N JUDICIAL: \u201dEL iuez si iudga Tuerto \u2026\u201c. \u201cM\u00e1s que la Independencia, me interesa la Imparcialidad\u00bb.\u00bb \u2014 Punto Cr\u00edtico Derechos Humanos\" src=\"https:\/\/puntocritico.com\/ausajpuntocritico\/2021\/04\/22\/corrupcion-judicial-el-iuez-si-iudga-tuerto-tolero-una-republica-corrompida-que-asegure-los-derechos-de-los-ciudadanos-pero-jamas-aceptare-una-dictadura-sin-ning\/embed\/#?secret=3r9Y7McTJO#?secret=OIINHD5PzI\" data-secret=\"OIINHD5PzI\" width=\"500\" height=\"282\" frameborder=\"0\" marginwidth=\"0\" marginheight=\"0\" scrolling=\"no\"><\/iframe><\/p>\n<blockquote class=\"wp-embedded-content\" data-secret=\"d2lgv6UL7J\"><p><a href=\"https:\/\/puntocritico.com\/ausajpuntocritico\/2021\/04\/29\/podemos-de-las-jons-y-el-movimiento-nacional-la-confluencia-que-silencian-los-medios-3\/\">Podemos de las JONS y el Movimiento Nacional, la \u00abConfluencia\u00bb que silencian los medios<\/a><\/p><\/blockquote>\n<p><iframe loading=\"lazy\" class=\"wp-embedded-content\" sandbox=\"allow-scripts\" security=\"restricted\" style=\"position: absolute; clip: rect(1px, 1px, 1px, 1px);\" title=\"\u00abPodemos de las JONS y el Movimiento Nacional, la \u00abConfluencia\u00bb que silencian los medios\u00bb \u2014 Punto Cr\u00edtico Derechos Humanos\" src=\"https:\/\/puntocritico.com\/ausajpuntocritico\/2021\/04\/29\/podemos-de-las-jons-y-el-movimiento-nacional-la-confluencia-que-silencian-los-medios-3\/embed\/#?secret=baaH7FqYzJ#?secret=d2lgv6UL7J\" data-secret=\"d2lgv6UL7J\" width=\"500\" height=\"282\" frameborder=\"0\" marginwidth=\"0\" marginheight=\"0\" scrolling=\"no\"><\/iframe><\/p>\n<blockquote class=\"wp-embedded-content\" data-secret=\"PkJHHW78z1\"><p><a href=\"https:\/\/puntocritico.com\/ausajpuntocritico\/2020\/02\/11\/los-traidores-del-noveno-circulo-del-infierno-la-tactica-trotskista-del-entrismo-por-rolando-astarita\/\">LOS TRAIDORES del NOVENO C\u00cdRCULO del INFIERNO. La t\u00e1ctica trotskista del Entrismo, por Rolando Astarita<\/a><\/p><\/blockquote>\n<p><iframe loading=\"lazy\" class=\"wp-embedded-content\" sandbox=\"allow-scripts\" security=\"restricted\" style=\"position: absolute; clip: rect(1px, 1px, 1px, 1px);\" title=\"\u00abLOS TRAIDORES del NOVENO C\u00cdRCULO del INFIERNO. La t\u00e1ctica trotskista del Entrismo, por Rolando Astarita\u00bb \u2014 Punto Cr\u00edtico Derechos Humanos\" src=\"https:\/\/puntocritico.com\/ausajpuntocritico\/2020\/02\/11\/los-traidores-del-noveno-circulo-del-infierno-la-tactica-trotskista-del-entrismo-por-rolando-astarita\/embed\/#?secret=4ewtRsY0n0#?secret=PkJHHW78z1\" data-secret=\"PkJHHW78z1\" width=\"500\" height=\"282\" frameborder=\"0\" marginwidth=\"0\" marginheight=\"0\" scrolling=\"no\"><\/iframe><\/p>\n<blockquote class=\"wp-embedded-content\" data-secret=\"24BdocchOF\"><p><a href=\"https:\/\/puntocritico.com\/ausajpuntocritico\/2021\/02\/23\/traidores-revolucionarios-el-caso-de-alex-saab-revolucion-socialismo-enriquecimiento-personal\/\">TRAIDORES  REVOLUCIONARIOS: EL CASO DE ALEX SAAB. Revoluci\u00f3n, Socialismo y Enriquecimiento Personal.<\/a><\/p><\/blockquote>\n<p><iframe loading=\"lazy\" class=\"wp-embedded-content\" sandbox=\"allow-scripts\" security=\"restricted\" style=\"position: absolute; clip: rect(1px, 1px, 1px, 1px);\" title=\"\u00abTRAIDORES  REVOLUCIONARIOS: EL CASO DE ALEX SAAB. Revoluci\u00f3n, Socialismo y Enriquecimiento Personal.\u00bb \u2014 Punto Cr\u00edtico Derechos Humanos\" src=\"https:\/\/puntocritico.com\/ausajpuntocritico\/2021\/02\/23\/traidores-revolucionarios-el-caso-de-alex-saab-revolucion-socialismo-enriquecimiento-personal\/embed\/#?secret=iT4NNAHhqK#?secret=24BdocchOF\" data-secret=\"24BdocchOF\" width=\"500\" height=\"282\" frameborder=\"0\" marginwidth=\"0\" marginheight=\"0\" scrolling=\"no\"><\/iframe><\/p>\n<p>&nbsp;<\/p>\n<p style=\"text-align: justify;\"><a href=\"https:\/\/puntocritico.com\/ausajpuntocritico\/author\/punto-critico\/\"><img loading=\"lazy\" decoding=\"async\" class=\"aligncenter wp-image-48\" src=\"https:\/\/puntocritico.com\/ausajpuntocritico\/wp-content\/uploads\/2016\/11\/Mosca_Punto_Cr\u00edtico_40.png\" alt=\"\" width=\"80\" height=\"80\" data-id=\"48\" \/><\/a><\/p>\n<p>&nbsp;<\/p>\n","protected":false},"excerpt":{"rendered":"<div class=\"mh-excerpt\"><p>Segunda Transici\u00f3n &nbsp; UN MUNDO HORRIBLE En la bandera morada, que Iglesias y D\u00edaz llevar\u00e1n hasta donde les dejen, hay una pizca s\u00f3lo de nuestros impuestos. La sangre, escrib\u00eda Maquiavelo, se olvida; el dinero es <a class=\"mh-excerpt-more\" href=\"https:\/\/puntocritico.com\/ausajpuntocritico\/2023\/03\/16\/la-segunda-transicion-podemitas-y-masmaderitas\/\" title=\"LA SEGUNDA TRANSICI\u00d3N: ACTORES SECUNDARIOS A LA IZQUIERDA DEL ESCENARIO: \u00abPodemitas, Masmaderitas y otros Pijomitas\u00bb.\">[&#8230;]<\/a><\/p>\n<\/div>","protected":false},"author":3,"featured_media":2269084,"comment_status":"open","ping_status":"closed","sticky":false,"template":"","format":"standard","meta":{"_acf_changed":false,"_exactmetrics_skip_tracking":false,"_exactmetrics_sitenote_active":false,"_exactmetrics_sitenote_note":"","_exactmetrics_sitenote_category":0,"footnotes":""},"categories":[7,12],"tags":[40],"class_list":{"0":"post-2266833","1":"post","2":"type-post","3":"status-publish","4":"format-standard","5":"has-post-thumbnail","7":"category-politica","8":"category-corrupcion","9":"tag-regimen-del-78"},"acf":[],"_links":{"self":[{"href":"https:\/\/puntocritico.com\/ausajpuntocritico\/wp-json\/wp\/v2\/posts\/2266833","targetHints":{"allow":["GET"]}}],"collection":[{"href":"https:\/\/puntocritico.com\/ausajpuntocritico\/wp-json\/wp\/v2\/posts"}],"about":[{"href":"https:\/\/puntocritico.com\/ausajpuntocritico\/wp-json\/wp\/v2\/types\/post"}],"author":[{"embeddable":true,"href":"https:\/\/puntocritico.com\/ausajpuntocritico\/wp-json\/wp\/v2\/users\/3"}],"replies":[{"embeddable":true,"href":"https:\/\/puntocritico.com\/ausajpuntocritico\/wp-json\/wp\/v2\/comments?post=2266833"}],"version-history":[{"count":0,"href":"https:\/\/puntocritico.com\/ausajpuntocritico\/wp-json\/wp\/v2\/posts\/2266833\/revisions"}],"wp:featuredmedia":[{"embeddable":true,"href":"https:\/\/puntocritico.com\/ausajpuntocritico\/wp-json\/wp\/v2\/media\/2269084"}],"wp:attachment":[{"href":"https:\/\/puntocritico.com\/ausajpuntocritico\/wp-json\/wp\/v2\/media?parent=2266833"}],"wp:term":[{"taxonomy":"category","embeddable":true,"href":"https:\/\/puntocritico.com\/ausajpuntocritico\/wp-json\/wp\/v2\/categories?post=2266833"},{"taxonomy":"post_tag","embeddable":true,"href":"https:\/\/puntocritico.com\/ausajpuntocritico\/wp-json\/wp\/v2\/tags?post=2266833"}],"curies":[{"name":"wp","href":"https:\/\/api.w.org\/{rel}","templated":true}]}}