{"id":2266073,"date":"2023-02-06T00:05:42","date_gmt":"2023-02-05T23:05:42","guid":{"rendered":"https:\/\/puntocritico.com\/ausajpuntocritico\/?p=2266073"},"modified":"2023-02-05T13:16:10","modified_gmt":"2023-02-05T12:16:10","slug":"aborto-libre-y-progresismo-por-miguel-delibes","status":"publish","type":"post","link":"https:\/\/puntocritico.com\/ausajpuntocritico\/2023\/02\/06\/aborto-libre-y-progresismo-por-miguel-delibes\/","title":{"rendered":"ABORTO LIBRE Y PROGRESISMO, por Miguel Delibes"},"content":{"rendered":"<p>&nbsp;<\/p>\n<h2 style=\"text-align: center;\"><span style=\"font-size: 24pt;\"><b>ABORTO LIBRE Y PROGRESISMO, por Miguel Delibes<\/b><\/span><\/h2>\n<p>&nbsp;<\/p>\n<p><img loading=\"lazy\" decoding=\"async\" class=\"aligncenter wp-image-2266080 size-mh-magazine-content\" src=\"https:\/\/puntocritico.com\/ausajpuntocritico\/wp-content\/uploads\/2023\/02\/Delibes-1-678x381.jpg\" alt=\"ABORTO LIBRE Y PROGRESISMO\" width=\"678\" height=\"381\" data-id=\"2266080\" srcset=\"https:\/\/puntocritico.com\/ausajpuntocritico\/wp-content\/uploads\/2023\/02\/Delibes-1-678x381.jpg 678w, https:\/\/puntocritico.com\/ausajpuntocritico\/wp-content\/uploads\/2023\/02\/Delibes-1-300x169.jpg 300w, https:\/\/puntocritico.com\/ausajpuntocritico\/wp-content\/uploads\/2023\/02\/Delibes-1-768x432.jpg 768w, https:\/\/puntocritico.com\/ausajpuntocritico\/wp-content\/uploads\/2023\/02\/Delibes-1-610x343.jpg 610w, https:\/\/puntocritico.com\/ausajpuntocritico\/wp-content\/uploads\/2023\/02\/Delibes-1.jpg 880w\" sizes=\"auto, (max-width: 678px) 100vw, 678px\" \/><\/p>\n<p>&nbsp;<\/p>\n<blockquote>\n<p style=\"text-align: center;\"><span style=\"font-size: 14pt;\"><span style=\"font-weight: 400;\">\u00a0<\/span><b><i>\u201cEl caso es que el abortismo ha venido a incluirse entre los postulados de la moderna \u00abprogres\u00eda\u00bb. <\/i><\/b><\/span><\/p>\n<p style=\"text-align: center;\"><span style=\"font-size: 14pt;\"><b><i>En nuestro tiempo es casi inconcebible un progresista antiabortista. Para \u00e9stos, todo aquel que se opone al aborto libre es un retr\u00f3grado, posici\u00f3n que, como suele decirse, deja a mucha gente, socialmente avanzada, con el culo al aire. <\/i><\/b><\/span><\/p>\n<p style=\"text-align: center;\"><span style=\"font-size: 14pt;\"><b><i>Para el progresista eran recusables la guerra, la energ\u00eda nuclear, la pena de muerte, cualquier forma de violencia. En consecuencia, hab\u00eda que oponerse a la carrera de armamentos, a la bomba at\u00f3mica y al pat\u00edbulo. <\/i><\/b><\/span><\/p>\n<p style=\"text-align: center;\"><span style=\"font-size: 14pt;\"><b><i>El ideario progresista estaba claro y resultaba bastante sugestivo seguirlo. La vida era lo primero, lo que proced\u00eda era procurar mejorar su calidad para los desheredados e indefensos. Hab\u00eda, pues, tarea por delante. <\/i><\/b><\/span><\/p>\n<p style=\"text-align: center;\"><span style=\"font-size: 14pt;\"><b><i>Pero surgi\u00f3 el problema del aborto, del aborto en cadena, libre, y con \u00e9l la pol\u00e9mica sobre si el feto era o no persona, y, ante \u00e9l, el progresismo vacil\u00f3.\u00a0<\/i><\/b><\/span><\/p>\n<p style=\"text-align: center;\"><span style=\"font-size: 14pt;\"><b><i>Y ante un fen\u00f3meno semejante, algunos progresistas se dijeron: Si el progresismo no es defender la vida, la m\u00e1s peque\u00f1a y menesterosa, contra la agresi\u00f3n social, y precisamente en la era de los anticonceptivos, \u00bfqu\u00e9 pinto yo aqu\u00ed? Porque para estos progresistas que a\u00fan defienden a los indefensos y rechazan cualquier forma de violencia, esto es, siguen acatando los viejos principios, la n\u00e1usea se produce igualmente ante una explosi\u00f3n at\u00f3mica, una c\u00e1mara de gas o un quir\u00f3fano esterilizado.\u201d<\/i><\/b><\/span><\/p>\n<\/blockquote>\n<p style=\"text-align: center;\"><span style=\"font-weight: 400; font-size: 18pt; color: #008000;\">* * * * * *<\/span><\/p>\n<h2 style=\"text-align: center;\"><span style=\"font-size: 24pt;\"><b>ABORTO LIBRE Y PROGRESISMO<\/b><\/span><\/h2>\n<p style=\"text-align: center;\"><span style=\"font-size: 14pt;\"><strong><em>El feto a\u00fan carece de voz, pero, como proyecto de persona que es, parece natural que alguien tome su defensa, puesto que es la parte d\u00e9bil del litigio<\/em><\/strong><\/span><\/p>\n<p style=\"text-align: justify;\"><span style=\"font-size: 14pt;\">Por Miguel Delibes<\/span><\/p>\n<p style=\"text-align: right;\"><em>Lo que no es admisible, obviamente, es que el aborto sea utilizado como m\u00e9todo anticonceptivo de manera fr\u00edvola y reiterada con absoluto desprecio al derecho a la vida de la criatura incipiente. <\/em><\/p>\n<p style=\"text-align: right;\"><em>(A. Vidal Cuadras)<\/em><\/p>\n<p><img loading=\"lazy\" decoding=\"async\" class=\"aligncenter wp-image-2266466 size-mh-magazine-content\" src=\"https:\/\/puntocritico.com\/ausajpuntocritico\/wp-content\/uploads\/2023\/02\/aborto-1-678x381.webp\" alt=\"\" width=\"678\" height=\"381\" data-id=\"2266466\" \/><\/p>\n<p>&nbsp;<\/p>\n<p style=\"text-align: justify;\"><span style=\"font-size: 14pt;\"><b>E<\/b><span style=\"font-weight: 400;\">n estos d\u00edas en que tan frecuentes son las manifestaciones en favor del aborto libre, me ha llamado la atenci\u00f3n un grito que, como una exigencia natural, coreaban las manifestantes: \u00ab<em>Nosotras parimos, nosotras decidimos<\/em>\u00bb. En principio, la reclamaci\u00f3n parece incontestable y as\u00ed lo ser\u00eda si lo parido fuese algo inanimado, algo que el d\u00eda de ma\u00f1ana no pudiese, a su vez, objetar dicha exigencia, esto es, parte interesada, hoy muda, de tan importante decisi\u00f3n. La defensa de la vida suele basarse en todas partes en razones \u00e9ticas, generalmente de moral religiosa, y lo que se discute en principio es si el feto es o no es un ser portador de derechos y deberes desde el instante de la concepci\u00f3n.<\/span><\/span><\/p>\n<p style=\"text-align: justify;\"><span style=\"font-size: 14pt;\"><b>Y<\/b><span style=\"font-weight: 400;\">o creo que esto puede llevarnos a argumentaciones bizantinas a favor y en contra, pero una cosa est\u00e1 clara: el \u00f3vulo fecundado es algo vivo, un proyecto de ser, con un c\u00f3digo gen\u00e9tico propio que con toda probabilidad llegar\u00e1 a serlo del todo si los que ya disponemos de raz\u00f3n no truncamos artificialmente el proceso de viabilidad. De aqu\u00ed se deduce que el aborto no es matar (<em>parece muy fuerte eso de calificar al abortista de asesino<\/em>), sino interrumpir vida; no es lo mismo suprimir a una persona hecha y derecha que impedir que un embri\u00f3n consume su desarrollo por las razones que sea. Lo importante en este dilema es que el feto a\u00fan carece de voz, pero, como proyecto de persona que es, parece natural que alguien tome su defensa, puesto que es la parte d\u00e9bil del litigio.<\/span><\/span><\/p>\n<p style=\"text-align: justify;\"><span style=\"font-size: 14pt;\"><b>L<\/b><span style=\"font-weight: 400;\">a soci\u00f3loga americana <strong>Priscilla Conn<\/strong>, en un interesante ensayo, considera el aborto como un conflicto entre dos valores: santidad y libertad, pero tal vez no sea \u00e9ste el punto de partida adecuado para plantear el problema. El t\u00e9rmino santidad parece incluir un componente religioso en la cuesti\u00f3n, pero desde el momento en que no se legisla \u00fanicamente para creyentes, convendr\u00eda buscar otros argumentos ajenos a la noci\u00f3n de pecado.<\/span><\/span><\/p>\n<p style=\"text-align: justify;\"><span style=\"font-size: 14pt;\"><b>E<\/b><span style=\"font-weight: 400;\">n lo concerniente a la libertad, habr\u00e1 que preguntarse en qu\u00e9 momento hay que reconocer al feto tal derecho y resolver entonces en nombre de qu\u00e9 libertad se le puede negar a un embri\u00f3n la libertad de nacer. Las partidarias del aborto sin limitaciones piden en todo el mundo libertad para su cuerpo. Eso est\u00e1 muy bien y es de raz\u00f3n siempre que en su uso no haya perjuicio de tercero. Esa misma libertad es la que podr\u00eda exigir el embri\u00f3n si dispusiera de voz, aunque en un plano m\u00e1s modesto: la libertad de tener un cuerpo para poder disponer ma\u00f1ana de \u00e9l con la misma libertad que hoy reclaman sus presuntas y reacias madres. Seguramente el derecho a tener un cuerpo deber\u00eda ser el que encabezara el m\u00e1s elemental c\u00f3digo de derechos humanos, en el que tambi\u00e9n se incluir\u00eda el derecho a disponer de \u00e9l, pero, naturalmente, subordin\u00e1ndole al otro.<\/span><\/span><\/p>\n<p style=\"text-align: justify;\"><span style=\"font-size: 14pt;\"><b>Y<\/b><span style=\"font-weight: 400;\">\u00a0el caso es que el abortismo ha venido a incluirse entre los postulados de la moderna \u00ab<em>progres\u00eda<\/em>\u00bb. En nuestro tiempo es casi inconcebible un progresista antiabortista. Para \u00e9stos, todo aquel que se opone al aborto libre es un retr\u00f3grado, posici\u00f3n que, como suele decirse, deja a mucha gente, socialmente avanzada, con el culo al aire. Anta\u00f1o, el progresismo respond\u00eda a un esquema muy simple: apoyar al d\u00e9bil, pacifismo y no violencia. A\u00f1os despu\u00e9s, el progresista a\u00f1adi\u00f3 a este credo la defensa de la Naturaleza. Para el progresista, el d\u00e9bil era el obrero frente al patrono, el ni\u00f1o frente al adulto, el negro frente al blanco. Hab\u00eda que tomar partido por ellos. Para el progresista eran recusables la guerra, la energ\u00eda nuclear, la pena de muerte, cualquier forma de violencia.<\/span><\/span><\/p>\n<p style=\"text-align: justify;\"><span style=\"font-size: 14pt;\"><b>E<\/b><span style=\"font-weight: 400;\">n consecuencia, hab\u00eda que oponerse a la carrera de armamentos, a la bomba at\u00f3mica y al pat\u00edbulo. El ideario progresista estaba claro y resultaba bastante sugestivo seguirlo. La vida era lo primero, lo que proced\u00eda era procurar mejorar su calidad para los desheredados e indefensos. Hab\u00eda, pues, tarea por delante. Pero surgi\u00f3 el problema del aborto, del aborto en cadena, libre, y con \u00e9l la pol\u00e9mica sobre si el feto era o no persona, y, ante \u00e9l, el progresismo vacil\u00f3. El embri\u00f3n era vida, s\u00ed, pero no persona, mientras que la presunta madre lo era ya y con capacidad de decisi\u00f3n. No se pens\u00f3 que la vida del feto estaba m\u00e1s desprotegida que la del obrero o la del negro, quiz\u00e1 porque el embri\u00f3n carec\u00eda de voz y voto y pol\u00edticamente era irrelevante. <strong>Entonces se empez\u00f3 a ceder en unos principios que parec\u00edan inmutables: la protecci\u00f3n del d\u00e9bil y la no violencia<\/strong>.<\/span><\/span><\/p>\n<p style=\"text-align: justify;\"><span style=\"font-size: 14pt;\"><b>C<\/b><span style=\"font-weight: 400;\">ontra el embri\u00f3n, una vida desamparada e inerme, podr\u00eda atentarse impunemente. Nada importaba su debilidad si su eliminaci\u00f3n se efectuaba mediante una violencia indolora, cient\u00edfica y esterilizada. Los dem\u00e1s fetos callar\u00edan, no pod\u00edan hacer manifestaciones callejeras, no pod\u00edan protestar, eran a\u00fan m\u00e1s d\u00e9biles que los m\u00e1s d\u00e9biles cuyos derechos proteg\u00eda el progresismo; nadie podr\u00eda recurrir. <strong>Y ante un fen\u00f3meno semejante, algunos progresistas se dijeron: Esto va contra mi ideolog\u00eda. Si el progresismo no es defender la vida, la m\u00e1s peque\u00f1a y menesterosa, contra la agresi\u00f3n social, y precisamente en la era de los anticonceptivos, \u00bfqu\u00e9 pinto yo aqu\u00ed?<\/strong> Porque para estos progresistas que a\u00fan defienden a los indefensos y rechazan cualquier forma de violencia, esto es, siguen acatando los viejos principios, la n\u00e1usea se produce igualmente ante una explosi\u00f3n at\u00f3mica, una c\u00e1mara de gas o un quir\u00f3fano esterilizado.<\/span><\/span><\/p>\n<p>&nbsp;<\/p>\n<p><img loading=\"lazy\" decoding=\"async\" class=\"aligncenter size-full wp-image-2266109\" src=\"https:\/\/puntocritico.com\/ausajpuntocritico\/wp-content\/uploads\/2023\/02\/Delibes-milana.jpg\" alt=\"\" width=\"421\" height=\"402\" data-id=\"2266109\" srcset=\"https:\/\/puntocritico.com\/ausajpuntocritico\/wp-content\/uploads\/2023\/02\/Delibes-milana.jpg 421w, https:\/\/puntocritico.com\/ausajpuntocritico\/wp-content\/uploads\/2023\/02\/Delibes-milana-300x286.jpg 300w\" sizes=\"auto, (max-width: 421px) 100vw, 421px\" \/><\/p>\n<p style=\"text-align: center;\"><span style=\"font-weight: 400; font-size: 18pt;\">* * *<\/span><\/p>\n<p style=\"text-align: justify;\"><span style=\"font-size: 14pt;\"><b>MIGUEL DELIBES SETI\u00c9N<\/b><span style=\"font-weight: 400;\">, escritor y miembro de la Real Academia Espa\u00f1ola (Valladolid, 17 de octubre de 1920 \u2013 \u2020 Valladolid, 12 de marzo de 2010). Diario Abc, 14\/03\/2010.<\/span><\/span><\/p>\n<p>&nbsp;<\/p>\n<p><img loading=\"lazy\" decoding=\"async\" class=\"aligncenter size-full wp-image-2266108\" src=\"https:\/\/puntocritico.com\/ausajpuntocritico\/wp-content\/uploads\/2023\/02\/migue-delibes-diario-cazador-2.jpg\" alt=\"\" width=\"630\" height=\"400\" data-id=\"2266108\" srcset=\"https:\/\/puntocritico.com\/ausajpuntocritico\/wp-content\/uploads\/2023\/02\/migue-delibes-diario-cazador-2.jpg 630w, https:\/\/puntocritico.com\/ausajpuntocritico\/wp-content\/uploads\/2023\/02\/migue-delibes-diario-cazador-2-300x190.jpg 300w, https:\/\/puntocritico.com\/ausajpuntocritico\/wp-content\/uploads\/2023\/02\/migue-delibes-diario-cazador-2-610x387.jpg 610w\" sizes=\"auto, (max-width: 630px) 100vw, 630px\" \/><\/p>\n<p style=\"text-align: justify;\">\u00a0<\/p>\n<blockquote>\n<p style=\"text-align: center;\"><span style=\"font-size: 14pt;\"><strong>\u00a0\u201c<em>El feto a\u00fan carece de voz, pero, como proyecto de persona que es, parece natural que alguien tome su defensa, puesto que es la parte d\u00e9bil del litigio (&#8230;).\u00a0El \u00abNosotras parimos, nosotras decidimos\u00bb ser\u00eda incontestable si lo parido fuese algo inanimado\u201d. \u201cUna cosa est\u00e1 clara: el \u00f3vulo fecundado es algo vivo, con un c\u00f3digo gen\u00e9tico propio (\u2026) Las partidarias del aborto sin limitaciones piden libertad para su cuerpo,\u00a0y es de raz\u00f3n siempre que en su uso no haya perjuicio de tercero (\u2026). Anta\u00f1o, el ideario progresista estaba claro y resultaba bastante sugestivo seguirlo. La vida era lo primero (\u2026). Pero surgi\u00f3 el problema del aborto, del aborto en cadena, libre, y, ante \u00e9l, el progresismo vacil\u00f3 (\u2026).No se pens\u00f3 que la vida del feto estaba m\u00e1s desprotegida que la del obrero o la del negro, quiz\u00e1 porque el embri\u00f3n carec\u00eda de voz y voto. Entonces se empez\u00f3 a ceder en unos principios que parec\u00edan inmutables. (\u2026)\u201d.<\/em><\/strong><\/span><\/p>\n<p style=\"text-align: center;\"><strong><span style=\"font-size: 14pt;\"><em>\u201cSi el progresismo no es defender la vida, la m\u00e1s peque\u00f1a y menesterosa, contra la agresi\u00f3n social, \u00bfqu\u00e9 pinto yo aqu\u00ed? Porque la n\u00e1usea se produce igualmente ante una explosi\u00f3n at\u00f3mica, una c\u00e1mara de gas o un quir\u00f3fano esterilizado<\/em>\u00ab.<\/span><\/strong><\/p>\n<p style=\"text-align: center;\"><a href=\"https:\/\/es.wikipedia.org\/wiki\/Miguel_Delibes\" target=\"_blank\" rel=\"noopener\"><strong><span style=\"font-size: 14pt;\">Miguel Delibes<\/span><\/strong><\/a><\/p>\n<\/blockquote>\n<p style=\"text-align: center;\"><a href=\"https:\/\/es.wikipedia.org\/wiki\/Miguel_Delibes\" target=\"_blank\" rel=\"noopener\"><img loading=\"lazy\" decoding=\"async\" class=\"aligncenter size-full wp-image-2266079\" src=\"https:\/\/puntocritico.com\/ausajpuntocritico\/wp-content\/uploads\/2023\/02\/Delibes-3.jpg\" alt=\"\" width=\"376\" height=\"134\" data-id=\"2266079\" srcset=\"https:\/\/puntocritico.com\/ausajpuntocritico\/wp-content\/uploads\/2023\/02\/Delibes-3.jpg 376w, https:\/\/puntocritico.com\/ausajpuntocritico\/wp-content\/uploads\/2023\/02\/Delibes-3-300x107.jpg 300w\" sizes=\"auto, (max-width: 376px) 100vw, 376px\" \/><\/a><\/p>\n<p>&nbsp;<\/p>\n<p>&nbsp;<\/p>\n<p><a href=\"https:\/\/puntocritico.com\/ausajpuntocritico\/author\/punto-critico\/\" target=\"_blank\" rel=\"noopener\"><img loading=\"lazy\" decoding=\"async\" class=\"aligncenter wp-image-9528\" src=\"https:\/\/puntocritico.com\/ausajpuntocritico\/wp-content\/uploads\/2018\/03\/Mosca_Punto_Cr\u00edtico_40.png\" alt=\"\" width=\"80\" height=\"80\" data-id=\"9528\" \/><\/a><\/p>\n<p>&nbsp;<\/p>\n","protected":false},"excerpt":{"rendered":"<div class=\"mh-excerpt\"><p>&nbsp; ABORTO LIBRE Y PROGRESISMO, por Miguel Delibes &nbsp; &nbsp; \u00a0\u201cEl caso es que el abortismo ha venido a incluirse entre los postulados de la moderna \u00abprogres\u00eda\u00bb. En nuestro tiempo es casi inconcebible un progresista <a class=\"mh-excerpt-more\" href=\"https:\/\/puntocritico.com\/ausajpuntocritico\/2023\/02\/06\/aborto-libre-y-progresismo-por-miguel-delibes\/\" title=\"ABORTO LIBRE Y PROGRESISMO, por Miguel Delibes\">[&#8230;]<\/a><\/p>\n<\/div>","protected":false},"author":3,"featured_media":2266089,"comment_status":"open","ping_status":"closed","sticky":false,"template":"","format":"standard","meta":{"_acf_changed":false,"_exactmetrics_skip_tracking":false,"_exactmetrics_sitenote_active":false,"_exactmetrics_sitenote_note":"","_exactmetrics_sitenote_category":0,"footnotes":""},"categories":[6],"tags":[],"class_list":{"0":"post-2266073","1":"post","2":"type-post","3":"status-publish","4":"format-standard","5":"has-post-thumbnail","7":"category-justicia"},"acf":[],"_links":{"self":[{"href":"https:\/\/puntocritico.com\/ausajpuntocritico\/wp-json\/wp\/v2\/posts\/2266073","targetHints":{"allow":["GET"]}}],"collection":[{"href":"https:\/\/puntocritico.com\/ausajpuntocritico\/wp-json\/wp\/v2\/posts"}],"about":[{"href":"https:\/\/puntocritico.com\/ausajpuntocritico\/wp-json\/wp\/v2\/types\/post"}],"author":[{"embeddable":true,"href":"https:\/\/puntocritico.com\/ausajpuntocritico\/wp-json\/wp\/v2\/users\/3"}],"replies":[{"embeddable":true,"href":"https:\/\/puntocritico.com\/ausajpuntocritico\/wp-json\/wp\/v2\/comments?post=2266073"}],"version-history":[{"count":0,"href":"https:\/\/puntocritico.com\/ausajpuntocritico\/wp-json\/wp\/v2\/posts\/2266073\/revisions"}],"wp:featuredmedia":[{"embeddable":true,"href":"https:\/\/puntocritico.com\/ausajpuntocritico\/wp-json\/wp\/v2\/media\/2266089"}],"wp:attachment":[{"href":"https:\/\/puntocritico.com\/ausajpuntocritico\/wp-json\/wp\/v2\/media?parent=2266073"}],"wp:term":[{"taxonomy":"category","embeddable":true,"href":"https:\/\/puntocritico.com\/ausajpuntocritico\/wp-json\/wp\/v2\/categories?post=2266073"},{"taxonomy":"post_tag","embeddable":true,"href":"https:\/\/puntocritico.com\/ausajpuntocritico\/wp-json\/wp\/v2\/tags?post=2266073"}],"curies":[{"name":"wp","href":"https:\/\/api.w.org\/{rel}","templated":true}]}}