{"id":2265194,"date":"2023-02-13T00:05:07","date_gmt":"2023-02-12T23:05:07","guid":{"rendered":"https:\/\/puntocritico.com\/ausajpuntocritico\/?p=2265194"},"modified":"2023-02-08T15:59:48","modified_gmt":"2023-02-08T14:59:48","slug":"es-necesario-buscar-con-el-corazon-por-antoine-de-saint-exupery","status":"publish","type":"post","link":"https:\/\/puntocritico.com\/ausajpuntocritico\/2023\/02\/13\/es-necesario-buscar-con-el-corazon-por-antoine-de-saint-exupery\/","title":{"rendered":"ES NECESARIO BUSCAR CON EL CORAZ\u00d3N, por Antoine de Saint-Exup\u00e9ry"},"content":{"rendered":"<p>&nbsp;<\/p>\n<h2 style=\"text-align: center;\"><span style=\"font-size: 24pt;\"><strong>ES NECESARIO BUSCAR CON EL CORAZ\u00d3N, por Antoine de Saint-Exup\u00e9ry<\/strong><\/span><\/h2>\n<p style=\"text-align: center;\"><span style=\"font-size: 14pt;\"><strong><em>\u201cHe aqu\u00ed mi secreto. Es muy simple: no se ve bien sino con el coraz\u00f3n. Lo esencial es invisible a los ojos.\u00a0Es necesario buscar con el coraz\u00f3n.\u201d<\/em><\/strong><\/span><\/p>\n<p><img loading=\"lazy\" decoding=\"async\" class=\"aligncenter wp-image-2265195 size-full\" src=\"https:\/\/puntocritico.com\/ausajpuntocritico\/wp-content\/uploads\/2023\/01\/Exupery-1.jpg\" alt=\"BUSCAR CON EL CORAZ\u00d3N\" width=\"280\" height=\"374\" data-id=\"2265195\" srcset=\"https:\/\/puntocritico.com\/ausajpuntocritico\/wp-content\/uploads\/2023\/01\/Exupery-1.jpg 280w, https:\/\/puntocritico.com\/ausajpuntocritico\/wp-content\/uploads\/2023\/01\/Exupery-1-225x300.jpg 225w\" sizes=\"auto, (max-width: 280px) 100vw, 280px\" \/><\/p>\n<p style=\"text-align: center;\"><span style=\"color: #008000; font-size: 18pt;\">* * * * * *<\/span><\/p>\n<p style=\"text-align: center;\"><span style=\"font-size: 14pt;\">Todas las personas mayores han sido ni\u00f1os antes. Pero pocas lo recuerdan.<\/span><\/p>\n<p style=\"text-align: center;\"><span style=\"font-size: 14pt;\">Cuando el misterio es demasiado impresionante, no es posible desobedecer.<\/span><\/p>\n<p style=\"text-align: center;\"><span style=\"font-size: 14pt;\">Los ni\u00f1os deben ser muy indulgentes con las personas mayores.<\/span><\/p>\n<p style=\"text-align: center;\"><span style=\"font-size: 14pt;\">Es triste olvidar a un amigo.<\/span><\/p>\n<p style=\"text-align: center;\"><span style=\"font-size: 14pt;\">\u00bfSabes?\u2026 Cuando uno est\u00e1 verdaderamente triste son agradables las puestas de sol\u2026<\/span><\/p>\n<p style=\"text-align: center;\"><span style=\"font-size: 14pt;\">Jam\u00e1s renunciaba a una pregunta, una vez que la hab\u00eda formulado.<\/span><\/p>\n<p style=\"text-align: center;\"><span style=\"font-size: 14pt;\">No sab\u00eda bien qu\u00e9 decir. Me sent\u00eda muy torpe. No sab\u00eda bien c\u00f3mo llegar a \u00e9l, d\u00f3nde encontrarlo\u2026 \u00a1Es tan misterioso el pa\u00eds de las l\u00e1grimas\u2026!<\/span><\/p>\n<p style=\"text-align: center;\"><span style=\"font-size: 14pt;\">Deb\u00ed haberla juzgado por sus actos y no por sus palabras.<\/span><\/p>\n<p style=\"text-align: center;\"><span style=\"font-size: 14pt;\">Es preciso que soporte dos o tres orugas si quiero conocer a las mariposas.<\/span><\/p>\n<p style=\"text-align: center;\"><span style=\"font-size: 14pt;\">Es mucho m\u00e1s dif\u00edcil juzgarse a s\u00ed mismo que juzgar a los dem\u00e1s. Si logras juzgarte bien a ti mismo eres un verdadero sabio.<\/span><\/p>\n<p style=\"text-align: center;\"><span style=\"font-size: 14pt;\">Para los vanidosos, los otros hombres son admiradores. Los vanidosos no oyen sino las alabanzas.<\/span><\/p>\n<p style=\"text-align: center;\"><span style=\"font-size: 14pt;\">Cuando se quiere ser ingenioso ocurre que se miente un poco.<\/span><\/p>\n<p style=\"text-align: center;\"><span style=\"font-size: 14pt;\">\u00bfLos hombres? No se sabe nunca donde encontrarlos. El viento los lleva. No tienen ra\u00edces. Les molesta mucho no tenerlas.<\/span><\/p>\n<p style=\"text-align: center;\"><span style=\"font-size: 14pt;\">\u00bfQu\u00e9 significa \u201cdomesticar\u201d? Es una cosa demasiado olvidada. Significa \u201ccrear lazos\u201d.<\/span><\/p>\n<p style=\"text-align: center;\"><span style=\"font-size: 14pt;\">Los hombres ya no tienen tiempo de conocer nada. Compran cosas hechas a los mercaderes. Pero como no existen mercaderes de amigos, los hombres ya no tienen amigos.<\/span><\/p>\n<p style=\"text-align: center;\"><span style=\"font-size: 14pt;\">Los ritos son necesarios. \u00bfQu\u00e9 es un rito? Es tambi\u00e9n algo demasiado olvidado. Es lo que hace que un d\u00eda sea diferente de los otros d\u00edas: una hora, de las otras horas.<\/span><\/p>\n<p style=\"text-align: center;\"><span style=\"font-size: 14pt;\">He aqu\u00ed mi secreto. Es muy simple: no se ve bien sino con el coraz\u00f3n. Lo esencial es invisible a los ojos.<\/span><\/p>\n<p style=\"text-align: center;\"><span style=\"font-size: 14pt;\">El tiempo que perdiste por tu rosa hace que tu rosa sea tan importante.<\/span><\/p>\n<p style=\"text-align: center;\"><span style=\"font-size: 14pt;\">S\u00f3lo los ni\u00f1os saben lo que buscan.<\/span><\/p>\n<p style=\"text-align: center;\"><span style=\"font-size: 14pt;\">Si tuviera cincuenta y tres minutos para gastar, caminar\u00eda muy suavemente hacia una fuente.<\/span><\/p>\n<p style=\"text-align: center;\"><span style=\"font-size: 14pt;\">Lo que embellece al desierto es que esconde un pozo en cualquier parte.<\/span><\/p>\n<p style=\"text-align: center;\"><span style=\"font-size: 14pt;\">Los hombres cultivan cinco mil rosas en un mismo jard\u00edn\u2026 Y no encuentran lo que buscan\u2026 Y, sin embargo, lo que buscan podr\u00eda encontrarse en una sola rosa o en un poco de agua\u2026<\/span><\/p>\n<p style=\"text-align: center;\"><span style=\"font-size: 14pt;\">Los ojos est\u00e1n ciegos. Es necesario buscar con el coraz\u00f3n.<\/span><\/p>\n<p style=\"text-align: center;\"><span style=\"font-size: 14pt;\">Si uno se deja domesticar, corre el riesgo de llorar un poco.<\/span><\/p>\n<p style=\"text-align: center;\"><span style=\"font-size: 14pt;\">Siempre se encuentra consuelo.<\/span><\/p>\n<p style=\"text-align: center;\"><span style=\"font-size: 14pt;\">\u00bfSabes?\u2026 mi flor\u2026 soy responsable. \u00a1Y es tan d\u00e9bil! \u00a1Y es tan ingenua! Tiene cuatro espinas insignificantes para protegerse contra el mundo\u2026 \u00a1Y ninguna persona mayor comprender\u00e1 jam\u00e1s que tenga tanta importancia!<\/span><\/p>\n<p>&nbsp;<\/p>\n<p><img loading=\"lazy\" decoding=\"async\" class=\"aligncenter wp-image-2266638\" src=\"https:\/\/puntocritico.com\/ausajpuntocritico\/wp-content\/uploads\/2023\/02\/saint-exupery-muerte-segunda-guerra-mundial-kchG-1240x698@abc-678x381.jpg\" alt=\"\" width=\"480\" height=\"269\" data-id=\"2266638\" srcset=\"https:\/\/puntocritico.com\/ausajpuntocritico\/wp-content\/uploads\/2023\/02\/saint-exupery-muerte-segunda-guerra-mundial-kchG-1240x698@abc-678x381.jpg 678w, https:\/\/puntocritico.com\/ausajpuntocritico\/wp-content\/uploads\/2023\/02\/saint-exupery-muerte-segunda-guerra-mundial-kchG-1240x698@abc-300x168.jpg 300w, https:\/\/puntocritico.com\/ausajpuntocritico\/wp-content\/uploads\/2023\/02\/saint-exupery-muerte-segunda-guerra-mundial-kchG-1240x698@abc-1024x575.jpg 1024w, https:\/\/puntocritico.com\/ausajpuntocritico\/wp-content\/uploads\/2023\/02\/saint-exupery-muerte-segunda-guerra-mundial-kchG-1240x698@abc-768x431.jpg 768w, https:\/\/puntocritico.com\/ausajpuntocritico\/wp-content\/uploads\/2023\/02\/saint-exupery-muerte-segunda-guerra-mundial-kchG-1240x698@abc-610x342.jpg 610w, https:\/\/puntocritico.com\/ausajpuntocritico\/wp-content\/uploads\/2023\/02\/saint-exupery-muerte-segunda-guerra-mundial-kchG-1240x698@abc.jpg 1240w\" sizes=\"auto, (max-width: 480px) 100vw, 480px\" \/><\/p>\n<p style=\"text-align: center;\"><span style=\"color: #008000; font-size: 18pt;\"><strong>* * *<\/strong><\/span><\/p>\n<p style=\"text-align: center;\"><span style=\"font-size: 14pt;\"><strong>ANTOINE DE SAINT-EXUP\u00c9RY<\/strong>, 1900-1944,\u00a0<em>El principito<\/em>, Alianza Emec\u00e9. [FD, 07\/07\/2006]<\/span><\/p>\n<p>&nbsp;<\/p>\n<p><img loading=\"lazy\" decoding=\"async\" class=\"aligncenter size-full wp-image-2266655\" src=\"https:\/\/puntocritico.com\/ausajpuntocritico\/wp-content\/uploads\/2023\/02\/El-principito-Antoine-Saint-Exupery.jpg\" alt=\"\" width=\"198\" height=\"254\" data-id=\"2266655\" \/><\/p>\n<p style=\"text-align: center;\"><strong><span style=\"color: #008000; font-size: 18pt;\">*******<\/span><\/strong><\/p>\n<h2 class=\"title\" style=\"text-align: center;\"><span style=\"font-size: 24pt;\">La historia de amor (y desamores) que inspir\u00f3 &#8216;El principito&#8217;, la gran obra de Antoine Saint-Exup\u00e9ry<\/span><\/h2>\n<div class=\"summary\">\n<p style=\"text-align: center;\"><span style=\"font-size: 14pt;\"><strong><em>Esta semana se han publicado en Francia una parte de la correspondencia que intercambaron Saint-Exup\u00e9ry y su esposa Consuelo Sunc\u00edn-Sandoval. Algo que ha permitido recordar la importancia que tuvo ella en la construcci\u00f3n de\u00a0El Principito. Y es que, la rosa que este cuida y ama, no era otra que Consuelo. \u00bfPero qu\u00e9 hab\u00eda tras esta relaci\u00f3n?<\/em><\/strong><\/span><\/p>\n<\/div>\n<div class=\"content-info\">\n<div style=\"text-align: justify;\"><span style=\"font-size: 14pt;\"><span class=\"author-name pull-left\"><a href=\"https:\/\/www.hermeneuta.es\/articulo\/biograf%C3%ADas\/historia-amor-inspiro-principito-gran-obra-antoine-saint-exupery\/20210509025325000970.html\" target=\"_blank\" rel=\"noopener\">Hermenuta.es<\/a>, <\/span><span class=\"content-time\">09 de mayo de 2021<\/span><\/span><\/div>\n<div style=\"text-align: justify;\"><span class=\"author-name pull-left\" style=\"font-size: 14pt;\">Enrique Sarasa Bara\u00a0<\/span><\/div>\n<div>\u00a0<\/div>\n<\/div>\n<div>\n<figure id=\"attachment_2266635\" aria-describedby=\"caption-attachment-2266635\" style=\"width: 600px\" class=\"wp-caption aligncenter\"><img loading=\"lazy\" decoding=\"async\" class=\"size-full wp-image-2266635\" src=\"https:\/\/puntocritico.com\/ausajpuntocritico\/wp-content\/uploads\/2023\/02\/La-historia-de-amor-que-inspiro-El-principito-de-Antoine-Saint-Exupery.jpg\" alt=\"\" width=\"600\" height=\"337\" data-id=\"2266635\" srcset=\"https:\/\/puntocritico.com\/ausajpuntocritico\/wp-content\/uploads\/2023\/02\/La-historia-de-amor-que-inspiro-El-principito-de-Antoine-Saint-Exupery.jpg 600w, https:\/\/puntocritico.com\/ausajpuntocritico\/wp-content\/uploads\/2023\/02\/La-historia-de-amor-que-inspiro-El-principito-de-Antoine-Saint-Exupery-300x169.jpg 300w\" sizes=\"auto, (max-width: 600px) 100vw, 600px\" \/><figcaption id=\"caption-attachment-2266635\" class=\"wp-caption-text\"><span style=\"color: #008000;\">Antoine y Consuelo (portada del libro &#8216;Un amour de l\u00e9gende)<\/span><\/figcaption><\/figure>\n<\/div>\n<div>\u00a0<\/div>\n<div style=\"text-align: justify;\"><span style=\"font-size: 14pt;\">Se conocieron en Buenos Aires, cuando Antoine trabajaba como piloto comercial para una empresa de mensajer\u00eda, en septiembre de 1930. Ella ten\u00eda 29 a\u00f1os, uno menos que \u00e9l. Era salvadore\u00f1a, escrib\u00eda, hac\u00eda esculturas y pintaba, y hab\u00eda tenido tiempo en el pasado de casarse, divorciarse, casarse de nuevo y enviudar. Su car\u00e1cter, alegre y magn\u00e9tico, adem\u00e1s de su atractivo f\u00edsico, encandilaron al aviador, que qued\u00f3 tan prendando que quiso casarse al poco de conocerla y celebrar la boda en la misma capital argentina. No fue as\u00ed, y al final, su enlace se realiz\u00f3 en tierras francesas, en 1932, despu\u00e9s de que el lugar en el que \u00e9l trabajaba quebrara y decidieran establecer su casa en Europa.<\/span><\/div>\n<div>\n<p style=\"text-align: justify;\"><span style=\"font-size: 14pt;\">En los casi catorce a\u00f1os que estuvieron juntos, la pareja vivi\u00f3 una pasi\u00f3n y un amor que a veces hizo que se sintieran plenos, y otras, infelices. Por sus peleas, sus altibajos, sus choques y las ausencias que el oficio de aviador de Antoine les impon\u00eda. Pero, tambi\u00e9n, por su vida bohemia y sus infidelidades. Circunstancias todas que iban a correr en paralelo a la gestaci\u00f3n de \u201cEl Principito\u201d, la obra m\u00e1s famosa de la literatura infantil. Y todo pese a que, en su trasfondo, lo que el escritor estaba expresando, de forma velada, eran sus sentimientos ante la tormentosa relaci\u00f3n matrimonial en que viv\u00eda. Y, si se lee con esta idea, all\u00ed veremos\u00a0 sus dudas, sus pensamientos, y tambi\u00e9n, como se\u00f1ala una de las principales investigadoras de Saint-Exup\u00e9ry, su b\u00fasqueda del perd\u00f3n de <em>Consuelo, a la que plasma como la rosa del libro<\/em>, que el principito cuida y ama, y protege bajo una campana de cristal, pero que le provoca esos sentimientos encontrados.<\/span><\/p>\n<p style=\"text-align: justify;\"><span style=\"font-size: 14pt;\">Al final, la historia del \u201c<em>El Principito<\/em>\u201d se public\u00f3 en 1943. Y aunque al principio vendi\u00f3 bien, Saint-Exup\u00e9ry no tuvo la oportunidad de conocer el impresionante \u00e9xito que iba a cosechar. Porque un d\u00eda de julio de 1944 desapareci\u00f3, para siempre, mientras sobrevolaba el Mediterr\u00e1neo. Y lo que vino luego no fue nada agradable para su recuerdo. Pues su esposa y la familia de Saint-Exup\u00e9ry iniciaron litigios por su herencia y por los derechos del libro. Hasta que, al final, a la muerte de Consuelo, en 1979, lleg\u00f3 el olvido para quien hab\u00eda sido la rosa del <em>Principito.<\/em> Solo la aparici\u00f3n de un manuscrito que ella hab\u00eda escrito en torno a su relaci\u00f3n con su esposo, y que decidi\u00f3 publicarse , pero en el a\u00f1o 2000 con el nombre de \u201c<em>La memoria de la rosa<\/em>\u201d, permiti\u00f3 que se recuperara su papel en la historia de la gran obra de Saint-Exup\u00e9ry.<\/span><\/p>\n<p style=\"text-align: justify;\"><span style=\"font-size: 14pt;\">A partir de ahora podremos conocer un poco mejor la relaci\u00f3n de Consuelo y Antoine, pues esta semana se ha publicado en Francia parte de la correspondencia que se dedicaron en sus ausencias. Cartas que, en su momento, lograron recorrer la distancia que les separaba en sus viajes. Cartas que fueron, en muchos momentos, la \u00fanica forma de encontrarse y plasmar sus sentimientos y todo lo que necesitaban y a\u00f1oraban. Cartas que corroboran esa relaci\u00f3n de contrastes, de distintos mundos y pareceres, pero que tambi\u00e9n reflejan su amor real. \u201c<em>Amo tus inquietudes y tus enfados. Me gusta todo aquello de ti que est\u00e1 solo a medias domesticado<\/em>\u201d, le dice \u00e9l en una de las primeras misivas que le env\u00eda. Y ella dice poco despu\u00e9s: \u201c<em>Por largos d\u00edas vivir\u00e1s lejos de m\u00ed. \u00bfQui\u00e9n te va a despertar cada ma\u00f1ana? \u00bfQui\u00e9n te abrazar\u00e1? El viento, la luna, la noche no te regalar\u00e1n caricias tan suaves y c\u00e1lidas como las que te da tu mujercita<\/em>\u201d. Aunque, a veces, el amor que sienten les resulte hiriente: \u201c<em>Consuelo, cari\u00f1o, no sabes hasta qu\u00e9 punto me haces sufrir<\/em>\u201d, dice Antoine. \u201c<em>Lloro de emoci\u00f3n, tengo tanto miedo de exiliarme de tu coraz\u00f3n<\/em>&#8230;\u201d, es una de las respuestas de ella.<\/span><\/p>\n<p style=\"text-align: justify;\"><span style=\"font-size: 14pt;\">Dicen algunos investigadores que es un error considerar \u201c<em>El Principito<\/em>\u201d como una obra infantil. Y, efectivamente, no lo es. Pero todo depende tambi\u00e9n de la perspectiva. Porque esa obra que naci\u00f3 de ese amor, el perd\u00f3n y el recuerdo, ha volado, libre, ajena a todo lo dem\u00e1s, para acercarse al coraz\u00f3n de sus lectores. A los ni\u00f1os que la descubrieron y descubrir\u00e1n, y a los adultos que quieren recordarse siendo ni\u00f1os. Quiz\u00e1 Saint-Exup\u00e9ry no la concibi\u00f3 as\u00ed, pero el legado que ha dejado ha hecho que su texto haya acabado perteneciendo a todos.<\/span><\/p>\n<\/div>\n<div>\u00a0<\/div>\n<p><img loading=\"lazy\" decoding=\"async\" class=\"aligncenter wp-image-2266639 size-mh-magazine-content\" src=\"https:\/\/puntocritico.com\/ausajpuntocritico\/wp-content\/uploads\/2023\/02\/ANTOINE-DE-SAINT-EXUPERY-1-678x381.jpg\" alt=\"\" width=\"678\" height=\"381\" data-id=\"2266639\" \/><\/p>\n<p style=\"text-align: center;\"><strong><span style=\"color: #008000; font-size: 18pt;\">*******<\/span><\/strong><\/p>\n<blockquote>\n<h2 style=\"text-align: center;\"><strong>ANTOINE DE SAINT-EXUP\u00c9RY<\/strong><\/h2>\n<p><img loading=\"lazy\" decoding=\"async\" class=\"aligncenter wp-image-2266640\" src=\"https:\/\/puntocritico.com\/ausajpuntocritico\/wp-content\/uploads\/2023\/02\/ANTOINE-DE-SAINT-EXUPERY-caricatura.webp\" alt=\"\" width=\"330\" height=\"330\" data-id=\"2266640\" srcset=\"https:\/\/puntocritico.com\/ausajpuntocritico\/wp-content\/uploads\/2023\/02\/ANTOINE-DE-SAINT-EXUPERY-caricatura.webp 1000w, https:\/\/puntocritico.com\/ausajpuntocritico\/wp-content\/uploads\/2023\/02\/ANTOINE-DE-SAINT-EXUPERY-caricatura-300x300.webp 300w, https:\/\/puntocritico.com\/ausajpuntocritico\/wp-content\/uploads\/2023\/02\/ANTOINE-DE-SAINT-EXUPERY-caricatura-150x150.webp 150w, https:\/\/puntocritico.com\/ausajpuntocritico\/wp-content\/uploads\/2023\/02\/ANTOINE-DE-SAINT-EXUPERY-caricatura-768x768.webp 768w, https:\/\/puntocritico.com\/ausajpuntocritico\/wp-content\/uploads\/2023\/02\/ANTOINE-DE-SAINT-EXUPERY-caricatura-610x610.webp 610w\" sizes=\"auto, (max-width: 330px) 100vw, 330px\" \/><\/p>\n<p style=\"text-align: justify;\"><span style=\"font-size: 14pt;\">\u200b<b>Antoine Marie Jean-Baptiste Roger Conde de Saint-Exup\u00e9ry<\/b> (Lyon,\u00a029 de junio\u00a0de\u00a01900\u00a0&#8211;\u00a0Mar Mediterr\u00e1neo, cerca de\u00a0Marsella,\u00a031 de julio\u00a0de\u00a01944), conocido como\u00a0<b>Antoine de Saint-Exup\u00e9ry<\/b>, fue un\u00a0aviador\u00a0y\u00a0escritor\u00a0franc\u00e9s, autor de la famosa obra\u00a0<i>El principito<\/i>.<\/span><sup id=\"cite_ref-td_2-0\" class=\"reference separada\"><\/sup><\/p>\n<p style=\"text-align: justify;\"><span style=\"font-size: 14pt;\">El 29 de junio de 1900 naci\u00f3 el novelista y aviador franc\u00e9s, Antoine de Saint-exup\u00e9ry. Qued\u00f3 hu\u00e9rfano de padre a la temprana edad de 4 a\u00f1os y se crio en el entorno femenino de una familia aristocr\u00e1tica de la ciudad de Lyon (donde su madre trabajaba como enfermera). Termin\u00f3 el bachillerato en 1917, en el colegio marianista\u00a0Villa Saint-Jean\u00a0de Friburgo (Suiza) y, tras ser rechazado en la escuela naval, se hizo piloto cuando estaba cumpliendo el servicio militar en 1921, en\u00a0Estrasburgo.<sup id=\"cite_ref-FOOTNOTESaint-Exup\u00e9ry1967_5-0\" class=\"reference separada\"><\/sup>\u200b<\/span><\/p>\n<p style=\"text-align: justify;\"><span style=\"font-size: 14pt;\">No tard\u00f3 en integrarse en la escuadrilla de pilotos que cubr\u00edan los tramos de \u00abla L\u00ednea\u00bb que transportaba el correo entre Toulouse,\u00a0Barcelona,\u00a0M\u00e1laga,\u00a0Tetu\u00e1n,\u00a0Sahara espa\u00f1ol, hasta las antiguas colonias francesas, en lo que luego ser\u00eda\u00a0Senegal. A finales de 1927 fue destinado como jefe de escala a\u00a0Cabo Juby, entonces bajo administraci\u00f3n espa\u00f1ola, donde inici\u00f3 con cierta constancia su vocaci\u00f3n literaria. En 1928 se traslad\u00f3 a Sudam\u00e9rica. En 1929 se public\u00f3\u00a0<i>Courrier sud<\/i>\u00a0y a finales de 1930\u00a0<i>Vol de nuit<\/i>, que le supuso un gran \u00e9xito al obtener el\u00a0premio Femina; ambas giran en torno a sus experiencias como aviador.<\/span><\/p>\n<p style=\"text-align: justify;\"><span style=\"font-size: 14pt;\">Vivi\u00f3 en\u00a0Concordia,\u00a0Argentina, pero en\u00a0Buenos Aires\u00a0conoci\u00f3 a quien ser\u00eda su esposa, la millonaria salvadore\u00f1a\u00a0Consuelo Sunc\u00edn, fue nombrado director de la empresa\u00a0Aeroposta Argentina, filial de la\u00a0A\u00e9ropostale, donde tuvo la misi\u00f3n de organizar la red de Am\u00e9rica. A partir de 1931, la progresiva\u00a0bancarrota\u00a0de la A\u00e9ropostale puso t\u00e9rmino a uno de los cap\u00edtulos m\u00e1s \u00e9picos de los pioneros de la aviaci\u00f3n, aunque todav\u00eda se extender\u00edan sus haza\u00f1as hasta la revoluci\u00f3n aeron\u00e1utica provocada por la\u00a0Segunda Guerra Mundial.<sup id=\"cite_ref-FOOTNOTECasa1987_6-0\" class=\"reference separada\"><\/sup>\u200b<\/span><\/p>\n<p style=\"text-align: justify;\"><span style=\"font-size: 14pt;\">Desde 1932, Saint-Exup\u00e9ry se consagr\u00f3 al periodismo y la escritura. Hace reportajes sobre la\u00a0Indochina Francesa\u00a0(hoy\u00a0Vietnam) en 1934, sobre\u00a0Mosc\u00fa\u00a0en 1935, y sobre\u00a0Espa\u00f1a\u00a0en 1936, previos al inicio de la\u00a0Guerra Civil. Sin embargo, no dej\u00f3 de volar como\u00a0piloto de pruebas, participando en algunos \u00abraids\u00bb o intentos de r\u00e9cords, que en ocasiones se saldaron con graves accidentes, como el ocurrido en la zona del Sahara vecina a Egipto en 1935.<sup id=\"cite_ref-7\" class=\"reference separada\"><\/sup>\u200b<\/span><\/p>\n<p style=\"text-align: justify;\"><span style=\"font-size: 14pt;\">Sus reflexiones sobre el\u00a0humanismo\u00a0las recogi\u00f3 en\u00a0<i>Terre des hommes<\/i>, publicado en 1939. Ese mismo a\u00f1o, fue movilizado por el\u00a0Ej\u00e9rcito del Aire, como piloto de una\u00a0escuadrilla\u00a0de\u00a0reconocimiento a\u00e9reo, caracterizada por misiones suicidas y estrat\u00e9gicamente absurdas, en pleno arrollador avance alem\u00e1n. Tras el\u00a0armisticio\u00a0forzado por la\u00a0ocupaci\u00f3n alemana de Francia, abandon\u00f3 Francia, y a trav\u00e9s de sus agentes literarios se instal\u00f3 en\u00a0Nueva York\u00a0llegando a participar en alguna de las campa\u00f1as orquestadas para que los estadounidenses entraran en la guerra.<\/span><\/p>\n<p style=\"text-align: justify;\"><span style=\"font-size: 14pt;\">Descontento con su participaci\u00f3n pasiva en el conflicto y habiendo sido rechazado sistem\u00e1ticamente como piloto, por fin, en la primavera de 1944, fue destinado a\u00a0Cerde\u00f1a\u00a0y luego a\u00a0C\u00f3rcega\u00a0en una unidad de reconocimiento fotogr\u00e1fico del frente alem\u00e1n en los proleg\u00f3menos del desembarco aliado en\u00a0Provenza. El 31 de julio de 1944, a las 8:45 horas, Saint-Exup\u00e9ry despeg\u00f3 a bordo de un Lightning P-38 para una misi\u00f3n de reconocimiento sin armamento de una base a\u00e9rea en C\u00f3rcega, con una autonom\u00eda de vuelo de seis horas, sobre los movimientos de las tropas alemanas en el valle del\u00a0R\u00f3dano\u00a0poco antes de la invasi\u00f3n aliada del sur de Francia. No regres\u00f3 jam\u00e1s.<\/span><\/p>\n<p style=\"text-align: right;\"><a href=\"https:\/\/es.wikipedia.org\/wiki\/Antoine_de_Saint-Exup%C3%A9ry\" target=\"_blank\" rel=\"noopener\"><span style=\"font-size: 14pt;\">Wikipedia<\/span><\/a><\/p>\n<\/blockquote>\n<p><img loading=\"lazy\" decoding=\"async\" class=\"aligncenter wp-image-2266637\" src=\"https:\/\/puntocritico.com\/ausajpuntocritico\/wp-content\/uploads\/2023\/02\/article-perfiles-exupery-5625023e38e9a.jpeg\" alt=\"\" width=\"480\" height=\"276\" data-id=\"2266637\" srcset=\"https:\/\/puntocritico.com\/ausajpuntocritico\/wp-content\/uploads\/2023\/02\/article-perfiles-exupery-5625023e38e9a.jpeg 1000w, https:\/\/puntocritico.com\/ausajpuntocritico\/wp-content\/uploads\/2023\/02\/article-perfiles-exupery-5625023e38e9a-300x173.jpeg 300w, https:\/\/puntocritico.com\/ausajpuntocritico\/wp-content\/uploads\/2023\/02\/article-perfiles-exupery-5625023e38e9a-768x442.jpeg 768w, https:\/\/puntocritico.com\/ausajpuntocritico\/wp-content\/uploads\/2023\/02\/article-perfiles-exupery-5625023e38e9a-610x351.jpeg 610w\" sizes=\"auto, (max-width: 480px) 100vw, 480px\" \/><\/p>\n<p>&nbsp;<\/p>\n<p><a href=\"https:\/\/puntocritico.com\/ausajpuntocritico\/author\/punto-critico\/\" target=\"_blank\" rel=\"noopener\"><img loading=\"lazy\" decoding=\"async\" class=\"aligncenter wp-image-9528\" src=\"https:\/\/puntocritico.com\/ausajpuntocritico\/wp-content\/uploads\/2018\/03\/Mosca_Punto_Cr\u00edtico_40.png\" alt=\"\" width=\"80\" height=\"80\" data-id=\"9528\" \/><\/a><\/p>\n<p>&nbsp;<\/p>\n","protected":false},"excerpt":{"rendered":"<div class=\"mh-excerpt\"><p>&nbsp; ES NECESARIO BUSCAR CON EL CORAZ\u00d3N, por Antoine de Saint-Exup\u00e9ry \u201cHe aqu\u00ed mi secreto. Es muy simple: no se ve bien sino con el coraz\u00f3n. Lo esencial es invisible a los ojos.\u00a0Es necesario buscar <a class=\"mh-excerpt-more\" href=\"https:\/\/puntocritico.com\/ausajpuntocritico\/2023\/02\/13\/es-necesario-buscar-con-el-corazon-por-antoine-de-saint-exupery\/\" title=\"ES NECESARIO BUSCAR CON EL CORAZ\u00d3N, por Antoine de Saint-Exup\u00e9ry\">[&#8230;]<\/a><\/p>\n<\/div>","protected":false},"author":3,"featured_media":2266646,"comment_status":"open","ping_status":"closed","sticky":false,"template":"","format":"standard","meta":{"_acf_changed":false,"_exactmetrics_skip_tracking":false,"_exactmetrics_sitenote_active":false,"_exactmetrics_sitenote_note":"","_exactmetrics_sitenote_category":0,"footnotes":""},"categories":[15],"tags":[],"class_list":{"0":"post-2265194","1":"post","2":"type-post","3":"status-publish","4":"format-standard","5":"has-post-thumbnail","7":"category-sabiduria_perenne"},"acf":[],"_links":{"self":[{"href":"https:\/\/puntocritico.com\/ausajpuntocritico\/wp-json\/wp\/v2\/posts\/2265194","targetHints":{"allow":["GET"]}}],"collection":[{"href":"https:\/\/puntocritico.com\/ausajpuntocritico\/wp-json\/wp\/v2\/posts"}],"about":[{"href":"https:\/\/puntocritico.com\/ausajpuntocritico\/wp-json\/wp\/v2\/types\/post"}],"author":[{"embeddable":true,"href":"https:\/\/puntocritico.com\/ausajpuntocritico\/wp-json\/wp\/v2\/users\/3"}],"replies":[{"embeddable":true,"href":"https:\/\/puntocritico.com\/ausajpuntocritico\/wp-json\/wp\/v2\/comments?post=2265194"}],"version-history":[{"count":0,"href":"https:\/\/puntocritico.com\/ausajpuntocritico\/wp-json\/wp\/v2\/posts\/2265194\/revisions"}],"wp:featuredmedia":[{"embeddable":true,"href":"https:\/\/puntocritico.com\/ausajpuntocritico\/wp-json\/wp\/v2\/media\/2266646"}],"wp:attachment":[{"href":"https:\/\/puntocritico.com\/ausajpuntocritico\/wp-json\/wp\/v2\/media?parent=2265194"}],"wp:term":[{"taxonomy":"category","embeddable":true,"href":"https:\/\/puntocritico.com\/ausajpuntocritico\/wp-json\/wp\/v2\/categories?post=2265194"},{"taxonomy":"post_tag","embeddable":true,"href":"https:\/\/puntocritico.com\/ausajpuntocritico\/wp-json\/wp\/v2\/tags?post=2265194"}],"curies":[{"name":"wp","href":"https:\/\/api.w.org\/{rel}","templated":true}]}}