{"id":2264817,"date":"2023-04-22T00:05:22","date_gmt":"2023-04-21T22:05:22","guid":{"rendered":"https:\/\/puntocritico.com\/ausajpuntocritico\/?p=2264817"},"modified":"2025-01-09T17:58:11","modified_gmt":"2025-01-09T16:58:11","slug":"corrupta-roma","status":"publish","type":"post","link":"https:\/\/puntocritico.com\/ausajpuntocritico\/2023\/04\/22\/corrupta-roma\/","title":{"rendered":"CORRUPTA ROMA. \u00abEl Imperio corrupto y sanguinario, que sigue vivo en la Pol\u00edtica de hoy\u00bb."},"content":{"rendered":"<h2 style=\"text-align: justify;\"><span style=\"font-size: 14pt; color: #008000;\">CORRUPTA ROMA<\/span><\/h2>\n<p style=\"text-align: right;\" align=\"center\"><em>\u00abLos que roban a un particular pasan la vida entre esposas y grilletes; los que roban al estado, entre oro y p\u00farpura\u00bb.<\/em><\/p>\n<p style=\"text-align: right;\" align=\"center\"><strong>Marco Porcio Cat\u00f3n<\/strong><\/p>\n<p>&nbsp;<\/p>\n<div class=\"et_pb_module et_pb_text et_pb_text_1  et_pb_text_align_left et_pb_bg_layout_light\">\n<div class=\"et_pb_text_inner\">\n<blockquote>\n<h2 style=\"text-align: center;\"><span style=\"font-size: 24pt;\">SIGLO I A.C. CAMBALACHE: LA CORRUPCI\u00d3N EN ROMA<\/span><\/h2>\n<p style=\"text-align: justify;\"><span style=\"font-size: 14pt;\">Por Valent\u00edn Pennella y Juan Zaietz<\/span><\/p>\n<\/blockquote>\n<\/div>\n<\/div>\n<blockquote>\n<div class=\"et_pb_with_border et_pb_module et_pb_text et_pb_text_2  et_pb_text_align_justified et_pb_bg_layout_light\">\n<div class=\"et_pb_text_inner\">\n<p style=\"text-align: justify;\"><span style=\"font-size: 14pt;\"><a href=\"https:\/\/urbe.com.ar\/revista\/siglo-i-a-c-cambalache-la-corrupcion-en-roma\/\" target=\"_blank\" rel=\"noopener\">URBE<\/a>, 18 de febrero de 2023<\/span><\/p>\n<\/div>\n<\/div>\n<p><a href=\"https:\/\/puntocritico.com\/ausajpuntocritico\/2021\/05\/19\/los-ciclos-y-el-ritmo-de-la-historia-el-final-de-la-republica-romana-por-emilio-de-miguel-calabia\/\"><img loading=\"lazy\" decoding=\"async\" class=\"aligncenter wp-image-2268607 size-mh-magazine-content\" src=\"https:\/\/puntocritico.com\/ausajpuntocritico\/wp-content\/uploads\/2023\/03\/ROMA-4-678x381.webp\" alt=\"\" width=\"678\" height=\"381\" data-id=\"2268607\" \/><\/a><\/p>\n<p>&nbsp;<\/p>\n<div class=\"et_pb_module et_pb_text et_pb_text_4  et_pb_text_align_left et_pb_bg_layout_light\">\n<div class=\"et_pb_text_inner\">\n<p style=\"text-align: justify;\"><span style=\"font-size: 14pt;\">\u201cQue siempre ha habido chorros, maquiavelos y estafaos\u201d\u00a0<a href=\"https:\/\/www.youtube.com\/watch?v=vH6_jzFlkFg\" target=\"_blank\" rel=\"noopener\" data-schema-attribute=\"\">escribi\u00f3 Disc\u00e9polo<\/a>, y no hay que saber de tango para estar de acuerdo.\u00a0<b>La corrupci\u00f3n, lejos de ser un asunto moderno, existi\u00f3 durante toda la historia<\/b>, \u201cen el 506 y en el 2000 tambi\u00e9n\u201d, desde la Antig\u00fcedad hasta el siglo XX que retrata la canci\u00f3n. En este sentido veremos los casos de Cayo Verres y Gneo Plancio, dos romanos que, cada uno a su forma, justifican los dichos de Discepol\u00edn. A trav\u00e9s de estas historias, queremos explorar qu\u00e9 ha cambiado en la corrupci\u00f3n a lo largo de la historia y qu\u00e9 se ha mantenido igual.<\/span><\/p>\n<h3 style=\"text-align: center;\"><span style=\"font-size: 18pt;\"><strong>M\u00e1s viejo que la injusticia: Cayo Verres<\/strong><\/span><\/h3>\n<p style=\"text-align: justify;\"><span style=\"font-size: 14pt;\">Viajemos al 80 a.C. en Roma, tiempo antes del Coliseo, del Pante\u00f3n, de Augusto, <a href=\"https:\/\/puntocritico.com\/ausajpuntocritico\/2022\/06\/11\/caligula-albert-camus\/\">Cal\u00edgula<\/a>, Constantino y toda esa gente. Este a\u00f1o\u00a0<b>Cayo Verres<\/b>, nuestro protagonista, fue electo cuestor de la Rep\u00fablica, un cargo que entre otras cosas se encargaba de cobrar los impuestos y dar cuenta de las salidas y entradas de dinero al erario p\u00fablico. Ejerci\u00f3 en la provincia de Asia (actual Turqu\u00eda), de la cual\u00a0<b>Cneo Cornelio Dolabela, su futuro c\u00f3mplice, era gobernador<\/b>. Terreno perfecto para hacer negocios: un cargo administrativo en una provincia lejana. Juntos,\u00a0<b>saquearon la provincia durante dos a\u00f1os<\/b>, hasta que en el 78 a.C. Dolabela fue llamado a Roma a declarar por malversaci\u00f3n de fondos. Verres, que por supuesto era igual de culpable,\u00a0<b>fue absuelto por presentar pruebas en contra de su antiguo socio<\/b>. Se hab\u00eda salido con la suya vendiendo a su colega.<\/span><\/p>\n<p style=\"text-align: justify;\"><span style=\"font-size: 14pt;\">Pasado este incidente, Verres sigui\u00f3 el\u00a0<a href=\"https:\/\/es.wikipedia.org\/wiki\/Cursus_honorum\" target=\"_blank\" rel=\"noopener\" data-schema-attribute=\"\"><i>cursus honorum<\/i><\/a>, o la \u201ccarrera de honores\u201d, que era el orden l\u00f3gico de cargos que segu\u00edan los pol\u00edticos romanos hasta alcanzar el consulado, la m\u00e1s alta magistratura. As\u00ed fue como nuestro protagonista\u00a0<b>fue electo pretor y luego propretor<\/b>. En Roma, los cargos que empiezan con \u201cpro\u201d se les daban a los pol\u00edticos una vez cumplido su mandato, para ejercer como gobernadores de una provincia durante el a\u00f1o siguiente. El objetivo era no elegir tantos magistrados por a\u00f1o. As\u00ed, los c\u00f3nsules se convert\u00edan en proc\u00f3nsules, los cuestores en procuestores y los pretores, como Verres, en propretores. Dicho en criollo, es como si en la actualidad a los diputados y senadores m\u00e1s importantes se les ofreciera, una vez cumplidos los 4 a\u00f1os, extender su mandato como gobernadores de una provincia.<b>\u00a0Sicilia<\/b>, la tierra de Vito Corleone, fue el escenario de los delitos de Verres.<\/span><\/p>\n<\/div>\n<\/div>\n<p>&nbsp;<\/p>\n<figure id=\"attachment_2268612\" aria-describedby=\"caption-attachment-2268612\" style=\"width: 300px\" class=\"wp-caption aligncenter\"><a href=\"https:\/\/puntocritico.com\/ausajpuntocritico\/2022\/10\/03\/las-doce-tablas-como-los-plebeyos-tuvieron-que-insistir-durante-anos-para-poner-por-escrito-las-primeras-leyes-de-roma\/\"><img loading=\"lazy\" decoding=\"async\" class=\"wp-image-2268612\" src=\"https:\/\/puntocritico.com\/ausajpuntocritico\/wp-content\/uploads\/2023\/03\/Magistraturas-romanas.jpg\" alt=\"\" width=\"300\" height=\"488\" data-id=\"2268612\" srcset=\"https:\/\/puntocritico.com\/ausajpuntocritico\/wp-content\/uploads\/2023\/03\/Magistraturas-romanas.jpg 462w, https:\/\/puntocritico.com\/ausajpuntocritico\/wp-content\/uploads\/2023\/03\/Magistraturas-romanas-184x300.jpg 184w\" sizes=\"auto, (max-width: 300px) 100vw, 300px\" \/><\/a><figcaption id=\"caption-attachment-2268612\" class=\"wp-caption-text\"><span style=\"color: #008000;\">Orden habitual de las magistraturas en el cursus honorum.<\/span><\/figcaption><\/figure>\n<div class=\"et_pb_module et_pb_image et_pb_image_1\">\u00a0<\/div>\n<div class=\"et_pb_module et_pb_text et_pb_text_6  et_pb_text_align_left et_pb_bg_layout_light\">\n<div class=\"et_pb_text_inner\">\n<p style=\"text-align: justify;\"><span style=\"font-size: 14pt;\">Ya como gobernante de la isla del sur, Verres despleg\u00f3 todos sus mecanismos para aumentar su patrimonio, algunos tan burdos como el\u00a0<b>saqueo de las propiedades de los terratenientes m\u00e1s ricos, robando sus obras de arte<\/b>, por las cuales ten\u00eda predilecci\u00f3n. A trav\u00e9s de una pol\u00edtica fiscal excesiva asfixi\u00f3 a los campesinos de una de las regiones m\u00e1s ricas de la Rep\u00fablica. Pero tambi\u00e9n implement\u00f3 algunas estrategias m\u00e1s astutas. La\u00a0<a href=\"https:\/\/es.wikipedia.org\/wiki\/Tercera_guerra_servil\" target=\"_blank\" rel=\"noopener\" data-schema-attribute=\"\">Tercera Guerra Servil<\/a>\u00a0fue el \u00faltimo de los grandes levantamientos de esclavos en Roma. Se trataba de una banda de esclavos fugitivos y armados liderados por Espartaco, que deambulaban por Italia, asalt\u00e1ndola. En este contexto, Verres acus\u00f3 infundadamente a los esclavos de los terratenientes ricos de unirse a la revuelta, conden\u00e1ndolos a muerte. De esta forma,\u00a0<b>cobr\u00f3 los sobornos que los terratenientes tuvieron que pagarle para no perder a sus esclavos<\/b>. Inventar una causa para cobrar los sobornos. Hay algunas que no pasan de moda.<\/span><\/p>\n<p style=\"text-align: justify;\"><span style=\"font-size: 14pt;\">En el 70 a.C.,<b>\u00a0Verres fue enjuiciado por sus delitos<\/b>. Para su defensa, contrat\u00f3 a Hortensio, uno de los m\u00e1s prestigiosos abogados de Roma. Para mala suerte de ambos, el encargado de defender al pueblo siciliano fue nada m\u00e1s y nada menos que\u00a0<b>Cicer\u00f3n<\/b>, ampliamente reconocido como uno de los m\u00e1s grandes oradores de la historia. Cicer\u00f3n hab\u00eda sido cuestor en Sicilia cinco a\u00f1os antes, y se encontraba en pleno ascenso pol\u00edtico. A\u00f1os despu\u00e9s llegar\u00eda a ser c\u00f3nsul y a convertirse en uno de los hombres m\u00e1s poderosos de la pol\u00edtica romana. No muy lejos de Verres, su fortuna tambi\u00e9n fue adquirida en base a sus cargos p\u00fablicos. Los discursos elaborados por Cicer\u00f3n durante el juicio a Verres fueron compilados en unos textos conocidos como las Verrinas.<\/span><\/p>\n<p>&nbsp;<\/p>\n<p><figure id=\"attachment_2268608\" aria-describedby=\"caption-attachment-2268608\" style=\"width: 678px\" class=\"wp-caption aligncenter\"><img loading=\"lazy\" decoding=\"async\" class=\"wp-image-2268608 size-mh-magazine-content\" src=\"https:\/\/puntocritico.com\/ausajpuntocritico\/wp-content\/uploads\/2023\/03\/ROMA-3-678x381.webp\" alt=\"\" width=\"678\" height=\"381\" data-id=\"2268608\" \/><figcaption id=\"caption-attachment-2268608\" class=\"wp-caption-text\"><span style=\"color: #008000;\">\u00abBusto de Cicer\u00f3n\u00bb, en los Museos Capitonlinos, Roma.<\/span><\/figcaption><\/figure>\n<\/div>\n<\/div>\n<div class=\"et_pb_module et_pb_image et_pb_image_2\">\u00a0<\/div>\n<div class=\"et_pb_with_border et_pb_module et_pb_text et_pb_text_7  et_pb_text_align_left et_pb_bg_layout_light\">\n<div class=\"et_pb_text_inner\">\n<p style=\"text-align: justify;\"><em>\u00a0<\/em><span style=\"font-size: 14pt; text-align: justify;\">Desplegando sus dotes ret\u00f3ricos, Cicer\u00f3n destruy\u00f3 cualquier ilusi\u00f3n del acusado.\u00a0<\/span><i style=\"font-size: 14pt; text-align: justify;\">\u201cEn verdad hemos tra\u00eddo ante vuestro tribunal, no a un ladr\u00f3n, sino a un saqueador, no a un ad\u00faltero, sino a un salteador del pudor, no a un sacr\u00edlego, sino a un enemigo de lo sagrado y de todo lo que sea religi\u00f3n, no a un asesino profesional, sino al m\u00e1s cruel carnicero de ciudadanos y aliados; de forma que, a mi parecer,\u00a0<\/i><b style=\"font-size: 14pt; text-align: justify;\"><i>no ha habido, desde que los hombres pueden recordar, otro reo de tales caracter\u00edsticas a quien hubiera que condenar<\/i><\/b><i style=\"font-size: 14pt; text-align: justify;\">\u201d<\/i><span style=\"font-size: 14pt; text-align: justify;\">\u00a0(p. 274).<\/span><i style=\"font-size: 14pt; text-align: justify;\">\u00a0<\/i><\/p>\n<\/div>\n<\/div>\n<div class=\"et_pb_module et_pb_text et_pb_text_8  et_pb_text_align_left et_pb_bg_layout_light\">\n<div class=\"et_pb_text_inner\">\n<p style=\"text-align: justify;\"><span style=\"font-size: 14pt;\">La estrategia de Cicer\u00f3n en el discurso fue\u00a0<b>demostrar el car\u00e1cter singular del acusado<\/b>, haciendo hincapi\u00e9 en su falta completa de moral:\u00a0<i>\u201cSu naturaleza monstruosa e inhumana reclama alguna pena excepcional\u201d<\/i>\u00a0(p. 273). Se trata de un criminal fuera de lo com\u00fan, que ha robado como nadie en la historia: \u201c<b><i>si se amontonaran en un solo lugar los cr\u00edmenes, robos y hechos vergonzosos de todos los condenados hasta ahora, apenas podr\u00edan igualarse ni compararse con una peque\u00f1a parte de los de este<\/i><\/b><i>\u201d<\/i>\u00a0(p. 280).<\/span><\/p>\n<p style=\"text-align: justify;\"><span style=\"font-size: 14pt;\">Para concluir su discurso, Cicer\u00f3n se dirigi\u00f3 a Hortensio, el abogado defensor de Verres. En una clase magistral de ret\u00f3rica, le pregunt\u00f3 a este por qu\u00e9 hab\u00eda tomado el caso, pues seg\u00fan \u00e9l la s\u00f3la decisi\u00f3n de defender a semejante criminal deshonraba al abogado. Cicer\u00f3n invoca a Craso y Antonio, a quienes consideraba los mejores oradores de su \u00e9poca (s\u00ed, Cicer\u00f3n ten\u00eda oradores favoritos. Los \u00eddolos tambi\u00e9n tienen \u00eddolos, como Messi con Pablito Aimar). As\u00ed conclu\u00eda el discurso:\u00a0<i>\u201c\u00bfQu\u00e9 har\u00edan con tal hombre y con una causa as\u00ed todos los Crasos y Antonios? Creo, Hortensio, que s\u00f3lo esto: no se encargar\u00edan de la defensa para no perder su fama de honestidad, su verg\u00fcenza en la desverg\u00fcenza de otro. En efecto, acud\u00edan a las causas libres e independientes, y\u00a0 no dejaban, si\u00a0 no quer\u00edan ser imprudentes encarg\u00e1ndose de la defensa, que aparecieran como ingratos si la abandonaban\u201d<\/i>\u00a0(p. 448).<\/span><\/p>\n<p style=\"text-align: justify;\"><span style=\"font-size: 14pt;\">Tras el contundente discurso, Hortensio, su abogado defensor,\u00a0<b>recomend\u00f3 a Verres que se exiliara<\/b>. Y as\u00ed lo hizo.<\/span><\/p>\n<p>&nbsp;<\/p>\n<\/div>\n<\/div>\n<div class=\"et_pb_module et_pb_text et_pb_text_9  et_pb_text_align_left et_pb_bg_layout_light\">\n<div class=\"et_pb_text_inner\">\n<h3 style=\"text-align: center;\"><span style=\"font-size: 18pt;\"><strong>Vienen por el\u00a0<em>panem\u00a0<\/em>y el\u00a0<em>vinum<\/em>: Gneo Plancio\u00a0<\/strong><\/span><\/h3>\n<p style=\"text-align: justify;\"><span style=\"font-size: 14pt;\">Al igual que cualquier ma\u00f1ana,\u00a0<b>Plancio<\/b>\u00a0se levant\u00f3, desayun\u00f3 de forma apurada un poco de pan y, vistiendo sus mejores ropas, se dirigi\u00f3 hacia la plaza central de su ciudad, si es que a un par de manzanas se le puede decir ciudad. All\u00ed encontr\u00f3 los veh\u00edculos que lo llevar\u00edan a\u00a0la capital y la comida para la gente.\u00a0En efecto, lo acompa\u00f1ar\u00edan pr\u00e1cticamente todos los habitantes de su pueblo y sus alrededores, que\u00a0<b>en un par de horas votar\u00edan por \u00e9l en las elecciones<\/b>, con sus panzas llenas.<\/span><\/p>\n<p style=\"text-align: justify;\"><span style=\"font-size: 14pt;\">Aunque no lo parezca, no estamos hablando de un puntero de una municipalidad cualquiera, encargado de movilizar en micros a la poblaci\u00f3n de un pueblo perdido en la profundidad de un moderno pa\u00eds, sino de la Rep\u00fablica Romana. Gneo Plancio naci\u00f3 en Atinia, un pueblo it\u00e1lico con poco m\u00e1s de 4000 habitantes actualmente. En el a\u00f1o 54 a.C. gast\u00f3 su billetera y\u00a0<b>movi\u00f3 sus redes de contactos para llevar votantes a Roma,<\/b>\u00a0<b>hasta transformar su regi\u00f3n en una suerte de pueblo fantasma<\/b>\u00a0durante unos d\u00edas. Repartiendo pan y vino, la versi\u00f3n retro del chori y la coca, consigui\u00f3 un codiciado batall\u00f3n de manitos de yeso que votaran por su persona\u00a0en los comicios.\u00a0<\/span><\/p>\n<p style=\"text-align: justify;\"><span style=\"font-size: 14pt;\">El m\u00e9todo de elecci\u00f3n dominante en la Rep\u00fablica Romana fueron los\u00a0<b>comicios centuriados<\/b>. Estos, si bien ten\u00edan una fachada democr\u00e1tica,\u00a0<b>permit\u00eda a los sectores m\u00e1s pudientes imponer sus deseos sin siquiera consultar a la plebe<\/b>. B\u00e1sicamente, si los patricios y los<i>\u00a0equites<\/i>\u00a0(plebeyos ricos) llegaban a un acuerdo, pod\u00edan controlar quienes ocupar\u00edan los cargos de mayor prestigio,\u00a0dejando de lado a los plebeyos.<\/span><\/p>\n<p style=\"text-align: justify;\"><span style=\"font-size: 14pt;\">Ahora bien,\u00a0<b>los cargos menores se eleg\u00edan mediante un plebiscito<\/b>\u00a0sucedido en los llamados\u00a0<b><i>Comitia Tributa\u00a0<\/i><\/b><b>o<\/b>\u00a0<b>asambleas tribales<\/b>. All\u00ed los magnates no sol\u00edan abundar ya que las funciones repartidas\u00a0se encontraban fuera de su mirada codiciosa. Este vac\u00edo era la raz\u00f3n de por qu\u00e9 Plancio apunt\u00f3 a una de sus magistraturas.\u00a0<b>Fue nombrado edil curul<\/b>, uno de los encargados de controlar el orden p\u00fablico en la ciudad de Roma y administrar los pesos en los mercados de la urbe. Sin embargo\u00a0\u00e9sta no fue la \u00fanica responsabilidad que tuvo el it\u00e1lico, sino que 4 a\u00f1os antes, en el 58 a.C., se hab\u00eda encargado de cuidar y administrar los bienes p\u00fablicos de Macedonia, ocupando el puesto de cuestor. No obstante, m\u00e1s all\u00e1 de todas las dudas que pudo generar nuestro protagonista con su administraci\u00f3n de los fondos macedonios,\u00a0<b>sus problemas judiciales sucedieron producto de su victoria en las elecciones<\/b>.\u00a0<\/span><\/p>\n<p style=\"text-align: justify;\"><span style=\"font-size: 14pt;\"><b>Juvencio Laterense<\/b>, un competidor al mismo cargo nacido en una familia prestigiosa de Roma,\u00a0<b>le hizo un juicio a Plancio, alegando que \u00e9ste hab\u00eda ama\u00f1ado la elecci\u00f3n<\/b>, ya que no ten\u00eda sentido que un italiano originario de un pueblo del interior pudiera vencer a un capitalino de pura cepa. Plancio pudo ganar el proceso ya que\u00a0<b>su defensa fue dirigida por su amigo personal, el ya mencionado Cicer\u00f3n<\/b>, que por esos a\u00f1os ya hab\u00eda disfrutado de la gloria del\u00a0<i>cursus honorum<\/i>.<\/span><\/p>\n<p>&nbsp;<\/p>\n<p><figure id=\"attachment_2268610\" aria-describedby=\"caption-attachment-2268610\" style=\"width: 678px\" class=\"wp-caption aligncenter\"><img loading=\"lazy\" decoding=\"async\" class=\"wp-image-2268610 size-mh-magazine-content\" src=\"https:\/\/puntocritico.com\/ausajpuntocritico\/wp-content\/uploads\/2023\/03\/ROMA-1-678x381.webp\" alt=\"\" width=\"678\" height=\"381\" data-id=\"2268610\" \/><figcaption id=\"caption-attachment-2268610\" class=\"wp-caption-text\"><span style=\"color: #008000;\">\u201cCicer\u00f3n denuncia a Catilina\u201d, del pintor italiano Cesare Maccari, 1880, Palazzo Madama, Roma.<\/span><\/figcaption><\/figure>\n<\/div>\n<\/div>\n<div class=\"et_pb_module et_pb_image et_pb_image_4\">\u00a0<\/div>\n<div class=\"et_pb_with_border et_pb_module et_pb_text et_pb_text_10  et_pb_text_align_left et_pb_bg_layout_light\">\n<div class=\"et_pb_text_inner\" style=\"text-align: justify;\"><em>\u00a0<\/em><span style=\"font-size: 14pt; text-align: justify;\">En la audaz defensa, Cicer\u00f3n entendi\u00f3 que las elecciones populares, m\u00e1s que basarse en el m\u00e9rito, est\u00e1n ligadas al amor del pueblo hacia los candidatos en cuesti\u00f3n. Dicho en el vocabulario antipopular que siempre lo caracteriz\u00f3,\u00a0<\/span><i style=\"font-size: 14pt; text-align: justify;\">\u201cEl pueblo es siempre juez injusto del m\u00e9rito personal, porque lo envidia \u00f3 lo admira\u201d<\/i><span style=\"font-size: 14pt; text-align: justify;\">\u00a0y as\u00ed es como entiende que\u00a0<\/span><i style=\"font-size: 14pt; text-align: justify;\">\u201c<\/i><b style=\"font-size: 14pt; text-align: justify;\"><i>Plancio te ha vencido en la elecci\u00f3n por el afecto<\/i><\/b><i style=\"font-size: 14pt; text-align: justify;\">, no solo de su municipio, sino de los colindantes\u201d<\/i><span style=\"font-size: 14pt; text-align: justify;\">. Ahora bien, \u00bfqui\u00e9n es esta gente a la cual Cicer\u00f3n hace referencia y por qu\u00e9 amaba tanto a Plancio?<\/span><\/div>\n<\/div>\n<div class=\"et_pb_module et_pb_text et_pb_text_11  et_pb_text_align_left et_pb_bg_layout_light\">\n<div class=\"et_pb_text_inner\">\n<p style=\"text-align: justify;\"><span style=\"font-size: 14pt;\">Por lo general cuando imaginamos a un romano del com\u00fan pensamos en unos togados en finas telas que gozaban de los desarrollos t\u00e9cnicos latinos como los acueductos, ba\u00f1os p\u00fablicos o la\u00a0<a href=\"https:\/\/es.wikipedia.org\/wiki\/Hipocausto\" target=\"_blank\" rel=\"noopener\" data-schema-attribute=\"\">losa radiante<\/a>. Sin embargo, dentro de los movilizados por Plancio no solo encontramos sujetos de la alta alcurnia it\u00e1lica sino tambi\u00e9n individuos de bajos recursos. Estos \u00faltimos no estaban motorizados \u00fanicamente por el amor sino por una forma de vinculaci\u00f3n un poquito menos amorosa y m\u00e1s extorsiva llamada\u00a0<b>patronazgo<\/b>.\u00a0<\/span><\/p>\n<p style=\"text-align: justify;\"><span style=\"font-size: 14pt;\">Esta forma de relaci\u00f3n de poder desigual y explotativa consist\u00eda en un\u00a0<b>v\u00ednculo asim\u00e9trico entre patr\u00f3n y cliente<\/b>, el cual sol\u00eda ser hereditario. Este cliente (el plebeyo pobre) escoltaba a su patr\u00f3n, votaba por \u00e9l en los comicios y le daba apoyo pol\u00edtico y prestigio social. Por su parte, el patrono era un sujeto enriquecido, la mayor\u00eda de las veces patricio, que se encargaba de dar apoyo legal a sus clientes, pr\u00e9stamos, alimentos y herramientas de trabajo.<\/span><\/p>\n<p>&nbsp;<\/p>\n<figure id=\"attachment_2268606\" aria-describedby=\"caption-attachment-2268606\" style=\"width: 678px\" class=\"wp-caption aligncenter\"><img loading=\"lazy\" decoding=\"async\" class=\"wp-image-2268606 size-mh-magazine-content\" src=\"https:\/\/puntocritico.com\/ausajpuntocritico\/wp-content\/uploads\/2023\/03\/ROMA-5-678x381.webp\" alt=\"\" width=\"678\" height=\"381\" data-id=\"2268606\" \/><figcaption id=\"caption-attachment-2268606\" class=\"wp-caption-text\"><span style=\"color: #008000;\">Campesino romano utilizando el arado, Museo de Las Encartaciones, Espa\u00f1a.<\/span><\/figcaption><\/figure>\n<p style=\"text-align: justify;\"><span style=\"font-size: 14pt; text-align: justify;\">En general, la gente del com\u00fan no se involucraba por motus propio en estas relaciones desiguales sino como producto del propio funcionamiento de la sociedad. Los <\/span><b style=\"font-size: 14pt; text-align: justify;\">sectores populares rurales<\/b><span style=\"font-size: 14pt; text-align: justify;\">\u00a0depend\u00edan en su mayor\u00eda de la producci\u00f3n de sus\u00a0<\/span><b style=\"font-size: 14pt; text-align: justify;\">muy escasas tierras<\/b><span style=\"font-size: 14pt; text-align: justify;\">, que rondaban entre las 5 a 10\u00a0<\/span><i style=\"font-size: 14pt; text-align: justify;\">iugeras<\/i><span style=\"font-size: 14pt; text-align: justify;\"> (1,25 a 2,5 ha respectivamente). Para tener un punto de referencia, el campesino promedio ateniense, que sol\u00eda tener un aceptable nivel de vida para los par\u00e1metros antiguos, pose\u00eda una propiedad de entre 3,6 y 5,4 ha y a veces tambi\u00e9n un esclavo.<\/span><\/p>\n<\/div>\n<\/div>\n<div class=\"et_pb_with_border et_pb_module et_pb_text et_pb_text_12  et_pb_text_align_left et_pb_bg_layout_light\">\n<div class=\"et_pb_text_inner\" style=\"text-align: justify;\"><span style=\"font-size: 14pt;\">Saliendo de esta comparaci\u00f3n, el maltrecho campesinado de la pen\u00ednsula it\u00e1lica enfrentaba dificultades severas, ya que estamos hablando de una \u00e9poca donde Monsanto y las semillas transg\u00e9nicas todav\u00eda no hab\u00edan comenzado a realizar sus primeros pasos.\u00a0El m\u00e1s m\u00ednimo inconveniente, ya sea clim\u00e1tico, de plagas o la enfermedad de un miembro de la familia (que dejaba de aportar como mano de obra al hogar) pod\u00eda ser catastr\u00f3fico. Ante estas adversidades\u00a0<\/span><b style=\"font-size: 14pt;\">los sectores subalternos pod\u00edan endeudarse<\/b><span style=\"font-size: 14pt;\">, no con vistas a realizar inversiones financieras o productivas, sino con el simple objetivo de llegar vivos a la pr\u00f3xima primavera.\u00a0<\/span><\/div>\n<\/div>\n<div class=\"et_pb_module et_pb_text et_pb_text_13  et_pb_text_align_left et_pb_bg_layout_light\">\n<div class=\"et_pb_text_inner\">\n<p>&nbsp;<\/p>\n<p><figure id=\"attachment_2268611\" aria-describedby=\"caption-attachment-2268611\" style=\"width: 678px\" class=\"wp-caption aligncenter\"><img loading=\"lazy\" decoding=\"async\" class=\"wp-image-2268611 size-mh-magazine-content\" src=\"https:\/\/puntocritico.com\/ausajpuntocritico\/wp-content\/uploads\/2023\/03\/ROMA-6-678x381.webp\" alt=\"\" width=\"678\" height=\"381\" data-id=\"2268611\" \/><figcaption id=\"caption-attachment-2268611\" class=\"wp-caption-text\"><span style=\"color: #008000;\">Representaci\u00f3n del clientelismo por el pintor neerland\u00e9s Lawrence Alma-Tadema (1836-1912).<\/span><\/figcaption><\/figure>\n<\/div>\n<\/div>\n<div class=\"et_pb_module et_pb_image et_pb_image_6\">\u00a0<\/div>\n<div class=\"et_pb_with_border et_pb_module et_pb_text et_pb_text_14  et_pb_text_align_left et_pb_bg_layout_light\">\n<div class=\"et_pb_text_inner\" style=\"text-align: justify;\"><em>\u00a0<\/em><span style=\"font-size: 14pt; text-align: justify;\">Y ac\u00e1 es donde se comienza a enturbiar la situaci\u00f3n de los m\u00e1s desfavorecidos. Si estos no lograban saldar sus deudas a tiempo, pod\u00edan ser sometidos al\u00a0<\/span><b style=\"font-size: 14pt; text-align: justify;\"><i>nexum<\/i><\/b><b style=\"font-size: 14pt; text-align: justify;\">\u00a0(esclavitud por deudas)<\/b><span style=\"font-size: 14pt; text-align: justify;\">. Hasta el 326 a.C., con la\u00a0<\/span><i style=\"font-size: 14pt; text-align: justify;\">Ley Poetelia<\/i><span style=\"font-size: 14pt; text-align: justify;\">, esta pr\u00e1ctica fue legal seg\u00fan la propia legislaci\u00f3n romana, siempre tan amable con los que menos ten\u00edan. Sin embargo dicha pr\u00e1ctica continu\u00f3 replic\u00e1ndose de forma il\u00edcita hasta los a\u00f1os de Plancio y posteriores. La amenaza de muerte o perder la libertad explican por qu\u00e9 los campesinos, que solo buscaban subsistir de la mejor manera posible,\u00a0<\/span><b style=\"font-size: 14pt; text-align: justify;\">se sumerg\u00edan en una relaci\u00f3n desigual con un patr\u00f3n que pudiera solventar problemas financieros a cambio de una lealtad y apoyo incondicional<\/b><span style=\"font-size: 14pt; text-align: justify;\">. Se puede decir entonces que Plancio no moviliz\u00f3 exclusivamente a individuos que lo segu\u00edan por convicci\u00f3n y amor sino porque este hab\u00eda aprovechado sus condiciones paup\u00e9rrimas de vida para beneficiarse pol\u00edticamente. Probablemente Lateranense, a pesar de su denuncia, de haber podido acceder a la misma masa de gente mediante mecanismos similares lo habr\u00eda hecho sin lugar a dudas, si no es que lo hizo posteriormente, ya que su carrera pol\u00edtica continu\u00f3 bastantes a\u00f1os m\u00e1s.\u00a0<\/span><\/div>\n<\/div>\n<\/blockquote>\n<div class=\"et_pb_module et_pb_text et_pb_text_15  et_pb_text_align_left et_pb_bg_layout_light\">\n<div class=\"et_pb_text_inner\">\n<blockquote>\n<p style=\"text-align: justify;\"><span style=\"font-size: 14pt;\">Como si pareciera acto de la mufa,\u00a0<b>los dos rivales electorales tuvieron un p\u00e9simo final<\/b>. A\u00a0<b>Plancio<\/b>\u00a0le fallaron sus habilidades de estadista y durante la\u00a0<a href=\"https:\/\/es.wikipedia.org\/wiki\/Segunda_guerra_civil_de_la_Rep%C3%BAblica_romana\" target=\"_blank\" rel=\"noopener\" data-schema-attribute=\"\">Guerra Civil<\/a>\u00a0termin\u00f3 en el bando de Pompeyo, qui\u00e9n ser\u00eda decapitado en Egipto. Nuestro protagonista correr\u00eda la misma suerte en manos de C\u00e9sar.<b>\u00a0Lateranense<\/b>\u00a0midi\u00f3 mal el piletazo y tampoco tuvo un buen desenlace ya que se quit\u00f3 la vida luego de intentar enfrentar a Emilio Lepido y Marco Antonio en Hispania en el a\u00f1o 43 a.C.\u00a0<\/span><\/p>\n<p style=\"text-align: justify;\"><span style=\"font-size: 14pt;\">Al fin y al cabo, las pr\u00e1cticas pol\u00edticas romanas no cayeron con el Imperio Romano de Occidente en el 476 ni con su par de Oriente en 1453, sino que siguen vigentes al d\u00eda de hoy. Ya conocemos al mundo actual, con sus trampas y sus virtudes, pero que el siglo I a.C. es un despliegue de maldad insolente, ya no hay quien lo niegue.<\/span><\/p>\n<\/blockquote>\n<\/div>\n<\/div>\n<p>&nbsp;<\/p>\n<p><img loading=\"lazy\" decoding=\"async\" class=\"aligncenter wp-image-2268701\" src=\"https:\/\/puntocritico.com\/ausajpuntocritico\/wp-content\/uploads\/2023\/03\/corrupta-roma_destacado.webp\" alt=\"\" width=\"480\" height=\"266\" data-id=\"2268701\" srcset=\"https:\/\/puntocritico.com\/ausajpuntocritico\/wp-content\/uploads\/2023\/03\/corrupta-roma_destacado.webp 640w, https:\/\/puntocritico.com\/ausajpuntocritico\/wp-content\/uploads\/2023\/03\/corrupta-roma_destacado-300x166.webp 300w, https:\/\/puntocritico.com\/ausajpuntocritico\/wp-content\/uploads\/2023\/03\/corrupta-roma_destacado-610x337.webp 610w\" sizes=\"auto, (max-width: 480px) 100vw, 480px\" \/><\/p>\n<p style=\"text-align: center;\"><span style=\"font-size: 18pt;\"><strong><span style=\"color: #008000;\">*******<\/span><\/strong><\/span><\/p>\n<div id=\"title\" class=\"style-scope ytd-watch-metadata\">\n<h2 class=\"style-scope ytd-watch-metadata\" style=\"text-align: center;\"><span style=\"font-size: 24pt;\">Corrupta Roma (VIDEO)<\/span><\/h2>\n<\/div>\n<div id=\"top-row\" class=\"style-scope ytd-watch-metadata\">\n<div id=\"owner\" class=\"item style-scope ytd-watch-metadata\">\n<div id=\"container\" class=\"style-scope ytd-channel-name\">\n<div id=\"text-container\" class=\"style-scope ytd-channel-name\" style=\"text-align: justify;\"><a href=\"https:\/\/www.youtube.com\/watch?v=O9OyR6lPLNU\" target=\"_blank\" rel=\"noopener\"><span style=\"font-size: 14pt;\">Museo Arqueol\u00f3gico Nacional de Espa\u00f1a<\/span><\/a><\/div>\n<div>\u00a0<\/div>\n<\/div>\n<\/div>\n<div style=\"text-align: center;\"><iframe loading=\"lazy\" title=\"YouTube video player\" src=\"\/\/www.youtube.com\/embed\/O9OyR6lPLNU?si=9N20VbdEj6tLdsPd\" width=\"560\" height=\"315\" frameborder=\"0\" allowfullscreen=\"allowfullscreen\"><\/iframe><\/div>\n<\/div>\n<p>&nbsp;<\/p>\n<blockquote>\n<p style=\"text-align: center;\"><span class=\"yt-core-attributed-string yt-core-attributed-string--white-space-pre-wrap\" style=\"font-size: 14pt;\" role=\"text\">15-12-2015. \u00c1ngeles Castellano (MAN), Pedro \u00c1ngel F\u00e9rnandez-Vega (Gobierno de Cantabria), Jos\u00e9 Manual Rold\u00e1n Herv\u00e1s (Universidad Complutense de Madrid), Carmen Fern\u00e1ndez Ochoa (Universidad Aut\u00f3noma de Madrid). Con motivo de la publicaci\u00f3n del libro Corrupta Roma, del Dr. Pedro \u00c1ngel Fern\u00e1ndez-Vega el Museo organiza una Mesa redonda que ofrecer\u00e1 una semblanza acerca de la corrupci\u00f3n en la antigua Roma y los mecanismos que le hicieron frente. Tejida en redes de clientelismo que vinculaban a los grupos empresariales con la clase pol\u00edtica, la corrupci\u00f3n emergi\u00f3 en forma de esc\u00e1ndalos, mientras se instalaba de manera end\u00e9mica en el sistema.<\/span><\/p>\n<\/blockquote>\n<div id=\"snippet\" class=\"style-scope ytd-text-inline-expander\">\u00a0<\/div>\n<div><img loading=\"lazy\" decoding=\"async\" class=\"aligncenter size-full wp-image-2250210\" src=\"https:\/\/puntocritico.com\/ausajpuntocritico\/wp-content\/uploads\/2022\/06\/Caligula-4.jpg\" alt=\"\" width=\"299\" height=\"168\" data-id=\"2250210\" \/><\/div>\n<div>\u00a0<\/div>\n<div class=\"style-scope ytd-watch-metadata\">\n<div id=\"items\" class=\"style-scope ytd-structured-description-content-renderer\">\n<div id=\"header\" class=\"style-scope ytd-video-description-course-section-renderer\" style=\"text-align: center;\"><span style=\"font-size: 18pt;\"><strong><span style=\"color: #008000;\">*******<\/span><\/strong><\/span><\/div>\n<\/div>\n<\/div>\n<div>\n<div id=\"title\" class=\"style-scope ytd-watch-metadata\">\n<h2 class=\"style-scope ytd-watch-metadata\" style=\"text-align: center;\"><span style=\"font-size: 24pt;\">S\u00f3lo los ciudadanos votan: ciudadanos, clientes, peregrinos y esclavos<\/span><\/h2>\n<\/div>\n<\/div>\n<div class=\"item style-scope ytd-watch-metadata\">\n<div id=\"title\" class=\"style-scope ytd-watch-metadata\">\n<p class=\"style-scope ytd-watch-metadata\"><a href=\"https:\/\/www.youtube.com\/watch?v=OEmqhXwjqYs\" target=\"_blank\" rel=\"noopener\"><span style=\"font-size: 14pt;\">Museo Arqueol\u00f3gico Nacional de Espa\u00f1a<\/span><\/a><\/p>\n<\/div>\n<\/div>\n<div style=\"text-align: center;\"><iframe loading=\"lazy\" title=\"YouTube video player\" src=\"\/\/www.youtube.com\/embed\/OEmqhXwjqYs?si=6tq7z4n7afx4A2g7\" width=\"560\" height=\"315\" frameborder=\"0\" allowfullscreen=\"allowfullscreen\"><\/iframe><\/div>\n<div>\u00a0<\/div>\n<blockquote>\n<div style=\"text-align: center;\"><span style=\"font-size: 14pt;\">12\/07\/2019- Javier Cabrero Piquero. Director del Departamento de Historia Antigua. Profesor Titular. UNED Curso de Verano UNED 11-13\/07\/2019. Roma vivet: Herencia y pervivencia de la Roma antigua<\/span><\/div>\n<\/blockquote>\n<div>\u00a0<\/div>\n<div><img loading=\"lazy\" decoding=\"async\" class=\"aligncenter wp-image-2250209\" src=\"https:\/\/puntocritico.com\/ausajpuntocritico\/wp-content\/uploads\/2022\/06\/Caligula-1920-4.jpg\" alt=\"\" width=\"480\" height=\"270\" data-id=\"2250209\" srcset=\"https:\/\/puntocritico.com\/ausajpuntocritico\/wp-content\/uploads\/2022\/06\/Caligula-1920-4.jpg 1920w, https:\/\/puntocritico.com\/ausajpuntocritico\/wp-content\/uploads\/2022\/06\/Caligula-1920-4-300x169.jpg 300w, https:\/\/puntocritico.com\/ausajpuntocritico\/wp-content\/uploads\/2022\/06\/Caligula-1920-4-1024x575.jpg 1024w, https:\/\/puntocritico.com\/ausajpuntocritico\/wp-content\/uploads\/2022\/06\/Caligula-1920-4-768x432.jpg 768w, https:\/\/puntocritico.com\/ausajpuntocritico\/wp-content\/uploads\/2022\/06\/Caligula-1920-4-1536x863.jpg 1536w, https:\/\/puntocritico.com\/ausajpuntocritico\/wp-content\/uploads\/2022\/06\/Caligula-1920-4-610x343.jpg 610w, https:\/\/puntocritico.com\/ausajpuntocritico\/wp-content\/uploads\/2022\/06\/Caligula-1920-4-678x381.jpg 678w, https:\/\/puntocritico.com\/ausajpuntocritico\/wp-content\/uploads\/2022\/06\/Caligula-1920-4-1320x742.jpg 1320w\" sizes=\"auto, (max-width: 480px) 100vw, 480px\" \/><\/div>\n<div>\u00a0<\/div>\n<div style=\"text-align: center;\"><span style=\"font-size: 18pt;\"><strong><span style=\"color: #008000;\">*******<\/span><\/strong><\/span><\/div>\n<div>\n<div id=\"title\" class=\"style-scope ytd-watch-metadata\">\n<h2 class=\"style-scope ytd-watch-metadata\" style=\"text-align: center;\"><span style=\"font-size: 24pt;\">Mary Beard &#8211; Roma y nosotros. C\u00f3mo entender la herencia romana en nuestro tiempo<\/span><\/h2>\n<\/div>\n<\/div>\n<div class=\"item style-scope ytd-watch-metadata\"><a href=\"https:\/\/www.youtube.com\/watch?v=M93rz5BBcYg\" target=\"_blank\" rel=\"noopener\"><span style=\"font-size: 14pt;\">Museo Arqueol\u00f3gico Nacional de Espa\u00f1a<\/span><\/a><\/div>\n<div>\u00a0<\/div>\n<div style=\"text-align: center;\"><iframe loading=\"lazy\" title=\"YouTube video player\" src=\"\/\/www.youtube.com\/embed\/M93rz5BBcYg?si=Ziw39ztj_3nkbSvy\" width=\"560\" height=\"315\" frameborder=\"0\" allowfullscreen=\"allowfullscreen\"><\/iframe><\/div>\n<div>\u00a0<\/div>\n<blockquote>\n<div style=\"text-align: center;\"><span class=\"yt-core-attributed-string yt-core-attributed-string--white-space-pre-wrap\" style=\"font-size: 14pt;\" role=\"text\">\u00abRoma y nosotros. C\u00f3mo entender la herencia romana en nuestro tiempo\u00bb, conferencia de la Dra. Mary Beard (University of Cambridge), presentada por la Prof. Carmen Fern\u00e1ndez Ochoa (Universidad Aut\u00f3noma de Madrid) y Dr. Javier Salido Dom\u00ednguez (Universidad Complutense de Madrid), primera del ciclo \u00abDi\u00e1logos con el mundo cl\u00e1sico\u00bb<\/span><\/div>\n<\/blockquote>\n<div>\u00a0<\/div>\n<div style=\"text-align: center;\">\n<div id=\"snippet\" class=\"style-scope ytd-text-inline-expander\"><img loading=\"lazy\" decoding=\"async\" class=\"aligncenter wp-image-2250163\" src=\"https:\/\/puntocritico.com\/ausajpuntocritico\/wp-content\/uploads\/2022\/06\/Caligula-PPAL.jpg\" alt=\"\" width=\"480\" height=\"319\" data-id=\"2250163\" srcset=\"https:\/\/puntocritico.com\/ausajpuntocritico\/wp-content\/uploads\/2022\/06\/Caligula-PPAL.jpg 680w, https:\/\/puntocritico.com\/ausajpuntocritico\/wp-content\/uploads\/2022\/06\/Caligula-PPAL-300x199.jpg 300w, https:\/\/puntocritico.com\/ausajpuntocritico\/wp-content\/uploads\/2022\/06\/Caligula-PPAL-610x405.jpg 610w, https:\/\/puntocritico.com\/ausajpuntocritico\/wp-content\/uploads\/2022\/06\/Caligula-PPAL-678x452.jpg 678w\" sizes=\"auto, (max-width: 480px) 100vw, 480px\" \/><\/div>\n<\/div>\n<div>\u00a0<\/div>\n<div>\u00a0<\/div>\n<div style=\"text-align: center;\">\n<hr \/>\n<\/div>\n<h2 style=\"text-align: justify;\"><span style=\"font-size: 14pt;\"><strong>RELACIONADOS:<\/strong><\/span><\/h2>\n<blockquote class=\"wp-embedded-content\" data-secret=\"DpkRwJNXcW\"><p><a href=\"https:\/\/puntocritico.com\/ausajpuntocritico\/2021\/05\/19\/los-ciclos-y-el-ritmo-de-la-historia-el-final-de-la-republica-romana-por-emilio-de-miguel-calabia\/\">EL RITMO C\u00cdCLICO DE LA HISTORIA: \u00abEl final de la Rep\u00fablica romana\u00bb, por  Emilio de Miguel Calabia.<\/a><\/p><\/blockquote>\n<p><iframe loading=\"lazy\" class=\"wp-embedded-content\" sandbox=\"allow-scripts\" security=\"restricted\" style=\"position: absolute; visibility: hidden;\" title=\"\u00abEL RITMO C\u00cdCLICO DE LA HISTORIA: \u00abEl final de la Rep\u00fablica romana\u00bb, por  Emilio de Miguel Calabia.\u00bb \u2014 Punto Cr\u00edtico Derechos Humanos\" src=\"https:\/\/puntocritico.com\/ausajpuntocritico\/2021\/05\/19\/los-ciclos-y-el-ritmo-de-la-historia-el-final-de-la-republica-romana-por-emilio-de-miguel-calabia\/embed\/#?secret=RwRUyxOEwO#?secret=DpkRwJNXcW\" data-secret=\"DpkRwJNXcW\" width=\"500\" height=\"282\" frameborder=\"0\" marginwidth=\"0\" marginheight=\"0\" scrolling=\"no\"><\/iframe><\/p>\n<blockquote class=\"wp-embedded-content\" data-secret=\"NGSG8pFDlP\"><p><a href=\"https:\/\/puntocritico.com\/ausajpuntocritico\/2022\/10\/03\/las-doce-tablas-como-los-plebeyos-tuvieron-que-insistir-durante-anos-para-poner-por-escrito-las-primeras-leyes-de-roma\/\">Las Doce Tablas, c\u00f3mo los plebeyos tuvieron que insistir durante a\u00f1os para poner por escrito las primeras leyes de Roma.<\/a><\/p><\/blockquote>\n<p><iframe loading=\"lazy\" class=\"wp-embedded-content\" sandbox=\"allow-scripts\" security=\"restricted\" style=\"position: absolute; visibility: hidden;\" title=\"\u00abLas Doce Tablas, c\u00f3mo los plebeyos tuvieron que insistir durante a\u00f1os para poner por escrito las primeras leyes de Roma.\u00bb \u2014 Punto Cr\u00edtico Derechos Humanos\" src=\"https:\/\/puntocritico.com\/ausajpuntocritico\/2022\/10\/03\/las-doce-tablas-como-los-plebeyos-tuvieron-que-insistir-durante-anos-para-poner-por-escrito-las-primeras-leyes-de-roma\/embed\/#?secret=LKJ9buFDCp#?secret=NGSG8pFDlP\" data-secret=\"NGSG8pFDlP\" width=\"500\" height=\"282\" frameborder=\"0\" marginwidth=\"0\" marginheight=\"0\" scrolling=\"no\"><\/iframe><\/p>\n<blockquote class=\"wp-embedded-content\" data-secret=\"EMcD0b4JtI\"><p><a href=\"https:\/\/puntocritico.com\/ausajpuntocritico\/2022\/06\/11\/caligula-albert-camus\/\">CAL\u00cdGULA, de Albert Camus. \u00abY justamente, os odio porque no sois libres. En todo el Imperio romano soy el \u00fanico libre\u00bb.<\/a><\/p><\/blockquote>\n<p><iframe loading=\"lazy\" class=\"wp-embedded-content\" sandbox=\"allow-scripts\" security=\"restricted\" style=\"position: absolute; visibility: hidden;\" title=\"\u00abCAL\u00cdGULA, de Albert Camus. \u00abY justamente, os odio porque no sois libres. En todo el Imperio romano soy el \u00fanico libre\u00bb.\u00bb \u2014 Punto Cr\u00edtico Derechos Humanos\" src=\"https:\/\/puntocritico.com\/ausajpuntocritico\/2022\/06\/11\/caligula-albert-camus\/embed\/#?secret=jUIMoq9otC#?secret=EMcD0b4JtI\" data-secret=\"EMcD0b4JtI\" width=\"500\" height=\"282\" frameborder=\"0\" marginwidth=\"0\" marginheight=\"0\" scrolling=\"no\"><\/iframe><\/p>\n<blockquote class=\"wp-embedded-content\" data-secret=\"rwAuCoKAhq\"><p><a href=\"https:\/\/puntocritico.com\/ausajpuntocritico\/2021\/12\/01\/polibio\/\">POLIBIO DE MEGAL\u00d3POLIS (203 \u2013 120 a. C.). \u00abHISTORIAS\u00bb. LA ANACICLOSIS: El Ciclo de Degeneraci\u00f3n de las Formas de Gobierno, de la Monarqu\u00eda (Gobierno de uno) a la Oclocracia (populismo o corrupci\u00f3n de la Democracia).<\/a><\/p><\/blockquote>\n<p><iframe loading=\"lazy\" class=\"wp-embedded-content\" sandbox=\"allow-scripts\" security=\"restricted\" style=\"position: absolute; visibility: hidden;\" title=\"\u00abPOLIBIO DE MEGAL\u00d3POLIS (203 \u2013 120 a. C.). \u00abHISTORIAS\u00bb. LA ANACICLOSIS: El Ciclo de Degeneraci\u00f3n de las Formas de Gobierno, de la Monarqu\u00eda (Gobierno de uno) a la Oclocracia (populismo o corrupci\u00f3n de la Democracia).\u00bb \u2014 Punto Cr\u00edtico Derechos Humanos\" src=\"https:\/\/puntocritico.com\/ausajpuntocritico\/2021\/12\/01\/polibio\/embed\/#?secret=EFTvebukSr#?secret=rwAuCoKAhq\" data-secret=\"rwAuCoKAhq\" width=\"500\" height=\"282\" frameborder=\"0\" marginwidth=\"0\" marginheight=\"0\" scrolling=\"no\"><\/iframe><\/p>\n<blockquote class=\"wp-embedded-content\" data-secret=\"4iyNkR9oOa\"><p><a href=\"https:\/\/puntocritico.com\/ausajpuntocritico\/2022\/09\/27\/justicia-divina-2\/\">Justicia divina<\/a><\/p><\/blockquote>\n<p><iframe loading=\"lazy\" class=\"wp-embedded-content\" sandbox=\"allow-scripts\" security=\"restricted\" style=\"position: absolute; visibility: hidden;\" title=\"\u00abJusticia divina\u00bb \u2014 Punto Cr\u00edtico Derechos Humanos\" src=\"https:\/\/puntocritico.com\/ausajpuntocritico\/2022\/09\/27\/justicia-divina-2\/embed\/#?secret=ByQmw34FdC#?secret=4iyNkR9oOa\" data-secret=\"4iyNkR9oOa\" width=\"500\" height=\"282\" frameborder=\"0\" marginwidth=\"0\" marginheight=\"0\" scrolling=\"no\"><\/iframe><\/p>\n<blockquote class=\"wp-embedded-content\" data-secret=\"2ab5eYX8bB\"><p><a href=\"https:\/\/puntocritico.com\/ausajpuntocritico\/2022\/12\/13\/la-libertad-dijo-el-perro-al-lobo-por-gayo-julio-fedro-2\/\">LA LIBERTAD, dijo el perro al lobo, por Gayo Julio Fedro.<\/a><\/p><\/blockquote>\n<p><iframe loading=\"lazy\" class=\"wp-embedded-content\" sandbox=\"allow-scripts\" security=\"restricted\" style=\"position: absolute; visibility: hidden;\" title=\"\u00abLA LIBERTAD, dijo el perro al lobo, por Gayo Julio Fedro.\u00bb \u2014 Punto Cr\u00edtico Derechos Humanos\" src=\"https:\/\/puntocritico.com\/ausajpuntocritico\/2022\/12\/13\/la-libertad-dijo-el-perro-al-lobo-por-gayo-julio-fedro-2\/embed\/#?secret=CoZJVWgkuZ#?secret=2ab5eYX8bB\" data-secret=\"2ab5eYX8bB\" width=\"500\" height=\"282\" frameborder=\"0\" marginwidth=\"0\" marginheight=\"0\" scrolling=\"no\"><\/iframe><\/p>\n<blockquote class=\"wp-embedded-content\" data-secret=\"wS7Eb0iR3O\"><p><a href=\"https:\/\/puntocritico.com\/ausajpuntocritico\/2020\/03\/29\/de-la-ira-por-seneca\/\">\u00abDE LA IRA\u00bb, por S\u00e9neca<\/a><\/p><\/blockquote>\n<p><iframe loading=\"lazy\" class=\"wp-embedded-content\" sandbox=\"allow-scripts\" security=\"restricted\" style=\"position: absolute; visibility: hidden;\" title=\"\u00ab\u00abDE LA IRA\u00bb, por S\u00e9neca\u00bb \u2014 Punto Cr\u00edtico Derechos Humanos\" src=\"https:\/\/puntocritico.com\/ausajpuntocritico\/2020\/03\/29\/de-la-ira-por-seneca\/embed\/#?secret=843i1PJ6aU#?secret=wS7Eb0iR3O\" data-secret=\"wS7Eb0iR3O\" width=\"500\" height=\"282\" frameborder=\"0\" marginwidth=\"0\" marginheight=\"0\" scrolling=\"no\"><\/iframe><\/p>\n<blockquote class=\"wp-embedded-content\" data-secret=\"K0uJWFAUqp\"><p><a href=\"https:\/\/puntocritico.com\/ausajpuntocritico\/2019\/11\/20\/severino-boecio-y-el-sentido-de-la-vida1\/\">SEVERINO BOECIO Y EL SENTIDO DE LA VIDA<\/a><\/p><\/blockquote>\n<p><iframe loading=\"lazy\" class=\"wp-embedded-content\" sandbox=\"allow-scripts\" security=\"restricted\" style=\"position: absolute; visibility: hidden;\" title=\"\u00abSEVERINO BOECIO Y EL SENTIDO DE LA VIDA\u00bb \u2014 Punto Cr\u00edtico Derechos Humanos\" src=\"https:\/\/puntocritico.com\/ausajpuntocritico\/2019\/11\/20\/severino-boecio-y-el-sentido-de-la-vida1\/embed\/#?secret=QJ9YSh4qyD#?secret=K0uJWFAUqp\" data-secret=\"K0uJWFAUqp\" width=\"500\" height=\"282\" frameborder=\"0\" marginwidth=\"0\" marginheight=\"0\" scrolling=\"no\"><\/iframe><\/p>\n<blockquote class=\"wp-embedded-content\" data-secret=\"s6yW03lElw\"><p><a href=\"https:\/\/puntocritico.com\/ausajpuntocritico\/2022\/04\/28\/ano-303-inventan-el-cristianismo-2\/\">\u201cA\u00d1O 303: Inventan el cristianismo\u201d.<\/a><\/p><\/blockquote>\n<p><iframe loading=\"lazy\" class=\"wp-embedded-content\" sandbox=\"allow-scripts\" security=\"restricted\" style=\"position: absolute; visibility: hidden;\" title=\"\u00ab\u201cA\u00d1O 303: Inventan el cristianismo\u201d.\u00bb \u2014 Punto Cr\u00edtico Derechos Humanos\" src=\"https:\/\/puntocritico.com\/ausajpuntocritico\/2022\/04\/28\/ano-303-inventan-el-cristianismo-2\/embed\/#?secret=cl9Q3KQTy0#?secret=s6yW03lElw\" data-secret=\"s6yW03lElw\" width=\"500\" height=\"282\" frameborder=\"0\" marginwidth=\"0\" marginheight=\"0\" scrolling=\"no\"><\/iframe><\/p>\n<p>&nbsp;<\/p>\n<p>&nbsp;<\/p>\n<p><a href=\"https:\/\/puntocritico.com\/ausajpuntocritico\/author\/punto-critico\/\" target=\"_blank\" rel=\"noopener\"><img loading=\"lazy\" decoding=\"async\" class=\"wp-image-9528 aligncenter\" src=\"https:\/\/puntocritico.com\/ausajpuntocritico\/wp-content\/uploads\/2018\/03\/Mosca_Punto_Cr\u00edtico_40.png\" alt=\"\" width=\"80\" height=\"80\" data-id=\"9528\" \/><\/a><\/p>\n<p>&nbsp;<\/p>\n","protected":false},"excerpt":{"rendered":"<div class=\"mh-excerpt\"><p>CORRUPTA ROMA \u00abLos que roban a un particular pasan la vida entre esposas y grilletes; los que roban al estado, entre oro y p\u00farpura\u00bb. Marco Porcio Cat\u00f3n &nbsp; SIGLO I A.C. CAMBALACHE: LA CORRUPCI\u00d3N EN <a class=\"mh-excerpt-more\" href=\"https:\/\/puntocritico.com\/ausajpuntocritico\/2023\/04\/22\/corrupta-roma\/\" title=\"CORRUPTA ROMA. \u00abEl Imperio corrupto y sanguinario, que sigue vivo en la Pol\u00edtica de hoy\u00bb.\">[&#8230;]<\/a><\/p>\n<\/div>","protected":false},"author":3,"featured_media":2268700,"comment_status":"open","ping_status":"closed","sticky":false,"template":"","format":"standard","meta":{"_acf_changed":false,"_exactmetrics_skip_tracking":false,"_exactmetrics_sitenote_active":false,"_exactmetrics_sitenote_note":"","_exactmetrics_sitenote_category":0,"footnotes":""},"categories":[10],"tags":[60],"class_list":{"0":"post-2264817","1":"post","2":"type-post","3":"status-publish","4":"format-standard","5":"has-post-thumbnail","7":"category-miscelanea","8":"tag-roma"},"acf":[],"_links":{"self":[{"href":"https:\/\/puntocritico.com\/ausajpuntocritico\/wp-json\/wp\/v2\/posts\/2264817","targetHints":{"allow":["GET"]}}],"collection":[{"href":"https:\/\/puntocritico.com\/ausajpuntocritico\/wp-json\/wp\/v2\/posts"}],"about":[{"href":"https:\/\/puntocritico.com\/ausajpuntocritico\/wp-json\/wp\/v2\/types\/post"}],"author":[{"embeddable":true,"href":"https:\/\/puntocritico.com\/ausajpuntocritico\/wp-json\/wp\/v2\/users\/3"}],"replies":[{"embeddable":true,"href":"https:\/\/puntocritico.com\/ausajpuntocritico\/wp-json\/wp\/v2\/comments?post=2264817"}],"version-history":[{"count":0,"href":"https:\/\/puntocritico.com\/ausajpuntocritico\/wp-json\/wp\/v2\/posts\/2264817\/revisions"}],"wp:featuredmedia":[{"embeddable":true,"href":"https:\/\/puntocritico.com\/ausajpuntocritico\/wp-json\/wp\/v2\/media\/2268700"}],"wp:attachment":[{"href":"https:\/\/puntocritico.com\/ausajpuntocritico\/wp-json\/wp\/v2\/media?parent=2264817"}],"wp:term":[{"taxonomy":"category","embeddable":true,"href":"https:\/\/puntocritico.com\/ausajpuntocritico\/wp-json\/wp\/v2\/categories?post=2264817"},{"taxonomy":"post_tag","embeddable":true,"href":"https:\/\/puntocritico.com\/ausajpuntocritico\/wp-json\/wp\/v2\/tags?post=2264817"}],"curies":[{"name":"wp","href":"https:\/\/api.w.org\/{rel}","templated":true}]}}