{"id":2263958,"date":"2022-12-29T00:05:18","date_gmt":"2022-12-28T23:05:18","guid":{"rendered":"https:\/\/puntocritico.com\/ausajpuntocritico\/?p=2263958"},"modified":"2022-12-28T22:26:08","modified_gmt":"2022-12-28T21:26:08","slug":"asi-hablo-zarathustra-por-friedrich-nietzsche-2","status":"publish","type":"post","link":"https:\/\/puntocritico.com\/ausajpuntocritico\/2022\/12\/29\/asi-hablo-zarathustra-por-friedrich-nietzsche-2\/","title":{"rendered":"AS\u00cd HABL\u00d3 ZARATHUSTRA, por Friedrich Nietzsche. \u00abVoy a hablarles de lo m\u00e1s despreciable: El \u00daltimo Hombre\u201d."},"content":{"rendered":"<p>&nbsp;<\/p>\n<h2 style=\"text-align: center;\"><span style=\"font-size: 24pt;\">AS\u00cd HABL\u00d3 ZARATHUSTRA<\/span><\/h2>\n<p style=\"text-align: center;\"><span style=\"font-size: 18pt;\"><em><strong>\u00abVoy a hablarles de lo m\u00e1s despreciable: El \u00daltimo Hombre\u201d<\/strong><\/em><\/span><\/p>\n<blockquote>\n<p style=\"text-align: center;\"><span style=\"font-size: 14pt;\"><em><strong>\u00abCuando Zaratustra hubo dicho estas palabras contempl\u00f3 de nuevo el pueblo y call\u00f3: \u201cAh\u00ed est\u00e1n\u201d, dijo a su coraz\u00f3n, \u201cy se r\u00eden: no me entienden, no soy yo la boca para estos o\u00eddos. \u00bfHabr\u00e1 que romperles antes los o\u00eddos, para que aprendan a o\u00edr con los ojos? \u00bfHabr\u00e1 que atronar igual que timbales y que predicadores de penitencia? \u00bfO acaso creen tan s\u00f3lo al que balbucea?\u00bb<\/strong><\/em><\/span><\/p>\n<p style=\"text-align: center;\"><span style=\"font-size: 14pt;\"><em><strong>\u00abTienen algo de lo que est\u00e1n orgullosos. \u00bfC\u00f3mo llaman a eso que los llena de orgullo? Cultural lo llaman, es lo que los distingue de los cabreros. Por esto no les gusta o\u00edr, referida a ellos, la palabra desprecio. Voy a hablar, pues, a su orgullo. Voy a hablarles de lo m\u00e1s despreciable: el \u00faltimo hombre\u201d. <\/strong><\/em><\/span><\/p>\n<p style=\"text-align: center;\"><span style=\"font-size: 14pt;\"><em><strong>\u00abY Zaratustra habl\u00f3 as\u00ed al pueblo: \u00abEs tiempo de que el hombre fije su propia meta. Es tiempo de que el hombre plante la semilla de su m\u00e1s alta esperanza\u00bb.\u00a0<\/strong><\/em><\/span><\/p>\n<p style=\"text-align: center;\"><span style=\"font-size: 14pt;\"><em><strong>\u00ab\u00a1Ay! Se acercan los tiempos en que ya no podr\u00e9is dar a luz estrellas danzarinas. \u00a1Ay! \u00a1Se acercan sin duda los tiempos del hombre m\u00e1s despreciable, de un hombre que ya no sabr\u00e1 despreciarse a s\u00ed mismo!<\/strong><\/em><em><strong>\u201d<\/strong><\/em><\/span><\/p>\n<p style=\"text-align: center;\"><em><strong><span style=\"font-size: 14pt;\">\u00abLa tierra se ha empeque\u00f1ecido, y sobre ella da brincos el \u00faltimo hombre, el que todo lo empeque\u00f1ece. Su linaje es inmortal como el del pulg\u00f3n: el \u00faltimo hombre es el que m\u00e1s vive\u00bb.<\/span><\/strong><\/em><span style=\"font-size: 14pt;\"><em><strong>\u00bb<\/strong><\/em><\/span><\/p>\n<\/blockquote>\n<p>&nbsp;<\/p>\n<p><img loading=\"lazy\" decoding=\"async\" class=\"aligncenter wp-image-2263965 size-full\" src=\"https:\/\/puntocritico.com\/ausajpuntocritico\/wp-content\/uploads\/2022\/12\/Asi-hablo-Zaratustra-libro.jpg\" alt=\"AS\u00cd HABL\u00d3 ZARATHUSTRA\" width=\"245\" height=\"335\" data-id=\"2263965\" srcset=\"https:\/\/puntocritico.com\/ausajpuntocritico\/wp-content\/uploads\/2022\/12\/Asi-hablo-Zaratustra-libro.jpg 245w, https:\/\/puntocritico.com\/ausajpuntocritico\/wp-content\/uploads\/2022\/12\/Asi-hablo-Zaratustra-libro-219x300.jpg 219w\" sizes=\"auto, (max-width: 245px) 100vw, 245px\" \/><\/p>\n<p style=\"text-align: center;\"><span style=\"font-size: 18pt;\">***<\/span><\/p>\n<h2 style=\"text-align: center;\"><span style=\"font-size: 24pt;\"><strong>AS\u00cd HABL\u00d3 ZARATHUSTRA, por Friedrich Nietzsche<\/strong><\/span><\/h2>\n<p><a href=\"https:\/\/editorialverbum.es\/producto\/asi-hablo-zaratustra\/\" target=\"_blank\" rel=\"noopener\"><img loading=\"lazy\" decoding=\"async\" class=\"aligncenter wp-image-2263967\" src=\"https:\/\/puntocritico.com\/ausajpuntocritico\/wp-content\/uploads\/2022\/12\/Zaratustra-verbum.jpg\" alt=\"\" width=\"330\" height=\"429\" data-id=\"2263967\" srcset=\"https:\/\/puntocritico.com\/ausajpuntocritico\/wp-content\/uploads\/2022\/12\/Zaratustra-verbum.jpg 485w, https:\/\/puntocritico.com\/ausajpuntocritico\/wp-content\/uploads\/2022\/12\/Zaratustra-verbum-231x300.jpg 231w\" sizes=\"auto, (max-width: 330px) 100vw, 330px\" \/><\/a><\/p>\n<p>&nbsp;<\/p>\n<blockquote>\n<p style=\"text-align: center;\"><strong><em><span style=\"font-family: arial, helvetica, sans-serif; font-size: 14pt;\">\u201cHa llegado el momento de que el hombre se proponga su meta. Ha llegado el momento de que el hombre siembre la semilla de sus m\u00e1s preciosas esperanzas. Todav\u00eda es su suelo lo bastante rico. Mas llegar\u00e1 un d\u00eda en que tal suelo ser\u00e1 demasiado est\u00e9ril y miserable, y ning\u00fan \u00e1rbol elevado podr\u00e1 ya crecer en \u00e9l. <\/span><\/em><\/strong><\/p>\n<p style=\"text-align: center;\"><strong><em><span style=\"font-family: arial, helvetica, sans-serif; font-size: 14pt;\">Yo os lo anuncio: es preciso llevar a\u00fan alg\u00fan caos dentro de s\u00ed para poder engendrar estrellas danzarinas. <\/span><\/em><\/strong><\/p>\n<p style=\"text-align: center;\"><strong><em><span style=\"font-family: arial, helvetica, sans-serif; font-size: 14pt;\">\u00bfQu\u00e9 es amor? \u00bfQu\u00e9 es creaci\u00f3n? \u00bfQu\u00e9 es deseo? \u00bfQu\u00e9 es una estrella? Esas preguntas se hace el \u00faltimo hombre, entre gesticulaciones y gui\u00f1os. La tierra se ha empeque\u00f1ecido, y sobre ella da brincos el \u00faltimo hombre, el que todo lo empeque\u00f1ece\u00bb. <\/span><\/em><\/strong><\/p>\n<\/blockquote>\n<p style=\"text-align: center;\"><strong><span style=\"font-family: arial, helvetica, sans-serif; font-size: 18pt; color: #008000;\">*******<\/span><\/strong><\/p>\n<h2 style=\"text-align: center;\"><span style=\"font-size: 24pt;\"><em><strong>\u00abVoy a hablarles de lo m\u00e1s despreciable: El \u00daltimo Hombre\u201d<\/strong><\/em><\/span><\/h2>\n<p>&nbsp;<\/p>\n<p style=\"text-align: center;\"><img loading=\"lazy\" decoding=\"async\" class=\"aligncenter wp-image-2264059\" src=\"https:\/\/puntocritico.com\/ausajpuntocritico\/wp-content\/uploads\/2022\/12\/JLG-artes-graficos-Trashumante-web-07-02.jpg\" alt=\"\" width=\"330\" height=\"454\" data-id=\"2264059\" srcset=\"https:\/\/puntocritico.com\/ausajpuntocritico\/wp-content\/uploads\/2022\/12\/JLG-artes-graficos-Trashumante-web-07-02.jpg 716w, https:\/\/puntocritico.com\/ausajpuntocritico\/wp-content\/uploads\/2022\/12\/JLG-artes-graficos-Trashumante-web-07-02-218x300.jpg 218w, https:\/\/puntocritico.com\/ausajpuntocritico\/wp-content\/uploads\/2022\/12\/JLG-artes-graficos-Trashumante-web-07-02-610x838.jpg 610w\" sizes=\"auto, (max-width: 330px) 100vw, 330px\" \/><\/p>\n<p>&nbsp;<\/p>\n<p style=\"text-align: center;\"><strong><span style=\"font-size: 18pt;\">-6-<\/span><\/strong><\/p>\n<p style=\"text-align: justify;\"><span style=\"font-family: arial, helvetica, sans-serif; font-size: 14pt;\">Cuando <strong>Zarathustra<\/strong> hubo pronunciado tales palabras, se volvi\u00f3 hacia el pueblo y enmudeci\u00f3. \u00a1Vedlos -se dijo- c\u00f3mo r\u00eden! No me comprenden, no es mi boca la adecuada a esos o\u00eddos.<\/span><\/p>\n<p style=\"text-align: justify;\"><span style=\"font-family: arial, helvetica, sans-serif; font-size: 14pt;\">\u00bfSer\u00e1 preciso destrozar sus o\u00eddos, para que aprendan a o\u00edr con los ojos? \u00bfHabr\u00e1 que atronar al modo de los tambores, o de los predicadores de la Cuaresma, o de los misioneros? \u00bfO ser\u00e1 m\u00e1s bien que s\u00f3lo hacen caso de los tartamudos?<\/span><\/p>\n<p style=\"text-align: justify;\"><span style=\"font-family: arial, helvetica, sans-serif; font-size: 14pt;\">Existe algo de lo que se sienten intensamente orgullosos. \u00bfC\u00f3mo llaman a eso en lo que cifran su orgullo? Cultura lo llaman, y es lo que les distingue de los cabreros.<\/span><\/p>\n<p style=\"text-align: justify;\"><span style=\"font-family: arial, helvetica, sans-serif; font-size: 14pt;\">Por eso les hiere la palabra \u201c<em>desd\u00e9n<\/em>\u201d. Hay que hablarles de su orgullo. Hay que hablarles incluso del m\u00e1s despreciable de entre ellos: el \u00faltimo hombre.\u201d<\/span><\/p>\n<p style=\"text-align: justify;\"><span style=\"font-family: arial, helvetica, sans-serif; font-size: 14pt;\">Y <strong>Zarathustra<\/strong>, dirigi\u00e9ndose al pueblo, le habl\u00f3 as\u00ed:<\/span><\/p>\n<p style=\"text-align: justify;\"><span style=\"font-family: arial, helvetica, sans-serif; font-size: 14pt;\">\u201c<em>Ha llegado el momento de que el hombre se proponga su meta. Ha llegado el momento de que el hombre siembre la semilla de sus m\u00e1s preciosas esperanzas.<\/em><\/span><\/p>\n<p style=\"text-align: justify;\"><em><span style=\"font-family: arial, helvetica, sans-serif; font-size: 14pt;\">Todav\u00eda es su suelo lo bastante rico. Mas llegar\u00e1 un d\u00eda en que tal suelo ser\u00e1 demasiado est\u00e9ril y miserable, y ning\u00fan \u00e1rbol elevado podr\u00e1 ya crecer en \u00e9l.<\/span><\/em><\/p>\n<p style=\"text-align: justify;\"><span style=\"font-family: arial, helvetica, sans-serif; font-size: 14pt;\"><em>\u00a1Ay! \u00bfSe aproxima acaso el tiempo en que el hombre no podr\u00e1 ya disparar las flechas de su anhelo m\u00e1s all\u00e1 del hombre mismo, y la cuerda de su arco no podr\u00e1 ya vibrar<\/em>?\u00bb<\/span><\/p>\n<p>&nbsp;<\/p>\n<blockquote>\n<p style=\"text-align: center;\"><span style=\"color: #008000;\"><strong><span style=\"font-family: arial, helvetica, sans-serif; font-size: 14pt;\">Yo os lo anuncio: es preciso llevar a\u00fan alg\u00fan caos dentro de s\u00ed para poder engendrar estrellas danzarinas. Yo os lo anuncio: a\u00fan se agita alg\u00fan caos en vuestro interior.<\/span><\/strong><\/span><\/p>\n<\/blockquote>\n<p>&nbsp;<\/p>\n<p style=\"text-align: justify;\"><span style=\"font-family: arial, helvetica, sans-serif; font-size: 14pt;\">\u00ab<em>Yo os lo anuncio: es preciso llevar a\u00fan alg\u00fan caos dentro de s\u00ed para poder engendrar estrellas danzarinas. Yo os lo anuncio: a\u00fan se agita alg\u00fan caos en vuestro interior.<\/em><\/span><\/p>\n<p style=\"text-align: justify;\"><span style=\"font-family: arial, helvetica, sans-serif; font-size: 14pt;\"><em>\u00a1Ay! Se acercan los tiempos en que ya no podr\u00e9is dar a luz estrellas danzarinas. \u00a1Ay! \u00a1Se acercan sin duda los tiempos del hombre m\u00e1s despreciable, de un hombre que ya no sabr\u00e1 despreciarse a s\u00ed mismo!<\/em>\u00ab<\/span><\/p>\n<p>&nbsp;<\/p>\n<blockquote>\n<p style=\"text-align: center;\"><span style=\"color: #008000;\"><strong><span style=\"font-family: arial, helvetica, sans-serif; font-size: 14pt;\">\u00a1Mirad! Voy a mostraros el \u00faltimo hombre.<\/span><\/strong><\/span><\/p>\n<\/blockquote>\n<p>&nbsp;<\/p>\n<p style=\"text-align: justify;\"><span style=\"font-family: arial, helvetica, sans-serif; font-size: 14pt;\">\u00a1Mirad! Voy a mostraros <strong>el \u00faltimo hombre<\/strong>.<\/span><\/p>\n<p style=\"text-align: justify;\"><span style=\"font-family: arial, helvetica, sans-serif; font-size: 14pt;\">\u00bfQu\u00e9 es amor? \u00bfQu\u00e9 es creaci\u00f3n? \u00bfQu\u00e9 es deseo? \u00bfQu\u00e9 es una estrella? Esas preguntas se hace el \u00faltimo hombre, entre gesticulaciones y gui\u00f1os.<\/span><\/p>\n<p style=\"text-align: justify;\"><span style=\"font-family: arial, helvetica, sans-serif; font-size: 14pt;\">La tierra se ha empeque\u00f1ecido, y sobre ella da brincos el \u00faltimo hombre, el que todo lo empeque\u00f1ece. Su linaje es inmortal como el del pulg\u00f3n: el \u00faltimo hombre es el que m\u00e1s vive.<\/span><\/p>\n<p style=\"text-align: justify;\"><span style=\"font-family: arial, helvetica, sans-serif; font-size: 14pt;\">\u201c<em>Nosotros hemos descubierto la felicidad!<\/em>\u201d, se dicen los \u00faltimos hombres, entre gesticulaciones y gui\u00f1os.<\/span><\/p>\n<p style=\"text-align: justify;\"><span style=\"font-family: arial, helvetica, sans-serif; font-size: 14pt;\">Han abandonado los parajes en que la existencia era dura, pues necesitaban calor. A\u00fan aman al pr\u00f3jimo, y se acercan a \u00e9l, porque necesitan calor. El enfermar y el desconfiar se les antoja pecaminoso. Andan siempre con cautelas. \u00a1Qu\u00e9 tonto quien sigue tropezando con otros hombres, o con las piedras!<\/span><\/p>\n<p style=\"text-align: justify;\"><span style=\"font-family: arial, helvetica, sans-serif; font-size: 14pt;\">Una pizca de veneno de vez en cuando condimenta los ensue\u00f1os. Y mucho veneno al final da un morir agradable.<\/span><\/p>\n<p style=\"text-align: justify;\"><span style=\"font-family: arial, helvetica, sans-serif; font-size: 14pt;\">Se trabaja a\u00fan, porque el trabajo es una distracci\u00f3n: mas hay que procurar que tal distracci\u00f3n no haga da\u00f1o.<\/span><\/p>\n<p style=\"text-align: justify;\"><span style=\"font-family: arial, helvetica, sans-serif; font-size: 14pt;\">No haya ni pobres ni ricos: ambas cosas son demasiado molestas. \u00bfQui\u00e9n quiere a\u00fan gobernar? \u00bfQui\u00e9n a\u00fan obedecer? Tambi\u00e9n esas dos cosas resultan demasiado molestas.<\/span><\/p>\n<p style=\"text-align: justify;\"><span style=\"font-family: arial, helvetica, sans-serif; font-size: 14pt;\">\u00a1No haya pastores ni reba\u00f1os! Todos quieren lo mismo, todos son iguales; y quien no se conforme, al manicomio.<\/span><\/p>\n<p style=\"text-align: justify;\"><span style=\"font-family: arial, helvetica, sans-serif; font-size: 14pt;\">\u201c<em>En otros tiempos todos parec\u00edan locos<\/em>\u201d, dicen los m\u00e1s sutiles, entre gesticulaciones y gui\u00f1os.<\/span><\/p>\n<p style=\"text-align: justify;\"><span style=\"font-family: arial, helvetica, sans-serif; font-size: 14pt;\">Son prudentes, y saben todo lo que ha ocurrido: por eso sus burlas no tienen fin. Todav\u00eda disputan, pero para reconciliarse pronto: lo contrario estropea la digesti\u00f3n.<\/span><\/p>\n<p style=\"text-align: justify;\"><span style=\"font-family: arial, helvetica, sans-serif; font-size: 14pt;\">Se tiene peque\u00f1os placeres para el d\u00eda y para la noche; pero hay que respetar siempre la salud.<\/span><\/p>\n<p style=\"text-align: justify;\"><span style=\"font-family: arial, helvetica, sans-serif; font-size: 14pt;\">\u201c<em>Hemos descubierto la felicidad<\/em>\u201d, repiten los \u00faltimos hombres, entre gesticulaciones y gui\u00f1os.\u00a0<\/span><\/p>\n<p style=\"text-align: justify;\"><span style=\"font-family: arial, helvetica, sans-serif; font-size: 14pt;\">Y as\u00ed termin\u00f3 el primer discurso de <strong>Zarathustra<\/strong>, tambi\u00e9n llamado \u201c<strong><em>el Pr\u00f3logo<\/em><\/strong>\u201d. Pues en aquel punto le interrumpi\u00f3 el griter\u00edo y el regocijo d la multitud.<\/span><\/p>\n<p style=\"text-align: justify;\"><span style=\"font-family: arial, helvetica, sans-serif; font-size: 14pt;\">\u201c<em>\u00a1Danos esos \u00faltimos hombres, <strong>Zarathustra<\/strong>! -gritaban a coro-. \u00a1Haznos como ese \u00daltimo Hombre, y qu\u00e9date t\u00fa con tu Superhombre!<\/em>\u201d<\/span><\/p>\n<p style=\"text-align: justify;\"><span style=\"font-family: arial, helvetica, sans-serif; font-size: 14pt;\">Y todo el pueblo se re\u00eda a carcajadas, emitiendo extra\u00f1os ruidos con la lengua.<\/span><\/p>\n<p style=\"text-align: justify;\"><span style=\"font-family: arial, helvetica, sans-serif; font-size: 14pt;\">Entonces <strong>Zarathustra<\/strong>, muy entristecido, dijo a su coraz\u00f3n:<\/span><\/p>\n<p style=\"text-align: justify;\"><span style=\"font-family: arial, helvetica, sans-serif; font-size: 14pt;\">\u201c<em>No me entienden. No soy la boca para esos o\u00eddos. Sin duda he vivido demasiado tiempo en las monta\u00f1as, y he escuchado demasiado tiempo a los arroyuelos y a los \u00e1rboles: ahora les hablo como si tambi\u00e9n ellos fueran cabreros.<\/em><\/span><\/p>\n<p style=\"text-align: justify;\"><em><span style=\"font-family: arial, helvetica, sans-serif; font-size: 14pt;\">Mi alma est\u00e1 empapada de placidez, radiante y sosegada como los montes por la ma\u00f1ana. Pero ellos piensan que yo soy fr\u00edo, un buf\u00f3n que usa de iron\u00edas siniestras.<\/span><\/em><\/p>\n<p style=\"text-align: justify;\"><span style=\"font-family: arial, helvetica, sans-serif; font-size: 14pt;\"><em>Me miran y se r\u00eden; y, mientras se r\u00eden, me odian. En esa risa hay hielo<\/em>\u201d.<\/span><\/p>\n<p>&nbsp;<\/p>\n<figure id=\"attachment_1762223\" aria-describedby=\"caption-attachment-1762223\" style=\"width: 360px\" class=\"wp-caption aligncenter\"><img loading=\"lazy\" decoding=\"async\" class=\"wp-image-1762223\" src=\"https:\/\/puntocritico.com\/ausajpuntocritico\/wp-content\/uploads\/2021\/02\/Zoroastro.jpg\" alt=\"\" width=\"360\" height=\"264\" data-id=\"1762223\" srcset=\"https:\/\/puntocritico.com\/ausajpuntocritico\/wp-content\/uploads\/2021\/02\/Zoroastro.jpg 448w, https:\/\/puntocritico.com\/ausajpuntocritico\/wp-content\/uploads\/2021\/02\/Zoroastro-300x220.jpg 300w, https:\/\/puntocritico.com\/ausajpuntocritico\/wp-content\/uploads\/2021\/02\/Zoroastro-80x60.jpg 80w\" sizes=\"auto, (max-width: 360px) 100vw, 360px\" \/><figcaption id=\"caption-attachment-1762223\" class=\"wp-caption-text\"><span style=\"color: #008000;\">Zoroastro<\/span><\/figcaption><\/figure>\n<p style=\"text-align: center;\"><span style=\"font-size: 18pt; color: #008000;\"><strong>***<\/strong><\/span><\/p>\n<p style=\"text-align: justify;\"><span style=\"font-family: arial, helvetica, sans-serif; font-size: 14pt;\">FRIEDRICH NIETZSCHE, As\u00ed habl\u00f3 Zarathustra, Pr\u00f3logo, V.<\/span><\/p>\n<p style=\"text-align: center;\"><span style=\"font-size: 18pt;\"><strong><span style=\"color: #008000;\">*******<\/span><\/strong><\/span><\/p>\n<p style=\"text-align: center;\"><a href=\"https:\/\/puntocritico.com\/ausajpuntocritico\/documentos\/NIETZSCHE_Asi_hablo_Zaratustra.pdf\"><strong><span style=\"font-family: arial, helvetica, sans-serif; font-size: 14pt; color: #008000;\">Descarga: libro completo<\/span><\/strong><\/a><\/p>\n<figure id=\"attachment_713\" aria-describedby=\"caption-attachment-713\" style=\"width: 200px\" class=\"wp-caption aligncenter\"><a href=\"https:\/\/puntocritico.com\/ausajpuntocritico\/documentos\/NIETZSCHE_Asi_hablo_Zaratustra.pdf\"><img loading=\"lazy\" decoding=\"async\" class=\"wp-image-713 size-full\" src=\"https:\/\/puntocritico.com\/ausajpuntocritico\/wp-content\/uploads\/2017\/01\/Asi_hablo_Zaratustra_1.jpg\" width=\"200\" height=\"280\" \/><\/a><figcaption id=\"caption-attachment-713\" class=\"wp-caption-text\"><a href=\"https:\/\/puntocritico.com\/ausajpuntocritico\/documentos\/NIETZSCHE_Asi_hablo_Zaratustra.pdf\"><span style=\"font-family: arial, helvetica, sans-serif; font-size: 14pt;\">As\u00ed habl\u00f3 Zaratustra<\/span><\/a><\/figcaption><\/figure>\n<p style=\"text-align: center;\"><strong><span style=\"font-family: arial, helvetica, sans-serif; font-size: 18pt; color: #008000;\">*******<\/span><\/strong><\/p>\n<blockquote>\n<h3 style=\"text-align: center;\"><span style=\"font-size: 18pt;\"><strong>\u00abEl \u00daltimo Hombre\u201d<\/strong><\/span><\/h3>\n<p><img loading=\"lazy\" decoding=\"async\" class=\"aligncenter wp-image-2264069\" src=\"https:\/\/puntocritico.com\/ausajpuntocritico\/wp-content\/uploads\/2022\/12\/Nietzsche-w-bg-landscape-800x450-1.png\" alt=\"\" width=\"360\" height=\"203\" data-id=\"2264069\" srcset=\"https:\/\/puntocritico.com\/ausajpuntocritico\/wp-content\/uploads\/2022\/12\/Nietzsche-w-bg-landscape-800x450-1.png 800w, https:\/\/puntocritico.com\/ausajpuntocritico\/wp-content\/uploads\/2022\/12\/Nietzsche-w-bg-landscape-800x450-1-300x169.png 300w, https:\/\/puntocritico.com\/ausajpuntocritico\/wp-content\/uploads\/2022\/12\/Nietzsche-w-bg-landscape-800x450-1-768x432.png 768w, https:\/\/puntocritico.com\/ausajpuntocritico\/wp-content\/uploads\/2022\/12\/Nietzsche-w-bg-landscape-800x450-1-610x343.png 610w, https:\/\/puntocritico.com\/ausajpuntocritico\/wp-content\/uploads\/2022\/12\/Nietzsche-w-bg-landscape-800x450-1-678x381.png 678w\" sizes=\"auto, (max-width: 360px) 100vw, 360px\" \/><\/p>\n<p>&nbsp;<\/p>\n<p style=\"font-weight: 400; text-align: center;\"><span style=\"font-size: 14pt;\"><strong><span style=\"color: #008000;\"><em>Para Nietzsche, el \u00faltimo hombre es m\u00e1s despreciable; a diferencia de su superhombre, es un sujeto incapaz de generar su propio sistema de valores, que convierte en bueno, todo aquello que procede de su aut\u00e9ntica voluntad de poder; estos \u00faltimos hombre, peque\u00f1os, demasiado peque\u00f1os, en su debilidad se someten a una esclavitud, resignados e inmersos en el m\u00e1s alienado conformismo, sin rebelarse contra los valores que se les imponen, ante lo cual, no tienen un propio sentido de la vida y se dejan envenenar por aquellos que desprecian la vida, de ah\u00ed, que el gran anhelo nietzscheano es que estos hombres desaparezcan, para que advengan superhombres que s\u00f3lo crean en lo real, en lo que pueden ver, que razonen, sin que se conviertan en ningunos insensibles; el superhombre es consciente de sus pasiones y sus sentimientos, pero su voluntad de poder le permite dominarse a s\u00ed mismo, sin dejarse arrastrar totalmente por ellos.<\/em><\/span><\/strong><\/span><\/p>\n<p style=\"text-align: center;\"><span style=\"font-size: 14pt;\"><span style=\"font-family: Verdana;\"><span style=\"color: #008000;\"><a style=\"color: #008000;\" href=\"http:\/\/letras-uruguay.espaciolatino.com\/aaa\/dapena_botero_jesus_maria\/concepto_del_ultimo_hombre_nietzsche.htm#:~:text=Para%20Nietzsche%2C%20el%20%C3%BAltimo%20hombre,debilidad%20se%20someten%20a%20una\" target=\"_blank\" rel=\"noopener\">Jes\u00fas Mar\u00eda Dapena Botero<\/a><\/span><\/span><\/span><\/p>\n<\/blockquote>\n<p>&nbsp;<\/p>\n<p><img loading=\"lazy\" decoding=\"async\" class=\"aligncenter size-full wp-image-3697\" src=\"https:\/\/puntocritico.com\/ausajpuntocritico\/wp-content\/uploads\/2017\/07\/nietzsche-caricatura.jpg\" alt=\"\" width=\"300\" height=\"400\" data-id=\"3697\" srcset=\"https:\/\/puntocritico.com\/ausajpuntocritico\/wp-content\/uploads\/2017\/07\/nietzsche-caricatura.jpg 300w, https:\/\/puntocritico.com\/ausajpuntocritico\/wp-content\/uploads\/2017\/07\/nietzsche-caricatura-225x300.jpg 225w\" sizes=\"auto, (max-width: 300px) 100vw, 300px\" \/><\/p>\n<p style=\"text-align: center;\"><span style=\"font-size: 18pt; color: #008000;\"><strong>*******<\/strong><\/span><\/p>\n<h2 style=\"text-align: justify;\"><span style=\"font-size: 14pt;\">RELACIONADOS:<\/span><\/h2>\n<blockquote class=\"wp-embedded-content\" data-secret=\"eNpoz9RDxN\"><p><a href=\"https:\/\/puntocritico.com\/ausajpuntocritico\/2022\/08\/24\/estado-es-el-nombre-que-se-da-al-mas-frio-de-todos-los-monstruos-frios-por-friedrich-nietzsche-3\/\">ESTADO ES EL NOMBRE QUE SE DA AL M\u00c1S FR\u00cdO DE TODOS LOS MONSTRUOS FR\u00cdOS, por Friedrich Nietzsche<\/a><\/p><\/blockquote>\n<p><iframe loading=\"lazy\" class=\"wp-embedded-content\" sandbox=\"allow-scripts\" security=\"restricted\" style=\"position: absolute; clip: rect(1px, 1px, 1px, 1px);\" title=\"\u00abESTADO ES EL NOMBRE QUE SE DA AL M\u00c1S FR\u00cdO DE TODOS LOS MONSTRUOS FR\u00cdOS, por Friedrich Nietzsche\u00bb \u2014 Punto Cr\u00edtico Derechos Humanos\" src=\"https:\/\/puntocritico.com\/ausajpuntocritico\/2022\/08\/24\/estado-es-el-nombre-que-se-da-al-mas-frio-de-todos-los-monstruos-frios-por-friedrich-nietzsche-3\/embed\/#?secret=69WWgxZtx8#?secret=eNpoz9RDxN\" data-secret=\"eNpoz9RDxN\" width=\"500\" height=\"282\" frameborder=\"0\" marginwidth=\"0\" marginheight=\"0\" scrolling=\"no\"><\/iframe><\/p>\n<blockquote class=\"wp-embedded-content\" data-secret=\"w6hJ3ErzxZ\"><p><a href=\"https:\/\/puntocritico.com\/ausajpuntocritico\/2021\/02\/24\/nietzsche-la-memoria-la-historia-la-segunda-intempestiva-entre-la-critica-al-historicismo-y-la-negacion-de-la-filosofia-de-la-historia-por-herbert-frey\/\">\u00abNietzsche: la memoria, la historia: la\u00a0Segunda intempestiva\u00a0entre la cr\u00edtica al historicismo y la negaci\u00f3n de la filosof\u00eda de la historia\u00bb, por Herbert Frey<\/a><\/p><\/blockquote>\n<p><iframe loading=\"lazy\" class=\"wp-embedded-content\" sandbox=\"allow-scripts\" security=\"restricted\" style=\"position: absolute; clip: rect(1px, 1px, 1px, 1px);\" title=\"\u00ab\u00abNietzsche: la memoria, la historia: la\u00a0Segunda intempestiva\u00a0entre la cr\u00edtica al historicismo y la negaci\u00f3n de la filosof\u00eda de la historia\u00bb, por Herbert Frey\u00bb \u2014 Punto Cr\u00edtico Derechos Humanos\" src=\"https:\/\/puntocritico.com\/ausajpuntocritico\/2021\/02\/24\/nietzsche-la-memoria-la-historia-la-segunda-intempestiva-entre-la-critica-al-historicismo-y-la-negacion-de-la-filosofia-de-la-historia-por-herbert-frey\/embed\/#?secret=vnL86R3viC#?secret=w6hJ3ErzxZ\" data-secret=\"w6hJ3ErzxZ\" width=\"500\" height=\"282\" frameborder=\"0\" marginwidth=\"0\" marginheight=\"0\" scrolling=\"no\"><\/iframe><\/p>\n<blockquote class=\"wp-embedded-content\" data-secret=\"BpthSJvRit\"><p><a href=\"https:\/\/puntocritico.com\/ausajpuntocritico\/2020\/07\/09\/albert-camus-nietzsche-y-el-nihilismo-2\/\">Albert Camus \u2013 Nietzsche y el nihilismo<\/a><\/p><\/blockquote>\n<p><iframe loading=\"lazy\" class=\"wp-embedded-content\" sandbox=\"allow-scripts\" security=\"restricted\" style=\"position: absolute; clip: rect(1px, 1px, 1px, 1px);\" title=\"\u00abAlbert Camus \u2013 Nietzsche y el nihilismo\u00bb \u2014 Punto Cr\u00edtico Derechos Humanos\" src=\"https:\/\/puntocritico.com\/ausajpuntocritico\/2020\/07\/09\/albert-camus-nietzsche-y-el-nihilismo-2\/embed\/#?secret=kw2Rrfglwv#?secret=BpthSJvRit\" data-secret=\"BpthSJvRit\" width=\"500\" height=\"282\" frameborder=\"0\" marginwidth=\"0\" marginheight=\"0\" scrolling=\"no\"><\/iframe><\/p>\n<blockquote class=\"wp-embedded-content\" data-secret=\"UEwQQOzPgC\"><p><a href=\"https:\/\/puntocritico.com\/ausajpuntocritico\/2022\/03\/28\/albert-camus-y-la-filosofia-del-limite-parte-i-2\/\">ALBERT CAMUS Y LA FILOSOF\u00cdA DEL LIMITE parte 1<\/a><\/p><\/blockquote>\n<p><iframe loading=\"lazy\" class=\"wp-embedded-content\" sandbox=\"allow-scripts\" security=\"restricted\" style=\"position: absolute; clip: rect(1px, 1px, 1px, 1px);\" title=\"\u00abALBERT CAMUS Y LA FILOSOF\u00cdA DEL LIMITE parte 1\u00bb \u2014 Punto Cr\u00edtico Derechos Humanos\" src=\"https:\/\/puntocritico.com\/ausajpuntocritico\/2022\/03\/28\/albert-camus-y-la-filosofia-del-limite-parte-i-2\/embed\/#?secret=HfhYO40oav#?secret=UEwQQOzPgC\" data-secret=\"UEwQQOzPgC\" width=\"500\" height=\"282\" frameborder=\"0\" marginwidth=\"0\" marginheight=\"0\" scrolling=\"no\"><\/iframe><\/p>\n<blockquote class=\"wp-embedded-content\" data-secret=\"pTk4btsi7A\"><p><a href=\"https:\/\/puntocritico.com\/ausajpuntocritico\/2022\/03\/29\/albert-camus-y-la-filosofia-del-limite-parte-ii-2\/\">ALBERT CAMUS Y LA FILOSOF\u00cdA DEL LIMITE (y parte II)<\/a><\/p><\/blockquote>\n<p><iframe loading=\"lazy\" class=\"wp-embedded-content\" sandbox=\"allow-scripts\" security=\"restricted\" style=\"position: absolute; clip: rect(1px, 1px, 1px, 1px);\" title=\"\u00abALBERT CAMUS Y LA FILOSOF\u00cdA DEL LIMITE (y parte II)\u00bb \u2014 Punto Cr\u00edtico Derechos Humanos\" src=\"https:\/\/puntocritico.com\/ausajpuntocritico\/2022\/03\/29\/albert-camus-y-la-filosofia-del-limite-parte-ii-2\/embed\/#?secret=x1a6wcOnyq#?secret=pTk4btsi7A\" data-secret=\"pTk4btsi7A\" width=\"500\" height=\"282\" frameborder=\"0\" marginwidth=\"0\" marginheight=\"0\" scrolling=\"no\"><\/iframe><\/p>\n<blockquote class=\"wp-embedded-content\" data-secret=\"VUwVwVgaV5\"><p><a href=\"https:\/\/puntocritico.com\/ausajpuntocritico\/2021\/07\/26\/el-unico-y-su-propiedad-por-max-stirner\/\">ANARQUISTAS SIN EMPAT\u00cdA: \u00abEl \u00danico y su Propiedad\u00bb, por Max Stirner (1.844). El pupilo de Hegel, que se fue al extremo de la Izquierda Hegeliana y cay\u00f3 en el olvido, es quien hoy inspira la \u00abNueva Pol\u00edtica\u00bb. Los \u00abEgo\u00edstas\u00bb.<\/a><\/p><\/blockquote>\n<p><iframe loading=\"lazy\" class=\"wp-embedded-content\" sandbox=\"allow-scripts\" security=\"restricted\" style=\"position: absolute; clip: rect(1px, 1px, 1px, 1px);\" title=\"\u00abANARQUISTAS SIN EMPAT\u00cdA: \u00abEl \u00danico y su Propiedad\u00bb, por Max Stirner (1.844). El pupilo de Hegel, que se fue al extremo de la Izquierda Hegeliana y cay\u00f3 en el olvido, es quien hoy inspira la \u00abNueva Pol\u00edtica\u00bb. Los \u00abEgo\u00edstas\u00bb.\u00bb \u2014 Punto Cr\u00edtico Derechos Humanos\" src=\"https:\/\/puntocritico.com\/ausajpuntocritico\/2021\/07\/26\/el-unico-y-su-propiedad-por-max-stirner\/embed\/#?secret=6FZAqIa4Y0#?secret=VUwVwVgaV5\" data-secret=\"VUwVwVgaV5\" width=\"500\" height=\"282\" frameborder=\"0\" marginwidth=\"0\" marginheight=\"0\" scrolling=\"no\"><\/iframe><\/p>\n<blockquote class=\"wp-embedded-content\" data-secret=\"N60NhuvqP1\"><p><a href=\"https:\/\/puntocritico.com\/ausajpuntocritico\/2021\/07\/25\/esbozos-de-una-moral-sin-sancion-ni-obligacion-de-jean-marie-guyau\/\">ANARQUISMO Y EMPAT\u00cdA: \u00abEsbozos de una moral sin sanci\u00f3n ni obligaci\u00f3n\u00bb, de Jean-Marie Guyau.<\/a><\/p><\/blockquote>\n<p><iframe loading=\"lazy\" class=\"wp-embedded-content\" sandbox=\"allow-scripts\" security=\"restricted\" style=\"position: absolute; clip: rect(1px, 1px, 1px, 1px);\" title=\"\u00abANARQUISMO Y EMPAT\u00cdA: \u00abEsbozos de una moral sin sanci\u00f3n ni obligaci\u00f3n\u00bb, de Jean-Marie Guyau.\u00bb \u2014 Punto Cr\u00edtico Derechos Humanos\" src=\"https:\/\/puntocritico.com\/ausajpuntocritico\/2021\/07\/25\/esbozos-de-una-moral-sin-sancion-ni-obligacion-de-jean-marie-guyau\/embed\/#?secret=TFj8I2IzYt#?secret=N60NhuvqP1\" data-secret=\"N60NhuvqP1\" width=\"500\" height=\"282\" frameborder=\"0\" marginwidth=\"0\" marginheight=\"0\" scrolling=\"no\"><\/iframe><\/p>\n<blockquote class=\"wp-embedded-content\" data-secret=\"IdkHvRaeMp\"><p><a href=\"https:\/\/puntocritico.com\/ausajpuntocritico\/2021\/07\/15\/izquierda-y-derecha-defienden-a-la-clase-dominante-entrevista-a-diego-fusaro\/\">Derecha e izquierda hegeliana. \u00abIzquierda y derecha defienden a la clase dominante\u00bb, entrevista a Diego Fusaro.<\/a><\/p><\/blockquote>\n<p><iframe loading=\"lazy\" class=\"wp-embedded-content\" sandbox=\"allow-scripts\" security=\"restricted\" style=\"position: absolute; clip: rect(1px, 1px, 1px, 1px);\" title=\"\u00abDerecha e izquierda hegeliana. \u00abIzquierda y derecha defienden a la clase dominante\u00bb, entrevista a Diego Fusaro.\u00bb \u2014 Punto Cr\u00edtico Derechos Humanos\" src=\"https:\/\/puntocritico.com\/ausajpuntocritico\/2021\/07\/15\/izquierda-y-derecha-defienden-a-la-clase-dominante-entrevista-a-diego-fusaro\/embed\/#?secret=X3Uwb4y0Cm#?secret=IdkHvRaeMp\" data-secret=\"IdkHvRaeMp\" width=\"500\" height=\"282\" frameborder=\"0\" marginwidth=\"0\" marginheight=\"0\" scrolling=\"no\"><\/iframe><\/p>\n<blockquote class=\"wp-embedded-content\" data-secret=\"WFSuTHnDir\"><p><a href=\"https:\/\/puntocritico.com\/ausajpuntocritico\/2019\/10\/01\/la-identidad-sin-la-palabra-por-luis-rodriguez-camarero\/\">LA IDENTIDAD SIN LA PALABRA, por Luis Rodr\u00edguez Camarero<\/a><\/p><\/blockquote>\n<p><iframe loading=\"lazy\" class=\"wp-embedded-content\" sandbox=\"allow-scripts\" security=\"restricted\" style=\"position: absolute; clip: rect(1px, 1px, 1px, 1px);\" title=\"\u00abLA IDENTIDAD SIN LA PALABRA, por Luis Rodr\u00edguez Camarero\u00bb \u2014 Punto Cr\u00edtico Derechos Humanos\" src=\"https:\/\/puntocritico.com\/ausajpuntocritico\/2019\/10\/01\/la-identidad-sin-la-palabra-por-luis-rodriguez-camarero\/embed\/#?secret=7AyzQiEpLW#?secret=WFSuTHnDir\" data-secret=\"WFSuTHnDir\" width=\"500\" height=\"282\" frameborder=\"0\" marginwidth=\"0\" marginheight=\"0\" scrolling=\"no\"><\/iframe><\/p>\n<blockquote class=\"wp-embedded-content\" data-secret=\"8GEGDHvIEu\"><p><a href=\"https:\/\/puntocritico.com\/ausajpuntocritico\/2019\/11\/25\/nihilismo-e-identidad-el-sujeto-como-esperanza-dentro-de-la-encrucijada-del-nihilismo-por-salome-parra-rodrigo\/\">NIHILISMO E IDENTIDAD. \u201cEl sujeto como esperanza dentro de la encrucijada del nihilismo\u201d, por Salom\u00e9 Parra Rodrigo<\/a><\/p><\/blockquote>\n<p><iframe loading=\"lazy\" class=\"wp-embedded-content\" sandbox=\"allow-scripts\" security=\"restricted\" style=\"position: absolute; clip: rect(1px, 1px, 1px, 1px);\" title=\"\u00abNIHILISMO E IDENTIDAD. \u201cEl sujeto como esperanza dentro de la encrucijada del nihilismo\u201d, por Salom\u00e9 Parra Rodrigo\u00bb \u2014 Punto Cr\u00edtico Derechos Humanos\" src=\"https:\/\/puntocritico.com\/ausajpuntocritico\/2019\/11\/25\/nihilismo-e-identidad-el-sujeto-como-esperanza-dentro-de-la-encrucijada-del-nihilismo-por-salome-parra-rodrigo\/embed\/#?secret=Ky9DlFvUJK#?secret=8GEGDHvIEu\" data-secret=\"8GEGDHvIEu\" width=\"500\" height=\"282\" frameborder=\"0\" marginwidth=\"0\" marginheight=\"0\" scrolling=\"no\"><\/iframe><\/p>\n<blockquote class=\"wp-embedded-content\" data-secret=\"gwP1bRIdqF\"><p><a href=\"https:\/\/puntocritico.com\/ausajpuntocritico\/2017\/05\/06\/la-justicia-bien-vale-una-revolucion-por-albert-camus\/\">LA JUSTICIA BIEN VALE UNA REVOLUCI\u00d3N, por Albert Camus<\/a><\/p><\/blockquote>\n<p><iframe loading=\"lazy\" class=\"wp-embedded-content\" sandbox=\"allow-scripts\" security=\"restricted\" style=\"position: absolute; clip: rect(1px, 1px, 1px, 1px);\" title=\"\u00abLA JUSTICIA BIEN VALE UNA REVOLUCI\u00d3N, por Albert Camus\u00bb \u2014 Punto Cr\u00edtico Derechos Humanos\" src=\"https:\/\/puntocritico.com\/ausajpuntocritico\/2017\/05\/06\/la-justicia-bien-vale-una-revolucion-por-albert-camus\/embed\/#?secret=ilY1NZkSUe#?secret=gwP1bRIdqF\" data-secret=\"gwP1bRIdqF\" width=\"500\" height=\"282\" frameborder=\"0\" marginwidth=\"0\" marginheight=\"0\" scrolling=\"no\"><\/iframe><\/p>\n<p>&nbsp;<\/p>\n<p>&nbsp;<\/p>\n<p><a href=\"https:\/\/puntocritico.com\/author\/punto-critico\/\"><img loading=\"lazy\" decoding=\"async\" class=\"aligncenter wp-image-48\" src=\"https:\/\/puntocritico.com\/ausajpuntocritico\/wp-content\/uploads\/2016\/11\/Mosca_Punto_Cr\u00edtico_40.png\" alt=\"\" width=\"80\" height=\"80\" \/><\/a><\/p>\n<p>&nbsp;<\/p>\n","protected":false},"excerpt":{"rendered":"<div class=\"mh-excerpt\"><p>&nbsp; AS\u00cd HABL\u00d3 ZARATHUSTRA \u00abVoy a hablarles de lo m\u00e1s despreciable: El \u00daltimo Hombre\u201d \u00abCuando Zaratustra hubo dicho estas palabras contempl\u00f3 de nuevo el pueblo y call\u00f3: \u201cAh\u00ed est\u00e1n\u201d, dijo a su coraz\u00f3n, \u201cy se <a class=\"mh-excerpt-more\" href=\"https:\/\/puntocritico.com\/ausajpuntocritico\/2022\/12\/29\/asi-hablo-zarathustra-por-friedrich-nietzsche-2\/\" title=\"AS\u00cd HABL\u00d3 ZARATHUSTRA, por Friedrich Nietzsche. \u00abVoy a hablarles de lo m\u00e1s despreciable: El \u00daltimo Hombre\u201d.\">[&#8230;]<\/a><\/p>\n<\/div>","protected":false},"author":3,"featured_media":2264064,"comment_status":"open","ping_status":"closed","sticky":false,"template":"","format":"standard","meta":{"_acf_changed":false,"_exactmetrics_skip_tracking":false,"_exactmetrics_sitenote_active":false,"_exactmetrics_sitenote_note":"","_exactmetrics_sitenote_category":0,"footnotes":""},"categories":[8],"tags":[53],"class_list":{"0":"post-2263958","1":"post","2":"type-post","3":"status-publish","4":"format-standard","5":"has-post-thumbnail","7":"category-filosofia","8":"tag-nietzsche"},"acf":[],"_links":{"self":[{"href":"https:\/\/puntocritico.com\/ausajpuntocritico\/wp-json\/wp\/v2\/posts\/2263958","targetHints":{"allow":["GET"]}}],"collection":[{"href":"https:\/\/puntocritico.com\/ausajpuntocritico\/wp-json\/wp\/v2\/posts"}],"about":[{"href":"https:\/\/puntocritico.com\/ausajpuntocritico\/wp-json\/wp\/v2\/types\/post"}],"author":[{"embeddable":true,"href":"https:\/\/puntocritico.com\/ausajpuntocritico\/wp-json\/wp\/v2\/users\/3"}],"replies":[{"embeddable":true,"href":"https:\/\/puntocritico.com\/ausajpuntocritico\/wp-json\/wp\/v2\/comments?post=2263958"}],"version-history":[{"count":0,"href":"https:\/\/puntocritico.com\/ausajpuntocritico\/wp-json\/wp\/v2\/posts\/2263958\/revisions"}],"wp:featuredmedia":[{"embeddable":true,"href":"https:\/\/puntocritico.com\/ausajpuntocritico\/wp-json\/wp\/v2\/media\/2264064"}],"wp:attachment":[{"href":"https:\/\/puntocritico.com\/ausajpuntocritico\/wp-json\/wp\/v2\/media?parent=2263958"}],"wp:term":[{"taxonomy":"category","embeddable":true,"href":"https:\/\/puntocritico.com\/ausajpuntocritico\/wp-json\/wp\/v2\/categories?post=2263958"},{"taxonomy":"post_tag","embeddable":true,"href":"https:\/\/puntocritico.com\/ausajpuntocritico\/wp-json\/wp\/v2\/tags?post=2263958"}],"curies":[{"name":"wp","href":"https:\/\/api.w.org\/{rel}","templated":true}]}}