{"id":2263128,"date":"2022-12-12T00:05:28","date_gmt":"2022-12-11T23:05:28","guid":{"rendered":"https:\/\/puntocritico.com\/ausajpuntocritico\/?p=2263128"},"modified":"2023-02-18T10:20:23","modified_gmt":"2023-02-18T09:20:23","slug":"tecnica-del-golpe-de-estado-por-curzio-malaparte","status":"publish","type":"post","link":"https:\/\/puntocritico.com\/ausajpuntocritico\/2022\/12\/12\/tecnica-del-golpe-de-estado-por-curzio-malaparte\/","title":{"rendered":"CURZIO MALAPARTE: \u00abT\u00c9CNICA DEL GOLPE DE ESTADO\u00bb (1931): \u00abPr\u00f3logo\u00bb."},"content":{"rendered":"<p style=\"text-align: justify;\"><span style=\"color: #008000; font-size: 14pt;\">T\u00c9CNICA DEL GOLPE DE ESTADO<\/span><\/p>\n\n<p>&nbsp;<\/p>\n<h2 style=\"text-align: center;\"><span style=\"font-size: 24pt;\">\u00abT\u00c9CNICA DEL GOLPE DE ESTADO\u00bb<\/span><\/h2>\n<h3 style=\"text-align: center;\"><span style=\"font-size: 18pt;\"><strong>PR\u00d3LOGO<\/strong><\/span><\/h3>\n<p style=\"text-align: justify;\"><span style=\"font-size: 14pt;\">Por Curzio Malaparte<\/span><\/p>\n<p><img loading=\"lazy\" decoding=\"async\" class=\"aligncenter wp-image-2263137 size-full\" src=\"https:\/\/puntocritico.com\/ausajpuntocritico\/wp-content\/uploads\/2022\/12\/Tecnicas-de-golpe-de-estado-portada-amaz.jpg\" alt=\"T\u00c9CNICA DEL GOLPE DE ESTADO\" width=\"340\" height=\"340\" data-id=\"2263137\" srcset=\"https:\/\/puntocritico.com\/ausajpuntocritico\/wp-content\/uploads\/2022\/12\/Tecnicas-de-golpe-de-estado-portada-amaz.jpg 340w, https:\/\/puntocritico.com\/ausajpuntocritico\/wp-content\/uploads\/2022\/12\/Tecnicas-de-golpe-de-estado-portada-amaz-300x300.jpg 300w, https:\/\/puntocritico.com\/ausajpuntocritico\/wp-content\/uploads\/2022\/12\/Tecnicas-de-golpe-de-estado-portada-amaz-150x150.jpg 150w\" sizes=\"auto, (max-width: 340px) 100vw, 340px\" \/><\/p>\n<p>&nbsp;<\/p>\n<p style=\"text-align: justify;\"><span style=\"font-size: 14pt;\">Si bien me propongo mostrar c\u00f3mo se conquista un Estado moderno y c\u00f3mo se defiende, no puede decirse que este libro quiera ser una imitaci\u00f3n de <em><strong>El Pr\u00edncipe<\/strong><\/em> de <strong>Maquiavelo<\/strong>, ni siquiera una imitaci\u00f3n moderna, es decir, poco maquiav\u00e9lica. El momento al que se refieren los temas, los ejemplos, los juicios y la moral de <strong><em>El Pr\u00edncipe<\/em><\/strong> eran de una decadencia tal de la libertad p\u00fablica y privada, de la dignidad del ciudadano y del respeto humano, que ser\u00eda ofender al lector, un hombre libre, tomar como modelo la famosa obra de <a href=\"https:\/\/puntocritico.com\/ausajpuntocritico\/2022\/09\/12\/es-posible-establecer-un-estado-libre-en-un-pais-corrupto-por-nicolas-maquiavelo-2\/\"><strong>Maquiavelo<\/strong><\/a> para tratar algunos de los problemas m\u00e1s importantes que nos plantea la Europa moderna. <\/span><\/p>\n<p style=\"text-align: justify;\"><span style=\"font-size: 14pt;\">La historia pol\u00edtica de estos diez \u00faltimos a\u00f1os no es la de la aplicaci\u00f3n del <strong>Tratado de Versalles<\/strong>, ni la de las consecuencias econ\u00f3micas de la guerra, ni la del esfuerzo de los gobiernos para asegurar la paz europea, sino que es la historia de la lucha entablada entre los defensores del principio de la libertad y de la democracia, es decir, los defensores del Estado parlamentario, y sus adversarios. Las actitudes de los partidos no son otra cosa que los aspectos pol\u00edticos de esa lucha y como tales deben ser considerados si se quiere comprender el significado de muchos acontecimientos de los \u00faltimos a\u00f1os y prever el desarrollo de la actual situaci\u00f3n interna de algunos Estados europeos. <\/span><\/p>\n<p style=\"text-align: justify;\"><span style=\"font-size: 14pt;\">En casi todos los pa\u00edses, al lado de los partidos que se declaran defensores del Estado parlamentario y partidarios de una pol\u00edtica de equilibrio interior, es decir, liberal y democr\u00e1tica (l<em>os conservadores de todo tipo, desde los liberales de <img loading=\"lazy\" decoding=\"async\" class=\"size-full wp-image-2263171 alignleft\" src=\"https:\/\/puntocritico.com\/ausajpuntocritico\/wp-content\/uploads\/2022\/12\/Mussolini-Malaparte.jpg\" alt=\"\" width=\"229\" height=\"350\" data-id=\"2263171\" srcset=\"https:\/\/puntocritico.com\/ausajpuntocritico\/wp-content\/uploads\/2022\/12\/Mussolini-Malaparte.jpg 229w, https:\/\/puntocritico.com\/ausajpuntocritico\/wp-content\/uploads\/2022\/12\/Mussolini-Malaparte-196x300.jpg 196w\" sizes=\"auto, (max-width: 229px) 100vw, 229px\" \/>derechas hasta los socialistas de izquierda<\/em>), hay partidos que plantean el problema del Estado en el terreno revolucionario:<em> son los partidos de extrema derecha y de extrema izquierda, los \u00ab<strong>catilinarios<\/strong>\u00bb, es decir, los fascistas y los comunistas<\/em>. Los <strong>catilinarios de derechas<\/strong> temen el peligro del desorden: acusan al gobierno de debilidad, de incapacidad y de irresponsabilidad; defienden la necesidad de una f\u00e9rrea organizaci\u00f3n estatal y de un control severo de toda la vida pol\u00edtica, social, econ\u00f3mica. Son los id\u00f3latras del Estado, los partidarios del absolutismo estatal. En un Estado centralizador, autoritario, antiliberal y antidemocr\u00e1tico es donde ven la \u00fanica garant\u00eda de orden y de libertad, la \u00fanica defensa contra el peligro comunista. \u00ab<em>Todo en el Estado, nada fuera del Estado, nada contra el Estado<\/em>\u00bb, afirma <strong>Mussolini<\/strong>. Los <strong>catilinarios de izquierdas<\/strong> pretenden la conquista del Estado para instaurar la dictadura del proletariado. \u00ab<em>All\u00ed donde hay libertad, no hay Estado<\/em>\u00bb, afirma <strong>Lenin<\/strong>. <\/span><\/p>\n<p style=\"text-align: justify;\"><span style=\"font-size: 14pt;\">El ejemplo de <strong>Mussolini<\/strong> y de <strong>Lenin<\/strong> influye considerablemente en el desarrollo de la lucha entre los <strong>catilinarios<\/strong> <strong>de derecha y de izquierda<\/strong>, y los defensores del Estado liberal y democr\u00e1tico. <em><strong>Existen, sin duda, una t\u00e1ctica fascista y una t\u00e1ctica comunista<\/strong><\/em>. Sin embargo, conviene hacer notar que, hasta ahora, ni los\u00a0<\/span><span style=\"font-size: 14pt;\"><strong>catilinarios<\/strong> ni los defensores del Estado parecen saber en qu\u00e9 consisten la una y la otra, si existen analog\u00edas entre<\/span><\/p>\n<figure id=\"attachment_2263175\" aria-describedby=\"caption-attachment-2263175\" style=\"width: 329px\" class=\"wp-caption alignright\"><img loading=\"lazy\" decoding=\"async\" class=\"size-full wp-image-2263175\" src=\"https:\/\/puntocritico.com\/ausajpuntocritico\/wp-content\/uploads\/2022\/12\/330px-Bela_Kun_Jacques_Sadoul_Leon_Trotsky_Mikhail_Frunze_Sergey_Gusev_1920.jpg\" alt=\"\" width=\"329\" height=\"191\" data-id=\"2263175\" srcset=\"https:\/\/puntocritico.com\/ausajpuntocritico\/wp-content\/uploads\/2022\/12\/330px-Bela_Kun_Jacques_Sadoul_Leon_Trotsky_Mikhail_Frunze_Sergey_Gusev_1920.jpg 329w, https:\/\/puntocritico.com\/ausajpuntocritico\/wp-content\/uploads\/2022\/12\/330px-Bela_Kun_Jacques_Sadoul_Leon_Trotsky_Mikhail_Frunze_Sergey_Gusev_1920-300x174.jpg 300w\" sizes=\"auto, (max-width: 329px) 100vw, 329px\" \/><figcaption id=\"caption-attachment-2263175\" class=\"wp-caption-text\"><span style=\"color: #008000;\"><a href=\"http:\/\/La rep\u00fablica sovi\u00e9tica h\u00fangara de 1919. La revoluci\u00f3n olvidada\"><strong>La rep\u00fablica sovi\u00e9tica h\u00fangara de 1919<\/strong><\/a>. Desde la izquierda: B\u00e9la Kun, Alfred Rosmer, Leon Trotsky, Mikhail Frunze y Sergey Gusev. Kharkiv Ucrania 1920. Guerra Civil Rusa.<\/span><\/figcaption><\/figure>\n<p style=\"text-align: justify;\"><span style=\"font-size: 14pt;\">ellas o cu\u00e1les son sus caracter\u00edsticas propias. La t\u00e1ctica de <strong>Bela<\/strong> <strong>Kun<\/strong> no tiene nada en com\u00fan con la t\u00e1ctica <em>bolchevique<\/em>. El intento revolucionario de <strong>Kapp<\/strong> no es m\u00e1s que una sedici\u00f3n militar. Los golpes de <strong>Primo de Rivera<\/strong> y de <strong>Pilsudski<\/strong> parecen haber sido concebidos y ejecutados de acuerdo con las reglas de una t\u00e1ctica tradicional que no se parece en nada a la t\u00e1ctica fascista. <strong>Bela Kun<\/strong> puede parecer un t\u00e1ctico m\u00e1s moderno, m\u00e1s t\u00e9cnico y, por eso, m\u00e1s peligroso que los otros tres; pero incluso \u00e9l, al plantearse el problema de la conquista del Estado, demuestra desconocer la existencia, no s\u00f3lo de una t\u00e1ctica insurreccional moderna, sino tambi\u00e9n de una t\u00e9cnica moderna del golpe de Estado. <strong>Bela Kun<\/strong> cree imitar a <strong>Trotsky<\/strong> y no se da cuenta de que se ha limitado a seguir las reglas establecidas por <strong>Marx<\/strong> seg\u00fan el ejemplo de la <strong>Comuna de Par\u00eds de 1871<\/strong>. <strong>Kapp<\/strong> cree poder repetir el golpe del <strong>18 de Brumario<\/strong> contra la <em><strong>Asamblea de Weimar<\/strong><\/em>. <strong>Primo de Rivera<\/strong> y <strong>Pilsudski<\/strong> creen que para apoderarse de un Estado moderno basta con derrocar con las armas un gobierno constitucional.<\/span><\/p>\n<p>&nbsp;<\/p>\n<figure id=\"attachment_2263174\" aria-describedby=\"caption-attachment-2263174\" style=\"width: 678px\" class=\"wp-caption aligncenter\"><a href=\"https:\/\/historiahoy.com.ar\/putsch-kapp-o-como-los-trabajadores-salvaron-la-revolucion-n3437\" target=\"_blank\" rel=\"noopener\"><img loading=\"lazy\" decoding=\"async\" class=\"wp-image-2263174 size-mh-magazine-content\" src=\"https:\/\/puntocritico.com\/ausajpuntocritico\/wp-content\/uploads\/2022\/12\/REVOLUCION-DE-KAPP-1920-678x381.jpg\" alt=\"\" width=\"678\" height=\"381\" data-id=\"2263174\" \/><\/a><figcaption id=\"caption-attachment-2263174\" class=\"wp-caption-text\"><a href=\"https:\/\/historiahoy.com.ar\/putsch-kapp-o-como-los-trabajadores-salvaron-la-revolucion-n3437\" target=\"_blank\" rel=\"noopener\"><strong><span style=\"color: #008000;\">Putsch Kapp, o como los trabajadores salvaron la Revoluci\u00f3n<\/span><\/strong><\/a><br \/>\n<span style=\"color: #008000;\">Un 13 de marzo de 1920, el conocido como el Marinebrigade Ehrhardt, uno de los muchos Freikorps (Cuerpos Libres) que pululaban por el antiguo Reich, formado por antiguos suboficiales de la marina se sublev\u00f3 contra el gobierno legitimo de la Rep\u00fablica. Estaban coordinados bajo la iniciativa del Comandante General del Reichswehr (Oberbefehlshaber des Reichswehr-Gruppenkommando I ) en Berl\u00edn, Walther Freiherr von L\u00fcttwitz. Ocuparon los principales edificios gubernamentales de Berl\u00edn e inmediatamente declararon derribado el gobierno socialdem\u00f3crata del Presidente Friedrich Ebert y su canciller Gustav Bauer.<\/span><br \/>\n<span style=\"color: #008000;\">Ni una sencilla bala de un M98 fue disparada, y la respuesta del gobierno ante esta asonada militar fue huir. Quien sali\u00f3 en defensa de la democracia, la revoluci\u00f3n y del r\u00e9gimen de Weimar, fueron los trabajadores, que s\u00ed dieron una respuesta acorde al desaf\u00edo. Este evento pasara a la historia como el Putsch Kapp&amp;L\u00fcttwitz.<\/span><\/figcaption><\/figure>\n<p>&nbsp;<\/p>\n<p style=\"text-align: justify;\"><span style=\"font-size: 14pt;\">Es evidente que ni los gobiernos ni los <strong>catilinarios<\/strong> se han planteado a\u00fan la cuesti\u00f3n de saber si hay una t\u00e9cnica moderna del golpe de Estado y cu\u00e1les pueden ser sus reglas fundamentales. A la t\u00e1ctica revolucionaria de los catilinarios, los gobiernos siguen oponiendo una t\u00e1ctica defensiva que revela una ignorancia absoluta de los principios elementales del arte de conquistar y de defender el Estado moderno. S\u00f3lo <strong>Bauer<\/strong>, <strong><em>canciller del Reich<\/em><\/strong> en marzo de 1920, ha dado\u00a0<\/span><span style=\"font-size: 14pt;\">muestras de haber entendido que para poder defender el Estado hace falta conocer el arte de apoderarse de \u00e9l. <\/span><\/p>\n<p style=\"text-align: justify;\"><span style=\"font-size: 14pt;\">Contra el intento revolucionario de <strong>Kapp<\/strong>, el <strong>canciller<\/strong> <strong>Bauer<\/strong>, hombre de cualidades mediocres, educado en la escuela<\/span><\/p>\n<figure id=\"attachment_2263176\" aria-describedby=\"caption-attachment-2263176\" style=\"width: 300px\" class=\"wp-caption alignright\"><img loading=\"lazy\" decoding=\"async\" class=\"wp-image-2263176 size-medium\" src=\"https:\/\/puntocritico.com\/ausajpuntocritico\/wp-content\/uploads\/2022\/12\/primo-rivera-1926-300x169.jpg\" alt=\"\" width=\"300\" height=\"169\" data-id=\"2263176\" srcset=\"https:\/\/puntocritico.com\/ausajpuntocritico\/wp-content\/uploads\/2022\/12\/primo-rivera-1926-300x169.jpg 300w, https:\/\/puntocritico.com\/ausajpuntocritico\/wp-content\/uploads\/2022\/12\/primo-rivera-1926-610x343.jpg 610w, https:\/\/puntocritico.com\/ausajpuntocritico\/wp-content\/uploads\/2022\/12\/primo-rivera-1926.jpg 620w\" sizes=\"auto, (max-width: 300px) 100vw, 300px\" \/><figcaption id=\"caption-attachment-2263176\" class=\"wp-caption-text\"><a href=\"https:\/\/es.wikipedia.org\/wiki\/Dictadura_de_Primo_de_Rivera\" target=\"_blank\" rel=\"noopener\">Dictadura de Primo de Rivera<\/a> (1923-1930)<\/figcaption><\/figure>\n<p style=\"text-align: justify;\"><span style=\"font-size: 14pt;\">marxista pero, en el fondo, conservador como cualquier buen alem\u00e1n de clase media, no dud\u00f3 en emplear el arma de la <em>huelga general<\/em>. Fue el primero en aplicar, en defensa del Estado, la regla fundamental de la t\u00e1ctica comunista. El arte de defender el Estado moderno est\u00e1 regulado por los mismos principios que regulan el arte de conquistarlo: es lo que podr\u00eda denominarse la f\u00f3rmula de <strong>Bauer<\/strong>. Obviamente, la concepci\u00f3n del honesto <em><strong>canciller del Reich<\/strong><\/em> no es la de <strong>Fouch\u00e9<\/strong>. En su f\u00f3rmula queda impl\u00edcita la condena de los sistemas cl\u00e1sicos de polic\u00eda, a los que recurren los gobiernos ante cualquier circunstancia y contra cualquier peligro, sin distinguir entre un tumulto en un suburbio o una revuelta en un cuartel, entre una huelga y<\/span><\/p>\n<figure id=\"attachment_2263177\" aria-describedby=\"caption-attachment-2263177\" style=\"width: 235px\" class=\"wp-caption alignleft\"><a href=\"https:\/\/gl.wikipedia.org\/wiki\/Gustav_Bauer\" target=\"_blank\" rel=\"noopener\"><img loading=\"lazy\" decoding=\"async\" class=\"wp-image-2263177 size-medium\" src=\"https:\/\/puntocritico.com\/ausajpuntocritico\/wp-content\/uploads\/2022\/12\/Gustav_Bauer-235x300.jpg\" alt=\"\" width=\"235\" height=\"300\" data-id=\"2263177\" srcset=\"https:\/\/puntocritico.com\/ausajpuntocritico\/wp-content\/uploads\/2022\/12\/Gustav_Bauer-235x300.jpg 235w, https:\/\/puntocritico.com\/ausajpuntocritico\/wp-content\/uploads\/2022\/12\/Gustav_Bauer-610x778.jpg 610w, https:\/\/puntocritico.com\/ausajpuntocritico\/wp-content\/uploads\/2022\/12\/Gustav_Bauer.jpg 705w\" sizes=\"auto, (max-width: 235px) 100vw, 235px\" \/><\/a><figcaption id=\"caption-attachment-2263177\" class=\"wp-caption-text\"><span style=\"color: #008000;\"><a href=\"https:\/\/gl.wikipedia.org\/wiki\/Gustav_Bauer\" target=\"_blank\" rel=\"noopener\"><strong>Gustav Bauer<\/strong><\/a>&#8211; Chancellor of Germany from 1919 to 1920.<\/span><\/figcaption><\/figure>\n<p style=\"text-align: justify;\"><span style=\"font-size: 14pt;\">una revoluci\u00f3n, entre una conjura parlamentaria y una barricada. Es bien conocida la apolog\u00eda que hac\u00eda <strong>Fouch\u00e9<\/strong> de sus sistemas, con los que afirmaba poder provocar, prevenir o reprimir des\u00f3rdenes de todo tipo. Pero \u00bfde qu\u00e9 servir\u00edan hoy en d\u00eda los sistemas de <strong>Fouch\u00e9<\/strong> frente a las t\u00e1cticas de los comunistas y los fascistas? <\/span><\/p>\n<p style=\"text-align: justify;\"><span style=\"font-size: 14pt;\">Sobre esto es curioso constatar que la t\u00e1ctica empleada por el gobierno del <em><strong>Reich<\/strong><\/em> para contener y sofocar la sedici\u00f3n <em>hitleriana<\/em> no es m\u00e1s que la aplicaci\u00f3n pura y dura del sistema cl\u00e1sico de polic\u00eda. Para justificar la pol\u00edtica del gobierno del <em><strong>Reich<\/strong><\/em> frente a <strong>Hitler<\/strong> en Alemania se dice que <strong>Bauer<\/strong> contra <strong>Hitler<\/strong> no ser\u00eda lo mismo que <strong>Bauer<\/strong> contra <strong>Kapp<\/strong>. Es cierto que hay una enorme diferencia entre la t\u00e1ctica de <strong>Kapp<\/strong> y la de <strong>Hitler<\/strong>; pero el mejor juez de la actual situaci\u00f3n alemana es <strong>Bauer<\/strong>. Su f\u00f3rmula se revela, cada d\u00eda m\u00e1s, como la \u00fanica capaz de medir la inutilidad de la t\u00e1ctica seguida por el gobierno para proteger al <em><strong>Reich<\/strong><\/em> de cualquier peligro. <\/span><\/p>\n<p style=\"text-align: justify;\"><span style=\"font-size: 14pt;\">\u00ab<em>Pero \u00bfexiste un peligro hitleriano?<\/em>\u00bb, se preguntan los defensores del <em><strong>Reich<\/strong><\/em>, y concluyen con la afirmaci\u00f3n de que s\u00f3lo existe un peligro en Alemania y en Europa, y es el peligro comunista. <strong>Bauer<\/strong> podr\u00eda objetar que el gobierno del <em><strong>Reich<\/strong><\/em>, contra la amenaza comunista, sigue la misma t\u00e1ctica que adopt\u00f3 para enfrentarse a la sedici\u00f3n <em>hitleriana<\/em>, que consiste en la aplicaci\u00f3n de los cl\u00e1sicos sistemas policiales. Y aqu\u00ed volvemos a la f\u00f3rmula de <strong>Bauer<\/strong>. Para defender al Estado de un intento revolucionario fascista o comunista hay que emplear una t\u00e1ctica defensiva basada en los mismos principios que regulan la t\u00e1ctica fascista o la comunista. En otras palabras, a un <strong>Trotsky<\/strong> hay que oponerle un <strong>Trotsky<\/strong>, no un <strong>Kerenski<\/strong>, es decir, los sistemas policiales. <strong>Kerenski<\/strong> no es m\u00e1s que un Fouch\u00e9 democr\u00e1tico y liberal con alguna idea marxista, un Fouch\u00e9 al estilo del gabinete <strong>Waldeck-Rousseau<\/strong>, y al estilo <strong>Millerand<\/strong>, en la Francia de <strong>1899<\/strong>. No hay que olvidar que un <strong>Kerenski<\/strong> tambi\u00e9n tiene hoy el poder en Alemania: a <strong>Hitler<\/strong> hay que oponerle un <strong>Hitler<\/strong>. Para defenderse de los comunistas y de los fascistas hay que combatirlos en su mismo terreno. La t\u00e1ctica que hubiese empleado <strong>Bauer<\/strong> el <em><strong>18 de Brumario<\/strong><\/em> contra <strong>Bonaparte<\/strong> hubiese sido la de enfrentarse a \u00e9l en su propio terreno: hubiera usado todos los medios legales e ilegales para obligar a <strong>Bonaparte<\/strong> a mantenerse en el terreno del procedimiento parlamentario, el elegido por <strong>Siey\u00e8s<\/strong> para ejecutar el golpe de Estado. A la t\u00e1ctica de <strong>Bonaparte<\/strong>, <strong>Bauer<\/strong> hubiese opuesto la t\u00e1ctica de <strong>Bonaparte<\/strong>.<\/span><\/p>\n<p>&nbsp;<\/p>\n<blockquote>\n<p style=\"text-align: center;\"><strong><span style=\"font-size: 14pt; color: #008000;\">En otras palabras, a un Trotsky hay que oponerle un Trotsky, no un Kerenski, es decir, los sistemas policiales: a Hitler hay que oponerle un Hitler. <\/span><\/strong><\/p>\n<p style=\"text-align: center;\"><strong><span style=\"font-size: 14pt; color: #008000;\">Para defenderse de los comunistas y de los fascistas hay que combatirlos en su mismo terreno.<\/span><\/strong><\/p>\n<\/blockquote>\n<p>&nbsp;<\/p>\n<p style=\"text-align: justify;\"><span style=\"font-size: 14pt;\">Las actuales condiciones europeas ofrecen grandes probabilidades de \u00e9xito a las ambiciones de los <em><strong>catilinarios de derechas e izquierdas<\/strong><\/em>. La insuficiencia de las medidas previstas o adoptadas por los gobiernos para abortar una eventual tentativa revolucionaria es tan grave que el peligro de un golpe de Estado debe ser considerado seriamente en muchos pa\u00edses de Europa. La naturaleza particular del Estado moderno, la complejidad y la delicadeza de sus funciones, la gravedad de los problemas pol\u00edticos, econ\u00f3micos y sociales que est\u00e1 llamado a resolver, lo convierten en el centro geom\u00e9trico de las debilidades y de las inquietudes del pueblo, con lo que aumentan las dificultades que debe superar para asegurar su defensa. El Estado moderno est\u00e1 m\u00e1s expuesto de lo que se cree al peligro revolucionario. Los gobiernos no saben defenderlo. Es una observaci\u00f3n sin valor la de objetar que, si bien los gobiernos no saben defenderlo, los catilinarios demuestran en muchos casos que desconocen hasta los elementos esenciales de la t\u00e9cnica moderna del golpe de Estado. Porque, aunque es verdad que los <strong>catilinarios<\/strong>, en muchos casos, no han sabido hasta ahora sacar provecho de las circunstancias favorables para adue\u00f1arse del poder, no es menos cierto que este peligro existe. <\/span><\/p>\n<p>&nbsp;<\/p>\n<p><img loading=\"lazy\" decoding=\"async\" class=\"aligncenter wp-image-2263133 size-mh-magazine-content\" src=\"https:\/\/puntocritico.com\/ausajpuntocritico\/wp-content\/uploads\/2022\/12\/TECNICAS-DE-GOLPE-DE-ESTADO-libro-678x381.jpg\" alt=\"\" width=\"678\" height=\"381\" data-id=\"2263133\" \/><\/p>\n<p>&nbsp;<\/p>\n<p style=\"text-align: justify;\"><span style=\"font-size: 14pt;\">La opini\u00f3n p\u00fablica de estos pa\u00edses, liberal y democr\u00e1tica, se equivoca al no preocuparse por la eventualidad de un golpe de Estado. Tal posibilidad, dadas las condiciones actuales en Europa, no es inviable en ning\u00fan pa\u00eds. Un <strong>Primo de Rivera<\/strong> o un <strong>Pilsudski<\/strong> no tendr\u00edan ninguna posibilidad de \u00e9xito en un pa\u00eds libre y organizado, ni por usar un t\u00e9rmino del <strong>siglo XVII<\/strong> y de significado muy moderno, en un <em>Estado polic\u00e9<\/em>. El argumento es acertad\u00edsimo, pero es demasiado f\u00e1cil y demasiado ingl\u00e9s. Porque nadie ha dicho que el peligro de un golpe de Estado tenga que llamarse necesariamente <strong>Primo de Rivera<\/strong> o <strong>Pilsudski<\/strong>. Entonces, \u00bfcu\u00e1l es el problema al que se enfrentan todos los gobiernos de Europa? <\/span><\/p>\n<p style=\"text-align: justify;\"><span style=\"font-size: 14pt;\">Los pol\u00edticos europeos pertenecen mayoritariamente a la familia de <strong>C\u00e1ndido<\/strong>: su optimismo liberal y democr\u00e1tico los salva de cualquier sospecha y de cualquier preocupaci\u00f3n. Pero hay algunos, menos dados a los t\u00edpicos prejuicios y<\/span><\/p>\n<figure id=\"attachment_2263199\" aria-describedby=\"caption-attachment-2263199\" style=\"width: 300px\" class=\"wp-caption alignleft\"><a href=\"https:\/\/es.wikipedia.org\/wiki\/Gustav_Stresemann\" target=\"_blank\" rel=\"noopener\"><img loading=\"lazy\" decoding=\"async\" class=\"wp-image-2263199\" src=\"https:\/\/puntocritico.com\/ausajpuntocritico\/wp-content\/uploads\/2022\/12\/gustav_stresemann.webp\" alt=\"\" width=\"300\" height=\"197\" data-id=\"2263199\" srcset=\"https:\/\/puntocritico.com\/ausajpuntocritico\/wp-content\/uploads\/2022\/12\/gustav_stresemann.webp 550w, https:\/\/puntocritico.com\/ausajpuntocritico\/wp-content\/uploads\/2022\/12\/gustav_stresemann-300x197.webp 300w\" sizes=\"auto, (max-width: 300px) 100vw, 300px\" \/><\/a><figcaption id=\"caption-attachment-2263199\" class=\"wp-caption-text\"><span style=\"color: #008000;\"><a href=\"https:\/\/es.wikipedia.org\/wiki\/Gustav_Stresemann\" target=\"_blank\" rel=\"noopener\">Gustav Stresemann<\/a>, canciller y ministro de Asuntos Exteriores de Alemania (1923-1929). La \u00edndole pragm\u00e1tica de su pol\u00edtica le procur\u00f3 muchos enemigos y acab\u00f3 siendo abandonado por una gran parte de la clase pol\u00edtica con la que tuvo que lidiar. Junto a Aristide Briand fue el art\u00edfice del acercamiento franco-alem\u00e1n y de otros numerosos acuerdos diplom\u00e1ticos que pretend\u00edan estabilizar la situaci\u00f3n en la Europa de la posguerra, lo que les vali\u00f3 a ambos la concesi\u00f3n del Premio Nobel de la Paz en 1926. Sin embargo, este acercamiento se detuvo con la muerte de Stresemann, que supuso para la Rep\u00fablica de Weimar la p\u00e9rdida de uno de sus \u00faltimos defensores.<\/span><\/figcaption><\/figure>\n<p style=\"text-align: justify;\"><span style=\"font-size: 14pt;\">dotados de una sensibilidad m\u00e1s moderna, que empiezan a darse cuenta de que los sistemas policiales cl\u00e1sicos no bastan para garantizar la seguridad del Estado. Durante un estudio que he llevado a cabo recientemente sobre la situaci\u00f3n en Alemania, donde la pol\u00e9mica sobre la defensa del <em><strong>Reich<\/strong> <\/em>es hoy m\u00e1s actual que nunca, he tenido ocasi\u00f3n de escuchar por parte de muchos una opini\u00f3n de <strong>Stresemann<\/strong> sobre <strong>Hitler<\/strong>: \u00ab<em>La t\u00e1ctica empleada por Cicer\u00f3n contra Catilina no dar\u00eda ning\u00fan resultado contra Hitler<\/em>.\u00bb Est\u00e1 claro que <strong>Stresemann<\/strong> se planteaba el problema de la defensa del <em><strong>Reich<\/strong><\/em> en t\u00e9rminos muy diferentes de los consagrados por la tradici\u00f3n estatal alemana. Se declaraba contrario a la t\u00e1ctica que domina a\u00fan la concepci\u00f3n de la defensa del Estado en la mayor parte de los pa\u00edses de Europa, es decir, la t\u00e1ctica fundamentada en el sistema policial, la t\u00e1ctica con la que <strong>Cicer\u00f3n<\/strong> desmantel\u00f3 la conjura de <strong>Catilina<\/strong>. <\/span><\/p>\n<p style=\"text-align: justify;\"><span style=\"font-size: 14pt;\">A prop\u00f3sito de la actual situaci\u00f3n alemana, enseguida volver\u00e9 sobre la actitud de <strong>Stresemann<\/strong> ante el intento revolucionario de <strong>Kapp<\/strong> en <em>Berl\u00edn en 1920<\/em> y ante el de <strong>Kahr<\/strong> y <strong>Hitler<\/strong> en <em>M\u00fanich en 1923<\/em>. La incertidumbre y la debilidad que demostr\u00f3 <strong>Stresemann<\/strong> en aquellas ocasiones reflejan fielmente las contradicciones que acosan al pueblo alem\u00e1n frente al peligro de un golpe de Estado. En la <em><strong>Alemania de Weimar<\/strong><\/em> el problema del Estado no es s\u00f3lo un problema de autoridad, es tambi\u00e9n un problema de libertad. Si los sistemas policiales se demuestran insuficientes para garantizar la defensa del <em><strong>Reich<\/strong> <\/em>ante una eventual tentativa <em>comunista<\/em> o <em>hitleriana<\/em>, \u00bfa qu\u00e9 medidas puede y debe recurrir el gobierno sin poner en peligro la libertad del pueblo alem\u00e1n? <strong>Stresemann<\/strong>, en un discurso pronunciado el 23 de agosto de 1923 en una reuni\u00f3n entre industriales, declar\u00f3 que no habr\u00eda dudado en recurrir a medidas dictatoriales si las circunstancias lo hubiesen requerido. Pero, entre los sistemas policiales y las medidas dictatoriales, \u00bfno hay otros medios que garanticen la defensa del <em><strong>Reich<\/strong><\/em>? \u00c9stos son los t\u00e9rminos en los que se establece el problema alem\u00e1n y son los mismos en los que se establece, en casi todos los pa\u00edses europeos, el problema de la defensa del Estado. <\/span><\/p>\n<figure id=\"attachment_2263198\" aria-describedby=\"caption-attachment-2263198\" style=\"width: 240px\" class=\"wp-caption alignright\"><img loading=\"lazy\" decoding=\"async\" class=\"wp-image-2263198\" src=\"https:\/\/puntocritico.com\/ausajpuntocritico\/wp-content\/uploads\/2022\/12\/220px-1923_gdansk_500mln.jpg\" alt=\"\" width=\"240\" height=\"139\" data-id=\"2263198\" \/><figcaption id=\"caption-attachment-2263198\" class=\"wp-caption-text\"><span style=\"color: #008000;\">Billete de 500 Millones de Marcos alemanes.<\/span><\/figcaption><\/figure>\n<p style=\"text-align: justify;\"><span style=\"font-size: 14pt;\">Las actuales circunstancias de Europa, y de la pol\u00edtica de los gobiernos frente a los <strong>catilinarios<\/strong>, no pueden examinarse ni juzgarse seg\u00fan el esp\u00edritu y el m\u00e9todo de <strong>Maquiavelo<\/strong>. El problema de la conquista y de la defensa del Estado moderno no es un problema pol\u00edtico, sino t\u00e9cnico. Las circunstancias favorables para un golpe de Estado no son de naturaleza necesariamente pol\u00edtica o social y no dependen de la situaci\u00f3n general del pa\u00eds. La t\u00e9cnica revolucionaria empleada por <strong>Trotsky<\/strong> para hacerse con el poder en <strong><em>Petrogrado en octubre de 1917<\/em><\/strong> dar\u00eda los mismos resultados si se emplease en Suiza o en Holanda. \u00ab<em>O en Inglaterra<\/em>\u00bb, a\u00f1ad\u00eda <strong>Trotsky<\/strong>. Estas afirmaciones \u00fanicamente parecer\u00e1n absurdas o arbitrarias a los que consideran el problema revolucionario como un problema exclusivamente pol\u00edtico o social, y a los que, para juzgar las situaciones y los hechos actuales, se remiten a los ejemplos de la tradici\u00f3n revolucionaria ya superada, a <strong>Cromwell<\/strong>, al <em><strong>18 de Brumario<\/strong><\/em> o a la <strong><em>Comuna de Par\u00eds<\/em><\/strong>. <\/span><\/p>\n<figure id=\"attachment_2263179\" aria-describedby=\"caption-attachment-2263179\" style=\"width: 296px\" class=\"wp-caption alignleft\"><a href=\"https:\/\/elobrero.es\/historalia\/71839-pio-xi-y-su-desencuentro-con-los-totalitarismos.html\" target=\"_blank\" rel=\"noopener\"><img loading=\"lazy\" decoding=\"async\" class=\"wp-image-2263179 size-full\" src=\"https:\/\/puntocritico.com\/ausajpuntocritico\/wp-content\/uploads\/2022\/12\/Pio-XI.jpg\" alt=\"\" width=\"296\" height=\"170\" data-id=\"2263179\" \/><\/a><figcaption id=\"caption-attachment-2263179\" class=\"wp-caption-text\"><span style=\"color: #008000;\"><a href=\"https:\/\/es.wikipedia.org\/wiki\/P%C3%ADo_XI\" target=\"_blank\" rel=\"noopener\"><strong>P\u00edo XI<\/strong><\/a> (en lat\u00edn, Pius PP. XI), de nombre secular <strong>Achille Damiano Ambrogio Ratti<\/strong> (Desio, Italia, 31 de mayo de 1857 &#8211; Ciudad del Vaticano, 10 de febrero de 1939) fue el 259.\u00ba papa de la Iglesia cat\u00f3lica desde su elecci\u00f3n en 1922 hasta su muerte, as\u00ed como el primer soberano de la Ciudad del Vaticano tras su proclamaci\u00f3n como Estado independiente en 1929, lo que hace que su pontificado comprenda casi todo el per\u00edodo de entreguerras.<\/span><\/figcaption><\/figure>\n<p style=\"text-align: justify;\"><span style=\"font-size: 14pt;\">En el verano de <strong>1920<\/strong>, en <strong><em>Varsovia<\/em><\/strong>, durante una de las reuniones que celebraba casi a diario el cuerpo diplom\u00e1tico en la <em>Nunciatura Apost\u00f3lica<\/em> para examinar la situaci\u00f3n de Polonia, invadida por el <strong><em>Ej\u00e9rcito Rojo de Trotsky<\/em><\/strong> y desgarrada por las luchas intestinas, tuve ocasi\u00f3n de escuchar un di\u00e1logo bastante encendido, una especie de disertaci\u00f3n muy poco acad\u00e9mica sobre la naturaleza y los peligros de las revoluciones que se entabl\u00f3 entre el <em>embajador de Inglaterra<\/em>, sir <strong>Horace<\/strong> <strong>Rumbold<\/strong>, y <strong>monse\u00f1or<\/strong> <strong>Ratti<\/strong>, el actual papa <strong>P\u00edo XI<\/strong>, <em>nuncio apost\u00f3lico en Varsovia<\/em> por aquel entonces. Fue una rara ocasi\u00f3n la de o\u00edr a un futuro papa defender las opiniones de <strong>Trotsky<\/strong> sobre el problema revolucionario moderno, contra un ministro ingl\u00e9s y en presencia de los representantes diplom\u00e1ticos de las principales naciones del mundo. <strong>Sir Horace Rumbold<\/strong> declaraba que el desorden era extraordinario en toda <em>Polonia<\/em>, que de aquel desorden surgir\u00eda fatalmente cualquier d\u00eda una revoluci\u00f3n y que, por eso, el cuerpo diplom\u00e1tico deb\u00eda abandonar <em>Varsovia<\/em> y refugiarse en <em>Posen<\/em>. <strong>Monse\u00f1or Ratti<\/strong> replicaba que, en efecto, el desorden era grande en todo el pa\u00eds, pero que la revoluci\u00f3n no es nunca consecuencia necesaria del desorden y que por ello consideraba un error abandonar la capital, tanto m\u00e1s cuanto la reubicaci\u00f3n del cuerpo diplom\u00e1tico en <em>Posen<\/em> se interpretar\u00eda como una falta de confianza en el ej\u00e9rcito polaco, y conclu\u00eda que \u00e9l no abandonar\u00eda <em>Varsovia<\/em>. En un pa\u00eds civilizado donde la organizaci\u00f3n del Estado es poderosa, replicaba el ministro de Inglaterra, el peligro de una revoluci\u00f3n no existe. Por lo tanto, el desorden es el \u00fanico origen de las revoluciones. <strong>Monse\u00f1or Ratti<\/strong>, que defend\u00eda sin darse cuenta la tesis de <strong>Trotsky<\/strong>, insist\u00eda en su afirmaci\u00f3n de que la revoluci\u00f3n es tan posible en un pa\u00eds civilizado, fuertemente organizado y <em>polic\u00e9<\/em> como Inglaterra, como en un pa\u00eds presa de la <em>anarqu\u00eda<\/em>, como lo era <strong><em>Polonia<\/em><\/strong> en aquel momento, minado por la lucha entre las facciones pol\u00edticas e invadido por un ej\u00e9rcito enemigo. \u00ab<em>Oh never!<\/em>\u00bb, exclamaba sir <strong>Horace<\/strong> <strong>Rumbold<\/strong>. Parec\u00eda tan entristecido y escandalizado por aquella calumnia sobre la posibilidad de una revoluci\u00f3n en Inglaterra como lo hab\u00eda estado la <strong>reina Victoria<\/strong> cuando <strong>lord<\/strong> <strong>Melbourne<\/strong> le revel\u00f3 que pod\u00edan hacerse cambios en las carteras de un gobierno.<\/span><\/p>\n<p>&nbsp;<\/p>\n<figure id=\"attachment_2263178\" aria-describedby=\"caption-attachment-2263178\" style=\"width: 678px\" class=\"wp-caption aligncenter\"><a href=\"https:\/\/es.wikipedia.org\/wiki\/J%C3%B3zef_Pi%C5%82sudski\" target=\"_blank\" rel=\"noopener\"><img loading=\"lazy\" decoding=\"async\" class=\"wp-image-2263178 size-mh-magazine-content\" src=\"https:\/\/puntocritico.com\/ausajpuntocritico\/wp-content\/uploads\/2022\/12\/Josef_Pilsudski._wiki-678x381.jpg\" alt=\"\" width=\"678\" height=\"381\" data-id=\"2263178\" srcset=\"https:\/\/puntocritico.com\/ausajpuntocritico\/wp-content\/uploads\/2022\/12\/Josef_Pilsudski._wiki-678x381.jpg 678w, https:\/\/puntocritico.com\/ausajpuntocritico\/wp-content\/uploads\/2022\/12\/Josef_Pilsudski._wiki-300x169.jpg 300w, https:\/\/puntocritico.com\/ausajpuntocritico\/wp-content\/uploads\/2022\/12\/Josef_Pilsudski._wiki-1024x576.jpg 1024w, https:\/\/puntocritico.com\/ausajpuntocritico\/wp-content\/uploads\/2022\/12\/Josef_Pilsudski._wiki-768x432.jpg 768w, https:\/\/puntocritico.com\/ausajpuntocritico\/wp-content\/uploads\/2022\/12\/Josef_Pilsudski._wiki-610x343.jpg 610w, https:\/\/puntocritico.com\/ausajpuntocritico\/wp-content\/uploads\/2022\/12\/Josef_Pilsudski._wiki.jpg 1045w\" sizes=\"auto, (max-width: 678px) 100vw, 678px\" \/><\/a><figcaption id=\"caption-attachment-2263178\" class=\"wp-caption-text\"><span style=\"color: #008000;\"><a href=\"https:\/\/es.wikipedia.org\/wiki\/J%C3%B3zef_Pi%C5%82sudski\" target=\"_blank\" rel=\"noopener\"><strong>J\u00f3zef Klemens Pi\u0142sudski de Ko\u015bciesza<\/strong><\/a> (Zu\u0142\u00f3w, cerca de Vilna, Lituania, 5 de diciembre de 1867 &#8211; Varsovia, 12 de mayo de 1935) fue el primer jefe de Estado (1918-1922), primer mariscal (desde 1920) y dictador (1926-1935) de la Segunda Rep\u00fablica Polaca. A partir de la Primera Guerra Mundial tuvo una gran influencia en su pa\u00eds y fue muy relevante en la pol\u00edtica europea.\u200b Es considerado el principal responsable de que Polonia consiguiera la independencia en 1918 tras m\u00e1s de un siglo de particiones.<\/span><\/figcaption><\/figure>\n<p>&nbsp;<\/p>\n<p style=\"text-align: justify;\"><span style=\"font-size: 14pt;\">No har\u00e1 falta entretenerse mucho con la situaci\u00f3n en que se encontraba <strong>Polonia<\/strong> el <strong><em>verano de 1920<\/em><\/strong> para demostrar que las circunstancias favorables a un golpe de Estado no dependen de las condiciones generales del pa\u00eds y no son necesariamente de \u00edndole pol\u00edtica o social. Quedar\u00e1 claro que en Polonia, en aquel momento, no faltaban ni los hombres ni las oportunidades: todas las circunstancias que sir <strong>Horace Rumbold<\/strong> juzgaba favorables, estaban aparentemente del lado de los <strong>catilinarios<\/strong>. \u00bfPor qu\u00e9 motivo, pues, no se produjo ning\u00fan intento revolucionario en <em>Varsovia<\/em>? Incluso <strong>Lenin<\/strong> estaba equivocado sobre la situaci\u00f3n en <em>Polonia<\/em>. Es interesante constatar que el actual papa, <strong>P\u00edo XI<\/strong>, ten\u00eda entonces, y seguramente tiene ahora, ideas m\u00e1s claras y modernas sobre la naturaleza revolucionaria que <strong>Lenin<\/strong>. El comportamiento de <strong>P\u00edo XI<\/strong> en relaci\u00f3n con los catilinarios de Europa puede entenderlo mejor <strong>Trotsky<\/strong>, es decir, uno de los principales creadores de las t\u00e9cnicas modernas de golpe de Estado, que <strong>Charles Maurras<\/strong>, <strong>Daudet<\/strong> o todos los que consideran el problema revolucionario como un problema de \u00edndole exclusivamente pol\u00edtica y social.<\/span><\/p>\n<p>&nbsp;<\/p>\n<p><img loading=\"lazy\" decoding=\"async\" class=\"aligncenter wp-image-2263169\" src=\"https:\/\/puntocritico.com\/ausajpuntocritico\/wp-content\/uploads\/2022\/12\/CURZIO-MALAPARTE-TECNICA-DE-GOLPE-DE-ESTADO.jpg\" alt=\"\" width=\"330\" height=\"451\" data-id=\"2263169\" srcset=\"https:\/\/puntocritico.com\/ausajpuntocritico\/wp-content\/uploads\/2022\/12\/CURZIO-MALAPARTE-TECNICA-DE-GOLPE-DE-ESTADO.jpg 512w, https:\/\/puntocritico.com\/ausajpuntocritico\/wp-content\/uploads\/2022\/12\/CURZIO-MALAPARTE-TECNICA-DE-GOLPE-DE-ESTADO-219x300.jpg 219w\" sizes=\"auto, (max-width: 330px) 100vw, 330px\" \/><\/p>\n<h3 style=\"text-align: center;\"><span style=\"font-size: 18pt;\">\u00abT\u00c9CNICA DEL GOLPE DE ESTADO\u00bb:\u00a0<strong>CONTENIDO<\/strong><\/span><\/h3>\n<p style=\"text-align: center;\"><strong><em><span style=\"font-size: 14pt;\">La obra se halla dividida en ocho cap\u00edtulos, en los que se analizan los m\u00e9todos utilizados para tomar el poder en diferentes estados modernos mediante un golpe de Estado, o bien para defenderlos de estos.<\/span><\/em><\/strong><\/p>\n<blockquote>\n<p>&nbsp;<\/p>\n<p class=\"entry-title\" style=\"text-align: center;\"><strong><a href=\"https:\/\/puntocritico.com\/ausajpuntocritico\/2022\/12\/12\/tecnica-del-golpe-de-estado-por-curzio-malaparte\/\"><span style=\"font-size: 14pt;\">CURZIO MALAPARTE: \u00abT\u00c9CNICA DEL GOLPE DE ESTADO\u00bb (1931): \u00abPr\u00f3logo\u00bb.<\/span><\/a><\/strong><\/p>\n<p style=\"text-align: center;\"><a href=\"https:\/\/puntocritico.com\/ausajpuntocritico\/2023\/01\/01\/tecnica-del-golpe-de-estado-de-curzio-malaparte-capitulo-1-el-golpe-de-estado-bolchevique\/\"><strong><span id=\"Cap\u00edtulo_I:_El_golpe_de_Estado_Bolchevique_y_la_t\u00e1ctica_de_Trotsky\" class=\"mw-headline\" style=\"font-size: 14pt;\"><span style=\"text-decoration: underline;\">Cap\u00edtulo I<\/span>: El golpe de Estado Bolchevique y la t\u00e1ctica de Trotsky<\/span><\/strong><\/a><\/p>\n<p style=\"text-align: center;\"><span style=\"font-size: 14pt;\">Se aborda la toma del poder en\u00a0Rusia\u00a0por parte de\u00a0Le\u00f3n Trotski\u00a0en la\u00a0Revoluci\u00f3n rusa\u00a0de octubre de 1917.\u200b<\/span><\/p>\n<p style=\"text-align: center;\"><a href=\"https:\/\/puntocritico.com\/ausajpuntocritico\/2023\/01\/08\/tecnica-del-golpe-de-estado-de-curzio-malaparte-capitulo-2-historia-de-un-golpe-de-estado-fallido-trotsky-contra-stalin\/\"><strong><span id=\"Cap\u00edtulo_II:_Historia_de_un_golpe_de_Estado_fallido\" class=\"mw-headline\" style=\"font-size: 14pt;\"><span style=\"text-decoration: underline;\">Cap\u00edtulo II<\/span>: Historia de un golpe de Estado fallido<\/span><\/strong><\/a><\/p>\n<p style=\"text-align: center;\"><span style=\"font-size: 14pt;\">Trata sobre la defensa de\u00a0I\u00f3sif Stalin\u00a0frente al intento de Trotski de tomar el poder en 1927.\u200b<\/span><\/p>\n<p style=\"text-align: center;\"><a href=\"https:\/\/puntocritico.com\/ausajpuntocritico\/2023\/01\/15\/tecnica-del-golpe-de-estado-de-curzio-malaparte-capitulo-3-1920-la-experiencia-polaca-el-orden-reina-en-varsovia\/\"><strong><span id=\"Cap\u00edtulo_III:_1920:_La_experiencia_polaca._El_orden_reina_en_Varsovia\" class=\"mw-headline\" style=\"font-size: 14pt;\"><span style=\"text-decoration: underline;\">Cap\u00edtulo III<\/span>: 1920: La experiencia polaca. El orden reina en Varsovia<\/span><\/strong><\/a><\/p>\n<p style=\"text-align: center;\"><span style=\"font-size: 14pt;\">Sobre las luchas internas por el poder en la\u00a0Polonia\u00a0de\u00a0J\u00f3zef Pilsudski.\u200b<\/span><\/p>\n<p style=\"text-align: center;\"><a href=\"https:\/\/puntocritico.com\/ausajpuntocritico\/2023\/01\/22\/tecnica-del-golpe-de-estado-de-curzio-malaparte-capitulo-4-kapp-o-marte-contra-marx\/\"><strong><span id=\"Cap\u00edtulo_IV:_Kapp,_o_Marte_contra_Marx\" class=\"mw-headline\" style=\"font-size: 14pt;\"><span style=\"text-decoration: underline;\">Cap\u00edtulo IV<\/span>: Kapp, o Marte contra Marx<\/span><\/strong><\/a><\/p>\n<p style=\"text-align: center;\"><span style=\"font-size: 14pt;\">Sobre el\u00a0Golpe de Estado de Kapp, golpe militar fracasado que se tuvo lugar en\u00a0Alemania\u00a0en 1920, dirigido por\u00a0Wolfgang Kapp.\u200b<\/span><\/p>\n<p style=\"text-align: center;\"><a href=\"https:\/\/puntocritico.com\/ausajpuntocritico\/2023\/01\/29\/tecnica-del-golpe-de-estado-de-curzio-malaparte-capitulo-5-bonaparte-o-el-primer-golpe-de-estado-moderno\/\"><strong><span id=\"Cap\u00edtulo_V:_Bonaparte,_o_el_primer_golpe_de_Estado_moderno\" class=\"mw-headline\" style=\"font-size: 14pt;\"><span style=\"text-decoration: underline;\">Cap\u00edtulo V<\/span>: Bonaparte, o el primer golpe de Estado moderno<\/span><\/strong><\/a><\/p>\n<p style=\"text-align: center;\"><span style=\"font-size: 14pt;\">Acerca del\u00a0golpe de Estado del 18 de Brumario, dado por\u00a0Napole\u00f3n\u00a0el 9 de noviembre de 1799.\u200b<\/span><\/p>\n<p style=\"text-align: center;\"><a href=\"https:\/\/puntocritico.com\/ausajpuntocritico\/2023\/02\/05\/tecnica-del-golpe-de-estado-de-curzio-malaparte-capitulo-6-primo-de-ribera-y-pilsudky-un-cortesano-y-un-general-socialista\/\"><strong><span id=\"Cap\u00edtulo_VI:_Primo_de_Rivera_y_Pilsudski:_Un_cortesano_y_un_general_socialista\" class=\"mw-headline\" style=\"font-size: 14pt;\"><span style=\"text-decoration: underline;\">Cap\u00edtulo VI<\/span>: Primo de Rivera y Pilsudski: Un cortesano y un general socialista<\/span><\/strong><\/a><\/p>\n<p style=\"text-align: center;\"><span style=\"font-size: 14pt;\">Compara las actuaciones de\u00a0Primo de Rivera\u00a0y Pilsudski con las de Napole\u00f3n, que se refugiaron en la legalidad del estado vigente en lugar de rechazarla.\u200b<\/span><\/p>\n<p style=\"text-align: center;\"><a href=\"https:\/\/puntocritico.com\/ausajpuntocritico\/2023\/02\/12\/tecnica-del-golpe-de-estado-de-curzio-malaparte-capitulo-7-mussolini-y-el-golpe-de-estado-fascista\/\"><strong><span id=\"Cap\u00edtulo_VII:_Mussolini_y_el_golpe_de_Estado_fascista\" class=\"mw-headline\" style=\"font-size: 14pt;\"><span style=\"text-decoration: underline;\">Cap\u00edtulo VII<\/span>: Mussolini y el golpe de Estado fascista<\/span><\/strong><\/a><\/p>\n<p style=\"text-align: center;\"><span style=\"font-size: 14pt;\">Trata sobre la\u00a0Marcha sobre Roma\u00a0y la toma del poder del\u00a0Partido Nacional Fascista, de la que el propio autor fue part\u00edcipe.\u200b<\/span><\/p>\n<p style=\"text-align: center;\"><a href=\"https:\/\/puntocritico.com\/ausajpuntocritico\/2023\/02\/19\/tecnica-del-golpe-de-estado-de-curzio-malaparte-capitulo-8-un-dictador-fracasado-hitler\/\"><strong><span id=\"Cap\u00edtulo_VIII:_Un_dictador_fracasado:_Hitler\" class=\"mw-headline\" style=\"font-size: 14pt;\"><span style=\"text-decoration: underline;\">Cap\u00edtulo VIII<\/span>: Un dictador fracasado: Hitler<\/span><\/strong><\/a><\/p>\n<p style=\"text-align: center;\"><span style=\"font-size: 14pt;\">Trata de las acciones fracasadas de Hitler con intenci\u00f3n de tomar el poder, como fue el caso del\u00a0Putsch de Munich. <\/span><\/p>\n<p style=\"text-align: center;\"><span style=\"font-size: 14pt;\">Hay que tener en cuenta que\u00a0<i>T\u00e9cnica del Golpe de Estado<\/i>\u00a0se public\u00f3 en 1931, antes de que\u00a0Adolf Hitler\u00a0tomara el poder en Alemania.<\/span><\/p>\n<\/blockquote>\n<p>&nbsp;<\/p>\n<figure id=\"attachment_2263337\" aria-describedby=\"caption-attachment-2263337\" style=\"width: 660px\" class=\"wp-caption aligncenter\"><img loading=\"lazy\" decoding=\"async\" class=\"wp-image-2263337\" src=\"https:\/\/puntocritico.com\/ausajpuntocritico\/wp-content\/uploads\/2022\/12\/e8841137-c10d-4e43-95f9-9564efd2e4eb.__CR00970300_PT0_SX970_V1___Tecnica-del-Golpe-de-Estado.png\" alt=\"\" width=\"660\" height=\"204\" data-id=\"2263337\" srcset=\"https:\/\/puntocritico.com\/ausajpuntocritico\/wp-content\/uploads\/2022\/12\/e8841137-c10d-4e43-95f9-9564efd2e4eb.__CR00970300_PT0_SX970_V1___Tecnica-del-Golpe-de-Estado.png 970w, https:\/\/puntocritico.com\/ausajpuntocritico\/wp-content\/uploads\/2022\/12\/e8841137-c10d-4e43-95f9-9564efd2e4eb.__CR00970300_PT0_SX970_V1___Tecnica-del-Golpe-de-Estado-300x93.png 300w, https:\/\/puntocritico.com\/ausajpuntocritico\/wp-content\/uploads\/2022\/12\/e8841137-c10d-4e43-95f9-9564efd2e4eb.__CR00970300_PT0_SX970_V1___Tecnica-del-Golpe-de-Estado-768x238.png 768w, https:\/\/puntocritico.com\/ausajpuntocritico\/wp-content\/uploads\/2022\/12\/e8841137-c10d-4e43-95f9-9564efd2e4eb.__CR00970300_PT0_SX970_V1___Tecnica-del-Golpe-de-Estado-610x189.png 610w\" sizes=\"auto, (max-width: 660px) 100vw, 660px\" \/><figcaption id=\"caption-attachment-2263337\" class=\"wp-caption-text\"><span style=\"color: #008000;\">Prohibido por Mussolini en la Italia fascista, quemado en una plaza p\u00fablica por orden personal de Hitler en la Alemania nazi, atacado por Trotsky en la prensa internacional, masacrado en la Uni\u00f3n Sovi\u00e9tica comunista&#8230; el hecho de que fuera prohibido en todos los lugares donde hubo golpes de Estado estado? Pero este no es solo un libro sobre hechos enterrados en el pasado remoto, sino todo lo contrario. Esta es una obra esencial para comprender el mundo contempor\u00e1neo, y sigue siendo tan relevante hoy como lo fue en 1931. En todo el mundo, los titulares pregonan la idea de que la democracia est\u00e1 bajo constante amenaza, y la prensa anuncia a diario que nuestras sociedades est\u00e1n bajo amenaza. los d\u00edas contados. Pero, \u00bfqu\u00e9 constituye realmente una amenaza a la democracia y qu\u00e9 es una mera cortina de humo? \u00bfY de d\u00f3nde vendr\u00e1 el golpe? Son estas preguntas, entre otras igualmente vitales, las que aborda este libro. EL LIBRO QUE PROVOC\u00d3 A LENIN, MUSSOLINI, HITLER Y TROTSKY<\/span><\/figcaption><\/figure>\n<p style=\"text-align: center;\"><strong style=\"color: #008000;\"><span style=\"font-size: 18pt;\">*******<\/span><\/strong><\/p>\n<h2 style=\"text-align: center;\"><span style=\"font-size: 24pt;\"><strong>LA CONSPIRACI\u00d3N DE CATILINA<\/strong><\/span><\/h2>\n<p style=\"text-align: center;\"><span style=\"font-size: 14pt;\">\u201c<strong>Quousque tandem abutere, Catilina, patientia nostra?<\/strong>\u201d <\/span><\/p>\n<p style=\"text-align: center;\"><span style=\"font-size: 14pt;\">(\u201c<em>\u00bfHasta cu\u00e1ndo abusar\u00e1s de nuestra paciencia, Catilina?<\/em>\u201d)<\/span><\/p>\n<p style=\"text-align: center;\"><span style=\"font-size: 14pt;\">Cicer\u00f3n \u2013 Catalinarias X<\/span><\/p>\n<figure id=\"attachment_2210346\" aria-describedby=\"caption-attachment-2210346\" style=\"width: 678px\" class=\"wp-caption aligncenter\"><img loading=\"lazy\" decoding=\"async\" class=\"wp-image-2210346 size-mh-magazine-content\" src=\"https:\/\/puntocritico.com\/ausajpuntocritico\/wp-content\/uploads\/2021\/05\/Marco-Tulio-Ciceron-Susana-P-A-678x381.jpg\" alt=\"\" width=\"678\" height=\"381\" data-id=\"2210346\" \/><figcaption id=\"caption-attachment-2210346\" class=\"wp-caption-text\"><span style=\"color: #008000;\">Marco Tulio Cicer\u00f3n.<\/span><\/figcaption><\/figure>\n<blockquote>\n<p style=\"text-align: center;\">\u00a0<\/p>\n<p style=\"text-align: center;\"><strong><span style=\"font-size: 14pt;\">Defensa de Julio C\u00e9sar en el Senado (<em>Salustio Crispo \u2013 De Catilinae coniuratione<\/em>):<\/span><\/strong><\/p>\n<p style=\"text-align: justify;\"><span style=\"font-size: 14pt;\">\u00abTodos los hombres, senadores, que deliberan acerca de cuestiones dudosas, conviene que est\u00e9n libres de todo tipo de odio, amistad o ira. No es f\u00e1cil que el \u00e1nimo provea la verdad cuando las pasiones se oponen y nadie obedece a la vez a su propio capricho y a su propio inter\u00e9s. El \u00e1nimo prevalece si el talento lo hace; si el capricho est\u00e1 en su lugar, no tiene fuerza alguna. Puedo recordarles, senadores, que un gran n\u00famero de reyes y pueblos, impulsados por la ira y por la misericordia, cometieron malas decisiones; sin embargo, prefiero mencionar las cosas que nuestros mayores hicieron contra el capricho de su \u00e1nimo. En la guerra maced\u00f3nica que nuestros antepasados tuvieron con el rey Perseo, la magn\u00edfica ciudad de los rodios, que hab\u00eda crecido gracias a los nuestros, nos result\u00f3 infiel, pero tras el fin de la guerra nuestros antepasados no los castigaron, para que no piensen que hab\u00edamos comenzado la guerra por las riquezas y no por la injuria recibida. As\u00ed mismo durante las Guerras P\u00fanicas, a pesar de que el enemigo mat\u00f3 a gran cantidad de civiles, incluso en las treguas, los nuestros no lo hicieron, no porque no pudieran hacerlo, pues las oportunidades las tuvieron, sino porque no lo consideraban digno, y pensaban que la justicia de otra naci\u00f3n se les vendr\u00eda alg\u00fan d\u00eda contra ellos. De la misma manera, senadores, deb\u00e9is prevenir que no prevalezca en vosotros el crimen de Publio L\u00e9ntulo y los suyos por encima de vuestra dignidad; por tanto no obedezc\u00e1is a la ira m\u00e1s que a vuestra reputaci\u00f3n. Si se encuentra un castigo adecuado para todos ellos, lo apruebo; pero si la magnitud del delito supera nuestra imaginaci\u00f3n, pienso que habr\u00eda que utilizar aquellos que las leyes disponen. Muchos de los que opinaron antes que yo se han conmiserado de la ca\u00edda de la rep\u00fablica; pues enumeraron gran cantidad casos en que se demostraban la crueldad de las guerras, las cosas que a veces le suced\u00edan a los vencidos, que eran robadas las madres, que los ni\u00f1os les eran arrebatados a sus padres y eran tratados mal por los vencedores, que los templos y las casas eran saqueadas, que se produc\u00edan matanzas, incendios y finalmente terminaba todo lleno de cad\u00e1veres, armas, sangre y luto. Sin embargo, \u00a1por los dioses inmortales!, \u00bfhacia d\u00f3nde tiende semejante discurso?, \u00bfacaso a haceros enemigos de la conjuraci\u00f3n? \u00a1Evidentemente! Aqu\u00e9l que una cuesti\u00f3n de tanta magnitud y atrocidad no lo conmueve, tampoco lo har\u00e1 mi discurso. A ninguno de los mortales les parecen peque\u00f1as las injusticias que se est\u00e1n cometiendo, muchos las consideran m\u00e1s graves de lo que la justicia puede tolerar, pues cada uno, senadores, tiene una libertad diferente. En nuestros tiempos, cuanto m\u00e1s baja es la condici\u00f3n social, m\u00e1s m\u00ednima es la libertad; por lo que no conviene simpatizar ni odiar, pero mucho menos airearse. Lo que en unos se llama iracundia, se denomina en el ejercicio del poder soberbia y crueldad. Por cierto, yo pienso de este modo, senadores: todos los castigos son menores que los cr\u00edmenes de aqu\u00e9llos, pero la mayor parte de los mortales recuerda lo pasado, y en cuanto a los rebeldes, se olvidan del crimen y empiezan a discutir acerca del castigo, sobre todo respecto de la severidad de \u00e9ste. D\u00e9cimo Junio Sejano, del que no me cabe duda que es un hombre valiente y firme, lo que dijo, lo hizo por afici\u00f3n a la Rep\u00fablica, y \u00e9l no ejerce en este asunto ni el favor ni las amistades, pues conozco la moderaci\u00f3n de este hombre. A decir verdad, no me parece cruel su discurso debido a que ning\u00fan castigo a personas de tal condici\u00f3n se lo puede considerar de esa manera, sino extra\u00f1o a nuestra constituci\u00f3n. En efecto, el temor o la injusticia te llevaron, Sejano, c\u00f3nsul electo, a discernir este castigo no previsto por la ley. El temor es s\u00f3lo una forma prolija de hablar, y esto se debe a la ligereza del pr\u00f3ximo c\u00f3nsul al haber tantas personas levantadas en armas. Sobre el castigo puedo dar por cierto que para el luto y las desgracias la muerte es un alivio de las penurias, no un castigo; pues la muerte disuelve todas las desgracias de los mortales, debido a que m\u00e1s all\u00e1 no hay lugar para la penuria ni para el goce. Sin embargo, \u00a1por los dioses inmortales!, \u00bfpor qu\u00e9 raz\u00f3n no a\u00f1adisteis a tu opini\u00f3n que antes fueran azotados con latigazos?, \u00bftal vez porque lo proh\u00edbe la Ley Porcia? Sin embargo, otras leyes tambi\u00e9n ordenan que a los ciudadanos condenados no se les mate sino que se los env\u00ede al exilio. \u00bfAcaso porque es m\u00e1s grave ser azotado que muerto?, mientras que por otro lado, \u00bfqu\u00e9 castigo es demasiado duro para hombres culpables de tan grande crimen? En caso de que se aplique el castigo del azote, que es m\u00e1s leve, \u00bfc\u00f3mo se llega a temer la ley en una situaci\u00f3n menor cuando se ha pasado por alto en cuestiones mayores? En efecto, \u00bfqui\u00e9n reprobar\u00e1 lo que se haga con los asesinos de la Rep\u00fablica? El tiempo, la fecha, la fortuna, cuyo capricho gobierna los pueblos. A ellos les suceder\u00e1n muchas cosas merecidamente, pero vosotros, senadores, considerad qu\u00e9 cosas dec\u00eds sobre los otros. Todos los malos ejemplos han nacido de buenas cosas; sin embargo, cuando el poder del mando llega a los que lo ignoran o a los deshonestos, aquel poder pasa de dignos a los seres indignos o merecedores de castigo. Los lacedemonios, vencidos por los atenienses, les impusieron treinta hombres para manejar su rep\u00fablica. Estos comenzaron por asesinar sin juicio a los que eran mal vistos por todos, por lo que el populacho se alegr\u00f3 diciendo que se hab\u00eda cumplido justicia\u00bb.<\/span><\/p>\n<\/blockquote>\n<p>&nbsp;<\/p>\n<figure id=\"attachment_1791883\" aria-describedby=\"caption-attachment-1791883\" style=\"width: 440px\" class=\"wp-caption aligncenter\"><img loading=\"lazy\" decoding=\"async\" class=\"wp-image-1791883\" src=\"https:\/\/puntocritico.com\/ausajpuntocritico\/wp-content\/uploads\/2021\/02\/Cicer\u00f3n-contra-Catilina-Senado-romano.jpg\" alt=\"\" width=\"440\" height=\"293\" data-id=\"1791883\" srcset=\"https:\/\/puntocritico.com\/ausajpuntocritico\/wp-content\/uploads\/2021\/02\/Cicer\u00f3n-contra-Catilina-Senado-romano.jpg 840w, https:\/\/puntocritico.com\/ausajpuntocritico\/wp-content\/uploads\/2021\/02\/Cicer\u00f3n-contra-Catilina-Senado-romano-300x200.jpg 300w, https:\/\/puntocritico.com\/ausajpuntocritico\/wp-content\/uploads\/2021\/02\/Cicer\u00f3n-contra-Catilina-Senado-romano-768x511.jpg 768w, https:\/\/puntocritico.com\/ausajpuntocritico\/wp-content\/uploads\/2021\/02\/Cicer\u00f3n-contra-Catilina-Senado-romano-610x406.jpg 610w\" sizes=\"auto, (max-width: 440px) 100vw, 440px\" \/><figcaption id=\"caption-attachment-1791883\" class=\"wp-caption-text\"><span style=\"color: #008000;\">\u00ab\u00a1Qu\u00e9 tiempos!, \u00a1qu\u00e9 costumbres! cuando un solo hombre, aunque fuera Cicer\u00f3n, ten\u00eda el coraje de denunciar las intrigas del senador Catilina, en su misma presencia. \u00a1Qu\u00e9 bien sab\u00eda elegir el pueblo entonces a sus representantes!\u00bb (J. Nava)<\/span><\/figcaption><\/figure>\n<p style=\"text-align: center;\"><span style=\"color: #008000;\"><strong><span style=\"font-size: 18pt;\">*******<\/span><\/strong><\/span><\/p>\n<h2 style=\"text-align: center;\"><span style=\"font-size: 24pt;\">CURZIO MALAPARTE, EL \u00daLTIMO CONDOTIERO<\/span><\/h2>\n<div class=\"cs-entry__subtitle\" style=\"text-align: center;\"><strong><em><span style=\"font-size: 14pt;\">Firm\u00f3 un libro sobre c\u00f3mo dar un golpe de Estado, caricaturiz\u00f3 a dictadores y mantuvo una relaci\u00f3n de escandalosa ambig\u00fcedad con el fascismo. Su personalidad contradictoria permite entender la Europa de la Segunda Guerra Mundial. <\/span><\/em><\/strong><\/div>\n<div class=\"cs-entry__subtitle\" style=\"text-align: justify;\"><span style=\"font-size: 14pt; text-align: justify;\">Por Christopher Dom\u00ednguez Michael\u00a0<\/span><\/div>\n<div class=\"cs-entry__subtitle\" style=\"text-align: justify;\"><span style=\"font-size: 14pt;\"><a href=\"https:\/\/letraslibres.com\/revista-espana\/curzio-malaparte-el-ultimo-condotiero\/\" target=\"_blank\" rel=\"noopener\">Letras Libres<\/a>, 15 febrero 2016<\/span><\/div>\n<figure id=\"attachment_2263144\" aria-describedby=\"caption-attachment-2263144\" style=\"width: 360px\" class=\"wp-caption aligncenter\"><img loading=\"lazy\" decoding=\"async\" class=\"wp-image-2263144\" src=\"https:\/\/puntocritico.com\/ausajpuntocritico\/wp-content\/uploads\/2022\/12\/Curzio-Malaparte-letras-libres.jpg\" alt=\"\" width=\"360\" height=\"511\" data-id=\"2263144\" srcset=\"https:\/\/puntocritico.com\/ausajpuntocritico\/wp-content\/uploads\/2022\/12\/Curzio-Malaparte-letras-libres.jpg 460w, https:\/\/puntocritico.com\/ausajpuntocritico\/wp-content\/uploads\/2022\/12\/Curzio-Malaparte-letras-libres-211x300.jpg 211w\" sizes=\"auto, (max-width: 360px) 100vw, 360px\" \/><figcaption id=\"caption-attachment-2263144\" class=\"wp-caption-text\"><span style=\"color: #008000;\">Curzio Malaparte (Kurt Erick Suckert), 1945, ital. Schriftsteller u. Journalist (Prato 9.6.1898 &#8211; Rom 19.7.1957).<\/span><\/figcaption><\/figure>\n<p style=\"text-align: right;\"><em>Snob comme le sont toujours les r\u00e9volutionnaires\u2026<\/em><\/p>\n<p style=\"text-align: right;\"><strong>Daniel Hal\u00e9vy<\/strong>, <em>Pays parisiens<\/em> (1932)<\/p>\n<p>&nbsp;<\/p>\n<p style=\"text-align: justify;\"><span style=\"font-size: 14pt;\">En beneficio de quienes hemos\u00a0repetido como pericos aquello de que en cinco siglos ser\u00e1 dif\u00edcil distinguir a un fascista del\u00a0XX\u00a0de un comunista del mismo siglo, <strong>Curzio Malaparte<\/strong> (1898-1957) est\u00e1 de regreso para ayudarnos a ganar la apuesta. Por motivos mucho m\u00e1s trascendentales que su bien ganada reputaci\u00f3n de\u00a0<em>vedette<\/em>\u00a0del fascismo, <strong>Malaparte<\/strong> se reedita en Nueva York, Barcelona, M\u00e9xico y Par\u00eds, junto a una biograf\u00eda al parecer definitiva:\u00a0<em>Malaparte. Vidas y leyendas<\/em>, de <strong>Maurizio Serra<\/strong>. Sin <strong>Malaparte<\/strong> \u2013nacido <strong>Kurt Suckert<\/strong>, hijo de un alem\u00e1n protestante al que odiaba y de una madre italiana quien al parecer lo alej\u00f3 del resto de las mujeres\u2013 es dif\u00edcil entender lo que signific\u00f3 no solo el com\u00fan origen revolucionario de los totalitarismos bolchevique y fascista sino lo que la Segunda Guerra Mundial fue para sus protagonistas.<\/span><\/p>\n<p style=\"text-align: justify;\"><span style=\"font-size: 14pt;\"><img loading=\"lazy\" decoding=\"async\" class=\"alignleft wp-image-2263172\" src=\"https:\/\/puntocritico.com\/ausajpuntocritico\/wp-content\/uploads\/2022\/12\/La-piel-Malaparte.jpg\" alt=\"\" width=\"280\" height=\"464\" data-id=\"2263172\" srcset=\"https:\/\/puntocritico.com\/ausajpuntocritico\/wp-content\/uploads\/2022\/12\/La-piel-Malaparte.jpg 604w, https:\/\/puntocritico.com\/ausajpuntocritico\/wp-content\/uploads\/2022\/12\/La-piel-Malaparte-181x300.jpg 181w\" sizes=\"auto, (max-width: 280px) 100vw, 280px\" \/>En sus dos grandes novelas-reportaje,\u00a0<em>Kaputt\u00a0<\/em>(1944) y\u00a0<em>La piel<\/em>\u00a0(1949), <strong>Malaparte<\/strong> fue el \u00faltimo en pregonar, estil\u00edsticamente, que aquella barbarie tambi\u00e9n era un momento culminante en la historia de la civilizaci\u00f3n. Presiento \u2013es decir, no tengo pruebas para afirmarlo\u2013 que aquella frase famosa de <strong>Adorno<\/strong> sobre la imposibilidad de escribir poes\u00eda despu\u00e9s de <em><strong>Auschwitz<\/strong><\/em> fue una reacci\u00f3n a la lectura de <strong>Malaparte<\/strong>, cuya prosa elegante y decadente es poes\u00eda de la guerra. En\u00a0<em>Kaputt<\/em>, madame <strong>Frank<\/strong>, la esposa del comisario del <em>Tercer<\/em> <em>Reich<\/em> en esas \u201c<em>tierras de sangre<\/em>\u201d, alaba a <strong>Schumann<\/strong> mientras los invitados les disparan a los jud\u00edos que escapan \u201c<em>como<\/em> <em>ratones<\/em>\u201d por los muros del <em>gueto de Varsovia<\/em>. La visi\u00f3n de <strong>Malaparte<\/strong> es a veces dantesca, a veces l\u00edrica y hasta eleg\u00edaca para esc\u00e1ndalo de una \u00e9poca dada a creer \u2013con <strong>Claude Lanzmann<\/strong>\u2013 que el <em>Holocausto<\/em>, por ejemplo, es, aunque sujeto a filmarse, metodol\u00f3gicamente inenarrable; o aterrada ante un libro como\u00a0<em>Vida y destino<\/em>\u00a0(<em>escrito en 1959 y publicado en 1980<\/em>), de <strong>Vasili Grossman<\/strong> o sus secuelas, ya m\u00e1s bien m\u00f3rbidas, como\u00a0<em>Las ben\u00e9volas<\/em>\u00a0(2006), de <strong>Jonathan Littell<\/strong>.<\/span><\/p>\n<p style=\"text-align: justify;\"><span style=\"font-size: 14pt;\"><strong>Malaparte<\/strong> no oculta el horror, siendo \u00e9l mismo uno de los muchos que lo impusieron, pero tampoco se priva de contraponerlo con una Europa donde \u00e9l y sus amigos arist\u00f3cratas y diplom\u00e1ticos gozan de la naturaleza, la gran conversaci\u00f3n, los perros y los espectros del Antiguo R\u00e9gimen. Muchas de sus p\u00e1ginas, sentado el autor a la mesa de los asesinos en la remota Finlandia o en Polonia bajo el dominio del \u201c<em>rey\u201d<\/em> nazi <strong>Hans Frank<\/strong>, las pudo haber escrito un <strong>Proust<\/strong> vigorizado por el ba\u00f1o sauna n\u00f3rdico. No lo hace con cinismo sino con la naturalidad de un hombre de otro tiempo pues \u00e9l, en efecto, fue un <em><strong>condotiero<\/strong><\/em>, aquellos mercenarios alemanes de lujo que bajaban a la<img loading=\"lazy\" decoding=\"async\" class=\"alignright wp-image-2263170\" src=\"https:\/\/puntocritico.com\/ausajpuntocritico\/wp-content\/uploads\/2022\/12\/Kaputt-Malaparte.jpg\" alt=\"\" width=\"280\" height=\"464\" data-id=\"2263170\" srcset=\"https:\/\/puntocritico.com\/ausajpuntocritico\/wp-content\/uploads\/2022\/12\/Kaputt-Malaparte.jpg 604w, https:\/\/puntocritico.com\/ausajpuntocritico\/wp-content\/uploads\/2022\/12\/Kaputt-Malaparte-181x300.jpg 181w\" sizes=\"auto, (max-width: 280px) 100vw, 280px\" \/> pen\u00ednsula desde el norte para ponerse al servicio de los pr\u00edncipes italianos. Estos soldados de fortuna trabajaban muchas veces, como lo hizo <strong>Malaparte<\/strong> con la literatura, para su propia gloria.<\/span><\/p>\n<p style=\"text-align: justify;\"><span style=\"font-size: 14pt;\">Formado en la guerra de 1914, ingresa como voluntario a la <em>Legi\u00f3n Extranjera<\/em> del ej\u00e9rcito franc\u00e9s, dada la pereza italiana en entrometerse en esa batalla de los latinos contra los germ\u00e1nicos, tal cual la ve\u00eda el joven <strong>Suckert<\/strong> (<em>quien desde 1925 firma <strong>Malaparte<\/strong> en contraposici\u00f3n ir\u00f3nica al\u00a0<strong>Buonaparte\u00a0<\/strong>de <strong>Napole\u00f3n<\/strong><\/em>). Una vez terminada la guerra y aunque Italia se cuente, con ganancias de escaso valor, entre los vencedores, <strong>Malaparte<\/strong> se alista en el llamado fascismo rojo: salido de los sindicatos, quiere nacionalismo en vez de internacionalismo, el predominio del Estado y no su disoluci\u00f3n, la guerra y no la paz, el vigor de las razas por encima de un <em>obrerismo<\/em> al que, por otro lado, nunca renunciar\u00e1. Como <strong>Mussolini<\/strong>, <strong>Malaparte<\/strong> viene de la izquierda y su obra maestra, la\u00a0<strong><em>T\u00e9cnica del golpe de Estado<\/em>\u00a0(1931)<\/strong>, seg\u00fan la docta opini\u00f3n del fil\u00f3sofo <strong>Ernst Bloch<\/strong>, solo pod\u00eda haberla escrito un marxista. El \u201c<em>maquiavelismo<\/em>\u201d del libro causa esc\u00e1ndalo: tras las ilusiones humanistas decimon\u00f3nicas, alguien pintaba c\u00f3mo se obten\u00eda el poder absoluto, no c\u00f3mo deb\u00eda ser.<\/span><\/p>\n<p style=\"text-align: justify;\"><span style=\"font-size: 14pt;\">Antes de <strong>Hannah Arendt<\/strong>, Malaparte omite la oposici\u00f3n izquierda\/derecha como una segunda naturaleza del siglo y afirma que si desde 1919 no triunfaron las revoluciones rojas o negras, se debi\u00f3 a que no abundaban los <strong>Trotski<\/strong> y los <strong>Mussolini<\/strong>, los \u00fanicos capaces de entender la esencia t\u00e9cnica del golpe de Estado totalitario, la gran lecci\u00f3n bonapartista del 18 de brumario que solo los tontos confunden con una conspiraci\u00f3n militar. El totalitario obtiene\u00a0<em>legalmente<\/em>\u00a0el poder: lo lograron los <em>bolcheviques<\/em> con la <em>Asamblea Constituyente<\/em>, <strong>Mussolini<\/strong> al hacerse nombrar primer ministro por el rey, <strong>Hitler<\/strong> al ganar sus elecciones. La voluntad general no existe: nadie menos <em>rousseauniano<\/em> que <strong>Malaparte<\/strong>.<strong><sup><span class=\"Estilo-de-car-cter-1\"><span id=\"footnote-009-backlink\">1<\/span><\/span><\/sup><\/strong><\/span><\/p>\n<p style=\"text-align: justify;\"><span style=\"font-size: 14pt;\"><img loading=\"lazy\" decoding=\"async\" class=\"alignleft wp-image-2263132\" src=\"https:\/\/puntocritico.com\/ausajpuntocritico\/wp-content\/uploads\/2022\/12\/tecnica-de-golpe-de-estado-2-PPAL.jpg\" alt=\"\" width=\"360\" height=\"239\" data-id=\"2263132\" srcset=\"https:\/\/puntocritico.com\/ausajpuntocritico\/wp-content\/uploads\/2022\/12\/tecnica-de-golpe-de-estado-2-PPAL.jpg 680w, https:\/\/puntocritico.com\/ausajpuntocritico\/wp-content\/uploads\/2022\/12\/tecnica-de-golpe-de-estado-2-PPAL-300x199.jpg 300w, https:\/\/puntocritico.com\/ausajpuntocritico\/wp-content\/uploads\/2022\/12\/tecnica-de-golpe-de-estado-2-PPAL-610x405.jpg 610w, https:\/\/puntocritico.com\/ausajpuntocritico\/wp-content\/uploads\/2022\/12\/tecnica-de-golpe-de-estado-2-PPAL-678x452.jpg 678w\" sizes=\"auto, (max-width: 360px) 100vw, 360px\" \/>A casi ninguno de los involucrados les gust\u00f3 que Malaparte los pusiera frente al espejo: el humanitario <strong>Trotski<\/strong>, lector de <strong>Anatole France<\/strong> y libertador fallido de todos los pueblos, aparece en\u00a0<em>T\u00e9cnica del golpe de Estado<\/em>\u00a0como el genio sin escr\u00fapulos que se apodera del pa\u00eds m\u00e1s grande de la tierra, tomando los puntos estrat\u00e9gicos de <em>San Petersburgo<\/em> ante la cobard\u00eda de un <strong>Lenin<\/strong> disfrazado de obrero convencido de que la <em>Revoluci\u00f3n sovi\u00e9tica<\/em> todav\u00eda puede diferirse una <em>generaci\u00f3n<\/em>. <strong>Trotski<\/strong> le env\u00eda en 1932 un telegrama de protesta a <strong>Malaparte<\/strong>; a\u00f1os despu\u00e9s, enamorado del viejo <strong>Stalin<\/strong>, <strong>Malaparte<\/strong> \u2013quien siempre disloca nuestra versi\u00f3n de las cosas con ucron\u00edas hist\u00f3ricas fant\u00e1sticas\u2013 dir\u00e1 que la Segunda Guerra la gan\u00f3 <strong>Stalin<\/strong> el d\u00eda que <strong>Mercader<\/strong> le dio un pioletazo a <strong>Trotski<\/strong> en <em>Coyoac\u00e1n<\/em>: ese \u201c<em>m\u00edstico hebreo<\/em>\u201d, seguido por una corte de popes, sab\u00eda tomar un Estado, pero no ganar una guerra.<strong><sup><span class=\"Estilo-de-car-cter-1\"><span id=\"footnote-008-backlink\">2<\/span><\/span><\/sup><\/strong>\u00a0Como si se tratara de la develaci\u00f3n de un secreto de Estado (<em>y algo hab\u00eda de eso<\/em>), <strong>Mussolini<\/strong> mand\u00f3 prohibir el libro.<\/span><\/p>\n<p style=\"text-align: justify;\"><span style=\"font-size: 14pt;\">En 1931 <strong>Hitler<\/strong> todav\u00eda no ha llegado al poder y si <strong>Malaparte<\/strong> logr\u00f3 morir del lado de la izquierda fue por su antihitlerismo, que f\u00e1cilmente puede ser interpretado, recurriendo al psicoan\u00e1lisis de banqueta, como odio hacia su propio padre. Aun cuando no lo haya hecho el propio <strong>Hitler<\/strong>, que no era hombre de libros, otros nacionalsocialistas vaya que leyeron\u00a0<strong><em>T\u00e9cnica del golpe de Estado<\/em><\/strong>\u00a0en 1933 y despu\u00e9s. El buf\u00f3n <strong>Malaparte<\/strong> se permiti\u00f3 llamar a <strong>Hitler<\/strong> una mujerzuela hist\u00e9rica con los ovarios da\u00f1ados (<em>y opinar que \u201cno existen hombres que sean hombres de la cabeza a los pies. Hay siempre en ellos una parte de f\u00e9mina\u201d<\/em>)<strong><sup><span class=\"Estilo-de-car-cter-1\"><span id=\"footnote-007-backlink\">3<\/span><\/span><\/sup><\/strong>\u00a0y, pese a las reticencias del c\u00edrculo del <strong><em>F\u00fchrer<\/em><\/strong>, recibi\u00f3 la autorizaci\u00f3n para ser corresponsal de guerra junto a los alemanes en el Frente Oriental, de donde regres\u00f3 rega\u00f1ado por haber mostrado demasiada empat\u00eda hacia los sovi\u00e9ticos. La <em>sovietofilia<\/em> de <strong>Malaparte<\/strong>, hija sietemesina de su amor por el Cristo ruso, le dur\u00f3 desde\u00a0<em>La rivolta dei santi maledetti<\/em>\u00a0(1923), uno de sus primeros libros, hasta\u00a0<em>En Russie et en Chine<\/em>\u00a0(1959), inmediatamente p\u00f3stumo.<\/span><\/p>\n<p style=\"text-align: justify;\"><span style=\"font-size: 14pt;\">Escasamente se toma en cuenta que fue hasta 1935 cuando <strong>Mussolini<\/strong> se acerc\u00f3 de verdad a su disc\u00edpulo <strong>Hitler<\/strong>, del cual result\u00f3 ser el peor de los aliados, con su ej\u00e9rcito <em>rascuache<\/em> y sus decisiones siempre inoportunas. Antes de ello, el amor secreto de los fascistas originales, los de 1922, era el <em>bolchevismo<\/em> y la <em>URSS<\/em>, el proyecto de gran imperio a imitar. Eso pens\u00f3 hasta el fin de sus d\u00edas <strong>Malaparte<\/strong> sin olvidar que <strong>Mussolini<\/strong> fue el primer soberano de Europa en reconocer diplom\u00e1ticamente a los sovi\u00e9ticos. Pensaba lo mismo el <strong>conde Galeazzo Ciano<\/strong>, <em>yerno<\/em> del <strong>Duce<\/strong> y protector de<\/span><\/p>\n<figure id=\"attachment_2263222\" aria-describedby=\"caption-attachment-2263222\" style=\"width: 280px\" class=\"wp-caption alignright\"><img loading=\"lazy\" decoding=\"async\" class=\"wp-image-2263222\" src=\"https:\/\/puntocritico.com\/ausajpuntocritico\/wp-content\/uploads\/2022\/12\/07-vittorio-emanuele-iii-mussolini.webp\" alt=\"\" width=\"280\" height=\"373\" data-id=\"2263222\" srcset=\"https:\/\/puntocritico.com\/ausajpuntocritico\/wp-content\/uploads\/2022\/12\/07-vittorio-emanuele-iii-mussolini.webp 600w, https:\/\/puntocritico.com\/ausajpuntocritico\/wp-content\/uploads\/2022\/12\/07-vittorio-emanuele-iii-mussolini-225x300.webp 225w\" sizes=\"auto, (max-width: 280px) 100vw, 280px\" \/><figcaption id=\"caption-attachment-2263222\" class=\"wp-caption-text\"><span style=\"color: #008000;\">Vittorio Emanuele III y Mussolini<\/span><\/figcaption><\/figure>\n<p style=\"text-align: justify;\"><span style=\"font-size: 14pt;\"><strong>Malaparte<\/strong>. Cuando <strong>Ciano<\/strong> se confabul\u00f3 contra su suegro, escap\u00f3 a Alemania, de donde <strong>Hitler<\/strong> lo devolvi\u00f3 a la ef\u00edmera <em>Rep\u00fablica de Sal\u00f3<\/em>. Ah\u00ed fue fusilado por traidor.<\/span><\/p>\n<p style=\"text-align: justify;\"><span style=\"font-size: 14pt;\">La relaci\u00f3n de <strong>Malaparte<\/strong> con <strong>Mussolini<\/strong> es una de las m\u00e1s extra\u00f1as que puedan registrarse entre un intelectual y un tirano. Antes de entrar en materia, deben decirse ciertas cosas. El <em>fascismo italiano<\/em>, comparado a la <em>Alemania hitleriana<\/em> y a la <em>URSS<\/em> de <strong>Stalin<\/strong>, nunca fue un r\u00e9gimen del todo totalitario. En potencia lo era, pero esa potencia nunca se multiplic\u00f3 al grado de que <strong>V\u00edctor Manuel III<\/strong>, una vez depuesto <strong>Mussolini<\/strong> en 1943, le encarg\u00f3 al <strong>mariscal Badoglio<\/strong> que Italia cambiase de bando. Castigos como los impuestos a <strong>Malaparte<\/strong> \u2013fascista \u201c<em>independiente<\/em>\u201d y escritor a la vez temerario y travieso que viajaba por las universidades brit\u00e1nicas dando sus opiniones heterodoxas sobre la Europa de los dictadores\u2013 no fueron m\u00e1s all\u00e1 de confinamientos a sitios \u00e1ridos como <em>Lipari<\/em> entre 1933 y 1938, desde donde, con pseud\u00f3nimo, sigui\u00f3 colaborando en la prensa italiana y recibiendo a amigos o a escritores jud\u00edos como <strong>Alberto Moravia<\/strong> (<em>al igual que muchos italianos, <strong>Malaparte<\/strong> era antisemita de baja intensidad: solo lamentaba que <strong>Marx<\/strong> hubiera sido \u201chebreo\u201d<\/em>). Y el aburrimiento en <em>Lipari<\/em> estuvo a punto de someterlo al matrimonio con la viuda de <strong>Edoardo Agnelli<\/strong>, presidente del <strong>Juventus<\/strong> y de la <strong>Fiat<\/strong>, quien hab\u00eda sido maltratado por el obrerista Mussolini (<em>a diferencia de <strong>Hitler<\/strong>, tan obsequioso con el capital financiero, si en algo pec\u00f3 de totalitarismo <strong>Mussolini<\/strong> fue al someter a los empresarios italianos a su capricho<\/em>).<\/span><\/p>\n<p style=\"text-align: justify;\"><span style=\"font-size: 14pt;\"><em>Don Camale\u00f3n<\/em>, como nos lo recuerda <strong>Malaparte<\/strong> en las ediciones de 1946 y 1953, fue editado en 1928. \u201c<em>No despu\u00e9s de 1945, cuando <strong>Mussolini<\/strong> estaba muerto e indefenso<\/em>\u201d sino cuando pod\u00eda defenderse, como lo hizo, retirando el libro de la circulaci\u00f3n. En ese pr\u00f3logo de la posguerra, <strong>Malaparte<\/strong> se presenta como un verdadero disidente del r\u00e9gimen (<em>y se compara con el comunista <strong>Gramsci<\/strong>, a quien ni los nazis ni los sovi\u00e9ticos le hubieran permitido escribir los<\/em>\u00a0<strong><em>Cuadernos de la c\u00e1rcel<\/em><\/strong><em>, ni autorizado su muerte en un hospital<\/em>). Es una deliciosa novela sat\u00edrica donde <strong>Mussolini<\/strong> le sugiere a <strong>Malaparte<\/strong> que eduque a un camale\u00f3n como su bibliotecario, pero la operaci\u00f3n es tan exitosa que <em>don Camale\u00f3n<\/em> se convierte en el segundo hombre del r\u00e9gimen, su confidente, su <em>ninfa<\/em> <em>Egeria<\/em>, su eminencia gris, un <strong>Talleyrand<\/strong> reptil que visionariamente le advierte al <strong>Duce<\/strong> que los italianos detestan contarse entre los vencedores. Lo suyo es la derrota.<\/span><\/p>\n<p style=\"text-align: justify;\"><span style=\"font-size: 14pt;\"><strong>Serra<\/strong>, el bi\u00f3grafo de <strong>Malaparte<\/strong>, advierte que la primera edici\u00f3n de\u00a0<em>Don Camale\u00f3n<\/em> estaba dedicada al liberal <strong>Piero<\/strong> <strong>Gobetti<\/strong>, muerto en Par\u00eds en 1926, como consecuencia de la paliza que le propinaron los fascistas. De esa matoner\u00eda<\/span><\/p>\n<figure id=\"attachment_2263220\" aria-describedby=\"caption-attachment-2263220\" style=\"width: 360px\" class=\"wp-caption alignleft\"><img loading=\"lazy\" decoding=\"async\" class=\"wp-image-2263220\" src=\"https:\/\/puntocritico.com\/ausajpuntocritico\/wp-content\/uploads\/2022\/12\/Gabriele-D-Annunzio.webp\" alt=\"\" width=\"360\" height=\"270\" data-id=\"2263220\" srcset=\"https:\/\/puntocritico.com\/ausajpuntocritico\/wp-content\/uploads\/2022\/12\/Gabriele-D-Annunzio.webp 1960w, https:\/\/puntocritico.com\/ausajpuntocritico\/wp-content\/uploads\/2022\/12\/Gabriele-D-Annunzio-300x225.webp 300w, https:\/\/puntocritico.com\/ausajpuntocritico\/wp-content\/uploads\/2022\/12\/Gabriele-D-Annunzio-1024x768.webp 1024w, https:\/\/puntocritico.com\/ausajpuntocritico\/wp-content\/uploads\/2022\/12\/Gabriele-D-Annunzio-768x576.webp 768w, https:\/\/puntocritico.com\/ausajpuntocritico\/wp-content\/uploads\/2022\/12\/Gabriele-D-Annunzio-1536x1152.webp 1536w, https:\/\/puntocritico.com\/ausajpuntocritico\/wp-content\/uploads\/2022\/12\/Gabriele-D-Annunzio-610x458.webp 610w, https:\/\/puntocritico.com\/ausajpuntocritico\/wp-content\/uploads\/2022\/12\/Gabriele-D-Annunzio-678x509.webp 678w, https:\/\/puntocritico.com\/ausajpuntocritico\/wp-content\/uploads\/2022\/12\/Gabriele-D-Annunzio-326x245.webp 326w, https:\/\/puntocritico.com\/ausajpuntocritico\/wp-content\/uploads\/2022\/12\/Gabriele-D-Annunzio-80x60.webp 80w, https:\/\/puntocritico.com\/ausajpuntocritico\/wp-content\/uploads\/2022\/12\/Gabriele-D-Annunzio-1320x990.webp 1320w\" sizes=\"auto, (max-width: 360px) 100vw, 360px\" \/><figcaption id=\"caption-attachment-2263220\" class=\"wp-caption-text\"><span style=\"color: #008000;\">Gabriele D\u2019Annunzio, Pr\u00edncipe de Montenevoso y duque de Gallese, fue un novelista, poeta, dramaturgo, periodista, militar y pol\u00edtico italiano. Ocup\u00f3 un lugar destacado en la literatura italiana de 1889 a 1910 y posteriormente en la vida pol\u00edtica de 1914 a 1924. A menudo se le conoce con los ep\u00edtetos \u00abil Vate\u00bb (\u00abel Poeta\u00bb) y tambi\u00e9n \u00abil Profeta\u00bb (\u00abel Profeta\u00bb).<\/span><\/figcaption><\/figure>\n<p style=\"text-align: justify;\"><span style=\"font-size: 14pt;\">rufianesca, nos recuerda <strong>Serra<\/strong>, hab\u00eda participado <strong>Malaparte<\/strong> cuando asesinaron al diputado socialista <strong>Giacomo<\/strong> <strong>Matteotti<\/strong> en 1924, crimen en el cual el escritor estuvo involucrado. El cuadro completo indica que <strong>Malaparte<\/strong> era un buf\u00f3n de la corte al cual le estaba permitido burlarse del <strong>Duce<\/strong>, una vez acreditado su fascismo en hechos de sangre, lo cual no niega \u2013y por ello la dedicatoria a <strong>Gobetti<\/strong>\u2013 que <strong>Malaparte<\/strong> aspirase a un fascismo m\u00e1s liberal en cuanto a su trato con los intelectuales. El <em><strong>condotiero<\/strong><\/em> era esc\u00e9ptico y juguet\u00f3n. Arriesgaba, sin duda, su margen de libertad. Y en 1928, el fascismo italiano \u2013como ocurr\u00eda en la URSS con la oposici\u00f3n <em>trotskista<\/em>\u2013 todav\u00eda toleraba los conflictos internos.<\/span><\/p>\n<p style=\"text-align: justify;\"><span style=\"font-size: 14pt;\">Acaso lo m\u00e1s doloroso para <strong>Malaparte<\/strong> \u2013concluye <strong>Serra<\/strong>\u2013 fue la relativa indiferencia con que <strong>Mussolini<\/strong> dej\u00f3 pasar\u00a0<em>Don Camale\u00f3n<\/em>, en la misma \u00e9poca en que hab\u00eda decidido deshacerse del amenazante <strong>Gabriele D\u2019Annunzio<\/strong>, \u00e9l s\u00ed, a\u00f1os atr\u00e1s un rival de peligro tras su aventura en el <em>Fiume<\/em>, \u201c<em>sepult\u00e1ndolo en oro como a una muela podrida<\/em>\u201d. Con<\/span><\/p>\n<p style=\"text-align: justify;\"><span style=\"font-size: 14pt;\">Expulsado de la prensa oficial en 1931, <strong>Malaparte<\/strong> dijo haber renunciado al partido fascista el 18 de enero de ese a\u00f1o. No le faltaban enemigos en Italia, sobre todo entre los colegas envidiosos en un momento de gran \u00e9xito en Francia \u2013aplaudido por los <em><strong>Maurois<\/strong>,<\/em> los <em><strong>Bernanos<\/strong><\/em>, los <em><strong>Giraudoux<\/strong><\/em>\u2013 del nativo de <em>Prato<\/em> en <em>Toscana<\/em>, tanto por la\u00a0<em>T\u00e9cnica del golpe de Estado<\/em>\u00a0como por\u00a0<em>Le bonhomme L\u00e9nine<\/em>\u00a0(1932). <strong>Serra<\/strong> no encuentra documentaci\u00f3n que pruebe un encono particular del dictador hacia \u00e9l aunque todas sus andanzas en Par\u00eds eran consignadas religiosamente por los servicios secretos del <strong>Duce<\/strong>, a quien le aburr\u00edan los fr\u00edvolos, fuesen <strong>D\u2019Annunzio<\/strong>, <strong>Malaparte<\/strong> o su yerno <strong>Ciano<\/strong>. M\u00e1s bien quer\u00eda castigar a <strong>Malaparte<\/strong> con el l\u00e1tigo de su desprecio.<\/span><\/p>\n<p style=\"text-align: justify;\"><span style=\"font-size: 14pt;\">Desde Par\u00eds, <strong>Malaparte<\/strong> deseaba ser el caricaturista de los dictadores y por ello escribi\u00f3 su venganza, dice <strong>Serra<\/strong>, contra el\u00a0<em>padre padrone<\/em>:\u00a0<em>Muss. Retrato de un dictador.\u00a0<\/em><strong>El buf\u00f3n aspiraba a convertirse en <em>condotiero<\/em><\/strong> y batirse por su propio honor, oro y prestigio: no le faltaba inteligencia ni historia. Hab\u00eda visto nacer el fascismo y quer\u00eda jugar su propio juego como un amante de Italia sin ser un lacayo de <strong>Mussolini<\/strong>, capaz de relacionarse con intelectuales antifascistas, como lo hac\u00eda con <strong>Gaetano Salvemini<\/strong>, \u00edntimos ambos de <strong>Daniel Hal\u00e9vy<\/strong>, el contacto de <strong>Malaparte<\/strong> en Francia.<\/span><\/p>\n<p style=\"text-align: justify;\"><span style=\"font-size: 14pt;\">Anarquista de derechas o no \u2013as\u00ed lo llam\u00f3 el expresidente italiano <strong>Giorgio Napolitano<\/strong>, quien lo trat\u00f3 en la segunda posguerra\u2013, <strong>Malaparte<\/strong> cre\u00eda en la libertad del escritor y no la encontraba incompatible, vaya sorpresa, con el fascismo italiano de su juventud, en el cual se ve\u00eda como un \u201c<em>restaurador de nuestra fe cat\u00f3lica, un hombre de la Contrarreforma, soldado y profeta, un restaurador de la autoridad de la fe, del dogma, del hero\u00edsmo<\/em>\u201d y toda la<\/span><\/p>\n<figure id=\"attachment_2263221\" aria-describedby=\"caption-attachment-2263221\" style=\"width: 313px\" class=\"wp-caption alignleft\"><img loading=\"lazy\" decoding=\"async\" class=\"size-full wp-image-2263221\" src=\"https:\/\/puntocritico.com\/ausajpuntocritico\/wp-content\/uploads\/2022\/12\/Ciano-y-Franco.jpg\" alt=\"\" width=\"313\" height=\"211\" data-id=\"2263221\" srcset=\"https:\/\/puntocritico.com\/ausajpuntocritico\/wp-content\/uploads\/2022\/12\/Ciano-y-Franco.jpg 313w, https:\/\/puntocritico.com\/ausajpuntocritico\/wp-content\/uploads\/2022\/12\/Ciano-y-Franco-300x202.jpg 300w\" sizes=\"auto, (max-width: 313px) 100vw, 313px\" \/><figcaption id=\"caption-attachment-2263221\" class=\"wp-caption-text\"><span style=\"color: #008000;\">EL Conde Ciano, yerno de Mussolini, con Francisco Franco.<\/span><\/figcaption><\/figure>\n<p style=\"text-align: justify;\"><span style=\"font-size: 14pt;\">cantaleta contra el mal\u00e9fico racionalismo de la Ilustraci\u00f3n.<strong><sup><span class=\"Estilo-de-car-cter-1\"><span id=\"footnote-005-backlink\">5<\/span><\/span><\/sup><\/strong>\u00a0Aunque lo de <strong>Malaparte<\/strong> era m\u00e1s el <em>modernismo en su versi\u00f3n fascista<\/em>, esas contradicciones entre tradici\u00f3n y vanguardia eran muy propias de la derecha revolucionaria. <strong>Malaparte<\/strong> deja al futurista <strong>Marinetti<\/strong> en calidad de un provinciano entusiasta de los aviones de h\u00e9lice pero \u00e9l mismo es miembro nominal del\u00a0<em>Strapaese<\/em>, un ruralismo italiano. La peste en N\u00e1poles, con su desenlace prostibulario, en\u00a0<em>La piel<\/em>, est\u00e1 m\u00e1s cerca del <em>Sade<\/em> de <strong>Pasolini<\/strong> que del <em>pobrecito<\/em> de <strong>As\u00eds<\/strong>.<\/span><\/p>\n<p style=\"text-align: justify;\"><span style=\"font-size: 14pt;\"><em>Muss<\/em>\u00a0es un violento libro contra <strong>Hitler<\/strong>, que envilece y corrompe a millones de ni\u00f1os alemanes, donde tambi\u00e9n se deploran las \u201c<em>condiciones de esclavitud a las que el fascismo ha reducido al pueblo italiano<\/em>\u201d, aunque luego se pierda <strong>Malaparte<\/strong> en consideraciones confusas sobre las diferencias entre la violencia legal y la ilegal. Sus sue\u00f1os totalitarios eran esencialmente proletarios: pan y trabajo para los obreros sin detenerse en las tonter\u00edas de la democracia burguesa. Se burla de <strong>Muss<\/strong>, a quien no desea volver a ver nunca por concebirse como h\u00e9roe del cinemat\u00f3grafo, junto con todos los pol\u00edticos de la \u00e9poca. Siempre usa a <strong>Mussolini<\/strong> como el mal menor junto a <strong>Hitler<\/strong>, un austr\u00edaco que tradujo al b\u00e1varo el fascismo, este mismo la suma de todos los defectos de la civilizaci\u00f3n cat\u00f3lica del sur.<\/span><\/p>\n<p style=\"text-align: justify;\"><span style=\"font-size: 14pt;\">\u201c<em><strong>John Stuart Mill y Marx se nos aparecen como los \u00faltimos herederos de Lutero<\/strong><\/em>\u201d mientras que <strong>Hitler<\/strong> y <strong>Mussolini<\/strong> lo son de <strong>Ignacio de Loyola<\/strong>, dice <strong>Malaparte<\/strong>. Sus cr\u00edticas al liberalismo anuncian lo que ser\u00e1 el fin de su vida: una \u00faltima conversi\u00f3n, primero a <strong>Stalin<\/strong>, luego a <strong>Mao Zedong<\/strong>. Pero en el camino, en un verdadero galimat\u00edas, <strong>Malaparte<\/strong> recuerda a su maestro liberal <strong>Gobetti<\/strong> y afirma: \u201c<em>no es Mussolini el que ha inventado la t\u00e9cnica de la divinidad artificial, pero es quien la ha perfeccionado hasta su grado m\u00e1ximo<\/em>\u201d dejando como un juego de ni\u00f1os al Estado polic\u00edaco napole\u00f3nico. Finalmente, se justifica como un italiano acaso indigno de ser compatriota de <strong>Maquiavelo<\/strong> (la\u00a0<em>T\u00e9cnica del golpe de Estado<\/em>\u00a0ser\u00eda\u00a0<em>El pr\u00edncipe<\/em>\u00a0del siglo\u00a0XX), se precia de la heterodoxia de su obra literaria y de \u201c<em>imprudente conducta pol\u00edtica<\/em>\u201d,<sup><strong><span class=\"Estilo-de-car-cter-1\"><span id=\"footnote-004-backlink\">6<\/span><\/span><\/strong>\u00a0<\/sup>as\u00ed como de sus duelos, pues fue <strong>Malaparte<\/strong>, gran esgrimista, uno de los \u00faltimos duelistas de la historia y lamenta (<em>en privado<\/em>) que el fascismo haya vuelto moralmente indigno al pueblo italiano.<\/span><\/p>\n<p style=\"text-align: justify;\"><span style=\"font-size: 14pt;\">Salvo los fragmentos contra <strong>Hitler<\/strong>, las consideraciones de <strong>Malaparte<\/strong> sobre la conversi\u00f3n del fascismo en una bufonada no se publicaron sino p\u00f3stumamente. Pero este publicista todav\u00eda guardaba sus cartuchos contra <strong>Lenin<\/strong>. Es propio del fascismo primigenio el tener un horror contra la burgues\u00eda a\u00fan mayor que el de los distintos socialismos.<\/span><\/p>\n<figure id=\"attachment_2263223\" aria-describedby=\"caption-attachment-2263223\" style=\"width: 240px\" class=\"wp-caption alignright\"><img loading=\"lazy\" decoding=\"async\" class=\"size-full wp-image-2263223\" src=\"https:\/\/puntocritico.com\/ausajpuntocritico\/wp-content\/uploads\/2022\/12\/Aleksandr-Ulianov.jpg\" alt=\"\" width=\"240\" height=\"227\" data-id=\"2263223\" \/><figcaption id=\"caption-attachment-2263223\" class=\"wp-caption-text\"><span style=\"color: #008000;\">Aleksandr Uli\u00e1nov, hermano de Lenin.<\/span><\/figcaption><\/figure>\n<p style=\"text-align: justify;\"><span style=\"font-size: 14pt;\">En\u00a0<em>Le bonhomme L\u00e9nine<\/em>, se divierte <strong>Malaparte<\/strong> burl\u00e1ndose del mito burgu\u00e9s sobre el supuesto <strong>Atila<\/strong> de los <em>soviets<\/em>, quien a los ojos de su\u00a0<em>T\u00e9cnica del golpe de Estado<\/em>\u00a0resulta un despreciable peque\u00f1oburgu\u00e9s. <strong>Marx<\/strong> interpreta la realidad, dice el italiano, <strong>Lenin<\/strong> la transforma. \u00bfC\u00f3mo lo hace? Alej\u00e1ndose del bello ejemplo de su hermano terrorista <strong>Aleksandr<\/strong> <strong>Uli\u00e1nov<\/strong> y evitando parecerse a <strong>Robespierre<\/strong> o a <strong>Napole\u00f3n<\/strong>. Vive sus exilios europeos en la estrechez y la avaricia, alimentado por su esposa y por su madre, metido en una biblioteca donde se la pasa calculando la crisis del capitalismo y sus ciclos, escribiendo mamotretos de filosof\u00eda inepta, mientras en 1905 sus camaradas intentan por primera vez el sovietismo en <em>San Petersburgo<\/em>. Consagra el fanatismo de su voluntad a deshacerse de los mencheviques. Para tener una visi\u00f3n de <strong>Lenin<\/strong> como la de <strong>Malaparte<\/strong> habr\u00e1 que esperar al\u00a0<em>Taurus\u00a0<\/em>(2001), la pel\u00edcula de <strong>Aleksandr Sok\u00farov<\/strong> sobre los \u00faltimos d\u00edas del fundador de la\u00a0urss.<\/span><\/p>\n<p style=\"text-align: justify;\"><span style=\"font-size: 14pt;\">Como el <em><strong>Lytton Strachey<\/strong><\/em> de los tiranos, <strong>Malaparte<\/strong> no tiene parang\u00f3n. Entr\u00e9guenle a <strong>Lenin<\/strong>, a <strong>Trotski<\/strong>, a <strong>Mussolini<\/strong>, a <strong>Hitler<\/strong> como monstruos y les devolver\u00e1 unos personajes circenses, contorsionistas, hist\u00e9ricos. Quiz\u00e1 solo la est\u00f3lida e imperturbable maldad de <strong>Stalin<\/strong> le pareci\u00f3 a la altura de su sue\u00f1o de superhombre y por eso no se ocup\u00f3 de \u00e9l, mientras que es probable que <strong>Malaparte<\/strong> haya muerto ignorando los millonarios cr\u00edmenes de <strong>Mao<\/strong>, su \u00faltima pasi\u00f3n. Nadie nunca, asegura <strong>Malaparte<\/strong>, ha ejercido el arte de la calumnia, de la destrucci\u00f3n de aquellos que le eran m\u00e1s afines, como <strong>Lenin<\/strong>, quien sin <strong>Trotski<\/strong> no hubiera podido dar el golpe de Estado de octubre de 1917 y habr\u00eda quedado como un oscuro agente del <em><strong>K\u00e1iser<\/strong><\/em> (<em>que le dio paso franco en un vag\u00f3n sellado, para firmar, como ocurri\u00f3 en Brest-Litovsk, la paz por separado con Alemania<\/em>). Como todos los ignorantes, <strong>Lenin<\/strong> no distingu\u00eda las ideas de las personas y por ello a nadie dej\u00f3 sin traicionar, dice su deturpador. Aunque <strong>Malaparte<\/strong> en los a\u00f1os de los <em>procesos de Mosc\u00fa<\/em> hab\u00eda decidido callar, disciplinado por <strong>Muss<\/strong>, debi\u00f3 ver en la matanza <em>estalinista<\/em> la consecuencia l\u00f3gica de la inmoralidad consustancial a <strong>Lenin<\/strong>. Una vez que se hicieron del <em>Palacio de Invierno en 1917<\/em>, el jefe bolchevique solo busc\u00f3 un tocador para quitarse su disfraz de obrero y tomar el aspecto de comisario del pueblo, escasamente mayest\u00e1tico a ojos de <strong>Malaparte<\/strong>. Veinte a\u00f1os antes, tras una ceremonia, <strong>Lenin<\/strong> hab\u00eda olvidado su sombrero sobre la tumba de <strong>Marx<\/strong> en <em>Highgate<\/em>.<\/span><\/p>\n<p style=\"text-align: justify;\"><span style=\"font-size: 14pt;\">A <strong>Malaparte<\/strong> nunca lo citan los soviet\u00f3logos y hacen mal. Aunque era mentiroso y cambiaba fechas para darle <img loading=\"lazy\" decoding=\"async\" class=\"size-full wp-image-6569 alignright\" src=\"https:\/\/puntocritico.com\/ausajpuntocritico\/wp-content\/uploads\/2017\/11\/lenin-y-stalin-fdr.jpg\" alt=\"\" width=\"320\" height=\"240\" data-id=\"6569\" srcset=\"https:\/\/puntocritico.com\/ausajpuntocritico\/wp-content\/uploads\/2017\/11\/lenin-y-stalin-fdr.jpg 320w, https:\/\/puntocritico.com\/ausajpuntocritico\/wp-content\/uploads\/2017\/11\/lenin-y-stalin-fdr-300x225.jpg 300w, https:\/\/puntocritico.com\/ausajpuntocritico\/wp-content\/uploads\/2017\/11\/lenin-y-stalin-fdr-80x60.jpg 80w\" sizes=\"auto, (max-width: 320px) 100vw, 320px\" \/>coherencia a su narraci\u00f3n, como en\u00a0<em>Le bal au Kremlin<\/em>\u00a0(<em>aparecido en 1971<\/em>), donde altera el d\u00eda del <em>suicidio<\/em> de <strong>Mayakovski<\/strong> para inventarse una visita al despacho del poeta, nadie pone tan en duda los t\u00f3picos y los clich\u00e9s como \u00e9l. Su descripci\u00f3n de la sociedad sovi\u00e9tica antes del pleno dominio de <strong>Stalin<\/strong>, hacia 1930, es formidable. No pod\u00eda haber gente en el mundo m\u00e1s despreciable que los sovi\u00e9ticos, porque hablaban el peor franc\u00e9s. Urgidos, los bolcheviques crearon sobre los restos de la antigua nobleza una aristocracia pedestre, ladrona y servil, m\u00e1s decepcionante incluso para el autor de\u00a0<em>Kaputt<\/em>\u00a0que el fascismo italiano que seg\u00fan \u00e9l se hab\u00eda desviado de su camino revolucionario. Sin embargo, como anot\u00f3 agudamente <strong>Gramsci<\/strong>, nadie supo qu\u00e9 entend\u00eda por \u201c<em>revolucionario<\/em>\u201d <strong>Malaparte<\/strong>, el verdadero don <em>Camale\u00f3n<\/em>.<strong><sup><span class=\"Estilo-de-car-cter-1\"><span id=\"footnote-003-backlink\">7<\/span><\/span><\/sup><\/strong><\/span><\/p>\n<p style=\"text-align: justify;\"><span style=\"font-size: 14pt;\">Neg\u00e1ndose a ser el <strong>Thomas Mann<\/strong> italiano, el supremo caricaturista de los dictadores decide, inesperadamente, volver a Italia a principios de los a\u00f1os treinta con la intenci\u00f3n de ser el mandam\u00e1s de la prensa del r\u00e9gimen. Renunciaba a aquello en lo que hab\u00eda emulado a <strong>D\u2019Annunzio<\/strong>: ser un escritor italiano cuyos libros se editaban primero en franc\u00e9s y luego en su lengua. Siendo mentira su supuesta renuncia al carnet fascista, tal parece que cay\u00f3 en desgracia no por hablar mal de <strong>Hitler<\/strong>, apenas elegido <em><strong>canciller del Reich<\/strong><\/em> en ese momento, ni de <strong>Mussolini<\/strong>, el cual toleraba los chistes de su buf\u00f3n. Y no solo eso: en cuanto se filtr\u00f3 a la prensa que <strong>Malaparte<\/strong> estaba enfermo debido a la penosa reclusi\u00f3n a la cual era sometido por el\u00a0<em>fascio<\/em>, <strong>Muss<\/strong> mismo lo mand\u00f3 fotografiar totalmente desnudo, en un gesto que hoy es dif\u00edcil no calificar de homoer\u00f3tico, para exaltar la belleza muscular de su bello buf\u00f3n.<\/span><\/p>\n<p style=\"text-align: justify;\"><span style=\"font-size: 14pt;\">Todo fue una intriga palaciega. <strong>Malaparte<\/strong> le falt\u00f3 el respeto a un condotiero de mayor rango que \u00e9l, el aviador <strong>Italo<\/strong> <strong>Balbo<\/strong> (1896-1940), quien en 1933 comand\u00f3, ida y vuelta, el vuelo de veinticuatro hidroaviones entre Chicago y Roma. <strong>Balbo<\/strong>, m\u00e1s que toda su obra literaria y pol\u00edtica, lo remiti\u00f3 a su confinamiento en <strong><em>Lipari<\/em><\/strong>, como si fuese un modesto enemigo del zar internado en <em>Siberia<\/em>. Tuberculoso, al parecer por los gases t\u00f3xicos inhalados durante la Gran Guerra, el audaz <strong>Malaparte<\/strong> tampoco era un suicida. La nueva guerra se aproxima, carece de permiso m\u00e9dico para reingresar al ej\u00e9rcito y <strong>Mussolini<\/strong> nazifica el pa\u00eds con las leyes antisemitas de 1938. Pero si los <em>nacionalsocialistas<\/em> quer\u00edan imponer el dominio de la raza aria exterminando a los jud\u00edos, a <strong>Malaparte<\/strong> le entusiasmaba la <em>eugenesia<\/em> solo para mejorar a las razas caninas. \u201c<em>Ninguna voz humana expresa el dolor universal de manera tan intensa como el ladrido de un perro<\/em>\u201d, llega a decir en\u00a0<em>Kaputt<\/em>.<strong><sup><span class=\"Estilo-de-car-cter-1\"><span id=\"footnote-002-backlink\">8<\/span><\/span><\/sup><\/strong><\/span><\/p>\n<p style=\"text-align: justify;\"><span style=\"font-size: 14pt;\">Esos a\u00f1os los dedica <strong>Malaparte<\/strong> al arte y a la literatura modernas con\u00a0<em>Prospettive<\/em>, una magn\u00edfica revista que re\u00fane a toda la vanguardia internacional encabezada por <strong>Picasso<\/strong> junto con <strong>Joyce<\/strong>, <strong>Garc\u00eda Lorca<\/strong>, <strong>Pound<\/strong> y <strong>Heidegger<\/strong>, nada<img loading=\"lazy\" decoding=\"async\" class=\"wp-image-2263338 size-medium alignleft\" src=\"https:\/\/puntocritico.com\/ausajpuntocritico\/wp-content\/uploads\/2022\/12\/Tecnica-del-Golpe-de-Estado-port-208x300.jpg\" alt=\"\" width=\"208\" height=\"300\" data-id=\"2263338\" srcset=\"https:\/\/puntocritico.com\/ausajpuntocritico\/wp-content\/uploads\/2022\/12\/Tecnica-del-Golpe-de-Estado-port-208x300.jpg 208w, https:\/\/puntocritico.com\/ausajpuntocritico\/wp-content\/uploads\/2022\/12\/Tecnica-del-Golpe-de-Estado-port.jpg 346w\" sizes=\"auto, (max-width: 208px) 100vw, 208px\" \/> menos, y a muchos escritores italianos, prueba de que el <strong>Duce<\/strong> toleraba \u201c<em>el arte degenerado<\/em>\u201d perseguido por los hitlerianos<sup>.<strong><span class=\"Estilo-de-car-cter-1\"><span id=\"footnote-001-backlink\">9<\/span><\/span><\/strong><\/sup>\u00a0Cuando <strong>Malaparte<\/strong> necesitaba dinero para\u00a0<em>Prospettive<\/em>\u00a0recurr\u00eda a su magnificencia. <strong>Serra<\/strong> insiste en que, contra toda correcci\u00f3n pol\u00edtica, los a\u00f1os del fascismo fueron, m\u00e1s prolongadamente, similares en creatividad y riesgo a los inicios de la <em>Revoluci\u00f3n rusa<\/em>.<\/span><\/p>\n<p style=\"text-align: justify;\"><span style=\"font-size: 14pt;\">Antes de 1939 <strong>Malaparte<\/strong> vive a la expectativa, escribiendo secretamente contra <strong>Mussolini<\/strong> lo que despu\u00e9s ser\u00e1\u00a0<em><strong>Muss<\/strong>. <strong>Retrato de un dictador<\/strong>\u00a0<\/em>y cultivando sus dos grandes pasiones: sus perros y la arquitectura. Es dif\u00edcil leer una biograf\u00eda moderna donde un var\u00f3n heterosexual le d\u00e9 tan poca importancia a las mujeres. A <strong>Virginia<\/strong>, la m\u00e1s cercana, la culpa de ser indiferente a los animales, due\u00f1a de una feminidad no abstracta, sino distra\u00edda. A <strong>Febo<\/strong>, su perro favorito y fundador de una dinast\u00eda, le escribir\u00e1 una eleg\u00eda en prosa, \u201c<em>Un cane come me<\/em>\u201d, de la misma manera que a su casa en <em><strong>Capri<\/strong><\/em>, una de las maravillas de la arquitectura del siglo\u00a0XX, la llamar\u00e1 \u201c<em>Una casa come me<\/em>\u201d, sitio inici\u00e1tico donde filmaron <strong>Godard<\/strong> y <strong>Bardot<\/strong> y que no ha sido indiferente a la pluma de <strong>Tom<\/strong> <strong>Wolfe<\/strong> o de <strong>Bruce<\/strong> <strong>Chatwin<\/strong>, quienes, adem\u00e1s de admiradores de la <em><strong>Casa Malaparte<\/strong><\/em>, hablan de su creador como uno de los padres no reconocidos del\u00a0<em>new journalism<\/em>.<\/span><\/p>\n<p style=\"text-align: justify;\"><span style=\"font-size: 14pt;\">Otra vez, esta suerte de nav\u00edo funcionalista (<em>cuyo arquitecto fue <strong>Adalberto Libera<\/strong><\/em>) que parece aterrizar en el risco de <strong><em>Punta Massullo<\/em><\/strong> parece un escenario dispuesto para <strong>Sok\u00farov<\/strong>. Se trataba naturalmente de contraponer, al <em>Vittoriale degli Italiani<\/em>, en el lago de <em>Garda<\/em>, donde se hab\u00eda enterrado <strong>D\u2019Annunzio<\/strong> en vida, una esbelta fantas\u00eda futurista, envidiada por Axel Munthe, el autor de\u00a0<em>La historia de San Michele<\/em>, otro de los famosos del vecindario.<strong><sup><span class=\"Estilo-de-car-cter-1\"><span id=\"footnote-000-backlink\">10<\/span><\/span><\/sup><\/strong>\u00a0El tercer episodio lo protagonizar\u00e1, ya no en la arquitectura monumental familiar sino en el cine, el tercero en la dinast\u00eda camale\u00f3nica, <strong>Pier Paolo Pasolini<\/strong>. Seg\u00fan <strong>Serra<\/strong>, uno hereda en el otro. Los uni\u00f3, dice, el perd\u00f3n y la venganza. Quiz\u00e1s, agrego yo, fueron los primeros cristianos de la no muy cat\u00f3lica Italia.<\/span><\/p>\n<p style=\"text-align: justify;\"><span style=\"font-size: 14pt;\">No siendo posible rese\u00f1ar aqu\u00ed sus dos grandes novelas sobre la guerra, solo puedo decir que\u00a0<em>Kaputt\u00a0<\/em>es el norte, la aristocracia, el <em>gueto de Varsovia<\/em>, el <em>grito<\/em> de <strong>Munch<\/strong>, la anticipaci\u00f3n del nazi como ogro propia de <strong>Tournier<\/strong> o de <strong>Sarban<\/strong>, mientras que\u00a0<em>La piel<\/em>\u00a0es el sur, la pobreza, la peste y la prostituci\u00f3n, es <strong>Goya<\/strong> y sus desastres de la guerra.<img loading=\"lazy\" decoding=\"async\" class=\"size-full wp-image-24972 alignleft\" src=\"https:\/\/puntocritico.com\/ausajpuntocritico\/wp-content\/uploads\/2019\/12\/munch2.jpg\" alt=\"\" width=\"300\" height=\"380\" data-id=\"24972\" srcset=\"https:\/\/puntocritico.com\/ausajpuntocritico\/wp-content\/uploads\/2019\/12\/munch2.jpg 300w, https:\/\/puntocritico.com\/ausajpuntocritico\/wp-content\/uploads\/2019\/12\/munch2-237x300.jpg 237w\" sizes=\"auto, (max-width: 300px) 100vw, 300px\" \/> Escritas ante una Italia derrotada, entrampada desde el comienzo con una invasi\u00f3n de Grecia que retrasar\u00e1 la <em><strong>Operaci\u00f3n<\/strong><\/em> <em><strong>Barbarroja<\/strong><\/em> contra la\u00a0urss, acortando la llegada del <strong><em>General Invierno<\/em><\/strong>, el dueto malapartiano no compone, desde luego, un par de novelas patri\u00f3ticas. Est\u00e1n hechas para corroborar que en 1944 como en 1918, sea cual sea su bando, Italia siempre pierde y <strong>Malaparte<\/strong> solo puede ser el dibujante de un bestiario. Cada parte de\u00a0<em>Kaputt<\/em>\u00a0lleva el nombre de un animal y describe una comedia \u201c<em>humana<\/em>\u201d donde el crimen y la perversi\u00f3n se suman a la melancol\u00eda y la indiferencia de la naturaleza ante la historia. Mientras <strong>J\u00fcnger<\/strong> (<em>que no lo cita en sus<\/em>\u00a0<strong><em>Diarios de guerra y ocupaci\u00f3n<\/em><\/strong>) narra memoriosamente, dice <strong>Serra<\/strong>, <strong>Malaparte<\/strong> pinta con acentos l\u00edricos aun lo m\u00e1s siniestro: ya se trate del grotesco Hans Frank, quien quiso evadir la horca en <em><strong>N\u00faremberg<\/strong><\/em> haci\u00e9ndose pasar por el monaguillo que fue de ni\u00f1o, o del ustacha <strong>Ante Paveli\u0107<\/strong>, cuyas orejotas le recuerdan a la m\u00fasica de <strong>Honegger<\/strong> o <strong>Milhaud<\/strong>. <strong>Malaparte<\/strong> se esconde en la noche blanca de Finlandia entre una tropilla de in\u00fatiles como \u00e9l, jubilados por la historia, en la que se destaca el poeta y arist\u00f3crata espa\u00f1ol, el \u201c<em>f\u00fanebre<\/em>\u201d <strong>Agust\u00edn de Fox\u00e1<\/strong>, <em>embajador de Franco en Helsinki<\/em>, amistado con el escritor italiano. <strong>Serra<\/strong>, en todo caso, las llama \u201c<em>novelas-reportaje<\/em>\u201d para enaltecerlas: compara a <strong>Malaparte<\/strong> con <strong>Flavio<\/strong> <strong>Josefo<\/strong> y <strong>Daniel Defoe<\/strong>.<\/span><\/p>\n<p style=\"text-align: justify;\"><span style=\"font-size: 14pt;\">El fin de la guerra hace que en <strong>Malaparte<\/strong> nazca un cristiano a la rusa, como puede mirarse en la \u00fanica pel\u00edcula que film\u00f3 (<strong><em>El Cristo prohibido<\/em><\/strong><em>,<\/em>\u00a0<em>que compiti\u00f3 contra<\/em>\u00a0<strong><em>Los olvidados<\/em>\u00a0de Bu\u00f1uel<\/strong> <em>en Cannes<\/em>) y leerse en\u00a0<em>Le bal au Kremlin<\/em>, donde <strong>Malaparte<\/strong> interroga obsesivamente a <strong>Lunacharski<\/strong> y a otros <em>bolcheviques<\/em> para saber qu\u00e9 hay de cristianismo en ellos. Le dicen todo y nada. <strong>Malaparte<\/strong> elucubra tonter\u00edas \u2013si el trotskismo es el nuevo juda\u00edsmo, etc\u00e9tera\u2013 y al final, como el poeta simbolista <strong>Aleksandr Blok<\/strong>, reconoce que la \u00faltima y deso\u00edda oportunidad de recristianizar primitivamente al mundo fue la del <em>apostolado bolchevique<\/em>. En\u00a0<em>El gran imb\u00e9cil<\/em>, a su vez, <strong>Malaparte<\/strong> narra su encuentro seguramente imaginario con el asesino de <strong>Mussolini<\/strong>, el hombre que dirigi\u00f3 su fusilamiento en <em>Giulino di Mezzegra<\/em>, supongo. En sus novelas, quien importa es \u00e9l, el narrador.<\/span><\/p>\n<p style=\"text-align: justify;\"><span style=\"font-size: 14pt;\">Este gran <em>stendhaliano<\/em> quer\u00eda que todo el mundo, desde su mujer hasta su casa pasando por su perro, fuera como \u00e9l, grandioso y et\u00e9reo, incorruptible entre la peste. Este <em>m\u00e9todo egotista<\/em> vuelve particularmente fascinante la lectura de\u00a0<em>Kaputt<\/em>\u00a0y\u00a0<em>La piel<\/em>\u00a0(<em>de la cual hay una versi\u00f3n ligera,<\/em>\u00a0<strong><em>Il compagno di viaggio<\/em><\/strong><em>,\u00a0editada hasta 2007<\/em>), libros donde no hay identificaci\u00f3n con las v\u00edctimas como en <strong>Grossman<\/strong> (<em>que llega a ser una incesante mortificaci\u00f3n para el lector<\/em>), pero tampoco la altivez aristocr\u00e1tica de <strong>J\u00fcnger<\/strong>, su distanciamiento. <strong>Malaparte<\/strong> siempre es \u00e9l y lo que \u00e9l significa,<\/span><\/p>\n<figure id=\"attachment_2263224\" aria-describedby=\"caption-attachment-2263224\" style=\"width: 276px\" class=\"wp-caption alignright\"><img loading=\"lazy\" decoding=\"async\" class=\"size-full wp-image-2263224\" src=\"https:\/\/puntocritico.com\/ausajpuntocritico\/wp-content\/uploads\/2022\/12\/Curzio_Malaparte_alpino.jpg\" alt=\"\" width=\"276\" height=\"416\" data-id=\"2263224\" srcset=\"https:\/\/puntocritico.com\/ausajpuntocritico\/wp-content\/uploads\/2022\/12\/Curzio_Malaparte_alpino.jpg 276w, https:\/\/puntocritico.com\/ausajpuntocritico\/wp-content\/uploads\/2022\/12\/Curzio_Malaparte_alpino-199x300.jpg 199w\" sizes=\"auto, (max-width: 276px) 100vw, 276px\" \/><figcaption id=\"caption-attachment-2263224\" class=\"wp-caption-text\"><span style=\"color: #008000;\">Curzio Malaparte<\/span><\/figcaption><\/figure>\n<p style=\"text-align: justify;\"><span style=\"font-size: 14pt;\">precisamente esa Europa deliciosa y decadente, delicada y t\u00e9cnica, cosmopolita y nacionalista a la vez, madre de <strong>Proust<\/strong> y de <strong>Hitler<\/strong>. Por ello insisto en que la empat\u00eda fatal establecida por la <em>Escuela de Fr\u00e1ncfort<\/em> entre la Ilustraci\u00f3n y la barbarie del siglo pasado es una lectura malapartiana de la Segunda Guerra, sus causas y sus secuelas. <strong>Malaparte<\/strong> fue el \u00faltimo de los intelectuales que crey\u00f3 que la guerra no solo era la continuaci\u00f3n de la pol\u00edtica por otros medios. La guerra misma, \u00e9l que la provoc\u00f3 y la sufri\u00f3, era a la vez el gran arte de Occidente y su consumaci\u00f3n.<\/span><\/p>\n<p style=\"text-align: justify;\"><span style=\"font-size: 14pt;\">En 1944, asegura <strong>Serra<\/strong>, no queda claro a qui\u00e9n debe obedecer el oficial de reserva <strong>Malaparte<\/strong>, si a la <em>Rep\u00fablica de Sal\u00f3<\/em> o a la moribunda monarqu\u00eda que se ha deshecho de <strong>Muss<\/strong>. Nada tonto, <strong>Malaparte<\/strong> elige ser oficial de enlace de los vencedores, los estadounidenses, a quienes trata con la habitual condescendencia europea, y luego el condotiero se las arregla para caer parado. Serra demuestra que es falsa su historieta como disidente del exilio interior, cuando m\u00e1s bien fue un tolerado\u00a0<em>enfant terrible<\/em>\u00a0del fascismo, due\u00f1o de un relativo fracaso \u2013no lleg\u00f3 a ser un <strong>D\u2019Annunzio<\/strong>, rey de una <em>Barataria<\/em> a modo\u2013 y un <em>dandi<\/em> rega\u00f1ado por ofender a un gran aviador.<\/span><\/p>\n<p style=\"text-align: justify;\"><span style=\"font-size: 14pt;\">Antes de la Guerra Fr\u00eda, cuando los comunistas todav\u00eda forman parte de los gobiernos vencedores en Italia y Francia, <strong>Malaparte<\/strong> se alinea con quienes vencer\u00e1n en la siguiente ronda, los democratacristianos, y se perfuma de anticomunismo. Y una vez que el <em>Partido Comunista Italiano<\/em> queda, poderoso pero aislado, lejos del gobierno, <strong>Malaparte<\/strong> se saca un as de la manga: <strong>Palmiro Togliatti<\/strong>, el jefe de los comunistas italianos y la figura m\u00e1s importante en el mundo comunista despu\u00e9s de los jerarcas sovi\u00e9ticos, lo adora y lo necesita. Limpia con gran \u00e9xito el expediente de <strong>Malaparte<\/strong>, esta vez presentado como un aut\u00e9ntico compa\u00f1ero de viaje. Tras la <em>invasi\u00f3n sovi\u00e9tica de Hungr\u00eda en 1956<\/em>, <img loading=\"lazy\" decoding=\"async\" class=\"alignleft wp-image-2263225\" src=\"https:\/\/puntocritico.com\/ausajpuntocritico\/wp-content\/uploads\/2022\/12\/Curzio_Malaparte-don-camaleon.jpg\" alt=\"\" width=\"240\" height=\"362\" data-id=\"2263225\" srcset=\"https:\/\/puntocritico.com\/ausajpuntocritico\/wp-content\/uploads\/2022\/12\/Curzio_Malaparte-don-camaleon.jpg 487w, https:\/\/puntocritico.com\/ausajpuntocritico\/wp-content\/uploads\/2022\/12\/Curzio_Malaparte-don-camaleon-199x300.jpg 199w\" sizes=\"auto, (max-width: 240px) 100vw, 240px\" \/>no muy exitoso ni como hombre de cine ni de teatro (<em>mont\u00f3 en 1949<\/em>\u00a0<strong><em>Das Kapital<\/em><\/strong><em>, qu\u00e9 habr\u00e1 sido eso<\/em>), Malaparte le da por la sinofilia y recorre la China comunista justo antes del <em>Gran Salto Adelante<\/em> que matar\u00eda m\u00e1s seres humanos que varios de los dictadores que \u00e9l ridiculiz\u00f3. Se inventa una entrevista con <strong>Mao<\/strong> (<em>qu\u00e9 m\u00e1s da: <strong>Chateaubriand<\/strong>, uno de sus modelos, hab\u00eda hecho lo mismo con <strong>Washington<\/strong><\/em>) y de China llegan dos noticias. Una buena y otra mala. La buena es que <strong>Malaparte<\/strong> ha logrado la intercesi\u00f3n del <em><strong>Gran Timonel<\/strong><\/em> para que libere a los cat\u00f3licos presos en las erg\u00e1stulas mao\u00edstas. La mala es que <strong>Malaparte<\/strong> ha ca\u00eddo mortalmente enfermo en una aldea del sur de China. Trasladado a Pek\u00edn, los m\u00e9dicos confirman que aquella vieja tuberculosis t\u00f3xica contra\u00edda en la Primera Guerra se ha convertido en el c\u00e1ncer de pulm\u00f3n que le impedir\u00e1 ser testigo de la tercera, si la hay. El traslado de <em>Pek\u00edn<\/em> a <em>Roma<\/em> se convierte en una noticia mundial y, seg\u00fan rumores, se realiz\u00f3 en el <em>turbojet<\/em> de <strong>Jrushchov<\/strong> y <strong>Bulganin<\/strong>, anota <strong>Maurizio<\/strong> <strong>Serra<\/strong>.<\/span><\/p>\n<p style=\"text-align: justify;\"><span style=\"font-size: 14pt;\">En Roma su lecho de muerte queda rodeado de ratas eclesi\u00e1sticas de todos los colores. La cl\u00ednica <em>Sanatrix<\/em> de la ciudad es un desfile de celebridades: tras <strong>Amintore Fanfani<\/strong>, l\u00edder de la <em>Democracia Cristiana<\/em>, hacen pasar a <strong>Togliatti<\/strong> con el carnet del\u00a0pci\u00a0firmado por \u00e9l mismo para el camarada <strong>Malaparte<\/strong>. Se dice que lo rompi\u00f3 una vez que <strong>Togliatti<\/strong> sali\u00f3 de la habitaci\u00f3n. Se dicen muchas cosas. La curia se mueve con eficacia y pese a que\u00a0<em>La piel<\/em>\u00a0ha sido puesta en el <em>Index<\/em>, o por ello, consigue que el hijo del protestante <strong>Erwin Suckert<\/strong>, el <em>Camaleon\u00edsimo<\/em> al que amaron con pasi\u00f3n lo mismo <strong>Togliatti<\/strong> que <strong>Henry Miller<\/strong>, se convierta al catolicismo.\u00a0<em>Roma locuta, causa finita.<\/em><\/span><\/p>\n<p style=\"text-align: justify;\"><span style=\"font-size: 14pt;\">Muchos, muchos a\u00f1os despu\u00e9s, vi, una sola vez en mi vida, al m\u00e1s amado de los disc\u00edpulos de <strong>Malaparte<\/strong>, el narrador triling\u00fce <strong>Carlo Coccioli<\/strong>, quien goz\u00f3 de muy escasas simpat\u00edas entre los escritores mexicanos. Una historia de amor lo trajo a vivir a M\u00e9xico donde muri\u00f3 en 2003. \u201c<em>\u00bfHa le\u00eddo usted a Curzio Malaparte?<\/em>\u201d, me pregunt\u00f3 muy sangr\u00f3n como era \u00e9l. \u201c<em>No<\/em>\u201d, respond\u00ed, seguramente pensando, atolondrado, en <strong>Errico Malatesta<\/strong>. \u201cP<em>ues vaya y l\u00e9alo. No hacerlo es como subirse a un pegaso y no saber que vuela<\/em>\u201d.<\/span><\/p>\n<p>&nbsp;<\/p>\n<figure id=\"attachment_2263209\" aria-describedby=\"caption-attachment-2263209\" style=\"width: 480px\" class=\"wp-caption aligncenter\"><img loading=\"lazy\" decoding=\"async\" class=\"wp-image-2263209\" src=\"https:\/\/puntocritico.com\/ausajpuntocritico\/wp-content\/uploads\/2022\/12\/Villa_Malaparte-CAPRI-678x381.jpg\" alt=\"\" width=\"480\" height=\"360\" data-id=\"2263209\" srcset=\"https:\/\/puntocritico.com\/ausajpuntocritico\/wp-content\/uploads\/2022\/12\/Villa_Malaparte-CAPRI-300x225.jpg 300w, https:\/\/puntocritico.com\/ausajpuntocritico\/wp-content\/uploads\/2022\/12\/Villa_Malaparte-CAPRI-768x576.jpg 768w, https:\/\/puntocritico.com\/ausajpuntocritico\/wp-content\/uploads\/2022\/12\/Villa_Malaparte-CAPRI-610x458.jpg 610w, https:\/\/puntocritico.com\/ausajpuntocritico\/wp-content\/uploads\/2022\/12\/Villa_Malaparte-CAPRI-678x509.jpg 678w, https:\/\/puntocritico.com\/ausajpuntocritico\/wp-content\/uploads\/2022\/12\/Villa_Malaparte-CAPRI-326x245.jpg 326w, https:\/\/puntocritico.com\/ausajpuntocritico\/wp-content\/uploads\/2022\/12\/Villa_Malaparte-CAPRI-80x60.jpg 80w, https:\/\/puntocritico.com\/ausajpuntocritico\/wp-content\/uploads\/2022\/12\/Villa_Malaparte-CAPRI.jpg 800w\" sizes=\"auto, (max-width: 480px) 100vw, 480px\" \/><figcaption id=\"caption-attachment-2263209\" class=\"wp-caption-text\"><span style=\"color: #008000;\">Villa Malaparte, Capri<\/span><\/figcaption><\/figure>\n<p style=\"text-align: center;\"><span style=\"font-size: 18pt;\">***<\/span><\/p>\n<blockquote>\n<h3 style=\"text-align: center;\"><strong>NOTAS<\/strong><\/h3>\n<\/blockquote>\n<div class=\"_idFootnotes\">\n<blockquote>\n<div id=\"footnote-009\" class=\"_idFootnote\" style=\"text-align: center;\">\n<p class=\"Footnote\"><sup>1<\/sup>\u00a0Curzio Malaparte,\u00a0<em>Opere scelte<\/em>, edici\u00f3n de Luigi Martellini y testimonio de Giancarlo Vigorelli, Mil\u00e1n, Mondadori (I Meridiani), 1997, p. 139.<\/p>\n<\/div>\n<div id=\"footnote-008\" class=\"_idFootnote\" style=\"text-align: center;\">\n<p class=\"Footnote\"><sup>2<\/sup>\u00a0Curzio Malaparte,\u00a0<em>Le bal au Kremlin<\/em>, Par\u00eds, Deno\u00ebl, 1985 y 2005, p. 161.<\/p>\n<\/div>\n<div id=\"footnote-007\" class=\"_idFootnote\" style=\"text-align: center;\">\n<p class=\"Footnote\"><sup>3<\/sup>\u00a0Malaparte,\u00a0<em>Muss<\/em>, p. 82.<\/p>\n<\/div>\n<div id=\"footnote-006\" class=\"_idFootnote\" style=\"text-align: center;\">\n<p class=\"Footnote\"><sup>4<\/sup>\u00a0Serra,\u00a0<em>Malaparte<\/em>, pp. 146-154.<\/p>\n<\/div>\n<div id=\"footnote-005\" class=\"_idFootnote\" style=\"text-align: center;\">\n<p class=\"Footnote\"><sup>5<\/sup>\u00a0F. Perfetti, pr\u00f3logo a\u00a0<em>Muss,<\/em>\u00a0p. 22.<\/p>\n<\/div>\n<div id=\"footnote-004\" class=\"_idFootnote\" style=\"text-align: center;\">\n<p class=\"Footnote\"><sup>6<\/sup>\u00a0Malaparte,\u00a0<em>Muss<\/em>, p. 69.<\/p>\n<\/div>\n<div id=\"footnote-003\" class=\"_idFootnote\" style=\"text-align: center;\">\n<p class=\"Footnote\"><sup>7<\/sup>\u00a0Antonio Gramsci,\u00a0<em>Cuadernos de la c\u00e1rcel<\/em>, 6, edici\u00f3n cr\u00edtica de Valentino Gerratana, traducci\u00f3n de Ana Mar\u00eda Palos y Jos\u00e9 Luis Gonz\u00e1lez, M\u00e9xico, Era, 1999, p. 120.<\/p>\n<\/div>\n<div id=\"footnote-002\" class=\"_idFootnote\" style=\"text-align: center;\">\n<p class=\"Footnote\"><sup>8<\/sup>\u00a0Malaparte,\u00a0<em>Opere scelte<\/em>, p. 735.<\/p>\n<\/div>\n<div id=\"footnote-001\" class=\"_idFootnote\" style=\"text-align: center;\">\n<p class=\"Footnote\"><sup>9<\/sup>\u00a0<em>Ibid.<\/em>, p.\u00a0XXVII.<\/p>\n<\/div>\n<\/blockquote>\n<div id=\"footnote-000\" class=\"_idFootnote\">\n<blockquote>\n<p class=\"Footnote\" style=\"text-align: center;\"><sup>10<\/sup>\u00a0Michael McDonough,\u00a0<em>Malaparte. A house like me<\/em>, pr\u00f3logo de Tom Wolfe, Nueva York, Clarkson Potter\/Verve Editions, 1999, 198 pp.<\/p>\n<\/blockquote>\n<\/div>\n<\/div>\n<p>&nbsp;<\/p>\n<figure id=\"attachment_20629\" aria-describedby=\"caption-attachment-20629\" style=\"width: 480px\" class=\"wp-caption aligncenter\"><a href=\"https:\/\/puntocritico.com\/ausajpuntocritico\/2019\/08\/01\/curzio-malaparte-manual-del-golpista-profesional-soros-las-primaveras-revolucionarias-neoliberales-el-populismo-y-la-corrupcion-de-los-medios-de-comunicacion\/\"><img loading=\"lazy\" decoding=\"async\" class=\"wp-image-20629\" src=\"https:\/\/puntocritico.com\/ausajpuntocritico\/wp-content\/uploads\/2019\/07\/CMalaparte.jpg\" alt=\"\" width=\"480\" height=\"319\" data-id=\"20629\" srcset=\"https:\/\/puntocritico.com\/ausajpuntocritico\/wp-content\/uploads\/2019\/07\/CMalaparte.jpg 680w, https:\/\/puntocritico.com\/ausajpuntocritico\/wp-content\/uploads\/2019\/07\/CMalaparte-300x199.jpg 300w, https:\/\/puntocritico.com\/ausajpuntocritico\/wp-content\/uploads\/2019\/07\/CMalaparte-678x452.jpg 678w\" sizes=\"auto, (max-width: 480px) 100vw, 480px\" \/><\/a><figcaption id=\"caption-attachment-20629\" class=\"wp-caption-text\"><span style=\"color: #008000;\"><a href=\"http:\/\/CURZIO MALAPARTE: \u00abMANUAL DEL GOLPISTA PROFESIONAL\u00bb. Soros, \u00ablas Primaveras Revolucionarias Neoliberales\u00bb, el populismo y la corrupci\u00f3n de los medios de comunicaci\u00f3n.\"><strong>CURZIO MALAPARTE: \u00abMANUAL DEL GOLPISTA PROFESIONAL\u00bb<\/strong><\/a>. Soros, \u00ablas Primaveras Revolucionarias Neoliberales\u00bb, el populismo y la corrupci\u00f3n de los medios de comunicaci\u00f3n. <\/span><\/figcaption><\/figure>\n<p style=\"text-align: center;\"><span style=\"color: #008000;\"><strong><span style=\"font-size: 18pt;\">*******<\/span><\/strong><\/span><\/p>\n<h2 class=\"style-scope ytd-watch-metadata\" style=\"text-align: center;\"><strong><span style=\"font-size: 24pt;\">CURZIO MALAPARTE &#8211; DOCUMENTARIO RAI\u00a0<\/span><\/strong><strong><span style=\"font-size: 24pt;\">(VIDEO)<\/span><\/strong><\/h2>\n<div id=\"top-row\" class=\"style-scope ytd-watch-metadata\">\n<div id=\"owner\" class=\"item style-scope ytd-watch-metadata\">\u00a0<\/div>\n<\/div>\n<p>https:\/\/www.youtube.com\/watch?v=l3qXHkNI0nY<\/p>\n<p>&nbsp;<\/p>\n<p style=\"text-align: center;\"><span style=\"font-size: 14pt;\">Subt\u00edtulos traducidos por Youtube (Configuraci\u00f3n\/Subt\u00edtulos\/Traducir autom\u00e1ticamente\/idioma)<\/span><\/p>\n<p style=\"text-align: center;\"><span style=\"color: #008000;\"><strong><span style=\"font-size: 18pt;\">*******<\/span><\/strong><\/span><\/p>\n<div id=\"title\" class=\"style-scope ytd-watch-metadata\">\n<h2 class=\"style-scope ytd-watch-metadata\" style=\"text-align: center;\"><span style=\"font-size: 24pt;\"><strong>T\u00c9CNICA DEL GOLPE DE ESTADO, DE <\/strong><\/span><strong><span style=\"font-size: 24pt;\">CURZIO MALAPARTE\u00a0<\/span><\/strong><span style=\"font-size: 24pt;\"><strong>(VIDEO)<\/strong><\/span><\/h2>\n<\/div>\n<div class=\"item style-scope ytd-watch-metadata\">\n<div id=\"container\" class=\"style-scope ytd-channel-name\">\n<div id=\"text-container\" class=\"style-scope ytd-channel-name\" style=\"text-align: justify;\"><a href=\"https:\/\/www.youtube.com\/watch?v=ljaB1v3nTZI\" target=\"_blank\" rel=\"noopener\"><span style=\"font-size: 14pt;\">Bruna Torlay<\/span><\/a><\/div>\n<\/div>\n<\/div>\n<div>\u00a0<\/div>\n<p><iframe loading=\"lazy\" title=\"T\u00e9cnicas de golpes de estado, de Curzio Malaparte\" width=\"500\" height=\"281\" src=\"https:\/\/www.youtube.com\/embed\/ljaB1v3nTZI?feature=oembed\" frameborder=\"0\" allow=\"accelerometer; autoplay; clipboard-write; encrypted-media; gyroscope; picture-in-picture; web-share\" referrerpolicy=\"strict-origin-when-cross-origin\" allowfullscreen><\/iframe><\/p>\n<p>&nbsp;<\/p>\n<p style=\"text-align: center;\"><span style=\"font-size: 14pt;\">Subt\u00edtulos traducidos por Youtube (Configuraci\u00f3n\/Subt\u00edtulos\/Traducir autom\u00e1ticamente\/idioma)<\/span><\/p>\n<p style=\"text-align: center;\"><span style=\"color: #008000;\"><strong><span style=\"font-size: 18pt;\">*******<\/span><\/strong><\/span><\/p>\n<h2 style=\"text-align: justify;\"><span style=\"font-size: 14pt;\"><strong>RELACIONADO:<\/strong><\/span><\/h2>\n<blockquote class=\"wp-embedded-content\" data-secret=\"FPjPyysFeN\"><p><a href=\"https:\/\/puntocritico.com\/ausajpuntocritico\/2019\/08\/01\/curzio-malaparte-manual-del-golpista-profesional-soros-las-primaveras-revolucionarias-neoliberales-el-populismo-y-la-corrupcion-de-los-medios-de-comunicacion\/\">CURZIO MALAPARTE: \u00abMANUAL DEL GOLPISTA PROFESIONAL\u00bb. Soros, \u00ablas Primaveras Revolucionarias Neoliberales\u00bb, el populismo y la corrupci\u00f3n de los medios de comunicaci\u00f3n.<\/a><\/p><\/blockquote>\n<p><iframe loading=\"lazy\" class=\"wp-embedded-content\" sandbox=\"allow-scripts\" security=\"restricted\" style=\"position: absolute; clip: rect(1px, 1px, 1px, 1px);\" title=\"\u00abCURZIO MALAPARTE: \u00abMANUAL DEL GOLPISTA PROFESIONAL\u00bb. Soros, \u00ablas Primaveras Revolucionarias Neoliberales\u00bb, el populismo y la corrupci\u00f3n de los medios de comunicaci\u00f3n.\u00bb \u2014 Punto Cr\u00edtico Derechos Humanos\" src=\"https:\/\/puntocritico.com\/ausajpuntocritico\/2019\/08\/01\/curzio-malaparte-manual-del-golpista-profesional-soros-las-primaveras-revolucionarias-neoliberales-el-populismo-y-la-corrupcion-de-los-medios-de-comunicacion\/embed\/#?secret=TfDOHCKabm#?secret=FPjPyysFeN\" data-secret=\"FPjPyysFeN\" width=\"500\" height=\"282\" frameborder=\"0\" marginwidth=\"0\" marginheight=\"0\" scrolling=\"no\"><\/iframe><\/p>\n<p>&nbsp;<\/p>\n<p><a href=\"https:\/\/puntocritico.com\/author\/punto-critico\/\"><img loading=\"lazy\" decoding=\"async\" class=\"aligncenter wp-image-48\" src=\"https:\/\/puntocritico.com\/ausajpuntocritico\/wp-content\/uploads\/2016\/11\/Mosca_Punto_Cr\u00edtico_40.png\" alt=\"\" width=\"80\" height=\"80\" \/><\/a><\/p>\n<p>&nbsp;<\/p>\n","protected":false},"excerpt":{"rendered":"<div class=\"mh-excerpt\"><p>T\u00c9CNICA DEL GOLPE DE ESTADO &nbsp; \u00abT\u00c9CNICA DEL GOLPE DE ESTADO\u00bb PR\u00d3LOGO Por Curzio Malaparte &nbsp; Si bien me propongo mostrar c\u00f3mo se conquista un Estado moderno y c\u00f3mo se defiende, no puede decirse que <a class=\"mh-excerpt-more\" href=\"https:\/\/puntocritico.com\/ausajpuntocritico\/2022\/12\/12\/tecnica-del-golpe-de-estado-por-curzio-malaparte\/\" title=\"CURZIO MALAPARTE: \u00abT\u00c9CNICA DEL GOLPE DE ESTADO\u00bb (1931): \u00abPr\u00f3logo\u00bb.\">[&#8230;]<\/a><\/p>\n<\/div>","protected":false},"author":3,"featured_media":2263203,"comment_status":"open","ping_status":"closed","sticky":false,"template":"","format":"standard","meta":{"_acf_changed":false,"_exactmetrics_skip_tracking":false,"_exactmetrics_sitenote_active":false,"_exactmetrics_sitenote_note":"","_exactmetrics_sitenote_category":0,"footnotes":""},"categories":[12,7],"tags":[],"class_list":{"0":"post-2263128","1":"post","2":"type-post","3":"status-publish","4":"format-standard","5":"has-post-thumbnail","7":"category-corrupcion","8":"category-politica"},"acf":[],"_links":{"self":[{"href":"https:\/\/puntocritico.com\/ausajpuntocritico\/wp-json\/wp\/v2\/posts\/2263128","targetHints":{"allow":["GET"]}}],"collection":[{"href":"https:\/\/puntocritico.com\/ausajpuntocritico\/wp-json\/wp\/v2\/posts"}],"about":[{"href":"https:\/\/puntocritico.com\/ausajpuntocritico\/wp-json\/wp\/v2\/types\/post"}],"author":[{"embeddable":true,"href":"https:\/\/puntocritico.com\/ausajpuntocritico\/wp-json\/wp\/v2\/users\/3"}],"replies":[{"embeddable":true,"href":"https:\/\/puntocritico.com\/ausajpuntocritico\/wp-json\/wp\/v2\/comments?post=2263128"}],"version-history":[{"count":0,"href":"https:\/\/puntocritico.com\/ausajpuntocritico\/wp-json\/wp\/v2\/posts\/2263128\/revisions"}],"wp:featuredmedia":[{"embeddable":true,"href":"https:\/\/puntocritico.com\/ausajpuntocritico\/wp-json\/wp\/v2\/media\/2263203"}],"wp:attachment":[{"href":"https:\/\/puntocritico.com\/ausajpuntocritico\/wp-json\/wp\/v2\/media?parent=2263128"}],"wp:term":[{"taxonomy":"category","embeddable":true,"href":"https:\/\/puntocritico.com\/ausajpuntocritico\/wp-json\/wp\/v2\/categories?post=2263128"},{"taxonomy":"post_tag","embeddable":true,"href":"https:\/\/puntocritico.com\/ausajpuntocritico\/wp-json\/wp\/v2\/tags?post=2263128"}],"curies":[{"name":"wp","href":"https:\/\/api.w.org\/{rel}","templated":true}]}}