{"id":2262119,"date":"2025-03-20T00:05:41","date_gmt":"2025-03-19T23:05:41","guid":{"rendered":"https:\/\/puntocritico.com\/ausajpuntocritico\/?p=2262119"},"modified":"2025-03-19T12:48:43","modified_gmt":"2025-03-19T11:48:43","slug":"la-cultura-de-la-queja-y-la-decadencia-de-occidente-por-swami-parthasarathy-2","status":"publish","type":"post","link":"https:\/\/puntocritico.com\/ausajpuntocritico\/2025\/03\/20\/la-cultura-de-la-queja-y-la-decadencia-de-occidente-por-swami-parthasarathy-2\/","title":{"rendered":"LA CULTURA DE LA QUEJA Y LA DECADENCIA DE OCCIDENTE, por Swami Parthasarathy (2011)"},"content":{"rendered":"<p style=\"text-align: justify;\"><span style=\"font-size: 14pt; color: #008000;\">LA CULTURA DE LA QUEJA Y LA DECADENCIA DE OCCIDENTE<\/span><\/p>\n<p>&nbsp;<\/p>\n<blockquote>\n<h2 style=\"text-align: center;\"><span style=\"font-size: 24pt;\">ESPERANDO A LOS B\u00c1RBAROS<\/span><\/h2>\n<p style=\"text-align: center;\"><strong>(<span style=\"font-size: 14pt;\"><em>EXPECTING THE BARBARIANS<\/em><\/span>)<\/strong><\/p>\n<p>&nbsp;<\/p>\n<figure id=\"attachment_1973026\" aria-describedby=\"caption-attachment-1973026\" style=\"width: 555px\" class=\"wp-caption aligncenter\"><img loading=\"lazy\" decoding=\"async\" class=\"wp-image-1973026\" src=\"https:\/\/puntocritico.com\/ausajpuntocritico\/wp-content\/uploads\/2021\/03\/constantino-cavafis.jpg\" alt=\"\" width=\"555\" height=\"309\" data-id=\"1973026\" srcset=\"https:\/\/puntocritico.com\/ausajpuntocritico\/wp-content\/uploads\/2021\/03\/constantino-cavafis.jpg 785w, https:\/\/puntocritico.com\/ausajpuntocritico\/wp-content\/uploads\/2021\/03\/constantino-cavafis-300x167.jpg 300w, https:\/\/puntocritico.com\/ausajpuntocritico\/wp-content\/uploads\/2021\/03\/constantino-cavafis-768x428.jpg 768w, https:\/\/puntocritico.com\/ausajpuntocritico\/wp-content\/uploads\/2021\/03\/constantino-cavafis-610x340.jpg 610w\" sizes=\"auto, (max-width: 555px) 100vw, 555px\" \/><figcaption id=\"caption-attachment-1973026\" class=\"wp-caption-text\"><span style=\"color: #008000;\">Contant\u00edn Kavafis<\/span><\/figcaption><\/figure><\/blockquote>\n<blockquote>\n<p>&nbsp;<\/p>\n<p style=\"text-align: center;\"><em><span style=\"font-size: 14pt;\">\u00bfQu\u00e9 es lo que esperamos, reunidos en la plaza p\u00fablica?\u00a0<\/span><\/em><\/p>\n<p style=\"text-align: center;\"><em><span style=\"font-size: 14pt;\">Los b\u00e1rbaros llegar\u00e1n hoy.<\/span><\/em><\/p>\n<p style=\"text-align: center;\"><em><span style=\"font-size: 14pt;\">\u00bfPor qu\u00e9 tal inacci\u00f3n en el Senado?<\/span><\/em><br \/>\n<em><span style=\"font-size: 14pt;\">\u00bfPor qu\u00e9 est\u00e1n sentados los senadores sin pasar leyes?<\/span><\/em><\/p>\n<p style=\"text-align: center;\"><em><span style=\"font-size: 14pt;\">Porque los b\u00e1rbaros llegar\u00e1n hoy.<\/span><\/em><br \/>\n<em><span style=\"font-size: 14pt;\">\u00bfQu\u00e9 nuevas leyes podr\u00edan los senadores pasar?<\/span><\/em><br \/>\n<em><span style=\"font-size: 14pt;\">Cuando los b\u00e1rbaros lleguen, ellos har\u00e1n las leyes.<\/span><\/em><\/p>\n<p style=\"text-align: center;\"><em><span style=\"font-size: 14pt;\">\u00bfPor qu\u00e9 se levant\u00f3 nuestro emperador tan temprano,<\/span><\/em><br \/>\n<em><span style=\"font-size: 14pt;\">y est\u00e1 sentado en la puerta principal de la ciudad,<\/span><\/em><br \/>\n<em><span style=\"font-size: 14pt;\">sobre el trono, agitado, llevando su corona?<\/span><\/em><\/p>\n<p style=\"text-align: center;\"><em><span style=\"font-size: 14pt;\">Porque los b\u00e1rbaros llegar\u00e1n hoy.<\/span><\/em><br \/>\n<em><span style=\"font-size: 14pt;\">Y el emperador los espera para recibir<\/span><\/em><br \/>\n<em><span style=\"font-size: 14pt;\">a su jefe. De hecho se ha preparado<\/span><\/em><br \/>\n<em><span style=\"font-size: 14pt;\">para entregarle un pergamino. En \u00e9l est\u00e1n escritos<\/span><\/em><br \/>\n<em><span style=\"font-size: 14pt;\">muchos t\u00edtulos y nombres de honor.<\/span><\/em><\/p>\n<p style=\"text-align: center;\"><em><span style=\"font-size: 14pt;\">\u00bfPor qu\u00e9 han salido nuestros dos c\u00f3nsules y los pretores<\/span><\/em><br \/>\n<em><span style=\"font-size: 14pt;\">llevando hoy sus rojas togas bordadas;<\/span><\/em><br \/>\n<em><span style=\"font-size: 14pt;\">por qu\u00e9 llevan brazaletes salpicados de amatistas,<\/span><\/em><br \/>\n<em><span style=\"font-size: 14pt;\">y anillos de brillantes esmeraldas que refulgen;<\/span><\/em><br \/>\n<em><span style=\"font-size: 14pt;\">por qu\u00e9 portan costosos bastones,<\/span><\/em><br \/>\n<em><span style=\"font-size: 14pt;\">tallados magn\u00edficamente con plata y oro?<\/span><\/em><\/p>\n<p style=\"text-align: center;\"><em><span style=\"font-size: 14pt;\">Porque los b\u00e1rbaros llegar\u00e1n hoy,<\/span><\/em><br \/>\n<em><span style=\"font-size: 14pt;\">y esas cosas deslumbran a los b\u00e1rbaros.<\/span><\/em><\/p>\n<p style=\"text-align: center;\"><em><span style=\"font-size: 14pt;\">\u00bfPor qu\u00e9 no vienen los dignos oradores como de costumbre<\/span><\/em><br \/>\n<em><span style=\"font-size: 14pt;\">a hacer sus discursos, a decir lo suyo?<\/span><\/em><\/p>\n<p style=\"text-align: center;\"><em><span style=\"font-size: 14pt;\">Porque los b\u00e1rbaros llegar\u00e1n hoy;<\/span><\/em><br \/>\n<em><span style=\"font-size: 14pt;\">y ellos se aburren con la elocuencia y las disertaciones.<\/span><\/em><\/p>\n<p style=\"text-align: center;\"><em><span style=\"font-size: 14pt;\">\u00bfPor qu\u00e9 esta s\u00fabita inquietud y confusi\u00f3n?<\/span><\/em><br \/>\n<em><span style=\"font-size: 14pt;\">(Cu\u00e1n solemnes se han vuelto sus caras.)<\/span><\/em><br \/>\n<em><span style=\"font-size: 14pt;\">\u00bfPor qu\u00e9 se vac\u00edan r\u00e1pidamente las calles y plazas,<\/span><\/em><br \/>\n<em><span style=\"font-size: 14pt;\">y vuelven todos a sus casas, tan pensativos?<\/span><\/em><\/p>\n<p style=\"text-align: center;\"><em><span style=\"font-size: 14pt;\">Porque la noche est\u00e1 aqu\u00ed pero los b\u00e1rbaros no han llegado.<\/span><\/em><br \/>\n<em><span style=\"font-size: 14pt;\">Algunas personas llegaron desde las fronteras,<\/span><\/em><br \/>\n<em><span style=\"font-size: 14pt;\">y dijeron que ya no quedan b\u00e1rbaros.<\/span><\/em><\/p>\n<p style=\"text-align: center;\"><em><span style=\"font-size: 14pt;\">\u00bfY qu\u00e9 ser\u00e1 de nosotros ahora sin los b\u00e1rbaros?<\/span><\/em><br \/>\n<em><span style=\"font-size: 14pt;\">Esa gente era una especie de soluci\u00f3n.<\/span><\/em><\/p>\n<p>&nbsp;<\/p>\n<p style=\"text-align: right;\"><em><span style=\"font-size: 14pt;\"><strong>Constant\u00edn <\/strong><b>Kavafis<\/b><\/span><\/em><\/p>\n<p style=\"text-align: center;\"><span style=\"font-size: 18pt; color: #008000;\"><strong>*******<\/strong><\/span><\/p>\n<\/blockquote>\n<figure id=\"attachment_1972935\" aria-describedby=\"caption-attachment-1972935\" style=\"width: 678px\" class=\"wp-caption aligncenter\"><a href=\"https:\/\/en.wikipedia.org\/wiki\/Avula_Parthasarathy\" target=\"_blank\" rel=\"noopener\"><img loading=\"lazy\" decoding=\"async\" class=\"wp-image-1972935 size-mh-magazine-content\" src=\"https:\/\/puntocritico.com\/ausajpuntocritico\/wp-content\/uploads\/2021\/03\/Swami-vedanta-678x381.jpg\" alt=\"LA CULTURA DE LA QUEJA Y LA DECADENCIA DE OCCIDENTE\" width=\"678\" height=\"381\" data-id=\"1972935\" srcset=\"https:\/\/puntocritico.com\/ausajpuntocritico\/wp-content\/uploads\/2021\/03\/Swami-vedanta-678x381.jpg 678w, https:\/\/puntocritico.com\/ausajpuntocritico\/wp-content\/uploads\/2021\/03\/Swami-vedanta-300x169.jpg 300w, https:\/\/puntocritico.com\/ausajpuntocritico\/wp-content\/uploads\/2021\/03\/Swami-vedanta-1024x576.jpg 1024w, https:\/\/puntocritico.com\/ausajpuntocritico\/wp-content\/uploads\/2021\/03\/Swami-vedanta-768x432.jpg 768w, https:\/\/puntocritico.com\/ausajpuntocritico\/wp-content\/uploads\/2021\/03\/Swami-vedanta-610x343.jpg 610w, https:\/\/puntocritico.com\/ausajpuntocritico\/wp-content\/uploads\/2021\/03\/Swami-vedanta.jpg 1280w\" sizes=\"auto, (max-width: 678px) 100vw, 678px\" \/><\/a><figcaption id=\"caption-attachment-1972935\" class=\"wp-caption-text\"><span style=\"color: #008000;\"><a href=\"https:\/\/en.wikipedia.org\/wiki\/Avula_Parthasarathy\" target=\"_blank\" rel=\"noopener\">Swami Parthasarathy<\/a>; maestro de vedanta; ex\u00e9geta de los antiguos Vedas<\/span><\/figcaption><\/figure>\n<p>&nbsp;<\/p>\n<h2 style=\"text-align: center;\"><span style=\"font-size: 24pt;\"><strong>La soluci\u00f3n eres t\u00fa<\/strong><\/span><\/h2>\n<blockquote>\n<p class=\"module-text\" style=\"text-align: center;\"><span style=\"font-size: 14pt;\">\u00abUna mujer buena te har\u00e1 feliz: la mala te har\u00e1 fil\u00f3sofo\u00bb, ironiza el swami (maestro) Parthasarathy y asiente el empresario Luis Daswani, pionero del vedanta en Catalunya y su palco del Camp Nou, donde da buen karma al Bar\u00e7a. El vedanta no es religi\u00f3n ni secta ni pide dinero ni fieles. Es una disciplina milenaria de raciocinio de la que beben tradiciones como la socr\u00e1tica, la aristot\u00e9lica, la cristiana o la musulmana. <\/span><\/p>\n<p class=\"module-text\" style=\"text-align: center;\"><span style=\"font-size: 14pt;\">De ella aprendo <strong>neutralizaci\u00f3n<\/strong>: para disfrutar m\u00e1s de la bebida, bebe menos (<em>sirve para cualquier placer<\/em>). Y me dice c\u00f3mo localizar problemas: busca el problema en ti mismo \u2013corrige tu actitud\u2013 y deja de echar la culpa a los dem\u00e1s. En ti est\u00e1 todo problema y toda soluci\u00f3n.<\/span><\/p>\n<\/blockquote>\n<p style=\"text-align: center;\"><span style=\"font-size: 18pt; color: #008000;\"><strong>*******<\/strong><\/span><\/p>\n<h2 style=\"text-align: center;\" align=\"CENTER\"><span style=\"font-size: 24pt;\"><b>LA CULTURA DE LA QUEJA Y LA DECADENCIA DE OCCIDENTE<\/b><\/span><\/h2>\n<p align=\"CENTER\"><strong><span style=\"font-size: 14pt; text-align: justify;\">Por Swami Parthasarathy<\/span><\/strong><\/p>\n<p><img loading=\"lazy\" decoding=\"async\" class=\"aligncenter wp-image-1972971\" src=\"https:\/\/puntocritico.com\/ausajpuntocritico\/wp-content\/uploads\/2021\/03\/QUEJA-CULTURAL.jpg\" alt=\"\" width=\"555\" height=\"342\" data-id=\"1972971\" srcset=\"https:\/\/puntocritico.com\/ausajpuntocritico\/wp-content\/uploads\/2021\/03\/QUEJA-CULTURAL.jpg 660w, https:\/\/puntocritico.com\/ausajpuntocritico\/wp-content\/uploads\/2021\/03\/QUEJA-CULTURAL-300x185.jpg 300w, https:\/\/puntocritico.com\/ausajpuntocritico\/wp-content\/uploads\/2021\/03\/QUEJA-CULTURAL-610x376.jpg 610w\" sizes=\"auto, (max-width: 555px) 100vw, 555px\" \/><\/p>\n<p>&nbsp;<\/p>\n<blockquote>\n<p style=\"text-align: center;\"><strong><span style=\"font-size: 14pt; color: #008000;\">\u201c<i>Una cultura basada s\u00f3lo en los derechos individuales no lleva a la armon\u00eda personal ni colectiva, porque, quien es educado en la convicci\u00f3n de que tiene derecho a todo siempre encuentra motivos para la queja.\u00a0<\/i><\/span><\/strong><\/p>\n<p style=\"text-align: center;\"><strong><span style=\"font-size: 14pt; color: #008000;\"><i>Y, por ello, eres desgraciado, porque pierdes el control sobre tu propia existencia. <\/i><\/span><\/strong><\/p>\n<p style=\"text-align: center;\"><strong><span style=\"font-size: 14pt; color: #008000;\"><i>Porque si s\u00f3lo crees tener derechos, la causa de tu insatisfacci\u00f3n no est\u00e1 en ti mismo, sino en los dem\u00e1s, en algo que otros no te dan. <\/i><\/span><\/strong><\/p>\n<p style=\"text-align: center;\"><strong><span style=\"font-size: 14pt; color: #008000;\"><i>Y, al pensar as\u00ed, te conviertes en un ni\u00f1o mimado y dependiente al que por mucho que se le d\u00e9 todo, siempre le faltar\u00e1 algo. <\/i><\/span><\/strong><\/p>\n<p style=\"text-align: center;\"><strong><span style=\"font-size: 14pt; color: #008000;\"><i>La cultura de la queja es la raz\u00f3n de la decadencia de Occidente.\u00a0<\/i><\/span><\/strong><\/p>\n<p style=\"text-align: center;\"><strong><span style=\"font-size: 14pt; color: #008000;\"><i>Si fundas tu existencia en la responsabilidad y la generosidad de dar, recuperas el control sobre tu propia existencia. <\/i><\/span><\/strong><\/p>\n<p style=\"text-align: center;\"><strong><span style=\"font-size: 14pt; color: #008000;\"><i>Porque dar depende s\u00f3lo de ti; recibir te pone a merced de los dem\u00e1s.\u00a0No hace falta una fe ciega ni ascetismo ni grandes revelaciones. <\/i><\/span><\/strong><\/p>\n<p style=\"text-align: center;\"><strong><span style=\"font-size: 14pt; color: #008000;\"><i>Llegar\u00e1s a esa verdad por su propio sentido com\u00fan. No se trata de ser santo, sino simplemente sensato. Madurez. <\/i><\/span><\/strong><\/p>\n<p style=\"text-align: center;\"><strong><span style=\"font-size: 14pt; color: #008000;\"><i>Y no me refiero a la acumulaci\u00f3n de conocimiento, sino a sabidur\u00eda vital.\u201d<\/i><\/span><\/strong><\/p>\n<\/blockquote>\n<p>&nbsp;<\/p>\n<p style=\"text-align: justify;\"><span style=\"font-size: 14pt;\">Una cultura basada s\u00f3lo en los derechos individuales no lleva a la armon\u00eda personal ni colectiva, porque, quien es educado en la convicci\u00f3n de que tiene derecho a todo siempre encuentra motivos para la queja.<\/span><\/p>\n<p style=\"text-align: justify;\"><span style=\"font-size: 14pt;\"><b>\u00bfY no es as\u00ed?<\/b><\/span><\/p>\n<p style=\"text-align: justify;\"><span style=\"font-size: 14pt;\">Al contrario: si vives convencido de que tienes todos los derechos, crees\u00a0que la \u00fanica raz\u00f3n de tu insatisfacci\u00f3n es que alguien no te los ha dado. Y de ese modo pierdes la oportunidad de tener responsabilidades. Y, por ello, eres desgraciado, porque pierdes el control sobre tu propia existencia.<\/span><\/p>\n<p style=\"text-align: justify;\"><span style=\"font-size: 14pt;\"><b>\u00bfPor qu\u00e9?<\/b><\/span><\/p>\n<p style=\"text-align: justify;\"><span style=\"font-size: 14pt;\">Porque si s\u00f3lo crees tener derechos, la causa de tu insatisfacci\u00f3n no est\u00e1 en ti mismo, sino en los dem\u00e1s, en algo que otros no te dan. Y, al pensar as\u00ed, te conviertes en un ni\u00f1o mimado y dependiente al que por mucho que se le d\u00e9 todo, siempre le faltar\u00e1 algo.<\/span><\/p>\n<p style=\"text-align: justify;\"><span style=\"font-size: 14pt;\"><b>\u00bfLa cultura de los derechos es tambi\u00e9n la de la queja y la insatisfacci\u00f3n?<\/b><\/span><\/p>\n<p style=\"text-align: justify;\"><span style=\"font-size: 14pt;\">Exactamente. Por eso Occidente siempre se queja y por eso ustedes siempre est\u00e1n insatisfechos por mucho que tengan.<\/span><\/p>\n<p style=\"text-align: justify;\"><span style=\"font-size: 14pt;\"><b>Ahora tal vez tengamos motivos.<\/b><\/span><\/p>\n<p style=\"text-align: justify;\"><span style=\"font-size: 14pt;\">Todo est\u00e1 relacionado. La cultura de la queja es la raz\u00f3n de la decadencia de Occidente. Porque, adem\u00e1s de insatisfechos, esa cultura de los derechos individuales sin ninguna responsabilidad social tambi\u00e9n los hace a ustedes ego\u00edstas e improductivos.<\/span><\/p>\n<p style=\"text-align: justify;\"><span style=\"font-size: 14pt;\"><b>Tambi\u00e9n esa cultura nos hac\u00eda \u2013hasta ahora\u2013 m\u00e1s pr\u00f3speros que nadie.<\/b><\/span><\/p>\n<p style=\"text-align: justify;\"><span style=\"font-size: 14pt;\">El tiempo ha puesto las cosas en su sitio y cuando, por fin, en la India y Asia nos hemos liberado de su colonialismo, nuestro sentido de la responsabilidad nos ha permitido volver a ser pr\u00f3speros.<\/span><\/p>\n<p style=\"text-align: justify;\"><span style=\"font-size: 14pt;\"><b>\u00bfC\u00f3mo?<\/b><\/span><\/p>\n<p style=\"text-align: justify;\"><span style=\"font-size: 14pt;\">La India y toda Asia y sus sociedades colectivistas est\u00e1n basadas en el sentido del deber hacia los dem\u00e1s: el pueblo, la familia, la sociedad. Por eso ahora ya estamos compitiendo con ustedes en el terreno econ\u00f3mico.<\/span><\/p>\n<p style=\"text-align: justify;\"><span style=\"font-size: 14pt;\"><b>No s\u00e9 si veo la relaci\u00f3n\u2026<\/b><\/span><\/p>\n<p style=\"text-align: justify;\"><span style=\"font-size: 14pt;\">Una sociedad como la occidental, basada en la continua reclamaci\u00f3n de derechos, los condena a la queja. Y los culpables siempre son los dem\u00e1s: el Estado, el empresario, tu familia, los pol\u00edticos, el municipio\u2026 Pero lo peor es que, de ese modo, dejas la responsabilidad de tu vida a alguien que no eres t\u00fa. T\u00fa deber\u00edas ser, en cambio, quien decidiera sobre tu propia satisfacci\u00f3n.<\/span><\/p>\n<p style=\"text-align: justify;\"><span style=\"font-size: 14pt;\"><b>\u00bfC\u00f3mo recuperas la iniciativa?<\/b><\/span><\/p>\n<p style=\"text-align: justify;\"><span style=\"font-size: 14pt;\">Dando. Basando tu vida en las obligaciones y las responsabilidades. Eso volver\u00eda a hacerlos m\u00e1s productivos a ustedes los occidentales. Porque, para que te den algo que crees merecer, s\u00f3lo tienes que ser lo suficiente insistente y hasta quejica, y tal vez te lo acaben dando. Pero para poder dar algo a los dem\u00e1s, antes tienes que haberlo producido y creado, y despu\u00e9s ser generoso.<\/span><\/p>\n<p style=\"text-align: justify;\"><span style=\"font-size: 14pt;\"><b>Dar no es la cultura imperante aqu\u00ed.<\/b><\/span><\/p>\n<p style=\"text-align: justify;\"><span style=\"font-size: 14pt;\">Si fundas tu existencia en la responsabilidad y la generosidad de dar, recuperas el control sobre tu propia existencia. Porque dar depende s\u00f3lo de ti; recibir te pone a merced de los dem\u00e1s. Si fundas tu familia s\u00f3lo para recibir amor y derechos, nunca obtendr\u00e1s bastante y acabar\u00e1s abandon\u00e1ndola.<\/span><\/p>\n<p style=\"text-align: justify;\"><span style=\"font-size: 14pt;\"><b>\u00bfPor qu\u00e9?<\/b><\/span><\/p>\n<p style=\"text-align: justify;\"><span style=\"font-size: 14pt;\">Porque el \u00fanico modo de lograr tener una familia duradera es vivir para d\u00e1rselo todo. Mi \u00fanica mujer y yo llevamos 58 a\u00f1os casados\u2026Y felices. Porque nunca pensamos en lo que nos debe el otro, sino en lo que podemos darle a \u00e9l y a nuestros hijos. El d\u00eda en que piensas m\u00e1s en lo que recibes que en lo que das, la familia deja de tener ning\u00fan sentido. Nunca te dar\u00e1 bastante.<\/span><\/p>\n<p style=\"text-align: justify;\"><span style=\"font-size: 14pt;\"><b>\u00bfEsa actitud requiere tener religi\u00f3n?<\/b><\/span><\/p>\n<p style=\"text-align: justify;\"><span style=\"font-size: 14pt;\">Es universal y eterna en el ser humano que se conoce. Las civilizaciones que progresan est\u00e1n fundadas en la generosidad, en personas que trabajan, crean y dan a los dem\u00e1s.<\/span><\/p>\n<p style=\"text-align: justify;\"><span style=\"font-size: 14pt;\"><b>Adam Smith cre\u00eda que los ego\u00edsmos individuales arbitrados en mercados eficientes crean prosperidad colectiva.<\/b><\/span><\/p>\n<p style=\"text-align: justify;\"><span style=\"font-size: 14pt;\">Ese tipo de actividad puede darte prosperidad, pero no paz interior. No es que la prosperidad sea mala en s\u00ed, pero si no va acompa\u00f1ada de crecimiento interior, no satisface a nadie. Al contrario, esa hiperactividad te estresa, y te vuelve engre\u00eddo e intratable.<\/span><\/p>\n<p style=\"text-align: justify;\"><span style=\"font-size: 14pt;\"><b>\u00bfPor qu\u00e9?<\/b><\/span><\/p>\n<p style=\"text-align: justify;\"><span style=\"font-size: 14pt;\">Porque el \u00fanico placer real que da ganar algo es poder compartirlo. Lo descubre el vedanta desde hace milenios. Y de \u00e9l bebieron Plat\u00f3n, S\u00f3crates, Jesucristo y Mahoma. Y miles de maestros de todas las culturas.<\/span><\/p>\n<p style=\"text-align: justify;\"><span style=\"font-size: 14pt;\"><b>\u00bfEn qu\u00e9 consiste?<\/b><\/span><\/p>\n<p style=\"text-align: justify;\"><span style=\"font-size: 14pt;\">No hace falta una fe ciega ni ascetismo ni grandes revelaciones. Llegar\u00e1 a esa verdad por su propio sentido com\u00fan. No se trata de ser santo, sino simplemente sensato.<\/span><\/p>\n<p style=\"text-align: justify;\"><span style=\"font-size: 14pt;\"><b>\u00bfDisciplina mental?<\/b><\/span><\/p>\n<p style=\"text-align: justify;\"><span style=\"font-size: 14pt;\">Madurez. Y no me refiero a la acumulaci\u00f3n de conocimiento, sino a sabidur\u00eda vital. El placer, por ejemplo, lleva aparejado el desplacer. Si usted bebe por placer, acabar\u00e1 sufriendo por la bebida, a menos que aprenda a controlar su deseo \u2013es la neutralizaci\u00f3n\u2013 y madure hasta descubrir que beber menos es la mejor forma de disfrutarlo m\u00e1s.<\/span><\/p>\n<p style=\"text-align: justify;\"><span style=\"font-size: 14pt;\"><b>Tambi\u00e9n depende de con qui\u00e9n bebas.<\/b><\/span><\/p>\n<p style=\"text-align: justify;\"><span style=\"font-size: 14pt;\">La causa de una relaci\u00f3n mala no est\u00e1 en el otro, sino en tu propia actitud. El defecto no est\u00e1 en el amigo, el coche, la casa, la esposa\u2026 sino en ti mismo, en tu actitud hacia ellos. Todo conflicto de relaci\u00f3n es una oportunidad para estudiarte y corregirte. Antes de quejarse de los dem\u00e1s, est\u00fadiese y ver\u00e1 que el problema est\u00e1 en usted.<\/span><\/p>\n<p style=\"text-align: right;\"><em><span style=\"font-size: 14pt;\"><a href=\"https:\/\/www.lavanguardia.com\/lacontra\/20110906\/54212340265\/la-cultura-de-la-queja-lleva-a-occidente-a-la-decadencia.html\" target=\"_blank\" rel=\"noopener noreferrer\">La Vanguardia<\/a>, 6-9-2011<\/span><\/em><\/p>\n<p align=\"CENTER\"><span style=\"font-size: 18pt; color: #008000;\"><strong>* * *<\/strong><\/span><\/p>\n<p style=\"text-align: justify;\"><span style=\"font-size: 14pt;\"><b>LLU\u00cdS AMIGUET<\/b>. Entrevista\u00a0publicada en\u00a0<a href=\"http:\/\/www.lavanguardia.com\/lacontra\/20110906\/54212340265\/la-cultura-de-la-queja-lleva-a-occidente-a-la-decadencia.html\" target=\"_blank\" rel=\"noopener\"><i>LAVANGUARDIA.COM<\/i><\/a>. Mi\u00e9rcoles, 7 de septiembre 2011 (<a href=\"https:\/\/www.filosofiadigital.com\/\" target=\"_blank\" rel=\"noopener\">Filosof\u00eda Digital<\/a>).<\/span><\/p>\n<p style=\"text-align: center;\"><span style=\"font-size: 18pt; color: #008000;\"><strong>*******<\/strong><\/span><\/p>\n<figure id=\"attachment_2262775\" aria-describedby=\"caption-attachment-2262775\" style=\"width: 330px\" class=\"wp-caption aligncenter\"><a href=\"https:\/\/www.vedantaworld.org\/\" target=\"_blank\" rel=\"noopener\"><img loading=\"lazy\" decoding=\"async\" class=\"size-full wp-image-2262775\" src=\"https:\/\/puntocritico.com\/ausajpuntocritico\/wp-content\/uploads\/2022\/12\/Avula_Parthasarathy.jpg\" alt=\"\" width=\"330\" height=\"368\" data-id=\"2262775\" srcset=\"https:\/\/puntocritico.com\/ausajpuntocritico\/wp-content\/uploads\/2022\/12\/Avula_Parthasarathy.jpg 330w, https:\/\/puntocritico.com\/ausajpuntocritico\/wp-content\/uploads\/2022\/12\/Avula_Parthasarathy-269x300.jpg 269w\" sizes=\"auto, (max-width: 330px) 100vw, 330px\" \/><\/a><figcaption id=\"caption-attachment-2262775\" class=\"wp-caption-text\"><span style=\"color: #008000;\">Avula Parthasarathy , conocido popularmente como Swamiji (nacido el 8 de junio de 1927), es un fil\u00f3sofo indio y exponente de <a style=\"color: #008000;\" href=\"https:\/\/www.vedantaworld.org\/\" target=\"_blank\" rel=\"noopener\">Vedanta<\/a>, una de las filosof\u00edas antiguas de la India. Traduce los temas filos\u00f3ficos sutiles en una t\u00e9cnica pr\u00e1ctica de vida. Tiene m\u00faltiples t\u00edtulos en literatura, ciencia y derecho, y complet\u00f3 un posgrado en derecho internacional de la Universidad de Londres .<\/span><\/figcaption><\/figure>\n<p style=\"text-align: justify;\">\u00a0<\/p>\n<p><a href=\"https:\/\/puntocritico.com\/ausajpuntocritico\/author\/punto-critico\/\"><img loading=\"lazy\" decoding=\"async\" class=\"aligncenter wp-image-9528\" src=\"https:\/\/puntocritico.com\/ausajpuntocritico\/wp-content\/uploads\/2018\/03\/Mosca_Punto_Cr\u00edtico_40.png\" alt=\"\" width=\"80\" height=\"80\" data-id=\"9528\" \/><\/a><\/p>\n<p>&nbsp;<\/p>\n<p>&nbsp;<\/p>\n","protected":false},"excerpt":{"rendered":"<div class=\"mh-excerpt\"><p>LA CULTURA DE LA QUEJA Y LA DECADENCIA DE OCCIDENTE &nbsp; ESPERANDO A LOS B\u00c1RBAROS (EXPECTING THE BARBARIANS) &nbsp; &nbsp; \u00bfQu\u00e9 es lo que esperamos, reunidos en la plaza p\u00fablica?\u00a0 Los b\u00e1rbaros llegar\u00e1n hoy. \u00bfPor <a class=\"mh-excerpt-more\" href=\"https:\/\/puntocritico.com\/ausajpuntocritico\/2025\/03\/20\/la-cultura-de-la-queja-y-la-decadencia-de-occidente-por-swami-parthasarathy-2\/\" title=\"LA CULTURA DE LA QUEJA Y LA DECADENCIA DE OCCIDENTE, por Swami Parthasarathy (2011)\">[&#8230;]<\/a><\/p>\n<\/div>","protected":false},"author":3,"featured_media":1972954,"comment_status":"open","ping_status":"closed","sticky":false,"template":"","format":"standard","meta":{"_acf_changed":false,"_exactmetrics_skip_tracking":false,"_exactmetrics_sitenote_active":false,"_exactmetrics_sitenote_note":"","_exactmetrics_sitenote_category":0,"footnotes":""},"categories":[15],"tags":[],"class_list":{"0":"post-2262119","1":"post","2":"type-post","3":"status-publish","4":"format-standard","5":"has-post-thumbnail","7":"category-sabiduria_perenne"},"acf":[],"_links":{"self":[{"href":"https:\/\/puntocritico.com\/ausajpuntocritico\/wp-json\/wp\/v2\/posts\/2262119","targetHints":{"allow":["GET"]}}],"collection":[{"href":"https:\/\/puntocritico.com\/ausajpuntocritico\/wp-json\/wp\/v2\/posts"}],"about":[{"href":"https:\/\/puntocritico.com\/ausajpuntocritico\/wp-json\/wp\/v2\/types\/post"}],"author":[{"embeddable":true,"href":"https:\/\/puntocritico.com\/ausajpuntocritico\/wp-json\/wp\/v2\/users\/3"}],"replies":[{"embeddable":true,"href":"https:\/\/puntocritico.com\/ausajpuntocritico\/wp-json\/wp\/v2\/comments?post=2262119"}],"version-history":[{"count":0,"href":"https:\/\/puntocritico.com\/ausajpuntocritico\/wp-json\/wp\/v2\/posts\/2262119\/revisions"}],"wp:featuredmedia":[{"embeddable":true,"href":"https:\/\/puntocritico.com\/ausajpuntocritico\/wp-json\/wp\/v2\/media\/1972954"}],"wp:attachment":[{"href":"https:\/\/puntocritico.com\/ausajpuntocritico\/wp-json\/wp\/v2\/media?parent=2262119"}],"wp:term":[{"taxonomy":"category","embeddable":true,"href":"https:\/\/puntocritico.com\/ausajpuntocritico\/wp-json\/wp\/v2\/categories?post=2262119"},{"taxonomy":"post_tag","embeddable":true,"href":"https:\/\/puntocritico.com\/ausajpuntocritico\/wp-json\/wp\/v2\/tags?post=2262119"}],"curies":[{"name":"wp","href":"https:\/\/api.w.org\/{rel}","templated":true}]}}