{"id":2262065,"date":"2022-12-05T00:05:07","date_gmt":"2022-12-04T23:05:07","guid":{"rendered":"https:\/\/puntocritico.com\/ausajpuntocritico\/?p=2262065"},"modified":"2023-09-10T22:26:10","modified_gmt":"2023-09-10T20:26:10","slug":"conductismo-y-condicionamiento-operante","status":"publish","type":"post","link":"https:\/\/puntocritico.com\/ausajpuntocritico\/2022\/12\/05\/conductismo-y-condicionamiento-operante\/","title":{"rendered":"LA F\u00c1BRICA DE NI\u00d1ES: Conductismo y Condicionamiento Operante."},"content":{"rendered":"<p style=\"text-align: justify;\"><span style=\"color: #008000; font-size: 14pt;\">Conductismo y Condicionamiento Operante<\/span><\/p>\n\n<p style=\"text-align: center;\">\u00a0<\/p>\n<blockquote>\n<h2 class=\"entry-title\" style=\"text-align: center;\"><span style=\"font-size: 24pt;\">Entrevista a Keira Bell, la mujer que ha demandado a la Cl\u00ednica de G\u00e9nero Tavistock<\/span><\/h2>\n<p style=\"text-align: justify;\"><span style=\"font-size: 14pt;\"><a href=\"https:\/\/contraelborradodelasmujeres.org\/entrevista-en-exclusiva-a-keira-bell-la-mujer-que-ha-demandado-a-la-clinica-de-genero-tavistock\/\" target=\"_blank\" rel=\"noopener\">Contra el borrado de las mujeres<\/a><\/span><\/p>\n<p style=\"text-align: justify;\"><span style=\"font-size: 14pt;\">Por Raquel Rosario S\u00e1nchez, 30 NOV 2020<\/span><\/p>\n<figure id=\"attachment_2262070\" aria-describedby=\"caption-attachment-2262070\" style=\"width: 678px\" class=\"wp-caption aligncenter\"><img loading=\"lazy\" decoding=\"async\" class=\"wp-image-2262070 size-mh-magazine-content\" src=\"https:\/\/puntocritico.com\/ausajpuntocritico\/wp-content\/uploads\/2022\/12\/keira-bell-980x650-1-678x381.jpg\" alt=\"conductismo y condicionamiento operante\" width=\"678\" height=\"381\" data-id=\"2262070\" \/><figcaption id=\"caption-attachment-2262070\" class=\"wp-caption-text\"><span style=\"color: #008000;\">Una entrevista de Raquel Rosario S\u00e1nchez, feminista de la Rep\u00fablica Dominicana e integrante de la Alianza Contra el Borrado de las Mujeres<\/span><\/figcaption><\/figure>\n<p>&nbsp;<\/p>\n<p style=\"text-align: center;\"><span style=\"color: #008000;\"><strong><span style=\"font-size: 14pt;\">Cuando ten\u00eda 14 a\u00f1os, Keira Bell empez\u00f3 a sentir una inmensa incomodidad con su cuerpo. No encajaba en los estereotipos sobre la feminidad y pensaba que el problema ten\u00eda que ser ella. Odiaba la eventualidad de convertirse en una mujer y pens\u00f3 que quiz\u00e1s detestar los vestidos rosa y el maquillaje significaba ella que no era mujer. \u00bfY si su malestar significaba que en realidad era un ni\u00f1o?<\/span><\/strong><\/span><\/p>\n<p>&nbsp;<\/p>\n<p style=\"text-align: justify;\"><span style=\"font-size: 14pt;\">En lugar de cuestionar los\u00a0<a class=\"ui-sortable-handle\" href=\"https:\/\/tribunafeminista.elplural.com\/2018\/11\/las-hijas-de-nadie\/\" target=\"_blank\" rel=\"noopener\" data-schema-attribute=\"\">problemas subyacentes<\/a>\u00a0que presentaba (como la depresi\u00f3n, el odio a s\u00ed misma y una baja autoestima) con compasi\u00f3n y cuidado, la\u00a0<strong>Cl\u00ednica de G\u00e9nero para la Ni\u00f1ez del NHS<\/strong>\u00a0(parte del sistema sanitario p\u00fablico de Inglaterra) le aconsej\u00f3 a esta adolescente que ella s\u00ed era un var\u00f3n y que el mejor tratamiento para su disforia era comenzar inmediatamente con bloqueadores que detuvieran el desarrollo de su pubertad.<\/span><\/p>\n<p style=\"text-align: justify;\"><span style=\"font-size: 14pt;\">Despu\u00e9s de tres consultas (cada una de tan solo una hora), Keira Bell\u00a0<strong>fue encaminada en un trayecto que comenz\u00f3 con bloqueadores de la pubertad a los 16 a\u00f1os, hormonas de sexo opuesto a los 17 y una mastectom\u00eda doble a los 20 a\u00f1os.<\/strong>\u00a0Hasta la fecha se desconoce el impacto\u00a0<a class=\"ui-sortable-handle\" href=\"https:\/\/lahoradigital.com\/noticia\/28856\/igualdad\/educar-a-ninas-y-ninos-libres-de-imposiciones-sexistas-es-el-mejor-tratamiento-preventivo-para-la-disforia-de-genero.html\" target=\"_blank\" rel=\"noopener\" data-schema-attribute=\"\">a largo plazo<\/a>\u00a0de este tratamiento experimental, incluyendo su efecto en el desarrollo cognitivo y reproductivo de la ni\u00f1ez, pero Keira hoy reconoce que este tratamiento m\u00e9dico no resolvi\u00f3 la disforia que atravesaba.<\/span><\/p>\n<p>&nbsp;<\/p>\n<p style=\"text-align: center;\"><span style=\"font-size: 14pt;\"><strong><span style=\"color: #008000;\">Hoy, con 23 a\u00f1os, Keira est\u00e1 demandando a la Cl\u00ednica de G\u00e9nero Tavistock y Portman que administr\u00f3 su tratamiento, y que contin\u00faa diagnosticando a cientos de menores de edad.<\/span><\/strong><\/span><\/p>\n<p>&nbsp;<\/p>\n<p style=\"text-align: justify;\"><span style=\"font-size: 14pt;\">La mayor\u00eda son ni\u00f1as que, igual que ella durante su adolescencia, se sienten\u00a0<a class=\"ui-sortable-handle\" href=\"https:\/\/www.youtube.com\/watch?v=sF7GKMUtIpw\" target=\"_blank\" rel=\"noopener\" data-schema-attribute=\"\">confundidas respecto a su sexo<\/a>. Keira asegura que la ni\u00f1ez con disforia de g\u00e9nero que llega a la cl\u00ednica necesita mejor apoyo, no un \u201cmodelo afirmativo\u201d que autom\u00e1ticamente le encamine hacia los bloqueadores de la pubertad y las hormonas de sexo opuesto.<\/span><\/p>\n<\/blockquote>\n<p>&nbsp;<\/p>\n<p><img loading=\"lazy\" decoding=\"async\" class=\"aligncenter wp-image-2262464\" src=\"https:\/\/puntocritico.com\/ausajpuntocritico\/wp-content\/uploads\/2022\/12\/Conductismo-y-manipulacion-de-menores.png\" alt=\"\" width=\"440\" height=\"354\" data-id=\"2262464\" srcset=\"https:\/\/puntocritico.com\/ausajpuntocritico\/wp-content\/uploads\/2022\/12\/Conductismo-y-manipulacion-de-menores.png 449w, https:\/\/puntocritico.com\/ausajpuntocritico\/wp-content\/uploads\/2022\/12\/Conductismo-y-manipulacion-de-menores-300x241.png 300w\" sizes=\"auto, (max-width: 440px) 100vw, 440px\" \/><\/p>\n<p style=\"text-align: center;\"><span style=\"font-size: 18pt;\"><strong><span style=\"color: #008000;\">*******<\/span><\/strong><\/span><\/p>\n<blockquote>\n<h2 class=\"site_font title__main_title-3ziG article__title-V0GI color_eta\" style=\"text-align: center;\"><span style=\"font-size: 24pt;\">Reino Unido cierra la cl\u00ednica Tavistock para menores transg\u00e9nero por considerar que \u00abno es una opci\u00f3n segura\u00bb<\/span><\/h2>\n<p class=\"summaryElement__summary-2uMb\" style=\"text-align: center;\"><em><strong><span style=\"font-size: 14pt;\">El Servicio Nacional de Salud considera que esa cl\u00ednica londinense de cambio de sexo para ni\u00f1os y adolescentes no es viable \u00aba largo plazo\u00bb<\/span><\/strong><\/em><\/p>\n<p class=\"summaryElement__summary-2uMb\" style=\"text-align: center;\"><em><strong><span style=\"font-size: 14pt;\">El proceso de revisi\u00f3n se abri\u00f3 tras la denuncia de una paciente que consider\u00f3 que no hab\u00eda recibido el asesoramiento y el tratamiento adecuados<\/span><\/strong><\/em><\/p>\n<p class=\"summaryElement__summary-2uMb\" style=\"text-align: center;\"><em><strong><span style=\"font-size: 14pt;\">Los menores transg\u00e9nero ser\u00e1n derivados a otros hospitales con un enfoque m\u00e1s \u00abhol\u00edstico\u00bb<\/span><\/strong><\/em><\/p>\n<div class=\"article__headerArticle-2BeO\">\n<div class=\"article__shared_bar_article-Pkjv\" style=\"text-align: justify;\"><a href=\"https:\/\/www.niusdiario.es\/sociedad\/igualdad\/20220729\/reino-unido-cierra-clinica-tavistock-tratamiento-menores-transgenero-considera-insegura_18_07136868.html\" target=\"_blank\" rel=\"noopener\">NIUS<\/a>, 29 JULIO 2022<\/div>\n<div>\u00a0<\/div>\n<div class=\"article__shared_bar_article-Pkjv\" style=\"text-align: justify;\"><img loading=\"lazy\" decoding=\"async\" class=\"wp-image-2262066 size-mh-magazine-content aligncenter\" src=\"https:\/\/puntocritico.com\/ausajpuntocritico\/wp-content\/uploads\/2022\/11\/Tavistok-678x381.webp\" alt=\"\" width=\"678\" height=\"381\" data-id=\"2262066\" srcset=\"https:\/\/puntocritico.com\/ausajpuntocritico\/wp-content\/uploads\/2022\/11\/Tavistok-678x381.webp 678w, https:\/\/puntocritico.com\/ausajpuntocritico\/wp-content\/uploads\/2022\/11\/Tavistok-300x169.webp 300w, https:\/\/puntocritico.com\/ausajpuntocritico\/wp-content\/uploads\/2022\/11\/Tavistok-1024x576.webp 1024w, https:\/\/puntocritico.com\/ausajpuntocritico\/wp-content\/uploads\/2022\/11\/Tavistok-768x432.webp 768w, https:\/\/puntocritico.com\/ausajpuntocritico\/wp-content\/uploads\/2022\/11\/Tavistok-610x343.webp 610w, https:\/\/puntocritico.com\/ausajpuntocritico\/wp-content\/uploads\/2022\/11\/Tavistok.webp 1200w\" sizes=\"auto, (max-width: 678px) 100vw, 678px\" \/><\/div>\n<\/div>\n<div><span style=\"color: #008000;\">Pancarta a favor de los derechos de los menores transg\u00e9nero mostrada en una marcha en Londres (Reino Unido), el pasado 9 de julio.GETTY IMAGES<\/span><\/div>\n<div>\u00a0<\/div>\n<div>\u00a0<\/div>\n<div style=\"text-align: justify;\"><span style=\"font-size: 14pt;\">El Servicio Nacional de Salud brit\u00e1nico va a cerrar un controvertido <a href=\"https:\/\/www.niusdiario.es\/sociedad\/decisiva-judicial-transgenero-reino-unido_18_3090945003.html\" target=\"_blank\" rel=\"noopener\" data-schema-attribute=\"\">centro de tratamiento de cambio de sexo<\/a>\u00a0para menores tras considerarlo \u00abinseguro\u00bb. Se trata de la cl\u00ednica Tavistock, situada al norte de Londres, que\u00a0<strong>abri\u00f3 el camino en la prescripci\u00f3n de bloqueadores de la pubertad a ni\u00f1os<\/strong> que cuestionan su g\u00e9nero.<\/span><\/div>\n<\/blockquote>\n<div>\n<blockquote>\n<div>\n<p class=\"color_eta\" style=\"text-align: justify;\"><span style=\"font-size: 14pt;\">La cl\u00ednica alberga el Servicio de Desarrollo de la Identidad de G\u00e9nero, que cerrar\u00e1 la pr\u00f3xima primavera despu\u00e9s de que una revisi\u00f3n considerara que<strong>\u00a0no es \u00abuna opci\u00f3n segura o viable a largo plazo\u00bb<\/strong>, seg\u00fan\u00a0<em>The Times<\/em>. <\/span><\/p>\n<p class=\"color_eta\" style=\"text-align: justify;\"><span style=\"font-size: 14pt;\">El centro ha sido acusado de apresurar a los adolescentes<\/span><strong style=\"font-size: 14pt;\">\u00a0a un tratamiento que les cambia la vida<\/strong><span style=\"font-size: 14pt;\"> con bloqueadores de hormonas. <\/span><\/p>\n<p class=\"color_eta\" style=\"text-align: justify;\"><span style=\"font-size: 14pt;\">El proceso de revisi\u00f3n se abri\u00f3 con la denuncia de Keira Bell, de 23 a\u00f1os. En 2020\u00a0<\/span><strong style=\"font-size: 14pt;\">decidi\u00f3 llevar a juicio a la cl\u00ednica que le hab\u00eda permitido iniciar la transici\u00f3n de mujer a hombre a los 16 a\u00f1os<\/strong><span style=\"font-size: 14pt;\">. Bell consideraba que los m\u00e9dicos no le cuestionaron lo suficiente para asegurarse de que era consciente de las consecuencias a largo plazo de la decisi\u00f3n que estaba a punto de tomar, como por ejemplo en cuestiones de fertilidad. <\/span><\/p>\n<p class=\"color_eta\" style=\"text-align: justify;\"><span style=\"font-size: 14pt;\">La noticia del cierre ha sido bien recibida por antiguos pacientes como Bell que<\/span><strong style=\"font-size: 14pt;\">\u00a0creen que no recibieron el tratamiento o el asesoramiento adecuado<\/strong><span style=\"font-size: 14pt;\">, informa\u00a0<\/span><em style=\"font-size: 14pt;\">Daily Express<\/em><span style=\"font-size: 14pt;\">. <\/span><\/p>\n<p class=\"color_eta\" style=\"text-align: justify;\"><span style=\"font-size: 14pt;\">La inspecci\u00f3n concluy\u00f3 que los m\u00e9dicos de la cl\u00ednica Tavistock se hab\u00edan sentido\u00a0<\/span><strong style=\"font-size: 14pt;\">\u00abbajo presi\u00f3n para adoptar un enfoque afirmativo e incuestionable\u00bb sobre sobre la identidad de g\u00e9nero<\/strong><span style=\"font-size: 14pt;\"> en lugar de pasar por el proceso normal de evaluaci\u00f3n cl\u00ednica. <\/span><\/p>\n<p class=\"color_eta\" style=\"text-align: justify;\"><span style=\"font-size: 14pt;\">Tras la clausura del centro, los menores transg\u00e9nero ser\u00e1n atendidos en hospitales infantiles especializados que, seg\u00fan el Servicio Nacional de Salud, ofrecer\u00e1n\u00a0<\/span><strong style=\"font-size: 14pt;\">un enfoque m\u00e1s \u00abhol\u00edstico\u00bb con \u00abfuertes v\u00ednculos con los servicios de salud mental\u00bb<\/strong><span style=\"font-size: 14pt;\">.<\/span><\/p>\n<\/div>\n<\/blockquote>\n<div id=\"sm-it-main-container-1669289664144\" class=\"sm-it-main-container\" data-it=\"6bee5808-69c5-40d0-926c-42748c0bcf07\" data-device=\"desktop\" data-index=\"0\">\n<p>&nbsp;<\/p>\n<\/div>\n<\/div>\n<div>\u00a0<\/div>\n<div>\n<figure id=\"attachment_2262073\" aria-describedby=\"caption-attachment-2262073\" style=\"width: 480px\" class=\"wp-caption aligncenter\"><img loading=\"lazy\" decoding=\"async\" class=\"wp-image-2262073\" src=\"https:\/\/puntocritico.com\/ausajpuntocritico\/wp-content\/uploads\/2022\/12\/el-hijo-de-irene-montero-con-falda.webp\" alt=\"\" width=\"480\" height=\"360\" data-id=\"2262073\" srcset=\"https:\/\/puntocritico.com\/ausajpuntocritico\/wp-content\/uploads\/2022\/12\/el-hijo-de-irene-montero-con-falda.webp 854w, https:\/\/puntocritico.com\/ausajpuntocritico\/wp-content\/uploads\/2022\/12\/el-hijo-de-irene-montero-con-falda-300x225.webp 300w, https:\/\/puntocritico.com\/ausajpuntocritico\/wp-content\/uploads\/2022\/12\/el-hijo-de-irene-montero-con-falda-768x576.webp 768w, https:\/\/puntocritico.com\/ausajpuntocritico\/wp-content\/uploads\/2022\/12\/el-hijo-de-irene-montero-con-falda-610x457.webp 610w, https:\/\/puntocritico.com\/ausajpuntocritico\/wp-content\/uploads\/2022\/12\/el-hijo-de-irene-montero-con-falda-678x509.webp 678w, https:\/\/puntocritico.com\/ausajpuntocritico\/wp-content\/uploads\/2022\/12\/el-hijo-de-irene-montero-con-falda-326x245.webp 326w, https:\/\/puntocritico.com\/ausajpuntocritico\/wp-content\/uploads\/2022\/12\/el-hijo-de-irene-montero-con-falda-80x60.webp 80w\" sizes=\"auto, (max-width: 480px) 100vw, 480px\" \/><figcaption id=\"caption-attachment-2262073\" class=\"wp-caption-text\"><span style=\"color: #008000;\">FABRICANDO NI\u00d1ES: Condicionando ni\u00f1os y ni\u00f1as sin uso de raz\u00f3n; lo que les puede llevar a a padecer trastornos ps\u00edquicos como la <a href=\"https:\/\/neuro-class.com\/apotemnofilia-o-xenomelia-el-deseo-de-amputar-una-pierna\/#:~:text=La%20apotemnofilia%20se%20considera%20un,dos%20de%20sus%20piernas%20sanas.\" target=\"_blank\" rel=\"noopener\">apotemnofilia<\/a>; e incluso al deseo de que sus \u00f3rganos reproductivos sean mutilados. En la imagen, el ni\u00f1o no es consciente de nada. \u00bfQu\u00e9 tipo de adecuaci\u00f3n psicol\u00f3gica del peque\u00f1o (<em>con 3 a\u00f1os en la foto<\/em>), es la que su madre -Licenciada en Psicolog\u00eda- est\u00e1 llevando a cabo?<\/span><\/figcaption><\/figure>\n<\/div>\n<div style=\"text-align: center;\"><strong><span style=\"color: #008000; font-size: 18pt;\">*******<\/span><\/strong><\/div>\n<div>\n<h2 class=\"titulo titulo--articulo\" style=\"text-align: center;\"><strong><span style=\"font-size: 24pt;\">LA TEOR\u00cdA DE B.F. SKINNER: CONDUCTISMO Y CONDICIONAMIENTO OPERANTE<\/span><\/strong><\/h2>\n<p style=\"text-align: justify;\"><span style=\"font-size: 14pt;\">Por Claudia Pradas Gallardo<\/span><\/p>\n<div class=\"info_articulo \">\n<div class=\"daticos\">\n<div class=\"stars\">\n<div class=\"total\" style=\"text-align: justify;\"><span style=\"font-size: 14pt;\"><a href=\"https:\/\/www.psicologia-online.com\/la-teoria-de-b-f-skinner-conductismo-y-condicionamiento-operante-4155.html#:~:text=Como%20el%20conductismo%20se%20basa,en%20la%20teor%C3%ADa%20de%20B.F.\" target=\"_blank\" rel=\"noopener\">Psicolog\u00eda on line<\/a>, 23 octubre 2018<\/span><\/div>\n<\/div>\n<\/div>\n<\/div>\n<\/div>\n<div>\u00a0<\/div>\n<div>\n<figure id=\"attachment_2262428\" aria-describedby=\"caption-attachment-2262428\" style=\"width: 600px\" class=\"wp-caption aligncenter\"><a href=\"https:\/\/es.wikipedia.org\/wiki\/Burrhus_Frederic_Skinner\" target=\"_blank\" rel=\"noopener\"><img loading=\"lazy\" decoding=\"async\" class=\"wp-image-2262428 size-full\" src=\"https:\/\/puntocritico.com\/ausajpuntocritico\/wp-content\/uploads\/2022\/12\/la_teoria_de_b_f_skinner_conductismo_y_condicionamiento_operante_4155_600.webp\" alt=\"\" width=\"600\" height=\"375\" data-id=\"2262428\" srcset=\"https:\/\/puntocritico.com\/ausajpuntocritico\/wp-content\/uploads\/2022\/12\/la_teoria_de_b_f_skinner_conductismo_y_condicionamiento_operante_4155_600.webp 600w, https:\/\/puntocritico.com\/ausajpuntocritico\/wp-content\/uploads\/2022\/12\/la_teoria_de_b_f_skinner_conductismo_y_condicionamiento_operante_4155_600-300x188.webp 300w\" sizes=\"auto, (max-width: 600px) 100vw, 600px\" \/><\/a><figcaption id=\"caption-attachment-2262428\" class=\"wp-caption-text\"><span style=\"color: #008000;\"><a href=\"https:\/\/es.wikipedia.org\/wiki\/Burrhus_Frederic_Skinner\" target=\"_blank\" rel=\"noopener\"><strong>Burrhus Frederic Skinner<\/strong><\/a> (<em>Susquehanna, Pensilvania; 20 de marzo de 1904-Cambridge, Massachusetts; 18 de agosto de 1990<\/em>) fue un psic\u00f3logo, fil\u00f3sofo social, inventor y autor estadounidense. Condujo un trabajo pionero en psicolog\u00eda experimental y defendi\u00f3 el conductismo, que considera el comportamiento como una funci\u00f3n de las historias ambientales de refuerzo. Escribi\u00f3 trabajos controvertidos en los cuales propuso el uso extendido de t\u00e9cnicas psicol\u00f3gicas de modificaci\u00f3n de conducta, principalmente el condicionamiento operante, para mejorar la sociedad e incrementar la felicidad humana, como una forma de ingenier\u00eda social. Un estudio de la American Psychological Association (APA), publicado en 2002, lo situ\u00f3 como el psic\u00f3logo de mayor relevancia del siglo xx.<\/span><\/figcaption><\/figure>\n<\/div>\n<div>\u00a0<\/div>\n<div>\u00a0<\/div>\n<div style=\"text-align: justify;\"><span style=\"font-size: 14pt;\">El conductismo es una rama de la psicolog\u00eda que, como su propio nombre indica, se basa en la observaci\u00f3n de la conducta y el an\u00e1lisis de la misma. El conductismo surgi\u00f3 como contraposici\u00f3n al psicoan\u00e1lisis y ten\u00eda como objetivo proporcionar una <strong>base cient\u00edfica, demostrable y medible<\/strong>\u00a0a la psicolog\u00eda. Pioneros como <strong>Watson<\/strong> o <strong>Pavlov<\/strong> empezaron a realizar experimentos con varios animales que sentaron las bases del conductismo y el condicionamiento. <\/span><\/div>\n<div>\u00a0<\/div>\n<div style=\"text-align: justify;\"><span style=\"font-size: 14pt;\">Unos a\u00f1os m\u00e1s tarde, el psic\u00f3logo <\/span><a style=\"font-size: 14pt;\" href=\"https:\/\/es.wikipedia.org\/wiki\/Burrhus_Frederic_Skinner\" target=\"_blank\" rel=\"noopener\"><strong>Burrhus Frederic Skinner<\/strong><\/a><span style=\"font-size: 14pt;\"> a\u00f1adi\u00f3 un gran descubrimiento a esta rama de la psicolog\u00eda:\u00a0<\/span><strong style=\"font-size: 14pt;\">el condicionamiento operante<\/strong><span style=\"font-size: 14pt;\">.<\/span><\/div>\n<p>&nbsp;<\/p>\n<p><img loading=\"lazy\" decoding=\"async\" class=\"aligncenter wp-image-2262459\" src=\"https:\/\/puntocritico.com\/ausajpuntocritico\/wp-content\/uploads\/2022\/12\/Conductismo-collage.jpeg\" alt=\"\" width=\"330\" height=\"242\" data-id=\"2262459\" srcset=\"https:\/\/puntocritico.com\/ausajpuntocritico\/wp-content\/uploads\/2022\/12\/Conductismo-collage.jpeg 256w, https:\/\/puntocritico.com\/ausajpuntocritico\/wp-content\/uploads\/2022\/12\/Conductismo-collage-80x60.jpeg 80w\" sizes=\"auto, (max-width: 330px) 100vw, 330px\" \/><\/p>\n<p>&nbsp;<\/p>\n<div>\n<h3 id=\"anchor_0\" class=\"titulo titulo--h2 titulo--apartado\" style=\"text-align: center;\"><span style=\"font-size: 18pt;\">La teor\u00eda conductista de B.F. Skinner<\/span><\/h3>\n<div class=\"apartado\">\n<p style=\"text-align: justify;\"><span style=\"font-size: 14pt;\"><strong>Burrhus Frederic Skinner (1904-1990)<\/strong> fue un importante psic\u00f3logo, inventor y escritor estadounidense reconocido en todo el mundo por aportar rigor cient\u00edfico a la psicolog\u00eda. En 1938 escribi\u00f3 su primer estudio llamado \u00ab<em>La conducta de los organismos: un an\u00e1lisis experimental<\/em>\u00bb y fue plasmando sobre papel todo aquello que estudi\u00f3 hasta que, en <strong>1974<\/strong>, resumi\u00f3 su trabajo en una famosa obra llamada \u00ab<strong><em>Sobre el Conductismo<\/em><\/strong>\u00ab<\/span><\/p>\n<p style=\"text-align: justify;\"><span style=\"font-size: 14pt;\">En este libro, <strong>Skinner<\/strong> explica los fundamentos del an\u00e1lisis de la conducta y c\u00f3mo sus experimentos con animales pueden extrapolarse a la terapia psicol\u00f3gica en humanos. El autor nos explica c\u00f3mo se puede entender la psicolog\u00eda desde un punto de vista operante y c\u00f3mo afecta nuestro comportamiento a nuestros pensamientos.<\/span><\/p>\n<\/div>\n<\/div>\n<p>&nbsp;<\/p>\n<p><img loading=\"lazy\" decoding=\"async\" class=\"aligncenter wp-image-2262460\" src=\"https:\/\/puntocritico.com\/ausajpuntocritico\/wp-content\/uploads\/2022\/12\/Skinner-conductismo-radical.png\" alt=\"\" width=\"440\" height=\"275\" data-id=\"2262460\" srcset=\"https:\/\/puntocritico.com\/ausajpuntocritico\/wp-content\/uploads\/2022\/12\/Skinner-conductismo-radical.png 480w, https:\/\/puntocritico.com\/ausajpuntocritico\/wp-content\/uploads\/2022\/12\/Skinner-conductismo-radical-300x188.png 300w\" sizes=\"auto, (max-width: 440px) 100vw, 440px\" \/><\/p>\n<p>&nbsp;<\/p>\n<div>\n<div class=\"apartado\">\n<h3 style=\"text-align: center;\"><span style=\"font-size: 18pt;\">El condicionamiento simple de Watson y Pavlov<\/span><\/h3>\n<p style=\"text-align: justify;\"><span style=\"font-size: 14pt;\">Como hemos comentado anteriormente, la psicolog\u00eda conductista naci\u00f3 a\u00f1os antes de que <strong>Skinner<\/strong> publicara sus estudios. Dos grandes pioneros de esta rama de la psicolog\u00eda con <strong><a href=\"https:\/\/es.wikipedia.org\/wiki\/John_B._Watson\" target=\"_blank\" rel=\"noopener\">John Watson<\/a> e <a href=\"https:\/\/es.wikipedia.org\/wiki\/Iv%C3%A1n_P%C3%A1vlov\" target=\"_blank\" rel=\"noopener\">Ivan Pavlov<\/a> <\/strong>estudiaron lo que conocemos hoy en d\u00eda como <strong>condicionamiento simple<\/strong>.<\/span><\/p>\n<p style=\"text-align: justify;\"><span style=\"font-size: 14pt;\">El<strong> condicionamiento simple<\/strong> se trata de un procedimiento por el cual podemos inducir un reflejo o una respuesta a un animal (<em>y en algunos casos, a una persona<\/em>). Con experimentos como el de los <strong>perros de Pavlov<\/strong> o la<strong> inducci\u00f3n de una fobia a un ni\u00f1o de Watson<\/strong>, se pretend\u00eda demostrar que la mente humana se pod\u00eda medir, observar y modificar a trav\u00e9s de la conducta.<\/span><\/p>\n<\/div>\n<\/div>\n<p>&nbsp;<\/p>\n<p><img loading=\"lazy\" decoding=\"async\" class=\"aligncenter size-full wp-image-2262462\" src=\"https:\/\/puntocritico.com\/ausajpuntocritico\/wp-content\/uploads\/2022\/12\/Conductistas-1.jpg\" alt=\"\" width=\"762\" height=\"301\" data-id=\"2262462\" srcset=\"https:\/\/puntocritico.com\/ausajpuntocritico\/wp-content\/uploads\/2022\/12\/Conductistas-1.jpg 762w, https:\/\/puntocritico.com\/ausajpuntocritico\/wp-content\/uploads\/2022\/12\/Conductistas-1-300x119.jpg 300w, https:\/\/puntocritico.com\/ausajpuntocritico\/wp-content\/uploads\/2022\/12\/Conductistas-1-610x241.jpg 610w\" sizes=\"auto, (max-width: 762px) 100vw, 762px\" \/><\/p>\n<div>\n<div class=\"apartado\">\n<p>&nbsp;<\/p>\n<h3 style=\"text-align: center;\"><span style=\"font-size: 18pt;\">La psicolog\u00eda conductista<\/span><\/h3>\n<p style=\"text-align: justify;\"><span style=\"font-size: 14pt;\">Los <strong>cuatro principios b\u00e1sicos de la psicolog\u00eda conductista<\/strong> son:<\/span><\/p>\n<ol style=\"text-align: justify;\">\n<li><span style=\"font-size: 14pt;\"><strong>La psicolog\u00eda es una ciencia<\/strong>, por lo tanto utilizar\u00e1 una metodolog\u00eda experimental emp\u00edrica y demostrable.<\/span><\/li>\n<li><span style=\"font-size: 14pt;\">Esta metodolog\u00eda se caracteriza por utilizar\u00a0<strong>variables que se puedan medir<\/strong>\u00a0(<em>ejemplo: medir la ansiedad por el n\u00famero de latidos por minuto<\/em>)<\/span><\/li>\n<li><span style=\"font-size: 14pt;\">Los resultados de los experimentos realizados en un laboratorio, pueden\u00a0<strong>extrapolarse a la vida real<\/strong><\/span><\/li>\n<li><span style=\"font-size: 14pt;\"><strong>La conducta es aprendida<\/strong>, no existe ninguna forma de innatismo (<em>rechazo total a otras ramas de la psicolog\u00eda<\/em>)<\/span><\/li>\n<\/ol>\n<p style=\"text-align: justify;\"><span style=\"font-size: 14pt;\">El aporte del condicionamiento de <strong>Skinner<\/strong> a esta disciplina es muy importante, a\u00f1adi\u00f3 el principio del refuerzo, el concepto de recompensa y defini\u00f3 el condicionamiento operante, todo ello mediante experimentos como la famosa caja de Skinner.<\/span><\/p>\n<p style=\"text-align: justify;\"><span style=\"font-size: 14pt;\">En la siguiente imagen podemos observar el proceso del condicionamiento cl\u00e1sico, donde se induce una<strong>\u00a0respuesta de salivaci\u00f3n<\/strong>\u00a0a un perro (<em>experimento de Pavlov<\/em>).<\/span><\/p>\n<\/div>\n<\/div>\n<p>&nbsp;<\/p>\n<p><img loading=\"lazy\" decoding=\"async\" class=\"aligncenter size-full wp-image-2262430\" src=\"https:\/\/puntocritico.com\/ausajpuntocritico\/wp-content\/uploads\/2022\/12\/la_teoria_conductista_de_b_f_skinner_4155_0_600.webp\" alt=\"\" width=\"515\" height=\"308\" data-id=\"2262430\" srcset=\"https:\/\/puntocritico.com\/ausajpuntocritico\/wp-content\/uploads\/2022\/12\/la_teoria_conductista_de_b_f_skinner_4155_0_600.webp 515w, https:\/\/puntocritico.com\/ausajpuntocritico\/wp-content\/uploads\/2022\/12\/la_teoria_conductista_de_b_f_skinner_4155_0_600-300x179.webp 300w\" sizes=\"auto, (max-width: 515px) 100vw, 515px\" \/><\/p>\n<p>&nbsp;<\/p>\n<h3 id=\"anchor_1\" class=\"titulo titulo--h2 titulo--apartado\" style=\"text-align: center;\"><span style=\"font-size: 18pt;\">La caja de Skinner<\/span><\/h3>\n<div class=\"apartado\">\n<p style=\"text-align: justify;\"><span style=\"font-size: 14pt;\">Oficialmente llamada \u00ab<strong><em>c\u00e1mara de condicionamiento operante<\/em><\/strong>\u00ab,\u00a0<strong>la caja de Skinner<\/strong>\u00a0es uno de los inventos m\u00e1s conocidos en la historia de la psicolog\u00eda. Se cre\u00f3 con el objetivo de demostrar que se pod\u00eda inducir y modificar el comportamiento de un animal (<em>en un primer lugar, utiliz\u00f3 una rata<\/em>) mediante est\u00edmulos externos. La caja es uno de los pilares en los que se basa el ya conocido\u00a0<strong>conductismo de Skinner<\/strong>.<\/span><\/p>\n<h4><span style=\"font-size: 14pt;\">Partes de la caja<\/span><\/h4>\n<p style=\"text-align: justify;\"><span style=\"font-size: 14pt;\">La caja ten\u00eda los siguientes elementos:<\/span><\/p>\n<ul>\n<li style=\"text-align: justify;\"><span style=\"font-size: 14pt;\">Dos luces<\/span><\/li>\n<li style=\"text-align: justify;\"><span style=\"font-size: 14pt;\">Un altavoz<\/span><\/li>\n<li style=\"text-align: justify;\"><span style=\"font-size: 14pt;\">Un bot\u00f3n<\/span><\/li>\n<li style=\"text-align: justify;\"><span style=\"font-size: 14pt;\">Suelo electrificado (<em>en algunos casos<\/em>)<\/span><\/li>\n<li style=\"text-align: justify;\"><span style=\"font-size: 14pt;\">Dispensador de comida<\/span><\/li>\n<\/ul>\n<h4><span style=\"font-size: 14pt;\">Funcionamiento de la caja de Skinner<\/span><\/h4>\n<ol>\n<li style=\"text-align: justify;\"><span style=\"font-size: 14pt;\">Se introduc\u00eda una\u00a0<strong>rata dentro de la caja<\/strong>\u00a0(<em>normalmente se le privaba de comida antes para que su motivaci\u00f3n para alimentarse fuera mayor<\/em>)<\/span><\/li>\n<li style=\"text-align: justify;\"><span style=\"font-size: 14pt;\">La rata experimenta en su nuevo entorno hasta que<strong>\u00a0descubr\u00eda el bot\u00f3n y lo presionaba<\/strong>. Autom\u00e1ticamente\u00a0<strong>sal\u00eda una unidad de comida<\/strong>\u00a0(<em>pellet<\/em>) del dispensador tras ser pulsado el bot\u00f3n<\/span><\/li>\n<li style=\"text-align: justify;\"><span style=\"font-size: 14pt;\">La rata, motivada para conseguir m\u00e1s comida, modificaba su conducta y aprend\u00eda r\u00e1pidamente a pulsar el bot\u00f3n para recibir comida (<strong><em>asociaci\u00f3n de conducta-est\u00edmulo y refuerzo positivo<\/em><\/strong>)<\/span><\/li>\n<li style=\"text-align: justify;\"><span style=\"font-size: 14pt;\">El condicionamiento tambi\u00e9n pod\u00eda darse por omisi\u00f3n de un est\u00edmulo negativo (<em><strong>refuerzo negativo<\/strong><\/em>). En este caso, se introduc\u00eda a la rata dentro de la caja con el suelo electrificado, si pulsaba el bot\u00f3n, la corriente dejaba de pasar por el suelo. De este modo, la rata aprend\u00eda a pulsar el bot\u00f3n para dejar de sentir dolor.<\/span><\/li>\n<\/ol>\n<\/div>\n<p>&nbsp;<\/p>\n<p><img loading=\"lazy\" decoding=\"async\" class=\"aligncenter size-full wp-image-2262429\" src=\"https:\/\/puntocritico.com\/ausajpuntocritico\/wp-content\/uploads\/2022\/12\/la_caja_de_skinner_4155_1_600.webp\" alt=\"\" width=\"600\" height=\"450\" data-id=\"2262429\" srcset=\"https:\/\/puntocritico.com\/ausajpuntocritico\/wp-content\/uploads\/2022\/12\/la_caja_de_skinner_4155_1_600.webp 600w, https:\/\/puntocritico.com\/ausajpuntocritico\/wp-content\/uploads\/2022\/12\/la_caja_de_skinner_4155_1_600-300x225.webp 300w, https:\/\/puntocritico.com\/ausajpuntocritico\/wp-content\/uploads\/2022\/12\/la_caja_de_skinner_4155_1_600-326x245.webp 326w, https:\/\/puntocritico.com\/ausajpuntocritico\/wp-content\/uploads\/2022\/12\/la_caja_de_skinner_4155_1_600-80x60.webp 80w\" sizes=\"auto, (max-width: 600px) 100vw, 600px\" \/><\/p>\n<p>&nbsp;<\/p>\n<h3 id=\"anchor_2\" class=\"titulo titulo--h2 titulo--apartado\" style=\"text-align: center;\"><span style=\"font-size: 18pt;\">Skinner y el condicionamiento operante<\/span><\/h3>\n<div class=\"apartado\">\n<p style=\"text-align: justify;\"><span style=\"font-size: 14pt;\">Como hemos visto, el <strong>condicionamiento operante<\/strong> es algo m\u00e1s complicado que el <strong>condicionamiento simple de Watson y Pavlov<\/strong>. En este caso, la asociaci\u00f3n no es entre un est\u00edmulo y un reflejo sino que se da entre un\u00a0<strong>est\u00edmulo, una conducta y un refuerzo.<\/strong><\/span><\/p>\n<p style=\"text-align: justify;\"><span style=\"font-size: 14pt;\">Es decir, en el caso del condicionamiento operante, se requiere un aprendizaje sobre lo que ocurre despu\u00e9s de la conducta. Por ejemplo, en el caso de <strong>la caja de Skinner<\/strong>,\u00a0<strong>la rata aprende<\/strong>\u00a0que despu\u00e9s de pulsar el bot\u00f3n recibe un premio.<\/span><\/p>\n<h4><span style=\"font-size: 14pt;\">Refuerzo positivo y negativo<\/span><\/h4>\n<p style=\"text-align: justify;\"><span style=\"font-size: 14pt;\">Como el conductismo se basa en medir comportamientos, todo lo que ocurre en el condicionamiento de <strong>Skinner<\/strong> est\u00e1 minuciosamente analizado y categorizado. Por lo consiguiente, podemos distinguir<strong> dos tipos de refuerzos en la teor\u00eda de B.F. Skinner sobre el conductismo y condicionamiento operante<\/strong>:<\/span><\/p>\n<ul>\n<li style=\"text-align: justify;\"><span style=\"font-size: 14pt;\"><strong>El refuerzo positivo<\/strong>, un elemento que act\u00faa a modo de premio, suele satisfacer alguna necesidad b\u00e1sica o generar una respuesta placentera.<\/span><\/li>\n<li style=\"text-align: justify;\"><span style=\"font-size: 14pt;\"><strong>El refuerzo negativo<\/strong>, un elemento que nos genera una respuesta de dolor, desagrado o incomodidad, este factor act\u00faa a modo de castigo.<\/span><\/li>\n<\/ul>\n<p style=\"text-align: justify;\"><span style=\"font-size: 14pt;\">Podemos encontrar ejemplos de condicionamiento operante en\u00a0<strong>nuestro d\u00eda a d\u00eda<\/strong>. Por ejemplo, nos esforzamos en estudiar porque hemos aprendido a recibir una recompensa despu\u00e9s (<em>buenas notas y reconocimiento<\/em>) o, nos tomamos un medicamento para evitar el dolor de cabeza, tal y como la rata pulsa un bot\u00f3n para evitar el dolor del suelo electrificado.<\/span><\/p>\n<\/div>\n<p>&nbsp;<\/p>\n<figure id=\"attachment_2262461\" aria-describedby=\"caption-attachment-2262461\" style=\"width: 238px\" class=\"wp-caption aligncenter\"><img loading=\"lazy\" decoding=\"async\" class=\"wp-image-2262461 size-full\" src=\"https:\/\/puntocritico.com\/ausajpuntocritico\/wp-content\/uploads\/2022\/12\/Skinner-caricatura.jpg\" alt=\"\" width=\"238\" height=\"312\" data-id=\"2262461\" srcset=\"https:\/\/puntocritico.com\/ausajpuntocritico\/wp-content\/uploads\/2022\/12\/Skinner-caricatura.jpg 238w, https:\/\/puntocritico.com\/ausajpuntocritico\/wp-content\/uploads\/2022\/12\/Skinner-caricatura-229x300.jpg 229w\" sizes=\"auto, (max-width: 238px) 100vw, 238px\" \/><figcaption id=\"caption-attachment-2262461\" class=\"wp-caption-text\"><span style=\"color: #008000;\">Un rumor repetido muy a menudo postula que Skinner se aventur\u00f3 en la experimentaci\u00f3n humana poniendo a su hija Deborah en una caja de Skinner, lo que la llev\u00f3 a enfermedad mental permanente.<\/span><\/figcaption><\/figure>\n<div>\n<p>&nbsp;<\/p>\n<h3 id=\"anchor_3\" class=\"titulo titulo--h2 titulo--apartado\" style=\"text-align: center;\"><span style=\"font-size: 18pt;\">Cr\u00edticas al conductismo de Skinner<\/span><\/h3>\n<div class=\"apartado\">\n<p style=\"text-align: justify;\"><span style=\"font-size: 14pt;\">A pesar de ser un modelo medible y emp\u00edrico, l<strong>a teoria de B.F. Skinner sobre el conductismo y condicionamiento\u00a0<\/strong>resulta bastante reduccionista para hablar de la mente humana.<\/span><\/p>\n<p style=\"text-align: justify;\"><span style=\"font-size: 14pt;\">La principal cr\u00edtica del conductismo es la\u00a0<strong>falta de visi\u00f3n interna y la sencillez<\/strong>\u00a0de su modelo, resulta poco cre\u00edble que se pueda medir y comprender la psique humana a trav\u00e9s de experimentos realizados en otros animales.<\/span><\/p>\n<p style=\"text-align: justify;\"><span style=\"font-size: 14pt;\">Por ello, hoy en d\u00eda se propone\u00a0<strong>el modelo cognitivo-conductual<\/strong>, que une la rama cognitiva (pensamiento) con el conductismo.<\/span>\u00a0<\/p>\n<\/div>\n<\/div>\n<div>\u00a0<\/div>\n<div><img loading=\"lazy\" decoding=\"async\" class=\"aligncenter wp-image-2262465 size-medium\" src=\"https:\/\/puntocritico.com\/ausajpuntocritico\/wp-content\/uploads\/2022\/12\/Perro-pvlov-300x225.jpg\" alt=\"\" width=\"300\" height=\"225\" data-id=\"2262465\" srcset=\"https:\/\/puntocritico.com\/ausajpuntocritico\/wp-content\/uploads\/2022\/12\/Perro-pvlov-300x225.jpg 300w, https:\/\/puntocritico.com\/ausajpuntocritico\/wp-content\/uploads\/2022\/12\/Perro-pvlov-610x458.jpg 610w, https:\/\/puntocritico.com\/ausajpuntocritico\/wp-content\/uploads\/2022\/12\/Perro-pvlov-326x245.jpg 326w, https:\/\/puntocritico.com\/ausajpuntocritico\/wp-content\/uploads\/2022\/12\/Perro-pvlov-80x60.jpg 80w, https:\/\/puntocritico.com\/ausajpuntocritico\/wp-content\/uploads\/2022\/12\/Perro-pvlov.jpg 640w\" sizes=\"auto, (max-width: 300px) 100vw, 300px\" \/><\/div>\n<div>\u00a0<\/div>\n<div style=\"text-align: center;\"><span style=\"font-size: 18pt;\">***<\/span><\/div>\n<blockquote>\n<div style=\"text-align: center;\">Este art\u00edculo es meramente informativo, en Psicolog\u00eda-Online no tenemos facultad para hacer un diagn\u00f3stico ni recomendar un tratamiento. Te invitamos a acudir a un psic\u00f3logo para que trate tu caso en particular.<\/div>\n<\/blockquote>\n<div>\n<div class=\"apartado\">\n<blockquote>\n<p style=\"text-align: center;\">Si deseas leer m\u00e1s art\u00edculos parecidos a\u00a0<strong>La teor\u00eda de B.F. Skinner: conductismo y condicionamiento operante<\/strong>, te recomendamos que entres en nuestra categor\u00eda de\u00a0<a class=\"ga\" href=\"https:\/\/www.psicologia-online.com\/psicologia-experimental\/\" data-category=\"Post\" data-event=\"categoria ultimo paso\" target=\"_blank\" rel=\"noopener\">Psicolog\u00eda experimental<\/a>.<\/p>\n<\/blockquote>\n<\/div>\n<p style=\"text-align: center;\"><span style=\"font-size: 18pt;\">***<\/span><\/p>\n<blockquote>\n<h3 id=\"refs\" class=\"titulo titulo--h2 titulo--apartado\" style=\"text-align: center;\"><span style=\"font-size: 14pt;\"><strong>Referencias<\/strong><\/span><\/h3>\n<\/blockquote>\n<div class=\"apartado apartado--refs\" style=\"text-align: center;\">\n<blockquote><p><span style=\"font-size: 14pt;\">1.- The Behavior of Organisms: An Experimental Analysis, 1938.<\/span><\/p>\n<p><span style=\"font-size: 14pt;\">2, Skinner, B. F., &amp; Ardila, R. (1977). <i>Sobre el conductismo<\/i>. Fontanella.<\/span><\/p>\n<\/blockquote>\n<\/div>\n<\/div>\n<div>\u00a0<\/div>\n<div>\u00a0<\/div>\n<div>\n<figure id=\"attachment_2262600\" aria-describedby=\"caption-attachment-2262600\" style=\"width: 577px\" class=\"wp-caption aligncenter\"><img loading=\"lazy\" decoding=\"async\" class=\"size-full wp-image-2262600\" src=\"https:\/\/puntocritico.com\/ausajpuntocritico\/wp-content\/uploads\/2022\/12\/CONDUCTISMO-SCHOOL.jpg\" alt=\"\" width=\"577\" height=\"282\" data-id=\"2262600\" srcset=\"https:\/\/puntocritico.com\/ausajpuntocritico\/wp-content\/uploads\/2022\/12\/CONDUCTISMO-SCHOOL.jpg 577w, https:\/\/puntocritico.com\/ausajpuntocritico\/wp-content\/uploads\/2022\/12\/CONDUCTISMO-SCHOOL-300x147.jpg 300w\" sizes=\"auto, (max-width: 577px) 100vw, 577px\" \/><figcaption id=\"caption-attachment-2262600\" class=\"wp-caption-text\"><span style=\"color: #008000;\">CONDUCTISMO<\/span><\/figcaption><\/figure>\n<\/div>\n<div>\u00a0<\/div>\n<div style=\"text-align: center;\"><strong><span style=\"color: #008000; font-size: 18pt;\">*******<\/span><\/strong><\/div>\n<div>\n<h2 style=\"text-align: center;\"><span style=\"font-size: 24pt;\"><strong>DRA. MIRIAM GROSSMAN: \u00bfC\u00d3MO SE CONSTRUY\u00d3 LA INDUSTRIA DEL G\u00c9NERO?<\/strong><\/span><\/h2>\n<p><img loading=\"lazy\" decoding=\"async\" class=\"aligncenter wp-image-2262488\" src=\"https:\/\/puntocritico.com\/ausajpuntocritico\/wp-content\/uploads\/2022\/12\/Miriam-Grossman.jpg\" alt=\"\" width=\"480\" height=\"270\" data-id=\"2262488\" srcset=\"https:\/\/puntocritico.com\/ausajpuntocritico\/wp-content\/uploads\/2022\/12\/Miriam-Grossman.jpg 320w, https:\/\/puntocritico.com\/ausajpuntocritico\/wp-content\/uploads\/2022\/12\/Miriam-Grossman-300x169.jpg 300w\" sizes=\"auto, (max-width: 480px) 100vw, 480px\" \/><\/p>\n<p>&nbsp;<\/p>\n<blockquote>\n<p style=\"text-align: center;\">En el episodio de hoy, vamos a sumergirnos en los or\u00edgenes de la ideolog\u00eda de g\u00e9nero, del por qu\u00e9 hay un impulso cada vez mayor en Estados Unidos para ense\u00f1ar incluso a los ni\u00f1os de jard\u00edn de infantes sobre el g\u00e9nero y la sexualidad. Como tambi\u00e9n en muchos pa\u00edses de Europa que ya comenzaron a hacer sonar las alarmas sobre el \u201ccuidado de afirmaci\u00f3n de g\u00e9nero\u201d\u2026<\/p>\n<p style=\"text-align: right;\">Fuente: The Epoch Times en espa\u00f1ol<\/p>\n<\/blockquote>\n<\/div>\n<h3 style=\"text-align: center;\"><span style=\"font-size: 18pt;\"><strong><a href=\"https:\/\/es.theepochtimes.com\/dra-miriam-grossman-como-se-construyo-la-industria-del-genero-parte-1_1065485.html\" target=\"_blank\" rel=\"noopener\">PARTE 1: Industria del g\u00e9nero<\/a>.<\/strong><\/span><\/h3>\n<div>\u00a0<\/div>\n<div><a href=\"https:\/\/es.theepochtimes.com\/dra-miriam-grossman-como-se-construyo-la-industria-del-genero-parte-1_1065485.html\" target=\"_blank\" rel=\"noopener\"><img loading=\"lazy\" decoding=\"async\" class=\"aligncenter wp-image-2262487\" src=\"https:\/\/puntocritico.com\/ausajpuntocritico\/wp-content\/uploads\/2022\/12\/Industria-del-genero-1.jpg\" alt=\"\" width=\"440\" height=\"214\" data-id=\"2262487\" srcset=\"https:\/\/puntocritico.com\/ausajpuntocritico\/wp-content\/uploads\/2022\/12\/Industria-del-genero-1.jpg 1432w, https:\/\/puntocritico.com\/ausajpuntocritico\/wp-content\/uploads\/2022\/12\/Industria-del-genero-1-300x146.jpg 300w, https:\/\/puntocritico.com\/ausajpuntocritico\/wp-content\/uploads\/2022\/12\/Industria-del-genero-1-1024x498.jpg 1024w, https:\/\/puntocritico.com\/ausajpuntocritico\/wp-content\/uploads\/2022\/12\/Industria-del-genero-1-768x374.jpg 768w, https:\/\/puntocritico.com\/ausajpuntocritico\/wp-content\/uploads\/2022\/12\/Industria-del-genero-1-610x297.jpg 610w, https:\/\/puntocritico.com\/ausajpuntocritico\/wp-content\/uploads\/2022\/12\/Industria-del-genero-1-1320x642.jpg 1320w\" sizes=\"auto, (max-width: 440px) 100vw, 440px\" \/><\/a><\/div>\n<div>\u00a0<\/div>\n<div style=\"text-align: center;\">\u00a0<\/div>\n<div style=\"text-align: center;\"><a href=\"https:\/\/es.theepochtimes.com\/dra-miriam-grossman-como-se-construyo-la-industria-del-genero-parte-1_1065485.html\" target=\"_blank\" rel=\"noopener\" data-saferedirecturl=\"https:\/\/www.google.com\/url?q=https:\/\/es.theepochtimes.com\/dra-miriam-grossman-como-se-construyo-la-industria-del-genero-parte-1_1065485.html&amp;source=gmail&amp;ust=1669899966578000&amp;usg=AOvVaw1agY5fpgpkRLvZwSbutIF4\">https:\/\/es.theepochtimes.com\/<wbr \/>dra-miriam-grossman-como-se-<wbr \/>construyo-la-industria-del-<wbr \/>genero-parte-1_1065485.html<\/a><\/div>\n<div>\u00a0<\/div>\n<div style=\"text-align: center;\"><span style=\"font-size: 18pt;\">***<\/span><\/div>\n<h3 style=\"text-align: center;\"><a href=\"https:\/\/es.theepochtimes.com\/dra-miriam-grossman-como-se-construyo-la-industria-del-genero-parte-2_1067030.html\" target=\"_blank\" rel=\"noopener\"><span style=\"font-size: 18pt;\"><strong>PARTE 2: Ni\u00f1os como objetos<\/strong><\/span><\/a>.<\/h3>\n<div>\u00a0<\/div>\n<div><a href=\"https:\/\/es.theepochtimes.com\/dra-miriam-grossman-como-se-construyo-la-industria-del-genero-parte-2_1067030.html\" target=\"_blank\" rel=\"noopener\"><img loading=\"lazy\" decoding=\"async\" class=\"aligncenter wp-image-2262489\" src=\"https:\/\/puntocritico.com\/ausajpuntocritico\/wp-content\/uploads\/2022\/12\/Ninos-como-objetos.jpg\" alt=\"\" width=\"420\" height=\"236\" data-id=\"2262489\" srcset=\"https:\/\/puntocritico.com\/ausajpuntocritico\/wp-content\/uploads\/2022\/12\/Ninos-como-objetos.jpg 1280w, https:\/\/puntocritico.com\/ausajpuntocritico\/wp-content\/uploads\/2022\/12\/Ninos-como-objetos-300x169.jpg 300w, https:\/\/puntocritico.com\/ausajpuntocritico\/wp-content\/uploads\/2022\/12\/Ninos-como-objetos-1024x576.jpg 1024w, https:\/\/puntocritico.com\/ausajpuntocritico\/wp-content\/uploads\/2022\/12\/Ninos-como-objetos-768x432.jpg 768w, https:\/\/puntocritico.com\/ausajpuntocritico\/wp-content\/uploads\/2022\/12\/Ninos-como-objetos-610x343.jpg 610w, https:\/\/puntocritico.com\/ausajpuntocritico\/wp-content\/uploads\/2022\/12\/Ninos-como-objetos-678x381.jpg 678w\" sizes=\"auto, (max-width: 420px) 100vw, 420px\" \/><\/a><\/div>\n<div>\u00a0<\/div>\n<div>\u00a0<\/div>\n<div style=\"text-align: center;\"><a href=\"https:\/\/es.theepochtimes.com\/dra-miriam-grossman-como-se-construyo-la-industria-del-genero-parte-2_1067030.html\" target=\"_blank\" rel=\"noopener\" data-saferedirecturl=\"https:\/\/www.google.com\/url?q=https:\/\/es.theepochtimes.com\/dra-miriam-grossman-como-se-construyo-la-industria-del-genero-parte-2_1067030.html&amp;source=gmail&amp;ust=1669899966578000&amp;usg=AOvVaw3_Qz9TC8RIr3Nt-PIhmiBh\">https:\/\/es.theepochtimes.com\/<wbr \/>dra-miriam-grossman-como-se-<wbr \/>construyo-la-industria-del-<wbr \/>genero-parte-2_1067030.html<\/a><\/div>\n<p>&nbsp;<\/p>\n<p style=\"text-align: center;\"><strong><span style=\"color: #008000; font-size: 18pt;\">*******<\/span><\/strong><\/p>\n<h2 style=\"text-align: center;\"><strong>TEARS (l\u00e1grimas), por Django Reinhardt<\/strong><\/h2>\n<p><iframe loading=\"lazy\" title=\"Django Reinhardt - Tears, Paris 21 04 1937\" width=\"500\" height=\"375\" src=\"https:\/\/www.youtube.com\/embed\/7mF58KRSjpI?feature=oembed\" frameborder=\"0\" allow=\"accelerometer; autoplay; clipboard-write; encrypted-media; gyroscope; picture-in-picture; web-share\" referrerpolicy=\"strict-origin-when-cross-origin\" allowfullscreen><\/iframe><\/p>\n<div>\n<p style=\"text-align: center;\"><strong><span style=\"color: #008000; font-size: 18pt;\">*******<\/span><\/strong><\/p>\n<h2 style=\"text-align: justify;\"><span style=\"font-size: 14pt;\"><strong>RELACIONADOS:<\/strong><\/span><\/h2>\n<blockquote class=\"wp-embedded-content\" data-secret=\"KAYRJKNgCM\"><p><a href=\"https:\/\/puntocritico.com\/ausajpuntocritico\/2020\/07\/16\/pier-paolo-pasolini-el-discurso-de-los-cabellos-escritos-corsarios-2\/\">PIER PAOLO PASOLINI, \u00abEL \u00abDISCURSO\u00bb DE LOS CABELLOS\u00bb (Escritos Corsarios)<\/a><\/p><\/blockquote>\n<p><iframe loading=\"lazy\" class=\"wp-embedded-content\" sandbox=\"allow-scripts\" security=\"restricted\" style=\"position: absolute; clip: rect(1px, 1px, 1px, 1px);\" title=\"\u00abPIER PAOLO PASOLINI, \u00abEL \u00abDISCURSO\u00bb DE LOS CABELLOS\u00bb (Escritos Corsarios)\u00bb \u2014 Punto Cr\u00edtico Derechos Humanos\" src=\"https:\/\/puntocritico.com\/ausajpuntocritico\/2020\/07\/16\/pier-paolo-pasolini-el-discurso-de-los-cabellos-escritos-corsarios-2\/embed\/#?secret=Bmit5efajD#?secret=KAYRJKNgCM\" data-secret=\"KAYRJKNgCM\" width=\"500\" height=\"282\" frameborder=\"0\" marginwidth=\"0\" marginheight=\"0\" scrolling=\"no\"><\/iframe><\/p>\n<blockquote class=\"wp-embedded-content\" data-secret=\"ndwvY8D0uf\"><p><a href=\"https:\/\/puntocritico.com\/ausajpuntocritico\/2019\/05\/04\/pink-floyd-the-wall-cuarenta-anos-despues-pelicula-de-alan-parker\/\">\u00abPINK FLOYD, THE WALL\u00bb; cuarenta a\u00f1os despu\u00e9s (pel\u00edcula de Alan Parker)<\/a><\/p><\/blockquote>\n<p><iframe loading=\"lazy\" class=\"wp-embedded-content\" sandbox=\"allow-scripts\" security=\"restricted\" style=\"position: absolute; clip: rect(1px, 1px, 1px, 1px);\" title=\"\u00ab\u00abPINK FLOYD, THE WALL\u00bb; cuarenta a\u00f1os despu\u00e9s (pel\u00edcula de Alan Parker)\u00bb \u2014 Punto Cr\u00edtico Derechos Humanos\" src=\"https:\/\/puntocritico.com\/ausajpuntocritico\/2019\/05\/04\/pink-floyd-the-wall-cuarenta-anos-despues-pelicula-de-alan-parker\/embed\/#?secret=m7AXCmuIdA#?secret=ndwvY8D0uf\" data-secret=\"ndwvY8D0uf\" width=\"500\" height=\"282\" frameborder=\"0\" marginwidth=\"0\" marginheight=\"0\" scrolling=\"no\"><\/iframe><\/p>\n<blockquote class=\"wp-embedded-content\" data-secret=\"OHlm6rYQqH\"><p><a href=\"https:\/\/puntocritico.com\/ausajpuntocritico\/2020\/03\/31\/darwin-y-la-eugenesia-por-daniel-soutullo\/\">\u00abDarwin y la eugenesia\u00bb, por Daniel Soutullo<\/a><\/p><\/blockquote>\n<p><iframe loading=\"lazy\" class=\"wp-embedded-content\" sandbox=\"allow-scripts\" security=\"restricted\" style=\"position: absolute; clip: rect(1px, 1px, 1px, 1px);\" title=\"\u00ab\u00abDarwin y la eugenesia\u00bb, por Daniel Soutullo\u00bb \u2014 Punto Cr\u00edtico Derechos Humanos\" src=\"https:\/\/puntocritico.com\/ausajpuntocritico\/2020\/03\/31\/darwin-y-la-eugenesia-por-daniel-soutullo\/embed\/#?secret=6yySxZirDk#?secret=OHlm6rYQqH\" data-secret=\"OHlm6rYQqH\" width=\"500\" height=\"282\" frameborder=\"0\" marginwidth=\"0\" marginheight=\"0\" scrolling=\"no\"><\/iframe><\/p>\n<blockquote class=\"wp-embedded-content\" data-secret=\"ooA6INMlj2\"><p><a href=\"https:\/\/puntocritico.com\/ausajpuntocritico\/2020\/03\/30\/eugenesia-y-eutanasia-en-la-alemania-nazi-por-daniel-soutullo\/\">\u00abEUGENESIA Y EUTANASIA EN LA ALEMANIA NAZI\u00bb, por Daniel Soutullo. \u00abSe basaba en la insuficiente capacidad productiva de los enfermos y en los gastos sanitarios que ocasionaban\u00bb.<\/a><\/p><\/blockquote>\n<p><iframe loading=\"lazy\" class=\"wp-embedded-content\" sandbox=\"allow-scripts\" security=\"restricted\" style=\"position: absolute; clip: rect(1px, 1px, 1px, 1px);\" title=\"\u00ab\u00abEUGENESIA Y EUTANASIA EN LA ALEMANIA NAZI\u00bb, por Daniel Soutullo. \u00abSe basaba en la insuficiente capacidad productiva de los enfermos y en los gastos sanitarios que ocasionaban\u00bb.\u00bb \u2014 Punto Cr\u00edtico Derechos Humanos\" src=\"https:\/\/puntocritico.com\/ausajpuntocritico\/2020\/03\/30\/eugenesia-y-eutanasia-en-la-alemania-nazi-por-daniel-soutullo\/embed\/#?secret=bVzvIt2SJ2#?secret=ooA6INMlj2\" data-secret=\"ooA6INMlj2\" width=\"500\" height=\"282\" frameborder=\"0\" marginwidth=\"0\" marginheight=\"0\" scrolling=\"no\"><\/iframe><\/p>\n<blockquote class=\"wp-embedded-content\" data-secret=\"4PfJ53s54e\"><p><a href=\"https:\/\/puntocritico.com\/ausajpuntocritico\/2021\/02\/25\/el-poder-del-estado-sobre-nuestras-vidas-eutanasia-o-eugenesia-aplicacion-de-la-eutanasia-a-pacientes-con-trastornos-mentales\/\">EL PODER DEL ESTADO SOBRE NUESTRAS VIDAS, \u00bfEUTANASIA O EUGENESIA? Aplicaci\u00f3n de la eutanasia a pacientes con trastornos mentales.<\/a><\/p><\/blockquote>\n<p><iframe loading=\"lazy\" class=\"wp-embedded-content\" sandbox=\"allow-scripts\" security=\"restricted\" style=\"position: absolute; clip: rect(1px, 1px, 1px, 1px);\" title=\"\u00abEL PODER DEL ESTADO SOBRE NUESTRAS VIDAS, \u00bfEUTANASIA O EUGENESIA? Aplicaci\u00f3n de la eutanasia a pacientes con trastornos mentales.\u00bb \u2014 Punto Cr\u00edtico Derechos Humanos\" src=\"https:\/\/puntocritico.com\/ausajpuntocritico\/2021\/02\/25\/el-poder-del-estado-sobre-nuestras-vidas-eutanasia-o-eugenesia-aplicacion-de-la-eutanasia-a-pacientes-con-trastornos-mentales\/embed\/#?secret=9qBLXQTdhu#?secret=4PfJ53s54e\" data-secret=\"4PfJ53s54e\" width=\"500\" height=\"282\" frameborder=\"0\" marginwidth=\"0\" marginheight=\"0\" scrolling=\"no\"><\/iframe><\/p>\n<blockquote class=\"wp-embedded-content\" data-secret=\"Usj5UhMkyq\"><p><a href=\"https:\/\/puntocritico.com\/ausajpuntocritico\/2022\/09\/29\/manifiesto-fundacional-de-ausaj\/\">LA JUSTICIA EMANA DEL PUEBLO (Manifiesto fundacional de AUSAJ \u2013 2007)<\/a><\/p><\/blockquote>\n<p><iframe loading=\"lazy\" class=\"wp-embedded-content\" sandbox=\"allow-scripts\" security=\"restricted\" style=\"position: absolute; clip: rect(1px, 1px, 1px, 1px);\" title=\"\u00abLA JUSTICIA EMANA DEL PUEBLO (Manifiesto fundacional de AUSAJ \u2013 2007)\u00bb \u2014 Punto Cr\u00edtico Derechos Humanos\" src=\"https:\/\/puntocritico.com\/ausajpuntocritico\/2022\/09\/29\/manifiesto-fundacional-de-ausaj\/embed\/#?secret=001Si40rL1#?secret=Usj5UhMkyq\" data-secret=\"Usj5UhMkyq\" width=\"500\" height=\"282\" frameborder=\"0\" marginwidth=\"0\" marginheight=\"0\" scrolling=\"no\"><\/iframe><\/p>\n<blockquote class=\"wp-embedded-content\" data-secret=\"WJRGfQ1TUa\"><p><a href=\"https:\/\/puntocritico.com\/ausajpuntocritico\/2022\/03\/08\/despedida-las-campanas-doblan-por-ti\/\">\u00abLAS CAMPANAS DOBLAN POR TI\u00bb. Licencia para matar &#8230; hombres dormidos: La Alevos\u00eda como Circunstancia Eximente de la Responsabilidad Criminal de las mujeres.<\/a><\/p><\/blockquote>\n<p><iframe loading=\"lazy\" class=\"wp-embedded-content\" sandbox=\"allow-scripts\" security=\"restricted\" style=\"position: absolute; clip: rect(1px, 1px, 1px, 1px);\" title=\"\u00ab\u00abLAS CAMPANAS DOBLAN POR TI\u00bb. Licencia para matar &#8230; hombres dormidos: La Alevos\u00eda como Circunstancia Eximente de la Responsabilidad Criminal de las mujeres.\u00bb \u2014 Punto Cr\u00edtico Derechos Humanos\" src=\"https:\/\/puntocritico.com\/ausajpuntocritico\/2022\/03\/08\/despedida-las-campanas-doblan-por-ti\/embed\/#?secret=3Y9yFbwWxb#?secret=WJRGfQ1TUa\" data-secret=\"WJRGfQ1TUa\" width=\"500\" height=\"282\" frameborder=\"0\" marginwidth=\"0\" marginheight=\"0\" scrolling=\"no\"><\/iframe><\/p>\n<\/div>\n<blockquote class=\"wp-embedded-content\" data-secret=\"1kJZHFc9L8\"><p><a href=\"https:\/\/puntocritico.com\/ausajpuntocritico\/2022\/08\/10\/ley-trans-identidad-de-genero-y-orientacion-sexual-por-rosa-maria-vidal\/\">LEY TRANS: Identidad de g\u00e9nero y orientaci\u00f3n sexual, por Rosa Mar\u00eda Vidal.<\/a><\/p><\/blockquote>\n<p><iframe loading=\"lazy\" class=\"wp-embedded-content\" sandbox=\"allow-scripts\" security=\"restricted\" style=\"position: absolute; clip: rect(1px, 1px, 1px, 1px);\" title=\"\u00abLEY TRANS: Identidad de g\u00e9nero y orientaci\u00f3n sexual, por Rosa Mar\u00eda Vidal.\u00bb \u2014 Punto Cr\u00edtico Derechos Humanos\" src=\"https:\/\/puntocritico.com\/ausajpuntocritico\/2022\/08\/10\/ley-trans-identidad-de-genero-y-orientacion-sexual-por-rosa-maria-vidal\/embed\/#?secret=KvswkVFVMH#?secret=1kJZHFc9L8\" data-secret=\"1kJZHFc9L8\" width=\"500\" height=\"282\" frameborder=\"0\" marginwidth=\"0\" marginheight=\"0\" scrolling=\"no\"><\/iframe><\/p>\n<blockquote class=\"wp-embedded-content\" data-secret=\"Adu5eBYrGN\"><p><a href=\"https:\/\/puntocritico.com\/ausajpuntocritico\/2022\/07\/09\/el-asco-monica-oltra\/\">EL CASO M\u00d3NICA OLTRA<\/a><\/p><\/blockquote>\n<p><iframe loading=\"lazy\" class=\"wp-embedded-content\" sandbox=\"allow-scripts\" security=\"restricted\" style=\"position: absolute; clip: rect(1px, 1px, 1px, 1px);\" title=\"\u00abEL CASO M\u00d3NICA OLTRA\u00bb \u2014 Punto Cr\u00edtico Derechos Humanos\" src=\"https:\/\/puntocritico.com\/ausajpuntocritico\/2022\/07\/09\/el-asco-monica-oltra\/embed\/#?secret=HOMqXncJet#?secret=Adu5eBYrGN\" data-secret=\"Adu5eBYrGN\" width=\"500\" height=\"282\" frameborder=\"0\" marginwidth=\"0\" marginheight=\"0\" scrolling=\"no\"><\/iframe><\/p>\n<blockquote class=\"wp-embedded-content\" data-secret=\"1bVbASBpjl\"><p><a href=\"https:\/\/puntocritico.com\/ausajpuntocritico\/2022\/02\/16\/la-estafa-trans\/\">IDEOLOG\u00cdA DE G\u00c9NERO, \u00abCamino de Servidumbre\u00bb, Siglo XXI. LA ESTAFA TRANS: \u00abLa transexualidad es homofobia, terapia de conversi\u00f3n para homosexuales\u00bb.<\/a><\/p><\/blockquote>\n<p><iframe loading=\"lazy\" class=\"wp-embedded-content\" sandbox=\"allow-scripts\" security=\"restricted\" style=\"position: absolute; clip: rect(1px, 1px, 1px, 1px);\" title=\"\u00abIDEOLOG\u00cdA DE G\u00c9NERO, \u00abCamino de Servidumbre\u00bb, Siglo XXI. LA ESTAFA TRANS: \u00abLa transexualidad es homofobia, terapia de conversi\u00f3n para homosexuales\u00bb.\u00bb \u2014 Punto Cr\u00edtico Derechos Humanos\" src=\"https:\/\/puntocritico.com\/ausajpuntocritico\/2022\/02\/16\/la-estafa-trans\/embed\/#?secret=jigDIckBfi#?secret=1bVbASBpjl\" data-secret=\"1bVbASBpjl\" width=\"500\" height=\"282\" frameborder=\"0\" marginwidth=\"0\" marginheight=\"0\" scrolling=\"no\"><\/iframe><\/p>\n<blockquote class=\"wp-embedded-content\" data-secret=\"ZFW3nXVAmb\"><p><a href=\"https:\/\/puntocritico.com\/ausajpuntocritico\/2022\/02\/01\/el-lenguaje-inclusivo-es-una-imposicion\/\">\u00abBienvenidos al futuro, en el que el pasado es lo \u00fanico relevante\u00bb (Linux). \u00abTODO ESTO DEL LENGUAJE INCLUSIVO ES UNA IMPOSICI\u00d3N DESDE ARRIBA\u00bb, entrevista a la profesora Carme Junyent.<\/a><\/p><\/blockquote>\n<p><iframe loading=\"lazy\" class=\"wp-embedded-content\" sandbox=\"allow-scripts\" security=\"restricted\" style=\"position: absolute; clip: rect(1px, 1px, 1px, 1px);\" title=\"\u00ab\u00abBienvenidos al futuro, en el que el pasado es lo \u00fanico relevante\u00bb (Linux). \u00abTODO ESTO DEL LENGUAJE INCLUSIVO ES UNA IMPOSICI\u00d3N DESDE ARRIBA\u00bb, entrevista a la profesora Carme Junyent.\u00bb \u2014 Punto Cr\u00edtico Derechos Humanos\" src=\"https:\/\/puntocritico.com\/ausajpuntocritico\/2022\/02\/01\/el-lenguaje-inclusivo-es-una-imposicion\/embed\/#?secret=jjhmpT7tCy#?secret=ZFW3nXVAmb\" data-secret=\"ZFW3nXVAmb\" width=\"500\" height=\"282\" frameborder=\"0\" marginwidth=\"0\" marginheight=\"0\" scrolling=\"no\"><\/iframe><\/p>\n<blockquote class=\"wp-embedded-content\" data-secret=\"IQDCkgQR0C\"><p><a href=\"https:\/\/puntocritico.com\/ausajpuntocritico\/2022\/01\/27\/la-bolsa-del-estado-y-sus-falanges-de-mercenarios-por-thomas-jefferson-2\/\">LA BOLSA DEL ESTADO Y SUS FALANGES DE MERCENARIOS, por Thomas Jefferson<\/a><\/p><\/blockquote>\n<p><iframe loading=\"lazy\" class=\"wp-embedded-content\" sandbox=\"allow-scripts\" security=\"restricted\" style=\"position: absolute; clip: rect(1px, 1px, 1px, 1px);\" title=\"\u00abLA BOLSA DEL ESTADO Y SUS FALANGES DE MERCENARIOS, por Thomas Jefferson\u00bb \u2014 Punto Cr\u00edtico Derechos Humanos\" src=\"https:\/\/puntocritico.com\/ausajpuntocritico\/2022\/01\/27\/la-bolsa-del-estado-y-sus-falanges-de-mercenarios-por-thomas-jefferson-2\/embed\/#?secret=g34oDj4euR#?secret=IQDCkgQR0C\" data-secret=\"IQDCkgQR0C\" width=\"500\" height=\"282\" frameborder=\"0\" marginwidth=\"0\" marginheight=\"0\" scrolling=\"no\"><\/iframe><\/p>\n<blockquote class=\"wp-embedded-content\" data-secret=\"kgI1c1aVde\"><p><a href=\"https:\/\/puntocritico.com\/ausajpuntocritico\/2021\/06\/24\/una-introduccion-a-la-teoria-de-kohlberg\/\">\u00abEL DESARROLLO MORAL: UNA INTRODUCCI\u00d3N A LA TEORIA DE KOHLBERG\u00bb, por Enrique Barra Almagi\u00e1<\/a><\/p><\/blockquote>\n<p><iframe loading=\"lazy\" class=\"wp-embedded-content\" sandbox=\"allow-scripts\" security=\"restricted\" style=\"position: absolute; clip: rect(1px, 1px, 1px, 1px);\" title=\"\u00ab\u00abEL DESARROLLO MORAL: UNA INTRODUCCI\u00d3N A LA TEORIA DE KOHLBERG\u00bb, por Enrique Barra Almagi\u00e1\u00bb \u2014 Punto Cr\u00edtico Derechos Humanos\" src=\"https:\/\/puntocritico.com\/ausajpuntocritico\/2021\/06\/24\/una-introduccion-a-la-teoria-de-kohlberg\/embed\/#?secret=Czl251LVSZ#?secret=kgI1c1aVde\" data-secret=\"kgI1c1aVde\" width=\"500\" height=\"282\" frameborder=\"0\" marginwidth=\"0\" marginheight=\"0\" scrolling=\"no\"><\/iframe><\/p>\n<p>&nbsp;<\/p>\n<p>&nbsp;<\/p>\n<p><a href=\"https:\/\/puntocritico.com\/author\/punto-critico\/\"><img loading=\"lazy\" decoding=\"async\" class=\"aligncenter wp-image-48\" src=\"https:\/\/puntocritico.com\/ausajpuntocritico\/wp-content\/uploads\/2016\/11\/Mosca_Punto_Cr\u00edtico_40.png\" alt=\"\" width=\"80\" height=\"80\" \/><\/a><\/p>\n<p>&nbsp;<\/p>\n","protected":false},"excerpt":{"rendered":"<div class=\"mh-excerpt\"><p>Conductismo y Condicionamiento Operante \u00a0 Entrevista a Keira Bell, la mujer que ha demandado a la Cl\u00ednica de G\u00e9nero Tavistock Contra el borrado de las mujeres Por Raquel Rosario S\u00e1nchez, 30 NOV 2020 &nbsp; Cuando <a class=\"mh-excerpt-more\" href=\"https:\/\/puntocritico.com\/ausajpuntocritico\/2022\/12\/05\/conductismo-y-condicionamiento-operante\/\" title=\"LA F\u00c1BRICA DE NI\u00d1ES: Conductismo y Condicionamiento Operante.\">[&#8230;]<\/a><\/p>\n<\/div>","protected":false},"author":3,"featured_media":2287350,"comment_status":"open","ping_status":"closed","sticky":false,"template":"","format":"standard","meta":{"_acf_changed":false,"_exactmetrics_skip_tracking":false,"_exactmetrics_sitenote_active":false,"_exactmetrics_sitenote_note":"","_exactmetrics_sitenote_category":0,"footnotes":""},"categories":[7,12,14],"tags":[],"class_list":{"0":"post-2262065","1":"post","2":"type-post","3":"status-publish","4":"format-standard","5":"has-post-thumbnail","7":"category-politica","8":"category-corrupcion","9":"category-corrupcion_informativa"},"acf":[],"_links":{"self":[{"href":"https:\/\/puntocritico.com\/ausajpuntocritico\/wp-json\/wp\/v2\/posts\/2262065","targetHints":{"allow":["GET"]}}],"collection":[{"href":"https:\/\/puntocritico.com\/ausajpuntocritico\/wp-json\/wp\/v2\/posts"}],"about":[{"href":"https:\/\/puntocritico.com\/ausajpuntocritico\/wp-json\/wp\/v2\/types\/post"}],"author":[{"embeddable":true,"href":"https:\/\/puntocritico.com\/ausajpuntocritico\/wp-json\/wp\/v2\/users\/3"}],"replies":[{"embeddable":true,"href":"https:\/\/puntocritico.com\/ausajpuntocritico\/wp-json\/wp\/v2\/comments?post=2262065"}],"version-history":[{"count":0,"href":"https:\/\/puntocritico.com\/ausajpuntocritico\/wp-json\/wp\/v2\/posts\/2262065\/revisions"}],"wp:featuredmedia":[{"embeddable":true,"href":"https:\/\/puntocritico.com\/ausajpuntocritico\/wp-json\/wp\/v2\/media\/2287350"}],"wp:attachment":[{"href":"https:\/\/puntocritico.com\/ausajpuntocritico\/wp-json\/wp\/v2\/media?parent=2262065"}],"wp:term":[{"taxonomy":"category","embeddable":true,"href":"https:\/\/puntocritico.com\/ausajpuntocritico\/wp-json\/wp\/v2\/categories?post=2262065"},{"taxonomy":"post_tag","embeddable":true,"href":"https:\/\/puntocritico.com\/ausajpuntocritico\/wp-json\/wp\/v2\/tags?post=2262065"}],"curies":[{"name":"wp","href":"https:\/\/api.w.org\/{rel}","templated":true}]}}