{"id":2261833,"date":"2022-11-28T00:05:38","date_gmt":"2022-11-27T23:05:38","guid":{"rendered":"https:\/\/puntocritico.com\/ausajpuntocritico\/?p=2261833"},"modified":"2022-11-27T22:06:05","modified_gmt":"2022-11-27T21:06:05","slug":"nazis-en-ucrania-el-ministerio-de-la-verdad","status":"publish","type":"post","link":"https:\/\/puntocritico.com\/ausajpuntocritico\/2022\/11\/28\/nazis-en-ucrania-el-ministerio-de-la-verdad\/","title":{"rendered":"LA OTAN ADIESTR\u00d3 NAZIS EN UCRANIA: El \u201cMinisterio de la Verdad\u201d de la OTAN. \u00ab\u00bfQuien sembr\u00f3 de Nazis Ucrania, los reg\u00f3, los cuid\u00f3 y est\u00e1 listo para cosechar sus frutos?\u00bb."},"content":{"rendered":"<p style=\"text-align: justify;\"><span style=\"font-size: 14pt; color: #008000;\">NAZIS EN UCRANIA<\/span><\/p>\n\n<p>&nbsp;<\/p>\n<blockquote>\n<h2 class=\"name post-title entry-title\" style=\"text-align: center;\"><span style=\"font-size: 24pt;\">Entrenamos a los neonazis en Ucrania, admite ex oficial de EEUU<\/span><\/h2>\n<p style=\"text-align: center;\"><span style=\"font-size: 14pt;\"><strong>\u00abSoldados estadounidenses y brit\u00e1nicos entrenaron a nazis en Ucrania\u00bb<\/strong><\/span><\/p>\n<p style=\"text-align: justify;\"><span style=\"font-size: 14pt;\"><a href=\"https:\/\/sana.sy\/es\/?p=223364\" target=\"_blank\" rel=\"noopener\">SANA<\/a>, 13 MARZO 2022<\/span><\/p>\n<article id=\"the-post\" class=\"post-listing post-223364 post type-post status-publish format-standard has-post-thumbnail  category-cinta-de-noticias category-internacionales category-arabe-internacional-politica category-ultimas-noticias\"><\/article>\n<figure id=\"attachment_2261882\" aria-describedby=\"caption-attachment-2261882\" style=\"width: 660px\" class=\"wp-caption aligncenter\"><a href=\"https:\/\/m.facebook.com\/RadioKawsachunCoca\/videos\/soldados-estadounidenses-y-brit%C3%A1nicos-entrenaron-a-nazis-en-ucrania-scott-ritter\/4713446535431682\/\" target=\"_blank\" rel=\"noopener\"><img loading=\"lazy\" decoding=\"async\" class=\"wp-image-2261882 size-full\" src=\"https:\/\/puntocritico.com\/ausajpuntocritico\/wp-content\/uploads\/2022\/11\/Scott-Ritter-EEUU-entreno-Nazis-en-Ucrania.jpg\" alt=\"NAZIS EN UCRANIA\" width=\"660\" height=\"330\" data-id=\"2261882\" srcset=\"https:\/\/puntocritico.com\/ausajpuntocritico\/wp-content\/uploads\/2022\/11\/Scott-Ritter-EEUU-entreno-Nazis-en-Ucrania.jpg 660w, https:\/\/puntocritico.com\/ausajpuntocritico\/wp-content\/uploads\/2022\/11\/Scott-Ritter-EEUU-entreno-Nazis-en-Ucrania-300x150.jpg 300w, https:\/\/puntocritico.com\/ausajpuntocritico\/wp-content\/uploads\/2022\/11\/Scott-Ritter-EEUU-entreno-Nazis-en-Ucrania-610x305.jpg 610w\" sizes=\"auto, (max-width: 660px) 100vw, 660px\" \/><\/a><figcaption id=\"caption-attachment-2261882\" class=\"wp-caption-text\"><a href=\"https:\/\/m.facebook.com\/RadioKawsachunCoca\/videos\/soldados-estadounidenses-y-brit%C3%A1nicos-entrenaron-a-nazis-en-ucrania-scott-ritter\/4713446535431682\/\" target=\"_blank\" rel=\"noopener\"><span style=\"color: #008000;\">Scott Ritter, antiguo oficial de Inteligencia del Cuerpo de Marines del Ej\u00e9rcito de Estados Unidos, cont\u00f3 en una entrevista en televisi\u00f3n que los soldados estadounidenses entrenaron a neonazis ucranianos seg\u00fan los est\u00e1ndares militares de la OTAN. <\/span><\/a><\/figcaption><\/figure>\n<p>&nbsp;<\/p>\n<p style=\"text-align: justify;\"><span style=\"font-size: 14pt;\"><strong>Washington, 13 mar 2022.<\/strong>\u00a0 El ex oficial del Cuerpo de Marines de EE.UU., Scott Ritter, revel\u00f3 que el Ej\u00e9rcito de su pa\u00eds entren\u00f3 a los neonazis en Ucrania y contribuy\u00f3 a su expansi\u00f3n dentro del aparato estatal.<\/span><\/p>\n<p style=\"text-align: justify;\"><span style=\"font-size: 14pt;\">En una entrevista con el periodista George Galloway, Ritter dijo que los ej\u00e9rcitos estadounidense, brit\u00e1nico y canadiense entrenaron a los neonazis afiliados a la Brigada Azov en Ucrania, quienes luego tomaron el poder en el pa\u00eds.<\/span><\/p>\n<p style=\"text-align: justify;\"><span style=\"font-size: 14pt;\">Destac\u00f3 que unidades militares extranjeras de Estados Unidos y la Uni\u00f3n Europea visitaron Ucrania para formar grupos nacionalistas extremistas en el oeste del pa\u00eds, y esto grupos luego derrocaron al presidente leg\u00edtimo electo del pa\u00eds y comenzaron a aplicar pol\u00edticas de violencia e intimidaci\u00f3n contra la poblaci\u00f3n.<\/span><\/p>\n<p style=\"text-align: justify;\"><span style=\"font-size: 14pt;\">El ex oficial afirm\u00f3 que un destino similar le habr\u00eda sucedido al actual presidente, Vladimir Zelensky, si no hubiera incluido a esos grupos nazis en las fuerzas ucranianas y les hubiera dado carta blanca en todas partes.<\/span><\/p>\n<\/blockquote>\n<p style=\"text-align: center;\"><strong><span style=\"color: #008000; font-size: 18pt;\">*******<\/span><\/strong><\/p>\n<h2 class=\"new_title\" style=\"text-align: center;\"><span style=\"font-size: 24pt;\">EX OFICIAL DE LA INTELIGENCIA DE EEUU: C\u00d3MO PROMOVIMOS A LOS NAZIS EN EL EJ\u00c9RCITO UCRANIANO<\/span><\/h2>\n<p class=\"new_subtitle\" style=\"text-align: center;\"><span style=\"font-size: 14pt;\"><strong>Un Ex oficial de Inteligencia explica c\u00f3mo logr\u00f3 filtrarse a los nazis en la vida pol\u00edtica y militar de Ucrania.<\/strong><\/span><\/p>\n<blockquote>\n<p class=\"new_entry \" style=\"text-align: center;\"><strong><span style=\"font-size: 14pt;\">Scott Ritter, un ex oficial de Inteligencia del Cuerpo de Marines de EEUU y ex inspector de armamento de la ONU en Irak, ha explicado al detalle como los nazis ucranianos no s\u00f3lo lograron crecer en la vida de ese pa\u00eds, sino que adem\u00e1s dispusieron de capacidad para acabar con los \u00bb Acuerdos de Minsk, logrando infiltrarse en el Ej\u00e9rcito del pa\u00eds. Pero \u2026 \u00bf lo hicieron sin contar con la ayuda de nadie? .<\/span><\/strong><\/p>\n<\/blockquote>\n<p style=\"text-align: justify;\"><span style=\"font-size: 14pt;\"><a href=\"https:\/\/canarias-semanal.org\/art\/33557\/ex-oficial-de-la-inteligencia-de-eeuu-como-promovimos-a-los-nazis-en-el-ejercito-ucraniano\" target=\"_blank\" rel=\"noopener\">Canarias Semanal<\/a>, 22 NOV 2022<\/span><\/p>\n<p><img loading=\"lazy\" decoding=\"async\" class=\"aligncenter wp-image-2261886\" src=\"https:\/\/puntocritico.com\/ausajpuntocritico\/wp-content\/uploads\/2022\/11\/Ritten-Nazis-USA.jpg\" alt=\"\" width=\"555\" height=\"259\" data-id=\"2261886\" srcset=\"https:\/\/puntocritico.com\/ausajpuntocritico\/wp-content\/uploads\/2022\/11\/Ritten-Nazis-USA.jpg 670w, https:\/\/puntocritico.com\/ausajpuntocritico\/wp-content\/uploads\/2022\/11\/Ritten-Nazis-USA-300x140.jpg 300w, https:\/\/puntocritico.com\/ausajpuntocritico\/wp-content\/uploads\/2022\/11\/Ritten-Nazis-USA-610x285.jpg 610w\" sizes=\"auto, (max-width: 555px) 100vw, 555px\" \/><\/p>\n<p>&nbsp;<\/p>\n<p style=\"text-align: justify;\"><span style=\"font-size: 14pt;\"><strong>Scott Ritter,<\/strong>\u00a0un ex oficial de Inteligencia del<strong>\u00a0Cuerpo de Marines de EEUU\u00a0<\/strong>y<strong>\u00a0ex inspector de armamento de la ONU en Irak,<\/strong>\u00a0explic\u00f3 de manera pormenorizada c\u00f3mo los neonazis ucranianos lograron echar por los suelos los\u00a0<strong>Acuerdos de Minsk\u00a0<\/strong>y<strong>\u00a0lograron infiltrarse\u00a0<\/strong>en el Ej\u00e9rcito del pa\u00eds. \u00bfLo hicieron solos? \u00bfSin contar con la ayuda de nadie?<\/span><\/p>\n<p style=\"text-align: justify;\"><span style=\"font-size: 14pt;\">De acuerdo con la versi\u00f3n de este ex oficial de la Inteligencia norteamericana, todo comenz\u00f3 cuando los <strong>EEUU<\/strong>\u00a0y la\u00a0<strong>Uni\u00f3n Europea<\/strong>\u00a0 dispusieron poner en marcha a un virulento y masivo grupo nacionalista procedente de la ciudad de\u00a0<strong>Lviv,<\/strong>\u00a0en\u00a0<strong>Ucrania occidental<\/strong>. Entre ellos se encontraban fan\u00e1ticos neonazis que idolatraban al hist\u00f3rico\u00a0<strong>Stepan Bandera<\/strong>\u00a0-un ex colaborador ucraniano\u00a0 de\u00a0<strong>Hitler<\/strong>\u00a0durante la\u00a0<strong>Segunda Guerra Mundial<\/strong>&#8211;\u00a0 y a\u00a0 su\u00a0<strong>movimiento pronazi ucraniano.<\/strong><\/span><\/p>\n<p style=\"text-align: justify;\"><span style=\"font-size: 14pt;\"><em>\u201cEsta gente vino y se apoder\u00f3 pr\u00e1cticamente del\u00a0<strong>Maid\u00e1n,<\/strong>\u00a0y de una manera violenta derrocaron al presidente leg\u00edtimo de Ucrania y luego se impusieron por la fuerza y la violencia en el cuerpo pol\u00edtico y militar ucraniano\u201d,\u00a0\u00a0<\/em>explic\u00f3 este experto estadounidense .<\/span><\/p>\n<p style=\"text-align: justify;\"><span style=\"font-size: 14pt;\">Para dar un ejemplo del poder que obtuvieron estos grupos\u00a0 en la vida pol\u00edtica\u00a0 ucraniana,\u00a0<strong>Ritter<\/strong>\u00a0cit\u00f3 al predecesor de\u00a0<strong>Volod\u00edmir Zelenski, Petr\u00f3 Poroshenko,<\/strong>\u00a0que negoci\u00f3 los\u00a0<strong>Acuerdos de Minsk<\/strong>\u00a0en 2015.<\/span><\/p>\n<blockquote>\n<p style=\"text-align: center;\"><strong><span style=\"font-size: 14pt; color: #008000;\"><em>\u00a0 \u00a0\u201cAccedi\u00f3 a conceder el estatus de autonom\u00eda especial a Donetsk y Lugansk,\u00a0y estas regiones seguir\u00edan siendo parte de Ucrania. Lo acord\u00f3 con\u00a0Alemania y Francia.\u00a0Luego volvi\u00f3 y los neonazis le dijeron \u2018como intentes poner en marcha ese plan, te mataremos&#8217;\u201d, cont\u00f3\u00a0Ritter\u00a0en un programa de\u00a0George Galloway.<\/em><\/span><\/strong><\/p>\n<\/blockquote>\n<p>&nbsp;<\/p>\n<p style=\"text-align: justify;\"><span style=\"font-size: 14pt;\">\u00a0\u00a0\u00a0\u00a0 El siguiente que intent\u00f3 hacer algo fue<strong>\u00a0Zelenski,<\/strong>\u00a0que fue elegido como<strong><em>\u00a0\u201cel presidente que traer\u00eda la paz\u201c<\/em><\/strong>.\u00a0<strong>Ritter\u00a0<\/strong>\u00a0record\u00f3\u00a0 la an\u00e9cdota del momento en el que\u00a0<strong>\u00a0Zelenski\u00a0<\/strong>\u00a0se acerc\u00f3 al<em><strong>\u00a0frente del Donb\u00e1s,<\/strong><\/em>\u00a0para que quienes lo integraban procedieran a su\u00a0 autodesarme.<\/span><\/p>\n<div id=\"bodynewadvertblock\" class=\"bodynew_advert_block\">\u00a0<\/div>\n<p style=\"text-align: justify;\"><span style=\"font-size: 14pt;\"><em>\u201cVino al\u00a0<strong>batall\u00f3n Azov,<\/strong>\u00a0les dijo que retiraran las armas, y estos se rieron de \u00e9l y lo echaron fuera. \u00c9l, muy ufano dijo:\u00a0<strong>\u2018Soy el presidente de Ucrania\u2019<\/strong>\u00a0y ellos le respondieron:\u00a0<strong>\u2018C\u00e1llate o te abofetearemos&#8217;\u201d,<\/strong>\u00a0relat\u00f3\u00a0<strong>Ritter.<\/strong><\/em><\/span><\/p>\n<p style=\"text-align: justify;\"><span style=\"font-size: 14pt;\"><strong>Zelenski, naturalmente,\u00a0<\/strong>tuvo que irse r\u00e1pidamente de all\u00ed.\u00a0 Pero antes los neonazis le dijeron:\u00a0<em>\u00abcomo firmes\u00a0 los\u00a0<strong>\u00abAcuerdos de Minsk\u00bb,\u00a0<\/strong>te ahorcaremos\u00bb<\/em>, agreg\u00f3 el ex oficial de<strong>\u00a0Inteligencia estadounidense.<\/strong><\/span><\/p>\n<blockquote>\n<p style=\"text-align: center;\"><span style=\"color: #008000; font-size: 14pt;\"><strong><em>\u201cEste es el control que esta gente tiene y ejerce sin l\u00edmite alguno. Hicieron lo mismo en el Ej\u00e9rcito. Tendr\u00edan que haber sido disueltos, arrestados o fusilados. Pero en lugar de eso , el Ej\u00e9rcito los absorbi\u00f3, haci\u00e9ndolos formar parte de sus mismas unidades y\u00a0 promovi\u00e9ndolos al grado de oficiales. De esta forma, en Ucrania acabaron teniendo a los neonazis\u00a0 hasta debajo de las piedras.\u201d<\/em><\/strong><\/span><\/p>\n<\/blockquote>\n<p>&nbsp;<\/p>\n<p style=\"text-align: justify;\"><span style=\"font-size: 14pt;\">Pero<strong>\u00a0Ritter<\/strong>\u00a0opina, no obstante, que para \u00e9l la mayor humillaci\u00f3n de todas, es que las<strong>\u00a0tropas brit\u00e1nicas, canadienses y estadounidenses\u00a0<\/strong>fueron a<strong>\u00a0Ucrania\u00a0<\/strong>para formarles en\u00a0 t\u00e1cticas militares y equipamiento de la\u00a0<strong>OTAN.<\/strong><\/span><\/p>\n<p>&nbsp;<\/p>\n<figure id=\"attachment_2243051\" aria-describedby=\"caption-attachment-2243051\" style=\"width: 330px\" class=\"wp-caption aligncenter\"><img loading=\"lazy\" decoding=\"async\" class=\"wp-image-2243051\" src=\"https:\/\/puntocritico.com\/ausajpuntocritico\/wp-content\/uploads\/2022\/03\/Nazis-al-frente-de-las-protestas-del-Maidan-2014.jpg\" alt=\"\" width=\"330\" height=\"220\" data-id=\"2243051\" \/><figcaption id=\"caption-attachment-2243051\" class=\"wp-caption-text\"><span style=\"color: #008000;\">Nazis al frente de las protestas del Maidan (2014)<\/span><\/figcaption><\/figure>\n<p style=\"text-align: center;\"><strong><span style=\"color: #008000; font-size: 18pt;\">*******<\/span><\/strong><\/p>\n<p class=\"entry-title title flipboard-title\" style=\"text-align: justify;\"><span style=\"font-size: 14pt; color: #008000;\">RETROCESO<\/span><\/p>\n<div class=\"title-wrap\">\n<h2 class=\"entry-title title flipboard-title\" style=\"text-align: center;\"><span style=\"font-size: 24pt;\">La polic\u00eda italiana desmantela una c\u00e9lula nazi vinculada a Azov que planea ataques terroristas<\/span><\/h2>\n<p style=\"text-align: center;\"><em><strong><span style=\"font-size: 14pt;\">El arresto de los neonazis italianos afiliados al Batall\u00f3n Azov de Ucrania destaca el aterrador potencial de retroceso de la guerra de poder de Ucrania.<\/span><\/strong><\/em><\/p>\n<\/div>\n<p style=\"text-align: justify;\"><span style=\"font-size: 14pt;\">Por <span class=\"byline-part author\">ALEJANDRO RUBINSTEIN<\/span><\/span><\/p>\n<p style=\"text-align: justify;\"><span style=\"font-size: 14pt;\"><a href=\"https:\/\/thegrayzone.com\/2022\/11\/15\/blowback-italian-azov-tied-nazi-terror\/\" target=\"_blank\" rel=\"noopener\">The Gray Zone<\/a>, <span class=\"byline-part cb-date date\"><time class=\"entry-date published dateCreated flipboard-date\" datetime=\"2022-11-15T18:37:41-05:00\">15 NOV 2022<\/time><\/span><\/span><\/p>\n<p><img loading=\"lazy\" decoding=\"async\" class=\"aligncenter wp-image-2261844\" src=\"https:\/\/puntocritico.com\/ausajpuntocritico\/wp-content\/uploads\/2022\/11\/Collage-Maker-16-Nov-2022-12.33-AM-678x381.webp\" alt=\"\" width=\"555\" height=\"555\" data-id=\"2261844\" srcset=\"https:\/\/puntocritico.com\/ausajpuntocritico\/wp-content\/uploads\/2022\/11\/Collage-Maker-16-Nov-2022-12.33-AM-300x300.webp 300w, https:\/\/puntocritico.com\/ausajpuntocritico\/wp-content\/uploads\/2022\/11\/Collage-Maker-16-Nov-2022-12.33-AM-150x150.webp 150w, https:\/\/puntocritico.com\/ausajpuntocritico\/wp-content\/uploads\/2022\/11\/Collage-Maker-16-Nov-2022-12.33-AM-610x610.webp 610w, https:\/\/puntocritico.com\/ausajpuntocritico\/wp-content\/uploads\/2022\/11\/Collage-Maker-16-Nov-2022-12.33-AM.webp 720w\" sizes=\"auto, (max-width: 555px) 100vw, 555px\" \/><\/p>\n<p>&nbsp;<\/p>\n<p style=\"text-align: justify;\"><span style=\"font-size: 14pt;\">La polic\u00eda italiana\u00a0<a href=\"https:\/\/www.poliziadistato.it\/articolo\/289963737a1f95b85474505806\" target=\"_blank\" rel=\"noopener\" data-schema-attribute=\"\">anunci\u00f3<\/a>\u00a0una serie de redadas contra la <em>organizaci\u00f3n<\/em> <em>neonazi<\/em> <strong>Orden de Hagal<\/strong>.\u00a0Acusado de almacenar armas y planear ataques terroristas, el grupo ha establecido v\u00ednculos operativos con el <strong>Batall\u00f3n Azov<\/strong> de Ucrania.<\/span><\/p>\n<p style=\"text-align: justify;\"><span style=\"font-size: 14pt;\">Cinco miembros de una organizaci\u00f3n neonazi italiana conocida como la \u201c<strong><em>Orden de Haga<\/em><\/strong>l\u201d fueron arrestados el 15 de noviembre, mientras que un miembro adicional sigue siendo buscado por las autoridades.\u00a0\u00c9l estaba en Ucrania, luchando contra las fuerzas rusas junto con el <strong>Batall\u00f3n Azov<\/strong>, que se ha integrado formalmente en el ej\u00e9rcito ucraniano.\u00a0<\/span><\/p>\n<p style=\"text-align: justify;\"><span style=\"font-size: 14pt;\">Los miembros de \u201c<strong><em>Hagal<\/em><\/strong>\u201d est\u00e1n acusados \u200b\u200bde planear ataques terroristas contra objetivos civiles y policiales.\u00a0Un sexto miembro del grupo Hagal, ahora considerado pr\u00f3fugo, est\u00e1 en Ucrania e integrado en el <strong>Batall\u00f3n Azov<\/strong>, un <strong>grupo paramilitar neonazi que se ha <\/strong><em><strong>incorporado a la Guardia Nacional de Ucrania<\/strong>.<\/em>\u00a0<\/span><\/p>\n<p style=\"text-align: justify;\"><span style=\"font-size: 14pt;\">Seg\u00fan los informes, los miembros de la <strong>Orden de Hagal<\/strong> mantuvieron contactos \u00ab<em>directos y frecuentes<\/em>\u00bb a trav\u00e9s de <em><strong>Telegram<\/strong><\/em> no solo con el <strong>Batall\u00f3n Azov<\/strong>, sino tambi\u00e9n con las formaciones militares neonazis ucranianas\u00a0<strong><a href=\"https:\/\/thegrayzone.com\/2022\/03\/04\/nazis-ukrainian-war-russia\/\" target=\"_blank\" rel=\"noopener\">Right Sector<\/a><\/strong>\u00a0y\u00a0<strong><a href=\"https:\/\/thegrayzone.com\/2022\/03\/20\/us-neo-nazi-ukraine-afghan-insurgency\/\" target=\"_blank\" rel=\"noopener\">Centuria<\/a><\/strong>, \u00ab<em>probablemente en vista de un posible reclutamiento en las filas de estos grupos combatientes<\/em>\u201d, seg\u00fan\u00a0<a href=\"https:\/\/corrieredelmezzogiorno.corriere.it\/napoli\/cronaca\/22_novembre_15\/campania-scoperta-cellula-neonazista-4-arresti-napoli-caserta-avellino-28d08bb0-64b3-11ed-86e0-7bd3cb81bfd3.shtml\" target=\"_blank\" rel=\"noopener\">medios italianos<\/a>\u00a0.<\/span><\/p>\n<p style=\"text-align: justify;\"><span style=\"font-size: 14pt;\">La investigaci\u00f3n policial se inici\u00f3 en <strong>2019<\/strong> y ha incluido extensas b\u00fasquedas inform\u00e1ticas y escuchas telef\u00f3nicas;\u00a0t\u00e1cticas que han revelado la intenci\u00f3n de los miembros del grupo de llevar a cabo actos violentos en Italia.\u00a0<\/span><\/p>\n<p>&nbsp;<\/p>\n<p><a href=\"https:\/\/twitter.com\/poliziadistato\/status\/1592410534330388480?ref_src=twsrc%5Etfw%7Ctwcamp%5Etweetembed%7Ctwterm%5E1592410534330388480%7Ctwgr%5E94dcccb6f98ecc142163628f320ecdfbb8239e25%7Ctwcon%5Es1_&amp;ref_url=https%3A%2F%2Fthegrayzone.com%2F2022%2F11%2F15%2Fblowback-italian-azov-tied-nazi-terror%2F\" target=\"_blank\" rel=\"noopener\"><img loading=\"lazy\" decoding=\"async\" class=\"aligncenter size-full wp-image-2261845\" src=\"https:\/\/puntocritico.com\/ausajpuntocritico\/wp-content\/uploads\/2022\/11\/tuit-Policia-detiene-nazis.jpg\" alt=\"\" width=\"523\" height=\"601\" data-id=\"2261845\" srcset=\"https:\/\/puntocritico.com\/ausajpuntocritico\/wp-content\/uploads\/2022\/11\/tuit-Policia-detiene-nazis.jpg 523w, https:\/\/puntocritico.com\/ausajpuntocritico\/wp-content\/uploads\/2022\/11\/tuit-Policia-detiene-nazis-261x300.jpg 261w\" sizes=\"auto, (max-width: 523px) 100vw, 523px\" \/><\/a><\/p>\n<p>&nbsp;<\/p>\n<p style=\"text-align: justify;\"><span style=\"font-size: 14pt;\">Seg\u00fan los informes, uno de los miembros arrestados, <strong>Giampiero Testa<\/strong>, estaba \u201c<em>peligrosamente cerca de los grupos nacionalistas ucranianos de extrema derecha<\/em>\u201d y estaba planeando un ataque contra una estaci\u00f3n de polic\u00eda en Marigliano en N\u00e1poles, seg\u00fan escuchas telef\u00f3nicas.\u00a0El combatiente fugitivo\u00a0<a href=\"https:\/\/tg24.sky.it\/napoli\/2022\/11\/15\/terrorismo-neonazisti-arresti-oggi\" target=\"_blank\" rel=\"noopener\">de <strong>Azov<\/strong><\/a>\u00a0, <strong>Anton<\/strong> <strong>Radomsky<\/strong>, es un ciudadano ucraniano que ha vivido en Italia pero actualmente lucha en nombre de las fuerzas armadas ucranianas.\u00a0Las autoridades dicen que <strong>Radomsky<\/strong> plane\u00f3 atacar el centro comercial \u00ab<em>Volcano Buono<\/em>\u00bb en N\u00e1poles.<\/span><\/p>\n<p style=\"text-align: justify;\"><span style=\"font-size: 14pt;\">En una intervenci\u00f3n telef\u00f3nica de <em>enero<\/em> de <strong>2021<\/strong>, <strong>Testa<\/strong>\u00a0<a href=\"https:\/\/napoli.repubblica.it\/cronaca\/2022\/11\/15\/news\/terrorismo_scoperta_rete_neonazista_arresti_a_napoli_caserta_e_avellino-374575610\/\" target=\"_blank\" rel=\"noopener\">dijo<\/a>\u00a0que \u201c<em>har\u00eda una masacre como la de Nueva Zelanda, pero no ir\u00eda a los negros, ir\u00eda al cuartel de Marigliano<\/em>\u201d.\u00a0Se refer\u00eda al <strong>tirador de la mezquita de Nueva Zelanda que afirm\u00f3 haber visitado Ucrania y llevaba un parche nazi Sonnenrad<\/strong>, o \u00ab<em>sol<\/em> <em>negro<\/em>\u00bb en su chaleco antibalas mientras mataba a 51 fieles.\u00a0El s\u00edmbolo, como se\u00f1al\u00f3 el <em>New<\/em> <em>York Times<\/em> en 2019, es \u00ab<em>com\u00fanmente utilizado por el Batall\u00f3n Azov, una organizaci\u00f3n paramilitar neonazi ucraniana<\/em>\u00ab.<\/span><\/p>\n<p style=\"text-align: justify;\"><span style=\"font-size: 14pt;\">En <em>febrero<\/em> de <strong>2021<\/strong>, <strong>Testa<\/strong> despotric\u00f3 por tel\u00e9fono y dijo: \u201c<em>Como [el tirador masivo racista de Christchurch] Tarrant\u2026 tututututu.\u00a0En el cuartel de Marigliano.\u00a0Boom boom, los mat\u00e9 a todos<\/em>\u201d.<\/span><\/p>\n<p style=\"text-align: justify;\"><span style=\"font-size: 14pt;\">Casi al mismo tiempo, la polic\u00eda que monitoreaba la organizaci\u00f3n de la <strong>Orden de Hagal<\/strong>\u00a0<a href=\"https:\/\/www.ilriformista.it\/blitz-contro-lordine-di-hagal-scoperta-la-rete-neonazista-in-campania-volevano-attaccare-carabinieri-e-un-centro-commerciale-329684\/?refresh_ce#\" target=\"_blank\" rel=\"noopener\">incaut\u00f3<\/a>\u00a0\u00ab<em>armas de aire suave<\/em>\u00bb que podr\u00edan \u00ab<em>modificarse f\u00e1cilmente para disparar balas aut\u00e9nticas<\/em>\u00ab, municiones, equipo t\u00e1ctico e incluso un lanzagranadas.\u00a0El grupo tambi\u00e9n est\u00e1 acusado de realizar entrenamientos paramilitares en N\u00e1poles y Caserta, as\u00ed como seminarios que promueven la supremac\u00eda blanca y la negaci\u00f3n del Holocausto.<\/span><\/p>\n<p style=\"text-align: justify;\"><span style=\"font-size: 14pt;\">Las im\u00e1genes de los arrestos difundidas por el canal de noticias <strong>Sky Tg24<\/strong> muestran cuchillos largos, un hacha de estilo n\u00f3rdico, un bate adornado con las palabras \u00ab<em>L\u00edder Mussolini<\/em>\u00ab, una bandera con la esv\u00e1stica, una m\u00e1scara de gas, una camiseta del <strong>Batall\u00f3n Azov<\/strong> y \u00ab<em>Valhalla<\/em> <em>Express<\/em>\u201d, una memoria de un luchador de <strong>Azov<\/strong>.<\/span><\/p>\n<p style=\"text-align: justify;\"><span style=\"font-size: 14pt;\">El informe TG24 se encuentra a continuaci\u00f3n.<\/span><\/p>\n<p>&nbsp;<\/p>\n<p><iframe loading=\"lazy\" title=\"Sky Tg24 report on Order of Hagal arrests\" width=\"500\" height=\"281\" src=\"https:\/\/www.youtube.com\/embed\/s5ohlasQ1j4?feature=oembed\" frameborder=\"0\" allow=\"accelerometer; autoplay; clipboard-write; encrypted-media; gyroscope; picture-in-picture; web-share\" referrerpolicy=\"strict-origin-when-cross-origin\" allowfullscreen><\/iframe><\/p>\n<p>&nbsp;<\/p>\n<p style=\"text-align: justify;\"><span style=\"font-size: 14pt;\">Pero Ucrania no es el \u00fanico pa\u00eds que ha sido visitado por miembros de la <strong>Orden de Hagal<\/strong>;\u00a0\u201c<em>algunos miembros<\/em>\u201d tambi\u00e9n viajaron a Israel para entrenarse en <em><strong>Krav Maga<\/strong><\/em> y el uso de armas largas y cortas, seg\u00fan funcionarios policiales. De hecho, incluso recibieron diplomas por completar la formaci\u00f3n.<\/span><\/p>\n<p style=\"text-align: justify;\"><span style=\"font-size: 14pt;\">La operaci\u00f3n policial abarc\u00f3 trece provincias de Italia e incluy\u00f3 \u201c<em>26 registros personales, domiciliarios y por computadora<\/em>\u201d, seg\u00fan el\u00a0<a href=\"https:\/\/www.poliziadistato.it\/articolo\/289963737a1f95b85474505806\" target=\"_blank\" rel=\"noopener\">comunicado de prensa<\/a>\u00a0de la polic\u00eda que anuncia los arrestos.<\/span><\/p>\n<p style=\"text-align: justify;\"><span style=\"font-size: 14pt;\">Entre los detenidos por \u201ce<em>l delito de asociaci\u00f3n con fines de terrorismo o subversi\u00f3n del orden democr\u00e1tico<\/em>\u201d se encuentran <strong>Maurizio<\/strong> <strong>Ammendola<\/strong>, el fundador del grupo, su vicepresidente <strong>Michele<\/strong> <strong>Rinaldi<\/strong>, y los miembros <strong>Giampiero Testa<\/strong> y <strong>Massimiliano Mariano<\/strong>.<\/span><\/p>\n<p style=\"text-align: justify;\"><span style=\"font-size: 14pt;\">El quinto miembro arrestado, <strong>Fabio Colarossi<\/strong>, est\u00e1 acusado de difundir propaganda neonazi.<\/span><\/p>\n<p style=\"text-align: justify;\"><span style=\"font-size: 14pt;\">Si bien el nazismo ha encontrado un espacio seguro en las fuerzas armadas ucranianas, los arrestos y las \u00f3rdenes de arresto contra los miembros de la <strong>Orden de Hagal<\/strong> que planearon ataques terroristas sugieren el potencial de retroceso de la guerra de poder de la <strong>OTAN<\/strong> en Ucrania, ya que los veteranos ideol\u00f3gicamente extremistas y endurecidos por la batalla alentados por los gobiernos occidentales y apoyados con la ayuda de EE. UU. y la UE regresan a sus hogares en ciudades de toda Europa.<\/span><\/p>\n<p style=\"text-align: justify;\"><span style=\"font-size: 14pt;\">\u201c<em>La alta disponibilidad de armas durante el conflicto actual dar\u00e1 lugar a la proliferaci\u00f3n de armas il\u00edcitas en la fase de posconflicto<\/em>\u201d, ha\u00a0<a href=\"https:\/\/www.thedefensepost.com\/2022\/06\/02\/interpol-illicit-arms-ukraine\/\" target=\"_blank\" rel=\"noopener\">advertido<\/a>\u00a0el secretario general de <strong>Interpol<\/strong>, <strong>Juergen<\/strong> <strong>Stock<\/strong> .\u00a0<\/span><\/p>\n<p style=\"text-align: justify;\"><span style=\"font-size: 14pt;\">Como\u00a0<a href=\"https:\/\/thegrayzone.com\/2022\/05\/31\/american-neo-nazi-ukraine-hero-corporate-media\/\" target=\"_blank\" rel=\"noopener\">inform\u00f3 The Grayzone<\/a>, un documento del <em><strong>Departamento de Seguridad Nacional de 2022<\/strong><\/em> reconoci\u00f3 que \u00ab<em>los grupos nacionalistas ucranianos, incluido el Movimiento Azov, est\u00e1n reclutando activamente a supremacistas blancos extremistas violentos por motivos raciales o \u00e9tnicos para unirse a varios batallones de voluntarios neonazis en la guerra contra Rusia<\/em>\u00ab, pero se\u00f1al\u00f3 una brecha de inteligencia clave: \u00ab<em>\u00bfQu\u00e9 tipo de entrenamiento reciben los combatientes extranjeros en Ucrania que posiblemente podr\u00edan proliferar en las milicias con base en los EE. UU. y los grupos nacionalistas blancos?<\/em>\u00ab<\/span><\/p>\n<p>&nbsp;<\/p>\n<figure id=\"attachment_2246728\" aria-describedby=\"caption-attachment-2246728\" style=\"width: 550px\" class=\"wp-caption aligncenter\"><img loading=\"lazy\" decoding=\"async\" class=\"wp-image-2246728\" src=\"https:\/\/puntocritico.com\/ausajpuntocritico\/wp-content\/uploads\/2022\/05\/UCRANAZIS-1.webp\" alt=\"\" width=\"550\" height=\"405\" data-id=\"2246728\" srcset=\"https:\/\/puntocritico.com\/ausajpuntocritico\/wp-content\/uploads\/2022\/05\/UCRANAZIS-1.webp 1200w, https:\/\/puntocritico.com\/ausajpuntocritico\/wp-content\/uploads\/2022\/05\/UCRANAZIS-1-300x221.webp 300w, https:\/\/puntocritico.com\/ausajpuntocritico\/wp-content\/uploads\/2022\/05\/UCRANAZIS-1-1024x754.webp 1024w, https:\/\/puntocritico.com\/ausajpuntocritico\/wp-content\/uploads\/2022\/05\/UCRANAZIS-1-768x566.webp 768w, https:\/\/puntocritico.com\/ausajpuntocritico\/wp-content\/uploads\/2022\/05\/UCRANAZIS-1-610x449.webp 610w, https:\/\/puntocritico.com\/ausajpuntocritico\/wp-content\/uploads\/2022\/05\/UCRANAZIS-1-80x60.webp 80w\" sizes=\"auto, (max-width: 550px) 100vw, 550px\" \/><figcaption id=\"caption-attachment-2246728\" class=\"wp-caption-text\"><span style=\"color: #008000;\">Del Museo de la 45.a Divisi\u00f3n de Infanter\u00eda, el parche con la esv\u00e1stica original anterior a 1930 de la unidad<\/span><\/figcaption><\/figure>\n<p style=\"text-align: center;\"><strong><span style=\"color: #008000; font-size: 18pt;\">*******<\/span><\/strong><\/p>\n<h2 class=\"post-title entry-title\" style=\"text-align: center;\"><span style=\"font-size: 24pt;\">Nazis en Ucrania: ver a trav\u00e9s de la niebla de la guerra de la informaci\u00f3n<\/span><\/h2>\n<p style=\"text-align: justify;\"><span style=\"font-size: 14pt;\">Por Gabriel Roca<\/span><\/p>\n<p style=\"text-align: justify;\"><span style=\"font-size: 14pt;\"><a href=\"https:\/\/www.liberationnews.org\/nazis-in-ukraine-seeing-through-the-fog-of-the-information-war\/\" target=\"_blank\" rel=\"noopener\">Liberation<\/a>, 30 MARZO 2022<\/span><\/p>\n<figure id=\"attachment_2261976\" aria-describedby=\"caption-attachment-2261976\" style=\"width: 660px\" class=\"wp-caption aligncenter\"><img loading=\"lazy\" decoding=\"async\" class=\"wp-image-2261976\" src=\"https:\/\/puntocritico.com\/ausajpuntocritico\/wp-content\/uploads\/2022\/11\/bandera-rally-1.jpg\" alt=\"\" width=\"660\" height=\"440\" data-id=\"2261976\" srcset=\"https:\/\/puntocritico.com\/ausajpuntocritico\/wp-content\/uploads\/2022\/11\/bandera-rally-1.jpg 1024w, https:\/\/puntocritico.com\/ausajpuntocritico\/wp-content\/uploads\/2022\/11\/bandera-rally-1-300x200.jpg 300w, https:\/\/puntocritico.com\/ausajpuntocritico\/wp-content\/uploads\/2022\/11\/bandera-rally-1-768x512.jpg 768w, https:\/\/puntocritico.com\/ausajpuntocritico\/wp-content\/uploads\/2022\/11\/bandera-rally-1-610x407.jpg 610w\" sizes=\"auto, (max-width: 660px) 100vw, 660px\" \/><figcaption id=\"caption-attachment-2261976\" class=\"wp-caption-text\"><span style=\"color: #008000;\">Marcha de 2015 en Kiev para celebrar el cumplea\u00f1os del colaborador nazi Stepan Bandera (en la foto en la bandera negra y roja) <\/span><\/figcaption><\/figure>\n<p>&nbsp;<\/p>\n<p style=\"text-align: justify;\"><span style=\"font-size: 14pt;\">El 24 de febrero, el presidente ruso <strong>Vladimir Putin<\/strong> emprendi\u00f3 lo que\u00a0<a href=\"https:\/\/www.aljazeera.com\/news\/2022\/3\/1\/who-are-the-azov-regiment\" target=\"_blank\" rel=\"noopener\" data-schema-attribute=\"\">denomin\u00f3<\/a>\u00a0una \u201c<em>operaci\u00f3n militar especial\u2026 para desmilitarizar y desnazificar Ucrania<\/em>\u201d.\u00a0Los medios burgueses occidentales denunciaron de inmediato estos objetivos declarados,\u00a0<a href=\"https:\/\/twitter.com\/i\/status\/1498187771281915905\" target=\"_blank\" rel=\"noreferrer noopener\">repitiendo regularmente<\/a>\u00a0que las acusaciones de nazismo en Ucrania no son m\u00e1s que \u00ab<em>noticias falsas<\/em>\u00bb rusas.\u00a0El exembajador de Estados Unidos en Rusia, <strong>Michael McFaul<\/strong>, lleg\u00f3 a\u00a0<a href=\"https:\/\/theblogginghounds.com\/2022\/03\/22\/todays-ukrainian-war-heroes-were-yesterdays-white-supremacists-and-neo-nazis-fighting-russia-video\/\" target=\"_blank\" rel=\"noreferrer noopener\">afirmar<\/a>\u00a0rotundamente que \u201c<em>no hay nazis en Ucrania<\/em>\u201d.\u00a0Afirmaciones similares resuenan en las c\u00e1maras de eco de los medios de comunicaci\u00f3n, y el hecho de que el actual presidente de Ucrania sea jud\u00edo a menudo se presenta miopemente como la \u00fanica \u201c<em>prueba<\/em>\u201d necesaria.\u00a0<\/span><\/p>\n<p style=\"text-align: justify;\"><span style=\"font-size: 14pt;\">Cuestionar la existencia de nazis y fascistas en Ucrania tiene el prop\u00f3sito de construir una narrativa retorcida pero simplista basada libremente en la Segunda Guerra Mundial: <strong>Putin<\/strong> es una figura malvada, parecida a <strong>Hitler<\/strong>, que intenta atacar al gobierno ucraniano amante de la libertad y a sus seguidores inocentes.\u00a0El objetivo de tal narrativa es fomentar un apoyo ciego e incondicional al gobierno de <strong>Zelensky<\/strong>, la <strong>OTAN<\/strong> y las potencias <strong>imperialistas<\/strong> occidentales.<strong>\u00a0Una guerra \u201c<em>humanitaria<\/em>\u201d, es decir, una intervenci\u00f3n brutal de la OTAN que probablemente desencadenar\u00eda la Tercera Guerra Mundial, se presenta como una opci\u00f3n viable<\/strong>.\u00a0En este contexto, cualquier intento de proporcionar un an\u00e1lisis sobrio y concreto de la historia real del nazismo en la regi\u00f3n corre el riesgo de ser etiquetado y descartado falsamente como \u00ab<em>pro-Putin<\/em>\u00bb porque no respalda esta narrativa belicista.<\/span><\/p>\n<p>&nbsp;<\/p>\n<blockquote>\n<p style=\"text-align: center;\"><strong><span style=\"color: #008000; font-size: 14pt;\">\u00a0Una guerra \u201c<em>humanitaria<\/em>\u201d, es decir, una intervenci\u00f3n brutal de la OTAN que probablemente desencadenar\u00eda la Tercera Guerra Mundial, se presenta como una opci\u00f3n viable.<\/span><\/strong><\/p>\n<p style=\"text-align: center;\"><strong><span style=\"font-size: 14pt; color: #008000;\">En este contexto, cualquier intento de proporcionar un an\u00e1lisis sobrio y concreto de la historia real del nazismo en la regi\u00f3n corre el riesgo de ser etiquetado y descartado falsamente como \u00ab<em>pro-Putin<\/em>\u00bb porque no respalda esta narrativa belicista<\/span><\/strong><\/p>\n<\/blockquote>\n<p>&nbsp;<\/p>\n<p style=\"text-align: justify;\"><span style=\"font-size: 14pt;\">Pero un examen que da cuenta de las complejidades de las situaciones concretas revela que, de hecho, existe una historia profunda y expansiva de fascismo en Ucrania, que ha sido ayudado e instigado por el gobierno de los Estados Unidos. Sin embargo, esto\u00a0<em>no<\/em>\u00a0significa que el fascismo sea necesariamente la fuerza dominante en el pa\u00eds o incluso en todos los dominios en los que existe (e<em>l ej\u00e9rcito, las fuerzas paramilitares, el parlamento, la sociedad en general, etc.<\/em>).\u00a0Adem\u00e1s, no implica en lo m\u00e1s m\u00ednimo que uno tenga que apoyar la invasi\u00f3n de Rusia, o incluso asumir que la &#8216;<em>desnazificaci\u00f3n<\/em>&#8216; es su objetivo principal.\u00a0Por el contrario, <strong><em>es posible entender que el fascismo es una fuerza muy real en Ucrania<\/em><\/strong> mientras se opone a la decisi\u00f3n de <strong>Putin<\/strong> de desplegar tropas.\u00a0<\/span><\/p>\n<h3><strong>Una breve historia de los nazis, la OTAN y Ucrania<\/strong><\/h3>\n<p style=\"text-align: justify;\"><span style=\"font-size: 14pt;\">Para comprender el conflicto actual, es importante recordar que rusos y ucranianos alguna vez vivieron en relativa armon\u00eda, cuando ambos formaban parte de la <em>Uni\u00f3n de Rep\u00fablicas Socialistas Sovi\u00e9ticas<\/em>, que se fund\u00f3 sobre el principio de la autodeterminaci\u00f3n de las naciones.\u00a0Esto se interrumpi\u00f3 violentamente en <strong>1941<\/strong>, cuando los nazis invadieron la URSS y se apoderaron de gran parte de <strong>Ucrania<\/strong>.\u00a0<\/span><\/p>\n<figure id=\"attachment_2261977\" aria-describedby=\"caption-attachment-2261977\" style=\"width: 300px\" class=\"wp-caption alignright\"><img loading=\"lazy\" decoding=\"async\" class=\"wp-image-2261977 size-medium\" src=\"https:\/\/puntocritico.com\/ausajpuntocritico\/wp-content\/uploads\/2022\/11\/Lipniki_massacre-300x218.jpg\" alt=\"\" width=\"300\" height=\"218\" data-id=\"2261977\" srcset=\"https:\/\/puntocritico.com\/ausajpuntocritico\/wp-content\/uploads\/2022\/11\/Lipniki_massacre-300x218.jpg 300w, https:\/\/puntocritico.com\/ausajpuntocritico\/wp-content\/uploads\/2022\/11\/Lipniki_massacre-610x444.jpg 610w, https:\/\/puntocritico.com\/ausajpuntocritico\/wp-content\/uploads\/2022\/11\/Lipniki_massacre.jpg 700w\" sizes=\"auto, (max-width: 300px) 100vw, 300px\" \/><figcaption id=\"caption-attachment-2261977\" class=\"wp-caption-text\"><span style=\"color: #008000;\">V\u00edctimas civiles de una masacre de 1943 por combatientes de OUN <\/span><\/figcaption><\/figure>\n<p style=\"text-align: justify;\"><span style=\"font-size: 14pt;\"><a href=\"https:\/\/cup.columbia.edu\/book\/ukrainian-nationalists-and-the-holocaust\/9783838215488?fbclid=IwAR3LDlk1xj1DITajkQvQoi7Z-EkHsZmtTQKN81F8ELRwwC854hANBCDw04k\" target=\"_blank\" rel=\"noreferrer noopener\">Seg\u00fan John-Paul Himka<\/a>,<em><strong> una cuarta parte de todas las v\u00edctimas del Holocausto viv\u00edan en Ucrania, y los ultranacionalistas ucranianos colaboraron con los nazis para llevar a cabo sus horrendos actos<\/strong><\/em>. La <strong>Organizaci\u00f3n de Nacionalistas Ucranianos (OUN)<\/strong> y su fuerza armada, el <strong>Ej\u00e9rcito Insurgente Ucraniano<\/strong> (<em>Ukrainska povstanska armiia<\/em>\u00a0\u2014UPA)\u00a0<a href=\"https:\/\/cup.columbia.edu\/book\/ukrainian-nationalists-and-the-holocaust\/9783838215488?fbclid=IwAR3LDlk1xj1DITajkQvQoi7Z-EkHsZmtTQKN81F8ELRwwC854hANBCDw04k\" target=\"_blank\" rel=\"noreferrer noopener\">participaron<\/a> en este alboroto genocida: \u201c<em>Las milicias de la OUN fueron actores clave en la violencia antijud\u00eda del verano de 1941;\u00a0OUN reclut\u00f3 e infiltr\u00f3 formaciones policiales que proporcionaron mano de obra indispensable para las unidades m\u00f3viles de asesinato de los alemanes;\u00a0y en 1943, miles de estos polic\u00edas desertaron del servicio alem\u00e1n para unirse a la insurgencia nacionalista dirigida por la OUN, durante la cual la UPA mat\u00f3 a jud\u00edos que hab\u00edan logrado sobrevivir a las grandes liquidaciones de 1942<\/em>\u201d.\u00a0Seg\u00fan\u00a0<a href=\"https:\/\/www.alibris.com\/Americas-Secret-Army-Untold-Story-of-the-Counterintelligence-Corps-Ian-Sayer\/book\/13148996?matches=5\" target=\"_blank\" rel=\"noreferrer noopener\"><strong>Ian Sayer<\/strong> y <strong>Douglas Botting<\/strong><\/a>, \u201c<em>la OUN desempe\u00f1\u00f3 un papel importante en el exterminio de los jud\u00edos y otros &#8216;indeseables&#8217;, a menudo realizando el trabajo sucio de los escuadrones de exterminio alemanes Einsatzkommando (por ejemplo, la matanza de ni\u00f1os), y continuando despu\u00e9s de la guerra bajo el patrocinio estadounidense<\/em>\u201d.<\/span><\/p>\n<p>&nbsp;<\/p>\n<blockquote>\n<p style=\"text-align: center;\"><span style=\"font-size: 14pt;\"><strong><span style=\"color: #008000;\"> en la era de la posguerra, el gobierno de EE. UU. integr\u00f3 discretamente a un n\u00famero alarmante de colaboradores nazis en una verdadera\u00a0<a style=\"color: #008000;\" href=\"https:\/\/www.counterpunch.org\/2020\/10\/16\/the-u-s-did-not-defeat-fascism-in-wwii-it-discretely-internationalized-it\/\" target=\"_blank\" rel=\"noreferrer noopener\">red internacional<\/a>\u00a0de fascistas anticomunistas<\/span><\/strong><\/span><\/p>\n<\/blockquote>\n<p>&nbsp;<\/p>\n<p style=\"text-align: justify;\"><span style=\"font-size: 14pt;\">De hecho, en la era de la posguerra, el gobierno de EE. UU. integr\u00f3 discretamente a un n\u00famero alarmante de colaboradores nazis en una verdadera\u00a0<a href=\"https:\/\/www.counterpunch.org\/2020\/10\/16\/the-u-s-did-not-defeat-fascism-in-wwii-it-discretely-internationalized-it\/\" target=\"_blank\" rel=\"noreferrer noopener\">red internacional<\/a>\u00a0de fascistas anticomunistas.\u00a0Para <strong>1952<\/strong>,\u00a0<strong><a href=\"https:\/\/www.alibris.com\/Americas-Nazi-Secret-John-Loftus\/book\/16404070?matches=51\" target=\"_blank\" rel=\"noreferrer noopener\">John Loftus<\/a><\/strong>\u00a0estima que hab\u00eda <em>\u00abcientos, si no miles, de importantes colaboradores nazis de Bielorrusia, Ucrania, los estados b\u00e1lticos y los Balcanes<\/em>\u00bb que hab\u00edan sido tra\u00eddos a los Estados Unidos (<em>y muchos m\u00e1s se hab\u00edan puesto en funcionamiento en todo el mundo<\/em>).<\/span><\/p>\n<p style=\"text-align: justify;\"><span style=\"font-size: 14pt;\">El N\u00facleo de Contrainteligencia de EE. UU. llev\u00f3 a cabo la <strong>operaci\u00f3n Anyface<\/strong> para proteger al l\u00edder fascista de la <strong>OUN<\/strong>, el renombrado\u00a0<a href=\"https:\/\/www.liberationschool.org\/the-roots-of-fascism-in-ukraine\/\" target=\"_blank\" rel=\"noreferrer noopener\">colaborador nazi<\/a>\u00a0<strong>Stepan Bandera<\/strong>, de ser llevado ante la justicia por los sovi\u00e9ticos.\u00a0El jefe del servicio de seguridad nacional (SB) de Bandera, Mykola Lebed,\u00a0<a href=\"https:\/\/www.alibris.com\/Americas-Nazi-Secret-John-Loftus\/book\/16404070?matches=51\" target=\"_blank\" rel=\"noreferrer noopener\">fue<\/a> \u201c<em>el nazi ucraniano de m\u00e1s alto rango que jam\u00e1s haya ingresado a los Estados Unidos<\/em>\u201d.\u00a0El <em>jefe de operaciones encubiertas de la CIA<\/em>, <strong>Frank Wisner<\/strong>,\u00a0<a href=\"https:\/\/www.alibris.com\/Americas-Nazi-Secret-John-Loftus\/book\/16404070?matches=51\" target=\"_blank\" rel=\"noreferrer noopener\">admiti\u00f3<\/a>\u00a0en <strong>1951<\/strong> que hab\u00eda \u201c<em>al menos veinte ex miembros o miembros activos de la SB de OUN\/Bandera en los Estados Unidos<\/em>\u201d.\u00a0<\/span><\/p>\n<p style=\"text-align: justify;\"><span style=\"font-size: 14pt;\">Los servicios de inteligencia de EE. UU. trabajaron en estrecha colaboraci\u00f3n con varias organizaciones de antiguos colaboradores nazis como estas para llevar a\u00a0<a href=\"https:\/\/www.alibris.com\/Blowback-Americas-Recruitment-of-Nazis-and-Its-Effects-on-the-Cold-War-Christopher-Simpson\/book\/743852?matches=9\" target=\"_blank\" rel=\"noreferrer noopener\">cabo<\/a>\u00a0extensas campa\u00f1as de sabotaje, terror y asesinato contra la <strong>URSS<\/strong>.\u00a0En <strong>1951<\/strong>, <strong>Wisner<\/strong>\u00a0<a href=\"https:\/\/www.alibris.com\/Americas-Secret-Army-Untold-Story-of-the-Counterintelligence-Corps-Ian-Sayer\/book\/13148996?matches=5\" target=\"_blank\" rel=\"noreferrer noopener\">estim\u00f3<\/a>\u00a0que \u201c<em>m\u00e1s de 35.000 miembros de la polic\u00eda secreta rusa (MVD-MKGB) han sido asesinados por OUN-UPA desde el final de la \u00faltima guerra<\/em>\u201d.\u00a0<\/span><\/p>\n<p style=\"text-align: justify;\"><span style=\"font-size: 14pt;\">La <strong>OTAN<\/strong> estuvo profundamente involucrada en esta guerra anticomunista, como lo demuestra quiz\u00e1s m\u00e1s claramente\u00a0<a href=\"https:\/\/www.youtube.com\/watch?v=Sl1EOWhgHhw\" target=\"_blank\" rel=\"noreferrer noopener\">la Operaci\u00f3n Gladio<\/a>.\u00a0Supervisada por la <strong>CIA<\/strong> y el <strong>MI6<\/strong>, la <strong>OTAN<\/strong> estableci\u00f3 un<strong><em> gran ej\u00e9rcito secreto de militantes entrenados<\/em><\/strong>, muchos de los cuales eran nazis y fascistas bien establecidos.\u00a0Seg\u00fan la\u00a0<strong><a href=\"https:\/\/www.alibris.com\/booksearch?mtype=B&amp;keyword=nato%27s+secret+armies&amp;hs.x=0&amp;hs.y=0\" target=\"_blank\" rel=\"noreferrer noopener\">investigaci\u00f3n oficial del Senado<\/a>\u00a0italiano<\/strong> sobre <strong>Gladio<\/strong>: \u201c<em>Surge sin lugar a dudas que elementos de la CIA iniciaron en la segunda mitad de la d\u00e9cada de 1960 una operaci\u00f3n masiva para contrarrestar por todos los medios la difusi\u00f3n de grupos y movimientos de izquierda a nivel europeo<\/em>\u201d.\u00a0Esto incluy\u00f3 <strong><em>asesinatos selectivos y ataques terroristas de bandera falsa<\/em><\/strong> que fueron atribuidos a los comunistas para aterrorizar a la poblaci\u00f3n civil para que apoyara a los gobiernos de derecha y las incursiones anticomunistas.\u00a0<\/span><\/p>\n<p style=\"text-align: justify;\"><span style=\"font-size: 14pt;\">El <em><strong>Comandante Supremo Aliado en Europa de la OTAN de 1963 a 1969<\/strong><\/em> fue <strong>Lyman Lemnitzer<\/strong>, quien hab\u00eda dado luz verde a la <strong>Operaci\u00f3n Northwoods<\/strong> en <strong>1962<\/strong>. Esta operaci\u00f3n, que nunca se llev\u00f3 a cabo porque el presidente <strong>John F. Kennedy<\/strong> se neg\u00f3 a aprobarla, consisti\u00f3 en planificar atentados terroristas de falsa bandera contra ciudadanos estadounidenses que ser\u00edan atribuidos a Cuba para justificar una invasi\u00f3n militar a la isla.\u00a0<\/span><\/p>\n<p>&nbsp;<\/p>\n<p><img loading=\"lazy\" decoding=\"async\" class=\"aligncenter wp-image-2262000\" src=\"https:\/\/puntocritico.com\/ausajpuntocritico\/wp-content\/uploads\/2022\/11\/USA-Nazi-2-PPAL.jpg\" alt=\"\" width=\"480\" height=\"319\" data-id=\"2262000\" srcset=\"https:\/\/puntocritico.com\/ausajpuntocritico\/wp-content\/uploads\/2022\/11\/USA-Nazi-2-PPAL.jpg 680w, https:\/\/puntocritico.com\/ausajpuntocritico\/wp-content\/uploads\/2022\/11\/USA-Nazi-2-PPAL-300x199.jpg 300w, https:\/\/puntocritico.com\/ausajpuntocritico\/wp-content\/uploads\/2022\/11\/USA-Nazi-2-PPAL-610x405.jpg 610w, https:\/\/puntocritico.com\/ausajpuntocritico\/wp-content\/uploads\/2022\/11\/USA-Nazi-2-PPAL-678x452.jpg 678w\" sizes=\"auto, (max-width: 480px) 100vw, 480px\" \/><\/p>\n<p>&nbsp;<\/p>\n<p style=\"text-align: justify;\"><span style=\"font-size: 14pt;\">El mandato de <strong>Lemnitzer<\/strong> coincidi\u00f3 con el de <strong>Adolf Heusinger<\/strong>, uno de los muchos funcionarios nazis y fascistas de alto rango que se hab\u00edan integrado en las redes militares y de inteligencia estadounidenses.\u00a0<strong>Heusinger<\/strong> se desempe\u00f1\u00f3 como <em><strong>Jefe del Estado Mayor General del Ej\u00e9rcito de Hitler<\/strong><\/em> y luego se convirti\u00f3 en <strong>Presidente del Comit\u00e9 Militar de la OTAN (1961-1964)<\/strong>.\u00a0La <strong>OTAN<\/strong> no se content\u00f3, entonces, con que los nazis hicieran parte de su trabajo sucio reclut\u00e1ndolos en sus ej\u00e9rcitos secretos para llevar a cabo atroces campa\u00f1as terroristas anticomunistas.\u00a0Tambi\u00e9n los integr\u00f3 directamente en su liderazgo, enviando as\u00ed un mensaje claro al mundo sobre su orientaci\u00f3n pol\u00edtica.\u00a0<\/span><\/p>\n<h3><strong>El golpe de Maidan<\/strong><\/h3>\n<p style=\"text-align: justify;\"><span style=\"font-size: 14pt;\">En los a\u00f1os siguientes, <strong><em>Estados Unidos continu\u00f3 trabajando con los fascistas ucranianos<\/em><\/strong> en sus<\/span><\/p>\n<figure id=\"attachment_2261978\" aria-describedby=\"caption-attachment-2261978\" style=\"width: 300px\" class=\"wp-caption alignleft\"><img loading=\"lazy\" decoding=\"async\" class=\"wp-image-2261978 size-medium\" src=\"https:\/\/puntocritico.com\/ausajpuntocritico\/wp-content\/uploads\/2022\/11\/640px-Headquarters_of_the_Euromaidan_revolution-300x225.jpg\" alt=\"\" width=\"300\" height=\"225\" data-id=\"2261978\" srcset=\"https:\/\/puntocritico.com\/ausajpuntocritico\/wp-content\/uploads\/2022\/11\/640px-Headquarters_of_the_Euromaidan_revolution-300x225.jpg 300w, https:\/\/puntocritico.com\/ausajpuntocritico\/wp-content\/uploads\/2022\/11\/640px-Headquarters_of_the_Euromaidan_revolution-610x458.jpg 610w, https:\/\/puntocritico.com\/ausajpuntocritico\/wp-content\/uploads\/2022\/11\/640px-Headquarters_of_the_Euromaidan_revolution-326x245.jpg 326w, https:\/\/puntocritico.com\/ausajpuntocritico\/wp-content\/uploads\/2022\/11\/640px-Headquarters_of_the_Euromaidan_revolution-80x60.jpg 80w, https:\/\/puntocritico.com\/ausajpuntocritico\/wp-content\/uploads\/2022\/11\/640px-Headquarters_of_the_Euromaidan_revolution.jpg 640w\" sizes=\"auto, (max-width: 300px) 100vw, 300px\" \/><figcaption id=\"caption-attachment-2261978\" class=\"wp-caption-text\"><span style=\"color: #008000;\">Retrato de Stepan Bandera fuera de la sede de las protestas de Maidan, 2014. Wikimedia Commons<\/span><\/figcaption><\/figure>\n<p style=\"text-align: justify;\"><span style=\"font-size: 14pt;\">interminables campa\u00f1as de\u00a0<\/span><span style=\"font-size: 14pt;\">desestabilizaci\u00f3n contra la URSS.\u00a0<a href=\"https:\/\/drdannielleblumenthal.wordpress.com\/2022\/03\/19\/the-cia-70-years-in-ukraine-with-douglas-valentine-highlights\/\" target=\"_blank\" rel=\"noreferrer noopener\">Seg\u00fan el especialista de la CIA <strong>Douglas Valentine<\/strong><\/a>, \u201c<em>la CIA ha estado desarrollando activos fascistas en Ucrania durante 70 a\u00f1os<\/em>\u201d.<\/span><\/p>\n<p style=\"text-align: justify;\"><span style=\"font-size: 14pt;\">El <strong>golpe de estado de Maidan a fines de 2013-2014<\/strong>, que fue apoyado abiertamente por las potencias imperiales en los Estados Unidos y\u00a0Europa, se bas\u00f3 en tropas de choque de extrema derecha como la organizaci\u00f3n fascista <strong>Right<\/strong> <strong>Sector<\/strong> y el ultranacionalista <strong>Partido Svoboda<\/strong> para derrocar al gobierno electo. de <strong>Viktor Yanukovych<\/strong>. Tres miembros de <strong>Svoboda<\/strong> se instalaron como miembros del primer gobierno posterior al golpe, y el cofundador de <strong>Svoboda<\/strong>, <strong>Andriy Paruby<\/strong>, fue presidente del parlamento durante cinco a\u00f1os. Aunque desde entonces <strong>Svoboda<\/strong> ha intentado suavizar su imagen nazi, mantiene su sustancia como un partido ultranacionalista y anticomunista que elogia abiertamente al colaborador nazi <strong>Stepan Bandera<\/strong>, el pol\u00edtico y te\u00f3rico del ala militante de la <strong>OUN<\/strong> fascista.\u00a0<\/span><\/p>\n<p>&nbsp;<\/p>\n<blockquote>\n<p style=\"text-align: center;\"><span style=\"color: #008000;\"><strong><span style=\"font-size: 14pt;\">El Batall\u00f3n Azov se form\u00f3 en mayo de 2014 a partir del ultranacionalista Patriota de Ucrania (<em>fundado en 2005<\/em>) y la Asamblea Nacional Social o SNA (fundada en 2008) que es \u00ab<a style=\"color: #008000;\" href=\"https:\/\/www.aljazeera.com\/news\/2022\/3\/1\/who-are-the-azov-regiment\" target=\"_blank\" rel=\"noreferrer noopener\">conocido por haber llevado a cabo ataques contra grupos minoritarios<\/a>\u201d<\/span><\/strong><\/span><\/p>\n<\/blockquote>\n<p>&nbsp;<\/p>\n<p style=\"text-align: justify;\"><span style=\"font-size: 14pt;\">El <strong>Batall\u00f3n Azov<\/strong> se form\u00f3 en mayo de <strong>2014<\/strong> a partir del ultranacionalista <strong>Patriota de Ucrania<\/strong> (<em>fundado en <strong>2005<\/strong><\/em>) y la <strong>Asamblea Nacional Social<\/strong> o <strong>SNA<\/strong> (fundada en <strong>2008<\/strong>) que es \u00ab<a href=\"https:\/\/www.aljazeera.com\/news\/2022\/3\/1\/who-are-the-azov-regiment\" target=\"_blank\" rel=\"noreferrer noopener\">conocido por haber llevado a cabo ataques contra grupos minoritarios\u00bb<\/a>. El <strong>Batall\u00f3n Azov<\/strong>, el <strong>Sector Derecha<\/strong> y <em><strong>otras milicias fascistas<\/strong><\/em> jugaron un papel clave en la consolidaci\u00f3n del poder para el gobierno posterior al golpe de muchas maneras: participar en la violencia callejera contra la izquierda, realizar campa\u00f1as de intimidaci\u00f3n contra los pol\u00edticos que no cooperan, establecer campamentos de adoctrinamiento para ni\u00f1os y j\u00f3venes, y ejerciendo presi\u00f3n sobre el gobierno para que revise el curr\u00edculo educativo, proh\u00edba el idioma ruso y reescriba la historia oficial del estado. Este per\u00edodo posterior al golpe de violencia callejera e intimidaci\u00f3n culmin\u00f3 en lo que algunos han llamado la peor atrocidad nazi desde la Segunda Guerra Mundial, cuando unos 42 izquierdistas perecieron en un infierno provocado por los fascistas en el <em><strong>edificio del sindicato de Odessa<\/strong><\/em>.\u00a0<\/span><\/p>\n<p>&nbsp;<\/p>\n<blockquote>\n<p style=\"text-align: center;\"><span style=\"font-size: 14pt;\"><strong><span style=\"color: #008000;\">el Batall\u00f3n Azov se integr\u00f3 en la Guardia Nacional de Ucrania en 2014, convirti\u00e9ndose formalmente en parte del estado<\/span><\/strong><\/span><\/p>\n<\/blockquote>\n<p>&nbsp;<\/p>\n<p style=\"text-align: justify;\"><span style=\"font-size: 14pt;\">Esta operaci\u00f3n de cambio de r\u00e9gimen respaldada por <strong>Estados Unidos<\/strong> es lo que provoc\u00f3 el estallido de una guerra civil en la regi\u00f3n de <strong>Donbass<\/strong> en el este de Ucrania.\u00a0Cuando los separatistas prorrusos declararon su independencia del gobierno t\u00edtere fascista de Ucrania, no pudo contenerlos.\u00a0As\u00ed se desat\u00f3 el <strong>Batall\u00f3n Azov<\/strong> y <em><strong>otras milicias fascistas<\/strong><\/em> que <em><strong>provocaron la muerte de unas 14.000 personas<\/strong><\/em> (<em>justo antes de la invasi\u00f3n de 2022, Putin reconoci\u00f3 la independencia de las dos regiones del <strong>Donb\u00e1s<\/strong><\/em>).\u00a0<strong>Azov<\/strong> recibi\u00f3 el\u00a0<a href=\"https:\/\/www.opendemocracy.net\/en\/odr\/rise-of-azov\/\" target=\"_blank\" rel=\"noreferrer noopener\">respaldo<\/a>\u00a0del <em>ministro del Interior<\/em> <em>de Ucrania<\/em>, <strong>Arsen Avakov<\/strong>, as\u00ed como\u00a0<a href=\"https:\/\/jacobinmag.com\/2022\/01\/cia-neo-nazi-training-ukraine-russia-putin-biden-nato\" target=\"_blank\" rel=\"noreferrer noopener\">armas y entrenamiento estadounidenses<\/a>.\u00a0Debido a su supuesta eficacia en la lucha contra los separatistas rusos, <strong>el batall\u00f3n se integr\u00f3 en la Guardia Nacional de Ucrania en 2014, convirti\u00e9ndose formalmente en parte del estado<\/strong>.\u00a0<\/span><\/p>\n<p style=\"text-align: justify;\"><span style=\"font-size: 14pt;\">En 2015, la CIA,\u00a0<a href=\"https:\/\/news.yahoo.com\/cia-trained-ukrainian-paramilitaries-may-take-central-role-if-russia-invades-185258008.html\" target=\"_blank\" rel=\"noreferrer noopener\">seg\u00fan cinco ex funcionarios de inteligencia y seguridad nacional<\/a>\u00a0, estableci\u00f3 \u201c<em>un programa secreto de entrenamiento intensivo en los EE. UU. para las fuerzas de operaciones especiales de \u00e9lite ucranianas y otro personal de inteligencia<\/em>\u201d.\u00a0El mismo a\u00f1o, el Congreso de EE. UU. aprob\u00f3\u00a0<a href=\"https:\/\/jacobinmag.com\/2022\/01\/cia-neo-nazi-training-ukraine-russia-putin-biden-nato\" target=\"_blank\" rel=\"noreferrer noopener\">un proyecto de ley de gastos<\/a> que presentaba \u201c<em>cientos de millones de d\u00f3lares en apoyo econ\u00f3mico y militar para Ucrania, uno que se modific\u00f3 expresamente para permitir que ese apoyo fluya hacia la milicia neonazi residente en el pa\u00eds, el Azov. Regimiento<\/em>\u00ab.<\/span><\/p>\n<p style=\"text-align: justify;\"><span style=\"font-size: 14pt;\">Dado que ha habido cierto debate sobre cu\u00e1n <em>nazis<\/em> son los <strong>Azov<\/strong> u <em>otras milicias ultranacionalistas<\/em>, vale la pena se\u00f1alar que la <strong>C\u00e1mara de Representantes de EE . UU.<\/strong>\u00a0<a href=\"https:\/\/orinocotribune.com\/us-congress-admits-nazi-role-in-ukraine\/\" target=\"_blank\" rel=\"noreferrer noopener\">reconoci\u00f3<\/a>\u00a0en <strong>2015<\/strong> que Azov es \u201c<em>neonazi<\/em>\u201d.\u00a0Aunque el batall\u00f3n a veces ha negado que se adhiere a la ideolog\u00eda nazi en su conjunto, \u00bb\u00a0<a href=\"https:\/\/www.aljazeera.com\/news\/2022\/3\/1\/who-are-the-azov-regiment\" target=\"_blank\" rel=\"noreferrer noopener\">s\u00edmbolos nazis<\/a>\u00a0como la esv\u00e1stica y las insignias de las SS abundan en los uniformes y cuerpos de los miembros de Azov\u00bb.\u00a0Sus uniformes llevan el <strong>s\u00edmbolo neonazi Wolfsangel<\/strong>, que parece una esv\u00e1stica negra sobre un fondo amarillo.\u00a0<strong>Andriy Diachenko<\/strong>, el <em>portavoz del regimiento en 2015<\/em>,\u00a0<a href=\"https:\/\/www.usatoday.com\/story\/news\/world\/2015\/03\/10\/ukraine-azov-brigade-nazis-abuses-separatists\/24664937\/\" target=\"_blank\" rel=\"noreferrer noopener\">afirm\u00f3<\/a> que \u201c<strong><em>del 10% al 20% de los miembros del grupo son nazis<\/em><\/strong>\u201d.\u00a0Parece que hizo esta declaraci\u00f3n para minimizar los temores de nazificaci\u00f3n.\u00a0Sin embargo, incluso si los n\u00fameros son tan bajos, necesariamente se deduce que todos los dem\u00e1s miembros del <strong>Batall\u00f3n Azov<\/strong> son colaboradores nazis.\u00a0<\/span><\/p>\n<p style=\"text-align: justify;\"><span style=\"font-size: 14pt;\">Independientemente de si <strong>Azov<\/strong> o batallones similares aceptan o no el 100% de la ideolog\u00eda nazi, es esencial reconocer que su orientaci\u00f3n general es claramente fascista:<em><strong> reciben fondos de elementos reaccionarios de la clase dominante capitalista para dirigir milicias paraestatales violentas<\/strong><\/em>, que en algunos casos se han integrado al estado, que son ultranacionalistas, racistas, pro capitalistas y anticomunistas.\u00a0<strong>Andriy<\/strong> <strong>Biletsky<\/strong> est\u00e1 bien posicionado para comprender su orientaci\u00f3n porque se desempe\u00f1\u00f3 como<strong> l\u00edder del Patriota de Ucrania y la SNA, as\u00ed como del Batall\u00f3n Azov<\/strong>, antes de servir como miembro del <em><strong>Parlamento de Ucrania de 2014 a 2019<\/strong><\/em>.\u00a0En una entrevista\u00a0<a href=\"https:\/\/orinocotribune.com\/us-congress-admits-nazi-role-in-ukraine\/\" target=\"_blank\" rel=\"noreferrer noopener\">explic\u00f3<\/a> su posici\u00f3n de la siguiente manera: \u201c<em>La misi\u00f3n hist\u00f3rica de nuestra naci\u00f3n en este momento cr\u00edtico es liderar a las Razas Blancas del mundo en una cruzada final por su supervivencia.\u00a0Una cruzada contra los Untermenschen dirigidos por los semitas [razas inferiores, seg\u00fan la terminolog\u00eda nazi est\u00e1ndar]<\/em>\u201d.<\/span><\/p>\n<h3><strong>El fascismo hoy en Ucrania<\/strong><\/h3>\n<p style=\"text-align: justify;\"><span style=\"font-size: 14pt;\">En Ucrania hoy en d\u00eda, los elementos fascistas est\u00e1n presentes en la clase dominante capitalista, las organizaciones paramilitares, el ej\u00e9rcito ucraniano, el parlamento y ciertos sectores de la sociedad.\u00a0Si bien ser\u00eda un error suponer que en cada caso son la fuerza dominante, ser\u00eda igualmente err\u00f3neo ignorar su presencia, su amplio alcance y el apoyo que disfrutan del gobierno de <strong>Zelensky<\/strong> y las fuerzas imperialistas fuera del pa\u00eds.\u00a0<\/span><\/p>\n<p style=\"text-align: justify;\"><span style=\"font-size: 14pt;\">En las <strong>elecciones parlamentarias de 2019<\/strong>, <strong>Svoboda<\/strong> form\u00f3 una lista de partidos unidos con otros partidos de extrema derecha: <strong>Right Sector, National Corps y Government Initiative of Yarosh.<\/strong>\u00a0Solo obtuvieron el <em><strong>2,15% de los votos<\/strong><\/em>, sin superar el umbral del 5% para un esca\u00f1o parlamentario.\u00a0En las mismas elecciones, el <strong>partido Siervo del Pueblo de Volodymyr Zelensky<\/strong>, que se postul\u00f3 sobre una plataforma anticorrupci\u00f3n y es descrito como centrista en la prensa convencional, gan\u00f3 124 esca\u00f1os en la lista nacional del partido y 130 esca\u00f1os en los distritos electorales.\u00a0<\/span><\/p>\n<p style=\"text-align: justify;\"><span style=\"font-size: 14pt;\">El partido de <strong>Zelensky<\/strong> lleva el nombre de la exitosa serie de televisi\u00f3n ucraniana hom\u00f3nima que <a href=\"https:\/\/www.politico.eu\/article\/volodomyr-zelenskiy-ihor-kolomoisky-the-comedian-and-the-oligarch-ukraine-presidential-election\/\" target=\"_blank\" rel=\"noreferrer noopener\">apelaba<\/a>\u00a0a los \u00ab<em>ucranianos frustrados con la \u00e9lite olig\u00e1rquica del pa\u00eds y el fracaso en drenar el pantano despu\u00e9s de la revoluci\u00f3n del pa\u00eds en 2014<\/em>\u00ab. En la serie, <strong>Zelensky<\/strong>, un actor y comediante de carrera, interpret\u00f3 el papel de nada menos que el presidente de Ucrania. Su ascenso mete\u00f3rico a la presidencia real se debi\u00f3 en gran parte a su estatus de celebridad como actor famoso, no muy diferente de otros t\u00edteres pol\u00edticos en las democracias burguesas. Adem\u00e1s, recibi\u00f3 una amplia financiaci\u00f3n de un pu\u00f1ado de donantes privados, incluido el m\u00e1s notable del oligarca multimillonario<strong> Ihor Kolomoyskyi<\/strong>, quien fue su\u00a0<a href=\"https:\/\/popularresistance.org\/a-history-of-nato-and-nazis\/\" target=\"_blank\" rel=\"noreferrer noopener\">mayor partidario<\/a> individual.<\/span><\/p>\n<p style=\"text-align: justify;\"><span style=\"font-size: 14pt;\"><strong>Kolomoyskyi<\/strong> posee una participaci\u00f3n accionaria en <strong>1+1 Media Group<\/strong>, cuya estaci\u00f3n de televisi\u00f3n transmiti\u00f3 \u201c<em>Servant of the People<\/em>\u201d, que en retrospectiva se parece mucho a un anuncio de campa\u00f1a extendida.\u00a0Su medio de comunicaci\u00f3n tambi\u00e9n\u00a0<a href=\"https:\/\/www.politico.eu\/article\/volodomyr-zelenskiy-ihor-kolomoisky-the-comedian-and-the-oligarch-ukraine-presidential-election\/\" target=\"_blank\" rel=\"noreferrer noopener\">proporcion\u00f3 seguridad<\/a>\u00a0y respaldo log\u00edstico para la campa\u00f1a pol\u00edtica del actor, tiempo durante el cual viaj\u00f3 14 veces a Ginebra y Tel Aviv, donde tiene su sede <strong>Kolomoyskyi<\/strong>.\u00a0Los <strong>Papeles de Pandora<\/strong>\u00a0<a href=\"https:\/\/www.occrp.org\/en\/the-pandora-papers\/pandora-papers-reveal-offshore-holdings-of-ukrainian-president-and-his-inner-circle\" target=\"_blank\" rel=\"noreferrer noopener\">revelaron<\/a> una telara\u00f1a de redes extraterritoriales y enredos financieros entre <strong>Zelensky<\/strong> y <strong>Kolomoyskyi<\/strong>.\u00a0<\/span><\/p>\n<p style=\"text-align: justify;\"><span style=\"font-size: 14pt;\"><strong>Kolomoyskyi<\/strong> es, adem\u00e1s, uno de los principales financiadores de las milicias ultranacionalistas en el este de Ucrania, incluidos los <strong><em>batallones fascistas <\/em>Azov<\/strong> y <strong>Aidar<\/strong>, que han sido acusados \u200b\u200bde <strong>atroces cr\u00edmenes de guerra<\/strong> en la regi\u00f3n de <strong>Donbas<\/strong> durante los \u00faltimos ocho a\u00f1os.\u00a0Supuestamente tambi\u00e9n\u00a0<a href=\"https:\/\/www.newsweek.com\/evidence-war-crimes-committed-ukrainian-nationalist-volunteers-grows-269604\" target=\"_blank\" rel=\"noreferrer noopener\">financia<\/a>\u00a0\u201c<strong><em>los batallones de voluntarios Donbas, Dnepr 1, Dnepr 2<\/em><\/strong>\u201d.\u00a0Cuando fue <strong>nombrado gobernador<\/strong> de su estado natal de Dnipropetrovsk en marzo de 2014,\u00a0<a href=\"https:\/\/www.politico.eu\/article\/volodomyr-zelenskiy-ihor-kolomoisky-the-comedian-and-the-oligarch-ukraine-presidential-election\/\" target=\"_blank\" rel=\"noreferrer noopener\">jug\u00f3 un papel decisivo<\/a>\u00a0en aplastar el movimiento separatista all\u00ed al \u201c<strong><em>gastar m\u00e1s de $10 millones para crear el &#8216;Batall\u00f3n Dnipro<\/em><\/strong>&#8216;\u201d.\u00a0<\/span><\/p>\n<p style=\"text-align: justify;\"><span style=\"font-size: 14pt;\">En 2015, se\u00a0<a href=\"https:\/\/www.vox.com\/2015\/3\/23\/8279397\/kolomoisky-oligarch-ukraine-militia\" target=\"_blank\" rel=\"noreferrer noopener\">estim\u00f3<\/a>\u00a0que hab\u00eda unas 30 milicias nacionalistas que luchaban contra los separatistas en el este de Ucrania.\u00a0Apoyados financieramente por oligarcas adinerados como <strong>Kolomoyskyi<\/strong> y <strong>Serhiy Taruta<\/strong> <em><strong>(el gobernador multimillonario de la regi\u00f3n de Donetsk que tambi\u00e9n\u00a0<a href=\"https:\/\/www.aljazeera.com\/news\/2022\/3\/1\/who-are-the-azov-regiment\" target=\"_blank\" rel=\"noreferrer noopener\">financi\u00f3<\/a>\u00a0el Batall\u00f3n Azov<\/strong><\/em>), funcionan como una poderosa fuerza paramilitar que complementa al ej\u00e9rcito ucraniano.\u00a0En julio de <strong>2015<\/strong>, Rusia emiti\u00f3 una orden de arresto contra <strong>Kolomoyskyi<\/strong>\u00a0<a href=\"https:\/\/www.newsweek.com\/evidence-war-crimes-committed-ukrainian-nationalist-volunteers-grows-269604\" target=\"_blank\" rel=\"noreferrer noopener\">por<\/a>\u00a0\u201c<em>organizar el asesinato de civiles<\/em>\u201d debido a su apoyo financiero a los militantes.<\/span><\/p>\n<p style=\"text-align: justify;\"><span style=\"font-size: 14pt;\">Lejos de tomar medidas en\u00e9rgicas contra estas milicias ultranacionalistas, muchas de las cuales muestran signos abiertos de nazismo y fascismo, el actor convertido en presidente de <strong>Kolomoyskyi<\/strong> no solo les ha permitido actuar con impunidad, sino que tambi\u00e9n ha tejido una estrecha relaci\u00f3n entre su administraci\u00f3n y fascistas abiertos.\u00a0Por ejemplo, en noviembre de 2021, <strong>Dmytro Yarosh, exl\u00edder de Right Sector<\/strong> y seguidor declarado del colaborador nazi <strong>Bandera<\/strong>,\u00a0<a href=\"https:\/\/www.facebook.com\/dyastrub\/posts\/4533858036691045\" target=\"_blank\" rel=\"noreferrer noopener\">declar\u00f3<\/a>\u00a0que hab\u00eda sido designado <strong><em>asesor del Comandante en Jefe de las Fuerzas Armadas de Ucrania<\/em><\/strong>.\u00a0Poco despu\u00e9s, <strong>Zelensky<\/strong>\u00a0<a href=\"https:\/\/focus.ua\/uk\/politics\/499544-za-lichnoe-muzhestvo-zelenskiy-prisvoil-zvanie-geroya-ukrainy-dobrovolcu-pravo-sektora\" target=\"_blank\" rel=\"noreferrer noopener\">condecor\u00f3<\/a>\u00a0al <strong>comandante del Sector Derecho, Dmytro Kotsyubaylo<\/strong>, con la distinci\u00f3n de \u201c<em>H\u00e9roe de Ucrania<\/em>\u201d.\u00a0El 1 de marzo de este a\u00f1o,\u00a0<a href=\"https:\/\/www.ukrinform.net\/rubric-ato\/3417806-zelensky-replaces-heads-of-odesa-cherkasy-regional-state-administrations.html\" target=\"_blank\" rel=\"noreferrer noopener\">nombr\u00f3<\/a>\u00a0a <strong>Maksym<\/strong> <strong>Marchenko<\/strong>, <em><strong>excomandante del Batall\u00f3n Aidar<\/strong><\/em>, que es <a href=\"https:\/\/www.amnesty.org\/en\/documents\/eur50\/040\/2014\/en\/\" target=\"_blank\" rel=\"noreferrer noopener\">acusado<\/a>\u00a0de cr\u00edmenes de guerra en Donbas, como administrador regional de Odessa.\u00a0Hay muchos otros lazos entre el gobierno y el ej\u00e9rcito ucranianos, por un lado, y estas milicias ultranacionalistas y, a menudo, fascistas, por el otro.<\/span><\/p>\n<p style=\"text-align: justify;\"><span style=\"font-size: 14pt;\"><a href=\"https:\/\/navantigroup.com\/ukraine\/ukraine-decommunization-law\/\" target=\"_blank\" rel=\"noreferrer noopener\">Si bien han estado ocupados empoderando a los fascistas, las autoridades ucranianas tambi\u00e9n despojaron a los partidos comunistas de su derecho a participar en las elecciones de 2015 y emitieron controvertidas leyes<\/a>\u00a0de \u00ab<em>descomunizaci\u00f3n<\/em>\u00ab: \u201c<em>Las leyes proh\u00edben la exhibici\u00f3n de s\u00edmbolos sovi\u00e9ticos y cambian el estado del feriado del 09 de mayo que marca la victoria sovi\u00e9tica sobre la Alemania nazi en la Segunda Guerra Mundial. Las leyes eliminar\u00e1n efectivamente todas las menciones de &#8216;la Gran Guerra Patria&#8217; (un t\u00e9rmino sovi\u00e9tico para Segunda Guerra Mundial) y reemplazarlo por &#8216;Segunda Guerra Mundial&#8217;;\u00a0prohibir la bandera de la victoria sovi\u00e9tica;\u00a0y renombrar calles, plazas e incluso ciudades enteras<\/em>\u201d.\u00a0<\/span><\/p>\n<p style=\"text-align: justify;\"><span style=\"font-size: 14pt;\">Desde entonces, se ha cambiado el nombre de decenas de miles de calles, junto con casi mil ciudades y pueblos.\u00a0Tambi\u00e9n se han retirado m\u00e1s de dos mil estatuas y monumentos en este amplio proyecto cultural anticomunista.\u00a0A pesar de las cr\u00edticas generalizadas, el gobierno actual se ha negado a derogar las leyes.\u00a0<a href=\"https:\/\/peoplesdispatch.org\/2022\/03\/21\/opposition-political-parties-banned-in-ukraine-and-unified-information-policy-imposed\/\" target=\"_blank\" rel=\"noreferrer noopener\">Seg\u00fan <strong>Abdul Rahman<\/strong><\/a>, \u201c<em>La renuencia de <strong>Zelensky<\/strong> a enfrentarse a los grupos de derecha de la misma manera que est\u00e1 atacando a los grupos supuestamente prorrusos es una se\u00f1al de su influencia en la configuraci\u00f3n del discurso pol\u00edtico en el pa\u00eds<\/em>\u201d.<\/span><\/p>\n<p style=\"text-align: justify;\"><span style=\"font-size: 14pt;\">Tambi\u00e9n ha habido una serie de gestos simb\u00f3licos importantes que glorifican a los ultranacionalistas y colaboradores nazis, fomentando as\u00ed una cultura m\u00e1s amplia del fascismo dentro de ciertos sectores de la sociedad ucraniana. <strong>Zelensky<\/strong>\u00a0<a href=\"https:\/\/www.unian.info\/politics\/10521105-zelensky-on-bandera-ukrainians-should-also-praise-modern-day-heroes.html\" target=\"_blank\" rel=\"noreferrer noopener\">afirm\u00f3<\/a>\u00a0en una entrevista, por ejemplo: \u201c<em>Hay h\u00e9roes indiscutibles.\u00a0<strong>Stepan Bandera<\/strong> es un h\u00e9roe para cierta parte de los ucranianos, y esto es algo normal y genial.\u00a0Fue uno de los que defendieron la libertad de Ucrania<\/em>\u201d. <strong>Zelensky<\/strong> tambi\u00e9n defendi\u00f3 p\u00fablicamente al futbolista ucraniano <strong>Roman Zolzulya<\/strong> como un \u201c<em>verdadero patriota<\/em>\u201d cuando fue acusado de ser nazi debido a sus\u00a0<a href=\"https:\/\/twitter.com\/zozulyaroman18\/status\/671675855932891136?ref_src=twsrc%5Etfw%7Ctwcamp%5Etweetembed%7Ctwterm%5E671675855932891136%7Ctwgr%5E%7Ctwcon%5Es1_&amp;ref_url=https%3A%2F%2Fsportsfinding.com%2Fwhy-do-they-call-roman-zozulya-nazi-the-origin-of-his-confrontation-with-the-fans-of-rayo-vallecano%2F3487%2F\" target=\"_blank\" rel=\"noreferrer noopener\">fotos<\/a>\u00a0con el colaborador nazi <strong>Bandera<\/strong> y su\u00a0<a href=\"https:\/\/www.vocativ.com\/falsestart\/414086\/did-espn-let-a-nazi-soccer-player-off-the-hook\/index.html\" target=\"_blank\" rel=\"noreferrer noopener\">apoyo abierto<\/a>\u00a0al <strong>Batall\u00f3n<\/strong> <strong>Azov<\/strong>.\u00a0Adem\u00e1s, el <em>ex primer ministro de <strong>Zelensky<\/strong><\/em>, <em>Oleksiy Honcharuk<\/em>,\u00a0<a href=\"https:\/\/www.timesofisrael.com\/ukrainian-pm-minister-attended-neo-nazi-concert-in-kyiv\/\" target=\"_blank\" rel=\"noreferrer noopener\">apareci\u00f3<\/a> en el escenario de un concierto neonazi organizado por el <strong>movimiento fascista C14<\/strong>.\u00a0<\/span><\/p>\n<p style=\"text-align: justify;\"><span style=\"font-size: 14pt;\"><a href=\"https:\/\/mronline.org\/2021\/12\/24\/protecting-the-nazis-the-extraordinary-vote-of-ukraine-and-the-usa\/\" target=\"_blank\" rel=\"noreferrer noopener\">Quiz\u00e1s no sea sorprendente, entonces, que Ucrania fuera el \u00fanico pa\u00eds, junto con Estados Unidos, que vot\u00f3 en contra del proyecto de resoluci\u00f3n<\/a>\u00a0de la <strong>Asamblea General de la ONU<\/strong>\u00a0\u201cl<em>ucha contra la glorificaci\u00f3n del nazismo, el neonazismo y otras pr\u00e1cticas que contribuyen a alimentar las formas contempor\u00e1neas de racismo, discriminaci\u00f3n racial, xenofobia y formas conexas de intolerancia<\/em>\u201d. Importantes medios de comunicaci\u00f3n han difundido <strong>propaganda nazi<\/strong>, que resuena en toda la cultura en general. En <strong>2014<\/strong>, un periodista ucraniano en <strong>Hromadske TV<\/strong>\u00a0<a href=\"https:\/\/noqreport.com\/2022\/03\/20\/ukrainian-tv-host-quotes-nazi-war-criminal-adolf-eichmann-in-impassioned-call-to-kill-russian-children\/\" target=\"_blank\" rel=\"noreferrer noopener\">llam\u00f3<\/a>\u00a0abiertamente al genocidio en <strong>Donbas<\/strong>, afirmando que \u201c<em>hay una cierta categor\u00eda de personas que deben ser exterminadas<\/em>\u201d.\u00a0<\/span><\/p>\n<p style=\"text-align: justify;\"><span style=\"font-size: 14pt;\">El 13 de marzo de este a\u00f1o, el presentador de televisi\u00f3n ucraniano <strong>Fahruddin Sharafmal<em> emiti\u00f3 un apasionado llamado al genocidio y la matanza de ni\u00f1os rusos<\/em><\/strong> en un programa matutino del Canal 24. Con una fotograf\u00eda del notorio nazi <strong>Adolf Eichman<\/strong> detr\u00e1s de \u00e9l,\u00a0<a href=\"https:\/\/noqreport.com\/2022\/03\/20\/ukrainian-tv-host-quotes-nazi-war-criminal-adolf-eichmann-in-impassioned-call-to-kill-russian-children\/\" target=\"_blank\" rel=\"noreferrer noopener\">dijo<\/a>: \u201c<em>Permito yo mismo para citar a <strong>Adolf Eichmann<\/strong>, quien dijo que para destruir una naci\u00f3n, debes destruir, en primer lugar, a sus ni\u00f1os.\u00a0Porque si matas a sus padres, los ni\u00f1os crecer\u00e1n y se vengar\u00e1n.\u00a0Al matar ni\u00f1os, nunca crecer\u00e1n y la naci\u00f3n desaparecer\u00e1<\/em>\u201d.<\/span><\/p>\n<p style=\"text-align: justify;\"><span style=\"font-size: 14pt;\">\u201c<em>Y cuando tenga la oportunidad de eliminar a los rusos<\/em>\u201d,\u00a0<a href=\"https:\/\/noqreport.com\/2022\/03\/20\/ukrainian-tv-host-quotes-nazi-war-criminal-adolf-eichmann-in-impassioned-call-to-kill-russian-children\/\" target=\"_blank\" rel=\"noreferrer noopener\">continu\u00f3<\/a>, \u201c<em>definitivamente lo har\u00e9.\u00a0Ya que me llama nazi, me adhiero a la doctrina de Adolf Eichmann, y har\u00e9 todo lo que est\u00e9 a mi alcance para asegurar que usted y sus hijos nunca vivan en esta tierra.\u00a0Tienes que entender que se trata de la victoria del pueblo ucraniano, no de la paz.\u00a0Necesitamos la victoria.\u00a0Y si tenemos que masacrar a todas sus familias, ser\u00e9 uno de los primeros en hacerlo<\/em>\u201d.<strong>\u00a0Channel 24<\/strong> es parte del conglomerado de medios <strong>TRK Lux<\/strong> que est\u00e1 controlado por la rica empresaria ucraniana <strong>Kateryna Kit-Sadova<\/strong> y su esposo <strong>Andriy Sadovyi<\/strong> (<em>alcalde de Lviv y exl\u00edder del partido pol\u00edtico Self Reliance<\/em>).<\/span><\/p>\n<p style=\"text-align: justify;\"><span style=\"font-size: 14pt;\"><strong>Zelensky<\/strong> ha utilizado recientemente la invasi\u00f3n rusa como pretexto para <strong><a href=\"https:\/\/theweek.com\/russo-ukrainian-war\/1011528\/zelensky-nationalizes-tv-news-and-restricts-opposition-parties\" target=\"_blank\" rel=\"noreferrer noopener\">prohibir<\/a>\u00a011 partidos pol\u00edticos, incluido el partido de oposici\u00f3n m\u00e1s grande que tiene 43 esca\u00f1os en el parlamento<\/strong>, mientras arresta a los l\u00edderes comunistas.\u00a0Alegando luchar contra la \u201c<em>desinformaci\u00f3n<\/em>\u201d rusa, tambi\u00e9n<strong>\u00a0<a href=\"https:\/\/theweek.com\/russo-ukrainian-war\/1011528\/zelensky-nationalizes-tv-news-and-restricts-opposition-parties\" target=\"_blank\" rel=\"noreferrer noopener\">tom\u00f3 el control<\/a>\u00a0de los medios de comunicaci\u00f3n<\/strong>, imponiendo una pol\u00edtica de informaci\u00f3n centralizada que combina todos los canales de televisi\u00f3n nacionales en \u201c<em>una \u00fanica plataforma de informaci\u00f3n de comunicaci\u00f3n estrat\u00e9gica<\/em>\u201d.\u00a0El <strong>Ministerio de Relaciones Exteriores de Ucrania<\/strong> est\u00e1\u00a0<a href=\"https:\/\/www.mintpressnews.com\/ukraine-propaganda-war-international-pr-firms-dc-lobbyists-cia-cutouts\/280012\/\" target=\"_blank\" rel=\"noreferrer noopener\">trabajando<\/a>\u00a0directamente con una red internacional de empresas de relaciones p\u00fablicas para librar una guerra de informaci\u00f3n y controlar la narrativa.\u00a0Seg\u00fan un\u00a0<a href=\"https:\/\/www-washingtonpost-com.proxy.library.upenn.edu\/national-security\/2022\/03\/16\/ukraine-zelensky-information-war\/\" target=\"_blank\" rel=\"noreferrer noopener\">alto funcionario de la OTAN<\/a>:: \u00ab<em>Son realmente excelentes en stratcom [comunicaci\u00f3n estrat\u00e9gica]: medios, operaciones de informaci\u00f3n y tambi\u00e9n operaciones psicol\u00f3gicas<\/em>\u00ab.\u00a0<\/span><\/p>\n<p style=\"text-align: justify;\"><span style=\"font-size: 14pt;\">La experiencia de <strong>Zelensky<\/strong> como actor de carrera sin duda ha sido una ventaja en estos esfuerzos. Despu\u00e9s de todo, \u00e9l busca representar a su gobierno como libre y democr\u00e1tico, no muy diferente de las potencias imperialistas occidentales con las que est\u00e1 alineado, mientras apoya a las milicias fascistas, recibe fondos de los capitalistas reaccionarios (<em>que tambi\u00e9n financian a los batallones nazis<\/em>), glorifica a los ultranacionalistas y nazis. colaboradores, envalentona una cultura de fascismo, proh\u00edbe los partidos pol\u00edticos y controla estrictamente las noticias y la informaci\u00f3n.\u00a0<\/span><\/p>\n<p>&nbsp;<\/p>\n<figure id=\"attachment_2261979\" aria-describedby=\"caption-attachment-2261979\" style=\"width: 360px\" class=\"wp-caption aligncenter\"><img loading=\"lazy\" decoding=\"async\" class=\"wp-image-2261979\" src=\"https:\/\/puntocritico.com\/ausajpuntocritico\/wp-content\/uploads\/2022\/11\/Emblem_of_the_Azov_Battalion.svg_.png\" alt=\"\" width=\"360\" height=\"473\" data-id=\"2261979\" srcset=\"https:\/\/puntocritico.com\/ausajpuntocritico\/wp-content\/uploads\/2022\/11\/Emblem_of_the_Azov_Battalion.svg_.png 584w, https:\/\/puntocritico.com\/ausajpuntocritico\/wp-content\/uploads\/2022\/11\/Emblem_of_the_Azov_Battalion.svg_-228x300.png 228w\" sizes=\"auto, (max-width: 360px) 100vw, 360px\" \/><figcaption id=\"caption-attachment-2261979\" class=\"wp-caption-text\"><span style=\"color: #008000;\">Emblema del Batall\u00f3n Azov, que incluye los s\u00edmbolos neonazis Wolfsangel y Black Sun<\/span><\/figcaption><\/figure>\n<p>&nbsp;<\/p>\n<h3><strong>La amenaza fascista es internacional<\/strong><\/h3>\n<p style=\"text-align: justify;\"><span style=\"font-size: 14pt;\">Aunque Ucrania podr\u00eda parecerles a algunos en los Estados Unidos o en otros lugares una tierra lejana con poca influencia en el entorno pol\u00edtico inmediato, en realidad es un centro importante para el movimiento fascista global.\u00a0<a href=\"https:\/\/www.aljazeera.com\/news\/2022\/3\/1\/who-are-the-azov-regiment\" target=\"_blank\" rel=\"noreferrer noopener\">Seg\u00fan <strong>Aljazeera<\/strong><\/a>: \u201c<em>El apoyo transnacional a Azov ha sido amplio y Ucrania se ha convertido en un nuevo centro para la extrema derecha en todo el mundo.\u00a0Se ha documentado que hombres de tres continentes se unen a las unidades de entrenamiento de Azov para buscar experiencia en combate y participar en una ideolog\u00eda similar<\/em>\u201d.\u00a0En un\u00a0<a href=\"https:\/\/time.com\/5926750\/azov-far-right-movement-facebook\/\" target=\"_blank\" rel=\"noreferrer noopener\">informe de investigaci\u00f3n<\/a>\u00a0de principios de 2021,\u00a0<strong><em>Time <\/em><\/strong>encontr\u00f3 que \u201c<em>Azov es mucho m\u00e1s que una milicia.\u00a0Tiene su propio partido pol\u00edtico;\u00a0dos editoriales;\u00a0campamentos de verano para ni\u00f1os;\u00a0y una fuerza de vigilancia conocida como la Milicia Nacional, que patrulla las calles de las ciudades ucranianas junto con la polic\u00eda [\u2026] tambi\u00e9n tiene un ala militar con al menos dos bases de entrenamiento y un vasto arsenal de armas, desde drones y veh\u00edculos blindados hasta piezas de artiller\u00eda<\/em>.\u201d <strong>Olena Semenyaka<\/strong>, <strong><em>directora de alcance internacional de Azov<\/em><\/strong>,\u00a0<a href=\"https:\/\/time.com\/5926750\/azov-far-right-movement-facebook\/\" target=\"_blank\" rel=\"noreferrer noopener\">dijo a<\/a>\u00a0los periodistas: \u201c<em>Podr\u00eda describirse como un peque\u00f1o estado dentro de un estado<\/em>\u201d.\u00a0<\/span><\/p>\n<p style=\"text-align: justify;\"><span style=\"font-size: 14pt;\"><strong>Ali Soufan<\/strong> ha\u00a0<a href=\"https:\/\/time.com\/5926750\/azov-far-right-movement-facebook\/\" target=\"_blank\" rel=\"noreferrer noopener\">estimado<\/a>\u00a0que \u201c<em>m\u00e1s de 17.000 combatientes extranjeros han llegado a Ucrania en los \u00faltimos seis a\u00f1os desde 50 pa\u00edses\u201d<\/em>.\u00a0En 2019, los <strong>legisladores estadounidenses<\/strong> escribieron\u00a0<a href=\"https:\/\/time.com\/5926750\/azov-far-right-movement-facebook\/\" target=\"_blank\" rel=\"noreferrer noopener\">una carta<\/a>\u00a0al Departamento de Estado en la que afirmaban que \u201c<em>el v\u00ednculo entre Azov y los actos terroristas en Estados Unidos es claro<\/em>\u201d.\u00a0<a href=\"https:\/\/www.courthousenews.com\/wp-content\/uploads\/2018\/10\/RAM-rioting-Rundo-et-al-COMPLAINT133873.pdf\" target=\"_blank\" rel=\"noreferrer noopener\">Una <strong>declaraci\u00f3n jurada del FBI<\/strong><\/a><strong>\u00a0de 2018<\/strong>\u00a0declar\u00f3 que <strong>Azov<\/strong> \u201c<em>se cree que particip\u00f3 en el entrenamiento y la radicalizaci\u00f3n de organizaciones de supremac\u00eda blanca con sede en los Estados Unidos<\/em>\u201d.\u00a0Esto incluy\u00f3 a miembros del <strong>Movimiento Rise Above de supremac\u00eda blanca<\/strong>, que fueron\u00a0<a href=\"https:\/\/www.mintpressnews.com\/fbi-neo-nazi-militia-trained-by-us-military-in-ukraine-now-training-us-white-supremacists\/251687\/\" target=\"_blank\" rel=\"noreferrer noopener\">acusados<\/a>\u00a0\u200b\u200b\u200b\u200bde haber \u00ab&#8216;<em>atacado y agredido violentamente a contramanifestantes&#8217; en varios eventos nacionalistas blancos y supremacistas blancos en todo Estados Unidos, incluida la manifestaci\u00f3n violenta &#8216;Unir a la derecha&#8217; en Charlottesville<\/em>\u201d.<\/span><\/p>\n<p style=\"text-align: justify;\"><span style=\"font-size: 14pt;\">El nazismo y el fascismo son factores muy reales en Ucrania y han sido ampliamente documentados.\u00a0Reconocer este hecho es esencial para tener una comprensi\u00f3n matizada del conflicto actual, pero no implica en absoluto apoyar la intervenci\u00f3n militar de <strong>Putin<\/strong>, que ha tenido consecuencias terribles para la vida de muchos trabajadores inocentes.\u00a0<\/span><\/p>\n<p style=\"text-align: justify;\"><span style=\"font-size: 14pt;\">Finalmente, no se nos debe pasar por alto que la administraci\u00f3n <strong>Biden<\/strong>, que lleg\u00f3 al poder como un supuesto baluarte contra la propagaci\u00f3n del fascismo en el pa\u00eds, contin\u00faa con la pol\u00edtica estadounidense de apoyar a las fuerzas fascistas en uno de los principales centros del fascismo internacional.\u00a0Esto demuestra claramente que la lucha contra el fascismo nunca puede limitarse a una batalla interna.\u00a0Debe llevarse a cabo siempre en un marco internacionalista y, por tanto, indisolublemente ligado a un antiimperialismo decidido.<\/span><\/p>\n<p>&nbsp;<\/p>\n<p style=\"text-align: right;\"><em>El autor expresa su agradecimiento a <strong>Helmut-Harry Loewen<\/strong> por sus valiosas sugerencias y ayuda para localizar las mejores fuentes sobre el fascismo en Ucrania<\/em>\u00a0.<\/p>\n<p>&nbsp;<\/p>\n<figure id=\"attachment_2246831\" aria-describedby=\"caption-attachment-2246831\" style=\"width: 555px\" class=\"wp-caption aligncenter\"><img loading=\"lazy\" decoding=\"async\" class=\"wp-image-2246831\" src=\"https:\/\/puntocritico.com\/ausajpuntocritico\/wp-content\/uploads\/2022\/05\/colaboracionistas1-kuoE-620x349@abc.jpg\" alt=\"\" width=\"555\" height=\"312\" data-id=\"2246831\" srcset=\"https:\/\/puntocritico.com\/ausajpuntocritico\/wp-content\/uploads\/2022\/05\/colaboracionistas1-kuoE-620x349@abc.jpg 620w, https:\/\/puntocritico.com\/ausajpuntocritico\/wp-content\/uploads\/2022\/05\/colaboracionistas1-kuoE-620x349@abc-300x169.jpg 300w, https:\/\/puntocritico.com\/ausajpuntocritico\/wp-content\/uploads\/2022\/05\/colaboracionistas1-kuoE-620x349@abc-610x343.jpg 610w\" sizes=\"auto, (max-width: 555px) 100vw, 555px\" \/><figcaption id=\"caption-attachment-2246831\" class=\"wp-caption-text\"><span style=\"color: #008000;\">Colaboracionistas ucranianos en la IIGM &#8211; ABC<\/span><\/figcaption><\/figure>\n<p style=\"text-align: center;\"><strong><span style=\"color: #008000; font-size: 18pt;\">*******<\/span><\/strong><\/p>\n<h2 style=\"text-align: center;\">ARCHIVOS FILTRADOS MUESTRAN QUE EL \u201cMINISTERIO DE LA VERDAD\u201d DEL DHS SIGUE VIVO EN SECRETO<\/h2>\n<p>Por KIT KLARENBERG<\/p>\n<p><a href=\"https:\/\/mintpressnews.es\/leaked-files-dhs-disinformation-government-board-secret\/282711\/\" target=\"_blank\" rel=\"noopener\">MintPress News<\/a>, <time class=\"entry-time\" datetime=\"2022-11-14T09:16:14-06:00\">14 NOV 2022<\/time><\/p>\n<p><img loading=\"lazy\" decoding=\"async\" class=\"aligncenter wp-image-2261840 size-mh-magazine-content\" src=\"https:\/\/puntocritico.com\/ausajpuntocritico\/wp-content\/uploads\/2022\/11\/Untitled-design_edited-1-678x381.jpg\" alt=\"\" width=\"678\" height=\"381\" data-id=\"2261840\" srcset=\"https:\/\/puntocritico.com\/ausajpuntocritico\/wp-content\/uploads\/2022\/11\/Untitled-design_edited-1-678x381.jpg 678w, https:\/\/puntocritico.com\/ausajpuntocritico\/wp-content\/uploads\/2022\/11\/Untitled-design_edited-1-300x168.jpg 300w, https:\/\/puntocritico.com\/ausajpuntocritico\/wp-content\/uploads\/2022\/11\/Untitled-design_edited-1-768x430.jpg 768w\" sizes=\"auto, (max-width: 678px) 100vw, 678px\" \/><\/p>\n<p>&nbsp;<\/p>\n<p style=\"text-align: justify;\"><span style=\"font-size: 14pt;\">El 31 de octubre, los periodistas <strong>Lee<\/strong> <strong>Fang<\/strong> y <strong>Ken Klippenstein<\/strong> publicaron una gran cantidad de <a href=\"https:\/\/theintercept.com\/2022\/10\/31\/social-media-disinformation-dhs\/\" target=\"_blank\" rel=\"noopener\" data-schema-attribute=\"\">documentos filtrados<\/a> que exponen c\u00f3mo, en los \u00faltimos a\u00f1os, el deseo y la capacidad del <strong>Departamento de Seguridad Nacional<\/strong> (<strong>DHS<\/strong>, por sus siglas en ingl\u00e9s) de frenar el discurso tanto en el \u00e1mbito en l\u00ednea como fuera de l\u00ednea se ha incrementado significativamente. En el camino, un departamento gubernamental aparentemente fundado para defender a los estadounidenses de la violencia terrorista se ha convertido en la mayor amenaza para la libertad de expresi\u00f3n en los EE.UU.<\/span><\/p>\n<p style=\"text-align: justify;\"><span style=\"font-size: 14pt;\">Estos documentos muestran que los funcionarios en los niveles m\u00e1s altos del Departamento est\u00e1n maniobrando para establecer un dominio absoluto sobre el flujo de informaci\u00f3n en los medios de comunicaci\u00f3n y en las plataformas de redes sociales, mientras cooptan e infiltran de manera encubierta a los grupos de la sociedad civil como \u201c<em>c\u00e1maras de compensaci\u00f3n<\/em>\u201d para el gobierno. propaganda y enga\u00f1ando constantemente a los estadounidenses en cuanto a sus verdaderas intenciones.<\/span><\/p>\n<p style=\"text-align: justify;\"><span style=\"font-size: 14pt;\">Adem\u00e1s, se est\u00e1n preparando para desplegar tecnolog\u00eda invasiva desarrollada por las fuerzas especiales israel\u00edes para espiar las opiniones y declaraciones de los ciudadanos comunes, y es posible que ya lo est\u00e9n haciendo. Con el espectro de la \u00ab<em>desinformaci\u00f3n<\/em>\u00bb que se habla casi a diario como una grave amenaza para la salud y la seguridad p\u00fablicas, y las <a href=\"https:\/\/harpers.org\/archive\/2021\/09\/bad-news-selling-the-story-of-disinformation\/\" target=\"_blank\" rel=\"noopener\">definiciones<\/a> del supuesto fen\u00f3meno cambian constantemente seg\u00fan las necesidades pol\u00edticas, no se sabe qui\u00e9n podr\u00eda ser tildado de enemigo del estado, y sujetos a vigilancia, acoso, censura o algo peor, como resultado de este peligroso cambio.<\/span><\/p>\n<p style=\"text-align: justify;\"><span style=\"font-size: 14pt;\">Los documentos m\u00e1s explosivos se relacionan con la germinaci\u00f3n de la muy controvertida <strong>Junta Gubernamental de Desinformaci\u00f3n<\/strong> (<em><strong>DGB<\/strong>, por sus siglas en ingl\u00e9s<\/em>) <strong>del DHS<\/strong> y su continuaci\u00f3n por otros medios luego del supuesto cierre. El lanzamiento de la Junta en abril de este a\u00f1o fue recibido con mucho alboroto general. Los periodistas corporativos, los expertos de los grupos de expertos y los funcionarios gubernamentales elogiaron la iniciativa como una innovaci\u00f3n revolucionaria en la batalla contra la \u00ab<em>desinformaci\u00f3n<\/em>\u00bb nacional y extranjera, con elogios aduladores reservados para su jefa <strong>Nina Jankowicz<\/strong>, una ex ucraniana de 33 a\u00f1os.<\/span><\/p>\n<p class=\"has-drop-cap\" style=\"text-align: justify;\"><span style=\"font-size: 14pt;\">Sin embargo, la claridad sobre el prop\u00f3sito, las funciones, el presupuesto y los objetivos precisos de la Junta inicialmente no estaba disponible, lo que reforz\u00f3 en gran medida las ansiedades ya amplias de las personas y organizaciones fuera de la burbuja de los medios. Los grupos de derechos humanos y los legisladores disidentes <\/span><a style=\"font-size: 14pt;\" href=\"https:\/\/protectdemocracy.org\/2022\/05\/03\/letter-to-dhs-secretary-alejandro-mayorkas-regarding-disinformation-governance-board\/\" target=\"_blank\" rel=\"noopener\">plantearon<\/a><span style=\"font-size: 14pt;\">\u00a0preocupaciones sustantivas y vitales sobre su constitucionalidad y si servir\u00eda como un mecanismo de censura estatal. Se hicieron\u00a0<\/span><a style=\"font-size: 14pt;\" href=\"https:\/\/www.newsweek.com\/joe-bidens-disinformation-board-likened-orwells-ministry-truth-1702190\" target=\"_blank\" rel=\"noopener\">muchas comparaciones<\/a><span style=\"font-size: 14pt;\">\u00a0con el aterrador <\/span><strong style=\"font-size: 14pt;\">Ministerio de la Verdad de George Orwell<\/strong><span style=\"font-size: 14pt;\">.\u00a0<\/span><\/p>\n<div>\u00a0<\/div>\n<div>\u00a0<\/div>\n<div><img loading=\"lazy\" decoding=\"async\" class=\"aligncenter wp-image-9786\" src=\"https:\/\/puntocritico.com\/ausajpuntocritico\/wp-content\/uploads\/2018\/03\/orwell-y-redes-sociales.jpg\" alt=\"\" width=\"480\" height=\"183\" data-id=\"9786\" srcset=\"https:\/\/puntocritico.com\/ausajpuntocritico\/wp-content\/uploads\/2018\/03\/orwell-y-redes-sociales.jpg 820w, https:\/\/puntocritico.com\/ausajpuntocritico\/wp-content\/uploads\/2018\/03\/orwell-y-redes-sociales-300x114.jpg 300w, https:\/\/puntocritico.com\/ausajpuntocritico\/wp-content\/uploads\/2018\/03\/orwell-y-redes-sociales-768x292.jpg 768w\" sizes=\"auto, (max-width: 480px) 100vw, 480px\" \/><\/div>\n<div>\u00a0<\/div>\n<div>\n<div>\u00a0<\/div>\n<div style=\"text-align: justify;\"><span style=\"font-size: 14pt;\">La\u00a0<a href=\"https:\/\/twitter.com\/wiczipedia\/status\/1300957938555781120\" target=\"_blank\" rel=\"noopener\">vergonzosa historia<\/a>\u00a0de <strong>Jankowicz<\/strong> de difamar a los medios de comunicaci\u00f3n independientes, como\u00a0<i>The Grayzone<\/i>, como \u00ab<em>desinformaci\u00f3n rusa<\/em>\u00ab, los\u00a0<a href=\"https:\/\/archive.ph\/SxWeR\" target=\"_blank\" rel=\"noopener\" data-schema-attribute=\"\">ataques enloquecidos contra<\/a> <strong>WikiLeaks<\/strong> y su fundador encarcelado <strong>Julian Assange<\/strong>, la\u00a0<a href=\"https:\/\/www.nationalreview.com\/news\/meet-nina-jankowicz-bidens-new-disinformation-czar\/\" target=\"_blank\" rel=\"noopener\">defensa entusiasta<\/a>\u00a0del <em>expediente fraudulento<\/em><strong>Trump-Rusia<\/strong> y el\u00a0<a href=\"https:\/\/nypost.com\/2022\/04\/28\/wh-pick-for-disinformation-board-spread-hunter-biden-laptop-lie\/\" target=\"_blank\" rel=\"noopener\">apoyo<\/a>\u00a0para suprimir el informe fatal del\u00a0<i>New York Post,<\/i>\u00a0informar sobre los correos electr\u00f3nicos de <strong>Hunter Biden<\/strong>, tambi\u00e9n entreg\u00f3 abundante forraje a los cr\u00edticos.\u00a0<a href=\"https:\/\/www.politico.com\/news\/2022\/05\/01\/mayorkas-defends-dhs-disinformation-board-00029182\" target=\"_blank\" rel=\"noopener\">Las garant\u00edas posteriores<\/a>\u00a0de los funcionarios del <strong>DHS<\/strong> de que la <strong>Junta<\/strong> no tendr\u00eda poderes operativos, sino que simplemente asesorar\u00eda a los departamentos gubernamentales sobre c\u00f3mo contrarrestar la desinformaci\u00f3n, no hicieron nada para calmar la inquietud.\u00a0<\/span><span style=\"font-size: 14pt;\">Tal fue el furor, que los funcionarios del Departamento\u00a0<a href=\"https:\/\/nymag.com\/intelligencer\/2022\/05\/poorly-conceived-biden-disinformation-board-put-on-pause.html\" target=\"_blank\" rel=\"noopener\">colocaron<\/a>\u00a0a la <strong>DGB<\/strong> en una \u201c<em>pausa<\/em>\u201d indefinida despu\u00e9s de solo tres semanas, y luego, seg\u00fan los informes,\u00a0<a href=\"https:\/\/www.cnn.com\/2022\/08\/24\/politics\/dhs-disinformation-board-shut-down\/index.html\" target=\"_blank\" rel=\"noopener\">cerr\u00f3 por completo<\/a>\u00a0en agosto. <\/span><\/div>\n<div>\u00a0<\/div>\n<div style=\"text-align: justify;\"><span style=\"font-size: 14pt;\">Los archivos filtrados se burlan de la reiterada insistencia de los funcionarios del <strong>DHS<\/strong> de que la <strong>DGB<\/strong> no ten\u00eda la intenci\u00f3n de dictar activamente lo que es verdadero y falso, o vigilar agresivamente la informaci\u00f3n que los ciudadanos pueden y no pueden recibir, y por qui\u00e9n. Y sugieren fuertemente que el \u201c<em>cierre<\/em>\u201d p\u00fablico de la <strong>DGB<\/strong> fue puro subterfugio.<\/span><\/div>\n<div>\u00a0<\/div>\n<\/div>\n<h3 style=\"text-align: center;\">DHS SE UNE A LA GUERRA DEL FBI CONTRA LOS \u00abDATOS SUBVERSIVOS\u00bb<\/h3>\n<p style=\"text-align: justify;\"><span style=\"font-size: 14pt;\">Entre los documentos se encuentran las\u00a0<a href=\"https:\/\/www.documentcloud.org\/documents\/23129257-030122-cisameeting\" target=\"_blank\" rel=\"noopener\">actas<\/a> de una reuni\u00f3n del 1 de marzo del <strong>Comit\u00e9 Asesor de Ciberseguridad de la Agencia de Seguridad de Infraestructura y Ciberseguridad (CISA) del DHS<\/strong>, que <em>tiene el control general de la pol\u00edtica de desinformaci\u00f3n dentro del Departamento<\/em>. <\/span><\/p>\n<p style=\"text-align: justify;\"><span style=\"font-size: 14pt;\">El Comit\u00e9 est\u00e1 compuesto por funcionarios de numerosas agencias gubernamentales y contratistas, principalmente en el \u00e1mbito tecnol\u00f3gico, as\u00ed como por actores de la sociedad civil. En ese momento, esto inclu\u00eda al<em> jefe de pol\u00edtica legal, confianza y seguridad de <strong>Twitter<\/strong><\/em>, <strong>Vijaya Gadde<\/strong>, la <em>profesora de la Universidad de Washington<\/em>, <strong>Kate<\/strong> <strong>Starbird<\/strong>, y un ejecutivo de <strong>JP Morgan<\/strong> cuyo nombre ha sido redactado. <\/span><\/p>\n<p style=\"text-align: justify;\"><span style=\"font-size: 14pt;\">El <strong>Comit\u00e9<\/strong> se reuni\u00f3 para recibir informaci\u00f3n de la <em><strong>jefa del Grupo de Trabajo sobre Influencia Extranjera del FBI<\/strong><\/em>, <strong>Laura Dehmlow<\/strong>, \u201cs<em>obre las funciones y responsabilidades del FBI en la lucha contra la influencia extranjera<\/em>\u201d, antes de la formaci\u00f3n de la <strong>DGB<\/strong> ocho semanas despu\u00e9s. <\/span><\/p>\n<p style=\"text-align: justify;\"><span style=\"font-size: 14pt;\">Las <strong>actas<\/strong> hablan de una determinaci\u00f3n por parte de los asistentes de expandir significativamente la escala y la influencia de los esfuerzos de <strong><em>contradesinformaci\u00f3n<\/em><\/strong> del <strong>DHS<\/strong>, con casi todos los representantes haciendo una contribuci\u00f3n activa a las discusiones en alg\u00fan momento. <strong>Dehmlow<\/strong> inici\u00f3 los procedimientos explicando el trabajo de su grupo de trabajo, que se estableci\u00f3 en <strong>2016<\/strong> para contrarrestar la \u00ab<em>influencia rusa<\/em>\u00bb en las elecciones presidenciales de ese a\u00f1o.\u00a0<\/span><\/p>\n<p>&nbsp;<\/p>\n<figure id=\"attachment_2261839\" aria-describedby=\"caption-attachment-2261839\" style=\"width: 600px\" class=\"wp-caption aligncenter\"><img loading=\"lazy\" decoding=\"async\" class=\"wp-image-2261839\" src=\"https:\/\/puntocritico.com\/ausajpuntocritico\/wp-content\/uploads\/2022\/11\/Screenshot-100_edited-e1668434993810.jpg\" alt=\"\" width=\"600\" height=\"802\" data-id=\"2261839\" srcset=\"https:\/\/puntocritico.com\/ausajpuntocritico\/wp-content\/uploads\/2022\/11\/Screenshot-100_edited-e1668434993810.jpg 800w, https:\/\/puntocritico.com\/ausajpuntocritico\/wp-content\/uploads\/2022\/11\/Screenshot-100_edited-e1668434993810-225x300.jpg 225w, https:\/\/puntocritico.com\/ausajpuntocritico\/wp-content\/uploads\/2022\/11\/Screenshot-100_edited-e1668434993810-766x1024.jpg 766w, https:\/\/puntocritico.com\/ausajpuntocritico\/wp-content\/uploads\/2022\/11\/Screenshot-100_edited-e1668434993810-768x1026.jpg 768w, https:\/\/puntocritico.com\/ausajpuntocritico\/wp-content\/uploads\/2022\/11\/Screenshot-100_edited-e1668434993810-610x815.jpg 610w\" sizes=\"auto, (max-width: 600px) 100vw, 600px\" \/><figcaption id=\"caption-attachment-2261839\" class=\"wp-caption-text\"><span style=\"color: #008000;\">\u00a0Actas filtradas de una Agencia de Seguridad de Infraestructura y Ciberseguridad del DHS del 1 de marzo, hablan de \u00abInformaci\u00f3n maligna\u201d, que se define como \u201cdatos subversivos utilizados para abrir una brecha entre la poblaci\u00f3n y el gobierno\u201d.<\/span><\/figcaption><\/figure>\n<p>&nbsp;<\/p>\n<p style=\"text-align: justify;\"><span style=\"font-size: 14pt;\">\u00a0<strong>Actas<\/strong> filtradas de una<strong> Agencia de Seguridad de Infraestructura y Ciberseguridad del DHS<\/strong> del 1 de marzo, hablan de \u00ab<em><strong>Informaci\u00f3n maligna<\/strong><\/em>\u201d, que se define como \u201c<em>datos subversivos utilizados para abrir una brecha entre la poblaci\u00f3n y el gobierno<\/em>\u201d. <\/span><\/p>\n<p style=\"text-align: justify;\"><span style=\"font-size: 14pt;\">Este es probablemente un eufemismo para cualquier informaci\u00f3n que pueda inspirar desconfianza en el imperio estadounidense entre sus ciudadanos en casa. <strong>Dehmlow<\/strong> agreg\u00f3 que su unidad \u00ab<em>no realiza an\u00e1lisis narrativos o basados en el contenido<\/em>\u00ab, lo que llev\u00f3 a un participante (<em>nombre redactado<\/em>) a sugerir que <strong>CISA<\/strong> \u00ab<em>podr\u00eda tener un papel basado en que el subcomit\u00e9 ayude a definir la narrativa para que se pueda aprovechar todo el enfoque del gobierno<\/em>\u00ab.<\/span><\/p>\n<p style=\"text-align: justify;\"><span style=\"font-size: 14pt;\">Luego sigui\u00f3 una discusi\u00f3n entre los miembros del <strong>Comit\u00e9<\/strong> sobre \u201c<em>compartir informaci\u00f3n organizacional entre el sector p\u00fablico\/privado; c\u00f3mo colaborar entre canales; impulsando la construcci\u00f3n de resiliencia y la educaci\u00f3n<\/em>\u201d sobre la <strong>desinformaci\u00f3n<\/strong>. <\/span><\/p>\n<p style=\"text-align: justify;\"><span style=\"font-size: 14pt;\">Ominosamente, <em>\u00abcuando se le pidi\u00f3 que defina un objetivo<\/em>\u00bb para abordar la desinformaci\u00f3n, <strong>Dehmlow<\/strong> afirm\u00f3: \u00ab<em>necesitamos una infraestructura de medios que rinda cuentas<\/em>\u00ab. Si bien <em>el operativo superior de la Oficina<\/em> reconoci\u00f3 que su <em><strong>Grupo de trabajo<\/strong><\/em> \u00ab<em>se relaciona con los legisladores en el <strong>Capitolio<\/strong> y los socios apropiados para el intercambio de informaci\u00f3n<\/em>\u00ab, no se mencion\u00f3 su papel activo existente en la \u00ab<em>responsabilidad<\/em>\u00bb de las principales plataformas en l\u00ednea. <\/span><\/p>\n<p style=\"text-align: justify;\"><span style=\"font-size: 14pt;\"><strong>Dehmlow<\/strong> es uno de los acusados en una <strong><a href=\"https:\/\/ago.mo.gov\/home\/news\/2022\/05\/05\/missouri-louisiana-ags-file-suit-against-president-biden-top-admin-officials-for-allegedly-colluding-with-social-media-giants-to-censor-and-suppress-free-speech\" target=\"_blank\" rel=\"noopener\">demanda<\/a><\/strong>\u00a0presentada en mayo contra la administraci\u00f3n de <strong>Biden<\/strong> por los <strong><em>fiscales generales de Louisiana y Missouri<\/em><\/strong> por <strong>acusaciones de colusi\u00f3n del gobierno con gigantes tecnol\u00f3gicos para censurar informes de noticias inconvenientes<\/strong>. <\/span><\/p>\n<p style=\"text-align: justify;\"><span style=\"font-size: 14pt;\">Una\u00a0<a href=\"https:\/\/s3.documentcloud.org\/documents\/23129287\/second-amended-complaint-missouri-v-biden.pdf\" target=\"_blank\" rel=\"noopener\">presentaci\u00f3n judicial<\/a> reciente revela que ella estuvo \u00ab<em>involucrada en las comunicaciones entre el <strong>FBI<\/strong> y <strong>Meta<\/strong> que llevaron a la supresi\u00f3n de Facebook de la historia de la computadora port\u00e1til de <strong>Hunter Biden<\/strong><\/em>\u00ab.\u00a0<\/span><\/p>\n<p>&nbsp;<\/p>\n<figure id=\"attachment_2261838\" aria-describedby=\"caption-attachment-2261838\" style=\"width: 678px\" class=\"wp-caption aligncenter\"><img loading=\"lazy\" decoding=\"async\" class=\"wp-image-2261838 size-mh-magazine-content\" src=\"https:\/\/puntocritico.com\/ausajpuntocritico\/wp-content\/uploads\/2022\/11\/1665516473447_edited-678x381.webp\" alt=\"\" width=\"678\" height=\"381\" data-id=\"2261838\" \/><figcaption id=\"caption-attachment-2261838\" class=\"wp-caption-text\"><span style=\"color: #008000;\">La jefa del Grupo de Trabajo de Influencia Extranjera del FBI, Laura Dehmlow, a la derecha<\/span><\/figcaption><\/figure>\n<p>&nbsp;<\/p>\n<p style=\"text-align: justify;\"><span style=\"font-size: 14pt;\">La <em><strong>jefa del Grupo de Trabajo de Influencia Extranjera del FBI<\/strong><\/em>, <strong>Laura <a href=\"https:\/\/www.bbc.com\/news\/world-us-canada-62688532\" target=\"_blank\" rel=\"noopener\">Dehmlow<\/a><\/strong>, a la derecha, habla en una conferencia sobre \u00ab<em>tendencias en amenazas cibern\u00e9ticas y de influencias malignas extranjeras para las elecciones estadounidenses<\/em>\u00ab, de todos y cada uno de los enlaces a art\u00edculos en l\u00ednea sobre -o incluso haciendo referencia a- los <strong><em>contenidos condenatorios de la computadora port\u00e1til<\/em><\/strong>, antes de las elecciones presidenciales de noviembre de 2020. Esto se justific\u00f3 sobre la base fraudulenta de que la historia era una posible operaci\u00f3n de informaci\u00f3n rusa. <\/span><\/p>\n<p style=\"text-align: justify;\"><span style=\"font-size: 14pt;\">Otras partes de la presentaci\u00f3n hacen referencia a c\u00f3mo <strong>Dehmlow<\/strong> tambi\u00e9n estaba \u00edntimamente relacionada con los esfuerzos en curso de su <strong>Grupo de trabajo<\/strong> para <strong>obligar a la \u00ab<em>supresi\u00f3n del discurso relacionado con las elecciones<\/em>\u00bb en otras redes sociales<\/strong>, incluido <em><strong>LinkedIn<\/strong><\/em>, siendo \u00ab<em>incluida de forma rutinaria<\/em>\u00bb en reuniones relacionadas con la \u00ab<em>supresi\u00f3n de las redes sociales<\/em>\u00ab, con los altos mandos de la compa\u00f1\u00eda. <\/span><\/p>\n<p style=\"text-align: justify;\"><span style=\"font-size: 14pt;\">En cualquier caso, al final de la reuni\u00f3n, se pidi\u00f3 a los asistentes \u00ab<em>comentarios adicionales con respecto al camino a seguir del subcomit\u00e9<\/em>\u00ab, lo que condujo a una \u00ab<em>serie de preguntas<\/em>\u00ab, cuyas respuestas se consider\u00f3 que ayudar\u00edan al <strong>DHS<\/strong> a \u00ab<em>avanzar hacia la provisi\u00f3n de se est\u00e1 elaborando un enfoque o recomendaci\u00f3n<\/em>\u201d para tratar la <em>desinformaci\u00f3n<\/em> en conjunto con el <strong>FBI<\/strong>. El principal de ellos: \u00ab<em>\u00bfc\u00f3mo llegamos a empujar el sobre para obtener tracci\u00f3n en esta \u00e1rea?<\/em>\u00ab. <\/span><\/p>\n<p style=\"text-align: justify;\"><span style=\"font-size: 14pt;\">La respuesta a esta pregunta audaz y aspiracional fue marcadamente sencilla. Un participante, nombre redactado, sugiri\u00f3 encontrar una organizaci\u00f3n que \u00ab<em>haya realizado un monitoreo adecuado de las redes sociales para el gobierno<\/em>\u00ab, lo que llev\u00f3 a <strong>Kim Wyman<\/strong> de <strong>CISA<\/strong> a citar un <strong><em>estudio de Stanford<\/em><\/strong> que recomienda a las empresas de redes sociales que no promuevan a los vendedores ambulantes de desinformaci\u00f3n, \u00ab<em>para reducir la promulgaci\u00f3n de informaci\u00f3n<\/em>\u00bb de esta gente. <\/span><\/p>\n<p style=\"text-align: justify;\"><span style=\"font-size: 14pt;\">Como resultado, <strong>Gadde<\/strong> revel\u00f3 amablemente que <strong>Twitter<\/strong> operaba un \u00ab<em>sistema de tres golpes<\/em>\u00bb para \u00ab<em>desamplificar<\/em>\u00bb a esos \u00ab<em>malos actores<\/em>\u00ab. En resumen, la gran visi\u00f3n del <strong>subcomit\u00e9<\/strong> para empujar los sobres y obtener tracci\u00f3n fue simplemente i<strong>dentificar a los usuarios de las redes sociales que compart\u00edan las cosas \u00ab<em>incorrectas<\/em>\u00bb a trav\u00e9s de un tercero, y luego denunciar las cuentas infractoras hasta que finalmente fueron prohibidas o suspendidas permanentemente<\/strong>.<\/span><\/p>\n<p style=\"text-align: justify;\"><span style=\"font-size: 14pt;\"><strong>Gadde<\/strong> fue uno de los muchos empleados de <strong>Twitter<\/strong>\u00a0<a href=\"https:\/\/timesofindia.indiatimes.com\/business\/india-business\/fired-by-elon-musk-parag-agrawal-and-vijaya-gadde-are-said-to-exit-with-big-payouts\/articleshow\/95150997.cms\" target=\"_blank\" rel=\"noopener\">eliminados<\/a>\u00a0por el\u00a0<a href=\"https:\/\/www.mintpressnews.com\/elon-musk-not-renegade-outsider-cia-pentagon-contractor\/280972\/\" target=\"_blank\" rel=\"noopener\">nuevo<\/a>\u00a0propietario de la red social, <strong>Elon Musk<\/strong>, despu\u00e9s de que asumiera el control a finales de octubre. <\/span><\/p>\n<p style=\"text-align: justify;\"><span style=\"font-size: 14pt;\">Se desconoce si su entusiasta colaboraci\u00f3n con <strong>CISA<\/strong> jug\u00f3 alg\u00fan papel en la terminaci\u00f3n de su contrato, o si simplemente fue v\u00edctima de una defenestraci\u00f3n masiva indiscriminada de ejecutivos generosamente remunerados. <\/span><\/p>\n<p style=\"text-align: justify;\"><span style=\"font-size: 14pt;\">No obstante, los archivos filtrados muestran que <strong>Gadde<\/strong> ofreci\u00f3 una gran cantidad de <em><strong>informaci\u00f3n privilegiada confidencial<\/strong><\/em> sobre c\u00f3mo funciona <strong>Twitter<\/strong> con respecto a la \u00ab<em>desinformaci\u00f3n<\/em>\u00ab, lo que ilustra varias formas en que el <strong>DHS<\/strong> podr\u00eda convertir la plataforma en un arma para sus propios fines, mientras presiona por el alcance de la desinformaci\u00f3n del <strong>Departamento<\/strong>, al\u00a0aumentar considerablemente las actividades.<\/span><\/p>\n<p>&nbsp;<\/p>\n<h3 style=\"text-align: center;\">CREACI\u00d3N DE \u201cC\u00c1MARAS DE COMPENSACI\u00d3N\u201d NARRATIVAS ENCUBIERTAS<\/h3>\n<p style=\"text-align: justify;\"><span style=\"font-size: 14pt;\">Las actas de\u00a0<a href=\"https:\/\/s3.documentcloud.org\/documents\/23175380\/dhs-cybersecurity-disinformation-meeting-minutes.pdf\" target=\"_blank\" rel=\"noopener\">las reuniones posteriores<\/a>\u00a0muestran c\u00f3mo CISA salt\u00f3 sobre el lanzamiento de la DGB para ampliar sus propios poderes y alcance, y luego reemplazar el organismo despu\u00e9s de su ignominioso colapso. Inicialmente, se esperaba que el <strong>Comit\u00e9<\/strong> actuara como el ala operativa de la <strong>DGB<\/strong>, haciendo cumplir sus directivas y tomando medidas en\u00e9rgicas contra la difusi\u00f3n de historias y narrativas particulares a trav\u00e9s de intervenciones directas en los medios y las redes sociales. <\/span><\/p>\n<p style=\"text-align: justify;\"><span style=\"font-size: 14pt;\">Varias discusiones a lo largo de abril se centraron en los medios \u00f3ptimos de \u00ab<em>[amplificar] informaci\u00f3n confiable<\/em>\u00bb y sembrar \u00ab<em>contranarrativas<\/em>\u00bb a la \u00ab<em>desinformaci\u00f3n<\/em>\u00bb en los medios, para garantizar que los periodistas cantaran de manera proactiva desde la misma partitura en caso de que surja <strong>informaci\u00f3n o perspectivas que el gobierno desea ocultar o desacreditar<\/strong>. <\/span><\/p>\n<p style=\"text-align: justify;\"><span style=\"font-size: 14pt;\">En todo momento, <strong>Gadde<\/strong> asumi\u00f3 un papel de liderazgo, sugiriendo de diversas formas \u00ab<em>mantener la apertura de recomendaciones amplias con respecto a los medios<\/em>\u00ab, en lugar de \u00ab<em>limitar las recomendaciones solo a las redes sociales<\/em>\u00ab, y considerando cuidadosamente \u00ab<em>cu\u00e1ntas contranarrativas puede emitir una organizaci\u00f3n<\/em>\u00bb por incidente, para no enturbiar demasiado las aguas.\u00a0<\/span><\/p>\n<p>&nbsp;<\/p>\n<figure id=\"attachment_2261837\" aria-describedby=\"caption-attachment-2261837\" style=\"width: 678px\" class=\"wp-caption aligncenter\"><img loading=\"lazy\" decoding=\"async\" class=\"wp-image-2261837 size-mh-magazine-content\" src=\"https:\/\/puntocritico.com\/ausajpuntocritico\/wp-content\/uploads\/2022\/11\/AP20010734965547_edited-678x381.webp\" alt=\"\" width=\"678\" height=\"381\" data-id=\"2261837\" \/><figcaption id=\"caption-attachment-2261837\" class=\"wp-caption-text\"><span style=\"color: #008000;\">Impresiones de publicaciones de Facebook e Instagram que la inteligencia de EE. UU. alega que est\u00e1n vinculadas a campa\u00f1as de desinformaci\u00f3n rusas. Jon Elswick<\/span><\/figcaption><\/figure>\n<p>&nbsp;<\/p>\n<p style=\"text-align: justify;\"><span style=\"font-size: 14pt;\">Tambi\u00e9n revel\u00f3 que <strong>Twitter<\/strong> \u201c<em>eval\u00faa el nivel de da\u00f1o causado en incidentes de desinformaci\u00f3n<\/em>\u201d, aunque no se proporcionaron m\u00e1s aclaraciones, como si esto se comparte o se calcula junto con una entidad externa como el <strong>DHS<\/strong>. <\/span><\/p>\n<p style=\"text-align: justify;\"><span style=\"font-size: 14pt;\">La soluci\u00f3n, propuesta por el <em><strong>director de la Iniciativa de Seguridad Electoral de CISA<\/strong><\/em>, <strong>Geoff Hale<\/strong>, fue subcontratar el trabajo de combatir la desinformaci\u00f3n a recortes, utilizando ONG y organizaciones sin fines de lucro como una \u00ab<em>c\u00e1mara de compensaci\u00f3n<\/em>\u00bb para \u00ab<em>contranarrativas<\/em>\u00ab, a fin de \u00ab<em>evitar la apariencia de propaganda del gobierno<\/em>\u201d. <\/span><\/p>\n<p style=\"text-align: justify;\"><span style=\"font-size: 14pt;\">Otro miembro del <strong>Comit\u00e9<\/strong> (<em>nombre redactado<\/em>) estuvo de acuerdo en que \u00ab<em>designar m\u00faltiples voces como centro de intercambio de informaci\u00f3n para que no haya una sola voz confiable<\/em>\u00bb era ideal, creando as\u00ed la falsa ilusi\u00f3n de unanimidad entre m\u00faltiples fuentes ostensiblemente independientes, cuando el origen \u00faltimo de todos estos \u00ab<em>contrarresta<\/em>&#8211;<em>narrativas<\/em>\u201d fue el <strong>Departamento de Seguridad Nacional<\/strong>. <\/span><\/p>\n<p style=\"text-align: justify;\"><span style=\"font-size: 14pt;\">Otra consideraci\u00f3n fundamental fue la \u201c<em>socializaci\u00f3n previa<\/em>\u201d del trabajo del <strong>Comit\u00e9<\/strong> antes y despu\u00e9s del lanzamiento, y su \u201c<em>socializaci\u00f3n<\/em>\u201d posterior. Esto signific\u00f3 ponerse en contacto con grupos de derechos y legisladores para informarles y familiarizarlos con las actividades del organismo antes de que se hiciera p\u00fablico. Las recomendaciones para llevar a cabo esta ofensiva de relaciones p\u00fablicas se distribuyeron entre el grupo con anticipaci\u00f3n, con especial \u00e9nfasis en c\u00f3mo responder preguntas dif\u00edciles relacionadas con asuntos como \u201c<em>vigilancia y monitoreo<\/em>\u201d de ciudadanos privados en caso de que surjan. <\/span><\/p>\n<p style=\"text-align: justify;\"><span style=\"font-size: 14pt;\">La <strong>DGB<\/strong> puesta en pausa no hizo nada para detener estas iniciativas. De hecho, se aprendieron lecciones de esa debacle, con la lista de entidades que se sumaron al trabajo del <strong>Comit\u00e9<\/strong>, que ahora estar\u00eda operando solo, ampliada para incluir grupos de derechos como <strong>Electronic Freedom Foundation (EFF)<\/strong>. <\/span><\/p>\n<p style=\"text-align: justify;\"><span style=\"font-size: 14pt;\">La <strong>EFF<\/strong> <a href=\"https:\/\/www.documentcloud.org\/documents\/21850086-letter-to-mayorkas-re-disinformation-governance-board_may-3-2022\" target=\"_blank\" rel=\"noopener\">critic\u00f3 de manera destacada a<\/a>\u00a0la Junta y exigi\u00f3 garant\u00edas al secretario de Seguridad Nacional, <strong>Alejandro Mayorkas<\/strong>, de que no controlar\u00e1 el discurso, en l\u00ednea o de otra manera. Otras organizaciones de la sociedad civil en la mira del Comit\u00e9 incluyen el <strong>Centro Brennan para la Justicia<\/strong>. <\/span><\/p>\n<p style=\"text-align: justify;\"><span style=\"font-size: 14pt;\"><strong>Gadde<\/strong> agreg\u00f3 a la lista, nombrando entidades similares con las que <strong>Twitter<\/strong> se hab\u00eda asociado en el pasado, \u00ab<em>en caso de que al grupo le gustar\u00eda comunicarse con otras personas<\/em>\u00ab, informaci\u00f3n ofrecida a pesar de la angustia por sus roles duales. En una reuni\u00f3n, <strong>Gadde<\/strong> comparti\u00f3 una \u00ab<em>comunicaci\u00f3n reciente<\/em>\u00bb que le hab\u00eda enviado a la directora de <strong>CISA<\/strong>, <strong>Jen Easterly<\/strong>, \u00ab<em>sobre su propia participaci\u00f3n en el trabajo del comit\u00e9 dado el momento dif\u00edcil, antes de la temporada electoral<\/em>\u00ab. <\/span><\/p>\n<p style=\"text-align: justify;\"><span style=\"font-size: 14pt;\">No estaba sola; en la misma cumbre, un participante no identificado de manera similar \u201c<em>expres\u00f3 su preocupaci\u00f3n por los esfuerzos del grupo<\/em>\u201d, advirtiendo a los miembros \u201c<em>sobre c\u00f3mo comunicar su trabajo en curso<\/em>\u201d. El 22 de junio, el <strong>Comit\u00e9<\/strong> hab\u00eda preparado un\u00a0<strong><a href=\"https:\/\/s3.documentcloud.org\/documents\/23131362\/june-22-2022-draft-cisa-report.pdf\" target=\"_blank\" rel=\"noopener\">borrador de informe<\/a><\/strong>\u00a0para <strong>Easterly<\/strong> sobre \u00abp<em>roteger la infraestructura cr\u00edtica de la informaci\u00f3n err\u00f3nea y la desinformaci\u00f3n<\/em>\u00ab. <\/span><\/p>\n<p style=\"text-align: justify;\"><span style=\"font-size: 14pt;\">Pidi\u00f3 audazmente que <strong>CISA<\/strong> abordara estos temas con \u201c<em>todo el ecosistema de informaci\u00f3n a la vista, incluidas las plataformas de redes sociales de todos los tama\u00f1os, los principales medios de comunicaci\u00f3n, las noticias por cable, los medios hiperpartidistas, los programas de radio y otros recursos en l\u00ednea<\/em>\u201d. \u201c<em>Donde sea posible<\/em>\u201d, agreg\u00f3, \u00a0\u201c<em>debe proporcionar de manera proactiva recursos informativos, y ayudar a los socios a proporcionar recursos informativos, para abordar las amenazas anticipadas<\/em>\u201d, mientras se involucra tanto en la <strong>\u201c<em>refutaci\u00f3n previa como en la desacreditaci\u00f3n<\/em>\u201d de narrativas no deseadas<\/strong>. \u201c<em>El trabajo proactivo tambi\u00e9n debe incluir la identificaci\u00f3n y el apoyo a fuentes confiables y autorizadas en comunidades espec\u00edficas<\/em>\u201d, propugnaba el documento.<\/span><\/p>\n<p>&nbsp;<\/p>\n<h3 style=\"text-align: center;\">DHS SE ASOCIA CON FIRMA DE INTELIGENCIA PRIVADA ISRAEL\u00cd<\/h3>\n<p style=\"text-align: justify;\"><span style=\"font-size: 14pt;\">Claramente, entonces, las garant\u00edas de los funcionarios del <strong>DHS<\/strong> de que la <strong>DGB<\/strong> no desempe\u00f1ar\u00eda un papel merodeando la esfera en l\u00ednea en busca de individuos pose\u00eddos de un peligroso \u201c<em>pensamiento err\u00f3neo<\/em>\u201d y castig\u00e1ndolos en consecuencia, fueron <strong>mentiras absolutas<\/strong>. <\/span><\/p>\n<p style=\"text-align: justify;\"><span style=\"font-size: 14pt;\">Por lo menos, si bien es posible que la <strong>Junta<\/strong> en s\u00ed misma no haya sido dise\u00f1ada para ejercer eventualmente poderes \u00ab<em>operativos<\/em>\u00ab, su socio <strong>CISA<\/strong> lo fue absolutamente desde el primer d\u00eda. Que los representantes del <strong>Comit\u00e9<\/strong> son muy conscientes de lo profundamente perturbado que estar\u00eda el p\u00fablico en general si se publicitara abiertamente la verdadera naturaleza de su iniciativa, y la urgente necesidad de disfrazar esto como resultado, se subraya claramente en los registros de m\u00faltiples reuniones. <\/span><\/p>\n<p style=\"text-align: justify;\"><span style=\"font-size: 14pt;\">Una y otra vez, por ejemplo, se discute el tema de la \u201c<em>escucha social<\/em>\u201d, recursos que rastrean conversaciones en l\u00ednea en tiempo real. Si bien manifiestamente deseosos de adoptar tales estrategias, lo que resultar\u00eda en la vigilancia estatal directa de las comunicaciones p\u00fablicas y privadas de los ciudadanos, en contra de las firmes y repetidas garant\u00edas del <strong>DHS<\/strong> de que la <strong>DGB<\/strong> no se involucrar\u00eda en tales actividades, los miembros del comit\u00e9 consideraron que era mejor abstenerse de hacer ninguna \u201c<em>recomendaci\u00f3n<\/em>\u201d concreta al respecto. <\/span><\/p>\n<p style=\"text-align: justify;\"><span style=\"font-size: 14pt;\">En un momento, <strong>Gadde<\/strong> incluso \u00ab<em>advirti\u00f3 al grupo que no siguiera ninguna recomendaci\u00f3n de escucha social<\/em>\u00bb en conversaciones formales y privadas con la <em><strong>directora de CISA<\/strong><\/em>, <strong>Jen Easterly<\/strong>, con respecto a las propuestas de lucha contra la desinformaci\u00f3n del grupo.<\/span><\/p>\n<div>\n<div style=\"text-align: justify;\"><span style=\"font-size: 14pt;\">En otra reuni\u00f3n, un miembro del comit\u00e9, nombre redactado, \u201c<em>enfatiz\u00f3 que esta es la recomendaci\u00f3n m\u00e1s delicada y podr\u00eda eclipsar otras recomendaciones planteadas por el comit\u00e9<\/em>\u201d. En cambio, se resolvi\u00f3 involucrar a \u201c<em>un \u00f3rgano de gobierno m\u00e1s amplio como el Congreso<\/em>\u201d antes de ir m\u00e1s all\u00e1. El uso de <em>herramientas de escucha social<\/em> por parte de las agencias de inteligencia nacionales puede ser \u00ab<em>sensible<\/em>\u00ab, pero el <strong>DHS<\/strong> tiene acceso y recientemente implement\u00f3 una tecnolog\u00eda mucho m\u00e1s intrusiva.<\/span><\/div>\n<div>\u00a0<\/div>\n<div style=\"text-align: justify;\"><span style=\"font-size: 14pt;\">A principios de este mes, el <em><strong>senador dem\u00f3crata<\/strong><\/em> <strong>Ron Wyden<\/strong> public\u00f3 un<strong> <a href=\"https:\/\/www.wyden.senate.gov\/imo\/media\/doc\/I&amp;A%20and%20OGC%20Portland%20Reports.pdf\" target=\"_blank\" rel=\"noopener\">informe<\/a>\u00a0interno de la Oficina de An\u00e1lisis de Inteligencia del DHS<\/strong> que mostraba que, en <strong>2020<\/strong>, <strong>el Departamento intent\u00f3 inventar una amenaza terrorista interna de izquierda para ayudar al presidente Trump<\/strong>. <\/span><\/div>\n<div>\u00a0<\/div>\n<div style=\"text-align: justify;\"><span style=\"font-size: 14pt;\">Siguiendo \u00f3rdenes directas de la <strong>Casa<\/strong> <strong>Blanca<\/strong>, el<em><strong> secretario interino de Seguridad Nacional<\/strong><\/em>, <strong>Chad<\/strong> <strong>Wolf<\/strong>, envi\u00f3 a los agentes del <strong>DHS<\/strong> a una b\u00fasqueda para acumular expedientes sobre los residentes de <strong><em>Portland<\/em><\/strong>, <em>Oreg\u00f3n<\/em>, que asistieron a las protestas provocadas por el asesinato policial de <strong>George Floyd<\/strong>. <\/span><\/div>\n<div>\u00a0<\/div>\n<div style=\"text-align: justify;\"><span style=\"font-size: 14pt;\">M\u00e1s all\u00e1 del mero espionaje, <strong>los altos funcionarios ten\u00edan la tarea de vincular a los manifestantes con un complot terrorista imaginario y fabricar evidencia de v\u00ednculos financieros entre manifestantes no conectados bajo custodia policial<\/strong>. <\/span><\/div>\n<div>\u00a0<\/div>\n<div style=\"text-align: justify;\"><span style=\"font-size: 14pt;\">As\u00ed las cosas, el esfuerzo fracas\u00f3 miserablemente, aunque cientos, si no miles, de ciudadanos privados quedaron atrapados en la redada del <strong>DHS<\/strong>. Esto incluy\u00f3 no solo a los manifestantes, sino tambi\u00e9n a sus \u00ab<em>amigos y seguidores\u2026 as\u00ed como a sus intereses<\/em>\u00ab, hasta e incluyendo la <em>\u00abactividad de discurso de la Primera Enmienda<\/em>\u00ab. <\/span><\/div>\n<div>\u00a0<\/div>\n<div style=\"text-align: justify;\"><span style=\"font-size: 14pt;\">Estos expedientes se compilaron utilizando la \u00ab<em>herramienta de agregaci\u00f3n de redes sociales<\/em>\u00bb <strong>Tangles<\/strong>, que fue creada por\u00a0<strong><a href=\"https:\/\/cobwebs.com\/\" target=\"_blank\" rel=\"noopener\">Cobwebs<\/a><\/strong>, una <em><strong>empresa fundada por ex especialistas de la Fuerza de Ocupaci\u00f3n israel\u00ed<\/strong><\/em>\u00a0<a href=\"https:\/\/www.prnewswire.com\/il\/news-releases\/cobwebs-technologies-an-israeli-firm-presents-its-anti-terror-tech-to-high-profile-us-delegation-300882579.html\" target=\"_blank\" rel=\"noopener\">que vende<\/a>\u00a0herramientas de <em>big dat<\/em>a, inteligencia artificial y aprendizaje autom\u00e1tico a agencias de inteligencia y seguridad extranjeras.\u00a0<\/span><\/div>\n<div>\u00a0<\/div>\n<div style=\"text-align: justify;\"><span style=\"font-size: 14pt;\"><a href=\"https:\/\/www.policemag.com\/526446\/cobwebs-technologies-deep-web-detective\" target=\"_blank\" rel=\"noopener\">Ampliamente utilizado<\/a>\u00a0por las fuerzas del orden de los EE. UU., su gerente de ventas,\u00a0<strong><a href=\"https:\/\/www.linkedin.com\/authwall?trk=bf&amp;trkInfo=AQEEpLzCDmHpswAAAYRkjaAQkRyc9N7DL1J8uHKk14Bm4SLV7rF1lQfTGhCs9yMiidK4JhLRTpWCruN61AMujL6laK0s6rdK3mOxalAkewEmHcvpS_3xgHkjds3u2eyFd5HWfwg=&amp;original_referer=&amp;sessionRedirect=https%3A%2F%2Fwww.linkedin.com%2Fin%2Fjohnmichael-o-hare-14915764\" target=\"_blank\" rel=\"noopener\">Johnmichael O&#8217;Hare<\/a><\/strong>, fue anteriormente <em><strong>comandante de la Divisi\u00f3n Antivicio, Inteligencia y Narc\u00f3ticos del Departamento de Polic\u00eda de Hartford, Connecticut.<\/strong><\/em><\/span><\/div>\n<div>\u00a0<\/div>\n<\/div>\n<figure id=\"attachment_2261836\" aria-describedby=\"caption-attachment-2261836\" style=\"width: 678px\" class=\"wp-caption aligncenter\"><img loading=\"lazy\" decoding=\"async\" class=\"wp-image-2261836 size-mh-magazine-content\" src=\"https:\/\/puntocritico.com\/ausajpuntocritico\/wp-content\/uploads\/2022\/11\/AP16144591439422_edited-678x381.webp\" alt=\"\" width=\"678\" height=\"381\" data-id=\"2261836\" \/><figcaption id=\"caption-attachment-2261836\" class=\"wp-caption-text\"><span style=\"color: #008000;\">Johnmichael O&#8217;Hare, a la izquierda, le muestra al gobernador de Connecticut, Dannel P. Malloy, el Centro de inteligencia de datos y delitos en tiempo real del departamento de polic\u00eda en Hartford, Conn. Dave Collins<\/span><\/figcaption><\/figure>\n<p>&nbsp;<\/p>\n<p style=\"text-align: justify;\"><span style=\"font-size: 14pt;\">Evidentemente, <strong>el DHS tiene el poder y la capacidad de espiar y criminalizar a los ciudadanos respetuosos de la ley en un grado mucho mayor de lo que CISA est\u00e1 dispuesto a admitir abiertamente<\/strong>. <\/span><\/p>\n<p style=\"text-align: justify;\"><span style=\"font-size: 14pt;\">Como tal, es razonable preguntarse si la <strong>DGB<\/strong> ten\u00eda la intenci\u00f3n de \u201c<em>socializar<\/em>\u201d p\u00fablicamente lo que su departamento matriz ha estado haciendo clandestinamente durante alg\u00fan tiempo. Los <em><strong>miembros del comit\u00e9<\/strong><\/em> estaban claramente emocionados por c\u00f3mo el lanzamiento de la <strong>Junta<\/strong> centr\u00f3 la atenci\u00f3n general en el tema de la \u00ab<em>desinformaci\u00f3n<\/em>\u00bb y la grave amenaza que supuestamente representa para la seguridad nacional e individual. Una reuni\u00f3n del grupo del 10 de mayo comenz\u00f3 con el <em>l\u00edder senior de seguridad electoral de <strong>CISA<\/strong><\/em>, <strong>Kim Wyman<\/strong>, elogiando c\u00f3mo \u00ab<em>la informaci\u00f3n err\u00f3nea y la desinformaci\u00f3n se elevan a la conciencia nacional debido a esta Junta<\/em>\u00ab. El resto de la reuni\u00f3n se centr\u00f3 abrumadoramente en las formas de comercializar el <strong>Comit\u00e9<\/strong> en consecuencia. <\/span><\/p>\n<p style=\"text-align: justify;\"><span style=\"font-size: 14pt;\">No est\u00e1 claro hasta qu\u00e9 punto han progresado los planes para el control estatal de los espacios democr\u00e1ticos a distancia descritos en el borrador del documento de junio desde su publicaci\u00f3n, pero <strong>la infraestructura que sustenta ese monstruoso esfuerzo est\u00e1 inequ\u00edvocamente bien desarrollada y podr\u00eda activarse en cualquier momento<\/strong>.<\/span><\/p>\n<p style=\"text-align: justify;\"><span style=\"font-size: 14pt;\"><strong> Es muy posible que ya est\u00e9 funcionando, en las sombras<\/strong>. Como tal, incluso si las revelaciones condenatorias de <strong>Fang<\/strong> y <strong>Klippenstein<\/strong> frustran el lanzamiento p\u00fablico planificado del esfuerzo antidesinformaci\u00f3n de <strong>CISA<\/strong>, parece casi inevitable <strong><em>que simplemente se le cambie el nombre una vez m\u00e1s<\/em><\/strong>, y su verdadera naturaleza se oscurezca mejor a trav\u00e9s de una \u00ab<em>socializaci\u00f3n<\/em>\u00bb m\u00e1s efectiva a continuaci\u00f3n.<\/span><\/p>\n<p>&nbsp;<\/p>\n<p style=\"text-align: right;\">Foto destacada | Ilustraci\u00f3n de MintPress News <em><strong>Kit Klarenberg<\/strong>\u00a0es un periodista de investigaci\u00f3n y colaborador de MintPresss News que explora el papel de los servicios de inteligencia en la configuraci\u00f3n de la pol\u00edtica y las percepciones. Su trabajo ha aparecido anteriormente en The Cradle, Declassified UK y Grayzone. S\u00edguelo en Twitter\u00a0<a href=\"https:\/\/twitter.com\/KitKlarenberg\/\" target=\"_blank\" rel=\"noopener\">@KitKlarenberg<\/a>\u00a0.<\/em><\/p>\n<p>&nbsp;<\/p>\n<p><img loading=\"lazy\" decoding=\"async\" class=\"aligncenter size-full wp-image-2262001\" src=\"https:\/\/puntocritico.com\/ausajpuntocritico\/wp-content\/uploads\/2022\/11\/USA-Nazi-1.jpg\" alt=\"\" width=\"346\" height=\"146\" data-id=\"2262001\" srcset=\"https:\/\/puntocritico.com\/ausajpuntocritico\/wp-content\/uploads\/2022\/11\/USA-Nazi-1.jpg 346w, https:\/\/puntocritico.com\/ausajpuntocritico\/wp-content\/uploads\/2022\/11\/USA-Nazi-1-300x127.jpg 300w\" sizes=\"auto, (max-width: 346px) 100vw, 346px\" \/><\/p>\n<p>&nbsp;<\/p>\n<p><a href=\"https:\/\/puntocritico.com\/ausajpuntocritico\/author\/punto-critico\/\"><img loading=\"lazy\" decoding=\"async\" class=\"aligncenter wp-image-9528\" src=\"https:\/\/puntocritico.com\/ausajpuntocritico\/wp-content\/uploads\/2018\/03\/Mosca_Punto_Cr\u00edtico_40.png\" alt=\"\" width=\"80\" height=\"80\" data-id=\"9528\" \/><\/a><\/p>\n<p>&nbsp;<\/p>\n","protected":false},"excerpt":{"rendered":"<div class=\"mh-excerpt\"><p>NAZIS EN UCRANIA &nbsp; Entrenamos a los neonazis en Ucrania, admite ex oficial de EEUU \u00abSoldados estadounidenses y brit\u00e1nicos entrenaron a nazis en Ucrania\u00bb SANA, 13 MARZO 2022 &nbsp; Washington, 13 mar 2022.\u00a0 El ex <a class=\"mh-excerpt-more\" href=\"https:\/\/puntocritico.com\/ausajpuntocritico\/2022\/11\/28\/nazis-en-ucrania-el-ministerio-de-la-verdad\/\" title=\"LA OTAN ADIESTR\u00d3 NAZIS EN UCRANIA: El \u201cMinisterio de la Verdad\u201d de la OTAN. \u00ab\u00bfQuien sembr\u00f3 de Nazis Ucrania, los reg\u00f3, los cuid\u00f3 y est\u00e1 listo para cosechar sus frutos?\u00bb.\">[&#8230;]<\/a><\/p>\n<\/div>","protected":false},"author":3,"featured_media":2262007,"comment_status":"open","ping_status":"closed","sticky":false,"template":"","format":"standard","meta":{"_acf_changed":false,"_exactmetrics_skip_tracking":false,"_exactmetrics_sitenote_active":false,"_exactmetrics_sitenote_note":"","_exactmetrics_sitenote_category":0,"footnotes":""},"categories":[7,12,14],"tags":[48,39],"class_list":{"0":"post-2261833","1":"post","2":"type-post","3":"status-publish","4":"format-standard","5":"has-post-thumbnail","7":"category-politica","8":"category-corrupcion","9":"category-corrupcion_informativa","10":"tag-guerras-hibridas","11":"tag-ucrania"},"acf":[],"_links":{"self":[{"href":"https:\/\/puntocritico.com\/ausajpuntocritico\/wp-json\/wp\/v2\/posts\/2261833","targetHints":{"allow":["GET"]}}],"collection":[{"href":"https:\/\/puntocritico.com\/ausajpuntocritico\/wp-json\/wp\/v2\/posts"}],"about":[{"href":"https:\/\/puntocritico.com\/ausajpuntocritico\/wp-json\/wp\/v2\/types\/post"}],"author":[{"embeddable":true,"href":"https:\/\/puntocritico.com\/ausajpuntocritico\/wp-json\/wp\/v2\/users\/3"}],"replies":[{"embeddable":true,"href":"https:\/\/puntocritico.com\/ausajpuntocritico\/wp-json\/wp\/v2\/comments?post=2261833"}],"version-history":[{"count":0,"href":"https:\/\/puntocritico.com\/ausajpuntocritico\/wp-json\/wp\/v2\/posts\/2261833\/revisions"}],"wp:featuredmedia":[{"embeddable":true,"href":"https:\/\/puntocritico.com\/ausajpuntocritico\/wp-json\/wp\/v2\/media\/2262007"}],"wp:attachment":[{"href":"https:\/\/puntocritico.com\/ausajpuntocritico\/wp-json\/wp\/v2\/media?parent=2261833"}],"wp:term":[{"taxonomy":"category","embeddable":true,"href":"https:\/\/puntocritico.com\/ausajpuntocritico\/wp-json\/wp\/v2\/categories?post=2261833"},{"taxonomy":"post_tag","embeddable":true,"href":"https:\/\/puntocritico.com\/ausajpuntocritico\/wp-json\/wp\/v2\/tags?post=2261833"}],"curies":[{"name":"wp","href":"https:\/\/api.w.org\/{rel}","templated":true}]}}