{"id":2260327,"date":"2022-11-16T00:05:38","date_gmt":"2022-11-15T23:05:38","guid":{"rendered":"https:\/\/puntocritico.com\/ausajpuntocritico\/?p=2260327"},"modified":"2022-11-16T08:41:32","modified_gmt":"2022-11-16T07:41:32","slug":"de-la-otan-a-tiktok","status":"publish","type":"post","link":"https:\/\/puntocritico.com\/ausajpuntocritico\/2022\/11\/16\/de-la-otan-a-tiktok\/","title":{"rendered":"GUERRAS H\u00cdBRIDAS (VII). EL OLEODUCTO DE LA OTAN A TIKTOK: \u00bfPOR QU\u00c9 TIKTOK EMPLEA TANTOS AGENTES DE SEGURIDAD NACIONAL?"},"content":{"rendered":"<div class=\"clear\">\u00a0<\/div>\n<blockquote>\n<div style=\"text-align: center;\"><strong><span style=\"font-size: 14pt; color: #008000;\">Hemos abordado ya, gracias a las documentadas investigaciones de <\/span><span style=\"color: #008000; font-size: 14pt;\">Alan Macleod y MintPress News. <\/span><span style=\"font-size: 14pt; color: #008000;\">la infiltraci\u00f3n de los Servicios de Inteligencia y espionaje Occidentales, m\u00e1s intensa en cuanto a los pa\u00edses anglosajones, relativa a las Redes Sociales de mayor implantaci\u00f3n a nivel mundial, <span style=\"font-size: 18pt;\"><a style=\"color: #008000;\" href=\"https:\/\/puntocritico.com\/ausajpuntocritico\/2022\/07\/21\/armas-hibridas-redes-sociales-la-mediatizacion-del-mal\/\">Facebook<\/a> <\/span>y\u00a0<span style=\"font-size: 18pt;\"><a style=\"color: #008000;\" href=\"https:\/\/puntocritico.com\/ausajpuntocritico\/2022\/07\/11\/desinformacion-como-arma-en-las-guerras-hibridas\/\">Twitter<\/a><\/span>, adem\u00e1s de <span style=\"font-size: 18pt;\"><a style=\"color: #008000;\" href=\"https:\/\/puntocritico.com\/ausajpuntocritico\/2022\/08\/03\/extension-de-la-guerra-hibrida-al-control-social-global\/\">Google<\/a><\/span> y los llamados \u00ab<span style=\"font-size: 18pt;\"><a style=\"color: #008000;\" href=\"https:\/\/puntocritico.com\/ausajpuntocritico\/2022\/08\/08\/el-camino-de-la-desinformacion\/\">Verificadores de Hechos<\/a><\/span>\u00ab, que en realidad son instrumentos -pol\u00edticos- para el establecimiento de la <a href=\"https:\/\/puntocritico.com\/ausajpuntocritico\/2021\/08\/16\/politica-y-desinformacion\/\">CENSURA<\/a> global en una \u00ab<a href=\"https:\/\/puntocritico.com\/ausajpuntocritico\/2022\/07\/23\/la-zona-gris-en-las-guerras-hibridas-conferencia\/\"><span style=\"font-size: 18pt;\">Zona Gris<\/span><\/a>\u00bb que, cabalgando a lomos de la <a href=\"https:\/\/puntocritico.com\/ausajpuntocritico\/2021\/08\/16\/politica-y-desinformacion\/\">Desinformaci\u00f3n<\/a> (<em>cuya peligrosidad nos fue seriamente advertida, ya hace a\u00f1os, por el <\/em><a href=\"https:\/\/puntocritico.com\/ausajpuntocritico\/2017\/02\/16\/michel-chossudovsky-contra-la-desinformacion-pavimentar-la-via-hacia-la-paz-traduccion-completa\/\"><em>profesor Chossudovsky<\/em>)<\/a>, hoy ya <a href=\"https:\/\/puntocritico.com\/ausajpuntocritico\/2022\/09\/25\/narcoestados-el-socialismo-del-siglo-xxi-jorge-cachinero\/\">aspira a abarcar el Mundo<\/a>.<\/span><\/strong><\/div>\n<div>\u00a0<\/div>\n<div style=\"text-align: center;\"><strong><span style=\"font-size: 14pt; color: #008000;\">\u00ab<a href=\"https:\/\/puntocritico.com\/ausajpuntocritico\/2022\/07\/23\/la-zona-gris-en-las-guerras-hibridas-conferencia\/\"><span style=\"font-size: 18pt;\">Zona Gris<\/span><\/a>\u00ab, generada por la \u00ab<a href=\"https:\/\/puntocritico.com\/ausajpuntocritico\/2022\/07\/06\/la-amenaza-hibrida\/\"><span style=\"font-size: 18pt;\">Guerra H\u00edbrida<\/span><\/a>\u00bb en la que, sin ser plenamente conscientes de ello <em>(pese a que representa el fin del Estado de Derecho, de la Democracia y, desde luego, de cualesquiera Derechos Sociales, que dejar\u00e1n de ser Derechos, y pasar\u00e1n -volver\u00e1n- al \u00e1mbito de la Caridad<\/em>), <a href=\"https:\/\/puntocritico.com\/ausajpuntocritico\/2021\/11\/29\/apartheid-sanitario\/\">hace tiempo<\/a> que estamos inmersos.\u00a0<\/span><\/strong><\/div>\n<div style=\"text-align: center;\">\u00a0<\/div>\n<div style=\"text-align: center;\"><strong><span style=\"font-size: 14pt; color: #008000;\">Finalizaremos esa serie de art\u00edculos con esta entrada, dedicada a la Red Social <span style=\"font-size: 18pt;\">TIKTOK<\/span>, infiltrada al mismo nivel -y por los mismos Servicios Secretos Occidentales- que las anteriormente analizadas.<\/span><\/strong><\/div>\n<div>\u00a0<\/div>\n<div style=\"text-align: center;\"><strong><span style=\"font-size: 14pt; color: #008000;\">No debemos pensar solo en los Estados del llamado Occidente. El fen\u00f3meno es verdaderamente global. Todos los Estados se ven obligados a crear -y usar- sus propias Armas H\u00edbridas; de otra manera, quedar\u00edan desprotegidos ante la amenaza h\u00edbrida, esta nueva y perversa forma de Guerra. Que parece ocurrir entre Estados, pero que, en realidad, se libra siempre contra los ciudadanos (<em>no suele llegar a afectar gravemente a los ej\u00e9rcitos convencionales, caso en el que la escalada no ser\u00eda ya Guerra H\u00edbrida, sino Guerra Convencional; incluso Guerra <a href=\"https:\/\/puntocritico.com\/ausajpuntocritico\/2022\/05\/10\/consideraciones-en-torno-al-tratado-de-no-proliferacion-de-armas-nucleares\/\">At\u00f3mica<\/a><\/em>).<\/span><\/strong><\/div>\n<\/blockquote>\n<div>\u00a0<\/div>\n<div><a href=\"https:\/\/puntocritico.com\/ausajpuntocritico\/2022\/05\/10\/consideraciones-en-torno-al-tratado-de-no-proliferacion-de-armas-nucleares\/\"><img loading=\"lazy\" decoding=\"async\" class=\"aligncenter wp-image-2247721\" src=\"https:\/\/puntocritico.com\/ausajpuntocritico\/wp-content\/uploads\/2022\/05\/Selfie-del-fin-del-mundo-PPAL.jpg\" alt=\"\" width=\"480\" height=\"319\" data-id=\"2247721\" srcset=\"https:\/\/puntocritico.com\/ausajpuntocritico\/wp-content\/uploads\/2022\/05\/Selfie-del-fin-del-mundo-PPAL.jpg 680w, https:\/\/puntocritico.com\/ausajpuntocritico\/wp-content\/uploads\/2022\/05\/Selfie-del-fin-del-mundo-PPAL-300x199.jpg 300w, https:\/\/puntocritico.com\/ausajpuntocritico\/wp-content\/uploads\/2022\/05\/Selfie-del-fin-del-mundo-PPAL-610x405.jpg 610w, https:\/\/puntocritico.com\/ausajpuntocritico\/wp-content\/uploads\/2022\/05\/Selfie-del-fin-del-mundo-PPAL-678x452.jpg 678w\" sizes=\"auto, (max-width: 480px) 100vw, 480px\" \/><\/a><\/div>\n<div style=\"text-align: center;\"><strong><span style=\"color: #008000; font-size: 18pt;\">***<\/span><\/strong><\/div>\n<div>\n<h2 style=\"text-align: center;\"><span style=\"font-size: 24pt;\">EL OLEODUCTO DE LA OTAN A TIKTOK: \u00bfPOR QU\u00c9 TIKTOK EMPLEA TANTOS AGENTES DE SEGURIDAD NACIONAL?<\/span><\/h2>\n<p style=\"text-align: justify;\"><span style=\"font-size: 14pt;\">Por Alan Macleod<\/span><\/p>\n<\/div>\n<div style=\"text-align: justify;\"><span style=\"font-size: 14pt;\"><a href=\"https:\/\/www.mintpressnews.com\/nato-tiktok-pipeline-why-tiktok-employing-national-security-agents\/280336\/\" target=\"_blank\" rel=\"noopener\">MintPress New<\/a>s, 29 ABRIL 2022<\/span><\/div>\n<div>\u00a0<\/div>\n<div><img loading=\"lazy\" decoding=\"async\" class=\"aligncenter wp-image-2260976 size-mh-magazine-content\" src=\"https:\/\/puntocritico.com\/ausajpuntocritico\/wp-content\/uploads\/2022\/11\/TikTik-678x381.webp\" alt=\"\" width=\"678\" height=\"381\" data-id=\"2260976\" srcset=\"https:\/\/puntocritico.com\/ausajpuntocritico\/wp-content\/uploads\/2022\/11\/TikTik-678x381.webp 678w, https:\/\/puntocritico.com\/ausajpuntocritico\/wp-content\/uploads\/2022\/11\/TikTik-300x169.webp 300w, https:\/\/puntocritico.com\/ausajpuntocritico\/wp-content\/uploads\/2022\/11\/TikTik-1024x576.webp 1024w, https:\/\/puntocritico.com\/ausajpuntocritico\/wp-content\/uploads\/2022\/11\/TikTik-768x432.webp 768w, https:\/\/puntocritico.com\/ausajpuntocritico\/wp-content\/uploads\/2022\/11\/TikTik-610x343.webp 610w, https:\/\/puntocritico.com\/ausajpuntocritico\/wp-content\/uploads\/2022\/11\/TikTik-1320x742.webp 1320w, https:\/\/puntocritico.com\/ausajpuntocritico\/wp-content\/uploads\/2022\/11\/TikTik.webp 1366w\" sizes=\"auto, (max-width: 678px) 100vw, 678px\" \/><\/div>\n<div>\u00a0<\/div>\n<div>\u00a0<\/div>\n<div style=\"text-align: justify;\"><span style=\"font-size: 14pt;\"><strong>CULVER<\/strong><b><span class=\"drop-cap-word\">CITY, CALIFORNIA \u2013<\/span><\/b>\u00a0A medida que el sangriento conflicto en Ucrania contin\u00faa escalando, tambi\u00e9n lo hace la guerra de propaganda en l\u00ednea entre Rusia y Occidente.\u00a0Un buen ejemplo de esto es que la Casa Blanca informa directamente a personas influyentes en la popular aplicaci\u00f3n de redes sociales <strong>TikTok<\/strong> sobre la guerra y c\u00f3mo cubrirla.\u00a0A medida que la crisis se sale de control, los estadounidenses recurrieron a <strong>TikTok<\/strong> para ver videos en tiempo real y an\u00e1lisis de la invasi\u00f3n.\u00a0Dado que\u00a0<a href=\"https:\/\/wallaroomedia.com\/blog\/social-media\/tiktok-statistics\/\" target=\"_blank\" rel=\"noopener\" data-schema-attribute=\"\">se estima<\/a> que la aplicaci\u00f3n tiene alrededor de 70 millones de usuarios en EE. UU., la Casa Blanca es muy consciente de su impacto. \u00ab<em>Reconocemos que esta es una v\u00eda de importancia cr\u00edtica en la forma en que el p\u00fablico estadounidense se entera de lo \u00faltimo&#8230; por lo que quer\u00edamos asegurarnos de que tuviera la informaci\u00f3n m\u00e1s reciente de una fuente autorizada<\/em>\u00ab, dijo <strong>Rob Flaherty<\/strong>, <em>director de estrategia digital del presidente <\/em><strong>Joe Biden<\/strong>, <a href=\"https:\/\/www.washingtonpost.com\/technology\/2022\/03\/11\/tik-tok-ukraine-white-house\/\" target=\"_blank\" rel=\"noopener\" data-schema-attribute=\"\">le dijo a<\/a>\u00a0los 30 principales <em>influencers<\/em> de <strong>TikTok<\/strong>.<\/span><\/p>\n<p style=\"text-align: justify;\"><span style=\"font-size: 14pt;\">El propio <strong>TikTok<\/strong> ha tomado medidas para alinearse con la pol\u00edtica del gobierno de EE. UU.,\u00a0<a href=\"https:\/\/newsroom.tiktok.com\/en-us\/bringing-more-context-to-content-on-tiktok\" target=\"_blank\" rel=\"noopener\" data-schema-attribute=\"\">eliminando<\/a>\u00a0m\u00e1s de 320 000 cuentas rusas y eliminando al menos 41 000 videos que difunden informaci\u00f3n err\u00f3nea sobre la guerra.\u00a0Adem\u00e1s de esto, coloc\u00f3 etiquetas de advertencia marcadas como \u00ab<em>Medios controlados por el estado de Rusia<\/em>\u00bb en 49 cuentas vinculadas al gobierno ruso.\u00a0Al igual que otras grandes plataformas de redes sociales, no ha hecho lo mismo con los medios estatales occidentales como la\u00a0<a href=\"https:\/\/www.tiktok.com\/@bbcnews?lang=en\" target=\"_blank\" rel=\"noopener\" data-schema-attribute=\"\"><i>BBC<\/i><\/a>\u00a0,\u00a0<a href=\"https:\/\/www.tiktok.com\/@rteone?lang=en\" target=\"_blank\" rel=\"noopener\" data-schema-attribute=\"\"><i>RT\u00c9<\/i><\/a>\u00a0o\u00a0<a href=\"https:\/\/www.tiktok.com\/@cbcmusic?lang=en\" target=\"_blank\" rel=\"noopener\" data-schema-attribute=\"\"><i>CBC<\/i><\/a>\u00a0.<\/span><\/p>\n<\/div>\n<p>&nbsp;<\/p>\n<blockquote>\n<p style=\"text-align: center;\"><strong><span style=\"font-size: 14pt; color: #008000;\">Aunque TikTok es una empresa china, ir\u00f3nicamente, est\u00e1 completamente bloqueada dentro de China, y su mercado nacional est\u00e1 atendido por una aplicaci\u00f3n hermana, Douyin, que funciona de manera similar pero est\u00e1 separada por el\u00a0Gran Cortafuegos<\/span><\/strong><\/p>\n<\/blockquote>\n<p>&nbsp;<\/p>\n<div style=\"text-align: justify;\">\n<p style=\"text-align: justify;\"><span style=\"font-size: 14pt;\">Todo esto est\u00e1 muy lejos de 2020, cuando el presidente <strong>Donald Trump<\/strong> firm\u00f3 una orden que cerrar\u00eda <strong>TikTok<\/strong> en 45 d\u00edas a menos que se vendiera a un comprador estadounidense.\u00a0La plataforma de propiedad china, aleg\u00f3 el gobierno de los EE. UU., representaba una grave amenaza para la seguridad nacional de los Estados Unidos.\u00a0Aunque <strong>TikTok<\/strong> es una empresa china, ir\u00f3nicamente, est\u00e1 completamente bloqueada dentro de China, y su mercado nacional est\u00e1 atendido por una aplicaci\u00f3n hermana, <strong>Douyin<\/strong>, que funciona de manera similar pero est\u00e1 separada por el\u00a0<a href=\"https:\/\/www.politico.com\/news\/magazine\/2020\/09\/01\/china-great-firewall-generation-405385\" target=\"_blank\" rel=\"noopener\" data-schema-attribute=\"\">Gran Cortafuegos<\/a>.\u00a0Por lo tanto, no hay contacto o superposici\u00f3n entre los dos.\u00a0Tras el \u00e9xito de <strong>Douyin<\/strong> en China, su empresa matriz, <strong>ByteDance<\/strong>, lanz\u00f3 una plataforma global.<\/span><\/p>\n<p style=\"text-align: justify;\"><span style=\"font-size: 14pt;\"><strong>ByteDance<\/strong> primero lleg\u00f3 a un\u00a0<a href=\"https:\/\/www.mintpressnews.com\/microsoft-purchase-tiktok-us-tightens-grip-international-media\/269945\/\" target=\"_blank\" rel=\"noopener\">acuerdo<\/a>\u00a0para vender <strong>TikTok<\/strong> a <strong>Microsoft<\/strong>, luego a <strong>Oracle<\/strong> y <strong>Walmart<\/strong>.\u00a0<a href=\"https:\/\/www.wsj.com\/articles\/tiktok-sale-to-oracle-walmart-is-shelved-as-biden-reviews-security-11612958401\" target=\"_blank\" rel=\"noopener\" data-schema-attribute=\"\">Sin embargo, la nueva administraci\u00f3n de <strong>Biden<\/strong>, sin explicaci\u00f3n, elimin\u00f3<\/a>\u00a0silenciosamente\u00a0el requisito de venta indefinidamente a principios de 2021 y dijo en un expediente judicial que hab\u00eda comenzado una revisi\u00f3n de las preocupaciones de seguridad citadas por la administraci\u00f3n de <strong>Trump<\/strong>.<\/span><\/p>\n<p style=\"text-align: justify;\"><span style=\"font-size: 14pt;\">Esa\u00a0<a href=\"https:\/\/www.bbc.co.uk\/news\/technology-58719674\" target=\"_blank\" rel=\"noopener\" data-schema-attribute=\"\">decisi\u00f3n<\/a>\u00a0dej\u00f3 perplejos a compradores y espectadores por igual.\u00a0Sin embargo, estudiar los antecedentes de docenas de empleados clave de <strong>TikTok<\/strong> desde el susto de 2020 sugiere que, en lugar de destruir <strong>TikTok<\/strong>, tal vez el estado de seguridad nacional de EE. UU. lo haya cooptado.<\/span><\/p>\n<p>&nbsp;<\/p>\n<h3 style=\"text-align: center;\"><span style=\"font-size: 18pt;\">RECLUTAS DE ALTO RANGO DE LA OTAN<\/span><\/h3>\n<\/div>\n<p><img loading=\"lazy\" decoding=\"async\" class=\"aligncenter wp-image-2260993\" src=\"https:\/\/puntocritico.com\/ausajpuntocritico\/wp-content\/uploads\/2022\/11\/f.elconfidencial.com_original_d83_d6f_933_d83d6f933a0b391ee2dc46d728c57f7c.jpg\" alt=\"\" width=\"555\" height=\"416\" data-id=\"2260993\" srcset=\"https:\/\/puntocritico.com\/ausajpuntocritico\/wp-content\/uploads\/2022\/11\/f.elconfidencial.com_original_d83_d6f_933_d83d6f933a0b391ee2dc46d728c57f7c.jpg 1200w, https:\/\/puntocritico.com\/ausajpuntocritico\/wp-content\/uploads\/2022\/11\/f.elconfidencial.com_original_d83_d6f_933_d83d6f933a0b391ee2dc46d728c57f7c-300x225.jpg 300w, https:\/\/puntocritico.com\/ausajpuntocritico\/wp-content\/uploads\/2022\/11\/f.elconfidencial.com_original_d83_d6f_933_d83d6f933a0b391ee2dc46d728c57f7c-1024x768.jpg 1024w, https:\/\/puntocritico.com\/ausajpuntocritico\/wp-content\/uploads\/2022\/11\/f.elconfidencial.com_original_d83_d6f_933_d83d6f933a0b391ee2dc46d728c57f7c-768x576.jpg 768w, https:\/\/puntocritico.com\/ausajpuntocritico\/wp-content\/uploads\/2022\/11\/f.elconfidencial.com_original_d83_d6f_933_d83d6f933a0b391ee2dc46d728c57f7c-610x458.jpg 610w, https:\/\/puntocritico.com\/ausajpuntocritico\/wp-content\/uploads\/2022\/11\/f.elconfidencial.com_original_d83_d6f_933_d83d6f933a0b391ee2dc46d728c57f7c-678x509.jpg 678w, https:\/\/puntocritico.com\/ausajpuntocritico\/wp-content\/uploads\/2022\/11\/f.elconfidencial.com_original_d83_d6f_933_d83d6f933a0b391ee2dc46d728c57f7c-326x245.jpg 326w, https:\/\/puntocritico.com\/ausajpuntocritico\/wp-content\/uploads\/2022\/11\/f.elconfidencial.com_original_d83_d6f_933_d83d6f933a0b391ee2dc46d728c57f7c-80x60.jpg 80w\" sizes=\"auto, (max-width: 555px) 100vw, 555px\" \/><\/p>\n<p>&nbsp;<\/p>\n<div style=\"text-align: justify;\">\n<p style=\"text-align: justify;\"><span style=\"font-size: 14pt;\">Desde 2020, ha habido una ola de exesp\u00edas, esp\u00edas y mandarines designados para puestos influyentes dentro de <strong>TikTok<\/strong>, particularmente en torno al contenido y la pol\u00edtica, algunos de los cuales, al menos en el papel, parecen no estar calificados para tales roles.<\/span><\/p>\n<p style=\"text-align: justify;\"><span style=\"font-size: 14pt;\">Por ejemplo, <strong>Alexander Corbeil<\/strong>, al mismo tiempo que es l\u00edder de pol\u00edtica de contenido de <strong>TikTok Canad\u00e1<\/strong>, tambi\u00e9n es\u00a0<a href=\"https:\/\/natoassociation.ca\/about-us\/alexander-corbeil\/\" target=\"_blank\" rel=\"noopener\">vicepresidente<\/a>\u00a0de la Asociaci\u00f3n de la <strong>OTAN<\/strong> de Canad\u00e1, una organizaci\u00f3n\u00a0<a href=\"https:\/\/natoassociation.ca\/partners-sponsors\/\" target=\"_blank\" rel=\"noopener\">financiada por la OTAN<\/a><em>presidida por el exministro de Defensa canadiense<\/em><strong>David<\/strong><strong>Collenette<\/strong>.\u00a0Para unirse a TikTok, <strong>Corbeil<\/strong> dej\u00f3 su trabajo en la <strong>Fundaci\u00f3n SecDev<\/strong>, un grupo de\u00a0expertos en seguridad\u00a0<a href=\"https:\/\/docs.google.com\/file\/d\/0B-szos-lFcMSYmZLaVZXS3R3ZG8\/edit?resourcekey=0-YpytchspE6WGeJZAPVpQVg\" target=\"_blank\" rel=\"noopener\">financiado por el Departamento de Estado de EE. UU.\u00a0<\/a><a href=\"https:\/\/natoassociation.ca\/category\/ncc-authors\/alexandercorbeil\/\" target=\"_blank\" rel=\"noopener\">El trabajo<\/a>\u00a0de <strong>Corbeil<\/strong> se\u00a0centr\u00f3 en la seguridad de Oriente Medio y, en particular, en la guerra de Siria y cu\u00e1l deber\u00eda ser el papel de la <strong>OTAN<\/strong>.<\/span><\/p>\n<p style=\"text-align: justify;\"><span style=\"font-size: 14pt;\">Otro nuevo recluta vinculado a la <strong>OTAN<\/strong> es\u00a0<strong><a class=\"\" href=\"https:\/\/www.linkedin.com\/in\/ayse-k\/\" target=\"_blank\" rel=\"noopener\" data-schema-attribute=\"\">Ayse Ko\u00e7ak<\/a><\/strong>, <em>gerente de Pol\u00edtica de Producto Global<\/em> de la compa\u00f1\u00eda.\u00a0Antes de unirse a <strong>TikTok<\/strong> el a\u00f1o pasado, pas\u00f3 tres a\u00f1os en la <strong>OTAN<\/strong>.\u00a0Al igual que <strong>Corbeil<\/strong>, <strong>Ko\u00e7ak<\/strong> ten\u00eda experiencia especial en pol\u00edtica de Medio Oriente, incluida una gira de un a\u00f1o en Irak como representante civil adjunto de la organizaci\u00f3n.<\/span><\/p>\n<p style=\"text-align: justify;\"><span style=\"font-size: 14pt;\"><a href=\"https:\/\/www.linkedin.com\/in\/foardcopeland\/\" target=\"_blank\" rel=\"noopener\" data-schema-attribute=\"\"><strong>Foard Copeland<\/strong><\/a>, que trabaja en la <em>pol\u00edtica de confianza y seguridad<\/em> de <strong>TikTok<\/strong>, tambi\u00e9n es un ex miembro de la <strong>OTAN<\/strong>.\u00a0<strong>Copeland<\/strong> trabaj\u00f3 anteriormente como\u00a0<a href=\"https:\/\/fdocuments.net\/document\/cfc-complex-coverage-review-26-february-2012.html\" target=\"_blank\" rel=\"noopener\" data-schema-attribute=\"\">oficial de oficina<\/a>\u00a0para la <strong>OTAN<\/strong>, as\u00ed como para el Departamento de Defensa.\u00a0Entre 2011 y 2021, tambi\u00e9n trabaj\u00f3 para el contratista estadounidense <strong>Development Alternatives Incorporated<\/strong> (<strong>DAI<\/strong>), y pas\u00f3 gran parte de ese tiempo en Afganist\u00e1n.\u00a0<strong>DAI<\/strong> ha sido\u00a0<a href=\"https:\/\/venezuelanalysis.com\/analysis\/5000\" target=\"_blank\" rel=\"noopener\" data-schema-attribute=\"\">acusado<\/a>\u00a0durante mucho tiempo de ser un grupo de fachada de la <strong>CIA<\/strong>, quiz\u00e1s con alguna justificaci\u00f3n.\u00a0En 2009, por ejemplo, el <em>agente<\/em> de la <strong>DAI<\/strong><strong>Alan Gross<\/strong> fue arrestado en Cuba y\u00a0<a href=\"https:\/\/thehill.com\/blogs\/pundits-blog\/international\/230794-the-real-story-behind-alan-grosss-work-in-cuba\/\" target=\"_blank\" rel=\"noopener\" data-schema-attribute=\"\">sentenciado<\/a>\u00a0a 15 a\u00f1os de prisi\u00f3n por espionaje, espionaje y su participaci\u00f3n en los esfuerzos para desestabilizar al gobierno.<\/span><\/p>\n<p style=\"text-align: justify;\"><span style=\"font-size: 14pt;\">Quiz\u00e1s el ex alumno de la <strong>OTAN<\/strong> m\u00e1s preocupante, desde una perspectiva p\u00fablica, es el nuevo director de pol\u00edticas de funciones,\u00a0<strong><a href=\"https:\/\/www.linkedin.com\/in\/greg-j-andersen\/?originalSubdomain=ie\" target=\"_blank\" rel=\"noopener\">Greg Andersen<\/a><\/strong>.\u00a0Seg\u00fan su propio <em>perfil<\/em> de <strong>LinkedIn<\/strong>, hasta 2019, <strong>Andersen<\/strong> trabaj\u00f3 en \u201c<em><strong>operaciones psicol\u00f3gicas<\/strong><\/em>\u201d para la <strong>OTAN<\/strong>.\u00a0Este hecho, seg\u00fan el\u00a0colaborador de\u00a0<i>MintPress Lowkey<\/i><a href=\"https:\/\/www.mintpressnews.com\/author\/lowkey\/\" target=\"_blank\" rel=\"noopener\">,<\/a>\u00a0se elimin\u00f3 despu\u00e9s de que su\u00a0<a href=\"https:\/\/twitter.com\/Lowkey0nline\/status\/1502630581775048720\" target=\"_blank\" rel=\"noopener\" data-schema-attribute=\"\">tuit<\/a>\u00a0que planteaba preocupaciones sobre la relaci\u00f3n entre la gran tecnolog\u00eda y el estado de seguridad nacional se volviera viral.\u00a0<strong>Lowkey<\/strong> escribi\u00f3:<\/span><\/p>\n<\/div>\n<div>\u00a0<\/div>\n<div>\u00a0<\/div>\n<div><a href=\"https:\/\/twitter.com\/Lowkey0nline\/status\/1502630581775048720?ref_src=twsrc%5Etfw%7Ctwcamp%5Etweetembed%7Ctwterm%5E1502630581775048720%7Ctwgr%5E0eb2f93d5a31fd9a878d786de9796e4b2b2ad50c%7Ctwcon%5Es1_&amp;ref_url=https%3A%2F%2Fcdn.iframe.ly%2Fapi%2Fiframe%3Fapp%3D1url%3Dhttps3A2F2Ftwitter.com2FLowkey0nline2Fstatus2F1502630581775048720key%3Dbab15327a66f873fa9c0d80b90a8205a\" target=\"_blank\" rel=\"noopener\"><img loading=\"lazy\" decoding=\"async\" class=\"aligncenter wp-image-2260328\" src=\"https:\/\/puntocritico.com\/ausajpuntocritico\/wp-content\/uploads\/2022\/11\/Tuit-Lowkey.jpg\" alt=\"\" width=\"480\" height=\"347\" data-id=\"2260328\" srcset=\"https:\/\/puntocritico.com\/ausajpuntocritico\/wp-content\/uploads\/2022\/11\/Tuit-Lowkey.jpg 687w, https:\/\/puntocritico.com\/ausajpuntocritico\/wp-content\/uploads\/2022\/11\/Tuit-Lowkey-300x217.jpg 300w, https:\/\/puntocritico.com\/ausajpuntocritico\/wp-content\/uploads\/2022\/11\/Tuit-Lowkey-610x440.jpg 610w\" sizes=\"auto, (max-width: 480px) 100vw, 480px\" \/><\/a><\/div>\n<div class=\"site-inner\">\n<div data-js=\"lipe\/project\/templates\/content\/header\/featured-post\">\n<div class=\"aq au\">\n<div class=\"ar\">\u00a0<\/div>\n<div class=\"as content-sidebar-wrap\">\n<div class=\"av\">\n<p style=\"text-align: justify;\"><span style=\"font-size: 14pt;\">El perfil de <strong>Andersen<\/strong> contin\u00faa identific\u00e1ndolo como un ex empleado de la <strong>OTAN<\/strong>, pero no hay ninguna referencia a \u00ab<em>operaciones<\/em> <em>psicol\u00f3gicas<\/em>\u00bb o \u00ab<em>letalidad del sistema de soldados<\/em>\u00ab.\u00a0<strong>Lowkey<\/strong> proporcion\u00f3 a\u00a0<i>MintPress<\/i>\u00a0una <em>captura de pantalla de lo que dijo que era el perfil previo al tweet<\/em> de <strong>Andersen<\/strong>, que se incluye a continuaci\u00f3n.<\/span><\/p>\n<\/div>\n<\/div>\n<\/div>\n<\/div>\n<\/div>\n<p>&nbsp;<\/p>\n<p><img loading=\"lazy\" decoding=\"async\" class=\"aligncenter wp-image-2260329\" src=\"https:\/\/puntocritico.com\/ausajpuntocritico\/wp-content\/uploads\/2022\/11\/Untitled-design-2_edited-2.jpg\" alt=\"DE LA OTAN A TIKTOK\" width=\"360\" height=\"481\" data-id=\"2260329\" srcset=\"https:\/\/puntocritico.com\/ausajpuntocritico\/wp-content\/uploads\/2022\/11\/Untitled-design-2_edited-2.jpg 898w, https:\/\/puntocritico.com\/ausajpuntocritico\/wp-content\/uploads\/2022\/11\/Untitled-design-2_edited-2-225x300.jpg 225w, https:\/\/puntocritico.com\/ausajpuntocritico\/wp-content\/uploads\/2022\/11\/Untitled-design-2_edited-2-766x1024.jpg 766w, https:\/\/puntocritico.com\/ausajpuntocritico\/wp-content\/uploads\/2022\/11\/Untitled-design-2_edited-2-768x1026.jpg 768w, https:\/\/puntocritico.com\/ausajpuntocritico\/wp-content\/uploads\/2022\/11\/Untitled-design-2_edited-2-610x815.jpg 610w\" sizes=\"auto, (max-width: 360px) 100vw, 360px\" \/><\/p>\n<p>&nbsp;<\/p>\n<h3 style=\"text-align: center;\"><span style=\"font-size: 18pt;\">NO SOLO LA OTAN<\/span><\/h3>\n<p><img loading=\"lazy\" decoding=\"async\" class=\"aligncenter wp-image-2260995\" src=\"https:\/\/puntocritico.com\/ausajpuntocritico\/wp-content\/uploads\/2022\/11\/Tiktok-war-scaled.jpg\" alt=\"\" width=\"555\" height=\"370\" data-id=\"2260995\" srcset=\"https:\/\/puntocritico.com\/ausajpuntocritico\/wp-content\/uploads\/2022\/11\/Tiktok-war-scaled.jpg 2560w, https:\/\/puntocritico.com\/ausajpuntocritico\/wp-content\/uploads\/2022\/11\/Tiktok-war-300x200.jpg 300w, https:\/\/puntocritico.com\/ausajpuntocritico\/wp-content\/uploads\/2022\/11\/Tiktok-war-1024x683.jpg 1024w, https:\/\/puntocritico.com\/ausajpuntocritico\/wp-content\/uploads\/2022\/11\/Tiktok-war-768x512.jpg 768w, https:\/\/puntocritico.com\/ausajpuntocritico\/wp-content\/uploads\/2022\/11\/Tiktok-war-1536x1024.jpg 1536w, https:\/\/puntocritico.com\/ausajpuntocritico\/wp-content\/uploads\/2022\/11\/Tiktok-war-2048x1365.jpg 2048w, https:\/\/puntocritico.com\/ausajpuntocritico\/wp-content\/uploads\/2022\/11\/Tiktok-war-610x407.jpg 610w, https:\/\/puntocritico.com\/ausajpuntocritico\/wp-content\/uploads\/2022\/11\/Tiktok-war-1320x880.jpg 1320w\" sizes=\"auto, (max-width: 555px) 100vw, 555px\" \/><\/p>\n<p>&nbsp;<\/p>\n<p style=\"text-align: justify;\"><span style=\"font-size: 14pt;\">La <strong>OTAN<\/strong>, sin embargo, est\u00e1 lejos de ser la \u00fanica organizaci\u00f3n recientemente conectada a <strong>TikTok<\/strong>.\u00a0El nuevo <em>L\u00edder Global de Integridad y Autenticidad<\/em> de la compa\u00f1\u00eda,\u00a0<strong><a href=\"https:\/\/www.linkedin.com\/in\/chris-roberts-0a81a51b\/?trk=nav_responsive_tab_profile\" target=\"_blank\" rel=\"noopener\" data-schema-attribute=\"\">Chris Roberts<\/a><\/strong>, fue <em>director\u00a0<a href=\"https:\/\/www.linkedin.com\/in\/chris-roberts-0a81a51b\/?trk=nav_responsive_tab_profile\" target=\"_blank\" rel=\"noopener\">s\u00e9nior<\/a>\u00a0de Pol\u00edtica Tecnol\u00f3gica<\/em> en <strong>Albright Stonebridge Group<\/strong> (<strong>ASG<\/strong>), una poderosa firma de consultor\u00eda y estrategia iniciada por la difunta <em>Secretaria de Estado<\/em> <strong>Madeleine Albright<\/strong>.\u00a0El <strong>ASG<\/strong> ha sido quiz\u00e1s la principal fuente de personal para la administraci\u00f3n del presidente <strong>Biden<\/strong>, con al menos 10 empleados del <strong>ASG\u00a0<\/strong><a href=\"https:\/\/www.politico.com\/newsletters\/transition-playbook\/2021\/03\/23\/the-blob-abides-492214\" target=\"_blank\" rel=\"noopener\" data-schema-attribute=\"\">designados<\/a>\u00a0para puestos clave en puestos de seguridad nacional, estado y pol\u00edtica exterior.<\/span><\/p>\n<p style=\"text-align: justify;\"><span style=\"font-size: 14pt;\">Antes de <strong>ASG<\/strong>, <strong>Roberts<\/strong> trabaj\u00f3, seg\u00fan sus\u00a0<a href=\"https:\/\/www.linkedin.com\/in\/chris-roberts-0a81a51b\/?trk=nav_responsive_tab_profile\" target=\"_blank\" rel=\"noopener\">propias palabras<\/a>, en \u201c<em>proyectos especiales<\/em>\u201d para el <strong>Instituto Nacional Democr\u00e1tico<\/strong> (<strong>NDI<\/strong>).\u00a0El <strong>NDI<\/strong> fue fundado por la administraci\u00f3n <strong>Reagan<\/strong> despu\u00e9s de que una serie de esc\u00e1ndalos de la <strong>CIA<\/strong> requirieran la creaci\u00f3n de una red de grupos de fachada para calmar a la agencia.\u00a0El <strong>NDI<\/strong> existe para canalizar dinero, capacitaci\u00f3n y apoyo del <em>gobierno de EE. UU<\/em>. a grupos pol\u00edticos y sociales de todo el mundo.\u00a0Esto podr\u00eda describirse caritativamente como \u00ab<em>promoci\u00f3n de la democracia<\/em>\u00ab, aunque los c\u00ednicos podr\u00edan etiquetarlo como \u00ab<em>derrocar gobiernos<\/em>\u00ab.\u00a0<a href=\"https:\/\/www.albrightstonebridge.com\/news\/asg-associate-chris-roberts-interviewed-alma-mater-dickinson-college\" target=\"_blank\" rel=\"noopener\">Como dijo<\/a> el propio <strong>Roberts<\/strong>:\u00a0\u201c<em>La naturaleza de la promoci\u00f3n de la democracia es que los pa\u00edses m\u00e1s importantes para trabajar son tambi\u00e9n aquellos en los que el gobierno puede no querer su &#8216;ayuda<\/em>&#8216;\u201d.<\/span><\/p>\n<p style=\"text-align: justify;\"><span style=\"font-size: 14pt;\">En <strong>TikTok<\/strong>, la funci\u00f3n de <strong>Roberts<\/strong> es \u201c<em>Liderar el equipo de pol\u00edticas de integridad y autenticidad.\u00a0Este equipo cubre la desinformaci\u00f3n, los medios sint\u00e9ticos y manipulados, la actividad de influencia encubierta y el spam y la participaci\u00f3n no aut\u00e9ntica<\/em>\u201d.<\/span><\/p>\n<p style=\"text-align: justify;\"><span style=\"font-size: 14pt;\">Un grupo infame por vender informaci\u00f3n err\u00f3nea y llevar a cabo operaciones encubiertas es la <strong>CIA<\/strong>.\u00a0Sin embargo, en lugar de identificar operaciones, podr\u00edan estar realizando, <strong>TikTok<\/strong> ha contratado a un <em><strong>ex agente<\/strong><\/em> para que ocupe un puesto importante.\u00a0Desde enero,\u00a0<a href=\"https:\/\/twitter.com\/bopatteson\" target=\"_blank\" rel=\"noopener\" data-schema-attribute=\"\"><strong>Beau Patteson<\/strong><\/a><strong>\u00a0<\/strong>ha estado trabajando como <em>analista de amenazas<\/em> para la <em>Divisi\u00f3n de Confianza y Seguridad<\/em> de <strong>TikTok<\/strong>.\u00a0Sin embargo, entre 2017 y 2020, <strong>Patteson<\/strong> fue <em>analista de objetivos<\/em> para la <strong>CIA<\/strong>, luego de lo cual se uni\u00f3 al <em>Departamento de Estado<\/em> para convertirse en <em>oficial del servicio exterior<\/em>.\u00a0Adem\u00e1s de su papel en <strong>TikTok<\/strong>, <strong>Patteson<\/strong> tambi\u00e9n es, seg\u00fan su\u00a0<em><a href=\"https:\/\/www.linkedin.com\/in\/beau-patteson\/?trk=people-guest_people_search-card\" target=\"_blank\" rel=\"noopener\">perfil<\/a> en las redes sociales<\/em>, un <em><strong>oficial de inteligencia militar en el Ej\u00e9rcito de los Estados Unidos<\/strong><\/em>.<\/span><\/p>\n<p>&nbsp;<\/p>\n<p><img loading=\"lazy\" decoding=\"async\" class=\"aligncenter wp-image-2260330\" src=\"https:\/\/puntocritico.com\/ausajpuntocritico\/wp-content\/uploads\/2022\/11\/Untitled-design-1_edited-1.webp\" alt=\"DE LA OTAN A TIKTOK\" width=\"360\" height=\"473\" data-id=\"2260330\" srcset=\"https:\/\/puntocritico.com\/ausajpuntocritico\/wp-content\/uploads\/2022\/11\/Untitled-design-1_edited-1.webp 914w, https:\/\/puntocritico.com\/ausajpuntocritico\/wp-content\/uploads\/2022\/11\/Untitled-design-1_edited-1-229x300.webp 229w, https:\/\/puntocritico.com\/ausajpuntocritico\/wp-content\/uploads\/2022\/11\/Untitled-design-1_edited-1-780x1024.webp 780w, https:\/\/puntocritico.com\/ausajpuntocritico\/wp-content\/uploads\/2022\/11\/Untitled-design-1_edited-1-768x1008.webp 768w, https:\/\/puntocritico.com\/ausajpuntocritico\/wp-content\/uploads\/2022\/11\/Untitled-design-1_edited-1-610x801.webp 610w\" sizes=\"auto, (max-width: 360px) 100vw, 360px\" \/><\/p>\n<p>&nbsp;<\/p>\n<p style=\"text-align: justify;\"><span style=\"font-size: 14pt;\">Un paso m\u00e1s cerca de los pasillos del poder est\u00e1\u00a0<strong><a href=\"https:\/\/www.linkedin.com\/in\/victoria-mccullough-3523755\/details\/experience\/\" target=\"_blank\" rel=\"noopener\" data-schema-attribute=\"\">Victoria McCullough<\/a><\/strong>, quien anteriormente trabaj\u00f3 para el <em>Departamento de Seguridad Nacional<\/em> y para la propia\u00a0<em><a href=\"https:\/\/obamawhitehouse.archives.gov\/blog\/author\/victoria-mccullough\" target=\"_blank\" rel=\"noopener\">Casa Blanca<\/a><\/em>.\u00a0Al igual que <strong>Patteson<\/strong>, <strong>McCullough<\/strong> ahora trabaja en la <em>confianza y la seguridad<\/em> en <strong>TikTok<\/strong>.\u00a0Otro miembro del personal de <strong>TikTok<\/strong> de confianza y seguridad,\u00a0<strong><a href=\"https:\/\/www.linkedin.com\/in\/christian-h-cardona\/details\/experience\/\" target=\"_blank\" rel=\"noopener\">Christian Cardona<\/a><\/strong>, pas\u00f3 casi 13 a\u00f1os en puestos de alto nivel en el <em>Departamento de Estado<\/em> en todo el Medio Oriente y Europa antes de pasar sin problemas al gigante de las redes sociales.<\/span><\/p>\n<p style=\"text-align: justify;\"><span style=\"font-size: 14pt;\">Pr\u00e1cticamente todos los <em>exesp\u00edas<\/em> o funcionarios estatales encontrados en esta investigaci\u00f3n trabajan en campos muy espec\u00edficos (<em>y pol\u00edticamente muy sensibles<\/em>) como la confianza, la seguridad y la moderaci\u00f3n de contenido, en lugar de \u00e1reas banales como marketing, servicio al cliente o ventas.\u00a0Sin embargo, los <em>nuevos reclutas<\/em> de <strong>TikTok<\/strong> provienen de algunas de las organizaciones menos confiables del mundo, organizaciones que no deber\u00edan estar cerca de las palancas de poder de una plataforma tan popular.<\/span><\/p>\n<p style=\"text-align: justify;\"><span style=\"font-size: 14pt;\">El estado de seguridad nacional ha sido la fuente de algunas de las afirmaciones de noticias falsas m\u00e1s extravagantes y da\u00f1inas en los \u00faltimos a\u00f1os. Esto incluye acusaciones espeluznantes sobre el llamado \u201c<strong><a href=\"https:\/\/www.jacobinmag.com\/2021\/10\/havana-syndrome-microwave-energy-weapon-fake-news-us-diplomats-spies-intelligence-national-security-media-liberal-outlets\" target=\"_blank\" rel=\"noopener\" data-schema-attribute=\"\">S\u00edndrome de La Habana<\/a><\/strong>\u201d y el enga\u00f1o \u201c<strong><a href=\"https:\/\/taibbi.substack.com\/p\/aaugh-a-brief-list-of-official-russia?s=r\" target=\"_blank\" rel=\"noopener\" data-schema-attribute=\"\">BountyGate<\/a><\/strong>\u201d.\u00a0Yendo m\u00e1s atr\u00e1s, las falsedades sobre armas de destrucci\u00f3n masiva o un genocidio inminente ayudaron a empujar a Estados Unidos a la guerra en Irak y Libia, respectivamente.\u00a0Sin embargo, los individuos de muchas de estas instituciones ahora est\u00e1n a cargo de decidir qu\u00e9 es real y qu\u00e9 es falso, y qu\u00e9 contenido promover o suprimir.<\/span><\/p>\n<p>&nbsp;<\/p>\n<blockquote>\n<p style=\"text-align: center;\"><strong><span style=\"font-size: 14pt; color: #008000;\">Bajo esta luz, el caos de 2020 sobre TikTok como una amenaza para la seguridad nacional parece cada vez m\u00e1s un juego de poder del estado de seguridad nacional.\u00a0Estas terribles advertencias, e incluso la amenaza de cerrar por completo su plataforma, disminuyeron solo despu\u00e9s de que TikTok comenz\u00f3 a nombrar funcionarios occidentales para puestos importantes dentro de su organizaci\u00f3n, lo que le dio al estado una influencia considerable sobre el contenido y la direcci\u00f3n de la aplicaci\u00f3n.<\/span><\/strong><\/p>\n<\/blockquote>\n<p>&nbsp;<\/p>\n<p style=\"text-align: justify;\"><span style=\"font-size: 14pt;\">Bajo esta luz, el caos de 2020 sobre <strong>TikTok<\/strong> como una amenaza para la seguridad nacional parece cada vez m\u00e1s un juego de poder del estado de seguridad nacional.\u00a0Estas terribles advertencias, e incluso la amenaza de cerrar por completo su plataforma, disminuyeron solo despu\u00e9s de que <strong>TikTok<\/strong> comenz\u00f3 a nombrar funcionarios occidentales para puestos importantes dentro de su organizaci\u00f3n, lo que le dio al estado una influencia considerable sobre el contenido y la direcci\u00f3n de la aplicaci\u00f3n.<\/span><\/p>\n<p>&nbsp;<\/p>\n<h3 style=\"text-align: center;\"><span style=\"font-size: 18pt;\"><strong>NEGOCIO SERIO<\/strong><\/span><\/h3>\n<p><img loading=\"lazy\" decoding=\"async\" class=\"aligncenter wp-image-2260996\" src=\"https:\/\/puntocritico.com\/ausajpuntocritico\/wp-content\/uploads\/2022\/11\/upubyc9ehtyppu76_1645886397.webp\" alt=\"\" width=\"555\" height=\"317\" data-id=\"2260996\" srcset=\"https:\/\/puntocritico.com\/ausajpuntocritico\/wp-content\/uploads\/2022\/11\/upubyc9ehtyppu76_1645886397.webp 768w, https:\/\/puntocritico.com\/ausajpuntocritico\/wp-content\/uploads\/2022\/11\/upubyc9ehtyppu76_1645886397-300x171.webp 300w, https:\/\/puntocritico.com\/ausajpuntocritico\/wp-content\/uploads\/2022\/11\/upubyc9ehtyppu76_1645886397-610x349.webp 610w\" sizes=\"auto, (max-width: 555px) 100vw, 555px\" \/><\/p>\n<p>&nbsp;<\/p>\n<p style=\"text-align: justify;\"><span style=\"font-size: 14pt;\">Los lectores que consideran que <strong>TikTok<\/strong> es poco m\u00e1s que una aplicaci\u00f3n divertida para ver videos cortos de gente bailando est\u00e1n atrasados.\u00a0Desde un comienzo modesto, ha explotado en popularidad,\u00a0<a href=\"https:\/\/www.businessofapps.com\/data\/tik-tok-statistics\/\" target=\"_blank\" rel=\"noopener\" data-schema-attribute=\"\">creciendo<\/a>\u00a0exponencialmente de 85 millones de usuarios globales a principios de 2018 a 1200 millones a finales de 2021 (<em>con un crecimiento monstruoso similar en los ingresos<\/em>).<\/span><\/p>\n<p style=\"text-align: justify;\"><span style=\"font-size: 14pt;\">Es excepcionalmente popular entre las generaciones m\u00e1s j\u00f3venes.\u00a0El <em><strong>Informe de noticias digitales<\/strong><\/em> del <strong>Instituto Reuters de 2021<\/strong>\u00a0<a href=\"https:\/\/reutersinstitute.politics.ox.ac.uk\/sites\/default\/files\/2021-06\/Digital_News_Report_2021_FINAL.pdf\" target=\"_blank\" rel=\"noopener\" data-schema-attribute=\"\">encontr\u00f3<\/a>\u00a0que el 9% de las personas de entre 18 y 24 a\u00f1os en todo el mundo hab\u00edan ido a <strong>TikTok<\/strong> para obtener noticias durante la \u00faltima semana, mientras que el 31% de ese grupo de edad us\u00f3 la aplicaci\u00f3n en ese per\u00edodo (<em>y, por lo tanto, probablemente consumi\u00f3 pasivamente noticias hasta cierto punto<\/em>).\u00a0Adem\u00e1s, tiene una base de usuarios muy leal, con decenas de millones de usuarios de <strong>TikTok<\/strong> en EE. UU. que\u00a0<a href=\"https:\/\/www.businessofapps.com\/data\/tik-tok-statistics\/\" target=\"_blank\" rel=\"noopener\" data-schema-attribute=\"\">pasan<\/a>\u00a0un promedio de 68 minutos por d\u00eda en la plataforma.<\/span><\/p>\n<p style=\"text-align: justify;\"><span style=\"font-size: 14pt;\">Por lo tanto, <strong>TikTok<\/strong> se ha convertido en un medio enormemente influyente que llega a m\u00e1s de mil millones de personas en todo el mundo.\u00a0Tener control sobre su algoritmo o moderaci\u00f3n de contenido significa la capacidad de establecer los t\u00e9rminos del debate global y decidir lo que la gente ve y no ve.\u00a0<i>MintPress<\/i>\u00a0invit\u00f3 a <strong>TikTok<\/strong> a comentar sobre su relaci\u00f3n con el gobierno, pero no ha recibido respuesta.<\/span><\/p>\n<p>&nbsp;<\/p>\n<h3 style=\"text-align: center;\"><span style=\"font-size: 18pt;\">VALLE DE VIGILANCIA<\/span><\/h3>\n<p><img loading=\"lazy\" decoding=\"async\" class=\"aligncenter wp-image-2260997\" src=\"https:\/\/puntocritico.com\/ausajpuntocritico\/wp-content\/uploads\/2022\/11\/e4ca6e9f-089d-454a-bf06-b776bdc491d1_trans_NvBQzQNjv4BqqVzuuqpFlyLIwiB6NTmJwfSVWeZ_vEN7c6bHu2jJnT8.jpg\" alt=\"\" width=\"555\" height=\"347\" data-id=\"2260997\" srcset=\"https:\/\/puntocritico.com\/ausajpuntocritico\/wp-content\/uploads\/2022\/11\/e4ca6e9f-089d-454a-bf06-b776bdc491d1_trans_NvBQzQNjv4BqqVzuuqpFlyLIwiB6NTmJwfSVWeZ_vEN7c6bHu2jJnT8.jpg 1200w, https:\/\/puntocritico.com\/ausajpuntocritico\/wp-content\/uploads\/2022\/11\/e4ca6e9f-089d-454a-bf06-b776bdc491d1_trans_NvBQzQNjv4BqqVzuuqpFlyLIwiB6NTmJwfSVWeZ_vEN7c6bHu2jJnT8-300x188.jpg 300w, https:\/\/puntocritico.com\/ausajpuntocritico\/wp-content\/uploads\/2022\/11\/e4ca6e9f-089d-454a-bf06-b776bdc491d1_trans_NvBQzQNjv4BqqVzuuqpFlyLIwiB6NTmJwfSVWeZ_vEN7c6bHu2jJnT8-1024x640.jpg 1024w, https:\/\/puntocritico.com\/ausajpuntocritico\/wp-content\/uploads\/2022\/11\/e4ca6e9f-089d-454a-bf06-b776bdc491d1_trans_NvBQzQNjv4BqqVzuuqpFlyLIwiB6NTmJwfSVWeZ_vEN7c6bHu2jJnT8-768x480.jpg 768w, https:\/\/puntocritico.com\/ausajpuntocritico\/wp-content\/uploads\/2022\/11\/e4ca6e9f-089d-454a-bf06-b776bdc491d1_trans_NvBQzQNjv4BqqVzuuqpFlyLIwiB6NTmJwfSVWeZ_vEN7c6bHu2jJnT8-610x381.jpg 610w\" sizes=\"auto, (max-width: 555px) 100vw, 555px\" \/><\/p>\n<p>&nbsp;<\/p>\n<p style=\"text-align: justify;\"><span style=\"font-size: 14pt;\">Sin embargo, esta est\u00e1 lejos de ser la primera vez que el estado de seguridad nacional ha hecho este truco.\u00a0En 2018, <a href=\"https:\/\/puntocritico.com\/ausajpuntocritico\/2022\/07\/21\/armas-hibridas-redes-sociales-la-mediatizacion-del-mal\/\"><strong>Facebook<\/strong><\/a> estuvo bajo una enorme presi\u00f3n por parte del gobierno de los EE. UU., y el propio <strong>CEO,<\/strong> <strong>Mark Zuckerberg<\/strong>, fue llevado frente a la <em><strong>C\u00e1mara y el Senado<\/strong><\/em> para enfrentar <em>horas de interrogatorio sobre el papel de la plataforma<\/em> en la privacidad, la moderaci\u00f3n de contenido y la difusi\u00f3n de desinformaci\u00f3n rusa. Solo unas semanas despu\u00e9s de esto, <a href=\"https:\/\/puntocritico.com\/ausajpuntocritico\/2022\/07\/21\/armas-hibridas-redes-sociales-la-mediatizacion-del-mal\/\"><strong>Facebook<\/strong><\/a><strong>\u00a0<\/strong><a href=\"https:\/\/www.mintpressnews.com\/facebook-partners-hawkish-atlantic-council-nato-lobby-group-protect-democracy\/242289\/\" target=\"_blank\" rel=\"noopener\">anunci\u00f3<\/a> una nueva asociaci\u00f3n con el <strong>Atlantic Council<\/strong>, mediante la cual el grupo servir\u00eda como los \u00ab<em>ojos y o\u00eddos<\/em>\u00bb de <a href=\"https:\/\/puntocritico.com\/ausajpuntocritico\/2022\/07\/21\/armas-hibridas-redes-sociales-la-mediatizacion-del-mal\/\"><strong>Facebook<\/strong><\/a>, tomando un control considerable sobre la moderaci\u00f3n de su contenido, supuestamente en un esfuerzo por eliminar las noticias falsas y la desinformaci\u00f3n.\u00a0<\/span><\/p>\n<p style=\"text-align: justify;\"><span style=\"font-size: 14pt;\">El <strong>Atlantic Council<\/strong>, sin embargo, es el grupo de expertos de la <strong>OTAN<\/strong> y sirve como su cerebro de confianza, con no menos de <em>siete ex directores<\/em> de la <strong>CIA<\/strong> en su <em>junta<\/em>.\u00a0Desde entonces, <a href=\"https:\/\/puntocritico.com\/ausajpuntocritico\/2022\/07\/21\/armas-hibridas-redes-sociales-la-mediatizacion-del-mal\/\"><strong>Facebook<\/strong><\/a> (<em>o <a href=\"https:\/\/puntocritico.com\/ausajpuntocritico\/2022\/07\/21\/armas-hibridas-redes-sociales-la-mediatizacion-del-mal\/\"><strong>Meta<\/strong><\/a>, como se le conoce oficialmente<\/em>), nombr\u00f3 al\u00a0<em><a href=\"https:\/\/www.mintpressnews.com\/censorship-way-facebook-hires-nato-press-officer-intelligence-chief\/275154\/\" target=\"_blank\" rel=\"noopener\">ex<\/a>\u00a0oficial de prensa<\/em> de la <strong>OTAN<\/strong> y\u00a0<a href=\"https:\/\/www.atlanticcouncil.org\/expert\/ben-nimmo\/\" target=\"_blank\" rel=\"noopener\">actual<\/a>\u00a0miembro principal del <strong>Consejo Atl\u00e1ntico<\/strong>, <strong>Ben Nimmo<\/strong>, para que se desempe\u00f1e como jefe de inteligencia.\u00a0Adem\u00e1s, el nuevo <em>director global de pol\u00edtica de contenido<\/em> de <a href=\"https:\/\/puntocritico.com\/ausajpuntocritico\/2022\/07\/21\/armas-hibridas-redes-sociales-la-mediatizacion-del-mal\/\"><strong>Facebook<\/strong><\/a>,\u00a0<strong><a href=\"https:\/\/about.fb.com\/news\/2021\/11\/update-on-ethiopia\/\" target=\"_blank\" rel=\"noopener\" data-schema-attribute=\"\">Mark Smith<\/a><\/strong>, fue\u00a0<a href=\"https:\/\/morningstaronline.co.uk\/article\/w\/facebook-and-insta-under-fire-allowing-calls-death-russians\" target=\"_blank\" rel=\"noopener\">empleado<\/a>\u00a0anteriormente por la <strong>OTAN<\/strong> como asesor de su comandante adjunto.<\/span><\/p>\n<p>&nbsp;<\/p>\n<p><img loading=\"lazy\" decoding=\"async\" class=\"aligncenter wp-image-2260331\" src=\"https:\/\/puntocritico.com\/ausajpuntocritico\/wp-content\/uploads\/2022\/11\/FB-ATlantic-Council.jpg\" alt=\"\" width=\"480\" height=\"288\" data-id=\"2260331\" srcset=\"https:\/\/puntocritico.com\/ausajpuntocritico\/wp-content\/uploads\/2022\/11\/FB-ATlantic-Council.jpg 1120w, https:\/\/puntocritico.com\/ausajpuntocritico\/wp-content\/uploads\/2022\/11\/FB-ATlantic-Council-300x180.jpg 300w, https:\/\/puntocritico.com\/ausajpuntocritico\/wp-content\/uploads\/2022\/11\/FB-ATlantic-Council-1024x614.jpg 1024w, https:\/\/puntocritico.com\/ausajpuntocritico\/wp-content\/uploads\/2022\/11\/FB-ATlantic-Council-768x461.jpg 768w, https:\/\/puntocritico.com\/ausajpuntocritico\/wp-content\/uploads\/2022\/11\/FB-ATlantic-Council-610x366.jpg 610w\" sizes=\"auto, (max-width: 480px) 100vw, 480px\" \/><\/p>\n<p>&nbsp;<\/p>\n<p style=\"text-align: justify;\"><span style=\"font-size: 14pt;\">El <strong>Atlantic Council<\/strong> tambi\u00e9n se ha abierto camino en la gesti\u00f3n de <strong>Reddit<\/strong>.\u00a0En 2017, <strong>Jessica Ashooh<\/strong>\u00a0<a href=\"https:\/\/www.mintpressnews.com\/jessica-ashooh-reddit-national-security-state-plant\/277639\/\" target=\"_blank\" rel=\"noopener\">pas\u00f3<\/a>\u00a0directamente de ser subdirectora de estrategia de Medio Oriente en <strong>The Atlantic Council<\/strong> a <em>directora de pol\u00edticas en el popular servicio de agregaci\u00f3n de noticias<\/em>, un cambio de carrera inusual que\u00a0<a href=\"https:\/\/www.mintpressnews.com\/jessica-ashooh-reddit-national-security-state-plant\/277639\/\" target=\"_blank\" rel=\"noopener\">gener\u00f3<\/a>\u00a0pocos comentarios en ese momento.\u00a0Al igual que <strong>Corbeil<\/strong>, <strong>Ko\u00e7ak<\/strong> y otros, <strong>Ashooh<\/strong> era un especialista en Medio Oriente y estuvo \u00edntimamente involucrado en la guerra de Occidente en Siria.\u00a0Durante a\u00f1os, <strong>Reddit<\/strong> asumi\u00f3 una posici\u00f3n absolutista de la libertad de expresi\u00f3n, defendiendo incluso el\u00a0<a href=\"https:\/\/www.theguardian.com\/commentisfree\/2012\/oct\/15\/reddit-free-speech-gawker\" target=\"_blank\" rel=\"noopener\">alojamiento<\/a>\u00a0de contenido sexual claramente ilegal.\u00a0Sin embargo, la llegada de <strong>Ashoo<\/strong> coincidi\u00f3 con una nueva era de moderaci\u00f3n mucho m\u00e1s en\u00e9rgica.\u00a0<strong>Reddit<\/strong> tom\u00f3 recientemente la decisi\u00f3n de no solo\u00a0<a href=\"https:\/\/www.dailymail.co.uk\/sciencetech\/article-10579301\/Social-media-platform-Reddit-block-links-coming-Russian-domain-name.html\" target=\"_blank\" rel=\"noopener\" data-schema-attribute=\"\">prohibir<\/a> enlaces de los medios de comunicaci\u00f3n estatales rusos, pero todos los sitios web con un dominio ruso (.ru).<\/span><\/p>\n<p style=\"text-align: justify;\"><span style=\"font-size: 14pt;\">Del mismo modo, varios miembros clave del personal de <a href=\"https:\/\/puntocritico.com\/ausajpuntocritico\/2022\/07\/11\/desinformacion-como-arma-en-las-guerras-hibridas\/\"><strong>Twitter<\/strong><\/a> sorprenden. El principal de ellos es el <em>director editorial para Europa, Oriente Medio y \u00c1frica<\/em>,\u00a0<strong><a href=\"https:\/\/www.middleeasteye.net\/news\/twitter-executive-also-part-time-officer-uk-army-psychological-warfare-unit\" target=\"_blank\" rel=\"noopener\">Gordon MacMillan<\/a><\/strong>, quien, adem\u00e1s de sus funciones en <strong>Twitter<\/strong>, es<em> oficial de la 77.\u00aa brigada del ej\u00e9rcito brit\u00e1nico, una notoria unidad dedicada a la guerra en l\u00ednea y las operaciones psicol\u00f3gicas<\/em>.\u00a0Al igual que <a href=\"https:\/\/puntocritico.com\/ausajpuntocritico\/2022\/07\/21\/armas-hibridas-redes-sociales-la-mediatizacion-del-mal\/\"><strong>Facebook<\/strong><\/a>, <a href=\"https:\/\/puntocritico.com\/ausajpuntocritico\/2022\/07\/11\/desinformacion-como-arma-en-las-guerras-hibridas\/\"><strong>Twitter<\/strong> <\/a>se ha\u00a0<a href=\"https:\/\/www.mintpressnews.com\/aspi-think-tank-controlling-twitter\/279490\/\" target=\"_blank\" rel=\"noopener\">asociado<\/a>\u00a0con algunas organizaciones vinculadas al estado muy cuestionables, lo que les otorga una influencia considerable sobre la moderaci\u00f3n de su contenido.<\/span><\/p>\n<p style=\"text-align: justify;\"><span style=\"font-size: 14pt;\">Mientras tanto, el actual <em>jefe global de Pol\u00edtica de productos<\/em> para <em>desarrolladores<\/em> de <a href=\"https:\/\/puntocritico.com\/ausajpuntocritico\/2022\/08\/03\/extension-de-la-guerra-hibrida-al-control-social-global\/\"><strong>Google<\/strong><\/a>,\u00a0<a href=\"https:\/\/www.cnas.org\/people\/ben-renda\" target=\"_blank\" rel=\"noopener\" data-schema-attribute=\"\"><strong>Ben<\/strong> <strong>Renda<\/strong><\/a>, fue anteriormente planificador estrat\u00e9gico y oficial de gesti\u00f3n de la informaci\u00f3n para la <strong>OTAN<\/strong>, antes de trabajar tanto para el <em><strong>Comando Cibern\u00e9tico de EE. UU.<\/strong><\/em> como para el <em>Departamento de Defensa<\/em>.<\/span><\/p>\n<p>&nbsp;<\/p>\n<p><img loading=\"lazy\" decoding=\"async\" class=\"aligncenter wp-image-2260332\" src=\"https:\/\/puntocritico.com\/ausajpuntocritico\/wp-content\/uploads\/2022\/11\/ASPI.jpg\" alt=\"\" width=\"555\" height=\"366\" data-id=\"2260332\" srcset=\"https:\/\/puntocritico.com\/ausajpuntocritico\/wp-content\/uploads\/2022\/11\/ASPI.jpg 1112w, https:\/\/puntocritico.com\/ausajpuntocritico\/wp-content\/uploads\/2022\/11\/ASPI-300x198.jpg 300w, https:\/\/puntocritico.com\/ausajpuntocritico\/wp-content\/uploads\/2022\/11\/ASPI-1024x675.jpg 1024w, https:\/\/puntocritico.com\/ausajpuntocritico\/wp-content\/uploads\/2022\/11\/ASPI-768x506.jpg 768w, https:\/\/puntocritico.com\/ausajpuntocritico\/wp-content\/uploads\/2022\/11\/ASPI-610x402.jpg 610w\" sizes=\"auto, (max-width: 555px) 100vw, 555px\" \/><\/p>\n<p>&nbsp;<\/p>\n<h3 style=\"text-align: center;\"><span style=\"font-size: 18pt;\">BIG TECH UNA GRAN ARMA<\/span><\/h3>\n<p><img loading=\"lazy\" decoding=\"async\" class=\"aligncenter wp-image-2260999\" src=\"https:\/\/puntocritico.com\/ausajpuntocritico\/wp-content\/uploads\/2022\/11\/771b5c53b188c0d356d53896afda86f506-wartok.rsquare.w700.webp\" alt=\"\" width=\"360\" height=\"360\" data-id=\"2260999\" srcset=\"https:\/\/puntocritico.com\/ausajpuntocritico\/wp-content\/uploads\/2022\/11\/771b5c53b188c0d356d53896afda86f506-wartok.rsquare.w700.webp 700w, https:\/\/puntocritico.com\/ausajpuntocritico\/wp-content\/uploads\/2022\/11\/771b5c53b188c0d356d53896afda86f506-wartok.rsquare.w700-300x300.webp 300w, https:\/\/puntocritico.com\/ausajpuntocritico\/wp-content\/uploads\/2022\/11\/771b5c53b188c0d356d53896afda86f506-wartok.rsquare.w700-150x150.webp 150w, https:\/\/puntocritico.com\/ausajpuntocritico\/wp-content\/uploads\/2022\/11\/771b5c53b188c0d356d53896afda86f506-wartok.rsquare.w700-610x610.webp 610w\" sizes=\"auto, (max-width: 360px) 100vw, 360px\" \/><\/p>\n<p>&nbsp;<\/p>\n<p style=\"text-align: justify;\"><span style=\"font-size: 14pt;\">El gobierno de EE. UU., al parecer, se niega a permitir cualquier competencia a su hegemon\u00eda en el \u00e1mbito digital.\u00a0<em><strong>Huawei<\/strong> <\/em>ha sido efectivamente prohibido en gran parte de Occidente, y Estados Unidos se niega a permitir que el gigante chino controle la nueva red de comunicaciones 5G.\u00a0Los intentos de EE. UU. de convencer a otras naciones para que bloqueen a <strong>Huawei<\/strong> han provocado un retroceso significativo en el <em>Sur Global<\/em>.\u00a0\u201c<em>Si est\u00e1s por delante, te prohibir\u00e9, enviar\u00e9 buques de guerra a tu pa\u00eds\u2026 Eso no es competencia, eso es amenazar a la gente<\/em>\u201d,\u00a0<a href=\"https:\/\/jacobinmag.com\/2020\/02\/digital-cold-war-china-huawei-donald-trump\" target=\"_blank\" rel=\"noopener\">dijo<\/a>\u00a0el p<em><strong>rimer ministro de Malasia<\/strong><\/em>, <strong>Mahathir bin Mohamad<\/strong>, al comentar las acciones de Estados Unidos.\u00a0D\u00e9cadas antes, el gobierno de EE. UU. destruy\u00f3 efectivamente la industria japonesa de semiconductores,\u00a0<a href=\"https:\/\/www.mintpressnews.com\/china-tech-ban-mirrors-1980s-attempts-to-destroy-japanese-competition\/274429\/\" target=\"_blank\" rel=\"noopener\">obligando a<\/a> que Jap\u00f3n firmara un acuerdo comercial unilateral e impondr\u00e1 un arancel del 100% a los productos electr\u00f3nicos japoneses, un juego de poder que condujo a una recesi\u00f3n de d\u00e9cadas de la que la naci\u00f3n isle\u00f1a nunca se ha recuperado.<\/span><\/p>\n<p style=\"text-align: justify;\"><span style=\"font-size: 14pt;\">En 2020, el gobierno de EE. UU. incluso\u00a0<a href=\"https:\/\/techcrunch.com\/2020\/03\/06\/grindr-sold-china-national-security\/?guccounter=1&amp;guce_referrer=aHR0cHM6Ly93d3cuZ29vZ2xlLmNvbS8&amp;guce_referrer_sig=AQAAAHCvBYQhxPE4-wwf6oXS6up2ms6eHxrdRHTvVpYRMBBYnRa-l2L6FyLWGQFGhSDNrM3lxnpxgRf-wBRP7cD3M38rzihb-uCJ3Bpk-7TSqF-L4Z2BmvGhmqKMZj9L-tNp9yc6blqgfH7HY3OTMnzSH7N0ehu7pbLDRfG-n_Xp5EBe\" target=\"_blank\" rel=\"noopener\">oblig\u00f3<\/a>\u00a0a vender <strong>Grindr<\/strong>, de propiedad china, a una empresa estadounidense,\u00a0<a href=\"https:\/\/www.theverge.com\/interface\/2019\/3\/28\/18285274\/grindr-national-security-cfius-china-kunlun-military\" target=\"_blank\" rel=\"noopener\" data-schema-attribute=\"\">considerando<\/a>\u00a0que la aplicaci\u00f3n de citas LGBT era una \u00ab<em>amenaza a la seguridad nacional<\/em>\u00ab.<\/span><\/p>\n<p style=\"text-align: justify;\"><span style=\"font-size: 14pt;\">En toda acusaci\u00f3n, se dice, hay una confesi\u00f3n.\u00a0El hecho de que Washington considere que incluso las aplicaciones de conexi\u00f3n fr\u00edvolas son demasiado importantes para estar fuera del control de los EE. UU., para que no se utilicen para influir en el p\u00fablico, sugiere que saben exactamente lo que est\u00e1n haciendo, infiltr\u00e1ndose en las grandes empresas tecnol\u00f3gicas.\u00a0De hecho, esto fue m\u00e1s o menos confirmado a principios de este mes por una\u00a0<a href=\"https:\/\/punchbowl.news\/wp-content\/uploads\/Open-Letter-Cyber-Intel-Defense-HS-1.pdf\" target=\"_blank\" rel=\"noopener\">carta<\/a>\u00a0escrita por una serie de altos funcionarios de <strong>natsec<\/strong>, incluidos los ex directores de la <strong>CIA<\/strong> <strong>Michael<\/strong> <strong>Morell<\/strong> y <strong>Leon Panetta<\/strong>, y la <em>ex asistente del presidente para contraterrorismo y seguridad nacional<\/em> <strong>Frances Townsend<\/strong> (<em>todos los cuales tambi\u00e9n forma parte de la\u00a0<a href=\"https:\/\/www.atlanticcouncil.org\/about\/board-of-directors\/\" target=\"_blank\" rel=\"noopener\" data-schema-attribute=\"\">junta directiva del<\/a>\u00a0<strong>Atlantic Council<\/strong><\/em>).<\/span><\/p>\n<p style=\"text-align: justify;\"><span style=\"font-size: 14pt;\">Los funcionarios advirtieron que dividir a los gigantes de <em><strong>Silicon Valley<\/strong><\/em>, como muchos han defendido, \u201c<em>obstaculizar\u00eda inadvertidamente la capacidad de las plataformas tecnol\u00f3gicas estadounidenses para\u2026 hacer retroceder al Kremlin<\/em>\u201d.\u00a0\u201c<em>Estados Unidos necesitar\u00e1 confiar en el poder de su sector tecnol\u00f3gico para garantizar [que] la narrativa de los eventos\u201d a nivel mundial est\u00e9 moldeada por Estados Unidos y \u201cno por adversarios extranjeros<\/em>\u201d, explican, y concluyen que <a href=\"https:\/\/puntocritico.com\/ausajpuntocritico\/2022\/08\/03\/extension-de-la-guerra-hibrida-al-control-social-global\/\"><strong>Google<\/strong><\/a>, <a href=\"https:\/\/puntocritico.com\/ausajpuntocritico\/2022\/07\/21\/armas-hibridas-redes-sociales-la-mediatizacion-del-mal\/\"><strong>Facebook<\/strong><\/a>, <a href=\"https:\/\/puntocritico.com\/ausajpuntocritico\/2022\/07\/11\/desinformacion-como-arma-en-las-guerras-hibridas\/\"><strong>Twitter<\/strong><\/a> son \u201c<em>cada vez m\u00e1s integral para los esfuerzos diplom\u00e1ticos y de seguridad nacional de los Estados Unidos<\/em>\u201d.\u00a0En otras palabras, ven a la gran tecnolog\u00eda como un arma clave del imperio estadounidense.<\/span><\/p>\n<p>&nbsp;<\/p>\n<p><img loading=\"lazy\" decoding=\"async\" class=\"aligncenter wp-image-2260333\" src=\"https:\/\/puntocritico.com\/ausajpuntocritico\/wp-content\/uploads\/2022\/11\/Ni-fly-zone.jpg\" alt=\"\" width=\"480\" height=\"323\" data-id=\"2260333\" srcset=\"https:\/\/puntocritico.com\/ausajpuntocritico\/wp-content\/uploads\/2022\/11\/Ni-fly-zone.jpg 1112w, https:\/\/puntocritico.com\/ausajpuntocritico\/wp-content\/uploads\/2022\/11\/Ni-fly-zone-300x202.jpg 300w, https:\/\/puntocritico.com\/ausajpuntocritico\/wp-content\/uploads\/2022\/11\/Ni-fly-zone-1024x689.jpg 1024w, https:\/\/puntocritico.com\/ausajpuntocritico\/wp-content\/uploads\/2022\/11\/Ni-fly-zone-768x517.jpg 768w, https:\/\/puntocritico.com\/ausajpuntocritico\/wp-content\/uploads\/2022\/11\/Ni-fly-zone-610x410.jpg 610w\" sizes=\"auto, (max-width: 480px) 100vw, 480px\" \/><\/p>\n<p>&nbsp;<\/p>\n<h3 style=\"text-align: center;\"><span style=\"font-size: 18pt;\">RUISE\u00d1OR 2.0<\/span><\/h3>\n<p><img loading=\"lazy\" decoding=\"async\" class=\"aligncenter wp-image-2251477\" src=\"https:\/\/puntocritico.com\/ausajpuntocritico\/wp-content\/uploads\/2022\/07\/Guerras-Hibridas-PPAL.jpg\" alt=\"\" width=\"480\" height=\"319\" data-id=\"2251477\" srcset=\"https:\/\/puntocritico.com\/ausajpuntocritico\/wp-content\/uploads\/2022\/07\/Guerras-Hibridas-PPAL.jpg 680w, https:\/\/puntocritico.com\/ausajpuntocritico\/wp-content\/uploads\/2022\/07\/Guerras-Hibridas-PPAL-300x199.jpg 300w, https:\/\/puntocritico.com\/ausajpuntocritico\/wp-content\/uploads\/2022\/07\/Guerras-Hibridas-PPAL-610x405.jpg 610w, https:\/\/puntocritico.com\/ausajpuntocritico\/wp-content\/uploads\/2022\/07\/Guerras-Hibridas-PPAL-678x452.jpg 678w\" sizes=\"auto, (max-width: 480px) 100vw, 480px\" \/><\/p>\n<p>&nbsp;<\/p>\n<p style=\"text-align: justify;\"><span style=\"font-size: 14pt;\">En la d\u00e9cada de 1970, el <em>Comit\u00e9 de la Iglesia<\/em> descubri\u00f3 la existencia de la <strong>Operaci\u00f3n Mockingbird<\/strong>, un proyecto secreto de la <strong>CIA<\/strong> para infiltrarse en las salas de redacci\u00f3n de todo Estados Unidos y colocar agentes disfrazados de periodistas en su interior.\u00a0El trabajo del reportero de investigaci\u00f3n <strong>Carl Bernstein<\/strong>\u00a0<a href=\"https:\/\/www.carlbernstein.com\/the-cia-and-the-media-rolling-stone-10-20-1977\" target=\"_blank\" rel=\"noopener\" data-schema-attribute=\"\">descubri\u00f3<\/a>\u00a0que la <strong>CIA<\/strong> hab\u00eda cultivado una red de m\u00e1s de 400 personas que consideraba activos, incluido el propietario de\u00a0<i>The New York Times<\/i>\u00a0.<\/span><\/p>\n<p style=\"text-align: justify;\"><span style=\"font-size: 14pt;\">Hoy, parece que los v\u00ednculos entre los grandes medios y el gran gobierno son, en todo caso, m\u00e1s estrechos que en la d\u00e9cada de 1970.\u00a0El poder de monopolio de las grandes plataformas de redes sociales les otorga, les guste o no, una influencia extraordinaria sobre la opini\u00f3n p\u00fablica.\u00a0Y dentro de sus opacas oficinas de <em>Silicon Valley<\/em>, un peque\u00f1o grupo de personas establece los algoritmos y decide las pol\u00edticas de moderaci\u00f3n que dan forma a lo que miles de millones de nosotros vemos todos los d\u00edas.\u00a0Con una gran cantidad de ex funcionarios tomando posiciones en estas empresas, el estado de seguridad nacional de EE. UU. est\u00e1 adquiriendo cierto grado de influencia sobre los medios de comunicaci\u00f3n.\u00a0Es la <em>Operaci\u00f3n Ruise\u00f1or del siglo XXI<\/em>, ya escala mundial.<\/span><\/p>\n<p>&nbsp;<\/p>\n<p><img loading=\"lazy\" decoding=\"async\" class=\"aligncenter wp-image-2260992\" src=\"https:\/\/puntocritico.com\/ausajpuntocritico\/wp-content\/uploads\/2022\/11\/5fb280149b166.jpeg\" alt=\"\" width=\"360\" height=\"203\" data-id=\"2260992\" srcset=\"https:\/\/puntocritico.com\/ausajpuntocritico\/wp-content\/uploads\/2022\/11\/5fb280149b166.jpeg 1200w, https:\/\/puntocritico.com\/ausajpuntocritico\/wp-content\/uploads\/2022\/11\/5fb280149b166-300x169.jpeg 300w, https:\/\/puntocritico.com\/ausajpuntocritico\/wp-content\/uploads\/2022\/11\/5fb280149b166-1024x576.jpeg 1024w, https:\/\/puntocritico.com\/ausajpuntocritico\/wp-content\/uploads\/2022\/11\/5fb280149b166-768x432.jpeg 768w, https:\/\/puntocritico.com\/ausajpuntocritico\/wp-content\/uploads\/2022\/11\/5fb280149b166-610x343.jpeg 610w, https:\/\/puntocritico.com\/ausajpuntocritico\/wp-content\/uploads\/2022\/11\/5fb280149b166-678x381.jpeg 678w\" sizes=\"auto, (max-width: 360px) 100vw, 360px\" \/><\/p>\n<p>&nbsp;<\/p>\n<p style=\"text-align: justify;\"><span style=\"font-size: 14pt;\">No es normal que funcionarios de la <strong>OTAN<\/strong> o agentes de la <strong>CIA<\/strong> de repente est\u00e9n a cargo de la pol\u00edtica de contenido de <strong>TikTok<\/strong>.\u00a0Esto no sucedi\u00f3 por pura casualidad, al igual que no ocurri\u00f3 por casualidad en las otras grandes plataformas tecnol\u00f3gicas.\u00a0Se podr\u00eda argumentar razonablemente que algunas de las \u00fanicas personas que tienen las habilidades para resaltar, detectar y contrarrestar campa\u00f1as de desinformaci\u00f3n son aquellas que han realizado un trabajo similar en el ej\u00e9rcito o los servicios secretos.\u00a0Sin embargo, estas organizaciones son las \u00faltimas que muchos querr\u00edan tener el control de las grandes plataformas tecnol\u00f3gicas, dado su historial de subterfugios y enga\u00f1os.<\/span><\/p>\n<p style=\"text-align: justify;\"><span style=\"font-size: 14pt;\">Dicho de otra manera, si se tratara de empresas de redes sociales con sede en Rusia repletas de ex funcionarios del <strong>FSB<\/strong>, la <strong>KGB<\/strong> o el <strong>Kremlin<\/strong>, las reconocer\u00edamos de inmediato como plataformas flagrantes controladas por el gobierno.\u00a0Sin embargo, muchas de las aplicaciones m\u00e1s populares van en la misma direcci\u00f3n.<\/span><\/p>\n<p style=\"text-align: justify;\"><span style=\"font-size: 14pt;\">Ciertamente, existe un gran problema con las noticias falsas y la desinformaci\u00f3n en l\u00ednea.\u00a0Y una buena parte de ella emana de Rusia.\u00a0Pero mientras algunos podr\u00edan argumentar que los cazadores furtivos pueden convertirse en guardabosques y usar sus habilidades para el bien, esta situaci\u00f3n se parece mucho m\u00e1s a que los zorros est\u00e1n a cargo del gallinero digital.<\/span><\/p>\n<p style=\"text-align: justify;\">\u00a0<\/p>\n<p><img loading=\"lazy\" decoding=\"async\" class=\"aligncenter wp-image-2260994\" src=\"https:\/\/puntocritico.com\/ausajpuntocritico\/wp-content\/uploads\/2022\/11\/1_rHF0hEFcr2PY27IqEH-cvA.png\" alt=\"\" width=\"360\" height=\"129\" data-id=\"2260994\" srcset=\"https:\/\/puntocritico.com\/ausajpuntocritico\/wp-content\/uploads\/2022\/11\/1_rHF0hEFcr2PY27IqEH-cvA.png 1400w, https:\/\/puntocritico.com\/ausajpuntocritico\/wp-content\/uploads\/2022\/11\/1_rHF0hEFcr2PY27IqEH-cvA-300x107.png 300w, https:\/\/puntocritico.com\/ausajpuntocritico\/wp-content\/uploads\/2022\/11\/1_rHF0hEFcr2PY27IqEH-cvA-1024x366.png 1024w, https:\/\/puntocritico.com\/ausajpuntocritico\/wp-content\/uploads\/2022\/11\/1_rHF0hEFcr2PY27IqEH-cvA-768x274.png 768w, https:\/\/puntocritico.com\/ausajpuntocritico\/wp-content\/uploads\/2022\/11\/1_rHF0hEFcr2PY27IqEH-cvA-610x218.png 610w, https:\/\/puntocritico.com\/ausajpuntocritico\/wp-content\/uploads\/2022\/11\/1_rHF0hEFcr2PY27IqEH-cvA-1320x471.png 1320w\" sizes=\"auto, (max-width: 360px) 100vw, 360px\" \/><\/p>\n<p style=\"text-align: justify;\"><span style=\"font-size: 14pt;\">Foto destacada |\u00a0Noticias MintPress<\/span><\/p>\n<blockquote>\n<p style=\"text-align: justify;\"><em><strong><a class=\"\" href=\"https:\/\/twitter.com\/AlanRMacLeod\" target=\"_blank\" rel=\"noopener\">Alan MacLeod<\/a><\/strong>\u00a0\u00a0es redactor s\u00e9nior de MintPress News.\u00a0Despu\u00e9s de completar su doctorado en 2017, public\u00f3 dos libros:\u00a0<a href=\"https:\/\/www.routledge.com\/Bad-News-from-Venezuela-Twenty-years-of-fake-news-and-misreporting\/Macleod\/p\/book\/9781138489233\" target=\"_blank\" rel=\"noopener\">\u00a0Bad News From Venezuela: Twenty Years of Fake News and Misreporting<\/a>\u00a0\u00a0and\u00a0<a href=\"https:\/\/www.routledge.com\/Propaganda-in-the-Information-Age-Still-Manufacturing-Consent-1st-Edition\/MacLeod\/p\/book\/9781138366404?fbclid=IwAR2xQQWJd98C25wapG4ynmlEnGvL5wxG_mp5RwpBwtwPDxInjNZ1Oo7KD-E\" target=\"_blank\" rel=\"noopener\">\u00a0Propaganda in the Information Age: Still Manufacturing Consent<\/a>\u00a0, as\u00ed como\u00a0<a href=\"https:\/\/journalcontent.mediatheoryjournal.org\/index.php\/mt\/article\/view\/65\/56\" target=\"_blank\" rel=\"noopener\">\u00a0una\u00a0<\/a>\u00a0<a href=\"https:\/\/journals.sagepub.com\/doi\/abs\/10.1177\/0306396818823639#articleShareContainer\" target=\"_blank\" rel=\"noopener\">serie\u00a0<\/a>\u00a0<a href=\"https:\/\/onlinelibrary.wiley.com\/doi\/abs\/10.1111\/blar.12940\" target=\"_blank\" rel=\"noopener\">de\u00a0<\/a>\u00a0<a href=\"https:\/\/journals.sagepub.com\/doi\/abs\/10.1177\/0896920518820934\" target=\"_blank\" rel=\"noopener\">art\u00edculos\u00a0<\/a><a href=\"https:\/\/www.frontiersin.org\/articles\/10.3389\/fcomm.2018.00064\/full\" target=\"_blank\" rel=\"noopener\">acad\u00e9micos<\/a>\u00a0\u00a0.\u00a0Tambi\u00e9n ha colaborado con\u00a0<a href=\"https:\/\/fair.org\/author\/alan-macleod\/\" target=\"_blank\" rel=\"noopener\">\u00a0FAIR.org<\/a>\u00a0,\u00a0<a href=\"https:\/\/www.theguardian.com\/profile\/alan-macleod\" target=\"_blank\" rel=\"noopener\">\u00a0The Guardian<\/a>\u00a0,\u00a0<a href=\"https:\/\/www.salon.com\/writer\/alan-macleod\" target=\"_blank\" rel=\"noopener\">\u00a0Salon<\/a>\u00a0,\u00a0<a href=\"https:\/\/thegrayzone.com\/author\/alan-macleod\/\" target=\"_blank\" rel=\"noopener\">\u00a0The Grayzone<\/a>\u00a0,\u00a0<a href=\"https:\/\/jacobinmag.com\/author\/alan-macleod\" target=\"_blank\" rel=\"noopener\">\u00a0Jacobin Magazine<\/a>\u00a0y<a href=\"https:\/\/www.commondreams.org\/author\/alan-macleod\" target=\"_blank\" rel=\"noopener\">\u00a0Common Dreams<\/a>\u00a0.<\/em><\/p>\n<\/blockquote>\n<p>&nbsp;<\/p>\n<figure id=\"attachment_2260975\" aria-describedby=\"caption-attachment-2260975\" style=\"width: 480px\" class=\"wp-caption aligncenter\"><img loading=\"lazy\" decoding=\"async\" class=\"wp-image-2260975\" src=\"https:\/\/puntocritico.com\/ausajpuntocritico\/wp-content\/uploads\/2022\/11\/Virtual-War.jpg\" alt=\"\" width=\"480\" height=\"319\" data-id=\"2260975\" srcset=\"https:\/\/puntocritico.com\/ausajpuntocritico\/wp-content\/uploads\/2022\/11\/Virtual-War.jpg 1486w, https:\/\/puntocritico.com\/ausajpuntocritico\/wp-content\/uploads\/2022\/11\/Virtual-War-300x200.jpg 300w, https:\/\/puntocritico.com\/ausajpuntocritico\/wp-content\/uploads\/2022\/11\/Virtual-War-1024x682.jpg 1024w, https:\/\/puntocritico.com\/ausajpuntocritico\/wp-content\/uploads\/2022\/11\/Virtual-War-768x511.jpg 768w, https:\/\/puntocritico.com\/ausajpuntocritico\/wp-content\/uploads\/2022\/11\/Virtual-War-610x406.jpg 610w, https:\/\/puntocritico.com\/ausajpuntocritico\/wp-content\/uploads\/2022\/11\/Virtual-War-1320x879.jpg 1320w\" sizes=\"auto, (max-width: 480px) 100vw, 480px\" \/><figcaption id=\"caption-attachment-2260975\" class=\"wp-caption-text\"><span style=\"color: #008000;\">Virtual War<\/span><\/figcaption><\/figure>\n<p style=\"text-align: center;\"><span style=\"font-size: 18pt;\"><strong><span style=\"color: #008000;\">*******<\/span><\/strong><\/span><\/p>\n<h2 style=\"text-align: justify;\"><span style=\"font-size: 14pt;\"><strong>RELACIONADOS:<\/strong><\/span><\/h2>\n<blockquote class=\"wp-embedded-content\" data-secret=\"PamqnZzcMD\"><p><a href=\"https:\/\/puntocritico.com\/ausajpuntocritico\/2021\/11\/29\/apartheid-sanitario\/\">\u00abDOSTOIEVSKI, LA LIBERTAD Y EL PASAPORTE COVID\u00bb: EL APARTHEID SANITARIO. Cuando el Miedo se hace cargo de la sociedad, los ciudadanos se convierten en siervos.<\/a><\/p><\/blockquote>\n<p><iframe loading=\"lazy\" class=\"wp-embedded-content\" sandbox=\"allow-scripts\" security=\"restricted\" style=\"position: absolute; clip: rect(1px, 1px, 1px, 1px);\" title=\"\u00ab\u00abDOSTOIEVSKI, LA LIBERTAD Y EL PASAPORTE COVID\u00bb: EL APARTHEID SANITARIO. Cuando el Miedo se hace cargo de la sociedad, los ciudadanos se convierten en siervos.\u00bb \u2014 Punto Cr\u00edtico Derechos Humanos\" src=\"https:\/\/puntocritico.com\/ausajpuntocritico\/2021\/11\/29\/apartheid-sanitario\/embed\/#?secret=Fi6OyDFDi5#?secret=PamqnZzcMD\" data-secret=\"PamqnZzcMD\" width=\"500\" height=\"282\" frameborder=\"0\" marginwidth=\"0\" marginheight=\"0\" scrolling=\"no\"><\/iframe><\/p>\n<blockquote class=\"wp-embedded-content\" data-secret=\"0Pw8To5ie3\"><p><a href=\"https:\/\/puntocritico.com\/ausajpuntocritico\/2022\/07\/06\/la-amenaza-hibrida\/\">GUERRAS H\u00cdBRIDAS: Introducci\u00f3n. \u00abLa amenaza h\u00edbrida: la guerra imprevisible\u00bb, por Ana Salas Cuevas.<\/a><\/p><\/blockquote>\n<p><iframe loading=\"lazy\" class=\"wp-embedded-content\" sandbox=\"allow-scripts\" security=\"restricted\" style=\"position: absolute; clip: rect(1px, 1px, 1px, 1px);\" title=\"\u00abGUERRAS H\u00cdBRIDAS: Introducci\u00f3n. \u00abLa amenaza h\u00edbrida: la guerra imprevisible\u00bb, por Ana Salas Cuevas.\u00bb \u2014 Punto Cr\u00edtico Derechos Humanos\" src=\"https:\/\/puntocritico.com\/ausajpuntocritico\/2022\/07\/06\/la-amenaza-hibrida\/embed\/#?secret=56QDml4PqK#?secret=0Pw8To5ie3\" data-secret=\"0Pw8To5ie3\" width=\"500\" height=\"282\" frameborder=\"0\" marginwidth=\"0\" marginheight=\"0\" scrolling=\"no\"><\/iframe><\/p>\n<blockquote class=\"wp-embedded-content\" data-secret=\"cTaEos89q3\"><p><a href=\"https:\/\/puntocritico.com\/ausajpuntocritico\/2022\/07\/11\/desinformacion-como-arma-en-las-guerras-hibridas\/\">GUERRAS H\u00cdBRIDAS (II): ARMAS H\u00cdBRIDAS. UCRANIA, LA GUERRA DE TWITTER: De la Desinformaci\u00f3n como arma en las Guerras H\u00edbridas, a la Guerra Convencional, que puede llegar a ser Nuclear.<\/a><\/p><\/blockquote>\n<p><iframe loading=\"lazy\" class=\"wp-embedded-content\" sandbox=\"allow-scripts\" security=\"restricted\" style=\"position: absolute; clip: rect(1px, 1px, 1px, 1px);\" title=\"\u00abGUERRAS H\u00cdBRIDAS (II): ARMAS H\u00cdBRIDAS. UCRANIA, LA GUERRA DE TWITTER: De la Desinformaci\u00f3n como arma en las Guerras H\u00edbridas, a la Guerra Convencional, que puede llegar a ser Nuclear.\u00bb \u2014 Punto Cr\u00edtico Derechos Humanos\" src=\"https:\/\/puntocritico.com\/ausajpuntocritico\/2022\/07\/11\/desinformacion-como-arma-en-las-guerras-hibridas\/embed\/#?secret=5D3mRP2ufV#?secret=cTaEos89q3\" data-secret=\"cTaEos89q3\" width=\"500\" height=\"282\" frameborder=\"0\" marginwidth=\"0\" marginheight=\"0\" scrolling=\"no\"><\/iframe><\/p>\n<blockquote class=\"wp-embedded-content\" data-secret=\"TmDzyDNl7g\"><p><a href=\"https:\/\/puntocritico.com\/ausajpuntocritico\/2022\/07\/21\/armas-hibridas-redes-sociales-la-mediatizacion-del-mal\/\">GUERRAS H\u00cdBRIDAS (III): REDES SOCIALES: La mediatizaci\u00f3n del mal.<\/a><\/p><\/blockquote>\n<p><iframe loading=\"lazy\" class=\"wp-embedded-content\" sandbox=\"allow-scripts\" security=\"restricted\" style=\"position: absolute; clip: rect(1px, 1px, 1px, 1px);\" title=\"\u00abGUERRAS H\u00cdBRIDAS (III): REDES SOCIALES: La mediatizaci\u00f3n del mal.\u00bb \u2014 Punto Cr\u00edtico Derechos Humanos\" src=\"https:\/\/puntocritico.com\/ausajpuntocritico\/2022\/07\/21\/armas-hibridas-redes-sociales-la-mediatizacion-del-mal\/embed\/#?secret=5Yq0UddODs#?secret=TmDzyDNl7g\" data-secret=\"TmDzyDNl7g\" width=\"500\" height=\"282\" frameborder=\"0\" marginwidth=\"0\" marginheight=\"0\" scrolling=\"no\"><\/iframe><\/p>\n<blockquote class=\"wp-embedded-content\" data-secret=\"LyjnXbNVmp\"><p><a href=\"https:\/\/puntocritico.com\/ausajpuntocritico\/2022\/07\/23\/la-zona-gris-en-las-guerras-hibridas-conferencia\/\">GUERRAS H\u00cdBRIDAS (IV): LA ZONA GRIS. CONFERENCIA DE JOSEP BAQU\u00c9S (Video). \u00abConcepto de Zona Gris; Fundamentos de su creaci\u00f3n y medidas preventivas para afrontarlas\u00bb.<\/a><\/p><\/blockquote>\n<p><iframe loading=\"lazy\" class=\"wp-embedded-content\" sandbox=\"allow-scripts\" security=\"restricted\" style=\"position: absolute; clip: rect(1px, 1px, 1px, 1px);\" title=\"\u00abGUERRAS H\u00cdBRIDAS (IV): LA ZONA GRIS. CONFERENCIA DE JOSEP BAQU\u00c9S (Video). \u00abConcepto de Zona Gris; Fundamentos de su creaci\u00f3n y medidas preventivas para afrontarlas\u00bb.\u00bb \u2014 Punto Cr\u00edtico Derechos Humanos\" src=\"https:\/\/puntocritico.com\/ausajpuntocritico\/2022\/07\/23\/la-zona-gris-en-las-guerras-hibridas-conferencia\/embed\/#?secret=q3cCBaLuST#?secret=LyjnXbNVmp\" data-secret=\"LyjnXbNVmp\" width=\"500\" height=\"282\" frameborder=\"0\" marginwidth=\"0\" marginheight=\"0\" scrolling=\"no\"><\/iframe><\/p>\n<blockquote class=\"wp-embedded-content\" data-secret=\"y5ACeeGOVa\"><p><a href=\"https:\/\/puntocritico.com\/ausajpuntocritico\/2022\/07\/28\/globalizacion-de-la-guerra-hibrida-entre-estados\/\">GUERRAS H\u00cdBRIDAS (V): GLOBALIZACI\u00d3N DE LA GUERRA H\u00cdBRIDA ENTRE ESTADOS: \u00abGuerras H\u00edbridas en Asia Central y el tablero de ajedrez de Estados Unidos\u00bb, por Jorge Cachinero<\/a><\/p><\/blockquote>\n<p><iframe loading=\"lazy\" class=\"wp-embedded-content\" sandbox=\"allow-scripts\" security=\"restricted\" style=\"position: absolute; clip: rect(1px, 1px, 1px, 1px);\" title=\"\u00abGUERRAS H\u00cdBRIDAS (V): GLOBALIZACI\u00d3N DE LA GUERRA H\u00cdBRIDA ENTRE ESTADOS: \u00abGuerras H\u00edbridas en Asia Central y el tablero de ajedrez de Estados Unidos\u00bb, por Jorge Cachinero\u00bb \u2014 Punto Cr\u00edtico Derechos Humanos\" src=\"https:\/\/puntocritico.com\/ausajpuntocritico\/2022\/07\/28\/globalizacion-de-la-guerra-hibrida-entre-estados\/embed\/#?secret=vTvq0QUTaH#?secret=y5ACeeGOVa\" data-secret=\"y5ACeeGOVa\" width=\"500\" height=\"282\" frameborder=\"0\" marginwidth=\"0\" marginheight=\"0\" scrolling=\"no\"><\/iframe><\/p>\n<blockquote class=\"wp-embedded-content\" data-secret=\"65qwPOW5ds\"><p><a href=\"https:\/\/puntocritico.com\/ausajpuntocritico\/2022\/08\/03\/extension-de-la-guerra-hibrida-al-control-social-global\/\">GUERRAS H\u00cdBRIDAS (VI): EXTENSI\u00d3N DE LA GUERRA H\u00cdBRIDA AL CONTROL SOCIAL GLOBAL: GOOGLE (la Desinformaci\u00f3n global). El extra\u00f1o caso de Slavoj Zizec. Pr\u00e1ctica de la Guerra H\u00edbrida: LA ZONA GRIS DEL ESTRECHO DE TAIWAN.<\/a><\/p><\/blockquote>\n<p><iframe loading=\"lazy\" class=\"wp-embedded-content\" sandbox=\"allow-scripts\" security=\"restricted\" style=\"position: absolute; clip: rect(1px, 1px, 1px, 1px);\" title=\"\u00abGUERRAS H\u00cdBRIDAS (VI): EXTENSI\u00d3N DE LA GUERRA H\u00cdBRIDA AL CONTROL SOCIAL GLOBAL: GOOGLE (la Desinformaci\u00f3n global). El extra\u00f1o caso de Slavoj Zizec. Pr\u00e1ctica de la Guerra H\u00edbrida: LA ZONA GRIS DEL ESTRECHO DE TAIWAN.\u00bb \u2014 Punto Cr\u00edtico Derechos Humanos\" src=\"https:\/\/puntocritico.com\/ausajpuntocritico\/2022\/08\/03\/extension-de-la-guerra-hibrida-al-control-social-global\/embed\/#?secret=tVgrNzGvyY#?secret=65qwPOW5ds\" data-secret=\"65qwPOW5ds\" width=\"500\" height=\"282\" frameborder=\"0\" marginwidth=\"0\" marginheight=\"0\" scrolling=\"no\"><\/iframe><\/p>\n<blockquote class=\"wp-embedded-content\" data-secret=\"3isExUjqDM\"><p><a href=\"https:\/\/puntocritico.com\/ausajpuntocritico\/2022\/10\/24\/como-el-partido-laborista-de-gran-bretana-se-convirtio-en-una-conspiracion-criminal-contra-sus-miembros\/\">ARMAS H\u00cdBRIDAS: LA IZQUIERDA NEOLIBERAL. \u00abC\u00f3mo el Partido Laborista de Gran Breta\u00f1a se convirti\u00f3 en una Conspiraci\u00f3n Criminal contra sus miembros\u00bb.<\/a><\/p><\/blockquote>\n<p><iframe loading=\"lazy\" class=\"wp-embedded-content\" sandbox=\"allow-scripts\" security=\"restricted\" style=\"position: absolute; clip: rect(1px, 1px, 1px, 1px);\" title=\"\u00abARMAS H\u00cdBRIDAS: LA IZQUIERDA NEOLIBERAL. \u00abC\u00f3mo el Partido Laborista de Gran Breta\u00f1a se convirti\u00f3 en una Conspiraci\u00f3n Criminal contra sus miembros\u00bb.\u00bb \u2014 Punto Cr\u00edtico Derechos Humanos\" src=\"https:\/\/puntocritico.com\/ausajpuntocritico\/2022\/10\/24\/como-el-partido-laborista-de-gran-bretana-se-convirtio-en-una-conspiracion-criminal-contra-sus-miembros\/embed\/#?secret=VCGgh6McNm#?secret=3isExUjqDM\" data-secret=\"3isExUjqDM\" width=\"500\" height=\"282\" frameborder=\"0\" marginwidth=\"0\" marginheight=\"0\" scrolling=\"no\"><\/iframe><\/p>\n<blockquote class=\"wp-embedded-content\" data-secret=\"1UDsSxONBJ\"><p><a href=\"https:\/\/puntocritico.com\/ausajpuntocritico\/2022\/08\/08\/el-camino-de-la-desinformacion\/\">EL CAMINO DE LA DESINFORMACI\u00d3N. LOS \u00abVERIFICADORES DE HECHOS\u00bb Y LA C.I.A.: De Julian Assange al periodismo \u00abperrofaldero\u00bb. Entrevista a John Pilger.<\/a><\/p><\/blockquote>\n<p><iframe loading=\"lazy\" class=\"wp-embedded-content\" sandbox=\"allow-scripts\" security=\"restricted\" style=\"position: absolute; clip: rect(1px, 1px, 1px, 1px);\" title=\"\u00abEL CAMINO DE LA DESINFORMACI\u00d3N. LOS \u00abVERIFICADORES DE HECHOS\u00bb Y LA C.I.A.: De Julian Assange al periodismo \u00abperrofaldero\u00bb. Entrevista a John Pilger.\u00bb \u2014 Punto Cr\u00edtico Derechos Humanos\" src=\"https:\/\/puntocritico.com\/ausajpuntocritico\/2022\/08\/08\/el-camino-de-la-desinformacion\/embed\/#?secret=aqEabWupe0#?secret=1UDsSxONBJ\" data-secret=\"1UDsSxONBJ\" width=\"500\" height=\"282\" frameborder=\"0\" marginwidth=\"0\" marginheight=\"0\" scrolling=\"no\"><\/iframe><\/p>\n<blockquote class=\"wp-embedded-content\" data-secret=\"N5eyUKkr2e\"><p><a href=\"https:\/\/puntocritico.com\/ausajpuntocritico\/2022\/09\/20\/la-censura-y-la-prision\/\">UCRANIA, TRAS LA GUERRA, EL SAQUEO. \u00abC\u00d3MO FUNCIONA LA PROPAGANDA\u00bb, por John Pilger. \u00abLa Libertad de Informaci\u00f3n, la Censura y la Prisi\u00f3n\u00bb. Las noticias de Lee Camp.<\/a><\/p><\/blockquote>\n<p><iframe loading=\"lazy\" class=\"wp-embedded-content\" sandbox=\"allow-scripts\" security=\"restricted\" style=\"position: absolute; clip: rect(1px, 1px, 1px, 1px);\" title=\"\u00abUCRANIA, TRAS LA GUERRA, EL SAQUEO. \u00abC\u00d3MO FUNCIONA LA PROPAGANDA\u00bb, por John Pilger. \u00abLa Libertad de Informaci\u00f3n, la Censura y la Prisi\u00f3n\u00bb. Las noticias de Lee Camp.\u00bb \u2014 Punto Cr\u00edtico Derechos Humanos\" src=\"https:\/\/puntocritico.com\/ausajpuntocritico\/2022\/09\/20\/la-censura-y-la-prision\/embed\/#?secret=QvLbH8w7Po#?secret=N5eyUKkr2e\" data-secret=\"N5eyUKkr2e\" width=\"500\" height=\"282\" frameborder=\"0\" marginwidth=\"0\" marginheight=\"0\" scrolling=\"no\"><\/iframe><\/p>\n<blockquote class=\"wp-embedded-content\" data-secret=\"loiPpp6XaX\"><p><a href=\"https:\/\/puntocritico.com\/ausajpuntocritico\/2017\/02\/16\/michel-chossudovsky-contra-la-desinformacion-pavimentar-la-via-hacia-la-paz-traduccion-completa\/\">Michel Chossudovsky &#8211; Contra la desinformaci\u00f3n \/ pavimentar la v\u00eda hacia la paz. (Traducci\u00f3n completa)<\/a><\/p><\/blockquote>\n<p><iframe loading=\"lazy\" class=\"wp-embedded-content\" sandbox=\"allow-scripts\" security=\"restricted\" style=\"position: absolute; clip: rect(1px, 1px, 1px, 1px);\" title=\"\u00abMichel Chossudovsky &#8211; Contra la desinformaci\u00f3n \/ pavimentar la v\u00eda hacia la paz. (Traducci\u00f3n completa)\u00bb \u2014 Punto Cr\u00edtico Derechos Humanos\" src=\"https:\/\/puntocritico.com\/ausajpuntocritico\/2017\/02\/16\/michel-chossudovsky-contra-la-desinformacion-pavimentar-la-via-hacia-la-paz-traduccion-completa\/embed\/#?secret=RHhIq5OlhS#?secret=loiPpp6XaX\" data-secret=\"loiPpp6XaX\" width=\"500\" height=\"282\" frameborder=\"0\" marginwidth=\"0\" marginheight=\"0\" scrolling=\"no\"><\/iframe><\/p>\n<blockquote class=\"wp-embedded-content\" data-secret=\"ZpUwVwVtQF\"><p><a href=\"https:\/\/puntocritico.com\/ausajpuntocritico\/2022\/10\/12\/fabricando-disidencia-globalistas-y-elites-controlan-movimientos-populares-por-michel-chossudovsky-2\/\">FABRICANDO DISIDENCIA: GLOBALISTAS Y \u00c9LITES CONTROLAN MOVIMIENTOS POPULARES, por Michel Chossudovsky<\/a><\/p><\/blockquote>\n<p><iframe loading=\"lazy\" class=\"wp-embedded-content\" sandbox=\"allow-scripts\" security=\"restricted\" style=\"position: absolute; clip: rect(1px, 1px, 1px, 1px);\" title=\"\u00abFABRICANDO DISIDENCIA: GLOBALISTAS Y \u00c9LITES CONTROLAN MOVIMIENTOS POPULARES, por Michel Chossudovsky\u00bb \u2014 Punto Cr\u00edtico Derechos Humanos\" src=\"https:\/\/puntocritico.com\/ausajpuntocritico\/2022\/10\/12\/fabricando-disidencia-globalistas-y-elites-controlan-movimientos-populares-por-michel-chossudovsky-2\/embed\/#?secret=cITEPMG7vf#?secret=ZpUwVwVtQF\" data-secret=\"ZpUwVwVtQF\" width=\"500\" height=\"282\" frameborder=\"0\" marginwidth=\"0\" marginheight=\"0\" scrolling=\"no\"><\/iframe><\/p>\n<blockquote class=\"wp-embedded-content\" data-secret=\"eHC9EIOisp\"><p><a href=\"https:\/\/puntocritico.com\/ausajpuntocritico\/2020\/08\/24\/youtube-ayudo-al-surgimiento-de-la-derecha-y-la-radicalizacion-en-brasil-new-york-times\/\">YouTube ayud\u00f3 al surgimiento de la derecha y la radicalizaci\u00f3n en Brasil (New York Times)<\/a><\/p><\/blockquote>\n<p><iframe loading=\"lazy\" class=\"wp-embedded-content\" sandbox=\"allow-scripts\" security=\"restricted\" style=\"position: absolute; clip: rect(1px, 1px, 1px, 1px);\" title=\"\u00abYouTube ayud\u00f3 al surgimiento de la derecha y la radicalizaci\u00f3n en Brasil (New York Times)\u00bb \u2014 Punto Cr\u00edtico Derechos Humanos\" src=\"https:\/\/puntocritico.com\/ausajpuntocritico\/2020\/08\/24\/youtube-ayudo-al-surgimiento-de-la-derecha-y-la-radicalizacion-en-brasil-new-york-times\/embed\/#?secret=Z2HfhVYyGz#?secret=eHC9EIOisp\" data-secret=\"eHC9EIOisp\" width=\"500\" height=\"282\" frameborder=\"0\" marginwidth=\"0\" marginheight=\"0\" scrolling=\"no\"><\/iframe><\/p>\n<blockquote class=\"wp-embedded-content\" data-secret=\"eEg5O3qzXR\"><p><a href=\"https:\/\/puntocritico.com\/ausajpuntocritico\/2022\/09\/25\/narcoestados-el-socialismo-del-siglo-xxi-jorge-cachinero\/\">NARCOESTADOS: LA ZONA GRIS LATINA; QUE SE EXTIENDE POR ESPA\u00d1\u00c0 Y AMENAZA A EUROPA. \u00abNarco, terror y pol\u00edtica en el suroeste de Europa\u00bb, por Jorge Cachinero (serie completa)<\/a><\/p><\/blockquote>\n<p><iframe loading=\"lazy\" class=\"wp-embedded-content\" sandbox=\"allow-scripts\" security=\"restricted\" style=\"position: absolute; clip: rect(1px, 1px, 1px, 1px);\" title=\"\u00abNARCOESTADOS: LA ZONA GRIS LATINA; QUE SE EXTIENDE POR ESPA\u00d1\u00c0 Y AMENAZA A EUROPA. \u00abNarco, terror y pol\u00edtica en el suroeste de Europa\u00bb, por Jorge Cachinero (serie completa)\u00bb \u2014 Punto Cr\u00edtico Derechos Humanos\" src=\"https:\/\/puntocritico.com\/ausajpuntocritico\/2022\/09\/25\/narcoestados-el-socialismo-del-siglo-xxi-jorge-cachinero\/embed\/#?secret=SHgaUlHyQr#?secret=eEg5O3qzXR\" data-secret=\"eEg5O3qzXR\" width=\"500\" height=\"282\" frameborder=\"0\" marginwidth=\"0\" marginheight=\"0\" scrolling=\"no\"><\/iframe><\/p>\n<blockquote class=\"wp-embedded-content\" data-secret=\"bn9avrq4AP\"><p><a href=\"https:\/\/puntocritico.com\/ausajpuntocritico\/2022\/10\/19\/ucrania-paz-los-acuerdos-de-minsk\/\">UCRANIA: LOS INSTRUMENTOS DE PAZ: LOS ACUERDOS DE MINSK. \u00abNo es enemigo el que quiere la Paz\u00bb.<\/a><\/p><\/blockquote>\n<p><iframe loading=\"lazy\" class=\"wp-embedded-content\" sandbox=\"allow-scripts\" security=\"restricted\" style=\"position: absolute; clip: rect(1px, 1px, 1px, 1px);\" title=\"\u00abUCRANIA: LOS INSTRUMENTOS DE PAZ: LOS ACUERDOS DE MINSK. \u00abNo es enemigo el que quiere la Paz\u00bb.\u00bb \u2014 Punto Cr\u00edtico Derechos Humanos\" src=\"https:\/\/puntocritico.com\/ausajpuntocritico\/2022\/10\/19\/ucrania-paz-los-acuerdos-de-minsk\/embed\/#?secret=WTJAL3P1zJ#?secret=bn9avrq4AP\" data-secret=\"bn9avrq4AP\" width=\"500\" height=\"282\" frameborder=\"0\" marginwidth=\"0\" marginheight=\"0\" scrolling=\"no\"><\/iframe><\/p>\n<blockquote class=\"wp-embedded-content\" data-secret=\"h67uOpym17\"><p><a href=\"https:\/\/puntocritico.com\/ausajpuntocritico\/2022\/08\/29\/como-mueren-las-democracias\/\">C\u00d3MO MUEREN LAS DEMOCRACIAS. \u00abNo somos la primera civilizaci\u00f3n en colapsar, pero probablemente seremos los \u00faltimos\u00bb, por Chris Hedges<\/a><\/p><\/blockquote>\n<p><iframe loading=\"lazy\" class=\"wp-embedded-content\" sandbox=\"allow-scripts\" security=\"restricted\" style=\"position: absolute; clip: rect(1px, 1px, 1px, 1px);\" title=\"\u00abC\u00d3MO MUEREN LAS DEMOCRACIAS. \u00abNo somos la primera civilizaci\u00f3n en colapsar, pero probablemente seremos los \u00faltimos\u00bb, por Chris Hedges\u00bb \u2014 Punto Cr\u00edtico Derechos Humanos\" src=\"https:\/\/puntocritico.com\/ausajpuntocritico\/2022\/08\/29\/como-mueren-las-democracias\/embed\/#?secret=Qm0jMCvVhq#?secret=h67uOpym17\" data-secret=\"h67uOpym17\" width=\"500\" height=\"282\" frameborder=\"0\" marginwidth=\"0\" marginheight=\"0\" scrolling=\"no\"><\/iframe><\/p>\n<p>&nbsp;<\/p>\n<p><a href=\"https:\/\/puntocritico.com\/ausajpuntocritico\/author\/punto-critico\/\"><img loading=\"lazy\" decoding=\"async\" class=\"aligncenter wp-image-9528\" src=\"https:\/\/puntocritico.com\/ausajpuntocritico\/wp-content\/uploads\/2018\/03\/Mosca_Punto_Cr\u00edtico_40.png\" alt=\"\" width=\"80\" height=\"80\" data-id=\"9528\" \/><\/a><\/p>\n<p>&nbsp;<\/p>\n","protected":false},"excerpt":{"rendered":"<div class=\"mh-excerpt\"><p>\u00a0 Hemos abordado ya, gracias a las documentadas investigaciones de Alan Macleod y MintPress News. la infiltraci\u00f3n de los Servicios de Inteligencia y espionaje Occidentales, m\u00e1s intensa en cuanto a los pa\u00edses anglosajones, relativa a <a class=\"mh-excerpt-more\" href=\"https:\/\/puntocritico.com\/ausajpuntocritico\/2022\/11\/16\/de-la-otan-a-tiktok\/\" title=\"GUERRAS H\u00cdBRIDAS (VII). EL OLEODUCTO DE LA OTAN A TIKTOK: \u00bfPOR QU\u00c9 TIKTOK EMPLEA TANTOS AGENTES DE SEGURIDAD NACIONAL?\">[&#8230;]<\/a><\/p>\n<\/div>","protected":false},"author":3,"featured_media":2261000,"comment_status":"open","ping_status":"closed","sticky":false,"template":"","format":"standard","meta":{"_acf_changed":false,"_exactmetrics_skip_tracking":false,"_exactmetrics_sitenote_active":false,"_exactmetrics_sitenote_note":"","_exactmetrics_sitenote_category":0,"footnotes":""},"categories":[7,12],"tags":[48],"class_list":{"0":"post-2260327","1":"post","2":"type-post","3":"status-publish","4":"format-standard","5":"has-post-thumbnail","7":"category-politica","8":"category-corrupcion","9":"tag-guerras-hibridas"},"acf":[],"_links":{"self":[{"href":"https:\/\/puntocritico.com\/ausajpuntocritico\/wp-json\/wp\/v2\/posts\/2260327","targetHints":{"allow":["GET"]}}],"collection":[{"href":"https:\/\/puntocritico.com\/ausajpuntocritico\/wp-json\/wp\/v2\/posts"}],"about":[{"href":"https:\/\/puntocritico.com\/ausajpuntocritico\/wp-json\/wp\/v2\/types\/post"}],"author":[{"embeddable":true,"href":"https:\/\/puntocritico.com\/ausajpuntocritico\/wp-json\/wp\/v2\/users\/3"}],"replies":[{"embeddable":true,"href":"https:\/\/puntocritico.com\/ausajpuntocritico\/wp-json\/wp\/v2\/comments?post=2260327"}],"version-history":[{"count":0,"href":"https:\/\/puntocritico.com\/ausajpuntocritico\/wp-json\/wp\/v2\/posts\/2260327\/revisions"}],"wp:featuredmedia":[{"embeddable":true,"href":"https:\/\/puntocritico.com\/ausajpuntocritico\/wp-json\/wp\/v2\/media\/2261000"}],"wp:attachment":[{"href":"https:\/\/puntocritico.com\/ausajpuntocritico\/wp-json\/wp\/v2\/media?parent=2260327"}],"wp:term":[{"taxonomy":"category","embeddable":true,"href":"https:\/\/puntocritico.com\/ausajpuntocritico\/wp-json\/wp\/v2\/categories?post=2260327"},{"taxonomy":"post_tag","embeddable":true,"href":"https:\/\/puntocritico.com\/ausajpuntocritico\/wp-json\/wp\/v2\/tags?post=2260327"}],"curies":[{"name":"wp","href":"https:\/\/api.w.org\/{rel}","templated":true}]}}