{"id":2258881,"date":"2025-03-28T00:05:12","date_gmt":"2025-03-27T23:05:12","guid":{"rendered":"https:\/\/puntocritico.com\/ausajpuntocritico\/?p=2258881"},"modified":"2025-03-27T15:42:36","modified_gmt":"2025-03-27T14:42:36","slug":"spinoza-justicia-y-republica-perfecto-andres-lbanez-un-modelo-de-juez-y-de-jurista-por-luigi-ferrajoli","status":"publish","type":"post","link":"https:\/\/puntocritico.com\/ausajpuntocritico\/2025\/03\/28\/spinoza-justicia-y-republica-perfecto-andres-lbanez-un-modelo-de-juez-y-de-jurista-por-luigi-ferrajoli\/","title":{"rendered":"SPINOZA: Justicia y Rep\u00fablica \/\/ \u00abPerfecto Andr\u00e9s lb\u00e1\u00f1ez: Un modelo de juez y de jurista\u00bb, por Luigi Ferrajoli."},"content":{"rendered":"<p style=\"text-align: justify;\"><span style=\"color: #008000; font-size: 14pt;\">SPINOZA: Justicia y Rep\u00fablica<\/span><\/p>\n<p style=\"text-align: justify;\">\u00a0<\/p>\n<p style=\"text-align: justify;\"><a href=\"https:\/\/puntocritico.com\/ausajpuntocritico\/2025\/03\/25\/la-cultura-de-la-jurisdiccion-parte-i-homenaje-a-un-juez-entrevista-a-perfecto-andres-ibanez-2\/\"><span style=\"font-size: 14pt; color: #008000;\">\u201cLA CULTURA DE LA JURISDICCI\u00d3N\u201d (Parte I) \u2013 HOMENAJE A UN JUEZ: Entrevista a Perfecto Andr\u00e9s Ib\u00e1\u00f1ez<\/span><\/a><\/p>\n<p style=\"text-align: justify;\"><a href=\"https:\/\/puntocritico.com\/ausajpuntocritico\/2025\/03\/26\/la-cultura-de-la-jurisdiccion-parte-ii-asociacionismo-judicial-de-justicia-democratica-a-jpd-entrevista-a-perfecto-andres-ibanez\/\"><span style=\"font-size: 14pt; color: #008000;\">\u201cLA CULTURA DE LA JURISDICCI\u00d3N\u201d (Parte II) \u2013 ASOCIACIONISMO JUDICIAL: De Justicia Democr\u00e1tica a JpD: Entrevista a Perfecto Andr\u00e9s Ib\u00e1\u00f1ez<\/span><\/a><\/p>\n<p style=\"text-align: justify;\"><a href=\"https:\/\/puntocritico.com\/ausajpuntocritico\/2025\/03\/27\/la-cultura-de-la-jurisdiccion-parte-iii-tercero-imparcial-las-garantias-del-proceso-entrevista-a-perfecto-andres-ibanez-2\/\"><span style=\"font-size: 14pt; color: #008000;\">\u201cLA CULTURA DE LA JURISDICCI\u00d3N\u201d (Parte III) \u2013 \u201cTERCERO IMPARCIAL\u201d; Las garant\u00edas del Proceso: Entrevista a Perfecto Andr\u00e9s Ib\u00e1\u00f1ez<\/span><\/a><\/p>\n<p style=\"text-align: justify;\"><span style=\"font-size: 14pt; color: #008000;\">SPINOZA: Justicia en Rep\u00fablica\/\/Perfecto Andr\u00e9s lb\u00e1\u00f1ez: Un modelo de juez y de jurista, por Luigi Ferrajoli<\/span><\/p>\n<p>&nbsp;<\/p>\n<p><span style=\"font-family: georgia, palatino, serif;\"><\/span><\/p>\n<p style=\"text-align: right;\"><span style=\"font-family: georgia, palatino, serif;\"><em><span style=\"font-size: 14pt;\">\u00abLa Rep\u00fablica asume todo el derecho por consenso y por coacci\u00f3n, reuniendo en s\u00ed todo el poder de la naturaleza. La justicia s\u00f3lo se concibe en la Rep\u00fablica\u00bb<\/span><\/em><\/span><\/p>\n<p>&nbsp;<\/p>\n<blockquote>\n<h2 style=\"text-align: center;\"><span style=\"font-size: 24pt; font-family: georgia, palatino, serif;\">SPINOZA: Justicia y Rep\u00fablica<\/span><\/h2>\n<p style=\"text-align: right;\"><span style=\"font-size: 14pt; font-family: georgia, palatino, serif;\"><strong>\u201c<\/strong><em>Pues nada hay oculto que no quede manifiesto,<\/em><\/span><\/p>\n<p style=\"text-align: right;\"><span style=\"font-size: 14pt; font-family: georgia, palatino, serif;\"><em>y nada secreto que no venga a ser conocido y descubierto<\/em><strong>\u201d<\/strong><\/span><\/p>\n<p style=\"text-align: right;\"><span style=\"font-size: 14pt; font-family: georgia, palatino, serif;\">Lucas, 8-17\u00a0<\/span><\/p>\n<figure id=\"attachment_10431\" aria-describedby=\"caption-attachment-10431\" style=\"width: 678px\" class=\"wp-caption aligncenter\"><a href=\"https:\/\/puntocritico.com\/ausajpuntocritico\/wp-content\/uploads\/2018\/03\/Ius-fas-Derecho-romano.jpg\" rel=\"lightbox[2258881]\"><img loading=\"lazy\" decoding=\"async\" class=\"wp-image-10431 size-mh-magazine-content\" src=\"https:\/\/puntocritico.com\/ausajpuntocritico\/wp-content\/uploads\/2018\/03\/Ius-fas-Derecho-romano-678x381.jpg\" alt=\"Justicia y Rep\u00fablica\" width=\"678\" height=\"381\" \/><\/a><figcaption id=\"caption-attachment-10431\" class=\"wp-caption-text\"><span style=\"color: #008000; font-family: georgia, palatino, serif;\">Derecho romano, ius y fas<\/span><\/figcaption><\/figure>\n<p>&nbsp;<\/p>\n<p style=\"text-align: justify;\"><span style=\"font-size: 14pt; font-family: georgia, palatino, serif;\">\u201c<em>N<\/em><i>o puede concebirse, en el estado natural, voluntad alguna de dar a cada uno lo suyo (\u2026), ni hay nada de lo que pueda decirse que es justo o injusto<\/i>\u201d\u00a0(SPINOZA; \u00c9tica \u2013 Cap. IV).<\/span><\/p>\n<p style=\"text-align: justify;\"><span style=\"font-size: 14pt; font-family: georgia, palatino, serif;\">\u201c<em>J<\/em><i>usticia es la permanente disposici\u00f3n de \u00e1nimo a atribuir a cada uno lo que le pertenece por el derecho civil<\/i>\u201c (SPINOZA; Tratado Teol\u00f3gico Pol\u00edtico \u2013 Cap. XVI).<\/span><\/p>\n<p style=\"text-align: justify;\"><span style=\"font-size: 14pt; font-family: georgia, palatino, serif;\">\u201c<i>La justicia y la injusticia no pueden concebirse sino en el Estado (bajo el poder). Pues en la naturaleza no existe nada que se pueda decir con derecho que es de \u00e9ste y no del otro, ya que todas las cosas son de todos y todos tienen la potestad para reclamarlas para s\u00ed<\/i>\u201d\u00a0(SPINOZA; Tratado Pol\u00edtico \u2013 Cap. II).<\/span><\/p>\n<p style=\"text-align: justify;\"><span style=\"font-size: 14pt; font-family: georgia, palatino, serif;\">El estado civil, por consiguiente, surge de la cesi\u00f3n por pacto del derecho natural de cada individuo, de modo que se conforma la voluntad de todos a la vez por consenso. Por ello, como explica Spinoza \u201c<em>el estado civil y la condici\u00f3n de ciudadano requiere la asunci\u00f3n primigenia de evitar y desterrar absolutamente cualquier relaci\u00f3n que no tenga su origen en el todo, y nunca en la de parte<\/em>\u201d. La justicia en Spinoza est\u00e1 ligada a un acto de voluntad constante.<\/span><\/p>\n<p style=\"text-align: justify;\"><span style=\"font-size: 14pt; font-family: georgia, palatino, serif;\">Siguiendo la estela del Pulidor de Lentes, el fil\u00f3sofo del Derecho, EL\u00cdAS D\u00cdAZ, considera que no hay Estado de Derecho, como exigencia racional, \u201c<em>si la ley proviene de una voluntad individual absoluta y no de una asamblea de representaci\u00f3n popular libremente elegida<\/em>\u201d; \u201c<em>no hay Estado de Derecho si la ley no es expresi\u00f3n de la voluntad general, o \u2013 admit\u00e1moslo- de lo que, en cada momento, m\u00e1s se acerca a la verdadera voluntad general<\/em>\u201d. El\u00edas D\u00edaz sostiene la primac\u00eda del poder legislativo, en tanto que \u201c<em>creador del Derecho<\/em>\u201d, frente a los poderes ejecutivo y judicial.\u00a0<\/span><\/p>\n<p style=\"text-align: justify;\"><span style=\"font-size: 14pt; font-family: georgia, palatino, serif;\">De la misma manera que no hay democracia real sin jueces \u00edntegros y honrados porque ellos interpretan las leyes y las aplican al caso concreto. Para lograrlo cuentan con el poder coercitivo del Estado.\u00a0<\/span><\/p>\n<p style=\"text-align: justify;\"><span style=\"font-size: 14pt; font-family: georgia, palatino, serif;\">Por tanto, <a href=\"https:\/\/puntocritico.com\/ausajpuntocritico\/2023\/05\/26\/spinoza-y-la-justicia-3\/\">la JUSTICIA, para Spinoza<\/a>, s\u00f3lo puede existir en la forma de Gobierno del Estado de la REP\u00daBLICA, pues su voluntad surge del consenso que instaura las SUPREMAS POTESTADES: \u201c<em>la justicia s\u00f3lo depende del decreto de las potestades supremas<\/em>\u201d.<\/span><\/p>\n<\/blockquote>\n<p>&nbsp;<\/p>\n<figure id=\"attachment_13569\" aria-describedby=\"caption-attachment-13569\" style=\"width: 440px\" class=\"wp-caption aligncenter\"><a href=\"https:\/\/puntocritico.com\/ausajpuntocritico\/2023\/05\/26\/spinoza-y-la-justicia-3\/\"><img loading=\"lazy\" decoding=\"async\" class=\"wp-image-13569\" src=\"https:\/\/puntocritico.com\/ausajpuntocritico\/wp-content\/uploads\/2018\/08\/Spinoza-y-la-justicia-300x169.jpg\" alt=\"\" width=\"440\" height=\"247\" srcset=\"https:\/\/puntocritico.com\/ausajpuntocritico\/wp-content\/uploads\/2018\/08\/Spinoza-y-la-justicia-300x169.jpg 300w, https:\/\/puntocritico.com\/ausajpuntocritico\/wp-content\/uploads\/2018\/08\/Spinoza-y-la-justicia-267x150.jpg 267w, https:\/\/puntocritico.com\/ausajpuntocritico\/wp-content\/uploads\/2018\/08\/Spinoza-y-la-justicia.jpg 678w\" sizes=\"auto, (max-width: 440px) 100vw, 440px\" \/><\/a><figcaption id=\"caption-attachment-13569\" class=\"wp-caption-text\"><span style=\"font-family: georgia, palatino, serif;\"><a href=\"https:\/\/puntocritico.com\/ausajpuntocritico\/2023\/05\/26\/spinoza-y-la-justicia-3\/\"><span style=\"color: #008000;\">Spinoza y la Justicia <\/span><\/a><\/span><\/figcaption><\/figure>\n<p style=\"text-align: center;\"><span style=\"font-size: 18pt; font-family: georgia, palatino, serif;\">\u2666<span style=\"color: #008000;\">\u2666<\/span>\u2666<span style=\"color: #008000;\">\u2666<\/span>\u2666<span style=\"color: #008000;\">\u2666<\/span>\u2666<\/span><\/p>\n<h2 style=\"text-align: center;\"><span style=\"font-size: 24pt; font-family: georgia, palatino, serif;\"><strong>Perfecto Andr\u00e9s lb\u00e1\u00f1ez: Un modelo de juez y de jurista<\/strong><\/span><\/h2>\n<p style=\"text-align: justify;\"><span style=\"font-size: 14pt; font-family: georgia, palatino, serif;\">Por Luigi FERRAJOLI <\/span><a id=\"refasterisco100A\"><\/a><span style=\"font-size: 14pt; font-family: georgia, palatino, serif;\"><a href=\"#refasterisco100\">*<\/a><\/span><\/p>\n<p style=\"text-align: justify;\"><span style=\"font-family: georgia, palatino, serif;\"><em><span style=\"font-size: 14pt;\">Articulo Publicado en\u00a0<a href=\"http:\/\/www.juecesdemocracia.es\/publicaciones-2\/\" target=\"_blank\" rel=\"noopener\">Revista Jueces Para la Democracia<\/a>, num. 90, diciembre\/2017\u00a0<\/span><\/em><\/span><\/p>\n<p>&nbsp;<\/p>\n<figure id=\"attachment_10422\" aria-describedby=\"caption-attachment-10422\" style=\"width: 300px\" class=\"wp-caption alignleft\"><a href=\"https:\/\/puntocritico.com\/ausajpuntocritico\/wp-content\/uploads\/2018\/03\/luigi-ferrajoli.png\" rel=\"lightbox[2258881]\"><img loading=\"lazy\" decoding=\"async\" class=\"wp-image-10422 size-medium\" src=\"https:\/\/puntocritico.com\/ausajpuntocritico\/wp-content\/uploads\/2018\/03\/luigi-ferrajoli-300x241.png\" alt=\"\" width=\"300\" height=\"241\" srcset=\"https:\/\/puntocritico.com\/ausajpuntocritico\/wp-content\/uploads\/2018\/03\/luigi-ferrajoli-300x241.png 300w, https:\/\/puntocritico.com\/ausajpuntocritico\/wp-content\/uploads\/2018\/03\/luigi-ferrajoli-768x616.png 768w, https:\/\/puntocritico.com\/ausajpuntocritico\/wp-content\/uploads\/2018\/03\/luigi-ferrajoli.png 897w\" sizes=\"auto, (max-width: 300px) 100vw, 300px\" \/><\/a><figcaption id=\"caption-attachment-10422\" class=\"wp-caption-text\"><span style=\"color: #008000; font-family: georgia, palatino, serif;\">Luigi Ferrajoli<\/span><\/figcaption><\/figure>\n<p style=\"text-align: justify;\"><span style=\"font-family: georgia, palatino, serif; font-size: 14pt;\">Estoy convencido de que todos aquellos que han tenido la suerte de conocer a <strong>Perfecto Andr\u00e9s lb\u00e1\u00f1ez<\/strong> y de disfrutar de su amistad sienten una deuda de gratitud para con \u00e9l: por lo que <strong>Perfecto<\/strong> nos ha ense\u00f1ado con sus escritos y, m\u00e1s todav\u00eda, con su ejemplo, y por la generosidad con la que siempre alimenta sus relaciones con los dem\u00e1s. <\/span><span style=\"font-family: georgia, palatino, serif; font-size: 14pt;\">Personalmente tuve la suerte de conocerlo hace m\u00e1s de cuarenta a\u00f1os, a mitad de los a\u00f1os setenta. <strong>El franquismo hab\u00eda ca\u00eddo hac\u00eda poco<\/strong>.<\/span><\/p>\n<p style=\"text-align: justify;\"><span style=\"font-family: georgia, palatino, serif; font-size: 14pt;\"> <strong>Perfecto<\/strong> hab\u00eda venido a <em><strong>Italia<\/strong><\/em>, junto con otros exponentes de un grupo de jueces espa\u00f1oles progresistas que entonces se denominaba \u00ab<em><strong>Justicia Democr\u00e1tica<\/strong><\/em>\u00bb <a id=\"ref1A\"><\/a><a href=\"#ref1\">(1)<\/a>, para entrar en contacto con nuestra <strong>Magistratura Democr\u00e1tica<\/strong>.\u00a0<\/span><\/p>\n<p style=\"text-align: justify;\"><span style=\"font-family: georgia, palatino, serif; font-size: 14pt;\">\u00a0Yo acaba de dejar la\u00a0 magistratura por la ense\u00f1anza, mientras que <strong>Perfecto<\/strong> estaba en sus\u00a0primeros a\u00f1os de trabajo como juez. Recuerdo su curiosidad y su entusiasmo por el papel\u00a0desempe\u00f1ado en aquellos a\u00f1os en <strong><em>Italia<\/em> <\/strong>por <strong>Magistratura Democr\u00e1tica<\/strong> en la defensa y en\u00a0la puesta en pr\u00e1ctica de los principios constitucionales, su inter\u00e9s por el modelo italiano\u00a0de ordenamiento judicial y sus garant\u00edas de independencia, su voluntad de conocer y de\u00a0reflexionar sobre la jurisdicci\u00f3n para dar un sentido elevado al oficio de juez.<\/span><\/p>\n<p style=\"text-align: justify;\"><span style=\"font-family: georgia, palatino, serif; font-size: 14pt;\">Recuerdo, sobre todo, la sinton\u00eda total que se estableci\u00f3 inmediatamente entre <strong>Perfecto<\/strong> y nuestro peque\u00f1o grupo de jueces dem\u00f3cratas, en particular con<strong> Salvatore Senese<\/strong>, <strong>Pino Borr\u00e9<\/strong>, <strong>Edmondo Bruti Liberati<\/strong>, <strong>Livio Pepino<\/strong>, <strong>Franco lppolito<\/strong>, <strong>Luigi Saraceni<\/strong>, <strong>Giovanni Palombarini<\/strong>, <strong>Elena Paciotti<\/strong> y tantos otros. Por lo dem\u00e1s, esta sinton\u00eda inmediata, fruto de la generosidad de <strong>Perfecto<\/strong> y del car\u00e1cter contagioso de su curiosidad intelectual y de su compromiso civil, siempre ha sido un rasgo\u00a0 caracter\u00edstico, como he tenido ocasi\u00f3n de comprender en los muchos a\u00f1os de nuestra amistad, de las innumerables relaciones que es capaz de establecer con las personas. <\/span><\/p>\n<p style=\"text-align: justify;\"><span style=\"font-family: georgia, palatino, serif; font-size: 14pt;\">Resulta impresionante la cantidad de juristas -de magistrados, de abogados, de profesores, particularmente de fil\u00f3sofos y te\u00f3ricos del derecho, penalistas y constitucionalistas- que <strong>Perfecto<\/strong> ha conocido en todo el mundo, no solo espa\u00f1ol, sino tambi\u00e9n italiano y latinoamericano. Y no se trata de simples conocidos, sino casi siempre de verdaderas amistades. Pues <strong>Perfecto<\/strong> <strong>tiene la capacidad de suscitar no solo admiraci\u00f3n, sino tambi\u00e9n afecto<\/strong>. <\/span><\/p>\n<p style=\"text-align: justify;\"><span style=\"font-family: georgia, palatino, serif; font-size: 14pt;\">De hecho resulta dif\u00edcil conocer a <strong>Perfecto<\/strong> y no llegar a ser su amigo. Por ello son innumerables los juristas que\u00a0conocen y admiran a <strong>Perfecto<\/strong> y sobre los que <strong>Perfecto<\/strong> ha ejercido una influencia extraordinaria. He tenido ocasi\u00f3n de verificarlo en numerosas ocasiones. Todas las veces en que\u00a0ha resultado que he preguntado, en <em>Espa\u00f1a<\/em> o en <em>Am\u00e9rica Latina<\/em>, a magistrados o a profesores\u00a0si conoc\u00edan a <strong>Perfecto<\/strong> la cara de mis interlocutores se ha iluminado: obviamente\u00a0lo conoc\u00edan y lo admiraban.<\/span><\/p>\n<figure id=\"attachment_10425\" aria-describedby=\"caption-attachment-10425\" style=\"width: 300px\" class=\"wp-caption alignright\"><a href=\"https:\/\/puntocritico.com\/ausajpuntocritico\/wp-content\/uploads\/2018\/03\/Perfecto-Andres-Iba\u00f1ez-6.jpg\" rel=\"lightbox[2258881]\"><img loading=\"lazy\" decoding=\"async\" class=\"wp-image-10425 size-medium\" src=\"https:\/\/puntocritico.com\/ausajpuntocritico\/wp-content\/uploads\/2018\/03\/Perfecto-Andres-Iba\u00f1ez-6-300x217.jpg\" alt=\"\" width=\"300\" height=\"217\" srcset=\"https:\/\/puntocritico.com\/ausajpuntocritico\/wp-content\/uploads\/2018\/03\/Perfecto-Andres-Iba\u00f1ez-6-300x217.jpg 300w, https:\/\/puntocritico.com\/ausajpuntocritico\/wp-content\/uploads\/2018\/03\/Perfecto-Andres-Iba\u00f1ez-6.jpg 450w\" sizes=\"auto, (max-width: 300px) 100vw, 300px\" \/><\/a><figcaption id=\"caption-attachment-10425\" class=\"wp-caption-text\"><span style=\"color: #008000; font-family: georgia, palatino, serif;\">Perfecto Andr\u00e9s Ib\u00e1\u00f1ez<\/span><\/figcaption><\/figure>\n<p style=\"text-align: justify;\"><span style=\"font-family: georgia, palatino, serif;\"><span style=\"font-size: 14pt;\"><strong>\u00bfC\u00f3mo se explican esta admiraci\u00f3n y este afecto?<\/strong> Se explican por el hecho de que\u00a0<strong>Perfecto<\/strong> ha encarnado durante m\u00e1s de cuarenta a\u00f1os un modelo fascinante de juez y de\u00a0jurista, de operador y a la vez de te\u00f3rico del derecho, por lo que representa un punto de\u00a0referencia ideal para toda la cultura jur\u00eddica democr\u00e1tica, no solamente espa\u00f1ola, sino\u00a0tambi\u00e9n italiana y latinoamericana. Resulta incre\u00edble la capacidad de trabajo de <strong>Perfecto<\/strong>,\u00a0magistrado comprometido en su funci\u00f3n y, a la vez, autor de una cantidad inmensa de\u00a0ensayos y de traducciones, entre las que se hallan, a\u00f1ado, las de gran parte de mis libros, q<\/span><span style=\"font-size: 14pt;\">ue deben a \u00e9l su difusi\u00f3n en el mundo hispano y latinoamericano. <\/span><\/span><\/p>\n<p style=\"text-align: justify;\"><span style=\"font-family: georgia, palatino, serif;\"><span style=\"font-size: 14pt;\">De aqu\u00ed derivan las muchas razones de la fascinaci\u00f3n por su personalidad de estudioso y de juez:<strong> el v\u00ednculo estrecho y constante entre la experiencia pr\u00e1ctica y la reflexi\u00f3n te\u00f3rica, la primera como est\u00edmulo y banco de pruebas de la segunda y la segunda como gu\u00eda racional e iluminadora de la primera<\/strong>; como ha subrayado <strong>Daniel Pastor<\/strong>, la dimensi\u00f3n filos\u00f3fica de su trabajo de jurista <a id=\"ref2A\"><\/a><a href=\"#ref2\">(2)<\/a> y, por tanto, su enfoque constantemente cr\u00edtico hacia los temas y problemas\u00a0de la justicia; su gran cultura y, en particular, su extraordinario conocimiento de la literatura\u00a0jur\u00eddica italiana, unida a la total ausencia de presunci\u00f3n y de arrogancia; por \u00faltimo,\u00a0el compromiso civil y la tensi\u00f3n moral que siempre han motivado y animado su trabajo\u00a0de juez y de te\u00f3rico de la jurisdicci\u00f3n.<\/span><\/span><\/p>\n<p style=\"text-align: justify;\"><span style=\"font-family: georgia, palatino, serif; font-size: 14pt;\">Los temas tratados por <strong>Perfecto<\/strong> en sus libros y en la <strong>revista \u00ab<em>Jueces para la Democracia<\/em>\u00ab<\/strong>, fundada y dirigida por \u00e9l durante m\u00e1s de treinta a\u00f1os, son muchos y variados, en su mayor parte vinculados a la pr\u00e1ctica penal. Indicar\u00e9 cuatro de ellos, relacionados entre s\u00ed -la jurisdicci\u00f3n y el ordenamiento judicial, la deontolog\u00eda del juez, las garant\u00edas penales y procesales y la teor\u00eda de la prueba-, todos ellos retomados y tratados sistem\u00e1ticamente, al final, en esa admirable suma de su pensamiento que es el libro \u00ab<em><strong>Tercero en discordia. Jurisdicci\u00f3n y juez del estado de derecho<\/strong><\/em>\u00ab, de <strong>2015<\/strong> <a id=\"ref3A\"><\/a><a href=\"#ref3\">(3)<\/a>.\u00a0<\/span><\/p>\n<p><span style=\"font-family: georgia, palatino, serif;\"><span style=\"font-size: 14pt;\"><strong> Poder judicial y jurisdicci\u00f3n, garant\u00edas institucionales de su correcto ejercicio y ordenamiento\u00a0judicial constituyen, sin duda, el tema principal de la reflexi\u00f3n te\u00f3rica de<\/strong> <strong>Perfecto<\/strong>. \u00c9l ha ilustrado el largo y dificultoso proceso a trav\u00e9s del cual se ha afirmado el\u00a0modelo garantista de la jurisdicci\u00f3n, redefinido por \u00e9l sobre la base de las constituciones\u00a0democr\u00e1ticas actuales y, principalmente, de un constitucionalismo tomado en serio, buscando\u00a0sus or\u00edgenes en la <strong>distinci\u00f3n premoderna entre <em>gubernaculum <\/em>y <em>iurisdictio<\/em>, el uno\u00a0como innovaci\u00f3n y producci\u00f3n de derecho. el otro como aplicaci\u00f3n o dicci\u00f3n del derecho\u00a0producido<\/strong>. <\/span><\/span><\/p>\n<p style=\"text-align: justify;\"><span style=\"font-family: georgia, palatino, serif;\"><span style=\"font-size: 14pt;\"><strong>Perfecto<\/strong> siempre ha destacado el <strong>nexo entre la naturaleza de funci\u00f3n de la\u00a0jurisdicci\u00f3n<\/strong>, consistente en la resoluci\u00f3n de controversias y conflictos, <strong>y el requisito de\u00a0su imparcialidad e independencia<\/strong>: no se puede ser \u00e1rbitro de una controversia sin ser\u00a0imparcial e independiente <a id=\"ref4A\"><\/a><a href=\"#ref4\">(4)<\/a>.<\/span><\/span><\/p>\n<p>&nbsp;<\/p>\n<blockquote>\n<p style=\"text-align: center;\"><span style=\"color: #008000;\"><strong><span style=\"font-family: georgia, palatino, serif;\"><span style=\"font-size: 14pt;\">No se puede ser \u00e1rbitro de una controversia sin ser imparcial e independiente<\/span><\/span><\/strong><\/span><\/p>\n<\/blockquote>\n<p>&nbsp;<\/p>\n<p style=\"text-align: justify;\"><span style=\"font-family: georgia, palatino, serif;\"><span style=\"font-size: 14pt;\"><strong>Pero es en el marco del estado de derecho, y m\u00e1s aun en el\u00a0del estado constitucional, en el que el <em>gubernaculum<\/em> ya no est\u00e1<em> legibus solutus<\/em> sino sujeto\u00a0tambi\u00e9n \u00e9l al derecho, en el que la <em>iurisdictio<\/em> se convierte, sostiene Perfecto, en una\u00a0funci\u00f3n \u00ab<em>dif\u00edcil<\/em>\u00ab<\/strong>: ya que en la democracia constitucional l<strong>a jurisdicci\u00f3n est\u00e1 destinada,\u00a0<\/strong><\/span><span style=\"font-size: 14pt;\"><strong>precisamente porque es imparcial e independiente, a colisionar con los otros poderes<\/strong>,\u00a0esto es, a ser respecto de ellos un poder no solo \u00ab<em>tercero<\/em>\u00ab, sino tambi\u00e9n \u00ab<em>en discordia<\/em>\u00ab,\u00a0como indica el bello t\u00edtulo de su \u00faltimo libro que acabo de recordar.<\/span><\/span><\/p>\n<p style=\"text-align: justify;\"><span style=\"font-family: georgia, palatino, serif; font-size: 14pt;\"><a href=\"https:\/\/puntocritico.com\/ausajpuntocritico\/wp-content\/uploads\/2018\/03\/ferrajoli-y-andr\u00e9s-iba\u00f1ez.jpg\" rel=\"lightbox[2258881]\"><img loading=\"lazy\" decoding=\"async\" class=\"wp-image-10411 size-full alignright\" src=\"https:\/\/puntocritico.com\/ausajpuntocritico\/wp-content\/uploads\/2018\/03\/ferrajoli-y-andr\u00e9s-iba\u00f1ez-e1522320824708.jpg\" alt=\"\" width=\"207\" height=\"318\" srcset=\"https:\/\/puntocritico.com\/ausajpuntocritico\/wp-content\/uploads\/2018\/03\/ferrajoli-y-andr\u00e9s-iba\u00f1ez-e1522320824708.jpg 207w, https:\/\/puntocritico.com\/ausajpuntocritico\/wp-content\/uploads\/2018\/03\/ferrajoli-y-andr\u00e9s-iba\u00f1ez-e1522320824708-195x300.jpg 195w\" sizes=\"auto, (max-width: 207px) 100vw, 207px\" \/><\/a>El poder judicial es configurado as\u00ed por <strong>Perfecto Andr\u00e9s lb\u00e1\u00f1ez<\/strong> no ya como un \u00ab<em>poder\u00a0nulo<\/em>\u00ab, seg\u00fan la f\u00f3rmula de <strong>Montesquieu<\/strong>, ni tampoco como un \u00ab<em>poder bueno en el contexto\u00a0de poderes perversos<\/em>\u00ab, sino como un \u00ab<em>poder otro<\/em>\u00bb <a id=\"ref5A\"><\/a><a href=\"#ref5\">(5)<\/a>, esto es, como un contrapoder\u00a0encargado de la constataci\u00f3n de las violaciones del derecho, tambi\u00e9n por parte de los\u00a0sujetos titulares de los poderes: ya sea por sus actos il\u00edcitos, como son los cr\u00edmenes de\u00a0corrupci\u00f3n y, en general, los delitos cometidos en el ejercicio de funciones p\u00fablicas, ya\u00a0sea por sus actos nulos, incluidas las propias leyes contrarias a la Constituci\u00f3n. <\/span><\/p>\n<p style=\"text-align: justify;\"><span style=\"font-family: georgia, palatino, serif; font-size: 14pt;\">De aqu\u00ed\u00a0deriva una raz\u00f3n ulterior para la independencia de la jurisdicci\u00f3n, como su presupuesto\u00a0constitutivo, respecto de los otros poderes p\u00fablicos virtualmente sujetos a su control.\u00a0De aqu\u00ed la permanente tensi\u00f3n entre el poder judicial y los poderes de gobierno, que\u00a0nunca han aceptado seriamente el principio de sujeci\u00f3n, tambi\u00e9n de la pol\u00edtica, a la ley\u00a0y a la Constituci\u00f3n. De aqu\u00ed el rechazo de la idea misma de un \u00ab<em>gobierno<\/em>\u00bb de la magistratura,\u00a0incluso de su \u00ab<em>autogobierno<\/em>\u00ab, porque, escribe de forma incisiva <strong>Perfecto<\/strong>, en\u00a0materia de jurisdicci\u00f3n \u00ab<em>no hay nada que gobernar en el sentido pol\u00edtico-administrativo\u00a0del t\u00e9rmino<\/em>\u00bb <a id=\"ref6A\"><\/a><a href=\"#ref6\">(6)<\/a>.\u00a0<\/span><\/p>\n<p style=\"text-align: justify;\"><span style=\"font-family: georgia, palatino, serif; font-size: 14pt;\"><strong>De aqu\u00ed, en fin, una larga serie de corolarios en materia de ordenamiento\u00a0judicial<\/strong>: <\/span><\/p>\n<blockquote>\n<p style=\"text-align: justify;\"><strong><span style=\"font-family: georgia, palatino, serif; font-size: 14pt; color: #008000;\">la contrariedad a cualquier tipo de carrera; la necesidad de reducir los poderes\u00a0de los presidentes de los tribunales; la independencia interna del orden judicial, no menos\u00a0necesaria que la externa; la garant\u00eda del juez natural por medio de automatismos\u00a0en la asignaci\u00f3n de los asuntos; la defensa de la obligatoriedad de la acci\u00f3n penal para\u00a0la tutela de la igualdad de los ciudadanos y de la imparcialidad de la acusaci\u00f3n p\u00fablica;\u00a0la extensi\u00f3n de las garant\u00edas de independencia a los miembros del Ministerio P\u00fablico; la\u00a0cr\u00edtica de la reforma espa\u00f1ola de 1985 que estableci\u00f3 la designaci\u00f3n parlamentaria de los\u00a0miembros del Consejo General del Poder Judicial, y la opci\u00f3n, en cambio, por el modelo\u00a0italiano, en el que dos tercios de los miembros son elegidos por los propios jueces.<\/span><\/strong><\/p>\n<\/blockquote>\n<p>&nbsp;<\/p>\n<p style=\"text-align: justify;\"><span style=\"font-family: georgia, palatino, serif; font-size: 14pt;\">Sobre la base de esta concepci\u00f3n de la jurisdicci\u00f3n <strong>Perfecto<\/strong> dise\u00f1a el modelo deontol\u00f3gico\u00a0de juez. El juez, escribe, siempre ha sido una \u00ab<em>figura inquietante<\/em>\u00ab, connotada\u00a0\u00ab<em>de una natural arrogancia<\/em>\u00bb <a id=\"ref7A\"><\/a><a href=\"#ref7\">(7)<\/a> a causa de su poder directo, \u00ab<em>terrible<\/em>\u00bb como lo denomin\u00f3\u00a0<strong>Montesquieu<\/strong>, sobre las personas. <\/span><\/p>\n<p>&nbsp;<\/p>\n<blockquote>\n<p style=\"text-align: center;\"><strong><span style=\"font-family: georgia, palatino, serif; font-size: 14pt; color: #008000;\">El juez, escribe, siempre ha sido una \u00ab<em>figura inquietante<\/em>\u00ab, connotada\u00a0\u00ab<em>de una natural arrogancia<\/em>\u00bb a causa de su poder directo, \u00ab<em>terrible<\/em>\u00bb como lo denomin\u00f3\u00a0Montesquieu, sobre las personas<\/span><\/strong><\/p>\n<\/blockquote>\n<p>&nbsp;<\/p>\n<p style=\"text-align: justify;\"><span style=\"font-family: georgia, palatino, serif; font-size: 14pt;\">Esta arrogancia natural caracteriza los dos \u00ab<em>antimodelos<\/em>\u00bb de juez, lamentablemente bastante difundidos en el mundo judicial y repetidamente\u00a0\u00a0criticados por <strong>Perfecto<\/strong> con palabras severas\u00a0y mordaces: <strong>el \u00ab<em>antimodelo<\/em>\u00bb del juez\u00a0 bur\u00f3crata, dise\u00f1ado por las contrarreformas\u00a0napole\u00f3nicas<\/strong> que lo encuadraron en\u00a0un ordenamiento judicial jerarquizado de\u00a0tipo militar, y <strong>el \u00ab<em>antimodelo<\/em>\u00ab, aun m\u00e1s\u00a0amenazador para las libertades de los ciudadanos,\u00a0del juez autocr\u00e1tico<\/strong>, intolerante\u00a0a las cr\u00edticas y siempre acr\u00edticamente\u00a0seguro de la verdad de sus resoluciones.\u00a0<\/span><\/p>\n<p style=\"text-align: justify;\"><span style=\"font-family: georgia, palatino, serif; font-size: 14pt;\">El modelo de juez teorizado por <strong>Perfecto<\/strong> es exactamente el opuesto: se trata del modelo iluminista de juez como \u00ab<em>investigador indiferente de la verdad<\/em>\u00bb m\u00e1s que como \u00ab<em>enemigo del reo<\/em>\u00ab, seg\u00fan las palabras de <strong>Cesare Beccaria<\/strong> en <em><strong>De los delitos y de las penas<\/strong><\/em>, de cuya edici\u00f3n espa\u00f1ola filol\u00f3gicamente m\u00e1s rigurosa se ha ocupado \u00e9l mismo <a id=\"ref8A\"><\/a><a href=\"#ref8\">(8)<\/a>; un juez, por\u00a0tanto, no burocr\u00e1tico, independiente de\u00a0cualquier poder, ya sea externo o interno\u00a0al orden judicial, pero precisamente por\u00a0esto abierto a las cr\u00edticas a su actuaci\u00f3n por parte de la opini\u00f3n p\u00fablica, consciente\u00a0de los l\u00edmites epistemol\u00f3gicos de la verdad procesal y, por ello, de la posibilidad permanente\u00a0de error, garante, en fin, de los derechos de todos y, particularmente, de los\u00a0derechos de los sujetos m\u00e1s d\u00e9biles que son frecuentemente los mayormente violados\u00a0e insatisfechos.<\/span><\/p>\n<p>&nbsp;<\/p>\n<blockquote>\n<p style=\"text-align: center;\"><span style=\"color: #008000;\"><strong><span style=\"font-family: georgia, palatino, serif; font-size: 14pt;\">Un juez, por tanto, no burocr\u00e1tico, independiente de cualquier poder, ya sea externo o interno al orden judicial, pero precisamente por esto abierto a las cr\u00edticas a su actuaci\u00f3n por parte de la opini\u00f3n p\u00fablica, consciente de los l\u00edmites epistemol\u00f3gicos de la verdad procesal y, por ello, de la posibilidad permanente de error, garante, en fin, de los derechos de todos y, particularmente, de los derechos de los sujetos m\u00e1s d\u00e9biles que son frecuentemente los mayormente violados e insatisfechos.<\/span><\/strong><\/span><\/p>\n<\/blockquote>\n<p>&nbsp;<\/p>\n<p style=\"text-align: justify;\"><span style=\"font-family: georgia, palatino, serif; font-size: 14pt;\">Resulta claro que una independencia semejante, escribe <strong>Perfecto<\/strong>,\u00a0es un\u00a0<strong>hecho cultural y moral<\/strong>, y no solamente institucional. Se trata de un \u00ab<em>valor dif\u00edcil<\/em>\u00ab, afirma:\u00a0\u00ab<em>un valor de oposici\u00f3n<\/em>\u00ab, \u00ab<em>contramayoritario<\/em>\u00bb e \u00ab<em>inc\u00f3modo<\/em>\u00bb <a id=\"ref9A\"><\/a><a href=\"#ref9\">(9)<\/a>, dado que comporta el \u00ab<em>ejercicio de la desobediencia a lo que no es la ley<\/em>\u00bb y, en particular, a los palacios del\u00a0poder <a id=\"ref10A\"><\/a><a href=\"#ref10\">(10)<\/a>. <\/span><\/p>\n<p style=\"text-align: justify;\"><span style=\"font-family: georgia, palatino, serif; font-size: 14pt;\">Implica, por tanto, el rechazo de cualquier forma de carrerismo y tambi\u00e9n de\u00a0las \u00ab<em>relaciones peligrosas<\/em>\u00bb con todos los lugares de poder, de los partidos a los medios\u00a0de\u00a0 comunicaci\u00f3n. Pues bien, este dif\u00edcil modelo ha sido al mismo tiempo teorizado y\u00a0cotidianamente practicado y exhibido por <strong>Perfecto<\/strong>, de modo ejemplar, en su actividad\u00a0profesional, a fuerza de una perfecta coherencia entre teor\u00eda y pr\u00e1ctica, entre deber ser\u00a0 y\u00a0ser de la funci\u00f3n de juez.<\/span><\/p>\n<p>&nbsp;<\/p>\n<blockquote>\n<p style=\"text-align: center;\"><span style=\"color: #008000;\"><strong><span style=\"font-family: georgia, palatino, serif; font-size: 14pt;\">La independencia de los jueces, por otra parte, tiene su fundamento principal en el\u00a0car\u00e1cter tendencialmente cognitivo de la jurisdicci\u00f3n: de hecho ning\u00fan condicionamiento\u00a0de poder puede hacer verdadero lo que es falso o falso lo que es verdadero<\/span><\/strong><\/span><\/p>\n<\/blockquote>\n<p>&nbsp;<\/p>\n<p style=\"text-align: justify;\"><span style=\"font-family: georgia, palatino, serif; font-size: 14pt;\">La <strong>independencia de los jueces<\/strong>, por otra parte, tiene su fundamento principal en el\u00a0<strong>car\u00e1cter tendencialmente cognitivo de la jurisdicci\u00f3n<\/strong>: de hecho ning\u00fan condicionamiento\u00a0de poder puede hacer verdadero lo que es falso o falso lo que es verdadero. A su vez,\u00a0<strong>el car\u00e1cter cognitivo del juicio est\u00e1 asegurado por las garant\u00edas sustantivas y procesales,\u00a0que son garant\u00edas de verdad, adem\u00e1s que de las libertades y de los otros derechos de\u00a0las personas<\/strong>. <\/span><\/p>\n<p style=\"text-align: justify;\"><span style=\"font-family: georgia, palatino, serif; font-size: 14pt;\">Por ello, <strong>las garant\u00edas de los derechos y su fundamento epistemol\u00f3gico<\/strong>\u00a0constituyen el tercer tema que ha ocupado largamente la reflexi\u00f3n te\u00f3rica de <strong>Perfecto<\/strong>.\u00a0A este tema est\u00e1n espec\u00edficamente dedicadas, adem\u00e1s de tant\u00edsimos otros escritos, dos\u00a0importantes colecciones de ensayos, ambas de 2007: \u00ab<strong><em>Justicia penal, derechos y garant\u00edas<\/em><\/strong><em>\u00ab<\/em> y \u00ab<strong><em>En torno a la jurisdicci\u00f3n<\/em><\/strong>\u00bb <a id=\"ref11A\"><\/a><a href=\"#ref11\">(11)<\/a>.<\/span><\/p>\n<p style=\"text-align: justify;\"><span style=\"font-family: georgia, palatino, serif; font-size: 14pt;\">La cognici\u00f3n judicial, afirma repetidamente <strong>Perfecto<\/strong>, al igual que cualquier conocimiento\u00a0emp\u00edrico, es un conocimiento relativo y aproximativo. Precisamente se trata de\u00a0<strong>un conocimiento solo probabil\u00edstico en el hecho y opinable en derecho<\/strong>. De aqu\u00ed deriva,\u00a0con la conciencia del car\u00e1cter relativo y tambi\u00e9n aproximativo de la verdad procesal, la\u00a0predisposici\u00f3n a la duda, la escucha de todas las razones opuestas y el rechazo de cualquier\u00a0arrogancia cognitiva como estilo moral e intelectual del juez.<\/span><\/p>\n<p>&nbsp;<\/p>\n<blockquote>\n<p style=\"text-align: center;\"><span style=\"color: #008000;\"><strong><span style=\"font-family: georgia, palatino, serif; font-size: 14pt;\">La cognici\u00f3n judicial, afirma repetidamente Perfecto, al igual que cualquier conocimiento\u00a0emp\u00edrico, es un conocimiento relativo y aproximativo.<\/span><\/strong><\/span><\/p>\n<p style=\"text-align: center;\"><span style=\"color: #008000;\"><strong><span style=\"font-family: georgia, palatino, serif; font-size: 14pt;\">De aqu\u00ed deriva, con la conciencia del car\u00e1cter relativo y tambi\u00e9n aproximativo de la verdad procesal, la predisposici\u00f3n a la duda, la escucha de todas las razones opuestas y el rechazo de cualquier arrogancia cognitiva como estilo moral e intelectual del juez.<\/span><\/strong><\/span><\/p>\n<\/blockquote>\n<p>&nbsp;<\/p>\n<p style=\"text-align: justify;\"><span style=\"font-family: georgia, palatino, serif; font-size: 14pt;\"><strong>De aqu\u00ed el valor <em>\u00e9ticopol\u00edtico<\/em>,\u00a0adem\u00e1s de <em>epistemol\u00f3gico<\/em>, de las garant\u00edas procesales: de la carga de la prueba,\u00a0del contradictorio, del derecho de defensa, de la publicidad del juicio<\/strong>, que no son sino\u00a0la trasposici\u00f3n en normas jur\u00eddicas de otros tantos <strong>principios de la l\u00f3gica inductiva<\/strong>, cuyo\u00a0respeto y cuya puesta en pr\u00e1ctica representan la principal fuente de legitimaci\u00f3n del\u00a0poder judicial.<\/span><\/p>\n<p>&nbsp;<\/p>\n<figure id=\"attachment_10423\" aria-describedby=\"caption-attachment-10423\" style=\"width: 400px\" class=\"wp-caption aligncenter\"><a href=\"https:\/\/puntocritico.com\/ausajpuntocritico\/wp-content\/uploads\/2018\/03\/carmen-argibay-perfecto-andr\u00e9s-luigi-ferrajoli.jpg\" rel=\"lightbox[2258881]\"><img loading=\"lazy\" decoding=\"async\" class=\"wp-image-10423 size-full\" src=\"https:\/\/puntocritico.com\/ausajpuntocritico\/wp-content\/uploads\/2018\/03\/carmen-argibay-perfecto-andr\u00e9s-luigi-ferrajoli.jpg\" alt=\"\" width=\"400\" height=\"300\" srcset=\"https:\/\/puntocritico.com\/ausajpuntocritico\/wp-content\/uploads\/2018\/03\/carmen-argibay-perfecto-andr\u00e9s-luigi-ferrajoli.jpg 400w, https:\/\/puntocritico.com\/ausajpuntocritico\/wp-content\/uploads\/2018\/03\/carmen-argibay-perfecto-andr\u00e9s-luigi-ferrajoli-300x225.jpg 300w, https:\/\/puntocritico.com\/ausajpuntocritico\/wp-content\/uploads\/2018\/03\/carmen-argibay-perfecto-andr\u00e9s-luigi-ferrajoli-326x245.jpg 326w, https:\/\/puntocritico.com\/ausajpuntocritico\/wp-content\/uploads\/2018\/03\/carmen-argibay-perfecto-andr\u00e9s-luigi-ferrajoli-80x60.jpg 80w\" sizes=\"auto, (max-width: 400px) 100vw, 400px\" \/><\/a><figcaption id=\"caption-attachment-10423\" class=\"wp-caption-text\"><span style=\"color: #008000; font-family: georgia, palatino, serif;\">Carmen Argibay, Perfecto Andr\u00e9s Ib\u00e1\u00f1ez y Luigi Ferrajoli<\/span><\/figcaption><\/figure>\n<p>&nbsp;<\/p>\n<p style=\"text-align: justify;\"><span style=\"font-family: georgia, palatino, serif; font-size: 14pt;\">Esta disponibilidad no solo del juicio sino tambi\u00e9n de la acusaci\u00f3n p\u00fablica a exponerse\u00a0y someterse a la refutaci\u00f3n por parte de la defensa es decisiva en el proceso de formaci\u00f3n\u00a0de las pruebas. A este tema, el \u00faltimo de sus cuatro temas principales que he querido\u00a0recordar aqu\u00ed, dedic\u00f3 <strong>Perfecto Andr\u00e9s lb\u00e1\u00f1ez<\/strong> en 2008 un libro excelente,\u00a0 \u00ab<strong><em>Prueba y convicci\u00f3n\u00a0judicial en el proceso penal<\/em><\/strong>\u00bb <a id=\"ref12A\"><\/a><a href=\"#ref12\">(12)<\/a>. <\/span><\/p>\n<p style=\"text-align: justify;\"><span style=\"font-family: georgia, palatino, serif; font-size: 14pt;\">La prueba, es conveniente recordar, en comparaci\u00f3n\u00a0con la interpretaci\u00f3n ha sido siempre un tema olvidado por la reflexi\u00f3n te\u00f3rica y doctrinal\u00a0sobre el razonamiento judicial. De las dos verdades en las que se articula la verdad procesal,\u00a0la f\u00e1ctica y la jur\u00eddica, mientras que a la verdad jur\u00eddica y a la teor\u00eda conexa de la\u00a0interpretaci\u00f3n se le han dedicado bibliotecas enteras, la verdad f\u00e1ctica y la teor\u00eda conexa\u00a0de la prueba han sido descuidadas tanto por la teor\u00eda como por la epistemolog\u00eda del\u00a0juicio. Sin embargo, es precisamente en la discrecionalidad incontrolada de la valoraci\u00f3n\u00a0probatoria, manifestada en la \u00ab<em>libre convicci\u00f3n<\/em>\u00ab, en la que principalmente encuentra\u00a0espacio el arbitrio judicial.<\/span><\/p>\n<p style=\"text-align: justify;\"><span style=\"font-family: georgia, palatino, serif; font-size: 14pt;\">Pues bien, un gran m\u00e9rito de toda la producci\u00f3n de <strong>Perfecto<\/strong>, y de manera espec\u00edfica\u00a0del libro \u00ab<strong><em>Prueba y convicci\u00f3n judicial<\/em><\/strong>\u00bb radica, al contrario, en la atenci\u00f3n dedicada a la\u00a0naturaleza y a los requisitos de la prueba: al car\u00e1cter probabil\u00edstico de la verdad f\u00e1ctica;\u00a0a la naturaleza inductiva del razonamiento probatorio, id\u00f3neo para confirmar y sufragar,\u00a0pero no para demostrar, las conclusiones inducidas; al principio in dubio pro reo y al de\u00a0presunci\u00f3n de inocencia; a la relevancia, pero tambi\u00e9n a los peligros, de la prueba testifical\u00a0y de los otros tipos de prueba; al valor de la oralidad y de la publicidad en su pr\u00e1ctica;\u00a0a la absoluta inderogabilidad de la prohibici\u00f3n y de la inadmisibilidad de las pruebas\u00a0il\u00edcitamente obtenidas; a la importancia crucial de la motivaci\u00f3n, no solo en derecho,\u00a0sino tambi\u00e9n e incluso mayor en materia de hechos, como <strong><em>metagarant\u00eda<\/em><\/strong>, esto es, como\u00a0\u00a0garant\u00eda del respeto de todas las dem\u00e1s garant\u00edas, banco de prueba de la correcci\u00f3n del\u00a0juicio y condici\u00f3n esencial de legitimidad de \u00e9ste.<\/span><\/p>\n<p style=\"text-align: justify;\"><span style=\"font-family: georgia, palatino, serif; font-size: 14pt;\">Creo que precisamente en estos a\u00f1os de crisis tanto de la legalidad como de la pol\u00edtica, de desconfianza generalizada en la esfera p\u00fablica y de depresi\u00f3n del esp\u00edritu c\u00edvico,\u00a0la obra de <strong>Perfecto Andr\u00e9s lb\u00e1\u00f1ez<\/strong> y su ejemplo de <strong><em>juez ilustrado<\/em><\/strong> son extremadamente\u00a0valiosos: no solo por su valor intr\u00ednseco, sino tambi\u00e9n por la pasi\u00f3n contagiosa de la que\u00a0son fruto y que les confiere una funci\u00f3n segura de pedagog\u00eda civil.\u00a0<\/span><\/p>\n<p>&nbsp;<\/p>\n<figure id=\"attachment_2308492\" aria-describedby=\"caption-attachment-2308492\" style=\"width: 360px\" class=\"wp-caption aligncenter\"><img loading=\"lazy\" decoding=\"async\" class=\"wp-image-2308492\" src=\"https:\/\/puntocritico.com\/ausajpuntocritico\/wp-content\/uploads\/2025\/03\/PERFECTO-ANDRES-IBANEZ-casero-300x225.avif\" alt=\"\" width=\"360\" height=\"270\" srcset=\"https:\/\/puntocritico.com\/ausajpuntocritico\/wp-content\/uploads\/2025\/03\/PERFECTO-ANDRES-IBANEZ-casero-300x225.avif 300w, https:\/\/puntocritico.com\/ausajpuntocritico\/wp-content\/uploads\/2025\/03\/PERFECTO-ANDRES-IBANEZ-casero-326x245.avif 326w, https:\/\/puntocritico.com\/ausajpuntocritico\/wp-content\/uploads\/2025\/03\/PERFECTO-ANDRES-IBANEZ-casero-80x60.avif 80w, https:\/\/puntocritico.com\/ausajpuntocritico\/wp-content\/uploads\/2025\/03\/PERFECTO-ANDRES-IBANEZ-casero.avif 414w\" sizes=\"auto, (max-width: 360px) 100vw, 360px\" \/><figcaption id=\"caption-attachment-2308492\" class=\"wp-caption-text\"><span style=\"color: #008000; font-family: georgia, palatino, serif;\">PERFECTO ANDR\u00c9S IB\u00c1\u00d1EZ<\/span><\/figcaption><\/figure>\n<p style=\"text-align: center;\"><span style=\"font-family: georgia, palatino, serif;\"><span style=\"color: #008000; font-size: 14pt;\">\u2666<\/span><span style=\"font-size: 14pt;\">\u2666<\/span><span style=\"color: #008000; font-size: 14pt;\">\u2666<\/span><span style=\"font-size: 14pt;\">\u2666<\/span><span style=\"color: #008000; font-size: 14pt;\">\u2666<\/span><span style=\"font-size: 14pt;\">\u2666<\/span><span style=\"color: #008000; font-size: 14pt;\">\u2666<\/span><\/span><\/p>\n<blockquote>\n<h2 style=\"text-align: center;\"><span style=\"font-size: 18pt; font-family: georgia, palatino, serif;\"><strong><span style=\"background-color: #ffff99;\">NOTAS\u00a0<\/span><\/strong><\/span><\/h2>\n<p><a id=\"refasterisco100\"><\/a><span style=\"font-size: 14pt; font-family: georgia, palatino, serif;\"><a href=\"#refasterisco100A\">*<\/a><strong> Traducci\u00f3n al espa\u00f1ol de Jos\u00e9 Miguel Garc\u00eda Moreno<\/strong>.<\/span><\/p>\n<p style=\"text-align: justify;\"><a id=\"ref1\"><\/a><span style=\"font-size: 14pt; font-family: georgia, palatino, serif;\"><a href=\"#ref1A\">[1]<\/a> \u00abJusticia Democr\u00e1tica\u00bb fue una asociaci\u00f3n de jueces, fiscales y secretarios judiciales espa\u00f1oles constituida en forma\u00a0clandestina en los a\u00f1os setenta, cuando exist\u00eda a\u00fan la dictadura franquista. Su primer congreso se desarroll\u00f3 en Madrid en\u00a0enero de 1977. V\u00e9ase su propuesta conclusiva en. Justicia Democr\u00e1tica, Los Jueces contra la dictadura (justicia y pol\u00edtica en\u00a0el franquismo), Tucar Ediciones,\u00a0 Madrid 1978, pp. 303-314.<\/span><\/p>\n<p style=\"text-align: justify;\"><a id=\"ref2\"><\/a><span style=\"font-size: 14pt; font-family: georgia, palatino, serif;\"><a href=\"#ref2A\">[2]<\/a> D. Pastor, Pr\u00f3logo a M. E. Godoy B., D. Rubinovich, Un Juez para la democracia. Debate acerca de jurisdicci\u00f3n y\u00a0Estado constitucional en la obra \u00abTercero en discordia \u2022 de Perfecto Andr\u00e9s lb\u00e1\u00f1ez, Ad-Hoc, Buenos Aires 2016, p. 16.<\/span><\/p>\n<p style=\"text-align: justify;\"><a id=\"ref3\"><\/a><span style=\"font-size: 14pt; font-family: georgia, palatino, serif;\"><a href=\"#ref3A\">[3]<\/a> P. Andr\u00e9s lb\u00e1\u00f1ez, Tercero en discordia. Jurisdicci\u00f3n y juez del estado de derecho, Editorial Trotta, Madrid 2015.<\/span><\/p>\n<p style=\"text-align: justify;\"><a id=\"ref4\"><\/a><span style=\"font-size: 14pt; font-family: georgia, palatino, serif;\"><a href=\"#ref4A\">[4]<\/a> Recu\u00e9rdese, en relaci\u00f3n con este nexo, el libro de P. Andr\u00e9s lb\u00e1\u00f1ez, Justicia\/conflicto, Tecnos, Madrid 1988.<\/span><\/p>\n<p style=\"text-align: justify;\"><a id=\"ref5\"><\/a><span style=\"font-size: 14pt; font-family: georgia, palatino, serif;\"><a href=\"#ref5A\">[5]<\/a> P. Andr\u00e9s lb\u00e1\u00f1ez, Tercero en discordia cit., p. 41. La expresi\u00f3n en retomada en las p. 138 y p. S 1 O, donde Perfecto\u00a0pone de relieve el papel de la jurisdicci\u00f3n como \u00abcontrol desde la legalidad\u00bb.<\/span><\/p>\n<p style=\"text-align: justify;\"><a id=\"ref6\"><\/a><span style=\"font-size: 14pt; font-family: georgia, palatino, serif;\"><a href=\"#ref6A\">[6]<\/a> lb1d. pp. 163 y 166. Perfecto propone, por ello, hablar en lugar de \u00abgobierno\u00bb o de \u00abautogobierno\u00bb de \u00bb administraci\u00f3n\u00a0de la jurisdicci\u00f3n, concepto que comprende el conjunto de actuaciones de dotaci\u00f3n y de gesti\u00f3n que son instrumentales para\u00a0el ejercicio de esta\u00bb (lbid. p. 166).<\/span><\/p>\n<p style=\"text-align: justify;\"><a id=\"ref7\"><\/a><span style=\"font-size: 14pt; font-family: georgia, palatino, serif;\"><a href=\"#ref7A\">[7]<\/a> lbid. p. 346.<\/span><\/p>\n<p style=\"text-align: justify;\"><a id=\"ref8\"><\/a><span style=\"font-size: 14pt; font-family: georgia, palatino, serif;\"><a href=\"#ref8A\">[8]\u00a0<\/a> C Beccaria, De los delitos y de las penas. a cargo del propio Perfecto Andr\u00e9s lb\u00e1\u00f1ez. con texto original a partir de la<\/span><br \/>\n<span style=\"font-size: 14pt; font-family: georgia, palatino, serif;\">edici\u00f3n de Livorno de 1766 (en la Edici\u00f3n Nacional de las Obras de Beccaria de 1984 a cargo de Gianni Franooni). Editorial Trotta, Madrid 2011, cap. XVII, p. 175<\/span><\/p>\n<p style=\"text-align: justify;\"><a id=\"ref9\"><\/a><span style=\"font-size: 14pt; font-family: georgia, palatino, serif;\"><a href=\"#ref9A\">[9]\u00a0<\/a> P.\u00a0Andr\u00e9s lb\u00e1nez, Tercero en discordia cit. pp. 155-156.<\/span><\/p>\n<p style=\"text-align: justify;\"><a id=\"ref10\"><\/a><span style=\"font-size: 14pt; font-family: georgia, palatino, serif;\"><a href=\"#ref10A\">[10]\u00a0<\/a> lbid.\u00a0 pp.\u00a0 158 y 160. Sobre la deontolog\u00eda Judicial, v\u00e9ase tambi\u00e9n ibid. los cap\u00edtulos XIII y XIV<\/span><\/p>\n<p style=\"text-align: justify;\"><a id=\"ref11\"><\/a><span style=\"font-size: 14pt; font-family: georgia, palatino, serif;\"><a href=\"#ref11A\">[11]<\/a>\u00a0P. Andr\u00e9s lb\u00e1\u00f1ez, Justicia penal, derechos y garant\u00edas. Palestra &#8211; Temis. Lima-Bogot\u00e1, 2007; Id., En torno a la\u00a0jurisdicci\u00f3n, Editores del Puerto, Buenos A1res 2007. V\u00e9anse adem\u00e1s los capitulas VIII y XII de Tercero en discordia cit.<\/span><\/p>\n<p style=\"text-align: justify;\"><a id=\"ref12\"><\/a><span style=\"font-size: 14pt; font-family: georgia, palatino, serif;\"><a href=\"#ref12A\">[12]\u00a0<\/a> P. Andr\u00e9s lb\u00e1\u00f1ez, Prueba y convicci\u00f3n judicial en el proceso penal, Hammurabi, Buenos Aires 2009.<\/span><\/p>\n<\/blockquote>\n<p>&nbsp;<\/p>\n<p><span style=\"font-family: georgia, palatino, serif;\"><img loading=\"lazy\" decoding=\"async\" class=\"aligncenter wp-image-12270\" src=\"https:\/\/puntocritico.com\/ausajpuntocritico\/wp-content\/uploads\/2018\/05\/juez-sin-rostro-ip-678x381.jpg\" alt=\"\" width=\"480\" height=\"308\" data-id=\"12270\" srcset=\"https:\/\/puntocritico.com\/ausajpuntocritico\/wp-content\/uploads\/2018\/05\/juez-sin-rostro-ip-300x193.jpg 300w, https:\/\/puntocritico.com\/ausajpuntocritico\/wp-content\/uploads\/2018\/05\/juez-sin-rostro-ip-768x493.jpg 768w, https:\/\/puntocritico.com\/ausajpuntocritico\/wp-content\/uploads\/2018\/05\/juez-sin-rostro-ip.jpg 938w\" sizes=\"auto, (max-width: 480px) 100vw, 480px\" \/><\/span><\/p>\n<p style=\"text-align: center;\"><span style=\"font-size: 18pt; font-family: georgia, palatino, serif;\"><strong><span style=\"color: #008000;\">*******<\/span><\/strong><\/span><\/p>\n<h2 style=\"text-align: justify;\"><span style=\"font-size: 14pt; font-family: georgia, palatino, serif;\"><strong>RELACIONADOS:<\/strong><\/span><\/h2>\n<p style=\"text-align: justify;\"><span style=\"font-family: georgia, palatino, serif;\"><a href=\"https:\/\/puntocritico.com\/ausajpuntocritico\/2025\/03\/25\/la-cultura-de-la-jurisdiccion-parte-i-homenaje-a-un-juez-entrevista-a-perfecto-andres-ibanez-2\/\"><span style=\"font-size: 14pt; color: #008000;\">\u201cLA CULTURA DE LA JURISDICCI\u00d3N\u201d (Parte I) \u2013 HOMENAJE A UN JUEZ: Entrevista a Perfecto Andr\u00e9s Ib\u00e1\u00f1ez<\/span><\/a><\/span><\/p>\n<p style=\"text-align: justify;\"><span style=\"font-family: georgia, palatino, serif;\"><a href=\"https:\/\/puntocritico.com\/ausajpuntocritico\/2025\/03\/26\/la-cultura-de-la-jurisdiccion-parte-ii-asociacionismo-judicial-de-justicia-democratica-a-jpd-entrevista-a-perfecto-andres-ibanez\/\"><span style=\"font-size: 14pt; color: #008000;\">\u201cLA CULTURA DE LA JURISDICCI\u00d3N\u201d (Parte II) \u2013 ASOCIACIONISMO JUDICIAL: De Justicia Democr\u00e1tica a JpD: Entrevista a Perfecto Andr\u00e9s Ib\u00e1\u00f1ez<\/span><\/a><\/span><\/p>\n<p style=\"text-align: justify;\"><span style=\"font-family: georgia, palatino, serif;\"><a href=\"https:\/\/puntocritico.com\/ausajpuntocritico\/2025\/03\/27\/la-cultura-de-la-jurisdiccion-parte-iii-tercero-imparcial-las-garantias-del-proceso-entrevista-a-perfecto-andres-ibanez-2\/\"><span style=\"font-size: 14pt; color: #008000;\">\u201cLA CULTURA DE LA JURISDICCI\u00d3N\u201d (Parte III) \u2013 \u201cTERCERO IMPARCIAL\u201d; Las garant\u00edas del Proceso: Entrevista a Perfecto Andr\u00e9s Ib\u00e1\u00f1ez<\/span><\/a><\/span><\/p>\n<p style=\"text-align: justify;\">\u00a0<\/p>\n<p style=\"text-align: center;\">\u00a0<\/p>\n<p><a href=\"https:\/\/puntocritico.com\/ausajpuntocritico\/author\/punto-critico\/\"><img loading=\"lazy\" decoding=\"async\" class=\"aligncenter wp-image-9528\" src=\"https:\/\/puntocritico.com\/ausajpuntocritico\/wp-content\/uploads\/2018\/03\/Mosca_Punto_Cr\u00edtico_40.png\" alt=\"\" width=\"80\" height=\"80\" data-id=\"9528\" \/><\/a><\/p>\n<p>&nbsp;<\/p>\n","protected":false},"excerpt":{"rendered":"<div class=\"mh-excerpt\"><p>SPINOZA: Justicia y Rep\u00fablica \u00a0 \u201cLA CULTURA DE LA JURISDICCI\u00d3N\u201d (Parte I) \u2013 HOMENAJE A UN JUEZ: Entrevista a Perfecto Andr\u00e9s Ib\u00e1\u00f1ez \u201cLA CULTURA DE LA JURISDICCI\u00d3N\u201d (Parte II) \u2013 ASOCIACIONISMO JUDICIAL: De Justicia Democr\u00e1tica <a class=\"mh-excerpt-more\" href=\"https:\/\/puntocritico.com\/ausajpuntocritico\/2025\/03\/28\/spinoza-justicia-y-republica-perfecto-andres-lbanez-un-modelo-de-juez-y-de-jurista-por-luigi-ferrajoli\/\" title=\"SPINOZA: Justicia y Rep\u00fablica \/\/ \u00abPerfecto Andr\u00e9s lb\u00e1\u00f1ez: Un modelo de juez y de jurista\u00bb, por Luigi Ferrajoli.\">[&#8230;]<\/a><\/p>\n<\/div>","protected":false},"author":3,"featured_media":10426,"comment_status":"open","ping_status":"closed","sticky":false,"template":"","format":"standard","meta":{"_acf_changed":false,"_exactmetrics_skip_tracking":false,"_exactmetrics_sitenote_active":false,"_exactmetrics_sitenote_note":"","_exactmetrics_sitenote_category":0,"footnotes":""},"categories":[6,8],"tags":[165,43],"class_list":{"0":"post-2258881","1":"post","2":"type-post","3":"status-publish","4":"format-standard","5":"has-post-thumbnail","7":"category-justicia","8":"category-filosofia","9":"tag-perfecto-andres-ibanez","10":"tag-spinoza"},"acf":[],"_links":{"self":[{"href":"https:\/\/puntocritico.com\/ausajpuntocritico\/wp-json\/wp\/v2\/posts\/2258881","targetHints":{"allow":["GET"]}}],"collection":[{"href":"https:\/\/puntocritico.com\/ausajpuntocritico\/wp-json\/wp\/v2\/posts"}],"about":[{"href":"https:\/\/puntocritico.com\/ausajpuntocritico\/wp-json\/wp\/v2\/types\/post"}],"author":[{"embeddable":true,"href":"https:\/\/puntocritico.com\/ausajpuntocritico\/wp-json\/wp\/v2\/users\/3"}],"replies":[{"embeddable":true,"href":"https:\/\/puntocritico.com\/ausajpuntocritico\/wp-json\/wp\/v2\/comments?post=2258881"}],"version-history":[{"count":0,"href":"https:\/\/puntocritico.com\/ausajpuntocritico\/wp-json\/wp\/v2\/posts\/2258881\/revisions"}],"wp:featuredmedia":[{"embeddable":true,"href":"https:\/\/puntocritico.com\/ausajpuntocritico\/wp-json\/wp\/v2\/media\/10426"}],"wp:attachment":[{"href":"https:\/\/puntocritico.com\/ausajpuntocritico\/wp-json\/wp\/v2\/media?parent=2258881"}],"wp:term":[{"taxonomy":"category","embeddable":true,"href":"https:\/\/puntocritico.com\/ausajpuntocritico\/wp-json\/wp\/v2\/categories?post=2258881"},{"taxonomy":"post_tag","embeddable":true,"href":"https:\/\/puntocritico.com\/ausajpuntocritico\/wp-json\/wp\/v2\/tags?post=2258881"}],"curies":[{"name":"wp","href":"https:\/\/api.w.org\/{rel}","templated":true}]}}