{"id":2258739,"date":"2022-10-19T00:05:12","date_gmt":"2022-10-18T22:05:12","guid":{"rendered":"https:\/\/puntocritico.com\/ausajpuntocritico\/?p=2258739"},"modified":"2022-10-19T00:03:18","modified_gmt":"2022-10-18T22:03:18","slug":"ucrania-paz-los-acuerdos-de-minsk","status":"publish","type":"post","link":"https:\/\/puntocritico.com\/ausajpuntocritico\/2022\/10\/19\/ucrania-paz-los-acuerdos-de-minsk\/","title":{"rendered":"UCRANIA: LOS INSTRUMENTOS DE PAZ: LOS ACUERDOS DE MINSK. \u00abNo es enemigo el que quiere la Paz\u00bb."},"content":{"rendered":"<p style=\"text-align: justify;\"><span style=\"color: #008000; font-size: 14pt;\">ACUERDOS DE MINSK<\/span><\/p>\n\n<p>&nbsp;<\/p>\n<blockquote>\n<h2 style=\"text-align: center;\"><span style=\"font-size: 24pt;\"><strong>\u00bfC\u00f3mo podr\u00eda negociarse un acuerdo de paz?<\/strong><\/span><\/h2>\n<p><img loading=\"lazy\" decoding=\"async\" class=\"aligncenter wp-image-2243883\" src=\"https:\/\/puntocritico.com\/ausajpuntocritico\/wp-content\/uploads\/2022\/04\/paz.jpg\" alt=\"ACUERDOS DE MINSK\" width=\"480\" height=\"275\" data-id=\"2243883\" srcset=\"https:\/\/puntocritico.com\/ausajpuntocritico\/wp-content\/uploads\/2022\/04\/paz.jpg 680w, https:\/\/puntocritico.com\/ausajpuntocritico\/wp-content\/uploads\/2022\/04\/paz-300x172.jpg 300w, https:\/\/puntocritico.com\/ausajpuntocritico\/wp-content\/uploads\/2022\/04\/paz-610x349.jpg 610w, https:\/\/puntocritico.com\/ausajpuntocritico\/wp-content\/uploads\/2022\/04\/paz-678x389.jpg 678w\" sizes=\"auto, (max-width: 480px) 100vw, 480px\" \/><\/p>\n<\/blockquote>\n<blockquote>\n<p style=\"text-align: justify;\"><span style=\"font-size: 14pt;\">En primer lugar, respetando el <strong>principio de autodeterminaci\u00f3n<\/strong>, entendido como el derecho de pueblos y naciones a elegir libremente su r\u00e9gimen pol\u00edtico, econ\u00f3mico y cultural, incluyendo la formaci\u00f3n de un Estado independiente y resolver cualquier tipo de cuesti\u00f3n relacionada con su existencia y forma de autogobierno, este principio se consolida como un elemento fundamental en el marco jur\u00eddico internacional.<\/span><\/p>\n<p style=\"text-align: justify;\"><span style=\"font-size: 14pt;\">En segundo lugar, ligado con lo primero, el derecho de autodeterminaci\u00f3n de un pueblo o naci\u00f3n se puede llevar a cabo a trav\u00e9s de un <strong>refer\u00e9ndum<\/strong> con todas las garant\u00edas legales existentes entre las que podemos deducir: que exista total libertad a la hora de emitir el voto y que existan observadores internacionales que sean neutrales en la causa, para esta labor existe la figura de la OSCE que es la Organizaci\u00f3n para la Seguridad y la Cooperaci\u00f3n en Europa y su cometido es precisamente velar por la estabilidad, la paz y la democracia, a trav\u00e9s del di\u00e1logo pol\u00edtico, la <strong>OSCE<\/strong> es quien debe velar porque un refer\u00e9ndum se realice con todas las garant\u00edas legales democr\u00e1ticas.<\/span><\/p>\n<p style=\"text-align: justify;\"><span style=\"font-size: 14pt;\">En tercer lugar, tambi\u00e9n se podr\u00eda plantear la idea de acatar y cumplir por primera vez los Protocolos y <strong>Acuerdos de Minsk<\/strong>, ya que su fin \u00faltimo es, como veremos, alcanzar la paz sin m\u00e1s derramamiento de sangre pero claro &#8230; teniendo en cuenta que son herramientas que han sido vulneradas desde pr\u00e1cticamente el momento de su firma, \u00bfqu\u00e9 esperanza nos queda de que precisamente ahora empiecen a cumplirse?<\/span><\/p>\n<p style=\"text-align: justify;\"><span style=\"font-size: 14pt;\">En definitiva, lo que se pide es que se escuche al pueblo, al fin y al cabo, estamos hablando de pa\u00edses democr\u00e1ticos en los que la opini\u00f3n del ciudadano cuenta. En el documental \u00ab<a href=\"https:\/\/puntocritico.com\/ausajpuntocritico\/2022\/01\/29\/oliver-stone-ucrania-en-llamas-oliver-stone-ukraine-on-fire-subtitulos-en-espanol-subtitulos-en-espanol-2\/\"><em>Ucrania en llamas<\/em><\/a>\u00bb de Oliver Stone publicado ya en Punto Cr\u00edtico, se adjunta el enlace por si es de inter\u00e9s:<\/span><\/p>\n<p style=\"text-align: justify;\"><span style=\"font-size: 14pt;\"><strong>Putin<\/strong> contestaba a la pregunta de\u00a0<em>\u00bfqu\u00e9 es la democracia?<\/em>\u00a0de una manera bastante acertada:<\/span><\/p>\n<p style=\"text-align: center;\"><strong><span style=\"font-size: 14pt; color: #008000;\"><em>\u201cLa democracia es la pol\u00edtica basada en la voluntad del pueblo\u201d<\/em><\/span><\/strong><\/p>\n<p style=\"text-align: justify;\"><span style=\"font-size: 14pt;\">Reiteramos, \u00bfc\u00f3mo puede conocerse esa voluntad? A trav\u00e9s del voto, por lo tanto, un medio para alcanzar la paz seguramente sea escuchar al pueblo ya que, sin duda es quien m\u00e1s est\u00e1 sufriendo esta tremenda barbarie.<\/span><\/p>\n<p style=\"text-align: justify;\"><span style=\"font-size: 14pt;\">Como analizaremos m\u00e1s abajo ya se intent\u00f3 en dos ocasiones llegar a la paz en Ucrania a trav\u00e9s de los <strong>Protocolos Minsk y Minsk II<\/strong>, pero por reproches de las partes implicadas, no solo no se ha alcanzado la ansiada paz, sino que las tensiones han ido en aumento hasta el punto de encontrarnos ante una guerra que parece no tener fin.<\/span><\/p>\n<p style=\"text-align: justify;\"><span style=\"font-size: 14pt;\">No obstante y antes de entrar en materia, es importante resaltar lo que podr\u00eda considerarse otro obst\u00e1culo m\u00e1s para alcanzar un acuerdo de paz. Nos referimos al problema actual e inminente de\u00a0\u00ab<em>las <a href=\"https:\/\/puntocritico.com\/ausajpuntocritico\/2022\/05\/10\/consideraciones-en-torno-al-tratado-de-no-proliferacion-de-armas-nucleares\/#MININUKES\"><strong>mininukes<\/strong><\/a><\/em>\u00ab, armas nucleares de una potencia m\u00e1xima de 0,5 kilotones y una precisi\u00f3n CEP de un metro &#8230; Y bien, se puede preguntar \u00bfesto en qu\u00e9 afecta? Ni m\u00e1s ni menos a lograr una paz mundial, ya que hablamos de bombas nucleares con una carga nuclear mucho m\u00e1s peque\u00f1a, por lo que quedar\u00edan fuera del <a href=\"https:\/\/puntocritico.com\/ausajpuntocritico\/2022\/05\/10\/consideraciones-en-torno-al-tratado-de-no-proliferacion-de-armas-nucleares\/\">Tratado de No Proliferaci\u00f3n de Armas Nucleares (TNP)<\/a>, pero adem\u00e1s de este \u00ab<em>peque\u00f1o<\/em>\u00bb detalle tambi\u00e9n se ha de tener en cuenta unos puntos b\u00e1sicos de dicho Tratado son:<\/span><\/p>\n<ul style=\"text-align: justify;\">\n<li><span style=\"font-size: 14pt;\">Los pa\u00edses poseedores de armas nucleares se comprometen a no traspasar a nadie armas nucleares ni ayudar a ning\u00fan Estado a fabricarlas ni adquirirlas.<\/span><\/li>\n<li><span style=\"font-size: 14pt;\">Los pa\u00edses no poseedores de armas nucleares se comprometen a no recibir de nadie armas nucleares, ni fabricarlas, ni pedir ayuda a nadie para ello. Tambi\u00e9n se comprometen a no proporcionar materiales b\u00e1sicos (<em>uranio y torio<\/em>) ni materiales nucleares especiales (<em>uranio enriquecido y plutonio<\/em>) a ning\u00fan pa\u00eds no poseedor de armas nucleares sin que tales materiales queden sometidos a salvaguardias.<\/span><\/li>\n<\/ul>\n<p style=\"text-align: justify;\"><span style=\"font-size: 14pt;\">Teniendo presente esto y sobre todo, que <em>el citado Tratado no ha sido firmado ni ratificado nuevamente por los Estados firmantes y adheridos al mismo<\/em>, \u00bfqu\u00e9 podemos pensar? \u00bfQu\u00e9 suceder\u00eda si Ucrania es abastecida por parte de <a href=\"https:\/\/puntocritico.com\/ausajpuntocritico\/2022\/05\/10\/consideraciones-en-torno-al-tratado-de-no-proliferacion-de-armas-nucleares\/#EEUU_despliega_por_primera_vez_un_arma_nuclear_de_baja_potencia\">EE.UU.<\/a> con armamento nuclear consistente en <a href=\"https:\/\/puntocritico.com\/ausajpuntocritico\/2022\/05\/10\/consideraciones-en-torno-al-tratado-de-no-proliferacion-de-armas-nucleares\/#MININUKES\">mininukes<\/a>?, \u00bfqu\u00e9 suceder\u00eda si Ucrania pidiera a alg\u00fan Estado parte de ese Tratado que atacara a Rusia? Todo apunta a que un acuerdo de paz est\u00e1 muy lejano, por desgracia est\u00e1 m\u00e1s presente una posible guerra nuclear que un Tratado de Paz.<\/span><\/p>\n<\/blockquote>\n<p>&nbsp;<\/p>\n<p><img loading=\"lazy\" decoding=\"async\" class=\"aligncenter wp-image-2259161\" src=\"https:\/\/puntocritico.com\/ausajpuntocritico\/wp-content\/uploads\/2022\/10\/Paz-en-Ucrania-muevete.png\" alt=\"\" width=\"660\" height=\"236\" data-id=\"2259161\" srcset=\"https:\/\/puntocritico.com\/ausajpuntocritico\/wp-content\/uploads\/2022\/10\/Paz-en-Ucrania-muevete.png 1400w, https:\/\/puntocritico.com\/ausajpuntocritico\/wp-content\/uploads\/2022\/10\/Paz-en-Ucrania-muevete-300x107.png 300w, https:\/\/puntocritico.com\/ausajpuntocritico\/wp-content\/uploads\/2022\/10\/Paz-en-Ucrania-muevete-1024x366.png 1024w, https:\/\/puntocritico.com\/ausajpuntocritico\/wp-content\/uploads\/2022\/10\/Paz-en-Ucrania-muevete-768x274.png 768w, https:\/\/puntocritico.com\/ausajpuntocritico\/wp-content\/uploads\/2022\/10\/Paz-en-Ucrania-muevete-610x218.png 610w, https:\/\/puntocritico.com\/ausajpuntocritico\/wp-content\/uploads\/2022\/10\/Paz-en-Ucrania-muevete-1320x471.png 1320w\" sizes=\"auto, (max-width: 660px) 100vw, 660px\" \/><\/p>\n<p style=\"text-align: center;\"><strong><span style=\"color: #008000; font-size: 18pt;\">*******<\/span><\/strong><\/p>\n<h2 style=\"text-align: center;\"><span style=\"font-size: 24pt;\"><strong>UCRANIA: EN BUSCA DE LA PAZ PERDIDA. LA EXPERIENCIA DE LOS ACUERDOS DE MINSK<\/strong><\/span><\/h2>\n<p><img loading=\"lazy\" decoding=\"async\" class=\"aligncenter wp-image-2259162\" src=\"https:\/\/puntocritico.com\/ausajpuntocritico\/wp-content\/uploads\/2022\/10\/Ucrania-Rusia-Paz.webp\" alt=\"\" width=\"555\" height=\"312\" data-id=\"2259162\" srcset=\"https:\/\/puntocritico.com\/ausajpuntocritico\/wp-content\/uploads\/2022\/10\/Ucrania-Rusia-Paz.webp 480w, https:\/\/puntocritico.com\/ausajpuntocritico\/wp-content\/uploads\/2022\/10\/Ucrania-Rusia-Paz-300x169.webp 300w\" sizes=\"auto, (max-width: 555px) 100vw, 555px\" \/><\/p>\n<p style=\"text-align: justify;\"><span style=\"font-size: 14pt;\">Por Rosa Mar\u00eda Vidal S\u00e1nchez<\/span><\/p>\n<p style=\"text-align: justify;\"><span style=\"font-size: 14pt;\">Abogada en pr\u00e1cticas.<\/span><\/p>\n<p style=\"text-align: justify;\"><a href=\"https:\/\/puntocritico.com\/ausajpuntocritico\/2022\/08\/10\/ley-trans-identidad-de-genero-y-orientacion-sexual-por-rosa-maria-vidal\/\"><span style=\"font-size: 14pt;\">Punto Cr\u00edtico<\/span><\/a><\/p>\n<p style=\"text-align: right;\"><span style=\"font-size: 14pt;\"><em>\u201cHaz las guerras no rentables y las har\u00e1s imposibles\u201d <\/em><\/span><\/p>\n<p style=\"text-align: right;\"><span style=\"font-size: 14pt;\"><em>-A. Philip Randolph-<\/em><\/span><\/p>\n<p>&nbsp;<\/p>\n<p style=\"text-align: justify;\"><span style=\"font-size: 14pt;\">Actualmente estamos presenciando c\u00f3mo el ser humano tiene la capacidad de autodestruirse sin ning\u00fan tipo de escr\u00fapulos, estamos viendo con angustia como miles de personas inocentes son v\u00edctimas de una guerra que no han elegido vivir, estamos presenciando una actitud de <strong><em>\u201ca ver qui\u00e9n hace m\u00e1s da\u00f1o\u201d<\/em><\/strong> bajo el pretexto de hacer creer al mundo la desesperaci\u00f3n de llegar a un acuerdo de paz entre las partes, pero <strong><em>\u00bfrealmente interesa esta ansiada paz?<\/em><\/strong><\/span><\/p>\n<p style=\"text-align: justify;\"><span style=\"font-size: 14pt;\">Estamos siendo testigos vivientes de un escenario donde la vida humana no importa, da igual que mueran o se torture a ni\u00f1os, j\u00f3venes, ancianos, padres, madres\u2026solo interesa llevar la raz\u00f3n y quedar por encima, no importa la nacionalidad de esas muertes solo importa el infundir miedo, el tener a la poblaci\u00f3n mundial acongojada por una posible guerra nuclear, <strong>nos quieren sumisos<\/strong> mientras ellos siguen velando por sus intereses que, sin duda, no son ni llegar a un acuerdo de paz ni frenar esta vor\u00e1gine de muertes.<\/span><\/p>\n<p style=\"text-align: justify;\"><span style=\"font-size: 14pt;\">En una guerra sobra decir que no hay buenos ni malos, no hay un bando que tenga m\u00e1s raz\u00f3n que otro, en una guerra hay asesinos, terroristas s\u00e1dicos que solo buscan hacer da\u00f1o, utilizando el contexto b\u00e9lico para hacer realidad sus deseos m\u00e1s siniestros con personas que son inocentes o, <strong>\u00bfser nacional de un Estado es justificaci\u00f3n para sufrir las m\u00e1s terribles torturas por parte del bando contrario? Sin duda alguna la respuesta es NO<\/strong>.<\/span><\/p>\n<p style=\"text-align: justify;\"><span style=\"font-size: 14pt;\">Es el momento de quitarle al lobo la m\u00e1scara de cordero porque s\u00ed, <strong>Volod\u00edmir Zelenski<\/strong> ha sido pintado por los medios de comunicaci\u00f3n como el <strong>\u201c<em>Presidente coraje<\/em>\u201d<\/strong>, el presidente de un Estado que es capaz de morir luchando por su patria, se lleg\u00f3 a plantear incluso su candidatura para obtener el Premio Nobel de la Paz\u2026 mientras <a href=\"https:\/\/www.youtube.com\/watch?v=2DP-AlQ_7WA\" target=\"_blank\" rel=\"noopener\">pide un ataque nuclear \u00abpreventivo\u00bb contra Rusia<\/a>. \u00a1\u00a1El Premio Nobel de la Paz se\u00f1ores!! A una persona que <em><strong>ha pedido sin ning\u00fan tipo de miramiento que se realicen ataques nucleares preventivos contra Rusia por parte de la OTAN<\/strong><\/em>\u2026 Esto comienza a ser el mundo al rev\u00e9s, como dec\u00eda <strong>Mafalda<\/strong>: \u201c<em>Paren el mundo, que me quiero bajar<\/em>\u201d.<\/span><\/p>\n<p style=\"text-align: justify;\">\u00a0<\/p>\n<p><img loading=\"lazy\" decoding=\"async\" class=\"aligncenter size-full wp-image-2259076\" src=\"https:\/\/puntocritico.com\/ausajpuntocritico\/wp-content\/uploads\/2022\/10\/Mafalda.jpg\" alt=\"\" width=\"400\" height=\"267\" data-id=\"2259076\" srcset=\"https:\/\/puntocritico.com\/ausajpuntocritico\/wp-content\/uploads\/2022\/10\/Mafalda.jpg 400w, https:\/\/puntocritico.com\/ausajpuntocritico\/wp-content\/uploads\/2022\/10\/Mafalda-300x200.jpg 300w\" sizes=\"auto, (max-width: 400px) 100vw, 400px\" \/><\/p>\n<p>&nbsp;<\/p>\n<p style=\"font-weight: 400; text-align: justify;\"><span style=\"font-size: 14pt;\">Teniendo en cuenta el <strong>derecho de autodeterminaci\u00f3n de los pueblos<\/strong>, siendo hoy en d\u00eda un principio jur\u00eddico del Derecho Internacional P\u00fablico, nos cabe plantearnos por qu\u00e9 las Naciones Unidas no actuaron y dieron por \u201c<em>bueno<\/em>\u201d el cambio de gobierno a trav\u00e9s del <strong>golpe de Estado neonazi<\/strong> surgido en Ucrania como consecuencia del <strong>Euromaid\u00e1n<\/strong>, ya que no debe olvidarse que la elecci\u00f3n de dicho gobierno no se llev\u00f3 a cabo a trav\u00e9s de elecciones o refer\u00e9ndums, fue impuesto por la <strong>Rada Suprema<\/strong> tras provocar, bajo amenazas de muerte, el derrocamiento del presidente democr\u00e1ticamente elegido, <strong>Viktor Yanuk\u00f3vich<\/strong>. \u00bfNo es sino \u00e9ste uno de los presupuestos que son castigados por las Naciones Unidas en cuando a la libre determinaci\u00f3n de los pueblos?<\/span><\/p>\n<p>&nbsp;<\/p>\n<blockquote>\n<p style=\"font-weight: 400; text-align: justify;\"><strong><span style=\"font-size: 14pt; color: #008000;\">\u201cDeplorando que la Potencia administradora no haya proporcionado suficientes aclaraciones sobre las condiciones y los plazos con arreglo a los cuales se propone conducir al Territorio a una descolonizaci\u00f3n completa,<\/span><\/strong><\/p>\n<\/blockquote>\n<ol>\n<li style=\"font-weight: 400; text-align: justify;\">\n<blockquote><p><strong><span style=\"font-size: 14pt; color: #008000;\"> Reafirma el derecho inalienable de la poblaci\u00f3n del Sahara a la libre determinaci\u00f3n y a la independencia de conformidad con la resoluci\u00f3n 1514 (XV) de la Asamblea General;<\/span><\/strong><\/p><\/blockquote>\n<\/li>\n<li style=\"font-weight: 400; text-align: justify;\">\n<blockquote><p><strong><span style=\"font-size: 14pt; color: #008000;\"> Reafirma la legitimidad de la lucha de los pueblos coloniales, as\u00ed como su solidaridad y apoyo a la poblaci\u00f3n del Sahara en su lucha por el ejercicio de su derecho a la libre determinaci\u00f3n y a la independencia, y pide a todos los Estados que le presten toda la ayuda moral y material necesaria para esa lucha; 3. Declara que la persistencia de una situaci\u00f3n colonial en el Territorio compromete la estabilidad y la armon\u00eda en la regi\u00f3n del noroeste de \u00c1frica;<\/span><\/strong><\/p><\/blockquote>\n<\/li>\n<li style=\"font-weight: 400; text-align: justify;\">\n<blockquote><p><strong><span style=\"font-size: 14pt; color: #008000;\"> Expresa su apoyo al pueblo del Sahara y su solidaridad con el mismo y pide al Gobierno espa\u00f1ol que, de conformidad con sus obligaciones y sus responsabilidades como Potencia administradora, tome medidas eficaces a fin de crear las condiciones necesarias para el libre ejercicio del derecho de ese pueblo a la libre determinaci\u00f3n y a la independencia;\u201d.<\/span><\/strong><\/p><\/blockquote>\n<\/li>\n<\/ol>\n<blockquote>\n<p style=\"text-align: right;\"><strong><span style=\"font-size: 14pt; color: #008000;\">Naciones Unidas, Asamblea General, XXVII, 2110 \u00aa Sesi\u00f3n Plenaria, 14 Diciembre 1972 (Cuesti\u00f3n del Sahara espa\u00f1ol)<\/span><\/strong><\/p>\n<p style=\"font-weight: 400; text-align: right;\"><span style=\"font-size: 14pt;\"><a href=\"https:\/\/www.usc.es\/export9\/sites\/webinstitucional\/gl\/institutos\/ceso\/descargas\/A_RES_2983_1972_es.pdf\" data-saferedirecturl=\"https:\/\/www.google.com\/url?q=https:\/\/www.usc.es\/export9\/sites\/webinstitucional\/gl\/institutos\/ceso\/descargas\/A_RES_2983_1972_es.pdf&amp;source=gmail&amp;ust=1666176233446000&amp;usg=AOvVaw3GNHl8XQlTqBddBMS29SrC\" target=\"_blank\" rel=\"noopener\">A_RES_2983_1972_es.pdf (usc.es)<\/a><\/span><\/p>\n<\/blockquote>\n<p>&nbsp;<\/p>\n<p style=\"font-weight: 400; text-align: justify;\"><span style=\"font-size: 14pt;\">Es importante recordar que el <strong>derecho de autodeterminaci\u00f3n<\/strong> no solo abarca el que un pueblo determine, de forma libre y voluntaria, qu\u00e9 lugar quiere ocupar en la comunidad internacional de Estados, seg\u00fan el principio de igualdad soberana, sino que adem\u00e1s recoge el derecho de un pueblo a decidir por s\u00ed mismo la organizaci\u00f3n pol\u00edtica que desea, as\u00ed como el desarrollo econ\u00f3mico, social y cultural. Por lo tanto, teniendo esto presente, \u00bfel pueblo Ucraniano habr\u00eda decidido poner al poder a un gobierno capaz de masacrar su propio pueblo? \u00bfNo es esto sino la consecuencia directa de que los territorios del <strong>Donb\u00e1ss<\/strong>, y en particular, <strong>Donetsk<\/strong>\u00a0y <strong>Lugansk<\/strong>, est\u00e9n luchando por su derecho de <em>autodeterminaci\u00f3n<\/em>? \u00bfPor qu\u00e9 la <strong>ONU<\/strong> no se pronuncia al respecto? \u00bfPor qu\u00e9 solo se est\u00e1 poniendo el foco en la \u201c<em>invasi\u00f3n<\/em>\u201d Rusa? Invasi\u00f3n que no es invasi\u00f3n, es la presencia de un Estado otorgando protecci\u00f3n a parte de la poblaci\u00f3n de otro Estado que se ve amenazada por su propio gobierno.<\/span><\/p>\n<p>&nbsp;<\/p>\n<blockquote>\n<p style=\"font-weight: 400; text-align: justify;\"><span style=\"color: #008000;\"><strong><em><span style=\"font-size: 14pt;\">La Asamblea General, Reafirmando la importancia que, a fin de garantizar y respetar efectivamente los derechos humanos, reviste la realizaci\u00f3n universal del derecho de los pueblos a la libre determinaci\u00f3n consagrado en la Carta de las Naciones Unidas y plasmado en los Pactos Internacionales de Derechos Humanos , as\u00ed como en la Declaraci\u00f3n sobre la Concesi\u00f3n de la Independencia a los Pa\u00edses y Pueblos Coloniales, que figura en su resoluci\u00f3n 1514 (XV), de 14 de diciembre de 1960,<\/span><\/em><\/strong><\/span><\/p>\n<p style=\"font-weight: 400; text-align: justify;\"><span style=\"color: #008000;\"><strong><em><span style=\"font-size: 14pt;\">Acogiendo con benepl\u00e1cito el ejercicio progresivo del derecho a la libre determinaci\u00f3n de los pueblos sometidos a ocupaci\u00f3n colonial, extranjera o externa y su acceso a la condici\u00f3n de Estados soberanos e independientes,<\/span><\/em><\/strong><\/span><\/p>\n<p style=\"font-weight: 400; text-align: justify;\"><span style=\"color: #008000;\"><strong><em><span style=\"font-size: 14pt;\">Profundamente preocupada por la persistencia de actos o amenazas de intervenci\u00f3n y ocupaci\u00f3n militar extranjera que ponen en peligro, o han conculcado ya, el derecho a la libre determinaci\u00f3n de las naciones y los pueblos,\u201d.<\/span><\/em><\/strong><\/span><\/p>\n<p style=\"text-align: right;\"><strong><span style=\"font-size: 14pt; color: #008000;\">Naciones Unidas, Resoluci\u00f3n aprobada por la Asamblea General<br \/>\nel 16 de diciembre de 2021 (Derecho de los pueblos a la libre determinaci\u00f3n)<\/span><\/strong><\/p>\n<p style=\"font-weight: 400; text-align: right;\"><span style=\"font-size: 14pt;\"><a href=\"https:\/\/www.usc.es\/export9\/sites\/webinstitucional\/gl\/institutos\/ceso\/descargas\/A_RES_76_152_ES.pdf\" data-saferedirecturl=\"https:\/\/www.google.com\/url?q=https:\/\/www.usc.es\/export9\/sites\/webinstitucional\/gl\/institutos\/ceso\/descargas\/A_RES_76_152_ES.pdf&amp;source=gmail&amp;ust=1666176233447000&amp;usg=AOvVaw3mhr7Kh-Yx0J7Pf4y2Vh_K\" target=\"_blank\" rel=\"noopener\">A_RES_76_152_ES.pdf (usc.es)<\/a><\/span><\/p>\n<\/blockquote>\n<p style=\"text-align: justify;\">\u00a0<\/p>\n<p style=\"font-weight: 400; text-align: justify;\"><span style=\"font-size: 14pt;\">Hay demasiadas preguntas, demasiados porqu\u00e9s, demasiadas muertes y parece ser que los organismos encargados de velar por la paz mundial se limitan a ser observadores de esta barbarie que cada vez nos precipitan m\u00e1s a una guerra de consecuencias terribles para todos.<\/span><\/p>\n<p style=\"text-align: justify;\"><span style=\"font-size: 14pt;\">Ni mucho menos con estas l\u00edneas se pretende esbozar la imagen de <strong>Vladimir Putin<\/strong> como un \u201c<em>alma de la caridad<\/em>\u201d porque es bien sabido por todos que no lo es, pero lo que est\u00e1 claro es que <strong>ni los buenos son tan buenos, ni los malos son tan malos<\/strong>.<\/span><\/p>\n<p style=\"text-align: justify;\"><span style=\"font-size: 14pt;\">Se podr\u00eda decir que todo se remonta a la <strong>guerra del Donb\u00e1s<\/strong>, guerra que fue la consecuencia del <strong>golpe de Estado<\/strong> neonazi llevado a cabo en Ucrania con el <strong>Euromaidan<\/strong>, guerra que han hecho creer en todo momento que Rusia era parte interviniente, que era quien estaba urdiendo los movimientos a seguir. Los ej\u00e9rcitos de la <strong>Rep\u00fablica Popular de Donetsk y la Rep\u00fablica Popular de Lugansk<\/strong> no fueron formados con militares rusos, sino que fueron miembros del propio ej\u00e9rcito de Ucrania quienes formaron dichos ej\u00e9rcitos tras presenciar c\u00f3mo su propio gobierno estaba intentando liquidar a sus iguales, la poblaci\u00f3n de <strong>Donetsk<\/strong> y <strong>Lugansk<\/strong> estaba siendo atacada por batallones nazis ucranianos sin escr\u00fapulos, <em><strong>Ucrania estaba bombardeando y atacando su propio territorio<\/strong><\/em>, esto es terrible.<\/span><\/p>\n<p>&nbsp;<\/p>\n<blockquote>\n<p style=\"text-align: center;\"><span style=\"font-size: 14pt;\"><strong><span style=\"color: #008000;\">Los ej\u00e9rcitos de la Rep\u00fablica Popular de Donetsk y la Rep\u00fablica Popular de Lugansk no fueron formados con militares rusos, sino que fueron miembros del propio ej\u00e9rcito de Ucrania quienes formaron dichos ej\u00e9rcitos tras presenciar c\u00f3mo su propio gobierno estaba intentando liquidar a sus iguales, la poblaci\u00f3n de Donetsk y Lugansk estaba siendo atacada por batallones neonazis ucranianos sin escr\u00fapulos<\/span><\/strong><\/span><\/p>\n<\/blockquote>\n<p>&nbsp;<\/p>\n<p style=\"text-align: justify;\"><span style=\"font-size: 14pt;\">Por lo que no debe pasarse por alto que <strong>Zelenski<\/strong> lleg\u00f3 a la presidencia prometiendo acabar con la guerra del Donb\u00e1s y, por el contrario, lo primero que hizo fue seguir atacando el territorio que, desde hace 8 a\u00f1os, pretende independizarse de Ucrania para velar por los intereses de sus ciudadanos. Por lo tanto, atendiendo a los hechos que aqu\u00ed se exponen se pretende que usted lector saque sus propias conclusiones y le sugerimos que se haga la siguiente pregunta, a la que respondemos:<\/span><\/p>\n<blockquote>\n<p style=\"text-align: center;\"><span style=\"font-size: 14pt; color: #008000;\"><strong>\u00bfQui\u00e9n es el enemigo? <\/strong><\/span><\/p>\n<p style=\"text-align: center;\"><span style=\"font-size: 14pt; color: #008000;\"><strong>Parece ser que quien quiere la paz.<\/strong><\/span><\/p>\n<\/blockquote>\n<p style=\"text-align: justify;\"><span style=\"font-size: 14pt;\">A estas alturas de los acontecimientos muchos vivimos con impotencia por la falta de entendimiento entre las partes porque hay herramientas, muchas, para llegar sino a un acuerdo a una propuesta de paz,<\/span><strong><span style=\"font-size: 14pt;\"> como veremos en este post hay formas de alcanzar una armon\u00eda en la que no haya m\u00e1s muertes de inocentes.<\/span> <\/strong><\/p>\n<p style=\"text-align: justify;\"><span style=\"font-size: 14pt;\">Pero <strong>\u00bfla paz es rentable?<\/strong> Por desgracia no, el beneficio es mayor cuando hay guerra, cuando se arrincona al adversario hasta el punto de que en su \u00faltimo aliento cede a todas las pretensiones porque una guerra no es una negociaci\u00f3n, en las negociaciones todas las partes ganan (<em>ya sea mucho o poco<\/em>), en la guerra todos pierden, sobre todo los civiles que son piezas de ese tablero de ajedrez dirigido por quienes ni en sue\u00f1os pisar\u00e1n un campo de batalla.<\/span><\/p>\n<p>&nbsp;<\/p>\n<p><img loading=\"lazy\" decoding=\"async\" class=\"aligncenter size-full wp-image-1824136\" src=\"https:\/\/puntocritico.com\/ausajpuntocritico\/wp-content\/uploads\/2021\/02\/cipolla-Chess.jpg\" alt=\"\" width=\"271\" height=\"186\" data-id=\"1824136\" \/><\/p>\n<p>&nbsp;<\/p>\n<h3 style=\"text-align: center;\"><span style=\"font-size: 18pt;\"><strong>\u00bfC\u00f3mo podr\u00eda negociarse un acuerdo de paz?<\/strong><\/span><\/h3>\n<p style=\"text-align: justify;\"><span style=\"font-size: 14pt;\">En primer lugar, respetando el principio de autodeterminaci\u00f3n, entendido como el derecho de pueblos y naciones a elegir libremente su r\u00e9gimen pol\u00edtico, econ\u00f3mico y cultural, incluyendo la formaci\u00f3n de un Estado independiente y resolver cualquier tipo de cuesti\u00f3n relacionada con su existencia y forma de autogobierno, este principio se consolida como un elemento fundamental en el marco jur\u00eddico internacional.<\/span><\/p>\n<p style=\"font-weight: 400; text-align: justify;\"><span style=\"font-size: 14pt;\">Teniendo en cuenta el derecho de autodeterminaci\u00f3n de los pueblos, siendo hoy en d\u00eda un principio jur\u00eddico del Derecho Internacional P\u00fablico, nos cabe plantearnos por qu\u00e9 las Naciones Unidas no actuaron y dieron por \u201c<em>bueno<\/em>\u201d el cambio de gobierno a trav\u00e9s del <strong>golpe de<\/strong> <strong>Estado neonazi<\/strong> surgido en Ucrania como consecuencia del <strong>Euromaid\u00e1n<\/strong>, ya que no debe olvidarse que la elecci\u00f3n de dicho gobierno no se llev\u00f3 a cabo a trav\u00e9s de elecciones o refer\u00e9ndums, fue impuesto por la <strong>Rada Suprema<\/strong> tras provocar, bajo amenazas de muerte la derrocamiento del presidente\u00a0 presidente elegido democr\u00e1ticamente elegido <strong>Viktor Yanuk\u00f3vich<\/strong>. \u00bfNo es sino \u00e9ste uno de los presupuestos que son castigados por las Naciones Unidas en cuando a la <em>libre determinaci\u00f3n de los pueblos<\/em>?<\/span><\/p>\n<p style=\"font-weight: 400; text-align: justify;\"><span style=\"font-size: 14pt;\">Es importante recordar que el<strong> derecho de autodeterminaci\u00f3n<\/strong> no solo abarca el que un pueblo determine, de forma libre y voluntaria, qu\u00e9 lugar quiere ocupar en la comunidad internacional de Estados, seg\u00fan el principio de igualdad soberana, sino que adem\u00e1s recoge el derecho de un pueblo a decidir por s\u00ed mismo la organizaci\u00f3n pol\u00edtica que desea, as\u00ed como el desarrollo econ\u00f3mico, social y cultural. Por lo tanto, teniendo esto presente, \u00bfel pueblo Ucraniano habr\u00eda decidido poner\u00a0 en el poder a un gobierno capaz de masacrar su propio pueblo? \u00bfNo es esto sino la consecuencia directa de que los territorios del Donb\u00e1ss, en especial, Donetsk y Lugansk est\u00e9n luchando por su derecho de autodeterminaci\u00f3n? \u00bfPor qu\u00e9 la ONU no se pronuncia al respecto? \u00bfPor qu\u00e9 solo se est\u00e1 poniendo el foco en la \u201c<em>invasi\u00f3n<\/em>\u201d Rusa? <em>Invasi\u00f3n que no es invasi\u00f3n, es la presencia de un Estado otorgando protecci\u00f3n a parte de la poblaci\u00f3n de otro Estado que se ve amenazada por su propio gobierno<\/em>.<\/span><\/p>\n<p style=\"font-weight: 400; text-align: justify;\"><span style=\"font-size: 14pt;\">Alarma de manera abrumadora que el propio <strong>Zelenski<\/strong> haya pedido a la OTAN que realice <strong>ataques nucleares preventivos contra Rusia<\/strong>, como hemos visto.<\/span><\/p>\n<p style=\"text-align: justify;\"><span style=\"font-size: 14pt;\">En segundo lugar, ligado con lo primero, <strong><em>el derecho de autodeterminaci\u00f3n de un pueblo o naci\u00f3n se puede llevar a cabo a trav\u00e9s de un refer\u00e9ndum con todas las garant\u00edas legales existentes<\/em><\/strong> entre las que podemos deducir: que exista total libertad a la hora de emitir el voto y que existan observadores internacionales que sean neutrales en la causa, para esta labor existe en Europa la figura de la <strong>OSCE<\/strong> (<em>Organizaci\u00f3n para la Seguridad y la Cooperaci\u00f3n en Europa)<\/em> y su cometido es precisamente velar por la estabilidad, la paz y la democracia, a trav\u00e9s del di\u00e1logo pol\u00edtico, la OSCE es quien debe velar porque un <strong>refer\u00e9ndum<\/strong> se realice con todas las garant\u00edas legales democr\u00e1ticas.<\/span><\/p>\n<p style=\"text-align: justify;\"><span style=\"font-size: 14pt;\">En tercer lugar, tambi\u00e9n se podr\u00eda plantear la idea de acatar y cumplir por primera vez los <strong>Protocolos\u00a0 y Acuerdos de Minsk<\/strong>, ya que su fin \u00faltimo es, como veremos, alcanzar la paz sin m\u00e1s derramamiento de sangre pero claro&#8230; teniendo en cuenta que son herramientas que han sido vulneradas desde pr\u00e1cticamente el momento de su firma, \u00bfqu\u00e9 esperanza nos queda de que precisamente ahora empiecen a cumplirse?<\/span><\/p>\n<p style=\"text-align: justify;\"><span style=\"font-size: 14pt;\">En definitiva, lo que se pide es que se escuche al pueblo, al fin y al cabo, estamos hablando de pa\u00edses democr\u00e1ticos en los que la opini\u00f3n del ciudadano cuenta. En el <strong>documental \u00abUcrania en llamas\u00bb de Oliver Stone<\/strong> publicado ya en Punto Cr\u00edtico, se adjunta el enlace por si es de inter\u00e9s:<\/span><\/p>\n<p>&nbsp;<\/p>\n<p style=\"text-align: justify;\"><a href=\"https:\/\/puntocritico.com\/ausajpuntocritico\/2022\/01\/29\/oliver-stone-ucrania-en-llamas-oliver-stone-ukraine-on-fire-subtitulos-en-espanol-subtitulos-en-espanol-2\/\"><img loading=\"lazy\" decoding=\"async\" class=\"aligncenter wp-image-2259074 size-mh-magazine-content\" src=\"https:\/\/puntocritico.com\/ausajpuntocritico\/wp-content\/uploads\/2022\/10\/2022-10-16-678x381.png\" alt=\"\" width=\"678\" height=\"381\" data-id=\"2259074\" \/><\/a><\/p>\n<p style=\"text-align: center;\"><a href=\"https:\/\/puntocritico.com\/ausajpuntocritico\/2022\/01\/29\/oliver-stone-ucrania-en-llamas-oliver-stone-ukraine-on-fire-subtitulos-en-espanol-subtitulos-en-espanol-2\/\">https:\/\/puntocritico.com\/ausajpuntocritico\/2022\/01\/29\/oliver-stone-ucrania-en-llamas-oliver-stone-ukraine-on-fire-subtitulos-en-espanol-subtitulos-en-espanol-2\/<\/a><\/p>\n<p>&nbsp;<\/p>\n<p style=\"text-align: justify;\"><span style=\"font-size: 14pt;\"><strong>Putin<\/strong> contestaba a la pregunta de <strong><em>\u00bfqu\u00e9 es la democracia?<\/em><\/strong> de una manera bastante acertada:<\/span><\/p>\n<p style=\"text-align: justify;\"><span style=\"font-size: 14pt;\"><strong><em>\u201cLa democracia es la pol\u00edtica basada en la voluntad del pueblo\u201d<\/em><\/strong><\/span><\/p>\n<p style=\"text-align: justify;\"><span style=\"font-size: 14pt;\">Reiteramos, \u00bfc\u00f3mo puede conocerse esa voluntad? A trav\u00e9s del voto, por lo tanto, un medio para alcanzar la paz seguramente sea <strong>escuchar al pueblo<\/strong> ya que, sin duda es quien m\u00e1s est\u00e1 sufriendo esta tremenda barbarie.<\/span><\/p>\n<p style=\"text-align: justify;\"><span style=\"font-size: 14pt;\">Como analizaremos m\u00e1s abajo ya se intent\u00f3 en dos ocasiones llegar a la paz en Ucrania a trav\u00e9s de los <strong>Protocolos Minsk y Minsk II<\/strong>, pero por reproches de las partes implicadas, no solo no se ha alcanzado la ansiada paz, sino que las tensiones han ido en aumento hasta el punto de encontrarnos ante una guerra que parece no tener fin.<\/span><\/p>\n<p style=\"text-align: justify;\"><span style=\"font-size: 14pt;\">Hay demasiadas preguntas, demasiados porqu\u00e9s, demasiadas muertes y parece ser que los organismos encargados de velar por la paz mundial se limitan a ser observadores de esta barbarie que cada vez nos precipitan m\u00e1s a una guerra de consecuencias terribles para todos.<\/span><\/p>\n<p>&nbsp;<\/p>\n<p><a href=\"https:\/\/puntocritico.com\/ausajpuntocritico\/2022\/05\/10\/consideraciones-en-torno-al-tratado-de-no-proliferacion-de-armas-nucleares\/\"><img loading=\"lazy\" decoding=\"async\" class=\"aligncenter wp-image-2247721\" src=\"https:\/\/puntocritico.com\/ausajpuntocritico\/wp-content\/uploads\/2022\/05\/Selfie-del-fin-del-mundo-PPAL.jpg\" alt=\"\" width=\"480\" height=\"319\" data-id=\"2247721\" srcset=\"https:\/\/puntocritico.com\/ausajpuntocritico\/wp-content\/uploads\/2022\/05\/Selfie-del-fin-del-mundo-PPAL.jpg 680w, https:\/\/puntocritico.com\/ausajpuntocritico\/wp-content\/uploads\/2022\/05\/Selfie-del-fin-del-mundo-PPAL-300x199.jpg 300w, https:\/\/puntocritico.com\/ausajpuntocritico\/wp-content\/uploads\/2022\/05\/Selfie-del-fin-del-mundo-PPAL-610x405.jpg 610w, https:\/\/puntocritico.com\/ausajpuntocritico\/wp-content\/uploads\/2022\/05\/Selfie-del-fin-del-mundo-PPAL-678x452.jpg 678w\" sizes=\"auto, (max-width: 480px) 100vw, 480px\" \/><\/a><\/p>\n<p>&nbsp;<\/p>\n<p style=\"text-align: justify;\"><span style=\"font-size: 14pt;\">No obstante y antes de entrar en materia, es importante resaltar lo que podr\u00eda considerarse otro obst\u00e1culo m\u00e1s para alcanzar un acuerdo de paz. Nos referimos al problema actual e inminente de <strong>\u00ab<a href=\"https:\/\/puntocritico.com\/ausajpuntocritico\/2022\/05\/10\/consideraciones-en-torno-al-tratado-de-no-proliferacion-de-armas-nucleares\/\">las mininukes<\/a>\u00ab<\/strong>, armas nucleares de una potencia m\u00e1xima de 0,5 kilotones y una precisi\u00f3n CEP de un metro&#8230; Y bien, se puede preguntar \u00bfesto en qu\u00e9 afecta? Ni m\u00e1s ni menos a lograr una paz mundial, ya que hablamos de bombas nucleares con una carga nuclear mucho m\u00e1s peque\u00f1a, por lo que quedar\u00edan fuera del <strong>Tratado de No Proliferaci\u00f3n de Armas Nucleares (TNP)<\/strong>, pero adem\u00e1s de este \u00ab<em>peque\u00f1o<\/em>\u00bb detalle tambi\u00e9n se ha de tener en cuenta unos puntos b\u00e1sicos de dicho Tratado son:<\/span><\/p>\n<ul>\n<li style=\"text-align: justify;\"><span style=\"font-size: 14pt;\">Los pa\u00edses poseedores de armas nucleares se comprometen a no traspasar a nadie armas nucleares ni ayudar a ning\u00fan Estado a fabricarlas ni adquirirlas.<\/span><\/li>\n<li style=\"text-align: justify;\"><span style=\"font-size: 14pt;\">Los pa\u00edses no poseedores de armas nucleares se comprometen a no recibir de nadie armas nucleares, ni fabricarlas, ni pedir ayuda a nadie para ello. Tambi\u00e9n se comprometen a no proporcionar materiales b\u00e1sicos (<em>uranio y torio<\/em>) ni materiales nucleares especiales (<em>uranio enriquecido y plutonio<\/em>) a ning\u00fan pa\u00eds no poseedor de armas nucleares sin que tales materiales queden sometidos a salvaguardias.<\/span><\/li>\n<\/ul>\n<p style=\"text-align: justify;\"><span style=\"font-size: 14pt;\">Teniendo presente esto y sobre todo, que el citado Tratado no ha sido firmado ni ratificado nuevamente por los Estados firmantes y adheridos al mismo, as\u00ed como el hecho de que Ucrania no est\u00e1 protegida por el Art\u00edculo 5 del Tratado fundacional de la OTAN, ni en caso de agresi\u00f3n nuclear, pues no es un Estado Miembro de dicha Organizaci\u00f3n Internacional, \u00bfpodr\u00eda Rusia utilizar \u00ab<em>Mininukes<\/em>\u00bb en Ucrania? \u00bfQu\u00e9 suceder\u00eda si Ucrania es abastecida por parte de otra potencia nuclear con armas nucleares t\u00e1cticas o <em>mininukes<\/em>?; \u00bfqu\u00e9 suceder\u00eda si Ucrania pidiera a alg\u00fan Estado parte de ese Tratado que atacara a Rusia? Todo apunta a que un acuerdo de paz est\u00e1 muy lejano, por desgracia est\u00e1 m\u00e1s presente una posible guerra nuclear que un Tratado de Paz.<\/span><\/p>\n<p style=\"text-align: center;\"><span style=\"color: #008000; font-size: 18pt;\"><strong>\u00a0********<\/strong><\/span><\/p>\n<p style=\"text-align: justify;\"><span style=\"font-size: 14pt; color: #008000;\">GUERRA EN UCRANIA<\/span><\/p>\n<h3 style=\"text-align: center;\"><span style=\"font-size: 18pt;\"><strong>Los Acuerdos (infructuosos) de Minsk I y Minsk II<\/strong><\/span><\/h3>\n<figure id=\"attachment_2247773\" aria-describedby=\"caption-attachment-2247773\" style=\"width: 480px\" class=\"wp-caption aligncenter\"><img loading=\"lazy\" decoding=\"async\" class=\"wp-image-2247773\" src=\"https:\/\/puntocritico.com\/ausajpuntocritico\/wp-content\/uploads\/2022\/05\/Impacto-nuclear.jpg\" alt=\"\" width=\"480\" height=\"320\" data-id=\"2247773\" srcset=\"https:\/\/puntocritico.com\/ausajpuntocritico\/wp-content\/uploads\/2022\/05\/Impacto-nuclear.jpg 600w, https:\/\/puntocritico.com\/ausajpuntocritico\/wp-content\/uploads\/2022\/05\/Impacto-nuclear-300x200.jpg 300w\" sizes=\"auto, (max-width: 480px) 100vw, 480px\" \/><figcaption id=\"caption-attachment-2247773\" class=\"wp-caption-text\"><span style=\"color: #008000;\">Impacto nuclear<\/span><\/figcaption><\/figure>\n<p style=\"text-align: justify;\"><strong>\u00a0<\/strong><\/p>\n<p style=\"text-align: justify;\"><span style=\"font-size: 14pt;\">Hace 7 meses que \u201c<em>comenz\u00f3<\/em>\u201d el conflicto armado entre Ucrania y Rusia, pero, si pregunt\u00e1semos a alg\u00fan nacional ucraniano o ruso, m\u00e1s bien nos dir\u00edan que el conflicto se remonta a <strong>2014<\/strong>, lo que es igual a remontarnos a 8 a\u00f1os atr\u00e1s. 8 a\u00f1os de continuos conflictos, de miles de muertes, de odio entre nacionales\u2026<\/span><\/p>\n<p style=\"text-align: justify;\"><span style=\"font-size: 14pt;\">A veces es necesario retrotraernos unos cuantos a\u00f1os atr\u00e1s para poder comprender el por qu\u00e9, d\u00f3nde y cu\u00e1ndo se origin\u00f3 todo. Es necesario enmarcar de una forma clara qu\u00e9 ha provocado esta triste situaci\u00f3n entre Ucrania y Rusia, que a su vez est\u00e1 afectando de manera indirecta o no tan indirecta a la Uni\u00f3n Europea y, por ende, a Espa\u00f1a.<\/span><\/p>\n<p style=\"text-align: justify;\"><span style=\"font-size: 14pt;\">Debemos remontarnos al <strong>22 de julio de 2008<\/strong>, fecha en la que Ucrania anuncia que firmar\u00e1 un Acuerdo de Asociaci\u00f3n con la UE. A\u00f1os m\u00e1s tarde, en concreto, el <strong>11 de octubre de 2011<\/strong> se condenaba a 7 a\u00f1os de prisi\u00f3n a <strong>Yulia Timoshenko<\/strong> tras ser declarada culpable de un delito de abuso de poder.<\/span><\/p>\n<p>&nbsp;<\/p>\n<figure id=\"attachment_2259072\" aria-describedby=\"caption-attachment-2259072\" style=\"width: 360px\" class=\"wp-caption aligncenter\"><img loading=\"lazy\" decoding=\"async\" class=\"wp-image-2259072\" src=\"https:\/\/puntocritico.com\/ausajpuntocritico\/wp-content\/uploads\/2022\/10\/Yulia-Tymoshenko.jpg\" alt=\"\" width=\"360\" height=\"270\" data-id=\"2259072\" srcset=\"https:\/\/puntocritico.com\/ausajpuntocritico\/wp-content\/uploads\/2022\/10\/Yulia-Tymoshenko.jpg 630w, https:\/\/puntocritico.com\/ausajpuntocritico\/wp-content\/uploads\/2022\/10\/Yulia-Tymoshenko-300x225.jpg 300w, https:\/\/puntocritico.com\/ausajpuntocritico\/wp-content\/uploads\/2022\/10\/Yulia-Tymoshenko-610x458.jpg 610w, https:\/\/puntocritico.com\/ausajpuntocritico\/wp-content\/uploads\/2022\/10\/Yulia-Tymoshenko-326x245.jpg 326w, https:\/\/puntocritico.com\/ausajpuntocritico\/wp-content\/uploads\/2022\/10\/Yulia-Tymoshenko-80x60.jpg 80w\" sizes=\"auto, (max-width: 360px) 100vw, 360px\" \/><figcaption id=\"caption-attachment-2259072\" class=\"wp-caption-text\"><span style=\"color: #008000;\">Yulia Tymoshenko<\/span><\/figcaption><\/figure>\n<p>&nbsp;<\/p>\n<p style=\"text-align: justify;\"><span style=\"font-size: 14pt;\"><a href=\"https:\/\/es.wikipedia.org\/wiki\/Yulia_Timoshenko\" target=\"_blank\" rel=\"noopener\"><strong>Yulia Volod\u00edmirivna Timoshenko<\/strong><\/a>, es una pol\u00edtica ucraniana. Fue primera ministra en dos ocasiones: del 24 de enero al 8 de septiembre de 2005 y nuevamente desde el 18 de diciembre de 2007 hasta el 3 de marzo de 2010. Es la l\u00edder del partido <strong>Batkivshchyna<\/strong> (<em>Patria<\/em>) y del Bloque Yulia Timoshenko. Anteriormente, era una exitosa mujer de <strong><u>negocios en la industria del gas<\/u><\/strong>, por lo que pronto se convirti\u00f3 en una de las personas m\u00e1s ricas de Ucrania.<\/span><\/p>\n<p style=\"text-align: justify;\"><span style=\"font-size: 14pt;\">Antes de llegar a ser primera ministra, fue considerada la aliada m\u00e1s significativa del l\u00edder de la oposici\u00f3n, <strong>V\u00edktor<\/strong> <strong>Y\u00fashchenko<\/strong>, y fue extremadamente visible durante las elecciones ucranianas de 2004. Fue una de las cabezas m\u00e1s importantes de la <strong>Revoluci\u00f3n Naranja<\/strong>, la cual trajo al poder a <strong>Y\u00fashchenko<\/strong>. Durante ese periodo, los medios de comunicaci\u00f3n la apodaban la \u00ab<em>Juana de Arco de la Revoluci\u00f3n Naranja<\/em>\u00ab.<\/span><\/p>\n<p style=\"text-align: justify;\"><span style=\"font-size: 14pt;\">El <strong>3 de marzo de 2010<\/strong>, fue destituida de su cargo de primera ministra por la Rada Suprema, en una moci\u00f3n de censura a su Gobierno. A partir de mayo de 2010, se iniciaron varios procedimientos legales en su contra. El 5 de agosto de 2011, fue arrestada por haber <em>\u00abviolado en repetidas ocasiones su interdicci\u00f3n de salir de Kiev y obstruido la investigaci\u00f3n que se llevaba a cabo en su contra\u00bb<\/em> debido a abuso de autoridad. Seg\u00fan la Corte, ello llev\u00f3 a la firma de contratos de gas, desventajosos para Ucrania, con Rusia en enero de 2009. El 11 de octubre de 2011, fue <strong>condenada a 7 a\u00f1os de c\u00e1rcel<\/strong> despu\u00e9s de haber sido declarada culpable de los cargos anteriormente expuestos.<\/span><\/p>\n<p style=\"text-align: justify;\"><span style=\"font-size: 14pt;\">Tras esta condena, la representante de Asuntos Exteriores de la UE, <strong>Catherine Ashton<\/strong> advirti\u00f3 que las conversaciones sobre el Acuerdo continuar\u00edan, pero la condena a <strong>Timoshenko<\/strong> tendr\u00eda graves consecuencias en las relaciones bilaterales entre Ucrania y la UE.<\/span><\/p>\n<p style=\"text-align: justify;\"><span style=\"font-size: 14pt;\">El <strong>30 de marzo de 2012<\/strong>, el presidente por aquel entonces de Ucrania, <strong>V\u00edktor Yanuk\u00f3vich<\/strong> y algunos de los l\u00edderes de la Uni\u00f3n Europea hab\u00edan acordado crear un <em>Estatuto de Asociaci\u00f3n de Ucrania con la UE<\/em>, comprender\u00eda un Acuerdo de Asociaci\u00f3n y Acuerdo de libre comercio con la UE. La entrada en vigor de dicho Acuerdo se fue aplazando de tal manera que las negociaciones se estancaron durante 1 a\u00f1o.<\/span><\/p>\n<p style=\"text-align: justify;\"><span style=\"font-size: 14pt;\">Algunas de las razones por las que se produjo este \u201c<em>par\u00f3n<\/em>\u201d en las negociaciones fueron las exigencias establecidas por la UE para llegar a cerrar el acuerdo, exigencias que en aquel momento no se planteaban como viables, entre las cuales se encontraban la liberaci\u00f3n de <strong>Yulia Timoshenko<\/strong> y<strong> Yuri Lutsenko<\/strong> (<em>opositores del gobierno<\/em>).<\/span><\/p>\n<p style=\"text-align: justify;\"><span style=\"font-size: 14pt;\">El <strong>21 de noviembre de 2013<\/strong> el gobierno ucraniano encabezado por <strong>Mikola Az\u00e1rov<\/strong> (<em>primer ministro de Ucrania<\/em>) public\u00f3 una nota oficial, mediante la cual se informaba de que el proceso de preparaci\u00f3n de la firma del acuerdo quedaba <strong>suspendido.<\/strong><\/span><\/p>\n<p style=\"text-align: justify;\"><span style=\"font-size: 14pt;\">Dando lugar este acontecimiento a lo que se conocer\u00eda como el <strong>Euromaid\u00e1n<\/strong>.<\/span><\/p>\n<p>&nbsp;<\/p>\n<p style=\"text-align: center;\"><span style=\"color: #008000; font-size: 18pt;\"><strong>*******<\/strong><\/span><\/p>\n<h3 style=\"text-align: center;\"><span style=\"font-size: 24pt;\"><strong>EUROMAID\u00c1N: EL ORIGEN DEL CONFLICTO<\/strong><\/span><\/h3>\n<p style=\"text-align: justify;\"><img loading=\"lazy\" decoding=\"async\" class=\"aligncenter size-full wp-image-2259075\" src=\"https:\/\/puntocritico.com\/ausajpuntocritico\/wp-content\/uploads\/2022\/10\/EUROMAIDAN.jpg\" alt=\"\" width=\"800\" height=\"450\" data-id=\"2259075\" srcset=\"https:\/\/puntocritico.com\/ausajpuntocritico\/wp-content\/uploads\/2022\/10\/EUROMAIDAN.jpg 800w, https:\/\/puntocritico.com\/ausajpuntocritico\/wp-content\/uploads\/2022\/10\/EUROMAIDAN-300x169.jpg 300w, https:\/\/puntocritico.com\/ausajpuntocritico\/wp-content\/uploads\/2022\/10\/EUROMAIDAN-768x432.jpg 768w, https:\/\/puntocritico.com\/ausajpuntocritico\/wp-content\/uploads\/2022\/10\/EUROMAIDAN-610x343.jpg 610w, https:\/\/puntocritico.com\/ausajpuntocritico\/wp-content\/uploads\/2022\/10\/EUROMAIDAN-678x381.jpg 678w\" sizes=\"auto, (max-width: 800px) 100vw, 800px\" \/><\/p>\n<p style=\"text-align: justify;\">\u00a0<\/p>\n<p style=\"text-align: justify;\"><span style=\"font-size: 14pt;\">Es a partir del <strong>21 de noviembre de 2013<\/strong> cuando comienzan las tensiones en Ucrania, produci\u00e9ndose varias concentraciones en la <strong>Plaza de la Independencia de Kiev<\/strong> exigiendo al gobierno retomar el di\u00e1logo con la Uni\u00f3n Europea.<\/span><\/p>\n<p style=\"text-align: justify;\"><span style=\"font-size: 14pt;\">Es relevante destacar que entre los miembros que provocaban las manifestaciones y disturbios sangrientos se encontraban, entre otros:<\/span><\/p>\n<ul style=\"text-align: justify;\">\n<li><span style=\"font-size: 14pt;\">Grupo ultra-nacionalista y de extrema derecha: <strong>Sector Derecho<\/strong><\/span><\/li>\n<li><span style=\"font-size: 14pt;\">Partido parlamentario de extrema derecha: <strong>Svoboda<\/strong><\/span><\/li>\n<\/ul>\n<p style=\"text-align: justify;\"><span style=\"font-size: 14pt;\">La <strong>Rada Suprema<\/strong> (<em>denominaci\u00f3n oficial del Parlamento de Ucrania<\/em>), el <strong>16 de enero de 2014<\/strong> aprob\u00f3 lo que se conoci\u00f3 como las <strong><em>\u201cleyes antiprotesta ucranianas\u201d<\/em><\/strong>, eran 10 leyes que limitaban la libertad de expresi\u00f3n y el derecho de reuni\u00f3n. Dichas leyes fueron aprobadas por el presidente <strong>V\u00edktor Yanuk\u00f3vich<\/strong> al d\u00eda siguiente, todo ello en medio del <strong>Euromaid\u00e1n<\/strong> y es a partir de este momento cuando comienza a desarrollarse un aumento de la violencia y las tensiones en las protestas, como consecuencia de la entrada en vigor por las nuevas leyes.<\/span><\/p>\n<p style=\"text-align: justify;\"><span style=\"font-size: 14pt;\">Estas leyes no fueron vistas con buenos ojos ni por los activistas del movimiento, ni por organizaciones no gubernamentales, medios de comunicaci\u00f3n, estudiantes, as\u00ed como las naciones de Occidente tildaron de no democr\u00e1ticas las mismas, poniendo de relieve la capacidad de dicho paquete de leyes para reprimir los derechos de protesta, la libertad de expresi\u00f3n y la actividad de organizaciones no gubernamentales.<\/span><\/p>\n<p style=\"text-align: justify;\"><span style=\"font-size: 14pt;\">Las tensiones fueron en aumento y el <strong>22 de enero de 2014<\/strong> se registraron las muertes de 5 personas como consecuencia de los disturbios. Llegados a este punto y teniendo en cuenta que ya comenzaba a haber v\u00edctimas mortales, no es raro que nos preguntemos <strong>\u00bfqu\u00e9 quer\u00edan conseguir a trav\u00e9s de las protestas y manifestaciones?<\/strong><\/span><\/p>\n<p style=\"text-align: justify;\"><span style=\"font-size: 14pt;\">Pues bien, las pretensiones no eran otras que un cambio total de gobierno y el cambio econ\u00f3mico a Europa. <strong>Lo que se pretend\u00eda es que Ucrania volviera a entablar las negociaciones con la UE para aprobar el Acuerdo de asociaci\u00f3n entre dicho pa\u00eds y la UE<\/strong>, en las condiciones que el leg\u00edtimo Gobierno de Ucrania hab\u00eda considerado perjudiciales para Ucrania.<\/span><\/p>\n<p style=\"text-align: justify;\"><span style=\"font-size: 14pt;\">En estos momentos de tensi\u00f3n donde no se sab\u00eda muy bien si se firmar\u00eda o no por parte de Ucrania el Acuerdo de asociaci\u00f3n con la UE, <strong>Rusia<\/strong> prometi\u00f3 ayudar econ\u00f3micamente a Ucrania si \u00e9sta desist\u00eda de sus aspiraciones europe\u00edstas.<\/span><\/p>\n<p style=\"text-align: justify;\"><span style=\"font-size: 14pt;\">Finalmente, el <strong>28 de enero de 2014<\/strong> el Parlamento ucraniano reunido en asamblea extraordinaria derog\u00f3 9 de las 10 leyes que hab\u00edan provocado el incremento de la violencia, derogando de esta manera las pol\u00e9micas leyes que limitaban los derechos de manifestaci\u00f3n y reuni\u00f3n.<\/span><\/p>\n<p style=\"text-align: justify;\"><span style=\"font-size: 14pt;\">El mismo d\u00eda que se acord\u00f3 la derogaci\u00f3n de las <strong><em>\u201cleyes antiprotesta ucranianas\u201d<\/em><\/strong> el primer ministro de Ucrania, <strong>Mikola Az\u00e1rov<\/strong> present\u00f3 su dimisi\u00f3n al presidente del pa\u00eds, <strong>V\u00edktor Yanuk\u00f3vich<\/strong>, en un intento de facilitar una salida a la grave situaci\u00f3n pol\u00edtica y social que estaba atravesando el pa\u00eds.<\/span><\/p>\n<p style=\"text-align: justify;\"><span style=\"font-size: 14pt;\">El comunicado realizado por <strong>Az\u00e1rov<\/strong> dec\u00eda que <em>\u201ccon el fin de crear nuevas posibilidades para alcanzar un compromiso pol\u00edtico-social que logre una regulaci\u00f3n pac\u00edfica del conflicto, he tomado la decisi\u00f3n personal de pedir al presidente de Ucrania que acepte mi dimisi\u00f3n del puesto de primer ministro de Ucrania\u201d.<\/em><\/span><\/p>\n<p style=\"text-align: justify;\"><span style=\"font-size: 14pt;\"><strong><em>\u201cEsta situaci\u00f3n conflictiva con la que se ha encontrado el Estado pone en peligro el desarrollo econ\u00f3mico y social de Ucrania y es una amenaza para toda la sociedad y cada ciudadano ucraniano\u201d.<\/em><\/strong><\/span><\/p>\n<p style=\"text-align: justify;\"><span style=\"font-size: 14pt;\"><em>\u201cDurante los enfrentamientos el gobierno ha hecho todo para encontrar una salida pac\u00edfica al conflicto. <strong>Hemos hecho y hacemos todo para evitar el derramamiento de sangre, la escalada de la violencia, la violaci\u00f3n de los derechos de los ciudadanos<\/strong>. El gobierno ha garantizado el funcionamiento de la econom\u00eda y del sistema de seguridad social en condiciones extremas. <strong>Sin embargo, la tensi\u00f3n y el riesgo del conflicto para nuestros ciudadanos, para la suerte de Ucrania, exigen medidas responsables adicionales<\/strong>\u201d.<\/em><\/span><\/p>\n<p style=\"text-align: justify;\"><span style=\"font-size: 14pt;\">Lo m\u00e1s importante para el ex primer ministro en aquel momento era <strong><em>\u201cpreservar la unidad y la integridad de Ucrania<\/em><\/strong><em>. Eso es m\u00e1s importante que cualquier plan o ambici\u00f3n personal. Este es el motivo por el que he tomado esta decisi\u00f3n\u201d.<\/em><\/span><\/p>\n<p style=\"text-align: justify;\"><span style=\"font-size: 14pt;\">Lo que podr\u00eda parecer como el comienzo del camino hacia la paz y tranquilidad del pueblo ucraniano, no fue m\u00e1s que el caldo de cultivo perfecto para ir incrementando las tensiones y las rencillas entre iguales.<\/span><\/p>\n<p style=\"text-align: justify;\"><span style=\"font-size: 14pt;\"><strong>21 d\u00edas despu\u00e9s<\/strong> hubo un repunte de la violencia en las manifestaciones, contabilizando el d\u00eda <strong>19 de febrero<\/strong> a <strong>26 fallecidos en los altercados del d\u00eda anterior<\/strong>. Las tensiones continuaron durante todo el d\u00eda y <strong>la noche del 19 al 20 de febrero<\/strong>, el Gobierno ucraniano y la oposici\u00f3n pactaron una tregua, dicha tregua estuvo en vigor durante seis horas, se rompi\u00f3 y se reanudaron los disturbios, esta vez m\u00e1s violentos e intensos si cabe, ya que esta vez se comenzaron a utilizar armas de fuego.<\/span><\/p>\n<p style=\"text-align: justify;\"><span style=\"font-size: 14pt;\">Algunos medios de comunicaci\u00f3n reportaron 21 manifestantes muertos por disparos la ma\u00f1ana siguiente a la tregua y lleg\u00f3 a calificarse el clima de Kiev de <em>\u201cpre-guerra civil\u201d<\/em>.<\/span><\/p>\n<p style=\"text-align: justify;\"><span style=\"font-size: 14pt;\">Sin duda alguna, uno de los d\u00edas m\u00e1s violentos y sangrientos fue el conocido como <strong>Jueves Negro (20 de febrero de 2014) <\/strong>contando con m\u00e1s de 60 fallecidos, seg\u00fan algunos de los testigos all\u00ed presentes los francotiradores apostados en los edificios controlados por los opositores disparaban tanto a polic\u00edas como a los propios opositores.<\/span><\/p>\n<p style=\"text-align: justify;\"><span style=\"font-size: 14pt;\">Ese mismo d\u00eda, los ministros de asuntos exteriores de tres Estados miembros de la UE -Polonia, Francia y Alemania- llegaron a Kiev (<em>coraz\u00f3n de los disturbios m\u00e1s violentos<\/em>) y se entrevistaron con el presidente <strong>Yanuk\u00f3vich<\/strong> para tratar de frenar la espiral de violencia.<\/span><\/p>\n<p style=\"text-align: justify;\"><span style=\"font-size: 14pt;\">Tras la mediaci\u00f3n de la UE, se aprob\u00f3 un acuerdo entre ambas partes (<em>Yanuk\u00f3vich y la oposici\u00f3n<\/em>) para adelantar las elecciones, formar un gobierno de transici\u00f3n, volver a la <em>Constituci\u00f3n de 2004<\/em> y frenar, de este modo, el incremento tan preocupante de violencia en el pa\u00eds.<\/span><\/p>\n<p style=\"text-align: justify;\"><span style=\"font-size: 14pt;\">Sin embargo, <strong>Yanuk\u00f3vich<\/strong> no ratific\u00f3 los acuerdos alcanzados, la ma\u00f1ana del <strong>22 de febrero<\/strong> los opositores tomaron las riendas del pa\u00eds y <em>ocuparon las principales instituciones asentadas en Kiev<\/em>, todo ello provocado por la abrupta ausencia de <strong>Yanuk\u00f3vich<\/strong> quien desapareci\u00f3 sin informar al Parlamento hacia una direcci\u00f3n desconocida la madrugada del <strong>21 al 22 de febrero<\/strong>. Aunque esto no es lo que se comunica en un primer momento, ya que se dijo que supuestamente hab\u00eda viajado a un Congreso de diputados y gobernadores del sureste de Ucrania en J\u00e1rkov.<\/span><\/p>\n<p style=\"text-align: justify;\"><span style=\"font-size: 14pt;\">Resulta bastante sospechoso este movimiento ya que, \u00bfc\u00f3mo es posible que se desconozca el paradero del presidente de Ucrania ante la situaci\u00f3n que estaba viviendo el pa\u00eds?<\/span><\/p>\n<p style=\"text-align: justify;\"><span style=\"font-size: 14pt;\">Esta situaci\u00f3n fue aprovechada por la oposici\u00f3n para acusar a <strong>Yanuk\u00f3vich<\/strong> de huir de Kiev para evitar ratificar los acuerdos alcanzados y haber abandonado su oficio como presidente, lo que le llev\u00f3 a ser <strong>destituido por dejadez de funciones<\/strong>, con el voto positivo de 328 de los 450 diputados.<\/span><\/p>\n<p style=\"text-align: justify;\"><span style=\"font-size: 14pt;\">Pero, como bien planteamos antes parece este movimiento algo turbio y salieron a la luz las amenazas sufridas por miembros del <strong>Partido de las Regiones<\/strong>, partido liderado por <strong>V\u00edktor Yanuk\u00f3vich<\/strong>, una\u00a0formaci\u00f3n pol\u00edtica <em>prorrusa<\/em>. Adem\u00e1s, la <em>Constituci\u00f3n Ucraniana<\/em> establec\u00eda que deb\u00eda haberse creado una <strong>comisi\u00f3n investigadora,<\/strong> para investigar los motivos por los que <strong>Yanuk\u00f3vich<\/strong> fue destituido. Como se puede comprobar estos acontecimientos dieron lugar a que se cuestionara (<em>y con raz\u00f3n<\/em>) la \u201c<em>destituci\u00f3n<\/em>\u201d del presidente, siendo adem\u00e1s el propio <strong>Yanuk\u00f3vich<\/strong> el que denunci\u00f3 un\u00a0 <em><strong>golpe de Estado<\/strong><\/em> d\u00edas m\u00e1s tarde.<\/span><\/p>\n<p style=\"text-align: justify;\"><span style=\"font-size: 14pt;\">En vista de los hechos narrados hasta aqu\u00ed, solo queda plantearnos si realmente se trataba de un golpe de Estado o no, pero si bien es cierto que lo que queda constatado es que <em>la legalidad brill\u00f3 por su ausencia en todo el proceso de destituci\u00f3n de <strong>Yanuk\u00f3vich<\/strong><\/em>.<\/span><\/p>\n<p style=\"text-align: justify;\"><span style=\"font-size: 14pt;\">La Rada Suprema tom\u00f3 el control del pa\u00eds votando, por mayor\u00eda constitucional, la vuelta a la <strong>Constituci\u00f3n Ucraniana de 2004<\/strong>. Tras la vuelta a ese sistema pol\u00edtico parlamentario, <strong>Oleksandr Turch\u00ednov<\/strong> (<em>pol\u00edtico ucraniano del partido pol\u00edtico pro-europe\u00edsta <strong>Batkivshchyna<\/strong>, miembro del bloque <strong>Yulia Timoshenko<\/strong>, nos resulta familiar el nombre, \u00bfverdad?<\/em>) <strong>asumi\u00f3 la coordinaci\u00f3n del Gobierno y la presidencia del Parlamento<\/strong>.<\/span><\/p>\n<p style=\"text-align: justify;\"><span style=\"font-size: 14pt;\"><strong>Turch\u00ednov<\/strong> asumi\u00f3 por <em>decreto<\/em> la posici\u00f3n de <strong>comandante Supremo de las Fuerzas Armadas de Ucrania<\/strong>, ante esta tesitura el gobierno ruso no reconoc\u00eda al nuevo gobierno de Kiev, ya que consideraba a <strong>Yanuk\u00f3vich<\/strong> <em>\u201cel \u00fanico poder leg\u00edtimo de Ucrania\u201d<\/em> y declaraba as\u00ed que <em>\u201ctodas las decisiones tomadas por la Rada los \u00faltimos d\u00edas suscitaban serias dudas\u201d<\/em>, pues en Ucrania <em>\u201cse derroc\u00f3 al presidente leg\u00edtimo mediante un golpe de Estado\u201d<\/em>.<\/span><\/p>\n<p style=\"text-align: justify;\"><span style=\"font-size: 14pt;\">Todos los acontecimientos narrados hasta aqu\u00ed dieron lugar a que las <strong>Elecciones presidenciales de Ucrania de 2014<\/strong> adelantasen su fecha de celebraci\u00f3n al d\u00eda <strong>25 de mayo de 2014<\/strong>, siendo la fecha inicial prevista para el <em>26 de febrero de 2015<\/em>. Dichas elecciones fueron ganadas por <strong>Petr\u00f3 Poroshenko<\/strong> quien fue elegido presidente de Ucrania para el periodo 2015-2019, con el 54,70% de los votos.<\/span><\/p>\n<p style=\"text-align: justify;\"><span style=\"font-size: 14pt;\"><strong>Petr\u00f3 Poroshenko<\/strong> fue el <em>Presidente de Ucrania desde el 7 de junio de 2014 al 20 de mayo de 2019<\/em>, es un empresario y pol\u00edtico independiente de Ucrania (<em>lo que significa que no pertenece a ning\u00fan partido pol\u00edtico<\/em>), en ocasiones citado como una de las personas m\u00e1s influyentes en la pol\u00edtica ucraniana. \u00bfCasualidad? Lo dejamos para su reflexi\u00f3n.<\/span><\/p>\n<p style=\"text-align: justify;\"><span style=\"font-size: 14pt;\">Unos d\u00edas m\u00e1s tarde a la celebraci\u00f3n de las Elecciones, m\u00e1s concretamente el <strong>28 de febrero de 2014<\/strong>, <strong>Yanuk\u00f3vich<\/strong> reapareci\u00f3 en <em><strong>Rostov<\/strong> <strong>del Don (Rusia)<\/strong><\/em> donde denunci\u00f3 un presunto golpe de Estado por parte del Parlamento de Ucrania, as\u00ed como tiempo m\u00e1s tarde manifest\u00f3 que su salida de Ucrania fue porque ten\u00eda conocimiento de que hab\u00eda \u00f3rdenes de acabar con su vida.<\/span><\/p>\n<p style=\"text-align: justify;\"><span style=\"font-size: 14pt;\">En <strong>febrero de 2014<\/strong> hubo un intento por parte de la <strong>Rada<\/strong> <strong>Suprema<\/strong> de abolir <strong>la ley de lenguas cooficiales<\/strong>, dicha ley establec\u00eda que en los <em>rayones<\/em> (<em>t\u00e9rmino traducido como \u201cdistrito\u201d pero que en realidad se refiere a una comarca<\/em>) donde un determinado idioma fuese hablado por al menos el 10% de los habitantes, dicho idioma podr\u00eda adquirir rango de lengua cooficial. <strong><em>La abrogaci\u00f3n de dicha ley habr\u00eda supuesto el perjuicio de aquellos ciudadanos ucranianos hablantes de ruso, h\u00fangaro y rumano<\/em><\/strong>. La propuesta fue rechazada por aquellas comunidades biling\u00fces dentro de Ucrania, adem\u00e1s de otros pa\u00edses vecinos con importantes minor\u00edas en el territorio ucraniano, en particular Rusia.<\/span><\/p>\n<p style=\"text-align: justify;\"><span style=\"font-size: 14pt;\">Las autoridades de <strong>Crimea<\/strong> hab\u00edan solicitado la asistencia del gobierno de <em>Mosc\u00fa<\/em> despu\u00e9s de que el gobierno de <em>Kiev<\/em> introdujera la ley. El primer ministro de <strong>Crimea<\/strong>,<strong> Sergu\u00e9i Aksi\u00f3nov<\/strong>, asegur\u00f3 que <em>la idea del pueblo de Crimea no era separarse de Ucrania, pero s\u00ed proteger sus intereses<\/em>.<\/span><\/p>\n<p style=\"text-align: center;\"><span style=\"color: #008000; font-size: 18pt;\"><strong>*******<\/strong><\/span><\/p>\n<h3 style=\"text-align: center;\"><span style=\"font-size: 18pt;\"><strong>\u00bfQU\u00c9 SUCEDI\u00d3 CON CRIMEA?<\/strong><\/span><\/h3>\n<figure id=\"attachment_2207296\" aria-describedby=\"caption-attachment-2207296\" style=\"width: 480px\" class=\"wp-caption aligncenter\"><img loading=\"lazy\" decoding=\"async\" class=\"wp-image-2207296\" src=\"https:\/\/puntocritico.com\/ausajpuntocritico\/wp-content\/uploads\/2021\/05\/Ez-W61EVUAAmdyd-678x381.jpg\" alt=\"\" width=\"480\" height=\"270\" data-id=\"2207296\" srcset=\"https:\/\/puntocritico.com\/ausajpuntocritico\/wp-content\/uploads\/2021\/05\/Ez-W61EVUAAmdyd-678x381.jpg 678w, https:\/\/puntocritico.com\/ausajpuntocritico\/wp-content\/uploads\/2021\/05\/Ez-W61EVUAAmdyd-300x169.jpg 300w, https:\/\/puntocritico.com\/ausajpuntocritico\/wp-content\/uploads\/2021\/05\/Ez-W61EVUAAmdyd-610x343.jpg 610w, https:\/\/puntocritico.com\/ausajpuntocritico\/wp-content\/uploads\/2021\/05\/Ez-W61EVUAAmdyd.jpg 715w\" sizes=\"auto, (max-width: 480px) 100vw, 480px\" \/><figcaption id=\"caption-attachment-2207296\" class=\"wp-caption-text\"><span style=\"color: #008000;\">Tauride (Crimea)<\/span><\/figcaption><\/figure>\n<p>&nbsp;<\/p>\n<p style=\"text-align: justify;\"><span style=\"font-size: 14pt;\">El <strong>proceso de adhesi\u00f3n de Crimea a Rusia<\/strong> tiene su origen en lo sucedido y narrado anteriormente durante el <strong>Euromaid\u00e1n<\/strong>. A partir de ese momento se iniciaron una serie de manifestaciones de rus\u00f3filos (<em>en su mayor\u00eda rusos \u00e9tnicos y ucranianos rus\u00f3fonos<\/em>) opuestos a los hechos acontecidos en Kiev y quienes anhelaban estrechar sus v\u00ednculos e incluso, integrarse con Rusia.<\/span><\/p>\n<p style=\"text-align: justify;\"><span style=\"font-size: 14pt;\">Varios gobiernos regionales propusieron refer\u00e9ndums separatistas y se produjo una intervenci\u00f3n militar, donde <strong>las Fuerzas Armadas de Rusia se desplegaron en Crimea<\/strong>, con el objetivo, seg\u00fan el Kremlin, de garantizar la integridad de los ucranianos prorrusos habitantes de Crimea y las bases rusas estacionadas all\u00ed, hasta que se normalizara la situaci\u00f3n socio-pol\u00edtica; desoyendo las advertencias de no invadir, lanzadas por Estados Unidos y Kiev. Pero \u00bfrealmente esto sucedi\u00f3 as\u00ed?<\/span><\/p>\n<p style=\"text-align: justify;\"><span style=\"font-size: 14pt;\">Los medios de comunicaci\u00f3n subvencionados, casualmente algunos de ellos por EE.UU., se afanaron en hacer creer a la poblaci\u00f3n que el <strong>refer\u00e9ndum<\/strong> que se hab\u00eda llevado a cabo en <strong>Crimea<\/strong> para saber si se independizaban de Ucrania y se anexionaban con Rusia o no, hab\u00eda sido <strong>inconstitucional<\/strong>. Sembrando de esta manera la duda de si el voto hab\u00eda sido emitido libremente por los ciudadanos o no, y lo que es m\u00e1s importante si hab\u00eda sido justo.<\/span><\/p>\n<p style=\"text-align: justify;\"><span style=\"font-size: 14pt;\">Toda esta situaci\u00f3n se puso en tela de juicio por la presencia del ej\u00e9rcito ruso en <strong>Crimea<\/strong>, pero <strong>\u00bfpor qu\u00e9 estaba el ej\u00e9rcito ruso all\u00ed? <\/strong>Para una invasi\u00f3n rusa, seguro que no, el ej\u00e9rcito ruso se encontraba en Crimea precisamente para velar por los derechos del pueblo para asegurar que el refer\u00e9ndum se realizase en los t\u00e9rminos m\u00e1s estrictos de legalidad, pero, por el contrario, se hizo creer a todo el mundo que se trataba de una invasi\u00f3n, simplemente porque decidieron ignorar los resultados que arrojaron los votos del <strong>refer\u00e9ndum del 16 de marzo de 2014<\/strong>:<\/span><\/p>\n<ul style=\"text-align: justify;\">\n<li><span style=\"font-size: 14pt;\"><strong>96\u00b477%<\/strong> a favor de unirse a Rusia<\/span><\/li>\n<li><span style=\"font-size: 14pt;\"><strong>2\u00b451%<\/strong> a favor de quedarse en Ucrania<\/span><\/li>\n<\/ul>\n<p style=\"text-align: justify;\"><span style=\"font-size: 14pt;\">Sobra decir que Ucrania, EEUU ni la UE le otorgaron legalidad a dicho refer\u00e9ndum y, aun as\u00ed, el <strong>18 de marzo de 2014<\/strong> se rubric\u00f3 en Mosc\u00fa la reincorporaci\u00f3n de la pen\u00ednsula de Crimea a Rusia, tras conocerse el resultado del citado refer\u00e9ndum.<\/span><\/p>\n<p style=\"text-align: justify;\"><span style=\"font-size: 14pt;\"><strong>La adhesi\u00f3n de Crimea a Rusia no es reconocida por Ucrania<\/strong>, que lo considera como ilegal, y asegura que el territorio sigue conformando la <strong>Rep\u00fablica Aut\u00f3noma de Crimea<\/strong> y la ciudad especial de <strong>Sebastopol<\/strong>. Esta adhesi\u00f3n por parte de Rusia, considerada ilegal por parte de Estados Unidos y de la Uni\u00f3n Europea, caus\u00f3 la peor crisis en las relaciones entre Rusia y Estados Unidos desde el final de la Guerra Fr\u00eda.<\/span><\/p>\n<p style=\"text-align: justify;\"><span style=\"font-size: 14pt;\">A criterio de EE.UU. y de la UE, Rusia \u201c<em>invadiendo y anexando<\/em>\u201d <strong>Crimea<\/strong>, violaba un tratado internacional y tres tratados bilaterales firmados con Ucrania: el <strong><em>Memor\u00e1ndum de Budapest<\/em><\/strong> \u2014que ofrec\u00eda garant\u00edas de seguridad por parte de sus signatarios a Ucrania\u2014; el <em><strong>Tratado de Amistad y Colaboraci\u00f3n entre Ucrania y Rusia de 1997<\/strong><\/em>; el <em><strong>Tratado sobre la permanencia de la Flota del mar Negro rusa en territorio ucraniano hasta 2017<\/strong><\/em> y el <strong>Tratado de J\u00e1rkov<\/strong> por el que dicha permanencia se extend\u00eda hasta 2042.<\/span><\/p>\n<p style=\"text-align: justify;\"><span style=\"font-size: 14pt;\">Por otra parte, <strong>la Constituci\u00f3n de la Rep\u00fablica de Crimea fue aprobada el 11 de abril de 2014<\/strong>. El texto dice que la Rep\u00fablica de Crimea es un Estado democr\u00e1tico y de derecho dentro de la Federaci\u00f3n de Rusia. Adem\u00e1s,<em><strong> establece que la Rep\u00fablica de Crimea es una parte \u201cinseparable\u201d del territorio de Rusia<\/strong><\/em>.<\/span><\/p>\n<p style=\"text-align: justify;\"><span style=\"font-size: 14pt;\">Como ya mencionamos en alg\u00fan p\u00e1rrafo de este texto, todos estos acontecimientos fueron el caldo de cultivo hist\u00f3rico id\u00f3neo para desatar la actual guerra de Ucrania. Pero no ser\u00eda justo pasar por alto los intentos que hubo por traer y mantener la paz en dicho territorio, intentos que dan lugar a este texto.<\/span><\/p>\n<p>&nbsp;<\/p>\n<figure id=\"attachment_2244859\" aria-describedby=\"caption-attachment-2244859\" style=\"width: 555px\" class=\"wp-caption aligncenter\"><img loading=\"lazy\" decoding=\"async\" class=\"wp-image-2244859\" src=\"https:\/\/puntocritico.com\/ausajpuntocritico\/wp-content\/uploads\/2022\/04\/29-Ucrania-y-Clausewitz-Maniobra-finta-fijacion-y-embolsamiento-22.04.04-Mesa-de-negociacion-entre-Rusia-y-Ucrania-7-de-marzo-de-2022.jpg\" alt=\"\" width=\"555\" height=\"381\" data-id=\"2244859\" srcset=\"https:\/\/puntocritico.com\/ausajpuntocritico\/wp-content\/uploads\/2022\/04\/29-Ucrania-y-Clausewitz-Maniobra-finta-fijacion-y-embolsamiento-22.04.04-Mesa-de-negociacion-entre-Rusia-y-Ucrania-7-de-marzo-de-2022.jpg 813w, https:\/\/puntocritico.com\/ausajpuntocritico\/wp-content\/uploads\/2022\/04\/29-Ucrania-y-Clausewitz-Maniobra-finta-fijacion-y-embolsamiento-22.04.04-Mesa-de-negociacion-entre-Rusia-y-Ucrania-7-de-marzo-de-2022-300x206.jpg 300w, https:\/\/puntocritico.com\/ausajpuntocritico\/wp-content\/uploads\/2022\/04\/29-Ucrania-y-Clausewitz-Maniobra-finta-fijacion-y-embolsamiento-22.04.04-Mesa-de-negociacion-entre-Rusia-y-Ucrania-7-de-marzo-de-2022-768x527.jpg 768w, https:\/\/puntocritico.com\/ausajpuntocritico\/wp-content\/uploads\/2022\/04\/29-Ucrania-y-Clausewitz-Maniobra-finta-fijacion-y-embolsamiento-22.04.04-Mesa-de-negociacion-entre-Rusia-y-Ucrania-7-de-marzo-de-2022-610x419.jpg 610w\" sizes=\"auto, (max-width: 555px) 100vw, 555px\" \/><figcaption id=\"caption-attachment-2244859\" class=\"wp-caption-text\"><span style=\"color: #008000;\">Mesa de negociaci\u00f3n entre Rusia y Ucrania, 7 de marzo de 2022<\/span><\/figcaption><\/figure>\n<p style=\"text-align: center;\"><span style=\"color: #008000; font-size: 18pt;\"><strong>*******<\/strong><\/span><\/p>\n<h3 style=\"text-align: center;\"><span style=\"font-size: 18pt;\"><strong>PROTOCOLO DE MINSK I: PRIMER INTENTO FALLIDO DE ALCANZAR LA PAZ EN UCRANIA<\/strong><\/span><\/h3>\n<p><img loading=\"lazy\" decoding=\"async\" class=\"aligncenter wp-image-2259160\" src=\"https:\/\/puntocritico.com\/ausajpuntocritico\/wp-content\/uploads\/2022\/10\/ucrania-onu.png\" alt=\"\" width=\"555\" height=\"312\" data-id=\"2259160\" srcset=\"https:\/\/puntocritico.com\/ausajpuntocritico\/wp-content\/uploads\/2022\/10\/ucrania-onu.png 1920w, https:\/\/puntocritico.com\/ausajpuntocritico\/wp-content\/uploads\/2022\/10\/ucrania-onu-300x169.png 300w, https:\/\/puntocritico.com\/ausajpuntocritico\/wp-content\/uploads\/2022\/10\/ucrania-onu-1024x576.png 1024w, https:\/\/puntocritico.com\/ausajpuntocritico\/wp-content\/uploads\/2022\/10\/ucrania-onu-768x432.png 768w, https:\/\/puntocritico.com\/ausajpuntocritico\/wp-content\/uploads\/2022\/10\/ucrania-onu-1536x864.png 1536w, https:\/\/puntocritico.com\/ausajpuntocritico\/wp-content\/uploads\/2022\/10\/ucrania-onu-610x343.png 610w, https:\/\/puntocritico.com\/ausajpuntocritico\/wp-content\/uploads\/2022\/10\/ucrania-onu-678x381.png 678w, https:\/\/puntocritico.com\/ausajpuntocritico\/wp-content\/uploads\/2022\/10\/ucrania-onu-1320x743.png 1320w\" sizes=\"auto, (max-width: 555px) 100vw, 555px\" \/><\/p>\n<p>&nbsp;<\/p>\n<p style=\"text-align: justify;\"><span style=\"font-size: 14pt;\">Conviene recordar, antes de entrar en materia, que la paz a la que se intentaba llegar con este acuerdo era, ni m\u00e1s ni menos que, frenar la vor\u00e1gine de violencia y destrucci\u00f3n creada en Ucrania entre iguales, ya que, no olvidemos que el conflicto comenz\u00f3 entre los propios nacionales ucranianos y el car\u00e1cter violento de los acontecimientos provoc\u00f3 que hubiera que intervenir desde fuera de Ucrania para calmar los \u00e1nimos.<\/span><\/p>\n<p style=\"text-align: justify;\"><span style=\"font-size: 14pt;\"><strong>El 6 de abril de 2014 comenz\u00f3 el conflicto armado entre Ucrania y el Donb\u00e1s<\/strong> (<em>territorio parte de Ucrania<\/em>), dicho conflicto se desarrolla<em> entre el gobierno de Ucrania y las fuerzas separatistas prorusas del Donb\u00e1s<\/em>. Como parte de la guerra ruso-ucraniana, este conflicto ha pasado por diferentes etapas, la m\u00e1s reciente, evoluciona en el contexto de la ofensiva de Ucrania oriental dentro de la invasi\u00f3n rusa de Ucrania en la actualidad, como todos sabemos.<\/span><\/p>\n<p style=\"text-align: justify;\"><span style=\"font-size: 14pt;\">Como ya narramos el origen del conflicto se origin\u00f3 con las protestas del <strong>Euromaid\u00e1n<\/strong> en <strong>noviembre de 2013<\/strong>, culminando con la <strong>guerra del Donb\u00e1s<\/strong>.<\/span><\/p>\n<p style=\"text-align: justify;\"><span style=\"font-size: 14pt;\">Las <strong>protestas prorrusas<\/strong> se intensificaron tras la <strong>adhesi\u00f3n de Crimea a Rusia a mediados de marzo de 2014<\/strong> y todo ello dio lugar a que, finalmente, el <strong>7 de abril de 2014 un grupo de manifestantes proclamase la Rep\u00fablica Popular de Donetsk (RPD)<\/strong>; d\u00edas m\u00e1s tarde, m\u00e1s concretamente el <strong>13 de abril<\/strong> <strong>las autoridades de Kiev pusieron en marcha una operaci\u00f3n especial en el este del pa\u00eds con participaci\u00f3n de las fuerzas armadas<\/strong>. <strong>El propio gobierno ucraniano comenz\u00f3 a bombardear su propio territorio<\/strong>\u2026, terrible.<\/span><\/p>\n<p style=\"text-align: justify;\"><span style=\"font-size: 14pt;\">El <strong>17 de abril<\/strong> se llev\u00f3 a cabo una reuni\u00f3n en <em><strong>Ginebra<\/strong><\/em> (<em>Suiza<\/em>) entre los jefes de la diplomacia de Ucrania, la UE, EE.UU. y Rusia. En dicha reuni\u00f3n se aprueba un documento con medidas tendentes a poner fin al conflicto, acord\u00e1ndose tambi\u00e9n revisiones de la <em>Constituci\u00f3n de Ucrania<\/em>. Este acuerdo <em>no fue aceptado por las milicias prorrusas<\/em> por lo que qued\u00f3 en papel mojado y los conflictos fueron en aumento, hasta tal punto que el <strong>28 de abril fue proclamada la Rep\u00fablica Popular de Lugansk (RPL). <\/strong>La <strong>RPL<\/strong> se uni\u00f3 a la <strong>RPD<\/strong> en su lucha contra el gobierno de Ucrania.<\/span><\/p>\n<p style=\"text-align: justify;\"><span style=\"font-size: 14pt;\">Para <strong>mayo de 2014<\/strong> hasta 16 pueblos y ciudades del este ucraniano se hallaban parcial o totalmente en manos de los grupos armados prorrusos. Ante esta tesitura Ucrania reconoce p\u00fablicamente que la situaci\u00f3n de los <em><strong>Oblasts<\/strong><\/em> (<em>regi\u00f3n<\/em>) de <strong>Donetsk<\/strong> y <strong>Lugansk<\/strong> se hab\u00eda descontrolado. En este momento<strong> las autoridades de Kiev pusieron en marcha una <em>nueva<\/em> operaci\u00f3n especial con la participaci\u00f3n de las Fuerzas Armadas en Sloviansk<\/strong>.<\/span><\/p>\n<p style=\"text-align: justify;\"><span style=\"font-size: 14pt;\">El <strong>11 de mayo de 2014<\/strong> se realizaron los refer\u00e9ndums sobre el estatuto pol\u00edtico de <strong>Donetsk<\/strong> y <strong>Lugansk<\/strong> arrojando las siguientes cifras:<\/span><\/p>\n<ul style=\"text-align: justify;\">\n<li><span style=\"font-size: 14pt;\">El 89% de los electores de la regi\u00f3n de Donetsk vot\u00f3 a favor de la independencia de la RPD.<\/span><\/li>\n<li><span style=\"font-size: 14pt;\">El 96% de los votantes de la regi\u00f3n de Lugansk opt\u00f3 por separarse de Ucrania.<\/span><\/li>\n<\/ul>\n<p style=\"text-align: justify;\"><span style=\"font-size: 14pt;\">En vistas de estos acontecimientos comenz\u00f3 a reunirse el <strong>Grupo de Contacto Multilateral<\/strong> (<em>en realidad, Trilateral<\/em>) sobre Ucrania compuesto por representantes de <strong>Ucrania<\/strong>, <strong>Rusia<\/strong> y la <strong>OSCE<\/strong> (<em>Organizaci\u00f3n para la Seguridad y la Cooperaci\u00f3n en Europa<\/em>). Este grupo fue c<strong>reado en junio de 2014<\/strong> para facilitar el di\u00e1logo y la resoluci\u00f3n de la disputa en el este y sur de Ucrania.<\/span><\/p>\n<p style=\"text-align: justify;\"><span style=\"font-size: 14pt;\">Se llevaron a cabo varias reuniones entre el Grupo junto con representantes informales de las secesionistas RPD y RPL:<\/span><\/p>\n<ul style=\"text-align: justify;\">\n<li><span style=\"font-size: 14pt;\">31 de julio 2014<\/span><\/li>\n<li><span style=\"font-size: 14pt;\">26 de agosto 2014<\/span><\/li>\n<li><span style=\"font-size: 14pt;\">1 de septiembre 2014<\/span><\/li>\n<li><span style=\"font-size: 14pt;\"><strong>5 de septiembre 2014<\/strong><\/span><\/li>\n<\/ul>\n<p style=\"text-align: justify;\"><span style=\"font-size: 14pt;\">Es el 5 de septiembre de 2014 cuando las reuniones culminan en un acuerdo conocido como <strong>Protocolo de Minsk, <\/strong>fue firmado despu\u00e9s de extensas conversaciones en <strong>Minsk<\/strong> capital de <strong>Bielorrusia<\/strong>, bajo los auspicios de la <strong>OSCE<\/strong>.<\/span><\/p>\n<h4 style=\"text-align: justify;\"><span style=\"font-size: 14pt;\"><strong>\u00bfQUI\u00c9N FIRMA EL PROTOCOLO?<\/strong><\/span><\/h4>\n<p style=\"text-align: justify;\"><span style=\"font-size: 14pt;\">La diplom\u00e1tica suiza y representante de la OSCE, Heidi Tagliavini; el exprisente de Ucrania y representante de Ucrania, Leonid Kuchma; el embajador ruso en Ucrania y representante ruso, Mijail Zur\u00e1bov; el l\u00edder de la RPD, Alex\u00e1nder Zaj\u00e1rchenko y el l\u00edder de la RPL, \u00cdgor Plotnitski.<\/span><\/p>\n<h4 style=\"text-align: justify;\"><span style=\"font-size: 14pt;\"><strong>\u00bfEN QU\u00c9 CONSISTE EL PROTOCOLO?<\/strong><\/span><\/h4>\n<p style=\"text-align: justify;\"><span style=\"font-size: 14pt;\">El texto del protocolo consiste en <strong>doce puntos<\/strong>: \u00a0<\/span><\/p>\n<ol style=\"text-align: justify;\">\n<li><span style=\"font-size: 14pt;\">Asegurar un alto al fuego bilateral inmediato.<\/span><\/li>\n<li><span style=\"font-size: 14pt;\">Garantizar la supervisi\u00f3n y verificaci\u00f3n del alto al fuego por la OSCE.<\/span><\/li>\n<li><span style=\"font-size: 14pt;\">Una descentralizaci\u00f3n del poder, incluso a trav\u00e9s de la aprobaci\u00f3n de una ley ucraniana sobre \u00abarreglos provisionales de gobernaci\u00f3n local en algunas zonas de los \u00d3blasts (regiones) de\u00a0Donetsk\u00a0y\u00a0Lugansk\u00bb (\u00abley sobre el estatuto especial\u00bb).<\/span><\/li>\n<li><span style=\"font-size: 14pt;\">Asegurar la monitorizaci\u00f3n permanente de la\u00a0frontera ruso-ucraniana\u00a0y su verificaci\u00f3n por la OSCE, a trav\u00e9s de la creaci\u00f3n de zonas de seguridad en las regiones fronterizas entre Ucrania y la Federaci\u00f3n Rusa.<\/span><\/li>\n<li><span style=\"font-size: 14pt;\">Liberaci\u00f3n inmediata de todos los secuestrados y de todas las personas detenidas ilegalmente.<\/span><\/li>\n<li><span style=\"font-size: 14pt;\">Una ley sobre la prevenci\u00f3n de la persecuci\u00f3n y el castigo de las personas relacionadas con los hechos que han tenido lugar en algunas \u00e1reas de los \u00d3blasts de Donetsk y Lugansk, excepto en los casos de delitos que sean considerados graves.<\/span><\/li>\n<li><span style=\"font-size: 14pt;\">La continuaci\u00f3n del di\u00e1logo nacional inclusivo.<\/span><\/li>\n<li><span style=\"font-size: 14pt;\">Toma de medidas para mejorar la situaci\u00f3n humanitaria en la regi\u00f3n de Donb\u00e1s, en el este de Ucrania.<\/span><\/li>\n<li><span style=\"font-size: 14pt;\">Garantizar la realizaci\u00f3n anticipada de elecciones locales, en conformidad con la ley ucraniana (<em>acordada en este protocolo<\/em>) sobre \u00ab<em>los arreglos provisionales de gobierno local en algunas \u00e1reas de los \u00d3blasts de Donetsk y de Lugansk<\/em>\u00bb (\u00ab<em>ley sobre el estatuto especial<\/em>\u00bb).<\/span><\/li>\n<li><span style=\"font-size: 14pt;\">Retirada de los grupos armados ilegales, equipo militar, as\u00ed como de los combatientes y de los mercenarios de Ucrania.<\/span><\/li>\n<li><span style=\"font-size: 14pt;\">Aprobaci\u00f3n del programa de recuperaci\u00f3n econ\u00f3mica y reconstrucci\u00f3n de la regi\u00f3n de Donb\u00e1s, en el este de Ucrania.<\/span><\/li>\n<li><span style=\"font-size: 14pt;\">Garantizar la seguridad personal de los participantes en las negociaciones.<\/span><\/li>\n<\/ol>\n<p style=\"text-align: justify;\"><span style=\"font-size: 14pt;\">En las semanas siguientes a la firma del <strong>Protocolo de Minsk<\/strong>, hubo <em><strong>violaciones frecuentes del alto el fuego, por ambas partes en el conflicto<\/strong><\/em>. Un seguimiento de este protocolo fue acordado el <strong>19 de septiembre de 2014<\/strong> y el memor\u00e1ndum resultante clarificaba la aplicaci\u00f3n del protocolo. Entre las <strong>medidas de pacificaci\u00f3n acordadas<\/strong> se incluyeron las siguientes:<\/span><\/p>\n<ul style=\"text-align: justify;\">\n<li><span style=\"font-size: 14pt;\">Retirada de todo el armamento pesado, 15 km detr\u00e1s de la l\u00ednea de contacto, por parte de cada lado del conflicto, para crear una zona desmilitarizada de 30 km.<\/span><\/li>\n<li><span style=\"font-size: 14pt;\">Prohibici\u00f3n de las operaciones ofensivas.<\/span><\/li>\n<li><span style=\"font-size: 14pt;\">Prohibici\u00f3n de los vuelos de aviones de combate sobre la zona de seguridad.<\/span><\/li>\n<li><span style=\"font-size: 14pt;\">Retirada de todos los mercenarios extranjeros de la zona de conflicto.<\/span><\/li>\n<li><span style=\"font-size: 14pt;\">Configuraci\u00f3n de una misi\u00f3n de la OSCE para supervisar la aplicaci\u00f3n del Protocolo de Minsk.<\/span><\/li>\n<\/ul>\n<p>&nbsp;<\/p>\n<p><a href=\"https:\/\/puntocritico.com\/ausajpuntocritico\/wp-content\/uploads\/2022\/10\/PROTOCOLO-sobre-los-resultados-de-las-consultas-del-Grupo-de-Contacto-Trilateral-Minsk-09_05_2014-_-Mision-de-Ucrania-ante-la-Union-Europea.pdf\"><img loading=\"lazy\" decoding=\"async\" class=\"wp-image-2259240 aligncenter\" src=\"https:\/\/puntocritico.com\/ausajpuntocritico\/wp-content\/uploads\/2022\/10\/Minsk-I-300x175.png\" alt=\"\" width=\"532\" height=\"311\" data-id=\"2259240\" srcset=\"https:\/\/puntocritico.com\/ausajpuntocritico\/wp-content\/uploads\/2022\/10\/Minsk-I-300x175.png 300w, https:\/\/puntocritico.com\/ausajpuntocritico\/wp-content\/uploads\/2022\/10\/Minsk-I-1024x597.png 1024w, https:\/\/puntocritico.com\/ausajpuntocritico\/wp-content\/uploads\/2022\/10\/Minsk-I-768x448.png 768w, https:\/\/puntocritico.com\/ausajpuntocritico\/wp-content\/uploads\/2022\/10\/Minsk-I-610x356.png 610w, https:\/\/puntocritico.com\/ausajpuntocritico\/wp-content\/uploads\/2022\/10\/Minsk-I-1320x770.png 1320w, https:\/\/puntocritico.com\/ausajpuntocritico\/wp-content\/uploads\/2022\/10\/Minsk-I.png 1399w\" sizes=\"auto, (max-width: 532px) 100vw, 532px\" \/><\/a><\/p>\n<p style=\"text-align: center;\"><strong><span style=\"font-size: 14pt;\"><a href=\"https:\/\/puntocritico.com\/ausajpuntocritico\/wp-content\/uploads\/2022\/10\/PROTOCOLO-sobre-los-resultados-de-las-consultas-del-Grupo-de-Contacto-Trilateral-Minsk-09_05_2014-_-Mision-de-Ucrania-ante-la-Union-Europea.pdf\" target=\"_blank\" rel=\"noopener\" data-schema-attribute=\"\">Descargar el Protocolo de Minsk 1<\/a><\/span><\/strong><\/p>\n<p>&nbsp;<\/p>\n<h4 style=\"text-align: justify;\"><span style=\"font-size: 14pt;\"><strong>EFICACIA DEL PROTOCOLO: DUDOSA<\/strong><\/span><\/h4>\n<p style=\"text-align: justify;\"><span style=\"font-size: 14pt;\">Despu\u00e9s de la firma del memorando, estall\u00f3 la tercera batalla por el <strong>Aeropuerto Internacional de Donetsk<\/strong> y ambas partes (Ucrania y los secesionistas) se acusaban mutuamente de violaciones al alto el fuego.<\/span><\/p>\n<p style=\"text-align: justify;\"><span style=\"font-size: 14pt;\">Una fase siguiente de las conversaciones de paz que se celebran en <strong>Minsk<\/strong> fue <strong>suspendida el 26 de diciembre de 2014<\/strong>, por lo que el <strong>Protocolo de Minsk<\/strong> no llegar\u00eda a surtir los efectos deseados por las partes signatarias, aumentando m\u00e1s si cabe las tensiones ya existentes en el pa\u00eds.<\/span><\/p>\n<p style=\"text-align: center;\"><span style=\"color: #008000; font-size: 18pt;\"><strong>*******<\/strong><\/span><\/p>\n<h3 style=\"text-align: center;\"><span style=\"font-size: 18pt;\"><strong>PROTOCOLO DE MINSK II: NUEVO INTENTO FALLIDO POR ALCANZAR LA PAZ<\/strong><\/span><\/h3>\n<p><img loading=\"lazy\" decoding=\"async\" class=\"aligncenter wp-image-15905\" src=\"https:\/\/puntocritico.com\/ausajpuntocritico\/wp-content\/uploads\/2019\/01\/paz-perpetua-kant-la-rendici\u00f3n-de-breda.jpg\" alt=\"\" width=\"360\" height=\"281\" data-id=\"15905\" srcset=\"https:\/\/puntocritico.com\/ausajpuntocritico\/wp-content\/uploads\/2019\/01\/paz-perpetua-kant-la-rendici\u00f3n-de-breda.jpg 717w, https:\/\/puntocritico.com\/ausajpuntocritico\/wp-content\/uploads\/2019\/01\/paz-perpetua-kant-la-rendici\u00f3n-de-breda-300x234.jpg 300w\" sizes=\"auto, (max-width: 360px) 100vw, 360px\" \/><\/p>\n<p>&nbsp;<\/p>\n<p style=\"text-align: justify;\"><span style=\"font-size: 14pt;\"><strong>Minsk II<\/strong> es el nombre que se le da al<strong> acuerdo firmado el 12 de febrero de 2015<\/strong>, en el que los gobernantes de <strong>Alemania<\/strong>, <strong>Francia<\/strong>, <strong>Rusia<\/strong> y <strong>Ucrania<\/strong> buscaron aliviar la <strong>guerra del Donb\u00e1s<\/strong>. La reuni\u00f3n fue supervisada por la <strong>OSCE<\/strong> y se organiz\u00f3 como respuesta al fracaso del primer cese de fuego. Algunas de las medidas acordadas inclu\u00edan un alto el fuego incondicional para ser observado por la OSCE, a partir del 15 de febrero, la retirada de las armas pesadas del frente de combate, la liberaci\u00f3n de los prisioneros de guerra, y la reforma constitucional en Ucrania.<\/span><\/p>\n<p style=\"text-align: justify;\"><span style=\"font-size: 14pt;\">El <strong>Protocolo de Minsk I<\/strong> es cierto que redujo de manera significativa los combates en la zona de conflicto durante varios meses, pero fue como poner una tirita a una herida que necesita puntos. A principios de <strong>enero de 2015<\/strong> el conflicto entre las fuerzas separatistas de la <strong>RPD<\/strong>, la <strong>RPL<\/strong> y las fuerzas <strong>ucranianas<\/strong> se intensific\u00f3, lo que dio lugar al colapso total del alto el fuego acordado en el <strong>Protocolo de Minsk<\/strong>.<\/span><\/p>\n<p style=\"text-align: justify;\"><span style=\"font-size: 14pt;\">El <strong>21 de enero de 2015<\/strong>, despu\u00e9s de intensos combates, el <strong>Aeropuerto Internacional de Donetsk<\/strong> fue capturado por las fuerzas de la <strong>RPD<\/strong>, siendo esta zona la \u00faltima que hab\u00eda estado bajo el control de Ucrania. Tras esta victoria, las fuerzas separatistas pulsaron su ofensiva en el importante nudo ferroviario y de carreteras de <em>Deb\u00e1ltsevo<\/em> a finales de enero. Estos acontecimientos causaron gran preocupaci\u00f3n en la comunidad internacional, la preocupaci\u00f3n no era en vano puesto que el <strong>14 de febrero de 2015<\/strong> el \u00e1rea de <em>Deb\u00e1ltsevo<\/em> sufri\u00f3 importantes combates y la guerra se aproximaba nuevamente a los alrededores de <em><strong>Mari\u00fapol<\/strong><\/em>. La batalla se desarrollaba en las calles centrales de la ciudad y <em>las operaciones de desarme de los combatientes del Ej\u00e9rcito y de la Guardia Nacional de Ucrania se ejecutaron bajo los bombardeos de la artiller\u00eda ucraniana en Deb\u00e1ltsevo<\/em>.<\/span><\/p>\n<p style=\"text-align: justify;\"><span style=\"font-size: 14pt;\">Habiendo realizado esta peque\u00f1a introducci\u00f3n a la situaci\u00f3n existente antes y despu\u00e9s de la firma del <strong>Protocolo de Minsk II<\/strong>, pasaremos a analizar de una forma m\u00e1s concreta dicho protocolo.<\/span><\/p>\n<p style=\"text-align: justify;\"><span style=\"font-size: 14pt;\">Como se\u00f1alamos, el <strong>Protocolo de Minsk II fue firmado el 12 de febrero de 2015<\/strong> por los gobernantes de <strong>Alemania<\/strong>, <strong>Francia<\/strong>, <strong>Rusia<\/strong> y <strong>Ucrania<\/strong>, todo ello con el fin de aliviar la <strong>guerra del Donb\u00e1s<\/strong>. La reuni\u00f3n llevada a cabo entre los signatarios fue supervisada por la <strong>OSCE<\/strong>, organizada como respuesta al fracaso del primer cese al fuego. Como expusimos exist\u00eda una gran preocupaci\u00f3n por la situaci\u00f3n en la comunidad internacional y es por lo que se conforma el <strong>Cuarteto de Normand\u00eda, <\/strong>es un<em><strong> grupo diplom\u00e1tico compuesto por representantes de alto nivel de 4 pa\u00edses, como son: Alemania, Rusia, Ucrania y Francia<\/strong><\/em>. Fue creado para resolver el conflicto b\u00e9lico en el este de Ucrania.<\/span><\/p>\n<p style=\"text-align: justify;\"><span style=\"font-size: 14pt;\">El <strong>Cuarteto de Normand\u00eda<\/strong> opera principalmente por tel\u00e9fono, a trav\u00e9s de llamadas entre los presidentes de los pa\u00edses que lo conforman, as\u00ed como los respectivos ministros de cada uno. Su nombre proviene de la primera reuni\u00f3n llevada a cabo en el <em>Castillo de B\u00e9nouville, Normand\u00eda (Francia)<\/em> de fecha <strong>6 de junio de 2014<\/strong>.<\/span><\/p>\n<p style=\"text-align: justify;\"><span style=\"font-size: 14pt;\">Despu\u00e9s de esta reuni\u00f3n, se realizaron dos m\u00e1s, siendo de vital importancia la tercera de ellas la cual tuvo lugar el <strong>11 y 12 de febrero de 2015<\/strong> en <strong>Minsk<\/strong> (<em>Bielorrusia<\/em>), lugar donde ser firm\u00f3 el <strong>Protocolo de Minsk II<\/strong>.<\/span><\/p>\n<p>&nbsp;<\/p>\n<p><img loading=\"lazy\" decoding=\"async\" class=\"aligncenter wp-image-2258812\" src=\"https:\/\/puntocritico.com\/ausajpuntocritico\/wp-content\/uploads\/2022\/10\/ucrania_donbass-trz.jpg\" alt=\"\" width=\"660\" height=\"633\" data-id=\"2258812\" srcset=\"https:\/\/puntocritico.com\/ausajpuntocritico\/wp-content\/uploads\/2022\/10\/ucrania_donbass-trz.jpg 1773w, https:\/\/puntocritico.com\/ausajpuntocritico\/wp-content\/uploads\/2022\/10\/ucrania_donbass-trz-300x288.jpg 300w, https:\/\/puntocritico.com\/ausajpuntocritico\/wp-content\/uploads\/2022\/10\/ucrania_donbass-trz-1024x982.jpg 1024w, https:\/\/puntocritico.com\/ausajpuntocritico\/wp-content\/uploads\/2022\/10\/ucrania_donbass-trz-768x737.jpg 768w, https:\/\/puntocritico.com\/ausajpuntocritico\/wp-content\/uploads\/2022\/10\/ucrania_donbass-trz-1536x1474.jpg 1536w, https:\/\/puntocritico.com\/ausajpuntocritico\/wp-content\/uploads\/2022\/10\/ucrania_donbass-trz-610x585.jpg 610w, https:\/\/puntocritico.com\/ausajpuntocritico\/wp-content\/uploads\/2022\/10\/ucrania_donbass-trz-1320x1266.jpg 1320w\" sizes=\"auto, (max-width: 660px) 100vw, 660px\" \/><\/p>\n<p style=\"text-align: center;\"><span style=\"color: #008000; font-size: 18pt;\"><strong>*******<\/strong><\/span><\/p>\n<h4 style=\"text-align: center;\"><span style=\"font-size: 14pt;\"><strong>INICIACI\u00d3N DEL PROTOCOLO MINSK II<\/strong><\/span><\/h4>\n<p style=\"text-align: justify;\"><span style=\"font-size: 14pt;\">En vistas de que la situaci\u00f3n en Ucrania no mejoraba tras el <strong>Protocolo de Minsk I<\/strong>, el cual, podemos decir que fracas\u00f3 estrepitosamente, como mencionamos la comunidad internacional empez\u00f3 a preocuparse por la situaci\u00f3n y el <strong>7 de febrero de 2015<\/strong>, <strong>Fran\u00e7ois Hollande<\/strong> y <strong>Angela Merkel<\/strong> presentan un nuevo acuerdo de paz para ayudar a Ucrania a aliviar tensiones.<\/span><\/p>\n<p style=\"text-align: justify;\"><span style=\"font-size: 14pt;\">El plan franco-alem\u00e1n fue elaborado tras las conversaciones mantenidas con <strong>Petr\u00f3 Poroshenko<\/strong> (<em>presidente de Ucrania<\/em>) y <strong>Vladimir Putin<\/strong> (<em>presidente de Rusia<\/em>).<\/span><\/p>\n<p style=\"text-align: justify;\"><span style=\"font-size: 14pt;\"><strong>Ante los continuos \u00e9xitos separatistas el gobierno estadounidense comenz\u00f3 a valorar si la ayuda militar a Ucrania, incluyendo el env\u00edo de armas letales, deber\u00eda ser aumentada.<\/strong><\/span><\/p>\n<p style=\"text-align: justify;\"><span style=\"font-size: 14pt;\">Con este panorama pol\u00edtico <strong>Merkel<\/strong> tiene una conversaci\u00f3n con <strong>Putin<\/strong> sobre la crisis que se estaba viviendo y m\u00e1s tarde, el presidente ruso envi\u00f3 una carta a los l\u00edderes de Alemania y Francia con sus ideas para alcanzar un posible acuerdo de paz.<\/span><\/p>\n<p style=\"text-align: justify;\"><span style=\"font-size: 14pt;\">Se concluye con que el <strong>plan de Putin<\/strong> es dif\u00edcil de aceptar, al parecer, se estaban proponiendo l\u00edneas de frontera nuevas y m\u00e1s expansivas para las regiones en poder de los separatistas y se propon\u00eda la autonom\u00eda jur\u00eddica de esas regiones.<\/span><\/p>\n<p style=\"text-align: justify;\"><span style=\"font-size: 14pt;\">Se llev\u00f3 a cabo una <em><strong>Cumbre<\/strong><\/em> para discutir la implementaci\u00f3n del plan diplom\u00e1tico franco-alem\u00e1n, la cual fue programada para el <strong>11 de febrero de 2015 en el Palacio de la Independencia de Minsk<\/strong>. A la cumbre asisten: <strong>Putin<\/strong>, <strong>Poroshenko<\/strong>, <strong>Merkel<\/strong>, <strong>Hollande<\/strong>, <strong>Alex\u00e1nder Zaj\u00f3rchenko<\/strong> e <strong>\u00cdgor Pl\u00f3tnitski<\/strong>. Tras las conversaciones llevadas a cabo entre las partes, al d\u00eda siguiente se anunci\u00f3 que las partes en conflicto hab\u00edan acordado un nuevo paquete de medidas de pacificaci\u00f3n.<\/span><\/p>\n<h4 style=\"text-align: center;\"><span style=\"font-size: 14pt;\"><strong>MEDIDAS ALCANZADAS EN EL ACUERDO MINSK II<\/strong><\/span><\/h4>\n<p style=\"text-align: justify;\"><span style=\"font-size: 14pt;\">Alto el fuego inmediato y completo en determinados distritos de las provincias ucranianas de\u00a0Donetsk\u00a0y\u00a0Lugansk\u00a0y su estricto cumplimiento a partir de las 00:00 de la medianoche (Hora de Kiev) del 15 de febrero de 2015.<\/span><\/p>\n<p style=\"text-align: justify;\"><span style=\"font-size: 14pt;\">Retirada de todas las armas pesadas por ambos lados, a distancias iguales, con el objetivo de la creaci\u00f3n de una <strong>zona de seguridad de 50 kil\u00f3metros<\/strong> de distancia m\u00ednima, para la artiller\u00eda de 100\u00a0mm de calibre o m\u00e1s, y una <strong>zona de seguridad<\/strong> <strong>de 70 kil\u00f3metros<\/strong>, para <em>sistemas de\u00a0lanzacohetes m\u00faltiples<\/em>\u00a0(MLRS), y de 140\u00a0kil\u00f3metros para los <em>MLRS<\/em> \u00ab<em>Tornado-S<\/em>\u00bb, \u00ab<em>Uragan<\/em>\u00bb, \u00ab<em>Smerch<\/em>\u00bb y los sistemas de misiles t\u00e1cticos \u00ab<em>Tochka U<\/em>\u00bb:<\/span><\/p>\n<ul>\n<li style=\"text-align: justify;\"><span style=\"font-size: 14pt;\">para las tropas ucranianas, de la l\u00ednea real de contacto (<em>frente de combate<\/em>);<\/span><\/li>\n<li style=\"text-align: justify;\"><span style=\"font-size: 14pt;\">para las formaciones armadas de determinados distritos de las provincias ucranianas de <strong>Donetsk<\/strong> y <strong>Lugansk<\/strong>, de la l\u00ednea de contacto, en conformidad con el <strong>Memorando de Minsk del 19 de septiembre de 2014<\/strong>.<\/span><\/li>\n<\/ul>\n<p style=\"text-align: justify;\"><span style=\"font-size: 14pt;\">La retirada de las armas pesadas antes mencionadas debe comenzar a m\u00e1s tardar el segundo d\u00eda despu\u00e9s del inicio del alto el fuego y terminar dentro de 14 d\u00edas.<\/span><\/p>\n<p style=\"text-align: justify;\"><span style=\"font-size: 14pt;\">Este proceso ser\u00e1 asistido por la\u00a0<strong>OSCE<\/strong>\u00a0con el apoyo del\u00a0<strong>Grupo de Contacto Trilateral<\/strong>.<\/span><\/p>\n<p><span style=\"font-size: 14pt;\"><strong>OTRAS MEDIDAS DE MINSK 2:<\/strong><\/span><\/p>\n<ol style=\"text-align: justify;\">\n<li><span style=\"font-size: 14pt;\"><strong>El efectivo seguimiento y verificaci\u00f3n del alto el fuego y de la retirada de las armas pesadas por la OSCE<\/strong> se prestar\u00e1 desde el primer d\u00eda de la retirada, utilizando todos los medios t\u00e9cnicos necesarios, tales como los sat\u00e9lites, aviones no tripulados, sistemas de radio-localizaci\u00f3n, etc.<\/span><\/li>\n<li><span style=\"font-size: 14pt;\">En el primer d\u00eda despu\u00e9s de la retirada,<strong> el di\u00e1logo se iniciar\u00e1 sobre las modalidades de realizaci\u00f3n de elecciones locales<\/strong>, en conformidad con la legislaci\u00f3n de Ucrania y la Ley de Ucrania \u00ab<em>sobre la orden temporaria de autonom\u00eda local en determinados distritos de las provincias de Donetsk y Lugansk<\/em>\u00bb, y tambi\u00e9n sobre el futuro de estos distritos, sobre la base de la ley antes mencionada.<\/span><\/li>\n<li><span style=\"font-size: 14pt;\">Sin demoras, pero no m\u00e1s tarde de 30 d\u00edas a partir de la fecha de firma de este documento, <strong>la resoluci\u00f3n tiene que ser aprobada por el\u00a0Parlamento de Ucrania<\/strong>, indicando el territorio que se encuentra bajo el r\u00e9gimen especial en conformidad con la ley \u00ab<em>sobre la orden temporaria de autonom\u00eda local en determinados distritos de las provincias de Donetsk y Lugansk<\/em>\u00bb, basada en la l\u00ednea establecida por el <em>Memorando de Minsk del 19 de septiembre de 2014<\/em>.<\/span><\/li>\n<li><span style=\"font-size: 14pt;\">Proporcionar\u00a0<strong>indulto\u00a0y\u00a0amnist\u00eda<\/strong>\u00a0a trav\u00e9s de la promulgaci\u00f3n de una ley que proh\u00edba la persecuci\u00f3n y castigo de las personas en relaci\u00f3n con los acontecimientos que tuvieron lugar en determinados <em>distritos<\/em> de las provincias ucranianas de <strong>Donetsk<\/strong> y <strong>Lugansk<\/strong>.<\/span><\/li>\n<li><span style=\"font-size: 14pt;\">Proporcionar la <strong>liberaci\u00f3n y el intercambio de todos los rehenes y las personas retenidas ilegalmente<\/strong>, con base en el principio de \u00ab<em>todo para todos<\/em>\u00bb. Este proceso tiene que terminar &#8211; lo m\u00e1s tarde &#8211; en el quinto d\u00eda despu\u00e9s de la retirada (<em>de armas<\/em>).<\/span><\/li>\n<li><span style=\"font-size: 14pt;\">Proporcionar, con seguridad, el acceso, la entrega, el almacenamiento y la distribuci\u00f3n de la <strong>ayuda humanitaria<\/strong> a los necesitados, sobre la base de un <em>mecanismo internacional<\/em>.<\/span><\/li>\n<li><span style=\"font-size: 14pt;\">Definir las modalidades de un <strong>pleno restablecimiento de las relaciones sociales y econ\u00f3micas, incluidas las transferencias sociales<\/strong>, como los pagos de pensiones y otros pagos <em>(rendimientos y ingresos, el pago puntual de las facturas comunales, la restauraci\u00f3n de los pagos de impuestos en el marco del \u00e1mbito jur\u00eddico ucraniano<\/em>). Con este objetivo, <em>Ucrania restaurar\u00e1 la gesti\u00f3n sobre el segmento de su sistema bancario en los distritos afectados por el conflicto<\/em>, y, posiblemente, se establecer\u00e1 un mecanismo internacional para aliviar este tipo de transacciones.<\/span><\/li>\n<li><span style=\"font-size: 14pt;\"><strong>Restaurar al gobierno de Ucrania el control de la frontera del estado en toda la zona de conflicto<\/strong>, la cual (<em>la restauraci\u00f3n<\/em>) tiene que empezar el primer d\u00eda despu\u00e9s de la elecci\u00f3n local y acabar despu\u00e9s de la regulaci\u00f3n pol\u00edtica completa (<em>elecciones locales en determinados distritos de las provincias de Donetsk y Lugansk, con base en la ley de Ucrania y la reforma constitucional<\/em>) a <strong>finales de 2015<\/strong>, con la condici\u00f3n del cumplimiento del punto 11 &#8211; en las consultas y de acuerdo con los representantes de determinados <em>distritos<\/em> de las provincias de <strong>Donetsk<\/strong> y <strong>Lugansk<\/strong>, en el marco del <strong>Grupo de Contacto Trilateral<\/strong>.<\/span><\/li>\n<li><span style=\"font-size: 14pt;\"><strong>Retirada de todas las formaciones armadas extranjeras, equipo militar, y tambi\u00e9n mercenarios<\/strong> desde el territorio de Ucrania bajo la <strong>supervisi\u00f3n de la OSCE<\/strong>. <strong>Desarme de todos los grupos ilegales<\/strong>.<\/span><\/li>\n<li><span style=\"font-size: 14pt;\">La <strong>reforma constitucional en Ucrania, con una nueva Constituci\u00f3n que entre en vigor a finales de 2015<\/strong>, el elemento clave de la cual es la <em>descentralizaci\u00f3n<\/em> (<em>teniendo en cuenta las peculiaridades de determinados distritos de las provincias de Donetsk y Lugansk, de acuerdo con los representantes de estos distritos<\/em>), y tambi\u00e9n la aprobaci\u00f3n de legislaci\u00f3n permanente sobre la situaci\u00f3n especial de determinados distritos de las provincias de Donetsk y Lugansk, a finales de 2015.<\/span><\/li>\n<li><span style=\"font-size: 14pt;\">Con base en la Ley de Ucrania \u00ab<em>sobre la orden temporaria de autonom\u00eda local en determinados distritos de las provincias de Donetsk y Lugansk<\/em>\u00bb, las cuestiones relacionadas con las <strong>elecciones locales<\/strong> ser\u00e1n discutidas y acordadas con los representantes de los distritos particulares de las provincias de Donetsk y Luhansk en el marco del <strong>Grupo de Contacto Trilateral<\/strong>. <strong>Las elecciones se celebrar\u00e1n de conformidad con las normas pertinentes de la OSCE y ser\u00e1n supervisadas por la OSCE\/OIDDH<\/strong> (<em>Oficina para Instituciones Democr\u00e1ticas y Derechos Humanos<\/em>).<\/span><\/li>\n<li><span style=\"font-size: 14pt;\"><strong>Intensificar el trabajo del Grupo de Contacto Trilateral<\/strong> incluso mediante el establecimiento de grupos de trabajo sobre la aplicaci\u00f3n de los aspectos pertinentes de los <strong>acuerdos de Minsk<\/strong>. Ellos reflejar\u00e1n la composici\u00f3n del Grupo de Contacto Trilateral.<\/span><\/li>\n<\/ol>\n<p>&nbsp;<\/p>\n<p><a href=\"https:\/\/puntocritico.com\/ausajpuntocritico\/wp-content\/uploads\/2022\/10\/PROTOCOLO-MINSK-II-PDF.pdf\"><img loading=\"lazy\" decoding=\"async\" class=\"aligncenter  wp-image-2259241\" src=\"https:\/\/puntocritico.com\/ausajpuntocritico\/wp-content\/uploads\/2022\/10\/Minsk-II-300x256.png\" alt=\"\" width=\"471\" height=\"402\" data-id=\"2259241\" srcset=\"https:\/\/puntocritico.com\/ausajpuntocritico\/wp-content\/uploads\/2022\/10\/Minsk-II-300x256.png 300w, https:\/\/puntocritico.com\/ausajpuntocritico\/wp-content\/uploads\/2022\/10\/Minsk-II-768x655.png 768w, https:\/\/puntocritico.com\/ausajpuntocritico\/wp-content\/uploads\/2022\/10\/Minsk-II-610x520.png 610w, https:\/\/puntocritico.com\/ausajpuntocritico\/wp-content\/uploads\/2022\/10\/Minsk-II.png 1016w\" sizes=\"auto, (max-width: 471px) 100vw, 471px\" \/><\/a><\/p>\n<p style=\"text-align: center;\"><strong><span style=\"font-size: 14pt;\"><a href=\"https:\/\/puntocritico.com\/ausajpuntocritico\/wp-content\/uploads\/2022\/10\/PROTOCOLO-MINSK-II-PDF.pdf\" target=\"_blank\" rel=\"noopener\" data-schema-attribute=\"\">Descargar el Protocolo de Minsk II\u00a0<\/a><\/span><\/strong><\/p>\n<p>&nbsp;<\/p>\n<p style=\"text-align: justify;\"><span style=\"font-size: 14pt;\">Este Pacto parec\u00eda contener las pautas definitivas para acercar posturas y llegar a alcanzar la tan ansiada paz del pueblo ucraniano pero dicha tregua no durar\u00eda mucho, ya que la primera semana de junio de 2015, cuatro meses despu\u00e9s de llegar al acuerdo de paz, se rompi\u00f3 dicha tregua con una escalada intensiva de la violencia en torno a M\u00e1rinka y en la pr\u00e1ctica totalidad de las fronteras de las Rep\u00fablicas de Donetsk y Lugansk.<\/span><\/p>\n<p style=\"text-align: justify;\"><span style=\"font-size: 14pt;\">Por desgracia somos testigos como aun en 2022 el pueblo ucraniano ha sido incapaz de alcanzar la paz, si bien por el contrario cada vez se encuentra inmerso en un bucle de violencia, desesperanza y devastaci\u00f3n. Empezamos a quitarnos la venda y poco a poco vamos encajando las piezas del puzle, es cierto que hasta ahora todo apuntaba a un conflicto m\u00e1s entre Ucrania y Rusia por la determinaci\u00f3n de un territorio, pero no, todo esto va m\u00e1s all\u00e1.<\/span><\/p>\n<p style=\"text-align: justify;\">\u00a0<\/p>\n<p><img loading=\"lazy\" decoding=\"async\" class=\"aligncenter wp-image-2259073\" src=\"https:\/\/puntocritico.com\/ausajpuntocritico\/wp-content\/uploads\/2022\/10\/UCRANIA.jpg\" alt=\"\" width=\"480\" height=\"259\" data-id=\"2259073\" srcset=\"https:\/\/puntocritico.com\/ausajpuntocritico\/wp-content\/uploads\/2022\/10\/UCRANIA.jpg 740w, https:\/\/puntocritico.com\/ausajpuntocritico\/wp-content\/uploads\/2022\/10\/UCRANIA-300x162.jpg 300w, https:\/\/puntocritico.com\/ausajpuntocritico\/wp-content\/uploads\/2022\/10\/UCRANIA-610x330.jpg 610w\" sizes=\"auto, (max-width: 480px) 100vw, 480px\" \/><\/p>\n<p>&nbsp;<\/p>\n<p style=\"text-align: justify;\"><span style=\"font-size: 14pt;\">Lo que est\u00e1 sucediendo no es una guerra entre Ucrania y Rusia, estamos presenciando una guerra entre EE.UU y la UE contra Rusia desarrollada en territorio ucraniano. \u00bfPor qu\u00e9 sino tendr\u00eda inter\u00e9s EE.UU. de mandar armamento a Ucrania? Parece curioso que con el ataque al <strong>Nord Stream<\/strong> haya sospechas pr\u00e1cticamente fundadas de que haya sido un movimiento de EE.UU. \u00bfquiz\u00e1 para poner en jaque a Rusia?. El ataque ha sido calificado por la propia OTAN como un <strong>\u201c<em>ataque temerario<\/em>\u201d<\/strong>, as\u00ed como no se ha dudado en un primer momento a adjudicar su autor\u00eda a Rusia, pero \u00bfrealmente Rusia atacar\u00eda una de sus fuentes econ\u00f3micas? Resulta dudoso, as\u00ed como ha quedado m\u00e1s que evidenciado que Nord Stream 1 y 2 es m\u00e1s que inc\u00f3modo para EE.UU. y la UE, ya que, no se deja de depender de Rusia para el suministro del gas.<\/span><\/p>\n<p style=\"text-align: justify;\"><span style=\"font-size: 14pt;\">Cada d\u00eda que pasa hay un ataque nuevo, bien sea de Ucrania hacia Rusia o viceversa, como fue la explosi\u00f3n del puente que une Crimea con Rusia el 8 de octubre de 2022, produciendo la muerte de 3 personas, o el sucedido d\u00edas m\u00e1s tarde como respuesta a este ataque terrorista, en el que Rusia respondi\u00f3 atacando Kyiv junto a otras ciudades dejando al menos 14 muertos\u2026 Esto es un suma y sigue, un <em>\u201cdiente por diente, ojo por ojo\u201d <\/em>que no parece tener fin, cada d\u00eda que pasa hay m\u00e1s muertes, m\u00e1s desolaci\u00f3n y desesperanza y el gran problema es que no parece ser que haya una disposici\u00f3n real de alcanzar un acuerdo de paz por parte de ninguno de los Estados implicados.<\/span><\/p>\n<p style=\"text-align: justify;\"><span style=\"font-size: 14pt;\">Y seguramente mientras termina de leer este post alg\u00fan acontecimiento terrible est\u00e1 sucediendo, solo nos queda aferrarnos a la esperanza de que en alg\u00fan momento sean conscientes de que lo que est\u00e1n poniendo en peligro son vidas humanas inocentes, las leyes, los tratados, convenios\u2026 la DEMOCRACIA est\u00e1 para algo, no retrocedamos en el tiempo y utilicemos lo que est\u00e1 a nuestro alcance para poder frenar esto.<\/span><\/p>\n<p style=\"text-align: justify;\"><span style=\"font-size: 14pt;\">Para finalizar, no debemos olvidar que un conflicto de estas caracter\u00edsticas no nos queda tan lejano, Espa\u00f1a no tardar\u00e1 en pagar las consecuencias de lo que est\u00e1 sucediendo porque, al fin y al cabo, como se dijo m\u00e1s arriba en una guerra perdemos todos.<\/span><\/p>\n<p>&nbsp;<\/p>\n<p>&nbsp;<\/p>\n<p style=\"text-align: justify;\"><img loading=\"lazy\" decoding=\"async\" class=\"aligncenter wp-image-2259163\" src=\"https:\/\/puntocritico.com\/ausajpuntocritico\/wp-content\/uploads\/2022\/10\/Paz-en-Ucrania-1.jpg\" alt=\"\" width=\"555\" height=\"312\" data-id=\"2259163\" srcset=\"https:\/\/puntocritico.com\/ausajpuntocritico\/wp-content\/uploads\/2022\/10\/Paz-en-Ucrania-1.jpg 700w, https:\/\/puntocritico.com\/ausajpuntocritico\/wp-content\/uploads\/2022\/10\/Paz-en-Ucrania-1-300x169.jpg 300w, https:\/\/puntocritico.com\/ausajpuntocritico\/wp-content\/uploads\/2022\/10\/Paz-en-Ucrania-1-610x343.jpg 610w, https:\/\/puntocritico.com\/ausajpuntocritico\/wp-content\/uploads\/2022\/10\/Paz-en-Ucrania-1-678x381.jpg 678w\" sizes=\"auto, (max-width: 555px) 100vw, 555px\" \/><\/p>\n<p>&nbsp;<\/p>\n<p><img loading=\"lazy\" decoding=\"async\" class=\"aligncenter wp-image-9528\" src=\"https:\/\/puntocritico.com\/ausajpuntocritico\/wp-content\/uploads\/2018\/03\/Mosca_Punto_Cr\u00edtico_40.png\" alt=\"\" width=\"80\" height=\"80\" data-id=\"9528\" \/><\/p>\n<p>&nbsp;<\/p>\n","protected":false},"excerpt":{"rendered":"<div class=\"mh-excerpt\"><p>ACUERDOS DE MINSK &nbsp; \u00bfC\u00f3mo podr\u00eda negociarse un acuerdo de paz? En primer lugar, respetando el principio de autodeterminaci\u00f3n, entendido como el derecho de pueblos y naciones a elegir libremente su r\u00e9gimen pol\u00edtico, econ\u00f3mico y <a class=\"mh-excerpt-more\" href=\"https:\/\/puntocritico.com\/ausajpuntocritico\/2022\/10\/19\/ucrania-paz-los-acuerdos-de-minsk\/\" title=\"UCRANIA: LOS INSTRUMENTOS DE PAZ: LOS ACUERDOS DE MINSK. \u00abNo es enemigo el que quiere la Paz\u00bb.\">[&#8230;]<\/a><\/p>\n<\/div>","protected":false},"author":3,"featured_media":2259171,"comment_status":"open","ping_status":"closed","sticky":false,"template":"","format":"standard","meta":{"_acf_changed":false,"_exactmetrics_skip_tracking":false,"_exactmetrics_sitenote_active":false,"_exactmetrics_sitenote_note":"","_exactmetrics_sitenote_category":0,"footnotes":""},"categories":[7],"tags":[39],"class_list":{"0":"post-2258739","1":"post","2":"type-post","3":"status-publish","4":"format-standard","5":"has-post-thumbnail","7":"category-politica","8":"tag-ucrania"},"acf":[],"_links":{"self":[{"href":"https:\/\/puntocritico.com\/ausajpuntocritico\/wp-json\/wp\/v2\/posts\/2258739","targetHints":{"allow":["GET"]}}],"collection":[{"href":"https:\/\/puntocritico.com\/ausajpuntocritico\/wp-json\/wp\/v2\/posts"}],"about":[{"href":"https:\/\/puntocritico.com\/ausajpuntocritico\/wp-json\/wp\/v2\/types\/post"}],"author":[{"embeddable":true,"href":"https:\/\/puntocritico.com\/ausajpuntocritico\/wp-json\/wp\/v2\/users\/3"}],"replies":[{"embeddable":true,"href":"https:\/\/puntocritico.com\/ausajpuntocritico\/wp-json\/wp\/v2\/comments?post=2258739"}],"version-history":[{"count":0,"href":"https:\/\/puntocritico.com\/ausajpuntocritico\/wp-json\/wp\/v2\/posts\/2258739\/revisions"}],"wp:featuredmedia":[{"embeddable":true,"href":"https:\/\/puntocritico.com\/ausajpuntocritico\/wp-json\/wp\/v2\/media\/2259171"}],"wp:attachment":[{"href":"https:\/\/puntocritico.com\/ausajpuntocritico\/wp-json\/wp\/v2\/media?parent=2258739"}],"wp:term":[{"taxonomy":"category","embeddable":true,"href":"https:\/\/puntocritico.com\/ausajpuntocritico\/wp-json\/wp\/v2\/categories?post=2258739"},{"taxonomy":"post_tag","embeddable":true,"href":"https:\/\/puntocritico.com\/ausajpuntocritico\/wp-json\/wp\/v2\/tags?post=2258739"}],"curies":[{"name":"wp","href":"https:\/\/api.w.org\/{rel}","templated":true}]}}