{"id":2257781,"date":"2022-11-27T00:05:17","date_gmt":"2022-11-26T23:05:17","guid":{"rendered":"https:\/\/puntocritico.com\/ausajpuntocritico\/?p=2257781"},"modified":"2022-11-22T17:03:02","modified_gmt":"2022-11-22T16:03:02","slug":"los-papalagi-discursos-de-tuiavii-de-tiavea-jefe-samoano-los-papalagi-no-tienen-tiempo-3","status":"publish","type":"post","link":"https:\/\/puntocritico.com\/ausajpuntocritico\/2022\/11\/27\/los-papalagi-discursos-de-tuiavii-de-tiavea-jefe-samoano-los-papalagi-no-tienen-tiempo-3\/","title":{"rendered":"LOS PAPALAGI NO TIENEN TIEMPO Los Papalagi. Discursos de Tuiavii de Tiavea, jefe Samoano"},"content":{"rendered":"<p style=\"text-align: justify;\"><span style=\"font-size: 14pt; color: #008000;\">LOS PAPALAGI NO TIENEN TIEMPO<\/span><\/p>\n<p style=\"text-align: justify;\"><span style=\"font-family: arial, helvetica, sans-serif; font-size: 14pt;\"><a href=\"https:\/\/puntocritico.com\/2016\/12\/24\/los-papalagi-discursos-de-tuiavii-de-tiavea-jefe-samoano\/#introduccion\">Los papalagi \u2013 Introducci\u00f3n<\/a><\/span><\/p>\n<p style=\"text-align: center;\"><span style=\"font-size: 18pt;\"><strong>*<span style=\"color: #008000;\">*<\/span>*<\/strong><\/span><\/p>\n<h2 class=\"entry-title\" style=\"text-align: center;\"><span style=\"color: #008000; font-size: 24pt;\"> LOS PAPALAGI NO TIENEN TIEMPO<\/span><\/h2>\n<p><img loading=\"lazy\" decoding=\"async\" class=\"aligncenter wp-image-670\" src=\"https:\/\/puntocritico.com\/ausajpuntocritico\/wp-content\/uploads\/2017\/01\/Papalagi_pobres_3.jpg\" alt=\"LOS PAPALAGI NO TIENEN TIEMPO\" width=\"360\" height=\"427\" data-id=\"670\" srcset=\"https:\/\/puntocritico.com\/ausajpuntocritico\/wp-content\/uploads\/2017\/01\/Papalagi_pobres_3.jpg 639w, https:\/\/puntocritico.com\/ausajpuntocritico\/wp-content\/uploads\/2017\/01\/Papalagi_pobres_3-253x300.jpg 253w\" sizes=\"auto, (max-width: 360px) 100vw, 360px\" \/><\/p>\n<p style=\"text-align: center;\"><span style=\"font-size: 14pt;\"><em><span style=\"font-family: arial, helvetica, sans-serif;\">Ilustraciones de\u00a0<a href=\"http:\/\/www.joostswarte.com\/swf\/flash.html\" target=\"_blank\" rel=\"noopener\">Joost Swarte<\/a><\/span><\/em><\/span><\/p>\n<p>&nbsp;<\/p>\n<p style=\"text-align: justify;\"><span style=\"font-family: arial, helvetica, sans-serif; font-size: 14pt;\">Los <strong>Papalagi<\/strong> tienen una manera extra\u00f1amente confusa de pensar. Siempre se est\u00e1n devanando los sesos, para sacar mayores provechos y bienes de las cosas, y su consideraci\u00f3n no es por humanidad, sino s\u00f3lo por el inter\u00e9s de una simple persona, y esa persona son ellos mismos.<\/span><\/p>\n<p style=\"text-align: justify;\"><span style=\"font-family: arial, helvetica, sans-serif; font-size: 14pt;\">Cuando alguien dice: \u00ab<em>Mi cabeza me pertenece a m\u00ed y a nadie m\u00e1s que a m\u00ed<\/em>\u00bb, tiene mucha raz\u00f3n y nadie puede decir nada en contra de esto. En este aspecto el <strong>Papalagi<\/strong> y yo compartimos puntos de vista. Pero cuando \u00e9l contin\u00faa: \u00ab<em>La palmera es m\u00eda<\/em>\u00bb, s\u00f3lo porque ese \u00e1rbol crece delante de su caba\u00f1a, entonces se comporta como si \u00e9l mismo hiciera crecer la palmera. Pero esa palmera no pertenece a nadie. \u00a1A nadie! Es la mano de Dios la que nos la ha proporcionado del suelo. Dios tiene muchas manos. Cada \u00e1rbol, cada hoja de hierba, el mar, el cielo y las nubes que flotan en \u00e9l, todos son las manos de Dios. Podemos usarla para nuestro placer, pero nunca podemos decir: \u00ab<em>La mano de Dios es mi mano<\/em>\u00bb. Sin embargo esto hacen los <strong>Papalagi<\/strong>.<\/span><\/p>\n<p style=\"text-align: justify;\"><span style=\"font-family: arial, helvetica, sans-serif; font-size: 14pt;\"><a href=\"https:\/\/puntocritico.com\/ausajpuntocritico\/wp-content\/uploads\/2017\/02\/Los_papalagi_hacen_pobre_a_dios_10002.jpg\" rel=\"lightbox[2257781]\"><img loading=\"lazy\" decoding=\"async\" class=\"alignleft wp-image-1155\" src=\"https:\/\/puntocritico.com\/ausajpuntocritico\/wp-content\/uploads\/2017\/02\/Los_papalagi_hacen_pobre_a_dios_10002-300x265.jpg\" alt=\"\" width=\"340\" height=\"300\" srcset=\"https:\/\/puntocritico.com\/ausajpuntocritico\/wp-content\/uploads\/2017\/02\/Los_papalagi_hacen_pobre_a_dios_10002-300x265.jpg 300w, https:\/\/puntocritico.com\/ausajpuntocritico\/wp-content\/uploads\/2017\/02\/Los_papalagi_hacen_pobre_a_dios_10002.jpg 636w\" sizes=\"auto, (max-width: 340px) 100vw, 340px\" \/><\/a>En nuestro idioma \u00ab<em>lau<\/em>\u00bb significa \u00ab<em>m\u00edo<\/em>\u00bb, pero tambi\u00e9n significa \u00ab<em>tuyo<\/em>\u00bb. Es casi la misma cosa. Pero en el idioma de los <strong>Papalagi<\/strong> es dif\u00edcil encontrar dos palabras que difieran tanto en significado como \u00ab<em>m\u00edo<\/em>\u00bb y \u00ab<em>tuyo<\/em>\u00bb. <em>M\u00edo, <\/em>significa que algo me pertenece por entero a m\u00ed. Tuyo, significa que algo pertenece por entero a otro. Es la raz\u00f3n por la que el <strong>Papalagi<\/strong> llama a todo lo que est\u00e1 cerca de su casa \u00ab<em>m\u00edo<\/em>\u00bb. Nadie tiene derecho a ello m\u00e1s que \u00e9l. Cuando visitas a un <strong>Papalagi<\/strong> y ves algo all\u00ed, un \u00e1rbol o una fruta, madera, agua o un mont\u00f3n de basura, siempre hay alguien alrededor para decir: \u00ab<em>Es m\u00edo y que no te coja tomando algo de mi propiedad<\/em>\u00bb. Incluso si tocas algo empezar\u00e1 a berrear y te llamar\u00e1 ladr\u00f3n. \u00c9sta es la peor maldici\u00f3n que conoce. Y solamente porque te has atrevido a tocar el \u00ab<em>suyo<\/em>\u00bb de otro hombre. Su amigo y los criados del jefe vendr\u00e1n corriendo, te pondr\u00e1n cadenas, te echar\u00e1n a la m\u00e1s sombr\u00eda <em>pfui-pfui <\/em>y la gente te despreciar\u00e1 durante el resto de tu vida.<\/span><\/p>\n<p style=\"text-align: justify;\"><span style=\"font-family: arial, helvetica, sans-serif; font-size: 14pt;\">Actualmente para impedir que la gente toque cosas que alguien ha declarado suyas, se ha presentado una ley que concrete qu\u00e9 es suyo y qu\u00e9 es m\u00edo. Y hay gente en Europa que gasta su vida entera prestando atenci\u00f3n a que no se quiebre esa ley, que no se quite nada al <strong>Papalagi<\/strong> que ha declarado que aquello es suyo. De esa manera, los <strong>Papalagi<\/strong> quieren dar la impresi\u00f3n de que tienen derecho real sobre esas cosas, como si Dios hubiera regalado sus cosas para siempre. Como si las palmeras, las flores, los \u00e1rboles, el mar, el aire y las nubes fueran realmente de su propiedad.<\/span><\/p>\n<p style=\"text-align: justify;\"><span style=\"font-family: arial, helvetica, sans-serif; font-size: 14pt;\"><strong>Los Papalagi tienen necesidad de leyes que guarden su m\u00edo<\/strong>, porque de otro modo, la gente con poco o nada de m\u00edo, se las quitar\u00eda. Porque si hay gente que pide mucho para s\u00ed misma, hay muchos otros abandonados que permanecen de pie con las manos vac\u00edas. No todo el mundo conoce las tretas y se\u00f1ales escondidas con las que se puede acumular mucho m\u00edo, y tambi\u00e9n se ne cesita una especie de valor, que tiene poco o nada que ver con lo que nosotros llamamos respeto y puede que aquellos <strong>Papalagi<\/strong> que est\u00e1n con las manos vac\u00edas, porque no quer\u00edan robar o insultar a Dios, sean los mejores de su tribu. Pero no existen muchos <strong>Papalagi<\/strong> como esos.<\/span><\/p>\n<p style=\"text-align: justify;\"><span style=\"font-family: arial, helvetica, sans-serif; font-size: 14pt;\">La mayor\u00eda de ellos roban a Dios sin un \u00e1pice de verg\u00fcenza siquiera. No conocen nada mejor. No se dan cuenta de <em>nada-mal-hecho<\/em>; todo el mundo lo hace y nadie ve nada extra\u00f1o o se siente mal por ello. Muchos tambi\u00e9n reciben su mont\u00f3n de m\u00edo por nacimiento, de sus padres. Y Dios no ha dejado casi nada, porque la gente lo ha tomado y transformado en m\u00edo <em>y tuyo. <\/em>Su sol, hecho para todos nosotros, no puede ser igualitariamente dividido nunca, porque uno pide m\u00e1s que otro. En los hermosos espacios abiertos donde el sol brilla en todo su esplendor, s\u00f3lo unos pocos est\u00e1n sentados, mientras una muchedumbre entera trata de alcanzar un p\u00e1lido rayo de luz sentados en las sombras; Dios no puede alegrarse con todo su coraz\u00f3n, porque \u00e9l ya no es el <em>alii sili<\/em> (<a href=\"#1\">1<\/a>), en su propia casa. Los <strong>Papalagi<\/strong> le niegan al decir que todo es suyo. Pero nunca llegar\u00e1n a ese discernimiento, por muy diferente que piensen.<\/span><\/p>\n<p style=\"text-align: justify;\"><span style=\"font-family: arial, helvetica, sans-serif; font-size: 14pt;\">Por el contrario, ellos consideran sus actos justos y honestos. Pero a los ojos de Dios son injustos y deshonestos.<\/span><\/p>\n<p style=\"text-align: justify;\"><span style=\"font-family: arial, helvetica, sans-serif; font-size: 14pt;\">Si ellos hicieran uso de su sentido com\u00fan, sin duda comprender\u00edan que nada de lo que no podemos retener nos pertenece y que cuando la marcha sea dura no podremos llevar nada. Entonces tambi\u00e9n empezar\u00edan a darse cuenta de que Dios hace su casa tan grande, porque quiere que haya y felicidad para todos. Y en verdad ser\u00eda suficientemente grande para todo el mundo, para que todos encontr\u00e1ramos un lugar soleado, una peque\u00f1a porci\u00f3n de felicidad, unas pocas palmeras y ciertamente un punto en el que los dos pies se apoyaran, justo como Dios quer\u00eda y deseaba que fuera. \u00bfC\u00f3mo podr\u00eda Dios olvidar siquiera a uno de sus propios ni\u00f1os?<\/span><\/p>\n<p style=\"text-align: justify;\"><span style=\"font-family: arial, helvetica, sans-serif; font-size: 14pt;\">Pero todav\u00eda hay muchos buscando febrilmente ese peque\u00f1o, diminuto punto que Dios les ha reservado.<\/span><\/p>\n<p style=\"text-align: justify;\"><span style=\"font-family: arial, helvetica, sans-serif; font-size: 14pt;\"><a href=\"https:\/\/puntocritico.com\/ausajpuntocritico\/wp-content\/uploads\/2017\/02\/Los_papalagi_hacen_pobre_a_dios_10003.jpg\" rel=\"lightbox[2257781]\"><img loading=\"lazy\" decoding=\"async\" class=\"alignright wp-image-1153\" src=\"https:\/\/puntocritico.com\/ausajpuntocritico\/wp-content\/uploads\/2017\/02\/Los_papalagi_hacen_pobre_a_dios_10003-598x1024.jpg\" alt=\"\" width=\"340\" height=\"582\" srcset=\"https:\/\/puntocritico.com\/ausajpuntocritico\/wp-content\/uploads\/2017\/02\/Los_papalagi_hacen_pobre_a_dios_10003-598x1024.jpg 598w, https:\/\/puntocritico.com\/ausajpuntocritico\/wp-content\/uploads\/2017\/02\/Los_papalagi_hacen_pobre_a_dios_10003-175x300.jpg 175w, https:\/\/puntocritico.com\/ausajpuntocritico\/wp-content\/uploads\/2017\/02\/Los_papalagi_hacen_pobre_a_dios_10003.jpg 685w\" sizes=\"auto, (max-width: 340px) 100vw, 340px\" \/><\/a>Porque los <strong>Papalagi<\/strong> no quieren escuchar la palabra de Dios y empiezan a hacer leyes por su propia cuenta. Dios les env\u00eda muchas cosas que amenazan su propiedad. Env\u00eda calor y lluvia para destruir su m\u00edo, lo envejece, derrumba y pudre. Dios tambi\u00e9n da a la tormenta y al fuego poder sobre su m\u00edo. Y lo peor de todo: introduce miedo en los corazones de los <strong>Papalagis<\/strong>. Miedo es la cosa principal que ha adquirido. El sue\u00f1o de un <strong>Papalagi<\/strong> nunca es tranquilo, porque tiene que estar alerta todo el tiempo, para que las cosas que ha amasado durante el d\u00eda, no le sean robadas por la noche. Sus manos y sentidos tienen que estar ocupados todo el tiempo agarrando su propiedad. Y durante todo el d\u00eda, su m\u00edo le importuna y se le r\u00ede en la cara, le grita porque ha sido robado de Dios, le tortura y le proporciona mucha desdicha.<\/span><\/p>\n<p style=\"text-align: justify;\"><span style=\"font-family: arial, helvetica, sans-serif; font-size: 14pt;\"><strong>Pero Dios ha impuesto un castigo m\u00e1s pesado que el miedo a los Papalagi: ha creado la lucha entre aqu\u00e9llos que tienen poco o nada y aqu\u00e9llos que lo tienen todo<\/strong>. Esta batalla es dura y violenta, y hace estragos d\u00eda y noche. Es una disputa que todo el mundo sufre y que devora la alegr\u00eda de vivir. Aqu\u00e9llos que tienen mucho deber\u00edan dar una parte, pero no quieren hacerlo. Los que no tienen quieren tambi\u00e9n algo, pero no consiguen nada. Adem\u00e1s, rara vez son guerreros de Dios. Est\u00e1n formados principalmente por la gente que lleg\u00f3 demasiado tarde cuando el bot\u00edn estaba siendo dividido, o por aqu\u00e9llos que fueron demasiado torpes o no tuvieron la oportunidad de agarrar algo. Que ellos est\u00e1n robando a Dios, no entra en la mente de nadie. Y s\u00f3lo alguna vez un viejo hombre sabio se levanta y apremia a la gente para que lo devuelva todo a las manos de Dios.<\/span><\/p>\n<p style=\"text-align: justify;\"><span style=\"font-family: arial, helvetica, sans-serif; font-size: 14pt;\">\u00a1Hermanos!, \u00bf<\/span><span style=\"font-family: arial, helvetica, sans-serif; font-size: 14pt;\">cu\u00e1l es vuestra opini\u00f3n de un hombre que tiene una gran casa, suficientemente grande para alojar a un pueblo samoano en su totalidad, y que no permite a un viajero pasar la noche bajo su techo? \u00bfQu\u00e9 pensar\u00edais de un hombre que tiene un manojo entero de pl\u00e1tanos en sus manos y que no est\u00e1 dispuesto a dar ni siquiera una simple fruta al hambriento que le implora? Puedo ver la ira fulgurando en vuestros ojos y el desprecio que viene a vuestros labios. Sabed entonces, que el <strong>Papalagi<\/strong> act\u00faa de este modo cada hora, cada d\u00eda. Incluso si tiene cien esteras, no dar\u00e1 siquiera una a su hermano que no tiene ninguna. No; \u00e9l incluso reprocha a su hermano por no tener ninguna. Si su choza est\u00e1 repleta de comida hasta el techo, tanta que \u00e9l y su aiga no se la pueden comer en a\u00f1os, no buscar\u00e1 a su hermano que no tiene nada para comer y se ve p\u00e1lido y hambriento. Y hay muchos <strong>Papalagi<\/strong> p\u00e1lidos y hambrientos.<\/span><\/p>\n<p style=\"text-align: justify;\"><span style=\"font-family: arial, helvetica, sans-serif; font-size: 14pt;\">La palmera, al madurar, deja caer hojas y frutas. Los <strong>Papalagi<\/strong> viven como las palmeras que retienen sus hojas y frutas y dicen: \u00ab<em>son m\u00edas<\/em>\u00bb.\u00bfC\u00f3mo podr\u00eda un \u00e1rbol como \u00e9se ni tan <em>siquiera <\/em>producir nueva fruta? Las palmeras son m\u00e1s sabias que los <strong>Papalagi<\/strong>.<\/span><\/p>\n<p style=\"text-align: justify;\"><span style=\"font-family: arial, helvetica, sans-serif; font-size: 14pt;\">Entre nosotros tambi\u00e9n existen aqu\u00e9llos que tienen m\u00e1s que otros y respetamos al jefe, que tienen muchas esteras y cerdos. <em><strong>Pero el respeto s\u00f3lo se aplica a esa persona y no a sus esteras y cerdos<\/strong><\/em>, porque fuimos nosotros mismos quienes se las dimos, para mostrar nuestra felicidad y para rendir honor a su gran sabidur\u00eda y valor. Pero los <strong>Papalagi<\/strong> respetan a sus hermanos por sus muchos cerdos y esteras, y nunca consideran su sabidur\u00eda. Un <strong>Papalagi<\/strong> sin cerdos o esteras rara vez o nunca es respetado.<\/span><\/p>\n<p style=\"text-align: justify;\"><span style=\"font-family: arial, helvetica, sans-serif; font-size: 14pt;\">Como los cerdos y esteras no caminan por s\u00ed mismos hacia los pobres y necesitados, el <strong>Papalagi<\/strong> no ve la raz\u00f3n por la que deber\u00eda \u00e9l mismo llevarlos a sus hermanos. Porque por su hermano no tiene respeto, s\u00f3lo por sus esteras y cerdos, y preferir\u00eda qued\u00e1rselos. Si \u00e9l amara y respetara a su hermano, y no viviera en conflicto sobre lo tuyo y lo m\u00edo, entonces le llevar\u00eda sus esteras para dividirlas y disfrutar su gran m\u00edo juntos, compartir\u00eda su propia estera, en lugar de perseguirle en la oscura noche.<\/span><\/p>\n<p style=\"text-align: justify;\"><span style=\"font-family: arial, helvetica, sans-serif; font-size: 14pt;\">Pero los <strong>Papalagi<\/strong> no se dan cuenta de que Dios nos ha dado palmeras, pl\u00e1tanos y nuestros preciosos taro, los p\u00e1jaros del bosque y todos los peces del mar, para la felicidad y disfrute de to<em>do el mundo. Y no s\u00f3lo para <\/em>unos <em>pocos, <\/em>mientras el resto sufre penalidades y necesidades. Aqu\u00e9llos que han sido bendecidos por Dios a manos llenas, deber\u00edan compartirlo con sus hermanos; de otro modo la fruta en sus manos se pudrir\u00e1. Porque Dios extiende su multitud de manos a todo el mundo. \u00c9l no quiere que uno tenga mucho m\u00e1s que otro, o que alguien diga: \u00ab<em>Estoy de pie bajo un rayo de sol y tu debes permanecer en la sombra<\/em>\u00bb. Todos nosotros pertenecemos al rayo de sol. Cuando Dios guarda todo en sus manos, no hay disputas y no hay necesidad. \u00a1Ahora los ingeniosos <strong>Papalagi<\/strong> quieren hacernos creer que nada pertenece a Dios! \u00a1Cualquier cosa que pod\u00e1is agarrar con vuestras manos os pertenece! Pero cerremos nuestras orejas a tal charla sin sentido y aferr\u00e9monos al sentido com\u00fan: todo pertenece a Dios.<\/span><\/p>\n<p>&nbsp;<\/p>\n<p><img loading=\"lazy\" decoding=\"async\" class=\"aligncenter wp-image-1154\" src=\"https:\/\/puntocritico.com\/ausajpuntocritico\/wp-content\/uploads\/2017\/02\/Los_papalagi_hacen_pobre_a_dios_10001.jpg\" alt=\"\" width=\"440\" height=\"292\" data-id=\"1154\" srcset=\"https:\/\/puntocritico.com\/ausajpuntocritico\/wp-content\/uploads\/2017\/02\/Los_papalagi_hacen_pobre_a_dios_10001.jpg 680w, https:\/\/puntocritico.com\/ausajpuntocritico\/wp-content\/uploads\/2017\/02\/Los_papalagi_hacen_pobre_a_dios_10001-300x199.jpg 300w, https:\/\/puntocritico.com\/ausajpuntocritico\/wp-content\/uploads\/2017\/02\/Los_papalagi_hacen_pobre_a_dios_10001-678x452.jpg 678w\" sizes=\"auto, (max-width: 440px) 100vw, 440px\" \/><\/p>\n<p style=\"text-align: center;\"><span style=\"font-size: 18pt;\">***<\/span><\/p>\n<blockquote>\n<p style=\"text-align: center;\"><span style=\"font-family: arial, helvetica, sans-serif; font-size: 14pt;\">(<a id=\"1\"><\/a>1) Gobernante, soberano. <\/span><\/p>\n<\/blockquote>\n<p style=\"text-align: center;\"><span style=\"font-family: arial, helvetica, sans-serif; font-size: 14pt;\"><strong>NOTA:<\/strong> <\/span><\/p>\n<p style=\"text-align: center;\"><span style=\"font-family: arial, helvetica, sans-serif; font-size: 14pt;\">Todo el que sepa que los <strong>samoanos<\/strong> viven en una sociedad de propiedad comunal, entender\u00e1 su desprecio por nuestras leyes sobre la propiedad. El concepto <em>m\u00edo-tuyo<\/em> es simplemente desconocido para ellos. Durante todos mis viajes, los nativos siempre compartieron conmigo su caba\u00f1a, estera, comida y todo, sin siquiera pensarlo dos veces. Las primeras palabras dichas por un jefe de poblado, a modo de saludo, ser\u00edan: \u00ab<em>todo lo que es m\u00edo te<\/em> pertenece\u00bb. El concepto de <em>robo<\/em> tambi\u00e9n es desconocido para los isle\u00f1os. Todo pertenece a todos y todo pertenece a Dios.<\/span><\/p>\n<p>&nbsp;<\/p>\n<p>&nbsp;<\/p>\n<p><img loading=\"lazy\" decoding=\"async\" class=\"aligncenter wp-image-1047\" src=\"https:\/\/puntocritico.com\/ausajpuntocritico\/wp-content\/uploads\/2017\/02\/Los_papalagi_no_tienen_tiempo_10002.jpg\" alt=\"\" width=\"360\" height=\"559\" data-id=\"1047\" srcset=\"https:\/\/puntocritico.com\/ausajpuntocritico\/wp-content\/uploads\/2017\/02\/Los_papalagi_no_tienen_tiempo_10002.jpg 634w, https:\/\/puntocritico.com\/ausajpuntocritico\/wp-content\/uploads\/2017\/02\/Los_papalagi_no_tienen_tiempo_10002-193x300.jpg 193w\" sizes=\"auto, (max-width: 360px) 100vw, 360px\" \/><\/p>\n<p><a href=\"https:\/\/puntocritico.com\/ausajpuntocritico\/author\/punto-critico\/\"><img loading=\"lazy\" decoding=\"async\" class=\"aligncenter wp-image-48\" src=\"https:\/\/puntocritico.com\/ausajpuntocritico\/wp-content\/uploads\/2016\/11\/Mosca_Punto_Cr\u00edtico_40.png\" alt=\"\" width=\"80\" height=\"80\" data-id=\"48\" \/><\/a><\/p>\n<p>&nbsp;<\/p>\n","protected":false},"excerpt":{"rendered":"<div class=\"mh-excerpt\"><p>LOS PAPALAGI NO TIENEN TIEMPO Los papalagi \u2013 Introducci\u00f3n *** LOS PAPALAGI NO TIENEN TIEMPO Ilustraciones de\u00a0Joost Swarte &nbsp; Los Papalagi tienen una manera extra\u00f1amente confusa de pensar. Siempre se est\u00e1n devanando los sesos, para <a class=\"mh-excerpt-more\" href=\"https:\/\/puntocritico.com\/ausajpuntocritico\/2022\/11\/27\/los-papalagi-discursos-de-tuiavii-de-tiavea-jefe-samoano-los-papalagi-no-tienen-tiempo-3\/\" title=\"LOS PAPALAGI NO TIENEN TIEMPO Los Papalagi. Discursos de Tuiavii de Tiavea, jefe Samoano\">[&#8230;]<\/a><\/p>\n<\/div>","protected":false},"author":3,"featured_media":1046,"comment_status":"open","ping_status":"closed","sticky":false,"template":"","format":"standard","meta":{"_acf_changed":false,"_exactmetrics_skip_tracking":false,"_exactmetrics_sitenote_active":false,"_exactmetrics_sitenote_note":"","_exactmetrics_sitenote_category":0,"footnotes":""},"categories":[10],"tags":[47],"class_list":{"0":"post-2257781","1":"post","2":"type-post","3":"status-publish","4":"format-standard","5":"has-post-thumbnail","7":"category-miscelanea","8":"tag-papalagi"},"acf":[],"_links":{"self":[{"href":"https:\/\/puntocritico.com\/ausajpuntocritico\/wp-json\/wp\/v2\/posts\/2257781","targetHints":{"allow":["GET"]}}],"collection":[{"href":"https:\/\/puntocritico.com\/ausajpuntocritico\/wp-json\/wp\/v2\/posts"}],"about":[{"href":"https:\/\/puntocritico.com\/ausajpuntocritico\/wp-json\/wp\/v2\/types\/post"}],"author":[{"embeddable":true,"href":"https:\/\/puntocritico.com\/ausajpuntocritico\/wp-json\/wp\/v2\/users\/3"}],"replies":[{"embeddable":true,"href":"https:\/\/puntocritico.com\/ausajpuntocritico\/wp-json\/wp\/v2\/comments?post=2257781"}],"version-history":[{"count":0,"href":"https:\/\/puntocritico.com\/ausajpuntocritico\/wp-json\/wp\/v2\/posts\/2257781\/revisions"}],"wp:featuredmedia":[{"embeddable":true,"href":"https:\/\/puntocritico.com\/ausajpuntocritico\/wp-json\/wp\/v2\/media\/1046"}],"wp:attachment":[{"href":"https:\/\/puntocritico.com\/ausajpuntocritico\/wp-json\/wp\/v2\/media?parent=2257781"}],"wp:term":[{"taxonomy":"category","embeddable":true,"href":"https:\/\/puntocritico.com\/ausajpuntocritico\/wp-json\/wp\/v2\/categories?post=2257781"},{"taxonomy":"post_tag","embeddable":true,"href":"https:\/\/puntocritico.com\/ausajpuntocritico\/wp-json\/wp\/v2\/tags?post=2257781"}],"curies":[{"name":"wp","href":"https:\/\/api.w.org\/{rel}","templated":true}]}}