{"id":2257467,"date":"2022-10-01T00:05:10","date_gmt":"2022-09-30T22:05:10","guid":{"rendered":"https:\/\/puntocritico.com\/ausajpuntocritico\/?p=2257467"},"modified":"2024-10-14T21:53:23","modified_gmt":"2024-10-14T19:53:23","slug":"the-trap-1-adam-curtis","status":"publish","type":"post","link":"https:\/\/puntocritico.com\/ausajpuntocritico\/2022\/10\/01\/the-trap-1-adam-curtis\/","title":{"rendered":"The Trap 1 &#8211; Fuck you Buddy! &#8211; Adam Curtis (subtitulado espa\u00f1ol) | Documental"},"content":{"rendered":"<blockquote>\n<h1 style=\"text-align: center;\">THE TRAP<\/h1>\n<h2 class=\"entry-title\" style=\"text-align: center;\"><strong><span style=\"font-size: 14pt;\">The Trap 1 \u2013 Fuck you Buddy! \u2013 Adam Curtis (subtitulado espa\u00f1ol) | Documental<\/span><\/strong><\/h2>\n<h2 class=\"mh-meta entry-meta\" style=\"text-align: center;\"><a href=\"https:\/\/puntocritico.com\/ausajpuntocritico\/2022\/10\/08\/the-trap-parte-2-the-lonely-robot-adam-curtis-documental-subtitulado\/\"><strong><span style=\"font-size: 14pt;\">THE TRAP parte 2 \u2013 The Lonely Robot \u2013 Adam Curtis (documental subt\u00edtulado)<\/span><\/strong><\/a><\/h2>\n<h2 class=\"entry-title\" style=\"text-align: center;\"><a href=\"https:\/\/puntocritico.com\/ausajpuntocritico\/2022\/10\/15\/the-trap-3-we-will-force-you-to-be-free-adam-curtis-documental-con-subtitulos-dos-conceptos-de-libertad-isaiah-berlin-por-leonardo-garcia-jaramillo\/\"><strong><span style=\"font-size: 14pt;\">The Trap 3 \u2013 We Will Force You to Be Free \u2013 Adam Curtis (documental con subtitulos) \/\/ \u2018Dos conceptos de libertad\u2019 (Isaiah Berlin), por Leonardo Garc\u00eda Jaramillo<\/span><\/strong><\/a><\/h2>\n<\/blockquote>\n<p>&nbsp;<\/p>\n<p><img loading=\"lazy\" decoding=\"async\" class=\"aligncenter wp-image-19369 size-mh-magazine-content\" src=\"https:\/\/puntocritico.com\/ausajpuntocritico\/wp-content\/uploads\/2019\/06\/CARTEL-THE-TRAP-350x381.jpg\" alt=\"\" width=\"350\" height=\"381\" data-id=\"19369\" \/><\/p>\n<p style=\"text-align: center;\"><span style=\"font-size: 18pt;\"><strong><span style=\"color: #008000;\">*******<\/span><\/strong><\/span><\/p>\n<h2 class=\"m_-5081771297964336536gmail-title m_-5081771297964336536gmail-style-scope m_-5081771297964336536gmail-ytd-video-primary-info-renderer\" style=\"text-align: center;\"><span class=\"m_-5081771297964336536gmail-style-scope m_-5081771297964336536gmail-ytd-video-primary-info-renderer\" style=\"font-size: 24pt;\">The Trap 1 &#8211; Fuck you Buddy! (2007)<\/span><\/h2>\n<h1 class=\"m_-5081771297964336536gmail-title m_-5081771297964336536gmail-style-scope m_-5081771297964336536gmail-ytd-video-primary-info-renderer\" style=\"text-align: center;\"><span class=\"m_-5081771297964336536gmail-style-scope m_-5081771297964336536gmail-ytd-video-primary-info-renderer\" style=\"font-size: 18pt; color: #008000;\">Documental de Adam Curtis<\/span><\/h1>\n<p style=\"text-align: center;\"><iframe loading=\"lazy\" src=\"https:\/\/mega.nz\/embed\/KM91XbTI#SCDECtKymn6xy_Twd216EUr_YVG35bYjAXBXdPBjzAY\" width=\"640\" height=\"360\" frameborder=\"0\" allowfullscreen=\"allowfullscreen\"><\/iframe><\/p>\n<h1 class=\"m_-5081771297964336536gmail-title m_-5081771297964336536gmail-style-scope m_-5081771297964336536gmail-ytd-video-primary-info-renderer\" style=\"text-align: justify;\"><span class=\"m_-5081771297964336536gmail-style-scope m_-5081771297964336536gmail-ytd-video-primary-info-renderer\" style=\"font-size: 18pt; color: #008000;\">\u00a0<\/span><\/h1>\n<p style=\"text-align: center;\"><span style=\"font-size: 14pt; color: #008000;\">\u2666\u2666\u2666\u2666\u2666<\/span><\/p>\n<h2 class=\"title entry-title\" style=\"text-align: center;\"><span style=\"font-size: 24pt;\">(Adam Curtis).-The trap\/Que fue de nuestro sue\u00f1o de libertad<\/span><\/h2>\n<p style=\"text-align: center;\"><em><strong><span style=\"font-size: 14pt;\">\u00abQue te den, compa\u00f1ero\u00bb. Primero de la serie de tres documentales de Adam Curtis \u00abLa trampa: qu\u00e9 fue de nuestro sue\u00f1o de libertad\u00bb, producidos por la BBC en 2007.\u00a0<\/span><\/strong><\/em><\/p>\n<p style=\"text-align: justify;\"><a href=\"http:\/\/filomasnou.blogspot.com\/2013\/10\/adam-curtis-trapque-fue-de-nuestro.html\" target=\"_blank\" rel=\"noopener\"><span style=\"font-size: 14pt;\">Filomasnou<\/span><\/a><\/p>\n<p><img loading=\"lazy\" decoding=\"async\" class=\"aligncenter wp-image-19368 size-mh-magazine-content\" src=\"https:\/\/puntocritico.com\/ausajpuntocritico\/wp-content\/uploads\/2019\/06\/the-trap-pt1-678x381.png\" alt=\"The Trap 1\" width=\"678\" height=\"381\" \/><\/p>\n<p>&nbsp;<\/p>\n<p style=\"text-align: center;\"><strong><span style=\"font-size: 14pt;\">Esta es la nota de presentaci\u00f3n que public\u00f3 la BBC cuando se estren\u00f3:<\/span><\/strong><\/p>\n<p><strong><span style=\"font-size: 14pt;\">LA TRAMPA, \u00bfQU\u00c9 FUE DE NUESTRO SUE\u00d1O DE LIBERTAD?<\/span><\/strong><\/p>\n<p style=\"text-align: justify;\">\n<span style=\"font-size: 14pt;\">Primer episodio. <strong>\u00ab<\/strong><u><b>Que te den, compa\u00f1ero<\/b><\/u><b>\u00ab<\/b>.<\/span><\/p>\n<p><span style=\"font-size: 14pt;\">La libertad individual es el sue\u00f1o de nuestro tiempo. Es lo que nuestros l\u00edderes prometen darnos, define c\u00f3mo nos vemos a nosotros mismos, y una y otra vez hemos ido a la guerra para imponerla por todo el mundo. Pero si damos un paso atr\u00e1s y pensamos en lo que significa la libertad para nosotros hoy en d\u00eda, vemos que es una libertad extra\u00f1a y limitada.<\/span><\/p>\n<p><span style=\"font-size: 14pt;\">Los pol\u00edticos prometieron liberarnos del peso muerto de la burocracia, pero en cambio han creado un sistema a\u00fan m\u00e1s controlador de gesti\u00f3n social gobernado por objetivos y cifras. Los gobiernos que se comprometieron a traer la libertad de elecci\u00f3n han presidido un aumento de la desigualdad y un dram\u00e1tico colapso de la movilidad social. Y en Irak y Afganist\u00e1n el intento de imponer la libertad provocaron un caos sangriento y el ascenso de un islamismo autoritario y antidemocr\u00e1tico. Esto, a su vez, contribuy\u00f3 a inspirar ataques terroristas en Europa. Como respuesta, nuestros gobiernos han derogado leyes concebidas hace mucho tiempo precisamente para proteger nuestra libertad.<\/span><\/p>\n<p><span style=\"font-size: 14pt;\">\u00abLa Trampa\u00bb es una serie de tres documentales del ganador de tres premios BAFTA Adam Curtis que explica el origen de esta idea estrecha idea actual de libertad. Muestra c\u00f3mo un modelo simplista de los seres humanos como criaturas ego\u00edstas, casi rob\u00f3ticas, condujo a la idea actual de libertad. Este modelo surgi\u00f3 a partir de ideas y t\u00e9cnicas desarrolladas por los estrategas nucleares durante la Guerra Fr\u00eda para intentar controlar al enemigo sovi\u00e9tico.<\/span><\/p>\n<p><span style=\"font-size: 14pt;\">Matem\u00e1ticos como John Nash desarrollaron teor\u00edas paranoicas de los juegos cuyas ecuaciones requer\u00edan considerar a las personas como criaturas ego\u00edstas y aisladas que se vigilan y desconf\u00edan unas de otras constantemente, buscando su propio beneficio en todo momento.<\/span><\/p>\n<p><span style=\"font-size: 14pt;\">Posteriormente este modelo fue desarrollado por bi\u00f3logos genetistas, antrop\u00f3logos, psiquiatras radicales y economistas del mercado libre, y ha llegado a dominar no solo el pensamiento pol\u00edtico desde los a\u00f1os 70, sino la forma en que nos vemos a nosotros mismos como seres humanos.<\/span><\/p>\n<p><span style=\"font-size: 14pt;\">Pero en esta visi\u00f3n simplista del individuo se encuentran las semillas de nuevas formas de control. Y lo que hemos olvidado es que hay otros conceptos de libertad. Nos encontramos, dice Curtis, en una trampa que hemos montado nosotros mismos y que nos controla, nos arrebata todo significado y causa la muerte y el caos en todo el mundo.<\/span><\/p>\n<p style=\"text-align: justify;\"><span style=\"font-size: 14pt;\"><b>\u00abEl robot solitario\u00bb.<\/b>\u00a0Segundo de la serie de tres documentales de Adam Curtis \u00abLa trampa: qu\u00e9 fue de nuestro sue\u00f1o de libertad\u00bb, CON SUBT\u00cdTULOS COMPLETAMENTE REHECHOS Y VERIFICADOS. Este programa sigue desarrollando las ideas planteadas en el primero, pero hay de todo, Prozac, los yanomami, gen\u00e9tica (ego\u00edsta), antropolog\u00eda, sociolog\u00eda, econom\u00eda, historia&#8230; y ese sutil y algo siniestro sentido del humor.\u00a0<\/span><\/p>\n<p><span style=\"font-size: 14pt;\"><b>\u00abTe obligaremos a ser libre\u00bb.<\/b>\u00a0Tercero y \u00faltimo de la serie de documentales de Adam Curtis \u00abLa trampa: qu\u00e9 fue de nuestro sue\u00f1o de libertad\u00bb, CON SUBT\u00cdTULOS COMPLETAMENTE REHECHOS Y VERIFICADOS. Este \u00faltimo documental se centra en los conceptos de libertad positiva y negativa introducidos por Isaiah Berlin en los a\u00f1os 50, las revoluciones \u00abpositivas\u00bb inspiradas por Frantz Fanon y Sartre, y los intentos estadounidenses y brit\u00e1nicos de imponer la libertad negativa en Rusia, Irak, etc.Para m\u00ed, el m\u00e1s inspirador de los tres, creo que cierra magistralmente la serie con una emocionante denuncia de c\u00f3mo se ha manipulado y domesticado nuestra idea de libertad.<\/span><\/p>\n<p>&nbsp;<\/p>\n<p><a href=\"https:\/\/puntocritico.com\/ausajpuntocritico\/2017\/10\/28\/hipernormalization-adam-curtis\/\"><img loading=\"lazy\" decoding=\"async\" class=\"aligncenter wp-image-6316\" src=\"https:\/\/puntocritico.com\/ausajpuntocritico\/wp-content\/uploads\/2017\/10\/Adam-Curtis-Guettos-de-informacion-tuiter-preso-1.jpg\" alt=\"\" width=\"480\" height=\"270\" data-id=\"6316\" srcset=\"https:\/\/puntocritico.com\/ausajpuntocritico\/wp-content\/uploads\/2017\/10\/Adam-Curtis-Guettos-de-informacion-tuiter-preso-1.jpg 678w, https:\/\/puntocritico.com\/ausajpuntocritico\/wp-content\/uploads\/2017\/10\/Adam-Curtis-Guettos-de-informacion-tuiter-preso-1-300x169.jpg 300w\" sizes=\"auto, (max-width: 480px) 100vw, 480px\" \/><\/a><\/p>\n<p style=\"text-align: center;\"><span style=\"font-size: 14pt; color: #008000;\">\u2666\u2666\u2666\u2666\u2666<\/span><\/p>\n<p>&nbsp;<\/p>\n<p><span style=\"font-size: 14pt;\"><strong>FICHA TECNICA:\u00a0<\/strong><\/span><\/p>\n<p><img loading=\"lazy\" decoding=\"async\" class=\"size-medium wp-image-19369 alignleft\" src=\"https:\/\/puntocritico.com\/ausajpuntocritico\/wp-content\/uploads\/2019\/06\/CARTEL-THE-TRAP-204x300.jpg\" alt=\"\" width=\"204\" height=\"300\" srcset=\"https:\/\/puntocritico.com\/ausajpuntocritico\/wp-content\/uploads\/2019\/06\/CARTEL-THE-TRAP-204x300.jpg 204w, https:\/\/puntocritico.com\/ausajpuntocritico\/wp-content\/uploads\/2019\/06\/CARTEL-THE-TRAP.jpg 350w\" sizes=\"auto, (max-width: 204px) 100vw, 204px\" \/>T\u00edtulo original\u00a0 The Trap: What Happened to Our Dream of Freedom<\/p>\n<p>A\u00f1o 2007 Duraci\u00f3n 180 min Pa\u00eds \u00a0Reino Unido<\/p>\n<p>Direcci\u00f3n <span class=\"director\">Adam Curtis <\/span><\/p>\n<p>Guion\u00a0<span class=\"nb\">Adam Curtis<\/span><\/p>\n<p>Reparto <span class=\"cast\">Documentary <\/span><\/p>\n<p>Productora\u00a0 <span class=\"nb\">British Broadcasting Corporation (BBC)<\/span><\/p>\n<p>G\u00e9nero \u00a0Documental<\/p>\n<p>Sinopsis Trabajo del realizador brit\u00e1nico Adam Curtis. Explica los or\u00edgenes de nuestra idea actual y limitada de la libertad. La miniserie consta de 3 episodios y fueron emitidos en la BBC. (<a href=\"https:\/\/www.filmaffinity.com\/es\/film866882.html\" target=\"_blank\" rel=\"noopener\">FILMAFFINITY<\/a>)<\/p>\n<p style=\"text-align: center;\"><span style=\"color: #008000; font-size: 18pt;\">*******<\/span><\/p>\n<h2 style=\"text-align: center;\"><span style=\"font-size: 18pt;\"><strong>THE TRAP<\/strong><\/span><\/h2>\n<figure id=\"attachment_19371\" aria-describedby=\"caption-attachment-19371\" style=\"width: 555px\" class=\"wp-caption aligncenter\"><img loading=\"lazy\" decoding=\"async\" class=\"wp-image-19371\" src=\"https:\/\/puntocritico.com\/ausajpuntocritico\/wp-content\/uploads\/2019\/06\/TRAP-ADAM-CURTIS.jpg\" alt=\"\" width=\"555\" height=\"366\" data-id=\"19371\" \/><figcaption id=\"caption-attachment-19371\" class=\"wp-caption-text\"><span style=\"color: #008000;\">Picture shows: The Trap is a series of three films by Bafta-winning producer Adam Curtis that explains the origins of our contemporary, narrow idea of freedom.<\/span><br \/>\n<span style=\"color: #008000;\">It shows how a simplistic model of human beings as self-seeking, almost robotic, creatures led to today&#8217;s idea of freedom. This model was derived from ideas and techniques developed by nuclear strategists during the Cold War to control the behaviour of the Soviet enemy.<\/span><br \/>\n<span style=\"color: #008000;\">Tx: BBC Two &#8211; 11 March 2007<\/span><\/figcaption><\/figure>\n<p>&nbsp;<\/p>\n<p style=\"text-align: justify;\"><span style=\"font-size: 14pt;\"><strong>The Trap 1 &#8211; Fuck you Buddy! &#8211; Adam Curtis (subtitulado espa\u00f1ol) | Documental<\/strong><\/span><\/p>\n<p class=\"entry-title\" style=\"text-align: justify;\"><a href=\"https:\/\/puntocritico.com\/ausajpuntocritico\/2019\/06\/22\/the-trap-2-the-lonely-robot-adam-curtis-documental-con-subtitulos\/\"><strong><span style=\"font-size: 14pt;\">THE TRAP, parte 2 \u2013 The Lonely Robot \u2013 Adam Curtis (documental subt\u00edtulado)<\/span><\/strong><\/a><\/p>\n<p class=\"entry-title\" style=\"text-align: justify;\"><a href=\"https:\/\/puntocritico.com\/ausajpuntocritico\/2019\/06\/29\/the-trap-3-we-will-force-you-to-be-free-adam-curtis-documental-con-subtitulos\/\"><span style=\"font-size: 14pt;\"><strong>The Trap 3 \u2013 We Will Force You to Be Free \u2013 Adam Curtis (documental con subtitulos) \/\/ \u2018Dos conceptos de libertad\u2019 (Isaiah Berlin), por Leonardo Garc\u00eda Jaramillo<\/strong><\/span><\/a><\/p>\n<p class=\"mh-meta entry-meta\">\u00a0<\/p>\n<figure id=\"attachment_2208697\" aria-describedby=\"caption-attachment-2208697\" style=\"width: 360px\" class=\"wp-caption aligncenter\"><img loading=\"lazy\" decoding=\"async\" class=\"wp-image-2208697\" src=\"https:\/\/puntocritico.com\/ausajpuntocritico\/wp-content\/uploads\/2021\/05\/adam-curtis-1-300x116.jpg\" alt=\"\" width=\"360\" height=\"140\" data-id=\"2208697\" srcset=\"https:\/\/puntocritico.com\/ausajpuntocritico\/wp-content\/uploads\/2021\/05\/adam-curtis-1-300x116.jpg 300w, https:\/\/puntocritico.com\/ausajpuntocritico\/wp-content\/uploads\/2021\/05\/adam-curtis-1-1024x397.jpg 1024w, https:\/\/puntocritico.com\/ausajpuntocritico\/wp-content\/uploads\/2021\/05\/adam-curtis-1-768x298.jpg 768w, https:\/\/puntocritico.com\/ausajpuntocritico\/wp-content\/uploads\/2021\/05\/adam-curtis-1-610x236.jpg 610w, https:\/\/puntocritico.com\/ausajpuntocritico\/wp-content\/uploads\/2021\/05\/adam-curtis-1.jpg 1200w\" sizes=\"auto, (max-width: 360px) 100vw, 360px\" \/><figcaption id=\"caption-attachment-2208697\" class=\"wp-caption-text\"><span style=\"color: #008000;\">Adam Curtis<\/span><\/figcaption><\/figure>\n<p style=\"text-align: center;\"><span style=\"color: #008000; font-size: 18pt;\">*******<\/span><\/p>\n<blockquote class=\"wp-embedded-content\" data-secret=\"gl96IWrMxQ\"><p><a href=\"https:\/\/puntocritico.com\/ausajpuntocritico\/2021\/09\/16\/desinformacion-por-que-el-efecto-contraproducente-no-explica-la-durabilidad-de-las-percepciones-politicas-erroneas\/\">DESINFORMACI\u00d3N: \u00bfPor qu\u00e9 el &#8220;Efecto Contraproducente&#8221; no explica la durabilidad de las percepciones pol\u00edticas err\u00f3neas?<\/a><\/p><\/blockquote>\n<p><iframe loading=\"lazy\" class=\"wp-embedded-content\" sandbox=\"allow-scripts\" security=\"restricted\" style=\"position: absolute; visibility: hidden;\" title=\"\u00abDESINFORMACI\u00d3N: \u00bfPor qu\u00e9 el &#8220;Efecto Contraproducente&#8221; no explica la durabilidad de las percepciones pol\u00edticas err\u00f3neas?\u00bb \u2014 Punto Cr\u00edtico Derechos Humanos\" src=\"https:\/\/puntocritico.com\/ausajpuntocritico\/2021\/09\/16\/desinformacion-por-que-el-efecto-contraproducente-no-explica-la-durabilidad-de-las-percepciones-politicas-erroneas\/embed\/#?secret=m1ywf29jRe#?secret=gl96IWrMxQ\" data-secret=\"gl96IWrMxQ\" width=\"500\" height=\"282\" frameborder=\"0\" marginwidth=\"0\" marginheight=\"0\" scrolling=\"no\"><\/iframe><\/p>\n<p>&nbsp;<\/p>\n<p><a href=\"https:\/\/puntocritico.com\/author\/punto-critico\/\"><img loading=\"lazy\" decoding=\"async\" class=\"aligncenter wp-image-48\" src=\"https:\/\/puntocritico.com\/ausajpuntocritico\/wp-content\/uploads\/2016\/11\/Mosca_Punto_Cr\u00edtico_40.png\" alt=\"\" width=\"80\" height=\"80\" \/><\/a><\/p>\n<p>&nbsp;<\/p>\n","protected":false},"excerpt":{"rendered":"<div class=\"mh-excerpt\"><p>THE TRAP The Trap 1 \u2013 Fuck you Buddy! \u2013 Adam Curtis (subtitulado espa\u00f1ol) | Documental THE TRAP parte 2 \u2013 The Lonely Robot \u2013 Adam Curtis (documental subt\u00edtulado) The Trap 3 \u2013 We Will <a class=\"mh-excerpt-more\" href=\"https:\/\/puntocritico.com\/ausajpuntocritico\/2022\/10\/01\/the-trap-1-adam-curtis\/\" title=\"The Trap 1 &#8211; Fuck you Buddy! &#8211; Adam Curtis (subtitulado espa\u00f1ol) | Documental\">[&#8230;]<\/a><\/p>\n<\/div>","protected":false},"author":3,"featured_media":19370,"comment_status":"open","ping_status":"closed","sticky":false,"template":"","format":"standard","meta":{"_acf_changed":false,"_exactmetrics_skip_tracking":false,"_exactmetrics_sitenote_active":false,"_exactmetrics_sitenote_note":"","_exactmetrics_sitenote_category":0,"footnotes":""},"categories":[10],"tags":[133],"class_list":{"0":"post-2257467","1":"post","2":"type-post","3":"status-publish","4":"format-standard","5":"has-post-thumbnail","7":"category-miscelanea","8":"tag-adam-curtis"},"acf":[],"_links":{"self":[{"href":"https:\/\/puntocritico.com\/ausajpuntocritico\/wp-json\/wp\/v2\/posts\/2257467","targetHints":{"allow":["GET"]}}],"collection":[{"href":"https:\/\/puntocritico.com\/ausajpuntocritico\/wp-json\/wp\/v2\/posts"}],"about":[{"href":"https:\/\/puntocritico.com\/ausajpuntocritico\/wp-json\/wp\/v2\/types\/post"}],"author":[{"embeddable":true,"href":"https:\/\/puntocritico.com\/ausajpuntocritico\/wp-json\/wp\/v2\/users\/3"}],"replies":[{"embeddable":true,"href":"https:\/\/puntocritico.com\/ausajpuntocritico\/wp-json\/wp\/v2\/comments?post=2257467"}],"version-history":[{"count":0,"href":"https:\/\/puntocritico.com\/ausajpuntocritico\/wp-json\/wp\/v2\/posts\/2257467\/revisions"}],"wp:featuredmedia":[{"embeddable":true,"href":"https:\/\/puntocritico.com\/ausajpuntocritico\/wp-json\/wp\/v2\/media\/19370"}],"wp:attachment":[{"href":"https:\/\/puntocritico.com\/ausajpuntocritico\/wp-json\/wp\/v2\/media?parent=2257467"}],"wp:term":[{"taxonomy":"category","embeddable":true,"href":"https:\/\/puntocritico.com\/ausajpuntocritico\/wp-json\/wp\/v2\/categories?post=2257467"},{"taxonomy":"post_tag","embeddable":true,"href":"https:\/\/puntocritico.com\/ausajpuntocritico\/wp-json\/wp\/v2\/tags?post=2257467"}],"curies":[{"name":"wp","href":"https:\/\/api.w.org\/{rel}","templated":true}]}}