{"id":2256569,"date":"2022-09-17T00:05:46","date_gmt":"2022-09-16T22:05:46","guid":{"rendered":"https:\/\/puntocritico.com\/ausajpuntocritico\/?p=2256569"},"modified":"2024-09-20T16:11:59","modified_gmt":"2024-09-20T14:11:59","slug":"memoria-del-saqueo-documental-de-pino-solanas-2","status":"publish","type":"post","link":"https:\/\/puntocritico.com\/ausajpuntocritico\/2022\/09\/17\/memoria-del-saqueo-documental-de-pino-solanas-2\/","title":{"rendered":"MEMORIA DEL SAQUEO, documental de Pino Solanas"},"content":{"rendered":"<div class=\"antetitulo\" style=\"text-align: justify;\"><span style=\"font-size: 14pt; color: #008000;\">MEMORIA DEL SAQUEO<\/span><\/div>\n<div>\u00a0<\/div>\n<blockquote>\n<h1 style=\"text-align: center;\"><span style=\"font-size: 24pt;\">COOPERATIVAS DE TRABAJADORES: \u00bfUNA ALTERNATIVA AL CAPITALISMO?<\/span><\/h1>\n<p style=\"text-align: center;\"><span style=\"font-size: 14pt;\"><em>Potencialidades y l\u00edmites de esta forma de producci\u00f3n<\/em><\/span><\/p>\n<p style=\"text-align: left;\">Por CARLOS RAFAEL RODR\u00cdGUEZ<\/p>\n<p style=\"text-align: justify;\"><span style=\"font-size: 12pt; color: #339966;\">Art\u00edculo publicado el 7 de febrero de 2018 en:<\/span><\/p>\n<p style=\"text-align: justify;\"><span style=\"color: #339966; font-size: 12pt;\"><a style=\"color: #339966;\" href=\"http:\/\/canarias-semanal.org\/not\/22004\/-son-las-cooperativas-de-trabajadores-una-alternativa-al-capitalismo-\/\" target=\"_blank\" rel=\"noopener\">http:\/\/canarias-semanal.org\/not\/22004\/-son-las-cooperativas-de-trabajadores-una-alternativa-al-capitalismo-\/<\/a><\/span><\/p>\n<p>&nbsp;<\/p>\n<p style=\"text-align: justify;\"><a href=\"https:\/\/puntocritico.com\/ausajpuntocritico\/wp-content\/uploads\/2018\/02\/img_52734.jpg\" rel=\"lightbox[2256569]\"><img loading=\"lazy\" decoding=\"async\" class=\"aligncenter size-full wp-image-8965\" src=\"https:\/\/puntocritico.com\/ausajpuntocritico\/wp-content\/uploads\/2018\/02\/img_52734.jpg\" alt=\"\" width=\"670\" height=\"400\" srcset=\"https:\/\/puntocritico.com\/ausajpuntocritico\/wp-content\/uploads\/2018\/02\/img_52734.jpg 670w, https:\/\/puntocritico.com\/ausajpuntocritico\/wp-content\/uploads\/2018\/02\/img_52734-300x179.jpg 300w\" sizes=\"auto, (max-width: 670px) 100vw, 670px\" \/><\/a><\/p>\n<p>&nbsp;<\/p>\n<p style=\"text-align: justify;\"><span style=\"font-size: 14pt;\">En una econom\u00eda capitalista las cooperativas de trabajadores enfrentan obst\u00e1culos enormes para el logro de sus objetivos. Para ellas se convierte en una meta\u00a0 casi inalcanzable romper con la l\u00f3gica imperante del mercado y resistir la tentaci\u00f3n de reproducir sus mecanismos\u00a0 para poder sobrevivir.<\/span><\/p>\n<p style=\"text-align: justify;\"><span style=\"font-size: 14pt;\">Esta es precisamente la situaci\u00f3n a la que se enfrentan en Argentina las \u00abcooperativas de ahorro y cr\u00e9dito\u00bb, seg\u00fan el articulista\u00a0<strong>Jos\u00e9 Yorg<\/strong>.<\/span><\/p>\n<p style=\"text-align: justify;\"><span style=\"font-size: 14pt;\">Seg\u00fan revela Yorg en su trabajo\u00a0<em>\u201cLos desaf\u00edos de las cooperativas de ahorro y cr\u00e9dito ante la arremetida neoliberal financiera\u201d<\/em>,\u00a0<em>\u201cel dinamismo de la actividad econ\u00f3mica mundial bajo los designios crecientes de la actividad financiera [\u2026] ejerce una influencia demoledora en las estructuras productivas y econ\u00f3mica de los pueblos\u201d.<\/em><\/span><\/p>\n<p style=\"text-align: justify;\"><span style=\"font-size: 14pt;\">Para el analista,\u00a0<em>\u201cresulta necesario abrir canales de reflexi\u00f3n, estudio y debate sobre la naturaleza y caracter\u00edstica del funcionamiento y tendencia de esta arremetida neoliberal financiera como primera actitud para conocer en profundidad a lo que se enfrentan dichas cooperativas\u201d.<\/em><\/span><\/p>\n<p style=\"text-align: justify;\"><span style=\"font-size: 14pt;\">Para hacerlo &#8211; se\u00f1ala- hay que considerar tambi\u00e9n\u00a0<em>\u201calgunos indicios ciertos y concretos\u00bb que se dan en diferentes pa\u00edses de Latinoam\u00e9rica<\/em><em>\u00a0con el\u00a0<\/em>ataque gubernamental contras las cooperativas por la v\u00eda de los impuestos, con el que se pretende llevarlas a la ruina, despu\u00e9s muchos particulares depositaran sus esperanzas en ellas tras sufrir nefastas experiencias con los bancos.<\/span><\/p>\n<p style=\"text-align: justify;\"><span style=\"font-size: 14pt;\">En este sentido, record\u00f3 la experiencia de\u00a0<strong>Argentina,\u00a0<\/strong>cuando se estableci\u00f3 la restricci\u00f3n de la libre disposici\u00f3n del dinero de los depositantes \u2013 medida que se denomin\u00f3 \u201ccorralito\u201d- que bien podr\u00eda volver a suceder.<\/span><\/p>\n<p style=\"text-align: justify;\"><span style=\"font-size: 14pt;\">Es evidente, en cualquier caso,\u00a0 que la posibilidad real de superar el capitalismo depende de la existencia un proyecto pol\u00edtico revolucionario de transformaci\u00f3n integral de la sociedad. Sin dicho proyecto, en muchos casos las cooperativas\u00a0\u00a0terminan transitando \u201cen la direcci\u00f3n de las empresas capitalistas m\u00e1s convencionales, contratando a trabajadores no-socios como una forma de expandir la producci\u00f3n en lugar de expandirse mediante la plena incorporaci\u00f3n de socios\u00bb.\u00a0 Por otro lado, y transcurrido un tiempo, muchos de quienes laboran como socios en la cooperativa, acaban vi\u00e9ndola como un medio de vida similar al que se ofrece en el marco de una empresa cualquiera y no como un medio de ir construyendo un germen de sociedad futura.<\/span><\/p>\n<p style=\"text-align: justify;\"><span style=\"font-size: 14pt;\">Las cooperativas aisladas, en definitiva, no\u00a0\u00a0constituyen una fuerza capaz de subertir el el sistema. Su papel, sin embargo, no debe ser subestimado.\u00a0 Ante todo, por su car\u00e1cter \u00a0defensivo contra el cierre de f\u00e1bricas y los despidos por parte de la patronal. Pero tambi\u00e9n como instrumento que, aun con todas sus limitaciones, puede contribuir a la\u00a0concienciaci\u00f3n de la clase trabajadora en la lucha por la construcci\u00f3n de una verdadera sociedad socialista, que no ser\u00e1 posible sin la lucha revolucionaria contra el conjunto de los patrones-empresarios y contra el Estado que defiende sus intereses.<\/span><\/p>\n<\/blockquote>\n<p style=\"text-align: center;\"><span style=\"font-size: 14pt;\">\u2666<span style=\"color: #008000;\">\u2666<\/span>\u2666<span style=\"color: #008000;\">\u2666<\/span>\u2666<span style=\"color: #008000;\">\u2666<\/span>\u2666<\/span><\/p>\n<h2 style=\"text-align: center;\"><span style=\"color: #008000;\"><strong><span style=\"font-size: 18pt;\">MEMORIA DEL SAQUEO<\/span><\/strong><\/span><\/h2>\n<p style=\"text-align: center;\"><span style=\"color: #008000;\"><strong><span style=\"font-size: 18pt;\">DOCUMENTAL\u00a0 DE\u00a0 FERNANDO E. SOLANAS<\/span><\/strong><\/span><\/p>\n<div style=\"text-align: center;\">\u00a0<\/div>\n<div style=\"text-align: center;\"><iframe loading=\"lazy\" src=\"https:\/\/mega.nz\/embed\/OYNnjaBZ#wT7bmMU2rtzk25mD4muuUSmOEaJJsHaj3G_1LmYzQcY\" width=\"640\" height=\"360\" frameborder=\"0\" allowfullscreen=\"allowfullscreen\"><\/iframe><\/div>\n<p>&nbsp;<\/p>\n<p style=\"text-align: center;\"><span style=\"color: #008000;\"><strong><span style=\"font-size: 18pt;\">*******<\/span><\/strong><\/span><\/p>\n<figure id=\"attachment_2256579\" aria-describedby=\"caption-attachment-2256579\" style=\"width: 480px\" class=\"wp-caption aligncenter\"><a href=\"https:\/\/www.bbc.com\/mundo\/noticias-54854653\" target=\"_blank\" rel=\"noopener\"><img loading=\"lazy\" decoding=\"async\" class=\"wp-image-2256579\" src=\"https:\/\/puntocritico.com\/ausajpuntocritico\/wp-content\/uploads\/2022\/09\/Pino-Solanas-300x200.jpg\" alt=\"\" width=\"480\" height=\"320\" data-id=\"2256579\" srcset=\"https:\/\/puntocritico.com\/ausajpuntocritico\/wp-content\/uploads\/2022\/09\/Pino-Solanas-300x200.jpg 300w, https:\/\/puntocritico.com\/ausajpuntocritico\/wp-content\/uploads\/2022\/09\/Pino-Solanas-1024x682.jpg 1024w, https:\/\/puntocritico.com\/ausajpuntocritico\/wp-content\/uploads\/2022\/09\/Pino-Solanas-768x512.jpg 768w, https:\/\/puntocritico.com\/ausajpuntocritico\/wp-content\/uploads\/2022\/09\/Pino-Solanas-1536x1024.jpg 1536w, https:\/\/puntocritico.com\/ausajpuntocritico\/wp-content\/uploads\/2022\/09\/Pino-Solanas-610x407.jpg 610w, https:\/\/puntocritico.com\/ausajpuntocritico\/wp-content\/uploads\/2022\/09\/Pino-Solanas-1320x880.jpg 1320w, https:\/\/puntocritico.com\/ausajpuntocritico\/wp-content\/uploads\/2022\/09\/Pino-Solanas.jpg 2000w\" sizes=\"auto, (max-width: 480px) 100vw, 480px\" \/><\/a><figcaption id=\"caption-attachment-2256579\" class=\"wp-caption-text\"><a href=\"https:\/\/www.bbc.com\/mundo\/noticias-54854653\" target=\"_blank\" rel=\"noopener\"><span style=\"color: #008000;\">Fernando Ezequiel Solanas, m\u00e1s conocido como Pino Solanas, referente del cine pol\u00edtico en Argentina, fallecido en noviembre de 2020<\/span><\/a><\/figcaption><\/figure>\n<p style=\"text-align: center;\"><span style=\"color: #008000;\"><strong><span style=\"font-size: 18pt;\">*******<\/span><\/strong><\/span><\/p>\n<h2 style=\"text-align: center;\"><strong><span style=\"font-size: 18pt;\">MEMORIA DEL SAQUEO<\/span><\/strong><\/h2>\n<p>&nbsp;<\/p>\n<p>&nbsp;<\/p>\n<p><strong>Sinopsis<\/strong><\/p>\n<p style=\"text-align: justify;\">A partir de la instauraci\u00f3n de la dictadura militar, el pueblo argentino tuvo que afrontar una de las peores crisis econ\u00f3micas y sociales vividas en un periodo de paz por un pa\u00eds potencialmente pr\u00f3spero. La exorbitante deuda nacional, el inhumano ultraliberalismo, la desenfrenada corrupci\u00f3n pol\u00edtica y financiera y el expolio regular de los bienes p\u00fablicos fueron las principales consecuencias. Y todo ello fue posible gracias al apoyo de las multinacionales occidentales y la complicidad de los organismos internacionales. La pol\u00edtica de \u00abtierra quemada\u00bb, puesta en pr\u00e1ctica por Carlos Menem, ha conducido al pa\u00eds a un abismo de hambre, miseria y enfermedad que casi equivale a un genocidio social. (FILMAFFINITY)<\/p>\n<p>&nbsp;<\/p>\n<p>T\u00edtulo original<\/p>\n<p>Memoria del saqueo<a href=\"https:\/\/puntocritico.com\/ausajpuntocritico\/wp-content\/uploads\/2018\/02\/memoria_del_saqueo-496237888-mmed.jpg\" rel=\"lightbox[2256569]\"><img loading=\"lazy\" decoding=\"async\" class=\"alignright wp-image-8966\" src=\"https:\/\/puntocritico.com\/ausajpuntocritico\/wp-content\/uploads\/2018\/02\/memoria_del_saqueo-496237888-mmed.jpg\" alt=\"MEMORIA DEL SAQUEO\" width=\"260\" height=\"370\" \/><\/a><\/p>\n<p>A\u00f1o<\/p>\n<p>2004<\/p>\n<p>Duraci\u00f3n<\/p>\n<p>118 min.<\/p>\n<p>Pa\u00eds<\/p>\n<p><span id=\"country-img\"><img decoding=\"async\" title=\"Argentina\" src=\"https:\/\/www.filmaffinity.com\/imgs\/countries\/AR.jpg\" alt=\"Argentina\" \/><\/span>\u00a0Argentina<\/p>\n<p>Direcci\u00f3n<\/p>\n<p>Fernando E. Solanas<\/p>\n<p>Guion<\/p>\n<p>Fernando E. Solanas<\/p>\n<p>M\u00fasica<\/p>\n<p>Gerardo Gandini<\/p>\n<p>Reparto<\/p>\n<p>Documentary<\/p>\n<p>Productora<\/p>\n<p>Cinesur<\/p>\n<p>G\u00e9nero<\/p>\n<p>Documental<\/p>\n<p>Premios<\/p>\n<p>2004: Festival de Mar del Plata: Secci\u00f3n oficial de largometrajes<\/p>\n<p>&nbsp;<\/p>\n<p style=\"text-align: center;\"><span style=\"font-size: 14pt;\">\u2666<span style=\"color: #008000;\">\u2666<\/span>\u2666<span style=\"color: #008000;\">\u2666<\/span>\u2666<\/span><\/p>\n<p><strong>IMAGEN PORTADA<\/strong>: Carlos Menem detenido el 8 de junio de 2001, convirti\u00e9ndose en el primer presidente constitucional que qued\u00f3 preso durante un gobierno democr\u00e1tico.<\/p>\n<p>&nbsp;<\/p>\n<p style=\"text-align: center;\"><span style=\"font-size: 18pt;\"><strong><span style=\"color: #008000;\">*******<\/span><\/strong><\/span><\/p>\n<p style=\"text-align: center;\"><a href=\"https:\/\/es.wikipedia.org\/wiki\/Pino_Solanas\" target=\"_blank\" rel=\"noopener\"><strong><span style=\"font-size: 18pt;\">Pino Solanas<\/span><\/strong><\/a><\/p>\n<p><a href=\"https:\/\/es.wikipedia.org\/wiki\/Pino_Solanas\" target=\"_blank\" rel=\"noopener\"><img loading=\"lazy\" decoding=\"async\" class=\"size-full wp-image-2256578 aligncenter\" src=\"https:\/\/puntocritico.com\/ausajpuntocritico\/wp-content\/uploads\/2022\/09\/Pino-Solanas-bn.jpg\" alt=\"\" width=\"273\" height=\"185\" data-id=\"2256578\" \/><\/a><\/p>\n<p>&nbsp;<\/p>\n<blockquote>\n<p style=\"text-align: center;\"><span style=\"font-size: 14pt;\">Fernando Ezequiel Solanas (Olivos, 16 de febrero de 1936-Par\u00eds, 6 de noviembre de 2020), m\u00e1s conocido como Pino Solanas, fue un director de cine y pol\u00edtico argentino. Entre sus obras se destacan La hora de los hornos (1968) codirigida con Octavio Getino, El exilio de Gardel (Tangos) (1985) y \u201cSur\u201d (1988) con la cu\u00e1l se convirti\u00f3 en el \u00fanico director argentino hasta la fecha, en ser elegido mejor director en Cannes con un largometraje. Culmin\u00f3 su \u00faltimo film, aunque no pudo ver su estreno en salas, \u201cTres en la deriva del acto creativo\u201d fue estrenado en 2021 en la apertura del Festival Internacional de cine de Mar del Plata y en Cannes en la categor\u00eda Cannes Classics. Es considerado uno de los cineastas m\u00e1s importantes de la historia del cine argentino. Como pol\u00edtico fue un referente del movimiento Proyecto Sur y fue elegido diputado en 2009 y senador en 2013, por el distrito de la Ciudad Aut\u00f3noma de Buenos Aires. En julio de 2020 fue nombrado embajador de Argentina ante la Unesco\u200b hasta su fallecimiento en noviembre a causa del COVID-19.5<\/span><\/p>\n<\/blockquote>\n<p>&nbsp;<\/p>\n<p><img loading=\"lazy\" decoding=\"async\" class=\"size-medium wp-image-8988 aligncenter\" src=\"https:\/\/puntocritico.com\/ausajpuntocritico\/wp-content\/uploads\/2018\/02\/carlos-menem-detenido-PAINT-300x169.jpg\" alt=\"\" width=\"300\" height=\"169\" data-id=\"8988\" srcset=\"https:\/\/puntocritico.com\/ausajpuntocritico\/wp-content\/uploads\/2018\/02\/carlos-menem-detenido-PAINT-300x169.jpg 300w, https:\/\/puntocritico.com\/ausajpuntocritico\/wp-content\/uploads\/2018\/02\/carlos-menem-detenido-PAINT.jpg 678w\" sizes=\"auto, (max-width: 300px) 100vw, 300px\" \/><\/p>\n<div style=\"text-align: center;\"><strong><span style=\"color: #008000; font-size: 18pt;\">*******<\/span><\/strong><\/div>\n<div style=\"text-align: justify;\"><span style=\"font-size: 14pt;\"><strong>RELACIONADOS:<\/strong><\/span><\/div>\n<div>\u00a0<\/div>\n<div>\n<p class=\"entry-title\" style=\"text-align: justify;\"><span style=\"font-size: 14pt;\"><a href=\"https:\/\/puntocritico.com\/ausajpuntocritico\/2020\/10\/03\/la-doctrina-del-shock-documental\/\"><span style=\"color: #008000;\"><strong>La doctrina del shock \u2013 Documental<\/strong><\/span><\/a><\/span><\/p>\n<p>&nbsp;<\/p>\n<\/div>\n<p class=\"entry-title\" style=\"text-align: justify;\"><span style=\"color: #008000; font-size: 14pt;\"><a style=\"color: #008000;\" href=\"https:\/\/puntocritico.com\/ausajpuntocritico\/2021\/09\/11\/20-anos-del-11-s\/\"><strong>20 A\u00d1OS DEL 11-S: NEW WORLD ORDER: SU IMPLANTACI\u00d3N ES AJENA AL PRINCIPIO DEMOCR\u00c1TICO, SE IMPONE POR MEDIO DE UNA CADENA DE \u00abSHOCKS\u00bb: Documentales \u00ab11-S: ZONA CERO\u00bb y \u00ab11S, Arquitectos e Ingenieros Por la Verdad\u00bb<\/strong><\/a><\/span><\/p>\n<p class=\"mh-meta entry-meta\">\u00a0<\/p>\n<p class=\"entry-title\" style=\"text-align: justify;\"><span style=\"font-size: 14pt;\"><a href=\"https:\/\/puntocritico.com\/ausajpuntocritico\/2022\/08\/31\/informe-de-amnistia-internacional-sobre-la-guerra-de-ucrania\/\"><span style=\"color: #008000;\"><strong>INFORME DE AMNIST\u00cdA INTERNACIONAL SOBRE LA GUERRA DE UCRANIA Y LOS CRIMENES DE GUERRA DEL EJ\u00c9RCITO DE ZELENSKY. \u201cSe roban las armas, se roba la ayuda humanitaria y no tenemos idea de ad\u00f3nde han ido los miles de millones enviados a este pa\u00eds\u201d.<\/strong><\/span><\/a><\/span><\/p>\n<p class=\"mh-meta entry-meta\">\u00a0<\/p>\n<div>\n<p class=\"entry-title\" style=\"text-align: justify;\"><span style=\"font-size: 14pt;\"><a href=\"https:\/\/puntocritico.com\/ausajpuntocritico\/2022\/05\/23\/rusia-y-la-doctrina-del-shock\/\"><span style=\"color: #008000;\"><strong>NOAM CHOMSKY: \u00abEEUU no quiere una salida diplom\u00e1tica (en Ucrania)\u00bb. RUSIA Y LA DOCTRINA DEL SHOCK (privatizaciones corruptas de los 90\u2032, dise\u00f1adas en la Universidad de Harvard)<\/strong><\/span><\/a><\/span><\/p>\n<p class=\"mh-meta entry-meta\">\u00a0<\/p>\n<\/div>\n<div>\n<p class=\"entry-title\" style=\"text-align: justify;\"><span style=\"font-size: 14pt;\"><a href=\"https:\/\/puntocritico.com\/ausajpuntocritico\/2022\/08\/29\/como-mueren-las-democracias\/\"><span style=\"color: #008000;\"><strong>C\u00d3MO MUEREN LAS DEMOCRACIAS. \u00abNo somos la primera civilizaci\u00f3n en colapsar, pero probablemente seremos los \u00faltimos\u00bb, por Chris Hedges<\/strong><\/span><\/a><\/span><\/p>\n<\/div>\n<p class=\"mh-meta entry-meta\">\u00a0<\/p>\n<p class=\"entry-title\" style=\"text-align: justify;\"><span style=\"font-size: 14pt;\"><a href=\"https:\/\/puntocritico.com\/ausajpuntocritico\/2022\/07\/23\/la-zona-gris-en-las-guerras-hibridas-conferencia\/\"><span style=\"color: #008000;\"><strong>GUERRAS H\u00cdBRIDAS (IV): LA ZONA GRIS. CONFERENCIA DE JOSEP BAQU\u00c9S (Video). \u00abConcepto de Zona Gris; Fundamentos de su creaci\u00f3n y medidas preventivas para afrontarlas\u00bb.<\/strong><\/span><\/a><\/span><\/p>\n<p class=\"mh-meta entry-meta\">\u00a0<\/p>\n<div>\n<p class=\"entry-title\" style=\"text-align: justify;\"><span style=\"font-size: 14pt;\"><a href=\"https:\/\/puntocritico.com\/ausajpuntocritico\/2021\/12\/01\/polibio\/\"><strong><span style=\"color: #008000;\">POLIBIO DE MEGAL\u00d3POLIS (203 \u2013 120 a. C.). \u00abHISTORIAS\u00bb. LA ANACICLOSIS: El Ciclo de Degeneraci\u00f3n de las Formas de Gobierno, de la Monarqu\u00eda (Gobierno de uno) a la Oclocracia (populismo o corrupci\u00f3n de la Democracia).<\/span><\/strong><\/a><\/span><\/p>\n<p class=\"mh-meta entry-meta\">\u00a0<\/p>\n<\/div>\n<div>\n<p class=\"entry-title\" style=\"text-align: justify;\"><a href=\"https:\/\/puntocritico.com\/ausajpuntocritico\/2018\/04\/05\/deficiencias-generalizadas-y-beneficios-ilimitados-el-neoliberalismo-de-rapina-espanol-escandaliza-en-la-u-e-tribunal-de-cuentas-europeo-informe-especial-no-09-2018-asociaciones-publico-privad\/\"><strong><span style=\"color: #008000; font-size: 14pt;\">\u00abDEFICIENCIAS GENERALIZADAS Y BENEFICIOS ILIMITADOS\u00bb. El Neoliberalismo de rapi\u00f1a espa\u00f1ol escandaliza en la U. E. (Tribunal de Cuentas Europeo: Informe Especial \u2013 asociaciones p\u00fablico-privadas)<\/span><\/strong><\/a><\/p>\n<\/div>\n<p class=\"mh-meta entry-meta\">\u00a0<\/p>\n<p class=\"entry-title\" style=\"text-align: justify;\"><a href=\"https:\/\/puntocritico.com\/ausajpuntocritico\/2018\/11\/06\/breve-historia-de-las-privatizaciones-en-espana-1985-1995-por-carlos-martin-urriza-republicado\/\"><span style=\"font-size: 14pt;\"><strong><span style=\"color: #008000;\">Breve historia de las privatizaciones en Espa\u00f1a, 1985-1995; por Carlos Mart\u00edn Urriza<\/span><\/strong><\/span><\/a><\/p>\n<p class=\"mh-meta entry-meta\">\u00a0<\/p>\n<p class=\"entry-title\" style=\"text-align: justify;\"><a href=\"https:\/\/puntocritico.com\/ausajpuntocritico\/2022\/07\/12\/cartel-de-constructoras\/\"><strong><span style=\"color: #008000; font-size: 14pt;\">25 A\u00d1OS DEFRAUDANDO EN LA CONTRATACI\u00d3N P\u00daBLICA: EL C\u00c1RTEL DE CONSTRUCTORAS Y EL R\u00c9GIMEN DEL 78. La transici\u00f3n espa\u00f1ola: El tr\u00e1nsito del Delito al Crimen. Siempre impunes.<\/span><\/strong><\/a><\/p>\n<p class=\"mh-meta entry-meta\">\u00a0<\/p>\n<div>\u00a0<\/div>\n<div>\u00a0<\/div>\n<div><a href=\"https:\/\/puntocritico.com\/ausajpuntocritico\/author\/punto-critico\/\"><img loading=\"lazy\" decoding=\"async\" class=\"aligncenter wp-image-48\" src=\"https:\/\/puntocritico.com\/ausajpuntocritico\/wp-content\/uploads\/2016\/11\/Mosca_Punto_Cr\u00edtico_40.png\" alt=\"\" width=\"70\" height=\"70\" \/><\/a><\/div>\n<div>\u00a0<\/div>\n<div>\u00a0<\/div>\n<div>\u00a0<\/div>\n<div>\u00a0<\/div>\n<div>\u00a0<\/div>\n<div>\u00a0<\/div>\n","protected":false},"excerpt":{"rendered":"<div class=\"mh-excerpt\"><p>MEMORIA DEL SAQUEO \u00a0 COOPERATIVAS DE TRABAJADORES: \u00bfUNA ALTERNATIVA AL CAPITALISMO? Potencialidades y l\u00edmites de esta forma de producci\u00f3n Por CARLOS RAFAEL RODR\u00cdGUEZ Art\u00edculo publicado el 7 de febrero de 2018 en: http:\/\/canarias-semanal.org\/not\/22004\/-son-las-cooperativas-de-trabajadores-una-alternativa-al-capitalismo-\/ &nbsp; &nbsp; <a class=\"mh-excerpt-more\" href=\"https:\/\/puntocritico.com\/ausajpuntocritico\/2022\/09\/17\/memoria-del-saqueo-documental-de-pino-solanas-2\/\" title=\"MEMORIA DEL SAQUEO, documental de Pino Solanas\">[&#8230;]<\/a><\/p>\n<\/div>","protected":false},"author":3,"featured_media":8988,"comment_status":"open","ping_status":"closed","sticky":false,"template":"","format":"standard","meta":{"_acf_changed":false,"_exactmetrics_skip_tracking":false,"_exactmetrics_sitenote_active":false,"_exactmetrics_sitenote_note":"","_exactmetrics_sitenote_category":0,"footnotes":""},"categories":[7,12],"tags":[],"class_list":{"0":"post-2256569","1":"post","2":"type-post","3":"status-publish","4":"format-standard","5":"has-post-thumbnail","7":"category-politica","8":"category-corrupcion"},"acf":[],"_links":{"self":[{"href":"https:\/\/puntocritico.com\/ausajpuntocritico\/wp-json\/wp\/v2\/posts\/2256569","targetHints":{"allow":["GET"]}}],"collection":[{"href":"https:\/\/puntocritico.com\/ausajpuntocritico\/wp-json\/wp\/v2\/posts"}],"about":[{"href":"https:\/\/puntocritico.com\/ausajpuntocritico\/wp-json\/wp\/v2\/types\/post"}],"author":[{"embeddable":true,"href":"https:\/\/puntocritico.com\/ausajpuntocritico\/wp-json\/wp\/v2\/users\/3"}],"replies":[{"embeddable":true,"href":"https:\/\/puntocritico.com\/ausajpuntocritico\/wp-json\/wp\/v2\/comments?post=2256569"}],"version-history":[{"count":0,"href":"https:\/\/puntocritico.com\/ausajpuntocritico\/wp-json\/wp\/v2\/posts\/2256569\/revisions"}],"wp:featuredmedia":[{"embeddable":true,"href":"https:\/\/puntocritico.com\/ausajpuntocritico\/wp-json\/wp\/v2\/media\/8988"}],"wp:attachment":[{"href":"https:\/\/puntocritico.com\/ausajpuntocritico\/wp-json\/wp\/v2\/media?parent=2256569"}],"wp:term":[{"taxonomy":"category","embeddable":true,"href":"https:\/\/puntocritico.com\/ausajpuntocritico\/wp-json\/wp\/v2\/categories?post=2256569"},{"taxonomy":"post_tag","embeddable":true,"href":"https:\/\/puntocritico.com\/ausajpuntocritico\/wp-json\/wp\/v2\/tags?post=2256569"}],"curies":[{"name":"wp","href":"https:\/\/api.w.org\/{rel}","templated":true}]}}