{"id":2254929,"date":"2022-08-24T00:05:54","date_gmt":"2022-08-23T22:05:54","guid":{"rendered":"https:\/\/puntocritico.com\/ausajpuntocritico\/?p=2254929"},"modified":"2025-09-01T16:37:53","modified_gmt":"2025-09-01T14:37:53","slug":"estado-es-el-nombre-que-se-da-al-mas-frio-de-todos-los-monstruos-frios-por-friedrich-nietzsche-3","status":"publish","type":"post","link":"https:\/\/puntocritico.com\/ausajpuntocritico\/2022\/08\/24\/estado-es-el-nombre-que-se-da-al-mas-frio-de-todos-los-monstruos-frios-por-friedrich-nietzsche-3\/","title":{"rendered":"ESTADO ES EL NOMBRE QUE SE DA AL M\u00c1S FR\u00cdO DE TODOS LOS MONSTRUOS FR\u00cdOS, por Friedrich Nietzsche"},"content":{"rendered":"<p style=\"text-align: justify;\"><span style=\"font-size: 14pt; color: #008000;\">ESTADO ES EL NOMBRE QUE SE DA AL M\u00c1S FR\u00cdO DE TODOS LOS MONSTRUOS FR\u00cdOS<\/span><\/p>\n<p>&nbsp;<\/p>\n<blockquote>\n<p style=\"text-align: center;\"><span style=\"font-size: 24pt;\"><strong><span style=\"font-family: arial, helvetica, sans-serif;\">NUESTROS DERECHOS SON DE PAPEL<\/span><\/strong><\/span><\/p>\n<p style=\"text-align: justify;\"><span style=\"font-size: 14pt;\">AUSAJ, 2017<\/span><\/p>\n<p><img loading=\"lazy\" decoding=\"async\" class=\"aligncenter wp-image-22069 size-mh-magazine-content\" src=\"https:\/\/puntocritico.com\/ausajpuntocritico\/wp-content\/uploads\/2019\/09\/Declaracion-universal-DH-532x381.jpg\" alt=\"\" width=\"532\" height=\"381\" data-id=\"22069\" \/><\/p>\n<p>&nbsp;<\/p>\n<p style=\"text-align: justify;\"><span style=\"font-size: 14pt; font-family: arial, helvetica, sans-serif;\"><strong><em>\u201c<\/em><\/strong><em>La Constituci\u00f3n garantiza el principio de legalidad, la jerarqu\u00eda normativa, la publicidad de las normas, la irretroactividad de las disposiciones sancionadoras no favorables o restrictivas de derechos individuales, la seguridad jur\u00eddica, la responsabilidad y la interdicci\u00f3n de la arbitrariedad de los poderes p\u00fablicos\u201d \u2013 Constituci\u00f3n Espa\u00f1ola, Art\u00edculo 9, 3\u00ba.<\/em><\/span><\/p>\n<p style=\"text-align: justify;\"><span style=\"font-size: 14pt; font-family: arial, helvetica, sans-serif;\"><em>\u201cLa dignidad de la persona, los derechos inviolables que le son inherentes, el libre desarrollo de la personalidad, el respeto a la ley y a los derechos de los dem\u00e1s son fundamento del orden pol\u00edtico y de la paz social\u00bb &#8211; Constituci\u00f3n Espa\u00f1ola, Art\u00edculo 10, 1\u00ba.<\/em><\/span><\/p>\n<p style=\"text-align: justify;\"><span style=\"font-size: 14pt; font-family: arial, helvetica, sans-serif;\"><em>\u201cUna reacci\u00f3n penal excesiva frente (al ejercicio il\u00edcito de los Derechos Fundamentales) puede producir efectos disuasorios o de desaliento sobre el ejercicio leg\u00edtimo de los referidos derechos, ya que sus titulares, sobre todo si los l\u00edmites penales est\u00e1n imprecisamente establecidos, pueden no ejercerlos libremente ante el temor de que cualquier extralimitaci\u00f3n sea severamente sancionada<\/em>\u201d (Sentencia del Tribunal Constitucional n\u00ba 136\/1999).<\/span><\/p>\n<p style=\"text-align: justify;\"><span style=\"font-size: 14pt; font-family: arial, helvetica, sans-serif;\">A este \u201c<em><strong>EFECTO DESALIENTO<\/strong><\/em>\u201d, como vulnerador de los derechos reconocidos por El Convenio de Roma, de 1950, tambi\u00e9n se ha referido el Tribunal Europeo de Derechos Humanos (as\u00ed, la STEDH de 25 de noviembre de 1997, ap. 49 y 50, caso Zana).<\/span><\/p>\n<p style=\"text-align: justify;\"><span style=\"font-size: 14pt; font-family: arial, helvetica, sans-serif;\"><em>Como sabemos bien, el Estado Espa\u00f1ol no garantiza el ejercicio de los Derechos Fundamentales (Derechos Humanos). En cuanto a los de car\u00e1cter prestacional, cuya efectividad exige el establecimiento, por parte del Estado, de los Servicios P\u00fablicos, sabemos que la finalidad del Estado Espa\u00f1ol no es la prestaci\u00f3n de los Servicios P\u00fablicos, sino la apropiaci\u00f3n de los Ingresos P\u00fablicos (fundamentalmente los tributos con que contribuimos los ciudadanos) destinados a sufragar el coste de tales Servicios P\u00fablicos; apropiaci\u00f3n que tiene lugar, fundamentalmente, por parte del Poder financiero, que a la vez ejerce el Poder Informativo; y por mediaci\u00f3n de \u00e9ste, el Poder Pol\u00edtico; como titular de un Poder Privado exorbitante, que alcanza a desafiar al Estado.<\/em><\/span><\/p>\n<p style=\"text-align: justify;\"><span style=\"font-size: 14pt; font-family: arial, helvetica, sans-serif;\"><em>Poder Informativo que, pese a constituir un Servicio P\u00fablico, es prestado sin atenci\u00f3n a Finalidad de Inter\u00e9s General alguna, al contrario, se nos desinforma, en lugar de informar; causando la total vulneraci\u00f3n de nuestro Derecho a recibir Informaci\u00f3n Veraz.<\/em><\/span><\/p>\n<p style=\"text-align: justify;\"><span style=\"font-size: 14pt; font-family: arial, helvetica, sans-serif;\"><em>Cualquiera que sea el concreto Derecho Fundamental al que se atienda, se aprecia la ausencia de efectividad, tanto del Derecho, como de sus Garant\u00edas. Pensemos en el Derecho de Reuni\u00f3n y Manifestaci\u00f3n, cuyo ejercicio pac\u00edfico es reprimido violentamente por la coacci\u00f3n estatal (a los documentos que enlazamos para su descarga al final del Post, nos remitimos). Merece la pena recordar que incluso su vulneraci\u00f3n delictiva es objeto de la formaci\u00f3n de los mandos policiales, como pueden comprobar aqu\u00ed <\/em><\/span><\/p>\n<p style=\"text-align: justify;\">\u00a0<\/p>\n<\/blockquote>\n<blockquote class=\"wp-embedded-content\" data-secret=\"gDVJGAu1qg\"><p><a href=\"https:\/\/puntocritico.com\/ausajpuntocritico\/2020\/09\/28\/el-sindrome-de-sherwood-ahora-en-el-proces-el-final-del-regimen-del-78\/\">EL S\u00cdNDROME DE SHERWOOD: El final de un Modelo de Estado. Hacia el Estado de Excepci\u00f3n Permanente.<\/a><\/p><\/blockquote>\n<p><iframe loading=\"lazy\" class=\"wp-embedded-content\" sandbox=\"allow-scripts\" security=\"restricted\" style=\"position: absolute; clip: rect(1px, 1px, 1px, 1px);\" title=\"\u00abEL S\u00cdNDROME DE SHERWOOD: El final de un Modelo de Estado. Hacia el Estado de Excepci\u00f3n Permanente.\u00bb \u2014 Punto Cr\u00edtico Derechos Humanos\" src=\"https:\/\/puntocritico.com\/ausajpuntocritico\/2020\/09\/28\/el-sindrome-de-sherwood-ahora-en-el-proces-el-final-del-regimen-del-78\/embed\/#?secret=XAlkvCgIVg#?secret=gDVJGAu1qg\" data-secret=\"gDVJGAu1qg\" width=\"500\" height=\"282\" frameborder=\"0\" marginwidth=\"0\" marginheight=\"0\" scrolling=\"no\"><\/iframe><\/p>\n<blockquote>\n<p>&nbsp;<\/p>\n<p style=\"text-align: justify;\"><span style=\"font-size: 14pt; font-family: arial, helvetica, sans-serif;\"><em>O pensemos en el derecho a la Tutela Judicial Efectiva, o derecho al\u00a0 Juicio Justo; hemos visto expulsar con violencia o intimidaci\u00f3n a medio mill\u00f3n de familias de sus hogares; ahora sabemos que ILEGALMENTE; y sin embargo, ninguna tutela se produce respecto de esta aberrante actuaci\u00f3n judicial, dejando absolutamente indefensos a los millones de v\u00edctimas. \u00bfIntimidad? \u00bfSalud? \u00bfNo ser torturados? \u00bfLibertad de Expresi\u00f3n? \u00bfDatos personales?<\/em><\/span><\/p>\n<p style=\"text-align: justify;\"><span style=\"font-size: 14pt;\">Menci\u00f3n espec\u00edfica precisa la destrucci\u00f3n del PRINCIPIO DE LEGALIDAD, base sobre la que se asienta el ESTADO DE DERECHO, cuesti\u00f3n sobre la que hemos <a href=\"https:\/\/puntocritico.com\/ausajpuntocritico\/2019\/03\/13\/el-poder-judicial-del-poder-financiero-arbitrariedad-en-los-nombramientos-del-cgpj-realizados-en-funcion-de-la-linea-jurisprudencial-o-en-aplicacion-de-los-principios-de-merito-y-capacid\/\">escrito<\/a> y <a href=\"https:\/\/puntocritico.com\/ausajpuntocritico\/2022\/03\/22\/el-silencio-de-los-obreros\/\">publicado<\/a> en diferentes ocasiones en <a href=\"https:\/\/puntocritico.com\/ausajpuntocritico\/2022\/08\/01\/la-fiscalia-general-del-estado-acabara-con-el-estado-de-derecho\/\">Punto Cr\u00edtico<\/a>.<\/span><\/p>\n<p style=\"text-align: justify;\"><span style=\"font-size: 14pt; font-family: arial, helvetica, sans-serif;\"><em><strong>No hay efectividad, ni del Derecho, ni de sus Garant\u00edas<\/strong>. Todo lo m\u00e1s, una expectativa de disfrute; ello es contrario a la Dignidad Humana \u2013que, como absoluto, carece de graduaci\u00f3n; ha de ser la misma para todos-, Dignidad consistente en la Igualdad de todos los ciudadanos en el ejercicio de los Derechos Fundamentales.<\/em><\/span><\/p>\n<p style=\"text-align: justify;\"><span style=\"font-size: 14pt; font-family: arial, helvetica, sans-serif;\"><em>Las Garant\u00edas de los Derechos Fundamentales, sin embargo, si son efectivas \u2013y son aplicadas muy favorablemente- para las \u00e9lites que controlan el Estado, tanto desde la esfera P\u00fablica como desde la Privada.<\/em><\/span><\/p>\n<p style=\"text-align: justify;\"><span style=\"font-size: 14pt; font-family: arial, helvetica, sans-serif;\"><em>Quebrada la primera regla, la Igualdad, el resultado es que ya no tenemos todos la misma Dignidad; se establece una pir\u00e1mide por categor\u00edas, que separa a las \u00e9lites de los ciudadanos, que por ello, dejan de serlo, al ser Inferiores en Dignidad.<\/em><\/span><\/p>\n<p style=\"text-align: justify;\"><span style=\"font-size: 14pt; font-family: arial, helvetica, sans-serif;\"><em>En definitiva, desaparece la justificaci\u00f3n que nos llev\u00f3, como Poder Constituyente, a darnos como Ley Fundamental, la Constituci\u00f3n de 1.978; se frustra la finalidad declarada en el mismo Pre\u00e1mbulo del Texto Constitucional:<\/em><\/span><\/p>\n<p style=\"text-align: justify; padding-left: 30px;\"><span style=\"font-size: 14pt; font-family: arial, helvetica, sans-serif;\">La Naci\u00f3n espa\u00f1ola, deseando establecer la justicia, la libertad y la seguridad y promover el bien de cuantos la integran, en uso de su soberan\u00eda, proclama su voluntad de:<\/span><\/p>\n<p style=\"text-align: justify; padding-left: 30px;\"><span style=\"font-size: 14pt; font-family: arial, helvetica, sans-serif;\">Garantizar la convivencia democr\u00e1tica dentro de la Constituci\u00f3n y de las leyes conforme a un orden econ\u00f3mico y social justo.<\/span><\/p>\n<p style=\"text-align: justify; padding-left: 30px;\"><span style=\"font-size: 14pt; font-family: arial, helvetica, sans-serif;\">Consolidar un Estado de Derecho que asegure el imperio de la ley como expresi\u00f3n de la voluntad popular.<\/span><\/p>\n<p style=\"text-align: justify; padding-left: 30px;\"><span style=\"font-size: 14pt; font-family: arial, helvetica, sans-serif;\">Proteger a todos los espa\u00f1oles y pueblos de Espa\u00f1a en el ejercicio de los derechos humanos, sus culturas y tradiciones, lenguas e instituciones.<\/span><\/p>\n<p style=\"text-align: justify; padding-left: 30px;\"><span style=\"font-size: 14pt; font-family: arial, helvetica, sans-serif;\">Promover el progreso de la cultura y de la econom\u00eda para asegurar a todos una digna calidad de vida.<\/span><\/p>\n<p style=\"text-align: justify; padding-left: 30px;\"><span style=\"font-size: 14pt; font-family: arial, helvetica, sans-serif;\">Establecer una sociedad democr\u00e1tica avanzada, y<\/span><\/p>\n<p style=\"text-align: justify; padding-left: 30px;\"><span style=\"font-size: 14pt; font-family: arial, helvetica, sans-serif;\">Colaborar en el fortalecimiento de unas relaciones pac\u00edficas y de eficaz cooperaci\u00f3n entre todos los pueblos de la Tierra.<\/span><\/p>\n<p>&nbsp;<\/p>\n<p><img loading=\"lazy\" decoding=\"async\" class=\"aligncenter wp-image-8781\" src=\"https:\/\/puntocritico.com\/ausajpuntocritico\/wp-content\/uploads\/2018\/02\/Estado-autocr\u00e1tico-y-cultura--300x169.jpg\" alt=\"\" width=\"480\" height=\"270\" data-id=\"8781\" srcset=\"https:\/\/puntocritico.com\/ausajpuntocritico\/wp-content\/uploads\/2018\/02\/Estado-autocr\u00e1tico-y-cultura--300x169.jpg 300w, https:\/\/puntocritico.com\/ausajpuntocritico\/wp-content\/uploads\/2018\/02\/Estado-autocr\u00e1tico-y-cultura-.jpg 678w\" sizes=\"auto, (max-width: 480px) 100vw, 480px\" \/><\/p>\n<p style=\"text-align: center;\"><span style=\"font-size: 14pt;\"><strong><span style=\"font-family: arial, helvetica, sans-serif; color: #008000;\">\u201cEstado es el nombre que se da al m\u00e1s fr\u00edo de todos los monstruos fr\u00edos\u201d.<\/span><\/strong><\/span><\/p>\n<p style=\"text-align: justify;\"><span style=\"font-size: 14pt; font-family: arial, helvetica, sans-serif;\">Hoy por hoy, ya no es el Estado el m\u00e1s fr\u00edo de todos. Es la Corporaci\u00f3n Globalizada. Es una \u201cpersona\u201d ficticia, pero le otorgamos todos los Derechos de la Personalidad. Como a las Personas Humanas. Pero sin sus responsabilidades.<\/span><\/p>\n<p style=\"text-align: justify;\"><span style=\"font-size: 14pt; font-family: arial, helvetica, sans-serif;\">Son las <a href=\"https:\/\/puntocritico.com\/ausajpuntocritico\/2020\/07\/28\/corporaciones-psicopatas-inmortales-2\/\">Corporaciones<\/a> las que dirigen el mundo; crean la realidad en que nos desenvolvemos; crean la Informaci\u00f3n y controlan la Expresi\u00f3n de la Opini\u00f3n; es decir, crean la Opini\u00f3n P\u00fablica. Ellas deciden como ser\u00e1 la sociedad en el futuro. No los Seres Humanos. Nosotros morimos. Nosotros tenemos sentimientos. Ellas no.<\/span><\/p>\n<p style=\"text-align: right;\"><span style=\"font-size: 14pt; font-family: arial, helvetica, sans-serif;\">Chus<\/span><\/p>\n<\/blockquote>\n<p style=\"text-align: center;\"><span style=\"font-size: 18pt; font-family: arial, helvetica, sans-serif; color: #008000;\">\u2666\u2666\u2666\u2666\u2666\u2666\u2666<\/span><\/p>\n<p><img loading=\"lazy\" decoding=\"async\" class=\"aligncenter wp-image-1768069\" src=\"https:\/\/puntocritico.com\/ausajpuntocritico\/wp-content\/uploads\/2021\/01\/9-768x768-1.jpg\" alt=\"ESTADO ES EL NOMBRE QUE SE DA AL M\u00c1S FR\u00cdO DE TODOS LOS MONSTRUOS FR\u00cdOS\" width=\"460\" height=\"460\" data-id=\"1768069\" srcset=\"https:\/\/puntocritico.com\/ausajpuntocritico\/wp-content\/uploads\/2021\/01\/9-768x768-1.jpg 640w, https:\/\/puntocritico.com\/ausajpuntocritico\/wp-content\/uploads\/2021\/01\/9-768x768-1-300x300.jpg 300w, https:\/\/puntocritico.com\/ausajpuntocritico\/wp-content\/uploads\/2021\/01\/9-768x768-1-150x150.jpg 150w, https:\/\/puntocritico.com\/ausajpuntocritico\/wp-content\/uploads\/2021\/01\/9-768x768-1-610x610.jpg 610w\" sizes=\"auto, (max-width: 460px) 100vw, 460px\" \/><\/p>\n<p style=\"text-align: center;\"><span style=\"font-size: 14pt; font-family: arial, helvetica, sans-serif;\">\u2666\u2666\u2666\u2666\u2666\u2666\u2666<\/span><\/p>\n<p style=\"text-align: center;\"><span style=\"font-size: 24pt;\"><span style=\"font-family: arial, helvetica, sans-serif;\"><strong><em>\u00a0<\/em><\/strong><\/span><span style=\"font-family: arial, helvetica, sans-serif;\"><strong><em>ESTADO ES EL NOMBRE QUE SE DA AL M\u00c1S FR\u00cdO DE TODOS LOS MONSTRUOS FR\u00cdOS<\/em><\/strong><\/span><\/span><\/p>\n<p style=\"text-align: justify;\"><span style=\"font-size: 14pt; font-family: arial, helvetica, sans-serif;\"><strong>por <span style=\"color: #339966;\">Friedrich Nietzsche<\/span><\/strong><\/span><\/p>\n<p style=\"text-align: justify;\"><a href=\"https:\/\/puntocritico.com\/ausajpuntocritico\/wp-content\/uploads\/2017\/10\/also-sprach-zarathustra.jpg\" target=\"_blank\"  rel=\"lightbox[2254929] noopener noreferrer\"><img loading=\"lazy\" decoding=\"async\" class=\"aligncenter wp-image-6054 size-mh-magazine-content\" src=\"https:\/\/puntocritico.com\/ausajpuntocritico\/wp-content\/uploads\/2017\/10\/also-sprach-zarathustra-600x381.jpg\" alt=\"\" width=\"600\" height=\"381\" \/><\/a><\/p>\n<p style=\"text-align: justify;\">\u00a0<\/p>\n<p style=\"text-align: justify;\"><span style=\"font-size: 14pt; font-family: arial, helvetica, sans-serif;\"><strong>E<\/strong>n alg\u00fan lugar quedan todav\u00eda pueblos y reba\u00f1os, no entre nosotros, hermanos m\u00edos: aqu\u00ed hay Estados.<\/span><\/p>\n<p style=\"text-align: justify;\"><span style=\"font-size: 14pt; font-family: arial, helvetica, sans-serif;\">\u00bf<strong>E<\/strong>stados? \u00bfQu\u00e9 es eso? \u00a1Pues bien, abrid los o\u00eddos! \u00a1Voy a deciros mi palabra sobre la muerte de los pueblos!<\/span><\/p>\n<p style=\"text-align: justify;\"><span style=\"font-size: 14pt; font-family: arial, helvetica, sans-serif;\"><strong>E<\/strong>stado es el nombre que se da al m\u00e1s fr\u00edo de todos los monstruos fr\u00edos. El Estado miente con toda frialdad y de su boca sale esta mentira: \u201cYo, el Estado, soy el pueblo\u201d.<\/span><\/p>\n<p style=\"text-align: justify;\"><span style=\"font-size: 14pt; font-family: arial, helvetica, sans-serif;\">\u00a1<strong>Q<\/strong>u\u00e9 gran mentira! Creadores fueron quienes crearon los pueblos, por la fe y el amor: as\u00ed sirvieron a la vida. Aniquiladores son quienes ponen trampas a la multitud, y denominan Estado a tal obra: suspenden sobre los hombros una espada, y cien apetitos.<\/span><\/p>\n<p style=\"text-align: justify;\"><span style=\"font-size: 14pt; font-family: arial, helvetica, sans-serif;\"><strong>D<\/strong>onde todav\u00eda existe pueblo, \u00e9ste no entiende al Estado, y le odia, consider\u00e1ndole como un mal de ojo, como un crimen contra las costumbres y los derechos.<\/span><\/p>\n<p style=\"text-align: justify;\"><span style=\"font-size: 14pt; font-family: arial, helvetica, sans-serif;\"><strong>Y<\/strong>o os hago esta advertencia: cada pueblo habla su propia lengua del bien y del mal; su vecino no la entiende. Cada pueblo se ha inventado su lenguaje en costumbres y derechos.<\/span><\/p>\n<p style=\"text-align: justify;\"><span style=\"font-size: 14pt; font-family: arial, helvetica, sans-serif;\"><strong><a href=\"https:\/\/puntocritico.com\/ausajpuntocritico\/wp-content\/uploads\/2017\/10\/nietzsche-2-fdr.jpg\" rel=\"lightbox[2254929]\"><img loading=\"lazy\" decoding=\"async\" class=\"size-full wp-image-6056 alignright\" src=\"https:\/\/puntocritico.com\/ausajpuntocritico\/wp-content\/uploads\/2017\/10\/nietzsche-2-fdr.jpg\" alt=\"\" width=\"260\" height=\"341\" srcset=\"https:\/\/puntocritico.com\/ausajpuntocritico\/wp-content\/uploads\/2017\/10\/nietzsche-2-fdr.jpg 260w, https:\/\/puntocritico.com\/ausajpuntocritico\/wp-content\/uploads\/2017\/10\/nietzsche-2-fdr-229x300.jpg 229w\" sizes=\"auto, (max-width: 260px) 100vw, 260px\" \/><\/a>M<\/strong>as el Estado miente en todas las lenguas del bien y del mal. Cuanto dice es mentira, y cuanto tiene es porque lo ha robado.<\/span><\/p>\n<p style=\"text-align: justify;\"><span style=\"font-size: 14pt; font-family: arial, helvetica, sans-serif;\"><strong>T<\/strong>odo en \u00e9l es falso; con dientes robados muerde, ese mordedor. Hasta sus entra\u00f1as son falsas.<\/span><\/p>\n<p style=\"text-align: justify;\"><span style=\"font-size: 14pt; font-family: arial, helvetica, sans-serif;\"><strong>C<\/strong>onfusi\u00f3n de lenguas del bien y del mal: esa se\u00f1al os doy como se\u00f1al del Estado. \u00a1Y, en verdad, esa se\u00f1al indica voluntad de muerte! En verdad, hace se\u00f1as a los predicadores de la muerte.<\/span><\/p>\n<p style=\"text-align: justify;\"><span style=\"font-size: 14pt; font-family: arial, helvetica, sans-serif;\">\u00a1<strong>V<\/strong>ienen al mundo demasiados hombres! Para los superfluos fue inventado el Estado. \u00a1Ved c\u00f3mo convoca a los superfluos, c\u00f3mo los devora, y los tritura, y los rumia!<\/span><\/p>\n<p style=\"text-align: justify;\"><span style=\"font-size: 14pt; font-family: arial, helvetica, sans-serif;\">\u201c<strong>S<\/strong>obre la tierra, nada existe m\u00e1s grande que yo: yo soy el dedo ordenador de Dios\u201d. As\u00ed ruge el monstruo. \u00a1Y no son s\u00f3lo los de orejas largas y vista corta los que se postran de rodillas!<\/span><\/p>\n<p style=\"text-align: justify;\"><span style=\"font-size: 14pt; font-family: arial, helvetica, sans-serif;\">\u00a1<strong>A<\/strong>y, tambi\u00e9n en vosotros, de alma grande, el monstruo desliza sus sombr\u00edas mentiras! \u00a1Ay, \u00e9l adivina cu\u00e1les son los corazones generosos y ansiosos de prodigarse!<\/span><\/p>\n<p style=\"text-align: justify;\"><span style=\"font-size: 14pt; font-family: arial, helvetica, sans-serif;\">\u00a1<strong>S<\/strong>\u00ed, tambi\u00e9n os adivina a vosotros, los vencedores del viejo Dios! \u00a1Salisteis del combate fatigados, y vuestra fatiga redunda ahora en provecho del nuevo \u00eddolo!<\/span><\/p>\n<p style=\"text-align: justify;\"><span style=\"font-size: 14pt; font-family: arial, helvetica, sans-serif;\"><strong>E<\/strong>l nuevo \u00eddolo quiere rodearse de h\u00e9roes y hombres de honor. \u00a1Ese fr\u00edo monstruo se complace en calentarse al sol de las buenas conciencias!<\/span><\/p>\n<p style=\"text-align: justify;\"><span style=\"font-size: 14pt; font-family: arial, helvetica, sans-serif;\"><strong>S<\/strong>i\u00a0<em>vosotros<\/em>\u00a0le ador\u00e1is, el nuevo \u00eddolo os lo conceder\u00e1 todo a\u00a0<em>vosotros:\u00a0<\/em>por ello compra el brillo de vuestra virtud y la mirada de vuestros ojos orgullosos.<\/span><\/p>\n<p style=\"text-align: justify;\"><span style=\"font-size: 14pt; font-family: arial, helvetica, sans-serif;\">\u00a1<strong>Q<\/strong>uiere que le sirv\u00e1is de cebo para atraer a los superfluos! \u00a1S\u00ed, una infernal artima\u00f1a ha sido aqu\u00ed inventada, un corcel de muerte enjaezado con el tintineante adorno de honores divinos!<\/span><\/p>\n<p style=\"text-align: justify;\"><span style=\"font-size: 14pt; font-family: arial, helvetica, sans-serif;\"><strong>A<\/strong>qu\u00ed ha sido inventada, para muchos, una muerte que se precia de ser vida: en realidad, un servicio \u00edntimo para todos los predicadores de la muerte, una servidumbre a la medida del deseo de todos los predicadores de la muerte.<\/span><\/p>\n<p style=\"text-align: justify;\"><span style=\"font-size: 14pt; font-family: arial, helvetica, sans-serif;\"><strong>E<\/strong>stado llamo yo al lugar donde todos, buenos y malos, son bebedores de venenos; Estado, al lugar, donde todos, buenos y malos, aseguran su perdici\u00f3n. Estado, al lugar donde se llama \u201cla vida\u201d al lento suicidarse de todos.<\/span><\/p>\n<p style=\"text-align: justify;\"><span style=\"font-size: 14pt; font-family: arial, helvetica, sans-serif;\">\u00a1<strong>C<\/strong>ontemplad a esos superfluos! Siempre est\u00e1n enfermos, dan salida libre a su bilis, y la llaman peri\u00f3dico. \u00a1Unos a otros se devoran, y ni siquiera pueden digerirse!<\/span><\/p>\n<p style=\"text-align: justify;\"><span style=\"font-size: 14pt; font-family: arial, helvetica, sans-serif;\">\u00a1<strong>C<\/strong>ontemplad a esos superfluos! Adquieren riquezas, y con ello resultan m\u00e1s pobres. Quieren poder, y, en primer lugar, la palanqueta del poder, el oro -\u00a1esos insolventes!<\/span><\/p>\n<p style=\"text-align: justify;\"><span style=\"font-size: 14pt; font-family: arial, helvetica, sans-serif;\">\u00a1<strong>C<\/strong>ontemplad c\u00f3mo trepan esos \u00e1giles simios! Trepan unos por encima de otros, arrastr\u00e1ndose as\u00ed al cieno y a la profundidad.<\/span><\/p>\n<p style=\"text-align: justify;\"><span style=\"font-size: 14pt; font-family: arial, helvetica, sans-serif;\">\u00a1<strong>T<\/strong>odos quieren llegar al trono! Su locura consiste en creer que la felicidad radica en el trono. -Y, con frecuencia, el fango se asienta en el trono, y tambi\u00e9n el trono se asienta en el fango.<\/span><\/p>\n<p style=\"text-align: justify;\"><span style=\"font-size: 14pt; font-family: arial, helvetica, sans-serif;\"><strong>D<\/strong>ementes son para m\u00ed todos ellos, y atolondrados simios trepadores. Su \u00eddolo, ese monstruo helado, me huele mal: todos me huelen mal, esos servidores del \u00eddolo.<\/span><\/p>\n<p style=\"text-align: justify;\"><span style=\"font-size: 14pt; font-family: arial, helvetica, sans-serif;\"><strong>H<\/strong>ermanos m\u00edos, \u00bfes que quer\u00e9is ahogaros con el aliento de sus hocicos y sus concupiscencias? \u00a1Mejor har\u00edais rompiendo las ventanas y saltando al aire libre!<\/span><\/p>\n<p style=\"text-align: justify;\"><span style=\"font-size: 14pt; font-family: arial, helvetica, sans-serif;\">\u00a1<strong>H<\/strong>uid del mal olor! \u00a1Alejaos del humo de esos sacrificios humanos!<\/span><\/p>\n<p style=\"text-align: justify;\"><span style=\"font-size: 14pt; font-family: arial, helvetica, sans-serif;\"><strong>A<\/strong>\u00fan est\u00e1 la tierra a disposici\u00f3n de las almas grandes. Todav\u00eda quedan muchos puestos vacantes para eremitas solitarios o en pareja, puestos saturados del perfume de mares silenciosos.<\/span><\/p>\n<p style=\"text-align: justify;\"><span style=\"font-size: 14pt; font-family: arial, helvetica, sans-serif;\"><strong>T<\/strong>odav\u00eda queda abierta, ante las almas grandes, la posibilidad de una vida libre. En verdad, quien menos posee, tanto menos es pose\u00eddo. \u00a1Alabada sea la peque\u00f1a pobreza!<\/span><\/p>\n<p style=\"text-align: justify;\"><span style=\"font-size: 14pt; font-family: arial, helvetica, sans-serif;\"><strong>D<\/strong>onde el Estado acaba, all\u00ed comienza el hombre que no es superfluo: all\u00ed comienza la canci\u00f3n de quienes son necesarios, la melod\u00eda \u00fanica e insustitu\u00edble.<\/span><\/p>\n<p style=\"text-align: justify;\"><span style=\"font-size: 14pt; font-family: arial, helvetica, sans-serif;\"><strong>A<\/strong>ll\u00ed donde el Estado\u00a0<em>acaba<\/em>. -\u00a1Vedlo, hermanos m\u00edos! \u00bfNo veis el arco iris, y los puentes hacia el superhombre?<\/span><\/p>\n<p>&nbsp;<\/p>\n<p><span style=\"font-size: 14pt; font-family: arial, helvetica, sans-serif;\"><span style=\"color: #339966;\"><strong><img loading=\"lazy\" decoding=\"async\" class=\"aligncenter wp-image-3699\" src=\"https:\/\/puntocritico.com\/ausajpuntocritico\/wp-content\/uploads\/2017\/07\/Nietzsche-y-el-nihilismo-3.jpg\" alt=\"\" width=\"240\" height=\"329\" data-id=\"3699\" \/><\/strong><\/span><\/span><\/p>\n<p style=\"text-align: center;\"><span style=\"font-size: 18pt; font-family: georgia, palatino, serif; color: #008000;\">***<\/span><\/p>\n<p style=\"text-align: justify;\"><span style=\"font-size: 14pt; font-family: arial, helvetica, sans-serif;\"><span style=\"color: #339966;\"><strong>FRIEDRICH NIETZSCHE<\/strong><\/span>,\u00a0<em>As\u00ed habl\u00f3 Zarathustra<\/em>, Orbis, 1982. Traducci\u00f3n de J. C. Garc\u00eda Borr\u00f3n. Filosof\u00eda Digital, 2006.<\/span><\/p>\n<p>&nbsp;<\/p>\n<p><img loading=\"lazy\" decoding=\"async\" class=\"size-medium wp-image-6055 aligncenter\" src=\"https:\/\/puntocritico.com\/ausajpuntocritico\/wp-content\/uploads\/2017\/10\/ESTADO-ES-EL-NOMBRE-QUE-SE-DA-AL-M\u00c1S-FR\u00cdO-DE-TODOS-LOS-MONSTRUOS-FR\u00cdOS-300x169.jpg\" alt=\"\" width=\"300\" height=\"169\" data-id=\"6055\" srcset=\"https:\/\/puntocritico.com\/ausajpuntocritico\/wp-content\/uploads\/2017\/10\/ESTADO-ES-EL-NOMBRE-QUE-SE-DA-AL-M\u00c1S-FR\u00cdO-DE-TODOS-LOS-MONSTRUOS-FR\u00cdOS-300x169.jpg 300w, https:\/\/puntocritico.com\/ausajpuntocritico\/wp-content\/uploads\/2017\/10\/ESTADO-ES-EL-NOMBRE-QUE-SE-DA-AL-M\u00c1S-FR\u00cdO-DE-TODOS-LOS-MONSTRUOS-FR\u00cdOS.jpg 678w\" sizes=\"auto, (max-width: 300px) 100vw, 300px\" \/><\/p>\n<p style=\"text-align: center;\"><span style=\"font-size: 12pt; color: #008000;\"><a href=\"https:\/\/www.reprodart.com\/a\/michelangelo\/studyofawingedmonsterc152.html\" target=\"_blank\" rel=\"noopener\"><strong>PORTADA<\/strong><\/a>: \u00abStudy of a Winged Monster\u00bb- Miguel \u00c1ngel Buonarroti (1475 &#8211; 1564).<\/span><\/p>\n<p style=\"text-align: center;\"><span style=\"font-size: 18pt;\"><strong><span style=\"color: #008000;\">*******<\/span><\/strong><\/span><\/p>\n<h2 style=\"text-align: justify;\"><span style=\"font-size: 14pt;\"><strong>RELACIONADOS:<\/strong><\/span><\/h2>\n<blockquote class=\"wp-embedded-content\" data-secret=\"JE2NXRluev\"><p><a href=\"https:\/\/puntocritico.com\/ausajpuntocritico\/2017\/03\/11\/cuarta-evaluacion-del-greco-grupo-de-estados-del-consejo-de-europa-contra-la-corrupcion-prevencion-de-la-corrupcion-en-miembros-del-parlamento-jueces-y-fiscales-informe-de-conformidad-espana-ado\/\">CUARTA EVALUACI\u00d3N DEL GRECO, PREVENCI\u00d3N DE LA CORRUPCI\u00d3N EN MIEMBROS DEL PARLAMENTO, JUECES Y FISCALES.- INFORME DE CONFORMIDAD-ESPA\u00d1A (ADOPTADO POR GRECO EN SU 72\u00aa REUNI\u00d3N PLENARIA ESTRASBURGO)<\/a><\/p><\/blockquote>\n<p><iframe loading=\"lazy\" class=\"wp-embedded-content\" sandbox=\"allow-scripts\" security=\"restricted\" style=\"position: absolute; clip: rect(1px, 1px, 1px, 1px);\" title=\"\u00abCUARTA EVALUACI\u00d3N DEL GRECO, PREVENCI\u00d3N DE LA CORRUPCI\u00d3N EN MIEMBROS DEL PARLAMENTO, JUECES Y FISCALES.- INFORME DE CONFORMIDAD-ESPA\u00d1A (ADOPTADO POR GRECO EN SU 72\u00aa REUNI\u00d3N PLENARIA ESTRASBURGO)\u00bb \u2014 Punto Cr\u00edtico Derechos Humanos\" src=\"https:\/\/puntocritico.com\/ausajpuntocritico\/2017\/03\/11\/cuarta-evaluacion-del-greco-grupo-de-estados-del-consejo-de-europa-contra-la-corrupcion-prevencion-de-la-corrupcion-en-miembros-del-parlamento-jueces-y-fiscales-informe-de-conformidad-espana-ado\/embed\/#?secret=2spPojooUD#?secret=JE2NXRluev\" data-secret=\"JE2NXRluev\" width=\"500\" height=\"282\" frameborder=\"0\" marginwidth=\"0\" marginheight=\"0\" scrolling=\"no\"><\/iframe><\/p>\n<blockquote class=\"wp-embedded-content\" data-secret=\"gy76IvoFI0\"><p><a href=\"https:\/\/puntocritico.com\/ausajpuntocritico\/2022\/03\/22\/el-silencio-de-los-obreros\/\">EL SILENCIO DE LOS OBREROS: PARA EL \u00abGOBIERNO PROGRESISTA\u00bb, PROTESTAR ES DE FASCISTAS. El Caso \u00abCarmen y Carlos\u00bb, que dio lugar a la reforma del C\u00f3digo Penal en materia de Derecho de Huelga: Demanda de Amparo y Demanda ante el TEDH.<\/a><\/p><\/blockquote>\n<p><iframe loading=\"lazy\" class=\"wp-embedded-content\" sandbox=\"allow-scripts\" security=\"restricted\" style=\"position: absolute; clip: rect(1px, 1px, 1px, 1px);\" title=\"\u00abEL SILENCIO DE LOS OBREROS: PARA EL \u00abGOBIERNO PROGRESISTA\u00bb, PROTESTAR ES DE FASCISTAS. El Caso \u00abCarmen y Carlos\u00bb, que dio lugar a la reforma del C\u00f3digo Penal en materia de Derecho de Huelga: Demanda de Amparo y Demanda ante el TEDH.\u00bb \u2014 Punto Cr\u00edtico Derechos Humanos\" src=\"https:\/\/puntocritico.com\/ausajpuntocritico\/2022\/03\/22\/el-silencio-de-los-obreros\/embed\/#?secret=LLwbg8Uo4X#?secret=gy76IvoFI0\" data-secret=\"gy76IvoFI0\" width=\"500\" height=\"282\" frameborder=\"0\" marginwidth=\"0\" marginheight=\"0\" scrolling=\"no\"><\/iframe><\/p>\n<blockquote class=\"wp-embedded-content\" data-secret=\"dXwz6Qfbpg\"><p><a href=\"https:\/\/puntocritico.com\/ausajpuntocritico\/2022\/08\/01\/la-fiscalia-general-del-estado-acabara-con-el-estado-de-derecho\/\">CUANDO LA IMPARCIALIDAD SE CONVIRTI\u00d3 EN OBEDIENCIA. La Fiscal\u00eda General del Estado acabar\u00e1 con el Estado de Derecho: De la Ley a la \u00abOportunidad\u00bb.<\/a><\/p><\/blockquote>\n<p><iframe loading=\"lazy\" class=\"wp-embedded-content\" sandbox=\"allow-scripts\" security=\"restricted\" style=\"position: absolute; clip: rect(1px, 1px, 1px, 1px);\" title=\"\u00abCUANDO LA IMPARCIALIDAD SE CONVIRTI\u00d3 EN OBEDIENCIA. La Fiscal\u00eda General del Estado acabar\u00e1 con el Estado de Derecho: De la Ley a la \u00abOportunidad\u00bb.\u00bb \u2014 Punto Cr\u00edtico Derechos Humanos\" src=\"https:\/\/puntocritico.com\/ausajpuntocritico\/2022\/08\/01\/la-fiscalia-general-del-estado-acabara-con-el-estado-de-derecho\/embed\/#?secret=bppGKp2zbO#?secret=dXwz6Qfbpg\" data-secret=\"dXwz6Qfbpg\" width=\"500\" height=\"282\" frameborder=\"0\" marginwidth=\"0\" marginheight=\"0\" scrolling=\"no\"><\/iframe><\/p>\n<blockquote class=\"wp-embedded-content\" data-secret=\"8DhiUbOCq0\"><p><a href=\"https:\/\/puntocritico.com\/ausajpuntocritico\/2017\/11\/02\/efecto-desaliento-del-ejercicio-de-los-ddhh\/\">EFECTO DESALIENTO DEL EJERCICIO DE LOS DERECHOS HUMANOS \/\/ \u00abLa libertad de expresi\u00f3n en Espa\u00f1a es como los billetes de 500: no hay para los pobres\u00bb<\/a><\/p><\/blockquote>\n<p><iframe loading=\"lazy\" class=\"wp-embedded-content\" sandbox=\"allow-scripts\" security=\"restricted\" style=\"position: absolute; clip: rect(1px, 1px, 1px, 1px);\" title=\"\u00abEFECTO DESALIENTO DEL EJERCICIO DE LOS DERECHOS HUMANOS \/\/ \u00abLa libertad de expresi\u00f3n en Espa\u00f1a es como los billetes de 500: no hay para los pobres\u00bb\u00bb \u2014 Punto Cr\u00edtico Derechos Humanos\" src=\"https:\/\/puntocritico.com\/ausajpuntocritico\/2017\/11\/02\/efecto-desaliento-del-ejercicio-de-los-ddhh\/embed\/#?secret=zHCx2qQvm0#?secret=8DhiUbOCq0\" data-secret=\"8DhiUbOCq0\" width=\"500\" height=\"282\" frameborder=\"0\" marginwidth=\"0\" marginheight=\"0\" scrolling=\"no\"><\/iframe><\/p>\n<blockquote class=\"wp-embedded-content\" data-secret=\"kszZAkZuSU\"><p><a href=\"https:\/\/puntocritico.com\/ausajpuntocritico\/2017\/12\/07\/nuestro-torcido-estado-de-derecho\/\">\u00bfNUESTRO TORCIDO ESTADO DE DERECHO? Todo lugar tiene su Bastilla, y toda Bastilla tiene su d\u00e9spota<\/a><\/p><\/blockquote>\n<p><iframe loading=\"lazy\" class=\"wp-embedded-content\" sandbox=\"allow-scripts\" security=\"restricted\" style=\"position: absolute; clip: rect(1px, 1px, 1px, 1px);\" title=\"\u00ab\u00bfNUESTRO TORCIDO ESTADO DE DERECHO? Todo lugar tiene su Bastilla, y toda Bastilla tiene su d\u00e9spota\u00bb \u2014 Punto Cr\u00edtico Derechos Humanos\" src=\"https:\/\/puntocritico.com\/ausajpuntocritico\/2017\/12\/07\/nuestro-torcido-estado-de-derecho\/embed\/#?secret=j23LaYVTcg#?secret=kszZAkZuSU\" data-secret=\"kszZAkZuSU\" width=\"500\" height=\"282\" frameborder=\"0\" marginwidth=\"0\" marginheight=\"0\" scrolling=\"no\"><\/iframe><\/p>\n<blockquote class=\"wp-embedded-content\" data-secret=\"AfHfkU3deX\"><p><a href=\"https:\/\/puntocritico.com\/ausajpuntocritico\/2017\/10\/26\/togas-sin-alma\/\">TOGAS SIN ALMA<\/a><\/p><\/blockquote>\n<p><iframe loading=\"lazy\" class=\"wp-embedded-content\" sandbox=\"allow-scripts\" security=\"restricted\" style=\"position: absolute; clip: rect(1px, 1px, 1px, 1px);\" title=\"\u00abTOGAS SIN ALMA\u00bb \u2014 Punto Cr\u00edtico Derechos Humanos\" src=\"https:\/\/puntocritico.com\/ausajpuntocritico\/2017\/10\/26\/togas-sin-alma\/embed\/#?secret=OwnbhDyEIf#?secret=AfHfkU3deX\" data-secret=\"AfHfkU3deX\" width=\"500\" height=\"282\" frameborder=\"0\" marginwidth=\"0\" marginheight=\"0\" scrolling=\"no\"><\/iframe><\/p>\n<blockquote class=\"wp-embedded-content\" data-secret=\"ClDMzUcIGA\"><p><a href=\"https:\/\/puntocritico.com\/ausajpuntocritico\/2019\/03\/13\/el-poder-judicial-del-poder-financiero-arbitrariedad-en-los-nombramientos-del-cgpj-realizados-en-funcion-de-la-linea-jurisprudencial-o-en-aplicacion-de-los-principios-de-merito-y-capacid\/\">EL PODER JUDICIAL DEL PODER FINANCIERO. \u00bfArbitrariedad en los nombramientos del CGPJ? \u00bfRealizados en funci\u00f3n de la linea jurisprudencial o en aplicaci\u00f3n de los principios de m\u00e9rito y capacidad?<\/a><\/p><\/blockquote>\n<p><iframe loading=\"lazy\" class=\"wp-embedded-content\" sandbox=\"allow-scripts\" security=\"restricted\" style=\"position: absolute; clip: rect(1px, 1px, 1px, 1px);\" title=\"\u00abEL PODER JUDICIAL DEL PODER FINANCIERO. \u00bfArbitrariedad en los nombramientos del CGPJ? \u00bfRealizados en funci\u00f3n de la linea jurisprudencial o en aplicaci\u00f3n de los principios de m\u00e9rito y capacidad?\u00bb \u2014 Punto Cr\u00edtico Derechos Humanos\" src=\"https:\/\/puntocritico.com\/ausajpuntocritico\/2019\/03\/13\/el-poder-judicial-del-poder-financiero-arbitrariedad-en-los-nombramientos-del-cgpj-realizados-en-funcion-de-la-linea-jurisprudencial-o-en-aplicacion-de-los-principios-de-merito-y-capacid\/embed\/#?secret=PWhJaDsHJj#?secret=ClDMzUcIGA\" data-secret=\"ClDMzUcIGA\" width=\"500\" height=\"282\" frameborder=\"0\" marginwidth=\"0\" marginheight=\"0\" scrolling=\"no\"><\/iframe><\/p>\n<blockquote class=\"wp-embedded-content\" data-secret=\"l2sZxqFwk7\"><p><a href=\"https:\/\/puntocritico.com\/ausajpuntocritico\/2018\/12\/17\/greco-grupo-de-estados-contra-la-corrupcion-prevencion-de-la-corrupcion-en-relacion-con-los-parlamentarios-los-magistrados-y-los-fiscales-informe-interno-de-cumplimiento-espana-estrasburgo-4-8\/\">GRECO (Grupo de Estados contra la Corrupci\u00f3n): Prevenci\u00f3n de la corrupci\u00f3n en relaci\u00f3n con los Parlamentarios, los Jueces y los Fiscales. INFORME DE CUMPLIMIENTO INTERMEDIO: ESPA\u00d1A (Estrasburgo, 4-8 de diciembre de 2017)<\/a><\/p><\/blockquote>\n<p><iframe loading=\"lazy\" class=\"wp-embedded-content\" sandbox=\"allow-scripts\" security=\"restricted\" style=\"position: absolute; clip: rect(1px, 1px, 1px, 1px);\" title=\"\u00abGRECO (Grupo de Estados contra la Corrupci\u00f3n): Prevenci\u00f3n de la corrupci\u00f3n en relaci\u00f3n con los Parlamentarios, los Jueces y los Fiscales. INFORME DE CUMPLIMIENTO INTERMEDIO: ESPA\u00d1A (Estrasburgo, 4-8 de diciembre de 2017)\u00bb \u2014 Punto Cr\u00edtico Derechos Humanos\" src=\"https:\/\/puntocritico.com\/ausajpuntocritico\/2018\/12\/17\/greco-grupo-de-estados-contra-la-corrupcion-prevencion-de-la-corrupcion-en-relacion-con-los-parlamentarios-los-magistrados-y-los-fiscales-informe-interno-de-cumplimiento-espana-estrasburgo-4-8\/embed\/#?secret=W8VeG7w6tT#?secret=l2sZxqFwk7\" data-secret=\"l2sZxqFwk7\" width=\"500\" height=\"282\" frameborder=\"0\" marginwidth=\"0\" marginheight=\"0\" scrolling=\"no\"><\/iframe><\/p>\n<blockquote class=\"wp-embedded-content\" data-secret=\"E1VKYD8drh\"><p><a href=\"https:\/\/puntocritico.com\/ausajpuntocritico\/2022\/08\/18\/in-vigilando-corrupcion-electoral-y-corrupcion-judicial\/\">\u00abIn Vigilando\u00bb: CORRUPCI\u00d3N ELECTORAL Y CORRUPCI\u00d3N JUDICIAL<\/a><\/p><\/blockquote>\n<p><iframe loading=\"lazy\" class=\"wp-embedded-content\" sandbox=\"allow-scripts\" security=\"restricted\" style=\"position: absolute; clip: rect(1px, 1px, 1px, 1px);\" title=\"\u00ab\u00abIn Vigilando\u00bb: CORRUPCI\u00d3N ELECTORAL Y CORRUPCI\u00d3N JUDICIAL\u00bb \u2014 Punto Cr\u00edtico Derechos Humanos\" src=\"https:\/\/puntocritico.com\/ausajpuntocritico\/2022\/08\/18\/in-vigilando-corrupcion-electoral-y-corrupcion-judicial\/embed\/#?secret=ebziUvEZXE#?secret=E1VKYD8drh\" data-secret=\"E1VKYD8drh\" width=\"500\" height=\"282\" frameborder=\"0\" marginwidth=\"0\" marginheight=\"0\" scrolling=\"no\"><\/iframe><\/p>\n<blockquote class=\"wp-embedded-content\" data-secret=\"RshL0DOPng\"><p><a href=\"https:\/\/puntocritico.com\/ausajpuntocritico\/2021\/02\/24\/nietzsche-la-memoria-la-historia-la-segunda-intempestiva-entre-la-critica-al-historicismo-y-la-negacion-de-la-filosofia-de-la-historia-por-herbert-frey\/\">\u00abNietzsche: la memoria, la historia: la\u00a0Segunda intempestiva\u00a0entre la cr\u00edtica al historicismo y la negaci\u00f3n de la filosof\u00eda de la historia\u00bb, por Herbert Frey<\/a><\/p><\/blockquote>\n<p><iframe loading=\"lazy\" class=\"wp-embedded-content\" sandbox=\"allow-scripts\" security=\"restricted\" style=\"position: absolute; clip: rect(1px, 1px, 1px, 1px);\" title=\"\u00ab\u00abNietzsche: la memoria, la historia: la\u00a0Segunda intempestiva\u00a0entre la cr\u00edtica al historicismo y la negaci\u00f3n de la filosof\u00eda de la historia\u00bb, por Herbert Frey\u00bb \u2014 Punto Cr\u00edtico Derechos Humanos\" src=\"https:\/\/puntocritico.com\/ausajpuntocritico\/2021\/02\/24\/nietzsche-la-memoria-la-historia-la-segunda-intempestiva-entre-la-critica-al-historicismo-y-la-negacion-de-la-filosofia-de-la-historia-por-herbert-frey\/embed\/#?secret=PlFkanLK24#?secret=RshL0DOPng\" data-secret=\"RshL0DOPng\" width=\"500\" height=\"282\" frameborder=\"0\" marginwidth=\"0\" marginheight=\"0\" scrolling=\"no\"><\/iframe><\/p>\n<blockquote class=\"wp-embedded-content\" data-secret=\"ZrIWMmjnP3\"><p><a href=\"https:\/\/puntocritico.com\/ausajpuntocritico\/2020\/07\/09\/albert-camus-nietzsche-y-el-nihilismo-2\/\">Albert Camus \u2013 Nietzsche y el nihilismo<\/a><\/p><\/blockquote>\n<p><iframe loading=\"lazy\" class=\"wp-embedded-content\" sandbox=\"allow-scripts\" security=\"restricted\" style=\"position: absolute; clip: rect(1px, 1px, 1px, 1px);\" title=\"\u00abAlbert Camus \u2013 Nietzsche y el nihilismo\u00bb \u2014 Punto Cr\u00edtico Derechos Humanos\" src=\"https:\/\/puntocritico.com\/ausajpuntocritico\/2020\/07\/09\/albert-camus-nietzsche-y-el-nihilismo-2\/embed\/#?secret=li9LrkrNBQ#?secret=ZrIWMmjnP3\" data-secret=\"ZrIWMmjnP3\" width=\"500\" height=\"282\" frameborder=\"0\" marginwidth=\"0\" marginheight=\"0\" scrolling=\"no\"><\/iframe><\/p>\n<blockquote class=\"wp-embedded-content\" data-secret=\"AYfs3oEn3l\"><p><a href=\"https:\/\/puntocritico.com\/ausajpuntocritico\/2017\/03\/14\/asi-hablo-zarathustra-por-friedrich-nietzsche\/\">AS\u00cd HABL\u00d3 ZARATHUSTRA, por Friedrich Nietzsche<\/a><\/p><\/blockquote>\n<p><iframe loading=\"lazy\" class=\"wp-embedded-content\" sandbox=\"allow-scripts\" security=\"restricted\" style=\"position: absolute; clip: rect(1px, 1px, 1px, 1px);\" title=\"\u00abAS\u00cd HABL\u00d3 ZARATHUSTRA, por Friedrich Nietzsche\u00bb \u2014 Punto Cr\u00edtico Derechos Humanos\" src=\"https:\/\/puntocritico.com\/ausajpuntocritico\/2017\/03\/14\/asi-hablo-zarathustra-por-friedrich-nietzsche\/embed\/#?secret=6C5YoUrCls#?secret=AYfs3oEn3l\" data-secret=\"AYfs3oEn3l\" width=\"500\" height=\"282\" frameborder=\"0\" marginwidth=\"0\" marginheight=\"0\" scrolling=\"no\"><\/iframe><\/p>\n<p>&nbsp;<\/p>\n<p>&nbsp;<\/p>\n<p>&nbsp;<\/p>\n<p><a href=\"https:\/\/puntocritico.com\/ausajpuntocritico\/author\/punto-critico\/\"><img loading=\"lazy\" decoding=\"async\" class=\"aligncenter wp-image-9528\" src=\"https:\/\/puntocritico.com\/ausajpuntocritico\/wp-content\/uploads\/2018\/03\/Mosca_Punto_Cr\u00edtico_40.png\" alt=\"\" width=\"80\" height=\"80\" data-id=\"9528\" \/><\/a><\/p>\n<p>&nbsp;<\/p>\n","protected":false},"excerpt":{"rendered":"<div class=\"mh-excerpt\"><p>ESTADO ES EL NOMBRE QUE SE DA AL M\u00c1S FR\u00cdO DE TODOS LOS MONSTRUOS FR\u00cdOS &nbsp; NUESTROS DERECHOS SON DE PAPEL AUSAJ, 2017 &nbsp; \u201cLa Constituci\u00f3n garantiza el principio de legalidad, la jerarqu\u00eda normativa, la <a class=\"mh-excerpt-more\" href=\"https:\/\/puntocritico.com\/ausajpuntocritico\/2022\/08\/24\/estado-es-el-nombre-que-se-da-al-mas-frio-de-todos-los-monstruos-frios-por-friedrich-nietzsche-3\/\" title=\"ESTADO ES EL NOMBRE QUE SE DA AL M\u00c1S FR\u00cdO DE TODOS LOS MONSTRUOS FR\u00cdOS, por Friedrich Nietzsche\">[&#8230;]<\/a><\/p>\n<\/div>","protected":false},"author":3,"featured_media":6055,"comment_status":"open","ping_status":"closed","sticky":false,"template":"","format":"standard","meta":{"_acf_changed":false,"_exactmetrics_skip_tracking":false,"_exactmetrics_sitenote_active":false,"_exactmetrics_sitenote_note":"","_exactmetrics_sitenote_category":0,"footnotes":""},"categories":[7,15],"tags":[53],"class_list":{"0":"post-2254929","1":"post","2":"type-post","3":"status-publish","4":"format-standard","5":"has-post-thumbnail","7":"category-politica","8":"category-sabiduria_perenne","9":"tag-nietzsche"},"acf":[],"_links":{"self":[{"href":"https:\/\/puntocritico.com\/ausajpuntocritico\/wp-json\/wp\/v2\/posts\/2254929","targetHints":{"allow":["GET"]}}],"collection":[{"href":"https:\/\/puntocritico.com\/ausajpuntocritico\/wp-json\/wp\/v2\/posts"}],"about":[{"href":"https:\/\/puntocritico.com\/ausajpuntocritico\/wp-json\/wp\/v2\/types\/post"}],"author":[{"embeddable":true,"href":"https:\/\/puntocritico.com\/ausajpuntocritico\/wp-json\/wp\/v2\/users\/3"}],"replies":[{"embeddable":true,"href":"https:\/\/puntocritico.com\/ausajpuntocritico\/wp-json\/wp\/v2\/comments?post=2254929"}],"version-history":[{"count":0,"href":"https:\/\/puntocritico.com\/ausajpuntocritico\/wp-json\/wp\/v2\/posts\/2254929\/revisions"}],"wp:featuredmedia":[{"embeddable":true,"href":"https:\/\/puntocritico.com\/ausajpuntocritico\/wp-json\/wp\/v2\/media\/6055"}],"wp:attachment":[{"href":"https:\/\/puntocritico.com\/ausajpuntocritico\/wp-json\/wp\/v2\/media?parent=2254929"}],"wp:term":[{"taxonomy":"category","embeddable":true,"href":"https:\/\/puntocritico.com\/ausajpuntocritico\/wp-json\/wp\/v2\/categories?post=2254929"},{"taxonomy":"post_tag","embeddable":true,"href":"https:\/\/puntocritico.com\/ausajpuntocritico\/wp-json\/wp\/v2\/tags?post=2254929"}],"curies":[{"name":"wp","href":"https:\/\/api.w.org\/{rel}","templated":true}]}}