{"id":2254684,"date":"2022-08-30T00:05:30","date_gmt":"2022-08-29T22:05:30","guid":{"rendered":"https:\/\/puntocritico.com\/ausajpuntocritico\/?p=2254684"},"modified":"2024-10-11T15:58:36","modified_gmt":"2024-10-11T13:58:36","slug":"general-motors-la-corporacion-que-enveneno-el-mundo","status":"publish","type":"post","link":"https:\/\/puntocritico.com\/ausajpuntocritico\/2022\/08\/30\/general-motors-la-corporacion-que-enveneno-el-mundo\/","title":{"rendered":"GENERAL MOTORS, la Corporaci\u00f3n que envenen\u00f3 el mundo y destruy\u00f3 nuestra salud inund\u00e1ndonos de gasolina con plomo y clorofluorocarbonos (CFC&#8217;s)."},"content":{"rendered":"<p style=\"text-align: justify;\"><span style=\"color: #008000; font-size: 14pt;\">GENERAL MOTORS, la Corporaci\u00f3n que envenen\u00f3 el mundo<\/span><\/p>\n\n<p>&nbsp;<\/p>\n<blockquote>\n<h2 style=\"text-align: center;\"><strong>LOS QUE ENVENENAN EL MUNDO<\/strong><\/h2>\n<p style=\"text-align: center;\"><span style=\"font-size: 14pt;\"><strong>Son ellas, las que no son nosotros; las Corporaciones, esas \u00aban\u00f3nimas\u00bb personas de papel que no solo tienen m\u00e1s Derechos que nosotros, sino que tienen Derechos sobre nosotros<\/strong><\/span><\/p>\n<p style=\"text-align: right;\">\u00ab<em>No podemos esperar, por la misma naturaleza de las cosas, que broten hojas de un arbolito convertido en garrote<\/em>\u00ab<\/p>\n<p style=\"text-align: right;\">(Martin Buber, \u00abCaminos de utop\u00eda\u00bb)<\/p>\n<p>&nbsp;<\/p>\n<p><img loading=\"lazy\" decoding=\"async\" class=\"aligncenter wp-image-2255100\" src=\"https:\/\/puntocritico.com\/ausajpuntocritico\/wp-content\/uploads\/2022\/08\/General-Motors-marcas.jpg\" alt=\"\" width=\"440\" height=\"342\" data-id=\"2255100\" \/><\/p>\n<p style=\"text-align: justify;\">\u00a0<\/p>\n<p style=\"text-align: justify;\"><span style=\"font-size: 14pt;\">En el mismo instante de ser elegidos como nuestros representantes, dejan de ser nuestros representantes. Saben que nunca volver\u00e1n a su antigua actividad, ni a su antiguo trabajo. No volver\u00e1n a la comunidad a la que pertenec\u00edan, en la que fueron electos. No ser\u00e1 un cambio temporal, sino permanente. <\/span><\/p>\n<p style=\"text-align: justify;\"><span style=\"font-size: 14pt;\">Elegidos para tomar decisiones en nombre de sus electores y que, desde que resultan electos, en realidad, ya solo importan sus decisiones. Los representados carecen de voluntad. La \u00fanica voluntad que importa es la del representante.\u00a0<\/span><\/p>\n<p style=\"text-align: justify;\"><span style=\"font-size: 14pt;\">Y a esa realidad totalitaria la llamamos Democracia.<\/span><\/p>\n<p style=\"text-align: justify;\"><span style=\"font-size: 14pt;\">Nuestros representantes han decidido que nosotros, quienes los hemos elegido para representarnos, somos los que debemos pagar por los da\u00f1os que la industria ha causado al planeta. Y que los causantes de los destrozos ambientales se queden con las inmensas riquezas que con esos da\u00f1os obtuvieron, y que no respondan de la destrucci\u00f3n de la naturaleza que han causado, ni de los miles de millones de personas que han matado, ni de las muchas m\u00e1s a las que lesionaron gravemente, como veremos.<\/span><\/p>\n<p>&nbsp;<\/p>\n<p><img loading=\"lazy\" decoding=\"async\" class=\"aligncenter wp-image-2255099\" src=\"https:\/\/puntocritico.com\/ausajpuntocritico\/wp-content\/uploads\/2022\/08\/220px-General_Motors_Company_1916.jpg\" alt=\"\" width=\"330\" height=\"216\" data-id=\"2255099\" \/><\/p>\n<p>&nbsp;<\/p>\n<p style=\"text-align: justify;\"><span style=\"font-size: 14pt;\">Pero, \u00bfc\u00f3mo podemos elegir representantes en el mundo actual? \u00abGracias\u00bb a los medios de informaci\u00f3n, que nos informan acerca de aqu\u00e9llo que nosotros no tenemos la mera posibilidad de conocer directamente.<\/span><\/p>\n<p style=\"text-align: justify;\"><span style=\"font-size: 14pt;\">Es una funci\u00f3n esencial que, constitucionalmente se expresa como el Derecho Fundamental (Derecho Humano) a recibir Informaci\u00f3n Veraz.\u00a0<\/span><\/p>\n<p style=\"text-align: justify;\"><span style=\"font-size: 14pt;\">Sin embargo, se trata de un negocio. Que llevan a cabo sociedades mercantiles, cuya \u00fanica finalidad es, por definici\u00f3n, maximizar el beneficio de sus accionistas.<\/span><\/p>\n<p style=\"text-align: justify;\"><span style=\"font-size: 14pt;\">Cuando el mal desempe\u00f1o de su esencial funci\u00f3n supone un perjuicio para los accionistas, no hay mayor problema.<\/span><\/p>\n<p style=\"text-align: justify;\"><span style=\"font-size: 14pt;\">Pero cuando, como es el caso, el enga\u00f1o y la desinformaci\u00f3n proporcionan beneficio, estamos ante una falla del sistema.<\/span><\/p>\n<p style=\"text-align: justify;\"><span style=\"font-size: 14pt;\">Es la falla que explotan los corruptos: <strong>La Desinformaci\u00f3n en inter\u00e9s de los Delincuentes de Estado<\/strong> (que, en Espa\u00f1a, conocemos por otro nombre: <a href=\"https:\/\/puntocritico.com\/ausajpuntocritico\/2021\/10\/30\/de-camisa-vieja-a-chaqueta-nueva\/\">R\u00e9gimen del 78<\/a>).<\/span><\/p>\n<p style=\"text-align: justify;\"><span style=\"font-size: 14pt;\">En el caso que nos ocupa, publicamos esta entrada como respuesta a la censura sufrida por alertar de la responsabilidad Corporativa en la situaci\u00f3n ambiental del planeta y su interesada desviaci\u00f3n de la Responsabilidad hacia los ciudadanos &#8211; en un medio presuntamente liberal, el digital \u00abVozpopuli\u00bb, que paga <strong>Iberdrola<\/strong>, su principal anunciante (lo que la convierte, a efectos pr\u00e1cticos, en su due\u00f1o). Dudamos en nombrar el medio, pues no est\u00e1bamos convencidos de si se trataba de una v\u00edctima -obligada a censurar para conservar su viabilidad- o solo de un sicario del poder de desinformaci\u00f3n: Juzguen ustedes.<\/span><\/p>\n<p style=\"text-align: justify;\"><span style=\"font-size: 14pt;\"><strong>IBERDROLA<\/strong>, esa multinacional de la energ\u00eda que surgi\u00f3 del Franquismo para el <a href=\"https:\/\/puntocritico.com\/ausajpuntocritico\/2022\/04\/12\/nacionalismo-y-franquismo-el-regimen-del-78\/\">R\u00e9gimen del 78&#8242;<\/a>, y que, como las dem\u00e1s que nacen en Espa\u00f1a tras la Constituci\u00f3n de 1978, iniciaron su andadura empresarial gracias a las Concesiones de explotaci\u00f3n hidroel\u00e9ctrica, \u00ablos Embalses\u00bb (<a href=\"https:\/\/puntocritico.com\/ausajpuntocritico\/2021\/08\/24\/historia-del-sistema-electrico-espanol-parte-2-2\/\">Concesiones de Dominio P\u00fablico y Suministro el\u00e9ctrico<\/a>),\u00a0 que Franco construy\u00f3 con lo que era de todos, el medio ambiente y el caudal de nuestros r\u00edos, y de los que el R\u00e9gimen del 78 se apropi\u00f3 para sus fines de enriquecimiento privado. Y conserv\u00f3, y ampli\u00f3, tras la \u00abtra(ns)ici\u00f3n\u00bb.<\/span><\/p>\n<p style=\"text-align: justify;\"><span style=\"font-size: 14pt;\">En el caso de <strong>IBERDROLA<\/strong>, fueron m\u00e1s importantes para su conversi\u00f3n en \u00abMultinacional Privada\u00bb los expolios de las Centrales de producci\u00f3n de energ\u00eda, las instalaciones de Combusti\u00f3n, conseguidas tras el expolio de <a href=\"https:\/\/puntocritico.com\/ausajpuntocritico\/2021\/08\/25\/historia-del-sistema-electrico-espanol-parte-iii-2\/\"><strong>ENDESA<\/strong><\/a>, la empresa p\u00fablica, de inter\u00e9s nacional, entonces la principal productora de eneng\u00eda el\u00e9ctrica de Espa\u00f1a y que, al igual que pas\u00f3 con Telef\u00f3nica y tantas otras Empresas P\u00fablicas, nos fueron expoliadas a todos en beneficio de unos pocos, muy pocos. <\/span><\/p>\n<p style=\"text-align: justify;\"><span style=\"font-size: 14pt;\">IBERDROLA,\u00a0 una empresa que, antes -1901- se llamaba HIDROEL\u00c9CTRICA IBERICA, que se fusion\u00f3 con Saltos del-DUERO (IBERDUERO); que a\u00f1os m\u00e1s tarde, 1991, tambi\u00e9n se fusion\u00f3 con HIDROEL\u00c9CTRICA ESPA\u00d1OLA (HIDROLA), creada en 1907, formando IBERDROLA, con unos \u00abactivos\u00bb consistentes en aqu\u00e9llas Concesiones asumidas u otorgadas durante la Dictadura (as\u00ed, entre otras, la Central T\u00e9rmica de Castell\u00f3n; o la de Escombreras; en definitiva adem\u00e1s de las centrales hidr\u00e1ulicas y t\u00e9rmicas, la nuclear de Cofrentes, u otras Cetrales de generaci\u00f3n como las de Jumilla, Alcoy, Requena, Villaseca de la Sagra, Madrid, Cuenca, etc).<\/span><\/p>\n<\/blockquote>\n<blockquote>\n<p style=\"text-align: justify;\"><span style=\"font-size: 14pt;\"><strong>Es decir, en beneficio de los mismos que ahora manipulan a la poblaci\u00f3n creando y manteniendo medios que justifican, cuando no pueden silenciar, sus robos y fraudes, de los que nosotros, que nos cre\u00edmos \u00abel pueblo\u00bb, somos solo sus v\u00edctimas<\/strong>.<\/span><\/p>\n<p style=\"text-align: justify;\"><span style=\"font-size: 14pt;\">Los hechos constituyen, presuntamente, graves tipos penales. Que, sin embargo, nunca se han investigado judicialmente, han sido relegados al olvido por los Jueces. Es lo que nos han colado como \u00ab<strong><em>independencia judicial<\/em><\/strong>\u00ab, y que es la manera de dejar impunes estos hechos, y tantos otros similares a lo largo de estos \u00abotros\u00bb 40 a\u00f1os: <strong>Los Jueces son Independientes para que puedan seguir siendo Parciales<\/strong>. Delitos tapados por Delitos m\u00e1s graves.<\/span><\/p>\n<p><span style=\"font-size: 14pt;\"><strong>Todos Impunes, Delincuentes de cuello blanco y Jueces de coraz\u00f3n negro.<\/strong><\/span><\/p>\n<p style=\"text-align: justify;\"><span style=\"font-size: 14pt;\">Por lo dem\u00e1s, todo ello supone un grave quebranto del orden constitucional.<\/span><\/p>\n<p style=\"text-align: justify;\"><span style=\"font-size: 14pt;\">Pensemos en el <a href=\"https:\/\/puntocritico.com\/ausajpuntocritico\/2022\/07\/27\/sentencia-definitiva-del-caso-eres-la-corrupcion-forma-del-estado-espanol\/\">robo de los \u00abERE&#8217;s\u00bb en Andaluc\u00eda<\/a>. \u00bfQuien podr\u00eda competir con las \u00abempresas\u00bb agraciadas con los productos del expolio? <\/span><\/p>\n<p style=\"text-align: justify;\"><span style=\"font-size: 14pt;\">Si, por poner un ejemplo evidente, los padres del corrupto que ten\u00edan \u00abdinero para asar vacas\u00bb tienen alg\u00fan negocio, empiezan disponiendo de 100.000 euros el mes. \u00bfLibre Competencia? <strong>SEDICI\u00d3N<\/strong>. <strong>Perversi\u00f3n del orden constitucional por medio de la violencia y la coacci\u00f3n p\u00fablicas ejercidas ileg\u00edtima e inconstitucionalmente por estas bandas criminales<\/strong>.<\/span><\/p>\n<p style=\"text-align: justify;\"><span style=\"font-size: 14pt;\">Vamos m\u00e1s all\u00e1: Pensemos en la <strong>ESCLAVITUD<\/strong> -que, adem\u00e1s, esconde un <a href=\"https:\/\/puntocritico.com\/ausajpuntocritico\/2021\/09\/23\/la-esclavitud-en-huelva-que-los-jueces-se-negaron-a-investigar-demanda-de-amparo-constitucional\/\">expolio brutal, durante d\u00e9cadas, de los Fondos que la U.E. entrega a Espa\u00f1a para luchar contra la Trata y la Esclavitud<\/a>, fondos que se entregaban, por el Gobierno andaluz -en concreto, por la hoy Ministra de Hacienda, Mar\u00eda Jes\u00fas Montero-, a las <a href=\"https:\/\/puntocritico.com\/ausajpuntocritico\/2019\/12\/26\/el-martirio-judicial-de-las-temporeras-marroquies-de-la-fresa-la-esclavitud-en-espana-es-cuestion-de-estado\/\">Organizaciones Criminales de Tratantes de Seres Humanos, protegidas por el Estado<\/a>, por sus <a href=\"https:\/\/puntocritico.com\/ausajpuntocritico\/2021\/11\/11\/los-jueces-de-huelva-no-aplican-la-ley-organica-4-2000\/\">Jueces<\/a>, por su <a href=\"https:\/\/puntocritico.com\/ausajpuntocritico\/2021\/11\/04\/temporeras-contra-la-esclavitud-analisis-de-los-informes-de-la-inspeccion-de-trabajo-en-la-demanda-de-amparo-constitucional\/\">Inspecci\u00f3n de Trabajo<\/a>, por sus <a href=\"https:\/\/puntocritico.com\/ausajpuntocritico\/2021\/10\/28\/analisis-de-los-atestados-policiales\/\">Cuerpos y Fuerzas de Seguridad<\/a> y hasta &#8230; \u00a1por los <a href=\"https:\/\/puntocritico.com\/ausajpuntocritico\/2018\/10\/04\/las-temporeras-contra-la-esclavitud-huyen-del-sat-por-perico-echevarria\/\">Sindicatos \u00abde clase\u00bb<\/a>!<\/span><\/p>\n<p><span style=\"font-size: 14pt;\">\u00bfC\u00f3mo competir con estas Organizaciones Criminales en la producci\u00f3n agraria?<\/span><\/p>\n<p style=\"text-align: justify;\"><span style=\"font-size: 14pt;\">S\u00f3lo es posible acudiendo tambi\u00e9n al <a href=\"https:\/\/puntocritico.com\/ausajpuntocritico\/2021\/10\/21\/tratarevictimizacion\/\">Trabajo Esclavo<\/a>. Como se est\u00e1 viendo, la esclavitud en Espa\u00f1a no deja de crecer, lo que se aprecia con claridad, pese a <a href=\"https:\/\/puntocritico.com\/ausajpuntocritico\/2022\/01\/13\/temporeras-contra-la-esclavitud-el-mundo-el-diario-de-la-bola-y-el-bulo\/\">la trama medi\u00e1tica de encubrimiento<\/a>.<\/span><\/p>\n<p style=\"text-align: justify;\"><span style=\"font-size: 14pt;\"><a href=\"https:\/\/puntocritico.com\/ausajpuntocritico\/2021\/10\/14\/esclavitud-laboral-y-sexual-la-trata-de-personas-en-los-campos-de-fresas-de-huelva-antecedentes-publicados-2001-2010-2\/\">En Espa\u00f1a, la esclavitud es un hecho<\/a>, sobre el que, ahora, que <a href=\"https:\/\/puntocritico.com\/ausajpuntocritico\/2019\/09\/15\/jueces-juezas-y-tratantes-de-esclavas-temporeras-contra-la-esclavitud-recurso-contra-auto-de-archivo-juzgado-de-instruccion-numero-1-de-la-palma-del-condado-huelva\/\">tenemos gran cantidad de pruebas (que los Juzgados se niegan a admitir<\/a>&#8211; est\u00e1 prohibido informar (<a href=\"https:\/\/puntocritico.com\/ausajpuntocritico\/2021\/10\/14\/esclavitud-laboral-y-sexual-la-trata-de-personas-en-los-campos-de-fresas-de-huelva-antecedentes-publicados-2001-2010-2\/\">no estaba prohibido antes, cuando no hab\u00eda pruebas s\u00f3lidas<\/a>).<\/span><\/p>\n<p style=\"text-align: justify;\"><span style=\"font-size: 14pt;\">\u00a1\u00a1LA ESCLAVITUD!!\u00a0<\/span><\/p>\n<p style=\"text-align: justify;\"><span style=\"font-size: 14pt;\">Promovida y Encubierta por esta <a href=\"https:\/\/puntocritico.com\/ausajpuntocritico\/2019\/09\/26\/la-izquierda-toda-la-izquierda-inutil-para-la-clase-trabajadora-por-nicolas-garcia-pedrajas-republicado-2\/\">autodenominada Izquierda<\/a>; una <a href=\"https:\/\/puntocritico.com\/ausajpuntocritico\/2022\/05\/17\/la-izquierda-reaccionaria-la-deriva-reaccionaria-de-la-izquierda-por-felix-ovejero\/\">Izquierda Reaccionaria<\/a> y Neoliberal, Psicop\u00e1tica e infantil. Y, sobre todo, protegida por los Jueces mismos que han eliminado la id\u00e9a de Justicia en el ejercicio de su funci\u00f3n. Y que ahora se preparan para abandonar el Principio de Legalidad, sustituy\u00e9ndolo por el de Oportunidad. <\/span><\/p>\n<p style=\"text-align: justify;\"><span style=\"font-size: 14pt;\">Es el fin del Estado de Derecho. Ejecutado por los Jueces,\u00a0 por esos mismos Jueces constitucionalmente llamados a garantizar el \u00abimperio de la Ley\u00bb.<\/span><\/p>\n<p>&nbsp;<\/p>\n<p><img loading=\"lazy\" decoding=\"async\" class=\"aligncenter wp-image-2255098\" src=\"https:\/\/puntocritico.com\/ausajpuntocritico\/wp-content\/uploads\/2022\/08\/220px-General_Motors_Corporations_Specimen_Stock_Certificate.jpg\" alt=\"\" width=\"280\" height=\"196\" data-id=\"2255098\" \/><\/p>\n<p tabindex=\"-1\" data-thread-perm-id=\"thread-a:r-4903571414847049470\" data-legacy-thread-id=\"182bbfbf71811405\">\u00a0<\/p>\n<p id=\":pj\" class=\"hP\" style=\"text-align: justify;\" tabindex=\"-1\" data-thread-perm-id=\"thread-a:r-4903571414847049470\" data-legacy-thread-id=\"182bbfbf71811405\"><span style=\"font-size: 14pt;\">Desde los tiempos de Sumeria hasta la Roma Imperial, desde las Monarqu\u00edas Absolutistas a las Rep\u00fablicas Revolucionarias o desde la Rusia Sovi\u00e9tica a la Alemana Nazi, cada nuevo r\u00e9gimen genera su propia burgues\u00eda, con la que actuar socialmente, apuntalando y fortaleciendo el nuevo r\u00e9gimen.\u00a0<\/span><\/p>\n<p class=\"hP\" style=\"text-align: justify;\" tabindex=\"-1\" data-thread-perm-id=\"thread-a:r-4903571414847049470\" data-legacy-thread-id=\"182bbfbf71811405\"><span style=\"font-size: 14pt;\">Sin embargo, en la Espa\u00f1a del R\u00e9gimen del 78 se parti\u00f3 del status quo existente durante el franquismo, para llegar &#8230; al mismo status quo de Franquismo. <a href=\"https:\/\/puntocritico.com\/ausajpuntocritico\/2022\/07\/12\/cartel-de-constructoras\/\">La Burgues\u00eda del franquismo es la misma que tras la Constituci\u00f3n del 78<\/a>.<\/span><\/p>\n<div dir=\"auto\">\n<div dir=\"auto\" style=\"text-align: justify;\"><span style=\"font-size: 14pt;\">Pero la representaci\u00f3n pol\u00edtica no puede tener\u00a0 por efecto modificar la sociedad a la que deber\u00eda representar,\u00a0 sin perder \u00e9sta la Libertad.<\/span><\/div>\n<div dir=\"auto\">\u00a0<\/div>\n<div dir=\"auto\" style=\"text-align: center;\"><span style=\"color: #008000; font-size: 18pt;\">***<\/span><\/div>\n<\/div>\n<\/blockquote>\n<blockquote>\n<div dir=\"auto\">\n<div dir=\"auto\" style=\"text-align: justify;\"><span style=\"font-size: 14pt;\">En el caso que nos ocupa, el R\u00e9gimen del 78&#8242; no tiene inconveniente en divulgar, siempre que se cumpla una condici\u00f3n particular: Los hechos no pueden ser imputados al sistema corrupto. No pueden imputarse a la gran Corporaci\u00f3n Multinacional, \u00abGENERAL MOTORS\u00bb, que se benefici\u00f3 incre\u00edblemente con la muerte y la destrucci\u00f3n del planeta. <strong>S\u00f3lo puede ser publicado cuando la responsabilidad se sit\u00faa, no en las Corporaciones, que se lucraron inmensamente mientras nos envenenaban, a nosotros y al Mundo, sino en los empleados de la Corporaci\u00f3n<\/strong>, en el cient\u00edfico contratado, que en cuanto a estos grav\u00edsimos hechos, fue <strong>Thomas Midgley Jr<\/strong>. <\/span><\/div>\n<div dir=\"auto\">\u00a0<\/div>\n<div dir=\"auto\" style=\"text-align: justify;\"><span style=\"font-size: 14pt;\">Por otra parte, vemos c\u00f3mo se intenta desvincular la venta de Gasolina sin plomo, una vez que fue prohibida la que lo conten\u00eda, del \u00abCambio clim\u00e1tico\u00bb. Pese a que es el CO2 emitido por los motores de combusti\u00f3n, resulta ser uno de los principales causantes del calentamiento global (o al menos, eso afirman los \u00abCalent\u00f3logos Corporativistas\u00bb, pobladores de los medios desinformadores, mercenarios al servicio del corporativismo sin conciencia). <\/span><\/div>\n<div dir=\"auto\">\u00a0<\/div>\n<div dir=\"auto\" style=\"text-align: justify;\"><span style=\"font-size: 14pt;\">Porque tu eres el Responsable, tu que les cre\u00edste, tu que no pod\u00edas hacer otra cosa que lo que todos se\u00f1alaban como \u00abbueno\u00bb. Igual que en los dem\u00e1s \u00e1mbitos de tu vida: \u00bfLos pol\u00edticos roban y blanquean? T\u00fa no puedes tener dinero en el bolsillo. \u00bf<\/span><a style=\"font-size: 14pt;\" href=\"https:\/\/puntocritico.com\/ausajpuntocritico\/2022\/06\/25\/los-ejercitos-secretos-de-la-otan-documental\/\">Que los servicios secretos ponen bombas y cometen asesinatos terroristas<\/a><span style=\"font-size: 14pt;\">? Tu vas a ser se\u00f1alado, registrado y detenido por los servicios de seguridad que contra la constitucional \u00abPresunci\u00f3n de Inocencia\u00bb, te consideran -y tratan- como culpable solo por pisar un aeropuerto. \u00bf<\/span><a style=\"font-size: 14pt;\" href=\"https:\/\/puntocritico.com\/ausajpuntocritico\/2017\/10\/19\/el-cartel-del-fuego-por-daniel-toledo\/\">Que los corruptos queman bosques<\/a><span style=\"font-size: 14pt;\">? Tu no puedes ir al campo. <\/span><\/div>\n<div dir=\"auto\">\u00a0<\/div>\n<div dir=\"auto\" style=\"text-align: justify;\"><span style=\"font-size: 14pt;\">El camino se va cerrando sobre nuestra desinformaci\u00f3n. Su punto final ser\u00eda que quien tira un papel a la calle sea linchado y lapidado por <\/span><a style=\"font-size: 14pt;\" href=\"https:\/\/puntocritico.com\/ausajpuntocritico\/2022\/04\/20\/cobardia-madre-de-crueldad\/\">una multitud cobarde, en transito hacia la crueldad<\/a><span style=\"font-size: 14pt;\">, al grito de \u00abQuiere acabar con el planeta, mat\u00e9mosle\u00bb. <\/span><\/div>\n<div dir=\"auto\">\u00a0<\/div>\n<div dir=\"auto\" style=\"text-align: justify;\"><span style=\"font-size: 14pt;\">Porque, en efecto, somos nosotros los responsables. Somos responsables de nuestro voto. Y, al votar desinformados, nuestros votos no son libres. <\/span><\/div>\n<div dir=\"auto\">\u00a0<\/div>\n<div dir=\"auto\" style=\"text-align: justify;\"><span style=\"font-size: 14pt;\">Por eso, comeremos cucarachas y gusanos.<\/span><\/div>\n<\/div>\n<p style=\"text-align: right;\"><span style=\"font-size: 14pt;\">Chus<\/span><\/p>\n<p>&nbsp;<\/p>\n<p style=\"text-align: center;\"><span style=\"font-size: 14pt;\"><strong><span style=\"color: #008000;\">HAY QUE LUCHAR POR LA INFORMACI\u00d3N COMO SE LUCHA POR LA LIBERTAD: SON LO MISMO.<\/span><\/strong><\/span><\/p>\n<p>&nbsp;<\/p>\n<p><a href=\"https:\/\/www.oldstocks.com\/general-motors-gm-corporation-1950s\/\" target=\"_blank\" rel=\"noopener\" data-schema-attribute=\"\"><img loading=\"lazy\" decoding=\"async\" class=\"aligncenter size-full wp-image-2255097\" src=\"https:\/\/puntocritico.com\/ausajpuntocritico\/wp-content\/uploads\/2022\/08\/gm50_red__67497.jpg\" alt=\"\" width=\"500\" height=\"358\" data-id=\"2255097\" srcset=\"https:\/\/puntocritico.com\/ausajpuntocritico\/wp-content\/uploads\/2022\/08\/gm50_red__67497.jpg 500w, https:\/\/puntocritico.com\/ausajpuntocritico\/wp-content\/uploads\/2022\/08\/gm50_red__67497-300x215.jpg 300w\" sizes=\"auto, (max-width: 500px) 100vw, 500px\" \/><\/a><\/p>\n<p style=\"text-align: center;\"><strong><span style=\"color: #008000; font-size: 18pt;\">*******<\/span><\/strong><\/p>\n<p style=\"text-align: justify;\"><span style=\"font-size: 14pt; color: #008000;\">S\u00c1NCHEZ GAL\u00c1N, PALAD\u00cdN DE LA DESINFORMACI\u00d3N<\/span><\/p>\n<h2 class=\"landscapePhotoRight__title\" style=\"text-align: center;\"><span style=\"font-size: 24pt;\">Un tabloide brit\u00e1nico carga contra el sueldo de Gal\u00e1n en plena crisis energ\u00e9tica<\/span><\/h2>\n<p class=\"landscapePhotoRight__subTitle\" style=\"text-align: center;\"><strong><span style=\"font-size: 14pt;\">El Daily Record y su edici\u00f3n dominical, el Sunday Mail, han llevado a sus portadas que el directivo espa\u00f1ol ingres\u00f3 m\u00e1s de 11 millones de libras en el a\u00f1o 2021.<\/span><\/strong><\/p>\n<p style=\"text-align: center;\"><strong><span style=\"font-size: 14pt;\">Esta portada llega despu\u00e9s de que\u00a0el juez Garc\u00eda Castell\u00f3n archivara en junio el caso para el presidente de Iberdrola\u00a0y, en julio,\u00a0el de la filial de energ\u00edas renovables. Ambas cosas por la prescripci\u00f3n de los presuntos delitos de cohecho activo, contra la intimidad de las personas y falsedad en documento mercantil. La Fiscal\u00eda Anticorrupci\u00f3n recurri\u00f3 el sobreseimiento libre que el juez otorg\u00f3 a Gal\u00e1n y, si mantiene el mismo criterio, probablemente recurra tambi\u00e9n el de la filial.<\/span><\/strong><\/p>\n<p style=\"text-align: justify;\"><span style=\"font-size: 14pt;\"><a href=\"https:\/\/www.elconfidencial.com\/empresas\/2022-08-21\/sueldo-galan-iberdrola-prensa-tabloide-britanica_3478686\/\" target=\"_blank\" rel=\"noopener\">El Confidencial<\/a>, 21 AGOSTO 2022<\/span><\/p>\n<p><a href=\"https:\/\/twitter.com\/Sunday_Mail\/status\/1561079767838982144?ref_src=twsrc%5Etfw%7Ctwcamp%5Etweetembed%7Ctwterm%5E1561079767838982144%7Ctwgr%5Eb1b9d7cf3a7b2ede11cfae2faa7240e84cbd29ec%7Ctwcon%5Es1_&amp;ref_url=https%3A%2F%2Fwww.elconfidencial.com%2Fempresas%2F2022-08-21%2Fsueldo-galan-iberdrola-prensa-tabloide-britanica_3478686%2F\" target=\"_blank\" rel=\"noopener\"><img loading=\"lazy\" decoding=\"async\" class=\"aligncenter wp-image-2255331\" src=\"https:\/\/puntocritico.com\/ausajpuntocritico\/wp-content\/uploads\/2022\/08\/Galan-on-fire-234x300.png\" alt=\"\" width=\"480\" height=\"616\" data-id=\"2255331\" srcset=\"https:\/\/puntocritico.com\/ausajpuntocritico\/wp-content\/uploads\/2022\/08\/Galan-on-fire-234x300.png 234w, https:\/\/puntocritico.com\/ausajpuntocritico\/wp-content\/uploads\/2022\/08\/Galan-on-fire.png 530w\" sizes=\"auto, (max-width: 480px) 100vw, 480px\" \/><\/a><\/p>\n<p>&nbsp;<\/p>\n<p style=\"text-align: justify;\"><span style=\"font-size: 14pt;\">Los\u00a0kioskos de prensa escoceses han amanecido con las fotos de\u00a0<strong>Ignacio S\u00e1nchez Gal\u00e1n<\/strong>, presidente ejecutivo de Iberdrola. El dominical\u00a0<strong>Sunday Mail<\/strong>\u00a0y la versi\u00f3n digital de su edici\u00f3n de diario, el\u00a0<strong>Daily Record<\/strong>, abren este domingo con una informaci\u00f3n acerca del sueldo del principal ejecutivo de la empresa espa\u00f1ola, compa\u00f1\u00eda que a su vez es la matriz de la energ\u00e9tica\u00a0<strong>Scottish Power<\/strong>.<\/span><\/p>\n<p style=\"text-align: justify;\" data-mrf-recirculation=\"links-parrafos\"><span style=\"font-size: 14pt;\">Con una gran foto y ocupando el espacio principal de su portada, el Sunday Mail destaca que S\u00e1nchez Gal\u00e1n gan\u00f3 en el \u00faltimo ejercicio\u00a0<strong>11,2 millones de libras<\/strong>\u00a0-m\u00e1s de 13 millones de euros-, a la vez que los consumidores est\u00e1n sufriendo una continua escalada en el precio de los combustibles. El diario tambi\u00e9n a\u00f1ade al contexto de esta informaci\u00f3n el\u00a0<strong>caso Villarejo,\u00a0<\/strong>la causa judicial por la que la Audiencia Nacional investiga los presuntos encargos de la mayor el\u00e9ctrica espa\u00f1ola a la compa\u00f1\u00eda del comisario para espiar a pol\u00edticos y rivales.<\/span><\/p>\n<p style=\"text-align: justify;\" data-mrf-recirculation=\"links-parrafos\"><span style=\"font-size: 14pt;\">Esta portada llega despu\u00e9s de que\u00a0<a href=\"https:\/\/www.elconfidencial.com\/espana\/2022-06-23\/el-juez-archiva-la-causa-contra-galan-por-el-caso-villarejo_3448610\/\" target=\"_blank\" rel=\"noopener\" data-schema-attribute=\"\">el juez Garc\u00eda Castell\u00f3n archivara en junio el caso para el presidente de Iberdrola<\/a>\u00a0y, en julio,\u00a0<a href=\"https:\/\/www.elconfidencial.com\/espana\/2022-07-27\/juez-caso-villarejo-archivo-iberdrola-prescripcion_3467477\" data-schema-attribute=\"\" target=\"_blank\" rel=\"noopener\">el de la filial de energ\u00edas renovables<\/a>. Ambas cosas por la <strong>prescripci\u00f3n<\/strong> de los presuntos delitos de cohecho activo, contra la intimidad de las personas y falsedad en documento mercantil. La Fiscal\u00eda Anticorrupci\u00f3n recurri\u00f3 el sobreseimiento libre que el juez otorg\u00f3 a Gal\u00e1n y, si mantiene el mismo criterio, probablemente recurra tambi\u00e9n el de la filial.<\/span><\/p>\n<p style=\"text-align: justify;\" data-mrf-recirculation=\"links-parrafos\"><span style=\"font-size: 14pt;\">El Sunday Mail tambi\u00e9n menciona la pol\u00e9mica levantada por las palabras de Gal\u00e1n, cuando en mayo<strong>\u00a0calific\u00f3 de \u00abtontos\u00bb a los consumidores\u00a0<\/strong>que se hubieran acogido a la tarifa regulada. Estas declaraciones, por las que tuvo que pedir disculpas a aquellos que se hubieran sentido ofendidos, provocaron incluso que la vicepresidenta primera del Gobierno, Nadia Calvi\u00f1o,\u00a0<a href=\"https:\/\/www.elconfidencial.com\/empresas\/2022-05-06\/iberdrola-galan-tontos-tarifa-regulada-empatia-calvino_3420148\/\" target=\"_blank\" rel=\"noopener\" data-schema-attribute=\"\">afeara al directivo su \u00abfalta de empat\u00eda\u00bb<\/a>.<\/span><\/p>\n<div id=\"sm-it-main-container-1661260788841\" class=\"sm-it-main-container\" data-it=\"994e93af-d30b-4eb3-b2c9-c3dd5d96ec69\" data-device=\"desktop\" data-index=\"0\">\n<div class=\"innerArticle__content newsType\">\n<div class=\"newsType__content news-body-complete \" style=\"text-align: justify;\"><span style=\"font-size: 14pt;\">\u00a0El diario se hace eco tambi\u00e9n de las cr\u00edticas del Partido Liberal Dem\u00f3crata escoc\u00e9s. \u00abMientras millones de personas sufren por el aumento del coste de la vida, es incre\u00edble que los ejecutivos se salgan con la suya con salarios as\u00ed en medio de informes de fraude, soborno o espionaje. La prioridad deber\u00eda ser ayudar a los hogares en apuros a reducir las facturas\u00bb, asegura John Ferry, portavoz econ\u00f3mico de la formaci\u00f3n.<\/span><\/div>\n<\/div>\n<\/div>\n<p>&nbsp;<\/p>\n<figure id=\"attachment_2255330\" aria-describedby=\"caption-attachment-2255330\" style=\"width: 557px\" class=\"wp-caption aligncenter\"><a href=\"https:\/\/www.elconfidencial.com\/empresas\/2022-02-25\/ignacio-sanchez-galan-gano-13-2-millones-en-2021-un-8-23-mas_3382463\/\" target=\"_blank\" rel=\"noopener\"><img loading=\"lazy\" decoding=\"async\" class=\"wp-image-2255330 size-mh-magazine-content\" src=\"https:\/\/puntocritico.com\/ausajpuntocritico\/wp-content\/uploads\/2022\/08\/f.elconfidencial.com_original_efb_01b_20e_efb01b20e0604d4da5577f6cfcef4ad3-557x381.jpg\" alt=\"\" width=\"557\" height=\"381\" data-id=\"2255330\" \/><\/a><figcaption id=\"caption-attachment-2255330\" class=\"wp-caption-text\"><span style=\"color: #008000;\">Ignacio S\u00e1nchez Gal\u00e1n gan\u00f3 13,2 millones en 2021, un 8,23 % m\u00e1s m\u00e1s que en 2020.<\/span><br \/>\n<span style=\"color: #008000;\">El consejo de administraci\u00f3n de Iberdrola recibi\u00f3 en su conjunto en 2021 una retribuci\u00f3n de 21,39 millones de euros.<\/span><\/figcaption><\/figure><\/blockquote>\n<p style=\"text-align: center;\"><strong><span style=\"color: #008000; font-size: 18pt;\">*******<\/span><\/strong><\/p>\n<h2 style=\"text-align: center;\"><strong style=\"font-size: 24pt;\">Thomas Midgley, el inventor m\u00e1s da\u00f1ino de la historia<\/strong><\/h2>\n<div class=\"title\">\n<p style=\"text-align: justify;\"><span style=\"font-size: 14pt;\">Por Neil Larssen<\/span><\/p>\n<\/div>\n<div class=\"tags\" style=\"text-align: justify;\"><a href=\"https:\/\/www.bbvaopenmind.com\/ciencia\/investigacion\/thomas-midgley-inventor-danino-historia\/\" target=\"_blank\" rel=\"noopener\"><span style=\"font-size: 14pt;\">BBVA Open Mind<\/span><\/a><\/div>\n<div>\u00a0<\/div>\n<figure id=\"attachment_2255060\" aria-describedby=\"caption-attachment-2255060\" style=\"width: 770px\" class=\"wp-caption aligncenter\"><img loading=\"lazy\" decoding=\"async\" class=\"wp-image-2255060\" src=\"https:\/\/puntocritico.com\/ausajpuntocritico\/wp-content\/uploads\/2022\/09\/Thomas-MIdgley.png\" alt=\"\" width=\"770\" height=\"249\" data-id=\"2255060\" srcset=\"https:\/\/puntocritico.com\/ausajpuntocritico\/wp-content\/uploads\/2022\/09\/Thomas-MIdgley.png 1810w, https:\/\/puntocritico.com\/ausajpuntocritico\/wp-content\/uploads\/2022\/09\/Thomas-MIdgley-300x97.png 300w, https:\/\/puntocritico.com\/ausajpuntocritico\/wp-content\/uploads\/2022\/09\/Thomas-MIdgley-1024x331.png 1024w, https:\/\/puntocritico.com\/ausajpuntocritico\/wp-content\/uploads\/2022\/09\/Thomas-MIdgley-768x248.png 768w, https:\/\/puntocritico.com\/ausajpuntocritico\/wp-content\/uploads\/2022\/09\/Thomas-MIdgley-1536x496.png 1536w, https:\/\/puntocritico.com\/ausajpuntocritico\/wp-content\/uploads\/2022\/09\/Thomas-MIdgley-610x197.png 610w, https:\/\/puntocritico.com\/ausajpuntocritico\/wp-content\/uploads\/2022\/09\/Thomas-MIdgley-1320x427.png 1320w\" sizes=\"auto, (max-width: 770px) 100vw, 770px\" \/><figcaption id=\"caption-attachment-2255060\" class=\"wp-caption-text\"><span style=\"color: #008000;\">Thomas MIdgley. Varios factores tuvieron que unirse para que Midgley pudiera ser tan destructivo. Sobre todo, era un hombre poderoso que viv\u00eda en una regi\u00f3n en auge de la superpotencia de su \u00e9poca. No es una coincidencia que otra figura de gran impacto, Curtis LeMay, el general de la Fuerza A\u00e9rea de EEUU que plane\u00f3 el \u00abbombardeo de \u00e1rea\u00bb de Jap\u00f3n y Vietnam, haya crecido en Columbus en la \u00e9poca de Midgley. Para hacer da\u00f1o a escala global, debes ser un innovador pragm\u00e1tico y despiadado que trabaje para uno de los grandes batallones. Si alguien viene de, digamos, Albania, su potencial de da\u00f1o es m\u00e1s local. <\/span><\/figcaption><\/figure>\n<p>&nbsp;<\/p>\n<p style=\"text-align: justify;\"><span style=\"font-size: 14pt;\">Son innumerables los inventos que han mejorado la vida de las personas y han hecho avanzar la civilizaci\u00f3n, pero hay algunos que inicialmente fueron considerados grandes avances y luego resultaron tener un lado oscuro. Como el DDT, un milagroso insecticida que caus\u00f3 graves problemas medioambiente; o los envases de pl\u00e1stico, que\u00a0<a href=\"https:\/\/www.bbvaopenmind.com\/ciencia\/medioambiente\/microplasticos-la-contaminacion-mas-ubicua-tierras-mares\/\" target=\"_blank\" rel=\"noopener\" data-schema-attribute=\"\">contaminan desde el fondo de los oc\u00e9anos<\/a>\u00a0hasta las cumbres m\u00e1s altas de la Tierra. Aunque es dif\u00edcil de superar la magnitud del da\u00f1o causado (tanto a la salud humana como a la del planeta) por estos dos inventos: la gasolina con plomo y los clorofluorocarbonos (CFC). Curiosamente, ambos fueron creados por un humilde ingeniero qu\u00edmico llamado Thomas Midgley.<\/span><\/p>\n<p>&nbsp;<\/p>\n<p><iframe loading=\"lazy\" title=\"Thomas Midgley, el inventor m\u00e1s da\u00f1ino de la historia | P\u00edldoras de ciencia\" width=\"500\" height=\"375\" src=\"https:\/\/www.youtube.com\/embed\/ZIExswTDEtM?feature=oembed\" frameborder=\"0\" allow=\"accelerometer; autoplay; clipboard-write; encrypted-media; gyroscope; picture-in-picture; web-share\" referrerpolicy=\"strict-origin-when-cross-origin\" allowfullscreen><\/iframe><\/p>\n<p>&nbsp;<\/p>\n<p style=\"text-align: justify;\"><span style=\"font-size: 14pt;\">La gasolina de principios del siglo XX era de mala calidad y provocaba\u00a0<a href=\"https:\/\/en.wikipedia.org\/wiki\/Engine_knocking\" target=\"_blank\" rel=\"noopener\" data-schema-attribute=\"\">peque\u00f1as explosiones o golpes<\/a>\u00a0al funcionar el motor de los coches. Esto reduc\u00eda tanto su potencia como la eficacia del combustible y produc\u00eda muchas aver\u00edas. As\u00ed que Charles Kettering \u2014el inventor del motor de arranque el\u00e9ctrico\u2014 pidi\u00f3 a uno de sus empleados que encontrase un aditivo para la gasolina que hiciera funcionar mejor los motores de los coches. El joven Thomas Midgley Jr. (18 de mayo de 1889 \u2013 2 de noviembre de 1944) recibi\u00f3 el encargo en 1916 y se puso a trabajar probando cientos de sustancias diferentes. Pronto dio con el\u00a0<a href=\"https:\/\/es.wikipedia.org\/wiki\/Etanol\" target=\"_blank\" rel=\"noopener\" data-schema-attribute=\"\">etanol<\/a>\u00a0(el mismo alcohol et\u00edlico de los vinos y licores) y en febrero de 1920 present\u00f3 una solicitud de patente para una mezcla de alcohol y gasolina como combustible antidetonante.\u00a0<\/span><\/p>\n<p style=\"text-align: justify;\"><span style=\"font-size: 14pt;\">Midgley y Kettering promocionaron con entusiasmo el etanol como \u201ccombustible del futuro\u201d. Pero este compuesto no pod\u00eda patentarse y, por tanto, nunca podr\u00eda generar muchos beneficios. Tanto los agricultores como muchos consumidores pod\u00edan producirlo \u2014con la ley seca en los Estados Unidos ya en vigor, cada vez m\u00e1s gente destilaba su propio alcohol en casa\u2014 y aquello enfureci\u00f3 a las compa\u00f1\u00edas petroleras, socios estrat\u00e9gicos de los incipientes fabricantes de autom\u00f3viles.\u00a0<\/span><\/p>\n<h3 style=\"text-align: justify;\"><strong>EL OSCURO DESCUBRIMIENTO DE MIDGLEY<\/strong><\/h3>\n<p style=\"text-align: justify;\"><span style=\"font-size: 14pt;\">Midgley y Kettering\u00a0 trabajaban ya para General Motors, una compa\u00f1\u00eda entonces bajo la direcci\u00f3n de Alfred P. Sloan (considerado\u00a0<a href=\"https:\/\/www.bbvaopenmind.com\/tecnologia\/innovacion\/origen-y-mitos-de-obsolescencia-programada\/\" target=\"_blank\" rel=\"noopener\">el padre de la idea de la obsolescencia programada<\/a>) que en 1921 desech\u00f3 el plan de fabricar gasolina con etanol. Sin embargo, el golpeteo del motor segu\u00eda siendo un problema para la estrategia de Sloan, que quer\u00eda fabricar coches m\u00e1s llamativos y con motores m\u00e1s potentes para competir con el Modelo-T de Ford. As\u00ed que Midgley fue enviado de nuevo al laboratorio a buscar otro aditivo para la gasolina. Y en solo unos meses, en diciembre de 1921, hab\u00eda encontrado la soluci\u00f3n:\u00a0<a href=\"https:\/\/en.wikipedia.org\/wiki\/Tetraethyllead\" target=\"_blank\" rel=\"noopener\">el tetraetilo de plomo (TEL)<\/a>.\u00a0<\/span><\/p>\n<p>&nbsp;<\/p>\n<figure id=\"attachment_2255061\" aria-describedby=\"caption-attachment-2255061\" style=\"width: 480px\" class=\"wp-caption aligncenter\"><img loading=\"lazy\" decoding=\"async\" class=\"wp-image-2255061\" src=\"https:\/\/puntocritico.com\/ausajpuntocritico\/wp-content\/uploads\/2022\/09\/BBVA-OpenMind-Thomas-Midgley-inventor-mas-danino-de-la-historia-2.jpg\" alt=\"\" width=\"480\" height=\"480\" data-id=\"2255061\" srcset=\"https:\/\/puntocritico.com\/ausajpuntocritico\/wp-content\/uploads\/2022\/09\/BBVA-OpenMind-Thomas-Midgley-inventor-mas-danino-de-la-historia-2.jpg 570w, https:\/\/puntocritico.com\/ausajpuntocritico\/wp-content\/uploads\/2022\/09\/BBVA-OpenMind-Thomas-Midgley-inventor-mas-danino-de-la-historia-2-300x300.jpg 300w, https:\/\/puntocritico.com\/ausajpuntocritico\/wp-content\/uploads\/2022\/09\/BBVA-OpenMind-Thomas-Midgley-inventor-mas-danino-de-la-historia-2-150x150.jpg 150w\" sizes=\"auto, (max-width: 480px) 100vw, 480px\" \/><figcaption id=\"caption-attachment-2255061\" class=\"wp-caption-text\"><span style=\"color: #008000;\">La primera gasolina con plomo se vendi\u00f3 en EEUU bajo la marca \u201cEthyl\u201d. Cr\u00e9dito: BEV Norton. La presencia de plomo en la gasolina durante d\u00e9cadas caus\u00f3 la muerte de millones de personas, incluyendo la del propio inventor de esa gasolina, provoc\u00f3 una mayor criminalidad y nos hizo a todos, como especie, m\u00e1s tontos, provocando igualmente el aumento de la criminalidad<\/span><\/figcaption><\/figure>\n<p style=\"text-align: justify;\">\u00a0<\/p>\n<p style=\"text-align: justify;\"><span style=\"font-size: 14pt;\">Descubierto en 1853 por el qu\u00edmico alem\u00e1n Karl Jacob L\u00f6wig, el TEL no hab\u00eda tenido aplicaciones comerciales hasta que Midgley descubri\u00f3 que cuando se a\u00f1ad\u00eda a la gasolina eliminaba el golpeteo del motor, que se produce cuando una\u00a0<a href=\"https:\/\/es.wikipedia.org\/wiki\/Llama_fr%C3%ADa\" target=\"_blank\" rel=\"noopener\">llama fr\u00eda<\/a>\u00a0enciende el combustible demasiado pronto. El TEL interfiere en esa reacci\u00f3n, permitiendo que la combusti\u00f3n se produzca en el instante correcto, lo que aumenta la compresi\u00f3n del motor e incrementa la velocidad y el ahorro de combustible. Lo mejor de todo, desde la perspectiva de General Motors, es que el TEL era barato de producir y adem\u00e1s su uso para este fin pod\u00eda patentarse: ten\u00eda un enorme potencial para generar beneficios.<\/span><\/p>\n<p style=\"text-align: justify;\"><span style=\"font-size: 14pt;\">La primera gasolina con plomo se vendi\u00f3 en febrero de 1923 en Dayton (Ohio, EEUU) bajo la marca \u201cEthyl\u201d, un nombre que justamente evocaba al descartado alcohol et\u00edlico de combusti\u00f3n limpia \u2014y la palabra \u201cplomo\u201d nunca se utiliz\u00f3 en ning\u00fan material publicitario o promocional para no alarmar al p\u00fablico, ya que sus efectos negativos sobre la salud eran bien conocidos.<\/span><\/p>\n<h3 style=\"text-align: justify;\"><span style=\"font-size: 14pt;\">LAS PRIMERAS MUERTES POR TEL<\/span><\/h3>\n<p style=\"text-align: justify;\"><span style=\"font-size: 14pt;\">Inmediatamente se cre\u00f3 la Ethyl Corporation como una empresa conjunta del fabricante de coches General Motors con la petrolera Standard Oil (hoy Exxon), que encargaron al gigante qu\u00edmico Dupont la producci\u00f3n del aditivo denominado \u201cfluido et\u00edlico\u201d (b\u00e1sicamente TEL y tinte rojo). La empresa, de la que Midgley fue nombrado vicepresidente, insisti\u00f3 en que el TEL era seguro, pero cuando decenas de trabajadores empezaron a alucinar, enloquecer y morir en la reci\u00e9n inaugurada planta de fabricaci\u00f3n de Nueva Jersey, varios estados prohibieron r\u00e1pidamente esta sustancia.\u00a0<\/span><\/p>\n<p>&nbsp;<\/p>\n<figure id=\"attachment_2255062\" aria-describedby=\"caption-attachment-2255062\" style=\"width: 440px\" class=\"wp-caption aligncenter\"><img loading=\"lazy\" decoding=\"async\" class=\"wp-image-2255062\" src=\"https:\/\/puntocritico.com\/ausajpuntocritico\/wp-content\/uploads\/2022\/09\/BBVA-OpenMind-Thomas-Midgley-inventor-mas-danino-de-la-historia-3.jpg\" alt=\"\" width=\"440\" height=\"440\" data-id=\"2255062\" srcset=\"https:\/\/puntocritico.com\/ausajpuntocritico\/wp-content\/uploads\/2022\/09\/BBVA-OpenMind-Thomas-Midgley-inventor-mas-danino-de-la-historia-3.jpg 570w, https:\/\/puntocritico.com\/ausajpuntocritico\/wp-content\/uploads\/2022\/09\/BBVA-OpenMind-Thomas-Midgley-inventor-mas-danino-de-la-historia-3-300x300.jpg 300w, https:\/\/puntocritico.com\/ausajpuntocritico\/wp-content\/uploads\/2022\/09\/BBVA-OpenMind-Thomas-Midgley-inventor-mas-danino-de-la-historia-3-150x150.jpg 150w\" sizes=\"auto, (max-width: 440px) 100vw, 440px\" \/><figcaption id=\"caption-attachment-2255062\" class=\"wp-caption-text\"><span style=\"color: #008000;\">Midgley particip\u00f3 en conferencia de prensa en 1924 para demostrar la aparente seguridad del TEL. Fuente: Wikimedia<\/span><\/figcaption><\/figure>\n<p>&nbsp;<\/p>\n<p style=\"text-align: justify;\"><span style=\"font-size: 14pt;\">Midgley, que hab\u00eda pasado gran parte de 1923 en Miami recuper\u00e1ndose de una intoxicaci\u00f3n por plomo, particip\u00f3 en una famosa conferencia de prensa el 30 de octubre de 1924 para demostrar la aparente seguridad del TEL. Ante los periodistas, se frot\u00f3 el TEL en las manos e inhal\u00f3 sus vapores durante 60 segundos, declarando que no sufrir\u00eda ning\u00fan efecto nocivo por hacer esto todos los d\u00edas, y culp\u00f3 a los trabajadores afectados por no seguir los procedimientos de seguridad. Pero Midgley deb\u00eda saber que el TEL era t\u00f3xico. En 1922, el presidente de DuPont\u00a0<a href=\"https:\/\/www.urmc.rochester.edu\/MediaLibraries\/URMCMedia\/childrens-hospital\/lead%20center\/documents\/Schaffer-Lead-Poisoning-1-2014.pdf\" target=\"_blank\" rel=\"noopener\">describi\u00f3 el TEL como<\/a>\u00a0\u201cun l\u00edquido incoloro de olor dulz\u00f3n, muy venenoso si se absorbe a trav\u00e9s de la piel, lo que provoca un envenenamiento por plomo casi inmediato\u201d.<\/span><\/p>\n<p style=\"text-align: justify;\"><span style=\"font-size: 14pt;\">Sin embargo, Midgley sigui\u00f3 haciendo la vista gorda ante los peligros del TEL, centr\u00e1ndose en cambio en sus supuestos beneficios econ\u00f3micos. En 1925, dijo a una reuni\u00f3n de cient\u00edficos:\u00a0 \u201cPor lo que la ciencia sabe en este momento, el tetraetilo de plomo es el \u00fanico material disponible que puede producir estos resultados [antidetonantes], que son de vital importancia para que el p\u00fablico en general siga utilizando econ\u00f3micamente todos los equipos de automoci\u00f3n\u2026\u201d. Y evit\u00f3 mencionar su anterior apoyo al etanol como aditivo antidetonante eficaz y de combusti\u00f3n limpia.<\/span><\/p>\n<h3 style=\"text-align: justify;\"><strong>EFECTOS DE LA EXPOSICI\u00d3N AL PLOMO SOBRE LA SALUD<\/strong><\/h3>\n<p style=\"text-align: justify;\"><span style=\"font-size: 14pt;\">Bajo una intensa presi\u00f3n de las grandes empresas implicadas, el Director General de Salud P\u00fablica de EE.UU. acab\u00f3 convenci\u00e9ndose de que los efectos sobre la salud de la gasolina con plomo ser\u00edan m\u00ednimos, especialmente si se comparaban con los tan pregonados beneficios econ\u00f3micos. En pocos a\u00f1os se eliminaron los obst\u00e1culos normativos erigidos por algunos estados, y en 1936 el \u201cfluido et\u00edlico\u201d se a\u00f1ad\u00eda al 90% de la gasolina vendida en Estados Unidos. En las d\u00e9cadas siguientes, la gasolina con plomo se convertir\u00eda en la norma en todo el mundo.\u00a0<\/span><\/p>\n<p>&nbsp;<\/p>\n<figure id=\"attachment_2255063\" aria-describedby=\"caption-attachment-2255063\" style=\"width: 570px\" class=\"wp-caption aligncenter\"><img loading=\"lazy\" decoding=\"async\" class=\"size-full wp-image-2255063\" src=\"https:\/\/puntocritico.com\/ausajpuntocritico\/wp-content\/uploads\/2022\/09\/BBVA-OpenMind-Thomas-Midgley-inventor-mas-danino-de-la-historia-4.jpg\" alt=\"\" width=\"570\" height=\"381\" data-id=\"2255063\" srcset=\"https:\/\/puntocritico.com\/ausajpuntocritico\/wp-content\/uploads\/2022\/09\/BBVA-OpenMind-Thomas-Midgley-inventor-mas-danino-de-la-historia-4.jpg 570w, https:\/\/puntocritico.com\/ausajpuntocritico\/wp-content\/uploads\/2022\/09\/BBVA-OpenMind-Thomas-Midgley-inventor-mas-danino-de-la-historia-4-300x201.jpg 300w\" sizes=\"auto, (max-width: 570px) 100vw, 570px\" \/><figcaption id=\"caption-attachment-2255063\" class=\"wp-caption-text\"><span style=\"color: #008000;\">El abandono de la gasolina con plomo se complet\u00f3 en los primeros a\u00f1os del siglo XXI en la mayor\u00eda de pa\u00edses industrializados. Fuente: Pixabay<\/span><\/figcaption><\/figure>\n<p style=\"text-align: justify;\">\u00a0<\/p>\n<p style=\"text-align: justify;\"><span style=\"font-size: 14pt;\">Los efectos catastr\u00f3ficos de esta gasolina en la salud p\u00fablica son dif\u00edciles de exagerar. El plomo no tiene ninguna funci\u00f3n en el cuerpo humano y es t\u00f3xico para m\u00faltiples \u00f3rganos, incluidos los ri\u00f1ones y el sistema nervioso. Es especialmente perjudicial para los ni\u00f1os, sobre todo para sus cerebros en desarrollo, lo que provoca una p\u00e9rdida de inteligencia y un comportamiento agresivo \u2014efectos que son permanentes e intratables, y que\u00a0<a href=\"https:\/\/www.nber.org\/papers\/w13097\" target=\"_blank\" rel=\"noopener\">algunos investigadores<\/a>\u00a0han relacionado con\u00a0<a href=\"https:\/\/mpra.ub.uni-muenchen.de\/35338\/1\/MPRA_paper_35338.pdf\" target=\"_blank\" rel=\"noopener\">los niveles de criminalidad.<\/a>\u00a0<\/span><\/p>\n<p>&nbsp;<\/p>\n<blockquote>\n<p style=\"text-align: center;\"><span style=\"font-size: 14pt;\"><strong><span style=\"color: #008000;\">Nacido en 1889 en una familia de inventores, vivi\u00f3 la mayor parte de su vida en Columbus, Ohio. Encontr\u00f3 un alma gemela en Kettering, que hab\u00eda inventado el motor de arranque el\u00e9ctrico y la ignici\u00f3n el\u00e9ctrica para veh\u00edculos. \u00abBoss Kett\u00bb y \u00abMidge\u00bb se convirtieron en un d\u00fao imparable, escribe Sharon Bertsch McGrayne en su libro Prometheans in the Lab (Prometeos en el laboratorio). \u00ab\u00bfQu\u00e9 quieres que haga ahora, jefe?\u00bb, preguntaba Midgley.<\/span><\/strong><\/span><\/p>\n<p style=\"text-align: center;\"><span style=\"font-size: 14pt;\"><strong><span style=\"color: #008000;\">La gasolina con plomo fue un gran hallazgo, en gran parte porque pod\u00eda patentarse, mientras que el posible combustible alternativo, el etanol no ten\u00eda esa posibilidad.\u00a0<\/span><\/strong><\/span><\/p>\n<\/blockquote>\n<p style=\"text-align: center;\">\u00a0<\/p>\n<p style=\"text-align: justify;\"><span style=\"font-size: 14pt;\">Ambas certezas cient\u00edficas llevaron al abandono progresivo de la gasolina con plomo, que se complet\u00f3 en los primeros a\u00f1os del siglo XXI (Argelia es el \u00faltimo pa\u00eds que se resiste). En el a\u00f1o 2000, todav\u00eda cuatro millones de coches en Ciudad de M\u00e9xico bombeaban cada d\u00eda unas 32 toneladas de plomo al aire. Y casi un siglo de uso de la gasolina con plomo como combustible implica que este compuesto permanece en el suelo, el aire, el agua y en nuestros cuerpos. Seg\u00fan un art\u00edculo publicado en 1992 en\u00a0<i>The New England Journal of Medicine<\/i>, los niveles medios de plomo en los huesos de la poblaci\u00f3n moderna son 625 veces superiores a los de los habitantes precolombinos de Norteam\u00e9rica.\u00a0<a href=\"https:\/\/www.who.int\/ceh\/publications\/leadguidance.pdf\" target=\"_blank\" rel=\"noopener\">La Organizaci\u00f3n Mundial de la Salud<\/a>\u00a0estima que entre\u00a0<a href=\"https:\/\/news.un.org\/en\/story\/2011\/10\/393292-phase-out-leaded-petrol-brings-huge-health-and-cost-benefits-un-backed-study\" target=\"_blank\" rel=\"noopener\">15 y 18 millones de ni\u00f1os<\/a>\u00a0de los pa\u00edses en desarrollo sufren da\u00f1os cerebrales permanentes debido a la intoxicaci\u00f3n por plomo, el 90% de los cuales puede atribuirse a la gasolina con plomo.<\/span><\/p>\n<h3 style=\"text-align: justify;\"><strong>EL DESCUBRIMIENTO DEL FRE\u00d3N<\/strong><\/h3>\n<p style=\"text-align: justify;\"><span style=\"font-size: 14pt;\">Volviendo a Thomas Midgley, su siguiente gran invento estaba destinado a resolver un problema con los frigor\u00edficos General Motors, que se estaban convirtiendo en un electrodom\u00e9stico popular en la d\u00e9cada de 1920. Estos aparatos a veces sufr\u00edan fugas de los gases refrigerantes, bien de di\u00f3xido de azufre (corrosivo para los ojos y la piel) o de formiato de metilo (altamente t\u00f3xico si se inhala, y tambi\u00e9n inflamable).<\/span><\/p>\n<p style=\"text-align: justify;\"><span style=\"font-size: 14pt;\">Midgley dirigi\u00f3 el equipo cient\u00edfico que en 1928 desarroll\u00f3 un refrigerante no t\u00f3xico y no inflamable llamado diclorodifluorometano: el primero de los clorofluorocarbonos (CFC), que se vendi\u00f3 bajo la marca\u00a0<a href=\"https:\/\/en.wikipedia.org\/wiki\/Dichlorodifluoromethane\" target=\"_blank\" rel=\"noopener\">Freon-12<\/a>. Midgley, al que le gustaba utilizar el espect\u00e1culo para presentar sus inventos, demostr\u00f3 su eficacia ante la Sociedad Qu\u00edmica Americana inhalando una bocanada de gas y apagando una vela.<\/span><\/p>\n<p style=\"text-align: justify;\">\u00a0<\/p>\n<figure id=\"attachment_2255064\" aria-describedby=\"caption-attachment-2255064\" style=\"width: 570px\" class=\"wp-caption aligncenter\"><img loading=\"lazy\" decoding=\"async\" class=\"size-full wp-image-2255064\" src=\"https:\/\/puntocritico.com\/ausajpuntocritico\/wp-content\/uploads\/2022\/09\/BBVA-OpenMind-Thomas-Midgley-inventor-mas-danino-de-la-historia-5.jpg\" alt=\"\" width=\"570\" height=\"436\" data-id=\"2255064\" srcset=\"https:\/\/puntocritico.com\/ausajpuntocritico\/wp-content\/uploads\/2022\/09\/BBVA-OpenMind-Thomas-Midgley-inventor-mas-danino-de-la-historia-5.jpg 570w, https:\/\/puntocritico.com\/ausajpuntocritico\/wp-content\/uploads\/2022\/09\/BBVA-OpenMind-Thomas-Midgley-inventor-mas-danino-de-la-historia-5-300x229.jpg 300w, https:\/\/puntocritico.com\/ausajpuntocritico\/wp-content\/uploads\/2022\/09\/BBVA-OpenMind-Thomas-Midgley-inventor-mas-danino-de-la-historia-5-80x60.jpg 80w\" sizes=\"auto, (max-width: 570px) 100vw, 570px\" \/><figcaption id=\"caption-attachment-2255064\" class=\"wp-caption-text\"><span style=\"color: #008000;\">El siguiente gran invento de Midgley estaba destinado a resolver un problema con los frigor\u00edficos. Cr\u00e9dito: James Vaughan<\/span><\/figcaption><\/figure>\n<p>&nbsp;<\/p>\n<div class=\"col-sm-12 col-md-12 col-lg-6\">\n<div class=\"post-body\">\n<div class=\"entry-content\">\n<p style=\"text-align: justify;\"><span style=\"font-size: 14pt;\">En las d\u00e9cadas siguientes, los clorofluorocarbonos se hicieron omnipresentes en todo el mundo como refrigerantes, como propulsores en latas de aerosol y como disolventes. Lo que Midgley no pod\u00eda saber entonces era que esos gases acabar\u00edan abriendo un enorme agujero en la capa de ozono de la Tierra, que nos protege de la cancer\u00edgena radiaci\u00f3n ultravioleta del Sol. Aunque el agujero causado por los CFC parece haberse estabilizado,\u00a0<a href=\"https:\/\/www.bbvaopenmind.com\/ciencia\/medioambiente\/que-fue-de-el-agujero-de-la-capa-de-ozono\/\" target=\"_blank\" rel=\"noopener\">la situaci\u00f3n actual sigue siendo preocupante<\/a>\u00a0y el da\u00f1o tardar\u00e1 bastantes d\u00e9cadas en repararse.<\/span><\/p>\n<\/div>\n<\/div>\n<\/div>\n<p>&nbsp;<\/p>\n<figure id=\"attachment_2255074\" aria-describedby=\"caption-attachment-2255074\" style=\"width: 599px\" class=\"wp-caption aligncenter\"><img loading=\"lazy\" decoding=\"async\" class=\"wp-image-2255074 size-full\" src=\"https:\/\/puntocritico.com\/ausajpuntocritico\/wp-content\/uploads\/2022\/08\/gmgeneralmotorsap03012019.jpg423392900-1.png\" alt=\"GENERAL MOTORS, la Corporaci\u00f3n que envenen\u00f3 el mundo\" width=\"599\" height=\"337\" data-id=\"2255074\" srcset=\"https:\/\/puntocritico.com\/ausajpuntocritico\/wp-content\/uploads\/2022\/08\/gmgeneralmotorsap03012019.jpg423392900-1.png 599w, https:\/\/puntocritico.com\/ausajpuntocritico\/wp-content\/uploads\/2022\/08\/gmgeneralmotorsap03012019.jpg423392900-1-300x169.png 300w\" sizes=\"auto, (max-width: 599px) 100vw, 599px\" \/><figcaption id=\"caption-attachment-2255074\" class=\"wp-caption-text\"><span style=\"color: #008000;\">Pero lo que fue bueno para General Motors no fue bueno para EE.UU. y su gente. Por supuesto, Kettering y Midgley entendieron (como incluso los antiguos romanos) los peligros del envenenamiento por plomo. El mismo Midgley fue v\u00edctima de ello: not\u00f3 que la temperatura de su cuerpo a veces bajaba 2,5\u00b0F por debajo de lo normal.\u00a0<\/span><br \/>\n<span style=\"color: #008000;\">Poco despu\u00e9s de que comenz\u00f3 la producci\u00f3n de gasolina con plomo, al menos 15 trabajadores de la planta que trabajaban en ella murieron, mientras que otros se volvieron psic\u00f3ticos.<\/span><br \/>\n<span style=\"color: #008000;\">Midgley no se inmut\u00f3. En una conferencia de prensa convocada debido a la preocupaci\u00f3n p\u00fablica por el \u00abgas loco\u00bb, tranquiliz\u00f3 a los esc\u00e9pticos lav\u00e1ndose las manos con tetraetilo de plomo. Kettering\u00a0se asegur\u00f3 de darle al material un nombre femenino que sonara inofensivo, \u00abEthyl\u00bb. Los reguladores lo aprobaron.<\/span><\/figcaption><\/figure>\n<p>&nbsp;<\/p>\n<div class=\"col-sm-12 col-md-12 col-lg-6\">\n<div class=\"post-body\">\n<div class=\"entry-content\">\n<h3 style=\"text-align: justify;\"><strong>EL INVENTO FINAL DE MIDGLEY<\/strong><\/h3>\n<p style=\"text-align: justify;\"><span style=\"font-size: 14pt;\">Si bien se puede perdonar a Midgley por la cat\u00e1strofe de los CFC, no se puede decir lo mismo del tetraetilo de plomo, cuyos efectos t\u00f3xicos estaban claros desde el principio. Thomas Midgley recibi\u00f3 prestigiosos premios por estos dos descubrimientos, especialmente el de la gasolina \u201cEthyl\u201d, as\u00ed como muchos beneficios por sus otras 170 patentes.\u00a0<\/span><\/p>\n<p style=\"text-align: justify;\"><span style=\"font-size: 14pt;\">En 1940, Midgley contrajo la polio y qued\u00f3 paralizado. Como buen inventor, ide\u00f3 una serie de tiradores y cables que le permit\u00edan levantar y maniobrar su cuerpo. El 2 de noviembre de 1944, se enred\u00f3 con los cables y muri\u00f3 estrangulado a los 55 a\u00f1os. Despu\u00e9s del da\u00f1o global causado por sus dos grandes descubrimientos,\u00a0<a href=\"https:\/\/es.wikipedia.org\/wiki\/Anexo:Inventores_que_fallecieron_usando_sus_inventos\" target=\"_blank\" rel=\"noopener\">su \u00faltimo invento solo le perjudic\u00f3 a \u00e9l<\/a>.<\/span><\/p>\n<\/div>\n<div class=\"entry-content\">\n<p style=\"text-align: right;\"><span style=\"font-size: 14pt;\"><strong>Neil Larsen<\/strong><\/span><\/p>\n<\/div>\n<\/div>\n<\/div>\n<figure id=\"attachment_1468796\" aria-describedby=\"caption-attachment-1468796\" style=\"width: 360px\" class=\"wp-caption aligncenter\"><img loading=\"lazy\" decoding=\"async\" class=\"wp-image-1468796\" src=\"https:\/\/puntocritico.com\/ausajpuntocritico\/wp-content\/uploads\/2020\/12\/shiva-shakti-lord-Shiva-dios-de-la-destrucci\u00f3n-y-el-renacimiento-300x234.jpg\" alt=\"\" width=\"360\" height=\"280\" data-id=\"1468796\" srcset=\"https:\/\/puntocritico.com\/ausajpuntocritico\/wp-content\/uploads\/2020\/12\/shiva-shakti-lord-Shiva-dios-de-la-destrucci\u00f3n-y-el-renacimiento-300x234.jpg 300w, https:\/\/puntocritico.com\/ausajpuntocritico\/wp-content\/uploads\/2020\/12\/shiva-shakti-lord-Shiva-dios-de-la-destrucci\u00f3n-y-el-renacimiento-610x475.jpg 610w, https:\/\/puntocritico.com\/ausajpuntocritico\/wp-content\/uploads\/2020\/12\/shiva-shakti-lord-Shiva-dios-de-la-destrucci\u00f3n-y-el-renacimiento.jpg 647w\" sizes=\"auto, (max-width: 360px) 100vw, 360px\" \/><figcaption id=\"caption-attachment-1468796\" class=\"wp-caption-text\"><span style=\"color: #008000;\">Shiva, dios de la destrucci\u00f3n y el renacimiento<\/span><\/figcaption><\/figure>\n<p style=\"text-align: center;\"><strong><span style=\"color: #008000; font-size: 18pt;\">*******<\/span><\/strong><\/p>\n<p>&nbsp;<\/p>\n<h2 style=\"text-align: center;\"><span style=\"font-size: 24pt;\"><strong>El Hombre Que Mat\u00f3 A M\u00e1s Gente En El Mundo (VIDEO)<\/strong><\/span><\/h2>\n<p style=\"text-align: justify;\"><a href=\"https:\/\/www.youtube.com\/watch?v=Mk_Jma1y5dM\" target=\"_blank\" rel=\"noopener\"><span style=\"font-size: 14pt;\">Veritasium en espa\u00f1ol<\/span><\/a><\/p>\n<p style=\"text-align: center;\"><iframe loading=\"lazy\" src=\"https:\/\/mega.nz\/embed\/OcU0VBaC#VdSciIoM3SERiAUdAT1dgxxNOXe8E-gdWgNLs9oRI7c\" width=\"640\" height=\"360\" frameborder=\"0\" allowfullscreen=\"allowfullscreen\"><\/iframe><\/p>\n<p>&nbsp;<\/p>\n<p style=\"text-align: center;\"><strong><span style=\"color: #008000; font-size: 18pt;\">*******<\/span><\/strong><\/p>\n<div class=\"article-header article-featured-header\">\n<header>\n<div class=\"article-featured-title-container\">\n<div class=\"article-featured-title\">\n<h2 style=\"text-align: center;\"><span style=\"font-size: 24pt;\"><strong>La curiosa historia de como Thomas Midgley intoxic\u00f3 a millones de personas con un sencillo invento<\/strong><\/span><\/h2>\n<p style=\"text-align: justify;\"><span style=\"font-size: 14pt;\">Por Daniel Murias<\/span><\/p>\n<p style=\"text-align: justify;\"><a href=\"https:\/\/www.motorpasion.com\/clasicos\/curiosa-historia-como-thomas-midgley-invento-gasolina-plomo-e-intoxico-a-millones-personas\" target=\"_blank\" rel=\"noopener\"><span style=\"font-size: 14pt;\">Motorpasion<\/span><\/a><\/p>\n<\/div>\n<\/div>\n<\/header>\n<\/div>\n<div class=\"article-aside m-blob-aside\">\n<div class=\"article-aside-content\">\n<div class=\"section-deeplinking-container m-deeplinking-aside\">\n<div class=\"section-deeplinking\"><img loading=\"lazy\" decoding=\"async\" class=\"aligncenter wp-image-2255081 size-mh-magazine-content\" src=\"https:\/\/puntocritico.com\/ausajpuntocritico\/wp-content\/uploads\/2022\/08\/1366_2000-678x381.jpeg\" alt=\"\" width=\"678\" height=\"381\" data-id=\"2255081\" \/><\/div>\n<\/div>\n<\/div>\n<\/div>\n<p style=\"text-align: justify;\">\u00a0<\/p>\n<p style=\"text-align: justify;\"><span style=\"font-size: 14pt;\">La presencia de\u00a0<strong>plomo en la gasolina<\/strong>\u00a0durante d\u00e9cadas caus\u00f3 la muerte de millones de personas, incluyendo la del propio inventor de esa gasolina, provoc\u00f3 una mayor criminalidad y nos hizo a todos, como especie, m\u00e1s tontos. Y se lo debemos todo a un solo cient\u00edfico.<\/span><\/p>\n<p style=\"text-align: justify;\"><span style=\"font-size: 14pt;\">Esta es la historia de como la muerte de Byron Carter, fundador de las Jackson Automobile Company y Cartercar Company, en 1908 llevar\u00eda a un cient\u00edfico,\u00a0<strong>Thomas Midgley,<\/strong>\u00a0a inventar la gasolina con plomo en 1921 para la\u00a0<strong>General Motors<\/strong>.<\/span><\/p>\n<p style=\"text-align: justify;\"><span style=\"font-size: 14pt;\">Su invenci\u00f3n contribuy\u00f3 a un formidable crecimiento econ\u00f3mico, pero sobre todo, tiene el dudoso privilegio de haber matado a millones de personas, habernos hecho m\u00e1s tontos, como especie, y provocar un aumento de la criminalidad. Y todo gracias a un solo hombre.<\/span><\/p>\n<div class=\"article-asset article-asset-normal article-asset-center\">\n<div class=\"desvio-container\">\n<div class=\"desvio\">\n<div class=\"desvio-figure js-desvio-figure\">\n<figure id=\"attachment_2255082\" aria-describedby=\"caption-attachment-2255082\" style=\"width: 360px\" class=\"wp-caption alignleft\"><img loading=\"lazy\" decoding=\"async\" class=\"wp-image-2255082\" src=\"https:\/\/puntocritico.com\/ausajpuntocritico\/wp-content\/uploads\/2022\/08\/Byron-J-Carter.jpeg\" alt=\"\" width=\"360\" height=\"226\" data-id=\"2255082\" srcset=\"https:\/\/puntocritico.com\/ausajpuntocritico\/wp-content\/uploads\/2022\/08\/Byron-J-Carter.jpeg 1366w, https:\/\/puntocritico.com\/ausajpuntocritico\/wp-content\/uploads\/2022\/08\/Byron-J-Carter-300x188.jpeg 300w, https:\/\/puntocritico.com\/ausajpuntocritico\/wp-content\/uploads\/2022\/08\/Byron-J-Carter-1024x642.jpeg 1024w, https:\/\/puntocritico.com\/ausajpuntocritico\/wp-content\/uploads\/2022\/08\/Byron-J-Carter-768x481.jpeg 768w, https:\/\/puntocritico.com\/ausajpuntocritico\/wp-content\/uploads\/2022\/08\/Byron-J-Carter-610x382.jpeg 610w, https:\/\/puntocritico.com\/ausajpuntocritico\/wp-content\/uploads\/2022\/08\/Byron-J-Carter-1320x827.jpeg 1320w\" sizes=\"auto, (max-width: 360px) 100vw, 360px\" \/><figcaption id=\"caption-attachment-2255082\" class=\"wp-caption-text\"><span style=\"color: #008000;\">Byron J. Carter<\/span><\/figcaption><\/figure><\/p>\n<p style=\"text-align: justify;\"><span style=\"font-size: 14pt;\">Esta historia empieza en Detroit en 1908. All\u00ed, sobre el puente de Belle Isle, el coche de una mujer se cala. El automovilista que la sigue se baja y se ofrece para volver a arrancar su coche. En esa \u00e9poca s\u00f3lo hay una manera de arrancar un coche, usar la manivela. Lo consigue, pero al ponerse en marcha el motor, el retorno de la manivela golpea a Carter con tal fuerza que le revienta la mand\u00edbula. Fallecer\u00eda poco tiempo despu\u00e9s de las heridas.<\/span><\/p>\n<\/div>\n<\/div>\n<\/div>\n<\/div>\n<div>\u00a0<\/div>\n<div style=\"text-align: justify;\"><span style=\"font-size: 14pt; text-align: justify;\">Byron Carter era uno de esos pioneros del autom\u00f3vil que hab\u00eda entonces en Detroit. Era una industria incipiente, eran como las startups de hoy y todos los participantes se conoc\u00edan. De hecho, era muy amigo de <\/span><strong style=\"font-size: 14pt; text-align: justify;\">Henry Leland<\/strong><span style=\"font-size: 14pt; text-align: justify;\">, el\u00a0<\/span><strong style=\"font-size: 14pt; text-align: justify;\">fundador de Cadillac<\/strong><span style=\"font-size: 14pt; text-align: justify;\"><span style=\"font-size: 14pt; text-align: justify;\"><span style=\"font-size: 14pt; text-align: justify;\">. \u00c9ste se qued\u00f3 tan impactado por la muerte de su amigo que se propuso eliminar el arranque por manivela del autom\u00f3vil.<\/span><\/span><\/span><br \/>\n<figure id=\"attachment_2255083\" aria-describedby=\"caption-attachment-2255083\" style=\"width: 360px\" class=\"wp-caption alignright\"><img loading=\"lazy\" decoding=\"async\" class=\"wp-image-2255083\" src=\"https:\/\/puntocritico.com\/ausajpuntocritico\/wp-content\/uploads\/2022\/08\/Henry-Leland.jpeg\" alt=\"\" width=\"360\" height=\"257\" data-id=\"2255083\" srcset=\"https:\/\/puntocritico.com\/ausajpuntocritico\/wp-content\/uploads\/2022\/08\/Henry-Leland.jpeg 1366w, https:\/\/puntocritico.com\/ausajpuntocritico\/wp-content\/uploads\/2022\/08\/Henry-Leland-300x215.jpeg 300w, https:\/\/puntocritico.com\/ausajpuntocritico\/wp-content\/uploads\/2022\/08\/Henry-Leland-1024x732.jpeg 1024w, https:\/\/puntocritico.com\/ausajpuntocritico\/wp-content\/uploads\/2022\/08\/Henry-Leland-768x549.jpeg 768w, https:\/\/puntocritico.com\/ausajpuntocritico\/wp-content\/uploads\/2022\/08\/Henry-Leland-610x436.jpeg 610w, https:\/\/puntocritico.com\/ausajpuntocritico\/wp-content\/uploads\/2022\/08\/Henry-Leland-1320x944.jpeg 1320w\" sizes=\"auto, (max-width: 360px) 100vw, 360px\" \/><figcaption id=\"caption-attachment-2255083\" class=\"wp-caption-text\"><span style=\"color: #008000;\">Henry Leland<\/span><\/figcaption><\/figure>\n<\/div>\n<div>\n<p style=\"text-align: justify;\"><span style=\"font-size: 14pt;\">As\u00ed que recurri\u00f3 a\u00a0<strong>Charles Kettering<\/strong>\u00a0de la Dayton Engineering Laboratories Co. o\u00a0<strong>DELCO<\/strong>, que ya hab\u00eda desarrollado un encendido por chispa para Cadillac que debut\u00f3 en 1910. DELCO pudo construir el dispositivo de arranque el\u00e9ctrico y prepararlo para su introducci\u00f3n en los modelos de Cadillac a partir de 1912.<\/span><\/p>\n<\/div>\n<p style=\"text-align: justify;\"><span style=\"font-size: 14pt;\">Ese mismo a\u00f1o, Cadillac lanza al mercado el\u00a0<strong>Cadillac Model 30<\/strong>, con un 4 cilindros de 40 CV y equipado con un motor de arranque el\u00e9ctrico. Fue el primer coche en proponer ese sistema. Hay que situar ese coche en el contexto de la \u00e9poca, era todo un avance tecnol\u00f3gico y ten\u00eda el doble de potencia que el\u00a0<a href=\"https:\/\/www.motorpasion.com\/industria\/100-anos-de-ford-en-cadena-o-cuando-ford-reinvento-la-industria\" target=\"_blank\" rel=\"noopener\" data-schema-attribute=\"\">Ford Model T<\/a>.<\/span><\/p>\n<p style=\"text-align: justify;\"><span style=\"font-size: 14pt;\">El coche fue todo un \u00e9xito para la marca, pero ten\u00eda un problema com\u00fan todo los coches con motor de combusti\u00f3n interna de la \u00e9poca, el\u00a0<strong>picado de biela<\/strong>. En esos tiempos del inicio del autom\u00f3vil era algo muy com\u00fan.<\/span><\/p>\n<p style=\"text-align: justify;\">\u00a0<\/p>\n<p><img loading=\"lazy\" decoding=\"async\" class=\"aligncenter wp-image-2255085 size-mh-magazine-content\" src=\"https:\/\/puntocritico.com\/ausajpuntocritico\/wp-content\/uploads\/2022\/08\/Biela-arranque-678x381.jpeg\" alt=\"\" width=\"678\" height=\"381\" data-id=\"2255085\" \/><\/p>\n<p>&nbsp;<\/p>\n<p style=\"text-align: justify;\"><span style=\"font-size: 14pt;\">El picado de biela ocurre cuando la compresi\u00f3n en los cilindros (es decir cuando el pist\u00f3n sube) es tan alta que la mezcla aire-gasolina explota por s\u00ed sola antes de que la buj\u00eda produzca la chispa en el cilindro.<\/span><\/p>\n<p style=\"text-align: justify;\"><span style=\"font-size: 14pt;\">Esa primera explosi\u00f3n empuja el pist\u00f3n hacia abajo justo cuando el cig\u00fce\u00f1al a trav\u00e9s de la biela est\u00e1 todav\u00eda empujando<img loading=\"lazy\" decoding=\"async\" class=\"alignright wp-image-2255084 size-medium\" src=\"https:\/\/puntocritico.com\/ausajpuntocritico\/wp-content\/uploads\/2022\/08\/Ford-T-300x191.jpeg\" alt=\"\" width=\"300\" height=\"191\" data-id=\"2255084\" srcset=\"https:\/\/puntocritico.com\/ausajpuntocritico\/wp-content\/uploads\/2022\/08\/Ford-T-300x191.jpeg 300w, https:\/\/puntocritico.com\/ausajpuntocritico\/wp-content\/uploads\/2022\/08\/Ford-T-1024x652.jpeg 1024w, https:\/\/puntocritico.com\/ausajpuntocritico\/wp-content\/uploads\/2022\/08\/Ford-T-768x489.jpeg 768w, https:\/\/puntocritico.com\/ausajpuntocritico\/wp-content\/uploads\/2022\/08\/Ford-T-610x389.jpeg 610w, https:\/\/puntocritico.com\/ausajpuntocritico\/wp-content\/uploads\/2022\/08\/Ford-T-1320x841.jpeg 1320w, https:\/\/puntocritico.com\/ausajpuntocritico\/wp-content\/uploads\/2022\/08\/Ford-T.jpeg 1366w\" sizes=\"auto, (max-width: 300px) 100vw, 300px\" \/> el pist\u00f3n hacia arriba. La consecuencia es un ruido muy fuerte, como si alguien diese martillazos en el motor, y con el tiempo, puede provocar la rotura del motor.<\/span><\/p>\n<p style=\"text-align: justify;\"><span style=\"font-size: 14pt;\">Una de las soluciones para evitar ese problema est\u00e1 en el carburante. A mayor octanaje, mayor resistencia a la presi\u00f3n, es decir, a la compresi\u00f3n de la mezcla en el cilindro.<\/span><\/p>\n<p style=\"text-align: justify;\"><span style=\"font-size: 14pt;\">En Cadillac, que era entonces una marca pionera y de gran lujo (a pesar de forma parte de la General Motors desde 1909), deciden que el ruido ensordecedor y el riesgo mec\u00e1nico que supone el picado de biela no es digno de la marca y hay que aportar una soluci\u00f3n.<\/span><\/p>\n<p style=\"text-align: justify;\"><span style=\"font-size: 14pt;\">Kettering contrat\u00f3 entonces a un joven ingeniero, Thomas Midgley Jr. para que encontrase la f\u00f3rmula de una gasolina que previniese el picado de biela.<\/span><\/p>\n<p style=\"text-align: justify;\"><span style=\"font-size: 14pt;\">Tras probarlo con casi todo, literalmente, s\u00f3lo con el etanol (alcohol, b\u00e1sicamente) consegu\u00eda el efecto deseado. Pero era considerado caro y se necesitaba un 10 % de etanol en cada volumen de gasolina. Buscaban algo m\u00e1s barato. Algunas de las soluciones eran prometedoras, pero no convenc\u00edan por precio o por&#8230;olor, como la combinaci\u00f3n de telurio e hidr\u00f3xido de sodio.<\/span><\/p>\n<p>&nbsp;<\/p>\n<figure id=\"attachment_2255086\" aria-describedby=\"caption-attachment-2255086\" style=\"width: 480px\" class=\"wp-caption aligncenter\"><img loading=\"lazy\" decoding=\"async\" class=\"wp-image-2255086\" src=\"https:\/\/puntocritico.com\/ausajpuntocritico\/wp-content\/uploads\/2022\/08\/Charles-F-Kettering.jpeg\" alt=\"\" width=\"480\" height=\"435\" data-id=\"2255086\" srcset=\"https:\/\/puntocritico.com\/ausajpuntocritico\/wp-content\/uploads\/2022\/08\/Charles-F-Kettering.jpeg 1366w, https:\/\/puntocritico.com\/ausajpuntocritico\/wp-content\/uploads\/2022\/08\/Charles-F-Kettering-300x272.jpeg 300w, https:\/\/puntocritico.com\/ausajpuntocritico\/wp-content\/uploads\/2022\/08\/Charles-F-Kettering-1024x928.jpeg 1024w, https:\/\/puntocritico.com\/ausajpuntocritico\/wp-content\/uploads\/2022\/08\/Charles-F-Kettering-768x696.jpeg 768w, https:\/\/puntocritico.com\/ausajpuntocritico\/wp-content\/uploads\/2022\/08\/Charles-F-Kettering-610x553.jpeg 610w, https:\/\/puntocritico.com\/ausajpuntocritico\/wp-content\/uploads\/2022\/08\/Charles-F-Kettering-1320x1196.jpeg 1320w\" sizes=\"auto, (max-width: 480px) 100vw, 480px\" \/><figcaption id=\"caption-attachment-2255086\" class=\"wp-caption-text\"><span style=\"color: #008000;\">Charles F. Kettering<\/span><\/figcaption><\/figure>\n<p>&nbsp;<\/p>\n<p style=\"text-align: justify;\"><span style=\"font-size: 14pt;\">Finalmente, el 3 de diciembre de 1921, Midgley da con la soluci\u00f3n, el\u00a0<strong>tetraetilo de plomo<\/strong>. Es barato de fabricar, abundante y no tiene olor. Entusiasmado se lo comunica a Kettering sabiendo que iban a ganar monta\u00f1as y monta\u00f1as de dinero.<\/span><\/p>\n<div class=\"article-asset article-asset-normal article-asset-center\">\n<div class=\"desvio-container\">\n<div class=\"desvio\">\n<div class=\"desvio-figure js-desvio-figure\">\n<h3 style=\"text-align: justify;\"><strong>\u00bfT\u00f3xico, el plomo?<\/strong><\/h3>\n<p style=\"text-align: justify;\"><span style=\"font-size: 14pt;\">Para la comercializaci\u00f3n del producto milagro, General Motors, de la cual\u00a0<strong>Du Pont de Nemours (Dupont)<\/strong>\u00a0ten\u00eda el 34 %, se asocia con la\u00a0<strong>Standard Oil of New Jersey (Exxon)<\/strong>\u00a0en 1924 para la comercializaci\u00f3n de la gasolina con plomo bajo la\u00a0<strong>marca Ethyl<\/strong>, a secas, sin menci\u00f3n al plomo.<\/span><\/p>\n<p style=\"text-align: justify;\"><span style=\"font-size: 14pt;\">El producto es un \u00e9xito, la demanda est\u00e1 por las nubes y Exxon construye una planta de producci\u00f3n en New Jersey. Pronto los operarios se ponen enfermos y cinco de ellos mueren.<\/span><\/p>\n<\/div>\n<\/div>\n<\/div>\n<\/div>\n<p style=\"text-align: justify;\"><span style=\"font-size: 14pt;\">El p\u00fablico empieza a sospechar de Ethyl, a pesar de los anuncios de la \u00e9poca que quieren demostrar que con el Ethyl ya no hay picado de biela. Midgley, para demostrar que su producto es inocuo\u00a0<strong>no duda en rueda de prensa en echarse Ethyl en las manos y respirarlo<\/strong>\u00a0durante varios minutos. El problema es que sabe de sobras que es nocivo. De hecho, para cuando hace esa demostraci\u00f3n, Midgley ya est\u00e1 enfermo por culpa de su producto.<\/span><\/p>\n<p style=\"text-align: justify;\"><span style=\"font-size: 14pt;\">Y no es que nadie supiera que el plomo era nocivo. En el siglo XVIII ya se sab\u00eda que el plomo era t\u00f3xico. A finales de los a\u00f1os 1920, cient\u00edficos del MIT, Yale y de Harvard, as\u00ed como del ministerio de salud estadounidense pidieron a Midgley, a Exxon y GM que no fabricaran Ethyl, por salud p\u00fablica.<\/span><\/p>\n<p style=\"text-align: justify;\"><span style=\"font-size: 14pt;\">De hecho, el plomo es muy t\u00f3xico, incluso en peque\u00f1as cantidades. El cuerpo lo absorbe y se queda pegado a los huesos y a los tejidos, especialmente al cerebro. En las c\u00e9lulas neuronales, el\u00a0<strong>plomo se adhiere a los neurotransmisores.<\/strong><\/span><\/p>\n<p style=\"text-align: justify;\"><span style=\"font-size: 14pt;\">De ah\u00ed que provoca dolores de cabeza, p\u00e9rdidas de memoria, alucinaciones y \u00a0tics nerviosos, entre otras dolencias. Es un poco el mismo mecanismo que las drogas, salvo que el cuerpo puede eliminar la mayor\u00eda de estas, pero no el plomo.<\/span><\/p>\n<div class=\"article-asset-image article-asset-large\">\n<div class=\"asset-content\">\n<div class=\"base-wrapper-image\" style=\"text-align: justify;\">\n<p><span style=\"font-size: 14pt;\">Con el tiempo, el a\u00f1adir plomo a la gasolina se convirti\u00f3 en una pr\u00e1ctica habitual en todo el mundo. No fue hasta los a\u00f1os 70 que en Estados Unidos se introdujo la gasolina sin plomo y los catalizadores en las l\u00edneas de escape, pero la\u00a0<strong>gasolina con plomo no fue prohibida all\u00ed hasta 1996<\/strong>\u00a0y retirada por completo del mercado.<\/span><\/p>\n<p><span style=\"font-size: 14pt;\">Fue\u00a0<strong>Jap\u00f3n, en 1986, el primer pa\u00eds en prohibir el plomo en la gasolina<\/strong>. Pronto le siguieron otros pa\u00edses, como Canad\u00e1, Suiza y Austria. En 1989, la gasolina sin plomo fue retirada en todo el territorio de la Uni\u00f3n Europea.<\/span><\/p>\n<\/div>\n<\/div>\n<\/div>\n<p style=\"text-align: justify;\"><span style=\"font-size: 14pt;\">Todo los pa\u00edses fueron eliminando progresivamente el plomo de la gasolina. En 2016, s\u00f3lo Argelia, Yemen e Irak todav\u00eda lo usaban. Finalmente, a mediados de 2021,\u00a0<a href=\"https:\/\/www.motorpasion.com\/futuro-movimiento\/se-acabo-gasolina-plomo-argelia-ha-terminado-sus-existencias-era-ultimo-pais-donde-quedaba\" target=\"_blank\" rel=\"noopener\" data-schema-attribute=\"\">Argelia dej\u00f3 de a\u00f1adir plomo<\/a>\u00a0a su gasolina. Fue el \u00faltimo pa\u00eds del planeta en hacerlo.<\/span><\/p>\n<h3 style=\"text-align: justify;\"><strong>El legado de la gasolina con plomo<\/strong><\/h3>\n<p style=\"text-align: justify;\"><span style=\"font-size: 14pt;\">Las consecuencias del uso del plomo, expulsado al aire en forma de part\u00edculas por millones de coches hasta los a\u00f1os 80, se perciben todav\u00eda hoy. El plomo afecta a casi todos los \u00e1mbitos fisiol\u00f3gicos del cuerpo humano, explica Amit Bhattacharya, profesor de salud ambiental de la\u00a0<a href=\"https:\/\/www.nationalgeographic.com\/environment\/article\/finally-the-end-of-leaded-gas#:~:text=After%20decades%20of%20international%20pressure,is%20no%20longer%20being%20produced.&amp;text=The%20last%20leaded%20fuel%20has,world%20to%20sell%20it:%20Algeria.\" target=\"_blank\" rel=\"noopener\" data-schema-attribute=\"\">Universidad de Cincinnati<\/a>. \u00abEl sistema motor, cognitivo, hep\u00e1tico, renal, visual, todo lo que se te ocurra, puede destruirlo\u00bb.<\/span><\/p>\n<p style=\"text-align: justify;\"><span style=\"font-size: 14pt;\">En los ni\u00f1os, afecta al aprendizaje y hace que las personas con mayor exposici\u00f3n al plomo desde ni\u00f1os\u00a0<strong>pierdan puntos de cociente intelectual<\/strong>. Se dice incluso que, al afectar el sistema nervioso, las personas con mayor exposici\u00f3n al plomo\u00a0<a href=\"https:\/\/mpra.ub.uni-muenchen.de\/35338\/1\/MPRA_paper_35338.pdf\" target=\"_blank\" rel=\"noopener\" data-schema-attribute=\"\">desarrollan una tendencia<\/a>\u00a0a tener comportamientos criminales. Obviamente, no todo el plomo viene de la gasolina, tambi\u00e9n proviene de las bater\u00edas y de algunos procesos industriales.<\/span><\/p>\n<p>&nbsp;<\/p>\n<figure id=\"attachment_2255088\" aria-describedby=\"caption-attachment-2255088\" style=\"width: 660px\" class=\"wp-caption aligncenter\"><img loading=\"lazy\" decoding=\"async\" class=\"wp-image-2255088\" src=\"https:\/\/puntocritico.com\/ausajpuntocritico\/wp-content\/uploads\/2022\/08\/Relacion-entre-violencia-y-plomo.jpeg\" alt=\"\" width=\"660\" height=\"409\" data-id=\"2255088\" srcset=\"https:\/\/puntocritico.com\/ausajpuntocritico\/wp-content\/uploads\/2022\/08\/Relacion-entre-violencia-y-plomo.jpeg 1366w, https:\/\/puntocritico.com\/ausajpuntocritico\/wp-content\/uploads\/2022\/08\/Relacion-entre-violencia-y-plomo-300x186.jpeg 300w, https:\/\/puntocritico.com\/ausajpuntocritico\/wp-content\/uploads\/2022\/08\/Relacion-entre-violencia-y-plomo-1024x635.jpeg 1024w, https:\/\/puntocritico.com\/ausajpuntocritico\/wp-content\/uploads\/2022\/08\/Relacion-entre-violencia-y-plomo-768x476.jpeg 768w, https:\/\/puntocritico.com\/ausajpuntocritico\/wp-content\/uploads\/2022\/08\/Relacion-entre-violencia-y-plomo-610x378.jpeg 610w, https:\/\/puntocritico.com\/ausajpuntocritico\/wp-content\/uploads\/2022\/08\/Relacion-entre-violencia-y-plomo-1320x818.jpeg 1320w\" sizes=\"auto, (max-width: 660px) 100vw, 660px\" \/><figcaption id=\"caption-attachment-2255088\" class=\"wp-caption-text\"><span style=\"color: #008000;\">Relaci\u00f3n entre violencia y plomo. Fuente: Interesting Engineering<\/span><\/figcaption><\/figure>\n<p>&nbsp;<\/p>\n<p style=\"text-align: justify;\"><span style=\"font-size: 14pt;\"><strong>Midgley, por su parte, no se limit\u00f3 a la gasolina con plomo<\/strong>. En esa \u00e9poca, General Motors tambi\u00e9n fabricaba electrodom\u00e9sticos, entre ellos, neveras. Y para GM invent\u00f3 un nuevo refrigerante que no era t\u00f3xico ni inflamable, como s\u00ed lo eran los refrigerantes de la \u00e9poca.<\/span><\/p>\n<p style=\"text-align: justify;\"><span style=\"font-size: 14pt;\">Lo consigui\u00f3 ideando un gas de la familia de los\u00a0<strong>clorofluorocarbonos que llam\u00f3 Freon<\/strong>. Como sabemos, ese gas liberado en la atm\u00f3sfera contribuy\u00f3 a destruir la capa de ozono y en proporci\u00f3n gener\u00f3 m\u00e1s efecto invernadero que el uso del autom\u00f3vil.<\/span><\/p>\n<p style=\"text-align: justify;\"><span style=\"font-size: 14pt;\">Hoy, los clorofluorocarbonos est\u00e1n prohibidos y la capa de ozono se va recuperando poco a poco. Pero es otro regalo que debemos a Midgley y los responsables de la \u00e9poca de General Motors.<\/span><\/p>\n<p style=\"text-align: justify;\"><span style=\"font-size: 14pt;\">Como bien dicen en este\u00a0<a href=\"https:\/\/www.youtube.com\/watch?v=IV3dnLzthDA\" target=\"_blank\" rel=\"noopener\" data-schema-attribute=\"\">excelente documental<\/a>, Midgley fue\u00a0<strong>\u201cel hombre que mat\u00f3 accidentalmente a m\u00e1s personas en la historia\u201d<\/strong>, aunque no estoy de acuerdo a nivel personal en lo de accidental. En el caso del plomo, se sab\u00eda de su toxicidad, pues el mismo Midgley enferm\u00f3 por culpa del plomo. Pero decidieron seguir adelante igualmente.<\/span><\/p>\n<div class=\"article-asset-image article-asset-large\">\n<div class=\"asset-content\">\n<div class=\"base-wrapper-image\">\n<div class=\"blob js-post-images-container\">\n<p style=\"text-align: justify;\"><span style=\"font-size: 14pt;\">Midgley contrajo la polio a los 51 a\u00f1os. Pero mantuvo su esp\u00edritu inventivo hasta el final e ide\u00f3 un ingenioso sistema de cuerdas y poleas para ayudarle a levantarse en la cama. Pero se enganch\u00f3 accidentalmente en las cuerdas de su cama y\u00a0<strong>muri\u00f3 estrangulado a los 55 a\u00f1os<\/strong>.<\/span><\/p>\n<\/div>\n<div class=\"article-links\">\n<div class=\"article-links-inner\">\u00a0<\/div>\n<\/div>\n<\/div>\n<\/div>\n<\/div>\n<p><img loading=\"lazy\" decoding=\"async\" class=\"aligncenter wp-image-2255089\" src=\"https:\/\/puntocritico.com\/ausajpuntocritico\/wp-content\/uploads\/2022\/08\/Midgley-esquela.jpeg\" alt=\"\" width=\"440\" height=\"352\" data-id=\"2255089\" srcset=\"https:\/\/puntocritico.com\/ausajpuntocritico\/wp-content\/uploads\/2022\/08\/Midgley-esquela.jpeg 1366w, https:\/\/puntocritico.com\/ausajpuntocritico\/wp-content\/uploads\/2022\/08\/Midgley-esquela-300x240.jpeg 300w, https:\/\/puntocritico.com\/ausajpuntocritico\/wp-content\/uploads\/2022\/08\/Midgley-esquela-1024x819.jpeg 1024w, https:\/\/puntocritico.com\/ausajpuntocritico\/wp-content\/uploads\/2022\/08\/Midgley-esquela-768x615.jpeg 768w, https:\/\/puntocritico.com\/ausajpuntocritico\/wp-content\/uploads\/2022\/08\/Midgley-esquela-610x488.jpeg 610w, https:\/\/puntocritico.com\/ausajpuntocritico\/wp-content\/uploads\/2022\/08\/Midgley-esquela-1320x1056.jpeg 1320w\" sizes=\"auto, (max-width: 440px) 100vw, 440px\" \/><\/p>\n<p style=\"text-align: center;\"><span style=\"font-size: 18pt;\"><strong><span style=\"color: #008000;\">*******<\/span><\/strong><\/span><\/p>\n<h2 class=\"title header__title\" style=\"text-align: center;\"><span style=\"font-size: 24pt;\">El caso de Thomas Midgley, Jr.<\/span><\/h2>\n<p style=\"text-align: justify;\"><span style=\"font-size: 14pt;\">Por Eduardo Angulo<\/span><\/p>\n<p style=\"text-align: justify;\"><a href=\"https:\/\/culturacientifica.com\/2014\/03\/24\/el-caso-de-thomas-midgley-jr\/\" data-schema-attribute=\"\" target=\"_blank\" rel=\"noopener\"><span style=\"font-size: 14pt;\">Cultura Cient\u00edfica<\/span><\/a><\/p>\n<p><img loading=\"lazy\" decoding=\"async\" class=\"aligncenter size-full wp-image-2255093\" src=\"https:\/\/puntocritico.com\/ausajpuntocritico\/wp-content\/uploads\/2022\/08\/El-caso-de-Thomas-Midgley-Jr.-2.jpg\" alt=\"\" width=\"401\" height=\"556\" data-id=\"2255093\" srcset=\"https:\/\/puntocritico.com\/ausajpuntocritico\/wp-content\/uploads\/2022\/08\/El-caso-de-Thomas-Midgley-Jr.-2.jpg 401w, https:\/\/puntocritico.com\/ausajpuntocritico\/wp-content\/uploads\/2022\/08\/El-caso-de-Thomas-Midgley-Jr.-2-216x300.jpg 216w\" sizes=\"auto, (max-width: 401px) 100vw, 401px\" \/><\/p>\n<p>&nbsp;<\/p>\n<p style=\"text-align: justify;\"><span style=\"font-size: 14pt;\">Muri\u00f3 el 2 de noviembre de 1944 en Wothington, Ohio, y lo hizo como un inventor que era, de vocaci\u00f3n y de familia. En 1940, a los 51 a\u00f1os, Midgley contrajo la poliomielitis y sus secuelas le dejaron las piernas inv\u00e1lidas. Inventor como era, ide\u00f3 y fabric\u00f3 un complicado sistema de cuerdas y poleas para poder izarse en la cama y trasladarse a una silla de ruedas sin ayuda. Desgraciadamente, en 1944, a los 55 a\u00f1os, y estando solo, se enred\u00f3 con las cuerdas del artefacto y se le encontr\u00f3 ahorcado sobre su cama. Si fue accidente o suicidio, todav\u00eda se debate entre sus bi\u00f3grafos.<\/span><\/p>\n<p style=\"text-align: justify;\"><span style=\"font-size: 14pt;\">Hab\u00eda nacido en Beaver Falls, Pennsylvania, el 18 de mayo de 1889. Era hijo de un inventor y sobrino de otro y se integra en esa tradici\u00f3n de inventores t\u00edpica de Estados Unidos cuyo m\u00e1ximo representante fue Thomas Alva Edison. Estudi\u00f3 ingenier\u00eda en la Universidad de Cornell y acab\u00f3 el doctorado en Ingenier\u00eda Mec\u00e1nica en 1911.<\/span><\/p>\n<p style=\"text-align: justify;\"><span style=\"font-size: 14pt;\">Entr\u00f3 en 1916 a trabajar, bajo la direcci\u00f3n de Charles Kettering, en los Laboratorios de Investigaci\u00f3n de Dayton, en Ohio, centro subsidiario de la General Motor. Dirigi\u00f3 un proyecto destinado a mejorar la combusti\u00f3n de gasolina para la naciente industria del autom\u00f3vil. Hasta esa \u00e9poca, los motores de gasolina, al iniciar la combusti\u00f3n, emit\u00edan un \u201cpetardeo\u201d caracter\u00edstico y molesto que, adem\u00e1s, imped\u00eda el rendimiento \u00f3ptimo del motor por falta de la compresi\u00f3n adecuada. Midgley, despu\u00e9s de ensayar 33000 compuestos durante seis a\u00f1os, seg\u00fan unos, y s\u00f3lo 144 seg\u00fan otros (otro asunto referente a Midgley que sigue en debate), descubri\u00f3 varios productos que, a\u00f1adidos a la gasolina, disminu\u00edan el \u201cpetardeo\u201d. Adem\u00e1s, la eficacia de los compuestos mejoraba seg\u00fan la posici\u00f3n que ocupaba en la tabla peri\u00f3dica el \u00e1tomo m\u00e1s pesado de cada uno de ellos. As\u00ed, ensayo tras ensayo, prob\u00f3 el tetraetil plomo el 9 de diciembre de 1921, compuesto que result\u00f3 ser el m\u00e1s eficaz y barato. Es m\u00e1s, cuentan que despu\u00e9s de este ensayo exitoso, todos los que trabajaban en el laboratorio lo celebraron con un baile colectivo alrededor de mesas y aparatos. Desde entonces, se a\u00f1adir\u00eda el tetraetil plomo a la gasolina como aditivo.<\/span><\/p>\n<p style=\"text-align: justify;\"><span style=\"font-size: 14pt;\">El primer gal\u00f3n de gasolina con plomo se vendi\u00f3 el 2 de febrero de 1923 a un afortunado motorista en Dayton, Ohio, sede del laboratorio de la General Motors en el que trabajaba Midgley. Kettering, su jefe, fue uno de los que llam\u00f3 al tetraetil plomo un \u201cregalo de Dios\u201d. Pronto se hizo popular esta gasolina que no petardeaba y mejoraba el funcionamiento de los motores, gastando menos y consiguiendo m\u00e1s velocidad. Aquel mismo a\u00f1o, 1923, los tres primeros coches de la famosa carrera de Indian\u00e1polis utilizaban gasolina con plomo.<\/span><\/p>\n<p style=\"text-align: justify;\"><span style=\"font-size: 14pt;\">Por si acaso, la General Motors ayud\u00f3 a que la gasolina no provocara rechazos eliminando el t\u00e9rmino plomo en todos sus escritos y anuncios y se la conoci\u00f3 como etil gasolina. El mismo Midgley, a causa de la feroz defensa que hizo de su invento, tuvo que tomarse unas vacaciones prolongadas, en 1923, cuando llevaba cerca de un a\u00f1o trabajando con plomo, como el mismo escribi\u00f3.<\/span><\/p>\n<p style=\"text-align: justify;\"><span style=\"font-size: 14pt;\">En esos a\u00f1os se sucedieron las muertes inexplicables de obreros en las plantas de la General Motors que fabricaban la \u201cetil\u201d gasolina, muertes que sabemos se deb\u00edan a envenenamiento por plomo. Por ejemplo, entre el 26 y el 30 de octubre de 1924 murieron 5 trabajadores y otros 35 sufrieron par\u00e1lisis, temblores y alucinaciones en los laboratorios de la Standard Oil de Elizabeth, Nueva Jersey, que investigaban la gasolina con plomo. De los 49 trabajadores de la planta, el 80% murieron o enfermaron.<\/span><\/p>\n<p style=\"text-align: justify;\"><span style=\"font-size: 14pt;\">Para demostrar que \u201csu\u201d gasolina con plomo no era la causa de estas muertes, Midgley dio una rueda de prensa en Atlanta en 1930 en la que, aparte de echar la culpa de sus males a los propios obreros por trabajar descuidadamente, se reg\u00f3 las manos con su etil gasolina o absorbi\u00f3 su aroma durante un minuto. Fue despu\u00e9s de esta exhibici\u00f3n cuando Midgley necesito de nuevo unas largas vacaciones en Miami.<\/span><\/p>\n<p style=\"text-align: justify;\"><span style=\"font-size: 14pt;\">En la d\u00e9cada de los setenta se vend\u00edan 370000 toneladas de gasolina con plomo por a\u00f1o en todo el mundo. Su fabricaci\u00f3n ocupaba siempre, desde la d\u00e9cada de los cincuenta, un lugar entre las primeras industrias de Estados Unidos. En los ochenta y noventa eran ya 720.000.000.000 litros de gasolina con plomo los que se produc\u00edan y vend\u00edan. Cada litro llevaba 0.52 gramos de plomo, o sea, que eran casi 375000 toneladas de plomo las que se liberaban a la atm\u00f3sfera cada a\u00f1o. M\u00e1s del 80% de este plomo se liberaba en Estados Unidos con su gasolina barata y sus numerosos coches m\u00e1s grandes y menos eficientes que en el resto del mundo.<\/span><\/p>\n<p style=\"text-align: justify;\"><span style=\"font-size: 14pt;\">Ya en la d\u00e9cada de los sesenta comenzaron los estudios sobre la toxicidad del plomo y su acumulaci\u00f3n en el ambiente y en las personas y, en los ochenta, se certific\u00f3 el peligro que representaba en la gasolina y se inici\u00f3 el proceso de sustituci\u00f3n por aditivos para evitar el \u201cpetardeo\u201d que, por ahora, se consideran inocuos. En 1990, con su sustituci\u00f3n, las ventas de gasolina con plomo en Estados Unidos hab\u00edan ca\u00eddo a los niveles de 1930, y supon\u00edan menos del 25% del total mundial.<\/span><\/p>\n<p style=\"text-align: justify;\"><span style=\"font-size: 14pt;\">En 1930, Thomas Midgley, tambi\u00e9n por encargo de la General Motors, desarroll\u00f3 el fre\u00f3n-12 (diclorodifluorometano) como agente no t\u00f3xico y no inflamable perfecto para utilizar en los refrigeradores dom\u00e9sticos, en el aire acondicionado de grandes edificios y, lo que m\u00e1s interesaba a la General Motors, en la climatizaci\u00f3n de los autom\u00f3viles. Hasta entonces, los productos empleados, adem\u00e1s de ser muchos de ellos t\u00f3xicos, tend\u00edan a explotar, llev\u00e1ndose por delante el refrigerador y, a veces, la cocina entera.<\/span><\/p>\n<p style=\"text-align: justify;\"><span style=\"font-size: 14pt;\">Tambi\u00e9n en esta investigaci\u00f3n Midgley tom\u00f3 como gu\u00eda la tabla peri\u00f3dica y lleg\u00f3 a los clorofluorocarbonos, conocidos como CFCs, no t\u00f3xicos y muy inertes lo que, por cierto, ha llevado a su acumulaci\u00f3n en la atm\u00f3sfera puesto que no se degradan y desaparecen. El primer anuncio p\u00fablico de la invenci\u00f3n de los CFCs se hizo en el 79\u00ba Congreso de la American Chemical Society celebrado en Atlanta en 1929. Aunque el grupo de Midgley ya trabajaba con los CFCs desde 1928 por lo menos, solo el a\u00f1o siguiente al Congreso, en 1930, se public\u00f3 un art\u00edculo sobre el descubrimiento en una revista cient\u00edfica y se formaliz\u00f3 la patente. De nuevo Midgley arriesg\u00f3 su salud para demostrar que los conocidos CFCs, cuya marca comercial era Fre\u00f3n-12, eran inocuos y, en una demostraci\u00f3n ante la American Chemical Society, inhal\u00f3 el gas y sopl\u00f3 hasta apagar una vela y as\u00ed demostr\u00f3 que el gas era inerte y no inflamable.<\/span><\/p>\n<p style=\"text-align: justify;\"><span style=\"font-size: 14pt;\">Y tambi\u00e9n fue a partir de 1980 cuando se empez\u00f3 a sospechar de los clorofluorocarbonos (CFCs), es decir, del fre\u00f3n 12 y compuestos similares, como causantes de la disminuci\u00f3n de la capa de ozono con los efectos conocidos en cuanto a la radiaci\u00f3n ultravioleta que llega a la superficie del planeta.<\/span><\/p>\n<p style=\"text-align: justify;\"><span style=\"font-size: 14pt;\">Otro de los inventos importantes de Midgley deriva de sus trabajos con los CFCs y todav\u00eda nos acompa\u00f1a. Son los derivados naturales y artificiales del caucho y su vulcanizaci\u00f3n. De sus investigaciones en el laboratorio a comercializar un buen neum\u00e1tico para autom\u00f3viles hab\u00eda que dar pocos pasos. Y entre los derivados artificiales que investig\u00f3 est\u00e1 el poliestireno, con propiedades expansivas y m\u00faltiples usos en la actualidad. En 1991, la DuPont Corporation, fabricante de CFCs, declar\u00f3 que el 32% de estos productos se dedicaba a la refrigeraci\u00f3n pero que el 28% era la base para la fabricaci\u00f3n de pl\u00e1sticos.<\/span><\/p>\n<p style=\"text-align: justify;\"><span style=\"font-size: 14pt;\">Con sus inventos para el transporte (gasolina con plomo), para la alimentaci\u00f3n (CFCs para la refrigeraci\u00f3n) y pl\u00e1sticos con m\u00faltiples usos, Midgley cambi\u00f3 nuestra vida y, como consecuencia a largo plazo de sus inventos, provoc\u00f3 la contaminaci\u00f3n con plomo y pl\u00e1sticos y el agujero de la capa de ozono, que quiz\u00e1 han puesto en peligro la vida que conocemos en nuestro planeta.<\/span><\/p>\n<p style=\"text-align: justify;\"><span style=\"font-size: 14pt;\">De \u00e9l escribi\u00f3 el historiador John McNeill que \u201cha tenido m\u00e1s impacto sobre la atm\u00f3sfera que ning\u00fan otro organismo en la historia de la Tierra\u201d. Ingeniosa pero, me parece, una precisa conclusi\u00f3n para los inventos de Thomas Midgley, Jr.<\/span><\/p>\n<p>&nbsp;<\/p>\n<figure id=\"attachment_2255094\" aria-describedby=\"caption-attachment-2255094\" style=\"width: 236px\" class=\"wp-caption aligncenter\"><img loading=\"lazy\" decoding=\"async\" class=\"size-full wp-image-2255094\" src=\"https:\/\/puntocritico.com\/ausajpuntocritico\/wp-content\/uploads\/2022\/08\/El-caso-de-Thomas-Midgley-Jr..jpg\" alt=\"\" width=\"236\" height=\"300\" data-id=\"2255094\" \/><figcaption id=\"caption-attachment-2255094\" class=\"wp-caption-text\"><span style=\"color: #008000;\">Thomas Midgley Jr.<\/span><\/figcaption><\/figure>\n<p style=\"text-align: center;\"><span style=\"font-size: 18pt; color: #008000;\">***<\/span><\/p>\n<h3 style=\"text-align: left;\"><span style=\"font-size: 18pt;\"><strong>\u00a0 \u00a0Referencias<\/strong><\/span><\/h3>\n<blockquote>\n<p style=\"text-align: left;\"><em>Bellows, A. 2007.\u00a0<a href=\"http:\/\/www.damninteresting.com\/the-ethyl-poisoned-earth\" target=\"_blank\" rel=\"noopener\">The ethyl-poisoned Earth<\/a>.<\/em><\/p>\n<p style=\"text-align: left;\"><em>Bonini, H.F. &amp; P.A. Porto. 2012. O desenvolvimento de novas substancias na primeira mitade do seculo XX: o caso de Thamas Midgley, Jr. Circumscribere 12: 16-30.<\/em><\/p>\n<p style=\"text-align: left;\"><em>Giunta, C.J. 2006. Thomas Midgley, Jr., and the invention of chlorofluorocarbon refrigerants: It ain\u2019t necessarity. Bulletin of the History of Chemistry 31: 66-74.<\/em><\/p>\n<p style=\"text-align: left;\"><em>Kettering, C.F. 1947. Biographical Memoir of Thomas Midgley, Jr. 1889-1944.\u00a0Biographical Memoires National Academy of Sciences\u00a024: 360-380.<\/em><\/p>\n<p style=\"text-align: left;\"><em>McNeill, J.R. 2003. Algo nuevo bajo el Sol. Historia medioambiental del mundo en el siglo XX. Alianza Ed. Madrid. 503 pp.<\/em><\/p>\n<p style=\"text-align: left;\"><em>Midgley, Jr., T. &amp; T.A. Boyd. 1922. The chemical control of gaseous detonation with particular reference to the internal-combustion engine.\u00a0Journal of Industrial and Engineering Chemistry\u00a014: 894-898.<\/em><\/p>\n<p style=\"text-align: left;\"><em>Midgley, Jr., T. &amp; A.L. Henne. 1930. Organic fluorides as refrigerants.\u00a0Industrial and Engineering Chemistry\u00a022: 542-545.<\/em><\/p>\n<p style=\"text-align: left;\"><em>Nriagu, J.O. 1990. The rise and fall of leaded gasolina. Science of the Total Environment 92: 13-28.<\/em><\/p>\n<p style=\"text-align: left;\"><em>Rosner, D. &amp; G. Markowitz. 1985. A \u201cGift of God?\u201d: The public health controversy over leaded gasolina during the 1920s. American Journal of Public Health 75: 344-352.<\/em><\/p>\n<\/blockquote>\n<p>&nbsp;<\/p>\n<p style=\"text-align: right;\"><span style=\"font-size: 14pt;\"><em>Sobre el autor: Eduardo Angulo es doctor en biolog\u00eda, profesor de biolog\u00eda celular de la UPV\/EHU retirado y divulgador cient\u00edfico. Ha publicado varios libros y es autor de\u00a0<a href=\"http:\/\/blogs.elcorreo.com\/labiologiaestupenda\/\" target=\"_blank\" rel=\"noopener\">La biolog\u00eda estupenda<\/a>.<\/em><\/span><\/p>\n<p>&nbsp;<\/p>\n<p><img loading=\"lazy\" decoding=\"async\" class=\"aligncenter wp-image-2255087\" src=\"https:\/\/puntocritico.com\/ausajpuntocritico\/wp-content\/uploads\/2022\/08\/ETHYL-Publi.jpeg\" alt=\"\" width=\"660\" height=\"426\" data-id=\"2255087\" srcset=\"https:\/\/puntocritico.com\/ausajpuntocritico\/wp-content\/uploads\/2022\/08\/ETHYL-Publi.jpeg 1366w, https:\/\/puntocritico.com\/ausajpuntocritico\/wp-content\/uploads\/2022\/08\/ETHYL-Publi-300x194.jpeg 300w, https:\/\/puntocritico.com\/ausajpuntocritico\/wp-content\/uploads\/2022\/08\/ETHYL-Publi-1024x661.jpeg 1024w, https:\/\/puntocritico.com\/ausajpuntocritico\/wp-content\/uploads\/2022\/08\/ETHYL-Publi-768x496.jpeg 768w, https:\/\/puntocritico.com\/ausajpuntocritico\/wp-content\/uploads\/2022\/08\/ETHYL-Publi-610x394.jpeg 610w, https:\/\/puntocritico.com\/ausajpuntocritico\/wp-content\/uploads\/2022\/08\/ETHYL-Publi-1320x852.jpeg 1320w\" sizes=\"auto, (max-width: 660px) 100vw, 660px\" \/><\/p>\n<p style=\"text-align: center;\"><span style=\"font-size: 18pt;\"><strong><span style=\"color: #008000;\">*******<\/span><\/strong><\/span><\/p>\n<h2 style=\"text-align: center;\"><span style=\"font-size: 24pt;\">Intoxicaci\u00f3n por plomo<\/span><\/h2>\n<p style=\"text-align: justify;\"><span style=\"font-size: 14pt;\"><a href=\"https:\/\/www.who.int\/es\/news-room\/fact-sheets\/detail\/lead-poisoning-and-health#:~:text=La%20exposici%C3%B3n%20al%20plomo%20tambi%C3%A9n,pueda%20considerase%20exento%20de%20riesgo\" target=\"_blank\" rel=\"noopener\">OMS<\/a>, 11 de octubre de 2021<\/span><\/p>\n<p>&nbsp;<\/p>\n<div id=\"PageContent_T0643CD2A004_Col01\" class=\"sf_colsIn col-sm-4 col-md-4\" data-sf-element=\"Column 2\" data-placeholder-label=\"Toolbox\">\n<div class=\"addthis_inline_share_toolbox\">\n<p><img loading=\"lazy\" decoding=\"async\" class=\"aligncenter wp-image-2255162 size-mh-magazine-content\" src=\"https:\/\/puntocritico.com\/ausajpuntocritico\/wp-content\/uploads\/2022\/08\/recycling-metal-lead-poisoning-678x381.jpg\" alt=\"\" width=\"678\" height=\"381\" data-id=\"2255162\" \/><\/p>\n<\/div>\n<\/div>\n<div class=\"button button-blue-border\">\u00a0<\/div>\n<div>\n<div class=\"list-bold separator-line\">\n<h3 style=\"text-align: justify;\"><strong>Datos y cifras<\/strong><\/h3>\n<ul>\n<li style=\"text-align: justify;\"><span style=\"font-size: 14pt;\">El plomo es una sustancia t\u00f3xica que se va acumulando en el organismo afectando a diversos sistemas del organismo, con efectos especialmente da\u00f1inos en los ni\u00f1os de corta edad.<\/span><\/li>\n<li style=\"text-align: justify;\"><span style=\"font-size: 14pt;\">El plomo se distribuye por el organismo hasta alcanzar el cerebro, el h\u00edgado, los ri\u00f1ones y los huesos. Se deposita en dientes y huesos, donde se va acumulando con el paso del tiempo. La exposici\u00f3n humana se suele evaluar midiendo la concentraci\u00f3n de plomo en sangre.<\/span><\/li>\n<li style=\"text-align: justify;\"><span style=\"font-size: 14pt;\">El plomo presente en los huesos es liberado hacia la sangre durante el embarazo y se convierte en una fuente de exposici\u00f3n para el feto.<\/span><\/li>\n<li style=\"text-align: justify;\"><span style=\"font-size: 14pt;\">No existe un nivel de exposici\u00f3n al plomo por debajo del cual se puede afirmar que no se sufrir\u00e1n efectos perjudiciales.<\/span><\/li>\n<li style=\"text-align: justify;\"><span style=\"font-size: 14pt;\">La exposici\u00f3n al plomo es prevenible.<\/span><\/li>\n<\/ul>\n<\/div>\n<article class=\"sf-detail-body-wrapper\">\n<div style=\"text-align: right;\"><a href=\"https:\/\/news.un.org\/es\/story\/2021\/08\/1496062\" target=\"_blank\" rel=\"noopener\" data-schema-attribute=\"\">https:\/\/news.un.org\/es\/story\/2021\/08\/1496062<\/a><\/div>\n<h3 style=\"text-align: justify;\"><strong><span style=\"text-align: justify;\">Panorama general<\/span><\/strong><\/h3>\n<div style=\"text-align: right;\">\n<p style=\"text-align: justify;\"><span style=\"font-size: 14pt;\">El plomo es un metal t\u00f3xico presente de forma natural en la corteza terrestre. Su uso generalizado ha dado lugar a una importante contaminaci\u00f3n ambiental, a la exposici\u00f3n humana y a graves problemas de salud p\u00fablica en muchas partes del mundo.<\/span><\/p>\n<p style=\"text-align: justify;\"><span style=\"font-size: 14pt;\">Entre las principales fuentes de contaminaci\u00f3n ambiental destacan la explotaci\u00f3n minera, la metalurgia, las actividades de fabricaci\u00f3n y reciclaje y, en algunos pa\u00edses, el uso persistente de pinturas y de combustible para la aviaci\u00f3n con plomo. M\u00e1s de tres cuartes partes del consumo mundial de plomo corresponden a la fabricaci\u00f3n de bater\u00edas de plomo-\u00e1cido para veh\u00edculos de motor. Sin embargo, este metal tambi\u00e9n se utiliza en muchos otros productos, como pigmentos, pinturas, soldaduras, vidrieras, vajillas de cristal, municiones, esmaltes cer\u00e1micos, joyas, juguetes y algunos productos cosm\u00e9ticos y medicamentos tradicionales. Tambi\u00e9n puede contener plomo el agua potable canalizada a trav\u00e9s de tuber\u00edas de plomo o soldadas con este metal. En la actualidad, gran parte del plomo comercializado mundialmente procede del reciclaje.<\/span><\/p>\n<p style=\"text-align: justify;\"><span style=\"font-size: 14pt;\">Los ni\u00f1os peque\u00f1os son especialmente vulnerables a los efectos t\u00f3xicos del plomo, que puede tener consecuencias graves y permanentes en su salud y afectar en particular al desarrollo del cerebro y del sistema nervioso. El plomo tambi\u00e9n causa da\u00f1os duraderos en los adultos, por ejemplo aumentando el riesgo de hipertensi\u00f3n arterial y de lesiones renales. En las embarazadas, la exposici\u00f3n a concentraciones elevadas de plomo puede ser causa de aborto natural, muerte fetal, parto prematuro y bajo peso al nacer.<\/span><\/p>\n<h3 style=\"text-align: justify;\"><span style=\"font-size: 14pt;\"><strong>Fuentes y v\u00edas de exposici\u00f3n<\/strong><\/span><\/h3>\n<\/div>\n<div style=\"text-align: right;\">\n<p style=\"text-align: justify;\"><span style=\"font-size: 14pt;\">Las personas pueden verse expuestas al plomo en su lugar de trabajo o en su entorno, principalmente a trav\u00e9s de:<\/span><\/p>\n<ul style=\"text-align: center;\">\n<li style=\"text-align: justify;\"><span style=\"font-size: 14pt;\">la inhalaci\u00f3n de part\u00edculas de plomo generadas por la combusti\u00f3n de materiales que contienen este metal (por ejemplo, durante actividades de fundici\u00f3n, reciclaje o decapado de pintura con plomo, o al utilizar combustible para la aviaci\u00f3n con plomo); y<\/span><\/li>\n<li style=\"text-align: justify;\"><span style=\"font-size: 14pt;\">la ingesti\u00f3n de polvo, agua o alimentos contaminados con plomo (por ejemplo, agua canalizada a trav\u00e9s de tuber\u00edas de plomo o alimentos envasados en recipientes con esmalte de plomo o soldados con este metal).<\/span><\/li>\n<\/ul>\n<p style=\"text-align: justify;\"><span style=\"font-size: 14pt;\">Otra posible fuente de exposici\u00f3n al plomo es el uso de ciertos tipos de medicamentos tradicionales y productos cosm\u00e9ticos. Por ejemplo, se han encontrado niveles elevados de este producto en determinados tipos de kohl y en algunos medicamentos tradicionales utilizados en pa\u00edses como la India, M\u00e9xico y Viet\u00a0Nam. Por consiguiente, los consumidores deben preocuparse de comprar y utilizar solamente productos regulados.\u00a0<\/span><\/p>\n<p style=\"text-align: justify;\"><span style=\"font-size: 14pt;\">Los ni\u00f1os peque\u00f1os son particularmente vulnerables a la intoxicaci\u00f3n por plomo porque, seg\u00fan la fuente de contaminaci\u00f3n de que se trate, llegan a absorber una cantidad de plomo entre cuatro y cinco veces mayor que los adultos. Asimismo, su curiosidad innata y la costumbre, propia de su edad, de llevarse cosas a la boca los hacen m\u00e1s propensos a chupar y tragar objetos que contienen plomo o que est\u00e1n recubiertos de este metal (por ejemplo, tierra o polvo contaminados o escamas de pintura con plomo). Esta v\u00eda de exposici\u00f3n es a\u00fan mayor en los ni\u00f1os con un trastorno psicol\u00f3gico denominado pica (ansia persistente y compulsiva de ingerir sustancias no comestibles), quienes pueden arrancar y tragar escamas de pintura con plomo de las paredes, los marcos de las puertas o los muebles. En Nigeria, el Senegal y otros pa\u00edses, la exposici\u00f3n a tierra y polvo contaminados por plomo debido al reciclaje de bater\u00edas y a actividades mineras ha provocado intoxicaciones masivas por plomo y numerosas muertes en ni\u00f1os peque\u00f1os.<\/span><\/p>\n<p style=\"text-align: justify;\"><span style=\"font-size: 14pt;\">Una vez dentro del cuerpo, el plomo se distribuye hasta alcanzar \u00f3rganos como el cerebro, el h\u00edgado, los ri\u00f1ones y los huesos, y se deposita en dientes y huesos, donde se va acumulando con el paso del tiempo. El plomo almacenado en los huesos puede volver a circular por la sangre durante el embarazo, con el consiguiente riesgo para el feto. Los ni\u00f1os con desnutrici\u00f3n son m\u00e1s vulnerables al plomo porque sus organismos absorben mayores cantidades de este metal en caso de carencia de otros nutrientes, como el calcio o el hierro.\u00a0Los ni\u00f1os que corren un mayor riesgo son los de muy corta edad (incluidos los fetos en gestaci\u00f3n) y los que viven en medios econ\u00f3micamente desfavorecidos.<\/span><\/p>\n<h3 style=\"text-align: justify;\"><span style=\"font-size: 14pt;\">Efectos en la salud de los ni\u00f1os<\/span><\/h3>\n<p style=\"text-align: justify;\"><span style=\"font-size: 14pt;\">La exposici\u00f3n al plomo tiene graves consecuencias para la salud de los ni\u00f1os. Si el grado de exposici\u00f3n es elevado, el plomo ataca el cerebro y el sistema nervioso central, lo provoca coma, convulsiones e incluso la muerte. Los ni\u00f1os que sobreviven a una intoxicaci\u00f3n grave por plomo pueden padecer secuelas, como discapacidad intelectual o trastornos del comportamiento. Se ha comprobado adem\u00e1s que, en niveles de exposici\u00f3n m\u00e1s bajos que no provocan s\u00edntomas evidentes, el plomo provoca da\u00f1os muy diversos en m\u00faltiples sistemas del organismo humano. En los ni\u00f1os puede afectar, en particular, al desarrollo del cerebro, lo que a su vez entra\u00f1a una reducci\u00f3n del cociente intelectual, cambios de comportamiento \u2014por ejemplo, disminuci\u00f3n de la capacidad de concentraci\u00f3n y aumento de las conductas antisociales\u2014 y un menor rendimiento escolar. La exposici\u00f3n al plomo tambi\u00e9n causa anemia, hipertensi\u00f3n, disfunci\u00f3n renal, inmunotoxicidad y toxicidad en los \u00f3rganos reproductores. Se cree que los efectos neurol\u00f3gicos y conductuales asociados al plomo son irreversibles.<\/span><\/p>\n<p style=\"text-align: justify;\"><span style=\"font-size: 14pt;\">No existe un nivel de concentraci\u00f3n de plomo en sangre que pueda considerase exento de riesgo. Incluso una concentraci\u00f3n sangu\u00ednea de tan solo 5 \u00b5g\/dl puede afectar a la inteligencia de los ni\u00f1os y causar problemas de comportamiento y dificultades de aprendizaje. Cuanto mayor es el nivel de exposici\u00f3n, m\u00e1s aumentan la diversidad y la gravedad de los s\u00edntomas y efectos asociados.<\/span><\/p>\n<p style=\"text-align: justify;\"><span style=\"font-size: 14pt;\">Es alentador comprobar que la eliminaci\u00f3n gradual de la gasolina con plomo en la mayor\u00eda de los pa\u00edses, sumada a otras medidas de control del plomo, ha permitido reducir significativamente los niveles de plomo en la sangre de las personas. A fecha de julio de 2021, el combustible con plomo para coches y camiones ya no se vende en ning\u00fan lugar del mundo\u00a0<em>(1)<\/em>. No obstante, hay que hacer m\u00e1s para eliminar de forma progresiva las pinturas con plomo, ya que, hasta el momento, solo el 41% de los pa\u00edses ha introducido medidas normativas de cumplimiento obligatorio a este respecto\u00a0<em>(2)<\/em>.<\/span><\/p>\n<h3 style=\"text-align: justify;\"><span style=\"font-size: 14pt;\">Carga de morbilidad<\/span><\/h3>\n<p style=\"text-align: justify;\"><span style=\"font-size: 14pt;\">El Instituto de Sanimetr\u00eda y Evaluaci\u00f3n Sanitaria estim\u00f3 que, en 2019, la exposici\u00f3n al plomo caus\u00f3 900\u00a0000 defunciones y la p\u00e9rdida de 21,7 millones de a\u00f1os de vida sana (a\u00f1os de vida ajustados en funci\u00f3n de la discapacidad, o AVAD) en todo el mundo debido a sus efectos a largo plazo en la salud. La mayor carga corresponde a los pa\u00edses de ingresos bajos y medianos. Adem\u00e1s, el Instituto estim\u00f3 que, en 2019, la exposici\u00f3n al plomo ocasion\u00f3 el 62,5% de la carga mundial de insuficiencia del desarrollo intelectual sin causa evidente, as\u00ed como el 8,2% de la carga mundial de la cardiopat\u00eda hipertensiva, el 7,2% de la carga mundial de la cardiopat\u00eda isqu\u00e9mica y el 5,65% de la carga mundial de accidentes cerebrovasculares\u00a0<em>(3)<\/em>.<\/span><\/p>\n<h3 style=\"text-align: justify;\"><strong><span style=\"font-size: 14pt;\">Respuesta de la OMS<\/span><\/strong><\/h3>\n<p style=\"text-align: justify;\"><span style=\"font-size: 14pt;\">La OMS ha identificado el plomo como uno de las 10 productos qu\u00edmicos que suscitan una mayor preocupaci\u00f3n para la salud p\u00fablica y que requieren la intervenci\u00f3n de los Estados Miembros para proteger la salud de los trabajadores, los ni\u00f1os y las mujeres en edad reproductiva.<\/span><\/p>\n<p style=\"text-align: justify;\"><span style=\"font-size: 14pt;\">La Organizaci\u00f3n tambi\u00e9n ha elaborado una serie de directrices sobre el manejo cl\u00ednico de la intoxicaci\u00f3n por plomo y est\u00e1 preparando directrices sobre la prevenci\u00f3n de la exposici\u00f3n al plomo, que ofrecer\u00e1n a los responsables de la formulaci\u00f3n de pol\u00edticas, las autoridades de salud p\u00fablica y los profesionales de la salud orientaciones basadas en la evidencia sobre las medidas que pueden adoptar para proteger la salud de los ni\u00f1os y los adultos frente a la exposici\u00f3n al plomo.<\/span><\/p>\n<p style=\"text-align: justify;\"><span style=\"font-size: 14pt;\">En vista de que la pintura con plomo sigue constituyendo una fuente de exposici\u00f3n en numerosos pa\u00edses, la OMS ha unido fuerzas con el Programa de las Naciones Unidas para el Medio Ambiente con el fin de crear la Alianza Mundial para Eliminar el Uso del Plomo en la Pintura. Adem\u00e1s, la OMS es uno de los asociados en un proyecto que, financiado por el Fondo para el Medio Ambiente Mundial, tiene como finalidad ayudar a al menos 40 pa\u00edses a promulgar medidas jur\u00eddicamente vinculantes de control de las pinturas con plomo\u00a0<em>(4)<\/em>. La eliminaci\u00f3n de las pinturas con plomo para 2020 es una de las medidas prioritarias para los gobiernos establecidas en la\u00a0<em>Hoja de Ruta de la OMS para Fortalecer la Participaci\u00f3n del Sector de la Salud en el<\/em><em>Enfoque Estrat\u00e9gico de la Gesti\u00f3n Internacional de los Productos Qu\u00edmicos de cara al objetivo fijado para\u00a02020\u00a0y a\u00f1os posteriores<\/em>.<\/span><\/p>\n<p>&nbsp;<\/p>\n<p style=\"text-align: justify;\"><img loading=\"lazy\" decoding=\"async\" class=\"size-medium wp-image-216681 aligncenter\" src=\"https:\/\/puntocritico.com\/ausajpuntocritico\/wp-content\/uploads\/2020\/05\/oms-simbolo-ouroboros-300x264.jpg\" alt=\"\" width=\"300\" height=\"264\" data-id=\"216681\" srcset=\"https:\/\/puntocritico.com\/ausajpuntocritico\/wp-content\/uploads\/2020\/05\/oms-simbolo-ouroboros-300x264.jpg 300w, https:\/\/puntocritico.com\/ausajpuntocritico\/wp-content\/uploads\/2020\/05\/oms-simbolo-ouroboros.jpg 320w\" sizes=\"auto, (max-width: 300px) 100vw, 300px\" \/><\/p>\n<p style=\"text-align: left;\"><strong><span style=\"font-size: 18pt;\">\u00a0 \u00a0<span style=\"font-size: 14pt;\">NOTAS<\/span><\/span><\/strong><\/p>\n<\/div>\n<\/article>\n<article class=\"sf-detail-body-wrapper\">\n<div style=\"text-align: left;\">\n<blockquote><p>(1)<a href=\"https:\/\/news.un.org\/es\/story\/2021\/08\/1496062\" target=\"_blank\" rel=\"noopener\" data-sf-ec-immutable=\"\" data-schema-attribute=\"\">\u00a0Comunicado de prensa: El mundo pone fin a la era de la gasolina con plomo y elimina una grave amenaza para la salud humana y ambiental<\/a>\u00a02021<\/p>\n<p style=\"text-align: left;\">(2)\u00a0<a href=\"https:\/\/www.who.int\/data\/gho\/data\/themes\/topics\/indicator-groups\/legally-binding-controls-on-lead-paint\" target=\"_blank\" rel=\"noopener\" data-schema-attribute=\"\">Global Health Observatory: Regulations and controls on lead paint\u00a0.<\/a><br \/>\nGeneva: World Health Organization; 2021<\/p>\n<p>(3)\u00a0\u00a0<a href=\"https:\/\/vizhub.healthdata.org\/gbd-compare\/\" target=\"_blank\" rel=\"noopener\" data-sf-ec-immutable=\"\" data-schema-attribute=\"\">Institute for Health Metrics and Evaluation (IHME). GBD Compare.<\/a><br \/>\nSeattle, WA: IHME, University of Washington; 2019<\/p>\n<p>(4)\u00a0<a href=\"https:\/\/www.unep.org\/explore-topics\/chemicals-waste\/what-we-do\/emerging-issues\/global-alliance-eliminate-lead-paint-2\" target=\"_blank\" rel=\"noopener\" data-sf-ec-immutable=\"\" data-schema-attribute=\"\">SAICM GEF Project &#8211; Lead in Paint Component<\/a><\/p>\n<\/blockquote>\n<\/div>\n<\/article>\n<\/div>\n<p>&nbsp;<\/p>\n<p><a href=\"https:\/\/www.diariodesalud.com.do\/texto-diario\/mostrar\/704458\/repercusion-intoxicacion-plomo\" target=\"_blank\" rel=\"noopener\"><img loading=\"lazy\" decoding=\"async\" class=\"aligncenter wp-image-2255163\" src=\"https:\/\/puntocritico.com\/ausajpuntocritico\/wp-content\/uploads\/2022\/08\/Intoxicacion-por-plomo-300x300.jpg\" alt=\"\" width=\"480\" height=\"480\" data-id=\"2255163\" srcset=\"https:\/\/puntocritico.com\/ausajpuntocritico\/wp-content\/uploads\/2022\/08\/Intoxicacion-por-plomo-300x300.jpg 300w, https:\/\/puntocritico.com\/ausajpuntocritico\/wp-content\/uploads\/2022\/08\/Intoxicacion-por-plomo-150x150.jpg 150w, https:\/\/puntocritico.com\/ausajpuntocritico\/wp-content\/uploads\/2022\/08\/Intoxicacion-por-plomo-610x610.jpg 610w, https:\/\/puntocritico.com\/ausajpuntocritico\/wp-content\/uploads\/2022\/08\/Intoxicacion-por-plomo.jpg 640w\" sizes=\"auto, (max-width: 480px) 100vw, 480px\" \/><\/a><\/p>\n<p style=\"text-align: center;\"><span style=\"font-size: 18pt;\"><strong><span style=\"color: #008000;\">*******<\/span><\/strong><\/span><\/p>\n<h2 style=\"text-align: center;\"><span style=\"font-size: 24pt;\">Los clorofluorocarbonos (CFCs) y el agujero de ozono<\/span><\/h2>\n<p style=\"text-align: justify;\"><span style=\"font-size: 14pt;\"><a href=\"https:\/\/www.acs.org\/content\/acs\/en\/education\/whatischemistry\/landmarks\/historia-quimica\/clorofluorocarbonos-ozono.html\" target=\"_blank\" rel=\"noopener\">ACS<\/a> (Chemistry for life)<\/span><\/p>\n<figure id=\"attachment_2255164\" aria-describedby=\"caption-attachment-2255164\" style=\"width: 555px\" class=\"wp-caption aligncenter\"><img loading=\"lazy\" decoding=\"async\" class=\"wp-image-2255164\" src=\"https:\/\/puntocritico.com\/ausajpuntocritico\/wp-content\/uploads\/2022\/08\/Capa-Ozono-NASA-79-300x213.jpg\" alt=\"\" width=\"555\" height=\"393\" data-id=\"2255164\" srcset=\"https:\/\/puntocritico.com\/ausajpuntocritico\/wp-content\/uploads\/2022\/08\/Capa-Ozono-NASA-79-300x213.jpg 300w, https:\/\/puntocritico.com\/ausajpuntocritico\/wp-content\/uploads\/2022\/08\/Capa-Ozono-NASA-79-610x432.jpg 610w, https:\/\/puntocritico.com\/ausajpuntocritico\/wp-content\/uploads\/2022\/08\/Capa-Ozono-NASA-79.jpg 720w\" sizes=\"auto, (max-width: 555px) 100vw, 555px\" \/><figcaption id=\"caption-attachment-2255164\" class=\"wp-caption-text\"><span style=\"color: #008000;\">La NASA comenz\u00f3 a medir la capa de ozono estratosf\u00e9rico de la Tierra utilizando sat\u00e9lites en 1979. Cuando el Protocolo de Montreal entr\u00f3 en vigor en 1989, las concentraciones de ozono (en unidades Dobson) hab\u00edan disminuido significativamente sobre la Ant\u00e1rtida, agrandando el agujero de ozono. Los niveles de ozono se han estabilizado desde entonces, pero a\u00fan faltan d\u00e9cadas para la recuperaci\u00f3n, seg\u00fan la NASA.<\/span><br \/>\n<span style=\"color: #008000;\">Cortes\u00eda de Jesse Allen (2016), utilizando datos de Suomi NPP OMPS proporcionados por cortes\u00eda de Colin Seftor (SSAI) y datos de Aura OMI proporcionados por cortes\u00eda del equipo cient\u00edfico de Aura OMI. Suomi NPP es el resultado de una asociaci\u00f3n entre la NASA, NOAA y el Departamento de Defensa.<\/span><\/figcaption><\/figure>\n<p>&nbsp;<\/p>\n<div class=\"title-teaser\">\n<p style=\"text-align: justify;\"><span style=\"font-size: 14pt;\">El lenguaje es seco y acad\u00e9mico, como corresponde al resumen de un art\u00edculo cient\u00edfico en la prestigiosa revista <strong>Nature<\/strong>. La investigaci\u00f3n descrita en este breve art\u00edculo, sin embargo, cay\u00f3 como una bomba cient\u00edfica cuyas repercusiones se notar\u00edan en todo el mundo. Desencaden\u00f3 debates feroces, condujo a un tratado ambiental global que restring\u00eda el uso de una familia entera de sustancias qu\u00edmicas y cambi\u00f3 la forma en que los humanos ve\u00edan su impacto en el medio ambiente de la Tierra. Tambi\u00e9n condujo a que <strong>F. Sherwood Rowland<\/strong> (1927-2012) y <strong>Mario J. Molina<\/strong> (nacido en 1943) compartieran el <strong>Premio Nobel de Qu\u00edmica de 1995<\/strong> con <strong>Paul J. Crutzen<\/strong> del <strong>Instituto Max Plank de Qu\u00edmica<\/strong>, Mainz (Alemania), otro pionero en la investigaci\u00f3n del ozono estratosf\u00e9rico.<\/span><\/p>\n<p style=\"text-align: justify;\"><span style=\"font-size: 14pt;\">Rowland, profesor de qu\u00edmica en la Universidad de California, Irvine, y Molina, becario postdoctoral en el laboratorio de Rowland, hab\u00edan demostrado que los<strong> clorofluorocarbonos (CFC)<\/strong> pod\u00edan destruir el <strong>ozono<\/strong>, una mol\u00e9cula formada por tres \u00e1tomos de ox\u00edgeno (O<sub>3<\/sub>) en la estratosfera de la Tierra. Ese ozono estratosf\u00e9rico absorbe la radiaci\u00f3n ultravioleta que, de otro modo, llegar\u00eda a la superficie de la Tierra. En ese momento, los CFC se usaban en refrigeradores, aires acondicionados y aerosoles. Estos compuestos son inertes y esencialmente no t\u00f3xicos, caracter\u00edsticas que los hacen adecuados para estas aplicaciones. Sin embargo, estas mismas caracter\u00edsticas tambi\u00e9n los convert\u00edan en un peligro para la vida en la Tierra.<\/span><\/p>\n<\/div>\n<h3 style=\"text-align: justify;\"><b>Uso generalizado de CFC<\/b><\/h3>\n<p style=\"text-align: justify;\"><span style=\"font-size: 14pt;\">En la d\u00e9cada de 1920, los sistemas de refrigeraci\u00f3n y aire acondicionado utilizaban compuestos como amon\u00edaco, clorometano, propano y di\u00f3xido de azufre como refrigerantes. A pesar de ser eficaces, estos compuestos eran t\u00f3xicos e inflamables, y exponerse a ellos pod\u00eda provocar lesiones graves, o incluso la muerte. Un equipo de qu\u00edmicos en Frigidaire dirigido por <strong>Thomas Midgely Jr.<\/strong> (1889-1944) trabaj\u00f3 para desarrollar alternativas no t\u00f3xicas ni inflamables a los refrigerantes.<\/span><\/p>\n<p>&nbsp;<\/p>\n<div class=\"columnsBootstrap parbase\">\n<div class=\"container \" data-ishtl=\"true\">\n<div class=\"row rowEven balanced\">\n<div class=\"col-md-4 col-xs-12 columnTwo columnEven\">\n<div class=\"column1 parsys\">\n<div class=\"text parbase\">\n<div class=\"container \" data-ishtl=\"true\">\n<div>\n<blockquote>\n<p style=\"text-align: center;\"><span style=\"color: #008000;\"><strong><span class=\"pquote\" style=\"font-size: 14pt;\">Estamos liberando clorofluorometanos al medio ambiente en cantidades cada vez mayores. Estos compuestos son qu\u00edmicamente inertes, pueden permanecer en la atm\u00f3sfera entre 40 y 150 a\u00f1os, y es esperable que sus concentraciones alcancen de 10 a 30 veces los niveles actuales. La fotodisociaci\u00f3n de los clorofluorometanos en la estratosfera produce cantidades significativas de \u00e1tomos de cloro y conduce a la destrucci\u00f3n del ozono atmosf\u00e9rico.\u00bb\u2014<i>F. Sherwood Rowland y Mario J. Molina,\u00a0<\/i>Nature<i>, 1974<\/i><\/span><\/strong><\/span><\/p>\n<\/blockquote>\n<\/div>\n<\/div>\n<\/div>\n<\/div>\n<\/div>\n<\/div>\n<\/div>\n<\/div>\n<div class=\"columnsBootstrap parbase\">\n<div class=\"container \" data-ishtl=\"true\">\n<div class=\"row rowOdd balanced\">\n<div class=\"col-md-8 col-xs-12 columnOne columnOdd\">\n<div class=\"column0 parsys\">\n<div class=\"text parbase\">\n<div class=\"container \" data-ishtl=\"true\">\n<div>\u00a0<\/div>\n<\/div>\n<\/div>\n<\/div>\n<\/div>\n<\/div>\n<\/div>\n<\/div>\n<p style=\"text-align: justify;\"><span style=\"font-size: 14pt;\">El equipo centr\u00f3 sus esfuerzos en compuestos que contienen carbono y hal\u00f3genos como fl\u00faor y cloro. En aquel entonces se sab\u00eda que dichos compuestos eran vol\u00e1tiles y qu\u00edmicamente inertes, propiedades ambas importantes para el equipo que estudiaba su aplicaci\u00f3n en refrigeraci\u00f3n. El primer compuesto que desarrollaron fue el diclorodifluorometano (CCl<sub>2<\/sub>F<sub>2<\/sub>) al que denominaron \u00ab<strong><em>fre\u00f3n<\/em><\/strong>\u00ab. <strong>Midgely<\/strong> recibir\u00eda la <strong>Medalla Perkin de la Sociedad de la Industria Qu\u00edmica<\/strong> por esta investigaci\u00f3n en 1937 y, en 1941, recibi\u00f3 la <strong>medalla Priestley<\/strong>, el premio m\u00e1s importante de la ACS, por sus contribuciones a la qu\u00edmica.<\/span><\/p>\n<p style=\"text-align: justify;\"><span style=\"font-size: 14pt;\">A principios de la d\u00e9cada de 1970, los <strong>CFCs<\/strong> se hab\u00edan vuelto tremendamente populares y la producci\u00f3n mundial de estos compuestos hab\u00eda alcanzado casi un mill\u00f3n de toneladas por a\u00f1o, lo que representaba aproximadamente unos 500 millones de d\u00f3lares estadounidenses para la industria qu\u00edmica.<\/span><\/p>\n<h3 style=\"text-align: justify;\"><span style=\"font-size: 14pt;\"><b>La importancia del ozono<\/b><\/span><\/h3>\n<p style=\"text-align: justify;\"><span style=\"font-size: 14pt;\">Desde un punto de vista medioambiental, el ozono es una mol\u00e9cula ambivalente. En la troposfera, la regi\u00f3n baja de la atm\u00f3sfera que cubre desde la superficie de la Tierra hasta poco m\u00e1s de nueve kil\u00f3metros y medio, el ozono es un contaminante que forma parte del smog fotoqu\u00edmico. Pero en la estratosfera, la regi\u00f3n de la atm\u00f3sfera que se encuentra entre los nueve kil\u00f3metros y medio y los 50 kil\u00f3metros, el ozono absorbe la radiaci\u00f3n ultravioleta (UV) da\u00f1ina.<\/span><\/p>\n<p style=\"text-align: justify;\"><span style=\"font-size: 14pt;\">Tal y como lo expres\u00f3 la <strong>Real Academia de Ciencias de Suecia<\/strong> en su anuncio del <strong>Premio Nobel de Qu\u00edmica de 1995<\/strong>: \u201c<em>Aunque el ozono se produce en cantidades tan peque\u00f1as, desempe\u00f1a un papel excepcionalmente fundamental en la vida en la Tierra. Esto se debe a que el ozono, junto con el ox\u00edgeno molecular ordinario (O<sub>2<\/sub>), es capaz de absorber la mayor parte de la radiaci\u00f3n ultravioleta del sol y, por lo tanto, evita que esta peligrosa radiaci\u00f3n llegue a la superficie. Sin una capa protectora de ozono en la atm\u00f3sfera, los animales y las plantas no podr\u00edan existir, al menos no en la tierra<\/em>\u00ab.<\/span><\/p>\n<p style=\"text-align: justify;\"><span style=\"font-size: 14pt;\">En <strong>1972<\/strong>, una conferencia despert\u00f3 el inter\u00e9s de Rowland por el destino de los CFC en la atm\u00f3sfera. El orador discuti\u00f3 los resultados obtenidos por James Lovelock (nacido en 1919), un cient\u00edfico brit\u00e1nico que hab\u00eda inventado una forma altamente sensible de medir los gases presentes en cantidades traza. Lovelock hab\u00eda medido <em>triclorofluorometano<\/em> (CFC-11) en la atm\u00f3sfera en cantidades que suger\u00edan que pr\u00e1cticamente todo el CFC-11 fabricado se encontraba a\u00fan presente en la atm\u00f3sfera.<\/span><\/p>\n<p style=\"text-align: justify;\"><span style=\"font-size: 14pt;\">Rowland decidi\u00f3 dedicar parte de su investigaci\u00f3n a comprender el destino de los CFC en la atm\u00f3sfera. Aunque los CFC son inertes en la troposfera inferior, se dio cuenta de que pueden ser degradados por la radiaci\u00f3n ultravioleta una vez que se desplazan hacia la estratosfera. A fines de 1973, Rowland y Molina, quien se hab\u00eda unido recientemente al laboratorio de Rowland, utilizaron los datos de diversas fuentes publicadas para calcular que, a lo largo de decenas de a\u00f1os, las mol\u00e9culas de CFC liberadas cerca de la superficie de la Tierra terminar\u00edan en la estratosfera donde la radiaci\u00f3n UV har\u00eda que liberasen \u00e1tomos de cloro. Cada \u00e1tomo de cloro reaccionar\u00eda inmediatamente con una mol\u00e9cula de ozono, desencadenando una reacci\u00f3n en cadena que destruir\u00eda miles de mol\u00e9culas de ozono. En su art\u00edculo, estimaron que si se prohibiera inmediatamente el uso de CFC, la p\u00e9rdida de ozono continuar\u00eda durante a\u00f1os. Sin embargo, si continuaba la producci\u00f3n de CFC, la p\u00e9rdida de ozono ser\u00eda a\u00fan mayor.<\/span><\/p>\n<p style=\"text-align: justify;\"><span style=\"font-size: 14pt;\">\u00ab<em>Cuando nos dimos cuenta de que hab\u00eda una reacci\u00f3n en cadena muy eficaz, eso cambi\u00f3 la investigaci\u00f3n de CFC, que pas\u00f3 de ser un problema cient\u00edfico que resultaba interesante a uno que ten\u00eda importantes consecuencias ambientales<\/em>\u00ab, dijo Rowland a Chemical &amp; Engineering News en una extensa entrevista en 2007. \u00ab<em>No es habitual sentir escalofr\u00edos cuando uno lee los resultados de una investigaci\u00f3n<\/em>\u201d, agreg\u00f3, pero ese hab\u00eda sido una de esas extra\u00f1as excepciones.<\/span><\/p>\n<h3 style=\"text-align: justify;\"><span style=\"font-size: 14pt;\"><b>De la investigaci\u00f3n a la resistencia<\/b><\/span><\/h3>\n<p style=\"text-align: justify;\"><span style=\"font-size: 14pt;\">En <strong>1976<\/strong>, la Academia Nacional de Ciencias de EE.UU. emiti\u00f3 un informe que confirmaba los efectos destructivos de los CFC sobre el ozono estratosf\u00e9rico. Las audiencias en el Congreso llegaron a conclusiones similares y los estados y el gobierno federal comenzaron a explorar la prohibici\u00f3n del uso de CFC en latas de aerosol. La industria qu\u00edmica sostuvo que los datos sobre los CFC y el ozono estratosf\u00e9rico no eran concluyentes y no justificaban una acci\u00f3n dr\u00e1stica. Cuando Rowland dio una conferencia sobre los CFC, los grupos de la industria sol\u00edan publicar declaraciones en las que se disputaban sus afirmaciones. Como recuerda Molina hoy, \u201c<em>Sherry [Rowland] era un investigador ya establecido y respetado, que sol\u00eda dar charlas en todo el mundo. Parec\u00eda que, debido a su enfoque en los CFC y el desgaste del ozono, comenz\u00f3 a recibir menos invitaciones a conferencias. Eso le molest\u00f3<\/em>\u00ab.<\/span><\/p>\n<p style=\"text-align: justify;\"><span style=\"font-size: 14pt;\">Rowland, Molina y el resto de cient\u00edficos que intentaban comprender la qu\u00edmica estratosf\u00e9rica se enfrentaron a desaf\u00edos serios y fundamentales. Un n\u00famero significativo de especies qu\u00edmicas estaba claramente involucrado en la interacci\u00f3n de los CFC y el ozono en la estratosfera. La mayor\u00eda son altamente reactivos y est\u00e1n presentes s\u00f3lo en peque\u00f1as cantidades. Esto hac\u00eda que su qu\u00edmica fuera dif\u00edcil de replicar en el laboratorio.<\/span><\/p>\n<p style=\"text-align: justify;\"><span style=\"font-size: 14pt;\">Adem\u00e1s, las concentraciones de ozono estratosf\u00e9rico fluct\u00faan de forma natural, dependiendo de la geograf\u00eda y la temporada. La estratosfera no es un lugar f\u00e1cil de investigar. Las mediciones de la concentraci\u00f3n de ozono se llevaron a cabo mediante instrumentos llevados a la estratosfera por globos y aviones. El ozono tambi\u00e9n se midi\u00f3 con instrumentos en sat\u00e9lites que orbitan alrededor de la Tierra, aunque la tecnolog\u00eda de sat\u00e9lites a mediados de la d\u00e9cada de 1970 era todav\u00eda bastante primitiva.<\/span><\/p>\n<p style=\"text-align: justify;\"><span style=\"font-size: 14pt;\">Todas estas incertidumbres les dieron a los cr\u00edticos de la hip\u00f3tesis de Rowland y Molina mucho material con el que trabajar. Argumentaron, de manera muy convincente para muchos, que simplemente no ten\u00eda sentido tomar medidas contra una clase de productos qu\u00edmicos de gran utilidad, tomando como base una evidencia tan endeble. Los cr\u00edticos de la industria, en particular, argumentaron que una cosa era proponer la eliminaci\u00f3n progresiva del uso de CFC como propulsores en latas de aerosol, un uso relativamente trivial de los compuestos, pero otra muy distinta era considerar prohibir su uso en refrigeradores y acondicionadores de aire, cuando en ese momento no exist\u00edan las alternativas directas a los CFC.<\/span><\/p>\n<h3 style=\"text-align: justify;\"><span style=\"font-size: 14pt;\"><b>El agujero ant\u00e1rtico de ozono<\/b><\/span><\/h3>\n<p style=\"text-align: justify;\"><span style=\"font-size: 14pt;\">Las pruebas definitivas para respaldar la hip\u00f3tesis sobre los CFC vinieron de la mano de un grupo de cient\u00edficos brit\u00e1nicos que trabajaban en la <strong>estaci\u00f3n Halley Bay del British Antarctic Survey (BAS)<\/strong>, donde hab\u00edan estado tomando mediciones terrestres del ozono total durante d\u00e9cadas. En <strong>1984<\/strong>, <strong>Joseph C. Farman<\/strong> (1930-2013) y sus colegas del BAS estudiaron los datos en bruto y encontraron que el ozono estratosf\u00e9rico hab\u00eda ido disminuyendo considerablemente desde la d\u00e9cada de 1960. En <strong>1985<\/strong>, los cient\u00edficos publicaron un art\u00edculo en Nature anunciando que el ozono estratosf\u00e9rico sobre la <strong>Ant\u00e1rtida<\/strong> se hab\u00eda reducido un 40% en septiembre, a finales del invierno austral.<\/span><\/p>\n<p style=\"text-align: justify;\"><span style=\"font-size: 14pt;\">El agujero de la capa de ozono en la Ant\u00e1rtida convirti\u00f3 el desgaste de la capa de ozono en un peligro real y urgente para los legisladores y el p\u00fablico en general. Las predicciones de aumentos significativos en la incidencia de c\u00e1ncer de piel como resultado del uso continuo de CFC impulsaron la acci\u00f3n internacional. En 1987, 56 pa\u00edses acordaron lo que se conoci\u00f3 como el <strong>Protocolo de Montreal<\/strong> para reducir a la mitad la producci\u00f3n y el uso de CFC. En los a\u00f1os siguientes, el protocolo se reforz\u00f3 para exigir una eventual eliminaci\u00f3n mundial de la producci\u00f3n de CFC y otras sustancias qu\u00edmicas que agotan la capa de ozono.<\/span><\/p>\n<p>&nbsp;<\/p>\n<div class=\"columnsBootstrap parbase\">\n<div class=\"container \" data-ishtl=\"true\">\n<div class=\"row rowOdd balanced\">\n<div class=\"col-md-4 col-xs-12 columnTwo columnEven\">\n<div class=\"column1 parsys\">\n<div class=\"text parbase\">\n<div class=\"container \" data-ishtl=\"true\">\n<div>\n<blockquote>\n<p style=\"text-align: center;\"><span style=\"color: #008000;\"><strong><span class=\"pquote\" style=\"font-size: 14pt;\">Adem\u00e1s de su trabajo, ganador del Premio Nobel, que muestra que los CFC descomponen la capa de ozono de la Tierra, Rowland y Molina fueron clave para convencer a cient\u00edficos, pol\u00edticos y p\u00fablico general de los efectos da\u00f1inos de los CFC. Su activismo sin precedentes finalmente condujo a la eliminaci\u00f3n gradual de los CFC en todo el mundo mediante la aprobaci\u00f3n del Protocolo de Montreal en 1987. La investigaci\u00f3n de Rowland y Molina centr\u00f3 la atenci\u00f3n de todo el mundo en el impacto de la contaminaci\u00f3n provocada por el hombre a escala planetaria. Su trabajo fue uno de los primeros en causar de forma directa un giro global de los acontecimientos a nivel pol\u00edtico, incluso antes del actual debate sobre el cambio clim\u00e1tico.\u201d\u2014<i>Kenneth C. Janda, profesor de qu\u00edmica y decano, Facultad de Ciencias F\u00edsicas, Universidad de California, Irvine<\/i><\/span><\/strong><\/span><\/p>\n<\/blockquote>\n<\/div>\n<\/div>\n<\/div>\n<\/div>\n<\/div>\n<\/div>\n<\/div>\n<\/div>\n<div class=\"columnsBootstrap parbase\">\n<div class=\"container \" data-ishtl=\"true\">\n<div class=\"row rowEven balanced\">\n<div class=\"col-md-8 col-xs-12 columnOne columnOdd\">\n<div class=\"column0 parsys\">\n<div class=\"text parbase\">\n<div class=\"container \" data-ishtl=\"true\">\n<div>\u00a0<\/div>\n<\/div>\n<\/div>\n<\/div>\n<\/div>\n<\/div>\n<\/div>\n<\/div>\n<p style=\"text-align: justify;\"><span style=\"font-size: 14pt;\">Como resultado del trabajo de Rowland y Molina, los humanos nos dimos cuenta por primera vez de que nuestras actividades pod\u00edan afectar el medio ambiente a escala planetaria. Como dijo Molina, \u201c<em>No importa d\u00f3nde se emitan los CFC. Es un problema global. Lo importante es que condujo a un acuerdo internacional que resolvi\u00f3 el problema<\/em>\u201d. La saga de los CFC y la capa de ozono contiene muchas lecciones para la humanidad que se enfrenta al desaf\u00edo a\u00fan mayor del cambio clim\u00e1tico global.<\/span><\/p>\n<h3 style=\"text-align: justify;\"><span style=\"font-size: 14pt;\"><b>Dedicaci\u00f3n del lugar emblem\u00e1tico y reconocimientos<\/b><\/span><\/h3>\n<p style=\"text-align: justify;\"><span style=\"font-size: 14pt;\"><b>Dedicaci\u00f3n del lugar emblem\u00e1tico<\/b><\/span><\/p>\n<p style=\"text-align: justify;\"><span style=\"font-size: 14pt;\">La ACS design\u00f3 el descubrimiento de F. Sherwood Rowland y Mario J. Molina del efecto da\u00f1ino de los CFC sobre el ozono como un Lugar Emblem\u00e1tico Nacional en la Historia de la Qu\u00edmica en una ceremonia en la Universidad de California, Irvine, el 18 de abril de 2017. La placa conmemorativa dice:<\/span><\/p>\n<blockquote>\n<p style=\"text-align: center;\"><span style=\"font-size: 14pt;\"><i>En la Universidad de California, Irvine, F. Sherwood Rowland y Mario J. Molina descubrieron que los clorofluorocarbonos (CFC) pod\u00edan agotar la capa de ozono atmosf\u00e9rico de la Tierra, que bloquea los da\u00f1inos rayos ultravioleta del sol. Cuando los cient\u00edficos informaron sobre sus hallazgos en 1974, los CFC se usaban ampliamente como gases refrigerantes y como propulsores en aerosoles. Rowland y Molina convencieron a la industria esc\u00e9ptica, a los legisladores y al p\u00fablico del peligro de los CFC. Su activismo &#8211; y el descubrimiento por otros investigadores de que la capa de ozono sobre la Ant\u00e1rtida se estaba adelgazando &#8211; llev\u00f3 a la eliminaci\u00f3n mundial de los CFC y al desarrollo de alternativas m\u00e1s seguras. Gracias a su trabajo, Rowland y Molina compartieron el Premio Nobel de Qu\u00edmica de 1995 con otro qu\u00edmico atmosf\u00e9rico, Paul J. Crutzen.<\/i><\/span><\/p>\n<\/blockquote>\n<h3 style=\"text-align: justify;\"><span style=\"font-size: 14pt;\"><b>Agradecimientos<\/b><\/span><\/h3>\n<p style=\"text-align: justify;\"><span style=\"font-size: 14pt;\">Adaptado para Internet de \u00ab<em>Clorofluorocarbonos y el desgaste de la capa de ozono<\/em>\u00ab, elaborado por el programa de lugares emblem\u00e1ticos de la historia de la qu\u00edmica de la ACS en 2017.<\/span><\/p>\n<p>&nbsp;<\/p>\n<figure id=\"attachment_2255165\" aria-describedby=\"caption-attachment-2255165\" style=\"width: 280px\" class=\"wp-caption aligncenter\"><img loading=\"lazy\" decoding=\"async\" class=\"wp-image-2255165\" src=\"https:\/\/puntocritico.com\/ausajpuntocritico\/wp-content\/uploads\/2022\/08\/Clorofluorocarbonos-y-agotamiento-de-la-capa-de-ozono-238x300.jpg\" alt=\"\" width=\"280\" height=\"352\" data-id=\"2255165\" srcset=\"https:\/\/puntocritico.com\/ausajpuntocritico\/wp-content\/uploads\/2022\/08\/Clorofluorocarbonos-y-agotamiento-de-la-capa-de-ozono-238x300.jpg 238w, https:\/\/puntocritico.com\/ausajpuntocritico\/wp-content\/uploads\/2022\/08\/Clorofluorocarbonos-y-agotamiento-de-la-capa-de-ozono.jpg 572w\" sizes=\"auto, (max-width: 280px) 100vw, 280px\" \/><figcaption id=\"caption-attachment-2255165\" class=\"wp-caption-text\"><span style=\"color: #008000;\">La portada de \u00abClorofluorocarbonos y agotamiento de la capa de ozono\u00bb fue producida por el programa de Lugares Emblem\u00e1ticos en la Historia de la Qu\u00edmica de la ACS en 2017 (en ingl\u00e9s). <\/span><\/figcaption><\/figure>\n<p style=\"text-align: center;\"><span style=\"font-size: 18pt;\"><strong><span style=\"color: #008000;\">*******<\/span><\/strong><\/span><\/p>\n<div>\n<div class=\"content-header-block\">\n<h2 class=\"legacy entry-title instapaper_title\" style=\"text-align: center;\"><span style=\"font-size: 24pt;\"><strong>El creciente papel del ozono en el cambio\u00a0clim\u00e1tico<\/strong><\/span><\/h2>\n<\/div>\n<\/div>\n<div style=\"text-align: justify;\"><span style=\"font-size: 14pt;\">Por <a href=\"https:\/\/theconversation.com\/profiles\/ramiro-checa-garcia-1126023\" target=\"_blank\" rel=\"noopener\">Ramiro Checa-Garcia<\/a><\/span><\/div>\n<div class=\"timestamps\" style=\"text-align: justify;\"><span style=\"font-size: 14pt;\"><time datetime=\"2020-08-16T19:37:24Z\"><a href=\"https:\/\/theconversation.com\/el-creciente-papel-del-ozono-en-el-cambio-climatico-141002\" target=\"_blank\" rel=\"noopener\">The Conversation<\/a>, 16 agosto 2020<\/time><\/span><\/div>\n<div>\u00a0<\/div>\n<figure id=\"attachment_2255143\" aria-describedby=\"caption-attachment-2255143\" style=\"width: 480px\" class=\"wp-caption aligncenter\"><img loading=\"lazy\" decoding=\"async\" class=\"wp-image-2255143\" src=\"https:\/\/puntocritico.com\/ausajpuntocritico\/wp-content\/uploads\/2022\/08\/El-creciente-papel-del-ozono-en-el-cambio-climatico.jpg\" alt=\"\" width=\"480\" height=\"319\" data-id=\"2255143\" \/><figcaption id=\"caption-attachment-2255143\" class=\"wp-caption-text\"><span style=\"color: #008000;\">Los motores de combusti\u00f3n y las emisiones industriales producen compuestos precursores del ozono. Kodda\/Shutterstock<\/span><\/figcaption><\/figure>\n<p>&nbsp;<\/p>\n<p style=\"text-align: justify;\"><span style=\"font-size: 14pt;\">El ozono es conocido por filtrar la radiaci\u00f3n ultravioleta en las capas altas de la atm\u00f3sfera. Sin embargo, tambi\u00e9n es un contaminante importante en la troposfera y uno de los gases de efecto invernadero que m\u00e1s contribuye al calentamiento global. Tan solo lo superan el CO<sub>2<\/sub>\u00a0y el CH<sub>4<\/sub>.<\/span><\/p>\n<p style=\"text-align: justify;\"><span style=\"font-size: 14pt;\">En los \u00faltimos a\u00f1os, los avances en las mediciones y en los modelos del clima que describen los procesos qu\u00edmicos de la atm\u00f3sfera han permitido cuantificar con mayor detalle el papel de este compuesto en el cambio clim\u00e1tico.<\/span><\/p>\n<p style=\"text-align: justify;\">\u00a0<\/p>\n<figure id=\"attachment_2255144\" aria-describedby=\"caption-attachment-2255144\" style=\"width: 660px\" class=\"wp-caption aligncenter\"><img loading=\"lazy\" decoding=\"async\" class=\"wp-image-2255144\" src=\"https:\/\/puntocritico.com\/ausajpuntocritico\/wp-content\/uploads\/2022\/08\/Ozono-efecto-invernadero-grafico.png\" alt=\"\" width=\"660\" height=\"241\" data-id=\"2255144\" srcset=\"https:\/\/puntocritico.com\/ausajpuntocritico\/wp-content\/uploads\/2022\/08\/Ozono-efecto-invernadero-grafico.png 952w, https:\/\/puntocritico.com\/ausajpuntocritico\/wp-content\/uploads\/2022\/08\/Ozono-efecto-invernadero-grafico-300x110.png 300w, https:\/\/puntocritico.com\/ausajpuntocritico\/wp-content\/uploads\/2022\/08\/Ozono-efecto-invernadero-grafico-768x281.png 768w, https:\/\/puntocritico.com\/ausajpuntocritico\/wp-content\/uploads\/2022\/08\/Ozono-efecto-invernadero-grafico-610x223.png 610w\" sizes=\"auto, (max-width: 660px) 100vw, 660px\" \/><figcaption id=\"caption-attachment-2255144\" class=\"wp-caption-text\"><span style=\"color: #008000;\">Principales gases de efecto invernadero y su contribuci\u00f3n al cambio clim\u00e1tico (en W\/m2). Ramiro Checa-Garc\u00eda\/Informe del IPCC-AR5, Author provided<\/span><\/figcaption><\/figure>\n<p>&nbsp;<\/p>\n<h3 style=\"text-align: justify;\"><strong>Distribuci\u00f3n del ozono en la atm\u00f3sfera<\/strong><\/h3>\n<p style=\"text-align: justify;\"><span style=\"font-size: 14pt;\">Sabemos que la mayor cantidad de ozono se encuentra en la estratosfera, la capa de la atm\u00f3sfera situada entre 10 y 50\u00a0km de altura. All\u00ed el ozono es beneficioso para la biosfera al filtrar la radiaci\u00f3n ultravioleta durante la cadena de procesos fotoqu\u00edmicos complejos que lo producen.<\/span><\/p>\n<p style=\"text-align: justify;\"><span style=\"font-size: 14pt;\">Los investigadores que describieron esta cadena de reacciones qu\u00edmicas del ozono\u00a0<a href=\"https:\/\/www.nobelprize.org\/prizes\/chemistry\/1995\/summary\/\" target=\"_blank\" rel=\"noopener\" data-schema-attribute=\"\">recibieron el Premio Nobel en 1995<\/a>.<\/span><\/p>\n<p style=\"text-align: justify;\"><span style=\"font-size: 14pt;\">Adem\u00e1s, se descubri\u00f3 c\u00f3mo los CFC (clorofluorocarbonos) producidos en la industria participan en reacciones catal\u00edticas<\/span><\/p>\n<figure id=\"attachment_2255146\" aria-describedby=\"caption-attachment-2255146\" style=\"width: 200px\" class=\"wp-caption alignright\"><img loading=\"lazy\" decoding=\"async\" class=\"wp-image-2255146\" src=\"https:\/\/puntocritico.com\/ausajpuntocritico\/wp-content\/uploads\/2022\/08\/Ozono-altura-atmosferica.png\" alt=\"\" width=\"200\" height=\"1151\" data-id=\"2255146\" srcset=\"https:\/\/puntocritico.com\/ausajpuntocritico\/wp-content\/uploads\/2022\/08\/Ozono-altura-atmosferica.png 102w, https:\/\/puntocritico.com\/ausajpuntocritico\/wp-content\/uploads\/2022\/08\/Ozono-altura-atmosferica-52x300.png 52w\" sizes=\"auto, (max-width: 200px) 100vw, 200px\" \/><figcaption id=\"caption-attachment-2255146\" class=\"wp-caption-text\"><span style=\"color: #008000;\">Capas de la atm\u00f3sfera. NOAA\/Mysid\/Asc\u00e1nder\/Wikimedia Commons<\/span><\/figcaption><\/figure>\n<p style=\"text-align: justify;\"><span style=\"font-size: 14pt;\">de destrucci\u00f3n de ozono. Esto deriv\u00f3 en el\u00a0<a href=\"https:\/\/www.undp.org\/content\/undp\/es\/home\/sustainable-development\/environment-and-natural-capital\/montreal-protocol.html\" target=\"_blank\" rel=\"noopener\" data-schema-attribute=\"\">protocolo de Montreal<\/a>\u00a0(1989) para limitar sus emisiones, un paso clave para reconocer que la actividad humana est\u00e1 cambiando la composici\u00f3n atmosf\u00e9rica.<\/span><\/p>\n<p style=\"text-align: justify;\"><span style=\"font-size: 14pt;\">Recientemente, se abri\u00f3 el debate en la revista\u00a0<em>Nature<\/em>\u00a0acerca del cumplimiento o no de dicho protocolo por varios pa\u00edses al medirse\u00a0<a href=\"https:\/\/www.nature.com\/articles\/s41586-018-0106-2\" target=\"_blank\" rel=\"noopener\" data-schema-attribute=\"\">concentraciones crecientes de CFC-11 en la atm\u00f3sfera<\/a>\u00a0en lugar de decrecientes. Por otro lado, un\u00a0<a href=\"https:\/\/agupubs.onlinelibrary.wiley.com\/doi\/epdf\/10.1029\/2019GL086901\" target=\"_blank\" rel=\"noopener\" data-schema-attribute=\"\">estudio realizado en la Universidad de Cambridge<\/a>\u00a0ha revelado posibles impactos del protocolo de Montreal en el ozono troposf\u00e9rico.<\/span><\/p>\n<p style=\"text-align: justify;\"><span style=\"font-size: 14pt;\">Sin embargo, el ozono en las capas bajas de la atm\u00f3sfera no ha recibido el mismo nivel de atenci\u00f3n medi\u00e1tica.<\/span><\/p>\n<p style=\"text-align: justify;\"><span style=\"font-size: 14pt;\">La mayor fuente de ozono troposf\u00e9rico es la oxidaci\u00f3n de componentes org\u00e1nicos vol\u00e1tiles y mon\u00f3xido de carbono. Estos compuestos proceden, entre otras fuentes, de motores de combusti\u00f3n y de las emisiones industriales. La contribuci\u00f3n por transporte desde la estratosfera es mucho menor. El ozono troposf\u00e9rico depende, por tanto, del patr\u00f3n de emisiones de sus precursores en la superficie.<\/span><\/p>\n<p style=\"text-align: justify;\"><span style=\"font-size: 14pt;\">El ozono en la troposfera es, adem\u00e1s, un contaminante que afecta muy negativamente a nuestra salud. Tambi\u00e9n afecta a la biosfera al da\u00f1ar la vegetaci\u00f3n y reducir su capacidad para la fotos\u00edntesis.<\/span><\/p>\n<p style=\"text-align: justify;\"><span style=\"font-size: 14pt;\">Otro efecto colateral de este compuesto es que disminuye la capacidad de absorci\u00f3n de CO<sub>2<\/sub>\u00a0de los ecosistemas, con el consiguiente impacto negativo en el clima. Pero adem\u00e1s es un potente gas de efecto invernadero: el aumento de su concentraci\u00f3n en la atm\u00f3sfera contribuye al calentamiento global.<\/span><\/p>\n<h3 style=\"text-align: justify;\"><span style=\"font-size: 14pt;\">Contribuci\u00f3n al cambio clim\u00e1tico<\/span><\/h3>\n<p style=\"text-align: justify;\"><span style=\"font-size: 14pt;\">La Tierra est\u00e1 en un estado de equilibrio transitorio en su intercambio de energ\u00eda con exterior. Si incrementamos una determinada sustancia en la atm\u00f3sfera, como el ozono, ese equilibrio cambia. Y ello deriva en consecuencias para el clima.<\/span><\/p>\n<p style=\"text-align: justify;\"><span style=\"font-size: 14pt;\">Uno de los objetivos clave para el an\u00e1lisis del cambio clim\u00e1tico es la cuantificaci\u00f3n de ese cambio en el balance energ\u00e9tico. Este se realiza mediante un concepto clave llamado\u00a0<a href=\"https:\/\/archive.ipcc.ch\/publications_and_data\/ar4\/wg1\/es\/tssts-2-5.html\" target=\"_blank\" rel=\"noopener\" data-schema-attribute=\"\"><em>forzamiento radiativo<\/em><\/a>, que ha sido un elemento central en los diferentes informes del IPCC (Panel Intergubernamental del Cambio Clim\u00e1tico).<\/span><\/p>\n<p style=\"text-align: justify;\"><span style=\"font-size: 14pt;\">El forzamiento radiativo \u2013en ocasiones tambi\u00e9n llamado forzamiento clim\u00e1tico\u2013 permite comparar en una misma escala los cambios producidos por diferentes sustancias: di\u00f3xido de carbono, metano, ozono\u2026 (v\u00e9ase la primera figura). Ese forzamiento radiativo se puede traducir a cambios en la temperatura superficial global.<\/span><\/p>\n<p style=\"text-align: justify;\"><span style=\"font-size: 14pt;\">Bas\u00e1ndose en modelos clim\u00e1ticos que incorporan las reacciones qu\u00edmicas de producci\u00f3n de ozono atmosf\u00e9rico, se ha podido constatar un\u00a0<a href=\"https:\/\/agupubs.onlinelibrary.wiley.com\/doi\/full\/10.1002\/2017GL076770\" target=\"_blank\" rel=\"noopener\" data-schema-attribute=\"\">creciente papel del ozono trop\u00f3sferico<\/a>\u00a0en el cambio clim\u00e1tico.<\/span><\/p>\n<p style=\"text-align: justify;\"><span style=\"font-size: 14pt;\">En el\u00a0<a href=\"https:\/\/www.ipcc.ch\/site\/assets\/uploads\/2018\/02\/WG1AR5_Chapter08_FINAL.pdf\" target=\"_blank\" rel=\"noopener\" data-schema-attribute=\"\">\u00faltimo informe del IPCC<\/a>\u00a0se ha estimado un forzamiento radiativo de gases de efecto invernadero que, sin incluir el ozono, es cercano a 3 W\/m<sup>2<\/sup>. La contribuci\u00f3n del ozono en la troposfera se estima entorno a 0,4 W\/m<sup>2<\/sup>, una cifra muy relevante.<\/span><\/p>\n<h3 style=\"text-align: justify;\"><strong>Un impacto creciente<\/strong><\/h3>\n<p style=\"text-align: justify;\"><span style=\"font-size: 14pt;\">La figura que sigue a este p\u00e1rrafo nos muestra que se ha incrementado de manera continua el papel del ozono troposf\u00e9rico en el calentamiento global. Esto es debido a un crecimiento continuo y sostenido de las concentraciones globales de ozono troposf\u00e9rico (desde una etapa preindustrial hasta el presente).<\/span><\/p>\n<p>&nbsp;<\/p>\n<figure id=\"attachment_2255147\" aria-describedby=\"caption-attachment-2255147\" style=\"width: 550px\" class=\"wp-caption aligncenter\"><img loading=\"lazy\" decoding=\"async\" class=\"wp-image-2255147\" src=\"https:\/\/puntocritico.com\/ausajpuntocritico\/wp-content\/uploads\/2022\/08\/Forzamiento-radioactivo-ozono-300x181.png\" alt=\"\" width=\"550\" height=\"332\" data-id=\"2255147\" srcset=\"https:\/\/puntocritico.com\/ausajpuntocritico\/wp-content\/uploads\/2022\/08\/Forzamiento-radioactivo-ozono-300x181.png 300w, https:\/\/puntocritico.com\/ausajpuntocritico\/wp-content\/uploads\/2022\/08\/Forzamiento-radioactivo-ozono-768x464.png 768w, https:\/\/puntocritico.com\/ausajpuntocritico\/wp-content\/uploads\/2022\/08\/Forzamiento-radioactivo-ozono-610x369.png 610w, https:\/\/puntocritico.com\/ausajpuntocritico\/wp-content\/uploads\/2022\/08\/Forzamiento-radioactivo-ozono.png 938w\" sizes=\"auto, (max-width: 550px) 100vw, 550px\" \/><figcaption id=\"caption-attachment-2255147\" class=\"wp-caption-text\"><span style=\"color: #008000;\">Evoluci\u00f3n del forzamiento radiativo del ozono troposf\u00e9rico. Ramiro Checa-Garc\u00eda, Author provided<\/span><\/figcaption><\/figure>\n<p>&nbsp;<\/p>\n<p style=\"text-align: justify;\"><span style=\"font-size: 14pt;\">Adem\u00e1s, los cambios en las concentraciones de ozono superficial en cada uno de los hemisferios terrestres son diferentes. El\u00a0<a href=\"https:\/\/agupubs.onlinelibrary.wiley.com\/cms\/asset\/e1926f6c-7cf8-4104-b828-b5f183436083\/grl57057-fig-0001-m.jpg\" target=\"_blank\"  rel=\"lightbox[2254684] noopener\" data-schema-attribute=\"\">hemisferio norte<\/a>\u00a0contribuye en mayor medida al crecimiento en las concentraciones debido a la alta emisi\u00f3n de precursores antropog\u00e9nicos.<\/span><\/p>\n<p style=\"text-align: justify;\"><span style=\"font-size: 14pt;\">Las diferencias geogr\u00e1ficas y estacionales se pueden apreciar en las estimaciones obtenidas por el\u00a0<a href=\"https:\/\/aura.gsfc.nasa.gov\/images\/science\/auratop10\/figure4-lg.gif\" target=\"_blank\"  rel=\"lightbox[2254684] noopener\" data-schema-attribute=\"\">sat\u00e9lite Aura<\/a>, que muestran una banda con altas concentraciones en China, Europa y Norteam\u00e9rica.<\/span><\/p>\n<p>es<\/p>\n<figure id=\"attachment_2255148\" aria-describedby=\"caption-attachment-2255148\" style=\"width: 550px\" class=\"wp-caption aligncenter\"><img loading=\"lazy\" decoding=\"async\" class=\"wp-image-2255148\" src=\"https:\/\/puntocritico.com\/ausajpuntocritico\/wp-content\/uploads\/2022\/08\/concentraciones-ozono-nasa-300x175.png\" alt=\"\" width=\"550\" height=\"322\" data-id=\"2255148\" srcset=\"https:\/\/puntocritico.com\/ausajpuntocritico\/wp-content\/uploads\/2022\/08\/concentraciones-ozono-nasa-300x175.png 300w, https:\/\/puntocritico.com\/ausajpuntocritico\/wp-content\/uploads\/2022\/08\/concentraciones-ozono-nasa-768x449.png 768w, https:\/\/puntocritico.com\/ausajpuntocritico\/wp-content\/uploads\/2022\/08\/concentraciones-ozono-nasa-610x357.png 610w, https:\/\/puntocritico.com\/ausajpuntocritico\/wp-content\/uploads\/2022\/08\/concentraciones-ozono-nasa.png 927w\" sizes=\"auto, (max-width: 550px) 100vw, 550px\" \/><figcaption id=\"caption-attachment-2255148\" class=\"wp-caption-text\"><span style=\"color: #008000;\">Concentraciones de ozono troposf\u00e9rico medidas por el sat\u00e9lite Aura. Aura\/NASA <\/span><\/figcaption><\/figure>\n<p>&nbsp;<\/p>\n<div class=\"grid-ten large-grid-nine grid-last content-body content entry-content instapaper_body inline-promos\">\n<p style=\"text-align: justify;\"><span style=\"font-size: 14pt;\">En resumen, la contribuci\u00f3n del ozono troposf\u00e9rico al cambio clim\u00e1tico es creciente. Sus precursores antropog\u00e9nicos, implicados en el aumento de su concentraci\u00f3n, se producen por motores de combusti\u00f3n, emisiones industriales y determinados solventes qu\u00edmicos. Las medidas dedicadas a paliar la contaminaci\u00f3n atmosf\u00e9rica y mejorar la calidad del aire son, por tanto, determinantes para abordar la situaci\u00f3n de emergencia clim\u00e1tica en la que nos encontramos.<\/span><\/p>\n<\/div>\n<p>&nbsp;<\/p>\n<p><img loading=\"lazy\" decoding=\"async\" class=\"aligncenter wp-image-2255149\" src=\"https:\/\/puntocritico.com\/ausajpuntocritico\/wp-content\/uploads\/2022\/08\/industry-611668_1280-570x427-1-570x381.jpg\" alt=\"\" width=\"440\" height=\"330\" data-id=\"2255149\" srcset=\"https:\/\/puntocritico.com\/ausajpuntocritico\/wp-content\/uploads\/2022\/08\/industry-611668_1280-570x427-1-300x225.jpg 300w, https:\/\/puntocritico.com\/ausajpuntocritico\/wp-content\/uploads\/2022\/08\/industry-611668_1280-570x427-1-326x245.jpg 326w, https:\/\/puntocritico.com\/ausajpuntocritico\/wp-content\/uploads\/2022\/08\/industry-611668_1280-570x427-1-80x60.jpg 80w, https:\/\/puntocritico.com\/ausajpuntocritico\/wp-content\/uploads\/2022\/08\/industry-611668_1280-570x427-1.jpg 570w\" sizes=\"auto, (max-width: 440px) 100vw, 440px\" \/><\/p>\n<p style=\"text-align: center;\"><span style=\"font-size: 18pt;\"><strong><span style=\"color: #008000;\">*******<\/span><\/strong><\/span><\/p>\n<table style=\"border-collapse: collapse; width: 100%;\">\n<tbody>\n<tr>\n<td style=\"width: 100%; border-color: #000000; background-color: #f0f7f7;\">\n<h2 id=\"sites-page-title-header\" style=\"text-align: center;\" align=\"left\"><strong><span id=\"sites-page-title\" dir=\"ltr\" style=\"font-size: 24pt;\" tabindex=\"-1\">Capa de Ozono y Efecto Invernadero <\/span><\/strong><\/h2>\n<p style=\"text-align: center;\" align=\"left\"><span style=\"font-size: 14pt;\"><strong><span dir=\"ltr\" tabindex=\"-1\">(T<em>exto\u00a0<\/em><\/span><\/strong><\/span><em><span style=\"font-size: 14pt;\"><strong><span id=\"sites-page-title\" dir=\"ltr\" tabindex=\"-1\">no cient\u00edfico, solo <\/span><\/strong><\/span><\/em><span style=\"font-size: 14pt;\"><strong><span id=\"sites-page-title\" dir=\"ltr\" tabindex=\"-1\"><em>para divulgaci\u00f3n<\/em>)<\/span><\/strong><\/span><\/p>\n<div id=\"sites-canvas-main\" class=\"sites-canvas-main\">\n<div id=\"sites-canvas-main-content\" style=\"text-align: justify;\"><a href=\"https:\/\/sites.google.com\/site\/ecologiaaaa\/capa-de-ozono-y-efecto-invernadero\" target=\"_blank\" rel=\"noopener\"><span style=\"font-size: 14pt;\">Ecolog\u00eda<\/span><\/a><\/div>\n<\/div>\n<p><img loading=\"lazy\" decoding=\"async\" class=\"aligncenter wp-image-2255152 size-full\" src=\"https:\/\/puntocritico.com\/ausajpuntocritico\/wp-content\/uploads\/2022\/08\/efecto1.webp\" alt=\"\" width=\"477\" height=\"294\" data-id=\"2255152\" srcset=\"https:\/\/puntocritico.com\/ausajpuntocritico\/wp-content\/uploads\/2022\/08\/efecto1.webp 477w, https:\/\/puntocritico.com\/ausajpuntocritico\/wp-content\/uploads\/2022\/08\/efecto1-300x185.webp 300w\" sizes=\"auto, (max-width: 477px) 100vw, 477px\" \/><\/p>\n<p>&nbsp;<\/p>\n<p style=\"text-align: justify;\"><span style=\"font-size: 14pt;\">El uso de combustibles f\u00f3siles, como el carb\u00f3n , el petroleo y el gas, libera a la atm\u00f3sfera grandes cantidades de gases, entre ellos el di\u00f3xido de carbono o CO2, que las plantas no pueden consumir en la fotos\u00edntesis, aumentando su concentraci\u00f3n en el aire de la atm\u00f3sfera. <\/span><\/p>\n<p style=\"text-align: justify;\"><span style=\"font-size: 14pt;\">El problema de este aumento del di\u00f3xido de carbono es que este gas deja pasar todos los rayos solares a la Tierra, pero estos rayos, en su rebote de nuevo hacia el espacio, el CO2 impide que salgan parte de ellos al espacio. <\/span><\/p>\n<p style=\"text-align: justify;\"><span style=\"font-size: 14pt;\">Los rayos solares, al intentar escapar a la atm\u00f3sfera, si se encuentran con CO2 chocar\u00e1n con la mol\u00e9cula y volver\u00e1n de nuevo a la tierra. Como ves el mismo rayo solar calienta 2 veces las superficie terrestre. Solo los rayos que no se encuentran con esta mol\u00e9cula saldr\u00e1n al espacio de nuevo. \u00bfQu\u00e9 efecto produce esto? Pues l\u00f3gicamente el Calentamiento de la Superficie Terrestre y Cambios en el Clima. Lo que se ha dado en llamar el Calentamiento Global.<\/span><\/p>\n<p style=\"text-align: justify;\"><span style=\"font-size: 14pt;\">Algo similar es lo que hacen los pl\u00e1sticos en los invernaderos o en un coche con las ventanas cerradas. Los rayos solares pueden entrar, pero no pueden salir, calent\u00e1ndose el interior del invernadero o del coche. El nombre viene precisamente por que era un efecto conocido en los invernaderos, para mantener y aumentar el calor, incluso en invierno. <\/span><\/p>\n<p style=\"text-align: justify;\"><span style=\"font-size: 14pt;\">Si no disminuye el di\u00f3xido de carbono, cada vez tendremos m\u00e1s concentraci\u00f3n de CO2 en la atm\u00f3sfera y la temperatura de la Tierra puede aumentar tanto que los hielos de los polos se derretir\u00e1n, subir\u00e1 el nivel del mar y se producir\u00e1n graves inundaciones. Tambi\u00e9n aumentan las zonas des\u00e9rticas en el planeta.<\/span><\/p>\n<p style=\"text-align: justify;\"><span style=\"font-size: 14pt;\">La \u00fanica soluci\u00f3n a este problema es utilizar menos combustibles f\u00f3siles y filtrar los gases que producen para no dejar escapar el CO2, bajando as\u00ed las emisiones de este gas a la atm\u00f3sfera. Se trata de utilizar m\u00e1s energ\u00eda llamada limpia o energ\u00eda renovable, como la solar o la e\u00f3lica. <\/span><\/p>\n<p style=\"text-align: justify;\"><span style=\"font-size: 14pt;\">Para conseguir esto ya se ha firmado el llamado Protocolo de Kioto por casi todos los pa\u00edses. En este protocolo se compromete a los pa\u00edses industrializados a estabilizar las emisiones de gases de efecto invernadero, pagando incluso multas aquellos pa\u00edses que se excedan de la cantidad de CO2 emitida. <\/span><\/p>\n<p style=\"text-align: justify;\"><span style=\"font-size: 14pt;\">Otras cosas que se pueden hacer ser\u00edan: <\/span><\/p>\n<p style=\"text-align: justify; padding-left: 40px;\"><span style=\"font-size: 14pt;\">&#8211; Pol\u00edticas de ahorro de energ\u00eda. No derrochar. <\/span><\/p>\n<p style=\"text-align: justify; padding-left: 40px;\"><span style=\"font-size: 14pt;\">&#8211; Separar los desechos s\u00f3lidos seg\u00fan su tipo (vidrio, papel, aluminios, etc.) para facilitar su recolecci\u00f3n y reciclaje. <\/span><\/p>\n<p style=\"text-align: justify; padding-left: 40px;\"><span style=\"font-size: 14pt;\">&#8211; <strong>Mejorar la eficiencia de los autom\u00f3viles, grandes consumidores de petr\u00f3leo<\/strong>. Uso de bicicletas, autobuses, etc. <\/span><\/p>\n<p style=\"text-align: justify;\"><span style=\"font-size: 14pt;\">\u00bfSe te ocurre algo m\u00e1s que t\u00fa puedas hacer?. Seguro que s\u00ed. <\/span><\/p>\n<p style=\"text-align: justify;\"><span style=\"font-size: 14pt;\">La capa de ozono est\u00e1 formada por el gas O3 (ozono) y protege la Tierra filtrando los rayos ultravioletas (UV) del Sol, los responsables de las quemaduras solares. <\/span><\/p>\n<p style=\"text-align: justify;\"><span style=\"font-size: 14pt;\">Es una franja que est\u00e1 situada a unos 25Km de la superficie terrestre y es donde se encuentra la mayor concentraci\u00f3n de este gas, el O3 u ozono. La capa se sit\u00faa entre los 15 y los 50 Km realmente, aunque a los 25Km es donde m\u00e1s ozono hay. <\/span><\/p>\n<p style=\"text-align: justify;\"><span style=\"font-size: 14pt;\">Los rayos solares al llegar a esta franja o capa pasan por esta mol\u00e9culas de O3 y filtran las rayos UV, impidiendo que lleguen muchos de ellos a la superficie de la tierra. <\/span><\/p>\n<p style=\"text-align: justify;\"><span style=\"font-size: 14pt;\">Se llama agujero por que en ciertas zonas se han detectado agujeros por ausencia del gas O3 en la capa. <\/span><\/p>\n<p style=\"text-align: justify;\"><span style=\"font-size: 14pt;\">Los Rayos UV en exceso produce enfermedades de la piel y c\u00e1nceres. Por eso es tan importante la existencia de estas mol\u00e9culas. <\/span><\/p>\n<p style=\"text-align: justify;\"><span style=\"font-size: 14pt;\">Pero en los a\u00f1os 70 del siglo XX, comenz\u00f3 a notarse una disminuci\u00f3n del espesor de esta capa en las regiones polares.<\/span><\/p>\n<p style=\"text-align: justify;\"><span style=\"font-size: 14pt;\">Pero&#8230; \u00bfQuien destruye la capa de Ozono?<\/span><\/p>\n<p style=\"text-align: justify;\"><span style=\"font-size: 14pt;\">Los gases que se empleaban para la refrigeraci\u00f3n de los frigor\u00edficos y del aire acondicionado, cuando se escapaban a la atm\u00f3sfera, destru\u00edan la capa de ozono. <\/span><\/p>\n<p style=\"text-align: justify;\"><span style=\"font-size: 14pt;\">Estos gases, que destruyen el ozono O3, son los CFC (clorofluorocarbonos). Tambi\u00e9n se usaban en los sprays o aerosoles, pero ya esta prohibido su uso en la mayor\u00eda de los pa\u00edses.<\/span><\/p>\n<p style=\"text-align: justify;\"><span style=\"font-size: 14pt;\">Las mol\u00e9culas de ozono O3 de la capa de ozono, mediante los CFC, se separa de ella un \u00e1tomo de oxigeno del ozono, y la mol\u00e9cula de ozono O3 se convierte en una de oxigeno O2. La mol\u00e9cula de cloro del CFC es la culpable de la destrucci\u00f3n. <\/span><\/p>\n<p style=\"text-align: justify;\"><span style=\"font-size: 14pt;\">Afortunadamente, despu\u00e9s de la prohibici\u00f3n de los CFC, los \u00faltimos datos han demostrado una buena recuperaci\u00f3n de la capa de ozono.<\/span><\/p>\n<\/td>\n<\/tr>\n<\/tbody>\n<\/table>\n<p>&nbsp;<\/p>\n<p><a href=\"https:\/\/puntocritico.com\/ausajpuntocritico\/2021\/09\/25\/fosfoyesos-y-riesgos\/\"><img loading=\"lazy\" decoding=\"async\" class=\"aligncenter wp-image-24930\" src=\"https:\/\/puntocritico.com\/ausajpuntocritico\/wp-content\/uploads\/2019\/12\/suelos-contaminados.jpg\" alt=\"Fosfoyesos\" width=\"480\" height=\"270\" data-id=\"24930\" srcset=\"https:\/\/puntocritico.com\/ausajpuntocritico\/wp-content\/uploads\/2019\/12\/suelos-contaminados.jpg 678w, https:\/\/puntocritico.com\/ausajpuntocritico\/wp-content\/uploads\/2019\/12\/suelos-contaminados-300x169.jpg 300w\" sizes=\"auto, (max-width: 480px) 100vw, 480px\" \/><\/a><\/p>\n<p style=\"text-align: center;\"><span style=\"font-size: 18pt;\"><strong><span style=\"color: #008000;\">*******<\/span><\/strong><\/span><\/p>\n<h2 style=\"text-align: center;\"><span style=\"font-size: 24pt;\">IPCC (Grupo Intergubernamental de Expertos sobre el Cambio Clim\u00e1tico (ONU)<\/span><\/h2>\n<p style=\"text-align: center;\"><span style=\"font-size: 14pt;\"><em><strong>Ni expertos, ni cient\u00edficos, ni independientes: Pol\u00edticos, Mercenarios y Corruptos<\/strong><\/em><\/span><\/p>\n<p style=\"text-align: justify;\"><span style=\"font-size: 14pt;\">Citas tomadas de \u00ab<a href=\"https:\/\/www.libertaddigital.com\/opinion\/federico-jimenez-losantos\/el-alarmismo-climatico-6-sobre-lomborg-gerondeau-y-sven-teske-el-lysenko-del-alarmismo-climatico-6926284\/\" target=\"_blank\" rel=\"noopener\">El Alarmismo Clim\u00e1tico\u00bb, de Federico Jim\u00e9nez Losantos<\/a>.<\/span><\/p>\n<p><img loading=\"lazy\" decoding=\"async\" class=\"aligncenter wp-image-2255783\" src=\"https:\/\/puntocritico.com\/ausajpuntocritico\/wp-content\/uploads\/2022\/08\/Intergovernmental_Panel_on_Climate_Change_Logo.svg_-300x164.png\" alt=\"\" width=\"360\" height=\"197\" data-id=\"2255783\" srcset=\"https:\/\/puntocritico.com\/ausajpuntocritico\/wp-content\/uploads\/2022\/08\/Intergovernmental_Panel_on_Climate_Change_Logo.svg_-300x164.png 300w, https:\/\/puntocritico.com\/ausajpuntocritico\/wp-content\/uploads\/2022\/08\/Intergovernmental_Panel_on_Climate_Change_Logo.svg_.png 368w\" sizes=\"auto, (max-width: 360px) 100vw, 360px\" \/><\/p>\n<p>&nbsp;<\/p>\n<p style=\"text-align: justify;\"><span style=\"font-size: 14pt;\">Creado en 1988, el <a href=\"https:\/\/es.wikipedia.org\/wiki\/Grupo_Intergubernamental_de_Expertos_sobre_el_Cambio_Clim%C3%A1tico\" target=\"_blank\" rel=\"noopener\">IPCC<\/a>, cuenta en su triste haber con dos informes esenciales son. El de 2001 dec\u00eda, citando 245 escenarios investigados, pero teniendo en cuenta s\u00f3lo uno, que la temperatura del planeta subir\u00eda 6 grados por el CO2 humano. El de 2011, tambi\u00e9n sin pruebas, dec\u00eda que las energ\u00edas renovables pod\u00edan abastecer a la humanidad en un 80% en 2050.<\/span><\/p>\n<p style=\"text-align: justify;\"><span style=\"font-size: 14pt;\">El primer informe, era el del susto. El segundo, el de la ruina. Y los dos vienen de una organizaci\u00f3n de supuestos sabios sobre el clima donde no hay un solo climat\u00f3logo, y donde la pol\u00edtica y el activismo ecologista han logrado impedir la cr\u00edtica de unos informes cient\u00edficos, que, en rigor, no existen.\u00a0<strong><em>Los Protocolos de los Sabios de Si\u00f3n<\/em><\/strong>, evangelio antisemita de la polic\u00eda del Zar, son un modelo de rigor al lado de los estudios del IPPC.<\/span><\/p>\n<h3 style=\"text-align: justify;\"><span style=\"font-size: 14pt;\">Ni expertos ni nada: bur\u00f3cratas y activistas<\/span><\/h3>\n<p style=\"text-align: justify;\"><span style=\"font-size: 14pt;\">Para empezar, contra lo que muchos creen, el IPPC no est\u00e1 formado por expertos en climatolog\u00eda. Los medios repiten \u00abexpertos\u00bb y \u00abcient\u00edfico\u00bb, cuando\u00a0<strong>no hay expertos ni cient\u00edficos<\/strong>. Es un Panel Intergubernamental sobre el Cambio Clim\u00e1tico, que recoge informaci\u00f3n y aconseja a los pa\u00edses en la l\u00ednea de la ONU: vaguedades antidemocr\u00e1ticas y anticapitalistas. El IPPC recoge lo que quiere y dice lo que quieren Greenpeace y dem\u00e1s ONG. Funcionarios fijos, tiene diecisiete, hospedados en Ginebra por la\u00a0<strong>Organizaci\u00f3n Meteorol\u00f3gica Mundial<\/strong>. En 2011, cuando se hizo el informe sobre las renovables, los jefes eran dos viejos funcionarios de la ONU, uno, especialista en biociencia y otro en zoolog\u00eda. Del clima, no sab\u00edan nada. El presidente,\u00a0<strong>Pachauri<\/strong>, es ingeniero de ferrocarriles, am\u00e9n de sacerdote para\u00a0<em>todas\u00a0<\/em>las especies, algo que la Historia de la Evoluci\u00f3n siempre ha negado.<\/span><\/p>\n<p style=\"text-align: justify;\"><span style=\"font-size: 14pt;\">De sus tres vicepresidentes, el sudan\u00e9s\u00a0<strong>Guizuli<\/strong>\u00a0tiene un master en investigaci\u00f3n operativa y el coreano Lee es economista de la energ\u00eda. Los pa\u00edses de la ONU, en su inmensa mayor\u00eda, no tienen climat\u00f3logos por la sencilla raz\u00f3n de que lo \u00faltimo que les preocupa es el clima. Est\u00e1n ah\u00ed por cuota pol\u00edtica. Del clima, ni idea. \u00bfY el resto de los 17 miembros del Bur\u00f3, de pa\u00edses donde hay expertos? \u00bfPor qu\u00e9 callan? Porque los nombran sus ministros de Ecolog\u00eda. \u00bfQu\u00e9 dir\u00e1n: que su cargo y su sueldo son un robo?<\/span><\/p>\n<p>(&#8230;)<\/p>\n<p><img loading=\"lazy\" decoding=\"async\" class=\"aligncenter wp-image-11030\" src=\"https:\/\/puntocritico.com\/ausajpuntocritico\/wp-content\/uploads\/2018\/04\/tiempos-modernos-chaplin-300x233.jpg\" alt=\"\" width=\"360\" height=\"280\" data-id=\"11030\" srcset=\"https:\/\/puntocritico.com\/ausajpuntocritico\/wp-content\/uploads\/2018\/04\/tiempos-modernos-chaplin-300x233.jpg 300w, https:\/\/puntocritico.com\/ausajpuntocritico\/wp-content\/uploads\/2018\/04\/tiempos-modernos-chaplin.jpg 624w\" sizes=\"auto, (max-width: 360px) 100vw, 360px\" \/><\/p>\n<p style=\"text-align: center;\"><span style=\"font-size: 18pt;\"><strong><span style=\"color: #008000;\">*******<\/span><\/strong><\/span><\/p>\n<table style=\"border-collapse: collapse; width: 100%;\">\n<tbody>\n<tr>\n<td style=\"width: 100%; border-color: #000000; background-color: #edf7f7;\">\n<h2 style=\"text-align: center;\"><strong><span style=\"font-size: 24pt;\">LA SOLUCI\u00d3N: COMER CUCARACHAS<\/span><\/strong><\/h2>\n<h2 style=\"text-align: center;\">ELLOS CONTAMINAN Y SE ENRIQUECEN MIENTRAS TU MUERES, PAGAS Y COMES INSECTOS Y GUSANOS<\/h2>\n<figure id=\"attachment_2255469\" aria-describedby=\"caption-attachment-2255469\" style=\"width: 480px\" class=\"wp-caption aligncenter\"><a href=\"https:\/\/www.abc.es\/antropia\/abci-comer-insectos-europa-autoriza-consumo-grillos-gusanos-alimentacion-20220309171718_noticia.html\" target=\"_blank\" rel=\"noopener\"><img loading=\"lazy\" decoding=\"async\" class=\"wp-image-2255469\" src=\"https:\/\/puntocritico.com\/ausajpuntocritico\/wp-content\/uploads\/2022\/08\/comer-insectos-sin-saberlo-300x300.jpg\" alt=\"\" width=\"480\" height=\"481\" data-id=\"2255469\" srcset=\"https:\/\/puntocritico.com\/ausajpuntocritico\/wp-content\/uploads\/2022\/08\/comer-insectos-sin-saberlo-300x300.jpg 300w, https:\/\/puntocritico.com\/ausajpuntocritico\/wp-content\/uploads\/2022\/08\/comer-insectos-sin-saberlo-150x150.jpg 150w, https:\/\/puntocritico.com\/ausajpuntocritico\/wp-content\/uploads\/2022\/08\/comer-insectos-sin-saberlo-610x611.jpg 610w, https:\/\/puntocritico.com\/ausajpuntocritico\/wp-content\/uploads\/2022\/08\/comer-insectos-sin-saberlo.jpg 757w\" sizes=\"auto, (max-width: 480px) 100vw, 480px\" \/><\/a><figcaption id=\"caption-attachment-2255469\" class=\"wp-caption-text\"><span style=\"color: #008000;\"><a style=\"color: #008000;\" href=\"https:\/\/www.abc.es\/antropia\/abci-comer-insectos-europa-autoriza-consumo-grillos-gusanos-alimentacion-20220309171718_noticia.html\" target=\"_blank\" rel=\"noopener\">ABC, 11 MARZO 2022<\/a><\/span><\/figcaption><\/figure>\n<p>&nbsp;<\/p>\n<p style=\"text-align: center;\"><span style=\"font-size: 18pt;\">Todas las noticias sobre la alimentaci\u00f3n con insectos y gusanos omiten lo esencial: Siempre se han podido comer insectos. <\/span><\/p>\n<p style=\"text-align: center;\"><strong><span style=\"font-size: 18pt;\">De lo que ahora se trata es de que no se pueda saber si un alimento procesado contiene o no insectos, reformando la Normativa de la Uni\u00f3n Europea sobre el ETIQUETADO DE PRODUCTOS PARA LA ALIMENTACI\u00d3N HUMANA (Informaci\u00f3n al consumidor).<\/span><\/strong><\/p>\n<p style=\"text-align: right;\">Punto Critico<\/p>\n<\/td>\n<\/tr>\n<\/tbody>\n<\/table>\n<p style=\"text-align: center;\"><span style=\"font-size: 18pt; color: #008000;\">***<\/span><\/p>\n<blockquote>\n<p style=\"text-align: justify;\"><span style=\"font-size: 14pt; color: #008000;\">EL MEN\u00da DE HOY<\/span><\/p>\n<h3 style=\"text-align: center;\"><span style=\"font-size: 24pt;\">\u00abGusanos cocinados con az\u00facar, tan sabrosos como un chulet\u00f3n\u00bb<\/span><\/h3>\n<div class=\"voc-article-container\">\n<div class=\"voc-article voc-article--detail voc-article--detail-base voc-article--photo-bottom \">\n<div class=\"voc-info-container\">\n<p class=\"voc-subtitle\" style=\"text-align: center;\"><strong><em><span style=\"font-size: 14pt;\">Investigadores demuestran que alg\u00fan d\u00eda podr\u00e1n usarse en alimentos preparados como una fuente sabrosa de prote\u00edna extra<\/span><\/em><\/strong><\/p>\n<\/div>\n<\/div>\n<\/div>\n<div class=\"voc-d \" data-voc-component=\"voc-d\">\n<section class=\"voc-author\">\n<div class=\"voc-author__item voc-author__item--1\">\n<div class=\"voc-author__container\">\n<div class=\"voc-author__subitem voc-author__subitem--1\"><a style=\"font-size: 14pt; text-align: justify;\" href=\"https:\/\/www.abc.es\/sociedad\/gusanos-alternativa-saludable-carne-20220824191129-nt.html\" target=\"_blank\" rel=\"noopener\">ABC Ciencia<\/a><span style=\"font-size: 14pt; text-align: justify;\">, 24 AGOSTO 2022<\/span><\/div>\n<div>\u00a0<\/div>\n<\/div>\n<\/div>\n<\/section>\n<\/div>\n<p><img loading=\"lazy\" decoding=\"async\" class=\"wp-image-2255468 size-mh-magazine-content\" src=\"https:\/\/puntocritico.com\/ausajpuntocritico\/wp-content\/uploads\/2022\/08\/come-gusanos-ABC-678x381.jpg\" alt=\"\" width=\"678\" height=\"381\" data-id=\"2255468\" \/><\/p>\n<p>&nbsp;<\/p>\n<p class=\"voc-p\" style=\"text-align: justify;\"><span style=\"font-size: 14pt;\">Las larvas de escarabajo, como los gusanos de la harina, a menudo se consideran molestos, asquerosos o espeluznantes. Pero estos\u00a0<a title=\"insectos son comestibles\" href=\"https:\/\/www.abc.es\/antropia\/abci-comer-insectos-europa-autoriza-consumo-grillos-gusanos-alimentacion-20220309171718_noticia.html\" target=\"_blank\" rel=\"noopener\" data-voc-vtm-id=\"in-text-traffic\" data-schema-attribute=\"\">insectos son comestibles<\/a>\u00a0y podr\u00edan ser una alternativa saludable a las fuentes tradicionales de prote\u00ednas c\u00e1rnicas. Hoy, los investigadores informan que han\u00a0<a title=\"cocinado gusanos de la harina\" href=\"https:\/\/www.abc.es\/gastronomia\/abci-comer-insectos-peligroso-alerta-posibles-riesgos-esta-tendencia-alimenticia-202104210110_noticia.html\" target=\"_blank\" rel=\"noopener\" data-voc-vtm-id=\"in-text-traffic\" data-schema-attribute=\"\">cocinado gusanos de la harina<\/a>\u00a0con az\u00facar, creando un sabor \u00ab<strong>similar a la carne<\/strong>\u00ab. <\/span><\/p>\n<p class=\"voc-p\" style=\"text-align: justify;\"><span style=\"font-size: 14pt;\">\u00abRecientemente, comer insectos se ha vuelto interesante debido al costo creciente de la prote\u00edna animal, as\u00ed como a los problemas ambientales asociados\u00bb, dice\u00a0<strong>In Hee Cho<\/strong>, investigador principal del proyecto.<\/span><\/p>\n<div class=\"voc-advertising\">\n<div class=\"voc-advertising__item\">\n<div id=\"layer_inpage-id\" data-voc-vam=\"\" data-voc-vam-position=\"layer_inpage\" data-google-query-id=\"CNujiPf_4fkCFRS8TAod8tsAwQ\" data-voc-vam-displayed=\"true\">\n<div id=\"_wmass_13749000000059605\">\n<div id=\"jw-5960559605\" class=\"jwplayer jw-reset jw-state-complete jw-stretch-uniform jw-flag-aspect-mode jw-flag-controls-hidden jw-flag-outstream jw-breakpoint-4\" tabindex=\"0\" role=\"application\" aria-label=\"Reproductor de Video\">\n<div class=\"jw-wrapper jw-reset\">\n<div class=\"jw-media jw-reset\">\n<div class=\"wm-decorations\">\n<div><span style=\"font-size: 14pt; text-align: justify;\">Se espera que la poblaci\u00f3n mundial alcance los 9.700 millones de personas para 2050 y casi 11.000 millones para 2100, seg\u00fan las Naciones Unidas. Y alimentarlos a todos con carne animal, especialmente vacas, cerdos y ovejas, requerir\u00e1 mayores cantidades de alimentos, agua y recursos de la tierra. Adem\u00e1s, <\/span><strong style=\"font-size: 14pt; text-align: justify;\">las vacas contribuyen sustancialmente al cambio clim\u00e1tico<\/strong><span style=\"font-size: 14pt; text-align: justify;\">, liberando grandes cantidades de metano en sus eructos. \u00abLos insectos son una\u00a0<\/span><strong style=\"font-size: 14pt; text-align: justify;\">fuente de alimento nutritiva y saludable<\/strong><span style=\"font-size: 14pt; text-align: justify;\">\u00a0con altas cantidades de \u00e1cidos grasos, vitaminas, minerales, fibra y prote\u00edna de alta calidad, como la de la carne\u00bb, dice Cho, cuyo equipo est\u00e1 en la Universidad de Wonkwang (Corea del Sur).<\/span><\/div>\n<\/div>\n<\/div>\n<\/div>\n<\/div>\n<\/div>\n<\/div>\n<\/div>\n<\/div>\n<div class=\"voc-c-container\">\n<h4 class=\"voc-d-c__s-title\"><strong><span style=\"font-size: 14pt;\">Un problema de imagen<\/span><\/strong><\/h4>\n<\/div>\n<p class=\"voc-p\" style=\"text-align: justify;\"><span style=\"font-size: 14pt;\">En muchas partes del mundo, comer insectos no es com\u00fan, y las personas pueden tener<strong>\u00a0reparos en masticarlos<\/strong>. Aunque algunas compa\u00f1\u00edas est\u00e1n tratando de cambiar la opini\u00f3n de las personas vendiendo gusanos de la harina enteros cocidos como refrigerios salados y crujientes, la aceptaci\u00f3n del consumidor no est\u00e1 muy extendida. Cho dice que para lograr que m\u00e1s personas coman regularmente gusanos de la harina, podr\u00eda ser necesario un enfoque m\u00e1s furtivo:\u00a0<strong>ocultar insectos en forma de condimentos<\/strong>\u00a0dentro de productos f\u00e1ciles de cocinar y otros productos de conveniencia.<\/span><\/p>\n<div class=\"voc-c-container\">\n<h4 class=\"voc-d-c__s-title\"><strong><span style=\"font-size: 14pt;\">De asqueroso a sabroso<\/span><\/strong><\/h4>\n<\/div>\n<p class=\"voc-p\" style=\"text-align: justify;\"><span style=\"font-size: 14pt;\">El primer paso del equipo de investigaci\u00f3n fue comprender el perfil de sabor de este insecto. Compararon los aromas del gusano de la harina a lo largo de su ciclo de vida, desde el huevo hasta la larva, la pupa y el adulto. Si bien hubo algunas diferencias en los compuestos individuales, todas las etapas conten\u00edan principalmente hidrocarburos vol\u00e1tiles, que se evaporan y desprenden olores. Por ejemplo,\u00a0<strong>las larvas crudas ten\u00edan aromas a suelo h\u00famedo, a camarones y a ma\u00edz dulce<\/strong>.<\/span><\/p>\n<p class=\"voc-p\" style=\"text-align: justify;\"><span style=\"font-size: 14pt;\">Luego,\u00a0<strong>Hojun Seo<\/strong>, un estudiante graduado del equipo de Cho, compar\u00f3 los sabores que se desarrollaron cuando las larvas se cocinaron con diferentes m\u00e9todos. Los gusanos de la harina al vapor desarrollaron aromas similares al\u00a0<strong>ma\u00edz dulce<\/strong>\u00a0a\u00fan m\u00e1s fuertes, mientras que las versiones asadas y fritas ten\u00edan atributos similares al\u00a0<strong>camar\u00f3n<\/strong>\u00a0y al\u00a0<strong>aceite frito<\/strong>. Seg\u00fan Seo, los compuestos de sabor del asado y la fritura inclu\u00edan pirazinas, alcoholes y aldeh\u00eddos, y eran similares a los compuestos que se forman cuando se cocinan la carne y los mariscos.<\/span><\/p>\n<p class=\"voc-p\" style=\"text-align: justify;\"><span style=\"font-size: 14pt;\">Con base en estos resultados, el equipo esperaba que se pudieran producir\u00a0<strong>sabores de reacci\u00f3n adicionales<\/strong>\u00a0a partir de los gusanos de la harina ricos en prote\u00ednas si se calentaban con az\u00facar. Los sabores de reacci\u00f3n, a veces llamados sabores de proceso, se producen cuando las prote\u00ednas y los az\u00facares se calientan juntos e interact\u00faan. El resultado suele ser un conjunto de sabores \u00ab<strong>similares a la carne<\/strong>\u00ab y sabrosos.<\/span><\/p>\n<p class=\"voc-p\" style=\"text-align: justify;\"><span style=\"font-size: 14pt;\"><strong>Hyeyoung Park<\/strong>, estudiante de posgrado en el laboratorio de Cho y presentadora de la reuni\u00f3n, prob\u00f3 diferentes condiciones de fabricaci\u00f3n y proporciones de gusano de la harina en polvo y az\u00facares, produciendo m\u00faltiples versiones de sabores de reacci\u00f3n. Ella identific\u00f3 un total de\u00a0<strong>98 compuestos vol\u00e1tiles<\/strong>\u00a0en las muestras. Luego, el equipo llev\u00f3 las muestras a un panel de voluntarios para brindar retroalimentaci\u00f3n sobre cu\u00e1l ten\u00eda el olor \u00absimilar a la carne\u00bb m\u00e1s favorable. \u00abComo resultado de este estudio, se optimizaron 10 de los sabores de reacci\u00f3n en funci\u00f3n de las\u00a0<strong>preferencias del consumidor<\/strong>\u00bb, dice Park.<\/span><\/p>\n<p class=\"voc-p\" style=\"text-align: justify;\"><span style=\"font-size: 14pt;\">Seg\u00fan el conocimiento de los investigadores, esta es la primera vez que se utilizan gusanos de la harina para producir sabores de reacci\u00f3n deseables. Esperan que estos resultados contribuyan al\u00a0<strong>desarrollo comercial<\/strong>\u00a0de saborizantes y condimentos similares a la carne y sabrosos, y alentar\u00e1n a la industria de alimentos preparados a incluir insectos comestibles en sus productos, dice Cho. El pr\u00f3ximo paso del equipo es optimizar a\u00fan m\u00e1s los procesos de cocci\u00f3n para<strong>\u00a0reducir cualquier sabor potencialmente indeseable o desagradable<\/strong>\u00a0en el material saborizante final hecho de gusanos de la harina.<\/span><\/p>\n<\/blockquote>\n<p>&nbsp;<\/p>\n<p><a href=\"https:\/\/puntocritico.com\/ausajpuntocritico\/2019\/10\/12\/somos-lo-que-comemos\/\" target=\"_blank\" rel=\"noopener\"><img loading=\"lazy\" decoding=\"async\" class=\"aligncenter wp-image-2255474\" src=\"https:\/\/puntocritico.com\/ausajpuntocritico\/wp-content\/uploads\/2022\/08\/comer-grillo-nuevo-alimento-1200x550-cc-300x138.jpg\" alt=\"\" width=\"560\" height=\"257\" data-id=\"2255474\" srcset=\"https:\/\/puntocritico.com\/ausajpuntocritico\/wp-content\/uploads\/2022\/08\/comer-grillo-nuevo-alimento-1200x550-cc-300x138.jpg 300w, https:\/\/puntocritico.com\/ausajpuntocritico\/wp-content\/uploads\/2022\/08\/comer-grillo-nuevo-alimento-1200x550-cc-1024x469.jpg 1024w, https:\/\/puntocritico.com\/ausajpuntocritico\/wp-content\/uploads\/2022\/08\/comer-grillo-nuevo-alimento-1200x550-cc-768x352.jpg 768w, https:\/\/puntocritico.com\/ausajpuntocritico\/wp-content\/uploads\/2022\/08\/comer-grillo-nuevo-alimento-1200x550-cc-610x280.jpg 610w, https:\/\/puntocritico.com\/ausajpuntocritico\/wp-content\/uploads\/2022\/08\/comer-grillo-nuevo-alimento-1200x550-cc.jpg 1200w\" sizes=\"auto, (max-width: 560px) 100vw, 560px\" \/><\/a><\/p>\n<p style=\"text-align: center;\">\u00a0<\/p>\n<hr \/>\n<h2 style=\"text-align: justify;\"><em><span style=\"font-size: 14pt;\"><strong>RELACIONADOS:<\/strong><\/span><\/em><\/h2>\n<p>https:\/\/puntocritico.com\/ausajpuntocritico\/2018\/11\/06\/breve-historia-de-las-privatizaciones-en-espana-1985-1995-por-carlos-martin-urriza-republicado\/<\/p>\n<blockquote class=\"wp-embedded-content\" data-secret=\"JlILbh78TW\"><p><a href=\"https:\/\/puntocritico.com\/ausajpuntocritico\/2019\/10\/12\/somos-lo-que-comemos\/\">Somos lo que comemos<\/a><\/p><\/blockquote>\n<p><iframe loading=\"lazy\" class=\"wp-embedded-content\" sandbox=\"allow-scripts\" security=\"restricted\" style=\"position: absolute; clip: rect(1px, 1px, 1px, 1px);\" title=\"\u00abSomos lo que comemos\u00bb \u2014 Punto Cr\u00edtico Derechos Humanos\" src=\"https:\/\/puntocritico.com\/ausajpuntocritico\/2019\/10\/12\/somos-lo-que-comemos\/embed\/#?secret=9ZxnZYvDZw#?secret=JlILbh78TW\" data-secret=\"JlILbh78TW\" width=\"500\" height=\"282\" frameborder=\"0\" marginwidth=\"0\" marginheight=\"0\" scrolling=\"no\"><\/iframe><\/p>\n<blockquote class=\"wp-embedded-content\" data-secret=\"o87CJ8hOaz\"><p><a href=\"https:\/\/puntocritico.com\/ausajpuntocritico\/2021\/09\/25\/fosfoyesos-y-riesgos\/\">FOSFOYESOS EN HUELVA: \u00abLas consecuencias de la producci\u00f3n de fertilizantes qu\u00edmicos\u00bb, por Mesa de la R\u00eda de Huelva. DOCUMENTAL: \u00abEl desastre de los residuos radiactivos en Espa\u00f1a\u00bb<\/a><\/p><\/blockquote>\n<p><iframe loading=\"lazy\" class=\"wp-embedded-content\" sandbox=\"allow-scripts\" security=\"restricted\" style=\"position: absolute; clip: rect(1px, 1px, 1px, 1px);\" title=\"\u00abFOSFOYESOS EN HUELVA: \u00abLas consecuencias de la producci\u00f3n de fertilizantes qu\u00edmicos\u00bb, por Mesa de la R\u00eda de Huelva. DOCUMENTAL: \u00abEl desastre de los residuos radiactivos en Espa\u00f1a\u00bb\u00bb \u2014 Punto Cr\u00edtico Derechos Humanos\" src=\"https:\/\/puntocritico.com\/ausajpuntocritico\/2021\/09\/25\/fosfoyesos-y-riesgos\/embed\/#?secret=UB6fUDvf1J#?secret=o87CJ8hOaz\" data-secret=\"o87CJ8hOaz\" width=\"500\" height=\"282\" frameborder=\"0\" marginwidth=\"0\" marginheight=\"0\" scrolling=\"no\"><\/iframe><\/p>\n<blockquote class=\"wp-embedded-content\" data-secret=\"HibHr9t7bO\"><p><a href=\"https:\/\/puntocritico.com\/ausajpuntocritico\/2021\/08\/23\/historia-del-sistema-electrico-espanol-parte-i-2\/\">HISTORIA DEL SISTEMA EL\u00c9CTRICO ESPA\u00d1OL (PARTE I)<\/a><\/p><\/blockquote>\n<p><iframe loading=\"lazy\" class=\"wp-embedded-content\" sandbox=\"allow-scripts\" security=\"restricted\" style=\"position: absolute; clip: rect(1px, 1px, 1px, 1px);\" title=\"\u00abHISTORIA DEL SISTEMA EL\u00c9CTRICO ESPA\u00d1OL (PARTE I)\u00bb \u2014 Punto Cr\u00edtico Derechos Humanos\" src=\"https:\/\/puntocritico.com\/ausajpuntocritico\/2021\/08\/23\/historia-del-sistema-electrico-espanol-parte-i-2\/embed\/#?secret=iFAQiLtMlt#?secret=HibHr9t7bO\" data-secret=\"HibHr9t7bO\" width=\"500\" height=\"282\" frameborder=\"0\" marginwidth=\"0\" marginheight=\"0\" scrolling=\"no\"><\/iframe><\/p>\n<blockquote class=\"wp-embedded-content\" data-secret=\"GDbIBjM4rL\"><p><a href=\"https:\/\/puntocritico.com\/ausajpuntocritico\/2021\/08\/24\/historia-del-sistema-electrico-espanol-parte-2-2\/\">HISTORIA DEL SISTEMA EL\u00c9CTRICO ESPA\u00d1OL (PARTE 2)<\/a><\/p><\/blockquote>\n<p><iframe loading=\"lazy\" class=\"wp-embedded-content\" sandbox=\"allow-scripts\" security=\"restricted\" style=\"position: absolute; clip: rect(1px, 1px, 1px, 1px);\" title=\"\u00abHISTORIA DEL SISTEMA EL\u00c9CTRICO ESPA\u00d1OL (PARTE 2)\u00bb \u2014 Punto Cr\u00edtico Derechos Humanos\" src=\"https:\/\/puntocritico.com\/ausajpuntocritico\/2021\/08\/24\/historia-del-sistema-electrico-espanol-parte-2-2\/embed\/#?secret=AVzG6dsJzK#?secret=GDbIBjM4rL\" data-secret=\"GDbIBjM4rL\" width=\"500\" height=\"282\" frameborder=\"0\" marginwidth=\"0\" marginheight=\"0\" scrolling=\"no\"><\/iframe><\/p>\n<blockquote class=\"wp-embedded-content\" data-secret=\"rPxutUn8Dd\"><p><a href=\"https:\/\/puntocritico.com\/ausajpuntocritico\/2021\/08\/25\/historia-del-sistema-electrico-espanol-parte-iii-2\/\">HISTORIA DEL SISTEMA EL\u00c9CTRICO ESPA\u00d1OL (PARTE III)<\/a><\/p><\/blockquote>\n<p><iframe loading=\"lazy\" class=\"wp-embedded-content\" sandbox=\"allow-scripts\" security=\"restricted\" style=\"position: absolute; clip: rect(1px, 1px, 1px, 1px);\" title=\"\u00abHISTORIA DEL SISTEMA EL\u00c9CTRICO ESPA\u00d1OL (PARTE III)\u00bb \u2014 Punto Cr\u00edtico Derechos Humanos\" src=\"https:\/\/puntocritico.com\/ausajpuntocritico\/2021\/08\/25\/historia-del-sistema-electrico-espanol-parte-iii-2\/embed\/#?secret=QZ5ILgbIvv#?secret=rPxutUn8Dd\" data-secret=\"rPxutUn8Dd\" width=\"500\" height=\"282\" frameborder=\"0\" marginwidth=\"0\" marginheight=\"0\" scrolling=\"no\"><\/iframe><\/p>\n<blockquote class=\"wp-embedded-content\" data-secret=\"sc1ZAjtR8k\"><p><a href=\"https:\/\/puntocritico.com\/ausajpuntocritico\/2021\/08\/26\/historia-del-sistema-electrico-espanol-parte-iv-2\/\">HISTORIA DEL SISTEMA EL\u00c9CTRICO ESPA\u00d1OL (PARTE 4)<\/a><\/p><\/blockquote>\n<p><iframe loading=\"lazy\" class=\"wp-embedded-content\" sandbox=\"allow-scripts\" security=\"restricted\" style=\"position: absolute; clip: rect(1px, 1px, 1px, 1px);\" title=\"\u00abHISTORIA DEL SISTEMA EL\u00c9CTRICO ESPA\u00d1OL (PARTE 4)\u00bb \u2014 Punto Cr\u00edtico Derechos Humanos\" src=\"https:\/\/puntocritico.com\/ausajpuntocritico\/2021\/08\/26\/historia-del-sistema-electrico-espanol-parte-iv-2\/embed\/#?secret=Wr20xwmr1X#?secret=sc1ZAjtR8k\" data-secret=\"sc1ZAjtR8k\" width=\"500\" height=\"282\" frameborder=\"0\" marginwidth=\"0\" marginheight=\"0\" scrolling=\"no\"><\/iframe><\/p>\n<blockquote class=\"wp-embedded-content\" data-secret=\"0jI9nwG6Mn\"><p><a href=\"https:\/\/puntocritico.com\/ausajpuntocritico\/2021\/08\/30\/historia-del-sistema-electrico-espanol-parte-v-2\/\">HISTORIA DEL SISTEMA EL\u00c9CTRICO ESPA\u00d1OL (y PARTE 5).<\/a><\/p><\/blockquote>\n<p><iframe loading=\"lazy\" class=\"wp-embedded-content\" sandbox=\"allow-scripts\" security=\"restricted\" style=\"position: absolute; clip: rect(1px, 1px, 1px, 1px);\" title=\"\u00abHISTORIA DEL SISTEMA EL\u00c9CTRICO ESPA\u00d1OL (y PARTE 5).\u00bb \u2014 Punto Cr\u00edtico Derechos Humanos\" src=\"https:\/\/puntocritico.com\/ausajpuntocritico\/2021\/08\/30\/historia-del-sistema-electrico-espanol-parte-v-2\/embed\/#?secret=DjlMvsjYhK#?secret=0jI9nwG6Mn\" data-secret=\"0jI9nwG6Mn\" width=\"500\" height=\"282\" frameborder=\"0\" marginwidth=\"0\" marginheight=\"0\" scrolling=\"no\"><\/iframe><\/p>\n<blockquote class=\"wp-embedded-content\" data-secret=\"FxWgumGdpL\"><p><a href=\"https:\/\/puntocritico.com\/ausajpuntocritico\/2022\/07\/12\/cartel-de-constructoras\/\">25 A\u00d1OS DEFRAUDANDO EN LA CONTRATACI\u00d3N P\u00daBLICA: EL C\u00c1RTEL DE CONSTRUCTORAS Y EL R\u00c9GIMEN DEL 78. La transici\u00f3n espa\u00f1ola: El tr\u00e1nsito del Delito al Crimen. Siempre impunes.<\/a><\/p><\/blockquote>\n<p><iframe loading=\"lazy\" class=\"wp-embedded-content\" sandbox=\"allow-scripts\" security=\"restricted\" style=\"position: absolute; clip: rect(1px, 1px, 1px, 1px);\" title=\"\u00ab25 A\u00d1OS DEFRAUDANDO EN LA CONTRATACI\u00d3N P\u00daBLICA: EL C\u00c1RTEL DE CONSTRUCTORAS Y EL R\u00c9GIMEN DEL 78. La transici\u00f3n espa\u00f1ola: El tr\u00e1nsito del Delito al Crimen. Siempre impunes.\u00bb \u2014 Punto Cr\u00edtico Derechos Humanos\" src=\"https:\/\/puntocritico.com\/ausajpuntocritico\/2022\/07\/12\/cartel-de-constructoras\/embed\/#?secret=B32GQ6b1Yp#?secret=FxWgumGdpL\" data-secret=\"FxWgumGdpL\" width=\"500\" height=\"282\" frameborder=\"0\" marginwidth=\"0\" marginheight=\"0\" scrolling=\"no\"><\/iframe><\/p>\n<blockquote class=\"wp-embedded-content\" data-secret=\"BSK4CXVxnn\"><p><a href=\"https:\/\/puntocritico.com\/ausajpuntocritico\/2018\/01\/15\/la-revolucion-de-las-elites-de-la-privatizacion-de-los-servicios-publicos-a-la-desaparicion-del-estado\/\">La revoluci\u00f3n de las \u00e9lites: de la privatizaci\u00f3n de los servicios p\u00fablicos a la desaparici\u00f3n del Estado<\/a><\/p><\/blockquote>\n<p><iframe loading=\"lazy\" class=\"wp-embedded-content\" sandbox=\"allow-scripts\" security=\"restricted\" style=\"position: absolute; clip: rect(1px, 1px, 1px, 1px);\" title=\"\u00abLa revoluci\u00f3n de las \u00e9lites: de la privatizaci\u00f3n de los servicios p\u00fablicos a la desaparici\u00f3n del Estado\u00bb \u2014 Punto Cr\u00edtico Derechos Humanos\" src=\"https:\/\/puntocritico.com\/ausajpuntocritico\/2018\/01\/15\/la-revolucion-de-las-elites-de-la-privatizacion-de-los-servicios-publicos-a-la-desaparicion-del-estado\/embed\/#?secret=xswpibLy3m#?secret=BSK4CXVxnn\" data-secret=\"BSK4CXVxnn\" width=\"500\" height=\"282\" frameborder=\"0\" marginwidth=\"0\" marginheight=\"0\" scrolling=\"no\"><\/iframe><\/p>\n<blockquote class=\"wp-embedded-content\" data-secret=\"u9Pm34RI4v\"><p><a href=\"https:\/\/puntocritico.com\/ausajpuntocritico\/2022\/02\/21\/diaz-ayuso-y-la-descomposicion-de-lo-publico\/\">ISABELGATE: El \u00abASUNTO\u00bb D\u00cdAZ AYUSO Y LA DIRECTIVA DE ALERTADORES. \u00abLa (\u00bfirreversible?) descomposici\u00f3n de lo p\u00fablico\u00bb, por Rafael Jim\u00e9nez Asensio.<\/a><\/p><\/blockquote>\n<p><iframe loading=\"lazy\" class=\"wp-embedded-content\" sandbox=\"allow-scripts\" security=\"restricted\" style=\"position: absolute; clip: rect(1px, 1px, 1px, 1px);\" title=\"\u00abISABELGATE: El \u00abASUNTO\u00bb D\u00cdAZ AYUSO Y LA DIRECTIVA DE ALERTADORES. \u00abLa (\u00bfirreversible?) descomposici\u00f3n de lo p\u00fablico\u00bb, por Rafael Jim\u00e9nez Asensio.\u00bb \u2014 Punto Cr\u00edtico Derechos Humanos\" src=\"https:\/\/puntocritico.com\/ausajpuntocritico\/2022\/02\/21\/diaz-ayuso-y-la-descomposicion-de-lo-publico\/embed\/#?secret=MsixVx08Nz#?secret=u9Pm34RI4v\" data-secret=\"u9Pm34RI4v\" width=\"500\" height=\"282\" frameborder=\"0\" marginwidth=\"0\" marginheight=\"0\" scrolling=\"no\"><\/iframe><\/p>\n<blockquote class=\"wp-embedded-content\" data-secret=\"eQ9HZ4Oml3\"><p><a href=\"https:\/\/puntocritico.com\/ausajpuntocritico\/2017\/01\/24\/en-apoyo-a-la-libertad-de-expresion\/\">EN APOYO A LA LIBERTAD DE EXPRESI\u00d3N.<\/a><\/p><\/blockquote>\n<p><iframe loading=\"lazy\" class=\"wp-embedded-content\" sandbox=\"allow-scripts\" security=\"restricted\" style=\"position: absolute; clip: rect(1px, 1px, 1px, 1px);\" title=\"\u00abEN APOYO A LA LIBERTAD DE EXPRESI\u00d3N.\u00bb \u2014 Punto Cr\u00edtico Derechos Humanos\" src=\"https:\/\/puntocritico.com\/ausajpuntocritico\/2017\/01\/24\/en-apoyo-a-la-libertad-de-expresion\/embed\/#?secret=Ia9CdtQfUm#?secret=eQ9HZ4Oml3\" data-secret=\"eQ9HZ4Oml3\" width=\"500\" height=\"282\" frameborder=\"0\" marginwidth=\"0\" marginheight=\"0\" scrolling=\"no\"><\/iframe><\/p>\n<blockquote class=\"wp-embedded-content\" data-secret=\"x8KwzGIXiM\"><p><a href=\"https:\/\/puntocritico.com\/ausajpuntocritico\/2022\/04\/05\/zelenskyelfoton\/\">ZELENSKY, UN FOT\u00d3N EMANCIPADO. \u00abServidor del Pueblo\u00bb, la serie de Netflix, con la que Silicon Valley gan\u00f3 las elecciones de Ucrania.<\/a><\/p><\/blockquote>\n<p><iframe loading=\"lazy\" class=\"wp-embedded-content\" sandbox=\"allow-scripts\" security=\"restricted\" style=\"position: absolute; clip: rect(1px, 1px, 1px, 1px);\" title=\"\u00abZELENSKY, UN FOT\u00d3N EMANCIPADO. \u00abServidor del Pueblo\u00bb, la serie de Netflix, con la que Silicon Valley gan\u00f3 las elecciones de Ucrania.\u00bb \u2014 Punto Cr\u00edtico Derechos Humanos\" src=\"https:\/\/puntocritico.com\/ausajpuntocritico\/2022\/04\/05\/zelenskyelfoton\/embed\/#?secret=UWEXb3oFSD#?secret=x8KwzGIXiM\" data-secret=\"x8KwzGIXiM\" width=\"500\" height=\"282\" frameborder=\"0\" marginwidth=\"0\" marginheight=\"0\" scrolling=\"no\"><\/iframe><\/p>\n<blockquote class=\"wp-embedded-content\" data-secret=\"Lms40slPaI\"><p><a href=\"https:\/\/puntocritico.com\/ausajpuntocritico\/2022\/02\/03\/geoingenieria-derecho-manipulacion-climatica-mediante-tecnicas-de-geoingenieria-y-objetivo-13-del-desarrollo-sostenible-la-accion-por-el-clima-por-maria-mendez-rocasolano-depart\/\">GEOINGENIER\u00cdA: \u201cDerecho, Manipulaci\u00f3n clim\u00e1tica mediante t\u00e9cnicas de geoingenier\u00eda y Objetivo 13 del desarrollo sostenible, la acci\u00f3n por el clima\u201d, por Mar\u00eda M\u00e9ndez Rocasolano (Departamento de Medio Ambiente \u2013 UCAM)<\/a><\/p><\/blockquote>\n<p><iframe loading=\"lazy\" class=\"wp-embedded-content\" sandbox=\"allow-scripts\" security=\"restricted\" style=\"position: absolute; clip: rect(1px, 1px, 1px, 1px);\" title=\"\u00abGEOINGENIER\u00cdA: \u201cDerecho, Manipulaci\u00f3n clim\u00e1tica mediante t\u00e9cnicas de geoingenier\u00eda y Objetivo 13 del desarrollo sostenible, la acci\u00f3n por el clima\u201d, por Mar\u00eda M\u00e9ndez Rocasolano (Departamento de Medio Ambiente \u2013 UCAM)\u00bb \u2014 Punto Cr\u00edtico Derechos Humanos\" src=\"https:\/\/puntocritico.com\/ausajpuntocritico\/2022\/02\/03\/geoingenieria-derecho-manipulacion-climatica-mediante-tecnicas-de-geoingenieria-y-objetivo-13-del-desarrollo-sostenible-la-accion-por-el-clima-por-maria-mendez-rocasolano-depart\/embed\/#?secret=H7lJdLXT0f#?secret=Lms40slPaI\" data-secret=\"Lms40slPaI\" width=\"500\" height=\"282\" frameborder=\"0\" marginwidth=\"0\" marginheight=\"0\" scrolling=\"no\"><\/iframe><\/p>\n<p><a href=\"https:\/\/puntocritico.com\/ausajpuntocritico\/author\/punto-critico\/\"><img loading=\"lazy\" decoding=\"async\" class=\"aligncenter wp-image-9528\" src=\"https:\/\/puntocritico.com\/ausajpuntocritico\/wp-content\/uploads\/2018\/03\/Mosca_Punto_Cr\u00edtico_40.png\" alt=\"\" width=\"80\" height=\"80\" data-id=\"9528\" \/><\/a><\/p>\n<p>&nbsp;<\/p>\n","protected":false},"excerpt":{"rendered":"<div class=\"mh-excerpt\"><p>GENERAL MOTORS, la Corporaci\u00f3n que envenen\u00f3 el mundo &nbsp; LOS QUE ENVENENAN EL MUNDO Son ellas, las que no son nosotros; las Corporaciones, esas \u00aban\u00f3nimas\u00bb personas de papel que no solo tienen m\u00e1s Derechos que <a class=\"mh-excerpt-more\" href=\"https:\/\/puntocritico.com\/ausajpuntocritico\/2022\/08\/30\/general-motors-la-corporacion-que-enveneno-el-mundo\/\" title=\"GENERAL MOTORS, la Corporaci\u00f3n que envenen\u00f3 el mundo y destruy\u00f3 nuestra salud inund\u00e1ndonos de gasolina con plomo y clorofluorocarbonos (CFC&#8217;s).\">[&#8230;]<\/a><\/p>\n<\/div>","protected":false},"author":3,"featured_media":2255178,"comment_status":"open","ping_status":"closed","sticky":false,"template":"","format":"standard","meta":{"_acf_changed":false,"_exactmetrics_skip_tracking":false,"_exactmetrics_sitenote_active":false,"_exactmetrics_sitenote_note":"","_exactmetrics_sitenote_category":0,"footnotes":""},"categories":[7,12,14],"tags":[],"class_list":{"0":"post-2254684","1":"post","2":"type-post","3":"status-publish","4":"format-standard","5":"has-post-thumbnail","7":"category-politica","8":"category-corrupcion","9":"category-corrupcion_informativa"},"acf":[],"_links":{"self":[{"href":"https:\/\/puntocritico.com\/ausajpuntocritico\/wp-json\/wp\/v2\/posts\/2254684","targetHints":{"allow":["GET"]}}],"collection":[{"href":"https:\/\/puntocritico.com\/ausajpuntocritico\/wp-json\/wp\/v2\/posts"}],"about":[{"href":"https:\/\/puntocritico.com\/ausajpuntocritico\/wp-json\/wp\/v2\/types\/post"}],"author":[{"embeddable":true,"href":"https:\/\/puntocritico.com\/ausajpuntocritico\/wp-json\/wp\/v2\/users\/3"}],"replies":[{"embeddable":true,"href":"https:\/\/puntocritico.com\/ausajpuntocritico\/wp-json\/wp\/v2\/comments?post=2254684"}],"version-history":[{"count":0,"href":"https:\/\/puntocritico.com\/ausajpuntocritico\/wp-json\/wp\/v2\/posts\/2254684\/revisions"}],"wp:featuredmedia":[{"embeddable":true,"href":"https:\/\/puntocritico.com\/ausajpuntocritico\/wp-json\/wp\/v2\/media\/2255178"}],"wp:attachment":[{"href":"https:\/\/puntocritico.com\/ausajpuntocritico\/wp-json\/wp\/v2\/media?parent=2254684"}],"wp:term":[{"taxonomy":"category","embeddable":true,"href":"https:\/\/puntocritico.com\/ausajpuntocritico\/wp-json\/wp\/v2\/categories?post=2254684"},{"taxonomy":"post_tag","embeddable":true,"href":"https:\/\/puntocritico.com\/ausajpuntocritico\/wp-json\/wp\/v2\/tags?post=2254684"}],"curies":[{"name":"wp","href":"https:\/\/api.w.org\/{rel}","templated":true}]}}