{"id":2253415,"date":"2022-07-30T00:05:02","date_gmt":"2022-07-29T22:05:02","guid":{"rendered":"https:\/\/puntocritico.com\/ausajpuntocritico\/?p=2253415"},"modified":"2022-07-30T00:26:21","modified_gmt":"2022-07-29T22:26:21","slug":"macarena-olona","status":"publish","type":"post","link":"https:\/\/puntocritico.com\/ausajpuntocritico\/2022\/07\/30\/macarena-olona\/","title":{"rendered":"HOMENAJE A MACARENA OLONA: EL FEMINISMO QUE TENEMOS EN COM\u00daN (Intervenci\u00f3n en el Congreso: \u00abGarantizar la Igualdad ante la Ley\u00bb)"},"content":{"rendered":"<p><span style=\"font-size: 14pt; color: #008000;\">MACARENA OLONA: EL FEMINISMO QUE TENEMOS EN COM\u00daN<\/span><\/p>\n<p style=\"text-align: justify;\"><span style=\"font-size: 14pt;\"><\/span><\/p>\n<p style=\"text-align: center;\">\u00a0<\/p>\n<blockquote>\n<h2 style=\"text-align: center;\"><span style=\"font-size: 24pt;\"><strong>\u00abGarantizar la Igualdad ante la Ley\u00bb<\/strong><\/span><\/h2>\n<p style=\"text-align: center;\"><span style=\"font-size: 18pt;\"><strong>Sesi\u00f3n de Control al Gobierno en el Congreso<\/strong><\/span><\/p>\n<p style=\"text-align: center;\"><strong><span style=\"font-size: 14pt;\">Intervenci\u00f3n de la Portavoz de <a href=\"https:\/\/es.wikipedia.org\/wiki\/Vox_(partido_pol%C3%ADtico)\" target=\"_blank\" rel=\"noopener\">VOX<\/a>, Do\u00f1a Macarena Olona<\/span><\/strong><\/p>\n<p style=\"text-align: center;\">\u00a0<\/p>\n<div style=\"padding: 56.25% 0px 0px; position: relative; text-align: center;\"><iframe loading=\"lazy\" style=\"position: absolute; top: 0; left: 0; width: 100%; height: 100%;\" title=\"sesi&amp;oacute;n_plenaria_(22_12_2021).\" src=\"\/\/player.vimeo.com\/video\/670114145?title=0&amp;amp;byline=0\" width=\"425\" height=\"350\" frameborder=\"0\" allowfullscreen=\"allowfullscreen\" data-mce-fragment=\"1\"><\/iframe><\/div>\n<p><script src=\"https:\/\/player.vimeo.com\/api\/player.js\"><\/script><\/p>\n<p style=\"text-align: center;\"><strong><span style=\"font-size: 14pt; color: #008000;\">FEMINISMO ES LIBERTAD; IGUALDAD EN DIGNIDAD<\/span><\/strong><\/p>\n<p style=\"text-align: center;\"><strong><span style=\"font-size: 18pt; color: #008000;\">***<\/span><\/strong><\/p>\n<p style=\"text-align: center;\"><span style=\"color: #008000;\"><strong><span style=\"font-size: 14pt;\">\u00ab<em>Cuanto proviene de conyugio es Pleroma; en cambio, cuanto nace de uno s\u00f3lo es Imagen<\/em>\u00ab<\/span><\/strong><\/span><\/p>\n<p style=\"text-align: center;\"><span style=\"color: #008000;\"><strong><span style=\"font-size: 14pt;\"> (<a href=\"https:\/\/es.wikipedia.org\/wiki\/Evangelio_griego_de_los_egipcios\" target=\"_blank\" rel=\"noopener\">Teodoto<\/a>, \u00abExcerpta\u00bb)<\/span><\/strong><\/span><\/p>\n<p style=\"text-align: center;\"><span style=\"color: #008000; font-size: 18pt;\"><strong>******<\/strong><\/span><\/p>\n<\/blockquote>\n<figure id=\"attachment_2239917\" aria-describedby=\"caption-attachment-2239917\" style=\"width: 440px\" class=\"wp-caption aligncenter\"><img loading=\"lazy\" decoding=\"async\" class=\"wp-image-2239917\" src=\"https:\/\/puntocritico.com\/ausajpuntocritico\/wp-content\/uploads\/2022\/02\/ROTO-Verdugos.png\" alt=\"\" width=\"440\" height=\"305\" data-id=\"2239917\" \/><figcaption id=\"caption-attachment-2239917\" class=\"wp-caption-text\"><span style=\"color: #008000;\">EL ROTO: Inclusivos interseccionales.<\/span><\/figcaption><\/figure>\n<p style=\"text-align: center;\"><span style=\"font-size: 18pt;\"><strong><span style=\"color: #008000;\">*******<\/span><\/strong><\/span><\/p>\n<h2 style=\"text-align: center;\"><strong><span style=\"font-size: 24pt;\">HOMENAJE A MACARENA OLONA: EL FEMINISMO QUE TENEMOS EN COM\u00daN. <\/span><\/strong><\/h2>\n<p style=\"text-align: center;\"><span style=\"font-size: 18pt;\"><strong>MACARENA OLONA SE DESPIDE DE LA POL\u00cdTICA POR RAZONES DE SALUD<\/strong><\/span><\/p>\n<p>&nbsp;<\/p>\n<figure id=\"attachment_3578\" aria-describedby=\"caption-attachment-3578\" style=\"width: 480px\" class=\"wp-caption aligncenter\"><img loading=\"lazy\" decoding=\"async\" class=\"wp-image-3578\" src=\"https:\/\/puntocritico.com\/ausajpuntocritico\/wp-content\/uploads\/2017\/06\/Futuro-del-derecho-penal-y-procesal-penal-mejor-compliance-abogado-fiscal-la-Coru\u00f1a-Madrid-Zaragoza.jpeg\" alt=\"\" width=\"480\" height=\"320\" data-id=\"3578\" srcset=\"https:\/\/puntocritico.com\/ausajpuntocritico\/wp-content\/uploads\/2017\/06\/Futuro-del-derecho-penal-y-procesal-penal-mejor-compliance-abogado-fiscal-la-Coru\u00f1a-Madrid-Zaragoza.jpeg 400w, https:\/\/puntocritico.com\/ausajpuntocritico\/wp-content\/uploads\/2017\/06\/Futuro-del-derecho-penal-y-procesal-penal-mejor-compliance-abogado-fiscal-la-Coru\u00f1a-Madrid-Zaragoza-300x200.jpeg 300w\" sizes=\"auto, (max-width: 480px) 100vw, 480px\" \/><figcaption id=\"caption-attachment-3578\" class=\"wp-caption-text\"><span style=\"color: #008000;\">Hoy es el primer d\u00eda del resto de tu vida<\/span><\/figcaption><\/figure>\n<p style=\"text-align: justify;\">\u00a0<\/p>\n<p style=\"text-align: justify;\"><span style=\"font-size: 14pt;\">Estimada Sra. Olona,<\/span><\/p>\n<p style=\"text-align: justify;\"><span style=\"font-size: 14pt;\">He conocido su decisi\u00f3n de abandonar la pol\u00edtica, despu\u00e9s de los tres intensos a\u00f1os en que ha sorprendido a propios y extra\u00f1os. Me alegro por usted. El desgaste tiene que ser enorme. F\u00edsico y psicol\u00f3gico. Es usted joven, que es fuerte lo evidencia todo lo que la hemos visto soportar, pero estar\u00e1 agotada. Esperamos su completo y pronto restablecimiento.<\/span><\/p>\n<p style=\"text-align: justify;\"><span style=\"font-size: 14pt;\">Hoy empiezan las vacaciones; el sol y el mar son la mejor de las terapias. Bienvenida, en su pr\u00f3ximo regreso al mundo del derecho, donde siempre hacen falta compa\u00f1eros que luchen, no por un honorario, siempre mercenario, sino por recuperar en el ejercicio de la abogac\u00eda la honestidad. Honestidad que, se compartan o no sus -en todo caso, leg\u00edtimas- convicciones, se aprecia claramente en usted, Do\u00f1a Macarena; basta escucharla en defensa de sus convicciones. Que, en cualquier caso, conviene tener presente, son las de millones de espa\u00f1oles, como lo acreditan los resultados electorales.<\/span><\/p>\n<div style=\"text-align: justify;\"><span style=\"font-size: 14pt;\">Ten\u00eda la intenci\u00f3n de dedicarle una entrada de <a href=\"https:\/\/puntocritico.com\/ausajpuntocritico\/\">Punto Cr\u00edtico<\/a>, desde hace tiempo ya, pero no para tratar de pol\u00edtica, sino de derecho. Desde el mismo d\u00eda en que escuch\u00e9 su intervenci\u00f3n en el Congreso de los Diputados, que m\u00e1s abajo se reproduce. La emoci\u00f3n que me produjo fue la <a href=\"https:\/\/puntocritico.com\/ausajpuntocritico\/2022\/01\/14\/la-sabiduria-del-amor-la-alegria-y-el-placer-por-baruch-de-spinoza-3\/\">Alegr\u00eda<\/a>, en el sentido m\u00e1s <em>spinozista<\/em> del concepto. Porque ahora estoy convencido de que para usted, como para mi, <strong>Feminismo es Igualdad en Dignidad<\/strong>, igualdad en el goce efectivo de los Derechos\u00a0Humanos, sin que pueda existir ning\u00fan tipo de discriminaci\u00f3n por raz\u00f3n de sexo.\u00a0<\/span><\/div>\n<div>\u00a0<\/div>\n<div>\n<blockquote>\n<p style=\"text-align: center;\"><span style=\"color: #008000;\"><strong><span style=\"font-size: 14pt;\">Me explicar\u00e9 a partir de la distinci\u00f3n entre <\/span><span style=\"font-size: 14pt;\">Ley, Moral y \u00c9tica.<\/span><\/strong><\/span><\/p>\n<p style=\"text-align: center;\"><strong><span style=\"font-size: 14pt; color: #008000;\">Sin entrar en el concepto aristot\u00e9lico de \u00c9tica, en cuanto a su relaci\u00f3n con la educaci\u00f3n (<em>\u201cestudiamos la \u00e9tica no para saber qu\u00e9 es la virtud, sino para ser buenos\u201d, expone Arist\u00f3teles en su \u00c9tica a Nic\u00f3maco<\/em>), partiendo de que lo legal no tiene porque ser \u00e9tico o moral, diferenciamos las Leyes -que pueden reflejar o no normas morales; pensemos en las Leyes del Apartheid- que regulan coactivamente nuestra conducta, de la Moral, que supone una Costumbre que, al ser generalmente aceptada, se impone socialmente, construyendo as\u00ed el car\u00e1cter del grupo social (<em>lo moral como repertorio de las \u00abbuenas costumbres\u00bb<\/em>).<\/span><\/strong><\/p>\n<p style=\"text-align: center;\"><strong><span style=\"font-size: 14pt; color: #008000;\">En cuanto a la \u00c9tica, se diferencia de las Leyes y de las normas Morales en su \u00e1mbito: El de la Libertad, esencia del alma humana As\u00ed, \u00ab<em>la \u00e9tica codifica actitudes y tradiciones permanentes, fundadas en la naturaleza del hombre. Son tan inmodificables como esa naturaleza<\/em>\u00ab.<\/span><\/strong><\/p>\n<p style=\"text-align: center;\"><span style=\"color: #008000;\"><strong><span style=\"font-size: 14pt;\">Ese \u00faltimo reducto -interior- de la Libertad, es el que se encuentra en grave riesgo hoy<\/span><\/strong><\/span><\/p>\n<\/blockquote>\n<\/div>\n<div>\u00a0<\/div>\n<p style=\"text-align: justify;\"><span style=\"font-size: 14pt;\">Y, como quiera que la Dignidad Humana reside fundamentalmente en el goce efectivo de los Derechos Humanos, me siento obligado a manifestarle mi profundo agradecimiento por haberme hecho sentir de nuevo un ciudadano, titular de <a href=\"https:\/\/puntocritico.com\/ausajpuntocritico\/2020\/08\/06\/los-traidores-del-noveno-circulo-del-infierno-la-tactica-trotskista-del-entrismo-por-rolando-astarita-2\/\"><img loading=\"lazy\" decoding=\"async\" class=\"alignleft wp-image-15236 size-medium\" src=\"https:\/\/puntocritico.com\/ausajpuntocritico\/wp-content\/uploads\/2018\/12\/Logo_Troya_Podemos_678x381-300x169.jpg\" alt=\"\" width=\"300\" height=\"169\" data-id=\"15236\" srcset=\"https:\/\/puntocritico.com\/ausajpuntocritico\/wp-content\/uploads\/2018\/12\/Logo_Troya_Podemos_678x381-300x169.jpg 300w, https:\/\/puntocritico.com\/ausajpuntocritico\/wp-content\/uploads\/2018\/12\/Logo_Troya_Podemos_678x381-267x150.jpg 267w, https:\/\/puntocritico.com\/ausajpuntocritico\/wp-content\/uploads\/2018\/12\/Logo_Troya_Podemos_678x381.jpg 678w\" sizes=\"auto, (max-width: 300px) 100vw, 300px\" \/><\/a>Derechos Humanos, a pesar de mi sexo. Por haberlo hecho, adem\u00e1s, desde la Tribuna del Congreso de los Diputados, sede de nuestra (<em>perdida<\/em>) Soberan\u00eda.<\/span><\/p>\n<p style=\"text-align: justify;\"><span style=\"font-size: 14pt;\">Se lo agradezco no solo como Administrativista de larga dedicaci\u00f3n, devoto del <strong>Principio de Legalidad<\/strong>. Se lo agradezco tambi\u00e9n como Socialista y como Dem\u00f3crata, como <a href=\"https:\/\/puntocritico.com\/ausajpuntocritico\/2022\/05\/30\/por-que-socialismo-einstein\/\"><strong><em>Socialista<\/em><\/strong>\u00a0<em><strong>Democr\u00e1tico<\/strong><\/em><\/a>, firmemente contrario a la Globalizaci\u00f3n como Dictadura Mundial de las gigantescas Corporaciones Trasnacionales, que es lo que se oculta bajo el enga\u00f1o de la \u00ab<em>Nueva Pol\u00edtica<\/em>\u00ab, que intenta implantar ese engendro conocido como \u00ab<em>Socialismo del Siglo XXI<\/em>\u00ab, <a href=\"https:\/\/puntocritico.com\/ausajpuntocritico\/2021\/02\/23\/traidores-revolucionarios-el-caso-de-alex-saab-revolucion-socialismo-enriquecimiento-personal\/\">Caballo de Troya de la Corrupci\u00f3n Trasnacional<\/a>, que se aplica en lograr la desaparici\u00f3n de los Poderes P\u00fablicos estatales cl\u00e1sicos, para construir un mundo regido por poderes privados, ante los que los Poderes P\u00fablicos se postrar\u00e1n, reducidos a organizaciones que ejercitan el poder coactivo estatal (<em>recaudaci\u00f3n de Tributos, mantenimiento de la Ley y el Orden P\u00fablico, la trilog\u00eda cl\u00e1sica del totalitarismo; esta vez global<\/em>), al Servicio de los milmillonarios globalistas. <\/span><\/p>\n<p style=\"text-align: justify;\"><span style=\"font-size: 14pt;\">Estados cuyo poder quedar\u00e1 reducido al mantenimiento del Orden impuesto por los Poderes Privados Globales, con meras funciones recaudatorias y policiales, bajo la \u00e9gida del Poder menos Democr\u00e1tico de los antiguos Poderes del Estado: El Poder Judicial, excluido de las elecciones democr\u00e1ticas y convertido en el aut\u00e9ntico motor de la Corrupci\u00f3n. El Estado Corrupto quiere ocupar el lugar del Estado de Derecho; una forma de Estado carente de Soberan\u00eda. Democracia formal, que encubre la realidad de un totalitarismo material.<\/span><\/p>\n<p style=\"text-align: justify;\"><span style=\"font-size: 14pt;\">Uno de esos problemas comunes, de especial importancia, es la Ideolog\u00eda de G\u00e9nero, por la que desangra la izquierda, a la vez que finiquita y liquida el Estado de Derecho.<\/span><\/p>\n<p style=\"text-align: justify;\"><span style=\"font-size: 14pt;\">Porque, si en el teatro (\u00ab<em>A puerta cerrada<\/em>\u00ab) de <strong>Jean Paul Sartre<\/strong>, \u00ab<strong><em>el Infierno es el otro<\/em><\/strong>\u00ab, hoy, para la Izquierda, \u00ab<strong><em>el infierno son los nuestros<\/em><\/strong>\u00ab.<\/span><\/p>\n<p>&nbsp;<\/p>\n<blockquote>\n<p style=\"text-align: center;\"><strong><span style=\"font-size: 14pt; color: #008000;\">\u00ab<em>\u00bfLas causas del hundimiento electoral de la izquierda? Pueden resumirse as\u00ed: los socialistas privilegian a sus grupos de presi\u00f3n contra su electorado. Hay cuatro grupos de presi\u00f3n: las minor\u00edas sexuales, las feministas, los islamoizquierdistas, los ecologistas doctrinarios. Luego est\u00e1n los funcionarios, periodistas, universitarios. Esas categor\u00edas est\u00e1n muy alejadas de los obreros o los agricultores, que se sienten abandonados por una izquierda difunta para ellos, cuando los partidos de izquierdas se abandonan a las minor\u00edas multiculturales y activistas<\/em>\u00bb.<\/span><\/strong><\/p>\n<p style=\"text-align: center;\"><span style=\"font-size: 14pt;\"><strong><span style=\"color: #008000;\">\u00abNo son los intelectuales quienes han abandonado a la izquierda; es la izquierda la que ha abandonado a los intelectuales\u00bb<\/span><\/strong><\/span><\/p>\n<p style=\"text-align: center;\"><strong><span style=\"font-size: 14pt; color: #008000;\">(Jacques Julliard)<\/span><\/strong><\/p>\n<p style=\"text-align: center;\"><strong><span style=\"font-size: 14pt; color: #008000;\">\u00a0\u00abNo hay izquierda intelectual. Hay una extrema izquierda intelectual que quiere monopolizar el pensamiento y excluye lo que no le interesa. A t\u00edtulo personal, sigo sinti\u00e9ndome de izquierdas: creo que hay un espacio para la transformaci\u00f3n de la sociedad y m\u00e1s de justicia. Pero constato que los partidos de izquierdas han abandonado las ideas universalistas de su tradici\u00f3n, para embarcarse en aventuras de extrema izquierda multicultural\u00bb.<\/span><\/strong><\/p>\n<p style=\"text-align: center;\"><strong><span style=\"font-size: 14pt; color: #008000;\">\u00abLa izquierda siempre tuvo un problema con\u00a0el sectarismo. Pero ese vicio constituyente se ha agravado\u00bb<\/span><\/strong><\/p>\n<p style=\"text-align: center;\"><strong><span style=\"font-size: 14pt; color: #008000;\">(Marcel Gauchet)<\/span><\/strong><\/p>\n<p style=\"text-align: center;\"><strong><span style=\"color: #008000; font-size: 14pt;\">\u00abEl drama es el silencio de las personas que no se atreven a decir nada, paralizadas por el miedo a que los traten de reaccionarios\u00bb<\/span><\/strong><\/p>\n<p style=\"text-align: center;\"><strong><span style=\"color: #008000; font-size: 14pt;\">\u00abUna parte de la izquierda socialdem\u00f3crata no puede expresarse en los diarios conservadores, ya que los antiguos diarios de centro izquierda est\u00e1n paralizados por el miedo o se han convertido a las ideolog\u00edas multiculturalistas\u00bb<\/span><\/strong><\/p>\n<p style=\"text-align: center;\"><span style=\"font-size: 14pt; color: #008000;\"><strong>(\u00c9lisabeth Badinter)<\/strong><\/span><\/p>\n<\/blockquote>\n<p>&nbsp;<\/p>\n<p style=\"text-align: justify;\"><span style=\"font-size: 14pt;\">Volviendo la mirada hacia <a href=\"https:\/\/puntocritico.com\/ausajpuntocritico\/2021\/11\/02\/del-espiritu-de-las-leyes\/\">Montesquieu<\/a>, ese cad\u00e1ver exquisito, dir\u00e9 que tanto la defensa del Honor, propio de las Monarqu\u00edas, como la defensa del amor a la Ley y de la frugalidad, propios de las Rep\u00fablicas, tienen no solo cabida, sino que forman en com\u00fan la sustancia de la Espa\u00f1a Constitucional; pues siendo la esencia de las Constituciones el que dentro de su articulado tengan cabida muy distintas opciones pol\u00edticas, las dos formas de estado resultan ser complementarias en nuestra Monarqu\u00eda Parlamentaria Constitucional, en la que, adem\u00e1s, se aglutinar\u00edan las virtudes correspondientes, Honor y Amor a la Ley; y quiz\u00e1s tambi\u00e9n la \u00ab<a href=\"https:\/\/puntocritico.com\/ausajpuntocritico\/2020\/04\/09\/que-hemos-de-exigir-a-un-gobierno-honestidad-y-frugalidad-o-mentira-y-disposicion-al-lujo-por-thomas-jefferson-cuando-el-centro-no-existe-la-izquierda-y-la-derecha-se-confunden\/\"><em>frugalidad<\/em><\/a>\u00ab.<\/span><\/p>\n<p style=\"text-align: justify;\"><span style=\"font-size: 14pt;\">No as\u00ed la primera de las tres enunciadas por el\u00a0 autor de \u00ab<em>El Esp\u00edritu de las Leyes<\/em>\u00ab, la Tiran\u00eda, el Totalitarismo, incompatible con nuestros valores comunes; constitucionales.<\/span><\/p>\n<p style=\"text-align: justify;\"><span style=\"font-size: 14pt;\">A la vista de todo ello, si bien mis diferencias ideol\u00f3gicas con VOX son profundas, al variar lo trascendente, el momento las ha convertido en accesorias. Me explicar\u00e9 a partir de la distinci\u00f3n entre <\/span><span style=\"font-size: 14pt;\"><strong>Ley<\/strong>, <strong>Moral<\/strong> y <strong>\u00c9tica<\/strong>.<\/span><\/p>\n<p style=\"text-align: justify;\"><span style=\"font-size: 14pt;\">Sin entrar en el concepto aristot\u00e9lico de \u00c9tica, en cuanto a su relaci\u00f3n con la educaci\u00f3n (<em>\u201cestudiamos la \u00e9tica no para saber qu\u00e9 es la virtud, sino para ser buenos\u201d, expone Arist\u00f3teles en su \u00c9tica a Nic\u00f3maco<\/em>), partiendo de que lo legal no tiene porque ser \u00e9tico o moral, diferenciamos las <strong>Leyes<\/strong> -que pueden reflejar o no normas morales; pensemos en las <em>Leyes del Apartheid<\/em>&#8211; que regulan coactivamente nuestra conducta, de la <strong>Moral<\/strong>, que supone una <em>Costumbre<\/em> que, al ser generalmente aceptada, se impone socialmente, construyendo as\u00ed el car\u00e1cter del grupo social (<em>lo moral como repertorio de las \u00abbuenas costumbres\u00bb<\/em>).<\/span><\/p>\n<p style=\"text-align: justify;\"><span style=\"font-size: 14pt;\">En cuanto a la <strong>\u00c9tica<\/strong>, se diferencia de las Leyes y de las normas Morales en su \u00e1mbito: El de la <strong>Libertad<\/strong>, esencia del alma humana As\u00ed, \u00ab<em>la \u00e9tica codifica actitudes y tradiciones permanentes, fundadas en la naturaleza del hombre. Son tan inmodificables como esa naturaleza<\/em>\u00bb (<em>Herr\u00e1n y Restrepo, \u00ab\u00c9tica para periodistas\u00bb<\/em>). <\/span><\/p>\n<p style=\"text-align: justify;\"><span style=\"font-size: 14pt;\">Conforme a estos autores, \u00abl<\/span><span style=\"font-size: 14pt;\"><em>as exigencias de una legislaci\u00f3n son mininas porque deben conciliar los intereses de la mayor parte o de la totalidad de una comunidad en cambio, las exigencias de la ley moral son de fondo porque tocan la naturaleza del hombre y sus obligaciones consigo mismo y con los dem\u00e1s. Las normas morales, fundadas en la ley natural, no contradicen las leyes que son positivas. S\u00f3lo las desbordan, porque van m\u00e1s all\u00e1 de lo que exigen leyes penales o civiles<\/em>\u00ab.\u00a0<\/span><\/p>\n<p style=\"text-align: justify;\"><span style=\"font-size: 14pt;\">Y esta es la cuesti\u00f3n relevante: la <strong>Ideolog\u00eda de G\u00e9nero<\/strong>, como indica su regla fundamental, \u00ab<strong><em>lo personal es pol\u00edtico<\/em><\/strong>\u00bb (<em>que parece haber mutado como los virus a un meme diferente: <strong>\u00ablo sexual es<\/strong> <strong>pol\u00edtico<\/strong>\u00ab<\/em>), agrede nuestra libertad. Persigue acabar con el Libre Albedr\u00edo; con todo lo que nos conforma como humanos; como seres racionales, naturaleza pensante.<\/span><\/p>\n<p>&nbsp;<\/p>\n<blockquote>\n<p style=\"text-align: center;\"><strong><span style=\"font-size: 14pt; color: #008000;\">Persigue acabar con el Libre Albedr\u00edo; con todo lo que nos conforma como humanos; como seres racionales, naturaleza pensante<\/span><\/strong><\/p>\n<\/blockquote>\n<p>&nbsp;<\/p>\n<p style=\"text-align: justify;\"><span style=\"font-size: 14pt;\">Ni siquiera se conservar\u00edan los atributos de toda especie -supervivencia y reproducci\u00f3n-, en ausencia de los cuales no existir\u00e1 \u00absucesi\u00f3n\u00bb, solo mutaciones que se extinguen con el individuo mutante. Son <a href=\"https:\/\/puntocritico.com\/ausajpuntocritico\/2019\/08\/09\/spinoza-y-montesquieu-jesus-nava\/\">Leyes de la Naturaleza<\/a>, inmunes a la raz\u00f3n. Sin ellas, la Humanidad solo habr\u00eda consistido en un grupo de mutantes, extinguidos sin dejar huella en el \u00e1rbol de la vida. Se trata de una especie de <a href=\"https:\/\/puntocritico.com\/ausajpuntocritico\/2020\/07\/09\/albert-camus-nietzsche-y-el-nihilismo-2\/\">Nihilismo<\/a> -\u00ab<em>postNihilsmo<\/em>\u00ab-de nuevo cu\u00f1o, que lucha por la extinci\u00f3n.<\/span><\/p>\n<p style=\"text-align: justify;\"><span style=\"font-size: 14pt;\">Es por ello que necesitan despojarnos del <a href=\"https:\/\/puntocritico.com\/ausajpuntocritico\/2022\/01\/26\/cocidos-como-ranitas-sin-informacion-no-hay-escapatoria-parte-ii-2\/\"><strong>Derecho Fundamental a la Intimidad<\/strong><\/a>, \u00faltimo basti\u00f3n defensivo del individuo, el verdadero objeto de su lucha. Luchan contra nosotros, y lo hacen con nuestros impuestos; y lo pueden hacer, es lo verdaderamente obsceno, porque les votamos. Gracias a lo que pueden bloquear la eventualidad de irrupci\u00f3n de opciones pol\u00edticas no sist\u00e9micas, no integradas, ni dominadas, por el <a href=\"https:\/\/puntocritico.com\/ausajpuntocritico\/2022\/07\/23\/la-zona-gris-en-las-guerras-hibridas-conferencia\/\">Estado Profundo<\/a>.<\/span><\/p>\n<p style=\"text-align: justify;\"><span style=\"font-size: 14pt;\"><strong>Ese \u00faltimo reducto -interior- de la Libertad, es el que se encuentra en grave riesgo hoy<\/strong>. Sin informaci\u00f3n, todos estamos perdidos; <strong>nuestras decisiones no son nuestras, sino que son hijas de la desinformaci\u00f3n y el miedo<\/strong>. Transformando la vida social en un cementerio dominado por el pensamiento \u00fanico. Quedando nuestro futuro determinado por el adagio de <a href=\"https:\/\/puntocritico.com\/ausajpuntocritico\/2022\/04\/20\/cobardia-madre-de-crueldad\/\">Michel de Montaigne: \u00abCobard\u00eda, madre de crueldad\u00bb<\/a>. <\/span><\/p>\n<p style=\"text-align: justify;\"><span style=\"font-size: 14pt;\">Una sociedad violenta de la que se ha adue\u00f1ado el Miedo, destructor de la Libertad. Porque si la Virtud del Estado, conforme a <strong>Spinoza<\/strong>, es la Seguridad, el Estado, hoy, ha pervertido su naturaleza de manera aberrante.<\/span><\/p>\n<p>&nbsp;<\/p>\n<blockquote>\n<p style=\"text-align: center;\"><span style=\"color: #008000;\"><a style=\"color: #008000;\" href=\"https:\/\/puntocritico.com\/ausajpuntocritico\/2020\/08\/31\/llanuto-2\/\"><span style=\"font-size: 14pt;\"><b><i>REALIDAD<\/i><\/b><\/span><\/a><\/span><\/p>\n<p style=\"text-align: center;\"><span style=\"font-size: 14pt; color: #008000;\"><b><i><em>As\u00ed llamamos a aquello, cuya irrefutable cualidad, si bien creemos proviene de una directa percepci\u00f3n propia, en verdad obedece a un dise\u00f1o establecido en base a convenciones, de las que emanan mir\u00edadas de conceptos vac\u00edos de contenido real, trenzados tal que la malla del gallinero dentro del cual nuestras mentes se hallan prisioneras<\/em>.\u00a0<\/i><\/b><\/span><\/p>\n<p style=\"text-align: center;\"><span style=\"color: #008000;\"><strong><em><span style=\"font-size: 14pt;\">Ellos crean el vac\u00edo preciso, el adecuado a aquello con que lo pretenden llenar, y triunfan, pues consentimos en dejarles traspasar el umbral de la identidad.\u00a0Rendidos a sus falsos halagos, llenamos con ego el espacio usurpado, y adquirimos la certeza de necesitarles, tanto como un yonki a su camello, pues brindan una identidad con la que pasearse por un mundo expresamente dise\u00f1ado para darle cabida.<\/span><\/em><\/strong><\/span><\/p>\n<p style=\"text-align: center;\"><span style=\"color: #008000;\"><strong><em><span style=\"font-size: 14pt;\">Sin esa identidad adquirida, carecer\u00edamos de motivo para seguir existiendo, o lo har\u00edamos en un mundo sin ninguna garant\u00eda de ning\u00fan tipo.\u00a0<\/span><\/em><\/strong><\/span><\/p>\n<\/blockquote>\n<p style=\"text-align: justify;\">\u00a0<\/p>\n<p style=\"text-align: justify;\"><span style=\"font-size: 14pt;\">Respetando profundamente sus convicciones Cat\u00f3licas, al igual que somos respetuosos con cualquier otra convicci\u00f3n Religiosa, personalmente, rechazo formar parte de cualquier religi\u00f3n organizada; no necesito intermediarios para relacionarme con el Infinito; formo parte de \u00c9l. <\/span><\/p>\n<p style=\"text-align: justify;\"><span style=\"font-size: 14pt;\">Sin embargo, lo que han venido a denominar \u00ab<em>Nueva Pol\u00edtica<\/em>\u00ab, no es m\u00e1s que una nueva Religi\u00f3n, una suerte de <strong>Religi\u00f3n<\/strong> <strong>Civil<\/strong>, que viene a destruir los logros de la Ilustraci\u00f3n, conduci\u00e9ndonos, mediante la ignorancia y la manipulaci\u00f3n de nuestras emociones, a la irracionalidad y al Caos. <\/span><\/p>\n<p style=\"text-align: justify;\"><span style=\"font-size: 14pt;\">Caos hacia el que nos dirigimos creyendo avanzar hacia la Libertad, que intentamos alcanzar responsabilizando de nuestras acciones u omisiones a los dem\u00e1s. Sin tener en cuenta que la verdadera Libertad exige Responsabilidad al individuo. <\/span><\/p>\n<p style=\"text-align: justify;\"><span style=\"font-size: 14pt;\">Una Nueva Religi\u00f3n con sus pecados originales (<em>la masculinidad<\/em>), sus Dogmas (<em>la Ignorancia y el miedo<\/em>), sus Textos Sagrados (<em>los Medios de Comunicaci\u00f3n y Redes Sociales<\/em>) y su Mes\u00edas, lo que supone la necesidad de alumbrar \u00ab<em>Nuevos<\/em> <em>Misterios<\/em>\u00ab. <\/span><\/p>\n<p style=\"text-align: justify;\"><span style=\"font-size: 14pt;\">Una Nueva Religi\u00f3n que agrupar\u00eda a la Sociedad alrededor de su nueva centralidad, que ser\u00e1 a la vez Legal, Moral y \u00c9tica, acabando con toda distinci\u00f3n.<\/span><\/p>\n<p style=\"text-align: justify;\"><span style=\"font-size: 14pt;\">En cuanto a sus convicciones Cat\u00f3licas, sin querer entrometerme en su intimidad, por la informaci\u00f3n de que dispongo, muy limitada, dir\u00eda que estamos ante\u00a0 una convicciones propias de la Derecha Cat\u00f3lica y Liberal, permeada en sus tradiciones por un Feminismo de corte cl\u00e1sico, una inclusividad respetuosa con el Derecho a la Igualdad y la No Discriminaci\u00f3n, una clara predisposici\u00f3n a favor del m\u00e9rito y la capacidad como principio rector de su actuaci\u00f3n.\u00a0<\/span><\/p>\n<p style=\"text-align: justify;\"><span style=\"font-size: 14pt;\">A la vez, queremos <strong>darle el merecido reconocimiento a su decidida apuesta a favor de la efectividad de los Derechos Humanos<\/strong>, que ha llevado a su l\u00edmite superior con los <strong>Recursos de Amparo que formul\u00f3 contra los Estados de Alarma<\/strong> durante la <strong>Pandemia<\/strong>. Que, adem\u00e1s, resultar\u00edan ambos <strong>estimados por<\/strong><\/span><span style=\"font-size: 14pt;\"> <a href=\"https:\/\/www.boe.es\/buscar\/doc.php?id=BOE-A-2021-19512\" target=\"_blank\" rel=\"noopener\">Sentencia 183\/2021 (Pleno), de 27 de octubre de 2021<\/a> y<\/span><span style=\"font-size: 14pt;\"><a href=\"https:\/\/www.boe.es\/buscar\/doc.php?id=BOE-A-2021-13032\" target=\"_blank\" rel=\"noopener\"> Sentencia 148\/2021 (Pleno), de 14 de julio de 2021<\/a>, respectivamente<\/span><span style=\"font-size: 14pt;\">, dando visi\u00f3n clara de la verdadera catadura moral de quienes ocupan nuestras instituciones, y la vergonzosa ausencia de consecuencias de sus actos de Gobierno y Legislativos a favor de los ciudadanos, sus v\u00edctimas (<em>adem\u00e1s de la habitual <a href=\"https:\/\/puntocritico.com\/ausajpuntocritico\/2021\/04\/22\/corrupcion-judicial-el-iuez-si-iudga-tuerto-tolero-una-republica-corrompida-que-asegure-los-derechos-de-los-ciudadanos-pero-jamas-aceptare-una-dictadura-sin-ning\/\">Inmunidad -cada vez menos enmascarada- de la Judicatura<\/a><\/em>).<\/span><\/p>\n<p style=\"text-align: justify;\"><span style=\"font-size: 14pt;\">Compartimos un mismo inter\u00e9s esencial: la defensa de los Derechos Humanos y de la <strong>Constituci\u00f3n<\/strong>, incluido el <strong>T\u00edtulo<\/strong> relativo a \u00ab<em><strong>La Reforma Constitucional<\/strong><\/em>\u00bb que, por cierto, <a href=\"https:\/\/puntocritico.com\/ausajpuntocritico\/2020\/06\/02\/ejecutados-en-indefension-parte-ii-stc-pleno-no-14-1992-de-10-de-febrero-por-jesus-diaz-formoso-republicado\/\">no habilita a tal efecto a la interpretaci\u00f3n que pueda efectuar el Tribunal Constitucional<\/a>, diga lo que diga \u00e9ste.<\/span><\/p>\n<p>&nbsp;<\/p>\n<blockquote>\n<p style=\"text-align: center;\"><span style=\"color: #008000;\"><strong><span style=\"font-size: 14pt;\">\u00ab\u00bfPor qu\u00e9 saciar el hambre y la sed va a ser m\u00e1s decente que desechar la melancol\u00eda? Tal es mi regla, \u00a0y as\u00ed est\u00e1 dispuesto mi \u00e1nimo. Ning\u00fan ser divino, ni nadie que no sea un envidioso, puede deleitarse con mi impotencia y mi desgracia, ni tener por virtuosos las l\u00e1grimas, los sollozos, el miedo y otras cosas por el estilo, que son se\u00f1ales de un \u00e1nimo impotente. Muy al contrario: cuanto mayor es la alegr\u00eda que nos afecta, tanto mayor es la perfecci\u00f3n a la que pasamos, es decir, tanto m\u00e1s participamos necesariamente de la naturaleza divina\u00bb. <\/span><\/strong><\/span><\/p>\n<p style=\"text-align: center;\"><span style=\"color: #008000;\"><strong><span style=\"font-size: 14pt;\">\u201cQuien quiere vengar las ofensas mediante un odio rec\u00edproco vive, sin duda, miserablemente. Quien, por el contrario, procura vencer el odio con el amor lucha con alegr\u00eda y confianza, resiste con igual facilidad a muchos hombres que a uno solo, y apenas necesita la ayuda de la suerte. Si vence, sus vencidos est\u00e1n alegres, pues su derrota se produce no por defecto de fuerza, sino por aumento de ella\u201d.<\/span><\/strong><\/span><\/p>\n<p style=\"text-align: center;\"><strong><span style=\"color: #008000; font-size: 14pt;\">\u00abLa envidia, la irrisi\u00f3n, el desprecio, la ira, la venganza y los restantes afectos que se remiten al odio o nacen de \u00e9l son malos. Todo lo que apetecemos en virtud del odio que nos afecta es deshonesto y en el Estado es injusto\u00bb.<\/span><\/strong><\/p>\n<p style=\"text-align: center;\"><span style=\"color: #008000;\"><strong><span style=\"font-size: 14pt;\"><a style=\"color: #008000;\" href=\"https:\/\/puntocritico.com\/ausajpuntocritico\/2022\/01\/14\/la-sabiduria-del-amor-la-alegria-y-el-placer-por-baruch-de-spinoza-3\/\">Spinoza<\/a><\/span><\/strong><\/span><\/p>\n<\/blockquote>\n<p>&nbsp;<\/p>\n<p style=\"text-align: justify;\"><span style=\"font-size: 14pt;\">La Nueva Pol\u00edtica, tambi\u00e9n denominada \u00ab<em><strong>Guerra de cuarta generaci\u00f3n<\/strong><\/em>\u00bb o <strong>\u00ab<a href=\"https:\/\/puntocritico.com\/ausajpuntocritico\/2022\/07\/06\/la-amenaza-hibrida\/\">Guerra H\u00edbrida<\/a>\u00ab<\/strong>, no se dirige a buscar la felicidad; al contrario, pretende dividir, separar hasta el enfrentamiento violento al cuerpo social, a fin de debilitarlo y poder seguir explot\u00e1ndolo en su beneficio.<\/span><\/p>\n<p style=\"text-align: justify;\"><span style=\"font-size: 14pt;\">En el Discurso que reproducimos, encontramos el mejor homenaje a su breve, pero intensa, actividad pol\u00edtica. Le deseamos lo mejor en el futuro. En todo caso, perder un soldado para ganar un servidor del Estado, siempre es una buena noticia. <\/span><span style=\"font-size: 14pt;\">La vida se abre camino. Veremos por d\u00f3nde siguen sus huellas.<\/span><\/p>\n<p style=\"text-align: justify;\"><span style=\"font-size: 14pt;\">Muchas gracias por haber estado ah\u00ed.<\/span><\/p>\n<p style=\"text-align: justify;\"><span style=\"font-size: 14pt;\">Saludos cordiales,<\/span><\/p>\n<p style=\"text-align: right;\"><span style=\"font-size: 14pt;\">Chus<\/span><\/p>\n<p style=\"text-align: justify;\">\u00a0<\/p>\n<p><img loading=\"lazy\" decoding=\"async\" class=\"aligncenter wp-image-2248441\" src=\"https:\/\/puntocritico.com\/ausajpuntocritico\/wp-content\/uploads\/2022\/05\/OLONA-GLORIA-AL-CNI.png\" alt=\"MACARENA OLONA\" width=\"440\" height=\"330\" data-id=\"2248441\" srcset=\"https:\/\/puntocritico.com\/ausajpuntocritico\/wp-content\/uploads\/2022\/05\/OLONA-GLORIA-AL-CNI.png 542w, https:\/\/puntocritico.com\/ausajpuntocritico\/wp-content\/uploads\/2022\/05\/OLONA-GLORIA-AL-CNI-300x225.png 300w, https:\/\/puntocritico.com\/ausajpuntocritico\/wp-content\/uploads\/2022\/05\/OLONA-GLORIA-AL-CNI-326x245.png 326w, https:\/\/puntocritico.com\/ausajpuntocritico\/wp-content\/uploads\/2022\/05\/OLONA-GLORIA-AL-CNI-80x60.png 80w\" sizes=\"auto, (max-width: 440px) 100vw, 440px\" \/><\/p>\n<p style=\"text-align: center;\"><span style=\"color: #008000;\"><strong><span style=\"font-size: 18pt;\">*******<\/span><\/strong><\/span><\/p>\n<h2 style=\"text-align: justify;\"><span style=\"font-size: 14pt;\"><strong>RELACIONADOS:<\/strong><\/span><\/h2>\n<blockquote class=\"wp-embedded-content\" data-secret=\"5WJtYRF9lf\"><p><a href=\"https:\/\/puntocritico.com\/ausajpuntocritico\/2020\/09\/23\/la-mujer-en-la-dictadura-franquista-cuando-naci-mi-madre-no-podia-contratar-sin-permiso-de-mi-padre\/\">LA MUJER EN LA DICTADURA FRANQUISTA. Cuando nac\u00ed, mi madre no pod\u00eda contratar sin permiso de mi padre.<\/a><\/p><\/blockquote>\n<p><iframe loading=\"lazy\" class=\"wp-embedded-content\" sandbox=\"allow-scripts\" security=\"restricted\" style=\"position: absolute; clip: rect(1px, 1px, 1px, 1px);\" title=\"\u00abLA MUJER EN LA DICTADURA FRANQUISTA. Cuando nac\u00ed, mi madre no pod\u00eda contratar sin permiso de mi padre.\u00bb \u2014 Punto Cr\u00edtico Derechos Humanos\" src=\"https:\/\/puntocritico.com\/ausajpuntocritico\/2020\/09\/23\/la-mujer-en-la-dictadura-franquista-cuando-naci-mi-madre-no-podia-contratar-sin-permiso-de-mi-padre\/embed\/#?secret=WHWiqD972g#?secret=5WJtYRF9lf\" data-secret=\"5WJtYRF9lf\" width=\"500\" height=\"282\" frameborder=\"0\" marginwidth=\"0\" marginheight=\"0\" scrolling=\"no\"><\/iframe><\/p>\n<blockquote class=\"wp-embedded-content\" data-secret=\"UUjMNErsEA\"><p><a href=\"https:\/\/puntocritico.com\/ausajpuntocritico\/2021\/02\/15\/la-democracia-no-puede-subsistir-sin-poderes-intermedios-las-organizaciones-pro-gubernamentales-en-la-nueva-politica-los-ciudadanos-ya-no-eligen-al-gobierno-es-el-gobierno-quien-elige-a-los\/\">LA DEMOCRACIA NO PUEDE SUBSISTIR SIN \u00abPODERES INTERMEDIOS\u00bb: Las Organizaciones PRO Gubernamentales. En la \u00abNueva Pol\u00edtica\u00bb los Ciudadanos ya no eligen al Gobierno; es el Gobierno quien elige a los Ciudadanos. El caso de Lidia Falc\u00f3n<\/a><\/p><\/blockquote>\n<p><iframe loading=\"lazy\" class=\"wp-embedded-content\" sandbox=\"allow-scripts\" security=\"restricted\" style=\"position: absolute; clip: rect(1px, 1px, 1px, 1px);\" title=\"\u00abLA DEMOCRACIA NO PUEDE SUBSISTIR SIN \u00abPODERES INTERMEDIOS\u00bb: Las Organizaciones PRO Gubernamentales. En la \u00abNueva Pol\u00edtica\u00bb los Ciudadanos ya no eligen al Gobierno; es el Gobierno quien elige a los Ciudadanos. El caso de Lidia Falc\u00f3n\u00bb \u2014 Punto Cr\u00edtico Derechos Humanos\" src=\"https:\/\/puntocritico.com\/ausajpuntocritico\/2021\/02\/15\/la-democracia-no-puede-subsistir-sin-poderes-intermedios-las-organizaciones-pro-gubernamentales-en-la-nueva-politica-los-ciudadanos-ya-no-eligen-al-gobierno-es-el-gobierno-quien-elige-a-los\/embed\/#?secret=770ZgqwfOV#?secret=UUjMNErsEA\" data-secret=\"UUjMNErsEA\" width=\"500\" height=\"282\" frameborder=\"0\" marginwidth=\"0\" marginheight=\"0\" scrolling=\"no\"><\/iframe><\/p>\n<blockquote class=\"wp-embedded-content\" data-secret=\"TrQYLttpBx\"><p><a href=\"https:\/\/puntocritico.com\/ausajpuntocritico\/2020\/07\/02\/sororidad-y-totalitarismo-del-dia-en-que-me-quise-solidarizar-y-me-hicieron-prisionero-de-guerra\/\">SORORIDAD Y TOTALITARISMO: \u00abDel d\u00eda en que me quise solidarizar y me hicieron prisionero de guerra\u00bb<\/a><\/p><\/blockquote>\n<p><iframe loading=\"lazy\" class=\"wp-embedded-content\" sandbox=\"allow-scripts\" security=\"restricted\" style=\"position: absolute; clip: rect(1px, 1px, 1px, 1px);\" title=\"\u00abSORORIDAD Y TOTALITARISMO: \u00abDel d\u00eda en que me quise solidarizar y me hicieron prisionero de guerra\u00bb\u00bb \u2014 Punto Cr\u00edtico Derechos Humanos\" src=\"https:\/\/puntocritico.com\/ausajpuntocritico\/2020\/07\/02\/sororidad-y-totalitarismo-del-dia-en-que-me-quise-solidarizar-y-me-hicieron-prisionero-de-guerra\/embed\/#?secret=nt6NddAEav#?secret=TrQYLttpBx\" data-secret=\"TrQYLttpBx\" width=\"500\" height=\"282\" frameborder=\"0\" marginwidth=\"0\" marginheight=\"0\" scrolling=\"no\"><\/iframe><\/p>\n<blockquote class=\"wp-embedded-content\" data-secret=\"D1AlarahCX\"><p><a href=\"https:\/\/puntocritico.com\/ausajpuntocritico\/2022\/03\/08\/despedida-las-campanas-doblan-por-ti\/\">\u00abLAS CAMPANAS DOBLAN POR TI\u00bb. Licencia para matar &#8230; hombres dormidos: La Alevos\u00eda como Circunstancia Eximente de la Responsabilidad Criminal de las mujeres.<\/a><\/p><\/blockquote>\n<p><iframe loading=\"lazy\" class=\"wp-embedded-content\" sandbox=\"allow-scripts\" security=\"restricted\" style=\"position: absolute; clip: rect(1px, 1px, 1px, 1px);\" title=\"\u00ab\u00abLAS CAMPANAS DOBLAN POR TI\u00bb. Licencia para matar &#8230; hombres dormidos: La Alevos\u00eda como Circunstancia Eximente de la Responsabilidad Criminal de las mujeres.\u00bb \u2014 Punto Cr\u00edtico Derechos Humanos\" src=\"https:\/\/puntocritico.com\/ausajpuntocritico\/2022\/03\/08\/despedida-las-campanas-doblan-por-ti\/embed\/#?secret=89zNU2CR0Y#?secret=D1AlarahCX\" data-secret=\"D1AlarahCX\" width=\"500\" height=\"282\" frameborder=\"0\" marginwidth=\"0\" marginheight=\"0\" scrolling=\"no\"><\/iframe><\/p>\n<blockquote class=\"wp-embedded-content\" data-secret=\"1Bud5bjv20\"><p><a href=\"https:\/\/puntocritico.com\/ausajpuntocritico\/2021\/11\/04\/temporeras-contra-la-esclavitud-analisis-de-los-informes-de-la-inspeccion-de-trabajo-en-la-demanda-de-amparo-constitucional\/\">TEMPORERAS CONTRA LA ESCLAVITUD: AN\u00c1LISIS DE LOS INFORMES DE LA INSPECCI\u00d3N DE TRABAJO EN LA DEMANDA DE AMPARO CONSTITUCIONAL<\/a><\/p><\/blockquote>\n<p><iframe loading=\"lazy\" class=\"wp-embedded-content\" sandbox=\"allow-scripts\" security=\"restricted\" style=\"position: absolute; clip: rect(1px, 1px, 1px, 1px);\" title=\"\u00abTEMPORERAS CONTRA LA ESCLAVITUD: AN\u00c1LISIS DE LOS INFORMES DE LA INSPECCI\u00d3N DE TRABAJO EN LA DEMANDA DE AMPARO CONSTITUCIONAL\u00bb \u2014 Punto Cr\u00edtico Derechos Humanos\" src=\"https:\/\/puntocritico.com\/ausajpuntocritico\/2021\/11\/04\/temporeras-contra-la-esclavitud-analisis-de-los-informes-de-la-inspeccion-de-trabajo-en-la-demanda-de-amparo-constitucional\/embed\/#?secret=nsbqHg2Pa8#?secret=1Bud5bjv20\" data-secret=\"1Bud5bjv20\" width=\"500\" height=\"282\" frameborder=\"0\" marginwidth=\"0\" marginheight=\"0\" scrolling=\"no\"><\/iframe><\/p>\n<blockquote class=\"wp-embedded-content\" data-secret=\"Y3VKbYWo9i\"><p><a href=\"https:\/\/puntocritico.com\/ausajpuntocritico\/2021\/01\/11\/over-the-rainbow-por-slavoj-zizek\/\">\u00abOVER THE RAINBOW\u00bb, por Slavoj \u017di\u017eek \/\/ \u00ab\u00bfQU\u00c9 PASA CON KANSAS? Como los Ultraconservadores conquistaron el coraz\u00f3n de Estados Unidos\u00bb (Introducci\u00f3n), por Thomas Frank.<\/a><\/p><\/blockquote>\n<p><iframe loading=\"lazy\" class=\"wp-embedded-content\" sandbox=\"allow-scripts\" security=\"restricted\" style=\"position: absolute; clip: rect(1px, 1px, 1px, 1px);\" title=\"\u00ab\u00abOVER THE RAINBOW\u00bb, por Slavoj \u017di\u017eek \/\/ \u00ab\u00bfQU\u00c9 PASA CON KANSAS? Como los Ultraconservadores conquistaron el coraz\u00f3n de Estados Unidos\u00bb (Introducci\u00f3n), por Thomas Frank.\u00bb \u2014 Punto Cr\u00edtico Derechos Humanos\" src=\"https:\/\/puntocritico.com\/ausajpuntocritico\/2021\/01\/11\/over-the-rainbow-por-slavoj-zizek\/embed\/#?secret=clDbUrNTZf#?secret=Y3VKbYWo9i\" data-secret=\"Y3VKbYWo9i\" width=\"500\" height=\"282\" frameborder=\"0\" marginwidth=\"0\" marginheight=\"0\" scrolling=\"no\"><\/iframe><\/p>\n<blockquote class=\"wp-embedded-content\" data-secret=\"tGK6KQS54v\"><p><a href=\"https:\/\/puntocritico.com\/ausajpuntocritico\/2020\/08\/31\/llanuto-2\/\">\u00abIT&#8217;S JUST A RIDE\u00bb: \u00abEl desapego\u00bb, por BILL HICKS; \u00abNo somos los primeros esclavos, pero s\u00ed los primeros que ignoramos serlo por completo\u00bb, por LLANUTO<\/a><\/p><\/blockquote>\n<p><iframe loading=\"lazy\" class=\"wp-embedded-content\" sandbox=\"allow-scripts\" security=\"restricted\" style=\"position: absolute; clip: rect(1px, 1px, 1px, 1px);\" title=\"\u00ab\u00abIT&#8217;S JUST A RIDE\u00bb: \u00abEl desapego\u00bb, por BILL HICKS; \u00abNo somos los primeros esclavos, pero s\u00ed los primeros que ignoramos serlo por completo\u00bb, por LLANUTO\u00bb \u2014 Punto Cr\u00edtico Derechos Humanos\" src=\"https:\/\/puntocritico.com\/ausajpuntocritico\/2020\/08\/31\/llanuto-2\/embed\/#?secret=WDncsS44zu#?secret=tGK6KQS54v\" data-secret=\"tGK6KQS54v\" width=\"500\" height=\"282\" frameborder=\"0\" marginwidth=\"0\" marginheight=\"0\" scrolling=\"no\"><\/iframe><\/p>\n<blockquote class=\"wp-embedded-content\" data-secret=\"v8LKvdirzy\"><p><a href=\"https:\/\/puntocritico.com\/ausajpuntocritico\/2021\/12\/15\/es-la-ideologia-de-genero-estupido\/\">ES LA IDEOLOG\u00cdA DE G\u00c9NERO, EST\u00daPIDO! (parafraseando a Bill)<\/a><\/p><\/blockquote>\n<p><iframe loading=\"lazy\" class=\"wp-embedded-content\" sandbox=\"allow-scripts\" security=\"restricted\" style=\"position: absolute; clip: rect(1px, 1px, 1px, 1px);\" title=\"\u00abES LA IDEOLOG\u00cdA DE G\u00c9NERO, EST\u00daPIDO! (parafraseando a Bill)\u00bb \u2014 Punto Cr\u00edtico Derechos Humanos\" src=\"https:\/\/puntocritico.com\/ausajpuntocritico\/2021\/12\/15\/es-la-ideologia-de-genero-estupido\/embed\/#?secret=QmLUZzK21I#?secret=v8LKvdirzy\" data-secret=\"v8LKvdirzy\" width=\"500\" height=\"282\" frameborder=\"0\" marginwidth=\"0\" marginheight=\"0\" scrolling=\"no\"><\/iframe><\/p>\n<blockquote class=\"wp-embedded-content\" data-secret=\"lRPmlDpRdo\"><p><a href=\"https:\/\/puntocritico.com\/ausajpuntocritico\/2020\/06\/30\/son-los-hechos-y-no-la-ideologia-quienes-determinan-la-realidad-entrevista-a-jordan-peterson-el-feminismo-no-igualitario-la-ideologia-de-genero-y-sus-consecuencias-2\/\">SON LOS HECHOS, Y NO LA IDEOLOG\u00cdA, QUIENES DETERMINAN LA REALIDAD \/\/ Entrevista a Jordan Peterson \/\/ \u00abEl feminismo no igualitario, la ideolog\u00eda de g\u00e9nero y sus consecuencias\u00bb<\/a><\/p><\/blockquote>\n<p><iframe loading=\"lazy\" class=\"wp-embedded-content\" sandbox=\"allow-scripts\" security=\"restricted\" style=\"position: absolute; clip: rect(1px, 1px, 1px, 1px);\" title=\"\u00abSON LOS HECHOS, Y NO LA IDEOLOG\u00cdA, QUIENES DETERMINAN LA REALIDAD \/\/ Entrevista a Jordan Peterson \/\/ \u00abEl feminismo no igualitario, la ideolog\u00eda de g\u00e9nero y sus consecuencias\u00bb\u00bb \u2014 Punto Cr\u00edtico Derechos Humanos\" src=\"https:\/\/puntocritico.com\/ausajpuntocritico\/2020\/06\/30\/son-los-hechos-y-no-la-ideologia-quienes-determinan-la-realidad-entrevista-a-jordan-peterson-el-feminismo-no-igualitario-la-ideologia-de-genero-y-sus-consecuencias-2\/embed\/#?secret=6ImQyDOMVE#?secret=lRPmlDpRdo\" data-secret=\"lRPmlDpRdo\" width=\"500\" height=\"282\" frameborder=\"0\" marginwidth=\"0\" marginheight=\"0\" scrolling=\"no\"><\/iframe><\/p>\n<p>&nbsp;<\/p>\n<blockquote class=\"wp-embedded-content\" data-secret=\"eyHGhS8IMH\"><p><a href=\"https:\/\/puntocritico.com\/ausajpuntocritico\/2019\/06\/17\/feminismo-radical-i-catharine-mackinnon-fundamentos-del-feminismo-radical-por-tasia-aranguez\/\">FEMINISMO RADICAL I: \u00abCatharine MacKinnon. Fundamentos del feminismo radical\u00bb, por Tasia Ar\u00e1nguez<\/a><\/p><\/blockquote>\n<p><iframe loading=\"lazy\" class=\"wp-embedded-content\" sandbox=\"allow-scripts\" security=\"restricted\" style=\"position: absolute; clip: rect(1px, 1px, 1px, 1px);\" title=\"\u00abFEMINISMO RADICAL I: \u00abCatharine MacKinnon. Fundamentos del feminismo radical\u00bb, por Tasia Ar\u00e1nguez\u00bb \u2014 Punto Cr\u00edtico Derechos Humanos\" src=\"https:\/\/puntocritico.com\/ausajpuntocritico\/2019\/06\/17\/feminismo-radical-i-catharine-mackinnon-fundamentos-del-feminismo-radical-por-tasia-aranguez\/embed\/#?secret=pjzED3YIQn#?secret=eyHGhS8IMH\" data-secret=\"eyHGhS8IMH\" width=\"500\" height=\"282\" frameborder=\"0\" marginwidth=\"0\" marginheight=\"0\" scrolling=\"no\"><\/iframe><\/p>\n<blockquote class=\"wp-embedded-content\" data-secret=\"52c5sTidKE\"><p><a href=\"https:\/\/puntocritico.com\/ausajpuntocritico\/2019\/06\/18\/feminismo-radical-ii-lo-personal-es-politico-la-educacion-para-la-ciudadania-por-jesus-trillo-figueroa-2007\/\">FEMINISMO RADICAL II: \u00abLo personal es pol\u00edtico: la educaci\u00f3n para la ciudadan\u00eda\u00bb, por Jes\u00fas Trillo-Figueroa (FAES, 2007)<\/a><\/p><\/blockquote>\n<p><iframe loading=\"lazy\" class=\"wp-embedded-content\" sandbox=\"allow-scripts\" security=\"restricted\" style=\"position: absolute; clip: rect(1px, 1px, 1px, 1px);\" title=\"\u00abFEMINISMO RADICAL II: \u00abLo personal es pol\u00edtico: la educaci\u00f3n para la ciudadan\u00eda\u00bb, por Jes\u00fas Trillo-Figueroa (FAES, 2007)\u00bb \u2014 Punto Cr\u00edtico Derechos Humanos\" src=\"https:\/\/puntocritico.com\/ausajpuntocritico\/2019\/06\/18\/feminismo-radical-ii-lo-personal-es-politico-la-educacion-para-la-ciudadania-por-jesus-trillo-figueroa-2007\/embed\/#?secret=qPkU3PW429#?secret=52c5sTidKE\" data-secret=\"52c5sTidKE\" width=\"500\" height=\"282\" frameborder=\"0\" marginwidth=\"0\" marginheight=\"0\" scrolling=\"no\"><\/iframe><\/p>\n<blockquote class=\"wp-embedded-content\" data-secret=\"MeE2vD5CSO\"><p><a href=\"https:\/\/puntocritico.com\/ausajpuntocritico\/2019\/06\/19\/feminismo-radical-iii-feminismo-misterico\/\">FEMINISMO RADICAL III: Feminismo Mist\u00e9rico<\/a><\/p><\/blockquote>\n<p><iframe loading=\"lazy\" class=\"wp-embedded-content\" sandbox=\"allow-scripts\" security=\"restricted\" style=\"position: absolute; clip: rect(1px, 1px, 1px, 1px);\" title=\"\u00abFEMINISMO RADICAL III: Feminismo Mist\u00e9rico\u00bb \u2014 Punto Cr\u00edtico Derechos Humanos\" src=\"https:\/\/puntocritico.com\/ausajpuntocritico\/2019\/06\/19\/feminismo-radical-iii-feminismo-misterico\/embed\/#?secret=vp6P9rMr9B#?secret=MeE2vD5CSO\" data-secret=\"MeE2vD5CSO\" width=\"500\" height=\"282\" frameborder=\"0\" marginwidth=\"0\" marginheight=\"0\" scrolling=\"no\"><\/iframe><\/p>\n<blockquote class=\"wp-embedded-content\" data-secret=\"70tZEzgv0T\"><p><a href=\"https:\/\/puntocritico.com\/ausajpuntocritico\/2018\/05\/15\/feminismo-neoliberal-ya-y-pajaritos-prenados-huelva-esclavitud-sexual-en-los-campos-de-fresas\/\">\u00bfFEMINISMO NEOLIBERAL? Ya; y pajaritos pre\u00f1ados \/\/ Huelva: esclavitud laboral y sexual en los campos de Fresas<\/a><\/p><\/blockquote>\n<p><iframe loading=\"lazy\" class=\"wp-embedded-content\" sandbox=\"allow-scripts\" security=\"restricted\" style=\"position: absolute; clip: rect(1px, 1px, 1px, 1px);\" title=\"\u00ab\u00bfFEMINISMO NEOLIBERAL? Ya; y pajaritos pre\u00f1ados \/\/ Huelva: esclavitud laboral y sexual en los campos de Fresas\u00bb \u2014 Punto Cr\u00edtico Derechos Humanos\" src=\"https:\/\/puntocritico.com\/ausajpuntocritico\/2018\/05\/15\/feminismo-neoliberal-ya-y-pajaritos-prenados-huelva-esclavitud-sexual-en-los-campos-de-fresas\/embed\/#?secret=LmeXkHNyq6#?secret=70tZEzgv0T\" data-secret=\"70tZEzgv0T\" width=\"500\" height=\"282\" frameborder=\"0\" marginwidth=\"0\" marginheight=\"0\" scrolling=\"no\"><\/iframe><\/p>\n<blockquote class=\"wp-embedded-content\" data-secret=\"uYbOmGaf9U\"><p><a href=\"https:\/\/puntocritico.com\/ausajpuntocritico\/2020\/02\/20\/camille-paglia-el-resentimiento-contra-los-hombres-que-ensena-el-feminismo-moderno-es-puro-veneno\/\">Camille Paglia: \u00abEl resentimiento contra los hombres que ense\u00f1a el feminismo moderno es puro veneno\u00bb<\/a><\/p><\/blockquote>\n<p><iframe loading=\"lazy\" class=\"wp-embedded-content\" sandbox=\"allow-scripts\" security=\"restricted\" style=\"position: absolute; clip: rect(1px, 1px, 1px, 1px);\" title=\"\u00abCamille Paglia: \u00abEl resentimiento contra los hombres que ense\u00f1a el feminismo moderno es puro veneno\u00bb\u00bb \u2014 Punto Cr\u00edtico Derechos Humanos\" src=\"https:\/\/puntocritico.com\/ausajpuntocritico\/2020\/02\/20\/camille-paglia-el-resentimiento-contra-los-hombres-que-ensena-el-feminismo-moderno-es-puro-veneno\/embed\/#?secret=SX4Cr6mHrt#?secret=uYbOmGaf9U\" data-secret=\"uYbOmGaf9U\" width=\"500\" height=\"282\" frameborder=\"0\" marginwidth=\"0\" marginheight=\"0\" scrolling=\"no\"><\/iframe><\/p>\n<blockquote class=\"wp-embedded-content\" data-secret=\"t32TjikK5a\"><p><a href=\"https:\/\/puntocritico.com\/ausajpuntocritico\/2017\/09\/19\/la-violencia-de-genero-vista-por-dos-juristas-honestos\/\">LA VIOLENCIA DE G\u00c9NERO VISTA POR DOS JURISTAS HONESTOS<\/a><\/p><\/blockquote>\n<p><iframe loading=\"lazy\" class=\"wp-embedded-content\" sandbox=\"allow-scripts\" security=\"restricted\" style=\"position: absolute; clip: rect(1px, 1px, 1px, 1px);\" title=\"\u00abLA VIOLENCIA DE G\u00c9NERO VISTA POR DOS JURISTAS HONESTOS\u00bb \u2014 Punto Cr\u00edtico Derechos Humanos\" src=\"https:\/\/puntocritico.com\/ausajpuntocritico\/2017\/09\/19\/la-violencia-de-genero-vista-por-dos-juristas-honestos\/embed\/#?secret=pMBaP36Npv#?secret=t32TjikK5a\" data-secret=\"t32TjikK5a\" width=\"500\" height=\"282\" frameborder=\"0\" marginwidth=\"0\" marginheight=\"0\" scrolling=\"no\"><\/iframe><\/p>\n<blockquote class=\"wp-embedded-content\" data-secret=\"hwVWxLjYng\"><p><a href=\"https:\/\/puntocritico.com\/ausajpuntocritico\/2019\/03\/26\/violencia-de-genero-y-presuncion-de-inocencia\/\">Violencia de G\u00e9nero y Presunci\u00f3n de Inocencia<\/a><\/p><\/blockquote>\n<p><iframe loading=\"lazy\" class=\"wp-embedded-content\" sandbox=\"allow-scripts\" security=\"restricted\" style=\"position: absolute; clip: rect(1px, 1px, 1px, 1px);\" title=\"\u00abViolencia de G\u00e9nero y Presunci\u00f3n de Inocencia\u00bb \u2014 Punto Cr\u00edtico Derechos Humanos\" src=\"https:\/\/puntocritico.com\/ausajpuntocritico\/2019\/03\/26\/violencia-de-genero-y-presuncion-de-inocencia\/embed\/#?secret=rxlLjdQf9f#?secret=hwVWxLjYng\" data-secret=\"hwVWxLjYng\" width=\"500\" height=\"282\" frameborder=\"0\" marginwidth=\"0\" marginheight=\"0\" scrolling=\"no\"><\/iframe><\/p>\n<blockquote class=\"wp-embedded-content\" data-secret=\"bskAqqRWcI\"><p><a href=\"https:\/\/puntocritico.com\/ausajpuntocritico\/2019\/04\/01\/poder-judicial-y-perspectiva-de-genero\/\">PODER JUDICIAL Y PERSPECTIVA DE G\u00c9NERO<\/a><\/p><\/blockquote>\n<p><iframe loading=\"lazy\" class=\"wp-embedded-content\" sandbox=\"allow-scripts\" security=\"restricted\" style=\"position: absolute; clip: rect(1px, 1px, 1px, 1px);\" title=\"\u00abPODER JUDICIAL Y PERSPECTIVA DE G\u00c9NERO\u00bb \u2014 Punto Cr\u00edtico Derechos Humanos\" src=\"https:\/\/puntocritico.com\/ausajpuntocritico\/2019\/04\/01\/poder-judicial-y-perspectiva-de-genero\/embed\/#?secret=o3qGogHBjU#?secret=bskAqqRWcI\" data-secret=\"bskAqqRWcI\" width=\"500\" height=\"282\" frameborder=\"0\" marginwidth=\"0\" marginheight=\"0\" scrolling=\"no\"><\/iframe><\/p>\n<blockquote class=\"wp-embedded-content\" data-secret=\"nPHTNQxzaD\"><p><a href=\"https:\/\/puntocritico.com\/ausajpuntocritico\/2018\/11\/19\/viaje-al-corazon-de-las-tinieblas-de-la-violencia-domestica-republicado\/\">Viaje al coraz\u00f3n de las tinieblas de la violencia dom\u00e9stica &#8211; republicado<\/a><\/p><\/blockquote>\n<p><iframe loading=\"lazy\" class=\"wp-embedded-content\" sandbox=\"allow-scripts\" security=\"restricted\" style=\"position: absolute; clip: rect(1px, 1px, 1px, 1px);\" title=\"\u00abViaje al coraz\u00f3n de las tinieblas de la violencia dom\u00e9stica &#8211; republicado\u00bb \u2014 Punto Cr\u00edtico Derechos Humanos\" src=\"https:\/\/puntocritico.com\/ausajpuntocritico\/2018\/11\/19\/viaje-al-corazon-de-las-tinieblas-de-la-violencia-domestica-republicado\/embed\/#?secret=A2nsfOah3s#?secret=nPHTNQxzaD\" data-secret=\"nPHTNQxzaD\" width=\"500\" height=\"282\" frameborder=\"0\" marginwidth=\"0\" marginheight=\"0\" scrolling=\"no\"><\/iframe><\/p>\n<p>&nbsp;<\/p>\n<p>&nbsp;<\/p>\n<p><a href=\"https:\/\/puntocritico.com\/ausajpuntocritico\/author\/punto-critico\/\"><img loading=\"lazy\" decoding=\"async\" class=\"aligncenter wp-image-9528\" src=\"https:\/\/puntocritico.com\/ausajpuntocritico\/wp-content\/uploads\/2018\/03\/Mosca_Punto_Cr\u00edtico_40.png\" alt=\"\" width=\"80\" height=\"80\" data-id=\"9528\" \/><\/a><\/p>\n<p>&nbsp;<\/p>\n<p><!--more--><\/p>\n","protected":false},"excerpt":{"rendered":"<div class=\"mh-excerpt\"><p>MACARENA OLONA: EL FEMINISMO QUE TENEMOS EN COM\u00daN \u00a0 \u00abGarantizar la Igualdad ante la Ley\u00bb Sesi\u00f3n de Control al Gobierno en el Congreso Intervenci\u00f3n de la Portavoz de VOX, Do\u00f1a Macarena Olona \u00a0 FEMINISMO ES <a class=\"mh-excerpt-more\" href=\"https:\/\/puntocritico.com\/ausajpuntocritico\/2022\/07\/30\/macarena-olona\/\" title=\"HOMENAJE A MACARENA OLONA: EL FEMINISMO QUE TENEMOS EN COM\u00daN (Intervenci\u00f3n en el Congreso: \u00abGarantizar la Igualdad ante la Ley\u00bb)\">[&#8230;]<\/a><\/p>\n<\/div>","protected":false},"author":3,"featured_media":2249462,"comment_status":"open","ping_status":"closed","sticky":false,"template":"","format":"standard","meta":{"_acf_changed":false,"_exactmetrics_skip_tracking":false,"_exactmetrics_sitenote_active":false,"_exactmetrics_sitenote_note":"","_exactmetrics_sitenote_category":0,"footnotes":""},"categories":[7],"tags":[],"class_list":{"0":"post-2253415","1":"post","2":"type-post","3":"status-publish","4":"format-standard","5":"has-post-thumbnail","7":"category-politica"},"acf":[],"_links":{"self":[{"href":"https:\/\/puntocritico.com\/ausajpuntocritico\/wp-json\/wp\/v2\/posts\/2253415","targetHints":{"allow":["GET"]}}],"collection":[{"href":"https:\/\/puntocritico.com\/ausajpuntocritico\/wp-json\/wp\/v2\/posts"}],"about":[{"href":"https:\/\/puntocritico.com\/ausajpuntocritico\/wp-json\/wp\/v2\/types\/post"}],"author":[{"embeddable":true,"href":"https:\/\/puntocritico.com\/ausajpuntocritico\/wp-json\/wp\/v2\/users\/3"}],"replies":[{"embeddable":true,"href":"https:\/\/puntocritico.com\/ausajpuntocritico\/wp-json\/wp\/v2\/comments?post=2253415"}],"version-history":[{"count":0,"href":"https:\/\/puntocritico.com\/ausajpuntocritico\/wp-json\/wp\/v2\/posts\/2253415\/revisions"}],"wp:featuredmedia":[{"embeddable":true,"href":"https:\/\/puntocritico.com\/ausajpuntocritico\/wp-json\/wp\/v2\/media\/2249462"}],"wp:attachment":[{"href":"https:\/\/puntocritico.com\/ausajpuntocritico\/wp-json\/wp\/v2\/media?parent=2253415"}],"wp:term":[{"taxonomy":"category","embeddable":true,"href":"https:\/\/puntocritico.com\/ausajpuntocritico\/wp-json\/wp\/v2\/categories?post=2253415"},{"taxonomy":"post_tag","embeddable":true,"href":"https:\/\/puntocritico.com\/ausajpuntocritico\/wp-json\/wp\/v2\/tags?post=2253415"}],"curies":[{"name":"wp","href":"https:\/\/api.w.org\/{rel}","templated":true}]}}