{"id":2251727,"date":"2022-07-12T00:05:17","date_gmt":"2022-07-11T22:05:17","guid":{"rendered":"https:\/\/puntocritico.com\/ausajpuntocritico\/?p=2251727"},"modified":"2023-03-05T18:38:01","modified_gmt":"2023-03-05T17:38:01","slug":"cartel-de-constructoras","status":"publish","type":"post","link":"https:\/\/puntocritico.com\/ausajpuntocritico\/2022\/07\/12\/cartel-de-constructoras\/","title":{"rendered":"25 A\u00d1OS DEFRAUDANDO EN LA CONTRATACI\u00d3N P\u00daBLICA: EL C\u00c1RTEL DE CONSTRUCTORAS Y EL R\u00c9GIMEN DEL 78. La transici\u00f3n espa\u00f1ola: El tr\u00e1nsito del Delito al Crimen. Siempre impunes."},"content":{"rendered":"<p style=\"text-align: justify;\"><span style=\"color: #008000; font-size: 14pt;\">25 A\u00d1OS DEFRAUDANDO EN LA CONTRATACI\u00d3N P\u00daBLICA: EL C\u00c1RTEL DE CONSTRUCTORAS<\/span><\/p>\n<p style=\"text-align: justify;\"><span style=\"font-size: 14pt;\"><\/span><\/p>\n<p>&nbsp;<\/p>\n<blockquote>\n<h2 class=\"post-title\" style=\"text-align: center;\"><span style=\"font-size: 24pt;\">La CNMC multa con 203 millones a ACS, Acciona, OHL, FCC, Ferrovial y Sacyr por alterar contratos desde 1992<\/span><\/h2>\n<p class=\"post-subtitle\" style=\"text-align: center;\"><em><strong><span style=\"font-size: 14pt;\">El organismo afirma que se reun\u00edan semanalmente y decid\u00edan los contratos p\u00fablicos en que iban a compartir trabajos t\u00e9cnicos de sus ofertas. Tambi\u00e9n intercambiaban informaci\u00f3n sobre su estrategia<\/span><\/strong><\/em><\/p>\n<p style=\"text-align: justify;\"><span style=\"font-size: 14pt;\">Por Alberto Sanz<\/span><\/p>\n<p style=\"text-align: justify;\"><span style=\"font-size: 14pt;\"><a href=\"https:\/\/www.vozpopuli.com\/economia_y_finanzas\/cnmc-multa-constructoras-acs-acciona-ohl-ferrovial.html\" target=\"_blank\" rel=\"noopener\">Vozpopuli<\/a>, 7 JULIO 2022<\/span><\/p>\n<figure id=\"attachment_2251731\" aria-describedby=\"caption-attachment-2251731\" style=\"width: 678px\" class=\"wp-caption aligncenter\"><img loading=\"lazy\" decoding=\"async\" class=\"wp-image-2251731 size-mh-magazine-content\" src=\"https:\/\/puntocritico.com\/ausajpuntocritico\/wp-content\/uploads\/2022\/07\/montaje-construccion-e1621011205138-1568x881-1-678x381.webp\" alt=\"C\u00c1RTEL DE CONSTRUCTORAS\" width=\"678\" height=\"381\" data-id=\"2251731\" srcset=\"https:\/\/puntocritico.com\/ausajpuntocritico\/wp-content\/uploads\/2022\/07\/montaje-construccion-e1621011205138-1568x881-1-678x381.webp 678w, https:\/\/puntocritico.com\/ausajpuntocritico\/wp-content\/uploads\/2022\/07\/montaje-construccion-e1621011205138-1568x881-1-300x169.webp 300w, https:\/\/puntocritico.com\/ausajpuntocritico\/wp-content\/uploads\/2022\/07\/montaje-construccion-e1621011205138-1568x881-1-1024x575.webp 1024w, https:\/\/puntocritico.com\/ausajpuntocritico\/wp-content\/uploads\/2022\/07\/montaje-construccion-e1621011205138-1568x881-1-768x432.webp 768w, https:\/\/puntocritico.com\/ausajpuntocritico\/wp-content\/uploads\/2022\/07\/montaje-construccion-e1621011205138-1568x881-1-1536x863.webp 1536w, https:\/\/puntocritico.com\/ausajpuntocritico\/wp-content\/uploads\/2022\/07\/montaje-construccion-e1621011205138-1568x881-1-610x343.webp 610w, https:\/\/puntocritico.com\/ausajpuntocritico\/wp-content\/uploads\/2022\/07\/montaje-construccion-e1621011205138-1568x881-1-1320x742.webp 1320w, https:\/\/puntocritico.com\/ausajpuntocritico\/wp-content\/uploads\/2022\/07\/montaje-construccion-e1621011205138-1568x881-1.webp 1568w\" sizes=\"auto, (max-width: 678px) 100vw, 678px\" \/><figcaption id=\"caption-attachment-2251731\" class=\"wp-caption-text\"><span style=\"color: #008000;\">Florentino P\u00e9rez (ACS), Rafael del Pino (Ferrovial), Jos\u00e9 Manuel Entrecanales (Acciona), la familia Villar Mir y los hermanos Amodio (OHL), y Manuel Manrique (Sacyr) &#8211; Clara Rodr\u00edguez<\/span><\/figcaption><\/figure>\n<p>&nbsp;<\/p>\n<p style=\"text-align: justify;\"><span style=\"font-size: 14pt;\">La\u00a0<strong><a href=\"https:\/\/www.vozpopuli.com\/tag\/cnmc\" data-type=\"URL\" data-id=\"https:\/\/www.vozpopuli.com\/tag\/cnmc\" target=\"_blank\" rel=\"noopener\">CNMC\u00a0<\/a><\/strong>impone una multa de 203,6 millones de euros a seis de las principales constructoras espa\u00f1olas.\u00a0<strong>Acciona Construcci\u00f3n, Dragados (Grupo ACS), FCC Construcci\u00f3n, Ferrovial Construcci\u00f3n, Obrasc\u00f3n Huarte Lain (OHL) y Sacyr Construcci\u00f3n<\/strong>\u00a0ha alterado desde 1992, seg\u00fan el organismo, miles de licitaciones p\u00fablicas destinadas a la edificaci\u00f3n y obra civil de infraestructuras<strong>.\u00a0<\/strong><\/span><\/p>\n<p style=\"text-align: justify;\"><span style=\"font-size: 14pt;\">\u00abLas conductas constituyen una infracci\u00f3n muy grave de los art\u00edculos 1 de la Ley 15\/2007, de 3 de julio, de Defensa de la Competencia y 101 del Tratado de Funcionamiento de la Uni\u00f3n Europea\u00bb,\u00a0<strong><a href=\"https:\/\/www.cnmc.es\/expedientes\/s002120\" target=\"_blank\" rel=\"noreferrer noopener\" data-type=\"URL\" data-id=\"https:\/\/www.cnmc.es\/expedientes\/s002120\">ha comunicado este jueves la CNMC<\/a><\/strong>. \u00abEn este caso,<strong>\u00a0se trata de pr\u00e1cticas cuyos efectos han sido especialmente da\u00f1inos para la sociedad, ya que afectaron a miles de concursos convocados por Administraciones P\u00fablicas espa\u00f1olas para la construcci\u00f3n y edificaci\u00f3n de infraestructuras como hospitales, puertos y aeropuertos, carreteras<\/strong>, etc\u00bb, a\u00f1aden.<\/span><\/p>\n<p style=\"text-align: justify;\"><span style=\"font-size: 14pt;\">Entre las AAPP afectadas figuran fundamentalmente las pertenecientes al \u00e1mbito de fomento, incluyendo al\u00a0<strong>Ministerio de Fomento (actual Ministerio de Transportes, Movilidad y Agenda Urbana) junto con sus organismos\u00a0<\/strong>y<strong>\u00a0<\/strong>entidades p\u00fablicas empresariales dependientes.<\/span><\/p>\n<h3 class=\"has-text-align-left\" style=\"text-align: justify;\"><span style=\"font-size: 18pt;\">Modus operandi<\/span><\/h3>\n<p style=\"text-align: justify;\"><span style=\"font-size: 14pt;\">La CNMC apunta que\u00a0<strong>estas empresas se reun\u00edan semanalmente desde 1992 para analizar las licitaciones\u00a0<\/strong>de obra p\u00fablica que se hab\u00edan publicado en diferentes plataformas de contrataci\u00f3n del Estado.<\/span><\/p>\n<div id=\"content-intext-2\" style=\"text-align: justify;\">\n<p><span style=\"font-size: 14pt;\">En las reuniones,<strong>\u00a0las empresas decid\u00edan los concursos en que iban a compartir -entre todas o en un subgrupo- una parte o la totalidad de los trabajos que compondr\u00edan las ofertas t\u00e9cnicas de las licitaciones<\/strong>. Los trabajos se encargaban conjuntamente por los miembros del Grupo a empresas externas.<\/span><\/p>\n<\/div>\n<p style=\"text-align: justify;\">\u00a0<\/p>\n<figure id=\"attachment_2251732\" aria-describedby=\"caption-attachment-2251732\" style=\"width: 678px\" class=\"wp-caption aligncenter\"><img loading=\"lazy\" decoding=\"async\" class=\"wp-image-2251732 size-mh-magazine-content\" src=\"https:\/\/puntocritico.com\/ausajpuntocritico\/wp-content\/uploads\/2022\/07\/Zapatero-Montilla-Villar-AVE-Barcelona_695640471_2771203_1020x574-678x381.webp\" alt=\"\" width=\"678\" height=\"381\" data-id=\"2251732\" srcset=\"https:\/\/puntocritico.com\/ausajpuntocritico\/wp-content\/uploads\/2022\/07\/Zapatero-Montilla-Villar-AVE-Barcelona_695640471_2771203_1020x574-678x381.webp 678w, https:\/\/puntocritico.com\/ausajpuntocritico\/wp-content\/uploads\/2022\/07\/Zapatero-Montilla-Villar-AVE-Barcelona_695640471_2771203_1020x574-300x169.webp 300w, https:\/\/puntocritico.com\/ausajpuntocritico\/wp-content\/uploads\/2022\/07\/Zapatero-Montilla-Villar-AVE-Barcelona_695640471_2771203_1020x574-768x432.webp 768w, https:\/\/puntocritico.com\/ausajpuntocritico\/wp-content\/uploads\/2022\/07\/Zapatero-Montilla-Villar-AVE-Barcelona_695640471_2771203_1020x574-610x343.webp 610w, https:\/\/puntocritico.com\/ausajpuntocritico\/wp-content\/uploads\/2022\/07\/Zapatero-Montilla-Villar-AVE-Barcelona_695640471_2771203_1020x574.webp 1020w\" sizes=\"auto, (max-width: 678px) 100vw, 678px\" \/><figcaption id=\"caption-attachment-2251732\" class=\"wp-caption-text\"><span style=\"color: #008000;\">Zapatero (i), Montilla (d) y Villar Mir (c), visitando las obras del AVE a Barcelona en 2007.<\/span><\/figcaption><\/figure>\n<p style=\"text-align: justify;\">\u00a0<\/p>\n<p style=\"text-align: justify;\"><span style=\"font-size: 14pt;\">Las empresas no pod\u00edan modificar los trabajos generados en conjunto para presentarlos en sus ofertas sin el conocimiento y la aprobaci\u00f3n del resto de miembros del grupo.\u00a0<strong>La \u00fanica personalizaci\u00f3n admitida era la inclusi\u00f3n de logos y denominaciones de cada empresa en el documento conjunto\u00a0<\/strong>para dar a las administraciones una apariencia de independencia en la presentaci\u00f3n de las ofertas.<\/span><\/p>\n<p style=\"text-align: justify;\"><span style=\"font-size: 14pt;\">La CNMC apunta en un ampl\u00edo informe de 164 p\u00e1ginas que las empresas desarrollaron unas complejas normas de funcionamiento que fueron evolucionando durante el tiempo que dur\u00f3 la conducta. Adem\u00e1s, en los encuentros semanales, las empresas intercambiaban informaci\u00f3n comercial sensible (diferente de la necesaria para compartir los trabajos), por ejemplo, su intenci\u00f3n de concurrir o no a licitaciones, o la intenci\u00f3n de formar UTEs (Uni\u00f3n Temporal de Empresas) y los miembros que las integrar\u00edan.<\/span><\/p>\n<h3 class=\"has-text-align-left\" style=\"text-align: justify;\"><span style=\"font-size: 18pt;\"><strong>Acuerdos e<\/strong>n las ofertas t\u00e9cnicas<\/span><\/h3>\n<p style=\"text-align: justify;\"><span style=\"font-size: 14pt;\">En el caso de los contratos de edificaci\u00f3n y obra civil de infraestructuras de inter\u00e9s general (hospitales, carreteras, aeropuertos, etc.) durante el periodo investigado la oferta t\u00e9cnica era en muchas ocasiones la variable competitiva con mayor importancia. Esta llegaba a alcanzar el 70% de la puntuaci\u00f3n del concurso, frente al 30% correspondiente a la puntuaci\u00f3n econ\u00f3mica.<\/span><\/p>\n<p style=\"text-align: justify;\"><span style=\"font-size: 14pt;\">Los trabajos que compart\u00edan las constructoras eran siempre objeto de puntuaci\u00f3n por la administraci\u00f3n como parte de la oferta t\u00e9cnica. En algunos supuestos, en torno al 5%, las empresas llegaron a compartir el proyecto de licitaci\u00f3n que iban a presentar a la Administraci\u00f3n.<\/span><\/p>\n<p>&nbsp;<\/p>\n<figure id=\"attachment_2251733\" aria-describedby=\"caption-attachment-2251733\" style=\"width: 678px\" class=\"wp-caption aligncenter\"><img loading=\"lazy\" decoding=\"async\" class=\"wp-image-2251733 size-mh-magazine-content\" src=\"https:\/\/puntocritico.com\/ausajpuntocritico\/wp-content\/uploads\/2022\/07\/Florentino-Perez-Jose-Manuel-Soria_587651250_2872471_1020x574-678x381.webp\" alt=\"\" width=\"678\" height=\"381\" data-id=\"2251733\" srcset=\"https:\/\/puntocritico.com\/ausajpuntocritico\/wp-content\/uploads\/2022\/07\/Florentino-Perez-Jose-Manuel-Soria_587651250_2872471_1020x574-678x381.webp 678w, https:\/\/puntocritico.com\/ausajpuntocritico\/wp-content\/uploads\/2022\/07\/Florentino-Perez-Jose-Manuel-Soria_587651250_2872471_1020x574-300x169.webp 300w, https:\/\/puntocritico.com\/ausajpuntocritico\/wp-content\/uploads\/2022\/07\/Florentino-Perez-Jose-Manuel-Soria_587651250_2872471_1020x574-768x432.webp 768w, https:\/\/puntocritico.com\/ausajpuntocritico\/wp-content\/uploads\/2022\/07\/Florentino-Perez-Jose-Manuel-Soria_587651250_2872471_1020x574-610x343.webp 610w, https:\/\/puntocritico.com\/ausajpuntocritico\/wp-content\/uploads\/2022\/07\/Florentino-Perez-Jose-Manuel-Soria_587651250_2872471_1020x574.webp 1020w\" sizes=\"auto, (max-width: 678px) 100vw, 678px\" \/><figcaption id=\"caption-attachment-2251733\" class=\"wp-caption-text\"><span style=\"color: #008000;\">Florentino P\u00e9rez y Jos\u00e9 Manuel Soria.<\/span><\/figcaption><\/figure>\n<p style=\"text-align: justify;\">\u00a0<\/p>\n<p style=\"text-align: justify;\"><span style=\"font-size: 14pt;\">El hecho de compartir las ofertas t\u00e9cnicas y los intercambios de informaci\u00f3n entre licitadores\u00a0<strong>incumplen los deberes de proposici\u00f3n \u00fanica<\/strong>\u00a0y de\u00a0<strong>secreto de las proposiciones y eliminan la independencia<\/strong>\u00a0exigida a las empresas en los procedimientos de contrataci\u00f3n p\u00fablica.<\/span><\/p>\n<p style=\"text-align: justify;\"><span style=\"font-size: 14pt;\">Las empresas disolvieron el G7 en el a\u00f1o 2017 y manifestaron expresamente que estos acuerdos pod\u00edan ser contrarios a las normas de defensa de la competencia.<\/span><\/p>\n<h3 class=\"has-text-align-left\"><span style=\"font-size: 18pt;\"><strong>Efectos de las conductas<\/strong><\/span><\/h3>\n<p style=\"text-align: justify;\"><span style=\"font-size: 14pt;\">Los acuerdos colusorios sancionados han derivado en\u00a0<strong>una menor variedad y calidad de las ofertas t\u00e9cnicas<\/strong>\u00a0presentadas por las empresas a la Administraci\u00f3n contratante.<\/span><\/p>\n<p style=\"text-align: justify;\"><span style=\"font-size: 14pt;\">Las conductas tambi\u00e9n produjeron\u00a0<strong>efectos sobre las empresas competidoras<\/strong>, que concurrieron a los contratos p\u00fablicos en\u00a0<strong>desventaja competitiva<\/strong>\u00a0frente a las empresas del Grupo, ya que tuvieron que acometer un mayor coste para la preparaci\u00f3n de las proposiciones t\u00e9cnicas.<\/span><\/p>\n<p style=\"text-align: justify;\">\u00a0<\/p>\n<figure id=\"attachment_2251734\" aria-describedby=\"caption-attachment-2251734\" style=\"width: 678px\" class=\"wp-caption aligncenter\"><img loading=\"lazy\" decoding=\"async\" class=\"wp-image-2251734 size-mh-magazine-content\" src=\"https:\/\/puntocritico.com\/ausajpuntocritico\/wp-content\/uploads\/2022\/07\/Fomento-Transportes-LaHood-Rafael-Ferrovial_492860711_709928_1020x574-678x381.webp\" alt=\"\" width=\"678\" height=\"381\" data-id=\"2251734\" srcset=\"https:\/\/puntocritico.com\/ausajpuntocritico\/wp-content\/uploads\/2022\/07\/Fomento-Transportes-LaHood-Rafael-Ferrovial_492860711_709928_1020x574-678x381.webp 678w, https:\/\/puntocritico.com\/ausajpuntocritico\/wp-content\/uploads\/2022\/07\/Fomento-Transportes-LaHood-Rafael-Ferrovial_492860711_709928_1020x574-300x169.webp 300w, https:\/\/puntocritico.com\/ausajpuntocritico\/wp-content\/uploads\/2022\/07\/Fomento-Transportes-LaHood-Rafael-Ferrovial_492860711_709928_1020x574-768x432.webp 768w, https:\/\/puntocritico.com\/ausajpuntocritico\/wp-content\/uploads\/2022\/07\/Fomento-Transportes-LaHood-Rafael-Ferrovial_492860711_709928_1020x574-610x343.webp 610w, https:\/\/puntocritico.com\/ausajpuntocritico\/wp-content\/uploads\/2022\/07\/Fomento-Transportes-LaHood-Rafael-Ferrovial_492860711_709928_1020x574.webp 1020w\" sizes=\"auto, (max-width: 678px) 100vw, 678px\" \/><figcaption id=\"caption-attachment-2251734\" class=\"wp-caption-text\"><span style=\"color: #008000; font-size: 14pt;\">La ex ministra de Fomento, Ana Pastor. A su izquierda, Rafael del Pino, presidente de Ferrovial.<\/span><\/figcaption><\/figure>\n<p style=\"text-align: justify;\">\u00a0<\/p>\n<p style=\"text-align: justify;\"><span style=\"font-size: 14pt;\">La CNMC expone que, al no disponer de la misma informaci\u00f3n estrat\u00e9gica que las empresas del Grupo,\u00a0<strong>se alteraron los t\u00e9rminos de competencia leal entre todos los oferentes.<\/strong><\/span><\/p>\n<p style=\"text-align: justify;\"><span style=\"font-size: 14pt;\">El organismo matiza en su informe que se debe tener en cuenta el efecto agregado que tuvieron sobre la competencia las pr\u00e1cticas colusorias, debido\u00a0<strong>al gran n\u00famero de obras en las que hubo trabajos compartidos<\/strong>\u00a0entre empresas del Grupo,\u00a0<strong>el elevado importe que entra\u00f1aron dichas obras y la prolongada duraci\u00f3n en el tiempo de las pr\u00e1cticas<\/strong>.<\/span><\/p>\n<\/blockquote>\n<p>&nbsp;<\/p>\n<aside id=\"single-sidebar\" class=\"col-12 col-lg-4 sidebar\">\n<div id=\"content-sidebar-2\">\n<figure id=\"attachment_2251842\" aria-describedby=\"caption-attachment-2251842\" style=\"width: 640px\" class=\"wp-caption aligncenter\"><img loading=\"lazy\" decoding=\"async\" class=\"size-full wp-image-2251842\" src=\"https:\/\/puntocritico.com\/ausajpuntocritico\/wp-content\/uploads\/2022\/07\/EL-BESAMANOS-DE-NOSFERATU-VILLAR-MIR-A-ANA-PASTOR.jpg\" alt=\"\" width=\"640\" height=\"360\" data-id=\"2251842\" srcset=\"https:\/\/puntocritico.com\/ausajpuntocritico\/wp-content\/uploads\/2022\/07\/EL-BESAMANOS-DE-NOSFERATU-VILLAR-MIR-A-ANA-PASTOR.jpg 640w, https:\/\/puntocritico.com\/ausajpuntocritico\/wp-content\/uploads\/2022\/07\/EL-BESAMANOS-DE-NOSFERATU-VILLAR-MIR-A-ANA-PASTOR-300x169.jpg 300w, https:\/\/puntocritico.com\/ausajpuntocritico\/wp-content\/uploads\/2022\/07\/EL-BESAMANOS-DE-NOSFERATU-VILLAR-MIR-A-ANA-PASTOR-610x343.jpg 610w\" sizes=\"auto, (max-width: 640px) 100vw, 640px\" \/><figcaption id=\"caption-attachment-2251842\" class=\"wp-caption-text\"><span style=\"color: #008000;\">Aqu\u00e9lla Ministra que se dejaba querer por Nosferatu<\/span><\/figcaption><\/figure>\n<\/div>\n<\/aside>\n<p style=\"text-align: center;\"><strong><span style=\"color: #008000; font-size: 18pt;\">*******<\/span><\/strong><\/p>\n<h2 class=\"post-title\" style=\"text-align: center;\"><span style=\"font-size: 24pt;\">El \u00faltimo tinglado de los Florentino, Del Pino y Entrecanales<\/span><\/h2>\n<p class=\"post-subtitle\" style=\"text-align: center;\"><strong><em><span style=\"font-size: 14pt;\">Ahora se han descubierto irregularidades en decenas de contratos p\u00fablicos que se licitaron entre 1992 y 2017. Lo de siempre. Lo de toda la vida. De lo que el Gobierno no habla nunca<\/span><\/em><\/strong><\/p>\n<p style=\"text-align: justify;\"><span style=\"font-size: 14pt;\">Por Rub\u00e9n Arranz<\/span><\/p>\n<p style=\"text-align: justify;\"><span style=\"font-size: 14pt;\"><a href=\"https:\/\/www.vozpopuli.com\/opinion\/ultimo-tinglado-florentino-pino-entrecanales.html\" target=\"_blank\" rel=\"noopener\">Vozpopuli<\/a>, 8 JULIO 2022<\/span><\/p>\n<p style=\"text-align: justify;\"><a href=\"https:\/\/puntocritico.com\/ausajpuntocritico\/2018\/04\/05\/deficiencias-generalizadas-y-beneficios-ilimitados-el-neoliberalismo-de-rapina-espanol-escandaliza-en-la-u-e-tribunal-de-cuentas-europeo-informe-especial-no-09-2018-asociaciones-publico-privad\/\"><img loading=\"lazy\" decoding=\"async\" class=\"aligncenter size-full wp-image-10631\" src=\"https:\/\/puntocritico.com\/ausajpuntocritico\/wp-content\/uploads\/2018\/04\/tribunal-de-cuentas-678x381.jpg\" alt=\"\" width=\"678\" height=\"381\" data-id=\"10631\" srcset=\"https:\/\/puntocritico.com\/ausajpuntocritico\/wp-content\/uploads\/2018\/04\/tribunal-de-cuentas-678x381.jpg 678w, https:\/\/puntocritico.com\/ausajpuntocritico\/wp-content\/uploads\/2018\/04\/tribunal-de-cuentas-678x381-300x169.jpg 300w\" sizes=\"auto, (max-width: 678px) 100vw, 678px\" \/><\/a><\/p>\n<p style=\"text-align: justify;\">\u00a0<\/p>\n<p style=\"text-align: justify;\"><span style=\"font-size: 14pt;\">La protagonista de\u00a0<strong>&#8216;El cuento de la lechera<\/strong>&#8216; pecaba de una ambici\u00f3n excesiva, pero su actitud era la correcta. Confiaba en que el trabajo diario y la buena habilidad para comerciar y gastar le conducir\u00edan al \u00e9xito. No hay nada m\u00e1s estimulante que pensar que el esfuerzo es el camino m\u00e1s recto hacia el bienestar. Los ni\u00f1os deber\u00edan escuchar m\u00e1s veces la palabra &#8216;tes\u00f3n&#8217; y menos todas aquellas relacionadas con su identidad y con<em>\u00a0el yo<\/em>, que inflan el ego y no contribuyen a hacer que su vida futura sea mejor.<\/span><\/p>\n<p style=\"text-align: justify;\"><span style=\"font-size: 14pt;\"><strong>Una sociedad se tuerce cuando el m\u00e9todo de &#8216;la lechera&#8217; pierde efectividad<\/strong>. Cuando una parte de cada euro que gana un individuo no se invierte en la mejora del\u00a0<strong>negocio<\/strong>, en el\u00a0<strong>ahorro\u00a0<\/strong>o en el\u00a0<strong>consumo<\/strong>, sino en el mantenimiento de un sistema ineficiente y de una Corte de &#8216;elegidos&#8217;. As\u00ed ocurre en Espa\u00f1a y as\u00ed lo ha vuelto a poner de manifiesto\u00a0<a href=\"https:\/\/www.vozpopuli.com\/economia_y_finanzas\/cnmc-multa-constructoras-acs-acciona-ohl-ferrovial.html\" target=\"_blank\" rel=\"noopener\">la Comisi\u00f3n Nacional de los Mercados y la Competencia (CNMC)<\/a>, que es la instituci\u00f3n que se encarga de detectar las corruptelas y las malas pr\u00e1cticas de aquellos que conforman los tinglados nacionales.<\/span><\/p>\n<p style=\"text-align: justify;\"><span style=\"font-size: 14pt;\">En este caso, ha descubierto\u00a0<strong>irregularidades en decenas de contratos p\u00fablicos que se licitaron entre 1992 y 2017<\/strong>. Lo de siempre. Eso s\u00ed, su gravedad no es menor pese a que se conozcan al dedillo este tipo de &#8216;apa\u00f1os&#8217;.\u00a0<em>Last, but not least<\/em>.<\/span><\/p>\n<div id=\"content-intext-1\" style=\"text-align: justify;\">\n<div class=\"entry-content\"><span style=\"font-size: 14pt;\">\u00bfC\u00f3mo le ir\u00eda a &#8216;la lechera&#8217; en la Espa\u00f1a de hoy? Podr\u00eda matricularse en una ingenier\u00eda y estudiar d\u00eda a d\u00eda para obtener el mejor expediente de su promoci\u00f3n. Despu\u00e9s, tendr\u00eda la opci\u00f3n de incorporarse al mercado laboral con un contrato en pr\u00e1cticas y trabajar duro -mientras se forma en los nuevos procedimientos y en idiomas- para que le asciendan en su empresa. Con el tiempo, y tras haberse ganado la confianza de potenciales clientes, la l\u00f3gica invita a pensar que podr\u00eda montar una sociedad e invertir bien una buena parte de lo que facture en el crecimiento del negocio, algo que le har\u00e1 ganar <strong>competitividad\u00a0<\/strong>y le permitir\u00e1 presentarse a\u00a0<strong>licitaciones<\/strong>.<\/span><\/div>\n<\/div>\n<p style=\"text-align: justify;\"><span style=\"font-size: 14pt;\">A partir de ah\u00ed, no jugar\u00e1 el partido con las mismas reglas que\u00a0<strong>Acciona<\/strong>,\u00a0<strong>Dragados<\/strong>,\u00a0<strong>FCC<\/strong>,\u00a0<strong>Ferrovial<\/strong>,\u00a0<strong>OHL\u00a0<\/strong>y\u00a0<strong>Sacyr<\/strong>. Es decir, que las empresas que han sido multadas con\u00a0<strong>203 millones de euros<\/strong>\u00a0por alterar licitaciones durante 25 a\u00f1os. Entre todas, conformaban un grupo al que la CNMC ha apodado &#8216;<strong>el G7<\/strong>&#8216;, cuyos representantes se reun\u00edan una vez a la semana para analizar la nueva obra p\u00fablica y decidir en qu\u00e9 contratos podr\u00edan echarse una mano.<\/span><\/p>\n<p>&nbsp;<\/p>\n<p><img loading=\"lazy\" decoding=\"async\" class=\"aligncenter wp-image-2252038\" src=\"https:\/\/puntocritico.com\/ausajpuntocritico\/wp-content\/uploads\/2022\/07\/Los-Golfos-Apandadores-PPAL.jpg\" alt=\"\" width=\"330\" height=\"219\" data-id=\"2252038\" srcset=\"https:\/\/puntocritico.com\/ausajpuntocritico\/wp-content\/uploads\/2022\/07\/Los-Golfos-Apandadores-PPAL.jpg 680w, https:\/\/puntocritico.com\/ausajpuntocritico\/wp-content\/uploads\/2022\/07\/Los-Golfos-Apandadores-PPAL-300x199.jpg 300w, https:\/\/puntocritico.com\/ausajpuntocritico\/wp-content\/uploads\/2022\/07\/Los-Golfos-Apandadores-PPAL-610x405.jpg 610w, https:\/\/puntocritico.com\/ausajpuntocritico\/wp-content\/uploads\/2022\/07\/Los-Golfos-Apandadores-PPAL-678x452.jpg 678w\" sizes=\"auto, (max-width: 330px) 100vw, 330px\" \/><\/p>\n<p>&nbsp;<\/p>\n<p>&nbsp;<\/p>\n<h3 class=\"has-text-align-left\" style=\"text-align: justify;\"><span style=\"font-size: 14pt;\">Florentino y los reyes del mercado<\/span><\/h3>\n<p style=\"text-align: justify;\"><span style=\"font-size: 14pt;\">Las 164 p\u00e1ginas de la resoluci\u00f3n de la CNMC son el vivo ejemplo de la naturalidad con la que se practican las corruptelas alrededor del\u00a0<strong>dinero p\u00fablico<\/strong>, ante el pasmo de todas las partes. Tal es as\u00ed que, en 2017, cuando tres de estas empresas abandonaron el grupo, lo hicieron porque hab\u00edan comenzado a sospechar que el Sanedr\u00edn que hab\u00edan montado vulneraba la ley. Hasta entonces, parece ser que lo consideraban normal; e incluso sano.<\/span><\/p>\n<p style=\"text-align: justify;\"><span style=\"font-size: 14pt;\">\u00bfY qu\u00e9 hac\u00edan? En este caso, no se repart\u00edan licitaciones, como hac\u00eda el &#8216;<a href=\"https:\/\/www.vozpopuli.com\/economia_y_finanzas\/empresas\/cartel-ave-codigo-interno-ocho-mandamientos_0_1231078063.html\" target=\"_blank\" rel=\"noopener\">c\u00e1rtel del AVE<\/a>&#8216;, en el que algunos de los principales contratistas del pa\u00eds -incluidos algunos de los ahora sancionados- acordaban en qu\u00e9 pujas deb\u00edan participar y con qu\u00e9 oferta para no perjudicar a sus &#8216;aliados&#8217; ni presentar una propuesta temeraria. Aqu\u00ed se coordinaban para elaborar las ofertas t\u00e9cnicas de forma conjunta y, de ese modo, ahorrar costes y mejorar su eficiencia. Y, de paso,\u00a0<strong>no pisarse la manguera<\/strong>.<\/span><\/p>\n<p style=\"text-align: justify;\"><span style=\"font-size: 14pt;\">Las Administraciones observaban que las propuestas les llegaban con estudios y c\u00e1lculos t\u00e9cnicos\u00a0<strong>exactamente iguales,<\/strong>\u00a0peroning\u00fan\u00a0<strong>funcionario\u00a0<\/strong>dijo<em>\u00a0esta boca es m\u00eda<\/em>. Parece ser que ministros de Industria de este per\u00edodo, como\u00a0<a href=\"https:\/\/www.vozpopuli.com\/tag\/miguel_sebastian\" target=\"_blank\" rel=\"noopener\">Miguel Sebasti\u00e1n<\/a>\u00a0-el profesor que todo lo sabe cuando sale por televisi\u00f3n-, nunca se enteraron o no se dieron cuenta. Aqu\u00ed todo el mundo se hace el loco cuando interesa. La corrupci\u00f3n ser\u00eda menor sin la complicidad de tantos y tantos hombres peque\u00f1os que prefieren convertirse en c\u00f3mplices de los infractores a se\u00f1alarlos.<\/span><\/p>\n<p style=\"text-align: justify;\"><span style=\"font-size: 14pt;\">Mientras esto ocurr\u00eda, &#8216;la lechera&#8217; perd\u00eda el tiempo y el dinero en la elaboraci\u00f3n de sus proyectos para los concursos p\u00fablicos, con mucho menos \u00e9xito que el G7, dado que sus recursos eran mucho m\u00e1s limitados que los de las siete principales constructoras de este pa\u00eds. Conviene tener claro que el volumen de negocios agregado de estas empresas asciende a un total de<strong>\u00a0138.793.941.515 euros\u00a0<\/strong>en el mercado afectado. \u201cSu aptitud para afectar a la competencia queda fuera de duda\u201d, expone la CNMC.<\/span><\/p>\n<p style=\"text-align: justify;\"><span style=\"font-size: 14pt;\">Ser\u00eda agotador citar todas las grandes obras en las que se produjeron estas pr\u00e1cticas anticompetitivas, pero puede decirse que afectaron a<strong>\u00a0puertos, a autov\u00edas, a aeropuertos, a hospitales o a l\u00edneas de alta velocidad<\/strong>, como la que discurre entre Madrid y Extremadura. Aqu\u00ed nadie parec\u00eda enterarse de nada. Ni sobre este tinglado ni sobre otros, tambi\u00e9n desmontados por la CNMC.<\/span><\/p>\n<h3 class=\"has-text-align-left\" style=\"text-align: justify;\"><span style=\"font-size: 14pt;\">Prohibici\u00f3n de contratar<\/span><\/h3>\n<p style=\"text-align: justify;\"><span style=\"font-size: 14pt;\">La CNMC ha trasladado todos estos datos a la\u00a0<strong>Junta Consultiva de Contrataci\u00f3n P\u00fablica<\/strong>, que depende del\u00a0<strong>Gobierno<\/strong>, para que determine si las empresas sancionadas deber\u00edan tener prohibido contratar a partir de ahora por un tiempo determinado. \u00bfPor qu\u00e9? Porque as\u00ed lo determina la<strong>\u00a0ley de 2015<\/strong>, que regula las licitaciones.<\/span><\/p>\n<p style=\"text-align: justify;\"><span style=\"font-size: 14pt;\">\u00bfDar\u00e1 el paso? Hay un punto en el que los gigantes se vuelven tan altos, pesados y musculosos que resulta imposible controlar que cumplen las normas. As\u00ed ha ocurrido con las grandes empresas de infraestructuras, que han hecho muchas cosas bien, pero que tambi\u00e9n se han beneficiado de&#8230; en fin&#8230;, de ese particular estilo de hacer las cosas que siempre ha existido por aqu\u00ed.<\/span><\/p>\n<p style=\"text-align: justify;\"><span style=\"font-size: 14pt;\">No es la primera vez que el Ejecutivo recibe documentaci\u00f3n de la CNMC en la que se ofrecen indicios suficientes como para vetar a los\u00a0<strong>Florentino P\u00e9rez<\/strong>\u00a0la participaci\u00f3n de sus empresas en las licitaciones. Pero el gabinete de\u00a0<strong>Pedro S\u00e1nchez<\/strong>, el de lo social, la justicia y la igualdad de \u00ablas clases medias trabajadoras\u00bb, ha hecho la vista gorda ante todo esto. Se ha escudado en que ser\u00eda imprudente actuar ahora, toda vez que hay procesos judiciales en marcha sobre los c\u00e1rteles de la contrataci\u00f3n p\u00fablica. Iniciados por los propios afectados, por cierto. Por tanto, el Gobierno tambi\u00e9n ha tallado un enorme\u00a0<strong>&#8216;escudo social&#8217;<\/strong>\u00a0para sus &#8216;protegidos&#8217; de las constructoras.<\/span><\/p>\n<p style=\"text-align: justify;\"><span style=\"font-size: 14pt;\">La noticia no ha sido destacada este jueves por ninguno de los medios de comunicaci\u00f3n que piden estos d\u00edas dinero a sus lectores por tener acceso a\u00a0<strong>la informaci\u00f3n m\u00e1s &#8216;importante&#8217; y &#8216;diferencial&#8217;<\/strong>. Ni siquiera las grandes cabeceras econ\u00f3micas la situaban por encima de un hecho pol\u00edtico, como la dimisi\u00f3n de<strong>\u00a0Boris Johnson,<\/strong>\u00a0u otro de inter\u00e9s p\u00fablico, como el precio del f\u00fatbol televisado. La complicidad de la prensa con los due\u00f1os del tinglado tambi\u00e9n es fundamental.<\/span><\/p>\n<p style=\"text-align: justify;\"><span style=\"font-size: 14pt;\">Lo m\u00e1s llamativo de todo esto es que las infractoras no ten\u00edan claro que lo que hac\u00edan fuera ilegal. Eso s\u00ed, esa idiocia no la demostraban todas las veces, dado que para optar a los contratos de 100 millones de euros no compart\u00edan informaci\u00f3n con sus competidores. En esos casos, rivalizaban entre ellas, pues aspiraban a zamparse todo el pastel.<\/span><\/p>\n<p style=\"text-align: justify;\"><span style=\"font-size: 14pt;\">En la pr\u00f3xima presentaci\u00f3n de Pedro S\u00e1nchez en la<strong>\u00a0Casa de Am\u00e9rica<\/strong>, ah\u00ed estar\u00e1n, en primera fila. Y el presidente les dar\u00e1 la mano. Faltar\u00eda m\u00e1s. Este pa\u00eds se construye sobre estos mimbres. Sobre esas ca\u00f1as de madera, de gran elasticidad y resistencia, en las que se columpian todos los que practican el clientelismo y son responsables de la ruina que se avecina. De la que ninguno se har\u00e1 cargo, claro est\u00e1.<\/span><\/p>\n<p>&nbsp;<\/p>\n<p><img loading=\"lazy\" decoding=\"async\" class=\"aligncenter size-full wp-image-2251853\" src=\"https:\/\/puntocritico.com\/ausajpuntocritico\/wp-content\/uploads\/2022\/07\/golfos-apandadores2.jpg\" alt=\"\" width=\"300\" height=\"222\" data-id=\"2251853\" srcset=\"https:\/\/puntocritico.com\/ausajpuntocritico\/wp-content\/uploads\/2022\/07\/golfos-apandadores2.jpg 300w, https:\/\/puntocritico.com\/ausajpuntocritico\/wp-content\/uploads\/2022\/07\/golfos-apandadores2-80x60.jpg 80w\" sizes=\"auto, (max-width: 300px) 100vw, 300px\" \/><\/p>\n<p style=\"text-align: center;\"><strong><span style=\"color: #008000; font-size: 18pt;\">*******<\/span><\/strong><\/p>\n<h2 class=\"post-title\" style=\"text-align: center;\"><span style=\"font-size: 24pt;\">Moncloa conf\u00eda a las constructoras los fondos UE pese a llevar 25 a\u00f1os pactando precios<\/span><\/h2>\n<p class=\"post-subtitle\" style=\"text-align: center;\"><em><strong><span style=\"font-size: 14pt;\">El Gobierno mantendr\u00e1 a ACS, Acciona, Sacyr, OHL, Ferrovial, FCC y Acciona como socios. Este \u2018G7\u2019 son sus principales aliados para las infraestructuras del Plan de Resiliencia pese a la denuncia de la CNMC<\/span><\/strong><\/em><\/p>\n<p style=\"text-align: justify;\"><span style=\"font-size: 14pt;\">Por Alberto Sanz<\/span><\/p>\n<p style=\"text-align: justify;\"><span style=\"font-size: 14pt;\"><a href=\"https:\/\/www.vozpopuli.com\/economia_y_finanzas\/moncloa-cartel-fondo-ue.html\" target=\"_blank\" rel=\"noopener\">Vozpopuli<\/a>, 8 JULIO 2022<\/span><\/p>\n<figure id=\"attachment_2251770\" aria-describedby=\"caption-attachment-2251770\" style=\"width: 678px\" class=\"wp-caption aligncenter\"><img loading=\"lazy\" decoding=\"async\" class=\"wp-image-2251770 size-mh-magazine-content\" src=\"https:\/\/puntocritico.com\/ausajpuntocritico\/wp-content\/uploads\/2022\/07\/moncloa-florentino-scaled-e1657216030531-678x381.webp\" alt=\"\" width=\"678\" height=\"381\" data-id=\"2251770\" srcset=\"https:\/\/puntocritico.com\/ausajpuntocritico\/wp-content\/uploads\/2022\/07\/moncloa-florentino-scaled-e1657216030531-678x381.webp 678w, https:\/\/puntocritico.com\/ausajpuntocritico\/wp-content\/uploads\/2022\/07\/moncloa-florentino-scaled-e1657216030531-300x168.webp 300w, https:\/\/puntocritico.com\/ausajpuntocritico\/wp-content\/uploads\/2022\/07\/moncloa-florentino-scaled-e1657216030531-1024x575.webp 1024w, https:\/\/puntocritico.com\/ausajpuntocritico\/wp-content\/uploads\/2022\/07\/moncloa-florentino-scaled-e1657216030531-768x431.webp 768w, https:\/\/puntocritico.com\/ausajpuntocritico\/wp-content\/uploads\/2022\/07\/moncloa-florentino-scaled-e1657216030531-1536x862.webp 1536w, https:\/\/puntocritico.com\/ausajpuntocritico\/wp-content\/uploads\/2022\/07\/moncloa-florentino-scaled-e1657216030531-610x342.webp 610w, https:\/\/puntocritico.com\/ausajpuntocritico\/wp-content\/uploads\/2022\/07\/moncloa-florentino-scaled-e1657216030531-1320x741.webp 1320w, https:\/\/puntocritico.com\/ausajpuntocritico\/wp-content\/uploads\/2022\/07\/moncloa-florentino-scaled-e1657216030531.webp 1600w\" sizes=\"auto, (max-width: 678px) 100vw, 678px\" \/><figcaption id=\"caption-attachment-2251770\" class=\"wp-caption-text\"><span style=\"color: #008000;\">El presidente del Gobierno, Pedro S\u00e1nchez; saluda al presidente de ACS, Florentino P\u00e9rez, y a la presidenta del Grupo FCC, Esther Alcocer Koplowitz EP<\/span><\/figcaption><\/figure>\n<p>&nbsp;<\/p>\n<p style=\"text-align: justify;\"><span style=\"font-size: 14pt;\">La Comisi\u00f3n Nacional del Mercado y la Competencia (CNMC) presenta un informe de<strong>\u00a0<a href=\"https:\/\/www.cnmc.es\/sites\/default\/files\/3450206_762.pdf\" target=\"_blank\" rel=\"noreferrer noopener\" data-type=\"URL\" data-id=\"https:\/\/www.cnmc.es\/sites\/default\/files\/3450206_762.pdf\">161 p\u00e1ginas<\/a><\/strong>\u00a0para argumentar que\u00a0<strong>ACS, Acciona, Sacyr, OHL, Ferrovial, FCC y Acciona<\/strong>\u00a0pactaron precios en su puja por las licitaciones p\u00fablicas durante 25 a\u00f1os. La investigaci\u00f3n afirma que estas grandes constructoras formaron entre 1992 y 2017 un cartel para \u00abalterar el proceso competitivo\u00bb de los proyectos de infraestructuras de la Administraci\u00f3n. El organismo m\u00e1s afectado por este pacto fue el<strong>\u00a0Ministerio de Transportes<\/strong>\u00a0y sus respectivas empresas p\u00fablicas. Aunque ni el Ministerio que ahora lidera Raquel S\u00e1nchez ni\u00a0<strong>Moncloa<\/strong>\u00a0reclamar\u00e1n da\u00f1os y perjuicios tras este expediente.<\/span><\/p>\n<div id=\"single-entry-content\" class=\"col-12 col-lg-7 text-content\" style=\"text-align: justify;\">\n<div id=\"post-text\" class=\"content-entry\">\n<p><span style=\"font-size: 14pt;\">Seg\u00fan informan fuentes gubernamentales a<em>\u00a0Vozp\u00f3puli<\/em>, esta \u00abinc\u00f3moda\u00bb resoluci\u00f3n de la CNMC no es positiva para los intereses del Gobierno a corto plazo.<strong>\u00a0Moncloa ve a estas grandes empresas como sus principales socios para desarrollar el gran plan de infraestructuras<\/strong>\u00a0que se recoge en el\u00a0<strong><a href=\"https:\/\/planderecuperacion.gob.es\/\" target=\"_blank\" rel=\"noreferrer noopener\" data-type=\"URL\" data-id=\"https:\/\/planderecuperacion.gob.es\/\">Plan de Recuperaci\u00f3n, Transformaci\u00f3n y Resiliencia<\/a><\/strong>.<\/span><\/p>\n<p><span style=\"font-size: 14pt;\">De estos fondos europeos que recibir\u00e1 Espa\u00f1a,\u00a0<strong>10.400 millones de euros se dedicar\u00e1n a \u00abInfraestructuras y ecosistemas resilientes\u00bb<\/strong>. Es decir, obras p\u00fablicas de las que estos socios se\u00f1alados por la CNMC son sus mejores aliados. Y Moncloa los necesita desde ya.<\/span><\/p>\n<div id=\"content-intext-1\">\n<div class=\"entry-content\"><span style=\"font-size: 14pt;\">Seg\u00fan los Presupuestos Generales del Estado para 2022,<strong>\u00a0el Estado invertir\u00e1 casi 27.000 millones de euros vinculados Plan de Recuperaci\u00f3n de los que 600 millones se dedicar\u00e1n a infraestructuras ferroviarias<\/strong>, 3.000 millones para renovaci\u00f3n de vivienda, 1.300 millones para proyectos de protecci\u00f3n del medio ambiente , 1.200 millones a nueva econom\u00eda de los cuidados y 11.300 millones de euros a pol\u00edticas de industria.<\/span><\/div>\n<\/div>\n<div id=\"content-intext-2\">\u00a0<\/div>\n<div id=\"sm-it-main-container-1657273489564\" class=\"sm-it-main-container\" data-it=\"b6e54df5-cdde-43b2-ace7-e226e31773e0\" data-device=\"desktop\" data-index=\"1\">\n<div id=\"sm-reference-1657273489564\" class=\"sm-reference\">\u00a0<\/div>\n<\/div>\n<h3 class=\"has-text-align-left\"><span style=\"font-size: 14pt;\">Silencio en Moncloa<\/span><\/h3>\n<p><span style=\"font-size: 14pt;\">Como explican otras fuentes gubernamentales, este escenario no es el \u00abid\u00f3neo\u00bb para enemistarse con las seis constructoras que deben levantar todos los compromisos con la Comisi\u00f3n Europea.\u00a0<strong>Moncloa no contempla a corto plazo ninguna posici\u00f3n beligerante con estas empresas<\/strong>, pese a que el mayor organismo de competencia espa\u00f1ol haya denunciado un pacto de precios desde 1992.<\/span><\/p>\n<p><span style=\"font-size: 14pt;\">La CNMC apunta que este cartel de constructoras ha afectado a licitaciones cuyo presupuesto total alcanza valores de miles de millones de euros. Seg\u00fan los datos de Acciona que recoge este informe, durante el periodo de 2009 a 2016, el presupuesto total fue de las licitaciones fue de<strong>\u00a045.714 millones de euros<\/strong>. Los datos de Dragados (ACS) que se\u00f1ala la CNMC apunta a que para los a\u00f1os 2012, 2013, 2015 y 2016, el presupuesto total fue de\u00a0<strong>10.257 millones de euros<\/strong>. Por su parte, esta investigaci\u00f3n registra que FCC, durante el periodo 2008- 2015, act\u00fao bajo este &#8216;paraguas&#8217; en licitaciones por valor de<strong>\u00a052.567 millones de euros<\/strong>.<\/span><\/p>\n<p>&nbsp;<\/p>\n<h3 class=\"has-text-align-left\"><span style=\"font-size: 14pt;\">Las empresas van a recurrir<\/span><\/h3>\n<p><span style=\"font-size: 14pt;\"><strong>ACS, Acciona, Sacyr, OHL, Ferrovial y FCC<\/strong>\u00a0han activado a sus equipos judiciales para que recurran esta multa de la CNMC. Las empresas consultadas por este medio comparten que el m\u00e1ximo organismo de competencia espa\u00f1ol no lleva raz\u00f3n en su denuncia y que ninguna de sus pr\u00e1cticas empresariales puede de tacharse de \u00abilegal\u00bb o \u00abanticompetitiva\u00bb.<\/span><\/p>\n<p><span style=\"font-size: 14pt;\">Un movimiento que la propia CNMC ya espera. \u00ab<strong>Los interesados saben que contra la misma no cabe recurso alguno en v\u00eda administrativa, pudiendo interponer recurso contencioso-administrativo en la Audiencia Nacional<\/strong>, en el plazo de dos meses a contar desde el d\u00eda siguiente al de su notificaci\u00f3n\u00bb, cierra el informe de 161 p\u00e1ginas del organismo que preside Cani Fern\u00e1ndez.<\/span><\/p>\n<\/div>\n<\/div>\n<p style=\"text-align: justify;\">\u00a0<\/p>\n<figure id=\"attachment_2251771\" aria-describedby=\"caption-attachment-2251771\" style=\"width: 678px\" class=\"wp-caption aligncenter\"><img loading=\"lazy\" decoding=\"async\" class=\"wp-image-2251771 size-mh-magazine-content\" src=\"https:\/\/puntocritico.com\/ausajpuntocritico\/wp-content\/uploads\/2022\/07\/cani-fernandez-e1657178134504-678x381.webp\" alt=\"\" width=\"678\" height=\"381\" data-id=\"2251771\" srcset=\"https:\/\/puntocritico.com\/ausajpuntocritico\/wp-content\/uploads\/2022\/07\/cani-fernandez-e1657178134504-678x381.webp 678w, https:\/\/puntocritico.com\/ausajpuntocritico\/wp-content\/uploads\/2022\/07\/cani-fernandez-e1657178134504-300x169.webp 300w, https:\/\/puntocritico.com\/ausajpuntocritico\/wp-content\/uploads\/2022\/07\/cani-fernandez-e1657178134504-1024x576.webp 1024w, https:\/\/puntocritico.com\/ausajpuntocritico\/wp-content\/uploads\/2022\/07\/cani-fernandez-e1657178134504-768x432.webp 768w, https:\/\/puntocritico.com\/ausajpuntocritico\/wp-content\/uploads\/2022\/07\/cani-fernandez-e1657178134504-610x343.webp 610w, https:\/\/puntocritico.com\/ausajpuntocritico\/wp-content\/uploads\/2022\/07\/cani-fernandez-e1657178134504.webp 1200w\" sizes=\"auto, (max-width: 678px) 100vw, 678px\" \/><figcaption id=\"caption-attachment-2251771\" class=\"wp-caption-text\"><span style=\"color: #008000;\">La presidenta de la Comisi\u00f3n Nacional de los Mercados, Cani Fern\u00e1ndez Vici\u00e9n &#8211; Europa Press<\/span><\/figcaption><\/figure>\n<p>&nbsp;<\/p>\n<div id=\"single-entry-content\" class=\"col-12 col-lg-7 text-content\">\n<div id=\"post-text\" class=\"content-entry\">\n<p style=\"text-align: justify;\"><span style=\"font-size: 14pt;\">\u00ab<strong>En nuestros informes anuales ya se contemplaban alg\u00fan nuevo cap\u00edtulo de estos informes recurrentes y ninguno de nuestros &#8216;stakeholders&#8217; espera que prospere<\/strong>\u00ab, comenta un directivo de estas empresas. Desde las grandes constructoras se escudan en que ninguna de sus cotizaciones en Bolsa se han visto debilitadas despu\u00e9s de un informe tan contundente en uno de sus principales mercados.\u00a0<strong>Todas las compa\u00f1\u00edas afectadas repuntaban en el mercado este jueves m\u00e1s de un 2%.<\/strong><\/span><\/p>\n<p style=\"text-align: justify;\"><span style=\"font-size: 14pt;\">Los 203 millones de multa que se reparten estas seis empresas no es la \u00fanica amenaza. El expediente plantea una posible prohibici\u00f3n de contratar a estas grandes empresas por parte de la Administraci\u00f3n. Una decisi\u00f3n que tendr\u00e1 que analizar la<strong>\u00a0Junta Consultiva de Contrataci\u00f3n P\u00fablica del Estado<\/strong>\u00a0tras conocer este nuevo informe de la CNMC.<\/span><\/p>\n<\/div>\n<\/div>\n<div class=\"follow-link\">\u00a0<\/div>\n<div><img loading=\"lazy\" decoding=\"async\" class=\"aligncenter wp-image-2252031\" src=\"https:\/\/puntocritico.com\/ausajpuntocritico\/wp-content\/uploads\/2022\/07\/business-idea-647205_640.jpg\" alt=\"\" width=\"440\" height=\"293\" data-id=\"2252031\" srcset=\"https:\/\/puntocritico.com\/ausajpuntocritico\/wp-content\/uploads\/2022\/07\/business-idea-647205_640.jpg 640w, https:\/\/puntocritico.com\/ausajpuntocritico\/wp-content\/uploads\/2022\/07\/business-idea-647205_640-300x200.jpg 300w, https:\/\/puntocritico.com\/ausajpuntocritico\/wp-content\/uploads\/2022\/07\/business-idea-647205_640-610x406.jpg 610w\" sizes=\"auto, (max-width: 440px) 100vw, 440px\" \/><\/div>\n<div>\u00a0<\/div>\n<div style=\"text-align: center;\"><strong><span style=\"color: #008000; font-size: 18pt;\">*******<\/span><\/strong><\/div>\n<div>\n<h2 class=\"post-title\" style=\"text-align: center;\">Dragados a Ferrovial, sobre el cartel de las constructoras: \u201cLo del grupo raya la legalidad\u201d<\/h2>\n<p class=\"post-subtitle\" style=\"text-align: center;\"><strong><em><span style=\"font-size: 14pt;\">La investigaci\u00f3n de la CNMC revela una serie de conversaciones entre las empresas a trav\u00e9s del correo electr\u00f3nico y el whatsapp que reflejan su relaci\u00f3n pese a ser competidores<\/span><\/em><\/strong><\/p>\n<\/div>\n<p style=\"text-align: justify;\"><span style=\"font-size: 14pt;\">Por Alberto Sanz<\/span><\/p>\n<p style=\"text-align: justify;\"><span style=\"font-size: 14pt;\"><a href=\"https:\/\/www.vozpopuli.com\/economia_y_finanzas\/dragados-ferrovial-constructoras.html\" target=\"_blank\" rel=\"noopener\">Vozpopuli<\/a>, 9 JULIO 2022<\/span><\/p>\n<figure id=\"attachment_2251834\" aria-describedby=\"caption-attachment-2251834\" style=\"width: 678px\" class=\"wp-caption aligncenter\"><img loading=\"lazy\" decoding=\"async\" class=\"wp-image-2251834 size-mh-magazine-content\" src=\"https:\/\/puntocritico.com\/ausajpuntocritico\/wp-content\/uploads\/2022\/07\/dragados-ferrovial-scaled-e1657299310271-678x381.jpg\" alt=\"\" width=\"678\" height=\"381\" data-id=\"2251834\" srcset=\"https:\/\/puntocritico.com\/ausajpuntocritico\/wp-content\/uploads\/2022\/07\/dragados-ferrovial-scaled-e1657299310271-678x381.jpg 678w, https:\/\/puntocritico.com\/ausajpuntocritico\/wp-content\/uploads\/2022\/07\/dragados-ferrovial-scaled-e1657299310271-300x169.jpg 300w, https:\/\/puntocritico.com\/ausajpuntocritico\/wp-content\/uploads\/2022\/07\/dragados-ferrovial-scaled-e1657299310271-1024x576.jpg 1024w, https:\/\/puntocritico.com\/ausajpuntocritico\/wp-content\/uploads\/2022\/07\/dragados-ferrovial-scaled-e1657299310271-768x432.jpg 768w, https:\/\/puntocritico.com\/ausajpuntocritico\/wp-content\/uploads\/2022\/07\/dragados-ferrovial-scaled-e1657299310271-1536x863.jpg 1536w, https:\/\/puntocritico.com\/ausajpuntocritico\/wp-content\/uploads\/2022\/07\/dragados-ferrovial-scaled-e1657299310271-2048x1151.jpg 2048w, https:\/\/puntocritico.com\/ausajpuntocritico\/wp-content\/uploads\/2022\/07\/dragados-ferrovial-scaled-e1657299310271-610x343.jpg 610w, https:\/\/puntocritico.com\/ausajpuntocritico\/wp-content\/uploads\/2022\/07\/dragados-ferrovial-scaled-e1657299310271-1320x742.jpg 1320w\" sizes=\"auto, (max-width: 678px) 100vw, 678px\" \/><figcaption id=\"caption-attachment-2251834\" class=\"wp-caption-text\"><span style=\"color: #008000;\">Varios trabajadores en las obras de un t\u00fanel &#8211; EP<\/span><\/figcaption><\/figure>\n<p>&nbsp;<\/p>\n<p style=\"text-align: justify;\"><span style=\"font-size: 14pt;\">Las 161 p\u00e1ginas del expediente de la\u00a0<strong><a href=\"https:\/\/www.cnmc.es\/\" target=\"_blank\" rel=\"noopener\" data-type=\"URL\" data-id=\"https:\/\/www.cnmc.es\/\" data-schema-attribute=\"\">Comisi\u00f3n Nacional del Mercado y la Competencia (CNMC)<\/a><\/strong>\u00a0sobre la alteraci\u00f3n de precios de las seis principales constructoras entre 1992 y 2017 refleja la relaci\u00f3n entre estas empresas. La investigaci\u00f3n deja por escrito algunos\u00a0<strong>correos electr\u00f3nicos<\/strong>\u00a0y conversaciones de\u00a0<strong>whatsapp<\/strong>\u00a0entre los representantes de las compa\u00f1\u00edas donde se muestra su relaci\u00f3n.\u00a0<\/span><\/p>\n<div id=\"post-text\" class=\"content-entry\" style=\"text-align: justify;\">\n<p style=\"text-align: justify;\"><span style=\"font-size: 14pt;\">En la fase de disoluci\u00f3n de lo que denominaban<strong>\u00a0\u2018Grupo G-7\u2019<\/strong>, que formaban las seis grandes empresas y una compa\u00f1\u00eda que la CNMC omite de su informe, el representante de\u00a0<strong><a href=\"https:\/\/www.vozpopuli.com\/tag\/dragados\" target=\"_blank\" rel=\"noreferrer noopener\" data-type=\"URL\" data-id=\"https:\/\/www.vozpopuli.com\/tag\/dragados\">Dragados<\/a><\/strong>\u00a0le escribe en un chat de whatsApp a su hom\u00f3logo de Ferrovial: \u201c<em><strong>Ir\u00e1 relacionado con lo que os coment\u00e9 en enero, que me dec\u00edan que pensaban que lo del grupo raya la legalidad de la competencia<\/strong><\/em>\u201d, aseguraba el directivo del Grupo ACS el pasado el 3 de abril de 2017.\u00a0<\/span><\/p>\n<p><span style=\"font-size: 14pt;\">La CNMC destaca que este Grupo se constituy\u00f3 con el objeto, declarado por sus integrantes, de\u00a0<strong>compartir determinados aspectos de las ofertas t\u00e9cnicas que las empresas presentaban en licitaciones p\u00fablicas de obra y edificaci\u00f3n civil\u00a0<\/strong>a las que concurr\u00edan como competidoras. Durante su vigencia sirvi\u00f3 tambi\u00e9n para compartir en ocasiones otros elementos sensibles de las ofertas, incluidas las memorias.<\/span><\/p>\n<div id=\"content-intext-1\">\n<div class=\"entry-content\"><span style=\"font-size: 14pt;\">En un correo electr\u00f3nico interno de FCC de 5 de mayo de 2016 se explican los objetivos, las actuaciones y el funcionamiento del G-7: \u201c<\/span><em style=\"font-size: 14pt;\"><strong>Acerca del funcionamiento del grupo de empresas del sector de la construcci\u00f3n, lo que denominamos \u2018Grupo G-7\u2019, en este grupo compartimos diversos trabajos las empresas Acciona, (Empresa no incoada que la CNMC mantiene el anonimato), Ferrovial, Dragados, OHL, Sacyr y FCC<\/strong><\/em><span style=\"font-size: 14pt;\">\u201d, explican. El objetivo es compartir trabajos que se suelen subcontratar o externalizar y puedan ser compartidos, ya que \u00ab<\/span><em style=\"font-size: 14pt;\">al compartir trabajos el coste obviamente se reparte y se puede ahorrar dinero, hay trabajos de todo tipo<\/em><span style=\"font-size: 14pt;\">\u201d, explicaba FCC en un ampl\u00edo correo.\u00a0<\/span><\/div>\n<\/div>\n<\/div>\n<p>&nbsp;<\/p>\n<blockquote>\n<p style=\"text-align: center;\"><span style=\"font-size: 14pt;\"><strong><span style=\"color: #008000;\">Menos mal que encuentras siempre algo. Ya no sab\u00eda qu\u00e9 meter en el cuadro y me niego a menos de 1.000.000 de euros<cite>Sacyr<\/cite><\/span><\/strong><\/span><\/p>\n<\/blockquote>\n<p>&nbsp;<\/p>\n<div id=\"post-text\" class=\"content-entry\" style=\"text-align: justify;\">\n<p style=\"text-align: justify;\"><span style=\"font-size: 14pt;\">En sus intercambios de informaci\u00f3n tambi\u00e9n se hablaba de las cifras de las adjudicaciones, seg\u00fan recoge la investigaci\u00f3n de la CNMC. Un representante de Sacyr felicitaba por mail a un miembros de la empresa que la CNMC no incoado: \u201c<em><strong>Menos mal que encuentras siempre algo. Ya no sab\u00eda qu\u00e9 meter en el cuadro y me niego a menos de 1.000.000 de euros<\/strong><\/em>\u201d, aseguraba el 15 de septiembre de 2016. El G-7 no compart\u00eda, como regla general, proyectos de m\u00e1s de 50 millones de euros y no constan proyectos de m\u00e1s de 100 millones compartidos.<\/span><\/p>\n<h3 class=\"has-text-align-left\"><strong>Dragados, FCC, Acciona, &#8230; y sus \u2018normas\u2019\u00a0<\/strong><\/h3>\n<p><span style=\"font-size: 14pt;\">Este grupo de empresas ten\u00edan sus propias normas de funcionamiento. Una de ellas era la obligaci\u00f3n de los miembros de compartir cualquier informaci\u00f3n que recabasen de la Administraci\u00f3n y que pudiera afectar a los trabajos encargados de manera conjunta. \u201c<em><strong>Cada empresa tiene derecho a reunirse con la Administraci\u00f3n con entera libertad. Debiendo, no obstante, comunicar al grupo cualquier informaci\u00f3n relativa a los trabajos del Grupo, que pueda suponer planteamientos contrarios a los considerados en los mismos<\/strong><\/em>\u201d, asegura una de las normas del G-7.\u00a0<\/span><\/p>\n<p><span style=\"font-size: 14pt;\">Tambi\u00e9n compart\u00edan las decisiones de cada miembro de optar o no a alguna adjudicaci\u00f3n. La documentaci\u00f3n interna que describe la CNMC de Acciona, Dragados y Sacyr pone de manifiesto que\u00a0<strong>las empresas intercambiaron informaci\u00f3n sobre las acciones que iban a llevar a cabo en relaci\u00f3n con determinadas licitaciones p\u00fablicas<\/strong>.<\/span>\u00a0<\/p>\n<\/div>\n<p>&nbsp;<\/p>\n<blockquote>\n<p style=\"text-align: center;\"><strong><span style=\"color: #008000; font-size: 14pt;\">Cada empresa tiene derecho a reunirse con la Administraci\u00f3n con entera libertad. Debiendo comunicar al grupo cualquier informaci\u00f3n relativa a los trabajos<\/span><\/strong><\/p>\n<\/blockquote>\n<div id=\"post-text\" class=\"content-entry\" style=\"text-align: justify;\">\n<p>&nbsp;<\/p>\n<p><span style=\"font-size: 14pt;\">En un correo electr\u00f3nico interno de Acciona de 11 de mayo de 2010 se informa del contenido de la reuni\u00f3n del G-7 de aquella semana en relaci\u00f3n con unas licitaciones que se identifican como \u201c<em>concesiones de Arag\u00f3n<\/em>\u201d. \u201c<em><strong>Ferrovial ha insinuado que las obras no encajan econ\u00f3micamente<\/strong><\/em>\u201d, afirma el directivo de la compa\u00f1\u00eda de Los Entrecanales.\u00a0<\/span><\/p>\n<p><span style=\"font-size: 14pt;\">El G-7 serv\u00eda para gestionar sus esfuerzos. Los documentos de Competencia revelan que el 17 de octubre de 2013, pese a que se decide no compartir trabajos, las empresas se informan sobre sus intenciones de concurrir o no en una licitaci\u00f3n.\u00a0<strong>\u201c<em>Finalmente, para los proyectos de la Junta de Castilla la Mancha no se va a realizar proyectos en grupo; OHL indic\u00f3 que por su parte no van a licitar, y el resto ya lo tienen en marcha<\/em><\/strong>\u201d, explica la investigaci\u00f3n.\u00a0<\/span><\/p>\n<h3 class=\"has-text-align-left\">El G-7 se disuelve en 2017\u00a0<\/h3>\n<p><span style=\"font-size: 14pt;\">25 a\u00f1os despu\u00e9s de su creaci\u00f3n, los miembros empiezan a sospechar que este intercambio de informaci\u00f3n y trabajos puede generar problemas.<strong>\u00a0En abril de 2017,\u00a0 Dragados, Ferrovial y Sacyr abandonan el G-7<\/strong>. Dragados y Sacyr asistieron a su \u00faltima reuni\u00f3n el 20 de abril de 2017 y Ferrovial lo abandon\u00f3 el 27 de abril de 2017, seg\u00fan registra la investigaci\u00f3n de la CNMC. Con el anuncio de FCC y OHL de abandonar el Grupo, el G7 celebr\u00f3 su \u00faltima reuni\u00f3n el 11 de mayo de 2017.<\/span><\/p>\n<p><span style=\"font-size: 14pt;\">Seg\u00fan se\u00f1ala el organismo, FCC explicaba de manera interna que el motivo por el que Dragados y Sacyr dejaban el G7 porque cre\u00edan que\u00a0<strong>\u00ab<em>podr\u00eda no ser l\u00edcito preparar trabajos que son objeto de valoraci\u00f3n en com\u00fan<\/em>\u201d<\/strong>. El representante de Dragados en el G7 envi\u00f3 a su hom\u00f3logo de FCC un correo electr\u00f3nico de 25 de marzo de 2017 que conten\u00eda un enlace web a la \u2018<strong>Gu\u00eda contra el fraude en la licitaci\u00f3n p\u00fablica\u2019 de la CNMC<\/strong> con el siguiente comentario: \u201c<em>Puedes adivinar las connotaciones de nuestra huida<\/em>\u201d.<\/span><\/p>\n<p>&nbsp;<\/p>\n<\/div>\n<blockquote>\n<p style=\"text-align: center;\"><span style=\"font-size: 14pt;\"><strong><span style=\"color: #008000;\">Dragados y Sacyr dejaban el G7 porque cre\u00edan que podr\u00eda no ser l\u00edcito preparar trabajos que son objeto de valoraci\u00f3n en com\u00fan<\/span><\/strong><\/span><\/p>\n<\/blockquote>\n<div id=\"post-text\" class=\"content-entry\" style=\"text-align: justify;\">\n<p>&nbsp;<\/p>\n<p><span style=\"font-size: 14pt;\">\u201c<em><strong>Me ha llamado (representante de OHL), que es el que va a las reuniones del grupo por parte de OHL. Su director de contrataci\u00f3n te quiere llamar para comentar los de Dragados y tu punto de vista sobre la legalidad o ilegalidad del asunto<\/strong><\/em>\u201d, comentaba el representante de OHL a FCC el 4 de abril de 2017.\u00a0<\/span><\/p>\n<p><span style=\"font-size: 14pt;\">A ra\u00edz del abandono del Grupo por parte de FCC en la reuni\u00f3n de 11 de mayo de 2017, la CNMC describe que OHL decidi\u00f3 abandonar tambi\u00e9n el G-7, ya que no quer\u00eda continuar en \u00e9l si se produc\u00eda una baja m\u00e1s, lo cual condujo a que se disolviera el G-7 en esa misma reuni\u00f3n.\u00a0<strong>\u201c<em>Buenos d\u00edas. Al final tambi\u00e9n me dieron la orden de abandonar, por lo que hoy ha sido la \u00faltima reuni\u00f3n de Grupo, ya que OHL tampoco segu\u00eda si hab\u00eda alguna baja m\u00e1s<\/em><\/strong>\u201d, conclu\u00eda as\u00ed esta relaci\u00f3n entre las constructoras.\u00a0<\/span><\/p>\n<\/div>\n<p>&nbsp;<\/p>\n<p><img loading=\"lazy\" decoding=\"async\" class=\"aligncenter size-full wp-image-2252032\" src=\"https:\/\/puntocritico.com\/ausajpuntocritico\/wp-content\/uploads\/2022\/07\/Cartel.jpg\" alt=\"\" width=\"341\" height=\"300\" data-id=\"2252032\" srcset=\"https:\/\/puntocritico.com\/ausajpuntocritico\/wp-content\/uploads\/2022\/07\/Cartel.jpg 341w, https:\/\/puntocritico.com\/ausajpuntocritico\/wp-content\/uploads\/2022\/07\/Cartel-300x264.jpg 300w\" sizes=\"auto, (max-width: 341px) 100vw, 341px\" \/><\/p>\n<p style=\"text-align: center;\"><strong><span style=\"color: #008000; font-size: 18pt;\">*******<\/span><\/strong><\/p>\n<h2 style=\"text-align: center;\"><strong><span style=\"font-size: 24pt;\">EL C\u00c1RTEL DE CONSTRUCTORAS<\/span><\/strong><\/h2>\n<p style=\"text-align: center;\"><strong><span style=\"font-size: 18pt;\">Unos breves trazos de realidades que fueron y son<\/span><\/strong><\/p>\n<p><img loading=\"lazy\" decoding=\"async\" class=\"aligncenter wp-image-2219373 size-mh-magazine-content\" src=\"https:\/\/puntocritico.com\/ausajpuntocritico\/wp-content\/uploads\/2021\/06\/toro-construccion-678x381.jpg\" alt=\"\" width=\"678\" height=\"381\" data-id=\"2219373\" \/><\/p>\n<p>&nbsp;<\/p>\n<p style=\"text-align: center;\"><span style=\"font-size: 14pt;\"><strong>Algunos titulares de los \u00faltimos a\u00f1os, relativos al \u00abC\u00c1RTEL DE CONSTRUCTORAS\u00bb<\/strong><\/span><\/p>\n<p>&nbsp;<\/p>\n<h3 class=\"title\"><a href=\"https:\/\/es.ara.cat\/opinion\/cartel-constructoras-repartirse-obras-publicas_129_4091250.html\" target=\"_blank\" rel=\"noopener\">Un c\u00e1rtel de constructoras para repartirse las obras p\u00fablicas<\/a><\/h3>\n<blockquote>\n<p style=\"text-align: justify;\"><span style=\"font-size: 14pt;\">La Comisi\u00f3n Nacional de los Mercados y de la Competencia (CNMC)\u00a0<a href=\"https:\/\/es.ara.cat\/economia\/competencia-multa-61-m-docena-constructoras-mantenimiento-carreteras_1_4090608.html\" target=\"_blank\" rel=\"noopener\">ha sancionado\u00a0<\/a>este viernes con un total de 61,3 millones de euros a doce empresas, entre las cuales hay filiales de las constructoras de Acciona, ACS, OHL, Ferrovial, FCC, Elecnor, Copcisa y Sacyr, por una infracci\u00f3n constitutiva de un c\u00e1rtel para repartirse las licitaciones convocadas por el ministerio de Fomento entre los a\u00f1os 2014 y 2018 para arreglar carreteras. Adem\u00e1s, Competencia proh\u00edbe que contraten con la administraci\u00f3n p\u00fablica por un tiempo indeterminado. A pesar de que no es la primera vez que se ponen multas de este estilo (en 2019 se puso una multa similar a un c\u00e1rtel que monopolizaba las licitaciones de Adif), esta decisi\u00f3n es especialmente significativa porque revela una forma de proceder que altera completamente las reglas de la competencia y que ha condenado a decenas de empresas que actuaban de forma legal y ve\u00edan como, una y otra vez, se quedaban fuera de los concursos p\u00fablicos.<\/span><\/p>\n<\/blockquote>\n<p style=\"text-align: justify;\">\u00a0<\/p>\n<h3 class=\"w-full-article-header__title\"><a href=\"https:\/\/www.naiz.eus\/es\/info\/noticia\/20210820\/doce-constructoras-formaron-un-cartel-para-las-licitaciones-de-fomento-61-millones-de-multa\" target=\"_blank\" rel=\"noopener\">Doce constructoras formaron un c\u00e1rtel para las licitaciones de Fomento: 61 millones de multa<\/a><\/h3>\n<div class=\"w-full-article-header__summary\">\n<blockquote>\n<p style=\"text-align: justify;\"><span style=\"font-size: 14pt;\">Tras las consultoras, las constructoras. La Comisi\u00f3n estatal de Competencia (CNMC) ha constatado que doce grandes empresas formaron un c\u00e1rtel para repartirse y abaratar las licitaciones del Ministerio de Fomento. Se les impone una multa de 61,3 millones por \u00abinfracci\u00f3n muy grave\u00bb.<\/span><\/p>\n<\/blockquote>\n<\/div>\n<p>&nbsp;<\/p>\n<h3><a href=\"https:\/\/www.larazon.es\/economia\/20210820\/zc6ws6gk4rfrphv36ba6vlqce4.html\" target=\"_blank\" rel=\"noopener\">Multa de 61 millones para el c\u00e1rtel de constructoras que \u201ctomaban caf\u00e9\u201d para repartirse la conservaci\u00f3n de carreteras<\/a><\/h3>\n<blockquote>\n<p><span style=\"font-size: 14pt;\">Competencia asegura que las reuniones serv\u00edan para coordinar las ofertas econ\u00f3micas a presentar al Ministerio de Fomento<\/span><\/p>\n<\/blockquote>\n<p>&nbsp;<\/p>\n<h3 class=\"pg-bkn-headline\"><a href=\"https:\/\/www.europasur.es\/campo-de-gibraltar\/obras-Puerto-Algeciras-afectadas-cartel-constructoras_0_1699930616.html\" target=\"_blank\" rel=\"noopener\">Dos obras del Puerto de Algeciras entre 2012 y 2013, afectadas por el c\u00e1rtel de las constructoras<\/a><\/h3>\n<blockquote>\n<p style=\"text-align: justify;\"><span style=\"font-size: 14pt;\">Competencia incluye la licitaci\u00f3n de dos reformas en las instalaciones portuarias entre las que un grupo de empresas\u00a0<a class=\"lnk\" href=\"https:\/\/www.europasur.es\/economia\/grandes-constructoras-multadas-millones-competencia-video_0_1699630227.html\" target=\"_blank\" rel=\"noopener\" data-schema-attribute=\"\">alteraron con pr\u00e1cticas que considera muy graves<\/a><\/span><\/p>\n<p style=\"text-align: justify;\"><span style=\"font-size: 14pt;\">La reordenaci\u00f3n del embarque a T\u00e1nger, los nuevos controles de Polic\u00eda Nacional y Guardia Civil y la demolici\u00f3n del rompeolas del dique norte salieron a concurso por siete millones de euros<\/span><\/p>\n<\/blockquote>\n<p style=\"text-align: justify;\">\u00a0<\/p>\n<h3 class=\"title\"><a href=\"https:\/\/www.eldiario.es\/economia\/colegios-desaladoras-audiencia-avala-inspecciones-cnmc-presunto-cartel-constructoras_1_8548594.html\" target=\"_blank\" rel=\"noopener\">De colegios a desaladoras: la Audiencia avala las inspecciones de la CNMC a otro presunto c\u00e1rtel de constructoras<\/a><\/h3>\n<blockquote>\n<p><span style=\"font-size: 14pt;\">Tumba los recursos de ACS, Acciona y Sacyr contra los registros de sus sedes que derivaron en un expediente sancionador incoado en 2018; su \u201ccomplejidad\u201d hizo que el expediente caducara y se tuviera que reiniciar en 2020<\/span><\/p>\n<\/blockquote>\n<p>&nbsp;<\/p>\n<h3 class=\"post-title\" style=\"text-align: justify;\"><a href=\"https:\/\/elmercantil.com\/2021\/08\/20\/competencia-multa-a-las-grandes-constructoras-por-repartirse-la-conservacion-y-explotacion-viaria\/\" target=\"_blank\" rel=\"noopener\">Competencia multa a las grandes constructoras por repartirse la conservaci\u00f3n y explotaci\u00f3n viaria<\/a><\/h3>\n<blockquote>\n<div class=\"post-subtitle\"><span style=\"font-size: 14pt;\">ACS, Ferrovial, FCC, Sacyr, Acciona y OHL lideraron un c\u00e1rtel que les permiti\u00f3 adjudicarse la mayor parte de los contratos entre 2014 y 2018<\/span><\/div>\n<\/blockquote>\n<p>&nbsp;<\/p>\n<h3 class=\"title\" style=\"text-align: justify;\"><a href=\"https:\/\/www.elprogreso.es\/articulo\/economia\/multas-millonarias-cartel-integrado-copasa-otras-11-constructoras\/202108210109591520897.html\" target=\"_blank\" rel=\"noopener\"><strong>Multas millonarias a un c\u00e1rtel integrado por Copasa y otras 11 constructoras<\/strong><\/a><\/h3>\n<blockquote>\n<div class=\"summary\"><span style=\"font-size: 14pt;\">La Comisi\u00f3n Nacional de los Mercados y la Competencia (CNMC) sanciona con 61,3 millones a 12 firmas por repartirse los contratos de Fomento para el mantenimiento de carreteras. El grupo ourensano, que logr\u00f3 tres licitaciones por 27 millones, afronta una multa de 5,6 millones<\/span><\/div>\n<\/blockquote>\n<p>&nbsp;<\/p>\n<h3 class=\"h1 headline-article__head\" style=\"text-align: justify;\"><a href=\"https:\/\/www.noticiasdenavarra.com\/economia\/2021\/08\/21\/grandes-constructoras-multadas-repartirse-obras-2123316.html\" target=\"_blank\" rel=\"noopener\">Las grandes constructoras, multadas por repartirse las obras<\/a><\/h3>\n<blockquote>\n<p class=\"article-subtitle headline-article__subtitle\" style=\"text-align: justify;\"><span style=\"font-size: 14pt;\">Entre 2014 y 2018 se adjudicaron el 70% de los contratos de conservaci\u00f3n de carreteras<\/span><\/p>\n<\/blockquote>\n<p>&nbsp;<\/p>\n<h3 style=\"text-align: justify;\"><a href=\"https:\/\/www.alimarket.es\/construccion\/noticia\/336037\/la-cnmc-multa-a-12-constructoras-por-alterar-las-licitaciones-de-conservacion-de-carreteras\" target=\"_blank\" rel=\"noopener\">La CNMC multa a 12 constructoras por alterar las licitaciones de conservaci\u00f3n de carreteras<\/a><\/h3>\n<blockquote>\n<p style=\"text-align: justify;\"><span style=\"font-size: 14pt;\">La CNMC ha sancionado con 61,28 M\u20ac a 12 empresas por poner en marcha un c\u00e1rtel para la alteraci\u00f3n de las licitaciones de servicios de conservaci\u00f3n y explotaci\u00f3n de carreteras del Ministerio de Fomento (actual Ministerio de Transportes, Movilidad y Agenda Urbana) entre 2014 y 2018. Las empresas sancionadas por formar parte de este c\u00e1rtel son Acciona Mantenimiento de Infraestructuras (y solidariamente su matriz Acciona), Aceinsa Movilidad, Alvac, API Movilidad (y solidariamente su matriz ACS), Audeca (y solidariamente su matriz Elecnor), Copasa, Elsamex, Elsan (y solidariamente su matriz Obrasc\u00f3n Huarte La\u00edn), Ferroser Infraestructras (y solidariamente su matriz Ferrovial Servicios), Innovia Coptalia (y solidariamente su matriz Copcisa Corp), Mantenimiento de Infraestructuras (y solidariamente su matriz Fomento de Construcciones y Contratas) y Sacyr Conservaci\u00f3n (y solidariamente su matriz Sacyr).<\/span><\/p>\n<p style=\"text-align: justify;\"><span style=\"font-size: 14pt;\">El c\u00e1rtel establec\u00eda peri\u00f3dicamente los criterios de coordinaci\u00f3n de las ofertas econ\u00f3micas a presentar en las licitaciones del Ministerio de Fomento para los servicios de conservaci\u00f3n de carreteras de la Red de Carreteras del Estado. Agrupaba las diferentes licitaciones en grupos para los que se acordaban unos criterios comunes de presentaci\u00f3n de ofertas econ\u00f3micas. El c\u00e1rtel\u00a0<strong>asignaba una\u00a0<\/strong>\u201c<strong>bolsa<\/strong>\u201d<strong>\u00a0de puntos para cada grupo de licitaciones<\/strong>\u00a0que se iban consumiendo por las empresas en funci\u00f3n del nivel de descuentos sobre el presupuesto de contrataci\u00f3n. Cuando mayores fueran las bajas que presentasen en sus respectivas ofertas econ\u00f3micas, m\u00e1s puntos se gastaban, aplicando una f\u00f3rmula espec\u00edficamente dise\u00f1ada por el c\u00e1rtel para cada grupo de contratos.<\/span><\/p>\n<p><span style=\"font-size: 14pt;\">De este modo se limitaba el n\u00famero de contratos en los que las empresas presentaban descuentos altos en cada grupo de licitaciones, ya que el n\u00famero de puntos de la bolsa nunca era suficiente como para tratar de conseguir todos los contratos de cada grupo.\u00a0<strong>Este sistema incentivaba a cada empresa del c\u00e1rtel a concentrar sus posibilidades de adjudicaci\u00f3n en un n\u00famero limitado de licitaciones<\/strong>, presentando en las restantes, ofertas con escasas o nulas posibilidades de adjudicaci\u00f3n, convirti\u00e9ndose as\u00ed en ofertas de cobertura. Las empresas acordaban tambi\u00e9n el umbral de descuentos para esas ofertas de cobertura y se compromet\u00edan a presentar ofertas en todas las licitaciones de cada grupo. De este modo se consegu\u00eda alterar el umbral de anormalidad (calculado sobre la base de las ofertas presentadas en cada licitaci\u00f3n) y pod\u00edan conseguir que ofertas de empresas ajenas al cartel realmente competitivas fueran excluidas del proceso de contrataci\u00f3n. El sofisticado sistema dise\u00f1ado por las empresas se fue adaptando a los sucesivos cambios en los pliegos de contrataci\u00f3n introducidos por la administraci\u00f3n. La mec\u00e1nica empleada por el c\u00e1rtel resultaba particularmente compleja, facilitando la monitorizaci\u00f3n de su cumplimiento a la vez que se dificultaba enormemente su detecci\u00f3n.<\/span><\/p>\n<p><span style=\"font-size: 14pt;\">La CNMC ha podido acreditar que<strong>\u00a0el c\u00e1rtel oper\u00f3 entre febrero de 2014 y diciembre de 2018<\/strong>, aunque se han detectado conversaciones desde 2009. Las empresas participantes se adjudicaron 71 licitaciones de un total de 101 que sac\u00f3 el Ministerio de Fomento en este \u00e1mbito.\u00a0<strong>El importe total de las adjudicaciones a empresas del c\u00e1rtel super\u00f3 los 530 M\u20ac<\/strong>, lo cual supone el 63% del importe total adjudicado por el Ministerio para los servicios de conservaci\u00f3n de las Red de Carreteras del Estado.<\/span><\/p>\n<\/blockquote>\n<p>&nbsp;<\/p>\n<h3 class=\"new_title\" style=\"text-align: justify;\"><a href=\"https:\/\/murciadiario.com\/art\/29683\/competencia-acaba-con-el-cartel-de-las-licitaciones-en-carreteras-y-sanciona-a-las-seis-grandes-constructoras\" target=\"_blank\" rel=\"noopener\">Competencia acaba con el &#8216;c\u00e1rtel&#8217; de las licitaciones en carreteras y sanciona a las seis grandes constructoras<\/a><\/h3>\n<blockquote>\n<p class=\"new_subtitle\" style=\"text-align: justify;\"><span style=\"font-size: 14pt;\">(20 Agosto 2021) ACS, Acciona, FCC, Ferrovial, Sacyr y OHL y sus filiales reciben multas de m\u00e1s de 60 M\u20ac y no podr\u00e1n presentarse a las futuras licitaciones.<\/span><\/p>\n<p class=\"new_entry \" style=\"text-align: justify;\"><span style=\"font-size: 14pt;\">Seg\u00fan la CNMC las seis empresas \u00abalteraban el resultado de licitaciones de los servicios de conservaci\u00f3n y explotaci\u00f3n de la Red de Carreteras del Estado\u00bb<\/span><\/p>\n<div class=\"new_text \">\n<p style=\"text-align: justify;\"><span style=\"font-size: 14pt;\">La\u00a0<strong>prohibici\u00f3n de contratar con la Administraci\u00f3n\u00a0<\/strong>se ha activado para las filiales del \u00e1rea de carreteras de las seis grandes empresas de la construcci\u00f3n en Espa\u00f1a (<strong>ACS, Acciona, FCC, Ferrovial, Sacyr y OHL<\/strong>), por formar parte de un c\u00e1rtel de 12 empresas que pactaban un reparto de las licitaciones de Fomento entre 2014 y 2018.<\/span><\/p>\n<\/div>\n<\/blockquote>\n<p>&nbsp;<\/p>\n<h3 style=\"text-align: justify;\"><a href=\"https:\/\/www.finanzas.com\/coyuntura\/economia-empresas-amp-2-la-cnmc-expedienta-a-las-grandes-constructoras-por-repartirse-obras-publicas_13925217_102.html\" target=\"_blank\" rel=\"noopener\">La CNMC expedienta a las grandes constructoras por repartirse obras p\u00fablicas<\/a><\/h3>\n<blockquote>\n<p style=\"text-align: justify;\"><span style=\"font-size: 14pt;\">Acciona, Isolux Cors\u00e1n, ACS, FCC, Ferrovial, OHL y Sacyr, los grupos investigados<\/span><\/p>\n<\/blockquote>\n<p>&nbsp;<\/p>\n<h3 class=\"title-article\" data-titulo=\"La CNMC abre expediente sancionador a las grandes constructoras por repartirse la obra p\u00fablica\"><a href=\"https:\/\/www.r4.com\/analisis-actualidad\/la-cnmc-abre-expediente-sancionador-a-las-grandes-constructoras-por-repartirse-la-obra-publica\" target=\"_blank\" rel=\"noopener\">La CNMC abre expediente sancionador a las grandes constructoras por repartirse la obra p\u00fablica<\/a><\/h3>\n<blockquote><p><span class=\"property\" style=\"font-size: 14pt;\" data-date-test=\"11 Oct 2018\">(11 OCTUBRE 2018)\u00a0Acciona, Isolux Cors\u00e1n, ACS, FCC, Ferrovial, OHL y Sacyr, los grupos investigados.\u00a0<br \/>\n<\/span><span style=\"font-size: 14pt;\">La Comisi\u00f3n Nacional de los Mercados y la Competencia (CNMC) ha abierto un expediente sancionador contra las grandes constructoras del pa\u00eds tras detectar \u00abindicios racionales\u00bb de que constituyeron un c\u00e1rtel para intercambiar informaci\u00f3n y restringir la competencia en la licitaci\u00f3n de obras de infraestructuras p\u00fablicas.<\/span><\/p>\n<p><span style=\"font-size: 14pt;\">Acciona, ACS, FCC, Ferrovial, OHL, Sacyr e Isolux Cors\u00e1n, a trav\u00e9s de sus respectivas filiales constructoras, son las siete compa\u00f1\u00edas investigadas por el &#8216;superregulador&#8217;, que ha llevado a cabo inspecciones en las sedes y oficinas de cuatro de ellas.<\/span><\/p>\n<p><span style=\"font-size: 14pt;\">La CNMC explica que el expediente tiene su origen en \u00abdeterminada documentaci\u00f3n\u00bb encontrada durante la instrucci\u00f3n de otra investigaci\u00f3n que, adem\u00e1s, no tiene nada que ver con el caso investigado.<\/span><\/p>\n<p><span style=\"font-size: 14pt;\">As\u00ed, ante esta informaci\u00f3n, y la documentaci\u00f3n recabada en los registros, el \u00f3rgano que preside Jos\u00e9 Mar\u00eda Mar\u00edn Quemada concluy\u00f3 que \u00abexisten indicios racionales\u00bb de que estas compa\u00f1\u00edas cometieron \u00abposibles infracciones\u00bb de la Ley de Competencia.<\/span><\/p>\n<p><span style=\"font-size: 14pt;\">REUNIONES SEMANALES.<\/span><\/p>\n<p><span style=\"font-size: 14pt;\">Seg\u00fan la CNMC, estas siete constructoras habr\u00edan constituido un grupo \u00abestable y formal\u00bb en el que, semanalmente, trataban la preparaci\u00f3n de ofertas t\u00e9cnicas para concurrir a contratos de obras licitados por distintas administraciones p\u00fablicas.<\/span><\/p>\n<p><span style=\"font-size: 14pt;\">De esta forma, sopesaban si concurr\u00edan conjuntamente a distintos aspectos t\u00e9cnicos de los proyectos.<\/span><\/p>\n<p><span style=\"font-size: 14pt;\">Para el &#8216;superregulador&#8217;, estas pr\u00e1cticas suponen la conformaci\u00f3n de un c\u00e1rtel para acuerdos e intercambios de informaci\u00f3n entre empresas con el fin de restringir la competencia.<\/span><\/p>\n<p><span style=\"font-size: 14pt;\">La investigaci\u00f3n de los c\u00e1rteles constituye uno de los principales objetivos de la CNMC, al considerar que presentan \u00abgraves consecuencias\u00bb para los consumidores y el correcto funcionamiento de los mercados.<\/span><\/p>\n<p><span style=\"font-size: 14pt;\">No obstante, la comisi\u00f3n recuerda que a partir de ahora se inicia un periodo m\u00e1ximo de 18 meses para instruir el expediente, cuya apertura de un expediente no prejuzga el resultado final de esta investigaci\u00f3n.<\/span><\/p>\n<p><span style=\"font-size: 14pt;\">&#8216;CARTEL&#8217; DE LA BASURAS.<\/span><\/p>\n<p><span style=\"font-size: 14pt;\">En cuanto a las grandes constructoras, se enfrentan a este expediente despu\u00e9s de que algunas de ellas est\u00e9n tambi\u00e9n incluidas en el expediente sobre el denominado &#8216;cartel de las basuras&#8217; que la CNMC decidi\u00f3 reabrir el pasado mes de mayo despu\u00e9s de que la Audiencia Nacional anulara la resoluci\u00f3n que dict\u00f3 en 2015 por la que impuso una hist\u00f3rica multa de 98 millones.<\/span><\/p>\n<p><span style=\"font-size: 14pt;\">En este caso, el primero en el que el &#8216;superregulador&#8217; reabre un expediente, la investigaci\u00f3n afecta a un total de 51 compa\u00f1\u00edas, entre las que figuran FCC, Sacyr, Ferrovial y Urbaser, exfilial de ACS actualmente en manos de un grupo chino.<\/span><\/p><\/blockquote>\n<p>&nbsp;<\/p>\n<h3 class=\"articleTitle\" style=\"text-align: justify;\"><a href=\"https:\/\/www.eleconomista.es\/infraestructuras-servicios\/noticias\/11858978\/07\/22\/Las-constructoras-acusan-a-la-CNMC-de-falta-de-rigor-e-interpretaciones-sesgadas-en-su-resolucion.html\" target=\"_blank\" rel=\"noopener\">Las constructoras acusan a la CNMC de falta de rigor e interpretaciones sesgadas en su resoluci\u00f3n<\/a><\/h3>\n<blockquote>\n<p style=\"text-align: justify;\"><span style=\"font-size: 14pt;\">Seopan denuncia que el organismo sustenta la millonaria multa sin prueba alguna.<\/span><\/p>\n<p style=\"text-align: justify;\"><span style=\"font-size: 14pt;\">La patronal recuerda que la propia CNMC rechaza que las empresas formaran un c\u00e1rtel.<\/span><\/p>\n<p style=\"text-align: justify;\"><span style=\"font-size: 14pt;\">Las constructoras sancionadas esta semana por la Comisi\u00f3n Nacional de los Mercados y la Competencia (CNMC) por, seg\u00fan su resoluci\u00f3n, alterar durante 25 a\u00f1os, entre 1992 y 2017, miles de licitaciones p\u00fablicas destinadas a la edificaci\u00f3n y la obra civil de infraestructuras acusan al organismo que preside Cani Fern\u00e1ndez de \u00abfalta de rigor\u00bb por cuanto \u00abprescinde de los necesarios elementos de prueba, bas\u00e1ndose en meras apreciaciones subjetivas, opiniones o sospechas, que vulneran el derecho de las empresas a la presunci\u00f3n de inocencia, incurre en error al valorar equivocadamente las conductas investigadas como pr\u00e1cticas colusorias y vulnera el principio de proporcionalidad al imponer unas sanciones manifiestamente desproporcionadas\u00bb.<\/span><\/p>\n<\/blockquote>\n<div class=\"jeg_meta_container\">\n<div class=\"jeg_post_meta jeg_post_meta_2\">\n<div class=\"jeg_meta_date\">\u00a0<\/div>\n<\/div>\n<\/div>\n<div id=\"sm-it-main-container-1657202405314\" class=\"sm-it-main-container\" style=\"text-align: center;\" data-it=\"b6e54df5-cdde-43b2-ace7-e226e31773e0\" data-device=\"desktop\" data-index=\"1\">\n<figure id=\"attachment_2251849\" aria-describedby=\"caption-attachment-2251849\" style=\"width: 678px\" class=\"wp-caption aligncenter\"><img loading=\"lazy\" decoding=\"async\" class=\"wp-image-2251849 size-mh-magazine-content\" src=\"https:\/\/puntocritico.com\/ausajpuntocritico\/wp-content\/uploads\/2022\/07\/constructoras-678x381.jpg\" alt=\"\" width=\"678\" height=\"381\" data-id=\"2251849\" \/><figcaption id=\"caption-attachment-2251849\" class=\"wp-caption-text\"><span style=\"color: #008000;\">Florentino P\u00e9rez (ACS), Pablo Colio (FCC), Rafael del Pino (Ferrovial), Jos\u00e9 Manuel Entrecanales (Acciona), Jos\u00e9 Antonio Fern\u00e1ndez Gallar (OHLA) y Manuel Manrique (Sacyr)<\/span><\/figcaption><\/figure>\n<\/div>\n<p style=\"text-align: center;\"><span style=\"color: #008000;\"><strong><span style=\"font-size: 18pt;\">*******<\/span><\/strong><\/span><\/p>\n<h2><span style=\"font-size: 14pt;\"><strong>RELACIONADOS:<\/strong><\/span><\/h2>\n<blockquote class=\"wp-embedded-content\" data-secret=\"hv6CDsrmOp\"><p><a href=\"https:\/\/puntocritico.com\/ausajpuntocritico\/2023\/03\/06\/ferrovial-agroman\/\">\u00bfQU\u00c9 SE LLEVA A FLANDES FERROVIAL (FERROVIAL-AGROM\u00c1N)?: \u00abDe 1927 hasta hoy: esta es la historia de Agroman\u00bb<\/a><\/p><\/blockquote>\n<p><iframe loading=\"lazy\" class=\"wp-embedded-content\" sandbox=\"allow-scripts\" security=\"restricted\" style=\"position: absolute; clip: rect(1px, 1px, 1px, 1px);\" title=\"\u00ab\u00bfQU\u00c9 SE LLEVA A FLANDES FERROVIAL (FERROVIAL-AGROM\u00c1N)?: \u00abDe 1927 hasta hoy: esta es la historia de Agroman\u00bb\u00bb \u2014 Punto Cr\u00edtico Derechos Humanos\" src=\"https:\/\/puntocritico.com\/ausajpuntocritico\/2023\/03\/06\/ferrovial-agroman\/embed\/#?secret=ARknMQz8gM#?secret=hv6CDsrmOp\" data-secret=\"hv6CDsrmOp\" width=\"500\" height=\"282\" frameborder=\"0\" marginwidth=\"0\" marginheight=\"0\" scrolling=\"no\"><\/iframe><\/p>\n<blockquote class=\"wp-embedded-content\" data-secret=\"pHdKxfBQ5C\"><p><a href=\"https:\/\/puntocritico.com\/ausajpuntocritico\/2018\/04\/05\/deficiencias-generalizadas-y-beneficios-ilimitados-el-neoliberalismo-de-rapina-espanol-escandaliza-en-la-u-e-tribunal-de-cuentas-europeo-informe-especial-no-09-2018-asociaciones-publico-privad\/\">\u00abDEFICIENCIAS GENERALIZADAS Y BENEFICIOS ILIMITADOS\u00bb. El Neoliberalismo de rapi\u00f1a espa\u00f1ol escandaliza en la U. E. (Tribunal de Cuentas Europeo: Informe Especial &#8211; asociaciones p\u00fablico-privadas)<\/a><\/p><\/blockquote>\n<p><iframe loading=\"lazy\" class=\"wp-embedded-content\" sandbox=\"allow-scripts\" security=\"restricted\" style=\"position: absolute; clip: rect(1px, 1px, 1px, 1px);\" title=\"\u00ab\u00abDEFICIENCIAS GENERALIZADAS Y BENEFICIOS ILIMITADOS\u00bb. El Neoliberalismo de rapi\u00f1a espa\u00f1ol escandaliza en la U. E. (Tribunal de Cuentas Europeo: Informe Especial &#8211; asociaciones p\u00fablico-privadas)\u00bb \u2014 Punto Cr\u00edtico Derechos Humanos\" src=\"https:\/\/puntocritico.com\/ausajpuntocritico\/2018\/04\/05\/deficiencias-generalizadas-y-beneficios-ilimitados-el-neoliberalismo-de-rapina-espanol-escandaliza-en-la-u-e-tribunal-de-cuentas-europeo-informe-especial-no-09-2018-asociaciones-publico-privad\/embed\/#?secret=20uANzS04V#?secret=pHdKxfBQ5C\" data-secret=\"pHdKxfBQ5C\" width=\"500\" height=\"282\" frameborder=\"0\" marginwidth=\"0\" marginheight=\"0\" scrolling=\"no\"><\/iframe><\/p>\n<p>https:\/\/puntocritico.com\/ausajpuntocritico\/2018\/11\/06\/breve-historia-de-las-privatizaciones-en-espana-1985-1995-por-carlos-martin-urriza-republicado\/<\/p>\n<blockquote class=\"wp-embedded-content\" data-secret=\"pZHk63BmY5\"><p><a href=\"https:\/\/puntocritico.com\/ausajpuntocritico\/2022\/05\/23\/rusia-y-la-doctrina-del-shock\/\">NOAM CHOMSKY: \u00abEEUU no quiere una salida diplom\u00e1tica (en Ucrania)\u00bb. RUSIA Y LA DOCTRINA DEL SHOCK (privatizaciones corruptas de los 90&#8242;, dise\u00f1adas en la Universidad de Harvard)<\/a><\/p><\/blockquote>\n<p><iframe loading=\"lazy\" class=\"wp-embedded-content\" sandbox=\"allow-scripts\" security=\"restricted\" style=\"position: absolute; clip: rect(1px, 1px, 1px, 1px);\" title=\"\u00abNOAM CHOMSKY: \u00abEEUU no quiere una salida diplom\u00e1tica (en Ucrania)\u00bb. RUSIA Y LA DOCTRINA DEL SHOCK (privatizaciones corruptas de los 90&#8242;, dise\u00f1adas en la Universidad de Harvard)\u00bb \u2014 Punto Cr\u00edtico Derechos Humanos\" src=\"https:\/\/puntocritico.com\/ausajpuntocritico\/2022\/05\/23\/rusia-y-la-doctrina-del-shock\/embed\/#?secret=aVtr3Alk6n#?secret=pZHk63BmY5\" data-secret=\"pZHk63BmY5\" width=\"500\" height=\"282\" frameborder=\"0\" marginwidth=\"0\" marginheight=\"0\" scrolling=\"no\"><\/iframe><\/p>\n<blockquote class=\"wp-embedded-content\" data-secret=\"sAt7NyE1Xk\"><p><a href=\"https:\/\/puntocritico.com\/ausajpuntocritico\/2018\/01\/15\/la-revolucion-de-las-elites-de-la-privatizacion-de-los-servicios-publicos-a-la-desaparicion-del-estado\/\">La revoluci\u00f3n de las \u00e9lites: de la privatizaci\u00f3n de los servicios p\u00fablicos a la desaparici\u00f3n del Estado<\/a><\/p><\/blockquote>\n<p><iframe loading=\"lazy\" class=\"wp-embedded-content\" sandbox=\"allow-scripts\" security=\"restricted\" style=\"position: absolute; clip: rect(1px, 1px, 1px, 1px);\" title=\"\u00abLa revoluci\u00f3n de las \u00e9lites: de la privatizaci\u00f3n de los servicios p\u00fablicos a la desaparici\u00f3n del Estado\u00bb \u2014 Punto Cr\u00edtico Derechos Humanos\" src=\"https:\/\/puntocritico.com\/ausajpuntocritico\/2018\/01\/15\/la-revolucion-de-las-elites-de-la-privatizacion-de-los-servicios-publicos-a-la-desaparicion-del-estado\/embed\/#?secret=UttlYWkQ4x#?secret=sAt7NyE1Xk\" data-secret=\"sAt7NyE1Xk\" width=\"500\" height=\"282\" frameborder=\"0\" marginwidth=\"0\" marginheight=\"0\" scrolling=\"no\"><\/iframe><\/p>\n<blockquote class=\"wp-embedded-content\" data-secret=\"X4c4Gsrt19\"><p><a href=\"https:\/\/puntocritico.com\/ausajpuntocritico\/2022\/02\/21\/diaz-ayuso-y-la-descomposicion-de-lo-publico\/\">ISABELGATE: El \u00abASUNTO\u00bb D\u00cdAZ AYUSO Y LA DIRECTIVA DE ALERTADORES. \u00abLa (\u00bfirreversible?) descomposici\u00f3n de lo p\u00fablico\u00bb, por Rafael Jim\u00e9nez Asensio.<\/a><\/p><\/blockquote>\n<p><iframe loading=\"lazy\" class=\"wp-embedded-content\" sandbox=\"allow-scripts\" security=\"restricted\" style=\"position: absolute; clip: rect(1px, 1px, 1px, 1px);\" title=\"\u00abISABELGATE: El \u00abASUNTO\u00bb D\u00cdAZ AYUSO Y LA DIRECTIVA DE ALERTADORES. \u00abLa (\u00bfirreversible?) descomposici\u00f3n de lo p\u00fablico\u00bb, por Rafael Jim\u00e9nez Asensio.\u00bb \u2014 Punto Cr\u00edtico Derechos Humanos\" src=\"https:\/\/puntocritico.com\/ausajpuntocritico\/2022\/02\/21\/diaz-ayuso-y-la-descomposicion-de-lo-publico\/embed\/#?secret=Sy2Pwh3Za9#?secret=X4c4Gsrt19\" data-secret=\"X4c4Gsrt19\" width=\"500\" height=\"282\" frameborder=\"0\" marginwidth=\"0\" marginheight=\"0\" scrolling=\"no\"><\/iframe><\/p>\n<blockquote class=\"wp-embedded-content\" data-secret=\"xi9ECfabk5\"><p><a href=\"https:\/\/puntocritico.com\/ausajpuntocritico\/2020\/08\/13\/el-orden-asesino-del-mundo-por-jean-ziegler-2\/\">EL ORDEN ASESINO DEL MUNDO, por Jean Ziegler<\/a><\/p><\/blockquote>\n<p><iframe loading=\"lazy\" class=\"wp-embedded-content\" sandbox=\"allow-scripts\" security=\"restricted\" style=\"position: absolute; clip: rect(1px, 1px, 1px, 1px);\" title=\"\u00abEL ORDEN ASESINO DEL MUNDO, por Jean Ziegler\u00bb \u2014 Punto Cr\u00edtico Derechos Humanos\" src=\"https:\/\/puntocritico.com\/ausajpuntocritico\/2020\/08\/13\/el-orden-asesino-del-mundo-por-jean-ziegler-2\/embed\/#?secret=vIyrs4KTBc#?secret=xi9ECfabk5\" data-secret=\"xi9ECfabk5\" width=\"500\" height=\"282\" frameborder=\"0\" marginwidth=\"0\" marginheight=\"0\" scrolling=\"no\"><\/iframe><\/p>\n<blockquote class=\"wp-embedded-content\" data-secret=\"LbZm5MFjqS\"><p><a href=\"https:\/\/puntocritico.com\/ausajpuntocritico\/2022\/01\/27\/la-bolsa-del-estado-y-sus-falanges-de-mercenarios-por-thomas-jefferson-2\/\">LA BOLSA DEL ESTADO Y SUS FALANGES DE MERCENARIOS, por Thomas Jefferson<\/a><\/p><\/blockquote>\n<p><iframe loading=\"lazy\" class=\"wp-embedded-content\" sandbox=\"allow-scripts\" security=\"restricted\" style=\"position: absolute; clip: rect(1px, 1px, 1px, 1px);\" title=\"\u00abLA BOLSA DEL ESTADO Y SUS FALANGES DE MERCENARIOS, por Thomas Jefferson\u00bb \u2014 Punto Cr\u00edtico Derechos Humanos\" src=\"https:\/\/puntocritico.com\/ausajpuntocritico\/2022\/01\/27\/la-bolsa-del-estado-y-sus-falanges-de-mercenarios-por-thomas-jefferson-2\/embed\/#?secret=0LrbOv7rGV#?secret=LbZm5MFjqS\" data-secret=\"LbZm5MFjqS\" width=\"500\" height=\"282\" frameborder=\"0\" marginwidth=\"0\" marginheight=\"0\" scrolling=\"no\"><\/iframe><\/p>\n<blockquote class=\"wp-embedded-content\" data-secret=\"71cQSIIcBl\"><p><a href=\"https:\/\/puntocritico.com\/ausajpuntocritico\/2020\/06\/24\/la-patata-electrica-2\/\">LA PATATA EL\u00c9CTRICA<\/a><\/p><\/blockquote>\n<p><iframe loading=\"lazy\" class=\"wp-embedded-content\" sandbox=\"allow-scripts\" security=\"restricted\" style=\"position: absolute; clip: rect(1px, 1px, 1px, 1px);\" title=\"\u00abLA PATATA EL\u00c9CTRICA\u00bb \u2014 Punto Cr\u00edtico Derechos Humanos\" src=\"https:\/\/puntocritico.com\/ausajpuntocritico\/2020\/06\/24\/la-patata-electrica-2\/embed\/#?secret=a6T5Ie4E0K#?secret=71cQSIIcBl\" data-secret=\"71cQSIIcBl\" width=\"500\" height=\"282\" frameborder=\"0\" marginwidth=\"0\" marginheight=\"0\" scrolling=\"no\"><\/iframe><\/p>\n<blockquote class=\"wp-embedded-content\" data-secret=\"6yl0wkI7f4\"><p><a href=\"https:\/\/puntocritico.com\/ausajpuntocritico\/2020\/05\/11\/irrelevancia-constitucional-del-derecho-a-la-vida-para-el-tribunal-constitucional-espanol-historia-del-enriquecimiento-sin-limite-bajo-la-proteccion-judicial-a-costa-de-nuestras-vidas\/\">IRRELEVANCIA CONSTITUCIONAL DEL DERECHO A LA VIDA PARA EL TRIBUNAL CONSTITUCIONAL ESPA\u00d1OL. Historia del enriquecimiento sin l\u00edmite  a costa de nuestras vidas. \u00abLa Constituci\u00f3n dice &#8230; lo que el Poder quiere que diga\u00bb<\/a><\/p><\/blockquote>\n<p><iframe loading=\"lazy\" class=\"wp-embedded-content\" sandbox=\"allow-scripts\" security=\"restricted\" style=\"position: absolute; clip: rect(1px, 1px, 1px, 1px);\" title=\"\u00abIRRELEVANCIA CONSTITUCIONAL DEL DERECHO A LA VIDA PARA EL TRIBUNAL CONSTITUCIONAL ESPA\u00d1OL. Historia del enriquecimiento sin l\u00edmite  a costa de nuestras vidas. \u00abLa Constituci\u00f3n dice &#8230; lo que el Poder quiere que diga\u00bb\u00bb \u2014 Punto Cr\u00edtico Derechos Humanos\" src=\"https:\/\/puntocritico.com\/ausajpuntocritico\/2020\/05\/11\/irrelevancia-constitucional-del-derecho-a-la-vida-para-el-tribunal-constitucional-espanol-historia-del-enriquecimiento-sin-limite-bajo-la-proteccion-judicial-a-costa-de-nuestras-vidas\/embed\/#?secret=9Fizz78K8o#?secret=6yl0wkI7f4\" data-secret=\"6yl0wkI7f4\" width=\"500\" height=\"282\" frameborder=\"0\" marginwidth=\"0\" marginheight=\"0\" scrolling=\"no\"><\/iframe><\/p>\n<blockquote class=\"wp-embedded-content\" data-secret=\"nnbIsnkBkl\"><p><a href=\"https:\/\/puntocritico.com\/ausajpuntocritico\/2019\/11\/27\/sareb-anatomia-de-un-desfalco-por-manuel-gabarre-de-sus\/\">\u00abSAREB: anatom\u00eda de un desfalco\u00bb, por Manuel Gabarre de Sus<\/a><\/p><\/blockquote>\n<p><iframe loading=\"lazy\" class=\"wp-embedded-content\" sandbox=\"allow-scripts\" security=\"restricted\" style=\"position: absolute; clip: rect(1px, 1px, 1px, 1px);\" title=\"\u00ab\u00abSAREB: anatom\u00eda de un desfalco\u00bb, por Manuel Gabarre de Sus\u00bb \u2014 Punto Cr\u00edtico Derechos Humanos\" src=\"https:\/\/puntocritico.com\/ausajpuntocritico\/2019\/11\/27\/sareb-anatomia-de-un-desfalco-por-manuel-gabarre-de-sus\/embed\/#?secret=ENag4m15iK#?secret=nnbIsnkBkl\" data-secret=\"nnbIsnkBkl\" width=\"500\" height=\"282\" frameborder=\"0\" marginwidth=\"0\" marginheight=\"0\" scrolling=\"no\"><\/iframe><\/p>\n<blockquote class=\"wp-embedded-content\" data-secret=\"aqmLTa7rHL\"><p><a href=\"https:\/\/puntocritico.com\/ausajpuntocritico\/2018\/04\/04\/la-enfermedad-de-la-sanidad-publica-es-la-codicia-privada-la-sanidad-gallega-por-juan-oliver\/\">LA ENFERMEDAD DE LA SANIDAD P\u00daBLICA ES LA CODICIA PRIVADA. La Sanidad Gallega, por Juan Oliver<\/a><\/p><\/blockquote>\n<p><iframe loading=\"lazy\" class=\"wp-embedded-content\" sandbox=\"allow-scripts\" security=\"restricted\" style=\"position: absolute; clip: rect(1px, 1px, 1px, 1px);\" title=\"\u00abLA ENFERMEDAD DE LA SANIDAD P\u00daBLICA ES LA CODICIA PRIVADA. La Sanidad Gallega, por Juan Oliver\u00bb \u2014 Punto Cr\u00edtico Derechos Humanos\" src=\"https:\/\/puntocritico.com\/ausajpuntocritico\/2018\/04\/04\/la-enfermedad-de-la-sanidad-publica-es-la-codicia-privada-la-sanidad-gallega-por-juan-oliver\/embed\/#?secret=2LwzXKnMOH#?secret=aqmLTa7rHL\" data-secret=\"aqmLTa7rHL\" width=\"500\" height=\"282\" frameborder=\"0\" marginwidth=\"0\" marginheight=\"0\" scrolling=\"no\"><\/iframe><\/p>\n<blockquote class=\"wp-embedded-content\" data-secret=\"JSkb7ycMqf\"><p><a href=\"https:\/\/puntocritico.com\/ausajpuntocritico\/2019\/07\/17\/ni-izquierda-ni-derecha-todo-es-capitalismo-el-caso-de-diego-fusaro\/\">YA NO HAY IZQUIERDA NI DERECHA; HOY, TODO ES CAPITALISMO. El caso de Diego Fusaro: La Lucha de clases, ahora, es de Derechas<\/a><\/p><\/blockquote>\n<p><iframe loading=\"lazy\" class=\"wp-embedded-content\" sandbox=\"allow-scripts\" security=\"restricted\" style=\"position: absolute; clip: rect(1px, 1px, 1px, 1px);\" title=\"\u00abYA NO HAY IZQUIERDA NI DERECHA; HOY, TODO ES CAPITALISMO. El caso de Diego Fusaro: La Lucha de clases, ahora, es de Derechas\u00bb \u2014 Punto Cr\u00edtico Derechos Humanos\" src=\"https:\/\/puntocritico.com\/ausajpuntocritico\/2019\/07\/17\/ni-izquierda-ni-derecha-todo-es-capitalismo-el-caso-de-diego-fusaro\/embed\/#?secret=ZDKD3gwpmA#?secret=JSkb7ycMqf\" data-secret=\"JSkb7ycMqf\" width=\"500\" height=\"282\" frameborder=\"0\" marginwidth=\"0\" marginheight=\"0\" scrolling=\"no\"><\/iframe><\/p>\n<blockquote class=\"wp-embedded-content\" data-secret=\"lmun8tGKrT\"><p><a href=\"https:\/\/puntocritico.com\/ausajpuntocritico\/2017\/08\/23\/vhc-el-virus-de-la-hepatitis-c-parte-i\/\">VHC: EL VIRUS DE LA HEPATITIS C \u2013 Parte I<\/a><\/p><\/blockquote>\n<p><iframe loading=\"lazy\" class=\"wp-embedded-content\" sandbox=\"allow-scripts\" security=\"restricted\" style=\"position: absolute; clip: rect(1px, 1px, 1px, 1px);\" title=\"\u00abVHC: EL VIRUS DE LA HEPATITIS C \u2013 Parte I\u00bb \u2014 Punto Cr\u00edtico Derechos Humanos\" src=\"https:\/\/puntocritico.com\/ausajpuntocritico\/2017\/08\/23\/vhc-el-virus-de-la-hepatitis-c-parte-i\/embed\/#?secret=Eig9qnFR4t#?secret=lmun8tGKrT\" data-secret=\"lmun8tGKrT\" width=\"500\" height=\"282\" frameborder=\"0\" marginwidth=\"0\" marginheight=\"0\" scrolling=\"no\"><\/iframe><\/p>\n<blockquote class=\"wp-embedded-content\" data-secret=\"uSmZXAJPdh\"><p><a href=\"https:\/\/puntocritico.com\/ausajpuntocritico\/2017\/08\/26\/nuestras-vidas-son-mercancias\/\">Hepatitis C: Nuestras vidas son mercancias<\/a><\/p><\/blockquote>\n<p><iframe loading=\"lazy\" class=\"wp-embedded-content\" sandbox=\"allow-scripts\" security=\"restricted\" style=\"position: absolute; clip: rect(1px, 1px, 1px, 1px);\" title=\"\u00abHepatitis C: Nuestras vidas son mercancias\u00bb \u2014 Punto Cr\u00edtico Derechos Humanos\" src=\"https:\/\/puntocritico.com\/ausajpuntocritico\/2017\/08\/26\/nuestras-vidas-son-mercancias\/embed\/#?secret=G4yoNE1eKv#?secret=uSmZXAJPdh\" data-secret=\"uSmZXAJPdh\" width=\"500\" height=\"282\" frameborder=\"0\" marginwidth=\"0\" marginheight=\"0\" scrolling=\"no\"><\/iframe><\/p>\n<blockquote class=\"wp-embedded-content\" data-secret=\"a9dmNAd0qy\"><p><a href=\"https:\/\/puntocritico.com\/ausajpuntocritico\/2016\/12\/27\/como-se-construye-un-nuevo-mundo-destruyendo-antes-este\/\">\u00bfC\u00f3mo se construye un nuevo mundo?: Destruyendo antes este.<\/a><\/p><\/blockquote>\n<p><iframe loading=\"lazy\" class=\"wp-embedded-content\" sandbox=\"allow-scripts\" security=\"restricted\" style=\"position: absolute; clip: rect(1px, 1px, 1px, 1px);\" title=\"\u00ab\u00bfC\u00f3mo se construye un nuevo mundo?: Destruyendo antes este.\u00bb \u2014 Punto Cr\u00edtico Derechos Humanos\" src=\"https:\/\/puntocritico.com\/ausajpuntocritico\/2016\/12\/27\/como-se-construye-un-nuevo-mundo-destruyendo-antes-este\/embed\/#?secret=ndsaIMRIxT#?secret=a9dmNAd0qy\" data-secret=\"a9dmNAd0qy\" width=\"500\" height=\"282\" frameborder=\"0\" marginwidth=\"0\" marginheight=\"0\" scrolling=\"no\"><\/iframe><\/p>\n<blockquote class=\"wp-embedded-content\" data-secret=\"uSmZXAJPdh\"><p><a href=\"https:\/\/puntocritico.com\/ausajpuntocritico\/2017\/08\/26\/nuestras-vidas-son-mercancias\/\">Hepatitis C: Nuestras vidas son mercancias<\/a><\/p><\/blockquote>\n<p><iframe loading=\"lazy\" class=\"wp-embedded-content\" sandbox=\"allow-scripts\" security=\"restricted\" style=\"position: absolute; clip: rect(1px, 1px, 1px, 1px);\" title=\"\u00abHepatitis C: Nuestras vidas son mercancias\u00bb \u2014 Punto Cr\u00edtico Derechos Humanos\" src=\"https:\/\/puntocritico.com\/ausajpuntocritico\/2017\/08\/26\/nuestras-vidas-son-mercancias\/embed\/#?secret=G4yoNE1eKv#?secret=uSmZXAJPdh\" data-secret=\"uSmZXAJPdh\" width=\"500\" height=\"282\" frameborder=\"0\" marginwidth=\"0\" marginheight=\"0\" scrolling=\"no\"><\/iframe><\/p>\n<blockquote class=\"wp-embedded-content\" data-secret=\"2JpXTgTuyK\"><p><a href=\"https:\/\/puntocritico.com\/ausajpuntocritico\/2021\/08\/23\/historia-del-sistema-electrico-espanol-parte-i-2\/\">HISTORIA DEL SISTEMA EL\u00c9CTRICO ESPA\u00d1OL (PARTE I)<\/a><\/p><\/blockquote>\n<p><iframe loading=\"lazy\" class=\"wp-embedded-content\" sandbox=\"allow-scripts\" security=\"restricted\" style=\"position: absolute; clip: rect(1px, 1px, 1px, 1px);\" title=\"\u00abHISTORIA DEL SISTEMA EL\u00c9CTRICO ESPA\u00d1OL (PARTE I)\u00bb \u2014 Punto Cr\u00edtico Derechos Humanos\" src=\"https:\/\/puntocritico.com\/ausajpuntocritico\/2021\/08\/23\/historia-del-sistema-electrico-espanol-parte-i-2\/embed\/#?secret=ZG8gIuLcmm#?secret=2JpXTgTuyK\" data-secret=\"2JpXTgTuyK\" width=\"500\" height=\"282\" frameborder=\"0\" marginwidth=\"0\" marginheight=\"0\" scrolling=\"no\"><\/iframe><\/p>\n<p><a href=\"https:\/\/puntocritico.com\/ausajpuntocritico\/author\/punto-critico\/\"><img loading=\"lazy\" decoding=\"async\" class=\"aligncenter wp-image-9528\" src=\"https:\/\/puntocritico.com\/ausajpuntocritico\/wp-content\/uploads\/2018\/03\/Mosca_Punto_Cr\u00edtico_40.png\" alt=\"\" width=\"80\" height=\"80\" data-id=\"9528\" \/><\/a><\/p>\n<p>&nbsp;<\/p>\n","protected":false},"excerpt":{"rendered":"<div class=\"mh-excerpt\"><p>25 A\u00d1OS DEFRAUDANDO EN LA CONTRATACI\u00d3N P\u00daBLICA: EL C\u00c1RTEL DE CONSTRUCTORAS &nbsp; La CNMC multa con 203 millones a ACS, Acciona, OHL, FCC, Ferrovial y Sacyr por alterar contratos desde 1992 El organismo afirma que <a class=\"mh-excerpt-more\" href=\"https:\/\/puntocritico.com\/ausajpuntocritico\/2022\/07\/12\/cartel-de-constructoras\/\" title=\"25 A\u00d1OS DEFRAUDANDO EN LA CONTRATACI\u00d3N P\u00daBLICA: EL C\u00c1RTEL DE CONSTRUCTORAS Y EL R\u00c9GIMEN DEL 78. La transici\u00f3n espa\u00f1ola: El tr\u00e1nsito del Delito al Crimen. Siempre impunes.\">[&#8230;]<\/a><\/p>\n<\/div>","protected":false},"author":3,"featured_media":2252044,"comment_status":"open","ping_status":"closed","sticky":false,"template":"","format":"standard","meta":{"_acf_changed":false,"_exactmetrics_skip_tracking":false,"_exactmetrics_sitenote_active":false,"_exactmetrics_sitenote_note":"","_exactmetrics_sitenote_category":0,"footnotes":""},"categories":[7],"tags":[40],"class_list":{"0":"post-2251727","1":"post","2":"type-post","3":"status-publish","4":"format-standard","5":"has-post-thumbnail","7":"category-politica","8":"tag-regimen-del-78"},"acf":[],"_links":{"self":[{"href":"https:\/\/puntocritico.com\/ausajpuntocritico\/wp-json\/wp\/v2\/posts\/2251727","targetHints":{"allow":["GET"]}}],"collection":[{"href":"https:\/\/puntocritico.com\/ausajpuntocritico\/wp-json\/wp\/v2\/posts"}],"about":[{"href":"https:\/\/puntocritico.com\/ausajpuntocritico\/wp-json\/wp\/v2\/types\/post"}],"author":[{"embeddable":true,"href":"https:\/\/puntocritico.com\/ausajpuntocritico\/wp-json\/wp\/v2\/users\/3"}],"replies":[{"embeddable":true,"href":"https:\/\/puntocritico.com\/ausajpuntocritico\/wp-json\/wp\/v2\/comments?post=2251727"}],"version-history":[{"count":0,"href":"https:\/\/puntocritico.com\/ausajpuntocritico\/wp-json\/wp\/v2\/posts\/2251727\/revisions"}],"wp:featuredmedia":[{"embeddable":true,"href":"https:\/\/puntocritico.com\/ausajpuntocritico\/wp-json\/wp\/v2\/media\/2252044"}],"wp:attachment":[{"href":"https:\/\/puntocritico.com\/ausajpuntocritico\/wp-json\/wp\/v2\/media?parent=2251727"}],"wp:term":[{"taxonomy":"category","embeddable":true,"href":"https:\/\/puntocritico.com\/ausajpuntocritico\/wp-json\/wp\/v2\/categories?post=2251727"},{"taxonomy":"post_tag","embeddable":true,"href":"https:\/\/puntocritico.com\/ausajpuntocritico\/wp-json\/wp\/v2\/tags?post=2251727"}],"curies":[{"name":"wp","href":"https:\/\/api.w.org\/{rel}","templated":true}]}}