{"id":2251705,"date":"2022-07-28T00:05:55","date_gmt":"2022-07-27T22:05:55","guid":{"rendered":"https:\/\/puntocritico.com\/ausajpuntocritico\/?p=2251705"},"modified":"2022-07-27T10:02:46","modified_gmt":"2022-07-27T08:02:46","slug":"globalizacion-de-la-guerra-hibrida-entre-estados","status":"publish","type":"post","link":"https:\/\/puntocritico.com\/ausajpuntocritico\/2022\/07\/28\/globalizacion-de-la-guerra-hibrida-entre-estados\/","title":{"rendered":"GUERRAS H\u00cdBRIDAS (V): GLOBALIZACI\u00d3N DE LA GUERRA H\u00cdBRIDA ENTRE ESTADOS: \u00abGuerras H\u00edbridas en Asia Central y el tablero de ajedrez de Estados Unidos\u00bb, por Jorge Cachinero"},"content":{"rendered":"<p style=\"text-align: justify;\"><span style=\"color: #008000; font-size: 14pt;\">GLOBALIZACI\u00d3N DE LA GUERRA H\u00cdBRIDA ENTRE ESTADOS<\/span><\/p>\n<p style=\"text-align: justify;\"><span style=\"font-size: 14pt;\"><\/span><\/p>\n<p>&nbsp;<\/p>\n<blockquote>\n<h2 class=\"titular\" style=\"text-align: center;\"><span style=\"font-size: 24pt;\"><strong>Ucrania y la \u00bfunidad de Occidente?<\/strong><\/span><\/h2>\n<p style=\"text-align: justify;\"><span style=\"font-size: 14pt;\">Por Jorge Cachinero<\/span><\/p>\n<p style=\"text-align: justify;\"><span style=\"font-size: 14pt;\"><a href=\"https:\/\/abcblogs.abc.es\/jorge-cachinero\/otros-temas\/ucrania-y-la-unidad-de-occidente.html#vca=mod-friso-p3&amp;vmc=blogs-blogs&amp;vso=Ucrania%20y%20la%20%C2%BFunidad%20de%20Occidente%3F&amp;vli=portada.portada\" target=\"_blank\" rel=\"noopener\">ABC<\/a>, 7 JULIO 2022<\/span><\/p>\n<figure id=\"attachment_2251706\" aria-describedby=\"caption-attachment-2251706\" style=\"width: 660px\" class=\"wp-caption aligncenter\"><img loading=\"lazy\" decoding=\"async\" class=\"wp-image-2251706\" src=\"https:\/\/puntocritico.com\/ausajpuntocritico\/wp-content\/uploads\/2022\/07\/58-Ucrania-y-la-unidad-de-Occidente-22.07.11-Portada-Scholz-516x315-1.jpg\" alt=\"GLOBALIZACI\u00d3N DE LA GUERRA H\u00cdBRIDA ENTRE ESTADOS\" width=\"660\" height=\"403\" data-id=\"2251706\" srcset=\"https:\/\/puntocritico.com\/ausajpuntocritico\/wp-content\/uploads\/2022\/07\/58-Ucrania-y-la-unidad-de-Occidente-22.07.11-Portada-Scholz-516x315-1.jpg 516w, https:\/\/puntocritico.com\/ausajpuntocritico\/wp-content\/uploads\/2022\/07\/58-Ucrania-y-la-unidad-de-Occidente-22.07.11-Portada-Scholz-516x315-1-300x183.jpg 300w\" sizes=\"auto, (max-width: 660px) 100vw, 660px\" \/><figcaption id=\"caption-attachment-2251706\" class=\"wp-caption-text\"><span style=\"color: #008000;\">Scholz<\/span><\/figcaption><\/figure>\n<p>&nbsp;<\/p>\n<p style=\"text-align: justify;\"><span style=\"font-size: 14pt;\"><em>\u201cOccidente est\u00e1 m\u00e1s unida que nunca como resultado de la intervenci\u00f3n de la Federaci\u00f3n Rusa en\u00a0Ucrania\u201c.<\/em><\/span><\/p>\n<p style=\"text-align: justify;\"><span style=\"font-size: 14pt;\">O, por lo menos, eso es lo que afirman los gobiernos de los pa\u00edses del\u00a0<strong>G7<\/strong>\u00a0-Alemania, Canad\u00e1, Estados Unidos (EE. UU.), Francia, Italia, Jap\u00f3n y el Reino Unido-, los de los 27 miembros de la\u00a0<strong>Uni\u00f3n Europea (UE)<\/strong>\u00a0-Alemania, Austria, B\u00e9lgica, Bulgaria, Chipre, Croacia, Dinamarca, Eslovaquia, Eslovenia, Espa\u00f1a, Estonia, Finlandia, Francia, Grecia, Hungr\u00eda, Irlanda, Italia, Letonia, Lituania, Luxemburgo, Malta, Pa\u00edses Bajos, Polonia, Portugal, Rep\u00fablica Checa, Ruman\u00eda y Suecia- y los de los 30 socios de la\u00a0<strong>Organizaci\u00f3n del Tratado del Atl\u00e1ntico Norte (OTAN)<\/strong>\u00a0-Albania, Alemania, B\u00e9lgica, Bulgaria, Canad\u00e1, Croacia, Dinamarca, EE. UU., Eslovaquia, Eslovenia, Espa\u00f1a, Estonia, Francia, Grecia, Hungr\u00eda, Islandia, Italia, Letonia, Lituania, Luxemburgo, Macedonia del Norte, Montenegro, Noruega, Pa\u00edses Bajos, Polonia, Portugal, Reino Unido, Rep\u00fablica Checa, Ruman\u00eda y Turqu\u00eda-.<\/span><\/p>\n<p>&nbsp;<\/p>\n<figure id=\"attachment_2251709\" aria-describedby=\"caption-attachment-2251709\" style=\"width: 775px\" class=\"wp-caption aligncenter\"><img loading=\"lazy\" decoding=\"async\" class=\"size-full wp-image-2251709\" src=\"https:\/\/puntocritico.com\/ausajpuntocritico\/wp-content\/uploads\/2022\/07\/58-Ucrania-y-la-unidad-de-Occidente-22.07.11-Stoltenberg.jpg\" alt=\"\" width=\"775\" height=\"517\" data-id=\"2251709\" srcset=\"https:\/\/puntocritico.com\/ausajpuntocritico\/wp-content\/uploads\/2022\/07\/58-Ucrania-y-la-unidad-de-Occidente-22.07.11-Stoltenberg.jpg 775w, https:\/\/puntocritico.com\/ausajpuntocritico\/wp-content\/uploads\/2022\/07\/58-Ucrania-y-la-unidad-de-Occidente-22.07.11-Stoltenberg-300x200.jpg 300w, https:\/\/puntocritico.com\/ausajpuntocritico\/wp-content\/uploads\/2022\/07\/58-Ucrania-y-la-unidad-de-Occidente-22.07.11-Stoltenberg-768x512.jpg 768w, https:\/\/puntocritico.com\/ausajpuntocritico\/wp-content\/uploads\/2022\/07\/58-Ucrania-y-la-unidad-de-Occidente-22.07.11-Stoltenberg-610x407.jpg 610w\" sizes=\"auto, (max-width: 775px) 100vw, 775px\" \/><figcaption id=\"caption-attachment-2251709\" class=\"wp-caption-text\"><span style=\"color: #008000;\">Stoltenberg, Madrid, 30 de junio de 2022<\/span><\/figcaption><\/figure>\n<p>&nbsp;<\/p>\n<p style=\"text-align: justify;\"><span style=\"font-size: 14pt;\">Algunos de ellos lo han declarado hasta tres veces en tres foros distintos.<\/span><\/p>\n<p style=\"text-align: justify;\"><span style=\"font-size: 14pt;\">La pregunta pertinente en este punto es\u00a0<strong>si<\/strong>, efectivamente,\u00a0<strong>esa unidad occidental es real o si, por el contrario, es meramente cosm\u00e9tica y cuenta con una limitada expectativa de pervivencia<\/strong>.<\/span><\/p>\n<p style=\"text-align: justify;\"><span style=\"font-size: 14pt;\">El origen de la movilizaci\u00f3n de estas tres organizaciones durante las \u00faltimas semanas se dice que es el enfrentamiento militar y econ\u00f3mico -que, en realidad, ha sido iniciado por EE. UU., a trav\u00e9s de su\u00a0<em>apoderado<\/em>, Ucrania- contra Rusia, al que, por el momento, se han dejado arrastrar, en distinto grado de intensidad, todas las organizaciones y todas las naciones mencionadas.<\/span><\/p>\n<p style=\"text-align: justify;\"><span style=\"font-size: 14pt;\">En relaci\u00f3n con dicho conflicto,\u00a0<strong>la Federaci\u00f3n Rusa tiene mucho m\u00e1s claro que Occidente cu\u00e1les son los objetivos pol\u00edticos, militares y econ\u00f3micos que quiere alcanzar<\/strong>, mientras que el nuevo foco militar y de seguridad de la OTAN sobre Rusia y sobre China, de forma simult\u00e1nea, es amorfo y, por lo tanto, es dif\u00edcil de entender por los ciudadanos de todas esas naciones.<\/span><\/p>\n<p>&nbsp;<\/p>\n<figure id=\"attachment_2251711\" aria-describedby=\"caption-attachment-2251711\" style=\"width: 678px\" class=\"wp-caption aligncenter\"><img loading=\"lazy\" decoding=\"async\" class=\"wp-image-2251711 size-mh-magazine-content\" src=\"https:\/\/puntocritico.com\/ausajpuntocritico\/wp-content\/uploads\/2022\/07\/58-Ucrania-y-la-unidad-de-Occidente-22.07.11-Putin-678x381.jpg\" alt=\"\" width=\"678\" height=\"381\" data-id=\"2251711\" \/><figcaption id=\"caption-attachment-2251711\" class=\"wp-caption-text\"><span style=\"color: #008000;\">Putin, Mosc\u00fa, 21 de febrero de 2022, durante el anuncio del reconocimiento de la independencia de las Rep\u00fablicas Populares de Donetsk y de Lugansk<\/span><\/figcaption><\/figure>\n<p style=\"text-align: justify;\">\u00a0<\/p>\n<p style=\"text-align: justify;\"><span style=\"font-size: 14pt;\">Asimismo,\u00a0<strong>Occidente corre el riesgo serio de alienarse de una gran parte del resto del mundo<\/strong>, como se puso de manifiesto al conocerse el resultado de la votaci\u00f3n que se realiz\u00f3 en la Organizaci\u00f3n de las Naciones Unidas (ONU), el 2 de marzo de 2022, para condenar el comportamiento de Rusia, dado que 39 pa\u00edses de \u00c1frica, de Am\u00e9rica Latina, de Asia y del Pr\u00f3ximo Oriente -China, India y \u00c1frica del Sur, entre ellos- no se sumaron a dicha moci\u00f3n.<\/span><\/p>\n<p style=\"text-align: justify;\"><span style=\"font-size: 14pt;\">En el terreno de los hechos pr\u00e1cticos y concretos, adem\u00e1s, numerosas naciones de esos continentes no s\u00f3lo no est\u00e1n aplicando las sanciones econ\u00f3micas impuestas por EE. UU. y por la UE contra Rusia, sino que, m\u00e1s bien, al contrario, est\u00e1n reforzando su cooperaci\u00f3n comercial y econ\u00f3mica con Rusia, en el peor de los casos para Occidente, o est\u00e1n\u00a0<em>sentadas sobre la valla<\/em>, al menos, en el mejor de los escenarios para EE. UU. y para sus aliados, a la espera de ver c\u00f3mo termina todo este embrollo lamentable.<\/span><\/p>\n<p style=\"text-align: justify;\"><span style=\"font-size: 14pt;\">Occidente deber\u00eda reflexionar sobre si estas reacciones mantienen alguna relaci\u00f3n con el hecho de que, desde otras regiones del mundo, pueda existir un cierto cansancio y un cinismo enraizado despu\u00e9s de d\u00e9cadas en las que se ha observado c\u00f3mo EE. UU. romp\u00eda las reglas del derecho internacional a conveniencia.<\/span><\/p>\n<p style=\"text-align: justify;\"><span style=\"font-size: 14pt;\">En definitiva, el argumento que utiliza Occidente, en estos momentos, de que\u00a0<em>el mundo vive un conflicto entre visiones y valores diferenciados ante el que hay que tomar partido<\/em>\u00a0suena a hueco cuando son muchos de los m\u00e1s importantes de\u00a0<strong>los propios pa\u00edses occidentales<\/strong>\u00a0los que, de forma suicida,\u00a0<strong>est\u00e1n atacando los tres pilares fundamentales de<\/strong>\u00a0<strong>la civilizaci\u00f3n occidental, a saber, el monote\u00edsmo de ra\u00edz judeocristiana, la filosof\u00eda griega y el derecho romano.<\/strong><\/span><\/p>\n<p style=\"text-align: justify;\"><span style=\"font-size: 14pt;\">Es atrevido exigirle a la poblaci\u00f3n del mundo que se agrupe en defensa de los valores occidentales cuando se observa que muchos de los gobernantes de los pa\u00edses del G7, de la UE y de la OTAN, desprecian y atacan sus ra\u00edces religiosas originales -mientras se alaba acr\u00edticamente al islamismo como una <em>bella religi\u00f3n de paz<\/em>-, denigran en los libros escolares y en los programas de las universidades a Arist\u00f3teles y a Plat\u00f3n como representantes de un\u00a0<em>heteropatriarcado blanco y machista<\/em>\u00a0y, por \u00faltimo, suplantan el imperio de la ley, la separaci\u00f3n de poderes y la independencia de la justicia para manipular resultados electorales y nombrar gobernantes ileg\u00edtimos o para actuar sin l\u00edmites y sin escr\u00fapulos en la b\u00fasqueda del beneficio material personal a costa del empobrecimiento de los ciudadanos a los que, en principio, se deben.<\/span><\/p>\n<p style=\"text-align: justify;\">\u00a0<\/p>\n<figure id=\"attachment_2251712\" aria-describedby=\"caption-attachment-2251712\" style=\"width: 575px\" class=\"wp-caption aligncenter\"><img loading=\"lazy\" decoding=\"async\" class=\"size-full wp-image-2251712\" src=\"https:\/\/puntocritico.com\/ausajpuntocritico\/wp-content\/uploads\/2022\/07\/58-Ucrania-y-la-unidad-de-Occidente-22.07.11-Aristoteles.jpg\" alt=\"\" width=\"575\" height=\"360\" data-id=\"2251712\" srcset=\"https:\/\/puntocritico.com\/ausajpuntocritico\/wp-content\/uploads\/2022\/07\/58-Ucrania-y-la-unidad-de-Occidente-22.07.11-Aristoteles.jpg 575w, https:\/\/puntocritico.com\/ausajpuntocritico\/wp-content\/uploads\/2022\/07\/58-Ucrania-y-la-unidad-de-Occidente-22.07.11-Aristoteles-300x188.jpg 300w\" sizes=\"auto, (max-width: 575px) 100vw, 575px\" \/><figcaption id=\"caption-attachment-2251712\" class=\"wp-caption-text\"><span style=\"color: #008000;\">Arist\u00f3teles<\/span><\/figcaption><\/figure>\n<p style=\"text-align: justify;\">\u00a0<\/p>\n<p style=\"text-align: justify;\"><span style=\"font-size: 14pt;\">Adem\u00e1s, el precio que Suecia y que Finlandia han pagado a Turqu\u00eda para evitar que \u00e9sta les bloquee su entrada en la OTAN ha sido el renunciar a esos supuestos valores europeos porque ambas han transigido con la reducci\u00f3n de los derechos de aquellos que buscan refugio pol\u00edtico en esos dos pa\u00edses, mereci\u00e9ndolo o no, al huir de la persecuci\u00f3n pol\u00edtica en Turqu\u00eda.<\/span><\/p>\n<p style=\"text-align: justify;\"><span style=\"font-size: 14pt;\"><strong>Los c\u00e1lculos pol\u00edticos internos de algunos de esos l\u00edderes nacionales no contribuyen a mejorar esta situaci\u00f3n.<\/strong><\/span><\/p>\n<p style=\"text-align: justify;\"><span style=\"font-size: 14pt;\">Por ejemplo, el presidente de la rep\u00fablica francesa, Emmanuel Macron, bracea y saca los codos para aprovechar la debilidad y la pobreza del liderazgo europeo para llenar el espacio vac\u00edo que \u00e9ste est\u00e1 dejando.<\/span><\/p>\n<p style=\"text-align: justify;\"><span style=\"font-size: 14pt;\">Hay que reconocerle a Macron que, despu\u00e9s de las elecciones presidenciales y de las elecciones parlamentarias francesas de 2022, parezca, ahora, m\u00e1s inclinado a consultar con sus socios europeos y que se haya alejado, aparentemente, de la arrogancia que transmit\u00eda desde septiembre de 2017.<\/span><\/p>\n<p style=\"text-align: justify;\"><span style=\"font-size: 14pt;\">El intento de Macron de hacer avanzar dentro de la UE una agenda de mayor\u00a0<em>soberan\u00eda europea<\/em>\u00a0frente a EE. UU. no es m\u00e1s que el reflejo de la debilidad que la UE siente porque sabe que EE. UU. ser\u00e1 mucho m\u00e1s selectivo en el futuro en sus compromisos con Europa, dado que el reto fundamental de los estadounidenses es hacer frente a su\u00a0<em>adversario estrat\u00e9gico<\/em>, es decir, China, para preservar su papel de\u00a0<em>hegemon<\/em>\u00a0mundial.<\/span><\/p>\n<p style=\"text-align: justify;\"><span style=\"font-size: 14pt;\">Los desaf\u00edos que Rusia y que China representan para Europa son distintos que los que estos dos pa\u00edses representan para EE. UU.<\/span><\/p>\n<p style=\"text-align: justify;\"><span style=\"font-size: 14pt;\">As\u00ed, para Europa, China es fundamentalmente un competidor tecnol\u00f3gico, no, un adversario geoestrat\u00e9gico o militar, a pesar de lo cual, cuando llegue el momento, EE. UU. le reclamar\u00e1 a Europa, en una relaci\u00f3n transatl\u00e1ntica que, cada d\u00eda, es m\u00e1s transaccional, que le ayude en su confrontaci\u00f3n con China.<\/span><\/p>\n<p style=\"text-align: justify;\"><span style=\"font-size: 14pt;\">La verdad es que el hecho de que 21 de los 27 miembros de la UE lo sean, simult\u00e1neamente, de la OTAN y que otros 2 quieran serlo -Suecia y Finlandia- empieza a difuminar las l\u00edneas de separaci\u00f3n entre una organizaci\u00f3n y otra, lo que no beneficia en nada a la UE.<\/span><\/p>\n<p style=\"text-align: justify;\"><span style=\"font-size: 14pt;\">Por su parte, el gobierno de EE. UU. vive, en estos momentos, con la inquietud de perder, tras las elecciones de mitad de mandato, en noviembre de este a\u00f1o, de acuerdo con lo que est\u00e1n anticipando las encuestas, el control de las dos c\u00e1maras legislativas, siempre y cuando los comicios estadounidenses no vuelvan a falsearse como sucedi\u00f3 con el resultado de las elecciones presidenciales de noviembre de 2020.<\/span><\/p>\n<p>&nbsp;<\/p>\n<figure id=\"attachment_2251713\" aria-describedby=\"caption-attachment-2251713\" style=\"width: 678px\" class=\"wp-caption aligncenter\"><img loading=\"lazy\" decoding=\"async\" class=\"wp-image-2251713 size-mh-magazine-content\" src=\"https:\/\/puntocritico.com\/ausajpuntocritico\/wp-content\/uploads\/2022\/07\/56-Ucrania-y-la-unidad-de-Occidente-22.07.04-Biden-1-678x381.jpg\" alt=\"\" width=\"678\" height=\"381\" data-id=\"2251713\" \/><figcaption id=\"caption-attachment-2251713\" class=\"wp-caption-text\"><span style=\"color: #008000;\">Warm Springs, Georgia, 27 de octubre de 2020, acto electoral del candidato del Partido Dem\u00f3crata, Joseph Biden, quien, supuestamente, obtuvo 81 millones de votos en las elecciones presidenciales de noviembre de 2020.<\/span><\/figcaption><\/figure>\n<p style=\"text-align: justify;\">\u00a0<\/p>\n<p style=\"text-align: justify;\"><span style=\"font-size: 14pt;\">Si el Partido Republicano consiguiera el objetivo pol\u00edtico de retomar el control del Congreso y del Senado, aumentar\u00edan las dificultades de Biden y su equipo para aprobar sanciones adicionales futuras contra Rusia, se mandar\u00eda un mensaje a China y a Rusia de que el tiempo habr\u00eda dejado de estar del lado de Biden y aumentar\u00eda la sensaci\u00f3n, en Mosc\u00fa y en Pek\u00edn, de que el sistema pol\u00edtico estadounidense est\u00e1 fragmentado y es d\u00e9bil.<\/span><\/p>\n<p style=\"text-align: justify;\"><span style=\"font-size: 14pt;\">Por \u00faltimo, a medida que se acerca el oto\u00f1o y el invierno, los ciudadanos de Europa y de EE. UU. empiezan a sentir el miedo de que el\u00a0<em>efecto retroceso<\/em>\u00a0de las sanciones suicidas que EE. UU. y la UE han impuesto sobre Rusia s\u00f3lo vaya a empeorar la prognosis pesimista sobre el futuro econ\u00f3mico de sus pa\u00edses.<\/span><\/p>\n<p style=\"text-align: justify;\"><span style=\"font-size: 14pt;\">En ese clima, es probable que aumente el descontento pol\u00edtico, ya existente, de estadounidenses, de brit\u00e1nicos, de franceses, de alemanes, de italianos, de espa\u00f1oles y del resto de los ciudadanos de los pa\u00edses miembros de la UE hacia sus gobernantes.<\/span><\/p>\n<p style=\"text-align: justify;\"><span style=\"font-size: 14pt;\">Ser\u00e1 interesante comprobar si los\u00a0<em>cambios de r\u00e9gimen<\/em>\u00a0\u2013<em>regime change<\/em>, en ingl\u00e9s- o, con m\u00e1s precisi\u00f3n, de gobiernos ser\u00e1n m\u00e1s factibles en Occidente, tras las sanciones de \u00e9ste a Rusia, que, en Mosc\u00fa, como se pretend\u00eda originalmente.<\/span><\/p>\n<p style=\"text-align: justify;\"><span style=\"font-size: 14pt;\">Por el momento,\u00a0<strong><a href=\"https:\/\/puntocritico.com\/ausajpuntocritico\/2022\/06\/18\/ucrania-como-hemos-llegado-a-esta-situacion\/\">Rusia parece que est\u00e1 navegando con destreza a trav\u00e9s de la supuesta tormenta que las sanciones econ\u00f3micas iban a provocar en su econom\u00eda<\/a>.<\/strong><\/span><\/p>\n<p style=\"text-align: justify;\"><span style=\"font-size: 14pt;\">Al poco de anunciarse \u00e9stas, el d\u00f3lar se intercambiaba por casi 120 rublos, mientras que hoy lo hace por 63, despu\u00e9s de semanas de haberlo hecho por 52.<\/span><\/p>\n<p style=\"text-align: justify;\"><span style=\"font-size: 14pt;\">El rublo se est\u00e1 fortaleciendo tanto que el Banco Central de la Federaci\u00f3n Rusa ha bajado los tipos de inter\u00e9s -al contrario de lo que est\u00e1 ocurriendo en Occidente- para evitar que su moneda se refuerce m\u00e1s de lo necesario.<\/span><\/p>\n<p style=\"text-align: justify;\"><span style=\"font-size: 14pt;\">El presupuesto de Rusia para 2022 se elabor\u00f3 sobre la hip\u00f3tesis de un precio del barril de petr\u00f3leo de 40 d\u00f3lares, que ya se encuentra en 101, tras haber llegado a los 120 en las \u00faltimas semanas.<\/span><\/p>\n<p style=\"text-align: justify;\"><span style=\"font-size: 14pt;\">Tras el anuncio de los pa\u00edses del G7, hace un par de semanas, de su objetivo de fijar un precio m\u00e1ximo para el petr\u00f3leo -aunque no hayan explicado, todav\u00eda, c\u00f3mo van a conseguir esto en un mercado que ya est\u00e1 controlado por un\u00a0<em>c\u00e1rtel<\/em>\u00a0de pa\u00edses exportadores,\u00a0<em>Organization of Petroleum Exporting Countries (OPEC)<\/em>, en ingl\u00e9s-, los analistas predicen que el barril de petr\u00f3leo podr\u00eda llegar pronto a los 200 d\u00f3lares.<\/span><\/p>\n<p style=\"text-align: justify;\"><span style=\"font-size: 14pt;\">No hace falta hacer n\u00fameros con mucho detalle para comprender por qu\u00e9 Rusia est\u00e1\u00a0<em>nadando<\/em>\u00a0en liquidez.<\/span><\/p>\n<p style=\"text-align: justify;\"><span style=\"font-size: 14pt;\">Desde enero de 2015, Occidente ha vivido en la creencia de que la ocurrencia arrogante del senador John McCain (q.e.p.d.), quien afirm\u00f3 que \u201c<em>Rusia es una gasolinera disfrazada de pa\u00eds<\/em>\u201d -\u201c<em>Russia is a gas station masquerading as a country<\/em>\u201d, en original-, era cierta.<\/span><\/p>\n<p style=\"text-align: justify;\"><span style=\"font-size: 14pt;\">La abundancia de la que Rusia disfruta en materias primas, especialmente, recursos naturales energ\u00e9ticos, en tierras raras, en materiales preciosos, en grano o en capacidad tecnol\u00f3gica o manufacturera -en un momento en el que Europa ha\u00a0<em>externalizado<\/em>, en gran medida, la suya a China- est\u00e1 mostrando cu\u00e1n equivocados estaban los que tomaron en serio la gracia de McCain.<\/span><\/p>\n<p style=\"text-align: justify;\"><span style=\"font-size: 14pt;\">La conclusi\u00f3n m\u00e1s dram\u00e1tica a la que han llegado\u00a0<strong>las \u00e9lites rusas<\/strong>, desde que comenz\u00f3 el conflicto actual en Ucrania, es que\u00a0<strong>desean romper, mental e intelectualmente, con Europa para siempre<\/strong>.<\/span><\/p>\n<p style=\"text-align: justify;\"><span style=\"font-size: 14pt;\">Rusia es una naci\u00f3n milenaria de naturaleza euroasi\u00e1tica.<\/span><\/p>\n<p style=\"text-align: justify;\"><span style=\"font-size: 14pt;\">De hecho, Rusia es el pa\u00eds m\u00e1s asi\u00e1tico de Europa y el m\u00e1s europeo de Asia.<\/span><\/p>\n<p style=\"text-align: justify;\"><span style=\"font-size: 14pt;\">Observar con atenci\u00f3n, de oeste a este y de este a oeste, repetidas veces, un mapa de pared a gran escala de toda Rusia ayuda a comprender la afirmaci\u00f3n anterior, sin que este hecho geogr\u00e1fico haya cuestionado, hasta ahora, el enraizamiento profundo de la historia, pol\u00edtica y cultural, rusa en la europea.<\/span><\/p>\n<p>&nbsp;<\/p>\n<figure id=\"attachment_2251714\" aria-describedby=\"caption-attachment-2251714\" style=\"width: 678px\" class=\"wp-caption aligncenter\"><img loading=\"lazy\" decoding=\"async\" class=\"wp-image-2251714 size-mh-magazine-content\" src=\"https:\/\/puntocritico.com\/ausajpuntocritico\/wp-content\/uploads\/2022\/07\/58-Ucrania-y-la-unidad-de-Occidente-22.07.11-Mapa-de-Rusia-y-Putin--678x381.jpg\" alt=\" GLOBALIZACI\u00d3N DE LAS GUERRAS H\u00cdBRIDAS ENTRE ESTADOS\" width=\"678\" height=\"381\" data-id=\"2251714\" \/><figcaption id=\"caption-attachment-2251714\" class=\"wp-caption-text\"><span style=\"color: #008000;\">Mapa de Rusia y Putin<\/span><\/figcaption><\/figure>\n<p style=\"text-align: justify;\">\u00a0<\/p>\n<p style=\"text-align: justify;\"><span style=\"font-size: 14pt;\">Sin embargo, despu\u00e9s de siglos de debate intelectual, cultural y art\u00edstico, sobre cu\u00e1l es la verdadera naturaleza del\u00a0<em>alma rusa<\/em>\u00a0\u2013<em>\u0440\u0443\u0441\u0441\u043a\u0430\u044f \u0434\u0443\u0448\u0430<\/em>, en ruso-, las clases dirigentes rusas parecen haber llegado a la conclusi\u00f3n de que no quieren saber nada de Europa en el futuro, a pesar de los intentos que Francia y Alemania siguen haciendo para lo contrario, es decir, para\u00a0<em>encontrar un lugar para Rusia en Europa<\/em>, como ambas suelen decir, de forma condescendiente.<\/span><\/p>\n<p style=\"text-align: justify;\"><span style=\"font-size: 14pt;\">Desde el colapso de la Uni\u00f3n Sovi\u00e9tica, Rusia siente que Occidente no s\u00f3lo ha rechazado sus intentos de aproximaci\u00f3n y de integraci\u00f3n en la arquitectura de seguridad de Europa -que incluyeron la solicitud de ingresar en la OTAN, a trav\u00e9s de la carta que el anterior presidente de Rusia, Boris Yeltsin, envi\u00f3, a tal efecto, a los cuarteles generales de la organizaci\u00f3n, en Bruselas, y en cuya\u00a0<em>caja fuerte<\/em>\u00a0se guarda-, sino que, con sus promesas incumplidas, ha intentado enga\u00f1ar a Rusia sobre sus verdaderas intenciones hacia ella.<\/span><\/p>\n<p style=\"text-align: justify;\"><span style=\"font-size: 14pt;\">La ecuaci\u00f3n planteada por el hecho de que 21 pa\u00edses de la UE sean miembros de la OTAN ratifica al presidente Vladimir Putin en su convicci\u00f3n de que ambas organizaciones no son m\u00e1s que las dos caras de una misma moneda.<\/span><\/p>\n<p style=\"text-align: justify;\"><span style=\"font-size: 14pt;\"><strong>El conflicto en Ucrania terminar\u00e1<\/strong>\u00a0como normalmente terminan todos, es decir,\u00a0<strong>con un acuerdo de paz en el que<\/strong>, como suele suceder,\u00a0<strong>el derrotado aceptar\u00e1 las condiciones que le imponga el vencedor<\/strong>.<\/span><\/p>\n<p style=\"text-align: justify;\"><span style=\"font-size: 14pt;\">En este caso, Ucrania tendr\u00e1 que someterse a las exigencias de Rusia y, cuanto m\u00e1s tarde en hacerlo, \u00e9stas ser\u00e1n m\u00e1s numerosas y onerosas.<\/span><\/p>\n<p style=\"text-align: justify;\"><span style=\"font-size: 14pt;\">Las obligaciones de esa capitulaci\u00f3n ucraniana incluir\u00e1n olvidarse de cualquier debate futuro sobre la soberan\u00eda rusa de la pen\u00ednsula de Crimea, aceptar la independencia de las rep\u00fablicas de Donetsk y de Lugansk, en la regi\u00f3n del Donbas, en toda la extensi\u00f3n de su territorio, de acuerdo con la constituci\u00f3n ucraniana actual, someterse a que procesos similares tengan lugar en las regiones de Odesa, de Nicolaiev, de Jerson, de Zaporiyia, de Dnipropetrovsk y de J\u00e1rkov -de tal forma que la Ucrania resultante dejar\u00e1 de tener salida al Mar Negro-, olvidar su aspiraci\u00f3n de incorporase a la OTAN y a la UE y, por \u00faltimo, aceptar que la nueva Ucrania no vuelva a tener, ni a entrenar unas Fuerzas Armadas que puedan representar una amenaza para Rusia.<\/span><\/p>\n<p>&nbsp;<\/p>\n<figure id=\"attachment_2251715\" aria-describedby=\"caption-attachment-2251715\" style=\"width: 678px\" class=\"wp-caption aligncenter\"><img loading=\"lazy\" decoding=\"async\" class=\"wp-image-2251715 size-mh-magazine-content\" src=\"https:\/\/puntocritico.com\/ausajpuntocritico\/wp-content\/uploads\/2022\/07\/58-Ucrania-y-la-unidad-de-Occidente-22.07.11-Ucrania-678x381.jpg\" alt=\"\" width=\"678\" height=\"381\" data-id=\"2251715\" \/><figcaption id=\"caption-attachment-2251715\" class=\"wp-caption-text\"><span style=\"color: #008000;\">Regiones de Ucrania y la regi\u00f3n de Crimea (Rusia)<\/span><\/figcaption><\/figure>\n<p style=\"text-align: justify;\">\u00a0<\/p>\n<p style=\"text-align: justify;\"><span style=\"font-size: 14pt;\">De esta resoluci\u00f3n del enfrentamiento, la UE saldr\u00e1 debilitada y su influencia en el mundo se hundir\u00e1 y EE. UU. comprobar\u00e1 que, en muchas regiones del planeta, se le habr\u00e1 perdido el respeto.<\/span><\/p>\n<p style=\"text-align: justify;\"><span style=\"font-size: 14pt;\">Ser optimista sobre lo anterior es enga\u00f1arse a uno mismo.<\/span><\/p>\n<p style=\"text-align: justify;\"><span style=\"font-size: 14pt;\">Este es el mundo hacia el que nos encaminamos por haber permitido que Biden y su equipo hayan provocado, en suelo europeo, un duelo, al que han arrastrado a los pa\u00edses de Europa, contra la primera potencia nuclear del mundo.<\/span><\/p>\n<\/blockquote>\n<p>&nbsp;<\/p>\n<figure id=\"attachment_625665\" aria-describedby=\"caption-attachment-625665\" style=\"width: 550px\" class=\"wp-caption aligncenter\"><img loading=\"lazy\" decoding=\"async\" class=\"wp-image-625665\" src=\"https:\/\/puntocritico.com\/ausajpuntocritico\/wp-content\/uploads\/2020\/07\/guerra-ruso-turca-mapa.jpg\" alt=\"\" width=\"550\" height=\"414\" data-id=\"625665\" srcset=\"https:\/\/puntocritico.com\/ausajpuntocritico\/wp-content\/uploads\/2020\/07\/guerra-ruso-turca-mapa.jpg 1200w, https:\/\/puntocritico.com\/ausajpuntocritico\/wp-content\/uploads\/2020\/07\/guerra-ruso-turca-mapa-300x226.jpg 300w, https:\/\/puntocritico.com\/ausajpuntocritico\/wp-content\/uploads\/2020\/07\/guerra-ruso-turca-mapa-1024x771.jpg 1024w, https:\/\/puntocritico.com\/ausajpuntocritico\/wp-content\/uploads\/2020\/07\/guerra-ruso-turca-mapa-768x578.jpg 768w, https:\/\/puntocritico.com\/ausajpuntocritico\/wp-content\/uploads\/2020\/07\/guerra-ruso-turca-mapa-610x459.jpg 610w, https:\/\/puntocritico.com\/ausajpuntocritico\/wp-content\/uploads\/2020\/07\/guerra-ruso-turca-mapa-678x509.jpg 678w, https:\/\/puntocritico.com\/ausajpuntocritico\/wp-content\/uploads\/2020\/07\/guerra-ruso-turca-mapa-326x245.jpg 326w, https:\/\/puntocritico.com\/ausajpuntocritico\/wp-content\/uploads\/2020\/07\/guerra-ruso-turca-mapa-80x60.jpg 80w\" sizes=\"auto, (max-width: 550px) 100vw, 550px\" \/><figcaption id=\"caption-attachment-625665\" class=\"wp-caption-text\"><span style=\"color: #008000;\">Serio-Comic War Map for the year 1877. London, 1877, Maps.1078.(36)<\/span><\/figcaption><\/figure>\n<p style=\"text-align: center;\"><span style=\"font-size: 18pt;\"><strong><span style=\"color: #008000;\">*******<\/span><\/strong><\/span><\/p>\n<p style=\"text-align: justify;\"><span style=\"font-size: 14pt; color: #008000;\"> GLOBALIZACI\u00d3N DE LAS GUERRAS H\u00cdBRIDAS ENTRE ESTADOS<\/span><\/p>\n<h2 class=\"titular\" style=\"text-align: center;\"><span style=\"font-size: 24pt;\">GUERRAS H\u00cdBRIDAS en Asia Central y el tablero de ajedrez de Estados Unidos<\/span><\/h2>\n<blockquote>\n<p style=\"text-align: center;\"><strong><span style=\"font-size: 14pt;\">\u201c<em>En los conflictos contempor\u00e1neos es cada vez m\u00e1s frecuente que se d\u00e9 prioridad a un uso conjunto de medidas de car\u00e1cter no militar, pol\u00edticas, econ\u00f3micas, informativas y de otro tipo, que se ponen en pr\u00e1ctica con el sost\u00e9n de la fuerza militar. Son los llamados m\u00e9todos h\u00edbridos<\/em>\u201d<\/span><\/strong><\/p>\n<\/blockquote>\n<p style=\"text-align: justify;\"><span style=\"font-size: 14pt;\">Por Jorge Cachinero<\/span><\/p>\n<p style=\"text-align: justify;\"><span style=\"font-size: 14pt;\"><a href=\"https:\/\/abcblogs.abc.es\/jorge-cachinero\/otros-temas\/guerras-hibridas-en-el-tablero-de-ajedrez-de-estados-unidos.html#vca=mod-lo-mas-pos-3-rot&amp;vmc=leido&amp;vso=jorge-cachinero&amp;vli=noticia-post.blogs&amp;vtm_loMas=si\" target=\"_blank\" rel=\"noopener\">ABC<\/a>, 13 ENE 2022<\/span><\/p>\n<figure id=\"attachment_2247016\" aria-describedby=\"caption-attachment-2247016\" style=\"width: 516px\" class=\"wp-caption aligncenter\"><img loading=\"lazy\" decoding=\"async\" class=\"wp-image-2247016 size-full\" src=\"https:\/\/puntocritico.com\/ausajpuntocritico\/wp-content\/uploads\/2022\/05\/04-Guerras-Hibridas-en-el-tablero-de-ajedrez-de-Estados-Unidos-22.01.16-516x315-1.jpg\" alt=\"GUERRAS H\u00cdBRIDAS CONTRA EUROPA\" width=\"516\" height=\"315\" data-id=\"2247016\" srcset=\"https:\/\/puntocritico.com\/ausajpuntocritico\/wp-content\/uploads\/2022\/05\/04-Guerras-Hibridas-en-el-tablero-de-ajedrez-de-Estados-Unidos-22.01.16-516x315-1.jpg 516w, https:\/\/puntocritico.com\/ausajpuntocritico\/wp-content\/uploads\/2022\/05\/04-Guerras-Hibridas-en-el-tablero-de-ajedrez-de-Estados-Unidos-22.01.16-516x315-1-300x183.jpg 300w\" sizes=\"auto, (max-width: 516px) 100vw, 516px\" \/><figcaption id=\"caption-attachment-2247016\" class=\"wp-caption-text\"><span style=\"color: #008000;\">Edificio de la alcald\u00eda de Almaty, Kazajist\u00e1n, 5 de enero de 2022<\/span><\/figcaption><\/figure>\n<p>&nbsp;<\/p>\n<p style=\"text-align: justify;\"><span style=\"font-size: 14pt;\">Se suele asociar el nombre del general Valery Gerasimov, jefe del Estado Mayor General de las Fuerzas Armadas de la Federaci\u00f3n Rusa, con el origen de las expresiones \u201c<em>guerra h\u00edbrida<\/em>\u201d o \u201c<em>m\u00e9todos h\u00edbridos<\/em>\u201d como definitorias de los conflictos militares del siglo XXI.<\/span><\/p>\n<p style=\"text-align: justify;\"><span style=\"font-size: 14pt;\">Es cierto que, a finales de enero de 2013, el general Gerasimov pronunci\u00f3 un discurso ante la Academia de Ciencias Militares de su pa\u00eds, que fue publicado por\u00a0<em><u>Voienno-Promyshlenny Kurier<\/u><\/em>, bajo el t\u00edtulo \u201cEl valor de la ciencia radica en la anticipaci\u00f3n\u201d, y que, tres a\u00f1os despu\u00e9s, el 27 de febrero de 2016, el general Gerasimov volvi\u00f3 a hablar ante la Academia de Ciencias Militares sobre las caracter\u00edsticas de las guerras contempor\u00e1neas.<\/span><\/p>\n<p style=\"text-align: justify;\"><span style=\"font-size: 14pt;\">La caracterizaci\u00f3n que el general Gerasimov hizo en esos textos de los conflictos militares contempor\u00e1neos incorporaba la utilizaci\u00f3n de expresiones como \u201c<em>guerra h\u00edbrida<\/em>\u201d o \u201c<em>m\u00e9todos h\u00edbridos<\/em>\u201d, que hab\u00edan estado ausentes, hasta ese momento, del l\u00e9xico militar oficial ruso.<\/span><\/p>\n<p>&nbsp;<\/p>\n<figure id=\"attachment_2247015\" aria-describedby=\"caption-attachment-2247015\" style=\"width: 678px\" class=\"wp-caption aligncenter\"><img loading=\"lazy\" decoding=\"async\" class=\"wp-image-2247015 size-mh-magazine-content\" src=\"https:\/\/puntocritico.com\/ausajpuntocritico\/wp-content\/uploads\/2022\/05\/04-Guerras-Hibridas-en-el-tablero-de-ajedrez-de-Estados-Unidos-22.01.16-General-Gerasimov-678x381.jpg\" alt=\"\" width=\"678\" height=\"381\" data-id=\"2247015\" srcset=\"https:\/\/puntocritico.com\/ausajpuntocritico\/wp-content\/uploads\/2022\/05\/04-Guerras-Hibridas-en-el-tablero-de-ajedrez-de-Estados-Unidos-22.01.16-General-Gerasimov-678x381.jpg 678w, https:\/\/puntocritico.com\/ausajpuntocritico\/wp-content\/uploads\/2022\/05\/04-Guerras-Hibridas-en-el-tablero-de-ajedrez-de-Estados-Unidos-22.01.16-General-Gerasimov-300x169.jpg 300w, https:\/\/puntocritico.com\/ausajpuntocritico\/wp-content\/uploads\/2022\/05\/04-Guerras-Hibridas-en-el-tablero-de-ajedrez-de-Estados-Unidos-22.01.16-General-Gerasimov-1024x576.jpg 1024w, https:\/\/puntocritico.com\/ausajpuntocritico\/wp-content\/uploads\/2022\/05\/04-Guerras-Hibridas-en-el-tablero-de-ajedrez-de-Estados-Unidos-22.01.16-General-Gerasimov-768x432.jpg 768w, https:\/\/puntocritico.com\/ausajpuntocritico\/wp-content\/uploads\/2022\/05\/04-Guerras-Hibridas-en-el-tablero-de-ajedrez-de-Estados-Unidos-22.01.16-General-Gerasimov-610x343.jpg 610w, https:\/\/puntocritico.com\/ausajpuntocritico\/wp-content\/uploads\/2022\/05\/04-Guerras-Hibridas-en-el-tablero-de-ajedrez-de-Estados-Unidos-22.01.16-General-Gerasimov-1320x743.jpg 1320w, https:\/\/puntocritico.com\/ausajpuntocritico\/wp-content\/uploads\/2022\/05\/04-Guerras-Hibridas-en-el-tablero-de-ajedrez-de-Estados-Unidos-22.01.16-General-Gerasimov.jpg 1360w\" sizes=\"auto, (max-width: 678px) 100vw, 678px\" \/><figcaption id=\"caption-attachment-2247015\" class=\"wp-caption-text\"><span style=\"color: #008000;\">General Valery Gerasimov<\/span><\/figcaption><\/figure>\n<p style=\"text-align: justify;\">\u00a0<\/p>\n<p style=\"text-align: justify;\"><span style=\"font-size: 14pt;\">En palabras del general Gerasimov, \u201c<em>en los conflictos contempor\u00e1neos es cada vez m\u00e1s frecuente que se d\u00e9 prioridad a un uso conjunto de medidas de car\u00e1cter no militar, pol\u00edticas, econ\u00f3micas, informativas y de otro tipo, que se ponen en pr\u00e1ctica con el sost\u00e9n de la fuerza militar. Son los llamados m\u00e9todos h\u00edbridos<\/em>\u201d.<\/span><\/p>\n<p style=\"text-align: justify;\"><span style=\"font-size: 14pt;\">Sin embargo, en el pensamiento militar universal existe formulada, desde los tiempos de <a href=\"https:\/\/puntocritico.com\/ausajpuntocritico\/2021\/06\/10\/sun-tzu-el-arte-de-la-guerra-someter-al-enemigo-sin-librar-combate-por-jaime-barrera-parra\/\">Sun Tzu<\/a> (544 a.C. \u2013 496 a.C.), general y estratega militar chino, autor de\u00a0<u>El arte de la guerra<\/u>\u00a0\u2013<em>Bingfa<\/em>, en chino, el que es, probablemente, el primer tratado conocido sobre la guerra y sobre ciencia militar-, la aspiraci\u00f3n de alcanzar \u201c<em>la excelencia suprema<\/em>\u00a0(que)\u00a0<em>consiste en quebrar la resistencia del enemigo sin necesidad de combatir<\/em>\u201d.<\/span><\/p>\n<p style=\"text-align: justify;\"><span style=\"font-size: 14pt;\">Este tipo de guerra indirecta, que evita los costes pol\u00edticos, econ\u00f3micos y f\u00edsicos de la guerra directa, est\u00e1 enraizado como concepto en el pensamiento estrat\u00e9gico estadounidense y se ha usado frecuentemente por Estados Unidos (EE. UU.).<\/span><\/p>\n<p style=\"text-align: justify;\"><span style=\"font-size: 14pt;\">En 2014, el general Gerasimov introdujo, durante una presentaci\u00f3n p\u00fablica en Mosc\u00fa, el concepto de la \u201c<em>aproximaci\u00f3n adaptativa<\/em>\u201d al referirse a un uso por un Estado de medios no militares -por ejemplo, las\u00a0<em>revoluciones de colores<\/em>, que, para entonces, ya se hab\u00edan experimentado en Siria, en 2011, o en Ucrania, en 2013 y en 2014-, que, a la vez, cuentan con el soporte de fuerza militar encubierta y de interferencia militar abierta -ambas componentes de la llamada\u00a0<em>guerra no convencional<\/em>-, una vez encontrado el pretexto adecuado, contra un Estado adversario.<\/span><\/p>\n<p>&nbsp;<\/p>\n<figure id=\"attachment_2247014\" aria-describedby=\"caption-attachment-2247014\" style=\"width: 678px\" class=\"wp-caption aligncenter\"><img loading=\"lazy\" decoding=\"async\" class=\"wp-image-2247014 size-mh-magazine-content\" src=\"https:\/\/puntocritico.com\/ausajpuntocritico\/wp-content\/uploads\/2022\/05\/04-Guerras-Hibridas-en-el-tablero-de-ajedrez-de-Estados-Unidos-22.01.16-Kiev-2014-678x381.jpg\" alt=\"\" width=\"678\" height=\"381\" data-id=\"2247014\" srcset=\"https:\/\/puntocritico.com\/ausajpuntocritico\/wp-content\/uploads\/2022\/05\/04-Guerras-Hibridas-en-el-tablero-de-ajedrez-de-Estados-Unidos-22.01.16-Kiev-2014-678x381.jpg 678w, https:\/\/puntocritico.com\/ausajpuntocritico\/wp-content\/uploads\/2022\/05\/04-Guerras-Hibridas-en-el-tablero-de-ajedrez-de-Estados-Unidos-22.01.16-Kiev-2014-300x169.jpg 300w, https:\/\/puntocritico.com\/ausajpuntocritico\/wp-content\/uploads\/2022\/05\/04-Guerras-Hibridas-en-el-tablero-de-ajedrez-de-Estados-Unidos-22.01.16-Kiev-2014-768x432.jpg 768w, https:\/\/puntocritico.com\/ausajpuntocritico\/wp-content\/uploads\/2022\/05\/04-Guerras-Hibridas-en-el-tablero-de-ajedrez-de-Estados-Unidos-22.01.16-Kiev-2014-610x343.jpg 610w, https:\/\/puntocritico.com\/ausajpuntocritico\/wp-content\/uploads\/2022\/05\/04-Guerras-Hibridas-en-el-tablero-de-ajedrez-de-Estados-Unidos-22.01.16-Kiev-2014.jpg 940w\" sizes=\"auto, (max-width: 678px) 100vw, 678px\" \/><figcaption id=\"caption-attachment-2247014\" class=\"wp-caption-text\"><span style=\"color: #008000;\">Kiev, Ucrania, febrero de 2014<\/span><\/figcaption><\/figure>\n<p style=\"text-align: justify;\">\u00a0<\/p>\n<p style=\"text-align: justify;\"><span style=\"font-size: 14pt;\">A esta combinaci\u00f3n del uso de\u00a0<em>revoluciones de colores<\/em>\u00a0y de m\u00e9todos de\u00a0<em>guerra no convencional<\/em>\u00a0es lo que se denomina como <a href=\"https:\/\/puntocritico.com\/ausajpuntocritico\/2022\/07\/06\/la-amenaza-hibrida\/\">\u201c<em>Guerras H\u00edbridas<\/em>\u201d<\/a> y es, cada vez m\u00e1s, frecuentemente atribuida a la forma en la que EE. UU. proyecta su fuerza, especialmente, en geograf\u00edas y en territorios cercanos a Rusia, en los que EE. UU. no quiere, o sabe que no puede, utilizar, con \u00e9xito, sus recursos militares, de una forma abierta.<\/span><\/p>\n<p style=\"text-align: justify;\"><span style=\"font-size: 14pt;\">En el sustrato doctrinal de esta forma de actuar de EE. UU. se encuentra la influencia profunda del pensamiento del ge\u00f3grafo brit\u00e1nico Halford Mackinder y su\u00a0<em><u>The Geographical Pivot of History<\/u><\/em>, de 1904, que subrayaba la importancia del poder terrestre en la capacidad para controlar el mundo frente a la tesis previa de su duelista te\u00f3rico, Alfred Thayer Mahan, quien, en 1890, con su\u00a0<em><u>The Influence of Sea Power Upon History<\/u><\/em>, hab\u00eda teorizado sobre la importancia de la estrategia naval de las naciones para proyectar su influencia global.<\/span><\/p>\n<p style=\"text-align: justify;\"><span style=\"font-size: 14pt;\">Para Mackinder, el control del\u00a0<em>Heartland<\/em>\u00a0-coraz\u00f3n o centro geogr\u00e1fico del mundo, en espa\u00f1ol-, es decir, Rusia y Asia Central, otorga el control sobre la isla mundial \u2013<em>World-Island<\/em>, en ingl\u00e9s-, es decir, Eurasia, cuyas\u00a0<em>costas<\/em>\u00a0eran definidas como el\u00a0<em>Inner Crescent<\/em>, es decir, la curva en forma de medialuna que, dentro del\u00a0<em>Heartland<\/em>, lo circunda y est\u00e1 en contacto con el oc\u00e9ano, es decir, los mares del planeta.<\/span><\/p>\n<p style=\"text-align: justify;\"><span style=\"font-size: 14pt;\">En esta visi\u00f3n del mundo de Mackinder, la Europa del Este es la puerta de entrada al coraz\u00f3n \u2013<em>Heartland<\/em>\u2013 geogr\u00e1fico del mundo, de tal forma que quien gobierna la Europa Oriental, manda sobre el\u00a0<em>Heartland<\/em>; quien gobierna en el\u00a0<em>Heartland<\/em>, manda sobre el\u00a0<em>World-Island<\/em>; y, por \u00faltimo, Mackinder concluye que quien gobierna el\u00a0<em>World-Island<\/em>, manda en el mundo.<\/span><\/p>\n<p>&nbsp;<\/p>\n<figure id=\"attachment_2247013\" aria-describedby=\"caption-attachment-2247013\" style=\"width: 678px\" class=\"wp-caption aligncenter\"><img loading=\"lazy\" decoding=\"async\" class=\"wp-image-2247013 size-mh-magazine-content\" src=\"https:\/\/puntocritico.com\/ausajpuntocritico\/wp-content\/uploads\/2022\/05\/04-Guerras-Hibridas-en-el-tablero-de-ajedrez-de-Estados-Unidos-22.01.16-El-mapa-de-la-tesis-de-Mackinder-678x381.jpg\" alt=\"\" width=\"678\" height=\"381\" data-id=\"2247013\" \/><figcaption id=\"caption-attachment-2247013\" class=\"wp-caption-text\"><span style=\"color: #008000;\">Mapa de representaci\u00f3n de la tesis de Mackinder sobre el mundo<\/span><\/figcaption><\/figure>\n<p>&nbsp;<\/p>\n<p style=\"text-align: justify;\"><span style=\"font-size: 14pt;\">Desde que Mackinder vio el mundo as\u00ed, pensadores, especialmente, polacos -como Josef Pilduslki- y estadounidenses &#8211;<\/span><\/p>\n<figure id=\"attachment_2247012\" aria-describedby=\"caption-attachment-2247012\" style=\"width: 280px\" class=\"wp-caption alignleft\"><img loading=\"lazy\" decoding=\"async\" class=\"wp-image-2247012\" src=\"https:\/\/puntocritico.com\/ausajpuntocritico\/wp-content\/uploads\/2022\/05\/Zbigniew-Brzezinski.jpg\" alt=\"\" width=\"280\" height=\"367\" data-id=\"2247012\" srcset=\"https:\/\/puntocritico.com\/ausajpuntocritico\/wp-content\/uploads\/2022\/05\/Zbigniew-Brzezinski.jpg 1857w, https:\/\/puntocritico.com\/ausajpuntocritico\/wp-content\/uploads\/2022\/05\/Zbigniew-Brzezinski-229x300.jpg 229w, https:\/\/puntocritico.com\/ausajpuntocritico\/wp-content\/uploads\/2022\/05\/Zbigniew-Brzezinski-780x1024.jpg 780w, https:\/\/puntocritico.com\/ausajpuntocritico\/wp-content\/uploads\/2022\/05\/Zbigniew-Brzezinski-768x1008.jpg 768w, https:\/\/puntocritico.com\/ausajpuntocritico\/wp-content\/uploads\/2022\/05\/Zbigniew-Brzezinski-1170x1536.jpg 1170w, https:\/\/puntocritico.com\/ausajpuntocritico\/wp-content\/uploads\/2022\/05\/Zbigniew-Brzezinski-1561x2048.jpg 1561w, https:\/\/puntocritico.com\/ausajpuntocritico\/wp-content\/uploads\/2022\/05\/Zbigniew-Brzezinski-610x801.jpg 610w, https:\/\/puntocritico.com\/ausajpuntocritico\/wp-content\/uploads\/2022\/05\/Zbigniew-Brzezinski-1320x1732.jpg 1320w\" sizes=\"auto, (max-width: 280px) 100vw, 280px\" \/><figcaption id=\"caption-attachment-2247012\" class=\"wp-caption-text\"><span style=\"color: #008000;\">Zbigniew Brzezinski<\/span><\/figcaption><\/figure>\n<p style=\"text-align: justify;\"><span style=\"font-size: 14pt;\">como Nicholas Spykman o Saul Cohen-, han tratado de formular estrategias que materializaran, en la pr\u00e1ctica, en el caso de estos \u00faltimos, la visi\u00f3n excepcional de EE. UU. como l\u00edder del mundo y sobre c\u00f3mo deber\u00eda utilizar mejor sus recursos para evitar el surgimiento de potencias mundiales competidoras, especialmente, aquellas que, por razones hist\u00f3ricas, nacieron y est\u00e1n asentadas en el\u00a0<em>Heartland<\/em>\u00a0del mundo.<\/span><\/p>\n<p style=\"text-align: justify;\"><span style=\"font-size: 14pt;\">Algunos de estos pensadores concibieron ideas como la de empujar a los pueblos no rusos a rebelarse contra la Uni\u00f3n Sovi\u00e9tica para fracturarla en entidades \u00e9tnicas diversas que sus vecinos pudieran explotar o como la de intentar controlar el\u00a0<em>Inner Crescent<\/em>\u00a0de forma que se pueda acceder al control de Eurasia y de \u00c1frica.<\/span><\/p>\n<p style=\"text-align: justify;\"><span style=\"font-size: 14pt;\">Zbigniew Brzezinski, profesor estadounidense, nacido en Varsovia e hijo de diplom\u00e1tico polaco, consejero del presidente estadounidense Lyndon B. Johnson, entre 1966 y 1968, y consejero de seguridad nacional del presidente estadounidense Jimmy Carter, entre 1977 y 1981, reformul\u00f3 muchas de las ense\u00f1anzas sacadas de los autores anteriormente mencionados, cuando, en 1997, public\u00f3 su\u00a0<em><u>The Grand Chessboard: American Primacy and its Geostrategic Imperatives<\/u><\/em>.<\/span><\/p>\n<p style=\"text-align: justify;\"><span style=\"font-size: 14pt;\">Para Brzezinski, si EE. UU. quiere preservar su liderazgo y dominio unipolar del mundo, deber\u00eda controlar Eurasia utilizando los que denomin\u00f3\u00a0<em>Balcanes Euroasi\u00e1ticos<\/em>\u00a0\u2013<em>Eurasian Balkans<\/em>, en ingl\u00e9s-, es decir, todos aquellos territorios del Sudeste europeo, de Asia Central, de partes del sur de Asia, del Golfo P\u00e9rsico y del Pr\u00f3ximo Oriente, que, en su opini\u00f3n, son, por naturaleza, inestables y, por lo tanto, susceptibles de sufrir la intromisi\u00f3n de vecinos m\u00e1s poderosos.<\/span><\/p>\n<p style=\"text-align: justify;\"><span style=\"font-size: 14pt;\">Adem\u00e1s, Brzezinski ampli\u00f3 los conceptos originales sobre las naciones del\u00a0<em>Inner Crescent<\/em>\u00a0para incluir en \u00e9l a las antiguas rep\u00fablicas sovi\u00e9ticas, ya independientes, de Asia Central y del C\u00e1ucaso, a las que defini\u00f3 como \u201c<em>calderas \u00e9tnicas<\/em>\u201d a las puertas de Rusia.<\/span><\/p>\n<p style=\"text-align: justify;\"><span style=\"font-size: 14pt;\">En fin, la visi\u00f3n de Brzezinski era una estrategia de desestabilizaci\u00f3n perif\u00e9rica de esos \u201c<em>Balcanes Euroasi\u00e1ticos<\/em>\u201d con el prop\u00f3sito, a trav\u00e9s del caos permanente, de debilitar a Rusia y preservar, as\u00ed, la hegemon\u00eda universal de EE. UU.<\/span><\/p>\n<p style=\"text-align: justify;\"><span style=\"font-size: 14pt;\">En el terreno de la doctrina militar, estas tesis se han visto acompa\u00f1adas por la conceptualizaci\u00f3n en EE. UU. -desde que, en 1989, William Lind y otros oficiales de la Fuerzas Armas de EE. UU. publicaran su \u201c<em>The Changing Face of War: Into the Fourth Generation<\/em>\u201d, en el\u00a0<em><u>Marine Corps Gazette<\/u><\/em>\u2013 de la llamada\u00a0<em>Guerra de Cuarta Generaci\u00f3n<\/em>.<\/span><\/p>\n<p>&nbsp;<\/p>\n<p><img loading=\"lazy\" decoding=\"async\" class=\"aligncenter wp-image-2247011\" src=\"https:\/\/puntocritico.com\/ausajpuntocritico\/wp-content\/uploads\/2022\/05\/04-Guerras-Hibridas-en-el-tablero-de-ajedrez-de-Estados-Unidos-22.01.16-Guerra-de-Cuarta-Generacion.jpg\" alt=\"\" width=\"440\" height=\"285\" data-id=\"2247011\" srcset=\"https:\/\/puntocritico.com\/ausajpuntocritico\/wp-content\/uploads\/2022\/05\/04-Guerras-Hibridas-en-el-tablero-de-ajedrez-de-Estados-Unidos-22.01.16-Guerra-de-Cuarta-Generacion.jpg 604w, https:\/\/puntocritico.com\/ausajpuntocritico\/wp-content\/uploads\/2022\/05\/04-Guerras-Hibridas-en-el-tablero-de-ajedrez-de-Estados-Unidos-22.01.16-Guerra-de-Cuarta-Generacion-300x194.jpg 300w\" sizes=\"auto, (max-width: 440px) 100vw, 440px\" \/><\/p>\n<p style=\"text-align: justify;\">\u00a0<\/p>\n<p style=\"text-align: justify;\"><span style=\"font-size: 14pt;\">Esta\u00a0<em>Guerra de Cuarta Generaci\u00f3n<\/em>\u00a0se define precisamente por su indefinici\u00f3n, dado que tiene lugar en un mundo m\u00e1s fluido, descentralizado, no linear y asim\u00e9trico.<\/span><\/p>\n<p style=\"text-align: justify;\"><span style=\"font-size: 14pt;\">Es una guerra sin teatros de operaciones para ej\u00e9rcitos regulares, sin trincheras y sin disparos entre soldados.<\/span><\/p>\n<p style=\"text-align: justify;\"><span style=\"font-size: 14pt;\">La guerra tiene lugar en un entorno en el que ha desaparecido la distinci\u00f3n entre la poblaci\u00f3n civil y las Instituciones Militares.<\/span><\/p>\n<p style=\"text-align: justify;\"><span style=\"font-size: 14pt;\">La fuerza se proyecta a trav\u00e9s de y gracias al soporte de un gran desarrollo tecnol\u00f3gico, con estructuras operativas ligeras y con un \u00e9nfasis especial puesto en las guerras de la informaci\u00f3n y de la comunicaci\u00f3n<\/span><\/p>\n<p style=\"text-align: justify;\"><span style=\"font-size: 14pt;\">Son guerras que se desarrollan a trav\u00e9s de operaciones especiales, psicol\u00f3gicas, de manipulaci\u00f3n y de intoxicaci\u00f3n, con medios cibern\u00e9ticos y bacteriol\u00f3gicos, fuera del marco del Estado-naci\u00f3n, atacando la cultura y la civilizaci\u00f3n de los adversarios.<\/span><\/p>\n<p style=\"text-align: justify;\"><span style=\"font-size: 14pt;\">Asimismo, si fuera necesario, los Estados combaten, dentro de este modelo, adaptando o mimetizando formas y maneras de actores no estatales, ya sean, originalmente, o de guerrilleros, o de la insurgencia urbana, o del sabotaje, o de terroristas o del crimen organizado transnacional \u2013<em>Transnational Organised Crime<\/em>\u00a0(TOC), en ingl\u00e9s-, o de combatientes no convencionales, o de mercenarios.<\/span><\/p>\n<p style=\"text-align: justify;\"><span style=\"font-size: 14pt;\">Lo dominante es el caos y el uso de m\u00e9todos no convencionales de combate, a trav\u00e9s de la utilizaci\u00f3n de aliados y de terceros, mientras que el liderazgo se ejerce en la sombra.<\/span><\/p>\n<p style=\"text-align: justify;\"><span style=\"font-size: 14pt;\">Esto es lo que define a las\u00a0<em>Guerras H\u00edbridas<\/em>\u00a0con las que EE. UU., como otras potencias, grandes o medianas, est\u00e1 muy bien familiarizado.<\/span><\/p>\n<p style=\"text-align: justify;\"><span style=\"font-size: 14pt;\">EE. UU. ha refinado su pensamiento doctrinal al respecto como muestra la\u00a0<em>Joint Vision 2020<\/em>\u00a0de su Departamento de Defensa, de la que el concepto de la\u00a0<em>Dominaci\u00f3n de Espectro Completo<\/em>\u00a0\u2013<em>Full Spectrum Dominance<\/em>, en ingl\u00e9s- es su columna vertebral:\u00a0<em>persuasiva durante la paz, decisiva en la guerra y preeminente en cualquier tipo de conflicto<\/em>.<\/span><\/p>\n<p style=\"text-align: justify;\"><span style=\"font-size: 14pt;\">Las guerras del siglo XXI son y ser\u00e1n, tambi\u00e9n, para EE. UU.,\u00a0<em>Guerras H\u00edbridas<\/em>, que combinan y que seguir\u00e1n combinando las\u00a0<em>revoluciones de colores<\/em>\u00a0-violencia limitada, entornos urbanos, revueltas sociales, caos contra las autoridades, redes sociales y divisi\u00f3n de los lazos sociales intracomunitarios-, m\u00e1s baratas, con las\u00a0<em>guerras no convencionales<\/em>\u00a0-violencia sin l\u00edmite, entornos urbanos y rurales, revueltas sociales, pero, sobre todo, f\u00edsicas, caos contra todo, redes f\u00edsicas surgidas de las redes sociales y divisi\u00f3n de todos los lazos en la sociedad-, m\u00e1s caras.<\/span><\/p>\n<p style=\"text-align: justify;\"><span style=\"font-size: 14pt;\">La pugna por el control del\u00a0<em>Heartland<\/em>\u00a0est\u00e1 abierta, desde hace tiempo, al uso de las\u00a0<em>Guerras H\u00edbridas<\/em>, como se puso de manifiesto en Georgia, en 2008, en Siria, en 2011, en Ucrania, en 2013 y en 2014, o en Bielorrusia, en 2021.<\/span><\/p>\n<p style=\"text-align: justify;\"><span style=\"font-size: 14pt;\">Pronto sabremos lo que realmente ocurri\u00f3 en Kazajist\u00e1n, al comienzo de 2022, en v\u00edsperas de la celebraci\u00f3n de la Navidad ortodoxa y de la reuni\u00f3n, en Ginebra, Suiza, entre EE. UU. y Rusia para discutir sobre sus necesidades de garant\u00edas de seguridad respectivas.<\/span><\/p>\n<p>&nbsp;<\/p>\n<p><img loading=\"lazy\" decoding=\"async\" class=\"aligncenter size-full wp-image-5285\" src=\"https:\/\/puntocritico.com\/ausajpuntocritico\/wp-content\/uploads\/2017\/09\/a\u00f1oras-la-libertad.jpg\" alt=\"\" width=\"500\" height=\"375\" data-id=\"5285\" srcset=\"https:\/\/puntocritico.com\/ausajpuntocritico\/wp-content\/uploads\/2017\/09\/a\u00f1oras-la-libertad.jpg 500w, https:\/\/puntocritico.com\/ausajpuntocritico\/wp-content\/uploads\/2017\/09\/a\u00f1oras-la-libertad-300x225.jpg 300w, https:\/\/puntocritico.com\/ausajpuntocritico\/wp-content\/uploads\/2017\/09\/a\u00f1oras-la-libertad-326x245.jpg 326w, https:\/\/puntocritico.com\/ausajpuntocritico\/wp-content\/uploads\/2017\/09\/a\u00f1oras-la-libertad-80x60.jpg 80w\" sizes=\"auto, (max-width: 500px) 100vw, 500px\" \/><\/p>\n<p style=\"text-align: center;\">\u00a0<\/p>\n<p><a href=\"https:\/\/puntocritico.com\/ausajpuntocritico\/author\/punto-critico\/\"><img loading=\"lazy\" decoding=\"async\" class=\"aligncenter wp-image-9528\" src=\"https:\/\/puntocritico.com\/ausajpuntocritico\/wp-content\/uploads\/2018\/03\/Mosca_Punto_Cr\u00edtico_40.png\" alt=\"\" width=\"80\" height=\"80\" data-id=\"9528\" \/><\/a><\/p>\n<p>&nbsp;<\/p>\n","protected":false},"excerpt":{"rendered":"<div class=\"mh-excerpt\"><p>GLOBALIZACI\u00d3N DE LA GUERRA H\u00cdBRIDA ENTRE ESTADOS &nbsp; Ucrania y la \u00bfunidad de Occidente? Por Jorge Cachinero ABC, 7 JULIO 2022 &nbsp; \u201cOccidente est\u00e1 m\u00e1s unida que nunca como resultado de la intervenci\u00f3n de la <a class=\"mh-excerpt-more\" href=\"https:\/\/puntocritico.com\/ausajpuntocritico\/2022\/07\/28\/globalizacion-de-la-guerra-hibrida-entre-estados\/\" title=\"GUERRAS H\u00cdBRIDAS (V): GLOBALIZACI\u00d3N DE LA GUERRA H\u00cdBRIDA ENTRE ESTADOS: \u00abGuerras H\u00edbridas en Asia Central y el tablero de ajedrez de Estados Unidos\u00bb, por Jorge Cachinero\">[&#8230;]<\/a><\/p>\n<\/div>","protected":false},"author":3,"featured_media":2252946,"comment_status":"open","ping_status":"closed","sticky":false,"template":"","format":"standard","meta":{"_acf_changed":false,"_exactmetrics_skip_tracking":false,"_exactmetrics_sitenote_active":false,"_exactmetrics_sitenote_note":"","_exactmetrics_sitenote_category":0,"footnotes":""},"categories":[7],"tags":[48,39],"class_list":{"0":"post-2251705","1":"post","2":"type-post","3":"status-publish","4":"format-standard","5":"has-post-thumbnail","7":"category-politica","8":"tag-guerras-hibridas","9":"tag-ucrania"},"acf":[],"_links":{"self":[{"href":"https:\/\/puntocritico.com\/ausajpuntocritico\/wp-json\/wp\/v2\/posts\/2251705","targetHints":{"allow":["GET"]}}],"collection":[{"href":"https:\/\/puntocritico.com\/ausajpuntocritico\/wp-json\/wp\/v2\/posts"}],"about":[{"href":"https:\/\/puntocritico.com\/ausajpuntocritico\/wp-json\/wp\/v2\/types\/post"}],"author":[{"embeddable":true,"href":"https:\/\/puntocritico.com\/ausajpuntocritico\/wp-json\/wp\/v2\/users\/3"}],"replies":[{"embeddable":true,"href":"https:\/\/puntocritico.com\/ausajpuntocritico\/wp-json\/wp\/v2\/comments?post=2251705"}],"version-history":[{"count":0,"href":"https:\/\/puntocritico.com\/ausajpuntocritico\/wp-json\/wp\/v2\/posts\/2251705\/revisions"}],"wp:featuredmedia":[{"embeddable":true,"href":"https:\/\/puntocritico.com\/ausajpuntocritico\/wp-json\/wp\/v2\/media\/2252946"}],"wp:attachment":[{"href":"https:\/\/puntocritico.com\/ausajpuntocritico\/wp-json\/wp\/v2\/media?parent=2251705"}],"wp:term":[{"taxonomy":"category","embeddable":true,"href":"https:\/\/puntocritico.com\/ausajpuntocritico\/wp-json\/wp\/v2\/categories?post=2251705"},{"taxonomy":"post_tag","embeddable":true,"href":"https:\/\/puntocritico.com\/ausajpuntocritico\/wp-json\/wp\/v2\/tags?post=2251705"}],"curies":[{"name":"wp","href":"https:\/\/api.w.org\/{rel}","templated":true}]}}