{"id":2251146,"date":"2022-07-04T00:05:51","date_gmt":"2022-07-03T22:05:51","guid":{"rendered":"https:\/\/puntocritico.com\/ausajpuntocritico\/?p=2251146"},"modified":"2025-01-13T12:39:00","modified_gmt":"2025-01-13T11:39:00","slug":"partido-servil-2","status":"publish","type":"post","link":"https:\/\/puntocritico.com\/ausajpuntocritico\/2022\/07\/04\/partido-servil-2\/","title":{"rendered":"PARTIDO SERVIL. \u00abVestir de la hipocres\u00eda el h\u00e1bito seductor y proclamar cuanto error invent\u00f3 la tiran\u00eda &#8230; no s\u00f3lo es Ser-Vil, sino tambi\u00e9n Infernal\u00bb."},"content":{"rendered":"<p style=\"text-align: justify;\"><span style=\"font-size: 14pt; color: #008000;\">PARTIDO SERVIL<\/span><\/p>\n\n<p>&nbsp;<\/p>\n<blockquote>\n<h2 style=\"text-align: center;\"><span style=\"font-size: 24pt;\"><strong>EL PARTIDO SERVIL, por Karl Marx<\/strong><\/span><\/h2>\n<p><img loading=\"lazy\" decoding=\"async\" class=\"aligncenter wp-image-2206959\" src=\"https:\/\/puntocritico.com\/ausajpuntocritico\/wp-content\/uploads\/2021\/04\/Karl-Marx.jpg\" alt=\"PARTIDO SERVIL\" width=\"300\" height=\"384\" data-id=\"2206959\" srcset=\"https:\/\/puntocritico.com\/ausajpuntocritico\/wp-content\/uploads\/2021\/04\/Karl-Marx.jpg 416w, https:\/\/puntocritico.com\/ausajpuntocritico\/wp-content\/uploads\/2021\/04\/Karl-Marx-235x300.jpg 235w\" sizes=\"auto, (max-width: 300px) 100vw, 300px\" \/><\/p>\n<p>&nbsp;<\/p>\n<p style=\"text-align: justify;\"><span style=\"font-size: 14pt;\">(Las Cortes de C\u00e1diz de 1810-13) se divid\u00edan \u00e9stas en tres partidos: los\u00a0<em>serviles, los liberales\u00a0<\/em>\u00a0(estas denominaciones se difundieron por toda Europa partiendo de Espa\u00f1a) y los\u00a0<em>americanos,\u00a0<\/em>partido este \u00faltimo que votaba alternativamente con unos o con otros seg\u00fan sus intereses particulares. Muy superiores en n\u00famero, los serviles se vieron arrastrados por la actividad, el celo y el entusiasmo de la minor\u00eda liberal. \u00a0Los diputados eclesi\u00e1sticos, que formaban la mayor\u00eda del partido servil, estaban siempre dispuestos a sacrificar las prerrogativas reales, un poco por reminiscencias del antagonismo existente entre la Iglesia y el Estado, y en parte tambi\u00e9n con objeto de cosechar alguna popularidad para salvar as\u00ed los privilegios y abusos de su casta. Durante los debates sobre el sufragio universal, el sistema unicameralista, la ausencia de cualificaci\u00f3n del derecho electoral en funci\u00f3n de la propiedad y sobre el derecho de veto suspensivo, el partido eclesi\u00e1stico se uni\u00f3 siempre con la parte m\u00e1s democr\u00e1tica de los liberales \u00a0contra los partidarios de la Constituci\u00f3n inglesa. Un miembro del partido eclesi\u00e1stico, el can\u00f3nigo Ca\u00f1edo, luego arzobispo de Burgos e implacable persecutor de liberales, se dirigi\u00f3 a Mu\u00f1oz Torrero, tambi\u00e9n can\u00f3nigo, pero perteneciente al partido liberal, en los siguientes t\u00e9rminos:<\/span><\/p>\n<p style=\"text-align: justify; padding-left: 70px;\"><strong><span style=\"font-size: 14pt; color: #008000;\">\u201c<em>Dese\u00e1is\u00a0que\u00a0el\u00a0rey conserve\u00a0sus excesivos poderes,\u00a0pero\u00a0en\u00a0tanto que\u00a0sacerdote deber\u00edais\u00a0defender\u00a0la\u00a0causa\u00a0de\u00a0la Iglesia\u00a0m\u00e1s\u00a0que\u00a0la del rey<\/em>\u201c.<\/span><\/strong><\/p>\n<p>&nbsp;<\/p>\n<p style=\"text-align: justify;\"><span style=\"font-size: 14pt;\">Los liberales se vieron obligados a entrar en compromisos con el partido eclesi\u00e1stico, como hemos visto ya en algunos art\u00edculos de la Constituci\u00f3n de 1812.\u00a0 Al discutirse la libertad de prensa, los cl\u00e9rigos la denunciaron como \u201ccontraria a la religi\u00f3n\u201d. Tras tempestuos\u00edsimos\u00a0 debates y luego de haber declarado que todas las personas tienen la libertad de publicar sus ideas sin necesidad de autorizaci\u00f3n especial, las Cortes admitieron un\u00e1nimemente una enmienda que, al insertar la palabra\u00a0<em>pol\u00edticas,<\/em>reduc\u00eda esa libertad a la mitad de su extensi\u00f3n, y someti\u00f3 todos los escritos sobre asuntos religiosos a la censura de las autoridades eclesi\u00e1sticas, de acuerdo con los decretos del Concilio de Trento. El 18 de agosto de 1817, tras votar una disposici\u00f3n contra todos aquellos que conspiraran contra la Constituci\u00f3n, se vot\u00f3 otra que declaraba que todo el que conspirara para conseguir que la naci\u00f3n espa\u00f1ola dejara de profesar la religi\u00f3n cat\u00f3lica ser\u00eda perseguido como traidor y sufrir\u00eda la muerte. Al abolir el\u00a0<em>Voto de Santiago\u00a0<\/em>se a\u00f1adi\u00f3 una resoluci\u00f3n compensatoria, declarando a\u00a0<em>santa\u00a0Teresa de<\/em><em>Jes\u00fas\u00a0<\/em>patrona de Espa\u00f1a. Los liberales tuvieron adem\u00e1s buen\u00a0 cuidado en no proponer ni votar los decretos sobre abolici\u00f3n de la Inquisici\u00f3n, de los diezmos, monasterios, etc., hasta despu\u00e9s de haber sido proclamada la Constituci\u00f3n. Pero desde ese momento la oposici\u00f3n de los serviles en las Cortes y del clero fuera de ellas se hizo inexorable.<\/span><\/p>\n<p style=\"text-align: justify;\"><span style=\"font-size: 14pt;\">Las clases m\u00e1s interesadas en la derrota de la Constituci\u00f3n de 1812 y en la restauraci\u00f3n del antiguo r\u00e9gimen -nobleza, clero, frailes y leguleyos- no dejaron de excitar hasta el paroxismo el descontento popular producido por las desgraciadas circunstancias que caracterizaron la introducci\u00f3n del r\u00e9gimen constitucional en Espa\u00f1a. A todo eso se debe la victoria de los serviles en las elecciones generales de 1813.<\/span><\/p>\n<p><em>Art\u00edculo publicado en el N<\/em><em>e<\/em><em>w\u00a0<\/em><em>York\u00a0<\/em><em>Daily\u00a0<\/em><em>Tribun<\/em><em>e<\/em>, el\u00a01 de diciembre de 1854, que pueden leer completo en el siguiente enlace:<\/p>\n<p style=\"text-align: justify;\"><span style=\"font-size: 12pt;\"><a href=\"https:\/\/puntocritico.com\/2017\/07\/02\/revolucion-en-espana-por-karl-marx-y-friedrich-engels-parte-ix\/\">REVOLUCI\u00d3N EN ESPA\u00d1A, por Karl Marx y Friedrich Engels (parte IX)<\/a><\/span><\/p>\n<\/blockquote>\n<p style=\"text-align: center;\">\u00a0<\/p>\n<figure id=\"attachment_3995\" aria-describedby=\"caption-attachment-3995\" style=\"width: 600px\" class=\"wp-caption aligncenter\"><a href=\"https:\/\/puntocritico.com\/ausajpuntocritico\/wp-content\/uploads\/2017\/07\/El-ABRAZO-DE-VERGARA-Carlistas-y-serviles.jpg\" rel=\"lightbox[2251146]\"><img loading=\"lazy\" decoding=\"async\" class=\"wp-image-3995\" src=\"https:\/\/puntocritico.com\/ausajpuntocritico\/wp-content\/uploads\/2017\/07\/El-ABRAZO-DE-VERGARA-Carlistas-y-serviles.jpg\" alt=\"\" width=\"600\" height=\"333\" srcset=\"https:\/\/puntocritico.com\/ausajpuntocritico\/wp-content\/uploads\/2017\/07\/El-ABRAZO-DE-VERGARA-Carlistas-y-serviles.jpg 517w, https:\/\/puntocritico.com\/ausajpuntocritico\/wp-content\/uploads\/2017\/07\/El-ABRAZO-DE-VERGARA-Carlistas-y-serviles-300x167.jpg 300w\" sizes=\"auto, (max-width: 600px) 100vw, 600px\" \/><\/a><figcaption id=\"caption-attachment-3995\" class=\"wp-caption-text\"><span style=\"color: #008000;\">Abrazo de Vergara. Se denomina Abrazo de Vergara o Convenio de Vergara a un convenio que se firm\u00f3 en O\u00f1ate (Guip\u00fazcoa) el 31 de agosto de 1839 entre el general isabelino Espartero y trece representantes del general carlista Maroto y que dio fin a la Primera Guerra Carlista en el norte de Espa\u00f1a. El convenio qued\u00f3 confirmado con el abrazo que se dieron Espartero y Maroto<\/span><\/figcaption><\/figure>\n<p style=\"text-align: center;\"><span style=\"font-size: 18pt;\">\u2666<span style=\"color: #008000;\">\u2666<\/span>\u2666<span style=\"color: #008000;\">\u2666<\/span>\u2666<span style=\"color: #008000;\">\u2666<\/span>\u2666<\/span><\/p>\n<h2 style=\"text-align: center;\"><span style=\"font-size: 24pt;\"><strong>La invenci\u00f3n del t\u00e9rmino\u00a0<em>servil\u00a0<\/em><\/strong><strong>como denominaci\u00f3n pol\u00edtica<\/strong><\/span><\/h2>\n<p style=\"text-align: justify;\"><span style=\"font-size: 14pt;\">Por Dr. Jos\u00e9 Antonio Bernaldo de Quir\u00f3s Mateo<\/span><br \/>\n<span style=\"font-size: 14pt;\"> (I.E.S.\u00a0<em>Jorge Santayana<\/em>. \u00c1vila)<\/span><\/p>\n<p><a href=\"https:\/\/puntocritico.com\/ausajpuntocritico\/wp-content\/uploads\/2017\/07\/Partido-Servil-2.jpg\" rel=\"lightbox[2251146]\"><img loading=\"lazy\" decoding=\"async\" class=\"aligncenter wp-image-3942\" src=\"https:\/\/puntocritico.com\/ausajpuntocritico\/wp-content\/uploads\/2017\/07\/Partido-Servil-2.jpg\" alt=\"\" width=\"450\" height=\"209\" srcset=\"https:\/\/puntocritico.com\/ausajpuntocritico\/wp-content\/uploads\/2017\/07\/Partido-Servil-2.jpg 560w, https:\/\/puntocritico.com\/ausajpuntocritico\/wp-content\/uploads\/2017\/07\/Partido-Servil-2-300x139.jpg 300w\" sizes=\"auto, (max-width: 450px) 100vw, 450px\" \/><\/a><\/p>\n<p>&nbsp;<\/p>\n<h3 style=\"text-align: center;\"><span style=\"font-family: arial, helvetica, sans-serif; font-size: 18pt;\"><strong>Introducci\u00f3n<\/strong><\/span><\/h3>\n<p style=\"text-align: justify;\"><span style=\"font-family: arial, helvetica, sans-serif; font-size: 14pt;\">Ya hace tiempo, en dos valiosos trabajos (Vicente Llorens -1967- y Mar\u00eda Cruz Seoane -1968-) se estudi\u00f3 el empleo de los t\u00e9rminos\u00a0<em>liberal<\/em>\u00a0y\u00a0<em>servil<\/em>\u00a0en la \u00e9poca de las Cortes de C\u00e1diz. Estos dos autores dejaron la cuesti\u00f3n resuelta casi por completo, pero a\u00fan queda por esclarecer un punto: en qu\u00e9 poema apareci\u00f3 la palabra\u00a0<em>servil<\/em>. Las siguientes l\u00edneas pretenden aportar un nuevo elemento de reflexi\u00f3n, aunque quiz\u00e1 no solucionen la inc\u00f3gnita.<\/span><\/p>\n<p style=\"text-align: justify;\"><span style=\"font-family: arial, helvetica, sans-serif; font-size: 14pt;\">Varios son los testimonios de los contempor\u00e1neos que dan datos sobre el nacimiento en C\u00e1diz de los t\u00e9rminos\u00a0<em>liberal<\/em>\u00a0y\u00a0<em>servil<\/em>. Pero comencemos aclarando, como se\u00f1ala Seoane (1968: 157), que lo novedoso de la \u00e9poca gaditana fue emplear estos vocablos como sustantivos (nombres de partidos), ya que su uso como adjetivos era habitual anteriormente.<\/span><\/p>\n<p style=\"text-align: justify;\"><span style=\"font-family: arial, helvetica, sans-serif; font-size: 14pt;\">Veamos los textos en cuesti\u00f3n. En primer lugar, uno de <strong>Alcal\u00e1 Galiano<\/strong> (1955: 440):<\/span><\/p>\n<blockquote>\n<p style=\"padding-left: 30px; text-align: justify;\"><span style=\"color: #008000;\"><strong><span style=\"font-size: 14pt;\"><em><span style=\"font-family: georgia, palatino, serif;\">La voz de\u00a0liberal, aplicada a un partido o a individuos, es de fecha moderna y espa\u00f1ola en su origen, pues empez\u00f3 a ser usada en C\u00e1diz en 1811, y despu\u00e9s ha pasado a Francia, a Inglaterra y a otros pueblos.<\/span><\/em><\/span><\/strong><\/span><\/p>\n<\/blockquote>\n<p>&nbsp;<\/p>\n<p style=\"text-align: justify;\"><span style=\"font-family: arial, helvetica, sans-serif; font-size: 14pt;\">En segundo lugar veamos el texto m\u00e1s importante, del conde de Toreno (1835: III, 463-464). Afirma que primero apareci\u00f3 el vocablo\u00a0<em>liberal<\/em>\u00a0(entre septiembre y octubre de 1810, en los debates de la libertad de imprenta); y poco despu\u00e9s el escritor Eugenio de Tapia invent\u00f3 el t\u00e9rmino\u00a0<em>servil<\/em>\u00a0en una composici\u00f3n po\u00e9tica:<\/span><\/p>\n<blockquote>\n<p style=\"text-align: justify; padding-left: 30px;\"><span style=\"color: #008000;\"><strong><span style=\"font-size: 14pt;\"><em><span style=\"font-family: georgia, palatino, serif;\">Durante esta discusi\u00f3n [la libertad de imprenta] y la anterior sobre Am\u00e9rica, manifest\u00e1ronse abiertamente los partidos que encerraban las Cortes, los cuales como en todo cuerpo deliberativo principalmente se divid\u00edan en amigos de las reformas y en los que les eran opuestos. <\/span><\/em><\/span><\/strong><\/span><\/p>\n<p style=\"text-align: justify; padding-left: 30px;\"><span style=\"color: #008000;\"><strong><span style=\"font-size: 14pt;\"><em><span style=\"font-family: georgia, palatino, serif;\">El p\u00fablico insensiblemente distingui\u00f3 con el apellido de\u00a0liberales\u00a0a los que pertenec\u00edan al primero de los dos partidos, quiz\u00e1 porque empleaban a menudo en sus discursos la frase de\u00a0principios\u00a0o\u00a0ideas liberales, y de las cosas seg\u00fan acontece pas\u00f3 el nombre a las personas. <\/span><\/em><\/span><\/strong><\/span><\/p>\n<p style=\"text-align: justify; padding-left: 30px;\"><span style=\"color: #008000;\"><strong><span style=\"font-size: 14pt;\"><em><span style=\"font-family: georgia, palatino, serif;\">Tard\u00f3 m\u00e1s tiempo el partido contrario en recibir especial ep\u00edteto, hasta que al fin un autor de despejado ingenio calific\u00f3le de\u00a0servil. (Don Eugenio de Tapia en una composici\u00f3n po\u00e9tica bastante notable, y separando maliciosamente con una rayita dicha palabra, escribi\u00f3la de este modo:\u00a0ser-vil).<\/span><\/em><\/span><\/strong><\/span><a id=\"UNOA\"><\/a><span style=\"color: #008000;\"><strong><span style=\"font-size: 14pt;\"><em><span style=\"font-family: georgia, palatino, serif;\"><a style=\"color: #008000;\" href=\"#UNO\">[1]<\/a><\/span><\/em><\/span><\/strong><\/span><\/p>\n<\/blockquote>\n<p>&nbsp;<\/p>\n<p style=\"text-align: justify;\"><span style=\"font-family: arial, helvetica, sans-serif; font-size: 14pt;\">Un tercer testimonio, el de <strong>Agust\u00edn Arg\u00fcelles<\/strong> (1834), aunque algo m\u00e1s confuso, aporta un dato interesante: que en la citada composici\u00f3n se opon\u00edan los t\u00e9rminos\u00a0<em>servil<\/em>\u00a0y\u00a0<em>liberal<\/em>:<\/span><\/p>\n<blockquote>\n<p style=\"text-align: justify; padding-left: 30px;\"><span style=\"color: #008000;\"><strong><span style=\"font-size: 14pt;\"><em><span style=\"font-family: georgia, palatino, serif;\">La frecuencia con que se usaba en las discusiones y debates la palabra\u00a0liberal, no s\u00f3lo en su sentido lato, sino con especial para expresar todo lo que por su esp\u00edritu y tendencia conspiraba al establecimiento y consolidaci\u00f3n de la libertad, excit\u00f3 en la viva y amena fantas\u00eda de un escritor coet\u00e1neo la idea de usurpar aquel vocablo en una composici\u00f3n po\u00e9tica, tan picante como festiva, para se\u00f1alar a los diputados que promov\u00edan las reformas, aplicando en contraposici\u00f3n el de\u00a0servil\u00a0a los que la impugnaban y resist\u00edan.\u00a0<\/span><\/em><\/span><\/strong><\/span><a id=\"DOSA\"><\/a><span style=\"color: #008000;\"><strong><span style=\"font-size: 14pt;\"><em><span style=\"font-family: georgia, palatino, serif;\"><a style=\"color: #008000;\" href=\"#DOS\">[2]<\/a><\/span><\/em><\/span><\/strong><\/span><\/p>\n<\/blockquote>\n<p>&nbsp;<\/p>\n<p style=\"text-align: justify;\"><span style=\"font-family: arial, helvetica, sans-serif; font-size: 14pt;\">Este testimonio de <strong>Arg\u00fcelles<\/strong> parece situar en la misma composici\u00f3n el nacimiento de ambos t\u00e9rminos. De aqu\u00ed ha surgido que diversos autores<b>\u00a0<a id=\"TRESA\"><\/a><a href=\"#TRES\">[3]<\/a><\/b>\u00a0atribuyan a Tapia la invenci\u00f3n de la palabra\u00a0<em>liberal<\/em>. Sin embargo, creo que con buen fundamento, <strong>Llorens<\/strong> y <strong>Seoane<\/strong> consideran que el nacimiento de\u00a0<em>liberal<\/em>\u00a0fue m\u00e1s temprano que el de\u00a0<em>servil<\/em>\u00a0y que, por tanto, el testimonio de <strong>Toreno<\/strong> es el m\u00e1s fidedigno. Seg\u00fan eso, la denominaci\u00f3n que invent\u00f3 <strong>Tapia<\/strong> es la de\u00a0<em>servil<\/em>, aunque es posible que tambi\u00e9n fuera el primero en emplear el sustantivo\u00a0<em>liberal<\/em>\u00a0-ya acu\u00f1ado por el uso- en un texto literario, como viene a indicar el testimonio de <strong>Arg\u00fcelles<\/strong>.<\/span><\/p>\n<p style=\"text-align: justify;\"><span style=\"font-family: arial, helvetica, sans-serif; font-size: 14pt;\">La paternidad de <strong>Tapia<\/strong> sobre la palabra\u00a0<em>servil<\/em>\u00a0nos la confirma otro autor m\u00e1s tard\u00edo, <strong>Antonio Ferrer del R\u00edo<\/strong> (1846: 315):<\/span><\/p>\n<p style=\"text-align: justify;\"><span style=\"font-family: arial, helvetica, sans-serif; font-size: 14pt;\">Bibliotecario ahora, y seglar toda su vida, se pudiera decir que ejerci\u00f3 atribuciones parroquiales, bautizando a un numeroso partido con el nombre de\u00a0<em>servil<\/em>, que a\u00fan no se ha quitado de encima.<\/span><\/p>\n<p>&nbsp;<\/p>\n<p style=\"text-align: justify;\"><a href=\"https:\/\/puntocritico.com\/ausajpuntocritico\/wp-content\/uploads\/2017\/07\/Partido-Servil-4.jpg\" rel=\"lightbox[2251146]\"><img loading=\"lazy\" decoding=\"async\" class=\"aligncenter wp-image-3998 size-full\" src=\"https:\/\/puntocritico.com\/ausajpuntocritico\/wp-content\/uploads\/2017\/07\/Partido-Servil-4.jpg\" alt=\"\" width=\"550\" height=\"395\" srcset=\"https:\/\/puntocritico.com\/ausajpuntocritico\/wp-content\/uploads\/2017\/07\/Partido-Servil-4.jpg 550w, https:\/\/puntocritico.com\/ausajpuntocritico\/wp-content\/uploads\/2017\/07\/Partido-Servil-4-300x215.jpg 300w\" sizes=\"auto, (max-width: 550px) 100vw, 550px\" \/><\/a><\/p>\n<p>&nbsp;<\/p>\n<h3 style=\"text-align: center;\"><span style=\"font-size: 18pt;\"><strong><span style=\"font-family: arial, helvetica, sans-serif;\">El poema<\/span><\/strong><\/span><\/h3>\n<p style=\"text-align: justify;\"><span style=\"font-family: arial, helvetica, sans-serif; font-size: 14pt;\">Nos referiremos seguidamente a la composici\u00f3n en la que Tapia invent\u00f3 el nombre\u00a0<em>servil<\/em>. Podemos acotar la fecha, que tuvo que ser en el primer semestre de 1811: posterior a las discusiones sobre la libertad de imprenta (septiembre-octubre de 1810) y anterior al 29 de agosto de 1811, d\u00eda en que apareci\u00f3 en el\u00a0<em>Semanario Patri\u00f3tico<\/em>\u00a0un art\u00edculo titulado \u201c<strong><em>Guerra pol\u00edtico-literaria entre liberales y serviles<\/em><\/strong>\u201d<b>\u00a0<a id=\"CUATROA\"><\/a><a href=\"#CUATRO\">[4]<\/a><\/b>.<\/span><\/p>\n<p style=\"text-align: justify;\"><span style=\"font-family: arial, helvetica, sans-serif; font-size: 14pt;\">En principio, es una composici\u00f3n que por ahora debemos considerar perdida entre el marem\u00e1gnum de panfletos y peri\u00f3dicos que tanto proliferaron en C\u00e1diz. Vicente Llorens (1967: 49) crey\u00f3 que la invenci\u00f3n del t\u00e9rmino tuvo lugar en el poema\u00a0<em>La muerte de la Inquisici\u00f3n<\/em>; concretamente en el verso 74, donde un personaje dice: \u201ca mi pecho servil contento daban\u201d. Esta idea es equivocada porque en ese verso la escritura\u00a0<em>ser-vil<\/em>\u00a0se\u00f1alada por Toreno no tiene sentido; adem\u00e1s, y sobre todo, se trata de un poema de 1813 <\/span><a id=\"CINCOA\"><\/a><span style=\"font-family: arial, helvetica, sans-serif; font-size: 14pt;\"><a href=\"#CINCO\">[5]<\/a>.<\/span><\/p>\n<p style=\"text-align: justify;\"><span style=\"font-family: arial, helvetica, sans-serif; font-size: 14pt;\">Desechada esta posibilidad, me permito aventurar otra hip\u00f3tesis. En el\u00a0<strong><em>Diario Mercantil de C\u00e1diz<\/em><\/strong>\u00a0(24 de junio de 1813) se publican los siguientes versos:<\/span><\/p>\n<p>&nbsp;<\/p>\n<blockquote>\n<p style=\"text-align: center;\"><span style=\"color: #008000;\"><strong><span style=\"font-family: arial, helvetica, sans-serif; font-size: 14pt;\">D\u00c9CIMA<\/span><\/strong><\/span><\/p>\n<p style=\"text-align: center;\"><span style=\"color: #008000;\"><strong><span style=\"font-family: arial, helvetica, sans-serif; font-size: 14pt;\">Vestir de la hipocres\u00eda<\/span><\/strong><\/span><br \/>\n<span style=\"color: #008000;\"><strong><span style=\"font-family: arial, helvetica, sans-serif; font-size: 14pt;\"> el h\u00e1bito seductor<\/span><\/strong><\/span><br \/>\n<span style=\"color: #008000;\"><strong><span style=\"font-family: arial, helvetica, sans-serif; font-size: 14pt;\"> y proclamar cuanto error<\/span><\/strong><\/span><br \/>\n<span style=\"color: #008000;\"><strong><span style=\"font-family: arial, helvetica, sans-serif; font-size: 14pt;\"> invent\u00f3 la tiran\u00eda;<\/span><\/strong><\/span><br \/>\n<span style=\"color: #008000;\"><strong><span style=\"font-family: arial, helvetica, sans-serif; font-size: 14pt;\"> minar de la monarqu\u00eda<\/span><\/strong><\/span><br \/>\n<span style=\"color: #008000;\"><strong><span style=\"font-family: arial, helvetica, sans-serif; font-size: 14pt;\"> el orden justo y social,<\/span><\/strong><\/span><br \/>\n<span style=\"color: #008000;\"><strong><span style=\"font-family: arial, helvetica, sans-serif; font-size: 14pt;\"> y a todo buen liberal<\/span><\/strong><\/span><br \/>\n<span style=\"color: #008000;\"><strong><span style=\"font-family: arial, helvetica, sans-serif; font-size: 14pt;\"> ofender de modos mil,<\/span><\/strong><\/span><br \/>\n<span style=\"color: #008000;\"><strong><span style=\"font-family: arial, helvetica, sans-serif; font-size: 14pt;\"> esto no s\u00f3lo es ser-vil,<\/span><\/strong><\/span><br \/>\n<span style=\"color: #008000;\"><strong><span style=\"font-family: arial, helvetica, sans-serif; font-size: 14pt;\"> sino tambi\u00e9n infernal. <\/span><\/strong><\/span><a id=\"SEISA\"><\/a><span style=\"font-family: arial, helvetica, sans-serif; font-size: 14pt;\"><a href=\"#SEIS\">[6]<\/a><\/span><\/p>\n<\/blockquote>\n<p>&nbsp;<\/p>\n<p style=\"text-align: justify;\"><span style=\"font-family: arial, helvetica, sans-serif; font-size: 14pt;\">Mi hip\u00f3tesis es que este texto es un fragmento de la composici\u00f3n de 1811 en que Tapia introdujo el vocablo. Obs\u00e9rvese que cumple las condiciones se\u00f1aladas por Toreno (la escritura\u00a0<em>ser-vil<\/em>) y Arg\u00fcelles (la contraposici\u00f3n de los t\u00e9rminos\u00a0<em>liberal<\/em>\u00a0y\u00a0<em>servil<\/em>). Es obvio que la composici\u00f3n goz\u00f3 de popularidad entre el bando reformista (como demuestra el hecho de que los dos pol\u00edticos todav\u00eda la recuerden veinte a\u00f1os despu\u00e9s), por lo cual no tendr\u00eda nada de particular que la reprodujera un peri\u00f3dico a los dos a\u00f1os de su invenci\u00f3n.<\/span><\/p>\n<p style=\"text-align: justify;\"><span style=\"font-family: arial, helvetica, sans-serif; font-size: 14pt;\">Comprendo que esta hip\u00f3tesis tiene una alta probabilidad de error, dado que la contraposici\u00f3n entre los t\u00e9rminos\u00a0<em>servil<\/em>\u00a0y\u00a0<em>liberal<\/em>\u00a0en poemas de esos a\u00f1os fue muy habitual despu\u00e9s de la invenci\u00f3n de Tapia <\/span><a id=\"SIETEA\"><\/a><span style=\"font-family: arial, helvetica, sans-serif; font-size: 14pt;\"><a href=\"#SIETE\">[7]<\/a>. Sin embargo, me parece defendible por varias razones.<\/span><\/p>\n<p style=\"text-align: justify;\"><span style=\"font-family: arial, helvetica, sans-serif; font-size: 14pt;\">En primer lugar, porque, como ya he indicado, cumple a la perfecci\u00f3n las dos condiciones se\u00f1aladas por Arg\u00fcelles y Toreno.<\/span><\/p>\n<p style=\"text-align: justify;\"><span style=\"font-family: arial, helvetica, sans-serif; font-size: 14pt;\">En segundo lugar porque aparece sin firma, como si fuera un texto popular y conocido del que los redactores hacen uso porque les conviene. De hecho, aparece a continuaci\u00f3n de la carta de un lector que se queja de que los serviles le han hecho una mala jugada. El texto, aunque no se dice expl\u00edcitamente, parece estar puesto como si fuera un comentario a esa queja.<\/span><\/p>\n<p style=\"text-align: justify;\"><span style=\"font-family: arial, helvetica, sans-serif; font-size: 14pt;\">En tercer lugar porque, aun en su brevedad, la d\u00e9cima presenta alg\u00fan rasgo t\u00edpico del estilo de Tapia. V\u00e9ase, por ejemplo, este texto del mismo autor:<\/span><\/p>\n<blockquote>\n<p style=\"text-align: justify; padding-left: 30px;\"><span style=\"color: #008000;\"><strong><span style=\"font-size: 14pt;\"><em><span style=\"font-family: georgia, palatino, serif;\">Mucho se hizo por el Ministerio de Hacienda en tiempo del se\u00f1or Ballesteros<\/span><\/em><\/span><\/strong><\/span><a id=\"OCHOA\"><\/a><span style=\"color: #008000;\"><strong><span style=\"font-size: 14pt;\"><em><span style=\"font-family: georgia, palatino, serif;\"><a style=\"color: #008000;\" href=\"#OCHO\">[8]<\/a>\u00a0para ordenar aquella, restablecer el cr\u00e9dito, nivelar los gastos con los ingresos, fomentar la industria y el comercio. Muchos y buenos auxiliares tuvo en tan importantes tareas; y aun se hubiera hecho m\u00e1s si un partido fan\u00e1tico y furibundo no estuviese\u00a0minando\u00a0siempre, y procurando destruir con inclinaci\u00f3n\u00a0sat\u00e1nica\u00a0cuantas obras se encaminan a la reparaci\u00f3n del g\u00e9nero humano<\/span><\/em><\/span><\/strong><\/span><a id=\"NUEVEA\"><\/a><span style=\"color: #008000;\"><strong><span style=\"font-size: 14pt;\"><em><span style=\"font-family: georgia, palatino, serif;\"><a style=\"color: #008000;\" href=\"#NUEVE\">[9]<\/a>.<\/span><\/em><\/span><\/strong><\/span><\/p>\n<\/blockquote>\n<p>&nbsp;<\/p>\n<p style=\"text-align: justify;\"><span style=\"font-family: arial, helvetica, sans-serif; font-size: 14pt;\">Obs\u00e9rvese c\u00f3mo en ambos textos se aplican al bando servil el verbo\u00a0<em>minar<\/em>\u00a0y el adjetivo\u00a0<em>infernal<\/em>\u00a0(<em>sat\u00e1nico<\/em>).<\/span><\/p>\n<p>&nbsp;<\/p>\n<p><a href=\"https:\/\/puntocritico.com\/ausajpuntocritico\/wp-content\/uploads\/2017\/07\/Partido-Servil-3.jpg\" rel=\"lightbox[2251146]\"><img loading=\"lazy\" decoding=\"async\" class=\"aligncenter wp-image-3997\" src=\"https:\/\/puntocritico.com\/ausajpuntocritico\/wp-content\/uploads\/2017\/07\/Partido-Servil-3-1024x792.jpg\" alt=\"\" width=\"555\" height=\"429\" srcset=\"https:\/\/puntocritico.com\/ausajpuntocritico\/wp-content\/uploads\/2017\/07\/Partido-Servil-3-1024x792.jpg 1024w, https:\/\/puntocritico.com\/ausajpuntocritico\/wp-content\/uploads\/2017\/07\/Partido-Servil-3-300x232.jpg 300w, https:\/\/puntocritico.com\/ausajpuntocritico\/wp-content\/uploads\/2017\/07\/Partido-Servil-3-768x594.jpg 768w, https:\/\/puntocritico.com\/ausajpuntocritico\/wp-content\/uploads\/2017\/07\/Partido-Servil-3.jpg 1200w\" sizes=\"auto, (max-width: 555px) 100vw, 555px\" \/><\/a><\/p>\n<p>&nbsp;<\/p>\n<h3 style=\"text-align: center;\"><span style=\"font-family: arial, helvetica, sans-serif; font-size: 18pt;\"><strong>Breves apuntes sobre Eugenio de Tapia en los a\u00f1os gaditanos<\/strong><\/span><\/h3>\n<p style=\"text-align: justify;\"><span style=\"font-family: arial, helvetica, sans-serif; font-size: 14pt;\">Eugenio de Tapia era un distinguido autor del bando liberal. Nacido en 1776, se dio a conocer a principios de siglo con la traducci\u00f3n de comedias y dramas franceses, y con su obra en prosa\u00a0<em>Viaje de un curioso por Madrid <\/em>(1807). Form\u00f3 parte de la tertulia madrile\u00f1a de Manuel Quintana, de quien fue amigo \u00edntimo. A las \u00f3rdenes de \u00e9ste, fue uno de los redactores del c\u00e9lebre\u00a0<em>Semanario Patri\u00f3tico\u00a0<\/em>(1808). Por la llegada de Napole\u00f3n a Madrid, Tapia se traslad\u00f3 sucesivamente a Valencia, Sevilla y C\u00e1diz. A esta \u00faltima ciudad lleg\u00f3 en enero de 1810, empleado en la Compa\u00f1\u00eda de Filipinas. Desde noviembre de ese mismo a\u00f1o, se reemprendi\u00f3 en C\u00e1diz la publicaci\u00f3n del\u00a0<em>Semanario Patri\u00f3tico<\/em>\u00a0(del 22 de noviembre de 1810 hasta el 19 de marzo de 1812), donde Tapia estuvo de nuevo a las \u00f3rdenes de Quintana.<\/span><\/p>\n<p style=\"text-align: justify;\"><span style=\"font-family: arial, helvetica, sans-serif; font-size: 14pt;\">En septiembre de 1812 dej\u00f3 su puesto en la Compa\u00f1\u00eda de Filipinas al ser nombrado redactor jefe de la\u00a0<em>Gaceta de la Regencia<\/em>.<\/span><\/p>\n<figure id=\"attachment_3992\" aria-describedby=\"caption-attachment-3992\" style=\"width: 204px\" class=\"wp-caption alignright\"><a href=\"https:\/\/puntocritico.com\/ausajpuntocritico\/wp-content\/uploads\/2017\/07\/Sacerdote-Partido-Servil-mediados-del-S-XIX.jpg\" rel=\"lightbox[2251146]\"><img loading=\"lazy\" decoding=\"async\" class=\"wp-image-3992 size-medium\" src=\"https:\/\/puntocritico.com\/ausajpuntocritico\/wp-content\/uploads\/2017\/07\/Sacerdote-Partido-Servil-mediados-del-S-XIX-204x300.jpg\" alt=\"\" width=\"204\" height=\"300\" srcset=\"https:\/\/puntocritico.com\/ausajpuntocritico\/wp-content\/uploads\/2017\/07\/Sacerdote-Partido-Servil-mediados-del-S-XIX-204x300.jpg 204w, https:\/\/puntocritico.com\/ausajpuntocritico\/wp-content\/uploads\/2017\/07\/Sacerdote-Partido-Servil-mediados-del-S-XIX.jpg 600w\" sizes=\"auto, (max-width: 204px) 100vw, 204px\" \/><\/a><figcaption id=\"caption-attachment-3992\" class=\"wp-caption-text\"><span style=\"color: #008000;\">Religioso S. XIX<\/span><\/figcaption><\/figure>\n<p style=\"text-align: justify;\"><span style=\"font-family: arial, helvetica, sans-serif; font-size: 14pt;\">Paralelamente a sus labores period\u00edsticas, Tapia llev\u00f3 una activa vida pol\u00edtica. El 23 de septiembre de 1811, fue nombrado miembro de una comisi\u00f3n para formular un Plan de Instrucci\u00f3n P\u00fablica; y fue confirmado en su cargo en junio de 1813, al cambiar casi todos los miembros (la nueva comisi\u00f3n emiti\u00f3 el 9 de septiembre de 1813 el c\u00e9lebre\u00a0<em>Informe Quintana<\/em>, pieza clave en la renovaci\u00f3n educativa del siglo XIX). Tambi\u00e9n en junio de 1813 fue nombrado vocal de la Junta Suprema de Censura, de la que form\u00f3 parte hasta la vuelta del rey, en mayo de 1814.<\/span><\/p>\n<p style=\"text-align: justify;\"><span style=\"font-family: arial, helvetica, sans-serif; font-size: 14pt;\">Tapia gozaba de gran prestigio entre sus compa\u00f1eros de ideas liberales. Muchos a\u00f1os despu\u00e9s, Leopoldo A. Cueto (1952: 233), resum\u00eda de esta forma su trayectoria:<\/span><\/p>\n<p style=\"text-align: justify;\"><span style=\"font-family: arial, helvetica, sans-serif; font-size: 14pt;\">Fue uno de los hombres m\u00e1s laboriosos y estimables de su tiempo. La jurisprudencia, la historia, la instrucci\u00f3n p\u00fablica y la poes\u00eda ocuparon alternativa, y a veces simult\u00e1neamente, su larga y provechosa vida. Logr\u00f3, por su instrucci\u00f3n, su talento y sus nobles prendas de car\u00e1cter, granjearse el aprecio de todos los hombres distinguidos de su tiempo. Entre otros, Quintana, Mart\u00ednez de la Rosa y don Juan Nicasio Gallego le profesaron siempre acendrada amistad.<\/span><\/p>\n<p style=\"text-align: justify;\"><span style=\"font-family: arial, helvetica, sans-serif; font-size: 14pt;\">Las palabras con que se refieren a \u00e9l Toreno (\u201cun autor de despejado ingenio\u201d) y Arg\u00fcelles (\u201cla viva y amena fantas\u00eda de un escritor coet\u00e1neo\u201d) atestiguan este aprecio<\/span><a id=\"DIEZA\"><\/a><span style=\"font-family: arial, helvetica, sans-serif; font-size: 14pt;\"><a href=\"#DIEZ\">[10]<\/a>.<\/span><\/p>\n<p>&nbsp;<\/p>\n<figure id=\"attachment_3994\" aria-describedby=\"caption-attachment-3994\" style=\"width: 490px\" class=\"wp-caption aligncenter\"><a href=\"https:\/\/puntocritico.com\/ausajpuntocritico\/wp-content\/uploads\/2017\/07\/Billete-con-Jaime-Balmes-Partido-Servil.jpg\" rel=\"lightbox[2251146]\"><img loading=\"lazy\" decoding=\"async\" class=\"wp-image-3994 size-full\" src=\"https:\/\/puntocritico.com\/ausajpuntocritico\/wp-content\/uploads\/2017\/07\/Billete-con-Jaime-Balmes-Partido-Servil.jpg\" alt=\"\" width=\"490\" height=\"250\" srcset=\"https:\/\/puntocritico.com\/ausajpuntocritico\/wp-content\/uploads\/2017\/07\/Billete-con-Jaime-Balmes-Partido-Servil.jpg 490w, https:\/\/puntocritico.com\/ausajpuntocritico\/wp-content\/uploads\/2017\/07\/Billete-con-Jaime-Balmes-Partido-Servil-300x153.jpg 300w\" sizes=\"auto, (max-width: 490px) 100vw, 490px\" \/><\/a><figcaption id=\"caption-attachment-3994\" class=\"wp-caption-text\"><span style=\"color: #008000;\">La figura del billete es Jaime Balmes, as\u00ed conocido habitualmente. Jaime Luciano Antonio\u200b Balmes y Urpi\u00e1 (en catal\u00e1n, Jaume Lluci\u00e0 Antoni Balmes i Urpi\u00e0), naci\u00f3 en Vich, Barcelona, 28 de agosto de 1810, donde muri\u00f3 el 9 de julio de 1848, fue un fil\u00f3sofo, te\u00f3logo, apologista, soci\u00f3logo y tratadista pol\u00edtico espa\u00f1ol. Familiarizado con la doctrina de santo Tom\u00e1s de Aquino, Balmes es un fil\u00f3sofo original que no pertenece a ninguna escuela o corriente en particular,\u200b al que P\u00edo XII calific\u00f3 como Pr\u00edncipe de la Apolog\u00e9tica moderna<\/span><\/figcaption><\/figure>\n<p style=\"text-align: center;\"><span style=\"font-size: 18pt;\"><strong><span style=\"color: #008000;\">***<\/span><\/strong><\/span><\/p>\n<blockquote>\n<h3 style=\"text-align: center;\"><span style=\"font-family: arial, helvetica, sans-serif; font-size: 18pt;\"><strong>Referencias bibliogr\u00e1ficas<\/strong><\/span><\/h3>\n<p style=\"text-align: center;\"><span style=\"font-family: arial, helvetica, sans-serif; font-size: 14pt;\">ARG\u00dcELLES, Agust\u00edn (1834).\u00a0<em>Las cortes de C\u00e1diz. Examen hist\u00f3rico de la reforma constitucional<\/em>. Madrid.<\/span><\/p>\n<p style=\"text-align: center;\"><span style=\"font-family: arial, helvetica, sans-serif; font-size: 14pt;\">ALCAL\u00c1 GALIANO, Antonio (1955).\u00a0<em>Or\u00edgenes del liberalismo espa\u00f1ol<\/em>. En Jorge Campos:\u00a0<em>Obras escogidas de don Antonio Alcal\u00e1 Galiano<\/em>. Vol. 2. Madrid: Atlas (fecha del original: 1864).<\/span><\/p>\n<p style=\"text-align: center;\"><span style=\"font-family: arial, helvetica, sans-serif; font-size: 14pt;\">CEJADOR FRAUCA, Julio (1917).\u00a0<em>Historia de la lengua y la literatura castellana<\/em>. Vol. 6. (Ed. facs\u00edmil: Madrid: Gredos, 1973).<\/span><\/p>\n<p style=\"text-align: center;\"><span style=\"font-family: arial, helvetica, sans-serif; font-size: 14pt;\">CUETO, Leopoldo Augusto (1952):\u00a0<em>Poetas l\u00edricos del siglo XVIII<\/em>. Vol 1. Madrid: Atlas (fecha del original: 1869).<\/span><\/p>\n<p style=\"text-align: center;\"><span style=\"font-family: arial, helvetica, sans-serif; font-size: 14pt;\">FERRER DEL R\u00cdO, Antonio (1846).\u00a0<em>Galer\u00eda de la literatura espa\u00f1ola<\/em>. Madrid: P. Mellado.<\/span><\/p>\n<p style=\"text-align: center;\"><span style=\"font-family: arial, helvetica, sans-serif; font-size: 14pt;\">GARC\u00cdA CASTA\u00d1EDA, Salvador (1993). \u00abEugenio de Tapia y la s\u00e1tira pol\u00edtica\u00bb. En\u00a0<em>De m\u00edsticos y m\u00e1gicos, cl\u00e1sicos y rom\u00e1nticos. Homenaje a Ermanno Caldera<\/em>. Messina. 305-314.<\/span><\/p>\n<p style=\"text-align: center;\"><span style=\"font-family: arial, helvetica, sans-serif; font-size: 14pt;\">LLORENS, Vicente (1967). \u201cSobre la aparici\u00f3n de\u00a0<em>liberal<\/em>\u201d. En\u00a0<em>Literatura, historia, pol\u00edtica<\/em>. Madrid: Publicaciones de la Revista de Occidente, 45-56.<\/span><\/p>\n<p style=\"text-align: center;\"><span style=\"font-family: arial, helvetica, sans-serif; font-size: 14pt;\">NAVAS RUIZ, Ricardo (2000).\u00a0<em>Poes\u00eda espa\u00f1ola. 6: El siglo XIX<\/em>. Barcelona: Cr\u00edtica.<\/span><\/p>\n<p style=\"text-align: center;\"><span style=\"font-family: arial, helvetica, sans-serif; font-size: 14pt;\">PAPELL, Antonio (1957). \u201cLa prosa literaria, del Neoclasicismo al Romanticismo\u201d. En Guillermo D\u00edaz Plaja (ed.):\u00a0<em>Historia General de las Literaturas Hisp\u00e1nicas<\/em>. Vol. IV (segunda parte), 3-150. Barcelona: Barna.<\/span><\/p>\n<p style=\"text-align: center;\"><span style=\"font-family: arial, helvetica, sans-serif; font-size: 14pt;\">SEOANE, Mar\u00eda Cruz (1968).\u00a0<em>El primer lenguaje constitucional espa\u00f1ol<\/em>. Madrid: Moneda y Cr\u00e9dito.<\/span><\/p>\n<p style=\"text-align: center;\"><span style=\"font-family: arial, helvetica, sans-serif; font-size: 14pt;\">TORENO, Conde de (1835).\u00a0<em>Historia del levantamiento, guerra y revoluci\u00f3n de Espa\u00f1a<\/em>. Madrid: Tom\u00e1s Jord\u00e1n. 5 vols.<\/span><\/p>\n<p style=\"text-align: center;\"><span style=\"font-family: arial, helvetica, sans-serif; font-size: 14pt;\">VALLE Y B\u00c1RCENA, J. (1859).\u00a0<em>Biograf\u00eda de Eugenio Tapia.\u00a0<\/em>Madrid: Campo Redondo.<\/span><\/p>\n<\/blockquote>\n<p style=\"text-align: center;\"><span style=\"color: #008000; font-size: 18pt;\">***<\/span><\/p>\n<blockquote>\n<h3 style=\"text-align: center;\"><span style=\"font-family: arial, helvetica, sans-serif; font-size: 18pt; color: #339966;\"><strong>NOTAS<\/strong><\/span><\/h3>\n<p style=\"text-align: justify;\"><a id=\"UNO\"><\/a><span style=\"font-family: arial, helvetica, sans-serif; font-size: 14pt;\"><a href=\"#UNOA\">[1]<\/a> El texto entre par\u00e9ntesis equivale a una nota a pie de p\u00e1gina en el original.<\/span><\/p>\n<p style=\"text-align: justify;\"><a id=\"DOS\"><\/a><span style=\"font-family: arial, helvetica, sans-serif; font-size: 14pt;\"><a href=\"#DOSA\">[2]<\/a> Cito a trav\u00e9s de Llorens (1967).<\/span><\/p>\n<p style=\"text-align: justify;\"><a id=\"TRES\"><\/a><span style=\"font-family: arial, helvetica, sans-serif; font-size: 14pt;\"><a href=\"#TRESA\">[3]<\/a> Cejador (1917: VI, 307), Papell (1957: 70), Navas Ruiz (2000: 397).<\/span><\/p>\n<p style=\"text-align: justify;\"><a id=\"CUATRO\"><\/a><span style=\"font-family: arial, helvetica, sans-serif; font-size: 14pt;\"><a href=\"#CUATROA\">[4]<\/a> Citado en M. C. Seoane, 1968: 158.<\/span><\/p>\n<p style=\"text-align: justify;\"><a id=\"CINCO\"><\/a><span style=\"font-family: arial, helvetica, sans-serif; font-size: 14pt;\"><a href=\"#CINCOA\">[5]<\/a> La dataci\u00f3n del poema es sencilla, dado que celebra la abolici\u00f3n de la Inquisici\u00f3n, ocurrida en este a\u00f1o de 1813. Por tanto, el t\u00e9rmino\u00a0<em>servil<\/em>\u00a0aparece en bastantes composiciones anteriores a \u00e9sta; sin ir m\u00e1s lejos, en otro poema de Tapia titulado\u00a0<em>El censor angustiado<\/em>, publicado como folleto en 1812. El autor reedit\u00f3 estos dos poemas varias veces; la primera de ellas en sus\u00a0<em>Ensayos sat\u00edricos<\/em>\u00a0(1820).<\/span><\/p>\n<p style=\"text-align: justify;\"><a id=\"SEIS\"><\/a><span style=\"font-family: arial, helvetica, sans-serif; font-size: 14pt;\"><a href=\"#SEISA\">(6)<\/a> Este texto fue reproducido por Mar\u00eda Cruz Seoane, 1968: 206.<\/span><\/p>\n<p style=\"text-align: justify;\"><a id=\"SIETE\"><\/a><span style=\"font-family: arial, helvetica, sans-serif; font-size: 14pt;\"><a href=\"#SIETEA\">[7]<\/a> Un ejemplo muy cercano: en el\u00a0<em>Diario Mercantil de C\u00e1diz<\/em>\u00a0(5 de julio de 1813) un poema firmado con las siglas F.P.U. tiene el siguiente estribillo:<\/span><\/p>\n<p style=\"text-align: center;\"><span style=\"font-size: 14pt;\"><em><span style=\"font-family: arial, helvetica, sans-serif;\">Si las ma\u00f1as del mortal<\/span><\/em><\/span><br \/>\n<span style=\"font-size: 14pt;\"><em> <span style=\"font-family: arial, helvetica, sans-serif;\"> conocer pretendes, Gil,<\/span><\/em><\/span><br \/>\n<span style=\"font-size: 14pt;\"><em> <span style=\"font-family: arial, helvetica, sans-serif;\"> te dir\u00e9 qui\u00e9n es servil<\/span><\/em><\/span><br \/>\n<span style=\"font-family: arial, helvetica, sans-serif; font-size: 14pt;\"><em> y tambi\u00e9n qui\u00e9n liberal<\/em>.<\/span><\/p>\n<p style=\"text-align: justify;\"><span style=\"font-family: arial, helvetica, sans-serif; font-size: 14pt;\">Y a continuaci\u00f3n las estrofas terminan, alternativamente, con cada uno de estos t\u00e9rminos.<\/span><\/p>\n<p style=\"text-align: justify;\"><a id=\"OCHO\"><\/a><span style=\"font-family: arial, helvetica, sans-serif; font-size: 14pt;\"><a href=\"#OCHOA\">[8]<\/a> Ministro fernandino de la d\u00e9cada ominosa.<\/span><\/p>\n<p style=\"text-align: justify;\"><a id=\"NUEVE\"><\/a><span style=\"font-family: arial, helvetica, sans-serif; font-size: 14pt;\"><a href=\"#NUEVEA\">[9]<\/a> Eugenio de Tapia:\u00a0<em>Historia de la civilizaci\u00f3n espa\u00f1ola<\/em>, Madrid: Yenes, 1840: IV, 400.<\/span><\/p>\n<p style=\"text-align: justify;\"><a id=\"DIEZ\"><\/a><span style=\"font-family: arial, helvetica, sans-serif; font-size: 14pt;\"><a href=\"#DIEZA\">[10]<\/a> Entre la bibliograf\u00eda existente sobre Tapia, las aportaciones m\u00e1s destacables son las de Valle B\u00e1rcena (1859) y Garc\u00eda Casta\u00f1eda (1993).<\/span><\/p>\n<\/blockquote>\n<p style=\"text-align: center;\"><span style=\"font-size: 18pt; color: #008000;\">***<\/span><\/p>\n<p style=\"text-align: justify;\"><span style=\"font-family: arial, helvetica, sans-serif; font-size: 14pt;\">\u00a9\u00a0<em>Jos\u00e9 Antonio Bernaldo de Quir\u00f3s Mateo 2003.<\/em><\/span><\/p>\n<p style=\"text-align: justify;\"><span style=\"font-size: 14pt;\"><span style=\"font-family: arial, helvetica, sans-serif;\"><em>Esp\u00e9culo. Revista de estudios literarios<\/em>. Universidad Complutense de Madrid.\u00a0<\/span><span style=\"font-family: arial, helvetica, sans-serif;\">El URL de este documento es <a href=\"http:\/\/www.ucm.es\/info\/especulo\/numero24\/servil.html\" target=\"_blank\" rel=\"noopener\">http:\/\/www.ucm.es\/info\/especulo\/numero24\/servil.html<\/a><\/span><\/span><\/p>\n<p style=\"text-align: center;\"><span style=\"font-size: 18pt;\">\u2666<\/span><span style=\"color: #008000; font-size: 18pt;\">\u2666<\/span><span style=\"font-size: 18pt;\">\u2666<\/span><span style=\"color: #008000; font-size: 18pt;\">\u2666<\/span><span style=\"font-size: 18pt;\">\u2666<\/span><span style=\"color: #008000; font-size: 18pt;\">\u2666<\/span><span style=\"font-size: 18pt;\">\u2666<\/span><\/p>\n<h3 class=\"watch-title-container\" style=\"text-align: center;\"><span style=\"font-size: 18pt;\"><strong><span id=\"eow-title\" class=\"watch-title\" dir=\"ltr\" title=\"Entrevista a Jose Antonio Bernaldo de Quir\u00f3s en CyL 7\">Entrevista a Jose Antonio Bernaldo de Quir\u00f3s en CyL 7<\/span><\/strong><\/span><\/h3>\n<div style=\"text-align: center;\"><iframe loading=\"lazy\" src=\"https:\/\/www.youtube.com\/embed\/c2c5TPwQwCs?rel=0&amp;showinfo=0\" width=\"560\" height=\"315\" frameborder=\"0\" allowfullscreen=\"allowfullscreen\"><\/iframe><\/div>\n<p>&nbsp;<\/p>\n<p><span style=\"font-family: georgia, palatino, serif; font-size: 14pt;\">ENLACE DE INTER\u00c9S:<\/span><\/p>\n<p><a href=\"http:\/\/www.cervantesvirtual.com\/obra-visor\/la-idea-de-partido-en-espaa---de-la-ilustracin-a-las-cortes-de-cdiz-17831814-0\/html\/00105c28-82b2-11df-acc7-002185ce6064_7.html#I_2_\" target=\"_blank\" rel=\"noopener\">http:\/\/www.cervantesvirtual.com\/obra-visor\/la-idea-de-partido-en-espaa&#8212;de-la-ilustracin-a-las-cortes-de-cdiz-17831814-0\/html\/00105c28-82b2-11df-acc7-002185ce6064_7.html#I_2_<\/a><\/p>\n<p>&nbsp;<\/p>\n<div>\u00a0<\/div>\n<div>\u00a0<\/div>\n<div><a href=\"https:\/\/puntocritico.com\/ausajpuntocritico\/author\/punto-critico\/\"><img loading=\"lazy\" decoding=\"async\" class=\"aligncenter wp-image-48 smush-detected-img smush-image-2\" src=\"https:\/\/puntocritico.com\/ausajpuntocritico\/wp-content\/uploads\/2016\/11\/Mosca_Punto_Cr%C3%ADtico_40.png\" alt=\"\" width=\"80\" height=\"80\" data-id=\"48\" \/><\/a><\/div>\n<div>\u00a0<\/div>\n<p>&nbsp;<\/p>\n","protected":false},"excerpt":{"rendered":"<div class=\"mh-excerpt\"><p>PARTIDO SERVIL &nbsp; EL PARTIDO SERVIL, por Karl Marx &nbsp; (Las Cortes de C\u00e1diz de 1810-13) se divid\u00edan \u00e9stas en tres partidos: los\u00a0serviles, los liberales\u00a0\u00a0(estas denominaciones se difundieron por toda Europa partiendo de Espa\u00f1a) y <a class=\"mh-excerpt-more\" href=\"https:\/\/puntocritico.com\/ausajpuntocritico\/2022\/07\/04\/partido-servil-2\/\" title=\"PARTIDO SERVIL. \u00abVestir de la hipocres\u00eda el h\u00e1bito seductor y proclamar cuanto error invent\u00f3 la tiran\u00eda &#8230; no s\u00f3lo es Ser-Vil, sino tambi\u00e9n Infernal\u00bb.\">[&#8230;]<\/a><\/p>\n<\/div>","protected":false},"author":3,"featured_media":3991,"comment_status":"open","ping_status":"closed","sticky":false,"template":"","format":"standard","meta":{"_acf_changed":false,"_exactmetrics_skip_tracking":false,"_exactmetrics_sitenote_active":false,"_exactmetrics_sitenote_note":"","_exactmetrics_sitenote_category":0,"footnotes":""},"categories":[7],"tags":[],"class_list":{"0":"post-2251146","1":"post","2":"type-post","3":"status-publish","4":"format-standard","5":"has-post-thumbnail","7":"category-politica"},"acf":[],"_links":{"self":[{"href":"https:\/\/puntocritico.com\/ausajpuntocritico\/wp-json\/wp\/v2\/posts\/2251146","targetHints":{"allow":["GET"]}}],"collection":[{"href":"https:\/\/puntocritico.com\/ausajpuntocritico\/wp-json\/wp\/v2\/posts"}],"about":[{"href":"https:\/\/puntocritico.com\/ausajpuntocritico\/wp-json\/wp\/v2\/types\/post"}],"author":[{"embeddable":true,"href":"https:\/\/puntocritico.com\/ausajpuntocritico\/wp-json\/wp\/v2\/users\/3"}],"replies":[{"embeddable":true,"href":"https:\/\/puntocritico.com\/ausajpuntocritico\/wp-json\/wp\/v2\/comments?post=2251146"}],"version-history":[{"count":0,"href":"https:\/\/puntocritico.com\/ausajpuntocritico\/wp-json\/wp\/v2\/posts\/2251146\/revisions"}],"wp:featuredmedia":[{"embeddable":true,"href":"https:\/\/puntocritico.com\/ausajpuntocritico\/wp-json\/wp\/v2\/media\/3991"}],"wp:attachment":[{"href":"https:\/\/puntocritico.com\/ausajpuntocritico\/wp-json\/wp\/v2\/media?parent=2251146"}],"wp:term":[{"taxonomy":"category","embeddable":true,"href":"https:\/\/puntocritico.com\/ausajpuntocritico\/wp-json\/wp\/v2\/categories?post=2251146"},{"taxonomy":"post_tag","embeddable":true,"href":"https:\/\/puntocritico.com\/ausajpuntocritico\/wp-json\/wp\/v2\/tags?post=2251146"}],"curies":[{"name":"wp","href":"https:\/\/api.w.org\/{rel}","templated":true}]}}