{"id":2250158,"date":"2022-06-11T00:05:02","date_gmt":"2022-06-10T22:05:02","guid":{"rendered":"https:\/\/puntocritico.com\/ausajpuntocritico\/?p=2250158"},"modified":"2024-09-15T12:21:34","modified_gmt":"2024-09-15T10:21:34","slug":"caligula-albert-camus","status":"publish","type":"post","link":"https:\/\/puntocritico.com\/ausajpuntocritico\/2022\/06\/11\/caligula-albert-camus\/","title":{"rendered":"CAL\u00cdGULA, de Albert Camus. \u00abY justamente, os odio porque no sois libres. En todo el Imperio romano soy el \u00fanico libre\u00bb."},"content":{"rendered":"<p style=\"text-align: justify;\"><span style=\"font-size: 14pt; color: #008000;\">CAL\u00cdGULA, de Albert Camus<\/span><\/p>\n\n<p>&nbsp;<\/p>\n<h2 class=\"titulo\" style=\"text-align: center;\"><span style=\"font-size: 24pt;\"><strong>Albert Camus y su noci\u00f3n del absurdo: un an\u00e1lisis de<i>\u00a0Cal\u00edgula<\/i><\/strong><\/span><\/h2>\n<p class=\"autor\" style=\"text-align: justify;\"><span style=\"font-size: 14pt;\">Por <a href=\"https:\/\/webs.ucm.es\/info\/especulo\/numero47\/caligula.htm\" target=\"_blank\" rel=\"noopener\">Mar\u00eda Araceli Laurence<\/a><\/span><\/p>\n<p class=\"univer\" style=\"text-align: justify;\"><span style=\"font-size: 14pt;\">Universidad Nacional de Lomas de Zamora<\/span><\/p>\n<p><img loading=\"lazy\" decoding=\"async\" class=\"aligncenter wp-image-2250211\" src=\"https:\/\/puntocritico.com\/ausajpuntocritico\/wp-content\/uploads\/2022\/06\/Incitatus-y-Caligula-678x381.jpg\" alt=\"\" width=\"480\" height=\"270\" data-id=\"2250211\" srcset=\"https:\/\/puntocritico.com\/ausajpuntocritico\/wp-content\/uploads\/2022\/06\/Incitatus-y-Caligula-678x381.jpg 678w, https:\/\/puntocritico.com\/ausajpuntocritico\/wp-content\/uploads\/2022\/06\/Incitatus-y-Caligula-300x169.jpg 300w, https:\/\/puntocritico.com\/ausajpuntocritico\/wp-content\/uploads\/2022\/06\/Incitatus-y-Caligula-768x432.jpg 768w, https:\/\/puntocritico.com\/ausajpuntocritico\/wp-content\/uploads\/2022\/06\/Incitatus-y-Caligula-610x343.jpg 610w, https:\/\/puntocritico.com\/ausajpuntocritico\/wp-content\/uploads\/2022\/06\/Incitatus-y-Caligula.jpg 800w\" sizes=\"auto, (max-width: 480px) 100vw, 480px\" \/><\/p>\n<p>&nbsp;<\/p>\n<h3 class=\"titulo2\" style=\"text-align: center;\"><span style=\"font-size: 18pt;\">Introducci\u00f3n<\/span><\/h3>\n<p class=\"titulo2\" style=\"text-align: justify;\"><span style=\"font-size: 14pt;\">Albert Camus es uno de los escritores y pensadores m\u00e1s representativos de Francia en el per\u00edodo de la segunda posguerra. Comenz\u00f3 llamando la atenci\u00f3n con una novela corta:<i>\u00a0El extranjero<\/i>, y luego,\u00a0<i>La peste\u00a0<\/i>le dar\u00eda fama internacional. Fue amigo durante mucho tiempo, y despu\u00e9s enemigo, de Jean Paul Sartre. Pero, tambi\u00e9n, ten\u00eda grandes problemas. Su apoyo a causas pocos populares le generaban controversias; la guerra de Argelia le creaba dificultades personales. A todo esto hay que sumarle su propia enfermedad, la tuberculosis. Desde muy joven se dedicar\u00eda al teatro, en principio, adaptando textos cl\u00e1sicos (Arist\u00f3fanes, Esquilo, el teatro isabelino, los cl\u00e1sicos espa\u00f1oles) y, luego, con sus propias obras:\u00a0<i>Cal\u00edgula, El malentendido, El estado de sitio, Los justos<\/i>.<\/span><\/p>\n<p class=\"normal\" style=\"text-align: justify;\"><span style=\"font-size: 14pt;\">La concepci\u00f3n del teatro que tiene Camus la podemos encontrar en el Manifiesto del primer grupo teatral del que form\u00f3 parte, el\u00a0<i>Th\u00e9\u00e2tre de l\u2019Equipe<\/i>:<\/span><\/p>\n<p class=\"cita\" style=\"text-align: justify;\"><span style=\"font-size: 14pt;\"><i>El teatro es un arte de carne y hueso que otorga a cuerpos vivos el cuidado de traducir sus lecciones, un arte al mismo tiempo grosero y sutil, un entendimiento excepcional de los movimientos, de la voz y las luces. Pero, tambi\u00e9n, es la m\u00e1s convencional de las artes, existe por esa complicidad del actor y del espectador que le dan un consentimiento mutuo y t\u00e1cito a la misma ilusi\u00f3n<\/i>\u00a0(Lottman, 1994, p. 202).<\/span><\/p>\n<p class=\"normal\" style=\"text-align: justify;\"><span style=\"font-size: 14pt;\">Cuando recibe el Premio Nobel en 1957, Camus explica:<\/span><\/p>\n<p class=\"cita\" style=\"text-align: justify;\"><span style=\"font-size: 14pt;\"><i>Ten\u00eda un plan preciso cuando empec\u00e9 mi obra: primero quer\u00eda expresar la negaci\u00f3n. Bajo tres formas: novelesca:\u00a0<\/i>El extranjero<i>, dram\u00e1tica:\u00a0<\/i>Cal\u00edgula<i>\u00a0y\u00a0<\/i>El malentendido<i>. Ideol\u00f3gica:<\/i>\u00a0El mito de<i>\u00a0<\/i>S\u00edsifo<i>. Preve\u00eda el ciclo positivo, tambi\u00e9n bajo tres formas: novelesca:\u00a0<\/i>La peste<i>. Dram\u00e1tica:<\/i>\u00a0El estado de sitio\u00a0<i>y Los justos. Ideol\u00f3gica:\u00a0<\/i>El hombre rebelde.<i>\u00a0Entreve\u00eda una tercera capa alrededor del tema del amor\u201d\u00a0<\/i>(2002, p. 12)<\/span><\/p>\n<p>&nbsp;<\/p>\n<h3 class=\"titulo2\" style=\"text-align: center;\"><span style=\"font-size: 18pt;\">Etapas de su producci\u00f3n: ciclos tem\u00e1ticos.<\/span><\/h3>\n<p class=\"normal\" style=\"text-align: justify;\"><span style=\"font-size: 14pt;\">Los textos de Albert Camus pueden dividirse en diferentes etapas que reflejan el pensamiento del autor ya que, tal como afirma el propio Camus, en\u00a0<i>El mito de S\u00edsifo<\/i>:<\/span><\/p>\n<p class=\"cita\" style=\"text-align: justify;\"><span style=\"font-size: 14pt;\"><i>Est\u00e1 en continuo devenir (\u2026) de la misma manera la creaci\u00f3n \u00fanica de un hombre se fortalece en sus otros rostros sucesivos y m\u00faltiples que son sus obras. Las unas completan las otras, las corrigen o las recuperan, y tambi\u00e9n las contradicen<\/i>\u00a0(1999, p. 147-148).<\/span><\/p>\n<p class=\"normal\" style=\"text-align: justify;\"><span style=\"font-size: 14pt;\">El primer p\u00fablico de Camus fueron sus amigos de Argel que, poco a poco, se fueron ampliando debido a la publicaci\u00f3n de sus art\u00edculos en el peri\u00f3dico Argel Republicano y a la publicaci\u00f3n de sus dos primeros libros:\u00a0<i>El rev\u00e9s y el derecho<\/i>\u00a0(1937) y\u00a0<i>Bodas<\/i>\u00a0(1939) en la Editorial Charlot. Ya en 1942 y, pese a que el mundo se encontraba en guerra, Editorial Gallimard decide publicar\u00a0<i>El extranjero<\/i>\u00a0que se convertir\u00eda en un referente para el p\u00fablico franc\u00e9s.<\/span><\/p>\n<p class=\"cita\" style=\"text-align: justify;\"><span style=\"font-size: 14pt;\">\u2014El primer per\u00edodo de producci\u00f3n es denominado por la cr\u00edtica: \u2018la literatura solar\u2019, incluye:\u00a0<i>El rev\u00e9s y el derecho<\/i>\u00a0(<i>L\u2019Envers et L\u2019Endroit<\/i>), escrita entre 1935 y 1936 cuando ten\u00eda veintid\u00f3s a\u00f1os y viv\u00eda en Argel.\u00a0<i>Bodas\u00a0<\/i>(<i>Noces<\/i>), ensayo compuesto entre 1936 y 1937.\u00a0<i>El verano<\/i>\u00a0(<i>L\u2019\u00c9t\u00e9<\/i>) y tres recopilaciones period\u00edsticas:\u00a0<i>Actuelles I<\/i>\u00a0(1950),\u00a0<i>Actuelles II<\/i>\u00a0(1953) y\u00a0<i>Actuelles III<\/i>\u00a0(1958).<\/span><\/p>\n<p class=\"cita\" style=\"text-align: justify;\"><span style=\"font-size: 14pt;\">\u2014El \u2018ciclo del absurdo\u2019 conformado por:\u00a0<i>El extranjero<\/i>\u00a0(<i>L\u2019\u00c9tranger<\/i>) de 1942.\u00a0<i>El<\/i>\u00a0<i>mito de S\u00edsifo<\/i>\u00a0(<i>Le Mythe de Sisyphe<\/i>), 1942.\u00a0<i>El malentendido<\/i>\u00a0(<i>Le malentendu<\/i>), cuya primera representaci\u00f3n tuvo lugar en el\u00a0<i>Th\u00e9\u00e2tre des<\/i>\u00a0<i>Mathurins<\/i>\u00a0(Par\u00eds) el 24 de junio de 1944.Y\u00a0<i>Cal\u00edgula<\/i>\u00a0(<i>Caligula<\/i>) escrita en 1937, estrenada en 1945.<\/span><\/p>\n<p class=\"cita\" style=\"text-align: justify;\"><span style=\"font-size: 14pt;\">\u2014El tercer ciclo es el \u2018ciclo de la rebeld\u00eda\u2019:\u00a0<i>La peste<\/i>\u00a0(<i>La Peste<\/i>) publicada en 1947 y escrita entre 1940 y 1947.\u00a0<i>El estado de sitio<\/i>\u00a0(<i>L\u2019\u00c9tat de Si\u00e8ge<\/i>) estrenada el 27 de octubre de 1948, un auto sacramental a partir de las lecturas de Calder\u00f3n de la Barca y Lope de Vega con motivo de la traducci\u00f3n de sus respectivas piezas\u00a0<i>Devoci\u00f3n de la cruz<\/i>\u00a0y\u00a0<i>El<\/i>\u00a0<i>caballero de Olmedo<\/i>. Y\u00a0<i>Los justos<\/i>\u00a0(<i>Les Justes<\/i>) estrenada el 15 de diciembre de 1949 en el\u00a0<i>Th\u00e9\u00e2tre<\/i>\u00a0Hebertat.\u00a0<i>El hombre rebelde<\/i>\u00a0(<i>L\u2019Homme r\u00e9volt\u00e9<\/i>) publicado por Gallimard en octubre de 1951.<\/span><\/p>\n<p class=\"cita\" style=\"text-align: justify;\"><span style=\"font-size: 14pt;\">\u2014La cuarta y \u00faltima etapa recibe la designaci\u00f3n: \u2018de la soledad y de las dudas\u2019 y est\u00e1 formada por los siguientes textos:\u00a0<i>La ca\u00edda (La<\/i>\u00a0<i>chute<\/i>) redactada entre septiembre de 1955 y febrero de 1956, publicada por Gallimard el 16 de mayo de 1956.\u00a0<i>El exilio y el reino<\/i>\u00a0(<i>L\u2019Exil et le Royaume<\/i>), publicado en marzo de 1957. Y\u00a0<i>El primer Hombre<\/i>\u00a0(<i>Le Premier Homme<\/i>) obra que Camus estaba escribiendo en el momento de su muerte (Cf. sobre esta periodizaci\u00f3n Florence Estrade,\u00a0<i>El lector de Albert Camus<\/i>)<\/span><\/p>\n<p style=\"text-align: justify;\">\u00a0<\/p>\n<h3 class=\"titulo2\" style=\"text-align: center;\"><span style=\"font-size: 18pt;\">Una lectura de\u00a0<i>Cal\u00edgula<\/i>.<\/span><\/h3>\n<p class=\"normal\" style=\"text-align: justify;\"><span style=\"font-size: 14pt;\"><i>Cal\u00edgula<\/i>\u00a0fue la primera pieza de teatro de Albert Camus. Escrita en 1937 con la finalidad de ser representada por el Teatro del Equipo de Argel, formado por un grupo de sus amigos. Sin embargo, fue estrenada reci\u00e9n en 1945 en el Teatro\u00a0<i>H\u00e9bertot<\/i>\u00a0en Par\u00eds. Camus fue modificando esta obra durante trece a\u00f1os hasta su versi\u00f3n definitiva para el Festival de Arte dram\u00e1tico de Angers en 1957.<\/span><\/p>\n<p class=\"normal\" style=\"text-align: justify;\"><span style=\"font-size: 14pt;\"><i>Cal\u00edgula<\/i>\u00a0corresponde al ciclo de la negaci\u00f3n, m\u00e1s conocido como el ciclo del absurdo. Indaga sobre el destino del hombre que se encuentra tanto en comuni\u00f3n como en oposici\u00f3n con el mundo que lo rodea. El hombre es mortal, el mundo es eterno, a partir de la toma de consciencia de esta situaci\u00f3n el hombre comienza a rebelarse contra su destino y desea, desesperadamente, encontrarle un sentido al mundo. Este ciclo se encuentra inscripto en el contexto de la segunda guerra mundial, de ah\u00ed que aparezca inmortalizada la angustia colectiva universal.<\/span><\/p>\n<p class=\"normal\" style=\"text-align: justify;\"><span style=\"font-size: 14pt;\">Frente a lo absurdo de la vida Camus propone la rebeli\u00f3n como una manera activa de combatir las injusticias. A partir de la rebeli\u00f3n (a\u00fan cuando se trate de un acto individual) la colectividad existe. Mediante una \u00e9tica y una est\u00e9tica del rechazo y la contradicci\u00f3n el hombre se rebela contra el absurdo.<\/span><\/p>\n<p class=\"normal\" style=\"text-align: justify;\"><span style=\"font-size: 14pt;\">Camus, hasta este momento, hab\u00eda expresado a trav\u00e9s de sus obras un sentimiento tr\u00e1gico de la vida y una gran desconfianza por todo intento de construcci\u00f3n de un sistema (Todd). Desde su conocimiento de la obra de Nietzsche, el autor sostiene una actitud de sospecha frente a la \u201cmoral tradicional\u201d. Le interesa, fundamentalmente, la siguiente cuesti\u00f3n:<\/span><\/p>\n<p class=\"cita\" style=\"text-align: justify;\"><span style=\"font-size: 14pt;\"><i>\u00bfC\u00f3mo hay que comportarse en general y durante los a\u00f1os negros cuando uno no cree ni en Dios ni en la raz\u00f3n?<\/i>\u00a0(Todd, 1997, p. 299).<\/span><\/p>\n<p class=\"normal\" style=\"text-align: justify;\"><span style=\"font-size: 14pt;\">Sin embargo, Camus no est\u00e1 incluido dentro del denominado teatro del absurdo, el mismo Martin Esslin en su libro\u00a0<i>El teatro del absurdo<\/i>, incluye dentro de esta categor\u00eda a autores tan dis\u00edmiles como Beckett, Ionesco y Adamov, pero excluye a Camus de manera expl\u00edcita:<\/span><\/p>\n<p class=\"cita\" style=\"text-align: justify;\"><span style=\"font-size: 14pt;\"><i>Si Camus sostiene que en nuestra desilusionada \u00e9poca el mundo ha dejado de tener sentido, lo hace con el estilo racional, elegante y discursivo de un moralista del siglo XVIII, en obras cuidadas y de perfecta estructura<\/i>\u00a0(1966, p. 16)<\/span><\/p>\n<p class=\"normal\" style=\"text-align: justify;\"><span style=\"font-size: 14pt;\"><i>Cal\u00edgula<\/i>\u00a0se estrena el 26 de septiembre de 1945 con gran \u00e9xito. Obtiene cr\u00edticas diversas, la peor es la de Kleber Haedems, hijo de un coronel de artilleros y autor de art\u00edculos aparecidos en publicaciones colaboracionistas.<\/span><\/p>\n<p class=\"normal\" style=\"text-align: justify;\"><span style=\"font-size: 14pt;\">Escribe en\u00a0<i>L\u2019Epoque<\/i>:<\/span><\/p>\n<p class=\"cita\" style=\"text-align: justify;\"><span style=\"font-size: 14pt;\"><i>Son sombras que piensan, siluetas lisas&#8230;, que tratan de reunir los elementos dispersos de una filosof\u00eda<\/i>\u00a0(Lottman, 1994, p. 409)<\/span><\/p>\n<p class=\"normal\" style=\"text-align: justify;\"><span style=\"font-size: 14pt;\">Camus, quien conoce la fama por primera vez a los treinta a\u00f1os, dice en sus\u00a0<i>Cuadernos:<\/i><\/span><\/p>\n<p class=\"cita\" style=\"text-align: justify;\"><span style=\"font-size: 14pt;\"><i>La raz\u00f3n de los elogios es tan mala como la de las cr\u00edticas. Apenas una o dos voces aut\u00e9nticas o emocionadas. \u00a1La fama! En el mejor de los casos un malentendido (&#8230;) Ahora s\u00e9 lo que es, poca cosa.\u00a0<\/i>(Lottman, 1994, p. 409)<\/span><\/p>\n<p class=\"normal\" style=\"text-align: justify;\"><span style=\"font-size: 14pt;\"><i>Cal\u00edgula<\/i>\u00a0es uno de los primeros proyectos de Albert Camus. Realiz\u00f3 distintas versiones de esta obra: la primera, publicada en 1944; la siguiente en 1947 y; nuevamente, la modific\u00f3 en 1957. En las sucesivas versiones va cambiando a los personajes secundarios pero el emperador Cal\u00edgula se mantiene en cuanto a las caracter\u00edsticas de su car\u00e1cter, su conducta y las motivaciones que lo gu\u00edan.<\/span><\/p>\n<p class=\"normal\" style=\"text-align: justify;\"><span style=\"font-size: 14pt;\">Cal\u00edgula es para Camus s\u00edmbolo del absurdo en el ser humano y, tambi\u00e9n, de lo absurdo del mundo. Dice Camus \u201cera un tirano inteligente cuyos m\u00f3viles parec\u00edan a la vez singulares y profundos\u201d. La obra tiene cuatro actos. La acci\u00f3n se desarrolla en el palacio del emperador en Roma. En el acto primero, el protagonista se transforma en un tirano cruel y despiadado, a partir de la muerte de su hermana y amante, Drusila. El imperio comienza a padecer el terror que imparte el emperador. En el acto segundo, la obra nos muestra c\u00f3mo los senadores planean una conspiraci\u00f3n contra Cal\u00edgula. Hace su aparici\u00f3n Escipi\u00f3n, joven poeta y criado cuyo padre hab\u00eda sido asesinado por el soberano. Este personaje siente, a la vez, rechazo y amor por el tirano. Los senadores son obligados a adorar a Cal\u00edgula como si fuese una divinidad. Helic\u00f3n, su criado, le advierte de las maniobras en su contra. En el acto cuarto Cal\u00edgula se burla de la danza:<\/span><\/p>\n<p class=\"cita\" style=\"text-align: justify;\"><span style=\"font-size: 14pt;\"><i>Cal\u00edgula con t\u00fanica corta de danzarina, con flores en la cabeza, aparece como sombra chinesca tras la cortina del fondo. Da algunos rid\u00edculos pasos de danza y se eclipsa. Inmediatamente despu\u00e9s un guardia dice con voz solemne \u2018el espect\u00e1culo ha terminado\u2019<\/i>\u00a0(1983, p. 472).<\/span><\/p>\n<p class=\"normal\" style=\"text-align: justify;\"><span style=\"font-size: 14pt;\">Para reafirmar su poder decide asesinar a Cesonia, su amante. Queda solo frente a sus enemigos y tiene tanto miedo como sus v\u00edctimas.<\/span><\/p>\n<p class=\"cita\" style=\"text-align: justify;\"><span style=\"font-size: 14pt;\"><i>Tengo miedo. Qu\u00e9 rabia despu\u00e9s de haber despreciado a los dem\u00e1s. Sentir la misma cobard\u00eda en el alma<\/i>\u00a0(1983, p. 481)<\/span><\/p>\n<p class=\"normal\" style=\"text-align: justify;\"><span style=\"font-size: 14pt;\">Muere asesinado a manos de patricios gritando\u00a0<i>\u201c\u00a1A\u00fan vivo!\u201d<\/i>\u00a0(1983, p. 482)<\/span><\/p>\n<p class=\"normal\" style=\"text-align: justify;\"><span style=\"font-size: 14pt;\">En este texto encontramos, por un lado, unidad de acci\u00f3n, de car\u00e1cter y de lugar, siguiendo los preceptos de la tragedia cl\u00e1sica (Horacio y Arist\u00f3teles).<\/span><\/p>\n<p class=\"normal\" style=\"text-align: justify;\"><span style=\"font-size: 14pt;\">Dentro de estas caracter\u00edsticas tradicionales, podemos mencionar:<\/span><\/p>\n<p class=\"cita\" style=\"text-align: justify;\"><span style=\"font-size: 14pt;\">\u2014Relato cronol\u00f3gicamente lineal que presenta los rasgos aristot\u00e9licos de la narraci\u00f3n \u201cbien hecha\u201d: introducci\u00f3n, nudo y desenlace.<\/span><\/p>\n<p class=\"cita\" style=\"text-align: justify;\"><span style=\"font-size: 14pt;\">\u2014Condiciones de espacio y tiempo claramente especificadas.<\/span><\/p>\n<p class=\"cita\" style=\"text-align: justify;\"><span style=\"font-size: 14pt;\">\u2014Se conocen los datos de los personajes: edad, prehistoria, lugar de nacimiento, hechos de la juventud, etc.<\/span><\/p>\n<p class=\"cita\" style=\"text-align: justify;\"><span style=\"font-size: 14pt;\">\u2014Relaciones sociales abiertamente establecidas.<\/span><\/p>\n<p class=\"normal\" style=\"text-align: justify;\"><span style=\"font-size: 14pt;\">Por otro lado, encontramos, elementos que no responden a los c\u00e1nones tradicionales:<\/span><\/p>\n<p class=\"cita\" style=\"text-align: justify;\"><span style=\"font-size: 14pt;\">\u2014El n\u00famero de actos, en este sentido recordemos que la estructura cl\u00e1sica recomienda cinco actos, esta obra tiene cuatro.<\/span><\/p>\n<p class=\"cita\" style=\"text-align: justify;\"><span style=\"font-size: 14pt;\">\u2014El lenguaje utilizado, como ejemplo de esto podemos mencionar la escena I del Primer Acto:<\/span><\/p>\n<p>&nbsp;<\/p>\n<blockquote>\n<p class=\"cita\" style=\"text-align: center;\"><span style=\"font-size: 14pt;\">PRIMER PATRICIO: A\u00fan nada.<\/span><\/p>\n<p class=\"cita\" style=\"text-align: center;\"><span style=\"font-size: 14pt;\">EL PATRICIO ANCIANO: Nada por la ma\u00f1ana, nada por la noche.<\/span><\/p>\n<p class=\"cita\" style=\"text-align: center;\"><span style=\"font-size: 14pt;\">SEGUNDO PATRICIO: Nada desde hace tres d\u00edas.<\/span><\/p>\n<p class=\"cita\" style=\"text-align: center;\"><span style=\"font-size: 14pt;\">EL PATRICIO ANCIANO: Los correos van y vuelven. Mueven la cabeza y dicen: \u201cNada\u201d.<\/span><\/p>\n<p class=\"cita\" style=\"text-align: center;\"><span style=\"font-size: 14pt;\">SEGUNDO PATRICIO: Han mirado por todo el campo, no hay nada que hacer. (1983, p. 431)<\/span><\/p>\n<\/blockquote>\n<p>&nbsp;<\/p>\n<p class=\"cita\" style=\"text-align: justify;\"><span style=\"font-size: 14pt;\">\u2014El efecto de teatralidad o \u201cteatro dentro del teatro\u201d presente en varias escenas de la obra: escena IV del acto cuarto, Cal\u00edgula representa a una bailarina; escena I del acto tercero, interpreta a Venus y sus vasallos le rinden culto; escena XII del acto cuarto: el protagonista le habla al p\u00fablico:<\/span><\/p>\n<p class=\"normal\">\u00a0<\/p>\n<blockquote>\n<p class=\"cita\" style=\"text-align: center;\"><span style=\"font-size: 14pt;\"><i>CAL\u00cdGULA: (&#8230;) (Se planta frente al p\u00fablico, un poco inclinado hacia delante, olvidando a Cesonia) Ellos son aut\u00e9nticos. Son como yo. Me esperan y me acucian.<\/i>\u00a0(1983, p. 479).<\/span><\/p>\n<\/blockquote>\n<p>&nbsp;<\/p>\n<p class=\"cita\" style=\"text-align: justify;\"><span style=\"font-size: 14pt;\">&#8211; La escena V del Acto Segundo ser\u00e1 representada por los personajes, excepto Cal\u00edgula y Cesonia.como si fueran marionetas.<\/span><\/p>\n<p class=\"normal\" style=\"text-align: justify;\"><span style=\"font-size: 14pt;\">Camus consigue transgredir de manera consciente las reglas de los g\u00e9neros literarios a partir de su dominio de dichas reglas.<\/span><\/p>\n<p class=\"normal\" style=\"text-align: justify;\"><span style=\"font-size: 14pt;\">El tema central planteado en\u00a0<i>Cal\u00edgula<\/i>\u00a0es: c\u00f3mo vivir. El protagonista dispone de un poder sin l\u00edmites:<\/span><\/p>\n<p>&nbsp;<\/p>\n<blockquote>\n<p class=\"cita\" style=\"text-align: center;\"><span style=\"font-size: 14pt;\"><i>CAL\u00cdGULA: \u00bfQu\u00e9 gano con una mano firme, de qu\u00e9 me sirve tan tremendo poder si no puedo cambiar el orden de las cosas, si no puedo hacer que se ponga el sol por el este, si no puedo evitar que haya tanto sufrimiento y que los seres mueran (&#8230;)<\/i>\u00a0(Acto I, esc. II)<\/span><\/p>\n<\/blockquote>\n<p>&nbsp;<\/p>\n<p class=\"normal\" style=\"text-align: justify;\"><span style=\"font-size: 14pt;\">Cal\u00edgula cree que transformando las reglas establecidas y asesinando a los dem\u00e1s lograr\u00e1 reafirmar su libertad sin l\u00edmites, a la que aspira para rebelarse contra el car\u00e1cter absurdo de la condici\u00f3n humana. Hasta que advierte, despu\u00e9s de asesinar a Cesonia, que la falta de l\u00edmites en el ejercicio de la libertad conduce a la soledad y al fracaso.<\/span><\/p>\n<p class=\"normal\" style=\"text-align: justify;\"><span style=\"font-size: 14pt;\">La locura de Cal\u00edgula para Camus implica un arrebato de sentimientos que se originan en nuestro ser y, al mismo tiempo, expresa una voluntad inquebrantable: los derechos de la moral individual, la moral colectiva, el derecho de matar, el derecho de revelar a los hombres su condici\u00f3n lamentable (Sartre).<\/span><\/p>\n<p>&nbsp;<\/p>\n<h3 class=\"titulo2\" style=\"text-align: center;\"><span style=\"font-size: 18pt;\">A modo de cierre<\/span><\/h3>\n<p class=\"normal\" style=\"text-align: justify;\"><span style=\"font-size: 14pt;\">Dice Susan Sontag:<\/span><\/p>\n<blockquote>\n<p class=\"cita\" style=\"text-align: justify;\"><span style=\"font-size: 14pt;\">Como contempor\u00e1neo tuvo que tratar todos los temas de dementes: suicidio, carencia de afecto, culpabilidad, terror absoluto. Pero lo hace con un aire de razonabilidad, mesura, fluidez, graciosa impersonalidad que lo sit\u00faa aparte de los otros. Partiendo de las premisas de un nihilismo popular muestra al lector &#8211; con solo el poder de su voz y su tono sosegado- a sacar conclusiones humanistas y humanitarias que en nada derivan de sus premisas (2005, p. 87).<\/span><\/p>\n<\/blockquote>\n<p class=\"normal\" style=\"text-align: justify;\"><span style=\"font-size: 14pt;\">Podr\u00edamos relacionar a\u00a0<i>Cal\u00edgula<\/i>\u00a0con las afirmaciones te\u00f3ricas del autor. El absurdo es para Camus, seg\u00fan nos cuenta en\u00a0<i>El mito de S\u00edsifo<\/i>, un malestar moral y f\u00edsico que proviene de la incapacidad para comprender el mundo que nos rodea.<\/span><\/p>\n<p class=\"normal\" style=\"text-align: justify;\"><span style=\"font-size: 14pt;\">El sentimiento del absurdo surge de la comparaci\u00f3n entre una situaci\u00f3n de hecho y el mundo que la supera. Es un divorcio. Surge de la confrontaci\u00f3n entre estos dos elementos. Lo absurdo, as\u00ed entendido, no est\u00e1 ni en el hombre ni en el mundo sino en su presencia com\u00fan.<\/span><\/p>\n<p class=\"normal\" style=\"text-align: justify;\"><span style=\"font-size: 14pt;\">Dice Camus:<\/span><\/p>\n<blockquote>\n<p class=\"cita\" style=\"text-align: justify;\"><span style=\"font-size: 14pt;\"><i>No s\u00e9 si este mundo tiene un sentido que lo supera pero s\u00e9 que no conozco ese sentido y que por el momento me es imposible conocerlo. \u00bfQu\u00e9 significa para m\u00ed un significado fuera de mi condici\u00f3n? No puedo comprender sino es en t\u00e9rminos humanos. Lo que toco, lo que me resiste, eso es lo que comprendo<\/i>\u00a0(1999, p. 61).<\/span><\/p>\n<\/blockquote>\n<p class=\"normal\" style=\"text-align: justify;\"><span style=\"font-size: 14pt;\">El absurdo no es para Camus, solamente, una est\u00e9tica sino que invade la existencia del hombre. Esto se manifiesta en:<\/span><\/p>\n<p class=\"cita\" style=\"text-align: justify;\"><span style=\"font-size: 14pt;\">\u2014El reconocimiento del paso del tiempo.<\/span><\/p>\n<p class=\"cita\" style=\"text-align: justify;\"><span style=\"font-size: 14pt;\">\u2014La conciencia de nuestra mortalidad que se expresa en el \u201chorror a la muerte\u201d.<\/span><\/p>\n<p class=\"cita\" style=\"text-align: justify;\"><span style=\"font-size: 14pt;\">\u2014La existencia de un vac\u00edo entre nuestra subjetividad y la ajena.<\/span><\/p>\n<p class=\"cita\" style=\"text-align: justify;\"><span style=\"font-size: 14pt;\">\u2014La \u201calienaci\u00f3n\u201d del yo.<\/span><\/p>\n<p class=\"normal\" style=\"text-align: justify;\"><span style=\"font-size: 14pt;\">Para Camus decir\u00a0<i>\u201cesto es absurdo\u201d<\/i>\u00a0equivale a decir\u00a0<i>\u201cesto es imposible\u201d,<\/i>\u00a0y tambi\u00e9n,\u00a0<i>\u201cesto es contradictorio\u201d.<\/i>\u00a0El absurdo es, asimismo, lo inadmisible, lo que no podemos comprender, lo que no podemos justificar.<\/span><\/p>\n<p class=\"normal\" style=\"text-align: justify;\"><span style=\"font-size: 14pt;\">En definitiva, Cal\u00edgula aparece como el personaje indicado para exagerar y caricaturizar el concepto de lo absurdo.\u00a0<i>\u201cEn particular es el \u00fanico (&#8230;) que ha vuelto rid\u00edculo el poder mismo\u201d\u00a0<\/i>(Camus, 1999, p. 397). Las historias legendarias contadas sobre este emperador caprichoso y arbitrario que manipulaba a sus cortesanos y jugaba con ellos como el gato con el rat\u00f3n, son ideales para ilustrar la concepci\u00f3n camusiana del absurdo.<\/span><\/p>\n<p style=\"text-align: justify;\">\u00a0<\/p>\n<p><img loading=\"lazy\" decoding=\"async\" class=\"aligncenter wp-image-2250169\" src=\"https:\/\/puntocritico.com\/ausajpuntocritico\/wp-content\/uploads\/2022\/06\/Caligula-cabeza.jpg\" alt=\"\" width=\"220\" height=\"301\" data-id=\"2250169\" \/><\/p>\n<p style=\"text-align: center;\"><span style=\"color: #008000; font-size: 18pt;\">***<\/span><\/p>\n<blockquote>\n<h3 class=\"titulo2\" style=\"text-align: center;\">Bibliograf\u00eda<\/h3>\n<p class=\"biblio\">Camus. Albert, 1983,\u00a0<i>Narrativa y Teatro Completo<\/i>, Editorial Seix Barral, Barcelona.<\/p>\n<p class=\"biblio\">Camus, Albert, 1999,\u00a0<i>El mito de S\u00edsifo<\/i>, Editorial Losada, Buenos Aires.<\/p>\n<p class=\"biblio\">Estrade, Florence, 2002,\u00a0<i>El lector de Albert Camus<\/i>, Editorial Oc\u00e9ano, Barcelona.<\/p>\n<p class=\"biblio\">Lottman, Herbert R., 1994,\u00a0<i>Albert Camus<\/i>, Taurus Pensamiento, Madrid.<\/p>\n<p class=\"biblio\">Esslin, Martin, 1966,\u00a0<i>El teatro del absurdo<\/i>, Seix Barral, Barcelona.<\/p>\n<p class=\"biblio\">Pellettieri, Osvaldo, 1997,\u00a0<i>Una historia interrumpida<\/i>, Editorial Galerna, Buenos Aires.<\/p>\n<p class=\"biblio\">Sontag, Susan, 2005, \u201cLos\u00a0<i>carnets<\/i>\u00a0de Camus\u201d en\u00a0<i>Contra la interpretaci\u00f3n<\/i>, Editorial Alfaguara, Buenos Aires.<\/p>\n<p class=\"biblio\">Todd, Olivier, 1997,\u00a0<i>Albert Camus. Una vida<\/i>, Tusquets Editores, Barcelona.<\/p>\n<\/blockquote>\n<p>&nbsp;<\/p>\n<p><img loading=\"lazy\" decoding=\"async\" class=\"aligncenter wp-image-2250217\" src=\"https:\/\/puntocritico.com\/ausajpuntocritico\/wp-content\/uploads\/2022\/06\/albert-camus-solitario-y-solidario-en-un-ensayo-de-caligula-antonio-marin-segovia-300x225.jpg\" alt=\"\" width=\"360\" height=\"270\" data-id=\"2250217\" srcset=\"https:\/\/puntocritico.com\/ausajpuntocritico\/wp-content\/uploads\/2022\/06\/albert-camus-solitario-y-solidario-en-un-ensayo-de-caligula-antonio-marin-segovia-300x225.jpg 300w, https:\/\/puntocritico.com\/ausajpuntocritico\/wp-content\/uploads\/2022\/06\/albert-camus-solitario-y-solidario-en-un-ensayo-de-caligula-antonio-marin-segovia-326x245.jpg 326w, https:\/\/puntocritico.com\/ausajpuntocritico\/wp-content\/uploads\/2022\/06\/albert-camus-solitario-y-solidario-en-un-ensayo-de-caligula-antonio-marin-segovia-80x60.jpg 80w, https:\/\/puntocritico.com\/ausajpuntocritico\/wp-content\/uploads\/2022\/06\/albert-camus-solitario-y-solidario-en-un-ensayo-de-caligula-antonio-marin-segovia.jpg 610w\" sizes=\"auto, (max-width: 360px) 100vw, 360px\" \/><\/p>\n<p>&nbsp;<\/p>\n<p style=\"text-align: right;\">\u00a9\u00a0<i>Mar\u00eda Araceli Laurence 2011<\/i><\/p>\n<p style=\"text-align: right;\"><i>Esp\u00e9culo. Revista de estudios literarios<\/i>. Universidad Complutense de Madrid<\/p>\n<p style=\"text-align: right;\">El URL de este documento es http:\/\/www.ucm.es\/info\/especulo\/numero47\/caligula.html<\/p>\n<p>&nbsp;<\/p>\n<p><img loading=\"lazy\" decoding=\"async\" class=\"aligncenter wp-image-2250162 size-full\" src=\"https:\/\/puntocritico.com\/ausajpuntocritico\/wp-content\/uploads\/2022\/06\/caligul1.jpg\" alt=\"CALIGULA\" width=\"560\" height=\"260\" data-id=\"2250162\" srcset=\"https:\/\/puntocritico.com\/ausajpuntocritico\/wp-content\/uploads\/2022\/06\/caligul1.jpg 560w, https:\/\/puntocritico.com\/ausajpuntocritico\/wp-content\/uploads\/2022\/06\/caligul1-300x139.jpg 300w\" sizes=\"auto, (max-width: 560px) 100vw, 560px\" \/><\/p>\n<p style=\"text-align: center;\"><strong><span style=\"color: #008000; font-size: 18pt;\">*******<\/span><\/strong><\/p>\n<h2 style=\"text-align: center;\"><span style=\"font-size: 18pt;\">CAL\u00cdGULA (Teatro,\u00a0 Estudio 1)<\/span><\/h2>\n<p style=\"text-align: justify;\"><span style=\"font-size: 14pt;\">De Albert Camus<\/span><\/p>\n<p style=\"text-align: center;\"><iframe loading=\"lazy\" src=\"https:\/\/mega.nz\/embed\/uRt33QIB#FGmQneh62y8dLMue4ADc-gExOAyBuxwu9kNTL3vXynw\" width=\"640\" height=\"360\" frameborder=\"0\" allowfullscreen=\"allowfullscreen\"><\/iframe><\/p>\n<div style=\"text-align: center;\"><a href=\"https:\/\/www.youtube.com\/watch?v=W_u8GajUbfU\" target=\"_blank\" rel=\"noopener\"><strong>Cal\u00edgula &#8211; Teatro &#8211; Estudio 1, TVE<\/strong><\/a><\/div>\n<div>\u00a0<\/div>\n<blockquote>\n<div style=\"text-align: center;\">2001 Autor: Albert Camus Direcci\u00f3n: Eloy de la Iglesia, Armando Leal Guion: Eloy de la Iglesia, Jos\u00e9 Escu\u00e9 Porta. Reparto Assumpta Serna, Fernando Guill\u00e9n Cuervo, Sancho Gracia, Juan D\u00edaz, \u00c1ngel Pardo, Jos\u00e9 Mar\u00eda Escuer, Valent\u00edn Paredes, Rafael Mendiz\u00e1bal, Paco Sagarzazu, Tony Fuentes, TVE, Luis Barbero, Roger Pera<\/div>\n<div style=\"text-align: center;\">\u00a0<\/div>\n<div style=\"text-align: center;\">Representaci\u00f3n de la obra de Albert Camus, basada en la vida del emperador romano Cal\u00edgula. Al enterarse de la s\u00fabita muerte de su muy amada hermana Drusilla, Cal\u00edgula enloquece. Pretende cambiar toda la pol\u00edtica econ\u00f3mica del imperio: todas las personas con fortuna, grande o peque\u00f1a, deben desheredar a sus hijos y testar a favor del Estado; por si fuera poco, se har\u00e1 morir a esas personas segun un orden de lista establecido arbitrariamente. Ante esta situaci\u00f3n, los patricios urden un complot.<\/div>\n<\/blockquote>\n<p>&nbsp;<\/p>\n<p><img loading=\"lazy\" decoding=\"async\" class=\"aligncenter wp-image-2250209 size-mh-magazine-content\" src=\"https:\/\/puntocritico.com\/ausajpuntocritico\/wp-content\/uploads\/2022\/06\/Caligula-1920-4-678x381.jpg\" alt=\"\" width=\"678\" height=\"381\" data-id=\"2250209\" srcset=\"https:\/\/puntocritico.com\/ausajpuntocritico\/wp-content\/uploads\/2022\/06\/Caligula-1920-4-678x381.jpg 678w, https:\/\/puntocritico.com\/ausajpuntocritico\/wp-content\/uploads\/2022\/06\/Caligula-1920-4-300x169.jpg 300w, https:\/\/puntocritico.com\/ausajpuntocritico\/wp-content\/uploads\/2022\/06\/Caligula-1920-4-1024x575.jpg 1024w, https:\/\/puntocritico.com\/ausajpuntocritico\/wp-content\/uploads\/2022\/06\/Caligula-1920-4-768x432.jpg 768w, https:\/\/puntocritico.com\/ausajpuntocritico\/wp-content\/uploads\/2022\/06\/Caligula-1920-4-1536x863.jpg 1536w, https:\/\/puntocritico.com\/ausajpuntocritico\/wp-content\/uploads\/2022\/06\/Caligula-1920-4-610x343.jpg 610w, https:\/\/puntocritico.com\/ausajpuntocritico\/wp-content\/uploads\/2022\/06\/Caligula-1920-4-1320x742.jpg 1320w, https:\/\/puntocritico.com\/ausajpuntocritico\/wp-content\/uploads\/2022\/06\/Caligula-1920-4.jpg 1920w\" sizes=\"auto, (max-width: 678px) 100vw, 678px\" \/><\/p>\n<p style=\"text-align: center;\"><strong><span style=\"color: #008000; font-size: 18pt;\">*******<\/span><\/strong><\/p>\n<h2 style=\"text-align: center;\"><span style=\"font-size: 24pt;\"><strong>CAL\u00cdGULA, el \u00fanico hombre libre del imperio<\/strong><\/span><\/h2>\n<p><img loading=\"lazy\" decoding=\"async\" class=\"aligncenter wp-image-2250168\" src=\"https:\/\/puntocritico.com\/ausajpuntocritico\/wp-content\/uploads\/2022\/06\/Caligula-Cartel-teatro.jpg\" alt=\"\" width=\"360\" height=\"360\" data-id=\"2250168\" srcset=\"https:\/\/puntocritico.com\/ausajpuntocritico\/wp-content\/uploads\/2022\/06\/Caligula-Cartel-teatro.jpg 225w, https:\/\/puntocritico.com\/ausajpuntocritico\/wp-content\/uploads\/2022\/06\/Caligula-Cartel-teatro-150x150.jpg 150w\" sizes=\"auto, (max-width: 360px) 100vw, 360px\" \/><\/p>\n<p>&nbsp;<\/p>\n<blockquote>\n<p style=\"text-align: center;\"><span style=\"font-size: 14pt;\">HELIC\u00d3N (de un extremo a otro del escenario). Buenos d\u00edas, Cayo.<\/span><\/p>\n<p style=\"text-align: center;\"><span style=\"font-size: 14pt;\">CAL\u00cdGULA (con naturalidad). Buenos d\u00edas, Helic\u00f3n. Silencio<\/span><\/p>\n<p style=\"text-align: center;\"><span style=\"font-size: 14pt;\">HELIC\u00d3N. Pareces fatigado.<\/span><\/p>\n<p style=\"text-align: center;\"><span style=\"font-size: 14pt;\">CAL\u00cdGULA. He caminado mucho.<\/span><\/p>\n<p style=\"text-align: center;\"><span style=\"font-size: 14pt;\">HELIC\u00d3N. S\u00ed, tu ausencia dur\u00f3 largo tiempo. Silencio<\/span><\/p>\n<p style=\"text-align: center;\"><span style=\"font-size: 14pt;\">CAL\u00cdGULA. Era dif\u00edcil de encontrar.<\/span><\/p>\n<p style=\"text-align: center;\"><span style=\"font-size: 14pt;\">HELIC\u00d3N. \u00bfQu\u00e9 cosa?<\/span><\/p>\n<p style=\"text-align: center;\"><span style=\"font-size: 14pt;\">CAL\u00cdGULA. Lo que yo quer\u00eda.<\/span><\/p>\n<p style=\"text-align: center;\"><span style=\"font-size: 14pt;\">HELIC\u00d3N. \u00bfY qu\u00e9 quer\u00edas?<\/span><\/p>\n<p style=\"text-align: center;\"><span style=\"font-size: 14pt;\">CAL\u00cdGULA (siempre con naturalidad). La luna.<\/span><\/p>\n<p style=\"text-align: center;\"><span style=\"font-size: 14pt;\">HELIC\u00d3N. \u00bfQu\u00e9?<\/span><\/p>\n<p style=\"text-align: center;\"><span style=\"font-size: 14pt;\">CAL\u00cdGULA. S\u00ed, quer\u00eda la luna.<\/span><\/p>\n<p style=\"text-align: center;\"><span style=\"font-size: 14pt;\">HELIC\u00d3N. \u00a1Ah! (Silencio. Helic\u00f3n se acerca.) \u00bfPara qu\u00e9?<\/span><\/p>\n<p style=\"text-align: center;\"><span style=\"font-size: 14pt;\">CAL\u00cdGULA. Bueno&#8230; Es una de las cosas que no tengo.<\/span><\/p>\n<p style=\"text-align: center;\"><span style=\"font-size: 14pt;\">HELIC\u00d3N. Claro. \u00bfY ya se arregl\u00f3 todo?<\/span><\/p>\n<p style=\"text-align: center;\"><span style=\"font-size: 14pt;\">CAL\u00cdGULA. No, no pude conseguirla.<\/span><\/p>\n<p style=\"text-align: center;\"><span style=\"font-size: 14pt;\">HELIC\u00d3N. Qu\u00e9 fastidio.<\/span><\/p>\n<p style=\"text-align: center;\"><span style=\"font-size: 14pt;\">CAL\u00cdGULA. S\u00ed, por eso estoy cansado. (Pausa.) \u00a1Helic\u00f3n!<\/span><\/p>\n<p style=\"text-align: center;\"><span style=\"font-size: 14pt;\">HELIC\u00d3N. S\u00ed, Cayo.<\/span><\/p>\n<p style=\"text-align: center;\"><span style=\"font-size: 14pt;\">CAL\u00cdGULA. Piensas que estoy loco.<\/span><\/p>\n<p style=\"text-align: center;\"><span style=\"font-size: 14pt;\">HELIC\u00d3N. Bien sabes que nunca pienso.<\/span><\/p>\n<p style=\"text-align: center;\"><span style=\"font-size: 14pt;\">CAL\u00cdGULA. S\u00ed. \u00a1En fin! Pero no estoy loco y aun m\u00e1s: nunca he sido tan razonable. Simplemente, sent\u00ed en m\u00ed de pronto una necesidad de imposible. (Pausa.) Las cosas tal como son, no me parecen satisfactorias.<\/span><\/p>\n<p style=\"text-align: center;\"><span style=\"font-size: 14pt;\">HELIC\u00d3N. Es una opini\u00f3n bastante difundida.<\/span><\/p>\n<p style=\"text-align: center;\"><span style=\"font-size: 14pt;\">CAL\u00cdGULA. Es cierto. Pero antes no lo sab\u00eda. Ahora lo s\u00e9. (Siempre con naturalidad.) <strong>El mundo, tal como est\u00e1, no es soportable. Por eso necesito la luna o la dicha, o la inmortalidad, algo descabellado quiz\u00e1, pero que no sea de este mundo<\/strong>.<\/span><\/p>\n<p style=\"text-align: center;\"><span style=\"font-size: 14pt;\">HELIC\u00d3N. Es un razonamiento que se tiene en pie. Pero en general no es posible sostenerlo hasta el fin.<\/span><\/p>\n<p style=\"text-align: center;\"><span style=\"font-size: 14pt;\">CAL\u00cdGULA (levant\u00e1ndose, pero con la misma sencillez). T\u00fa no sabes nada. Las cosas no se consiguen porque nunca se las sostiene hasta el fin. Pero quiz\u00e1 baste permanecer l\u00f3gico hasta el fin. (Mira a Helic\u00f3n.) Tambi\u00e9n s\u00e9 lo que piensas. \u00a1Cu\u00e1ntas historias por la muerte de una mujer! Pero no es eso. Creo recordar, es cierto, que hace unos d\u00edas muri\u00f3 una mujer a quien yo amaba. \u00bfPero qu\u00e9 es el amor? Poca cosa. Esa muerte no significa nada, te lo juro; s\u00f3lo es la se\u00f1al de una verdad que me hace necesaria la luna. Es una verdad muy simple y muy clara, un poco tonta, pero dif\u00edcil de descubrir y pesada de llevar.<\/span><\/p>\n<p style=\"text-align: center;\"><span style=\"font-size: 14pt;\">HELIC\u00d3N. \u00bfY cu\u00e1l es la verdad?<\/span><\/p>\n<p style=\"text-align: center;\"><span style=\"font-size: 14pt;\">CAL\u00cdGULA (apartado, en tono neutro). <strong>Los hombres mueren y no son felices<\/strong>.<\/span><\/p>\n<p style=\"text-align: center;\"><span style=\"font-size: 14pt;\">HELIC\u00d3N (despu\u00e9s de la pausa). Vamos, Cayo, es una verdad a la que nos acomodamos muy bien. Mira a tu alrededor. No es eso lo que les impide almorzar.<\/span><\/p>\n<p style=\"text-align: center;\"><span style=\"font-size: 14pt;\">CAL\u00cdGULA (con s\u00fabito estallido). <strong>Entonces todo a mi alrededor es mentira, y yo quiero que vivamos en la verdad. Y justamente tengo los medios para hacerlos vivir en la verdad<\/strong>. Porque s\u00e9 lo que les falta, Helic\u00f3n. Est\u00e1n privados de conocimiento y les falta un profesor que sepa lo que dice.<\/span><\/p>\n<p style=\"text-align: center;\"><span style=\"font-size: 14pt;\">HELIC\u00d3N. No te ofendas, Cayo, por lo que voy a decirte. Pero deber\u00edas descansar primero.<\/span><\/p>\n<p style=\"text-align: center;\"><span style=\"font-size: 14pt;\">CAL\u00cdGULA (sent\u00e1ndose y con dulzura). No es posible, Helic\u00f3n, ya nunca ser\u00e1 posible.<\/span><\/p>\n<p style=\"text-align: center;\"><span style=\"font-size: 14pt;\">HELIC\u00d3N. \u00bfY por qu\u00e9 no?<\/span><\/p>\n<p style=\"text-align: center;\"><span style=\"font-size: 14pt;\">CAL\u00cdGULA. Si duermo, \u00bfqui\u00e9n me dar\u00e1 la luna?<\/span><\/p>\n<p style=\"text-align: center;\"><span style=\"font-size: 14pt;\">HELIC\u00d3N (despu\u00e9s de un silencio). Eso es cierto. Cal\u00edgula se levanta con visible esfuerzo.<\/span><\/p>\n<p style=\"text-align: center;\"><span style=\"font-size: 14pt;\">CAL\u00cdGULA. Escucha, Helic\u00f3n. Oigo pasos y rumor de voces. Guarda silencio y olvida que acabas de verme.<\/span><\/p>\n<p style=\"text-align: center;\"><span style=\"font-size: 14pt;\">HELIC\u00d3N. He comprendido. Cal\u00edgula se dirige hacia la salida. Se vuelve.<\/span><\/p>\n<p style=\"text-align: center;\"><span style=\"font-size: 14pt;\">CAL\u00cdGULA. Y te lo ruego: en adelante ay\u00fadame.<\/span><\/p>\n<p style=\"text-align: center;\"><span style=\"font-size: 14pt;\">HELIC\u00d3N. No tengo razones para no hacerlo, Cayo. Pero s\u00e9 pocas cosas y pocas cosas me interesan. \u00bfEn qu\u00e9 puedo ayudarte?<\/span><\/p>\n<p style=\"text-align: center;\"><span style=\"font-size: 14pt;\">CAL\u00cdGULA. En lo imposible.<\/span><\/p>\n<p style=\"text-align: center;\"><span style=\"font-size: 14pt;\">HELIC\u00d3N. Har\u00e9 lo que pueda. Cal\u00edgula sale. Entran r\u00e1pidamente Escipi\u00f3n y Cesonia.<\/span><\/p>\n<p style=\"text-align: center;\">\u00a0<\/p>\n<\/blockquote>\n<p><img loading=\"lazy\" decoding=\"async\" class=\"aligncenter wp-image-2250212\" src=\"https:\/\/puntocritico.com\/ausajpuntocritico\/wp-content\/uploads\/2022\/06\/Caligula-3.jpg\" alt=\"\" width=\"360\" height=\"202\" data-id=\"2250212\" srcset=\"https:\/\/puntocritico.com\/ausajpuntocritico\/wp-content\/uploads\/2022\/06\/Caligula-3.jpg 1338w, https:\/\/puntocritico.com\/ausajpuntocritico\/wp-content\/uploads\/2022\/06\/Caligula-3-300x169.jpg 300w, https:\/\/puntocritico.com\/ausajpuntocritico\/wp-content\/uploads\/2022\/06\/Caligula-3-1024x576.jpg 1024w, https:\/\/puntocritico.com\/ausajpuntocritico\/wp-content\/uploads\/2022\/06\/Caligula-3-768x432.jpg 768w, https:\/\/puntocritico.com\/ausajpuntocritico\/wp-content\/uploads\/2022\/06\/Caligula-3-610x343.jpg 610w, https:\/\/puntocritico.com\/ausajpuntocritico\/wp-content\/uploads\/2022\/06\/Caligula-3-678x381.jpg 678w, https:\/\/puntocritico.com\/ausajpuntocritico\/wp-content\/uploads\/2022\/06\/Caligula-3-1320x742.jpg 1320w\" sizes=\"auto, (max-width: 360px) 100vw, 360px\" \/><\/p>\n<p style=\"text-align: center;\"><span style=\"color: #008000; font-size: 18pt;\">***<\/span><\/p>\n<blockquote>\n<p style=\"text-align: center;\"><strong><span style=\"font-size: 14pt; color: #008000;\"> Esc\u00fachame bien, imb\u00e9cil. Si el Tesoro tiene importancia, la vida humana no la tiene. Est\u00e1 claro. Todos los que piensan como t\u00fa deben admitir este razonamiento y considerar que la vida no vale nada, ya que el dinero lo es todo. Entretanto, yo he decidido ser l\u00f3gico, y como tengo el poder, ver\u00e9is lo que os costar\u00e1 la l\u00f3gica. Exterminar\u00e9 a los opositores y la oposici\u00f3n. Si es necesario, empezar\u00e9 por ti.<\/span><\/strong><\/p>\n<\/blockquote>\n<p>&nbsp;<\/p>\n<blockquote>\n<p style=\"text-align: center;\"><span style=\"font-size: 14pt;\">EL INTENDENTE (con voz insegura). Te&#8230; te busc\u00e1bamos, C\u00e9sar.<\/span><\/p>\n<p style=\"text-align: center;\"><span style=\"font-size: 14pt;\">CAL\u00cdGULA (con voz breve y cambiada). Ya lo veo.<\/span><\/p>\n<p style=\"text-align: center;\"><span style=\"font-size: 14pt;\">EL INTENDENTE. Nosotros&#8230; es decir&#8230;<\/span><\/p>\n<p style=\"text-align: center;\"><span style=\"font-size: 14pt;\">CAL\u00cdGULA (brutalmente). \u00bfQu\u00e9 quer\u00e9is?<\/span><\/p>\n<p style=\"text-align: center;\"><span style=\"font-size: 14pt;\">EL INTENDENTE. Est\u00e1bamos inquietos, C\u00e9sar.<\/span><\/p>\n<p style=\"text-align: center;\"><span style=\"font-size: 14pt;\">CAL\u00cdGULA (acerc\u00e1ndose). \u00bfCon qu\u00e9 derecho?<\/span><\/p>\n<p style=\"text-align: center;\"><span style=\"font-size: 14pt;\">EL INTENDENTE. \u00a1Oh!&#8230; (S\u00fabitamente inspirado y muy r\u00e1pido.) En fin, de todos modos, bien sabes que debes arreglar algunas cuestiones concernientes al Tesoro P\u00fablico.<\/span><\/p>\n<p style=\"text-align: center;\"><span style=\"font-size: 14pt;\">CAL\u00cdGULA (con un acceso de risa inextinguible). \u00bfEl Tesoro? Pero es cierto, claro, el Tesoro; es fundamental.<\/span><\/p>\n<p style=\"text-align: center;\"><span style=\"font-size: 14pt;\">EL INTENDENTE. Cierto, C\u00e9sar.<\/span><\/p>\n<p>&nbsp;<\/p>\n<\/blockquote>\n<p><img loading=\"lazy\" decoding=\"async\" class=\"aligncenter wp-image-2250214 size-medium\" src=\"https:\/\/puntocritico.com\/ausajpuntocritico\/wp-content\/uploads\/2022\/06\/Caligula-SF-2-789x1024-1-231x300.jpg\" alt=\"\" width=\"231\" height=\"300\" data-id=\"2250214\" srcset=\"https:\/\/puntocritico.com\/ausajpuntocritico\/wp-content\/uploads\/2022\/06\/Caligula-SF-2-789x1024-1-231x300.jpg 231w, https:\/\/puntocritico.com\/ausajpuntocritico\/wp-content\/uploads\/2022\/06\/Caligula-SF-2-789x1024-1-768x997.jpg 768w, https:\/\/puntocritico.com\/ausajpuntocritico\/wp-content\/uploads\/2022\/06\/Caligula-SF-2-789x1024-1-610x792.jpg 610w, https:\/\/puntocritico.com\/ausajpuntocritico\/wp-content\/uploads\/2022\/06\/Caligula-SF-2-789x1024-1.jpg 789w\" sizes=\"auto, (max-width: 231px) 100vw, 231px\" \/><\/p>\n<p style=\"text-align: center;\"><span style=\"color: #008000; font-size: 18pt;\">***<\/span><\/p>\n<blockquote>\n<p style=\"text-align: center;\"><span style=\"font-size: 14pt;\">CAL\u00cdGULA (siempre riendo, a Cesonia). \u00bfNo es verdad, querida, que es muy importante el Tesoro?<\/span><\/p>\n<p style=\"text-align: center;\"><span style=\"font-size: 14pt;\">CESONIA. No, Cal\u00edgula, es una cuesti\u00f3n secundaria.<\/span><\/p>\n<p style=\"text-align: center;\"><span style=\"font-size: 14pt;\">CAL\u00cdGULA. Pero es que t\u00fa no entiendes nada. El Tesoro tiene un poderoso inter\u00e9s. Todo es importante; \u00a1las finanzas, la moral p\u00fablica, la pol\u00edtica exterior, el abastecimiento del ej\u00e9rcito y las leyes agrarias! Todo es fundamental. Todo est\u00e1 en el mismo plano: la grandeza de Roma y tus crisis de artritismo. \u00a1Ah! Me ocupar\u00e9 de todo. Esc\u00fachame un poco, intendente.<\/span><\/p>\n<p style=\"text-align: center;\"><span style=\"font-size: 14pt;\">EL INTENDENTE. Te escuchamos. Los Patricios se adelantan.<\/span><\/p>\n<p style=\"text-align: center;\"><span style=\"font-size: 14pt;\">CAL\u00cdGULA. \u00bfMe eres fiel, verdad?<\/span><\/p>\n<p style=\"text-align: center;\"><span style=\"font-size: 14pt;\">EL INTENDENTE (en tono de reproche). \u00a1C\u00e9sar!<\/span><\/p>\n<p style=\"text-align: center;\"><span style=\"font-size: 14pt;\">CAL\u00cdGULA. Bueno, pues tengo un plan que proponerte. Vamos a revolucionar la econom\u00eda pol\u00edtica en dos tiempos. Te lo explicar\u00e9, intendente&#8230;, cuando hayan salido los patricios.<\/span><\/p>\n<p style=\"text-align: center;\"><span style=\"font-size: 14pt;\">Los Patricios salen.<\/span><\/p>\n<\/blockquote>\n<p>&nbsp;<\/p>\n<p><img loading=\"lazy\" decoding=\"async\" class=\"aligncenter wp-image-2250215\" src=\"https:\/\/puntocritico.com\/ausajpuntocritico\/wp-content\/uploads\/2022\/06\/Caligula-1920-1-300x169.jpg\" alt=\"\" width=\"360\" height=\"202\" data-id=\"2250215\" srcset=\"https:\/\/puntocritico.com\/ausajpuntocritico\/wp-content\/uploads\/2022\/06\/Caligula-1920-1-300x169.jpg 300w, https:\/\/puntocritico.com\/ausajpuntocritico\/wp-content\/uploads\/2022\/06\/Caligula-1920-1-1024x575.jpg 1024w, https:\/\/puntocritico.com\/ausajpuntocritico\/wp-content\/uploads\/2022\/06\/Caligula-1920-1-768x432.jpg 768w, https:\/\/puntocritico.com\/ausajpuntocritico\/wp-content\/uploads\/2022\/06\/Caligula-1920-1-1536x863.jpg 1536w, https:\/\/puntocritico.com\/ausajpuntocritico\/wp-content\/uploads\/2022\/06\/Caligula-1920-1-610x343.jpg 610w, https:\/\/puntocritico.com\/ausajpuntocritico\/wp-content\/uploads\/2022\/06\/Caligula-1920-1-678x381.jpg 678w, https:\/\/puntocritico.com\/ausajpuntocritico\/wp-content\/uploads\/2022\/06\/Caligula-1920-1-1320x742.jpg 1320w, https:\/\/puntocritico.com\/ausajpuntocritico\/wp-content\/uploads\/2022\/06\/Caligula-1920-1.jpg 1920w\" sizes=\"auto, (max-width: 360px) 100vw, 360px\" \/><\/p>\n<p style=\"text-align: center;\"><span style=\"color: #008000; font-size: 18pt;\">***<\/span><\/p>\n<blockquote>\n<p style=\"text-align: center;\"><span style=\"font-size: 14pt;\">Cal\u00edgula se sienta junto a Cesonia.<\/span><\/p>\n<p style=\"text-align: center;\"><span style=\"font-size: 14pt;\">CAL\u00cdGULA. Esc\u00fachame bien. Primer tiempo. Todos los patricios, todas las personas del Imperio que dispongan de cierta fortuna \u2014peque\u00f1a o grande, es exactamente lo mismo\u2014 est\u00e1n obligados a desheredar a sus hijos y testar de inmediato a favor del Estado.<\/span><\/p>\n<p style=\"text-align: center;\"><span style=\"font-size: 14pt;\">EL INTENDENTE. Pero C\u00e9sar&#8230;<\/span><\/p>\n<p style=\"text-align: center;\"><span style=\"font-size: 14pt;\">CAL\u00cdGULA. No te he concedido a\u00fan la palabra. Conforme a nuestras necesidades, haremos morir a esos personajes siguiendo el orden de una lista establecida arbitrariamente. Llegado el momento podremos modificar ese orden, siempre arbitrariamente. Y heredaremos.<\/span><\/p>\n<p style=\"text-align: center;\"><span style=\"font-size: 14pt;\">CESONIA (apart\u00e1ndose). \u00bfQu\u00e9 te pasa?<\/span><\/p>\n<p style=\"text-align: center;\"><span style=\"font-size: 14pt;\">CAL\u00cdGULA (imperturbable). El orden de las ejecuciones no tiene, en efecto, ninguna importancia. O m\u00e1s bien, esas ejecuciones tienen todas la misma importancia, lo que demuestra que no la tienen. Por lo dem\u00e1s, son tan culpables unos como otros. (Al intendente, con rudeza.) Ejecutar\u00e1s esas \u00f3rdenes sin tardanza. Todos los habitantes de Roma firmar\u00e1n los testamentos esta noche, en un mes a m\u00e1s tardar los de provincias. Env\u00eda correos.<\/span><\/p>\n<p style=\"text-align: center;\"><span style=\"font-size: 14pt;\">EL INTENDENTE. C\u00e9sar, no te das cuenta&#8230;<\/span><\/p>\n<p style=\"text-align: center;\"><span style=\"font-size: 14pt;\">CAL\u00cdGULA. Esc\u00fachame bien, imb\u00e9cil. Si el Tesoro tiene importancia, la vida humana no la tiene. Est\u00e1 claro. Todos los que piensan como t\u00fa deben admitir este razonamiento y considerar que la vida no vale nada, ya que el dinero lo es todo. Entretanto, yo he decidido ser l\u00f3gico, y como tengo el poder, ver\u00e9is lo que os costar\u00e1 la l\u00f3gica. Exterminar\u00e9 a los opositores y la oposici\u00f3n. Si es necesario, empezar\u00e9 por ti.<\/span><\/p>\n<p style=\"text-align: center;\"><span style=\"font-size: 14pt;\">EL INTENDENTE. C\u00e9sar, mi buena voluntad no admite duda, te lo juro.<\/span><\/p>\n<p style=\"text-align: center;\"><span style=\"font-size: 14pt;\">CAL\u00cdGULA. Ni la m\u00eda, puedes creerme. La prueba es que consiente en adoptar tu punto de vista y considerar el Tesoro p\u00fablico como un objeto de meditaci\u00f3n. En suma, agrad\u00e9ceme, pues intervengo en tu juego y utilizo tus cartas. (Pausa, luego, con calma.) Adem\u00e1s mi plan, por su sencillez, es genial, lo cual cierra el debate. Tienes tres segundos para desaparecer. Cuento: uno&#8230; El intendente desaparece.<\/span><\/p>\n<\/blockquote>\n<p>&nbsp;<\/p>\n<p><img loading=\"lazy\" decoding=\"async\" class=\"aligncenter size-full wp-image-2250213\" src=\"https:\/\/puntocritico.com\/ausajpuntocritico\/wp-content\/uploads\/2022\/06\/Caligula-2.jpg\" alt=\"\" width=\"256\" height=\"257\" data-id=\"2250213\" srcset=\"https:\/\/puntocritico.com\/ausajpuntocritico\/wp-content\/uploads\/2022\/06\/Caligula-2.jpg 256w, https:\/\/puntocritico.com\/ausajpuntocritico\/wp-content\/uploads\/2022\/06\/Caligula-2-150x150.jpg 150w\" sizes=\"auto, (max-width: 256px) 100vw, 256px\" \/><\/p>\n<p style=\"text-align: center;\"><span style=\"color: #008000; font-size: 18pt;\">***<\/span><\/p>\n<blockquote>\n<p style=\"text-align: center;\"><span style=\"font-size: 14pt;\">CESONIA. \u00a1No te reconozco! Es una broma, \u00bfverdad?<\/span><\/p>\n<p style=\"text-align: center;\"><span style=\"font-size: 14pt;\">CAL\u00cdGULA. No es exactamente eso, Cesonia. Es pedagog\u00eda.<\/span><\/p>\n<p style=\"text-align: center;\"><span style=\"font-size: 14pt;\">ESCIPI\u00d3N. \u00a1No es posible, Cayo!<\/span><\/p>\n<p style=\"text-align: center;\"><span style=\"font-size: 14pt;\">CAL\u00cdGULA. \u00a1Justamente!<\/span><\/p>\n<p style=\"text-align: center;\"><span style=\"font-size: 14pt;\">ESCIPI\u00d3N. No te comprendo.<\/span><\/p>\n<p style=\"text-align: center;\"><span style=\"font-size: 14pt;\">CAL\u00cdGULA. \u00a1Justamente! Se trata de lo que no es posible, o m\u00e1s bien, de hacer posible lo que no lo es.<\/span><\/p>\n<p style=\"text-align: center;\"><span style=\"font-size: 14pt;\">ESCIPI\u00d3N. Pero ese juego no tiene l\u00edmites. Es la diversi\u00f3n de un loco.<\/span><\/p>\n<p style=\"text-align: center;\"><span style=\"font-size: 14pt;\">CAL\u00cdGULA. No, Escipi\u00f3n, es la virtud de un emperador. (Se echa hacia atr\u00e1s con un gesto de fatiga.) \u00a1Ah, hijos m\u00edos! Acabo de comprender por fin la utilidad del poder. Da oportunidades a lo imposible. Hoy, y en los tiempos venideros, mi libertad no tendr\u00e1 fronteras.<\/span><\/p>\n<p style=\"text-align: center;\"><span style=\"font-size: 14pt;\">CESONIA (tristemente). No s\u00e9 si hay que alegrarse, Cayo.<\/span><\/p>\n<p style=\"text-align: center;\"><span style=\"font-size: 14pt;\">CAL\u00cdGULA. Tampoco yo lo s\u00e9. Pero supongo que de eso habr\u00e1 que vivir.<\/span><\/p>\n<\/blockquote>\n<p>&nbsp;<\/p>\n<p><img loading=\"lazy\" decoding=\"async\" class=\"aligncenter size-full wp-image-2250210\" src=\"https:\/\/puntocritico.com\/ausajpuntocritico\/wp-content\/uploads\/2022\/06\/Caligula-4.jpg\" alt=\"\" width=\"299\" height=\"168\" data-id=\"2250210\" \/><\/p>\n<p style=\"text-align: center;\"><span style=\"color: #008000; font-size: 18pt;\">***<\/span><\/p>\n<blockquote>\n<p style=\"text-align: center;\"><span style=\"font-size: 18pt;\"><strong>Y justamente, os odio porque no sois libres<\/strong>. <strong>En todo el Imperio romano soy el \u00fanico libre<\/strong><\/span><\/p>\n<p>&nbsp;<\/p>\n<p style=\"text-align: center;\"><span style=\"font-size: 14pt;\">QUEREAS. Supe tu regreso. Hago votos por tu salud.<\/span><\/p>\n<p style=\"text-align: center;\"><span style=\"font-size: 14pt;\">CAL\u00cdGULA. Mi salud te lo agradece. (Pausa; de improviso.) Vete, Quereas, no quiero verte.<\/span><\/p>\n<p style=\"text-align: center;\"><span style=\"font-size: 14pt;\">QUEREAS. Me sorprendes, Cayo.<\/span><\/p>\n<p style=\"text-align: center;\"><span style=\"font-size: 14pt;\">CAL\u00cdGULA. No te sorprendas. No me gustan los literatos y no puedo soportar la mentira.<\/span><\/p>\n<p style=\"text-align: center;\"><span style=\"font-size: 14pt;\">QUEREAS. Si mentimos, es sin saberlo muchas veces. No me considero culpable.<\/span><\/p>\n<p style=\"text-align: center;\"><span style=\"font-size: 14pt;\">CAL\u00cdGULA. La mentira nunca es inocente. Y la vuestra da importancia a los seres y a las cosas. Eso es lo que no puedo perdonaros.<\/span><\/p>\n<p style=\"text-align: center;\"><span style=\"font-size: 14pt;\">QUEREAS. Y sin embargo, no hay m\u00e1s remedio que abogar por este mundo, si queremos vivir en \u00e9l.<\/span><\/p>\n<p style=\"text-align: center;\"><span style=\"font-size: 14pt;\">CAL\u00cdGULA. No abogues, la causa est\u00e1 juzgada. Este mundo no tiene importancia, y quien as\u00ed lo entienda conquista su libertad. (Se ha levantado.) <strong>Y justamente, os odio porque no sois libres<\/strong>. <strong>En todo el Imperio romano soy el \u00fanico libre<\/strong>. Regocijaos, por fin ha llegado un emperador que os ense\u00f1ar\u00e1 la libertad. Vete, Quereas, y t\u00fa tambi\u00e9n, Escipi\u00f3n, pues, \u00bfqu\u00e9 es la amistad? Id a anunciar a Roma que le ha sido restituida la libertad y que con ella empieza una gran prueba.<\/span><\/p>\n<\/blockquote>\n<p>&nbsp;<\/p>\n<p><img loading=\"lazy\" decoding=\"async\" class=\"aligncenter wp-image-2250218 size-medium\" src=\"https:\/\/puntocritico.com\/ausajpuntocritico\/wp-content\/uploads\/2022\/06\/caligulamejor12-1-1024x817-1-300x239.jpg\" alt=\"\" width=\"300\" height=\"239\" data-id=\"2250218\" srcset=\"https:\/\/puntocritico.com\/ausajpuntocritico\/wp-content\/uploads\/2022\/06\/caligulamejor12-1-1024x817-1-300x239.jpg 300w, https:\/\/puntocritico.com\/ausajpuntocritico\/wp-content\/uploads\/2022\/06\/caligulamejor12-1-1024x817-1-768x613.jpg 768w, https:\/\/puntocritico.com\/ausajpuntocritico\/wp-content\/uploads\/2022\/06\/caligulamejor12-1-1024x817-1-610x487.jpg 610w, https:\/\/puntocritico.com\/ausajpuntocritico\/wp-content\/uploads\/2022\/06\/caligulamejor12-1-1024x817-1.jpg 1024w\" sizes=\"auto, (max-width: 300px) 100vw, 300px\" \/><\/p>\n<p style=\"text-align: center;\"><span style=\"color: #008000; font-size: 18pt;\">***<\/span><\/p>\n<blockquote>\n<p style=\"text-align: center;\"><span style=\"font-size: 18pt;\"><strong>\u00a1Ah, Cesonia, les mostrar\u00e9 lo que nunca han visto, el \u00fanico hombre libre de este imperio!<\/strong><\/span><\/p>\n<p>&nbsp;<\/p>\n<p style=\"text-align: center;\"><span style=\"font-size: 14pt;\">CESONIA. \u00bfLloras?<\/span><\/p>\n<p style=\"text-align: center;\"><span style=\"font-size: 14pt;\">CAL\u00cdGULA. S\u00ed, Cesonia.<\/span><\/p>\n<p style=\"text-align: center;\"><span style=\"font-size: 14pt;\">CESONIA. Pero al fin, \u00bfqu\u00e9 ha cambiado? Si es cierto que amabas a Drusila, la amabas al mismo tiempo que a m\u00ed y a muchas otras. Eso no basta para que su muerte te arroje tres d\u00edas y tres noches al campo y te devuelva con ese rostro enemigo.<\/span><\/p>\n<p style=\"text-align: center;\"><span style=\"font-size: 14pt;\">CAL\u00cdGULA (se vuelve). \u00bfQui\u00e9n te habla de Drusila, loca? \u00bfNo puedes imaginar que un hombre llore por algo que no sea el amor?<\/span><\/p>\n<p style=\"text-align: center;\"><span style=\"font-size: 14pt;\">CESONIA. Perd\u00f3n, Cayo. Pero trato de comprender.<\/span><\/p>\n<p style=\"text-align: center;\"><span style=\"font-size: 14pt;\">CAL\u00cdGULA. Los hombres lloran porque las cosas no son lo que deber\u00edan ser. (Ella se le acerca.) Deja, Cesonia. (Cesonia retrocede.) Pero qu\u00e9date cerca.<\/span><\/p>\n<p style=\"text-align: center;\"><span style=\"font-size: 14pt;\">CESONIA. Har\u00e9 lo que quieras. (Se sienta.) A mi edad se sabe que la vida no es buena. Pero si hay mal en la tierra, \u00bfa qu\u00e9 querer aumentarlo?<\/span><\/p>\n<p style=\"text-align: center;\"><span style=\"font-size: 14pt;\">CAL\u00cdGULA. T\u00fa no puedes comprender. \u00bfQu\u00e9 importa? Quiz\u00e1 salga de esto. Pero siento subir en m\u00ed seres sin nombre. \u00bfQu\u00e9 har\u00e9 con ellos? (Se vuelve hacia Cesonia.) \u00a1Oh, Cesonia! Yo sab\u00eda que era posible estar desesperado, pero ignoraba el significado de esta palabra. Cre\u00eda, como todo el mundo, que era una enfermedad del alma. Pero no, el cuerpo es el que sufre. Me duelen la piel, el pecho, los miembros. Tengo la cabeza vac\u00eda y el est\u00f3mago revuelto. Y lo m\u00e1s atroz es este gusto en la boca. Ni de sangre, ni de muerte, ni de fiebre, sino de todo a la vez. Basta que mueva la lengua para que todo se ponga negro y los seres me repugnen. \u00a1Qu\u00e9 duro, qu\u00e9 amargo es hacerse hombre!<\/span><\/p>\n<p style=\"text-align: center;\"><span style=\"font-size: 14pt;\">CESONIA. Hay que dormir, dormir mucho, dejarse llevar y no cavilar m\u00e1s. Velar\u00e9 tu sue\u00f1o. Al despertar, el mundo recobrar\u00e1 su sabor para ti. Que tu poder sirva entonces para amar lo que a\u00fan puede ser amado. Lo posible tambi\u00e9n merece una oportunidad.<\/span><\/p>\n<p style=\"text-align: center;\"><span style=\"font-size: 14pt;\">CAL\u00cdGULA. Pero para eso se necesita el sue\u00f1o, la despreocupaci\u00f3n. No es posible.<\/span><\/p>\n<p style=\"text-align: center;\"><span style=\"font-size: 14pt;\">CESONIA. Es lo que uno cree cuando est\u00e1 rendido de fatiga. Llega el momento en que la mano vuelve a ser firme.<\/span><\/p>\n<p style=\"text-align: center;\"><span style=\"font-size: 14pt;\">CAL\u00cdGULA. Pero hay que saber d\u00f3nde posarla. \u00bfY qu\u00e9 me importa una mano firme, de qu\u00e9 me sirve este asombroso poder si no puedo cambiar el orden de las cosas, si no puedo hacer que el sol se ponga por el este, que el sufrimiento decrezca y que los que nacen no mueran? No, Cesonia, es indiferente dormir o permanecer despierto si no tengo influencia sobre el orden de este mundo.<\/span><\/p>\n<p style=\"text-align: center;\"><span style=\"font-size: 14pt;\">CESONIA. Pero eso es querer igualarse a los dioses. No conozco locura peor.<\/span><\/p>\n<p style=\"text-align: center;\"><span style=\"font-size: 14pt;\">CAL\u00cdGULA. Tambi\u00e9n t\u00fa me crees loco. Y sin embargo, \u00bfqu\u00e9 es un dios para que yo desee igualarme a \u00e9l? Lo que deseo hoy con todas mis fuerzas est\u00e1 por encima de los dioses. Tomo a mi cargo un reino donde lo imposible es rey.<\/span><\/p>\n<p style=\"text-align: center;\"><span style=\"font-size: 14pt;\">CESONIA. No podr\u00e1s hacer que el cielo no sea cielo, que un rostro hermoso se vuelva feo, un coraz\u00f3n humano, insensible.<\/span><\/p>\n<p style=\"text-align: center;\"><span style=\"font-size: 14pt;\">CAL\u00cdGULA (con exaltaci\u00f3n creciente). Quiero mezclar el cielo con el mar, confundir fealdad y belleza, hacer brotar la risa del sufrimiento.<\/span><\/p>\n<p style=\"text-align: center;\"><span style=\"font-size: 14pt;\">CESONIA (erguida delante de \u00e9l y suplicante). Hay lo bueno y lo malo, lo grande y lo bajo, lo justo y lo injusto. Te aseguro que todo esto no cambiar\u00e1.<\/span><\/p>\n<p style=\"text-align: center;\"><span style=\"font-size: 14pt;\">CAL\u00cdGULA (en el mismo tono). Mi voluntad es cambiarlo. Har\u00e9 a este siglo el don de la igualdad. Y cuando todo est\u00e9 nivelado, lo imposible al fin en la tierra, la luna en mis manos, entonces quiz\u00e1 yo mismo est\u00e9 transformado y el mundo conmigo; entonces, al fin, los hombres no morir\u00e1n y ser\u00e1n dichosos.<\/span><\/p>\n<p style=\"text-align: center;\"><span style=\"font-size: 14pt;\">CESONIA (en un grito). No podr\u00e1s negar el amor.<\/span><\/p>\n<p style=\"text-align: center;\"><span style=\"font-size: 14pt;\">CAL\u00cdGULA (estallando y con voz llena de rabia). \u00a1El amor, Cesonia! (La toma por los hombros y la sacude.) He aprendido que no es nada. El otro tiene raz\u00f3n: \u00a1el Tesoro p\u00fablico! Lo o\u00edste, \u00bfverdad? Todo empieza con eso. \u00a1Ah, por fin voy a vivir ahora! Vivir, Cesonia, vivir es lo contrario de amar. Te lo digo yo y te invito a una fiesta sin medida, a un proceso general, al m\u00e1s bello de los espect\u00e1culos. Y necesito gente, espectadores, v\u00edctimas y culpables. Se precipita hacia el gong y empieza a darle, sin tregua, golpes redoblados.<\/span><\/p>\n<p style=\"text-align: center;\"><span style=\"font-size: 14pt;\">CAL\u00cdGULA (sin dejar de golpear). Haced entrar a los culpables. Necesito culpables. Y todos lo son. (Siempre golpeando.) Quiero que entren los condenados a muerte. \u00a1P\u00fablico, quiero tener p\u00fablico! \u00a1Jueces, testigos, acusados, todos condenados de antemano! <strong>\u00a1Ah, Cesonia, les mostrar\u00e9 lo que nunca han visto, el \u00fanico hombre libre de este imperio!<\/strong> Al sonido del gong, el palacio se llena poco a poco de rumores que aumentan y se acercan. Voces, ruidos de armas, pasos y pataleos.<\/span><\/p>\n<p style=\"text-align: center;\"><span style=\"font-size: 14pt;\">CAL\u00cdGULA r\u00ede y sigue golpeando. Los Guardias entran y salen.<\/span><\/p>\n<p style=\"text-align: center;\"><span style=\"font-size: 14pt;\">CAL\u00cdGULA (golpeando). Y t\u00fa, Cesonia, me obedecer\u00e1s. Me ayudar\u00e1s siempre. Ser\u00e1 maravilloso. Jura que me ayudar\u00e1s, Cesonia.<\/span><\/p>\n<p style=\"text-align: center;\"><span style=\"font-size: 14pt;\">CESONIA (enajenada, entre dos golpes de gong). No necesito jurar, porque te amo. CAL\u00cdGULA (siempre golpeando). Har\u00e1s todo lo que te diga.<\/span><\/p>\n<p style=\"text-align: center;\"><span style=\"font-size: 14pt;\">CESONIA (en el mismo tono). Todo, Cal\u00edgula, pero detente.<\/span><\/p>\n<p style=\"text-align: center;\"><span style=\"font-size: 14pt;\">CAL\u00cdGULA (golpeando). Ser\u00e1s cruel.<\/span><\/p>\n<p style=\"text-align: center;\"><span style=\"font-size: 14pt;\">CESONIA (llorando). Cruel.<\/span><\/p>\n<p style=\"text-align: center;\"><span style=\"font-size: 14pt;\">CAL\u00cdGULA (golpeando). Fr\u00eda e implacable.<\/span><\/p>\n<p style=\"text-align: center;\"><span style=\"font-size: 14pt;\">CESONIA. Implacable.<\/span><\/p>\n<p style=\"text-align: center;\"><span style=\"font-size: 14pt;\">CAL\u00cdGULA (siempre golpeando). Tambi\u00e9n sufrir\u00e1s.<\/span><\/p>\n<p style=\"text-align: center;\"><span style=\"font-size: 14pt;\">CESONIA. S\u00ed, Cal\u00edgula, pero enloquezco. Entran Patricios estupefactos, y con ellos las gentes del palacio. Cal\u00edgula da un \u00faltimo golpe, levanta el mazo, se vuelve hacia ellos y los llama.<\/span><\/p>\n<p style=\"text-align: center;\"><span style=\"font-size: 14pt;\">CAL\u00cdGULA (fuera de s\u00ed). Venid todos. Acercaos. Mando que os acerqu\u00e9is. (Patalea.) Un emperador exige que os acerqu\u00e9is. (Todos avanzan, llenos de temor.) Venid en seguida. Y ahora ac\u00e9rcate, Cesonia. (La toma de la mano, la lleva junto al espejo y con el mazo, borra fren\u00e9ticamente una imagen sobre la superficie bru\u00f1ida. R\u00ede.) Nada, ya ves. \u00a1Ni un recuerdo, todos los rostros han huido! \u00a1Nada, nada m\u00e1s! \u00bfY sabes lo que queda? Ac\u00e9rcate un poco m\u00e1s. Mira, Acercaos. Mirad. Se planta delante del espejo en una actitud demente.<\/span><\/p>\n<p style=\"text-align: center;\"><span style=\"font-size: 14pt;\">CESONIA (mirando el espejo, con espanto). \u00a1Cal\u00edgula! Cal\u00edgula cambia de tono, apoya el dedo en el espejo y con la mirada s\u00fabitamente fija, dice con voz triunfante.<\/span><\/p>\n<p style=\"text-align: center;\"><span style=\"font-size: 14pt;\">CAL\u00cdGULA. \u00a1Cal\u00edgula!<\/span><\/p>\n<\/blockquote>\n<p>&nbsp;<\/p>\n<p><a href=\"https:\/\/puntocritico.com\/ausajpuntocritico\/2017\/05\/06\/la-justicia-bien-vale-una-revolucion-por-albert-camus\/\"><img loading=\"lazy\" decoding=\"async\" class=\"aligncenter wp-image-1303\" src=\"https:\/\/puntocritico.com\/ausajpuntocritico\/wp-content\/uploads\/2017\/02\/Albert_Camus_1.jpg\" alt=\"\" width=\"440\" height=\"292\" data-id=\"1303\" srcset=\"https:\/\/puntocritico.com\/ausajpuntocritico\/wp-content\/uploads\/2017\/02\/Albert_Camus_1.jpg 680w, https:\/\/puntocritico.com\/ausajpuntocritico\/wp-content\/uploads\/2017\/02\/Albert_Camus_1-300x199.jpg 300w, https:\/\/puntocritico.com\/ausajpuntocritico\/wp-content\/uploads\/2017\/02\/Albert_Camus_1-678x452.jpg 678w\" sizes=\"auto, (max-width: 440px) 100vw, 440px\" \/><\/a><\/p>\n<p>&nbsp;<\/p>\n<p>&nbsp;<\/p>\n<p><a href=\"https:\/\/puntocritico.com\/ausajpuntocritico\/author\/punto-critico\/\"><img loading=\"lazy\" decoding=\"async\" class=\"aligncenter wp-image-9528\" src=\"https:\/\/puntocritico.com\/ausajpuntocritico\/wp-content\/uploads\/2018\/03\/Mosca_Punto_Cr\u00edtico_40.png\" alt=\"\" width=\"80\" height=\"80\" data-id=\"9528\" \/><\/a><\/p>\n<p>&nbsp;<\/p>\n<p>&nbsp;<\/p>\n<p>&nbsp;<\/p>\n","protected":false},"excerpt":{"rendered":"<div class=\"mh-excerpt\"><p>CAL\u00cdGULA, de Albert Camus &nbsp; Albert Camus y su noci\u00f3n del absurdo: un an\u00e1lisis de\u00a0Cal\u00edgula Por Mar\u00eda Araceli Laurence Universidad Nacional de Lomas de Zamora &nbsp; Introducci\u00f3n Albert Camus es uno de los escritores y <a class=\"mh-excerpt-more\" href=\"https:\/\/puntocritico.com\/ausajpuntocritico\/2022\/06\/11\/caligula-albert-camus\/\" title=\"CAL\u00cdGULA, de Albert Camus. \u00abY justamente, os odio porque no sois libres. En todo el Imperio romano soy el \u00fanico libre\u00bb.\">[&#8230;]<\/a><\/p>\n<\/div>","protected":false},"author":3,"featured_media":2250163,"comment_status":"open","ping_status":"closed","sticky":false,"template":"","format":"standard","meta":{"_acf_changed":false,"_exactmetrics_skip_tracking":false,"_exactmetrics_sitenote_active":false,"_exactmetrics_sitenote_note":"","_exactmetrics_sitenote_category":0,"footnotes":""},"categories":[8],"tags":[49,60],"class_list":{"0":"post-2250158","1":"post","2":"type-post","3":"status-publish","4":"format-standard","5":"has-post-thumbnail","7":"category-filosofia","8":"tag-camus","9":"tag-roma"},"acf":[],"_links":{"self":[{"href":"https:\/\/puntocritico.com\/ausajpuntocritico\/wp-json\/wp\/v2\/posts\/2250158","targetHints":{"allow":["GET"]}}],"collection":[{"href":"https:\/\/puntocritico.com\/ausajpuntocritico\/wp-json\/wp\/v2\/posts"}],"about":[{"href":"https:\/\/puntocritico.com\/ausajpuntocritico\/wp-json\/wp\/v2\/types\/post"}],"author":[{"embeddable":true,"href":"https:\/\/puntocritico.com\/ausajpuntocritico\/wp-json\/wp\/v2\/users\/3"}],"replies":[{"embeddable":true,"href":"https:\/\/puntocritico.com\/ausajpuntocritico\/wp-json\/wp\/v2\/comments?post=2250158"}],"version-history":[{"count":0,"href":"https:\/\/puntocritico.com\/ausajpuntocritico\/wp-json\/wp\/v2\/posts\/2250158\/revisions"}],"wp:featuredmedia":[{"embeddable":true,"href":"https:\/\/puntocritico.com\/ausajpuntocritico\/wp-json\/wp\/v2\/media\/2250163"}],"wp:attachment":[{"href":"https:\/\/puntocritico.com\/ausajpuntocritico\/wp-json\/wp\/v2\/media?parent=2250158"}],"wp:term":[{"taxonomy":"category","embeddable":true,"href":"https:\/\/puntocritico.com\/ausajpuntocritico\/wp-json\/wp\/v2\/categories?post=2250158"},{"taxonomy":"post_tag","embeddable":true,"href":"https:\/\/puntocritico.com\/ausajpuntocritico\/wp-json\/wp\/v2\/tags?post=2250158"}],"curies":[{"name":"wp","href":"https:\/\/api.w.org\/{rel}","templated":true}]}}