{"id":2248922,"date":"2022-07-08T00:05:12","date_gmt":"2022-07-07T22:05:12","guid":{"rendered":"https:\/\/puntocritico.com\/ausajpuntocritico\/?p=2248922"},"modified":"2022-07-15T00:00:17","modified_gmt":"2022-07-14T22:00:17","slug":"los-conceptos-y-las-cosas-evolucion-y-alcance-de-la-teoria-vitalista-del-concepto-2","status":"publish","type":"post","link":"https:\/\/puntocritico.com\/ausajpuntocritico\/2022\/07\/08\/los-conceptos-y-las-cosas-evolucion-y-alcance-de-la-teoria-vitalista-del-concepto-2\/","title":{"rendered":"Los conceptos y las cosas. Evoluci\u00f3n y alcance de la teor\u00eda vitalista del concepto, por Axel Cherniavsky (Parte 2)"},"content":{"rendered":"<p class=\"entry-title\" style=\"text-align: justify;\"><a href=\"https:\/\/puntocritico.com\/ausajpuntocritico\/2022\/07\/01\/los-conceptos-y-las-cosas-1\/\"><strong><span style=\"font-size: 14pt;\">Los conceptos y las cosas. Evoluci\u00f3n y alcance de la teor\u00eda vitalista del concepto,\u00a0 \u2013 Parte I<\/span><\/strong><\/a><\/p>\n<p style=\"text-align: justify;\"><a href=\"https:\/\/puntocritico.com\/ausajpuntocritico\/2022\/07\/15\/los-conceptos-y-las-cosas-3\/\"><span style=\"font-size: 14pt;\"><strong>Los conceptos y las cosas. Evoluci\u00f3n y alcance de la teor\u00eda vitalista del concepto. Parte III<\/strong><\/span><\/a><\/p>\n<p style=\"text-align: center;\">\u2666<span style=\"color: #339966;\">\u2666<\/span>\u2666<\/p>\n<h1 style=\"text-align: center;\">Los conceptos y las cosas. Evoluci\u00f3n y alcance de la teor\u00eda vitalista del concepto<\/h1>\n<blockquote>\n<p style=\"text-align: center;\"><strong><em><span style=\"font-family: arial, helvetica, sans-serif; font-size: 14pt;\">El concepto es el producto de la inteligencia y la herramienta de la ciencia; la intuici\u00f3n, la producci\u00f3n de la intuici\u00f3n como facultad y el instrumento de la metaf\u00edsica. La ciencia analiza la materia y el espacio; la metaf\u00edsica simpatiza con el tiempo y el esp\u00edritu. El an\u00e1lisis divide, unifica y pone en simult\u00e1neo lo que la intuici\u00f3n descubre como indivisible, plural y sucesivo. La ciencia, dice Bergson, se aproximar\u00e1 indefinidamente a lo real, multiplicando perspectivas y variando puntos de vista: nos ofrecer\u00e1 siempre un conocimiento relativo. La filosof\u00eda, en cambio, nos deposita en el interior de lo real, provey\u00e9ndonos de un saber absoluto<\/span><\/em><\/strong><\/p>\n<\/blockquote>\n<p style=\"text-align: center;\"><span style=\"color: #008000; font-size: 18pt;\"><strong>Axel \u00a0Cherniavsky<\/strong><\/span><\/p>\n<p style=\"text-align: center;\"><span style=\"font-size: 14pt;\">Universidad \u00a0de \u00a0Buenos \u00a0Aires<\/span><\/p>\n<p>&nbsp;<\/p>\n<p style=\"text-align: center;\"><span style=\"font-size: 18pt;\">&#8211; <strong>Parte II<\/strong> &#8211;<\/span><\/p>\n<p style=\"text-align: center;\"><em><strong><span style=\"font-family: arial, helvetica, sans-serif; font-size: 14pt;\">La ciencia analiza la materia y el espacio; la metaf\u00edsica simpatiza con el tiempo y el esp\u00edritu<\/span><\/strong><\/em><\/p>\n<p>&nbsp;<\/p>\n<p style=\"text-align: justify;\"><span style=\"font-family: arial, helvetica, sans-serif; font-size: 14pt;\"><a href=\"https:\/\/es.wikipedia.org\/wiki\/Henri_Bergson\" target=\"_blank\" rel=\"noopener\"><img loading=\"lazy\" decoding=\"async\" class=\"alignleft wp-image-14812\" src=\"https:\/\/puntocritico.com\/ausajpuntocritico\/wp-content\/uploads\/2018\/11\/bergson-parte-2-300x169.jpg\" alt=\"teor\u00eda vitalista del concepto\" width=\"410\" height=\"231\" srcset=\"https:\/\/puntocritico.com\/ausajpuntocritico\/wp-content\/uploads\/2018\/11\/bergson-parte-2-300x169.jpg 300w, https:\/\/puntocritico.com\/ausajpuntocritico\/wp-content\/uploads\/2018\/11\/bergson-parte-2-768x432.jpg 768w, https:\/\/puntocritico.com\/ausajpuntocritico\/wp-content\/uploads\/2018\/11\/bergson-parte-2-1024x576.jpg 1024w, https:\/\/puntocritico.com\/ausajpuntocritico\/wp-content\/uploads\/2018\/11\/bergson-parte-2-267x150.jpg 267w, https:\/\/puntocritico.com\/ausajpuntocritico\/wp-content\/uploads\/2018\/11\/bergson-parte-2-678x381.jpg 678w, https:\/\/puntocritico.com\/ausajpuntocritico\/wp-content\/uploads\/2018\/11\/bergson-parte-2.jpg 1280w\" sizes=\"auto, (max-width: 410px) 100vw, 410px\" \/><\/a><strong>\u00bfQu\u00e9 es la intuici\u00f3n en <a href=\"https:\/\/es.wikipedia.org\/wiki\/Henri_Bergson\" target=\"_blank\" rel=\"noopener\">Bergson<\/a>?<\/strong> La intuici\u00f3n debe ser ante todo distinguida de la intuici\u00f3n y de la intuici\u00f3n. Es que <strong>Bergson<\/strong> emplea el mismo t\u00e9rmino para tres elementos distintos: un m\u00e9todo, una facultad y el producto de esa facultad.<\/span><\/p>\n<p style=\"text-align: justify;\"><span style=\"font-family: arial, helvetica, sans-serif; font-size: 14pt;\">La intuici\u00f3n es el m\u00e9todo de la filosof\u00eda, y retomando un l\u00e9xico <em>spinozista<\/em>, <strong>Bergson<\/strong> dice que consiste en percibir <em>sub specie durationis<\/em> (2003: 176). Intuir es pensar \u201c<em>en dur\u00e9e<\/em>\u201d (30). Por un lado, la intuici\u00f3n como m\u00e9todo de la filosof\u00eda se opone al an\u00e1lisis como m\u00e9todo de la ciencia (181). <strong>La ciencia busca rivalizar con la naturaleza, dominarla, mientras que la filosof\u00eda pretende simpatizar con ella, comprenderla<\/strong>.<\/span><\/p>\n<p style=\"text-align: justify;\"><span style=\"font-family: arial, helvetica, sans-serif; font-size: 14pt;\">Por otro lado, la intuici\u00f3n debe asimismo diferenciarse de la percepci\u00f3n art\u00edstica, que si bien dilata nuestra percepci\u00f3n, mostr\u00e1ndonos lo que con frecuencia no vemos al mirar, lo hace s\u00f3lo en superficie. La intuici\u00f3n agrega una dimensi\u00f3n a la percepci\u00f3n art\u00edstica, el tiempo, y la ampl\u00eda en profundidad (175). La intuici\u00f3n como m\u00e9todo es la comprensi\u00f3n temporal del tiempo, la percepci\u00f3n cambiante del cambio.<\/span><\/p>\n<p style=\"text-align: justify;\"><span style=\"font-family: arial, helvetica, sans-serif; font-size: 14pt;\">Como facultad, la intuici\u00f3n consiste en la captaci\u00f3n inmediata de lo singular y lo moviente, de lo esencial a todas las cosas y a cada cosa. Desde este punto de vista, se opone a la inteligencia, que divide y homogeniza un objeto que debe darse simult\u00e1neamente. El objeto de la inteligencia es el espacio, la materia. El de la intuici\u00f3n no es un objeto, sino un proceso, el tiempo o esp\u00edritu.<\/span><\/p>\n<p style=\"text-align: justify;\"><span style=\"font-family: arial, helvetica, sans-serif; font-size: 14pt;\">Finalmente, la intuici\u00f3n es el producto de la intuici\u00f3n como facultad. Desde esta perspectiva se opone al concepto, como producto de la inteligencia e instrumento del an\u00e1lisis. El concepto, con sus l\u00edmites bien precisos, encapsula lo real, lo estabiliza, lo identifica, lo define. La intuici\u00f3n, al contrario, intenta dar cuenta de su car\u00e1cter heterog\u00e9neo y sucesivo, continuo y fluctuante.<\/span><\/p>\n<p style=\"text-align: justify;\"><span style=\"font-family: arial, helvetica, sans-serif; font-size: 14pt;\"><strong>Bergson<\/strong> dud\u00f3 mucho antes de bautizar intuici\u00f3n a la intuici\u00f3n (25), tantas eran las capas de sedimento con las que la historia de la filosof\u00eda hab\u00eda recubierto el t\u00e9rmino. Distingamos entonces la intuici\u00f3n bergsoniana de las intuiciones de la tradici\u00f3n. La intuici\u00f3n de <strong>Bergson<\/strong> no es como la de <strong>Descartes<\/strong>, una intuici\u00f3n intelectual. Dos actos cognoscitivos ofrecen las <em>regulae<\/em> <em>cartesianas<\/em> para acceder a las cosas sin temor a equivocarse: la deducci\u00f3n y la intuici\u00f3n. Pero ambos son actos del entendimiento. \u201c<em>Por intuici\u00f3n, entiendo [\u2026] el concepto que la inteligencia pura y atenta forma con tanta facilidad y distinci\u00f3n que no queda absolutamente ninguna duda sobre lo que comprendemos<\/em> [\u2026]\u201d (<em><strong>Descartes<\/strong><\/em>, 1996: 14) La definici\u00f3n de la intuici\u00f3n, pero tambi\u00e9n los ejemplos que <strong>Descartes<\/strong> ofrece, por lo general tomados de la geometr\u00eda y la aritm\u00e9tica, permiten pensar la intuici\u00f3n como una deducci\u00f3n veloz. En efecto, ella no carece de una cierta discursividad. Intuici\u00f3n y deducci\u00f3n son la bifurcaci\u00f3n que tiene como ra\u00edz com\u00fan al entendimiento. La diferencia entre una y otra es gradual. La intuici\u00f3n de <strong>Bergson<\/strong>, en cambio, se distingue por naturaleza y no por grados del razonamiento intelectual. La inteligencia divide, homogeneiza y estabiliza. Es en esencia pr\u00e1ctica. La intuici\u00f3n, esencialmente especulativa, capta lo indivisible y sucesivo. Inteligencia e intuici\u00f3n no son dos operaciones de una misma facultad, sino dos facultades distintas. <strong>Bergson<\/strong>, como <strong>Descartes<\/strong>, cree en la posibilidad de captar la cosa tal cual es; pero el segundo gracias a una operaci\u00f3n intelectual, el primero gracias a una facultad <em>supraintelectual<\/em>.<\/span><\/p>\n<p>&nbsp;<\/p>\n<p><a href=\"https:\/\/puntocritico.com\/ausajpuntocritico\/wp-content\/uploads\/2018\/11\/cono-bergson.png\" rel=\"lightbox[2248922]\"><img loading=\"lazy\" decoding=\"async\" class=\"aligncenter wp-image-14818 size-full\" src=\"https:\/\/puntocritico.com\/ausajpuntocritico\/wp-content\/uploads\/2018\/11\/cono-bergson.png\" alt=\"\" width=\"481\" height=\"491\" srcset=\"https:\/\/puntocritico.com\/ausajpuntocritico\/wp-content\/uploads\/2018\/11\/cono-bergson.png 481w, https:\/\/puntocritico.com\/ausajpuntocritico\/wp-content\/uploads\/2018\/11\/cono-bergson-294x300.png 294w, https:\/\/puntocritico.com\/ausajpuntocritico\/wp-content\/uploads\/2018\/11\/cono-bergson-147x150.png 147w\" sizes=\"auto, (max-width: 481px) 100vw, 481px\" \/><\/a><\/p>\n<p>&nbsp;<\/p>\n<p style=\"text-align: justify;\"><span style=\"font-family: arial, helvetica, sans-serif; font-size: 14pt;\">En segundo lugar, la intuici\u00f3n <em>bergsoniana<\/em> debe distinguirse de la <em>plat\u00f3nica<\/em> (<em>episteme o noesis<\/em>): si bien ambas son una captaci\u00f3n inmediata, lo que capta una es eterno e inmutable, id\u00e9ntico a s\u00ed, y lo que capta la otra es temporal y cambiante, eternamente distinto de s\u00ed. En relaci\u00f3n a <strong>Kant<\/strong>, debemos decir que la intuici\u00f3n no capta el fen\u00f3meno, sino lo que para <strong>Kant<\/strong> es la cosa en s\u00ed. En efecto, <strong>Bergson<\/strong>, como <strong>Husserl<\/strong>, considera el criticismo como un desaf\u00edo, e intentan refundar un conocimiento absoluto. Por momentos, al leerlos, pareciera que estamos ante filosof\u00edas pre-cr\u00edticas. \u201c<em>A las cosas mismas<\/em>\u201d, declara la consigna fenomenol\u00f3gica, que es igualmente v\u00e1lida para <strong>Bergson<\/strong>, cuya intuici\u00f3n es una aprehensi\u00f3n de la esencia de cada cosa. Debemos remitirnos m\u00e1s al <strong>Kant<\/strong> de la <em>Cr\u00edtica del juicio<\/em> que al de la <em>Cr\u00edtica de la raz\u00f3n pura<\/em> y, en este sentido, no es curioso que <strong>Bergson<\/strong> recurra al arte para se\u00f1alar un \u00e1mbito en donde las cosas se exhiben tal cual son y no mediadas por s\u00edmbolos como en la ciencia. Finalmente, la intuici\u00f3n bergsoniana ha de distinguirse de la <em>spinozista<\/em>, en tanto que la segunda es una intuici\u00f3n de las esencias de las cosas singulares y la primera, para ponerlo en los mismos t\u00e9rminos, una intuici\u00f3n de las esencias singulares de las cosas. En efecto, como bien explica <strong>Gu\u00e9roult<\/strong>, nada indica que, en la <em>\u00c9tica<\/em>, la ciencia intuitiva nos ofrezca las esencias de cada cosa, en vez de la esencia singular de las cosas (Gu\u00e9roult, 1968: 458-463). No es el caso en <strong>Bergson<\/strong>, en donde la intuici\u00f3n se amolda a cada objeto, se mimetiza con cada proceso.<\/span><\/p>\n<p>&nbsp;<\/p>\n<blockquote>\n<p style=\"text-align: center;\"><strong><span style=\"font-family: arial, helvetica, sans-serif; font-size: 14pt; color: #008000;\">La ciencia analiza la materia y el espacio; la metaf\u00edsica simpatiza con el tiempo y el esp\u00edritu<\/span><\/strong><\/p>\n<\/blockquote>\n<p>&nbsp;<\/p>\n<h2><strong><span style=\"font-family: arial, helvetica, sans-serif; font-size: 14pt;\">Teor\u00eda vitalista del concepto:<\/span><\/strong><\/h2>\n<p style=\"text-align: justify;\"><span style=\"font-family: arial, helvetica, sans-serif; font-size: 14pt;\">El concepto es el producto de la inteligencia y la herramienta de la ciencia; la intuici\u00f3n, la producci\u00f3n de la intuici\u00f3n como facultad y el instrumento de la metaf\u00edsica. La ciencia analiza la materia y el espacio; la metaf\u00edsica simpatiza con el tiempo y el esp\u00edritu. El an\u00e1lisis divide, unifica y pone en simult\u00e1neo lo que la intuici\u00f3n descubre como indivisible, plural y sucesivo. La ciencia, dice <strong>Bergson<\/strong>, se aproximar\u00e1 indefinidamente a lo real, multiplicando perspectivas y variando puntos de vista: nos ofrecer\u00e1 siempre un conocimiento relativo. La filosof\u00eda, en cambio, nos deposita en el interior de lo real, provey\u00e9ndonos de un saber absoluto. Se puede traducir una novela en cientos de lenguas, ninguna traducci\u00f3n nos impactar\u00e1 como el original. Podremos sacar miles de fotograf\u00edas de una ciudad, ejemplifica <strong>Bergson<\/strong>, pero nunca ser\u00e1 como pasear por ella (2003: 179). Con cuadros y pinturas comparaba <a href=\"https:\/\/puntocritico.com\/ausajpuntocritico\/2022\/02\/11\/descartes-spinoza-y-el-materialismo-descartes-versus-spinoza-2\/\"><strong>Descartes<\/strong><\/a> las ideas, de fotograf\u00edas distingue Bergson a la intuici\u00f3n. Es esta diferencia la que nos permite evaluar el primer aporte de <strong>Bergson<\/strong> para la construcci\u00f3n de un concepto <em>vitalista <\/em>(<em>teor\u00eda vitalista del concepto<\/em>).<\/span><\/p>\n<p style=\"text-align: justify;\"><span style=\"font-family: arial, helvetica, sans-serif; font-size: 14pt;\">La idea, tanto en <strong>Spinoza<\/strong> como en <strong>Descartes<\/strong>, al igual que lo que <strong>Bergson<\/strong> entiende por concepto, es una representaci\u00f3n de lo real, una copia de su objeto. Poco importa la psicolog\u00eda implicada, si debe haber un est\u00edmulo sensible o no, si el cuerpo le transmite la imagen al alma o constituye el alma un circuito \u201c<em>paralelo<\/em>\u201d. En todos los casos, la idea aparece como un reflejo de lo real, copia o duplicaci\u00f3n. La particularidad de la intuici\u00f3n bergsoniana es que no representa, sino que presenta lo real, es una m\u00edmica y no una imitaci\u00f3n. En segundo lugar, con <strong>Bergson<\/strong>, la idea parece haberse afinado, agudizado, pues ha perdido todo car\u00e1cter unificador o totalizador. Ya <strong>Spinoza<\/strong> distingu\u00eda sus nociones comunes de las ideas abstractas o generales, pero \u00e9stas bien eran \u201c<em>comunes<\/em>\u201d a todas las cosas. Nada ha quedado de esto en <strong>Bergson<\/strong>, nada del <em>concepto kantiano<\/em> que subsume las intuiciones: a cada cosa una intuici\u00f3n. E incluso la intuici\u00f3n es lo que nos permite decir que lo que cre\u00edamos que era una cosa, en realidad, eran muchas, fugaces, \u00fanicas, irreversibles. Por otra parte, ese car\u00e1cter corp\u00f3reo o material de la idea <em>spinozista<\/em>, su consistencia, se ve conservado en la filosof\u00eda de <strong>Bergson<\/strong>. El \u201c<em>empirismo verdadero<\/em>\u201d es un esfuerzo por darle a la metaf\u00edsica la precisi\u00f3n de la ciencia y al esp\u00edritu, el color y la textura de la materia. Hay un dualismo tanto en <strong>Spinoza<\/strong> como en <strong>Bergson<\/strong>, de atributos en el primero, de tendencias en el segundo, pero en ambos casos es provisorio: el primero se resuelve en la unidad de la sustancia, el segundo en la simplicidad del <em>\u00e9lan<\/em> (Jank\u00e9l\u00e9vitch, 1959: 174). En cierto sentido, <strong>Bergson<\/strong> dinamiza un sistema que ya era din\u00e1mico, aceita un mecanicismo, lo \u201c<em>organiza<\/em>\u201d. Al reemplazar las causas por procesos, hace del mecanismo universal un organismo universal: viste esa Naturaleza de la cual <strong>Spinoza<\/strong> hab\u00eda dado s\u00f3lo el esqueleto. El resultado de ambos monismos es tanto la espiritualizaci\u00f3n de la materia como, lo que aqu\u00ed nos importa, la materializaci\u00f3n del esp\u00edritu. Por eso decimos que la consistencia de las ideas se encuentra totalmente conservada. Pero, finalmente, ese car\u00e1cter que denominamos terrenal o inmanente de las ideas, por el cual significamos que no est\u00e1n ni el cielo ni en la mente de los hombres exclusivamente, se ha perdido, pues la intuici\u00f3n de <strong>Bergson<\/strong> es el producto de una facultad que aparece s\u00f3lo con el advenimiento del hombre (Bergson, 2003c, cap. III).<\/span><\/p>\n<p style=\"text-align: justify;\"><span style=\"font-family: arial, helvetica, sans-serif; font-size: 14pt;\">Ganancia en movilidad o singularidad; conservaci\u00f3n de consistencia y p\u00e9rdida de terrenalidad: tal es el pasaje de la idea <em>spinozista<\/em> a la intuici\u00f3n de <strong>Bergson<\/strong>. La originalidad de \u00e9sta reposa en su car\u00e1cter no representativo. Es un heredero de ambos fil\u00f3sofos, <strong>Deleuze<\/strong>, quien va a agrupar todos estos caracteres en su concepto de concepto, y a aportar por otra parte innovaciones propias.\u00a0<\/span><\/p>\n<p>&nbsp;<\/p>\n<figure id=\"attachment_2251471\" aria-describedby=\"caption-attachment-2251471\" style=\"width: 678px\" class=\"wp-caption aligncenter\"><img loading=\"lazy\" decoding=\"async\" class=\"wp-image-2251471 size-mh-magazine-content\" src=\"https:\/\/puntocritico.com\/ausajpuntocritico\/wp-content\/uploads\/2022\/07\/deleuze-guattari-678x381.jpg\" alt=\"\" width=\"678\" height=\"381\" data-id=\"2251471\" \/><figcaption id=\"caption-attachment-2251471\" class=\"wp-caption-text\"><span style=\"color: #008000;\">F\u00e9lix Guattari y Gilles Deleuze<\/span><\/figcaption><\/figure>\n<p><a href=\"https:\/\/puntocritico.com\/author\/punto-critico\/\"><img loading=\"lazy\" decoding=\"async\" class=\"aligncenter wp-image-48\" src=\"https:\/\/puntocritico.com\/ausajpuntocritico\/wp-content\/uploads\/2016\/11\/Mosca_Punto_Cr\u00edtico_40.png\" alt=\"\" width=\"80\" height=\"80\" \/><\/a><\/p>\n<p>&nbsp;<\/p>\n","protected":false},"excerpt":{"rendered":"<div class=\"mh-excerpt\"><p>Los conceptos y las cosas. Evoluci\u00f3n y alcance de la teor\u00eda vitalista del concepto,\u00a0 \u2013 Parte I Los conceptos y las cosas. Evoluci\u00f3n y alcance de la teor\u00eda vitalista del concepto. Parte III \u2666\u2666\u2666 Los <a class=\"mh-excerpt-more\" href=\"https:\/\/puntocritico.com\/ausajpuntocritico\/2022\/07\/08\/los-conceptos-y-las-cosas-evolucion-y-alcance-de-la-teoria-vitalista-del-concepto-2\/\" title=\"Los conceptos y las cosas. Evoluci\u00f3n y alcance de la teor\u00eda vitalista del concepto, por Axel Cherniavsky (Parte 2)\">[&#8230;]<\/a><\/p>\n<\/div>","protected":false},"author":3,"featured_media":14811,"comment_status":"open","ping_status":"closed","sticky":false,"template":"","format":"standard","meta":{"_acf_changed":false,"_exactmetrics_skip_tracking":false,"_exactmetrics_sitenote_active":false,"_exactmetrics_sitenote_note":"","_exactmetrics_sitenote_category":0,"footnotes":""},"categories":[8],"tags":[43],"class_list":{"0":"post-2248922","1":"post","2":"type-post","3":"status-publish","4":"format-standard","5":"has-post-thumbnail","7":"category-filosofia","8":"tag-spinoza"},"acf":[],"_links":{"self":[{"href":"https:\/\/puntocritico.com\/ausajpuntocritico\/wp-json\/wp\/v2\/posts\/2248922","targetHints":{"allow":["GET"]}}],"collection":[{"href":"https:\/\/puntocritico.com\/ausajpuntocritico\/wp-json\/wp\/v2\/posts"}],"about":[{"href":"https:\/\/puntocritico.com\/ausajpuntocritico\/wp-json\/wp\/v2\/types\/post"}],"author":[{"embeddable":true,"href":"https:\/\/puntocritico.com\/ausajpuntocritico\/wp-json\/wp\/v2\/users\/3"}],"replies":[{"embeddable":true,"href":"https:\/\/puntocritico.com\/ausajpuntocritico\/wp-json\/wp\/v2\/comments?post=2248922"}],"version-history":[{"count":0,"href":"https:\/\/puntocritico.com\/ausajpuntocritico\/wp-json\/wp\/v2\/posts\/2248922\/revisions"}],"wp:featuredmedia":[{"embeddable":true,"href":"https:\/\/puntocritico.com\/ausajpuntocritico\/wp-json\/wp\/v2\/media\/14811"}],"wp:attachment":[{"href":"https:\/\/puntocritico.com\/ausajpuntocritico\/wp-json\/wp\/v2\/media?parent=2248922"}],"wp:term":[{"taxonomy":"category","embeddable":true,"href":"https:\/\/puntocritico.com\/ausajpuntocritico\/wp-json\/wp\/v2\/categories?post=2248922"},{"taxonomy":"post_tag","embeddable":true,"href":"https:\/\/puntocritico.com\/ausajpuntocritico\/wp-json\/wp\/v2\/tags?post=2248922"}],"curies":[{"name":"wp","href":"https:\/\/api.w.org\/{rel}","templated":true}]}}