{"id":2248911,"date":"2022-06-17T00:05:15","date_gmt":"2022-06-16T22:05:15","guid":{"rendered":"https:\/\/puntocritico.com\/ausajpuntocritico\/?p=2248911"},"modified":"2026-01-15T09:43:38","modified_gmt":"2026-01-15T08:43:38","slug":"tratado-teologico-politico-spinoza-los-hombres-luchan-por-su-esclavitud-como-si-fuera-su-salvacion-por-mariana-periodico-el-libertario-2","status":"publish","type":"post","link":"https:\/\/puntocritico.com\/ausajpuntocritico\/2022\/06\/17\/tratado-teologico-politico-spinoza-los-hombres-luchan-por-su-esclavitud-como-si-fuera-su-salvacion-por-mariana-periodico-el-libertario-2\/","title":{"rendered":"TRATADO TEOL\u00d3GICO POL\u00cdTICO (Spinoza): \u00abLos hombres luchan por su esclavitud como si fuera su salvaci\u00f3n\u00bb, por Mariana (peri\u00f3dico \u00abEl Libertario\u00bb)"},"content":{"rendered":"<p style=\"text-align: justify;\"><span style=\"font-size: 14pt; color: #008000;\">Los hombres luchan por su esclavitud como si fuera su salvaci\u00f3n<\/span><\/p>\n<blockquote>\n<p class=\"entry-title\" style=\"text-align: center;\"><strong><span style=\"font-size: 18pt;\">\u00abNo somos los primeros esclavos, pero s\u00ed los primeros que ignoramos serlo por completo\u00bb<\/span><\/strong><\/p>\n<p><span style=\"font-size: 14pt;\">CITAS DE <a href=\"https:\/\/puntocritico.com\/ausajpuntocritico\/2020\/08\/31\/llanuto-2\/\">LLANUTO<\/a><\/span><\/p>\n<p style=\"text-align: justify;\"><span style=\"font-size: 14pt;\"><strong>No somos los primeros esclavos, pero s\u00ed los primeros que ignoramos serlo por completo<\/strong>.\u00a0Es la vieja explotaci\u00f3n entre humanos, y la obsesi\u00f3n por la dominaci\u00f3n.\u00a0<em>Nuevos medios para generar la quintaesencia de la misma asquerosidad de siempre, pero bajo un manto pol\u00edtico-correcto de peluche<\/em>.\u00a0<\/span><\/p>\n<p style=\"text-align: justify;\"><span style=\"font-size: 14pt;\"><strong>La \u00fanica alternativa pasa, por dejar de consumir el yo a cuya habituaci\u00f3n hemos sido (y en todo momento seguimos siendo) inducidos, y dejar que todo caiga, sin miedo, al vac\u00edo<\/strong>.<\/span><\/p>\n<p style=\"text-align: justify;\"><span style=\"font-size: 14pt;\"><strong>\u00bfQue puede ser peor, en un mundo que siembra la devastaci\u00f3n en nombre de la democracia, que renunciar a ejercer el derecho de participar de tal abominaci\u00f3n?\u00a0<\/strong>\u00bfAcaso ir agotando la vida en c\u00f3modos plazos cuatrienales,\u00a0<em>viendo desfilar interminablemente esos maquillados caretos sonrientes, exhibidos en carteles que invitan, mediante esl\u00f3ganes pedorretos, a la adhesi\u00f3n de sus respectivas causas delictivas en nombre de submarcas de la casa matriz, para llegar, al cabo, a la m\u00e1s atroz de las decepciones sin haber tenido siquiera la entereza de mandarles al carajo<\/em>?.\u00a0<\/span><\/p>\n<p style=\"text-align: justify;\"><span style=\"font-size: 14pt;\"><strong>La impunidad de los cr\u00edmenes de Estado, se vale del mismo miedo al vac\u00edo que impide una abstenci\u00f3n aplastante: Y luego \u00bfque?<\/strong>\u00a0\u201c<em>M\u00e1s vale, malo conocido, que bueno por conocer<\/em>\u201d.<\/span><\/p>\n<p style=\"text-align: justify;\"><span style=\"font-size: 14pt;\"><strong>Es en esa mentalidad de esclavos, donde podemos comprender que nadie nos carga de cadenas otras que las que deseamos llevar, convencidos de que dan lustre<\/strong>.\u00a0<em>Si imaginamos que, llegado el caso, lo desconocido es uno mismo, y tanto si es bueno, como si es malo, hay que protegerse de poder llegar a conocerlo;\u00bfa que se debe la implantaci\u00f3n de tal recelo?<\/em>.<\/span><\/p>\n<p style=\"text-align: justify;\"><span style=\"font-size: 14pt;\"><strong>Quiz\u00e1 nos protege de descubrir algo que pudiera alterar el juego; tal vez, incluso, de que podamos darnos cuenta que hay vida m\u00e1s all\u00e1 del gallinero<\/strong>.<\/span><\/p>\n<p style=\"text-align: justify;\"><span style=\"font-size: 14pt;\">En efecto,\u00a0<em>encontrar\u00edamos que tambi\u00e9n se halla la muerte, pero con un sentido distinto a aquella que ya existe dentro de \u00e9l, donde la del esp\u00edritu est\u00e1 de antemano garantizada<\/em>.<\/span><\/p>\n<p>&nbsp;<\/p>\n<p style=\"text-align: center;\"><a href=\"https:\/\/puntocritico.com\/ausajpuntocritico\/2020\/08\/31\/llanuto-2\/\"><span style=\"font-size: 14pt;\"><strong>LLANUTO<\/strong><\/span><\/a><\/p>\n<p style=\"text-align: center;\"><strong><span style=\"color: #008000; font-size: 14pt;\"><em>El Rey de los Godos que no sale en la lista<\/em><\/span><\/strong><\/p>\n<p><a href=\"https:\/\/puntocritico.com\/ausajpuntocritico\/2020\/08\/31\/llanuto-2\/\" target=\"_blank\" rel=\"noopener noreferrer\"><img loading=\"lazy\" decoding=\"async\" class=\"aligncenter wp-image-925970\" src=\"https:\/\/puntocritico.com\/ausajpuntocritico\/wp-content\/uploads\/2020\/08\/El-Rey-de-los-Godos-que-no-sale-en-la-lista-215x300.jpg\" alt=\"\" width=\"280\" height=\"391\" data-id=\"925970\" srcset=\"https:\/\/puntocritico.com\/ausajpuntocritico\/wp-content\/uploads\/2020\/08\/El-Rey-de-los-Godos-que-no-sale-en-la-lista-215x300.jpg 215w, https:\/\/puntocritico.com\/ausajpuntocritico\/wp-content\/uploads\/2020\/08\/El-Rey-de-los-Godos-que-no-sale-en-la-lista.jpg 357w\" sizes=\"auto, (max-width: 280px) 100vw, 280px\" \/><\/a><\/p>\n<p style=\"text-align: center;\"><span style=\"font-size: 14pt; color: #008000;\"><b><i>REALIDAD<\/i><\/b><\/span><\/p>\n<p style=\"text-align: center;\"><span style=\"font-size: 14pt; color: #008000;\"><b><i><em>As\u00ed llamamos a aquello, cuya irrefutable cualidad, si bien creemos proviene de una directa percepci\u00f3n propia, en verdad obedece a un dise\u00f1o establecido en base a convenciones, de las que emanan mir\u00edadas de conceptos vac\u00edos de contenido real, trenzados tal que la malla del gallinero dentro del cual nuestras mentes se hallan prisioneras<\/em>.\u00a0<\/i><\/b><\/span><\/p>\n<\/blockquote>\n<p style=\"text-align: center;\"><strong style=\"color: #008000;\"><span style=\"font-size: 18pt;\">*******<\/span><\/strong><\/p>\n<p><img loading=\"lazy\" decoding=\"async\" class=\"aligncenter wp-image-18900\" src=\"https:\/\/puntocritico.com\/ausajpuntocritico\/wp-content\/uploads\/2019\/05\/Spinoza-portada-TTP.jpg\" alt=\"\" width=\"240\" height=\"597\" srcset=\"https:\/\/puntocritico.com\/ausajpuntocritico\/wp-content\/uploads\/2019\/05\/Spinoza-portada-TTP.jpg 344w, https:\/\/puntocritico.com\/ausajpuntocritico\/wp-content\/uploads\/2019\/05\/Spinoza-portada-TTP-121x300.jpg 121w\" sizes=\"auto, (max-width: 240px) 100vw, 240px\" \/><\/p>\n<p>&nbsp;<\/p>\n<h3 class=\"post-title entry-title\" style=\"text-align: center;\"><span style=\"font-size: 24pt;\">Los hombres luchan por su esclavitud como si fuera su salvaci\u00f3n<\/span><\/h3>\n<p style=\"text-align: justify;\"><span style=\"font-size: 14pt;\">Por <em>Mariana<\/em><\/span><\/p>\n<p style=\"text-align: justify;\"><span style=\"font-size: 14pt;\"><a href=\"http:\/\/periodicoellibertario.blogspot.com\/2015\/11\/los-hombres-luchan-por-su-esclavitud.html\" target=\"_blank\" rel=\"noopener noreferrer\">El Libertario<\/a><\/span><\/p>\n<p style=\"text-align: justify;\"><img loading=\"lazy\" decoding=\"async\" class=\"aligncenter wp-image-18909\" src=\"https:\/\/puntocritico.com\/ausajpuntocritico\/wp-content\/uploads\/2019\/05\/los-hombres-buscan-la-salvaci\u00f3n-en-su-esclavitud-principal.jpg\" alt=\"\" width=\"550\" height=\"309\" data-id=\"18909\" srcset=\"https:\/\/puntocritico.com\/ausajpuntocritico\/wp-content\/uploads\/2019\/05\/los-hombres-buscan-la-salvaci\u00f3n-en-su-esclavitud-principal.jpg 678w, https:\/\/puntocritico.com\/ausajpuntocritico\/wp-content\/uploads\/2019\/05\/los-hombres-buscan-la-salvaci\u00f3n-en-su-esclavitud-principal-300x169.jpg 300w\" sizes=\"auto, (max-width: 550px) 100vw, 550px\" \/><\/p>\n<p>&nbsp;<\/p>\n<div style=\"text-align: justify;\"><span style=\"font-size: 14pt;\">En 1670 Baruch Spinoza public\u00f3, en forma an\u00f3nima y con falso pie de imprenta, uno de los libros malditos de la historia del pensamiento pol\u00edtico, uno de los m\u00e1s denostados, criticados, discutidos al par que \u00ab<em>El Pr\u00edncipe<\/em>\u00bb de <strong>Maquiavelo<\/strong> o \u00ab<a href=\"https:\/\/puntocritico.com\/2018\/04\/13\/spinoza-y-hobbes-la-escalera-de-libertades\/\"><em>Leviatan<\/em><\/a>\u00bb\u00a0de <strong>Hobbes<\/strong>: su\u00a0<a href=\"https:\/\/puntocritico.com\/2018\/06\/22\/spinoza-tratado-teologico-politico\/\"><u>Tratado Teol\u00f3gico pol\u00edtico<\/u><\/a>. Junto con su autor fue, seg\u00fan muchos comentaristas, el fundamento de los movimientos pol\u00edticos m\u00e1s exaltados de los siglos XVII y XVIII frente a los que <strong>Diderot<\/strong>, <a href=\"https:\/\/puntocritico.com\/ausajpuntocritico\/2017\/02\/04\/el-hombre-que-siempre-tenia-razon-por-voltaire\/\"><strong>Voltaire<\/strong> <\/a>o <a href=\"https:\/\/puntocritico.com\/ausajpuntocritico\/2019\/03\/05\/j-j-rousseau-notas-al-discurso-sobre-el-origen-de-la-desigualdad-entre-los-hombres-1754-parte-i\/\"><strong>Rousseau<\/strong> <\/a>pudieran ser considerados como moderados. La potencia de la obra se extiende hasta nuestros d\u00edas y, por citar un ejemplo,<a href=\"https:\/\/puntocritico.com\/ausajpuntocritico\/2021\/08\/20\/spinoza-otra-potencia-de-la-accion-por-antonio-negri\/\"> <strong>Toni Negri<\/strong><\/a> encontr\u00f3 en las ideas de Spinoza fuente de inspiraci\u00f3n para muchas de sus propuestas y en los c\u00edrculos obreros holandeses spinocista sigue siendo sin\u00f3nimo de radicalismo.<\/span><\/p>\n<p><span style=\"font-size: 14pt;\">Pero no nos vamos a referir al libro en general sino a una sentencia que Spinoza presenta en el pre\u00e1mbulo, que es el t\u00edtulo de este escrito, donde dice que los hombres luchan por su esclavitud como si fuera su salvaci\u00f3n y no consideran una ignominia, sino un gran honor, dar su sangre y su alma para orgullo de un solo hombre. Se trata de una reformulaci\u00f3n de la principal pregunta de la filosof\u00eda pol\u00edtica \u00bfpor qu\u00e9 obedecemos, hasta dar la vida como dice Spinoza, a Uno solo y hasta nos sentimos honrados por hacerlo? Un siglo antes <strong>Etienne de la Boetie<\/strong> hab\u00eda formulado la misma cuesti\u00f3n en su libro\u00a0<a href=\"https:\/\/puntocritico.com\/2017\/02\/25\/la-servidumbre-voluntaria-por-esteban-de-la-boetie\/\"><u>Discurso sobre la servidumbre voluntaria<\/u><\/a>\u00a0conocido, precisamente, como Contra Uno.<\/span><\/p>\n<p><span style=\"font-size: 14pt;\">Deteng\u00e1monos un momento en la pregunta. \u00bfPor qu\u00e9 los seres humanos actuamos, incluso en contra de nuestros intereses, para favorecer a Uno, obedeciendo sus \u00f3rdenes, ocurrencias, deseos y hasta desatinos? \u00bfPor qu\u00e9 los seres humanos renunciamos a nuestra libertad, a nuestro beneficio, a nuestra felicidad, para favorecer a Uno? \u00bfPor qu\u00e9 tenemos ese af\u00e1n de negarnos a nosotros para obedecer a Uno? Y lo hacemos a\u00fan cuando nada tengamos por ganar, ni nada que perder salvo las cadenas que cargamos, como dice el \u00ab<em>Manifiesto Comunista<\/em>\u00ab. En pol\u00edtica, la pregunta por la obediencia es fundamental y, si se quiere, elemental, pero la respuesta no lo es. Y en muchos casos ni siquiera se tiene una respuesta a la cuesti\u00f3n de esta vocaci\u00f3n por ser esclavos voluntarios o, para decirlo en lenguaje coloquial, esta vocaci\u00f3n de alfombra que tiene buena parte de la Humanidad, desde China hasta Catia.\u00a0<\/span><\/div>\n<div>\u00a0<\/div>\n<div style=\"text-align: justify;\"><span style=\"font-size: 14pt;\">Aqu\u00ed podemos ampliar la reflexi\u00f3n con algunos considerandos. En muchos casos, la obediencia parece razonable, como cuando obedecemos a alguien que sabe m\u00e1s que nosotros en alg\u00fan asunto. En esta direcci\u00f3n se mueve <strong>Arist\u00f3teles<\/strong> cuando habla del poder, distinguiendo un poder desp\u00f3tico, apoyado solamente en la fuerza y el arbitrio, y un poder pol\u00edtico que ejercen hombres libres sobre otros hombres libres pero que no encierra una mengua de la libertad porque el poder da razones, fundamentos, prop\u00f3sitos aceptables para ser obedecido. Podr\u00edamos extender esta noci\u00f3n hasta hacerla el fundamento de la democracia en tanto que se tratar\u00eda de una obediencia razonable, normada y transitoria, mientras que el totalitarismo, o la dictadura, ser\u00edan el ejercicio de un poder desp\u00f3tico, irracional, arbitrario y sin medida. En este caso, la dictadura no se reduce, como muchos opinan en estos lares, a que un peri\u00f3dico, una cr\u00edtica o un programa de TV puedan, o no, publicarse sino por el tipo de poder que, gracias a nuestra obediencia, dispone el Uno y la manera que lo ejerce.\u00a0<\/span><\/p>\n<p><span style=\"font-size: 14pt;\">Digamos, de paso, que <strong>San Agust\u00edn<\/strong>, heredero dentro del cristianismo de la tradici\u00f3n paulina, negaba que pudiera haber alg\u00fan tipo de poder de una persona sobre otra que no estuviera acompa\u00f1ada por una p\u00e9rdida de libertad y un grado de dominaci\u00f3n. En la tradici\u00f3n aristot\u00e9lico-tomista, en cambio, el poder pol\u00edtico razonable preserva la libertad. Buena para pensar esta diferencia. Claro que, en pueblos con poco uso de raz\u00f3n, la manipulaci\u00f3n de lo que es razonable es m\u00e1s que sencilla, lo que es sabido desde antiguo y, por eso, ense\u00f1ar a pensar es revolucionario. <a href=\"https:\/\/puntocritico.com\/2017\/05\/17\/que-es-la-ilustracion-immanuel-kant-1784\/\">Sapere aude<\/a>, \u00ab<em>Atr\u00e9vete a saber<\/em>\u00ab, dec\u00eda <strong>Kant<\/strong>, un ilustrado.<\/span><\/div>\n<div style=\"text-align: justify;\">\n<span style=\"font-size: 14pt;\">Pero el problema se complica cuando observamos la obediencia de una mayor\u00eda frente a \u00f3rdenes absurdas, la obediencia a lo irracional, a lo que no tiene ni pies ni cabeza, a lo contradictorio, a lo que no tiene sentido ni l\u00f3gica, como la obediencia a la orden de la carga de la brigada ligera de la caballer\u00eda inglesa en la batalla de Balaclava contra una fila de ca\u00f1ones y murieron casi todos, o desnudos y con hambre por Ch\u00e1vez, que es como estamos, o tantas otras torpezas. \u00bfPor qu\u00e9 los seres humanos obedecemos \u00f3rdenes tan desatinadas? \u00bfPor qu\u00e9 lo hacemos? \u00bfSe equivoc\u00f3 <a href=\"https:\/\/puntocritico.com\/ausajpuntocritico\/2022\/02\/11\/descartes-spinoza-y-el-materialismo-descartes-versus-spinoza-2\/\"><strong>Descartes<\/strong><\/a> cuando dijo que el buen sentido es la cosa mejor repartida del mundo?<\/span><\/p>\n<p><span style=\"font-size: 14pt;\">La pregunta de La Boetie y de Spinoza sigue siendo pertinente hoy en d\u00eda, y dir\u00eda que m\u00e1s, porque se supone que tenemos mayor educaci\u00f3n, mayor informaci\u00f3n, mayor defensa de los derechos, mayor conciencia de la dignidad y val\u00eda humana. Pero sucede que seguimos obedeciendo, y, quiz\u00e1s los latinoamericanos en general y los venezolanos en especial, seamos el mejor ejemplo de la vigencia de esta paradoja, la de obedecer hasta el absurdo. Un ejemplo es Cuba, todo un pa\u00eds obedeciendo a l\u00edderes que durante 60 a\u00f1os identificaron al imperio norteamericano con el demonio (Ch\u00e1vez lo sigui\u00f3 en esto) y luego, con la misma sumisi\u00f3n, obedeciendo a los mismos dirigentes, de un d\u00eda para otro, corren al abrazo del mismo imperio gringo cuando esos dirigentes decidieron que eran los nuevos mejores amigos sin mucha explicaci\u00f3n. Puede que los dirigentes saquen personales ventajas pero \u00bfmillones de personas obedeciendo ciegamente a Uno que lo lleva sumisamente de un lado para el otro a su antojo como a ni\u00f1os con una chupeta y hasta dando su sangre y su alma para orgullo de un solo hombre, como dice Spinoza?<\/span><\/p>\n<p><span style=\"font-size: 14pt;\">La respuesta que da La Boetie es la del misterio, algo que la lengua no puede nombrar, un innombrable, un punto ciego en la naturaleza humana que no puede pensarse y nosotros mismos no podemos explicar por qu\u00e9 renunciamos a ser nosotros para beneficio de Uno. No es el miedo porque, un ejemplo cercano, millones de venezolanos no pueden temer al Presidente Maduro, ni con toda la represi\u00f3n que quiera, porque ni los delincuentes ni los narcotraficantes ni los contrabandistas le temen, m\u00e1s bien al contrario. Para La Boetie es algo inexplicable, como que haya gente que masivamente vaya a votar a Uno el d\u00eda de las elecciones cuando es claro que lo hace contra sus propios intereses y, m\u00e1s inexplicable, que hasta espere que le den permiso para votar.<\/span><\/p>\n<p><span style=\"font-size: 14pt;\">En cambio Spinoza sostiene la tesis del enga\u00f1o, y hace principal responsable de esta alienaci\u00f3n a la religi\u00f3n y a su asociaci\u00f3n con el poder pol\u00edtico. La misi\u00f3n de la religi\u00f3n es enga\u00f1ar y el beneficiario de este enga\u00f1o es el poder de los gobernantes. De esto se ocupa, en buena parte, la obra citada, en mostrar que la religi\u00f3n jud\u00eda tal como existe fue un invento de <strong>Mois\u00e9s<\/strong> (<em>literalmente el Uno que ha nacido<\/em>) que, desde su origen, tuvo una meta pol\u00edtica que fue la de reunir a los israelitas bajo su control. Y Mois\u00e9s es figura fundamental de las religiones jud\u00eda, musulmana y cristiana. La funci\u00f3n de la religi\u00f3n desde su origen es promover la obediencia en los esp\u00edritus de la gente, obediencia a los dioses, a fuerzas trascendentes misteriosas, a tradiciones que someten, a los santos que interceden, obediencia que se implanta en nosotros y luego se traslada a los gobernantes, al Uno, intermediario entre esas fuerzas gal\u00e1cticas y la gente. Si atendemos al origen de la voz teolog\u00eda en <a href=\"https:\/\/puntocritico.com\/ausajpuntocritico\/2021\/11\/22\/prohibido-pensar\/\"><strong>Plat\u00f3n<\/strong><\/a>, entre los griegos, ver\u00edamos que es similar. Pero \u00e9sta es otra historia y Ch\u00e1vez tambi\u00e9n nos dej\u00f3 con hambre y desnudos de papel para difundir.\u00a0<\/span><\/p>\n<p><span style=\"font-size: 14pt;\">Esta reflexi\u00f3n viene a cuento porque durante la pasada d\u00e9cada, en la que los latinoamericanos tuvimos los mayores ingresos del \u00faltimo cuarto de siglo, decidimos elegir para gobernar a reg\u00edmenes corruptos, autoritarios e ineficientes que se beneficiaron hasta m\u00e1s no poder con nuestra obediencia. Basta mencionar Brasil con el PT, Argentina con los Kirchner, Venezuela con Ch\u00e1vez y Maduro, Ecuador con Correa, Nicaragua con Ortega, y Guatemala y M\u00e9xico y Bolivia y, por supuesto, Cuba. Ahora, que vienen las vacas flacas, parece que no hay manera de sacarlos y lloramos la oportunidad perdida, pero seguimos acatando. Busque la respuesta a por qu\u00e9 ha obedecido absurdamente a Uno, por qu\u00e9 estuvo tan feliz de someterse a Uno para hacer ricos a unos pocos, m\u00e1s poderosos a los que ya son poderosos, m\u00e1s pobres a los pobres y m\u00e1s esclavos a los esclavos en lugar de proclamar, como <strong>Proudhon<\/strong>, \u00ab<em>ni Dios, ni Amo ni Estado<\/em>\u00ab.<\/span><\/div>\n<div>\u00a0<\/div>\n<div>\u00a0<\/div>\n<div><img loading=\"lazy\" decoding=\"async\" class=\"aligncenter wp-image-18903\" src=\"https:\/\/puntocritico.com\/ausajpuntocritico\/wp-content\/uploads\/2019\/05\/chaplin-678x381.jpg\" alt=\"Los hombres luchan por su esclavitud como si fuera su salvaci\u00f3n\" width=\"480\" height=\"257\" srcset=\"https:\/\/puntocritico.com\/ausajpuntocritico\/wp-content\/uploads\/2019\/05\/chaplin-300x160.jpg 300w, https:\/\/puntocritico.com\/ausajpuntocritico\/wp-content\/uploads\/2019\/05\/chaplin-768x411.jpg 768w, https:\/\/puntocritico.com\/ausajpuntocritico\/wp-content\/uploads\/2019\/05\/chaplin.jpg 830w\" sizes=\"auto, (max-width: 480px) 100vw, 480px\" \/><\/div>\n<div>\u00a0<\/div>\n<div>\u00a0<\/div>\n<div>\n<p class=\"entry-title\" style=\"text-align: center;\"><a href=\"https:\/\/puntocritico.com\/ausajpuntocritico\/2020\/04\/17\/metafisica-de-la-servidumbre-voluntaria-por-enrique-alvarez-asiain\/\"><span style=\"color: #008000;\"><strong><span style=\"font-size: 14pt;\">METAF\u00cdSICA DE LA SERVIDUMBRE VOLUNTARIA, por Enrique \u00c1lvarez Asia\u00edn. \u00ab\u00bfPor qu\u00e9 los hombres luchan por su esclavitud como si se tratase de su libertad?\u00bb<\/span><\/strong><\/span><\/a><\/p>\n<blockquote class=\"wp-embedded-content\" data-secret=\"fVdxR5Rg1i\"><p><a href=\"https:\/\/puntocritico.com\/ausajpuntocritico\/2025\/03\/21\/metafisica-de-la-servidumbre-voluntaria-alvarez-asiain\/\">METAF\u00cdSICA DE LA SERVIDUMBRE VOLUNTARIA, por Enrique \u00c1lvarez Asia\u00edn. \u00ab\u00bfPor qu\u00e9 los hombres luchan por su esclavitud como si se tratase de su libertad?\u00bb<\/a><\/p><\/blockquote>\n<p><iframe loading=\"lazy\" class=\"wp-embedded-content\" sandbox=\"allow-scripts\" security=\"restricted\" style=\"position: absolute; visibility: hidden;\" title=\"\u00abMETAF\u00cdSICA DE LA SERVIDUMBRE VOLUNTARIA, por Enrique \u00c1lvarez Asia\u00edn. \u00ab\u00bfPor qu\u00e9 los hombres luchan por su esclavitud como si se tratase de su libertad?\u00bb\u00bb \u2014 Punto Cr\u00edtico Derechos Humanos\" src=\"https:\/\/puntocritico.com\/ausajpuntocritico\/2025\/03\/21\/metafisica-de-la-servidumbre-voluntaria-alvarez-asiain\/embed\/#?secret=divBSzz0K2#?secret=fVdxR5Rg1i\" data-secret=\"fVdxR5Rg1i\" width=\"500\" height=\"282\" frameborder=\"0\" marginwidth=\"0\" marginheight=\"0\" scrolling=\"no\"><\/iframe><\/p>\n<\/div>\n<div>\u00a0<\/div>\n<div>\u00a0<\/div>\n<div><a href=\"https:\/\/puntocritico.com\/author\/punto-critico\/\"><img loading=\"lazy\" decoding=\"async\" class=\"aligncenter wp-image-48\" src=\"https:\/\/puntocritico.com\/ausajpuntocritico\/wp-content\/uploads\/2016\/11\/Mosca_Punto_Cr\u00edtico_40.png\" alt=\"\" width=\"80\" height=\"80\" \/><\/a><\/div>\n<div>\u00a0<\/div>\n<div>\u00a0<\/div>\n","protected":false},"excerpt":{"rendered":"<div class=\"mh-excerpt\"><p>Los hombres luchan por su esclavitud como si fuera su salvaci\u00f3n \u00abNo somos los primeros esclavos, pero s\u00ed los primeros que ignoramos serlo por completo\u00bb CITAS DE LLANUTO No somos los primeros esclavos, pero s\u00ed <a class=\"mh-excerpt-more\" href=\"https:\/\/puntocritico.com\/ausajpuntocritico\/2022\/06\/17\/tratado-teologico-politico-spinoza-los-hombres-luchan-por-su-esclavitud-como-si-fuera-su-salvacion-por-mariana-periodico-el-libertario-2\/\" title=\"TRATADO TEOL\u00d3GICO POL\u00cdTICO (Spinoza): \u00abLos hombres luchan por su esclavitud como si fuera su salvaci\u00f3n\u00bb, por Mariana (peri\u00f3dico \u00abEl Libertario\u00bb)\">[&#8230;]<\/a><\/p>\n<\/div>","protected":false},"author":3,"featured_media":2117593,"comment_status":"open","ping_status":"closed","sticky":false,"template":"","format":"standard","meta":{"_acf_changed":false,"_exactmetrics_skip_tracking":false,"_exactmetrics_sitenote_active":false,"_exactmetrics_sitenote_note":"","_exactmetrics_sitenote_category":0,"footnotes":""},"categories":[8],"tags":[43],"class_list":{"0":"post-2248911","1":"post","2":"type-post","3":"status-publish","4":"format-standard","5":"has-post-thumbnail","7":"category-filosofia","8":"tag-spinoza"},"acf":[],"_links":{"self":[{"href":"https:\/\/puntocritico.com\/ausajpuntocritico\/wp-json\/wp\/v2\/posts\/2248911","targetHints":{"allow":["GET"]}}],"collection":[{"href":"https:\/\/puntocritico.com\/ausajpuntocritico\/wp-json\/wp\/v2\/posts"}],"about":[{"href":"https:\/\/puntocritico.com\/ausajpuntocritico\/wp-json\/wp\/v2\/types\/post"}],"author":[{"embeddable":true,"href":"https:\/\/puntocritico.com\/ausajpuntocritico\/wp-json\/wp\/v2\/users\/3"}],"replies":[{"embeddable":true,"href":"https:\/\/puntocritico.com\/ausajpuntocritico\/wp-json\/wp\/v2\/comments?post=2248911"}],"version-history":[{"count":0,"href":"https:\/\/puntocritico.com\/ausajpuntocritico\/wp-json\/wp\/v2\/posts\/2248911\/revisions"}],"wp:featuredmedia":[{"embeddable":true,"href":"https:\/\/puntocritico.com\/ausajpuntocritico\/wp-json\/wp\/v2\/media\/2117593"}],"wp:attachment":[{"href":"https:\/\/puntocritico.com\/ausajpuntocritico\/wp-json\/wp\/v2\/media?parent=2248911"}],"wp:term":[{"taxonomy":"category","embeddable":true,"href":"https:\/\/puntocritico.com\/ausajpuntocritico\/wp-json\/wp\/v2\/categories?post=2248911"},{"taxonomy":"post_tag","embeddable":true,"href":"https:\/\/puntocritico.com\/ausajpuntocritico\/wp-json\/wp\/v2\/tags?post=2248911"}],"curies":[{"name":"wp","href":"https:\/\/api.w.org\/{rel}","templated":true}]}}