{"id":2248635,"date":"2022-05-23T00:05:28","date_gmt":"2022-05-22T22:05:28","guid":{"rendered":"https:\/\/puntocritico.com\/ausajpuntocritico\/?p=2248635"},"modified":"2022-05-22T21:50:17","modified_gmt":"2022-05-22T19:50:17","slug":"rusia-y-la-doctrina-del-shock","status":"publish","type":"post","link":"https:\/\/puntocritico.com\/ausajpuntocritico\/2022\/05\/23\/rusia-y-la-doctrina-del-shock\/","title":{"rendered":"NOAM CHOMSKY: \u00abEEUU no quiere una salida diplom\u00e1tica (en Ucrania)\u00bb. RUSIA Y LA DOCTRINA DEL SHOCK (privatizaciones corruptas de los 90&#8242;, dise\u00f1adas en la Universidad de Harvard)"},"content":{"rendered":"<p class=\"entry-title\" style=\"text-align: justify;\"><span style=\"font-size: 14pt; color: #008000;\">RUSIA Y LA DOCTRINA DEL SHOCK <\/span><\/p>\n<p><span style=\"text-decoration: underline;\"><\/span><\/p>\n<blockquote>\n<h2 style=\"text-align: center;\"><span id=\"LA_SITUACION_MILITAR_EN_UCRANIA\">LA SITUACI\u00d3N MILITAR EN UCRANIA<\/span><\/h2>\n<p style=\"text-align: justify;\"><span style=\"font-size: 14pt;\">Por Jacques Baud<\/span><\/p>\n<p style=\"text-align: justify;\"><span style=\"font-size: 14pt;\"><a href=\"https:\/\/cf2r.org\/documentation\/la-situation-militaire-en-ukraine\/\" target=\"_blank\" rel=\"noopener\" data-schema-attribute=\"\"><strong>Centre Fran\u00e7ais de Recherche sur le Renseignement<\/strong><\/a><\/span><\/p>\n<figure id=\"attachment_2246196\" class=\"wp-caption aligncenter\" aria-describedby=\"caption-attachment-2246196\">\n<figure id=\"attachment_2246196\" aria-describedby=\"caption-attachment-2246196\" style=\"width: 520px\" class=\"wp-caption aligncenter\"><img loading=\"lazy\" decoding=\"async\" class=\"wp-image-2246196 size-full\" src=\"https:\/\/puntocritico.com\/ausajpuntocritico\/wp-content\/uploads\/2022\/04\/34-Ucraina-y-la-voz-de-la-Inteligencia-El-ejemplo-de-Jacques-Baud-22.04.21-Caldera-del-Donbas-4-de-abril-de-2022.jpg\" sizes=\"auto, (max-width: 520px) 100vw, 520px\" srcset=\"https:\/\/puntocritico.com\/ausajpuntocritico\/wp-content\/uploads\/2022\/04\/34-Ucraina-y-la-voz-de-la-Inteligencia-El-ejemplo-de-Jacques-Baud-22.04.21-Caldera-del-Donbas-4-de-abril-de-2022.jpg 520w, https:\/\/puntocritico.com\/ausajpuntocritico\/wp-content\/uploads\/2022\/04\/34-Ucraina-y-la-voz-de-la-Inteligencia-El-ejemplo-de-Jacques-Baud-22.04.21-Caldera-del-Donbas-4-de-abril-de-2022-300x211.jpg 300w\" alt=\"De la Sostenibilidad a la Guerra At\u00f3mica\" width=\"520\" height=\"365\" data-id=\"2246196\" \/><figcaption id=\"caption-attachment-2246196\" class=\"wp-caption-text\"><span style=\"color: #008000;\">Caldera del Donbass, 4 de abril de 2022<\/span><\/figcaption><\/figure><br \/>\n<\/figure>\n<p>&nbsp;<\/p>\n<p style=\"text-align: center;\"><span id=\"PRIMERA_PARTE_EN_EL_CAMINO_A_LA_GUERRA\" style=\"font-size: 18pt;\"><strong>PRIMERA PARTE: EN EL CAMINO A LA GUERRA<\/strong><\/span><\/p>\n<p style=\"text-align: justify;\"><span style=\"font-size: 14pt;\">Durante a\u00f1os, desde Mal\u00ed hasta Afganist\u00e1n, trabaj\u00e9 por la paz y arriesgu\u00e9 mi vida por ella.\u00a0No se trata, pues, de justificar la guerra, sino de comprender qu\u00e9 nos llev\u00f3 a ella.\u00a0Observo que los \u201cexpertos\u201d que se turnan en los televisores analizan la situaci\u00f3n bas\u00e1ndose en informaci\u00f3n dudosa, la mayor\u00eda de las veces hip\u00f3tesis convertidas en hechos, y por lo tanto ya no logramos entender lo que est\u00e1 sucediendo.\u00a0As\u00ed es como creas el p\u00e1nico.<\/span><\/p>\n<p style=\"text-align: justify;\"><span style=\"font-size: 14pt;\">El problema no es tanto qui\u00e9n tiene la raz\u00f3n en este conflicto, sino c\u00f3mo toman sus decisiones nuestros l\u00edderes.<\/span><\/p>\n<p style=\"text-align: justify;\"><span style=\"font-size: 14pt;\">Tratemos de examinar las ra\u00edces del conflicto.\u00a0Comienza con\u00a0<a href=\"https:\/\/www.rts.ch\/info\/monde\/6772950-les-separatistes-auraient-renforce-leurs-capacites-dattaque-en-ukraine.html\" target=\"_blank\" rel=\"noopener\" data-schema-attribute=\"\">aquellos<\/a>\u00a0que durante los \u00faltimos ocho a\u00f1os nos han estado hablando de \u00abseparatistas\u00bb o \u00abindependencia\u00bb del Donbass.\u00a0Es falso.\u00a0Los refer\u00e9ndums realizados por las dos autoproclamadas rep\u00fablicas de Donetsk y Lugansk en mayo de 2014 no fueron\u00a0\u00a0<a href=\"https:\/\/upload.wikimedia.org\/wikipedia\/commons\/4\/4d\/Decree_on_holding_the_Donetsk_status_referendum.png\" target=\"_blank\"  rel=\"lightbox[2248635] noopener\">refer\u00e9ndums de \u00ab<em>independencia<\/em>\u00ab<\/a> (\u043d\u0435\u0437\u0430\u0432\u0438\u0441\u0438\u043c\u043e\u0441\u0442\u044c), como pretend\u00edan algunos\u00a0<a href=\"https:\/\/www.rts.ch\/info\/monde\/5839879-pres-de-90-de-oui-a-lindependance-a-donetsk-selon-les-prorusses.html\" target=\"_blank\" rel=\"noopener\" data-schema-attribute=\"\">periodistas sin escr\u00fapulos<\/a>, sino de \u00ab<em>autodeterminaci\u00f3n<\/em>\u00bb o \u00ab<em>autonom\u00eda\u00bb<\/em>\u00a0(\u0441\u0430\u043c\u043e\u0441\u0442\u043e\u044f\u0442\u0435\u043b\u044c\u043d\u043e\u0441\u0442\u044c).\u00a0El t\u00e9rmino \u00abpro-ruso\u00bb sugiere que Rusia fue parte del conflicto, lo cual no fue el caso, y el t\u00e9rmino \u00abhablantes de ruso\u00bb habr\u00eda sido m\u00e1s honesto.\u00a0Adem\u00e1s, estos refer\u00e9ndums se llevaron a cabo en contra del consejo de Vladimir Putin.<\/span><\/p>\n<p style=\"text-align: justify;\"><span style=\"font-size: 14pt;\">De hecho, estas rep\u00fablicas no buscaban separarse de Ucrania, sino tener un estatuto de autonom\u00eda que les garantizara el uso del idioma ruso como idioma oficial.\u00a0Porque el primer acto legislativo del nuevo gobierno resultante del derrocamiento del presidente Yanukovych fue la abolici\u00f3n, el 23 de febrero de 2014, de la ley Kivalov-Kolesnichenko de 2012 que hizo del ruso un idioma oficial.\u00a0Un poco como si los golpistas decidieran que el franc\u00e9s y el italiano dejar\u00edan de ser idiomas oficiales en Suiza.<\/span><\/p>\n<p style=\"text-align: justify;\"><span style=\"font-size: 14pt;\">Esta decisi\u00f3n provoca una tormenta en la poblaci\u00f3n de habla rusa. Esto result\u00f3 en una feroz represi\u00f3n contra las regiones de habla rusa (Odessa, Dnepropetrovsk, Kharkov, Lugansk y Donetsk) que comenz\u00f3 en febrero de 2014 y condujo a una militarizaci\u00f3n de la situaci\u00f3n y algunas masacres (en Odessa y Mariupol, las m\u00e1s importantes). A finales del verano de 2014, solo quedaban las autoproclamadas rep\u00fablicas de Donetsk y Lugansk.<\/span><\/p>\n<p style=\"text-align: justify;\"><span style=\"font-size: 14pt;\">En esta etapa, demasiado r\u00edgidos y estancados en un enfoque doctrinario del arte operacional, los estados mayores ucranianos sufrieron al enemigo sin lograr imponerse.\u00a0El examen del curso de los combates en 2014-2016 en Donbass muestra que el estado mayor ucraniano aplic\u00f3 sistem\u00e1tica y mec\u00e1nicamente los mismos planes operativos.\u00a0Sin embargo, la guerra que libraban los autonomistas era entonces muy parecida a la que observamos en el Sahel: operaciones muy m\u00f3viles realizadas con medios ligeros.\u00a0Con un enfoque m\u00e1s flexible y menos doctrinario, los rebeldes pudieron explotar la inercia de las fuerzas ucranianas para \u201catraparlos\u201d repetidamente.<\/span><\/p>\n<p style=\"text-align: justify;\"><span style=\"font-size: 14pt;\">En 2014, estoy en la OTAN, responsable de la lucha contra la proliferaci\u00f3n de armas peque\u00f1as, y estamos tratando de detectar las entregas de armas rusas a los rebeldes para ver si Mosc\u00fa est\u00e1 involucrado.\u00a0La informaci\u00f3n que recibimos entonces proviene pr\u00e1cticamente en su totalidad de los servicios de inteligencia polacos y no \u00abcoincide\u00bb con la informaci\u00f3n de la OSCE: a pesar de las acusaciones bastante crudas, no observamos ninguna entrega de armas y materiales militares rusos.<\/span><\/p>\n<p style=\"text-align: justify;\"><span style=\"font-size: 14pt;\">Los rebeldes est\u00e1n armados gracias a las deserciones de unidades ucranianas de habla rusa que se pasan al bando rebelde.\u00a0A medida que avanzaban los fracasos ucranianos, los batallones completos de tanques, artiller\u00eda o antia\u00e9reos engrosaron las filas de los autonomistas.\u00a0Esto es lo que impulsa a los ucranianos a comprometerse con los Acuerdos de Minsk.<\/span><\/p>\n<p style=\"text-align: justify;\"><span style=\"font-size: 14pt;\">Pero, justo despu\u00e9s de firmar los Acuerdos de Minsk 1, el presidente ucraniano, Petro Poroshenko, lanz\u00f3 una gran operaci\u00f3n antiterrorista (ATO\/\u0410\u043d\u0442\u0438\u0442\u0435\u0440\u043e\u0440\u0438\u0441\u0442\u0438\u0447\u043d\u0430 \u043e\u043f\u0435\u0440\u0430\u0446\u0456\u044f) contra Donbass.\u00a0<em>Bis repetita placent<\/em>: mal asesorados por los oficiales de la OTAN, los ucranianos sufrieron una aplastante derrota en Debaltsevo que los oblig\u00f3 a comprometerse con los Acuerdos de Minsk 2&#8230;<\/span><\/p>\n<p style=\"text-align: justify;\"><span style=\"font-size: 14pt;\"><strong>Es fundamental recordar aqu\u00ed que los Acuerdos de Minsk 1 (septiembre de 2014) y Minsk 2 (febrero de 2015) no preve\u00edan ni la separaci\u00f3n ni la independencia de las Rep\u00fablicas, sino su autonom\u00eda\u00a0<em>en el marco<\/em>\u00a0de Ucrania.\u00a0Aquellos que hayan le\u00eddo\u00a0<a href=\"https:\/\/www.securitycouncilreport.org\/atf\/cf\/%7B65BFCF9B-6D27-4E9C-8CD3-CF6E4FF96FF9%7D\/s_res_2202.pdf\" target=\"_blank\" rel=\"noopener\" data-schema-attribute=\"\">los Acuerdos<\/a>\u00a0(son muy, muy, muy pocos) encontrar\u00e1n que est\u00e1 escrito completo que el estatus de las rep\u00fablicas deb\u00eda ser negociado entre Kiev y los representantes de las rep\u00fablicas, para una\u00a0<em>soluci\u00f3n interna<\/em>\u00a0en Ucrania.<\/strong><\/span><\/p>\n<p style=\"text-align: justify;\"><span style=\"font-size: 14pt;\"><strong>Por eso, desde 2014, Rusia ha exigido sistem\u00e1ticamente su aplicaci\u00f3n neg\u00e1ndose a ser parte de las negociaciones, porque se trataba de un asunto interno de Ucrania.\u00a0Por otro lado, los occidentales -liderados por Francia- intentaron sistem\u00e1ticamente sustituir los Acuerdos de Minsk por el \u201cformato de Normand\u00eda\u201d, que enfrentaba a rusos y ucranianos.\u00a0Sin embargo, recordemos que\u00a0<em>nunca<\/em>\u00a0hubo tropas rusas en el Donbass antes del 23 y 24 de febrero de 2022. Adem\u00e1s, los observadores de la\u00a0<a href=\"https:\/\/foreignpolicy.com\/2018\/10\/25\/counting-the-dead-in-europes-forgotten-war-ukraine-conflict-donbass-osce\/\" target=\"_blank\" rel=\"noopener\" data-schema-attribute=\"\">OSCE<\/a>\u00a0nunca han observado el menor rastro de unidades rusas operando en el Donbass.\u00a0As\u00ed, el mapa de inteligencia estadounidense publicado por el\u00a0<a href=\"https:\/\/www.washingtonpost.com\/national-security\/russia-ukraine-invasion\/2021\/12\/03\/98a3760e-546b-11ec-8769-2f4ecdf7a2ad_story.html\" target=\"_blank\" rel=\"noopener\" data-schema-attribute=\"\">Washington Post<\/a>\u00a0el 3 de diciembre de 2021 no muestra tropas rusas en Donbass<\/strong>.<\/span><\/p>\n<p>&nbsp;<\/p>\n<p style=\"text-align: center;\"><span style=\"color: #008000; font-size: 14pt;\"><em><strong>\u00ab&#8230;Sin embargo, recordemos que nunca hubo tropas rusas en el Donbass antes del 23 y 24 de febrero de 2022..\u00bb<\/strong><\/em><\/span><\/p>\n<p>&nbsp;<\/p>\n<p style=\"text-align: justify;\"><span style=\"font-size: 14pt;\">En octubre de 2015, Vasyl Hrytsak,\u00a0<a href=\"https:\/\/www.kyivpost.com\/article\/content\/war-against-ukraine\/sbu-registers-involvement-of-56-russian-in-military-actions-against-ukraine-since-military-conflict-in-eastern-ukraien-unfolded-399718.html\" target=\"_blank\" rel=\"noopener\">director del Servicio de Seguridad de Ucrania<\/a>\u00a0(SBU), confes\u00f3 que solo se hab\u00edan observado 56 combatientes rusos en el Donbass.\u00a0Era incluso comparable al de los suizos que van a pelear en Bosnia durante los fines de semana, en la d\u00e9cada de 1990, o los franceses que van a pelear en Ucrania hoy.<\/span><\/p>\n<p style=\"text-align: justify;\"><span style=\"font-size: 14pt;\">El ej\u00e9rcito ucraniano se encontraba entonces en un estado deplorable.\u00a0En octubre de 2018, despu\u00e9s de cuatro a\u00f1os de guerra,\u00a0<a href=\"https:\/\/vesti.ua\/strana\/309880-nazvany-neboevye-poteri-vsu-na-donbasse\" target=\"_blank\" rel=\"noopener\">el fiscal militar jefe de Ucrania, Anatoly Matios<\/a>, dijo que Ucrania hab\u00eda perdido 2.700 hombres en el Donbass: 891 por enfermedades, 318 por accidentes de tr\u00e1fico, 177 por otros accidentes, 175 por envenenamiento (alcohol, drogas), 172 por manejo descuidado de armas, 101 por incumplimiento de las normas de seguridad, 228 por asesinato y 615 por suicidio.\u00a0<\/span><\/p>\n<p style=\"text-align: justify;\"><span style=\"font-size: 14pt;\">De hecho, el ej\u00e9rcito est\u00e1 socavado por la corrupci\u00f3n de sus cuadros y ya no cuenta con el apoyo de la poblaci\u00f3n.\u00a0Seg\u00fan un\u00a0<a href=\"https:\/\/www.justice.gov\/eoir\/page\/file\/1008261\/download\" target=\"_blank\" rel=\"noopener\">informe del Ministerio del Interior del Reino Unido<\/a>, cuando se convoc\u00f3 a los reservistas en marzo-abril de 2014, el 70 % no\u00a0<em>se<\/em>\u00a0present\u00f3 a la primera sesi\u00f3n, el 80 % a la segunda, el 90 % a la tercera y el 95 % a la cuarta.\u00a0En octubre\/noviembre de 2017, el\u00a0<a href=\"https:\/\/ipress.ua\/ru\/news\/v_vsu_zayavyly_o_70_neyavky_vo_vremya_osennego_pryziva_237367.html\" target=\"_blank\" rel=\"noopener\">70 % de las personas que llamaron no se presentaron<\/a>\u00a0durante la\u00a0<em>\u00a0campa\u00f1a de devoluci\u00f3n de llamadas\u00a0<\/em><em>\u00ab<\/em><em>Oto\u00f1o de 2017&#8243;.\u00a0<\/em>Esto no incluye\u00a0<a href=\"https:\/\/observer.com\/2017\/06\/ukraine-war-soldiers-suicide\/\" target=\"_blank\" rel=\"noopener\">suicidios<\/a>\u00a0y\u00a0<a href=\"https:\/\/www.refworld.org\/docid\/593a581b4.html\" target=\"_blank\" rel=\"noopener\">deserciones<\/a>\u00a0(muchas veces en beneficio de los autonomistas) que alcanzan hasta el 30% de la plantilla en la zona ATO.\u00a0Los j\u00f3venes ucranianos se niegan a ir a luchar al Donbass y prefieren la emigraci\u00f3n, lo que tambi\u00e9n explica, al menos en parte, el d\u00e9ficit demogr\u00e1fico del pa\u00eds.<\/span><\/p>\n<p style=\"text-align: justify;\"><span style=\"font-size: 14pt;\">El Ministerio de Defensa de Ucrania recurri\u00f3 entonces a la OTAN para que la ayudara a hacer que sus fuerzas armadas fueran m\u00e1s \u201catractivas\u201d.\u00a0Habiendo trabajado ya en proyectos similares en el marco de las Naciones Unidas, la OTAN me pidi\u00f3 que participara en un programa destinado a restaurar la imagen de las fuerzas armadas ucranianas.\u00a0Pero es un proceso largo y los ucranianos quieren ir r\u00e1pido.<\/span><\/p>\n<p style=\"text-align: justify;\"><span style=\"font-size: 14pt;\">As\u00ed, para compensar la falta de soldados, el gobierno ucraniano recurri\u00f3 entonces a las milicias paramilitares.\u00a0Se componen esencialmente de mercenarios extranjeros, a menudo activistas de extrema derecha.\u00a0A partir de 2020, constituyen alrededor del 40% de las fuerzas de Ucrania y\u00a0<a href=\"https:\/\/graphics.reuters.com\/RUSSIA-UKRAINE\/dwpkrkwkgvm\/\" target=\"_blank\" rel=\"noopener\">suman alrededor de 102.000 hombres seg\u00fan Reuters<\/a>\u00a0.\u00a0Est\u00e1n armados, financiados y entrenados por Estados Unidos, Gran Breta\u00f1a, Canad\u00e1 y Francia.\u00a0Hay m\u00e1s de 19 nacionalidades, incluida la suiza.<\/span><\/p>\n<p style=\"text-align: justify;\"><span style=\"font-size: 14pt;\">Por lo tanto,\u00a0<strong>los pa\u00edses occidentales han creado y apoyado claramente\u00a0<a href=\"https:\/\/www.usatoday.com\/story\/news\/world\/2022\/03\/05\/russia-invasion-ukraine-attention-extremist-regiment-nazi\/9368016002\/?gnt-cfr=1\" target=\"_blank\" rel=\"noopener\">las milicias de extrema derecha ucranianas<\/a><\/strong>.\u00a0En octubre de 2021, el\u00a0<a href=\"https:\/\/www.jpost.com\/diaspora\/western-countries-training-far-right-extremists-in-ukraine-report-682411\" target=\"_blank\" rel=\"noopener\">Jerusalem Post<\/a>\u00a0dio la alarma al denunciar el proyecto\u00a0<a href=\"https:\/\/www.illiberalism.org\/wp-content\/uploads\/2021\/09\/IERES-Papers-no-11-September-2021-FINAL.pdf\" target=\"_blank\" rel=\"noopener\">Centuria<\/a>. Estas milicias han estado operando en el Donbass desde 2014, con apoyo occidental. Incluso si podemos discutir el t\u00e9rmino \u00abnazi\u00bb, el hecho es que estas milicias son violentas, transmiten una ideolog\u00eda nauseabunda y son virulentamente antisemitas. Su\u00a0<a href=\"https:\/\/www.jpost.com\/diaspora\/ukraine-progressively-restores-historical-memory-about-jews-652438\" target=\"_blank\" rel=\"noopener\">antisemitismo es m\u00e1s cultural que pol\u00edtico<\/a>, por lo que el adjetivo \u00abnazi\u00bb no es realmente apropiado.\u00a0Su odio al jud\u00edo proviene de las grandes hambrunas de los a\u00f1os 1920-1930 en Ucrania, como resultado de la confiscaci\u00f3n de cultivos por parte de Stalin para financiar la modernizaci\u00f3n del Ej\u00e9rcito Rojo.\u00a0Sin embargo, este genocidio, conocido en Ucrania como el\u00a0<em>Holodomor<\/em>, fue perpetrado por la NKVD (antecesora de la KGB) cuyos niveles superiores de liderazgo estaban compuestos principalmente por jud\u00edos.\u00a0Por eso, hoy, los extremistas ucranianos piden a Israel que se\u00a0<a href=\"https:\/\/www.jpost.com\/diaspora\/antisemitism\/far-right-protesters-in-ukraine-demand-israel-apologize-for-communism-654711\" target=\"_blank\" rel=\"noopener\">disculpe por los cr\u00edmenes del comunismo<\/a>, como informa el\u00a0<em>Jerusalem Post<\/em>. Por lo tanto, estamos muy lejos de una \u201c<a href=\"https:\/\/www.rts.ch\/info\/monde\/12928403-podcast-ukrainerussie-cest-quoi-cette-histoire-de-nazis.html\" target=\"_blank\" rel=\"noopener\">reescritura de la historia<\/a>\u201d por parte de Vladimir Putin.<\/span><\/p>\n<p style=\"text-align: justify;\"><span style=\"font-size: 14pt;\">Estas milicias, derivadas de los grupos de extrema derecha que lideraron la revoluci\u00f3n Euromaidan en 2014, est\u00e1n formadas por individuos fan\u00e1ticos y brutales.\u00a0El m\u00e1s conocido de ellos es el regimiento Azov, cuyo emblema recuerda al de la 2\u00aa\u00a0Divisi\u00f3n Panzer SS\u00a0<sup>Das\u00a0<\/sup><em>Reich<\/em>\u00a0, que es objeto de verdadera veneraci\u00f3n en Ucrania, por haber liberado Jarkov de los sovi\u00e9ticos en 1943, antes de perpetrar la matanza de Oradour-sur-Glane en 1944, en Francia.<\/span><\/p>\n<p style=\"text-align: justify;\"><span style=\"font-size: 14pt;\">Entre las figuras c\u00e9lebres del regimiento Azov se encontraba el opositor Roman Protassevich, detenido en 2021 por las autoridades bielorrusas tras el caso del vuelo FR4978 de RyanAir.\u00a0El 23 de mayo de 2021 se habla del\u00a0<a href=\"https:\/\/www.rts.ch\/info\/monde\/12220530-la-bielorussie-a-arrete-un-militant-apres-avoir-intercepte-son-avion.html\" target=\"_blank\" rel=\"noopener\">secuestro deliberado de un avi\u00f3n<\/a>\u00a0de pasajeros por parte de un MiG-29 -con\u00a0<a href=\"https:\/\/youtu.be\/-LfZt4ESJ44?t=148\" target=\"_blank\" rel=\"noopener\">el acuerdo de Putin<\/a>, por supuesto- para arrestar a Protassevich, aunque la\u00a0<a href=\"https:\/\/www.belta.by\/president\/view\/komandu-prinjat-v-minske-zaminirovannyj-samolet-ryanair-dal-lichno-lukashenko-442580-2021\/)\" target=\"_blank\" rel=\"noopener\">informaci\u00f3n entonces disponible<\/a>\u00a0no confirma en modo alguno este escenario.<\/span><\/p>\n<p style=\"text-align: justify;\"><span style=\"font-size: 14pt;\">Pero entonces hay que demostrar que el presidente Lukashenko es un mat\u00f3n y Protassevich un \u00abperiodista\u00bb enamorado de la democracia.\u00a0Sin embargo, una investigaci\u00f3n bastante edificante realizada por una\u00a0<a href=\"https:\/\/www.foiaresearch.net\/person\/roman-protasevich\" target=\"_blank\" rel=\"noopener\">ONG estadounidense en 2020<\/a>\u00a0destac\u00f3 las actividades militantes de extrema derecha de Protassevich.\u00a0La conspiraci\u00f3n occidental pone entonces en marcha y los medios sin escr\u00fapulos\u00a0<a href=\"https:\/\/www.rts.ch\/audio-podcast\/2021\/audio\/portrait-de-l-opposant-belarusse-roman-protassevitch-25201392.html\" target=\"_blank\" rel=\"noopener\">\u00abpreparan\u00bb su biograf\u00eda<\/a>.\u00a0Finalmente, en enero de 2022, se publica\u00a0<a href=\"https:\/\/www.politico.eu\/wp-content\/uploads\/2022\/01\/19\/ICAO-Fact-Finding-Investigation-Report_FR497849.pdf\" target=\"_blank\" rel=\"noopener\">el informe de la OACI<\/a>\u00a0y muestra que, a pesar de algunos errores de procedimiento, Bielorrusia actu\u00f3 de acuerdo con las normas vigentes y que el MiG-29 despeg\u00f3 15 minutos despu\u00e9s de que el piloto de RyanAir decidiera aterrizar en Minsk.\u00a0As\u00ed que nada de complot con Bielorrusia y menos con Putin.\u00a0\u00a1Ah!&#8230; Un detalle m\u00e1s: Protassevich,\u00a0<a href=\"https:\/\/ici.radio-canada.ca\/nouvelle\/1798764\/opposant-belarus-entrevue-television-torture-interdiction-vols-ue\" target=\"_blank\" rel=\"noopener\">cruelmente torturado<\/a>\u00a0por la polic\u00eda bielorrusa, ahora est\u00e1 libre.\u00a0Quienes deseen mantener correspondencia con \u00e9l, pueden acudir a su cuenta de\u00a0<a href=\"https:\/\/twitter.com\/protas_by\" target=\"_blank\" rel=\"noopener\">Twitter<\/a>\u00a0.<\/span><\/p>\n<p style=\"text-align: justify;\"><span style=\"font-size: 14pt;\">La etiqueta de \u00abnazi\u00bb o \u00abneonazi\u00bb dada a los paramilitares ucranianos se considera\u00a0<a href=\"https:\/\/www.lemonde.fr\/international\/live\/2021\/05\/28\/avion-detourne-par-la-bielorussie-sanctions-de-l-union-europeenne-posez-vos-questions_6081892_3210.html\" target=\"_blank\" rel=\"noopener\">propaganda rusa<\/a>.\u00a0Puede ser;\u00a0pero esa no es la opini\u00f3n de\u00a0<strong>The\u00a0<a href=\"https:\/\/www.timesofisrael.com\/hundreds-march-in-ukraine-in-annual-tribute-to-nazi-collaborator\/\" target=\"_blank\" rel=\"noopener\">Times of Israel<\/a><\/strong>, el\u00a0<strong><a href=\"https:\/\/www.thenation.com\/article\/politics\/neo-nazis-far-right-ukraine\/\" target=\"_blank\" rel=\"noopener\">Centro Simon Wiesenthal<\/a><\/strong>\u00a0o el\u00a0<strong><a href=\"https:\/\/ctc.usma.edu\/wp-content\/uploads\/2020\/04\/CTC-SENTINEL-042020.pdf\" target=\"_blank\" rel=\"noopener\">Centro<\/a>\u00a0de Contraterrorismo de la Academia West Point<\/strong>.\u00a0Pero esto sigue siendo discutible, porque, en 2014,\u00a0<a href=\"https:\/\/www.newsweek.com\/evidence-war-crimes-committed-ukrainian-nationalist-volunteers-grows-269604\" target=\"_blank\" rel=\"noopener\">la revista Newsweek<\/a>\u00a0pareci\u00f3 asociarlos con\u2026 el Estado Isl\u00e1mico.\u00a0Elecci\u00f3n !<\/span><\/p>\n<p style=\"text-align: justify;\"><span style=\"font-size: 14pt;\">As\u00ed que Occidente apoya y sigue armando milicias que han sido culpables de numerosos\u00a0<a href=\"https:\/\/www.osce.org\/files\/f\/documents\/e\/7\/233896.pdf\" target=\"_blank\" rel=\"noopener\">cr\u00edmenes contra la poblaci\u00f3n civil desde 2014\u00a0<\/a>\u00a0: violaciones, torturas y masacres.\u00a0Pero si bien el gobierno suizo ha sido muy r\u00e1pido en imponer sanciones contra Rusia, no ha adoptado ninguna contra Ucrania, que ha estado masacrando a su propia poblaci\u00f3n desde 2014. De hecho, quienes\u00a0<a href=\"https:\/\/www.osce.org\/files\/f\/documents\/6\/0\/394781.pdf\" target=\"_blank\" rel=\"noopener\">defienden los derechos de los hombres en Ucrania<\/a>\u00a0han condenado durante mucho tiempo la acciones de estos grupos, pero no han sido seguidas por nuestros gobiernos.\u00a0Porque, en realidad, no estamos tratando de ayudar a Ucrania, sino de luchar contra Rusia.<\/span><\/p>\n<p style=\"text-align: justify;\"><span style=\"font-size: 14pt;\">La integraci\u00f3n de estos paramilitares a la Guardia Nacional no estuvo en absoluto acompa\u00f1ada de una \u201cdesnazificaci\u00f3n\u201d, como\u00a0<a href=\"https:\/\/www.rts.ch\/info\/monde\/12928403-podcast-ukrainerussie-cest-quoi-cette-histoire-de-nazis.html\" target=\"_blank\" rel=\"noopener\">pretenden algunos<\/a>.\u00a0Entre los muchos ejemplos, el de la insignia del Regimiento Azov es edificante:<\/span><\/p>\n<\/blockquote>\n<p style=\"text-align: justify;\">\u00a0<\/p>\n<figure id=\"attachment_2246198\" aria-describedby=\"caption-attachment-2246198\" style=\"width: 520px\" class=\"wp-caption aligncenter\"><img loading=\"lazy\" decoding=\"async\" class=\"size-full wp-image-2246198\" src=\"https:\/\/puntocritico.com\/ausajpuntocritico\/wp-content\/uploads\/2022\/04\/34-Ucraina-y-la-voz-de-la-Inteligencia-El-ejemplo-de-Jacques-Baud-22.04.21-Batallon-Azov.png\" alt=\"\" width=\"520\" height=\"243\" data-id=\"2246198\" srcset=\"https:\/\/puntocritico.com\/ausajpuntocritico\/wp-content\/uploads\/2022\/04\/34-Ucraina-y-la-voz-de-la-Inteligencia-El-ejemplo-de-Jacques-Baud-22.04.21-Batallon-Azov.png 520w, https:\/\/puntocritico.com\/ausajpuntocritico\/wp-content\/uploads\/2022\/04\/34-Ucraina-y-la-voz-de-la-Inteligencia-El-ejemplo-de-Jacques-Baud-22.04.21-Batallon-Azov-300x140.png 300w\" sizes=\"auto, (max-width: 520px) 100vw, 520px\" \/><figcaption id=\"caption-attachment-2246198\" class=\"wp-caption-text\"><span style=\"color: #008000;\">Simbolog\u00eda del Batall\u00f3n Azov<\/span><\/figcaption><\/figure>\n<p style=\"text-align: justify;\"><strong><span style=\"font-size: 14pt;\">Seguir leyendo:<\/span><\/strong><\/p>\n<p class=\"entry-title\" style=\"text-align: center;\"><a href=\"https:\/\/puntocritico.com\/ausajpuntocritico\/2022\/04\/25\/de-la-sostenibilidad-a-la-guerra-atomica\/\"><strong><span style=\"font-size: 14pt;\">LA GUERRA DE LA DESINFORMACI\u00d3N. New World Order: De la Sostenibilidad a la Guerra At\u00f3mica. \u00abLa Situaci\u00f3n Militar en Ucrania\u00bb, por Jacques Baud.<\/span><\/strong><\/a><\/p>\n<p class=\"mh-meta entry-meta\"><a href=\"https:\/\/puntocritico.com\/ausajpuntocritico\/2022\/04\/25\/de-la-sostenibilidad-a-la-guerra-atomica\/\"><img loading=\"lazy\" decoding=\"async\" class=\"aligncenter wp-image-2245840\" src=\"https:\/\/puntocritico.com\/ausajpuntocritico\/wp-content\/uploads\/2022\/04\/bomba-atomica-PPAL.jpg\" alt=\"\" width=\"480\" height=\"319\" data-id=\"2245840\" srcset=\"https:\/\/puntocritico.com\/ausajpuntocritico\/wp-content\/uploads\/2022\/04\/bomba-atomica-PPAL.jpg 680w, https:\/\/puntocritico.com\/ausajpuntocritico\/wp-content\/uploads\/2022\/04\/bomba-atomica-PPAL-300x199.jpg 300w, https:\/\/puntocritico.com\/ausajpuntocritico\/wp-content\/uploads\/2022\/04\/bomba-atomica-PPAL-610x405.jpg 610w, https:\/\/puntocritico.com\/ausajpuntocritico\/wp-content\/uploads\/2022\/04\/bomba-atomica-PPAL-678x452.jpg 678w\" sizes=\"auto, (max-width: 480px) 100vw, 480px\" \/><\/a><\/p>\n<p style=\"text-align: center;\"><span style=\"font-size: 18pt;\"><strong><span style=\"color: #008000;\">*******<\/span><\/strong><\/span><\/p>\n<p><img loading=\"lazy\" decoding=\"async\" class=\"aligncenter wp-image-2248706 size-mh-magazine-content\" src=\"https:\/\/puntocritico.com\/ausajpuntocritico\/wp-content\/uploads\/2022\/05\/Chomsky-y-Ucrania-PPAL-678x381.jpg\" alt=\"\" width=\"678\" height=\"381\" data-id=\"2248706\" \/><\/p>\n<p style=\"text-align: center;\"><span style=\"font-size: 18pt;\"><strong><span style=\"color: #008000;\">*******<\/span><\/strong><\/span><\/p>\n<h2 style=\"text-align: center;\"><span style=\"font-size: 24pt;\"><strong>Noam Chomsky, sobre la guerra en Ucrania: \u00abEEUU no quiere una salida diplom\u00e1tica en el pa\u00eds\u00bb<\/strong><\/span><\/h2>\n<div class=\"article-header-epigraph col-12\">\n<p id=\"m69-68-70\" style=\"text-align: center;\"><em><strong><span style=\"font-size: 14pt;\">El destacado fil\u00f3sofo y polit\u00f3logo estadounidense se\u00f1ala que la superpotencia &#8216;por excelencia&#8217; no descarta la posibilidad de iniciar una guerra nuclear a trav\u00e9s de la guerra en Ucrania con Rusia.\u00a0<\/span><\/strong><\/em><\/p>\n<\/div>\n<p style=\"text-align: justify;\"><span style=\"font-size: 14pt;\"><a href=\"https:\/\/www.publico.es\/internacional\/noam-chomsky-guerra-ucrania-eeuu.html#md=modulo-portada-fila-de-modulos:2x3;mm=mobile-big\" target=\"_blank\" rel=\"noopener\">Pagina 12<\/a>, 18 MAYO 2022<\/span><\/p>\n<p style=\"text-align: justify;\"><span style=\"font-size: 14pt;\">Por C.J. Polychroniou<\/span><\/p>\n<p><img loading=\"lazy\" decoding=\"async\" class=\"aligncenter wp-image-2248636 size-mh-magazine-content\" src=\"https:\/\/puntocritico.com\/ausajpuntocritico\/wp-content\/uploads\/2022\/05\/Chomsky-678x381.jpeg\" alt=\"\" width=\"678\" height=\"381\" data-id=\"2248636\" \/><\/p>\n<p style=\"text-align: justify;\">\u00a0<\/p>\n<p id=\"m789-788-790\" class=\"pb-article-item-iteration\" style=\"text-align: justify;\"><span style=\"font-size: 14pt;\"><b>Noam Chomsky\u00a0<\/b>es un fil\u00f3sofo, polit\u00f3logo, activista estadounidense de origen jud\u00edo y una de las figuras m\u00e1s reconocidas de la ling\u00fc\u00edstica del siglo XX. En esta entrevista concedida a\u00a0<i><b>P\u00e1gina 12\u00a0<\/b><\/i>comenta la necesidad de negociar de forma urgente una salida a la guerra. Por otro lado, analiza c\u00f3mo Occidente \u00abjuega con la vida de los ucranianos y el hambre en todo el mundo\u00bb para tratar de acorralar a la Rusia de Putin.\u00a0<\/span><\/p>\n<p id=\"m794-1-795\" class=\"pb-article-item-iteration\" style=\"text-align: justify;\"><span style=\"font-size: 14pt;\"><b>La guerra en Ucrania<\/b>\u00a0est\u00e1 causando sufrimientos humanos inimaginables, pero tambi\u00e9n tiene consecuencias econ\u00f3micas globales y<b>\u00a0es una noticia terrible para la lucha contra el calentamiento global<\/b>. De hecho, como resultado de la creciente subida de precios de la energ\u00eda y las preocupaciones por la seguridad energ\u00e9tica, los esfuerzos de descarbonizaci\u00f3n han pasado a un segundo plano.\u00a0<\/span><\/p>\n<p style=\"text-align: justify;\"><span style=\"font-size: 14pt;\">En Estados Unidos el Gobierno de Biden ha adoptado el lema republicano: &#8216;Perfora, nene, perfora&#8217; y Europa est\u00e1 empe\u00f1ada en construir nuevos gasoductos e instalaciones de importaci\u00f3n. Por su parte, China planea elevar la capacidad de producci\u00f3n del carb\u00f3n.\u00a0<\/span><\/p>\n<p id=\"m804-3-805\" class=\"question\" style=\"text-align: justify;\"><strong><span style=\"font-size: 14pt;\">\u00bfPuede usted comentar sobre las implicaciones de estos desafortunados sucesos y explicar por qu\u00e9 el pensamiento cortoplacista sigue prevaleciendo entre los l\u00edderes mundiales, aun en un momento en que la humanidad podr\u00eda estar al borde de una amenaza a nuestra existencia?<\/span><\/strong><\/p>\n<p id=\"m809-4-810\" class=\"pb-article-item-iteration\" style=\"text-align: justify;\"><span style=\"font-size: 14pt;\">La \u00faltima pregunta no es nueva. En una forma u otra, ha surgido a lo largo de la historia. Recordemos un caso que se ha estudiado a fondo: \u00bfpor qu\u00e9 los l\u00edderes pol\u00edticos fueron a la guerra en 1914, con absoluta confianza en su propia rectitud? \u00bfY por qu\u00e9 los m\u00e1s prominentes intelectuales en todos los pa\u00edses en guerra se alinearon con apasionado entusiasmo en apoyo de su propio Estado?\u00a0 Quitando a un pu\u00f1ado de disidentes, varios de los m\u00e1s destacados\u00a0 fueron encarcelados (Bertrand Russell, Eugene Debs, Rosa Luxemburgo y Karl Liebknecht).\u00a0<b>No era una crisis terminal, pero era grave.<\/b><\/span><\/p>\n<p id=\"m814-5-815\" class=\"pb-article-item-iteration\" style=\"text-align: justify;\"><span style=\"font-size: 14pt;\">Este modelo se remonta en el tiempo. Y contin\u00faa con poco cambio despu\u00e9s del 6 de agosto de 1945, cuando nos enteramos de que la inteligencia humana se hab\u00eda elevado al nivel en el que pronto ser\u00eda capaz de exterminarlo todo.<\/span><\/p>\n<p>&nbsp;<\/p>\n<blockquote>\n<p style=\"text-align: center;\"><span style=\"font-size: 14pt; color: #008000;\"><strong>\u00abLo que impulsa la pol\u00edtica no es la seguridad, al menos no la de la poblaci\u00f3n\u00bb<\/strong><\/span><\/p>\n<\/blockquote>\n<p style=\"text-align: justify;\">\u00a0<\/p>\n<p id=\"m824-7-825\" class=\"pb-article-item-iteration\" style=\"text-align: justify;\"><span style=\"font-size: 14pt;\">Si observamos de cerca el modelo, en el curso de los a\u00f1os, una conclusi\u00f3n parece surgir con claridad: lo que impulsa la pol\u00edtica no es la seguridad, al menos no la seguridad de la poblaci\u00f3n, la cual es, cuando mucho, una preocupaci\u00f3n marginal. Lo mismo puede decirse de las amenazas a la existencia. Tenemos que buscar en otro lado.<\/span><\/p>\n<p id=\"m829-8-830\" class=\"pb-article-item-iteration\" style=\"text-align: justify;\"><span style=\"font-size: 14pt;\">Un buen punto de partida, creo, es lo que parece el principio mejor establecido de la teor\u00eda de las relaciones internacionales: la observaci\u00f3n de\u00a0<b>Adam Smith\u00a0<\/b>de que<b>\u00a0los &#8216;Amos de la Humanidad&#8217;\u00a0<\/b>\u2013en su tiempo los comerciantes y fabricantes de Inglaterra\u2013<b>\u00a0son \u00ablos principales arquitectos de la pol\u00edtica del Estado\u00bb<\/b>. Utilizan su poder para asegurar que sus intereses \u2018sean atendidos de la manera m\u00e1s peculiar, por &#8216;dolorosos&#8217; que fueran sus efectos sobre otros, entre ellos el pueblo de Inglaterra, pero con m\u00e1s brutalidad las v\u00edctimas de la \u00absalvaje injusticia de los europeos\u00bb. El objetivo particular de Smith era el salvajismo brit\u00e1nico en India, entonces en sus primeras etapas, pero ya bastante terrible.<\/span><\/p>\n<p>&nbsp;<\/p>\n<blockquote>\n<p style=\"text-align: center;\"><span style=\"font-size: 14pt; color: #008000;\"><strong>\u00abQuienes no participan en el juego son excluidos con rapidez\u00bb<\/strong><\/span><\/p>\n<\/blockquote>\n<p>&nbsp;<\/p>\n<p id=\"m839-10-840\" class=\"pb-article-item-iteration\" style=\"text-align: justify;\"><span style=\"font-size: 14pt;\">Nada cambia mucho cuando la crisis se vuelve existencial. Los intereses de corto plazo prevalecen. La l\u00f3gica es clara en los sistemas competitivos, como en los mercados no regulados. Quienes no participan en el juego son excluidos con rapidez. La competencia entre los \u2018principales arquitectos de la pol\u00edtica\u2019 en el sistema estatal tiene propiedades un tanto similares, pero debemos tener en mente que la seguridad de la poblaci\u00f3n est\u00e1 lejos de ser un principio rector, como la historia muestra con claridad.<\/span><\/p>\n<p id=\"m844-11-845\" class=\"pb-article-item-iteration\" style=\"text-align: justify;\"><span style=\"font-size: 14pt;\">Usted tiene raz\u00f3n en cuanto al horrible impacto de la criminal invasi\u00f3n rusa de Ucrania. La discusi\u00f3n en Estados Unidos y Europa se centra en el sufrimiento de Ucrania, lo cual es razonable, mientras\u00a0<b>aplaude tambi\u00e9n nuestra pol\u00edtica de acelerar la miseria, lo cual no es tan razonable.<\/b>\u00a0Volver\u00e9 sobre ello.<\/span><\/p>\n<p>&nbsp;<\/p>\n<p><img loading=\"lazy\" decoding=\"async\" class=\"aligncenter wp-image-2248637\" src=\"https:\/\/puntocritico.com\/ausajpuntocritico\/wp-content\/uploads\/2022\/05\/Yemen.png\" alt=\"\" width=\"555\" height=\"409\" data-id=\"2248637\" srcset=\"https:\/\/puntocritico.com\/ausajpuntocritico\/wp-content\/uploads\/2022\/05\/Yemen.png 831w, https:\/\/puntocritico.com\/ausajpuntocritico\/wp-content\/uploads\/2022\/05\/Yemen-300x221.png 300w, https:\/\/puntocritico.com\/ausajpuntocritico\/wp-content\/uploads\/2022\/05\/Yemen-768x566.png 768w, https:\/\/puntocritico.com\/ausajpuntocritico\/wp-content\/uploads\/2022\/05\/Yemen-610x449.png 610w, https:\/\/puntocritico.com\/ausajpuntocritico\/wp-content\/uploads\/2022\/05\/Yemen-80x60.png 80w\" sizes=\"auto, (max-width: 555px) 100vw, 555px\" \/><\/p>\n<p>&nbsp;<\/p>\n<p id=\"m866-13-867\" class=\"pb-article-item-iteration\" style=\"text-align: justify;\"><span style=\"font-size: 14pt;\">Veamos s\u00f3lo un ejemplo,\u00a0<b>la peor crisis humana, de acuerdo con Naciones Unidas: Yemen.\u00a0<\/b>M\u00e1s de 2 millones de ni\u00f1os enfrentan una hambruna inminente, seg\u00fan informa el Programa Mundial de Alimentos. Casi el 100% de sus cereales son importados, de los cuales Rusia y Ucrania aportan la mayor cantidad de trigo y derivados (42%), adem\u00e1s de harina reexportada y trigo procesado para la misma regi\u00f3n.<\/span><\/p>\n<p id=\"m871-14-872\" class=\"pb-article-item-iteration\" style=\"text-align: justify;\"><span style=\"font-size: 14pt;\">La crisis va mucho m\u00e1s all\u00e1. Intentemos ser honestos al respecto: la perpetuaci\u00f3n de<b>\u00a0la guerra es<\/b>, en t\u00e9rminos simples,\u00a0<b>un programa de asesinato en masa sobre buena parte del Sur global.<\/b><\/span><\/p>\n<p id=\"m876-15-877\" class=\"pb-article-item-iteration\" style=\"text-align: justify;\"><span style=\"font-size: 14pt;\">Esa es la menor parte. En peri\u00f3dicos supuestamente serios se analiza c\u00f3mo Estados Unidos podr\u00eda ganar una guerra nuclear con Rusia. Tales an\u00e1lisis lindan en una locura criminal. Y, por desgracia, las pol\u00edticas de Estados Unidos y la OTAN proporcionan muchos posibles escenarios para una r\u00e1pida terminaci\u00f3n de la sociedad humana. Por mencionar solo una, Putin hasta ahora se ha abstenido de atacar las l\u00edneas de suministro de armas pesadas a Ucrania. No ser\u00eda gran sorpresa si eso terminara sucediendo, lo cual desencadenar\u00eda en un conflicto frontal entre Rusia y la OTAN, con un camino f\u00e1cil hacia una intensificaci\u00f3n que bien podr\u00eda conducir a un r\u00e1pido adi\u00f3s.<\/span><\/p>\n<div class=\"item-related-news-between-text add-author no-icon\" data-collection=\"m673-672-674\">\u00a0<\/div>\n<blockquote>\n<div style=\"text-align: center;\" data-collection=\"m673-672-674\"><span style=\"font-size: 14pt; color: #008000;\"><strong>\u00abPara que haya alguna esperanza de un mundo habitable, debemos dejar de usar combustibles f\u00f3siles ahora mismo\u00bb<\/strong><\/span><\/div>\n<\/blockquote>\n<p style=\"text-align: justify;\">\u00a0<\/p>\n<p id=\"m886-17-887\" class=\"pb-article-item-iteration\" style=\"text-align: justify;\"><span style=\"font-size: 14pt;\">M\u00e1s probable, de hecho muy probable, es una muerte m\u00e1s lenta por medio del envenenamiento del planeta. El informe m\u00e1s reciente del Panel Intergubernamental del Cambio Clim\u00e1tico puso de manifiesto que para que haya alguna esperanza de un mundo habitable, debemos dejar de usar combustibles f\u00f3siles ahora mismo, y avanzar con firmeza hasta su pronta eliminaci\u00f3n. Como usted se\u00f1ala, el efecto de la guerra actual es poner fin a las de por s\u00ed limitadas iniciativas existentes, y de hecho revertirlas y acelerar la carrera hacia el suicidio.<\/span><\/p>\n<p id=\"m891-18-892\" class=\"pb-article-item-iteration\" style=\"text-align: justify;\"><span style=\"font-size: 14pt;\">Naturalmente, reina un gran jolgorio en las oficinas ejecutivas de los consorcios dedicados a destruir la vida humana en la Tierra. Ahora no solo est\u00e1n libres de restricciones y de las quejas de molestos activistas ambientales, sino que se les elogia por \u00absalvar a la civilizaci\u00f3n\u00bb y reciben est\u00edmulos para destruir a\u00fan m\u00e1s r\u00e1pidamente.\u00a0<b>Ahora se les anima a desperdiciar recursos escasos que se necesitan con desesperaci\u00f3n para prop\u00f3sitos humanos y constructivos<\/b>. Y, al igual que sus socios en la destrucci\u00f3n masiva, las corporaciones de combustibles f\u00f3siles absorben recursos de los contribuyentes.<\/span><\/p>\n<p id=\"m896-19-897\" class=\"pb-article-item-iteration\" style=\"text-align: justify;\"><span style=\"font-size: 14pt;\">\u00bfQu\u00e9 podr\u00eda ser mejor o, desde una perspectiva diferente, m\u00e1s insensato? Har\u00edamos bien en recordar las palabras del ex presidente\u00a0<b>Dwight D. Eisenhower<\/b>\u00a0en su discurso de la Cruz de hierro de 1953:<\/span><\/p>\n<p>&nbsp;<\/p>\n<blockquote>\n<p style=\"text-align: center;\"><span style=\"color: #008000;\"><strong><span style=\"font-size: 14pt;\">\u00abEl coste de un misil moderno es el de una escuela moderna en m\u00e1s de 30 ciudades\u00bb<\/span><\/strong><\/span><\/p>\n<\/blockquote>\n<p style=\"text-align: justify;\">\u00a0<\/p>\n<p id=\"m906-21-907\" class=\"pb-article-item-iteration\" style=\"text-align: justify;\"><span style=\"font-size: 14pt;\">\u00abCada arma que se fabrica, cada guerra que se emprende, cada cohete que se dispara significa, en \u00faltimo sentido, un robo a quienes padecen hambre y no son alimentados, quienes padecen fr\u00edo y no son vestidos.<b>\u00a0<\/b>Este mundo en armas no s\u00f3lo gasta dinero: gasta el sudor de sus trabajadores, el genio de sus cient\u00edficos, las esperanzas de sus ni\u00f1os. El coste de un bombardero pesado moderno es \u00e9ste: una moderna escuela de ladrillos en m\u00e1s de 30 ciudades. Es dos plantas el\u00e9ctricas, cada una capaz de atender a una poblaci\u00f3n de 60 mil personas. Es dos hospitales excelentes, plenamente equipados. Es unos 80 kil\u00f3metros de pavimento. Pagamos por un solo avi\u00f3n caza con medio mill\u00f3n de bushels de trigo. Pagamos por un solo destructor con nuevas casas que podr\u00edan albergar a m\u00e1s de 8.000 personas\u2026 Esta no es una forma de vida, en ning\u00fan sentido verdadero. Bajo la nube de la amenaza de guerra, la humanidad pende de una cruz de hierro\u00bb.<\/span><\/p>\n<p id=\"m911-22-912\" class=\"pb-article-item-iteration\" style=\"text-align: justify;\"><span style=\"font-size: 14pt;\">Estas palabras no podr\u00edan ser m\u00e1s apropiadas hoy. Volviendo a la raz\u00f3n por la que los &#8216;l\u00edderes mundiales&#8217; persisten en este curso insensato, en primer lugar habr\u00eda que detallar si alguno de estos merece ese apelativo, excepto por iron\u00eda.\u00a0<\/span><\/p>\n<p>&nbsp;<\/p>\n<blockquote>\n<p style=\"text-align: center;\"><span style=\"color: #008000;\"><strong><span style=\"font-size: 14pt;\">\u00abA poner fin al conflicto en la \u00fanica forma posible: mediante la diplomacia y la capacidad pol\u00edtica\u00bb<\/span><\/strong><\/span><\/p>\n<\/blockquote>\n<p>&nbsp;<\/p>\n<p id=\"m921-24-922\" class=\"pb-article-item-iteration\" style=\"text-align: justify;\"><span style=\"font-size: 14pt;\">Si los hubiera, estar\u00edan dedicados a poner fin<b>\u00a0<\/b>al conflicto en la \u00fanica forma posible: mediante la diplomacia y la capacidad pol\u00edtica. Las l\u00edneas generales de un acuerdo pol\u00edtico se han entendido desde hace mucho tiempo. Las hemos examinado antes y tambi\u00e9n hemos documentado la dedicaci\u00f3n de Estados Unidos (con la OTAN a remolque) para socavar la posibilidad de un acuerdo diplom\u00e1tico, de manera bastante abierta y con orgullo. No deber\u00eda haber necesidad de revisar de nuevo ese registro funesto.<\/span><\/p>\n<p id=\"m926-25-927\" class=\"pb-article-item-iteration\" style=\"text-align: justify;\"><span style=\"font-size: 14pt;\">Un dicho com\u00fan es que el \u00abloco Vlad\u00bb est\u00e1 tan demente, y tan inmerso en sue\u00f1os guajiros de reconstruir un imperio y tal vez conquistar el mundo, que no tiene sentido siquiera escuchar lo que dicen los rusos\u2026 y sin duda no hay necesidad de considerar un involucramiento diplom\u00e1tico con semejante criatura. Por tanto, no exploremos la \u00fanica posibilidad de poner fin al horror y continuemos aument\u00e1ndolo, sean cuales fueren las consecuencias para Ucrania y para el mundo.<\/span><\/p>\n<p id=\"m931-26-932\" class=\"pb-article-item-iteration\" style=\"text-align: justify;\"><span style=\"font-size: 14pt;\">Los l\u00edderes occidentales, y gran parte de la clase pol\u00edtica, est\u00e1n ahora consumidos por dos ideas principales: la primera es que\u00a0<b>la fuerza militar rusa es tan abrumadora que pronto podr\u00eda tratar de conquistar Europa Occidental<\/b>, o incluso m\u00e1s all\u00e1. Por tanto, tenemos que &#8216;combatir a Rusia all\u00ed&#8217; (con cuerpos ucranianos), de modo que &#8216;no tengamos que combatir a Rusia aqu\u00ed&#8217;, (en Washington), seg\u00fan nos advierte Adam Schmitt, del Partido Dem\u00f3crata y presidente del Comit\u00e9 Permanente sobre Inteligencia de la C\u00e1mara de Representantes.<\/span><\/p>\n<p id=\"m936-27-937\" class=\"pb-article-item-iteration\" style=\"text-align: justify;\"><span style=\"font-size: 14pt;\">La segunda es qu<b>e la fuerza militar rusa ha sido exhibida como un tigre de papel<\/b>, tan incompetente y fr\u00e1gil, y tan mal conducida, que no puede conquistar ciudades ubicadas a unos kil\u00f3metros de su frontera, defendida en gran parte por un ej\u00e9rcito de ciudadanos.<\/span><\/p>\n<p id=\"m941-28-942\" class=\"pb-article-item-iteration\" style=\"text-align: justify;\"><span style=\"font-size: 14pt;\">Esta \u00faltima idea es objeto de mucho alarde. La primera inspira terror en nuestros corazones. Orwell defini\u00f3 el \u00abpensardoble\u00bb como la capacidad de tener en mente dos ideas contradictorias y creer en ambas, locura solo imaginable en estados ultratotalitarios<\/span>.<\/p>\n<p>&nbsp;<\/p>\n<blockquote>\n<p style=\"text-align: center;\"><span style=\"font-size: 14pt; color: #008000;\"><strong>\u00abEl gasto militar ruso es una fracci\u00f3n del de la OTAN, incluso sin contar a EEUU\u00bb<\/strong><\/span><\/p>\n<\/blockquote>\n<p>&nbsp;<\/p>\n<p id=\"m951-30-952\" class=\"pb-article-item-iteration\" style=\"text-align: justify;\"><span style=\"font-size: 14pt;\">Si adoptamos la primera idea, debemos armarnos hasta los dientes para protegernos de los planes demoniacos del tigre de papel, aun cuando el gasto militar ruso es una fracci\u00f3n del de la OTAN, incluso sin contar a Estados Unidos. Quienes sufren p\u00e9rdida de memoria estar\u00edan felices de saber que Alemania por fin ha recibido el mensaje, y pronto podr\u00eda superar a Rusia en gasto militar. Ahora Putin tiene que pensarlo dos veces antes de conquistar Europa occidental.<\/span><\/p>\n<p id=\"m956-31-957\" class=\"pb-article-item-iteration\" style=\"text-align: justify;\"><span style=\"font-size: 14pt;\">Para repetir una obviedad, l<b>a guerra en Ucrania puede terminar con un acuerdo diplom\u00e1tico, ya sea con rapidez o en una agon\u00eda prolongada.\u00a0<\/b>La diplomacia, por definici\u00f3n, es un asunto de toma y daca. Cada lado debe aceptarla. De ah\u00ed se sigue que, en un acuerdo diplom\u00e1tico, a Putin se le debe ofrecer alguna v\u00eda de escape.<\/span><\/p>\n<p id=\"m961-32-962\" class=\"pb-article-item-iteration\" style=\"text-align: justify;\"><span style=\"font-size: 14pt;\">O aceptamos la primera opci\u00f3n o la rechazamos: al menos en eso no hay discusi\u00f3n. Si la rechazamos, elegimos la segunda opci\u00f3n. Puesto que esta es la preferencia casi universal en el discurso occidental, y sigue siendo la pol\u00edtica estadounidense, consideremos lo que implica.<\/span><\/p>\n<p id=\"m966-33-967\" class=\"pb-article-item-iteration\" style=\"text-align: justify;\"><span style=\"font-size: 14pt;\">La respuesta es directa: la decisi\u00f3n de rechazar la diplomacia significa que nos involucraremos en un experimento para ver si el perro rabioso irracional se escabullir\u00e1 silenciosamente, en derrota total, o si emplear\u00e1 los medios con los que sin duda cuenta para destruir a Ucrania y poner el escenario para una guerra terminal.<\/span><\/p>\n<p id=\"m971-34-972\" class=\"pb-article-item-iteration\" style=\"text-align: justify;\"><span style=\"font-size: 14pt;\">Y, mientras realizamos este grotesco experimento con las vidas de los ucranianos, nos aseguraremos de que millones mueran de hambre por la crisis alimentaria, jugaremos con la posibilidad de la guerra nuclear, y correremos con entusiasmo hacia la destrucci\u00f3n del ambiente que sostiene la vida.<\/span><\/p>\n<p>&nbsp;<\/p>\n<p><img loading=\"lazy\" decoding=\"async\" class=\"aligncenter wp-image-2248638\" src=\"https:\/\/puntocritico.com\/ausajpuntocritico\/wp-content\/uploads\/2022\/05\/Putin.png\" alt=\"\" width=\"555\" height=\"400\" data-id=\"2248638\" srcset=\"https:\/\/puntocritico.com\/ausajpuntocritico\/wp-content\/uploads\/2022\/05\/Putin.png 822w, https:\/\/puntocritico.com\/ausajpuntocritico\/wp-content\/uploads\/2022\/05\/Putin-300x216.png 300w, https:\/\/puntocritico.com\/ausajpuntocritico\/wp-content\/uploads\/2022\/05\/Putin-768x553.png 768w, https:\/\/puntocritico.com\/ausajpuntocritico\/wp-content\/uploads\/2022\/05\/Putin-610x439.png 610w\" sizes=\"auto, (max-width: 555px) 100vw, 555px\" \/><\/p>\n<p style=\"text-align: justify;\">\u00a0<\/p>\n<p id=\"m993-36-994\" class=\"pb-article-item-iteration\" style=\"text-align: justify;\"><span style=\"font-size: 14pt;\">Por supuesto, es una posibilidad que Putin sencillamente se rinda, y que se abstenga de usar las fuerzas bajo su mando. Y tal vez podamos re\u00edrnos simplemente de las perspectivas de recurrir a las armas nucleares. Es concebible, pero\u00a0<b>\u00bfqu\u00e9 clase de persona estar\u00eda dispuesta a jugarse esa apuesta?<\/b><\/span><\/p>\n<p id=\"m998-37-999\" class=\"pb-article-item-iteration\" style=\"text-align: justify;\"><span style=\"font-size: 14pt;\"><b>La respuesta es: los l\u00edderes occidentales, de modo bastante expl\u00edcito, junto con la clase pol\u00edtica.\u00a0<\/b>Eso ha sido obvio durante a\u00f1os, incluso se ha expresado de manera oficial. Y para asegurarse de que todos entendamos, la posici\u00f3n fue reiterada con fuerza en abril pasado, en la primera reuni\u00f3n mensual del \u00abgrupo de contacto\u00bb, que incluye a la OTAN y a los pa\u00edses asociados. La reuni\u00f3n no se realiz\u00f3 en la sede de la OTAN en Bruselas, B\u00e9lgica; m\u00e1s bien, se derribaron todas las simulaciones y se llev\u00f3 a cabo en la Base Ramstein de la fuerza a\u00e9rea estadounidense en Alemania, t\u00e9cnicamente territorio alem\u00e1n, pero que en el mundo real pertenece a Estados Unidos.<\/span><\/p>\n<p id=\"m1003-38-1004\" class=\"pb-article-item-iteration\" style=\"text-align: justify;\"><span style=\"font-size: 14pt;\">El secretario de la Defensa\u00a0<b>Lloyd Austin\u00a0<\/b>abri\u00f3 la reuni\u00f3n declarando:\u00a0<b>\u00abUcrania cree sin duda que puede ganar, y as\u00ed lo creemos todos los aqu\u00ed presentes\u00bb.<\/b>\u00a0Por tanto, los dignatarios reunidos no deber\u00edan titubear en enviar armamento avanzado a Ucrania y persistir en los otros programas que, anunci\u00f3 con orgullo, llevar\u00e1n de hecho a Ucrania al sistema de la OTAN. En su sabidur\u00eda, los dignatarios asistentes y su l\u00edder garantizan que Putin no reaccionar\u00e1 en las formas en que todos sabemos que puede hacerlo.<\/span><\/p>\n<p id=\"m1008-39-1009\" class=\"pb-article-item-iteration\" style=\"text-align: justify;\"><span style=\"font-size: 14pt;\">La historia de la planificaci\u00f3n militar durante muchos a\u00f1os, de hecho siglos, indica que \u00abtodos los aqu\u00ed presentes\u00bb tienen en efecto esas notables creencias. Las tengan quienes las tengan, sin duda est\u00e1n dispuestos a llevar a cabo el experimento con la vida de los ucranianos y el futuro de la vida en la Tierra.<\/span><\/p>\n<p id=\"m1013-40-1014\" class=\"pb-article-item-iteration\" style=\"text-align: justify;\"><span style=\"font-size: 14pt;\">Puesto que se nos asegura con tanta autoridad que Rusia observar\u00e1 de manera pasiva todo esto sin reaccionar, podemos dar otros pasos para \u00abintegrar de facto a Ucrania a la OTAN\u00bb, de acuerdo con los objetivos del ministerio ucraniano de defensa, estableciendo \u00abplena compatibilidad del ej\u00e9rcito ucraniano con los de los pa\u00edses de la OTAN\u00bb, y garantizando que no pueda alcanzarse un acuerdo diplom\u00e1tico con ning\u00fan gobierno ruso, a menos que de alg\u00fan modo se convierta a Rusia en sat\u00e9lite estadounidense.<\/span><\/p>\n<p id=\"m1018-41-1019\" class=\"pb-article-item-iteration\" style=\"text-align: justify;\"><span style=\"font-size: 14pt;\"><b>La actual pol\u00edtica estadounidense prev\u00e9 una guerra prolongada para \u00abdebilitar a Rusia\u00bb<\/b>\u00a0y asegurar su derrota total. Esta pol\u00edtica es muy similar al modelo afgano de la d\u00e9cada de 1980, que, de hecho, ahora es postulado expl\u00edcitamente en los altos c\u00edrculos, por ejemplo por la ex secretaria Hillary Clinton.<\/span><\/p>\n<p id=\"m1023-42-1024\" class=\"pb-article-item-iteration\" style=\"text-align: justify;\"><span style=\"font-size: 14pt;\">Puesto que es cercana a la pol\u00edtica actual del pa\u00eds, incluso un modelo funcional, vale la pena observar lo que en realidad ocurri\u00f3 en Afganist\u00e1n en la d\u00e9cada de 1980, cuando Rusia lo invadi\u00f3. Por fortuna, hoy tenemos un recuento detallado y autorizado hecho por\u00a0<b>Diego Cordovez,<\/b>\u00a0quien dirigi\u00f3 los exitosos programas de las Naciones Unidas (ONU) que pusieron fin a la guerra, y por el distinguido periodista y acad\u00e9mico\u00a0<b>Selig Harrison<\/b>, quien ten\u00eda extensa experiencia en la regi\u00f3n. Ambos autores ya fallecieron.<\/span><\/p>\n<p>&nbsp;<\/p>\n<blockquote>\n<p style=\"text-align: center;\"><strong><span style=\"font-size: 14pt; color: #008000;\">\u00abLa guerra en Afganist\u00e1n termin\u00f3 por una cuidadosa diplomacia dirigida por la ONU, no por la fuerza militar\u00bb<\/span><\/strong><\/p>\n<\/blockquote>\n<p>&nbsp;<\/p>\n<p id=\"m1033-44-1034\" class=\"pb-article-item-iteration\" style=\"text-align: justify;\"><span style=\"font-size: 14pt;\"><b>El an\u00e1lisis Cordovez-Harrison\u00a0<\/b>derriba por completo la versi\u00f3n recibida. Los autores demuestran que la guerra fue concluida por una cuidadosa diplomacia dirigida por la ONU, no por la fuerza militar. La pol\u00edtica estadounidense de movilizar y financiar a los islamitas m\u00e1s radicales para combatir a los rusos signific\u00f3, concluye el an\u00e1lisis, \u00abcombatir hasta el \u00faltimo afgano\u00bb, en una guerra subrogada para debilitar a la Uni\u00f3n Sovi\u00e9tica. \u2018Estados Unidos hizo todo lo posible por evitar que la ONU participara\u2019, es decir, para evitar los cuidadosos esfuerzos diplom\u00e1ticos que acabaron con la guerra.<\/span><\/p>\n<p id=\"m1038-45-1039\" class=\"pb-article-item-iteration\" style=\"text-align: justify;\"><span style=\"font-size: 14pt;\">La pol\u00edtica estadounidense retras\u00f3 la retirada rusa que se hab\u00eda considerado desde poco despu\u00e9s de la invasi\u00f3n, la cual, mostraron los autores, ten\u00eda objetivos limitados, sin parecido alguno con los espantosos objetivos de conquista mundial que conjuraba la propaganda estadounidense. \u00abClaramente la invasi\u00f3n sovi\u00e9tica no era el primer paso en un plan maestro expansionista de un liderazgo unido\u00bb, escribi\u00f3 Harrison, confirmando las conclusiones del historiador David Gibbs, basado en archivos sovi\u00e9ticos revelados.<\/span><\/p>\n<p>&nbsp;<\/p>\n<blockquote>\n<p style=\"text-align: center;\"><span style=\"font-size: 14pt;\"><strong><span style=\"color: #008000;\">\u00abLa idea era dar a Rusia su Vietnam\u00bb<\/span><\/strong><\/span><\/p>\n<\/blockquote>\n<p>&nbsp;<\/p>\n<p id=\"m1048-47-1049\" class=\"pb-article-item-iteration\" style=\"text-align: justify;\"><span style=\"font-size: 14pt;\">El principal directivo de la CIA en Islamabad, quien encabez\u00f3 en persona las operaciones, expres\u00f3 con sencillez el objetivo principal: la idea era matar soldados rusos; dar a Rusia su Vietnam, como proclamaron altos funcionarios estadounidenses, revelando la colosal incapacidad de entender nada sobre Indochina que fue la marca de la pol\u00edtica estadounidense a lo largo de d\u00e9cadas de matanzas y destrucci\u00f3n.<\/span><\/p>\n<p>&nbsp;<\/p>\n<p><img loading=\"lazy\" decoding=\"async\" class=\"aligncenter wp-image-2248639\" src=\"https:\/\/puntocritico.com\/ausajpuntocritico\/wp-content\/uploads\/2022\/05\/Nazis-en-Mariupol.png\" alt=\"\" width=\"555\" height=\"414\" data-id=\"2248639\" srcset=\"https:\/\/puntocritico.com\/ausajpuntocritico\/wp-content\/uploads\/2022\/05\/Nazis-en-Mariupol.png 828w, https:\/\/puntocritico.com\/ausajpuntocritico\/wp-content\/uploads\/2022\/05\/Nazis-en-Mariupol-300x224.png 300w, https:\/\/puntocritico.com\/ausajpuntocritico\/wp-content\/uploads\/2022\/05\/Nazis-en-Mariupol-768x573.png 768w, https:\/\/puntocritico.com\/ausajpuntocritico\/wp-content\/uploads\/2022\/05\/Nazis-en-Mariupol-610x455.png 610w, https:\/\/puntocritico.com\/ausajpuntocritico\/wp-content\/uploads\/2022\/05\/Nazis-en-Mariupol-80x60.png 80w\" sizes=\"auto, (max-width: 555px) 100vw, 555px\" \/><\/p>\n<p id=\"m1070-49-1071\" class=\"pb-article-item-iteration\" style=\"text-align: justify;\"><span style=\"font-size: 14pt;\">Cordovez y Harrison escribieron que el gobierno estadounidense \u00abestuvo dividido desde el principio\u00a0<b>entre los &#8216;desangradores&#8217;,<\/b>\u00a0que quer\u00edan que las fuerzas sovi\u00e9ticas permanecieran atascadas en Afganist\u00e1n y de ese modo vengarse por Vietnam,\u00a0<b>y los &#8216;negociadores&#8217;,<\/b>\u00a0que quer\u00edan forzar su retirada mediante una combinaci\u00f3n de diplomacia y presi\u00f3n militar\u00bb. Es una distinci\u00f3n que aparece muy a menudo. Los &#8216;desangradores&#8217; por lo regular ganan y causan inmenso da\u00f1o. Para &#8216;el que decide&#8217;, para tomar la definici\u00f3n que\u00a0<b>George W. Bush<\/b>\u00a0hac\u00eda de s\u00ed mismo,\u00a0<b>es m\u00e1s seguro verse rudo que blando.<\/b><\/span><\/p>\n<p id=\"m1075-50-1076\" class=\"pb-article-item-iteration\" style=\"text-align: justify;\"><span style=\"font-size: 14pt;\">Afganist\u00e1n es un buen ejemplo. En el gobierno de James Carter, el secretario de Estado<b>\u00a0Cyrus Vance era un negociador<\/b>, quien suger\u00eda acuerdos de largo plazo que casi sin duda habr\u00eda evitado, o por lo menos reducido en gran medida, lo que ten\u00eda el prop\u00f3sito de ser una intervenci\u00f3n limitada. El consejero de Seguridad Nacional\u00a0<b>Zbigniew Brzezinski era el desangrador<\/b>, empe\u00f1ado en la venganza por Vietnam, cualquier cosa que eso significara en esa visi\u00f3n confusa del mundo, y matar rusos, algo que entend\u00eda muy bien y disfrutaba.<\/span><\/p>\n<p id=\"m1080-51-1081\" class=\"pb-article-item-iteration\" style=\"text-align: justify;\"><span style=\"font-size: 14pt;\"><b>Brzezinski prevaleci\u00f3.<\/b>\u00a0Convenci\u00f3 a Carter de enviar armas a la oposici\u00f3n que buscaba derrocar al gobierno pro ruso, anticipando que los rusos ser\u00edan arrastrados a un lodazal semejante a Vietnam. Cuando eso ocurri\u00f3, apenas pod\u00eda ocultar su regocijo.<\/span><\/p>\n<p id=\"m1085-52-1086\" class=\"pb-article-item-iteration\" style=\"text-align: justify;\"><span style=\"font-size: 14pt;\">Cuando tiempo despu\u00e9s se le pregunt\u00f3 si sent\u00eda remordimientos, la pregunta le pareci\u00f3 rid\u00edcula.\u00a0<b>Su \u00e9xito en atraer a Rusia a la trampa afgana, afirm\u00f3, fue la causa del colapso del imperio sovi\u00e9tico y del fin de la guerra fr\u00eda<\/b>, lo cual, en gran medida, es un absurdo. Y a qui\u00e9n le importa si da\u00f1\u00f3 a &#8216;algunos musulmanes agitados&#8217;, como el mill\u00f3n de cad\u00e1veres, haciendo a un lado incidentes como la devastaci\u00f3n de Afganist\u00e1n y el surgimiento del islam radical.<\/span><\/p>\n<p>&nbsp;<\/p>\n<blockquote>\n<p style=\"text-align: center;\"><strong><span style=\"font-size: 14pt; color: #008000;\">\u00abHoy se maneja p\u00fablicamente la analog\u00eda afgana y, lo que es m\u00e1s importante, se lleva a la pr\u00e1ctica en la pol\u00edtica\u00bb<\/span><\/strong><\/p>\n<\/blockquote>\n<p>&nbsp;<\/p>\n<p id=\"m1095-54-1096\" class=\"pb-article-item-iteration\" style=\"text-align: justify;\"><span style=\"font-size: 14pt;\">La distinci\u00f3n entre &#8216;desangradores&#8217; y &#8216;negociadores &#8216;no es nueva en los c\u00edrculos de la pol\u00edtica exterior. Un ejemplo famoso de los primeros d\u00edas de la guerra fr\u00eda es el conflicto entre George Kennan (negociador) y Paul Nitze (desangrador), ganado por este \u00faltimo, lo cual sent\u00f3 las bases para muchos a\u00f1os de brutalidad y casi destrucci\u00f3n. Cordovez y Harrison respaldaron expl\u00edcitamente el enfoque de Kennan, con abundante evidencia.<\/span><\/p>\n<p id=\"m1100-55-1101\" class=\"pb-article-item-iteration\" style=\"text-align: justify;\"><span style=\"font-size: 14pt;\">Un ejemplo cercano a Vance-Brzezinski es el conflicto entre el secretario de Estado William Rogers (negociador) y el consejero de Seguridad Nacional Henry Kissinger (desangrador) sobre la pol\u00edtica hacia Medio Oriente en los a\u00f1os de Richard Nixon. Rogers propuso soluciones diplom\u00e1ticas razonables al conflicto entre Israel y los \u00e1rabes. Kissinger, cuya ignorancia sobre la regi\u00f3n era monumental, insisti\u00f3 en la confrontaci\u00f3n, y ello llev\u00f3 a la guerra de 1973, que Israel gan\u00f3 por escaso margen con una seria amenaza de guerra nuclear.<\/span><\/p>\n<p id=\"m1105-56-1106\" class=\"pb-article-item-iteration\" style=\"text-align: justify;\"><span style=\"font-size: 14pt;\">Estos conflictos son permanentes, casi. Hoy s\u00f3lo quedan desangradores en los puestos altos.<b>\u00a0Han llegado al extremo de promulgar una Ley de Pr\u00e9stamos y Arrendamientos para Ucrania, aprobada casi por unanimidad.\u00a0<\/b>La terminolog\u00eda evoca la memoria del enorme programa de pr\u00e9stamos y arrendamientos que meti\u00f3 a Estados Unidos en la guerra europea (como se pretend\u00eda) y vincul\u00f3 los conflictos en Europa y Asia en una Guerra Mundial (lo que no se pretend\u00eda). \u2018El programa de Pr\u00e9stamos y Arrendamientos uni\u00f3 las luchas separadas en Europa y Asia para crear, hacia finales de 1941, lo que con propiedad llamamos la Segunda Guerra Mundial\u2019, escribe el historiador Adam Tooze. \u00bfEs esto lo que queremos en las actuales circunstancias, muy diferentes?<\/span><\/p>\n<p id=\"m1110-57-1111\" class=\"pb-article-item-iteration\" style=\"text-align: justify;\"><span style=\"font-size: 14pt;\">Si lo es, como parece, por lo menos reflexionemos en lo que implica. Es lo bastante importante para repetirlo.<\/span><\/p>\n<p id=\"m1115-58-1116\" class=\"pb-article-item-iteration\" style=\"text-align: justify;\"><span style=\"font-size: 14pt;\">Implica que<b>\u00a0rechazamos de entrada las iniciativas diplom\u00e1ticas\u00a0<\/b>que en realidad pusieron fin a la invasi\u00f3n rusa de Afganist\u00e1n, pese a los esfuerzos estadunidenses por impedirlo. Por tanto, nos embarcamos en un experimento para ver si la integraci\u00f3n de Ucrania en la OTAN, la derrota total de Rusia en Ucrania y otros movimientos posteriores para \u00abdebilitar a Rusia\u00bb ser\u00e1n observados de manera pasiva por los l\u00edderes rusos, o si recurrir\u00e1n a medios de violencia que sin duda poseen para devastar a Ucrania y poner el escenario para una posible guerra general. Entre tanto, al extender el conflicto en vez de tratar de ponerle fin, imponemos severos costos a los ucranianos, empujamos a millones de personas a morir de hambre, lanzamos al planeta ardiente a\u00fan con m\u00e1s rapidez hacia la sexta extinci\u00f3n en masa, y \u2013si tenemos suerte\u2013 escapamos a la guerra terminal.<\/span><\/p>\n<p id=\"m1120-59-1121\" class=\"pb-article-item-iteration\" style=\"text-align: justify;\"><span style=\"font-size: 14pt;\">No hay problema, nos dicen el gobierno y la clase pol\u00edtica. El experimento no conlleva riesgo porque sin duda los l\u00edderes rusos aceptar\u00e1n todo esto con ecuanimidad, y pasar\u00e1n sin chistar al cenicero de la historia. En cuanto al \u2018da\u00f1o colateral\u2019, pueden unirse a las filas de los &#8216;musulmanes agitados&#8217; de Brzezinski. Para tomar prestada la frase que Madeleine Albright hizo famosa:\u00a0<b>\u00abEs una elecci\u00f3n dif\u00edcil, pero el precio\u2026 pensamos que el precio vale la pena\u00bb.<\/b>\u00a0Por lo menos, tengamos la honestidad de reconocer lo que hacemos, con ojos abiertos.<\/span><\/p>\n<p>&nbsp;<\/p>\n<div id=\"m1125-60-1126\" class=\"video-container\">\n<div id=\"m1129-1128-1130\" class=\"module video youtube thumb-youtube col-12 col-md-12 col-lg-12\"><iframe loading=\"lazy\" src=\"https:\/\/www.youtube.com\/embed\/n2tTFqRtVkA\" width=\"630\" height=\"363\" frameborder=\"0\" allowfullscreen=\"allowfullscreen\" data-src=\"https:\/\/www.youtube.com\/embed\/n2tTFqRtVkA\" data-mce-fragment=\"1\"><\/iframe><\/div>\n<\/div>\n<p>&nbsp;<\/p>\n<p id=\"m1136-61-1137\" class=\"question\" style=\"text-align: justify;\"><strong><span style=\"font-size: 14pt;\">Las emisiones globales se elevaron a un nivel sin precedente en 2021, de modo que el mundo regres\u00f3 a un enfoque de normalidad una vez que lo peor de la pandemia de la covid-19 se aquiet\u00f3\u2026 por ahora. \u00bfQu\u00e9 tan arraigada est\u00e1 la conducta humana? \u00bfSomos capaces de tener deberes morales hacia la gente del futuro?<\/span><\/strong><\/p>\n<p id=\"m1141-62-1142\" class=\"pb-article-item-iteration\" style=\"text-align: justify;\"><span style=\"font-size: 14pt;\">Es una pregunta profunda, la m\u00e1s importante que podemos contemplar. La respuesta es desconocida. Podr\u00eda ser \u00fatil reflexionar en ella en un contexto m\u00e1s amplio.<\/span><\/p>\n<p id=\"m1146-63-1147\" class=\"pb-article-item-iteration\" style=\"text-align: justify;\"><span style=\"font-size: 14pt;\">Consideremos la famosa\u00a0<b>paradoja de Enrico Fermi:<\/b>\u00a0<b>en palabras simples, \u00bfd\u00f3nde est\u00e1n?\u00a0<\/b>Fermi, distinguido astrof\u00edsico, sab\u00eda que hab\u00eda un enorme n\u00famero de planetas a distancia de un contacto potencial que re\u00fanen las condiciones para sostener la vida y una inteligencia superior. Pero ni con la b\u00fasqueda m\u00e1s asidua podemos encontrar rastros de su existencia. Entonces, \u00bfd\u00f3nde est\u00e1n?<\/span><\/p>\n<p style=\"text-align: justify;\"><span style=\"font-size: 14pt;\">\u00abLa inteligencia superior se ha desarrollado en innumerables ocasiones, pero ha resultado ser letal\u00bb<\/span><\/p>\n<p id=\"m1156-65-1157\" class=\"pb-article-item-iteration\" style=\"text-align: justify;\"><span style=\"font-size: 14pt;\">Una respuesta que se ha propuesto con seriedad, y que no puede desecharse, es que la inteligencia superior se ha desarrollado en innumerables ocasiones, pero ha resultado ser letal:\u00a0<b>descubri\u00f3 los medios para la auto aniquilaci\u00f3n, pero no desarroll\u00f3 la capacidad moral para evitarla<\/b>. Tal vez \u00e9se es incluso un rasgo inherente a lo que llamamos &#8216;inteligencia superior&#8217;.<\/span><\/p>\n<p id=\"m1161-66-1162\" class=\"pb-article-item-iteration\" style=\"text-align: justify;\"><span style=\"font-size: 14pt;\">Ahora estamos comprometidos en un experimento para determinar si este sombr\u00edo principio se sostiene con respecto a los humanos modernos, llegados a la Tierra en fecha bastante reciente, hace unos 2.000 o 3.000 a\u00f1os, un parpadeo en el tiempo evolutivo. No queda mucho tiempo para encontrar la respuesta o, con m\u00e1s precisi\u00f3n, para decidir la respuesta, como lo haremos, de una forma u otra. Eso es inevitable. O actuaremos para mostrar que nuestra capacidad moral llega al punto de controlar nuestra capacidad t\u00e9cnica de destruir, o no.<\/span><\/p>\n<p id=\"m1166-67-1167\" class=\"pb-article-item-iteration\" style=\"text-align: justify;\"><span style=\"font-size: 14pt;\">Un observador extraterrestre, si lo hubiera, habr\u00eda concluido por desgracia que la franja es demasiado inmensa para evitar el suicidio de la especie, y con \u00e9l, la sexta extinci\u00f3n en masa. Pero podr\u00eda estar equivocado. Esa decisi\u00f3n est\u00e1 en nuestras manos.<\/span><\/p>\n<p id=\"m1171-68-1172\" class=\"pb-article-item-iteration\" style=\"text-align: justify;\"><span style=\"font-size: 14pt;\">Existe una forma aproximada de medir la franja entre la capacidad de destruir y la capacidad de contener el deseo de morir: el Reloj del D\u00eda del Juicio del Bolet\u00edn de Cient\u00edficos At\u00f3micos. La distancia de las manecillas a la medianoche se puede considerar una indicaci\u00f3n de esa franja.\u00a0<b>En 1953, cuando Estados Unidos y la Uni\u00f3n Sovi\u00e9tica hicieron estallar armas termodin\u00e1micas, el minutero se fij\u00f3 en dos minutos para la medianoche, que es donde el reloj est\u00e1 ahora.<\/b>\u00a0No volvi\u00f3 a llegar a ese punto hasta el periodo de Donald Trump en la presidencia. En su \u00faltimo a\u00f1o, los analistas abandonaron los minutos y pasaron a los segundos: 100 segundos para la medianoche, donde el reloj est\u00e1 ahora. El pr\u00f3ximo enero volver\u00e1n a fijar la hora. No es dif\u00edcil argumentar que el segundero se adelantar\u00e1 m\u00e1s hacia la medianoche.<\/span><\/p>\n<p>&nbsp;<\/p>\n<blockquote>\n<p style=\"text-align: center;\"><span style=\"color: #008000;\"><strong><span style=\"font-size: 14pt;\">\u00abLa inteligencia humana se acercaba a la capacidad de destruirlo todo\u00bb<\/span><\/strong><\/span><\/p>\n<\/blockquote>\n<p style=\"text-align: justify;\">\u00a0<\/p>\n<p id=\"m1181-70-1182\" class=\"pb-article-item-iteration\" style=\"text-align: justify;\"><span style=\"font-size: 14pt;\">La sombr\u00eda pregunta surgi\u00f3 con brillante claridad el 6 de agosto de 1945. Ese d\u00eda aport\u00f3 dos lecciones: la primera fue que la inteligencia humana, en su gloria, se acercaba a la capacidad de destruirlo todo, logro que se alcanz\u00f3 en 1953; y dos,\u00a0<b>la capacidad moral humana iba muy rezagada.<\/b>\u00a0A pocos les importaba eso, como las personas de mi edad recordar\u00e1n muy bien. Al observar el pavoroso experimento en el que con tanto entusiasmo estamos metidos ahora, y lo que implica, es dif\u00edcil ver alguna mejor\u00eda, por decirlo en t\u00e9rminos escuetos.<\/span><\/p>\n<p id=\"m1186-71-1187\" class=\"pb-article-item-iteration\" style=\"text-align: justify;\"><span style=\"font-size: 14pt;\">Eso no responde la pregunta. Conocemos muy poco para responderla. S\u00f3lo podemos observar de cerca el \u00fanico caso de inteligencia superior que conocemos, e inquirir lo que sugiere con respecto a la respuesta.<\/span><\/p>\n<p>&nbsp;<\/p>\n<blockquote>\n<p style=\"text-align: center;\"><strong><span style=\"color: #008000; font-size: 14pt;\">\u00abPodemos actuar para decidir la respuesta\u00bb<\/span><\/strong><\/p>\n<\/blockquote>\n<p>&nbsp;<\/p>\n<p id=\"m1196-73-1197\" class=\"pb-article-item-iteration\" style=\"text-align: justify;\"><span style=\"font-size: 14pt;\">Lo que es m\u00e1s importante: podemos actuar para decidir la respuesta. Est\u00e1 en nuestro poder lograr la respuesta que queremos, pero no hay tiempo que perder.<\/span><\/p>\n<p>&nbsp;<\/p>\n<p><img loading=\"lazy\" decoding=\"async\" class=\"aligncenter wp-image-2248707\" src=\"https:\/\/puntocritico.com\/ausajpuntocritico\/wp-content\/uploads\/2022\/05\/Chomsky-Ucrania.jpg\" alt=\"\" width=\"480\" height=\"319\" data-id=\"2248707\" srcset=\"https:\/\/puntocritico.com\/ausajpuntocritico\/wp-content\/uploads\/2022\/05\/Chomsky-Ucrania.jpg 680w, https:\/\/puntocritico.com\/ausajpuntocritico\/wp-content\/uploads\/2022\/05\/Chomsky-Ucrania-300x199.jpg 300w, https:\/\/puntocritico.com\/ausajpuntocritico\/wp-content\/uploads\/2022\/05\/Chomsky-Ucrania-610x405.jpg 610w, https:\/\/puntocritico.com\/ausajpuntocritico\/wp-content\/uploads\/2022\/05\/Chomsky-Ucrania-678x452.jpg 678w\" sizes=\"auto, (max-width: 480px) 100vw, 480px\" \/><\/p>\n<p style=\"text-align: center;\"><span style=\"font-size: 18pt;\"><strong><span style=\"color: #008000;\">*******<\/span><\/strong><\/span><\/p>\n<h2 class=\"section__title\" style=\"text-align: center;\"><span style=\"font-size: 24pt;\">De la terapia del \u2018shock\u2019 a la guerra financiera<\/span><\/h2>\n<p class=\"section__body\" style=\"text-align: center;\"><span style=\"font-size: 18pt;\"><em><strong>Las privatizaciones mafiosas de los noventa en Rusia, dise\u00f1adas por los gur\u00fas de la Universidad de Harvard, explican por qu\u00e9 una parte importante de la poblaci\u00f3n rusa a\u00fan apoya a Vlad\u00edmir Putin<\/strong><\/em><\/span><\/p>\n<p class=\"autor\" style=\"text-align: justify;\"><span style=\"font-size: 14pt;\">Por Andy Robinson<\/span><\/p>\n<p class=\"autor\" style=\"text-align: justify;\"><span style=\"font-size: 14pt;\"><a href=\"https:\/\/ctxt.es\/es\/20220401\/Firmas\/39406\/rusia-privatizaciones-default-vladimir-putin-terapia-del-shock.htm\" target=\"_blank\" rel=\"noopener\">CTXT<\/a>, <span class=\"fecha\">19\/04\/2022<\/span><\/span><\/p>\n<figure id=\"attachment_2248783\" aria-describedby=\"caption-attachment-2248783\" style=\"width: 678px\" class=\"wp-caption aligncenter\"><img loading=\"lazy\" decoding=\"async\" class=\"wp-image-2248783 size-mh-magazine-content\" src=\"https:\/\/puntocritico.com\/ausajpuntocritico\/wp-content\/uploads\/2022\/05\/PUTIN-YELTSIN-678x381.jpeg\" alt=\"RUSIA Y LA DOCTRINA DEL SHOCK\" width=\"678\" height=\"381\" data-id=\"2248783\" \/><figcaption id=\"caption-attachment-2248783\" class=\"wp-caption-text\"><span style=\"color: #008000;\">Vlad\u00edmir Putin toma juramento como presidente de la Federaci\u00f3n Rusa en el a\u00f1o 2000. Al fondo, su predecesor, Boris Yeltsin.<\/span><\/figcaption><\/figure>\n<p style=\"text-align: justify;\">\u00a0<\/p>\n<p class=\"p1\" style=\"text-align: justify;\"><span style=\"font-size: 14pt;\"><em>La Vanguardia<\/em>\u00a0public\u00f3 el 18 de abril\u00a0<a href=\"https:\/\/www.lavanguardia.com\/economia\/20220418\/8203598\/default-deuda-rusia-moratoria-guerra-impacto-economia.html\" target=\"_blank\" rel=\"noopener\">una comparaci\u00f3n breve de dos suspensiones de pagos sobre la deuda rusa<\/a>. La primera en 1998, que se produjo tras un periodo desastroso de desregulaci\u00f3n, endeudamiento y privatizaciones corruptas durante los Gobiernos de Boris Yeltsin, provoc\u00f3 p\u00e1nico en los mercados financieros globales. La otra, que est\u00e1 a punto de producirse, lejos de preocupar a los inversores occidentales, cuenta con su benepl\u00e1cito al ser provocada expresamente por Washington como parte de la guerra financiera contra Vlad\u00edmir Putin.<\/span><\/p>\n<div class=\"pb-ads robapaginas\" style=\"text-align: justify;\">\n<div class=\"content\">\n<div id=\"sc-mpu1m\"><span style=\"font-size: 14pt;\">La megamoratoria rusa de 1998 sobre 61.000 millones de d\u00f3lares de deuda \u2013el 17% del PIB ruso\u2013 desencaden\u00f3 una ola expansiva destructiva que alcanz\u00f3 a Brasil y a otros pa\u00edses en desarrollo ese mismo a\u00f1o \u2013forzando un rescate del FMI\u2013 y estremeci\u00f3 s\u00edsmicamente a Wall Street. El da\u00f1o colateral m\u00e1s importante para el sistema financiero del <\/span><em style=\"font-size: 14pt;\">default<\/em><span style=\"font-size: 14pt;\">\u00a0fue el megafondo de cobertura Long Term Capital Management, que suspendi\u00f3 pagos sobre derivados por un valor superior a un bill\u00f3n de d\u00f3lares y tuvo que ser rescatado por un consorcio de bancos.<\/span><\/div>\n<div>\u00a0<\/div>\n<\/div>\n<\/div>\n<blockquote>\n<p class=\"p1\" style=\"text-align: center;\"><span style=\"color: #008000;\"><strong><span style=\"font-size: 14pt;\">Si Chicago hab\u00eda proporcionado las teor\u00edas para justificar las privatizaciones corruptas de Pinochet en Chile, Harvard era la elegida para dise\u00f1ar la privatizaci\u00f3n de la econom\u00eda sovi\u00e9tica<\/span><\/strong><\/span><\/p>\n<\/blockquote>\n<p>&nbsp;<\/p>\n<p class=\"p1\" style=\"text-align: justify;\"><span style=\"font-size: 14pt;\">Entonces, los bancos y fondos de inversi\u00f3n occidentales estaban altamente expuestos al riesgo de\u00a0<em>default<\/em>. Como explica con brillante humor negro\u00a0<a href=\"https:\/\/taibbi.substack.com\/p\/putin-the-apostate?token=eyJ1c2VyX2lkIjo4NTU0ODE0LCJfIjoiMVpiWEwiLCJpYXQiOjE2NTAyODI4OTcsImV4cCI6MTY1MDI4NjQ5NywiaXNzIjoicHViLTEwNDIiLCJzdWIiOiJwb3N0LXJlYWN0aW9uIn0.8ki27x-vic3oPp9RaVq_SdC7GyoU0K86KAemShaXSUQ&amp;s=r\" target=\"_blank\" rel=\"noopener\">Matt Taibbi en este articulo<\/a>, los titanes de Wall Street hab\u00edan realizado billonarias apuestas por la privatizaci\u00f3n y la desregulaci\u00f3n financiera dise\u00f1adas por los gur\u00fas econ\u00f3micos del entonces presidente Boris Yeltsin. Los m\u00e1s importantes de estos eran Anatoly Chub\u00e1is \u2013ahora consejero de JP Morgan\u2013 y Yegor Gaidar, ambos ultraliberales formados en Occidente. <strong>Rusia se convirti\u00f3 en el laboratorio del neoliberalismo del\u00a0<em>shock<\/em><\/strong>.<\/span><\/p>\n<p>&nbsp;<\/p>\n<div class=\"pb-ads robapaginas\" style=\"text-align: justify;\">\n<div class=\"content\">\n<blockquote>\n<div id=\"sc-mpu2m\" style=\"text-align: center;\"><span style=\"color: #008000;\"><strong><span style=\"font-size: 14pt;\">\u201c<em>Las privatizaciones de la industria sovi\u00e9tica fueron gestionadas con el asesoramiento de economistas estadounidenses (&#8230;) a g\u00e1ngsters mafiosos y a asesinos como Boris Berezovsky se les regalaron participaciones mayoritarias en empresas como Aeroflot<\/em>\u201d, recuerda Taibbi.<\/span><\/strong><\/span><\/div>\n<\/blockquote>\n<\/div>\n<\/div>\n<div class=\"pb-ads megabanner\" style=\"text-align: justify;\">\n<div class=\"content\">\n<div>\u00a0<\/div>\n<div id=\"sc-superbanner-bottom\"><span style=\"font-size: 14pt;\">Si Chicago hab\u00eda proporcionado las teor\u00edas para justificar las privatizaciones corruptas de Pinochet en Chile, Harvard, la universidad de asesores de Clinton, como Larry Summers, era la elegida para dise\u00f1ar la privatizaci\u00f3n de la econom\u00eda sovi\u00e9tica. Summers fich\u00f3 a Jeff Sachs (<em>ahora arrepentido y cr\u00edtico ac\u00e9rrimo a la terapia del <\/em><\/span><em style=\"font-size: 14pt;\">shock<\/em><span style=\"font-size: 14pt;\"><em>\u00a0y a las estrategias de occidente en Rusia y en el Sur global<\/em>) para asesorar a los Harvard Boys en Mosc\u00fa. Andr\u00e9i Schleifer, nacido en Rusia y formado en Boston, y Jonathan Hay, de la Escuela de Derecho de Harvard, ambos doctorados por Harvard, ayudaron a dise\u00f1ar la estrategia de shock para el GKI, el comit\u00e9 de privatizaci\u00f3n del Gobierno de Boris Yeltsin.<\/span><\/div>\n<\/div>\n<\/div>\n<div>\u00a0<\/div>\n<div>\u00a0<\/div>\n<blockquote>\n<div style=\"text-align: center;\"><strong><span style=\"font-size: 14pt; color: #008000;\">Si Chicago hab\u00eda proporcionado las teor\u00edas para justificar las privatizaciones corruptas de Pinochet en Chile, Harvard, la universidad de asesores de Clinton, como Larry Summers, era la elegida para dise\u00f1ar la privatizaci\u00f3n de la econom\u00eda sovi\u00e9tica<\/span><\/strong><\/div>\n<\/blockquote>\n<div>\u00a0<\/div>\n<p class=\"p1\" style=\"text-align: justify;\"><span style=\"font-size: 14pt;\">Pocos a\u00f1os despu\u00e9s, estos dos \u00faltimos fueron acusados de utilizar informaci\u00f3n privilegiada durante las privatizaciones para facilitar una serie de pelotazos del fondo de cobertura de la mujer de Schleifer, Nancy Zimmerman. Pagaron 256 millones de d\u00f3lares para frenar la investigaci\u00f3n.<\/span><\/p>\n<div class=\"pb-ads robapaginas\" style=\"text-align: justify;\">\n<div class=\"content\">\n<div id=\"sc-mpu3m\"><span style=\"font-size: 14pt;\"><strong>El FMI apost\u00f3 fuerte tambi\u00e9n por el capitalismo del <em>shock<\/em>\u00a0en Rusia<\/strong>. Bajo la direcci\u00f3n de Michel Camdessus, excolaborador de Mitterrand, cat\u00f3lico de la escuela de solidaridad convertido en evang\u00e9lico de la desregulaci\u00f3n y admirador del nexo Wall Street-Washington clintoniano, extendi\u00f3 la mano a Yeltsin. <strong>Las presiones del FMI de Camdessus en favor de abrir las cuentas de capitales hab\u00edan contribuido a inflar burbujas y provocar la crisis asi\u00e1tica del a\u00f1o anterior, que el FMI luego agrav\u00f3 con recetas de austeridad<\/strong>.<\/span><\/div>\n<div>\u00a0<\/div>\n<\/div>\n<\/div>\n<blockquote>\n<p class=\"p1\" style=\"text-align: center;\"><strong><span style=\"font-size: 14pt; color: #008000;\">Durante la desestatizaci\u00f3n de los 90, la pobreza en Rusia subi\u00f3 del 2% al 40% de la poblaci\u00f3n<\/span><\/strong><\/p>\n<\/blockquote>\n<p style=\"text-align: justify;\">\u00a0<\/p>\n<p class=\"p1\" style=\"text-align: justify;\"><span style=\"font-size: 14pt;\">Para <strong>Rusia, que abri\u00f3 su econom\u00eda de par en par para que la banca internacional tuviera acceso a la gran subasta de activos p\u00fablicos<\/strong>, facilit\u00f3 cr\u00e9ditos por 16.000 millones de d\u00f3lares entre 1991 y 1998, un apoyo clave a la venta a precio de saldo de las grandes empresas estatales a un pu\u00f1ado de oligarcas. <strong>Durante este periodo de desestatizaci\u00f3n, la pobreza en Rusia subi\u00f3 del 2% al 40% de la poblaci\u00f3n<\/strong>.<\/span><\/p>\n<p class=\"p1\" style=\"text-align: justify;\"><span style=\"font-size: 14pt;\">Cuando Yeltsin pidi\u00f3 una nueva l\u00ednea de cr\u00e9dito en 1998 para asegurar acreedores asustados por la crisis en Asia, el FMI se neg\u00f3. Tras la suspensi\u00f3n de pagos, Yeltsin fue sustituido en la presidencia por Putin, que gan\u00f3 las elecciones presidenciales de 1999. Los gobiernos occidentales aplaudieron la llegada al poder de un \u201c<em>l\u00edder fuerte<\/em>\u201d en comparaci\u00f3n con el et\u00edlico Yeltsin. <strong>Tanto Bill Clinton como Tony Blair elogiaron al exl\u00edder de la KGB<\/strong>.<\/span><\/p>\n<p class=\"p1\" style=\"text-align: justify;\"><span style=\"font-size: 14pt;\">Un art\u00edculo en la revista dominical del\u00a0<em>New York Times<\/em>\u00a0en 1999 retrat\u00f3 al nuevo presidente como \u201cuna versi\u00f3n humanitaria de Pedro el Grande, el gobernante que abrir\u00e1 el pa\u00eds a la influencia del mundo, una Rusia m\u00e1s dulce y m\u00e1s din\u00e1mica que nunca\u201d. Chrystia Freeland, la actual ministra canadiense de Econom\u00eda, escribi\u00f3 entonces en sus cr\u00f3nicas period\u00edsticas que \u201c<em>estamos a punto de enamorarnos de Rusia (con Putin) otra vez<\/em>\u201d.<\/span><\/p>\n<p class=\"p1\" style=\"text-align: justify;\"><span style=\"font-size: 14pt;\">Taibbi resume parafraseando la consigna de la pol\u00edtica exterior a la hora de apoyar a dictadores.\u201c<em>Pensamos que Putin era nuestro bastardo; pero se ha convertido en su propio bastardo<\/em>\u201d.<\/span><\/p>\n<div>\u00a0<\/div>\n<div>\u00a0<\/div>\n<div>\n<figure id=\"attachment_2248861\" aria-describedby=\"caption-attachment-2248861\" style=\"width: 480px\" class=\"wp-caption aligncenter\"><img loading=\"lazy\" decoding=\"async\" class=\"wp-image-2248861\" src=\"https:\/\/puntocritico.com\/ausajpuntocritico\/wp-content\/uploads\/2022\/05\/Boris-Yeltsin-el-Presidente-alcoholico-Ruso.jpg\" alt=\"\" width=\"480\" height=\"270\" data-id=\"2248861\" srcset=\"https:\/\/puntocritico.com\/ausajpuntocritico\/wp-content\/uploads\/2022\/05\/Boris-Yeltsin-el-Presidente-alcoholico-Ruso.jpg 1200w, https:\/\/puntocritico.com\/ausajpuntocritico\/wp-content\/uploads\/2022\/05\/Boris-Yeltsin-el-Presidente-alcoholico-Ruso-300x169.jpg 300w, https:\/\/puntocritico.com\/ausajpuntocritico\/wp-content\/uploads\/2022\/05\/Boris-Yeltsin-el-Presidente-alcoholico-Ruso-1024x576.jpg 1024w, https:\/\/puntocritico.com\/ausajpuntocritico\/wp-content\/uploads\/2022\/05\/Boris-Yeltsin-el-Presidente-alcoholico-Ruso-768x432.jpg 768w, https:\/\/puntocritico.com\/ausajpuntocritico\/wp-content\/uploads\/2022\/05\/Boris-Yeltsin-el-Presidente-alcoholico-Ruso-610x343.jpg 610w, https:\/\/puntocritico.com\/ausajpuntocritico\/wp-content\/uploads\/2022\/05\/Boris-Yeltsin-el-Presidente-alcoholico-Ruso-678x381.jpg 678w\" sizes=\"auto, (max-width: 480px) 100vw, 480px\" \/><figcaption id=\"caption-attachment-2248861\" class=\"wp-caption-text\"><span style=\"color: #008000;\">Boris Yeltsin, el Presidente alcoh\u00f3lico Ruso, al servicio del NWO<\/span><\/figcaption><\/figure>\n<\/div>\n<div>\u00a0<\/div>\n<p class=\"p1\" style=\"text-align: justify;\"><span style=\"font-size: 14pt;\">Veintitr\u00e9s a\u00f1os despu\u00e9s, ante otra inminente suspensi\u00f3n rusa de pagos, los grandes bancos occidentales se sienten protegidos. Han ido retirando sus cr\u00e9ditos de Rusia en los \u00faltimos a\u00f1os. El FMI \u2013que comienza su asamblea semestral esta semana en Washington\u2013 ya no tiene programas de cr\u00e9ditos en Mosc\u00fa. Por eso, Biden puede permitirse dar instrucciones a los bancos en Wall Street para que estos no procesen los pr\u00f3ximos reembolsos de la deuda rusa. Y Moody\u2019s puede rechazar categ\u00f3ricamente que Rusia pague su deuda en rublos.<\/span><\/p>\n<p class=\"p1\" style=\"text-align: justify;\"><span style=\"font-size: 14pt;\">Merece la pena reflexionar sobre estos dos\u00a0<em>defaults<\/em>. Porque es l\u00f3gico pensar que la terapia del\u00a0<em>shock<\/em>\u00a0y las privatizaciones mafiosas de los noventa en Rusia, dise\u00f1adas por los gur\u00fas de la Universidad de Harvard, explican por qu\u00e9 una parte importante de la poblaci\u00f3n rusa a\u00fan apoya a Vlad\u00edmir Putin. <strong>Tal vez explica tambi\u00e9n por qu\u00e9 gran parte del Sur global \u2013no solo los 31 pa\u00edses que no han condenado la invasi\u00f3n y que albergan m\u00e1s de la mitad de la poblaci\u00f3n del mundo\u2013 no se suma a los nobles y apasionados llamamientos de los l\u00edderes occidentales a que se construya un frente unido mundial contra Putin<\/strong>.<\/span><\/p>\n<p>&nbsp;<\/p>\n<blockquote>\n<p class=\"p1\" style=\"text-align: center;\"><strong><span style=\"font-size: 14pt; color: #008000;\">Tras el colapso de 1998, gran parte del electorado ruso ya identificaba la democracia liberal con un saqueo de bienes p\u00fablicos sin precedentes<\/span><\/strong><\/p>\n<\/blockquote>\n<p>&nbsp;<\/p>\n<p class=\"p1\" style=\"text-align: justify;\"><span style=\"font-size: 14pt;\">Tras el colapso de 1998, el da\u00f1o a la credibilidad de la democracia rusa ya era un hecho consumado. Gran parte del electorado ya identificaba la democracia liberal con un saqueo de bienes p\u00fablicos sin precedentes en la historia. Desde las crisis en Asia y Rusia de 1997-98 se ha ido generando una unidad antioccidental en el Sur global, centrada en sustituir al d\u00f3lar como divisa reserva.<\/span><\/p>\n<p class=\"p1\" style=\"text-align: justify;\"><span style=\"font-size: 14pt;\">China que, como Isabelle Weber destaca en su nuevo libro\u00a0<em>How China avoided shock therapy,<\/em>\u00a0eligi\u00f3 un camino diferente al capitalismo de\u00a0<em>shock<\/em>; es un referente mucho m\u00e1s relevante ya para los grandes pa\u00edses en desarrollo que Estados Unidos. Muchos pa\u00edses del Sur global contemplan con preocupaci\u00f3n la\u00a0<em>weaponization\u00a0<\/em>\u2013conversi\u00f3n en arma militar\u2013 del d\u00f3lar hegem\u00f3nico tras verse forzados a invertir sus reservas de divisas \u2013necesarias como blindaje para evitar una crisis como la de 1997-98\u2013 en d\u00f3lares.<\/span><\/p>\n<p>&nbsp;<\/p>\n<blockquote>\n<p style=\"text-align: center;\"><strong><span style=\"font-size: 14pt; color: #008000;\">poco ha cambiado en el \u00e1mbito econ\u00f3mico de Occidente desde aquellos a\u00f1os en los que llegaron a Mosc\u00fa los JP Morgan y los Goldman Sachs, los Citigroup y los Long Term Capital Management, para dise\u00f1ar el gran saqueo del Estado sovi\u00e9tico<\/span><\/strong><\/p>\n<\/blockquote>\n<p>&nbsp;<\/p>\n<p class=\"p1\" style=\"text-align: justify;\"><span style=\"font-size: 14pt;\">Es comprensible. A fin de cuentas, poco ha cambiado en el \u00e1mbito econ\u00f3mico de Occidente desde aquellos a\u00f1os en los que llegaron a Mosc\u00fa los JP Morgan y los Goldman Sachs, los Citigroup y los Long Term Capital Management, para <img loading=\"lazy\" decoding=\"async\" class=\"size-full wp-image-2248860 alignleft\" src=\"https:\/\/puntocritico.com\/ausajpuntocritico\/wp-content\/uploads\/2022\/05\/200px-Boristhegreat.jpg\" alt=\"\" width=\"200\" height=\"150\" data-id=\"2248860\" srcset=\"https:\/\/puntocritico.com\/ausajpuntocritico\/wp-content\/uploads\/2022\/05\/200px-Boristhegreat.jpg 200w, https:\/\/puntocritico.com\/ausajpuntocritico\/wp-content\/uploads\/2022\/05\/200px-Boristhegreat-80x60.jpg 80w\" sizes=\"auto, (max-width: 200px) 100vw, 200px\" \/>dise\u00f1ar el gran saqueo del Estado sovi\u00e9tico.<\/span><\/p>\n<div class=\"pb-ads robapaginas\" style=\"text-align: justify;\">\n<div class=\"content\">\n<div id=\"sc-mpu5m\"><span style=\"font-size: 14pt;\">Entonces, el gobierno de facto en un mundo unipolar tras la ca\u00edda de la URSS era lo que Jagdash Bhagwati, el gran economista indio, calific\u00f3 como el nexo Washington-Wall Street personificado por Robert Rubin, el secretario del Tesoro de Bill Clinton, y expresidente de Goldman Sachs, con su brazo derecho, Summers, el economista m\u00e1s brillante de Harvard. Los dem\u00f3cratas de Clinton contaban con el apoyo de los bancos de inversi\u00f3n y siempre devolv\u00edan el f<\/span><span style=\"font-size: 14pt;\">avor aunque hicieran falta acciones militares para abrir las econom\u00edas de los pa\u00edses reticentes al capital internacional.<\/span><\/div>\n<\/div>\n<\/div>\n<p>&nbsp;<\/p>\n<p><img loading=\"lazy\" decoding=\"async\" class=\"aligncenter wp-image-2248785\" src=\"https:\/\/puntocritico.com\/ausajpuntocritico\/wp-content\/uploads\/2022\/05\/Yeltsin-y-Clinton.jpg\" alt=\"\" width=\"480\" height=\"332\" data-id=\"2248785\" srcset=\"https:\/\/puntocritico.com\/ausajpuntocritico\/wp-content\/uploads\/2022\/05\/Yeltsin-y-Clinton.jpg 640w, https:\/\/puntocritico.com\/ausajpuntocritico\/wp-content\/uploads\/2022\/05\/Yeltsin-y-Clinton-300x207.jpg 300w, https:\/\/puntocritico.com\/ausajpuntocritico\/wp-content\/uploads\/2022\/05\/Yeltsin-y-Clinton-610x421.jpg 610w\" sizes=\"auto, (max-width: 480px) 100vw, 480px\" \/><\/p>\n<p>&nbsp;<\/p>\n<p class=\"p1\" style=\"text-align: justify;\"><span style=\"font-size: 14pt;\"><em>Plus \u00e7a change plus c&#8217;est la m\u00eame chose<\/em>\u00a0en los tiempos de Biden y de la guerra de 2022. <strong>El dise\u00f1ador de las sanciones financieras contra Rusia es Wally Ademeyer, vicesecretario del Tesoro y exgestor del <a href=\"https:\/\/es.wikipedia.org\/wiki\/BlackRock\" target=\"_blank\" rel=\"noopener\" data-schema-attribute=\"\">fondo BlackRock<\/a><\/strong>.\u00a0<\/span><\/p>\n<p>&nbsp;<\/p>\n<blockquote>\n<p style=\"text-align: center;\"><strong><span style=\"font-size: 14pt; color: #008000;\">El dise\u00f1ador de las sanciones financieras contra Rusia es Wally Ademeyer, vicesecretario del Tesoro y exgestor del fondo BlackRock<\/span><\/strong><\/p>\n<\/blockquote>\n<p>&nbsp;<\/p>\n<p class=\"p1\" style=\"text-align: justify;\"><span style=\"font-size: 14pt;\">\u00bfCu\u00e1les ser\u00e1n las consecuencias de las sanciones y del\u00a0<em>default<\/em>\u00a0ruso? Tal vez no habr\u00e1 da\u00f1os colaterales en Wall Street. Pero la econom\u00eda rusa puede caer por un precipicio, una ca\u00edda del PIB del 15% este a\u00f1o, seg\u00fan el Instituto Internacional de Finanzas en Washington. Putin aguantar\u00e1 seguramente, como suele ocurrir con las sanciones. Pero habr\u00e1 un impacto catastr\u00f3fico sobre el bienestar de millones de rusos. Tal vez la pobreza volver\u00e1 al 40% de la poblaci\u00f3n rusa otra vez.<\/span><\/p>\n<p>&nbsp;<\/p>\n<blockquote>\n<p style=\"text-align: center;\"><strong><span style=\"font-size: 14pt; color: #008000;\">Andrew Cockburn hace la pregunta indicada en\u00a0<em>London Review of Books<\/em>: cuando llegue el hambre y los cortes de luz a los pobres: \u201c<em>\u00bfA qui\u00e9n echar\u00e1n la culpa estas poblaciones? \u00bfA Rusia o a Occidente?<\/em>\u201d<\/span><\/strong><\/p>\n<\/blockquote>\n<p>&nbsp;<\/p>\n<p class=\"p1\" style=\"text-align: justify;\"><span style=\"font-size: 14pt;\">Y en decenas de otras econom\u00edas en desarrollo del Sur global \u2013la mayor\u00eda contrarias a la pol\u00edtica de sanciones contra Rusia\u2013, las subidas de precios de alimentos y combustibles desatar\u00e1n m\u00e1s pobreza y otra ola de hambre. Pero, tal vez, m\u00e1s que Putin, ser\u00e1 el bloque occidental de EE.UU. y Europa \u2013tan seguro de su superioridad moral en un sinf\u00edn de editoriales\u2013 el que se a\u00edsle m\u00e1s del resto. Andrew Cockburn hace la pregunta indicada en\u00a0<a href=\"https:\/\/www.lrb.co.uk\/\" target=\"_blank\" rel=\"noopener\"><em>London Review of Books<\/em><\/a>: cuando llegue el hambre y los cortes de luz a los pobres: \u201c<em>\u00bfA qui\u00e9n echar\u00e1n la culpa estas poblaciones? \u00bfA Rusia o a Occidente?<\/em>\u201d.<\/span><\/p>\n<p>&nbsp;<\/p>\n<p><iframe loading=\"lazy\" title=\"Boris Yeltsin borracho\" width=\"500\" height=\"375\" src=\"https:\/\/www.youtube.com\/embed\/kjOGtVKZcA8?feature=oembed\" frameborder=\"0\" allow=\"accelerometer; autoplay; clipboard-write; encrypted-media; gyroscope; picture-in-picture; web-share\" referrerpolicy=\"strict-origin-when-cross-origin\" allowfullscreen><\/iframe><\/p>\n<p style=\"text-align: center;\"><span style=\"font-size: 18pt;\"><strong><span style=\"color: #008000;\">*******<\/span><\/strong><\/span><\/p>\n<h2><span style=\"font-size: 14pt;\"><strong>RELACIONADOS:<\/strong><\/span><\/h2>\n<blockquote class=\"wp-embedded-content\" data-secret=\"h6Sh6NuyB1\"><p><a href=\"https:\/\/puntocritico.com\/ausajpuntocritico\/2020\/09\/19\/memoria-del-saqueo-documental-de-pino-solanas\/\">MEMORIA DEL SAQUEO, documental de Pino Solanas<\/a><\/p><\/blockquote>\n<p><iframe loading=\"lazy\" class=\"wp-embedded-content\" sandbox=\"allow-scripts\" security=\"restricted\" style=\"position: absolute; clip: rect(1px, 1px, 1px, 1px);\" title=\"\u00abMEMORIA DEL SAQUEO, documental de Pino Solanas\u00bb \u2014 Punto Cr\u00edtico Derechos Humanos\" src=\"https:\/\/puntocritico.com\/ausajpuntocritico\/2020\/09\/19\/memoria-del-saqueo-documental-de-pino-solanas\/embed\/#?secret=HcEY7qFFE1#?secret=h6Sh6NuyB1\" data-secret=\"h6Sh6NuyB1\" width=\"500\" height=\"282\" frameborder=\"0\" marginwidth=\"0\" marginheight=\"0\" scrolling=\"no\"><\/iframe><\/p>\n<blockquote class=\"wp-embedded-content\" data-secret=\"e7TSpWQZnh\"><p><a href=\"https:\/\/puntocritico.com\/ausajpuntocritico\/2021\/09\/11\/20-anos-del-11-s\/\">20 A\u00d1OS DEL 11-S: NEW WORLD ORDER: SU IMPLANTACI\u00d3N ES AJENA AL PRINCIPIO DEMOCR\u00c1TICO, SE IMPONE POR MEDIO DE UNA CADENA DE \u00abSHOCKS\u00bb: Documentales \u00ab11-S: ZONA CERO\u00bb y \u00ab11S, Arquitectos e Ingenieros Por la Verdad\u00bb<\/a><\/p><\/blockquote>\n<p><iframe loading=\"lazy\" class=\"wp-embedded-content\" sandbox=\"allow-scripts\" security=\"restricted\" style=\"position: absolute; clip: rect(1px, 1px, 1px, 1px);\" title=\"\u00ab20 A\u00d1OS DEL 11-S: NEW WORLD ORDER: SU IMPLANTACI\u00d3N ES AJENA AL PRINCIPIO DEMOCR\u00c1TICO, SE IMPONE POR MEDIO DE UNA CADENA DE \u00abSHOCKS\u00bb: Documentales \u00ab11-S: ZONA CERO\u00bb y \u00ab11S, Arquitectos e Ingenieros Por la Verdad\u00bb\u00bb \u2014 Punto Cr\u00edtico Derechos Humanos\" src=\"https:\/\/puntocritico.com\/ausajpuntocritico\/2021\/09\/11\/20-anos-del-11-s\/embed\/#?secret=mry0RL7y12#?secret=e7TSpWQZnh\" data-secret=\"e7TSpWQZnh\" width=\"500\" height=\"282\" frameborder=\"0\" marginwidth=\"0\" marginheight=\"0\" scrolling=\"no\"><\/iframe><\/p>\n<blockquote class=\"wp-embedded-content\" data-secret=\"9U8IUwAtUz\"><p><a href=\"https:\/\/puntocritico.com\/ausajpuntocritico\/2020\/10\/03\/la-doctrina-del-shock-documental\/\">La doctrina del shock &#8211; Documental<\/a><\/p><\/blockquote>\n<p><iframe loading=\"lazy\" class=\"wp-embedded-content\" sandbox=\"allow-scripts\" security=\"restricted\" style=\"position: absolute; clip: rect(1px, 1px, 1px, 1px);\" title=\"\u00abLa doctrina del shock &#8211; Documental\u00bb \u2014 Punto Cr\u00edtico Derechos Humanos\" src=\"https:\/\/puntocritico.com\/ausajpuntocritico\/2020\/10\/03\/la-doctrina-del-shock-documental\/embed\/#?secret=O0nT1aeWC2#?secret=9U8IUwAtUz\" data-secret=\"9U8IUwAtUz\" width=\"500\" height=\"282\" frameborder=\"0\" marginwidth=\"0\" marginheight=\"0\" scrolling=\"no\"><\/iframe><\/p>\n<blockquote class=\"wp-embedded-content\" data-secret=\"L1mK5PmYg3\"><p><a href=\"https:\/\/puntocritico.com\/ausajpuntocritico\/2022\/05\/03\/el-plan-para-acabar-con-rusia-rand\/\">El plan para acabar con Rusia: El Informe de Rand Corporation<\/a><\/p><\/blockquote>\n<p><iframe loading=\"lazy\" class=\"wp-embedded-content\" sandbox=\"allow-scripts\" security=\"restricted\" style=\"position: absolute; clip: rect(1px, 1px, 1px, 1px);\" title=\"\u00abEl plan para acabar con Rusia: El Informe de Rand Corporation\u00bb \u2014 Punto Cr\u00edtico Derechos Humanos\" src=\"https:\/\/puntocritico.com\/ausajpuntocritico\/2022\/05\/03\/el-plan-para-acabar-con-rusia-rand\/embed\/#?secret=6n05C182Fy#?secret=L1mK5PmYg3\" data-secret=\"L1mK5PmYg3\" width=\"500\" height=\"282\" frameborder=\"0\" marginwidth=\"0\" marginheight=\"0\" scrolling=\"no\"><\/iframe><\/p>\n<blockquote class=\"wp-embedded-content\" data-secret=\"LaGjovzpyE\"><p><a href=\"https:\/\/puntocritico.com\/ausajpuntocritico\/2022\/01\/18\/psicosis-de-formacion-masiva\/\">PSICOSIS DE FORMACI\u00d3N MASIVA. COVID-19: \u00abComo los medios corporativos, generando ansiedad, han formado masas que les creen sin cuestionar\u00bb<\/a><\/p><\/blockquote>\n<p><iframe loading=\"lazy\" class=\"wp-embedded-content\" sandbox=\"allow-scripts\" security=\"restricted\" style=\"position: absolute; clip: rect(1px, 1px, 1px, 1px);\" title=\"\u00abPSICOSIS DE FORMACI\u00d3N MASIVA. COVID-19: \u00abComo los medios corporativos, generando ansiedad, han formado masas que les creen sin cuestionar\u00bb\u00bb \u2014 Punto Cr\u00edtico Derechos Humanos\" src=\"https:\/\/puntocritico.com\/ausajpuntocritico\/2022\/01\/18\/psicosis-de-formacion-masiva\/embed\/#?secret=9sT1Lve3yK#?secret=LaGjovzpyE\" data-secret=\"LaGjovzpyE\" width=\"500\" height=\"282\" frameborder=\"0\" marginwidth=\"0\" marginheight=\"0\" scrolling=\"no\"><\/iframe><\/p>\n<blockquote class=\"wp-embedded-content\" data-secret=\"5AwT6tzliU\"><p><a href=\"https:\/\/puntocritico.com\/ausajpuntocritico\/2021\/10\/30\/de-camisa-vieja-a-chaqueta-nueva\/\">EL \u00abR\u00c9GIMEN DEL 78\u00bb, LA MEGAM\u00c1QUINA DE ROBAR HEREDADA DEL FRANQUISMO. \u00abDESPU\u00c9S DE FRANCO, LAS INSTITUCIONES\u00bb: \u00abDe camisa vieja a chaqueta nueva\u00bb, Pel\u00edcula de Rafael Gil (1982).<\/a><\/p><\/blockquote>\n<p><iframe loading=\"lazy\" class=\"wp-embedded-content\" sandbox=\"allow-scripts\" security=\"restricted\" style=\"position: absolute; clip: rect(1px, 1px, 1px, 1px);\" title=\"\u00abEL \u00abR\u00c9GIMEN DEL 78\u00bb, LA MEGAM\u00c1QUINA DE ROBAR HEREDADA DEL FRANQUISMO. \u00abDESPU\u00c9S DE FRANCO, LAS INSTITUCIONES\u00bb: \u00abDe camisa vieja a chaqueta nueva\u00bb, Pel\u00edcula de Rafael Gil (1982).\u00bb \u2014 Punto Cr\u00edtico Derechos Humanos\" src=\"https:\/\/puntocritico.com\/ausajpuntocritico\/2021\/10\/30\/de-camisa-vieja-a-chaqueta-nueva\/embed\/#?secret=uAoyjDxukg#?secret=5AwT6tzliU\" data-secret=\"5AwT6tzliU\" width=\"500\" height=\"282\" frameborder=\"0\" marginwidth=\"0\" marginheight=\"0\" scrolling=\"no\"><\/iframe><\/p>\n<blockquote class=\"wp-embedded-content\" data-secret=\"6yGUhXR3eF\"><p><a href=\"https:\/\/puntocritico.com\/ausajpuntocritico\/2021\/04\/22\/corrupcion-judicial-el-iuez-si-iudga-tuerto-tolero-una-republica-corrompida-que-asegure-los-derechos-de-los-ciudadanos-pero-jamas-aceptare-una-dictadura-sin-ning\/\">CORRUPCI\u00d3N JUDICIAL: \u201dEL iuez si iudga Tuerto \u2026\u201c. \u201cM\u00e1s que la Independencia, me interesa la Imparcialidad\u00bb.<\/a><\/p><\/blockquote>\n<p><iframe loading=\"lazy\" class=\"wp-embedded-content\" sandbox=\"allow-scripts\" security=\"restricted\" style=\"position: absolute; clip: rect(1px, 1px, 1px, 1px);\" title=\"\u00abCORRUPCI\u00d3N JUDICIAL: \u201dEL iuez si iudga Tuerto \u2026\u201c. \u201cM\u00e1s que la Independencia, me interesa la Imparcialidad\u00bb.\u00bb \u2014 Punto Cr\u00edtico Derechos Humanos\" src=\"https:\/\/puntocritico.com\/ausajpuntocritico\/2021\/04\/22\/corrupcion-judicial-el-iuez-si-iudga-tuerto-tolero-una-republica-corrompida-que-asegure-los-derechos-de-los-ciudadanos-pero-jamas-aceptare-una-dictadura-sin-ning\/embed\/#?secret=S57GURsnF3#?secret=6yGUhXR3eF\" data-secret=\"6yGUhXR3eF\" width=\"500\" height=\"282\" frameborder=\"0\" marginwidth=\"0\" marginheight=\"0\" scrolling=\"no\"><\/iframe><\/p>\n<p>https:\/\/puntocritico.com\/ausajpuntocritico\/2018\/11\/06\/breve-historia-de-las-privatizaciones-en-espana-1985-1995-por-carlos-martin-urriza-republicado\/<\/p>\n<blockquote class=\"wp-embedded-content\" data-secret=\"zJbywIao16\"><p><a href=\"https:\/\/puntocritico.com\/ausajpuntocritico\/2018\/04\/05\/deficiencias-generalizadas-y-beneficios-ilimitados-el-neoliberalismo-de-rapina-espanol-escandaliza-en-la-u-e-tribunal-de-cuentas-europeo-informe-especial-no-09-2018-asociaciones-publico-privad\/\">\u00abDEFICIENCIAS GENERALIZADAS Y BENEFICIOS ILIMITADOS\u00bb. El Neoliberalismo de rapi\u00f1a espa\u00f1ol escandaliza en la U. E. (Tribunal de Cuentas Europeo: Informe Especial &#8211; asociaciones p\u00fablico-privadas)<\/a><\/p><\/blockquote>\n<p><iframe loading=\"lazy\" class=\"wp-embedded-content\" sandbox=\"allow-scripts\" security=\"restricted\" style=\"position: absolute; clip: rect(1px, 1px, 1px, 1px);\" title=\"\u00ab\u00abDEFICIENCIAS GENERALIZADAS Y BENEFICIOS ILIMITADOS\u00bb. El Neoliberalismo de rapi\u00f1a espa\u00f1ol escandaliza en la U. E. (Tribunal de Cuentas Europeo: Informe Especial &#8211; asociaciones p\u00fablico-privadas)\u00bb \u2014 Punto Cr\u00edtico Derechos Humanos\" src=\"https:\/\/puntocritico.com\/ausajpuntocritico\/2018\/04\/05\/deficiencias-generalizadas-y-beneficios-ilimitados-el-neoliberalismo-de-rapina-espanol-escandaliza-en-la-u-e-tribunal-de-cuentas-europeo-informe-especial-no-09-2018-asociaciones-publico-privad\/embed\/#?secret=gh4ewsnwQq#?secret=zJbywIao16\" data-secret=\"zJbywIao16\" width=\"500\" height=\"282\" frameborder=\"0\" marginwidth=\"0\" marginheight=\"0\" scrolling=\"no\"><\/iframe><\/p>\n<blockquote class=\"wp-embedded-content\" data-secret=\"dS34GkUefv\"><p><a href=\"https:\/\/puntocritico.com\/ausajpuntocritico\/2018\/01\/15\/la-revolucion-de-las-elites-de-la-privatizacion-de-los-servicios-publicos-a-la-desaparicion-del-estado\/\">La revoluci\u00f3n de las \u00e9lites: de la privatizaci\u00f3n de los servicios p\u00fablicos a la desaparici\u00f3n del Estado<\/a><\/p><\/blockquote>\n<p><iframe loading=\"lazy\" class=\"wp-embedded-content\" sandbox=\"allow-scripts\" security=\"restricted\" style=\"position: absolute; clip: rect(1px, 1px, 1px, 1px);\" title=\"\u00abLa revoluci\u00f3n de las \u00e9lites: de la privatizaci\u00f3n de los servicios p\u00fablicos a la desaparici\u00f3n del Estado\u00bb \u2014 Punto Cr\u00edtico Derechos Humanos\" src=\"https:\/\/puntocritico.com\/ausajpuntocritico\/2018\/01\/15\/la-revolucion-de-las-elites-de-la-privatizacion-de-los-servicios-publicos-a-la-desaparicion-del-estado\/embed\/#?secret=xOQEKjO8DA#?secret=dS34GkUefv\" data-secret=\"dS34GkUefv\" width=\"500\" height=\"282\" frameborder=\"0\" marginwidth=\"0\" marginheight=\"0\" scrolling=\"no\"><\/iframe><\/p>\n<blockquote class=\"wp-embedded-content\" data-secret=\"pE10k3kS8b\"><p><a href=\"https:\/\/puntocritico.com\/ausajpuntocritico\/2020\/11\/17\/%e2%80%8eglobalistas-vs-patriotas-la-nueva-distopia-elecciones-ee-uu-2020-%e2%80%8eabrid-los-ojos-%e2%80%8epor-thierry-meyssan-oceania-nunca-ha-estado-en-guerra-con-euroasia\/\">GLOBALISTAS VS PATRIOTAS, LA NUEVA DISTOP\u00cdA; Elecciones EE.UU. 2020: \u200e\u00ab\u00a1Abrid los ojos!\u00bb, \u200epor Thierry Meyssan. \u00abOcean\u00eda nunca ha estado en guerra con Eurasia\u00bb<\/a><\/p><\/blockquote>\n<p><iframe loading=\"lazy\" class=\"wp-embedded-content\" sandbox=\"allow-scripts\" security=\"restricted\" style=\"position: absolute; clip: rect(1px, 1px, 1px, 1px);\" title=\"\u00abGLOBALISTAS VS PATRIOTAS, LA NUEVA DISTOP\u00cdA; Elecciones EE.UU. 2020: \u200e\u00ab\u00a1Abrid los ojos!\u00bb, \u200epor Thierry Meyssan. \u00abOcean\u00eda nunca ha estado en guerra con Eurasia\u00bb\u00bb \u2014 Punto Cr\u00edtico Derechos Humanos\" src=\"https:\/\/puntocritico.com\/ausajpuntocritico\/2020\/11\/17\/%e2%80%8eglobalistas-vs-patriotas-la-nueva-distopia-elecciones-ee-uu-2020-%e2%80%8eabrid-los-ojos-%e2%80%8epor-thierry-meyssan-oceania-nunca-ha-estado-en-guerra-con-euroasia\/embed\/#?secret=BLElDfvnbE#?secret=pE10k3kS8b\" data-secret=\"pE10k3kS8b\" width=\"500\" height=\"282\" frameborder=\"0\" marginwidth=\"0\" marginheight=\"0\" scrolling=\"no\"><\/iframe><\/p>\n<blockquote class=\"wp-embedded-content\" data-secret=\"R070TE9vJS\"><p><a href=\"https:\/\/puntocritico.com\/ausajpuntocritico\/2020\/11\/15\/armas-silenciosas-para-guerras-tranquilas-literatura-conspiranoica-el-ensayo-ficcion-como-genero-literario-republicado\/\">ARMAS SILENCIOSAS PARA GUERRAS TRANQUILAS: LITERATURA CONSPIRANOICA; EL ENSAYO FICCI\u00d3N COMO G\u00c9NERO LITERARIO<\/a><\/p><\/blockquote>\n<p><iframe loading=\"lazy\" class=\"wp-embedded-content\" sandbox=\"allow-scripts\" security=\"restricted\" style=\"position: absolute; clip: rect(1px, 1px, 1px, 1px);\" title=\"\u00abARMAS SILENCIOSAS PARA GUERRAS TRANQUILAS: LITERATURA CONSPIRANOICA; EL ENSAYO FICCI\u00d3N COMO G\u00c9NERO LITERARIO\u00bb \u2014 Punto Cr\u00edtico Derechos Humanos\" src=\"https:\/\/puntocritico.com\/ausajpuntocritico\/2020\/11\/15\/armas-silenciosas-para-guerras-tranquilas-literatura-conspiranoica-el-ensayo-ficcion-como-genero-literario-republicado\/embed\/#?secret=2cKnF57LAx#?secret=R070TE9vJS\" data-secret=\"R070TE9vJS\" width=\"500\" height=\"282\" frameborder=\"0\" marginwidth=\"0\" marginheight=\"0\" scrolling=\"no\"><\/iframe><\/p>\n<blockquote class=\"wp-embedded-content\" data-secret=\"xgJOObF0x4\"><p><a href=\"https:\/\/puntocritico.com\/ausajpuntocritico\/2022\/02\/03\/geoingenieria-derecho-manipulacion-climatica-mediante-tecnicas-de-geoingenieria-y-objetivo-13-del-desarrollo-sostenible-la-accion-por-el-clima-por-maria-mendez-rocasolano-depart\/\">GEOINGENIER\u00cdA: \u201cDerecho, Manipulaci\u00f3n clim\u00e1tica mediante t\u00e9cnicas de geoingenier\u00eda y Objetivo 13 del desarrollo sostenible, la acci\u00f3n por el clima\u201d, por Mar\u00eda M\u00e9ndez Rocasolano (Departamento de Medio Ambiente \u2013 UCAM)<\/a><\/p><\/blockquote>\n<p><iframe loading=\"lazy\" class=\"wp-embedded-content\" sandbox=\"allow-scripts\" security=\"restricted\" style=\"position: absolute; clip: rect(1px, 1px, 1px, 1px);\" title=\"\u00abGEOINGENIER\u00cdA: \u201cDerecho, Manipulaci\u00f3n clim\u00e1tica mediante t\u00e9cnicas de geoingenier\u00eda y Objetivo 13 del desarrollo sostenible, la acci\u00f3n por el clima\u201d, por Mar\u00eda M\u00e9ndez Rocasolano (Departamento de Medio Ambiente \u2013 UCAM)\u00bb \u2014 Punto Cr\u00edtico Derechos Humanos\" src=\"https:\/\/puntocritico.com\/ausajpuntocritico\/2022\/02\/03\/geoingenieria-derecho-manipulacion-climatica-mediante-tecnicas-de-geoingenieria-y-objetivo-13-del-desarrollo-sostenible-la-accion-por-el-clima-por-maria-mendez-rocasolano-depart\/embed\/#?secret=wjhv4lCOhz#?secret=xgJOObF0x4\" data-secret=\"xgJOObF0x4\" width=\"500\" height=\"282\" frameborder=\"0\" marginwidth=\"0\" marginheight=\"0\" scrolling=\"no\"><\/iframe><\/p>\n<blockquote class=\"wp-embedded-content\" data-secret=\"3tOLEy2zAC\"><p><a href=\"https:\/\/puntocritico.com\/ausajpuntocritico\/2020\/11\/07\/rebelion-en-la-granja-pelicula-completa-y-los-dos-minutos-de-odio\/\">\u00abREBELI\u00d3N EN LA GRANJA\u00bb (Pel\u00edcula completa) y \u00abLos dos minutos de odio\u00bb (Orwell)<\/a><\/p><\/blockquote>\n<p><iframe loading=\"lazy\" class=\"wp-embedded-content\" sandbox=\"allow-scripts\" security=\"restricted\" style=\"position: absolute; clip: rect(1px, 1px, 1px, 1px);\" title=\"\u00ab\u00abREBELI\u00d3N EN LA GRANJA\u00bb (Pel\u00edcula completa) y \u00abLos dos minutos de odio\u00bb (Orwell)\u00bb \u2014 Punto Cr\u00edtico Derechos Humanos\" src=\"https:\/\/puntocritico.com\/ausajpuntocritico\/2020\/11\/07\/rebelion-en-la-granja-pelicula-completa-y-los-dos-minutos-de-odio\/embed\/#?secret=X5xryPNxjd#?secret=3tOLEy2zAC\" data-secret=\"3tOLEy2zAC\" width=\"500\" height=\"282\" frameborder=\"0\" marginwidth=\"0\" marginheight=\"0\" scrolling=\"no\"><\/iframe><\/p>\n<p>&nbsp;<\/p>\n<p>&nbsp;<\/p>\n<p><a href=\"https:\/\/puntocritico.com\/ausajpuntocritico\/author\/punto-critico\/\"><img loading=\"lazy\" decoding=\"async\" class=\"aligncenter wp-image-9528\" src=\"https:\/\/puntocritico.com\/ausajpuntocritico\/wp-content\/uploads\/2018\/03\/Mosca_Punto_Cr\u00edtico_40.png\" alt=\"\" width=\"80\" height=\"80\" data-id=\"9528\" \/><\/a><\/p>\n<p>&nbsp;<\/p>\n","protected":false},"excerpt":{"rendered":"<div class=\"mh-excerpt\"><p>RUSIA Y LA DOCTRINA DEL SHOCK LA SITUACI\u00d3N MILITAR EN UCRANIA Por Jacques Baud Centre Fran\u00e7ais de Recherche sur le Renseignement &nbsp; PRIMERA PARTE: EN EL CAMINO A LA GUERRA Durante a\u00f1os, desde Mal\u00ed hasta <a class=\"mh-excerpt-more\" href=\"https:\/\/puntocritico.com\/ausajpuntocritico\/2022\/05\/23\/rusia-y-la-doctrina-del-shock\/\" title=\"NOAM CHOMSKY: \u00abEEUU no quiere una salida diplom\u00e1tica (en Ucrania)\u00bb. RUSIA Y LA DOCTRINA DEL SHOCK (privatizaciones corruptas de los 90&#8242;, dise\u00f1adas en la Universidad de Harvard)\">[&#8230;]<\/a><\/p>\n<\/div>","protected":false},"author":3,"featured_media":2248874,"comment_status":"open","ping_status":"closed","sticky":false,"template":"","format":"standard","meta":{"_acf_changed":false,"_exactmetrics_skip_tracking":false,"_exactmetrics_sitenote_active":false,"_exactmetrics_sitenote_note":"","_exactmetrics_sitenote_category":0,"footnotes":""},"categories":[7,12],"tags":[39],"class_list":{"0":"post-2248635","1":"post","2":"type-post","3":"status-publish","4":"format-standard","5":"has-post-thumbnail","7":"category-politica","8":"category-corrupcion","9":"tag-ucrania"},"acf":[],"_links":{"self":[{"href":"https:\/\/puntocritico.com\/ausajpuntocritico\/wp-json\/wp\/v2\/posts\/2248635","targetHints":{"allow":["GET"]}}],"collection":[{"href":"https:\/\/puntocritico.com\/ausajpuntocritico\/wp-json\/wp\/v2\/posts"}],"about":[{"href":"https:\/\/puntocritico.com\/ausajpuntocritico\/wp-json\/wp\/v2\/types\/post"}],"author":[{"embeddable":true,"href":"https:\/\/puntocritico.com\/ausajpuntocritico\/wp-json\/wp\/v2\/users\/3"}],"replies":[{"embeddable":true,"href":"https:\/\/puntocritico.com\/ausajpuntocritico\/wp-json\/wp\/v2\/comments?post=2248635"}],"version-history":[{"count":0,"href":"https:\/\/puntocritico.com\/ausajpuntocritico\/wp-json\/wp\/v2\/posts\/2248635\/revisions"}],"wp:featuredmedia":[{"embeddable":true,"href":"https:\/\/puntocritico.com\/ausajpuntocritico\/wp-json\/wp\/v2\/media\/2248874"}],"wp:attachment":[{"href":"https:\/\/puntocritico.com\/ausajpuntocritico\/wp-json\/wp\/v2\/media?parent=2248635"}],"wp:term":[{"taxonomy":"category","embeddable":true,"href":"https:\/\/puntocritico.com\/ausajpuntocritico\/wp-json\/wp\/v2\/categories?post=2248635"},{"taxonomy":"post_tag","embeddable":true,"href":"https:\/\/puntocritico.com\/ausajpuntocritico\/wp-json\/wp\/v2\/tags?post=2248635"}],"curies":[{"name":"wp","href":"https:\/\/api.w.org\/{rel}","templated":true}]}}