{"id":2248202,"date":"2022-05-17T00:05:49","date_gmt":"2022-05-16T22:05:49","guid":{"rendered":"https:\/\/puntocritico.com\/ausajpuntocritico\/?p=2248202"},"modified":"2022-05-17T18:46:32","modified_gmt":"2022-05-17T16:46:32","slug":"la-izquierda-reaccionaria-la-deriva-reaccionaria-de-la-izquierda-por-felix-ovejero","status":"publish","type":"post","link":"https:\/\/puntocritico.com\/ausajpuntocritico\/2022\/05\/17\/la-izquierda-reaccionaria-la-deriva-reaccionaria-de-la-izquierda-por-felix-ovejero\/","title":{"rendered":"LA IZQUIERDA REACCIONARIA: \u00abLa deriva reaccionaria de la izquierda\u00bb, por F\u00e9lix Ovejero."},"content":{"rendered":"<p><span style=\"font-size: 12pt;\"><\/span><\/p>\n<blockquote>\n<h2 class=\"a_t\" style=\"text-align: center;\"><span style=\"font-size: 24pt;\"><strong>Razones<\/strong><\/span><\/h2>\n<p class=\"a_st\" style=\"text-align: center;\"><strong><em><span style=\"font-size: 14pt;\">En poco m\u00e1s de cien p\u00e1ginas, Ovejero desmonta la osamenta motivacional del separatismo (cualquiera que sea) y se demuestra que es incompatible con una versi\u00f3n s\u00f3lida de la democracia<\/span><\/em><\/strong><\/p>\n<p style=\"text-align: justify;\"><span style=\"font-size: 14pt;\">Por Fernando Sabater<\/span><\/p>\n<p style=\"text-align: justify;\"><span style=\"font-size: 14pt;\"><a href=\"https:\/\/elpais.com\/opinion\/2021-05-22\/razones.html\" target=\"_blank\" rel=\"noopener\">El Pa\u00eds<\/a>, 22 MAYO 2021<\/span><\/p>\n<figure id=\"attachment_2223315\" aria-describedby=\"caption-attachment-2223315\" style=\"width: 480px\" class=\"wp-caption aligncenter\"><img loading=\"lazy\" decoding=\"async\" class=\"wp-image-2223315\" src=\"https:\/\/puntocritico.com\/ausajpuntocritico\/wp-content\/uploads\/2021\/08\/filosofia-moderna-sociedad-liquida-PPAL.jpg\" alt=\"\" width=\"480\" height=\"319\" data-id=\"2223315\" srcset=\"https:\/\/puntocritico.com\/ausajpuntocritico\/wp-content\/uploads\/2021\/08\/filosofia-moderna-sociedad-liquida-PPAL.jpg 680w, https:\/\/puntocritico.com\/ausajpuntocritico\/wp-content\/uploads\/2021\/08\/filosofia-moderna-sociedad-liquida-PPAL-300x199.jpg 300w, https:\/\/puntocritico.com\/ausajpuntocritico\/wp-content\/uploads\/2021\/08\/filosofia-moderna-sociedad-liquida-PPAL-610x405.jpg 610w, https:\/\/puntocritico.com\/ausajpuntocritico\/wp-content\/uploads\/2021\/08\/filosofia-moderna-sociedad-liquida-PPAL-678x452.jpg 678w\" sizes=\"auto, (max-width: 480px) 100vw, 480px\" \/><figcaption id=\"caption-attachment-2223315\" class=\"wp-caption-text\"><span style=\"color: #008000;\">\u00abNi\u00f1o geopol\u00edtico observando el nacimiento del hombre nuevo\u00bb (Salvador Dal\u00ed)<\/span><\/figcaption><\/figure>\n<p>&nbsp;<\/p>\n<p class=\"\" style=\"text-align: justify;\"><span style=\"font-size: 14pt;\">Todos queremos tener raz\u00f3n (posible definici\u00f3n de fascista: el que me lleva la contraria) pero pocos nos molestamos en buscar razones. \u00bfPara qu\u00e9? La man\u00eda de argumentar debilita la evidencia arrebatadora de nuestra causa: se empieza discutiendo el porqu\u00e9, el c\u00f3mo y el cu\u00e1ndo, y se acaba convencido por el otro o sea traidor. Por eso la lectura de\u00a0<i>Secesionismo y democracia<\/i>\u00a0(ed. P\u00e1gina Ind\u00f3mita), el libro cristalino y contundente de<a href=\"https:\/\/elpais.com\/noticias\/felix-ovejero\/\" target=\"_blank\" rel=\"noopener\" data-link-track-dtm=\"\">\u00a0F\u00e9lix Ovejero<\/a>, es un t\u00f3nico para nuestro raciocinio pero al final nos deja un punto desolado. En poco m\u00e1s de cien p\u00e1ginas bien documentadas se desmonta la osamenta motivacional del separatismo (cualquiera que sea) y se demuestra que es incompatible con una versi\u00f3n s\u00f3lida de la democracia. Pero \u00bfde qu\u00e9 sirve tanta clarividencia? \u00bfAcaso alguien que ha adoptado un dogma por sus tripas y no por su cerebro renunciar\u00e1 a \u00e9l cuando se le den razones convincentes? Ni las quiere ni las espera. Y sobre todo no piensa enredarse en un debate fatigoso adem\u00e1s de comprometedor. Usted es un fascista y yo un dem\u00f3crata de bien: punto pelota. Y si no al rev\u00e9s pero, mire, me da lo mismo porque la raz\u00f3n tambi\u00e9n la tengo yo&#8230;<\/span><\/p>\n<p class=\"\" style=\"text-align: justify;\"><span style=\"font-size: 14pt;\">Ovejero, a quien considero el mejor pensador pol\u00edtico de nuestro pa\u00eds, no se detiene en las\u00a0<a href=\"https:\/\/elpais.com\/espana\/catalunya\/2021-05-20\/pere-aragones-se-somete-a-la-investidura-como-presidente-de-la-generalitat-con-dudas-sobre-la-cohesion-del-govern.html\" target=\"_blank\" rel=\"noopener\" data-link-track-dtm=\"\">circunstancias particulares del separatismo catal\u00e1n<\/a>, vasco o cualquier otro. Tampoco entra en lamentos sobre los perjuicios econ\u00f3micos que producir\u00eda la secesi\u00f3n ni lloriquea sobre el desgarro sentimental: \u201c\u00a1con lo que queremos a los catalanes! O \u00bfqu\u00e9 ser\u00e1 de nosotros sin los vascos?\u201d. Trata el caso como si fuese racismo o sexismo, es decir: unos ciudadanos que se atribuyen el poder de limitar los derechos de otros en nombre de caracter\u00edsticas biol\u00f3gicas, culturales o territoriales. Sin subterfugios ni florituras&#8230;<\/span><\/p>\n<p>&nbsp;<\/p>\n<figure id=\"attachment_2248526\" aria-describedby=\"caption-attachment-2248526\" style=\"width: 220px\" class=\"wp-caption aligncenter\"><img loading=\"lazy\" decoding=\"async\" class=\"wp-image-2248526\" src=\"https:\/\/puntocritico.com\/ausajpuntocritico\/wp-content\/uploads\/2022\/05\/1200px-Piero_della_Francesca_046-209x300.jpg\" alt=\"\" width=\"220\" height=\"315\" data-id=\"2248526\" srcset=\"https:\/\/puntocritico.com\/ausajpuntocritico\/wp-content\/uploads\/2022\/05\/1200px-Piero_della_Francesca_046-209x300.jpg 209w, https:\/\/puntocritico.com\/ausajpuntocritico\/wp-content\/uploads\/2022\/05\/1200px-Piero_della_Francesca_046-714x1024.jpg 714w, https:\/\/puntocritico.com\/ausajpuntocritico\/wp-content\/uploads\/2022\/05\/1200px-Piero_della_Francesca_046-768x1101.jpg 768w, https:\/\/puntocritico.com\/ausajpuntocritico\/wp-content\/uploads\/2022\/05\/1200px-Piero_della_Francesca_046-1072x1536.jpg 1072w, https:\/\/puntocritico.com\/ausajpuntocritico\/wp-content\/uploads\/2022\/05\/1200px-Piero_della_Francesca_046-610x874.jpg 610w, https:\/\/puntocritico.com\/ausajpuntocritico\/wp-content\/uploads\/2022\/05\/1200px-Piero_della_Francesca_046.jpg 1200w\" sizes=\"auto, (max-width: 220px) 100vw, 220px\" \/><figcaption id=\"caption-attachment-2248526\" class=\"wp-caption-text\"><span style=\"color: #008000;\">Sacra Conversaci\u00f3n (Piero della Francesca)<\/span><\/figcaption><\/figure><\/blockquote>\n<blockquote>\n<p style=\"text-align: center;\"><span style=\"color: #008000;\"><strong><span style=\"font-size: 18pt;\">*******<\/span><\/strong><\/span><\/p>\n<p class=\"content__summary-title\" style=\"text-align: center;\"><span style=\"font-size: 18pt;\"><strong>\u00abSecenionismo y democracia\u00bb, de F\u00e9lix Ovejero, mejor ensayo nacional 2021<\/strong><\/span><\/p>\n<p style=\"text-align: center;\"><strong><span style=\"font-size: 14pt;\">F\u00e9lix Ovejero (P\u00e1gina Ind\u00f3mita)<\/span><\/strong><\/p>\n<p id=\"paragraph_3\" style=\"text-align: center;\" data-mrf-recirculation=\"links-parrafos\"><span style=\"font-size: 14pt;\">Dedicado a analizar el secesionismo, \u00absus sinrazones\u00bb y su \u00abimposible\u00bb compatibilidad con la democracia,\u00a0<a href=\"https:\/\/www.elespanol.com\/el-cultural\/20140929\/felix-ovejero-demasiados-academicos-buscan-calor-tribu\/13499005_0.html\" target=\"_blank\" rel=\"noopener\">F\u00e9lix Ovejero<\/a>\u00a0desmonta en este pol\u00e9mico ensayo las diversas justificaciones que abogan por la desmembraci\u00f3n del Estado. Y lo hace, seg\u00fan los cr\u00edticos de El Cultural, con rigor,\u00a0<strong>conocimiento y amenidad<\/strong>, aunque se mueva en el terreno de los asuntos normativos y de la filosof\u00eda pol\u00edtica, a partir de una tesis que sustenta todo el libro: \u00absi la democracia y la igualdad nos importan, no hay secesi\u00f3n justificada; si hay secesi\u00f3n, se acaba con la buena democracia y se socava la igualdad\u00bb. Y para demostrarlo, desmonta implacable, una a una, las distintas teor\u00edas en que se amparan los separatistas.<\/span><\/p>\n<p style=\"text-align: right;\" data-mrf-recirculation=\"links-parrafos\"><span style=\"font-size: 14pt;\"><a href=\"https:\/\/www.elespanol.com\/el-cultural\/letras\/ensayo\/20211227\/secesionismo-democracia-felix-ovejero-mejor-ensayo-nacional\/637936622_0.html\" target=\"_blank\" rel=\"noopener\">El Espa\u00f1ol<\/a>, 27 DIC 2021<\/span><\/p>\n<p style=\"text-align: center;\"><span style=\"color: #008000; font-size: 14pt;\"><strong>\u00ab<em>El miedo a la verdad conduce al autoenga\u00f1o<\/em>\u00ab<\/strong><\/span><br \/>\n<span style=\"color: #008000; font-size: 14pt;\">Ernst Toller<\/span><\/p>\n<figure id=\"attachment_23035\" aria-describedby=\"caption-attachment-23035\" style=\"width: 440px\" class=\"wp-caption aligncenter\"><img loading=\"lazy\" decoding=\"async\" class=\"wp-image-23035\" src=\"https:\/\/puntocritico.com\/ausajpuntocritico\/wp-content\/uploads\/2019\/10\/Catalu\u00f1a-empresonat-retocada-un-poco-300x300.jpg\" alt=\"\" width=\"440\" height=\"440\" data-id=\"23035\" srcset=\"https:\/\/puntocritico.com\/ausajpuntocritico\/wp-content\/uploads\/2019\/10\/Catalu\u00f1a-empresonat-retocada-un-poco-300x300.jpg 300w, https:\/\/puntocritico.com\/ausajpuntocritico\/wp-content\/uploads\/2019\/10\/Catalu\u00f1a-empresonat-retocada-un-poco-150x150.jpg 150w, https:\/\/puntocritico.com\/ausajpuntocritico\/wp-content\/uploads\/2019\/10\/Catalu\u00f1a-empresonat-retocada-un-poco-768x768.jpg 768w, https:\/\/puntocritico.com\/ausajpuntocritico\/wp-content\/uploads\/2019\/10\/Catalu\u00f1a-empresonat-retocada-un-poco.jpg 960w\" sizes=\"auto, (max-width: 440px) 100vw, 440px\" \/><figcaption id=\"caption-attachment-23035\" class=\"wp-caption-text\"><span style=\"color: #008000;\">Quien es indiferente a los hechos, vive en una realidad imaginaria. Pero que, de hecho, aparece como realidad a sus ojos, reforzada por el \u00absesgo cognitivo\u00bb, propio de la naturaleza humana, aunque invisible e incontrolable para un <a style=\"color: #008000;\" href=\"https:\/\/puntocritico.com\/ausajpuntocritico\/2020\/07\/27\/psicopatas-en-el-poder-2\/\">Ego \u00abOce\u00e1nico\u00bb<\/a>, que todo lo quiere abarcar, que quiere construir la realidad de todos desde su propia imaginaci\u00f3n.\u00a0<\/span><\/figcaption><\/figure><\/blockquote>\n<p style=\"text-align: center;\"><span style=\"color: #008000;\"><strong><span style=\"font-size: 18pt;\">*******<\/span><\/strong><\/span><\/p>\n<blockquote>\n<p><span style=\"font-size: 14pt; color: #008000;\">LA IZQUIERDA REACCIONARIA<\/span><\/p>\n<h2 style=\"text-align: center;\"><strong><span style=\"font-family: georgia, palatino, serif; font-size: 24pt;\">Entrevista a F\u00e9lix Ovejero: \u00abApartad vuestras sucias manos de la izquierda\u00bb<\/span><\/strong><\/h2>\n<p class=\"landscapePhotoRight__subTitle\" style=\"text-align: center;\"><strong><span style=\"font-size: 18pt;\"><em>Fil\u00f3sofo, economista y referencia intelectual de la izquierda antinacionalista espa\u00f1ola, el pensador catal\u00e1n publica un libro apasionante y desolador: &#8216;La deriva reaccionaria de la izquierda&#8217;<\/em><\/span><\/strong><\/p>\n<p style=\"text-align: justify;\"><span style=\"font-size: 14pt;\"><a href=\"https:\/\/www.elconfidencial.com\/cultura\/2018-10-31\/felix-ovejero-deriva-reaccionaria-izquierda-entrevista_1638066\/\" target=\"_blank\" rel=\"noopener\">EL CONFIDENCIAL<\/a><\/span><\/p>\n<div class=\"articleHeaderBar innerArticle__bar\">\n<div class=\"articleHeaderBar__sectionDate\">\n<div class=\"authorSignature\" style=\"text-align: justify;\"><span style=\"font-size: 14pt;\">Por Daniel Arjona, <time datetime=\"2018-11-01T21:30:04+01:00\"><span class=\"dateTime__created\">2018<\/span><\/time><\/span><\/div>\n<div>\u00a0<\/div>\n<\/div>\n<div>\n<figure id=\"attachment_2233448\" aria-describedby=\"caption-attachment-2233448\" style=\"width: 600px\" class=\"wp-caption aligncenter\"><img loading=\"lazy\" decoding=\"async\" class=\"wp-image-2233448 size-full\" src=\"https:\/\/puntocritico.com\/ausajpuntocritico\/wp-content\/uploads\/2021\/11\/Felix-Ovejero-1.jpg\" alt=\"LA IZQUIERDA REACCIONARIA\" width=\"600\" height=\"450\" data-id=\"2233448\" srcset=\"https:\/\/puntocritico.com\/ausajpuntocritico\/wp-content\/uploads\/2021\/11\/Felix-Ovejero-1.jpg 600w, https:\/\/puntocritico.com\/ausajpuntocritico\/wp-content\/uploads\/2021\/11\/Felix-Ovejero-1-300x225.jpg 300w, https:\/\/puntocritico.com\/ausajpuntocritico\/wp-content\/uploads\/2021\/11\/Felix-Ovejero-1-326x245.jpg 326w, https:\/\/puntocritico.com\/ausajpuntocritico\/wp-content\/uploads\/2021\/11\/Felix-Ovejero-1-80x60.jpg 80w\" sizes=\"auto, (max-width: 600px) 100vw, 600px\" \/><figcaption id=\"caption-attachment-2233448\" class=\"wp-caption-text\"><span style=\"color: #008000;\">F\u00e9lix Ovejero. (Cristina Casanova)<\/span><\/figcaption><\/figure>\n<\/div>\n<\/div>\n<div class=\"newsType__content\" style=\"text-align: justify;\">\n<p>&nbsp;<\/p>\n<p style=\"text-align: justify;\"><span style=\"font-size: 14pt;\">Lamentaba\u00a0Stephen Hawking\u00a0en el pr\u00f3logo a &#8216;Historia del tiempo&#8217; no haber incluido all\u00ed notaci\u00f3n matem\u00e1tica pues, seg\u00fan la advertencia de un amigo, \u00abcada ecuaci\u00f3n\u00a0<strong>dividir\u00e1 las ventas del libro por dos<\/strong>\u00ab. Al final solo se atrevi\u00f3 a meter la c\u00e9lebre equivalencia de Einstein entre masa y energ\u00eda: E=mc2. El libro fue, pese a ello, un bombazo, as\u00ed que vamos a mostrarnos aqu\u00ed a\u00fan m\u00e1s osados al incorporar en este primer p\u00e1rrafo nada menos que una cita de Kant que recoge\u00a0<a href=\"https:\/\/es.wikipedia.org\/wiki\/F%C3%A9lix_Ovejero\" target=\"_blank\" rel=\"noopener\">F\u00e9lix Ovejero<\/a>\u00a0(Barcelona, 1957) en su \u00faltimo libro y sirve de ejemplar sinopsis de su t\u00edtulo,\u00a0<a href=\"https:\/\/afiliadoscasadellibro.uinterbox.com\/tracking\/clk?act=573&amp;gel=3245&amp;pub=1636&amp;org=205&amp;url=https:\/\/www.casadellibro.com\/libro-la-deriva-reaccionaria-de-la-izquierda\/9788494816741\/7688911\" target=\"_blank\" rel=\"nofollow noopener\">&#8216;La deriva reaccionaria de la izquierda&#8217;<\/a>\u00a0(P\u00e1gina Ind\u00f3mita, 2018). Y si despu\u00e9s no siguen leyendo&#8230; en fin,\u00a0<strong>ustedes se lo pierden<\/strong>. \u00abEl problema es el siguiente\u00bb, escribe el hombre del reloj en &#8216;<a href=\"https:\/\/puntocritico.com\/ausajpuntocritico\/2019\/01\/02\/la-paz-perpetua-por-inmanuel-kant\/\">La paz perpetua<\/a>&#8216;, \u00abhe aqu\u00ed una muchedumbre de seres racionales que desean, todos, leyes universales para su propia conservaci\u00f3n, aun cuando cada uno de ellos, en su interior, se incline por eludir la ley. Se trata de ordenar su vida en una constituci\u00f3n, de tal suerte que, aunque sus sentimientos \u00edntimos sean opuestos y hostiles unos a otros, queden contenidos, y que el resultado p\u00fablico de la conducta de esos seres sea exactamente el mismo que si no tuvieran malos instintos.\u00a0<strong>Ese problema ha de tener soluci\u00f3n<\/strong>\u00ab.<\/span><\/p>\n<p>&nbsp;<\/p>\n<p style=\"text-align: center;\"><strong><span style=\"color: #008000; font-size: 14pt;\">\u00abhe aqu\u00ed una muchedumbre de seres racionales que desean, todos, leyes universales para su propia conservaci\u00f3n, aun cuando cada uno de ellos, en su interior, se incline por eludir la ley. Se trata de ordenar su vida en una constituci\u00f3n, de tal suerte que, aunque sus sentimientos \u00edntimos sean opuestos y hostiles unos a otros, queden contenidos, y que el resultado p\u00fablico de la conducta de esos seres sea exactamente el mismo que si no tuvieran malos instintos.\u00a0Ese problema ha de tener soluci\u00f3n\u00bb (Kant)<\/span><\/strong><\/p>\n<p>&nbsp;<\/p>\n<\/div>\n<\/blockquote>\n<blockquote>\n<div class=\"newsType__content\" style=\"text-align: justify;\"><span style=\"font-size: 14pt;\">\u00a0\u00bfPor qu\u00e9 <strong>la mejor tradici\u00f3n de la izquierda<\/strong>, la que ensay\u00f3 con lucidez y energ\u00eda respuestas a la gran pregunta kantiana acerca de c\u00f3mo vivir juntos, se apaga hoy por toda Europa \u2014y m\u00e1s all\u00e1\u2014, fraccionada, dividida, reducida a un polvo emponzo\u00f1ado de esencias e identidades reaccionarias que ahoga la posibilidad de un proyecto de vida en com\u00fan digno de tal nombre? <strong>El profesor de Filosof\u00eda Pol\u00edtica de la Universidad de Barcelona F\u00e9lix Ovejero<\/strong> se ha enfrentado a\u00a0<strong>esta f\u00fanebre apor\u00eda<\/strong>\u00a0en los \u00faltimos a\u00f1os en art\u00edculos, opiniones y toda clase de textos publicados en las principales revistas y peri\u00f3dicos espa\u00f1oles. Y ahora ha reunido los mejores, los ha sopesado, reescrito, a\u00f1adido ulteriores consideraciones y reunido el resultado en un libro que presume de la que probablemente sea<strong>\u00a0la mejor portada\u00a0<\/strong>de la industria editorial patria este a\u00f1o.<\/span><\/p>\n<p>&nbsp;<\/p>\n<p><figure id=\"attachment_2233447\" aria-describedby=\"caption-attachment-2233447\" style=\"width: 440px\" class=\"wp-caption aligncenter\"><img loading=\"lazy\" decoding=\"async\" class=\"wp-image-2233447\" src=\"https:\/\/puntocritico.com\/ausajpuntocritico\/wp-content\/uploads\/2021\/11\/La-deriva-reaccionaria-de-la-izquierda.jpg\" alt=\" LA IZQUIERDA REACCIONARIA\" width=\"440\" height=\"586\" data-id=\"2233447\" srcset=\"https:\/\/puntocritico.com\/ausajpuntocritico\/wp-content\/uploads\/2021\/11\/La-deriva-reaccionaria-de-la-izquierda.jpg 568w, https:\/\/puntocritico.com\/ausajpuntocritico\/wp-content\/uploads\/2021\/11\/La-deriva-reaccionaria-de-la-izquierda-225x300.jpg 225w\" sizes=\"auto, (max-width: 440px) 100vw, 440px\" \/><figcaption id=\"caption-attachment-2233447\" class=\"wp-caption-text\"><span style=\"color: #008000;\">&#8216;La deriva reaccionaria de la izquierda&#8217;. (P\u00e1gina Ind\u00f3mita)<\/span><\/figcaption><\/figure>\n<\/div>\n<p>&nbsp;<\/p>\n<p style=\"text-align: justify;\"><span style=\"font-size: 14pt;\">Ovejero escribe de f\u00e1bula, piensa mejor y resulta extraordinariamente complicado estar en desacuerdo con \u00e9l\u00a0<strong>por mucho que uno se empe\u00f1e<\/strong>. Si en la primera parte del libro se ocupa de la biograf\u00eda y principios fundacionales del socialismo y en la segunda examina sus propuestas de actualizaci\u00f3n, en la tercera arremete contra la desastrosa carga de la Brigada Ligera de la izquierda posmoderna y reaccionaria, sus relaciones contra natura con el nacionalismo o la religi\u00f3n y su aterradora actualidad como disparador del auge de la extrema derecha. La cosa no tiene buena pinta, concluye: \u00abEntonces, cuando ya no queda nadie,\u00a0<strong>podemos esperar lo peor<\/strong>\u00ab.<\/span><\/p>\n<p style=\"text-align: justify;\"><span style=\"font-size: 14pt;\"><strong>PREGUNTA. Hay una cita sobrecogedora en las primeras p\u00e1ginas de tu libro en la que el comunista alem\u00e1n Eugene Levin\u00e9 explica al tribunal que acaba de condenarle a muerte que \u00abnosotros, los comunistas, somos cad\u00e1veres de permiso\u00bb. La cita te permite diferenciar entre esa izquierda que se tomaba las cosas en serio y la blanda y cobarde izquierda posmoderna. Y sin embargo, \u00bfno alivia poder tomarnos en serio cuestiones que no conducen necesariamente ante un pelot\u00f3n de fusilamiento?<\/strong><\/span><\/p>\n<p style=\"text-align: justify;\"><span style=\"font-size: 14pt;\">RESPUESTA. Una cosa es el infantilismo y otra el sentido del humor. El infantilismo quiere decir, en lo esencial, irresponsabilidad. Desvincula las palabras y los gestos de sus consecuencias. Es, en sentido estricto, como se ha observado en los j\u00f3venes, tener incompleto el desarrollo del l\u00f3bulo frontal, algo que conduce a comportamientos temerarios y autodestructivos. La frivolidad intelectual acostumbra a acompa\u00f1arse de gravedad en los gestos. Basta con pensar en los j\u00f3venes intelectuales (poetas, sobre todo) que fundaron Falange. El infantilismo pol\u00edtico, casi siempre, conduce a situaciones nada c\u00f3micas. Mira los independentistas, con ese aire de trascendencia que acompa\u00f1a a cada gesto, y, a la vez, qu\u00e9 bien encarna el infantilismo pol\u00edtico la irresponsabilidad de las asambleas universitarias&#8230;<\/span><\/p>\n<p>&nbsp;<\/p>\n<p class=\"bodyObject bodyBlockquote\" style=\"text-align: center;\"><strong><span style=\"font-size: 14pt; color: #008000;\">La frivolidad intelectual acostumbra acompa\u00f1arse de gravedad en los gestos<\/span><\/strong><\/p>\n<p>&nbsp;<\/p>\n<p style=\"text-align: justify;\"><span style=\"font-size: 14pt;\">Lo cont\u00f3 como nadie\u00a0Juan Mars\u00e9\u00a0en &#8216;\u00daltimas tardes con Teresa&#8217; cuando dice que \u201clos hombres que dicen servir a la verdadera causa cultural y democr\u00e1tica de este pa\u00eds son hombres que arrastran su adolescencia m\u00edtica hasta los cuarenta a\u00f1os\u201d. Piensa, por contraste, en Fernando Savater, que jam\u00e1s ha perdido el sentido del humor y que tan en serio se ha tomado sus decisiones c\u00edvicas, en el sentido de acompasar vida y pensamiento. Es la idea que resume Goethe en la cita con la que se abre el libro (\u201cObrar es f\u00e1cil, pensar es dif\u00edcil, pero obrar seg\u00fan se piensa es a\u00fan m\u00e1s dif\u00edcil\u201d) y, ahora que caigo, la que trat\u00e9 de desarrollar &#8216;in extenso&#8217; en una obra anterior, referida al quehacer intelectual, &#8216;El compromiso del creador&#8217;. Por cierto, la idea de tomarse en serio, entre otras cosas, requiere distanciarnos ir\u00f3nicamente de nosotros mismos para reconocer nuestros sesgos y prejuicios.<\/span><\/p>\n<p style=\"text-align: justify;\"><span style=\"font-size: 14pt;\"><strong>P. Cuando esbozas al principio del libro la paradoja de tus clases en la universidad de Chicago en la que un mont\u00f3n de progresistas blancos ejerc\u00edan de adalides de los negros protegidos por la polic\u00eda de esos mismos negros que malviv\u00edan en el barrio que rodeaba el campus&#8230; \u00bfdiagnosticas una enfermedad de la izquierda biempensante o algo peor, un modo de vida que alimenta un ego estrictamente ego\u00edsta?<\/strong><\/span><\/p>\n<p style=\"text-align: justify;\"><span style=\"font-size: 14pt;\">R. Me refiero a cierta izquierda acad\u00e9mica, la que menos tiene que ver con las investigaciones reales, que se lanza a una suerte de logorrea ajena al control emp\u00edrico o anal\u00edtico y que, con frecuencia, carece del m\u00e1s elemental af\u00e1n de verdad y hasta de todo principio de realidad. Raymond Aron lo dec\u00eda con mucha gracia: consideran m\u00e1s importante para la revoluci\u00f3n el \u00faltimo art\u00edculo de Sartre en &#8216;Les Temps Modernes&#8217; que una huelga general. &#8216;Mutatis mutandis&#8217;, le valdr\u00edan las palabras de Marx en &#8216;El Capital&#8217; a prop\u00f3sito de ciertos economistas: \u201cLos investigadores desinteresados fueron sustituidos por espadachines a sueldo y los estudios cient\u00edficos imparciales dejaron el puesto a la conciencia turbia y a las perversas intenciones de la apolog\u00e9tica\u201d.<\/span><\/p>\n<p>&nbsp;<\/p>\n<p class=\"bodyObject bodyBlockquote\" style=\"text-align: center;\"><strong><span style=\"font-size: 14pt; color: #008000;\">Cierta izquierda acad\u00e9mica se lanza a una logorrea ajena al control emp\u00edrico o anal\u00edtico y carece del m\u00e1s elemental af\u00e1n de verdad<\/span><\/strong><\/p>\n<p>&nbsp;<\/p>\n<p style=\"text-align: justify;\"><span style=\"font-size: 14pt;\">En todo caso, no hablar\u00eda de ego\u00edsmo, pero s\u00ed de una suerte de mecanismo de refuerzo (positivo), que se cuece en su propia salsa, y que lleva a equiparar los intereses del gremio, la consolidaci\u00f3n acad\u00e9mica personal y hasta de la propia disciplina, con los intereses de los excluidos en cuyo nombre se pretende hablar. A\u00fan peor, reclama para s\u00ed una protecci\u00f3n, frente a las cr\u00edticas, que puede estar justificada para los desprotegidos, pero no, en ning\u00fan caso, para el debate de ideas.<\/span><\/p>\n<p style=\"text-align: justify;\"><span style=\"font-size: 14pt;\"><strong>P. Pareciera que el cosmopolitismo reblandece y, sin embargo, la correcci\u00f3n pol\u00edtica podr\u00eda ser tan pueril como necesaria, una consideraci\u00f3n hacia la complejidad de la naturaleza humana. Digamos: cuando nos arrancamos sin complejos a hacer chistes de &#8216;mariquitas&#8217;\u2026 \u00bftal vez seamos m\u00e1s capaces de apalearlos en un parque a medianoche?<\/strong><\/span><\/p>\n<p style=\"text-align: justify;\"><span style=\"font-size: 14pt;\">R. No estoy seguro de que contribuya a propiciar esa violencia. Habr\u00eda que estudiarlo emp\u00edricamente y no es sencillo. Todos hemos jugado a pistoleros y no por eso nos ha dado por pegar tiros. Durante a\u00f1os hemos convivido con chistes sobre catalanes, gallegos, aragoneses y andaluces, y no hablemos de los de Lepe, sin mayores problemas. Hoy no estoy seguro de que podamos seguir haci\u00e9ndolo. Se ha impuesto una cultura del agravio y la ofensa seg\u00fan la cual unos pueden acallar a otros diciendo que se sienten ofendidos, sin que se reclame m\u00e1s argumento que la simple apelaci\u00f3n al sentimiento. Era algo que parec\u00eda reservado a los sentimientos religiosos y que ahora se ha extendido a muchos m\u00e1s, con la misma pobreza de razones. Por supuesto, no todas las ofensas se pueden tasar igual. Burlarse de una persona con una discapacidad o de un pobre, por pobre, no puede compararse a burlarse de Cristiano Ronaldo.<\/span><\/p>\n<p>&nbsp;<\/p>\n<p class=\"bodyObject bodyBlockquote\" style=\"text-align: center;\"><span style=\"color: #008000;\"><strong><span style=\"font-size: 14pt;\">Se impone una cultura del agravio: unos acallan a otros porque se sienten ofendidos, sin m\u00e1s argumento que su sentimiento<\/span><\/strong><\/span><\/p>\n<p>&nbsp;<\/p>\n<p style=\"text-align: justify;\"><span style=\"font-size: 14pt;\">Por cierto, una cosa es burlarse de un &#8216;marica&#8217; y otra de una &#8216;teor\u00eda&#8217; que sale en su defensa, o de una pr\u00e1ctica pol\u00edtica basada en esa teor\u00eda. Otra cosa es c\u00f3mo tratamos esas asimetr\u00edas. Los chistes de gangosos ya no hacen gracia a nadie, sin que por ello haya habido que penalizarlos. Ha bastado con la cr\u00edtica de ideas y el progreso moral. Nos jugamos cosas importantes como la tolerancia o la libertad de expresi\u00f3n. Habr\u00eda que estar muy seguros de las consecuencias patol\u00f3gicas. Y aun est\u00e1ndolo, tampoco estar\u00eda claro. Son problemas cl\u00e1sicos de Filosof\u00eda del derecho: principios con cierto grado de incompatibilidad.<\/span><\/p>\n<p style=\"text-align: justify;\"><span style=\"font-size: 14pt;\"><strong>P. A veces me parece que, no recuerdo qui\u00e9n lo dec\u00eda, tus argumentos sobre la izquierda recuerdan a aquella catalogaci\u00f3n de las ideas de Berkeley, \u00aberan tan irrefutables como inveros\u00edmiles\u00bb. Quiero decir: si la izquierda se ha vuelto reaccionaria, \u00bfpor qu\u00e9 los ilustrados no dejamos sencillamente de ser de izquierdas?<\/strong><\/span><\/p>\n<p style=\"text-align: justify;\"><span style=\"font-size: 14pt;\">R. En el libro se dedican bastantes p\u00e1ginas a precisar en qu\u00e9 consiste la izquierda, en su ideario. Mi propuesta, que pretende estar avalada por la historia y el an\u00e1lisis de conceptos, es estipulativa, independiente de la opini\u00f3n de la calle o de la autocalificaci\u00f3n de los pol\u00edticos. Trato de articular los principios que a lo largo de su historia ha defendido la izquierda. En ese sentido, no depende de lo que diga o haga el PSOE o Podemos. La pol\u00edtica territorial de Podemos, por ejemplo, es puro <a href=\"https:\/\/es.wikipedia.org\/wiki\/Ludwig_von_Mises\" target=\"_blank\" rel=\"noopener\">Von Mises<\/a>, digan lo que digan. De hecho, lo que trato de mostrar es que, de acuerdo con el ideario desnudo de la izquierda, la evoluci\u00f3n de las izquierdas pol\u00edticas reales las avecina a posiciones reaccionarias.<\/span><\/p>\n<p>&nbsp;<\/p>\n<p class=\"bodyObject bodyBlockquote\" style=\"text-align: center;\"><span style=\"color: #008000;\"><strong><span style=\"font-size: 14pt;\">La pol\u00edtica territorial de Podemos, por ejemplo, es puro Von Mises, digan lo que digan.<\/span><\/strong><\/span><\/p>\n<p>&nbsp;<\/p>\n<p style=\"text-align: justify;\"><span style=\"font-size: 14pt;\">Por supuesto, podr\u00edamos resignarnos a aceptar ese maltrato pol\u00edtico y abandonar la palabra. Adoptar una definici\u00f3n l\u00e9xica no estipulativa: izquierda significa lo que la gente entiende como izquierda. Seguramente, con &#8216;comunismo&#8217; esa es la situaci\u00f3n en la que estamos y no queda otra que aceptarlo: comunismo no es lo que pensaban los miembros de la Liga de los comunistas, en lo esencial un ideal democr\u00e1tico, sino lo que todo el mundo entiende como &#8216;comunismo&#8217; despu\u00e9s de la experiencia sovi\u00e9tica, que poco tiene que ver con aquel ideal. Algo indefendible. De todos modos, no creo que haya llegado la hora de abandonar la aspiraci\u00f3n a una izquierda racionalista e ilustrada. M\u00e1s bien mi tentaci\u00f3n es la de decirles a algunos, \u201caparten sus sucias manos (propuestas) de la palabra &#8216;izquierda\u201d o \u201cno invoquen la palabra &#8216;izquierda&#8217; en vano\u201d.<\/span><\/p>\n<p style=\"text-align: justify;\"><span style=\"font-size: 14pt;\"><strong>P. Una consideraci\u00f3n ecu\u00e1nime de las modernas investigaciones sobre la naturaleza humana permitir\u00eda, dices, pese a tus recelos sobre algunas de sus conclusiones, enmendar la mayor\u00eda de las opciones buenrollistas de la izquierda reaccionaria. \u00bfNo hay una reacci\u00f3n que desbarra por la pendiente contraria que asegura que nos comportamos como langostas?<\/strong><\/span><\/p>\n<p style=\"text-align: justify;\"><span style=\"font-size: 14pt;\">R. Yo imparto clases en facultades de ciencias sociales, clases de Filosof\u00eda pol\u00edtica y de Teor\u00eda de la ciencia. Me dar\u00eda por satisfecho con que al terminar el curso les quedara clara la falacia naturalista. La defensa de la igualdad de derechos no depende de que seamos iguales, que no lo somos. Por supuesto, somos bastante m\u00e1s que langostas, entre otras cosas porque el lenguaje nos permite escapar a nuestras constricciones biol\u00f3gicas. Tenemos muchas querencias en el programa, pero eso no las hace buenas. Tenemos preferencia por la comida con muchas calor\u00edas, que nos provee de energ\u00eda con poco esfuerzo, algo muy necesario cuando habit\u00e1bamos en sociedades con pocos recursos. Por eso nos gusta lo dulce. No es que el az\u00facar nos guste porque sea dulce, sino que lo percibimos como dulce porque nos gusta, porque era bueno que nos gustara. Pero hoy sabemos que esa disposici\u00f3n es inconveniente y hacemos lo posible por evitar que se imponga.<\/span><\/p>\n<p>&nbsp;<\/p>\n<p class=\"bodyObject bodyBlockquote\" style=\"text-align: center;\"><strong><span style=\"font-size: 14pt; color: #008000;\">Ignorar nuestras disposiciones, asumir una naturaleza infinitamente pl\u00e1stica, puede conducirnos a los campos de reeducaci\u00f3n<\/span><\/strong><\/p>\n<p>&nbsp;<\/p>\n<p style=\"text-align: justify;\"><span style=\"font-size: 14pt;\">Lo mismo sucede con disposiciones agresivas y hasta racistas, que est\u00e1n en el programa. Lo que no podemos es negar la existencia de la naturaleza humana. O resistirnos a conocerla. O prohibir resultados que &#8216;no nos gustan&#8217;. Eso s\u00ed, que algo sea natural no lo hace bueno. Lo que tenemos que hacer es dise\u00f1ar las instituciones para que encaucen los comportamientos de modo que recalemos en aquellos resultados que nos parecen mejores, m\u00e1s justos. Ignorar nuestras disposiciones, asumir una naturaleza infinitamente pl\u00e1stica, puede conducirnos a los campos de reeducaci\u00f3n.<\/span><\/p>\n<p style=\"text-align: justify;\"><span style=\"font-size: 14pt;\"><strong>P. Hay p\u00e1ginas interesant\u00edsimas en tu libro sobre socialismo y republicanismo que parecen lamentablemente, al ritmo infernal del presente, casi jur\u00e1sicas. \u00bfC\u00f3mo vender hoy el derecho a una vida digna, y buena, desde razones que no irradien de las v\u00edsceras? O mejor, \u00bfc\u00f3mo lograremos cual publicistas exitosos ofrecer &#8216;una raz\u00f3n en marcha&#8217; a la que den ganas de querer?<\/strong><\/span><\/p>\n<p style=\"text-align: justify;\"><span style=\"font-size: 14pt;\">R. Una cosa es la fundamentaci\u00f3n de las ideas y otra la extensi\u00f3n (pol\u00edtica) de esas ideas, que requiere jugar con los mecanismos de la competencia pol\u00edtica. La fundamentaci\u00f3n se da en el terreno de la reflexi\u00f3n y el estudio. Es absurdo pensar que en la disputa pol\u00edtica los mejores argumentos vencen por ser los mejores argumentos. Y no nos enga\u00f1emos, nuestras democracias no son el ecosistema m\u00e1s propicio. En este libro no me he ocupado de algo que est\u00e1 en otros y que me parece seguramente el reto pol\u00edtico m\u00e1s serio al que nos enfrentamos: la incapacidad de las democracias para reconocer los problemas colectivos verdaderamente importantes.<\/span><\/p>\n<p style=\"text-align: justify;\"><span style=\"font-size: 14pt;\">Resulta abundant\u00edsima la literatura que muestra la irracionalidad de los votantes y la rentabilidad de las organizaciones pol\u00edticas para explotarla de la peor manera. No creo que la izquierda haya sabido responder de la mejor manera. Al rev\u00e9s, ha sido su primera v\u00edctima, hasta el punto de mostrarse incapaz de reconocer sus propios \u00e9xitos.<\/span><\/p>\n<p>&nbsp;<\/p>\n<p class=\"bodyObject bodyBlockquote\" style=\"text-align: center;\"><strong><span style=\"font-size: 14pt; color: #008000;\">La izquierda ha sido su primera v\u00edctima, hasta el punto de mostrarse incapaz de reconocer sus propios \u00e9xitos<\/span><\/strong><\/p>\n<p>&nbsp;<\/p>\n<p style=\"text-align: justify;\"><span style=\"font-size: 14pt;\"><strong>P. Nacionalismo y religi\u00f3n. Dos miserias identitarias por las que aseguras la izquierda ha vendido su alma al diablo. \u00bfA cambio de qu\u00e9?<\/strong><\/span><\/p>\n<p style=\"text-align: justify;\"><span style=\"font-size: 14pt;\">R. El precio ha sido muy alto: romper el v\u00ednculo que ata la democracia con la justicia y la racionalidad. En la versi\u00f3n idealizada de la democracia, todos discutimos propuestas e ideas atendiendo a los intereses de argumentos e intereses de todos y las ponderamos seg\u00fan patrones de racionalidad e imparcialidad. No vale decir \u201cesto hay que hacerlo porque interesa a los m\u00edos\u201d ni \u201cesto es lo mejor, pero no puedo dar razones aceptables para todos\u201d. Lo primero es el caso del nacionalismo, que vincula la comunidad de inter\u00e9s relevante a los del propio pueblo. Lo segundo es de la religi\u00f3n: tiene una idea de bien, pol\u00edtica (no es que les parezca mal su aborto sino cualquier aborto), reclama un respeto especial y tiene una estrategia de fundamentaci\u00f3n propia, doctrinal. Vamos, que reta al ideal de deliberaci\u00f3n colectiva que relaciona la ley con la justicia. Cuando se apuesta por defender o blindar esas ideas se renuncia a la raz\u00f3n, a la universalidad y a la justicia.<\/span><\/p>\n<p style=\"text-align: justify;\"><span style=\"font-size: 14pt;\"><strong>P. Sobre la correcci\u00f3n pol\u00edtica&#8230; En tiempos en los que Italia ficha<\/strong><strong>\u00a0a los gitanos, con una amenazadora y temible extrema derecha en marcha\u2026 \u00bfpor qu\u00e9 tenemos que aceptar que la \u00f3ptima existencia de opciones diversas de vida d\u00e9 razones a los otros para colocarnos un nuevo totalitarismo tan identitario como cada una de esas opciones a las que se enfrenta?<\/strong><\/span><\/p>\n<p style=\"text-align: justify;\"><span style=\"font-size: 14pt;\">R. Bueno, es que el libro se ocupa de los m\u00edos, de la izquierda, no es un an\u00e1lisis de la pol\u00edtica contempor\u00e1nea. Y se desarrolla sobre todo en el plano del an\u00e1lisis de ideas, con las incursiones emp\u00edricas imprescindibles para no hablar en el vac\u00edo. Por lo dem\u00e1s, lo que te contaba en la pregunta anterior valdr\u00eda para esa derecha de la que hablas, de su escasa compatibilidad con los ideales ilustrados. Pero eso ya lo sab\u00edamos.<\/span><\/p>\n<p style=\"text-align: justify;\"><span style=\"font-size: 14pt;\"><strong>P. El Gobierno de S\u00e1nchez de hoy parece reunir gran parte de las contradicciones venenosas de la izquierda que describes en tu libro. Por una parte, pol\u00edticas econ\u00f3micas potencialmente redistributivas propias de la izquierda cl\u00e1sica, como subir impuestos a rentas m\u00e1s altas, a las sucesiones y herencia, subida del salario m\u00ednimo, etc. Por otra, la dependencia legislativa de movimientos nacionalistas, especialmente el catal\u00e1n, que en tu libro denuncias como corruptores de esa izquierda cl\u00e1sica por su amenaza al bien com\u00fan. \u00bfHay salida de esta trampa mortal para la izquierda espa\u00f1ola?<\/strong><\/span><\/p>\n<p style=\"text-align: justify;\"><span style=\"font-size: 14pt;\">R. Las condensa pero por decantaci\u00f3n, no por convicci\u00f3n. Porque es el modo de asegurar su propia supervivencia pol\u00edtica, que no es la del PSOE y, a\u00fan menos, la de la izquierda espa\u00f1ola. Hace poco m\u00e1s de un a\u00f1o, S\u00e1nchez habr\u00eda apostado por lo contrario de lo que est\u00e1 haciendo. Por lo dem\u00e1s, sus propuestas econ\u00f3micas, si es que resultan reconocibles, no est\u00e1n tan lejanas de las del PP. Hay poco margen dentro del euro. De hecho, la salida de la crisis del PP, si es que hemos acabado de salir, fue relativamente socialdem\u00f3crata, sin tocar las partidas cl\u00e1sicas que pod\u00edan afectar a los perdedores (pensiones, desempleo), que por lo dem\u00e1s eran los votantes con peso electoral. No creo que veamos cambios sustanciales en eso. Cuando cierta derecha habla de propuestas confiscatorias, bolivarianas o comunistas, solo revela su falta de rigor o su mala fe. Aqu\u00ed nadie habla de nacionalizaciones, ni siquiera de un programa socialdem\u00f3crata cl\u00e1sico.<\/span><\/p>\n<p>&nbsp;<\/p>\n<p class=\"bodyObject bodyBlockquote\" style=\"text-align: center;\"><strong><span style=\"font-size: 14pt; color: #008000;\">La exigencia de filtros ling\u00fc\u00edsticos en el acceso a las posiciones sociales o laborales rompe con la igualdad entre los ciudadanos<\/span><\/strong><\/p>\n<p>&nbsp;<\/p>\n<p style=\"text-align: justify;\"><span style=\"font-size: 14pt;\">Otra cosa, que revela la inconsistencia ideol\u00f3gica, es que se pretenda hacer una pol\u00edtica de izquierdas y a la vez se apueste por desmontar el Estado, su unidad de decisi\u00f3n y de redistribuci\u00f3n, que eso es lo que buscan los nacionalistas. Lo hemos visto con la tarjeta sanitaria \u00fanica. Parece que cualquier cosa que suene a centralista es reaccionaria, cuando, si repasamos la historia, es exactamente lo contrario. Y si no, repasemos la historia de Estados Unidos desde la Guerra de Secesi\u00f3n. Si cada comunidad aut\u00f3noma tiene competencias en impuestos, ninguna la tiene. Es lo que sucede con el impuesto de sucesiones. Si cada comunidad aut\u00f3noma pudiera tener su propia legislaci\u00f3n ambiental o laboral, ninguna la tendr\u00eda. La competencia entre ellas llevar\u00eda a desmontar el Estado y sus posibilidades de redistribuci\u00f3n.<\/span><\/p>\n<p style=\"text-align: justify;\"><span style=\"font-size: 14pt;\">Pero lo peor, con todo, no es eso. Lo peor es la apuesta nacionalista del cultivo de las pol\u00edticas de identidad. Hoy, la exigencia de filtros ling\u00fc\u00edsticos en el acceso a las posiciones sociales o laborales rompe con la igualdad entre los ciudadanos y crea redes de clientelismo local. No solo eso, alienta que otros, por impotencia o por convicci\u00f3n, quieran levantar las suyas. Ya que mis votantes no pueden ir a trabajar a otra comunidad aut\u00f3noma, que los de fuera no puedan venir a la m\u00eda. Por supuesto, eso, con votantes miopes, alienta lo peor. El clientelismo y hasta la corrupci\u00f3n, muy superior en \u00e1mbitos auton\u00f3micos, menos vigilados, con medios engrasados, que en el terreno nacional. Y ya no hablemos de la locura de la apuesta de Podemos por el derecho a la autodeterminaci\u00f3n. Eso, en plata, quiere decir que unos ciudadanos pueden decidir convertir a otros en extranjeros porque no participan de su identidad. M\u00e1s reaccionario que eso&#8230; Es la idea del historicismo alem\u00e1n, expl\u00edcitamente antiilustrado.<\/span><\/p>\n<p class=\"bodyObject bodyBlockquote\" style=\"text-align: justify;\"><span style=\"font-size: 14pt;\">Ciertas lecturas de Pinker parecen confiar en la divina providencia: dejar funcionar al curso espont\u00e1neo de la historia. Y no es eso.<\/span><\/p>\n<p style=\"text-align: justify;\"><span style=\"font-size: 14pt;\"><strong>P. Para acabar, pese a que asumes que el progreso funciona, adviertes tambi\u00e9n contra el pinkeriano inocente que no se entera de que sigue siendo urgente defenderlo\u2026 \u00bfCu\u00e1nto optimismo nos podemos hoy permitir defender?<\/strong><\/span><\/p>\n<p style=\"text-align: justify;\"><span style=\"font-size: 14pt;\">R. S\u00ed, hay ciertas lecturas de\u00a0Steven Pinker\u00a0que parecen confiar en la divina providencia. Se tratar\u00eda de dejar funcionar al curso espont\u00e1neo de la historia, sin intervenciones. Y no es eso. Las conquistas de la democracia, comenzando por el sufragio universal, son el resultado de peleas sociales, revolucionarias. La tecnociencia, el Estado de derecho son verdadera ingenier\u00eda social, el resultado de intervenciones coordinadas y con un grado nada despreciable de planificaci\u00f3n, si se quiere. Por cierto, como las grandes empresas que, internamente, en su funcionamiento diario, no son el resultado de ning\u00fan orden espont\u00e1neo. Sin querer, se confunde la idea de progreso con la idea de dejaci\u00f3n de actuaci\u00f3n como si fuera todo equilibrios espont\u00e1neos.<\/span><\/p>\n<p style=\"text-align: justify;\"><span style=\"font-size: 14pt;\">Por lo dem\u00e1s no debemos olvidarnos de una asimetr\u00eda importante: buena parte de nuestra tecnociencia (nuclear, ingenier\u00eda gen\u00e9tica), tan ben\u00e9fica en muchos de sus usos, es tambi\u00e9n la condici\u00f3n de posibilidad de peligros potenciales de una magnitud completamente nueva en la historia de la Humanidad. Hasta ahora, cualquiera de los desastres resultado de acciones humanas no pon\u00eda en peligro a la especie entera. Ahora estamos en condiciones de hacerlo. Unos cisnes negros bien negros.<\/span><\/p>\n<\/blockquote>\n<p style=\"text-align: justify;\">\u00a0<\/p>\n<figure id=\"attachment_15696\" aria-describedby=\"caption-attachment-15696\" style=\"width: 555px\" class=\"wp-caption aligncenter\"><img loading=\"lazy\" decoding=\"async\" class=\"wp-image-15696\" src=\"https:\/\/puntocritico.com\/ausajpuntocritico\/wp-content\/uploads\/2018\/12\/2014-Abascal-de-VOX-con-las-hero\u00ednas-rojas-del-PKK-una-organizaci\u00f3n-considerada-terrorista-Twitter.jpg\" alt=\"\" width=\"555\" height=\"302\" data-id=\"15696\" srcset=\"https:\/\/puntocritico.com\/ausajpuntocritico\/wp-content\/uploads\/2018\/12\/2014-Abascal-de-VOX-con-las-hero\u00ednas-rojas-del-PKK-una-organizaci\u00f3n-considerada-terrorista-Twitter.jpg 476w, https:\/\/puntocritico.com\/ausajpuntocritico\/wp-content\/uploads\/2018\/12\/2014-Abascal-de-VOX-con-las-hero\u00ednas-rojas-del-PKK-una-organizaci\u00f3n-considerada-terrorista-Twitter-300x163.jpg 300w\" sizes=\"auto, (max-width: 555px) 100vw, 555px\" \/><figcaption id=\"caption-attachment-15696\" class=\"wp-caption-text\"><span style=\"color: #008000;\">Abascal (VOX), el PABLO IGLESIAS DEL PP, con guerrilleras del PKK, 2014<\/span><\/figcaption><\/figure>\n<p style=\"text-align: center;\"><span style=\"color: #008000; font-size: 18pt;\"><strong>*******<\/strong><\/span><\/p>\n<h2 style=\"text-align: center;\"><span style=\"font-size: 24pt;\">\u00abLa deriva reaccionaria de la izquierda\u00bb:\u00a0<\/span><span style=\"font-size: 14pt;\"><span style=\"font-size: 24pt;\">PREFACIO<\/span> <\/span><\/h2>\n<p style=\"text-align: justify;\"><span style=\"font-size: 14pt;\">La izquierda anda mal. Pero muy mal. Y desde hace bastante tiempo. Mi particular epifan\u00eda tuvo lugar en 1991, durante una estancia de un a\u00f1o en la Universidad de Chicago. Sucedi\u00f3 en septiembre, cuando segu\u00eda por televisi\u00f3n el examen al que una comisi\u00f3n del Senado somet\u00eda al juez Clarence Thomas, candidato de George Bush a la Corte Suprema. Thomas hab\u00eda sido acusado de acoso sexual por una abogada, Anita Hill, activista afroamericana, negra como el propio Thomas. La calidad intelectual del debate me impresion\u00f3. Las apreciaciones sobre sexismo y racismo resultaban de enorme altura. Las comparecencias eran seguidas con suma atenci\u00f3n por la comunidad acad\u00e9mica. Todo eso suced\u00eda en Hyde Park, el campus universitario enclavado en mitad del barrio negro, uno de los m\u00e1s pobres y miserables de Estados Unidos, un paisaje devastado, como de posguerra, en el que hab\u00eda numerosos edificios calcinados con ventanas rotas y ca\u00f1er\u00edas destripadas. Protegidos de nuestros vecinos por el cuerpo privado de polic\u00eda de la universidad, el segundo en n\u00famero de Illinois, despu\u00e9s del de la propia ciudad de Chicago, viv\u00edamos en una burbuja. Sin duda, est\u00e1bamos ante dos mundos. La misma sociedad cuyas \u00e9lites eran exquisitamente sensibles a la menor se\u00f1al de violaci\u00f3n de derechos conviv\u00eda con naturalidad con un desprecio cotidiano a los derechos m\u00e1s fundamentales, un desprecio que violentaba la sensibilidad m\u00e1s elemental.<\/span><\/p>\n<p style=\"text-align: justify;\"><span style=\"font-size: 14pt;\">El contraste, sin embargo, parec\u00eda pasar desapercibido entre los habitantes de la burbuja. Cierto es que yo, como cualquier turista accidental, ten\u00eda particularmente agudizados los sentidos. Quien est\u00e1 de paso no ha tenido tiempo de sedimentar y naturalizar comportamientos que son simples h\u00e1bitos para los naturales. Pero lo cierto es que algo no cuadraba. No era lo \u00fanico. Las discusiones universitarias en torno a la comparecencia del juez resultaban casi ininteligibles. No era solo un problema de mi precario ingl\u00e9s. Parec\u00edan filtradas por una lente distorsionadora. Omit\u00edan lo evidente y se perd\u00edan en extravagancias. Una vez m\u00e1s me acord\u00e9 de las palabras que Gil de Biedma utiliz\u00f3 para referirse a cierto tipo de acad\u00e9mico: \u00abUno de esos seres cultos, sensibles y elaboradamente tontos. Tiene presbicia intelectual: no ve jam\u00e1s lo obvio, solo lo remoto y tra\u00eddo por los pelos. Carece de sentido com\u00fan\u00bb. La distorsi\u00f3n ten\u00eda su explicaci\u00f3n. Y es que en las miradas hab\u00eda un componente de fondo cuyo exacto peso yo no alcanzaba a calibrar en aquel momento: la correcci\u00f3n pol\u00edtica. Conoc\u00eda su existencia, pero no hasta qu\u00e9 punto se\u00f1oreaba la vida intelectual. De hecho, recuerdo sentirme perdido en muchas discusiones ante la aparici\u00f3n del acr\u00f3nimo PC (political correctness), el cual era de uso generalizado en el campus pero, para m\u00ed, se limitaba al mundo de los ordenadores.<\/span><\/p>\n<p style=\"text-align: justify;\"><span style=\"font-size: 14pt;\">m\u00ed, se limitaba al mundo de los ordenadores. Las discusiones, si se las pod\u00eda llamar as\u00ed, cargadas de prejuicios, gastaban una faramalla que no me resultaba extra\u00f1a por mis lecturas afrancesadas de juventud, pero que jam\u00e1s hab\u00eda imaginado que pudiera prender en aquellas latitudes acad\u00e9micas tradicionalmente acostumbradas a tasar el sentido de las palabras. Cuando digo \u00abel campus\u00bb no me refiero a los solventes departamentos de Teor\u00eda Social. Estos ni parec\u00edan enterarse de lo que se coc\u00eda. Recuerdo que por aquellos d\u00edas asom\u00f3 por all\u00ed el fil\u00f3sofo franc\u00e9s Jacques Derrida, padre intelectual de la locura posmoderna y uno de los mayores productores de farfolla filos\u00f3fica de las \u00faltimas d\u00e9cadas. En los departamentos de Filosof\u00eda o Teor\u00eda Social, en particular en el Center for Ethics, Rationality and Society al cual\u00a0yo estaba adscrito, y donde coincid\u00edan excepcionales cabezas (Russell Hardin, Jon Elster, Adam Przeworski, Cass Sunstein y Bernard Manin, entre otros) se lo tomaban a pitorreo. Pero Derrida, con su fatigosa ch\u00e1chara, vacua en sus momentos m\u00e1s brillantes, cuando resulta inteligible, llen\u00f3 durante varios d\u00edas consecutivos.<\/span><\/p>\n<p style=\"text-align: justify;\"><span style=\"font-size: 14pt;\">S\u00ed, definitivamente, aquello era una burbuja. En un limitado espacio coincid\u00edan las desigualdades sociales m\u00e1s brutales y las reflexiones pretendidamente revolucionarias, las cuales carec\u00edan no ya del menor af\u00e1n de verdad, sino simplemente del m\u00e1s elemental principio de realidad y, sin embargo, marcaban la pauta y el tono de la academia, ante la indiferencia y la irresponsabilidad de los investigadores serios. Aquello pintaba mal. Si la izquierda segu\u00eda por esa senda, no era dif\u00edcil anticipar lo que pod\u00eda llegar a suceder, lo que finalmente ha sucedido: la aparici\u00f3n de un nuevo oscurantismo revestido de progresismo, que sustituye los argumentos por la intimidaci\u00f3n. Y la previsible reacci\u00f3n. Para que vean que no recreo retrospectivamente la historia, me permito la autocita de un texto escrito por entonces y recogido en este libro: <\/span><\/p>\n<p style=\"text-align: justify; padding-left: 40px;\"><em><span style=\"font-size: 14pt;\">No, la Norteam\u00e9rica de Perot no acab\u00f3 con Perot. [\u2026] Siempre aparecer\u00e1n pol\u00edticos dispuestos a proporcionar carnaza demag\u00f3gica y soltar las amarras reaccionarias de la clase media, cuyo antirracismo arranca m\u00e1s del conformismo que del convencimiento. Acaso las cosas no gusten pero est\u00e1n as\u00ed. Las patolog\u00edas de la hipocres\u00eda son imprevisibles. No hay fan\u00e1tico m\u00e1s cerril que aquel que descubre la pobreza de las razones que le imped\u00edan sentir lo que quer\u00eda sentir. Encontrar que las perversiones contenidas son el camino de la salvaci\u00f3n es el principio de la barbarie, y cuando la v\u00edscera reaccionaria deja de doler y se instala en la buena conciencia, lo peor empieza a suceder.<\/span><\/em><\/p>\n<p style=\"text-align: justify;\"><span style=\"font-size: 14pt;\"> No creo que me equivocara mucho. Si acaso, a la baja. La izquierda ha ahondado ese camino. En este libro re\u00fano\u00a0<\/span><span style=\"font-size: 14pt;\">trabajos de procedencia y naturaleza muy diferentes, los cuales, de diversas maneras, describen y analizan tal evoluci\u00f3n. He utilizado distintas calificaciones para referirme a esa \u00abnueva\u00bb izquierda: \u00abinfantil\u00bb, \u00abreaccionaria\u00bb o \u00abzombi\u00bb. Cuando remato el libro con este pr\u00f3logo, si tuviera que quedarme con una, no sin estremecimiento, hablar\u00eda de \u00abizquierda antiilustrada\u00bb. <\/span><\/p>\n<p style=\"text-align: justify;\"><span style=\"font-size: 14pt;\">He agrupado los textos en tres partes: en la primera se recogen aquellos que, en alg\u00fan sentido, se ocupan de la historia reciente y de los principios que fundaron el socialismo; en la segunda, los que repasan algunas propuestas de renovaci\u00f3n ideol\u00f3gica, y en la tercera, las cr\u00edticas a esa reciente evoluci\u00f3n de la izquierda que se concreta en simpat\u00edas directamente reaccionarias: por el nacionalismo y las religiones. El libro se cierra con un inventario de algunas hechuras y tendencias que muestran la vaciedad ideol\u00f3gica de tal evoluci\u00f3n. Los cap\u00edtulos van precedidos de una larga introducci\u00f3n que, aunque recoge parcialmente alg\u00fan texto ya publicado, se ha escrito para este volumen y oficia como bastidor de la argumentaci\u00f3n. <\/span><\/p>\n<p style=\"text-align: right;\"><span style=\"font-size: 14pt;\">F\u00e9lix Ovejero Barcelona, septiembre de 2018<\/span><\/p>\n<p>&nbsp;<\/p>\n<p><img loading=\"lazy\" decoding=\"async\" class=\"aligncenter wp-image-2220348\" src=\"https:\/\/puntocritico.com\/ausajpuntocritico\/wp-content\/uploads\/2021\/07\/Zimbabue-servindi.jpg\" alt=\"\" width=\"440\" height=\"292\" data-id=\"2220348\" srcset=\"https:\/\/puntocritico.com\/ausajpuntocritico\/wp-content\/uploads\/2021\/07\/Zimbabue-servindi.jpg 680w, https:\/\/puntocritico.com\/ausajpuntocritico\/wp-content\/uploads\/2021\/07\/Zimbabue-servindi-300x199.jpg 300w, https:\/\/puntocritico.com\/ausajpuntocritico\/wp-content\/uploads\/2021\/07\/Zimbabue-servindi-610x405.jpg 610w, https:\/\/puntocritico.com\/ausajpuntocritico\/wp-content\/uploads\/2021\/07\/Zimbabue-servindi-678x452.jpg 678w\" sizes=\"auto, (max-width: 440px) 100vw, 440px\" \/><\/p>\n<p style=\"text-align: center;\"><span style=\"color: #008000; font-size: 18pt;\"><strong>*******<\/strong><\/span><\/p>\n<h2 style=\"text-align: center;\"><strong><span style=\"font-size: 14pt;\"><span style=\"font-size: 24pt;\">Cr\u00edtica a \u00abLa deriva reaccionaria de la izquierda\u00bb, de F\u00e9lix Ovejero<\/span><\/span><\/strong><\/h2>\n<p style=\"text-align: justify;\"><span style=\"font-size: 14pt;\">Rese\u00f1a de <\/span><span style=\"font-size: 14pt;\">C\u00e9sar F\u00e9lix S\u00e1nchez Mart\u00ednez<\/span><\/p>\n<p style=\"text-align: justify;\"><a href=\"https:\/\/www.paginaindomita.com\/la-deriva-reaccionaria-de-la-izquierda\/\" target=\"_blank\" rel=\"noopener\" data-schema-attribute=\"\"><span style=\"font-size: 14pt;\">P\u00e1gina Ind\u00f3mita<\/span><\/a><\/p>\n<p style=\"text-align: justify;\"><img loading=\"lazy\" decoding=\"async\" class=\"aligncenter size-full wp-image-2233459\" src=\"https:\/\/puntocritico.com\/ausajpuntocritico\/wp-content\/uploads\/2021\/12\/optimismo-1.jpg\" alt=\"\" width=\"800\" height=\"254\" data-id=\"2233459\" srcset=\"https:\/\/puntocritico.com\/ausajpuntocritico\/wp-content\/uploads\/2021\/12\/optimismo-1.jpg 800w, https:\/\/puntocritico.com\/ausajpuntocritico\/wp-content\/uploads\/2021\/12\/optimismo-1-300x95.jpg 300w, https:\/\/puntocritico.com\/ausajpuntocritico\/wp-content\/uploads\/2021\/12\/optimismo-1-768x244.jpg 768w, https:\/\/puntocritico.com\/ausajpuntocritico\/wp-content\/uploads\/2021\/12\/optimismo-1-610x194.jpg 610w\" sizes=\"auto, (max-width: 800px) 100vw, 800px\" \/><\/p>\n<p>&nbsp;<\/p>\n<p style=\"text-align: justify;\"><span style=\"font-size: 14pt;\">No deja de ser sugerente rese\u00f1ar este libro, editado en 2018, en una coyuntura como la del 2020, en medio de cuarentenas mundiales en las que parece que todos hemos sido estatizados \u2013reducidos por parte de los estados y sus expertos a meros portadores de salud f\u00edsica, cuya tutela acaba tambi\u00e9n siendo expropiada por aquel\u2013 que conviven en perpetua paradoja con cientos de manifestaciones de <strong><em>Black Lives Matter<\/em><\/strong> y, m\u00e1s a\u00fan, mientras Espa\u00f1a es gobernada por una amplia coalici\u00f3n que re\u00fane de forma directa o indirecta todos los matices de la izquierda reaccionaria que este libro tan sagazmente analiza. El correo peruano y otras desgracias semejantes ocasionaron esta demora, que, bien mirada, ha sido providencial, pues permite aquilatar el valor prospectivo del texto y observar sus aciertos descriptivos con ejemplos pol\u00edticos e hist\u00f3ricos presentes, a veces demasiado presentes. <\/span><\/p>\n<p style=\"text-align: justify;\"><span style=\"font-size: 14pt;\">Sorprende, asimismo, la relativamente modesta recepci\u00f3n del libro en Espa\u00f1a y en Latinoam\u00e9rica. De haber sido publicado en el \u00e1mbito anglosaj\u00f3n y franc\u00e9s, un estudio sobre este tema y de tal audacia habr\u00eda dado pie a muchos comentarios de diversa \u00edndole, tanto en la prensa como en el mundo acad\u00e9mico. Pero parece que en las \u00abtrincheras indoloras\u00bb de la academia de nuestros pa\u00edses \u2013para aplicar la expresi\u00f3n feliz con el que el autor califica los nidales de la pintoresca izquierda posmoderna norteamericana (p. 112)\u2013, los sectores hegem\u00f3nicos izquierdistas siguen temiendo las miradas her\u00e9ticas, lo que de antemano confirma una de las tesis iniciales del autor: la puerilidad convertida en doctrina y la pol\u00edtica como pura expresi\u00f3n de deseos, se\u00f1al de la deriva adolescente de la izquierda (pp. 22-35). El adolescente, narcisista por excelencia, tiende a no aguantar demasiado la mirada cr\u00edtica pero serena a sus comportamientos, a veces inexplicables, contradictorios e incluso autodestructivos. <\/span><\/p>\n<p style=\"text-align: justify;\"><span style=\"font-size: 14pt;\">Para un latinoamericano, la izquierda reaccionaria actual no presenta, en cambio, mayor sorpresa. Desde el tiempo en que un joven <strong>Eric Hobsbawn<\/strong>\u00a0<\/span><span style=\"font-size: 14pt;\">descubr\u00eda con espanto en 1952 que los l\u00edderes de la revoluci\u00f3n boliviana, aliados de diversos marxistas locales y destructores de la rosca olig\u00e1rquica minera y terrateniente, no ocultaban su admiraci\u00f3n por <strong>Hitler<\/strong> y <strong>Mussolini<\/strong> mientras se proclamaban sin ning\u00fan empacho izquierdistas <strong>(1)<\/strong>\u00a0, hasta la teolog\u00eda de la liberaci\u00f3n \u2013mitolog\u00eda pol\u00edtica que llevar\u00eda a figuras como <strong>H\u00e9lder C\u00e2mara<\/strong> o <strong>Ernesto Cardenal<\/strong> de sus aurorales compromisos integralistas y falangistas, respectivamente, a ser compa\u00f1eros de ruta del marxismo leninismo m\u00e1s cl\u00e1sico\u2013, hemos estado acostumbrados a observar, al lado izquierdo del campo pol\u00edtico, un abandono perpetuo de cualquier racionalidad pol\u00edtica (<em>sea aristot\u00e9lica o ilustrada<\/em><\/span><span style=\"font-size: 18.6667px;\">)<\/span> <span style=\"font-size: 14pt;\">en aras de identitarismos <\/span><em style=\"font-size: 14pt;\">v\u00f6lkisch<\/em><span style=\"font-size: 14pt;\">, romanticismos, irracionalismos y teolog\u00edas de toda \u00edndole. Incluso Bol\u00edvar, el fen\u00f3meno fundacional de la tradici\u00f3n republicana latinoamericana, estuvo envuelto de tal ambig\u00fcedad voluntarista en su acci\u00f3n jur\u00eddico-pol\u00edtica y en su pensamiento que incluso hoy origina interpretaciones absolutamente opuestas <\/span><strong style=\"font-size: 14pt;\">(2)<\/strong><span style=\"font-size: 14pt;\">. Otra figura fundacional, el marxista peruano <\/span><strong style=\"font-size: 14pt;\">Jos\u00e9 Carlos Mari\u00e1tegui<\/strong><span style=\"font-size: 14pt;\"> (1892-1930) fue incluso m\u00e1s lejos: reivindic\u00f3 de manera expl\u00edcita y sin ambages la necesidad de crear un marxismo m\u00edtico y antipositivista, que bebiera del \u00e9lan heroico y voluntarista de un <\/span><strong style=\"font-size: 14pt;\">Nietzsche<\/strong><span style=\"font-size: 14pt;\">, de un <\/span><strong style=\"font-size: 14pt;\">Sorel<\/strong><span style=\"font-size: 14pt;\"> e incluso de los agonismos l\u00edricos de <\/span><strong style=\"font-size: 14pt;\">Miguel de Unamuno<\/strong> <strong style=\"font-size: 14pt;\">(3)<\/strong><span style=\"font-size: 14pt;\">.<\/span><\/p>\n<p style=\"text-align: justify;\"><span style=\"font-size: 14pt;\">Sin embargo, la realidad que <strong>Ovejero<\/strong> disecciona en este libro es a\u00fan m\u00e1s extra\u00f1a, porque, a diferencia de la izquierda reaccionaria posmoderna actual, la izquierda reaccionaria latinoamericana tradicional, por lo menos en el \u00e1mbito de la praxis de la transformaci\u00f3n social, se mostraba m\u00e1s s\u00f3lida, efectiva y fuerte. Incluso \u2013y por mencionar un ejemplo de la m\u00e1s grotesca <em>realpolitik<\/em>\u2013 una figura como <strong>Per\u00f3n<\/strong>, a veces mao\u00edsta, a veces mussoliniano, pod\u00eda confiar en que la ambig\u00fcedad m\u00edtica e irracionalista de su discurso pod\u00eda servir para cohesionar un movimiento heter\u00f3clito hasta el absurdo con el objeto, m\u00e1s bien clar\u00edsimo, de tomar el poder y perpetuarse en \u00e9l. En cambio, la t\u00fanica multicolor de la izquierda posmoderna, como lo demuestra abundantemente <strong>Ovejero<\/strong>, se manifiesta absolutamente entorpecida para una praxis pol\u00edtica transformadora real e incapacitada, m\u00e1s all\u00e1 de serendipias y loter\u00edas diversas de reg\u00edmenes parlamentarios, para la toma del poder. Es una izquierda reaccionaria risible y\u00a0<\/span><span style=\"font-size: 14pt;\">en trance de perpetua autodestrucci\u00f3n, que vive al amparo de intereses a veces bastante olig\u00e1rquicos.<\/span><\/p>\n<p style=\"text-align: justify;\">\u00a0<\/p>\n<p><img loading=\"lazy\" decoding=\"async\" class=\"aligncenter wp-image-2233457 size-mh-magazine-content\" src=\"https:\/\/puntocritico.com\/ausajpuntocritico\/wp-content\/uploads\/2021\/12\/Ofendiditos-SOCIAL-678x381.png\" alt=\"\" width=\"678\" height=\"381\" data-id=\"2233457\" \/><\/p>\n<p>&nbsp;<\/p>\n<p style=\"text-align: justify;\"><span style=\"font-size: 14pt;\">Sea lo que fuere, el objeto del an\u00e1lisis de <strong>F\u00e9lix Ovejero<\/strong> ya ha sido esbozado, de cierta manera, en otros textos recientes. Tenemos, por citar algunos ejemplos, el urticante La izquierda <em>feng-shui<\/em>. Cuando la ciencia y la raz\u00f3n dejaron de ser progres, de <strong>Mauricio-Jos\u00e9 Schwarz<\/strong> <strong>(4)<\/strong>\u00a0y las m\u00faltiples reflexiones de <strong>Carlos Fern\u00e1ndez Liria<\/strong> orientadas a reivindicar para la izquierda las banderas de la tradici\u00f3n ilustrada <strong>(5)<\/strong>. La deriva reaccionaria de la izquierda se aleja tanto del vuelo volteriano de <strong>Schwarz<\/strong>, mordaz pero en ocasiones insustancial, como de las propuestas de <strong>Fern\u00e1ndez<\/strong>, m\u00e1s entroncadas en el ensayo filos\u00f3fico y en el debate con pensadores espec\u00edficos, antes que en el an\u00e1lisis de campos m\u00e1s difusos como la cultura y praxis pol\u00edticas contempor\u00e1neas. Esta equidistancia entre el libelo y el texto puramente acad\u00e9mico, otorga al libro una cualidad abierta que lo beneficia. <\/span><\/p>\n<p style=\"text-align: justify;\"><span style=\"font-size: 14pt;\">El libro se abre con una imagen que recuerda el famoso pasaje de<em> The Closing of the American Mind<\/em>, en que un joven <strong>Allan Bloom<\/strong> se sorprend\u00eda al encontrar en los campus de la universidad de Chicago edificios dise\u00f1ados espec\u00edficamente para el conocimiento, sin ninguna finalidad utilitaria ulterior <strong>(6)<\/strong>. Pero aqu\u00ed ya no estamos en 1945, sino en 1991 y un joven <strong>F\u00e9lix Ovejero<\/strong>, en estancia acad\u00e9mica en esa misma universidad, se sorprende m\u00e1s bien de la grav\u00edsima preocupaci\u00f3n de los acad\u00e9micos progresistas por las audiencias en el Senado que investigaban las acusaciones de acoso sexual contra el juez conservador afroamericano <strong>Clarence Thomas<\/strong>, candidato a la Corte Suprema: \u00ab<em>[t]odo esto suced\u00eda en Hyde Park, el campus universitario enclavado en mitad del barrio negro, uno de los m\u00e1s pobres y miserables de Estados Unidos, un paisaje devastado, como de posguerra (\u2026). Protegidos de nuestros vecinos por el cuerpo privado de polic\u00eda de la universidad, el segundo en n\u00famero en Illinois (\u2026), viv\u00edamos en una burbuja. Sin duda est\u00e1bamos ante dos mundos. La misma sociedad cuyas \u00e9lites eran exquisitamente sensibles a la menor se\u00f1al de violaci\u00f3n de derechos conviv\u00eda con naturalidad con un desprecio cotidiano a los derechos m\u00e1s fundamentales, un desprecio que violentaba la sensibilidad m\u00e1s elemental<\/em>\u00bb (p. 15). Parec\u00eda ser que en cincuenta a\u00f1os la \u00abmente\u00bb americana hab\u00eda acabado por cerrarse totalmente a la realidad. <\/span><\/p>\n<p style=\"text-align: justify;\"><span style=\"font-size: 14pt;\">El libro est\u00e1 dividido en cuatro partes: una <strong>introducci\u00f3n<\/strong> titulada <em>Una izquierda contra la raz\u00f3n pol\u00edtica<\/em>, que se ocupa de un diagn\u00f3stico inicial del problema y que, seg\u00fan creo, posee el mayor peso argumentativo y ret\u00f3rico de todo el libro; una primera parte, en la que se hace una revisi\u00f3n del pasado,\u00a0<\/span><span style=\"font-size: 14pt;\">tanto reciente como remoto de la izquierda y sus principios; una segunda, en la que se analizan diversas propuestas y balances para la izquierda, centradas en reivindicar la promesa ciudadana de la democracia y la libertad com\u00fan y un estado de bienestar reformado en torno a la renta b\u00e1sica; despu\u00e9s, una secci\u00f3n titulada <em>Desvar<\/em><\/span><span style=\"font-size: 14pt;\"><em>\u00edos<\/em>, orientada a analizar determinadas \u00ab<em>heterodoxias<\/em>\u00bb y contradicciones de la izquierda actual con sus propios principios y \u00ab<em>tradici\u00f3n<\/em>\u00bb hist\u00f3rica (<em>por ejemplo, la fascinaci\u00f3n nacionalista y la alianza con ciertas religiones<\/em>) y finalmente concluye con una reafirmaci\u00f3n del diagn\u00f3stico de la crisis de la izquierda y un juicio sobre las diversas explicaciones que se esbozan al respecto. <\/span><\/p>\n<p style=\"text-align: justify;\"><span style=\"font-size: 14pt;\">Todos los cap\u00edtulos, con excepci\u00f3n de la introducci\u00f3n, son adaptaciones o reproducciones de textos previos del autor publicados en distintos medios acad\u00e9micos. Y este detalle es bastante revelador, pues es precisamente la introducci\u00f3n \u2013<em>Una izquierda contra la raz\u00f3n pol\u00edtica<\/em>\u2013, el texto expresamente redactado para <em><strong>La deriva reaccionaria<\/strong><\/em>, que nos parece el m\u00e1s logrado y sutil. Por el contrario, los dem\u00e1s ensayos tienen una relaci\u00f3n m\u00e1s el\u00e1stica con el tema del libro, especialmente el \u00faltimo \u2013<em>Religi\u00f3n y democracia deliberativa<\/em>\u2013 que, al margen de su inter\u00e9s indudable, podr\u00eda sin ning\u00fan problema ser suprimido del libro y no perjudicarlo en nada. Volveremos sobre ese punto m\u00e1s adelante. <\/span><\/p>\n<p style=\"text-align: justify;\"><span style=\"font-size: 14pt;\">El diagn\u00f3stico inicial del libro es el siguiente: \u00ab<em>la izquierda se ha alejado de los puntos de vista ilustrados para recalar en otros caracter\u00edsticos del pensamiento conservador. De hecho, en m\u00e1s de una ocasi\u00f3n ha acabado por defender tesis estrictamente contradictorias con las que dotaron de identidad a la izquierda<\/em>\u00bb (p. 24). M\u00e1s all\u00e1 del <em>gran caveat<\/em> que debe depararnos el uso de conceptos difusos como ilustraci\u00f3n -\u00bfcu\u00e1l? \u00bfla de <strong>Voltaire<\/strong>, la de <strong>Kant<\/strong> o la de <strong>Rousseau<\/strong>? \u2013o \u00abpensamiento conservador\u00bb, queda claro que, para <strong>Ovejero<\/strong>, la izquierda ha acabado por asumir puntos de vista contrarios a sus propios principios y tradici\u00f3n.<\/span><\/p>\n<p>&nbsp;<\/p>\n<figure id=\"attachment_25530\" aria-describedby=\"caption-attachment-25530\" style=\"width: 480px\" class=\"wp-caption aligncenter\"><img loading=\"lazy\" decoding=\"async\" class=\"wp-image-25530\" src=\"https:\/\/puntocritico.com\/ausajpuntocritico\/wp-content\/uploads\/2020\/01\/voltaire-770x433.jpg\" alt=\"\" width=\"480\" height=\"270\" data-id=\"25530\" srcset=\"https:\/\/puntocritico.com\/ausajpuntocritico\/wp-content\/uploads\/2020\/01\/voltaire-770x433.jpg 770w, https:\/\/puntocritico.com\/ausajpuntocritico\/wp-content\/uploads\/2020\/01\/voltaire-770x433-300x169.jpg 300w, https:\/\/puntocritico.com\/ausajpuntocritico\/wp-content\/uploads\/2020\/01\/voltaire-770x433-768x432.jpg 768w, https:\/\/puntocritico.com\/ausajpuntocritico\/wp-content\/uploads\/2020\/01\/voltaire-770x433-678x381.jpg 678w\" sizes=\"auto, (max-width: 480px) 100vw, 480px\" \/><figcaption id=\"caption-attachment-25530\" class=\"wp-caption-text\"><span style=\"color: #008000;\">Voltaire<\/span><\/figcaption><\/figure>\n<p>&nbsp;<\/p>\n<p style=\"text-align: justify;\"><span style=\"font-size: 14pt;\">Seguidamente, bajo el t\u00edtulo de <em>La mirada adolescente<\/em>, analiza en cinco puntos bien perfilados las se\u00f1as m\u00e1s evidentes de ese descarr\u00edo, originado en <em>mayo de 1968<\/em> con la transformaci\u00f3n de la puerilidad en doctrina y donde la pol\u00edtica \u00ab<em>se muda en pura expresi\u00f3n de deseos<\/em>\u00bb (p. 22). El primero es el \u00ab<em>voluntarismo\/moralismo: la voluntad como principio y soluci\u00f3n<\/em>\u00bb, que consiste en considerar que, en pol\u00edtica, no hay separaci\u00f3n entre \u00ab<em>voluntad y consumaci\u00f3n, entre querer y poder<\/em>\u00bb (p. 28). De ah\u00ed nace una de las estrategias ret\u00f3ricas \u2013que, en estos tiempos, parecen reemplazar a lo pol\u00edtico\u2013 m\u00e1s comunes de la izquierda \u00ab<em>reaccionaria<\/em>\u00bb: \u00ab<em>quienes defienden otras opiniones no lo hacen por sincero convencimiento sino por mala fe, por razones espurias, como la defensa de privilegios, y, por tanto, tienen una (peor) calidad moral que los descalifica como interlocutores<\/em>\u00bb (p. 28). El autor ha desnudado de manera acertada uno de los puntos de vista\/estrategias medi\u00e1tico-ret\u00f3ricas m\u00e1s\u00a0<\/span><span style=\"font-size: 14pt;\">difundidas de la izquierda actual, tan arraigada en su praxis y cultura pol\u00edtica que ha acabado por exigir una teor\u00eda (<em>el feminismo radical y enfoques de g\u00e9nero an\u00e1logos<\/em>) y que ha<img loading=\"lazy\" decoding=\"async\" class=\"alignright wp-image-21129\" src=\"https:\/\/puntocritico.com\/ausajpuntocritico\/wp-content\/uploads\/2019\/08\/El-roto-republica-2.jpg\" alt=\"\" width=\"280\" height=\"320\" data-id=\"21129\" \/> dado derecho de ciudadan\u00eda al <em>argumentum ad hominem<\/em> y a la exclusi\u00f3n intolerante que reduce todo di\u00e1logo posible solo al entablado en torno a aquellos que posean un certificado de conducta doctrinal emitido por el ide\u00f3logo de turno. <\/span><\/p>\n<p style=\"text-align: justify;\"><span style=\"font-size: 14pt;\">El segundo punto es la \u00ab<em>miop\u00eda: el difuminado de problemas y dilemas<\/em>\u00bb, representado por la manera c\u00f3mo \u00ab<em>[l]os retos y las encrucijadas morales o pol\u00edticas se desdibujan con mamposter\u00eda palabrera y postureo<\/em>\u00bb (p. 29). El tercero consiste en el \u00ab<em>perfeccionismo paralizador: el contraf\u00e1ctico impoluto<\/em>\u00bb que lleva a una idealizaci\u00f3n que nunca se pone a prueba y en la que no caben los matices, sino solo los juicios sumarios, que imposibilitan el \u00ab<em>conocimiento realista, particularizado<\/em>\u00bb y, en consecuencia, la acci\u00f3n: \u00ab<em>[y] como los contraf\u00e1cticos no tienen freno, toda legitimidad puede reducirse a escombros. No hay nada que salvar. Ni del pasado ni del futuro, porque, por lo mismo, siempre se podr\u00edan haber hecho mejor las cosas. Si de aqu\u00ed a dos d\u00e9cadas se adelanta el voto a los quince a\u00f1os, deber\u00edamos considerar ileg\u00edtima cualquier decisi\u00f3n actual. Entregados a un desatado mundo subjuntivo, podemos destripar cualquier cosa, pasada, presente o futura<\/em>\u00bb (p. 31). As\u00ed se entiende, por ejemplo, la facilidad con que la izquierda posmoderna califica de \u00ab<em>ultraderechista<\/em>\u00bb o incluso \u00ab<em>fascista<\/em>\u00bb a cualquiera que se haya quedado en postulados que hace diez a\u00f1os eran calificados por sus mismos inquisidores como centristas, opinables o incluso reformistas. <\/span><\/p>\n<p style=\"text-align: justify;\"><span style=\"font-size: 14pt;\">El cuarto punto es el \u00ab<em>sentimentalismo: las emociones suplen a los argumentos<\/em>\u00bb. All\u00ed, en otro acierto fundamental, <strong>Ovejero<\/strong> analiza la manera c\u00f3mo, para la izquierda actual \u00ab<em>el sentimiento oficia como principio \u00faltimo. Se atribuye calidad moral a la emoci\u00f3n, que resulta valiosa por s\u00ed misma y no necesita justificaci\u00f3n ulterior<\/em>\u00bb (p. 32), con el fin de liberarse de responsabilidad, evitar la discusi\u00f3n e imponer el silencio. Ante esto, <strong>Ovejero<\/strong> fulmina con mucho sentido com\u00fan: \u00ab<em>los sentimientos no legitiman ninguna reclamaci\u00f3n ni, por ende, ning\u00fan derecho<\/em>\u00bb (p. 33). Esta obviedad es, en nuestros tiempos, una obviedad peligrosa, pues puede colocar a su autor en el pat\u00edbulo de los \u00absupremacistas\u00bb o de los \u00ab<em>hom\u00f3fobos<\/em>\u00bb en algunos medios acad\u00e9micos y period\u00edsticos, copados por izquierdistas reaccionarios y que no son precisamente marginales. M\u00e1s a\u00fan: <em>\u00ab[p]uedo sentirme <strong>Napole\u00f3n<\/strong> y, por tanto, puede resultar verdadero que \u201cme siento Napole\u00f3n\u201d. Pero eso no prueba que sea <strong>Napole\u00f3n<\/strong>, sino que tengo alg\u00fan trastorno. El hecho que me sienta Napole\u00f3n no me convierte en \u00e9l. Solo en el caso de <strong>Napole\u00f3n<\/strong> el sentimiento se corresponde con la realidad. El sentimiento no prueba nada m\u00e1s que la existencia del propio sentimiento<\/em>\u00bb (p.31). <\/span><\/p>\n<p style=\"text-align: justify;\"><span style=\"font-size: 14pt;\">Finalmente, el \u00faltimo punto de descarr\u00edo es el \u00ab<em>anticientificismo: la naturaleza no existe. Cualquier menci\u00f3n a la biolog\u00eda se entiende como una\u00a0<\/em><\/span><span style=\"font-size: 14pt;\"><em>resignaci\u00f3n. La naturaleza se ve como aceptaci\u00f3n y atadura<\/em>\u00bb (p. 34) cuya \u00ab<em>expresi\u00f3n m\u00e1s consumada y radical es la mencionada estigmatizaci\u00f3n de investigaciones consideradas inc\u00f3modas, que ha cuajado en la correcci\u00f3n pol\u00edtica, en la consolidaci\u00f3n de un nuevo puritanismo que pone en peligro la libertad de expresi\u00f3n y hasta de c\u00e1tedra<\/em>\u00bb (p. 35). <\/span><\/p>\n<p style=\"text-align: justify;\"><span style=\"font-size: 14pt;\">Este diagn\u00f3stico sistem\u00e1tico y agudo al describir el descarr\u00edo de la izquierda posmoderna es, seg\u00fan mi entender, el mayor acierto del libro. Seguidamente, el autor pasa a revisar las l\u00edneas program\u00e1ticas m\u00e1s cl\u00e1sicas de la izquierda tradicional \u2013como la confianza en la expansi\u00f3n de las fuerzas productivas como motor de la emancipaci\u00f3n social (p. 37), el profundo desprecio por el nacionalismo cultural identitario y la cr\u00edtica a las religiones como viveros de irracionalidad y<img loading=\"lazy\" decoding=\"async\" class=\"wp-image-3269 alignleft\" src=\"https:\/\/puntocritico.com\/ausajpuntocritico\/wp-content\/uploads\/2017\/06\/Bonaparte-La-Espa\u00f1a-republicana-y-mon\u00e1rquica.jpg\" alt=\"\" width=\"480\" height=\"393\" data-id=\"3269\" srcset=\"https:\/\/puntocritico.com\/ausajpuntocritico\/wp-content\/uploads\/2017\/06\/Bonaparte-La-Espa\u00f1a-republicana-y-mon\u00e1rquica.jpg 725w, https:\/\/puntocritico.com\/ausajpuntocritico\/wp-content\/uploads\/2017\/06\/Bonaparte-La-Espa\u00f1a-republicana-y-mon\u00e1rquica-300x245.jpg 300w\" sizes=\"auto, (max-width: 480px) 100vw, 480px\" \/> la lucha por la raz\u00f3n (pp. 38-39)\u2013 y a contrastarlas con el discurso y praxis de la izquierda reaccionaria actual, que desconf\u00eda de la ciencia y de la producci\u00f3n, tiende a simpatizar con ciertas religiones y sacrifica la noci\u00f3n republicana ilustrada, basada en una comunidad jur\u00eddica, por mitos nacionalistas culturales identitarios. Ah\u00ed es cuando la reflexi\u00f3n se complejiza y se hace menos cristalina y m\u00e1s discutible (<em>lo que, bien mirando, no es tan malo<\/em>). <\/span><\/p>\n<p style=\"text-align: justify;\"><span style=\"font-size: 14pt;\">Por ejemplo, <strong>Ovejero<\/strong> se\u00f1ala que, frente a la idea de la \u00ab<em>rep\u00fablica \u00fanica e indivisible<\/em>\u00bb que se origina en la Revoluci\u00f3n francesa y que inspir\u00f3 \u00ab<em>las revoluciones democr\u00e1ticas<\/em>\u00bb e incluso el programa de la <em>Liga de los Comunistas<\/em> de <strong>Marx<\/strong> alrededor de 1848, el \u00ab<em>pensamiento conservador en su vertiente m\u00e1s reaccionaria, la que conduce por v\u00eda directa desde algunas variantes del Romanticismo y sobre todo de la escuela hist\u00f3rica del derecho (expl\u00edcitamente antiilustrada e irracionalista) hasta el nazismo, defender\u00e1 a comunidades pol\u00edticas basadas en identidades\/esencias\/esp\u00edritus del pueblo (Volkgeist) impermeables a las mudanzas del tiempo, donde las leyes, sedimento de la tradici\u00f3n, se calibrar\u00edan por su ajuste a dichas identidades<\/em>\u00bb (p. 46). La izquierda actual, en su acercamiento al nacionalismo identitario, habr\u00eda acabado acerc\u00e1ndose a posiciones semejantes. Sin embargo, si se revisa, incluso superficialmente, la historia de las ideas europeas en el siglo XIX, se ver\u00e1 claramente que \u00ab<em>el pensamiento conservador en su vertiente m\u00e1s reaccionaria<\/em>\u00bb no solo no era partidario del nacionalismo, sino era profundamente antinacionalista. La figura representativa de la acci\u00f3n pol\u00edtica \u00abm\u00e1s reaccionaria\u00bb era la del <strong>pr\u00edncipe de Metternich<\/strong>, gran cosmopolita auspiciador de iniciativas como la <em><strong>Santa Alianza<\/strong><\/em> y los sistemas de congresos contrarrevolucionarios. Los llamados absolutistas no entend\u00edan la comunidad pol\u00edtica como una identidad centrada en un <em>volkgeist<\/em>, sino como una comunidad multi\u00e9tnica unificada por la lealtad din\u00e1stica y, hasta cierto punto, por la religi\u00f3n, en un horizonte donde conservar tanto la paz interna como el equilibrio internacional eran los objetivos m\u00e1s importantes. <strong>Donoso Cort\u00e9s<\/strong>, por su parte, ve\u00eda en la pol\u00edtica una necesaria\u00a0<\/span><span style=\"font-size: 14pt;\">defensa del orden contra revolucionarios que, sean liberales, nacionalistas o socialistas, pretend\u00edan realizar masivos experimentos sociales que no eran m\u00e1s que teolog\u00edas pol\u00edticas secularizadas con un correlato necesariamente tir\u00e1nico y sangriento. Esos eran los representantes del \u00ab<em>pensamiento conservador en su vertiente m\u00e1s reaccionaria<\/em>\u00bb entre 1789 y 1848, que es el periodo al que el autor se refiere en ese pasaje. M\u00e1s bien el estudiante liberal-nacionalista (<em>como se sol\u00eda decir en Alemania<\/em>) que asesin\u00f3 al escritor reaccionario <strong>Kotzebue<\/strong> (1819) provocando los <strong><em>decretos de Carlsbad<\/em><\/strong>, as\u00ed como las masas juveniles revolucionarias del <em>Vorm\u00e4rz<\/em> y la <em>Hambacher Fest<\/em> estaban m\u00e1s cerca de los jacobinos que de los reaccionarios y conservadores de aquel tiempo. Ya el <em>abate<\/em> <strong>Barruel<\/strong> hab\u00eda se\u00f1alado con agudeza la pronta deriva xen\u00f3foba violenta de la <em>Revoluci\u00f3n francesa<\/em> en armas. Adem\u00e1s, la prol\u00edfica progenie de <strong>Kant<\/strong>, representada por <strong>Fichte<\/strong> (<em>influencia fundamental en el nacionalismo germ\u00e1nico ulterior<\/em>), <strong>Schelling<\/strong> y <strong>Hegel<\/strong> salud\u00f3 con alegr\u00eda la <em>Revoluci\u00f3n<\/em>, como una ocasi\u00f3n para concretar profundos anhelos de reconciliaci\u00f3n entre el individuo y la colectividad. Incluso <strong>Hegel<\/strong> en sus tiempos de mayor moderantismo seguir\u00eda saludando aquel acontecimiento como el orto de un nuevo mundo. As\u00ed que ni los \u00ab<em>conservadores m\u00e1s reaccionarios<\/em>\u00bb eran nacionalistas, ni el nacionalismo identitario estuvo lejos de la \u00ab<em>naci\u00f3n \u00fanica e indivisible<\/em>\u00bb y de otros ideales republicanos reivindicados por la <em>Revoluci\u00f3n francesa<\/em>, cuyos principios y mitolog\u00eda el autor parece reverenciar demasiado; m\u00e1s bien parece existir entre ellos un cierto parentesco complejo y contradictorio pero notorio <strong>(7)<\/strong>.<\/span><\/p>\n<p>&nbsp;<\/p>\n<p><img loading=\"lazy\" decoding=\"async\" class=\"aligncenter wp-image-2233758\" src=\"https:\/\/puntocritico.com\/ausajpuntocritico\/wp-content\/uploads\/2021\/11\/Talmud-desgraciada-la-generacion-cuyos-jueces-merecen-ser-juzgados.jpg\" alt=\"\" width=\"555\" height=\"244\" data-id=\"2233758\" srcset=\"https:\/\/puntocritico.com\/ausajpuntocritico\/wp-content\/uploads\/2021\/11\/Talmud-desgraciada-la-generacion-cuyos-jueces-merecen-ser-juzgados.jpg 639w, https:\/\/puntocritico.com\/ausajpuntocritico\/wp-content\/uploads\/2021\/11\/Talmud-desgraciada-la-generacion-cuyos-jueces-merecen-ser-juzgados-300x132.jpg 300w, https:\/\/puntocritico.com\/ausajpuntocritico\/wp-content\/uploads\/2021\/11\/Talmud-desgraciada-la-generacion-cuyos-jueces-merecen-ser-juzgados-610x268.jpg 610w\" sizes=\"auto, (max-width: 555px) 100vw, 555px\" \/><\/p>\n<p>&nbsp;<\/p>\n<p style=\"text-align: justify;\"><span style=\"font-size: 14pt;\">Otro aspecto digno de discusi\u00f3n en el libro es el problema religioso. Para el autor, el precio a pagar para que la religi\u00f3n pueda sobrevivir en una democracia es el decaimiento de su vocaci\u00f3n p\u00fablica (p. 44), que para \u00e9l es a tal punto esencial que cualquier religi\u00f3n que recorriese ese camino \u00ab<em>dejaba de ser religi\u00f3n<\/em>\u00bb (p. 45). Aqu\u00ed tenemos un olvido de la condici\u00f3n supraterrenal del discurso religioso que no solo puede prescindir de la puesta en acto de una vocaci\u00f3n p\u00fablica \u2013sin que eso signifique un menoscabo de su llamado universalista\u2013, sino que tambi\u00e9n, como se\u00f1ala <strong>Eric Voegelin<\/strong>, provoca, en el caso del cristianismo, una desdivinizaci\u00f3n de lo pol\u00edtico que originar\u00eda las libertades pol\u00edticas occidentales mientras que m\u00e1s bien la redivinizaci\u00f3n del mundo, nacida la modernidad secularizante, ser\u00eda el caldo de cultivo del totalitarismo. En el cap\u00edtulo<em> Religi\u00f3n y democracia deliberativa<\/em> que, como ya se\u00f1alamos, tiene una relaci\u00f3n remota con el tema del libro y podr\u00eda ser totalmente prescindible, las afirmaciones audaces y a veces controvertibles\u00a0<\/span><span style=\"font-size: 14pt;\">acompa\u00f1an a un interesante repaso de las posiciones de pensadores como <strong>Rawls, Habermas, Ratzinger<\/strong> e incluso del fascinante fil\u00f3sofo anal\u00edtico calvinista <strong>Alvin Plantinga<\/strong>, escasamente conocido en el mundo hisp\u00e1nico. La tesis del autor es que la democracia deliberativa en su sentido m\u00e1s fuerte es incompatible con la religi\u00f3n en su sentido m\u00e1s pleno y que para que exista una convivencia alguna debe de ceder. M\u00e1s all\u00e1 del valor de tan sugerente tesis, nos parece un error tomar a toda religi\u00f3n, incluso a las del tronco <em>abrah\u00e1mico<\/em>, como si se tratase de un fen\u00f3meno casi en todo semejante, sin notar que hay diferencias notorias y esenciales. Por otro lado, su juzgamiento del pensamiento de <strong>P\u00edo IX<\/strong> y del de <strong>Ratzinger<\/strong> olvida conceptos interpretativos imprescindibles para cualquiera que desee acercarse a las doctrinas sociales y pol\u00edticas cat\u00f3licas, como la distinci\u00f3n entre orden natural y sobrenatural, la noci\u00f3n de bien com\u00fan, la sociabilidad natural del hombre y la dimensi\u00f3n de la salvaci\u00f3n no solo <em>p\u00edstica<\/em>, es decir, referida a la fe, sino, por sobre todo, sacramental, en el caso cat\u00f3lico. As\u00ed, por ejemplo, la exclusividad salv\u00edfica que la doctrina tradicional cat\u00f3lica atribuye a la Iglesia, que el autor analiza (p. 338), no es se\u00f1al principalmente de un rechazo pol\u00edtico al pluralismo, sino de una constataci\u00f3n de que el hombre sin la gracia sacramental es incapaz de alcanzar un fin que, ni por justicia natural ni por puro conocimiento, le corresponde, sino que es un regalo absoluto divino: la visi\u00f3n beat\u00edfica. As\u00ed, incluso en figuras como <strong>Jacques Maritain<\/strong> la creencia teol\u00f3gica en la exclusiva necesidad de los sacramentos cat\u00f3licos para la salvaci\u00f3n pod\u00eda convivir con un pluralismo pol\u00edtico bastante amplio (<em>m\u00e1s all\u00e1, claro est\u00e1, de la valoraci\u00f3n que sus teor\u00edas de la nueva cristiandad puedan despertar<\/em>). Porque las realidades incomunicables y misteriosas del orden sobrenatural no aniquilan el orden natural y su consistencia relativa. <\/span><\/p>\n<p style=\"text-align: justify;\"><span style=\"font-size: 14pt;\">Pasar por alto estos matices lleva al autor a considerar que para <strong>P\u00edo IX<\/strong>, el mismo papa que conden\u00f3 el fide\u00edsmo en el <strong>Concilio Vaticano I<\/strong>, \u00ab<em>los mandatos de Dios son la \u00fanica fuente de moralidad<\/em>\u00bb (p. 348). La condena piana a la doctrina que considera la libertad religiosa como un derecho fundamental del hombre ten\u00eda, aunque se ignore, un fundamento que sus defensores pretend\u00edan encontrar tambi\u00e9n en una reflexi\u00f3n racional natural y no revelada: siendo que, en la tradici\u00f3n cl\u00e1sica, todo derecho implica un bien, hablar de un derecho vano, es decir, referido a un objeto indeterminado y difuso como la libertad religiosa entendida como b\u00fasqueda indiferente <em>in fieri<\/em> y no a un bien definido ser\u00eda absurdo. Por tanto, no habr\u00eda un derecho natural a la libertad religiosa, a lo sumo un derecho positivo a la tolerancia de cultos en sociedades <em>plurirreligiosas<\/em> en aras de preservar la paz. Al margen de la valoraci\u00f3n que suscite esta explicaci\u00f3n, est\u00e1 lejos de ser una mera manifestaci\u00f3n de la <em>voluntas ordinata<\/em> revelada e incuestionable de Dios en un texto sagrado, como es el caso de la <em>sharia<\/em> cor\u00e1nica. Algo semejante ocurre en su audaz afirmaci\u00f3n de que existir\u00eda una contradicci\u00f3n entre la constituci\u00f3n del <strong>Vaticano II <em>Lumen Gentium<\/em><\/strong>,\u00a0<\/span><span style=\"font-size: 14pt;\">especialmente en su <em>punto 16<\/em>, y la declaraci\u00f3n <em>Dominus Iesus<\/em>, firmada por el cardenal <strong>Ratzinger<\/strong> en 2002 (p. 339). Antes que saber si podr\u00eda haberla (<em>debate que no ser\u00eda para nada extra\u00f1o pues la multivocidad y bicefalia de los textos conciliares dan para entrampamientos semejantes<\/em>), creo que es imprescindible entender que la Lumen Gentium es un texto esencialmente eclesiol\u00f3gico y que la <em>Dominus Iesus<\/em> reflexiona sobre la sacramentalidad salv\u00edfica de la Iglesia, as\u00ed que podr\u00eda ser que est\u00e9n diciendo las mismas cosas pero desde distintos \u00e1ngulos. Sea lo que fuere, esta excursi\u00f3n del autor en los mares turbulentos de la religi\u00f3n parece no estar tan vinculada al objeto de su libro e incluso lo expone a cometer algunos gazapos m\u00ednimos (en alg\u00fan momento del libro encontramos una confusi\u00f3n de <strong>P\u00edos<\/strong> \u2013entre el <strong>IX<\/strong> y el <strong>X<\/strong>, p. 318), y al cardenal <strong>Richelieu<\/strong> combatiendo al lado de luteranos suizos durante la guerra de los treinta a\u00f1os (<em>nota 77, p. 352) \u00bfNo se tratar\u00e1, m\u00e1s bien, de los suecos de<strong> Gustavo Adolfo<\/strong>?<\/em>).<\/span><\/p>\n<p>&nbsp;<\/p>\n<p><img loading=\"lazy\" decoding=\"async\" class=\"size-full wp-image-2224238 aligncenter\" src=\"https:\/\/puntocritico.com\/ausajpuntocritico\/wp-content\/uploads\/2021\/09\/Generacio\u0301n-Z-jo\u0301venes.jpg\" alt=\"\" width=\"800\" height=\"206\" data-id=\"2224238\" srcset=\"https:\/\/puntocritico.com\/ausajpuntocritico\/wp-content\/uploads\/2021\/09\/Generacio\u0301n-Z-jo\u0301venes.jpg 800w, https:\/\/puntocritico.com\/ausajpuntocritico\/wp-content\/uploads\/2021\/09\/Generacio\u0301n-Z-jo\u0301venes-300x77.jpg 300w, https:\/\/puntocritico.com\/ausajpuntocritico\/wp-content\/uploads\/2021\/09\/Generacio\u0301n-Z-jo\u0301venes-768x198.jpg 768w, https:\/\/puntocritico.com\/ausajpuntocritico\/wp-content\/uploads\/2021\/09\/Generacio\u0301n-Z-jo\u0301venes-610x157.jpg 610w\" sizes=\"auto, (max-width: 800px) 100vw, 800px\" \/><\/p>\n<p>&nbsp;<\/p>\n<p style=\"text-align: justify;\"><span style=\"font-size: 14pt;\">Un interesante camino reflexivo no explorado por el autor es la posibilidad de que la \u00ab<em>mirada adolescente<\/em>\u00bb de la <strong><em>izquierda posmoderna<\/em><\/strong> y sus descarr\u00edos <em>irracionalistas<\/em> obedezcan no a un repentino e inexplicable cambio de agujas en <strong>1968<\/strong>, sino al proceso de cambio de base social de la izquierda occidental, nacido tanto del ascenso social del proletariado a la clase media como de la opci\u00f3n <em><strong>marcusiana<\/strong> <\/em>por el \u00ab<em>el substrato de los proscritos y los \u201cextra\u00f1os\u201d [cuya] oposici\u00f3n es revolucionaria incluso si su conciencia no lo es. Su oposici\u00f3n golpea al sistema desde el exterior y por tanto no es derrotada por el sistema; es una fuerza elemental que viola las reglas del juego y, al hacerlo, lo revela como una partida trucada<\/em>\u00bb <strong>(8)<\/strong>. Quiz\u00e1 a una base social extra\u00f1a de estudiantes y estetas adolescentes e intelectuales <em><a href=\"https:\/\/puntocritico.com\/ausajpuntocritico\/2020\/08\/06\/los-traidores-del-noveno-circulo-del-infierno-la-tactica-trotskista-del-entrismo-por-rolando-astarita-2\/\"><img loading=\"lazy\" decoding=\"async\" class=\"alignleft wp-image-15236\" src=\"https:\/\/puntocritico.com\/ausajpuntocritico\/wp-content\/uploads\/2018\/12\/Logo_Troya_Podemos_678x381-150x150.jpg\" alt=\"\" width=\"240\" height=\"135\" data-id=\"15236\" srcset=\"https:\/\/puntocritico.com\/ausajpuntocritico\/wp-content\/uploads\/2018\/12\/Logo_Troya_Podemos_678x381-300x169.jpg 300w, https:\/\/puntocritico.com\/ausajpuntocritico\/wp-content\/uploads\/2018\/12\/Logo_Troya_Podemos_678x381-267x150.jpg 267w, https:\/\/puntocritico.com\/ausajpuntocritico\/wp-content\/uploads\/2018\/12\/Logo_Troya_Podemos_678x381.jpg 678w\" sizes=\"auto, (max-width: 240px) 100vw, 240px\" \/><\/a>juven\u00f3latras<\/em> le corresponda tambi\u00e9n una epistemolog\u00eda extra\u00f1a que justifique una <em>praxis<\/em> sentimentalista e irracional. Si bien es cierto que achacar los descarr\u00edos de la izquierda actual a la ya vetusta <em><strong>Escuela de Frankfurt<\/strong><\/em> se ha convertido en un <em>clich\u00e9<\/em>, hay que evitar que ignorar su influencia acabe por convertirse en otro. <\/span><\/p>\n<p style=\"text-align: justify;\"><span style=\"font-size: 14pt;\">El autor ofrece tambi\u00e9n algunos horizontes de reflexi\u00f3n y acci\u00f3n para remediar este descarr\u00edo: urge volver a la racionalidad pr\u00e1ctica, a trav\u00e9s de una distinci\u00f3n entre principios y objetivos s\u00f3lidos y coherentes y procedimientos flexibles, sujetos a constante revisi\u00f3n (pp. 61-75), teniendo siempre presente que \u00ab<em>[n]o tenemos por qu\u00e9 abandonar la vieja confianza ilustrada en que la raz\u00f3n y la buena ciencia constituyen el mejor comienzo para ordenar con m\u00e1s decencia la vida compartida<\/em>\u00bb (p. 186). Quiz\u00e1 a alguno esta propuesta le parezca inasumible, ingenua e incluso arbitraria. \u00bfNo ser\u00e1 querer recluir a la tradici\u00f3n revolucionaria occidental en sus estadios originales dieciochescos un intento de atar el sol o arar en un <em>r\u00edo heracliteano<\/em>, en perpetua y necesaria contradicci\u00f3n? Pero nadie debiera exigir un peso mayor a las propuestas constructivas en libros\u00a0<\/span><span style=\"font-size: 14pt;\">eminentemente cr\u00edticos, especialmente en una coyuntura en que el <em>buenismo<\/em> y la <em>autocensura<\/em> en los medios acad\u00e9micos nos privan de tan importantes instancias reflexivas. En conclusi\u00f3n, <em><strong>La deriva reaccionaria de la izquierda<\/strong><\/em> manifiesta una agudeza y, por sobre todo, un gran valor moral, especialmente por ser el autor una persona que se considera izquierdista. Una prueba palpable de ambas caracter\u00edsticas es una reflexi\u00f3n de 1994 referida al racismo en los <strong>Estados Unidos<\/strong> y que quiz\u00e1 en nuestros extra\u00f1os y tumultuosos d\u00edas podr\u00eda arrojar a su autor al <em>ostracismo<\/em>: \u00ab<em>Inexplicablemente, la sociedad norteamericana se manifiesta poco racista. Lo sucedido en Los \u00c1ngeles en 1992, a contrapelo de las interpretaciones m\u00e1s urgentes, mostr\u00f3 el sentido exacto de este juicio. En un escenario racista, la secuencia de los acontecimientos hubiera sido diferente. Despu\u00e9s de la violenta reacci\u00f3n de la comunidad negra ante una injusta sentencia, cab\u00eda prever una penalizaci\u00f3n global contra \u201clos negros\u201d, que no se produjo. El racismo consiste en eso: en tomar al individuo como responsable de las acciones de un grupo con el que comparte alg\u00fan rasgo \u00e9tnico. Si alg\u00fan racismo aflor\u00f3 en aquellos d\u00edas de abril, hay que buscarlo en las acciones de los vecinos negros. Los blancos asesinados lo fueron por el simple hecho de serlo. No hubo reacciones semejantes contra la poblaci\u00f3n negra (\u2026). Los problemas son otros, y ese racismo que no llega resume buena parte de las patolog\u00edas de una cultura castradora que desatiende los datos, acartona las formas y, terriblemente, puede confirmar el viejo adagio dial\u00e9ctico de que la historia avanza siempre por su peor lado<\/em>\u00bb (p. 117).<\/span><\/p>\n<p style=\"text-align: justify;\"><span style=\"font-size: 14pt;\"> Nada m\u00e1s exacto ni m\u00e1s prof\u00e9tico en 2020.<\/span><\/p>\n<p>&nbsp;<\/p>\n<figure id=\"attachment_2233454\" aria-describedby=\"caption-attachment-2233454\" style=\"width: 678px\" class=\"wp-caption aligncenter\"><img loading=\"lazy\" decoding=\"async\" class=\"wp-image-2233454 size-mh-magazine-content\" src=\"https:\/\/puntocritico.com\/ausajpuntocritico\/wp-content\/uploads\/2021\/12\/Izquierda-reaccionaria-2-678x381.jpg\" alt=\"\" width=\"678\" height=\"381\" data-id=\"2233454\" \/><figcaption id=\"caption-attachment-2233454\" class=\"wp-caption-text\"><span style=\"color: #008000;\">La Izquierda Reaccionaria<\/span><\/figcaption><\/figure>\n<p>&nbsp;<\/p>\n<hr \/>\n<p style=\"text-align: center;\"><strong><span style=\"font-size: 14pt;\">\u00a0 \u00a0 \u00a0 \u00a0 NOTAS<\/span><\/strong><\/p>\n<blockquote>\n<p style=\"text-align: justify;\"><span style=\"font-size: 12pt;\">* El Autor, C\u00e9sar F\u00e9lix S\u00e1nchez Mart\u00ednez, es profesor de la <\/span><span style=\"font-size: 14pt;\"><span style=\"font-size: 12pt;\">Universidad Nacional de San Agust\u00edn de Arequipa (Per\u00fa)<\/span><\/span><\/p>\n<p style=\"text-align: justify;\">1 Eric Hobsbawm, Historia del siglo XX, Buenos Aires, Cr\u00edtica, 1998, p. 140.<\/p>\n<p style=\"text-align: justify;\">2 Cfr. Jos\u00e9 Carlos Mari\u00e1tegui, El alma matinal y otras estaciones del hombre de hoy, Lima, Empresa Editora Amauta, 1950. Curiosamente Erik von Kuehnnelt-Leddihn, en su incisivo Leftism. From de Sade and Marx to Hitler and Marcuse (New Rochelle, Arlington House, 1974) localiza los or\u00edgenes de la New Left estadounidense (madre de la izquierda posmoderna actual) en el movimiento de C\u00f3rdoba y en la agitaci\u00f3n estudiantil de \u00abthe young Victor Raul Haya de la Torre (later to become the leader of the leftist APRA)\u00bb (p. 373). La posibilidad de rastrear los or\u00edgenes de la izquierda reaccionaria actual en literatos latinoamericanos patricios de inicios del siglo XX en perpetua crisis de identidad podr\u00eda ser bastante sugerente.<\/p>\n<p style=\"text-align: justify;\">3 Comp\u00e1rese el Bol\u00edvar leninista avant la lettre del Partido Socialista Unido de Venezuela con el ya cl\u00e1sico Bol\u00edvar conservador de V\u00edctor Andr\u00e9s Belaunde, Bol\u00edvar y el Pensamiento Pol\u00edtico de la Revoluci\u00f3n Hispanoamericana, Lima, JOOM, 1983.<\/p>\n<p style=\"text-align: justify;\">4 Mauricio-Jos\u00e9 Schwarz, La izquierda feng-shui. Cuando la ciencia y la raz\u00f3n dejaron de ser progres, Barcelona, Planeta, 2017.<\/p>\n<p style=\"text-align: justify;\">5 Como por ejemplo El marxismo hoy. La herencia de Gramsci y Althusser, Madrid, Batiscafo, p. 2015.<\/p>\n<p style=\"text-align: justify;\">6 Allan Bloom, The Closing of the American Mind, New York, Simon &amp; Schuster, 1987, p. 243.<\/p>\n<p style=\"text-align: justify;\">7 No es dif\u00edcil descubrir, incluso por confesi\u00f3n expl\u00edcita de sus ide\u00f3logos, al fascismo y al nazismo como una aufhebung del Risorgimento y de la tradici\u00f3n nacional-liberal austr\u00edaca y alemana que fueron, a su vez, aufhebung del legado revolucionario franc\u00e9s. Como un vestigio de las alineaciones pol\u00edticas tradicionales en el antiguo mundo habsb\u00farguico, hasta hace no mucho era com\u00fan que liberales laicistas y post-nazis austr\u00edacos militasen en el mismo partido (el famoso Freiheitliche Partei \u00d6sterreichs).<\/p>\n<p style=\"text-align: justify;\">8 Herbert Marcuse, El hombre unidimensional. Ensayo sobre la ideolog\u00eda de la sociedad industrial avanzada, Barcelona, Seix Barral, 1971, p. 285.<\/p>\n<\/blockquote>\n<p>&nbsp;<\/p>\n<p><img loading=\"lazy\" decoding=\"async\" class=\"aligncenter size-full wp-image-2233458\" src=\"https:\/\/puntocritico.com\/ausajpuntocritico\/wp-content\/uploads\/2021\/12\/ofendiditos-comic.jpg\" alt=\"\" width=\"400\" height=\"400\" data-id=\"2233458\" srcset=\"https:\/\/puntocritico.com\/ausajpuntocritico\/wp-content\/uploads\/2021\/12\/ofendiditos-comic.jpg 400w, https:\/\/puntocritico.com\/ausajpuntocritico\/wp-content\/uploads\/2021\/12\/ofendiditos-comic-300x300.jpg 300w, https:\/\/puntocritico.com\/ausajpuntocritico\/wp-content\/uploads\/2021\/12\/ofendiditos-comic-150x150.jpg 150w\" sizes=\"auto, (max-width: 400px) 100vw, 400px\" \/><\/p>\n<p style=\"text-align: center;\"><strong><span style=\"color: #008000; font-size: 18pt;\">*******<\/span><\/strong><\/p>\n<h2 style=\"text-align: justify;\"><span style=\"font-size: 14pt;\"><strong>RELACIONADOS:<\/strong><\/span><\/h2>\n<blockquote class=\"wp-embedded-content\" data-secret=\"D7hmPdWOGx\"><p><a href=\"https:\/\/puntocritico.com\/ausajpuntocritico\/2021\/04\/29\/podemos-de-las-jons-y-el-movimiento-nacional-la-confluencia-que-silencian-los-medios-3\/\">Podemos de las JONS y el Movimiento Nacional, la \u00abConfluencia\u00bb que silencian los medios<\/a><\/p><\/blockquote>\n<p><iframe loading=\"lazy\" class=\"wp-embedded-content\" sandbox=\"allow-scripts\" security=\"restricted\" style=\"position: absolute; clip: rect(1px, 1px, 1px, 1px);\" title=\"\u00abPodemos de las JONS y el Movimiento Nacional, la \u00abConfluencia\u00bb que silencian los medios\u00bb \u2014 Punto Cr\u00edtico Derechos Humanos\" src=\"https:\/\/puntocritico.com\/ausajpuntocritico\/2021\/04\/29\/podemos-de-las-jons-y-el-movimiento-nacional-la-confluencia-que-silencian-los-medios-3\/embed\/#?secret=FXc18ugDuE#?secret=D7hmPdWOGx\" data-secret=\"D7hmPdWOGx\" width=\"500\" height=\"282\" frameborder=\"0\" marginwidth=\"0\" marginheight=\"0\" scrolling=\"no\"><\/iframe><\/p>\n<p>https:\/\/puntocritico.com\/ausajpuntocritico\/2020\/08\/06\/los-traidores-del-noveno-circulo-del-infierno-la-tactica-trotskista-del-entrismo-por-rolando-astarita-2\/<\/p>\n<blockquote class=\"wp-embedded-content\" data-secret=\"OX5d3rr5ST\"><p><a href=\"https:\/\/puntocritico.com\/ausajpuntocritico\/2021\/02\/23\/traidores-revolucionarios-el-caso-de-alex-saab-revolucion-socialismo-enriquecimiento-personal\/\">TRAIDORES  REVOLUCIONARIOS: EL CASO DE ALEX SAAB. Revoluci\u00f3n, Socialismo y Enriquecimiento Personal.<\/a><\/p><\/blockquote>\n<p><iframe loading=\"lazy\" class=\"wp-embedded-content\" sandbox=\"allow-scripts\" security=\"restricted\" style=\"position: absolute; clip: rect(1px, 1px, 1px, 1px);\" title=\"\u00abTRAIDORES  REVOLUCIONARIOS: EL CASO DE ALEX SAAB. Revoluci\u00f3n, Socialismo y Enriquecimiento Personal.\u00bb \u2014 Punto Cr\u00edtico Derechos Humanos\" src=\"https:\/\/puntocritico.com\/ausajpuntocritico\/2021\/02\/23\/traidores-revolucionarios-el-caso-de-alex-saab-revolucion-socialismo-enriquecimiento-personal\/embed\/#?secret=9tn0L2eiZK#?secret=OX5d3rr5ST\" data-secret=\"OX5d3rr5ST\" width=\"500\" height=\"282\" frameborder=\"0\" marginwidth=\"0\" marginheight=\"0\" scrolling=\"no\"><\/iframe><\/p>\n<blockquote class=\"wp-embedded-content\" data-secret=\"oyVPaVBqO1\"><p><a href=\"https:\/\/puntocritico.com\/ausajpuntocritico\/2022\/04\/06\/esta-todo-en-shakespeare\/\">TEMA DEL TRAIDOR Y DEL H\u00c9ROE: \u00abAy del que est\u00e1 solo\u00bb, por Luis Algorri. \u00abEst\u00e1 todo en Shakespeare. No hace falta buscar mucho m\u00e1s all\u00e1\u00bb.<\/a><\/p><\/blockquote>\n<p><iframe loading=\"lazy\" class=\"wp-embedded-content\" sandbox=\"allow-scripts\" security=\"restricted\" style=\"position: absolute; clip: rect(1px, 1px, 1px, 1px);\" title=\"\u00abTEMA DEL TRAIDOR Y DEL H\u00c9ROE: \u00abAy del que est\u00e1 solo\u00bb, por Luis Algorri. \u00abEst\u00e1 todo en Shakespeare. No hace falta buscar mucho m\u00e1s all\u00e1\u00bb.\u00bb \u2014 Punto Cr\u00edtico Derechos Humanos\" src=\"https:\/\/puntocritico.com\/ausajpuntocritico\/2022\/04\/06\/esta-todo-en-shakespeare\/embed\/#?secret=y0aiSlo3vl#?secret=oyVPaVBqO1\" data-secret=\"oyVPaVBqO1\" width=\"500\" height=\"282\" frameborder=\"0\" marginwidth=\"0\" marginheight=\"0\" scrolling=\"no\"><\/iframe><\/p>\n<blockquote class=\"wp-embedded-content\" data-secret=\"lw9sC52auc\"><p><a href=\"https:\/\/puntocritico.com\/ausajpuntocritico\/2020\/06\/01\/ejecutados-en-indefension-parte-i-corria-el-ano-2009-republicado\/\">EJECUTADOS EN INDEFENSI\u00d3N (Parte I): Corr\u00eda el a\u00f1o 2009<\/a><\/p><\/blockquote>\n<p><iframe loading=\"lazy\" class=\"wp-embedded-content\" sandbox=\"allow-scripts\" security=\"restricted\" style=\"position: absolute; clip: rect(1px, 1px, 1px, 1px);\" title=\"\u00abEJECUTADOS EN INDEFENSI\u00d3N (Parte I): Corr\u00eda el a\u00f1o 2009\u00bb \u2014 Punto Cr\u00edtico Derechos Humanos\" src=\"https:\/\/puntocritico.com\/ausajpuntocritico\/2020\/06\/01\/ejecutados-en-indefension-parte-i-corria-el-ano-2009-republicado\/embed\/#?secret=seKN2WbeFU#?secret=lw9sC52auc\" data-secret=\"lw9sC52auc\" width=\"500\" height=\"282\" frameborder=\"0\" marginwidth=\"0\" marginheight=\"0\" scrolling=\"no\"><\/iframe><\/p>\n<blockquote class=\"wp-embedded-content\" data-secret=\"nVMHwbi0US\"><p><a href=\"https:\/\/puntocritico.com\/ausajpuntocritico\/2021\/04\/22\/corrupcion-judicial-el-iuez-si-iudga-tuerto-tolero-una-republica-corrompida-que-asegure-los-derechos-de-los-ciudadanos-pero-jamas-aceptare-una-dictadura-sin-ning\/\">CORRUPCI\u00d3N JUDICIAL: \u201dEL iuez si iudga Tuerto \u2026\u201c. \u201cM\u00e1s que la Independencia, me interesa la Imparcialidad\u00bb.<\/a><\/p><\/blockquote>\n<p><iframe loading=\"lazy\" class=\"wp-embedded-content\" sandbox=\"allow-scripts\" security=\"restricted\" style=\"position: absolute; clip: rect(1px, 1px, 1px, 1px);\" title=\"\u00abCORRUPCI\u00d3N JUDICIAL: \u201dEL iuez si iudga Tuerto \u2026\u201c. \u201cM\u00e1s que la Independencia, me interesa la Imparcialidad\u00bb.\u00bb \u2014 Punto Cr\u00edtico Derechos Humanos\" src=\"https:\/\/puntocritico.com\/ausajpuntocritico\/2021\/04\/22\/corrupcion-judicial-el-iuez-si-iudga-tuerto-tolero-una-republica-corrompida-que-asegure-los-derechos-de-los-ciudadanos-pero-jamas-aceptare-una-dictadura-sin-ning\/embed\/#?secret=eIkI8OltbH#?secret=nVMHwbi0US\" data-secret=\"nVMHwbi0US\" width=\"500\" height=\"282\" frameborder=\"0\" marginwidth=\"0\" marginheight=\"0\" scrolling=\"no\"><\/iframe><\/p>\n<blockquote class=\"wp-embedded-content\" data-secret=\"wMz1j7lgdn\"><p><a href=\"https:\/\/puntocritico.com\/ausajpuntocritico\/2020\/12\/24\/ppoe-la-hidra-de-cinco-cabezas-de-momento\/\">PP$OE, la Hidra de cinco cabezas\u2026. de momento<\/a><\/p><\/blockquote>\n<p><iframe loading=\"lazy\" class=\"wp-embedded-content\" sandbox=\"allow-scripts\" security=\"restricted\" style=\"position: absolute; clip: rect(1px, 1px, 1px, 1px);\" title=\"\u00abPP$OE, la Hidra de cinco cabezas\u2026. de momento\u00bb \u2014 Punto Cr\u00edtico Derechos Humanos\" src=\"https:\/\/puntocritico.com\/ausajpuntocritico\/2020\/12\/24\/ppoe-la-hidra-de-cinco-cabezas-de-momento\/embed\/#?secret=cbPvPseBHw#?secret=wMz1j7lgdn\" data-secret=\"wMz1j7lgdn\" width=\"500\" height=\"282\" frameborder=\"0\" marginwidth=\"0\" marginheight=\"0\" scrolling=\"no\"><\/iframe><\/p>\n<blockquote class=\"wp-embedded-content\" data-secret=\"gTiu4FH5gf\"><p><a href=\"https:\/\/puntocritico.com\/ausajpuntocritico\/2022\/04\/12\/nacionalismo-y-franquismo-el-regimen-del-78\/\">NACIONALISMO Y FRANQUISMO: EL R\u00c9GIMEN DEL 78, LA MEGAM\u00c1QUINA DE ROBAR HEREDADA DEL FRANQUISMO. Desde el Franquismo a la Posdemocracia. Oprimidos por los mismos perros; sujetos por los mismos collares.<\/a><\/p><\/blockquote>\n<p><iframe loading=\"lazy\" class=\"wp-embedded-content\" sandbox=\"allow-scripts\" security=\"restricted\" style=\"position: absolute; clip: rect(1px, 1px, 1px, 1px);\" title=\"\u00abNACIONALISMO Y FRANQUISMO: EL R\u00c9GIMEN DEL 78, LA MEGAM\u00c1QUINA DE ROBAR HEREDADA DEL FRANQUISMO. Desde el Franquismo a la Posdemocracia. Oprimidos por los mismos perros; sujetos por los mismos collares.\u00bb \u2014 Punto Cr\u00edtico Derechos Humanos\" src=\"https:\/\/puntocritico.com\/ausajpuntocritico\/2022\/04\/12\/nacionalismo-y-franquismo-el-regimen-del-78\/embed\/#?secret=MvWZhvCCmo#?secret=gTiu4FH5gf\" data-secret=\"gTiu4FH5gf\" width=\"500\" height=\"282\" frameborder=\"0\" marginwidth=\"0\" marginheight=\"0\" scrolling=\"no\"><\/iframe><\/p>\n<blockquote class=\"wp-embedded-content\" data-secret=\"n2bLczw5Md\"><p><a href=\"https:\/\/puntocritico.com\/ausajpuntocritico\/2020\/04\/02\/osse-es-la-hora-y-tenemos-la-edad-la-masoneria-espanola-por-perez-galdos\/\">OSS\u00c9. \u00abEs la hora, y tenemos la edad\u00bb. La Masoner\u00eda espa\u00f1ola, por Benito P\u00e9rez Gald\u00f3s. Cuarenta a\u00f1os viajando y sin movernos de sitio, por AUSAJ<\/a><\/p><\/blockquote>\n<p><iframe loading=\"lazy\" class=\"wp-embedded-content\" sandbox=\"allow-scripts\" security=\"restricted\" style=\"position: absolute; clip: rect(1px, 1px, 1px, 1px);\" title=\"\u00abOSS\u00c9. \u00abEs la hora, y tenemos la edad\u00bb. La Masoner\u00eda espa\u00f1ola, por Benito P\u00e9rez Gald\u00f3s. Cuarenta a\u00f1os viajando y sin movernos de sitio, por AUSAJ\u00bb \u2014 Punto Cr\u00edtico Derechos Humanos\" src=\"https:\/\/puntocritico.com\/ausajpuntocritico\/2020\/04\/02\/osse-es-la-hora-y-tenemos-la-edad-la-masoneria-espanola-por-perez-galdos\/embed\/#?secret=7rsMVFPqnm#?secret=n2bLczw5Md\" data-secret=\"n2bLczw5Md\" width=\"500\" height=\"282\" frameborder=\"0\" marginwidth=\"0\" marginheight=\"0\" scrolling=\"no\"><\/iframe><\/p>\n<blockquote class=\"wp-embedded-content\" data-secret=\"Gl52k2saon\"><p><a href=\"https:\/\/puntocritico.com\/ausajpuntocritico\/2021\/07\/06\/el-psoe-y-el-tardofranquismo-en-espana-suresnes-el-asalto-de-los-jovenes-lobos-a-la-direccion-del-psoe\/\">EL PSOE Y EL TARDOFRANQUISMO EN ESPA\u00d1A: \u00abSuresnes, el asalto de los j\u00f3venes lobos a la Direcci\u00f3n del PSOE\u00bb.<\/a><\/p><\/blockquote>\n<p><iframe loading=\"lazy\" class=\"wp-embedded-content\" sandbox=\"allow-scripts\" security=\"restricted\" style=\"position: absolute; clip: rect(1px, 1px, 1px, 1px);\" title=\"\u00abEL PSOE Y EL TARDOFRANQUISMO EN ESPA\u00d1A: \u00abSuresnes, el asalto de los j\u00f3venes lobos a la Direcci\u00f3n del PSOE\u00bb.\u00bb \u2014 Punto Cr\u00edtico Derechos Humanos\" src=\"https:\/\/puntocritico.com\/ausajpuntocritico\/2021\/07\/06\/el-psoe-y-el-tardofranquismo-en-espana-suresnes-el-asalto-de-los-jovenes-lobos-a-la-direccion-del-psoe\/embed\/#?secret=CKCnpyiXlP#?secret=Gl52k2saon\" data-secret=\"Gl52k2saon\" width=\"500\" height=\"282\" frameborder=\"0\" marginwidth=\"0\" marginheight=\"0\" scrolling=\"no\"><\/iframe><\/p>\n<p>https:\/\/puntocritico.com\/ausajpuntocritico\/2018\/10\/02\/caso-scala-terrorismo-de-estado-contra-catalunya-somos-espanoles-no-castellanos-republicado\/<\/p>\n<blockquote class=\"wp-embedded-content\" data-secret=\"L6rkYQTSON\"><p><a href=\"https:\/\/puntocritico.com\/ausajpuntocritico\/2021\/06\/28\/el-psoe-y-el-terrorismo-de-estado-el-plan-zen-zona-especial-norte-y-su-confluencia-con-el-gal\/\">EL PSOE Y EL TERRORISMO DE ESTADO: EL PLAN \u00abZEN\u00bb (Zona Especial Norte) y su \u00abconfluencia\u00bb con el GAL<\/a><\/p><\/blockquote>\n<p><iframe loading=\"lazy\" class=\"wp-embedded-content\" sandbox=\"allow-scripts\" security=\"restricted\" style=\"position: absolute; clip: rect(1px, 1px, 1px, 1px);\" title=\"\u00abEL PSOE Y EL TERRORISMO DE ESTADO: EL PLAN \u00abZEN\u00bb (Zona Especial Norte) y su \u00abconfluencia\u00bb con el GAL\u00bb \u2014 Punto Cr\u00edtico Derechos Humanos\" src=\"https:\/\/puntocritico.com\/ausajpuntocritico\/2021\/06\/28\/el-psoe-y-el-terrorismo-de-estado-el-plan-zen-zona-especial-norte-y-su-confluencia-con-el-gal\/embed\/#?secret=qZtu3RwQ2l#?secret=L6rkYQTSON\" data-secret=\"L6rkYQTSON\" width=\"500\" height=\"282\" frameborder=\"0\" marginwidth=\"0\" marginheight=\"0\" scrolling=\"no\"><\/iframe><\/p>\n<blockquote class=\"wp-embedded-content\" data-secret=\"dayYvGoYer\"><p><a href=\"https:\/\/puntocritico.com\/ausajpuntocritico\/2020\/12\/05\/el-control-del-psoe-por-la-cia-libro-la-cia-en-espana-de-alfredo-grimaldos-2\/\">EN MEMORIA DE ALFREDO GRIMALDOS. El control del PSOE por la CIA. Libro \u00abLa CIA en Espa\u00f1a\u00bb, de Alfredo Grimaldos<\/a><\/p><\/blockquote>\n<p><iframe loading=\"lazy\" class=\"wp-embedded-content\" sandbox=\"allow-scripts\" security=\"restricted\" style=\"position: absolute; clip: rect(1px, 1px, 1px, 1px);\" title=\"\u00abEN MEMORIA DE ALFREDO GRIMALDOS. El control del PSOE por la CIA. Libro \u00abLa CIA en Espa\u00f1a\u00bb, de Alfredo Grimaldos\u00bb \u2014 Punto Cr\u00edtico Derechos Humanos\" src=\"https:\/\/puntocritico.com\/ausajpuntocritico\/2020\/12\/05\/el-control-del-psoe-por-la-cia-libro-la-cia-en-espana-de-alfredo-grimaldos-2\/embed\/#?secret=wqFkZgk4mW#?secret=dayYvGoYer\" data-secret=\"dayYvGoYer\" width=\"500\" height=\"282\" frameborder=\"0\" marginwidth=\"0\" marginheight=\"0\" scrolling=\"no\"><\/iframe><\/p>\n<blockquote class=\"wp-embedded-content\" data-secret=\"cWEwQ0tg3G\"><p><a href=\"https:\/\/puntocritico.com\/ausajpuntocritico\/2020\/07\/22\/extraido-del-libro-un-rey-golpe-a-golpe-biografia-no-autorizada-de-juan-carlos-de-borbon-2\/\">Extra\u00eddo del libro \u201cUN REY GOLPE A GOLPE\u201d \u2013 Biograf\u00eda no autorizada de Juan Carlos de Borb\u00f3n<\/a><\/p><\/blockquote>\n<p><iframe loading=\"lazy\" class=\"wp-embedded-content\" sandbox=\"allow-scripts\" security=\"restricted\" style=\"position: absolute; clip: rect(1px, 1px, 1px, 1px);\" title=\"\u00abExtra\u00eddo del libro \u201cUN REY GOLPE A GOLPE\u201d \u2013 Biograf\u00eda no autorizada de Juan Carlos de Borb\u00f3n\u00bb \u2014 Punto Cr\u00edtico Derechos Humanos\" src=\"https:\/\/puntocritico.com\/ausajpuntocritico\/2020\/07\/22\/extraido-del-libro-un-rey-golpe-a-golpe-biografia-no-autorizada-de-juan-carlos-de-borbon-2\/embed\/#?secret=1wIv2d6aoY#?secret=cWEwQ0tg3G\" data-secret=\"cWEwQ0tg3G\" width=\"500\" height=\"282\" frameborder=\"0\" marginwidth=\"0\" marginheight=\"0\" scrolling=\"no\"><\/iframe><\/p>\n<blockquote class=\"wp-embedded-content\" data-secret=\"aJaEIwuANC\"><p><a href=\"https:\/\/puntocritico.com\/ausajpuntocritico\/2021\/03\/01\/se-sienten-cono-el-principio-politico-en-que-se-fundo-nuestra-democracia-plena\/\">\u00abSE SIENTEN, CO\u00d1O\u00bb. El Principio Pol\u00edtico en que se fund\u00f3 nuestra \u00abDemocracia Plena\u00bb.<\/a><\/p><\/blockquote>\n<p><iframe loading=\"lazy\" class=\"wp-embedded-content\" sandbox=\"allow-scripts\" security=\"restricted\" style=\"position: absolute; clip: rect(1px, 1px, 1px, 1px);\" title=\"\u00ab\u00abSE SIENTEN, CO\u00d1O\u00bb. El Principio Pol\u00edtico en que se fund\u00f3 nuestra \u00abDemocracia Plena\u00bb.\u00bb \u2014 Punto Cr\u00edtico Derechos Humanos\" src=\"https:\/\/puntocritico.com\/ausajpuntocritico\/2021\/03\/01\/se-sienten-cono-el-principio-politico-en-que-se-fundo-nuestra-democracia-plena\/embed\/#?secret=pKYXlvkGgp#?secret=aJaEIwuANC\" data-secret=\"aJaEIwuANC\" width=\"500\" height=\"282\" frameborder=\"0\" marginwidth=\"0\" marginheight=\"0\" scrolling=\"no\"><\/iframe><\/p>\n<p>&nbsp;<\/p>\n<p>&nbsp;<\/p>\n<p><a href=\"https:\/\/puntocritico.com\/ausajpuntocritico\/author\/punto-critico\/\" target=\"_blank\" rel=\"noopener\"><img loading=\"lazy\" decoding=\"async\" class=\"smush-detected-img smush-image-2 aligncenter wp-image-9528\" src=\"https:\/\/puntocritico.com\/ausajpuntocritico\/wp-content\/uploads\/2018\/03\/Mosca_Punto_Cr%C3%ADtico_40.png\" alt=\"\" width=\"80\" height=\"80\" \/><\/a><\/p>\n<p>&nbsp;<\/p>\n<p>&nbsp;<\/p>\n","protected":false},"excerpt":{"rendered":"<div class=\"mh-excerpt\"><p>Razones En poco m\u00e1s de cien p\u00e1ginas, Ovejero desmonta la osamenta motivacional del separatismo (cualquiera que sea) y se demuestra que es incompatible con una versi\u00f3n s\u00f3lida de la democracia Por Fernando Sabater El Pa\u00eds, <a class=\"mh-excerpt-more\" href=\"https:\/\/puntocritico.com\/ausajpuntocritico\/2022\/05\/17\/la-izquierda-reaccionaria-la-deriva-reaccionaria-de-la-izquierda-por-felix-ovejero\/\" title=\"LA IZQUIERDA REACCIONARIA: \u00abLa deriva reaccionaria de la izquierda\u00bb, por F\u00e9lix Ovejero.\">[&#8230;]<\/a><\/p>\n<\/div>","protected":false},"author":3,"featured_media":2233462,"comment_status":"open","ping_status":"closed","sticky":false,"template":"","format":"standard","meta":{"_acf_changed":false,"_exactmetrics_skip_tracking":false,"_exactmetrics_sitenote_active":false,"_exactmetrics_sitenote_note":"","_exactmetrics_sitenote_category":0,"footnotes":""},"categories":[7,8],"tags":[],"class_list":{"0":"post-2248202","1":"post","2":"type-post","3":"status-publish","4":"format-standard","5":"has-post-thumbnail","7":"category-politica","8":"category-filosofia"},"acf":[],"_links":{"self":[{"href":"https:\/\/puntocritico.com\/ausajpuntocritico\/wp-json\/wp\/v2\/posts\/2248202","targetHints":{"allow":["GET"]}}],"collection":[{"href":"https:\/\/puntocritico.com\/ausajpuntocritico\/wp-json\/wp\/v2\/posts"}],"about":[{"href":"https:\/\/puntocritico.com\/ausajpuntocritico\/wp-json\/wp\/v2\/types\/post"}],"author":[{"embeddable":true,"href":"https:\/\/puntocritico.com\/ausajpuntocritico\/wp-json\/wp\/v2\/users\/3"}],"replies":[{"embeddable":true,"href":"https:\/\/puntocritico.com\/ausajpuntocritico\/wp-json\/wp\/v2\/comments?post=2248202"}],"version-history":[{"count":0,"href":"https:\/\/puntocritico.com\/ausajpuntocritico\/wp-json\/wp\/v2\/posts\/2248202\/revisions"}],"wp:featuredmedia":[{"embeddable":true,"href":"https:\/\/puntocritico.com\/ausajpuntocritico\/wp-json\/wp\/v2\/media\/2233462"}],"wp:attachment":[{"href":"https:\/\/puntocritico.com\/ausajpuntocritico\/wp-json\/wp\/v2\/media?parent=2248202"}],"wp:term":[{"taxonomy":"category","embeddable":true,"href":"https:\/\/puntocritico.com\/ausajpuntocritico\/wp-json\/wp\/v2\/categories?post=2248202"},{"taxonomy":"post_tag","embeddable":true,"href":"https:\/\/puntocritico.com\/ausajpuntocritico\/wp-json\/wp\/v2\/tags?post=2248202"}],"curies":[{"name":"wp","href":"https:\/\/api.w.org\/{rel}","templated":true}]}}