{"id":2246717,"date":"2022-05-12T00:05:07","date_gmt":"2022-05-11T22:05:07","guid":{"rendered":"https:\/\/puntocritico.com\/ausajpuntocritico\/?p=2246717"},"modified":"2022-05-11T22:29:37","modified_gmt":"2022-05-11T20:29:37","slug":"la-otan-esta-creando-un-vietnam-en-el-corazon-de-europa","status":"publish","type":"post","link":"https:\/\/puntocritico.com\/ausajpuntocritico\/2022\/05\/12\/la-otan-esta-creando-un-vietnam-en-el-corazon-de-europa\/","title":{"rendered":"LA OTAN EST\u00c1 CREANDO UN VIETNAM EN EL CORAZ\u00d3N DE EUROPA: Su Presidente t\u00edtere, Zelensky, ilegaliz\u00f3 la oposici\u00f3n, orden\u00f3 el arresto de sus rivales pol\u00edticos, eliminando a todos los que se opon\u00edan a la guerra de EE.UU. contra Rusia, iniciada en Ucrania."},"content":{"rendered":"<p style=\"text-align: justify;\"><span style=\"font-size: 14pt; color: #008000;\">LA OTAN EST\u00c1 CREANDO UN VIETNAM EN EL CORAZ\u00d3N DE EUROPA, POR MEDIO DE ZELENSKY, EL PRESIDENTE T\u00cdTERE DEL NEW WORLD ORDER: Gan\u00f3 las elecciones prometiendo acabar con los bombardeos sobre el Donbass, pero cuando gan\u00f3 llev\u00f3 a Ucrania -y quiere llevar a Europa- a la Guerra.<\/span><\/p>\n\n<p>&nbsp;<\/p>\n<blockquote>\n<p style=\"text-align: justify;\"><strong><span style=\"font-size: 14pt; color: #008000;\">Los lanzacohetes que el Gobierno Espa\u00f1ol envi\u00f3 a Ucrania, ya han vuelto a Espa\u00f1a<\/span><\/strong><\/p>\n<h2 id=\"m_-7307690143928292455gmail-H1_js_6277ab2d21efa09b0b8b45c6\" style=\"text-align: center;\"><strong><span style=\"font-size: 24pt;\">La Polic\u00eda encuentra un lanzamisiles en una vivienda de Zaragoza<\/span><\/strong><\/h2>\n<p class=\"ue-c-article__standfirst\" style=\"text-align: center;\"><strong><em><span style=\"font-size: 14pt;\">La Polic\u00eda Nacional ha dado con el lanzamisiles cuando inspeccionaban el domicilio de una mujer, cuyo cad\u00e1ver se encontraba en el interior.<\/span><\/em><\/strong><\/p>\n<p style=\"text-align: center;\"><strong><em><span style=\"font-size: 14pt;\">Se trataba de un lanzamisiles C90, el mismo que el Gobierno de\u00a0Espa\u00f1a hab\u00eda enviado a Ucrania\u00a0para defenderse de la invasi\u00f3n Rusia y que se fabrica en la empresa zaragozana Instalaza.<\/span><\/em><\/strong><\/p>\n<\/blockquote>\n<figure class=\"ue-c-article__media ue-c-article__media--image\">\n<div class=\"ue-c-article__media-img-container ue-l-article--expand-edge-right-until-tablet ue-l-article--expand-edge-left-until-tablet\"><picture><source srcset=\"https:\/\/phantom-elmundo.unidadeditorial.es\/1d6553a9f791c4784f2d23f6150af7d4\/resize\/320\/f\/webp\/assets\/multimedia\/imagenes\/2022\/05\/06\/16518559954294.jpg 320w,https:\/\/phantom-elmundo.unidadeditorial.es\/850543a7a5cb50a7ee6ed6e098f1e359\/resize\/360\/f\/webp\/assets\/multimedia\/imagenes\/2022\/05\/06\/16518559954294.jpg 360w,https:\/\/phantom-elmundo.unidadeditorial.es\/b907bb89a9f763b8cf666c2824877f2e\/resize\/400\/f\/webp\/assets\/multimedia\/imagenes\/2022\/05\/06\/16518559954294.jpg 400w,https:\/\/phantom-elmundo.unidadeditorial.es\/0f3b324beca227b0c10bdbea13c83925\/resize\/473\/f\/webp\/assets\/multimedia\/imagenes\/2022\/05\/06\/16518559954294.jpg 473w,https:\/\/phantom-elmundo.unidadeditorial.es\/4f60c2a8d46087d61a77ebedc3dc366a\/resize\/550\/f\/webp\/assets\/multimedia\/imagenes\/2022\/05\/06\/16518559954294.jpg 550w,https:\/\/phantom-elmundo.unidadeditorial.es\/536fed5a017eb341f64a053c2b57fb2d\/resize\/600\/f\/webp\/assets\/multimedia\/imagenes\/2022\/05\/06\/16518559954294.jpg 600w,https:\/\/phantom-elmundo.unidadeditorial.es\/5b9d5f132f81a1ad31943b0e6483faaf\/resize\/700\/f\/webp\/assets\/multimedia\/imagenes\/2022\/05\/06\/16518559954294.jpg 700w,https:\/\/phantom-elmundo.unidadeditorial.es\/9fad4f4bc8ab10ffac67ea23632ede5b\/resize\/746\/f\/webp\/assets\/multimedia\/imagenes\/2022\/05\/06\/16518559954294.jpg 746w\" type=\"image\/webp\" sizes=\"(min-width: 1010px) 473px, (min-width: 980px) calc(100vw - 573px), (min-width: 740px) calc(100vw - 310px), 100vw\" \/><source srcset=\"https:\/\/phantom-elmundo.unidadeditorial.es\/f855009f5bf5919b0675247a63ceb55e\/resize\/320\/f\/jpg\/assets\/multimedia\/imagenes\/2022\/05\/06\/16518559954294.jpg 320w,https:\/\/phantom-elmundo.unidadeditorial.es\/82a6801b9882ac8f2052c1235af88e69\/resize\/360\/f\/jpg\/assets\/multimedia\/imagenes\/2022\/05\/06\/16518559954294.jpg 360w,https:\/\/phantom-elmundo.unidadeditorial.es\/0f4d0b3a9ec14ec15d1f1cd085a7ee2c\/resize\/400\/f\/jpg\/assets\/multimedia\/imagenes\/2022\/05\/06\/16518559954294.jpg 400w,https:\/\/phantom-elmundo.unidadeditorial.es\/803377c7509d8f23d683524f36b73c50\/resize\/473\/f\/jpg\/assets\/multimedia\/imagenes\/2022\/05\/06\/16518559954294.jpg 473w,https:\/\/phantom-elmundo.unidadeditorial.es\/3da44c166255075e4e3e77a69c2dfa72\/resize\/550\/f\/jpg\/assets\/multimedia\/imagenes\/2022\/05\/06\/16518559954294.jpg 550w,https:\/\/phantom-elmundo.unidadeditorial.es\/e51c5e1fd73c178d9e5517501f14cc7e\/resize\/600\/f\/jpg\/assets\/multimedia\/imagenes\/2022\/05\/06\/16518559954294.jpg 600w,https:\/\/phantom-elmundo.unidadeditorial.es\/d4acfd95cc1ef17e2755418d146e37a1\/resize\/700\/f\/jpg\/assets\/multimedia\/imagenes\/2022\/05\/06\/16518559954294.jpg 700w,https:\/\/phantom-elmundo.unidadeditorial.es\/c5f179000e4cfb1944ee1ee7a01703d1\/resize\/746\/f\/jpg\/assets\/multimedia\/imagenes\/2022\/05\/06\/16518559954294.jpg 746w\" type=\"image\/jpeg\" sizes=\"(min-width: 1010px) 473px, (min-width: 980px) calc(100vw - 573px), (min-width: 740px) calc(100vw - 310px), 100vw\" \/><\/picture><\/div>\n<\/figure>\n<blockquote>\n<p style=\"text-align: justify;\"><span style=\"font-size: 14pt;\">Por Javier Ortega<\/span><\/p>\n<p style=\"text-align: justify;\"><span style=\"font-size: 14pt;\"><a href=\"https:\/\/www.elmundo.es\/espana\/2022\/05\/08\/6277ab2d21efa09b0b8b45c6.html\" target=\"_blank\" rel=\"noopener\">El Mundo<\/a>, 8 MAYO 2022<\/span><\/p>\n<figure id=\"attachment_2247957\" aria-describedby=\"caption-attachment-2247957\" style=\"width: 480px\" class=\"wp-caption aligncenter\"><a href=\"http:\/\/fuerzasmilitares.es\/lanzacohetes-anticarro-c90-para-ucrania\" target=\"_blank\" rel=\"noopener\"><img loading=\"lazy\" decoding=\"async\" class=\"wp-image-2247957\" src=\"https:\/\/puntocritico.com\/ausajpuntocritico\/wp-content\/uploads\/2022\/05\/Lanzamisiles-C90-para-Ucrania.jpg\" alt=\"\" width=\"480\" height=\"382\" data-id=\"2247957\" \/><\/a><figcaption id=\"caption-attachment-2247957\" class=\"wp-caption-text\"><a href=\"http:\/\/fuerzasmilitares.es\/lanzacohetes-anticarro-c90-para-ucrania\" target=\"_blank\" rel=\"noopener\"><span style=\"color: #008000;\">Espa\u00f1a ha enviado 1.370 sistemas lanzagranadas (Cohetes anticarro C90) a Ucrania.<\/span><\/a><\/figcaption><\/figure>\n<p style=\"text-align: justify;\">\u00a0<\/p>\n<div style=\"text-align: justify;\">\n<p><span style=\"font-size: 14pt;\">La\u00a0Polic\u00eda Nacional\u00a0investiga el origen de un\u00a0<strong>lanzacohetes\u00a0<\/strong>cargado, encontrado en una vivienda de\u00a0<strong>Zaragoza,<\/strong> cuya ocupante acababa de morir, al parecer, por sobredosis.\u00a0<\/span><\/p>\n<p><span style=\"font-size: 14pt;\">Seg\u00fan ha trascendido este domingo,\u00a0<strong>Fuensanta,\u00a0<\/strong>de 53 a\u00f1os, falleci\u00f3 el pasado jueves en una casa del n\u00famero 77 de la<strong>\u00a0calle Casta \u00c1lvarez<\/strong>\u00a0del barrio zaragozano de\u00a0<strong>El Gancho,\u00a0<\/strong>donde era muy conocida. <\/span><\/p>\n<p><span style=\"font-size: 14pt;\">El m\u00e9dico de la ambulancia de los bomberos de <\/span><strong style=\"font-size: 14pt;\">Zaragoza<\/strong><span style=\"font-size: 14pt;\">, que acudi\u00f3 al lugar, s\u00f3lo pudo certificar la muerte de la mujer. <\/span><\/p>\n<p><span style=\"font-size: 14pt;\">Se da la circunstancia de que\u00a0<\/span><strong style=\"font-size: 14pt;\">hace unos meses muri\u00f3 su pareja sentimental por la misma causa, sobredosis<\/strong><span style=\"font-size: 14pt;\">. <\/span><\/p>\n<p><span style=\"font-size: 14pt;\">Ante el fallecimiento, el m\u00e9dico dio aviso al 091 que activ\u00f3 el protocolo y desplaz\u00f3 hasta el lugar una comisi\u00f3n judicial para el pertinente levantamiento del cad\u00e1ver y su traslado al\u00a0<\/span><strong style=\"font-size: 14pt;\">Instituto de Medicina Legal y Ciencias Forenses de Arag\u00f3n.<\/strong><\/p>\n<\/div>\n<div style=\"text-align: justify;\">\n<p><span style=\"font-size: 14pt;\">Igualmente, en su aviso, el facultativo alert\u00f3 de que en la vivienda hab\u00eda sustancias estupefacientes, por lo que acudi\u00f3 tambi\u00e9n la Polic\u00eda Nacional. <\/span><\/p>\n<p><span style=\"font-size: 14pt;\">Seg\u00fan publica este domingo <\/span><i style=\"font-size: 14pt;\">El Peri\u00f3dico de Arag\u00f3n<\/i><span style=\"font-size: 14pt;\">, cuando llegaron los agentes vieron que en las proximidades del cad\u00e1ver hab\u00eda un poco de hero\u00edna, agujas y medicamentos. <\/span><\/p>\n<p><span style=\"font-size: 14pt;\">Luego inspeccionaron el resto de la vivienda y descubrieron una importante cantidad de hero\u00edna, aunque lo que m\u00e1s les sorprendi\u00f3 fue el\u00a0<\/span><strong style=\"font-size: 14pt;\">lanzamisiles\u00a0<\/strong><span style=\"font-size: 14pt;\">que hab\u00eda en el pasillo<\/span><strong style=\"font-size: 14pt;\">\u00a0junto a un proyectil activo<\/strong><span style=\"font-size: 14pt;\">. <\/span><\/p>\n<p><span style=\"font-size: 14pt;\">Por eso, fue requerida la presencia de los\u00a0<\/span><strong style=\"font-size: 14pt;\">Tedax\u00a0<\/strong><span style=\"font-size: 14pt;\">de la Jefatura Superior de Polic\u00eda de Arag\u00f3n, especialistas en desarticulaci\u00f3n de explosivos, que procedieron a intervenir ambas armas con seguridad. <\/span><\/p>\n<p><span style=\"font-size: 14pt;\">Se trataba de un lanzamisiles C90, el mismo que el Gobierno de<\/span><a style=\"font-size: 14pt;\" href=\"https:\/\/www.elmundo.es\/espana\/2022\/03\/04\/6220fd1fe4d4d8bc048b4594.html\" target=\"_blank\" rel=\"noopener\" data-saferedirecturl=\"https:\/\/www.google.com\/url?q=https:\/\/www.elmundo.es\/espana\/2022\/03\/04\/6220fd1fe4d4d8bc048b4594.html&amp;source=gmail&amp;ust=1652190435355000&amp;usg=AOvVaw2o0VTwo3PvgU8YAfRECNig\">\u00a0Espa\u00f1a hab\u00eda enviado a Ucrania\u00a0<\/a><span style=\"font-size: 14pt;\">para defenderse de la invasi\u00f3n Rusia y que se fabrica en la empresa zaragozana Instalaza. <\/span><\/p>\n<p><span style=\"font-size: 14pt;\">El C-90 es el sistema calibre 90 mil\u00edmetros m\u00e1s ligero del mundo con 5,3 kilogramos y el \u00fanico con capacidad de disparo remoto. <\/span><\/p>\n<p><span style=\"font-size: 14pt;\">Al igual que el de mayor tama\u00f1o, presenta un retroceso m\u00ednimo y gran precisi\u00f3n capaz de alcanzar un blanco puntual a 350 metros y un blanco de \u00e1rea a 700 metros, seg\u00fan tipo munici\u00f3n. <\/span><\/p>\n<p><span style=\"font-size: 14pt;\">Su munici\u00f3n es \u00fatil para diversos blancos: contra-carro, doble-prop\u00f3sito, antibunker y fum\u00edgena. <\/span><\/p>\n<p><span style=\"font-size: 14pt;\">Dispone de un visor de punter\u00eda \u00f3ptico, que cuenta con dos aumentos y es plegable, y el mecanismo de disparo, ambos desechables e integrados en el tubo lanzador. Adem\u00e1s, cuenta con dos tipos de visor nocturno. <\/span><\/p>\n<p><span style=\"font-size: 14pt;\">Se investiga c\u00f3mo lleg\u00f3 dicha arma de guerra a casa de Fuensanta, aunque se baraja la posibilidad de que se debiera a alg\u00fan tipo de trueque en el menudeo habitual entre toxic\u00f3manos.<\/span><\/p>\n<\/div>\n<p>&nbsp;<\/p>\n<figure id=\"attachment_2247958\" aria-describedby=\"caption-attachment-2247958\" style=\"width: 440px\" class=\"wp-caption aligncenter\"><img loading=\"lazy\" decoding=\"async\" class=\"wp-image-2247958\" src=\"https:\/\/puntocritico.com\/ausajpuntocritico\/wp-content\/uploads\/2022\/05\/lanzacohetes-anticarro-c90-para-ucrania-300x231.jpg\" alt=\"\" width=\"440\" height=\"338\" data-id=\"2247958\" srcset=\"https:\/\/puntocritico.com\/ausajpuntocritico\/wp-content\/uploads\/2022\/05\/lanzacohetes-anticarro-c90-para-ucrania-300x231.jpg 300w, https:\/\/puntocritico.com\/ausajpuntocritico\/wp-content\/uploads\/2022\/05\/lanzacohetes-anticarro-c90-para-ucrania-768x591.jpg 768w, https:\/\/puntocritico.com\/ausajpuntocritico\/wp-content\/uploads\/2022\/05\/lanzacohetes-anticarro-c90-para-ucrania-610x469.jpg 610w, https:\/\/puntocritico.com\/ausajpuntocritico\/wp-content\/uploads\/2022\/05\/lanzacohetes-anticarro-c90-para-ucrania-80x60.jpg 80w, https:\/\/puntocritico.com\/ausajpuntocritico\/wp-content\/uploads\/2022\/05\/lanzacohetes-anticarro-c90-para-ucrania.jpg 900w\" sizes=\"auto, (max-width: 440px) 100vw, 440px\" \/><figcaption id=\"caption-attachment-2247958\" class=\"wp-caption-text\"><span style=\"color: #008000;\">Lanzacohetes anticarro C90 para Ucrania<\/span><\/figcaption><\/figure>\n<p style=\"text-align: center;\"><span style=\"font-size: 18pt;\"><strong><span style=\"color: #008000;\">*******<\/span><\/strong><\/span><\/p>\n<p><a href=\"https:\/\/puntocritico.com\/ausajpuntocritico\/2022\/05\/10\/consideraciones-en-torno-al-tratado-de-no-proliferacion-de-armas-nucleares\/\"><img loading=\"lazy\" decoding=\"async\" class=\"aligncenter wp-image-2247721\" src=\"https:\/\/puntocritico.com\/ausajpuntocritico\/wp-content\/uploads\/2022\/05\/Selfie-del-fin-del-mundo-PPAL.jpg\" alt=\"\" width=\"440\" height=\"292\" data-id=\"2247721\" srcset=\"https:\/\/puntocritico.com\/ausajpuntocritico\/wp-content\/uploads\/2022\/05\/Selfie-del-fin-del-mundo-PPAL.jpg 680w, https:\/\/puntocritico.com\/ausajpuntocritico\/wp-content\/uploads\/2022\/05\/Selfie-del-fin-del-mundo-PPAL-300x199.jpg 300w, https:\/\/puntocritico.com\/ausajpuntocritico\/wp-content\/uploads\/2022\/05\/Selfie-del-fin-del-mundo-PPAL-610x405.jpg 610w, https:\/\/puntocritico.com\/ausajpuntocritico\/wp-content\/uploads\/2022\/05\/Selfie-del-fin-del-mundo-PPAL-678x452.jpg 678w\" sizes=\"auto, (max-width: 440px) 100vw, 440px\" \/><\/a><\/p>\n<h2 class=\"entry-title\" style=\"text-align: center;\"><a href=\"https:\/\/puntocritico.com\/ausajpuntocritico\/2022\/05\/10\/consideraciones-en-torno-al-tratado-de-no-proliferacion-de-armas-nucleares\/\">\u00abMININUKES\u00bb y nuevas armas nucleares de bajo rendimiento<\/a><\/h2>\n<figure id=\"attachment_2247929\" aria-describedby=\"caption-attachment-2247929\" style=\"width: 440px\" class=\"wp-caption aligncenter\"><a href=\"https:\/\/puntocritico.com\/ausajpuntocritico\/2022\/05\/10\/consideraciones-en-torno-al-tratado-de-no-proliferacion-de-armas-nucleares\/\"><img loading=\"lazy\" decoding=\"async\" class=\"wp-image-2247929\" src=\"https:\/\/puntocritico.com\/ausajpuntocritico\/wp-content\/uploads\/2022\/05\/B6112-Bomb.jpg\" alt=\"\" width=\"440\" height=\"309\" data-id=\"2247929\" srcset=\"https:\/\/puntocritico.com\/ausajpuntocritico\/wp-content\/uploads\/2022\/05\/B6112-Bomb.jpg 853w, https:\/\/puntocritico.com\/ausajpuntocritico\/wp-content\/uploads\/2022\/05\/B6112-Bomb-300x211.jpg 300w, https:\/\/puntocritico.com\/ausajpuntocritico\/wp-content\/uploads\/2022\/05\/B6112-Bomb-768x540.jpg 768w, https:\/\/puntocritico.com\/ausajpuntocritico\/wp-content\/uploads\/2022\/05\/B6112-Bomb-610x429.jpg 610w\" sizes=\"auto, (max-width: 440px) 100vw, 440px\" \/><\/a><figcaption id=\"caption-attachment-2247929\" class=\"wp-caption-text\"><a href=\"https:\/\/puntocritico.com\/ausajpuntocritico\/2022\/05\/10\/consideraciones-en-torno-al-tratado-de-no-proliferacion-de-armas-nucleares\/\"><span style=\"color: #008000;\">ARMAMENTO NUCLEAR (y 2): \u00abMininukes\u00bb y nuevas armas nucleares de bajo rendimiento. CONSIDERACIONES EN TORNO AL \u201cTRATADO DE NO PROLIFERACION DE ARMAS NUCLEARES\u201d. <\/span><\/a><\/figcaption><\/figure>\n<p style=\"text-align: center;\"><span style=\"font-size: 18pt;\"><strong><span style=\"color: #008000;\">*******<\/span><\/strong><\/span><\/p>\n<h2 class=\"entry-title title flipboard-title\" style=\"text-align: center;\"><span style=\"font-size: 24pt;\">\u00abDIOSES DE LA GUERRA\u00bb: c\u00f3mo EE. UU. arm\u00f3 a Ucrania contra Rusia<\/span><\/h2>\n<p class=\"p3\" style=\"text-align: center;\"><em><strong><span style=\"font-size: 14pt;\">Desde el golpe de estado en Ucrania de 2013-14 dise\u00f1ado por Estados Unidos, las fuerzas estadounidenses han ense\u00f1ado a los ucranianos, incluidas las unidades neonazis, c\u00f3mo luchar en \u00e1reas urbanas y otras \u00e1reas civiles.\u00a0Armar a Ucrania es parte de la b\u00fasqueda de Washington de lo que el Pent\u00e1gono llama \u201cdominio de espectro completo\u201d.<\/span><\/strong><\/em><\/p>\n<p style=\"text-align: justify;\"><span style=\"font-size: 14pt;\">Por TJ Coles<\/span><\/p>\n<p style=\"text-align: justify;\"><span style=\"font-size: 14pt;\"><a href=\"https:\/\/thegrayzone.com\/2022\/04\/01\/war-us-weaponized-ukraine-russia\/\" target=\"_blank\" rel=\"noopener\">The Grey Zone<\/a>, 1 ABRIL 2022<\/span><\/p>\n<figure id=\"attachment_2246718\" aria-describedby=\"caption-attachment-2246718\" style=\"width: 678px\" class=\"wp-caption aligncenter\"><img loading=\"lazy\" decoding=\"async\" class=\"wp-image-2246718 size-mh-magazine-content\" src=\"https:\/\/puntocritico.com\/ausajpuntocritico\/wp-content\/uploads\/2022\/04\/US-Azov-678x381.webp\" alt=\"LA OTAN EST\u00c1 CREANDO UN VIETNAM EN EL CORAZ\u00d3N DE EUROPA\" width=\"678\" height=\"381\" data-id=\"2246718\" \/><figcaption id=\"caption-attachment-2246718\" class=\"wp-caption-text\"><span style=\"color: #008000;\">El mayor de EE. UU. John Alan Gavrilov (derecha) entrena a los comandantes del batall\u00f3n neonazi Azov como parte de una delegaci\u00f3n extranjera de noviembre de 2017<\/span><\/figcaption><\/figure>\n<p style=\"text-align: justify;\">\u00a0<\/p>\n<p class=\"p3\" style=\"text-align: justify;\"><span style=\"font-size: 14pt;\">\u201c[S]i puedes aprender todas las modalidades de la guerra, entonces puedes ser el dios de la guerra\u201d,\u00a0<a href=\"https:\/\/web.archive.org\/web\/20161220213304\/https:\/www.army.mil\/article\/178147\/ukrainian_soldiers_conduct_mortar_live_fire_at_ipsc\" target=\"_blank\" rel=\"noopener\"><span class=\"s1\">dijo<\/span><\/a>\u00a0un comandante de artiller\u00eda ucraniano en 2016 mientras recib\u00eda entrenamiento del ej\u00e9rcito de los EE. UU.<\/span><\/p>\n<p class=\"p3\" style=\"text-align: justify;\"><span style=\"font-size: 14pt;\">El comandante an\u00f3nimo fue citado por la teniente Claire Vanderberg, l\u00edder de pelot\u00f3n de morteros que entrena a soldados como parte del Grupo de Entrenamiento Multinacional Conjunto del Pent\u00e1gono en Ucrania.\u00a0El entrenamiento ha tenido lugar en el absurdamente llamado Centro Internacional de Mantenimiento de la Paz y Seguridad, que se encuentra cerca de la frontera con Polonia, cerca de la ciudad ucraniana de Yavoriv.\u00a0Los medios occidentales informaron sobre el reciente ataque con misiles de crucero de Rusia en la base, pero\u00a0<a href=\"https:\/\/www.bbc.com\/news\/world-europe-60728208\" target=\"_blank\" rel=\"noopener\"><span class=\"s1\">optaron por no mencionar<\/span><\/a>\u00a0lo que sucedi\u00f3 en el interior.<\/span><\/p>\n<p class=\"p3\" style=\"text-align: justify;\"><span style=\"font-size: 14pt;\">La relaci\u00f3n descrita anteriormente es una instant\u00e1nea de un esfuerzo de d\u00e9cadas de Estados Unidos y la OTAN no solo para sacar a Ucrania de la \u00f3rbita de Rusia, sino tambi\u00e9n para armar activamente al pa\u00eds contra Mosc\u00fa.<\/span><\/p>\n<p>&nbsp;<\/p>\n<h3 class=\"p3\" style=\"text-align: center;\"><span style=\"font-size: 18pt;\">El estado de seguridad nacional de EE. UU. reconoce que \u00abRusia est\u00e1 retrocediendo\u00bb, no presionando primero<\/span><\/h3>\n<p class=\"p3\" style=\"text-align: justify;\"><span style=\"font-size: 14pt;\">En sus documentos internos, el Pent\u00e1gono y otros brazos del estado de seguridad nacional de los EE. UU. reiteran los mismos argumentos que la izquierda contra la guerra cuando explica c\u00f3mo se ha utilizado a Ucrania para provocar a Rusia en una escalada militar.\u00a0La principal diferencia es que el Pent\u00e1gono habla desde una perspectiva descaradamente imperialista en la que tales provocaciones se ven como un componente importante de la proyecci\u00f3n del poder estadounidense.<\/span><\/p>\n<p class=\"p3\" style=\"text-align: justify;\"><span style=\"font-size: 14pt;\">Recientemente, la Evaluaci\u00f3n Anual de Amenazas del Director de Inteligencia Nacional de EE. UU.\u00a0<a href=\"https:\/\/www.dni.gov\/files\/ODNI\/documents\/assessments\/ATA-2022-Unclassified-Report.pdf\" target=\"_blank\" rel=\"noopener\"><span class=\"s1\">inform\u00f3:<\/span><\/a>\u00a0\u201cRusia est\u00e1 presionando a Washington donde puede, local y globalmente, empleando t\u00e9cnicas que incluyen el uso de la fuerza\u201d.\u00a0Nota: Rusia est\u00e1 \u00abrechazando\u00bb, no empujando primero.<\/span><\/p>\n<p class=\"p3\" style=\"text-align: justify;\"><span style=\"font-size: 14pt;\">Un informe de 2021 del Consejo Nacional de Inteligencia\u00a0<a href=\"https:\/\/www.dni.gov\/files\/ODNI\/documents\/assessments\/GlobalTrends_2040.pdf\" target=\"_blank\" rel=\"noopener\"><span class=\"s1\">reconoce<\/span><\/a>\u00a0a Rusia y China: \u201cNinguno de los dos se ha sentido seguro en un orden internacional dise\u00f1ado y dominado por poderes democr\u00e1ticos\u201d, donde \u201cdemocr\u00e1tico\u201d significa Estados Unidos y sus amigos.\u00a0Tanto Rusia como China \u201chan promovido un orden internacional basado en la soberan\u00eda que protege su autoridad absoluta dentro de sus fronteras y \u00e1reas geogr\u00e1ficas de influencia\u201d.<\/span><\/p>\n<p class=\"p3\" style=\"text-align: justify;\"><span style=\"font-size: 14pt;\">En octubre de 2017, el subcomandante de la Escuela de Artiller\u00eda de Campa\u00f1a del Ej\u00e9rcito de EE. UU., coronel Heyward Hutson, responsable de capacitar a los ucranianos,\u00a0<a href=\"https:\/\/www.army.mil\/article\/195262\/fires_center_of_excellence_ukrainian_leaders_talk_artillery_defense\" target=\"_blank\" rel=\"noopener\"><span class=\"s1\">explic\u00f3:<\/span><\/a>\u00a0\u201cUcrania quiere convertirse en una naci\u00f3n de la OTAN, pero Rusia no quiere que sean una naci\u00f3n de la OTAN.\u00a0Rusia quiere tener una zona de amortiguamiento\u201d.\u00a0Agreg\u00f3 que otro \u201cproblema es que gran parte del este de Ucrania es pro-Rusia, por lo que la poblaci\u00f3n civil est\u00e1 dividida\u201d.\u00a0Un informe de la Escuela de Guerra del Ej\u00e9rcito de EE. UU. de 2016\u00a0<a href=\"https:\/\/press.armywarcollege.edu\/cgi\/viewcontent.cgi?article=1496&amp;context=articles_editorials\" target=\"_blank\" rel=\"noopener\"><span class=\"s1\">reiter\u00f3:<\/span><\/a>\u00a0\u201cLa estrategia b\u00e1sica de seguridad nacional de Rusia es mantener su &#8216;cintur\u00f3n vecino estable&#8217;, la OTAN d\u00e9bil, China cerca y Estados Unidos enfocado en otros lugares\u201d.<\/span><\/p>\n<p class=\"p3\" style=\"text-align: justify;\"><span style=\"font-size: 14pt;\">Otro, de 2007,\u00a0<a href=\"https:\/\/web.archive.org\/web\/20200919035236\/https:\/press.armywarcollege.edu\/cgi\/viewcontent.cgi?article=1681&amp;context=monographs\" target=\"_blank\" rel=\"noopener\"><span class=\"s1\">explica<\/span><\/a>\u00a0que las \u201cfuerzas pro-reforma en el poder desde la Revoluci\u00f3n Naranja\u201d (l\u00e9ase: fuerzas pro-estadounidenses) \u201cles gustar\u00eda mover a Ucrania de lleno a la comunidad euroatl\u00e1ntica con solo una deferencia limitada a Rusia\u201d.<\/span><\/p>\n<p class=\"p3\" style=\"text-align: justify;\"><span style=\"font-size: 14pt;\">El documento contin\u00faa se\u00f1alando que, en ese momento, \u201clos l\u00edderes pol\u00edticos y militares de Ucrania permanecieron divididos sobre la cuesti\u00f3n de si Ucrania deber\u00eda seguir un enfoque de seguridad colectiva o mantener su estatus neutral\u201d.\u00a0Lleg\u00f3 a la conclusi\u00f3n de que, si bien \u201cla mayor\u00eda de los comandantes [ucranianos] de alto rango tienen credenciales a favor de la reforma\u2026 todav\u00eda hay un gran n\u00famero de l\u00edderes de alto rango dentro de las Fuerzas de Defensa Principales que no tienen o tienen una exposici\u00f3n limitada al entrenamiento y las operaciones occidentales\u201d.<\/span><\/p>\n<p class=\"p3\" style=\"text-align: justify;\"><span style=\"font-size: 14pt;\">El golpe patrocinado por Estados Unidos de 2013-14 permiti\u00f3 a Washington suavizar esa contradicci\u00f3n al lanzar un extenso programa para entrenar unidades de las Fuerzas Armadas de Ucrania.<\/span><\/p>\n<p>&nbsp;<\/p>\n<figure id=\"attachment_2246725\" aria-describedby=\"caption-attachment-2246725\" style=\"width: 432px\" class=\"wp-caption aligncenter\"><img loading=\"lazy\" decoding=\"async\" class=\"size-full wp-image-2246725\" src=\"https:\/\/puntocritico.com\/ausajpuntocritico\/wp-content\/uploads\/2022\/05\/NATO-enlargement.webp\" alt=\"\" width=\"432\" height=\"324\" data-id=\"2246725\" srcset=\"https:\/\/puntocritico.com\/ausajpuntocritico\/wp-content\/uploads\/2022\/05\/NATO-enlargement.webp 432w, https:\/\/puntocritico.com\/ausajpuntocritico\/wp-content\/uploads\/2022\/05\/NATO-enlargement-300x225.webp 300w, https:\/\/puntocritico.com\/ausajpuntocritico\/wp-content\/uploads\/2022\/05\/NATO-enlargement-326x245.webp 326w, https:\/\/puntocritico.com\/ausajpuntocritico\/wp-content\/uploads\/2022\/05\/NATO-enlargement-80x60.webp 80w\" sizes=\"auto, (max-width: 432px) 100vw, 432px\" \/><figcaption id=\"caption-attachment-2246725\" class=\"wp-caption-text\"><span style=\"color: #008000;\">El presidente Bill Clinton firma la legislaci\u00f3n de ampliaci\u00f3n de la OTAN, 21 de mayo de 1995<\/span><\/figcaption><\/figure>\n<p style=\"text-align: justify;\">\u00a0<\/p>\n<h3 class=\"p3\" style=\"text-align: center;\"><span style=\"font-size: 18pt;\">La OTAN \u201cno es un ejercicio de diplomacia y disuasi\u00f3n como antes\u201d<\/span><\/h3>\n<p class=\"p3\" style=\"text-align: justify;\"><span style=\"font-size: 14pt;\">Cuando la Uni\u00f3n Sovi\u00e9tica se derrumb\u00f3, tambi\u00e9n lo hizo su alianza militar, el Pacto de Varsovia.\u00a0Pero Occidente no solo se neg\u00f3 a disolver su alianza, la Organizaci\u00f3n del Tratado del Atl\u00e1ntico Norte (OTAN), sino que se expandi\u00f3 hasta las fronteras de Rusia.<\/span><\/p>\n<p class=\"p3\" style=\"text-align: justify;\"><span style=\"font-size: 14pt;\"><a href=\"https:\/\/www.nato.int\/nato_static_fl2014\/assets\/pdf\/pdf_2014_09\/20140901_140901-Backgrounder_NATO-Ukraine_en.pdf\" target=\"_blank\" rel=\"noopener\"><span class=\"s1\">Los propios registros<\/span><\/a>\u00a0de la OTAN\u00a0indican que en 1992, \u201csolo cuatro meses despu\u00e9s de la declaraci\u00f3n de independencia de Ucrania\u201d de la URSS, \u201cla OTAN invit\u00f3 a su representante a una reuni\u00f3n extraordinaria del Consejo de Cooperaci\u00f3n del Atl\u00e1ntico Norte, el organismo creado para dar forma a la cooperaci\u00f3n entre la OTAN y los estados del antiguo Pacto de Varsovia\u201d.<\/span><\/p>\n<p class=\"p3\" style=\"text-align: justify;\"><span style=\"font-size: 14pt;\">Rusia no propuso un pacto similar con los vecinos de Estados Unidos.<\/span><\/p>\n<p class=\"p3\" style=\"text-align: justify;\"><span style=\"font-size: 14pt;\">En 1994, Ucrania se uni\u00f3 a la llamada Asociaci\u00f3n para la Paz (PFP).\u00a0Citando la Carta de la ONU, la PFP\u00a0<a href=\"https:\/\/www.nato.int\/cps\/en\/natohq\/official_texts_24469.htm?mode=pressrelease\" target=\"_blank\" rel=\"noopener\"><span class=\"s1\">establece<\/span><\/a>\u00a0que los signatarios acuerdan \u201cabstenerse de la amenaza o el uso de la fuerza contra la integridad territorial o la independencia pol\u00edtica de cualquier Estado, respetar las fronteras existentes y resolver las disputas por medios pac\u00edficos\u201d.\u00a0Una cartilla del Departamento de Estado de EE. UU.\u00a0<a href=\"https:\/\/1997-2001.state.gov\/regions\/eur\/nato_fs-pfp.html\" target=\"_blank\" rel=\"noopener\"><span class=\"s1\">revela<\/span><\/a>\u00a0que la PFP ten\u00eda un motivo oculto.\u00a0Su objetivo real no era la neutralidad sino acercar a Ucrania y otros signatarios a la OTAN.\u00a0\u201cLa participaci\u00f3n en la PFP no garantiza el ingreso a la OTAN, pero es la mejor preparaci\u00f3n para los estados interesados \u200b\u200ben convertirse en miembros de la OTAN\u201d.<\/span><\/p>\n<p class=\"p3\" style=\"text-align: justify;\"><span style=\"font-size: 14pt;\">El manual tambi\u00e9n enumera los 52 ejercicios militares reales y planificados en los que los miembros de la PFP participaron inicialmente en o cerca de las fronteras de Rusia.<\/span><\/p>\n<p class=\"p3\" style=\"text-align: justify;\"><span style=\"font-size: 14pt;\">Los formuladores de pol\u00edticas de la era de Bill Clinton\u00a0<a href=\"https:\/\/press.armywarcollege.edu\/cgi\/viewcontent.cgi?article=1858&amp;context=monographs\" target=\"_blank\" rel=\"noopener\"><span class=\"s1\">explicaron<\/span><\/a>\u00a0que \u201cla OTAN no es simplemente un ejercicio de diplomacia preventiva y disuasi\u00f3n como antes\u201d.\u00a0La expansi\u00f3n de la OTAN ten\u00eda una agenda pol\u00edtica.\u00a0Consideraron la \u201campliaci\u00f3n de la OTAN [como] una pol\u00edtica de democratizaci\u00f3n\u201d.\u00a0Como arriba, \u201cdemocratizaci\u00f3n\u201d significa pro-estadounidense.\u00a0Citando los discursos de campa\u00f1a del presidente Clinton en 1996, el informe se\u00f1ala que, en su opini\u00f3n, la OTAN \u201cbrindar\u00e1 la estabilidad necesaria para un mayor desarrollo econ\u00f3mico en Europa central y oriental\u201d.\u00a0En otras palabras, la OTAN posterior a la URSS fue dise\u00f1ada, en parte, para garantizar los \u00abmercados libres\u00bb liderados por EE. UU. (que a menudo no son ni libres ni mercados, sino monopolios) en las naciones exsovi\u00e9ticas donde la propiedad estatal de las empresas era la norma. .<\/span><\/p>\n<p class=\"p3\" style=\"text-align: justify;\"><span style=\"font-size: 14pt;\">En 1997, la OTAN y Ucrania firmaron la Carta sobre una Asociaci\u00f3n Distintiva.\u00a0La Carta fue una violaci\u00f3n\u00a0<i>prima facie<\/i>\u00a0de la PFP en el sentido de que comprometi\u00f3 la independencia pol\u00edtica de Ucrania.\u00a0Propuso varias \u00e1reas de cooperaci\u00f3n entre la OTAN y Ucrania, \u201cincluida la planificaci\u00f3n de emergencias civiles, el entrenamiento militar y la seguridad ambiental\u201d.\u00a0La OTAN\u00a0<a href=\"https:\/\/web.archive.org\/web\/20141207055723\/https:\/www.nato.int\/nato_static_fl2014\/assets\/pdf\/pdf_2014_09\/20140901_140901-Backgrounder_NATO-Ukraine_en.pdf\" target=\"_blank\" rel=\"noopener\"><span class=\"s1\">se jacta:<\/span><\/a>\u00a0\u00abla cooperaci\u00f3n entre la OTAN y Ucrania se desarroll\u00f3 r\u00e1pidamente\u00bb en forma de \u00abreentrenamiento para ex oficiales militares&#8230; e invitar a Ucrania a participar en los ejercicios dirigidos por la OTAN\u00bb.<\/span><\/p>\n<p>&nbsp;<\/p>\n<h3 class=\"p3\" style=\"text-align: center;\"><span style=\"font-size: 18pt;\">Convertir a Ucrania en un \u201csocio militar de los Estados Unidos\u201d<\/span><\/h3>\n<p class=\"p3\" style=\"text-align: justify;\"><span style=\"font-size: 14pt;\">El Ej\u00e9rcito de los EE. UU.\u00a0<a href=\"https:\/\/www.army.mil\/article\/141396\/us_army_europe_commander_visiting_ukraine\" target=\"_blank\" rel=\"noopener\"><span class=\"s1\">dice:<\/span><\/a>\u00a0\u201cUcrania ha sido un socio militar de los EE. UU. desde mediados de la d\u00e9cada de 1990\u201d.\u00a0En 1998, el Comando de Operaciones Especiales de Estados Unidos en Europa organiz\u00f3 una conferencia de las Fuerzas de Operaciones Especiales (SOF) en Stuttgart, Alemania.\u00a0El Ej\u00e9rcito de los EE. UU.\u00a0<a href=\"https:\/\/www.socom.mil\/soceur\/history\" target=\"_blank\" rel=\"noopener\"><span class=\"s1\">informa:<\/span><\/a>\u00a0\u00abEste punto de referencia incluso reuni\u00f3 a personal militar de Moldavia, Georgia y Ucrania para ver demostraciones de las SOF de los EE. UU. y discutir oportunidades para futuros eventos de Entrenamiento de Intercambio Combinado Conjunto (JCET) y Programa de Equipo de Contacto Conjunto (JCTP)\u00bb.<\/span><\/p>\n<p class=\"p3\" style=\"text-align: justify;\"><span style=\"font-size: 14pt;\">En junio de 2000, los marines estadounidenses\u00a0<a href=\"https:\/\/web.archive.org\/web\/20210515112056\/https:\/www.24thmeu.marines.mil\/News\/Article\/Article\/510613\/uss-trenton-makes-eighth-port-visit-of-deployment-to-odessa-ukraine\/\" target=\"_blank\" rel=\"noopener\"><span class=\"s1\">informaron<\/span><\/a>\u00a0que el buque de guerra anfibio de la Marina, el USS\u00a0<i>Trenton<\/i>\u00a0, hab\u00eda navegado desde el Egeo hasta el Mar Negro y hab\u00eda atracado en Odessa (Ucrania).\u00a0La\u00a0<span class=\"s2\"><sup>24.\u00aa<\/sup><\/span>\u00a0Unidad Expedicionaria de la Infanter\u00eda de Marina (MEU) \u201clleg\u00f3 a experimentar algo de la historia de Odessa de primera mano cuando subieron las escaleras Prymorsky, o &#8216;Maritime&#8217;\u201d.\u00a0Adem\u00e1s de las bromas, \u00abel enfoque para el personal de MEU y la tripulaci\u00f3n del USS Trenton [fue] el pr\u00f3ximo ejercicio de la OTAN, Cooperative Partner 2000 (CP00), del cual Ucrania es la naci\u00f3n anfitriona\u00bb.<\/span><\/p>\n<p class=\"p3\" style=\"text-align: justify;\"><span style=\"font-size: 14pt;\">Adem\u00e1s de la participaci\u00f3n de Ucrania en los entrenamientos y ejercicios de la OTAN dirigidos por Estados Unidos, los soldados ucranianos lucharon en guerras dirigidas por Estados Unidos.\u00a0Despu\u00e9s del 11 de septiembre, participaron en la ocupaci\u00f3n de Afganist\u00e1n a trav\u00e9s de la llamada Fuerza Internacional de Asistencia para la Seguridad de la OTAN.\u00a0Las tropas ucranianas tambi\u00e9n ayudaron a la ocupaci\u00f3n estadounidense-brit\u00e1nica de Irak.\u00a0En 2008, el Ej\u00e9rcito\u00a0<a href=\"https:\/\/web.archive.org\/web\/20171019035136\/https:\/www.army.mil\/article\/15056\/ukrainians_complete_mission_in_iraq\" target=\"_blank\" rel=\"noopener\"><span class=\"s1\">elogi\u00f3<\/span><\/a>\u00a0a sus camaradas: \u201cM\u00e1s de 5.000 soldados ucranianos han servido en Irak durante los cinco a\u00f1os de servicio de Ucrania en apoyo de la Operaci\u00f3n Libertad Iraqu\u00ed\u201d.<\/span><\/p>\n<p>&nbsp;<\/p>\n<h3 class=\"p3\" style=\"text-align: center;\"><span style=\"font-size: 18pt;\">Despu\u00e9s de respaldar el golpe de estado de 2014, EE. UU. brinda \u00abasistencia de seguridad letal\u00bb<\/span><\/h3>\n<p class=\"p3\" style=\"text-align: justify;\"><span style=\"font-size: 14pt;\">Establecido en 2014 durante el golpe respaldado por EE. UU., el componente de Ucrania del Departamento de Estado de EE. UU. y el Fondo de Contingencia de Seguridad Global (GSCF) del Pent\u00e1gono proporciona decenas de millones de d\u00f3lares en capacitaci\u00f3n y equipo para \u00abdesarrollar el entrenamiento t\u00e1ctico, operativo e institucional\u00bb. capacidades de su Ministerio de Defensa y Guardia Nacional\u201d.\u00a0El Departamento de Estado\u00a0<a href=\"https:\/\/2017-2021.state.gov\/the-global-security-contingency-fund-builds-tactical-operational-and-institutional-capacity-in-ukraine\/index.html\" target=\"_blank\" rel=\"noopener\"><span class=\"s1\">dice:<\/span><\/a>\u00a0\u201cLa GSCF tambi\u00e9n ha apoyado a las Fuerzas de Operaciones Especiales de Ucrania en el desarrollo de capacidades t\u00e1cticas e institucionales que son compatibles con los modelos occidentales\u201d.<\/span><\/p>\n<p class=\"p3\" style=\"text-align: justify;\"><span style=\"font-size: 14pt;\"><span class=\"s1\"><a href=\"https:\/\/smallwarsjournal.com\/jrnl\/art\/paramilitary-forces-ukraine-matches-powder-keg\" target=\"_blank\" rel=\"noopener\">Seg\u00fan<\/a><\/span>\u00a0un diario vinculado al Pent\u00e1gono: \u201cArsen Avakov, el Ministro del Interior de 2014 a 2021[,\u2026] permiti\u00f3 la expansi\u00f3n y posterior integraci\u00f3n de las fuerzas paramilitares en la Guardia Nacional\u201d, incluido el Batall\u00f3n nazi Azov.<\/span><\/p>\n<p class=\"p3\" style=\"text-align: justify;\"><span style=\"font-size: 14pt;\">Desde 2015, el Comando Europeo del Pent\u00e1gono supervis\u00f3 la Fuerza de Tarea Multinacional Conjunta-Ucrania (JMTF-U), en la que el Ej\u00e9rcito y la Guardia Nacional de EE. UU. entrenan a las Fuerzas Armadas de Ucrania.\u00a0Adem\u00e1s, los oficiales fueron\u00a0<a href=\"https:\/\/crsreports.congress.gov\/product\/pdf\/IF\/IF12040\" target=\"_blank\" rel=\"noopener\"><span class=\"s1\">capacitados<\/span><\/a>\u00a0en los EE. UU. a trav\u00e9s del programa de Educaci\u00f3n y Entrenamiento Militar Internacional.\u00a0El Servicio de Investigaci\u00f3n del Congreso\u00a0<a href=\"https:\/\/crsreports.congress.gov\/product\/pdf\/IF\/IF12040\" target=\"_blank\" rel=\"noopener\"><span class=\"s1\">informa<\/span><\/a>\u00a0que, \u201c[s]eparativamente, las Fuerzas de Operaciones Especiales de EE. UU. han entrenado y asesorado a las fuerzas especiales ucranianas\u201d.\u00a0Adem\u00e1s, EE. UU. participa en el ejercicio anual de la Asociaci\u00f3n para la Paz de la OTAN,\u00a0<a href=\"https:\/\/www.army.mil\/article\/250444\/us_nato_ukraine_enhance_interoperability_with_rapid_trident_exercise\" target=\"_blank\" rel=\"noopener\"><span class=\"s1\">Rapid Trident<\/span><\/a><span class=\"s1\">\u00a0.<\/span><\/span><\/p>\n<p class=\"p3\" style=\"text-align: justify;\"><span style=\"font-size: 14pt;\">En noviembre de 2015,\u00a0<a href=\"https:\/\/web.archive.org\/web\/20180927170745\/https:\/www.army.mil\/article\/158630\/us_delivers_two_q_36_counter_battery_radar_systems_to_ukraine\" target=\"_blank\" rel=\"noopener\"><span class=\"s1\">supuestamente<\/span><\/a>\u00a0a pedido del nuevo r\u00e9gimen proestadounidense, la administraci\u00f3n Obama envi\u00f3 dos sistemas de radar AN\/TPQ a Ucrania.\u00a0\u201cEl presidente Petro Poroshenko tuvo la oportunidad de revisar el equipo y el personal militar de EE. UU. le inform\u00f3 sobre sus capacidades\u201d.<\/span><\/p>\n<p class=\"p3\" style=\"text-align: justify;\"><span style=\"font-size: 14pt;\">El Ej\u00e9rcito de los EE. UU.\u00a0<a href=\"https:\/\/www.army.mil\/article\/195262\/fires_center_of_excellence_ukrainian_leaders_talk_artillery_defense\" target=\"_blank\" rel=\"noopener\"><span class=\"s1\">revel\u00f3<\/span><\/a>\u00a0m\u00e1s tarde que el sistema de radar no era puramente defensivo.\u00a0Un equipo del Ej\u00e9rcito de EE. UU. en Europa, el Centro de Excelencia de Incendios de Fort Sill (FCoE) y la Organizaci\u00f3n de Gesti\u00f3n de Capacitaci\u00f3n de Asistencia de Seguridad del Ej\u00e9rcito (SATMO) \u00abrealizaron cuatro semanas de capacitaci\u00f3n de operadores\u00bb.<\/span><\/p>\n<p class=\"p3\" style=\"text-align: justify;\"><span style=\"font-size: 14pt;\">Desde la entrega inicial, \u00abUcrania recibi\u00f3 cuatro radares Q-36 adicionales&#8230; y capacitaci\u00f3n por parte del Comando de Comunicaciones y Electr\u00f3nica del Ej\u00e9rcito de EE. UU. con el apoyo de FCoE y USSATMO\u00bb.\u00a0La publicaci\u00f3n\u00a0<a href=\"https:\/\/www.army.mil\/article\/195262\/fires_center_of_excellence_ukrainian_leaders_talk_artillery_defense\" target=\"_blank\" rel=\"noopener\"><span class=\"s1\">cit\u00f3 a<\/span><\/a>\u00a0un entrenador diciendo que \u201cel equipo estadounidense mostr\u00f3 a sus comandantes de brigada, batall\u00f3n y pelot\u00f3n c\u00f3mo emplear t\u00e1cticamente el sistema de radar para apoyar los esfuerzos de fuego y maniobra\u201d.<\/span><\/p>\n<p class=\"p3\" style=\"text-align: justify;\"><span style=\"font-size: 14pt;\">Desde 2016, el\u00a0<a href=\"https:\/\/www.army.mil\/article\/253753\/ukraines_readiness_supported_by_us_army_security_assistance_experts\" target=\"_blank\" rel=\"noopener\"><span class=\"s1\">Grupo Asesor de Educaci\u00f3n Doctrina<\/span><\/a>\u00a0(DEAG) de SATMO \u00abha asesorado a las Fuerzas de Seguridad de Ucrania a nivel operativo para revisar la doctrina, mejorar la educaci\u00f3n militar profesional, mejorar la interoperabilidad de la OTAN y aumentar la preparaci\u00f3n para el combate\u00bb.\u00a0En enero de este a\u00f1o, DEAG trajo la primera carga de\u00a0<a href=\"https:\/\/www.army.mil\/article\/253753\/ukraines_readiness_supported_by_us_army_security_assistance_experts\" target=\"_blank\" rel=\"noopener\"><span class=\"s1\">$ 200 millones<\/span><\/a>\u00a0en \u00abasistencia de seguridad letal, incluidas municiones para los defensores de primera l\u00ednea de Ucrania\u00bb.<\/span><\/p>\n<p>&nbsp;<\/p>\n<p><a href=\"https:\/\/twitter.com\/MaxBlumenthal\/status\/1505620385143967746?ref_src=twsrc%5Etfw%7Ctwcamp%5Etweetembed%7Ctwterm%5E1505620385143967746%7Ctwgr%5E%7Ctwcon%5Es1_&amp;ref_url=https%3A%2F%2Fthegrayzone.com%2F2022%2F04%2F01%2Fwar-us-weaponized-ukraine-russia%2F\" target=\"_blank\" rel=\"noopener\"><img loading=\"lazy\" decoding=\"async\" class=\"aligncenter wp-image-2246726\" src=\"https:\/\/puntocritico.com\/ausajpuntocritico\/wp-content\/uploads\/2022\/05\/Blumenthal-tuit.png\" alt=\"\" width=\"555\" height=\"640\" data-id=\"2246726\" srcset=\"https:\/\/puntocritico.com\/ausajpuntocritico\/wp-content\/uploads\/2022\/05\/Blumenthal-tuit.png 683w, https:\/\/puntocritico.com\/ausajpuntocritico\/wp-content\/uploads\/2022\/05\/Blumenthal-tuit-260x300.png 260w, https:\/\/puntocritico.com\/ausajpuntocritico\/wp-content\/uploads\/2022\/05\/Blumenthal-tuit-610x703.png 610w\" sizes=\"auto, (max-width: 555px) 100vw, 555px\" \/><\/a><\/p>\n<p style=\"text-align: justify;\">\u00a0<\/p>\n<h3 class=\"p3\" style=\"text-align: center;\"><span style=\"font-size: 18pt;\">EE. UU. entrena a ucranianos para que \u201cse mezclen con la poblaci\u00f3n local\u201d y libran una guerra en \u00e1reas con mucha poblaci\u00f3n civil<\/span><\/h3>\n<p class=\"p3\" style=\"text-align: justify;\"><span style=\"font-size: 14pt;\">Una de las acciones estadounidenses m\u00e1s inmorales en Ucrania ha sido el entrenamiento de las fuerzas armadas para luchar en \u00e1reas civiles, incitando a Rusia a luchar en lugares densamente poblados con el efecto de anotar puntos de propaganda contra Rusia cuando los rusos matan a civiles ucranianos.<\/span><\/p>\n<p class=\"p3\" style=\"text-align: justify;\"><span style=\"font-size: 14pt;\">En 2015, los marines estadounidenses dieron a\u00a0<a href=\"https:\/\/web.archive.org\/web\/20160808002512\/https:\/www.marines.mil\/News\/Messages\/Messages-Display\/Article\/897588\/protection-guidance-in-response-to-recent-terrorist-events\/\" target=\"_blank\" rel=\"noopener\"><span class=\"s1\">entender<\/span><\/a>\u00a0que el personal de servicio estadounidense viajar\u00eda a Ucrania para luchar.\u00a0\u201cLos viajes no oficiales (licencia o libertad) a cualquier pa\u00eds de \u00c1frica o a los siguientes pa\u00edses europeos [incluidos Ucrania y sus vecinos] requieren la aprobaci\u00f3n de nivel de mando O-6&#8230; Los pa\u00edses est\u00e1n sujetos a cambios en funci\u00f3n de la Gu\u00eda de Autorizaci\u00f3n Extranjera (FCG), Departamento Notificaciones de amenazas de Estado (DOS), Comando de Combate y\/o Inteligencia\u201d.\u00a0Esto sugiere preparaci\u00f3n para una guerra \u201cirregular\u201d.<\/span><\/p>\n<p class=\"p3\" style=\"text-align: justify;\"><span style=\"font-size: 14pt;\">Un documento sin fecha publicado por el Centro de Excelencia de Operaciones Especiales de EE. UU. (SOCE), aparentemente de alrededor de 2017,\u00a0<a href=\"https:\/\/web.archive.org\/web\/20171204184645\/https:\/www.soc.mil\/swcs\/ProjectGray\/Russian_Symposium_EXSUM.pdf\" target=\"_blank\" rel=\"noopener\"><span class=\"s1\">afirma<\/span><\/a>\u00a0que \u201cEstados Unidos deber\u00eda aprender de la reacci\u00f3n de los rebeldes de Chechenia\u201d a la invasi\u00f3n de Chechenia por parte de Rusia en los a\u00f1os 90.\u00a0Explica que los \u00abrebeldes\u00bb participaron en \u00aboperaciones descentralizadas\u00bb, utilizando las redes sociales para \u00abmezclarse con la poblaci\u00f3n local\u00bb.\u00a0Los enemigos de Rusia usaron \u201cinformaci\u00f3n err\u00f3nea\u201d para manipular a los rusos para que mataran a los enemigos de los rebeldes.<\/span><\/p>\n<p class=\"p3\" style=\"text-align: justify;\"><span style=\"font-size: 14pt;\">El documento de SOCE contin\u00faa se\u00f1alando que las Fuerzas de Operaciones Especiales del Ej\u00e9rcito \u201cest\u00e1n capacitadas para prosperar en estos entornos\u201d.\u00a0El documento aboga expl\u00edcitamente por que EE. UU. entrene fuerzas irregulares para provocar a Rusia: \u201cEstados Unidos deber\u00eda formar un grupo de trabajo interagencial con el Departamento de Estado, miembros de la comunidad de inteligencia y SOCOM\u201d, el Comando de Operaciones Especiales, que \u201cservi[r\u00eda] e] como l\u00edder\/representante del Departamento de Defensa\u201d.\u00a0Sugiere que dicho grupo de trabajo \u00abentienda que las acciones de SOCOM deber\u00e1n ser poco convencionales e irregulares para competir con las t\u00e1cticas de guerra modernas rusas\u00bb.<\/span><\/p>\n<p class=\"p3\" style=\"text-align: justify;\"><span style=\"font-size: 14pt;\">Al reforzar las fuerzas armadas de Ucrania e incitar a Rusia, las \u00e9lites estadounidenses han utilizado abiertamente a los civiles ucranianos como peones.\u00a0Durante muchos a\u00f1os, las fuerzas ucranianas fueron entrenadas en combate urbano por personal estadounidense: es decir, para luchar contra los rusos en \u00e1reas civiles densamente pobladas.\u00a0\u201cTask Force Illini\u201d est\u00e1 compuesto por 150 soldados del Equipo de Combate de la Brigada de Infanter\u00eda 33 de la Guardia Nacional del Ej\u00e9rcito de Illinois.<\/span><\/p>\n<p class=\"p3\" style=\"text-align: justify;\"><span style=\"font-size: 14pt;\">En septiembre de 2020, el Ej\u00e9rcito de EE. UU.\u00a0<a href=\"https:\/\/web.archive.org\/web\/20210127113253\/https:\/www.army.mil\/article\/239609\/ukraine_us_forces_train_for_urban_operations\" target=\"_blank\" rel=\"noopener\"><span class=\"s1\">inform\u00f3<\/span><\/a>\u00a0que los soldados de las Fuerzas Armadas de Ucrania \u201cperfeccionaron sus habilidades de operaciones urbanas mientras los asesores de la Task Force Illini prestaban su experiencia en el Centro de Entrenamiento de Combate en Yavoriv\u201d, la base de facto de la OTAN en Ucrania occidental cerca de la frontera con Polonia.<\/span><\/p>\n<p>&nbsp;<\/p>\n<p><a href=\"https:\/\/twitter.com\/RealAlexRubi\/status\/1504178315824930816?ref_src=twsrc%5Etfw%7Ctwcamp%5Etweetembed%7Ctwterm%5E1504178315824930816%7Ctwgr%5E%7Ctwcon%5Es1_&amp;ref_url=https%3A%2F%2Fthegrayzone.com%2F2022%2F04%2F01%2Fwar-us-weaponized-ukraine-russia%2F\" target=\"_blank\" rel=\"noopener\"><img loading=\"lazy\" decoding=\"async\" class=\"aligncenter wp-image-2246727\" src=\"https:\/\/puntocritico.com\/ausajpuntocritico\/wp-content\/uploads\/2022\/05\/Rubinstein-tuit.png\" alt=\"\" width=\"555\" height=\"694\" data-id=\"2246727\" srcset=\"https:\/\/puntocritico.com\/ausajpuntocritico\/wp-content\/uploads\/2022\/05\/Rubinstein-tuit.png 617w, https:\/\/puntocritico.com\/ausajpuntocritico\/wp-content\/uploads\/2022\/05\/Rubinstein-tuit-240x300.png 240w, https:\/\/puntocritico.com\/ausajpuntocritico\/wp-content\/uploads\/2022\/05\/Rubinstein-tuit-610x763.png 610w\" sizes=\"auto, (max-width: 555px) 100vw, 555px\" \/><\/a><\/p>\n<h3 class=\"p3\" style=\"text-align: center;\"><span style=\"font-size: 18pt;\">Los \u201cThunderbirds\u201d entrenan a los ucranianos en un combate vehicular a gran escala<\/span><\/h3>\n<p class=\"p3\" style=\"text-align: justify;\"><span style=\"font-size: 14pt;\">Los \u201cThunderbirds\u201d con sede en Oklahoma han pasado por varias encarnaciones durante el \u00faltimo siglo.\u00a0La unidad del ej\u00e9rcito se conoc\u00eda originalmente como la 45.\u00aa Divisi\u00f3n de Infanter\u00eda y ahora es el Equipo de Combate de la 45.\u00aa Brigada de Infanter\u00eda.\u00a0A principios de 2017, la misi\u00f3n JMTG-U estuvo bajo el mando del 7.\u00ba Comando de Entrenamiento del Ej\u00e9rcito y del Ej\u00e9rcito de EE. UU. en Europa, que emparej\u00f3 Thunderbirds del 1.er Batall\u00f3n, 179.\u00ba Regimiento de Infanter\u00eda con soldados de la 28.\u00aa Brigada Mecanizada y la 79.\u00aa Brigada Aerotransportada de Ucrania.\u00a0Su objetivo era preparar a los ucranianos para un combate vehicular total.<\/span><\/p>\n<p class=\"p3\" style=\"text-align: justify;\"><span style=\"font-size: 14pt;\">Putin afirma que Ucrania es un pe\u00f3n de la OTAN.\u00a0La propaganda estadounidense rechaza la noci\u00f3n, intentando probarla descartando p\u00fablicamente la membres\u00eda de Ucrania en la Alianza.\u00a0Pero en abril de 2017, el Ej\u00e9rcito de los EE. UU.\u00a0<a href=\"https:\/\/www.army.mil\/article\/186536\/building_ncos_in_ukraine\" target=\"_blank\" rel=\"noopener\"><span class=\"s1\">admiti\u00f3<\/span><\/a>\u00a0que bajo el JMTG-U, la misi\u00f3n de los Thunderbirds era \u201centrenar al ej\u00e9rcito ucraniano seg\u00fan los est\u00e1ndares de la OTAN, desarrollar su cuerpo de suboficiales y ayudarlos a establecer un centro de entrenamiento de combate, para que en en el futuro, pueden continuar entren\u00e1ndose\u201d.\u00a0Entonces, si el ej\u00e9rcito ucraniano est\u00e1 entrenado seg\u00fan los est\u00e1ndares de la OTAN y es supervisado por un presidente t\u00edtere de EE. UU., bien podr\u00eda ser parte de la OTAN, sin la obligaci\u00f3n de EE. UU. de acudir en su defensa.<\/span><\/p>\n<p class=\"p3\" style=\"text-align: justify;\"><span style=\"font-size: 14pt;\">El centro propuesto se convirti\u00f3 en el Centro de Entrenamiento de Combate Yavoriv.\u00a0El Ej\u00e9rcito de EE. UU.\u00a0<a href=\"https:\/\/www.army.mil\/article\/196465\/meeting_major_milestones_in_ukraine\" target=\"_blank\" rel=\"noopener\"><span class=\"s1\">inform\u00f3<\/span><\/a>\u00a0que en octubre de 2017, \u201cse abri\u00f3 una nueva gama de granadas.\u00a0El mayor Montana Dugger dijo: \u201cLos hemos ayudado a crear planes de mantenimiento a largo plazo para que puedan usar estas instalaciones durante los pr\u00f3ximos 20, 30 a\u00f1os o m\u00e1s\u201d.<\/span><\/p>\n<p class=\"p3\" style=\"text-align: justify;\"><span style=\"font-size: 14pt;\">Aparentemente ignorante del doble discurso c\u00f3mico, el Ej\u00e9rcito de EE. UU. tambi\u00e9n\u00a0<a href=\"https:\/\/web.archive.org\/web\/20170126022625\/https:\/www.army.mil\/article\/180716\/thunderbirds_arrive_in_ukraine\" target=\"_blank\" rel=\"noopener\"><span class=\"s1\">explic\u00f3<\/span><\/a>\u00a0que el Centro de Entrenamiento de Combate de Ucrania \u201cse est\u00e1 estableciendo en el Centro Internacional de Mantenimiento de la Paz y Seguridad cerca de Yavoriv\u201d.\u00a0Tambi\u00e9n es ir\u00f3nico que mientras los Thunderbirds entrenan a un ej\u00e9rcito que incorpora unidades neonazis para luchar contra los rusos en Ucrania, su\u00a0<a href=\"https:\/\/45thdivisionmuseum.com\/index.php\/history\/from-swastika-to-thunderbird\/\" target=\"_blank\" rel=\"noopener\"><span class=\"s1\">insignia anterior a la d\u00e9cada de 1930 era una esv\u00e1stica,<\/span><\/a>\u00a0que su museo con sede en Oklahoma\u00a0<a href=\"https:\/\/www.facebook.com\/439039145531\/posts\/the-45th-division-and-the-swastikafor-the-first-10-years-of-its-existence-member\/10155387059115532\/?_rdr\" target=\"_blank\" rel=\"noopener\">describe<\/a>\u00a0como \u00abun antiguo s\u00edmbolo indio americano de buena suerte\u00bb.<\/span><\/p>\n<p>&nbsp;<\/p>\n<figure id=\"attachment_2246728\" aria-describedby=\"caption-attachment-2246728\" style=\"width: 665px\" class=\"wp-caption aligncenter\"><img loading=\"lazy\" decoding=\"async\" class=\"wp-image-2246728\" src=\"https:\/\/puntocritico.com\/ausajpuntocritico\/wp-content\/uploads\/2022\/05\/UCRANAZIS-1.webp\" alt=\"\" width=\"665\" height=\"490\" data-id=\"2246728\" srcset=\"https:\/\/puntocritico.com\/ausajpuntocritico\/wp-content\/uploads\/2022\/05\/UCRANAZIS-1.webp 1200w, https:\/\/puntocritico.com\/ausajpuntocritico\/wp-content\/uploads\/2022\/05\/UCRANAZIS-1-300x221.webp 300w, https:\/\/puntocritico.com\/ausajpuntocritico\/wp-content\/uploads\/2022\/05\/UCRANAZIS-1-1024x754.webp 1024w, https:\/\/puntocritico.com\/ausajpuntocritico\/wp-content\/uploads\/2022\/05\/UCRANAZIS-1-768x566.webp 768w, https:\/\/puntocritico.com\/ausajpuntocritico\/wp-content\/uploads\/2022\/05\/UCRANAZIS-1-610x449.webp 610w, https:\/\/puntocritico.com\/ausajpuntocritico\/wp-content\/uploads\/2022\/05\/UCRANAZIS-1-80x60.webp 80w\" sizes=\"auto, (max-width: 665px) 100vw, 665px\" \/><figcaption id=\"caption-attachment-2246728\" class=\"wp-caption-text\"><span style=\"color: #008000;\">Del Museo de la 45.a Divisi\u00f3n de Infanter\u00eda, el parche con la esv\u00e1stica original anterior a 1930 de la unidad<\/span><\/figcaption><\/figure>\n<p style=\"text-align: justify;\">\u00a0<\/p>\n<h3 class=\"p3\" style=\"text-align: center;\"><span style=\"font-size: 18pt;\">El objetivo de las operaciones encubiertas de la CIA: \u201cmatar rusos\u201d<\/span><\/h3>\n<p class=\"p3\" style=\"text-align: justify;\"><span style=\"font-size: 14pt;\">Adem\u00e1s de los eventos manifiestos pero subestimados o no informados descritos anteriormente, la Agencia Central de Inteligencia de EE. UU. (CIA) ha llevado a cabo un programa de capacitaci\u00f3n encubierto de ocho a\u00f1os.\u00a0\u00bfPor qu\u00e9 la necesidad de operaciones encubiertas frente a extensos proyectos\u00a0<i>abiertos<\/i>\u00a0?\u00a0La CIA se especializa en asesinatos, guerra de poder, operaciones psicol\u00f3gicas y banderas falsas.\u00a0Esto sugiere que sus esfuerzos incluyen t\u00e1cticas prohibidas por los Convenios de Ginebra.<\/span><\/p>\n<p class=\"p3\" style=\"text-align: justify;\"><span style=\"font-size: 14pt;\">yahoo!\u00a0News\u00a0<a href=\"https:\/\/news.yahoo.com\/exclusive-secret-cia-training-program-in-ukraine-helped-kyiv-prepare-for-russian-invasion-090052743.html\" target=\"_blank\" rel=\"noopener\"><span class=\"s1\">inform\u00f3<\/span><\/a>\u00a0que en 2014, bajo una doctrina llamada \u201cfinanciamiento de acciones encubiertas\u201d, \u201cun grupo peque\u00f1o y selecto de paramilitares veteranos de la CIA hizo sus primeros viajes secretos al frente para reunirse con sus hom\u00f3logos ucranianos\u201d.\u00a0El entrenamiento fue realizado por el Centro de Actividades Especiales de la CIA, lo que sugiere que incluso si los oficiales fueran \u00abex-CIA\u00bb y miembros de las Fuerzas Especiales, se les dio acceso a Langley a altos niveles, convirti\u00e9ndolo en una\u00a0misi\u00f3n oficial\u00a0<i>de facto .<\/i><\/span><\/p>\n<p class=\"p3\" style=\"text-align: justify;\"><span style=\"font-size: 14pt;\">Se\u00a0<a href=\"https:\/\/news.yahoo.com\/exclusive-secret-cia-training-program-in-ukraine-helped-kyiv-prepare-for-russian-invasion-090052743.html\" target=\"_blank\" rel=\"noopener\"><span class=\"s1\">cita<\/span><\/a>\u00a0a un agente diciendo que los oficiales intentaron talibanizar a los paramilitares ucranianos en el sentido de que los talibanes afganos no ten\u00edan un equipo sofisticado que fuera vulnerable al cegamiento del enemigo.\u00a0Ergo, se requer\u00eda entrenamiento de guerra b\u00e1sico y no tecnol\u00f3gico.\u00a0El informe dice que los entrenadores:<\/span><\/p>\n<p class=\"p4\" style=\"text-align: justify;\"><span style=\"font-size: 14pt;\">\u201cense\u00f1aron a sus hom\u00f3logos ucranianos t\u00e9cnicas de francotirador;\u00a0c\u00f3mo operar misiles antitanque Javelin suministrados por Estados Unidos y otros equipos;\u00a0c\u00f3mo evadir el rastreo digital que los rusos usaron para se\u00f1alar la ubicaci\u00f3n de las tropas ucranianas, lo que las hab\u00eda dejado vulnerables a los ataques de artiller\u00eda;\u00a0c\u00f3mo utilizar herramientas de comunicaci\u00f3n encubiertas;\u00a0y c\u00f3mo pasar desapercibido en la zona de guerra y al mismo tiempo sacar a las fuerzas rusas e insurgentes de sus posiciones, entre otras habilidades, seg\u00fan ex funcionarios\u201d.<\/span><\/p>\n<p class=\"p3\" style=\"text-align: justify;\"><span style=\"font-size: 14pt;\">Adem\u00e1s, una ex fuente de alto nivel\u00a0<a href=\"https:\/\/news.yahoo.com\/exclusive-secret-cia-training-program-in-ukraine-helped-kyiv-prepare-for-russian-invasion-090052743.html\" target=\"_blank\" rel=\"noopener\"><span class=\"s1\">dijo<\/span><\/a>\u00a0(parafraseado por el reportero):\u00a0\u201cLa agencia necesitaba determinar la &#8216;columna vertebral&#8217; de los ucranianos&#8230; La pregunta era: &#8216;\u00bfVan a ser arrollados o se levantar\u00e1n y pelear\u00e1n? \u201d<\/span><\/p>\n<p class=\"p3\" style=\"text-align: justify;\"><span style=\"font-size: 14pt;\">Entonces, \u00bfqui\u00e9n tiende a tener \u201ccolumna vertebral\u201d, es decir, un esp\u00edritu de lucha despiadado y psic\u00f3pata?\u00a0fascistas y ultranacionalistas.\u00a0De hecho, incluso los medios corporativos estadounidenses han informado ampliamente que las Fuerzas Armadas de Ucrania y las unidades paramilitares estaban infestadas de nazis.\u00a0Hoy, los mismos medios se refieren a los nazis como meros nacionalistas.<\/span><\/p>\n<p class=\"p3\" style=\"text-align: justify;\"><span style=\"font-size: 14pt;\">A partir de 2015, el Departamento Terrestre de la CIA hizo arreglos para que los ucranianos fueran entrenados en el sur de los EE. UU.\u00a0Las operaciones contin\u00faan hasta el presente y se han ampliado bajo la administraci\u00f3n de Biden.\u00a0\u201cEl programa de varias semanas de la CIA con sede en EE. UU. ha incluido entrenamiento en armas de fuego, t\u00e9cnicas de camuflaje, navegaci\u00f3n terrestre, t\u00e1cticas como &#8216;cubrir y moverse&#8217;, inteligencia y otras \u00e1reas\u201d.\u00a0Se\u00a0<a href=\"https:\/\/news.yahoo.com\/cia-trained-ukrainian-paramilitaries-may-take-central-role-if-russia-invades-185258008.html\" target=\"_blank\" rel=\"noopener\"><span class=\"s1\">cita<\/span><\/a>\u00a0a un alto oficial diciendo: \u201cEstados Unidos est\u00e1 entrenando una insurgencia\u2026 para matar a los rusos\u201d.<\/span><\/p>\n<p class=\"p3\" style=\"text-align: justify;\"><span style=\"font-size: 14pt;\">En febrero de este a\u00f1o, poco antes de la invasi\u00f3n rusa, se\u00a0<a href=\"https:\/\/www.latimes.com\/opinion\/story\/2022-02-25\/ukraine-cia-insurgents-russia-invasion\" target=\"_blank\" rel=\"noopener\"><span class=\"s1\">inform\u00f3<\/span><\/a>\u00a0que la CIA hab\u00eda estado \u201cpreparando a los ucranianos para montar una insurgencia contra la ocupaci\u00f3n rusa\u201d.\u00a0\u00bfContra una ocupaci\u00f3n?\u00a0\u00bfO una insurgencia para provocar una ocupaci\u00f3n?<\/span><\/p>\n<p class=\"p3\" style=\"text-align: justify;\"><span style=\"font-size: 14pt;\">Adem\u00e1s de la CIA, el ej\u00e9rcito estadounidense tiene sus propias operaciones encubiertas.\u00a0Bajo el\u00a0<a href=\"https:\/\/www.armytimes.com\/news\/your-army\/2022\/03\/07\/how-the-us-and-europe-helped-ukraine-prep-for-insurgency\/\" target=\"_blank\" rel=\"noopener\"><span class=\"s1\">concepto operativo de resistencia<\/span><\/a>\u00a0iniciado en 2018, el Pent\u00e1gono parece haber estado entrenando unidades de defensa territorial compuestas por civiles ucranianos.\u00a0Esto parece haber llevado a la creaci\u00f3n por parte de las Fuerzas de Operaciones Especiales de Ucrania de un Centro Nacional de Resistencia que ense\u00f1a a los civiles t\u00e1cticas de guerrilla.<\/span><\/p>\n<p>&nbsp;<\/p>\n<h3 class=\"p3\" style=\"text-align: center;\"><span style=\"font-size: 18pt;\">La acumulaci\u00f3n militar de Ucrania lleva al mundo al borde del abismo<\/span><\/h3>\n<p class=\"p3\" style=\"text-align: justify;\"><span style=\"font-size: 14pt;\">Despu\u00e9s de que Rusia anex\u00f3 Crimea en 2014, estallaron protestas prorrusas en el este en Donetsk y Lugansk.\u00a0El Servicio de Investigaci\u00f3n del Congreso (CRS)\u00a0<a href=\"https:\/\/www.everycrsreport.com\/files\/20170103_RL33460_a05fced6b9314f66defe2982aa4fe73c02e88636.pdf\" target=\"_blank\" rel=\"noopener\"><span class=\"s1\">se\u00f1al\u00f3:<\/span><\/a>\u00a0\u201cEl gobierno de Kiev respondi\u00f3 con la fuerza militar y emple\u00f3 milicias locales para ayudar a hacer retroceder a los separatistas\u201d.\u00a0El CRS agreg\u00f3 que Estados Unidos lidera a Gran Breta\u00f1a, Canad\u00e1 y Lituania en la Comisi\u00f3n Conjunta Multinacional sobre Reforma de la Defensa y Cooperaci\u00f3n en Seguridad.\u00a0El Comando Europeo del Pent\u00e1gono ten\u00eda una Iniciativa Europea de Tranquilizaci\u00f3n en ese momento, que ahora se llama Iniciativa Europea de Disuasi\u00f3n.\u00a0Bajo este programa, decenas de ucranianos fueron entrenados en Huntsville, Alabama, en operaciones de drones Raven RQ-11B lanzados a mano.\u00a0Setenta y dos drones fueron enviados a Ucrania en 2016.<\/span><\/p>\n<p class=\"p3\" style=\"text-align: justify;\"><span style=\"font-size: 14pt;\">Un informe de investigaci\u00f3n de la Biblioteca de la C\u00e1mara de los Comunes del Reino Unido de enero de 2016\u00a0<a href=\"https:\/\/researchbriefings.files.parliament.uk\/documents\/CBP-7479\/CBP-7479.pdf\" target=\"_blank\" rel=\"noopener\"><span class=\"s1\">afirma:<\/span><\/a>\u00a0\u201cLos combates entre las fuerzas gubernamentales ucranianas y los separatistas respaldados por Rusia han matado a m\u00e1s de 9.000 personas desde abril de 2014 y han herido a m\u00e1s de 20.000\u201d.\u00a0El informe contin\u00faa se\u00f1alando que despu\u00e9s del acuerdo de Minsk II respaldado por el Consejo de Seguridad de la ONU, que ped\u00eda un alto el fuego y la retirada de las fuerzas de primera l\u00ednea en ambos lados, el parlamento ucraniano otorg\u00f3 un estatus especial y una mayor autonom\u00eda a partes de las regiones de Lugansk y Donetsk. .<\/span><\/p>\n<p class=\"p3\" style=\"text-align: justify;\"><span style=\"font-size: 14pt;\">El Royal United Services Institute es un grupo de expertos vinculado al Ministerio de Defensa del Reino Unido.\u00a0Uno de sus informes reconoce que Rusia ten\u00eda una \u00abpol\u00edtica defensiva\u00bb en gran medida cuando se trataba de Ucrania.\u00a0Dice\u00a0<a href=\"https:\/\/static.rusi.org\/special-report-202202-ukraine-web.pdf\" target=\"_blank\" rel=\"noopener\"><span class=\"s1\">:<\/span><\/a>\u00a0\u201cLos funcionarios rusos se han alarmado por la expansi\u00f3n y la superposici\u00f3n de alianzas occidentales desde una OTAN y la UE ampliadas, hasta AUKUS y la Coalici\u00f3n de Democracias promovida por EE. UU. y el Reino Unido\u201d.<\/span><\/p>\n<p class=\"p3\" style=\"text-align: justify;\"><span style=\"font-size: 14pt;\">Parte de la estrategia de Rusia tiene sus ra\u00edces en la destrucci\u00f3n de Libia liderada por Estados Unidos en 2011, explica el informe.\u00a0El bombardeo de Libia por parte de la OTAN y el derrocamiento de Muammar Gaddafi \u201csubrayaron cu\u00e1n fuertes alianzas occidentales pudieron eludir o manipular el [Consejo de Seguridad de la ONU] CSNU, esencialmente eludiendo un foro donde se pod\u00edan proteger los intereses rusos\u201d.<\/span><\/p>\n<p class=\"p3\" style=\"text-align: justify;\"><span style=\"font-size: 14pt;\">De hecho, el 27 de febrero de 2022, el Consejo de Seguridad de las Naciones Unidas adopt\u00f3 la Resoluci\u00f3n 2623, que\u00a0<a href=\"https:\/\/documents-dds-ny.un.org\/doc\/UNDOC\/GEN\/N22\/271\/32\/PDF\/N2227132.pdf\" target=\"_blank\" rel=\"noopener\"><span class=\"s1\">establece:<\/span><\/a>\u00a0\u201cla falta de unanimidad de sus miembros permanentes en la reuni\u00f3n 8979 le ha impedido ejercer su responsabilidad principal en el mantenimiento de la paz y la seguridad internacionales\u201d.<\/span><\/p>\n<p class=\"p3\" style=\"text-align: justify;\"><span style=\"font-size: 14pt;\">La ausencia de diplomacia internacional, la debilidad de un movimiento interno contra la guerra en los EE. UU. y los v\u00edtores a favor de la guerra por parte de muchos izquierdistas y liberales bajo la doctrina de que Putin es un malvado villano ha empujado al mundo tan cerca de un desastre nuclear terminal como lo ha sido desde la crisis de los misiles cubanos de 1962;\u00a0tal vez incluso m\u00e1s cerca.\u00a0Muchos rusos han salido a las calles para clamar por un alto el fuego.\u00a0Despu\u00e9s de mirar hacia otro lado mientras sus l\u00edderes pasaron los \u00faltimos 8 a\u00f1os armando a Ucrania contra Rusia, el p\u00fablico occidental a\u00fan tiene que exigir lo mismo.<\/span><\/p>\n<p style=\"text-align: justify;\">\u00a0<\/p>\n<p style=\"text-align: right;\"><i><strong>TJ Coles<\/strong> es investigador postdoctoral en el Cognition Institute de la Universidad de Plymouth y autor de varios libros, el \u00faltimo de los cuales es<\/i> We&#8217;ll Tell You What to Think: Wikipedia, Propaganda and the Making of Liberal Consensus<i>.<\/i><\/p>\n<p>&nbsp;<\/p>\n<\/blockquote>\n<figure id=\"attachment_2245396\" aria-describedby=\"caption-attachment-2245396\" style=\"width: 678px\" class=\"wp-caption aligncenter\"><a href=\"https:\/\/puntocritico.com\/ausajpuntocritico\/2022\/04\/09\/secretos-de-estado\/\"><img loading=\"lazy\" decoding=\"async\" class=\"wp-image-2245396 size-mh-magazine-content\" src=\"https:\/\/puntocritico.com\/ausajpuntocritico\/wp-content\/uploads\/2022\/04\/Colin-Powell-mintiendo-a-la-ONU-678x381.webp\" alt=\"\" width=\"678\" height=\"381\" data-id=\"2245396\" srcset=\"https:\/\/puntocritico.com\/ausajpuntocritico\/wp-content\/uploads\/2022\/04\/Colin-Powell-mintiendo-a-la-ONU-678x381.webp 678w, https:\/\/puntocritico.com\/ausajpuntocritico\/wp-content\/uploads\/2022\/04\/Colin-Powell-mintiendo-a-la-ONU-300x168.webp 300w, https:\/\/puntocritico.com\/ausajpuntocritico\/wp-content\/uploads\/2022\/04\/Colin-Powell-mintiendo-a-la-ONU-610x342.webp 610w, https:\/\/puntocritico.com\/ausajpuntocritico\/wp-content\/uploads\/2022\/04\/Colin-Powell-mintiendo-a-la-ONU.webp 768w\" sizes=\"auto, (max-width: 678px) 100vw, 678px\" \/><\/a><figcaption id=\"caption-attachment-2245396\" class=\"wp-caption-text\"><span style=\"color: #008000;\">En su condici\u00f3n de jefe de la diplomacia estadounidense, protagoniz\u00f3 una intervenci\u00f3n en el Consejo de Seguridad de Naciones Unidas que llev\u00f3 su protagonismo al m\u00e1s alto nivel. Sus debates preludiaron la invasi\u00f3n anglo-estadounidense de Irak, pero la comprobaci\u00f3n de que las denunciadas armas de destrucci\u00f3n masiva no exist\u00edan malpar\u00f3 irremediablemente su historial diplom\u00e1tico.<\/span><\/figcaption><\/figure>\n<p style=\"text-align: center;\"><strong><span style=\"color: #008000; font-size: 18pt;\">*******<\/span><\/strong><\/p>\n<div class=\"title-wrap\">\n<h2 class=\"entry-title title flipboard-title\" style=\"text-align: center;\"><span style=\"font-size: 24pt;\">\u201cUn traidor menos\u201d: Zelensky supervisa campa\u00f1a de asesinatos, secuestros y torturas a opositores pol\u00edticos<\/span><\/h2>\n<p style=\"text-align: center;\"><em><strong><span style=\"font-size: 14pt;\">Aunque afirma defender la democracia, el ucraniano Volodymyr Zelensky ilegaliz\u00f3 a su oposici\u00f3n, orden\u00f3 el arresto de sus rivales y presidi\u00f3 la desaparici\u00f3n y el asesinato de disidentes en todo el pa\u00eds.<\/span><\/strong><\/em><\/p>\n<\/div>\n<p style=\"text-align: justify;\"><span style=\"font-size: 14pt;\">Por Max Blumenthal y Esha Krishnaswamy<\/span><\/p>\n<p style=\"text-align: justify;\"><span style=\"font-size: 14pt;\"><a href=\"https:\/\/thegrayzone.com\/2022\/04\/17\/traitor-zelensky-assassination-kidnapping-arrest-political-opposition\/\" target=\"_blank\" rel=\"noopener\">The Grey Zone<\/a>, 17 ABRIL 2022<\/span><\/p>\n<figure id=\"attachment_2246722\" aria-describedby=\"caption-attachment-2246722\" style=\"width: 678px\" class=\"wp-caption aligncenter\"><img loading=\"lazy\" decoding=\"async\" class=\"wp-image-2246722 size-mh-magazine-content\" src=\"https:\/\/puntocritico.com\/ausajpuntocritico\/wp-content\/uploads\/2022\/05\/pjimage-24-678x381.webp\" alt=\"\" width=\"678\" height=\"381\" data-id=\"2246722\" srcset=\"https:\/\/puntocritico.com\/ausajpuntocritico\/wp-content\/uploads\/2022\/05\/pjimage-24-678x381.webp 678w, https:\/\/puntocritico.com\/ausajpuntocritico\/wp-content\/uploads\/2022\/05\/pjimage-24-300x169.webp 300w, https:\/\/puntocritico.com\/ausajpuntocritico\/wp-content\/uploads\/2022\/05\/pjimage-24-1024x576.webp 1024w, https:\/\/puntocritico.com\/ausajpuntocritico\/wp-content\/uploads\/2022\/05\/pjimage-24-768x432.webp 768w, https:\/\/puntocritico.com\/ausajpuntocritico\/wp-content\/uploads\/2022\/05\/pjimage-24-610x343.webp 610w, https:\/\/puntocritico.com\/ausajpuntocritico\/wp-content\/uploads\/2022\/05\/pjimage-24.webp 1280w\" sizes=\"auto, (max-width: 678px) 100vw, 678px\" \/><figcaption id=\"caption-attachment-2246722\" class=\"wp-caption-text\"><span style=\"color: #008000;\">Arriba: La tortura del activista de izquierda Alexander Matjuschenko el 3 de marzo en Dnipro, registrada por miembros de Azov. Abajo: El presidente Volodymyr Zelensky posa durante un encuentro con los medios.<\/span><\/figcaption><\/figure>\n<p style=\"text-align: justify;\">\u00a0<\/p>\n<p style=\"text-align: justify;\"><span style=\"font-size: 14pt;\">El presidente ucraniano Volodymyr Zelensky ha enmarcado la guerra de su pa\u00eds contra Rusia como una batalla por la democracia misma.\u00a0En un discurso cuidadosamente coreografiado ante el Congreso de los Estados Unidos el 16 de marzo,\u00a0<a href=\"https:\/\/www.nytimes.com\/2022\/03\/16\/us\/politics\/transcript-zelensky-speech.html\" target=\"_blank\" rel=\"noopener\">Zelensky declar\u00f3<\/a>\u00a0: \u201c<em>En este momento, se est\u00e1 decidiendo el destino de nuestro pa\u00eds.\u00a0El destino de nuestro pueblo, si los ucranianos ser\u00e1n libres, si podr\u00e1n preservar su democracia<\/em>\u201d.<\/span><\/p>\n<p style=\"text-align: justify;\"><span style=\"font-size: 14pt;\">Los medios corporativos estadounidenses respondieron colmando a Zelensky de prensa aduladora, impulsando una campa\u00f1a para su nominaci\u00f3n al Premio Nobel de la Paz e inspirando un\u00a0<a href=\"https:\/\/www.grammy.com\/news\/ukrainian-president-volodymyr-zelensky-speech-2022-grammys\" target=\"_blank\" rel=\"noopener\">tributo musical extravagante<\/a>\u00a0a \u00e9l y al ej\u00e9rcito ucraniano durante la ceremonia de entrega de premios Grammy 2022 el 3 de abril.<\/span><\/p>\n<p style=\"text-align: justify;\"><span style=\"font-size: 14pt;\">Sin embargo, los medios occidentales han mirado para otro lado, ya que Zelensky y altos funcionarios de su administraci\u00f3n han sancionado una campa\u00f1a de secuestro, tortura y asesinato de legisladores ucranianos locales acusados \u200b\u200bde colaborar con Rusia.\u00a0Varios alcaldes y otros funcionarios ucranianos han sido asesinados desde el estallido de la guerra, muchos presuntamente a manos de agentes estatales ucranianos despu\u00e9s de entablar conversaciones de distensi\u00f3n con Rusia.<\/span><\/p>\n<p style=\"text-align: justify;\"><span style=\"font-size: 14pt;\">\u201c<em>Hay un traidor menos en Ucrania<\/em>\u201d, afirm\u00f3 el asesor del Ministerio del Interior, Anton Geraschenko, al respaldar el asesinato de un alcalde ucraniano acusado de colaborar con Rusia.<\/span><\/p>\n<p style=\"text-align: justify;\"><span style=\"font-size: 14pt;\">Zelensky ha explotado a\u00fan m\u00e1s la atm\u00f3sfera de guerra para prohibir una serie de partidos de oposici\u00f3n y ordenar el arresto de sus principales rivales.\u00a0Sus decretos autoritarios han provocado la desaparici\u00f3n, tortura e incluso el asesinato de una serie de activistas de derechos humanos, organizadores comunistas y de izquierda, periodistas y funcionarios gubernamentales acusados \u200b\u200bde simpat\u00edas \u201c<em>prorrusas<\/em>\u201d.<\/span><\/p>\n<p style=\"text-align: justify;\"><span style=\"font-size: 14pt;\">Los servicios de seguridad SBU de Ucrania han servido como brazo ejecutor de la campa\u00f1a de represi\u00f3n autorizada oficialmente.\u00a0Con entrenamiento de la CIA y una estrecha coordinaci\u00f3n con los paramilitares neonazis respaldados por el estado de Ucrania, la SBU ha pasado las \u00faltimas semanas llenando su vasto archipi\u00e9lago de mazmorras de tortura con disidentes pol\u00edticos.<\/span><\/p>\n<p style=\"text-align: justify;\"><span style=\"font-size: 14pt;\">Mientras tanto, en el campo de batalla, el ej\u00e9rcito ucraniano se ha involucrado en una serie de atrocidades contra las tropas rusas capturadas y exhibi\u00f3 con orgullo sus actos s\u00e1dicos en las redes sociales.\u00a0Aqu\u00ed tambi\u00e9n, los perpetradores de abusos contra los derechos humanos parecen haber recibido la aprobaci\u00f3n de los niveles superiores del liderazgo ucraniano.<\/span><\/p>\n<p style=\"text-align: justify;\"><span style=\"font-size: 14pt;\">Mientras Zelensky bromea sobre la defensa de la democracia ante audiencias occidentales fieles, est\u00e1 utilizando la guerra como teatro para representar una sangrienta purga de rivales pol\u00edticos, disidentes y cr\u00edticos.<\/span><\/p>\n<p style=\"text-align: justify;\"><span style=\"font-size: 14pt;\"><a href=\"https:\/\/www.jungewelt.de\/artikel\/423834.krieg-in-der-ukraine-stundenlange-pr%C3%BCgel-und-dem%C3%BCtigung.html\" target=\"_blank\" rel=\"noopener\">\u201c<em>La guerra est\u00e1 siendo utilizada para secuestrar, encarcelar e incluso matar a opositores que se expresan cr\u00edticos con el gobierno<\/em>\u201d, coment\u00f3<\/a>\u00a0este abril\u00a0un activista de izquierda golpeado y perseguido por los servicios de seguridad de Ucrania. \u201c<em>Todos debemos temer por nuestra libertad y nuestras vidas<\/em>\u201d.<\/span><\/p>\n<p>&nbsp;<\/p>\n<h3 style=\"text-align: center;\"><span style=\"font-size: 18pt;\">Tortura y desapariciones forzadas, \u201cpr\u00e1cticas comunes\u201d del SBU de Ucrania<\/span><\/h3>\n<p style=\"text-align: justify;\"><span style=\"font-size: 14pt;\">Cuando un gobierno respaldado por Estados Unidos tom\u00f3 el poder en Kiev tras la operaci\u00f3n de cambio de r\u00e9gimen de Euromaid\u00e1n de 2013-14, el gobierno de Ucrania se embarc\u00f3 en una purga nacional de elementos pol\u00edticos considerados prorrusos o insuficientemente nacionalistas.\u00a0La aprobaci\u00f3n de leyes de\u00a0<a href=\"https:\/\/khpg.org\/en\/1430783454\" target=\"_blank\" rel=\"noopener\">\u201c<em>descomunizaci\u00f3n<\/em>\u201d<\/a>\u00a0por parte del parlamento ucraniano alivi\u00f3 a\u00fan m\u00e1s la persecuci\u00f3n de elementos de izquierda y el enjuiciamiento de activistas por su discurso pol\u00edtico.<\/span><\/p>\n<p style=\"text-align: justify;\"><span style=\"font-size: 14pt;\">El r\u00e9gimen posterior a Maidan ha centrado su ira en los ucranianos que han abogado por un acuerdo de paz con los separatistas prorrusos en el este del pa\u00eds, los que han documentado abusos contra los derechos humanos por parte del ej\u00e9rcito ucraniano y los miembros de organizaciones comunistas.\u00a0Los elementos disidentes se han enfrentado a la amenaza constante de la violencia ultranacionalista, el encarcelamiento e incluso el asesinato.<\/span><\/p>\n<p style=\"text-align: justify;\"><span style=\"font-size: 14pt;\">El servicio de seguridad ucraniano conocido como SBU ha sido el principal ejecutor de la campa\u00f1a de represi\u00f3n pol\u00edtica interna del gobierno posterior a Maidan.\u00a0Los observadores prooccidentales, incluida la Oficina del Alto Comisionado de las Naciones Unidas (ONU OHCR) y\u00a0<a href=\"https:\/\/www.hrw.org\/report\/2016\/07\/21\/you-dont-exist\/arbitrary-detentions-enforced-disappearances-and-torture-eastern#\" target=\"_blank\" rel=\"noopener\">Human Rights Watch<\/a>, han acusado a la SBU de torturar sistem\u00e1ticamente a opositores pol\u00edticos y disidentes ucranianos con casi total impunidad.<\/span><\/p>\n<p style=\"text-align: justify;\"><span style=\"font-size: 14pt;\">La\u00a0<a href=\"https:\/\/www.ohchr.org\/sites\/default\/files\/Documents\/Countries\/UA\/UkraineArbDetTorture_EN.pdf\" target=\"_blank\" rel=\"noopener\">OHCR de la ONU concluy\u00f3<\/a> en 2016 que \u201c<em>la detenci\u00f3n arbitraria, las desapariciones forzadas, la tortura y los malos tratos de los detenidos relacionados con el conflicto eran pr\u00e1cticas comunes de la SBU<\/em>\u2026\u00bb. Un exfuncionario de la SBU de Kharkiv explic\u00f3: \u00ab<em>Para la SBU, la ley pr\u00e1cticamente no existe como tal<\/em>\u201d. \u00ab<em>Todo lo que es ilegal puede clasificarse o explicarse refiri\u00e9ndose a la necesidad estatal<\/em>\u201d.<\/span><\/p>\n<p style=\"text-align: justify;\"><span style=\"font-size: 14pt;\">Yevhen Karas, el fundador de la\u00a0<a href=\"https:\/\/thegrayzone.com\/2022\/03\/04\/nazis-ukrainian-war-russia\/\" target=\"_blank\" rel=\"noopener\">infame unidad neonazi C14<\/a>, ha detallado la estrecha relaci\u00f3n que su pandilla y otras facciones de extrema derecha han disfrutado con el SBU.\u00a0El SBU \u201c<em>no solo nos informa a nosotros, sino tambi\u00e9n a Azov, el Sector Derecho, etc.<\/em>\u201d,\u00a0<a href=\"https:\/\/news.liga.net\/politics\/interview\/s14_kto_oni_i_pochemu_im_pozvoleno_bit_lyudey\" target=\"_blank\" rel=\"noopener\">alarde\u00f3<\/a>\u00a0Karas en una entrevista de 2017.<\/span><\/p>\n<p>&nbsp;<\/p>\n<h3 style=\"text-align: center;\"><span style=\"font-size: 18pt;\">Kiev respalda oficialmente el asesinato de alcaldes ucranianos por negociar con Rusia<\/span><\/h3>\n<p style=\"text-align: justify;\"><span style=\"font-size: 14pt;\">Desde que Rusia lanz\u00f3 su operaci\u00f3n militar dentro de Ucrania, la SBU ha perseguido a los funcionarios locales que decidieron aceptar suministros humanitarios de Rusia o negociaron con las fuerzas rusas para organizar corredores para evacuaciones de civiles.<\/span><\/p>\n<p style=\"text-align: justify;\"><span style=\"font-size: 14pt;\">El 1 de marzo, por ejemplo, Volodymyr Strok, alcalde de la ciudad oriental de Kreminna en el lado de Lugansk controlado por Ucrania, fue secuestrado por hombres con uniforme militar, seg\u00fan su esposa, y\u00a0<a href=\"https:\/\/www.dailymail.co.uk\/news\/article-10571663\/Pro-Russian-mayor-city-eastern-Ukraine-shot-dead-kidnapped-home.html\" target=\"_blank\" rel=\"noopener\">le dispararon en el coraz\u00f3n<\/a>\u00a0.<\/span><\/p>\n<p style=\"text-align: justify;\"><span style=\"font-size: 14pt;\">El 3 de marzo aparecieron im\u00e1genes del cuerpo visiblemente torturado de Strok.\u00a0<a href=\"https:\/\/rostov-tsargrad-tv.translate.goog\/news\/v-luganskoj-oblasti-podkontrolnoj-ukraine-ubit-mjer-kremennoj-vladimir-struk_505061?_x_tr_sl=ru&amp;_x_tr_tl=en&amp;_x_tr_hl=en&amp;_x_tr_pto=sc\" target=\"_blank\" rel=\"noopener\">Seg\u00fan los informes<\/a>\u00a0, un d\u00eda antes de su asesinato, Struk hab\u00eda\u00a0instado a sus colegas ucranianos a negociar con funcionarios prorrusos.<\/span><\/p>\n<p style=\"text-align: justify;\"><span style=\"font-size: 14pt;\">Anton Gerashchenko, asesor del Ministerio del Interior de Ucrania, celebr\u00f3 el asesinato del alcalde y\u00a0<a href=\"https:\/\/archive.ph\/wip\/HDyUm\" target=\"_blank\" rel=\"noopener\">declar\u00f3 en su p\u00e1gina de Telegram<\/a>\u00a0(ver m\u00e1s abajo): \u201c<em>Hay un traidor menos en Ucrania.\u00a0El alcalde de Kreminna en la regi\u00f3n de Luhansk, exdiputado del parlamento de Lugansk, fue encontrado asesinado<\/em>\u201d.\u00a0<\/span><\/p>\n<p style=\"text-align: justify;\"><span style=\"font-size: 14pt;\">Seg\u00fan Geraschenko, Strok hab\u00eda sido juzgado por el \u201c<em>tribunal popular<\/em>\u201d.<\/span><\/p>\n<p style=\"text-align: justify;\">\u00a0<\/p>\n<figure id=\"attachment_2246737\" aria-describedby=\"caption-attachment-2246737\" style=\"width: 527px\" class=\"wp-caption aligncenter\"><img loading=\"lazy\" decoding=\"async\" class=\"size-full wp-image-2246737\" src=\"https:\/\/puntocritico.com\/ausajpuntocritico\/wp-content\/uploads\/2022\/05\/Muerto-rusofilo.webp\" alt=\"\" width=\"527\" height=\"1107\" data-id=\"2246737\" srcset=\"https:\/\/puntocritico.com\/ausajpuntocritico\/wp-content\/uploads\/2022\/05\/Muerto-rusofilo.webp 527w, https:\/\/puntocritico.com\/ausajpuntocritico\/wp-content\/uploads\/2022\/05\/Muerto-rusofilo-143x300.webp 143w, https:\/\/puntocritico.com\/ausajpuntocritico\/wp-content\/uploads\/2022\/05\/Muerto-rusofilo-487x1024.webp 487w\" sizes=\"auto, (max-width: 527px) 100vw, 527px\" \/><figcaption id=\"caption-attachment-2246737\" class=\"wp-caption-text\"><span style=\"color: #008000;\">Publicaci\u00f3n de Telegram de Anton Gerashchenko, asesor del Ministerio del Interior de Ucrania, celebrando el asesinato del \u201ctraidor\u201d y alcalde de Kreminna Volodymyr Struk<\/span><\/figcaption><\/figure>\n<p>&nbsp;<\/p>\n<p style=\"text-align: justify;\"><span style=\"font-size: 14pt;\">Por lo tanto, el funcionario ucraniano envi\u00f3 un mensaje escalofriante a cualquiera que decida buscar la cooperaci\u00f3n con Rusia: h\u00e1galo y perder\u00e1 la vida.\u00a0\u00a0<\/span><\/p>\n<p style=\"text-align: justify;\"><span style=\"font-size: 14pt;\">El 7 de marzo, el alcalde de Gostomel, Yuri Prylipko, fue encontrado asesinado.\u00a0Seg\u00fan los informes, Prylipko hab\u00eda <a href=\"https:\/\/sozh-info.translate.goog\/mehr-gostomelya-kievskojj-oblasti-yurijj-prilipko-byl-ubit-sbu\/?_x_tr_sl=ru&amp;_x_tr_tl=en&amp;_x_tr_hl=en&amp;_x_tr_pto=sc\" target=\"_blank\" rel=\"noopener\">iniciado negociaciones<\/a>\u00a0con el ej\u00e9rcito ruso para organizar un corredor humanitario para la evacuaci\u00f3n de los residentes de su ciudad, una l\u00ednea roja para los ultranacionalistas ucranianos que hab\u00edan estado en conflicto durante mucho tiempo con la oficina del alcalde.<\/span><\/p>\n<p style=\"text-align: justify;\"><span style=\"font-size: 14pt;\">Luego, el 24 de marzo, Gennady Matsegora, alcalde de Kupyansk en el noreste de Ucrania, public\u00f3 un video (abajo) pidiendo al presidente Volodymyr Zelensky y a su administraci\u00f3n la liberaci\u00f3n de su hija, que hab\u00eda sido secuestrada por agentes de la inteligencia ucraniana SBU. agencia.\u00a0\u00a0<\/span><\/p>\n<p>&nbsp;<\/p>\n<p><a href=\"https:\/\/videopress.com\/v\/JjOO47L8\" target=\"_blank\" rel=\"noopener\"><img loading=\"lazy\" decoding=\"async\" class=\"aligncenter wp-image-2246738\" src=\"https:\/\/puntocritico.com\/ausajpuntocritico\/wp-content\/uploads\/2022\/05\/Video-ucraniano-denunciando-1.png\" alt=\"\" width=\"480\" height=\"270\" data-id=\"2246738\" srcset=\"https:\/\/puntocritico.com\/ausajpuntocritico\/wp-content\/uploads\/2022\/05\/Video-ucraniano-denunciando-1.png 838w, https:\/\/puntocritico.com\/ausajpuntocritico\/wp-content\/uploads\/2022\/05\/Video-ucraniano-denunciando-1-300x169.png 300w, https:\/\/puntocritico.com\/ausajpuntocritico\/wp-content\/uploads\/2022\/05\/Video-ucraniano-denunciando-1-768x433.png 768w, https:\/\/puntocritico.com\/ausajpuntocritico\/wp-content\/uploads\/2022\/05\/Video-ucraniano-denunciando-1-610x344.png 610w, https:\/\/puntocritico.com\/ausajpuntocritico\/wp-content\/uploads\/2022\/05\/Video-ucraniano-denunciando-1-678x381.png 678w\" sizes=\"auto, (max-width: 480px) 100vw, 480px\" \/><\/a><\/p>\n<p>&nbsp;<\/p>\n<p style=\"text-align: justify;\"><span style=\"font-size: 14pt;\">Luego estuvo el asesinato de Denis Kireev, un alto miembro del equipo negociador ucraniano, asesinado a plena luz del d\u00eda en Kiev despu\u00e9s de la primera ronda de conversaciones con Rusia.\u00a0Posteriormente, Kireev fue\u00a0<a href=\"https:\/\/www.timesofisrael.com\/ukraine-reports-claim-negotiator-shot-for-treason-officials-say-he-died-in-intel-op\/\" target=\"_blank\" rel=\"noopener\">acusado<\/a>\u00a0en los medios locales ucranianos de \u201ctraici\u00f3n\u201d.<\/span><\/p>\n<p style=\"text-align: justify;\"><span style=\"font-size: 14pt;\">La declaraci\u00f3n del presidente Volodymyr Zelensky de que \u201c<em>habr\u00eda consecuencias para los colaboradores<\/em>\u201d indica que estas atrocidades han sido sancionadas por los m\u00e1s altos niveles de gobierno.<\/span><\/p>\n<p>&nbsp;<\/p>\n<p><a href=\"https:\/\/videopress.com\/v\/vXMNwPxf\" target=\"_blank\" rel=\"noopener\"><img loading=\"lazy\" decoding=\"async\" class=\"aligncenter wp-image-2246739\" src=\"https:\/\/puntocritico.com\/ausajpuntocritico\/wp-content\/uploads\/2022\/05\/Zelensky-el-asesino.png\" alt=\"\" width=\"480\" height=\"272\" data-id=\"2246739\" srcset=\"https:\/\/puntocritico.com\/ausajpuntocritico\/wp-content\/uploads\/2022\/05\/Zelensky-el-asesino.png 843w, https:\/\/puntocritico.com\/ausajpuntocritico\/wp-content\/uploads\/2022\/05\/Zelensky-el-asesino-300x170.png 300w, https:\/\/puntocritico.com\/ausajpuntocritico\/wp-content\/uploads\/2022\/05\/Zelensky-el-asesino-768x435.png 768w, https:\/\/puntocritico.com\/ausajpuntocritico\/wp-content\/uploads\/2022\/05\/Zelensky-el-asesino-610x346.png 610w\" sizes=\"auto, (max-width: 480px) 100vw, 480px\" \/><\/a><\/p>\n<p style=\"text-align: justify;\">\u00a0<\/p>\n<p style=\"text-align: justify;\"><span style=\"font-size: 14pt;\">A d\u00eda de hoy, est\u00e1n desaparecidos once alcaldes de varias ciudades de Ucrania.\u00a0Los medios de comunicaci\u00f3n occidentales han estado siguiendo la l\u00ednea de Kiev sin excepci\u00f3n,\u00a0<a href=\"https:\/\/www.cnn.com\/europe\/live-news\/ukraine-russia-putin-news-04-3-22\/h_a5b7dff1bdb348e6aa10522aaa863ee5\" target=\"_blank\" rel=\"noopener\">alegando<\/a>\u00a0que todos los alcaldes fueron arrestados por el ej\u00e9rcito ruso.\u00a0Sin embargo, el Ministerio de Defensa ruso ha negado la acusaci\u00f3n y existe poca evidencia para corroborar la l\u00ednea de Kiev sobre los alcaldes desaparecidos.\u00a0\u00a0<\/span><\/p>\n<p>&nbsp;<\/p>\n<h3 style=\"text-align: center;\"><span style=\"font-size: 18pt;\">Zelensky proscribe la oposici\u00f3n pol\u00edtica, autoriza el arresto de rivales y el bombardeo de propaganda de guerra<\/span><\/h3>\n<p style=\"text-align: justify;\"><span style=\"font-size: 14pt;\">Cuando estall\u00f3 la guerra con Rusia este febrero, el presidente ucraniano Volodymyr Zelensky emiti\u00f3 una serie de decretos que formalizaban la campa\u00f1a de Kiev contra la oposici\u00f3n pol\u00edtica y el discurso disidente.<\/span><\/p>\n<p style=\"text-align: justify;\"><span style=\"font-size: 14pt;\">En una orden ejecutiva del 19 de marzo, Zelensky invoc\u00f3 la ley marcial para\u00a0<a href=\"https:\/\/www.president.gov.ua\/documents\/1532022-41765\" target=\"_blank\" rel=\"noopener\">prohibir 11 partidos de oposici\u00f3n<\/a>\u00a0.\u00a0Los partidos proscritos consist\u00edan en todo el espectro de izquierda, socialista o anti-OTAN en Ucrania.\u00a0Inclu\u00edan el Partido Por la Vida, la Oposici\u00f3n de Izquierda, el Partido Socialista Progresista de Ucrania, el Partido Socialista de Ucrania, la Uni\u00f3n de Fuerzas de Izquierda, los Socialistas, el Partido de Shariy, el Nuestro, el Estado, el Bloque de Oposici\u00f3n y el Bloque Volodymyr Saldo.<\/span><\/p>\n<p style=\"text-align: justify;\"><span style=\"font-size: 14pt;\">Sin embargo, los partidos abiertamente fascistas y pronazis como el Cuerpo Nacional de Azov no fueron afectados por el decreto presidencial.<\/span><\/p>\n<p style=\"text-align: justify;\"><span style=\"font-size: 14pt;\">\u201cLas actividades de aquellos pol\u00edticos encaminadas a la divisi\u00f3n o la colusi\u00f3n no tendr\u00e1n \u00e9xito, pero recibir\u00e1n una dura respuesta\u201d,\u00a0<a class=\"x5l\" href=\"https:\/\/www.pravda.com.ua\/news\/2022\/03\/20\/7332907\/\" target=\"_blank\" rel=\"noopener external\">afirm\u00f3 el presidente Zelensky.<\/a><\/span><\/p>\n<p style=\"text-align: justify;\"><span style=\"font-size: 14pt;\">Mientras eliminaba a su oposici\u00f3n, Zelensky\u00a0<a href=\"https:\/\/www.president.gov.ua\/documents\/1522022-41761\" target=\"_blank\" rel=\"noopener\">orden\u00f3<\/a>\u00a0una iniciativa de propaganda nacional sin precedentes para nacionalizar todas las transmisiones de noticias por televisi\u00f3n y\u00a0<a href=\"https:\/\/theweek.com\/russo-ukrainian-war\/1011528\/zelensky-nationalizes-tv-news-and-restricts-opposition-parties\" target=\"_blank\" rel=\"noopener\">combinar<\/a>\u00a0todos los canales en un solo canal de 24 horas llamado \u00abNoticias Unidas\u00bb para \u00abdecir la verdad sobre la guerra\u00bb.<\/span><\/p>\n<p style=\"text-align: justify;\"><span style=\"font-size: 14pt;\">Luego, el 12 de abril, Zelensky anunci\u00f3 el arresto de su principal rival pol\u00edtico, Viktor Medvedchuk, por parte de los servicios de seguridad SBU de Ucrania.<\/span><\/p>\n<p>&nbsp;<\/p>\n<p><a href=\"https:\/\/twitter.com\/dancohen3000\/status\/1513975057739042819?ref_src=twsrc%5Etfw%7Ctwcamp%5Etweetembed%7Ctwterm%5E1513975057739042819%7Ctwgr%5E%7Ctwcon%5Es1_&amp;ref_url=https%3A%2F%2Fthegrayzone.com%2F2022%2F04%2F17%2Ftraitor-zelensky-assassination-kidnapping-arrest-political-opposition%2F\" target=\"_blank\" rel=\"noopener\"><img loading=\"lazy\" decoding=\"async\" class=\"aligncenter wp-image-2246740\" src=\"https:\/\/puntocritico.com\/ausajpuntocritico\/wp-content\/uploads\/2022\/05\/Medvedchuk-Tuit.png\" alt=\"\" width=\"480\" height=\"867\" data-id=\"2246740\" srcset=\"https:\/\/puntocritico.com\/ausajpuntocritico\/wp-content\/uploads\/2022\/05\/Medvedchuk-Tuit.png 342w, https:\/\/puntocritico.com\/ausajpuntocritico\/wp-content\/uploads\/2022\/05\/Medvedchuk-Tuit-166x300.png 166w\" sizes=\"auto, (max-width: 480px) 100vw, 480px\" \/><\/a><\/p>\n<p style=\"text-align: justify;\">\u00a0<\/p>\n<p style=\"text-align: justify;\"><span style=\"font-size: 14pt;\">El fundador del segundo partido m\u00e1s grande de Ucrania, los ahora ilegales Patriotas por la Vida, Medvedchuk es el representante de facto de la poblaci\u00f3n \u00e9tnica rusa del pa\u00eds.\u00a0Aunque se considera que Patriots for Life es \u201c<em>prorruso<\/em>\u201d, en parte debido a sus estrechas relaciones con Vladimir Putin, el nuevo presidente del partido ha\u00a0<a href=\"https:\/\/lb.ua\/news\/2022\/03\/08\/508614_boyko_stav_golovoyu_politradi_opzzh.html\" target=\"_blank\" rel=\"noopener\">condenado<\/a>\u00a0la \u201cagresi\u00f3n\u201d de Rusia contra Ucrania.<\/span><\/p>\n<p style=\"text-align: justify;\"><span style=\"font-size: 14pt;\">Miembros del Cuerpo Nacional del Batall\u00f3n Azov neonazi patrocinado por el estado\u00a0<a href=\"https:\/\/www.youtube.com\/watch?v=U7RflyZdULY\" target=\"_blank\" rel=\"noopener\">atacaron la casa de Medvedchuk<\/a>\u00a0en marzo de 2019, acus\u00e1ndolo de traici\u00f3n y exigiendo su arresto.<\/span><\/p>\n<p style=\"text-align: justify;\"><span style=\"font-size: 14pt;\">En agosto de 2020, el Cuerpo Nacional de Azov\u00a0<a href=\"https:\/\/www.kyivpost.com\/ukraine-politics\/unknown-attackers-shoot-rubber-bullets-at-bus-near-kharkiv-injure-4.html\" target=\"_blank\" rel=\"noopener\">abri\u00f3 fuego<\/a>\u00a0contra un autob\u00fas que transportaba a representantes del partido de Medvedchuk e hiri\u00f3 a varios con balas de acero recubiertas de goma.<\/span><\/p>\n<p style=\"text-align: justify;\"><span style=\"font-size: 14pt;\">La administraci\u00f3n de Zelensky intensific\u00f3 el ataque a su principal oponente en febrero de 2021 cuando\u00a0<a href=\"https:\/\/www.rferl.org\/a\/ukraine-medvedchuk-tv-channels-zelenskiy-defends-ban\/31085877.html\" target=\"_blank\" rel=\"noopener\">cerr\u00f3<\/a>\u00a0varios medios de comunicaci\u00f3n controlados por Medvedchuk.\u00a0El Departamento de Estado de EE. UU. respald\u00f3 abiertamente la medida del presidente y\u00a0<a href=\"https:\/\/twitter.com\/usembassykyiv\/status\/1356962469617545216?s=21&amp;t=U76jcSoh9rhh9T0r8XCHJA\" target=\"_blank\" rel=\"noopener\">declar\u00f3<\/a>\u00a0que Estados Unidos \u201c<em>apoya los esfuerzos de Ucrania para contrarrestar la influencia maligna de Rusia\u2026<\/em>\u201d.<\/span><\/p>\n<p style=\"text-align: justify;\"><span style=\"font-size: 14pt;\">Tres meses despu\u00e9s, Kiev\u00a0<a href=\"https:\/\/apnews.com\/article\/europe-ukraine-business-government-and-politics-c3cb6ca3a2a58096fcd9810436539de9\" target=\"_blank\" rel=\"noopener\">encarcel\u00f3 a Medvedchuk y lo acus\u00f3 de traici\u00f3n<\/a>\u00a0.\u00a0Zelensky justific\u00f3 encerrar a su principal rival con el argumento de que necesitaba \u201c<em>luchar contra el peligro de agresi\u00f3n rusa en el campo de la informaci\u00f3n<\/em>\u201d.<\/span><\/p>\n<p style=\"text-align: justify;\"><span style=\"font-size: 14pt;\">Medvedchuk escap\u00f3 del arresto domiciliario al comienzo de la guerra entre Rusia y Ucrania, pero est\u00e1 cautivo una vez m\u00e1s y puede usarse como garant\u00eda para un intercambio de prisioneros de posguerra con Rusia.<\/span><\/p>\n<p>&nbsp;<\/p>\n<h3 style=\"text-align: center;\"><span style=\"font-size: 18pt;\">Bajo la vigilancia de Zelensky, \u201cla guerra se est\u00e1 utilizando para secuestrar, encarcelar e incluso matar a miembros de la oposici\u00f3n\u201d<\/span><\/h3>\n<p style=\"text-align: justify;\"><span style=\"font-size: 14pt;\">Desde que las tropas rusas ingresaron a Ucrania el 24 de febrero, el servicio de seguridad SBU de Ucrania ha estado alborotado contra todas y cada una de las iteraciones de la oposici\u00f3n pol\u00edtica interna.\u00a0Los activistas ucranianos de izquierda se han enfrentado a un trato particularmente duro, incluido el secuestro y la tortura.<\/span><\/p>\n<p style=\"text-align: justify;\"><span style=\"font-size: 14pt;\">Este 3 de marzo en la ciudad de Dnipro, oficiales de la SBU acompa\u00f1ados por ultranacionalistas de Azov allanaron la casa de activistas de la organizaci\u00f3n Livizja (Izquierda), que se ha organizado contra los recortes del gasto social y la propaganda medi\u00e1tica de derecha.\u00a0Mientras que una activista dijo que el miembro de Azov \u201c<em>me cort\u00f3 el pelo con un cuchillo<\/em>\u201d, los agentes de seguridad del estado procedieron a torturar a su esposo, Alexander Matjuschenko, presionando el ca\u00f1\u00f3n de una pistola contra su cabeza y oblig\u00e1ndolo a gritar repetidamente el saludo nacionalista, \u201c<em>Slava \u00a1Ucraniano!<\/em>\u201d<\/span><\/p>\n<p style=\"text-align: justify;\"><span style=\"font-size: 14pt;\">\u201cLuego nos pusieron bolsas en la cabeza, nos ataron las manos con cinta adhesiva y nos llevaron al edificio de la SBU en un autom\u00f3vil.\u00a0All\u00ed continuaron interrog\u00e1ndonos y amenazaron con cortarnos las orejas\u201d, dijo la esposa de Matjuschenko\u00a0<a href=\"https:\/\/www.jungewelt.de\/artikel\/423834.krieg-in-der-ukraine-stundenlange-pr%C3%BCgel-und-dem%C3%BCtigung.html\" target=\"_blank\" rel=\"noopener\">a la publicaci\u00f3n de izquierda alemana Junge Welt<\/a>\u00a0.<\/span><\/p>\n<p style=\"text-align: justify;\"><span style=\"font-size: 14pt;\">Los miembros de Azov y los agentes de la SBU grabaron la sesi\u00f3n de tortura y publicaron en l\u00ednea im\u00e1genes del rostro ensangrentado de Matjuschenko.<\/span><\/p>\n<p>&nbsp;<\/p>\n<figure id=\"attachment_2246741\" aria-describedby=\"caption-attachment-2246741\" style=\"width: 550px\" class=\"wp-caption aligncenter\"><img loading=\"lazy\" decoding=\"async\" class=\"wp-image-2246741\" src=\"https:\/\/puntocritico.com\/ausajpuntocritico\/wp-content\/uploads\/2022\/05\/Asesinado-y-torturado-por-los-Nazis-de-Ucrania.webp\" alt=\"\" width=\"550\" height=\"576\" data-id=\"2246741\" srcset=\"https:\/\/puntocritico.com\/ausajpuntocritico\/wp-content\/uploads\/2022\/05\/Asesinado-y-torturado-por-los-Nazis-de-Ucrania.webp 764w, https:\/\/puntocritico.com\/ausajpuntocritico\/wp-content\/uploads\/2022\/05\/Asesinado-y-torturado-por-los-Nazis-de-Ucrania-287x300.webp 287w, https:\/\/puntocritico.com\/ausajpuntocritico\/wp-content\/uploads\/2022\/05\/Asesinado-y-torturado-por-los-Nazis-de-Ucrania-610x639.webp 610w\" sizes=\"auto, (max-width: 550px) 100vw, 550px\" \/><figcaption id=\"caption-attachment-2246741\" class=\"wp-caption-text\"><span style=\"color: #008000;\">La tortura del activista de izquierda Alexander Matjuschenko el 3 de marzo en Dnipro, grabada por miembros de Azov y publicada en Telegram por la ciudad de Dnipro<\/span><\/figcaption><\/figure>\n<p style=\"text-align: justify;\">\u00a0<\/p>\n<div style=\"text-align: justify;\"><span style=\"font-size: 14pt;\">Matjuschenko fue encarcelado con el argumento de que estaba \u201c<em>dirigiendo una guerra agresiva u operaci\u00f3n militar<\/em>\u201d y ahora enfrenta entre 10 y 15 a\u00f1os de prisi\u00f3n.\u00a0A pesar de sufrir varias costillas rotas por la golpiza de ultranacionalistas respaldados por el estado, se le ha negado la libertad bajo fianza.\u00a0Mientras tanto, decenas de otros\u00a0<a href=\"https:\/\/maysuryan-livejournal-com.translate.goog\/1655547.html?_x_tr_sl=ru&amp;_x_tr_tl=en&amp;_x_tr_hl=en&amp;_x_tr_pto=sc\" target=\"_blank\" rel=\"noopener\">izquierdistas han sido encarcelados<\/a>\u00a0por cargos similares en Dnipro.<\/span><\/div>\n<div style=\"text-align: justify;\">\u00a0<\/div>\n<div style=\"text-align: justify;\"><span style=\"font-size: 14pt;\">Entre los objetivos de la SBU estaban Mikhail y Aleksander Kononovich, miembros de la proscrita Uni\u00f3n de la Juventud Comunista Leninista de Ucrania.\u00a0Ambos fueron\u00a0<a href=\"https:\/\/peoplesdispatch.org\/2022\/03\/07\/ukrainian-security-services-arrest-young-communist-leaders\/\" target=\"_blank\" rel=\"noopener\">arrestados y encarcelados<\/a>\u00a0el 6 de marzo y acusados \u200b\u200bde \u201c<em>difundir puntos de vista pro-rusos y pro-bielorrusos<\/em>\u201d.<\/span><\/div>\n<div style=\"text-align: justify;\">\u00a0<\/div>\n<div style=\"text-align: justify;\"><span style=\"font-size: 14pt;\">En los d\u00edas siguientes, la SBU arrest\u00f3 al periodista radial Yan Taksyur y lo acus\u00f3 de traici\u00f3n;\u00a0la activista de derechos humanos Elena Berezhnaya;\u00a0Elena Viacheslavova, una defensora de los derechos humanos cuyo padre, Mikhail, muri\u00f3 quemado durante el\u00a0<a href=\"https:\/\/www.youtube.com\/watch?v=vy-YrTdt7RE\" target=\"_blank\" rel=\"noopener\">ataque de una mafia ultranacionalista el 2 de mayo de 2014<\/a>\u00a0contra los manifestantes anti-Maidan frente a la Casa de Sindicatos de Odessa;\u00a0el periodista independiente Yuri Tkachev, acusado de traici\u00f3n, y un n\u00famero incalculable de otros;\u00a0el activista por los derechos de los discapacitados Oleg Novikov, que fue\u00a0<a href=\"https:\/\/tass.com\/russia\/810083?utm_source=google.com&amp;utm_medium=organic&amp;utm_campaign=google.com&amp;utm_referrer=google.com\" target=\"_blank\" rel=\"noopener\">encarcelado durante tres a\u00f1os<\/a>\u00a0en abril por apoyar el \u201c<em>separatismo<\/em>\u201d.<\/span><\/div>\n<div style=\"text-align: justify;\">\u00a0<\/div>\n<div style=\"text-align: justify;\"><span style=\"font-size: 14pt;\"><a href=\"https:\/\/thesaker.is\/a-disturbing-trend-in-the-ukraine\/\" target=\"_blank\" rel=\"noopener\">La lista<\/a>\u00a0de personas encarceladas por los servicios de seguridad de Ucrania desde el estallido de la guerra crece d\u00eda a d\u00eda y es demasiado extensa para reproducirla aqu\u00ed.<\/span><\/div>\n<p>&nbsp;<\/p>\n<p><a href=\"https:\/\/twitter.com\/realGonzaloLira\/status\/1512783497605361665?ref_src=twsrc%5Etfw%7Ctwcamp%5Etweetembed%7Ctwterm%5E1512783497605361665%7Ctwgr%5E%7Ctwcon%5Es1_&amp;ref_url=https%3A%2F%2Fthegrayzone.com%2F2022%2F04%2F17%2Ftraitor-zelensky-assassination-kidnapping-arrest-political-opposition%2F\" target=\"_blank\" rel=\"noopener\"><img loading=\"lazy\" decoding=\"async\" class=\"aligncenter wp-image-2246742\" src=\"https:\/\/puntocritico.com\/ausajpuntocritico\/wp-content\/uploads\/2022\/05\/Lira-Tuit.png\" alt=\"\" width=\"480\" height=\"747\" data-id=\"2246742\" srcset=\"https:\/\/puntocritico.com\/ausajpuntocritico\/wp-content\/uploads\/2022\/05\/Lira-Tuit.png 512w, https:\/\/puntocritico.com\/ausajpuntocritico\/wp-content\/uploads\/2022\/05\/Lira-Tuit-193x300.png 193w\" sizes=\"auto, (max-width: 480px) 100vw, 480px\" \/><\/a><\/p>\n<p>&nbsp;<\/p>\n<p style=\"text-align: justify;\"><span style=\"font-size: 14pt;\">Quiz\u00e1s el incidente de represi\u00f3n m\u00e1s espantoso tuvo lugar cuando neonazis respaldados por el gobierno ucraniano secuestraron a Maxim Ryndovskiy, un luchador profesional de MMA, y\u00a0<a href=\"https:\/\/twitter.com\/politblogme\/status\/1500195518697328646\" target=\"_blank\" rel=\"noopener\">lo torturaron brutalmente<\/a>\u00a0por el delito de entrenar con luchadores rusos en un gimnasio en Chechenia.\u00a0Ryndovskiy tambi\u00e9n era jud\u00edo, con una estrella de David tatuada en la pierna, y se hab\u00eda pronunciado en las redes sociales contra la guerra en el este de Ucrania.<\/span><\/p>\n<p>&nbsp;<\/p>\n<p style=\"text-align: justify;\"><a href=\"https:\/\/twitter.com\/politblogme\/status\/1500195518697328646?ref_src=twsrc%5Etfw%7Ctwcamp%5Etweetembed%7Ctwterm%5E1500195518697328646%7Ctwgr%5E%7Ctwcon%5Es1_&amp;ref_url=https%3A%2F%2Fthegrayzone.com%2F2022%2F04%2F17%2Ftraitor-zelensky-assassination-kidnapping-arrest-political-opposition%2F\" target=\"_blank\" rel=\"noopener\"><img loading=\"lazy\" decoding=\"async\" class=\"aligncenter size-full wp-image-2246744\" src=\"https:\/\/puntocritico.com\/ausajpuntocritico\/wp-content\/uploads\/2022\/05\/Dubovikova-tuit.png\" alt=\"\" width=\"511\" height=\"766\" data-id=\"2246744\" srcset=\"https:\/\/puntocritico.com\/ausajpuntocritico\/wp-content\/uploads\/2022\/05\/Dubovikova-tuit.png 511w, https:\/\/puntocritico.com\/ausajpuntocritico\/wp-content\/uploads\/2022\/05\/Dubovikova-tuit-200x300.png 200w\" sizes=\"auto, (max-width: 511px) 100vw, 511px\" \/><\/a><\/p>\n<p style=\"text-align: justify;\"><span style=\"font-size: 14pt;\">El SBU de Ucrania incluso ha perseguido a figuras de la oposici\u00f3n fuera de las fronteras del pa\u00eds.\u00a0<a href=\"https:\/\/www.mintpressnews.com\/volodymyr-zelensky-secret-police-hunted-down-opposition-anatoly-shariy\/280200\/\" target=\"_blank\" rel=\"noopener\">Como inform\u00f3<\/a>\u00a0el periodista Dan Cohen\u00a0, Anatoly Shariy del recientemente prohibido Partido de Shariy dijo que fue el objetivo de un reciente intento de asesinato de SBU.\u00a0Shariy ha sido una abierta opositora del r\u00e9gimen de Maidan respaldado por Estados Unidos y se ha visto obligada a huir al exilio despu\u00e9s de soportar a\u00f1os de acoso por parte de los nacionalistas.<\/span><\/p>\n<p style=\"text-align: justify;\"><span style=\"font-size: 14pt;\">En marzo, el pol\u00edtico libertario y experto en l\u00ednea recibi\u00f3 un correo electr\u00f3nico de un amigo, \u00abIgor\u00bb, que buscaba concertar una reuni\u00f3n.\u00a0Posteriormente se enter\u00f3 de que Igor estaba retenido por la SBU en ese momento y que estaba siendo utilizado para enga\u00f1ar a Shariy para que revelara su ubicaci\u00f3n.<\/span><\/p>\n<p style=\"text-align: justify;\"><span style=\"font-size: 14pt;\">Por su parte, Shariy ha sido incluido en la notoria lista negra p\u00fablica de Myrotvorets de \u201cenemigos del estado\u201d fundada por Anton Geraschenko, el asesor del Ministerio del Interior que respald\u00f3 el asesinato de legisladores ucranianos acusados \u200b\u200bde simpatizar con Rusia.\u00a0Varios periodistas y disidentes ucranianos, incluido el destacado columnista\u00a0<a href=\"https:\/\/www.nbcnews.com\/storyline\/ukraine-crisis\/pro-russian-journalist-oles-buzina-shot-dead-kiev-masked-gunmen-n342661\" target=\"_blank\" rel=\"noopener\">Oles Buzina<\/a>\u00a0, fueron\u00a0<a href=\"https:\/\/www.aljazeera.com\/features\/2019\/8\/27\/peacemaker-the-ukrainian-website-shaming-pro-russia-voices\" target=\"_blank\" rel=\"noopener\">asesinados por escuadrones de la muerte respaldados por el Estado<\/a>\u00a0despu\u00e9s de que sus nombres aparecieran en la lista.<\/span><\/p>\n<p style=\"text-align: justify;\"><span style=\"font-size: 14pt;\">Los ciudadanos ucranianos comunes tambi\u00e9n han sido sometidos a torturas desde el comienzo de la guerra en febrero.\u00a0Aparentemente, han aparecido innumerables videos en las redes sociales que muestran a civiles atados a postes de luz, a menudo con sus genitales expuestos o sus rostros pintados de verde.\u00a0Llevados a cabo por voluntarios de Defensa Territorial encargados de hacer cumplir la ley y el orden durante la guerra, estos actos de humillaci\u00f3n y tortura han tenido como objetivo a todos, desde simpatizantes rusos acusados \u200b\u200bhasta personas roman\u00edes y\u00a0<a href=\"https:\/\/observers.france24.com\/en\/europe\/20220404-ukraine-poles-public-humiliation-punishment-looting\" target=\"_blank\" rel=\"noopener\">presuntos ladrones<\/a>.<\/span><\/p>\n<p>&nbsp;<\/p>\n<p><a href=\"https:\/\/twitter.com\/Geopol2030\/status\/1506003332015398918?ref_src=twsrc%5Etfw%7Ctwcamp%5Etweetembed%7Ctwterm%5E1506003332015398918%7Ctwgr%5E%7Ctwcon%5Es1_&amp;ref_url=https%3A%2F%2Fthegrayzone.com%2F2022%2F04%2F17%2Ftraitor-zelensky-assassination-kidnapping-arrest-political-opposition%2F\" target=\"_blank\" rel=\"noopener\"><img loading=\"lazy\" decoding=\"async\" class=\"aligncenter wp-image-2246743\" src=\"https:\/\/puntocritico.com\/ausajpuntocritico\/wp-content\/uploads\/2022\/05\/Global-tuit.png\" alt=\"\" width=\"440\" height=\"525\" data-id=\"2246743\" srcset=\"https:\/\/puntocritico.com\/ausajpuntocritico\/wp-content\/uploads\/2022\/05\/Global-tuit.png 511w, https:\/\/puntocritico.com\/ausajpuntocritico\/wp-content\/uploads\/2022\/05\/Global-tuit-251x300.png 251w\" sizes=\"auto, (max-width: 440px) 100vw, 440px\" \/><\/a><\/p>\n<blockquote>\n<p dir=\"ltr\" lang=\"en\" style=\"text-align: center;\"><span style=\"font-size: 14pt;\">Estos son los derechos humanos que Zelensky trajo a los civiles ucranianos\u00a0<a href=\"https:\/\/twitter.com\/hashtag\/Mariupol?src=hash&amp;ref_src=twsrc%5Etfw\" target=\"_blank\" rel=\"noopener\">#Mariupol\u00a0<\/a><a href=\"https:\/\/twitter.com\/hashtag\/StandWithUkraine?src=hash&amp;ref_src=twsrc%5Etfw\" target=\"_blank\" rel=\"noopener\">#StandWithUkraine\u00a0<\/a><a href=\"https:\/\/twitter.com\/hashtag\/RussiaUkraineWar?src=hash&amp;ref_src=twsrc%5Etfw\" target=\"_blank\" rel=\"noopener\">#RussiaUkraineWar\u00a0<\/a><a href=\"https:\/\/t.co\/EWFC048M2q\">pic.twitter.com\/EWFC048M2q<\/a><\/span><\/p>\n<p style=\"text-align: center;\"><span style=\"font-size: 14pt;\">\u2014 La voz de la justicia de la ONU (@TheUN_voice)\u00a0<a href=\"https:\/\/twitter.com\/TheUN_voice\/status\/1510671456698396674?ref_src=twsrc%5Etfw\" target=\"_blank\" rel=\"noopener\">3 de abril de 2022<\/a><\/span><\/p>\n<\/blockquote>\n<p>&nbsp;<\/p>\n<h3 style=\"text-align: center;\"><span style=\"font-size: 18pt;\">SBU de Ucrania estudia tortura y asesinato de la CIA<\/span><\/h3>\n<p style=\"text-align: justify;\"><span style=\"font-size: 14pt;\">Vassily Prozorov, ex oficial de la SBU que desert\u00f3 a Rusia tras el golpe de Estado de Euromaid\u00e1n, detall\u00f3 la dependencia sist\u00e9mica de los servicios de seguridad posteriores a Maid\u00e1n en la tortura para aplastar a la oposici\u00f3n pol\u00edtica e intimidar a los ciudadanos acusados \u200b\u200bde simpatizar con Rusia.\u00a0<\/span><\/p>\n<p style=\"text-align: justify;\"><span style=\"font-size: 14pt;\">Seg\u00fan Prozorov, el ex oficial de SBU, los servicios de seguridad ucranianos han sido asesorados directamente por la CIA desde 2014. \u201c<em>Los empleados de la CIA han estado presentes en Kiev desde 2014. Viven en apartamentos clandestinos y casas suburbanas<\/em>\u201d, dijo.\u00a0\u201c<em>Sin embargo, con frecuencia acuden a la oficina central de la SBU para celebrar, por ejemplo, reuniones espec\u00edficas o planear operaciones secretas<\/em>\u201d.<\/span><\/p>\n<p style=\"text-align: justify;\"><span style=\"font-size: 14pt;\">A continuaci\u00f3n, RIA Novosti de Rusia describi\u00f3 a Prozorov y cubri\u00f3 sus revelaciones en un especial de 2019.<\/span><\/p>\n<p>&nbsp;<\/p>\n<p><a href=\"https:\/\/videopress.com\/v\/XHPlaSCf\" target=\"_blank\" rel=\"noopener\"><img loading=\"lazy\" decoding=\"async\" class=\"aligncenter size-full wp-image-2246745\" src=\"https:\/\/puntocritico.com\/ausajpuntocritico\/wp-content\/uploads\/2022\/05\/Prisionero-de-los-nazis.png\" alt=\"\" width=\"698\" height=\"393\" data-id=\"2246745\" srcset=\"https:\/\/puntocritico.com\/ausajpuntocritico\/wp-content\/uploads\/2022\/05\/Prisionero-de-los-nazis.png 698w, https:\/\/puntocritico.com\/ausajpuntocritico\/wp-content\/uploads\/2022\/05\/Prisionero-de-los-nazis-300x169.png 300w, https:\/\/puntocritico.com\/ausajpuntocritico\/wp-content\/uploads\/2022\/05\/Prisionero-de-los-nazis-610x343.png 610w, https:\/\/puntocritico.com\/ausajpuntocritico\/wp-content\/uploads\/2022\/05\/Prisionero-de-los-nazis-678x381.png 678w\" sizes=\"auto, (max-width: 698px) 100vw, 698px\" \/><\/a><\/p>\n<p style=\"text-align: justify;\">\u00a0<\/p>\n<p style=\"text-align: justify;\"><span style=\"font-size: 14pt;\">El periodista Dan Cohen\u00a0<a href=\"https:\/\/www.mintpressnews.com\/volodymyr-zelensky-secret-police-hunted-down-opposition-anatoly-shariy\/280200\/\" target=\"_blank\" rel=\"noopener\">entrevist\u00f3<\/a>\u00a0a un empresario ucraniano llamado Igor que fue arrestado por la SBU por sus v\u00ednculos financieros con empresas rusas y detenido este marzo en la famosa sede del servicio de seguridad en el centro de Kiev.\u00a0Igor dijo que escuch\u00f3 a prisioneros de guerra rusos siendo golpeados con tubos por voluntarios de Defensa Territorial entrenados por oficiales de SBU.\u00a0Golpeados al son del himno nacional ucraniano, los prisioneros rusos fueron brutalizados hasta que confesaron su odio por Putin.<\/span><\/p>\n<p style=\"text-align: justify;\"><span style=\"font-size: 14pt;\">Luego lleg\u00f3 el turno de Igor.\u00a0\u201c<em>Usaron un encendedor para calentar una aguja y luego la pusieron debajo de mis u\u00f1as\u201d, le dijo a Cohen.\u00a0\u201cLo peor fue cuando me pusieron una bolsa de pl\u00e1stico en la cabeza y me asfixiaron y cuando me pusieron el ca\u00f1\u00f3n de un rifle Kalashnikov en la cabeza y me obligaron a responder a sus preguntas<\/em>\u201d.<\/span><\/p>\n<p style=\"text-align: justify;\"><span style=\"font-size: 14pt;\">Valentyn Nalyvaichenko, el primer jefe de la SBU despu\u00e9s de la operaci\u00f3n de cambio de r\u00e9gimen de Euromaid\u00e1n de 2013-14, aliment\u00f3 estrechos v\u00ednculos con Washington cuando se desempe\u00f1\u00f3 como c\u00f3nsul general de la embajada de Ucrania en los EE. UU. durante la administraci\u00f3n de George W. Bush.\u00a0Durante ese tiempo, Nalyvaichenko fue\u00a0<a href=\"https:\/\/en.topwar.ru\/43842-glava-sbu-nalivaychenko-okazalsya-agentom-cru.html\" target=\"_blank\" rel=\"noopener\">reclutado por la CIA<\/a>\u00a0, seg\u00fan su predecesor en la SBU, Alexander Yakimenko, quien sirvi\u00f3 bajo el gobierno de orientaci\u00f3n rusa del depuesto presidente Viktor Yanukovich.<\/span><\/p>\n<p style=\"text-align: justify;\"><span style=\"font-size: 14pt;\">En 2021, Zelensky nombr\u00f3 a una de las figuras de inteligencia m\u00e1s notorias de Ucrania, Oleksander Poklad, para dirigir la divisi\u00f3n de contrainteligencia de SBU.\u00a0Poklad es apodado \u00ab<em>El estrangulador<\/em>\u00ab, una referencia a su\u00a0<a href=\"https:\/\/strana.news\/news\/364724-aleksandr-poklad-hlava-dkr-sbu-chto-o-nem-izvestno.html\" target=\"_blank\" rel=\"noopener\">reputaci\u00f3n<\/a>\u00a0de usar la tortura y una variedad de trucos sucios para tender una trampa a los rivales pol\u00edticos de sus jefes con cargos de traici\u00f3n.<\/span><\/p>\n<p style=\"text-align: justify;\"><span style=\"font-size: 14pt;\">Este abril, surgi\u00f3 una v\u00edvida ilustraci\u00f3n de la brutalidad de la SBU en forma de video (<em>abajo<\/em>) que muestra a sus agentes golpeando a un grupo de hombres acusados \u200b\u200bde simpatizar con Rusia en la ciudad de Dnipro.<\/span><\/p>\n<p>&nbsp;<\/p>\n<p><a href=\"https:\/\/twitter.com\/VeraVanHorne\/status\/1511301270820343809?ref_src=twsrc%5Etfw%7Ctwcamp%5Etweetembed%7Ctwterm%5E1511301270820343809%7Ctwgr%5E%7Ctwcon%5Es1_&amp;ref_url=https%3A%2F%2Fthegrayzone.com%2F2022%2F04%2F17%2Ftraitor-zelensky-assassination-kidnapping-arrest-political-opposition%2F\" target=\"_blank\" rel=\"noopener\"><img loading=\"lazy\" decoding=\"async\" class=\"aligncenter size-full wp-image-2246746\" src=\"https:\/\/puntocritico.com\/ausajpuntocritico\/wp-content\/uploads\/2022\/05\/Vera-Van-tuit.png\" alt=\"\" width=\"517\" height=\"697\" data-id=\"2246746\" srcset=\"https:\/\/puntocritico.com\/ausajpuntocritico\/wp-content\/uploads\/2022\/05\/Vera-Van-tuit.png 517w, https:\/\/puntocritico.com\/ausajpuntocritico\/wp-content\/uploads\/2022\/05\/Vera-Van-tuit-223x300.png 223w\" sizes=\"auto, (max-width: 517px) 100vw, 517px\" \/><\/a><\/p>\n<h3 style=\"text-align: center;\"><span style=\"font-size: 18pt;\"><strong>\u201cNunca tomaremos prisioneros a los soldados rusos\u201d: el ej\u00e9rcito de Ucrania hace alarde de sus cr\u00edmenes de guerra<\/strong><\/span><\/h3>\n<p style=\"text-align: justify;\"><span style=\"font-size: 14pt;\">Mientras que los medios de comunicaci\u00f3n occidentales se han centrado directamente en los presuntos abusos de los derechos humanos por parte de Rusia desde el estallido de la guerra, los soldados ucranianos y las cuentas de las redes sociales pro-ucranianas han exhibido con orgullo cr\u00edmenes de guerra s\u00e1dicos, desde ejecuciones en el campo hasta la tortura de soldados cautivos.<\/span><\/p>\n<p style=\"text-align: justify;\"><span style=\"font-size: 14pt;\">En marzo, un canal de Telegram pro-ucraniano llamado White Lives Matter public\u00f3 un video de un soldado ucraniano llamando a la prometida de un prisionero de guerra ruso, que se ve a continuaci\u00f3n, y burl\u00e1ndose de ella con la promesa de castrar al cautivo.<\/span><\/p>\n<p style=\"text-align: justify;\">\u00a0<\/p>\n<p><a href=\"https:\/\/videopress.com\/v\/wnzk7oQc\" target=\"_blank\" rel=\"noopener\"><img loading=\"lazy\" decoding=\"async\" class=\"aligncenter wp-image-2246747\" src=\"https:\/\/puntocritico.com\/ausajpuntocritico\/wp-content\/uploads\/2022\/05\/Video-Ucrania-victimas.png\" alt=\"\" width=\"480\" height=\"270\" data-id=\"2246747\" srcset=\"https:\/\/puntocritico.com\/ausajpuntocritico\/wp-content\/uploads\/2022\/05\/Video-Ucrania-victimas.png 705w, https:\/\/puntocritico.com\/ausajpuntocritico\/wp-content\/uploads\/2022\/05\/Video-Ucrania-victimas-300x169.png 300w, https:\/\/puntocritico.com\/ausajpuntocritico\/wp-content\/uploads\/2022\/05\/Video-Ucrania-victimas-610x344.png 610w, https:\/\/puntocritico.com\/ausajpuntocritico\/wp-content\/uploads\/2022\/05\/Video-Ucrania-victimas-678x381.png 678w\" sizes=\"auto, (max-width: 480px) 100vw, 480px\" \/><\/a><\/p>\n<p>&nbsp;<\/p>\n<p style=\"text-align: justify;\"><span style=\"font-size: 14pt;\">El uso por parte de los soldados ucranianos de los tel\u00e9fonos m\u00f3viles de los soldados rusos muertos para burlarse de sus familiares y acosarlos parece ser una pr\u00e1ctica habitual.\u00a0De hecho, el gobierno ucraniano ha comenzado a\u00a0<a href=\"https:\/\/www.washingtonpost.com\/technology\/2022\/04\/15\/ukraine-facial-recognition-warfare\/\" target=\"_blank\" rel=\"noopener\">utilizar la tecnolog\u00eda de reconocimiento facial notoriamente invasiva<\/a>\u00a0de\u00a0<a href=\"https:\/\/www.nytimes.com\/2020\/01\/18\/technology\/clearview-privacy-facial-recognition.html\" target=\"_blank\" rel=\"noopener\">Clearview AI,<\/a>\u00a0una empresa tecnol\u00f3gica estadounidense, para identificar a las v\u00edctimas rusas y burlarse de sus familiares en las redes sociales.<\/span><\/p>\n<p>&nbsp;<\/p>\n<p><a href=\"https:\/\/twitter.com\/raczylo\/status\/1508046216420020225?ref_src=twsrc%5Etfw%7Ctwcamp%5Etweetembed%7Ctwterm%5E1508046216420020225%7Ctwgr%5E%7Ctwcon%5Es1_&amp;ref_url=https%3A%2F%2Fthegrayzone.com%2F2022%2F04%2F17%2Ftraitor-zelensky-assassination-kidnapping-arrest-political-opposition%2F\" target=\"_blank\" rel=\"noopener\"><img loading=\"lazy\" decoding=\"async\" class=\"aligncenter wp-image-2246748\" src=\"https:\/\/puntocritico.com\/ausajpuntocritico\/wp-content\/uploads\/2022\/05\/Lukasz-Tuit.png\" alt=\"\" width=\"440\" height=\"668\" data-id=\"2246748\" srcset=\"https:\/\/puntocritico.com\/ausajpuntocritico\/wp-content\/uploads\/2022\/05\/Lukasz-Tuit.png 512w, https:\/\/puntocritico.com\/ausajpuntocritico\/wp-content\/uploads\/2022\/05\/Lukasz-Tuit-198x300.png 198w\" sizes=\"auto, (max-width: 440px) 100vw, 440px\" \/><\/a><\/p>\n<p>&nbsp;<\/p>\n<p style=\"text-align: justify;\"><span style=\"font-size: 14pt;\">Este abril, un canal de Telegram pro-ucraniano llamado fckrussia2022 public\u00f3 un video que mostraba a un soldado ruso con uno de sus ojos vendado, lo que sugiere que se lo hab\u00edan arrancado durante la tortura, y se burl\u00f3 de \u00e9l como un cerdo \u00ab<em>tuerto<\/em>\u00ab.\u00a0<\/span><\/p>\n<p style=\"text-align: justify;\"><span style=\"font-size: 14pt;\">Quiz\u00e1s la imagen m\u00e1s espantosa que ha aparecido en las redes sociales en las \u00faltimas semanas es la foto de un soldado ruso torturado al que le sacaron un ojo antes de que lo mataran.\u00a0La publicaci\u00f3n adjunta fue subtitulada, \u00ab<em>buscando<\/em> <em>nazis<\/em>\u00ab.<\/span><\/p>\n<p>&nbsp;<\/p>\n<figure id=\"attachment_2246749\" aria-describedby=\"caption-attachment-2246749\" style=\"width: 480px\" class=\"wp-caption aligncenter\"><img loading=\"lazy\" decoding=\"async\" class=\"wp-image-2246749\" src=\"https:\/\/puntocritico.com\/ausajpuntocritico\/wp-content\/uploads\/2022\/05\/Tortura-tuerto.webp\" alt=\"\" width=\"480\" height=\"270\" data-id=\"2246749\" srcset=\"https:\/\/puntocritico.com\/ausajpuntocritico\/wp-content\/uploads\/2022\/05\/Tortura-tuerto.webp 1280w, https:\/\/puntocritico.com\/ausajpuntocritico\/wp-content\/uploads\/2022\/05\/Tortura-tuerto-300x169.webp 300w, https:\/\/puntocritico.com\/ausajpuntocritico\/wp-content\/uploads\/2022\/05\/Tortura-tuerto-1024x576.webp 1024w, https:\/\/puntocritico.com\/ausajpuntocritico\/wp-content\/uploads\/2022\/05\/Tortura-tuerto-768x432.webp 768w, https:\/\/puntocritico.com\/ausajpuntocritico\/wp-content\/uploads\/2022\/05\/Tortura-tuerto-610x343.webp 610w, https:\/\/puntocritico.com\/ausajpuntocritico\/wp-content\/uploads\/2022\/05\/Tortura-tuerto-678x381.webp 678w\" sizes=\"auto, (max-width: 480px) 100vw, 480px\" \/><figcaption id=\"caption-attachment-2246749\" class=\"wp-caption-text\"><span style=\"color: #008000;\">Fotograf\u00edas distribuidas por los canales proucranianos de Telegram que muestran a soldados rusos capturados, torturados y ejecutados.<\/span><\/figcaption><\/figure>\n<p>&nbsp;<\/p>\n<p style=\"text-align: justify;\"><span style=\"font-size: 14pt;\">Tambi\u00e9n apareci\u00f3 un video en abril que muestra a soldados ucranianos\u00a0<a href=\"https:\/\/twitter.com\/MaxBlumenthal\/status\/1508216311515684866\" target=\"_blank\" rel=\"noopener\">disparando a prisioneros de guerra rusos indefensos en las piernas<\/a>\u00a0fuera de la ciudad de Kharkov.\u00a0Un video separado publicado por soldados de la Legi\u00f3n Georgiana respaldados por Ucrania y Estados Unidos mostr\u00f3 a los combatientes\u00a0<a href=\"https:\/\/thegrayzone.com\/2022\/04\/08\/lawmakers-georgian-warlord-war-crimes-ukraine\/\" target=\"_blank\" rel=\"noopener\">ejecutando ejecuciones<\/a>\u00a0de campo de cautivos rusos heridos cerca de un pueblo en las afueras de Kiev.<\/span><\/p>\n<p>&nbsp;<\/p>\n<figure id=\"attachment_2246750\" aria-describedby=\"caption-attachment-2246750\" style=\"width: 555px\" class=\"wp-caption aligncenter\"><img loading=\"lazy\" decoding=\"async\" class=\"wp-image-2246750\" src=\"https:\/\/puntocritico.com\/ausajpuntocritico\/wp-content\/uploads\/2022\/05\/war-crime.webp\" alt=\"\" width=\"555\" height=\"852\" data-id=\"2246750\" srcset=\"https:\/\/puntocritico.com\/ausajpuntocritico\/wp-content\/uploads\/2022\/05\/war-crime.webp 640w, https:\/\/puntocritico.com\/ausajpuntocritico\/wp-content\/uploads\/2022\/05\/war-crime-196x300.webp 196w, https:\/\/puntocritico.com\/ausajpuntocritico\/wp-content\/uploads\/2022\/05\/war-crime-610x936.webp 610w\" sizes=\"auto, (max-width: 555px) 100vw, 555px\" \/><figcaption id=\"caption-attachment-2246750\" class=\"wp-caption-text\"><span style=\"color: #008000;\">Los combatientes de las legiones de Ucrania y Georgia celebran despu\u00e9s de ejecutar a los soldados rusos cautivos en un video.<\/span><\/figcaption><\/figure>\n<p style=\"text-align: justify;\">\u00a0<\/p>\n<p style=\"text-align: justify;\"><span style=\"font-size: 14pt;\">Es probable que estos soldados se sintieran envalentonados por las bendiciones de sus superiores.\u00a0Mamula Mamulashvili, el comandante de la Legi\u00f3n georgiana, que particip\u00f3 en las ejecuciones de campo de prisioneros de guerra rusos heridos,\u00a0<a href=\"https:\/\/thegrayzone.com\/2022\/04\/08\/lawmakers-georgian-warlord-war-crimes-ukraine\/\" target=\"_blank\" rel=\"noopener\">se jact\u00f3 este abril<\/a>\u00a0de que su unidad comete libremente cr\u00edmenes de guerra: \u201cS\u00ed, a veces les atamos de pies y manos.\u00a0Hablo por la legi\u00f3n georgiana, nunca tomaremos prisioneros a los soldados rusos.\u00a0Ni uno solo de ellos ser\u00e1 hecho prisionero\u201d.\u00a0<\/span><\/p>\n<p style=\"text-align: justify;\"><span style=\"font-size: 14pt;\">Del mismo modo, Gennadiy Druzenko, jefe del servicio m\u00e9dico militar ucraniano,\u00a0<a href=\"https:\/\/twitter.com\/dancohen3000\/status\/1505670818327674882\" target=\"_blank\" rel=\"noopener\">declar\u00f3 en una entrevista con Ucrania 24<\/a>\u00a0que \u201cdio una orden para castrar a todos los hombres rusos porque eran infrahumanos y peores que las cucarachas\u201d.\u00a0<\/span><\/p>\n<p>&nbsp;<\/p>\n<h3 style=\"text-align: center;\"><span style=\"font-size: 18pt;\">Funcionarios ucranianos presentan a mujer torturada y asesinada por Azov como v\u00edctima de Rusia<\/span><\/h3>\n<p style=\"text-align: justify;\"><span style=\"font-size: 14pt;\">Mientras que los medios occidentales se centran en las violaciones de los derechos humanos por parte de Rusia en casa y dentro de Ucrania, el gobierno ucraniano ha autorizado una campa\u00f1a de propaganda\u00a0<a href=\"https:\/\/www.mintpressnews.com\/ukraine-propaganda-war-international-pr-firms-dc-lobbyists-cia-cutouts\/280012\/\" target=\"_blank\" rel=\"noopener\">conocida como \u201cGuerra total\u201d<\/a>\u00a0que incluye la colocaci\u00f3n de im\u00e1genes falsas e historias falsas para implicar a\u00fan m\u00e1s a Rusia\u00a0.<\/span><\/p>\n<p style=\"text-align: justify;\"><span style=\"font-size: 14pt;\">En un ejemplo especialmente c\u00ednico de la estrategia, Ucrania 24, un canal de televisi\u00f3n donde los invitados han\u00a0<a href=\"https:\/\/twitter.com\/dancohen3000\/status\/1503829062556520448\" target=\"_blank\" rel=\"noopener\">pedido el exterminio genocida<\/a>\u00a0de ni\u00f1os rusos, public\u00f3 una foto en abril que mostraba un cad\u00e1ver femenino marcado con una esv\u00e1stica ensangrentada en su est\u00f3mago.\u00a0Ucrania 24 afirm\u00f3 que encontr\u00f3 a esta mujer en Gostumel, una de las regiones del \u00d3blast de Kiev que los rusos abandonaron el 29 de marzo.\u00a0\u00a0<\/span><\/p>\n<p style=\"text-align: justify;\"><span style=\"font-size: 14pt;\">Lesia Vasylenko, miembro del parlamento ucraniano, y Oleksiy Arestovych, el principal asesor del presidente Zelensky, publicaron la foto del cad\u00e1ver profanado de la mujer en las redes sociales.\u00a0Si bien Vasylenko dej\u00f3 la foto en l\u00ednea, Arestovych la elimin\u00f3 ocho horas despu\u00e9s de publicarla cuando se enfrent\u00f3 al hecho de que hab\u00eda publicado una falsificaci\u00f3n.<\/span><\/p>\n<p style=\"text-align: justify;\"><span style=\"font-size: 14pt;\">De hecho, la imagen fue extra\u00edda de un metraje grabado originalmente por Patrick Lancaster, un periodista estadounidense residente en Donetsk que hab\u00eda filmado el cad\u00e1ver de una mujer torturada y asesinada por miembros del batall\u00f3n ucraniano Azov en el s\u00f3tano de una escuela de Mariupol que hab\u00edan convertido en una base. .\u00a0<\/span><\/p>\n<p style=\"text-align: justify;\"><span style=\"font-size: 14pt;\">En\u00a0<a href=\"https:\/\/youtu.be\/6LQSYmda0Sc\" target=\"_blank\" rel=\"noopener\">el minuto 2:31 del video de Lancaster, se puede ver claramente el cad\u00e1ver de la mujer.<\/a><\/span><\/p>\n<p>&nbsp;<\/p>\n<p><a href=\"https:\/\/twitter.com\/MaxBlumenthal\/status\/1511053915088990215?ref_src=twsrc%5Etfw%7Ctwcamp%5Etweetembed%7Ctwterm%5E1511053915088990215%7Ctwgr%5E%7Ctwcon%5Es1_&amp;ref_url=https%3A%2F%2Fthegrayzone.com%2F2022%2F04%2F17%2Ftraitor-zelensky-assassination-kidnapping-arrest-political-opposition%2F\" target=\"_blank\" rel=\"noopener\"><img loading=\"lazy\" decoding=\"async\" class=\"aligncenter size-full wp-image-2246751\" src=\"https:\/\/puntocritico.com\/ausajpuntocritico\/wp-content\/uploads\/2022\/05\/Asesinada-por-nazis.png\" alt=\"\" width=\"517\" height=\"637\" data-id=\"2246751\" srcset=\"https:\/\/puntocritico.com\/ausajpuntocritico\/wp-content\/uploads\/2022\/05\/Asesinada-por-nazis.png 517w, https:\/\/puntocritico.com\/ausajpuntocritico\/wp-content\/uploads\/2022\/05\/Asesinada-por-nazis-243x300.png 243w\" sizes=\"auto, (max-width: 517px) 100vw, 517px\" \/><\/a><\/p>\n<p style=\"text-align: justify;\"><span style=\"font-size: 14pt;\">A medida que las armas llegan a Ucrania desde los estados de la OTAN y la guerra se intensifica, es casi seguro que las atrocidades se acumular\u00e1n, y con la bendici\u00f3n del liderazgo en Kiev.\u00a0Como\u00a0<a href=\"https:\/\/nv-ua.translate.goog\/ukr\/ukraine\/politics\/zelenskiy-u-buchi-zlochini-rf-budut-viznani-genocidom-novini-ukrajini-50231023.html?_x_tr_sl=uk&amp;_x_tr_tl=en&amp;_x_tr_hl=en&amp;_x_tr_pto=sc\" target=\"_blank\" rel=\"noopener\">proclam\u00f3 Zelensky durante una visita a la ciudad de Bucha<\/a>\u00a0este abril, \u201c<em>si no encontramos una salida civilizada, conoce a nuestra gente, encontrar\u00e1n una salida incivilizada<\/em>\u201d.<\/span><\/p>\n<p>&nbsp;<\/p>\n<figure id=\"attachment_2244182\" aria-describedby=\"caption-attachment-2244182\" style=\"width: 555px\" class=\"wp-caption aligncenter\"><img loading=\"lazy\" decoding=\"async\" class=\"wp-image-2244182\" src=\"https:\/\/puntocritico.com\/ausajpuntocritico\/wp-content\/uploads\/2022\/04\/Fascismo-europeo.jpg\" alt=\"\" width=\"555\" height=\"489\" data-id=\"2244182\" srcset=\"https:\/\/puntocritico.com\/ausajpuntocritico\/wp-content\/uploads\/2022\/04\/Fascismo-europeo.jpg 720w, https:\/\/puntocritico.com\/ausajpuntocritico\/wp-content\/uploads\/2022\/04\/Fascismo-europeo-300x264.jpg 300w, https:\/\/puntocritico.com\/ausajpuntocritico\/wp-content\/uploads\/2022\/04\/Fascismo-europeo-610x537.jpg 610w\" sizes=\"auto, (max-width: 555px) 100vw, 555px\" \/><figcaption id=\"caption-attachment-2244182\" class=\"wp-caption-text\"><span style=\"color: #008000;\">Grupos fascistas en Europa occidental y central y sus s\u00edmbolos<\/span><\/figcaption><\/figure>\n<p>&nbsp;<\/p>\n<blockquote>\n<p style=\"text-align: center;\"><span style=\"font-size: 14pt;\"><strong>LOS AUTORES<\/strong><\/span><\/p>\n<p style=\"text-align: center;\"><span style=\"font-size: 14pt;\"><strong>Max Blumenthal<\/strong>, editor en jefe de The Grayzone, es un periodista galardonado y autor de varios libros, incluidos los m\u00e1s vendidos\u00a0Republican Gomorrah\u00a0,\u00a0\u00a0Goliath\u00a0,\u00a0The Fifty One Day War\u00a0y\u00a0The Management of Savagery\u00a0.\u00a0Ha producido art\u00edculos impresos para una variedad de publicaciones, muchos reportajes en video y varios documentales, incluido\u00a0\u00a0Killing Gaza\u00a0.\u00a0Blumenthal fund\u00f3 The Grayzone en 2015 para arrojar luz period\u00edstica sobre el estado de guerra perpetua de Estados Unidos y sus peligrosas repercusiones internas.<\/span><\/p>\n<p style=\"text-align: center;\"><span style=\"font-size: 14pt;\"><strong>Esha Krishnaswamy<\/strong> es la presentadora del\u00a0\u00a0podcast hist\u00f3ricamente.\u00a0\u00a0 Tambi\u00e9n ha escrito para FAIR, criticando la cobertura de eventos internacionales por parte de los medios corporativos.<\/span><\/p>\n<\/blockquote>\n<p style=\"text-align: center;\"><span style=\"font-size: 18pt;\"><strong><span style=\"color: #008000;\">*******<\/span><\/strong><\/span><\/p>\n<h2 class=\"new_title\" style=\"text-align: center;\">\u00a1ESCAP\u00c9 DEL INFIERNO! : DRAM\u00c1TICA NARRACI\u00d3N DE UNA CUBANA ATRAPADA EN MARI\u00daPOL (v\u00eddeo censurado)<\/h2>\n<p class=\"new_subtitle\" style=\"text-align: center;\"><span style=\"font-size: 18pt;\"><em><strong>\u00abEstuve esperando que Ucrania me ayudara y me quede esperando\u00bb<\/strong><\/em><\/span><\/p>\n<p class=\"new_entry \" style=\"text-align: center;\"><span style=\"font-size: 14pt;\"><strong>Gabriela G\u00f3mez, una joven cubana que se hab\u00eda mudado a Mariupol con su esposo hace unos a\u00f1os y aspiraba a tener una vida tranquila, relata que vivi\u00f3 una pesadilla cuando los soldados ucranianos utilizaron su casa como trinchera (&#8230;).<\/strong><\/span><\/p>\n<div class=\"new_text \">\n<figure id=\"attachment_2247329\" aria-describedby=\"caption-attachment-2247329\" style=\"width: 837px\" class=\"wp-caption aligncenter\"><a href=\"https:\/\/player.odycdn.com\/api\/v4\/streams\/free\/Una-joven-cubana-cuenta-la-pesadilla-que-vivi%C3%B3-en-Mari%C3%BApol\/d78df9dc202b5276db7b4a4025c8500f749c1287\/37413b\" target=\"_blank\" rel=\"noopener\"><img loading=\"lazy\" decoding=\"async\" class=\"size-full wp-image-2247329\" src=\"https:\/\/puntocritico.com\/ausajpuntocritico\/wp-content\/uploads\/2022\/05\/Video-mariupol-censurado.png\" alt=\"\" width=\"837\" height=\"392\" data-id=\"2247329\" srcset=\"https:\/\/puntocritico.com\/ausajpuntocritico\/wp-content\/uploads\/2022\/05\/Video-mariupol-censurado.png 837w, https:\/\/puntocritico.com\/ausajpuntocritico\/wp-content\/uploads\/2022\/05\/Video-mariupol-censurado-300x141.png 300w, https:\/\/puntocritico.com\/ausajpuntocritico\/wp-content\/uploads\/2022\/05\/Video-mariupol-censurado-768x360.png 768w, https:\/\/puntocritico.com\/ausajpuntocritico\/wp-content\/uploads\/2022\/05\/Video-mariupol-censurado-610x286.png 610w\" sizes=\"auto, (max-width: 837px) 100vw, 837px\" \/><\/a><figcaption id=\"caption-attachment-2247329\" class=\"wp-caption-text\"><span style=\"color: #008000;\">Video Censurado<\/span><\/figcaption><\/figure>\n<\/div>\n<div>\u00a0<\/div>\n<div>\n<p style=\"text-align: justify;\"><span style=\"font-size: 14pt;\">Entre las personas afectadas por la presencia del<strong>\u00a0Ej\u00e9rcito de Ucrania\u00a0<\/strong>en zonas residenciales de Mari\u00fapol se encuentran algunos extranjeros.<\/span><\/p>\n<p style=\"text-align: justify;\"><span style=\"font-size: 14pt;\"><strong>Gabriela G\u00f3mez,<\/strong>\u00a0una joven cubana que se hab\u00eda mudado a la ciudad hace unos a\u00f1os y aspiraba a tener una vida tranquila, relata que vivi\u00f3 una pesadilla cuando los soldados ucranianos utilizaron su casa como trinchera.<\/span><\/p>\n<p style=\"text-align: justify;\"><span style=\"font-size: 14pt;\"><em>\u00abViv\u00ed una pesadilla de la cual nunca imagine que pod\u00eda salir. Hoy solo recuerdo el horror que pude sentir en Mari\u00fapol\u00bb,\u00a0<\/em>dijo\u00a0<strong>G\u00f3mez<\/strong>, quien ahora est\u00e1 a salvo, tras ser evacuada a Rusia.<\/span><\/p>\n<p style=\"text-align: justify;\"><span style=\"font-size: 14pt;\">Esta joven lleg\u00f3 a Ucrania en 2019. Previamente, trabajaba en la compa\u00f1\u00eda MSC de cruceros, donde conoci\u00f3 a su pareja,<strong>\u00a0Igor Ivanovich,<\/strong>\u00a0quien le propuso matrimonio, se casaron y se fueron a vivir a\u00a0<strong>Mari\u00fapol.<\/strong><\/span><\/p>\n<\/div>\n<p>&nbsp;<\/p>\n<blockquote>\n<p style=\"text-align: center;\"><span style=\"color: #008000;\"><strong><span style=\"font-size: 14pt;\"><em>\u00abNo pod\u00eda creer que los ucranianos tuvieran miedo de los mismos ucranianos, no sab\u00eda que era el ej\u00e9rcito de Azov, no sab\u00eda que era el DNR, ellos me lo tuvieron que explicar\u00bb.<\/em><\/span><\/strong><\/span><\/p>\n<\/blockquote>\n<p>&nbsp;<\/p>\n<div>\n<p style=\"text-align: justify;\"><span style=\"font-size: 14pt;\">Cuando escuch\u00f3 en las noticias sobre la operaci\u00f3n militar en Ucrania,\u00a0<strong>G\u00f3mez\u00a0<\/strong>pens\u00f3 que al empezar el conflicto las autoridades los proteger\u00edan, pero eso no sucedi\u00f3.<\/span><\/p>\n<p style=\"text-align: justify;\"><span style=\"font-size: 14pt;\"><em>\u00abNo pod\u00eda creer que los ucranianos tuvieran miedo de los mismos ucranianos, no sab\u00eda que era el ej\u00e9rcito de Azov, no sab\u00eda que era el DNR, ellos me lo tuvieron que explicar\u00bb.<\/em><\/span><\/p>\n<p style=\"text-align: justify;\"><span style=\"font-size: 14pt;\">Contrariamente, el\u00a0<strong>batall\u00f3n nacionalista Azov\u00a0<\/strong>tom\u00f3 los tres pisos de arriba del edificio donde viv\u00eda y les amenazaban para que no salieran.<\/span><\/p>\n<p style=\"text-align: justify;\"><span style=\"font-size: 14pt;\"><em>\u00abNo pod\u00eda creer que los ucranianos tuvieran miedo de los mismos ucranianos, no sab\u00eda que era el ej\u00e9rcito de Azov, no sab\u00eda que era el DNR, ellos me lo tuvieron que explicar\u00bb, relat\u00f3 y detall\u00f3 que, una vez que el edificio fue tomado, les quitaron todos los servicios: \u00abNo ten\u00edamos nada. El 1 de marzo quitaron la electricidad los ucranianos; quitaron la electricidad y luego la volvieron a poner a las 10:00 de la noche, y el 2 de marzo la quitaron y se fue para no volver\u00bb<\/em>.<\/span><\/p>\n<p style=\"text-align: justify;\"><span style=\"font-size: 14pt;\"><strong>G\u00f3mez<\/strong>\u00a0cuenta que hubo un momento en el que fue muy peligroso salir a la calle.\u00a0<em>\u00abDej\u00e9 de ir al edificio donde yo cocinaba y mis vecinos fueron a mi casa a verme porque pensaron que me hab\u00eda pasado algo\u00bb,<\/em>\u00a0dijo.<\/span><\/p>\n<p style=\"text-align: justify;\"><span style=\"font-size: 14pt;\"><em>\u00a0\u00abNos dejaron sin comunicaci\u00f3n; en una guerra, si supuestamente te preocupas por tu gente, \u00bfc\u00f3mo la dejas incomunicada?\u00bb.<\/em><\/span><\/p>\n<p style=\"text-align: justify;\"><span style=\"font-size: 14pt;\"><em> \u00abEstuve esperando que Ucrania me ayudara y me quede esperando hasta que se quem\u00f3 el edificio, nos dejaron sin comunicaci\u00f3n; en una guerra, si supuestamente te preocupas por tu gente, \u00bfc\u00f3mo la dejas incomunicada?\u00bb,<\/em>\u00a0reproch\u00f3.<\/span><\/p>\n<\/div>\n<p>&nbsp;<\/p>\n<blockquote>\n<p style=\"text-align: center;\"><strong><span style=\"font-size: 14pt; color: #008000;\"><em>\u00abAl final abrimos la puerta, porque se estaba incendiado la parte por donde ten\u00edamos que salir y nos dimos cuenta de que los soldados rusos no nos iban a disparar\u00bb<\/em><\/span><\/strong><\/p>\n<\/blockquote>\n<p>&nbsp;<\/p>\n<div>\n<p style=\"text-align: justify;\"><span style=\"font-size: 14pt;\">En medio de la tensa situaci\u00f3n, la joven cubana se dio cuenta de que el Ej\u00e9rcito ruso era el que ayudaba a la poblaci\u00f3n, mientras observaba que los ucranianos hab\u00edan destruido la que fue su ciudad.<\/span><\/p>\n<p style=\"text-align: justify;\"><span style=\"font-size: 14pt;\"><em>\u00abAl final abrimos la puerta, porque se estaba incendiado la parte por donde ten\u00edamos que salir y nos dimos cuenta de que los soldados rusos no nos iban a disparar\u00bb,<\/em>\u00a0mencion\u00f3.<\/span><\/p>\n<p style=\"text-align: justify;\"><span style=\"font-size: 14pt;\">Los rusos les indicaron d\u00f3nde pod\u00edan estar seguros, as\u00ed que corrieron a un s\u00f3tano y ah\u00ed se refugiaron. D\u00edas despu\u00e9s fueron evacuados de la zona y llevados a Rusia.<\/span><\/p>\n<p style=\"text-align: justify;\"><span style=\"font-size: 14pt;\">\u00abEn el momento en el que estaba en Rusia me sent\u00ed tranquila, porque yo de verdad lo que quer\u00eda era salir, no quer\u00eda escuchar m\u00e1s un &#8216;samaliot&#8217;, como lo dicen ellos, no quer\u00eda escuchar m\u00e1s una bomba, no quer\u00eda escuchar m\u00e1s una pistola\u00bb.<\/span><\/p>\n<p style=\"text-align: justify;\"><span style=\"font-size: 14pt;\">Una vez a salvo, su primera llamada fue con su madre, quien estaba desespera por no saber nada de ella.\u00a0<em>\u00abEstaba hist\u00e9rica, no me lo dijo, pero luego cuando habl\u00e9 con mi familia, me dec\u00edan &#8216;tu mam\u00e1 no quer\u00eda comer, le costaba dormir&#8217;. Bastante dif\u00edcil para cualquier madre que tenga un hijo en peligro\u00bb.<\/em><\/span><\/p>\n<p style=\"text-align: justify;\"><span style=\"font-size: 14pt;\">Ahora, la pareja desea permanecer en Rusia. \u00ab<em>En Rusia me siento como en casa. A menudo me preguntan: \u00bfpor qu\u00e9 no quieres vivir en Espa\u00f1a o en cualquier otro lugar? No me siento como en casa all\u00ed\u00bb<\/em>, dijo\u00a0<strong>Ivanovich.<\/strong><\/span><\/p>\n<\/div>\n<p>&nbsp;<\/p>\n<p><img loading=\"lazy\" decoding=\"async\" class=\"aligncenter wp-image-2246736\" src=\"https:\/\/puntocritico.com\/ausajpuntocritico\/wp-content\/uploads\/2022\/05\/ukraine-nazis-israel-weapons-azov-battalion.jpg\" alt=\"\" width=\"440\" height=\"292\" data-id=\"2246736\" srcset=\"https:\/\/puntocritico.com\/ausajpuntocritico\/wp-content\/uploads\/2022\/05\/ukraine-nazis-israel-weapons-azov-battalion.jpg 680w, https:\/\/puntocritico.com\/ausajpuntocritico\/wp-content\/uploads\/2022\/05\/ukraine-nazis-israel-weapons-azov-battalion-300x199.jpg 300w, https:\/\/puntocritico.com\/ausajpuntocritico\/wp-content\/uploads\/2022\/05\/ukraine-nazis-israel-weapons-azov-battalion-610x405.jpg 610w, https:\/\/puntocritico.com\/ausajpuntocritico\/wp-content\/uploads\/2022\/05\/ukraine-nazis-israel-weapons-azov-battalion-678x452.jpg 678w\" sizes=\"auto, (max-width: 440px) 100vw, 440px\" \/><\/p>\n<p style=\"text-align: center;\"><span style=\"font-size: 18pt;\"><strong><span style=\"color: #008000;\">*******<\/span><\/strong><\/span><\/p>\n<h2 class=\"new_title\" style=\"text-align: center;\"><span style=\"font-size: 24pt;\">LAS PURGAS DE ZELENSKY: UNA SECUELA DE LOS CR\u00cdMENES INICIADOS EN 2014<\/span><\/h2>\n<p class=\"new_subtitle\" style=\"text-align: center;\"><em><strong><span style=\"font-size: 18pt;\">El ambiente b\u00e9lico actual las ha intensificado<\/span><\/strong><\/em><\/p>\n<p class=\"new_entry \" style=\"text-align: center;\"><em><strong><span style=\"font-size: 14pt;\">\u00bfHechos comprobables o \u201ctrolas rusas\u201d? Lo que organismos internacionales -poco sospechosos de pro-rusos- denunciaron como claras violaciones de derechos humanos y corrupci\u00f3n en Ucrania, desde la guerra con Rusia los pa\u00edses miembros de la OTAN y los medios de comunicaci\u00f3n a su servicio lo han convertido en \u201cdesinformaci\u00f3n\u201d o \u201cnoticias falsas\u201d.<\/span><\/strong><\/em><\/p>\n<div class=\"new_text \" style=\"text-align: justify;\"><span style=\"font-size: 14pt;\">Por Clara L\u00f3pez Gonz\u00e1lez\u00a0<\/span><\/div>\n<div class=\"new_text \" style=\"text-align: justify;\"><span style=\"font-size: 14pt;\"><a href=\"https:\/\/canarias-semanal.org\/art\/32642\/las-purgas-de-zelensky-una-secuela-de-los-crimenes-iniciados-en-2014\" target=\"_blank\" rel=\"noopener\">Canarias Semanal<\/a>, 2 MAYO 2022<\/span><\/div>\n<div>\u00a0<\/div>\n<div><img loading=\"lazy\" decoding=\"async\" class=\"aligncenter size-full wp-image-2247334\" src=\"https:\/\/puntocritico.com\/ausajpuntocritico\/wp-content\/uploads\/2022\/05\/2023_zelenskyt.jpg\" alt=\"\" width=\"670\" height=\"300\" data-id=\"2247334\" srcset=\"https:\/\/puntocritico.com\/ausajpuntocritico\/wp-content\/uploads\/2022\/05\/2023_zelenskyt.jpg 670w, https:\/\/puntocritico.com\/ausajpuntocritico\/wp-content\/uploads\/2022\/05\/2023_zelenskyt-300x134.jpg 300w, https:\/\/puntocritico.com\/ausajpuntocritico\/wp-content\/uploads\/2022\/05\/2023_zelenskyt-610x273.jpg 610w\" sizes=\"auto, (max-width: 670px) 100vw, 670px\" \/><\/div>\n<p>&nbsp;<\/p>\n<p style=\"text-align: justify;\"><span style=\"font-size: 14pt;\">En febrero de\u00a0<strong>2019<\/strong>\u00a0public\u00e1bamos un\u00a0<a href=\"https:\/\/canarias-semanal.org\/art\/24591\/las-libertades-democraticas-del-gobierno-fascista-que-eeuu-y-la-ue-instalaron-en-ucrania\" target=\"_blank\" rel=\"noopener\">art\u00edculo<\/a>\u00a0en este medio sobre la \u201c<strong><em>envidiable democracia<\/em><\/strong>\u201d que se hab\u00eda instalado en\u00a0<strong>Ucrania<\/strong>\u00a0tras el golpe de Estado del\u00a0<strong>Euromaidan<\/strong>\u00a0en\u00a0<strong>2014<\/strong>. En \u00e9l se\u00f1al\u00e1bamos las diferentes formas de\u00a0<strong>represi\u00f3n<\/strong>\u00a0que se estaban aplicando contra los\u00a0<strong>disidentes pol\u00edticos<\/strong>\u00a0bajo el gobierno de\u00a0<strong>Petro Poroshenko<\/strong>, quien ya desde 2006 hab\u00eda estado en el bolsillo de\u00a0<strong>Washington<\/strong>. Esto \u00faltimo lo sabemos gracias a un cable diplom\u00e1tico revelado por\u00a0<strong>WikiLeaks<\/strong>, en el que se llama a\u00a0<strong>Poroshenko<\/strong>\u00a0\u201c<a href=\"https:\/\/canarias-semanal.org\/art\/25087\/ucrania-vota-contra-el-euromaidan\" target=\"_blank\" rel=\"noopener\"><strong><em>nuestro ucraniano<\/em><\/strong><\/a>\u201d.<\/span><\/p>\n<p style=\"text-align: justify;\"><span style=\"font-size: 14pt;\">Aparte del\u00a0<strong>ciber-acoso<\/strong>\u00a0a periodistas y blogueros opositores ejercido por los auto-denominados\u00a0<em>\u00ab<\/em><strong><em>porokhoboty<\/em><\/strong>\u00bb -los que propagan la verdad \u201coficial\u201d-, estaba y sigue estando la p\u00e1gina web que lleva el curioso nombre de\u00a0<em>\u201c<\/em><strong><em>Myrotvorets<\/em><\/strong>\u201d (\u201cguardianes de la paz\u201d), consistente en un\u00a0<strong>listado de personas consideradas \u201cenemigas de la patria\u201d<\/strong>, con sus perfiles en redes sociales, domicilios, n\u00fameros de tel\u00e9fono y datos de parientes. Esta\u00a0<strong>lista negra<\/strong>\u00a0fue iniciativa de\u00a0<strong>Anton Geraschenko<\/strong>, entonces consejero del Ministerio de Interior, que\u00a0<strong>aprob\u00f3 el asesinato de parlamentarios acusados de simpat\u00edas rusas<\/strong>.<\/span><\/p>\n<p style=\"text-align: justify;\"><span style=\"font-size: 14pt;\">En abril de\u00a0<strong>2015<\/strong>, la base de datos de\u00a0<em><strong>Myrotvorets<\/strong><\/em>\u00a0conten\u00eda m\u00e1s de\u00a0<strong>30.000 registros<\/strong>. Dos de los registrados,\u00a0<strong>un periodista y un ex-diputado<\/strong>, despu\u00e9s de recibir reiteradas amenazas de los militantes de extrema derecha, fueron\u00a0<strong>asesinados<\/strong>. La investigaci\u00f3n de estos dos casos nunca se cerr\u00f3, pero\u00a0<strong>no han sido los \u00fanicos<\/strong>. Varios periodistas y ciudadanos ucranianos opuestos al gobierno de\u00a0<strong>Poroshenko<\/strong>, incluido el prominente columnista\u00a0<strong>Oles Buzina<\/strong>, fueron asesinados por los escuadrones de la muerte una vez que sus datos se expusieron en\u00a0<em><strong>Myrotvorets<\/strong><\/em>.<\/span><\/p>\n<p style=\"text-align: justify;\"><span style=\"font-size: 14pt;\">Otros han podido contarlo.\u00a0<a href=\"https:\/\/www.mintpressnews.com\/volodymyr-zelensky-secret-police-hunted-down-opposition-anatoly-shariy\/280200\/\" target=\"_blank\" rel=\"noopener\"><strong>Anatoly Sharidy<\/strong><\/a>, l\u00edder de uno de los\u00a0<strong>11 partidos<\/strong>\u00a0que han sido recientemente\u00a0<strong>prohibidos<\/strong>\u00a0en\u00a0<strong>Ucrania<\/strong>, siempre expres\u00f3 su oposici\u00f3n al gobierno salido del\u00a0<strong>Euromaidan<\/strong>. Sufri\u00f3 por este motivo un\u00a0<strong>intento de asesinato<\/strong>\u00a0por parte de agentes del\u00a0<strong>Servicio de Seguridad de Ucrania (SBU)<\/strong>\u00a0y tuvo que exiliarse.\u00a0\u00a0<\/span><\/p>\n<p style=\"text-align: justify;\"><span style=\"font-size: 14pt;\">En mayo de\u00a0<strong>2016<\/strong>,\u00a0<em><strong>Myrotvorets<\/strong><\/em>\u00a0<a href=\"https:\/\/canarias-semanal.org\/art\/24591\/las-libertades-democraticas-del-gobierno-fascista-que-eeuu-y-la-ue-instalaron-en-ucrania\" target=\"_blank\" rel=\"noopener\">publicaba<\/a>\u00a0los nombres, tel\u00e9fonos y direcciones de m\u00e1s de\u00a0<strong>4.000 periodistas<\/strong>\u00a0ucranianos y extranjeros\u00a0<strong>de grandes medios occidentales<\/strong>\u00a0-como\u00a0<strong>BBC<\/strong>,\u00a0<strong>AFP<\/strong>,\u00a0<strong>CNN<\/strong>,\u00a0<strong>Deutsche Welle<\/strong>\u00a0y\u00a0<strong>New York Times<\/strong>&#8211; acreditados en\u00a0<strong>Donetsk<\/strong>, bajo el supuesto de que \u201c<em>colaboraban con terroristas<\/em>\u201d.<\/span><\/p>\n<p style=\"text-align: justify;\"><span style=\"font-size: 14pt;\">En aquel entonces, este hecho provoc\u00f3 un\u00a0<strong>esc\u00e1ndalo internacional<\/strong>. El jefe de la delegaci\u00f3n de la\u00a0<strong>Uni\u00f3n Europea<\/strong>\u00a0en\u00a0<strong>Ucrania<\/strong>,\u00a0<strong>Jan Tombinski<\/strong>, pidi\u00f3 a las autoridades ucranianas\u00a0<strong>que hicieran borrar dichos datos<\/strong>\u00a0por contravenir tanto las leyes internacionales como las de Ucrania; petici\u00f3n que cay\u00f3 en saco roto.<\/span><\/p>\n<p style=\"text-align: justify;\"><span style=\"font-size: 14pt;\"> En julio de\u00a0<strong>2017<\/strong>, tras una continua presi\u00f3n internacional, la\u00a0<strong>Polic\u00eda Nacional de Ucrania<\/strong>\u00a0abri\u00f3 una\u00a0<strong>investigaci\u00f3n<\/strong>\u00a0sobre las actividades de\u00a0<em><strong>Myrotvorets<\/strong><\/em>. Sin embargo,\u00a0<strong>su web contin\u00faa activa<\/strong>\u00a0y varios organismos gubernamentales siguen tirando de su base de datos.<\/span><\/p>\n<p style=\"text-align: justify;\"><span style=\"font-size: 14pt;\"><strong>Una \u201cdemocracia ejemplar\u201d la de Ucrania \u00bfSon las listas negras parte de esos \u201cvalores democr\u00e1ticos\u201d que comparte con el resto de Europa, como han dicho los representantes de la UE?<\/strong><\/span><\/p>\n<p style=\"text-align: justify;\"><span style=\"font-size: 14pt;\">Organismos poco sospechosos de pro-rusos, como la\u00a0<strong>Oficina del Alto Comisionado de la ONU para los Derechos Humanos<\/strong>, el\u00a0<strong>Observatorio de Derechos Humanos<\/strong>,\u00a0<strong>Aminist\u00eda Internacional<\/strong>, la\u00a0<strong>Organizaci\u00f3n para la Seguridad y Cooperaci\u00f3n en Europa<\/strong>\u00a0y, la francesa\u00a0<strong>OFPRA<\/strong>\u00a0(Oficina para los Refugiados),\u00a0<strong>acusaron al Servicio de Seguridad (SBU)<\/strong>\u00a0de\u00a0<strong>torturar sistem\u00e1ticamente<\/strong>\u00a0a los oponentes pol\u00edticos ucranianos con pr\u00e1ctica\u00a0<strong>impunidad<\/strong>.<\/span><\/p>\n<p style=\"text-align: justify;\"><span style=\"font-size: 14pt;\">La mayor\u00eda de los casos descritos en estos informes se relacionan con el\u00a0<strong>conflicto del Donbass<\/strong>. Hay, sin embargo, muchos m\u00e1s ejemplos en otros lugares de\u00a0<strong>Ucrania<\/strong>.<\/span><\/p>\n<p style=\"text-align: justify;\"><span style=\"font-size: 14pt;\">El\u00a0<strong><a href=\"https:\/\/www.ohchr.org\/sites\/default\/files\/Documents\/Countries\/UA\/UkraineArbDetTorture_EN.pdf\" target=\"_blank\" rel=\"noopener\">informe<\/a><\/strong>\u00a0de la\u00a0<strong>Oficina del Alto Comisionado de la ONU<\/strong>\u00a0document\u00f3, entre 2014 y 2021, alegaciones de desapariciones forzosas, detenciones arbitrarias y en r\u00e9gimen de incomunicaci\u00f3n, tortura y malos tratos por parte de las fuerzas de seguridad ucranianas, principalmente agentes del\u00a0<strong>SBU<\/strong>.<\/span><\/p>\n<p style=\"text-align: justify;\"><span style=\"font-size: 14pt;\">El\u00a0<strong>Observatorio de Derechos humanos<\/strong>, en un\u00a0<strong><a href=\"https:\/\/www.hrw.org\/report\/2016\/07\/21\/you-dont-exist\/arbitrary-detentions-enforced-disappearances-and-torture-eastern#\" target=\"_blank\" rel=\"noopener\">informe<\/a><\/strong>\u00a0de 2016, dio a conocer detalles de las detenciones arbitrarias: algunos testigos declararon que, tras ser transferidos a instalaciones del\u00a0<strong>SBU<\/strong>, fueron golpeados, sometidos a\u00a0<strong>descargas el\u00e9ctricas<\/strong>\u00a0y amenazados con\u00a0<strong>violaci\u00f3n<\/strong>,\u00a0<strong>ejecuci\u00f3n<\/strong>\u00a0y\u00a0<strong>da\u00f1os a familiares<\/strong>, para hacerles confesar su implicaci\u00f3n en actividades separatistas u obtener informaci\u00f3n.<\/span><\/p>\n<p style=\"text-align: justify;\"><span style=\"font-size: 14pt;\">Durante el\u00a0<strong>conflicto del Donbass<\/strong>, el lado ucraniano cometi\u00f3\u00a0<strong>cr\u00edmenes horripilantes<\/strong>\u00a0como\u00a0<strong>enterrar a personas vivas<\/strong>,\u00a0<strong>decapitaciones<\/strong>\u00a0(como inform\u00f3\u00a0<em><strong><a href=\"https:\/\/www.newsweek.com\/evidence-war-crimes-committed-ukrainian-nationalist-volunteers-grows-269604\" target=\"_blank\" rel=\"noopener\">Newsweek<\/a><\/strong><\/em>), tortura sistem\u00e1tica, violaciones, saqueos; todo ello a escala mucho mayor que lo reportado sobre cr\u00edmenes cometidos del lado pro-ruso.<\/span><\/p>\n<p style=\"text-align: justify;\"><span style=\"font-size: 14pt;\">Curiosamente, incluso el\u00a0<strong>Departamento de Estado<\/strong>\u00a0de\u00a0<strong>EE.UU<\/strong>\u00a0hizo\u00a0<a href=\"https:\/\/www.state.gov\/reports\/2016-country-reports-on-human-rights-practices\/ukraine\/\" target=\"_blank\" rel=\"noopener\">comentarios<\/a>\u00a0sobre estos aspectos preocupantes de las fuerzas de seguridad ucranianas:<\/span><\/p>\n<p style=\"text-align: justify;\"><span style=\"font-size: 14pt;\"> \u201c<em>La ONU ha se\u00f1alado importantes deficiencias en las investigaciones sobre abusos de derechos humanos cometidos por fuerzas de seguridad gubernamentales<\/em>\u00a0(\u2026)\u00a0<em>en alegaciones de tortura, desapariciones forzadas, detenci\u00f3n arbitraria y otros abusos que se ha informado los cometi\u00f3 el Servicio de Seguridad de Ucrania (SBU)<\/em>\u201d.<\/span><\/p>\n<p style=\"text-align: justify;\"><span style=\"font-size: 14pt;\"> Estos\u00a0<strong>informes<\/strong>\u00a0est\u00e1n ah\u00ed y, sin embargo, en la actualidad,\u00a0<strong>ning\u00fan medio corporativo occidental se atreve a hacer referencia a ellos. EE.UU y la UE los ha barrido bajo la alfombra<\/strong>\u00a0mientras\u00a0<strong>blanquean<\/strong>\u00a0estos cr\u00edmenes, la mayor parte de los cuales fueron y son cometidos por las\u00a0<strong>unidades militares ultra-nacionalistas de car\u00e1cter neo-nazi<\/strong>.<\/span><\/p>\n<p style=\"text-align: justify;\"><span style=\"font-size: 14pt;\"> Pero es que, adem\u00e1s,\u00a0<strong>Amnist\u00eda Internacional<\/strong>, en un<strong><a href=\"https:\/\/www.amnesty.org\/en\/location\/europe-and-central-asia\/ukraine\/report-ukraine\/\" target=\"_blank\" rel=\"noopener\">\u00a0informe<\/a><\/strong>\u00a0m\u00e1s reciente, se\u00f1alaba:<\/span><\/p>\n<p style=\"text-align: justify;\"><span style=\"font-size: 14pt;\"> \u201c<em>No se ha obtenido ninguna justicia, verdad o reparaci\u00f3n para ninguna de las v\u00edctimas de desaparici\u00f3n forzosa, detenci\u00f3n secreta y tortura del Servicio de Seguridad de Ucrania (SBU) desde 2014 a 2016, y ni uno solo de los perpetradores ha sido juzgado<\/em>\u201d.<\/span><\/p>\n<p style=\"text-align: justify;\"><span style=\"font-size: 14pt;\">Ahora\u00a0<strong>ciertos medios corporativos nos dicen una y otra vez que esto es \u201cdesinformaci\u00f3n rusa\u201d, \u201cpropaganda rusa\u201d, o que ya no es relevante<\/strong>.<\/span><\/p>\n<p style=\"text-align: justify;\"><span style=\"font-size: 14pt;\"><strong>Valentyn Nalyvaichenko<\/strong>, primer jefe del\u00a0<strong>SBU<\/strong>\u00a0tras el\u00a0<strong>Euromaidan<\/strong>, hab\u00eda establecido en el pasado\u00a0<strong>estrechos lazos con Washington<\/strong>. All\u00ed, bajo la administraci\u00f3n de\u00a0<strong>George W. Bush<\/strong>, ejerci\u00f3 como\u00a0<strong>c\u00f3nsul general de la embajada de Ucrania en EE.UU<\/strong>. Durante esa estancia,\u00a0<strong>Nalyvaichenko<\/strong>\u00a0fue presuntamente\u00a0<a href=\"https:\/\/en.topwar.ru\/43842-glava-sbu-nalivaychenko-okazalsya-agentom-cru.html\" target=\"_blank\" rel=\"noopener\">reclutado por la CIA<\/a>, seg\u00fan declaraciones de su predecesor en el cargo,\u00a0<strong>Alexander Yakimenko<\/strong>.<\/span><\/p>\n<p style=\"text-align: justify;\"><span style=\"font-size: 14pt;\"> En\u00a0<strong>2018<\/strong>, un ex-consejero del\u00a0<strong>SBU<\/strong>, ex-diputado de la\u00a0<strong>Rada<\/strong>\u00a0y miembro del partido nacionalista de extrema derecha\u00a0<strong>Svoboda<\/strong>,\u00a0<strong>Yuri Michalchyshyn<\/strong>,\u00a0<a href=\"https:\/\/thesaker.is\/a-disturbing-trend-in-the-ukraine\/\" target=\"_blank\" rel=\"noopener\">propugnaba<\/a>:<\/span><\/p>\n<p style=\"text-align: justify;\"><span style=\"font-size: 14pt;\"><em>Total exterminio de los buitres y demonios del Kremlin, de los traidores locales y chaqueteros, de quienes voluntariamente los apoyan y de sus c\u00f3mplices -en lugar de \u2018reconciliaci\u00f3n\u2019 con traidores de la madre patria y enemigos del pueblo ucraniano<\/em>\u201d.<\/span><\/p>\n<p style=\"text-align: justify;\"><span style=\"font-size: 14pt;\">En un pa\u00eds que incluso el\u00a0<strong>New York Times<\/strong>\u00a0<a href=\"https:\/\/www.nytimes.com\/2016\/04\/01\/opinion\/ukraines-unyielding-corruption.html\" target=\"_blank\" rel=\"noopener\">describi\u00f3<\/a>\u00a0como una \u201c<strong><em>ci\u00e9naga de corrupci\u00f3n<\/em><\/strong>\u201d, convertido en\u00a0<strong>el m\u00e1s pobre de Europa<\/strong>, con un\u00a0<strong>desempleo<\/strong>\u00a0e\u00a0<strong>inflaci\u00f3n<\/strong>\u00a0galopantes, devaluaci\u00f3n de la moneda,\u00a0<strong>eliminaci\u00f3n de los programas sociales<\/strong>, deterioro de la sanidad y otro tipo de privaciones que\u00a0<strong>empujaron a millones de trabajadores emigrar<\/strong>, lleg\u00f3 en\u00a0<strong>2019<\/strong>\u00a0la\u00a0<strong>convocatoria de nuevas elecciones generales<\/strong>, de las que un popular c\u00f3mico,\u00a0<strong>Vlodymyr Zelensky<\/strong>\u00a0sal\u00eda victorioso.<\/span><\/p>\n<p style=\"text-align: justify;\"><span style=\"font-size: 14pt;\"> La\u00a0<strong>campa\u00f1a presidencial de Zelensky<\/strong>\u00a0fue\u00a0<a href=\"https:\/\/pete843.substack.com\/p\/zelensky-and-kolomoisky?s=r\" target=\"_blank\" rel=\"noopener\">promovida y financiada<\/a>\u00a0por el\u00a0<strong>oligarca jud\u00edo Igor Kolomoisky<\/strong>. La fortuna de este\u00a0<strong>ucraniano-israel\u00ed<\/strong>, que tambi\u00e9n tiene pasaporte chipriota, est\u00e1 entre las tres primeras de\u00a0<strong>Ucrania<\/strong>.\u00a0<strong>Kolomoisky<\/strong>\u00a0fue, adem\u00e1s, uno de los principales\u00a0<strong>impulsores del Euromaidan<\/strong>\u00a0de 2014.<\/span><\/p>\n<p style=\"text-align: justify;\"><span style=\"font-size: 14pt;\">Desde que en ese mismo a\u00f1o se iniciara el conflicto del\u00a0<strong>Donbass<\/strong>, se cree que\u00a0<strong>Kolomoisky<\/strong>\u00a0gast\u00f3 en torno a 10 millones de d\u00f3lares en la creaci\u00f3n del\u00a0<strong>Batall\u00f3n Dnipro<\/strong>\u00a0-tambi\u00e9n conocido como el \u201c<strong>Batall\u00f3n Kolomoisky<\/strong>\u201d- e hizo sustanciosas\u00a0<strong>donaciones<\/strong>\u00a0a los neo-nazis\u00a0<strong>Sector Derecho<\/strong>\u00a0y\u00a0<strong>Batall\u00f3n Azov<\/strong>.<\/span><\/p>\n<p style=\"text-align: justify;\"><span style=\"font-size: 14pt;\">El poder econ\u00f3mico de\u00a0<strong>Kolomoisky<\/strong>\u00a0deriva en parte de haberse hecho con las mayores\u00a0<strong>reservas de gas natural<\/strong>\u00a0de\u00a0<strong>Ucrania<\/strong>. Un\u00a0<strong><a href=\"https:\/\/archive.ph\/HYr3k\" target=\"_blank\" rel=\"noopener\">estudio<\/a><\/strong>\u00a0de 2012 realizado por el<strong>\u00a0Centro de Acci\u00f3n Anti-Corrupci\u00f3n<\/strong>\u00a0-ONG financiada por el multimillonario\u00a0<strong>George Soros<\/strong>\u00a0y el\u00a0<strong>Departamento de Estado de EE.UU<\/strong>-, hall\u00f3 que el verdadero propietario de\u00a0<strong>Burisma Holdings<\/strong>, la compa\u00f1\u00eda de gas ucraniana en cuyo consejo de administraci\u00f3n\u00a0<strong>Joe Biden<\/strong>\u00a0<a href=\"https:\/\/greatgameindia.com\/hunter-biden-zelensky-neo-nazi\/\" target=\"_blank\" rel=\"noopener\">puso a su hijo<\/a>\u00a0<strong>Hunter<\/strong>, no era otro que\u00a0<strong>Kolomoisky<\/strong>.<\/span><\/p>\n<p style=\"text-align: justify;\"><span style=\"font-size: 14pt;\">En\u00a0<strong>2019<\/strong>,\u00a0<strong>Kolomoisky<\/strong>\u00a0apost\u00f3, en efecto, por el candidato\u00a0<strong>Volodymyr Zelensky<\/strong>\u00a0para las elecciones presidenciales. Ya previamente lo hab\u00eda hecho famoso por un\u00a0<strong>show televisivo<\/strong>, de un canal propiedad de\u00a0<strong>Kolomoisky<\/strong>, en el que representaba el papel de presidente. Despu\u00e9s lo fue de verdad. Visto en retrospectiva, se trata de\u00a0<strong>una obra maestra de ingenier\u00eda social<\/strong>.<\/span><\/p>\n<p style=\"text-align: justify;\"><span style=\"font-size: 14pt;\"><strong>Zelensky<\/strong>, que tambi\u00e9n ten\u00eda su propia productora televisiva, fue elegido con un\u00a0<strong>programa electoral<\/strong>\u00a0cuyos principales puntos eran la\u00a0<strong>lucha contra la corrupci\u00f3n<\/strong>\u00a0y el\u00a0<strong>cese de las hostilidades con Rusia<\/strong>. Estaba dispuesto a poner en pr\u00e1ctica la llama\u00a0<strong>F\u00f3rmula Steinmeier<\/strong>, concebida por el entonces Ministro de Exteriores alem\u00e1n,\u00a0<strong>Walter Steinmeier<\/strong>, que abogaba por celebrar\u00a0<strong>elecciones en las regiones ruso-parlantes de Donetsk y Lugansk (Donbass)<\/strong>\u00a0y acabar v\u00eda\u00a0<a href=\"https:\/\/canarias-semanal.org\/art\/25087\/ucrania-vota-contra-el-euromaidan\" target=\"_blank\" rel=\"noopener\"><strong>diplomacia<\/strong><\/a>\u00a0con el conflicto.<\/span><\/p>\n<p style=\"text-align: justify;\"><span style=\"font-size: 14pt;\">Puede parecer extra\u00f1o que\u00a0<strong>Kolomoisky<\/strong>\u00a0apoyara a un candidato con tal programa, pues se sabe que\u00a0<strong>se opon\u00eda firmemente a la pacificaci\u00f3n del Donbass<\/strong>. Sin embargo, las generosas donaciones que hizo a su campa\u00f1a no eran gratis. Es muy posible que tras la\u00a0<strong>oposici\u00f3n de los batallones neo-nazis a la pacificaci\u00f3n del Donbass<\/strong>, con la que se top\u00f3\u00a0<strong>Zelensky<\/strong>\u00a0y\u00a0<strong>ante la que cedi\u00f3<\/strong>\u00a0finalmente -como\u00a0<strong><a href=\"https:\/\/canarias-semanal.org\/art\/32289\/de-como-el-presidente-judio-de-ucrania-hizo-las-paces-con-neo-nazis\" target=\"_blank\" rel=\"noopener\">informamos\u00a0<\/a><\/strong>en este medio-, estuviese\u00a0<strong>la mano de Kolomoisky<\/strong>.<\/span><\/p>\n<p style=\"text-align: justify;\"><span style=\"font-size: 14pt;\">A pesar de su alegada cruzada anti-corrupci\u00f3n,\u00a0<strong>Zelensky\u00a0<\/strong>junto a miembros de su c\u00edrculo \u00edntimo, especialmente los socios de su propio canal de TV, y\u00a0<strong>Kolomoisky<\/strong>\u00a0<a href=\"https:\/\/archive.ph\/Xmoxl\" target=\"_blank\" rel=\"noopener\">aparecen en los\u00a0<strong>Papeles de Pandora<\/strong><\/a>\u00a0como beneficiarios de una\u00a0<strong>red de firmas en para\u00edsos fiscales<\/strong>\u00a0creadas en 2012, el mismo a\u00f1o en que la productora de\u00a0<strong>Zelensky\u00a0<\/strong>entr\u00f3 en tratos con el grupo medi\u00e1tico del oligarca\u00a0<strong>Kolomoisky<\/strong>.<\/span><\/p>\n<p style=\"text-align: justify;\"><span style=\"font-size: 14pt;\">Seg\u00fan el\u00a0<strong>Foro por la Democracia<\/strong>, uno de los principales partidos pol\u00edticos de los\u00a0<strong>Pa\u00edses Bajos<\/strong>, \u200eel presidente\u00a0<strong>Zelenski<\/strong>\u00a0dispone actualmente de una\u00a0<a href=\"https:\/\/www.voltairenet.org\/article216623.html\" target=\"_blank\" rel=\"noopener\"><strong>fortuna personal<\/strong><\/a>\u00a0que \u200ese eleva a\u00a0<strong>850 millones de d\u00f3lares<\/strong>. \u200eTiene fondos en varios bancos europeos y de Costa Rica, una villa en Miami y varios pisos en Londres.<\/span><\/p>\n<p style=\"text-align: justify;\"><span style=\"font-size: 14pt;\">En 2021,\u00a0<strong>Zelensky<\/strong>\u00a0<a href=\"https:\/\/thegrayzone.com\/2022\/04\/17\/traitor-zelensky-assassination-kidnapping-arrest-political-opposition\/\" target=\"_blank\" rel=\"noopener\">nombraba<\/a>\u00a0a\u00a0<strong>Oleksander Poklad<\/strong>\u00a0para dirigir la\u00a0<strong>divisi\u00f3n de contra-inteligencia del SBU<\/strong>. A\u00a0<strong>Poklad\u00a0<\/strong>lo apodan \u201c<strong><em>El Estrangulador<\/em><\/strong>\u201d por su reputaci\u00f3n como\u00a0<strong>torturador<\/strong>\u00a0y los juegos sucios que emplea para acusar de traici\u00f3n a los rivales pol\u00edticos de su jefe.<\/span><\/p>\n<p style=\"text-align: justify;\"><span style=\"font-size: 14pt;\"> Tras la\u00a0<strong>intervenci\u00f3n militar de Rusia en Ucrania<\/strong>, en abril de 2022, se pudo comprobar la brutalidad del\u00a0<strong>SBU<\/strong>\u00a0en un\u00a0<strong><a href=\"https:\/\/twitter.com\/VeraVanHorne\/status\/1511301270820343809?ref_src=twsrc%5Etfw%7Ctwcamp%5Etweetembed%7Ctwterm%5E1511301270820343809%7Ctwgr%5E%7Ctwcon%5Es1_&amp;ref_url=https%3A%2F%2Fthegrayzone.com%2F2022%2F04%2F17%2Ftraitor-zelensky-assassination-kidnapping-arrest-political-opposition%2F\" target=\"_blank\" rel=\"noopener\">v\u00eddeo<\/a><\/strong>\u00a0que muestra a sus\u00a0<strong>agentes golpeando brutalmente a un grupo de civiles<\/strong>\u00a0acusados de simpat\u00edas rusas en la ciudad de\u00a0<strong>Dnipro<\/strong>.<\/span><\/p>\n<p style=\"text-align: justify;\"><span style=\"font-size: 14pt;\">En el mismo mes, un <strong>canal de Telegram pro-ucraniano<\/strong>\u00a0llamado\u00a0<em><strong>fckrussia2022<\/strong><\/em>\u00a0public\u00f3 unas\u00a0<a href=\"https:\/\/thegrayzone.com\/2022\/04\/17\/traitor-zelensky-assassination-kidnapping-arrest-political-opposition\/\" target=\"_blank\" rel=\"noopener\">fotos<\/a>\u00a0en las que se ve a un joven\u00a0<strong>soldado ruso<\/strong>\u00a0con un\u00a0<strong>ojo vendado<\/strong>,\u00a0<strong>que le hab\u00edan sacado durante la tortura<\/strong>, al que llamaban \u201c<em>cerdo tuerto<\/em>\u201d. Despu\u00e9s\u00a0<strong>lo mataron<\/strong>\u00a0y la foto de su cad\u00e1ver la titularon \u00ab<em>Buscando nazis<\/em>\u00ab. Recordemos que\u00a0<strong>la ejecuci\u00f3n de prisioneros est\u00e1 contemplada en el la Convenci\u00f3n de Ginebra como crimen de guerra<\/strong>.<\/span><\/p>\n<figure id=\"attachment_2247335\" aria-describedby=\"caption-attachment-2247335\" style=\"width: 330px\" class=\"wp-caption alignright\"><img loading=\"lazy\" decoding=\"async\" class=\"wp-image-2247335\" src=\"https:\/\/puntocritico.com\/ausajpuntocritico\/wp-content\/uploads\/2022\/05\/9688_6705_mamulashvili-con-carolyn-maloney-en-marzo-de-2018-1.jpg\" alt=\"\" width=\"330\" height=\"399\" data-id=\"2247335\" srcset=\"https:\/\/puntocritico.com\/ausajpuntocritico\/wp-content\/uploads\/2022\/05\/9688_6705_mamulashvili-con-carolyn-maloney-en-marzo-de-2018-1.jpg 450w, https:\/\/puntocritico.com\/ausajpuntocritico\/wp-content\/uploads\/2022\/05\/9688_6705_mamulashvili-con-carolyn-maloney-en-marzo-de-2018-1-248x300.jpg 248w\" sizes=\"auto, (max-width: 330px) 100vw, 330px\" \/><figcaption id=\"caption-attachment-2247335\" class=\"wp-caption-text\"><span style=\"color: #008000;\">Mamulashvili con Carolyn Maloney, en marzo de 2018<\/span><\/figcaption><\/figure>\n<p style=\"text-align: justify;\"><span style=\"font-size: 14pt;\"> Otro notorio\u00a0<strong>criminal de guerra<\/strong>\u00a0es el comandante de la\u00a0<strong>Legi\u00f3n Georgiana<\/strong>,\u00a0<strong>Mamula Mamulashvili<\/strong>, que particip\u00f3 en una serie de\u00a0<strong>ejecuciones de soldados rusos heridos<\/strong>\u00a0<a href=\"https:\/\/thegrayzone.com\/2022\/04\/08\/lawmakers-georgian-warlord-war-crimes-ukraine\/\" target=\"_blank\" rel=\"noopener\">jact\u00e1ndose<\/a>\u00a0de ello: \u201c<em>S\u00ed, les atamos las manos y los pies a veces. Ni uno solo ser\u00e1 hecho prisionero<\/em>\u201d.<\/span><\/p>\n<p style=\"text-align: justify;\"><span style=\"font-size: 14pt;\">A pesar de que\u00a0<strong>hay informes que lo vinculan a la masacre de 49 manifestantes en la plaza del Maidan<\/strong>\u00a0de\u00a0<strong>Kiev\u00a0<\/strong>en 2014,\u00a0<strong>Mamulashvili<\/strong>\u00a0hizo\u00a0<a href=\"https:\/\/thegrayzone.com\/2022\/04\/08\/lawmakers-georgian-warlord-war-crimes-ukraine\/\" target=\"_blank\" rel=\"noopener\">varios\u00a0<strong>viajes a EE.UU<\/strong><\/a>, donde miembros del\u00a0<strong>Congreso<\/strong>, y el\u00a0<strong>Departamento de Polic\u00eda<\/strong>\u00a0de\u00a0<strong>Nueva York<\/strong>\u00a0le dieron una calurosa acogida.<\/span><\/p>\n<p style=\"text-align: justify;\"><span style=\"font-size: 14pt;\"><strong>Zelensky<\/strong>\u00a0<a href=\"https:\/\/en.interfax.com.ua\/news\/general\/640774.html\" target=\"_blank\" rel=\"noopener\">ha descrito<\/a>\u00a0los\u00a0<strong>asesinados del Maidan<\/strong>\u00a0como \u201c<em>el caso m\u00e1s complicado de nuestro pa\u00eds<\/em>\u201d, se\u00f1alando que la escena del crimen fue manipulada y los documentos han desaparecido misteriosamente; mientras que para el\u00a0<strong>Atlantic Council<\/strong>\u00a0&#8211;<em>think tank<\/em>\u00a0financiado por la\u00a0<strong>OTAN<\/strong>&#8211; son un\u00a0<a href=\"https:\/\/www.atlanticcouncil.org\/blogs\/ukrainealert\/unsolved-maidan-massacre-casts-shadow-over-ukraine\/\" target=\"_blank\" rel=\"noopener\">asunto \u201c<em>irresuelto<\/em>\u201d<\/a>\u00a0y seg\u00fan la\u00a0<strong>ONU<\/strong>\u00a0\u201c<a href=\"https:\/\/ukraine.un.org\/en\/90307-six-years-after-killings-ukraine-justice-remains-elusive\" target=\"_blank\" rel=\"noopener\"><em>se ha esquivado la justicia<\/em><\/a>\u201d.<\/span><\/p>\n<p style=\"text-align: justify;\"><span style=\"font-size: 14pt;\">Hoy algunos investigadores apuntan a\u00a0<strong>Mamulshvili y sus legionarios georgianos\u00a0<\/strong>como\u00a0<strong>principales sospechosos\u00a0<\/strong><strong>en las misteriosas muertes<\/strong>.\u00a0<strong>Ivan Katchanovski<\/strong>, profesor de ciencias pol\u00edticas de la\u00a0<strong>Universidad de Ottawa<\/strong>, es uno de los que creen que fueron probablemente los aliados de<strong>\u00a0Mamulashvili\u00a0<\/strong>quienes dispararon contra los manifestantes desde los edificios de la<strong>\u00a0plaza Maidan<\/strong>, provocando el\u00a0<strong>derramamiento de sangre<\/strong>\u00a0que los medios occidentales achacaron al presidente\u00a0<strong>Viktor Yanukovich<\/strong>.<\/span><\/p>\n<p style=\"text-align: justify;\"><span style=\"font-size: 14pt;\">Como el periodista\u00a0<strong>Alexander Rubinstein<\/strong>\u00a0<a href=\"https:\/\/thegrayzone.com\/2022\/03\/30\/us-veteran-fight-ukraine-suicide-mission\/\" target=\"_blank\" rel=\"noopener\">inform\u00f3<\/a>\u00a0recientemente, hay\u00a0<strong>fotos<\/strong>\u00a0publicadas por\u00a0<strong>Mamulashvili<\/strong>\u00a0en su p\u00e1gina de\u00a0<strong>Facebook<\/strong>\u00a0en las que se le ve dentro del\u00a0<strong>Capitolio<\/strong>\u00a0roz\u00e1ndose el codo con algunas primeras figuras del\u00a0<strong>Comit\u00e9 de Relaciones Exteriores del Congreso<\/strong>. Otras fotos le muestran en su visita a las\u00a0<strong>oficinas del Senado<\/strong>, incluida la de la senadora\u00a0<strong>Dianne Feinstein<\/strong>, ex-presidenta del\u00a0<strong>Comit\u00e9 de Inteligencia<\/strong>, y la de\u00a0<strong>Kristen Gilibrand<\/strong>, miembro actual de dicho Comit\u00e9 y de los\u00a0<strong>Servicios Armados del Senado<\/strong>.<\/span><\/p>\n<p style=\"text-align: justify;\"><span style=\"font-size: 14pt;\">Entre viaje y viaje a\u00a0<strong>EE.UU<\/strong>,\u00a0<strong>Mamulashvili<\/strong>\u00a0construy\u00f3\u00a0<strong>tres bases de entrenamiento en Ucrania<\/strong>\u00a0y reclut\u00f3 a cientos de combatientes. En algunas fotos que puso en su\u00a0<a href=\"https:\/\/www.facebook.com\/photo\/?fbid=10221022312333992&amp;set=pb.1427902813.-2207520000..\" target=\"_blank\" rel=\"noopener\"><strong>Facebook<\/strong><\/a>\u00a0se ve a sus subordinados\u00a0<strong>entrenando a ni\u00f1os<\/strong>\u00a0para combatir a Rusia. La pr\u00e1ctica de usar ni\u00f1os para la guerra tambi\u00e9n\u00a0<a href=\"https:\/\/www.youtube.com\/watch?v=jiBXmbkwiSw\" target=\"_blank\" rel=\"noopener\">la cultiva<\/a>\u00a0el\u00a0<strong>Batall\u00f3n Azov<\/strong>.<\/span><\/p>\n<p>&nbsp;<\/p>\n<figure id=\"attachment_2247336\" aria-describedby=\"caption-attachment-2247336\" style=\"width: 670px\" class=\"wp-caption aligncenter\"><img loading=\"lazy\" decoding=\"async\" class=\"size-full wp-image-2247336\" src=\"https:\/\/puntocritico.com\/ausajpuntocritico\/wp-content\/uploads\/2022\/05\/1822_soldado.jpg\" alt=\"\" width=\"670\" height=\"377\" data-id=\"2247336\" srcset=\"https:\/\/puntocritico.com\/ausajpuntocritico\/wp-content\/uploads\/2022\/05\/1822_soldado.jpg 670w, https:\/\/puntocritico.com\/ausajpuntocritico\/wp-content\/uploads\/2022\/05\/1822_soldado-300x169.jpg 300w, https:\/\/puntocritico.com\/ausajpuntocritico\/wp-content\/uploads\/2022\/05\/1822_soldado-610x343.jpg 610w\" sizes=\"auto, (max-width: 670px) 100vw, 670px\" \/><figcaption id=\"caption-attachment-2247336\" class=\"wp-caption-text\"><span style=\"color: #008000;\">Exposici\u00f3n de un soldado ruso torturado y asesinado<\/span><\/figcaption><\/figure>\n<p>&nbsp;<\/p>\n<p style=\"text-align: justify;\"><span style=\"font-size: 14pt;\">En marzo pasado, el periodista\u00a0<strong>Alex Rubinstein<\/strong>\u00a0entrevist\u00f3 a\u00a0<strong>Henry Hoeft<\/strong>, veterano de guerra estadounidense, que acudi\u00f3 al llamamiento de\u00a0<strong>Zelensky\u00a0<\/strong>para integrar las fuerzas armadas contra Rusia, se alist\u00f3 como\u00a0<strong>voluntario en la Legi\u00f3n Georgiana<\/strong>.\u00a0<strong>Hoeft<\/strong>\u00a0<a href=\"https:\/\/thegrayzone.com\/2022\/03\/30\/us-veteran-fight-ukraine-suicide-mission\/\" target=\"_blank\" rel=\"noopener\">dijo\u00a0<\/a>que miembros de esta legi\u00f3n\u00a0<strong>le amenazaron con matarlo<\/strong>\u00a0cuando se neg\u00f3 a ir al frente sin armas. No es el \u00fanico caso. Hay testimonios similares de voluntarios de otros pa\u00edses.<\/span><\/p>\n<p style=\"text-align: justify;\"><span style=\"font-size: 14pt;\"><strong>Henry Hoeft<\/strong>\u00a0tambi\u00e9n recordaba c\u00f3mo unos\u00a0<strong>legionarios georgianos<\/strong>\u00a0cubrieron con bolsas las cabezas de dos hombres que se saltaron un puesto de control y los ejecutaron all\u00ed mismo acus\u00e1ndolos de ser esp\u00edas de\u00a0<strong>Rusia<\/strong>.<\/span><\/p>\n<p style=\"text-align: justify;\"><span style=\"font-size: 14pt;\">Otra fuente poco sospechosa de estar a sueldo del Kremlin, el\u00a0<strong>coronel estadounidense Richard Black<\/strong>, republicano, que sirvi\u00f3 31 a\u00f1os en los\u00a0<strong>Marines<\/strong>, en una\u00a0<a href=\"https:\/\/schillerinstitute.com\/blog\/2022\/04\/26\/video-col-richard-black-u-s-leading-world-to-nuclear-war\/\" target=\"_blank\" rel=\"noopener\">reciente entrevista<\/a>\u00a0reconoce abiertamente que la\u00a0<strong>guerra entre Ucrania y Rusia<\/strong>, incluso la medi\u00e1tica, es, en realidad,\u00a0<strong>una guerra entre EE.UU y Rusia<\/strong>:<\/span><\/p>\n<p style=\"text-align: justify;\"><span style=\"font-size: 14pt;\">\u201c<em>No creo que Ucrania tenga nada que ver en la decisi\u00f3n sobre la guerra o la paz. Creo que esta decisi\u00f3n la toma Washington D.C. Mientras queramos que la guerra contin\u00fae,<\/em>\u00a0[los EE.UU]\u00a0<em>haremos esa guerra usando a los ucranianos como proxis<\/em>\u00a0[intermediarios]<em>\u00a0y lo haremos hasta que haya muerto el \u00faltimo ucraniano<\/em>\u201d<\/span><\/p>\n<p style=\"text-align: justify;\"><span style=\"font-size: 14pt;\">Y respecto a los\u00a0<strong>cr\u00edmenes de guerra<\/strong>:<\/span><\/p>\n<p style=\"text-align: justify;\"><span style=\"font-size: 14pt;\"> \u201c<em>No digo que no haya habido cr\u00edmenes de guerra en ambos lados. Solo te digo que los \u00fanicos sobre los cuales yo he visto claras e irrefutables pruebas de cr\u00edmenes de guerra han estado en el lado ucraniano<\/em>\u201d.<\/span><\/p>\n<p style=\"text-align: justify;\">\u00a0<\/p>\n<figure id=\"attachment_2245797\" aria-describedby=\"caption-attachment-2245797\" style=\"width: 600px\" class=\"wp-caption aligncenter\"><img loading=\"lazy\" decoding=\"async\" class=\"size-full wp-image-2245797\" src=\"https:\/\/puntocritico.com\/ausajpuntocritico\/wp-content\/uploads\/2022\/04\/f.elconfidencial.com_original_f45_bc6_e57_f45bc6e577b57b9e605acbdf6a1f23c2.jpg\" alt=\"\" width=\"600\" height=\"450\" data-id=\"2245797\" srcset=\"https:\/\/puntocritico.com\/ausajpuntocritico\/wp-content\/uploads\/2022\/04\/f.elconfidencial.com_original_f45_bc6_e57_f45bc6e577b57b9e605acbdf6a1f23c2.jpg 600w, https:\/\/puntocritico.com\/ausajpuntocritico\/wp-content\/uploads\/2022\/04\/f.elconfidencial.com_original_f45_bc6_e57_f45bc6e577b57b9e605acbdf6a1f23c2-300x225.jpg 300w, https:\/\/puntocritico.com\/ausajpuntocritico\/wp-content\/uploads\/2022\/04\/f.elconfidencial.com_original_f45_bc6_e57_f45bc6e577b57b9e605acbdf6a1f23c2-326x245.jpg 326w, https:\/\/puntocritico.com\/ausajpuntocritico\/wp-content\/uploads\/2022\/04\/f.elconfidencial.com_original_f45_bc6_e57_f45bc6e577b57b9e605acbdf6a1f23c2-80x60.jpg 80w\" sizes=\"auto, (max-width: 600px) 100vw, 600px\" \/><figcaption id=\"caption-attachment-2245797\" class=\"wp-caption-text\">Borrell y Von der Leyen, junto a Zelenski en Kiev. (EFE\/EPA\/Presidencia de Ucrania)<\/figcaption><\/figure>\n<p style=\"text-align: center;\"><span style=\"font-size: 18pt;\"><strong><span style=\"color: #008000;\">*******<\/span><\/strong><\/span><\/p>\n<h2 class=\"title style-scope ytd-video-primary-info-renderer\" style=\"text-align: center;\">Los francotiradores que ensangrentaron Maid\u00e1n, \u00bftrabajaban para la oposici\u00f3n Ucraniana?<\/h2>\n<p>&nbsp;<\/p>\n<p><iframe loading=\"lazy\" title=\"\u00bfLos francotiradores que ensangrentaron Maid\u00e1n trabajaban para la oposici\u00f3n ucraniana?\" width=\"500\" height=\"281\" src=\"https:\/\/www.youtube.com\/embed\/CGGzkRH7QyA?feature=oembed\" frameborder=\"0\" allow=\"accelerometer; autoplay; clipboard-write; encrypted-media; gyroscope; picture-in-picture; web-share\" referrerpolicy=\"strict-origin-when-cross-origin\" allowfullscreen><\/iframe><\/p>\n<p style=\"text-align: justify;\"><a href=\"https:\/\/www.youtube.com\/watch?v=CGGzkRH7QyA\" target=\"_blank\" rel=\"noopener\"><span style=\"font-size: 14pt;\">Euronews<\/span><\/a><\/p>\n<blockquote>\n<p style=\"text-align: center;\"><span style=\"font-size: 14pt;\">Entre el 18 y 20 de febrero francotiradores dispararon contra los manifestantes en unos dram\u00e1ticos acontecimientos que dejaron decenas de muertos en Kiev. Las nuevas autoridades culparon a Yanuk\u00f3vich. Pero hay zonas de sombra. <\/span><\/p>\n<p style=\"text-align: center;\"><span style=\"font-size: 14pt;\">En una conversaci\u00f3n filtrada entre el ministro estonio de Asuntos Exteriores y Catherine Ashton, \u00e9ste expresaba sus reservas: \u00bb Es muy preocupante que la nueva coalici\u00f3n en el poder no quiera investigar lo que ocurri\u00f3 exactamente. Lo que alimenta las crecientes sospechas.<\/span><\/p>\n<\/blockquote>\n<p style=\"text-align: center;\"><span style=\"font-size: 18pt;\"><strong><span style=\"color: #008000;\">*******<\/span><\/strong><\/span><\/p>\n<p style=\"text-align: center;\"><span style=\"font-size: 14pt;\"><strong>ART\u00cdCULO DE INTER\u00c9S<\/strong><\/span><\/p>\n<div class=\"title-wrap\">\n<p class=\"entry-title title flipboard-title\" style=\"text-align: center;\"><a href=\"https:\/\/thegrayzone.com\/2022\/04\/08\/lawmakers-georgian-warlord-war-crimes-ukraine\/\" target=\"_blank\" rel=\"noopener\"><strong><span style=\"font-size: 14pt;\">Los legisladores estadounidenses dieron la bienvenida al notorio se\u00f1or de la guerra georgiano que ahora se jacta de cr\u00edmenes de guerra en Ucrania<\/span><\/strong><\/a><\/p>\n<\/div>\n<p>&nbsp;<\/p>\n<figure id=\"attachment_2247567\" aria-describedby=\"caption-attachment-2247567\" style=\"width: 480px\" class=\"wp-caption aligncenter\"><img loading=\"lazy\" decoding=\"async\" class=\"wp-image-2247567\" src=\"https:\/\/puntocritico.com\/ausajpuntocritico\/wp-content\/uploads\/2022\/05\/mamuka-cover-1.webp\" alt=\"\" width=\"480\" height=\"320\" data-id=\"2247567\" srcset=\"https:\/\/puntocritico.com\/ausajpuntocritico\/wp-content\/uploads\/2022\/05\/mamuka-cover-1.webp 770w, https:\/\/puntocritico.com\/ausajpuntocritico\/wp-content\/uploads\/2022\/05\/mamuka-cover-1-300x200.webp 300w, https:\/\/puntocritico.com\/ausajpuntocritico\/wp-content\/uploads\/2022\/05\/mamuka-cover-1-768x512.webp 768w, https:\/\/puntocritico.com\/ausajpuntocritico\/wp-content\/uploads\/2022\/05\/mamuka-cover-1-610x406.webp 610w\" sizes=\"auto, (max-width: 480px) 100vw, 480px\" \/><figcaption id=\"caption-attachment-2247567\" class=\"wp-caption-text\"><span style=\"color: #008000;\">El se\u00f1or de la guerra georgiano y criminal de guerra confeso Mamuka Mamulashvili visita Washington en 2017<\/span><\/figcaption><\/figure>\n<h3 style=\"text-align: center;\"><span style=\"font-size: 18pt;\">\u201cEs necesario crear caos en el Maidan\u201d<\/span><\/h3>\n<p style=\"text-align: center;\"><strong><span style=\"font-size: 14pt;\">\u00abEs necesario crear caos en Maidan, usando armas contra cualquier objetivo, manifestantes y polic\u00edas, no hay diferencia\u00bb<\/span><\/strong><\/p>\n<p style=\"text-align: center;\"><span style=\"font-size: 14pt;\">Los antiguos camaradas de Mamulashvili\u00a0<a href=\"https:\/\/vid1.ria.ru\/ig\/infografika\/golova\/inter_en\/\" target=\"_blank\" rel=\"noopener\">dijeron a los medios rusos<\/a>\u00a0que finalmente les dijo que \u201ces necesario crear caos en Maidan, usando armas contra cualquier objetivo, manifestantes y polic\u00edas, no hay diferencia\u201d.\u00a0<\/span><\/p>\n<blockquote>\n<p style=\"text-align: center;\"><span style=\"font-size: 14pt;\">A medida que la guerra en Ucrania se intensifica y EE. UU. profundiza su compromiso de intensificarla, las principales figuras de la pol\u00edtica exterior en Washington se\u00f1alan con el dedo a Rusia con una mano y, literalmente, estrechan la mano de Mamulashvili, un criminal de guerra declarado, con la otra.<\/span><\/p>\n<\/blockquote>\n<p>&nbsp;<\/p>\n<p><img loading=\"lazy\" decoding=\"async\" class=\"aligncenter size-full wp-image-2246752\" src=\"https:\/\/puntocritico.com\/ausajpuntocritico\/wp-content\/uploads\/2022\/05\/Francotiradores-NAZIS-Maidan.jpg\" alt=\"\" width=\"480\" height=\"360\" data-id=\"2246752\" srcset=\"https:\/\/puntocritico.com\/ausajpuntocritico\/wp-content\/uploads\/2022\/05\/Francotiradores-NAZIS-Maidan.jpg 480w, https:\/\/puntocritico.com\/ausajpuntocritico\/wp-content\/uploads\/2022\/05\/Francotiradores-NAZIS-Maidan-300x225.jpg 300w, https:\/\/puntocritico.com\/ausajpuntocritico\/wp-content\/uploads\/2022\/05\/Francotiradores-NAZIS-Maidan-326x245.jpg 326w, https:\/\/puntocritico.com\/ausajpuntocritico\/wp-content\/uploads\/2022\/05\/Francotiradores-NAZIS-Maidan-80x60.jpg 80w\" sizes=\"auto, (max-width: 480px) 100vw, 480px\" \/><\/p>\n<p style=\"text-align: center;\"><span style=\"color: #008000;\"><strong><span style=\"font-size: 18pt;\">*******<\/span><\/strong><\/span><\/p>\n<p style=\"text-align: justify;\"><span style=\"color: #008000;\"><strong><span style=\"font-size: 14pt;\">2014, tras el Golpe de Estado del \u00abMaidan\u00bb<\/span><\/strong><\/span><\/p>\n<h2 class=\"title style-scope ytd-video-primary-info-renderer\" style=\"text-align: center;\">Donetsk Ucrania, 2014: Tropas se pasan a separatistas<\/h2>\n<div id=\"info\" class=\"style-scope ytd-video-primary-info-renderer\" style=\"text-align: justify;\"><a href=\"https:\/\/www.youtube.com\/watch?v=zACVnX-_eC4\" target=\"_blank\" rel=\"noopener\"><span style=\"font-size: 14pt;\">DW<\/span><\/a><\/div>\n<p>&nbsp;<\/p>\n<p><iframe loading=\"lazy\" title=\"Donetsk Ucrania, tropas se pasan a separatistas\" width=\"500\" height=\"281\" src=\"https:\/\/www.youtube.com\/embed\/zACVnX-_eC4?feature=oembed\" frameborder=\"0\" allow=\"accelerometer; autoplay; clipboard-write; encrypted-media; gyroscope; picture-in-picture; web-share\" referrerpolicy=\"strict-origin-when-cross-origin\" allowfullscreen><\/iframe><\/p>\n<p style=\"text-align: center;\"><span style=\"color: #008000;\"><strong><span style=\"font-size: 18pt;\">*******<\/span><\/strong><\/span><\/p>\n<h2 style=\"text-align: justify;\"><span style=\"font-size: 14pt;\"><strong>RELACIONADOS:<\/strong><\/span><\/h2>\n<blockquote class=\"wp-embedded-content\" data-secret=\"sFrS4c484O\"><p><a href=\"https:\/\/puntocritico.com\/ausajpuntocritico\/2022\/05\/10\/consideraciones-en-torno-al-tratado-de-no-proliferacion-de-armas-nucleares\/\">ARMAMENTO NUCLEAR (y 2): \u00abMininukes\u00bb y nuevas armas nucleares de bajo rendimiento. CONSIDERACIONES EN TORNO AL \u201cTRATADO DE NO PROLIFERACION DE ARMAS NUCLEARES\u201d (TNP).<\/a><\/p><\/blockquote>\n<p><iframe loading=\"lazy\" class=\"wp-embedded-content\" sandbox=\"allow-scripts\" security=\"restricted\" style=\"position: absolute; clip: rect(1px, 1px, 1px, 1px);\" title=\"\u00abARMAMENTO NUCLEAR (y 2): \u00abMininukes\u00bb y nuevas armas nucleares de bajo rendimiento. CONSIDERACIONES EN TORNO AL \u201cTRATADO DE NO PROLIFERACION DE ARMAS NUCLEARES\u201d (TNP).\u00bb \u2014 Punto Cr\u00edtico Derechos Humanos\" src=\"https:\/\/puntocritico.com\/ausajpuntocritico\/2022\/05\/10\/consideraciones-en-torno-al-tratado-de-no-proliferacion-de-armas-nucleares\/embed\/#?secret=zQsP96lFOa#?secret=sFrS4c484O\" data-secret=\"sFrS4c484O\" width=\"500\" height=\"282\" frameborder=\"0\" marginwidth=\"0\" marginheight=\"0\" scrolling=\"no\"><\/iframe><\/p>\n<blockquote class=\"wp-embedded-content\" data-secret=\"mMuvzxi9Sh\"><p><a href=\"https:\/\/puntocritico.com\/ausajpuntocritico\/2022\/05\/09\/manifiesto-russell-einstein-las-armas-de-destruccion-masiva-y-la-disuasion-nuclear\/\">ARMAMENTO NUCLEAR (1): LAS ARMAS DE DESTRUCCION MASIVA Y LA DISUASION NUCLEAR: Manifiesto Russell-Einstein: \u00abUna declaraci\u00f3n sobre armas nucleares\u00bb<\/a><\/p><\/blockquote>\n<p><iframe loading=\"lazy\" class=\"wp-embedded-content\" sandbox=\"allow-scripts\" security=\"restricted\" style=\"position: absolute; clip: rect(1px, 1px, 1px, 1px);\" title=\"\u00abARMAMENTO NUCLEAR (1): LAS ARMAS DE DESTRUCCION MASIVA Y LA DISUASION NUCLEAR: Manifiesto Russell-Einstein: \u00abUna declaraci\u00f3n sobre armas nucleares\u00bb\u00bb \u2014 Punto Cr\u00edtico Derechos Humanos\" src=\"https:\/\/puntocritico.com\/ausajpuntocritico\/2022\/05\/09\/manifiesto-russell-einstein-las-armas-de-destruccion-masiva-y-la-disuasion-nuclear\/embed\/#?secret=wD3zGlT75Z#?secret=mMuvzxi9Sh\" data-secret=\"mMuvzxi9Sh\" width=\"500\" height=\"282\" frameborder=\"0\" marginwidth=\"0\" marginheight=\"0\" scrolling=\"no\"><\/iframe><\/p>\n<p><iframe loading=\"lazy\" class=\"wp-embedded-content\" title=\"\u00abLA GUERRA DE LA DESINFORMACI\u00d3N. New World Order: De la Sostenibilidad a la Guerra At\u00f3mica. \u00abLa Situaci\u00f3n Militar en Ucrania\u00bb, por Jacques Baud.\u00bb \u2014 Punto Cr\u00edtico Derechos Humanos\" src=\"https:\/\/puntocritico.com\/ausajpuntocritico\/2022\/04\/25\/de-la-sostenibilidad-a-la-guerra-atomica\/embed\/#?secret=wX03XTxFiK#?secret=q6AFa9WfxB\" width=\"600\" height=\"606\" frameborder=\"0\" marginwidth=\"0\" marginheight=\"0\" scrolling=\"no\" sandbox=\"allow-scripts\" data-secret=\"q6AFa9WfxB\" data-mce-fragment=\"1\"><\/iframe><\/p>\n<p><iframe loading=\"lazy\" class=\"wp-embedded-content\" title=\"\u00abEL PROBLEMA NEONAZI EN UCRANIA (que se est\u00e1 convirtiendo en el problema de Europa): El Silogismo Perverso: Putin es malo, luego, los Neonazis son buenos.\u00bb \u2014 Punto Cr\u00edtico Derechos Humanos\" src=\"https:\/\/puntocritico.com\/ausajpuntocritico\/2022\/04\/26\/el-problema-neonazi-en-ucrania\/embed\/#?secret=yzrLzsbFJa#?secret=tyoiukXmRh\" width=\"600\" height=\"634\" frameborder=\"0\" marginwidth=\"0\" marginheight=\"0\" scrolling=\"no\" sandbox=\"allow-scripts\" data-secret=\"tyoiukXmRh\" data-mce-fragment=\"1\"><\/iframe><\/p>\n<blockquote class=\"wp-embedded-content\" data-secret=\"r6a2WDGaWj\">\n<p><a href=\"https:\/\/puntocritico.com\/ausajpuntocritico\/2022\/04\/30\/revealing-ukraine-oliver-stone-2019\/\">\u00abRevealing Ukraine\u00bb (Oliver Stone, 2019). \u00abUCRANIA Y LA VOZ DE LA INTELIGENCIA: El ejemplo de Jacques Baud\u00bb, por Jorge Cachinero.<\/a><\/p>\n<\/blockquote>\n<p><iframe loading=\"lazy\" class=\"wp-embedded-content\" title=\"\u00ab\u00abRevealing Ukraine\u00bb (Oliver Stone, 2019). \u00abUCRANIA Y LA VOZ DE LA INTELIGENCIA: El ejemplo de Jacques Baud\u00bb, por Jorge Cachinero.\u00bb \u2014 Punto Cr\u00edtico Derechos Humanos\" src=\"https:\/\/puntocritico.com\/ausajpuntocritico\/2022\/04\/30\/revealing-ukraine-oliver-stone-2019\/embed\/#?secret=XSRPY3Pqb1#?secret=r6a2WDGaWj\" width=\"600\" height=\"338\" frameborder=\"0\" marginwidth=\"0\" marginheight=\"0\" scrolling=\"no\" sandbox=\"allow-scripts\" data-secret=\"r6a2WDGaWj\" data-mce-fragment=\"1\"><\/iframe><\/p>\n<p><iframe loading=\"lazy\" class=\"wp-embedded-content\" title=\"\u00abUCRANIA Y HUNTER BIDEN. Laboratorios biol\u00f3gicos y ordenadores port\u00e1tiles\u00bb \u2014 Punto Cr\u00edtico Derechos Humanos\" src=\"https:\/\/puntocritico.com\/ausajpuntocritico\/2022\/04\/11\/ucrania-y-hunter-biden-laboratorios-biologicos-y-ordenadores-portatiles\/embed\/#?secret=OS4EdZVZCR#?secret=9fBt0KluDM\" width=\"600\" height=\"598\" frameborder=\"0\" marginwidth=\"0\" marginheight=\"0\" scrolling=\"no\" sandbox=\"allow-scripts\" data-secret=\"9fBt0KluDM\" data-mce-fragment=\"1\"><\/iframe><\/p>\n<blockquote class=\"wp-embedded-content\" data-secret=\"cofBbyNJDE\">\n<p><a href=\"https:\/\/puntocritico.com\/ausajpuntocritico\/2022\/04\/07\/ucrania-un-pais-de-oligarcas\/\">Ucrania, un pa\u00eds de oligarcas: De la Corrupci\u00f3n a la Guerra.<\/a><\/p>\n<\/blockquote>\n<p><iframe loading=\"lazy\" class=\"wp-embedded-content\" title=\"\u00abUcrania, un pa\u00eds de oligarcas: De la Corrupci\u00f3n a la Guerra.\u00bb \u2014 Punto Cr\u00edtico Derechos Humanos\" src=\"https:\/\/puntocritico.com\/ausajpuntocritico\/2022\/04\/07\/ucrania-un-pais-de-oligarcas\/embed\/#?secret=IGrj8Ky1Iy#?secret=cofBbyNJDE\" width=\"600\" height=\"338\" frameborder=\"0\" marginwidth=\"0\" marginheight=\"0\" scrolling=\"no\" sandbox=\"allow-scripts\" data-secret=\"cofBbyNJDE\" data-mce-fragment=\"1\"><\/iframe><\/p>\n<blockquote class=\"wp-embedded-content\" data-secret=\"Eaifstj7d2\">\n<p><a href=\"https:\/\/puntocritico.com\/ausajpuntocritico\/2022\/04\/09\/secretos-de-estado\/\">\u00abSECRETOS DE ESTADO\u00bb, (\u00abOfficial Secrets\u00bb, pel\u00edcula de Gavin Hood, 2019; basada en hechos reales). LA GUERRA DE IRAK: MENTIRAS DE DESTRUCCI\u00d3N MASIVA: La conocida estrategia de EE.UU. para iniciar guerras.<\/a><\/p>\n<\/blockquote>\n<p><iframe loading=\"lazy\" class=\"wp-embedded-content\" title=\"\u00ab\u00abSECRETOS DE ESTADO\u00bb, (\u00abOfficial Secrets\u00bb, pel\u00edcula de Gavin Hood, 2019; basada en hechos reales). LA GUERRA DE IRAK: MENTIRAS DE DESTRUCCI\u00d3N MASIVA: La conocida estrategia de EE.UU. para iniciar guerras.\u00bb \u2014 Punto Cr\u00edtico Derechos Humanos\" src=\"https:\/\/puntocritico.com\/ausajpuntocritico\/2022\/04\/09\/secretos-de-estado\/embed\/#?secret=oq02kqFos7#?secret=Eaifstj7d2\" width=\"600\" height=\"338\" frameborder=\"0\" marginwidth=\"0\" marginheight=\"0\" scrolling=\"no\" sandbox=\"allow-scripts\" data-secret=\"Eaifstj7d2\" data-mce-fragment=\"1\"><\/iframe><\/p>\n<blockquote class=\"wp-embedded-content\" data-secret=\"QECuzFna0g\">\n<p><a href=\"https:\/\/puntocritico.com\/ausajpuntocritico\/2022\/04\/05\/zelenskyelfoton\/\">ZELENSKY, UN FOT\u00d3N EMANCIPADO. \u00abServidor del Pueblo\u00bb, la serie de Netflix, con la que Silicon Valley gan\u00f3 las elecciones de Ucrania.<\/a><\/p>\n<\/blockquote>\n<p><iframe loading=\"lazy\" class=\"wp-embedded-content\" title=\"\u00abZELENSKY, UN FOT\u00d3N EMANCIPADO. \u00abServidor del Pueblo\u00bb, la serie de Netflix, con la que Silicon Valley gan\u00f3 las elecciones de Ucrania.\u00bb \u2014 Punto Cr\u00edtico Derechos Humanos\" src=\"https:\/\/puntocritico.com\/ausajpuntocritico\/2022\/04\/05\/zelenskyelfoton\/embed\/#?secret=meb3432BZW#?secret=QECuzFna0g\" width=\"600\" height=\"338\" frameborder=\"0\" marginwidth=\"0\" marginheight=\"0\" scrolling=\"no\" sandbox=\"allow-scripts\" data-secret=\"QECuzFna0g\" data-mce-fragment=\"1\"><\/iframe><\/p>\n<p><iframe loading=\"lazy\" class=\"wp-embedded-content\" title=\"\u00abUCRANIA: EL PRESIDENTE, ZELENSKY, INVOLUCRADO EN LOS \u00abPANDORA PAPERS\u00bb: Las Sociedades en Para\u00edsos Fiscales (\u00abOff-Shore\u00bb) del presidente ucraniano y su c\u00edrculo \u00edntimo.\u00bb \u2014 Punto Cr\u00edtico Derechos Humanos\" src=\"https:\/\/puntocritico.com\/ausajpuntocritico\/2022\/04\/04\/pandora-papers-zelensky\/embed\/#?secret=TyhTnG9Q56#?secret=hsZtoEb4PH\" width=\"600\" height=\"655\" frameborder=\"0\" marginwidth=\"0\" marginheight=\"0\" scrolling=\"no\" sandbox=\"allow-scripts\" data-secret=\"hsZtoEb4PH\" data-mce-fragment=\"1\"><\/iframe><\/p>\n<blockquote class=\"wp-embedded-content\" data-secret=\"N7dVtmEAKR\">\n<p><a href=\"https:\/\/puntocritico.com\/ausajpuntocritico\/2022\/03\/16\/donbass-el-genocidio-cancelado\/\">DONBASS, LA GUERRA OLVIDADA. La CRIMINAL INVASI\u00d3N RUSA de Ucrania, no absuelve a Occidente por su colaboraci\u00f3n con grupos paramilitares fascistas ucranianos, como el Neonazi \u00abBatall\u00f3n Azov\u00bb.<\/a><\/p>\n<\/blockquote>\n<p><iframe loading=\"lazy\" class=\"wp-embedded-content\" title=\"\u00abDONBASS, LA GUERRA OLVIDADA. La CRIMINAL INVASI\u00d3N RUSA de Ucrania, no absuelve a Occidente por su colaboraci\u00f3n con grupos paramilitares fascistas ucranianos, como el Neonazi \u00abBatall\u00f3n Azov\u00bb.\u00bb \u2014 Punto Cr\u00edtico Derechos Humanos\" src=\"https:\/\/puntocritico.com\/ausajpuntocritico\/2022\/03\/16\/donbass-el-genocidio-cancelado\/embed\/#?secret=gIjVls3z3F#?secret=N7dVtmEAKR\" width=\"600\" height=\"338\" frameborder=\"0\" marginwidth=\"0\" marginheight=\"0\" scrolling=\"no\" sandbox=\"allow-scripts\" data-secret=\"N7dVtmEAKR\" data-mce-fragment=\"1\"><\/iframe><\/p>\n<p><iframe loading=\"lazy\" class=\"wp-embedded-content\" title=\"\u00abDONBASS (2018), Documental de Sergei Loznitsa (Ucrania). LA POBLACI\u00d3N ABANDONADA. Extorsionados por las mafias del Independentismo Pro Ruso, mientras son bombardeados por su Gobierno.\u00bb \u2014 Punto Cr\u00edtico Derechos Humanos\" src=\"https:\/\/puntocritico.com\/ausajpuntocritico\/2022\/03\/19\/donbass-2018-documental-de-sergei-loznitsa-ucrania\/embed\/#?secret=3QvhRGenIv#?secret=6nuLH9S0Oc\" width=\"600\" height=\"634\" frameborder=\"0\" marginwidth=\"0\" marginheight=\"0\" scrolling=\"no\" sandbox=\"allow-scripts\" data-secret=\"6nuLH9S0Oc\" data-mce-fragment=\"1\"><\/iframe><\/p>\n<blockquote class=\"wp-embedded-content\" data-secret=\"CImJZTSMi2\">\n<p><a href=\"https:\/\/puntocritico.com\/ausajpuntocritico\/2022\/01\/29\/oliver-stone-ucrania-en-llamas-oliver-stone-ukraine-on-fire-subtitulos-en-espanol-subtitulos-en-espanol-2\/\">UCRANIA EN LLAMAS: Oliver Stone: Ukraine on Fire (Subt\u00edtulos en espa\u00f1ol)<\/a><\/p>\n<\/blockquote>\n<p><iframe loading=\"lazy\" class=\"wp-embedded-content\" title=\"\u00abUCRANIA EN LLAMAS: Oliver Stone: Ukraine on Fire (Subt\u00edtulos en espa\u00f1ol)\u00bb \u2014 Punto Cr\u00edtico Derechos Humanos\" src=\"https:\/\/puntocritico.com\/ausajpuntocritico\/2022\/01\/29\/oliver-stone-ucrania-en-llamas-oliver-stone-ukraine-on-fire-subtitulos-en-espanol-subtitulos-en-espanol-2\/embed\/#?secret=FYOw8Mv21l#?secret=CImJZTSMi2\" width=\"600\" height=\"338\" frameborder=\"0\" marginwidth=\"0\" marginheight=\"0\" scrolling=\"no\" sandbox=\"allow-scripts\" data-secret=\"CImJZTSMi2\" data-mce-fragment=\"1\"><\/iframe><\/p>\n<p><iframe loading=\"lazy\" class=\"wp-embedded-content\" title=\"\u00ab\u201cESPA\u00d1A EN LLAMAS\u201d: PARALELISMOS Y COINCIDENCIAS (por Jes\u00fas D\u00edaz Formoso); conversaci\u00f3n con Carlos Tena\u00bb \u2014 Punto Cr\u00edtico Derechos Humanos\" src=\"https:\/\/puntocritico.com\/ausajpuntocritico\/2020\/01\/22\/espana-en-llamas-paralelismos-y-coincidencias-por-jesus-diaz-formoso-conversacion-con-carlos-tena\/embed\/#?secret=LSAfMEV6Tn#?secret=YyuJ0vPYvA\" width=\"600\" height=\"606\" frameborder=\"0\" marginwidth=\"0\" marginheight=\"0\" scrolling=\"no\" sandbox=\"allow-scripts\" data-secret=\"YyuJ0vPYvA\" data-mce-fragment=\"1\"><\/iframe><\/p>\n<p><iframe loading=\"lazy\" class=\"wp-embedded-content\" title=\"\u00abLa historia no contada de Estados Unidos \u2013 Oliver Stone \u2013 Indice\u00bb \u2014 Punto Cr\u00edtico Derechos Humanos\" src=\"https:\/\/puntocritico.com\/ausajpuntocritico\/2017\/11\/01\/la-historia-no-contada-de-estados-unidos-oliver-stone-indice\/embed\/#?secret=Nx2VcbmzXA#?secret=LruYSUQDJL\" width=\"600\" height=\"577\" frameborder=\"0\" marginwidth=\"0\" marginheight=\"0\" scrolling=\"no\" sandbox=\"allow-scripts\" data-secret=\"LruYSUQDJL\" data-mce-fragment=\"1\"><\/iframe><\/p>\n<p>&nbsp;<\/p>\n<p>&nbsp;<\/p>\n<p>&nbsp;<\/p>\n<p><a href=\"https:\/\/puntocritico.com\/ausajpuntocritico\/author\/punto-critico\/\"><img loading=\"lazy\" decoding=\"async\" class=\"aligncenter wp-image-9528\" src=\"https:\/\/puntocritico.com\/ausajpuntocritico\/wp-content\/uploads\/2018\/03\/Mosca_Punto_Cr\u00edtico_40.png\" alt=\"\" width=\"80\" height=\"80\" data-id=\"9528\" \/><\/a><\/p>\n<p>&nbsp;<\/p>\n","protected":false},"excerpt":{"rendered":"<div class=\"mh-excerpt\"><p>LA OTAN EST\u00c1 CREANDO UN VIETNAM EN EL CORAZ\u00d3N DE EUROPA, POR MEDIO DE ZELENSKY, EL PRESIDENTE T\u00cdTERE DEL NEW WORLD ORDER: Gan\u00f3 las elecciones prometiendo acabar con los bombardeos sobre el Donbass, pero cuando <a class=\"mh-excerpt-more\" href=\"https:\/\/puntocritico.com\/ausajpuntocritico\/2022\/05\/12\/la-otan-esta-creando-un-vietnam-en-el-corazon-de-europa\/\" title=\"LA OTAN EST\u00c1 CREANDO UN VIETNAM EN EL CORAZ\u00d3N DE EUROPA: Su Presidente t\u00edtere, Zelensky, ilegaliz\u00f3 la oposici\u00f3n, orden\u00f3 el arresto de sus rivales pol\u00edticos, eliminando a todos los que se opon\u00edan a la guerra de EE.UU. contra Rusia, iniciada en Ucrania.\">[&#8230;]<\/a><\/p>\n<\/div>","protected":false},"author":3,"featured_media":2246736,"comment_status":"open","ping_status":"closed","sticky":false,"template":"","format":"standard","meta":{"_acf_changed":false,"_exactmetrics_skip_tracking":false,"_exactmetrics_sitenote_active":false,"_exactmetrics_sitenote_note":"","_exactmetrics_sitenote_category":0,"footnotes":""},"categories":[7,12,14],"tags":[39],"class_list":{"0":"post-2246717","1":"post","2":"type-post","3":"status-publish","4":"format-standard","5":"has-post-thumbnail","7":"category-politica","8":"category-corrupcion","9":"category-corrupcion_informativa","10":"tag-ucrania"},"acf":[],"_links":{"self":[{"href":"https:\/\/puntocritico.com\/ausajpuntocritico\/wp-json\/wp\/v2\/posts\/2246717","targetHints":{"allow":["GET"]}}],"collection":[{"href":"https:\/\/puntocritico.com\/ausajpuntocritico\/wp-json\/wp\/v2\/posts"}],"about":[{"href":"https:\/\/puntocritico.com\/ausajpuntocritico\/wp-json\/wp\/v2\/types\/post"}],"author":[{"embeddable":true,"href":"https:\/\/puntocritico.com\/ausajpuntocritico\/wp-json\/wp\/v2\/users\/3"}],"replies":[{"embeddable":true,"href":"https:\/\/puntocritico.com\/ausajpuntocritico\/wp-json\/wp\/v2\/comments?post=2246717"}],"version-history":[{"count":0,"href":"https:\/\/puntocritico.com\/ausajpuntocritico\/wp-json\/wp\/v2\/posts\/2246717\/revisions"}],"wp:featuredmedia":[{"embeddable":true,"href":"https:\/\/puntocritico.com\/ausajpuntocritico\/wp-json\/wp\/v2\/media\/2246736"}],"wp:attachment":[{"href":"https:\/\/puntocritico.com\/ausajpuntocritico\/wp-json\/wp\/v2\/media?parent=2246717"}],"wp:term":[{"taxonomy":"category","embeddable":true,"href":"https:\/\/puntocritico.com\/ausajpuntocritico\/wp-json\/wp\/v2\/categories?post=2246717"},{"taxonomy":"post_tag","embeddable":true,"href":"https:\/\/puntocritico.com\/ausajpuntocritico\/wp-json\/wp\/v2\/tags?post=2246717"}],"curies":[{"name":"wp","href":"https:\/\/api.w.org\/{rel}","templated":true}]}}