{"id":2246443,"date":"2022-04-25T00:05:28","date_gmt":"2022-04-24T22:05:28","guid":{"rendered":"https:\/\/puntocritico.com\/ausajpuntocritico\/?p=2246443"},"modified":"2022-04-26T00:36:40","modified_gmt":"2022-04-25T22:36:40","slug":"de-la-sostenibilidad-a-la-guerra-atomica","status":"publish","type":"post","link":"https:\/\/puntocritico.com\/ausajpuntocritico\/2022\/04\/25\/de-la-sostenibilidad-a-la-guerra-atomica\/","title":{"rendered":"LA GUERRA DE LA DESINFORMACI\u00d3N. New World Order: De la Sostenibilidad a la Guerra At\u00f3mica. \u00abLa Situaci\u00f3n Militar en Ucrania\u00bb, por Jacques Baud."},"content":{"rendered":"<p style=\"text-align: justify;\"><span style=\"font-size: 14pt; color: #008000;\">De la Sostenibilidad a la Guerra At\u00f3mica<\/span><\/p>\n\n<p style=\"text-align: justify;\">\u00a0<\/p>\n<blockquote>\n<p style=\"text-align: center;\"><span style=\"font-size: 24pt;\"><strong>GLOBALISTAS: DE LA SOSTENIBILIDAD A LA GUERRA AT\u00d3MICA<\/strong><\/span><\/p>\n<p style=\"text-align: center;\"><span style=\"font-size: 14pt;\"><em><strong>Hay que ser inflexibles con los comedores de carne. Los pedos de las vacas son terribles. Pero la guerra at\u00f3mica no. <\/strong><\/em><\/span><\/p>\n<p style=\"text-align: center;\"><span style=\"font-size: 14pt;\"><em><strong>La Guerra nuclear, hoy, resulta ser sostenible. Las Bombas At\u00f3micas son Ecofriendlies.<\/strong><\/em><\/span><\/p>\n<p style=\"text-align: center;\"><span style=\"font-size: 14pt;\"><em><strong>La estupidez se ha convertido en un arma de destrucci\u00f3n masiva. La Soberbia de los imb\u00e9ciles ser\u00e1 su detonante.<\/strong><\/em><\/span><\/p>\n<p style=\"text-align: center;\"><span style=\"font-size: 18pt; color: #008000;\">***<\/span><\/p>\n<div id=\"sch-detalle\" class=\"head\">\n<h2 id=\"div_titulo\" class=\"titulo\" style=\"text-align: center;\"><span style=\"font-size: 24pt;\">Scholz: Hay que evitar una escalada que lleve a una guerra at\u00f3mica<\/span><\/h2>\n<p style=\"text-align: justify;\"><a href=\"https:\/\/www.efe.com\/efe\/espana\/mundo\/scholz-hay-que-evitar-una-escalada-lleve-a-guerra-atomica\/10001-4789481\" target=\"_blank\" rel=\"noopener\" data-schema-attribute=\"\"><span style=\"font-size: 14pt;\">EFE<\/span><\/a><\/p>\n<\/div>\n<p style=\"text-align: justify;\"><span style=\"font-size: 14pt;\">El canciller alem\u00e1n, Olaf Scholz, justific\u00f3 su reserva en cuanto al env\u00edo de armamento pesado a Ucrania con el argumento de que hay que evitar una escalada que lleve a una guerra at\u00f3mica entre Rusia y la OTAN.<\/span><\/p>\n<div id=\"sm-it-main-container-1650718175710\" class=\"sm-it-main-container\" data-it=\"168e625b-67c7-4b53-9618-a3a1a2f91e56\" data-device=\"desktop\" data-index=\"0\">\n<div id=\"theArticle\" class=\"detalle clearfix\">\n<div class=\"body clearfix\" role=\"main\">\n<div id=\"div_texto\" class=\"texto dont-break-out\" data-gtm-vis-recent-on-screen-10811847_38=\"773\" data-gtm-vis-first-on-screen-10811847_38=\"773\" data-gtm-vis-total-visible-time-10811847_38=\"100\" data-gtm-vis-has-fired-10811847_38=\"1\" data-gtm-vis-recent-on-screen-10811847_10=\"935\" data-gtm-vis-first-on-screen-10811847_10=\"935\" data-gtm-vis-total-visible-time-10811847_10=\"4000\" data-gtm-vis-has-fired-10811847_10=\"1\">\n<p style=\"text-align: justify;\"><span style=\"font-size: 14pt;\">\u00abHago todo para evitar una escalada que lleve a una III Guerra Mundial. No puede haber una guerra at\u00f3mica\u00bb, dijo Scholz en una entrevista con la revista \u00abDer Spiegel\u00bb.<\/span><\/p>\n<\/div>\n<\/div>\n<\/div>\n<\/div>\n<div id=\"sch-detalle\" class=\"head\">\n<p style=\"text-align: center;\"><span style=\"font-size: 18pt; color: #008000;\">***<\/span><\/p>\n<\/div>\n<div class=\"mb-auto\">\n<h3 style=\"text-align: center;\" data-h=\"45\"><strong><span style=\"font-size: 24pt;\">Scholz dice que la m\u00e1xima prioridad es evitar la confrontaci\u00f3n de la Otan con Rusia<\/span><\/strong><\/h3>\n<\/div>\n<div class=\"d-flex align-items-end\">\n<div class=\"lead\">\n<p style=\"text-align: center;\"><span style=\"font-size: 14pt;\"><em><strong>El canciller alem\u00e1n dijo que no hab\u00eda un libro de reglas que dijera cu\u00e1ndo se pod\u00eda considerar al pa\u00eds parte de la guerra en Ucrania<\/strong><\/em><\/span><\/p>\n<p>&nbsp;<\/p>\n<\/div>\n<\/div>\n<div class=\"author-article\" style=\"text-align: justify;\"><span style=\"font-size: 14pt;\"><a href=\"https:\/\/www.larepublica.co\/especiales\/crisis-en-ucrania\/scholz-dice-que-la-maxima-prioridad-es-evitar-la-confrontacion-de-la-otan-con-rusia-3348074\" target=\"_blank\" rel=\"noopener\" data-schema-attribute=\"\">La Rep\u00fablica<\/a>, 22 de abril de 2022<\/span><\/div>\n<div>\u00a0<\/div>\n<div>\n<div class=\"author-article\">\n<div style=\"text-align: justify;\"><span style=\"font-size: 14pt;\">Reuters<\/span><\/div>\n<\/div>\n<\/div>\n<div>\n<figure id=\"attachment_2246504\" aria-describedby=\"caption-attachment-2246504\" style=\"width: 678px\" class=\"wp-caption aligncenter\"><img loading=\"lazy\" decoding=\"async\" class=\"wp-image-2246504 size-mh-magazine-content\" src=\"https:\/\/puntocritico.com\/ausajpuntocritico\/wp-content\/uploads\/2022\/04\/Olaf-Scholz-678x381.jpg\" alt=\"\" width=\"678\" height=\"381\" data-id=\"2246504\" \/><figcaption id=\"caption-attachment-2246504\" class=\"wp-caption-text\"><span style=\"color: #008000;\">Olaf Scholz<\/span><\/figcaption><\/figure>\n<\/div>\n<div>\u00a0<\/div>\n<div>\n<div class=\"html-content\">\n<p style=\"text-align: justify;\"><span style=\"font-size: 14pt;\">La Otan debe evitar una confrontaci\u00f3n militar directa con Rusia que podr\u00eda llevar a una tercera guerra mundial, dijo el canciller alem\u00e1n Olaf Scholz en una entrevista con Der Spiegel cuando se le pregunt\u00f3 sobre la falta de entrega de armas pesadas por parte de Alemania a Ucrania.<\/span><\/p>\n<p style=\"text-align: justify;\"><span style=\"font-size: 14pt;\">Preguntado en una extensa entrevista publicada el viernes por qu\u00e9 cre\u00eda que la entrega de tanques pod\u00eda llevar a una guerra nuclear, dijo que no hab\u00eda un libro de reglas que estableciera cu\u00e1ndo se pod\u00eda considerar a\u00a0Alemania\u00a0parte de la guerra en Ucrania.<\/span><\/p>\n<p style=\"text-align: justify;\"><span style=\"font-size: 14pt;\">\u00abPor eso es a\u00fan m\u00e1s importante que consideremos cada paso con mucho cuidado y nos coordinemos estrechamente entre nosotros\u00bb, se le cit\u00f3. \u00abEvitar una escalada hacia la Otan es una prioridad absoluta para m\u00ed\u00bb.<\/span><\/p>\n<p style=\"text-align: justify;\"><span style=\"font-size: 14pt;\">\u00abPor eso no me fijo en las encuestas ni me dejo irritar por los llamamientos estridentes. Las consecuencias de un error ser\u00edan dram\u00e1ticas\u00bb.<\/span><\/p>\n<\/div>\n<\/div>\n<div>\u00a0<\/div>\n<\/blockquote>\n<p><img loading=\"lazy\" decoding=\"async\" class=\"aligncenter wp-image-2246505\" src=\"https:\/\/puntocritico.com\/ausajpuntocritico\/wp-content\/uploads\/2022\/04\/Olaf-Scholz-y-Putin.jpg\" alt=\"\" width=\"480\" height=\"270\" data-id=\"2246505\" srcset=\"https:\/\/puntocritico.com\/ausajpuntocritico\/wp-content\/uploads\/2022\/04\/Olaf-Scholz-y-Putin.jpg 1600w, https:\/\/puntocritico.com\/ausajpuntocritico\/wp-content\/uploads\/2022\/04\/Olaf-Scholz-y-Putin-300x169.jpg 300w, https:\/\/puntocritico.com\/ausajpuntocritico\/wp-content\/uploads\/2022\/04\/Olaf-Scholz-y-Putin-1024x576.jpg 1024w, https:\/\/puntocritico.com\/ausajpuntocritico\/wp-content\/uploads\/2022\/04\/Olaf-Scholz-y-Putin-768x432.jpg 768w, https:\/\/puntocritico.com\/ausajpuntocritico\/wp-content\/uploads\/2022\/04\/Olaf-Scholz-y-Putin-1536x864.jpg 1536w, https:\/\/puntocritico.com\/ausajpuntocritico\/wp-content\/uploads\/2022\/04\/Olaf-Scholz-y-Putin-610x343.jpg 610w, https:\/\/puntocritico.com\/ausajpuntocritico\/wp-content\/uploads\/2022\/04\/Olaf-Scholz-y-Putin-678x381.jpg 678w, https:\/\/puntocritico.com\/ausajpuntocritico\/wp-content\/uploads\/2022\/04\/Olaf-Scholz-y-Putin-1320x743.jpg 1320w\" sizes=\"auto, (max-width: 480px) 100vw, 480px\" \/><\/p>\n<p style=\"text-align: center;\"><span style=\"font-size: 18pt;\"><strong><span style=\"color: #008000;\">*******<\/span><\/strong><\/span><\/p>\n<h2 style=\"text-align: center;\"><span style=\"font-size: 24pt;\">LA SITUACI\u00d3N MILITAR EN UCRANIA<\/span><\/h2>\n<p style=\"text-align: justify;\"><span style=\"font-size: 14pt;\">Por Jacques Baud<\/span><\/p>\n<p><a href=\"https:\/\/cf2r.org\/documentation\/la-situation-militaire-en-ukraine\/\" target=\"_blank\" rel=\"noopener\" data-schema-attribute=\"\"><strong><span style=\"font-size: 14pt;\">Centre Fran\u00e7ais de Recherche sur le Renseignement<\/span><\/strong><\/a><\/p>\n<p>&nbsp;<\/p>\n<figure id=\"attachment_2246196\" aria-describedby=\"caption-attachment-2246196\" style=\"width: 520px\" class=\"wp-caption aligncenter\"><img loading=\"lazy\" decoding=\"async\" class=\"wp-image-2246196 size-full\" src=\"https:\/\/puntocritico.com\/ausajpuntocritico\/wp-content\/uploads\/2022\/04\/34-Ucraina-y-la-voz-de-la-Inteligencia-El-ejemplo-de-Jacques-Baud-22.04.21-Caldera-del-Donbas-4-de-abril-de-2022.jpg\" alt=\"De la Sostenibilidad a la Guerra At\u00f3mica\" width=\"520\" height=\"365\" data-id=\"2246196\" srcset=\"https:\/\/puntocritico.com\/ausajpuntocritico\/wp-content\/uploads\/2022\/04\/34-Ucraina-y-la-voz-de-la-Inteligencia-El-ejemplo-de-Jacques-Baud-22.04.21-Caldera-del-Donbas-4-de-abril-de-2022.jpg 520w, https:\/\/puntocritico.com\/ausajpuntocritico\/wp-content\/uploads\/2022\/04\/34-Ucraina-y-la-voz-de-la-Inteligencia-El-ejemplo-de-Jacques-Baud-22.04.21-Caldera-del-Donbas-4-de-abril-de-2022-300x211.jpg 300w\" sizes=\"auto, (max-width: 520px) 100vw, 520px\" \/><figcaption id=\"caption-attachment-2246196\" class=\"wp-caption-text\"><span style=\"color: #008000;\">Caldera del Donbas, 4 de abril de 2022<\/span><\/figcaption><\/figure>\n<p>&nbsp;<\/p>\n<h2 style=\"text-align: center;\"><span style=\"font-size: 24pt;\"><strong>PRIMERA PARTE: EN EL CAMINO A LA GUERRA<\/strong><\/span><\/h2>\n<p style=\"text-align: justify;\"><span style=\"font-size: 14pt;\">Durante a\u00f1os, desde Mal\u00ed hasta Afganist\u00e1n, trabaj\u00e9 por la paz y arriesgu\u00e9 mi vida por ella.\u00a0No se trata, pues, de justificar la guerra, sino de comprender qu\u00e9 nos llev\u00f3 a ella.\u00a0Observo que los \u201cexpertos\u201d que se turnan en los televisores analizan la situaci\u00f3n bas\u00e1ndose en informaci\u00f3n dudosa, la mayor\u00eda de las veces hip\u00f3tesis convertidas en hechos, y por lo tanto ya no logramos entender lo que est\u00e1 sucediendo.\u00a0As\u00ed es como creas el p\u00e1nico.<\/span><\/p>\n<p style=\"text-align: justify;\"><span style=\"font-size: 14pt;\">El problema no es tanto qui\u00e9n tiene la raz\u00f3n en este conflicto, sino c\u00f3mo toman sus decisiones nuestros l\u00edderes.<\/span><\/p>\n<p style=\"text-align: justify;\"><span style=\"font-size: 14pt;\">Tratemos de examinar las ra\u00edces del conflicto.\u00a0Comienza con\u00a0<a href=\"https:\/\/www.rts.ch\/info\/monde\/6772950-les-separatistes-auraient-renforce-leurs-capacites-dattaque-en-ukraine.html\" target=\"_blank\" rel=\"noopener\" data-schema-attribute=\"\">aquellos<\/a>\u00a0que durante los \u00faltimos ocho a\u00f1os nos han estado hablando de \u00abseparatistas\u00bb o \u00abindependencia\u00bb del Donbass.\u00a0Es falso.\u00a0Los refer\u00e9ndums realizados por las dos autoproclamadas rep\u00fablicas de Donetsk y Lugansk en mayo de 2014 no fueron\u00a0\u00a0<a title=\"\" href=\"https:\/\/upload.wikimedia.org\/wikipedia\/commons\/4\/4d\/Decree_on_holding_the_Donetsk_status_referendum.png\" target=\"_blank\" rel=\"noopener\" data-rel=\"lightbox-image-0\" data-rl_title=\"\" data-rl_caption=\"\" data-schema-attribute=\"\" data-rl_>refer\u00e9ndums de \u00ab<\/a><em>independencia<\/em>\u00bb (\u043d\u0435\u0437\u0430\u0432\u0438\u0441\u0438\u043c\u043e\u0441\u0442\u044c), como pretend\u00edan algunos <a href=\"https:\/\/www.rts.ch\/info\/monde\/5839879-pres-de-90-de-oui-a-lindependance-a-donetsk-selon-les-prorusses.html\" target=\"_blank\" rel=\"noopener\" data-schema-attribute=\"\">periodistas sin escr\u00fapulos<\/a>, sino de \u00ab<em>autodeterminaci\u00f3n<\/em>\u00bb o \u00ab<em>autonom\u00eda\u00bb<\/em>\u00a0(\u0441\u0430\u043c\u043e\u0441\u0442\u043e\u044f\u0442\u0435\u043b\u044c\u043d\u043e\u0441\u0442\u044c).\u00a0El t\u00e9rmino \u00abpro-ruso\u00bb sugiere que Rusia fue parte del conflicto, lo cual no fue el caso, y el t\u00e9rmino \u00abhablantes de ruso\u00bb habr\u00eda sido m\u00e1s honesto.\u00a0Adem\u00e1s, estos refer\u00e9ndums se llevaron a cabo en contra del consejo de Vladimir Putin.<\/span><\/p>\n<p style=\"text-align: justify;\"><span style=\"font-size: 14pt;\">De hecho, estas rep\u00fablicas no buscaban separarse de Ucrania, sino tener un estatuto de autonom\u00eda que les garantizara el uso del idioma ruso como idioma oficial.\u00a0Porque el primer acto legislativo del nuevo gobierno resultante del derrocamiento del presidente Yanukovych fue la abolici\u00f3n, el 23 de febrero de 2014, de la ley Kivalov-Kolesnichenko de 2012 que hizo del ruso un idioma oficial.\u00a0Un poco como si los golpistas decidieran que el franc\u00e9s y el italiano dejar\u00edan de ser idiomas oficiales en Suiza.<\/span><\/p>\n<p style=\"text-align: justify;\"><span style=\"font-size: 14pt;\">Esta decisi\u00f3n provoca una tormenta en la poblaci\u00f3n de habla rusa. Esto result\u00f3 en una feroz represi\u00f3n contra las regiones de habla rusa (Odessa, Dnepropetrovsk, Kharkov, Lugansk y Donetsk) que comenz\u00f3 en febrero de 2014 y condujo a una militarizaci\u00f3n de la situaci\u00f3n y algunas masacres (en Odessa y Mariupol, las m\u00e1s importantes). A finales del verano de 2014, solo quedaban las autoproclamadas rep\u00fablicas de Donetsk y Lugansk.<\/span><\/p>\n<p style=\"text-align: justify;\"><span style=\"font-size: 14pt;\">En esta etapa, demasiado r\u00edgidos y estancados en un enfoque doctrinario del arte operacional, los estados mayores ucranianos sufrieron al enemigo sin lograr imponerse.\u00a0El examen del curso de los combates en 2014-2016 en Donbass muestra que el estado mayor ucraniano aplic\u00f3 sistem\u00e1tica y mec\u00e1nicamente los mismos planes operativos.\u00a0Sin embargo, la guerra que libraban los autonomistas era entonces muy parecida a la que observamos en el Sahel: operaciones muy m\u00f3viles realizadas con medios ligeros.\u00a0Con un enfoque m\u00e1s flexible y menos doctrinario, los rebeldes pudieron explotar la inercia de las fuerzas ucranianas para \u201catraparlos\u201d repetidamente.<\/span><\/p>\n<p style=\"text-align: justify;\"><span style=\"font-size: 14pt;\">En 2014, estoy en la OTAN, responsable de la lucha contra la proliferaci\u00f3n de armas peque\u00f1as, y estamos tratando de detectar las entregas de armas rusas a los rebeldes para ver si Mosc\u00fa est\u00e1 involucrado.\u00a0La informaci\u00f3n que recibimos entonces proviene pr\u00e1cticamente en su totalidad de los servicios de inteligencia polacos y no \u00abcoincide\u00bb con la informaci\u00f3n de la OSCE: a pesar de las acusaciones bastante crudas, no observamos ninguna entrega de armas y materiales militares rusos.<\/span><\/p>\n<p style=\"text-align: justify;\"><span style=\"font-size: 14pt;\">Los rebeldes est\u00e1n armados gracias a las deserciones de unidades ucranianas de habla rusa que se pasan al bando rebelde.\u00a0A medida que avanzaban los fracasos ucranianos, los batallones completos de tanques, artiller\u00eda o antia\u00e9reos engrosaron las filas de los autonomistas.\u00a0Esto es lo que impulsa a los ucranianos a comprometerse con los Acuerdos de Minsk.<\/span><\/p>\n<p style=\"text-align: justify;\"><span style=\"font-size: 14pt;\">Pero, justo despu\u00e9s de firmar los Acuerdos de Minsk 1, el presidente ucraniano, Petro Poroshenko, lanz\u00f3 una gran operaci\u00f3n antiterrorista (ATO\/\u0410\u043d\u0442\u0438\u0442\u0435\u0440\u043e\u0440\u0438\u0441\u0442\u0438\u0447\u043d\u0430 \u043e\u043f\u0435\u0440\u0430\u0446\u0456\u044f) contra Donbass.\u00a0<em>Bis repetita placent<\/em>: mal asesorados por los oficiales de la OTAN, los ucranianos sufrieron una aplastante derrota en Debaltsevo que los oblig\u00f3 a comprometerse con los Acuerdos de Minsk 2&#8230;<\/span><\/p>\n<p style=\"text-align: justify;\"><strong><span style=\"font-size: 14pt;\">Es fundamental recordar aqu\u00ed que los Acuerdos de Minsk 1 (septiembre de 2014) y Minsk 2 (febrero de 2015) no preve\u00edan ni la separaci\u00f3n ni la independencia de las Rep\u00fablicas, sino su autonom\u00eda\u00a0<em>en el marco<\/em>\u00a0de Ucrania.\u00a0Aquellos que hayan le\u00eddo\u00a0<a href=\"https:\/\/www.securitycouncilreport.org\/atf\/cf\/%7B65BFCF9B-6D27-4E9C-8CD3-CF6E4FF96FF9%7D\/s_res_2202.pdf\" target=\"_blank\" rel=\"noopener\" data-schema-attribute=\"\">los Acuerdos<\/a>\u00a0(son muy, muy, muy pocos) encontrar\u00e1n que est\u00e1 escrito completo que el estatus de las rep\u00fablicas deb\u00eda ser negociado entre Kiev y los representantes de las rep\u00fablicas, para una\u00a0<em>soluci\u00f3n interna<\/em>\u00a0en Ucrania.<\/span><\/strong><\/p>\n<p style=\"text-align: justify;\"><span style=\"font-size: 14pt;\"><strong>Por eso, desde 2014, Rusia ha exigido sistem\u00e1ticamente su aplicaci\u00f3n neg\u00e1ndose a ser parte de las negociaciones, porque se trataba de un asunto interno de Ucrania.\u00a0Por otro lado, los occidentales -liderados por Francia- intentaron sistem\u00e1ticamente sustituir los Acuerdos de Minsk por el \u201cformato de Normand\u00eda\u201d, que enfrentaba a rusos y ucranianos.\u00a0Sin embargo, recordemos que\u00a0<em>nunca<\/em>\u00a0hubo tropas rusas en el Donbass antes del 23 y 24 de febrero de 2022. Adem\u00e1s, los observadores de la\u00a0<a href=\"https:\/\/foreignpolicy.com\/2018\/10\/25\/counting-the-dead-in-europes-forgotten-war-ukraine-conflict-donbass-osce\/\" target=\"_blank\" rel=\"noopener\" data-schema-attribute=\"\">OSCE<\/a>\u00a0nunca han observado el menor rastro de unidades rusas operando en el Donbass.\u00a0As\u00ed, el mapa de inteligencia estadounidense publicado por el\u00a0<a href=\"https:\/\/www.washingtonpost.com\/national-security\/russia-ukraine-invasion\/2021\/12\/03\/98a3760e-546b-11ec-8769-2f4ecdf7a2ad_story.html\" target=\"_blank\" rel=\"noopener\" data-schema-attribute=\"\">Washington Post<\/a>\u00a0el 3 de diciembre de 2021 no muestra tropas rusas en Donbass<\/strong>.<\/span><\/p>\n<p>&nbsp;<\/p>\n<blockquote>\n<p style=\"text-align: center;\"><span style=\"color: #008000;\"><em><span style=\"font-size: 14pt;\"><strong>\u00ab&#8230;Sin embargo, recordemos que nunca hubo tropas rusas en el Donbass antes del 23 y 24 de febrero de 2022..\u00bb<\/strong><\/span><\/em><\/span><\/p>\n<\/blockquote>\n<p>&nbsp;<\/p>\n<p style=\"text-align: justify;\"><span style=\"font-size: 14pt;\">En octubre de 2015, Vasyl Hrytsak,\u00a0<a href=\"https:\/\/www.kyivpost.com\/article\/content\/war-against-ukraine\/sbu-registers-involvement-of-56-russian-in-military-actions-against-ukraine-since-military-conflict-in-eastern-ukraien-unfolded-399718.html\" target=\"_blank\" rel=\"noopener\">director del Servicio de Seguridad de Ucrania<\/a>\u00a0(SBU), confes\u00f3 que solo se hab\u00edan observado 56 combatientes rusos en el Donbass.\u00a0Era incluso comparable al de los suizos que van a pelear en Bosnia durante los fines de semana, en la d\u00e9cada de 1990, o los franceses que van a pelear en Ucrania hoy.<\/span><\/p>\n<p style=\"text-align: justify;\"><span style=\"font-size: 14pt;\">El ej\u00e9rcito ucraniano se encontraba entonces en un estado deplorable.\u00a0En octubre de 2018, despu\u00e9s de cuatro a\u00f1os de guerra,\u00a0<a href=\"https:\/\/vesti.ua\/strana\/309880-nazvany-neboevye-poteri-vsu-na-donbasse\" target=\"_blank\" rel=\"noopener\">el fiscal militar jefe de Ucrania, Anatoly Matios<\/a>, dijo que Ucrania hab\u00eda perdido 2.700 hombres en el Donbass: 891 por enfermedades, 318 por accidentes de tr\u00e1fico, 177 por otros accidentes, 175 por envenenamiento (alcohol, drogas), 172 por manejo descuidado de armas, 101 por incumplimiento de las normas de seguridad, 228 por asesinato y 615 por suicidio.\u00a0<\/span><\/p>\n<p style=\"text-align: justify;\"><span style=\"font-size: 14pt;\">De hecho, el ej\u00e9rcito est\u00e1 socavado por la corrupci\u00f3n de sus cuadros y ya no cuenta con el apoyo de la poblaci\u00f3n.\u00a0Seg\u00fan un\u00a0<a href=\"https:\/\/www.justice.gov\/eoir\/page\/file\/1008261\/download\" target=\"_blank\" rel=\"noopener\">informe del Ministerio del Interior del Reino Unido<\/a>, cuando se convoc\u00f3 a los reservistas en marzo-abril de 2014, el 70 % no\u00a0<em>se<\/em>\u00a0present\u00f3 a la primera sesi\u00f3n, el 80 % a la segunda, el 90 % a la tercera y el 95 % a la cuarta.\u00a0En octubre\/noviembre de 2017, el\u00a0<a href=\"https:\/\/ipress.ua\/ru\/news\/v_vsu_zayavyly_o_70_neyavky_vo_vremya_osennego_pryziva_237367.html\" target=\"_blank\" rel=\"noopener\">70 % de las personas que llamaron no se presentaron<\/a>\u00a0durante la\u00a0<em>\u00a0campa\u00f1a de devoluci\u00f3n de llamadas\u00a0<\/em><em>\u00ab<\/em><em>Oto\u00f1o de 2017&#8243;. <\/em>Esto no incluye\u00a0<a href=\"https:\/\/observer.com\/2017\/06\/ukraine-war-soldiers-suicide\/\" target=\"_blank\" rel=\"noopener\">suicidios<\/a>\u00a0y\u00a0<a href=\"https:\/\/www.refworld.org\/docid\/593a581b4.html\" target=\"_blank\" rel=\"noopener\">deserciones<\/a> (muchas veces en beneficio de los autonomistas) que alcanzan hasta el 30% de la plantilla en la zona ATO.\u00a0Los j\u00f3venes ucranianos se niegan a ir a luchar al Donbass y prefieren la emigraci\u00f3n, lo que tambi\u00e9n explica, al menos en parte, el d\u00e9ficit demogr\u00e1fico del pa\u00eds.<\/span><\/p>\n<p style=\"text-align: justify;\"><span style=\"font-size: 14pt;\">El Ministerio de Defensa de Ucrania recurri\u00f3 entonces a la OTAN para que la ayudara a hacer que sus fuerzas armadas fueran m\u00e1s \u201catractivas\u201d.\u00a0Habiendo trabajado ya en proyectos similares en el marco de las Naciones Unidas, la OTAN me pidi\u00f3 que participara en un programa destinado a restaurar la imagen de las fuerzas armadas ucranianas.\u00a0Pero es un proceso largo y los ucranianos quieren ir r\u00e1pido.<\/span><\/p>\n<p style=\"text-align: justify;\"><span style=\"font-size: 14pt;\">As\u00ed, para compensar la falta de soldados, el gobierno ucraniano recurri\u00f3 entonces a las milicias paramilitares.\u00a0Se componen esencialmente de mercenarios extranjeros, a menudo activistas de extrema derecha.\u00a0A partir de 2020, constituyen alrededor del 40% de las fuerzas de Ucrania y\u00a0<a href=\"https:\/\/graphics.reuters.com\/RUSSIA-UKRAINE\/dwpkrkwkgvm\/\" target=\"_blank\" rel=\"noopener\">suman alrededor de 102.000 hombres seg\u00fan Reuters<\/a>\u00a0.\u00a0Est\u00e1n armados, financiados y entrenados por Estados Unidos, Gran Breta\u00f1a, Canad\u00e1 y Francia.\u00a0Hay m\u00e1s de 19 nacionalidades, incluida la suiza.<\/span><\/p>\n<p style=\"text-align: justify;\"><span style=\"font-size: 14pt;\">Por lo tanto, <strong>los pa\u00edses occidentales han creado y apoyado claramente\u00a0<a href=\"https:\/\/www.usatoday.com\/story\/news\/world\/2022\/03\/05\/russia-invasion-ukraine-attention-extremist-regiment-nazi\/9368016002\/?gnt-cfr=1\" target=\"_blank\" rel=\"noopener\">las milicias de extrema derecha ucranianas<\/a>\u00a0<\/strong>.\u00a0En octubre de 2021, el\u00a0<a href=\"https:\/\/www.jpost.com\/diaspora\/western-countries-training-far-right-extremists-in-ukraine-report-682411\" target=\"_blank\" rel=\"noopener\">Jerusalem Post<\/a>\u00a0dio la alarma al denunciar el proyecto\u00a0<a href=\"https:\/\/www.illiberalism.org\/wp-content\/uploads\/2021\/09\/IERES-Papers-no-11-September-2021-FINAL.pdf\" target=\"_blank\" rel=\"noopener\">Centuria<\/a>. Estas milicias han estado operando en el Donbass desde 2014, con apoyo occidental. Incluso si podemos discutir el t\u00e9rmino \u00abnazi\u00bb, el hecho es que estas milicias son violentas, transmiten una ideolog\u00eda nauseabunda y son virulentamente antisemitas. Su\u00a0<a href=\"https:\/\/www.jpost.com\/diaspora\/ukraine-progressively-restores-historical-memory-about-jews-652438\" target=\"_blank\" rel=\"noopener\">antisemitismo es m\u00e1s cultural que pol\u00edtico<\/a>, por lo que el adjetivo \u00abnazi\u00bb no es realmente apropiado.\u00a0Su odio al jud\u00edo proviene de las grandes hambrunas de los a\u00f1os 1920-1930 en Ucrania, como resultado de la confiscaci\u00f3n de cultivos por parte de Stalin para financiar la modernizaci\u00f3n del Ej\u00e9rcito Rojo.\u00a0Sin embargo, este genocidio, conocido en Ucrania como el\u00a0<em>Holodomor<\/em>, fue perpetrado por la NKVD (antecesora de la KGB) cuyos niveles superiores de liderazgo estaban compuestos principalmente por jud\u00edos.\u00a0Por eso, hoy, los extremistas ucranianos piden a Israel que se\u00a0<a href=\"https:\/\/www.jpost.com\/diaspora\/antisemitism\/far-right-protesters-in-ukraine-demand-israel-apologize-for-communism-654711\" target=\"_blank\" rel=\"noopener\">disculpe por los cr\u00edmenes del comunismo<\/a>, como informa el\u00a0<em>Jerusalem Post<\/em>. Por lo tanto, estamos muy lejos de una \u201c<a href=\"https:\/\/www.rts.ch\/info\/monde\/12928403-podcast-ukrainerussie-cest-quoi-cette-histoire-de-nazis.html\" target=\"_blank\" rel=\"noopener\">reescritura de la historia<\/a>\u201d por parte de Vladimir Putin.<\/span><\/p>\n<p style=\"text-align: justify;\"><span style=\"font-size: 14pt;\">Estas milicias, derivadas de los grupos de extrema derecha que lideraron la revoluci\u00f3n Euromaidan en 2014, est\u00e1n formadas por individuos fan\u00e1ticos y brutales.\u00a0El m\u00e1s conocido de ellos es el regimiento Azov, cuyo emblema recuerda al de la 2\u00aa\u00a0Divisi\u00f3n Panzer SS\u00a0<sup>Das\u00a0<\/sup><em>Reich<\/em> , que es objeto de verdadera veneraci\u00f3n en Ucrania, por haber liberado Jarkov de los sovi\u00e9ticos en 1943, antes de perpetrar la matanza de Oradour-sur-Glane en 1944, en Francia.<\/span><\/p>\n<p style=\"text-align: justify;\"><span style=\"font-size: 14pt;\">Entre las figuras c\u00e9lebres del regimiento Azov se encontraba el opositor Roman Protassevich, detenido en 2021 por las autoridades bielorrusas tras el caso del vuelo FR4978 de RyanAir.\u00a0El 23 de mayo de 2021 se habla del\u00a0<a href=\"https:\/\/www.rts.ch\/info\/monde\/12220530-la-bielorussie-a-arrete-un-militant-apres-avoir-intercepte-son-avion.html\" target=\"_blank\" rel=\"noopener\">secuestro deliberado de un avi\u00f3n<\/a>\u00a0de pasajeros por parte de un MiG-29 -con\u00a0<a href=\"https:\/\/youtu.be\/-LfZt4ESJ44?t=148\" target=\"_blank\" rel=\"noopener\">el acuerdo de Putin<\/a>, por supuesto- para arrestar a Protassevich, aunque la\u00a0<a href=\"https:\/\/www.belta.by\/president\/view\/komandu-prinjat-v-minske-zaminirovannyj-samolet-ryanair-dal-lichno-lukashenko-442580-2021\/)\" target=\"_blank\" rel=\"noopener\">informaci\u00f3n entonces disponible<\/a>\u00a0no confirma en modo alguno este escenario.<\/span><\/p>\n<p style=\"text-align: justify;\"><span style=\"font-size: 14pt;\">Pero entonces hay que demostrar que el presidente Lukashenko es un mat\u00f3n y Protassevich un \u00abperiodista\u00bb enamorado de la democracia.\u00a0Sin embargo, una investigaci\u00f3n bastante edificante realizada por una\u00a0<a href=\"https:\/\/www.foiaresearch.net\/person\/roman-protasevich\" target=\"_blank\" rel=\"noopener\">ONG estadounidense en 2020<\/a>\u00a0destac\u00f3 las actividades militantes de extrema derecha de Protassevich.\u00a0La conspiraci\u00f3n occidental pone entonces en marcha y los medios sin escr\u00fapulos\u00a0<a href=\"https:\/\/www.rts.ch\/audio-podcast\/2021\/audio\/portrait-de-l-opposant-belarusse-roman-protassevitch-25201392.html\" target=\"_blank\" rel=\"noopener\">\u00abpreparan\u00bb su biograf\u00eda<\/a>.\u00a0Finalmente, en enero de 2022, se publica\u00a0<a href=\"https:\/\/www.politico.eu\/wp-content\/uploads\/2022\/01\/19\/ICAO-Fact-Finding-Investigation-Report_FR497849.pdf\" target=\"_blank\" rel=\"noopener\">el informe de la OACI<\/a>\u00a0y muestra que, a pesar de algunos errores de procedimiento, Bielorrusia actu\u00f3 de acuerdo con las normas vigentes y que el MiG-29 despeg\u00f3 15 minutos despu\u00e9s de que el piloto de RyanAir decidiera aterrizar en Minsk.\u00a0As\u00ed que nada de complot con Bielorrusia y menos con Putin.\u00a0\u00a1Ah!&#8230; Un detalle m\u00e1s: Protassevich, <a href=\"https:\/\/ici.radio-canada.ca\/nouvelle\/1798764\/opposant-belarus-entrevue-television-torture-interdiction-vols-ue\" target=\"_blank\" rel=\"noopener\">cruelmente torturado<\/a>\u00a0por la polic\u00eda bielorrusa, ahora est\u00e1 libre.\u00a0Quienes deseen mantener correspondencia con \u00e9l, pueden acudir a su cuenta de\u00a0<a href=\"https:\/\/twitter.com\/protas_by\" target=\"_blank\" rel=\"noopener\">Twitter<\/a>\u00a0.<\/span><\/p>\n<p style=\"text-align: justify;\"><span style=\"font-size: 14pt;\">La etiqueta de \u00abnazi\u00bb o \u00abneonazi\u00bb dada a los paramilitares ucranianos se considera\u00a0<a href=\"https:\/\/www.lemonde.fr\/international\/live\/2021\/05\/28\/avion-detourne-par-la-bielorussie-sanctions-de-l-union-europeenne-posez-vos-questions_6081892_3210.html\" target=\"_blank\" rel=\"noopener\">propaganda rusa<\/a>.\u00a0Puede ser;\u00a0pero esa no es la opini\u00f3n de <strong>The\u00a0<a href=\"https:\/\/www.timesofisrael.com\/hundreds-march-in-ukraine-in-annual-tribute-to-nazi-collaborator\/\" target=\"_blank\" rel=\"noopener\">Times of Israel<\/a><\/strong>, el\u00a0<strong><a href=\"https:\/\/www.thenation.com\/article\/politics\/neo-nazis-far-right-ukraine\/\" target=\"_blank\" rel=\"noopener\">Centro Simon Wiesenthal<\/a><\/strong>\u00a0o el\u00a0<strong><a href=\"https:\/\/ctc.usma.edu\/wp-content\/uploads\/2020\/04\/CTC-SENTINEL-042020.pdf\" target=\"_blank\" rel=\"noopener\">Centro<\/a>\u00a0de Contraterrorismo de la Academia West Point<\/strong>.\u00a0Pero esto sigue siendo discutible, porque, en 2014,\u00a0<a href=\"https:\/\/www.newsweek.com\/evidence-war-crimes-committed-ukrainian-nationalist-volunteers-grows-269604\" target=\"_blank\" rel=\"noopener\">la revista Newsweek<\/a>\u00a0pareci\u00f3 asociarlos con\u2026 el Estado Isl\u00e1mico.\u00a0Elecci\u00f3n !<\/span><\/p>\n<p style=\"text-align: justify;\"><span style=\"font-size: 14pt;\">As\u00ed que Occidente apoya y sigue armando milicias que han sido culpables de numerosos\u00a0<a href=\"https:\/\/www.osce.org\/files\/f\/documents\/e\/7\/233896.pdf\" target=\"_blank\" rel=\"noopener\">cr\u00edmenes contra la poblaci\u00f3n civil desde 2014\u00a0<\/a>\u00a0: violaciones, torturas y masacres.\u00a0Pero si bien el gobierno suizo ha sido muy r\u00e1pido en imponer sanciones contra Rusia, no ha adoptado ninguna contra Ucrania, que ha estado masacrando a su propia poblaci\u00f3n desde 2014. De hecho, quienes\u00a0<a href=\"https:\/\/www.osce.org\/files\/f\/documents\/6\/0\/394781.pdf\" target=\"_blank\" rel=\"noopener\">defienden los derechos de los hombres en Ucrania<\/a>\u00a0han condenado durante mucho tiempo la acciones de estos grupos, pero no han sido seguidas por nuestros gobiernos.\u00a0Porque, en realidad, no estamos tratando de ayudar a Ucrania, sino de luchar contra Rusia.<\/span><\/p>\n<p style=\"text-align: justify;\"><span style=\"font-size: 14pt;\">La integraci\u00f3n de estos paramilitares a la Guardia Nacional no estuvo en absoluto acompa\u00f1ada de una \u201cdesnazificaci\u00f3n\u201d, como\u00a0<a href=\"https:\/\/www.rts.ch\/info\/monde\/12928403-podcast-ukrainerussie-cest-quoi-cette-histoire-de-nazis.html\" target=\"_blank\" rel=\"noopener\">pretenden algunos<\/a>.\u00a0Entre los muchos ejemplos, el de la insignia del Regimiento Azov es edificante:<\/span><\/p>\n<p>&nbsp;<\/p>\n<figure id=\"attachment_2246198\" aria-describedby=\"caption-attachment-2246198\" style=\"width: 555px\" class=\"wp-caption aligncenter\"><img loading=\"lazy\" decoding=\"async\" class=\"wp-image-2246198\" src=\"https:\/\/puntocritico.com\/ausajpuntocritico\/wp-content\/uploads\/2022\/04\/34-Ucraina-y-la-voz-de-la-Inteligencia-El-ejemplo-de-Jacques-Baud-22.04.21-Batallon-Azov.png\" alt=\"\" width=\"555\" height=\"259\" data-id=\"2246198\" srcset=\"https:\/\/puntocritico.com\/ausajpuntocritico\/wp-content\/uploads\/2022\/04\/34-Ucraina-y-la-voz-de-la-Inteligencia-El-ejemplo-de-Jacques-Baud-22.04.21-Batallon-Azov.png 520w, https:\/\/puntocritico.com\/ausajpuntocritico\/wp-content\/uploads\/2022\/04\/34-Ucraina-y-la-voz-de-la-Inteligencia-El-ejemplo-de-Jacques-Baud-22.04.21-Batallon-Azov-300x140.png 300w\" sizes=\"auto, (max-width: 555px) 100vw, 555px\" \/><figcaption id=\"caption-attachment-2246198\" class=\"wp-caption-text\"><span style=\"color: #008000;\">Simbolog\u00eda del Batall\u00f3n Azov<\/span><\/figcaption><\/figure>\n<p>&nbsp;<\/p>\n<blockquote>\n<p style=\"text-align: center;\"><span style=\"color: #008000;\"><em><strong><span style=\"font-size: 14pt;\">\u00ab&#8230;As\u00ed que Occidente apoya y sigue armando milicias que han sido culpables de numerosos <a style=\"color: #008000;\" href=\"https:\/\/www.osce.org\/files\/f\/documents\/e\/7\/233896.pdf\" target=\"_blank\" rel=\"noopener\">cr\u00edmenes contra la poblaci\u00f3n civil desde 2014\u00a0<\/a>\u00a0: violaciones, torturas y masacres.\u00a0Pero si bien el gobierno suizo ha sido muy r\u00e1pido en imponer sanciones contra Rusia, no ha adoptado ninguna contra Ucrania, que ha estado masacrando a su propia poblaci\u00f3n desde 2014. De hecho, quienes\u00a0<a style=\"color: #008000;\" href=\"https:\/\/www.osce.org\/files\/f\/documents\/6\/0\/394781.pdf\" target=\"_blank\" rel=\"noopener\">defienden los derechos de los hombres en Ucrania<\/a> han condenado durante mucho tiempo la acciones de estos grupos, pero no han sido seguidas por nuestros gobiernos. Porque, en realidad, no estamos tratando de ayudar a Ucrania, sino de luchar contra Rusia&#8230;\u00bb<\/span><\/strong><\/em><\/span><\/p>\n<\/blockquote>\n<p>&nbsp;<\/p>\n<p style=\"text-align: justify;\"><span style=\"font-size: 14pt;\">En 2022, muy esquem\u00e1ticamente, las fuerzas armadas ucranianas que luchan contra la ofensiva rusa se estructuran como:<\/span><\/p>\n<p style=\"text-align: justify;\"><span style=\"font-size: 14pt;\">\u2013 Ej\u00e9rcito, dependiente del Ministerio de Defensa: se articula en 3 cuerpos de ej\u00e9rcito y se compone de formaciones de maniobra (tanques, artiller\u00eda pesada, misiles, etc.).<\/span><\/p>\n<p style=\"text-align: justify;\"><span style=\"font-size: 14pt;\">\u2013 Guardia Nacional, que depende del Ministerio del Interior y se articula en 5 comandos territoriales.<\/span><\/p>\n<p style=\"text-align: justify;\"><span style=\"font-size: 14pt;\">Por lo tanto, la Guardia Nacional es una fuerza de defensa territorial que no forma parte del ej\u00e9rcito ucraniano. Incluye milicias paramilitares, denominadas \u00ab<em>batallones de voluntarios\u00bb<\/em>\u00a0(\u0434\u043e\u0431\u0440\u043e\u0432\u043e\u043b\u044c\u0447\u0456 \u0431\u0430\u0442\u0430\u043b\u044c\u0439\u043e\u043d\u0456), tambi\u00e9n conocidas con el evocador nombre de\u00a0<em>\u00ab<\/em><em>batallones de represalia<\/em><em>\u00ab,<\/em>\u00a0compuestas por infanter\u00eda.\u00a0Entrenados principalmente para el combate urbano, ahora aseguran la defensa de ciudades como Kharkov, Mariupol, Odessa, kyiv, etc.<\/span><\/p>\n<p>&nbsp;<\/p>\n<figure id=\"attachment_2245299\" aria-describedby=\"caption-attachment-2245299\" style=\"width: 678px\" class=\"wp-caption aligncenter\"><img loading=\"lazy\" decoding=\"async\" class=\"wp-image-2245299 size-mh-magazine-content\" src=\"https:\/\/puntocritico.com\/ausajpuntocritico\/wp-content\/uploads\/2022\/04\/Joe-Biden-y-su-hijo-678x381.jpg\" alt=\"\" width=\"678\" height=\"381\" data-id=\"2245299\" srcset=\"https:\/\/puntocritico.com\/ausajpuntocritico\/wp-content\/uploads\/2022\/04\/Joe-Biden-y-su-hijo-678x381.jpg 678w, https:\/\/puntocritico.com\/ausajpuntocritico\/wp-content\/uploads\/2022\/04\/Joe-Biden-y-su-hijo-300x169.jpg 300w, https:\/\/puntocritico.com\/ausajpuntocritico\/wp-content\/uploads\/2022\/04\/Joe-Biden-y-su-hijo-1024x576.jpg 1024w, https:\/\/puntocritico.com\/ausajpuntocritico\/wp-content\/uploads\/2022\/04\/Joe-Biden-y-su-hijo-768x432.jpg 768w, https:\/\/puntocritico.com\/ausajpuntocritico\/wp-content\/uploads\/2022\/04\/Joe-Biden-y-su-hijo-610x343.jpg 610w, https:\/\/puntocritico.com\/ausajpuntocritico\/wp-content\/uploads\/2022\/04\/Joe-Biden-y-su-hijo.jpg 1200w\" sizes=\"auto, (max-width: 678px) 100vw, 678px\" \/><figcaption id=\"caption-attachment-2245299\" class=\"wp-caption-text\"><span style=\"color: #008000;\">El presidente de EEUU, Joe Biden, y su hijo Hunter. Fotograf\u00eda de archivo. Reuters<\/span><\/figcaption><\/figure>\n<p style=\"text-align: center;\"><strong><span style=\"color: #008000; font-size: 18pt;\">*******<\/span><\/strong><\/p>\n<h2 style=\"text-align: center;\"><span style=\"font-size: 24pt;\"><strong>SEGUNDA PARTE: LA GUERRA<\/strong><\/span><\/h2>\n<p style=\"text-align: justify;\"><span style=\"font-size: 14pt;\">Ex jefe de las fuerzas del Pacto de Varsovia en el servicio de inteligencia estrat\u00e9gica de Suiza, observo con tristeza, pero no con asombro, que nuestros servicios ya no est\u00e1n en condiciones de comprender la situaci\u00f3n militar en Ucrania.\u00a0Los autoproclamados \u201cexpertos\u201d que desfilan por nuestras pantallas transmiten incansablemente la misma informaci\u00f3n modulada por la afirmaci\u00f3n de que Rusia \u2013y Vladimir Putin\u2013 es irracional.\u00a0Demos un paso atr\u00e1s.<\/span><\/p>\n<p>&nbsp;<\/p>\n<h3><strong>EL ESTALLIDO DE LA GUERRA<\/strong><\/h3>\n<p style=\"text-align: justify;\"><span style=\"font-size: 14pt;\">Desde noviembre de 2021, los estadounidenses han esgrimido constantemente la amenaza de una invasi\u00f3n rusa contra Ucrania. Sin embargo, los ucranianos no parecen estar de acuerdo. \u00bfPor qu\u00e9 ?<\/span><\/p>\n<p style=\"text-align: justify;\"><span style=\"font-size: 14pt;\">Tenemos que remontarnos al 24 de marzo de 2021. Ese d\u00eda, Volodymyr Zelensky emiti\u00f3\u00a0<a href=\"https:\/\/www.president.gov.ua\/documents\/1172021-37533\" target=\"_blank\" rel=\"noopener\">un decreto<\/a>\u00a0para la\u00a0<a href=\"https:\/\/www.president.gov.ua\/news\/prezident-zatverdiv-strategiyu-deokupaciyi-ta-reintegraciyi-67321\" target=\"_blank\" rel=\"noopener\">reconquista de Crimea<\/a>\u00a0y comenz\u00f3 a desplegar sus fuerzas hacia el sur del pa\u00eds.\u00a0Simult\u00e1neamente, se llevaron a cabo varios ejercicios de la OTAN entre el Mar Negro y el Mar B\u00e1ltico, acompa\u00f1ados de un\u00a0<a href=\"https:\/\/www.janes.com\/defence-news\/news-detail\/us-uk-surge-surveillance-flights-over-ukraine-and-black-sea\" target=\"_blank\" rel=\"noopener\">aumento significativo de los vuelos de reconocimiento<\/a> a\u00a0lo largo de la frontera rusa.\u00a0Luego, Rusia realiza algunos ejercicios para probar la preparaci\u00f3n operativa de sus tropas y mostrar que est\u00e1 siguiendo la evoluci\u00f3n de la situaci\u00f3n.<\/span><\/p>\n<p style=\"text-align: justify;\"><span style=\"font-size: 14pt;\">Las cosas se calman hasta octubre-noviembre con la finalizaci\u00f3n de los ejercicios ZAPAD 21, cuyos movimientos de tropas se interpretan como un refuerzo para una ofensiva contra Ucrania.\u00a0Sin embargo, incluso las autoridades ucranianas refutan la idea de los preparativos rusos para una guerra y Oleksiy Reznikov, ministro de Defensa ucraniano, declara que no ha\u00a0<a href=\"https:\/\/kyivindependent.com\/hot-topic\/defense-minister-downplays-russias-threat-says-its-similar-to-that-of-spring-2021\/\" target=\"_blank\" rel=\"noopener\">habido cambios<\/a>\u00a0en su frontera desde la primavera.<\/span><\/p>\n<p style=\"text-align: justify;\"><span style=\"font-size: 14pt;\">En violaci\u00f3n de los Acuerdos de Minsk, Ucrania est\u00e1 realizando operaciones a\u00e9reas en Donbass utilizando drones, incluido al menos\u00a0<a href=\"https:\/\/nationalinterest.org\/feature\/ukraine%E2%80%99s-recent-drone-strike-reignites-tensions-donbass-195709\" target=\"_blank\" rel=\"noopener\">un ataque contra un dep\u00f3sito de combustible en Donetsk en octubre de 2021<\/a>.\u00a0La prensa estadounidense lo se\u00f1ala, pero no los europeos y nadie condena estas violaciones.<\/span><\/p>\n<p style=\"text-align: justify;\"><strong><span style=\"font-size: 14pt;\">En febrero de 2022, los acontecimientos se precipitan.\u00a0El 7 de febrero, durante su visita a Mosc\u00fa, Emmanuel Macron reafirma a Vladimir Putin\u00a0<a href=\"https:\/\/www.youtube.com\/watch?v=QHDAYz7g4u4\" target=\"_blank\" rel=\"noopener\">su apego a los Acuerdos de Minsk<\/a>, compromiso que repetir\u00e1 tras su\u00a0<a href=\"https:\/\/www.youtube.com\/watch?v=InrDN7jYVOs\" target=\"_blank\" rel=\"noopener\">entrevista con Volodymyr Zelensky<\/a>\u00a0al d\u00eda siguiente.\u00a0Pero el 11 de febrero, en Berl\u00edn, despu\u00e9s de 9 horas de trabajo, finaliza la reuni\u00f3n de los asesores pol\u00edticos de los l\u00edderes del\u00a0<em>\u00abf<\/em><em>ormato de Normand\u00eda<\/em><em>\u00ab<\/em>\u00a0, sin resultado concreto: los\u00a0<a href=\"https:\/\/www.aa.com.tr\/en\/europe\/normandy-format-talks-in-berlin-end-without-tangible-results\/2499568\" target=\"_blank\" rel=\"noopener\">ucranianos todav\u00eda y siempre se niegan a aplicar los Acuerdos<\/a> de Minsk, aparentemente bajo la presi\u00f3n de los Estados Unidos.\u00a0Vladimir Putin luego se\u00f1ala que Macron le ha hecho promesas vac\u00edas y que Occidente no est\u00e1 listo para hacer cumplir los Acuerdos, como lo han estado haciendo durante ocho a\u00f1os.<\/span><\/strong><\/p>\n<p style=\"text-align: justify;\"><span style=\"font-size: 14pt;\">Contin\u00faan los preparativos ucranianos en la zona de contacto.\u00a0El Parlamento ruso se alarma y el 15 de febrero pide a Vladimir Putin que reconozca la independencia de las Rep\u00fablicas, a lo que se niega.<\/span><\/p>\n<p style=\"text-align: justify;\"><strong><span style=\"font-size: 14pt;\">El 17 de febrero, el presidente Joe Biden\u00a0<a href=\"https:\/\/edition.cnn.com\/2022\/02\/17\/politics\/joe-biden-russia\/index.html\" target=\"_blank\" rel=\"noopener\">anuncia que Rusia atacar\u00e1 Ucrania<\/a>\u00a0en los pr\u00f3ximos d\u00edas.\u00a0\u00bfC\u00f3mo lo sabe?\u00a0Misterio\u2026 Pero desde el d\u00eda 16, el bombardeo de artiller\u00eda sobre las poblaciones de Donbass ha aumentado dram\u00e1ticamente, como lo muestran los informes diarios de los observadores de la OSCE.\u00a0Naturalmente, ni los medios de comunicaci\u00f3n, ni la Uni\u00f3n Europea, ni la OTAN, ni ning\u00fan gobierno occidental reacciona e interviene.\u00a0Diremos m\u00e1s adelante que esto es desinformaci\u00f3n rusa.\u00a0De hecho, parece que la Uni\u00f3n Europea y algunos pa\u00edses encubrieron\u00a0<em>deliberadamente<\/em>\u00a0la masacre de la gente de Donbass, sabiendo que provocar\u00eda la intervenci\u00f3n rusa.<\/span><\/strong><\/p>\n<p style=\"text-align: justify;\"><span style=\"font-size: 14pt;\">Al mismo tiempo, hay informes de actos de sabotaje en el Donbass.\u00a0El 18 de enero, los combatientes del Donbass interceptan saboteadores equipados con equipo occidental y que hablan polaco que buscan crear incidentes qu\u00edmicos en\u00a0<a href=\"https:\/\/sprotyv.info\/news\/okkupanty-minirujut-mesta-hraneniya-ammiaka-na-zavode-stirol-dannye-gruppy-is\" target=\"_blank\" rel=\"noopener\">Gorlivka<\/a>\u00a0.\u00a0Podr\u00edan ser\u00a0<a href=\"https:\/\/news.yahoo.com\/cia-trained-ukrainian-paramilitaries-may-take-central-role-if-russia-invades-185258008.html\" target=\"_blank\" rel=\"noopener\">mercenarios de la CIA<\/a>\u00a0, dirigidos o \u201casesorados\u201d por estadounidenses e integrados por combatientes ucranianos o europeos, para realizar acciones de sabotaje en las Rep\u00fablicas del Donbass.<\/span><\/p>\n<p style=\"text-align: justify;\">\u00a0<\/p>\n<p><img loading=\"lazy\" decoding=\"async\" class=\"aligncenter wp-image-2246445\" src=\"https:\/\/puntocritico.com\/ausajpuntocritico\/wp-content\/uploads\/2022\/04\/Capture-decran-2022-03-13-a-22.44.40-1024x886-1.png\" alt=\"\" width=\"660\" height=\"571\" data-id=\"2246445\" srcset=\"https:\/\/puntocritico.com\/ausajpuntocritico\/wp-content\/uploads\/2022\/04\/Capture-decran-2022-03-13-a-22.44.40-1024x886-1.png 1024w, https:\/\/puntocritico.com\/ausajpuntocritico\/wp-content\/uploads\/2022\/04\/Capture-decran-2022-03-13-a-22.44.40-1024x886-1-300x260.png 300w, https:\/\/puntocritico.com\/ausajpuntocritico\/wp-content\/uploads\/2022\/04\/Capture-decran-2022-03-13-a-22.44.40-1024x886-1-768x665.png 768w, https:\/\/puntocritico.com\/ausajpuntocritico\/wp-content\/uploads\/2022\/04\/Capture-decran-2022-03-13-a-22.44.40-1024x886-1-610x528.png 610w\" sizes=\"auto, (max-width: 660px) 100vw, 660px\" \/><\/p>\n<p>&nbsp;<\/p>\n<p style=\"text-align: justify;\"><span style=\"font-size: 14pt;\">De hecho, ya el 16 de febrero, Joe Biden sabe que los ucranianos han comenzado a bombardear a la poblaci\u00f3n civil de Donbass, poniendo a Vladimir Putin frente a una elecci\u00f3n dif\u00edcil: ayudar militarmente a Donbass y crear un problema internacional o quedarse de brazos cruzados y mirar a los rusohablantes del Donbass siendo atropellados.<\/span><\/p>\n<p>&nbsp;<\/p>\n<blockquote>\n<p style=\"text-align: center;\"><span style=\"color: #008000;\"><strong><em><span style=\"font-size: 14pt;\">\u00ab&#8230;ya el 16 de febrero, Joe Biden sabe que los ucranianos han comenzado a bombardear a la poblaci\u00f3n civil de Donbass, poniendo a Vladimir Putin frente a una elecci\u00f3n dif\u00edcil: ayudar militarmente a Donbass y crear un problema internacional o quedarse de brazos cruzados y mirar a los rusohablantes del Donbass siendo atropellados&#8230;\u00bb<\/span><\/em><\/strong><\/span><\/p>\n<\/blockquote>\n<p>&nbsp;<\/p>\n<p style=\"text-align: justify;\"><strong><span style=\"font-size: 14pt;\">Si decide intervenir, Vladimir Putin puede invocar la obligaci\u00f3n internacional de \u201c<em>Responsabilidad de Proteger<\/em>\u201d (R2P).\u00a0Pero sabe que cualquiera que sea su naturaleza o escala, la intervenci\u00f3n desencadenar\u00e1 una lluvia de sanciones.\u00a0Por lo tanto, ya sea que su intervenci\u00f3n se limite al Donbass o que vaya m\u00e1s all\u00e1 para presionar a Occidente por el estatus de Ucrania, el precio a pagar ser\u00e1 el mismo.\u00a0As\u00ed lo explica en su discurso del 21 de febrero.<\/span><\/strong><\/p>\n<p style=\"text-align: justify;\"><img loading=\"lazy\" decoding=\"async\" class=\"alignleft wp-image-2246446\" src=\"https:\/\/puntocritico.com\/ausajpuntocritico\/wp-content\/uploads\/2022\/04\/Capture-decran-2022-03-13-a-22.46.36-214x300-1.png\" alt=\"\" width=\"330\" height=\"463\" data-id=\"2246446\" \/><span style=\"font-size: 14pt;\">Ese d\u00eda accedi\u00f3 a la petici\u00f3n de la Duma y reconoci\u00f3 la independencia de las dos Rep\u00fablicas del Donbass y, de paso, firm\u00f3 tratados de amistad y asistencia con ellas.<\/span><\/p>\n<p style=\"text-align: justify;\"><span style=\"font-size: 14pt;\">Continuaron los bombardeos de la artiller\u00eda ucraniana sobre las poblaciones del Donbass y, el 23 de febrero, las dos Rep\u00fablicas solicitaron ayuda militar a Rusia.\u00a0El d\u00eda 24, Vladimir Putin invoca el art\u00edculo 51 de la Carta de las Naciones Unidas que prev\u00e9 la asistencia militar mutua en el marco de una alianza defensiva.<\/span><\/p>\n<p style=\"text-align: justify;\"><span style=\"font-size: 14pt;\">Para hacer que la intervenci\u00f3n rusa sea totalmente ilegal a los ojos del p\u00fablico, oscurecemos\u00a0<em>deliberadamente<\/em>\u00a0el hecho de que la guerra realmente comenz\u00f3 el 16 de febrero.\u00a0El ej\u00e9rcito ucraniano se estaba preparando para atacar el Donbass ya en 2021, como bien sab\u00edan ciertos servicios de inteligencia rusos y europeos&#8230; Los abogados juzgar\u00e1n.<\/span><\/p>\n<p style=\"text-align: justify;\"><span style=\"font-size: 14pt;\">En su discurso del 24 de febrero, Vladimir Putin se\u00f1al\u00f3 los dos objetivos de su operaci\u00f3n: \u201cdesmilitarizar\u201d y \u201cdesnazificar\u201d Ucrania.\u00a0Por lo tanto, no se trata de apoderarse de Ucrania, ni siquiera, con toda probabilidad, de ocuparla y mucho menos de destruirla.<\/span><\/p>\n<p style=\"text-align: justify;\"><span style=\"font-size: 14pt;\">A partir de ah\u00ed, nuestra visibilidad sobre el progreso de la operaci\u00f3n es limitada: los rusos tienen una excelente seguridad de operaciones (OPSEC) y no se conoce el detalle de su planificaci\u00f3n.\u00a0Pero con bastante rapidez, el curso de las operaciones permite comprender c\u00f3mo se tradujeron los objetivos estrat\u00e9gicos en el plan operativo.<\/span><\/p>\n<p style=\"text-align: justify;\"><span style=\"font-size: 14pt;\"><em>\u2013 <strong>Desmilitarizaci\u00f3n<\/strong>:<\/em><\/span><\/p>\n<p style=\"text-align: justify; padding-left: 40px;\"><span style=\"font-size: 14pt;\">.\u00a0destrucci\u00f3n en tierra de la aviaci\u00f3n ucraniana, los sistemas de defensa a\u00e9rea y los recursos de reconocimiento;<\/span><\/p>\n<p style=\"text-align: justify; padding-left: 40px;\"><span style=\"font-size: 14pt;\">.\u00a0neutralizaci\u00f3n de las estructuras de mando e inteligencia (C3I), as\u00ed como de las principales rutas log\u00edsticas en el interior del territorio;<\/span><\/p>\n<p style=\"text-align: justify; padding-left: 40px;\"><span style=\"font-size: 14pt;\">.\u00a0cerco del grueso del ej\u00e9rcito ucraniano concentrado en el sureste del pa\u00eds.<\/span><\/p>\n<p style=\"text-align: justify;\"><span style=\"font-size: 14pt;\"><em>\u2013 <strong>Desnazificaci\u00f3n<\/strong>:<\/em><\/span><\/p>\n<p style=\"text-align: justify; padding-left: 40px;\"><span style=\"font-size: 14pt;\">.\u00a0destrucci\u00f3n o neutralizaci\u00f3n de batallones de voluntarios que operan en las ciudades de Odessa, Kharkov y Mariupol, as\u00ed como en varias instalaciones en el territorio.<\/span><\/p>\n<p style=\"text-align: justify;\">\u00a0<\/p>\n<h3 style=\"text-align: justify;\"><span style=\"font-size: 14pt;\"><strong>LA \u00abDESMILITARIZACI\u00d3N\u00bb<\/strong><\/span><\/h3>\n<p style=\"text-align: justify;\"><span style=\"font-size: 14pt;\">La ofensiva rusa procede de una manera muy \u201ccl\u00e1sica\u201d.\u00a0Al principio \u2013como hab\u00edan hecho los israel\u00edes en 1967\u2013 con la destrucci\u00f3n en tierra de las fuerzas a\u00e9reas en las primeras horas.\u00a0Entonces, asistimos a una progresi\u00f3n simult\u00e1nea en varios ejes seg\u00fan el principio de \u00abagua que fluye\u00bb: avanzamos donde la resistencia es d\u00e9bil y dejamos las ciudades (muy voraces en tropas) para m\u00e1s tarde.\u00a0Al norte, la planta de Chernobyl es ocupada inmediatamente para evitar actos de sabotaje.\u00a0Naturalmente, no se muestran\u00a0las im\u00e1genes de los soldados ucranianos y rusos que\u00a0<a href=\"https:\/\/t.me\/intelslava\/20722\">custodian conjuntamente la planta&#8230;<\/a><\/span><\/p>\n<p style=\"text-align: justify;\"><span style=\"font-size: 14pt;\">La idea de que Rusia est\u00e1 tratando de tomar Kiev, la capital, para eliminar a Zelensky, suele venir de Occidente: esto es lo que hicieron en Afganist\u00e1n, Irak, Libia y lo que\u00a0<a href=\"https:\/\/www.youtube.com\/watch?v=e4phB-_pXDM&amp;t=1224s\" target=\"_blank\" rel=\"noopener\">quer\u00edan hacer en Siria con la ayuda del Estado Isl\u00e1mico<\/a>. Pero Vladimir Putin nunca tuvo la intenci\u00f3n de derribar o derrocar a Zelensky. Por el contrario, Rusia busca mantenerlo en el poder empuj\u00e1ndolo a negociar cercando a Kiev. Se hab\u00eda negado a hacerlo hasta ahora para aplicar los Acuerdos de Minsk, pero ahora los rusos quieren obtener la neutralidad de Ucrania.<\/span><\/p>\n<p style=\"text-align: justify;\"><span style=\"font-size: 14pt;\">Muchos comentaristas occidentales se maravillaron de que los rusos siguieran buscando una soluci\u00f3n negociada mientras realizaban operaciones militares.\u00a0La explicaci\u00f3n est\u00e1 en la concepci\u00f3n estrat\u00e9gica rusa, desde la \u00e9poca sovi\u00e9tica.\u00a0Para los occidentales, la guerra comienza cuando cesa la pol\u00edtica.\u00a0Sin embargo, el enfoque ruso sigue una inspiraci\u00f3n Clausewitziana: la guerra es la continuidad de la pol\u00edtica y se puede pasar fluidamente de una a otra, incluso durante el combate.\u00a0Esto crea presi\u00f3n sobre el oponente y lo empuja a negociar.<\/span><\/p>\n<p style=\"text-align: justify;\"><span style=\"font-size: 14pt;\">Desde un punto de vista operativo, la ofensiva rusa fue un ejemplo de este tipo: en seis d\u00edas, los rusos se apoderaron de un territorio tan extenso como el Reino Unido, con una velocidad de avance superior a la que logr\u00f3 la Wehrmacht en 1940.<\/span><\/p>\n<p style=\"text-align: justify;\"><span style=\"font-size: 14pt;\">El grueso del ej\u00e9rcito ucraniano se despleg\u00f3 en el sur del pa\u00eds para una importante operaci\u00f3n contra el Donbass.\u00a0Es por eso que las fuerzas rusas pudieron rodearlo desde principios de marzo en el \u00abcaldero\u00bb entre Slavyansk, Kramatorsk y Severodonetsk, mediante un ataque proveniente del este a trav\u00e9s de Kharkov y otro proveniente del sur desde Crimea.\u00a0Las tropas de las Rep\u00fablicas de Donetsk (DPR) y Lugansk (RPL) completan la acci\u00f3n de las fuerzas rusas con un empuje desde el Este.<\/span><\/p>\n<p style=\"text-align: justify;\"><span style=\"font-size: 14pt;\">En esta etapa, las fuerzas rusas est\u00e1n apretando lentamente la soga, pero ya no est\u00e1n presionadas por el tiempo.\u00a0Su objetivo de desmilitarizaci\u00f3n est\u00e1 pr\u00e1cticamente logrado y las fuerzas ucranianas residuales ya no tienen una estructura de mando operativa y estrat\u00e9gica.<\/span><\/p>\n<p style=\"text-align: justify;\"><span style=\"font-size: 14pt;\">El \u201cfreno\u201d que nuestros \u201cexpertos\u201d atribuyen a una mala log\u00edstica es s\u00f3lo consecuencia de haber alcanzado los objetivos marcados.\u00a0Rusia no parece querer participar en una ocupaci\u00f3n de todo el territorio ucraniano.\u00a0De hecho, parece m\u00e1s bien que Rusia est\u00e1 tratando de limitar su avance a la frontera ling\u00fc\u00edstica del pa\u00eds.\u00a0<\/span><\/p>\n<p style=\"text-align: justify;\"><span style=\"font-size: 14pt;\">Nuestros medios hablan de bombardeos indiscriminados contra la poblaci\u00f3n civil, particularmente en Kharkov, y se transmiten im\u00e1genes dantescas en bucle.\u00a0Sin embargo, Gonzalo Lira, un latinoamericano que vive all\u00ed, nos presenta una ciudad tranquila el\u00a0<a href=\"https:\/\/www.youtube.com\/watch?v=Uecv6AX8P3Q\" target=\"_blank\" rel=\"noopener\">10 de marzo<\/a>\u00a0y el\u00a0<a href=\"https:\/\/youtu.be\/b8RNhQjjn-4\" target=\"_blank\" rel=\"noopener\">11 de marzo<\/a>.\u00a0Es cierto que es una gran ciudad y no se puede ver todo, pero eso parece indicar que no estamos en la guerra total que nos sirven continuamente en nuestras pantallas.<\/span><\/p>\n<p style=\"text-align: justify;\"><span style=\"font-size: 14pt;\">En cuanto a las Rep\u00fablicas de Donbass, han \u00abliberado\u00bb sus propios territorios y luchan en la ciudad de Mariupol.<\/span><\/p>\n<p style=\"text-align: justify;\">\u00a0<\/p>\n<h3 style=\"text-align: justify;\"><span style=\"font-size: 14pt;\"><strong>\u00abDESNAZIFICACI\u00d3N\u00bb<\/strong><\/span><\/h3>\n<p style=\"text-align: justify;\"><span style=\"font-size: 14pt;\">En ciudades como Jarkov, Mariupol y Odessa, la defensa corre a cargo de milicias paramilitares.\u00a0Saben que el objetivo de la \u00abdesnazificaci\u00f3n\u00bb est\u00e1 dirigido principalmente a ellos.<\/span><\/p>\n<p style=\"text-align: justify;\"><span style=\"font-size: 14pt;\">Para un atacante en un \u00e1rea urbanizada, los civiles son un problema.\u00a0Es por esto que Rusia busca crear corredores humanitarios para vaciar las ciudades de civiles y dejar solo a las milicias para combatirlas m\u00e1s f\u00e1cilmente.<\/span><\/p>\n<p>&nbsp;<\/p>\n<blockquote>\n<p style=\"text-align: center;\"><strong><span style=\"font-size: 14pt; color: #008000;\">estas milicias buscan mantener a los civiles en las ciudades para disuadir al ej\u00e9rcito ruso de venir a combatir all\u00ed.\u00a0Por eso son reacios a implementar estos corredores y hacen todo lo posible para que los esfuerzos rusos sean en vano: pueden as\u00ed utilizar a la poblaci\u00f3n civil como \u201cescudos humanos\u201d<\/span><\/strong><\/p>\n<\/blockquote>\n<p>&nbsp;<\/p>\n<p style=\"text-align: justify;\"><span style=\"font-size: 14pt;\">Por el contrario, estas milicias buscan mantener a los civiles en las ciudades para disuadir al ej\u00e9rcito ruso de venir a combatir all\u00ed.\u00a0Por eso son reacios a implementar estos corredores y hacen todo lo posible para que los esfuerzos rusos sean en vano: pueden as\u00ed utilizar a la poblaci\u00f3n civil como \u201c<em><strong>escudos humanos<\/strong><\/em>\u201d.\u00a0Los videos que muestran a civiles que intentan salir de Mariupol y son golpeados por combatientes del regimiento de Azov son, naturalmente, cuidadosamente censurados aqu\u00ed.<\/span><\/p>\n<p style=\"text-align: justify;\"><span style=\"font-size: 14pt;\">En Facebook, el grupo Azov fue considerado en la misma categor\u00eda que el Estado Isl\u00e1mico y sujeto a la\u00a0<em> \u00ab<\/em><em>pol\u00edtica de personas y organizaciones peligrosas<\/em><em>\u00bb\u00a0<\/em> de la plataforma.\u00a0Por lo tanto, estaba prohibido glorificarlo y los \u00abposts\u00bb que le eran favorables fueron prohibidos sistem\u00e1ticamente.\u00a0Pero el 24 de febrero, Facebook cambi\u00f3 su pol\u00edtica y\u00a0<a href=\"https:\/\/theintercept.com\/2022\/02\/24\/ukraine-facebook-azov-battalion-russia\/\" target=\"_blank\" rel=\"noopener\">permiti\u00f3 publicaciones favorables<\/a>\u00a0a la milicia.\u00a0Con el mismo esp\u00edritu, en marzo, la plataforma autoriza, en los antiguos pa\u00edses de Europa del Este,\u00a0<a href=\"https:\/\/www.theguardian.com\/technology\/2022\/mar\/11\/facebook-and-instagram-let-users-call-for-death-to-russian-soldiers-over-ukraine\" target=\"_blank\" rel=\"noopener\">llamamientos al asesinato de soldados y l\u00edderes rusos<\/a>.\u00a0Hasta aqu\u00ed los valores que inspiran a nuestros l\u00edderes, como veremos.\u00a0<\/span><\/p>\n<p style=\"text-align: justify;\"><span style=\"font-size: 14pt;\">Nuestros medios propagan una imagen rom\u00e1ntica de resistencia popular.\u00a0Es esta imagen la que ha llevado a la Uni\u00f3n Europea a financiar la distribuci\u00f3n de armas a la poblaci\u00f3n civil.\u00a0Es un acto delictivo.\u00a0En mi rol de jefe de doctrina para operaciones de mantenimiento de la paz en la ONU trabaj\u00e9 en el tema de la protecci\u00f3n de civiles.\u00a0Luego vimos que la violencia contra los civiles tuvo lugar en contextos muy espec\u00edficos.\u00a0Sobre todo cuando abundan las armas y no hay estructuras de mando.<\/span><\/p>\n<p>&nbsp;<\/p>\n<blockquote>\n<p style=\"text-align: center;\"><strong><em><span style=\"font-size: 14pt; color: #008000;\">Nuestros medios propagan una imagen rom\u00e1ntica de resistencia popular.\u00a0Es esta imagen la que ha llevado a la Uni\u00f3n Europea a financiar la distribuci\u00f3n de armas a la poblaci\u00f3n civil.\u00a0Es un acto delictivo.<\/span><\/em><\/strong><\/p>\n<\/blockquote>\n<p>&nbsp;<\/p>\n<p style=\"text-align: justify;\"><span style=\"font-size: 14pt;\">Sin embargo, estas estructuras de mando son la esencia de los ej\u00e9rcitos: su funci\u00f3n es canalizar el uso de la fuerza en funci\u00f3n de un objetivo.\u00a0Al armar a los ciudadanos al azar, como ocurre actualmente, la UE los convierte en combatientes, con las consiguientes consecuencias: objetivos potenciales.\u00a0Adem\u00e1s, sin mando, sin objetivos operativos, la distribuci\u00f3n de armas conduce inevitablemente a ajustes de cuentas, bandidajes y acciones m\u00e1s mort\u00edferas que efectivas.\u00a0La guerra se convierte en una cuesti\u00f3n de emociones.\u00a0La fuerza se convierte en violencia.\u00a0Es lo que sucedi\u00f3 en Tawarga (Libia) del 11 al 13 de agosto de 2011, donde 30.000 negros africanos fueron masacrados con armas lanzadas en paraca\u00eddas (ilegalmente) por Francia.\u00a0Adem\u00e1s,\u00a0<a href=\"https:\/\/rusi.org\/explore-our-research\/publications\/commentary\/what-do-uk-weapons-deliveries-add-ukraines-armed-forces\" target=\"_blank\" rel=\"noopener\">el Instituto Real Brit\u00e1nico de Estudios Estrat\u00e9gicos<\/a> (RUSI) no ve valor agregado en estas entregas de armas.<\/span><\/p>\n<p style=\"text-align: justify;\"><span style=\"font-size: 14pt;\">Adem\u00e1s, al entregar armas a un pa\u00eds en guerra, uno se expone a ser considerado beligerante.\u00a0Los ataques rusos del 13 de marzo de 2022 contra la base a\u00e9rea de Mykolaiv siguen\u00a0<a href=\"https:\/\/www.aljazeera.com\/news\/2022\/3\/12\/russia-says-it-could-target-western-arms-supplies-to-ukraine\" target=\"_blank\" rel=\"noopener\">las advertencias rusas<\/a> de\u00a0que los transportes de armas ser\u00edan tratados como objetivos hostiles.<\/span><\/p>\n<p>&nbsp;<\/p>\n<blockquote>\n<p style=\"text-align: center;\"><strong><span style=\"font-size: 14pt; color: #008000;\"> al entregar armas a un pa\u00eds en guerra, uno se expone a ser considerado beligerante<\/span><\/strong><\/p>\n<\/blockquote>\n<p>&nbsp;<\/p>\n<p style=\"text-align: justify;\"><span style=\"font-size: 14pt;\"><strong>La UE repite la desastrosa experiencia del Tercer Reich en las \u00faltimas horas de la Batalla de Berl\u00edn.\u00a0La guerra debe dejarse en manos de los militares y cuando un lado ha perdido, debe admitirse<\/strong>.\u00a0Y si va a haber resistencia, es imprescindible que sea dirigida y estructurada.\u00a0Sin embargo, estamos haciendo exactamente lo contrario: estamos presionando a los ciudadanos para que vayan a luchar y, al mismo tiempo, Facebook est\u00e1 permitiendo\u00a0<a href=\"https:\/\/www.theguardian.com\/technology\/2022\/mar\/11\/facebook-and-instagram-let-users-call-for-death-to-russian-soldiers-over-ukraine\" target=\"_blank\" rel=\"noopener\">llamadas al asesinato de soldados y l\u00edderes rusos<\/a>.\u00a0Hasta aqu\u00ed los valores que nos inspiran.\u00a0<\/span><\/p>\n<p style=\"text-align: justify;\"><span style=\"font-size: 14pt;\">En algunos servicios de inteligencia, <strong>esta decisi\u00f3n irresponsable es vista como una forma de utilizar a la poblaci\u00f3n ucraniana como carne de ca\u00f1\u00f3n para luchar contra la Rusia de Vladimir Putin<\/strong>.\u00a0Este tipo de decisi\u00f3n asesina tuvo que dejarse en manos de los colegas del abuelo de <strong>Ursula von der Leyen<\/strong>.\u00a0Hubiera sido m\u00e1s prudente entablar negociaciones y as\u00ed obtener garant\u00edas para la poblaci\u00f3n civil que echar le\u00f1a al fuego.\u00a0Es f\u00e1cil ser combativo con la sangre de otras personas&#8230;<\/span><\/p>\n<p style=\"text-align: justify;\">\u00a0<\/p>\n<h3 style=\"text-align: justify;\"><span style=\"font-size: 14pt;\"><strong>MATERNIDAD MARI\u00daPOL<\/strong><\/span><\/h3>\n<p style=\"text-align: justify;\"><span style=\"font-size: 14pt;\">Es importante entender de antemano que no es el ej\u00e9rcito ucraniano el que asegura la defensa de Mariupol, sino la milicia de Azov, compuesta por mercenarios extranjeros.<\/span><\/p>\n<p style=\"text-align: justify;\"><span style=\"font-size: 14pt;\">En su resumen de la situaci\u00f3n del 7 de marzo de 2022,\u00a0<a href=\"https:\/\/russiaun.ru\/en\/news\/070322n\" target=\"_blank\" rel=\"noopener\">la misi\u00f3n rusa de la ONU<\/a> en Nueva York afirma que \u00ab<em>Los residentes informan que las fuerzas armadas ucranianas han expulsado al personal del Hospital Natal No. 1 de la ciudad de Mariupol y han instalado un tiroteo estaci\u00f3n dentro del establecimiento<\/em>.\u00bb<\/span><\/p>\n<p style=\"text-align: justify;\"><span style=\"font-size: 14pt;\">El 8 de marzo, el\u00a0<a href=\"https:\/\/lenta.ru\/articles\/2022\/03\/08\/mariupol\/\" target=\"_blank\" rel=\"noopener\">medio independiente ruso Lenta.ru<\/a>\u00a0public\u00f3 el testimonio de civiles de Mariupol que dijeron que el hospital de maternidad fue tomado por las milicias del regimiento de Azov, y persiguieron a los ocupantes civiles, amenaz\u00e1ndolos con sus armas.\u00a0Confirman as\u00ed las declaraciones del embajador ruso unas horas antes.<\/span><\/p>\n<p style=\"text-align: justify;\"><span style=\"font-size: 14pt;\">El hospital de Mariupol ocupa una posici\u00f3n dominante, perfectamente adecuada para la instalaci\u00f3n de armas antitanque y para la observaci\u00f3n.\u00a0El 9 de marzo, las fuerzas rusas atacaron el edificio.\u00a0<a href=\"https:\/\/edition.cnn.com\/2022\/03\/09\/europe\/russia-invasion-ukraine-evacuations-03-09-intl\/index.html\" target=\"_blank\" rel=\"noopener\">Seg\u00fan CNN<\/a>, hay 17 heridos, <strong>pero las im\u00e1genes no muestran bajas en las instalaciones y no hay evidencia de que las bajas reportadas est\u00e9n relacionadas con este ataque.\u00a0Hablamos de ni\u00f1os, pero en realidad no vemos nada<\/strong>.\u00a0Puede que sea cierto, pero puede que sea falso&#8230; Lo que no impide que\u00a0<a href=\"https:\/\/www.timesofisrael.com\/eu-condemns-russian-bombing-of-mariupol-maternity-hospital-as-a-war-crime\/\" target=\"_blank\" rel=\"noopener\">los l\u00edderes de la UE lo vean como un crimen de guerra<\/a>\u00a0&#8230; Lo que permite a Zelensky, justo despu\u00e9s, reclamar una zona de exclusi\u00f3n a\u00e9rea sobre Ucrania&#8230;<\/span><\/p>\n<p style=\"text-align: justify;\"><span style=\"font-size: 14pt;\">En realidad, no sabemos exactamente qu\u00e9 pas\u00f3.\u00a0Pero <strong>la secuencia de eventos tiende a confirmar que las fuerzas rusas atacaron una posici\u00f3n del regimiento de Azov y que la sala de maternidad estaba entonces libre de civiles<\/strong>.<\/span><\/p>\n<p style=\"text-align: justify;\"><span style=\"font-size: 14pt;\">El problema es que las milicias paramilitares que velan por la defensa de las ciudades son incitadas por la comunidad internacional a no respetar las costumbres de la guerra.\u00a0Parece que los ucranianos han recreado el escenario del\u00a0<a href=\"https:\/\/www.youtube.com\/watch?v=LmfVs3WaE9Y\" target=\"_blank\" rel=\"noopener\">hospital de maternidad en la ciudad de Kuwait en 1990<\/a>\u00a0, que hab\u00eda sido totalmente escenificado por la firma Hill &amp; Knowlton por un monto de 10,7 millones de d\u00f3lares con el fin de convencer al Consejo de Seguridad de las Naciones Unidas para que interviniera. en Irak para la Operaci\u00f3n\u00a0<em>Desert Shield\/Storm<\/em>\u00a0.<\/span><\/p>\n<p style=\"text-align: justify;\"><span style=\"font-size: 14pt;\">Los pol\u00edticos occidentales tambi\u00e9n aceptaron huelgas contra civiles en Donbass durante ocho a\u00f1os, sin adoptar ninguna sanci\u00f3n contra el gobierno ucraniano.\u00a0Hace mucho que entramos en una din\u00e1mica en la que los pol\u00edticos occidentales acordaron sacrificar el derecho internacional a su objetivo\u00a0<a href=\"https:\/\/www.rand.org\/content\/dam\/rand\/pubs\/research_reports\/RR3000\/RR3063\/RAND_RR3063.pdf\" target=\"_blank\" rel=\"noopener\">de debilitar a Rusia<\/a>.<\/span><\/p>\n<p style=\"text-align: justify;\">\u00a0<\/p>\n<figure id=\"attachment_2246513\" aria-describedby=\"caption-attachment-2246513\" style=\"width: 480px\" class=\"wp-caption aligncenter\"><img loading=\"lazy\" decoding=\"async\" class=\"wp-image-2246513\" src=\"https:\/\/puntocritico.com\/ausajpuntocritico\/wp-content\/uploads\/2022\/04\/Mariupol-batallon-azov.webp\" alt=\"\" width=\"480\" height=\"480\" data-id=\"2246513\" srcset=\"https:\/\/puntocritico.com\/ausajpuntocritico\/wp-content\/uploads\/2022\/04\/Mariupol-batallon-azov.webp 1200w, https:\/\/puntocritico.com\/ausajpuntocritico\/wp-content\/uploads\/2022\/04\/Mariupol-batallon-azov-300x300.webp 300w, https:\/\/puntocritico.com\/ausajpuntocritico\/wp-content\/uploads\/2022\/04\/Mariupol-batallon-azov-1024x1024.webp 1024w, https:\/\/puntocritico.com\/ausajpuntocritico\/wp-content\/uploads\/2022\/04\/Mariupol-batallon-azov-150x150.webp 150w, https:\/\/puntocritico.com\/ausajpuntocritico\/wp-content\/uploads\/2022\/04\/Mariupol-batallon-azov-768x768.webp 768w, https:\/\/puntocritico.com\/ausajpuntocritico\/wp-content\/uploads\/2022\/04\/Mariupol-batallon-azov-610x610.webp 610w\" sizes=\"auto, (max-width: 480px) 100vw, 480px\" \/><figcaption id=\"caption-attachment-2246513\" class=\"wp-caption-text\"><span style=\"color: #008000;\">El Batall\u00f3n Azov combate en Mari\u00fapol<\/span><\/figcaption><\/figure>\n<p style=\"text-align: center;\"><strong><span style=\"color: #008000; font-size: 18pt;\">*******<\/span><\/strong><\/p>\n<h2 style=\"text-align: center;\"><span style=\"font-size: 24pt;\"><strong>TERCERA PARTE: CONCLUSIONES<\/strong><\/span><\/h2>\n<p style=\"text-align: justify;\"><span style=\"font-size: 14pt;\">Como antiguo profesional de inteligencia, lo primero que me llama la atenci\u00f3n es la ausencia total de los servicios de inteligencia occidentales en representar la situaci\u00f3n durante un a\u00f1o.\u00a0En Suiza, los servicios\u00a0<a href=\"https:\/\/www.20min.ch\/fr\/story\/les-services-secrets-suisses-critiques-pour-leur-manque-danticipation-324567615362?utm_source=pocket_mylist\" target=\"_blank\" rel=\"noopener\">han sido criticados<\/a>\u00a0por no haber proporcionado una imagen correcta de la situaci\u00f3n.\u00a0De hecho, parece que en todo el mundo occidental, los servicios han sido abrumados por los pol\u00edticos.\u00a0El problema es que son los pol\u00edticos los que deciden: el mejor servicio de inteligencia del mundo no sirve de nada si el que toma las decisiones no lo escucha.\u00a0Esto es lo que sucedi\u00f3 durante esta crisis.<\/span><\/p>\n<p style=\"text-align: justify;\"><span style=\"font-size: 14pt;\">Dicho esto, mientras algunos servicios de inteligencia ten\u00edan una imagen muy precisa y racional de la situaci\u00f3n, otros ten\u00edan claramente la misma imagen que la propagada por nuestros medios.\u00a0En esta crisis, los servicios de los pa\u00edses de la \u201cnueva Europa\u201d jugaron un papel importante.\u00a0El problema es que, por experiencia, encontr\u00e9 que eran p\u00e9simamente malos a nivel anal\u00edtico: doctrinarios, no tienen la independencia intelectual y pol\u00edtica necesaria para apreciar una situaci\u00f3n con \u201ccalidad\u201d militar.\u00a0Es mejor tenerlos como enemigos que como amigos.<\/span><\/p>\n<p style=\"text-align: justify;\"><span style=\"font-size: 14pt;\">Luego, parece que <strong>en algunos pa\u00edses europeos los pol\u00edticos han hecho caso omiso deliberadamente de sus servicios para responder ideol\u00f3gicamente a la situaci\u00f3n<\/strong>.\u00a0Por eso esta crisis ha sido irracional desde el principio.\u00a0Se observar\u00e1 que <strong>todos los documentos que se han presentado al p\u00fablico durante esta crisis han sido presentados por pol\u00edticos sobre la base de fuentes comerciales<\/strong>&#8230;<\/span><\/p>\n<p style=\"text-align: justify;\"><span style=\"font-size: 14pt;\">Algunos pol\u00edticos occidentales obviamente quer\u00edan que hubiera un conflicto.\u00a0En Estados Unidos, los escenarios de ataque presentados por Anthony Blinken al Consejo de Seguridad fueron solo fruto de la imaginaci\u00f3n de un\u00a0<a href=\"https:\/\/www.washingtonpost.com\/national-security\/2022\/02\/14\/white-house-prepares-russian-invasion\/\" target=\"_blank\" rel=\"noopener\">Tiger Team que trabajaba para \u00e9l<\/a>: hizo exactamente lo mismo que Donald Rumsfeld en 2002, quien as\u00ed \u201cpas\u00f3 por alto\u201d a la CIA y otros servicios de inteligencia; servicios que eran mucho menos asertivos acerca de las armas qu\u00edmicas iraqu\u00edes.<\/span><\/p>\n<p style=\"text-align: justify;\"><span style=\"font-size: 14pt;\">Los desarrollos dram\u00e1ticos que estamos presenciando hoy tienen causas que conoc\u00edamos, pero nos negamos a ver:<\/span><\/p>\n<p style=\"text-align: justify;\"><strong><span style=\"font-size: 14pt;\">\u2013 a nivel estrat\u00e9gico, la expansi\u00f3n de la OTAN (que no hemos tratado aqu\u00ed);<\/span><\/strong><\/p>\n<p style=\"text-align: justify;\"><strong><span style=\"font-size: 14pt;\">\u2013 en el plano pol\u00edtico, la negativa occidental a implementar los Acuerdos de Minsk;<\/span><\/strong><\/p>\n<p style=\"text-align: justify;\"><strong><span style=\"font-size: 14pt;\">\u2013 y a nivel operativo, los continuos y repetidos ataques a la poblaci\u00f3n civil de Donbass durante a\u00f1os y el dram\u00e1tico aumento a finales de febrero de 2022.<\/span><\/strong><\/p>\n<p style=\"text-align: justify;\"><span style=\"font-size: 14pt;\">En otras palabras, por supuesto podemos deplorar y condenar el ataque ruso.\u00a0Pero NOSOTROS (es decir: Estados Unidos, Francia y la Uni\u00f3n Europea a la cabeza) hemos\u00a0<em>creado<\/em>\u00a0las condiciones para que estalle un conflicto.\u00a0Mostramos compasi\u00f3n por el pueblo ucraniano y los\u00a0<a href=\"https:\/\/data2.unhcr.org\/en\/situations\/ukraine\" target=\"_blank\" rel=\"noopener\">dos millones de refugiados<\/a>.\u00a0Est\u00e1 bien.\u00a0Pero si hubi\u00e9ramos tenido un m\u00ednimo de compasi\u00f3n por la misma cantidad de\u00a0<a href=\"https:\/\/reliefweb.int\/report\/ukraine\/ukraine-humanitarian-response-plan-2022-february-2022-enuk?utm_source=pocket_mylist\" target=\"_blank\" rel=\"noopener\">refugiados de las poblaciones ucranianas de Donbass<\/a>\u00a0masacradas por su propio gobierno y que se han estado acumulando en Rusia durante ocho a\u00f1os, probablemente nada de esto habr\u00eda sucedido.<\/span><\/p>\n<p style=\"text-align: justify;\">\u00a0<\/p>\n<p style=\"text-align: justify;\"><img loading=\"lazy\" decoding=\"async\" class=\"aligncenter wp-image-2246447\" src=\"https:\/\/puntocritico.com\/ausajpuntocritico\/wp-content\/uploads\/2022\/04\/Capture-decran-2022-03-13-a-22.55.19-1024x675-1.png\" alt=\"\" width=\"660\" height=\"435\" data-id=\"2246447\" srcset=\"https:\/\/puntocritico.com\/ausajpuntocritico\/wp-content\/uploads\/2022\/04\/Capture-decran-2022-03-13-a-22.55.19-1024x675-1.png 1024w, https:\/\/puntocritico.com\/ausajpuntocritico\/wp-content\/uploads\/2022\/04\/Capture-decran-2022-03-13-a-22.55.19-1024x675-1-300x198.png 300w, https:\/\/puntocritico.com\/ausajpuntocritico\/wp-content\/uploads\/2022\/04\/Capture-decran-2022-03-13-a-22.55.19-1024x675-1-768x506.png 768w, https:\/\/puntocritico.com\/ausajpuntocritico\/wp-content\/uploads\/2022\/04\/Capture-decran-2022-03-13-a-22.55.19-1024x675-1-610x402.png 610w\" sizes=\"auto, (max-width: 660px) 100vw, 660px\" \/><\/p>\n<p>&nbsp;<\/p>\n<p style=\"text-align: justify;\"><span style=\"font-size: 14pt;\">Si el t\u00e9rmino \u00ab<em><strong>genocidio<\/strong><\/em>\u00bb se aplica a los abusos sufridos por las poblaciones de Donbass es una pregunta abierta.\u00a0Este t\u00e9rmino generalmente se reserva para casos m\u00e1s grandes (Holocausto, etc.), sin embargo, la definici\u00f3n dada\u00a0<a href=\"https:\/\/www.ohchr.org\/FR\/ProfessionalInterest\/Pages\/CrimeOfGenocide.aspx\" target=\"_blank\" rel=\"noopener\">por la Convenci\u00f3n de Genocidio<\/a>\u00a0es probablemente lo suficientemente amplia como para aplicarse.\u00a0Los abogados lo apreciar\u00e1n.<\/span><\/p>\n<p style=\"text-align: justify;\"><span style=\"font-size: 14pt;\">Claramente, este conflicto nos ha llevado a la histeria.\u00a0<strong>Las sanciones parecen haberse convertido en la herramienta preferida de nuestra pol\u00edtica exterior.\u00a0Si hubi\u00e9ramos insistido en que Ucrania respetara los Acuerdos de Minsk, que hab\u00edamos negociado y respaldado, nada de esto habr\u00eda sucedido<\/strong>.\u00a0La condena de Vladimir Putin tambi\u00e9n es nuestra.\u00a0No tiene sentido quejarse despu\u00e9s del hecho, tuvimos que actuar antes.\u00a0Sin embargo, ni Emmanuel Macron (como garante y como miembro del Consejo de Seguridad de la ONU), ni Olaf Scholz, ni Volodymyr Zelensky han respetado sus compromisos.\u00a0En definitiva,<strong> la verdadera derrota es la de los que no tienen voz<\/strong>.<\/span><\/p>\n<p>&nbsp;<\/p>\n<blockquote>\n<p style=\"text-align: center;\"><strong><span style=\"font-size: 14pt; color: #008000;\">Las sanciones parecen haberse convertido en la herramienta preferida de nuestra pol\u00edtica exterior.\u00a0Si hubi\u00e9ramos insistido en que Ucrania respetara los Acuerdos de Minsk, que hab\u00edamos negociado y respaldado, nada de esto habr\u00eda sucedido<\/span><\/strong><\/p>\n<\/blockquote>\n<p>&nbsp;<\/p>\n<p style=\"text-align: justify;\"><span style=\"font-size: 14pt;\"><strong>La Uni\u00f3n Europea fue incapaz de impulsar la implementaci\u00f3n de los acuerdos de Minsk, al contrario, no reaccion\u00f3 cuando Ucrania bombarde\u00f3 a su propia poblaci\u00f3n en el Donbass.\u00a0Si lo hubiera hecho, Vladimir Putin no habr\u00eda necesitado reaccionar<\/strong>.\u00a0Ausente de la fase diplom\u00e1tica, la UE se distingui\u00f3 por alimentar el conflicto.\u00a0El 27 de febrero, el gobierno ucraniano\u00a0<a href=\"https:\/\/www.nbcnews.com\/news\/world\/ukraine-president-kyiv-kharkiv-foreign-fighters-join-russia-putin-rcna17844\" target=\"_blank\" rel=\"noopener\">acuerda iniciar negociaciones<\/a>\u00a0con Rusia.\u00a0Pero pocas horas despu\u00e9s, la Uni\u00f3n Europea vot\u00f3 un presupuesto de\u00a0<a href=\"https:\/\/www.bloomberg.com\/news\/articles\/2022-02-27\/eu-approves-450-million-euros-in-lethal-military-aid-for-ukraine\" target=\"_blank\" rel=\"noopener\">450 millones de euros para suministrar armas<\/a>\u00a0a Ucrania, echando le\u00f1a al fuego.\u00a0A partir de ah\u00ed, los ucranianos sienten que no necesitar\u00e1n llegar a un acuerdo.\u00a0La resistencia de las milicias de Azov en Mariupol provocar\u00e1 incluso <a href=\"https:\/\/www.rferl.org\/a\/european-union-sanctions-russia-ukraine-borrell\/31748462.html\" target=\"_blank\" rel=\"noopener\">un aumento de 500 millones de euros para armas<\/a>.<\/span><\/p>\n<p>&nbsp;<\/p>\n<blockquote>\n<p style=\"text-align: center;\"><span style=\"color: #008000;\"><em><strong><span style=\"font-size: 14pt;\">\u00ab&#8230;La Uni\u00f3n Europea fue incapaz de impulsar la implementaci\u00f3n de los acuerdos de Minsk, al contrario, no reaccion\u00f3 cuando Ucrania bombarde\u00f3 a su propia poblaci\u00f3n en el Donbass. Si lo hubiera hecho, Vladimir Putin no habr\u00eda necesitado reaccionar. Ausente de la fase diplom\u00e1tica, la UE se distingui\u00f3 por alimentar el conflicto. El 27 de febrero, el gobierno ucraniano <a style=\"color: #008000;\" href=\"https:\/\/www.nbcnews.com\/news\/world\/ukraine-president-kyiv-kharkiv-foreign-fighters-join-russia-putin-rcna17844\" target=\"_blank\" rel=\"noopener\">acuerda iniciar negociaciones<\/a>\u00a0con Rusia.\u00a0Pero pocas horas despu\u00e9s, la Uni\u00f3n Europea vot\u00f3 un presupuesto de\u00a0<a style=\"color: #008000;\" href=\"https:\/\/www.bloomberg.com\/news\/articles\/2022-02-27\/eu-approves-450-million-euros-in-lethal-military-aid-for-ukraine\" target=\"_blank\" rel=\"noopener\">450 millones de euros para suministrar armas<\/a>\u00a0a Ucrania, echando le\u00f1a al fuego.\u00a0A partir de ah\u00ed, los ucranianos sienten que no necesitar\u00e1n llegar a un acuerdo.\u00a0La resistencia de las milicias de Azov en Mariupol provocar\u00e1 incluso <a style=\"color: #008000;\" href=\"https:\/\/www.rferl.org\/a\/european-union-sanctions-russia-ukraine-borrell\/31748462.html\" target=\"_blank\" rel=\"noopener\">un aumento de 500 millones de euros para armas..<\/a>.\u00bb<\/span><\/strong><\/em><\/span><\/p>\n<\/blockquote>\n<p>&nbsp;<\/p>\n<p style=\"text-align: justify;\"><span style=\"font-size: 14pt;\">En Ucrania, con la bendici\u00f3n de los pa\u00edses occidentales, se elimina a los que est\u00e1n a favor de la negociaci\u00f3n.\u00a0Este es el caso de <strong>Denis Kireyev<\/strong>, uno de los negociadores ucranianos,\u00a0<a href=\"https:\/\/www.timesofisrael.com\/ukraine-reports-claim-negotiator-shot-for-treason-officials-say-he-died-in-intel-op\/\" target=\"_blank\" rel=\"noopener\">asesinado el 5 de marzo<\/a>\u00a0por el servicio secreto ucraniano (SBU) por ser demasiado favorable a Rusia y por ser considerado un traidor.\u00a0El mismo destino est\u00e1 reservado para <strong>Dmitry Demyanenko<\/strong>, ex subjefe de la direcci\u00f3n principal de la SBU para Kiev y su regi\u00f3n,\u00a0<a href=\"https:\/\/www.youtube.com\/watch?v=ZWHpVnrwfLY\" target=\"_blank\" rel=\"noopener\">asesinado el 10 de marzo<\/a>, porque <strong>era demasiado favorable a un acuerdo con Rusia: es asesinado por la milicia\u00a0<em>Mirotvorets\u00a0<\/em><\/strong><em>(\u00ab<\/em><em>Conciliador<\/em><em>\u00bb ).\u00a0<\/em>Esta milicia est\u00e1 asociada con el sitio web\u00a0<em>Mirotvorets<\/em> que enumera a los \u00ab<em>enemigos de Ucrania\u00bb<\/em>, con sus datos personales, direcci\u00f3n y tel\u00e9fonos, para que\u00a0<a href=\"https:\/\/www.mirror.co.uk\/news\/world-news\/dark-website-lists-russian-spies-26051893\" target=\"_blank\" rel=\"noopener\">puedan ser hostigados o incluso eliminados<\/a>;\u00a0una pr\u00e1ctica punible en muchos pa\u00edses, pero\u00a0<a href=\"https:\/\/www.refworld.org\/docid\/58ec89ad13.html\" target=\"_blank\" rel=\"noopener\">no en Ucrania<\/a>.\u00a0La ONU y algunos pa\u00edses europeos han exigido su cierre&#8230; rechazada por la Rada.<\/span><\/p>\n<p>&nbsp;<\/p>\n<blockquote>\n<p style=\"text-align: center;\"><strong><span style=\"font-size: 14pt; color: #008000;\">Si est\u00e1bamos tan apegados a la paz y a Ucrania, \u00bfpor qu\u00e9 no la alentamos m\u00e1s a respetar los acuerdos que ella hab\u00eda firmado y que los miembros del Consejo de Seguridad hab\u00edan aprobado?<\/span><\/strong><\/p>\n<\/blockquote>\n<p>&nbsp;<\/p>\n<p style=\"text-align: justify;\"><span style=\"font-size: 14pt;\">Eventualmente, el precio ser\u00e1 alto, pero es probable que Vladimir Putin logre los objetivos que se propuso.\u00a0Sus lazos con <strong>Beijing<\/strong> se han solidificado.\u00a0China emerge como mediador del conflicto, mientras que Suiza entra en la lista de enemigos de Rusia.\u00a0Los estadounidenses deben pedir petr\u00f3leo a Venezuela e Ir\u00e1n para salir del impasse energ\u00e9tico en el que se han metido: <strong>Juan Guaid\u00f3<\/strong> sale definitivamente de escena y Estados Unidos debe revertir lastimosamente las sanciones impuestas a sus enemigos.<\/span><\/p>\n<p style=\"text-align: justify;\"><span style=\"font-size: 14pt;\">Los ministros occidentales que buscan\u00a0<a href=\"https:\/\/www.youtube.com\/watch?v=Ntzacqlm-Ac\" target=\"_blank\" rel=\"noopener\">colapsar la econom\u00eda rusa<\/a>\u00a0y hacer\u00a0<a href=\"https:\/\/youtu.be\/n9BGOE_eVQc?t=280\" target=\"_blank\" rel=\"noopener\">sufrir al\u00a0<\/a><a href=\"https:\/\/www.youtube.com\/watch?v=n9BGOE_eVQc\" target=\"_blank\" rel=\"noopener\">pueblo ruso<\/a>,\u00a0incluso pidiendo el\u00a0<a href=\"https:\/\/lequotidien.lu\/politique-societe\/jean-asselborn-eliminer-physiquement-vladimir-poutine\/\" target=\"_blank\" rel=\"noopener\">asesinato<\/a>\u00a0de Putin, muestran (incluso si invirtieron parcialmente la forma de sus declaraciones, \u00a1pero no en el fondo!) que nuestros l\u00edderes no son mejores que los que odiamos.\u00a0Porque sancionar a los atletas rusos de los Juegos Paral\u00edmpicos o a los artistas rusos no tiene absolutamente nada que ver con una lucha contra Putin.<\/span><\/p>\n<p style=\"text-align: justify;\"><span style=\"font-size: 14pt;\">As\u00ed pues, <strong>reconocemos que Rusia es una democracia ya que consideramos que el pueblo ruso es el responsable de la guerra.\u00a0Si no, \u00bfpor qu\u00e9 estamos tratando de castigar a toda una poblaci\u00f3n por la culpa de uno?<\/strong>\u00a0Recuerde que el castigo colectivo est\u00e1 prohibido por los Convenios de Ginebra\u2026<\/span><\/p>\n<p>&nbsp;<\/p>\n<blockquote>\n<p style=\"text-align: center;\"><strong><span style=\"font-size: 14pt; color: #008000;\">reconocemos que Rusia es una democracia ya que consideramos que el pueblo ruso es el responsable de la guerra.\u00a0Si no, \u00bfpor qu\u00e9 estamos tratando de castigar a toda una poblaci\u00f3n por la culpa de uno?<\/span><\/strong><\/p>\n<\/blockquote>\n<p>&nbsp;<\/p>\n<p style=\"text-align: justify;\"><span style=\"font-size: 14pt;\">La lecci\u00f3n que se extrae de este conflicto es <strong>nuestro sentido de humanidad de geometr\u00eda variable<\/strong>. <strong>Si est\u00e1bamos tan apegados a la paz y a Ucrania, \u00bfpor qu\u00e9 no la alentamos m\u00e1s a respetar los acuerdos que ella hab\u00eda firmado y que los miembros del Consejo de Seguridad hab\u00edan aprobado?<\/strong><\/span><\/p>\n<p>&nbsp;<\/p>\n<blockquote>\n<p style=\"text-align: center;\"><strong><span style=\"font-size: 14pt; color: #008000;\">\u00bfPor qu\u00e9 ning\u00fan pol\u00edtico occidental ha reaccionado a los ataques contra la poblaci\u00f3n civil de Donbass durante ocho a\u00f1os?<\/span><\/strong><\/p>\n<\/blockquote>\n<p>&nbsp;<\/p>\n<p style=\"text-align: justify;\"><span style=\"font-size: 14pt;\">La integridad de los medios se mide por su voluntad de trabajar seg\u00fan los t\u00e9rminos de la Carta de Munich.\u00a0Hab\u00edan logrado propagar\u00a0<a href=\"https:\/\/www.hrw.org\/fr\/news\/2020\/05\/12\/le-covid-19-attise-le-racisme-anti-asiatique-et-la-xenophobie-dans-le-monde-entier\" target=\"_blank\" rel=\"noopener\">el odio hacia los chinos<\/a>\u00a0durante la crisis del Covid y su mensaje polarizado conduce a los\u00a0<a href=\"https:\/\/fr.metrotime.be\/belgique\/harcelement-et-racisme-les-russes-de-belgique-victimes-collaterales-de-linvasion-russe\" target=\"_blank\" rel=\"noopener\">mismos efectos contra los rusos<\/a>.\u00a0El periodismo se despoja cada vez m\u00e1s del profesionalismo para volverse militante\u2026<\/span><\/p>\n<p style=\"text-align: justify;\"><span style=\"font-size: 14pt;\">Como dijo Goethe: \u201c<em>Cuanto mayor es la luz, m\u00e1s oscura es la sombra<\/em>\u201d.\u00a0Cuanto m\u00e1s excesivas son las sanciones contra Rusia, m\u00e1s resaltan nuestro racismo y nuestro servilismo los casos en los que no hemos hecho nada.\u00a0<strong>\u00bfPor qu\u00e9 ning\u00fan pol\u00edtico occidental ha reaccionado a los ataques contra la poblaci\u00f3n civil de Donbass durante ocho a\u00f1os?<\/strong><\/span><\/p>\n<p>&nbsp;<\/p>\n<blockquote>\n<p style=\"text-align: center;\"><strong><span style=\"font-size: 14pt; color: #008000;\">La integridad de los medios se mide por su voluntad de trabajar seg\u00fan los t\u00e9rminos de la Carta de Munich.\u00a0Hab\u00edan logrado propagar\u00a0<a style=\"color: #008000;\" href=\"https:\/\/www.hrw.org\/fr\/news\/2020\/05\/12\/le-covid-19-attise-le-racisme-anti-asiatique-et-la-xenophobie-dans-le-monde-entier\" target=\"_blank\" rel=\"noopener\">el odio hacia los chinos<\/a>\u00a0durante la crisis del Covid y su mensaje polarizado conduce a los\u00a0<a style=\"color: #008000;\" href=\"https:\/\/fr.metrotime.be\/belgique\/harcelement-et-racisme-les-russes-de-belgique-victimes-collaterales-de-linvasion-russe\" target=\"_blank\" rel=\"noopener\">mismos efectos contra los rusos<\/a>.\u00a0El periodismo se despoja cada vez m\u00e1s del profesionalismo para volverse militante\u2026<\/span><\/strong><\/p>\n<\/blockquote>\n<p>&nbsp;<\/p>\n<p style=\"text-align: justify;\"><span style=\"font-size: 14pt;\">Despu\u00e9s de todo, <strong>\u00bfqu\u00e9 hace que el conflicto en Ucrania sea m\u00e1s censurable que la guerra en Irak, Afganist\u00e1n o Libia? \u00bfQu\u00e9 sanciones hemos adoptado contra quienes han mentido deliberadamente ante la comunidad internacional para librar guerras injustas, injustificadas, injustificables y asesinas? \u00bfTratamos de \u201chacer sufrir\u201d al pueblo estadounidense que nos hab\u00eda mentido (\u00a1porque es una democracia!) antes de la guerra en Irak? \u00bfHemos adoptado siquiera una sola sanci\u00f3n contra los pa\u00edses, empresas o pol\u00edticos que est\u00e1n alimentando el conflicto en Yemen, considerado el \u00ab<a href=\"https:\/\/www.un.org\/press\/fr\/2018\/cs13586.doc.htm\" target=\"_blank\" rel=\"noopener\">peor desastre humanitario del mundo<\/a>\u00ab? \u00bfHemos sancionado a los pa\u00edses de la Uni\u00f3n Europea que practican las torturas m\u00e1s abyectas en su territorio en beneficio de los Estados Unidos?<\/strong><\/span><\/p>\n<p style=\"text-align: justify;\"><span style=\"font-size: 14pt;\">Hacer la pregunta es responderla&#8230; y la respuesta no es gloriosa.<\/span><\/p>\n<p>&nbsp;<\/p>\n<blockquote>\n<p style=\"text-align: center;\"><span style=\"font-size: 14pt; color: #008000;\"><strong>\u00bfqu\u00e9 hace que el conflicto en Ucrania sea m\u00e1s censurable que la guerra en Irak, Afganist\u00e1n o Libia? \u00bfQu\u00e9 sanciones hemos adoptado contra quienes han mentido deliberadamente ante la comunidad internacional para librar guerras injustas, injustificadas, injustificables y asesinas? \u00bfTratamos de \u201chacer sufrir\u201d al pueblo estadounidense que nos hab\u00eda mentido (\u00a1porque es una democracia!) antes de la guerra en Irak?<\/strong><\/span><\/p>\n<\/blockquote>\n<p>&nbsp;<\/p>\n<p style=\"text-align: justify;\">\u00a0<\/p>\n<figure id=\"attachment_14996\" aria-describedby=\"caption-attachment-14996\" style=\"width: 360px\" class=\"wp-caption aligncenter\"><a href=\"https:\/\/puntocritico.com\/ausajpuntocritico\/2021\/08\/21\/the-century-of-the-self-2-the-engineering-of-consent-adam-curtis-subtitulado-espanol-documental-2\/\"><img loading=\"lazy\" decoding=\"async\" class=\"wp-image-14996\" src=\"https:\/\/puntocritico.com\/ausajpuntocritico\/wp-content\/uploads\/2018\/11\/Edward-Bernays-libro.jpg\" alt=\"\" width=\"360\" height=\"516\" data-id=\"14996\" srcset=\"https:\/\/puntocritico.com\/ausajpuntocritico\/wp-content\/uploads\/2018\/11\/Edward-Bernays-libro.jpg 565w, https:\/\/puntocritico.com\/ausajpuntocritico\/wp-content\/uploads\/2018\/11\/Edward-Bernays-libro-209x300.jpg 209w, https:\/\/puntocritico.com\/ausajpuntocritico\/wp-content\/uploads\/2018\/11\/Edward-Bernays-libro-105x150.jpg 105w\" sizes=\"auto, (max-width: 360px) 100vw, 360px\" \/><\/a><figcaption id=\"caption-attachment-14996\" class=\"wp-caption-text\"><a href=\"https:\/\/puntocritico.com\/ausajpuntocritico\/2021\/08\/21\/the-century-of-the-self-2-the-engineering-of-consent-adam-curtis-subtitulado-espanol-documental-2\/\"><span style=\"color: #008000;\">La ingenier\u00eda del consentimiento, por Edward L. Bernays<\/span><\/a><\/figcaption><\/figure>\n<p>&nbsp;<\/p>\n<table style=\"border-collapse: collapse; width: 100%;\">\n<tbody>\n<tr>\n<td style=\"width: 100%; border-color: #000000; background-color: #f5fcfc; text-align: center;\">\n<h2><span style=\"font-size: 18pt;\"><strong>EL AUTOR (<span style=\"font-size: 14pt;\"><em>Jacques Baud)<\/em><\/span><\/strong><\/span><\/h2>\n<figure id=\"attachment_2246667\" aria-describedby=\"caption-attachment-2246667\" style=\"width: 279px\" class=\"wp-caption aligncenter\"><img loading=\"lazy\" decoding=\"async\" class=\"wp-image-2246667 size-medium\" src=\"https:\/\/puntocritico.com\/ausajpuntocritico\/wp-content\/uploads\/2022\/04\/Jacques-Baud-279x300.webp\" alt=\"\" width=\"279\" height=\"300\" data-id=\"2246667\" srcset=\"https:\/\/puntocritico.com\/ausajpuntocritico\/wp-content\/uploads\/2022\/04\/Jacques-Baud-279x300.webp 279w, https:\/\/puntocritico.com\/ausajpuntocritico\/wp-content\/uploads\/2022\/04\/Jacques-Baud.webp 460w\" sizes=\"auto, (max-width: 279px) 100vw, 279px\" \/><figcaption id=\"caption-attachment-2246667\" class=\"wp-caption-text\"><span style=\"color: #008000;\">Jacques Baud<\/span><\/figcaption><\/figure>\n<p>&nbsp;<\/p>\n<p style=\"text-align: justify;\"><span style=\"font-size: 14pt;\"><em><strong>Jacques Baud<\/strong>\u00a0<strong>es un ex coronel del Estado Mayor, ex miembro de la inteligencia estrat\u00e9gica suiza, especialista en pa\u00edses de Europa del Este.\u00a0Fue entrenado en los servicios de inteligencia estadounidenses y brit\u00e1nicos.\u00a0Fue el jefe de doctrina de las operaciones de paz de las Naciones Unidas.\u00a0Experto de las Naciones Unidas en el estado de derecho y las instituciones de seguridad, dise\u00f1\u00f3 y dirigi\u00f3 el primer servicio multidimensional de inteligencia de las Naciones Unidas en Sud\u00e1n.\u00a0Trabaj\u00f3 para la Uni\u00f3n Africana y fue responsable de la lucha contra la proliferaci\u00f3n de armas peque\u00f1as en la OTAN durante 5 a\u00f1os.\u00a0Estuvo involucrado en conversaciones con altos funcionarios militares y de inteligencia rusos justo despu\u00e9s de la ca\u00edda de la URSS.\u00a0Dentro de la OTAN, sigui\u00f3 la crisis de Ucrania de 2014, luego particip\u00f3 en programas de asistencia a Ucrania.\u00a0Es autor de varios libros sobre inteligencia, guerra y terrorismo, y en particular Le D\u00e9tournement publicado por SIGEST, Govern by fake news, The Navalny affair y Poutine, master of the game?\u00a0publicado por Max Milo.<\/strong><\/em><\/span><\/p>\n<p style=\"text-align: justify;\"><span style=\"font-size: 14pt;\"><em><strong>Su \u00faltimo libro \u201cPutin, \u00bfmaestro del juego?\u00a0\u00bb, Ediciones Max Milo, publicado el 16 de marzo de 2022.<\/strong><\/em><\/span><\/p>\n<\/td>\n<\/tr>\n<\/tbody>\n<\/table>\n<p style=\"text-align: justify;\">\u00a0<\/p>\n<p><img loading=\"lazy\" decoding=\"async\" class=\"aligncenter wp-image-2246203 size-medium\" src=\"https:\/\/puntocritico.com\/ausajpuntocritico\/wp-content\/uploads\/2022\/04\/Capture-decran-2022-03-13-a-19.57.09-224x300.png\" alt=\"\" width=\"224\" height=\"300\" data-id=\"2246203\" srcset=\"https:\/\/puntocritico.com\/ausajpuntocritico\/wp-content\/uploads\/2022\/04\/Capture-decran-2022-03-13-a-19.57.09-224x300.png 224w, https:\/\/puntocritico.com\/ausajpuntocritico\/wp-content\/uploads\/2022\/04\/Capture-decran-2022-03-13-a-19.57.09-765x1024.png 765w, https:\/\/puntocritico.com\/ausajpuntocritico\/wp-content\/uploads\/2022\/04\/Capture-decran-2022-03-13-a-19.57.09-768x1029.png 768w, https:\/\/puntocritico.com\/ausajpuntocritico\/wp-content\/uploads\/2022\/04\/Capture-decran-2022-03-13-a-19.57.09-610x817.png 610w, https:\/\/puntocritico.com\/ausajpuntocritico\/wp-content\/uploads\/2022\/04\/Capture-decran-2022-03-13-a-19.57.09.png 1096w\" sizes=\"auto, (max-width: 224px) 100vw, 224px\" \/><\/p>\n<p>&nbsp;<\/p>\n<hr \/>\n<h2 style=\"text-align: justify;\"><span style=\"font-size: 14pt;\"><strong><em>RELACIONADOS<\/em>:<\/strong><\/span><\/h2>\n<blockquote class=\"wp-embedded-content\" data-secret=\"tozugm0hKd\"><p><a href=\"https:\/\/puntocritico.com\/ausajpuntocritico\/2018\/04\/17\/las-guerras-por-la-paz-se-basan-en-las-mentiras-en-siria-como-en-irak\/\">Las Guerras por la Paz se basan en las mentiras; en Siria como en Irak<\/a><\/p><\/blockquote>\n<p><iframe loading=\"lazy\" class=\"wp-embedded-content\" sandbox=\"allow-scripts\" security=\"restricted\" style=\"position: absolute; clip: rect(1px, 1px, 1px, 1px);\" title=\"\u00abLas Guerras por la Paz se basan en las mentiras; en Siria como en Irak\u00bb \u2014 Punto Cr\u00edtico Derechos Humanos\" src=\"https:\/\/puntocritico.com\/ausajpuntocritico\/2018\/04\/17\/las-guerras-por-la-paz-se-basan-en-las-mentiras-en-siria-como-en-irak\/embed\/#?secret=p4K3aCpSCj#?secret=tozugm0hKd\" data-secret=\"tozugm0hKd\" width=\"500\" height=\"282\" frameborder=\"0\" marginwidth=\"0\" marginheight=\"0\" scrolling=\"no\"><\/iframe><\/p>\n<blockquote class=\"wp-embedded-content\" data-secret=\"XybqmcJHLk\"><p><a href=\"https:\/\/puntocritico.com\/ausajpuntocritico\/2022\/04\/11\/ucrania-y-hunter-biden-laboratorios-biologicos-y-ordenadores-portatiles\/\">UCRANIA Y HUNTER BIDEN. Laboratorios biol\u00f3gicos y ordenadores port\u00e1tiles<\/a><\/p><\/blockquote>\n<p><iframe loading=\"lazy\" class=\"wp-embedded-content\" sandbox=\"allow-scripts\" security=\"restricted\" style=\"position: absolute; clip: rect(1px, 1px, 1px, 1px);\" title=\"\u00abUCRANIA Y HUNTER BIDEN. Laboratorios biol\u00f3gicos y ordenadores port\u00e1tiles\u00bb \u2014 Punto Cr\u00edtico Derechos Humanos\" src=\"https:\/\/puntocritico.com\/ausajpuntocritico\/2022\/04\/11\/ucrania-y-hunter-biden-laboratorios-biologicos-y-ordenadores-portatiles\/embed\/#?secret=Jkg1Wod9Y2#?secret=XybqmcJHLk\" data-secret=\"XybqmcJHLk\" width=\"500\" height=\"282\" frameborder=\"0\" marginwidth=\"0\" marginheight=\"0\" scrolling=\"no\"><\/iframe><\/p>\n<blockquote class=\"wp-embedded-content\" data-secret=\"LFzbG1Xj9r\"><p><a href=\"https:\/\/puntocritico.com\/ausajpuntocritico\/2022\/04\/09\/secretos-de-estado\/\">\u00abSECRETOS DE ESTADO\u00bb, (\u00abOfficial Secrets\u00bb, pel\u00edcula de Gavin Hood, 2019; basada en hechos reales). LA GUERRA DE IRAK: MENTIRAS DE DESTRUCCI\u00d3N MASIVA: La conocida estrategia de EE.UU. para iniciar guerras.<\/a><\/p><\/blockquote>\n<p><iframe loading=\"lazy\" class=\"wp-embedded-content\" sandbox=\"allow-scripts\" security=\"restricted\" style=\"position: absolute; clip: rect(1px, 1px, 1px, 1px);\" title=\"\u00ab\u00abSECRETOS DE ESTADO\u00bb, (\u00abOfficial Secrets\u00bb, pel\u00edcula de Gavin Hood, 2019; basada en hechos reales). LA GUERRA DE IRAK: MENTIRAS DE DESTRUCCI\u00d3N MASIVA: La conocida estrategia de EE.UU. para iniciar guerras.\u00bb \u2014 Punto Cr\u00edtico Derechos Humanos\" src=\"https:\/\/puntocritico.com\/ausajpuntocritico\/2022\/04\/09\/secretos-de-estado\/embed\/#?secret=wKwR7RYqIU#?secret=LFzbG1Xj9r\" data-secret=\"LFzbG1Xj9r\" width=\"500\" height=\"282\" frameborder=\"0\" marginwidth=\"0\" marginheight=\"0\" scrolling=\"no\"><\/iframe><\/p>\n<blockquote class=\"wp-embedded-content\" data-secret=\"gTxaF6A81r\"><p><a href=\"https:\/\/puntocritico.com\/ausajpuntocritico\/2022\/04\/26\/el-problema-neonazi-en-ucrania\/\">EL PROBLEMA NEONAZI EN UCRANIA (que se est\u00e1 convirtiendo en el problema de Europa): El Silogismo Perverso: Putin es malo, luego, los Neonazis son buenos.<\/a><\/p><\/blockquote>\n<p><iframe loading=\"lazy\" class=\"wp-embedded-content\" sandbox=\"allow-scripts\" security=\"restricted\" style=\"position: absolute; clip: rect(1px, 1px, 1px, 1px);\" title=\"\u00abEL PROBLEMA NEONAZI EN UCRANIA (que se est\u00e1 convirtiendo en el problema de Europa): El Silogismo Perverso: Putin es malo, luego, los Neonazis son buenos.\u00bb \u2014 Punto Cr\u00edtico Derechos Humanos\" src=\"https:\/\/puntocritico.com\/ausajpuntocritico\/2022\/04\/26\/el-problema-neonazi-en-ucrania\/embed\/#?secret=VcisPi64Ir#?secret=gTxaF6A81r\" data-secret=\"gTxaF6A81r\" width=\"500\" height=\"282\" frameborder=\"0\" marginwidth=\"0\" marginheight=\"0\" scrolling=\"no\"><\/iframe><\/p>\n<blockquote class=\"wp-embedded-content\" data-secret=\"TUB4Jrx5TX\"><p><a href=\"https:\/\/puntocritico.com\/ausajpuntocritico\/2021\/08\/09\/sin-razones-para-la-vacunacion-forzosa\/\">Sin razones para la vacunaci\u00f3n forzosa. \u00bfCu\u00e1l ser\u00eda el prop\u00f3sito de una investigaci\u00f3n sobre c\u00f3mo infectar con Coronavirus a los humanos? \u00bfQuienes financiaron esta \u00abinvestigaci\u00f3n\u00bb? Y, sobre todo, \u00bfporqu\u00e9?<\/a><\/p><\/blockquote>\n<p><iframe loading=\"lazy\" class=\"wp-embedded-content\" sandbox=\"allow-scripts\" security=\"restricted\" style=\"position: absolute; clip: rect(1px, 1px, 1px, 1px);\" title=\"\u00abSin razones para la vacunaci\u00f3n forzosa. \u00bfCu\u00e1l ser\u00eda el prop\u00f3sito de una investigaci\u00f3n sobre c\u00f3mo infectar con Coronavirus a los humanos? \u00bfQuienes financiaron esta \u00abinvestigaci\u00f3n\u00bb? Y, sobre todo, \u00bfporqu\u00e9?\u00bb \u2014 Punto Cr\u00edtico Derechos Humanos\" src=\"https:\/\/puntocritico.com\/ausajpuntocritico\/2021\/08\/09\/sin-razones-para-la-vacunacion-forzosa\/embed\/#?secret=RT0Cod3jHD#?secret=TUB4Jrx5TX\" data-secret=\"TUB4Jrx5TX\" width=\"500\" height=\"282\" frameborder=\"0\" marginwidth=\"0\" marginheight=\"0\" scrolling=\"no\"><\/iframe><\/p>\n<blockquote class=\"wp-embedded-content\" data-secret=\"BZI4ehDGjG\"><p><a href=\"https:\/\/puntocritico.com\/ausajpuntocritico\/2021\/03\/08\/carta-abierta-llamamiento-para-una-investigacion-forense-internacional-plena-y-sin-restricciones-sobre-el-origen-del-covid-19-4-marzo-2021\/\">CARTA ABIERTA. Llamamiento para una Investigaci\u00f3n forense internacional plena y sin restricciones sobre el origen del Covid-19 (4 marzo 2021). \u00abNi la OMS ni las autoridades chinas han dado pruebas que demuestren un origen natural de este virus\u00bb.<\/a><\/p><\/blockquote>\n<p><iframe loading=\"lazy\" class=\"wp-embedded-content\" sandbox=\"allow-scripts\" security=\"restricted\" style=\"position: absolute; clip: rect(1px, 1px, 1px, 1px);\" title=\"\u00abCARTA ABIERTA. Llamamiento para una Investigaci\u00f3n forense internacional plena y sin restricciones sobre el origen del Covid-19 (4 marzo 2021). \u00abNi la OMS ni las autoridades chinas han dado pruebas que demuestren un origen natural de este virus\u00bb.\u00bb \u2014 Punto Cr\u00edtico Derechos Humanos\" src=\"https:\/\/puntocritico.com\/ausajpuntocritico\/2021\/03\/08\/carta-abierta-llamamiento-para-una-investigacion-forense-internacional-plena-y-sin-restricciones-sobre-el-origen-del-covid-19-4-marzo-2021\/embed\/#?secret=dpkGYO2Ii0#?secret=BZI4ehDGjG\" data-secret=\"BZI4ehDGjG\" width=\"500\" height=\"282\" frameborder=\"0\" marginwidth=\"0\" marginheight=\"0\" scrolling=\"no\"><\/iframe><\/p>\n<blockquote class=\"wp-embedded-content\" data-secret=\"Z68oetNkxr\"><p><a href=\"https:\/\/puntocritico.com\/ausajpuntocritico\/2022\/02\/07\/origen-de-la-covid-wuhan-creo-ocho-virus-muy-infecciosos-para-el-ser-humano\/\">ORIGEN DE LA COVID: EL LABORATORIO DE WUHAN CRE\u00d3 OCHO VIRUS MUY INFECCIOSOS PARA EL SER HUMANO: \u00abLa doctora Shi Zhengli y el zo\u00f3logo Peter Daszak manipularon gen\u00e9ticamente un virus similar al del SARS y le a\u00f1adieron partes de otros virus de murci\u00e9lago para \u00abreproducirse bien\u00bb en c\u00e9lulas humanas, sin animal intermedio.<\/a><\/p><\/blockquote>\n<p><iframe loading=\"lazy\" class=\"wp-embedded-content\" sandbox=\"allow-scripts\" security=\"restricted\" style=\"position: absolute; clip: rect(1px, 1px, 1px, 1px);\" title=\"\u00abORIGEN DE LA COVID: EL LABORATORIO DE WUHAN CRE\u00d3 OCHO VIRUS MUY INFECCIOSOS PARA EL SER HUMANO: \u00abLa doctora Shi Zhengli y el zo\u00f3logo Peter Daszak manipularon gen\u00e9ticamente un virus similar al del SARS y le a\u00f1adieron partes de otros virus de murci\u00e9lago para \u00abreproducirse bien\u00bb en c\u00e9lulas humanas, sin animal intermedio.\u00bb \u2014 Punto Cr\u00edtico Derechos Humanos\" src=\"https:\/\/puntocritico.com\/ausajpuntocritico\/2022\/02\/07\/origen-de-la-covid-wuhan-creo-ocho-virus-muy-infecciosos-para-el-ser-humano\/embed\/#?secret=DpiYLhOf4P#?secret=Z68oetNkxr\" data-secret=\"Z68oetNkxr\" width=\"500\" height=\"282\" frameborder=\"0\" marginwidth=\"0\" marginheight=\"0\" scrolling=\"no\"><\/iframe><\/p>\n<blockquote class=\"wp-embedded-content\" data-secret=\"Ydmlvf2qhT\"><p><a href=\"https:\/\/puntocritico.com\/ausajpuntocritico\/2021\/08\/21\/the-century-of-the-self-2-the-engineering-of-consent-adam-curtis-subtitulado-espanol-documental-2\/\">The Century of the Self 2 -The Engineering of Consent \u2013 Adam Curtis (subtitulado espa\u00f1ol) Documental<\/a><\/p><\/blockquote>\n<p><iframe loading=\"lazy\" class=\"wp-embedded-content\" sandbox=\"allow-scripts\" security=\"restricted\" style=\"position: absolute; clip: rect(1px, 1px, 1px, 1px);\" title=\"\u00abThe Century of the Self 2 -The Engineering of Consent \u2013 Adam Curtis (subtitulado espa\u00f1ol) Documental\u00bb \u2014 Punto Cr\u00edtico Derechos Humanos\" src=\"https:\/\/puntocritico.com\/ausajpuntocritico\/2021\/08\/21\/the-century-of-the-self-2-the-engineering-of-consent-adam-curtis-subtitulado-espanol-documental-2\/embed\/#?secret=h1OJt8euJw#?secret=Ydmlvf2qhT\" data-secret=\"Ydmlvf2qhT\" width=\"500\" height=\"282\" frameborder=\"0\" marginwidth=\"0\" marginheight=\"0\" scrolling=\"no\"><\/iframe><\/p>\n<blockquote class=\"wp-embedded-content\" data-secret=\"qVXO9EMLBY\"><p><a href=\"https:\/\/puntocritico.com\/ausajpuntocritico\/2022\/03\/31\/disidencia-controlada-o-la-reconstruccion-de-las-dos-espanas-por-que-habeis-dicho-todos-que-en-espana-hay-dos-bandos-si-aqui-no-hay-mas-que-polvo-2\/\">DISIDENCIA CONTROLADA, O LA RECONSTRUCCI\u00d3N DE LAS DOS ESPA\u00d1AS. \u00ab\u00bfPor qu\u00e9 hab\u00e9is dicho todos que en Espa\u00f1a hay dos bandos, si aqu\u00ed no hay m\u00e1s que polvo?\u00bb<\/a><\/p><\/blockquote>\n<p><iframe loading=\"lazy\" class=\"wp-embedded-content\" sandbox=\"allow-scripts\" security=\"restricted\" style=\"position: absolute; clip: rect(1px, 1px, 1px, 1px);\" title=\"\u00abDISIDENCIA CONTROLADA, O LA RECONSTRUCCI\u00d3N DE LAS DOS ESPA\u00d1AS. \u00ab\u00bfPor qu\u00e9 hab\u00e9is dicho todos que en Espa\u00f1a hay dos bandos, si aqu\u00ed no hay m\u00e1s que polvo?\u00bb\u00bb \u2014 Punto Cr\u00edtico Derechos Humanos\" src=\"https:\/\/puntocritico.com\/ausajpuntocritico\/2022\/03\/31\/disidencia-controlada-o-la-reconstruccion-de-las-dos-espanas-por-que-habeis-dicho-todos-que-en-espana-hay-dos-bandos-si-aqui-no-hay-mas-que-polvo-2\/embed\/#?secret=agOVo2BsFr#?secret=qVXO9EMLBY\" data-secret=\"qVXO9EMLBY\" width=\"500\" height=\"282\" frameborder=\"0\" marginwidth=\"0\" marginheight=\"0\" scrolling=\"no\"><\/iframe><\/p>\n<blockquote class=\"wp-embedded-content\" data-secret=\"kQWMwVn89c\"><p><a href=\"https:\/\/puntocritico.com\/ausajpuntocritico\/2022\/04\/16\/vladimir-putin\/\">VLADIMIR PUTIN: Serie de Entrevistas (1 de 2), por OLIVER STONE (2015-2017). \u00abNada es blanco y nada es negro. Solo hay distintas tonalidades de gris\u00bb<\/a><\/p><\/blockquote>\n<p><iframe loading=\"lazy\" class=\"wp-embedded-content\" sandbox=\"allow-scripts\" security=\"restricted\" style=\"position: absolute; clip: rect(1px, 1px, 1px, 1px);\" title=\"\u00abVLADIMIR PUTIN: Serie de Entrevistas (1 de 2), por OLIVER STONE (2015-2017). \u00abNada es blanco y nada es negro. Solo hay distintas tonalidades de gris\u00bb\u00bb \u2014 Punto Cr\u00edtico Derechos Humanos\" src=\"https:\/\/puntocritico.com\/ausajpuntocritico\/2022\/04\/16\/vladimir-putin\/embed\/#?secret=6Xw5NwEFQB#?secret=kQWMwVn89c\" data-secret=\"kQWMwVn89c\" width=\"500\" height=\"282\" frameborder=\"0\" marginwidth=\"0\" marginheight=\"0\" scrolling=\"no\"><\/iframe><\/p>\n<blockquote class=\"wp-embedded-content\" data-secret=\"pgPlP81nCt\"><p><a href=\"https:\/\/puntocritico.com\/ausajpuntocritico\/2022\/03\/19\/donbass-2018-documental-de-sergei-loznitsa-ucrania\/\">DONBASS (2018), Documental de Sergei Loznitsa (Ucrania). LA POBLACI\u00d3N ABANDONADA. Extorsionados por las mafias del Independentismo Pro Ruso, mientras son bombardeados por su Gobierno.<\/a><\/p><\/blockquote>\n<p><iframe loading=\"lazy\" class=\"wp-embedded-content\" sandbox=\"allow-scripts\" security=\"restricted\" style=\"position: absolute; clip: rect(1px, 1px, 1px, 1px);\" title=\"\u00abDONBASS (2018), Documental de Sergei Loznitsa (Ucrania). LA POBLACI\u00d3N ABANDONADA. Extorsionados por las mafias del Independentismo Pro Ruso, mientras son bombardeados por su Gobierno.\u00bb \u2014 Punto Cr\u00edtico Derechos Humanos\" src=\"https:\/\/puntocritico.com\/ausajpuntocritico\/2022\/03\/19\/donbass-2018-documental-de-sergei-loznitsa-ucrania\/embed\/#?secret=gI6KdFX5Ob#?secret=pgPlP81nCt\" data-secret=\"pgPlP81nCt\" width=\"500\" height=\"282\" frameborder=\"0\" marginwidth=\"0\" marginheight=\"0\" scrolling=\"no\"><\/iframe><\/p>\n<blockquote class=\"wp-embedded-content\" data-secret=\"bUoKG7CezZ\"><p><a href=\"https:\/\/puntocritico.com\/ausajpuntocritico\/2022\/04\/05\/zelenskyelfoton\/\">ZELENSKY, UN FOT\u00d3N EMANCIPADO. \u00abServidor del Pueblo\u00bb, la serie de Netflix, con la que Silicon Valley gan\u00f3 las elecciones de Ucrania.<\/a><\/p><\/blockquote>\n<p><iframe loading=\"lazy\" class=\"wp-embedded-content\" sandbox=\"allow-scripts\" security=\"restricted\" style=\"position: absolute; clip: rect(1px, 1px, 1px, 1px);\" title=\"\u00abZELENSKY, UN FOT\u00d3N EMANCIPADO. \u00abServidor del Pueblo\u00bb, la serie de Netflix, con la que Silicon Valley gan\u00f3 las elecciones de Ucrania.\u00bb \u2014 Punto Cr\u00edtico Derechos Humanos\" src=\"https:\/\/puntocritico.com\/ausajpuntocritico\/2022\/04\/05\/zelenskyelfoton\/embed\/#?secret=ucGJqvu7bZ#?secret=bUoKG7CezZ\" data-secret=\"bUoKG7CezZ\" width=\"500\" height=\"282\" frameborder=\"0\" marginwidth=\"0\" marginheight=\"0\" scrolling=\"no\"><\/iframe><\/p>\n<blockquote class=\"wp-embedded-content\" data-secret=\"r8J8ZhdIGM\"><p><a href=\"https:\/\/puntocritico.com\/ausajpuntocritico\/2022\/04\/04\/pandora-papers-zelensky\/\">UCRANIA: EL PRESIDENTE, ZELENSKY, INVOLUCRADO EN LOS \u00abPANDORA PAPERS\u00bb: Las Sociedades en Para\u00edsos Fiscales (\u00abOff-Shore\u00bb) del presidente ucraniano y su c\u00edrculo \u00edntimo.<\/a><\/p><\/blockquote>\n<p><iframe loading=\"lazy\" class=\"wp-embedded-content\" sandbox=\"allow-scripts\" security=\"restricted\" style=\"position: absolute; clip: rect(1px, 1px, 1px, 1px);\" title=\"\u00abUCRANIA: EL PRESIDENTE, ZELENSKY, INVOLUCRADO EN LOS \u00abPANDORA PAPERS\u00bb: Las Sociedades en Para\u00edsos Fiscales (\u00abOff-Shore\u00bb) del presidente ucraniano y su c\u00edrculo \u00edntimo.\u00bb \u2014 Punto Cr\u00edtico Derechos Humanos\" src=\"https:\/\/puntocritico.com\/ausajpuntocritico\/2022\/04\/04\/pandora-papers-zelensky\/embed\/#?secret=r4AWoe2qZ0#?secret=r8J8ZhdIGM\" data-secret=\"r8J8ZhdIGM\" width=\"500\" height=\"282\" frameborder=\"0\" marginwidth=\"0\" marginheight=\"0\" scrolling=\"no\"><\/iframe><\/p>\n<blockquote class=\"wp-embedded-content\" data-secret=\"CDIW7QN3uj\"><p><a href=\"https:\/\/puntocritico.com\/ausajpuntocritico\/2022\/03\/16\/donbass-el-genocidio-cancelado\/\">DONBASS, LA GUERRA OLVIDADA. La CRIMINAL INVASI\u00d3N RUSA de Ucrania, no absuelve a Occidente por su colaboraci\u00f3n con grupos paramilitares fascistas ucranianos, como el Neonazi \u00abBatall\u00f3n Azov\u00bb.<\/a><\/p><\/blockquote>\n<p><iframe loading=\"lazy\" class=\"wp-embedded-content\" sandbox=\"allow-scripts\" security=\"restricted\" style=\"position: absolute; clip: rect(1px, 1px, 1px, 1px);\" title=\"\u00abDONBASS, LA GUERRA OLVIDADA. La CRIMINAL INVASI\u00d3N RUSA de Ucrania, no absuelve a Occidente por su colaboraci\u00f3n con grupos paramilitares fascistas ucranianos, como el Neonazi \u00abBatall\u00f3n Azov\u00bb.\u00bb \u2014 Punto Cr\u00edtico Derechos Humanos\" src=\"https:\/\/puntocritico.com\/ausajpuntocritico\/2022\/03\/16\/donbass-el-genocidio-cancelado\/embed\/#?secret=JkSg3etj7c#?secret=CDIW7QN3uj\" data-secret=\"CDIW7QN3uj\" width=\"500\" height=\"282\" frameborder=\"0\" marginwidth=\"0\" marginheight=\"0\" scrolling=\"no\"><\/iframe><\/p>\n<blockquote class=\"wp-embedded-content\" data-secret=\"inRfjeRi0C\"><p><a href=\"https:\/\/puntocritico.com\/ausajpuntocritico\/2022\/01\/29\/oliver-stone-ucrania-en-llamas-oliver-stone-ukraine-on-fire-subtitulos-en-espanol-subtitulos-en-espanol-2\/\">UCRANIA EN LLAMAS: Oliver Stone: Ukraine on Fire (Subt\u00edtulos en espa\u00f1ol)<\/a><\/p><\/blockquote>\n<p><iframe loading=\"lazy\" class=\"wp-embedded-content\" sandbox=\"allow-scripts\" security=\"restricted\" style=\"position: absolute; clip: rect(1px, 1px, 1px, 1px);\" title=\"\u00abUCRANIA EN LLAMAS: Oliver Stone: Ukraine on Fire (Subt\u00edtulos en espa\u00f1ol)\u00bb \u2014 Punto Cr\u00edtico Derechos Humanos\" src=\"https:\/\/puntocritico.com\/ausajpuntocritico\/2022\/01\/29\/oliver-stone-ucrania-en-llamas-oliver-stone-ukraine-on-fire-subtitulos-en-espanol-subtitulos-en-espanol-2\/embed\/#?secret=f1xtubRUNX#?secret=inRfjeRi0C\" data-secret=\"inRfjeRi0C\" width=\"500\" height=\"282\" frameborder=\"0\" marginwidth=\"0\" marginheight=\"0\" scrolling=\"no\"><\/iframe><\/p>\n<p><a href=\"https:\/\/puntocritico.com\/ausajpuntocritico\/2020\/01\/22\/espana-en-llamas-paralelismos-y-coincidencias-por-jesus-diaz-formoso-conversacion-con-carlos-tena\/\" target=\"_blank\" rel=\"noopener\" data-schema-attribute=\"\">https:\/\/puntocritico.com\/ausajpuntocritico\/2020\/01\/22\/espana-en-llamas-paralelismos-y-coincidencias-por-jesus-diaz-formoso-conversacion-con-carlos-tena\/<\/a><\/p>\n<p><a href=\"https:\/\/puntocritico.com\/ausajpuntocritico\/2022\/03\/09\/por-que-la-guerra-correspondencia-entre-einstein-y-freud-2\/\" target=\"_blank\" rel=\"noopener\" data-schema-attribute=\"\">https:\/\/puntocritico.com\/ausajpuntocritico\/2022\/03\/09\/por-que-la-guerra-correspondencia-entre-einstein-y-freud-2\/<\/a><\/p>\n<p><a href=\"https:\/\/puntocritico.com\/ausajpuntocritico\/2022\/04\/02\/el-caso-collini\/\" target=\"_blank\" rel=\"noopener\" data-schema-attribute=\"\">https:\/\/puntocritico.com\/ausajpuntocritico\/2022\/04\/02\/el-caso-collini\/<\/a><\/p>\n<p><a href=\"https:\/\/puntocritico.com\/ausajpuntocritico\/2022\/04\/06\/esta-todo-en-shakespeare\/\" target=\"_blank\" rel=\"noopener\" data-schema-attribute=\"\">https:\/\/puntocritico.com\/ausajpuntocritico\/2022\/04\/06\/esta-todo-en-shakespeare\/<\/a><\/p>\n<p>&nbsp;<\/p>\n<p><a href=\"https:\/\/puntocritico.com\/ausajpuntocritico\/author\/punto-critico\/\" target=\"_blank\" rel=\"noopener\"><img loading=\"lazy\" decoding=\"async\" class=\"aligncenter wp-image-9528\" src=\"https:\/\/puntocritico.com\/ausajpuntocritico\/wp-content\/uploads\/2018\/03\/Mosca_Punto_Cr\u00edtico_40.png\" alt=\"\" width=\"80\" height=\"80\" data-id=\"9528\" \/><\/a><\/p>\n<p>&nbsp;<\/p>\n<p>&nbsp;<\/p>\n","protected":false},"excerpt":{"rendered":"<div class=\"mh-excerpt\"><p>De la Sostenibilidad a la Guerra At\u00f3mica \u00a0 GLOBALISTAS: DE LA SOSTENIBILIDAD A LA GUERRA AT\u00d3MICA Hay que ser inflexibles con los comedores de carne. Los pedos de las vacas son terribles. Pero la guerra <a class=\"mh-excerpt-more\" href=\"https:\/\/puntocritico.com\/ausajpuntocritico\/2022\/04\/25\/de-la-sostenibilidad-a-la-guerra-atomica\/\" title=\"LA GUERRA DE LA DESINFORMACI\u00d3N. New World Order: De la Sostenibilidad a la Guerra At\u00f3mica. \u00abLa Situaci\u00f3n Militar en Ucrania\u00bb, por Jacques Baud.\">[&#8230;]<\/a><\/p>\n<\/div>","protected":false},"author":3,"featured_media":2245840,"comment_status":"open","ping_status":"closed","sticky":false,"template":"","format":"standard","meta":{"_acf_changed":false,"_exactmetrics_skip_tracking":false,"_exactmetrics_sitenote_active":false,"_exactmetrics_sitenote_note":"","_exactmetrics_sitenote_category":0,"footnotes":""},"categories":[7,12,14],"tags":[39],"class_list":{"0":"post-2246443","1":"post","2":"type-post","3":"status-publish","4":"format-standard","5":"has-post-thumbnail","7":"category-politica","8":"category-corrupcion","9":"category-corrupcion_informativa","10":"tag-ucrania"},"acf":[],"_links":{"self":[{"href":"https:\/\/puntocritico.com\/ausajpuntocritico\/wp-json\/wp\/v2\/posts\/2246443","targetHints":{"allow":["GET"]}}],"collection":[{"href":"https:\/\/puntocritico.com\/ausajpuntocritico\/wp-json\/wp\/v2\/posts"}],"about":[{"href":"https:\/\/puntocritico.com\/ausajpuntocritico\/wp-json\/wp\/v2\/types\/post"}],"author":[{"embeddable":true,"href":"https:\/\/puntocritico.com\/ausajpuntocritico\/wp-json\/wp\/v2\/users\/3"}],"replies":[{"embeddable":true,"href":"https:\/\/puntocritico.com\/ausajpuntocritico\/wp-json\/wp\/v2\/comments?post=2246443"}],"version-history":[{"count":0,"href":"https:\/\/puntocritico.com\/ausajpuntocritico\/wp-json\/wp\/v2\/posts\/2246443\/revisions"}],"wp:featuredmedia":[{"embeddable":true,"href":"https:\/\/puntocritico.com\/ausajpuntocritico\/wp-json\/wp\/v2\/media\/2245840"}],"wp:attachment":[{"href":"https:\/\/puntocritico.com\/ausajpuntocritico\/wp-json\/wp\/v2\/media?parent=2246443"}],"wp:term":[{"taxonomy":"category","embeddable":true,"href":"https:\/\/puntocritico.com\/ausajpuntocritico\/wp-json\/wp\/v2\/categories?post=2246443"},{"taxonomy":"post_tag","embeddable":true,"href":"https:\/\/puntocritico.com\/ausajpuntocritico\/wp-json\/wp\/v2\/tags?post=2246443"}],"curies":[{"name":"wp","href":"https:\/\/api.w.org\/{rel}","templated":true}]}}