{"id":2245703,"date":"2022-10-13T00:05:41","date_gmt":"2022-10-12T22:05:41","guid":{"rendered":"https:\/\/puntocritico.com\/ausajpuntocritico\/?p=2245703"},"modified":"2022-10-13T15:04:16","modified_gmt":"2022-10-13T13:04:16","slug":"la-evolucion-hacia-el-totalitarismo-nazis-del-siglo-xxi","status":"publish","type":"post","link":"https:\/\/puntocritico.com\/ausajpuntocritico\/2022\/10\/13\/la-evolucion-hacia-el-totalitarismo-nazis-del-siglo-xxi\/","title":{"rendered":"LA EVOLUCI\u00d3N HACIA EL TOTALITARISMO: Nazis del Siglo XXI: \u201cAhora, todos ustedes son Azov\u201d."},"content":{"rendered":"<p style=\"text-align: justify;\"><span style=\"color: #008000; font-size: 14pt;\">LA EVOLUCI\u00d3N HACIA EL TOTALITARISMO<\/span><\/p>\n\n<p>&nbsp;<\/p>\n<blockquote>\n<h2 style=\"text-align: center;\"><span style=\"font-size: 24pt;\"><strong>\u00bfPUEDE EUROPA PERMITIRSE EL LUJO DE HACER LA VISTA GORDA ANTE LA EVIDENCIA DEL PAPEL DE EE. UU. EN LAS EXPLOSIONES DE OLEODUCTOS?<\/strong><\/span><\/h2>\n<p style=\"text-align: justify;\"><span style=\"font-size: 14pt;\">Por Jonathan Cook<\/span><\/p>\n<p style=\"text-align: justify;\"><span style=\"font-size: 14pt;\"><a href=\"https:\/\/www.mintpressnews.com\/evidence-united-states-role-nord-stream-pipeline-blasts\/282149\/\" target=\"_blank\" rel=\"noopener\">MintPress News<\/a>, 6 OCT 2022<\/span><\/p>\n<p><img loading=\"lazy\" decoding=\"async\" class=\"aligncenter size-full wp-image-2258452\" src=\"https:\/\/puntocritico.com\/ausajpuntocritico\/wp-content\/uploads\/2022\/10\/Nord-Stream-manif.jpg\" alt=\"\" width=\"638\" height=\"280\" data-id=\"2258452\" srcset=\"https:\/\/puntocritico.com\/ausajpuntocritico\/wp-content\/uploads\/2022\/10\/Nord-Stream-manif.jpg 638w, https:\/\/puntocritico.com\/ausajpuntocritico\/wp-content\/uploads\/2022\/10\/Nord-Stream-manif-300x132.jpg 300w, https:\/\/puntocritico.com\/ausajpuntocritico\/wp-content\/uploads\/2022\/10\/Nord-Stream-manif-610x268.jpg 610w\" sizes=\"auto, (max-width: 638px) 100vw, 638px\" \/><\/p>\n<p>&nbsp;<\/p>\n<p class=\"has-drop-cap\" style=\"text-align: justify;\"><span style=\"font-size: 14pt;\">El sabotaje de los dos oleoductos Nord Stream dejar\u00e1 a los europeos mucho m\u00e1s pobres y con m\u00e1s fr\u00edo este invierno, y fue un acto de vandalismo internacional en una escala casi inimaginable. Los ataques cortaron el suministro de gas ruso a Europa y provocaron la liberaci\u00f3n de\u00a0<a href=\"https:\/\/www.newcivilengineer.com\/latest\/nord-stream-risk-of-gas-pipeline-leak-was-estimated-to-be-one-in-100000-year-event-30-09-2022\/\" target=\"_blank\" rel=\"noopener\" data-schema-attribute=\"\">enormes cantidades<\/a>\u00a0de gas metano, el principal culpable del calentamiento global.<\/span><\/p>\n<p style=\"text-align: justify;\"><span style=\"font-size: 14pt;\">Es por eso que nadie va a asumir la responsabilidad del crimen, y lo m\u00e1s probable es que nadie sea declarado definitivamente culpable.<\/span><\/p>\n<p style=\"text-align: justify;\"><span style=\"font-size: 14pt;\">No obstante, el nivel de dificultad y sofisticaci\u00f3n en la activaci\u00f3n de explosiones en tres ubicaciones separadas en los oleoductos Nord Stream 1 y 2 sugiere abrumadoramente que un actor o actores estatales estaban detr\u00e1s de esto.<\/span><\/p>\n<p style=\"text-align: justify;\"><span style=\"font-size: 14pt;\">La cobertura occidental de los ataques ha sido decididamente silenciada, dado que este asalto hostil a la infraestructura energ\u00e9tica del mundo no tiene precedentes, eclipsando incluso los ataques del 11 de septiembre.<\/span><\/p>\n<p style=\"text-align: justify;\"><span style=\"font-size: 14pt;\">La raz\u00f3n por la que parece haber tan poco entusiasmo por explorar este evento catastr\u00f3fico en detalle, m\u00e1s all\u00e1\u00a0<a href=\"https:\/\/usun.usmission.gov\/remarks-at-a-un-security-council-meeting-on-leaks-in-the-nordstream-pipeline\/\" target=\"_blank\" rel=\"noopener\" data-schema-attribute=\"\">de se\u00f1alar con el dedo<\/a>\u00a0en direcci\u00f3n a Rusia, no es dif\u00edcil de deducir.<\/span><\/p>\n<p style=\"text-align: justify;\"><span style=\"font-size: 14pt;\">Es dif\u00edcil pensar en una sola raz\u00f3n por la que Mosc\u00fa desee destruir sus propios conductos de energ\u00eda, valorados en 20.000 millones de d\u00f3lares, o dejar entrar agua de mar, posiblemente corroy\u00e9ndolos de forma irreversible.<\/span><\/p>\n<p style=\"text-align: justify;\"><span style=\"font-size: 14pt;\">Los ataques privan a Rusia de sus principales l\u00edneas de suministro de gas a Europa, y con ello, ingresos futuros vitales, al tiempo que dejan el campo abierto a los competidores<\/span>.<\/p>\n<p style=\"text-align: justify;\"><span style=\"font-size: 14pt;\">Mosc\u00fa pierde su \u00fanica influencia significativa sobre Alemania, su principal comprador en Europa y el coraz\u00f3n del proyecto europeo, cuando m\u00e1s la necesita, ya que se enfrenta a\u00a0<a href=\"https:\/\/www.reuters.com\/world\/europe\/eu-seeks-keep-up-support-ukraine-despite-economic-damage-2022-07-18\/\" target=\"_blank\" rel=\"noopener\" data-schema-attribute=\"\">los esfuerzos concertados<\/a>\u00a0de Estados Unidos y Europa para expulsar a los soldados rusos de Ucrania.<\/span><\/p>\n<p style=\"text-align: justify;\"><span style=\"font-size: 14pt;\">Incluso cualquier posible ventaja temporal que Mosc\u00fa podr\u00eda haber obtenido al demostrar su crueldad y poder\u00edo a Europa podr\u00eda haberse logrado con la misma eficacia simplemente cerrando el grifo para detener los suministros.<\/span><\/p>\n<h3 style=\"text-align: justify;\">TAB\u00da DE LOS MEDIOS<\/h3>\n<p style=\"text-align: justify;\"><span style=\"font-size: 14pt;\">Esta semana, el distinguido economista Jeffrey Sachs fue invitado en\u00a0<i>Bloomberg<\/i>\u00a0TV para hablar sobre los ataques a los oleoductos.\u00a0Rompi\u00f3 un tab\u00fa entre las \u00e9lites occidentales al\u00a0<a href=\"https:\/\/twitter.com\/0ddette\/status\/1576916509766451200\" target=\"_blank\" rel=\"noopener\" data-schema-attribute=\"\">citar<\/a>\u00a0pruebas que suger\u00edan que Estados Unidos, y no Rusia, era el principal sospechoso.<\/span><\/p>\n<p>&nbsp;<\/p>\n<p><a href=\"https:\/\/twitter.com\/0ddette\/status\/1576916509766451200?ref_src=twsrc%5Etfw%7Ctwcamp%5Etweetembed%7Ctwterm%5E1576916509766451200%7Ctwgr%5Ec7201cddb3b82fe4801814695c459e6178ccabd9%7Ctwcon%5Es1_&amp;ref_url=https%3A%2F%2Fcdn.iframe.ly%2Fapi%2Fiframe%3Fapp%3D1url%3Dhttps3A2F2Ftwitter.com2F0ddette2Fstatus2F15769165097664512003Fref_src3Dtwsrc255Etfw257Ctwcamp255Etweetembed257Ctwterm255E1576916509766451200257Ctwgr255E27cf242211acb4023fab33708e7b0d6a1f4b5a6a257Ctwcon255Es1_26ref_url3Dhttps253A252F252Fwww.mintpressnews.com252Fwp-admin252Fpost.php253Fpost253D282149action253Deditclassic-editorkey%3Dbab15327a66f873fa9c0d80b90a8205a\" target=\"_blank\" rel=\"noopener\"><img loading=\"lazy\" decoding=\"async\" class=\"aligncenter wp-image-2258457\" src=\"https:\/\/puntocritico.com\/ausajpuntocritico\/wp-content\/uploads\/2022\/10\/Tuit-detti.jpg\" alt=\"\" width=\"480\" height=\"547\" data-id=\"2258457\" srcset=\"https:\/\/puntocritico.com\/ausajpuntocritico\/wp-content\/uploads\/2022\/10\/Tuit-detti.jpg 671w, https:\/\/puntocritico.com\/ausajpuntocritico\/wp-content\/uploads\/2022\/10\/Tuit-detti-263x300.jpg 263w, https:\/\/puntocritico.com\/ausajpuntocritico\/wp-content\/uploads\/2022\/10\/Tuit-detti-610x695.jpg 610w\" sizes=\"auto, (max-width: 480px) 100vw, 480px\" \/><\/a><\/p>\n<p>&nbsp;<\/p>\n<p style=\"text-align: justify;\"><span style=\"font-size: 14pt;\">Los medios occidentales como\u00a0<a href=\"https:\/\/apnews.com\/article\/russia-ukraine-nato-united-states-baltic-sea-b837ae25021807a3caef4aa3043a8013\" target=\"_blank\" rel=\"noopener\" data-schema-attribute=\"\"><i>Associated Press<\/i><\/a>\u00a0han tratado de excluir esa l\u00ednea de pensamiento calific\u00e1ndola de \u00ab<em>teor\u00eda de conspiraci\u00f3n sin fundamento<\/em>\u00bb y \u00ab<em>desinformaci\u00f3n<\/em>\u00bb rusa.\u00a0Pero, como se\u00f1al\u00f3 Sachs, hay buenas razones para sospechar que Estados Unidos est\u00e1 por encima de Rusia.<\/span><\/p>\n<p style=\"text-align: justify;\"><span style=\"font-size: 14pt;\">Est\u00e1, por ejemplo, la amenaza a Rusia hecha por el presidente estadounidense Joe Biden a principios de febrero de que \u201c<em>ya no habr\u00e1 un Nord Stream 2<\/em>\u201d si se invadiera Ucrania.\u00a0Cuestionado por un reportero sobre c\u00f3mo ser\u00eda eso posible, Biden\u00a0<a href=\"https:\/\/twitter.com\/Partisangirl\/status\/1574685985115607040\" target=\"_blank\" rel=\"noopener\">afirm\u00f3<\/a>\u00a0: \u201c<em>Te prometo que seremos capaces de hacerlo<\/em>\u201d.<\/span><\/p>\n<p>&nbsp;<\/p>\n<p><a href=\"https:\/\/twitter.com\/Partisangirl\/status\/1574685985115607040?ref_src=twsrc%5Etfw%7Ctwcamp%5Etweetembed%7Ctwterm%5E1574685985115607040%7Ctwgr%5Ef6538d96d2a8c3d775b59f7632393de645e03773%7Ctwcon%5Es1_&amp;ref_url=https%3A%2F%2Fcdn.iframe.ly%2Fapi%2Fiframe%3Fapp%3D1url%3Dhttps3A2F2Ftwitter.com2FPartisangirl2Fstatus2F1574685985115607040key%3Dbab15327a66f873fa9c0d80b90a8205a\" target=\"_blank\" rel=\"noopener\"><img loading=\"lazy\" decoding=\"async\" class=\"aligncenter wp-image-2258458\" src=\"https:\/\/puntocritico.com\/ausajpuntocritico\/wp-content\/uploads\/2022\/10\/Tuit-syrian.jpg\" alt=\"\" width=\"440\" height=\"762\" data-id=\"2258458\" srcset=\"https:\/\/puntocritico.com\/ausajpuntocritico\/wp-content\/uploads\/2022\/10\/Tuit-syrian.jpg 451w, https:\/\/puntocritico.com\/ausajpuntocritico\/wp-content\/uploads\/2022\/10\/Tuit-syrian-173x300.jpg 173w\" sizes=\"auto, (max-width: 440px) 100vw, 440px\" \/><\/a><\/p>\n<p style=\"text-align: justify;\">\u00a0<\/p>\n<p style=\"text-align: justify;\"><span style=\"font-size: 14pt;\">Biden no estaba hablando fuera de lugar o de improviso.\u00a0Al mismo tiempo,\u00a0<a href=\"https:\/\/www.mintpressnews.com\/victoria-nuland-hand-in-every-us-intervention-past-30-years\/275272\/\" target=\"_blank\" rel=\"noopener\">Victoria Nuland<\/a>, una diplom\u00e1tica de alto rango en la administraci\u00f3n de Biden, emiti\u00f3 a Rusia la misma advertencia y les\u00a0<a href=\"https:\/\/twitter.com\/Partisangirl\/status\/1574912267434409984\" target=\"_blank\" rel=\"noopener\" data-schema-attribute=\"\">dijo a<\/a>\u00a0los periodistas: \u201c<em>Si Rusia invade Ucrania, de una forma u otra, Nord Stream 2 no avanzar\u00e1<\/em>\u201d.<\/span><\/p>\n<div>\u00a0<\/div>\n<div><a href=\"https:\/\/twitter.com\/Partisangirl\/status\/1574912267434409984?ref_src=twsrc%5Etfw%7Ctwcamp%5Etweetembed%7Ctwterm%5E1574912267434409984%7Ctwgr%5Eac80bc9359b2f2caa58c38879977ed07c187a85b%7Ctwcon%5Es1_&amp;ref_url=https%3A%2F%2Fcdn.iframe.ly%2Fapi%2Fiframe%3Fapp%3D1url%3Dhttps3A2F2Ftwitter.com2FPartisangirl2Fstatus2F1574912267434409984key%3Dbab15327a66f873fa9c0d80b90a8205a\" target=\"_blank\" rel=\"noopener\"><img loading=\"lazy\" decoding=\"async\" class=\"aligncenter size-full wp-image-2258459\" src=\"https:\/\/puntocritico.com\/ausajpuntocritico\/wp-content\/uploads\/2022\/10\/Tuit-sobre-nuland.jpg\" alt=\"\" width=\"466\" height=\"553\" data-id=\"2258459\" srcset=\"https:\/\/puntocritico.com\/ausajpuntocritico\/wp-content\/uploads\/2022\/10\/Tuit-sobre-nuland.jpg 466w, https:\/\/puntocritico.com\/ausajpuntocritico\/wp-content\/uploads\/2022\/10\/Tuit-sobre-nuland-253x300.jpg 253w\" sizes=\"auto, (max-width: 466px) 100vw, 466px\" \/><\/a><\/div>\n<p>&nbsp;<\/p>\n<p style=\"text-align: justify;\"><span style=\"font-size: 14pt;\">Ese es la misma <strong>Nuland<\/strong> que estuvo <a href=\"https:\/\/consortiumnews.com\/2022\/05\/25\/nuland-pyatt-tape-removed-from-youtube-after-8-years\/\" target=\"_blank\" rel=\"noopener\">\u00edntimamente involucrado<\/a>\u00a0en 2014 en las maniobras detr\u00e1s de escena de los EE. UU. para ayudar a derrocar a un gobierno ucraniano electo que condujo a la instalaci\u00f3n de uno hostil a Mosc\u00fa.\u00a0Fue ese golpe el que desencaden\u00f3 una combinaci\u00f3n combustible de resultados: el creciente coqueteo de Kiev con la OTAN, as\u00ed como una guerra civil en el este entre los\u00a0<a href=\"https:\/\/www.theguardian.com\/world\/2014\/sep\/10\/azov-far-right-fighters-ukraine-neo-nazis\" target=\"_blank\" rel=\"noopener\">ultranacionalistas<\/a>\u00a0ucranianos y las comunidades \u00e9tnicas rusas, que proporcionaron la raz\u00f3n principal para la posterior invasi\u00f3n del presidente Vladimir Putin.<\/span><\/p>\n<p style=\"text-align: justify;\"><span style=\"font-size: 14pt;\">Y para aquellos que a\u00fan no saben qu\u00e9 motivo podr\u00eda tener Estados Unidos para perpetrar semejante atentado, el jefe de Nuland amablemente ofreci\u00f3 una respuesta el viernes pasado.\u00a0El secretario de Estado, Anthony Blinken,\u00a0<a href=\"https:\/\/twitter.com\/aaronjmate\/status\/1576326018893492225\" target=\"_blank\" rel=\"noopener\">describi\u00f3<\/a>\u00a0la destrucci\u00f3n de los oleoductos de Nord Stream y la consiguiente cat\u00e1strofe ambiental como una \u00ab<em>tremenda oportunidad estrat\u00e9gica para los a\u00f1os venideros<\/em>\u00ab.<\/span><\/p>\n<p style=\"text-align: justify;\"><span style=\"font-size: 14pt;\">Blinken estableci\u00f3 demasiado claramente el \u00ab<em>cui bono<\/em>\u00bb &#8211; \u00ab<em>\u00bfqui\u00e9n se beneficia?<\/em>\u00bb\u00a0\u2013 argumento, lo que sugiere que los comentarios anteriores de Biden y Nuland no fueron solo una postura vac\u00eda de la Casa Blanca antes de la invasi\u00f3n.<\/span><\/p>\n<p style=\"text-align: justify;\"><span style=\"font-size: 14pt;\">Blinken celebr\u00f3 el hecho de que Europa se ver\u00eda privada del gas ruso en el futuro previsible y, con ello, la influencia de Putin sobre Alemania y otros estados europeos.\u00a0Antes de las explosiones, el peligro para Washington era que Mosc\u00fa pudiera avanzar en negociaciones favorables sobre Ucrania en lugar de perpetuar una guerra que el secretario de defensa de Biden, Lloyd Austin, ya ha\u00a0<a href=\"https:\/\/www.theguardian.com\/world\/2022\/apr\/25\/russia-weakedend-lloyd-austin-ukraine\" target=\"_blank\" rel=\"noopener\">declarado<\/a> que est\u00e1 dise\u00f1ada para \u00ab<em>debilitar<\/em>\u00bb a Rusia al menos tanto como para liberar a Ucrania. O, como lo expres\u00f3 Blinken, los ataques fueron \u201c<em>una tremenda oportunidad de una vez por todas para eliminar la dependencia de la energ\u00eda rusa y, por lo tanto, quitarle a Vladimir Putin el uso de la energ\u00eda como un medio para avanzar en sus dise\u00f1os imperiales<\/em>\u201d.<\/span><\/p>\n<p style=\"text-align: justify;\"><span style=\"font-size: 14pt;\">Aunque Blinken no lo mencion\u00f3, tambi\u00e9n fue una \u201c<em>tremenda oportunidad<\/em>\u201d para hacer que Europa dependiera mucho m\u00e1s de los EE. UU. para sus suministros de gas, enviado por mar a Europa a un costo mucho mayor que a trav\u00e9s de los oleoductos de Rusia.\u00a0Las empresas energ\u00e9ticas estadounidenses bien pueden ser las mayores beneficiarias de las explosiones.<\/span><\/p>\n<p>&nbsp;<\/p>\n<p><img loading=\"lazy\" decoding=\"async\" class=\"aligncenter wp-image-2258460\" src=\"https:\/\/puntocritico.com\/ausajpuntocritico\/wp-content\/uploads\/2022\/10\/Nuland-et-al.jpg\" alt=\"LA EVOLUCI\u00d3N HACIA EL TOTALITARISMO\" width=\"480\" height=\"337\" data-id=\"2258460\" srcset=\"https:\/\/puntocritico.com\/ausajpuntocritico\/wp-content\/uploads\/2022\/10\/Nuland-et-al.jpg 737w, https:\/\/puntocritico.com\/ausajpuntocritico\/wp-content\/uploads\/2022\/10\/Nuland-et-al-300x211.jpg 300w, https:\/\/puntocritico.com\/ausajpuntocritico\/wp-content\/uploads\/2022\/10\/Nuland-et-al-610x429.jpg 610w\" sizes=\"auto, (max-width: 480px) 100vw, 480px\" \/><\/p>\n<p>&nbsp;<\/p>\n<h3 style=\"text-align: justify;\"><strong>INMISCUIRSE EN UCRANIA<\/strong><\/h3>\n<p style=\"text-align: justify;\"><span style=\"font-size: 14pt;\">La hostilidad de Estados Unidos hacia los lazos econ\u00f3micos de Rusia con Europa no es nueva.\u00a0Mucho antes de la invasi\u00f3n de Rusia, Washington hab\u00eda\u00a0<a href=\"https:\/\/www.youtube.com\/watch?v=fjBhD-TW_QI\" target=\"_blank\" rel=\"noopener\">buscado\u00a0<\/a><a href=\"https:\/\/www.nytimes.com\/2020\/08\/25\/world\/europe\/nord-stream-2-germany-us-russia.html\" target=\"_blank\" rel=\"noopener\">abiertamente<\/a>\u00a0formas de bloquear los oleoductos Nord Stream.<\/span><\/p>\n<p style=\"text-align: justify;\"><span style=\"font-size: 14pt;\">Una de las predecesoras recientes de Blinken, <strong>Condoleezza Rice<\/strong>, expres\u00f3 el consenso de Washington en 2014, al mismo tiempo que se grababa a Nuland\u00a0<a href=\"https:\/\/consortiumnews.com\/2022\/05\/25\/nuland-pyatt-tape-removed-from-youtube-after-8-years\/\" target=\"_blank\" rel=\"noopener\">entrometi\u00e9ndose en secreto<\/a>\u00a0en Ucrania, discutiendo qui\u00e9n deber\u00eda ser instalado como presidente en lugar del gobierno electo de Ucrania que estaba a punto de ser derrocado en un golpe de estado.<\/span><\/p>\n<p style=\"text-align: justify;\"><span style=\"font-size: 14pt;\">En declaraciones a la televisi\u00f3n alemana, Rice\u00a0<a href=\"https:\/\/www.youtube.com\/watch?v=aF0uYIjaTNE\" target=\"_blank\" rel=\"noopener\">dijo que<\/a>\u00a0la econom\u00eda rusa era vulnerable a las sanciones porque el 80% de sus exportaciones estaban relacionadas con la energ\u00eda.\u00a0Demostrando cu\u00e1n equivocadas suelen ser las predicciones de la pol\u00edtica exterior estadounidense, afirm\u00f3 con confianza: \u201c<em>La gente dice que los europeos se quedar\u00e1n sin energ\u00eda.\u00a0Bueno, los rusos se quedar\u00e1n sin efectivo antes de que los europeos se queden sin energ\u00eda<\/em>\u201d.\u00a0Romper la dependencia de Europa de la energ\u00eda rusa fue, en palabras de Rice, \u00ab<em>uno de los pocos instrumentos que tenemos&#8230; A largo plazo, simplemente quieres cambiar la estructura de la dependencia energ\u00e9tica<\/em>\u00ab.<\/span><\/p>\n<p>&nbsp;<\/p>\n<\/blockquote>\n<p><iframe loading=\"lazy\" title=\"Condoleezza Rice:  Gas und \u00d6lkrieg gegen Putin\" width=\"500\" height=\"281\" src=\"https:\/\/www.youtube.com\/embed\/aF0uYIjaTNE?feature=oembed\" frameborder=\"0\" allow=\"accelerometer; autoplay; clipboard-write; encrypted-media; gyroscope; picture-in-picture; web-share\" referrerpolicy=\"strict-origin-when-cross-origin\" allowfullscreen><\/iframe><\/p>\n<blockquote>\n<p>&nbsp;<\/p>\n<p style=\"text-align: justify;\"><span style=\"font-size: 14pt;\">Agreg\u00f3: \u201c<em>Ustedes [Alemania] quieren depender m\u00e1s de la plataforma energ\u00e9tica de Am\u00e9rica del Norte, la enorme abundancia de petr\u00f3leo y gas que estamos encontrando en Am\u00e9rica del Norte.\u00a0Quieres tener oleoductos que no pasen por Ucrania y Rusia<\/em>\u201d.<\/span><\/p>\n<p style=\"text-align: justify;\"><span style=\"font-size: 14pt;\">Ahora, el sabotaje de Nord Stream 1 y 2 ha logrado un importante objetivo de la pol\u00edtica exterior de EE. UU. de la noche a la ma\u00f1ana.<\/span><\/p>\n<p style=\"text-align: justify;\"><span style=\"font-size: 14pt;\">Tambi\u00e9n se ha adelantado al aumento de la presi\u00f3n en Alemania, a trav\u00e9s\u00a0<a href=\"https:\/\/www.aa.com.tr\/en\/environment\/thousands-march-in-eastern-germany-to-protest-soaring-energy-prices\/2696034\" target=\"_blank\" rel=\"noopener\">de protestas masivas<\/a>\u00a0y una creciente oposici\u00f3n empresarial, que podr\u00eda haber hecho que Berl\u00edn revirtiera el curso de las sanciones europeas a Rusia y reactivara los suministros de gas, un cambio que habr\u00eda socavado el objetivo de Washington de \u201c<em>debilitar<\/em>\u201d a Putin.\u00a0Ahora, las protestas son redundantes.\u00a0<strong><em>Los pol\u00edticos alemanes no pueden ceder a las demandas populares cuando no hay un gasoducto a trav\u00e9s del cual puedan abastecer a su poblaci\u00f3n con gas ruso<\/em><\/strong>.<\/span><\/p>\n<h3 style=\"text-align: justify;\"><strong>&#8216;GRACIAS, ESTADOS UNIDOS&#8217;<\/strong><\/h3>\n<p style=\"text-align: justify;\"><span style=\"font-size: 14pt;\">Uno no puede sorprenderse de que los l\u00edderes europeos culpen p\u00fablicamente a Rusia por los ataques al oleoducto.\u00a0Despu\u00e9s de todo, Europa cae bajo el paraguas de seguridad de los EE. UU. y Rusia ha sido designada por Washington como el Enemigo Oficial No. 1.<\/span><\/p>\n<p style=\"text-align: justify;\"><span style=\"font-size: 14pt;\">Pero es casi seguro que las principales capitales europeas est\u00e1n sacando conclusiones diferentes en privado.\u00a0Al igual que Sachs, sus funcionarios est\u00e1n examinando la evidencia circunstancial, considerando las declaraciones de autoincriminaci\u00f3n de Biden y otros funcionarios, y sopesando los argumentos \u00ab<em>cui bono<\/em>\u00ab.<\/span><\/p>\n<p style=\"text-align: justify;\"><span style=\"font-size: 14pt;\">Y al igual que Sachs, lo m\u00e1s probable es que est\u00e9n infiriendo que el principal sospechoso en este caso es EE. UU. o, al menos, que Washington autoriz\u00f3 a un aliado a actuar en su nombre.\u00a0As\u00ed como ning\u00fan l\u00edder europeo se atrever\u00eda a acusar p\u00fablicamente a los EE. UU. de llevar a cabo los ataques, ninguno se atrever\u00eda a organizar tal ataque sin obtener primero el visto bueno de Washington.<\/span><\/p>\n<p style=\"text-align: justify;\"><span style=\"font-size: 14pt;\">Evidentemente, esa fue la opini\u00f3n de <strong>Radek Sikorski, el exministro de Relaciones Exteriores y Defensa de Polonia<\/strong>, quien\u00a0<a href=\"https:\/\/pbs.twimg.com\/media\/FdrfRLHWIAACvVT?format=jpg&amp;name=large\" target=\"_blank\" rel=\"noopener\">tuite\u00f3<\/a>\u00a0un \u201c<em>Gracias, EE. UU.<\/em>\u201d con una imagen de los mares burbujeantes donde se rompi\u00f3 un oleoducto.<\/span><\/p>\n<p style=\"text-align: justify;\"><span style=\"font-size: 14pt;\">Cabe se\u00f1alar que <strong>Sikorski<\/strong> est\u00e1 tan bien conectado en Washington como en Polonia, un estado europeo amargamente hostil a Mosc\u00fa y a sus oleoductos.\u00a0Su esposa, <strong>Anne Applebaum<\/strong>, es redactora de la revista\u00a0<i>The Atlantic<\/i>\u00a0y una figura influyente en los c\u00edrculos pol\u00edticos de EE. UU. que\u00a0<a href=\"https:\/\/www.washingtonpost.com\/opinions\/anne-applebaum-nato-pays-a-heavy-price-for-giving-russia-too-much-credita-true-achievement-under-threat\/2014\/10\/17\/5b3a6f2a-5617-11e4-809b-8cc0a295c773_story.html\" target=\"_blank\" rel=\"noopener\">durante mucho tiempo abog\u00f3<\/a>\u00a0por la expansi\u00f3n de la OTAN y la UE en Europa del Este y Ucrania.<\/span><\/p>\n<p style=\"text-align: justify;\"><span style=\"font-size: 14pt;\">Sikorski r\u00e1pidamente elimin\u00f3 el tuit despu\u00e9s de que se volvi\u00f3 viral.<\/span><\/p>\n<p style=\"text-align: justify;\"><span style=\"font-size: 14pt;\">Pero si Washington es el principal sospechoso de la voladura de los oleoductos, \u00bfc\u00f3mo deber\u00eda interpretar Europa sus relaciones con EE.UU. a la luz de esa deducci\u00f3n?\u00a0\u00bfY qu\u00e9 indica tal sabotaje a los l\u00edderes de Europa sobre c\u00f3mo Washington podr\u00eda percibir lo que est\u00e1 en juego en Europa?\u00a0Las respuestas no son bonitas.<\/span><\/p>\n<h3 style=\"text-align: justify;\"><span style=\"font-size: 14pt;\">DEMANDA DE LEALTAD<\/span><\/h3>\n<p style=\"text-align: justify;\"><span style=\"font-size: 14pt;\">Si EE. UU. estuvo detr\u00e1s de los ataques, sugiere no solo que Washington est\u00e1 llevando la guerra de Ucrania a un territorio nuevo y m\u00e1s peligroso, listo para arriesgarse a llevar a Mosc\u00fa a una ronda de ojo por ojo que podr\u00eda convertirse r\u00e1pidamente en una confrontaci\u00f3n nuclear.\u00a0Tambi\u00e9n sugiere que los lazos entre Estados Unidos y Europa tambi\u00e9n han entrado en una nueva etapa decisiva.<\/span><\/p>\n<p style=\"text-align: justify;\"><span style=\"font-size: 14pt;\">O dicho de otra manera, Washington habr\u00eda hecho m\u00e1s que salir de las sombras, convirtiendo su guerra de poder en Ucrania en una guerra m\u00e1s directa y acalorada con Rusia.\u00a0Indicar\u00eda que EE. UU. est\u00e1 dispuesto a convertir toda Europa en un campo de batalla e intimidar, traicionar y potencialmente sacrificar a la poblaci\u00f3n del continente con la misma crueldad con la que tradicionalmente ha tratado a los aliados d\u00e9biles en el Sur Global.<\/span><\/p>\n<p style=\"text-align: justify;\"><span style=\"font-size: 14pt;\">En ese sentido, lo m\u00e1s probable es que los l\u00edderes europeos interpreten las rupturas del oleoducto como una se\u00f1al: que no deber\u00edan atreverse a considerar formular su propia pol\u00edtica exterior independiente, o contemplar desafiar a Washington.\u00a0Los ataques indican que EE.UU. exige lealtad absoluta, que Europa debe postrarse ante Washington y aceptar los dictados que impone.<\/span><\/p>\n<p style=\"text-align: justify;\"><span style=\"font-size: 14pt;\">Eso equivaldr\u00eda a una reversi\u00f3n dram\u00e1tica del Plan Marshall, el ambicioso financiamiento de Washington para la reconstrucci\u00f3n de Europa occidental despu\u00e9s de la Segunda Guerra Mundial, principalmente como una forma de restaurar el mercado para las industrias estadounidenses en r\u00e1pida expansi\u00f3n.<\/span><\/p>\n<p style=\"text-align: justify;\"><span style=\"font-size: 14pt;\">Por el contrario, este acto de sabotaje estrangula econ\u00f3micamente a Europa, llev\u00e1ndola a la recesi\u00f3n, profundizando su deuda y convirti\u00e9ndola en esclava de los suministros energ\u00e9ticos estadounidenses.\u00a0Efectivamente, la administraci\u00f3n Biden habr\u00eda pasado de ofrecer zanahorias jugosas a las \u00e9lites europeas a ahora blandirles un garrote muy grande.<\/span><\/p>\n<h3 style=\"text-align: justify;\"><strong>AGRESI\u00d3N DESPIADADA<\/strong><\/h3>\n<p style=\"text-align: justify;\"><span style=\"font-size: 14pt;\">Por esas razones, los l\u00edderes europeos pueden no estar dispuestos a contemplar que su aliado al otro lado del Atl\u00e1ntico pueda comportarse de manera tan cruel contra ellos.\u00a0Las implicaciones son m\u00e1s que inquietantes.<\/span><\/p>\n<p style=\"text-align: justify;\"><span style=\"font-size: 14pt;\">La conclusi\u00f3n que los l\u00edderes europeos tendr\u00edan que sacar es que la \u00fanica justificaci\u00f3n para una agresi\u00f3n tan despiadada es que Estados Unidos est\u00e1 maniobrando para evitar el colapso de su dominio global de la posguerra, el fin de su imperio militar y econ\u00f3mico.<\/span><\/p>\n<p style=\"text-align: justify;\"><span style=\"font-size: 14pt;\">La destrucci\u00f3n de los oleoductos tendr\u00eda que entenderse como un acto de desesperaci\u00f3n: una prevenci\u00f3n de \u00faltima hora por parte de Washington de la p\u00e9rdida de su hegemon\u00eda mientras Rusia, China y otros encuentran una causa com\u00fan para desafiar al gigante estadounidense, y un feroz golpe contra Europa. para recalcar el mensaje de que no debe desviarse del redil.<\/span><\/p>\n<p style=\"text-align: justify;\"><span style=\"font-size: 14pt;\">Al mismo tiempo, arrojar\u00eda una luz diferente y m\u00e1s clara sobre los acontecimientos que se han estado desarrollando en Ucrania y sus alrededores en los \u00faltimos a\u00f1os:<\/span><\/p>\n<p style=\"text-align: justify;\"><span style=\"font-size: 14pt;\">\u2022 La implacable expansi\u00f3n de la OTAN en Europa del Este a pesar de las advertencias de los expertos de que eventualmente provocar\u00eda a Rusia.<\/span><\/p>\n<p style=\"text-align: justify;\"><span style=\"font-size: 14pt;\">\u2022 La intromisi\u00f3n de Biden y Nuland para ayudar a derrocar a un gobierno ucraniano electo simpatizante de Mosc\u00fa.<\/span><\/p>\n<p style=\"text-align: justify;\"><span style=\"font-size: 14pt;\">\u2022 El cultivo de un ultranacionalismo ucraniano militarizado enfrentado a Rusia que condujo a una guerra civil sangrienta contra las propias comunidades \u00e9tnicas rusas de Ucrania.<\/span><\/p>\n<p style=\"text-align: justify;\"><span style=\"font-size: 14pt;\">\u2022 Y el enfoque exclusivo de la OTAN en intensificar la guerra mediante el suministro de armas a Ucrania en lugar de buscar e incentivar la diplomacia.<\/span><\/p>\n<p style=\"text-align: justify;\"><span style=\"font-size: 14pt;\">Ninguno de estos desarrollos puede eliminarse de una evaluaci\u00f3n realista de por qu\u00e9 Rusia respondi\u00f3 invadiendo Ucrania.<\/span><\/p>\n<p style=\"text-align: justify;\"><span style=\"font-size: 14pt;\">Se ha convencido a los europeos de que deben brindar un apoyo moral y militar inquebrantable a Ucrania porque es la \u00faltima muralla que defiende su patria del despiadado imperialismo ruso.<\/span><\/p>\n<p style=\"text-align: justify;\"><span style=\"font-size: 14pt;\">Pero el ataque a los oleoductos apunta a una historia m\u00e1s compleja, una en la que los ciudadanos europeos deben dejar de fijar su mirada exclusivamente en Rusia y darse la vuelta para comprender lo que ha estado sucediendo a sus espaldas.<\/span><\/p>\n<p>&nbsp;<\/p>\n<p><img loading=\"lazy\" decoding=\"async\" class=\"aligncenter wp-image-2258482\" src=\"https:\/\/puntocritico.com\/ausajpuntocritico\/wp-content\/uploads\/2022\/10\/Nord-Stream-1-y-2.webp\" alt=\"\" width=\"660\" height=\"371\" data-id=\"2258482\" srcset=\"https:\/\/puntocritico.com\/ausajpuntocritico\/wp-content\/uploads\/2022\/10\/Nord-Stream-1-y-2.webp 1706w, https:\/\/puntocritico.com\/ausajpuntocritico\/wp-content\/uploads\/2022\/10\/Nord-Stream-1-y-2-300x169.webp 300w, https:\/\/puntocritico.com\/ausajpuntocritico\/wp-content\/uploads\/2022\/10\/Nord-Stream-1-y-2-1024x576.webp 1024w, https:\/\/puntocritico.com\/ausajpuntocritico\/wp-content\/uploads\/2022\/10\/Nord-Stream-1-y-2-768x432.webp 768w, https:\/\/puntocritico.com\/ausajpuntocritico\/wp-content\/uploads\/2022\/10\/Nord-Stream-1-y-2-1536x864.webp 1536w, https:\/\/puntocritico.com\/ausajpuntocritico\/wp-content\/uploads\/2022\/10\/Nord-Stream-1-y-2-610x343.webp 610w, https:\/\/puntocritico.com\/ausajpuntocritico\/wp-content\/uploads\/2022\/10\/Nord-Stream-1-y-2-678x381.webp 678w, https:\/\/puntocritico.com\/ausajpuntocritico\/wp-content\/uploads\/2022\/10\/Nord-Stream-1-y-2-1320x743.webp 1320w\" sizes=\"auto, (max-width: 660px) 100vw, 660px\" \/><\/p>\n<p style=\"text-align: center;\"><span style=\"font-size: 18pt;\">***<\/span><\/p>\n<p style=\"text-align: justify;\">Foto destacada |\u00a0Oficiales de polic\u00eda acompa\u00f1an una manifestaci\u00f3n contra las sanciones a Rusia mientras se sostiene una pancarta con la inscripci\u00f3n \u00abAbrir Nordstream 2 inmediatamente\u00bb, 05 de septiembre de 2022. Sebastian Willnow |\u00a0DPA a trav\u00e9s de AP<\/p>\n<p style=\"text-align: center;\"><em><strong>Jonathan Cook<\/strong>\u00a0es colaborador de MintPress.\u00a0Cook gan\u00f3 el Premio Especial de Periodismo Martha Gellhorn.\u00a0Sus \u00faltimos libros son\u00a0\u00a0Israel y el choque de civilizaciones: Irak, Ir\u00e1n y el plan para rehacer el Medio Oriente\u00a0\u00a0(Pluto Press) y\u00a0\u00a0Palestina en desaparici\u00f3n: los experimentos de Israel en la desesperaci\u00f3n humana\u00a0\u00a0(Zed Books).\u00a0Su sitio web es\u00a0\u00a0www.jonathan-cook.net\u00a0.<\/em><\/p>\n<\/blockquote>\n<p>&nbsp;<\/p>\n<p><img loading=\"lazy\" decoding=\"async\" class=\"aligncenter size-full wp-image-2258481\" src=\"https:\/\/puntocritico.com\/ausajpuntocritico\/wp-content\/uploads\/2022\/10\/nord_stream.jpg_1758632412.webp\" alt=\"\" width=\"480\" height=\"270\" data-id=\"2258481\" srcset=\"https:\/\/puntocritico.com\/ausajpuntocritico\/wp-content\/uploads\/2022\/10\/nord_stream.jpg_1758632412.webp 480w, https:\/\/puntocritico.com\/ausajpuntocritico\/wp-content\/uploads\/2022\/10\/nord_stream.jpg_1758632412-300x169.webp 300w\" sizes=\"auto, (max-width: 480px) 100vw, 480px\" \/><\/p>\n<p style=\"text-align: center;\"><span style=\"font-size: 18pt;\"><strong><span style=\"color: #008000;\">*******<\/span><\/strong><\/span><\/p>\n<h2 style=\"text-align: center;\"><span style=\"font-size: 24pt;\"><strong>LA EVOLUCI\u00d3N HACIA EL TOTALITARISMO<\/strong><\/span><\/h2>\n<p><img loading=\"lazy\" decoding=\"async\" class=\"aligncenter wp-image-2258516\" src=\"https:\/\/puntocritico.com\/ausajpuntocritico\/wp-content\/uploads\/2022\/10\/Euro-cuarto-reich.jpg\" alt=\"\" width=\"660\" height=\"345\" data-id=\"2258516\" srcset=\"https:\/\/puntocritico.com\/ausajpuntocritico\/wp-content\/uploads\/2022\/10\/Euro-cuarto-reich.jpg 310w, https:\/\/puntocritico.com\/ausajpuntocritico\/wp-content\/uploads\/2022\/10\/Euro-cuarto-reich-300x157.jpg 300w\" sizes=\"auto, (max-width: 660px) 100vw, 660px\" \/><\/p>\n<p style=\"text-align: center;\"><span style=\"font-size: 18pt;\"><strong><span style=\"color: #008000;\">*******<\/span><\/strong><\/span><\/p>\n<div class=\"title-wrap\">\n<h2 class=\"entry-title title flipboard-title\" style=\"text-align: center;\"><span style=\"font-size: 24pt;\"><strong>&#8216;AHORA, TODOS USTEDES SON AZOV&#8217;: una delegaci\u00f3n ucraniana &#8216;abiertamente neonazi&#8217; se re\u00fane en el Congreso y recorre EE. UU.<\/strong><\/span><\/h2>\n<p style=\"text-align: center;\"><strong><em><span style=\"font-size: 14pt;\">Despu\u00e9s de reunirse con al menos 50 miembros del Congreso, los soldados del Regimiento neonazi Azov recorrieron los EE. UU. para subastar parches inspirados en la esv\u00e1stica y cabildear para que se ponga fin a las restricciones sobre las armas y el entrenamiento de los EE. UU.<\/span><\/em><\/strong><\/p>\n<\/div>\n<div class=\"cb-byline byline byline-3\" style=\"text-align: justify;\"><span class=\"byline-part author\" style=\"font-size: 14pt;\">Por Musgo Robeson\u00a0<\/span><\/div>\n<div class=\"cb-byline byline byline-3\" style=\"text-align: justify;\"><span style=\"font-size: 14pt;\"><span class=\"byline-part author\"><a href=\"https:\/\/thegrayzone.com\/2022\/10\/05\/azov-neo-nazi-ukrainian-congress\/\" target=\"_blank\" rel=\"noopener\">The Gray Zone<\/a>, <\/span><span class=\"byline-part cb-date date\"><time class=\"entry-date published dateCreated flipboard-date\" datetime=\"2022-10-05T21:59:18-04:00\">5 OCT 2022<\/time><\/span><\/span><\/div>\n<div>\u00a0<\/div>\n<div><img loading=\"lazy\" decoding=\"async\" class=\"aligncenter wp-image-2258468 size-mh-magazine-content\" src=\"https:\/\/puntocritico.com\/ausajpuntocritico\/wp-content\/uploads\/2022\/10\/Screen-Shot-2022-10-05-at-10.30.10-PM-678x381.webp\" alt=\"\" width=\"678\" height=\"381\" data-id=\"2258468\" srcset=\"https:\/\/puntocritico.com\/ausajpuntocritico\/wp-content\/uploads\/2022\/10\/Screen-Shot-2022-10-05-at-10.30.10-PM-678x381.webp 678w, https:\/\/puntocritico.com\/ausajpuntocritico\/wp-content\/uploads\/2022\/10\/Screen-Shot-2022-10-05-at-10.30.10-PM-300x170.webp 300w\" sizes=\"auto, (max-width: 678px) 100vw, 678px\" \/><\/div>\n<div>\u00a0<\/div>\n<div>\u00a0<\/div>\n<div>\n<p id=\"6b05\" class=\"pw-post-body-paragraph jo jp ig jq b jr js jt ju jv jw jx jy jz ka kb kc kd ke kf kg kh ki kj kk kl hz gh\" style=\"text-align: justify;\" data-selectable-paragraph=\"\"><span style=\"font-size: 14pt;\">Este septiembre, una delegaci\u00f3n del movimiento <strong>Azov<\/strong> liderado por neonazis ucranianos\u00a0<a class=\"au km\" href=\"https:\/\/mossrobeson.medium.com\/azov-delegation-visits-the-us-b535ba336eb1\" target=\"_blank\" rel=\"noopener\" data-schema-attribute=\"\">lleg\u00f3 a los Estados Unidos<\/a>, en un momento en que la creaci\u00f3n de mitos sobre la \u201c<em><a class=\"au km\" href=\"https:\/\/www.atlanticcouncil.org\/blogs\/ukrainealert\/the-azov-regiment-has-not-depoliticized\/\" target=\"_blank\" rel=\"nofollow noopener\" data-schema-attribute=\"\">despolitizaci\u00f3n<\/a><\/em>\u201d de la red de extrema derecha hab\u00eda alcanzado un\u00a0<a class=\"au km\" href=\"https:\/\/twitter.com\/Moskwitsch\/status\/1577253226797502465\" target=\"_blank\" rel=\"nofollow noopener\" data-schema-attribute=\"\">punto \u00e1lgido<\/a>.\u00a0En ese momento, el <strong>New<\/strong> <strong>York<\/strong> <strong>Times<\/strong> hab\u00eda dejado de referirse a <strong>Azov<\/strong> como \u00ab<em>abiertamente neonazi<\/em>\u00bb y se\u00a0<a href=\"https:\/\/twitter.com\/aaronjmate\/status\/1577484927469338624?ref_src=twsrc%5Etfw%7Ctwcamp%5Etweetembed%7Ctwterm%5E1577484927469338624%7Ctwgr%5E9570d98dd0589c5ed7da9c34b9dd55d71e803ace%7Ctwcon%5Es1_c10&amp;ref_url=https%3A%2F%2Fcdn.embedly.com%2Fwidgets%2Fmedia.html%3Ftype%3Dtext2Fhtmlkey%3Da19fcc184b9711e1b4764040d3dc5c07schema%3Dtwitterurl%3Dhttps3A%2F%2Ftwitter.com%2Faaronjmate%2Fstatus%2F1577484927469338624image%3Dhttps3A%2F%2Fi.embed.ly%2F1%2Fimage3Furl3Dhttps253A252F252Fabs.twimg.com252Ferrors252Flogo46x38.png26key3Da19fcc184b9711e1b4764040d3dc5c07\" target=\"_blank\"  rel=\"lightbox[2245703] noopener\" data-schema-attribute=\"\">refer\u00eda a la organizaci\u00f3n ultranacionalista<\/a>\u00a0como \u00ab<em>c\u00e9lebre<\/em>\u00ab.<\/span><\/p>\n<p class=\"pw-post-body-paragraph jo jp ig jq b jr js jt ju jv jw jx jy jz ka kb kc kd ke kf kg kh ki kj kk kl hz gh\" style=\"text-align: justify;\" data-selectable-paragraph=\"\"><span style=\"font-size: 14pt;\">Desde que se conoci\u00f3 la noticia de la gira estadounidense de Azov, ha salido a la luz m\u00e1s informaci\u00f3n sobre el alcance de la organizaci\u00f3n ultranacionalista en el pa\u00eds, incluidos los esfuerzos de <strong>Azov<\/strong> para revertir la prohibici\u00f3n del Congreso de suministrarle armas y entrenamiento.<\/span><\/p>\n<p id=\"cf7a\" class=\"pw-post-body-paragraph jo jp ig jq b jr js jt ju jv jw jx jy jz ka kb kc kd ke kf kg kh ki kj kk kl hz gh\" style=\"text-align: justify;\" data-selectable-paragraph=\"\"><span style=\"font-size: 14pt;\">La <strong>delegaci\u00f3n de Azov<\/strong> inclu\u00eda a tres veteranos del regimiento que anteriormente se escond\u00edan en la planta sider\u00fargica de Azovstal en Mariupol.\u00a0Fueron dirigidos por <strong>Giorgi Kuparashvili<\/strong>, el \u00fanico luchador que no fue hecho prisionero por los rusos.<\/span><\/p>\n<\/div>\n<p style=\"text-align: justify;\" data-selectable-paragraph=\"\">\u00a0<\/p>\n<figure id=\"attachment_2258469\" aria-describedby=\"caption-attachment-2258469\" style=\"width: 555px\" class=\"wp-caption aligncenter\"><img loading=\"lazy\" decoding=\"async\" class=\"wp-image-2258469\" src=\"https:\/\/puntocritico.com\/ausajpuntocritico\/wp-content\/uploads\/2022\/10\/Azov-Congress.webp\" alt=\"\" width=\"555\" height=\"418\" data-id=\"2258469\" srcset=\"https:\/\/puntocritico.com\/ausajpuntocritico\/wp-content\/uploads\/2022\/10\/Azov-Congress.webp 1200w, https:\/\/puntocritico.com\/ausajpuntocritico\/wp-content\/uploads\/2022\/10\/Azov-Congress-300x226.webp 300w, https:\/\/puntocritico.com\/ausajpuntocritico\/wp-content\/uploads\/2022\/10\/Azov-Congress-1024x771.webp 1024w, https:\/\/puntocritico.com\/ausajpuntocritico\/wp-content\/uploads\/2022\/10\/Azov-Congress-768x578.webp 768w, https:\/\/puntocritico.com\/ausajpuntocritico\/wp-content\/uploads\/2022\/10\/Azov-Congress-610x459.webp 610w, https:\/\/puntocritico.com\/ausajpuntocritico\/wp-content\/uploads\/2022\/10\/Azov-Congress-678x509.webp 678w, https:\/\/puntocritico.com\/ausajpuntocritico\/wp-content\/uploads\/2022\/10\/Azov-Congress-326x245.webp 326w, https:\/\/puntocritico.com\/ausajpuntocritico\/wp-content\/uploads\/2022\/10\/Azov-Congress-80x60.webp 80w\" sizes=\"auto, (max-width: 555px) 100vw, 555px\" \/><figcaption id=\"caption-attachment-2258469\" class=\"wp-caption-text\"><span style=\"color: #008000;\">De arriba a abajo: el representante Pete Sessions, el senador Todd Young y el senador Rick Scott reunidos con Giorgi Kuparashvili (rojo), Vladyslav Zhaivoronok (blanco) y Artur Lypka (amarillo) del Regimiento Azov.<\/span><\/figcaption><\/figure>\n<p data-selectable-paragraph=\"\">\u00a0<\/p>\n<p class=\"pw-post-body-paragraph jo jp ig jq b jr js jt ju jv jw jx jy jz ka kb kc kd ke kf kg kh ki kj kk kl hz gh\" style=\"text-align: justify;\" data-selectable-paragraph=\"\"><span style=\"font-size: 14pt;\">Seg\u00fan <strong>Kuparashvili<\/strong>, cofundador e instructor del <strong>Regimiento Azov<\/strong>, <em><strong>su delegaci\u00f3n se reuni\u00f3 con m\u00e1s de cincuenta miembros del Congreso<\/strong><\/em>, muchos m\u00e1s de los que nadie se ha dado cuenta.\u00a0Entre los que se presentaron para saludar a <strong>Azov<\/strong> en el <strong>Capitolio<\/strong> se encontraba el representante <strong>Adam Schiff<\/strong>, el dem\u00f3crata de California que pas\u00f3 la era <strong>Trump<\/strong> encabezando el teatro del Russiagate y clam\u00f3 por env\u00edos de armas ofensivas estadounidenses a Ucrania.<\/span><\/p>\n<div>\u00a0<\/div>\n<div><a href=\"https:\/\/twitter.com\/mossrobeson__\/status\/1574434949276598274?ref_src=twsrc%5Etfw%7Ctwcamp%5Etweetembed%7Ctwterm%5E1575204061342990336%7Ctwgr%5E199e88d9bebc9630448e6b62509fe74d58e9fd0d%7Ctwcon%5Es2_&amp;ref_url=https%3A%2F%2Fthegrayzone.com%2F2022%2F10%2F05%2Fazov-neo-nazi-ukrainian-congress%2F\" target=\"_blank\" rel=\"noopener\"><img loading=\"lazy\" decoding=\"async\" class=\"aligncenter wp-image-2258470 size-full\" src=\"https:\/\/puntocritico.com\/ausajpuntocritico\/wp-content\/uploads\/2022\/10\/Tuit-Moss-Rob.jpg\" alt=\"\" width=\"342\" height=\"732\" data-id=\"2258470\" srcset=\"https:\/\/puntocritico.com\/ausajpuntocritico\/wp-content\/uploads\/2022\/10\/Tuit-Moss-Rob.jpg 342w, https:\/\/puntocritico.com\/ausajpuntocritico\/wp-content\/uploads\/2022\/10\/Tuit-Moss-Rob-140x300.jpg 140w\" sizes=\"auto, (max-width: 342px) 100vw, 342px\" \/><\/a><\/div>\n<div>\n<p id=\"1722\" class=\"pw-post-body-paragraph jo jp ig jq b jr js jt ju jv jw jx jy jz ka kb kc kd ke kf kg kh ki kj kk kl hz gh\" style=\"text-align: justify;\" data-selectable-paragraph=\"\"><span style=\"font-size: 14pt;\">El tr\u00edo estuvo acompa\u00f1ado por dos c\u00f3nyuges y una madre de prisioneros de guerra capturados en Azovstal.\u00a0Esto incluy\u00f3 a <strong>Kateryna <\/strong><strong>Prokopenko<\/strong>, la esposa del comandante de extrema derecha del <strong>Regimiento <\/strong><strong>Azov<\/strong>, <strong>Denys <\/strong><strong>Prokopenko<\/strong>, quien fue liberado en un intercambio de prisioneros y <em>declarado H\u00e9roe de Ucrania durante su visita a los Estados Unidos<\/em>.\u00a0La otra esposa de <strong>Azov<\/strong> de la delegaci\u00f3n era <strong>Yulia Fedosyuk<\/strong>, l\u00edder de \u201c<em>La plata de la rosa<\/em>\u201d, un <strong><em>grupo antifeminista y antigay vinculado al movimiento Azov<\/em><\/strong>, seg\u00fan el periodista Oleksiy Kuzmenko.<\/span><\/p>\n<\/div>\n<p data-selectable-paragraph=\"\">\u00a0<\/p>\n<p data-selectable-paragraph=\"\"><a href=\"https:\/\/twitter.com\/kooleksiy\/status\/1257370836446691330?ref_src=twsrc%5Etfw%7Ctwcamp%5Etweetembed%7Ctwterm%5E1257370836446691330%7Ctwgr%5E199e88d9bebc9630448e6b62509fe74d58e9fd0d%7Ctwcon%5Es1_&amp;ref_url=https%3A%2F%2Fthegrayzone.com%2F2022%2F10%2F05%2Fazov-neo-nazi-ukrainian-congress%2F\" target=\"_blank\" rel=\"noopener\"><img loading=\"lazy\" decoding=\"async\" class=\"aligncenter size-full wp-image-2258471\" src=\"https:\/\/puntocritico.com\/ausajpuntocritico\/wp-content\/uploads\/2022\/10\/Tuit-Olegsky.jpg\" alt=\"\" width=\"323\" height=\"685\" data-id=\"2258471\" srcset=\"https:\/\/puntocritico.com\/ausajpuntocritico\/wp-content\/uploads\/2022\/10\/Tuit-Olegsky.jpg 323w, https:\/\/puntocritico.com\/ausajpuntocritico\/wp-content\/uploads\/2022\/10\/Tuit-Olegsky-141x300.jpg 141w\" sizes=\"auto, (max-width: 323px) 100vw, 323px\" \/><\/a><\/p>\n<div>\u00a0<\/div>\n<div style=\"text-align: justify;\"><span style=\"font-size: 14pt; text-align: justify;\">A principios de este a\u00f1o, <\/span><strong style=\"font-size: 14pt; text-align: justify;\">Prokopenko<\/strong><span style=\"font-size: 14pt; text-align: justify;\"> y <\/span><strong style=\"font-size: 14pt; text-align: justify;\">Fedosyuk<\/strong><span style=\"font-size: 14pt; text-align: justify;\"> se reunieron con el <\/span><strong style=\"font-size: 14pt; text-align: justify;\">Papa Francisco<\/strong><span style=\"font-size: 14pt; text-align: justify;\">.\u00a0Mientras estuvieron en los Estados Unidos,\u00a0<\/span><a class=\"au km\" style=\"font-size: 14pt; text-align: justify;\" href=\"https:\/\/www.youtube.com\/watch?v=kxe8Y5D6OWU\" target=\"_blank\" rel=\"noopener ugc nofollow\">hablaron en un peque\u00f1o mitin<\/a><span style=\"font-size: 14pt; text-align: justify;\">\u00a0\u00a0frente a la Casa Blanca,\u00a0\u00a0<\/span><a class=\"au km\" style=\"font-size: 14pt; text-align: justify;\" href=\"https:\/\/www.newsmax.com\/newsmax-tv\/ukraine-russia-prisoners\/2022\/09\/27\/id\/1089197\/\" target=\"_blank\" rel=\"noopener ugc nofollow\">aparecieron para una entrevista<\/a><span style=\"font-size: 14pt; text-align: justify;\">\u00a0\u00a0en el canal pro-Trump <\/span><strong style=\"font-size: 14pt; text-align: justify;\">Newsmax<\/strong><span style=\"font-size: 14pt; text-align: justify;\"> y se reunieron con numerosos miembros del Congreso.\u00a0Newsmax\u00a0\u00a0<\/span><a class=\"au km\" style=\"font-size: 14pt; text-align: justify;\" href=\"https:\/\/www.newsmax.com\/newsmax-tv\/russia-ukraine-soldiers\/2022\/09\/27\/id\/1089339\/\" target=\"_blank\" rel=\"noopener ugc nofollow\">entrevist\u00f3 por separado a<\/a><span style=\"font-size: 14pt; text-align: justify;\">\u00a0dos de los veteranos de Azov, incluido <\/span><strong style=\"font-size: 14pt; text-align: justify;\">Kuparashvili<\/strong><span style=\"font-size: 14pt; text-align: justify;\">. <\/span><\/div>\n<div>\u00a0<\/div>\n<div style=\"text-align: justify;\"><span style=\"font-size: 14pt;\">El s\u00e1bado 24 de septiembre, la mitad de la delegaci\u00f3n, incluido Kuparashvili, se present\u00f3 ante una audiencia considerable en una iglesia ucraniana en Detroit.\u00a0El <\/span><strong style=\"font-size: 14pt;\">Comit\u00e9 Ucraniano-Estadounidense de Respuesta a la Crisis de Michigan (UACRCM)<\/strong><span style=\"font-size: 14pt;\">, un equipo de cabildeo formado a principios de este a\u00f1o,\u00a0<\/span><a class=\"au km\" style=\"font-size: 14pt;\" href=\"https:\/\/www.facebook.com\/100078755276886\/videos\/656669512385217\" target=\"_blank\" rel=\"nofollow noopener\" data-schema-attribute=\"\">transmiti\u00f3 en vivo el evento<\/a><span style=\"font-size: 14pt;\">, que fue organizado por socios estadounidenses del ala ben\u00e9fica del <\/span><strong style=\"font-size: 14pt;\">movimiento<\/strong> <strong style=\"font-size: 14pt;\">Azov<\/strong><span style=\"font-size: 14pt;\">. <\/span><\/div>\n<div>\u00a0<\/div>\n<div style=\"text-align: justify;\"><span style=\"font-size: 14pt;\">Entre los nacionalistas ucranianos m\u00e1s destacados presentes en el evento se encontraba <\/span><strong style=\"font-size: 14pt;\">Borys<\/strong> <strong style=\"font-size: 14pt;\">Potapenko<\/strong><span style=\"font-size: 14pt;\">, miembro de la <\/span><strong style=\"font-size: 14pt;\">UACRCM<\/strong><span style=\"font-size: 14pt;\"> y coordinador internacional de la <\/span><strong style=\"font-size: 14pt;\">Organizaci\u00f3n de Nacionalistas Ucranianos (OUN-B)<\/strong><span style=\"font-size: 14pt;\">, fundada por <\/span><strong style=\"font-size: 14pt;\">Stepan<\/strong> <strong style=\"font-size: 14pt;\">Bandera<\/strong><span style=\"font-size: 14pt;\">, que colabor\u00f3 \u200b\u200bcon la Alemania nazi durante gran parte de la Segunda Guerra Mundial. <\/span><strong style=\"font-size: 14pt;\">Potapenko<\/strong><span style=\"font-size: 14pt;\"> tambi\u00e9n se encuentra entre los l\u00edderes del \u201c<\/span><em style=\"font-size: 14pt;\">Movimiento de Resistencia a la Capitulaci\u00f3n<\/em><span style=\"font-size: 14pt;\">\u201d <\/span><em style=\"font-size: 14pt;\">de extrema derecha en Ucrania, que se ali\u00f3 con el Cuerpo Nacional de Azov contra <strong>Volodymyr Zelensky<\/strong> en<\/em><span style=\"font-size: 14pt;\"> 2019-22&#8243;.\u00a0(<\/span><em style=\"font-size: 14pt;\">M\u00e1s sobre esto pr\u00f3ximamente en el \u201c\u00a0<\/em><em style=\"font-size: 14pt;\"><a class=\"au km\" href=\"https:\/\/banderalobby.substack.com\/\" target=\"_blank\" rel=\"nofollow noopener\" data-schema-attribute=\"\">Bandera Lobby Blog<\/a><\/em><em style=\"font-size: 14pt;\">\u00a0\u201d<\/em><span style=\"font-size: 14pt;\">\u2026). <\/span><\/div>\n<div>\u00a0<\/div>\n<div style=\"text-align: justify;\"><strong style=\"font-size: 14pt;\">Giorgi Kuparashvili<\/strong><span style=\"font-size: 14pt;\"> se dirigi\u00f3 a la audiencia en ingl\u00e9s, centr\u00e1ndose en gran medida en el<\/span><em style=\"font-size: 14pt;\"><strong> \u00e9xito de la delegaci\u00f3n de Azov en Washington<\/strong><\/em><span style=\"font-size: 14pt;\">.\u00a0\u201c<\/span><em style=\"font-size: 14pt;\">Fuimos a los Senadores, Congresistas, de ambos partidos.\u00a0Honestamente, la mayor\u00eda que conocimos, hab\u00eda como m\u00e1s de cincuenta, y los jefes de sus fracciones [dem\u00f3cratas y republicanos], todos dieron el 100% de apoyo.\u00a0Comenzaron a trabajar directamente desde su oficina frente a nosotros, levantaron el tel\u00e9fono y comenzaron a llamar a diferentes organizaciones que pueden influir; en este momento, estamos teniendo problemas con las Convenciones de Ginebra.\u00a0Los Convenios de Ginebra no funcionan, no para Rusia<\/em><span style=\"font-size: 14pt;\">\u2026\u201d. <\/span><\/div>\n<div>\u00a0<\/div>\n<div style=\"text-align: justify;\"><span style=\"font-size: 14pt;\">M\u00e1s tarde, <\/span><strong style=\"font-size: 14pt;\">Kuparashvili<\/strong><span style=\"font-size: 14pt;\"> indic\u00f3 que la delegaci\u00f3n ten\u00eda m\u00e1s en su agenda pol\u00edtica que detallar los cr\u00edmenes de guerra rusos, criticar a la Cruz Roja Internacional y asegurar la liberaci\u00f3n de los prisioneros de guerra de <\/span><strong style=\"font-size: 14pt;\">Azov<\/strong><span style=\"font-size: 14pt;\">.\u00a0Predijo que este a\u00f1o, el Congreso levantar\u00e1 su prohibici\u00f3n de que Estados Unidos suministre armas y entrenamiento al <\/span><strong style=\"font-size: 14pt;\">Regimiento<\/strong> <strong style=\"font-size: 14pt;\">Azov<\/strong><span style=\"font-size: 14pt;\">.<\/span><\/div>\n<p data-selectable-paragraph=\"\">\u00a0<\/p>\n<figure id=\"attachment_2258472\" aria-describedby=\"caption-attachment-2258472\" style=\"width: 720px\" class=\"wp-caption aligncenter\"><img loading=\"lazy\" decoding=\"async\" class=\"wp-image-2258472 size-full\" src=\"https:\/\/puntocritico.com\/ausajpuntocritico\/wp-content\/uploads\/2022\/10\/AZOV-USA.png\" alt=\"\" width=\"720\" height=\"252\" data-id=\"2258472\" srcset=\"https:\/\/puntocritico.com\/ausajpuntocritico\/wp-content\/uploads\/2022\/10\/AZOV-USA.png 720w, https:\/\/puntocritico.com\/ausajpuntocritico\/wp-content\/uploads\/2022\/10\/AZOV-USA-300x105.png 300w, https:\/\/puntocritico.com\/ausajpuntocritico\/wp-content\/uploads\/2022\/10\/AZOV-USA-610x214.png 610w\" sizes=\"auto, (max-width: 720px) 100vw, 720px\" \/><figcaption id=\"caption-attachment-2258472\" class=\"wp-caption-text\"><span style=\"color: #008000;\">La audiencia de la delegaci\u00f3n de Azov en su primera parada en Nueva Jersey estaba compuesta en gran parte por ni\u00f1os. <\/span><\/figcaption><\/figure>\n<div>\u00a0<\/div>\n<div style=\"text-align: justify;\"><span style=\"font-size: 14pt;\">En sus comentarios finales, <strong>Giorgi Kuparashvili<\/strong> pareci\u00f3 apuntar a sus dos miembros favoritos del Congreso: <strong>Ro<\/strong> <strong>Khanna<\/strong>, un dem\u00f3crata liberal de Silicon Valley, gracias a quien el Congreso redujo el apoyo de EE. UU. al <strong>Regimiento Azov<\/strong> en 2018, y <strong>Max Rose<\/strong>, un ex Congresista y dem\u00f3crata de derecha de Staten Island, quien <em><strong>pidi\u00f3 al Departamento de Estado que etiquetara al Regimiento Azov como una \u00abOrganizaci\u00f3n terrorista extranjera\u00bb en 2020<\/strong><\/em>. <\/span><\/div>\n<div>\u00a0<\/div>\n<div style=\"text-align: justify;\"><span style=\"font-size: 14pt;\">\u201c<\/span><em style=\"font-size: 14pt;\">Desde el a\u00f1o &#8217;14, &#8217;15, &#8217;16, hasta hoy<\/em><span style=\"font-size: 14pt;\">\u201d, afirm\u00f3 <\/span><strong style=\"font-size: 14pt;\">Kuparashvili<\/strong><span style=\"font-size: 14pt;\">, \u201c<\/span><em style=\"font-size: 14pt;\">hay un proyecto de ley que, no recuerdo el nombre, pero el congresista que cabilde\u00f3, no s\u00e9 c\u00f3mo\u2026 Sali\u00f3 del Congreso hace un par de a\u00f1os, inici\u00f3 poner el Azov como una restricci\u00f3n en un proyecto de ley.\u00a0Esta semana hablamos con todos los congresistas y senadores, todos entienden, porque cuando llevas el proyecto de ley al Congreso, tienen que leerlo.\u00a0Desafortunadamente, nadie lo ley\u00f3, por lo que lo aprobaron nuevamente<\/em><span style=\"font-size: 14pt;\">\u201d. <\/span><\/div>\n<div>\u00a0<\/div>\n<div style=\"text-align: justify;\"><span style=\"font-size: 14pt;\">\u201c<\/span><em style=\"font-size: 14pt;\">Ahora les dijimos, &#8216;\u00bfustedes est\u00e1n apoyando esto?&#8217;\u00a0Y todo el mundo sabe que es solo un error.\u00a0Como dicen los congresistas y senadores, este proyecto de ley va hasta el 2025. No van a esperar hasta el 2025, y van a hacer la correcci\u00f3n en este a\u00f1o, para sacarlo de all\u00ed\u2026 Estamos lidiando con la situaci\u00f3n y arregl\u00e1ndola, y la mayor parte del trabajo ya est\u00e1 hecho, y el Congreso y el Senado, ambos partidos est\u00e1n apoyando esto<\/em><span style=\"font-size: 14pt;\">\u201d. <\/span><\/div>\n<div>\u00a0<\/div>\n<div style=\"text-align: justify;\"><span style=\"font-size: 14pt;\">Antes de los comentarios finales de <\/span><strong style=\"font-size: 14pt;\">Kuparashvili<\/strong><span style=\"font-size: 14pt;\">, sus anfitriones realizaron una subasta en nombre del proyecto de caridad de Azov, que finalmente recaud\u00f3 $33,416.<\/span><em style=\"font-size: 14pt;\"><strong>\u00a0La subasta termin\u00f3 con una oferta en tres parches del Regimiento Azov con un\u00a0<\/strong><\/em><em style=\"font-size: 14pt;\"><strong>\u00e1ngel lobo<\/strong><\/em><em style=\"font-size: 14pt;\"><strong>\u00a0o s\u00edmbolo r\u00fanico nazi<\/strong><\/em><span style=\"font-size: 14pt;\">. <\/span><\/div>\n<div>\u00a0<\/div>\n<div style=\"text-align: justify;\"><span style=\"font-size: 14pt;\">Antes de que comenzara la licitaci\u00f3n, <\/span><strong style=\"font-size: 14pt;\">Kuparashvili<\/strong><span style=\"font-size: 14pt;\"> insisti\u00f3 en que las cosas no eran lo que parec\u00edan.\u00a0\u201c<\/span><em style=\"font-size: 14pt;\">Si sabes, hay un s\u00edmbolo<\/em><span style=\"font-size: 14pt;\">\u201d, dijo, tocando el parche en su brazo izquierdo, \u201c<\/span><em style=\"font-size: 14pt;\">que voy a explicar ahora, porque nos llaman nazis, toda esta basura<\/em><span style=\"font-size: 14pt;\">\u201d.\u00a0En ese momento, burlonamente se puso la mano sobre la boca y dijo: \u00ab<\/span><em style=\"font-size: 14pt;\">perd\u00f3n por mi lenguaje, \u00a1ja!<\/em><span style=\"font-size: 14pt;\">\u00ab<\/span><\/div>\n<p data-selectable-paragraph=\"\">\u00a0<\/p>\n<figure id=\"attachment_2258473\" aria-describedby=\"caption-attachment-2258473\" style=\"width: 480px\" class=\"wp-caption aligncenter\"><img loading=\"lazy\" decoding=\"async\" class=\"wp-image-2258473\" src=\"https:\/\/puntocritico.com\/ausajpuntocritico\/wp-content\/uploads\/2022\/10\/AZOV-LOGOS-300x111.webp\" alt=\"\" width=\"480\" height=\"178\" data-id=\"2258473\" srcset=\"https:\/\/puntocritico.com\/ausajpuntocritico\/wp-content\/uploads\/2022\/10\/AZOV-LOGOS-300x111.webp 300w, https:\/\/puntocritico.com\/ausajpuntocritico\/wp-content\/uploads\/2022\/10\/AZOV-LOGOS-1024x379.webp 1024w, https:\/\/puntocritico.com\/ausajpuntocritico\/wp-content\/uploads\/2022\/10\/AZOV-LOGOS-768x284.webp 768w, https:\/\/puntocritico.com\/ausajpuntocritico\/wp-content\/uploads\/2022\/10\/AZOV-LOGOS-610x226.webp 610w, https:\/\/puntocritico.com\/ausajpuntocritico\/wp-content\/uploads\/2022\/10\/AZOV-LOGOS.webp 1200w\" sizes=\"auto, (max-width: 480px) 100vw, 480px\" \/><figcaption id=\"caption-attachment-2258473\" class=\"wp-caption-text\"><span style=\"color: #008000;\">Evoluci\u00f3n de la insignia de Azov. El \u201cSol Negro\u201d confirma que se trata de un s\u00edmbolo neonazi.<\/span><\/figcaption><\/figure>\n<div>\u00a0<\/div>\n<div>\n<p id=\"ae9b\" class=\"pw-post-body-paragraph jo jp ig jq b jr js jt ju jv jw jx jy jz ka kb kc kd ke kf kg kh ki kj kk kl hz gh\" style=\"text-align: justify;\" data-selectable-paragraph=\"\"><span style=\"font-size: 14pt;\">\u201c<em>Estas son en realidad dos letras, dos letras latinas, N e I. La N significa Nacional; Yo, es Idea. Idea Nacional. Idea Nacional. Para regimiento, es nuestro lema. Idea Nacional. Todos los pa\u00edses, no importa, son EE. UU., Ucrania, lo que sea. Cuando el pa\u00eds estaba en problemas, el centro de gravedad siempre se convirti\u00f3 en los nacionalistas. La Idea Nacional. Toda la naci\u00f3n se re\u00fane en torno a los nacionalistas y en torno a la Idea Nacional. Para nosotros, National Idea es Ucrania. Si no les gusta lo que es Ucrania, y lo que es la Idea Nacional, al diablo con ellos\u2026<\/em>\u201d <strong>Kuparahsvili<\/strong>, refiri\u00e9ndose al concepto totalitario nacionalista ucraniano de \u201c<a class=\"au km\" href=\"https:\/\/twitter.com\/leonidragozin\/status\/1270253203528060929\" target=\"_blank\" rel=\"nofollow noopener\" data-schema-attribute=\"\">natiocracia<\/a>\u201d, casi admiti\u00f3 la <em><strong>afinidad de Azov por los nacionalistas blancos en Occidente<\/strong><\/em>.<\/span><\/p>\n<\/div>\n<p data-selectable-paragraph=\"\">\u00a0<\/p>\n<figure id=\"attachment_2258474\" aria-describedby=\"caption-attachment-2258474\" style=\"width: 345px\" class=\"wp-caption aligncenter\"><a href=\"https:\/\/twitter.com\/mossrobeson__\/status\/1577752777945759754?ref_src=twsrc%5Etfw%7Ctwcamp%5Etweetembed%7Ctwterm%5E1577752777945759754%7Ctwgr%5E199e88d9bebc9630448e6b62509fe74d58e9fd0d%7Ctwcon%5Es1_&amp;ref_url=https%3A%2F%2Fthegrayzone.com%2F2022%2F10%2F05%2Fazov-neo-nazi-ukrainian-congress%2F\" target=\"_blank\" rel=\"noopener\"><img loading=\"lazy\" decoding=\"async\" class=\"wp-image-2258474 size-full\" src=\"https:\/\/puntocritico.com\/ausajpuntocritico\/wp-content\/uploads\/2022\/10\/Tuit-Moss-Rob-2.jpg\" alt=\"\" width=\"345\" height=\"507\" data-id=\"2258474\" srcset=\"https:\/\/puntocritico.com\/ausajpuntocritico\/wp-content\/uploads\/2022\/10\/Tuit-Moss-Rob-2.jpg 345w, https:\/\/puntocritico.com\/ausajpuntocritico\/wp-content\/uploads\/2022\/10\/Tuit-Moss-Rob-2-204x300.jpg 204w\" sizes=\"auto, (max-width: 345px) 100vw, 345px\" \/><\/a><figcaption id=\"caption-attachment-2258474\" class=\"wp-caption-text\"><span style=\"color: #008000;\">\u201cAhora, todos ustedes son Azov\u201d<\/span><\/figcaption><\/figure>\n<p data-selectable-paragraph=\"\">\u00a0<\/p>\n<p id=\"ff22\" class=\"pw-post-body-paragraph jo jp ig jq b jr js jt ju jv jw jx jy jz ka kb kc kd ke kf kg kh ki kj kk kl hz gh\" style=\"text-align: justify;\" data-selectable-paragraph=\"\"><span style=\"font-size: 14pt;\">Seg\u00fan <strong>Kuparashvili<\/strong>, antes, solo los miembros de Azov pod\u00edan usar sus parches de\u00a0<em>wolfsangel<\/em>\u00a0, pero otorg\u00f3 permiso a la audiencia para hacer sus ofertas, porque \u201c<span style=\"text-decoration: underline;\"><strong><em>ahora, todos ustedes son Azov<\/em><\/strong><\/span>\u201d.\u00a0Hubo otro descargo de responsabilidad que Kuparashvili comparti\u00f3 solo despu\u00e9s de que surgieron los ganadores.\u00a0\u201c<em>Es una responsabilidad<\/em>\u201d, dijo.\u00a0<\/span><\/p>\n<p class=\"pw-post-body-paragraph jo jp ig jq b jr js jt ju jv jw jx jy jz ka kb kc kd ke kf kg kh ki kj kk kl hz gh\" style=\"text-align: justify;\" data-selectable-paragraph=\"\"><span style=\"font-size: 14pt;\">\u201c<em>Solo lo estamos entregando<\/em>\u201d, dijo <strong>Kuparashvili<\/strong> a la audiencia sobre los parches del <strong>Regimiento Azov<\/strong>.\u00a0\u201c<em>Les estamos dando a esos nuestra responsabilidad.\u00a0Tenemos a los soldados donde pasan por el entrenamiento b\u00e1sico, pasan por todos los entrenamientos y dificultades.\u00a0Si no lo merecen, no puedes graduarte&#8230; Pero si lo mereces, esto conlleva una responsabilidad&#8230; Tu idea nacional es Ucrania.\u00a0Tienes que luchar por ello.\u00a0No solo ponerlo en una habitaci\u00f3n o en un estante en alg\u00fan lugar, sino que tienes que luchar por \u00e9l.\u00a0Lucha por tu idea nacional\u2026<\/em>\u201d. <em><strong>Cada uno de los ganadores salud\u00f3 a Kuparashvili al estilo de Azov<\/strong><\/em>.<\/span><\/p>\n<p data-selectable-paragraph=\"\">\u00a0<\/p>\n<p data-selectable-paragraph=\"\"><a href=\"https:\/\/twitter.com\/mossrobeson__\/status\/1577779299519700998?ref_src=twsrc%5Etfw%7Ctwcamp%5Etweetembed%7Ctwterm%5E1577779299519700998%7Ctwgr%5E199e88d9bebc9630448e6b62509fe74d58e9fd0d%7Ctwcon%5Es1_&amp;ref_url=https%3A%2F%2Fthegrayzone.com%2F2022%2F10%2F05%2Fazov-neo-nazi-ukrainian-congress%2F\" target=\"_blank\" rel=\"noopener\"><img loading=\"lazy\" decoding=\"async\" class=\"aligncenter size-full wp-image-2258475\" src=\"https:\/\/puntocritico.com\/ausajpuntocritico\/wp-content\/uploads\/2022\/10\/Tuit-Moss-Rob-3.jpg\" alt=\"\" width=\"342\" height=\"407\" data-id=\"2258475\" srcset=\"https:\/\/puntocritico.com\/ausajpuntocritico\/wp-content\/uploads\/2022\/10\/Tuit-Moss-Rob-3.jpg 342w, https:\/\/puntocritico.com\/ausajpuntocritico\/wp-content\/uploads\/2022\/10\/Tuit-Moss-Rob-3-252x300.jpg 252w\" sizes=\"auto, (max-width: 342px) 100vw, 342px\" \/><\/a><\/p>\n<p id=\"41c6\" class=\"pw-post-body-paragraph jo jp ig jq b jr js jt ju jv jw jx jy jz ka kb kc kd ke kf kg kh ki kj kk kl hz gh\" style=\"text-align: justify;\" data-selectable-paragraph=\"\"><span style=\"font-size: 14pt;\">Dos d\u00edas despu\u00e9s, el Instituto Ucraniano de Arte Moderno en Chicago organiz\u00f3 otra <em><strong>subasta ben\u00e9fica de Azov<\/strong><\/em>, copatrocinada por la Divisi\u00f3n de Illinois del Comit\u00e9 del Congreso Ucraniano de Am\u00e9rica, dirigida por Banderite.\u00a0Su miembro m\u00e1s influyente, <strong>Pavlo Bandriwsky<\/strong>, l\u00edder de la <strong>OUN-B<\/strong> en Chicago conocido como \u201c<em>el Estratega<\/em>\u201d,\u00a0<a class=\"au km\" href=\"https:\/\/twitter.com\/mossrobeson__\/status\/1575205531886944256\" target=\"_blank\" rel=\"noopener ugc nofollow\">se tom\u00f3 fotos<\/a>\u00a0con los veteranos de <strong>Azov<\/strong>.\u00a0Este evento cont\u00f3 con una bandera de batalla del <strong>Regimiento Azov<\/strong> que aparentemente fue subastada con la promesa de que todos los miembros sobrevivientes la firmar\u00e1n despu\u00e9s de que se gane la guerra.\u00a0Los <strong>C\u00f3nsules Generales de Alemania y Polonia<\/strong> tambi\u00e9n hablaron en el evento.<\/span><\/p>\n<p data-selectable-paragraph=\"\">\u00a0<\/p>\n<figure id=\"attachment_2258476\" aria-describedby=\"caption-attachment-2258476\" style=\"width: 720px\" class=\"wp-caption aligncenter\"><img loading=\"lazy\" decoding=\"async\" class=\"size-full wp-image-2258476\" src=\"https:\/\/puntocritico.com\/ausajpuntocritico\/wp-content\/uploads\/2022\/10\/1_wLTtdBYQADoSbN9S79un9w.png\" alt=\"\" width=\"720\" height=\"180\" data-id=\"2258476\" srcset=\"https:\/\/puntocritico.com\/ausajpuntocritico\/wp-content\/uploads\/2022\/10\/1_wLTtdBYQADoSbN9S79un9w.png 720w, https:\/\/puntocritico.com\/ausajpuntocritico\/wp-content\/uploads\/2022\/10\/1_wLTtdBYQADoSbN9S79un9w-300x75.png 300w, https:\/\/puntocritico.com\/ausajpuntocritico\/wp-content\/uploads\/2022\/10\/1_wLTtdBYQADoSbN9S79un9w-610x153.png 610w\" sizes=\"auto, (max-width: 720px) 100vw, 720px\" \/><figcaption id=\"caption-attachment-2258476\" class=\"wp-caption-text\"><span style=\"color: #008000;\">De izquierda a derecha en el Instituto Ucraniano de Arte Moderno en Chicago: Wolfgang M\u00f6ssinger, C\u00f3nsul General de Alemania; Pawe\u0142 Zyzak, C\u00f3nsul General de Polonia; y Giorgi Kuparashvili<\/span><\/figcaption><\/figure>\n<p data-selectable-paragraph=\"\">\u00a0<\/p>\n<p id=\"e8bf\" class=\"pw-post-body-paragraph jo jp ig jq b jr js jt ju jv jw jx jy jz ka kb kc kd ke kf kg kh ki kj kk kl hz gh\" style=\"text-align: justify;\" data-selectable-paragraph=\"\"><span style=\"font-size: 14pt;\">El s\u00e1bado 1 de octubre, tras regresar a Washington, la delegaci\u00f3n al completo, excepto Kateryna Prokopenko, que parti\u00f3 para reencontrarse con su marido en Turqu\u00eda, hizo acto de presencia en la <strong>Universidad de Stanford<\/strong>.\u00a0Yulia Fedosyuk\u00a0\u00a0<a class=\"au km\" href=\"https:\/\/twitter.com\/AzovstalFam\/status\/1576518027826565121\" target=\"_blank\" rel=\"nofollow noopener\" data-schema-attribute=\"\">concluy\u00f3 sus comentarios<\/a>, \u00ab<em><strong>Gloria al Regimiento Azov<\/strong><\/em>\u00ab.\u00a0En un momento dado, el profesor de Stanford <strong>Michael McFaul<\/strong>, el\u00a0exembajador de EE. UU. en Rusia (2012-2014)\u00a0<a href=\"https:\/\/www.nydailynews.com\/news\/national\/ny-mcfaul-apologizes-comments-hitler-putin-maddow-20220312-uedlzzqmjzhnla6ecp5hccejze-story.html\" target=\"_blank\" rel=\"noopener\">famosamente tonto y\u00a0<\/a><a href=\"https:\/\/www.foxnews.com\/politics\/mcfaul-former-ambassador-to-russia-apologizes-for-bragging-about-giant-house-big-salary\" target=\"_blank\" rel=\"noopener\" data-schema-attribute=\"\">orgulloso propietario de una \u00abcasa gigante\u00bb,\u00a0<\/a><a class=\"au km\" href=\"https:\/\/twitter.com\/mossrobeson__\/status\/1576765779789328385\" target=\"_blank\" rel=\"nofollow noopener\" data-schema-attribute=\"\">se detuvo<\/a>\u00a0para ofrecer palabras de apoyo a <strong>Ucrania<\/strong>, si no al mismo <strong>Regimiento Azov<\/strong>.<\/span><\/p>\n<p data-selectable-paragraph=\"\">\u00a0<\/p>\n<figure id=\"attachment_2258477\" aria-describedby=\"caption-attachment-2258477\" style=\"width: 720px\" class=\"wp-caption aligncenter\"><img loading=\"lazy\" decoding=\"async\" class=\"wp-image-2258477 size-full\" src=\"https:\/\/puntocritico.com\/ausajpuntocritico\/wp-content\/uploads\/2022\/10\/1_74h15r9GsJedoiSXKIql3A.png\" alt=\"\" width=\"720\" height=\"434\" data-id=\"2258477\" srcset=\"https:\/\/puntocritico.com\/ausajpuntocritico\/wp-content\/uploads\/2022\/10\/1_74h15r9GsJedoiSXKIql3A.png 720w, https:\/\/puntocritico.com\/ausajpuntocritico\/wp-content\/uploads\/2022\/10\/1_74h15r9GsJedoiSXKIql3A-300x181.png 300w, https:\/\/puntocritico.com\/ausajpuntocritico\/wp-content\/uploads\/2022\/10\/1_74h15r9GsJedoiSXKIql3A-610x368.png 610w\" sizes=\"auto, (max-width: 720px) 100vw, 720px\" \/><figcaption id=\"caption-attachment-2258477\" class=\"wp-caption-text\"><span style=\"color: #008000;\">Michael McFaul dirige el Instituto Freeman Spogli de Estudios Internacionales, del que forma parte la CISAC. Aparentemente, no tuvo ning\u00fan problema con el s\u00edmbolo neonazi proyectado detr\u00e1s de \u00e9l. <\/span><\/figcaption><\/figure>\n<div>\u00a0<\/div>\n<div>\n<p id=\"58ea\" class=\"pw-post-body-paragraph jo jp ig jq b jr js jt ju jv jw jx jy jz ka kb kc kd ke kf kg kh ki kj kk kl hz gh\" style=\"text-align: justify;\" data-selectable-paragraph=\"\"><span style=\"font-size: 14pt;\">A principios de este a\u00f1o, el <strong>Centro para la Seguridad y la Cooperaci\u00f3n Internacionales (CISAC) de Stanford<\/strong> public\u00f3 un <a class=\"au km\" href=\"https:\/\/cisac.fsi.stanford.edu\/mappingmilitants\/profiles\/azov-battalion\" target=\"_blank\" rel=\"nofollow noopener\" data-schema-attribute=\"\">informe detallado<\/a> sobre el \u201c<em>Movimiento Azov\u2026 una red nacionalista de extrema derecha<\/em>\u201d.\u00a0<strong>Michael McFaul<\/strong> dirige el <strong>Instituto Freeman Spogli de Estudios Internacionales<\/strong>, del que forma parte la <strong>CISAC<\/strong>.\u00a0<em>Aparentemente, no tuvo ning\u00fan problema con el s\u00edmbolo neonazi proyectado detr\u00e1s de \u00e9l<\/em>.\u00a0<\/span><\/p>\n<p class=\"pw-post-body-paragraph jo jp ig jq b jr js jt ju jv jw jx jy jz ka kb kc kd ke kf kg kh ki kj kk kl hz gh\" style=\"text-align: justify;\" data-selectable-paragraph=\"\"><span style=\"font-size: 14pt;\">Esta podr\u00eda no haber sido la \u00faltima parada de la delegaci\u00f3n de Azov en los Estados Unidos, pero ser\u00eda bastante apropiado.\u00a0La Universidad de Stanford se encuentra en el distrito del Congreso adyacente a Ro Khanna, cuyas restricciones al apoyo estadounidense al <strong>Regimiento Azov<\/strong> deber\u00edan levantarse este a\u00f1o, seg\u00fan uno de los oradores del evento.\u00a0Pero en estos d\u00edas, incluso Khanna podr\u00eda no objetar.<\/span><\/p>\n<\/div>\n<div>\u00a0<\/div>\n<figure id=\"attachment_2243273\" aria-describedby=\"caption-attachment-2243273\" style=\"width: 400px\" class=\"wp-caption aligncenter\"><img loading=\"lazy\" decoding=\"async\" class=\"size-full wp-image-2243273\" src=\"https:\/\/puntocritico.com\/ausajpuntocritico\/wp-content\/uploads\/2022\/03\/voltairenet.org_-_1-196-2-07964-AZOV.jpg\" alt=\"\" width=\"400\" height=\"301\" data-id=\"2243273\" srcset=\"https:\/\/puntocritico.com\/ausajpuntocritico\/wp-content\/uploads\/2022\/03\/voltairenet.org_-_1-196-2-07964-AZOV.jpg 400w, https:\/\/puntocritico.com\/ausajpuntocritico\/wp-content\/uploads\/2022\/03\/voltairenet.org_-_1-196-2-07964-AZOV-300x226.jpg 300w, https:\/\/puntocritico.com\/ausajpuntocritico\/wp-content\/uploads\/2022\/03\/voltairenet.org_-_1-196-2-07964-AZOV-326x245.jpg 326w, https:\/\/puntocritico.com\/ausajpuntocritico\/wp-content\/uploads\/2022\/03\/voltairenet.org_-_1-196-2-07964-AZOV-80x60.jpg 80w\" sizes=\"auto, (max-width: 400px) 100vw, 400px\" \/><figcaption id=\"caption-attachment-2243273\" class=\"wp-caption-text\"><span style=\"color: #008000;\">Ceremonia del batall\u00f3n Azov. Al centro, su l\u00edder, el \u201cFuhrer blanco\u201d Andriy Biletsky.\u200e<\/span><\/figcaption><\/figure>\n<p style=\"text-align: center;\"><span style=\"font-size: 18pt;\">***<\/span><\/p>\n<p style=\"text-align: center;\" data-selectable-paragraph=\"\"><em>Este art\u00edculo fue publicado originalmente por el blog Ukes\u00a0<a href=\"https:\/\/mossrobeson.medium.com\/now-all-of-you-are-azov-ukrainian-neo-nazis-tour-u-s-3bf4eddb34e2\" target=\"_blank\" rel=\"noopener\">, Kooks and Spooks de Moss Robeson<\/a>\u00a0y ligeramente editado por The Grayzone.<\/em><\/p>\n<p style=\"text-align: center;\" data-selectable-paragraph=\"\"><em>Lea la primera parte de la serie de Robeson sobre la gira estadounidense de Azov\u00a0<a href=\"https:\/\/mossrobeson.medium.com\/azov-delegation-visits-the-us-b535ba336eb1\" target=\"_blank\" rel=\"noopener\">aqu\u00ed<\/a>\u00a0.<\/em><\/p>\n<p>&nbsp;<\/p>\n<p><img loading=\"lazy\" decoding=\"async\" class=\"aligncenter wp-image-2246513\" src=\"https:\/\/puntocritico.com\/ausajpuntocritico\/wp-content\/uploads\/2022\/04\/Mariupol-batallon-azov.webp\" alt=\"\" width=\"360\" height=\"360\" data-id=\"2246513\" srcset=\"https:\/\/puntocritico.com\/ausajpuntocritico\/wp-content\/uploads\/2022\/04\/Mariupol-batallon-azov.webp 1200w, https:\/\/puntocritico.com\/ausajpuntocritico\/wp-content\/uploads\/2022\/04\/Mariupol-batallon-azov-300x300.webp 300w, https:\/\/puntocritico.com\/ausajpuntocritico\/wp-content\/uploads\/2022\/04\/Mariupol-batallon-azov-1024x1024.webp 1024w, https:\/\/puntocritico.com\/ausajpuntocritico\/wp-content\/uploads\/2022\/04\/Mariupol-batallon-azov-150x150.webp 150w, https:\/\/puntocritico.com\/ausajpuntocritico\/wp-content\/uploads\/2022\/04\/Mariupol-batallon-azov-768x768.webp 768w, https:\/\/puntocritico.com\/ausajpuntocritico\/wp-content\/uploads\/2022\/04\/Mariupol-batallon-azov-610x610.webp 610w\" sizes=\"auto, (max-width: 360px) 100vw, 360px\" \/><\/p>\n<p style=\"text-align: center;\"><span style=\"font-size: 18pt;\"><strong><span style=\"color: #008000;\">*******<\/span><\/strong><\/span><\/p>\n<p style=\"text-align: justify;\"><span style=\"font-size: 14pt; color: #008000;\">SON NAZIS<\/span><\/p>\n<div class=\"title-wrap\">\n<h2 class=\"entry-title title flipboard-title\" style=\"text-align: center;\"><strong><span style=\"font-size: 24pt;\">ZELENSKY BORRA SILENCIOSAMENTE LA FOTO DEL PARCHE PRO-HITLER DE SU GUARDAESPALDAS<\/span><\/strong><\/h2>\n<\/div>\n<div class=\"title-wrap\">\n<p style=\"text-align: center;\"><span style=\"font-size: 18pt;\"><strong>El presidente ucraniano public\u00f3 una fotograf\u00eda en sus canales de redes sociales que muestra a uno de sus escoltas de seguridad con un parche que hace referencia a la unidad de guardaespaldas personal de Adolf Hitler.<\/strong><\/span><\/p>\n<p style=\"text-align: center;\"><span style=\"font-size: 14pt;\"><strong>Como antes, la imagen del parche nazi era real.\u00a0Adem\u00e1s, el parche \u201cOperator Skull\u201d de la compa\u00f1\u00eda R3ICH parece bastante popular en Ucrania.\u00a0De las tres tiendas en l\u00ednea con sede en Ucrania que este reportero descubri\u00f3 que vend\u00edan el emblema nazi, no quedaba ninguna en stock.\u00a0<\/strong><\/span><\/p>\n<\/div>\n<div class=\"cb-byline byline byline-3\"><span class=\"byline-part author\" style=\"font-size: 14pt;\">ALEJANDRO RUBINSTEIN<\/span><\/div>\n<div class=\"cb-byline byline byline-3\"><span style=\"font-size: 14pt;\"><span class=\"byline-part separator separator-date\"><a href=\"https:\/\/thegrayzone.com\/2022\/09\/15\/zelensky-bodyguards-hitler-patch\/\" target=\"_blank\" rel=\"noopener\">The Gray Zone<\/a>, <\/span><span class=\"byline-part cb-date date\"><time class=\"entry-date published dateCreated flipboard-date\" datetime=\"2022-09-15T23:06:17-04:00\">15 SEPT 2022<\/time><\/span><\/span><\/div>\n<p><img loading=\"lazy\" decoding=\"async\" class=\"aligncenter wp-image-2257101\" src=\"https:\/\/puntocritico.com\/ausajpuntocritico\/wp-content\/uploads\/2022\/10\/Zelensy-foto-borrado-simbolo-nazi-300x200.webp\" alt=\"\" width=\"555\" height=\"370\" data-id=\"2257101\" srcset=\"https:\/\/puntocritico.com\/ausajpuntocritico\/wp-content\/uploads\/2022\/10\/Zelensy-foto-borrado-simbolo-nazi-300x200.webp 300w, https:\/\/puntocritico.com\/ausajpuntocritico\/wp-content\/uploads\/2022\/10\/Zelensy-foto-borrado-simbolo-nazi-768x512.webp 768w, https:\/\/puntocritico.com\/ausajpuntocritico\/wp-content\/uploads\/2022\/10\/Zelensy-foto-borrado-simbolo-nazi-610x406.webp 610w, https:\/\/puntocritico.com\/ausajpuntocritico\/wp-content\/uploads\/2022\/10\/Zelensy-foto-borrado-simbolo-nazi.webp 770w\" sizes=\"auto, (max-width: 555px) 100vw, 555px\" \/><\/p>\n<p>&nbsp;<\/p>\n<p style=\"text-align: justify;\"><span style=\"font-size: 14pt;\">El 13 de septiembre, el presidente ucraniano, Vlodymyr Zelensky, realiz\u00f3 un viaje sorpresa a la ciudad de Izyum en la regi\u00f3n de Kharkov para una sesi\u00f3n de fotos luego de que sus militares recuperaran la ciudad de manos de las fuerzas<\/span><\/p>\n<figure id=\"attachment_2257098\" aria-describedby=\"caption-attachment-2257098\" style=\"width: 330px\" class=\"wp-caption alignleft\"><a href=\"https:\/\/archive.ph\/ziXWr\" target=\"_blank\" rel=\"noopener\" data-schema-attribute=\"\"><img loading=\"lazy\" decoding=\"async\" class=\"wp-image-2257098\" src=\"https:\/\/puntocritico.com\/ausajpuntocritico\/wp-content\/uploads\/2022\/10\/Zelensy-y-sus-pretorianos-nazis-1-Cuenta-oficial-de-Zelensky-300x176.jpg\" alt=\"\" width=\"330\" height=\"194\" data-id=\"2257098\" srcset=\"https:\/\/puntocritico.com\/ausajpuntocritico\/wp-content\/uploads\/2022\/10\/Zelensy-y-sus-pretorianos-nazis-1-Cuenta-oficial-de-Zelensky-300x176.jpg 300w, https:\/\/puntocritico.com\/ausajpuntocritico\/wp-content\/uploads\/2022\/10\/Zelensy-y-sus-pretorianos-nazis-1-Cuenta-oficial-de-Zelensky-1024x602.jpg 1024w, https:\/\/puntocritico.com\/ausajpuntocritico\/wp-content\/uploads\/2022\/10\/Zelensy-y-sus-pretorianos-nazis-1-Cuenta-oficial-de-Zelensky-768x452.jpg 768w, https:\/\/puntocritico.com\/ausajpuntocritico\/wp-content\/uploads\/2022\/10\/Zelensy-y-sus-pretorianos-nazis-1-Cuenta-oficial-de-Zelensky-610x359.jpg 610w, https:\/\/puntocritico.com\/ausajpuntocritico\/wp-content\/uploads\/2022\/10\/Zelensy-y-sus-pretorianos-nazis-1-Cuenta-oficial-de-Zelensky.jpg 1199w\" sizes=\"auto, (max-width: 330px) 100vw, 330px\" \/><\/a><figcaption id=\"caption-attachment-2257098\" class=\"wp-caption-text\"><span style=\"color: #008000;\">La imagen en la cuenta oficial de Zelensky en Facebook\u00a0<\/span><\/figcaption><\/figure>\n<p style=\"text-align: justify;\"><span style=\"font-size: 14pt;\">rusas.\u00a0Durante la visita, un soldado que parec\u00eda estar custodiando a Zelensky fue fotografiado con un parche de inspiraci\u00f3n nazi en su uniforme.<\/span><\/p>\n<p style=\"text-align: justify;\"><span style=\"font-size: 14pt;\">Cuando la imagen gener\u00f3 cr\u00edticas en las redes sociales, las cuentas oficiales de Telegram y Facebook del presidente ucraniano la eliminaron silenciosamente.<\/span><\/p>\n<p style=\"text-align: justify;\"><span style=\"font-size: 14pt;\">En Izyum el 14 de septiembre, Zelensky particip\u00f3 en una ceremonia de izada de bandera con la melod\u00eda del Himno Nacional de Ucrania y se tom\u00f3 selfies con civiles y soldados locales.\u00a0Si bien la mayor\u00eda de los hombres en la escena vest\u00edan uniformes militares oficiales, no fue dif\u00edcil ver cu\u00e1les estaban trabajando, a falta de un mejor t\u00e9rmino, y cu\u00e1les simplemente estaban presentes para participar en el evento.<img loading=\"lazy\" decoding=\"async\" class=\"alignright size-medium wp-image-2257099\" src=\"https:\/\/puntocritico.com\/ausajpuntocritico\/wp-content\/uploads\/2022\/10\/Zelensy-y-sus-pretorianos-nazis-1-DETALLE-simbolo-guardaepadas-de-hitler-300x161.jpg\" alt=\"\" width=\"300\" height=\"161\" data-id=\"2257099\" srcset=\"https:\/\/puntocritico.com\/ausajpuntocritico\/wp-content\/uploads\/2022\/10\/Zelensy-y-sus-pretorianos-nazis-1-DETALLE-simbolo-guardaepadas-de-hitler-300x161.jpg 300w, https:\/\/puntocritico.com\/ausajpuntocritico\/wp-content\/uploads\/2022\/10\/Zelensy-y-sus-pretorianos-nazis-1-DETALLE-simbolo-guardaepadas-de-hitler.jpg 435w\" sizes=\"auto, (max-width: 300px) 100vw, 300px\" \/><\/span><\/p>\n<p style=\"text-align: justify;\"><span style=\"font-size: 14pt;\">Una fotograf\u00eda publicada en las cuentas de Telegram y Facebook de Zelensky (archivada\u00a0<a href=\"https:\/\/web.archive.org\/web\/20220914123205\/https:\/\/t.me\/s\/V_Zelenskiy_official\" target=\"_blank\" rel=\"noopener\" data-schema-attribute=\"\">aqu\u00ed<\/a>\u00a0y\u00a0<a href=\"https:\/\/archive.ph\/ziXWr\" target=\"_blank\" rel=\"noopener\" data-schema-attribute=\"\">aqu\u00ed<\/a>\u00a0) captur\u00f3 al presidente mientras posaba para selfies con las tropas ucranianas.\u00a0Mientras Zelensky mostraba una sonrisa para la c\u00e1mara de un alegre miembro del servicio, estaba flanqueado por un soldado fuertemente equipado que montaba guardia y miraba en direcci\u00f3n opuesta.\u00a0Justo sobre el hombro derecho de Zelensky, se pod\u00eda ver un parche peque\u00f1o pero significativo en la parte posterior del chaleco antibalas del soldado.<\/span><\/p>\n<p>&nbsp;<\/p>\n<figure id=\"attachment_2257102\" aria-describedby=\"caption-attachment-2257102\" style=\"width: 360px\" class=\"wp-caption aligncenter\"><img loading=\"lazy\" decoding=\"async\" class=\"wp-image-2257102\" src=\"https:\/\/puntocritico.com\/ausajpuntocritico\/wp-content\/uploads\/2022\/10\/Simbolo-de-SS-Totenkopf-300x285.webp\" alt=\"\" width=\"360\" height=\"342\" data-id=\"2257102\" srcset=\"https:\/\/puntocritico.com\/ausajpuntocritico\/wp-content\/uploads\/2022\/10\/Simbolo-de-SS-Totenkopf-300x285.webp 300w, https:\/\/puntocritico.com\/ausajpuntocritico\/wp-content\/uploads\/2022\/10\/Simbolo-de-SS-Totenkopf-768x730.webp 768w, https:\/\/puntocritico.com\/ausajpuntocritico\/wp-content\/uploads\/2022\/10\/Simbolo-de-SS-Totenkopf-610x580.webp 610w, https:\/\/puntocritico.com\/ausajpuntocritico\/wp-content\/uploads\/2022\/10\/Simbolo-de-SS-Totenkopf.webp 800w\" sizes=\"auto, (max-width: 360px) 100vw, 360px\" \/><figcaption id=\"caption-attachment-2257102\" class=\"wp-caption-text\"><span style=\"color: #008000;\">S\u00edmbolo de SS-Totenkopf<\/span><\/figcaption><\/figure>\n<p>&nbsp;<\/p>\n<p style=\"text-align: justify;\"><span style=\"font-size: 14pt;\">Los usuarios de las redes sociales identificaron r\u00e1pidamente el s\u00edmbolo.\u00a0Se deriv\u00f3 de \u00abTotenkopf\u00bb (en alem\u00e1n, \u00abCabeza de <img loading=\"lazy\" decoding=\"async\" class=\"size-medium wp-image-2257100 alignleft\" src=\"https:\/\/puntocritico.com\/ausajpuntocritico\/wp-content\/uploads\/2022\/10\/Zelensy-y-sus-pretorianos-nazis-1-300x202.jpg\" alt=\"\" width=\"300\" height=\"202\" data-id=\"2257100\" srcset=\"https:\/\/puntocritico.com\/ausajpuntocritico\/wp-content\/uploads\/2022\/10\/Zelensy-y-sus-pretorianos-nazis-1-300x202.jpg 300w, https:\/\/puntocritico.com\/ausajpuntocritico\/wp-content\/uploads\/2022\/10\/Zelensy-y-sus-pretorianos-nazis-1-768x517.jpg 768w, https:\/\/puntocritico.com\/ausajpuntocritico\/wp-content\/uploads\/2022\/10\/Zelensy-y-sus-pretorianos-nazis-1-610x411.jpg 610w, https:\/\/puntocritico.com\/ausajpuntocritico\/wp-content\/uploads\/2022\/10\/Zelensy-y-sus-pretorianos-nazis-1.jpg 808w\" sizes=\"auto, (max-width: 300px) 100vw, 300px\" \/>la Muerte\u00bb), una insignia muy utilizada en la Alemania nazi.\u00a0Las insignias que incorporan el motivo de la calavera y los huesos fueron popularizadas por las Unidades de la Calavera de Alemania, cuya\u00a0<a href=\"https:\/\/web.archive.org\/web\/20180918235240\/http:\/\/www.nizkor.org\/hweb\/imt\/nca\/nca-02\/nca-02-15-criminality-05-03.html\" target=\"_blank\" rel=\"noopener\" data-schema-attribute=\"\">tarea<\/a>\u00a0original era servir como guardias en los campos de concentraci\u00f3n.\u00a0En octubre de 1939, unos 6.500 miembros<img loading=\"lazy\" decoding=\"async\" class=\"alignright size-medium wp-image-2257099\" src=\"https:\/\/puntocritico.com\/ausajpuntocritico\/wp-content\/uploads\/2022\/10\/Zelensy-y-sus-pretorianos-nazis-1-DETALLE-simbolo-guardaepadas-de-hitler-300x161.jpg\" alt=\"\" width=\"300\" height=\"161\" data-id=\"2257099\" srcset=\"https:\/\/puntocritico.com\/ausajpuntocritico\/wp-content\/uploads\/2022\/10\/Zelensy-y-sus-pretorianos-nazis-1-DETALLE-simbolo-guardaepadas-de-hitler-300x161.jpg 300w, https:\/\/puntocritico.com\/ausajpuntocritico\/wp-content\/uploads\/2022\/10\/Zelensy-y-sus-pretorianos-nazis-1-DETALLE-simbolo-guardaepadas-de-hitler.jpg 435w\" sizes=\"auto, (max-width: 300px) 100vw, 300px\" \/> se\u00a0<a href=\"https:\/\/archive.org\/details\/waffensshitlers00stei\/page\/258\/mode\/2up?view=theater\" target=\"_blank\" rel=\"noopener\" data-schema-attribute=\"\">desplegaron<\/a>\u00a0como combatientes de primera l\u00ednea en el intento de conquista de Europa y la Uni\u00f3n Sovi\u00e9tica, llevando a cabo cr\u00edmenes de guerra y limpieza \u00e9tnica en su camino.<\/span><\/p>\n<p style=\"text-align: justify;\"><span style=\"font-size: 14pt;\">El guardaespaldas de Zelensky parec\u00eda lucir una versi\u00f3n ligeramente alterada del parche de SS-Totenkopf;\u00a0le faltaban las tibias cruzadas y la calavera llevaba casco.<\/span><\/p>\n<p style=\"text-align: justify;\"><span style=\"font-size: 14pt;\">Sin embargo, este reportero pudo encontrar tres proveedores en l\u00ednea con sede en Ucrania que venden el parche, que tiene la marca \u00abOperator Skull\u00bb y est\u00e1 fabricado por una empresa llamada R3ICH, una referencia expl\u00edcita a la Alemania nazi.<\/span><\/p>\n<p>&nbsp;<\/p>\n<figure id=\"attachment_2257105\" aria-describedby=\"caption-attachment-2257105\" style=\"width: 379px\" class=\"wp-caption aligncenter\"><img loading=\"lazy\" decoding=\"async\" class=\"wp-image-2257105 size-full\" src=\"https:\/\/puntocritico.com\/ausajpuntocritico\/wp-content\/uploads\/2022\/10\/side-by-side.webp\" alt=\"\" width=\"379\" height=\"184\" data-id=\"2257105\" srcset=\"https:\/\/puntocritico.com\/ausajpuntocritico\/wp-content\/uploads\/2022\/10\/side-by-side.webp 379w, https:\/\/puntocritico.com\/ausajpuntocritico\/wp-content\/uploads\/2022\/10\/side-by-side-300x146.webp 300w\" sizes=\"auto, (max-width: 379px) 100vw, 379px\" \/><figcaption id=\"caption-attachment-2257105\" class=\"wp-caption-text\"><span style=\"color: #008000;\">Una comparaci\u00f3n lado a lado del parche R3ICH y una versi\u00f3n mejorada del parche usado por el guardaespaldas de Zelensky<\/span><\/figcaption><\/figure>\n<p>&nbsp;<\/p>\n<p style=\"text-align: justify;\"><span style=\"font-size: 14pt;\">Si bien a\u00fan no ha aparecido una toma clara y de tama\u00f1o considerable de la insignia que decora al aparente guardaespaldas de Zelensky, las representaciones mejoradas de la imagen demuestran claramente que luc\u00eda el mismo dise\u00f1o fabricado por R3ICH.\u00a0Ambas insignias presentan una calavera con un casco, el casco es pr\u00e1cticamente id\u00e9ntico, la<\/span><\/p>\n<figure id=\"attachment_2257106\" aria-describedby=\"caption-attachment-2257106\" style=\"width: 300px\" class=\"wp-caption alignleft\"><img loading=\"lazy\" decoding=\"async\" class=\"size-medium wp-image-2257106\" src=\"https:\/\/puntocritico.com\/ausajpuntocritico\/wp-content\/uploads\/2022\/10\/El-emblema-de-la-llave-maestra-de-la-Division-SS-Leibstandarte-300x261.jpg\" alt=\"\" width=\"300\" height=\"261\" data-id=\"2257106\" srcset=\"https:\/\/puntocritico.com\/ausajpuntocritico\/wp-content\/uploads\/2022\/10\/El-emblema-de-la-llave-maestra-de-la-Division-SS-Leibstandarte-300x261.jpg 300w, https:\/\/puntocritico.com\/ausajpuntocritico\/wp-content\/uploads\/2022\/10\/El-emblema-de-la-llave-maestra-de-la-Division-SS-Leibstandarte-610x531.jpg 610w, https:\/\/puntocritico.com\/ausajpuntocritico\/wp-content\/uploads\/2022\/10\/El-emblema-de-la-llave-maestra-de-la-Division-SS-Leibstandarte.jpg 753w\" sizes=\"auto, (max-width: 300px) 100vw, 300px\" \/><figcaption id=\"caption-attachment-2257106\" class=\"wp-caption-text\"><span style=\"color: #008000;\">El emblema de la llave maestra de la Divisi\u00f3n SS Leibstandarte<\/span><\/figcaption><\/figure>\n<p style=\"text-align: justify;\"><span style=\"font-size: 14pt;\">nariz y los orificios para los ojos comparten la misma cantidad de espacio entre ellos, las siluetas son indistinguibles y las marcas de conteo dibujadas en el casco aparecen en el mismo lugar.<\/span><\/p>\n<p style=\"text-align: justify;\"><span style=\"font-size: 14pt;\">Una mirada m\u00e1s cercana al parche \u00abOperator Skull\u00bb del R3ICH revela un detalle a\u00fan m\u00e1s inquietante: una llave maestra que se muestra en la parte superior derecha del casco es una clara referencia a la Divisi\u00f3n SS Leibstandarte, o Leibstandarte SS Adolf Hitler, la unidad de guardaespaldas personal de Hitler.\u00a0La unidad m\u00e1s tarde se convirti\u00f3 en un Panzer, o divisi\u00f3n de tanques blindados y, al igual que el Totenkopf, particip\u00f3 en varias invasiones en toda Europa y la Uni\u00f3n Sovi\u00e9tica.\u00a0<\/span><\/p>\n<p style=\"text-align: justify;\"><span style=\"font-size: 14pt;\">Mientras la Divisi\u00f3n Leibstandarte de las SS se abr\u00eda paso por J\u00e1rkov \u2014donde esta semana se fotografi\u00f3 al guardaespaldas de Zelensky con el parche \u201cOperator Skull\u201d\u2014 durante la Segunda Guerra Mundial, una de sus unidades se gan\u00f3 el apodo de \u201cBlowtorch Battalion\u201d por su costumbre de incendiar veh\u00edculos rusos. -Pueblos de habla.<\/span><\/p>\n<p>&nbsp;<\/p>\n<figure id=\"attachment_2257107\" aria-describedby=\"caption-attachment-2257107\" style=\"width: 480px\" class=\"wp-caption aligncenter\"><img loading=\"lazy\" decoding=\"async\" class=\"wp-image-2257107\" src=\"https:\/\/puntocritico.com\/ausajpuntocritico\/wp-content\/uploads\/2022\/10\/vcdp71j41vm41-300x259.webp\" alt=\"\" width=\"480\" height=\"414\" data-id=\"2257107\" srcset=\"https:\/\/puntocritico.com\/ausajpuntocritico\/wp-content\/uploads\/2022\/10\/vcdp71j41vm41-300x259.webp 300w, https:\/\/puntocritico.com\/ausajpuntocritico\/wp-content\/uploads\/2022\/10\/vcdp71j41vm41-610x526.webp 610w, https:\/\/puntocritico.com\/ausajpuntocritico\/wp-content\/uploads\/2022\/10\/vcdp71j41vm41.webp 640w\" sizes=\"auto, (max-width: 480px) 100vw, 480px\" \/><figcaption id=\"caption-attachment-2257107\" class=\"wp-caption-text\"><span style=\"color: #008000;\">Un soldado de la Leibstandarte SS Adolf Hitler enciende su cigarrillo en el techo de paja en llamas de un edificio en Kharkov. Foto v\u00eda Archivos Federales Alemanes<\/span><\/figcaption><\/figure>\n<p>&nbsp;<\/p>\n<p style=\"text-align: justify;\"><span style=\"font-size: 14pt;\">Despu\u00e9s de que este reportero acudiera a las redes sociales para informar que el guardaespaldas de Zelensky parec\u00eda estar usando el parche \u201cOperator Skull\u201d, no menos de ocho usuarios de Twitter afirmaron que la imagen estaba retocada.\u00a0<a href=\"https:\/\/twitter.com\/MintPressNews\/status\/1570505039902539777\" target=\"_blank\" rel=\"noopener\" data-schema-attribute=\"\">Sorprendentemente, Twitter incluso consider\u00f3 que el tuit<\/a>\u00a0de MintPress News\u00a0sobre la fotograf\u00eda era \u00abcontenido sensible\u00bb, un aparente intento de control de da\u00f1os en nombre de Zelensky que redujo la visibilidad de la imagen en la plataforma.<\/span><\/p>\n<p style=\"text-align: justify;\"><span style=\"font-size: 14pt;\">El avistamiento del parche nazi record\u00f3 un incidente de 2018 en el que el entonces presidente de Ucrania, Petro Poroshenko, pos\u00f3 con soldados que portaban carteles con el s\u00edmbolo nazi Totenkopf.\u00a0Newsweek\u00a0<a href=\"https:\/\/www.newsweek.com\/russia-warns-ukraine-we-would-not-start-war-our-response-will-be-most-1263864?amp=1\" target=\"_blank\" rel=\"noopener\" data-schema-attribute=\"\">afirm\u00f3<\/a>\u00a0falsamente : \u201cLa imagen inclu\u00eda un cr\u00e1neo y huesos que parecen haber sido retocados con Photoshop en la fotograf\u00eda de las tropas ucranianas\u201d.\u00a0Sin embargo, como\u00a0<a href=\"https:\/\/thegrayzone.com\/2018\/12\/10\/nato-ukraine-president-poroshenko-nazi-soldier-totenkopf\/\" target=\"_blank\" rel=\"noopener\" data-schema-attribute=\"\">inform\u00f3 The Grayzone<\/a>\u00a0, el soldado parado directamente al lado de Poroshenko llevaba el parche de inspiraci\u00f3n nazi en el pecho.\u00a0Los paracaidistas\u00a0<a href=\"https:\/\/m.facebook.com\/watch\/?v=2176327699255363&amp;_rdr\" target=\"_blank\" rel=\"noopener\" data-schema-attribute=\"\">luego se disculparon<\/a>\u00a0por mostrar el s\u00edmbolo nazi, desacreditando a\u00fan m\u00e1s el giro de Newsweek.<\/span><\/p>\n<p>&nbsp;<\/p>\n<p><a href=\"https:\/\/twitter.com\/VictoriaYastrub\/status\/1570142654490615809?ref_src=twsrc%5Etfw%7Ctwcamp%5Etweetembed%7Ctwterm%5E1570415277028052992%7Ctwgr%5E5fd52139ad92e3a40eb967b4b0b6912364c2b463%7Ctwcon%5Es2_&amp;ref_url=https%3A%2F%2Fthegrayzone.com%2F2022%2F09%2F15%2Fzelensky-bodyguards-hitler-patch%2F\" target=\"_blank\" rel=\"noopener\"><img loading=\"lazy\" decoding=\"async\" class=\"aligncenter wp-image-2257108\" src=\"https:\/\/puntocritico.com\/ausajpuntocritico\/wp-content\/uploads\/2022\/10\/tuit-rubinstein-Z-176x300.jpg\" alt=\"\" width=\"330\" height=\"562\" data-id=\"2257108\" srcset=\"https:\/\/puntocritico.com\/ausajpuntocritico\/wp-content\/uploads\/2022\/10\/tuit-rubinstein-Z-176x300.jpg 176w, https:\/\/puntocritico.com\/ausajpuntocritico\/wp-content\/uploads\/2022\/10\/tuit-rubinstein-Z.jpg 467w\" sizes=\"auto, (max-width: 330px) 100vw, 330px\" \/><\/a><\/p>\n<p style=\"text-align: justify;\"><span style=\"font-size: 14pt;\">C<\/span><span style=\"font-size: 14pt;\">omo antes, la imagen del parche nazi era real.\u00a0Adem\u00e1s, el parche \u201cOperator Skull\u201d de la compa\u00f1\u00eda R3ICH parece bastante popular en Ucrania.\u00a0De las tres tiendas en l\u00ednea con sede en Ucrania que este reportero descubri\u00f3 que vend\u00edan el emblema nazi, no quedaba ninguna en stock.\u00a0<\/span><\/p>\n<p>&nbsp;<\/p>\n<figure id=\"attachment_2244142\" aria-describedby=\"caption-attachment-2244142\" style=\"width: 300px\" class=\"wp-caption aligncenter\"><img loading=\"lazy\" decoding=\"async\" class=\"size-medium wp-image-2244142\" src=\"https:\/\/puntocritico.com\/ausajpuntocritico\/wp-content\/uploads\/2022\/04\/Mcain-Senador-y-candidato-a-Presidente-USA-con-lideres-Neonazis-ucranianos-PPAL-300x199.jpg\" alt=\"\" width=\"300\" height=\"199\" data-id=\"2244142\" srcset=\"https:\/\/puntocritico.com\/ausajpuntocritico\/wp-content\/uploads\/2022\/04\/Mcain-Senador-y-candidato-a-Presidente-USA-con-lideres-Neonazis-ucranianos-PPAL-300x199.jpg 300w, https:\/\/puntocritico.com\/ausajpuntocritico\/wp-content\/uploads\/2022\/04\/Mcain-Senador-y-candidato-a-Presidente-USA-con-lideres-Neonazis-ucranianos-PPAL-610x405.jpg 610w, https:\/\/puntocritico.com\/ausajpuntocritico\/wp-content\/uploads\/2022\/04\/Mcain-Senador-y-candidato-a-Presidente-USA-con-lideres-Neonazis-ucranianos-PPAL-678x452.jpg 678w, https:\/\/puntocritico.com\/ausajpuntocritico\/wp-content\/uploads\/2022\/04\/Mcain-Senador-y-candidato-a-Presidente-USA-con-lideres-Neonazis-ucranianos-PPAL.jpg 680w\" sizes=\"auto, (max-width: 300px) 100vw, 300px\" \/><figcaption id=\"caption-attachment-2244142\" class=\"wp-caption-text\"><span style=\"color: #008000;\">El Senador y candidato a Presidente US, Mcain, con lideres Neonazis ucranianos<\/span><\/figcaption><\/figure>\n<p style=\"text-align: center;\"><strong><span style=\"color: #008000; font-size: 18pt;\">*******<\/span><\/strong><\/p>\n<p><img loading=\"lazy\" decoding=\"async\" class=\"aligncenter wp-image-2257197\" src=\"https:\/\/puntocritico.com\/ausajpuntocritico\/wp-content\/uploads\/2022\/09\/Felipe-de-Edimburgo-quire-ser-un-virus-mortal-300x142.jpg\" alt=\"\" width=\"480\" height=\"226\" data-id=\"2257197\" srcset=\"https:\/\/puntocritico.com\/ausajpuntocritico\/wp-content\/uploads\/2022\/09\/Felipe-de-Edimburgo-quire-ser-un-virus-mortal-300x142.jpg 300w, https:\/\/puntocritico.com\/ausajpuntocritico\/wp-content\/uploads\/2022\/09\/Felipe-de-Edimburgo-quire-ser-un-virus-mortal-768x362.jpg 768w, https:\/\/puntocritico.com\/ausajpuntocritico\/wp-content\/uploads\/2022\/09\/Felipe-de-Edimburgo-quire-ser-un-virus-mortal-610x288.jpg 610w, https:\/\/puntocritico.com\/ausajpuntocritico\/wp-content\/uploads\/2022\/09\/Felipe-de-Edimburgo-quire-ser-un-virus-mortal.jpg 850w\" sizes=\"auto, (max-width: 480px) 100vw, 480px\" \/><\/p>\n<p style=\"text-align: center;\"><strong><span style=\"color: #008000; font-size: 18pt;\">*******<\/span><\/strong><\/p>\n<p style=\"text-align: justify;\"><span style=\"font-size: 14pt; color: #008000;\">DESPIADADOS PSIC\u00d3PATAS<\/span><\/p>\n<div class=\"title-wrap\">\n<h2 class=\"entry-title title flipboard-title\" style=\"text-align: center;\"><span style=\"font-size: 24pt;\">\u201cESTOS SON ANIMALES, NO PERSONAS\u201d: Zelensky libera a violadores de ni\u00f1os condenados, torturadores para reforzar militares agotados<\/span><\/h2>\n<p style=\"text-align: center;\"><span style=\"font-size: 14pt;\"><strong>Una vez condenados por funcionarios ucranianos y encarcelados por tortura s\u00e1dica y violaci\u00f3n de menores, los l\u00edderes del notorio Batall\u00f3n Tornado est\u00e1n en libertad bajo las \u00f3rdenes de Volodymyr Zelensky.<\/strong><\/span><\/p>\n<\/div>\n<div class=\"cb-byline byline byline-3\" style=\"text-align: justify;\"><span style=\"font-size: 14pt;\">ESHA KRISHNASWAMY<\/span><\/div>\n<div class=\"cb-byline byline byline-3\" style=\"text-align: justify;\"><span style=\"font-size: 14pt;\"><span class=\"byline-part separator separator-date\"><a href=\"https:\/\/thegrayzone.com\/2022\/07\/30\/zelensky-militants-convicted-child-rape-torture-military\/\" target=\"_blank\" rel=\"noopener\">The Gray Zone<\/a>, <\/span><span class=\"byline-part cb-date date\"><time class=\"entry-date published dateCreated flipboard-date\" datetime=\"2022-09-15T23:06:17-04:00\">30 JULIO 2022<\/time><\/span><\/span><\/div>\n<p><img loading=\"lazy\" decoding=\"async\" class=\"aligncenter wp-image-2257113 size-mh-magazine-content\" src=\"https:\/\/puntocritico.com\/ausajpuntocritico\/wp-content\/uploads\/2022\/09\/MAX-NEW-JULY-678x381.webp\" alt=\"\" width=\"678\" height=\"381\" data-id=\"2257113\" srcset=\"https:\/\/puntocritico.com\/ausajpuntocritico\/wp-content\/uploads\/2022\/09\/MAX-NEW-JULY-678x381.webp 678w, https:\/\/puntocritico.com\/ausajpuntocritico\/wp-content\/uploads\/2022\/09\/MAX-NEW-JULY-300x169.webp 300w, https:\/\/puntocritico.com\/ausajpuntocritico\/wp-content\/uploads\/2022\/09\/MAX-NEW-JULY-1024x576.webp 1024w, https:\/\/puntocritico.com\/ausajpuntocritico\/wp-content\/uploads\/2022\/09\/MAX-NEW-JULY-768x432.webp 768w, https:\/\/puntocritico.com\/ausajpuntocritico\/wp-content\/uploads\/2022\/09\/MAX-NEW-JULY-1536x864.webp 1536w, https:\/\/puntocritico.com\/ausajpuntocritico\/wp-content\/uploads\/2022\/09\/MAX-NEW-JULY-610x343.webp 610w, https:\/\/puntocritico.com\/ausajpuntocritico\/wp-content\/uploads\/2022\/09\/MAX-NEW-JULY-1320x743.webp 1320w, https:\/\/puntocritico.com\/ausajpuntocritico\/wp-content\/uploads\/2022\/09\/MAX-NEW-JULY.webp 1920w\" sizes=\"auto, (max-width: 678px) 100vw, 678px\" \/><\/p>\n<p>&nbsp;<\/p>\n<p style=\"text-align: justify;\"><span style=\"font-size: 14pt;\">Despu\u00e9s de prohibir pr\u00e1cticamente a toda su oposici\u00f3n pol\u00edtica, publicar una lista negra de periodistas y acad\u00e9micos extranjeros acusados \u200b\u200bde promover la \u00ab<em>propaganda rusa<\/em>\u00bb y aprobar una ley que exime al 70% de los ucranianos de las protecciones laborales, el presidente ucraniano <strong>Volodymyr Zelenksy liber\u00f3 de prisi\u00f3n a militantes fascistas condenados por algunos de los cr\u00edmenes m\u00e1s atroces que el pa\u00eds ha visto desde la Segunda Guerra Mundial<\/strong>.\u00a0<\/span><\/p>\n<p style=\"text-align: justify;\"><span style=\"font-size: 14pt;\">Seg\u00fan un\u00a0<a href=\"https:\/\/focus.ua\/uk\/amp\/ukraine\/521825-osuzhdennyy-za-pytki-byvshiy-kombat-tornado-onishchenko-vyshel-na-svobodu-eks-nardep\" target=\"_blank\" rel=\"noopener\" data-schema-attribute=\"\">informe del 11 de julio en los medios ucranianos<\/a>, <strong>Ruslan<\/strong> <strong>Onishenko<\/strong>, comandante del ahora disuelto <strong>Batall\u00f3n<\/strong> <strong>Tornado<\/strong>, fue liberado como parte del plan del presidente <strong>Zelensky<\/strong> para liberar a prisioneros con experiencia en combate.\u00a0Junto con un <strong><em>compromiso inquebrantable con el fascismo<\/em><\/strong>, <strong>Onishenko<\/strong> es conocido como <em>un s\u00e1dico psic\u00f3pata que estuvo involucrado en agredir sexualmente a ni\u00f1os, torturar brutalmente a los prisioneros y asesinar<\/em>.<\/span><\/p>\n<p style=\"text-align: justify;\"><span style=\"font-size: 14pt;\">La liberaci\u00f3n de <strong>Onishenko<\/strong> sigue a una orden del 27 de febrero de <strong>Zelensky<\/strong> para liberar a otros ex miembros del Tornado condenados como\u00a0<a href=\"https:\/\/twitter.com\/war_noir\/status\/1501572832790290437?s=20&amp;t=arsPlFQCYslxdK0w8lm9rA\" target=\"_blank\" rel=\"noopener\" data-schema-attribute=\"\">Danil \u00abMujahed\u00bb Lyashuk<\/a>\u00a0, un fan\u00e1tico de Bielorrusia que ha emulado abiertamente a ISIS y se jactaba de torturar a los cautivos por puro placer.\u00a0<a href=\"https:\/\/www.dailymail.co.uk\/news\/article-10559879\/Zelensky-reveals-prisoners-combat-experience-RELEASED-help-defend-Ukraine.html\" target=\"_blank\" rel=\"noopener\" data-schema-attribute=\"\">Seg\u00fan<\/a>\u00a0el decreto de Zelensky, a los prisioneros con experiencia en combate se les permitir\u00eda \u201c<em>compensar su culpa<\/em>\u201d peleando en los \u201c<em>puntos m\u00e1s calientes<\/em>\u201d.<\/span><\/p>\n<p style=\"text-align: justify;\"><span style=\"font-size: 14pt;\">En 2015, cuando el estado ucraniano brind\u00f3 apoyo oficial a su <strong>Batall\u00f3n Tornado<\/strong>, <strong>Onishenko<\/strong> envi\u00f3 un mensaje de texto a dos compa\u00f1eros \u00ab<em>patriotas<\/em>\u00ab, <strong>Voldomor<\/strong> y <strong>Svetlana Savichuk<\/strong>, proponi\u00e9ndole a Svetlana Savichuk que \u00ab<em>chupara mi polla frente a los ni\u00f1os [peque\u00f1os]<\/em>\u00ab.\u00a0(<em>Ver capturas de pantalla de la conversaci\u00f3n\u00a0<a href=\"https:\/\/u.pcloud.link\/publink\/show?code=kZ2DVQVZIT72zckndNkGpDVPuLsjs7h1GGJV\" target=\"_blank\" rel=\"noopener\" data-schema-attribute=\"\">aqu\u00ed<\/a><\/em>).\u00a0Tambi\u00e9n le pidi\u00f3 a Savichuk que realizara actos lascivos con sus hijos para su placer visual.\u00a0A pesar de<strong><em> la magnitud de sus cr\u00edmenes, que incluyeron tortura, asesinato, violaci\u00f3n, incluida la de ni\u00f1os, secuestro, amputaci\u00f3n y m\u00e1s<\/em><\/strong>, <strong>Onishenko<\/strong> fue sentenciado a solo 11 a\u00f1os de prisi\u00f3n el 11 de abril de 2017.\u00a0\u00a0<\/span><\/p>\n<p style=\"text-align: justify;\"><span style=\"font-size: 14pt;\">Ahora, despu\u00e9s de cumplir solo cinco a\u00f1os de su sentencia, el depredador convicto ha sido liberado por un presidente aclamado por los patrocinadores occidentales como un defensor de la democracia.<\/span><\/p>\n<p style=\"text-align: justify;\"><span style=\"font-size: 14pt;\">El movimiento de <strong>Zelensky<\/strong> no es solo una se\u00f1al de desesperaci\u00f3n, ya que sus fuerzas armadas son aplastadas por las fuerzas rusas en el este.\u00a0<strong><em>Extiende la impunidad virtual de la que los batallones ucranianos infestados de criminales empedernidos y neonazis han disfrutado durante m\u00e1s de ocho a\u00f1os como ejecutores oficiales del r\u00e9gimen posterior a Maidan<\/em><\/strong>.<\/span><\/p>\n<p style=\"text-align: justify;\">\u00a0<\/p>\n<figure id=\"attachment_2257114\" aria-describedby=\"caption-attachment-2257114\" style=\"width: 462px\" class=\"wp-caption aligncenter\"><img loading=\"lazy\" decoding=\"async\" class=\"wp-image-2257114 size-full\" src=\"https:\/\/puntocritico.com\/ausajpuntocritico\/wp-content\/uploads\/2022\/09\/Fundador-del-batallon-Tornado-Ruslan-Onishenko.webp\" alt=\"\" width=\"462\" height=\"348\" data-id=\"2257114\" srcset=\"https:\/\/puntocritico.com\/ausajpuntocritico\/wp-content\/uploads\/2022\/09\/Fundador-del-batallon-Tornado-Ruslan-Onishenko.webp 462w, https:\/\/puntocritico.com\/ausajpuntocritico\/wp-content\/uploads\/2022\/09\/Fundador-del-batallon-Tornado-Ruslan-Onishenko-300x226.webp 300w, https:\/\/puntocritico.com\/ausajpuntocritico\/wp-content\/uploads\/2022\/09\/Fundador-del-batallon-Tornado-Ruslan-Onishenko-326x245.webp 326w, https:\/\/puntocritico.com\/ausajpuntocritico\/wp-content\/uploads\/2022\/09\/Fundador-del-batallon-Tornado-Ruslan-Onishenko-80x60.webp 80w\" sizes=\"auto, (max-width: 462px) 100vw, 462px\" \/><figcaption id=\"caption-attachment-2257114\" class=\"wp-caption-text\"><span style=\"color: #008000;\">Fundador del batall\u00f3n Tornado Ruslan Onishenko<\/span><\/figcaption><\/figure>\n<h3 style=\"text-align: center;\"><span style=\"font-size: 18pt;\"><strong>A medida que las unidades regulares desertan despu\u00e9s de Maidan, los batallones llenan el vac\u00edo.<\/strong><\/span><\/h3>\n<p style=\"text-align: justify;\"><span style=\"font-size: 14pt;\">En febrero de 2014, cuando el golpe de <strong>Euromaid\u00e1n<\/strong> respaldado por Estados Unidos <em><strong>expuls\u00f3 al presidente elegido democr\u00e1ticamente de Ucrania<\/strong><\/em>, el nuevo r\u00e9gimen de Kiev se enfrent\u00f3 a una crisis.\u00a0En todo el pa\u00eds, las unidades militares y los gobiernos locales todav\u00eda estaban llenos de rusos \u00e9tnicos y otros elementos supuestamente \u00ab<em>antipatri\u00f3ticos<\/em>\u00ab.\u00a0Los pol\u00edticos de etnia rusa, en su mayor\u00eda del este, fueron tildados de \u00ab<em>diputados<\/em> <em>radicales<\/em>\u00bb y secuestrados, perseguidos u obligados a huir de alguna otra manera.<\/span><\/p>\n<p style=\"text-align: justify;\"><span style=\"font-size: 14pt;\">El 23 de febrero de 2014, <strong>Oleksandr Valentynovych Turchynov<\/strong> se convirti\u00f3 en presidente interino de Ucrania y promulg\u00f3 una legislaci\u00f3n radical sin mandato electoral o constitucional.\u00a0En toda Ucrania, <strong><em>la mayor\u00eda de los ciudadanos se negaron a reconocer la legitimidad del nuevo r\u00e9gimen golpist<\/em><\/strong>a.\u00a0Las \u00e1reas al este del r\u00edo Dnieper habitadas por un gran n\u00famero de hablantes de ruso, jud\u00edos, musulmanes y otras minor\u00edas nacionales pronto se convertir\u00edan en objetivos de paramilitares de derecha como el <strong>batall\u00f3n Tornado de Onishenko<\/strong>.<\/span><\/p>\n<p style=\"text-align: justify;\"><span style=\"font-size: 14pt;\">En las ciudades orientales de\u00a0<a href=\"http:\/\/america.aljazeera.com\/articles\/2014\/4\/6\/pro-russia-protestersstormgovtbuildingineastukraine.html\" target=\"_blank\" rel=\"noopener\" data-schema-attribute=\"\">Lugansk<\/a>,\u00a0<a href=\"https:\/\/www.cbsnews.com\/news\/ukrainian-city-of-donetsk-epitomizes-countrys-crisis\/\" target=\"_blank\" rel=\"noopener\" data-schema-attribute=\"\">Donetsk<\/a>,\u00a0<a href=\"https:\/\/www.nytimes.com\/2014\/05\/10\/world\/europe\/ukraine-forces-destroy-police-building-in-restive-east.html\" target=\"_blank\" rel=\"noopener\" data-schema-attribute=\"\">Mariupol<\/a>,\u00a0<a href=\"https:\/\/web.archive.org\/web\/20140301212545\/http:\/\/www.theguardian.com\/world\/2014\/mar\/01\/crimea-crisis-deepens-as-russia-and-ukraine-ready-forces-live-updates\" target=\"_blank\" rel=\"noopener\" data-schema-attribute=\"\">Odessa<\/a>\u00a0y\u00a0<a href=\"https:\/\/www.washingtonpost.com\/world\/europe\/in-kharkiv-ukraines-biggest-pro-russian-city-a-question-of-who-is-in-charge\/2014\/02\/27\/8baca598-9fd2-11e3-a050-dc3322a94fa7_story.html\" target=\"_blank\" rel=\"noopener\" data-schema-attribute=\"\">Kharkiv<\/a>, los residentes asediaron los edificios del gobierno local y los edificios de los servicios de seguridad ucranianos para presionar por un refer\u00e9ndum sobre la independencia.\u00a0<strong><em>Ni el ej\u00e9rcito local ni la polic\u00eda intentaron detener a estos manifestantes<\/em><\/strong>.\u00a0<\/span><\/p>\n<p style=\"text-align: justify;\"><span style=\"font-size: 14pt;\">Seg\u00fan un\u00a0<a href=\"https:\/\/www.google.com\/url?sa=t&amp;source=web&amp;rct=j&amp;url=https:\/\/www.benning.army.mil\/infantry\/magazine\/issues\/2016\/APR-JUL\/pdf\/16)%2520Cohen_UkraineVolunteers_TXT.pdf&amp;ved=2ahUKEwjT2ozxiZ_5AhW5pokEHR14DUAQFnoECBEQAQ&amp;usg=AOvVaw133cA5XeWK8yWbO9s0a7ef\" target=\"_blank\" rel=\"noopener\" data-schema-attribute=\"\">informe militar estadounidense<\/a>\u00a0de 2016 :<\/span><\/p>\n<blockquote>\n<p style=\"text-align: center;\"><strong><span style=\"font-size: 14pt; color: #008000;\"><i>Ciertamente, las fuerzas prorrusas no encontraron resistencia armada al principio.\u00a0De hecho, la verdadera situaci\u00f3n sobre el terreno era a\u00fan peor.\u00a0Seg\u00fan el ministro del Interior de Ucrania, hasta el 70 por ciento de la polic\u00eda de la regi\u00f3n hab\u00eda permitido o ayudado activamente en las tomas de edificios.<\/i><\/span><\/strong><\/p>\n<\/blockquote>\n<p>&nbsp;<\/p>\n<p style=\"text-align: justify;\"><strong><em><span style=\"font-size: 14pt;\">Cuando el gobierno posterior a Maidan se neg\u00f3 a otorgar a estos ciudadanos un refer\u00e9ndum o una representaci\u00f3n significativa en el gobierno, dos de los \u00f3blast regionales del este, Donetsk y Lugansk, declararon su independencia.<\/span><\/em><\/strong><\/p>\n<p style=\"text-align: justify;\"><span style=\"font-size: 14pt;\">La crisis de legitimidad del gobierno posterior a Maidan creci\u00f3 cuando\u00a0las unidades militares ucranianas enviadas a <strong>Donetsk<\/strong> para sofocar la rebeli\u00f3n\u00a0<a href=\"https:\/\/www.csmonitor.com\/World\/Security-Watch\/terrorism-security\/2014\/0416\/Ukrainian-military-defections-boost-pro-Russia-militia-as-unrest-spreads\" target=\"_blank\" rel=\"noopener\" data-schema-attribute=\"\">terminaron desertando<\/a> al lado de los residentes antigolpistas de Maidan.\u00a0Desesperado por salvar a su nuevo r\u00e9gimen, el presidente interino no electo <strong>Oleksandr<\/strong> <strong>Turchynov<\/strong>\u00a0<a href=\"https:\/\/www.dw.com\/en\/ukraines-acting-president-orders-large-scale-anti-terror-operation-in-east\/a-17564497\" target=\"_blank\" rel=\"noopener\" data-schema-attribute=\"\">anunci\u00f3 operaciones antiterroristas a gran escala para \u201c<em>sofocar a los terroristas<\/em>\u201d en el este<\/a>.\u00a0\u00a0 Sin embargo, el ej\u00e9rcito ucraniano se mantuvo obstinado y se neg\u00f3 en gran medida a seguir las \u00f3rdenes de Kiev.\u00a0\u00a0<\/span><\/p>\n<p style=\"text-align: justify;\"><span style=\"font-size: 14pt;\">En <strong>abril de 2014<\/strong>, la brigada aerotransportada n\u00famero 25 de las Fuerzas de Asalto de Alta Movilidad de las Fuerzas Armadas de Ucrania fue enviada a <strong>Donetsk<\/strong> para librar la guerra a sus residentes.\u00a0Sin embargo, en palabras del amargado presidente interino <strong>Turchynov<\/strong> el 17 de abril de 2014 en la Verjovna Rada, \u201c<em>la 25\u00aa Brigada Aerotransportada separada, cuyo ej\u00e9rcito mostr\u00f3 cobard\u00eda y entreg\u00f3 las armas, ser\u00e1 desmantelada\u2026 El Ministerio de Defensa ha recibido esta instrucci\u00f3n<\/em>\u201d.\u00a0\u00a0<\/span><\/p>\n<p style=\"text-align: justify;\"><span style=\"font-size: 14pt;\"><strong>Turchynov<\/strong> envi\u00f3 una orden correspondiente a la oficina del Fiscal General exigiendo el castigo penal de los militares desobedientes.\u00a0Si bien el Ministerio de Defensa de Ucrania neg\u00f3 que la brigada desertara al lado de los separatistas,\u00a0<strong>los tanques de la unidad\u00a0<a href=\"https:\/\/abcnews.go.com\/blogs\/headlines\/2014\/04\/ukraines-offensive-falters-as-elite-units-defect-to-pro-russia-side\" target=\"_blank\" rel=\"noopener\" data-schema-attribute=\"\">comenzaron a enarbolar la bandera de la DNR<\/a><\/strong>, como informaron incluso los principales medios occidentales.<\/span><\/p>\n<p style=\"text-align: justify;\"><span style=\"font-size: 14pt;\">D\u00edas despu\u00e9s de que el presidente interino \u00ab<em>disuelva<\/em>\u00bb la 25.\u00aa Brigada, el \u00ab<em>vicegobernador<\/em>\u00bb reci\u00e9n instalado de Dnipropetrovsk <a href=\"https:\/\/euromaidanpress.com\/2014\/04\/15\/dnipropetrovsk-promises-putin-a-second-stalingrad\/\" target=\"_blank\" rel=\"noopener\" data-schema-attribute=\"\">anunci\u00f3<\/a>\u00a0la formaci\u00f3n de \u00ab<em>fuerzas<\/em> <em>especiales<\/em>\u00bb para \u00ab<em>proteger el oblast<\/em>\u00bb de caer en \u00ab<em>manos de Rusia<\/em>\u00ab.\u00a0Mientras que\u00a0<a href=\"http:\/\/www.ukrstat.gov.ua\/operativ\/operativ2006\/gdn\/prc_rik\/prc_rik_e\/dszpR_e.htm\" target=\"_blank\" rel=\"noopener\" data-schema-attribute=\"\">el salario medio de Ucrania para 2014 fue de 3480\u20b4 ($117 USD),<\/a>\u00a0los \u00ab<em>voluntarios<\/em>\u00bb de estos batallones, seg\u00fan el vicegobernador del \u00d3blast de Dnipropetrovsk, <strong>Hennadiy Korban<\/strong>, recibieron 29528\u20b4 ($1000) por mes.\u00a0Eso es casi\u00a0<a href=\"https:\/\/euromaidanpress.com\/2014\/04\/15\/dnipropetrovsk-promises-putin-a-second-stalingrad\/?__cf_chl_tk=ZywtbiISWyZAljLzXw8wTvoIvFsTSxTu83w7bRCMALE-1654137489-0-gaNycGzNCOU\" target=\"_blank\" rel=\"noopener\" data-schema-attribute=\"\">diez veces<\/a> el salario promedio en Ucrania.\u00a0\u00a0\u00a0<\/span><\/p>\n<p style=\"text-align: justify;\"><span style=\"font-size: 14pt;\">Despu\u00e9s de la p\u00e9rdida de partes de los <em>\u00f3blasts<\/em> de <strong>Lugansk<\/strong> y <strong>Donetsk<\/strong> y toda la pen\u00ednsula de <strong>Crimea<\/strong>, Kiev cre\u00eda que el \u00d3blast de <strong>Dnipropetrovsk<\/strong>, con su gran poblaci\u00f3n de habla rusa, ser\u00eda el pr\u00f3ximo <em>\u00d3blast<\/em> en declarar la independencia.\u00a0Incapaz de confiar en el ej\u00e9rcito ucraniano, ni en la fuerza policial actual, que consideraban \u201c<em>infiltrada por separatistas prorrusos<\/em>\u201d, <em><strong>Kiev deleg\u00f3 oficialmente a las fuerzas paramilitares fascistas que funcionaron como fuerza callejera durante el golpe de Maidan<\/strong><\/em>.\u00a0\u00a0<\/span><\/p>\n<p style=\"text-align: justify;\"><span style=\"font-size: 14pt;\">En <strong>marzo de 2014<\/strong>, Kiev\u00a0<a href=\"https:\/\/cis-legislation.com\/document.fwx?rgn=66315\" target=\"_blank\" rel=\"noopener\" data-schema-attribute=\"\">aprob\u00f3 una ley que establec\u00eda una \u201c<em>guardia nacional<\/em>\u201d que ser\u00eda supervisada por el Ministerio del Interior<\/a>.\u00a0Con el consentimiento del entonces ministro del Interior <strong>Arsen Avakov<\/strong>, el multimillonario ucraniano <strong>Igor<\/strong> <strong>Kholmoisky<\/strong> financi\u00f3 la creaci\u00f3n de algunas de las fuerzas de defensa territorial m\u00e1s notorias del pa\u00eds.\u00a0El primero de estos\u00a0\u201c<a href=\"http:\/\/america.aljazeera.com\/articles\/2014\/3\/21\/ukraine-s-newestfighitngforcestillaworkinprogress.html\" target=\"_blank\" rel=\"noopener\" data-schema-attribute=\"\"><em>batallones especiales de polic\u00eda<\/em><\/a>\u201d,\u00a0<strong>Dnipro-1<\/strong>, naci\u00f3 de la fortuna del oligarca.\u00a0Uno de los diputados de <strong>Kholmoisky<\/strong>, <strong>Boris<\/strong> <strong>Filatov<\/strong>, declar\u00f3 que el objetivo de estos batallones especiales era \u201c<em>volver a unir al pa\u00eds<\/em>\u201d.\u00a0<\/span><\/p>\n<p style=\"text-align: justify;\"><span style=\"font-size: 14pt;\">En cambio, los <strong>batallones especiales<\/strong> (<i>Dobrobats<\/i>)\u00a0reclutaron del n\u00facleo de activistas de <strong>Maidan<\/strong> que lucharon contra la polic\u00eda antidisturbios del presidente depuesto.\u00a0<strong><a href=\"https:\/\/u.pcloud.link\/publink\/show?code=XZLdY8VZfM1wh1ozv8FKGK7GoLsnL0wBlQok\" target=\"_blank\" rel=\"noopener\" data-schema-attribute=\"\">Oleg Lyashko<\/a><\/strong>, un <em>autodenominado \u201cdiputado del pueblo\u201d<\/em> que fund\u00f3 el <strong>Partido Radical<\/strong> y apareci\u00f3 en el escenario principal durante las manifestaciones golpistas de <strong>Euromaid\u00e1n<\/strong>, intent\u00f3 establecer su propio\u00a0<i>Dobrobat<\/i> llamado \u201c<em>Ucrania<\/em>\u00ab.\u00a0Debido a que <strong>Lyaschko<\/strong> no ten\u00eda el dinero para financiar un batall\u00f3n formal, su grupo tendr\u00eda que hacer una audici\u00f3n para obtener el apoyo de los oligarcas ofreci\u00e9ndose como voluntario para luchar en la ciudad de <strong>Torez<\/strong> en el <em>\u00f3blast<\/em> de <strong>Donetsk<\/strong>.\u00a0<\/span><\/p>\n<p style=\"text-align: justify;\"><span style=\"font-size: 14pt;\">En ese momento, <strong>Ruslan Onishenko<\/strong> era conocido como un <strong>criminal de carrera<\/strong> con tres condenas por robo, vandalismo y encarcelamiento ilegal (<em>secuestro<\/em>) en su haber.\u00a0Nacido <strong>Ruslan<\/strong> <strong>Abalmaz<\/strong>, adopt\u00f3 el apellido de su esposa, \u00ab<em><strong>Onishenko<\/strong><\/em>\u00ab, despu\u00e9s de <strong>Euromaidan<\/strong>.\u00a0Como nativo de <strong>Torez<\/strong>, se convirti\u00f3 en una figura central en la \u201c<em>formaci\u00f3n de prueba<\/em>\u201d del nuevo batall\u00f3n de <strong>Lyashko<\/strong>.\u00a0<\/span><\/p>\n<p style=\"text-align: justify;\"><span style=\"font-size: 14pt;\">Sin embargo, el plan para recuperar <strong>Torez<\/strong> de manos de los separatistas\u00a0<a href=\"https:\/\/rusvesna.su\/news\/1400884278\" target=\"_blank\" rel=\"noopener\" data-schema-attribute=\"\">fracas\u00f3<\/a>, lo que llev\u00f3 a <strong>Onishenko<\/strong> y su equipo a huir a la ciudad vecina de <strong>Dnepropetrovsk<\/strong>, el\u00a0<a href=\"https:\/\/www.vox.com\/2015\/3\/23\/8279397\/kolomoisky-oligarch-ukraine-militia\" target=\"_blank\" rel=\"noopener\" data-schema-attribute=\"\">hogar del multimillonario <strong>Igor Kholmoisky<\/strong><\/a>.\u00a0Eventualmente, con el apoyo del Ministro del Interior <strong>Arsen Avakov<\/strong> y su adjunto, el mediador pol\u00edtico de derecha <strong>Anton Gerashenko<\/strong>, Onishenko pudo convencer a <strong>Kholmoisky<\/strong> de financiar un nuevo batall\u00f3n llamado \u201c<em><strong>Shaktorysk<\/strong><\/em>\u201d.\u00a0\u00a0<\/span><\/p>\n<p style=\"text-align: justify;\"><span style=\"font-size: 14pt;\">En <strong>junio de 2014<\/strong>, comenz\u00f3 una campa\u00f1a de relaciones p\u00fablicas para el <strong>Batall\u00f3n Shaktyorsk<\/strong>\u00a0en <a href=\"https:\/\/www.youtube.com\/watch?v=aeYLqDTtmkY\" target=\"_blank\" rel=\"noopener\" data-schema-attribute=\"\">EspressoTv<\/a>, el medio no oficial de los \u00ab<em>batallones especiales<\/em>\u00ab, as\u00ed como en\u00a0<a href=\"https:\/\/u.pcloud.link\/publink\/show?code=XZvcc8VZYQnrWj2cFmBjqhtlLDBhl7fPp95X\" target=\"_blank\" rel=\"noopener\" data-schema-attribute=\"\">UkroTV<\/a>, elogiando a <strong>Onishenko<\/strong> como \u00ab<em>el \u00fanico hombre que lucha por el alma del pa\u00eds<\/em>\u00ab.\u00a0<\/span><\/p>\n<p>&nbsp;<\/p>\n<figure id=\"attachment_2257115\" aria-describedby=\"caption-attachment-2257115\" style=\"width: 480px\" class=\"wp-caption aligncenter\"><img loading=\"lazy\" decoding=\"async\" class=\"wp-image-2257115\" src=\"https:\/\/puntocritico.com\/ausajpuntocritico\/wp-content\/uploads\/2022\/09\/El-momento-de-ruptura-de-Ruslan-Onishenko-en-Espresso-TV-de-Ucrania-300x164.webp\" alt=\"\" width=\"480\" height=\"262\" data-id=\"2257115\" srcset=\"https:\/\/puntocritico.com\/ausajpuntocritico\/wp-content\/uploads\/2022\/09\/El-momento-de-ruptura-de-Ruslan-Onishenko-en-Espresso-TV-de-Ucrania-300x164.webp 300w, https:\/\/puntocritico.com\/ausajpuntocritico\/wp-content\/uploads\/2022\/09\/El-momento-de-ruptura-de-Ruslan-Onishenko-en-Espresso-TV-de-Ucrania-1024x559.webp 1024w, https:\/\/puntocritico.com\/ausajpuntocritico\/wp-content\/uploads\/2022\/09\/El-momento-de-ruptura-de-Ruslan-Onishenko-en-Espresso-TV-de-Ucrania-768x419.webp 768w, https:\/\/puntocritico.com\/ausajpuntocritico\/wp-content\/uploads\/2022\/09\/El-momento-de-ruptura-de-Ruslan-Onishenko-en-Espresso-TV-de-Ucrania-610x333.webp 610w, https:\/\/puntocritico.com\/ausajpuntocritico\/wp-content\/uploads\/2022\/09\/El-momento-de-ruptura-de-Ruslan-Onishenko-en-Espresso-TV-de-Ucrania-1320x720.webp 1320w, https:\/\/puntocritico.com\/ausajpuntocritico\/wp-content\/uploads\/2022\/09\/El-momento-de-ruptura-de-Ruslan-Onishenko-en-Espresso-TV-de-Ucrania.webp 1400w\" sizes=\"auto, (max-width: 480px) 100vw, 480px\" \/><figcaption id=\"caption-attachment-2257115\" class=\"wp-caption-text\"><span style=\"color: #008000;\">El momento de ruptura de Ruslan Onishenko en Espresso TV de Ucrania<\/span><\/figcaption><\/figure>\n<p>&nbsp;<\/p>\n<p style=\"text-align: justify;\"><span style=\"font-size: 14pt;\">Ese mismo mes, los combatientes de <strong>Shaktorysk<\/strong> recibieron entrenamiento bajo los auspicios del cuartel general de la polic\u00eda regional.\u00a0El 8 de julio de 2014, la nueva unidad de polic\u00eda se \u00ab<em>gradu\u00f3<\/em>\u00bb oficialmente y prest\u00f3 juramento antes de ser enviada a <strong>Mariupol<\/strong>.\u00a0\u00a0<\/span><\/p>\n<p style=\"text-align: justify;\"><span style=\"font-size: 14pt;\">Seg\u00fan el exagente de la <strong>SBU<\/strong> convertido en denunciante\u00a0<strong><a href=\"https:\/\/www.ukr-leaks.com\/ru\/Replica\/prestupleniya-batalliona-shahtersk\" target=\"_blank\" rel=\"noopener\" data-schema-attribute=\"\">Vassily Prozorov<\/a><\/strong>, \u201c<em>Desde la decisi\u00f3n del Ministro del Interior Arsen Avakov de establecer unidades especiales de &#8216;patrulla&#8217; de la polic\u00eda dentro de la estructura del Ministerio del Interior (MVD), estas divisiones comenzaron a aparecer como hongos despu\u00e9s de un d\u00eda de lluvia<\/em>\u00ab. <strong><em>Los batallones especiales crecieron de solo dos en los d\u00edas posteriores a Euromaid\u00e1n a cincuenta y nueve en varios meses<\/em><\/strong>.\u00a0<\/span><\/p>\n<p>&nbsp;<\/p>\n<figure id=\"attachment_2257116\" aria-describedby=\"caption-attachment-2257116\" style=\"width: 678px\" class=\"wp-caption aligncenter\"><img loading=\"lazy\" decoding=\"async\" class=\"wp-image-2257116 size-mh-magazine-content\" src=\"https:\/\/puntocritico.com\/ausajpuntocritico\/wp-content\/uploads\/2022\/09\/Onishenko-entrenando-para-el-combate-678x381.webp\" alt=\"\" width=\"678\" height=\"381\" data-id=\"2257116\" \/><figcaption id=\"caption-attachment-2257116\" class=\"wp-caption-text\"><span style=\"color: #008000;\">Onishenko entrenando para el combate<\/span><\/figcaption><\/figure>\n<p style=\"text-align: justify;\"><span style=\"font-size: 14pt;\">Siete d\u00edas antes de graduarse de su campo de entrenamiento, los miembros del <strong>batall\u00f3n Shaktoyrsk<\/strong> hicieron alarde de sus tendencias s\u00e1dicas.\u00a0El 1 de julio, apenas una semana antes de que terminara el entrenamiento de la unidad, un civil local llamado <strong>Ruslan Kyrenkov<\/strong> estaba visitando la casa de un amigo cuando fue abordado por \u201c<em>una banda de hombres armados<\/em>\u201d.\u00a0Lo sacaron a rastras de la casa, alegando que era un separatista, y lo llevaron a una de sus prisiones subterr\u00e1neas secretas.\u00a0Si bien su terrible experiencia solo dur\u00f3 dos d\u00edas, le dijo a este reportero, <em>\u00abse sinti\u00f3 como quince d\u00edas<\/em>\u00ab.\u00a0\u00a0\u00a0<\/span><\/p>\n<p style=\"text-align: justify;\"><span style=\"font-size: 14pt;\"><strong>Kyrenkov<\/strong> estaba atado a una silla, mientras un miembro enmascarado del batall\u00f3n sacaba un <strong><em>soplete<\/em><\/strong> y quemaba la carne del pecho y los brazos.\u00a0Fue <strong><em>torturado durante tres d\u00edas seguidos<\/em><\/strong>.\u00a0Incluso hoy, lleva las cicatrices de su tortura.\u00a0\u201c<em>Sol\u00edan ser mucho m\u00e1s oscuras<\/em>\u201d, dijo sobre sus heridas de tercer grado, \u201c<em>pero ahora se han aclarado<\/em>\u201d.\u00a0\u00a0<\/span><\/p>\n<p style=\"text-align: justify;\">\u00a0<\/p>\n<p><a href=\"https:\/\/twitter.com\/eshaLegal\/status\/1550994000487874563?ref_src=twsrc%5Etfw%7Ctwcamp%5Etweetembed%7Ctwterm%5E1550994000487874563%7Ctwgr%5E03f9de06e78e2a2715b00ea59963e10991b86ebe%7Ctwcon%5Es1_&amp;ref_url=https%3A%2F%2Fthegrayzone.com%2F2022%2F07%2F30%2Fzelensky-militants-convicted-child-rape-torture-military%2F\" target=\"_blank\" rel=\"noopener\"><img loading=\"lazy\" decoding=\"async\" class=\"aligncenter wp-image-2257117\" src=\"https:\/\/puntocritico.com\/ausajpuntocritico\/wp-content\/uploads\/2022\/09\/Tuit-Esha-K-221x300.jpg\" alt=\"\" width=\"360\" height=\"490\" data-id=\"2257117\" srcset=\"https:\/\/puntocritico.com\/ausajpuntocritico\/wp-content\/uploads\/2022\/09\/Tuit-Esha-K-221x300.jpg 221w, https:\/\/puntocritico.com\/ausajpuntocritico\/wp-content\/uploads\/2022\/09\/Tuit-Esha-K.jpg 517w\" sizes=\"auto, (max-width: 360px) 100vw, 360px\" \/><\/a><\/p>\n<p>&nbsp;<\/p>\n<p style=\"text-align: justify;\"><span style=\"font-size: 14pt;\">El <strong>Batall\u00f3n Shaktoyrsk<\/strong> no fue el \u00fanico en su barbarie.\u00a0Muchos de los batallones especiales operaron con total impunidad mientras sus comandantes ganaban dinero participando en el contrabando de pr\u00e1cticamente cualquier bien, sabiendo que siempre podr\u00edan establecer un monopolio a trav\u00e9s de la violencia bruta.\u00a0\u00a0<\/span><\/p>\n<p style=\"text-align: justify;\"><span style=\"font-size: 14pt;\">Por ejemplo, en <strong>julio de 2015<\/strong>, <strong>Right Sektor<\/strong> oper\u00f3 un c\u00e1rtel de contrabando de tabaco en la ciudad de Mukachevo.\u00a0Cuando estall\u00f3 un conflicto entre dos facciones de la unidad de extrema derecha, se produjo un tiroteo y la polic\u00eda intent\u00f3 intervenir.<\/span><\/p>\n<p style=\"text-align: justify;\"><span style=\"font-size: 14pt;\">Seg\u00fan la oficina del fiscal local:<\/span><\/p>\n<blockquote>\n<p style=\"text-align: center;\"><strong><span style=\"font-size: 14pt; color: #008000;\"><i>El 11 de julio en Mukachevo alrededor de las 14:00 horas, 20 personas armadas y camufladas con las etiquetas \u201cSector derecho\u201d y pegatinas similares en sus autom\u00f3viles llegaron a una cita con los residentes locales en un caf\u00e9 con el fin de repartirse las esferas de influencia.\u00a0Se desat\u00f3 un conflicto y los hombres armados comenzaron a disparar con armas de fuego contra el mencionado establecimiento.\u00a0Seg\u00fan informaci\u00f3n preliminar, 6 polic\u00edas y 3 civiles sufrieron heridas de bala de diversa gravedad.\u00a0Cinco de los hombres armados con etiquetas de &#8216;Sector Derecho&#8217; tambi\u00e9n resultaron heridos\u201d.<\/i><\/span><\/strong><\/p>\n<\/blockquote>\n<p>&nbsp;<\/p>\n<p style=\"text-align: justify;\"><span style=\"font-size: 14pt;\">Sin embargo, los miembros de <strong>Right Sektor<\/strong> terminaron escapando de la polic\u00eda, que no pudo desarmarlos.\u00a0Despu\u00e9s de que la polic\u00eda persiguiera a la banda armada, <strong>Right Sektor<\/strong>\u00a0<a href=\"https:\/\/russia-insider.com\/en\/right-sector-gunmen-take-6-year-old-boy-hostage-during-police-shootout\/ri8728\" target=\"_blank\" rel=\"noopener\" data-schema-attribute=\"\">tom\u00f3 represalias<\/a> tomando como <em><strong>reh\u00e9n a un ni\u00f1o de 6 a\u00f1os<\/strong><\/em>.\u00a0El\u00a0<strong>25 de julio de 2015<\/strong>, despu\u00e9s de no poder desarmar al <strong>Sector Derecho<\/strong>, el Ministro del Interior <strong>Arseniy<\/strong> <strong>Avakov<\/strong> <a href=\"https:\/\/en.interfax.com.ua\/news\/general\/279938.html\" target=\"_blank\" rel=\"noopener\" data-schema-attribute=\"\">suspendi\u00f3<\/a> al jefe de polic\u00eda en <strong>Mukachevo<\/strong>.\u00a0<strong><em>Ahora la pandilla derechista no solo pod\u00eda continuar con sus actividades de contrabando de tabaco sin el acoso oficial, sino que pod\u00eda decidir qui\u00e9n ser\u00eda el siguiente en dirigir la polic\u00eda local<\/em><\/strong>.\u00a0<\/span><\/p>\n<p style=\"text-align: justify;\"><span style=\"font-size: 14pt;\">Junto con la impunidad total, <strong>Estados Unidos<\/strong> proporcion\u00f3 a los paramilitares de derecha un almac\u00e9n de armas aparentemente interminable.\u00a0El entonces comediante <strong>Zelensky<\/strong> se burl\u00f3 de la tendencia en una de sus rutinas de comedia televisadas a nivel nacional.\u00a0En una parte especialmente notable, <strong>Zelensky<\/strong>\u00a0<a href=\"https:\/\/youtu.be\/iPRZiLsBH7Y](https:\/\/youtu.be\/iPRZiLsBH7Y)%D0%B7\" target=\"_blank\" rel=\"noopener\" data-schema-attribute=\"\">interpret\u00f3 a un polic\u00eda<\/a>\u00a0en la polic\u00eda posterior a Maidan cuya \u00fanica calificaci\u00f3n para el trabajo era ser sobrino del jefe de polic\u00eda.<\/span><\/p>\n<p style=\"text-align: justify;\"><span style=\"font-size: 14pt;\">En la rutina de <strong>Zelensky<\/strong>, una desafortunada unidad de polic\u00edas novatos hace estallar accidentalmente un costoso tanque.\u00a0\u201c<em>No se preocupe, Estados Unidos lo reemplazar\u00e1<\/em>\u201d, declaran con un encogimiento de hombros casual.<\/span><\/p>\n<p>&nbsp;<\/p>\n<figure id=\"attachment_2257118\" aria-describedby=\"caption-attachment-2257118\" style=\"width: 678px\" class=\"wp-caption aligncenter\"><img loading=\"lazy\" decoding=\"async\" class=\"wp-image-2257118 size-mh-magazine-content\" src=\"https:\/\/puntocritico.com\/ausajpuntocritico\/wp-content\/uploads\/2022\/09\/El-comediante-Volodymyr-Zelensky-se-burla-de-la-corrupcion-de-la-policia-ucraniana-posterior-a-Maidan-678x381.webp\" alt=\"\" width=\"678\" height=\"381\" data-id=\"2257118\" \/><figcaption id=\"caption-attachment-2257118\" class=\"wp-caption-text\"><span style=\"color: #008000;\">El comediante Volodymyr Zelensky se burla de la corrupci\u00f3n de la polic\u00eda ucraniana posterior a Maidan<\/span><\/figcaption><\/figure>\n<p>&nbsp;<\/p>\n<p style=\"text-align: justify;\"><span style=\"font-size: 14pt;\">Como presidente, <strong>Zelensky<\/strong> parece haber olvidado el da\u00f1o causado a su pa\u00eds por\u00a0<i>Dobrobats<\/i>\u00a0fuera de control y completamente irresponsables , y ha autorizado su alboroto continuo.<\/span><\/p>\n<h3 style=\"text-align: justify;\"><strong>Tornado se forma en medio de fracaso militar<\/strong><\/h3>\n<p style=\"text-align: justify;\"><span style=\"font-size: 14pt;\">En agosto de 2014, el <strong>Batall\u00f3n Shakhtyorsk<\/strong> de <strong>Ruslan Onishenko<\/strong> particip\u00f3 en otra operaci\u00f3n desafortunada del gobierno ucraniano para recuperar un \u00e1rea controlada por los separatistas, esta vez en la ciudad oriental de <strong>Ilovaisk<\/strong>.\u00a0Al final, los\u00a0<i>Dobrobats<\/i>\u00a0ucranianos fueron\u00a0<a href=\"https:\/\/www.reuters.com\/article\/us-ukraine-crisis-zakharchenko-idUSKBN0GT0AR20140829\" target=\"_blank\" rel=\"noopener\" data-schema-attribute=\"\">rodeados<\/a>\u00a0por combatientes de la <strong>Milicia Popular de Donetsk<\/strong> y obligados a abortar su misi\u00f3n.\u00a0La dolorosa derrota fue un factor importante que oblig\u00f3 al gobierno golpista de Ucrania a negociar con las rep\u00fablicas separatistas de <strong>Donbass<\/strong> bajo las directrices de los <strong>Acuerdos de Minsk<\/strong>.<\/span><\/p>\n<p style=\"text-align: justify;\"><span style=\"font-size: 14pt;\">Extra\u00f1amente, a pesar de retirarse con la cola colectiva entre las piernas, el <strong>batall\u00f3n Shakhtyorsk<\/strong> de <strong>Onishenko<\/strong> recibi\u00f3 un elogio del ministro del Interior, <strong>Arseny Avakov<\/strong>, por su supuesta valent\u00eda en <strong>Ilovaisk<\/strong>.\u00a0Sin embargo, solo un mes despu\u00e9s, en <strong>septiembre de 2014<\/strong>, el presidente <strong>Poroshenko<\/strong> y otros miembros del gabinete adoptaron repentinamente\u00a0<a href=\"https:\/\/www.radiosvoboda.org\/a\/26641794.html\" target=\"_blank\" rel=\"noopener\" data-schema-attribute=\"\">la decisi\u00f3n de disolver Shakhtyorsk<\/a>, acus\u00e1ndolo de saqueo.\u00a0<\/span><\/p>\n<p style=\"text-align: justify;\"><span style=\"font-size: 14pt;\">En una declaraci\u00f3n confusa, <strong>Avakov<\/strong> declar\u00f3: \u201c<em>Mientras luchaba maravillosamente dentro de Ilovasky, el batall\u00f3n Shakhtyorsk se disolvi\u00f3 bajo mis \u00f3rdenes debido a muchos casos de saqueo en Volnovakha y otras situaciones en lugares cercanos<\/em>\u201d.<\/span><\/p>\n<p style=\"text-align: justify;\"><span style=\"font-size: 14pt;\">El <strong>batall\u00f3n Shakhtyorsk<\/strong> se dividi\u00f3 as\u00ed en dos grupos: uno que se autodenomin\u00f3 \u201c<strong>Santa Mar\u00eda<\/strong>\u00ab, y un segundo dirigido por <strong>Onishenko<\/strong> llamado \u201c<strong>Tornado<\/strong>\u201d, que estaba <strong><em>formado en gran parte por residentes pro-Maidan de Lugansk y Donetsk, as\u00ed como algunos extranjeros<\/em><\/strong>.\u00a0<\/span><\/p>\n<p style=\"text-align: justify;\"><span style=\"font-size: 14pt;\">Mientras tanto, bajo cuatro oleadas de movilizaci\u00f3n en <strong>2015<\/strong>,\u00a0Ucrania intent\u00f3\u00a0<a href=\"https:\/\/www.abc.net.au\/news\/2014-05-07\/ukrainians-flock-to-army-recruitment-agencies-as-war-looms\/5437162?nw=0&amp;r=Gallery\" target=\"_blank\" rel=\"noopener\" data-schema-attribute=\"\">ampliar sus fuerzas armadas regulares<\/a>\u00a0de 130.000 al \u201c<em>recuento oficial<\/em>\u201d de 230.000. Sin embargo, la naturaleza desordenada del reclutamiento solo logr\u00f3 atraer a los soldados que no pod\u00edan participar de manera efectiva en ninguna operaci\u00f3n de combate. En <strong>marzo de 2015<\/strong>, <strong>Yuri<\/strong> <strong>Birukov<\/strong>, uno de los asesores del entonces presidente ucraniano y oligarca multimillonario <strong>Petro Poroshenko<\/strong>, declar\u00f3 en Facebook que Ucrania logr\u00f3 reclutar una gran cantidad de \u201c<em>alcoh\u00f3licos, tramposos, drogadictos e imb\u00e9ciles<\/em>\u201d.<\/span><\/p>\n<p style=\"text-align: justify;\"><span style=\"font-size: 14pt;\">Solo en la regi\u00f3n de <strong>Donbass<\/strong> en <strong>2015<\/strong>, las fuerzas armadas ucranianas presenciaron m\u00e1s\u00a0<a href=\"https:\/\/www.ibtimes.com\/ukraine-war-deserters-16000-troops-abandoned-military-conflict-began-kiev-official-2127502\" target=\"_blank\" rel=\"noopener\" data-schema-attribute=\"\">de 16.000 casos de deserci\u00f3n<\/a>.\u00a0 Algunas de estas deserciones ocurrieron despu\u00e9s de que se aprobara una ley ese a\u00f1o <a href=\"https:\/\/www.newsweek.com\/ukraine-passes-law-shoot-deserters-304911\" target=\"_blank\" rel=\"noopener\" data-schema-attribute=\"\">que autorizaba a los oficiales al mando a fusilar legalmente a los desertores<\/a>.<\/span><\/p>\n<p style=\"text-align: justify;\"><span style=\"font-size: 14pt;\">El gobierno ucraniano se vio cada vez m\u00e1s obligado a recurrir a\u00a0<i>dobrobats<\/i>\u00a0extremistas como <strong>Tornado<\/strong> y l\u00edderes psic\u00f3ticos como <strong>Onishenko<\/strong> en busca de ayuda para luchar contra los separatistas del este.\u00a0<\/span><\/p>\n<p>&nbsp;<\/p>\n<figure id=\"attachment_2257119\" aria-describedby=\"caption-attachment-2257119\" style=\"width: 440px\" class=\"wp-caption aligncenter\"><img loading=\"lazy\" decoding=\"async\" class=\"wp-image-2257119\" src=\"https:\/\/puntocritico.com\/ausajpuntocritico\/wp-content\/uploads\/2022\/09\/Lider-del-tornado-Ruslan-Oshinenko-300x203.webp\" alt=\"\" width=\"440\" height=\"298\" data-id=\"2257119\" srcset=\"https:\/\/puntocritico.com\/ausajpuntocritico\/wp-content\/uploads\/2022\/09\/Lider-del-tornado-Ruslan-Oshinenko-300x203.webp 300w, https:\/\/puntocritico.com\/ausajpuntocritico\/wp-content\/uploads\/2022\/09\/Lider-del-tornado-Ruslan-Oshinenko-610x413.webp 610w, https:\/\/puntocritico.com\/ausajpuntocritico\/wp-content\/uploads\/2022\/09\/Lider-del-tornado-Ruslan-Oshinenko.webp 620w\" sizes=\"auto, (max-width: 440px) 100vw, 440px\" \/><figcaption id=\"caption-attachment-2257119\" class=\"wp-caption-text\"><span style=\"color: #008000;\">L\u00edder del batall\u00f3n Tornado, Ruslan Oshinenko<\/span><\/figcaption><\/figure>\n<h3 style=\"text-align: center;\"><span style=\"font-size: 18pt;\"><strong>\u201cEsta unidad est\u00e1 fuera de control\u201d: Funcionarios ucranianos e informes de derechos humanos patrocinados por el Departamento de Estado detallan el incre\u00edble sadismo de Tornado<\/strong><\/span><\/h3>\n<p style=\"text-align: justify;\"><span style=\"font-size: 14pt;\"><strong>Tornado<\/strong>, como los otros\u00a0<em>Dobrobats<\/em>, reclut\u00f3 una <strong><em>mezcla de fan\u00e1ticos de extrema derecha y criminales empedernidos<\/em><\/strong>.\u00a0Sus filas inclu\u00edan al extremista bielorruso <strong>Danil Lyashuk<\/strong>, que usaba el distintivo de llamada \u00ab<em>Mujahed<\/em>\u00bb y ha hecho afirmaciones sobre convertirse al Islam y apoyar a ISIS.\u00a0Si bien no est\u00e1 claro si <strong>Lyashuk<\/strong> realmente sirvi\u00f3 en ISIS, ha emulado abiertamente el apetito de la milicia islamista por el sadismo desquiciado.\u00a0En una\u00a0<a href=\"https:\/\/u.pcloud.link\/publink\/show?code=XZx7o8VZOiCsbvPFXtYdGJjewkOzJb0WcJ1V\" target=\"_blank\" rel=\"noopener\">grabaci\u00f3n de audio de 2015<\/a>, <strong>Lyashuk<\/strong> proclam\u00f3: \u201c<em>sin tortura, la vida no es vivir<\/em>\u201d.\u00a0Esto se convirti\u00f3 en su lema.<\/span><\/p>\n<p>&nbsp;<\/p>\n<p><a href=\"https:\/\/twitter.com\/cbtfreelancers\/status\/1410215855842074627?ref_src=twsrc%5Etfw%7Ctwcamp%5Etweetembed%7Ctwterm%5E1410215855842074627%7Ctwgr%5E03f9de06e78e2a2715b00ea59963e10991b86ebe%7Ctwcon%5Es1_&amp;ref_url=https%3A%2F%2Fthegrayzone.com%2F2022%2F07%2F30%2Fzelensky-militants-convicted-child-rape-torture-military%2F\" target=\"_blank\" rel=\"noopener\"><img loading=\"lazy\" decoding=\"async\" class=\"aligncenter wp-image-2257120\" src=\"https:\/\/puntocritico.com\/ausajpuntocritico\/wp-content\/uploads\/2022\/09\/tuit-freelancers-188x300.jpg\" alt=\"\" width=\"330\" height=\"526\" data-id=\"2257120\" srcset=\"https:\/\/puntocritico.com\/ausajpuntocritico\/wp-content\/uploads\/2022\/09\/tuit-freelancers-188x300.jpg 188w, https:\/\/puntocritico.com\/ausajpuntocritico\/wp-content\/uploads\/2022\/09\/tuit-freelancers.jpg 506w\" sizes=\"auto, (max-width: 330px) 100vw, 330px\" \/><\/a><\/p>\n<p style=\"text-align: justify;\"><span style=\"font-size: 14pt;\">Inmediatamente despu\u00e9s de su formaci\u00f3n oficial, algunos de los miembros de <strong>Tornado<\/strong> comenzaron a\u00a0<a href=\"https:\/\/www.ohchr.org\/sites\/default\/files\/Documents\/Countries\/UA\/OHCHRThematicReportUkraineJan2014-May2016_RU.pdf\" target=\"_blank\" rel=\"noopener\" data-schema-attribute=\"\">vender sus armas<\/a>\u00a0en el mercado negro.\u00a0El<strong> 2 de noviembre de 2014<\/strong>, Kiev llam\u00f3 a seis combatientes de <strong>Tornado<\/strong>, los desarm\u00f3 y los reasign\u00f3 al \u00d3blast oriental de <strong>Zaporizhya<\/strong>.\u00a0All\u00ed,\u00a0<a href=\"https:\/\/lenta.ru\/articles\/2016\/08\/04\/tornado\/\" target=\"_blank\" rel=\"noopener\" data-schema-attribute=\"\">intentaron extorsionar al alcalde<\/a>, <a href=\"https:\/\/lenta.ru\/articles\/2016\/08\/04\/tornado\/\" target=\"_blank\" rel=\"noopener\" data-schema-attribute=\"\">Alexander Sin<\/a>.\u00a0Sin embargo, se mantuvo firme y exigi\u00f3 que el <strong>batall\u00f3n<\/strong> <strong>Tornado<\/strong> fuera trasladado fuera de su regi\u00f3n.\u00a0Como era de esperar, <strong>Sin<\/strong> se\u00a0<a href=\"https:\/\/tsn.ua\/video\/video-novini\/mer-zaporizhzhya-sin-ta-yogo-sekretar-taran-napisali-zayavi-na-zvilnennya.html\" target=\"_blank\" rel=\"noopener\" data-schema-attribute=\"\">encontr\u00f3 con acusaciones<\/a>\u00a0de corrupci\u00f3n, separatismo y traici\u00f3n por parte\u00a0<a href=\"https:\/\/www.newsru.com\/world\/10dec2014\/zaporojie.html\" target=\"_blank\" rel=\"noopener\">de elementos nacionalistas radicales<\/a>\u00a0, pero al final asegur\u00f3 la transferencia de los extremistas al \u00f3blast de <strong>Lugansk<\/strong>, que todav\u00eda estaba bajo el control de Kiev en 2015.\u00a0<\/span><\/p>\n<p style=\"text-align: justify;\"><span style=\"font-size: 14pt;\">El <strong>Kharkiv Human Rights Group<\/strong> redact\u00f3 un\u00a0<a href=\"https:\/\/u.pcloud.link\/publink\/show?code=XZfGXQVZkFOBL9KJUF7CAoNPkqYvhmcIp1SX\" target=\"_blank\" rel=\"noopener\" data-schema-attribute=\"\">informe<\/a>\u00a0en nombre del <strong>Departamento de Estado de EE. UU.<\/strong> que detalla el terror impuesto a los lugare\u00f1os por las \u201c<em>patrullas diarias<\/em>\u201d de <strong>Tornado<\/strong> en <strong>Lugansk<\/strong>:\u00a0<\/span><\/p>\n<blockquote>\n<p style=\"text-align: center;\"><strong><span style=\"font-size: 14pt; color: #008000;\"><i>Personas camufladas, portando ametralladoras, tumbaron puertas, allanaron casas particulares, allanaron (sin permiso de los jueces), \u201crequisaron\u201d objetos de valor, humillaron y golpearon a los propietarios y amenazaron con dispararles.\u00a0Agarraron a la gente de las calles y retenes, y con bolsas en la cabeza, los llevaron a los s\u00f3tanos, donde \u201crealizaron un trabajo de identificaci\u00f3n del separatismo\u201d entre los vecinos de la aldea.<\/i><\/span><\/strong><\/p>\n<\/blockquote>\n<p>&nbsp;<\/p>\n<p style=\"text-align: justify;\"><span style=\"font-size: 14pt;\">El comisionado del <strong>Departamento de Estado<\/strong> inform\u00f3 acerca de la continuaci\u00f3n:<\/span><\/p>\n<blockquote>\n<p style=\"text-align: center;\"><strong><span style=\"color: #008000; font-size: 14pt;\"><i>Muchos hombres fueron sacados a la fuerza de sus hogares y llevados escoltados al edificio del hospital ferroviario en Novaya Kondrashovka.\u00a0La mayor\u00eda de los detenidos fueron puestos en libertad, pero ha habido casos de personas desaparecidas tras ser detenidas ilegalmente por combatientes del batall\u00f3n.\u00a0Entre el verano de 2014 y finales de 2016, hubo 11 casos conocidos de residentes desaparecidos de Stanytsia Luhanska.\u00a0<\/i><\/span><\/strong><\/p>\n<\/blockquote>\n<p>&nbsp;<\/p>\n<p style=\"text-align: justify;\"><span style=\"font-size: 14pt;\">El <strong>3 de enero de 2015<\/strong>, dos lugare\u00f1os de <strong>Lugansk<\/strong>, <strong>Sergey Valuveskii<\/strong> y su amigo <strong>Kosta<\/strong>, fueron v\u00edctimas del <strong>batall\u00f3n Tornado<\/strong> durante una visita de rutina a una tienda en el pueblo de <strong>Mareko<\/strong>.\u00a0Para asombro de los lugare\u00f1os, la tienda se llen\u00f3 con una columna de hombres vestidos con ropa militar, con el rostro cubierto y portando rifles autom\u00e1ticos completamente cargados.\u00a0<strong>Valuveskii<\/strong> le dijo a uno de los hombres enmascarados en la tienda: \u201c<em>Est\u00e1s parado all\u00ed con una ametralladora y presumiendo frente a una chica<\/em>\u201d.\u00a0<\/span><\/p>\n<p style=\"text-align: justify;\"><span style=\"font-size: 14pt;\">Este comentario aparentemente inocuo fue suficiente para que los milicianos enmascarados arrastraran a <strong>Valuveskii<\/strong> y <strong>Kosta<\/strong> fuera de la tienda y los golpearan hasta dejarlos sin sentido con las culatas de sus ametralladoras.\u00a0Finalmente, los arrojaron dentro de una camioneta y los llevaron a un s\u00f3tano del hospital en <strong>Novaya Kondrashova<\/strong>.\u00a0Despu\u00e9s de dos semanas de <strong>tortura<\/strong>, regres\u00f3 a casa tan desfigurado que su esposa no pudo reconocerlo.\u00a0<\/span><\/p>\n<p style=\"text-align: justify;\"><span style=\"font-size: 14pt;\">Mientras que <strong>Onishenko<\/strong> ahora deambula libremente gracias a la orden oficial de <strong>Zelensky<\/strong>, varios lugare\u00f1os de <strong>Lugansk<\/strong> que provocaron la ira de su unidad permanecen en prisi\u00f3n por los motivos m\u00e1s enga\u00f1osos.\u00a0Un ejemplo particularmente inquietante de la crueldad de <strong>Tornado<\/strong> ocurri\u00f3 luego de una explosi\u00f3n en un puesto de control en la ciudad de <strong>Stanitsa Luganskaya<\/strong> que mat\u00f3 a un soldado de 36 a\u00f1os en enero de 2015. Un mes despu\u00e9s de la explosi\u00f3n mortal, el <strong>Batall\u00f3n Tornado<\/strong> detuvo a un soldado de 65 a\u00f1os, un pensionista llamado <strong><a href=\"https:\/\/strana.today\/articles\/rassledovania\/12836-medovyj-terrorist.html\" target=\"_blank\" rel=\"noopener\" data-schema-attribute=\"\">Nikolay Ruban<\/a><\/strong>.\u00a0Seg\u00fan\u00a0<a href=\"https:\/\/u.pcloud.link\/publink\/show?code=XZfGXQVZkFOBL9KJUF7CAoNPkqYvhmcIp1SX\" target=\"_blank\" rel=\"noopener\" data-schema-attribute=\"\">las afirmaciones de Markiyan Lubkivsky<\/a>, asesor del presidente de la agencia de inteligencia <strong>SBU<\/strong> de Ucrania, el jubilado fue sorprendido \u201c<em>in fraganti<\/em>\u201d portando una \u201c<strong>TNT<\/strong>\u201d y una mecha oculta en un tarro de miel.<\/span><\/p>\n<p style=\"text-align: justify;\"><span style=\"font-size: 14pt;\"><strong>Nikolay Ruban<\/strong> fue posteriormente<strong> torturado en una prisi\u00f3n improvisada subterr\u00e1nea mantenida por el batall\u00f3n Tornado<\/strong>, seg\u00fan el relato de un compa\u00f1ero de prisi\u00f3n.\u00a0\u00a0\u00a0<\/span><\/p>\n<p style=\"text-align: justify;\"><span style=\"font-size: 14pt;\">\u201c<em>Lo vi, este abuelo, que luego fue condenado por sostener un tarro de miel en una barricada<\/em>\u201d, dijo el excompa\u00f1ero de celda\u00a0al <a href=\"https:\/\/u.pcloud.link\/publink\/show?code=XZfGXQVZkFOBL9KJUF7CAoNPkqYvhmcIp1SX\" target=\"_blank\" rel=\"noopener\">Kharkiv Human Rights Group<\/a>\u00a0.\u00a0\u201c<em>\u00c9l tambi\u00e9n estaba en el s\u00f3tano de Motobond al mismo tiempo que nos detuvieron.\u00a0En primer lugar, el abuelo fue golpeado brutalmente.\u00a0Estaba casi desnudo y completamente descalzo.\u00a0Su ropa estaba rota.\u00a0Estaba llorando todo el tiempo y me pidi\u00f3 que le explicara por qu\u00e9 estaba detenido.\u00a0Ven\u00edan a golpearlo cada dos horas.\u00a0Cada vez entraba gente diferente.\u00a0Cuando [un compa\u00f1ero de celda] y yo fuimos liberados, \u00e9l todav\u00eda estaba all\u00ed.\u00a0Tambi\u00e9n lo estaban los otros prisioneros.\u00a0Lo que les pas\u00f3 despu\u00e9s, no lo s\u00e9.\u00a0Cuando se supo que fue sentenciado a 15 a\u00f1os, me sorprendi\u00f3<\/em>\u201d.<\/span><\/p>\n<p style=\"text-align: justify;\"><span style=\"font-size: 14pt;\"><strong>Ruban<\/strong> pronto fue transferido a la custodia de <strong>SBU<\/strong>, donde despu\u00e9s de un a\u00f1o, durante un\u00a0<a href=\"https:\/\/strana.today\/articles\/rassledovania\/12836-medovyj-terrorist.html\" target=\"_blank\" rel=\"noopener\" data-schema-attribute=\"\">juicio altamente sospechoso<\/a>\u00a0en el que la \u00fanica prueba fue su posesi\u00f3n de un tarro de miel, fue sentenciado a 15 a\u00f1os de prisi\u00f3n por cometer actos de terrorismo.\u00a0Al parecer, tambi\u00e9n confes\u00f3 ser un esp\u00eda ruso que ten\u00eda contactos con el GRU.\u00a0\u00a0\u00a0<\/span><\/p>\n<p style=\"text-align: justify;\"><span style=\"font-size: 14pt;\">Otro lugare\u00f1o llamado <strong>Sergey Petrinko<\/strong> afirm\u00f3 que el <strong>Batall\u00f3n Tornado<\/strong> \u201c<em>se los llev\u00f3 a \u00e9l y a un amigo a plena luz del d\u00eda, a media tarde<\/em>\u201d.\u00a0En la <strong>mazmorra del batall\u00f3n<\/strong>, perdi\u00f3 la noci\u00f3n del tiempo y cay\u00f3 en un estupor aterrorizado.\u00a0\u201c<em>Algunos siempre estuvieron ah\u00ed<\/em>\u201d, record\u00f3 <strong>Petrinko<\/strong>.\u00a0\u201c<em>Algunos fueron tra\u00eddos, algunos fueron llevados, algunos fueron rescatados<\/em>\u201d.\u00a0Tambi\u00e9n testific\u00f3 que los zorros en el bosque hab\u00edan desenterrado los huesos de otro conocido cuyo cad\u00e1ver fue arrojado despu\u00e9s de morir en la <strong>c\u00e1mara de tortura de Tornado<\/strong>.\u00a0<\/span><\/p>\n<p style=\"text-align: justify;\"><span style=\"font-size: 14pt;\">Adem\u00e1s de estos actos de crueldad, los miembros del <strong>batall\u00f3n Tornado<\/strong> se han jactado de <strong><em>violencia sexual extrema<\/em><\/strong>, incluida la\u00a0<strong><a href=\"https:\/\/u.pcloud.link\/publink\/show?code=XZT7VQVZpByTRxOrT9f2IWG2cGtb9keAi5d7\" target=\"_blank\" rel=\"noopener\">violaci\u00f3n de ni\u00f1os peque\u00f1os<\/a><\/strong>.\u00a0Fue la inclinaci\u00f3n de la unidad por la perversi\u00f3n lo que probablemente provoc\u00f3 la\u00a0<a href=\"https:\/\/vz.ru\/news\/2015\/6\/18\/751477.html\" target=\"_blank\" rel=\"noopener\" data-schema-attribute=\"\">orden del Ministerio del Interior de junio de 2015 para disolverlos<\/a>.<\/span><\/p>\n<p style=\"text-align: justify;\"><span style=\"font-size: 14pt;\">Sin embargo, el gobierno ucraniano se llev\u00f3 una sorpresa cuando se dio cuenta de que, despu\u00e9s de todo, no ten\u00eda la autoridad para controlar estos batallones.\u00a0Tras la orden de disolver y registrar las bases de <strong>Tornado<\/strong>, el viceministro del Interior, <strong>Anton Gerashenko<\/strong>, apareci\u00f3 en el Canal 112, a favor de la oposici\u00f3n, para quejarse de los paramilitares extremistas a los que hab\u00eda delegado personalmente.\u00a0\u00ab<em>Hay una orden judicial para registrar la base donde se encuentra el batall\u00f3n Tornado<\/em>\u00ab,\u00a0<a href=\"https:\/\/ok.ru\/video\/980066111841\" target=\"_blank\" rel=\"noopener\" data-schema-attribute=\"\">afirm\u00f3 Gerashenko<\/a>.\u00a0\u201c<strong><em>Si alguien se permite no cumplir con la orden judicial, en este caso, esta unidad est\u00e1 fuera de control<\/em><\/strong>\u201d.\u00a0\u00a0<\/span><\/p>\n<p style=\"text-align: justify;\"><span style=\"font-size: 14pt;\">Posteriormente, el <strong>18 de junio de 2015<\/strong>, el fiscal militar jefe <strong>Anatoliy<\/strong> <strong>Matios<\/strong> inform\u00f3 que los combatientes <strong>Tornado<\/strong> se negaron a desarmarse y se atrincheraron dentro de su base en una escuela en <strong>Severodonetsk<\/strong>.\u00a0\u00a0\u00a0<\/span><\/p>\n<p style=\"text-align: justify;\"><span style=\"font-size: 14pt;\">Las autoridades ucranianas finalmente pudieron\u00a0<a href=\"https:\/\/nacburo.org\/14631\" target=\"_blank\" rel=\"noopener\" data-schema-attribute=\"\">arrestar a <strong>Onishenko<\/strong><\/a>\u00a0en el aeropuerto de <strong>Donetsk<\/strong>.\u00a0Sus compa\u00f1eros de armas\u00a0<a href=\"https:\/\/www.youtube.com\/watch?v=4gZE0p4peTM\" target=\"_blank\" rel=\"noopener\" data-schema-attribute=\"\">respondieron<\/a>\u00a0neg\u00e1ndose durante varios d\u00edas a obedecer las \u00f3rdenes de Kiev, impidiendo que los investigadores entraran en su base para realizar registros y amenazando con resistencia armada si las fuerzas del orden intentaban hacerlo con el uso de la fuerza.<\/span><\/p>\n<p style=\"text-align: justify;\"><span style=\"font-size: 14pt;\">En medio de la crisis, <strong>Gennadiy<\/strong> <strong>Moskal<\/strong>, entonces presidente de la Administraci\u00f3n Civil-Militar de <strong>Lugansk<\/strong>,\u00a0<a href=\"https:\/\/yandex.ru\/video\/preview\/?filmId=6584836207270757455&amp;from=tabbar&amp;reqid=1659038244802148-8615015558587011454-sas3-0752-6e1-sas-l7-balancer-8080-BAL-3864&amp;suggest_reqid=951375476164469316982453674619633&amp;text=%D0%93%D0%B5%D0%BD%D0%BD%D0%B0%D0%B4%D0%B8%D0%B9+%D0%9C%D0%BE%D1%81%D0%BA%D0%B0%D0%BB%D1%8C+%D1%82%D0%BE%D1%80%D0%BD%D0%B0%D0%B4%D0%B0+%D0%B1%D0%BE%D1%8E+%D0%BA%D0%B8%D0%B5%D0%B2%D0%B5\" target=\"_blank\" rel=\"noopener\" data-schema-attribute=\"\">inform\u00f3<\/a>\u00a0que los combatientes del <strong>batall\u00f3n Tornado<\/strong> hab\u00edan tomado posiciones defensivas y desplegado equipo militar en preparaci\u00f3n para una batalla con Kiev.\u00a0Finalmente, despu\u00e9s de enviar otras unidades militares ucranianas, el batall\u00f3n rebelde finalmente fue sofocado y sus miembros arrestados.\u00a0\u00a0<\/span><\/p>\n<p>&nbsp;<\/p>\n<h3 style=\"text-align: center;\"><span style=\"font-size: 18pt;\">Una pel\u00edcula de terror de la vida real se desarrolla en el juicio del batall\u00f3n Tornado<\/span><\/h3>\n<figure id=\"attachment_2257121\" aria-describedby=\"caption-attachment-2257121\" style=\"width: 360px\" class=\"wp-caption aligncenter\"><img loading=\"lazy\" decoding=\"async\" class=\"wp-image-2257121\" src=\"https:\/\/puntocritico.com\/ausajpuntocritico\/wp-content\/uploads\/2022\/09\/La-foto-presentada-durante-el-juicio-de-los-miembros-de-Tornado-muestra-a-una-victima-de-tortura-en-la-que-se-tatuo-la-forma-de-los-genitales-masculinos-300x232.webp\" alt=\"\" width=\"360\" height=\"279\" data-id=\"2257121\" srcset=\"https:\/\/puntocritico.com\/ausajpuntocritico\/wp-content\/uploads\/2022\/09\/La-foto-presentada-durante-el-juicio-de-los-miembros-de-Tornado-muestra-a-una-victima-de-tortura-en-la-que-se-tatuo-la-forma-de-los-genitales-masculinos-300x232.webp 300w, https:\/\/puntocritico.com\/ausajpuntocritico\/wp-content\/uploads\/2022\/09\/La-foto-presentada-durante-el-juicio-de-los-miembros-de-Tornado-muestra-a-una-victima-de-tortura-en-la-que-se-tatuo-la-forma-de-los-genitales-masculinos-768x595.webp 768w, https:\/\/puntocritico.com\/ausajpuntocritico\/wp-content\/uploads\/2022\/09\/La-foto-presentada-durante-el-juicio-de-los-miembros-de-Tornado-muestra-a-una-victima-de-tortura-en-la-que-se-tatuo-la-forma-de-los-genitales-masculinos-610x472.webp 610w, https:\/\/puntocritico.com\/ausajpuntocritico\/wp-content\/uploads\/2022\/09\/La-foto-presentada-durante-el-juicio-de-los-miembros-de-Tornado-muestra-a-una-victima-de-tortura-en-la-que-se-tatuo-la-forma-de-los-genitales-masculinos.webp 878w\" sizes=\"auto, (max-width: 360px) 100vw, 360px\" \/><figcaption id=\"caption-attachment-2257121\" class=\"wp-caption-text\"><span style=\"color: #008000;\">La foto presentada durante el juicio de los miembros de Tornado muestra a una v\u00edctima de tortura en la que se tatu\u00f3 la forma de los genitales masculinos.<\/span><\/figcaption><\/figure>\n<p>&nbsp;<\/p>\n<p style=\"text-align: justify;\"><span style=\"font-size: 14pt;\">Tras las detenciones, el fiscal general ucraniano\u00a0<a href=\"https:\/\/u.pcloud.link\/publink\/show?code=XZT7VQVZpByTRxOrT9f2IWG2cGtb9keAi5d7\" target=\"_blank\" rel=\"noopener\">encontr\u00f3 pruebas<\/a>\u00a0de cr\u00edmenes espantosos cometidos por varios miembros del batall\u00f3n.\u00a0En el tel\u00e9fono de <strong>Daniel \u201cMujahed\u201d Lyshook<\/strong>, el fiscal encontr\u00f3 un <strong>video<\/strong> (a las\u00a0<a href=\"https:\/\/u.pcloud.link\/publink\/show?code=XZj0VQVZjYAi3vW7SpubXQNXXDbBBBxivtPV\" target=\"_blank\" rel=\"noopener\">2:23<\/a>\u00a0) de otros dos miembros del <strong>batall\u00f3n Tornado<\/strong> violando a un tercer hombre en dos orificios separados.\u00a0<strong>Lyshook<\/strong> afirm\u00f3 durante su juicio que orden\u00f3 la horrible violaci\u00f3n porque la encontr\u00f3 divertida.<\/span><\/p>\n<p style=\"text-align: justify;\"><span style=\"font-size: 14pt;\">Durante los juicios de <strong>2016<\/strong>, otra v\u00edctima secuestrada testific\u00f3 que estuvo encadenado a una bola amarilla gigante durante semanas (ver\u00a0<a href=\"https:\/\/u.pcloud.link\/publink\/show?code=XZj0VQVZjYAi3vW7SpubXQNXXDbBBBxivtPV\" target=\"_blank\" rel=\"noopener\" data-schema-attribute=\"\">despu\u00e9s de la marca de 10 minutos<\/a>).\u00a0Los procedimientos judiciales tambi\u00e9n arrojaron im\u00e1genes repugnantes de los tel\u00e9fonos de los combatientes del <strong>Tornado<\/strong> que mostraban <strong>mujeres desfiguradas y cad\u00e1veres en descomposici\u00f3n<\/strong> ensuciando bases militares.\u00a0<\/span><\/p>\n<p style=\"text-align: justify;\"><span style=\"font-size: 14pt;\">El juicio del <strong>batall\u00f3n Tornado<\/strong>\u00a0<a href=\"https:\/\/ria.ru\/20220711\/tornado-1801796069.html\" target=\"_blank\" rel=\"noopener\">vio el testimonio<\/a>\u00a0de<strong> 111 testigos<\/strong> junto con evidencia esparcida dentro de las \u00e1reas de <strong>Lugansk<\/strong>, <em><strong>al menos 80 cuerpos, atribuibles a la violencia de Tornado<\/strong><\/em>.\u00a0Los jueces se vieron abrumados con im\u00e1genes de <em><strong>genitales mutilados, castraciones y otras formas de tortura sexual<\/strong><\/em>.\u00a0<\/span><\/p>\n<p style=\"text-align: justify;\"><span style=\"font-size: 14pt;\">Un testigo exhibi\u00f3 una cicatriz en su brazo: un pene y dos test\u00edculos grabados s\u00e1dicamente en su brazo izquierdo por un miembro de <strong>Tornado<\/strong> con un cuchillo de trinchar (<em>ver foto arriba<\/em>).\u00a0En la galer\u00eda, <em><strong>una madre se vio obligada a escuchar el testimonio de c\u00f3mo el batall\u00f3n viol\u00f3 brutalmente a su hijo antes de matarlo<\/strong><\/em>.\u00a0Los testigos describieron c\u00f3mo <em><strong>una ni\u00f1a de diez a\u00f1os fue secuestrada para pedir un rescate y violada repetidamente en una pel\u00edcula hasta que muri\u00f3 poco m\u00e1s de una semana despu\u00e9s de ser secuestrada<\/strong><\/em>.\u00a0\u00a0<\/span><\/p>\n<p style=\"text-align: justify;\"><span style=\"font-size: 14pt;\">El gobierno de Kiev reaccion\u00f3 condenando obligatoriamente a los matones de <strong>Tornado<\/strong>, pint\u00e1ndolos como una colecci\u00f3n de manzanas podridas que no reflejaban el car\u00e1cter general del ej\u00e9rcito ucraniano.<\/span><\/p>\n<p style=\"text-align: justify;\"><span style=\"font-size: 14pt;\"><strong>Tatyana Chornovil<\/strong>, activista de Euromaidan y <strong><em>ex miembro del ultranacionalista Batall\u00f3n Aidar<\/em><\/strong>, acudi\u00f3 al canal 112 poco antes del juicio para emitir una\u00a0<a href=\"https:\/\/www.youtube.com\/watch?v=1GPZ7uRwwcE\" target=\"_blank\" rel=\"noopener\" data-schema-attribute=\"\">declaraci\u00f3n dram\u00e1tica<\/a>:<\/span><\/p>\n<blockquote>\n<p style=\"text-align: center;\"><span style=\"font-size: 14pt;\"><strong><em><span style=\"color: #008000;\">\u201cLos comandantes de Tornado fueron arrestados y sus tel\u00e9fonos celulares confiscados.\u00a0Este es un video de varias org\u00edas sexuales, violaciones.\u00a0E incluso dir\u00eda que hab\u00eda beb\u00e9s reci\u00e9n nacidos.\u00a0Entiendo que la madre con este reci\u00e9n nacido se vio obligada a hacer esto bajo la amenaza de muerte de su hijo.\u00a0Hubo violaciones de ni\u00f1as menores de edad.\u00a0Estos son animales, no personas\u201d.\u00a0<\/span><\/em><\/strong><\/span><\/p>\n<\/blockquote>\n<p>&nbsp;<\/p>\n<p style=\"text-align: justify;\"><span style=\"font-size: 14pt;\">Ahora, <strong>Zelensky<\/strong> est\u00e1 dejando que los \u00ab<em>animales<\/em>\u00bb salgan de sus jaulas bajo el pretexto de la guerra.\u00a0<\/span><\/p>\n<p style=\"text-align: justify;\"><span style=\"font-size: 14pt;\">Aunque los miembros de <strong>Tornado<\/strong> representan algunas de las bestias m\u00e1s salvajes que han acechado al p\u00fablico,\u00a0<em><strong>otros 58 batallones como este siguen operativos en toda Ucrania<\/strong><\/em>.\u00a0\u00a0<\/span><\/p>\n<p>&nbsp;<\/p>\n<figure id=\"attachment_2244175\" aria-describedby=\"caption-attachment-2244175\" style=\"width: 510px\" class=\"wp-caption aligncenter\"><img loading=\"lazy\" decoding=\"async\" class=\"size-full wp-image-2244175\" src=\"https:\/\/puntocritico.com\/ausajpuntocritico\/wp-content\/uploads\/2022\/04\/azov1-k0vE-510x349@abc.jpeg\" alt=\"\" width=\"510\" height=\"349\" data-id=\"2244175\" srcset=\"https:\/\/puntocritico.com\/ausajpuntocritico\/wp-content\/uploads\/2022\/04\/azov1-k0vE-510x349@abc.jpeg 510w, https:\/\/puntocritico.com\/ausajpuntocritico\/wp-content\/uploads\/2022\/04\/azov1-k0vE-510x349@abc-300x205.jpeg 300w\" sizes=\"auto, (max-width: 510px) 100vw, 510px\" \/><figcaption id=\"caption-attachment-2244175\" class=\"wp-caption-text\"><span style=\"color: #008000;\">Miembros del Batall\u00f3n Azov en Mari\u00fapoi<\/span><\/figcaption><\/figure>\n<div id=\"info\" class=\"style-scope ytd-video-primary-info-renderer\">\n<blockquote>\n<p style=\"text-align: center;\"><span style=\"font-size: 18pt;\"><strong><span style=\"color: #008000;\">*******<\/span><\/strong><\/span><\/p>\n<\/blockquote>\n<\/div>\n<h2 class=\"new_title\" style=\"text-align: center;\"><span style=\"font-size: 24pt;\">TWITTER PERMITE EL ACOSO NAZI DESDE ALEMANIA<\/span><\/h2>\n<p class=\"new_entry \" style=\"text-align: center;\"><span style=\"font-size: 14pt;\"><strong>El 24 de abril pasado, el blog Berlinconfidencial.com denunciaba la persecuci\u00f3n desatada por unas cuentas de Twitter radicadas en Alemania a usuarios de esta red que ofrecen informaci\u00f3n sobre la guerra de Ucrania silenciada en los grandes medios. El resultado es cuentas suspendidas temporal o definitivamente. A d\u00eda de hoy, esta actividad persecutoria contin\u00faa y son ya numerosas las amonestaciones y cancelaciones debidas a los informes que este escuadr\u00f3n alem\u00e1n env\u00eda a la empresa de Silicon Valley, que, como sabemos, tiene estrechos lazos con los servicios de inteligencia estadounidenses.<\/strong><\/span><\/p>\n<p class=\"new_subtitle\" style=\"text-align: center;\"><em><strong><span style=\"font-size: 14pt;\">La censura ya es una realidad en todas las redes sociales<\/span><\/strong><\/em><\/p>\n<p style=\"text-align: justify;\"><span style=\"font-size: 14pt;\">Por\u00a0<a href=\"https:\/\/berlinconfidencial.com\/2022\/04\/24\/twitter-permite-el-acoso-nazi-desde-alemania\/\" target=\"_blank\" rel=\"noopener\">Berlin Confidencial<\/a>, 24 ABRIL 2022<\/span><\/p>\n<p><img loading=\"lazy\" decoding=\"async\" class=\"aligncenter size-full wp-image-2258497\" src=\"https:\/\/puntocritico.com\/ausajpuntocritico\/wp-content\/uploads\/2022\/10\/9796_berlin-confidencial.jpg\" alt=\"\" width=\"670\" height=\"377\" data-id=\"2258497\" srcset=\"https:\/\/puntocritico.com\/ausajpuntocritico\/wp-content\/uploads\/2022\/10\/9796_berlin-confidencial.jpg 670w, https:\/\/puntocritico.com\/ausajpuntocritico\/wp-content\/uploads\/2022\/10\/9796_berlin-confidencial-300x169.jpg 300w, https:\/\/puntocritico.com\/ausajpuntocritico\/wp-content\/uploads\/2022\/10\/9796_berlin-confidencial-610x343.jpg 610w\" sizes=\"auto, (max-width: 670px) 100vw, 670px\" \/><\/p>\n<p>&nbsp;<\/p>\n<p style=\"text-align: justify;\"><span style=\"font-size: 14pt;\">En los \u00faltimos d\u00edas o semanas se ha incrementado la actividad inquisitorial de las\u00a0<strong>cuentas fascistas alemanas<\/strong>\u00a0(<em>muy probablemente con el respaldo de la Gestapo de ese pa\u00eds,\u00a0<strong>BND<\/strong>\u00a0y la neohitleriana\u00a0<strong>BfV, <\/strong>la infame Oficina federal de protecci\u00f3n de la Constituci\u00f3n<\/em>) a ra\u00edz del comienzo de la operaci\u00f3n especial de\u00a0<strong>Rusia<\/strong>\u00a0en\u00a0<strong>Ucrania<\/strong>.<\/span><\/p>\n<p style=\"text-align: justify;\"><span style=\"font-size: 14pt;\">No es de extra\u00f1ar que, ante la pol\u00edtica de cerrojazo medi\u00e1tico y dictadura totalitaria implantada por <strong>Bruselas<\/strong>\u00a0(<em>y la mordaza fascista que se avecina del IV Reich europeo<\/em>),\u00a0<strong>censurando medios rusos como RT o Sputnik<\/strong>, esta gentuza se haya venido arriba y, en particular, contra m\u00ed, hayan montado una campa\u00f1a terrorista persecutoria de\u00a0<strong>denuncias masivas<\/strong>\u00a0sobre todo lo que he venido escribiendo en\u00a0<strong>Twitter<\/strong>\u00a0contra el r\u00e9gimen de\u00a0<strong>Kiev<\/strong>, aunque han reportado todo tipo de contenido. Rara es la vez que no aparec\u00edan (<em>y lo siguen haciendo<\/em>) en mi correo, a diario, decenas de denuncias sobre mis tuits, exigi\u00e9ndome\u00a0<strong>Twitter<\/strong>, incluso, la \u00ab<em>veracidad<\/em>\u00bb del tuit. Esperp\u00e9ntico.<\/span><\/p>\n<p>&nbsp;<\/p>\n<p><img loading=\"lazy\" decoding=\"async\" class=\"aligncenter wp-image-2258498\" src=\"https:\/\/puntocritico.com\/ausajpuntocritico\/wp-content\/uploads\/2022\/10\/captura-de-pantalla-2022-04-24-a-las-13.59.17.webp\" alt=\"\" width=\"440\" height=\"309\" data-id=\"2258498\" srcset=\"https:\/\/puntocritico.com\/ausajpuntocritico\/wp-content\/uploads\/2022\/10\/captura-de-pantalla-2022-04-24-a-las-13.59.17.webp 768w, https:\/\/puntocritico.com\/ausajpuntocritico\/wp-content\/uploads\/2022\/10\/captura-de-pantalla-2022-04-24-a-las-13.59.17-300x211.webp 300w, https:\/\/puntocritico.com\/ausajpuntocritico\/wp-content\/uploads\/2022\/10\/captura-de-pantalla-2022-04-24-a-las-13.59.17-610x429.webp 610w\" sizes=\"auto, (max-width: 440px) 100vw, 440px\" \/><\/p>\n<p style=\"text-align: justify;\"><span style=\"font-size: 14pt;\"><strong>Usuarios alemanes<\/strong>\u00a0como\u00a0<strong>@cLyppersen<\/strong> (<em>una de las principales hienas instigadoras<\/em>),\u00a0 <strong>@EickeTarkus<\/strong>,\u00a0<strong>@PAugenkiste<\/strong>,\u00a0<strong>@EC78452515<\/strong>,\u00a0<strong>@Fischer_Beppe<\/strong>\u00a0y sus\u00a0<strong>incontables esbirros o multicuentas<\/strong>\u00a0han sido especialmente activos en\u00a0<strong>Espa\u00f1a<\/strong>, dedicando su in\u00fatil vida a estar las 24 horas\u00a0<strong>monitoreando cuentas anti-ucronazis<\/strong>\u00a0(<em>o cr\u00edticas contra las fraudulentas \u00abvacunas\u00bb covidianas<\/em>)\u00a0<strong>para reportarlas<\/strong>, jact\u00e1ndose de las que han logrado suspender definitivamente, que han sido, por cierto, bastantes (<em>en mi caso, 7 d\u00edas de suspensi\u00f3n injustificada; cuenta @DenazificationP con 11 mil seguidores<\/em>).<\/span><\/p>\n<p style=\"text-align: justify;\"><span style=\"font-size: 14pt;\">Estas <strong>cuentas nazi-alemanas<\/strong>, que tienen la particularidad de autonombrarse<strong>\u00a0falsamente \u00abantifascistas\u00bb<\/strong>,\u00a0<strong>anti-AfD<\/strong>\u00a0(<em>la extrema derecha alemana<\/em>),\u00a0<strong>\u00abNazis Raus\u00bb<\/strong>\u00a0(<em>Fuera nazis<\/em>) y mostrar un odio enfermizo hacia Rusia, han sido reiteradamente denunciadas por acoso selectivo, sin que\u00a0<strong>Twitter<\/strong>\u00a0haya adoptado ninguna medida \u00ab<em>sancionadora<\/em>\u00bb contra ellas.<\/span><\/p>\n<p>&nbsp;<\/p>\n<p><img loading=\"lazy\" decoding=\"async\" class=\"aligncenter wp-image-2258499\" src=\"https:\/\/puntocritico.com\/ausajpuntocritico\/wp-content\/uploads\/2022\/10\/Tuit-clippare.jpg\" alt=\"\" width=\"480\" height=\"590\" data-id=\"2258499\" srcset=\"https:\/\/puntocritico.com\/ausajpuntocritico\/wp-content\/uploads\/2022\/10\/Tuit-clippare.jpg 563w, https:\/\/puntocritico.com\/ausajpuntocritico\/wp-content\/uploads\/2022\/10\/Tuit-clippare-244x300.jpg 244w\" sizes=\"auto, (max-width: 480px) 100vw, 480px\" \/><\/p>\n<p>&nbsp;<\/p>\n<p style=\"text-align: justify;\"><span style=\"font-size: 14pt;\">La cadena interminable de <strong>cuentas suspendidas<\/strong>, todas ellas denunciando los cr\u00edmenes contra la Humanidad de las marionetas nazis de la\u00a0<strong>UE<\/strong>\u00a0y su propaganda mentirosa (<em>difundida incansablemente por el regimiento Azov medi\u00e1tico de Occidente<\/em>), ha sido\u00a0<strong>una constante en la plataforma estadounidense<\/strong>, plegada a las \u00f3rdenes belicistas de\u00a0<strong>EEUU<\/strong>\u00a0y la\u00a0<strong>OTAN<\/strong>.<\/span><\/p>\n<p style=\"text-align: justify;\"><span style=\"font-size: 14pt;\">El periodista independiente <strong>Pepe Escobar<\/strong>,\u00a0<strong>Scott Ritter<\/strong>\u00a0(<em>experto en armas qu\u00edmicas de la ONU<\/em>),\u00a0<strong>ASB Military News<\/strong>,\u00a0<strong>MapsUkraine<\/strong>\u00a0y un largo etc, son\u00a0<strong>algunas de las cuentas que<\/strong>, injustificadamente,\u00a0<strong>ha cercenado Twitter para evitar que se conozca la realidad de las atrocidades del criminal Zelensky y su r\u00e9gimen homicida<\/strong>.<\/span><\/p>\n<p style=\"text-align: justify;\"><span style=\"font-size: 14pt;\">Occidente ha decidido apostar con furia por sus nazis de <strong>Ucrania<\/strong>\u00a0ante el contragolpe de\u00a0<strong>Rusia<\/strong>\u00a0de no permitir que la organizaci\u00f3n criminal\u00a0<strong>OTAN<\/strong>\u00a0se acercase a sus fronteras, utilizando a su payaso de\u00a0<strong>Kiev<\/strong>. Y lo ha hecho desatando una\u00a0<strong>campa\u00f1a criminal global de rusofobia<\/strong>\u00a0nunca antes vista con ning\u00fan otro pa\u00eds (<em>olvid\u00e1ndose de sus genocidas favoritos:\u00a0<strong>Israel<\/strong>\u00a0-que masacra palestinos cada d\u00eda-, y\u00a0<strong>EEUU<\/strong>\u00a0-que actualmente ocupa ilegalmente Siria-; ellos mismos no se pueden autocondenar, suena ocioso decirlo<\/em>).<\/span><\/p>\n<p style=\"text-align: justify;\"><span style=\"font-size: 14pt;\">Todo esa ingente <strong>propaganda<\/strong>\u00a0no ser\u00eda posible sin la ayuda de sus\u00a0<strong>mamporreros medi\u00e1ticos<\/strong>, agentes desinformadores y sus miles de\u00a0<strong>trolls nazis<\/strong>, muchos de ellos pagados por los servicios de inteligencia, para\u00a0<strong>difundir bulos contra Rusia<\/strong>\u00a0y tambi\u00e9n atacar y silenciar a sus oponentes cr\u00edticos.<\/span><\/p>\n<p style=\"text-align: justify;\"><span style=\"font-size: 14pt;\">Pol\u00edticos europeos (<em>con menci\u00f3n especial para el r\u00e9gimen \u00absocialcomunista\u00bb espa\u00f1ol<\/em>), redes sociales como <strong>Facebook<\/strong>\u00a0o\u00a0<strong>Twitter<\/strong>\u00a0y medios hegem\u00f3nicos (<em>con sus \u00abverificadores\u00bb-fake<\/em>), son instigadores de esta desatada rusofobia que asola el mundo, e impagables cooperadores en las atrocidades del r\u00e9gimen zelenkista, alentando sus cr\u00edmenes, enviando a los ucronazis de\u00a0<strong>Azov<\/strong>\u00a0armas pesadas para matar civiles, ocultando el asesinato de periodistas, opositores y blogueros por la Gestapo\u00a0<strong>SBU<\/strong>\u00a0ucronazi (<em>con el seguro asesoriamiento de la\u00a0<strong>CIA<\/strong>\u00a0y el<strong>\u00a0FBI<\/strong><\/em>), as\u00ed como borrar de sus noticias los pogromos callejeros.<\/span><\/p>\n<p style=\"text-align: justify;\"><span style=\"font-size: 14pt;\">En definitiva, ese contubernio pol\u00edtico-medi\u00e1tico est\u00e1 <strong>secuestrando la verdad<\/strong>, distorsionando los hechos y falsificando el relato de lo que est\u00e1 aconteciendo en\u00a0<strong>Ucrania<\/strong>, como se ha podido comprobar en\u00a0<strong>Mari\u00fapol<\/strong>\u00a0(<em>ciudad donde los terroristas del batall\u00f3n nazi\u00a0<strong>Azov<\/strong>\u00a0han utilizado escudos humanos, disparando a civiles con armas pesadas<\/em>), en las calles ucranianas donde las tropas de asalto de\u00a0<strong>Zelensky<\/strong>\u00a0capturan civiles para atarlos a postes o farolas con cinta adhesiva, o en el crimen masivo de\u00a0<strong>Bucha<\/strong>, perpetrado por fuerzas ucronazis.<\/span><\/p>\n<h3 style=\"text-align: justify;\"><strong><span style=\"font-size: 14pt;\">ADDENDA:<\/span><\/strong><\/h3>\n<p style=\"text-align: justify;\"><span style=\"font-size: 14pt;\">He entrado, por casualidad en <strong>Twitter<\/strong>\u00a0sin registro, y veo que la cuenta de\u00a0<strong>@IrinaMar10<\/strong>, la m\u00e1s activa en\u00a0<strong>Espa\u00f1a<\/strong>\u00a0informando sobre el nazismo ucraniano, y con m\u00e1s de 70 mil seguidores, ha sido\u00a0<strong>suspendida por Twitter-nazi<\/strong>. Adivinen qui\u00e9nes fueron los que sincronizadamente reportaron su cuenta y desde d\u00f3nde. La misma que figura arriba cit\u00e1ndome.<\/span><\/p>\n<p>&nbsp;<\/p>\n<p><img loading=\"lazy\" decoding=\"async\" class=\"aligncenter wp-image-2258502\" src=\"https:\/\/puntocritico.com\/ausajpuntocritico\/wp-content\/uploads\/2022\/10\/Tuit-clipares-2.jpg\" alt=\"\" width=\"440\" height=\"272\" data-id=\"2258502\" srcset=\"https:\/\/puntocritico.com\/ausajpuntocritico\/wp-content\/uploads\/2022\/10\/Tuit-clipares-2.jpg 773w, https:\/\/puntocritico.com\/ausajpuntocritico\/wp-content\/uploads\/2022\/10\/Tuit-clipares-2-300x185.jpg 300w, https:\/\/puntocritico.com\/ausajpuntocritico\/wp-content\/uploads\/2022\/10\/Tuit-clipares-2-768x474.jpg 768w, https:\/\/puntocritico.com\/ausajpuntocritico\/wp-content\/uploads\/2022\/10\/Tuit-clipares-2-610x376.jpg 610w\" sizes=\"auto, (max-width: 440px) 100vw, 440px\" \/><\/p>\n<p style=\"text-align: justify;\"><span style=\"font-size: 14pt;\">(<em>Gemeldet, es reportado<\/em>)<\/span><\/p>\n<p style=\"text-align: justify;\"><span style=\"font-size: 14pt;\">Y ella y sus amigas se enorgullecen de ello:<\/span><\/p>\n<p>&nbsp;<\/p>\n<p><img loading=\"lazy\" decoding=\"async\" class=\"aligncenter wp-image-2258501\" src=\"https:\/\/puntocritico.com\/ausajpuntocritico\/wp-content\/uploads\/2022\/10\/captura-de-pantalla-2022-04-24-a-las-19.02.29.webp\" alt=\"\" width=\"555\" height=\"344\" data-id=\"2258501\" srcset=\"https:\/\/puntocritico.com\/ausajpuntocritico\/wp-content\/uploads\/2022\/10\/captura-de-pantalla-2022-04-24-a-las-19.02.29.webp 1023w, https:\/\/puntocritico.com\/ausajpuntocritico\/wp-content\/uploads\/2022\/10\/captura-de-pantalla-2022-04-24-a-las-19.02.29-300x186.webp 300w, https:\/\/puntocritico.com\/ausajpuntocritico\/wp-content\/uploads\/2022\/10\/captura-de-pantalla-2022-04-24-a-las-19.02.29-768x476.webp 768w, https:\/\/puntocritico.com\/ausajpuntocritico\/wp-content\/uploads\/2022\/10\/captura-de-pantalla-2022-04-24-a-las-19.02.29-610x378.webp 610w\" sizes=\"auto, (max-width: 555px) 100vw, 555px\" \/><\/p>\n<p>&nbsp;<\/p>\n<p style=\"text-align: justify;\"><span style=\"font-size: 14pt;\">Tambi\u00e9n la psic\u00f3pata alemana <strong>@cLyppersen<\/strong>\u00a0tiene su objetivo puesto en\u00a0<strong>David<\/strong>, otro gran informante de la guerra de mentiras del ucronazismo.<\/span><\/p>\n<p>&nbsp;<\/p>\n<div id=\"info\" class=\"style-scope ytd-video-primary-info-renderer\">\n<p style=\"text-align: center;\"><img loading=\"lazy\" decoding=\"async\" class=\"aligncenter wp-image-2258500\" src=\"https:\/\/puntocritico.com\/ausajpuntocritico\/wp-content\/uploads\/2022\/10\/captura-de-pantalla-2022-04-24-a-las-19.07.54.webp\" alt=\"\" width=\"660\" height=\"524\" data-id=\"2258500\" srcset=\"https:\/\/puntocritico.com\/ausajpuntocritico\/wp-content\/uploads\/2022\/10\/captura-de-pantalla-2022-04-24-a-las-19.07.54.webp 768w, https:\/\/puntocritico.com\/ausajpuntocritico\/wp-content\/uploads\/2022\/10\/captura-de-pantalla-2022-04-24-a-las-19.07.54-300x238.webp 300w, https:\/\/puntocritico.com\/ausajpuntocritico\/wp-content\/uploads\/2022\/10\/captura-de-pantalla-2022-04-24-a-las-19.07.54-610x485.webp 610w\" sizes=\"auto, (max-width: 660px) 100vw, 660px\" \/><\/p>\n<\/div>\n<p style=\"text-align: center;\"><strong><span style=\"color: #008000; font-size: 18pt;\">*******<\/span><\/strong><\/p>\n<figure id=\"attachment_2245784\" aria-describedby=\"caption-attachment-2245784\" style=\"width: 480px\" class=\"wp-caption aligncenter\"><img loading=\"lazy\" decoding=\"async\" class=\"wp-image-2245784\" src=\"https:\/\/puntocritico.com\/ausajpuntocritico\/wp-content\/uploads\/2022\/04\/Los-historiadores-creen-que-fue-Jorge-VI-quien-animo-a-Isabel-II-a-hacer-el-saludo-nazi-300x192.jpeg\" alt=\"\" width=\"480\" height=\"307\" data-id=\"2245784\" srcset=\"https:\/\/puntocritico.com\/ausajpuntocritico\/wp-content\/uploads\/2022\/04\/Los-historiadores-creen-que-fue-Jorge-VI-quien-animo-a-Isabel-II-a-hacer-el-saludo-nazi-300x192.jpeg 300w, https:\/\/puntocritico.com\/ausajpuntocritico\/wp-content\/uploads\/2022\/04\/Los-historiadores-creen-que-fue-Jorge-VI-quien-animo-a-Isabel-II-a-hacer-el-saludo-nazi.jpeg 606w\" sizes=\"auto, (max-width: 480px) 100vw, 480px\" \/><figcaption id=\"caption-attachment-2245784\" class=\"wp-caption-text\"><span style=\"color: #008000;\">Los historiadores creen que fue Jorge VI quien anim\u00f3 a Isabel II a hacer el saludo nazi<\/span><\/figcaption><\/figure>\n<p style=\"text-align: center;\"><strong><span style=\"color: #008000; font-size: 18pt;\">*******<\/span><\/strong><\/p>\n<p><img loading=\"lazy\" decoding=\"async\" class=\"aligncenter size-full wp-image-2258520\" src=\"https:\/\/puntocritico.com\/ausajpuntocritico\/wp-content\/uploads\/2022\/10\/Euronazis-IP.jpg\" alt=\"\" width=\"680\" height=\"452\" data-id=\"2258520\" srcset=\"https:\/\/puntocritico.com\/ausajpuntocritico\/wp-content\/uploads\/2022\/10\/Euronazis-IP.jpg 680w, https:\/\/puntocritico.com\/ausajpuntocritico\/wp-content\/uploads\/2022\/10\/Euronazis-IP-300x199.jpg 300w, https:\/\/puntocritico.com\/ausajpuntocritico\/wp-content\/uploads\/2022\/10\/Euronazis-IP-610x405.jpg 610w, https:\/\/puntocritico.com\/ausajpuntocritico\/wp-content\/uploads\/2022\/10\/Euronazis-IP-678x452.jpg 678w\" sizes=\"auto, (max-width: 680px) 100vw, 680px\" \/><\/p>\n<p style=\"text-align: center;\"><strong><span style=\"color: #008000; font-size: 18pt;\">*******<\/span><\/strong><\/p>\n<h2 style=\"text-align: justify;\"><span style=\"font-size: 14pt;\"><strong>RELACIONADOS:<\/strong><\/span><\/h2>\n<blockquote class=\"wp-embedded-content\" data-secret=\"iaMfX2szX8\"><p><a href=\"https:\/\/puntocritico.com\/ausajpuntocritico\/2022\/10\/06\/ursula-von-der-leyen\/\">URSULA VON DER LEYEN, LA DESTRUCTORA DE EUROPA. El camino de la millonaria arist\u00f3crata: De Bur\u00f3crata Corrupta a Dictadora de Europa.<\/a><\/p><\/blockquote>\n<p><iframe loading=\"lazy\" class=\"wp-embedded-content\" sandbox=\"allow-scripts\" security=\"restricted\" style=\"position: absolute; clip: rect(1px, 1px, 1px, 1px);\" title=\"\u00abURSULA VON DER LEYEN, LA DESTRUCTORA DE EUROPA. El camino de la millonaria arist\u00f3crata: De Bur\u00f3crata Corrupta a Dictadora de Europa.\u00bb \u2014 Punto Cr\u00edtico Derechos Humanos\" src=\"https:\/\/puntocritico.com\/ausajpuntocritico\/2022\/10\/06\/ursula-von-der-leyen\/embed\/#?secret=EKOT1wLGdx#?secret=iaMfX2szX8\" data-secret=\"iaMfX2szX8\" width=\"500\" height=\"282\" frameborder=\"0\" marginwidth=\"0\" marginheight=\"0\" scrolling=\"no\"><\/iframe><\/p>\n<blockquote class=\"wp-embedded-content\" data-secret=\"vVW2A4oeO1\"><p><a href=\"https:\/\/puntocritico.com\/ausajpuntocritico\/2022\/04\/02\/el-caso-collini\/\">EL NAZISMO NO TERMIN\u00d3 EN 1945: EL CASO COLLINI (\u00abThe Collini Case\u00bb) &#8211; pel\u00edcula de Marco Kreuzpaintner (Alemania, 2019).<\/a><\/p><\/blockquote>\n<p><iframe loading=\"lazy\" class=\"wp-embedded-content\" sandbox=\"allow-scripts\" security=\"restricted\" style=\"position: absolute; clip: rect(1px, 1px, 1px, 1px);\" title=\"\u00abEL NAZISMO NO TERMIN\u00d3 EN 1945: EL CASO COLLINI (\u00abThe Collini Case\u00bb) &#8211; pel\u00edcula de Marco Kreuzpaintner (Alemania, 2019).\u00bb \u2014 Punto Cr\u00edtico Derechos Humanos\" src=\"https:\/\/puntocritico.com\/ausajpuntocritico\/2022\/04\/02\/el-caso-collini\/embed\/#?secret=jwtXWeQZEA#?secret=vVW2A4oeO1\" data-secret=\"vVW2A4oeO1\" width=\"500\" height=\"282\" frameborder=\"0\" marginwidth=\"0\" marginheight=\"0\" scrolling=\"no\"><\/iframe><\/p>\n<blockquote class=\"wp-embedded-content\" data-secret=\"UEetbQaMux\"><p><a href=\"https:\/\/puntocritico.com\/ausajpuntocritico\/2022\/04\/25\/de-la-sostenibilidad-a-la-guerra-atomica\/\">LA GUERRA DE LA DESINFORMACI\u00d3N. New World Order: De la Sostenibilidad a la Guerra At\u00f3mica. \u00abLa Situaci\u00f3n Militar en Ucrania\u00bb, por Jacques Baud.<\/a><\/p><\/blockquote>\n<p><iframe loading=\"lazy\" class=\"wp-embedded-content\" sandbox=\"allow-scripts\" security=\"restricted\" style=\"position: absolute; clip: rect(1px, 1px, 1px, 1px);\" title=\"\u00abLA GUERRA DE LA DESINFORMACI\u00d3N. New World Order: De la Sostenibilidad a la Guerra At\u00f3mica. \u00abLa Situaci\u00f3n Militar en Ucrania\u00bb, por Jacques Baud.\u00bb \u2014 Punto Cr\u00edtico Derechos Humanos\" src=\"https:\/\/puntocritico.com\/ausajpuntocritico\/2022\/04\/25\/de-la-sostenibilidad-a-la-guerra-atomica\/embed\/#?secret=Wk4hx7gI5y#?secret=UEetbQaMux\" data-secret=\"UEetbQaMux\" width=\"500\" height=\"282\" frameborder=\"0\" marginwidth=\"0\" marginheight=\"0\" scrolling=\"no\"><\/iframe><\/p>\n<blockquote class=\"wp-embedded-content\" data-secret=\"YLJjQqtzup\"><p><a href=\"https:\/\/puntocritico.com\/ausajpuntocritico\/2022\/05\/10\/consideraciones-en-torno-al-tratado-de-no-proliferacion-de-armas-nucleares\/\">ARMAMENTO NUCLEAR (y 2): \u00abMininukes\u00bb y nuevas armas nucleares de bajo rendimiento. CONSIDERACIONES EN TORNO AL \u201cTRATADO DE NO PROLIFERACION DE ARMAS NUCLEARES\u201d (TNP).<\/a><\/p><\/blockquote>\n<p><iframe loading=\"lazy\" class=\"wp-embedded-content\" sandbox=\"allow-scripts\" security=\"restricted\" style=\"position: absolute; clip: rect(1px, 1px, 1px, 1px);\" title=\"\u00abARMAMENTO NUCLEAR (y 2): \u00abMininukes\u00bb y nuevas armas nucleares de bajo rendimiento. CONSIDERACIONES EN TORNO AL \u201cTRATADO DE NO PROLIFERACION DE ARMAS NUCLEARES\u201d (TNP).\u00bb \u2014 Punto Cr\u00edtico Derechos Humanos\" src=\"https:\/\/puntocritico.com\/ausajpuntocritico\/2022\/05\/10\/consideraciones-en-torno-al-tratado-de-no-proliferacion-de-armas-nucleares\/embed\/#?secret=xut2qq8JtV#?secret=YLJjQqtzup\" data-secret=\"YLJjQqtzup\" width=\"500\" height=\"282\" frameborder=\"0\" marginwidth=\"0\" marginheight=\"0\" scrolling=\"no\"><\/iframe><\/p>\n<blockquote class=\"wp-embedded-content\" data-secret=\"NTkW1fBMBX\"><p><a href=\"https:\/\/puntocritico.com\/ausajpuntocritico\/2022\/04\/30\/revealing-ukraine-oliver-stone-2019\/\">\u00abRevealing Ukraine\u00bb (Oliver Stone, 2019). \u00abUCRANIA Y LA VOZ DE LA INTELIGENCIA: El ejemplo de Jacques Baud\u00bb, por Jorge Cachinero.<\/a><\/p><\/blockquote>\n<p><iframe loading=\"lazy\" class=\"wp-embedded-content\" sandbox=\"allow-scripts\" security=\"restricted\" style=\"position: absolute; clip: rect(1px, 1px, 1px, 1px);\" title=\"\u00ab\u00abRevealing Ukraine\u00bb (Oliver Stone, 2019). \u00abUCRANIA Y LA VOZ DE LA INTELIGENCIA: El ejemplo de Jacques Baud\u00bb, por Jorge Cachinero.\u00bb \u2014 Punto Cr\u00edtico Derechos Humanos\" src=\"https:\/\/puntocritico.com\/ausajpuntocritico\/2022\/04\/30\/revealing-ukraine-oliver-stone-2019\/embed\/#?secret=Aan8NoDTzv#?secret=NTkW1fBMBX\" data-secret=\"NTkW1fBMBX\" width=\"500\" height=\"282\" frameborder=\"0\" marginwidth=\"0\" marginheight=\"0\" scrolling=\"no\"><\/iframe><\/p>\n<blockquote class=\"wp-embedded-content\" data-secret=\"FcMLK1Sfgf\"><p><a href=\"https:\/\/puntocritico.com\/ausajpuntocritico\/2022\/05\/02\/cuando-la-gente-se-moria-por-ser-amiga-de-hitler-por-emilio-de-miguel-calabia\/\">\u00abCuando la gente se mor\u00eda por ser amiga de Hitler\u00bb, por Emilio de Miguel Calabia<\/a><\/p><\/blockquote>\n<p><iframe loading=\"lazy\" class=\"wp-embedded-content\" sandbox=\"allow-scripts\" security=\"restricted\" style=\"position: absolute; clip: rect(1px, 1px, 1px, 1px);\" title=\"\u00ab\u00abCuando la gente se mor\u00eda por ser amiga de Hitler\u00bb, por Emilio de Miguel Calabia\u00bb \u2014 Punto Cr\u00edtico Derechos Humanos\" src=\"https:\/\/puntocritico.com\/ausajpuntocritico\/2022\/05\/02\/cuando-la-gente-se-moria-por-ser-amiga-de-hitler-por-emilio-de-miguel-calabia\/embed\/#?secret=GkosXLeXa8#?secret=FcMLK1Sfgf\" data-secret=\"FcMLK1Sfgf\" width=\"500\" height=\"282\" frameborder=\"0\" marginwidth=\"0\" marginheight=\"0\" scrolling=\"no\"><\/iframe><\/p>\n<blockquote class=\"wp-embedded-content\" data-secret=\"LZL4LaE6bd\"><p><a href=\"https:\/\/puntocritico.com\/ausajpuntocritico\/2022\/05\/03\/el-plan-para-acabar-con-rusia-rand\/\">El plan para acabar con Rusia: El Informe de Rand Corporation<\/a><\/p><\/blockquote>\n<p><iframe loading=\"lazy\" class=\"wp-embedded-content\" sandbox=\"allow-scripts\" security=\"restricted\" style=\"position: absolute; clip: rect(1px, 1px, 1px, 1px);\" title=\"\u00abEl plan para acabar con Rusia: El Informe de Rand Corporation\u00bb \u2014 Punto Cr\u00edtico Derechos Humanos\" src=\"https:\/\/puntocritico.com\/ausajpuntocritico\/2022\/05\/03\/el-plan-para-acabar-con-rusia-rand\/embed\/#?secret=U1hKBeie3c#?secret=LZL4LaE6bd\" data-secret=\"LZL4LaE6bd\" width=\"500\" height=\"282\" frameborder=\"0\" marginwidth=\"0\" marginheight=\"0\" scrolling=\"no\"><\/iframe><\/p>\n<blockquote class=\"wp-embedded-content\" data-secret=\"huFCjOfUBg\"><p><a href=\"https:\/\/puntocritico.com\/ausajpuntocritico\/2021\/09\/11\/20-anos-del-11-s\/\">20 A\u00d1OS DEL 11-S: NEW WORLD ORDER: SU IMPLANTACI\u00d3N ES AJENA AL PRINCIPIO DEMOCR\u00c1TICO, SE IMPONE POR MEDIO DE UNA CADENA DE \u00abSHOCKS\u00bb: Documentales \u00ab11-S: ZONA CERO\u00bb y \u00ab11S, Arquitectos e Ingenieros Por la Verdad\u00bb<\/a><\/p><\/blockquote>\n<p><iframe loading=\"lazy\" class=\"wp-embedded-content\" sandbox=\"allow-scripts\" security=\"restricted\" style=\"position: absolute; clip: rect(1px, 1px, 1px, 1px);\" title=\"\u00ab20 A\u00d1OS DEL 11-S: NEW WORLD ORDER: SU IMPLANTACI\u00d3N ES AJENA AL PRINCIPIO DEMOCR\u00c1TICO, SE IMPONE POR MEDIO DE UNA CADENA DE \u00abSHOCKS\u00bb: Documentales \u00ab11-S: ZONA CERO\u00bb y \u00ab11S, Arquitectos e Ingenieros Por la Verdad\u00bb\u00bb \u2014 Punto Cr\u00edtico Derechos Humanos\" src=\"https:\/\/puntocritico.com\/ausajpuntocritico\/2021\/09\/11\/20-anos-del-11-s\/embed\/#?secret=I6Fgb83J8Z#?secret=huFCjOfUBg\" data-secret=\"huFCjOfUBg\" width=\"500\" height=\"282\" frameborder=\"0\" marginwidth=\"0\" marginheight=\"0\" scrolling=\"no\"><\/iframe><\/p>\n<blockquote class=\"wp-embedded-content\" data-secret=\"8XhflDk5xO\"><p><a href=\"https:\/\/puntocritico.com\/ausajpuntocritico\/2021\/06\/28\/el-psoe-y-el-terrorismo-de-estado-el-plan-zen-zona-especial-norte-y-su-confluencia-con-el-gal\/\">EL PSOE Y EL TERRORISMO DE ESTADO: EL PLAN \u00abZEN\u00bb (Zona Especial Norte) y su \u00abconfluencia\u00bb con el GAL<\/a><\/p><\/blockquote>\n<p><iframe loading=\"lazy\" class=\"wp-embedded-content\" sandbox=\"allow-scripts\" security=\"restricted\" style=\"position: absolute; clip: rect(1px, 1px, 1px, 1px);\" title=\"\u00abEL PSOE Y EL TERRORISMO DE ESTADO: EL PLAN \u00abZEN\u00bb (Zona Especial Norte) y su \u00abconfluencia\u00bb con el GAL\u00bb \u2014 Punto Cr\u00edtico Derechos Humanos\" src=\"https:\/\/puntocritico.com\/ausajpuntocritico\/2021\/06\/28\/el-psoe-y-el-terrorismo-de-estado-el-plan-zen-zona-especial-norte-y-su-confluencia-con-el-gal\/embed\/#?secret=Fb1bicmQlP#?secret=8XhflDk5xO\" data-secret=\"8XhflDk5xO\" width=\"500\" height=\"282\" frameborder=\"0\" marginwidth=\"0\" marginheight=\"0\" scrolling=\"no\"><\/iframe><\/p>\n<blockquote class=\"wp-embedded-content\" data-secret=\"B0KiHW3SR6\"><p><a href=\"https:\/\/puntocritico.com\/ausajpuntocritico\/2020\/12\/05\/el-control-del-psoe-por-la-cia-libro-la-cia-en-espana-de-alfredo-grimaldos-2\/\">EN MEMORIA DE ALFREDO GRIMALDOS. El control del PSOE por la CIA. Libro \u00abLa CIA en Espa\u00f1a\u00bb, de Alfredo Grimaldos<\/a><\/p><\/blockquote>\n<p><iframe loading=\"lazy\" class=\"wp-embedded-content\" sandbox=\"allow-scripts\" security=\"restricted\" style=\"position: absolute; clip: rect(1px, 1px, 1px, 1px);\" title=\"\u00abEN MEMORIA DE ALFREDO GRIMALDOS. El control del PSOE por la CIA. Libro \u00abLa CIA en Espa\u00f1a\u00bb, de Alfredo Grimaldos\u00bb \u2014 Punto Cr\u00edtico Derechos Humanos\" src=\"https:\/\/puntocritico.com\/ausajpuntocritico\/2020\/12\/05\/el-control-del-psoe-por-la-cia-libro-la-cia-en-espana-de-alfredo-grimaldos-2\/embed\/#?secret=ivtTgr5oSH#?secret=B0KiHW3SR6\" data-secret=\"B0KiHW3SR6\" width=\"500\" height=\"282\" frameborder=\"0\" marginwidth=\"0\" marginheight=\"0\" scrolling=\"no\"><\/iframe><\/p>\n<blockquote class=\"wp-embedded-content\" data-secret=\"IXeOfdT29O\"><p><a href=\"https:\/\/puntocritico.com\/ausajpuntocritico\/2022\/08\/25\/la-red-gladio-el-stay-behind-la-guerrilla-europea-de-la-otan\/\">LA RED GLADIO: \u00abEl \u2018Stay Behind\u2019, la guerrilla europea de la OTAN\u00bb, por Rafael Poch \/\/ \u00abLas redes estadounidenses de desestabilizaci\u00f3n y de injerencia\u00bb, Por Thierry Meyssan<\/a><\/p><\/blockquote>\n<p><iframe loading=\"lazy\" class=\"wp-embedded-content\" sandbox=\"allow-scripts\" security=\"restricted\" style=\"position: absolute; clip: rect(1px, 1px, 1px, 1px);\" title=\"\u00abLA RED GLADIO: \u00abEl \u2018Stay Behind\u2019, la guerrilla europea de la OTAN\u00bb, por Rafael Poch \/\/ \u00abLas redes estadounidenses de desestabilizaci\u00f3n y de injerencia\u00bb, Por Thierry Meyssan\u00bb \u2014 Punto Cr\u00edtico Derechos Humanos\" src=\"https:\/\/puntocritico.com\/ausajpuntocritico\/2022\/08\/25\/la-red-gladio-el-stay-behind-la-guerrilla-europea-de-la-otan\/embed\/#?secret=1uBKswGG2p#?secret=IXeOfdT29O\" data-secret=\"IXeOfdT29O\" width=\"500\" height=\"282\" frameborder=\"0\" marginwidth=\"0\" marginheight=\"0\" scrolling=\"no\"><\/iframe><\/p>\n<blockquote class=\"wp-embedded-content\" data-secret=\"hDspIoveXe\"><p><a href=\"https:\/\/puntocritico.com\/ausajpuntocritico\/2022\/07\/23\/la-zona-gris-en-las-guerras-hibridas-conferencia\/\">GUERRAS H\u00cdBRIDAS (IV): LA ZONA GRIS. CONFERENCIA DE JOSEP BAQU\u00c9S (Video). \u00abConcepto de Zona Gris; Fundamentos de su creaci\u00f3n y medidas preventivas para afrontarlas\u00bb.<\/a><\/p><\/blockquote>\n<p><iframe loading=\"lazy\" class=\"wp-embedded-content\" sandbox=\"allow-scripts\" security=\"restricted\" style=\"position: absolute; clip: rect(1px, 1px, 1px, 1px);\" title=\"\u00abGUERRAS H\u00cdBRIDAS (IV): LA ZONA GRIS. CONFERENCIA DE JOSEP BAQU\u00c9S (Video). \u00abConcepto de Zona Gris; Fundamentos de su creaci\u00f3n y medidas preventivas para afrontarlas\u00bb.\u00bb \u2014 Punto Cr\u00edtico Derechos Humanos\" src=\"https:\/\/puntocritico.com\/ausajpuntocritico\/2022\/07\/23\/la-zona-gris-en-las-guerras-hibridas-conferencia\/embed\/#?secret=xpgUgTYKO5#?secret=hDspIoveXe\" data-secret=\"hDspIoveXe\" width=\"500\" height=\"282\" frameborder=\"0\" marginwidth=\"0\" marginheight=\"0\" scrolling=\"no\"><\/iframe><\/p>\n<blockquote class=\"wp-embedded-content\" data-secret=\"LB2nopBJC4\"><p><a href=\"https:\/\/puntocritico.com\/ausajpuntocritico\/2022\/09\/25\/narcoestados-el-socialismo-del-siglo-xxi-jorge-cachinero\/\">NARCOESTADOS: LA ZONA GRIS LATINA; QUE SE EXTIENDE POR ESPA\u00d1\u00c0 Y AMENAZA A EUROPA. \u00abNarco, terror y pol\u00edtica en el suroeste de Europa\u00bb, por Jorge Cachinero (serie completa)<\/a><\/p><\/blockquote>\n<p><iframe loading=\"lazy\" class=\"wp-embedded-content\" sandbox=\"allow-scripts\" security=\"restricted\" style=\"position: absolute; clip: rect(1px, 1px, 1px, 1px);\" title=\"\u00abNARCOESTADOS: LA ZONA GRIS LATINA; QUE SE EXTIENDE POR ESPA\u00d1\u00c0 Y AMENAZA A EUROPA. \u00abNarco, terror y pol\u00edtica en el suroeste de Europa\u00bb, por Jorge Cachinero (serie completa)\u00bb \u2014 Punto Cr\u00edtico Derechos Humanos\" src=\"https:\/\/puntocritico.com\/ausajpuntocritico\/2022\/09\/25\/narcoestados-el-socialismo-del-siglo-xxi-jorge-cachinero\/embed\/#?secret=L5FeSWxndH#?secret=LB2nopBJC4\" data-secret=\"LB2nopBJC4\" width=\"500\" height=\"282\" frameborder=\"0\" marginwidth=\"0\" marginheight=\"0\" scrolling=\"no\"><\/iframe><\/p>\n<blockquote class=\"wp-embedded-content\" data-secret=\"Ufn8amUznA\"><p><a href=\"https:\/\/puntocritico.com\/ausajpuntocritico\/2022\/08\/31\/informe-de-amnistia-internacional-sobre-la-guerra-de-ucrania\/\">INFORME DE AMNIST\u00cdA INTERNACIONAL SOBRE LA GUERRA DE UCRANIA Y LOS CRIMENES DE GUERRA DEL EJ\u00c9RCITO DE ZELENSKY. \u201cSe roban las armas, se roba la ayuda humanitaria y no tenemos idea de ad\u00f3nde han ido los miles de millones enviados a este pa\u00eds\u201d.<\/a><\/p><\/blockquote>\n<p><iframe loading=\"lazy\" class=\"wp-embedded-content\" sandbox=\"allow-scripts\" security=\"restricted\" style=\"position: absolute; clip: rect(1px, 1px, 1px, 1px);\" title=\"\u00abINFORME DE AMNIST\u00cdA INTERNACIONAL SOBRE LA GUERRA DE UCRANIA Y LOS CRIMENES DE GUERRA DEL EJ\u00c9RCITO DE ZELENSKY. \u201cSe roban las armas, se roba la ayuda humanitaria y no tenemos idea de ad\u00f3nde han ido los miles de millones enviados a este pa\u00eds\u201d.\u00bb \u2014 Punto Cr\u00edtico Derechos Humanos\" src=\"https:\/\/puntocritico.com\/ausajpuntocritico\/2022\/08\/31\/informe-de-amnistia-internacional-sobre-la-guerra-de-ucrania\/embed\/#?secret=t4tftEjygb#?secret=Ufn8amUznA\" data-secret=\"Ufn8amUznA\" width=\"500\" height=\"282\" frameborder=\"0\" marginwidth=\"0\" marginheight=\"0\" scrolling=\"no\"><\/iframe><\/p>\n<p class=\"entry-title\" style=\"text-align: justify;\"><a href=\"https:\/\/puntocritico.com\/ausajpuntocritico\/2022\/08\/13\/biden-un-autentico-criminal-de-guerra\/\"><span style=\"font-size: 14pt; color: #008000;\">ROGER WATERS (PINK FLOYD) ENTREVISTADO SOBRE UCRANIA EN CNN. \u00abBIDEN UN AUT\u00c9NTICO CRIMINAL DE GUERRA\u00bb: \u00abEst\u00e1 avivando el fuego en Ucrania\u00bb.<\/span><\/a><\/p>\n<p class=\"entry-title\" style=\"text-align: justify;\"><a href=\"https:\/\/puntocritico.com\/ausajpuntocritico\/2022\/05\/12\/la-otan-esta-creando-un-vietnam-en-el-corazon-de-europa\/\"><span style=\"font-size: 14pt; color: #008000;\">LA OTAN EST\u00c1 CREANDO UN VIETNAM EN EL CORAZ\u00d3N DE EUROPA: Su Presidente t\u00edtere, Zelensky, ilegaliz\u00f3 la oposici\u00f3n, orden\u00f3 el arresto de sus rivales pol\u00edticos, eliminando a todos los que se opon\u00edan a la guerra de EE.UU. contra Rusia, iniciada en Ucrania.<\/span><\/a><\/p>\n<p class=\"entry-title\" style=\"text-align: justify;\"><a href=\"https:\/\/puntocritico.com\/ausajpuntocritico\/2022\/04\/26\/el-problema-neonazi-en-ucrania\/\"><span style=\"font-size: 14pt; color: #008000;\">EL PROBLEMA NEONAZI EN UCRANIA (que se est\u00e1 convirtiendo en el problema de Europa): El Silogismo Perverso: Putin es malo, luego, los Neonazis son buenos.<\/span><\/a><\/p>\n<p class=\"entry-title\" style=\"text-align: justify;\"><a href=\"https:\/\/puntocritico.com\/ausajpuntocritico\/2022\/04\/11\/ucrania-y-hunter-biden-laboratorios-biologicos-y-ordenadores-portatiles\/\"><span style=\"font-size: 14pt; color: #008000;\">UCRANIA Y HUNTER BIDEN. Laboratorios biol\u00f3gicos y ordenadores port\u00e1tiles<\/span><\/a><\/p>\n<p class=\"entry-title\" style=\"text-align: justify;\"><a href=\"https:\/\/puntocritico.com\/ausajpuntocritico\/2022\/03\/19\/donbass-2018-documental-de-sergei-loznitsa-ucrania\/\"><span style=\"font-size: 14pt; color: #008000;\">DONBASS (2018), Documental de Sergei Loznitsa (Ucrania). LA POBLACI\u00d3N ABANDONADA. Extorsionados por las mafias del Independentismo Pro Ruso, mientras son bombardeados por su Gobierno.<\/span><\/a><\/p>\n<p class=\"mh-meta entry-meta\"><a style=\"color: #008000;\" href=\"https:\/\/puntocritico.com\/ausajpuntocritico\/2022\/03\/16\/donbass-el-genocidio-cancelado\/\"><span style=\"font-size: 14pt;\">DONBASS, LA GUERRA OLVIDADA. La CRIMINAL INVASI\u00d3N RUSA de Ucrania, no absuelve a Occidente por su colaboraci\u00f3n con grupos paramilitares fascistas ucranianos, como el Neonazi \u00abBatall\u00f3n Azov\u00bb.<\/span><\/a><\/p>\n<div>\n<p class=\"mh-meta entry-meta\"><a style=\"text-align: justify;\" href=\"https:\/\/puntocritico.com\/ausajpuntocritico\/2022\/09\/20\/la-censura-y-la-prision\/\"><span style=\"font-size: 14pt; color: #008000;\">UCRANIA, TRAS LA GUERRA, EL SAQUEO. \u00abC\u00d3MO FUNCIONA LA PROPAGANDA\u00bb, por John Pilger. \u00abLa Libertad de Informaci\u00f3n, la Censura y la Prisi\u00f3n\u00bb. Las noticias de Lee Camp.<\/span><\/a><\/p>\n<\/div>\n<div>\n<p class=\"mh-meta entry-meta\"><a style=\"text-align: justify;\" href=\"https:\/\/puntocritico.com\/ausajpuntocritico\/2022\/08\/29\/como-mueren-las-democracias\/\"><span style=\"font-size: 14pt; color: #008000;\">C\u00d3MO MUEREN LAS DEMOCRACIAS. \u00abNo somos la primera civilizaci\u00f3n en colapsar, pero probablemente seremos los \u00faltimos\u00bb, por Chris Hedges<\/span><\/a><\/p>\n<\/div>\n<div>\n<p class=\"entry-title\" style=\"text-align: justify;\"><a href=\"https:\/\/puntocritico.com\/ausajpuntocritico\/2020\/03\/30\/eugenesia-y-eutanasia-en-la-alemania-nazi-por-daniel-soutullo\/\"><span style=\"font-size: 14pt; color: #008000;\">\u00abEUGENESIA Y EUTANASIA EN LA ALEMANIA NAZI\u00bb, por Daniel Soutullo. \u00abSe basaba en la insuficiente capacidad productiva de los enfermos y en los gastos sanitarios que ocasionaban\u00bb.<\/span><\/a><\/p>\n<p class=\"mh-meta entry-meta\">\u00a0<\/p>\n<\/div>\n<div>\u00a0<\/div>\n<div><a href=\"https:\/\/puntocritico.com\/ausajpuntocritico\/author\/punto-critico\/\"><img loading=\"lazy\" decoding=\"async\" class=\"aligncenter wp-image-9528 smush-detected-img smush-image-1\" src=\"https:\/\/puntocritico.com\/ausajpuntocritico\/wp-content\/uploads\/2018\/03\/Mosca_Punto_Cr%C3%ADtico_40.png\" alt=\"\" width=\"80\" height=\"80\" data-id=\"9528\" \/><\/a><\/div>\n<p>&nbsp;<\/p>\n","protected":false},"excerpt":{"rendered":"<div class=\"mh-excerpt\"><p>LA EVOLUCI\u00d3N HACIA EL TOTALITARISMO &nbsp; \u00bfPUEDE EUROPA PERMITIRSE EL LUJO DE HACER LA VISTA GORDA ANTE LA EVIDENCIA DEL PAPEL DE EE. UU. EN LAS EXPLOSIONES DE OLEODUCTOS? Por Jonathan Cook MintPress News, 6 <a class=\"mh-excerpt-more\" href=\"https:\/\/puntocritico.com\/ausajpuntocritico\/2022\/10\/13\/la-evolucion-hacia-el-totalitarismo-nazis-del-siglo-xxi\/\" title=\"LA EVOLUCI\u00d3N HACIA EL TOTALITARISMO: Nazis del Siglo XXI: \u201cAhora, todos ustedes son Azov\u201d.\">[&#8230;]<\/a><\/p>\n<\/div>","protected":false},"author":3,"featured_media":2258622,"comment_status":"open","ping_status":"closed","sticky":false,"template":"","format":"standard","meta":{"_acf_changed":false,"_exactmetrics_skip_tracking":false,"_exactmetrics_sitenote_active":false,"_exactmetrics_sitenote_note":"","_exactmetrics_sitenote_category":0,"footnotes":""},"categories":[7,12],"tags":[39],"class_list":{"0":"post-2245703","1":"post","2":"type-post","3":"status-publish","4":"format-standard","5":"has-post-thumbnail","7":"category-politica","8":"category-corrupcion","9":"tag-ucrania"},"acf":[],"_links":{"self":[{"href":"https:\/\/puntocritico.com\/ausajpuntocritico\/wp-json\/wp\/v2\/posts\/2245703","targetHints":{"allow":["GET"]}}],"collection":[{"href":"https:\/\/puntocritico.com\/ausajpuntocritico\/wp-json\/wp\/v2\/posts"}],"about":[{"href":"https:\/\/puntocritico.com\/ausajpuntocritico\/wp-json\/wp\/v2\/types\/post"}],"author":[{"embeddable":true,"href":"https:\/\/puntocritico.com\/ausajpuntocritico\/wp-json\/wp\/v2\/users\/3"}],"replies":[{"embeddable":true,"href":"https:\/\/puntocritico.com\/ausajpuntocritico\/wp-json\/wp\/v2\/comments?post=2245703"}],"version-history":[{"count":0,"href":"https:\/\/puntocritico.com\/ausajpuntocritico\/wp-json\/wp\/v2\/posts\/2245703\/revisions"}],"wp:featuredmedia":[{"embeddable":true,"href":"https:\/\/puntocritico.com\/ausajpuntocritico\/wp-json\/wp\/v2\/media\/2258622"}],"wp:attachment":[{"href":"https:\/\/puntocritico.com\/ausajpuntocritico\/wp-json\/wp\/v2\/media?parent=2245703"}],"wp:term":[{"taxonomy":"category","embeddable":true,"href":"https:\/\/puntocritico.com\/ausajpuntocritico\/wp-json\/wp\/v2\/categories?post=2245703"},{"taxonomy":"post_tag","embeddable":true,"href":"https:\/\/puntocritico.com\/ausajpuntocritico\/wp-json\/wp\/v2\/tags?post=2245703"}],"curies":[{"name":"wp","href":"https:\/\/api.w.org\/{rel}","templated":true}]}}