{"id":2245590,"date":"2024-01-20T00:05:54","date_gmt":"2024-01-19T23:05:54","guid":{"rendered":"https:\/\/puntocritico.com\/ausajpuntocritico\/?p=2245590"},"modified":"2024-09-15T20:47:35","modified_gmt":"2024-09-15T18:47:35","slug":"la-trampa-de-tucidedes-the-coming-war-on-china-la-guerra-que-se-avecina-en-china-un-documental-de-john-pilger","status":"publish","type":"post","link":"https:\/\/puntocritico.com\/ausajpuntocritico\/2024\/01\/20\/la-trampa-de-tucidedes-the-coming-war-on-china-la-guerra-que-se-avecina-en-china-un-documental-de-john-pilger\/","title":{"rendered":"LA TRAMPA DE TUC\u00cdDEDES: \u00abTHE COMING WAR ON CHINA\u00bb (\u00abLa guerra que se avecina en China\u00bb), un Documental de John Pilger"},"content":{"rendered":"<h2 style=\"text-align: justify;\"><span style=\"font-size: 14pt; color: #008000;\">LA TRAMPA DE TUC\u00cdDEDES<\/span><\/h2>\n\n<blockquote>\n<h2 class=\"titular\" style=\"text-align: center;\"><span style=\"font-size: 24pt;\">Ucrania y Taiw\u00e1n<\/span><\/h2>\n<p style=\"text-align: justify;\"><span style=\"font-size: 14pt;\">Jorge Cachinero<\/span><\/p>\n<p style=\"text-align: justify;\"><span style=\"font-size: 14pt;\"><a href=\"https:\/\/abcblogs.abc.es\/jorge-cachinero\/otros-temas\/ucrania-y-taiwan.html#vca=mod-friso-p2&amp;vmc=blogs-blogs&amp;vso=Ucrania%20y%20Taiw%C3%A1n&amp;vli=portada.portada\" target=\"_blank\" rel=\"noopener\">ABC<\/a>, 11 ABRIL 2022<\/span><\/p>\n<p style=\"text-align: justify;\"><img loading=\"lazy\" decoding=\"async\" class=\"aligncenter wp-image-2245593 size-full\" src=\"https:\/\/puntocritico.com\/ausajpuntocritico\/wp-content\/uploads\/2022\/04\/29-Ucrania-y-Taiwan-22.04.04-516x315-1.jpg\" alt=\"LA TRAMPA DE TUC\u00cdDEDES\" width=\"516\" height=\"315\" data-id=\"2245593\" srcset=\"https:\/\/puntocritico.com\/ausajpuntocritico\/wp-content\/uploads\/2022\/04\/29-Ucrania-y-Taiwan-22.04.04-516x315-1.jpg 516w, https:\/\/puntocritico.com\/ausajpuntocritico\/wp-content\/uploads\/2022\/04\/29-Ucrania-y-Taiwan-22.04.04-516x315-1-300x183.jpg 300w\" sizes=\"auto, (max-width: 516px) 100vw, 516px\" \/><\/p>\n<p>&nbsp;<\/p>\n<p style=\"text-align: justify;\"><span style=\"font-size: 14pt;\">Desde el estallido, el pasado 24 de febrero, del conflicto militar entre Estados Unidos (EE. UU.), a trav\u00e9s de su apoderado interpuesto, Ucrania, y la Federaci\u00f3n Rusa, muchos analistas han comparado las\u00a0<em>amenazas existenciales<\/em>\u00a0que Rusia percibe sobre su frontera occidental con la aspiraci\u00f3n de China por restituir su integridad territorial mediante la recuperaci\u00f3n de la isla de Taiw\u00e1n.<\/span><\/p>\n<p style=\"text-align: justify;\"><span style=\"font-size: 14pt;\">Sin embargo, las diferencias entre ambos casos son mayores que sus aparentes similitudes, que, tambi\u00e9n, en lo fundamental, existen, dado que las econom\u00edas y las poblaciones de Rusia y de Ucrania, por un lado, y de China y de Taiw\u00e1n, por otro lado, est\u00e1n muy integradas.<\/span><\/p>\n<p style=\"text-align: justify;\"><span style=\"font-size: 14pt;\">De hecho,\u00a01 mill\u00f3n de taiwaneses viven, en la actualidad, en la Rep\u00fablica Popular de China y, en 2010, 1,9 millones de ucranianos estaban censados en la Federaci\u00f3n Rusa.<\/span><\/p>\n<p style=\"text-align: justify;\"><span style=\"font-size: 14pt;\">Para empezar, Taiw\u00e1n ocupa un territorio, aproximadamente, 15 veces m\u00e1s peque\u00f1o que el de Ucrania, el segundo pa\u00eds m\u00e1s grande de Europa, despu\u00e9s de Rusia.<\/span><\/p>\n<p style=\"text-align: justify;\"><span style=\"font-size: 14pt;\">Asimismo, el presupuesto de defensa de China es entre 4 y 5 veces m\u00e1s grande que el de la Federaci\u00f3n Rusa.<\/span><\/p>\n<p style=\"text-align: justify;\"><span style=\"font-size: 14pt;\">Al ser una isla en el Pac\u00edfico, las posibilidades de que Taiw\u00e1n pueda recibir f\u00e1cilmente, a trav\u00e9s de sus fronteras, en caso de conflicto b\u00e9lico con China, un flujo ininterrumpido de voluntarios o de\u00a0<em>luchadores extranjeros<\/em>\u00a0y de equipo militar y de armas es inimaginable, por no decir, imposible.<\/span><\/p>\n<p style=\"text-align: justify;\"><span style=\"font-size: 14pt;\">La presidente de Taiw\u00e1n, desde enero de 2016, Tsai Ing-wen, no es comparable al atrabiliario, por expresarlo de manera diplom\u00e1tica, presidente de Ucrania, Volodymyr Zelensky, y las negociaciones entre China y Taiw\u00e1n nunca se han roto, a pesar de que China ha ejercido, desde 1996, presi\u00f3n militar sobre la isla para obtener beneficios pol\u00edticos.<\/span><\/p>\n<p style=\"text-align: justify;\">\u00a0<\/p>\n<figure id=\"attachment_2245594\" aria-describedby=\"caption-attachment-2245594\" style=\"width: 678px\" class=\"wp-caption aligncenter\"><img loading=\"lazy\" decoding=\"async\" class=\"wp-image-2245594 size-mh-magazine-content\" src=\"https:\/\/puntocritico.com\/ausajpuntocritico\/wp-content\/uploads\/2022\/04\/29-Ucrania-y-Taiwan-22.04.04-Tsai-Ing-wen-c-Jiadong-Taiwan-15-de-septiembre-2021-678x381.jpg\" alt=\"\" width=\"678\" height=\"381\" data-id=\"2245594\" \/><figcaption id=\"caption-attachment-2245594\" class=\"wp-caption-text\"><span style=\"color: #008000;\">Tsai Ing-wen (c), Jiadong, Taiwan, 15 de septiembre, 2021<\/span><\/figcaption><\/figure>\n<p>&nbsp;<\/p>\n<p style=\"text-align: justify;\"><span style=\"font-size: 14pt;\">En lo econ\u00f3mico, los mercados principales para China son los europeos y el estadounidense y no, necesariamente, el ruso.<\/span><\/p>\n<p style=\"text-align: justify;\"><span style=\"font-size: 14pt;\">Finalmente, ninguna de las disputas territoriales sobre las islas del Pac\u00edfico asi\u00e1tico de las que China hace parte representan\u00a0<em>amenazas existenciales<\/em>\u00a0para ninguno de los pa\u00edses involucrados en las mismas.<\/span><\/p>\n<p style=\"text-align: justify;\"><span style=\"font-size: 14pt;\">En cualquier caso, el\u00a0<em>tempo<\/em>\u00a0de las reacciones del liderazgo de China es, como su planificaci\u00f3n, de largo plazo, como ocurre en todas las culturas asi\u00e1ticas, y, por lo tanto, a China no le gusta responder r\u00e1pidamente.<\/span><\/p>\n<p style=\"text-align: justify;\"><span style=\"font-size: 14pt;\">Dicho lo cual, cabr\u00eda subrayar que los dirigentes rusos han mostrado, durante casi una d\u00e9cada, una paciencia enorme \u2013<em>casi asi\u00e1tica<\/em>, siendo Rusia un pa\u00eds tan asi\u00e1tico como europeo-, antes de reaccionar al plan de EE. UU. de llevar sus laboratorios biol\u00f3gicos y la huella de la OTAN, incluyendo sus bases, su armamento y su entrenamiento, hasta su frontera occidental, en lo que representa una\u00a0<em>amenaza existencial<\/em>\u00a0para su naci\u00f3n, ahora, como, antes, a lo largo de la historia.<\/span><\/p>\n<p style=\"text-align: justify;\"><span style=\"font-size: 14pt;\">A pesar de esas diferencias entre Taiw\u00e1n y Ucrania, China ha respondido, inmediatamente, para expresar su apoyo a Rusia en el conflicto que<\/span><\/p>\n<figure id=\"attachment_2245595\" aria-describedby=\"caption-attachment-2245595\" style=\"width: 275px\" class=\"wp-caption alignleft\"><img loading=\"lazy\" decoding=\"async\" class=\"wp-image-2245595 size-full\" src=\"https:\/\/puntocritico.com\/ausajpuntocritico\/wp-content\/uploads\/2022\/04\/29-Ucrania-y-Taiwan-22.04.04-Devon-Archer-i-y-Hunter-Biden-d-miembros-del-consejo-de-Burisma-compania-ucraniana-de-gas-con-Joe-Biden.jpg\" alt=\"\" width=\"275\" height=\"183\" data-id=\"2245595\" \/><figcaption id=\"caption-attachment-2245595\" class=\"wp-caption-text\"><span style=\"color: #008000;\">Devon Archer (i) y Hunter Biden (d), miembros del consejo de Burisma Holdings, compa\u00f1\u00eda ucraniana de gas, con Joe Biden<\/span><\/figcaption><\/figure>\n<p style=\"text-align: justify;\"><span style=\"font-size: 14pt;\">\u00e9sta mantiene, en Ucrania, con EE. UU. porque es consciente de que, si llegara el caso, necesitar\u00eda, a su vez, el apoyo de Rusia para resolver su aspiraci\u00f3n nacional de recuperar Taiw\u00e1n o para hacer frente a las consecuencias, militares y econ\u00f3micas, que se derivaran de la decisi\u00f3n de materializarla.<\/span><\/p>\n<p style=\"text-align: justify;\"><span style=\"font-size: 14pt;\">En realidad, una crisis en la regi\u00f3n del Asia-Pac\u00edfico por una posible intervenci\u00f3n militar de China en Taiw\u00e1n podr\u00eda tener, incluso, repercusiones m\u00e1s delicadas para el mundo que la de Rusia frente a EE. UU. en Ucrania.<\/span><\/p>\n<p style=\"text-align: justify;\"><span style=\"font-size: 14pt;\">En el caso de que China se decidiera por activar una soluci\u00f3n militar para Taiw\u00e1n, acontecimientos como una posible participaci\u00f3n militar de Jap\u00f3n o de Australia en apoyo de EE. UU. frente a China, como las ideas alocadas que se le pudieran ocurrir a Kim Jong-un o como el desencadenamiento de consecuencias econ\u00f3micas muy graves para el mundo someter\u00edan la arquitectura de seguridad actual de Asia a una tensi\u00f3n a\u00fan mayor a la que ya est\u00e1 sufriendo, en estos momentos, la europea.<\/span><\/p>\n<p style=\"text-align: justify;\"><span style=\"font-size: 14pt;\">China observa atentamente el comportamiento de Rusia, especialmente, su recurso a la intervenci\u00f3n militar y su aviso del uso de su potencia nuclear, si fuera necesario, para evitar que EE. UU. convierta a Ucrania en el\u00a0<em>Afganist\u00e1n ruso<\/em>\u00a0del comienzo del siglo XXI, como ya intent\u00f3 hacer en ese pa\u00eds centro asi\u00e1tico, en los a\u00f1os 80 del siglo pasado, mediante la financiaci\u00f3n y la transferencia de armamento a los\u00a0<em>muyahid\u00edn<\/em>\u00a0-es decir, guerrilleros musulmanes radicales y terroristas-, cuyos herederos, posteriormente, acabar\u00edan atentando contra el territorio de EE. UU., en septiembre de 2001, y contra Occidente y contra el Estado de Israel, en todo el mundo, desde entonces.<\/span><\/p>\n<p style=\"text-align: justify;\">\u00a0<\/p>\n<figure id=\"attachment_2245596\" aria-describedby=\"caption-attachment-2245596\" style=\"width: 678px\" class=\"wp-caption aligncenter\"><img loading=\"lazy\" decoding=\"async\" class=\"wp-image-2245596 size-mh-magazine-content\" src=\"https:\/\/puntocritico.com\/ausajpuntocritico\/wp-content\/uploads\/2022\/04\/29-Ucrania-y-Taiwan-22.04.04-Rebeldes-muyahidin-entre-Kabul-y-Jalalabad-Afganistan-febrero-de-1980-678x381.jpg\" alt=\"\" width=\"678\" height=\"381\" data-id=\"2245596\" \/><figcaption id=\"caption-attachment-2245596\" class=\"wp-caption-text\"><span style=\"color: #008000;\">Rebeldes muyahid\u00edn, entre Kabul y Jalalabad, Afganist\u00e1n, febrero de 1980<\/span><\/figcaption><\/figure>\n<p>&nbsp;<\/p>\n<p style=\"text-align: justify;\"><span style=\"font-size: 14pt;\">Biden ha declarado que defender\u00e1 Taiw\u00e1n frente a una intervenci\u00f3n militar de China en la isla.<\/span><\/p>\n<p style=\"text-align: justify;\"><span style=\"font-size: 14pt;\">Biden hizo manifestaciones similares en favor de Ucrania, cuando estuvo manipulando al gobierno ucraniano con las promesas del apoyo estadounidense a su incorporaci\u00f3n a la Organizaci\u00f3n del Tratado del Atl\u00e1ntico Norte (OTAN) o contra cualquier intervenci\u00f3n militar de Rusia en Ucrania.<\/span><\/p>\n<p style=\"text-align: justify;\"><span style=\"font-size: 14pt;\">Despu\u00e9s de que Biden y su equipo hayan dejado claro al mundo, a China y a Taiw\u00e1n que, en realidad, lo que quieren decir es que EE. UU. est\u00e1 dispuesto a\u00a0<em>sacrificar hasta la \u00faltima gota de sangre del \u00faltimo ucraniano o a gastar hasta el \u00faltimo c\u00e9ntimo del \u00faltimo euro del \u00faltimo europeo<\/em>\u00a0para defender Ucrania, no sabemos c\u00f3mo la presidente de Taiw\u00e1n, Tsai Ing-wen, estar\u00e1 digiriendo las promesas de Biden de acudir en su ayuda.<\/span><\/p>\n<p style=\"text-align: justify;\"><span style=\"font-size: 14pt;\">\u00bfEst\u00e1 EE. UU. sinceramente comprometido con la protecci\u00f3n de Taiw\u00e1n?<\/span><\/p>\n<p style=\"text-align: justify;\"><span style=\"font-size: 14pt;\">China es capaz de desplegar, en menos de una semana, cientos de buques de su Armada y cientos de aviones de combate de su Fuerza A\u00e9rea en un teatro de operaciones militares alrededor de Taiw\u00e1n, mientras que EE. UU. y Jap\u00f3n s\u00f3lo podr\u00edan enviar unas docenas.<\/span><\/p>\n<p style=\"text-align: justify;\"><span style=\"font-size: 14pt;\">\u00bfCu\u00e1l es el valor de las promesas de Biden a Taiw\u00e1n despu\u00e9s de la huida de Afganist\u00e1n que ejecut\u00f3, de su comportamiento en Ucrania y de su falta de voluntad para impedir a Ir\u00e1n que complete su programa nuclear?<\/span><\/p>\n<p style=\"text-align: justify;\"><span style=\"font-size: 14pt;\">Los retos que Ucrania y que Taiw\u00e1n plantean, respectivamente, a Rusia y a China no se resolver\u00e1n sin tomar en consideraci\u00f3n las leg\u00edtimas preocupaciones de seguridad tanto de la Federaci\u00f3n Rusa como de la Rep\u00fablica Popular de China.<\/span><\/p>\n<p style=\"text-align: justify;\"><span style=\"font-size: 14pt;\">EE. UU. se equivocar\u00eda y se har\u00eda da\u00f1o, como le est\u00e1 ocurriendo desde que ha provocado el enfrentamiento militar con Rusia en Ucrania, si pensara que su pol\u00edtica para contrarrestar la competencia de China -en el contexto de un continente asi\u00e1tico cada vez m\u00e1s rico e integrado comercialmente- por el liderazgo mundial debe estar dirigida, fundamentalmente, por la dimensi\u00f3n militar.<\/span><\/p>\n<p style=\"text-align: justify;\">\u00a0<\/p>\n<figure id=\"attachment_2245597\" aria-describedby=\"caption-attachment-2245597\" style=\"width: 480px\" class=\"wp-caption aligncenter\"><img loading=\"lazy\" decoding=\"async\" class=\"wp-image-2245597\" src=\"https:\/\/puntocritico.com\/ausajpuntocritico\/wp-content\/uploads\/2022\/04\/29-Ucrania-y-Taiwan-22.04.04-Putin-i-Biden-c-Xi-d-300x168.jpg\" alt=\"\" width=\"480\" height=\"268\" data-id=\"2245597\" srcset=\"https:\/\/puntocritico.com\/ausajpuntocritico\/wp-content\/uploads\/2022\/04\/29-Ucrania-y-Taiwan-22.04.04-Putin-i-Biden-c-Xi-d-300x168.jpg 300w, https:\/\/puntocritico.com\/ausajpuntocritico\/wp-content\/uploads\/2022\/04\/29-Ucrania-y-Taiwan-22.04.04-Putin-i-Biden-c-Xi-d-1024x572.jpg 1024w, https:\/\/puntocritico.com\/ausajpuntocritico\/wp-content\/uploads\/2022\/04\/29-Ucrania-y-Taiwan-22.04.04-Putin-i-Biden-c-Xi-d-768x429.jpg 768w, https:\/\/puntocritico.com\/ausajpuntocritico\/wp-content\/uploads\/2022\/04\/29-Ucrania-y-Taiwan-22.04.04-Putin-i-Biden-c-Xi-d-610x341.jpg 610w, https:\/\/puntocritico.com\/ausajpuntocritico\/wp-content\/uploads\/2022\/04\/29-Ucrania-y-Taiwan-22.04.04-Putin-i-Biden-c-Xi-d.jpg 1301w\" sizes=\"auto, (max-width: 480px) 100vw, 480px\" \/><figcaption id=\"caption-attachment-2245597\" class=\"wp-caption-text\"><span style=\"color: #008000;\">Putin (i), Biden (c), Xi (d)<\/span><\/figcaption><\/figure>\n<p>&nbsp;<\/p>\n<p style=\"text-align: justify;\"><span style=\"font-size: 14pt;\">China suele preferir las soluciones pol\u00edticas, diplom\u00e1ticas y comerciales, que son el fundamento de su pol\u00edtica exterior multilateral, a las militares, siempre que fuera posible.<\/span><\/p>\n<p style=\"text-align: justify;\"><span style=\"font-size: 14pt;\">As\u00ed le gustar\u00eda que fuera la integraci\u00f3n de Taiw\u00e1n en China, es decir, por medios diplom\u00e1ticos y econ\u00f3micos, aunque est\u00e1 dispuesta, si fuese necesario, a defender, militarmente, su aspiraci\u00f3n nacional de integrar la isla en China, especialmente, ante cualquier intervenci\u00f3n exterior, como ha dejado muy claro por las se\u00f1ales que, al respecto, ha enviado al mundo durante los \u00faltimos a\u00f1os.<\/span><\/p>\n<p style=\"text-align: justify;\"><span style=\"font-size: 14pt;\">El enfrentamiento militar entre EE. UU. y Rusia en Ucrania es un recuerdo infausto para China de que, cuando los arreglos pac\u00edficos de las disputas internacionales no son posibles,\u00a0<em>la guerra es la mera continuaci\u00f3n de la pol\u00edtica y de la diplomacia por otros medios<\/em>.<\/span><\/p>\n<\/blockquote>\n<p>&nbsp;<\/p>\n<p><img loading=\"lazy\" decoding=\"async\" class=\"aligncenter wp-image-2212050\" src=\"https:\/\/puntocritico.com\/ausajpuntocritico\/wp-content\/uploads\/2021\/05\/maxime-lebrun-1o2071GOVp0-unsplash.jpg\" alt=\"\" width=\"440\" height=\"248\" data-id=\"2212050\" srcset=\"https:\/\/puntocritico.com\/ausajpuntocritico\/wp-content\/uploads\/2021\/05\/maxime-lebrun-1o2071GOVp0-unsplash.jpg 640w, https:\/\/puntocritico.com\/ausajpuntocritico\/wp-content\/uploads\/2021\/05\/maxime-lebrun-1o2071GOVp0-unsplash-300x169.jpg 300w, https:\/\/puntocritico.com\/ausajpuntocritico\/wp-content\/uploads\/2021\/05\/maxime-lebrun-1o2071GOVp0-unsplash-610x343.jpg 610w\" sizes=\"auto, (max-width: 440px) 100vw, 440px\" \/><\/p>\n<p style=\"text-align: center;\"><strong><span style=\"color: #008000; font-size: 18pt;\">*******<\/span><\/strong><\/p>\n<h2 class=\"title\" style=\"text-align: center;\"><span style=\"font-size: 24pt;\"><strong>John Pilger<\/strong><\/span><\/h2>\n<p style=\"text-align: center;\"><strong><span style=\"font-size: 14pt;\">(Director y guionista de \u00abTHE COMING WAR ON CHINA\u00bb)<\/span><\/strong><\/p>\n<p class=\"title\" style=\"text-align: center;\"><span style=\"font-size: 14pt;\"><strong>Periodismo y responsabilidad<\/strong><\/span><\/p>\n<p style=\"text-align: justify;\"><a href=\"https:\/\/www.lacasaencendida.es\/audiovisuales\/john-pilger-periodismo-y-responsabilidad-2890\" target=\"_blank\" rel=\"noopener\" data-schema-attribute=\"\"><span style=\"font-size: 14pt;\">La casa encendida<\/span><\/a><\/p>\n<p><img loading=\"lazy\" decoding=\"async\" class=\"aligncenter wp-image-2222828\" src=\"https:\/\/puntocritico.com\/ausajpuntocritico\/wp-content\/uploads\/2021\/08\/John-Pilger-678x381.jpg\" alt=\"WAR ON CHINA\" width=\"480\" height=\"320\" data-id=\"2222828\" srcset=\"https:\/\/puntocritico.com\/ausajpuntocritico\/wp-content\/uploads\/2021\/08\/John-Pilger-300x200.jpg 300w, https:\/\/puntocritico.com\/ausajpuntocritico\/wp-content\/uploads\/2021\/08\/John-Pilger-1024x683.jpg 1024w, https:\/\/puntocritico.com\/ausajpuntocritico\/wp-content\/uploads\/2021\/08\/John-Pilger-768x512.jpg 768w, https:\/\/puntocritico.com\/ausajpuntocritico\/wp-content\/uploads\/2021\/08\/John-Pilger-610x407.jpg 610w, https:\/\/puntocritico.com\/ausajpuntocritico\/wp-content\/uploads\/2021\/08\/John-Pilger.jpg 1200w\" sizes=\"auto, (max-width: 480px) 100vw, 480px\" \/><\/p>\n<p style=\"text-align: justify;\">\u00a0<\/p>\n<div class=\"entradilla\" style=\"text-align: justify;\">\n<p style=\"text-align: justify;\"><span style=\"font-size: 14pt;\">En los 58 documentales que ha escrito, producido y dirigido, John Pilger denuncia los excesos de las democracias occidentales en el Tercer Mundo, la injusticia de la desigualdad y la pobreza y la complicidad con el poder pol\u00edtico y econ\u00f3mico de los medios de comunicaci\u00f3n, a los que se\u00f1ala como co-responsables de las guerras internacionales.<\/span><\/p>\n<p><span style=\"font-size: 14pt;\">En nuestra compleja \u00e9poca, caracterizada por las fusiones de grandes grupos medi\u00e1ticos y la sustituci\u00f3n de la informaci\u00f3n por espect\u00e1culo, la labor del informador veraz e independiente adquiere una importancia capital para despertar las conciencias y movilizar la voluntad de la opini\u00f3n p\u00fablica mundial. Por ello, La Casa Encendida ha organizado un ciclo de proyecciones, reflexi\u00f3n y debates que repasa el \u00faltimo periodo de la carrera de John Pilger, cuya labor como periodista a lo largo de casi cincuenta a\u00f1os es ejemplo de independencia, compromiso y responsabilidad.<\/span><\/p>\n<p><span style=\"font-size: 14pt;\">John Pilger naci\u00f3 y creci\u00f3 en Sidney (Australia) donde curs\u00f3 estudios de periodismo en la Australian Consolidated Press. En los a\u00f1os sesenta emigr\u00f3 a Europa como reportero freelance donde colabor\u00f3 con Reuters como corresponsal de guerra y cubri\u00f3 conflictos por todo el mundo: Vietnam, Camboya, Egipto, India, Bangladesh, Nigeria, Oriente Medio&#8230; <\/span><\/p>\n<p><span style=\"font-size: 14pt;\">Comenz\u00f3 su carrera en la televisi\u00f3n brit\u00e1nica en la Independent Television Network (ITV), con su primer documental Vietnam: The Quiet Mutiny, sobre la desmoralizaci\u00f3n y el auto-boicot del ej\u00e9rcito norteamericano durante la prolongada invasi\u00f3n del pa\u00eds asi\u00e1tico.<\/span><\/p>\n<p><span style=\"font-size: 14pt;\">A lo largo de su dilatada carrera ha escrito en prestigiosos medios como The Guardian, The Independent o el New York Times y escribe regularmente una columna en el New Statesman. Como colaborador ha participado en programas de la BBC, la ABC, Al Jazeera o Russia Today, entre otros. <\/span><\/p>\n<p><span style=\"font-size: 14pt;\">John Pilger ha obtenido en dos ocasiones (1967 y 1979) el m\u00e1s alto galard\u00f3n que concede el periodismo brit\u00e1nico, el de Periodista del A\u00f1o (ha sido el galardonado m\u00e1s joven de estos premios y el \u00fanico que lo ha recibido en dos veces) y ha recibido el Premio de la Paz a los Medios de la Asociaci\u00f3n de la ONU (1980) y el Premio de la Paz de Sidney (2009); adem\u00e1s, de un Emmy y un BAFTA (1990) a toda su carrera. En el \u00e1mbito acad\u00e9mico, ha sido condecorado con honores en numerosas y prestigiosas universidades de todo el mundo. <\/span><\/p>\n<\/div>\n<div class=\"entradilla\" style=\"text-align: justify;\">\n<p><span style=\"font-size: 14pt;\">En castellano ha publicado Los nuevos gobernantes del mundo (RBA, 2003) y la compilaci\u00f3n de art\u00edculos m\u00edticos del periodismo de investigaci\u00f3n \u00a1Basta de mentiras! (RBA, 2007).<\/span><\/p>\n<\/div>\n<p style=\"text-align: center;\"><span style=\"font-size: 18pt; color: #008000;\"><strong>*****<\/strong><\/span><\/p>\n<h2 style=\"text-align: center;\"><strong><span style=\"font-size: 24pt;\">DOCUMENTAL: \u00abTHE COMING WAR ON CHINA\u00bb<\/span><\/strong><\/h2>\n<p style=\"text-align: center;\"><em><strong><span style=\"font-size: 14pt;\"> (\u00abLa guerra que se avecina en China\u00bb)<\/span><\/strong><\/em><\/p>\n<p style=\"text-align: center;\"><span style=\"font-size: 18pt; color: #008000;\"><strong>Documental de John Pilger<\/strong><\/span><\/p>\n<p style=\"text-align: center;\"><iframe loading=\"lazy\" src=\"https:\/\/mega.nz\/embed\/TZl22YZL#mq6-Vgg1c7Bap9tXuxmFNNQjthuHIMdUmPe7Rx8cd44\" width=\"640\" height=\"360\" frameborder=\"0\" allowfullscreen=\"allowfullscreen\"><\/iframe><\/p>\n<p>&nbsp;<\/p>\n<p style=\"text-align: center;\"><span style=\"color: #008000; font-size: 18pt;\">***<\/span><\/p>\n<p style=\"text-align: justify;\"><span style=\"font-family: arial, helvetica, sans-serif; font-size: 14pt;\">Cuando Estados Unidos, la mayor potencia militar del mundo, decidi\u00f3 que China, la segunda potencia econ\u00f3mica m\u00e1s grande, era una amenaza para su dominio imperial, dos tercios de las fuerzas navales estadounidenses fueron transferidas a Asia y el Pac\u00edfico. Este fue el &#8216;<em>giro hacia Asia<\/em>&#8216;, anunciado por el presidente <strong>Barack Obama<\/strong> en 2011. China, que en el espacio de una generaci\u00f3n hab\u00eda pasado del caos de la &#8216;<em>Revoluci\u00f3n<\/em> <em>Cultural<\/em>&#8216; de <strong>Mao Zedong<\/strong> a una prosperidad econ\u00f3mica que ha visto a m\u00e1s de 500 millones de personas sacado de la pobreza, se convirti\u00f3 de repente en el nuevo enemigo de Estados Unidos.<\/span><\/p>\n<p style=\"text-align: justify;\"><span style=\"font-family: arial, helvetica, sans-serif; font-size: 14pt;\">La acumulaci\u00f3n de fuerzas navales reforzar\u00eda la posici\u00f3n militar abrumadoramente superior de Estados Unidos en la regi\u00f3n.\u00a0Rara vez mencionado en los medios occidentales,<strong> 400 bases estadounidenses rodean China con barcos, misiles y tropas, en un arco que se extiende desde el norte de Australia a trav\u00e9s del Pac\u00edfico hasta Jap\u00f3n, Corea y Eurasia hasta Afganist\u00e1n e India<\/strong>.<\/span><\/p>\n<p style=\"text-align: justify;\"><span style=\"font-family: arial, helvetica, sans-serif; font-size: 14pt;\"><strong>The Coming War on China<\/strong> es la pel\u00edcula m\u00e1s reciente de <strong>John Pilger<\/strong>, su 60\u00ba documental y posiblemente el m\u00e1s prof\u00e9tico.\u00a0Completada en el mes en que <strong>Donald Trump<\/strong> fue elegido presidente de los Estados Unidos, la pel\u00edcula investiga la fabricaci\u00f3n de una &#8216;amenaza&#8217; y las se\u00f1ales de una confrontaci\u00f3n nuclear.\u00a0<\/span><\/p>\n<p style=\"text-align: justify;\"><span style=\"font-family: arial, helvetica, sans-serif; font-size: 14pt;\">La pel\u00edcula est\u00e1 marcada en cap\u00edtulos.\u00a0El cap\u00edtulo 1 est\u00e1 ambientado en las remotas <strong><em>Islas Marshall<\/em><\/strong>, en el Pac\u00edfico, que Estados Unidos asumi\u00f3 como un \u00ab<em>territorio fiduciario<\/em>\u00bb de las <strong>Naciones Unidas<\/strong> en 1945 con la obligaci\u00f3n de \u00ab<em>proteger la salud y el bienestar de la poblaci\u00f3n<\/em>\u00ab.\u00a0De 1946 a 1958, Estados Unidos deton\u00f3 el equivalente a una bomba de <strong><em>Hiroshima<\/em><\/strong> todos los d\u00edas en las islas, contaminando a su gente y al medio ambiente.<\/span><\/p>\n<p style=\"text-align: justify;\"><span style=\"font-family: arial, helvetica, sans-serif; font-size: 14pt;\">Al filmar en el atol\u00f3n <em><strong>Bikini<\/strong><\/em> irradiado, que no puede ser habitado de manera segura hoy, quiz\u00e1s nunca, <strong>Pilger<\/strong> describe las pruebas en 1954 de la primera bomba de hidr\u00f3geno del mundo, con nombre en c\u00f3digo <em>Bravo<\/em>, que vaporiz\u00f3 una isla entera, dejando un oscuro abismo de una milla de ancho en la hermosa laguna de <strong><em>Bikini<\/em><\/strong>.\u00a0Los habitantes hab\u00edan sido trasladados a un atol\u00f3n cercano, <em><strong>Rongelap<\/strong><\/em>, donde las consecuencias \u00ab<em>inesperadas<\/em>\u00bb los dotaron de m\u00faltiples c\u00e1nceres.\u00a0<\/span><\/p>\n<p style=\"text-align: justify;\"><span style=\"font-family: arial, helvetica, sans-serif; font-size: 14pt;\">Los documentos desclasificados describen un programa secreto dise\u00f1ado originalmente para probar los efectos de la radiaci\u00f3n en ratones y utilizado en las <em><strong>Islas Marshall<\/strong><\/em> en seres humanos.\u00a0Un funcionario estadounidense de energ\u00eda at\u00f3mica de la \u00e9poca describe la isla de <em><strong>Rongelap<\/strong><\/em> como \u00ab<em>con mucho el lugar m\u00e1s contaminado de la Tierra<\/em>\u00ab.<\/span><\/p>\n<p style=\"text-align: justify;\"><span style=\"font-family: arial, helvetica, sans-serif; font-size: 14pt;\">Los conejillos de indias humanos fueron monitoreados regularmente y sometidos a ex\u00e1menes cient\u00edficos.\u00a0Muchos sufrieron c\u00e1ncer de tiroides, aparecieron deformidades en los beb\u00e9s e innumerables sobrevivientes de la explosi\u00f3n original murieron por envenenamiento por radiaci\u00f3n.\u00a0Se cre\u00f3 un tribunal de reclamaciones que r\u00e1pidamente se qued\u00f3 sin dinero.\u00a0Las entrevistas m\u00e1s conmovedoras de la pel\u00edcula son con isle\u00f1os, en su mayor\u00eda mujeres ancianas, que han sobrevivido, precariamente, en la pobreza.<\/span><\/p>\n<p style=\"text-align: justify;\"><span style=\"font-family: arial, helvetica, sans-serif; font-size: 14pt;\">Hoy en d\u00eda, la mayor de las Islas Marshall, <strong><em>Kwajalein<\/em><\/strong>, alberga una de las bases m\u00e1s secretas de Estados Unidos, una plataforma de lanzamiento de misiles dise\u00f1ada como un \u00ab<em>trampol\u00edn hacia Asia y m\u00e1s all\u00e1<\/em>\u00bb y dirigida a China.<\/span><\/p>\n<p style=\"text-align: justify;\"><span style=\"font-family: arial, helvetica, sans-serif; font-size: 14pt;\">El cap\u00edtulo 2 describe el notable aumento de China.\u00a0Utilizando una pel\u00edcula de archivo poco com\u00fan, <strong>Pilger<\/strong> describe \u00ab<em>el siglo de la humillaci\u00f3n<\/em>\u00ab, cuando los chinos eran descritos como el \u00ab<em>peligro amarillo<\/em>\u00bb en Occidente y los estereotipos raciales eran un elemento b\u00e1sico de Hollywood.\u00a0El autor <strong>James Bradley<\/strong> describe el comercio del opio y la colonizaci\u00f3n de Gran Breta\u00f1a y otras potencias imperiales.\u00a0\u00ab<em>La revoluci\u00f3n industrial estadounidense fue financiada por grandes cantidades de dinero &#8230; de drogas ilegales en el mercado m\u00e1s grande del mundo, China<\/em>\u00ab, dice.\u00a0<\/span><\/p>\n<p style=\"text-align: justify;\"><span style=\"font-family: arial, helvetica, sans-serif; font-size: 14pt;\">La revoluci\u00f3n comunista de 1949 marc\u00f3 el fin de la explotaci\u00f3n extranjera pero tambi\u00e9n, ir\u00f3nicamente, el comienzo de una China que casi ning\u00fan \u00abexperto\u00bb en Occidente hab\u00eda predicho.\u00a0\u00abHoy\u00bb, dice Pilger, de pie frente al horizonte ultramoderno de Shanghai, \u00ab<em>China ha igualado a Estados Unidos en su propio gran juego de capitalismo, y eso es imperdonable<\/em>\u00ab.<\/span><\/p>\n<p style=\"text-align: justify;\"><span style=\"font-family: arial, helvetica, sans-serif; font-size: 14pt;\">A cuatrocientas millas de distancia, en la isla japonesa de Okinawa, 32 instalaciones militares estadounidenses forman el frente de una guerra que se avecina con China.\u00a0<strong>Fumiko Shimabukuro<\/strong>, de 87 a\u00f1os, es una de las l\u00edderes de una resistencia no violenta que desaf\u00eda el \u00ab<em>giro hacia Asia<\/em>\u00bb de Washington.\u00a0Quieren las bases cerradas y se\u00f1alan una advertencia del pasado.\u00a0En 1962, durante la crisis de los misiles cubanos, un oficial que, al parecer, hab\u00eda perdido la raz\u00f3n orden\u00f3 el lanzamiento de misiles nucleares estadounidenses contra China, Rusia y Corea del Norte.\u00a0Solo la suerte, y la vigilancia de otro oficial, permitieron anular su momento de locura.\u00a0En una secuencia memorable, uno de los tripulantes de misiles de 1962 describe c\u00f3mo el mundo casi fue destruido \u00ab<em>por error<\/em>\u00ab.<\/span><\/p>\n<p style=\"text-align: justify;\"><span style=\"font-family: arial, helvetica, sans-serif; font-size: 14pt;\">En 2015, informa <strong>Pilger<\/strong>, la Marina de los EE. UU. Y sus aliados regionales, incluida Australia, ensayaron un bloqueo que cortar\u00eda la vida de China de petr\u00f3leo, comercio y materias primas.\u00a0Hoy, el presidente <strong>Trump<\/strong> est\u00e1 librando una guerra comercial contra China, donde tienen su sede las empresas m\u00e1s grandes de Estados Unidos, como Apple: la fuente de un d\u00e9ficit comercial por el cual China es catalogada, en el mundo de <strong>Trump<\/strong>, como el &#8216;<em>malo<\/em>&#8216;.\u00a0Mientras tanto, China ha construido pistas de aterrizaje militares en las disputadas <em>Islas Spratly<\/em>, en el Mar de China Meridional, y se informa que ha puesto sus misiles nucleares en \u00abalerta m\u00e1xima\u00bb.<\/span><\/p>\n<p style=\"text-align: justify;\"><span style=\"font-family: arial, helvetica, sans-serif; font-size: 14pt;\">T<strong>he Coming War on China<\/strong> se transmiti\u00f3 en ITV en el Reino Unido y SBS en Australia, y se vio en muchos otros pa\u00edses, incluida China, donde se mostr\u00f3 una versi\u00f3n pirateada a posiblemente su mayor audiencia.\u00a0\u201c<em>No es la forma m\u00e1s justa de distribuir una pel\u00edcula<\/em>\u201d, dijo <strong>Pilger<\/strong>, \u201c<em>pero estaba encantado.\u00a0Es necesario contar la verdadera historia de China y Estados Unidos, especialmente en Australia, donde, impulsada por Estados Unidos, una campa\u00f1a de propaganda contra China parece invitar a una reacci\u00f3n militar<\/em> \u201d.<\/span><\/p>\n<p>&nbsp;<\/p>\n<p><span style=\"font-size: 14pt;\"><strong><img loading=\"lazy\" decoding=\"async\" class=\"wp-image-2222807 aligncenter\" src=\"https:\/\/puntocritico.com\/ausajpuntocritico\/wp-content\/uploads\/2021\/08\/The_Coming_War_on_China-337785570-large-210x300.jpg\" alt=\"John Pilger\" width=\"320\" height=\"457\" data-id=\"2222807\" srcset=\"https:\/\/puntocritico.com\/ausajpuntocritico\/wp-content\/uploads\/2021\/08\/The_Coming_War_on_China-337785570-large-210x300.jpg 210w, https:\/\/puntocritico.com\/ausajpuntocritico\/wp-content\/uploads\/2021\/08\/The_Coming_War_on_China-337785570-large-717x1024.jpg 717w, https:\/\/puntocritico.com\/ausajpuntocritico\/wp-content\/uploads\/2021\/08\/The_Coming_War_on_China-337785570-large-768x1097.jpg 768w, https:\/\/puntocritico.com\/ausajpuntocritico\/wp-content\/uploads\/2021\/08\/The_Coming_War_on_China-337785570-large-610x871.jpg 610w, https:\/\/puntocritico.com\/ausajpuntocritico\/wp-content\/uploads\/2021\/08\/The_Coming_War_on_China-337785570-large.jpg 840w\" sizes=\"auto, (max-width: 320px) 100vw, 320px\" \/><\/strong><\/span><\/p>\n<blockquote>\n<h3 style=\"text-align: center;\"><span style=\"font-size: 18pt;\"><strong>FICHA TECNICA<\/strong><\/span><\/h3>\n<p style=\"text-align: center;\"><span style=\"font-size: 14pt;\">T\u00edtulo original<\/span><\/p>\n<p style=\"text-align: center;\"><span style=\"font-size: 14pt;\">The Coming War on China<\/span><\/p>\n<p style=\"text-align: center;\"><span style=\"font-size: 14pt;\">A\u00f1o 2016<\/span><\/p>\n<p style=\"text-align: center;\"><span style=\"font-size: 14pt;\">Duraci\u00f3n 110 min.<\/span><\/p>\n<p style=\"text-align: center;\"><span style=\"font-size: 14pt;\">Pa\u00eds Reino Unido<\/span><\/p>\n<p style=\"text-align: center;\"><span style=\"font-size: 14pt;\">Direcci\u00f3n<\/span><\/p>\n<p style=\"text-align: center;\"><span style=\"font-size: 14pt;\">John Pilger<\/span><\/p>\n<p style=\"text-align: center;\"><span style=\"font-size: 14pt;\">Guion John Pilger<\/span><\/p>\n<p style=\"text-align: center;\"><span style=\"font-size: 14pt;\">Reparto Documental<\/span><\/p>\n<p style=\"text-align: center;\"><span style=\"font-size: 14pt;\">Productora Dartmouth Films<\/span><\/p>\n<p style=\"text-align: center;\"><span style=\"font-size: 14pt;\">G\u00e9nero Documental | Pol\u00edtica<\/span><\/p>\n<p style=\"text-align: center;\"><span style=\"font-size: 14pt;\">Sinopsis<\/span><\/p>\n<p style=\"text-align: center;\"><span style=\"font-size: 14pt;\">El documental revela que la mayor potencia militar del mundo, los Estados Unidos y el segundo poder econ\u00f3mico del mundo, China, ambos con armas nucleares, est\u00e1n camino de la guerra. (<a href=\"https:\/\/www.filmaffinity.com\/es\/film112949.html\" target=\"_blank\" rel=\"noopener\" data-schema-attribute=\"\">FILMAFFINITY<\/a>)<\/span><\/p>\n<\/blockquote>\n<p>&nbsp;<\/p>\n<p><img loading=\"lazy\" decoding=\"async\" class=\"aligncenter wp-image-2222821\" src=\"https:\/\/puntocritico.com\/ausajpuntocritico\/wp-content\/uploads\/2021\/08\/coming-war-in-china-300x199.jpg\" alt=\"\" width=\"400\" height=\"266\" data-id=\"2222821\" srcset=\"https:\/\/puntocritico.com\/ausajpuntocritico\/wp-content\/uploads\/2021\/08\/coming-war-in-china-300x199.jpg 300w, https:\/\/puntocritico.com\/ausajpuntocritico\/wp-content\/uploads\/2021\/08\/coming-war-in-china-610x405.jpg 610w, https:\/\/puntocritico.com\/ausajpuntocritico\/wp-content\/uploads\/2021\/08\/coming-war-in-china-678x452.jpg 678w, https:\/\/puntocritico.com\/ausajpuntocritico\/wp-content\/uploads\/2021\/08\/coming-war-in-china.jpg 680w\" sizes=\"auto, (max-width: 400px) 100vw, 400px\" \/><\/p>\n<p style=\"text-align: center;\"><span style=\"color: #008000;\"><strong><span style=\"font-size: 18pt;\">*****<\/span><\/strong><\/span><\/p>\n<div class=\"review-user-nick\">\n<table style=\"border-collapse: collapse; width: 100%;\">\n<tbody>\n<tr>\n<td style=\"width: 100%; border-color: #000000; background-color: #fafcfb;\">\n<h3 style=\"text-align: center;\"><span style=\"font-size: 18pt;\"><em>H\u00e1blame de lo que me hab\u00edas dicho que me ibas a hablar<\/em><\/span><\/h3>\n<p>Por <a href=\"https:\/\/www.filmaffinity.com\/es\/user\/rating\/271052\/112949.html\" target=\"_blank\" rel=\"noopener\" data-schema-attribute=\"\">Kaliyuga<\/a><\/p>\n<p>\u00a013\/10\/2020<\/p>\n<p style=\"text-align: justify;\"><span style=\"font-size: 14pt; font-family: 'times new roman', times, serif;\">Cuando se va a la guerra lo principal que hay tener claro es que se declara la guerra para ganarla y tambi\u00e9n que se declara por algo. Ninguna de estas dos cuestiones quedan claras en el documental. Es m\u00e1s no se habla de ellas. En el documental aparecen una serie de cuestiones que definir\u00eda como de consecuencias del imperialismo, justicia con los pueblos abor\u00edgenes, movimientos antimilitaristas, consecuencias del crecimiento econ\u00f3mico de China&#8230; pero si se espera encontrar un an\u00e1lisis de las fuerzas militares de cada uno de los bandos y evoluci\u00f3n de su ingenier\u00eda militar para conocer cuando el poder militar de China supere al de EEUU (que no est\u00e1 cerca) no se da el caso. Es m\u00e1s aparecen muchos pol\u00edticos y expertos en la historia de estos pa\u00edses pero no aparecen militares ni analistas militares. Ni se habla de la ciberguerra que ya existe entre ambos pa\u00edses, ni de la carrera espacial china que puede estar superando a occidente tranquilamente, ni de como China est\u00e1 comprando tierras de cultivo en todo el mundo para sostener a su poblaci\u00f3n (y que la debilita estrat\u00e9gicamente en un supuesto enfrentamiento), ni que China es el mayor tenedor de deuda estadounidense de tal modo que podr\u00eda hacer quebrar a EEUU, ni de las bases militares que tiene China en Djbouti, Patagonia, Gwadar (Pakist\u00e1n) &#8230;<\/span><\/p>\n<p style=\"text-align: justify;\"><span style=\"font-size: 14pt; font-family: 'times new roman', times, serif;\">No me quiero extender pero creo que queda claro que como trabajo de prospectiva de un posible conflicto militar este trabajo documental est\u00e1 muy flojo. Las historias que se cuentan merecen ser contadas, pero poco tienen que ver con una escalada militar y la preparaci\u00f3n para la guerra.<\/span><\/p>\n<p style=\"text-align: justify;\"><span style=\"font-size: 14pt; font-family: 'times new roman', times, serif;\">John Pilger es un conocido y multipremiado periodista de investigaci\u00f3n cuyos trabajos se suelen centrar en la cr\u00edtica de las pol\u00edticas occidentales y los abusos que se cometen sobre el mundo en desarrollo, las guerras imperialistas o las dictaduras patrocinadas por occidente para proteger sus intereses econ\u00f3micos pero en general me parece que como documentalista no enfoca bien sus trabajos.<\/span><\/p>\n<p style=\"text-align: justify;\"><span style=\"font-size: 14pt; font-family: 'times new roman', times, serif;\">As\u00ed y todo en esta web sus documentales tienen unas puntuaciones excelentes. Total, si quieres informarte un poco de las actividades de EEUU en la zona ASEAN est\u00e1 bien, si quieres enterarte de lo que hace China no te vas a enterar de demasiadas cosas.<\/span><\/p>\n<\/td>\n<\/tr>\n<\/tbody>\n<\/table>\n<\/div>\n<p style=\"text-align: center;\"><span style=\"color: #008000;\"><strong><span style=\"font-size: 18pt;\">*******<\/span><\/strong><\/span><\/p>\n<blockquote class=\"wp-embedded-content\" data-secret=\"oumgXk0C06\"><p><a href=\"https:\/\/puntocritico.com\/ausajpuntocritico\/2024\/01\/06\/fallece-john-pilger\/\">FALLECE JOHN PILGER. Documental: &#8220;Palestina todav\u00eda es la cuesti\u00f3n&#8221; (John Pilger, 2002)<\/a><\/p><\/blockquote>\n<p><iframe loading=\"lazy\" class=\"wp-embedded-content\" sandbox=\"allow-scripts\" security=\"restricted\" style=\"position: absolute; visibility: hidden;\" title=\"\u00abFALLECE JOHN PILGER. Documental: &#8220;Palestina todav\u00eda es la cuesti\u00f3n&#8221; (John Pilger, 2002)\u00bb \u2014 Punto Cr\u00edtico Derechos Humanos\" src=\"https:\/\/puntocritico.com\/ausajpuntocritico\/2024\/01\/06\/fallece-john-pilger\/embed\/#?secret=5HeppMjJK7#?secret=oumgXk0C06\" data-secret=\"oumgXk0C06\" width=\"500\" height=\"282\" frameborder=\"0\" marginwidth=\"0\" marginheight=\"0\" scrolling=\"no\"><\/iframe><\/p>\n<p style=\"text-align: center;\"><strong><span style=\"color: #008000; font-size: 18pt;\">*******<\/span><\/strong><\/p>\n<p><span class=\"xl-detail-entry-report__prev-title\" style=\"color: #339966; font-size: 14pt;\">TERCERA GUERRA MUNDIAL<\/span><\/p>\n<h2 class=\"xl-detail-entry-report__title\" style=\"text-align: center;\"><strong><span style=\"font-size: 24pt;\">LA INQUIETANTE PROFEC\u00cdA DE UN ALMIRANTE DE ESTADOS UNIDOS<\/span><\/strong><\/h2>\n<p class=\"voc-content-report__subtitle\" style=\"text-align: center;\"><strong><span style=\"font-size: 14pt;\"><em>Es una posibilidad cada vez m\u00e1s realista: un enfrentamiento militar entre\u00a0Estados Unidos y China. El punto caliente: el mar de la China Meridional. El almirante James Stavridis, antiguo comandante supremo de la OTAN en Europa, conoce bien ese polvor\u00edn y ha escrito una novela sobre la Tercera Guerra Mundial. \u00abTemo que sea una profec\u00eda autocumplida\u00bb.<\/em><\/span><\/strong><\/p>\n<p class=\"xl-detail-entry-report__title\" style=\"text-align: justify;\"><span style=\"font-size: 14pt;\"><span class=\"voc-content-report__author-signature\">Por Bernhardzan Zand\u00a0<\/span><\/span><\/p>\n<p style=\"text-align: justify;\"><a href=\"https:\/\/www.abc.es\/xlsemanal\/personajes\/tercera-guerra-mundial-texto-ok-publicar.html\" target=\"_blank\" rel=\"noopener\" data-schema-attribute=\"\"><span style=\"font-size: 14pt;\">XL Semanal<\/span><\/a><\/p>\n<figure id=\"attachment_2222746\" aria-describedby=\"caption-attachment-2222746\" style=\"width: 550px\" class=\"wp-caption aligncenter\"><img loading=\"lazy\" decoding=\"async\" class=\"wp-image-2222746\" src=\"https:\/\/puntocritico.com\/ausajpuntocritico\/wp-content\/uploads\/2021\/08\/Almirante-USA.jpg\" alt=\"\" width=\"550\" height=\"414\" data-id=\"2222746\" srcset=\"https:\/\/puntocritico.com\/ausajpuntocritico\/wp-content\/uploads\/2021\/08\/Almirante-USA.jpg 931w, https:\/\/puntocritico.com\/ausajpuntocritico\/wp-content\/uploads\/2021\/08\/Almirante-USA-300x226.jpg 300w, https:\/\/puntocritico.com\/ausajpuntocritico\/wp-content\/uploads\/2021\/08\/Almirante-USA-768x577.jpg 768w, https:\/\/puntocritico.com\/ausajpuntocritico\/wp-content\/uploads\/2021\/08\/Almirante-USA-610x459.jpg 610w, https:\/\/puntocritico.com\/ausajpuntocritico\/wp-content\/uploads\/2021\/08\/Almirante-USA-678x509.jpg 678w, https:\/\/puntocritico.com\/ausajpuntocritico\/wp-content\/uploads\/2021\/08\/Almirante-USA-326x245.jpg 326w, https:\/\/puntocritico.com\/ausajpuntocritico\/wp-content\/uploads\/2021\/08\/Almirante-USA-80x60.jpg 80w\" sizes=\"auto, (max-width: 550px) 100vw, 550px\" \/><figcaption id=\"caption-attachment-2222746\" class=\"wp-caption-text\"><span style=\"color: #008000;\">Almirante James Stavridis, antiguo comandante supremo de la OTAN en Europa<\/span><\/figcaption><\/figure>\n<p>&nbsp;<\/p>\n<p class=\"voc-paragraph\" style=\"text-align: justify;\"><span style=\"font-size: 14pt;\">El 12 de marzo de 2034, la oficial al mando de un destructor estadounidense en el Pac\u00edfico occidental atisba un pesquero en llamas. Tras unos momentos de indecisi\u00f3n cambia de rumbo y se dirige hacia \u00e9l por orden de sus superiores. Arranca as\u00ed una cadena de acontecimientos que terminan en una guerra entre Estados Unidos y China\u00a0y en el uso de armas nucleares. Esta es la trama de<em>\u00a02034<\/em>, una novela de la pr\u00f3xima guerra mundial. Los autores son el escritor y veterano de Afganist\u00e1n Elliot Ackerman, de 41 a\u00f1os, y el militar James Stavridis, de 66.<\/span><\/p>\n<p class=\"voc-paragraph\" style=\"text-align: justify;\"><span style=\"font-size: 14pt;\">El propio Stavridis comand\u00f3 un grupo de destructores en el Pac\u00edfico occidental antes de ascender a almirante de cuatro estrellas y asumir el mando supremo de las tropas de la OTAN en Europa. Su nombre se baraj\u00f3 como candidato a la Vicepresidencia con Hillary Clinton y tambi\u00e9n como secretario de Estado de Donald Trump, aunque finalmente ha acabado haciendo carrera como analista pol\u00edtico.<\/span><\/p>\n<p class=\"voc-paragraph\" style=\"text-align: justify;\"><span style=\"font-size: 14pt;\"><strong>XLSemanal. \u00bfHay peligro real de guerra entre China y Estados Unidos?<\/strong><\/span><\/p>\n<p class=\"voc-paragraph\" style=\"text-align: justify;\"><span style=\"font-size: 14pt;\"><strong>James Stavridis.<\/strong>\u00a0Una de las reacciones m\u00e1s habituales que estamos recibiendo con la novela es: buen libro, fecha equivocada. Militares de alto rango que me dicen: \u00abNada de 2034, ser\u00e1 m\u00e1s bien en 2024 o 2026. La guerra llegar\u00e1 antes\u00bb. Se empieza a hablar abiertamente de esa posibilidad. Estados Unidos y China tienen unidades navales y a\u00e9reas en el mar de la China Meridional, y a veces pasan muy cerca unas de otras.<\/span><\/p>\n<p class=\"voc-paragraph\" style=\"text-align: justify;\"><span style=\"font-size: 14pt;\"><strong>XL. Y los dos pa\u00edses acumulan muchos conflictos pol\u00edticos\u2026<\/strong><\/span><\/p>\n<p class=\"voc-paragraph\" style=\"text-align: justify;\"><span style=\"font-size: 14pt;\"><strong>J.S.<\/strong>\u00a0As\u00ed es. Por Taiw\u00e1n, por las reclamaciones de soberan\u00eda en el mar de la China Meridional, por la vulneraci\u00f3n de los derechos humanos en China\u2026 la lista es larga. Se dice que los cr\u00edmenes ocurren cuando hay motivo y oportunidad; pues bien, en el mar de la China Meridional tenemos ambos. El motivo: los muchos puntos en disputa. La oportunidad, las potentes flotas de guerra desplegadas en la regi\u00f3n.<\/span><\/p>\n<p style=\"text-align: justify;\">\u00a0<\/p>\n<figure id=\"attachment_2222747\" aria-describedby=\"caption-attachment-2222747\" style=\"width: 440px\" class=\"wp-caption aligncenter\"><img loading=\"lazy\" decoding=\"async\" class=\"wp-image-2222747\" src=\"https:\/\/puntocritico.com\/ausajpuntocritico\/wp-content\/uploads\/2021\/08\/almirante-james-stavridis-la-guerra-contra-china-empezara-en-2026-islas-Spratly.jpg\" alt=\"\" width=\"440\" height=\"440\" data-id=\"2222747\" srcset=\"https:\/\/puntocritico.com\/ausajpuntocritico\/wp-content\/uploads\/2021\/08\/almirante-james-stavridis-la-guerra-contra-china-empezara-en-2026-islas-Spratly.jpg 624w, https:\/\/puntocritico.com\/ausajpuntocritico\/wp-content\/uploads\/2021\/08\/almirante-james-stavridis-la-guerra-contra-china-empezara-en-2026-islas-Spratly-300x300.jpg 300w, https:\/\/puntocritico.com\/ausajpuntocritico\/wp-content\/uploads\/2021\/08\/almirante-james-stavridis-la-guerra-contra-china-empezara-en-2026-islas-Spratly-150x150.jpg 150w, https:\/\/puntocritico.com\/ausajpuntocritico\/wp-content\/uploads\/2021\/08\/almirante-james-stavridis-la-guerra-contra-china-empezara-en-2026-islas-Spratly-610x610.jpg 610w\" sizes=\"auto, (max-width: 440px) 100vw, 440px\" \/><figcaption id=\"caption-attachment-2222747\" class=\"wp-caption-text\"><span style=\"color: #008000;\">Las islas Spratly, en disputa, son un conjunto de islotes y arrecifes cuyas aguas son ricas en pesca, gas y petr\u00f3leo. MAXAR<\/span><\/figcaption><\/figure>\n<p>&nbsp;<\/p>\n<p class=\"voc-paragraph\" style=\"text-align: justify;\"><span style=\"font-size: 14pt;\"><strong>XL. El polit\u00f3logo de Harvard Graham Allison advierte que se puede repetir lo que se llama\u00a0\u2018la trampa de Tuc\u00eddides\u2019: cuando una gran potencia se acerca al nivel de otra potencia hegem\u00f3nica, la cosa casi siempre termina en guerra.<\/strong><\/span><\/p>\n<p class=\"voc-paragraph\" style=\"text-align: justify;\"><span style=\"font-size: 14pt;\"><strong>J.S.<\/strong>\u00a0Este debate me produce mucha inquietud. Allison se remonta a la Grecia cl\u00e1sica, a Atenas y Esparta, para describir lo que ocurre cuando un poder asentado se ve desafiado por otro ascendente. Pero no hay que irse tan lejos. Cuando las potencias enfrentadas fueron los imperios brit\u00e1nico y alem\u00e1n, el resultado fue la Primera Guerra Mundial. No hemos escrito\u00a0<em>2034<\/em>\u00a0para provocar un conflicto, sino para advertir de su posibilidad y tratar de impedir que el mundo se deslice hacia otra gran guerra.<\/span><\/p>\n<p class=\"voc-paragraph\" style=\"text-align: justify;\"><span style=\"font-size: 14pt;\"><strong>XL. Su libro, como usted mismo ha dicho, est\u00e1 pensado para \u00abasustar\u00bb al lector\u2026 y sin duda lo consigue. \u00bfPuede convertirse en una profec\u00eda cumplida?<\/strong><\/span><\/p>\n<p class=\"voc-paragraph\" style=\"text-align: justify;\"><span style=\"font-size: 14pt;\"><strong>J.S.<\/strong>\u00a0Totalmente. Yo comand\u00e9 una flotilla de destructores en el mar de la China Meridional y conozco las condiciones en las que se opera all\u00ed.<\/span><\/p>\n<p class=\"voc-paragraph\" style=\"text-align: justify;\"><span style=\"font-size: 14pt;\"><strong>XL. En su novela, China es una ciberpotencia que logra paralizar Estados Unidos recurriendo a la tecnolog\u00eda. En el mundo real, el gasto militar estadounidense es tres veces mayor que el chino. \u00bfEs realista pensar en un predominio militar de Pek\u00edn?<\/strong><\/span><\/p>\n<p class=\"voc-paragraph\" style=\"text-align: justify;\"><span style=\"font-size: 14pt;\"><strong>J.S.<\/strong>\u00a0En primer lugar, \u00bfqui\u00e9n pudo anticipar los atentados del 11-S o los 20 a\u00f1os de guerra en Afganist\u00e1n o la pandemia actual? La gente tiende a imaginarse el futuro parecido al presente, pero surgen imponderables y sorpresas.<\/span><\/p>\n<p class=\"voc-paragraph\" style=\"text-align: justify;\"><span style=\"font-size: 14pt;\"><strong>XL. \u00bfY en segundo lugar?<\/strong><\/span><\/p>\n<p class=\"voc-paragraph\" style=\"text-align: justify;\"><span style=\"font-size: 14pt;\"><strong>J.S.<\/strong> China est\u00e1 invirtiendo su dinero de forma muy inteligente y focalizada, y no solo en ciberarmas, tambi\u00e9n en su programa espacial, en misiles supers\u00f3nicos y en tecnolog\u00eda de camuflaje. Ha visto c\u00f3mo Estados Unidos se gastaba billones de d\u00f3lares en Irak y Afganist\u00e1n, y se ha dicho: no, nosotros no nos vamos a enredar en guerras de ese tipo, vamos a invertir con criterio.<\/span><\/p>\n<p>&nbsp;<\/p>\n<figure id=\"attachment_2222748\" aria-describedby=\"caption-attachment-2222748\" style=\"width: 360px\" class=\"wp-caption aligncenter\"><img loading=\"lazy\" decoding=\"async\" class=\"wp-image-2222748\" src=\"https:\/\/puntocritico.com\/ausajpuntocritico\/wp-content\/uploads\/2021\/08\/almirante-james-stavridis-la-guerra-contra-china-empezara-en-2026-cohete-long-march-11.jpg\" alt=\"war on China\" width=\"360\" height=\"540\" data-id=\"2222748\" srcset=\"https:\/\/puntocritico.com\/ausajpuntocritico\/wp-content\/uploads\/2021\/08\/almirante-james-stavridis-la-guerra-contra-china-empezara-en-2026-cohete-long-march-11.jpg 624w, https:\/\/puntocritico.com\/ausajpuntocritico\/wp-content\/uploads\/2021\/08\/almirante-james-stavridis-la-guerra-contra-china-empezara-en-2026-cohete-long-march-11-200x300.jpg 200w, https:\/\/puntocritico.com\/ausajpuntocritico\/wp-content\/uploads\/2021\/08\/almirante-james-stavridis-la-guerra-contra-china-empezara-en-2026-cohete-long-march-11-610x915.jpg 610w\" sizes=\"auto, (max-width: 360px) 100vw, 360px\" \/><figcaption id=\"caption-attachment-2222748\" class=\"wp-caption-text\"><span style=\"color: #008000;\">En septiembre pasado, China lanz\u00f3 el cohete Long March 11 desde el mar Amarillo. \u201cChina -dice Stavridis-est\u00e1 invirtiendo no solo en ciberarmas, tambi\u00e9n en su programa espacial, en misiles supers\u00f3nicos y en tecnolog\u00eda de camuflaje. Una inversi\u00f3n muy inteligente y focalizada\u201d. GETTY IMAGES<\/span><\/figcaption><\/figure>\n<p>&nbsp;<\/p>\n<p class=\"voc-paragraph\" style=\"text-align: justify;\"><span style=\"font-size: 14pt;\"><strong>XL. \u00bfHabr\u00e1 conversaciones entre las dos potencias para controlar los arsenales cibern\u00e9ticos como las hubo durante la Guerra Fr\u00eda?<\/strong><\/span><\/p>\n<p class=\"voc-paragraph\" style=\"text-align: justify;\"><span style=\"font-size: 14pt;\"><strong>J.S.<\/strong>\u00a0S\u00ed, y debemos empezar ya, cuanto antes. Las\u00a0ciberarmas\u00a0pueden paralizar el suministro de electricidad o de agua de pa\u00edses enteros, y tambi\u00e9n los transportes, y las finanzas. Ha llegado el momento de que Washington, Mosc\u00fa y Pek\u00edn hablen del tema. El desarme nuclear es un modelo razonable, pero es mucho m\u00e1s dif\u00edcil identificar el origen de un ciberataque que rastrear la trayectoria de un misil. Y, por desgracia, la tecnolog\u00eda cibern\u00e9tica es mucho m\u00e1s sencilla que construir bombas at\u00f3micas.<\/span><\/p>\n<p>&nbsp;<\/p>\n<div class=\"voc-detail__cmp\">\n<div class=\"voc-summary\">\n<p class=\"voc-summary__title\" style=\"text-align: center;\"><span style=\"color: #008000;\"><strong><span style=\"font-size: 14pt;\">\u201cChina est\u00e1 construyendo una flota gigantesca. Ya tiene m\u00e1s buques de guerra que Estados Unidos. Ser\u00eda ingenuo cerrar los ojos y decir que no es un problema\u201d<\/span><\/strong><\/span><\/p>\n<\/div>\n<\/div>\n<p>&nbsp;<\/p>\n<p class=\"voc-paragraph\" style=\"text-align: justify;\"><span style=\"font-size: 14pt;\"><strong>XL. Pek\u00edn asegura que solo quiere controlar su entorno inmediato, es decir, el mar de la China Meridional, igual que Estados Unidos con el Caribe. \u00bfQu\u00e9 pruebas contradicen ese argumento?<\/strong><\/span><\/p>\n<p class=\"voc-paragraph\" style=\"text-align: justify;\"><span style=\"font-size: 14pt;\"><strong>J.S.<\/strong>\u00a0Estados Unidos nunca ha planteado reclamaciones territoriales ni en el Caribe ni en las costas de Sudam\u00e9rica. S\u00ed hemos dejado patente que lo consideramos un entorno inmediato y que somos una potencia militar fuerte en la regi\u00f3n, pero no hemos reclamado la soberan\u00eda sobre sus aguas. Sin embargo, China s\u00ed lo est\u00e1 haciendo. El mar de la China Meridional es casi tan grande como toda Europa Occidental. Si le decimos a Pek\u00edn: \u00abVale, pod\u00e9is quedaros con \u00e9l\u00bb, ser\u00eda un desastre y el fin del derecho mar\u00edtimo internacional. Otros pa\u00edses har\u00edan lo mismo. Esa es la prueba n\u00famero uno en este juicio.<\/span><\/p>\n<p class=\"voc-paragraph\" style=\"text-align: justify;\"><span style=\"font-size: 14pt;\"><strong>XL.\u00a0<\/strong><strong>\u00bfY la prueba n\u00famero dos?<\/strong><\/span><\/p>\n<p class=\"voc-paragraph\" style=\"text-align: justify;\"><span style=\"font-size: 14pt;\"><strong>J.S.<\/strong>\u00a0China est\u00e1 construyendo una flota gigantesca. Ya tiene m\u00e1s buques de guerra que Estados Unidos. Si de verdad solo quieren patrullar por el mar de la China Meridional, \u00bfpor qu\u00e9 construyen submarinos y portaviones nucleares? \u00bfPor qu\u00e9 env\u00edan barcos al B\u00e1ltico y al Mediterr\u00e1neo? \u00bfPor qu\u00e9 levantan una base en el Cuerno de \u00c1frica?<\/span><\/p>\n<p class=\"voc-paragraph\" style=\"text-align: justify;\"><span style=\"font-size: 14pt;\"><strong>XL. China tiene tres bases en el extranjero; Estados Unidos, 800.<\/strong><\/span><\/p>\n<p class=\"voc-paragraph\" style=\"text-align: justify;\"><span style=\"font-size: 14pt;\"><strong>J.S.<\/strong>\u00a0La mayor parte de nuestra infraestructura militar global est\u00e1 donde est\u00e1 porque as\u00ed lo quieren nuestros aliados. Tras la Segunda Guerra Mundial creamos una red de aliados. Nos resulta muy cara, pero nuestros amigos quieren que estemos ah\u00ed. Y, en cuanto a esa cifra de 800 bases que ha citado usted, solo hay 50 de envergadura, que tengan capacidad para varios miles de soldados.<\/span><\/p>\n<p class=\"voc-paragraph\" style=\"text-align: justify;\"><span style=\"font-size: 14pt;\"><strong>XL. Pero es mucho m\u00e1s de lo que tiene cualquier otro ej\u00e9rcito.<\/strong><\/span><\/p>\n<p class=\"voc-paragraph\" style=\"text-align: justify;\"><span style=\"font-size: 14pt;\"><strong>J.S.<\/strong>\u00a0En realidad, China cuenta con muchas bases repartidas por todo el mundo. No tiene bases militares, pero s\u00ed controla puertos, como, por ejemplo, en Sri Lanka. Adem\u00e1s, Pek\u00edn acaba de cerrar un importante acuerdo de cooperaci\u00f3n con Ir\u00e1n.<\/span><\/p>\n<p class=\"voc-paragraph\" style=\"text-align: justify;\"><span style=\"font-size: 14pt;\"><strong>XL. Pek\u00edn quiere estrechar lazos con Teher\u00e1n. \u00bfChina est\u00e1 copiando el modelo de Estados Unidos?<\/strong><\/span><\/p>\n<p class=\"voc-paragraph\" style=\"text-align: justify;\"><span style=\"font-size: 14pt;\"><strong>J.S.<\/strong>\u00a0Lo que es seguro es que ha tomado buena nota de lo que ha hecho Estados Unidos durante estas \u00faltimas d\u00e9cadas. Cuando Pek\u00edn dice que no tiene una tradici\u00f3n de control global, puede que sea cierto desde un punto de vista hist\u00f3rico. Pero lo que est\u00e1 haciendo contradice esa afirmaci\u00f3n. Y nos alarma. Cuando el\u00a0presidente Xi Jinping\u00a0explica d\u00f3nde quiere estar China a mediados de siglo, suena a presencia internacional relevante. Eso no significa que tengamos que ir a la guerra, pero ser\u00eda ingenuo cerrar los ojos y decir que China no es un problema.<\/span><\/p>\n<p>&nbsp;<\/p>\n<div class=\"voc-detail__cmp\">\n<div class=\"voc-summary\">\n<blockquote>\n<p class=\"voc-summary__title\" style=\"text-align: center;\"><span style=\"color: #008000;\"><strong><span style=\"font-size: 14pt;\">\u201cCon China no hay un \u2018tel\u00e9fono rojo\u2019 como entre Estados Unidos y la Uni\u00f3n Sovi\u00e9tica durante la Guerra Fr\u00eda. Eso rebajar\u00eda la tensi\u00f3n en una situaci\u00f3n caliente\u201d<\/span><\/strong><\/span><\/p>\n<\/blockquote>\n<\/div>\n<\/div>\n<p>&nbsp;<\/p>\n<p class=\"voc-paragraph\" style=\"text-align: justify;\"><span style=\"font-size: 14pt;\"><strong>XL. Usted fue comandante jefe de la OTAN en Europa. \u00bfOccidente necesita una alianza en el Pac\u00edfico para mantener a China en jaque?<\/strong><\/span><\/p>\n<p class=\"voc-paragraph\" style=\"text-align: justify;\"><span style=\"font-size: 14pt;\"><strong>J.S.<\/strong>\u00a0No creo que Asia re\u00fana las condiciones para crear una estructura como la OTAN. Pero pueden crearse foros -como el Quad, integrado por Estados Unidos, Jap\u00f3n, la India y Australia- que act\u00faen como contrapeso a una China en ascenso. Todos miramos a China con preocupaci\u00f3n: la India, por los recientes sucesos en el Himalaya; Jap\u00f3n, por sus disputas territoriales en el mar de China; Australia, por las agresivas pr\u00e1cticas comerciales chinas. Pero no creo que debamos crear una OTAN asi\u00e1tica. Ser\u00eda lanzarle un mensaje demasiado provocador a China.<\/span><\/p>\n<div class=\"voc-img-container\">\u00a0<\/div>\n<div>\n<figure id=\"attachment_2222749\" aria-describedby=\"caption-attachment-2222749\" style=\"width: 400px\" class=\"wp-caption aligncenter\"><img loading=\"lazy\" decoding=\"async\" class=\"wp-image-2222749\" src=\"https:\/\/puntocritico.com\/ausajpuntocritico\/wp-content\/uploads\/2021\/08\/almirante-james-stavridis-la-guerra-contra-china-empezara-en-2026-esposa.jpg\" alt=\"\" width=\"400\" height=\"477\" data-id=\"2222749\" srcset=\"https:\/\/puntocritico.com\/ausajpuntocritico\/wp-content\/uploads\/2021\/08\/almirante-james-stavridis-la-guerra-contra-china-empezara-en-2026-esposa.jpg 624w, https:\/\/puntocritico.com\/ausajpuntocritico\/wp-content\/uploads\/2021\/08\/almirante-james-stavridis-la-guerra-contra-china-empezara-en-2026-esposa-252x300.jpg 252w, https:\/\/puntocritico.com\/ausajpuntocritico\/wp-content\/uploads\/2021\/08\/almirante-james-stavridis-la-guerra-contra-china-empezara-en-2026-esposa-610x727.jpg 610w\" sizes=\"auto, (max-width: 400px) 100vw, 400px\" \/><figcaption id=\"caption-attachment-2222749\" class=\"wp-caption-text\"><span style=\"color: #008000;\">Stavridis con su esposa, Laura Hall. La mayor de sus hijas, Christina Anne, est\u00e1 casada con un m\u00e9dico estadounidense de origen chino. CORDON<\/span><\/figcaption><\/figure>\n<\/div>\n<div>\u00a0<\/div>\n<p class=\"voc-paragraph\" style=\"text-align: justify;\"><span style=\"font-size: 14pt;\"><strong>XL. \u00bfC\u00f3mo se puede poner fin a la escalada actual?<\/strong><\/span><\/p>\n<p class=\"voc-paragraph\" style=\"text-align: justify;\"><span style=\"font-size: 14pt;\"><strong>J.S.<\/strong>\u00a0Eso da para otra entrevista. Pero necesitamos m\u00e1s mecanismos de comunicaci\u00f3n. Por ejemplo, no tenemos un \u2018tel\u00e9fono rojo\u2019, como ten\u00edan Estados Unidos y la Uni\u00f3n Sovi\u00e9tica en la Guerra Fr\u00eda. Tampoco hay un acuerdo sobre c\u00f3mo regular los incidentes en altamar.<\/span><\/p>\n<p class=\"voc-paragraph\" style=\"text-align: justify;\"><span style=\"font-size: 14pt;\"><strong>XL. Son medidas que tambi\u00e9n servir\u00edan para rebajar la tensi\u00f3n sobre las personas involucradas en esos incidentes.<\/strong><\/span><\/p>\n<p class=\"voc-paragraph\" style=\"text-align: justify;\"><span style=\"font-size: 14pt;\"><strong>J.S.<\/strong>\u00a0Los militares que pilotan esos aviones o comandan esos barcos son muy j\u00f3venes, muchos de solo 20 o 30 a\u00f1os. Yo ten\u00eda 36 cuando me dieron el mando de un destructor, y era el oficial de m\u00e1s edad a bordo. Estos j\u00f3venes necesitan l\u00edmites y controles, y sus superiores, una l\u00ednea de comunicaci\u00f3n directa con el otro bando para rebajar la tensi\u00f3n en una situaci\u00f3n caliente.<\/span><\/p>\n<p class=\"voc-paragraph\" style=\"text-align: justify;\"><span style=\"font-size: 14pt;\"><strong>XL. La pandemia y el aislamiento de las dos superpotencias parecen haber bloqueado muchos de los canales de comunicaci\u00f3n entre las dos potencias.<\/strong><\/span><\/p>\n<p class=\"voc-paragraph\" style=\"text-align: justify;\"><span style=\"font-size: 14pt;\"><strong>J.S.<\/strong>\u00a0S\u00ed, y eso afecta a nuestras relaciones econ\u00f3micas, los intercambios culturales, acad\u00e9micos y sociales\u2026 En mi caso, tambi\u00e9n tiene una nota personal; mi hija mayor est\u00e1 casada con un ciudadano estadounidense de origen chino, m\u00e9dico de profesi\u00f3n. La pandemia ha acentuado las tensiones. A mi yerno le gritan e insultan por la calle porque tiene rasgos asi\u00e1ticos. En el servicio de urgencias donde trabaja hay pacientes que no quieren que los atiendan asi\u00e1ticos, por lo de la \u2018gripe china\u2019, como algunos llaman al coronavirus.<\/span><\/p>\n<p class=\"voc-paragraph\" style=\"text-align: justify;\"><span style=\"font-size: 14pt;\">En septiembre pasado, China lanz\u00f3 el cohete Long March 11 desde el mar Amarillo. \u00abChina -dice Stavridis- est\u00e1 invirtiendo no solo en ciberarmas, tambi\u00e9n en su programa espacial, en misiles supers\u00f3nicos y en tecnolog\u00eda de camuflaje. Una inversi\u00f3n muy inteligente y focalizada\u00bb.<\/span><\/p>\n<div class=\"voc-detail__cmp \">\n<div class=\"voc-headline-secondary\">\n<p class=\"voc-headline-secondary__title\" style=\"text-align: justify;\"><strong><span style=\"font-size: 14pt;\">El mar m\u00e1s disputado del mundo<\/span><\/strong><\/p>\n<\/div>\n<\/div>\n<p class=\"voc-paragraph\" style=\"text-align: justify;\"><span style=\"font-size: 14pt;\">La soberan\u00eda del mar Meridional enfrenta a China con Taiw\u00e1n, Vietnam, Filipinas, Malasia y Brun\u00e9i, casi todos aliados de EE.UU. El conflicto se centra en las islas Paracelso y Spratly. La propiedad de estos archipi\u00e9lagos dar\u00eda libertad a su due\u00f1o para explotar sus aguas territoriales, ricas en pesca e hidrocarburos. Cada pa\u00eds reclama una parte, excepto Pek\u00edn que lo quiere todo. De hecho, ya ocup\u00f3 ambos archipi\u00e9lagos -hoy en aguas internacionales- y reclama \u00edntegro el mar en base a una demarcaci\u00f3n de nueve puntos que aparece en mapas de su \u00faltima dinast\u00eda imperial. La zona es, adem\u00e1s, un gran eje del tr\u00e1fico internacional de mercanc\u00edas. Un tercio del transporte mundial pasa por aqu\u00ed.<\/span><\/p>\n<div class=\"voc-img-container\">\u00a0<\/div>\n<div>\n<figure id=\"attachment_2222750\" aria-describedby=\"caption-attachment-2222750\" style=\"width: 680px\" class=\"wp-caption aligncenter\"><img loading=\"lazy\" decoding=\"async\" class=\"wp-image-2222750\" src=\"https:\/\/puntocritico.com\/ausajpuntocritico\/wp-content\/uploads\/2021\/08\/almirante-james-stavridis-la-guerra-contra-china-empezara-en-2026-mapa.jpg\" alt=\"\" width=\"680\" height=\"453\" data-id=\"2222750\" srcset=\"https:\/\/puntocritico.com\/ausajpuntocritico\/wp-content\/uploads\/2021\/08\/almirante-james-stavridis-la-guerra-contra-china-empezara-en-2026-mapa.jpg 624w, https:\/\/puntocritico.com\/ausajpuntocritico\/wp-content\/uploads\/2021\/08\/almirante-james-stavridis-la-guerra-contra-china-empezara-en-2026-mapa-300x200.jpg 300w, https:\/\/puntocritico.com\/ausajpuntocritico\/wp-content\/uploads\/2021\/08\/almirante-james-stavridis-la-guerra-contra-china-empezara-en-2026-mapa-610x407.jpg 610w\" sizes=\"auto, (max-width: 680px) 100vw, 680px\" \/><figcaption id=\"caption-attachment-2222750\" class=\"wp-caption-text\"><span style=\"color: #008000;\">1. Jap\u00f3n, China y Taiw\u00e1n reclaman estas islas, que se encuentran bajo administraci\u00f3n japonesa desde 1972. 2. China, Taiw\u00e1n y Vietnam reclaman el archipi\u00e9lago: Malasia y Filipinas s\u00f3lo una parte. Brun\u00e9i no las reclama, pero ha ocupado varios arrecifes. DATOS DEL INFORME 2020 CHINA MILITARY POWER DEL PENT\u00c1GONO.<\/span><\/figcaption><\/figure>\n<\/div>\n<div style=\"text-align: center;\"><span style=\"color: #008000;\"><strong><span style=\"font-size: 18pt;\">*******<\/span><\/strong><\/span><\/div>\n<div>\n<h2 style=\"text-align: center;\"><span style=\"font-size: 24pt;\"><strong>QU\u00c9 ES \u201cLA TRAMPA DE TUC\u00cdDIDES\u201d POR LA QUE SE TEME QUE ESTALLE UNA GUERRA ENTRE EE.UU. Y CHINA<\/strong><\/span><\/h2>\n<p style=\"text-align: justify;\"><span style=\"font-size: 14pt;\"><a href=\"http:\/\/www.bbc.com\/mundo\/noticias-40974871\" target=\"_blank\" rel=\"noopener\" data-schema-attribute=\"\">BBC Mundo<\/a> -20 agosto 2017<\/span><\/p>\n<figure id=\"attachment_5183\" class=\"wp-caption aligncenter\" aria-describedby=\"caption-attachment-5183\">\n<figure id=\"attachment_5183\" aria-describedby=\"caption-attachment-5183\" style=\"width: 480px\" class=\"wp-caption aligncenter\"><a href=\"https:\/\/puntocritico.com\/ausajpuntocritico\/wp-content\/uploads\/2017\/09\/EEUU.jpg\" rel=\"lightbox[5172]\"><img loading=\"lazy\" decoding=\"async\" class=\"wp-image-5183\" src=\"https:\/\/puntocritico.com\/ausajpuntocritico\/wp-content\/uploads\/2017\/09\/EEUU.jpg\" sizes=\"auto, (max-width: 660px) 100vw, 660px\" srcset=\"https:\/\/puntocritico.com\/ausajpuntocritico\/wp-content\/uploads\/2017\/09\/EEUU.jpg 660w, https:\/\/puntocritico.com\/ausajpuntocritico\/wp-content\/uploads\/2017\/09\/EEUU-300x169.jpg 300w\" alt=\"war on China\" width=\"480\" height=\"270\" \/><\/a><figcaption id=\"caption-attachment-5183\" class=\"wp-caption-text\"><span style=\"color: #008000;\">\u00bfA qu\u00e9 se refieren los expertos cuando dicen que EE.UU. y China deben evitar caer en la trampa de Tuc\u00eddides?<\/span><\/figcaption><\/figure><br \/>\n<\/figure>\n<p style=\"text-align: justify;\"><span style=\"font-size: 14pt;\"><strong>Quienes no conocen el pasado est\u00e1n condenados a repetirlo, advirti\u00f3 el fil\u00f3sofo estadounidense nacido en Espa\u00f1a, George Santayana.<\/strong><\/span><\/p>\n<p style=\"text-align: justify;\"><span style=\"font-size: 14pt;\">Por ello historiadores, pol\u00edticos, diplom\u00e1ticos, especialistas en relaciones internacionales y periodistas expertos citan cada vez con m\u00e1s frecuencia la llamada \u00abtrampa de Tuc\u00eddides\u00bb.<\/span><\/p>\n<p style=\"text-align: justify;\"><span style=\"font-size: 14pt;\">Se refieren a la tensi\u00f3n estructural letal que se produce cuando\u00a0<strong>una potencia nueva reta a otra establecida<\/strong>, que crea las condiciones para que estalle una guerra.<\/span><\/p>\n<p style=\"text-align: justify;\"><span style=\"font-size: 14pt;\">El primero en describir este fen\u00f3meno fue el padre de la \u00abhistoriograf\u00eda cient\u00edfica\u00bb y de la escuela del realismo pol\u00edtico, el ateniense Tuc\u00eddedes en su narraci\u00f3n de la Guerra del Peloponeso (siglo V a.C.).<\/span><\/p>\n<p>&nbsp;<\/p>\n<blockquote>\n<p style=\"text-align: center;\"><strong><span style=\"font-size: 14pt; color: #008000;\">\u00abFue el ascenso de Atenas y el temor que eso inculc\u00f3 en Esparta lo que hizo que la guerra fuera inevitable\u00bb (Tuc\u00eddides).<\/span><\/strong><\/p>\n<\/blockquote>\n<p>&nbsp;<\/p>\n<p style=\"text-align: justify;\"><span style=\"font-size: 14pt;\">En nuestros tiempos, el temor es que China se convierta en esa Atenas ante una Esparta en la forma de Estados Unidos.<\/span><\/p>\n<p style=\"text-align: justify;\"><span style=\"font-size: 14pt;\"><strong>Ajustes necesarios<\/strong><\/span><\/p>\n<p style=\"text-align: justify;\"><span style=\"font-size: 14pt;\">\u00abLa cuesti\u00f3n definitoria del orden mundial para esta generaci\u00f3n es si China y Estados Unidos pueden evitar caer en la trampa de Tuc\u00eddides\u00bb, se\u00f1ala Graham Allison, director del Centro Belfer de Ciencias y Asuntos Internacionales en la\u00a0<em>Kennedy School<\/em>\u00a0de Harvard y autor del libro \u00abCon destino a la guerra: \u00bfes posible que EE.UU. y China escapen de la trampa de Tuc\u00eddides?\u00bb.<\/span><\/p>\n<p style=\"text-align: justify;\"><span style=\"font-size: 14pt;\">En el pasado, subraya, \u00abcuando las partes evitaron la guerra, se requiri\u00f3 de ajustes enormes y dolorosos en las actitudes y acciones\u00a0<strong>no s\u00f3lo del retador sino tambi\u00e9n del retado<\/strong>\u00ab.<\/span><\/p>\n<p style=\"text-align: justify;\"><span style=\"font-size: 14pt;\">Tuc\u00eddides se enfoc\u00f3 en la inexorable tensi\u00f3n causada por el r\u00e1pido cambio en el balance del poder entre dos potencias rivales.<\/span><\/p>\n<p style=\"text-align: justify;\"><span style=\"font-size: 14pt;\">Y en ese sentido, nunca antes hubo un cambio tan veloz y trascendental como el ascenso de China.<\/span><\/p>\n<p style=\"text-align: center;\"><span style=\"font-size: 18pt; color: #008000;\"><strong>***<\/strong><\/span><\/p>\n<p style=\"text-align: justify;\"><span style=\"font-size: 18pt;\"><strong><em>Si Estados Unidos fuera una empresa&#8230;<\/em><\/strong><\/span><\/p>\n<ul style=\"text-align: justify;\">\n<li><span style=\"font-size: 14pt;\"><em>Despu\u00e9s de la Segunda Guerra Mundial facturaba\u00a0<strong>50% del mercado econ\u00f3mico mundial<\/strong><\/em><\/span><\/li>\n<li><span style=\"font-size: 14pt;\"><em>En 1980 baj\u00f3 al\u00a0<strong>22%<\/strong><\/em><\/span><\/li>\n<li><span style=\"font-size: 14pt;\"><em>3 d\u00e9cadas de crecimiento de China redujeron al\u00a0<strong>16% la cuota de EE.UU.<\/strong><\/em><\/span><\/li>\n<li><span style=\"font-size: 14pt;\"><em>China pas\u00f3 de representar el<strong>2% de la econom\u00eda mundial en 1980 al 18% en 2016<\/strong><\/em><\/span><\/li>\n<\/ul>\n<p style=\"text-align: justify;\"><span style=\"font-size: 14pt;\"><em>Graham Allison, director del Centro Belfer de Ciencias y Asuntos Internacionales en la Kennedy School de Harvard<\/em><\/span><\/p>\n<p style=\"text-align: center;\"><span style=\"font-size: 18pt; color: #008000;\"><strong>***<\/strong><\/span><\/p>\n<p style=\"text-align: justify;\"><span style=\"font-size: 14pt;\"><strong>Patr\u00f3n fatal de eventos<\/strong><\/span><\/p>\n<p style=\"text-align: justify;\"><span style=\"font-size: 14pt;\">A lo largo de la historia, los roles de Atenas y Esparta han sido interpretados por poderes emergentes, como en el caso de la Casa de Habsburgo, que desafi\u00f3 la preeminencia francesa en Europa en la primera mitad del siglo XVI y que luego, en los siglos XVI y XVII, pas\u00f3 a ser el poder dominante retado por el Imperio Otomano.<\/span><\/p>\n<p style=\"text-align: justify;\"><span style=\"font-size: 14pt;\">En esas ocasiones, la rivalidad entre el poderoso y el reci\u00e9n llegado culmin\u00f3 en conflictos b\u00e9licos.<\/span><\/p>\n<p style=\"text-align: justify;\"><span style=\"font-size: 14pt;\">La din\u00e1mica que produce ese duelo por el poder puede explicar, dicen esos expertos, situaciones aparentemente absurdas como que el asesinato de un archiduque fuera la chispa de la catastr\u00f3fica Primera Guerra Mundial.<\/span><\/p>\n<p style=\"text-align: justify;\"><span style=\"font-size: 14pt;\">En esa ocasi\u00f3n,\u00a0<strong>Reino Unido<\/strong>, apoyado por Francia y Rusia,\u00a0<strong>era Atenas<\/strong>\u00a0y\u00a0<strong>Alemania\u00a0era\u00a0Esparta<\/strong>.<\/span><\/p>\n<p style=\"text-align: justify;\"><span style=\"font-size: 14pt;\">Y, como Atenas y Esparta hace casi 2.500 a\u00f1os, despu\u00e9s de una Segunda Guerra Mundial, todos quedaron debilitados.<\/span><\/p>\n<p style=\"text-align: justify;\"><span style=\"font-size: 14pt;\"><strong>M\u00e1s que alarma, lecci\u00f3n<\/strong><\/span><\/p>\n<p>&nbsp;<\/p>\n<figure id=\"attachment_5173\" class=\"wp-caption aligncenter\" aria-describedby=\"caption-attachment-5173\">\n<figure id=\"attachment_5173\" aria-describedby=\"caption-attachment-5173\" style=\"width: 480px\" class=\"wp-caption aligncenter\"><a href=\"https:\/\/puntocritico.com\/ausajpuntocritico\/wp-content\/uploads\/2017\/09\/El-desenlace-no-es-inevitable.jpg\" rel=\"lightbox[5172]\"><img loading=\"lazy\" decoding=\"async\" class=\"wp-image-5173\" src=\"https:\/\/puntocritico.com\/ausajpuntocritico\/wp-content\/uploads\/2017\/09\/El-desenlace-no-es-inevitable.jpg\" sizes=\"auto, (max-width: 624px) 100vw, 624px\" srcset=\"https:\/\/puntocritico.com\/ausajpuntocritico\/wp-content\/uploads\/2017\/09\/El-desenlace-no-es-inevitable.jpg 624w, https:\/\/puntocritico.com\/ausajpuntocritico\/wp-content\/uploads\/2017\/09\/El-desenlace-no-es-inevitable-300x169.jpg 300w\" alt=\"war on China\" width=\"480\" height=\"270\" \/><\/a><figcaption id=\"caption-attachment-5173\" class=\"wp-caption-text\"><span style=\"color: #008000;\">El desenlace no es inevitable: los poderes pueden evitar la guerra si act\u00faan apropiadamente<\/span><\/figcaption><\/figure><br \/>\n<\/figure>\n<p>&nbsp;<\/p>\n<p style=\"text-align: justify;\"><span style=\"font-size: 14pt;\">A pesar de que en esas situaciones de alta tensi\u00f3n una conflagraci\u00f3n es altamente probable, no es inevitable.<\/span><\/p>\n<p style=\"text-align: justify;\"><span style=\"font-size: 14pt;\">Quiz\u00e1s hasta aqu\u00ed no lo parece, pero tener presente la trampa de Tuc\u00eddides no es fatalista:\u00a0<strong>lo bueno de la historia es que sirve para aprender<\/strong>.<\/span><\/p>\n<p style=\"text-align: justify;\"><span style=\"font-size: 14pt;\">Y, gracias a un proyecto de historia aplicada realizado en la Universidad de Harvard, las lecciones de 16 casos de los \u00faltimos 500 a\u00f1os en los que el ascenso de una naci\u00f3n perturb\u00f3 la posici\u00f3n del pa\u00eds dominante, est\u00e1n m\u00e1s a la mano.<\/span><\/p>\n<p style=\"text-align: justify;\"><span style=\"font-size: 14pt;\">El final de 12 de esos casos fue la guerra, avalando el pron\u00f3stico de la trampa de Tuc\u00eddides.<\/span><\/p>\n<p style=\"text-align: justify;\"><span style=\"font-size: 14pt;\">Pero las otras cuatro excepciones demuestran que el destino no est\u00e1 trazado.<\/span><\/p>\n<p style=\"text-align: justify;\"><span style=\"font-size: 14pt;\"><strong>\u00bfCu\u00e1les son?<\/strong><\/span><\/p>\n<h3 style=\"text-align: center;\"><span style=\"font-size: 18pt;\"><strong>1.-Portugal vs. Espa\u00f1a, finales del siglo XV:<\/strong><\/span><\/h3>\n<figure id=\"attachment_5180\" class=\"wp-caption aligncenter\" aria-describedby=\"caption-attachment-5180\">\n<figure id=\"attachment_5180\" aria-describedby=\"caption-attachment-5180\" style=\"width: 624px\" class=\"wp-caption aligncenter\"><a href=\"https:\/\/puntocritico.com\/ausajpuntocritico\/wp-content\/uploads\/2017\/09\/Un-tratado-en-vez-de-guerra.jpg\" rel=\"lightbox[5172]\"><img loading=\"lazy\" decoding=\"async\" class=\"wp-image-5180 size-full\" src=\"https:\/\/puntocritico.com\/ausajpuntocritico\/wp-content\/uploads\/2017\/09\/Un-tratado-en-vez-de-guerra.jpg\" sizes=\"auto, (max-width: 624px) 100vw, 624px\" srcset=\"https:\/\/puntocritico.com\/ausajpuntocritico\/wp-content\/uploads\/2017\/09\/Un-tratado-en-vez-de-guerra.jpg 624w, https:\/\/puntocritico.com\/ausajpuntocritico\/wp-content\/uploads\/2017\/09\/Un-tratado-en-vez-de-guerra-300x169.jpg 300w\" alt=\"\" width=\"624\" height=\"351\" \/><\/a><figcaption id=\"caption-attachment-5180\" class=\"wp-caption-text\"><span style=\"color: #008000;\">Un tratado en vez de guerra<\/span><\/figcaption><\/figure><br \/>\n<\/figure>\n<p style=\"text-align: justify;\"><span style=\"font-size: 14pt;\">Durante la mayor parte del siglo XV, Portugal eclips\u00f3 a su tradicional rival y vecino, la Corona Espa\u00f1ola de Castilla, liderando el mundo en la exploraci\u00f3n y el comercio internacional.<\/span><\/p>\n<p style=\"text-align: justify;\"><span style=\"font-size: 14pt;\">En la d\u00e9cada de 1490, una Espa\u00f1a unida y rejuvenecida comenz\u00f3 a desafiar el dominio de Portugal y reclamar la supremac\u00eda colonial en el Nuevo Mundo, poniendo a las dos potencias ib\u00e9ricas al borde de la guerra.<\/span><\/p>\n<p style=\"text-align: justify;\"><span style=\"font-size: 14pt;\"><strong>Una intervenci\u00f3n del Papa y el Tratado de Tordesillas de 1494\u00a0evitaron\u00a0un conflicto devastador<\/strong>.<\/span><\/p>\n<p>&nbsp;<\/p>\n<h3 style=\"text-align: center;\"><span style=\"font-size: 18pt;\"><strong>2.-Reino Unido vs. Estados Unidos, principios del siglo XX:<\/strong><\/span><\/h3>\n<p>&nbsp;<\/p>\n<figure id=\"attachment_5181\" class=\"wp-caption aligncenter\" aria-describedby=\"caption-attachment-5181\">\n<figure id=\"attachment_5181\" aria-describedby=\"caption-attachment-5181\" style=\"width: 400px\" class=\"wp-caption aligncenter\"><a href=\"https:\/\/puntocritico.com\/ausajpuntocritico\/wp-content\/uploads\/2017\/09\/Una-relaci%C3%B3n-muy-especial.jpg\" rel=\"lightbox[5172]\"><img loading=\"lazy\" decoding=\"async\" class=\"wp-image-5181\" src=\"https:\/\/puntocritico.com\/ausajpuntocritico\/wp-content\/uploads\/2017\/09\/Una-relaci\u00f3n-muy-especial.jpg\" sizes=\"auto, (max-width: 624px) 100vw, 624px\" srcset=\"https:\/\/puntocritico.com\/ausajpuntocritico\/wp-content\/uploads\/2017\/09\/Una-relaci\u00f3n-muy-especial.jpg 624w, https:\/\/puntocritico.com\/ausajpuntocritico\/wp-content\/uploads\/2017\/09\/Una-relaci\u00f3n-muy-especial-150x150.jpg 150w, https:\/\/puntocritico.com\/ausajpuntocritico\/wp-content\/uploads\/2017\/09\/Una-relaci\u00f3n-muy-especial-300x300.jpg 300w\" alt=\"\" width=\"400\" height=\"400\" \/><\/a><figcaption id=\"caption-attachment-5181\" class=\"wp-caption-text\"><span style=\"color: #008000;\">Una relaci\u00f3n muy especial<\/span><\/figcaption><\/figure><br \/>\n<\/figure>\n<p>&nbsp;<\/p>\n<p style=\"text-align: justify;\"><span style=\"font-size: 14pt;\">En las \u00faltimas d\u00e9cadas del siglo XIX, el poder econ\u00f3mico estadounidense super\u00f3 el del imperio m\u00e1s importante del mundo, Reino Unido.<\/span><\/p>\n<p style=\"text-align: justify;\"><span style=\"font-size: 14pt;\">La creciente flota estadounidense era un rival potencialmente preocupante para la Real Fuerza Naval del imperio brit\u00e1nico.<\/span><\/p>\n<p style=\"text-align: justify;\"><span style=\"font-size: 14pt;\">Cuando EE.UU. comenz\u00f3 a afirmar la supremac\u00eda en su propio hemisferio, Reino Unido lidiaba con otros retos de amenazas m\u00e1s cercanas que pon\u00edan en riesgo su imperio colonial, as\u00ed que se acomod\u00f3 al ascenso de su antigua colonia en Am\u00e9rica.<\/span><\/p>\n<p style=\"text-align: justify;\"><span style=\"font-size: 14pt;\"><strong>Las concesiones de\u00a0Reino Unido evitaron enfrentamientos con EE.UU.<\/strong>, que se asegur\u00f3 el dominio en el hemisferio occidental.<\/span><\/p>\n<p style=\"text-align: justify;\"><span style=\"font-size: 14pt;\">Este gran acercamiento sent\u00f3 las bases para las alianzas entre Estados Unidos y Reino Unido en dos guerras mundiales y la permanente \u00abrelaci\u00f3n especial\u00bb que ambas naciones siguen dando por sentado.<\/span><\/p>\n<p style=\"text-align: justify;\">\u00a0<\/p>\n<h3 style=\"text-align: center;\"><span style=\"font-size: 18pt;\"><strong>3.-Estados Unidos vs. Uni\u00f3n Sovi\u00e9tica, 1940&#8217;s-1980&#8217;s:<\/strong><\/span><\/h3>\n<p>&nbsp;<\/p>\n<figure id=\"attachment_5178\" class=\"wp-caption aligncenter\" aria-describedby=\"caption-attachment-5178\">\n<figure id=\"attachment_5178\" aria-describedby=\"caption-attachment-5178\" style=\"width: 480px\" class=\"wp-caption aligncenter\"><a href=\"https:\/\/puntocritico.com\/ausajpuntocritico\/wp-content\/uploads\/2017\/09\/Mantuvieron-una-enemistad-profunda-y-helada.jpg\" rel=\"lightbox[5172]\"><img loading=\"lazy\" decoding=\"async\" class=\"wp-image-5178\" src=\"https:\/\/puntocritico.com\/ausajpuntocritico\/wp-content\/uploads\/2017\/09\/Mantuvieron-una-enemistad-profunda-y-helada.jpg\" sizes=\"auto, (max-width: 624px) 100vw, 624px\" srcset=\"https:\/\/puntocritico.com\/ausajpuntocritico\/wp-content\/uploads\/2017\/09\/Mantuvieron-una-enemistad-profunda-y-helada.jpg 624w, https:\/\/puntocritico.com\/ausajpuntocritico\/wp-content\/uploads\/2017\/09\/Mantuvieron-una-enemistad-profunda-y-helada-300x169.jpg 300w\" alt=\"\" width=\"480\" height=\"270\" \/><\/a><figcaption id=\"caption-attachment-5178\" class=\"wp-caption-text\"><span style=\"color: #008000;\">Mantuvieron una enemistad profunda y helada<\/span><\/figcaption><\/figure><br \/>\n<\/figure>\n<p>&nbsp;<\/p>\n<p style=\"text-align: justify;\"><span style=\"font-size: 14pt;\">Despu\u00e9s de la Segunda Guerra Mundial, Estados Unidos emergi\u00f3 como la superpotencia indiscutible del mundo.<\/span><\/p>\n<p style=\"text-align: justify;\"><span style=\"font-size: 14pt;\">Controlaba la mitad del PIB mundial, ten\u00eda formidables fuerzas militares convencionales y un monopolio del arma m\u00e1s destructiva que la humanidad hab\u00eda producido jam\u00e1s: la bomba nuclear.<\/span><\/p>\n<p style=\"text-align: justify;\"><span style=\"font-size: 14pt;\">La hegemon\u00eda estadounidense, sin embargo, pronto fue desafiada por su aliada de la Segunda Guerra Mundial, la Uni\u00f3n Sovi\u00e9tica.<\/span><\/p>\n<p style=\"text-align: justify;\"><span style=\"font-size: 14pt;\">Aunque a menudo tensa,\u00a0<strong>la\u00a0Guerra\u00a0Fr\u00eda\u00a0fue\u00a0uno de los mayores \u00e9xitos de la historia en\u00a0t\u00e9rminos de\u00a0escapar de la trampa de Tuc\u00eddides<\/strong>.<\/span><\/p>\n<p style=\"text-align: justify;\"><span style=\"font-size: 14pt;\">Mediante el desarrollo de formas de competencia fuera del conflicto armado, las dos potencias manejaron pac\u00edficamente la pugna por poder\u00edo de m\u00e1s alto riesgo de la historia.<\/span><\/p>\n<p>&nbsp;<\/p>\n<figure id=\"attachment_5177\" class=\"wp-caption aligncenter\" aria-describedby=\"caption-attachment-5177\">\n<figure id=\"attachment_5177\" aria-describedby=\"caption-attachment-5177\" style=\"width: 440px\" class=\"wp-caption aligncenter\"><a href=\"https:\/\/puntocritico.com\/ausajpuntocritico\/wp-content\/uploads\/2017\/09\/La-ca%C3%ADda-del-muro-de-Berl%C3%ADn.jpg\" rel=\"lightbox[5172]\"><img loading=\"lazy\" decoding=\"async\" class=\"wp-image-5177\" src=\"https:\/\/puntocritico.com\/ausajpuntocritico\/wp-content\/uploads\/2017\/09\/La-ca\u00edda-del-muro-de-Berl\u00edn.jpg\" sizes=\"auto, (max-width: 624px) 100vw, 624px\" srcset=\"https:\/\/puntocritico.com\/ausajpuntocritico\/wp-content\/uploads\/2017\/09\/La-ca\u00edda-del-muro-de-Berl\u00edn.jpg 624w, https:\/\/puntocritico.com\/ausajpuntocritico\/wp-content\/uploads\/2017\/09\/La-ca\u00edda-del-muro-de-Berl\u00edn-300x169.jpg 300w\" alt=\"\" width=\"440\" height=\"248\" \/><\/a><figcaption id=\"caption-attachment-5177\" class=\"wp-caption-text\"><span style=\"color: #008000;\">La ca\u00edda del muro de Berl\u00edn fue un evento feliz pero provoc\u00f3 algunas preocupaciones<\/span><\/figcaption><\/figure><br \/>\n<\/figure>\n<figure aria-describedby=\"caption-attachment-5177\"><\/figure>\n<figure aria-describedby=\"caption-attachment-5177\">\n<h3 style=\"text-align: center;\"><span style=\"font-size: 18pt;\"><strong>4.- Reino Unido y Francia vs. Alemania, 1990&#8217;s-presente:<\/strong><\/span><\/h3>\n<\/figure>\n<figure class=\"wp-caption aligncenter\" style=\"text-align: justify;\" aria-describedby=\"caption-attachment-5177\"><span style=\"font-size: 14pt;\">Al concluir la Guerra Fr\u00eda, muchos temieron que una Alemania reunificada volviera a sus viejas ambiciones hegem\u00f3nicas, amenazando a Francia y Reino Unido.<\/span><\/figure>\n<p style=\"text-align: justify;\"><span style=\"font-size: 14pt;\">Si bien ten\u00edan raz\u00f3n en que Alemania estaba destinada retornar al poder pol\u00edtico y econ\u00f3mico en Europa, su ascenso ha sido en gran medida benigno.<\/span><\/p>\n<p style=\"text-align: justify;\"><span style=\"font-size: 14pt;\"><strong>Conscientes de haber ca\u00eddo en\u00a0la\u00a0trampa de Tuc\u00eddides en el pasado<\/strong>, los l\u00edderes alemanes encontraron una nueva forma de ejercer poder e influencia: liderando un orden econ\u00f3mico integrado en vez de aspirar al dominio militar.<\/span><\/p>\n<\/div>\n<p>&nbsp;<\/p>\n<p><img loading=\"lazy\" decoding=\"async\" class=\"aligncenter wp-image-2714\" src=\"https:\/\/puntocritico.com\/ausajpuntocritico\/wp-content\/uploads\/2017\/05\/razon-y-sentimientos-roma-300x233.jpg\" alt=\"\" width=\"400\" height=\"310\" data-id=\"2714\" \/><\/p>\n<div>\n<hr \/>\n<h2 style=\"text-align: justify;\"><span style=\"font-size: 14pt;\"><strong>RELACIONADO:<\/strong><\/span><\/h2>\n<\/div>\n<blockquote class=\"wp-embedded-content\" data-secret=\"WWAMJvPfvz\"><p><a href=\"https:\/\/puntocritico.com\/ausajpuntocritico\/2017\/11\/14\/el-deseo-humano-de-libertad-por-liu-xiaobo\/\">EL DESEO HUMANO DE LIBERTAD, por LIU XIAOBO (Premio Nobel de la Paz &#8211; 2010)<\/a><\/p><\/blockquote>\n<p><iframe loading=\"lazy\" class=\"wp-embedded-content\" sandbox=\"allow-scripts\" security=\"restricted\" style=\"position: absolute; visibility: hidden;\" title=\"\u00abEL DESEO HUMANO DE LIBERTAD, por LIU XIAOBO (Premio Nobel de la Paz &#8211; 2010)\u00bb \u2014 Punto Cr\u00edtico Derechos Humanos\" src=\"https:\/\/puntocritico.com\/ausajpuntocritico\/2017\/11\/14\/el-deseo-humano-de-libertad-por-liu-xiaobo\/embed\/#?secret=aBI0jQ2ElH#?secret=WWAMJvPfvz\" data-secret=\"WWAMJvPfvz\" width=\"500\" height=\"282\" frameborder=\"0\" marginwidth=\"0\" marginheight=\"0\" scrolling=\"no\"><\/iframe><\/p>\n<blockquote class=\"wp-embedded-content\" data-secret=\"ZHQciLOmrb\"><p><a href=\"https:\/\/puntocritico.com\/ausajpuntocritico\/2020\/03\/16\/el-ultimo-emperador\/\">&#8220;El \u00daltimo Emperador&#8221;, pel\u00edcula de Bernardo Bertolucci. La &#8220;Revoluci\u00f3n Cultural&#8221; China.<\/a><\/p><\/blockquote>\n<p><iframe loading=\"lazy\" class=\"wp-embedded-content\" sandbox=\"allow-scripts\" security=\"restricted\" style=\"position: absolute; visibility: hidden;\" title=\"\u00ab&#8220;El \u00daltimo Emperador&#8221;, pel\u00edcula de Bernardo Bertolucci. La &#8220;Revoluci\u00f3n Cultural&#8221; China.\u00bb \u2014 Punto Cr\u00edtico Derechos Humanos\" src=\"https:\/\/puntocritico.com\/ausajpuntocritico\/2020\/03\/16\/el-ultimo-emperador\/embed\/#?secret=mlMhytHFpk#?secret=ZHQciLOmrb\" data-secret=\"ZHQciLOmrb\" width=\"500\" height=\"282\" frameborder=\"0\" marginwidth=\"0\" marginheight=\"0\" scrolling=\"no\"><\/iframe><\/p>\n<blockquote class=\"wp-embedded-content\" data-secret=\"ixG1ZyCjwd\"><p><a href=\"https:\/\/puntocritico.com\/ausajpuntocritico\/2019\/09\/02\/los-crimenes-de-estados-unidos-contra-los-pueblos-del-estado-espanol-por-angeles-diez\/\">LOS CR\u00cdMENES DE ESTADOS UNIDOS CONTRA LOS PUEBLOS DEL ESTADO ESPA\u00d1OL, por \u00c1ngeles D\u00edez<\/a><\/p><\/blockquote>\n<p><iframe loading=\"lazy\" class=\"wp-embedded-content\" sandbox=\"allow-scripts\" security=\"restricted\" style=\"position: absolute; visibility: hidden;\" title=\"\u00abLOS CR\u00cdMENES DE ESTADOS UNIDOS CONTRA LOS PUEBLOS DEL ESTADO ESPA\u00d1OL, por \u00c1ngeles D\u00edez\u00bb \u2014 Punto Cr\u00edtico Derechos Humanos\" src=\"https:\/\/puntocritico.com\/ausajpuntocritico\/2019\/09\/02\/los-crimenes-de-estados-unidos-contra-los-pueblos-del-estado-espanol-por-angeles-diez\/embed\/#?secret=rX0IZ0wEQH#?secret=ixG1ZyCjwd\" data-secret=\"ixG1ZyCjwd\" width=\"500\" height=\"282\" frameborder=\"0\" marginwidth=\"0\" marginheight=\"0\" scrolling=\"no\"><\/iframe><\/p>\n<blockquote class=\"wp-embedded-content\" data-secret=\"ZAxTFsURHk\"><p><a href=\"https:\/\/puntocritico.com\/ausajpuntocritico\/2022\/04\/30\/revealing-ukraine-oliver-stone-2019\/\">&#8220;Revealing Ukraine&#8221; (Oliver Stone, 2019). &#8220;UCRANIA Y LA VOZ DE LA INTELIGENCIA: El ejemplo de Jacques Baud&#8221;, por Jorge Cachinero.<\/a><\/p><\/blockquote>\n<p><iframe loading=\"lazy\" class=\"wp-embedded-content\" sandbox=\"allow-scripts\" security=\"restricted\" style=\"position: absolute; visibility: hidden;\" title=\"\u00ab&#8220;Revealing Ukraine&#8221; (Oliver Stone, 2019). &#8220;UCRANIA Y LA VOZ DE LA INTELIGENCIA: El ejemplo de Jacques Baud&#8221;, por Jorge Cachinero.\u00bb \u2014 Punto Cr\u00edtico Derechos Humanos\" src=\"https:\/\/puntocritico.com\/ausajpuntocritico\/2022\/04\/30\/revealing-ukraine-oliver-stone-2019\/embed\/#?secret=Z0SKVvj95Y#?secret=ZAxTFsURHk\" data-secret=\"ZAxTFsURHk\" width=\"500\" height=\"282\" frameborder=\"0\" marginwidth=\"0\" marginheight=\"0\" scrolling=\"no\"><\/iframe><\/p>\n<div>\n<p class=\"entry-title\" style=\"text-align: center;\"><a href=\"https:\/\/puntocritico.com\/ausajpuntocritico\/2017\/09\/05\/se-denomina-democracia-por-tucidides\/\" target=\"_blank\" rel=\"noopener\" data-schema-attribute=\"\"><span style=\"font-size: 14pt;\"><strong>SE DENOMINA DEMOCRACIA, por Tuc\u00eddides<\/strong><\/span><\/a><\/p>\n<p class=\"mh-meta entry-meta\"><a href=\"https:\/\/puntocritico.com\/ausajpuntocritico\/2017\/09\/05\/se-denomina-democracia-por-tucidides\/\" target=\"_blank\" rel=\"noopener\" data-schema-attribute=\"\"><img loading=\"lazy\" decoding=\"async\" class=\"aligncenter wp-image-5179\" src=\"https:\/\/puntocritico.com\/ausajpuntocritico\/wp-content\/uploads\/2017\/09\/SE-DENOMINA-DEMOCRACIA-678x381.jpg\" alt=\"\" width=\"480\" height=\"319\" data-id=\"5179\" srcset=\"https:\/\/puntocritico.com\/ausajpuntocritico\/wp-content\/uploads\/2017\/09\/SE-DENOMINA-DEMOCRACIA-300x199.jpg 300w, https:\/\/puntocritico.com\/ausajpuntocritico\/wp-content\/uploads\/2017\/09\/SE-DENOMINA-DEMOCRACIA-678x452.jpg 678w, https:\/\/puntocritico.com\/ausajpuntocritico\/wp-content\/uploads\/2017\/09\/SE-DENOMINA-DEMOCRACIA.jpg 680w\" sizes=\"auto, (max-width: 480px) 100vw, 480px\" \/><\/a><\/p>\n<\/div>\n<div>\u00a0<\/div>\n<div>\u00a0<\/div>\n<div><a href=\"https:\/\/puntocritico.com\/ausajpuntocritico\/author\/punto-critico\/\"><img loading=\"lazy\" decoding=\"async\" class=\"aligncenter wp-image-9528\" src=\"https:\/\/puntocritico.com\/ausajpuntocritico\/wp-content\/uploads\/2018\/03\/Mosca_Punto_Cr\u00edtico_40.png\" alt=\"\" width=\"80\" height=\"80\" data-id=\"9528\" \/><\/a><\/div>\n<div>\u00a0<\/div>\n<p>&nbsp;<\/p>\n","protected":false},"excerpt":{"rendered":"<div class=\"mh-excerpt\"><p>LA TRAMPA DE TUC\u00cdDEDES Ucrania y Taiw\u00e1n Jorge Cachinero ABC, 11 ABRIL 2022 &nbsp; Desde el estallido, el pasado 24 de febrero, del conflicto militar entre Estados Unidos (EE. UU.), a trav\u00e9s de su apoderado <a class=\"mh-excerpt-more\" href=\"https:\/\/puntocritico.com\/ausajpuntocritico\/2024\/01\/20\/la-trampa-de-tucidedes-the-coming-war-on-china-la-guerra-que-se-avecina-en-china-un-documental-de-john-pilger\/\" title=\"LA TRAMPA DE TUC\u00cdDEDES: \u00abTHE COMING WAR ON CHINA\u00bb (\u00abLa guerra que se avecina en China\u00bb), un Documental de John Pilger\">[&#8230;]<\/a><\/p>\n<\/div>","protected":false},"author":3,"featured_media":2222821,"comment_status":"open","ping_status":"closed","sticky":false,"template":"","format":"standard","meta":{"_acf_changed":false,"_exactmetrics_skip_tracking":false,"_exactmetrics_sitenote_active":false,"_exactmetrics_sitenote_note":"","_exactmetrics_sitenote_category":0,"footnotes":""},"categories":[7,25],"tags":[],"class_list":{"0":"post-2245590","1":"post","2":"type-post","3":"status-publish","4":"format-standard","5":"has-post-thumbnail","7":"category-politica","8":"category-documentales"},"acf":[],"_links":{"self":[{"href":"https:\/\/puntocritico.com\/ausajpuntocritico\/wp-json\/wp\/v2\/posts\/2245590","targetHints":{"allow":["GET"]}}],"collection":[{"href":"https:\/\/puntocritico.com\/ausajpuntocritico\/wp-json\/wp\/v2\/posts"}],"about":[{"href":"https:\/\/puntocritico.com\/ausajpuntocritico\/wp-json\/wp\/v2\/types\/post"}],"author":[{"embeddable":true,"href":"https:\/\/puntocritico.com\/ausajpuntocritico\/wp-json\/wp\/v2\/users\/3"}],"replies":[{"embeddable":true,"href":"https:\/\/puntocritico.com\/ausajpuntocritico\/wp-json\/wp\/v2\/comments?post=2245590"}],"version-history":[{"count":0,"href":"https:\/\/puntocritico.com\/ausajpuntocritico\/wp-json\/wp\/v2\/posts\/2245590\/revisions"}],"wp:featuredmedia":[{"embeddable":true,"href":"https:\/\/puntocritico.com\/ausajpuntocritico\/wp-json\/wp\/v2\/media\/2222821"}],"wp:attachment":[{"href":"https:\/\/puntocritico.com\/ausajpuntocritico\/wp-json\/wp\/v2\/media?parent=2245590"}],"wp:term":[{"taxonomy":"category","embeddable":true,"href":"https:\/\/puntocritico.com\/ausajpuntocritico\/wp-json\/wp\/v2\/categories?post=2245590"},{"taxonomy":"post_tag","embeddable":true,"href":"https:\/\/puntocritico.com\/ausajpuntocritico\/wp-json\/wp\/v2\/tags?post=2245590"}],"curies":[{"name":"wp","href":"https:\/\/api.w.org\/{rel}","templated":true}]}}