{"id":2245573,"date":"2022-05-02T00:05:07","date_gmt":"2022-05-01T22:05:07","guid":{"rendered":"https:\/\/puntocritico.com\/ausajpuntocritico\/?p=2245573"},"modified":"2022-05-01T23:12:32","modified_gmt":"2022-05-01T21:12:32","slug":"cuando-la-gente-se-moria-por-ser-amiga-de-hitler-por-emilio-de-miguel-calabia","status":"publish","type":"post","link":"https:\/\/puntocritico.com\/ausajpuntocritico\/2022\/05\/02\/cuando-la-gente-se-moria-por-ser-amiga-de-hitler-por-emilio-de-miguel-calabia\/","title":{"rendered":"\u00abCuando la gente se mor\u00eda por ser amiga de Hitler\u00bb, por Emilio de Miguel Calabia"},"content":{"rendered":"<p><span style=\"font-size: 14pt; color: #008000;\">\u00abCuando la gente se mor\u00eda por ser amiga de Hitler\u00bb<\/span><\/p>\n\n<p>&nbsp;<\/p>\n<blockquote>\n<h2 style=\"text-align: center;\"><span class=\"titular\" style=\"font-size: 24pt;\">Colaboracionistas: la venganza contra el ej\u00e9rcito oculto que ayud\u00f3 a Hitler a conquistar Europa<\/span><\/h2>\n<p class=\"subtitulo\" style=\"text-align: center;\"><strong><em><span style=\"font-size: 14pt;\">En su nuevo ensayo hist\u00f3rico, David Alegre se adentra en las causas que llevaron a miles de civiles y soldados a apoyar al Tercer Reich durante la Segunda Guerra Mundial<\/span><\/em><\/strong><\/p>\n<p style=\"text-align: justify;\"><span style=\"font-size: 14pt;\">Por Manuel P. Villatoro<\/span><\/p>\n<p style=\"text-align: justify;\"><span style=\"font-size: 14pt;\"><a href=\"https:\/\/www.abc.es\/historia\/abci-colaboracionistas-venganza-contra-ejercito-oculto-ayudo-hitler-conquistar-europa-202204260154_noticia.html\" target=\"_blank\" rel=\"noopener\">ABC<\/a>, 26 ABRIL 2022<\/span><\/p>\n<figure id=\"attachment_2246831\" aria-describedby=\"caption-attachment-2246831\" style=\"width: 620px\" class=\"wp-caption aligncenter\"><img loading=\"lazy\" decoding=\"async\" class=\"wp-image-2246831 size-full\" src=\"https:\/\/puntocritico.com\/ausajpuntocritico\/wp-content\/uploads\/2022\/05\/colaboracionistas1-kuoE-620x349@abc.jpg\" alt=\"amiga de Hitler\" width=\"620\" height=\"349\" data-id=\"2246831\" srcset=\"https:\/\/puntocritico.com\/ausajpuntocritico\/wp-content\/uploads\/2022\/05\/colaboracionistas1-kuoE-620x349@abc.jpg 620w, https:\/\/puntocritico.com\/ausajpuntocritico\/wp-content\/uploads\/2022\/05\/colaboracionistas1-kuoE-620x349@abc-300x169.jpg 300w, https:\/\/puntocritico.com\/ausajpuntocritico\/wp-content\/uploads\/2022\/05\/colaboracionistas1-kuoE-620x349@abc-610x343.jpg 610w\" sizes=\"auto, (max-width: 620px) 100vw, 620px\" \/><figcaption id=\"caption-attachment-2246831\" class=\"wp-caption-text\"><span style=\"color: #008000;\">Colaboracionistas ucranianos en la IIGM &#8211; ABC<\/span><\/figcaption><\/figure>\n<p>&nbsp;<\/p>\n<p style=\"text-align: justify;\"><span style=\"font-size: 14pt;\">El colaboracionismo emana el tufo acre y denso de la deslealtad; algo que pocos pueden perdonar. Si bien hoy existe cierto respeto hacia los alemanes que combatieron en la &#8216;\u00a0<a href=\"https:\/\/www.abc.es\/cultura\/20150427\/abci-cartas-wehrmacht-soldados-nazis-201504261718.html\" data-voc-vtm-id=\"in-text-traffic\" target=\"_blank\" rel=\"noopener\">Wehrmacht<\/a>&#8216; \u2013las fuerzas armadas del Tercer Reich\u2013 por su relativa ideologizaci\u00f3n, no ocurre lo mismo con las unidades de voluntarios que lucharon en el lado del Eje durante<img loading=\"lazy\" decoding=\"async\" class=\"size-full wp-image-2246832 alignright\" src=\"https:\/\/puntocritico.com\/ausajpuntocritico\/wp-content\/uploads\/2022\/05\/colaboracionistas-kuoE-U505922735337BG-220x330@abc.jpg\" alt=\"\" width=\"220\" height=\"330\" data-id=\"2246832\" srcset=\"https:\/\/puntocritico.com\/ausajpuntocritico\/wp-content\/uploads\/2022\/05\/colaboracionistas-kuoE-U505922735337BG-220x330@abc.jpg 220w, https:\/\/puntocritico.com\/ausajpuntocritico\/wp-content\/uploads\/2022\/05\/colaboracionistas-kuoE-U505922735337BG-220x330@abc-200x300.jpg 200w\" sizes=\"auto, (max-width: 220px) 100vw, 220px\" \/> la\u00a0<strong>Segunda Guerra Mundial<\/strong>. Cuenta\u00a0<strong>David Alegre<\/strong>, profesor en el Departamento de Historia Moderna y Contempor\u00e1nea de la Universidad Aut\u00f3noma de Barcelona, que a ellos les esperaba \u00abla reclusi\u00f3n, el procesamiento y la purga por traici\u00f3n a la patria\u00bb tras el conflicto. No tuvieron perd\u00f3n ni piedad, como bien explica en su nuevo ensayo: &#8216;<strong>Colaboracionistas<\/strong>&#8216; (Galaxia Gutenberg).<\/span><\/p>\n<p style=\"text-align: justify;\"><span style=\"font-size: 14pt;\">\u00abEl colaboracionismo se considera un anatema porque, a ojos de una parte importante de las sociedades europeas, supon\u00eda un cuestionamiento frontal de la idea misma de la soberan\u00eda nacional, de la independencia y de la ciudadan\u00eda tal y como se conceb\u00eda desde la revoluci\u00f3n francesa\u00bb, explica a ABC Alegre.<\/span><\/p>\n<aside class=\"roba-intercalado sin-fondo layer_inpage\">\n<div id=\"google_ads_iframe_\/4900\/vocento.abc\/historia_0__container__\" style=\"text-align: justify;\"><span style=\"font-size: 14pt; text-align: justify;\">En sus palabras, mucha gente vio en este movimiento un intento de sus conciudadanos por promover sus propios intereses bajo el pretexto de la lucha por el poder. Y lo peor es que, en miles de casos, fue cierto. \u00abUna parte de los colaboracionistas de 1940 y 1941 fueron oportunistas reci\u00e9n llegados a las filas de los <\/span><strong style=\"font-size: 14pt; text-align: justify;\">partidos fascistas locales<\/strong><span style=\"font-size: 14pt; text-align: justify;\">, arribistas que esperaban beneficiarse de una victoria germana que por entonces parec\u00eda inevitable\u00bb, a\u00f1ade.<\/span><\/div>\n<\/aside>\n<h3 class=\"ladillo\" style=\"text-align: justify;\"><strong>Dos caras<\/strong><\/h3>\n<p style=\"text-align: justify;\"><span style=\"font-size: 14pt;\">Con todo, el fen\u00f3meno que analiza Alegre tiene dos caras. La m\u00e1s amable es la de algunas mujeres acusadas de colaboracionistas en la Francia liberada. Aquellas profesoras que acogieron a oficiales germanos en sus casas para ganar alg\u00fan dinero fueron tildadas de &#8216;colch\u00f3n de boches&#8217;, rapadas al cero delante de la muchedumbre enfervorecida y paseadas en camiones para escarnio de toda la poblaci\u00f3n. Una injusticia. A cambio, el reverso m\u00e1s triste y habitual fueron las unidades de voluntarios que combatieron durante el conflicto aupadas por los fascismos locales con la anuencia de las autoridades del\u00a0<strong>Tercer Reich<\/strong>. La mayor\u00eda, bajo el paraguas de la &#8216;<strong>Wehrmacht<\/strong>&#8216; o de las\u00a0<strong>temibles SS<\/strong>.<\/span><\/p>\n<p style=\"text-align: justify;\"><span style=\"font-size: 14pt;\">En su nuevo ensayo, concienzudo y extenso, Alegre se centra en esa cara m\u00e1s amarga de los colaboracionismos. Desde Francia a los Pa\u00edses Bajos, pasando por Dinamarca o Noruega, repasa las organizaciones que se pusieron del lado germano en la\u00a0<a href=\"https:\/\/www.abc.es\/historia\/abci-misterios-segunda-guerra-mundial-aliados-negaron-bombardear-camaras-nazis-201912040125_noticia.html\" data-voc-vtm-id=\"in-text-traffic\" target=\"_blank\" rel=\"noopener\">Segunda Guerra Mundial<\/a>, tanto civiles como castrenses. Lo llamativo es que no lo hace desde una perspectiva revanchista o parcial, sino con el anhelo de zambullirse en las causas que llevaron a tal o cual grupo a ser part\u00edcipe de la barbarie. No busca excusar las tropel\u00edas; tampoco extender un velo de falsa bondad sobre ellos. Pero s\u00ed poner en contexto sus motivaciones.<\/span><\/p>\n<p style=\"text-align: justify;\"><span style=\"font-size: 14pt;\">Solo escapan a su lupa el complejo caso de Italia y el de los colaboracionistas de los territorios balc\u00e1nicos y sovi\u00e9ticos bajo el control del Eje. Y no por falta de inter\u00e9s, sino porque, en sus palabras, requerir\u00edan una obra aparte. De momento, el centro de sus miradas es la Europa m\u00e1s occidental. \u00abMi objetivo ha sido iluminar los aspectos m\u00e1s destacados del colaboracionismo y las formas de dominaci\u00f3n del Reich, junto con las pol\u00edticas del fascismo europeo en su intento por hacer realidad sus proyectos\u00bb, desvela. Todo, a trav\u00e9s de peque\u00f1as biograf\u00edas que engarzan con la gran Historia, esa con H may\u00fascula.<\/span><\/p>\n<h3 class=\"ladillo\" style=\"text-align: justify;\">Justificar la traici\u00f3n<\/h3>\n<p style=\"text-align: justify;\"><span style=\"font-size: 14pt;\">Las razones de la traici\u00f3n se cuentan por decenas y dependen del pa\u00eds que se analice. Entre ellas se halla la m\u00e1xima del<strong>\u00a0Nuevo Orden<\/strong>. A saber: las reglas que establecer\u00eda el Tercer Reich tras aplastar los viejos estados. Esa idea de que la maquinaria nazi era imparable empuj\u00f3 a muchos europeos a adherirse a los preceptos nazis. La generalizaci\u00f3n de los mandamientos fomentados por Adolf Hitler a trav\u00e9s de sus organismos de prensa y de congresos colosales como el de N\u00faremberg \u2013a donde acudieron miles y miles de extranjeros\u2013 dio el empuj\u00f3n definitivo a los peque\u00f1os partidos nacionalistas y extremistas locales. El avance imparable de los carros de combate germanos a trav\u00e9s de\u00a0<a href=\"https:\/\/www.abc.es\/historia\/abci-mentiras-toma-polonia-no-letales-tanques-nazis-segunda-guerra-mundial-202011231819_noticia.html\" data-voc-vtm-id=\"in-text-traffic\" target=\"_blank\" rel=\"noopener\">Polonia y Francia\u00a0<\/a>hizo el resto.<\/span><\/p>\n<p style=\"text-align: justify;\"><span style=\"font-size: 14pt;\">Aquello dio rienda suelta a la barbarie en pa\u00edses como Francia o Ucrania. En el primero, en su parte colaboracionista, el Gobierno de P\u00e9tain foment\u00f3 redadas como la del Vel\u00f3dromo de Invierno, en la que miles de mujeres y ni\u00f1os fueron deportados a los campos de concentraci\u00f3n del Tercer Reich. En el segundo, las milicias locales protagonizaron una infinidad de matanzas como la de Maropol, al norte de Kiev. \u00abEsto, en un momento que fue entendido por no pocos europeos como el m\u00e1s negro de sus respectivas historias nacionales, hizo que la colaboraci\u00f3n con el ocupante fuera vista como el\u00a0<strong>paradigma de la inmoralidad y la traici\u00f3n<\/strong>\u00bb, afirma Alegre en declaraciones a ABC. A la mayor\u00eda, la justicia les estaba esperando tras el final de la Segunda Guerra Mundial.<\/span><\/p>\n<p>&nbsp;<\/p>\n<figure id=\"attachment_2246833\" aria-describedby=\"caption-attachment-2246833\" style=\"width: 510px\" class=\"wp-caption aligncenter\"><img loading=\"lazy\" decoding=\"async\" class=\"size-full wp-image-2246833\" src=\"https:\/\/puntocritico.com\/ausajpuntocritico\/wp-content\/uploads\/2022\/05\/Petain-y-Hitler.jpg\" alt=\"\" width=\"510\" height=\"349\" data-id=\"2246833\" srcset=\"https:\/\/puntocritico.com\/ausajpuntocritico\/wp-content\/uploads\/2022\/05\/Petain-y-Hitler.jpg 510w, https:\/\/puntocritico.com\/ausajpuntocritico\/wp-content\/uploads\/2022\/05\/Petain-y-Hitler-300x205.jpg 300w\" sizes=\"auto, (max-width: 510px) 100vw, 510px\" \/><figcaption id=\"caption-attachment-2246833\" class=\"wp-caption-text\"><span style=\"color: #008000;\">P\u00e9tain y Hitler, tras la invasi\u00f3n y derrota de Francia en 1940 &#8211; ABC<\/span><\/figcaption><\/figure>\n<p>&nbsp;<\/p>\n<p style=\"text-align: justify;\"><span style=\"font-size: 14pt;\">La respuesta de aquel ej\u00e9rcito en la sombra fue variopinta. La excusa generalizada fue que poco pod\u00edan hacer ante la maquinaria opresiva del Tercer Reich. \u00abMuchos de los que colaboraron por motivos pol\u00edticos, con la idea de aprovechar el paraguas alem\u00e1n para relanzar sus proyectos, se justificaron afirmando que, gracias a su mediaci\u00f3n, las pol\u00edticas de ocupaci\u00f3n fueron menos cruentas\u00bb, a\u00f1ade Alegre. Un escudo como cualquier otro. En palabras del profesor espa\u00f1ol, fue algo parecido a lo que sostuvieron las \u00e9lites tradicionales como argumento para mantener en marcha sus f\u00e1bricas, las burocracias estatales y los tribunales nacionales al servicio de los nazis.<\/span><\/p>\n<p style=\"text-align: justify;\"><span style=\"font-size: 14pt;\">\u00bfQu\u00e9 ten\u00edan de verdad estas excusas? Seg\u00fan Alegre, poco: \u00abLa experiencia de los contempor\u00e1neos a los hechos y la documentaci\u00f3n nos cuentan cosas diferentes: en muchos casos, los colaboracionistas aprovecharon sus posiciones de autoridad subsidiarias dentro de la maquinaria alemana para medrar,\u00a0<a href=\"https:\/\/www.abc.es\/cultura\/arte\/abci-jurista-articulo-restitucion-expolio-nazi-cambia-bando-202201270148_noticia.html\" data-voc-vtm-id=\"in-text-traffic\" target=\"_blank\" rel=\"noopener\">beneficiarse con el expolio<\/a>\u00a0de sus propios conciudadanos participando de \u00e9l y ejercer un poder desp\u00f3tico y violento contra sus convecinos\u00bb. As\u00ed se explica que la resistencia armada contra la ocupaci\u00f3n hiciera de ellos y sus familias sus principales objetivos. \u00abSobre todo, porque eran conscientes de que a las fuerzas ocupantes no les pod\u00edan crear grandes problemas y de que a estas las echar\u00eda de sus pa\u00edses el esfuerzo de guerra aliado\u00bb.<\/span><\/p>\n<h3 class=\"ladillo\" style=\"text-align: justify;\">Enemigo interior<\/h3>\n<p style=\"text-align: justify;\"><span style=\"font-size: 14pt;\">As\u00ed, tras la Segunda Guerra Mundial, se inici\u00f3 una caza sin cuartel contra los viejos aliados de los germanos. \u00abSe trataba de\u00a0<strong>acabar con el enemigo dom\u00e9stico<\/strong>\u00a0con la vista puesta en el futuro orden de posguerra, tambi\u00e9n porque matar a un colaboracionista en lugar de a un alem\u00e1n ten\u00eda un coste represivo mucho menor\u00bb, desvela el autor a ABC. En palabras de Alegre, as\u00ed se explica tambi\u00e9n la fractura que el colaboracionismo y la guerra dejaron tras de s\u00ed, con las comunidades locales rotas, el odio y los vastos procesos judiciales contra esos aliados pol\u00edtico-militares en la posguerra.<\/span><\/p>\n<p style=\"text-align: justify;\"><span style=\"font-size: 14pt;\">Aunque esta caza tuvo otro objetivo: esconder los pecados individuales. Y es que, aunque se ha ocultado, fueron muchos los ciudadanos que no presentaron resistencia alguna a los preceptos nazis; ya fuera por miedo, por inter\u00e9s o, simplemente, por comodidad. \u00abEstas pr\u00e1cticas sirvieron para crear una pantalla de humo con la que se pretend\u00eda ocultar o simplificar el alcance real de la colaboraci\u00f3n a todos los niveles de la sociedad, sobre todo por parte de esas mismas viejas \u00e9lites que, en muchos casos, volvieron a la pol\u00edtica y necesitaron ocultar su responsabilidad en la derrota militar frente a la\u00a0<a href=\"https:\/\/www.abc.es\/politica\/internacional\/nazismo\/\" data-voc-vtm-id=\"in-text-traffic\" target=\"_blank\" rel=\"noopener\">Alemania nazi<\/a>\u00a0y sus coqueteos con proyectos de reforma del estado en clave autoritaria\u00bb, finaliza.<\/span><\/p>\n<p>&nbsp;<\/p>\n<figure id=\"attachment_2246035\" aria-describedby=\"caption-attachment-2246035\" style=\"width: 440px\" class=\"wp-caption aligncenter\"><a href=\"https:\/\/antonsaavedra.wordpress.com\/2011\/07\/31\/trabajadores-espanoles-al-servicio-de-hitler-xliii\/\" target=\"_blank\" rel=\"noopener\"><img loading=\"lazy\" decoding=\"async\" class=\"wp-image-2246035\" src=\"https:\/\/puntocritico.com\/ausajpuntocritico\/wp-content\/uploads\/2022\/04\/41.webp\" alt=\"\" width=\"440\" height=\"270\" data-id=\"2246035\" \/><\/a><figcaption id=\"caption-attachment-2246035\" class=\"wp-caption-text\"><span style=\"color: #008000;\">El 24 de noviembre de 1.941 sal\u00eda desde la Estaci\u00f3n del Norte de Madrid la primera expedici\u00f3n de \u00abesclavos\u00bb para el III REICH: \u00abMadrid les despide con toda cordialidad rindiendo homenaje a esos trabajadores cuya marcha contribuye de una manera positiva a aliviar el problema del paro (\u2026) Van a mostrar su capacidad y la formaci\u00f3n t\u00e9cnica que han logrado dentro de sus oficios (\u2026) Todas las grandes ventajas que las leyes alemanas brindan a sus trabajadores van a ser percibidas por los productores alistados para servir a la gran industria alemana (\u2026) dec\u00eda un c\u00ednico y tramposo ministro de trabajo, GIRON DE VELASCO, en aquella despedida acompa\u00f1ada con los himnos y ladridos del ritual fascista.<\/span><\/figcaption><\/figure>\n<p style=\"text-align: center;\"><span style=\"color: #008000;\"><strong><span style=\"font-size: 18pt;\">*******<\/span><\/strong><\/span><\/p>\n<h2 class=\"post-title\" style=\"text-align: center;\"><span style=\"font-size: 24pt;\">\u00bfC\u00f3mo se hicieron nazis los alemanes de a pie?<\/span><\/h2>\n<p class=\"post-subtitle\" style=\"text-align: center;\"><strong><em><span style=\"font-size: 14pt;\">Un periodista jud\u00edo entrevisto en 1951 a una decena de alemanes corrientes que hab\u00edan abrazado al nazismo<\/span><\/em><\/strong><\/p>\n<p><span style=\"font-size: 14pt;\">Por Grego Casanova<\/span><\/p>\n<p><span style=\"font-size: 14pt;\"><a href=\"https:\/\/www.vozpopuli.com\/altavoz\/cultura\/como-hicieron-nazis-alemanes-pie.html\" target=\"_blank\" rel=\"noopener\">Vozpopuli<\/a>, 29 ABRIL 2022<\/span><\/p>\n<p><img loading=\"lazy\" decoding=\"async\" class=\"aligncenter wp-image-2247084 size-mh-magazine-content\" src=\"https:\/\/puntocritico.com\/ausajpuntocritico\/wp-content\/uploads\/2022\/05\/hitler-aclamado-e1650983213513-678x381.webp\" alt=\"\" width=\"678\" height=\"381\" data-id=\"2247084\" srcset=\"https:\/\/puntocritico.com\/ausajpuntocritico\/wp-content\/uploads\/2022\/05\/hitler-aclamado-e1650983213513-678x381.webp 678w, https:\/\/puntocritico.com\/ausajpuntocritico\/wp-content\/uploads\/2022\/05\/hitler-aclamado-e1650983213513-300x169.webp 300w, https:\/\/puntocritico.com\/ausajpuntocritico\/wp-content\/uploads\/2022\/05\/hitler-aclamado-e1650983213513-1024x576.webp 1024w, https:\/\/puntocritico.com\/ausajpuntocritico\/wp-content\/uploads\/2022\/05\/hitler-aclamado-e1650983213513-768x432.webp 768w, https:\/\/puntocritico.com\/ausajpuntocritico\/wp-content\/uploads\/2022\/05\/hitler-aclamado-e1650983213513-610x343.webp 610w, https:\/\/puntocritico.com\/ausajpuntocritico\/wp-content\/uploads\/2022\/05\/hitler-aclamado-e1650983213513.webp 1200w\" sizes=\"auto, (max-width: 678px) 100vw, 678px\" \/><\/p>\n<p style=\"text-align: justify;\">\u00a0<\/p>\n<p style=\"text-align: justify;\"><span style=\"font-size: 14pt;\">Conserje, soldado, ebanista, panadero, profesor, polic\u00eda\u2026 La mayor\u00eda no eran \u201cnazis convencidos\u201d pero fueron tocando el veneno por diversos motivos. La afiliaci\u00f3n al partido pod\u00eda llegar por ventajas laborales como algunos profesores o por la \u201cseguridad\u201d y la estabilidad que buscaba\u00a0<strong>Gustav Schwenke, que segu\u00eda mojando la cama a los 20 a\u00f1os, y que el uniforme de las SA le cay\u00f3 como un regalo del cielo en el a\u00f1o 1932, despu\u00e9s de estar a\u00f1os buscando un trabajo.<\/strong>\u00a0El sueldo y uniforme pardo representaban todo lo que \u00e9l ansiaba, empleo estatal fijo, salario y pensi\u00f3n.\u00a0<\/span><\/p>\n<p style=\"text-align: justify;\"><span style=\"font-size: 14pt;\">Gustav era el hijo del sastre Karl-Heinz, este s\u00ed un nacionalsocialista convencido. Cuando fue entrevistado m\u00e1s de un lustro despu\u00e9s del colapso del Tercer Reich,\u00a0<strong>Karl-Heinz segu\u00eda reprochando a Mayer los \u201catropellos\u201d que las democracias hab\u00edan infligido a Alemania.<\/strong>\u00a0\u201cHasta mi uniforme del ej\u00e9rcito estaba ajado. Mis medallas, vendidas. Yo no era nada. Luego, de repente, fui necesario. El nacionalsocialismo ten\u00eda un lugar para m\u00ed. No era nada\u2026 y luego fui necesario\u201d, le espetaba a su interlocutor.<\/span><\/p>\n<p style=\"text-align: justify;\"><span style=\"font-size: 14pt;\">Pero, \u00bfc\u00f3mo se hicieron nazis gente aparentemente normal y corriente? Un periodista estadounidense de 42 a\u00f1os decidi\u00f3 instalarse en 1951 con su mujer y sus hijos en la peque\u00f1a ciudad alemana de Marburgo y realizar una investigaci\u00f3n para conocer c\u00f3mo la gente normal fue capaz de abrazar el nazismo.\u00a0<strong>Su objetivo era conocer las situaciones personales que empujaron al \u201calem\u00e1n corriente\u201d a apoyar la trituradora humana del r\u00e9gimen nazi.\u00a0<\/strong>Tambi\u00e9n le interesaba la forma en que estas personas aceptaron o eludieron su propia responsabilidad moral por el papel que jugaron en ello.<\/span><\/p>\n<p>&nbsp;<\/p>\n<p>&nbsp;<\/p>\n<figure id=\"attachment_2247085\" aria-describedby=\"caption-attachment-2247085\" style=\"width: 678px\" class=\"wp-caption aligncenter\"><img loading=\"lazy\" decoding=\"async\" class=\"wp-image-2247085 size-mh-magazine-content\" src=\"https:\/\/puntocritico.com\/ausajpuntocritico\/wp-content\/uploads\/2022\/05\/Bundesarchiv_Bild_146-1970-083-44_Magdeburg_zerstortes_judisches_Geschaft-678x381.webp\" alt=\"\" width=\"678\" height=\"381\" data-id=\"2247085\" \/><figcaption id=\"caption-attachment-2247085\" class=\"wp-caption-text\"><span style=\"color: #008000;\">Comercio jud\u00edo destrozado en Magdeburgo tras la Noche de los cristales rotos<\/span><\/figcaption><\/figure>\n<h3 class=\"has-text-align-left\" style=\"text-align: justify;\"><span style=\"font-size: 14pt;\">\u00abAmigos nazis\u00bb<\/span><\/h3>\n<p style=\"text-align: justify;\"><span style=\"font-size: 14pt;\">Mayer, que no hablaba alem\u00e1n, se present\u00f3 a esta decena de hombres junto a int\u00e9rpretes, y durante paseos, comidas o caf\u00e9s fue escarbando entre los recuerdos y sentimientos de los que llam\u00f3 como sus \u201camigos nazis\u201d.\u00a0<strong>Mayer nunca desvel\u00f3 sus or\u00edgenes jud\u00edos, para evitar que esta condici\u00f3n impidiera a sus contertulios hablar abiertamente de antisemitismo.\u00a0<\/strong>\u00a0El resultado fue publicado por primera vez en 1956 bajo el t\u00edtulo\u00a0<a href=\"https:\/\/gatopardoediciones.es\/libros\/creian-que-eran-libres\/\" target=\"_blank\" rel=\"noopener\" data-schema-attribute=\"\"><em>Cre\u00edan que eran libres. Los alemanes, 1933-1945<\/em>,\u00a0<\/a>que ahora ha publicado la Gatopardo Ediciones.\u00a0 En la precaria situaci\u00f3n de la posguerra alemana en la que fueron realizadas las entrevistas, Karl-Heinz el sastre nazi convencido manten\u00eda los reproches a las potencias aliadas. Si en los a\u00f1os veinte el Tratado de Versalles era el culpable de todos los males alemanes, a comienzos de la d\u00e9cada de 1950, el resentimiento segu\u00eda intacto: \u201cYa ha visto lo que sus \u2018democracias\u2019 hicieron con nosotros\u201d, le reprochaba en uno de sus encuentros a Mayer.\u00a0<\/span><\/p>\n<p style=\"text-align: justify;\"><span style=\"font-size: 14pt;\">Adem\u00e1s de los reproches a los vencedores de la guerra, tambi\u00e9n manten\u00eda inc\u00f3lume su antisemitismo: \u201cDicen que mataron a seis millones de jud\u00edos, pero cuando uno ve cu\u00e1ntos sigue habiendo en todo el mundo, son tantos como siempre\u201d, comentaba sin saber que ten\u00eda a uno de ellos delante. Mayer le destaca como el m\u00e1s primitivo y est\u00e1 convencido de que particip\u00f3 en el incendio de la sinagoga de la ciudad. \u00c9l, su hijo, el panadero y el cobrador mantuvieron durante las entrevistas que los jud\u00edos llevados a campos de concentraci\u00f3n eran \u201ctraidores\u201d, y <strong>sol\u00edan acompa\u00f1ar sus discursos con la retah\u00edla conspiranoica que posicionaba al juda\u00edsmo internacional al frente de todos los negocios y poderes mundiales.<\/strong><\/span><\/p>\n<p>&nbsp;<\/p>\n<p style=\"text-align: center;\"><strong><span style=\"font-size: 14pt; color: #008000;\">Dicen que mataron a seis millones de jud\u00edos, pero cuando uno ve cu\u00e1ntos sigue habiendo en todo el mundo, son tantos como siempre<\/span><\/strong><\/p>\n<p>&nbsp;<\/p>\n<p style=\"text-align: justify;\"><span style=\"font-size: 14pt;\"><strong>El resto de los testimonios muestran la total indiferencia de sus entrevistados ante las emigraciones y deportaciones masivas.<\/strong>\u00a0Sus \u201camigos nazis\u201d simplemente no se daban cuenta de que sus convecinos cruzaban el charco y dejaban su hogar porque llevaban a\u00f1os en los que no formaban parte de su misma comunidad. De ni\u00f1os no jugaban con ellos y de adultos, aunque ten\u00edan relaciones comerciales, simplemente se despreocupaban por el destino de aquel m\u00e9dico que un d\u00eda se encontraron en una estaci\u00f3n de tren cargado con maletas o de la familia que ostentaba una tienda que cerr\u00f3. Simplemente se hab\u00edan ido, se segu\u00edan autoconvenciendo a\u00f1os m\u00e1s tarde.<\/span><\/p>\n<h3 class=\"has-text-align-left\" style=\"text-align: justify;\"><span style=\"font-size: 14pt;\">Castigo a los perdedores<\/span><\/h3>\n<p style=\"text-align: justify;\"><span style=\"font-size: 14pt;\">Uno de las partes m\u00e1s interesantes del libro llega en el momento de la rendici\u00f3n de cuentas de N\u00faremberg. Los juicios no convencieron a los amigos nazis de Mayer. El Tribunal Internacional conden\u00f3 a la horca una docena de altos jerarcas del Tercer Reich, despu\u00e9s del suicidio de algunos l\u00edderes como Hitler, Himmler, o Goebbels.\u00a0\u201cLa nueva era de la moralidad internacional\u201d como calific\u00f3 The New York Times al cadalso de N\u00faremberg represent\u00f3 una medicina muy amarga para los entrevistados por Mayer.\u00a0<strong>El periodista se\u00f1ala las sentencias como un aut\u00e9ntico fracaso para convencer a estos alemanes de su culpabilidad.<\/strong>\u00a0\u201cLo consideraron en su conjunto como un castigo adicional por ser los perdedores de la guerra\u201d, apunta Mayer.<\/span><\/p>\n<p style=\"text-align: justify;\"><span style=\"font-size: 14pt;\">La edici\u00f3n de Gatopardo viene acompa\u00f1ada de un imprescindible ep\u00edlogo del\u00a0<a href=\"https:\/\/www.vozpopuli.com\/\" target=\"_blank\" rel=\"noopener\">e<\/a><a href=\"https:\/\/www.vozpopuli.com\/tag\/nazismo\/\" target=\"_blank\" rel=\"noopener\">xperto en la Alemania nazi Richard J. Evans<\/a>\u00a0que advierte que la\u00a0<strong>muestra de Mayer resulta enga\u00f1osa en varios aspectos.\u00a0<\/strong>En primer lugar, las entrevistas no incluyen a mujeres y la ciudad presentaba distorsiones con respecto a otras urbes del Reich al tener un alto porcentaje de funcionarios, m\u00e1s del doble, que en el resto de Alemania. Adem\u00e1s de una reducida poblaci\u00f3n cat\u00f3lica, generalmente menos partidaria del partido nazi que los protestantes.\u00a0<\/span><\/p>\n<p style=\"text-align: justify;\"><span style=\"font-size: 14pt;\">Evans comparte la sospecha con el entrevistador sobre si todos los protagonistas\u00a0<strong>dijeron la verdad. En el momento en el que se realiz\u00f3 el trabajo todav\u00eda hab\u00eda causas pendientes como la quema de sinagogas y la la rotura de cristales de los comercios jud\u00edos.<\/strong>\u00a0Evans tambi\u00e9n se\u00f1ala otros sesgos de la investigaci\u00f3n de Mayer, pero concluye que las entrevistas resultan un \u00fatil testimonio de c\u00f3mo personas comunes pueden ser seducidas por demagogos y populistas, y \u201cc\u00f3mo son capaces de apoyar a un r\u00e9gimen que comete m\u00e1s y m\u00e1s acciones criminales hasta acabar hundido en la guerra y genocidio\u201d.<\/span><\/p>\n<p style=\"text-align: justify;\">\u00a0<\/p>\n<\/blockquote>\n<figure id=\"attachment_2247086\" aria-describedby=\"caption-attachment-2247086\" style=\"width: 678px\" class=\"wp-caption aligncenter\"><a href=\"https:\/\/es.wikipedia.org\/wiki\/Operaci%C3%B3n_Paperclip\" target=\"_blank\" rel=\"noopener\"><img loading=\"lazy\" decoding=\"async\" class=\"wp-image-2247086 size-mh-magazine-content\" src=\"https:\/\/puntocritico.com\/ausajpuntocritico\/wp-content\/uploads\/2022\/05\/f9f18762-30fd-4088-8f58-46af46c9f2a7_16-9-aspect-ratio_default_0-678x381.jpg\" alt=\"\" width=\"678\" height=\"381\" data-id=\"2247086\" srcset=\"https:\/\/puntocritico.com\/ausajpuntocritico\/wp-content\/uploads\/2022\/05\/f9f18762-30fd-4088-8f58-46af46c9f2a7_16-9-aspect-ratio_default_0-678x381.jpg 678w, https:\/\/puntocritico.com\/ausajpuntocritico\/wp-content\/uploads\/2022\/05\/f9f18762-30fd-4088-8f58-46af46c9f2a7_16-9-aspect-ratio_default_0-300x169.jpg 300w, https:\/\/puntocritico.com\/ausajpuntocritico\/wp-content\/uploads\/2022\/05\/f9f18762-30fd-4088-8f58-46af46c9f2a7_16-9-aspect-ratio_default_0-768x432.jpg 768w, https:\/\/puntocritico.com\/ausajpuntocritico\/wp-content\/uploads\/2022\/05\/f9f18762-30fd-4088-8f58-46af46c9f2a7_16-9-aspect-ratio_default_0-610x343.jpg 610w, https:\/\/puntocritico.com\/ausajpuntocritico\/wp-content\/uploads\/2022\/05\/f9f18762-30fd-4088-8f58-46af46c9f2a7_16-9-aspect-ratio_default_0.jpg 880w\" sizes=\"auto, (max-width: 678px) 100vw, 678px\" \/><\/a><figcaption id=\"caption-attachment-2247086\" class=\"wp-caption-text\"><span style=\"color: #008000;\"><a href=\"https:\/\/es.wikipedia.org\/wiki\/Operaci%C3%B3n_Paperclip\" target=\"_blank\" rel=\"noopener\">Operaci\u00f3n Paperclip<\/a>: los cient\u00edficos nazis reclutados por Estados Unidos.<\/span><br \/>\n<span style=\"color: #008000;\">Al t\u00e9rmino de la Segunda Guerra Mundial, Estados Unidos llev\u00f3 a trabajar a instituciones acad\u00e9micas y entidades militares estadounidenses a unos 1.600 cient\u00edficos alemanes. <\/span><span style=\"color: #008000;\">Algunos de ellos hab\u00edan tenido responsabilidad directa en las atrocidades del III Reich, incluso los hubo que fueron juzgados por cr\u00edmenes de guerra y las autoridades estadounidenses procuraron su absoluci\u00f3n.<\/span><\/figcaption><\/figure>\n<p style=\"text-align: center;\"><span style=\"color: #008000;\"><strong><span style=\"font-size: 18pt;\">*******<\/span><\/strong><\/span><\/p>\n<h2 class=\"titular\" style=\"text-align: center;\"><span style=\"font-size: 24pt;\">Cuando la gente se mor\u00eda por ser amiga de Hitler (1)<\/span><\/h2>\n<p style=\"text-align: justify;\"><span style=\"font-size: 14pt;\">Por Emilio de Miguel Calabia<\/span><\/p>\n<p style=\"text-align: justify;\"><span style=\"font-size: 14pt;\"><a href=\"https:\/\/abcblogs.abc.es\/bukubuku\/historia\/cuando-la-gente-se-moria-por-ser-amiga-de-hitler-1.html#vca=mod-friso-p4&amp;vmc=blogs-blogs&amp;vso=Cuando%20la%20gente%20se%20mor%C3%ADa%20por%20ser%20amiga%20de%20Hitler%20%281%29&amp;vli=portada.portada\" target=\"_blank\" rel=\"noopener\">Bukubuku<\/a> (ABC), 10 ABRIL 2022<\/span><\/p>\n<p style=\"text-align: justify;\"><img loading=\"lazy\" decoding=\"async\" class=\"aligncenter wp-image-2245574\" src=\"https:\/\/puntocritico.com\/ausajpuntocritico\/wp-content\/uploads\/2022\/04\/Hitler-1-300x168-1.jpg\" alt=\"amiga de Hitler\" width=\"480\" height=\"269\" data-id=\"2245574\" \/><\/p>\n<p class=\"western\" style=\"text-align: justify;\" align=\"justify\"><span style=\"font-size: 14pt;\">He le\u00eddo que estos d\u00edas m\u00e1s de uno querr\u00eda borrar de las hemerotecas las referencias a sus visitas a <strong>Mosc\u00fa<\/strong> y todas las veces que habl\u00f3 en tono elogioso de <strong>Putin<\/strong>. La Historia se repite. Algo parecido ocurri\u00f3 hace 90 a\u00f1os, s\u00f3lo que entonces el personaje con el que hab\u00eda que borrar todas las trazas se llamaba <strong>Adolf Hitler<\/strong>.<\/span><\/p>\n<p class=\"western\" style=\"text-align: justify;\" align=\"justify\"><span style=\"font-size: 14pt;\">Empecemos por las clases altas brit\u00e1nicas. Hasta la anexi\u00f3n alemana de los <em><strong>Sudetes checos<\/strong><\/em>, le ten\u00edan m\u00e1s miedo al comunismo que al nazismo alem\u00e1n. Muchos de ellos ve\u00edan en Hitler a un hombre joven y en\u00e9rgico, que hab\u00eda sacado a Alemania del marasmo de la <strong>Rep\u00fablica de Weimar<\/strong> (<em>se olvidaban convenientemente de que \u00e9l fue uno de los que cre\u00f3 ese marasmo en primer lugar<\/em>), hab\u00eda salvado a Alemania de las garras del comunismo (<em>la heterodoxia y violencia de los m\u00e9todos eran indiferentes; dicho esto, tampoco es que los comunistas alemanes hubieran destacado por su pacifismo<\/em>) y estaba reconstruyendo Alemania. A las clases altas brit\u00e1nicas les dominaban adem\u00e1s una mala conciencia por lo que hab\u00eda sido un injusto<strong> Tratado de Versalles<\/strong> y la sensaci\u00f3n de que la <strong>I Guerra Mundial<\/strong> hab\u00eda enfrentado desastrosamente a primos de la misma estirpe germ\u00e1nica. Para rematar, no pocos de ellos pod\u00edan entender el antisemitismo de Hitler, por la sencilla raz\u00f3n de que tambi\u00e9n lo compart\u00edan.<\/span><\/p>\n<p class=\"western\" style=\"text-align: justify;\" align=\"justify\"><span style=\"font-size: 14pt;\">Uno de los simpatizantes hitlerianos m\u00e1s egregios fue el magnate de la prensa <strong>Lord Rothermere<\/strong>, que utiliz\u00f3 el principal de sus peri\u00f3dicos, el <strong>Daily Mail<\/strong> para difundir propaganda favorable al r\u00e9gimen nazi. Cuando los nazis lograron su primera gran victoria electoral en 1930, un entusiasta <strong>Rothermere<\/strong> escribi\u00f3 que los nazis \u201c<em>representaban el nacimiento de Alemania como naci\u00f3n<\/em>\u201d. Eso s\u00f3lo fue el comienzo. M\u00e1s tarde, cuando en 1933 los nazis consiguieron el 44% de los votos, Rothermere debi\u00f3 de tocar el cielo y escribi\u00f3 que si Hitler usaba su mayor\u00eda de forma prudente y pac\u00edfica, nadie verter\u00eda ninguna l\u00e1grima por la desaparici\u00f3n de la democracia alemana. Seg\u00fan sus propias palabras, la obra de Hitler era \u201c<em>grande y sobrehumana<\/em>\u201d. Cuando Hitler se anexion\u00f3 <strong>Checoslovaquia<\/strong>,- algo que asque\u00f3 a casi toda la opini\u00f3n p\u00fablica europea-, Rothermere le felicit\u00f3 y le anim\u00f3 a que invadiera <strong>Ruman\u00eda<\/strong>, ya que estaba en vena.<\/span><\/p>\n<p class=\"western\" style=\"text-align: justify;\" align=\"justify\"><span style=\"font-size: 14pt;\">Un ejemplo de la adoraci\u00f3n de Lord Rothermere por Hitler es este texto que el Daily Mail public\u00f3 el 13 de mayo de 1939, dos meses despu\u00e9s de la anexi\u00f3n de Checoslovaquia: <em>\u201c(Hitler) es sumamente inteligente (\u2026) Si le preguntas algo a Herr Hitler, al momento te da una respuesta llena de informaci\u00f3n y de un buen sentido eminente (\u2026) Tiene un gran sentido de la santidad de la familia [es f\u00e1cil santificar la familia cuando no se est\u00e1 casado ni se tienen hijos], de la que los comunistas son enemigos, y en Alemania ha parado la publicaci\u00f3n de todos los libros indecentes, la producci\u00f3n de obras de teatro y pel\u00edculas provocativas, y ha limpiado totalmente la vida moral de la naci\u00f3n. A Herr Hitler le gusta mucho el pueblo ingl\u00e9s. Mira a los ingleses y los alemanes como una sola raza\u2026<\/em>\u201d<\/span><\/p>\n<p class=\"western\" style=\"text-align: justify;\" align=\"justify\"><span style=\"font-size: 14pt;\">Que yo sepa <strong>Lord Rothermere<\/strong> ha aparecido dos veces en la literatura. La primera fue en la novela \u201c<em>Agosto negro<\/em>\u201d escrita por <strong>Dennis Wheatley<\/strong> en 1934. En ella los comunistas tratan de adue\u00f1arse de Gran Breta\u00f1a y Lord Badgerlake, trasunto de Lord Rothermere, utiliza a su fuerza paramilitar, los \u201c<em>camisas grises<\/em>\u201d, para apoyar al gobierno. La otra vez es en \u201c<em>Lo que queda del d\u00eda<\/em>\u201d de <strong>Kazuo Ishiguro<\/strong>. En ella Lord Rothermere es uno de los invitados de Lord Darlington, el empleador del protagonista.<\/span><\/p>\n<p class=\"western\" style=\"text-align: justify;\" align=\"justify\"><span style=\"font-size: 14pt;\">Un poco m\u00e1s complejo es el caso de <strong>Lord Londonderry<\/strong>, que despu\u00e9s de haber abandonado el gobierno en 1935, quiso jugar al diplom\u00e1tico aficionado. Un juicio ben\u00e9volo dir\u00eda que cre\u00eda en la pol\u00edtica del apaciguamiento y en que era posible una aproximaci\u00f3n entre las \u00e9lites brit\u00e1nicas y las alemanas que llevase a una alianza. Un juicio menos ben\u00e9volo dir\u00eda que compart\u00eda con los nazis el temor al peligro comunista y la convicci\u00f3n de que los jud\u00edos ten\u00edan una influencia excesiva en la vida pol\u00edtica y econ\u00f3mica inglesa y alemana. Aunque es cierto que deplor\u00f3 la brutalidad de la persecuci\u00f3n antijud\u00eda nazi de los a\u00f1os 30, tambi\u00e9n lo es que una de sus motivaciones era el impacto desfavorable que ten\u00eda sobre la opini\u00f3n p\u00fablica inglesa y que admit\u00eda que los nazis pod\u00edan tener agravios leg\u00edtimos contra los jud\u00edos, aunque no contra todos ellos. <strong>Ian Kershaw<\/strong> ha escrito sobre \u00e9l con no demasiada piedad en \u201c<em>Making friends with Hitler: Lord Londonderry, the Nazis and the Road to World War II<\/em>\u201d.<\/span><\/p>\n<p class=\"western\" style=\"text-align: justify;\" align=\"justify\"><span style=\"font-size: 14pt;\">M\u00e1s chusca fue la admiraci\u00f3n por Hitler de <strong>Unity Valkyrie Mitford<\/strong>, quien por casualidad hab\u00eda nacido en <em>Swastika<\/em>, <em>Ontario<\/em>. A comienzos de los 30 ya se hab\u00eda hecho notar en Londres por su asistencia a manifestaciones de extrema derecha, su antisemitismo rabioso y su anticomunismo. Obsesionada con Hitler, se mud\u00f3 a <strong>Berl\u00edn<\/strong> en 1933 con 19 a\u00f1os. Unity particip\u00f3 en las grandes manifestaciones nazis de <strong>Nuremberg<\/strong> con el mismo entusiasmo con que las <em>groupis<\/em> iban a los conciertos de los <em>Rolling Stones<\/em>. La cuesti\u00f3n es que los segundos son menos t\u00f3xicos.<\/span><\/p>\n<p class=\"western\" style=\"text-align: justify;\" align=\"justify\"><span style=\"font-size: 14pt;\"><strong>Unity<\/strong> consigui\u00f3 introducirse en el c\u00edrculo de <strong>Hitler<\/strong> y conseguir una cercan\u00eda con \u00e9l que ning\u00fan otro extranjero y pocas mujeres consiguieron. Hay quienes afirman que tuvieron un romance y hasta que Unity tuvo un hijo secreto con Hitler. Lo dudo mucho. Mi impresi\u00f3n es que Hitler era asexual y las mujeres s\u00f3lo le interesaban como objetos decorativos. El estallido de la <strong>II Guerra Mundial<\/strong> le caus\u00f3 una angustia inmensa a Unity; de pronto su patria adoptiva estaba en guerra con su patria natal. Decidi\u00f3 solucionar su angustia a la tremenda: se peg\u00f3 un tiro y su suicidio fue uno de los m\u00e1s lentos de la Historia. La bala no la mat\u00f3, pero la incapacit\u00f3. Los m\u00e9dicos no se atrevieron a sac\u00e1rsela. Ocho a\u00f1os m\u00e1s tarde la bala le produjo una meningitis. Muri\u00f3 en 1949 a los 33 a\u00f1os.<\/span><\/p>\n<p class=\"western\" style=\"text-align: justify;\" align=\"justify\"><span style=\"font-size: 14pt;\">La captura m\u00e1s gorda que consiguieron los nazis entre las \u00e9lites brit\u00e1nicas en esos a\u00f1os tumultuosos fue el <strong>Duque de Windsor<\/strong>, ese <strong>Eduardo VIII<\/strong> tan rarito que renunci\u00f3 al Trono para casarse con una divorciada norteamericana. El Duque de Windsor hab\u00eda visto los horrores de la <strong>I Guerra Mundial<\/strong> de primera mano y estaba decidido a que no se repitieran. Aparte de eso, intensamente conservador, anticomunista y antisemita, no le parec\u00eda demasiado mal lo que estaban haciendo los nazis en Alemania. A eso se a\u00f1ad\u00eda que adoraba la cultura alemana. Dos perlas de <strong>Eduardo VIII<\/strong> de la primera mitad de los 30: \u201c<em>No es asunto nuestro interferir en los asuntos internos de los alemanes, ya se trate de los jud\u00edos o de cualquier otra cosa<\/em>\u201d y \u201c<em>Los dictadores son muy populares estos d\u00edas. Podr\u00edamos querer uno para Inglaterra dentro de poco<\/em>.\u201d<\/span><\/p>\n<p class=\"western\" style=\"text-align: justify;\" align=\"justify\"><span style=\"font-size: 14pt;\">La abdicaci\u00f3n le dej\u00f3 bastante amargura y una vez que dej\u00f3 de ser rey, su <em>filonazismo<\/em> aument\u00f3. Sospecho que en parte era una reacci\u00f3n al sentirse maltratado por las \u00e9lites brit\u00e1nicas que hab\u00edan forzado su abdicaci\u00f3n. En octubre de 1937, cuatro meses despu\u00e9s de su boda y a pesar de la oposici\u00f3n del gobierno brit\u00e1nico, los <strong>Duques de Windsor<\/strong> viajaron a Alemania. Su objetivo era visitar las viviendas sociales y estudiar las condiciones laborales, dos temas que le apasionaban (<em>ya dije que era un poco rarito<\/em>). Seguramente hab\u00eda m\u00e1s cosas detr\u00e1s de su viaje: verse agasajado y jugar al gran componedor de las relaciones anglo-germanas.<\/span><\/p>\n<p class=\"western\" style=\"text-align: justify;\" align=\"justify\"><span style=\"font-size: 14pt;\">Los nazis cumplieron su parte. Le agasajaron a modo. A toro pasado podr\u00edamos decir que no par\u00f3 de ver a un criminal de guerra tras otro. <strong>Hermann G\u00f6ring, Joseph Goebbels, Rudolf Hess<\/strong>\u2026 La guinda fue el encuentro con el propio <strong>Hitler<\/strong>. El <strong>Duque<\/strong> y el <strong>F\u00fchrer<\/strong> departieron durante una hora y luego tomaron t\u00e9, como si fueran arist\u00f3cratas ingleses. Los Duques quedaron fascinados con ese asesino tan simp\u00e1tico que les hab\u00eda ofrecido t\u00e9 con pastas. La opini\u00f3n p\u00fablica inglesa, bastante menos.<\/span><\/p>\n<p align=\"justify\">\u00a0<\/p>\n<figure id=\"attachment_2245784\" aria-describedby=\"caption-attachment-2245784\" style=\"width: 606px\" class=\"wp-caption aligncenter\"><a href=\"https:\/\/www.lainformacion.com\/mundo\/los-historiadores-creen-que-fue-jorge-vi-quien-animo-a-isabel-ii-a-hacer-el-saludo-nazi_wJzspvsKNSKVQCRHXpd6h4\/\" target=\"_blank\" rel=\"noopener\"><img loading=\"lazy\" decoding=\"async\" class=\"wp-image-2245784 size-full\" src=\"https:\/\/puntocritico.com\/ausajpuntocritico\/wp-content\/uploads\/2022\/04\/Los-historiadores-creen-que-fue-Jorge-VI-quien-animo-a-Isabel-II-a-hacer-el-saludo-nazi.jpeg\" alt=\"\" width=\"606\" height=\"387\" data-id=\"2245784\" srcset=\"https:\/\/puntocritico.com\/ausajpuntocritico\/wp-content\/uploads\/2022\/04\/Los-historiadores-creen-que-fue-Jorge-VI-quien-animo-a-Isabel-II-a-hacer-el-saludo-nazi.jpeg 606w, https:\/\/puntocritico.com\/ausajpuntocritico\/wp-content\/uploads\/2022\/04\/Los-historiadores-creen-que-fue-Jorge-VI-quien-animo-a-Isabel-II-a-hacer-el-saludo-nazi-300x192.jpeg 300w\" sizes=\"auto, (max-width: 606px) 100vw, 606px\" \/><\/a><figcaption id=\"caption-attachment-2245784\" class=\"wp-caption-text\"><span style=\"color: #008000;\">Los historiadores creen que fue Jorge VI quien anim\u00f3 a Isabel II a hacer el saludo nazi<\/span><\/figcaption><\/figure>\n<p style=\"text-align: center;\" align=\"justify\"><strong><span style=\"color: #008000; font-size: 18pt;\">*******<\/span><\/strong><\/p>\n<h2 class=\"titular\" style=\"text-align: center;\"><span style=\"font-size: 24pt;\">Cuando la gente se mor\u00eda por ser amiga de Hitler (2)<\/span><\/h2>\n<p style=\"text-align: justify;\"><span style=\"font-size: 14pt;\">Por Emilio de Miguel Calabia<\/span><\/p>\n<p style=\"text-align: justify;\"><span style=\"font-size: 14pt;\"><a href=\"https:\/\/abcblogs.abc.es\/bukubuku\/historia\/cuando-la-gente-se-moria-por-ser-amiga-de-hitler-2.html#vca=mod-friso-p3&amp;vmc=blogs-blogs&amp;vso=Cuando%20la%20gente%20se%20mor%C3%ADa%20por%20ser%20amiga%20de%20Hitler%20%282%29&amp;vli=portada.portada\" target=\"_blank\" rel=\"noopener\">Bukubuku<\/a> (ABC), 12 ABRIL 2022<\/span><\/p>\n<figure id=\"attachment_2245781\" aria-describedby=\"caption-attachment-2245781\" style=\"width: 440px\" class=\"wp-caption aligncenter\"><img loading=\"lazy\" decoding=\"async\" class=\"wp-image-2245781\" src=\"https:\/\/puntocritico.com\/ausajpuntocritico\/wp-content\/uploads\/2022\/04\/Nazis-americanos-300x232-1.jpg\" alt=\"\" width=\"440\" height=\"340\" data-id=\"2245781\" \/><figcaption id=\"caption-attachment-2245781\" class=\"wp-caption-text\"><span style=\"color: #008000;\">(El siglo XX nos ha proporcionado muchas im\u00e1genes chocantes. Una de ellas es la de un estandarte nazi al lado de una bandera norteamericana)<\/span><\/figcaption><\/figure>\n<p style=\"text-align: justify;\">\u00a0<\/p>\n<p class=\"western\" style=\"text-align: justify;\" align=\"justify\"><span style=\"font-size: 14pt;\">Hitler tambi\u00e9n tuvo sus admiradores en EEUU. <strong>Bradley W. Hart<\/strong> escribi\u00f3 en 2019 \u201c<em>Hitler\u2019s American Friends: The Third Reich\u2019s Supporters in the United States<\/em>\u201d, que muestra que en los a\u00f1os 30 en EEUU Hitler y los nazis ten\u00edan muchos m\u00e1s simpatizantes de los que ahora nos gusta recordar.<\/span><\/p>\n<p class=\"western\" style=\"text-align: justify;\" align=\"justify\"><span style=\"font-size: 14pt;\">El m\u00e1s notorio fue <strong>Charles Lindbergh<\/strong>. Charles Lindbergh era en la d\u00e9cada de los treinta un hombre muy popular en EEUU. Era el prototipo del h\u00e9roe norteamericano. En 1927 hab\u00eda realizado el primer vuelo en solitario sin escalas entre Nueva York y Par\u00eds. Adem\u00e1s le rodeaba el halo de una gran tragedia. En 1932 su hijo de 20 meses fue secuestrado en su casa y dos meses despu\u00e9s fue encontrado su cad\u00e1ver en descomposici\u00f3n.<\/span><\/p>\n<p class=\"western\" style=\"text-align: justify;\" align=\"justify\"><span style=\"font-size: 14pt;\">Lindbergh hizo la ruta que todos los filonazis hac\u00edan. Visit\u00f3 Alemania, donde fue agasajado y condecorado por <strong>G\u00f6ring<\/strong>. Lindbergh tuvo palabras elogiosas para los dise\u00f1os de cazas y bombarderos alemanes, los mismos que dos a\u00f1os despu\u00e9s bombardear\u00edan Inglaterra. <strong>Lindbergh<\/strong> proclam\u00f3 con alivio que \u201c<em>Europa y el mundo entero tienen la fortuna de que una Alemania nazi se interponga, en la actualidad, entre una Rusia comunista y una Francia desmoralizada<\/em>.\u201d Aun despu\u00e9s de la invasi\u00f3n nazi de Francia, Lindbergh sostuvo que los ingleses, los jud\u00edos y la Administraci\u00f3n Roosevelt estaban conspirando para empujar a EEUU a una guerra con Alemania.<\/span><\/p>\n<p class=\"western\" style=\"text-align: justify;\" align=\"justify\"><span style=\"font-size: 14pt;\">El novelista <strong>Philip Roth<\/strong> escribi\u00f3 en 2004 una ucron\u00eda, \u201c<em>La conjura contra Am\u00e9rica<\/em>\u201d, en la que imagina que en las elecciones de 1940 Lindbergh derrot\u00f3 a Roosevelt. Roth imagina un mundo en el que EEUU se hubiera abstenido de entrar en la II Guerra Mundial e incluso hubiera alcanzado una cierta entente con las potencias del Eje y el antisemitismo se hubiera normalizado en la vida norteamericana. Todo ello visto a trav\u00e9s de los ojos de un Philip Roth ni\u00f1o (<em>Philip Roth ten\u00eda 7 a\u00f1os en 1940<\/em>).<\/span><\/p>\n<p class=\"western\" style=\"text-align: justify;\" align=\"justify\"><span style=\"font-size: 14pt;\">Lindbergh no fue una anomal\u00eda en el panorama norteamericano. En aquellos a\u00f1os tuvo mucha importancia el grupo \u201c<em>Am\u00e9rica Primero<\/em>\u201d (<em>por cierto, \u00bfresulta familiar el eslogan? Muchos a\u00f1os despu\u00e9s un tan Donald lo retom\u00f3<\/em>). Una de las ideas clave del grupo es que la guerra en Europa era un conflicto lejano y que a EEUU no le merec\u00eda la pena entrar en ella para defender a un Imperio brit\u00e1nico decadente. Era un movimiento que agrupaba a tendencias muy diversas: aislacionistas, enemigos del <em>New Deal Rooseveltiano<\/em>, simpatizantes del nazismo\u2026 Una cosa que todos ellos compart\u00edan un fiero antisemitismo.<\/span><\/p>\n<p class=\"western\" style=\"text-align: justify;\" align=\"justify\"><span style=\"font-size: 14pt;\">Uno de sus propagandistas m\u00e1s destacados fue el sacerdote cat\u00f3lico <strong>Charles Coughlin<\/strong>. Coughlin, que en sus mejores momentos lleg\u00f3 a tener 30 millones de oyentes regulares, utilizaba el mismo tipo de ret\u00f3rica que hab\u00eda ayudado a los nazis a auparse en el poder. Defend\u00eda a los pobres, atacaba a las grandes corporaciones y denunciaba la indiferencia del gobierno ante los problemas econ\u00f3micos del ciudadano medio. Era un tipo de discurso que llegaba muy bien a la clase media baja norteamericana. Aunque inicialmente hab\u00eda apoyado las pol\u00edticas de <strong>Roosevelt<\/strong>, con el tiempo se distanci\u00f3 de \u00e9ste y fue adoptando posturas m\u00e1s derechistas. Hacia finales de los 30, deriv\u00f3 en un antisemitismo abierto. Como otros, interpret\u00f3 la <em>Noche de los Cristales Rotos<\/em> como algo que los jud\u00edos alemanes se hab\u00edan buscado.<\/span><\/p>\n<p class=\"western\" style=\"text-align: justify;\" align=\"justify\"><span style=\"font-size: 14pt;\">Los de <strong>America First<\/strong> eran unos moderados comparados con la m\u00e1s peque\u00f1a <strong>German American Bund<\/strong>, creada en 1936 con ayuda de la Alemania nazi. La presid\u00eda <strong>Fritz Kuhn<\/strong> y sus miembros ten\u00edan que declarar que eran de ascendencia aria y que no ten\u00edan sangre jud\u00eda, ni negra. Su momento de mayor gloria fue cuando en 1939 convocaron en el Madison Square Garden de Nueva York una manifestaci\u00f3n en favor de Am\u00e9rica, en la que las banderas norteamericanas se codearon con las cruces gamadas.<\/span><\/p>\n<p class=\"western\" style=\"text-align: justify;\" align=\"justify\"><span style=\"font-size: 14pt;\">La <strong>Legi\u00f3n de Plata<\/strong> de <strong>William Dudley Pelley<\/strong> se cre\u00f3 en 1933 y cualquier norteamericano se pod\u00eda afiliar a ella a condici\u00f3n de que no fuera ni jud\u00edo ni afroamericano. La Legi\u00f3n nunca fue excesivamente popular y en su momento de mayor esplendor apenas tuvo m\u00e1s de 15.000 miembros. Su ideolog\u00eda era racista, anticomunista, antidemocr\u00e1tica, pro-fascista y antisemita. Su mayor logro fue que inspir\u00f3 a <strong>Sinclair Lewis<\/strong> su novela \u201c<em>Eso no puede pasar aqu\u00ed<\/em>\u201d, en la que imagina la llegada al poder de un presidente fascista con unas ideas muy semejantes a las de los nazis.<\/span><\/p>\n<p class=\"western\" style=\"text-align: justify;\" align=\"justify\"><span style=\"font-size: 14pt;\">La base social de los movimientos que he tratado hasta ahora era la clase media baja con miedo a la pauperizaci\u00f3n, una base social bastante similar a la que aup\u00f3 a los nazis en Alemania. Pero en EEUU parte del gran capital tambi\u00e9n mir\u00f3 con buenos ojos a Hitler y sus muchachos. El m\u00e1s notorio,- pero no el \u00fanico-, fue <strong>Henry Ford<\/strong>.<\/span><\/p>\n<p class=\"western\" style=\"text-align: justify;\" align=\"justify\"><span style=\"font-size: 14pt;\"><strong>Henry Ford<\/strong> edit\u00f3 en 1920 el libro \u201c<em>El jud\u00edo universal: el mayor problema mundial<\/em>\u201d, que recopilaba los art\u00edculos antisemitas que hab\u00eda publicado en su peri\u00f3dico <strong>The Dearborn Independent<\/strong>. El antisemitismo de Ford tiene mucho en com\u00fan con el de Hitler. En ambos casos el odio hacia los jud\u00edos no es religioso, sino racial. La idea de que son un germen nocivo que hay que controlar en aras de la higiene social les es com\u00fan, aunque Ford nunca habr\u00eda pensado en la aniquilaci\u00f3n f\u00edsica de los jud\u00edos. La similitud de pensamientos era tan grande que Ford es el \u00fanico norteamericano mencionado, y elogiosamente, en el <strong>Mein Kampf<\/strong>. Aunque hay quienes afirman que Ford influy\u00f3 sobre el antisemitismo de Hitler, yo lo dudo. Para cuando Hitler ley\u00f3 a Ford su antisemitismo ya estaba conformado en todos sus detalles. Hitler debi\u00f3 de ver en el antisemitismo de Ford simplemente una confluencia de ideas que le reafirmaba en sus creencias. Donde Ford s\u00ed que influy\u00f3 sobre Hitler fue en la idea del <em>Volkswagen<\/em>, el coche accesible al pueblo, algo similar a lo que hab\u00eda sido el <em>Ford T<\/em>.<\/span><\/p>\n<p>&nbsp;<\/p>\n<figure id=\"attachment_2244357\" aria-describedby=\"caption-attachment-2244357\" style=\"width: 480px\" class=\"wp-caption aligncenter\"><a href=\"https:\/\/puntocritico.com\/ausajpuntocritico\/2022\/04\/02\/el-caso-collini\/\"><img loading=\"lazy\" decoding=\"async\" class=\"wp-image-2244357\" src=\"https:\/\/puntocritico.com\/ausajpuntocritico\/wp-content\/uploads\/2022\/04\/Collini-PPAL.jpg\" alt=\"\" width=\"480\" height=\"319\" data-id=\"2244357\" srcset=\"https:\/\/puntocritico.com\/ausajpuntocritico\/wp-content\/uploads\/2022\/04\/Collini-PPAL.jpg 680w, https:\/\/puntocritico.com\/ausajpuntocritico\/wp-content\/uploads\/2022\/04\/Collini-PPAL-300x199.jpg 300w, https:\/\/puntocritico.com\/ausajpuntocritico\/wp-content\/uploads\/2022\/04\/Collini-PPAL-610x405.jpg 610w, https:\/\/puntocritico.com\/ausajpuntocritico\/wp-content\/uploads\/2022\/04\/Collini-PPAL-678x452.jpg 678w\" sizes=\"auto, (max-width: 480px) 100vw, 480px\" \/><\/a><figcaption id=\"caption-attachment-2244357\" class=\"wp-caption-text\"><span style=\"color: #008000;\">EL NAZISMO NO TERMIN\u00d3 EN 1945: EL CASO COLLINI <\/span><\/figcaption><\/figure>\n<p style=\"text-align: center;\" align=\"justify\"><strong><span style=\"color: #008000; font-size: 18pt;\">*******<\/span><\/strong><\/p>\n<p align=\"justify\"><img loading=\"lazy\" decoding=\"async\" class=\"aligncenter wp-image-2246036 size-mh-magazine-content\" src=\"https:\/\/puntocritico.com\/ausajpuntocritico\/wp-content\/uploads\/2022\/04\/Nazis-y-toros-678x381.webp\" alt=\"\" width=\"678\" height=\"381\" data-id=\"2246036\" \/><\/p>\n<p style=\"text-align: center;\" align=\"justify\"><strong><span style=\"color: #008000; font-size: 18pt;\">*******<\/span><\/strong><\/p>\n<h2 class=\"titular\" style=\"text-align: center;\"><span style=\"font-size: 24pt;\">Cuando la gente se mor\u00eda por ser amiga de Hitler (3)<\/span><\/h2>\n<p style=\"text-align: justify;\"><span style=\"font-size: 14pt;\">Por Emilio de Miguel Calabia<\/span><\/p>\n<p style=\"text-align: justify;\"><span style=\"font-size: 14pt;\"><a href=\"https:\/\/abcblogs.abc.es\/bukubuku\/historia\/cuando-la-gente-se-moria-por-ser-amiga-de-hitler-3.html#vca=mod-friso-p1&amp;vmc=blogs-blogs&amp;vso=Cuando%20la%20gente%20se%20mor%C3%ADa%20por%20ser%20amiga%20de%20Hitler%20%283%29&amp;vli=portada.portada\" target=\"_blank\" rel=\"noopener\">Bukubuku<\/a> (ABC), 15 ABRIL 2022<\/span><\/p>\n<p align=\"justify\"><img loading=\"lazy\" decoding=\"async\" class=\"aligncenter size-full wp-image-2245880\" src=\"https:\/\/puntocritico.com\/ausajpuntocritico\/wp-content\/uploads\/2022\/04\/Arguedas.jpg\" alt=\"\" width=\"225\" height=\"225\" data-id=\"2245880\" srcset=\"https:\/\/puntocritico.com\/ausajpuntocritico\/wp-content\/uploads\/2022\/04\/Arguedas.jpg 225w, https:\/\/puntocritico.com\/ausajpuntocritico\/wp-content\/uploads\/2022\/04\/Arguedas-150x150.jpg 150w\" sizes=\"auto, (max-width: 225px) 100vw, 225px\" \/><\/p>\n<p class=\"western\" style=\"text-align: justify;\" align=\"justify\"><span style=\"font-size: 14pt;\"><strong>Hitler<\/strong> no s\u00f3lo encandil\u00f3 al mundo anglosaj\u00f3n. Tambi\u00e9n tuvo sus simpatizantes en el mundo de habla hispana. No obstante, en este mundo tuvo mucho m\u00e1s eco <strong>Mussolini<\/strong>. El fascismo italiano, del que se tuvo conocimiento en el mundo de habla hispana mucho antes que del nazismo alem\u00e1n, despert\u00f3 simpat\u00edas muy pronto. Sus simpatizantes valoraban su sentido del orden, c\u00f3mo hab\u00eda logrado rejuvenecer Italia, su defensa de la familia, su democracia org\u00e1nica (<em>siempre hay que echarse a temblar cuando alguien adjetiva la palabra \u201cdemocracia\u201d; nunca suele ser inocuo<\/em>); asimismo la conciencia de un com\u00fan origen latino resultaba atractivo a muchos de sus seguidores, inspirados por enso\u00f1aciones de destinos imperiales. Cuando el nazismo lleg\u00f3 al mundo hispano, no fueron muchos los que supieron adentrarse en su pensamiento. Para la mayor parte, no fue m\u00e1s que la variante germ\u00e1nica del fascismo alem\u00e1n.<\/span><\/p>\n<aside class=\"roba-intercalado sin-fondo layer_inpage\">\n<p class=\"western\" style=\"text-align: justify;\" align=\"justify\"><span style=\"font-size: 14pt;\"><strong>Alcides Arguedas<\/strong> fue uno de los principales intelectuales bolivianos del siglo XX. Tambi\u00e9n fue uno de los latinoamericanos que m\u00e1s se familiariz\u00f3 con el pensamiento racista del <strong>Comte Gobineau<\/strong> y <strong>Henry Spencer<\/strong>. Su obra m\u00e1s famosa es \u201c<em><strong>Pueblo enfermo<\/strong><\/em>\u201d. Su tesis b\u00e1sica es que los problemas de <em><strong>Bolivia<\/strong> <\/em>emanan de que hubo demasiado mestizaje y falt\u00f3 m\u00e1s sangre blanca. Donde dice \u201c<em>blanca<\/em>\u201d, uno escribe \u201c<em>aria<\/em>\u201d y Hitler habr\u00eda podido estar de acuerdo. Dudo que <strong>Hitler<\/strong> leyera a <strong>Arguedas<\/strong>, pero <strong>Arguedas<\/strong> s\u00ed que ley\u00f3 a <strong>Hitler<\/strong>. En \u201c<em>Pueblo enfermo<\/em>\u201d <strong>Arguedas<\/strong> cita el \u201c<em>Mein Kampf<\/em>\u201d y elogia c\u00f3mo Hitler ha rejuvenecido a la naci\u00f3n alemana y ha puesto de relieve los peligros del mestizaje. Incre\u00edblemente Arguedas sigue estando bien considerado en <strong><em>Bolivia<\/em> <\/strong>y en un cumplea\u00f1os un amigo boliviano, que era un fruto evidente del mestizaje, me regal\u00f3 \u201c<em>Pueblo enfermo<\/em>\u201d con el mismo entusiasmo que un italiano podr\u00eda regalar la Divina Comedia.<\/span><\/p>\n<p class=\"western\" style=\"text-align: justify;\" align=\"justify\"><span style=\"font-size: 14pt;\">Otro intelectual latinoamericano <em>filonazi<\/em> fue el mexicano <strong>Jos\u00e9 Vasconcelos<\/strong>. Su trayectoria intelectual fue fascinante. Comenz\u00f3 rechazando el racismo de <strong>Spencer<\/strong>, que tanto le hab\u00eda gustado a <strong>Arguedas<\/strong>, y preocup\u00e1ndose por los grandes problemas sociales. Nacionalista, reivindica lo mexicano y el mestizaje como base de la naci\u00f3n y se opone a la imitaci\u00f3n servil de lo europeo; su aspiraci\u00f3n era restaurar a M\u00e9xico mediante la educaci\u00f3n y la acci\u00f3n social. La desilusi\u00f3n con el curso corrupto que hab\u00eda tomado la pol\u00edtica mexicana y el gran fraude de las elecciones de 1929, le llevaron a exiliarse y en ese exilio se introdujo en el pensamiento filos\u00f3fico hind\u00fa. No conozco a muchos otros intelectuales latinoamericanos que emprendieran esa senda.<\/span><\/p>\n<p class=\"western\" style=\"text-align: justify;\" align=\"justify\"><span style=\"font-size: 14pt;\">El rechazo al <strong>Partido Nacional Revolucionario<\/strong>, que hab\u00eda robado con violencia las elecciones de 1929, hizo que abominase del izquierdismo y su pensamiento se fuese derechizando. Como tantos otros, malinterpret\u00f3 a <strong>Hitler<\/strong> y pens\u00f3 que ofrec\u00eda una v\u00eda de renovaci\u00f3n nacional que se apartaba tanto del comunismo como de las caducas democracias burguesas. Vio en \u00e9l al defensor de un nacionalismo org\u00e1nico que se preocupaba por el pueblo y que era capaz de movilizar a las masas para una gran causa. Extra\u00f1amente, no le afect\u00f3, o no se quiso dar cuenta, del componente racista del pensamiento de Hitler.<\/span><\/p>\n<p class=\"western\" style=\"text-align: justify;\" align=\"justify\"><span style=\"font-size: 14pt;\">El momento culmen de su <em>filonazismo<\/em> lleg\u00f3 en 1940, cuando se puso al frente de \u201c<strong><em>Tim\u00f3n<\/em><\/strong>\u201d, una publicaci\u00f3n subvencionada por la <strong>Embajada de Alemania<\/strong>. Se trataba de una publicaci\u00f3n de gran calidad que agrup\u00f3 a una serie de personajes variopintos y de considerable inteligencia, que entre art\u00edculos aparentemente inocuos colocaba otros completamente pro-nazis. <strong>Vasconcelos<\/strong> no escond\u00eda en sus escritos que deseaba la derrota de los Aliados. En esto le mov\u00edan tanto su admiraci\u00f3n por <strong>Hitler<\/strong> como su deseo de que <strong>M\u00e9xico<\/strong> se sacudiese del yugo de EEUU. Una idea de las cosas que Vasconcelos escrib\u00eda por esos d\u00edas es el siguiente texto:\u00a0\u201c<em>Hitler, aunque dispone de un poder absoluto, se halla a mil leguas del cesarismo. La fuerza no le viene a Hitler del cuartel, sino del libro que le inspiro\u0301 su cacumen. El poder no se lo debe Hitler a las tropas, ni a los batallones, sino a sus propios discursos que le ganaron el poder en democra\u0301tica competencia con todos los dema\u0301s jefes y aspirantes a jefes que desarrollo\u0301 la Alemania de la Post-Guerra. Hitler representa, en suma, una idea, la idea alemana, tantas veces humillada antan\u0303o por el militarismo de los franceses y por la perfidia de los ingleses<\/em>.\u201d<\/span><\/p>\n<p class=\"western\" style=\"text-align: justify;\" align=\"justify\"><span style=\"font-size: 14pt;\">Vasconcelos s\u00f3lo repudiar\u00eda el nazismo al final de la <strong>II Guerra Mundial<\/strong>, cuando finalmente se convenci\u00f3 de que las noticias sobre el <strong><em>Holocausto<\/em> <\/strong>no hab\u00edan sido propaganda b\u00e9lica, sino una horrible realidad. En lo sucesivo intentar\u00eda que echar tierra sobre esa etapa de su trayectoria intelectual.<\/span><\/p>\n<p class=\"western\" style=\"text-align: justify;\" align=\"justify\"><span style=\"font-size: 14pt;\">No me resisto a colocar aqu\u00ed un extracto de un art\u00edculo que <strong>Borges<\/strong>, muy conservador, pero en absoluto pro-nazi, escribi\u00f3 en diciembre de 1940 criticando al german\u00f3filo latinoamericano: <\/span><\/p>\n<blockquote>\n<p class=\"western\" style=\"text-align: justify;\" align=\"justify\"><span style=\"font-size: 14pt;\">\u201c<em>El germano\u0301filo es realmente un anglo\u0301fobo. Ignora con perfeccio\u0301n a Alemania, pero no se resigna al entusiasmo por un pai\u0301s que combate a Inglaterra (\u2026) La ignorancia plena de lo germa\u0301nico no agota, sin embargo, la definicio\u0301n de nuestros germano\u0301filos (\u2026) Es, asimismo, antisemita (\u2026) inicia o esboza el panegi\u0301rico de Hitler: varo\u0301n providencial cuyos infatigables discursos predican la extincio\u0301n de todos los charlatanes y demagogos (\u2026) idolatra a Hitler, no a pesar de las bombas cenitales y de las invasiones fulmi\u0301neas, de las ametralladoras, de las delaciones y de los perjurios, sino a causa de esas costumbres y de esos instrumentos. Le alegra lo malvado, lo atroz (\u2026) El hitlerista, siempre, es un rencoroso, un adorador secreto, y a veces pu\u0301blico, de la \u201cviveza\u201d forajida y de la crueldad [\u2026] No es imposible que Adolf Hitler tenga alguna justificacio\u0301n: se\u0301 que los germano\u0301filos no la tienen<\/em>.\u201d<\/span><\/p>\n<\/blockquote>\n<\/aside>\n<p align=\"justify\">\u00a0<\/p>\n<p align=\"justify\"><img loading=\"lazy\" decoding=\"async\" class=\"aligncenter wp-image-12035\" src=\"https:\/\/puntocritico.com\/ausajpuntocritico\/wp-content\/uploads\/2018\/05\/borges-pesadilla-IP-300x169.jpg\" alt=\"\" width=\"360\" height=\"202\" data-id=\"12035\" srcset=\"https:\/\/puntocritico.com\/ausajpuntocritico\/wp-content\/uploads\/2018\/05\/borges-pesadilla-IP-300x169.jpg 300w, https:\/\/puntocritico.com\/ausajpuntocritico\/wp-content\/uploads\/2018\/05\/borges-pesadilla-IP.jpg 678w\" sizes=\"auto, (max-width: 360px) 100vw, 360px\" \/><\/p>\n<p style=\"text-align: center;\" align=\"justify\"><strong><span style=\"color: #008000; font-size: 18pt;\">*******<\/span><\/strong><\/p>\n<h2 class=\"titular\" style=\"text-align: center;\"><span style=\"font-size: 24pt;\">Cuando la gente se mor\u00eda por ser amiga de Hitler (y 4)<\/span><\/h2>\n<p style=\"text-align: justify;\"><span style=\"font-size: 14pt;\">Por Emilio de Miguel Calabia<\/span><\/p>\n<p style=\"text-align: justify;\"><span style=\"font-size: 14pt;\"><a href=\"https:\/\/abcblogs.abc.es\/bukubuku\/historia\/cuando-la-gente-se-moria-por-ser-amiga-de-hitler-y-4.html#vca=mod-friso-p2&amp;vmc=blogs-blogs&amp;vso=Cuando%20la%20gente%20se%20mor%C3%ADa%20por%20ser%20amiga%20de%20Hitler%20%28y%204%29&amp;vli=portada.portada\" target=\"_blank\" rel=\"noopener\">Bukubuku<\/a> (ABC), 20 ABRIL 2022<\/span><\/p>\n<p align=\"justify\"><img loading=\"lazy\" decoding=\"async\" class=\"aligncenter wp-image-2246030\" src=\"https:\/\/puntocritico.com\/ausajpuntocritico\/wp-content\/uploads\/2022\/04\/Serrano-Suner.jpg\" alt=\"\" width=\"480\" height=\"302\" data-id=\"2246030\" \/><\/p>\n<p align=\"justify\">\u00a0<\/p>\n<p class=\"western\" style=\"text-align: justify;\" align=\"justify\"><span style=\"font-size: 14pt;\">\u00bfY en Espa\u00f1a? \u00bfCu\u00e1ntos filonazis hubo? Fascistas y admiradores de la Italia de <strong>Mussolini<\/strong> los hubo a pu\u00f1ados, pero la fascinaci\u00f3n por la Alemania nazi es harina de otro costal. En este caso, hubo dos barreras que para muchos fueron insalvables: la oposici\u00f3n del nazismo al cristianismo, su exaltaci\u00f3n de lo ario que llevaba impl\u00edcita la denigraci\u00f3n de lo latino y sus pol\u00edticas raciales; puede que el antisemitismo dejase indiferentes o incluso entusiasmase a algunos. Otra cosa era enterarse de que los mediterr\u00e1neos morenos y bajitos eran seres humanos de segunda. En todo caso, los filonazis hispanos, que existieron, se preocuparon por borrar sus huellas despu\u00e9s de 1945.<\/span><\/p>\n<p class=\"western\" style=\"text-align: justify;\" align=\"justify\"><span style=\"font-size: 14pt;\">Resulta curioso que si uno guguelea \u201c<em>inglaterra+filonazis+Hitler<\/em>\u201d o \u201c<em>EEUU+filonazis<\/em>\u201d inmediatamente le salen resultados relevantes. En cambio, si guguelea \u201c<em>espa\u00f1oles+nazis+Hitler<\/em>\u201d, los primeros resultados hablan de los prisioneros espa\u00f1oles en los campos de concentraci\u00f3n nazis o de los soldados republicanos espa\u00f1oles que combatieron en las filas aliadas. Por ello, la b\u00fasqueda en este caso ha sido algo m\u00e1s laboriosa.<\/span><\/p>\n<p class=\"western\" style=\"text-align: justify;\" align=\"justify\"><span style=\"font-size: 14pt;\">El filonazi m\u00e1s notorio de Espa\u00f1a es <strong>Ram\u00f3n Serrano S\u00fa\u00f1er<\/strong>, el cu\u00f1ad\u00edsimo de <strong>Franco<\/strong>, que entre 1938 y 1942 ejerci\u00f3 un poder desmedido. El sue\u00f1o de Serrano S\u00fa\u00f1er era que Espa\u00f1a se convirtiera en un cruce entre campamento militar y palacete fascista. M\u00e1s tarde, el Estado totalitario alem\u00e1n, al que pudo visitar, le hizo todav\u00eda m\u00e1s til\u00edn. <strong>Serrano S\u00fa\u00f1er<\/strong> estaba convencido de que Espa\u00f1a deb\u00eda de entrar en la <strong>II Guerra Mundial<\/strong> del lado de la Alemania nazi. A sus simpat\u00edas filonazis se sumaba su convicci\u00f3n de que Alemania ganar\u00eda la guerra y sacar\u00edamos m\u00e1s tajada si nos ali\u00e1bamos a ella. Lo curioso es que tanto <strong>Hitler<\/strong> como su Ministro de Exteriores <strong>Ribbentrop<\/strong> ten\u00edan en muy baja estima a ese filonazi entusiasta. <strong>Hitler<\/strong> comentar\u00eda: \u201c<em>Ya en mi primera entrevista con \u00e9l experiment\u00e9 un sentimiento de repulsi\u00f3n, y eso que nuestro embajador, con total ignorancia de los hechos, me lo present\u00f3 como el m\u00e1s ardiente german\u00f3filo de Espa\u00f1a<\/em>\u201d. Muchos a\u00f1os despu\u00e9s, tras d\u00e9cadas apartado del poder, y cuando pensaba en blanquear su imagen ante la Historia, <strong>Serrano S\u00fa\u00f1er<\/strong> afirmar\u00eda que \u201c<em>Hitler era, evidentemente, un loco atroz, un loco que deriv\u00f3 en criminal. Despu\u00e9s de tratarle en nueve ocasiones llegu\u00e9 a la conclusi\u00f3n de que era un gran histri\u00f3n. Le he visto hacer todos los papeles: de hombre terrible, de hombre tierno, de hombre razonable, de hombre intolerable<\/em>\u201d.<\/span><\/p>\n<p class=\"western\" style=\"text-align: justify;\" align=\"justify\"><span style=\"font-size: 14pt;\">Los generales franquistas pod\u00edan ser de simpat\u00edas mon\u00e1rquicas, falangistas o meramente conservadoras. Filonazis no hab\u00eda tantos. Ojo, distingo entre los filonazis por ideolog\u00eda y aqu\u00e9llos que se arrimaban a la Alemania nazi, porque pensaban que iba a ganar la guerra y esperaban obtener alguna prebenda. Uno de los pocos que he o\u00eddo consistentemente decir que era filonazi, es<strong> Agust\u00edn Mu\u00f1oz Grandes<\/strong>, el general que lider\u00f3 la <strong>Divisi\u00f3n Azul<\/strong>.<\/span><\/p>\n<p class=\"western\" style=\"text-align: justify;\" align=\"justify\"><span style=\"font-size: 14pt;\"><strong>Mu\u00f1oz Grandes<\/strong> tal vez fuera el \u00fanico espa\u00f1ol al que <strong>Hitler<\/strong> admir\u00f3 de verdad. <strong>Hitler<\/strong> coment\u00f3 en su momento:\u00a0\u201c<em>En la primera ocasi\u00f3n, condecorar\u00e9 a <strong>Mu\u00f1oz Grandes<\/strong> con la <strong>Cruz de Hierro con Hojas de roble y brillantes<\/strong>. Ser\u00e1 una buena inversi\u00f3n. Los soldados, sea cual fuere su origen, se entusiasman siempre por un jefe valeroso<\/em>\u201d. Y lo cumpli\u00f3, aunque no lo hizo movido \u00fanicamente por la valent\u00eda del general, sino que ten\u00eda una agenda oculta: \u201c<em>Ser\u00e1 dif\u00edcil encontrar a personas capaces de resolver la situaci\u00f3n pol\u00edtica espa\u00f1ola. Debemos promover tanto como podamos la popularidad de Mu\u00f1oz Grandes, que es un hombre en\u00e9rgico, y por ello el m\u00e1s adecuado<\/em>\u201d. <strong>Hitler<\/strong>, que detestaba a <strong>Serrano S\u00fa\u00f1er<\/strong> y encontraba a <strong>Franco<\/strong> demasiado gallego, juguete\u00f3 con la idea de buscar el reemplazo de Franco por un general filoalem\u00e1n, que pudiera meter m\u00e1s a Espa\u00f1a en la guerra del lado alem\u00e1n. Le llegaron a <strong>Franco<\/strong> los ecos de la jugada y en un pisp\u00e1s, le dio a <strong>Mu\u00f1oz Grandes<\/strong> una patada hacia arriba, design\u00e1ndole a un puesto de relumbr\u00f3n, pero sin mando directo sobre tropas.<\/span><\/p>\n<p class=\"western\" style=\"text-align: justify;\" align=\"justify\"><span style=\"font-size: 14pt;\">El nazismo atrajo a m\u00e1s intelectuales espa\u00f1oles de los que pensar\u00edamos. El primero acaso fuera <strong>Ramiro Ledesma Ramos<\/strong>, quien en sus tiempos de estudiante se hab\u00eda interesado por <strong>Martin Heidegger<\/strong>. \u00c9l fue de los primeros en interesarse por el ascenso del partido nazi y su peri\u00f3dico, \u201c<em><strong>La Conquista del Estado<\/strong><\/em>\u201d, publicar\u00eda extractos del \u201c<em><strong>Mein<\/strong> <strong>Kampf<\/strong><\/em>\u201d. Como el nazismo har\u00eda en Alemania, <strong>Ledesma Ramos<\/strong> abogar\u00eda por aprovechar el esp\u00edritu revolucionario de la clase obrera, redirigi\u00e9ndolo hacia el nazismo. No es tan descabellado como suena. Los extremos se tocan y no pocos obreros comunistas alemanes terminaron en el bando nazi. Nunca sabremos c\u00f3mo habr\u00eda evolucionado ideol\u00f3gicamente <strong>Ledesma<\/strong> <strong>Ramos<\/strong>, dado que fue fusilado al comienzo de la Guerra Civil.<\/span><\/p>\n<p class=\"western\" style=\"text-align: justify;\" align=\"justify\"><span style=\"font-size: 14pt;\">Otro de los primeros filonazis fue <strong>Ernesto Gim\u00e9nez Caballero<\/strong>, aunque se trata de un personaje tan incalificable, que no s\u00e9 si esa etiqueta o cualquier otra le corresponde. <strong>Gim\u00e9nez Caballero<\/strong> iba de fascista, de futurista y de cualquier cosa que espantase a los burgueses sensatos. En sus inicios <strong>Ledesma<\/strong> y <strong>Gim\u00e9nez Caballero<\/strong> simpatizaron y colaboraron juntos, siendo Gim\u00e9nez Caballero uno de los colaboradores de \u201c<em><strong>La Conquista del Estado<\/strong><\/em>\u201d. Pero Gim\u00e9nez Caballero no pasar\u00eda a la Historia tanto por su literatura y su filosof\u00eda, como por sus boutades. La principal de ellas: que <strong>Pilar<\/strong> <strong>Primo de Rivera<\/strong> se casase con <strong>Hitler<\/strong>, para unir lo germ\u00e1nico con lo mediterr\u00e1neo, como hab\u00edan estado unidos durante los Austrias, y acaso engendrasen a un nuevo <strong>Carlos V<\/strong>, al que <strong>Gim\u00e9nez Caballero<\/strong> se refiri\u00f3 una vez en estos t\u00e9rminos: \u201c<em>nuestro hitleriano, nuestro racista germ\u00e1nico, con sus ojos color de lago y avidez de \u00e1guila cabalgando entre cebizas, encinas jupiterinas, \u00e1rboles ces\u00e1reos<\/em>\u201d.<\/span><\/p>\n<p class=\"western\" style=\"text-align: justify;\" align=\"justify\"><span style=\"font-size: 14pt;\">Otra historia de <strong>Gim\u00e9nez Caballero<\/strong>, que no s\u00e9 si creerme; pero con \u00e9l todo era posible. El hispanista <strong>Arturo Farinelli<\/strong> le present\u00f3 al siniestro <strong>Goebbels<\/strong> y trabaron alg\u00fan tipo de amistad estrafalaria. La nochebuena de <strong>1941<\/strong> Gim\u00e9nez Caballero cen\u00f3 en casa de los <strong>Goebbels<\/strong>. A \u00e9ste le regal\u00f3 un capote de luces para que torease a <strong>Churchill<\/strong> y con los ni\u00f1os mont\u00f3 un bel\u00e9n. Incluso dijo que hubo un amago de flirteo mutuo entre \u00e9l y la bell\u00edsima <strong>Magda Goebbels<\/strong>.<\/span><\/p>\n<p class=\"western\" style=\"text-align: justify;\" align=\"justify\"><span style=\"font-size: 14pt;\">Si tuviera que resumir esta entrada, dir\u00eda que <strong>Hitler<\/strong> apareci\u00f3 en la escena pol\u00edtica europea como algo novedoso. Un hombre joven, capaz de plantarle cara al comunismo y que tra\u00eda un discurso distinto del de los caducos l\u00edderes dem\u00f3cratas, que cada vez fascinaban menos al electorado. Desde la lejan\u00eda, uno pod\u00eda hacerse un <strong>Hitler<\/strong> a medida: pod\u00eda obviar la parte racista de su mensaje e insistir en el <em>antibolchevismo<\/em>, pod\u00eda subrayar la recuperaci\u00f3n econ\u00f3mica y olvidarse de c\u00f3mo hab\u00eda dinamitado la democracia. Sus seguidores fueron variados: miembros de la \u00e9lite resentidos o atemorizados ante el ascenso del bolchevismo, nacionalistas ambiciosos, antisemitas furibundos y, finalmente, tipos chuscos a lo <strong>Gim\u00e9nez Caballero<\/strong>.\u00a0<\/span><\/p>\n<p>&nbsp;<\/p>\n<figure id=\"attachment_2245792\" aria-describedby=\"caption-attachment-2245792\" style=\"width: 480px\" class=\"wp-caption aligncenter\"><a href=\"https:\/\/www.abc.es\/estilo\/gente\/20150722\/abci-saludo-nazi-201507222216.html\" target=\"_blank\" rel=\"noopener\"><img loading=\"lazy\" decoding=\"async\" class=\"wp-image-2245792\" src=\"https:\/\/puntocritico.com\/ausajpuntocritico\/wp-content\/uploads\/2022\/04\/duque-644x362-1.jpg\" alt=\"\" width=\"480\" height=\"270\" data-id=\"2245792\" srcset=\"https:\/\/puntocritico.com\/ausajpuntocritico\/wp-content\/uploads\/2022\/04\/duque-644x362-1.jpg 644w, https:\/\/puntocritico.com\/ausajpuntocritico\/wp-content\/uploads\/2022\/04\/duque-644x362-1-300x169.jpg 300w, https:\/\/puntocritico.com\/ausajpuntocritico\/wp-content\/uploads\/2022\/04\/duque-644x362-1-610x343.jpg 610w\" sizes=\"auto, (max-width: 480px) 100vw, 480px\" \/><\/a><figcaption id=\"caption-attachment-2245792\" class=\"wp-caption-text\"><span style=\"color: #008000;\">El Duque de Windsor haciendo el saludo nazi en Alemania en 1937<\/span><\/figcaption><\/figure>\n<p style=\"text-align: center;\" align=\"justify\"><strong><span style=\"color: #008000; font-size: 18pt;\">*******<\/span><\/strong><\/p>\n<h2 style=\"text-align: center;\"><span class=\"titular\">Las olvidadas \u00abbestias jud\u00edas\u00bb que colaboraron en las barbaridades de la Gestapo nazi<\/span><\/h2>\n<p class=\"subtitulo\" style=\"text-align: center;\"><strong><em><span style=\"font-size: 14pt;\">En \u00abEsto no estaba en mi libro de la Segunda Guerra Mundial\u00bb, Jes\u00fas Hern\u00e1ndez investiga la figura de los escasos reos que ayudaron al Tercer Reich a \u00abextorsionar a su propio pueblo\u00bb<\/span><\/em><\/strong><\/p>\n<p style=\"text-align: justify;\"><span style=\"font-size: 14pt;\">Por Manuel P. Villatoro<\/span><\/p>\n<p style=\"text-align: justify;\"><span style=\"font-size: 14pt;\"><a href=\"https:\/\/www.abc.es\/historia\/abci-olvidadas-bestias-judias-colaboraron-barbaridades-gestapo-nazi-201807271419_noticia.html\" target=\"_blank\" rel=\"noopener\">ABC<\/a>, 31 JULIO 2018<\/span><\/p>\n<div><img loading=\"lazy\" decoding=\"async\" class=\"aligncenter size-full wp-image-2246861\" src=\"https:\/\/puntocritico.com\/ausajpuntocritico\/wp-content\/uploads\/2022\/05\/Hitler-2.jpg\" alt=\"\" width=\"700\" height=\"483\" data-id=\"2246861\" srcset=\"https:\/\/puntocritico.com\/ausajpuntocritico\/wp-content\/uploads\/2022\/05\/Hitler-2.jpg 700w, https:\/\/puntocritico.com\/ausajpuntocritico\/wp-content\/uploads\/2022\/05\/Hitler-2-300x207.jpg 300w, https:\/\/puntocritico.com\/ausajpuntocritico\/wp-content\/uploads\/2022\/05\/Hitler-2-610x421.jpg 610w\" sizes=\"auto, (max-width: 700px) 100vw, 700px\" \/><\/div>\n<div>\u00a0<\/div>\n<div style=\"text-align: justify;\">\u00a0<\/div>\n<div style=\"text-align: justify;\">\n<p style=\"text-align: justify;\"><span style=\"font-size: 14pt;\">R\u00edos de tinta se han vertido sobre las atrocidades cometidas por los nazis contra los jud\u00edos. Y no es para menos ya que, hasta que\u00a0<a href=\"https:\/\/www.abc.es\/historia\/personajes\/adolf-hitler\/\" data-voc-vtm-id=\"in-text-traffic\" target=\"_blank\" rel=\"noopener\">Adolf Hitler<\/a>\u00a0acab\u00f3 con su imperio del terror suicid\u00e1ndose en el \u00abF\u00fchrerbunker\u00bb el\u00a0<strong>30 de abril de 1945<\/strong>, sus SS se vanagloriaban de ser el brazo ejecutor encargado de borrar de la faz de la Tierra a aquel pueblo. No en vano, los l\u00edderes de estos fan\u00e1ticos se ganaron a la postre el sobrenombre de \u00ab<strong>Bestias nazis<\/strong>\u00bb por su barbarie y crueldad. Lo que se suele olvidar es que, al calor de la brutalidad de estos fan\u00e1ticos, creci\u00f3 tambi\u00e9n un min\u00fasculo grupo de semitas que aprovecharon aquella triste coyuntura para traicionar a sus compatriotas por propia voluntad.<img loading=\"lazy\" decoding=\"async\" class=\"size-full wp-image-2246863 alignright\" src=\"https:\/\/puntocritico.com\/ausajpuntocritico\/wp-content\/uploads\/2022\/05\/iahernandez-U10109921119XMC-U301186189921tC-220x300@abc.jpg\" alt=\"\" width=\"218\" height=\"300\" data-id=\"2246863\" \/><\/span><\/p>\n<\/div>\n<aside class=\"roba-intercalado sin-fondo layer_inpage\">\n<div id=\"sm-it-main-container-1651054527801\" class=\"sm-it-main-container\" data-it=\"82c94085-3ff3-4909-85e0-5096f73c154f\" data-device=\"desktop\" data-index=\"0\"><span style=\"font-size: 14pt;\">Los nombres y apellidos de la mayor\u00eda de ellos no son tan conocidos a d\u00eda de hoy como los de <a href=\"https:\/\/www.abc.es\/historia\/abci-medicos-nazis-arrancaban-carne-ninos-y-hacian-comer-otros-presos-201805291430_noticia.html\" data-voc-vtm-id=\"in-text-traffic\" target=\"_blank\" rel=\"noopener\">Josef Mengele<\/a>\u00a0o\u00a0<a href=\"https:\/\/www.abc.es\/historia\/abci-bombardeo-guernica-richthofen-nazi-masacro-cientos-republicanos-vascos-nombre-franco-201704260131_noticia.html\" data-voc-vtm-id=\"in-text-traffic\" target=\"_blank\" rel=\"noopener\">Hermann Goering<\/a>. Sin embargo, sus historias son tan reales como las de sus hom\u00f3logos nazis. Por ello, el conocido historiador y periodista\u00a0<strong>Jes\u00fas Hern\u00e1ndez\u00a0<\/strong>(autor del blog \u00ab\u00a0<a href=\"http:\/\/es-la-guerra.blogspot.com\/\" target=\"_blank\" rel=\"noopener\" data-voc-vtm-id=\"in-text-traffic\">\u00a1Es la guerra!<\/a>\u00bb) ha decidido investigar sus figuras en una de sus \u00faltimas obras: \u00ab\u00a0<a href=\"http:\/\/www.grupoalmuzara.com\/a\/fichalibro.php?libro=3453&amp;edi=1\" target=\"_blank\" rel=\"noopener\" data-voc-vtm-id=\"in-text-traffic\">Esto no estaba en mi libro de la Segunda Guerra Mundial<\/a>\u00bb (Almuzara, 2018).<\/span><\/div>\n<\/aside>\n<div data-it=\"82c94085-3ff3-4909-85e0-5096f73c154f\" data-device=\"desktop\" data-index=\"0\">\u00a0<\/div>\n<div style=\"text-align: justify;\" data-it=\"82c94085-3ff3-4909-85e0-5096f73c154f\" data-device=\"desktop\" data-index=\"0\"><span style=\"font-size: 14pt;\">El volumen, sin duda, corrobora a golpe de dato que nuestro pasado navega entre claros y oscuros. \u00abLa existencia de esos despreciables personajes dinamita esa paradigm\u00e1tica historia de buenos y malos y demuestra que no todos los jud\u00edos fueron tan inocentes\u00bb, explica el autor en declaraciones a ABC.<\/span><\/div>\n<div data-it=\"82c94085-3ff3-4909-85e0-5096f73c154f\" data-device=\"desktop\" data-index=\"0\">\n<p style=\"text-align: justify;\"><span style=\"font-size: 14pt;\">Con todo, la obra no solo recoge las historias del escaso n\u00famero de jud\u00edos que traicionaron a su propio pueblo para ganarse el favor de los nazis, sino que trata de desvelar tambi\u00e9n otros episodios escondidos de la\u00a0<strong>Segunda Guerra Mundial<\/strong>\u00a0como la segregaci\u00f3n racial que hubo en el ej\u00e9rcito de los Estados Unidos (cuando comenz\u00f3 la contienda apenas 4.000 negros vest\u00edan el uniforme norteamericano) o las matanzas de oficiales polacos que organiz\u00f3 el\u00a0<a href=\"https:\/\/www.abc.es\/historia\/abci-katyn-oculta-masacre-comunista-stalin-aniquilo-22000-prisioneros-guerra-201702140109_noticia.html\" data-voc-vtm-id=\"in-text-traffic\" target=\"_blank\" rel=\"noopener\">camarada Stalin\u00a0<\/a>a principios de 1940.<\/span><\/p>\n<p style=\"text-align: justify;\"><span style=\"font-size: 14pt;\">\u00abEn sus p\u00e1ginas, el lector podr\u00e1 conocer\u00a0<strong>hechos de todo tipo<\/strong>, desde curiosos e ins\u00f3litos, hasta tr\u00e1gicos y deplorables, pero teniendo todos en com\u00fan que, por un motivo u otro, han quedado fuera de lo que habitualmente se explica del conflicto\u00bb, a\u00f1ade.<\/span><\/p>\n<\/div>\n<p>&nbsp;<\/p>\n<figure id=\"attachment_2246867\" aria-describedby=\"caption-attachment-2246867\" style=\"width: 360px\" class=\"wp-caption aligncenter\"><a href=\"https:\/\/es.wikipedia.org\/wiki\/Incendio_del_Reichstag\" target=\"_blank\" rel=\"noopener\"><img loading=\"lazy\" decoding=\"async\" class=\"wp-image-2246867\" src=\"https:\/\/puntocritico.com\/ausajpuntocritico\/wp-content\/uploads\/2022\/05\/Incendio-del-reichstag.jpeg\" alt=\"\" width=\"360\" height=\"461\" data-id=\"2246867\" srcset=\"https:\/\/puntocritico.com\/ausajpuntocritico\/wp-content\/uploads\/2022\/05\/Incendio-del-reichstag.jpeg 656w, https:\/\/puntocritico.com\/ausajpuntocritico\/wp-content\/uploads\/2022\/05\/Incendio-del-reichstag-234x300.jpeg 234w, https:\/\/puntocritico.com\/ausajpuntocritico\/wp-content\/uploads\/2022\/05\/Incendio-del-reichstag-610x781.jpeg 610w\" sizes=\"auto, (max-width: 360px) 100vw, 360px\" \/><\/a><figcaption id=\"caption-attachment-2246867\" class=\"wp-caption-text\"><span style=\"color: #008000;\">Incendio del Reichstag, 1933<\/span><\/figcaption><\/figure>\n<p style=\"text-align: justify;\"><strong><span style=\"font-size: 14pt; text-align: justify;\">Diversas motivaciones<\/span><\/strong><\/p>\n<div data-it=\"82c94085-3ff3-4909-85e0-5096f73c154f\" data-device=\"desktop\" data-index=\"0\">\n<p style=\"text-align: justify;\"><span style=\"font-size: 14pt;\">Tal y como explica Hern\u00e1ndez a ABC, lo primordial al hacer referencia a estos personajes es incidir en que existieron dos tipos muy diferentes de jud\u00edos que apoyaron a los nazis. Los primeros fueron hombres y mujeres extorsionados que no tuvieron m\u00e1s remedio que entregar a su pueblo para evitar la crueldad germana.<\/span><\/p>\n<p style=\"text-align: justify;\"><span style=\"font-size: 14pt;\">\u00ab<strong>En este caso era cuesti\u00f3n de mera supervivencia<\/strong>\u00bb, se\u00f1ala el historiador. Por el contrario, en el segundo grupo se incluye a todos aquellos que decidieron por propia voluntad aprovecharse de las ventajas que les ofrec\u00edan los hombres de Hitler a cambio de traicionar a sus vecinos y amigos. \u00abEstos \u00faltimos son los que trato en el libro\u00bb, desvela.<\/span><\/p>\n<p style=\"text-align: justify;\"><span style=\"font-size: 14pt;\">En este segundo grupo destacaron personajes tan turbios como\u00a0<strong>Mordechai Chaim Rumkowski<\/strong>, un empresario jud\u00edo que se convirti\u00f3 en un aut\u00e9ntico d\u00e9spota cuando fue puesto al frente de la asamblea encargada de dirigir el gueto de Lodz. \u00abEntre otras tantas cosas, exig\u00eda favores sexuales a las mujeres bajo amenaza de incluirlas en las listas de deportados, que \u00e9l confeccionaba\u00bb, se\u00f1ala el autor. Por si fuera poco, este ambicioso anciano se excusaba ante sus compatriotas afirmando que, gracias a sus selecciones, lograba aplacar la ira de los nazis y evitaba que las matanzas fuese todav\u00eda mayores. El final de este personaje fue tan cruel como lo fue toda su vida.<\/span><\/p>\n<p>&nbsp;<\/p>\n<\/div>\n<aside><\/aside>\n<aside>\n<figure id=\"attachment_2246862\" aria-describedby=\"caption-attachment-2246862\" style=\"width: 510px\" class=\"wp-caption aligncenter\"><img loading=\"lazy\" decoding=\"async\" class=\"size-full wp-image-2246862\" src=\"https:\/\/puntocritico.com\/ausajpuntocritico\/wp-content\/uploads\/2022\/05\/gueto-varsovia-kN5-510x349@abc.jpg\" alt=\"\" width=\"510\" height=\"348\" data-id=\"2246862\" srcset=\"https:\/\/puntocritico.com\/ausajpuntocritico\/wp-content\/uploads\/2022\/05\/gueto-varsovia-kN5-510x349@abc.jpg 510w, https:\/\/puntocritico.com\/ausajpuntocritico\/wp-content\/uploads\/2022\/05\/gueto-varsovia-kN5-510x349@abc-300x205.jpg 300w\" sizes=\"auto, (max-width: 510px) 100vw, 510px\" \/><figcaption id=\"caption-attachment-2246862\" class=\"wp-caption-text\"><span style=\"color: #008000;\">Un grupo de jud\u00edos en el gueto de Varsovia en 1943<\/span><\/figcaption><\/figure><br \/>\n<\/aside>\n<p style=\"text-align: justify;\"><span style=\"font-size: 14pt;\">Rumkowski rozaba la locura, pero hubo un colaboracionista todav\u00eda m\u00e1s s\u00e1dico que \u00e9l:\u00a0<strong>Abraham Gancwajch<\/strong>. Este polaco comenz\u00f3 a \u00abtrabajar\u00bb con las temibles SS a partir de 1939 y, cuando fue organizado el gueto de Varsovia, recibi\u00f3 el encargo de organizar una polic\u00eda dedicada a combatir el contrabando y delatar a todo aquel que estuviese tramando algo contra el <strong>Tercer Reich<\/strong>. Nuestro protagonista fue mucho m\u00e1s all\u00e1. Bajo sus \u00f3rdenes, sus agentes instauraron un r\u00e9gimen del terror basado en la extorsi\u00f3n econ\u00f3mica, el chantaje y el chivatazo.<\/span><\/p>\n<p style=\"text-align: justify;\"><span style=\"font-size: 14pt;\">Lo m\u00e1s preocupante es que, para evitar que la poblaci\u00f3n del gueto atacase a sus agentes, Gancwajch adopt\u00f3 una estrategia que, a la postre, ser\u00eda replicada por el famoso\u00a0<strong>Pablo Escobar<\/strong>: dar dinero a los m\u00e1s pobres del recinto para intentar forjarse una imagen de benefactor. Al observar que su poder crec\u00eda cada vez m\u00e1s, los alemanes acabaron deteni\u00e9ndole.<\/span><\/p>\n<p style=\"text-align: justify;\"><span style=\"font-size: 14pt;\">Pero la crueldad no ten\u00eda solo rostro de hombre. En Berl\u00edn, por ejemplo, se hizo famosa una jud\u00eda que delat\u00f3 a 2.300 de sus compatriotas durante la\u00a0<strong>Segunda Guerra Mundial<\/strong>.\u00a0<strong>Stella K\u00fcbler<\/strong>, apodada el \u00ab<strong>Veneno rubio<\/strong>\u00bb, acept\u00f3 trabajar para la\u00a0<a href=\"https:\/\/www.abc.es\/historia\/abci-triste-exilio-tarradellas-catalanista-gestapo-nazi-encarcelo-campo-concentracion-201710231145_noticia.html\" data-voc-vtm-id=\"in-text-traffic\" target=\"_blank\" rel=\"noopener\">Gestapo\u00a0<\/a>como esp\u00eda despu\u00e9s de que sus agentes amenazaran con deportarla, junto a sus padres, a un campo de concentraci\u00f3n.<\/span><\/p>\n<p style=\"text-align: justify;\"><span style=\"font-size: 14pt;\">En palabras de Hern\u00e1ndez, comenz\u00f3 a trabajar para ellos por obligaci\u00f3n, pero pronto se \u00ab<strong>emple\u00f3 a fondo<\/strong>\u00bb en su nueva tarea. De hecho, continu\u00f3 con ella despu\u00e9s de que su familia fuese asesinada en\u00a0<a href=\"https:\/\/www.abc.es\/historia\/abci-auschwitz-campo-exterminio-enorgullecia-nazismo-201701272058_noticia.html\" data-voc-vtm-id=\"in-text-traffic\" target=\"_blank\" rel=\"noopener\">Auschwitz<\/a>. \u00abEn un sorprendente giro de los acontemientos, en esta nueva etapa actu\u00f3 con aut\u00e9ntico entusiasmo en la localizaci\u00f3n de los jud\u00edos que trataban de sobrevivir ocultos\u00bb, completa el historiador.<\/span><\/p>\n<p>&nbsp;<\/p>\n<figure id=\"attachment_2246864\" aria-describedby=\"caption-attachment-2246864\" style=\"width: 510px\" class=\"wp-caption aligncenter\"><img loading=\"lazy\" decoding=\"async\" class=\"size-full wp-image-2246864\" src=\"https:\/\/puntocritico.com\/ausajpuntocritico\/wp-content\/uploads\/2022\/05\/jesushernandez2-kZ4C-510x349@abc.jpg\" alt=\"\" width=\"510\" height=\"349\" data-id=\"2246864\" srcset=\"https:\/\/puntocritico.com\/ausajpuntocritico\/wp-content\/uploads\/2022\/05\/jesushernandez2-kZ4C-510x349@abc.jpg 510w, https:\/\/puntocritico.com\/ausajpuntocritico\/wp-content\/uploads\/2022\/05\/jesushernandez2-kZ4C-510x349@abc-300x205.jpg 300w\" sizes=\"auto, (max-width: 510px) 100vw, 510px\" \/><figcaption id=\"caption-attachment-2246864\" class=\"wp-caption-text\"><span style=\"color: #008000;\">Jes\u00fas Hern\u00e1ndez, durante la entrevista &#8211; ABC<\/span><\/figcaption><\/figure>\n<p>&nbsp;<\/p>\n<p style=\"text-align: justify;\"><span style=\"font-size: 14pt;\"><strong><i>1-\u00bfQu\u00e9 llev\u00f3 a algunos jud\u00edos a colaborar con los alemanes? \u00bfEra una pr\u00e1ctica habitual?<\/i><\/strong><\/span><\/p>\n<p style=\"text-align: justify;\"><span style=\"font-size: 14pt;\">Yo distingo entre los jud\u00edos que se vieron obligados a colaborar con los nazis, por ejemplo, en los\u00a0<a href=\"https:\/\/www.abc.es\/historia\/guerras\/campos-de-concentracion-en-la-segunda-guerra-mundial\/\" data-voc-vtm-id=\"in-text-traffic\" target=\"_blank\" rel=\"noopener\">campos de concentraci\u00f3n<\/a>, y los que se aprovecharon de esa relaci\u00f3n para alimentar sus ansias de poder, y robar y extorsionar a su propio pueblo. En el primer caso era cuesti\u00f3n de mera supervivencia, mientras que en el segundo, que es el que trato en mi libro, se dio un aprovechamiento de esas terribles circunstancias para cometer delitos impunemente. Por lo que he podido saber, ese colaboracionismo corrupto era habitual en todos los guetos.<\/span><\/p>\n<p style=\"text-align: justify;\"><span style=\"font-size: 14pt;\"><strong><i>2-Los personajes de su obra son totalmente desconocidos&#8230;<\/i><\/strong><\/span><\/p>\n<p style=\"text-align: justify;\"><span style=\"font-size: 14pt;\">S\u00ed, esos jud\u00edos que colaboraron de manera entusiasta con los nazis, obteniendo innobles ventajas a costa del sufrimiento de su propio pueblo, \u00bfpueden ser tambi\u00e9n considerados como v\u00edctimas de aquella persecuci\u00f3n? Mediante libros, novelas y pel\u00edculas distinguimos claramente a los verdugos, los nazis, de las v\u00edctimas inocentes, los jud\u00edos. Pero la existencia de esos despreciables personajes dinamita esa paradigm\u00e1tica historia de buenos y malos, demostrando que no todos los jud\u00edos fueron tan inocentes. Est\u00e1 claro que su existencia resulta perturbadora, por lo que es normal que los historiadores prefieran no mirar hacia esa inc\u00f3moda \u201czona gris\u201d.<\/span><\/p>\n<p style=\"text-align: justify;\"><span style=\"font-size: 14pt;\"><strong><i>3-\u00bfCu\u00e1les eran las tareas m\u00e1s habituales que los nazis les encargaban?<\/i><\/strong><\/span><\/p>\n<p style=\"text-align: justify;\"><span style=\"font-size: 14pt;\">La misi\u00f3n fundamental era mantener el orden en el interior de los guetos. Si esas miles de personas hambrientas y desesperadas se sublevaban pod\u00edan poner en apuros a los alemanes, como se vio en el levantamiento del\u00a0<a href=\"https:\/\/www.abc.es\/cultura\/libros\/20130803\/abci-aniversario-alzamiento-varsovia-201308021652.html\" data-voc-vtm-id=\"in-text-traffic\" target=\"_blank\" rel=\"noopener\">gueto de Varsovia\u00a0<\/a>en marzo de 1943. De ello se encargar\u00eda la Polic\u00eda Jud\u00eda. Tambi\u00e9n hab\u00eda que confeccionar las listas de deportados y de bienes a confiscar. Por otro lado, los nazis necesitaban delatores que les informasen de cualquier movimiento subversivo. Sin esta amplia colaboraci\u00f3n, no sabemos si se hubieran salvado muchas vidas, pero est\u00e1 claro que a los alemanes les hubiera sido bastante m\u00e1s dif\u00edcil gestionar su pol\u00edtica de guetos.<\/span><\/p>\n<p>&nbsp;<\/p>\n<blockquote>\n<p style=\"text-align: center;\"><strong><span class=\"texto-sumario\" style=\"font-size: 14pt; color: #008000;\">\u00abLa misi\u00f3n fundamental de los jud\u00edos que colaboraron con los nazis era mantener el orden en el interior de los guetos\u00bb<\/span><\/strong><\/p>\n<\/blockquote>\n<p>&nbsp;<\/p>\n<p style=\"text-align: justify;\"><span style=\"font-size: 14pt;\"><strong><i>4-\u00bfQu\u00e9 les llevaba a utilizar reos para controlar lugares como el Gueto de Varsovia?<\/i><\/strong><\/span><\/p>\n<p style=\"text-align: justify;\"><span style=\"font-size: 14pt;\">Para mantener esa calma en los guetos resultaba m\u00e1s efectivo confiar la organizaci\u00f3n a los propios jud\u00edos. Si hubieran tenido que ser los alemanes los que confeccionasen las listas, patrullasen las calles y montasen todo el dispositivo para las deportaciones, el riesgo de des\u00f3rdenes habr\u00eda sido mayor, as\u00ed como el desgaste personal. Curiosamente, hubo\u00a0<a href=\"https:\/\/www.abc.es\/historia\/abci-auschwitz-campo-exterminio-enorgullecia-nazismo-201701272058_noticia.html\" data-voc-vtm-id=\"in-text-traffic\" target=\"_blank\" rel=\"noopener\">campos de exterminio\u00a0<\/a>que siguieron el mismo esquema, funcionando con apenas personal alem\u00e1n, siendo los propios prisioneros los que hac\u00edan casi todo el trabajo. Resulta tan desconcertante como turbador esa especie de exterminio autogestionado.<\/span><\/p>\n<p style=\"text-align: justify;\"><span style=\"font-size: 14pt;\"><strong><i>5-Afirma que personajes como los miembros de la Polic\u00eda Jud\u00eda del Gueto de Varsovia eran, en ocasiones, m\u00e1s violentos que los propios nazis. Un comportamiento que tambi\u00e9n se ve\u00eda en los \u201ckapos\u201d de los campos de concentraci\u00f3n&#8230;<\/i><\/strong><\/span><\/p>\n<p style=\"text-align: justify;\"><span style=\"font-size: 14pt;\">Creo que a esta cuesti\u00f3n deber\u00eda responder un psic\u00f3logo, pero me aventuro a decir que quiz\u00e1s quer\u00edan despegarse lo m\u00e1s posible del resto de jud\u00edos, que se sab\u00edan condenados. Mostrando brutalidad te acercabas m\u00e1s a los nazis, lo que representaba la salvaci\u00f3n, y te alejabas de aqu\u00e9llos que iban a ir al matadero. Ser\u00eda algo as\u00ed como la exaltada fe del converso. Igualmente, si a una persona con tendencias violentas le das poder, dar\u00e1 rienda suelta a esa crueldad que lleva dentro. Eso lo sab\u00edan los nazis, por lo que sol\u00edan escoger como \u201c\u00a0<a href=\"https:\/\/www.abc.es\/cultura\/20150116\/abci-mujeres-nazis-campos-concentracion-201501151730.html\" data-voc-vtm-id=\"in-text-traffic\" target=\"_blank\" rel=\"noopener\">kapos<\/a>\u201d a delincuentes comunes, que actuaban como perros de presa contra los otros prisioneros.<\/span><\/p>\n<p>&nbsp;<\/p>\n<figure id=\"attachment_2246865\" aria-describedby=\"caption-attachment-2246865\" style=\"width: 510px\" class=\"wp-caption aligncenter\"><img loading=\"lazy\" decoding=\"async\" class=\"size-full wp-image-2246865\" src=\"https:\/\/puntocritico.com\/ausajpuntocritico\/wp-content\/uploads\/2022\/05\/mordechai-kZ4C-510x349@abc.jpg\" alt=\"\" width=\"510\" height=\"349\" data-id=\"2246865\" srcset=\"https:\/\/puntocritico.com\/ausajpuntocritico\/wp-content\/uploads\/2022\/05\/mordechai-kZ4C-510x349@abc.jpg 510w, https:\/\/puntocritico.com\/ausajpuntocritico\/wp-content\/uploads\/2022\/05\/mordechai-kZ4C-510x349@abc-300x205.jpg 300w\" sizes=\"auto, (max-width: 510px) 100vw, 510px\" \/><figcaption id=\"caption-attachment-2246865\" class=\"wp-caption-text\"><span style=\"color: #008000;\">Mordechai Chaim Rumkokski<\/span><\/figcaption><\/figure>\n<p>&nbsp;<\/p>\n<p style=\"text-align: justify;\"><span style=\"font-size: 14pt;\"><strong><i>6-Quiz\u00e1 el ejemplo de maldad (o locura) m\u00e1s destacado de este grupo sea el de Mordechai Chaim Rumkokski\u2026 \u00bfHasta d\u00f3nde llegaban sus excentricidades?<\/i><\/strong><\/span><\/p>\n<p style=\"text-align: justify;\"><span style=\"font-size: 14pt;\">Chaim Rumkowski era el presidente del Consejo Jud\u00edo o Judenrat del\u00a0<a href=\"https:\/\/www.abc.es\/cultura\/abci-segunda-guerra-mundial-amor-labrado-chapa-gueto-judio-lodz-201711210921_noticia.html\" data-voc-vtm-id=\"in-text-traffic\" target=\"_blank\" rel=\"noopener\">gueto de Lodz\u00a0<\/a>y parece un personaje salido de la imaginaci\u00f3n de un escritor. Puesto a dedo por los nazis, una vez en su cargo se crey\u00f3 una especie de monarca absoluto. Se desplazaba en una destartalada carroza con escolta, acu\u00f1\u00f3 una moneda propia, el rumkie, y emiti\u00f3 sellos de correos con su efigie.<\/span><\/p>\n<p style=\"text-align: justify;\"><span style=\"font-size: 14pt;\">Por esos delirios de grandeza, la gente le apodaba Chaim I. Instaur\u00f3 una especie de dictadura, reprimiendo huelgas y protestas, adem\u00e1s de a sus opositores, todo con el visto bueno de los nazis, encantados con que reinase el orden en el gueto. Como muestra de su baja catadura moral, exig\u00eda favores sexuales a las mujeres bajo amenaza de incluirlas en las listas de deportados, que \u00e9l confeccionaba, unas listas en las que figurar\u00edan unos veinte mil ni\u00f1os. Pero eso no le sirvi\u00f3 para sobrevivir. \u00c9l y su familia subir\u00edan al \u00faltimo tren con destino a Auschwitz, en donde fue linchado por unos jud\u00edos que lo reconocieron.<\/span><\/p>\n<p style=\"text-align: justify;\"><span style=\"font-size: 14pt;\"><strong><i>7- Otro de ellos fue Abraham Gancwajch, un hombre que, seg\u00fan afirma en su obra, estaba seguro de que los alemanes iban a ganar la guerra.<\/i><\/strong><\/span><\/p>\n<p style=\"text-align: justify;\"><span style=\"font-size: 14pt;\">Quiz\u00e1s sea el personaje, de entre este detestable elenco, que provoca mayor repulsi\u00f3n. Cre\u00f3 una red colaboracionista en el gueto de Varsovia, con la protecci\u00f3n directa de la\u00a0<a href=\"https:\/\/www.abc.es\/historia\/abci-grethe-bartram-chivata-danesa-gestapo-201702230856_noticia.html\" data-voc-vtm-id=\"in-text-traffic\" target=\"_blank\" rel=\"noopener\">Gestapo<\/a>, a quienes reportaban cualquier sospecha. A cambio ten\u00edan pista libre para dedicarse al contrabando, el mercado negro y la extorsi\u00f3n. Incluso comet\u00edan secuestros, exigiendo un pago para no acusar a la v\u00edctima de cualquier cosa ante los nazis.<\/span><\/p>\n<p style=\"text-align: justify;\"><span style=\"font-size: 14pt;\">Tambi\u00e9n impuls\u00f3 iniciativas benefactoras para la comunidad, pero no eran m\u00e1s que tapaderas, como una ambulancia que usaba para el contrabando. Esa banda mafiosa contaba con unos cuatrocientos miembros, lo que da idea de su relevancia. No s\u00e9 si Gancwajch cre\u00eda de verdad que los alemanes ganar\u00edan la guerra, aunque eso era lo que aseguraba. Lo cierto es que vivi\u00f3 muy bien bajo el dominio nazi.<\/span><\/p>\n<p>&nbsp;<\/p>\n<blockquote>\n<p style=\"text-align: center;\"><strong><span class=\"texto-sumario\" style=\"font-size: 14pt; color: #008000;\">\u00abCzerniakow se encargaba de confeccionar las listas de bienes a confiscar y de los jud\u00edos que deb\u00edan ser enviados a los campos de exterminio\u00bb<\/span><\/strong><\/p>\n<\/blockquote>\n<p>&nbsp;<\/p>\n<p style=\"text-align: justify;\"><span style=\"font-size: 14pt;\"><strong><i>8-Por otro lado, otros personajes como Adam Czerniak\u00f3w se mostraron m\u00e1s \u00abhumanos\u00bb, si es que puede decirse as\u00ed.<\/i><\/strong><\/span><\/p>\n<p style=\"text-align: justify;\"><span style=\"font-size: 14pt;\">Adam Czerniakow estaba al frente del Judenrat del gueto de Varsovia. Se encargaba de hacer cumplir las \u00f3rdenes de los alemanes y de confeccionar las listas de bienes a confiscar y de los jud\u00edos que deb\u00edan ser enviados a los campos de exterminio. Su Polic\u00eda Jud\u00eda conduc\u00eda a los deportados a los puntos de embarque. Al menos, trat\u00f3 de salvar vidas cuando los alemanes ordenaron una deportaci\u00f3n masiva, en julio de 1942. Cuando vio que no pod\u00eda hacer nada para evitarla, tuvo un rasgo de dignidad suicid\u00e1ndose.<\/span><\/p>\n<p style=\"text-align: justify;\"><span style=\"font-size: 14pt;\"><strong><i>9-\u00bfCree que puede existir perd\u00f3n para los jud\u00edos que traicionaron a su propio pueblo? \u00bfLo recibieron por parte del pueblo polaco?<\/i><\/strong><\/span><\/p>\n<p style=\"text-align: justify;\"><span style=\"font-size: 14pt;\">Los jud\u00edos han preferido correr un tupido velo sobre esos personajes ya que, como he dicho, su existencia supone una quiebra del esquema que se ha forjado sobre aquella persecuci\u00f3n. De hecho, los pocos miembros de la Polic\u00eda Jud\u00eda que fueron juzgados tras la guerra fueron discretamente absueltos. El perdonarles ahora p\u00fablicamente, o siquiera analizar y debatir el papel que jugaron, ser\u00eda ponerlos bajo el foco, y no creo que est\u00e9n interesados en ello.<\/span><\/p>\n<p style=\"text-align: justify;\"><span style=\"font-size: 14pt;\">En cuanto a los polacos, no me consta ninguna reacci\u00f3n, quiz\u00e1s porque el exterminio de los jud\u00edos tambi\u00e9n es un tema inc\u00f3modo, debido a que el antisemitismo estaba entonces bastante extendido entre la sociedad polaca, as\u00ed que tampoco les interesa demasiado revolver aquellos asuntos.<\/span><\/p>\n<p style=\"text-align: justify;\"><span style=\"font-size: 14pt;\"><strong><i>10-\u00bfC\u00f3mo es posible que la IIGM sea uno de los conflictos mejor documentados de la historia y, a pesar de todo, siga sorprendi\u00e9ndonos d\u00eda tras d\u00eda?<\/i><\/strong><\/span><\/p>\n<p style=\"text-align: justify;\"><span style=\"font-size: 14pt;\">El caudal de acontecimientos fue brutal, la cifra de protagonistas fue ingente y el escenario fue planetario, y todo ello concentrado en poco espacio de tiempo, por lo que si una cosa abunda son historias interesantes que contar. Adem\u00e1s, observo que los historiadores se suelen centrar siempre en los mismos temas, obviando otros que, como el que nos ocupa, resulta realmente atractivo y estimulante. Todo ello hace que aquel conflicto represente un fil\u00f3n realmente inagotable.<\/span><\/p>\n<p style=\"text-align: justify;\"><span style=\"font-size: 14pt;\"><strong><i>11-\u00bfCu\u00e1l es el siguiente trabajo que tiene en la mente Jes\u00fas Hern\u00e1ndez?<\/i><\/strong><\/span><\/p>\n<p style=\"text-align: justify;\"><span style=\"font-size: 14pt;\">Ahora acaba de salir a la venta en la editorial Roca una edici\u00f3n ampliada y actualizada de mi libro \u00bb\u00a0<a href=\"https:\/\/www.abc.es\/historia\/abci-verdad-sobre-historicos-discursos-churchill-contra-hitler-incomodo-britanicos-201807120129_noticia.html\" data-voc-vtm-id=\"in-text-traffic\" target=\"_blank\" rel=\"noopener\">Hechos ins\u00f3litos de la Segunda Guerra Mundial<\/a>\u00bb y en noviembre, si los dioses quieren, se publicar\u00e1 mi vigesimotercera obra, dedicada a grandes atrocidades de la\u00a0<a href=\"https:\/\/www.abc.es\/historia\/guerras\/segunda-guerra-mundial\/\" data-voc-vtm-id=\"in-text-traffic\" target=\"_blank\" rel=\"noopener\">Segunda Guerra Mundial<\/a>, con la que espero tambi\u00e9n sorprender al lector, ya que he recogido un buen n\u00famero de hechos que, inexplicablemente, apenas han sido tratados por los historiadores.<\/span><\/p>\n<p>&nbsp;<\/p>\n<p align=\"justify\"><img loading=\"lazy\" decoding=\"async\" class=\"aligncenter wp-image-2246868 size-mh-magazine-content\" src=\"https:\/\/puntocritico.com\/ausajpuntocritico\/wp-content\/uploads\/2022\/05\/Hitler-amado-por-todos-678x381.jpeg\" alt=\"\" width=\"678\" height=\"381\" data-id=\"2246868\" srcset=\"https:\/\/puntocritico.com\/ausajpuntocritico\/wp-content\/uploads\/2022\/05\/Hitler-amado-por-todos-678x381.jpeg 678w, https:\/\/puntocritico.com\/ausajpuntocritico\/wp-content\/uploads\/2022\/05\/Hitler-amado-por-todos-300x169.jpeg 300w, https:\/\/puntocritico.com\/ausajpuntocritico\/wp-content\/uploads\/2022\/05\/Hitler-amado-por-todos-768x432.jpeg 768w, https:\/\/puntocritico.com\/ausajpuntocritico\/wp-content\/uploads\/2022\/05\/Hitler-amado-por-todos-610x343.jpeg 610w, https:\/\/puntocritico.com\/ausajpuntocritico\/wp-content\/uploads\/2022\/05\/Hitler-amado-por-todos.jpeg 992w\" sizes=\"auto, (max-width: 678px) 100vw, 678px\" \/><\/p>\n<p style=\"text-align: center;\" align=\"justify\"><strong><span style=\"color: #008000; font-size: 18pt;\">*******<\/span><\/strong><\/p>\n<div class=\"article-title\">\n<h2 class=\"title\" style=\"text-align: center;\"><span style=\"font-size: 24pt;\">Kapos, un tema que muchos jud\u00edos no quieren abordar<\/span><\/h2>\n<\/div>\n<div class=\"article-sub-title \">\n<p style=\"text-align: center;\"><em><strong><span style=\"font-size: 14pt;\">A la comunidad jud\u00eda le duele todo debate sobre los kapos jud\u00edos para controlar jud\u00edos en los campos de concentraci\u00f3n de los alemanes nazis. La susceptibilidad es elevada, repleta de reproches y tambi\u00e9n mitos urbanos. De alguna manera ocurre tal como con los peronistas, que nunca abordaron los detenidos-desaparecidos en la democracia (25\/05\/1973 a 24\/03\/1976).<\/span><\/strong><\/em><\/p>\n<\/div>\n<p style=\"text-align: justify;\" align=\"justify\"><span style=\"font-size: 14pt;\"><a href=\"https:\/\/urgente24.com\/foco\/memoria\/kapos-un-tema-que-muchos-judios-no-quieren-abordar\" target=\"_blank\" rel=\"noopener\">U24<\/a>, 5 MAYO 2019<\/span><\/p>\n<p align=\"justify\"><img loading=\"lazy\" decoding=\"async\" class=\"aligncenter wp-image-2246839 size-mh-magazine-content\" src=\"https:\/\/puntocritico.com\/ausajpuntocritico\/wp-content\/uploads\/2022\/05\/oberkapo_-_armbindejpg-678x381.webp\" alt=\"\" width=\"678\" height=\"381\" data-id=\"2246839\" \/><\/p>\n<p align=\"justify\">\u00a0<\/p>\n<article class=\"article-body first\">\n<div class=\"article-content selectionShareable\">\n<div class=\"cuerpo\" data-twitter-link=\"\">\n<p style=\"text-align: justify;\"><span style=\"font-size: 14pt;\"><em>\u00abKrankemann lleg\u00f3 al campo de concentraci\u00f3n con la segunda remesa de criminales alemanes, trasladados desde Sachsenhausen el 29 de agosto de 1940. Se hab\u00eda hecho objeto de la inquina de muchos de los representantes de las SS, pero contaba con el respaldo de Karl Fritsch, el Lagerf\u00fchrer, y Palitzsch, el Rapportf\u00fchrer. Krankemann, hombre tremendamente obeso, acostumbraba sentarse en la apisonadora gigante que se empleaba para allanar la explanada situada en el centro del campo de concentraci\u00f3n, destinada a pasar lista a los internos.\u00a0<\/em><\/span><\/p>\n<\/div>\n<\/div>\n<\/article>\n<article class=\"article-body\">\n<div class=\"article-content selectionShareable\">\n<div class=\"cuerpo\" data-twitter-link=\"\">\n<article class=\"article-body\">\n<div class=\"article-content selectionShareable\">\n<div class=\"cuerpo\" data-twitter-link=\"\">\n<p style=\"text-align: justify;\"><span style=\"font-size: 14pt;\"><em>-La primera vez que lo vi -comenta Jerzy Bielecki, uno de los primeros presos en llegar a Auschwitz- estaban apisonando la plaza situada entre los dos bloques, y el peso de la m\u00e1quina era tal que las veinte o veinticinco personas que compon\u00edan la unidad apenas eran capaces de hacerla avanzar. Krankemann los fustigaba con un l\u00e1tigo mientras gritaba: \u00ab\u00a1m\u00e1s r\u00e1pido, perros!\u00bb.<\/em><\/span><\/p>\n<\/div>\n<article class=\"article-body\">\n<div class=\"article-content selectionShareable\">\n<div class=\"cuerpo\" data-twitter-link=\"\">\n<p style=\"text-align: justify;\"><span style=\"font-size: 14pt;\"><em>Bielecki fue testigo de c\u00f3mo se obligaba a trabajar a aquellos reclusos en la nivelaci\u00f3n del terreno sin un descanso en todo el d\u00eda. A la ca\u00edda de la tarde, uno de ellos se desplom\u00f3 de rodillas sin poder levantarse. Entonces, Krankemann orden\u00f3 a los dem\u00e1s que hiciesen pasar la colosal apisonadora por encima del compa\u00f1ero que se hallaba postrado.\u00a0<\/em><\/span><\/p>\n<\/div>\n<\/div>\n<\/article>\n<article class=\"article-body\">\n<div class=\"article-content selectionShareable\">\n<div class=\"cuerpo\" data-twitter-link=\"\"><span style=\"font-size: 14pt;\"><em>-Yo ya estaba acostumbrado a presenciar toda clase de muertes y apaleamientos -afirma Bielecki-; pero lo que vi en aquella ocasi\u00f3n hizo que se me helase la sangre en las venas<\/em>(&#8230;)\u00bb.<\/span><\/div>\n<\/div>\n<\/article>\n<article class=\"article-body\">\n<div class=\"article-content selectionShareable\">\n<div class=\"cuerpo\" style=\"text-align: center;\" data-twitter-link=\"\">\n<p style=\"text-align: right;\"><span style=\"font-size: 14pt;\"><strong>Laurence Rees<\/strong>,<\/span><br \/>\n<span style=\"font-size: 14pt;\">\u00abAuschwitz. Los nazis y la soluci\u00f3n final\u00bb<\/span><br \/>\n<span style=\"font-size: 14pt;\">(Planeta DeAgostini 2006. P\u00e1g. 60).<\/span><\/p>\n<p><span style=\"color: #008000; font-size: 18pt;\">***<\/span><\/div>\n<div class=\"cuerpo\" data-twitter-link=\"\">\u00a0<\/div>\n<div class=\"cuerpo\" style=\"text-align: center;\" data-twitter-link=\"\"><span style=\"font-size: 14pt;\">\u00ab(&#8230;) <em>Afirma que personajes como los miembros de la Polic\u00eda Jud\u00eda del ghetto de Varsovia eran, en ocasiones, m\u00e1s violentos que los propios nazis. Un comportamiento que tambi\u00e9n se ve\u00eda en los \u201ckapos\u201d de los campos de concentraci\u00f3n (&#8230;)<\/em><\/span><\/p>\n<p style=\"text-align: justify;\"><span style=\"font-size: 14pt;\"><em>Creo que a esta cuesti\u00f3n deber\u00eda responder un psic\u00f3logo, pero me aventuro a decir que quiz\u00e1s quer\u00edan despegarse lo m\u00e1s posible del resto de jud\u00edos, que se sab\u00edan condenados. Mostrando brutalidad te acercabas m\u00e1s a los nazis, lo que representaba la salvaci\u00f3n, y te alejabas de aqu\u00e9llos que iban a ir al matadero. Ser\u00eda algo as\u00ed como la exaltada fe del converso. Igualmente, si a una persona con tendencias violentas le das poder, dar\u00e1 rienda suelta a esa crueldad que lleva dentro. Eso lo sab\u00edan los nazis, por lo que sol\u00edan escoger como \u201c kapos\u201d a delincuentes comunes, que actuaban como perros de presa contra los otros prisioneros.\u00bb<\/em><\/span><\/p>\n<p style=\"text-align: right;\"><span style=\"font-size: 14pt;\"><a href=\"https:\/\/www.abc.es\/historia\/abci-olvidadas-bestias-judias-colaboraron-barbaridades-gestapo-nazi-201807271419_noticia.html\" target=\"_blank\" rel=\"noopener\"><strong>Manuel P. Villatoro,<\/strong><\/a><\/span><br \/>\n<span style=\"font-size: 14pt;\">Diario ABC, Madrid<\/span><\/p>\n<p><span style=\"color: #008000; font-size: 18pt;\">***<\/span><\/p>\n<p style=\"text-align: justify;\"><span style=\"font-size: 14pt;\"><em>\u00abKarl, el l\u00edder del Bloque 13, no tiene parang\u00f3n en perforar a un reci\u00e9n llegado. Le encanta hablar y se emborracha con alcohol de papa que obtiene en condiciones que han permanecido desconocidas. Tiene ojos locos y nos despierta por la noche para pronunciar largos discursos en una actitud teatral, de pie sobre una mesa. Ordena a los int\u00e9rpretes traducir al ruso primero, porque est\u00e1 aprendiendo ese idioma; luego se acuesta, pero exige que nos quedemos para escuchar la traducci\u00f3n a otros idiomas, lo que debe hacerse en voz baja para no perturbar su sue\u00f1o. \u00c9l cree que el franc\u00e9s es una lengua degenerada y que a menudo no traduce al lenguaje de Descartes sus lecciones morales y su limpieza. \u00c9l parece castigarnos.<\/p>\n<p><\/em><\/span><span style=\"font-size: 14pt;\"><em>Karl tiene un sentido del humor muy personal. Una noche, despu\u00e9s de una alerta, anunci\u00f3 que tom\u00f3 la decisi\u00f3n de no usar su l\u00e1tigo para golpearnos. Delante de nosotros, lo arroja al fuego y es tra\u00eddo por el sonriente Stubendiest. Luego, corriendo hacia las filas en p\u00e1nico, aturde a media docena de desdichados, incluido un viejo coronel franc\u00e9s que se hab\u00eda sentado detr\u00e1s de nosotros para dormir.<\/em>\u00a0(&#8230;)\u00bb<\/span><\/p>\n<p style=\"text-align: right;\"><span style=\"font-size: 14pt;\"><a href=\"http:\/\/d-d.natanson.pagesperso-orange.fr\/kapos.htm\" target=\"_blank\" rel=\"noopener\"><strong>Louis Maury,<\/strong><\/a><\/span><br \/>\n<span style=\"font-size: 14pt;\">\u00abCuando el odio levanta sus templos\u00bb,<\/span><br \/>\n<span style=\"font-size: 14pt;\">(Louviers, SNEP, 1950).<\/span><\/p>\n<p><span style=\"color: #008000; font-size: 18pt;\">***<\/span><\/div>\n<div class=\"cuerpo\" style=\"text-align: center;\" data-twitter-link=\"\">\n<p style=\"text-align: justify;\"><span style=\"font-size: 14pt;\">\u00ab(&#8230;) <em>Esta categor\u00eda incluye \u00abKapos\u00bb, el \u00abBlock\u00e4lteste\u00bb, jefe de cuartel (&#8230;) que manten\u00eda el orden en los cuarteles de los campamentos; y tambi\u00e9n los l\u00edderes del equipo de trabajo, liderando un comando de trabajadores.<\/em><\/span><\/p>\n<p style=\"text-align: justify;\"><span style=\"font-size: 14pt;\"><em>Ten\u00edan sus delegados: el \u00abl\u00edder del bloque\u00bb contaba con la asistencia del \u00abSchreiber\u00bb, una secretaria y el equipo de \u00abStubendienste\u00bb (\u00abhombres tristes\u00bb), disciplinaban dentro de un bloque, distribu\u00edan sopa y vestimenta, realizaban tareas dom\u00e9sticas en la cuadra. Un poco menos importante en la jerarqu\u00eda del \u00abBloque\u00bb, el \u00abFrisper\u00bb, el barbero que afeitaba a los deportados y garantizaba la higiene.\u00bb<\/em><\/span><\/p>\n<p style=\"text-align: right;\"><span style=\"font-size: 14pt;\"><a href=\"http:\/\/d-d.natanson.pagesperso-orange.fr\/kapos.htm\" target=\"_blank\" rel=\"noopener\"><strong>Les Kapos<\/strong><\/a><\/span><\/p>\n<\/div>\n<div class=\"cuerpo\" style=\"text-align: center;\" data-twitter-link=\"\"><span style=\"color: #008000; font-size: 18pt;\">***<\/span><\/p>\n<p style=\"text-align: justify;\"><span style=\"font-size: 14pt;\"><em>\u201cA veces se dice, aunque sea una opini\u00f3n poco extendida que los dirigentes jud\u00edos y las organizaciones jud\u00edas en los pa\u00edses donde se desarroll\u00f3 la masacre fueron los responsables de las atroces dimensiones de la cat\u00e1strofe, y que, sin su ayuda, los alemanes no habr\u00edan logrado llevar a cabo el exterminio a tal escala\u201d.<\/em><\/span><\/p>\n<p style=\"text-align: right;\"><span style=\"font-size: 14pt;\"><strong>Yitsjak Olshan<\/strong>,\u00a0<\/span><\/p>\n<p style=\"text-align: right;\"><span style=\"font-size: 14pt;\">Tribunal Supremo de Israel.<\/span><\/p>\n<p style=\"text-align: center;\"><span style=\"color: #008000; font-size: 18pt;\">***<\/span><\/p>\n<p style=\"text-align: justify;\"><span style=\"font-size: 14pt;\">Seg\u00fan\u00a0<strong>The Holocaust Encyclopedia<\/strong>, editada por Walter Laqueur y J. T. Baumel (New Haven &amp; London: Yale University Press, 2001),\u00a0<strong>Kapo\u00a0<\/strong>(<em>Funktionsh\u00e4ftlinge<\/em>, o sea presos funcionarios) era el\u00a0<strong>jefe de una unidad en un campo<\/strong>, aunque el t\u00e9rmino tambi\u00e9n se utiliz\u00f3 para referirse a cualquier colaborador nazi.\u00a0<\/span><\/p>\n<p style=\"text-align: center;\"><span style=\"color: #008000; font-size: 18pt;\">***<\/span><\/p>\n<p style=\"text-align: justify;\"><span style=\"font-size: 14pt;\">Hab\u00eda diferentes tipos de campos: de trabajo y de trabajos forzados, de exterminio, de tr\u00e1nsito y de prisioneros de guerra. Con el tiempo la distinci\u00f3n entre campos de concentraci\u00f3n y campos de trabajo se hizo difusa, ya que en los de concentraci\u00f3n se realizaban trabajos forzados.\u00a0<\/span><\/p>\n<p style=\"text-align: justify;\"><span style=\"font-size: 14pt;\">El funcionamiento de los campos part\u00eda de un principio de delegaci\u00f3n en el que los nazis <em>\u201cced\u00edan\u201d<\/em> una parte de su autoridad en las v\u00edctimas, para ahorrar recursos humanos y rehuir futuras acusaciones. As\u00ed se atribu\u00eda a los prisioneros la responsabilidad de la organizaci\u00f3n rutinaria del campo.\u00a0<\/span><\/p>\n<\/div>\n<div class=\"cuerpo\" style=\"text-align: justify;\" data-twitter-link=\"\"><span style=\"font-size: 14pt;\">Uno de los prisioneros, el <em>\u201cdecano de los jud\u00edos\u201d<\/em>, era el responsable de la buena gesti\u00f3n de cada campo. Ten\u00eda a sus \u00f3rdenes a cierto n\u00famero de<em>\u00a0\u201cfuncionarios\u201d,<\/em>\u00a0tales como el\u00a0<em>\u201cadministrador del campo\u201d<\/em>, los\u00a0<em>\u201cgendarmes\u201d<\/em>, los jefes de barrac\u00f3n, los jefes de equipos de trabajo, todos conocidos con el nombre de <strong>kapos<\/strong>. Todos depend\u00edan directamente del\u00a0<em>\u201cdecano\u201d.\u00a0<\/em><\/span><\/p>\n<p style=\"text-align: justify;\"><span style=\"font-size: 14pt;\">Los <strong>kapos<\/strong> conduc\u00edan a los prisioneros al lugar de trabajo, supervisaban su labor y los llevaban de vuelta al campo; resultaban responsables del reparto de la comida y de las horas de sue\u00f1o. Eran <strong>prisioneros privilegiados, estaban exentos de trabajos forzados y disfrutaban de raciones alimentarias m\u00e1s generosas<\/strong>. Con este sistema los nazis lograron trastocar las referencias entre el bien y el mal en los prisioneros.\u00a0<\/span><\/p>\n<p><span style=\"font-size: 14pt;\">Sin embargo, algunos <strong>kapos<\/strong> no fueron colaboradores y se comportaron honorablemente, manteniendo una cierta integridad moral que mejor\u00f3 notablemente la vida en los campos, llegando a ser respetados por el conjunto de los presos.\u00a0<\/span><\/div>\n<div class=\"cuerpo\" style=\"text-align: justify;\" data-twitter-link=\"\">\n<span style=\"font-size: 14pt;\">Por ejemplo, <strong>Walter Kr\u00e4mer<\/strong>\u00a0fue <strong>kapo<\/strong> de la enfermer\u00eda del campo de Buchenwald y en 1999 fue declarado<em> \u00abjusto entre las naciones\u00bb.\u00a0<\/em><\/span><\/div>\n<div data-twitter-link=\"\">\u00a0<\/div>\n<div class=\"cuerpo\" style=\"text-align: justify;\" data-twitter-link=\"\"><span style=\"font-size: 14pt;\">La figura del <strong>Kapo<\/strong> aparece en muchos libros: desde<strong>\u00a0\u00abSi esto es un hombre\u00bb<\/strong>, de\u00a0<strong>Primo Levi<\/strong>; a \u00ab<strong>\u00a0El hombre en busca de sentido\u00bb<\/strong>, de\u00a0<strong>Viktor Frankl<\/strong>, y tambi\u00e9n en la autobiograf\u00eda de<strong> Elie Wiesel, \u00abLa noche.\u00bb<\/strong><\/span><\/div>\n<div data-twitter-link=\"\">\u00a0<\/div>\n<div class=\"cuerpo\" style=\"text-align: justify;\" data-twitter-link=\"\"><span style=\"font-size: 14pt;\">La pel\u00edcula <strong>\u00abKap\u00f2\u00bb<\/strong>, de\u00a0<strong>Gillo Pontecorvo<\/strong>\u00a0(1959) gan\u00f3 una nominaci\u00f3n al Oscar.<\/span><\/div>\n<div data-twitter-link=\"\">\u00a0<\/div>\n<div class=\"cuerpo\" style=\"text-align: justify;\" data-twitter-link=\"\"><span style=\"font-size: 14pt;\">Tambi\u00e9n aparecen \u00ab<em><strong>kapos<\/strong><\/em>\u00bb en\u00a0<strong>\u00abLa vida es bella\u00bb,<\/strong>\u00a0de\u00a0<strong>Roberto Benign<\/strong>i; \u00ab<strong>La decisi\u00f3n de Sophie\u00bb<\/strong>, de<strong>\u00a0Alan J. Pakula<\/strong>;\u00a0<strong>\u00abNuit et brouillard\u00bb<\/strong>, de\u00a0<strong>Alain Resnais; \u00abPortero de noche\u00bb<\/strong>, de\u00a0<strong>Liliana Cavani; \u00abEl fot\u00f3grafo de Mauthausen\u00bb<\/strong>, de<strong>\u00a0Mar Targarona<\/strong>; etc.<\/span><\/p>\n<p style=\"text-align: justify;\"><span style=\"font-size: 14pt;\">La palabra probablemente viene del italiano:\u00a0\u00ab<em>Capo<\/em>\u00bb es cabeza.<\/span><\/p>\n<\/div>\n<div class=\"cuerpo\" style=\"text-align: justify;\" data-twitter-link=\"\"><span style=\"font-size: 14pt;\">Seg\u00fan la <strong>Jewish Virtual Library<\/strong>, kapo es una contracci\u00f3n del t\u00e9rmino eufem\u00edstico Kameradschaftspolizei, algo as\u00ed como<em>\u00a0\u00abpolic\u00eda de camaradas\u00bb.<\/em><\/span><\/div>\n<div data-twitter-link=\"\">\u00a0<\/div>\n<div class=\"cuerpo\" style=\"text-align: justify;\" data-twitter-link=\"\"><span style=\"font-size: 14pt;\">Seg\u00fan <strong>Robert D. McFadden<\/strong>, ganador de un premio Pulitzer en 1996, la palabra procede del t\u00e9rmino<strong>\u00a0Lagerkapo<\/strong>\u00a0(\u00ab<em>capit\u00e1n de campo<\/em>\u00ab).<\/span><\/div>\n<div style=\"text-align: justify;\" data-twitter-link=\"\">\u00a0<\/div>\n<div class=\"cuerpo\" style=\"text-align: justify;\" data-twitter-link=\"\"><span style=\"font-size: 14pt;\">En el caso de que la palabra proviniese del italiano, no ser\u00eda un t\u00e9rmino de origen militar, sino que probablemente llegara con obreros migrantes quienes se refer\u00edan al capataz u oficial alba\u00f1il que ejerce funciones de capataz en una obra de construcci\u00f3n. <\/span>\u00a0<\/p>\n<p><span style=\"font-size: 14pt;\">Posiblemente as\u00ed pas\u00f3 la palabra <strong>Kapo<\/strong> ya de forma temprana en el campo de concentraci\u00f3n de Dachau (a 13 km. de M\u00fanich, escenario de castigos crueles y modelo del sistema de campo eficiente) al lenguaje propio de los deportados (<strong>Lagerszpracha<\/strong>).\u00a0\u00a0<\/span><\/p>\n<p><span style=\"font-size: 14pt;\">En el campo de concentraci\u00f3n de Auschwitz se us\u00f3 el t\u00e9rmino <strong>kapo<\/strong> en las \u00f3rdenes (<strong>Arbeitskommandos<\/strong>) que prohibieron expl\u00edcitamente la participaci\u00f3n de los <strong>kapos<\/strong> en los grupos de trabajo.\u00a0<\/span><\/p>\n<p><span style=\"font-size: 14pt;\">No realizaban trabajos manuales sino que ejerc\u00edan funciones de supervisi\u00f3n, y ten\u00edan m\u00e1s posibilidades de supervivencia.\u00a0<\/span><\/p>\n<p><span style=\"font-size: 14pt;\">La decisi\u00f3n de las SS (<strong>Schutzstaffel<\/strong>) de escoger a uno u otro prisionero como <strong>Kapo<\/strong> era t\u00e1ctica, y su objetivo era que las \u00f3rdenes se transmitieran de la forma m\u00e1s fluida posible y se impusiesen sin escr\u00fapulos.\u00a0<\/span><\/p>\n<p><span style=\"font-size: 14pt;\">Tambi\u00e9n hubo antiguos integrantes de la SA (Sturmabteilung o\u00a0<em>&#8216;camisas pardas<\/em>&#8216;, organizaci\u00f3n paramilitar nazi desarticulada en la\u00a0<strong>Noche de los Cuchillos Largos<\/strong>, del 30\/06\/1934) u otros presos pol\u00edticos.\u00a0<\/span><\/p>\n<p><span style=\"font-size: 14pt;\">En el campo de Ravensbr\u00fcck, la SS eleg\u00eda en un comienzo con frecuencia a prisioneros clasificados como\u00a0<em>&#8216;antisociales&#8217; o &#8216;criminales&#8217;\u00a0<\/em>para desempe\u00f1arse como Funktionsh\u00e4ftlinge.<\/span><\/p>\n<p><span style=\"font-size: 14pt;\">Hacia 1941 se prefer\u00eda a prisioneros pol\u00edticos porque pod\u00edan ser m\u00e1s eficientes y disciplinados.<\/span><\/p>\n<p><span style=\"font-size: 14pt;\">Sin embargo, en varios campos de concentraci\u00f3n se decidi\u00f3 un\u00a0<em>\u00abservicio de orden jud\u00edo\u00bb<\/em>\u00a0(<strong>J\u00fcdischer Ordnungsdienst<\/strong>), heredero de la\u00a0<em>\u00abpolicia jud\u00eda\u00bb<\/em> de los ghettos.<\/span><\/p>\n<p><span style=\"font-size: 14pt;\">Un dato no menor: todo cambio de la estructura de administraci\u00f3n de un campo conllevaba el cambio de la estructura de los <strong>kapos<\/strong>.<\/span><\/p>\n<p><span style=\"font-size: 14pt;\">Obviamente era un privilegiado:\u00a0<\/span><span style=\"font-size: 14pt;\">escapaba del trabajo forzoso y pod\u00eda obtener alimentos m\u00e1s f\u00e1cilmente. A menudo viv\u00eda en una habitaci\u00f3n privada en un extremo del pabell\u00f3n.<\/span><\/p>\n<p style=\"text-align: justify;\"><span style=\"font-size: 14pt;\"><u>La historia<\/u><\/span><\/p>\n<p style=\"text-align: justify;\"><span style=\"font-size: 14pt;\"><em>\u00abLo que se necesita decir en general es que se debe hacer una distinci\u00f3n entre aquellos que se ofrecieron como voluntarios para las SS o la Gestapo y aquellos que pensaron que salvar\u00edan sus vidas cooperando. No puedes decir que Patty Hearst jug\u00f3 el mismo papel que sus secuestradores. Lo mismo es cierto de cualquier kapo\u00bb.<\/em><\/span><\/p>\n<p style=\"text-align: right;\"><span style=\"font-size: 14pt;\"><strong>Rabbi Marvin Hier<\/strong><\/span><\/p>\n<p><span style=\"font-size: 14pt;\"><em>\u00abHay una diferencia cr\u00edtica entre los Barbies del mundo\u00a0<\/em>(N. de la R.: Klaus Barbie Altmann)<em>, los victimarios, y los Tannenbaums\u00a0<\/em>(N. de la R.: Jacob Tannenbaum, jud\u00edo polaco que fue kapo en G\u00f6rlitz)<em>, tan tristes, tr\u00e1gicos y despreciables como eran. Fueron v\u00edctimas. Eran personas que sucumbieron a un estr\u00e9s incre\u00edble \u00ab<\/em>.<\/span><\/p>\n<p style=\"text-align: right;\"><span style=\"font-size: 14pt;\"><strong>Henry Siegman<\/strong>, el director ejecutivo del Congreso Jud\u00edo Americano<\/span><\/p>\n<p><span style=\"font-size: 14pt;\">En julio de 1934, el jefe de las SS,\u00a0<strong>Heinrich Himmler<\/strong>, design\u00f3 a\u00a0<strong>Theodor Eicke<\/strong>, en ese momento jefe del campo de<strong>\u00a0Dachau<\/strong>, como Inspector de Campos de Concentraci\u00f3n y Unidades de Guardias. Estas unidades, que pasaron a ser conocidas como<em>\u00a0Unidades Calavera<\/em>, eran los guardianes de los campos de concentraci\u00f3n.\u00a0<\/span><\/p>\n<p><span style=\"font-size: 14pt;\">En su nuevo puesto, Eicke ten\u00eda a su cargo la organizaci\u00f3n de la vida y los castigos de los prisioneros, con el objetivo primario de quebrantar la oposici\u00f3n al r\u00e9gimen nazi.<\/span><\/p>\n<p><span style=\"font-size: 14pt;\">Entre 1936 y 1942, casi todos los campos fueron desmantelados, excepto Dachau, y se construyeron campos nuevos y m\u00e1s grandes: Sachsenhausen, Buchenwald, Mauthausen, Flossenburg, Ravensbr\u00fcck, Auschwitz, Majdanek, Natzweiler, Neuengamme y Stutthof.<\/span><\/p>\n<p><span style=\"font-size: 14pt;\">Al comenzar la 2da. Guerra Mundial, los nazis establecieron campos de trabajo, de trabajos forzados y de\u00a0<em>\u201creeducaci\u00f3n\u201d<\/em>. Desde 1937 muchas empresas aprovecharon el trabajo forzado de jud\u00edos alemanes, luego austr\u00edacos y, posteriormente, de todo el territorio nazi, aloj\u00e1ndolos en campos de concentraci\u00f3n o en condiciones parecidas.\u00a0<\/span><\/p>\n<p><span style=\"font-size: 14pt;\"><strong>A partir del verano de 1938 los jud\u00edos fueron confinados en los campos de concentraci\u00f3n por su sola condici\u00f3n de jud\u00edos<\/strong>, especialmente despu\u00e9s del pogrom de noviembre de 1938 (Kristallnacht &#8211; La Noche de los Cristales), cuando fueron arrestados 36.000. Ese n\u00famero creci\u00f3 y creci\u00f3, en especial despu\u00e9s de la invasi\u00f3n a la Uni\u00f3n Sovi\u00e9tica.\u00a0<\/span><\/p>\n<p><span style=\"font-size: 14pt;\">A fines de 1941 y comienzos de 1942, se establecieron los campos de exterminio en Chelmno, Treblinka, Sobibor y Belzec. Majdanek y Auschwitz, construidos originalmente en Polonia como campos de concentraci\u00f3n, m\u00e1s adelante expandidos para funcionar tambi\u00e9n como centros de exterminio: Birkenau (Auschwitz II).<\/span><\/p>\n<p><span style=\"font-size: 14pt;\">Desde febrero de 1942 hasta el final de la guerra, los prisioneros de los campos de concentraci\u00f3n fueron obligados a trabajar en la industria de armamentos para la econom\u00eda de guerra alemana.\u00a0<\/span><\/p>\n<p><span style=\"font-size: 14pt;\">En ese momento, las SS crearon una oficina econ\u00f3mico-administrativa central (<strong>Wirtschaftsverwaltungshauptamt<\/strong>, WVHA) para supervisar la utilizaci\u00f3n de prisioneros de los campos de concentraci\u00f3n como mano de obra en empresas estatales y privadas.\u00a0<\/span><\/p>\n<p><span style=\"font-size: 14pt;\">Los prisioneros ten\u00edan indicado lo que deb\u00edan hacer durante el d\u00eda. Si un prisionero no obedec\u00eda una orden era severamente castigado con azotes, confinamiento, privaci\u00f3n de alimentos, etc. Los reclusos eran clasificados de acuerdo a su pa\u00eds de origen y al motivo por el cual estaban confinados.\u00a0<\/span><\/p>\n<p><span style=\"font-size: 14pt;\">A algunos se les confiaron posiciones de supervisi\u00f3n o administrativas, como la de \u201c<em><strong>alcalde<\/strong><\/em>\u201d de la habitaci\u00f3n, del bloque o del campo, o como <strong>kapos<\/strong> (capataces laborales).\u00a0<\/span><\/p>\n<p><span style=\"font-size: 14pt;\">Esos puestos, que acarreaban ciertos privilegios, se otorgaban inicialmente a prisioneros alemanes, y en Auschwitz, a polacos. Pero hubo casos de jud\u00edos alemanes y jud\u00edos polacos.<\/span><\/p>\n<p><span style=\"font-size: 14pt;\"><strong>Primo Levi<\/strong> cita en su obra el caso de prisioneros pol\u00edticos alemanes utilizados como <strong>kapos<\/strong> por la SS para mantener el orden en campos con una gran n\u00famero de prisioneros judios como Auschwitz.\u00a0<\/span><\/p>\n<p><span style=\"font-size: 14pt;\">Hab\u00eda prisioneros pol\u00edticos que en esta<em>\u00a0\u00abzona gris\u00bb<\/em> \u00e9tica y moral utilizaban la violencia y coacci\u00f3n contra sus compa\u00f1eros jud\u00edos. A cambio se beneficiaban de mejores condiciones materiales.<\/span><\/p>\n<p><span style=\"font-size: 14pt;\">En octubre de 1942, la WVHA orden\u00f3 la remoci\u00f3n de los jud\u00edos de todos los campos de concentraci\u00f3n dentro del Reich y su deportaci\u00f3n a Auschwitz o Majdanek.<\/span><\/p>\n<\/div>\n<\/div>\n<\/article>\n<\/div>\n<\/article>\n<\/div>\n<\/div>\n<\/article>\n<p>&nbsp;<\/p>\n<figure id=\"attachment_2246846\" aria-describedby=\"caption-attachment-2246846\" style=\"width: 678px\" class=\"wp-caption aligncenter\"><img loading=\"lazy\" decoding=\"async\" class=\"wp-image-2246846 size-mh-magazine-content\" src=\"https:\/\/puntocritico.com\/ausajpuntocritico\/wp-content\/uploads\/2022\/05\/museo-historico-judio-1024x588-1-678x381.jpeg\" alt=\"\" width=\"678\" height=\"381\" data-id=\"2246846\" \/><figcaption id=\"caption-attachment-2246846\" class=\"wp-caption-text\">Museo Hist\u00f3rico Jud\u00edo<\/figcaption><\/figure>\n<p>&nbsp;<\/p>\n<article class=\"article-body\">\n<div class=\"article-content selectionShareable\">\n<div class=\"cuerpo\" data-twitter-link=\"\">\n<article class=\"article-body\">\n<div class=\"article-content selectionShareable\">\n<article class=\"article-body\">\n<div class=\"article-content selectionShareable\">\n<div class=\"cuerpo\" style=\"text-align: justify;\" data-twitter-link=\"\">\n<p><span style=\"font-size: 14pt;\"><u>El debate<\/u><\/span><\/p>\n<p><span style=\"font-size: 14pt;\"><span style=\"font-size: 14pt;\">La historiadora israel\u00ed <\/span><strong style=\"font-size: 14pt;\">Idith Zertal<\/strong><span style=\"font-size: 14pt;\">, en su libro\u00a0<\/span><strong style=\"font-size: 14pt;\">\u00abLa Naci\u00f3n y la Muerte &#8211; la Shoah en el discurso y la pol\u00edtica de Israel\u00bb<\/strong><span style=\"font-size: 14pt;\">, abord\u00f3 el tema de los <strong>Kapos<\/strong> (p\u00e1gs. 129 a 151).<\/span><br \/>\n<\/span><\/p>\n<p><span style=\"font-size: 14pt;\"><strong>Muchos de los supervivientes de los campos de exterminio fueron kapo<\/strong>s, eso es algo conocido. En algunos casos, fueron se\u00f1alados por otros compa\u00f1eros sobrevivientes.<\/span><\/p>\n<p><span style=\"font-size: 14pt;\">Dicha confrontaci\u00f3n moral entre presuntos colaboradores de todo tipo -incluyendo a jud\u00edos- y sobrevivientes fue un tema conflictivo, debatido en<strong>\u00a0Israel en 1950<\/strong>, con motivo de la legislaci\u00f3n de punici\u00f3n de los nazis y sus colaboradores.<\/span><\/p>\n<p><span style=\"font-size: 14pt;\">El debate jur\u00eddico de dicha ley en el Parlamento israel\u00ed \u2013<strong>Kn\u00e9set<\/strong>\u2013 fue el 1er. reconocimiento p\u00fablico de la<strong>Sho\u00e1<\/strong>, y se decidi\u00f3 dotar al Estado israel\u00ed de medios legales para llevar a los tribunales judiciales a colaboradores surgidos de entre la masa de supervivientes jud\u00edos<\/span><\/p>\n<p><span style=\"font-size: 14pt;\">No fue una legislaci\u00f3n para juzgar a criminales nazis dado que pocos nazis culpables pondr\u00edan voluntariamente un pie en Israel sino que, seg\u00fan el ministro de Justicia,<strong>\u00a0Pinjas Rosen<\/strong>, el texto\u00a0<em>\u201cincumbe tambi\u00e9n a quienes cumplieron las \u00f3rdenes de los nazis y, por desgracia, no tenemos la certeza de que algunos de ellos se encuentren entre nosotros, por pocos que sean. Aunque su n\u00famero no supere&#8230;. el de los hombres justos buscados en vano en Sodoma, aunque sean muy escasos los delitos contemplados aqu\u00ed, esta ley est\u00e1 justificada\u201d.<\/em> (Actas de la Kn\u00e9set \u2013 sesi\u00f3n 131 \u2013 p\u00e1g. 1148)<\/span><\/p>\n<p><span style=\"font-size: 14pt;\">La ley pretend\u00eda calmar a una sociedad horrorizada y contrariada por el comportamiento de otros jud\u00edos durante la Sho\u00e1<\/span><\/p>\n<p><span style=\"font-size: 14pt;\">Israel incorpor\u00f3 ese enfoque en su C\u00f3digo Penal para purgarse como sociedad de su verg\u00fcenza jud\u00eda,<em>\u00a0\u00abpurificar el ambiente entre los supervivientes que hab\u00edan inmigrado y lavar el honor de los inocentes\u00bb<\/em>. (Comentarios de las Actas de la Kn\u00e9set).<\/span><\/p>\n<p><span style=\"font-size: 14pt;\"><strong>Primo Levi<\/strong>:\u00a0<em>\u201cLa participaci\u00f3n en la culpa de los colaboradores individuales, grandes o peque\u00f1os (&#8230;) es siempre dif\u00edcil de determinar. Es un juicio que querr\u00edamos confiar s\u00f3lo a quien se haya encontrado en condiciones similares y haya tenido ocasi\u00f3n de experimentar por s\u00ed mismo lo que significa vivir en una situaci\u00f3n apremiante (&#8230;) La condici\u00f3n de ultrajado no excluye la de culpable y, muchas veces, la culpa es objetivamente grave, pero no s\u00e9 de ning\u00fan tribunal humano en el cual se puede delegar su valoraci\u00f3n.\u00bb<\/em><\/span><\/p>\n<p><span style=\"font-size: 14pt;\">Durante la d\u00e9cada de 1950, ocurrieron unos 40 juicios aplicando esa ley, incluyendo el del <strong>kapo\u00a0Yaakov Honigman<\/strong>, con testimonios de los supervivientes, y descargos de los imputados, la rutina del terror, la opresi\u00f3n y los abusos cometidos.<\/span><\/p>\n<p><span style=\"font-size: 14pt;\">Todos los juzgados antes los tribunales en virtud de dicha ley \u2013con la excepci\u00f3n del ex oficial SS,\u00a0<strong>Adolf Eichmann<\/strong>. en 1961-, fueron ciudadanos jud\u00edos, inmigrantes supervivientes que a su llegada a Israel fueron reconocidos por otros supervivientes, a veces por casualidad.<\/span><\/p>\n<p><span style=\"font-size: 14pt;\"><strong>Hannah Arendt\u00a0<\/strong>en su libro\u00a0<strong>\u00abLos Or\u00edgenes del Totalitarismo\u00bb<\/strong>, p\u00e1g. 545, afirma que eran\u00a0<em>\u201cinocentes en todos los sentidos\u201d<\/em>, pues no estaban all\u00ed en virtud de un acto que hubieran cometido sino por el hecho de ser jud\u00edos.<\/span><\/p>\n<p><span style=\"font-size: 14pt;\">Arendt establece una distinci\u00f3n entre la situaci\u00f3n de los dirigentes jud\u00edos en sus ciudades y comunidades durante el terror nazi, y la de los prisioneros de los campos de concentraci\u00f3n y exterminio.<\/span><\/p>\n<p><span style=\"font-size: 14pt;\">Seg\u00fan ella, por terrible que fuese la opresi\u00f3n alemana, los primeros pod\u00edan negarse a desempe\u00f1ar el papel de dirigentes y rehuir la colaboraci\u00f3n con la maquinar\u00eda mort\u00edfera nazi, mientras que la capacidad de elecci\u00f3n de los segundos era pr\u00e1cticamente inexistente, debido a las condiciones de opresi\u00f3n, terror y violencia en que viv\u00edan.\u00a0<\/span><\/p>\n<\/div>\n<div data-twitter-link=\"\">\u00a0<\/div>\n<div class=\"cuerpo\" style=\"text-align: justify;\" data-twitter-link=\"\"><span style=\"font-size: 14pt;\"><img loading=\"lazy\" decoding=\"async\" class=\"aligncenter size-full wp-image-2246845\" src=\"https:\/\/puntocritico.com\/ausajpuntocritico\/wp-content\/uploads\/2022\/05\/kapo-2.jpg\" alt=\"\" width=\"640\" height=\"360\" data-id=\"2246845\" srcset=\"https:\/\/puntocritico.com\/ausajpuntocritico\/wp-content\/uploads\/2022\/05\/kapo-2.jpg 640w, https:\/\/puntocritico.com\/ausajpuntocritico\/wp-content\/uploads\/2022\/05\/kapo-2-300x169.jpg 300w, https:\/\/puntocritico.com\/ausajpuntocritico\/wp-content\/uploads\/2022\/05\/kapo-2-610x343.jpg 610w\" sizes=\"auto, (max-width: 640px) 100vw, 640px\" \/><\/span><\/div>\n<div class=\"cuerpo\" style=\"text-align: justify;\" data-twitter-link=\"\">\n<p>&nbsp;<\/p>\n<p><span style=\"font-size: 14pt;\">Los\u00a0<em>\u201ccolaboradores\u201d<\/em>\u00a0m\u00e1s relevantes a los que se juzg\u00f3 eran\u00a0<strong>los comandantes y agentes de la polic\u00eda jud\u00eda de los guetos.<\/strong><\/span><\/p>\n<p><span style=\"font-size: 14pt;\">Hay que tener en cuenta que con sus acciones participaban en redadas y detenci\u00f3n hasta de ni\u00f1os y los entregaban a la Gestapo<\/span><\/p>\n<p><span style=\"font-size: 14pt;\">O ayudaban a los nazis a reunir a los jud\u00edos de algunas ciudades con vistas a una<em> \u201cselecci\u00f3n\u201d.<\/em><\/span><\/p>\n<p><span style=\"font-size: 14pt;\">Incluso en estos casos y pese a que hubo condenas el Tribunal Supremo lleg\u00f3 a absolverse o rebajar la pena de esos colaboradores. El tema es harto\u00a0<strong>conflictivo y doloroso<\/strong><\/span><\/p>\n<p><span style=\"font-size: 14pt;\">El juez<strong>\u00a0Moshe Landau<\/strong>, del Tribunal Supremo israel\u00ed, afirm\u00f3 que no era posible \u00a0\u00ab(&#8230;)\u00a0<em>condenar a los hombres corrientes que no supieron elevarse a tales cimas de moralidad, a causa de la opresi\u00f3n de un r\u00e9gimen cuyo principal objetivo era borrarlos de la faz de la Tierra (&#8230;) No debemos atribuir al legislador la intenci\u00f3n de exigir un nivel de moralidad que el p\u00fablico no puede alcanzar, tanto m\u00e1s cuanto se trata de normas instauradas post factum. No nos enga\u00f1emos pensando que, al juzgar seg\u00fan un criterio de pura moralidad los actos cometidos all\u00ed por nuestros hermanos perseguidos, aliviaremos la angustia por la cat\u00e1strofe que sufri\u00f3 nuestro pueblo\u201d.<\/em><\/span><\/p>\n<p><span style=\"font-size: 14pt;\">Hubo juicios que entraron en el absurdo como el caso de<strong>\u00a0Elsa Trank<\/strong>, en agosto de 1950, en Tel Aviv. Ella fue acusada de cr\u00edmenes de guerra, cr\u00edmenes contra la humanidad, y otros delitos cometidos cuando era responsable del M\u00f3dulo 7 del campo de mujeres de Auchwitz \u2013 Birkenau en el 2do. semestre de 1944. Se la acus\u00f3 de golpear y someter a malos tratos a numerosas prisioneras de su m\u00f3dulo, de haber obligado a m\u00e1s de 800 reclusas a permanecer arrodilladas durante horas, antes y despu\u00e9s de pasar lista, de no socorrer a las que se desvanec\u00edan, etc.<\/span><\/p>\n<p><span style=\"font-size: 14pt;\">Los hechos fueron cometidos por Elsa Trank cuando ten\u00eda 18 a\u00f1os.<\/span><\/p>\n<p><span style=\"font-size: 14pt;\">En verdad, \u00ab(&#8230;)<em>\u00a0la p\u00e9rdida de toda humanidad, el desmoronamiento de toda referencia conocida del sentido del bien, la naturaleza arbitraria de los procesos vigentes en los campos, la exposici\u00f3n al fr\u00edo y a otras penurias, la desnutrici\u00f3n, la brutalidad transformaron a los prisioneros de Auchwitz en \u201clobos\u201d miserables, debilitados, congelados, fam\u00e9licos, enfermos y violentos en ocasiones, que hac\u00edan acopo de sus \u00faltimos recursos para sobrevivir. \u201cHemos o\u00eddo testimonios seg\u00fan las cuales las mujeres no se compadec\u00edan de sus hermanas, ni siquiera de sus madres\u201d<\/em>, declararon los jueces. (&#8230;)\u00bb.\u00a0<\/span><\/p>\n<p><span style=\"font-size: 14pt;\">El tribunal de Tel Aviv dictamin\u00f3 que aunque Elsa Trank tambi\u00e9n estaba recluida como individuo perseguido, su comportamiento de golpear con las manos y obligar a estar de rodillas a prisioneras a modo de castigo, no puede considerarse en atenci\u00f3n a las circunstancias exteriores como\u00a0<em>\u201ccrimen de guerra\u201d<\/em>, y que ella era culpable de agresi\u00f3n con lesi\u00f3n pero acept\u00f3 parcialmente el argumento de la defensa seg\u00fan el cual, en varios casos, la acusada hab\u00eda actuado con el fin de evitar consecuencias m\u00e1s graves que la violencia ejercida por ella.\u00a0<\/span><\/p>\n<p><span style=\"font-size: 14pt;\">Despu\u00e9s de constatar que Elsa Trank hab\u00eda sido recluida en condiciones muchos peores desde 1942 \u2013antes de ser nombrada <strong>kapo<\/strong> de su m\u00f3dulo\u2013, que hab\u00eda sufrido y que ninguna de sus acciones probaba que se identificara con los alemanes, los jueces la condenaron a 2 a\u00f1os de prisi\u00f3n a partir de la fecha de su detenci\u00f3n. Y ya hab\u00edan transcurrido 2 a\u00f1os desde su detenci\u00f3n de modo que\u00a0<strong>Elsa fue liberada el mismo d\u00eda de la sentencia<\/strong>.<\/span><\/p>\n<\/div>\n<\/div>\n<\/article>\n<\/div>\n<\/article>\n<\/div>\n<\/div>\n<\/article>\n<p>&nbsp;<\/p>\n<figure id=\"attachment_2246847\" aria-describedby=\"caption-attachment-2246847\" style=\"width: 480px\" class=\"wp-caption aligncenter\"><img loading=\"lazy\" decoding=\"async\" class=\"wp-image-2246847\" src=\"https:\/\/puntocritico.com\/ausajpuntocritico\/wp-content\/uploads\/2022\/05\/Kapos-1.jpg\" alt=\"\" width=\"480\" height=\"253\" data-id=\"2246847\" srcset=\"https:\/\/puntocritico.com\/ausajpuntocritico\/wp-content\/uploads\/2022\/05\/Kapos-1.jpg 309w, https:\/\/puntocritico.com\/ausajpuntocritico\/wp-content\/uploads\/2022\/05\/Kapos-1-300x158.jpg 300w\" sizes=\"auto, (max-width: 480px) 100vw, 480px\" \/><figcaption id=\"caption-attachment-2246847\" class=\"wp-caption-text\"><span style=\"color: #008000;\">Presos en trabajos forzados construyendo el canal Dove-Elbe en Alemania, 1941-1942. Los Kapos llevan brazaletes blancos y negros. (Museo Memorial del Holocausto de USA)<\/span><\/figcaption><\/figure>\n<p>&nbsp;<\/p>\n<article class=\"article-body\">\n<div class=\"article-content selectionShareable\">\n<div class=\"cuerpo\" data-twitter-link=\"\">\n<article class=\"article-body\">\n<div class=\"article-content selectionShareable\">\n<article class=\"article-body\">\n<div class=\"article-content selectionShareable\">\n<div class=\"cuerpo\" style=\"text-align: justify;\" data-twitter-link=\"\">\n<p><span style=\"font-size: 14pt;\"><u>El caso Kastner<\/u><\/span><\/p>\n<p><span style=\"font-size: 14pt;\"><em>\u201cCada uno de los miembros de los Judenr\u00e4te es un criminal, un colaborador de los nazis\u201d<\/em>\u00a0declararon en Israel grupos de izquierda,<em>\u00a0\u201ctodo hombre sabe que llega un momento en que m\u00e1s vale morir que transgredir ciertas reglas\u201d.\u00a0<\/em><\/span><\/p>\n<p><span style=\"font-size: 14pt;\">Un motivo importante fue que los Jundenr\u00e4te que lograron emigrar a Israel, a menudo estaban ligados a la clase dirigente y a los principales partidos pol\u00edticos israel\u00edes, y algunos ocupaban puestos de responsabilidad en el Estado.\u00a0<strong>Avraham Berman<\/strong>\u00a0que hab\u00eda formado parte de las estructuras clandestinas del gueto de Varsovia, se refiri\u00f3 a\u00a0<em>\u201cla maldita polic\u00eda jud\u00eda del gueto\u201d<\/em>\u00a0y los Jundenr\u00e4te como\u00a0<em>\u201cesclavos voluntarios de los asesinos hitlerianos\u201d<\/em> \u2013citado por Avraham Berman, Actas de la Kn\u00e9set \u2013 vol. 14, 18\/05\/1953, p\u00e1g. 1339.<\/span><\/p>\n<p><span style=\"font-size: 14pt;\">Aun as\u00ed hubo juicios de gente que formaban los Jundenr\u00e4te, como el\u00a0<strong>&#8216;caso Kastner&#8217;<\/strong>, que comenz\u00f3 con una denuncia individual pero la supuesta v\u00edctima fue demandado por difamaci\u00f3n por Kastner quien ya era\u00a0<strong>vocero del Ministerio de Comercio e Industria de Israel.<\/strong><\/span><\/p>\n<p><span style=\"font-size: 14pt;\">El fiscal\u00a0<strong>Maljiel Grunwald<\/strong> incrimin\u00f3 a Kastner le acus\u00edo de\u00a0haber colaborado con los nazis en Hungr\u00eda; haber declarado a favor del oficial de las SS Kurt Becher en los juicios de N\u00fcremberg, facilitando su absoluci\u00f3n; haber organizado la salida de Hungr\u00eda de un tren con 1.685 jud\u00edos privilegiados salvando a su propia familia y a muchos de sus amigos o asociados; haberse embolsado fondos que no le correspond\u00edan, etc.\u00a0<\/span><\/p>\n<p><span style=\"font-size: 14pt;\">Kastner ya hab\u00eda sido motivo de denuncias, rumores y acusaciones aunque sin pruebas suficientes para iniciar una investigaci\u00f3n judicial.\u00a0<\/span><\/p>\n<p><span style=\"font-size: 14pt;\">Pero un texto redactado por Grunwald fue tomado en consideraci\u00f3n y se abri\u00f3 un proceso con el objeto de depurar los hechos. Sin embargo, en lugar de un juicio\u00a0<em>\u201cnormal\u201d,<\/em> tal como en casos anteriores, donde el denunciado pod\u00eda demostrar su inocencia de colaborar con los nazis, en este caso, el Estado jud\u00edo acus\u00f3 a Grunwald por difamaci\u00f3n.\u00a0<\/span><\/p>\n<p><span style=\"font-size: 14pt;\">Luego, el juicio escap\u00f3 del control\u00a0<em>\u201cpol\u00edtico\u201d<\/em>, y el acusado Grunwald, con la ayuda de un juez independiente, pudo exponer en su defensa un alegato y acusaci\u00f3n contra Kastner. Finalmente\u00a0<strong>Grunwald fue absuelto y el tribunal no pudo lavar el honor de Kastner<\/strong>, tal como pretend\u00eda el Fiscal General, ni pudo exorcizar el demonio de la Sho\u00e1, ni resolver la cuesti\u00f3n de los Jundenr\u00e4te,<em>\u00a0\u00aby puede que nunca se resuelva\u00bb,\u00a0<\/em>tal como declar\u00f3 posteriormente el presidente del Tribunal Supremo Israel\u00ed.\u00a0<\/span><\/p>\n<p><span style=\"font-size: 14pt;\"><strong>Kastner fue asesinado en Tel Aviv en mayo de 1957<\/strong>, un a\u00f1o antes de su absoluci\u00f3n por el Tribunal Supremo.<\/span><\/p>\n<\/div>\n<\/div>\n<\/article>\n<\/div>\n<\/article>\n<div class=\"banner-libre\">\u00a0<\/div>\n<\/div>\n<\/div>\n<\/article>\n<p align=\"justify\">\u00a0<\/p>\n<figure id=\"attachment_2246844\" aria-describedby=\"caption-attachment-2246844\" style=\"width: 414px\" class=\"wp-caption aligncenter\"><img loading=\"lazy\" decoding=\"async\" class=\"size-full wp-image-2246844\" src=\"https:\/\/puntocritico.com\/ausajpuntocritico\/wp-content\/uploads\/2022\/05\/Antiguo-cementerio-judio-en-Berlin.jpg\" alt=\"\" width=\"414\" height=\"287\" data-id=\"2246844\" srcset=\"https:\/\/puntocritico.com\/ausajpuntocritico\/wp-content\/uploads\/2022\/05\/Antiguo-cementerio-judio-en-Berlin.jpg 414w, https:\/\/puntocritico.com\/ausajpuntocritico\/wp-content\/uploads\/2022\/05\/Antiguo-cementerio-judio-en-Berlin-300x208.jpg 300w\" sizes=\"auto, (max-width: 414px) 100vw, 414px\" \/><figcaption id=\"caption-attachment-2246844\" class=\"wp-caption-text\"><span style=\"color: #008000;\">Antiguo cementerio jud\u00edo en Berl\u00edn<\/span><\/figcaption><\/figure>\n<p align=\"justify\">\u00a0<\/p>\n<p align=\"justify\">\u00a0<\/p>\n<p align=\"justify\"><a href=\"https:\/\/puntocritico.com\/ausajpuntocritico\/author\/punto-critico\/\"><img loading=\"lazy\" decoding=\"async\" class=\"aligncenter wp-image-9528\" src=\"https:\/\/puntocritico.com\/ausajpuntocritico\/wp-content\/uploads\/2018\/03\/Mosca_Punto_Cr\u00edtico_40.png\" alt=\"\" width=\"80\" height=\"80\" data-id=\"9528\" \/><\/a><\/p>\n<p align=\"justify\">\u00a0<\/p>\n","protected":false},"excerpt":{"rendered":"<div class=\"mh-excerpt\"><p>\u00abCuando la gente se mor\u00eda por ser amiga de Hitler\u00bb &nbsp; Colaboracionistas: la venganza contra el ej\u00e9rcito oculto que ayud\u00f3 a Hitler a conquistar Europa En su nuevo ensayo hist\u00f3rico, David Alegre se adentra en <a class=\"mh-excerpt-more\" href=\"https:\/\/puntocritico.com\/ausajpuntocritico\/2022\/05\/02\/cuando-la-gente-se-moria-por-ser-amiga-de-hitler-por-emilio-de-miguel-calabia\/\" title=\"\u00abCuando la gente se mor\u00eda por ser amiga de Hitler\u00bb, por Emilio de Miguel Calabia\">[&#8230;]<\/a><\/p>\n<\/div>","protected":false},"author":3,"featured_media":2246038,"comment_status":"open","ping_status":"closed","sticky":false,"template":"","format":"standard","meta":{"_acf_changed":false,"_exactmetrics_skip_tracking":false,"_exactmetrics_sitenote_active":false,"_exactmetrics_sitenote_note":"","_exactmetrics_sitenote_category":0,"footnotes":""},"categories":[7],"tags":[],"class_list":{"0":"post-2245573","1":"post","2":"type-post","3":"status-publish","4":"format-standard","5":"has-post-thumbnail","7":"category-politica"},"acf":[],"_links":{"self":[{"href":"https:\/\/puntocritico.com\/ausajpuntocritico\/wp-json\/wp\/v2\/posts\/2245573","targetHints":{"allow":["GET"]}}],"collection":[{"href":"https:\/\/puntocritico.com\/ausajpuntocritico\/wp-json\/wp\/v2\/posts"}],"about":[{"href":"https:\/\/puntocritico.com\/ausajpuntocritico\/wp-json\/wp\/v2\/types\/post"}],"author":[{"embeddable":true,"href":"https:\/\/puntocritico.com\/ausajpuntocritico\/wp-json\/wp\/v2\/users\/3"}],"replies":[{"embeddable":true,"href":"https:\/\/puntocritico.com\/ausajpuntocritico\/wp-json\/wp\/v2\/comments?post=2245573"}],"version-history":[{"count":0,"href":"https:\/\/puntocritico.com\/ausajpuntocritico\/wp-json\/wp\/v2\/posts\/2245573\/revisions"}],"wp:featuredmedia":[{"embeddable":true,"href":"https:\/\/puntocritico.com\/ausajpuntocritico\/wp-json\/wp\/v2\/media\/2246038"}],"wp:attachment":[{"href":"https:\/\/puntocritico.com\/ausajpuntocritico\/wp-json\/wp\/v2\/media?parent=2245573"}],"wp:term":[{"taxonomy":"category","embeddable":true,"href":"https:\/\/puntocritico.com\/ausajpuntocritico\/wp-json\/wp\/v2\/categories?post=2245573"},{"taxonomy":"post_tag","embeddable":true,"href":"https:\/\/puntocritico.com\/ausajpuntocritico\/wp-json\/wp\/v2\/tags?post=2245573"}],"curies":[{"name":"wp","href":"https:\/\/api.w.org\/{rel}","templated":true}]}}