{"id":2245239,"date":"2022-04-11T00:05:11","date_gmt":"2022-04-10T22:05:11","guid":{"rendered":"https:\/\/puntocritico.com\/ausajpuntocritico\/?p=2245239"},"modified":"2024-03-31T21:19:19","modified_gmt":"2024-03-31T19:19:19","slug":"ucrania-y-hunter-biden-laboratorios-biologicos-y-ordenadores-portatiles","status":"publish","type":"post","link":"https:\/\/puntocritico.com\/ausajpuntocritico\/2022\/04\/11\/ucrania-y-hunter-biden-laboratorios-biologicos-y-ordenadores-portatiles\/","title":{"rendered":"UCRANIA Y HUNTER BIDEN. Laboratorios biol\u00f3gicos y ordenadores port\u00e1tiles"},"content":{"rendered":"<p style=\"text-align: justify;\"><span style=\"font-size: 14pt;\"><a href=\"https:\/\/puntocritico.com\/ausajpuntocritico\/2020\/04\/01\/indice-pandemia-coronavirus\/\">INDICE PANDEMIA CORONAVIRUS<\/a><\/span><\/p>\n<p style=\"text-align: center;\"><span style=\"font-size: 18pt;\"><strong>*<span style=\"color: #008000;\">*<\/span>*<\/strong><\/span><\/p>\n<p style=\"text-align: justify;\"><span style=\"font-size: 14pt; color: #008000;\">UCRANIA Y HUNTER BIDEN. Laboratorios biol\u00f3gicos y ordenadores port\u00e1tiles<\/span><\/p>\n\n<p>&nbsp;<\/p>\n<blockquote>\n<h2 style=\"text-align: center;\"><span style=\"font-size: 24pt;\"><strong>UCRANIA Y HUNTER BIDEN<\/strong><\/span><\/h2>\n<p style=\"text-align: center;\"><em><strong><span style=\"font-size: 18pt;\">Laboratorios biol\u00f3gicos y ordenadores port\u00e1tiles<\/span><\/strong><\/em><\/p>\n<p style=\"text-align: center;\"><em><span style=\"font-size: 14pt;\"><strong>Joseph Biden y su equipo abrieron\u00a0la caja de Pandora\u00a0por no haber forzado al presidente de Ucrania, Volodymir Zelensky, a que aceptara que su pa\u00eds no se incorporar\u00eda a la OTAN o, si se hubiera resistido a ello, a zanjar el asunto con una declaraci\u00f3n p\u00fablica del propio Joseph Biden en ese sentido, lo que, probablemente, hubiera bastado para haber evitado la operaci\u00f3n militar de Rusia en Ucrania.<\/strong><\/span><\/em><\/p>\n<p style=\"text-align: center;\"><span style=\"font-size: 14pt;\"><em><strong>Sin embargo, desde 2014, Ucrania se ha convertido en un\u00a0cliente\u00a0muy especial de los EE. UU., en un pa\u00eds con los gobiernos m\u00e1s corruptos de Europa, ideales para el lavado de dinero, en una base de avanzadilla para la OTAN hacia Rusia y, por lo que parece, en un territorio lo suficientemente alejado de EE. UU. como para establecer laboratorios biol\u00f3gicos, en suelo europeo, susceptibles de convertirse en armamento.<\/strong><\/em><\/span><\/p>\n<p style=\"text-align: center;\"><em><span style=\"font-size: 14pt;\"><strong>El\u00a0disco duro del infierno\u00a0\u2013hard drive from hell, como se le denomina en EE. UU.- del ordenador de Hunter Biden contiene, al parecer, seg\u00fan los medios estadounidenses, pruebas de otros delitos, que abarcar\u00edan la traici\u00f3n, el soborno, el fraude electr\u00f3nico, el tr\u00e1fico sexual de ni\u00f1os o el uso del\u00a0Air Force Two\u00a0-el avi\u00f3n oficial asignado al vicepresidente de EE. UU. para el desempe\u00f1o de sus funciones- en la comisi\u00f3n de muchos de estos cr\u00edmenes.<\/strong><\/span><\/em><\/p>\n<p style=\"text-align: justify;\"><span style=\"font-size: 14pt;\">Por Jorge Cachinero<\/span><\/p>\n<p style=\"text-align: justify;\"><span style=\"font-size: 14pt;\"><a href=\"https:\/\/abcblogs.abc.es\/jorge-cachinero\/otros-temas\/ucrania-laboratorios-biologicos-y-el-ordenador-de-hunter-biden.html#vca=mod-friso-p1&amp;vmc=blogs-blogs&amp;vso=Ucrania%20y%20Hunter%20Biden&amp;vli=portada.portada\" target=\"_blank\" rel=\"noopener\">ABC<\/a>, 7 ABRIL 2022<\/span><\/p>\n<figure id=\"attachment_2245240\" aria-describedby=\"caption-attachment-2245240\" style=\"width: 516px\" class=\"wp-caption aligncenter\"><img loading=\"lazy\" decoding=\"async\" class=\"wp-image-2245240 size-full\" src=\"https:\/\/puntocritico.com\/ausajpuntocritico\/wp-content\/uploads\/2022\/04\/30-Ucrania-y-Hunter-Biden-Laboratorios-biologicos-y-ordenadores-portatiles-22.04.07-516x315-1.jpg\" alt=\"UCRANIA Y HUNTER BIDEN\" width=\"516\" height=\"315\" data-id=\"2245240\" srcset=\"https:\/\/puntocritico.com\/ausajpuntocritico\/wp-content\/uploads\/2022\/04\/30-Ucrania-y-Hunter-Biden-Laboratorios-biologicos-y-ordenadores-portatiles-22.04.07-516x315-1.jpg 516w, https:\/\/puntocritico.com\/ausajpuntocritico\/wp-content\/uploads\/2022\/04\/30-Ucrania-y-Hunter-Biden-Laboratorios-biologicos-y-ordenadores-portatiles-22.04.07-516x315-1-300x183.jpg 300w\" sizes=\"auto, (max-width: 516px) 100vw, 516px\" \/><figcaption id=\"caption-attachment-2245240\" class=\"wp-caption-text\"><span style=\"color: #008000;\">Hunter Biden<\/span><\/figcaption><\/figure>\n<p style=\"text-align: justify;\">\u00a0<\/p>\n<p style=\"text-align: justify;\"><span style=\"font-size: 14pt;\">Biden y su equipo desean alargar el m\u00e1ximo posible el conflicto militar que se est\u00e1 desarrollando en\u00a0<strong>Ucrania<\/strong>\u00a0entre Estados Unidos (EE. UU.), por medio de su apoderado local, y Rusia.<\/span><\/p>\n<p style=\"text-align: justify;\"><span style=\"font-size: 14pt;\">Sin embargo, para desgracia de Biden y de su equipo, cuanto m\u00e1s se prolonga este conflicto, m\u00e1s novedades est\u00e1n aflorando sobre un n\u00famero de asuntos, derivados del principal -las operaciones militares en curso y, una vez que \u00e9stas concluyan, el futuro de la arquitectura de seguridad de Europa-, que llegan, de vuelta, a EE. UU., desde Ucrania, y que afectan a Biden, a su familia m\u00e1s directa y a algunos de sus colaboradores m\u00e1s cercanos.<\/span><\/p>\n<aside class=\"roba-intercalado sin-fondo layer_inpage\">\n<div id=\"google_ads_iframe_\/4900\/vocento.abc\/blogs_0__container__\" style=\"text-align: justify;\"><span style=\"font-size: 14pt;\">Entre todos estos \u00faltimos, atenci\u00f3n especial debe prestarse a Anthony Blinken, secretario de Estado, a Jake Sullivan, asesor de seguridad nacional, y a Victoria Nuland, subsecretaria de Estado para asuntos pol\u00edticos, quienes, todos ellos, incluido Biden, cuando \u00e9ste era vicepresidente, estuvieron directamente involucrados, en 2013 y en 2014, cuando se encontraban al frente de responsabilidades diferentes a las actuales, en el <em>dosier Ucrania<\/em>, por encargo directo del presidente Barack Obama, quien deleg\u00f3 en todos ellos la ejecuci\u00f3n de\u00a0<em>cambio de r\u00e9gimen<\/em>\u00a0\u2013<em>regime change<\/em>, en ingl\u00e9s- en Ucrania.<\/span><\/div>\n<div>\u00a0<\/div>\n<div>\u00a0<\/div>\n<\/aside>\n<figure id=\"attachment_2245241\" aria-describedby=\"caption-attachment-2245241\" style=\"width: 555px\" class=\"wp-caption aligncenter\"><img loading=\"lazy\" decoding=\"async\" class=\"wp-image-2245241\" src=\"https:\/\/puntocritico.com\/ausajpuntocritico\/wp-content\/uploads\/2022\/04\/30-Ucrania-y-Hunter-Biden-Laboratorios-biologicos-y-ordenadores-portatiles-22.04.07-Jake-Sullivan-i-Anthony-Blinken-d.png\" alt=\"\" width=\"555\" height=\"336\" data-id=\"2245241\" srcset=\"https:\/\/puntocritico.com\/ausajpuntocritico\/wp-content\/uploads\/2022\/04\/30-Ucrania-y-Hunter-Biden-Laboratorios-biologicos-y-ordenadores-portatiles-22.04.07-Jake-Sullivan-i-Anthony-Blinken-d.png 736w, https:\/\/puntocritico.com\/ausajpuntocritico\/wp-content\/uploads\/2022\/04\/30-Ucrania-y-Hunter-Biden-Laboratorios-biologicos-y-ordenadores-portatiles-22.04.07-Jake-Sullivan-i-Anthony-Blinken-d-300x181.png 300w, https:\/\/puntocritico.com\/ausajpuntocritico\/wp-content\/uploads\/2022\/04\/30-Ucrania-y-Hunter-Biden-Laboratorios-biologicos-y-ordenadores-portatiles-22.04.07-Jake-Sullivan-i-Anthony-Blinken-d-610x369.png 610w\" sizes=\"auto, (max-width: 555px) 100vw, 555px\" \/><figcaption id=\"caption-attachment-2245241\" class=\"wp-caption-text\"><span style=\"color: #008000;\">Jake Sullivan (i), Anthony Blinken (d)<\/span><\/figcaption><\/figure>\n<p>&nbsp;<\/p>\n<p style=\"text-align: justify;\"><span style=\"font-size: 14pt;\">Aquel fue un proyecto mediante el cual EE. UU. instig\u00f3 una nueva versi\u00f3n de las llamadas\u00a0<em>revoluciones de colores<\/em>\u00a0contra el gobierno leg\u00edtimo -aunque discutible, como cualquier otro, por tantas razones- de Viktor Yanukovych hasta derrocarlo mediante un\u00a0<em>putsch<\/em>.<\/span><\/p>\n<p style=\"text-align: justify;\"><span style=\"font-size: 14pt;\">Ese golpe fue seguido por tres refer\u00e9ndums.<\/span><\/p>\n<p style=\"text-align: justify;\"><span style=\"font-size: 14pt;\">El primero de ellos, en marzo de 2014, tuvo lugar entre la poblaci\u00f3n de la pen\u00ednsula de Crimea, que vot\u00f3, de forma masiva, en favor del retorno a la soberan\u00eda rusa, a la que hab\u00eda pertenecido, a lo largo de su historia -desde que Sebastopol fue conquistada a los turcos, en 1783, por la Emperatriz Catalina II de Rusia, llamada\u00a0<em>la Grande<\/em>, y Crimea se incorpor\u00f3 al Imperio Ruso-, con la excepci\u00f3n breve de los a\u00f1os desde la disoluci\u00f3n de la Uni\u00f3n Sovi\u00e9tica, en agosto de 1991, hasta ese plebiscito popular de 2014.<\/span><\/p>\n<p style=\"text-align: justify;\"><span style=\"font-size: 14pt;\">Posteriormente, se celebraron otros dos refer\u00e9ndums en las regiones ruso-parlantes del Donbas -Donestk y Lugansk, en mayo de 2014-, tras los que ambas regiones, hasta ese momento ucranianas, declararon su independencia.<\/span><\/p>\n<p style=\"text-align: justify;\"><span style=\"font-size: 14pt;\">La m\u00e1s llamativa de todas las cuestiones que se est\u00e1n haciendo p\u00fablicas, tras el comienzo de la operaci\u00f3n militar en Ucrania, es la dada a conocer por el Ministerio de Defensa de la Federaci\u00f3n Rusa, gracias a documentos a los que ha tenido acceso, sobre\u00a0<strong>la existencia en el territorio de Ucrania, desde hace a\u00f1os, de un n\u00famero de laboratorios biol\u00f3gicos<\/strong>, que formar\u00edan parte de un programa mundial, financiado por el departamento de Defensa estadounidense, en el que se estar\u00edan ejecutando proyectos cient\u00edficos para la creaci\u00f3n de enfermedades v\u00edricas, susceptibles de ser usadas como armas.<\/span><\/p>\n<p>&nbsp;<\/p>\n<figure id=\"attachment_2245242\" aria-describedby=\"caption-attachment-2245242\" style=\"width: 678px\" class=\"wp-caption aligncenter\"><img loading=\"lazy\" decoding=\"async\" class=\"wp-image-2245242 size-mh-magazine-content\" src=\"https:\/\/puntocritico.com\/ausajpuntocritico\/wp-content\/uploads\/2022\/04\/30-Ucrania-y-Hunter-Biden-Laboratorios-biologicos-y-ordenadores-portatiles-22.04.07-Joseph-Biden-i-Vladimir-Putin-d-1-678x381.jpg\" alt=\"\" width=\"678\" height=\"381\" data-id=\"2245242\" srcset=\"https:\/\/puntocritico.com\/ausajpuntocritico\/wp-content\/uploads\/2022\/04\/30-Ucrania-y-Hunter-Biden-Laboratorios-biologicos-y-ordenadores-portatiles-22.04.07-Joseph-Biden-i-Vladimir-Putin-d-1-678x381.jpg 678w, https:\/\/puntocritico.com\/ausajpuntocritico\/wp-content\/uploads\/2022\/04\/30-Ucrania-y-Hunter-Biden-Laboratorios-biologicos-y-ordenadores-portatiles-22.04.07-Joseph-Biden-i-Vladimir-Putin-d-1-300x169.jpg 300w, https:\/\/puntocritico.com\/ausajpuntocritico\/wp-content\/uploads\/2022\/04\/30-Ucrania-y-Hunter-Biden-Laboratorios-biologicos-y-ordenadores-portatiles-22.04.07-Joseph-Biden-i-Vladimir-Putin-d-1-1024x575.jpg 1024w, https:\/\/puntocritico.com\/ausajpuntocritico\/wp-content\/uploads\/2022\/04\/30-Ucrania-y-Hunter-Biden-Laboratorios-biologicos-y-ordenadores-portatiles-22.04.07-Joseph-Biden-i-Vladimir-Putin-d-1-768x431.jpg 768w, https:\/\/puntocritico.com\/ausajpuntocritico\/wp-content\/uploads\/2022\/04\/30-Ucrania-y-Hunter-Biden-Laboratorios-biologicos-y-ordenadores-portatiles-22.04.07-Joseph-Biden-i-Vladimir-Putin-d-1-610x343.jpg 610w, https:\/\/puntocritico.com\/ausajpuntocritico\/wp-content\/uploads\/2022\/04\/30-Ucrania-y-Hunter-Biden-Laboratorios-biologicos-y-ordenadores-portatiles-22.04.07-Joseph-Biden-i-Vladimir-Putin-d-1-1320x742.jpg 1320w, https:\/\/puntocritico.com\/ausajpuntocritico\/wp-content\/uploads\/2022\/04\/30-Ucrania-y-Hunter-Biden-Laboratorios-biologicos-y-ordenadores-portatiles-22.04.07-Joseph-Biden-i-Vladimir-Putin-d-1.jpg 1326w\" sizes=\"auto, (max-width: 678px) 100vw, 678px\" \/><figcaption id=\"caption-attachment-2245242\" class=\"wp-caption-text\"><span style=\"color: #008000;\">Joseph Biden (i), Vladimir Putin (d)<\/span><\/figcaption><\/figure>\n<p>&nbsp;<\/p>\n<p style=\"text-align: justify;\"><span style=\"font-size: 14pt;\">En los laboratorios biol\u00f3gicos espec\u00edficamente situados en suelo ucraniano, se estaba trabajando, seg\u00fan los documentos que los rusos dicen tener en su poder, mediante ingenier\u00eda gen\u00e9tica, en la concepci\u00f3n de pat\u00f3genos especialmente dise\u00f1ados para esparcirse y para tener m\u00e1s impacto entre los pueblos eslavos.<\/span><\/p>\n<p style=\"text-align: justify;\"><span style=\"font-size: 14pt;\">Seg\u00fan las declaraciones que el jefe de las fuerzas rusas de protecci\u00f3n contra la radiaci\u00f3n qu\u00edmica, biol\u00f3gica y nuclear, el teniente general Igor Kirillov, realiz\u00f3 a los medios de comunicaci\u00f3n, el 7 de marzo de 2022, el Ministerio de Defensa de Rusia tiene en su poder correspondencia entre Hunter Biden, el hijo de Joseph Biden, empleados de la agencia de reducci\u00f3n de amenazas de defensa del Pent\u00e1gono \u2013<em>Defense Threat Reduction Agency (DTRA)<\/em>, en su nombre original- y contratistas del departamento de Defensa estadounidense, que probar\u00edan el papel de Hunter Biden en la financiaci\u00f3n de dichos laboratorios biol\u00f3gicos en Ucrania.<\/span><\/p>\n<p>&nbsp;<\/p>\n<figure id=\"attachment_2245243\" aria-describedby=\"caption-attachment-2245243\" style=\"width: 555px\" class=\"wp-caption aligncenter\"><img loading=\"lazy\" decoding=\"async\" class=\"wp-image-2245243\" src=\"https:\/\/puntocritico.com\/ausajpuntocritico\/wp-content\/uploads\/2022\/04\/30-Ucrania-y-Hunter-Biden-Laboratorios-biologicos-y-ordenadores-portatiles-22.04.07-Teniente-General-Igor-Kirillov.jpg\" alt=\"\" width=\"555\" height=\"366\" data-id=\"2245243\" srcset=\"https:\/\/puntocritico.com\/ausajpuntocritico\/wp-content\/uploads\/2022\/04\/30-Ucrania-y-Hunter-Biden-Laboratorios-biologicos-y-ordenadores-portatiles-22.04.07-Teniente-General-Igor-Kirillov.jpg 1024w, https:\/\/puntocritico.com\/ausajpuntocritico\/wp-content\/uploads\/2022\/04\/30-Ucrania-y-Hunter-Biden-Laboratorios-biologicos-y-ordenadores-portatiles-22.04.07-Teniente-General-Igor-Kirillov-300x198.jpg 300w, https:\/\/puntocritico.com\/ausajpuntocritico\/wp-content\/uploads\/2022\/04\/30-Ucrania-y-Hunter-Biden-Laboratorios-biologicos-y-ordenadores-portatiles-22.04.07-Teniente-General-Igor-Kirillov-768x506.jpg 768w, https:\/\/puntocritico.com\/ausajpuntocritico\/wp-content\/uploads\/2022\/04\/30-Ucrania-y-Hunter-Biden-Laboratorios-biologicos-y-ordenadores-portatiles-22.04.07-Teniente-General-Igor-Kirillov-610x402.jpg 610w\" sizes=\"auto, (max-width: 555px) 100vw, 555px\" \/><figcaption id=\"caption-attachment-2245243\" class=\"wp-caption-text\"><span style=\"color: #008000;\">Teniente General Igor Kirillov<\/span><\/figcaption><\/figure>\n<p>&nbsp;<\/p>\n<p style=\"text-align: justify;\"><span style=\"font-size: 14pt;\">En palabras del teniente general Igor Kirillov, \u201c<em>el contenido de los mensajes muestra que Hunter Biden fue fundamental para proporcionar oportunidades de financiaci\u00f3n para el trabajo con pat\u00f3genos en Ucrania, asegurando la financiaci\u00f3n de Black &amp; Veatch Special Projects y Metabiota, esta \u00faltima, una empresa de biotecnolog\u00eda estadounidense<\/em>\u201c.<\/span><\/p>\n<p style=\"text-align: justify;\"><span style=\"font-size: 14pt;\">La Duma -\u0434\u0443\u043c\u0430, en ruso, o asamblea legislativa- nacional rusa ha abierto una investigaci\u00f3n sobre esta red de laboratorios biol\u00f3gicos en Ucrania, controlados por EE. UU., e informar\u00e1 de las conclusiones de esta, a su conclusi\u00f3n, al presidente de la Federaci\u00f3n Rusa, Vladimir Putin, y a las organizaciones internacionales de las que Rusia es miembro.<\/span><\/p>\n<p style=\"text-align: justify;\"><span style=\"font-size: 14pt;\">Irina Yarovaya, co-presidente de la Duma, declar\u00f3 que \u201c<em>hablamos de actividades encubiertas, controladas por el Pent\u00e1gono, con elementos que indican el desarrollo de armas biol\u00f3gicas,<\/em>\u00a0(que son)\u00a0<em>un peligro tanto para Ucrania como para Rusia<\/em>\u201d y cit\u00f3, adem\u00e1s, la implicaci\u00f3n de Hunter Biden, a trav\u00e9s de su fondo de inversi\u00f3n,\u00a0<em>Rosemont Seneca Partners<\/em>, y de Victoria Nuland, a quien la Duma ha pedido, formalmente, explicaciones.<\/span><\/p>\n<p style=\"text-align: justify;\"><span style=\"font-size: 14pt;\">Hunter Biden fue objeto de una investigaci\u00f3n federal por sus negocios en Ucrania, vinculados a la empresa energ\u00e9tica\u00a0<em>Burisma Holdings<\/em>, de cuyo consejo de administraci\u00f3n form\u00f3 parte, a partir de 2014, y cuyo presidente era, entonces, el oligarca ucraniano Mykola Zlochevsky.<\/span><\/p>\n<p>&nbsp;<\/p>\n<p>&nbsp;<\/p>\n<figure id=\"attachment_2245244\" aria-describedby=\"caption-attachment-2245244\" style=\"width: 660px\" class=\"wp-caption aligncenter\"><img loading=\"lazy\" decoding=\"async\" class=\"wp-image-2245244\" src=\"https:\/\/puntocritico.com\/ausajpuntocritico\/wp-content\/uploads\/2022\/04\/30-Ucrania-y-Hunter-Biden-Laboratorios-biologicos-y-ordenadores-portatiles-22.04.07-Burisma-Holdings-y-la-conexion-ucraniana-1024x683.png\" alt=\"\" width=\"660\" height=\"440\" data-id=\"2245244\" srcset=\"https:\/\/puntocritico.com\/ausajpuntocritico\/wp-content\/uploads\/2022\/04\/30-Ucrania-y-Hunter-Biden-Laboratorios-biologicos-y-ordenadores-portatiles-22.04.07-Burisma-Holdings-y-la-conexion-ucraniana-1024x683.png 1024w, https:\/\/puntocritico.com\/ausajpuntocritico\/wp-content\/uploads\/2022\/04\/30-Ucrania-y-Hunter-Biden-Laboratorios-biologicos-y-ordenadores-portatiles-22.04.07-Burisma-Holdings-y-la-conexion-ucraniana-300x200.png 300w, https:\/\/puntocritico.com\/ausajpuntocritico\/wp-content\/uploads\/2022\/04\/30-Ucrania-y-Hunter-Biden-Laboratorios-biologicos-y-ordenadores-portatiles-22.04.07-Burisma-Holdings-y-la-conexion-ucraniana-768x512.png 768w, https:\/\/puntocritico.com\/ausajpuntocritico\/wp-content\/uploads\/2022\/04\/30-Ucrania-y-Hunter-Biden-Laboratorios-biologicos-y-ordenadores-portatiles-22.04.07-Burisma-Holdings-y-la-conexion-ucraniana-1536x1024.png 1536w, https:\/\/puntocritico.com\/ausajpuntocritico\/wp-content\/uploads\/2022\/04\/30-Ucrania-y-Hunter-Biden-Laboratorios-biologicos-y-ordenadores-portatiles-22.04.07-Burisma-Holdings-y-la-conexion-ucraniana-2048x1365.png 2048w, https:\/\/puntocritico.com\/ausajpuntocritico\/wp-content\/uploads\/2022\/04\/30-Ucrania-y-Hunter-Biden-Laboratorios-biologicos-y-ordenadores-portatiles-22.04.07-Burisma-Holdings-y-la-conexion-ucraniana-610x407.png 610w, https:\/\/puntocritico.com\/ausajpuntocritico\/wp-content\/uploads\/2022\/04\/30-Ucrania-y-Hunter-Biden-Laboratorios-biologicos-y-ordenadores-portatiles-22.04.07-Burisma-Holdings-y-la-conexion-ucraniana-1320x880.png 1320w\" sizes=\"auto, (max-width: 660px) 100vw, 660px\" \/><figcaption id=\"caption-attachment-2245244\" class=\"wp-caption-text\"><span style=\"color: #008000;\">Burisma Holdings y la conexi\u00f3n ucraniana<\/span><\/figcaption><\/figure>\n<p>&nbsp;<\/p>\n<p style=\"text-align: justify;\"><span style=\"font-size: 14pt;\">En ese mismo a\u00f1o,\u00a0<em>Metabiota<\/em>, una empresa privada, especializada en el estudio de riesgos pand\u00e9micos, se desprendi\u00f3 de\u00a0<em>Global Viral<\/em>\u00a0y dos empleados de la empresa de Hunter Biden,\u00a0Neil Callahan y John DeLoche, fueron nombrados miembros del consejo de administraci\u00f3n de\u00a0<em>Metabiota<\/em>.<\/span><\/p>\n<p style=\"text-align: justify;\"><span style=\"font-size: 14pt;\">A partir de ese momento,\u00a0<em>Global Viral<\/em>\u00a0y\u00a0<em>Metabiota<\/em>\u00a0comenzaron a obtener contratos del departamento de Defensa de EE. UU.<\/span><\/p>\n<p style=\"text-align: justify;\"><span style=\"font-size: 14pt;\">Poco despu\u00e9s,\u00a0<em>Metabiota<\/em>\u00a0mostr\u00f3 un inter\u00e9s inusitado por Ucrania e invit\u00f3 a Hunter Biden a reafirmar en p\u00fablico \u201c<em>la independencia cultural y econ\u00f3mica de Ucrania con respecto a Rusia<\/em>\u201c.<\/span><\/p>\n<p style=\"text-align: justify;\"><span style=\"font-size: 14pt;\">A continuaci\u00f3n,\u00a0<em>Metabiota<\/em>\u00a0y\u00a0<em>Burisma Holdings<\/em>\u00a0arrancaron su cooperaci\u00f3n dentro del marco de un \u201c<em>proyecto cient\u00edfico en Ucrania<\/em>\u201c, sin nombre conocido, y\u00a0<em>Metabiota<\/em>,\u00a0<em>Global Viral<\/em>\u00a0y\u00a0<em>Black &amp; Veatch Special Projects<\/em>, compa\u00f1\u00eda contratista de la DTRA del Pent\u00e1gono, iniciaron su colaboraci\u00f3n en los programas del departamento de Defensa de EE. UU.<\/span><\/p>\n<p style=\"text-align: justify;\"><span style=\"font-size: 14pt;\">El 8 de marzo de 2022, un d\u00eda despu\u00e9s de las afirmaciones de Kirillov, fue la propia Victoria Nuland quien reconoci\u00f3, abiertamente, en el Senado estadounidense, a preguntas del senador Marco Rubio, \u201c<em>la existencia de cooperaci\u00f3n entre EE. UU. y Ucrania en materia de pat\u00f3genos<\/em>\u201c.<\/span><\/p>\n<p style=\"text-align: justify;\"><span style=\"font-size: 14pt;\">Asimismo, los documentos aprehendidos por Rusia en Ucrania muestran la dimensi\u00f3n de la riqueza acumulada por Hunter Biden en sus negocios con China, ya que, gracias a ellos, seg\u00fan Kirillov, las evidencias prueban que Hunter Biden y su t\u00edo, James Biden, hermano de Joseph Biden, ingresaron 4,8 millones de d\u00f3lares -1 mill\u00f3n de d\u00f3lares en un primer pago y otros 3,8 millones por actividades de consultor\u00eda-, entre 2017 y 2018, gracias a un contrato con la empresa energ\u00e9tica china\u00a0<em>CEFC China Energy<\/em>.<\/span><\/p>\n<p style=\"text-align: justify;\"><span style=\"font-size: 14pt;\">M\u00e1s de tres semanas despu\u00e9s de conocerse toda esta informaci\u00f3n, el 30 de marzo de 2022, el peri\u00f3dico\u00a0<em><u>The Washington Post<\/u><\/em>, en un art\u00edculo titulado \u201c<em>Inside Hunter Biden\u2019s multimillion-dollar deals with a Chinese energy company<\/em>\u201d -\u201c<em>Dentro de los acuerdos multimillonarios de Hunter Biden con una compa\u00f1\u00eda de energ\u00eda china<\/em>\u201d, en espa\u00f1ol-, confirm\u00f3 las afirmaciones de Kirillov.<\/span><\/p>\n<p>&nbsp;<\/p>\n<figure id=\"attachment_2245245\" aria-describedby=\"caption-attachment-2245245\" style=\"width: 555px\" class=\"wp-caption aligncenter\"><img loading=\"lazy\" decoding=\"async\" class=\"wp-image-2245245\" src=\"https:\/\/puntocritico.com\/ausajpuntocritico\/wp-content\/uploads\/2022\/04\/30-Ucrania-y-Hunter-Biden-Laboratorios-biologicos-y-ordenadores-portatiles-22.04.07-The-Washington-Post-30-de-marzo-de-2022.jpg\" alt=\"\" width=\"555\" height=\"278\" data-id=\"2245245\" srcset=\"https:\/\/puntocritico.com\/ausajpuntocritico\/wp-content\/uploads\/2022\/04\/30-Ucrania-y-Hunter-Biden-Laboratorios-biologicos-y-ordenadores-portatiles-22.04.07-The-Washington-Post-30-de-marzo-de-2022.jpg 318w, https:\/\/puntocritico.com\/ausajpuntocritico\/wp-content\/uploads\/2022\/04\/30-Ucrania-y-Hunter-Biden-Laboratorios-biologicos-y-ordenadores-portatiles-22.04.07-The-Washington-Post-30-de-marzo-de-2022-300x150.jpg 300w\" sizes=\"auto, (max-width: 555px) 100vw, 555px\" \/><figcaption id=\"caption-attachment-2245245\" class=\"wp-caption-text\"><span style=\"color: #008000;\">The Washington Post, 30 de marzo de 2022<\/span><\/figcaption><\/figure>\n<p>&nbsp;<\/p>\n<p style=\"text-align: justify;\"><span style=\"font-size: 14pt;\">En concreto,\u00a0<em><u>The Washington Post<\/u><\/em>\u00a0relat\u00f3, sobre la base de documentos gubernamentales estadounidenses, expedientes judiciales, datos bancarios y correos electr\u00f3nicos contenidos en un ordenador port\u00e1til que pertenec\u00eda a Hunter Biden,<\/span><\/p>\n<figure id=\"attachment_2245246\" aria-describedby=\"caption-attachment-2245246\" style=\"width: 360px\" class=\"wp-caption alignleft\"><img loading=\"lazy\" decoding=\"async\" class=\"wp-image-2245246\" src=\"https:\/\/puntocritico.com\/ausajpuntocritico\/wp-content\/uploads\/2022\/04\/30-Ucrania-y-Hunter-Biden-Laboratorios-biologicos-y-ordenadores-portatiles-22.04.07-New-York-Post-14-de-octubre-de-2020.jpg\" alt=\"\" width=\"360\" height=\"385\" data-id=\"2245246\" \/><figcaption id=\"caption-attachment-2245246\" class=\"wp-caption-text\"><span style=\"color: #008000;\">New York Post, 14 de octubre de 2020<\/span><\/figcaption><\/figure>\n<p style=\"text-align: justify;\"><span style=\"font-size: 14pt;\">que \u00e9ste y un ejecutivo chino, Gongwen Dong, cerraron, el 2 de agosto de 2017, un acuerdo, rubricado por el propio Hunter Biden, tras el cual, el hijo de Biden, pocos d\u00edas despu\u00e9s, comenz\u00f3 a recibir millones de d\u00f3lares en una cuenta corriente, que hab\u00eda sido abierta en el Cathay Bank para este prop\u00f3sito.<\/span><\/p>\n<p style=\"text-align: justify;\"><span style=\"font-size: 14pt;\">Seg\u00fan\u00a0<em><u>The Washington Post<\/u><\/em>, los documentos muestran \u201c<em>las interacciones entre la familia Biden y los l\u00edderes chinos<\/em>\u201d y detallan \u201c<em>c\u00f3mo la familia<\/em>\u00a0(Biden)\u00a0<em>se benefici\u00f3 de las relaciones que Joe Biden construy\u00f3 durante d\u00e9cadas de servicio p\u00fablico<\/em>\u201c.<\/span><\/p>\n<p style=\"text-align: justify;\"><span style=\"font-size: 14pt;\">Al final,\u00a0<em>todos los caminos conducen<\/em>\u00a0al\u00a0<strong>ordenador port\u00e1til de Hunter Biden<\/strong>.<\/span><\/p>\n<p style=\"text-align: justify;\"><span style=\"font-size: 14pt;\">El 14 de octubre de 2020,\u00a0<em><u>New York Post<\/u><\/em>\u00a0-el peri\u00f3dico m\u00e1s antiguo de EE. UU., creado, en 1801, por uno de los\u00a0<em>Padres Fundadores<\/em>\u00a0de la naci\u00f3n estadounidense, Alexander Hamilton, primer secretario del Tesoro, con el presidente George Washington- inform\u00f3 sobre el ordenador port\u00e1til de Hunter Biden y sobre los documentos, potencialmente incriminatorios, que conten\u00eda su disco duro.<\/span><\/p>\n<p style=\"text-align: justify;\"><span style=\"font-size: 14pt;\">Inmediatamente,\u00a0<em><u>The New York Times<\/u><\/em>, la CNN y el resto de los medios de comunicaci\u00f3n voceros del partido dem\u00f3crata y de la izquierda estadounidenses \u2013<em>Mainstream Media (MSM)<\/em>, en ingl\u00e9s, o medios de comunicaci\u00f3n convencionales- atacaron en tromba al\u00a0<em><u>New York Post<\/u><\/em>\u00a0y\u00a0<em>Twitter<\/em>\u00a0y\u00a0<em>Facebook<\/em>, hoy\u00a0<em>Meta<\/em>, censuraron la historia en sus plataformas con la excusa de que la historia del\u00a0<em><u>New York Post\u00a0<\/u><\/em>era parte de una campa\u00f1a de intoxicaci\u00f3n de los servicios de Inteligencia rusos, para los que el presidente Donald J. Trump, seg\u00fan esos medios, estar\u00eda trabajando.<\/span><\/p>\n<p style=\"text-align: justify;\"><span style=\"font-size: 14pt;\">Dos a\u00f1os despu\u00e9s de aquellos desmentidos apresurados, Joseph Biden afirm\u00f3, el 16 de marzo de 2022, en un acto p\u00fablico, desde el podio que luce el sello presidencial, sin venir a cuento, que \u201c<em>todo el mundo conoce a alguien<\/em>\u201d sujeto a chantaje y, horas despu\u00e9s,\u00a0<em><u>The New York Times<\/u><\/em>, el 17 de marzo de 2022, en un art\u00edculo titulado \u201c<em>Hunter Biden Paid Tax Bill, but Broad Federal Investigation Continues<\/em>\u201d -\u201c<em>Hunter Biden pag\u00f3 los impuestos, pero contin\u00faa la amplia investigaci\u00f3n federal<\/em>\u201d, en espa\u00f1ol-, se retract\u00f3, de forma muy llamativa, de todas sus afirmaciones anteriores sobre que la existencia del port\u00e1til de Hunter Biden -repleto de memorandos y correos electr\u00f3nicos incriminatorios sobre las operaciones de soborno de la familia Biden a nivel mundial- era una estratagema rusa para perjudicar al candidato Biden en las elecciones presidenciales de 2020.<\/span><\/p>\n<p>&nbsp;<\/p>\n<figure id=\"attachment_2245247\" aria-describedby=\"caption-attachment-2245247\" style=\"width: 550px\" class=\"wp-caption aligncenter\"><img loading=\"lazy\" decoding=\"async\" class=\"wp-image-2245247\" src=\"https:\/\/puntocritico.com\/ausajpuntocritico\/wp-content\/uploads\/2022\/04\/30-Ucrania-y-Hunter-Biden-Laboratorios-biologicos-y-ordenadores-portatiles-22.04.07-The-New-York-Times-17-de-marzo-de-2022-Hunter-Biden.jpg\" alt=\"\" width=\"550\" height=\"242\" data-id=\"2245247\" srcset=\"https:\/\/puntocritico.com\/ausajpuntocritico\/wp-content\/uploads\/2022\/04\/30-Ucrania-y-Hunter-Biden-Laboratorios-biologicos-y-ordenadores-portatiles-22.04.07-The-New-York-Times-17-de-marzo-de-2022-Hunter-Biden.jpg 338w, https:\/\/puntocritico.com\/ausajpuntocritico\/wp-content\/uploads\/2022\/04\/30-Ucrania-y-Hunter-Biden-Laboratorios-biologicos-y-ordenadores-portatiles-22.04.07-The-New-York-Times-17-de-marzo-de-2022-Hunter-Biden-300x132.jpg 300w\" sizes=\"auto, (max-width: 550px) 100vw, 550px\" \/><figcaption id=\"caption-attachment-2245247\" class=\"wp-caption-text\"><span style=\"color: #008000;\">The New York Times, 17 de marzo de 2022, Hunter Biden<\/span><\/figcaption><\/figure>\n<p>&nbsp;<\/p>\n<p style=\"text-align: justify;\"><span style=\"font-size: 14pt;\">Al final de ese art\u00edculo, casi a escondidas, el periodista de\u00a0<em><u>The New York Times<\/u><\/em>\u00a0reconoc\u00eda que las pruebas contra Hunter Biden \u201c<em>parecen provenir de un ordenador port\u00e1til abandonado por el Sr.<\/em>\u00a0(Hunter)\u00a0<em>Biden en un taller de reparaci\u00f3n de Delaware<\/em>\u201c.<\/span><\/p>\n<p style=\"text-align: justify;\"><span style=\"font-size: 14pt;\">\u00bfD\u00f3nde est\u00e1n ahora los 50 antiguos y actuales oficiales de Inteligencia de EE. UU. que firmaron, en 2020, con sus nombres y apellidos, una carta endosando las opiniones primigenias de\u00a0<em><u>The New York Times<\/u><\/em>?<\/span><\/p>\n<p style=\"text-align: justify;\"><span style=\"font-size: 14pt;\">La realidad es que el ordenador port\u00e1til de Hunter Biden parece contener las evidencias de que su fondo\u00a0invirti\u00f3 en los laboratorios biol\u00f3gicos creados por el departamento de Defensa estadounidense en Ucrania y que fueron operados a trav\u00e9s de una empresa,\u00a0<em>Metabiota<\/em>, asociada con los negocios del hijo de Biden.<\/span><\/p>\n<p style=\"text-align: justify;\"><span style=\"font-size: 14pt;\">Joseph Biden suele reiterar lo mucho que quiere y que admira a Hunter, de quien le gusta decir que es \u201c<em>el hombre m\u00e1s inteligente que conozco<\/em>\u201d.<\/span><\/p>\n<p style=\"text-align: justify;\"><span style=\"font-size: 14pt;\">Se rumorea en Washington, D.C. que el departamento de Justicia estadounidense, que dirige <strong>Merrick Garland<\/strong>, est\u00e1 llevando a cabo una investigaci\u00f3n sobre los <strong>problemas fiscales de Hunter Biden<\/strong>, que no deben ser sencillos, teniendo en cuenta que, entre otros muchos clientes, ha ingresado, tambi\u00e9n, m\u00e1s de mil millones de d\u00f3lares, transferidos a su fondo de inversiones, desde empresas relacionadas con el <strong>Partido Comunista de China<\/strong>.<\/span><\/p>\n<p style=\"text-align: justify;\"><span style=\"font-size: 14pt;\">El\u00a0<em><strong>disco duro del infierno<\/strong><\/em>\u00a0\u2013<em>hard drive from hell<\/em>, como se le denomina en EE. UU.- del <strong>ordenador de Hunter Biden<\/strong> contiene, al parecer, seg\u00fan los medios estadounidenses, pruebas de otros delitos, que abarcar\u00edan la traici\u00f3n, el soborno, el fraude electr\u00f3nico, el tr\u00e1fico sexual de ni\u00f1os o el uso del\u00a0<em>Air Force Two<\/em>\u00a0-el avi\u00f3n oficial asignado al vicepresidente de EE. UU. para el desempe\u00f1o de sus funciones- en la comisi\u00f3n de muchos de estos cr\u00edmenes.<\/span><\/p>\n<p style=\"text-align: justify;\"><span style=\"font-size: 14pt;\">La historia del port\u00e1til de Hunter plantea serias dudas sobre la familia Biden y el papel que Joseph Biden desempe\u00f1\u00f3, como vicepresidente de EE. UU., especialmente, en 2013 y 2014, cuando estuvo al frente del equipo del gobierno estadounidense que gestion\u00f3 la crisis de Ucrania, mientras su hijo Hunter ten\u00eda un trabajo muy bien pagado en la empresa minera y de energ\u00eda ucraniana\u00a0<em>Burisma Holdings<\/em>, a pesar de tener pocas calificaciones para ese desempe\u00f1o, m\u00e1s all\u00e1 de su apellido.<\/span><\/p>\n<p style=\"text-align: justify;\"><span style=\"font-size: 14pt;\">Los correos electr\u00f3nicos de Hunter, como inform\u00f3\u00a0<em><u>The New York Times<\/u><\/em>, sugieren que \u00e9ste utilizaba o esperaba utilizar las visitas de su padre, es decir, del vicepresidente de EE. UU., a Ucrania como palanca para facilitar sus negocios.<\/span><\/p>\n<p style=\"text-align: justify;\"><span style=\"font-size: 14pt;\">Se trata de una historia, hoy m\u00e1s relevante a\u00fan, al estar relacionada con la que es, ahora, la mayor crisis de pol\u00edtica exterior del mundo.<\/span><\/p>\n<p style=\"text-align: justify;\"><span style=\"font-size: 14pt;\">Joseph Biden y su equipo abrieron\u00a0<em>la caja de Pandora<\/em>\u00a0por no haber forzado al presidente de Ucrania, Volodymir Zelensky, a que aceptara que su pa\u00eds no se incorporar\u00eda a la OTAN o, si se hubiera resistido a ello, a zanjar el asunto con una declaraci\u00f3n p\u00fablica del propio Joseph Biden en ese sentido, lo que, probablemente, hubiera bastado para haber evitado la operaci\u00f3n militar de Rusia en Ucrania.<\/span><\/p>\n<p style=\"text-align: justify;\"><span style=\"font-size: 14pt;\">Sin embargo, desde 2014, Ucrania se ha convertido en un\u00a0<em>cliente<\/em>\u00a0muy especial de los EE. UU., en un pa\u00eds con los gobiernos m\u00e1s corruptos de Europa, ideales para el lavado de dinero, en una base de avanzadilla para la OTAN hacia Rusia y, por lo que parece, en un territorio lo suficientemente alejado de EE. UU. como para establecer laboratorios biol\u00f3gicos, en suelo europeo, susceptibles de convertirse en armamento.<\/span><\/p>\n<p style=\"text-align: justify;\"><span style=\"font-size: 14pt;\">Un d\u00eda antes de la publicaci\u00f3n del art\u00edculo de\u00a0<em><u>The Washington Post<\/u><\/em>, el 29 de marzo de 2022, el presidente estadounidense Donald Trump, durante una entrevista realizada por el programa de televisi\u00f3n \u201c<em>Just the News<\/em>\u201d, pidi\u00f3 al presidente Vladimir Putin que hiciera p\u00fablica cualquier informaci\u00f3n que conociera sobre los negocios de Hunter Biden.<\/span><\/p>\n<\/blockquote>\n<p>&nbsp;<\/p>\n<figure id=\"attachment_2245257\" aria-describedby=\"caption-attachment-2245257\" style=\"width: 660px\" class=\"wp-caption aligncenter\"><img loading=\"lazy\" decoding=\"async\" class=\"wp-image-2245257\" src=\"https:\/\/puntocritico.com\/ausajpuntocritico\/wp-content\/uploads\/2022\/04\/BURISMA-STAFF.webp\" alt=\"\" width=\"660\" height=\"501\" data-id=\"2245257\" srcset=\"https:\/\/puntocritico.com\/ausajpuntocritico\/wp-content\/uploads\/2022\/04\/BURISMA-STAFF.webp 891w, https:\/\/puntocritico.com\/ausajpuntocritico\/wp-content\/uploads\/2022\/04\/BURISMA-STAFF-300x228.webp 300w, https:\/\/puntocritico.com\/ausajpuntocritico\/wp-content\/uploads\/2022\/04\/BURISMA-STAFF-768x584.webp 768w, https:\/\/puntocritico.com\/ausajpuntocritico\/wp-content\/uploads\/2022\/04\/BURISMA-STAFF-610x463.webp 610w, https:\/\/puntocritico.com\/ausajpuntocritico\/wp-content\/uploads\/2022\/04\/BURISMA-STAFF-80x60.webp 80w\" sizes=\"auto, (max-width: 660px) 100vw, 660px\" \/><figcaption id=\"caption-attachment-2245257\" class=\"wp-caption-text\"><span style=\"color: #008000;\">Metabiota y Burisma Holdings arrancaron su cooperaci\u00f3n dentro del marco de un \u201cproyecto cient\u00edfico en Ucrania\u201c, sin nombre conocido, y Metabiota, Global Viral y Black &amp; Veatch Special Projects, compa\u00f1\u00eda contratista de la DTRA del Pent\u00e1gono, iniciaron su colaboraci\u00f3n en los programas del departamento de Defensa de EE. UU. El 8 de marzo de 2022, un d\u00eda despu\u00e9s de las afirmaciones de Kirillov, fue la propia Victoria Nuland quien reconoci\u00f3, abiertamente, en el Senado estadounidense, a preguntas del senador Marco Rubio, \u201cla existencia de cooperaci\u00f3n entre EE. UU. y Ucrania en materia de pat\u00f3genos\u201c.<\/span><\/figcaption><\/figure>\n<p style=\"text-align: center;\"><span style=\"font-size: 18pt;\"><strong><span style=\"color: #008000;\">*******<\/span><\/strong><\/span><\/p>\n<div class=\"w-100\">\n<h2 id=\"main-content\" class=\"\n        font--headline\n        gray-darkest\n        pb-sm\n        \n        \n      \" style=\"text-align: center;\" data-qa=\"headline\"><span style=\"font-size: 24pt;\" data-qa=\"headline-text\">El magnate de la gasolina y el hijo del vicepresidente: La historia de la incursi\u00f3n de Hunter Biden en Ucrania<\/span><\/h2>\n<blockquote>\n<div style=\"text-align: center;\"><span style=\"font-size: 14pt;\"><b>La relaci\u00f3n de Hunter Biden con Ucrania<\/b><\/span><\/div>\n<div>\u00a0<\/div>\n<div style=\"text-align: center;\"><span style=\"font-size: 14pt;\">En el contexto de una denuncia extraordinaria de un informante contra el presidente Trump, se encuentra el hijo de Joe Biden, Hunter Biden, y su decisi\u00f3n de involucrarse con una oscura compa\u00f1\u00eda de gas ucraniana hace media d\u00e9cada.\u00a0<\/span><\/div>\n<div style=\"text-align: center;\">\u00a0<\/div>\n<div style=\"text-align: center;\"><span style=\"font-size: 14pt;\">Hunter Biden se uni\u00f3 al directorio de una compa\u00f1\u00eda de gas ucraniana, pero no dir\u00e1 qu\u00e9 hizo ni cu\u00e1nto recibi\u00f3 por el trabajo.\u00a0Ahora, la administraci\u00f3n Trump est\u00e1 bajo revisi\u00f3n de juicio pol\u00edtico despu\u00e9s de pedirle al presidente ucraniano que ayude a sacar a la luz la suciedad de Joe Biden y su hijo.<\/span><\/div>\n<div style=\"text-align: center;\">\u00a0<\/div>\n<div style=\"text-align: center;\"><span style=\"font-size: 14pt;\">\u201cHay una serie de factores e incidentes en los que Hunter Biden est\u00e1 haciendo negocios cuando los intereses de su padre tambi\u00e9n podr\u00edan surgir\u201d, dice el reportero de investigaci\u00f3n pol\u00edtica\u00a0<a href=\"https:\/\/www.washingtonpost.com\/people\/michael-kranish\" target=\"_blank\" rel=\"noopener\">Michael Kranish<\/a>\u00a0.\u00a0<\/span><\/div>\n<div style=\"text-align: center;\">\u00a0<\/div>\n<div style=\"text-align: center;\"><span style=\"font-size: 14pt;\"><i>M\u00e1s sobre este tema en The Washington Post:<\/i><\/span><\/div>\n<p style=\"text-align: center;\"><span style=\"font-size: 14pt;\"><a href=\"https:\/\/www.washingtonpost.com\/world\/national-security\/the-gas-tycoon-and-the-vice-presidents-son-the-story-of-hunter-bidens-foray-in-ukraine\/2019\/09\/28\/1aadff70-dfd9-11e9-8fd3-d943b4ed57e0_story.html\" target=\"_blank\" rel=\"noopener\">El magnate de la gasolina y el hijo del vicepresidente: La historia de la incursi\u00f3n de Hunter Biden en Ucrania<\/a><\/span><\/p>\n<p style=\"text-align: center;\"><span style=\"font-size: 14pt;\"><a href=\"https:\/\/www.washingtonpost.com\/politics\/biden-in-fiery-remarks-tells-trump-im-not-going-anywhere\/2019\/10\/02\/4d2f88d4-e56e-11e9-a6e8-8759c5c7f608_story.html\" target=\"_blank\" rel=\"noopener\">Biden, en declaraciones feroces, le dice a Trump: &#8216;No voy a ir a ninguna parte&#8217;<\/a><\/span><\/p>\n<p style=\"text-align: center;\"><span style=\"font-size: 14pt;\"><a href=\"https:\/\/www.washingtonpost.com\/politics\/staring-down-impeachment-trump-sees-himself-as-a-victim-of-historic-proportions\/2019\/09\/28\/815fbbea-e14c-11e9-b199-f638bf2c340f_story.html\" target=\"_blank\" rel=\"noopener\">Frente al juicio pol\u00edtico, Trump se ve a s\u00ed mismo como una v\u00edctima de proporciones hist\u00f3ricas<\/a><\/span><\/p>\n<div style=\"text-align: center;\">\u00a0<\/div>\n<\/blockquote>\n<\/div>\n<div class=\"flex print-byline print-mt-none\">\n<div class=\"byline-wrapper dn flex-column flex-ns\">\n<div class=\"pb-xs pb-xxs flex\">\n<div class=\"grid-full-inner-standard\">\n<header class=\"w-100 b-l bb-l\" data-qa=\"main-full\">\n<div class=\"flex print-byline print-mt-none\">\n<div class=\"byline-wrapper dn flex-column flex-ns\">\n<div class=\"mb-sm mb-md-ns font--subhead font-xxxs\" style=\"text-align: justify;\" data-qa=\"timestamp\"><span class=\"gray-dark display-date\" style=\"font-size: 14pt;\" data-qa=\"display-date\"><a href=\"https:\/\/www.washingtonpost.com\/world\/national-security\/the-gas-tycoon-and-the-vice-presidents-son-the-story-of-hunter-bidens-foray-in-ukraine\/2019\/09\/28\/1aadff70-dfd9-11e9-8fd3-d943b4ed57e0_story.html\" target=\"_blank\" rel=\"noopener\">The Washington Post<\/a>, 28 de septiembre de 2019<\/span><\/div>\n<div data-qa=\"timestamp\">\u00a0<\/div>\n<div style=\"text-align: justify;\" data-qa=\"timestamp\"><span style=\"font-size: 14pt;\">Por Paul Sonne, Michael Kranish y Matt Viser<\/span><\/div>\n<div data-qa=\"timestamp\">\u00a0<\/div>\n<div data-qa=\"timestamp\">\n<figure id=\"attachment_2245263\" aria-describedby=\"caption-attachment-2245263\" style=\"width: 678px\" class=\"wp-caption aligncenter\"><img loading=\"lazy\" decoding=\"async\" class=\"wp-image-2245263 size-mh-magazine-content\" src=\"https:\/\/puntocritico.com\/ausajpuntocritico\/wp-content\/uploads\/2022\/04\/imrs-678x381.webp\" alt=\"\" width=\"678\" height=\"381\" data-id=\"2245263\" \/><figcaption id=\"caption-attachment-2245263\" class=\"wp-caption-text\"><span style=\"color: #008000;\">Hunter Biden, el entonces vicepresidente Joe Biden y su hermana Valerie Biden Owens asisten a una ceremonia para nombrar una carretera nacional en honor al difunto hijo de Joe Biden, Joseph R. \u00abBeau\u00bb Biden III, en Kosovo el 17 de agosto de 2016. (Visar Kryeziu \/AP)<\/span><\/figcaption><\/figure>\n<\/div>\n<\/div>\n<\/div>\n<\/header>\n<\/div>\n<article class=\"grid-article mb-xxl-ns\" data-qa=\"main\">\n<div data-qa=\"lede-art\">\u00a0<\/div>\n<\/article>\n<\/div>\n<\/div>\n<\/div>\n<div class=\"article-body\" data-qa=\"article-body\">\n<p class=\"font-copy font--article-body gray-darkest ma-0 pb-md\" style=\"text-align: justify;\" data-qa=\"drop-cap-letter\" data-el=\"text\"><span style=\"font-size: 14pt;\">Cuando el hijo del entonces vicepresidente Joe Biden se uni\u00f3 al directorio de una oscura compa\u00f1\u00eda de gas ucraniana hace media d\u00e9cada, fue un golpe sorprendente para su propietario, un exministro ucraniano que trabajaba para rehacer la imagen de la compa\u00f1\u00eda mientras enfrentaba una investigaci\u00f3n por lavado de dinero.\u00a0<\/span><\/p>\n<\/div>\n<div class=\"article-body\" style=\"text-align: justify;\" data-qa=\"article-body\">\n<p class=\"font-copy font--article-body gray-darkest ma-0 pb-md\" data-qa=\"drop-cap-letter\" data-el=\"text\"><span style=\"font-size: 14pt;\">Para Hunter Biden, el trabajo conllevaba riesgos: Ucrania estaba en medio de una agitaci\u00f3n pol\u00edtica y hab\u00eda un creciente escrutinio de los exfuncionarios del gobierno que se beneficiaban de la lucrativa industria del gas.\u00a0Su padre fue el rostro de los esfuerzos de la administraci\u00f3n Obama para que Ucrania tomara medidas en\u00e9rgicas contra la corrupci\u00f3n.<\/span><\/p>\n<\/div>\n<div class=\"article-body\" data-qa=\"article-body\">\n<p class=\"font-copy font--article-body gray-darkest ma-0 pb-md\" style=\"text-align: justify;\" data-qa=\"drop-cap-letter\" data-el=\"text\"><span style=\"font-size: 14pt;\">La regi\u00f3n estaba tan inestable que uno de los socios de la firma de inversi\u00f3n de Hunter Biden en ese momento, el hijastro del exsecretario de Estado John F. Kerry, crey\u00f3 que unirse a la junta de Burisma Holdings era una mala idea y termin\u00f3 su relaci\u00f3n comercial con Biden y otro socio, declar\u00f3 su portavoz a The Washington Post.<\/span><\/p>\n<\/div>\n<div class=\"article-body\" data-qa=\"article-body\">\n<div class=\"cb dn db-ns\" data-qa=\"article-body-ad\">\n<div class=\"hide-for-print relative flex justify-center content-box items-center b bh mb-md mt-none pt-lg pb-lg\" aria-hidden=\"true\">\n<div class=\"article-body\" data-qa=\"article-body\">\n<p class=\"font-copy font--article-body gray-darkest ma-0 pb-md\" style=\"text-align: justify;\" data-qa=\"drop-cap-letter\" data-el=\"text\"><span style=\"font-size: 14pt;\">Ahora, m\u00e1s de cinco a\u00f1os despu\u00e9s, con Joe Biden como candidato a presidente, la decisi\u00f3n de Hunter Biden de involucrarse con la firma ucraniana es el tel\u00f3n de fondo de una extraordinaria denuncia contra el presidente Trump que est\u00e1 remodelando el panorama pol\u00edtico de 2020.<\/span><\/p>\n<\/div>\n<div class=\"article-body\" data-qa=\"article-body\">\n<div class=\"article-body\" data-qa=\"article-body\">\n<div class=\"article-body\" data-qa=\"article-body\">\n<p class=\"font-copy font--article-body gray-darkest ma-0 pb-md\" style=\"text-align: justify;\" data-qa=\"drop-cap-letter\" data-el=\"text\"><span style=\"font-size: 14pt;\">Las revelaciones de que Trump, junto con su abogado personal, <strong>Rudolph W. Giuliani<\/strong>,\u00a0<a title=\"www.washingtonpost.com\" href=\"https:\/\/www.washingtonpost.com\/politics\/how-trump-and-giuliani-pressured-ukraine-to-investigate-the-presidents-rivals\/2019\/09\/20\/0955801c-dbb6-11e9-a688-303693fb4b0b_story.html?itid=lk_inline_manual_11\" target=\"_blank\" rel=\"noopener\" data-schema-attribute=\"\">presionaron a los ucranianos<\/a>\u00a0para que investigaran a <strong>Burisma<\/strong> y examinaran el papel de los Biden han desencadenado una\u00a0<a class=\"contextual_link\" href=\"https:\/\/www.washingtonpost.com\/politics\/2019\/09\/25\/what-you-need-know-about-impeachment-inquiry-into-trump\/?itid=lk_inline_manual_11\" target=\"_blank\" rel=\"noopener\" data-schema-attribute=\"\">investigaci\u00f3n de juicio pol\u00edtico<\/a> en la C\u00e1mara, con acusaciones de que <strong>Trump<\/strong> retuvo el apoyo de Estados Unidos a Ucrania para garantizar que Kiev investigase a su potencial rival en las elecciones presidenciales.<\/span><\/p>\n<\/div>\n<\/div>\n<\/div>\n<\/div>\n<\/div>\n<\/div>\n<div class=\"article-body\" data-qa=\"article-body\">\n<div class=\"article-body\" data-qa=\"article-body\">\n<p class=\"font-copy font--article-body gray-darkest ma-0 pb-md\" style=\"text-align: justify;\" data-qa=\"drop-cap-letter\" data-el=\"text\"><span style=\"font-size: 14pt;\">No ha surgido evidencia de irregularidades criminales por parte de los Biden.<strong>\u00a0La acusaci\u00f3n principal de Giuliani, que Joe Biden presion\u00f3 para que se despidiera al principal fiscal de Ucrania para anular una investigaci\u00f3n sobre el exministro y propietario de Burisma,<\/strong> <strong>Mykola Zlochevsky<\/strong>, no est\u00e1 fundamentada y ha sido ampliamente cuestionada por exfuncionarios estadounidenses y activistas anticorrupci\u00f3n ucranianos.<\/span><\/p>\n<div class=\"article-body\" data-qa=\"article-body\">\n<p class=\"font-copy font--article-body gray-darkest ma-0 pb-md\" style=\"text-align: justify;\" data-qa=\"drop-cap-letter\" data-el=\"text\"><span style=\"font-size: 14pt;\">A\u00fan as\u00ed, la decisi\u00f3n de Hunter Biden de asociarse con la compa\u00f1\u00eda ha planteado una pregunta inc\u00f3moda que la campa\u00f1a de Biden est\u00e1 luchando por explicar: <strong>\u00bfPor qu\u00e9 el vicepresidente no tom\u00f3 medidas para evitar un conflicto de intereses percibido entre sus esfuerzos para acabar con la corrupci\u00f3n en Ucrania y el trabajo de su hijo para un magnate del gas investigado por abusar de su posici\u00f3n como funcionario del gobierno?<\/strong><\/span><\/p>\n<\/div>\n<div class=\"article-body\" style=\"text-align: justify;\" data-qa=\"article-body\">\n<p class=\"font-copy font--article-body gray-darkest ma-0 pb-md\" data-qa=\"drop-cap-letter\" data-el=\"text\"><span style=\"font-size: 14pt;\">\u201c<em>\u00bfPor qu\u00e9 Joe Biden no le dijo a Hunter: &#8216;D\u00e9jalo.\u00a0\u00bfQu\u00e9 demonios crees que est\u00e1s haciendo?<\/em>\u201d, dijo <strong>Oliver Bullough<\/strong>, un periodista brit\u00e1nico en la junta asesora del <strong>Centro de Acci\u00f3n Anticorrupci\u00f3n, o AntAC<\/strong>, una organizaci\u00f3n sin fines de lucro en Ucrania.<\/span><\/p>\n<\/div>\n<div class=\"article-body\" data-qa=\"article-body\">\n<p class=\"font-copy font--article-body gray-darkest ma-0 pb-md\" style=\"text-align: justify;\" data-qa=\"drop-cap-letter\" data-el=\"text\"><span style=\"font-size: 14pt;\">Para algunos ucranianos,<strong> la asociaci\u00f3n de Hunter Biden con Burisma socav\u00f3 los llamados de su padre para poner fin a la corrupci\u00f3n en Ucrania<\/strong>.\u00a0Tambi\u00e9n plante\u00f3 preocupaciones de que los fiscales evitar\u00edan perseguir las supuestas irregularidades de <strong>Zlochevsky<\/strong> por temor a que el exministro tuviera conexiones de alto nivel en los Estados Unidos, el respaldo cr\u00edtico del gobierno ucraniano en ese momento.<\/span><\/p>\n<\/div>\n<\/div>\n<\/div>\n<p data-qa=\"drop-cap-letter\" data-el=\"text\">\u00a0<\/p>\n<figure id=\"attachment_2245269\" aria-describedby=\"caption-attachment-2245269\" style=\"width: 678px\" class=\"wp-caption aligncenter\"><img loading=\"lazy\" decoding=\"async\" class=\"wp-image-2245269 size-mh-magazine-content\" src=\"https:\/\/puntocritico.com\/ausajpuntocritico\/wp-content\/uploads\/2022\/04\/imrs-678x381.jpg\" alt=\"\" width=\"678\" height=\"381\" data-id=\"2245269\" \/><figcaption id=\"caption-attachment-2245269\" class=\"wp-caption-text\"><span style=\"color: #008000;\">El empresario ucraniano y fundador de la empresa Burisma Holdings, Mykola Zlochevsky, durante una conferencia de prensa en febrero de 2012. (Pavlo Gonchar\/SOPA Images\/Sipa USA\/AP)<\/span><\/figcaption><\/figure>\n<p data-qa=\"drop-cap-letter\" data-el=\"text\">\u00a0<\/p>\n<p style=\"text-align: justify;\" data-qa=\"drop-cap-letter\" data-el=\"text\"><span style=\"font-size: 14pt;\">Dentro de la <strong>oficina del vicepresidente<\/strong>, se discuti\u00f3 si la posici\u00f3n de Hunter en la junta se percibir\u00eda como un conflicto de intereses, seg\u00fan varios exasesores que hablaron bajo condici\u00f3n de anonimato para discutir conversaciones privadas.<\/span><\/p>\n<div class=\"article-body\" data-qa=\"article-body\">\n<div class=\"cb dn db-ns\" data-qa=\"article-body-ad\">\n<div class=\"hide-for-print relative flex justify-center content-box items-center b bh mb-md mt-none pt-lg pb-lg\" aria-hidden=\"true\">\n<div class=\"article-body\" style=\"text-align: justify;\" data-qa=\"article-body\">\n<p class=\"font-copy font--article-body gray-darkest ma-0 pb-md\" data-qa=\"drop-cap-letter\" data-el=\"text\"><span style=\"font-size: 14pt;\">Un ex asesor estaba lo suficientemente preocupado como para mencion\u00e1rselo al vicepresidente, seg\u00fan otro asesor, pero la conversaci\u00f3n fue breve y otros asesores dijeron que no quer\u00edan, o no ve\u00edan la necesidad, de plantear el tema.<\/span><\/p>\n<\/div>\n<div class=\"article-body\" style=\"text-align: justify;\" data-qa=\"article-body\">\n<p class=\"font-copy font--article-body gray-darkest ma-0 pb-md\" data-qa=\"drop-cap-letter\" data-el=\"text\"><span style=\"font-size: 14pt;\">Exfuncionarios estadounidenses que trabajaron con Biden sostienen que las actividades de su hijo de ninguna manera influyeron en sus acciones con respecto a Ucrania como vicepresidente.\u00a0<\/span><\/p>\n<\/div>\n<div class=\"article-body\" style=\"text-align: justify;\" data-qa=\"article-body\">\n<p class=\"font-copy font--article-body gray-darkest ma-0 pb-md\" data-qa=\"drop-cap-letter\" data-el=\"text\"><span style=\"font-size: 14pt;\">\u00ab\u00bf<em>Hay un problema de apariencia?<\/em>\u00bb\u00a0dijo un ex asesor.\u00a0\u201c<em>Por supuesto que hay un problema de apariencia.\u00a0Pero, \u00bfrealmente cre\u00f3 malas acciones?\u00a0No.<\/em>\u00bb\u00a0<\/span><\/p>\n<\/div>\n<div class=\"article-body\" data-qa=\"article-body\">\n<p class=\"font-copy font--article-body gray-darkest ma-0 pb-md\" style=\"text-align: justify;\" data-qa=\"drop-cap-letter\" data-el=\"text\"><span style=\"font-size: 14pt;\">En ese momento, la Casa Blanca dijo que <strong>Hunter Biden<\/strong> era un ciudadano privado y que el vicepresidente no respaldaba a ninguna empresa en Ucrania.\u00a0Mientras era vicepresidente, <strong>Joe Biden<\/strong> no coment\u00f3 p\u00fablicamente sobre el papel de su hijo en <strong>Burisma<\/strong>.\u00a0<\/span><\/p>\n<\/div>\n<\/div>\n<\/div>\n<\/div>\n<div class=\"hide-for-print relative flex justify-center content-box items-center b bh mb-md mt-none pt-lg pb-lg\" aria-hidden=\"true\">\n<div class=\"article-body\" data-qa=\"article-body\">\n<p class=\"font-copy font--article-body gray-darkest ma-0 pb-md\" style=\"text-align: justify;\" data-qa=\"drop-cap-letter\" data-el=\"text\"><span style=\"font-size: 14pt;\"><strong>No se conocen completamente las funciones espec\u00edficas que Hunter Biden llev\u00f3 a cabo para Burisma<\/strong>.\u00a0Un abogado de Hunter Biden, <strong>George R. Mesires<\/strong>, se neg\u00f3 a decir cu\u00e1nto ganaba su cliente o si el hijo del vicepresidente sab\u00eda que el due\u00f1o de la empresa estaba en la mira de las autoridades cuando se uni\u00f3.\u00a0<\/span><\/p>\n<\/div>\n<div class=\"article-body\" data-qa=\"article-body\">\n<div class=\"cb dn db-ns\" data-qa=\"article-body-ad\">\n<div class=\"hide-for-print relative flex justify-center content-box items-center b bh mb-md mt-none pt-lg pb-lg\" aria-hidden=\"true\">\n<div class=\"article-body\" data-qa=\"article-body\">\n<p class=\"font-copy font--article-body gray-darkest ma-0 pb-md\" style=\"text-align: justify;\" data-qa=\"drop-cap-letter\" data-el=\"text\"><span style=\"font-size: 14pt;\">Las preguntas sobre las actividades de Hunter Biden en Ucrania \u201c<em>distraen la atenci\u00f3n de las malas acciones del presidente y del propio Sr. Giuliani al volver a hacer preguntas que han sido respondidas a plena satisfacci\u00f3n de todos los que inicialmente examinaron la conducta de Hunter<\/em>\u201d, dijo <strong>Mesires<\/strong> en un comunicado.<\/span><\/p>\n<\/div>\n<div class=\"article-body\" style=\"text-align: justify;\" data-qa=\"article-body\">\n<p class=\"font-copy font--article-body gray-darkest ma-0 pb-md\" data-qa=\"drop-cap-letter\" data-el=\"text\"><span style=\"font-size: 14pt;\">\u201c<em>Simplemente, no ha habido, y no podr\u00eda haber ninguno, hallazgos de irregularidades por parte de Hunter.\u00a0Punto<\/em>\u201d, agreg\u00f3 Mesires.\u00a0<\/span><\/p>\n<\/div>\n<div class=\"article-body\" style=\"text-align: justify;\" data-qa=\"article-body\">\n<p class=\"font-copy font--article-body gray-darkest ma-0 pb-md\" data-qa=\"drop-cap-letter\" data-el=\"text\"><span style=\"font-size: 14pt;\">La <strong>campa\u00f1a de Biden<\/strong> se neg\u00f3 a decir por qu\u00e9 Joe Biden no le pidi\u00f3 a su hijo que dejara la junta de Burisma para evitar cualquier conflicto de intereses percibido.<\/span><\/p>\n<\/div>\n<div class=\"article-body\" data-qa=\"article-body\">\n<p class=\"font-copy font--article-body gray-darkest ma-0 pb-md\" style=\"text-align: justify;\" data-qa=\"drop-cap-letter\" data-el=\"text\"><span style=\"font-size: 14pt;\">\u201c<em>Joe Biden luch\u00f3 con orgullo por la reforma en Ucrania y su logro de un objetivo que los EE. UU., la UE, el FMI y toda la comunidad anticorrupci\u00f3n de Ucrania apoyaron firmemente fue una victoria profunda para el buen gobierno all\u00ed<\/em>\u201d, <strong>Andrew Bates<\/strong>, portavoz de Biden. campa\u00f1a, dijo en un comunicado.\u00a0<\/span><\/p>\n<div class=\"article-body\" data-qa=\"article-body\">\n<p class=\"font-copy font--article-body gray-darkest ma-0 pb-md\" style=\"text-align: justify;\" data-qa=\"drop-cap-letter\" data-el=\"text\"><span style=\"font-size: 14pt;\">\u201c<em>La administraci\u00f3n Obama-Biden cre\u00f3 y mantuvo la pol\u00edtica de \u00e9tica m\u00e1s fuerte de cualquier presidencia en la historia de Estados Unidos, y la desesperada campa\u00f1a de difamaci\u00f3n en la que Donald Trump fue atrapado tratando de atrapar a Ucrania ha sido ampliamente desacreditada<\/em>\u201d, agreg\u00f3 <strong>Bates<\/strong>.\u00a0<\/span><\/p>\n<\/div>\n<div class=\"article-body\" data-qa=\"article-body\">\n<p>&nbsp;<\/p>\n<\/div>\n<\/div>\n<\/div>\n<\/div>\n<\/div>\n<\/div>\n<div aria-hidden=\"true\">\n<figure id=\"attachment_2245270\" aria-describedby=\"caption-attachment-2245270\" style=\"width: 678px\" class=\"wp-caption aligncenter\"><img loading=\"lazy\" decoding=\"async\" class=\"wp-image-2245270 size-mh-magazine-content\" src=\"https:\/\/puntocritico.com\/ausajpuntocritico\/wp-content\/uploads\/2022\/04\/imrs-1-678x381.webp\" alt=\"\" width=\"678\" height=\"381\" data-id=\"2245270\" \/><figcaption id=\"caption-attachment-2245270\" class=\"wp-caption-text\"><span style=\"color: #008000;\">Manifestantes antigubernamentales vigilan el per\u00edmetro de la Plaza de la Independencia en Kiev el 19 de febrero de 2014. (Brendan Hoffman\/Getty Images)<\/span><\/figcaption><\/figure>\n<\/div>\n<div data-qa=\"article-body\">\u00a0<\/div>\n<div class=\"article-body\" data-qa=\"article-body\">\n<div class=\"cb dn db-ns\" data-qa=\"article-body-ad\">\n<div class=\"hide-for-print relative flex justify-center content-box items-center b bh mb-md mt-none pt-lg pb-lg\" aria-hidden=\"true\">\n<div class=\"article-body\" data-qa=\"article-body\">\n<div data-qa=\"article-body\">\n<h3 style=\"text-align: center;\"><span style=\"font-size: 18pt;\">Cambiando la marea pol\u00edtica<\/span><\/h3>\n<\/div>\n<div data-qa=\"article-body\">\u00a0<\/div>\n<div class=\"article-body\" style=\"text-align: justify;\" data-qa=\"article-body\"><span style=\"font-size: 14pt; text-align: justify;\"><strong>Hunter Biden se involucr\u00f3 en Ucrania en un momento pol\u00edtico ca\u00f3tico para la ex rep\u00fablica sovi\u00e9tica<\/strong>. A principios de <strong>2014<\/strong>, un levantamiento en la Plaza de la Independencia de Kiev, conocido como <\/span><em style=\"font-size: 14pt; text-align: justify;\">Maidan<\/em><span style=\"font-size: 14pt; text-align: justify;\">, derroc\u00f3 al gobierno del presidente <strong>Viktor Yanukovych<\/strong>, de tendencia rusa, y llev\u00f3 al poder a un grupo de pol\u00edticos ucranianos que buscaban relaciones m\u00e1s estrechas con Europa y Estados Unidos.\u00a0<\/span><\/div>\n<div data-qa=\"article-body\">\u00a0<\/div>\n<div data-qa=\"article-body\">\n<div class=\"article-body\" style=\"text-align: justify;\" data-qa=\"article-body\"><span style=\"font-size: 14pt;\"><strong>Yanukovych<\/strong> y los miembros de su c\u00edrculo \u00edntimo, a veces llamado <strong>la Familia<\/strong>, se fueron a Rusia por temor a que las nuevas autoridades de Kiev los procesaran. Se enviaron avisos internacionales pidiendo a las naciones extranjeras que congelaran los activos de los aliados m\u00e1s cercanos de Yanukovich. Su <strong>ministro de Hacienda y el fiscal general<\/strong> estaban tan fren\u00e9ticos por abandonar Ucrania que derribaron un detector de metales del aeropuerto mientras <\/span><a style=\"font-size: 14pt;\" href=\"https:\/\/www.youtube.com\/watch?v=6wCvo09a9w8\" target=\"_blank\" rel=\"noopener\" data-schema-attribute=\"\">hu\u00edan<\/a><span style=\"font-size: 14pt;\">.\u00a0<\/span><\/div>\n<div class=\"article-body\" data-qa=\"article-body\">\n<div class=\"article-body\" style=\"text-align: justify;\" data-qa=\"article-body\">\n<p class=\"font-copy font--article-body gray-darkest ma-0 pb-md\" data-qa=\"drop-cap-letter\" data-el=\"text\"><span style=\"font-size: 14pt;\">La agitaci\u00f3n plante\u00f3 un problema para <strong>Zlochevsky<\/strong>.\u00a0Un jugador de larga data en los c\u00edrculos pol\u00edticos de tendencia rusa, no fue ni uno de los aliados m\u00e1s cercanos de <strong>Yanukovych<\/strong> ni uno de los pol\u00edticos pro-occidentales que tomaron el poder en Kiev.<\/span><\/p>\n<\/div>\n<div class=\"article-body\" style=\"text-align: justify;\" data-qa=\"article-body\">\n<p class=\"font-copy font--article-body gray-darkest ma-0 pb-md\" data-qa=\"drop-cap-letter\" data-el=\"text\"><span style=\"font-size: 14pt;\">En dos ocasiones, <strong>Zlochevsky<\/strong> ocup\u00f3 altos cargos del gobierno ucraniano en el sector energ\u00e9tico del pa\u00eds: una vez durante el mandato del expresidente <strong>Leonid Kuchma<\/strong> y otra vez durante los a\u00f1os de <strong>Yanukovych<\/strong> como ministro de ecolog\u00eda.\u00a0Durante su mandato en esas oficinas, las compa\u00f1\u00edas de petr\u00f3leo y gas que luego se convertir\u00edan en parte de <strong>Burisma<\/strong>\u00a0\u00a0<a href=\"https:\/\/www.wsj.com\/articles\/ukrainians-see-conflict-in-bidens-anticorruption-message-1449523458\" target=\"_blank\" rel=\"noopener\" data-schema-attribute=\"\">obtuvieron<\/a>\u00a0una ganancia inesperada de licencias cr\u00edticas, seg\u00fan los registros de licencias de Ucrania para las subsidiarias de la empresa, <strong>Esco-Pivnich<\/strong> y <strong>Pari<\/strong>.\u00a0<\/span><\/p>\n<\/div>\n<div class=\"article-body\" style=\"text-align: justify;\" data-qa=\"article-body\"><span style=\"font-size: 14pt;\">Eventualmente, <strong>Zlochevsky<\/strong> construy\u00f3 lo que finalmente <strong>se convertir\u00eda en el mayor productor de gas de Ucrania y se transform\u00f3 en uno de los hombres m\u00e1s ricos del pa\u00eds<\/strong>.\u00a0<\/span><\/div>\n<div class=\"article-body\" data-qa=\"article-body\">\n<p class=\"font-copy font--article-body gray-darkest ma-0 pb-md\" style=\"text-align: justify;\" data-qa=\"drop-cap-letter\" data-el=\"text\"><span style=\"font-size: 14pt;\"><strong>Burisma<\/strong> ha dicho que todos sus permisos fueron emitidos legalmente.\u00a0La compa\u00f1\u00eda\u00a0<a title=\"www.wsj.com\" href=\"https:\/\/www.wsj.com\/articles\/ukrainians-see-conflict-in-bidens-anticorruption-message-1449523458\" target=\"_blank\" rel=\"noopener\" data-schema-attribute=\"\">le dijo<\/a>\u00a0al <strong>Wall Street Journal en 2015<\/strong> que <strong>Zlochevsky<\/strong> sigui\u00f3 \u201c<em>la letra y el esp\u00edritu de la ley en su papel como funcionario p\u00fablico.\u00a0En todo momento, se ha mantenido a s\u00ed mismo con los m\u00e1s altos est\u00e1ndares morales y \u00e9ticos de justicia y toma de decisiones<\/em>\u201d.<\/span><\/p>\n<\/div>\n<\/div>\n<\/div>\n<\/div>\n<\/div>\n<\/div>\n<\/div>\n<p data-qa=\"drop-cap-letter\" data-el=\"text\">\u00a0<\/p>\n<figure id=\"attachment_2245271\" aria-describedby=\"caption-attachment-2245271\" style=\"width: 678px\" class=\"wp-caption aligncenter\"><img loading=\"lazy\" decoding=\"async\" class=\"wp-image-2245271 size-mh-magazine-content\" src=\"https:\/\/puntocritico.com\/ausajpuntocritico\/wp-content\/uploads\/2022\/04\/imrs-1-678x381.jpg\" alt=\"\" width=\"678\" height=\"381\" data-id=\"2245271\" \/><figcaption id=\"caption-attachment-2245271\" class=\"wp-caption-text\"><span style=\"color: #008000;\">El entonces presidente de Ucrania, Viktor Yanukovych, y el presidente de Rusia, Vladimir Putin, durante una reuni\u00f3n en el Kremlin el 17 de diciembre de 2013. (Alexander Nemenov\/AFP\/Getty Images)<\/span><\/figcaption><\/figure>\n<p style=\"text-align: justify;\" data-qa=\"drop-cap-letter\" data-el=\"text\">\u00a0<\/p>\n<div class=\"article-body\" style=\"text-align: justify;\" data-qa=\"article-body\">\n<p class=\"font-copy font--article-body gray-darkest ma-0 pb-md\" data-qa=\"drop-cap-letter\" data-el=\"text\"><span style=\"font-size: 14pt;\">Para <strong>2014<\/strong>, <strong>Zlochevsky<\/strong> hab\u00eda sido barrido a los l\u00edmites exteriores del c\u00edrculo de <strong>Yanukovych<\/strong>, degradado de ministro a subsecretario.<\/span><\/p>\n<\/div>\n<div class=\"article-body\" data-qa=\"article-body\">\n<div class=\"cb dn db-ns\" data-qa=\"article-body-ad\">\n<div class=\"hide-for-print relative flex justify-center content-box items-center b bh mb-md mt-none pt-lg pb-lg\" aria-hidden=\"true\">\n<div class=\"article-body\" style=\"text-align: justify;\" data-qa=\"article-body\">\n<p class=\"font-copy font--article-body gray-darkest ma-0 pb-md\" data-qa=\"drop-cap-letter\" data-el=\"text\"><span style=\"font-size: 14pt;\">Ese marzo, unas pocas semanas despu\u00e9s de que <strong>Yanukovych<\/strong> huyera a Rusia y en medio de un fervor en Kiev para perseguir a ex funcionarios sospechosos de corrupci\u00f3n, <strong>las autoridades del Reino Unido abrieron una investigaci\u00f3n de lavado de dinero contra Zlochevsky y congelaron millones de d\u00f3lares en las cuentas brit\u00e1nicas de sus empresas. seg\u00fan documentos judiciales brit\u00e1nicos<\/strong>.\u00a0La acci\u00f3n sigui\u00f3 a un informe de actividad sospechosa del banco <strong>BNP Paribas<\/strong>.\u00a0<\/span><\/p>\n<\/div>\n<div class=\"article-body\" style=\"text-align: justify;\" data-qa=\"article-body\"><span style=\"font-size: 14pt;\">Seg\u00fan los documentos judiciales, entre los activos de las cuentas hab\u00eda <strong>20 millones de d\u00f3lares<\/strong> proporcionados por una empresa propiedad de <strong>Sergey Kurchenko<\/strong>, un magnate cercano a <strong>Yanukovych<\/strong> que hab\u00eda sido sancionado por la Uni\u00f3n Europea semanas antes. Los representantes de <strong>Zlochevsky<\/strong> dijeron que el dinero fue transferido para una venta leg\u00edtima.<\/span><\/div>\n<div class=\"article-body\" data-qa=\"article-body\">\n<p class=\"font-copy font--article-body gray-darkest ma-0 pb-md\" style=\"text-align: justify;\" data-qa=\"drop-cap-letter\" data-el=\"text\"><span style=\"font-size: 14pt;\">La congelaci\u00f3n fue el comienzo de a\u00f1os de problemas legales para <strong>Zlochevsky<\/strong>, que luego se extender\u00edan a <strong>investigaciones criminales<\/strong> sobre sus actividades por parte del <strong>fiscal general y la oficina anticorrupci\u00f3n de Ucrania<\/strong>.\u00a0En el Reino Unido, nunca fue acusado de ning\u00fan delito y finalmente se levant\u00f3 la congelaci\u00f3n de sus activos.<\/span><\/p>\n<div class=\"article-body\" style=\"text-align: justify;\" data-qa=\"article-body\">\n<p class=\"font-copy font--article-body gray-darkest ma-0 pb-md\" data-qa=\"drop-cap-letter\" data-el=\"text\"><span style=\"font-size: 14pt;\">Ni <strong>Zlochevsky<\/strong> ni <strong>Burisma<\/strong> respondieron a las repetidas solicitudes de comentarios para esta historia.<\/span><\/p>\n<\/div>\n<div class=\"article-body\" style=\"text-align: justify;\" data-qa=\"article-body\">\n<p class=\"font-copy font--article-body gray-darkest ma-0 pb-md\" data-qa=\"drop-cap-letter\" data-el=\"text\"><span style=\"font-size: 14pt;\">En <strong>2017<\/strong>, <strong>Burisma<\/strong> anunci\u00f3 que se hab\u00edan cerrado todos los procedimientos legales contra la empresa y Zlochevsky.\u00a0Ese febrero, <strong>John<\/strong> <strong>Buretta<\/strong>, un abogado estadounidense de la empresa,\u00a0<a title=\"www.kyivpost.com\" href=\"https:\/\/www.kyivpost.com\/business-wire\/john-buretta-us-important-close-casesagainst-burisma-nikolayzlochevskyiin-legally-sound-manner.html\" target=\"_blank\" rel=\"noopener\" data-schema-attribute=\"\">dijo<\/a>\u00a0que <strong>Zlochevsky<\/strong> cooper\u00f3 plenamente con todas las investigaciones y que los fiscales ucranianos no presentaron \u201c<em>ninguna evidencia<\/em>\u201d para respaldar cualquier afirmaci\u00f3n de que hab\u00eda abusado de su cargo.<\/span><\/p>\n<\/div>\n<div class=\"article-body\" data-qa=\"article-body\">\n<p class=\"font-copy font--article-body gray-darkest ma-0 pb-md\" style=\"text-align: justify;\" data-qa=\"drop-cap-letter\" data-el=\"text\"><span style=\"font-size: 14pt;\">Sin embargo, la <strong>Oficina Nacional Anticorrupci\u00f3n de Ucrania<\/strong> dijo el viernes que todav\u00eda estaba investigando las licencias otorgadas a <strong>Burisma<\/strong> durante los a\u00f1os en que <strong>Zlochevsky<\/strong> fue <strong>ministro de ecolog\u00eda<\/strong>, que son anteriores a la relaci\u00f3n de <strong>Hunter Biden<\/strong> con la empresa.<\/span><\/p>\n<\/div>\n<div class=\"article-body\" data-qa=\"article-body\">\n<p>&nbsp;<\/p>\n<\/div>\n<\/div>\n<\/div>\n<\/div>\n<\/div>\n<div>\n<figure id=\"attachment_2245272\" aria-describedby=\"caption-attachment-2245272\" style=\"width: 678px\" class=\"wp-caption aligncenter\"><img loading=\"lazy\" decoding=\"async\" class=\"wp-image-2245272 size-mh-magazine-content\" src=\"https:\/\/puntocritico.com\/ausajpuntocritico\/wp-content\/uploads\/2022\/04\/imrs-2-678x381.jpg\" alt=\"\" width=\"678\" height=\"381\" data-id=\"2245272\" \/><figcaption id=\"caption-attachment-2245272\" class=\"wp-caption-text\"><span style=\"color: #008000;\">El vicepresidente Joe Biden pasa frente a las barricadas en la plaza Mykhailivska en Kiev el 22 de abril de 2014. (Sergei Chuzavkov\/AP)<\/span><\/figcaption><\/figure>\n<\/div>\n<div><\/p>\n<h3 style=\"text-align: center;\"><span style=\"font-size: 18pt;\">Un cambio de imagen occidental<\/span><\/h3>\n<\/div>\n<div style=\"text-align: justify;\"><span style=\"font-size: 14pt; text-align: justify;\"><strong>Hunter Biden<\/strong> se uni\u00f3 a <strong>Burisma<\/strong> menos de dos meses despu\u00e9s de que las autoridades del Reino Unido abrieran la investigaci\u00f3n por lavado de dinero. <\/span><span style=\"font-size: 14pt; text-align: justify;\">No est\u00e1 claro si el hijo del vicepresidente sab\u00eda en ese momento sobre la investigaci\u00f3n en Gran Breta\u00f1a.\u00a0<\/span><span style=\"font-size: 14pt; text-align: justify;\">En ese momento, la propiedad de la empresa por parte de <strong>Zlochevsky<\/strong> no era muy conocida.<\/span><\/div>\n<div class=\"article-body\" style=\"text-align: justify;\" data-qa=\"article-body\">\n<p class=\"font-copy font--article-body gray-darkest ma-0 pb-md\" data-qa=\"drop-cap-letter\" data-el=\"text\"><span style=\"font-size: 14pt;\">Traer a bordo a un hijo del vicepresidente de EE. UU. fue parte de un amplio esfuerzo de <strong>Burisma<\/strong> para pulir sus credenciales que hab\u00eda comenzado antes del levantamiento de 2014.\u00a0La compa\u00f1\u00eda nombr\u00f3 a <strong>Alan Apter<\/strong>, un banquero de inversi\u00f3n que ha trabajado en los Estados Unidos y Europa, como presidente de la junta, y al <strong>ex presidente de Polonia<\/strong> como miembro de la junta.\u00a0<strong>Burisma<\/strong> incorpor\u00f3 un nuevo equipo ejecutivo y contrat\u00f3 firmas internacionales establecidas para auditar sus reservas y resultados financieros.\u00a0<\/span><\/p>\n<\/div>\n<div class=\"article-body\" style=\"text-align: justify;\" data-qa=\"article-body\">\n<p class=\"font-copy font--article-body gray-darkest ma-0 pb-md\" data-qa=\"drop-cap-letter\" data-el=\"text\"><span style=\"font-size: 14pt;\">La incorporaci\u00f3n de destacados estadounidenses y europeos al directorio de la compa\u00f1\u00eda en las semanas posteriores al dram\u00e1tico cambio de gobierno en Kiev envi\u00f3 un mensaje interno en Ucrania de que <strong>Zlochevsky<\/strong> ten\u00eda acceso a personas poderosas en Occidente, seg\u00fan <strong>Bullough<\/strong>, quien escribi\u00f3 sobre <strong>Zlochevsky<\/strong> en \u00ab<em><strong>Moneyland<\/strong><\/em>\u00ab. su libro sobre para\u00edsos fiscales y empresas ficticias.<\/span><\/p>\n<\/div>\n<div class=\"article-body\" style=\"text-align: justify;\" data-qa=\"article-body\">\n<p class=\"font-copy font--article-body gray-darkest ma-0 pb-md\" data-qa=\"drop-cap-letter\" data-el=\"text\"><span style=\"font-size: 14pt;\">\u201c<em>Agregar a estas personas con estos nombres elegantes a la junta hizo que Burisma, [que] obtuvo licencias para extraer gas en Ucrania a trav\u00e9s de medios muy sospechosos, pareciera una empresa leg\u00edtima occidental<\/em>\u201d, dijo <strong>Daria Kaleniuk<\/strong>, <strong>directora ejecutiva de Anti-Corruption Action<\/strong>. Ella describi\u00f3 ese \u201c<em>blanqueo<\/em>\u201d como una t\u00e1ctica com\u00fan para magnates y funcionarios que buscan legitimar activos de origen cuestionable.<\/span><\/p>\n<\/div>\n<div class=\"article-body\" style=\"text-align: justify;\" data-qa=\"article-body\">\n<p class=\"font-copy font--article-body gray-darkest ma-0 pb-md\" data-qa=\"drop-cap-letter\" data-el=\"text\"><span style=\"font-size: 14pt;\"><strong>Apter<\/strong>, quien sigue siendo el presidente de la junta, no respondi\u00f3 a las solicitudes de comentarios.\u00a0<strong>Burisma<\/strong> ha dicho que sus licencias fueron obtenidas legalmente.<\/span><\/p>\n<\/div>\n<div class=\"article-body\" style=\"text-align: justify;\" data-qa=\"article-body\">\n<p class=\"font-copy font--article-body gray-darkest ma-0 pb-md\" data-qa=\"drop-cap-letter\" data-el=\"text\"><span style=\"font-size: 14pt;\">Burisma tambi\u00e9n comenz\u00f3 a enfatizar que su producci\u00f3n de gas reducir\u00eda la dependencia de Ucrania de la energ\u00eda rusa, un argumento que atrajo a Washington, donde la compa\u00f1\u00eda comenz\u00f3 a donar al grupo de expertos <strong>Atlantic Council<\/strong>.\u00a0<\/span><\/p>\n<\/div>\n<div class=\"article-body\" style=\"text-align: justify;\" data-qa=\"article-body\">\n<p class=\"font-copy font--article-body gray-darkest ma-0 pb-md\" data-qa=\"drop-cap-letter\" data-el=\"text\"><span style=\"font-size: 14pt;\"><strong>Un mes antes de que Hunter Biden se uniera a la junta directiva de Burisma, su padre\u00a0<a title=\"www.washingtonpost.com\" href=\"https:\/\/www.washingtonpost.com\/politics\/biden-arrives-in-ukraine-to-show-us-support-as-crisis-with-russia-continues\/2014\/04\/21\/e4a77800-c960-11e3-a75e-463587891b57_story.html?itid=lk_inline_manual_67\" target=\"_blank\" rel=\"noopener\" data-schema-attribute=\"\">viaj\u00f3 a Ucrania<\/a>\u00a0como vicepresidente y anunci\u00f3 un paquete de ayuda dise\u00f1ado para permitir que Ucrania aumentara su producci\u00f3n de energ\u00eda<\/strong>.\u00a0<\/span><\/p>\n<\/div>\n<div class=\"article-body\" style=\"text-align: justify;\" data-qa=\"article-body\">\n<p class=\"font-copy font--article-body gray-darkest ma-0 pb-md\" data-qa=\"drop-cap-letter\" data-el=\"text\"><span style=\"font-size: 14pt;\">\u201c<em>Imag\u00ednese d\u00f3nde estar\u00eda hoy si pudiera decirle a Rusia: &#8216;Conserve su gasolina&#8217;<\/em>\u201d, dijo <strong>Biden<\/strong>.\u00a0\u201c<em>Ser\u00eda un mundo muy diferente<\/em>\u201d.\u00a0<\/span><\/p>\n<\/div>\n<div class=\"article-body\" style=\"text-align: justify;\" data-qa=\"article-body\">\n<p><span class=\"font--article-body font-copy hide-for-print ma-0 pb-md db italic interstitial\" style=\"font-size: 14pt;\"><a href=\"https:\/\/www.washingtonpost.com\/politics\/as-vice-president-biden-said-ukraine-should-increase-gas-production-then-his-son-got-a-job-with-a-ukrainian-gas-company\/2019\/07\/21\/f599f42c-86dd-11e9-98c1-e945ae5db8fb_story.html?itid=lk_interstitial_manual_69\" target=\"_blank\" rel=\"noopener\" data-qa=\"interstitial-link\" data-schema-attribute=\"\">Como vicepresidente, Biden dijo que Ucrania deber\u00eda aumentar la producci\u00f3n de gas.\u00a0Luego, su hijo consigui\u00f3 un trabajo en una compa\u00f1\u00eda de gas ucraniana.<\/a><\/span><\/p>\n<\/div>\n<div class=\"article-body\" data-qa=\"article-body\">\n<p class=\"font-copy font--article-body gray-darkest ma-0 pb-md\" style=\"text-align: justify;\" data-qa=\"drop-cap-letter\" data-el=\"text\"><span style=\"font-size: 14pt;\">Incluso cuando revis\u00f3 a Burisma, <strong>Zlochevsky<\/strong> permaneci\u00f3 en la mira de las autoridades en Ucrania.\u00a0Para <strong>2015<\/strong>, los fiscales hab\u00edan abierto dos investigaciones sobre el exministro de ecolog\u00eda: una por <strong>denuncias de enriquecimiento il\u00edcito y la otra por presunto abuso de poder, falsificaci\u00f3n y malversaci\u00f3n de fondos<\/strong>, seg\u00fan documentos de la oficina del fiscal general\u00a0\u00a0<a href=\"https:\/\/www.wsj.com\/articles\/ukrainians-see-conflict-in-bidens-anticorruption-message-1449523458\" target=\"_self\" rel=\"noopener\">revisados<\/a> \u200b\u200bpor el <strong>Wall Street Journal<\/strong> en ese momento <strong>Zlochevsky<\/strong> neg\u00f3 haber actuado mal en esos casos.<\/span><\/p>\n<\/div>\n<p data-qa=\"drop-cap-letter\" data-el=\"text\">\u00a0<\/p>\n<figure id=\"attachment_2245273\" aria-describedby=\"caption-attachment-2245273\" style=\"width: 678px\" class=\"wp-caption aligncenter\"><img loading=\"lazy\" decoding=\"async\" class=\"wp-image-2245273 size-mh-magazine-content\" src=\"https:\/\/puntocritico.com\/ausajpuntocritico\/wp-content\/uploads\/2022\/04\/imrs-2-678x381.webp\" alt=\"\" width=\"678\" height=\"381\" data-id=\"2245273\" \/><figcaption id=\"caption-attachment-2245273\" class=\"wp-caption-text\"><span style=\"color: #008000;\">El vicepresidente Joe Biden llega al Air Force Two en Beijing en diciembre de 2013 con su hijo Hunter Biden, a la derecha, y su nieta Finnegan Biden. (Ng Han Guan\/AP)<\/span><\/figcaption><\/figure>\n<p data-qa=\"drop-cap-letter\" data-el=\"text\">\u00a0<\/p>\n<div class=\"article-body\" data-qa=\"article-body\">\n<h3 style=\"text-align: center;\"><span style=\"font-size: 18pt;\">Padres e hijos<\/span><\/h3>\n<\/div>\n<div class=\"article-body\" data-qa=\"article-body\">\n<p class=\"font-copy font--article-body gray-darkest ma-0 pb-md\" style=\"text-align: justify;\" data-qa=\"drop-cap-letter\" data-el=\"text\"><span style=\"font-size: 14pt;\">Durante a\u00f1os, los tratos comerciales de <strong>Hunter Biden<\/strong>, incluido un per\u00edodo como cabildero de <strong>K Street<\/strong> mientras su padre era <em>senador<\/em> de los Estados Unidos, han sido temas dif\u00edciles de discutir para los empleados con el exvicepresidente, seg\u00fan quienes trabajaron con \u00e9l.<\/span><\/p>\n<\/div>\n<div class=\"article-body\" style=\"text-align: justify;\" data-qa=\"article-body\">\n<p class=\"font-copy font--article-body gray-darkest ma-0 pb-md\" data-qa=\"drop-cap-letter\" data-el=\"text\"><span style=\"font-size: 14pt;\">Su familia ha sido probada por la tragedia.\u00a0<strong>Hunter Biden<\/strong> sobrevivi\u00f3 a un accidente automovil\u00edstico en 1972 en el que murieron su madre y su hermana.\u00a0Su hermano <strong>Beau<\/strong>, que tambi\u00e9n sobrevivi\u00f3, muri\u00f3 de c\u00e1ncer en 2015. Y <strong>Hunter Biden<\/strong><\/span><\/p>\n<figure id=\"attachment_2245274\" aria-describedby=\"caption-attachment-2245274\" style=\"width: 210px\" class=\"wp-caption alignright\"><img loading=\"lazy\" decoding=\"async\" class=\"wp-image-2245274 size-full\" src=\"https:\/\/puntocritico.com\/ausajpuntocritico\/wp-content\/uploads\/2022\/04\/imrs-3.webp\" alt=\"\" width=\"210\" height=\"286\" data-id=\"2245274\" \/><figcaption id=\"caption-attachment-2245274\" class=\"wp-caption-text\"><span style=\"color: #008000;\">Chris Heinz presenta a su madre en la Convenci\u00f3n Nacional Dem\u00f3crata en Boston en julio de 2004. (Paul J. Richards\/AFP\/Getty Images)<\/span><\/figcaption><\/figure>\n<p class=\"font-copy font--article-body gray-darkest ma-0 pb-md\" data-qa=\"drop-cap-letter\" data-el=\"text\"><span style=\"font-size: 14pt;\">ha luchado contra la <strong>adicci\u00f3n y las dificultades financieras<\/strong> en los \u00faltimos a\u00f1os, seg\u00fan documentos de su divorcio de 2017.<\/span><\/p>\n<\/div>\n<div class=\"article-body\" style=\"text-align: justify;\" data-qa=\"article-body\">\n<p class=\"font-copy font--article-body gray-darkest ma-0 pb-md\" data-qa=\"drop-cap-letter\" data-el=\"text\"><span style=\"font-size: 14pt;\">Durante la agitaci\u00f3n pol\u00edtica de <strong>Ucrania<\/strong> en <strong>2014<\/strong>, el graduado de Derecho de Yale fue presidente no remunerado de la junta directiva del Programa Mundial de Alimentos de EE. UU., socio de una firma de inversi\u00f3n llamada Rosemont Seneca y abogado del bufete de abogados de Nueva York Boies Schiller Flexner.\u00a0<\/span><\/p>\n<\/div>\n<div class=\"article-body\" style=\"text-align: justify;\" data-qa=\"article-body\">\n<p class=\"font-copy font--article-body gray-darkest ma-0 pb-md\" data-qa=\"drop-cap-letter\" data-el=\"text\"><span style=\"font-size: 14pt;\">Uno de sus socios de la compa\u00f1\u00eda de inversi\u00f3n, <strong>Devon Archer<\/strong>, acababa de incorporarse al directorio de <strong>Burisma<\/strong>.\u00a0Pronto, <strong>Hunter Biden<\/strong> recibi\u00f3 su propia invitaci\u00f3n.<\/span><\/p>\n<\/div>\n<div class=\"article-body\" style=\"text-align: justify;\" data-qa=\"article-body\">\n<p class=\"font-copy font--article-body gray-darkest ma-0 pb-md\" data-qa=\"drop-cap-letter\" data-el=\"text\"><span style=\"font-size: 14pt;\">Pero otro socio de su empresa de inversi\u00f3n plante\u00f3 serias preocupaciones.\u00a0<\/span><\/p>\n<\/div>\n<div class=\"article-body\" style=\"text-align: justify;\" data-qa=\"article-body\">\n<p class=\"font-copy font--article-body gray-darkest ma-0 pb-md\" data-qa=\"drop-cap-letter\" data-el=\"text\"><span style=\"font-size: 14pt;\"><strong>Chris Heinz<\/strong>, el hijastro de <strong>Kerry<\/strong>, le dijo a <strong>Archer<\/strong> que unirse a <strong>Burisma<\/strong> era una mala idea, seg\u00fan un portavoz de <strong>Heinz<\/strong>.\u00a0Heinz estaba preocupado por los informes de corrupci\u00f3n en Ucrania, los riesgos geopol\u00edticos y las preguntas generales sobre la apariencia.<\/span><\/p>\n<\/div>\n<div class=\"article-body\" style=\"text-align: justify;\" data-qa=\"article-body\">\n<p class=\"font-copy font--article-body gray-darkest ma-0 pb-md\" data-qa=\"drop-cap-letter\" data-el=\"text\"><span style=\"font-size: 14pt;\">\u00abS<em>res.\u00a0Heinz advirti\u00f3 enf\u00e1ticamente al Sr. Archer que trabajar con Burisma era inaceptable.\u00a0El Sr. Archer declar\u00f3 que \u00e9l y Hunter Biden ten\u00edan la intenci\u00f3n de aprovechar la oportunidad como individuos, no como parte de la empresa<\/em>\u201d, dijo a The Post el portavoz de <strong>Heinz<\/strong>, <strong>Chris Bastardi<\/strong>.\u00a0<\/span><\/p>\n<\/div>\n<div class=\"article-body\" style=\"text-align: justify;\" data-qa=\"article-body\">\n<p class=\"font-copy font--article-body gray-darkest ma-0 pb-md\" data-qa=\"drop-cap-letter\" data-el=\"text\"><span style=\"font-size: 14pt;\">La decisi\u00f3n fractur\u00f3 la empresa.<\/span><\/p>\n<\/div>\n<div class=\"article-body\" style=\"text-align: justify;\" data-qa=\"article-body\">\n<p class=\"font-copy font--article-body gray-darkest ma-0 pb-md\" data-qa=\"drop-cap-letter\" data-el=\"text\"><span style=\"font-size: 14pt;\">\u201c<em>La falta de juicio en este asunto fue un catalizador importante para que el Sr. Heinz terminara sus relaciones comerciales con el Sr. Archer y el Sr. Biden<\/em>\u201d, dijo <strong>Bastardi<\/strong>, y agreg\u00f3 que <strong>Heinz<\/strong> y su firma de inversi\u00f3n nunca estuvieron involucrados con <strong>Burisma<\/strong>.<\/span><\/p>\n<\/div>\n<div class=\"article-body\" style=\"text-align: justify;\" data-qa=\"article-body\">\n<p class=\"font-copy font--article-body gray-darkest ma-0 pb-md\" data-qa=\"drop-cap-letter\" data-el=\"text\"><span style=\"font-size: 14pt;\"><strong>Archer<\/strong> no pudo ser contactado para hacer comentarios.\u00a0Su abogado no respondi\u00f3 a las solicitudes de comentarios.<\/span><\/p>\n<\/div>\n<div class=\"article-body\" data-qa=\"article-body\">\n<p class=\"font-copy font--article-body gray-darkest ma-0 pb-md\" style=\"text-align: justify;\" data-qa=\"drop-cap-letter\" data-el=\"text\"><span style=\"font-size: 14pt;\"><strong>Mesires<\/strong>, el abogado de Hunter Biden, no respondi\u00f3 a una pregunta sobre si Hunter Biden conoc\u00eda la advertencia de Heinz.<\/span><\/p>\n<\/div>\n<div class=\"article-body\" style=\"text-align: justify;\" data-qa=\"article-body\">\n<p class=\"font-copy font--article-body gray-darkest ma-0 pb-md\" data-qa=\"drop-cap-letter\" data-el=\"text\"><span style=\"font-size: 14pt;\"><strong>Hunter Biden<\/strong> le dijo a The Post a principios de este a\u00f1o que se uni\u00f3 a la compa\u00f1\u00eda a instancias de otro miembro de la junta, <strong>el expresidente de Polonia, Aleksander Kwasniewski<\/strong>.\u00a0En un comunicado, <strong>Biden<\/strong> dijo que compart\u00edan la creencia de que la independencia energ\u00e9tica de Ucrania era fundamental para rechazar al presidente ruso, <strong>Vladimir<\/strong> <strong>Putin<\/strong>.<\/span><\/p>\n<\/div>\n<div class=\"article-body\" style=\"text-align: justify;\" data-qa=\"article-body\">\n<p class=\"font-copy font--article-body gray-darkest ma-0 pb-md\" data-qa=\"drop-cap-letter\" data-el=\"text\"><span style=\"font-size: 14pt;\">Hunter Biden aport\u00f3 conocimientos de pol\u00edtica internacional a la junta, que se reun\u00eda dos veces al a\u00f1o, dijo el expresidente polaco en una entrevista, recordando c\u00f3mo le dijo al hijo del vicepresidente: \u201c<em>Estoy seguro de que esta empresa es muy importante para la independencia de Ucrania<\/em>. \u201d<\/span><\/p>\n<\/div>\n<div class=\"article-body\" style=\"text-align: justify;\" data-qa=\"article-body\">\n<p class=\"font-copy font--article-body gray-darkest ma-0 pb-md\" data-qa=\"drop-cap-letter\" data-el=\"text\"><span style=\"font-size: 14pt;\"><strong>Apter<\/strong>, el banquero de inversi\u00f3n que preside el directorio,\u00a0\u00a0<a href=\"https:\/\/www.wsj.com\/articles\/bidens-son-kerry-family-friend-join-ukrainian-gas-producers-board-1400031749\" target=\"_self\" rel=\"noopener\">dijo<\/a>\u00a0\u00a0en su momento que la selecci\u00f3n del hijo del vicepresidente \u201c<em>se bas\u00f3 totalmente en el m\u00e9rito<\/em>\u201d.<\/span><\/p>\n<\/div>\n<div class=\"article-body\" style=\"text-align: justify;\" data-qa=\"article-body\">\n<p class=\"font-copy font--article-body gray-darkest ma-0 pb-md\" data-qa=\"drop-cap-letter\" data-el=\"text\"><span style=\"font-size: 14pt;\">Los funcionarios de la <strong>campa\u00f1a de Biden<\/strong> dijeron que Joe Biden se enter\u00f3 del nombramiento de Hunter en la junta directiva de Burisma solo por los informes de los medios.\u00a0<\/span><\/p>\n<\/div>\n<div class=\"article-body\" style=\"text-align: justify;\" data-qa=\"article-body\">\n<p class=\"font-copy font--article-body gray-darkest ma-0 pb-md\" data-qa=\"drop-cap-letter\" data-el=\"text\"><span style=\"font-size: 14pt;\">En una declaraci\u00f3n a The Post a principios de este a\u00f1o, <strong>Hunter Biden<\/strong> dijo: \u201c<em>En ning\u00fan momento he discutido con mi padre el negocio de la empresa o mi servicio en la junta<\/em>\u201d.\u00a0<strong>Joe Biden<\/strong> se hizo eco del sentimiento recientemente, hablando en Iowa.\u00a0\u00c9l dijo: \u201c<em>Nunca he hablado con mi hijo sobre sus negocios en el extranjero<\/em>\u201d.\u00a0<\/span><\/p>\n<\/div>\n<div class=\"article-body\" style=\"text-align: justify;\" data-qa=\"article-body\">\n<p class=\"font-copy font--article-body gray-darkest ma-0 pb-md\" data-qa=\"drop-cap-letter\" data-el=\"text\"><span style=\"font-size: 14pt;\"><strong>Hunter Biden<\/strong>\u00a0\u00a0<a href=\"https:\/\/www.newyorker.com\/magazine\/2019\/07\/08\/will-hunter-biden-jeopardize-his-fathers-campaign\" target=\"_self\" rel=\"noopener\">le dijo<\/a>\u00a0al <strong>New Yorker<\/strong> que su padre aludi\u00f3 a su trabajo en Burisma solo una vez.<\/span><\/p>\n<\/div>\n<div class=\"article-body\" style=\"text-align: justify;\" data-qa=\"article-body\">\n<p class=\"font-copy font--article-body gray-darkest ma-0 pb-md\" data-qa=\"drop-cap-letter\" data-el=\"text\"><span style=\"font-size: 14pt;\">\u201c<em>Pap\u00e1 dijo: &#8216;Espero que sepas lo que est\u00e1s haciendo&#8217;, y yo dije: &#8216;S\u00ed, lo s\u00e9<\/em>&#8216;\u201d, relat\u00f3 <strong>Hunter<\/strong>.<\/span><\/p>\n<\/div>\n<div class=\"article-body\" style=\"text-align: justify;\" data-qa=\"article-body\">\n<p class=\"font-copy font--article-body gray-darkest ma-0 pb-md\" data-qa=\"drop-cap-letter\" data-el=\"text\"><span style=\"font-size: 14pt;\">Cuando se uni\u00f3, los funcionarios de <strong>Burisma<\/strong> dijeron que Biden supervisar\u00eda sus asuntos legales.\u00a0Pero no termin\u00f3 en ese papel.\u00a0Dijo en un comunicado a The Post que se uni\u00f3 a la junta \u00ab<em>para ayudar a reformar las pr\u00e1cticas de transparencia, gobierno corporativo y responsabilidad de Burisma<\/em>\u00ab, <strong>pero no proporcion\u00f3 ejemplos de su trabajo<\/strong>.\u00a0<\/span><\/p>\n<\/div>\n<div class=\"article-body\" data-qa=\"article-body\">\n<p class=\"font-copy font--article-body gray-darkest ma-0 pb-md\" style=\"text-align: justify;\" data-qa=\"drop-cap-letter\" data-el=\"text\"><span style=\"font-size: 14pt;\">La decisi\u00f3n de <strong>Hunter<\/strong> lo enred\u00f3 en un pa\u00eds que <strong>Transparency International<\/strong> hab\u00eda <strong>clasificado entre los m\u00e1s corruptos del mundo, un lugar donde los ejecutivos de negocios han cooptado a los fiscales y manipulado a los tribunales para mejorar sus intereses financieros.<\/strong><\/span><\/p>\n<\/div>\n<p data-qa=\"drop-cap-letter\" data-el=\"text\">\u00a0<\/p>\n<figure id=\"attachment_2245275\" aria-describedby=\"caption-attachment-2245275\" style=\"width: 678px\" class=\"wp-caption aligncenter\"><img loading=\"lazy\" decoding=\"async\" class=\"wp-image-2245275 size-mh-magazine-content\" src=\"https:\/\/puntocritico.com\/ausajpuntocritico\/wp-content\/uploads\/2022\/04\/imrs-4-678x381.webp\" alt=\"\" width=\"678\" height=\"381\" data-id=\"2245275\" \/><figcaption id=\"caption-attachment-2245275\" class=\"wp-caption-text\"><span style=\"color: #008000;\">El fiscal general de Ucrania, Viktor Shokin, da una conferencia de prensa en Kiev en noviembre de 2015. (Genya Savilov\/AFP\/Getty Images)<\/span><\/figcaption><\/figure>\n<div class=\"article-body\" data-qa=\"article-body\">\n<h3 style=\"text-align: center;\"><span style=\"font-size: 18pt;\">Un fiscal despedido<\/span><\/h3>\n<\/div>\n<div>\n<div class=\"article-body\" data-qa=\"article-body\">\n<p class=\"font-copy font--article-body gray-darkest ma-0 pb-md\" style=\"text-align: justify;\" data-qa=\"drop-cap-letter\" data-el=\"text\"><span style=\"font-size: 14pt;\">En <strong>2015<\/strong>, aumentaba la frustraci\u00f3n en Kiev por los lentos esfuerzos del presidente de tendencia occidental, <strong>Petro<\/strong> <strong>Poroshenko<\/strong>, para erradicar la corrupci\u00f3n.<\/span><\/p>\n<\/div>\n<div class=\"article-body\" style=\"text-align: justify;\" data-qa=\"article-body\">\n<p class=\"font-copy font--article-body gray-darkest ma-0 pb-md\" data-qa=\"drop-cap-letter\" data-el=\"text\"><span style=\"font-size: 14pt;\"><strong>Periodistas en Ucrania estaban documentando la enorme riqueza de la que disfrutaban exfuncionarios del gobierno como Zlochevsky<\/strong>, en un momento dado volando drones para\u00a0<a title=\"www.radiosvoboda.org\" href=\"https:\/\/www.radiosvoboda.org\/a\/26667638.html\" target=\"_blank\" rel=\"noopener\">filmar<\/a>\u00a0dos mansiones una al lado de la otra en las afueras de Kiev registradas a nombre de su familia y asociados.\u00a0Su hija promocion\u00f3 una\u00a0<a title=\"www.radiosvoboda.org\" href=\"https:\/\/www.radiosvoboda.org\/a\/news\/27150288.html\" target=\"_blank\" rel=\"noopener\">nueva tienda de lujo<\/a>\u00a0en Kiev llamada <em><strong>Zlocci<\/strong><\/em>, un juego de palabras con su apellido, que ofrec\u00eda zapatos de cocodrilo, caim\u00e1n y avestruz mientras los ucranianos enfrentaban una dura recesi\u00f3n.<\/span><\/p>\n<\/div>\n<div class=\"article-body\" style=\"text-align: justify;\" data-qa=\"article-body\">\n<p class=\"font-copy font--article-body gray-darkest ma-0 pb-md\" data-qa=\"drop-cap-letter\" data-el=\"text\"><span style=\"font-size: 14pt;\">Gran parte de la ira sobre la corrupci\u00f3n se centr\u00f3 en <strong>el fiscal general Viktor Shokin<\/strong>, a quien los funcionarios estadounidenses y europeos cre\u00edan que no era lo suficientemente agresivo.<\/span><\/p>\n<\/div>\n<div class=\"article-body\" style=\"text-align: justify;\" data-qa=\"article-body\">\n<p class=\"font-copy font--article-body gray-darkest ma-0 pb-md\" data-qa=\"drop-cap-letter\" data-el=\"text\"><span style=\"font-size: 14pt;\">En un discurso de septiembre de 2015, <strong>Geoffrey Pyatt<\/strong>, entonces <strong>embajador de EE. UU. en Ucrania<\/strong>, critic\u00f3 p\u00fablicamente a la oficina de <strong>Shokin<\/strong>, conocida como <strong>PGO<\/strong>, por no perseguir casos de corrupci\u00f3n de alto nivel.<\/span><\/p>\n<\/div>\n<div class=\"article-body\" style=\"text-align: justify;\" data-qa=\"article-body\">\n<p class=\"font-copy font--article-body gray-darkest ma-0 pb-md\" data-qa=\"drop-cap-letter\" data-el=\"text\"><span style=\"font-size: 14pt;\">\u201c<em>Hemos aprendido que ha habido momentos en que la PGO no solo no apoy\u00f3 las investigaciones sobre corrupci\u00f3n, sino que menoscab\u00f3 a los fiscales que trabajaban en casos leg\u00edtimos de corrupci\u00f3n<\/em>\u201d, dijo.<\/span><\/p>\n<\/div>\n<div class=\"article-body\" style=\"text-align: justify;\" data-qa=\"article-body\">\n<p class=\"font-copy font--article-body gray-darkest ma-0 pb-md\" data-qa=\"drop-cap-letter\" data-el=\"text\"><span style=\"font-size: 14pt;\">En particular, <strong>Pyatt<\/strong> se\u00f1al\u00f3 a la oficina por no proporcionar suficiente informaci\u00f3n a las autoridades brit\u00e1nicas para justificar la congelaci\u00f3n de los fondos de <strong>Zlochevsky<\/strong>, una de las razones por las que la corte del Reino Unido finalmente los liber\u00f3.\u00a0<\/span><\/p>\n<\/div>\n<div class=\"article-body\" style=\"text-align: justify;\" data-qa=\"article-body\">\n<p class=\"font-copy font--article-body gray-darkest ma-0 pb-md\" data-qa=\"drop-cap-letter\" data-el=\"text\"><span style=\"font-size: 14pt;\">En cambio, los ucranianos \u201c<em>enviaron cartas a los abogados de Zlochevsky certificando que no hab\u00eda ning\u00fan caso en su contra<\/em>\u201d, dijo <strong>Pyatt<\/strong>.<\/span><\/p>\n<\/div>\n<div class=\"article-body\" style=\"text-align: justify;\" data-qa=\"article-body\">\n<p class=\"font-copy font--article-body gray-darkest ma-0 pb-md\" data-qa=\"drop-cap-letter\" data-el=\"text\"><span style=\"font-size: 14pt;\"><strong>Pyatt<\/strong> pidi\u00f3 que se investigara a los funcionarios que escribieron las cartas y que se despidiera a los responsables de \u201c<em>subvertir el caso<\/em>\u201d contra <strong>Zlochevsky<\/strong>.\u00a0<\/span><\/p>\n<\/div>\n<div class=\"article-body\" data-qa=\"article-body\">\n<p class=\"font-copy font--article-body gray-darkest ma-0 pb-md\" style=\"text-align: justify;\" data-qa=\"drop-cap-letter\" data-el=\"text\"><span style=\"font-size: 14pt;\">Tales cr\u00edticas fueron parte de un consenso m\u00e1s amplio entre los funcionarios estadounidenses y europeos de que el progreso en la agenda anticorrupci\u00f3n se hab\u00eda estancado bajo <strong>Shokin<\/strong>.\u00a0La ayuda occidental depend\u00eda en gran medida de dicha reforma.<\/span><\/p>\n<\/div>\n<\/div>\n<p data-qa=\"drop-cap-letter\" data-el=\"text\">\u00a0<\/p>\n<figure id=\"attachment_2245276\" aria-describedby=\"caption-attachment-2245276\" style=\"width: 678px\" class=\"wp-caption aligncenter\"><img loading=\"lazy\" decoding=\"async\" class=\"wp-image-2245276 size-mh-magazine-content\" src=\"https:\/\/puntocritico.com\/ausajpuntocritico\/wp-content\/uploads\/2022\/04\/imrs-5-678x381.webp\" alt=\"\" width=\"678\" height=\"381\" data-id=\"2245276\" \/><figcaption id=\"caption-attachment-2245276\" class=\"wp-caption-text\"><span style=\"color: #008000;\">El vicepresidente Joe Biden se dirige al parlamento ucraniano en Kiev el 8 de diciembre de 2015. (Sergei Chuzavkov\/AP)<\/span><\/figcaption><\/figure>\n<p data-qa=\"drop-cap-letter\" data-el=\"text\">\u00a0<\/p>\n<div class=\"article-body\" data-qa=\"article-body\">\n<p class=\"font-copy font--article-body gray-darkest ma-0 pb-md\" style=\"text-align: justify;\" data-qa=\"drop-cap-letter\" data-el=\"text\"><span style=\"font-size: 14pt;\">Los funcionarios estadounidenses seleccionaron a <strong>Biden<\/strong>, el principal mensajero de la pol\u00edtica de Ucrania de la administraci\u00f3n en ese momento, para subrayar el descontento.\u00a0<\/span><\/p>\n<\/div>\n<div class=\"article-body\" data-qa=\"article-body\">\n<p class=\"font-copy font--article-body gray-darkest ma-0 pb-md\" style=\"text-align: justify;\" data-qa=\"drop-cap-letter\" data-el=\"text\"><span style=\"font-size: 14pt;\">Durante\u00a0\u00a0<a href=\"https:\/\/obamawhitehouse.archives.gov\/the-press-office\/2015\/12\/09\/remarks-vice-president-joe-biden-ukrainian-rada\" target=\"_blank\" rel=\"noopener\" data-schema-attribute=\"\">un discurso de 2015<\/a>\u00a0<strong>ante el parlamento ucraniano<\/strong>, <strong>Biden<\/strong> pidi\u00f3 al pa\u00eds que erradicara la corrupci\u00f3n y dijo: \u201c<em>La Oficina del Fiscal General necesita desesperadamente una reforma<\/em>\u201d.<\/span><\/p>\n<\/div>\n<div class=\"article-body\" style=\"text-align: justify;\" data-qa=\"article-body\">\n<p class=\"font-copy font--article-body gray-darkest ma-0 pb-md\" data-qa=\"drop-cap-letter\" data-el=\"text\"><span style=\"font-size: 14pt;\">M\u00e1s tarde, <strong>Biden<\/strong> cont\u00f3 que le dijo a <strong>Poroshenko<\/strong> de manera m\u00e1s directa que Estados Unidos retendr\u00eda una garant\u00eda de pr\u00e9stamo de <strong>mil millones de d\u00f3lares<\/strong> si no se tomaban medidas contra <strong>Shokin<\/strong>.<\/span><\/p>\n<\/div>\n<div class=\"article-body\" data-qa=\"article-body\">\n<p class=\"font-copy font--article-body gray-darkest ma-0 pb-md\" style=\"text-align: justify;\" data-qa=\"drop-cap-letter\" data-el=\"text\"><span style=\"font-size: 14pt;\">\u201c<em>Los mir\u00e9 y dije: &#8216;Me voy en seis horas.\u00a0Si no despiden al fiscal, no obtendr\u00e1 el dinero<\/em>&#8216;\u201d,\u00a0\u00a0<a href=\"https:\/\/www.cfr.org\/event\/foreign-affairs-issue-launch-former-vice-president-joe-biden\" target=\"_blank\" rel=\"noopener\" data-schema-attribute=\"\">dijo Biden durante un discurso de 2018<\/a>\u00a0ante el <strong>Consejo de Relaciones Exteriores<\/strong>.\u00a0\u201c<em>Bueno, hijo de puta.\u00a0Lo despidieron.\u00a0Y pusieron en su lugar a alguien que era s\u00f3lido en ese momento<\/em>\u201d.\u00a0<\/span><\/p>\n<\/div>\n<div class=\"article-body\" data-qa=\"article-body\">\n<p class=\"font-copy font--article-body gray-darkest ma-0 pb-md\" style=\"text-align: justify;\" data-qa=\"drop-cap-letter\" data-el=\"text\"><span style=\"font-size: 14pt;\"><strong>Shokin<\/strong>, quien\u00a0<a title=\"www.washingtonpost.com\" href=\"https:\/\/www.washingtonpost.com\/world\/national-security\/in-gambit-for-trump-giuliani-engaged-parade-of-ukrainian-prosecutors\/2019\/09\/26\/4d3dc72e-e072-11e9-8fd3-d943b4ed57e0_story.html?itid=lk_inline_manual_110\" target=\"_blank\" rel=\"noopener\">proporcion\u00f3 informaci\u00f3n sobre Biden<\/a>\u00a0a <strong>Giuliani<\/strong>, le dijo a The Post a principios de este a\u00f1o que <strong>cree que fue expulsado en marzo de 2016 porque estaba investigando a Burisma<\/strong>.\u00a0Si se le hubiera permitido permanecer en el trabajo, habr\u00eda cuestionado las calificaciones de <strong>Hunter Biden<\/strong> para ser miembro de la junta, dijo, y se\u00f1al\u00f3 que \u201c<em>esta persona no ten\u00eda experiencia laboral en Ucrania o en el sector energ\u00e9tico<\/em>\u201d.<\/span><\/p>\n<\/div>\n<div class=\"article-body\" style=\"text-align: justify;\" data-qa=\"article-body\">\n<p><span class=\"font--article-body font-copy hide-for-print ma-0 pb-md db italic interstitial\" style=\"font-size: 14pt;\"><a href=\"https:\/\/www.washingtonpost.com\/world\/national-security\/in-gambit-for-trump-giuliani-engaged-parade-of-ukrainian-prosecutors\/2019\/09\/26\/4d3dc72e-e072-11e9-8fd3-d943b4ed57e0_story.html?itid=lk_interstitial_manual_111\" data-qa=\"interstitial-link\" target=\"_blank\" rel=\"noopener\">En una apuesta por Trump, Giuliani particip\u00f3 en un desfile de fiscales ucranianos<\/a><\/span><\/p>\n<\/div>\n<div class=\"article-body\" data-qa=\"article-body\">\n<p class=\"font-copy font--article-body gray-darkest ma-0 pb-md\" style=\"text-align: justify;\" data-qa=\"drop-cap-letter\" data-el=\"text\"><span style=\"font-size: 14pt;\">Pero en ese momento, el <strong>caso<\/strong> <strong>Zlochevsky<\/strong> estaba inactivo, seg\u00fan exfuncionarios ucranianos y estadounidenses.<\/span><\/p>\n<\/div>\n<div class=\"article-body\" data-qa=\"article-body\">\n<p class=\"font-copy font--article-body gray-darkest ma-0 pb-md\" style=\"text-align: justify;\" data-qa=\"drop-cap-letter\" data-el=\"text\"><span style=\"font-size: 14pt;\"><strong>Kaleniuk<\/strong> record\u00f3 c\u00f3mo ella y otros activistas anticorrupci\u00f3n en Ucrania criticaron duramente a <strong>Shokin<\/strong> por no continuar con la investigaci\u00f3n y esperaba que su despido revitalizara el caso.<\/span><\/p>\n<\/div>\n<div class=\"article-body\" style=\"text-align: justify;\" data-qa=\"article-body\">\n<p class=\"font-copy font--article-body gray-darkest ma-0 pb-md\" data-qa=\"drop-cap-letter\" data-el=\"text\"><span style=\"font-size: 14pt;\"><strong>Bullough<\/strong> dijo que la acusaci\u00f3n central que <strong>Giuliani<\/strong> ha hecho contra <strong>Biden<\/strong>, \u201c<em>esta idea de que hizo despedir a Shokin para proteger a Zlochevsky y Burisma, es simplemente una tonter\u00eda<\/em>\u201d.\u00a0Bajo <strong>Shokin<\/strong>, se\u00f1al\u00f3, la oficina del fiscal soport\u00f3 un esc\u00e1ndalo en el que <strong>altos funcionarios supuestamente fueron atrapados con alijos de diamantes y cientos de miles de d\u00f3lares en efectivo<\/strong>.<\/span><\/p>\n<\/div>\n<div class=\"article-body\" style=\"text-align: justify;\" data-qa=\"article-body\">\n<p class=\"font-copy font--article-body gray-darkest ma-0 pb-md\" data-qa=\"drop-cap-letter\" data-el=\"text\"><span style=\"font-size: 14pt;\">\u201c<em>Pero la verdad por separado es: \u00bfDeber\u00eda Joe Biden haber evitado que su hijo esencialmente cambiara el nombre de Biden?<\/em>\u201d\u00a0pregunt\u00f3 <strong>Bullough<\/strong>.\u00a0\u00ab<em>Tal vez deber\u00eda haberlo hecho<\/em>\u00ab.<\/span><\/p>\n<\/div>\n<div class=\"article-body\" style=\"text-align: justify;\" data-qa=\"article-body\">\n<p class=\"font-copy font--article-body gray-darkest ma-0 pb-md\" data-qa=\"drop-cap-letter\" data-el=\"text\"><span style=\"font-size: 14pt;\">El sucesor de <strong>Shokin<\/strong>, <strong>Yuri Lutsenko<\/strong>,\u00a0<a href=\"https:\/\/www.washingtonpost.com\/world\/national-security\/in-gambit-for-trump-giuliani-engaged-parade-of-ukrainian-prosecutors\/2019\/09\/26\/4d3dc72e-e072-11e9-8fd3-d943b4ed57e0_story.html?itid=lk_inline_manual_116\" target=\"_self\" rel=\"noopener\">cuyos comentarios en un momento ayudaron a impulsar<\/a>\u00a0los esfuerzos de <strong>Giuliani<\/strong> para plantear preguntas sobre la investigaci\u00f3n de <strong>Biden<\/strong>, dijo en una entrevista con The Post que cre\u00eda que Hunter Biden no infringi\u00f3 ninguna ley en Ucrania.<\/span><\/p>\n<\/div>\n<div class=\"article-body\" data-qa=\"article-body\">\n<p class=\"font-copy font--article-body gray-darkest ma-0 pb-md\" style=\"text-align: justify;\" data-qa=\"drop-cap-letter\" data-el=\"text\"><span style=\"font-size: 14pt;\">\u201c<em>Desde la perspectiva de la legislaci\u00f3n ucraniana, no viol\u00f3 nada<\/em>\u201d,\u00a0\u00a0<a href=\"https:\/\/www.washingtonpost.com\/world\/europe\/former-ukraine-prosecutor-says-hunter-biden-did-not-violate-anything\/2019\/09\/26\/48801f66-e068-11e9-be7f-4cc85017c36f_story.html?itid=lk_inline_manual_117\" target=\"_self\" rel=\"noopener\">dijo<\/a>\u00a0<strong>Lutsenko<\/strong> .\u00a0<\/span><\/p>\n<\/div>\n<div class=\"article-body\" data-qa=\"article-body\">\n<p class=\"font-copy font--article-body gray-darkest ma-0 pb-md\" style=\"text-align: justify;\" data-qa=\"drop-cap-letter\" data-el=\"text\"><span style=\"font-size: 14pt;\">No fue hasta este mes de mayo, justo despu\u00e9s de que <strong>Joe Biden<\/strong> lanzara su candidatura presidencial, que <strong>Hunter<\/strong> <strong>Biden<\/strong> decidi\u00f3 no servir otro mandato en la junta de <strong>Burisma<\/strong>.\u00a0<\/span><\/p>\n<\/div>\n<div class=\"article-body\" style=\"text-align: justify;\" data-qa=\"article-body\">\n<p class=\"font-copy font--article-body gray-darkest ma-0 pb-md\" data-qa=\"drop-cap-letter\" data-el=\"text\"><span style=\"font-size: 14pt;\">\u201c<em>Nunca hubiera podido predecir que Donald Trump me hubiera escogido como la punta de lanza contra la \u00fanica persona que creen que puede vencerlos<\/em>\u201d, dijo <strong>Hunter Biden<\/strong> al <strong>New Yorker<\/strong>\u00a0<a title=\"www.newyorker.com\" href=\"https:\/\/www.newyorker.com\/magazine\/2019\/07\/08\/will-hunter-biden-jeopardize-his-fathers-campaign\" target=\"_blank\" rel=\"noopener\">en una larga historia en julio<\/a> que detallaba su personalidad, dificultades y antecedentes de abuso de sustancias.\u00a0<\/span><\/p>\n<\/div>\n<div class=\"article-body\" style=\"text-align: justify;\" data-qa=\"article-body\">\n<p class=\"font-copy font--article-body gray-darkest ma-0 pb-md\" data-qa=\"drop-cap-letter\" data-el=\"text\"><span style=\"font-size: 14pt;\"><strong>Hunter<\/strong> dijo en la historia que se hab\u00eda disculpado con su padre por la confusi\u00f3n que le hab\u00eda causado.\u00a0<\/span><\/p>\n<\/div>\n<div class=\"article-body\" style=\"text-align: justify;\" data-qa=\"article-body\">\n<p class=\"font-copy font--article-body gray-darkest ma-0 pb-md\" data-qa=\"drop-cap-letter\" data-el=\"text\"><span style=\"font-size: 14pt;\">\u201c<em>\u00c9l dice, &#8216;Yo soy el que lo siente&#8217;, y tenemos un debate en curso sobre qui\u00e9n deber\u00eda estar m\u00e1s arrepentido<\/em>\u201d, dijo <strong>Hunter<\/strong>.\u00a0\u201c<em>Y ambos nos damos cuenta de que el \u00fanico ant\u00eddoto verdadero para todo esto es ganar.\u00a0\u00c9l dice: &#8216;Mira, se va a ir&#8217;.\u00a0Realmente hay un prop\u00f3sito superior aqu\u00ed, y esto desaparecer\u00e1<\/em>\u201d.<\/span><\/p>\n<\/div>\n<p data-qa=\"drop-cap-letter\" data-el=\"text\">\u00a0<\/p>\n<p data-qa=\"drop-cap-letter\" data-el=\"text\"><img loading=\"lazy\" decoding=\"async\" class=\"aligncenter wp-image-2245056\" src=\"https:\/\/puntocritico.com\/ausajpuntocritico\/wp-content\/uploads\/2022\/04\/Nazos-nuevo-proyecto-3-5.jpg\" alt=\"\" width=\"440\" height=\"314\" data-id=\"2245056\" srcset=\"https:\/\/puntocritico.com\/ausajpuntocritico\/wp-content\/uploads\/2022\/04\/Nazos-nuevo-proyecto-3-5.jpg 700w, https:\/\/puntocritico.com\/ausajpuntocritico\/wp-content\/uploads\/2022\/04\/Nazos-nuevo-proyecto-3-5-300x214.jpg 300w, https:\/\/puntocritico.com\/ausajpuntocritico\/wp-content\/uploads\/2022\/04\/Nazos-nuevo-proyecto-3-5-610x436.jpg 610w\" sizes=\"auto, (max-width: 440px) 100vw, 440px\" \/><\/p>\n<blockquote>\n<p style=\"text-align: center;\" data-qa=\"drop-cap-letter\" data-el=\"text\"><span style=\"font-size: 18pt;\"><strong>AUTORES<\/strong><\/span><\/p>\n<div class=\"article-body\" style=\"text-align: center;\" data-qa=\"article-body\">\n<p class=\"font--article-body gray-darkest ma-0 pb-md\" data-qa=\"letter-or-trailer\" data-el=\"text\"><span style=\"font-size: 14pt;\"><strong>Paul Sonne<\/strong>: C<span class=\"font-xxxs gray-dark author-description lh-md\" data-qa=\"author-description\">ubre las fuerzas armadas y la seguridad nacional de EE. UU. Anteriormente, inform\u00f3 para el Wall Street Journal desde Mosc\u00fa, Londres y Washington.<\/span><\/span><\/p>\n<\/div>\n<div style=\"text-align: center;\" data-qa=\"author-bio\"><span style=\"font-size: 14pt;\"><strong>Michael Kranish<\/strong>: R<span class=\"\"><span class=\"font-xxxs gray-dark author-description lh-md\" data-qa=\"author-description\">eportero de investigaci\u00f3n pol\u00edtica nacional de The Washington Post.\u00a0Es coautor de la biograf\u00eda de The Post \u00abTrump Revealed\u00bb, as\u00ed como de las biograf\u00edas de John F. Kerry y Mitt Romney.\u00a0Anteriormente fue subjefe de la oficina de Washington del Boston Globe.<\/span><\/span><\/span><\/div>\n<div style=\"text-align: center;\" data-qa=\"author-bio\">\u00a0<\/div>\n<div class=\"flex\" style=\"text-align: center;\" data-qa=\"author-bio\">\n<div class=\"flex\">\n<div class=\"dib font-xxs mb-xxs\" data-qa=\"name-with-optional-link\" data-cy=\"name-with-optional-link\"><span style=\"font-size: 14pt;\"><strong>Matt Viser<\/strong>: R<span class=\"font-xxxs gray-dark author-description lh-md\" data-qa=\"author-description\">eportero de la Casa Blanca para The Washington Post.\u00a0Se uni\u00f3 a The Post en octubre de 2018, cubriendo las elecciones intermedias y presidenciales de 2020.\u00a0Anteriormente fue subjefe de la oficina de Washington del Boston Globe, donde cubri\u00f3 el Congreso, las campa\u00f1as presidenciales de 2012 y 2016, y el mandato de John Kerry como secretario de Estado.<\/span><\/span><\/div>\n<\/div>\n<\/div>\n<p style=\"text-align: center;\"><span style=\"font-size: 14pt;\">Michael Birnbaum y David L. Stern en Kiev contribuyeron a este despacho.<\/span><\/p>\n<\/blockquote>\n<p>&nbsp;<\/p>\n<figure id=\"attachment_2243274\" aria-describedby=\"caption-attachment-2243274\" style=\"width: 480px\" class=\"wp-caption aligncenter\"><img loading=\"lazy\" decoding=\"async\" class=\"wp-image-2243274\" src=\"https:\/\/puntocritico.com\/ausajpuntocritico\/wp-content\/uploads\/2022\/03\/Que-es-el-batallon-Azov-La-extrema-derecha-nazi-de-Ucrania.webp\" alt=\"\" width=\"480\" height=\"270\" data-id=\"2243274\" srcset=\"https:\/\/puntocritico.com\/ausajpuntocritico\/wp-content\/uploads\/2022\/03\/Que-es-el-batallon-Azov-La-extrema-derecha-nazi-de-Ucrania.webp 1280w, https:\/\/puntocritico.com\/ausajpuntocritico\/wp-content\/uploads\/2022\/03\/Que-es-el-batallon-Azov-La-extrema-derecha-nazi-de-Ucrania-300x169.webp 300w, https:\/\/puntocritico.com\/ausajpuntocritico\/wp-content\/uploads\/2022\/03\/Que-es-el-batallon-Azov-La-extrema-derecha-nazi-de-Ucrania-1024x576.webp 1024w, https:\/\/puntocritico.com\/ausajpuntocritico\/wp-content\/uploads\/2022\/03\/Que-es-el-batallon-Azov-La-extrema-derecha-nazi-de-Ucrania-768x432.webp 768w, https:\/\/puntocritico.com\/ausajpuntocritico\/wp-content\/uploads\/2022\/03\/Que-es-el-batallon-Azov-La-extrema-derecha-nazi-de-Ucrania-610x343.webp 610w, https:\/\/puntocritico.com\/ausajpuntocritico\/wp-content\/uploads\/2022\/03\/Que-es-el-batallon-Azov-La-extrema-derecha-nazi-de-Ucrania-678x381.webp 678w\" sizes=\"auto, (max-width: 480px) 100vw, 480px\" \/><figcaption id=\"caption-attachment-2243274\" class=\"wp-caption-text\"><span style=\"color: #008000;\">Batall\u00f3n Azov, la extrema derecha nazi de Ucrania<\/span><\/figcaption><\/figure>\n<p style=\"text-align: center;\"><span style=\"font-size: 18pt;\"><strong><span style=\"color: #008000;\">*******<\/span><\/strong><\/span><\/p>\n<h2 id=\"main-content\" class=\"ma-auto pb-xxs font--headline gray-darkest\" style=\"text-align: center;\"><span style=\"font-size: 24pt;\">Dentro de los acuerdos multimillonarios de Hunter Biden con una compa\u00f1\u00eda de energ\u00eda china<\/span><\/h2>\n<div class=\"pl-md pr-md\">\n<h2 class=\"ma-auto light font--subhead font-light font-xs font-md-l\" style=\"text-align: center;\"><strong><em><span style=\"font-size: 14pt;\">Una revisi\u00f3n del Washington Post confirma detalles clave y ofrece nueva documentaci\u00f3n de las interacciones de la familia Biden con ejecutivos chinos<\/span><\/em><\/strong><\/h2>\n<\/div>\n<div class=\"mb-sm mb-md-ns font--subhead font-xxxs\" style=\"text-align: justify;\" data-qa=\"timestamp\"><span class=\"gray-dark display-date\" style=\"font-size: 14pt;\" data-qa=\"display-date\"><a href=\"https:\/\/www.washingtonpost.com\/politics\/2022\/03\/30\/hunter-biden-china-laptop\/\" target=\"_blank\" rel=\"noopener\">The Washington Post<\/a>, 30 de marzo de 2022<\/span><\/div>\n<div data-qa=\"timestamp\">\u00a0<\/div>\n<div style=\"text-align: justify;\" data-qa=\"timestamp\"><span style=\"font-size: 14pt;\">Por Tom Hamburger, Craig Timberg y Matt Viser<\/span><\/div>\n<div data-qa=\"timestamp\">\u00a0<\/div>\n<div data-qa=\"timestamp\">\n<figure id=\"attachment_2245283\" aria-describedby=\"caption-attachment-2245283\" style=\"width: 678px\" class=\"wp-caption aligncenter\"><img loading=\"lazy\" decoding=\"async\" class=\"wp-image-2245283 size-mh-magazine-content\" src=\"https:\/\/puntocritico.com\/ausajpuntocritico\/wp-content\/uploads\/2022\/04\/imrs-6-678x381.webp\" alt=\"\" width=\"678\" height=\"381\" data-id=\"2245283\" \/><figcaption id=\"caption-attachment-2245283\" class=\"wp-caption-text\"><span style=\"color: #008000;\">Hunter Biden, centro, camina hacia Marine One en Ellipse frente a la Casa Blanca el 22 de mayo de 2021. (Brendan Smialowski\/AFP\/Getty Images)<\/span><\/figcaption><\/figure>\n<\/div>\n<p>&nbsp;<\/p>\n<p style=\"text-align: justify;\"><span style=\"font-size: 14pt;\">El trato tard\u00f3 a\u00f1os en hacerse, la culminaci\u00f3n de forjar contactos, organizar cenas, vuelos hacia y desde China. Pero el 2 de agosto de 2017, las firmas se colocaron r\u00e1pidamente, una de <strong>Hunter Biden<\/strong> y la otra de un ejecutivo chino llamado <strong>Gongwen Dong<\/strong>.<\/span><\/p>\n<div class=\"teaser-content grid-center\" style=\"text-align: justify;\">\n<div class=\"article-body grid-center grid-body\" data-qa=\"article-body\">\u00a0<\/div>\n<\/div>\n<div class=\"article-body grid-center grid-body\" data-qa=\"article-body\">\n<div class=\"teaser-content grid-center\" style=\"text-align: justify;\">\n<div class=\"article-body grid-center grid-body\" data-qa=\"article-body\">\n<p class=\"font-copy font--article-body gray-darkest ma-0 pb-md\" data-qa=\"drop-cap-letter\" data-el=\"text\"><span style=\"font-size: 14pt;\">En cuesti\u00f3n de d\u00edas, se cre\u00f3 una nueva cuenta de<strong> Cathay Bank<\/strong>. En una semana, millones de d\u00f3lares comenzaron a cambiar de manos.<\/span><\/p>\n<\/div>\n<\/div>\n<div class=\"article-body grid-center grid-body\" style=\"text-align: justify;\" data-qa=\"article-body\">\n<p class=\"font-copy font--article-body gray-darkest ma-0 pb-md\" data-qa=\"drop-cap-letter\" data-el=\"text\"><span style=\"font-size: 14pt;\">Dentro de un a\u00f1o, todo comenzar\u00eda a colapsar.<\/span><\/p>\n<\/div>\n<div class=\"article-body grid-full-bleed\" style=\"text-align: justify;\" data-qa=\"article-body\">\n<div class=\"cb dn db-ns\" data-qa=\"article-body-ad\">\n<div class=\"hide-for-print relative flex justify-center content-box items-center b bh mb-md mt-none pt-lg pb-lg\" aria-hidden=\"true\">\n<div class=\"center absolute w-100 border-box\"><span style=\"font-size: 14pt;\">Si bien muchos aspectos del <strong>acuerdo financiero de Hunter Biden con CEFC China Energy<\/strong> se informaron anteriormente y se incluyeron en un <strong>informe del Senado liderado por los republicanos de 2020<\/strong>, una revisi\u00f3n del <strong>Washington Post<\/strong> confirm\u00f3 muchos de los detalles clave y encontr\u00f3 documentos adicionales que <strong>muestran las interacciones de la familia Biden con ejecutivos chinos<\/strong>.<\/span><\/div>\n<\/div>\n<\/div>\n<\/div>\n<div class=\"article-body grid-center grid-body\" data-qa=\"article-body\">\n<p class=\"font-copy font--article-body gray-darkest ma-0 pb-md\" style=\"text-align: justify;\" data-qa=\"drop-cap-letter\" data-el=\"text\"><span style=\"font-size: 14pt;\">En el transcurso de 14 meses, el conglomerado energ\u00e9tico chino y sus ejecutivos pagaron <strong>4,8 millones de d\u00f3lares<\/strong> a entidades controladas por <strong>Hunter Biden y su t\u00edo<\/strong>, seg\u00fan registros gubernamentales, documentos judiciales y extractos bancarios recientemente revelados, as\u00ed como correos electr\u00f3nicos contenidos en una copia de un disco duro de una computadora port\u00e1til que supuestamente perteneci\u00f3 a <strong>Hunter Biden<\/strong>.<\/span><\/p>\n<\/div>\n<div class=\"article-body grid-center grid-body\" data-qa=\"article-body\">\n<p class=\"font-copy font--article-body gray-darkest ma-0 pb-md\" style=\"text-align: justify;\" data-qa=\"drop-cap-letter\" data-el=\"text\"><span style=\"font-size: 14pt;\"><strong>The Post<\/strong> no encontr\u00f3 evidencia de que <strong>Joe Biden<\/strong> se beneficiara personalmente o conociera detalles sobre las transacciones con <strong>CEFC<\/strong>, que<strong> tuvieron lugar despu\u00e9s de que dej\u00f3 la vicepresidencia y antes de que anunciara sus intenciones de postularse para la Casa Blanca en 2020<\/strong>.<\/span><\/p>\n<\/div>\n<div class=\"article-body grid-center grid-body\" style=\"text-align: justify;\" data-qa=\"article-body\"><span style=\"font-size: 14pt;\">Pero los nuevos documentos, que incluyen una copia firmada de un anticipo legal de <strong>$ 1 mill\u00f3n<\/strong>, correos electr\u00f3nicos relacionados con las transferencias electr\u00f3nicas y <strong>$ 3.8 millones<\/strong> en tarifas de consultor\u00eda que se confirman en nuevos registros bancarios y acuerdos firmados por <strong>Hunter<\/strong><strong>Biden<\/strong>, ilustran las formas en que su \u00ab<em>La familia<\/em>\u00bb se benefici\u00f3 de las relaciones construidas durante las d\u00e9cadas de <strong>Joe<\/strong><strong>Biden<\/strong> en el servicio p\u00fablico.<\/span><\/div>\n<\/div>\n<div data-qa=\"article-body\">\u00a0<\/div>\n<div data-qa=\"article-body\">\n<figure id=\"attachment_2245288\" aria-describedby=\"caption-attachment-2245288\" style=\"width: 660px\" class=\"wp-caption aligncenter\"><img loading=\"lazy\" decoding=\"async\" class=\"wp-image-2245288\" src=\"https:\/\/puntocritico.com\/ausajpuntocritico\/wp-content\/uploads\/2022\/04\/imrs-7.webp\" alt=\"\" width=\"660\" height=\"260\" data-id=\"2245288\" srcset=\"https:\/\/puntocritico.com\/ausajpuntocritico\/wp-content\/uploads\/2022\/04\/imrs-7.webp 852w, https:\/\/puntocritico.com\/ausajpuntocritico\/wp-content\/uploads\/2022\/04\/imrs-7-300x118.webp 300w, https:\/\/puntocritico.com\/ausajpuntocritico\/wp-content\/uploads\/2022\/04\/imrs-7-768x303.webp 768w, https:\/\/puntocritico.com\/ausajpuntocritico\/wp-content\/uploads\/2022\/04\/imrs-7-610x241.webp 610w\" sizes=\"auto, (max-width: 660px) 100vw, 660px\" \/><figcaption id=\"caption-attachment-2245288\" class=\"wp-caption-text\"><span style=\"color: #008000;\">Hunter Biden firm\u00f3 un acuerdo por un anticipo de $ 1 mill\u00f3n para representar a Patrick Ho, un funcionario de CEFC que luego ser\u00eda acusado en los Estados Unidos en relaci\u00f3n con un plan multimillonario para sobornar a l\u00edderes de Chad y Uganda.\u00a0Los correos electr\u00f3nicos verificados y los nuevos registros bancarios muestran que el dinero se transfiri\u00f3 a una cuenta vinculada a Hunter Biden.\u00a0(Cortes\u00eda de la Oficina del Senador Charles Grassley)<\/span><\/figcaption><\/figure>\n<\/div>\n<div data-qa=\"article-body\">\u00a0<\/div>\n<div class=\"article-body grid-center grid-body\" data-qa=\"article-body\">\n<div class=\"article-body grid-center grid-body\" data-qa=\"article-body\">\n<p class=\"font-copy font--article-body gray-darkest ma-0 pb-md\" style=\"text-align: justify;\" data-qa=\"drop-cap-letter\" data-el=\"text\"><span style=\"font-size: 14pt;\">El trabajo de <strong>Hunter Biden<\/strong> en el extranjero ha sido objeto de un mayor escrutinio.\u00a0Ha estado bajo\u00a0<a href=\"https:\/\/www.washingtonpost.com\/national-security\/hunter-biden-under-federal-investigation\/2020\/12\/09\/3b7361be-3a64-11eb-9276-ae0ca72729be_story.html?itid=lk_inline_manual_11\" target=\"_blank\" rel=\"noopener\" data-schema-attribute=\"\">investigaci\u00f3n federal como parte de una investigaci\u00f3n sobre sus impuestos<\/a>, con testigos llamados ante un gran jurado tan recientemente como el mes pasado.\u00a0Los <strong>fiscales federales<\/strong> hab\u00edan estado tratando de determinar si no tuvo en cuenta los ingresos de los acuerdos relacionados con <strong>China<\/strong>, inform\u00f3 anteriormente <strong>The Post<\/strong>, aunque no est\u00e1 claro si ese es todav\u00eda un enfoque.\u00a0Mientras tanto, los republicanos han se\u00f1alado los acuerdos comerciales de la <strong>familia<\/strong><strong>Biden<\/strong> en <strong>China<\/strong>, junto con la\u00a0<a href=\"https:\/\/www.washingtonpost.com\/world\/national-security\/the-gas-tycoon-and-the-vice-presidents-son-the-story-of-hunter-bidens-foray-in-ukraine\/2019\/09\/28\/1aadff70-dfd9-11e9-8fd3-d943b4ed57e0_story.html?itid=lk_inline_manual_11\" target=\"_blank\" rel=\"noopener\" data-schema-attribute=\"\">membres\u00eda anterior de Hunter Biden en el directorio de la empresa energ\u00e9tica ucraniana Burisma<\/a>, como posibles conflictos de intereses.<\/span><\/p>\n<\/div>\n<div class=\"article-body grid-center grid-body\" data-qa=\"article-body\">\n<p class=\"font-copy font--article-body gray-darkest ma-0 pb-md\" style=\"text-align: justify;\" data-qa=\"drop-cap-letter\" data-el=\"text\"><span style=\"font-size: 14pt;\">El <strong>acuerdo de CEFC<\/strong> se convirti\u00f3 en una de las empresas extranjeras m\u00e1s lucrativas, aunque de corta duraci\u00f3n, que <strong>Hunter<\/strong><strong>Biden<\/strong> haya perseguido.\u00a0La revisi\u00f3n del <strong>Post<\/strong> se basa en parte en un an\u00e1lisis de una copia que se dice que es del disco duro\u00a0de una <strong>computadora<\/strong><strong>port\u00e1til<\/strong> que <strong>Hunter<\/strong><strong>Biden<\/strong> supuestamente dej\u00f3 en un <strong>taller de reparaci\u00f3n de Delaware y nunca vino a recoger.<\/strong>\u00a0La computadora port\u00e1til fue entregada al <strong>FBI<\/strong> en <strong>diciembre de 2019<\/strong>, seg\u00fan documentos revisados \u200b\u200bpor <strong>The Post<\/strong>, y <strong>Rudy<\/strong><strong>Giuliani<\/strong> y otros asesores del entonces presidente <strong>Donald Trump<\/strong> obtuvieron <strong>una copia del disco unos meses antes de las elecciones de 2020<\/strong>.<\/span><\/p>\n<\/div>\n<div class=\"article-body grid-center grid-body\" data-qa=\"article-body\">\n<p class=\"font-copy font--article-body gray-darkest ma-0 pb-md\" style=\"text-align: justify;\" data-qa=\"drop-cap-letter\" data-el=\"text\"><span style=\"font-size: 14pt;\">Despu\u00e9s de que el <strong>New York Post<\/strong> comenz\u00f3 a publicar informes sobre el contenido de la computadora port\u00e1til en octubre de 2020, The Washington Post pidi\u00f3 repetidamente a <strong>Giuliani<\/strong> y al estratega republicano <strong>Stephen K. Bannon<\/strong> una copia de los datos para revisarlos antes de las elecciones, pero las solicitudes fueron rechazadas o ignoradas.<\/span><\/p>\n<\/div>\n<div class=\"article-body grid-center grid-body\" style=\"text-align: justify;\" data-qa=\"article-body\">\n<p class=\"font-copy font--article-body gray-darkest ma-0 pb-md\" data-qa=\"drop-cap-letter\" data-el=\"text\"><span style=\"font-size: 14pt;\">En <strong>junio de 2021<\/strong>,\u00a0<strong>Jack<\/strong><strong>Maxey<\/strong>, un activista que recibi\u00f3 una copia de <strong>Giuliani<\/strong> en <strong>2020<\/strong>, proporcion\u00f3 una copia a The Post, en un momento en que <strong>Maxey<\/strong> estaba trabajando con <strong>Bannon<\/strong> y su podcast \u00ab<em>War Room<\/em>\u00ab.<\/span><\/p>\n<\/div>\n<div class=\"article-body grid-center grid-body\" style=\"text-align: justify;\" data-qa=\"article-body\">\n<p class=\"font-copy font--article-body gray-darkest ma-0 pb-md\" data-qa=\"drop-cap-letter\" data-el=\"text\"><span style=\"font-size: 14pt;\"><strong>The Post ha explorado la cadena de custodia<\/strong>, as\u00ed como los hallazgos de los an\u00e1lisis forenses de los datos, en\u00a0<a href=\"https:\/\/www.washingtonpost.com\/technology\/2022\/03\/30\/hunter-biden-laptop-data-examined\/?itid=lk_inline_manual_15\" target=\"_blank\" rel=\"noopener\">una historia separada<\/a>\u00a0.<\/span><\/p>\n<\/div>\n<div class=\"article-body grid-center grid-body\" style=\"text-align: justify;\" data-qa=\"article-body\">\n<p><span class=\"font--article-body font-copy hide-for-print ma-0 pb-md db italic interstitial\" style=\"font-size: 14pt;\"><a href=\"https:\/\/www.washingtonpost.com\/technology\/2022\/03\/30\/hunter-biden-laptop-data-examined\/?itid=lk_interstitial_manual_16\" data-qa=\"interstitial-link\" target=\"_blank\" rel=\"noopener\">As\u00ed es como The Post analiz\u00f3 la computadora port\u00e1til de Hunter Biden<\/a><\/span><\/p>\n<\/div>\n<div class=\"article-body grid-full-bleed\" style=\"text-align: justify;\" data-qa=\"article-body\">\n<div class=\"cb dn db-ns\" data-qa=\"article-body-ad\">\n<div class=\"hide-for-print relative flex justify-center content-box items-center b bh mb-md mt-none pt-lg pb-lg\" aria-hidden=\"true\">\n<div class=\"center absolute w-100 border-box\"><span style=\"font-size: 14pt;\">Los <strong>ayudantes de Biden<\/strong> y algunos <strong>ex funcionarios de inteligencia de EE. UU.<\/strong> han expresado su preocupaci\u00f3n de que el dispositivo pueda haber sido manipulado por <strong>Rusia<\/strong> para interferir en la campa\u00f1a. En <strong>Capitol<\/strong><strong>Hill<\/strong>, los <strong>dem\u00f3cratas<\/strong> han descartado informes anteriores sobre <strong>el trabajo de Hunter Biden en China<\/strong> por carecer de credibilidad o ser parte de una campa\u00f1a de desinformaci\u00f3n rusa. El an\u00e1lisis del <strong>Post<\/strong> incluy\u00f3 el trabajo forense de dos expertos externos que evaluaron la autenticidad de numerosos correos electr\u00f3nicos relacionados con el asunto de <strong>CEFC<\/strong>. Adem\u00e1s, <strong>The Post descubri\u00f3 que los documentos financieros en la copia de la supuesta computadora port\u00e1til de Hunter Biden coinciden con los documentos y la informaci\u00f3n que se encuentra en otros registros<\/strong>, incluidos los documentos bancarios recientemente revelados obtenidos por el <strong>senador Charles E. Grassley<\/strong> de Iowa, un republicano de alto rango en los Comit\u00e9s del Senado de Finanzas y Comit\u00e9s judiciales.<\/span><\/div>\n<\/div>\n<\/div>\n<\/div>\n<div class=\"article-body grid-center grid-body\" style=\"text-align: justify;\" data-qa=\"article-body\">\n<p><span class=\"font--article-body font-copy hide-for-print ma-0 pb-md db italic interstitial\" style=\"font-size: 14pt;\"><a href=\"https:\/\/www.washingtonpost.com\/technology\/2022\/03\/30\/hunter-laptop-methodology\/?itid=lk_interstitial_manual_19\" data-qa=\"interstitial-link\" target=\"_blank\" rel=\"noopener\">2 expertos usaron encabezados de correo electr\u00f3nico para determinar la veracidad<\/a><\/span><\/p>\n<\/div>\n<div class=\"article-body grid-center grid-body\" data-qa=\"article-body\">\n<p class=\"font-copy font--article-body gray-darkest ma-0 pb-md\" style=\"text-align: justify;\" data-qa=\"drop-cap-letter\" data-el=\"text\"><span style=\"font-size: 14pt;\">Los posibles <strong>proyectos de energ\u00eda que Hunter Biden discuti\u00f3 con CEFC<\/strong> nunca llegaron a buen t\u00e9rmino.<\/span><\/p>\n<\/div>\n<div class=\"article-body grid-center grid-body\" data-qa=\"article-body\">\n<p class=\"font-copy font--article-body gray-darkest ma-0 pb-md\" style=\"text-align: justify;\" data-qa=\"drop-cap-letter\" data-el=\"text\"><span style=\"font-size: 14pt;\">No obstante, l<strong>as cuentas vinculadas a Hunter Biden recibieron $3,8 millones en pagos de CEFC<\/strong> a trav\u00e9s de contratos de consultor\u00eda, seg\u00fan registros bancarios y acuerdos conjuntos revisados \u200b\u200bpor The Post.<\/span><\/p>\n<\/div>\n<div class=\"article-body grid-center grid-body\" data-qa=\"article-body\">\n<p class=\"font-copy font--article-body gray-darkest ma-0 pb-md\" style=\"text-align: justify;\" data-qa=\"drop-cap-letter\" data-el=\"text\"><span style=\"font-size: 14pt;\"><strong>Biden<\/strong> recibi\u00f3 un anticipo adicional de<strong> $ 1 mill\u00f3n<\/strong>, emitido como parte de un acuerdo para representar a <strong>Patrick Ho<\/strong>, <strong>un funcionario de CEFC que luego ser\u00eda acusado en los Estados Unidos en relaci\u00f3n con un plan multimillonario para sobornar a l\u00edderes de Chad y Uganda<\/strong>.\u00a0Ese acuerdo de retenci\u00f3n, en un documento recientemente descubierto, contiene las firmas tanto de <strong>Hunter<\/strong><strong>Biden<\/strong> como de <strong>Ho<\/strong>,\u00a0<a href=\"https:\/\/www.justice.gov\/usao-sdny\/pr\/patrick-ho-former-head-organization-backed-chinese-energy-conglomerate-sentenced-3\" target=\"_blank\" rel=\"noopener\">quien luego fue declarado culpable y sentenciado a tres a\u00f1os de prisi\u00f3n<\/a>\u00a0.<\/span><\/p>\n<\/div>\n<div class=\"article-body grid-center grid-body\" data-qa=\"article-body\">\n<p class=\"font-copy font--article-body gray-darkest ma-0 pb-md\" style=\"text-align: justify;\" data-qa=\"drop-cap-letter\" data-el=\"text\"><span style=\"font-size: 14pt;\">Hunter Biden, que tiene un t\u00edtulo en derecho, no fue acusado de irregularidades en ese esquema y parec\u00eda tener un papel peque\u00f1o en la representaci\u00f3n de Ho en el caso federal.\u00a0Ho, a trav\u00e9s de su abogado en ese caso, se neg\u00f3 a comentar.<\/span><\/p>\n<\/div>\n<div class=\"article-body grid-center grid-body\" data-qa=\"article-body\">\n<p class=\"font-copy font--article-body gray-darkest ma-0 pb-md\" data-qa=\"drop-cap-letter\" data-el=\"text\"><span style=\"font-size: 14pt;\">Hunter Biden y su abogado no respondieron a numerosos mensajes dejados durante la semana pasada.\u00a0La Casa Blanca se neg\u00f3 a responder oficialmente, pero se\u00f1al\u00f3 declaraciones anteriores de que <strong>Joe Biden<\/strong> \u201c<em>nunca consider\u00f3 involucrarse en negocios con su familia, ni en ning\u00fan negocio en el extranjero<\/em>\u201d.<\/span><\/p>\n<\/div>\n<\/div>\n<p data-qa=\"drop-cap-letter\" data-el=\"text\">\u00a0<\/p>\n<figure id=\"attachment_2245289\" aria-describedby=\"caption-attachment-2245289\" style=\"width: 678px\" class=\"wp-caption aligncenter\"><img loading=\"lazy\" decoding=\"async\" class=\"wp-image-2245289 size-mh-magazine-content\" src=\"https:\/\/puntocritico.com\/ausajpuntocritico\/wp-content\/uploads\/2022\/04\/imrs-3-678x381.jpg\" alt=\"\" width=\"678\" height=\"381\" data-id=\"2245289\" \/><figcaption id=\"caption-attachment-2245289\" class=\"wp-caption-text\"><span style=\"color: #008000;\">El vicepresidente Joe Biden llega al Air Force Two en Beijing con su hijo Hunter Biden, a la derecha, y su nieta Finnegan Biden en diciembre de 2013. (Ng Han Guan\/AP)<\/span><\/figcaption><\/figure>\n<div class=\"article-body grid-center grid-body\" data-qa=\"article-body\">\n<div class=\"article-body grid-center grid-body\" data-qa=\"article-body\">\n<h3 style=\"text-align: center;\"><span style=\"font-size: 18pt;\">A\u00f1os de buscar negocios en China<\/span><\/h3>\n<\/div>\n<div class=\"article-body grid-center grid-body\" data-qa=\"article-body\">\n<p class=\"font-copy font--article-body gray-darkest ma-0 pb-md\" style=\"text-align: justify;\" data-qa=\"drop-cap-letter\" data-el=\"text\"><span style=\"font-size: 14pt;\">La relaci\u00f3n de <strong>Hunter Biden<\/strong> con <strong>CEFC<\/strong> se arraig\u00f3 durante un momento de tensi\u00f3n financiera y turbulencia para su familia, seg\u00fan documentos judiciales y relatos de Hunter Biden.\u00a0Los <strong>Biden<\/strong> se estaban recuperando de la muerte en mayo de 2015 del hermano mayor de Hunter, Beau, y <strong>Hunter estaba luchando contra el consumo de drogas<\/strong>.<\/span><\/p>\n<\/div>\n<div class=\"article-body grid-center grid-body\" style=\"text-align: justify;\" data-qa=\"article-body\">\n<p class=\"font-copy font--article-body gray-darkest ma-0 pb-md\" data-qa=\"drop-cap-letter\" data-el=\"text\"><span style=\"font-size: 14pt;\">\u201c<em>Estaba en medio de la adicci\u00f3n<\/em>\u201d, escribi\u00f3 <strong>Hunter<\/strong> en una memoria publicada el a\u00f1o pasado.<\/span><\/p>\n<\/div>\n<div class=\"article-body grid-center grid-body\" data-qa=\"article-body\">\n<p class=\"font-copy font--article-body gray-darkest ma-0 pb-md\" style=\"text-align: justify;\" data-qa=\"drop-cap-letter\" data-el=\"text\"><span style=\"font-size: 14pt;\">Durante el proceso de divorcio con su esposa <strong>Kathleen<\/strong>, una presentaci\u00f3n judicial en el caso describi\u00f3 \u00ab<em>deudas pendientes [que] son \u200b\u200bimpactantes y abrumadoras<\/em>\u00ab, con la pareja cargando tarjetas de cr\u00e9dito al l\u00edmite, hipotecas dobles en ambas propiedades que pose\u00edan y una deuda tributaria de $ 313,970 .\u00a0Tres cheques a su ama de llaves hab\u00edan rebotado y deb\u00edan dinero a proveedores m\u00e9dicos y terapeutas, seg\u00fan una presentaci\u00f3n de febrero de 2017 en el Tribunal Superior de DC.<\/span><\/p>\n<\/div>\n<div class=\"article-body grid-center grid-body\" data-qa=\"article-body\">\n<p class=\"font-copy font--article-body gray-darkest ma-0 pb-md\" style=\"text-align: justify;\" data-qa=\"drop-cap-letter\" data-el=\"text\"><span style=\"font-size: 14pt;\">Un intermediario de <strong>CEFC<\/strong> contact\u00f3 inicialmente a <strong>Hunter<\/strong><strong>Biden<\/strong> en <strong>diciembre<\/strong> de <strong>2015<\/strong> para programar una reuni\u00f3n entre el hijo del entonces vicepresidente y <strong>Ye Jianming<\/strong>, el fundador y presidente de la firma china, seg\u00fan\u00a0<a href=\"https:\/\/www.washingtonpost.com\/technology\/2022\/03\/30\/hunter-laptop-methodology\/?itid=lk_inline_manual_30\" target=\"_blank\" rel=\"noopener\" data-schema-attribute=\"\">correos electr\u00f3nicos verificados<\/a> de una supuesta copia del disco duro de la computadora port\u00e1til, unidad revisada por los expertos externos de <strong>The Post<\/strong>.<\/span><\/p>\n<\/div>\n<div class=\"article-body grid-center grid-body\" data-qa=\"article-body\">\n<p class=\"font-copy font--article-body gray-darkest ma-0 pb-md\" style=\"text-align: justify;\" data-qa=\"drop-cap-letter\" data-el=\"text\"><span style=\"font-size: 14pt;\"><strong>Vuk Jeremic<\/strong>, un pol\u00edtico <strong>serbio<\/strong> que recientemente se desempe\u00f1\u00f3 como <strong>presidente de la Asamblea General de la ONU<\/strong>, escribi\u00f3 en un correo electr\u00f3nico al joven <strong>Biden<\/strong> que estaba organizando una peque\u00f1a cena privada en Washington con <strong>Ye<\/strong>, a quien llam\u00f3 \u201c<em>uno de los 10 empresarios chinos m\u00e1s ricos<\/em>\u201d y quer\u00eda que <strong>Hunter<\/strong> asistiera.<\/span><\/p>\n<\/div>\n<div class=\"article-body grid-center grid-body\" style=\"text-align: justify;\" data-qa=\"article-body\">\n<p class=\"font-copy font--article-body gray-darkest ma-0 pb-md\" data-qa=\"drop-cap-letter\" data-el=\"text\"><span style=\"font-size: 14pt;\">\u201c<em>Es joven y din\u00e1mico, con las conexiones de m\u00e1s alto nivel en su pa\u00eds<\/em>\u201d, escribi\u00f3 <strong>Jeremic<\/strong> en el correo electr\u00f3nico del<strong> 1 de diciembre de 2015<\/strong>.<\/span><\/p>\n<\/div>\n<div class=\"article-body grid-center grid-body\" style=\"text-align: justify;\" data-qa=\"article-body\">\n<p class=\"font-copy font--article-body gray-darkest ma-0 pb-md\" data-qa=\"drop-cap-letter\" data-el=\"text\"><span style=\"font-size: 14pt;\"><strong>Hunter Biden<\/strong> no pudo asistir a la cena y <strong>Jeremic<\/strong> dijo en un correo electr\u00f3nico a The Post que, si bien conoc\u00eda a ambos hombres, \u00ab<em>no particip\u00f3 en su presentaci\u00f3n mutua<\/em>\u00bb\u00a0y se enter\u00f3 por los informes de los medios de que los dos finalmente se hab\u00edan conectado.<\/span><\/p>\n<\/div>\n<div class=\"article-body grid-full-bleed\" data-qa=\"article-body\">\n<div class=\"cb dn db-ns\" data-qa=\"article-body-ad\">\n<div class=\"hide-for-print relative flex justify-center content-box items-center b bh mb-md mt-none pt-lg pb-lg\" aria-hidden=\"true\">\n<div class=\"center absolute w-100 border-box\" style=\"text-align: justify;\"><span style=\"font-size: 14pt;\"><strong>CEFC, una enorme compa\u00f1\u00eda de petr\u00f3leo y gas fundada en 2002, ten\u00eda financiamiento de bancos gubernamentales de desarrollo y v\u00ednculos con el Partido Comunista Chino y el Ej\u00e9rcito Popular de Liberaci\u00f3n<\/strong>, seg\u00fan personas que estudiaron la empresa. La biograf\u00eda oficial de <strong>Ye<\/strong> dice que una vez fue subsecretario de la Asociaci\u00f3n China para el Contacto Amistoso Internacional, una organizaci\u00f3n que un <a href=\"https:\/\/www.uscc.gov\/sites\/default\/files\/annual_reports\/annual_report_full_11.pdf\" target=\"_blank\" rel=\"noopener\" data-schema-attribute=\"\">informe del Congreso estadounidense de 2011 llam\u00f3 \u201cun frente\u201d<\/a>\u00a0para el <strong>Ej\u00e9rcito Popular de Liberaci\u00f3n<\/strong>.<\/span><\/div>\n<\/div>\n<\/div>\n<\/div>\n<div class=\"article-body grid-center grid-body\" data-qa=\"article-body\">\n<p class=\"font-copy font--article-body gray-darkest ma-0 pb-md\" style=\"text-align: justify;\" data-qa=\"drop-cap-letter\" data-el=\"text\"><span style=\"font-size: 14pt;\">Si bien <strong>CEFC<\/strong> era aparentemente privado, los expertos en la econom\u00eda china dicen que es poco probable que operara independientemente del gobierno.<\/span><\/p>\n<\/div>\n<div class=\"article-body grid-center grid-body\" style=\"text-align: justify;\" data-qa=\"article-body\">\n<p class=\"font-copy font--article-body gray-darkest ma-0 pb-md\" data-qa=\"drop-cap-letter\" data-el=\"text\"><span style=\"font-size: 14pt;\">La <strong>embajada china<\/strong> se neg\u00f3 a comentar sobre los v\u00ednculos de <strong>CEFC<\/strong> con el gobierno chino o la participaci\u00f3n de <strong>Hunter<\/strong><strong>Biden<\/strong> en la empresa.<\/span><\/p>\n<\/div>\n<div class=\"article-body grid-center grid-body\" style=\"text-align: justify;\" data-qa=\"article-body\">\n<p class=\"font-copy font--article-body gray-darkest ma-0 pb-md\" data-qa=\"drop-cap-letter\" data-el=\"text\"><span style=\"font-size: 14pt;\">Poco despu\u00e9s de que <strong>Joe Biden<\/strong> dejara la vicepresidencia, <strong>Hunter Biden<\/strong> y <strong>Ye<\/strong> se reunieron para cenar en Miami.<\/span><\/p>\n<\/div>\n<div class=\"article-body grid-center grid-body\" style=\"text-align: justify;\" data-qa=\"article-body\">\n<p class=\"font-copy font--article-body gray-darkest ma-0 pb-md\" data-qa=\"drop-cap-letter\" data-el=\"text\"><span style=\"font-size: 14pt;\">Los dos discutieron <strong>oportunidades comerciales para CEFC en los Estados Unidos<\/strong>, incluida una empresa conjunta de $ 40 millones para producir gas natural licuado en Luisiana,\u00a0<a href=\"https:\/\/www.newyorker.com\/magazine\/2019\/07\/08\/will-hunter-biden-jeopardize-his-fathers-campaign\" target=\"_blank\" rel=\"noopener\" data-schema-attribute=\"\">seg\u00fan un informe del New Yorker de julio de 2019<\/a>\u00a0basado en entrevistas extensas con Hunter Biden.<\/span><\/p>\n<\/div>\n<div class=\"article-body grid-center grid-body\" style=\"text-align: justify;\" data-qa=\"article-body\">\n<p class=\"font-copy font--article-body gray-darkest ma-0 pb-md\" data-qa=\"drop-cap-letter\" data-el=\"text\"><span style=\"font-size: 14pt;\">Ese trato fracas\u00f3.\u00a0Pero <strong>Ye<\/strong> estaba tan complacido con su reuni\u00f3n inicial con Hunter Biden que despu\u00e9s de la cena envi\u00f3 <strong>un diamante de 2,8 quilates<\/strong> a la habitaci\u00f3n de hotel de <strong>Hunter<\/strong> con una tarjeta agradeci\u00e9ndole la conversaci\u00f3n, seg\u00fan el New Yorker.<\/span><\/p>\n<\/div>\n<div class=\"article-body grid-center grid-body\" data-qa=\"article-body\">\n<p class=\"font-copy font--article-body gray-darkest ma-0 pb-md\" style=\"text-align: justify;\" data-qa=\"drop-cap-letter\" data-el=\"text\"><span style=\"font-size: 14pt;\">En el proceso de divorcio, la esposa de Hunter reclamar\u00eda que el diamante val\u00eda 80.000 d\u00f3lares.\u00a0Hunter Biden le dijo al New Yorker que el valor estaba m\u00e1s cerca de los $10,000, que le dio el diamante a sus asociados y que no sabe qu\u00e9 hicieron con \u00e9l.<\/span><\/p>\n<\/div>\n<div class=\"article-body grid-center grid-body\" data-qa=\"article-body\">\n<p class=\"font-copy font--article-body gray-darkest ma-0 pb-md\" style=\"text-align: justify;\" data-qa=\"drop-cap-letter\" data-el=\"text\"><span style=\"font-size: 14pt;\">En el <strong>verano de 2017<\/strong>, <strong>Hunter Biden<\/strong> recibi\u00f3 una solicitud de Ye que presagiar\u00eda problemas posteriores para CEFC.\u00a0<strong>Ye<\/strong> dijo que un alto asociado de CEFC, <strong>Patrick Ho<\/strong>, podr\u00eda estar <strong>bajo investigaci\u00f3n por parte de las fuerzas del orden de EE. UU.<\/strong> y le pidi\u00f3 ayuda a Hunter Biden.\u00a0<strong>Hunter Biden le dijo al New Yorker que acept\u00f3 representar a Ho y tratar de averiguar si estaba bajo escrutinio por parte de la polic\u00eda<\/strong>.<\/span><\/p>\n<\/div>\n<\/div>\n<p data-qa=\"drop-cap-letter\" data-el=\"text\">\u00a0<\/p>\n<figure id=\"attachment_2245294\" aria-describedby=\"caption-attachment-2245294\" style=\"width: 555px\" class=\"wp-caption aligncenter\"><img loading=\"lazy\" decoding=\"async\" class=\"wp-image-2245294\" src=\"https:\/\/puntocritico.com\/ausajpuntocritico\/wp-content\/uploads\/2022\/04\/imrs-8.webp\" alt=\"\" width=\"555\" height=\"373\" data-id=\"2245294\" srcset=\"https:\/\/puntocritico.com\/ausajpuntocritico\/wp-content\/uploads\/2022\/04\/imrs-8.webp 693w, https:\/\/puntocritico.com\/ausajpuntocritico\/wp-content\/uploads\/2022\/04\/imrs-8-300x202.webp 300w, https:\/\/puntocritico.com\/ausajpuntocritico\/wp-content\/uploads\/2022\/04\/imrs-8-610x410.webp 610w\" sizes=\"auto, (max-width: 555px) 100vw, 555px\" \/><figcaption id=\"caption-attachment-2245294\" class=\"wp-caption-text\"><span style=\"color: #008000;\">Hunter Biden en agosto de 2017 firm\u00f3 un acuerdo con Gongwen Dong, un ejecutivo de un conglomerado energ\u00e9tico chino, para realizar inversiones de forma conjunta.\u00a0El acuerdo, incluido con los registros bancarios proporcionados al Senador Charles E. Grassley (R-Iowa), establec\u00eda que Hunter Biden recibir\u00eda un anticipo \u00fanico de $500,000 y luego recibir\u00eda un estipendio mensual de $100,000, con su t\u00edo James Biden recibiendo $65,000 al mes.\u00a0(Cortes\u00eda de la Oficina del Senador Charles Grassley)<\/span><\/figcaption><\/figure>\n<p data-qa=\"drop-cap-letter\" data-el=\"text\">\u00a0<\/p>\n<p style=\"text-align: justify;\" data-qa=\"drop-cap-letter\" data-el=\"text\"><span style=\"font-size: 14pt;\"><strong>La ejecuci\u00f3n del acuerdo de consultor\u00eda m\u00e1s grande entre Hunter Biden y CEFC se produjo r\u00e1pidamente a principios de agosto de 2017<\/strong>.<\/span><\/p>\n<div class=\"article-body grid-center grid-body\" data-qa=\"article-body\">\n<div class=\"article-body grid-center grid-body\" style=\"text-align: justify;\" data-qa=\"article-body\">\n<p class=\"font-copy font--article-body gray-darkest ma-0 pb-md\" style=\"text-align: justify;\" data-qa=\"drop-cap-letter\" data-el=\"text\"><span style=\"font-size: 14pt;\">El<strong> contrato, firmado el 2 de agosto de 2017<\/strong>, establec\u00eda que <strong>Hunter Biden recibir\u00eda un anticipo \u00fanico de $500,000 y luego recibir\u00eda un estipendio mensual de $100,000, y su t\u00edo James Biden recibir\u00eda $65,000 al mes<\/strong>.<\/span><\/p>\n<\/div>\n<div class=\"article-body grid-center grid-body\" style=\"text-align: justify;\" data-qa=\"article-body\">\n<p class=\"font-copy font--article-body gray-darkest ma-0 pb-md\" style=\"text-align: justify;\" data-qa=\"drop-cap-letter\" data-el=\"text\"><span style=\"font-size: 14pt;\">Se encontr\u00f3 una <strong>copia sin firmar del acuerdo en la supuesta copia del disco duro de la computadora port\u00e1til de Hunter Biden<\/strong>.\u00a0Se incluy\u00f3 una copia firmada con los registros bancarios proporcionados a <strong>Grassley<\/strong> y revisados \u200b\u200bpor <strong>The<\/strong><strong>Post<\/strong>.\u00a0Seg\u00fan el acuerdo de 26 p\u00e1ginas, acordaron realizar inversiones de forma conjunta bajo una empresa llamada<strong> Hudson West III LLC<\/strong>.<\/span><\/p>\n<\/div>\n<div class=\"article-body grid-center grid-body\" style=\"text-align: justify;\" data-qa=\"article-body\">\n<p class=\"font-copy font--article-body gray-darkest ma-0 pb-md\" style=\"text-align: justify;\" data-qa=\"drop-cap-letter\" data-el=\"text\"><span style=\"font-size: 14pt;\"><strong>El dinero comenz\u00f3 a fluir casi de inmediato, con la primera transferencia bancaria entrante de $5 millones el 8 de agosto de 2017<\/strong>, seg\u00fan los documentos encontrados en la copia de la computadora port\u00e1til de Hunter Biden y corroborados por extractos bancarios id\u00e9nticos que la oficina de Grassley obtuvo de Cathay Bank para una cuenta. en manos conjuntas de los ejecutivos de Hunter Biden y CEFC.<\/span><\/p>\n<\/div>\n<div class=\"article-body grid-center grid-body\" style=\"text-align: justify;\" data-qa=\"article-body\">\n<p class=\"font-copy font--article-body gray-darkest ma-0 pb-md\" style=\"text-align: justify;\" data-qa=\"drop-cap-letter\" data-el=\"text\"><span style=\"font-size: 14pt;\">Despu\u00e9s de los gastos y costos de personal,\u00a0la mayor parte del dinero, alrededor de <strong>$4.8 millones<\/strong>, se dirigi\u00f3 durante un per\u00edodo de 14 meses, generalmente en incrementos de <strong>$165,000, a una cuenta vinculada a Hunter Biden<\/strong>, seg\u00fan muestran los documentos.\u00a0Durante ese per\u00edodo, se transfirieron alrededor de <strong>1,4 millones de d\u00f3lares<\/strong> de la cuenta de <strong>Hunter<\/strong> a <strong>Lion Hall Group<\/strong>, la firma consultora que dirig\u00eda <strong>James Biden<\/strong>, seg\u00fan otros registros gubernamentales revisados \u200b\u200bpor The Post.<\/span><\/p>\n<\/div>\n<div class=\"article-body grid-center grid-body\" data-qa=\"article-body\">\n<p class=\"font-copy font--article-body gray-darkest ma-0 pb-md\" style=\"text-align: justify;\" data-qa=\"drop-cap-letter\" data-el=\"text\"><span style=\"font-size: 14pt;\">\u201c<em>Sin comentarios<\/em>\u201d, dijo <strong>James Biden<\/strong> cuando lo contactaron en su tel\u00e9fono celular y le preguntaron sobre el acuerdo de <strong>CEFC<\/strong>.<\/span><\/p>\n<\/div>\n<\/div>\n<p data-qa=\"drop-cap-letter\" data-el=\"text\">\u00a0<\/p>\n<figure id=\"attachment_2245295\" aria-describedby=\"caption-attachment-2245295\" style=\"width: 678px\" class=\"wp-caption aligncenter\"><img loading=\"lazy\" decoding=\"async\" class=\"wp-image-2245295 size-mh-magazine-content\" src=\"https:\/\/puntocritico.com\/ausajpuntocritico\/wp-content\/uploads\/2022\/04\/imrs-9-678x381.webp\" alt=\"\" width=\"678\" height=\"381\" data-id=\"2245295\" \/><figcaption id=\"caption-attachment-2245295\" class=\"wp-caption-text\"><span style=\"color: #008000;\">La Casa de Suecia en el barrio de Georgetown de DC, en 2018. (Calla Kessler\/The Washington Post)<\/span><\/figcaption><\/figure>\n<div class=\"article-body grid-center grid-body\" data-qa=\"article-body\">\n<div class=\"article-body grid-center grid-body\" data-qa=\"article-body\">\n<h3 style=\"text-align: center;\"><span style=\"font-size: 18pt;\">M\u00e1s banderas rojas<\/span><\/h3>\n<\/div>\n<div class=\"article-body grid-center grid-body\" data-qa=\"article-body\">\n<p class=\"font-copy font--article-body gray-darkest ma-0 pb-md\" style=\"text-align: justify;\" data-qa=\"drop-cap-letter\" data-el=\"text\"><span style=\"font-size: 14pt;\">Unas semanas despu\u00e9s de que comenz\u00f3 a trabajar con los ejecutivos de <strong>CEFC<\/strong>, en el<strong> oto\u00f1o de 2017<\/strong>, <strong>Hunter Biden<\/strong> solicit\u00f3 cambios en el espacio de oficinas del quinto piso que estaba alquilando en la <strong>Casa de Suecia<\/strong>, un edificio espacioso en Georgetown que es el hogar de los suecos. Embajada y otras oficinas.<\/span><\/p>\n<\/div>\n<div class=\"article-body grid-center grid-body\" data-qa=\"article-body\">\n<p class=\"font-copy font--article-body gray-darkest ma-0 pb-md\" style=\"text-align: justify;\" data-qa=\"drop-cap-letter\" data-el=\"text\"><span style=\"font-size: 14pt;\">El <strong>21 de septiembre de 2017<\/strong>, Hunter Biden le escribi\u00f3 al administrador de un edificio solicitando una nueva se\u00f1alizaci\u00f3n de la oficina para reflejar una nueva empresa familiar y una nueva relaci\u00f3n comercial: \u201c<em>La Fundaci\u00f3n Biden y Hudson West (CEFC-US)<\/em>\u201d, escribi\u00f3 en correos electr\u00f3nicos a la administrador de la propiedad.<\/span><\/p>\n<\/div>\n<div class=\"article-body grid-center grid-body\" style=\"text-align: justify;\" data-qa=\"article-body\">\n<p class=\"font-copy font--article-body gray-darkest ma-0 pb-md\" data-qa=\"drop-cap-letter\" data-el=\"text\"><span style=\"font-size: 14pt;\">Tambi\u00e9n pidi\u00f3 llaves para sus nuevos compa\u00f1eros de oficina: <strong>su padre, Joe;\u00a0su madre, Jill;\u00a0su t\u00edo James;\u00a0y el ejecutivo chino, Gongwen Dong<\/strong>.<\/span><\/p>\n<\/div>\n<div class=\"article-body grid-full-bleed\" data-qa=\"article-body\">\n<div class=\"cb dn db-ns\" data-qa=\"article-body-ad\">\n<div class=\"hide-for-print relative flex justify-center content-box items-center b bh mb-md mt-none pt-lg pb-lg\" aria-hidden=\"true\">\n<div class=\"center absolute w-100 border-box\" style=\"text-align: justify;\"><span style=\"font-size: 14pt;\">Como parte de la solicitud, proporcion\u00f3 lo que dijo que era el n\u00famero de tel\u00e9fono celular de su padre, diciendo que un representante de la oficina podr\u00eda usarlo para comunicarse con sus nuevos compa\u00f1eros de oficina.<\/span><\/div>\n<\/div>\n<\/div>\n<\/div>\n<div class=\"article-body grid-center grid-body\" data-qa=\"article-body\">\n<p class=\"font-copy font--article-body gray-darkest ma-0 pb-md\" style=\"text-align: justify;\" data-qa=\"drop-cap-letter\" data-el=\"text\"><span style=\"font-size: 14pt;\"><strong>Hunter Biden<\/strong> se refiri\u00f3 a <strong>Ye<\/strong>, el <strong>presidente de CEFC<\/strong>, como \u201c<em>mi socio<\/em>\u201d y describi\u00f3 a <strong>Dong<\/strong> como el \u201c<em>emisario del presidente Ye CEFC<\/em>\u201d.<\/span><\/p>\n<\/div>\n<div class=\"article-body grid-center grid-body\" style=\"text-align: justify;\" data-qa=\"article-body\">\n<p class=\"font-copy font--article-body gray-darkest ma-0 pb-md\" data-qa=\"drop-cap-letter\" data-el=\"text\"><span style=\"font-size: 14pt;\">Los intercambios de correos electr\u00f3nicos que analizan el plan de Hunter Biden para abrir una <strong>oficina de Biden-CEFC<\/strong> se incluyeron en la copia de su disco duro y se confirmaron mediante registros p\u00fablicos publicados por el gobierno sueco a The Post.\u00a0El contenido de los registros fue\u00a0<a href=\"https:\/\/www.dn.se\/sverige\/swedish-emails-reveal-new-facts-on-joe-biden-s-keys-to-hunter-s-office\/\" target=\"_blank\" rel=\"noopener\" data-schema-attribute=\"\">informado por primera vez por el peri\u00f3dico sueco Dagens Nyheter.<\/a><\/span><\/p>\n<\/div>\n<div class=\"article-body grid-center grid-body\" data-qa=\"article-body\">\n<p class=\"font-copy font--article-body gray-darkest ma-0 pb-md\" style=\"text-align: justify;\" data-qa=\"drop-cap-letter\" data-el=\"text\"><span style=\"font-size: 14pt;\">\u201c<em>\u00a1Estamos muy emocionados y honrados de dar la bienvenida a sus nuevos colegas!<\/em>\u201d el gerente le respondi\u00f3 a Hunter Biden.<\/span><\/p>\n<\/div>\n<\/div>\n<p data-qa=\"drop-cap-letter\" data-el=\"text\">\u00a0<\/p>\n<figure id=\"attachment_2245296\" aria-describedby=\"caption-attachment-2245296\" style=\"width: 555px\" class=\"wp-caption aligncenter\"><img loading=\"lazy\" decoding=\"async\" class=\"wp-image-2245296\" src=\"https:\/\/puntocritico.com\/ausajpuntocritico\/wp-content\/uploads\/2022\/04\/imrs-10.webp\" alt=\"\" width=\"555\" height=\"239\" data-id=\"2245296\" srcset=\"https:\/\/puntocritico.com\/ausajpuntocritico\/wp-content\/uploads\/2022\/04\/imrs-10.webp 916w, https:\/\/puntocritico.com\/ausajpuntocritico\/wp-content\/uploads\/2022\/04\/imrs-10-300x129.webp 300w, https:\/\/puntocritico.com\/ausajpuntocritico\/wp-content\/uploads\/2022\/04\/imrs-10-768x331.webp 768w, https:\/\/puntocritico.com\/ausajpuntocritico\/wp-content\/uploads\/2022\/04\/imrs-10-610x263.webp 610w\" sizes=\"auto, (max-width: 555px) 100vw, 555px\" \/><figcaption id=\"caption-attachment-2245296\" class=\"wp-caption-text\"><span style=\"color: #008080;\">Hunter Biden en el oto\u00f1o de 2017 busc\u00f3 cambios en el espacio de oficinas que estaba alquilando en la Casa de Suecia, un edificio en Georgetown que alberga la Embajada de Suecia y otras oficinas.\u00a0Seg\u00fan los correos electr\u00f3nicos incluidos en una supuesta copia de su computadora port\u00e1til y en los correos electr\u00f3nicos obtenidos del gobierno sueco, Biden solicit\u00f3 las llaves de sus nuevos compa\u00f1eros de oficina: su padre, Joe;\u00a0su madre, Jill;\u00a0su t\u00edo James;\u00a0y el ejecutivo chino, Gongwen Dong.\u00a0(Obtenido por The Washington Post)<\/span><\/figcaption><\/figure>\n<p data-qa=\"drop-cap-letter\" data-el=\"text\">\u00a0<\/p>\n<p style=\"text-align: justify;\" data-qa=\"drop-cap-letter\" data-el=\"text\"><span style=\"font-size: 14pt;\"><strong>Jeffrey Peck<\/strong>, el miembro de la junta de la <strong>Fundaci\u00f3n Biden<\/strong> m\u00e1s involucrado en detalles como la instalaci\u00f3n de la oficina, dijo que nunca se consider\u00f3 esa ubicaci\u00f3n.<\/span><\/p>\n<div class=\"article-body grid-center grid-body\" data-qa=\"article-body\">\n<div class=\"article-body grid-center grid-body\" style=\"text-align: justify;\" data-qa=\"article-body\">\n<p class=\"font-copy font--article-body gray-darkest ma-0 pb-md\" data-qa=\"drop-cap-letter\" data-el=\"text\"><span style=\"font-size: 14pt;\">\u201c<em>Recuerdo discusiones sobre otros posibles espacios y la llamada Casa de Suecia nunca estuvo en ninguna lista\u201d, dijo Peck.\u00a0\u201cNunca hubo ning\u00fan pensamiento, como cero pensamiento o consideraci\u00f3n, dado a ese edificio<\/em>\u201d.<\/span><\/p>\n<\/div>\n<div class=\"article-body grid-center grid-body\" style=\"text-align: justify;\" data-qa=\"article-body\">\n<p class=\"font-copy font--article-body gray-darkest ma-0 pb-md\" data-qa=\"drop-cap-letter\" data-el=\"text\"><span style=\"font-size: 14pt;\">Una portavoz de la autoridad sueca que supervisa la propiedad dijo que las cuatro llaves estaban disponibles, seg\u00fan lo solicitado, pero que Hunter Biden nunca las recogi\u00f3.\u00a0El letrero en la puerta no se cambi\u00f3, dijo.<\/span><\/p>\n<\/div>\n<div class=\"article-body grid-center grid-body\" style=\"text-align: justify;\" data-qa=\"article-body\">\n<p class=\"font-copy font--article-body gray-darkest ma-0 pb-md\" data-qa=\"drop-cap-letter\" data-el=\"text\"><span style=\"font-size: 14pt;\">Cuando Hunter Biden estaba solicitando cambios en el espacio de su oficina, los intercambios de correos electr\u00f3nicos con el administrador de la propiedad se volvieron tensos, con un recordatorio a <strong>Hunter Biden<\/strong> para que dejara de violar las pol\u00edticas de la oficina al traer visitantes a trav\u00e9s de una entrada lateral en lugar de registrarlos en el frente. escritorio, donde pasan por detectores de metales.<\/span><\/p>\n<\/div>\n<div class=\"article-body grid-center grid-body\" style=\"text-align: justify;\" data-qa=\"article-body\">\n<p class=\"font-copy font--article-body gray-darkest ma-0 pb-md\" data-qa=\"drop-cap-letter\" data-el=\"text\"><span style=\"font-size: 14pt;\">Hunter Biden respondi\u00f3 enojado, diciendo que una era una mujer sin hogar de la que pod\u00eda responder, y acus\u00f3 a los gerentes de la oficina de racismo porque esa mujer es negra.\u00a0Escribi\u00f3 que otra invitada era Lunden Roberts, una mujer a la que describi\u00f3 como \u201cl<em>a mentora de baloncesto de mi hija menor<\/em>\u201d.<\/span><\/p>\n<\/div>\n<div class=\"article-body grid-center grid-body\" style=\"text-align: justify;\" data-qa=\"article-body\">\n<p class=\"font-copy font--article-body gray-darkest ma-0 pb-md\" data-qa=\"drop-cap-letter\" data-el=\"text\"><span style=\"font-size: 14pt;\">Dentro de un a\u00f1o, <strong>Roberts tendr\u00eda un beb\u00e9 que Hunter neg\u00f3 que fuera suyo hasta que ella present\u00f3 una demanda de paternidad y las pruebas de ADN confirmaron que era suyo<\/strong>.\u00a0Resolvieron el caso en marzo de 2020 y los documentos judiciales muestran que est\u00e1 pagando una cantidad no revelada en manutenci\u00f3n infantil.<\/span><\/p>\n<\/div>\n<div class=\"article-body grid-center grid-body\" style=\"text-align: justify;\" data-qa=\"article-body\">\n<p class=\"font-copy font--article-body gray-darkest ma-0 pb-md\" data-qa=\"drop-cap-letter\" data-el=\"text\"><span style=\"font-size: 14pt;\">El<strong> abogado de Roberts, Clint Lancaster<\/strong>, dijo que su cliente hab\u00eda trabajado para <strong>Biden<\/strong> en el momento del incidente de la <strong>Casa de Suecia<\/strong>.\u00a0Dijo que <strong>Roberts<\/strong> fue llamada a testificar durante varias horas ante un gran jurado en Wilmington, Del., a mediados de febrero, una indicaci\u00f3n de que <strong>la investigaci\u00f3n federal de Hunter Biden sigue activa<\/strong>. <strong>Lancaster<\/strong> se neg\u00f3 a comentar sobre la naturaleza de su testimonio. El <strong>Departamento de Justicia<\/strong> y la <strong>oficina del fiscal federal de Delaware<\/strong> tambi\u00e9n se negaron a comentar.<\/span><\/p>\n<\/div>\n<div class=\"article-body grid-center grid-body\" style=\"text-align: justify;\" data-qa=\"article-body\">\n<p><span class=\"font--article-body font-copy hide-for-print ma-0 pb-md db italic interstitial\" style=\"font-size: 14pt;\"><a href=\"https:\/\/www.washingtonpost.com\/national-security\/hunter-biden-under-federal-investigation\/2020\/12\/09\/3b7361be-3a64-11eb-9276-ae0ca72729be_story.html?itid=lk_interstitial_manual_68\" data-qa=\"interstitial-link\" target=\"_blank\" rel=\"noopener\">Hunter Biden confirma que est\u00e1 bajo investigaci\u00f3n federal<\/a><\/span><\/p>\n<\/div>\n<div class=\"article-body grid-center grid-body\" style=\"text-align: justify;\" data-qa=\"article-body\">\n<p class=\"font-copy font--article-body gray-darkest ma-0 pb-md\" data-qa=\"drop-cap-letter\" data-el=\"text\"><span style=\"font-size: 14pt;\">Durante el tiempo que la relaci\u00f3n con <strong>CEFC<\/strong> estuvo activa, <strong>se transfirieron fondos de Hunter Biden a su t\u00edo<\/strong>, seg\u00fan muestran los registros.\u00a0En total, casi 1<strong>,4 millones de d\u00f3lares<\/strong> pasaron de la empresa de Hunter a una controlada por <strong>James Biden<\/strong>, seg\u00fan un <strong>informe de 2020<\/strong> producido por <strong>Grassley<\/strong> y el tambi\u00e9n <em>senador<\/em> <em>republicano<\/em> <strong>Ron Johnson<\/strong> de Wisconsin.\u00a0<strong>Las transacciones se identificaron como actividad delictiva potencial<\/strong>, una designaci\u00f3n destinada a se\u00f1alar el posible lavado de dinero, corrupci\u00f3n pol\u00edtica u otros delitos financieros, seg\u00fan un informe de la <strong>Red de Ejecuci\u00f3n de Delitos Financieros del Departamento del Tesoro<\/strong> que fue revisado por The Post.<\/span><\/p>\n<\/div>\n<div class=\"article-body grid-full-bleed\" data-qa=\"article-body\">\n<div class=\"cb dn db-ns\" data-qa=\"article-body-ad\">\n<div class=\"hide-for-print relative flex justify-center content-box items-center b bh mb-md mt-none pt-lg pb-lg\" aria-hidden=\"true\">\n<div class=\"center absolute w-100 border-box\" style=\"text-align: justify;\"><span style=\"font-size: 14pt;\">Cuando el banco de <strong>James<\/strong> y <strong>Sara Biden<\/strong> los contact\u00f3 sobre las transacciones, no proporcionaron documentaci\u00f3n de respaldo para explicar la actividad y cerraron la cuenta, seg\u00fan los registros revisados \u200b\u200bpor The Post.<\/span><\/div>\n<\/div>\n<\/div>\n<\/div>\n<div class=\"article-body grid-center grid-body\" style=\"text-align: justify;\" data-qa=\"article-body\">\n<p class=\"font-copy font--article-body gray-darkest ma-0 pb-md\" data-qa=\"drop-cap-letter\" data-el=\"text\"><span style=\"font-size: 14pt;\"><strong>James Biden<\/strong> no respondi\u00f3 a una lista detallada de preguntas sobre las transacciones financieras.<\/span><\/p>\n<\/div>\n<div class=\"article-body grid-center grid-body\" style=\"text-align: justify;\" data-qa=\"article-body\">\n<p class=\"font-copy font--article-body gray-darkest ma-0 pb-md\" data-qa=\"drop-cap-letter\" data-el=\"text\"><span style=\"font-size: 14pt;\">Mientras tanto, los ejecutivos de <strong>CEFC<\/strong> estaban preocupados por las <strong>investigaciones del Departamento de Justicia<\/strong> sobre los funcionarios vinculados a la empresa.\u00a0Como quedar\u00eda claro m\u00e1s tarde en los registros judiciales, los investigadores federales hab\u00edan obtenido una orden de vigilancia de inteligencia extranjera sobre <strong>Ho<\/strong> y estaban monitoreando sus comunicaciones.<\/span><\/p>\n<\/div>\n<div class=\"article-body grid-center grid-body\" data-qa=\"article-body\">\n<p class=\"font-copy font--article-body gray-darkest ma-0 pb-md\" style=\"text-align: justify;\" data-qa=\"drop-cap-letter\" data-el=\"text\"><span style=\"font-size: 14pt;\">El <strong>18 de septiembre de 2017<\/strong>, Hunter Biden firm\u00f3 una carta de compromiso de abogado de dos p\u00e1ginas para representar a <strong>Ho<\/strong>, con un anticipo de <strong>$1 mill\u00f3n<\/strong>.\u00a0El acuerdo especificaba que <strong>Hunter Biden<\/strong> deb\u00eda brindar \u201c<em>asesoramiento en asuntos relacionados con la ley de los EE. UU. y asesoramiento relacionado con la contrataci\u00f3n y el an\u00e1lisis legal de cualquier bufete de abogados o abogado de los EE. UU.<\/em>\u201d.\u00a0<strong>Ho<\/strong> firm\u00f3 el documento cuatro d\u00edas despu\u00e9s, el <strong>22 de septiembre de 2017<\/strong>.<\/span><\/p>\n<\/div>\n<div class=\"article-body grid-center grid-body\" data-qa=\"article-body\">\n<p class=\"font-copy font--article-body gray-darkest ma-0 pb-md\" style=\"text-align: justify;\" data-qa=\"drop-cap-letter\" data-el=\"text\"><span style=\"font-size: 14pt;\">Una copia firmada del acuerdo de dos p\u00e1ginas estaba contenida en la supuesta copia del disco de la computadora port\u00e1til de Hunter Biden, almacenada como archivo adjunto a un correo electr\u00f3nico que no conten\u00eda suficientes datos para ser verificado por los expertos externos de The Post.\u00a0Pero los registros bancarios obtenidos por <strong>Grassley<\/strong> muestran que <strong>$ 1 mill\u00f3n finalmente se deposit\u00f3 en una cuenta asociada con Hunter Biden,\u00a0con una nota que describe el pago como \u00abrepresentaci\u00f3n\u00bb de Ho<\/strong>.<\/span><\/p>\n<\/div>\n<div class=\"article-body grid-center grid-body\" data-qa=\"article-body\">\n<p class=\"font-copy font--article-body gray-darkest ma-0 pb-md\" style=\"text-align: justify;\" data-qa=\"drop-cap-letter\" data-el=\"text\"><span style=\"font-size: 14pt;\">El <strong>18 de noviembre<\/strong>, pocas semanas despu\u00e9s de que Hunter Biden firmara el acuerdo para representar a <strong>Ho<\/strong>, dos agentes del FBI arrestaron a su cliente en el aeropuerto JFK. Le leyeron sus derechos a las 2 de la tarde; nueve minutos despu\u00e9s, llam\u00f3 a <strong>James Biden<\/strong>, seg\u00fan los registros policiales.<\/span><\/p>\n<\/div>\n<div class=\"article-body grid-center grid-body\" data-qa=\"article-body\">\n<p class=\"font-copy font--article-body gray-darkest ma-0 pb-md\" style=\"text-align: justify;\" data-qa=\"drop-cap-letter\" data-el=\"text\"><span style=\"font-size: 14pt;\"><strong>James<\/strong> <strong>Biden<\/strong>\u00a0<a href=\"https:\/\/www.nytimes.com\/2018\/12\/12\/business\/cefc-biden-china-washington-ye-jianming.html\" target=\"_blank\" rel=\"noopener\">le dijo al New York Times en 2018<\/a>\u00a0que asumi\u00f3 que <strong>Ho<\/strong> estaba buscando a <strong>Hunter<\/strong> <strong>Biden<\/strong> y le pas\u00f3 la informaci\u00f3n de contacto de su sobrino.<\/span><\/p>\n<\/div>\n<div class=\"article-body grid-center grid-body\" data-qa=\"article-body\">\n<p class=\"font-copy font--article-body gray-darkest ma-0 pb-md\" style=\"text-align: justify;\" data-qa=\"drop-cap-letter\" data-el=\"text\"><span style=\"font-size: 14pt;\">Casi inmediatamente despu\u00e9s del <strong>arresto de Ho<\/strong>, seg\u00fan correos electr\u00f3nicos verificados, <strong>Edward Y. Kim<\/strong>, un abogado de Krieger Kim, fue contratado\u00a0para representar a <strong>Ho<\/strong>.\u00a0Kim y Ho rechazaron las solicitudes de comentarios.<\/span><\/p>\n<\/div>\n<div class=\"article-body grid-center grid-body\" data-qa=\"article-body\">\n<p class=\"font-copy font--article-body gray-darkest ma-0 pb-md\" style=\"text-align: justify;\" data-qa=\"drop-cap-letter\" data-el=\"text\"><span style=\"font-size: 14pt;\">Durante el juicio, los fiscales alegaron que <strong>Ho<\/strong> hab\u00eda sobornado a l\u00edderes en Chad y Uganda, con el objetivo de obtener permisos petroleros para <strong>CEFC<\/strong>.\u00a0Tambi\u00e9n dijeron que <strong>Ho<\/strong> hab\u00eda ofrecido <strong>CEFC<\/strong> como un recurso para ayudar a <strong>Ir\u00e1n<\/strong> a evadir las sanciones petroleras.<\/span><\/p>\n<\/div>\n<div class=\"article-body grid-center grid-body\" data-qa=\"article-body\">\n<h3><span style=\"font-size: 18pt;\">El choque<\/span><\/h3>\n<\/div>\n<div class=\"article-body grid-center grid-body\" data-qa=\"article-body\">\n<p class=\"font-copy font--article-body gray-darkest ma-0 pb-md\" style=\"text-align: justify;\" data-qa=\"drop-cap-letter\" data-el=\"text\"><span style=\"font-size: 14pt;\">Las cosas se derrumbaron r\u00e1pidamente.\u00a0<strong>Ho<\/strong> estaba en la c\u00e1rcel en espera de juicio.\u00a0<strong>Ye<\/strong>, el jefe de <strong>CEFC<\/strong>, fue <strong>detenido en China a mediados de febrero de 2018<\/strong> y no se supo nada de \u00e9l desde entonces.\u00a0Los motivos del arresto no estaban claros, aunque\u00a0<a href=\"https:\/\/www.reuters.com\/article\/us-china-cefc-probe\/chinas-cefc-chairman-investigated-for-suspected-economic-crimes-source-idUSKCN1GD3O9\" target=\"_blank\" rel=\"noopener\" data-schema-attribute=\"\">Reuters inform\u00f3 que estaba relacionado con presuntos delitos econ\u00f3micos<\/a>.<\/span><\/p>\n<\/div>\n<div class=\"article-body grid-center grid-body\" data-qa=\"article-body\">\n<p class=\"font-copy font--article-body gray-darkest ma-0 pb-md\" style=\"text-align: justify;\" data-qa=\"drop-cap-letter\" data-el=\"text\"><span style=\"font-size: 14pt;\"><strong>Ye<\/strong> no pudo ser contactado para hacer comentarios, y la embajada china se neg\u00f3 a comentar sobre el arresto de Ye.<\/span><\/p>\n<\/div>\n<div class=\"article-body grid-center grid-body\" style=\"text-align: justify;\" data-qa=\"article-body\">\n<p class=\"font-copy font--article-body gray-darkest ma-0 pb-md\" data-qa=\"drop-cap-letter\" data-el=\"text\"><span style=\"font-size: 14pt;\">Para <strong>marzo de 2018<\/strong>, <strong>el t\u00edo de Hunter Biden estaba buscando acceso al anticipo de $ 1 mill\u00f3n que se le deb\u00eda a Hunter por la representaci\u00f3n de Ho<\/strong>.\u00a0<strong>James Biden<\/strong> el 21 de marzo de 2018, escribi\u00f3 a los funcionarios de <strong>CEFC<\/strong> con \u00ab<em>instrucciones de cableado<\/em>\u00ab, <strong>proporcionando la direcci\u00f3n y los n\u00fameros de ruta para realizar la transferencia a la cuenta vinculada a Hunter Biden<\/strong>.<\/span><\/p>\n<\/div>\n<div class=\"article-body grid-full-bleed\" style=\"text-align: justify;\" data-qa=\"article-body\">\n<div class=\"cb dn db-ns\" data-qa=\"article-body-ad\">\n<div class=\"hide-for-print relative flex justify-center content-box items-center b bh mb-md mt-none pt-lg pb-lg\" aria-hidden=\"true\">\n<div class=\"center absolute w-100 border-box\">\n<div class=\"dib gray-dark pl-xs pr-xs font-sans-serif light font-xxxxs lh-md\"><span style=\"font-size: 14pt;\">\u201c<em>Recibido y me encargar\u00e9 de esto lo antes posible<\/em>\u201d, escribi\u00f3 <strong>Mervyn Yan<\/strong>, uno de los funcionarios de <strong>CEFC<\/strong>, en un correo electr\u00f3nico verificado.<\/span><\/div>\n<\/div>\n<\/div>\n<\/div>\n<\/div>\n<div class=\"article-body grid-center grid-body\" style=\"text-align: justify;\" data-qa=\"article-body\">\n<p class=\"font-copy font--article-body gray-darkest ma-0 pb-md\" data-qa=\"drop-cap-letter\" data-el=\"text\"><span style=\"font-size: 14pt;\">A las 9:43 de la ma\u00f1ana siguiente, la transferencia se realiz\u00f3 y se deposit\u00f3 en la cuenta tal como lo hab\u00eda indicado <strong>James<\/strong> <strong>Biden<\/strong>, y el n\u00famero de ruta en su correo electr\u00f3nico coincid\u00eda con el n\u00famero de ruta recibido por el banco, seg\u00fan los registros bancarios.<\/span><\/p>\n<\/div>\n<div class=\"article-body grid-center grid-body\" data-qa=\"article-body\">\n<p class=\"font-copy font--article-body gray-darkest ma-0 pb-md\" style=\"text-align: justify;\" data-qa=\"drop-cap-letter\" data-el=\"text\"><span style=\"font-size: 14pt;\"><strong>Hunter Biden comenz\u00f3 a intercambiar mensajes hostiles con los ejecutivos restantes, incluidos Dong y Mervyn Yan<\/strong>.\u00a0Los dos <strong>hab\u00edan cuestionado varios de los gastos comerciales de Hunter Biden y pidieron recibos para respaldar los cargos<\/strong>.\u00a0<strong>Yan<\/strong>, en un correo electr\u00f3nico verificado, le escribi\u00f3 a Hunter que algunos de los gastos por los que solicit\u00f3 el reembolso no parec\u00edan estar relacionados con el negocio de la compa\u00f1\u00eda de energ\u00eda china, incluida, escribi\u00f3, \u00ab<em>la casa en Suecia<\/em>\u00ab.<\/span><\/p>\n<\/div>\n<div class=\"article-body grid-center grid-body\" data-qa=\"article-body\">\n<p class=\"font-copy font--article-body gray-darkest ma-0 pb-md\" style=\"text-align: justify;\" data-qa=\"drop-cap-letter\" data-el=\"text\"><span style=\"font-size: 14pt;\"><strong>Hunter Biden<\/strong> amenaz\u00f3 con demandar tanto a <strong>Yan<\/strong> como a <strong>Dong<\/strong> por negarse a pagar, alegando que no ten\u00edan derecho a cuestionar sus gastos y explicando que la Casa de Suecia era su oficina con sede en DC.<\/span><\/p>\n<\/div>\n<div class=\"article-body grid-center grid-body\" data-qa=\"article-body\">\n<p class=\"font-copy font--article-body gray-darkest ma-0 pb-md\" style=\"text-align: justify;\" data-qa=\"drop-cap-letter\" data-el=\"text\"><span style=\"font-size: 14pt;\">\u201c<em>Entablar\u00e9 una demanda en el Tribunal de la Canciller\u00eda en Delaware, que como saben es mi estado natal y tengo el privilegio de haber trabajado y conocer a todos los jueces del tribunal de la canciller\u00ed<\/em>a\u201d, escribi\u00f3 el 14 de marzo de 2018.<\/span><\/p>\n<\/div>\n<div class=\"article-body grid-center grid-body\" data-qa=\"article-body\">\n<p class=\"font-copy font--article-body gray-darkest ma-0 pb-md\" style=\"text-align: justify;\" data-qa=\"drop-cap-letter\" data-el=\"text\"><span style=\"font-size: 14pt;\">\u201c<em>No puede demandarnos por no pagar gastos incorrectos<\/em>\u201d, escribi\u00f3 <strong>Dong<\/strong> en respuesta, seg\u00fan un correo electr\u00f3nico verificado.<\/span><\/p>\n<\/div>\n<div class=\"article-body grid-center grid-body\" style=\"text-align: justify;\" data-qa=\"article-body\">\n<p class=\"font-copy font--article-body gray-darkest ma-0 pb-md\" data-qa=\"drop-cap-letter\" data-el=\"text\"><span style=\"font-size: 14pt;\"><strong>Dong<\/strong> y <strong>Yan<\/strong> no respondieron a las solicitudes de comentarios.<\/span><\/p>\n<\/div>\n<div class=\"article-body grid-center grid-body\" style=\"text-align: justify;\" data-qa=\"article-body\">\n<p class=\"font-copy font--article-body gray-darkest ma-0 pb-md\" data-qa=\"drop-cap-letter\" data-el=\"text\"><span style=\"font-size: 14pt;\"><strong>JiaQi Bao<\/strong>, una asistente con la que <strong>Hunter Biden<\/strong> hab\u00eda trabajado estrechamente en el negocio de <strong>CEFC<\/strong>, escribi\u00f3 en un correo electr\u00f3nico del <strong>26 de marzo de 2018<\/strong> que la empresa se disolver\u00eda y que perder\u00eda su trabajo, pero que <strong>Hunter Biden<\/strong> deber\u00eda \u201c<em>tomar todo el dinero que pueda tomar, siempre que el dinero est\u00e9 disponible para reclamar<\/em>.\u201d<\/span><\/p>\n<\/div>\n<div class=\"article-body grid-center grid-body\" style=\"text-align: justify;\" data-qa=\"article-body\">\n<p class=\"font-copy font--article-body gray-darkest ma-0 pb-md\" data-qa=\"drop-cap-letter\" data-el=\"text\"><span style=\"font-size: 14pt;\">\u201c<em>Toma todo lo que puedas o busca una forma de gastarlo en tu propio beneficio<\/em>\u201d, escribi\u00f3.<\/span><\/p>\n<\/div>\n<div class=\"article-body grid-center grid-body\" data-qa=\"article-body\">\n<p class=\"font-copy font--article-body gray-darkest ma-0 pb-md\" style=\"text-align: justify;\" data-qa=\"drop-cap-letter\" data-el=\"text\"><span style=\"font-size: 14pt;\"><strong>Bao<\/strong> no respondi\u00f3 a numerosos mensajes telef\u00f3nicos y de correo electr\u00f3nico.<\/span><\/p>\n<\/div>\n<div class=\"article-body grid-center grid-body\" data-qa=\"article-body\">\n<p class=\"font-copy font--article-body gray-darkest ma-0 pb-md\" style=\"text-align: justify;\" data-qa=\"drop-cap-letter\" data-el=\"text\"><span style=\"font-size: 14pt;\">Durante los siguientes seis meses, <strong>se transfirieron casi 1,4 millones de d\u00f3lares a la cuenta de Hunter Biden<\/strong>, seg\u00fan los registros bancarios.<\/span><\/p>\n<\/div>\n<div class=\"article-body grid-center grid-body\" style=\"text-align: justify;\" data-qa=\"article-body\">\n<p class=\"font-copy font--article-body gray-darkest ma-0 pb-md\" data-qa=\"drop-cap-letter\" data-el=\"text\"><span style=\"font-size: 14pt;\">Pero tambi\u00e9n surgieron problemas.\u00a0<strong>Hunter Biden<\/strong> continu\u00f3 luchando contra los problemas de adicci\u00f3n que crearon tensiones dentro de su familia, y su padre comenz\u00f3 a pagar algunas de sus cuentas.\u00a0Los problemas del joven <strong>Biden<\/strong> se cern\u00edan sobre la decisi\u00f3n de su padre de postularse para presidente, una campa\u00f1a que <strong>Joe Biden anunciar\u00eda formalmente en abril de 2019<\/strong>.<\/span><\/p>\n<\/div>\n<div class=\"article-body grid-center grid-body\" style=\"text-align: justify;\" data-qa=\"article-body\">\n<p class=\"font-copy font--article-body gray-darkest ma-0 pb-md\" data-qa=\"drop-cap-letter\" data-el=\"text\"><span style=\"font-size: 14pt;\">Las batallas personales de Hunter Biden continuar\u00edan.\u00a0Pero la saga empresarial de <strong>CEFC<\/strong> pronto llegar\u00eda a su fin.<\/span><\/p>\n<\/div>\n<div class=\"article-body grid-center grid-body\" data-qa=\"article-body\">\n<p class=\"font-copy font--article-body gray-darkest ma-0 pb-md\" style=\"text-align: justify;\" data-qa=\"drop-cap-letter\" data-el=\"text\"><span style=\"font-size: 14pt;\"><strong>Yan<\/strong> firm\u00f3 un documento el <strong>2 de noviembre de 2018<\/strong>, disolviendo <strong>Hudson West III LLC<\/strong>, la compa\u00f1\u00eda que vincul\u00f3 a los <strong>Biden<\/strong> con <strong>CEFC<\/strong>.\u00a0<strong>Yan<\/strong> lo present\u00f3 en una oficina con sede en Dover, Del., a menos de una hora en autom\u00f3vil de la casa de la familia <strong>Biden<\/strong>.<\/span><\/p>\n<\/div>\n<\/div>\n<figure id=\"attachment_2244063\" aria-describedby=\"caption-attachment-2244063\" style=\"width: 480px\" class=\"wp-caption aligncenter\"><img loading=\"lazy\" decoding=\"async\" class=\"wp-image-2244063\" src=\"https:\/\/puntocritico.com\/ausajpuntocritico\/wp-content\/uploads\/2022\/04\/Zelensky-Batallon-Azov.png\" alt=\"\" width=\"480\" height=\"270\" data-id=\"2244063\" srcset=\"https:\/\/puntocritico.com\/ausajpuntocritico\/wp-content\/uploads\/2022\/04\/Zelensky-Batallon-Azov.png 1581w, https:\/\/puntocritico.com\/ausajpuntocritico\/wp-content\/uploads\/2022\/04\/Zelensky-Batallon-Azov-300x169.png 300w, https:\/\/puntocritico.com\/ausajpuntocritico\/wp-content\/uploads\/2022\/04\/Zelensky-Batallon-Azov-1024x575.png 1024w, https:\/\/puntocritico.com\/ausajpuntocritico\/wp-content\/uploads\/2022\/04\/Zelensky-Batallon-Azov-768x431.png 768w, https:\/\/puntocritico.com\/ausajpuntocritico\/wp-content\/uploads\/2022\/04\/Zelensky-Batallon-Azov-1536x863.png 1536w, https:\/\/puntocritico.com\/ausajpuntocritico\/wp-content\/uploads\/2022\/04\/Zelensky-Batallon-Azov-610x343.png 610w, https:\/\/puntocritico.com\/ausajpuntocritico\/wp-content\/uploads\/2022\/04\/Zelensky-Batallon-Azov-678x381.png 678w, https:\/\/puntocritico.com\/ausajpuntocritico\/wp-content\/uploads\/2022\/04\/Zelensky-Batallon-Azov-1320x741.png 1320w\" sizes=\"auto, (max-width: 480px) 100vw, 480px\" \/><figcaption id=\"caption-attachment-2244063\" class=\"wp-caption-text\"><span style=\"color: #008000;\">Extra\u00f1os compa\u00f1eros de cama<\/span><\/figcaption><\/figure>\n<blockquote>\n<p style=\"text-align: center;\" data-qa=\"drop-cap-letter\" data-el=\"text\"><span style=\"font-size: 18pt;\"><strong>AUTORES<\/strong><\/span><\/p>\n<div class=\"article-body\" style=\"text-align: center;\" data-qa=\"article-body\">\n<p class=\"font--article-body gray-darkest ma-0 pb-md\" data-qa=\"letter-or-trailer\" data-el=\"text\"><span style=\"font-size: 14pt;\"><strong>Craig Timberg<\/strong>: Reportero de tecnolog\u00eda nacional para The Washington Post.\u00a0Desde que se uni\u00f3 a The Post en 1998, ha sido reportero, editor y corresponsal extranjero, y contribuy\u00f3 a la cobertura ganadora del Premio Pulitzer de The Post sobre la Agencia de Seguridad Nacional<span class=\"font-xxxs gray-dark author-description lh-md\" data-qa=\"author-description\">.<\/span><\/span><\/p>\n<\/div>\n<div style=\"text-align: center;\" data-qa=\"author-bio\"><span style=\"font-size: 14pt;\"><strong>Tom Hamburger<\/strong>: Reportero de investigaci\u00f3n en la secci\u00f3n nacional de The Washington Post. Ha cubierto la Casa Blanca, el Congreso y las agencias reguladoras, con un enfoque en dinero y pol\u00edtica.<span class=\"\"><span class=\"font-xxxs gray-dark author-description lh-md\" data-qa=\"author-description\">.<\/span><\/span><\/span><\/div>\n<div style=\"text-align: center;\" data-qa=\"author-bio\">\u00a0<\/div>\n<div class=\"flex\" style=\"text-align: center;\" data-qa=\"author-bio\">\n<div class=\"flex\">\n<div class=\"dib font-xxs mb-xxs\" data-qa=\"name-with-optional-link\" data-cy=\"name-with-optional-link\"><span style=\"font-size: 14pt;\"><strong>Matt Viser<\/strong>: R<span class=\"font-xxxs gray-dark author-description lh-md\" data-qa=\"author-description\">eportero de la Casa Blanca para The Washington Post.\u00a0Se uni\u00f3 a The Post en octubre de 2018, cubriendo las elecciones intermedias y presidenciales de 2020.\u00a0Anteriormente fue subjefe de la oficina de Washington del Boston Globe, donde cubri\u00f3 el Congreso, las campa\u00f1as presidenciales de 2012 y 2016, y el mandato de John Kerry como secretario de Estado.<\/span><\/span><\/div>\n<\/div>\n<\/div>\n<div class=\"article-body grid-center grid-body\" data-qa=\"article-body\">\n<p class=\"font-copy font--article-body gray-darkest ma-0 pb-md\" style=\"text-align: center;\" data-qa=\"drop-cap-letter\" data-el=\"text\"><span style=\"font-size: 14pt;\">Josh Dawsey, Alice Crites, Devlin Barrett y Roland Matifas contribuyeron a este despacho.<\/span><\/p>\n<\/div>\n<div class=\"grid-center grid-body\">\n<div id=\"link-box\" class=\"mb-lg-mod hide-for-print\">\n<div class=\"linkbox-content\" data-qa=\"content\">\u00a0<\/div>\n<\/div>\n<\/div>\n<\/blockquote>\n<p><img loading=\"lazy\" decoding=\"async\" class=\"aligncenter wp-image-1372452\" src=\"https:\/\/puntocritico.com\/ausajpuntocritico\/wp-content\/uploads\/2020\/11\/BIDEN-3.jpg\" alt=\"\" width=\"360\" height=\"360\" data-id=\"1372452\" srcset=\"https:\/\/puntocritico.com\/ausajpuntocritico\/wp-content\/uploads\/2020\/11\/BIDEN-3.jpg 768w, https:\/\/puntocritico.com\/ausajpuntocritico\/wp-content\/uploads\/2020\/11\/BIDEN-3-300x300.jpg 300w, https:\/\/puntocritico.com\/ausajpuntocritico\/wp-content\/uploads\/2020\/11\/BIDEN-3-150x150.jpg 150w, https:\/\/puntocritico.com\/ausajpuntocritico\/wp-content\/uploads\/2020\/11\/BIDEN-3-610x610.jpg 610w\" sizes=\"auto, (max-width: 360px) 100vw, 360px\" \/><\/p>\n<p style=\"text-align: center;\"><span style=\"font-size: 18pt;\"><strong><span style=\"color: #008000;\">*******<\/span><\/strong><\/span><\/p>\n<div class=\"container-header\" style=\"text-align: justify;\">\n<header class=\"entry-header\"><span class=\"entry-subtitle\" style=\"font-size: 14pt; color: #008000;\">LA ENTIDAD HA TRABAJADO EN UCRANIA<\/span><\/header>\n<\/div>\n<div id=\"begin_article\">\n<h2 class=\"cabecera-articulo\" style=\"text-align: center;\"><span style=\"font-size: 24pt;\">Los correos que prueban la participaci\u00f3n de Hunter Biden en la financiaci\u00f3n de una empresa especializada en investigar pat\u00f3genos peligrosos<\/span><\/h2>\n<\/div>\n<p style=\"text-align: justify;\"><span style=\"font-size: 14pt;\"><a href=\"https:\/\/gaceta.es\/actualidad\/los-correos-que-prueban-la-participacion-de-hunter-biden-en-la-financiacion-de-una-empresa-especializada-en-investigar-patogenos-peligrosos-20220328-1413\/\" target=\"_blank\" rel=\"noopener\">La Gaceta<\/a>, 28 MARZO 2022<\/span><\/p>\n<p style=\"text-align: justify;\"><span style=\"font-size: 14pt;\">Por Carlos Esteban<\/span><\/p>\n<figure id=\"attachment_2245299\" aria-describedby=\"caption-attachment-2245299\" style=\"width: 678px\" class=\"wp-caption aligncenter\"><img loading=\"lazy\" decoding=\"async\" class=\"wp-image-2245299 size-mh-magazine-content\" src=\"https:\/\/puntocritico.com\/ausajpuntocritico\/wp-content\/uploads\/2022\/04\/Joe-Biden-y-su-hijo-678x381.jpg\" alt=\"\" width=\"678\" height=\"381\" data-id=\"2245299\" srcset=\"https:\/\/puntocritico.com\/ausajpuntocritico\/wp-content\/uploads\/2022\/04\/Joe-Biden-y-su-hijo-678x381.jpg 678w, https:\/\/puntocritico.com\/ausajpuntocritico\/wp-content\/uploads\/2022\/04\/Joe-Biden-y-su-hijo-300x169.jpg 300w, https:\/\/puntocritico.com\/ausajpuntocritico\/wp-content\/uploads\/2022\/04\/Joe-Biden-y-su-hijo-1024x576.jpg 1024w, https:\/\/puntocritico.com\/ausajpuntocritico\/wp-content\/uploads\/2022\/04\/Joe-Biden-y-su-hijo-768x432.jpg 768w, https:\/\/puntocritico.com\/ausajpuntocritico\/wp-content\/uploads\/2022\/04\/Joe-Biden-y-su-hijo-610x343.jpg 610w, https:\/\/puntocritico.com\/ausajpuntocritico\/wp-content\/uploads\/2022\/04\/Joe-Biden-y-su-hijo.jpg 1200w\" sizes=\"auto, (max-width: 678px) 100vw, 678px\" \/><figcaption id=\"caption-attachment-2245299\" class=\"wp-caption-text\"><span style=\"color: #008000;\">El presidente de EEUU, Joe Biden, y su hijo Hunter. Fotograf\u00eda de archivo. Reuters<\/span><\/figcaption><\/figure>\n<div data-qa=\"timestamp\">\n<div class=\"mceTemp\">\u00a0<\/div>\n<\/div>\n<p style=\"text-align: justify;\"><span style=\"font-size: 14pt;\">Que los rusos denunciaran la existencia de laboratorios de investigaci\u00f3n virol\u00f3gica norteamericanos, con vistas a la\u00a0<strong>guerra bacteriol\u00f3gica<\/strong>, en Ucrania puede descartarse f\u00e1cilmente como un intento m\u00e1s de justificar una invasi\u00f3n injustificable, como tambi\u00e9n era de caj\u00f3n que Washington lo negara calific\u00e1ndolo de burda desinformaci\u00f3n b\u00e9lica de Mosc\u00fa. <strong>Y aqu\u00ed entra el infame port\u00e1til del v\u00e1stago de los Biden, Hunter, y sus oscuros negocios en Ucrania<\/strong>.<\/span><\/p>\n<p style=\"text-align: justify;\"><span style=\"font-size: 14pt;\">Todos recordamos el asunto del port\u00e1til de Hunter, la revelaci\u00f3n bomba que\u00a0<strong>pudo haber cambiado el voto de millones de norteamericanos<\/strong>\u00a0si no se hubieran empleado a fondo las terminales medi\u00e1ticas del r\u00e9gimen para negar su veracidad, achacando toda la historia a la ya cansina \u00ab<em>desinformaci\u00f3n rusa<\/em>\u00bb.<\/span><\/p>\n<p style=\"text-align: justify;\"><span style=\"font-size: 14pt;\">Pero, <strong>pasadas ya las elecciones y conseguido el objetivo de llevar a Biden a la Casa Blanca, los medios y las agencias federales han empezado a reconocer que s\u00ed, que el port\u00e1til es aut\u00e9ntico<\/strong>, aunque todav\u00eda se conoce solo una porci\u00f3n m\u00ednima de su contenido. Aunque suficiente, en tiempos mejores, de derribar m\u00e1s de una administraci\u00f3n.<\/span><\/p>\n<p style=\"text-align: justify;\"><span style=\"font-size: 14pt;\">Ya es mala suerte que Hunter, sin experiencia ni conocimientos especiales, estuviera en el Consejo de Administraci\u00f3n de la mayor gas\u00edstica,\u00a0<a href=\"https:\/\/gaceta.es\/actualidad\/funcionarios-que-testificaron-contra-trump-en-el-juicio-por-impeachment-conocian-la-corrupcion-ucraniana-de-los-biden-20220204-0103\/\" target=\"_blank\" rel=\"noopener\" data-schema-attribute=\"\">Burisma<\/a>, del mismo pa\u00eds que ha sido invadido por Rusia. Pero es que\u00a0<strong>los contactos de Hunter<\/strong>\u00a0<em>(y, con toda probabilidad, de su padre<\/em>) con el pa\u00eds que revelan sus correos van m\u00e1s all\u00e1 de la mera corrupci\u00f3n a partir de una empresa energ\u00e9tica. Y tocan precisamente el delicado asunto de los\u00a0<strong>presuntos laboratorios denunciados por Mosc\u00fa.<\/strong><\/span><\/p>\n<p style=\"text-align: justify;\"><span style=\"font-size: 14pt;\">Pero nuevos correos examinados en el\u00a0<a href=\"https:\/\/gaceta.es\/actualidad\/el-portatil-de-hunter-confirma-que-biden-era-beneficiario-directo-de-sus-oscuros-y-lucrativos-negocios-20210715-0630\/\" target=\"_blank\" rel=\"noopener\" data-schema-attribute=\"\">port\u00e1til de Hunter<\/a>\u00a0prueban que el v\u00e1stago del presidente ayud\u00f3 a asegurar millones de d\u00f3lares en fondos para <strong>Metabiota<\/strong>, un <strong>contratista del Departamento de Defensa que se especializa en la investigaci\u00f3n de enfermedades causantes de pandemias<\/strong> y que podr\u00edan usarse como\u00a0<strong>armas biol\u00f3gicas.<\/strong>\u00a0Y despu\u00e9s de dos a\u00f1os de pesadilla con una <strong>pandemia<\/strong> provocada por un pat\u00f3geno que, con toda probabilidad, sali\u00f3 de un <strong>laboratorio de Wuhan<\/strong> parcialmente <strong>financiado por fondos norteamericanos<\/strong>, la sensibilidad con este asunto est\u00e1 en m\u00e1ximos hist\u00f3ricos.<\/span><\/p>\n<p style=\"text-align: justify;\"><span style=\"font-size: 14pt;\">Revela el diario brit\u00e1nico <strong>Daily Mail<\/strong> que <strong>Hunter present\u00f3 Metabiota a Burisma<\/strong> para un \u00ab<em>proyecto cient\u00edfico<\/em>\u00bb que<strong> implicaba laboratorios de alto nivel de bioseguridad en Ucrania<\/strong>. Y aunque <strong>Metabiota<\/strong> se vende sencillamente como\u00a0<strong>una empresa de datos biom\u00e9dicos<\/strong>, su vicepresidente envi\u00f3 un correo electr\u00f3nico a Hunter en 2014 contando c\u00f3mo su firma podr\u00eda \u00ab<em>afirmar la independencia cultural y econ\u00f3mica de Ucrania frente a Rusia<\/em>\u00bb, algo que no parece la meta de una empresa corriente de biotecnolog\u00eda.<\/span><\/p>\n<p style=\"text-align: justify;\"><span style=\"font-size: 14pt;\">Los correos electr\u00f3nicos y los datos del <strong>contrato de Defensa<\/strong> revisados por el Daily Mail sugieren que <strong>Hunter<\/strong> tuvo un papel destacado en asegurarse de que <strong>Metabiota<\/strong> pudiera realizar su <strong>investigaci\u00f3n de pat\u00f3genos a solo unos cientos de millas de la frontera con Rusia<\/strong>.<\/span><\/p>\n<p style=\"text-align: justify;\"><span style=\"font-size: 14pt;\"><strong>Metabiota<\/strong> ha trabajado en <strong>Ucrania<\/strong> para\u00a0<strong>Black &amp; Veatch<\/strong>, un <strong>contratista de Defensa estadounidense con estrechos v\u00ednculos con las agencias de Inteligencia militar<\/strong>, que c<strong>onstruy\u00f3 laboratorios seguros en Ucrania que analizaban enfermedades mortales y armas biol\u00f3gicas<\/strong>. A principios de este mes, los funcionarios estadounidenses advirtieron al Congreso que \u00ab<em>las fuerzas rusas pueden estar tratando de hacerse con el control\u00bb de estas \u00abinstalaciones de investigaci\u00f3n biol\u00f3gica<\/em>\u00bb, lo que gener\u00f3 temores de que pat\u00f3genos mortales e incluso manipulados pudieran caer en manos rusas.<\/span><\/p>\n<p style=\"text-align: justify;\"><span style=\"font-size: 14pt;\">El hijo del presidente y sus colegas invirtieron <strong>500.000 d\u00f3lares<\/strong> en <strong>Metabiota<\/strong> a trav\u00e9s de su firma <strong>Rosemont Seneca Technology Partners<\/strong>.<\/span><\/p>\n<p style=\"text-align: justify;\">\u00a0<\/p>\n<div class=\"after-post-sidebar\">\n<section id=\"custom_html-17\" class=\"widget_text widget widget_custom_html\">\n<div class=\"ml-form-embed\" style=\"text-align: justify;\" data-account=\"2996776:h5o7j4k9u5\" data-form=\"3842212:g8a7z6\"><img loading=\"lazy\" decoding=\"async\" class=\"aligncenter wp-image-2201765\" src=\"https:\/\/puntocritico.com\/ausajpuntocritico\/wp-content\/uploads\/2021\/04\/Estatua-de-la-Libertad-con-la-boca-tapada-por-el-COVID.jpg\" alt=\"\" width=\"440\" height=\"292\" data-id=\"2201765\" srcset=\"https:\/\/puntocritico.com\/ausajpuntocritico\/wp-content\/uploads\/2021\/04\/Estatua-de-la-Libertad-con-la-boca-tapada-por-el-COVID.jpg 680w, https:\/\/puntocritico.com\/ausajpuntocritico\/wp-content\/uploads\/2021\/04\/Estatua-de-la-Libertad-con-la-boca-tapada-por-el-COVID-300x199.jpg 300w, https:\/\/puntocritico.com\/ausajpuntocritico\/wp-content\/uploads\/2021\/04\/Estatua-de-la-Libertad-con-la-boca-tapada-por-el-COVID-610x405.jpg 610w, https:\/\/puntocritico.com\/ausajpuntocritico\/wp-content\/uploads\/2021\/04\/Estatua-de-la-Libertad-con-la-boca-tapada-por-el-COVID-678x452.jpg 678w\" sizes=\"auto, (max-width: 440px) 100vw, 440px\" \/><\/div>\n<\/section>\n<\/div>\n<p style=\"text-align: center;\"><span style=\"color: #008000;\"><strong><span style=\"font-size: 18pt;\">*******<\/span><\/strong><\/span><\/p>\n<p class=\"new_pretitle\" style=\"text-align: justify;\"><span style=\"font-size: 14pt; color: #008000;\">EL HIJO DEL PRESIDENTE DE EEUU ESTUVO INVOLUCRADO EN LA FINANCIACI\u00d3N DE PROGRAMAS BIOL\u00d3GICOS EN TERRITORIO UCRANIANO<\/span><\/p>\n<h2 class=\"new_title\" style=\"text-align: center;\"><span style=\"font-size: 24pt;\">UN \u00abDISCO DURO\u00bb PONE AL DESCUBIERTO LOS SUCULENTOS NEGOCIOS UCRANIANOS DE BIDEN Y SU HIJO<\/span><\/h2>\n<p class=\"new_subtitle\" style=\"text-align: center;\"><span style=\"font-size: 18pt;\"><strong><em>\u00bf Cu\u00e1l es la raz\u00f3n por la que los medios espa\u00f1oles han silenciado el esc\u00e1ndalo, cuando en los Estados Unidos ocupa las primeras planas de todos los medios de comunicaci\u00f3n?<\/em><\/strong><\/span><\/p>\n<blockquote>\n<p class=\"new_entry \" style=\"text-align: center;\"><strong><span style=\"font-size: 14pt;\">Asegura nuestro colaborador Manuel Medina en este art\u00edculo, que los principales diarios y cadenas televisivas estadounidenses, han terminado aceptando que los m\u00e1s de 20.000 e-mails que conten\u00eda el port\u00e1til de Hunter Biden, el hijo del mandatario estadounidense, son aut\u00e9nticos. Pero lo realmente escandaloso y sugerente del descubrimiento es que este no s\u00f3lo compromete a Hunter sino tambi\u00e9n a su padre, que particip\u00f3 en las reuniones de la compa\u00f1\u00eda de gas ucraniana \u00abBurisma\u00bb en Kiev y en Washington. El hallazgo electr\u00f3nico ven\u00eda acompa\u00f1ado, adem\u00e1s por abundantes testimonios relacionados con delitos de evasi\u00f3n fiscal, regalos multimillonarios, con org\u00edas de sexo y crack, sobornos, de los que se ofrecen aqu\u00ed algunos testimonios.<\/span><\/strong><\/p>\n<\/blockquote>\n<div class=\"new_text \" style=\"text-align: justify;\"><span style=\"font-size: 14pt;\">Por Manuel Medina<\/span><\/div>\n<div style=\"text-align: justify;\"><span style=\"font-size: 14pt;\"><a href=\"https:\/\/canarias-semanal.org\/art\/32437\/un-disco-duro-pone-al-decubierto-los-suculentos-negocios-ucranianos-de-biden-y-su-hijo\" target=\"_blank\" rel=\"noopener\">Canarias-Semanal<\/a>, 31 MARZO 2022<\/span><\/div>\n<p><img loading=\"lazy\" decoding=\"async\" class=\"aligncenter size-full wp-image-2245527\" src=\"https:\/\/puntocritico.com\/ausajpuntocritico\/wp-content\/uploads\/2022\/04\/6876_guerra-biden.jpg\" alt=\"\" width=\"670\" height=\"291\" data-id=\"2245527\" srcset=\"https:\/\/puntocritico.com\/ausajpuntocritico\/wp-content\/uploads\/2022\/04\/6876_guerra-biden.jpg 670w, https:\/\/puntocritico.com\/ausajpuntocritico\/wp-content\/uploads\/2022\/04\/6876_guerra-biden-300x130.jpg 300w, https:\/\/puntocritico.com\/ausajpuntocritico\/wp-content\/uploads\/2022\/04\/6876_guerra-biden-610x265.jpg 610w\" sizes=\"auto, (max-width: 670px) 100vw, 670px\" \/><\/p>\n<p>&nbsp;<\/p>\n<p style=\"text-align: justify;\"><span style=\"font-size: 14pt;\">No deja de resultar extraordinariamente llamativa<strong>\u00a0la sordina<\/strong>\u00a0 que la inmensa mayor\u00eda de los medios de comunicaci\u00f3n espa\u00f1oles le ha aplicado a un esc\u00e1ndalo que, en cambio, est\u00e1 ocupando las primera planas de los principales peri\u00f3dicos y cadenas televisivas estadounidenses.<strong>\u00a0Un\u00a0\u00a0<em>\u00abdiscreto\u00bb<\/em>\u00a0silencio que de ninguna manera puede ser interpretado como resultado de un\u00a0<em>\u00abdescuido\u00bb<\/em>\u00a0o de una\u00a0<em>\u00abmera casualidad\u00bb<\/em>.<\/strong><\/span><\/p>\n<p style=\"text-align: justify;\"><span style=\"font-size: 14pt;\">El esc\u00e1ndalo que nos han estado ocultando la mayor\u00eda de los medios espa\u00f1oles vincula al\u00a0<strong>hijo de Biden\u00a0<\/strong>con los turbios negocios que este\u00a0 &#8211;<strong>y tambi\u00e9n su padre<\/strong>&#8211;\u00a0 han desarrollado\u00a0en<strong>\u00a0Ucrania,<\/strong>\u00a0en los que se combinan la<strong>\u00a0evasi\u00f3n fiscal, los regalos multimillonarios\u00a0<\/strong>con la venta de productos pat\u00f3genos y\u00a0las\u00a0<strong>org\u00edas de sexo y crack<\/strong>,<strong>\u00a0sobornos&#8230;<\/strong>\u00a0y que ha empezado a adquirir tales dimensiones que su difusi\u00f3n\u00a0 en\u00a0<strong>Espa\u00f1a\u00a0<\/strong>y en los pa\u00edses de la\u00a0<strong>U.E<\/strong>. podr\u00eda\u00a0<em><strong>desinflar<\/strong><\/em>\u00a0el\u00a0<strong><em>\u00abfervor guerrero\u00bb<\/em><\/strong>\u00a0que durante las \u00faltimas semanas -por cierto, sin mucho \u00e9xito seg\u00fan las encuestas-, se ha estado intentado insuflar por\u00a0<strong>tierra mar y aire<\/strong>\u00a0a los ciudadanos europeos para que acepten resignadamente\u00a0 ser los aut\u00e9nticos\u00a0<em>paganinis\u00a0\u00a0<\/em>de esta peculiar\u00a0<strong><em>\u00abguerra de Biden\u00bb.<\/em><\/strong><\/span><\/p>\n<p style=\"text-align: justify;\"><span style=\"font-size: 14pt;\">Y es que, en efecto, este mi\u00e9rcoles, el peri\u00f3dico estadounidense <strong>\u00abWashington Post\u00bb<\/strong>\u00a0se convirti\u00f3\u00a0 en el segundo gran medio de comunicaci\u00f3n norteamericano que ha terminado admitiendo que los<strong>\u00a0correos electr\u00f3nicos de la computadora port\u00e1til de Hunter Biden,<\/strong>\u00a0el hijo del actual presidente, que lo incriminan en turbios negocios en\u00a0<strong>Ucrania, son aut\u00e9nticos.<\/strong>\u00a0Esto sucede despu\u00e9s de que transcurrieran nueve meses\u00a0 desde que este mismo peri\u00f3dico los tuviera a su disposici\u00f3n, y un a\u00f1o y medio despu\u00e9s de que el\u00a0<strong>\u201cNew York Post\u201d<\/strong>\u00a0informara, por primera vez, sobre ellos.<\/span><\/p>\n<p style=\"text-align: justify;\">\u00a0<\/p>\n<p><img loading=\"lazy\" decoding=\"async\" class=\"aligncenter wp-image-2245533\" src=\"https:\/\/puntocritico.com\/ausajpuntocritico\/wp-content\/uploads\/2022\/04\/5985_hunter-01.jpg\" alt=\"\" width=\"480\" height=\"282\" data-id=\"2245533\" srcset=\"https:\/\/puntocritico.com\/ausajpuntocritico\/wp-content\/uploads\/2022\/04\/5985_hunter-01.jpg 670w, https:\/\/puntocritico.com\/ausajpuntocritico\/wp-content\/uploads\/2022\/04\/5985_hunter-01-300x176.jpg 300w, https:\/\/puntocritico.com\/ausajpuntocritico\/wp-content\/uploads\/2022\/04\/5985_hunter-01-610x358.jpg 610w\" sizes=\"auto, (max-width: 480px) 100vw, 480px\" \/><\/p>\n<p>&nbsp;<\/p>\n<p style=\"text-align: justify;\"><span style=\"font-size: 14pt;\">El\u00a0<strong>\u00abWashington Post\u00bb<\/strong>\u00a0ha justificado ahora su retraso en reconocer la autenticidad de los e-mails alegando que dos expertos en Seguridad hab\u00edan usado\u00a0<strong>firmas criptogr\u00e1ficas de Google<\/strong>\u00a0y otras compa\u00f1\u00edas de tecnolog\u00eda, para validar los casi\u00a0<strong>22.000 correos electr\u00f3nicos<\/strong>\u00a0que abarcan el periodo entre\u00a0<strong>2009 y 2019.\u00a0<\/strong>\u00a0Entre ellos, est\u00e1n incluidos\u00a0 los mensajes relacionados con los\u00a0<strong>controvertidos negocios en Ucrania del hijo del actual mandatario estadounidense.<\/strong><\/span><\/p>\n<p style=\"text-align: justify;\"><span style=\"font-size: 14pt;\">En esos correos electr\u00f3nicos \u00a0se ha podido encontrar, entre otros, un<strong>\u00a0acuerdo concertado entre el hijo del presidente Biden\u00a0<\/strong>y la\u00a0<strong>empresa energ\u00e9tica ucraniana<\/strong>\u00a0<strong>\u00abBurisma Holdings\u00bb<\/strong>, de la cual\u00a0<strong>Hunter Biden<\/strong>\u00a0hab\u00eda estado recibiendo la friolera de<strong>\u00a01.000.000 d\u00f3lares anuales.<\/strong><\/span><\/p>\n<div id=\"bodynewadvertblock\" class=\"bodynew_advert_block\" style=\"text-align: justify;\">\u00a0<\/div>\n<p style=\"text-align: justify;\"><span style=\"font-size: 14pt;\">En octubre de 2020, el peri\u00f3dico\u00a0<strong>\u00a0\u00abNew York Post\u00bb<\/strong>\u00a0 hab\u00eda revelado en\u00a0 exclusiva la existencia de los correos electr\u00f3nicos de\u00a0<strong>Hunter Biden,\u00a0<\/strong>despu\u00e9s de\u00a0 haber recibido una copia del disco duro de una computadora port\u00e1til averiada,\u00a0 que el hijo de\u00a0<strong>Biden\u00a0<\/strong>hab\u00eda dejado en un taller de reparaci\u00f3n y no se hab\u00eda preocupado\u00a0 en recuperar.<\/span><\/p>\n<p>&nbsp;<\/p>\n<figure id=\"attachment_2245532\" aria-describedby=\"caption-attachment-2245532\" style=\"width: 555px\" class=\"wp-caption aligncenter\"><img loading=\"lazy\" decoding=\"async\" class=\"wp-image-2245532\" src=\"https:\/\/puntocritico.com\/ausajpuntocritico\/wp-content\/uploads\/2022\/04\/6225_hunter-1.jpg\" alt=\"\" width=\"555\" height=\"381\" data-id=\"2245532\" srcset=\"https:\/\/puntocritico.com\/ausajpuntocritico\/wp-content\/uploads\/2022\/04\/6225_hunter-1.jpg 670w, https:\/\/puntocritico.com\/ausajpuntocritico\/wp-content\/uploads\/2022\/04\/6225_hunter-1-300x206.jpg 300w, https:\/\/puntocritico.com\/ausajpuntocritico\/wp-content\/uploads\/2022\/04\/6225_hunter-1-610x419.jpg 610w\" sizes=\"auto, (max-width: 555px) 100vw, 555px\" \/><figcaption id=\"caption-attachment-2245532\" class=\"wp-caption-text\"><span style=\"color: #008000;\">EL \u00abINSACIABLE\u00bb HUNTER BIDEN<\/span><\/figcaption><\/figure>\n<p>&nbsp;<\/p>\n<p style=\"text-align: justify;\"><span style=\"font-size: 14pt;\">En aquellos momentos ese peri\u00f3dico<strong>\u00a0<\/strong>\u00a0fue denostado por el resto de los grandes medios de comunicaci\u00f3n norteamericanos,\u00a0 afines al\u00a0<strong>Partido Dem\u00f3crata,<\/strong>\u00a0argumentando que \u00a0\u00a0los correos electr\u00f3nicos del hijo\u00a0<strong>Biden<\/strong>\u00a0no se hab\u00edan podido verificar, y que tem\u00edan que detr\u00e1s de estas acusaciones existiese \u00a0<strong><em>una \u00abcampa\u00f1a rusa\u00bb de desinformaci\u00f3n.<\/em><\/strong><\/span><\/p>\n<p style=\"text-align: justify;\"><span style=\"font-size: 14pt;\">E<strong>l\u00a0<\/strong>propio<strong>\u00a0Washington Post\u201d<\/strong>\u00a0sostuvo, en numerosos art\u00edculos de opini\u00f3n, que aquellos correos\u00a0<strong><em>\u00abnunca hab\u00edan sido autentificados\u00bb,\u00a0<\/em><\/strong>\u00a0acusando al\u00a0\u00a0<strong>\u00abNew York Post\u00bb<\/strong>\u00a0de haber presentado una investigaci\u00f3n<strong><em>\u00a0\u00abincompleta\u00bb\u00a0<\/em><\/strong>sobre el caso. Parec\u00eda estar claro\u00a0que los medios\u00a0<strong>\u00abpro Partido Democrata\u00bb\u00a0<\/strong>intentaban evitar que la\u00a0<strong>carrera electoral<\/strong>\u00a0de\u00a0<strong>Joe Biden<\/strong>\u00a0hacia la presidencia \u00a0se pudiera ver empa\u00f1ada.<\/span><\/p>\n<p style=\"text-align: justify;\"><span style=\"font-size: 14pt;\">Por fin, este mi\u00e9rcoles, el\u00a0<strong>\u00abWashington Post\u00bb<\/strong>\u00a0se ha visto\u00a0 obligado a declarar que el pasado mes de junio hab\u00eda recibido una copia del disco duro, de la que realiz\u00f3 otras dos copias, entregando una de ellas al investigador de seguridad de la\u00a0<strong>Universidad Johns Hopkins<\/strong>, y otra a un experto de la\u00a0<strong>Agencia de Seguridad Nacional,<\/strong>\u00a0con objeto de que procedieran a su an\u00e1lisis.<\/span><\/p>\n<p style=\"text-align: justify;\"><span style=\"font-size: 14pt;\">Finalmente, ambos expertos han concluido que los correos electr\u00f3nicos verificados ten\u00edan\u00a0<strong>firmas criptogr\u00e1ficas que eran muy dif\u00edciles de falsificar<\/strong>, incluso para\u00a0<strong>los mejores piratas inform\u00e1ticos<\/strong>\u2026 y que, por lo tanto, tales correos eran aut\u00e9nticos.<\/span><\/p>\n<p style=\"text-align: justify;\">\u00a0<\/p>\n<figure id=\"attachment_2245531\" aria-describedby=\"caption-attachment-2245531\" style=\"width: 480px\" class=\"wp-caption aligncenter\"><img loading=\"lazy\" decoding=\"async\" class=\"wp-image-2245531\" src=\"https:\/\/puntocritico.com\/ausajpuntocritico\/wp-content\/uploads\/2022\/04\/6321_hunter-2-fase-alucinbatori.jpg\" alt=\"\" width=\"480\" height=\"392\" data-id=\"2245531\" srcset=\"https:\/\/puntocritico.com\/ausajpuntocritico\/wp-content\/uploads\/2022\/04\/6321_hunter-2-fase-alucinbatori.jpg 670w, https:\/\/puntocritico.com\/ausajpuntocritico\/wp-content\/uploads\/2022\/04\/6321_hunter-2-fase-alucinbatori-300x245.jpg 300w, https:\/\/puntocritico.com\/ausajpuntocritico\/wp-content\/uploads\/2022\/04\/6321_hunter-2-fase-alucinbatori-610x498.jpg 610w\" sizes=\"auto, (max-width: 480px) 100vw, 480px\" \/><figcaption id=\"caption-attachment-2245531\" class=\"wp-caption-text\"><span style=\"color: #008000;\">HUNTER COMPROBANDO LOS EFECTOS DEL VIAJE ALUCINATORIO<\/span><\/figcaption><\/figure>\n<p>&nbsp;<\/p>\n<p style=\"text-align: justify;\"><span style=\"font-size: 14pt;\">Por su parte, tambi\u00e9n el pro dem\u00f3crata\u00a0\u00a0<strong>\u00abNew York Times\u00bb\u00a0\u00a0<\/strong>hizo p\u00fablico hace unas semanas que hab\u00eda obtenido correos electr\u00f3nicos que\u00a0<em>parec\u00edan<\/em>\u00a0provenir de la computadora port\u00e1til de<strong>\u00a0Hunter Biden,<\/strong>\u00a0 reconociendo, igualmente, que estos hab\u00edan sido autentificados por expertos.<\/span><\/p>\n<p style=\"text-align: justify;\"><span style=\"font-size: 14pt;\">El material obtenido del port\u00e1til del hijo de\u00a0<strong>Biden<\/strong>\u00a0incluye, asimismo, un gran n\u00famero\u00a0<strong>de fotos y v\u00eddeos sexualmente expl\u00edcitos<\/strong>. Entre estos \u00faltimos, se encuentra\u00a0<strong>un v\u00eddeo de 12 minutos<\/strong>, en el que el hijo del actual presidente aparece\u00a0<strong>\u00a0fumando crack, mientras fornica apasionadamente con una mujer no identificada.<\/strong><\/span><\/p>\n<p>&nbsp;<\/p>\n<p><img loading=\"lazy\" decoding=\"async\" class=\"aligncenter wp-image-2245530\" src=\"https:\/\/puntocritico.com\/ausajpuntocritico\/wp-content\/uploads\/2022\/04\/5460_a0.jpg\" alt=\"\" width=\"550\" height=\"398\" data-id=\"2245530\" srcset=\"https:\/\/puntocritico.com\/ausajpuntocritico\/wp-content\/uploads\/2022\/04\/5460_a0.jpg 670w, https:\/\/puntocritico.com\/ausajpuntocritico\/wp-content\/uploads\/2022\/04\/5460_a0-300x217.jpg 300w, https:\/\/puntocritico.com\/ausajpuntocritico\/wp-content\/uploads\/2022\/04\/5460_a0-610x442.jpg 610w\" sizes=\"auto, (max-width: 550px) 100vw, 550px\" \/><\/p>\n<p>&nbsp;<\/p>\n<h3 style=\"text-align: justify;\"><strong>SOLO LA PUNTA DE UN ICEBERG<\/strong><\/h3>\n<p style=\"text-align: justify;\"><span style=\"font-size: 14pt;\">En cualquier caso, lo esencial\u00a0 del \u00ab<em>affaire\u00a0<\/em><strong><em>Hunter Biden<\/em>\u00bb\u00a0<\/strong>no\u00a0 consiste en que\u00a0 el reto\u00f1o de\u00a0<strong>\u00a0Biden<\/strong>\u00a0 haya grabado\u00a0<strong>sus org\u00edas de sexo y crack,<\/strong>\u00a0sino en las\u00a0<strong>relaciones que este y su padre mantuvieron\u00a0<\/strong>con una<strong>\u00a0important\u00edsima empresa ucraniana,<\/strong>\u00a0as\u00ed como de la presunta\u00a0<strong>venta de productos pat\u00f3genos<\/strong>\u00a0a\u00a0<strong>Ucrania<\/strong>\u00a0y\u00a0\u00a0<strong>delitos de evasi\u00f3n fiscal, tal y\u00a0 como\u00a0 est\u00e1n indicando las \u00faltimas pesquisas. \u00a0 \u00a0<\/strong><\/span><\/p>\n<p style=\"text-align: justify;\"><span style=\"font-size: 14pt;\">En efecto,\u00a0<strong>Hunter\u00a0<\/strong>no s\u00f3lo \u00a0fue\u00a0<strong>miembro de la Junta directiva<\/strong>\u00a0de la\u00a0<strong>compa\u00f1\u00eda gas ucraniana \u00abBurisma\u00bb,<\/strong>\u00a0mientras su padre desempe\u00f1ada la vicepresidencia\u00a0 de los<strong>\u00a0EE.UU.\u00a0<\/strong>con\u00a0<strong>Obama,<\/strong>\u00a0entre los a\u00f1os 2009 y 2017, sino que, adem\u00e1s, desempe\u00f1\u00f3\u00a0la funci\u00f3n de\u00a0<strong><em>\u201cenviado especial\u201d<\/em><\/strong>\u00a0para\u00a0 tratar el\u00a0<em>\u00a0<strong>golpe de Estado<\/strong><\/em>\u00a0 contra el mandatario ucraniano\u00a0<strong>V\u00edktor Yanuk\u00f3vich.<\/strong><\/span><\/p>\n<p style=\"text-align: justify;\"><span style=\"font-size: 14pt;\">Igualmente, los mensajes descodificados\u00a0 desenmascaran los planes de<strong>\u00a0Hunter Biden\u00a0<\/strong>en la\u00a0<strong>compa\u00f1\u00eda de gas \u00abBurisma\u00bb<\/strong>, as\u00ed como las reuniones\u00a0 celebradas \u00a0\u00a0por su propio padre \u00a0con ejecutivos de la compa\u00f1\u00eda\u00a0<strong>\u00abBurisma\u00bb<\/strong>, tanto en<strong>\u00a0Kiev\u00a0<\/strong>como en\u00a0\u00a0<strong>Washington.<\/strong><\/span><\/p>\n<p>&nbsp;<\/p>\n<figure id=\"attachment_2245529\" aria-describedby=\"caption-attachment-2245529\" style=\"width: 480px\" class=\"wp-caption aligncenter\"><img loading=\"lazy\" decoding=\"async\" class=\"wp-image-2245529\" src=\"https:\/\/puntocritico.com\/ausajpuntocritico\/wp-content\/uploads\/2022\/04\/6336_hunter-5.jpg\" alt=\"\" width=\"480\" height=\"259\" data-id=\"2245529\" srcset=\"https:\/\/puntocritico.com\/ausajpuntocritico\/wp-content\/uploads\/2022\/04\/6336_hunter-5.jpg 670w, https:\/\/puntocritico.com\/ausajpuntocritico\/wp-content\/uploads\/2022\/04\/6336_hunter-5-300x162.jpg 300w, https:\/\/puntocritico.com\/ausajpuntocritico\/wp-content\/uploads\/2022\/04\/6336_hunter-5-610x330.jpg 610w\" sizes=\"auto, (max-width: 480px) 100vw, 480px\" \/><figcaption id=\"caption-attachment-2245529\" class=\"wp-caption-text\"><span style=\"color: #008000;\">EN PLENA FAENA<\/span><\/figcaption><\/figure>\n<p>&nbsp;<\/p>\n<p style=\"text-align: justify;\"><span style=\"font-size: 14pt;\">Cuando en el a\u00f1o 2020 el\u00a0\u00a0<strong>\u00abNew York Post\u00bb<\/strong>\u00a0public\u00f3 los datos que conten\u00eda la computadora del\u00a0<strong>hijo de Biden<\/strong>, el peri\u00f3dico fue sometido por una gran parte de los medios de comunicaci\u00f3n estadounidenses, proclives a los dem\u00f3cratas, a\u00a0<strong>una inquisitorial campa\u00f1a de escarnio y descr\u00e9dito<\/strong>. La propia direcci\u00f3n del\u00a0<strong>Partido Dem\u00f3crata\u00a0<\/strong>se las agenci\u00f3 para difundir una carta firmada por ex funcionarios de la\u00a0<strong>Inteligencia\u00a0<\/strong>norteamericana, en la que estos atribu\u00edan el esc\u00e1ndalo\u00a0 a una \u00a0insidiosa\u00a0<strong>campa\u00f1a de\u00a0<em>\u201cdesinformaci\u00f3n\u201d<\/em>\u00a0<\/strong>que ten\u00eda, claro, su origen en<strong>\u00a0<\/strong>los consabidos<strong>\u00a0<em>\u00bb laboratorios rusos\u00bb.<\/em><\/strong><\/span><\/p>\n<p style=\"text-align: justify;\"><span style=\"font-size: 14pt;\">Con id\u00e9ntica matriz a la que se est\u00e1 utilizando actualmente con la informaci\u00f3n \u00a0proveniente de la<strong>\u00a0guerra de Ucrania<\/strong>\u00a0en los\u00a0<strong>Estados Unidos\u00a0<\/strong>y la\u00a0<strong>Uni\u00f3n Europea<\/strong>, la censura que se aplic\u00f3 entonces al<strong><em>\u00a0\u00abcaso Hunter Biden\u00bb<\/em><\/strong>\u00a0en las redes\u00a0 lleg\u00f3 a alcanzar tales dimensiones que<strong>\u00a0 Facebook y Twitter<\/strong>\u00a0 se concertaron para\u00a0<strong><em>\u00abcancelar\u00bb\u00a0<\/em><\/strong>\u00a0todas las informaciones\u00a0 que se\u00a0 refirieran a la<strong>\u00a0familia Biden,<\/strong>\u00a0argumentando\u00a0 que se estaban limitando a\u00a0 aplicar una\u00a0<strong><em>\u00abmedida habitual\u00bb\u00a0<\/em><\/strong>\u00a0\u00a0en los casos de\u00a0<em><strong>\u00abpropagaci\u00f3n de informaci\u00f3n falsa\u201d.<\/strong><\/em><\/span><\/p>\n<p>&nbsp;<\/p>\n<figure id=\"attachment_2245528\" aria-describedby=\"caption-attachment-2245528\" style=\"width: 555px\" class=\"wp-caption aligncenter\"><img loading=\"lazy\" decoding=\"async\" class=\"wp-image-2245528\" src=\"https:\/\/puntocritico.com\/ausajpuntocritico\/wp-content\/uploads\/2022\/04\/7970_obama.jpg\" alt=\"\" width=\"555\" height=\"364\" data-id=\"2245528\" srcset=\"https:\/\/puntocritico.com\/ausajpuntocritico\/wp-content\/uploads\/2022\/04\/7970_obama.jpg 670w, https:\/\/puntocritico.com\/ausajpuntocritico\/wp-content\/uploads\/2022\/04\/7970_obama-300x197.jpg 300w, https:\/\/puntocritico.com\/ausajpuntocritico\/wp-content\/uploads\/2022\/04\/7970_obama-610x401.jpg 610w\" sizes=\"auto, (max-width: 555px) 100vw, 555px\" \/><figcaption id=\"caption-attachment-2245528\" class=\"wp-caption-text\"><span style=\"color: #008000;\">\u00abUN BUEN CHICO\u00bb AMERICANO<\/span><\/figcaption><\/figure>\n<p>&nbsp;<\/p>\n<p style=\"text-align: justify;\"><span style=\"font-size: 14pt;\">De la relaci\u00f3n existente entre<strong>\u00a0Biden y Ucrania<\/strong>, -truculentamente denunciada en \u00a0su momento por el ex presidente\u00a0<strong>Donald Trump<\/strong>\u00a0-, s\u00f3lo estamos conociendo ahora la punta de un<strong>\u00a0iceberg.\u00a0<\/strong>Sumergidos bajo\u00a0 las turbias aguas que lo rodean no solo se encuentran los<strong>\u00a0negocios de la familia Biden<\/strong>\u00a0con la\u00a0<strong>corrupta<\/strong>\u00a0<strong>\u00e9lite ucraniana,<\/strong> sino posiblemente tambi\u00e9n las razones por las que, de forma sorprendente, ahora los grandes medios de comunicaci\u00f3n estadounidenses han decidido soltar amarras y abandonar a su suerte al hijo del primer mandatario.\u00a0<\/span><\/p>\n<p style=\"text-align: justify;\"><span style=\"font-size: 14pt;\">En relaci\u00f3n con el escandaloso <strong>\u00abaffaire Hunter Biden\u00bb,<\/strong>\u00a0este\u00a0 mismo jueves los representantes republicanos\u00a0 en la C\u00e1mara enviaron<strong>\u00a0cartas\u00a0 a la Casa Blanca<\/strong>\u00a0y a los\u00a0<strong>Archivos Nacionales<\/strong>, en las que exigen que sean entregados los\u00a0 registros de\u00a0<strong>cualquier\u00a0 tipo de comunicaci\u00f3n que tuviera lugar entre Hunter Biden y la Casa Blanca\u00a0<\/strong>durante los dos<strong>\u00a0mandatos de la Administraci\u00f3n Obama<\/strong>, cuando\u00a0<strong>Joe\u00a0 Biden<\/strong>\u00a0era vicepresidente.<\/span><\/p>\n<p style=\"text-align: justify;\">\u00a0\u00a0\u00a0<span style=\"font-size: 14pt;\"> En su demanda, los republicanos enfatizaron que:<\/span><\/p>\n<blockquote>\n<p style=\"text-align: justify;\"><span style=\"font-size: 14pt;\"><em>\u201csi el\u00a0<strong>gobierno ruso<\/strong>\u00a0est\u00e1 intentando influir en la pol\u00edtica estadounidense en\u00a0<strong>Ucrania<\/strong>\u00a0explotando la c<strong>onexi\u00f3n escandalosa de Hunter Biden con su padre<\/strong>, el presidente de los\u00a0<strong>Estados Unidos<\/strong>, el pueblo estadounidense debe conocerlo\u201d.<\/em><\/span><\/p>\n<\/blockquote>\n<p style=\"text-align: justify;\"><span style=\"font-size: 14pt;\">Como el lector habr\u00e1 podido constatar a lo largo de estas notas, tal y como sucediera durante la llamada\u00a0<strong>Guerra Fr\u00eda<\/strong>, los pol\u00edticos norteamericanos, ya sean dem\u00f3cratas o republicanos, siempre acabar\u00e1n encontrando a un<em>\u00a0<strong>ruso malvado<\/strong><\/em>\u00a0bajo el colch\u00f3n de su cama.<\/span><\/p>\n<p>&nbsp;<\/p>\n<p><img loading=\"lazy\" decoding=\"async\" class=\"aligncenter wp-image-2211710\" src=\"https:\/\/puntocritico.com\/ausajpuntocritico\/wp-content\/uploads\/2021\/05\/COVID-muertes-Brasil-PPAL.jpg\" alt=\"\" width=\"555\" height=\"369\" data-id=\"2211710\" srcset=\"https:\/\/puntocritico.com\/ausajpuntocritico\/wp-content\/uploads\/2021\/05\/COVID-muertes-Brasil-PPAL.jpg 680w, https:\/\/puntocritico.com\/ausajpuntocritico\/wp-content\/uploads\/2021\/05\/COVID-muertes-Brasil-PPAL-300x199.jpg 300w, https:\/\/puntocritico.com\/ausajpuntocritico\/wp-content\/uploads\/2021\/05\/COVID-muertes-Brasil-PPAL-610x405.jpg 610w, https:\/\/puntocritico.com\/ausajpuntocritico\/wp-content\/uploads\/2021\/05\/COVID-muertes-Brasil-PPAL-678x452.jpg 678w\" sizes=\"auto, (max-width: 555px) 100vw, 555px\" \/><\/p>\n<p style=\"text-align: center;\"><span style=\"color: #008000;\"><strong><span style=\"font-size: 18pt;\">*******<\/span><\/strong><\/span><\/p>\n<p style=\"text-align: justify;\"><span style=\"font-size: 14pt; color: #008000;\">LA CENSURA SOBRE LAS CAUSAS DE LA GUERRA<\/span><\/p>\n<h2 class=\"new_title\" style=\"text-align: center;\">RT: EL MINISTERIO DE DEFENSA RUSO APORTA LAS PRUEBAS DE LA COMPLICIDAD DEL HIJO DE BIDEN CON LA FINANCIACI\u00d3N DE PROGRAMAS BIOL\u00d3GICOS EN UCRANIA<\/h2>\n<p class=\"new_subtitle\" style=\"text-align: center;\"><em><strong><span style=\"font-size: 14pt;\">Hunter Biden, hijo del presidente de EE.UU., estuvo involucrado en la \u00abfinanciaci\u00f3n de programas biol\u00f3gicos en el territorio ucraniano\u00bb<\/span><\/strong><\/em><\/p>\n<blockquote>\n<p class=\"new_entry \" style=\"text-align: center;\"><strong><em><span style=\"font-size: 14pt;\">Seg\u00fan comunica la plataforma \u00abRussia Today \u00bb el ministerio de defensa de Rusia ha informado que la operaci\u00f3n militar en Ucrania \u00bb ha permitido desmantelar cinco laboratorios biol\u00f3gicos que participaban en proyectos encargados directamente por el Pent\u00e1gono, y cuyos objetivos en el territorio ucraniano han estado \u00ablejos de ser cient\u00edficos\u00bb, As\u00ed como que Hunter Biden, empresario e hijo del presidente de EE.UU., estuvo involucrado en la \u00abfinanciaci\u00f3n de programas biol\u00f3gicos en el territorio ucraniano\u00bb<\/span><\/em><\/strong><\/p>\n<\/blockquote>\n<div class=\"new_text \">\n<div class=\"ArticleView-title\"><a style=\"font-size: 14pt; text-align: justify;\" href=\"https:\/\/canarias-semanal.org\/art\/32441\/rt-el-ministerio-de-defensa-ruso-aporta-las-pruebas-de-la-complicidad-del-hijo-de-biden-con-la-financiacion-de-programas-biologicos-en-ucrania\" target=\"_blank\" rel=\"noopener\">Canarias-Semanal<\/a><span style=\"font-size: 14pt; text-align: justify;\">, 1 ABRIL 2022<\/span><\/div>\n<div>\u00a0<\/div>\n<div><img loading=\"lazy\" decoding=\"async\" class=\"aligncenter size-full wp-image-2245537\" src=\"https:\/\/puntocritico.com\/ausajpuntocritico\/wp-content\/uploads\/2022\/04\/6294_ultima-hora.jpg\" alt=\"\" width=\"670\" height=\"206\" data-id=\"2245537\" srcset=\"https:\/\/puntocritico.com\/ausajpuntocritico\/wp-content\/uploads\/2022\/04\/6294_ultima-hora.jpg 670w, https:\/\/puntocritico.com\/ausajpuntocritico\/wp-content\/uploads\/2022\/04\/6294_ultima-hora-300x92.jpg 300w, https:\/\/puntocritico.com\/ausajpuntocritico\/wp-content\/uploads\/2022\/04\/6294_ultima-hora-610x188.jpg 610w\" sizes=\"auto, (max-width: 670px) 100vw, 670px\" \/><\/div>\n<\/div>\n<p>&nbsp;<\/p>\n<div class=\"ArticleView-title\">\n<p class=\"HeadLine-root HeadLine-type_2\" style=\"text-align: justify;\"><span style=\"font-size: 14pt;\"><strong><em>El portal\u00a0\u00a0\u00abRUSSIA TODAY\u00bb\u00a0expresamente \u00abcancelado\u00bb desde hace unas semanas por todas las grandes compa\u00f1\u00edas intern\u00e1uticas estadounidenses -Google, Youtube, Twiter y Facebook-\u00a0 facilit\u00f3 este jueves, 31 de marzo, la informaci\u00f3n que\u00a0 reproducimos textualmente:<\/em><\/strong><\/span><\/p>\n<\/div>\n<div class=\"ArticleView-timestamp-and-authors\">\n<div class=\"ArticleView-timestamp\" style=\"text-align: justify;\"><span style=\"font-size: 14pt;\">Publicado: 31 mar 2022 23:48 GMT<\/span><\/div>\n<\/div>\n<div class=\"ArticleView-shares\" style=\"text-align: justify;\">\n<div class=\"ShareBlock-isReact\">\n<div class=\"ShareBlock-root\">\n<div>\u00a0<\/div>\n<div class=\"ShareBlock-item ShareBlock-twitter ShareBlock-listItem\"><span style=\"font-size: 14pt;\">La operaci\u00f3n militar rusa en Ucrania <strong><em>ha permitido desmantelar cinco laboratorios biol\u00f3gicos que participaban en proyectos encargados directamente por el Pent\u00e1gono, y cuyos objetivos en el territorio ucraniano han estado \u00ablejos de ser cient\u00edficos\u00bb,\u00a0<\/em><\/strong>inform\u00f3 adem\u00e1s el ministerio.<\/span><\/div>\n<\/div>\n<\/div>\n<\/div>\n<p style=\"text-align: justify;\">\u00a0<\/p>\n<figure id=\"attachment_2245540\" aria-describedby=\"caption-attachment-2245540\" style=\"width: 460px\" class=\"wp-caption aligncenter\"><img loading=\"lazy\" decoding=\"async\" class=\"size-full wp-image-2245540\" src=\"https:\/\/puntocritico.com\/ausajpuntocritico\/wp-content\/uploads\/2022\/04\/6246ee86e9ff711dad2cc654-1.jpeg\" alt=\"\" width=\"460\" height=\"258\" data-id=\"2245540\" srcset=\"https:\/\/puntocritico.com\/ausajpuntocritico\/wp-content\/uploads\/2022\/04\/6246ee86e9ff711dad2cc654-1.jpeg 460w, https:\/\/puntocritico.com\/ausajpuntocritico\/wp-content\/uploads\/2022\/04\/6246ee86e9ff711dad2cc654-1-300x168.jpeg 300w\" sizes=\"auto, (max-width: 460px) 100vw, 460px\" \/><figcaption id=\"caption-attachment-2245540\" class=\"wp-caption-text\"><span style=\"color: #008000;\">Joe Biden (izquierda) y su hijo Hunter en Vancouver, Canad\u00e1, el 14 de febrero de 2010.Bruce Bennett \/ Gettyimages.ru<\/span><\/figcaption><\/figure>\n<p style=\"text-align: justify;\">\u00a0<\/p>\n<p style=\"text-align: justify;\"><span style=\"font-size: 14pt;\">El fondo de inversi\u00f3n de\u00a0<strong>Hunter Biden,<\/strong>\u00a0empresario e hijo del presidente de EE.UU., estuvo involucrado\u00a0en la\u00a0<strong><em>\u00abfinanciaci\u00f3n de programas biol\u00f3gicos en el territorio ucraniano\u00bb,<\/em><\/strong>\u00a0<a href=\"https:\/\/telegra.ph\/Brifing-po-rezultatam-analiza-dokumentov-kasayushchihsya-voenno-biologicheskoj-deyatelnosti-SSHA-na-territorii-Ukrainy-03-31\" target=\"_blank\" rel=\"noopener\" data-schema-attribute=\"\">afirm\u00f3<\/a>\u00a0este jueves en rueda de prensa el jefe de las Tropas de la Defensa Radiactiva, Qu\u00edmica y Biol\u00f3gica de Rusia, \u00cdgor Kir\u00edlov.<\/span><\/p>\n<p style=\"text-align: justify;\"><span style=\"font-size: 14pt;\"><strong>Hunter Biden<\/strong>\u00a0<em>\u00abtuvo un papel fundamental en\u00a0<strong>la creaci\u00f3n de\u00a0la oportunidad financiera para trabajar con pat\u00f3genos en Ucrania<\/strong>\u00ab,<\/em>\u00a0asever\u00f3\u00a0<strong>Kir\u00edlov,<\/strong>\u00a0remiti\u00e9ndose a la correspondencia del empresario con funcionarios del Pent\u00e1gono, a la que tuvo acceso el\u00a0<strong>Ministerio de Defensa de Rusia<\/strong>. As\u00ed, seg\u00fan el organismo,<strong>\u00a0Biden<\/strong>\u00a0se encarg\u00f3 de la recaudaci\u00f3n de fondos para las compa\u00f1\u00edas\u00a0<strong>Black &amp; Veach y Metabiota<\/strong>.\u00a0<\/span><\/p>\n<p>&nbsp;<\/p>\n<blockquote>\n<p style=\"text-align: center;\"><span style=\"font-size: 14pt;\"><strong><span style=\"color: #008000;\">\u00abAumentamos nuestra inversi\u00f3n en Metabiota en 250.000 d\u00f3lares\u00bb, dice una carta enviada a Biden por un empleado de Rosemont Seneca Partners, fondo de inversi\u00f3n fundado por el hijo del presidente estadounidense.\u00a0<\/span><\/strong><\/span><\/p>\n<\/blockquote>\n<p>&nbsp;<\/p>\n<p style=\"text-align: justify;\"><span style=\"font-size: 14pt;\">\u00a0\u00a0 Seg\u00fan Kir\u00edlov, la empresa<strong>\u00a0Black &amp;\u00a0Veach<\/strong><\/span><\/p>\n<p>&nbsp;<\/p>\n<blockquote>\n<p style=\"text-align: center;\"><span style=\"font-size: 14pt;\"><strong><span style=\"color: #008000;\">\u00a0\u00a0\u00a0<em>\u00abtrabaja para el Pent\u00e1gono desde 2008 en proyectos de estudio de bioagentes potencialmente peligrosos\u00bb. La actividad de la compa\u00f1\u00eda \u00abplante\u00f3 muchas preguntas, incluso por parte de los servicios de seguridad ucranianos\u00bb, expres\u00f3 el alto funcionario, quien cit\u00f3 un informe del Servicio de Seguridad de Ucrania, de 2017, que reza que por encargo de EE.UU.\u00a0Black &amp;\u00a0Veach \u00abinvestiga agentes pat\u00f3genos especialmente peligrosos, que\u00a0puedan utilizarse para crear o mejorar nuevos tipos de armas biol\u00f3gicas\u00bb.\u00a0<\/em><\/span><\/strong><\/span><\/p>\n<\/blockquote>\n<p>&nbsp;<\/p>\n<figure id=\"attachment_2245539\" aria-describedby=\"caption-attachment-2245539\" style=\"width: 460px\" class=\"wp-caption aligncenter\"><img loading=\"lazy\" decoding=\"async\" class=\"size-full wp-image-2245539\" src=\"https:\/\/puntocritico.com\/ausajpuntocritico\/wp-content\/uploads\/2022\/04\/6244de87e9ff712111729dde.jpg\" alt=\"\" width=\"460\" height=\"258\" data-id=\"2245539\" srcset=\"https:\/\/puntocritico.com\/ausajpuntocritico\/wp-content\/uploads\/2022\/04\/6244de87e9ff712111729dde.jpg 460w, https:\/\/puntocritico.com\/ausajpuntocritico\/wp-content\/uploads\/2022\/04\/6244de87e9ff712111729dde-300x168.jpg 300w\" sizes=\"auto, (max-width: 460px) 100vw, 460px\" \/><figcaption id=\"caption-attachment-2245539\" class=\"wp-caption-text\"><span style=\"color: #008000;\">Fox News: Washington financia en Ucrania laboratorios para la investigaci\u00f3n de \u00abpat\u00f3genos letales\u00bb desde hace al menos 14 a\u00f1os<\/span><\/figcaption><\/figure>\n<p>&nbsp;<\/p>\n<p style=\"text-align: justify;\"><span style=\"font-size: 14pt;\">A su vez,<strong>\u00a0Metabiota<\/strong>, que es \u00ab<em>conocida\u00a0por sus avances en la predicci\u00f3n de\u00a0<strong>brotes de enfermedades infecciosas<\/strong>\u00ab,<\/em>\u00a0\u00abfue contratada por el\u00a0<strong>Pent\u00e1gono<\/strong>\u00a0para la modelizaci\u00f3n de una situaci\u00f3n epid\u00e9mica en el espacio postsovi\u00e9tico\u00bb, precis\u00f3 el representante de la cartera de Defensa.\u00a0<\/span><\/p>\n<p style=\"text-align: justify;\"><span style=\"font-size: 14pt;\"><strong>Kir\u00edlov<\/strong>\u00a0se\u00f1al\u00f3 que\u00a0<strong>Robert Pope,<\/strong>\u00a0entonces empleado de la\u00a0<strong>Agencia de Reducci\u00f3n de la Amenaza de Defensa de EE.UU.<\/strong>\u00a0(DTRA, por sus siglas en ingl\u00e9s), es tambi\u00e9n\u00a0<em>\u00abuna de las figuras claves\u00bb que participaron en \u00abla\u00a0<strong>creaci\u00f3n de componentes de armas biol\u00f3gicas<\/strong>\u00ab<\/em>\u00a0en Ucrania.\u00a0<\/span><\/p>\n<p style=\"text-align: justify;\"><span style=\"font-size: 14pt;\"><strong>Joanna Winthrol,<\/strong>\u00a0jefa de la oficina de la<strong>\u00a0DTRA en Ucrania,<\/strong>\u00a0supervis\u00f3 la\u00a0<strong>coordinaci\u00f3n de los proyectos de armas biol\u00f3gicas<\/strong>\u00a0en ese pa\u00eds y la selecci\u00f3n de los ejecutores, seg\u00fan el alto funcionario.\u00a0<em>\u00abBajo su supervisi\u00f3n directa se llevaron a cabo los proyectos UP-4, UP-6 y UP-8, de Estados Unidos, para estudiar pat\u00f3genos mortales como el \u00e1ntrax, la fiebre congole\u00f1a y la leptospirosis\u00bb<\/em>, aclar\u00f3.<\/span><\/p>\n<p>&nbsp;<\/p>\n<blockquote>\n<p style=\"text-align: center;\"><span style=\"font-size: 14pt;\"><strong><span style=\"color: #008000;\">\u00a0\u00a0\u00a0\u00a0Kiev\u00a0desarrollaba<em>\u00a0\u00abmedios t\u00e9cnicos de\u00a0entrega y utilizaci\u00f3n de armas biol\u00f3gicas\u00bb<\/em><\/span><\/strong><\/span><\/p>\n<\/blockquote>\n<p>&nbsp;<\/p>\n<p style=\"text-align: justify;\"><span style=\"font-size: 14pt;\">En ese contexto, <strong>Kir\u00edlov<\/strong>\u00a0resalt\u00f3\u00a0<strong>una carta de la empresa ucraniana Motor Sich al fabricante turco de drones Baykar Makina.<\/strong>\u00a0Los ucranianos preguntaron espec\u00edficamente\u00a0<strong>si los drones pod\u00edan transportar 20 litros de carga \u00fatil en aerosol a una distancia de 300 kil\u00f3metros,<\/strong>\u00a0lo que los pondr\u00eda al alcance de una docena de grandes ciudades rusas y de casi toda\u00a0<strong>Bielorrusia.<\/strong><\/span><\/p>\n<p>&nbsp;<\/p>\n<blockquote>\n<p style=\"text-align: center;\"><strong><span style=\"color: #008000; font-size: 14pt;\">\u00ab\u00bfEs capaz el UAV de lograr un alcance de 300 kil\u00f3metros? \u00bfExiste un sistema o mecanismo de pulverizaci\u00f3n de aerosoles con una capacidad superior a 20 litros?\u00bb, pregunt\u00f3 la empresa ucraniana.\u00a0<\/span><\/strong><\/p>\n<\/blockquote>\n<p>&nbsp;<\/p>\n<p style=\"text-align: justify;\"><span style=\"font-size: 14pt;\"><em>\u00abSe trata del desarrollo, por parte del r\u00e9gimen de Kiev, de medios t\u00e9cnicos de\u00a0<strong>entrega y utilizaci\u00f3n de armas biol\u00f3gicas, con la posibilidad de usarlas contra la Federaci\u00f3n Rusa<\/strong>\u00ab,<\/em>\u00a0precis\u00f3 el alto funcionario.\u00a0<\/span><\/p>\n<p>&nbsp;<\/p>\n<figure id=\"attachment_2245538\" aria-describedby=\"caption-attachment-2245538\" style=\"width: 555px\" class=\"wp-caption aligncenter\"><img loading=\"lazy\" decoding=\"async\" class=\"wp-image-2245538\" src=\"https:\/\/puntocritico.com\/ausajpuntocritico\/wp-content\/uploads\/2022\/04\/62461f0fe9ff7144a02eeea4.jpg\" alt=\"\" width=\"555\" height=\"822\" data-id=\"2245538\" srcset=\"https:\/\/puntocritico.com\/ausajpuntocritico\/wp-content\/uploads\/2022\/04\/62461f0fe9ff7144a02eeea4.jpg 864w, https:\/\/puntocritico.com\/ausajpuntocritico\/wp-content\/uploads\/2022\/04\/62461f0fe9ff7144a02eeea4-203x300.jpg 203w, https:\/\/puntocritico.com\/ausajpuntocritico\/wp-content\/uploads\/2022\/04\/62461f0fe9ff7144a02eeea4-691x1024.jpg 691w, https:\/\/puntocritico.com\/ausajpuntocritico\/wp-content\/uploads\/2022\/04\/62461f0fe9ff7144a02eeea4-768x1138.jpg 768w, https:\/\/puntocritico.com\/ausajpuntocritico\/wp-content\/uploads\/2022\/04\/62461f0fe9ff7144a02eeea4-610x904.jpg 610w\" sizes=\"auto, (max-width: 555px) 100vw, 555px\" \/><figcaption id=\"caption-attachment-2245538\" class=\"wp-caption-text\"><span style=\"color: #008000;\">Ministerio de Defensa de Rusia<\/span><\/figcaption><\/figure>\n<p>&nbsp;<\/p>\n<h3 style=\"text-align: justify;\"><strong><span style=\"font-size: 14pt;\">Cinco laboratorios biol\u00f3gicos desmantelados<\/span><\/strong><\/h3>\n<p style=\"text-align: justify;\"><span style=\"font-size: 14pt;\">Asimismo, el alto funcionario comunic\u00f3 que la operaci\u00f3n militar\u00a0rusa en Ucrania ha permitido\u00a0<strong>desmantelar el funcionamiento de cinco laboratorios biol\u00f3gicos en Kiev<\/strong>.\u00a0Las instalaciones de investigaci\u00f3n, donde se trabajaba con pat\u00f3genos del \u00e1ntrax, tularemia, brucelosis, c\u00f3lera, leptospirosis y peste porcina africana, participaron en proyectos encargados directamente por el Pent\u00e1gono,\u00a0<strong>cuyos objetivos en el territorio ucraniano\u00a0han estado\u00a0<\/strong>\u00ab<em><strong>lejos de cient\u00edficos\u00bb,\u00a0<\/strong><\/em>se\u00f1al\u00f3\u00a0<strong>Kir\u00edlov.<\/strong><\/span><\/p>\n<p style=\"text-align: justify;\"><span style=\"font-size: 14pt;\"><em>\u00abSe ha confirmado que los laboratorios han participado en trabajos\u00a0<strong>por encargo del Departamento militar estadounidense<\/strong>\u00ab,<\/em>\u00a0indic\u00f3\u00a0el jefe de las\u00a0<strong>Tropas de la Defensa Radiactiva, Qu\u00edmica y Biol\u00f3gica de Rusia.\u00a0<\/strong><\/span><\/p>\n<p>&nbsp;<\/p>\n<figure id=\"attachment_2215985\" aria-describedby=\"caption-attachment-2215985\" style=\"width: 700px\" class=\"wp-caption aligncenter\"><img loading=\"lazy\" decoding=\"async\" class=\"size-full wp-image-2215985\" src=\"https:\/\/puntocritico.com\/ausajpuntocritico\/wp-content\/uploads\/2021\/06\/fauci-700x420-1.jpg\" alt=\"\" width=\"700\" height=\"420\" data-id=\"2215985\" srcset=\"https:\/\/puntocritico.com\/ausajpuntocritico\/wp-content\/uploads\/2021\/06\/fauci-700x420-1.jpg 700w, https:\/\/puntocritico.com\/ausajpuntocritico\/wp-content\/uploads\/2021\/06\/fauci-700x420-1-300x180.jpg 300w, https:\/\/puntocritico.com\/ausajpuntocritico\/wp-content\/uploads\/2021\/06\/fauci-700x420-1-610x366.jpg 610w\" sizes=\"auto, (max-width: 700px) 100vw, 700px\" \/><figcaption id=\"caption-attachment-2215985\" class=\"wp-caption-text\"><span style=\"color: #008000;\">El Dr. Anthony Fauci, principal asesor m\u00e9dico de la Casa Blanca en materia de COVID-19, en los Institutos Nacionales de Salud (NIH) en Bethesda, Maryland, el 11 de febrero de 2021. (Saul Loeb\/AFP v\u00eda Getty Images)<\/span><\/figcaption><\/figure>\n<p style=\"text-align: center;\"><span style=\"color: #008000;\"><strong><span style=\"font-size: 18pt;\">*******<\/span><\/strong><\/span><\/p>\n<div class=\"title-wrap\">\n<h2 class=\"entry-title title flipboard-title\" style=\"text-align: center;\"><span style=\"font-size: 24pt;\">Victoria Nuland declara que Estados Unidos est\u00e1 protegiendo las &#8216;instalaciones de investigaci\u00f3n biol\u00f3gica&#8217; en Ucrania<\/span><\/h2>\n<p style=\"text-align: center;\"><strong><span style=\"font-size: 14pt;\">D\u00edas antes del comentario de Nuland, el ej\u00e9rcito ruso afirm\u00f3 que hab\u00eda descubierto 30 laboratorios biol\u00f3gicos en Ucrania vinculados a la Agencia de Reducci\u00f3n de Amenazas de Defensa del Pent\u00e1gono.<\/span><\/strong><\/p>\n<p style=\"text-align: justify;\"><span style=\"font-size: 14pt;\"><em>Este art\u00edculo fue publicado originalmente en\u00a0<a href=\"https:\/\/news.antiwar.com\/2022\/03\/08\/nuland-us-working-with-ukraine-to-keep-biological-research-facilities-out-of-russias-hands\/\" target=\"_blank\" rel=\"noopener\">Antiwar.com<\/a>\u00a0por Dave DeCamp<\/em><\/span><\/p>\n<\/div>\n<p style=\"text-align: justify;\"><span style=\"font-size: 14pt;\"><a href=\"https:\/\/thegrayzone.com\/2022\/03\/09\/victoria-nuland-us-biological-research-facilities-ukraine\/\" target=\"_blank\" rel=\"noopener\">The Gray Zone<\/a>, 9 MARZO 2022<\/span><\/p>\n<p><img loading=\"lazy\" decoding=\"async\" class=\"aligncenter wp-image-2247526 size-mh-magazine-content\" src=\"https:\/\/puntocritico.com\/ausajpuntocritico\/wp-content\/uploads\/2022\/04\/Victoria-Nuland-678x381.webp\" alt=\"\" width=\"678\" height=\"381\" data-id=\"2247526\" \/><\/p>\n<p>&nbsp;<\/p>\n<p style=\"text-align: justify;\"><span style=\"font-size: 14pt;\">La subsecretaria de Estado, Victoria Nuland\u00a0\u00a0<a href=\"https:\/\/twitter.com\/ggreenwald\/status\/1501313109520175104?s=20&amp;t=YG3gqsiyGV2xC6BWmVXTsQ\" target=\"_blank\" rel=\"noopener\">, dijo el martes que hay \u201cinstalaciones de investigaci\u00f3n biol\u00f3gica\u201d en Ucrania<\/a>\u00a0\u00a0que a Estados Unidos le preocupa que las fuerzas rusas puedan apoderarse.\u00a0Hizo los comentarios cuando el senador Marco Rubio (R-FL) le pregunt\u00f3 si Ucrania tiene armas qu\u00edmicas o biol\u00f3gicas.<\/span><\/p>\n<p style=\"text-align: justify;\"><span style=\"font-size: 14pt;\">\u201cUcrania tiene instalaciones de investigaci\u00f3n biol\u00f3gica que, de hecho, nos preocupa bastante que las tropas rusas, las fuerzas rusas, puedan estar tratando de controlar, por lo que estamos trabajando con los ucranianos sobre c\u00f3mo pueden evitar que cualquiera de esos materiales de investigaci\u00f3n caiga en manos de Las fuerzas rusas deber\u00edan acercarse\u201d, dijo Nuland.<\/span><\/p>\n<p style=\"text-align: justify;\"><span style=\"font-size: 14pt;\">Los comentarios de Nuland se produjeron despu\u00e9s de que Rusia acusara a las autoridades ucranianas de destruir pat\u00f3genos estudiados en laboratorios vinculados al Pent\u00e1gono.\u00a0\u201cDurante una operaci\u00f3n militar especial, se revelaron los hechos de la limpieza de emergencia del r\u00e9gimen de Kiev de los rastros de un programa biol\u00f3gico militar financiado por el Departamento de Defensa de EE. UU. implementado en Ucrania\u201d, dijo\u00a0\u00a0<a href=\"https:\/\/t.me\/mod_russia_en\/40\">el Ministerio de Defensa ruso en Telegram<\/a>\u00a0.<\/span><\/p>\n<p style=\"text-align: justify;\"><span style=\"font-size: 14pt;\">El Ministerio de Defensa ruso dijo que los pat\u00f3genos que fueron destruidos incluyen la peste, el \u00e1ntrax, la tularemia, el c\u00f3lera y otras enfermedades mortales.\u00a0El ej\u00e9rcito ruso ha afirmado que\u00a0\u00a0<a href=\"https:\/\/www.wionews.com\/world\/found-30-biological-labs-in-ukraine-possibly-for-bioweapons-claim-russian-forces-460189\" target=\"_blank\" rel=\"noopener\">descubri\u00f3 30 laboratorios biol\u00f3gicos\u00a0<\/a>\u00a0en Ucrania vinculados a la Agencia de Reducci\u00f3n de Amenazas de Defensa (DTRA) del Pent\u00e1gono.<\/span><\/p>\n<p style=\"text-align: justify;\"><span style=\"font-size: 14pt;\">No es ning\u00fan secreto que la DTRA financia laboratorios en Ucrania, pero los funcionarios del Pent\u00e1gono insisten en que los laboratorios no son instalaciones de armas biol\u00f3gicas.\u00a0El 25 de febrero,\u00a0<a href=\"https:\/\/thebulletin.org\/2022\/02\/us-official-russian-invasion-of-ukraine-risks-release-of-dangerous-pathogens\/\" target=\"_blank\" rel=\"noopener\">\u00a0el Bolet\u00edn de Cient\u00edficos At\u00f3micos<\/a>\u00a0\u00a0public\u00f3 un art\u00edculo que citaba a Robert Pope del Programa Cooperativo de Reducci\u00f3n de Amenazas de la DTRA, quien advirti\u00f3 que el ataque ruso a Ucrania corre el riesgo de que se liberen pat\u00f3genos peligrosos de los laboratorios.<\/span><\/p>\n<p style=\"text-align: justify;\"><span style=\"font-size: 14pt;\">\u201cDir\u00eda que de todas las instalaciones en las que hemos trabajado con ellos, confiamos en que mientras la energ\u00eda el\u00e9ctrica est\u00e9 encendida y las personas que hemos capacitado est\u00e9n presentes en la instalaci\u00f3n, los oficiales de bioseguridad, estos pat\u00f3genos son seguros y seguro seg\u00fan los est\u00e1ndares internacionales\u201d, dijo Pope.\u00a0\u201cSi estas instalaciones resultaran da\u00f1adas por el conflicto, eso podr\u00eda cambiar\u201d.<\/span><\/p>\n<p style=\"text-align: justify;\">\u00a0<\/p>\n<p><a href=\"https:\/\/twitter.com\/ggreenwald\/status\/1501313109520175104?ref_src=twsrc%5Etfw%7Ctwcamp%5Etweetembed%7Ctwterm%5E1501313109520175104%7Ctwgr%5Ehb_2_10%7Ctwcon%5Es1_&amp;ref_url=https%3A%2F%2Fthegrayzone.com%2F2022%2F03%2F09%2Fvictoria-nuland-us-biological-research-facilities-ukraine%2F\" target=\"_blank\" rel=\"noopener\"><img loading=\"lazy\" decoding=\"async\" class=\"aligncenter wp-image-2247527\" src=\"https:\/\/puntocritico.com\/ausajpuntocritico\/wp-content\/uploads\/2022\/04\/Tuit-Greenwald.jpg\" alt=\"\" width=\"480\" height=\"578\" data-id=\"2247527\" srcset=\"https:\/\/puntocritico.com\/ausajpuntocritico\/wp-content\/uploads\/2022\/04\/Tuit-Greenwald.jpg 619w, https:\/\/puntocritico.com\/ausajpuntocritico\/wp-content\/uploads\/2022\/04\/Tuit-Greenwald-249x300.jpg 249w, https:\/\/puntocritico.com\/ausajpuntocritico\/wp-content\/uploads\/2022\/04\/Tuit-Greenwald-610x735.jpg 610w\" sizes=\"auto, (max-width: 480px) 100vw, 480px\" \/><\/a><\/p>\n<p>&nbsp;<\/p>\n<p style=\"text-align: justify;\"><span style=\"font-size: 14pt;\">Pope dijo que no cre\u00eda que Rusia atacar\u00eda deliberadamente las instalaciones, pero advirti\u00f3 sobre posibles accidentes.\u00a0\u201cCreo que los rusos saben lo suficiente sobre los tipos de pat\u00f3genos que se almacenan en los laboratorios de investigaci\u00f3n biol\u00f3gica, por lo que no creo que apunten deliberadamente a un laboratorio\u201d, dijo.\u00a0\u201cPero lo que s\u00ed me preocupa es que\u2026 se da\u00f1en accidentalmente durante esta invasi\u00f3n rusa\u201d.<\/span><\/p>\n<p style=\"text-align: justify;\"><span style=\"font-size: 14pt;\">Pope dijo que algunos de los laboratorios a\u00fan podr\u00edan tener restos de pat\u00f3genos del programa de armas biol\u00f3gicas de la Uni\u00f3n Sovi\u00e9tica.\u00a0\u201cCient\u00edficos siendo cient\u00edficos, no me sorprender\u00eda si algunas de estas colecciones de cepas en algunos de estos laboratorios todav\u00eda tienen cepas de pat\u00f3genos que se remontan a los or\u00edgenes de ese programa\u201d, dijo.<\/span><\/p>\n<p style=\"text-align: justify;\"><span style=\"font-size: 14pt;\">Seg\u00fan el art\u00edculo, el gobierno de EE. UU. ha trabajado con 26 instalaciones en Ucrania y ha brindado apoyo material directo a seis de ellas.<\/span><\/p>\n<p style=\"text-align: justify;\"><span style=\"font-size: 14pt;\">China ha pedido a Estados Unidos que publique los detalles de los programas de investigaci\u00f3n biol\u00f3gica del Pent\u00e1gono en Ucrania.\u00a0\u201cEstados Unidos, como la parte que mejor conoce los laboratorios, debe publicar informaci\u00f3n espec\u00edfica relevante lo antes posible, incluidos los virus almacenados y la investigaci\u00f3n que se ha llevado a cabo\u201d,\u00a0\u00a0<a href=\"http:\/\/www.xinhuanet.com\/english\/northamerica\/20220308\/cf0d75294eb649f098f33dcde4a01495\/c.html\" target=\"_blank\" rel=\"noopener\">dijo el portavoz del Ministerio de Relaciones Exteriores de China, Zhao Lijian.<\/a><\/span><\/p>\n<p style=\"text-align: justify;\">\u00a0<\/p>\n<p style=\"text-align: justify;\"><a href=\"https:\/\/puntocritico.com\/ausajpuntocritico\/2021\/11\/29\/apartheid-sanitario\/\"><img loading=\"lazy\" decoding=\"async\" class=\"aligncenter wp-image-2234649\" src=\"https:\/\/puntocritico.com\/ausajpuntocritico\/wp-content\/uploads\/2021\/12\/PicsArt_11-26-03.49.11.jpg\" alt=\"\" width=\"440\" height=\"292\" data-id=\"2234649\" srcset=\"https:\/\/puntocritico.com\/ausajpuntocritico\/wp-content\/uploads\/2021\/12\/PicsArt_11-26-03.49.11.jpg 680w, https:\/\/puntocritico.com\/ausajpuntocritico\/wp-content\/uploads\/2021\/12\/PicsArt_11-26-03.49.11-300x199.jpg 300w, https:\/\/puntocritico.com\/ausajpuntocritico\/wp-content\/uploads\/2021\/12\/PicsArt_11-26-03.49.11-610x405.jpg 610w, https:\/\/puntocritico.com\/ausajpuntocritico\/wp-content\/uploads\/2021\/12\/PicsArt_11-26-03.49.11-678x452.jpg 678w\" sizes=\"auto, (max-width: 440px) 100vw, 440px\" \/><\/a><\/p>\n<p style=\"text-align: center;\"><span style=\"color: #008000;\"><strong><span style=\"font-size: 18pt;\">*******<\/span><\/strong><\/span><\/p>\n<h2><span id=\"RELACIONADOS\" style=\"font-size: 14pt;\"><strong>RELACIONADOS:<\/strong><\/span><\/h2>\n<blockquote class=\"wp-embedded-content\" data-secret=\"1zcHB0OGNa\"><p><a href=\"https:\/\/puntocritico.com\/ausajpuntocritico\/2018\/04\/17\/las-guerras-por-la-paz-se-basan-en-las-mentiras-en-siria-como-en-irak\/\">Las Guerras por la Paz se basan en las mentiras; en Siria como en Irak<\/a><\/p><\/blockquote>\n<p><iframe loading=\"lazy\" class=\"wp-embedded-content\" sandbox=\"allow-scripts\" security=\"restricted\" style=\"position: absolute; clip: rect(1px, 1px, 1px, 1px);\" title=\"\u00abLas Guerras por la Paz se basan en las mentiras; en Siria como en Irak\u00bb \u2014 Punto Cr\u00edtico Derechos Humanos\" src=\"https:\/\/puntocritico.com\/ausajpuntocritico\/2018\/04\/17\/las-guerras-por-la-paz-se-basan-en-las-mentiras-en-siria-como-en-irak\/embed\/#?secret=Al48G8aOqO#?secret=1zcHB0OGNa\" data-secret=\"1zcHB0OGNa\" width=\"500\" height=\"282\" frameborder=\"0\" marginwidth=\"0\" marginheight=\"0\" scrolling=\"no\"><\/iframe><\/p>\n<blockquote class=\"wp-embedded-content\" data-secret=\"j87PMUn2Un\"><p><a href=\"https:\/\/puntocritico.com\/ausajpuntocritico\/2022\/04\/07\/ucrania-un-pais-de-oligarcas\/\">Ucrania, un pa\u00eds de oligarcas: De la Corrupci\u00f3n a la Guerra.<\/a><\/p><\/blockquote>\n<p><iframe loading=\"lazy\" class=\"wp-embedded-content\" sandbox=\"allow-scripts\" security=\"restricted\" style=\"position: absolute; clip: rect(1px, 1px, 1px, 1px);\" title=\"\u00abUcrania, un pa\u00eds de oligarcas: De la Corrupci\u00f3n a la Guerra.\u00bb \u2014 Punto Cr\u00edtico Derechos Humanos\" src=\"https:\/\/puntocritico.com\/ausajpuntocritico\/2022\/04\/07\/ucrania-un-pais-de-oligarcas\/embed\/#?secret=f1gzoVtCqG#?secret=j87PMUn2Un\" data-secret=\"j87PMUn2Un\" width=\"500\" height=\"282\" frameborder=\"0\" marginwidth=\"0\" marginheight=\"0\" scrolling=\"no\"><\/iframe><\/p>\n<blockquote class=\"wp-embedded-content\" data-secret=\"RgF49jA1ZF\"><p><a href=\"https:\/\/puntocritico.com\/ausajpuntocritico\/2022\/04\/04\/pandora-papers-zelensky\/\">UCRANIA: EL PRESIDENTE, ZELENSKY, INVOLUCRADO EN LOS \u00abPANDORA PAPERS\u00bb: Las Sociedades en Para\u00edsos Fiscales (\u00abOff-Shore\u00bb) del presidente ucraniano y su c\u00edrculo \u00edntimo.<\/a><\/p><\/blockquote>\n<p><iframe loading=\"lazy\" class=\"wp-embedded-content\" sandbox=\"allow-scripts\" security=\"restricted\" style=\"position: absolute; clip: rect(1px, 1px, 1px, 1px);\" title=\"\u00abUCRANIA: EL PRESIDENTE, ZELENSKY, INVOLUCRADO EN LOS \u00abPANDORA PAPERS\u00bb: Las Sociedades en Para\u00edsos Fiscales (\u00abOff-Shore\u00bb) del presidente ucraniano y su c\u00edrculo \u00edntimo.\u00bb \u2014 Punto Cr\u00edtico Derechos Humanos\" src=\"https:\/\/puntocritico.com\/ausajpuntocritico\/2022\/04\/04\/pandora-papers-zelensky\/embed\/#?secret=DG4rAmypdH#?secret=RgF49jA1ZF\" data-secret=\"RgF49jA1ZF\" width=\"500\" height=\"282\" frameborder=\"0\" marginwidth=\"0\" marginheight=\"0\" scrolling=\"no\"><\/iframe><\/p>\n<blockquote class=\"wp-embedded-content\" data-secret=\"Jrw98WRSPE\"><p><a href=\"https:\/\/puntocritico.com\/ausajpuntocritico\/2022\/03\/19\/donbass-2018-documental-de-sergei-loznitsa-ucrania\/\">DONBASS (2018), Documental de Sergei Loznitsa (Ucrania). LA POBLACI\u00d3N ABANDONADA. Extorsionados por las mafias del Independentismo Pro Ruso, mientras son bombardeados por su Gobierno.<\/a><\/p><\/blockquote>\n<p><iframe loading=\"lazy\" class=\"wp-embedded-content\" sandbox=\"allow-scripts\" security=\"restricted\" style=\"position: absolute; clip: rect(1px, 1px, 1px, 1px);\" title=\"\u00abDONBASS (2018), Documental de Sergei Loznitsa (Ucrania). LA POBLACI\u00d3N ABANDONADA. Extorsionados por las mafias del Independentismo Pro Ruso, mientras son bombardeados por su Gobierno.\u00bb \u2014 Punto Cr\u00edtico Derechos Humanos\" src=\"https:\/\/puntocritico.com\/ausajpuntocritico\/2022\/03\/19\/donbass-2018-documental-de-sergei-loznitsa-ucrania\/embed\/#?secret=uXbgzTlNfM#?secret=Jrw98WRSPE\" data-secret=\"Jrw98WRSPE\" width=\"500\" height=\"282\" frameborder=\"0\" marginwidth=\"0\" marginheight=\"0\" scrolling=\"no\"><\/iframe><\/p>\n<blockquote class=\"wp-embedded-content\" data-secret=\"bKNTduH6EJ\"><p><a href=\"https:\/\/puntocritico.com\/ausajpuntocritico\/2022\/04\/05\/zelenskyelfoton\/\">ZELENSKY, UN FOT\u00d3N EMANCIPADO. \u00abServidor del Pueblo\u00bb, la serie de Netflix, con la que Silicon Valley gan\u00f3 las elecciones de Ucrania.<\/a><\/p><\/blockquote>\n<p><iframe loading=\"lazy\" class=\"wp-embedded-content\" sandbox=\"allow-scripts\" security=\"restricted\" style=\"position: absolute; clip: rect(1px, 1px, 1px, 1px);\" title=\"\u00abZELENSKY, UN FOT\u00d3N EMANCIPADO. \u00abServidor del Pueblo\u00bb, la serie de Netflix, con la que Silicon Valley gan\u00f3 las elecciones de Ucrania.\u00bb \u2014 Punto Cr\u00edtico Derechos Humanos\" src=\"https:\/\/puntocritico.com\/ausajpuntocritico\/2022\/04\/05\/zelenskyelfoton\/embed\/#?secret=dEvMH5e3LM#?secret=bKNTduH6EJ\" data-secret=\"bKNTduH6EJ\" width=\"500\" height=\"282\" frameborder=\"0\" marginwidth=\"0\" marginheight=\"0\" scrolling=\"no\"><\/iframe><\/p>\n<p><iframe loading=\"lazy\" class=\"wp-embedded-content\" title=\"\u00abDONBASS, LA GUERRA OLVIDADA. La CRIMINAL INVASI\u00d3N RUSA de Ucrania, no absuelve a Occidente por su colaboraci\u00f3n con grupos paramilitares fascistas ucranianos, como el Neonazi \u00abBatall\u00f3n Azov\u00bb.\u00bb \u2014 Punto Cr\u00edtico Derechos Humanos\" src=\"https:\/\/puntocritico.com\/ausajpuntocritico\/2022\/03\/16\/donbass-el-genocidio-cancelado\/embed\/#?secret=XsQRvkLFw5#?secret=0Byx0Gn5DU\" width=\"600\" height=\"655\" frameborder=\"0\" marginwidth=\"0\" marginheight=\"0\" scrolling=\"no\" sandbox=\"allow-scripts\" data-secret=\"0Byx0Gn5DU\" data-mce-fragment=\"1\"><\/iframe><\/p>\n<p><iframe loading=\"lazy\" class=\"wp-embedded-content\" title=\"\u00abUCRANIA EN LLAMAS: Oliver Stone: Ukraine on Fire (Subt\u00edtulos en espa\u00f1ol)\u00bb \u2014 Punto Cr\u00edtico Derechos Humanos\" src=\"https:\/\/puntocritico.com\/ausajpuntocritico\/2022\/01\/29\/oliver-stone-ucrania-en-llamas-oliver-stone-ukraine-on-fire-subtitulos-en-espanol-subtitulos-en-espanol-2\/embed\/#?secret=YliplgBall#?secret=TRg0gkxCQj\" width=\"600\" height=\"577\" frameborder=\"0\" marginwidth=\"0\" marginheight=\"0\" scrolling=\"no\" sandbox=\"allow-scripts\" data-secret=\"TRg0gkxCQj\" data-mce-fragment=\"1\"><\/iframe><\/p>\n<p><iframe loading=\"lazy\" class=\"wp-embedded-content\" title=\"\u00ab\u201cESPA\u00d1A EN LLAMAS\u201d: PARALELISMOS Y COINCIDENCIAS (por Jes\u00fas D\u00edaz Formoso); conversaci\u00f3n con Carlos Tena\u00bb \u2014 Punto Cr\u00edtico Derechos Humanos\" src=\"https:\/\/puntocritico.com\/ausajpuntocritico\/2020\/01\/22\/espana-en-llamas-paralelismos-y-coincidencias-por-jesus-diaz-formoso-conversacion-con-carlos-tena\/embed\/#?secret=JftrMyuKp1#?secret=idxyF2nhsc\" width=\"600\" height=\"606\" frameborder=\"0\" marginwidth=\"0\" marginheight=\"0\" scrolling=\"no\" sandbox=\"allow-scripts\" data-secret=\"idxyF2nhsc\" data-mce-fragment=\"1\"><\/iframe><\/p>\n<p><iframe loading=\"lazy\" class=\"wp-embedded-content\" title=\"\u00ab\u00bfPOR QU\u00c9 LA GUERRA? CORRESPONDENCIA ENTRE EINSTEIN Y FREUD\u00bb \u2014 Punto Cr\u00edtico Derechos Humanos\" src=\"https:\/\/puntocritico.com\/ausajpuntocritico\/2022\/03\/09\/por-que-la-guerra-correspondencia-entre-einstein-y-freud-2\/embed\/#?secret=9EMNR5U3IB#?secret=VlLlEFgkCl\" width=\"600\" height=\"577\" frameborder=\"0\" marginwidth=\"0\" marginheight=\"0\" scrolling=\"no\" sandbox=\"allow-scripts\" data-secret=\"VlLlEFgkCl\" data-mce-fragment=\"1\"><\/iframe><\/p>\n<p><iframe loading=\"lazy\" class=\"wp-embedded-content\" title=\"\u00abDEUDA ODIOSA Y CORRUPCI\u00d3N: \u201cDeudas odiosas son aquellas contra\u00eddas contra los intereses de la poblaci\u00f3n de un pa\u00eds y con el completo conocimiento del acreedor\u201d.\u00bb \u2014 Punto Cr\u00edtico Derechos Humanos\" src=\"https:\/\/puntocritico.com\/ausajpuntocritico\/2022\/02\/10\/deuda-odiosa-2\/embed\/#?secret=nO1CVJaYXg#?secret=MViIAMeqyk\" width=\"600\" height=\"634\" frameborder=\"0\" marginwidth=\"0\" marginheight=\"0\" scrolling=\"no\" sandbox=\"allow-scripts\" data-secret=\"MViIAMeqyk\" data-mce-fragment=\"1\"><\/iframe><\/p>\n<blockquote class=\"wp-embedded-content\" data-secret=\"bElNjBsXYC\"><p><a href=\"https:\/\/puntocritico.com\/ausajpuntocritico\/2022\/02\/09\/derecho-de-resistencia-en-la-teoria-politica\/\">DERECHO DE RESISTENCIA EN LA TEOR\u00cdA POL\u00cdTICA. De la \u201cVindiciae contra Tiranos\u201d a la Teor\u00eda de la Guerra Justa en los siglos XVI Y XVII, por Susana Valencia C\u00e1rdenas.<\/a><\/p><\/blockquote>\n<p><iframe loading=\"lazy\" class=\"wp-embedded-content\" sandbox=\"allow-scripts\" security=\"restricted\" style=\"position: absolute; clip: rect(1px, 1px, 1px, 1px);\" title=\"\u00abDERECHO DE RESISTENCIA EN LA TEOR\u00cdA POL\u00cdTICA. De la \u201cVindiciae contra Tiranos\u201d a la Teor\u00eda de la Guerra Justa en los siglos XVI Y XVII, por Susana Valencia C\u00e1rdenas.\u00bb \u2014 Punto Cr\u00edtico Derechos Humanos\" src=\"https:\/\/puntocritico.com\/ausajpuntocritico\/2022\/02\/09\/derecho-de-resistencia-en-la-teoria-politica\/embed\/#?secret=2i6cv7o7mV#?secret=bElNjBsXYC\" data-secret=\"bElNjBsXYC\" width=\"500\" height=\"282\" frameborder=\"0\" marginwidth=\"0\" marginheight=\"0\" scrolling=\"no\"><\/iframe><\/p>\n<blockquote class=\"wp-embedded-content\" data-secret=\"XAjtLIxMLt\"><p><a href=\"https:\/\/puntocritico.com\/ausajpuntocritico\/2022\/02\/28\/150-estudios-de-investigacion-afirman-la-inmunidad-adquirida-naturalmente-al-covid-19-documentados-vinculados-y-citados\/\">COVID: INMUNIDAD NATURAL: 150 estudios de investigaci\u00f3n afirman la inmunidad adquirida naturalmente al covid-19: documentados, vinculados y citados<\/a><\/p><\/blockquote>\n<p><iframe loading=\"lazy\" class=\"wp-embedded-content\" sandbox=\"allow-scripts\" security=\"restricted\" style=\"position: absolute; clip: rect(1px, 1px, 1px, 1px);\" title=\"\u00abCOVID: INMUNIDAD NATURAL: 150 estudios de investigaci\u00f3n afirman la inmunidad adquirida naturalmente al covid-19: documentados, vinculados y citados\u00bb \u2014 Punto Cr\u00edtico Derechos Humanos\" src=\"https:\/\/puntocritico.com\/ausajpuntocritico\/2022\/02\/28\/150-estudios-de-investigacion-afirman-la-inmunidad-adquirida-naturalmente-al-covid-19-documentados-vinculados-y-citados\/embed\/#?secret=QIM7sotfDC#?secret=XAjtLIxMLt\" data-secret=\"XAjtLIxMLt\" width=\"500\" height=\"282\" frameborder=\"0\" marginwidth=\"0\" marginheight=\"0\" scrolling=\"no\"><\/iframe><\/p>\n<p class=\"entry-title\" style=\"text-align: justify;\"><a href=\"https:\/\/puntocritico.com\/ausajpuntocritico\/2020\/04\/01\/indice-pandemia-coronavirus\/\"><span style=\"font-size: 14pt; color: #008000;\">INDICE PANDEMIA CORONAVIRUS<\/span><\/a><\/p>\n<p>&nbsp;<\/p>\n<p><a href=\"https:\/\/puntocritico.com\/ausajpuntocritico\/author\/punto-critico\/\" target=\"_blank\" rel=\"noopener\"><img loading=\"lazy\" decoding=\"async\" class=\"aligncenter wp-image-9528 smush-detected-img smush-image-7\" src=\"https:\/\/puntocritico.com\/ausajpuntocritico\/wp-content\/uploads\/2018\/03\/Mosca_Punto_Cr%C3%ADtico_40.png\" alt=\"\" width=\"80\" height=\"80\" data-id=\"9528\" \/><\/a><\/p>\n<p>&nbsp;<\/p>\n","protected":false},"excerpt":{"rendered":"<div class=\"mh-excerpt\"><p>INDICE PANDEMIA CORONAVIRUS *** UCRANIA Y HUNTER BIDEN. Laboratorios biol\u00f3gicos y ordenadores port\u00e1tiles &nbsp; UCRANIA Y HUNTER BIDEN Laboratorios biol\u00f3gicos y ordenadores port\u00e1tiles Joseph Biden y su equipo abrieron\u00a0la caja de Pandora\u00a0por no haber forzado <a class=\"mh-excerpt-more\" href=\"https:\/\/puntocritico.com\/ausajpuntocritico\/2022\/04\/11\/ucrania-y-hunter-biden-laboratorios-biologicos-y-ordenadores-portatiles\/\" title=\"UCRANIA Y HUNTER BIDEN. Laboratorios biol\u00f3gicos y ordenadores port\u00e1tiles\">[&#8230;]<\/a><\/p>\n<\/div>","protected":false},"author":3,"featured_media":2245261,"comment_status":"open","ping_status":"closed","sticky":false,"template":"","format":"standard","meta":{"_acf_changed":false,"_exactmetrics_skip_tracking":false,"_exactmetrics_sitenote_active":false,"_exactmetrics_sitenote_note":"","_exactmetrics_sitenote_category":0,"footnotes":""},"categories":[7,12,14],"tags":[52,39],"class_list":{"0":"post-2245239","1":"post","2":"type-post","3":"status-publish","4":"format-standard","5":"has-post-thumbnail","7":"category-politica","8":"category-corrupcion","9":"category-corrupcion_informativa","10":"tag-covid","11":"tag-ucrania"},"acf":[],"_links":{"self":[{"href":"https:\/\/puntocritico.com\/ausajpuntocritico\/wp-json\/wp\/v2\/posts\/2245239","targetHints":{"allow":["GET"]}}],"collection":[{"href":"https:\/\/puntocritico.com\/ausajpuntocritico\/wp-json\/wp\/v2\/posts"}],"about":[{"href":"https:\/\/puntocritico.com\/ausajpuntocritico\/wp-json\/wp\/v2\/types\/post"}],"author":[{"embeddable":true,"href":"https:\/\/puntocritico.com\/ausajpuntocritico\/wp-json\/wp\/v2\/users\/3"}],"replies":[{"embeddable":true,"href":"https:\/\/puntocritico.com\/ausajpuntocritico\/wp-json\/wp\/v2\/comments?post=2245239"}],"version-history":[{"count":0,"href":"https:\/\/puntocritico.com\/ausajpuntocritico\/wp-json\/wp\/v2\/posts\/2245239\/revisions"}],"wp:featuredmedia":[{"embeddable":true,"href":"https:\/\/puntocritico.com\/ausajpuntocritico\/wp-json\/wp\/v2\/media\/2245261"}],"wp:attachment":[{"href":"https:\/\/puntocritico.com\/ausajpuntocritico\/wp-json\/wp\/v2\/media?parent=2245239"}],"wp:term":[{"taxonomy":"category","embeddable":true,"href":"https:\/\/puntocritico.com\/ausajpuntocritico\/wp-json\/wp\/v2\/categories?post=2245239"},{"taxonomy":"post_tag","embeddable":true,"href":"https:\/\/puntocritico.com\/ausajpuntocritico\/wp-json\/wp\/v2\/tags?post=2245239"}],"curies":[{"name":"wp","href":"https:\/\/api.w.org\/{rel}","templated":true}]}}