{"id":2244705,"date":"2022-04-23T00:05:46","date_gmt":"2022-04-22T22:05:46","guid":{"rendered":"https:\/\/puntocritico.com\/ausajpuntocritico\/?p=2244705"},"modified":"2025-03-15T13:53:28","modified_gmt":"2025-03-15T12:53:28","slug":"vladimir-putin-serie-de-entrevistas-2","status":"publish","type":"post","link":"https:\/\/puntocritico.com\/ausajpuntocritico\/2022\/04\/23\/vladimir-putin-serie-de-entrevistas-2\/","title":{"rendered":"VLADIMIR PUTIN: Serie de Entrevistas (2 de 2), por OLIVER STONE (2015-2017)."},"content":{"rendered":"<p class=\"entry-title\" style=\"text-align: justify;\"><a href=\"https:\/\/puntocritico.com\/ausajpuntocritico\/2022\/04\/16\/vladimir-putin\/\"><span style=\"font-size: 14pt; color: #008000;\">VLADIMIR PUTIN: Serie de Entrevistas (1 de 2), por OLIVER STONE (2015-2017).<\/span><\/a><\/p>\n\n<p>&nbsp;<\/p>\n<blockquote>\n<h2 class=\"post-title\" style=\"text-align: center;\"><span style=\"font-size: 24pt;\">El cambio cultural en la Rusia de Putin que Occidente no comprende<\/span><\/h2>\n<p class=\"post-subtitle\" style=\"text-align: center;\"><em><strong><span style=\"font-size: 18pt;\">Hoy, las sanciones de Occidente pesan sobre los oligarcas rusos, pero pesan mucho m\u00e1s las amenazas lanzadas por Putin en su discurso de hace unos d\u00edas<\/span><\/strong><\/em><\/p>\n<p style=\"text-align: justify;\"><span style=\"font-size: 14pt;\">Por H\u00e1sel-Paris \u00c1lvarez<\/span><\/p>\n<p style=\"text-align: justify;\"><span style=\"font-size: 14pt;\"><a href=\"https:\/\/www.vozpopuli.com\/altavoz\/cultura\/cambio-cultural-rusia-de-putin.html\" target=\"_blank\" rel=\"noopener\">Vozpopuli<\/a>, 17 ABRIL 2022<\/span><\/p>\n<p><img loading=\"lazy\" decoding=\"async\" class=\"aligncenter wp-image-2245903 size-mh-magazine-content\" src=\"https:\/\/puntocritico.com\/ausajpuntocritico\/wp-content\/uploads\/2022\/04\/MONTAJE-PUTIN-EL-BUENO-1-e1650095694335-678x381.webp\" alt=\"PUTIN\" width=\"678\" height=\"381\" data-id=\"2245903\" srcset=\"https:\/\/puntocritico.com\/ausajpuntocritico\/wp-content\/uploads\/2022\/04\/MONTAJE-PUTIN-EL-BUENO-1-e1650095694335-678x381.webp 678w, https:\/\/puntocritico.com\/ausajpuntocritico\/wp-content\/uploads\/2022\/04\/MONTAJE-PUTIN-EL-BUENO-1-e1650095694335-300x169.webp 300w, https:\/\/puntocritico.com\/ausajpuntocritico\/wp-content\/uploads\/2022\/04\/MONTAJE-PUTIN-EL-BUENO-1-e1650095694335-1024x576.webp 1024w, https:\/\/puntocritico.com\/ausajpuntocritico\/wp-content\/uploads\/2022\/04\/MONTAJE-PUTIN-EL-BUENO-1-e1650095694335-768x432.webp 768w, https:\/\/puntocritico.com\/ausajpuntocritico\/wp-content\/uploads\/2022\/04\/MONTAJE-PUTIN-EL-BUENO-1-e1650095694335-1536x864.webp 1536w, https:\/\/puntocritico.com\/ausajpuntocritico\/wp-content\/uploads\/2022\/04\/MONTAJE-PUTIN-EL-BUENO-1-e1650095694335-610x343.webp 610w, https:\/\/puntocritico.com\/ausajpuntocritico\/wp-content\/uploads\/2022\/04\/MONTAJE-PUTIN-EL-BUENO-1-e1650095694335-1320x743.webp 1320w, https:\/\/puntocritico.com\/ausajpuntocritico\/wp-content\/uploads\/2022\/04\/MONTAJE-PUTIN-EL-BUENO-1-e1650095694335.webp 1600w\" sizes=\"auto, (max-width: 678px) 100vw, 678px\" \/><\/p>\n<p>&nbsp;<\/p>\n<p style=\"text-align: justify;\"><span style=\"font-size: 14pt;\"><strong>Occidente tiene un prisma cultural que no sirve para comprender la Rusia de la \u00faltima d\u00e9cada.<\/strong>\u00a0Nuestros analistas todav\u00eda creen que estamos tratando con la\u00a0<a href=\"https:\/\/www.vozpopuli.com\/tag\/union_sovietica\/\" target=\"_blank\" rel=\"noopener\">Uni\u00f3n Sovi\u00e9tica<\/a>\u00a0\u00a1o incluso con la Rusia zarista! Nuestra perspectiva no es neutral, sino la propia del \u201ccapitalismo globalista\u201d. El sustantivo es \u201ccapitalismo\u201d, el apellido es \u201cglobalista\u201d. Por partes.<\/span><\/p>\n<p style=\"text-align: justify;\"><span style=\"font-size: 14pt;\">Llamamos &#8216;capitalismo&#8217; a la cultura que justifica la desigualdad econ\u00f3mica, la multiplicaci\u00f3n y concentraci\u00f3n de la riqueza y la comprensi\u00f3n del mundo en clave de propiedad privada, tal y como explica\u00a0<strong>Thomas Piketty<\/strong>\u00a0en su libro\u00a0<em>Capital e ideolog\u00eda<\/em>\u00a0(Deusto, 2021). Pese a lo que digan sus defensores,\u00a0<strong>el capitalismo no es la independencia del mercado, liberado del Estado<\/strong>. Por el contrario, en el capitalismo no hay independencia ni libertad: todo queda absorbido por el propio mercado, incluso los estados. Varios ejemplos. Las pol\u00edticas p\u00fablicas de la crisis de 2008 fueron dictadas por bancos como\u00a0<strong>Goldman Sachs<\/strong>. Las compraventas nacionales de la\u00a0<a href=\"https:\/\/www.vozpopuli.com\/tag\/coronavirus\/\" target=\"_blank\" rel=\"noopener\">pandemia de la covid\u00a0<\/a>han sido dictadas por grandes farmac\u00e9uticas como\u00a0<strong>Pfizer<\/strong>\u00a0y fondos de inversi\u00f3n como\u00a0<strong>BlackRock<\/strong>. Y la pol\u00edtica exterior durante la crisis ucraniana est\u00e1 siendo dictada por industrias militares como\u00a0<strong>Lockheed Martin<\/strong>\u00a0y\u00a0<strong>Raytheon<\/strong>.<\/span><\/p>\n<p style=\"text-align: justify;\"><span style=\"font-size: 14pt;\">El nombre \u201ccapitalismo\u201d queda claro. Pero \u00bfqu\u00e9 es ese apellido de \u201cglobalista\u201d? Pues es la fase final del capitalismo, como escribe\u00a0<strong>Quinn Slobodian<\/strong>\u00a0en\u00a0<em>Globalistas<\/em>\u00a0(Capit\u00e1n Swing, 2021). En un principio, la Volkswagen es solamente una empresa alemana, o la Siemens una coreana. Sin embargo, como el hambre de dinero no conoce l\u00edmites,<strong>\u00a0todo capitalismo de escala nacional aspira a tener una escala global<\/strong>. Quien m\u00e1s cercano ha estado de lograrlo es el capitalismo angloamericano, que ha puesto un McDonalds en Bagdag y una CocaCola en Hanoi. Pero incluso ellos tendr\u00e1n que v\u00e9rselas con el capitalismo chino, que reclama su mitad del mundo.\u00a0<strong>Llamamos &#8216;globalistas&#8217; a quienes aspiran a lo global, aunque no lo consigan<\/strong>. Igual que el &#8216;perfeccionista&#8217; nunca lograr\u00e1 ser perfecto, pero s\u00ed vivir\u00e1 obsesionado por dicha ilusi\u00f3n.<\/span><\/p>\n<p style=\"text-align: justify;\"><span style=\"font-size: 14pt;\">Es este ansia globalista lo que lleva a los capitalistas de diferentes naciones a querer copiar al capitalismo estadounidense e incorporarse a \u00e9l. Por ello\u00a0<strong>el globalismo no es lo mismo que la globalizaci\u00f3n<\/strong>:, como explica\u00a0<strong>Ulrich Beck<\/strong>\u00a0en su\u00a0<em>\u00bfQu\u00e9 es la globalizaci\u00f3n? Falacias del globalismo\u00a0<\/em>(Booket, 2008). La globalizaci\u00f3n ser\u00eda un intercambio justo entre todos los pueblos del mundo, mientras que, en la pr\u00e1ctica,\u00a0<strong>el globalismo es un ordenamiento del planeta entero seg\u00fan las exigencias particulares del capital angloamericano<\/strong>. Para que los capitalistas alemanes logren vender coches al Pent\u00e1gono, el pueblo alem\u00e1n debe obedecer las instrucciones militares del Pent\u00e1gono. Para que los capitalistas coreanos logren cotizar en Wall Street, el pueblo coreano debe obedecer las instrucciones econ\u00f3micas de Wall Street. Y para que a los capitalistas rusos se les permita operar en d\u00f3lares, el pueblo ruso debe obedecer las instrucciones de Occidente: renunciar a ser un pa\u00eds soberano, aceptar ser una gasolinera perdida en mitad de la estepa (estas fueron las palabras del senador McCain).<\/span><\/p>\n<p style=\"text-align: justify;\"><span style=\"font-size: 14pt;\">Sin embargo, parece ser que el pueblo ruso, apegado a su soberan\u00eda, est\u00e1 dispuesto a morir y matar por el inter\u00e9s de su naci\u00f3n. Siguiendo con las definiciones, \u00bfqu\u00e9 es eso de &#8216;naci\u00f3n&#8217;? Pues, como explican\u00a0<strong>Plat\u00f3n<\/strong>\u00a0en la\u00a0<em>Rep\u00fablica<\/em>\u00a0y\u00a0<strong>Arist\u00f3teles<\/strong>\u00a0en su\u00a0<em>Pol\u00edtica<\/em>,\u00a0<strong>la naci\u00f3n es aquel recinto donde los habitantes se rigen por leyes familiares<\/strong>\u00a0(las personas como hermanos). Fuera de sus l\u00edmites s\u00f3lo existe la ley de la oferta y la demanda (las personas como mercanc\u00edas), o bien la ley de la selva (las personas como animales). El sistema pol\u00edtico de la naci\u00f3n es la democracia soberana. A los sistemas contrarios a la naci\u00f3n, le llamaron los griegos \u201cplutocracia\u201d y \u201coligarqu\u00eda\u201d. Por azares del destino, plut\u00f3cratas y oligarcas acabaron gobernando la propia Grecia: FMI, Comisi\u00f3n Europea y compa\u00f1\u00eda.<\/span><\/p>\n<p style=\"text-align: justify;\"><span style=\"font-size: 14pt;\">Estos poderes financieros, que despreciaron a los griegos como vagos y\u00a0<em>pigs<\/em>, detestan ahora a otra naci\u00f3n heredera del helenismo: Rusia. Y hablan de \u201coligarcas\u201d no para definir a los multimillonarios occidentales, sino a los rusos ricos. El plan maestro de Occidente es\u00a0<strong>sancionar y embargar a los oligarcas rusos, con la idea de que presionen al presidente Putin para finalizar la guerra en Ucrania<\/strong>. Es una absoluta estupidez.\u00a0<\/span><\/p>\n<p style=\"text-align: justify;\"><span style=\"font-size: 14pt;\">En primer lugar, estos oligarcas rusos existen precisamente porque Occidente as\u00ed lo quiso, cuando promocion\u00f3 el desmantelamiento de la Uni\u00f3n Sovi\u00e9tica y la subasta al mejor postor de todos sus sectores p\u00fablicos.\u00a0<strong>Estos oligarcas est\u00e1n m\u00e1s conectados con Occidente que con Putin<\/strong>. Por ejemplo,\u00a0<strong>Petr Aven<\/strong>\u00a0trabaja para la Royal Academy de Londres y\u00a0<strong>Mikhail Fridman<\/strong>\u00a0para la universidad de Yale en EE.UU. Buena parte de ellos ni siquiera son plenamente rusos: muchos tienen nacionalidad israel\u00ed o ucraniana. Son miembros de un capitalismo nacional ruso que no aspira a servir a Rusia, sino a servirse de ella para integrarse en el capitalismo globalista occidental. Hace mucho tiempo que hablan ingl\u00e9s, comercian en d\u00f3lares y tienen su casa en la\u00a0<em>city<\/em>\u00a0de Londres.<\/span><\/p>\n<p style=\"text-align: justify;\">\u00a0<\/p>\n<p style=\"text-align: center;\"><span style=\"font-size: 14pt; color: #008000;\"><strong>Estos oligarcas rusos existen precisamente porque Occidente as\u00ed lo quiso, cuando promocion\u00f3 el desmantelamiento de la Uni\u00f3n Sovi\u00e9tica y la subasta al mejor postor de todos sus sectores p\u00fablicos<\/strong><\/span><\/p>\n<p>&nbsp;<\/p>\n<p style=\"text-align: justify;\"><span style=\"font-size: 14pt;\">Varios de estos (Fridman,\u00a0<strong>Mordashov<\/strong>,\u00a0<strong>Deripaska<\/strong>&#8230;) ya se hab\u00edan posicionado contra la guerra de Ucrania. Los oligarcas de Gazprom han llegado a financiar medios de comunicaci\u00f3n antiguerra. Pero nada de ello ha influido un \u00e1pice sobre el Kremlin. Occidente cree, como el ladr\u00f3n, que todos son de su condici\u00f3n. Y es que, por nuestras latitudes, la guerra y la paz se hacen cuando levanta el tel\u00e9fono la banca de Frankfurt, el CAC-40 o el IBEX-35. Rusia funcionaba as\u00ed hace 10 a\u00f1os, pero ya no. Nuestras \u00e9lites no han le\u00eddo\u00a0<em>Entender la Rusia de Putin<\/em>\u00a0(Akal, 2018) de\u00a0<strong>Rafael Poch-de-Feliu<\/strong>.<\/span><\/p>\n<p style=\"text-align: justify;\"><span style=\"font-size: 14pt;\">Putin lleg\u00f3 al poder en el a\u00f1o 2000, cuando la Rusia de\u00a0<strong>Yeltsin<\/strong>\u00a0estaba siendo desmembrada, humillada y saqueada. Putin plante\u00f3\u00a0<strong>tres grandes objetivos<\/strong>\u00a0que se han ido cumpliendo. El primero es restaurar la centralidad de Mosc\u00fa sobre las regiones rusas; pueden dar buena cuenta de ello los seperatistas chechenos. El segundo es restaurar la centralidad de Rusia en el espacio ex-sovi\u00e9tico; puede dar buena cuenta el gobierno georgiano. Y el tercero (que es el que aqu\u00ed nos ocupa) es restaurar la centralidad del poder pol\u00edtico por encima del poder econ\u00f3mico; pueden dar buena cuenta los oligarcas que fueron encarcelados, como\u00a0<strong>Vladimir Gussinsky<\/strong>\u00a0y\u00a0<strong>Mikhail Khodorkovsky.<\/strong>\u00a0Gussinsky invert\u00eda en medios de comunicaci\u00f3n y Khodorkovsky en agrupaciones pol\u00edticas, as\u00ed que los medios occidentales presentaron estas penas como casos de censura informativa y persecuci\u00f3n de opositores. Lo importante no era entender a Rusia, sino caracterizarla como una dictadura.<\/span><\/p>\n<p>&nbsp;<\/p>\n<p style=\"text-align: center;\"><strong><span style=\"color: #008000; font-size: 14pt;\">Hoy, las sanciones de Occidente pesan sobre los oligarcas rusos, pero pesan mucho m\u00e1s las amenazas lanzadas por Putin en su discurso de hace unos d\u00edas<\/span><\/strong><\/p>\n<p>&nbsp;<\/p>\n<p style=\"text-align: justify;\"><span style=\"font-size: 14pt;\">Hoy, las sanciones de Occidente pesan sobre los oligarcas rusos, pero pesan mucho m\u00e1s las amenazas lanzadas por Putin en su discurso de hace unos d\u00edas. Estos ricos -dice Putin-\u00a0<strong>tienen su mansi\u00f3n en Miami, su yate en la Riviera Francesa y, lo que es peor, su cabeza y su coraz\u00f3n tambi\u00e9n all\u00ed<\/strong>, muy lejos de Rusia y sus necesidades. Vender\u00edan -dice Putin- a su abuelita rusa con tal de poder sentarse junto a la casta superior globalista. Lo que haremos con ellos -dice Putin- es escupirlos de nuestra boca como a insectos. En los siguientes d\u00edas abandon\u00f3 el pa\u00eds\u00a0<strong>Anatoly Chublais<\/strong>, economista en tiempos de Yeltsin.<\/span><\/p>\n<p style=\"text-align: justify;\"><span style=\"font-size: 14pt;\">Hemos empezado diciendo que el capitalismo globalista se equivoca creyendo que la Rusia de Putin es la de Stalin o la del zar Nicol\u00e1s. Pero\u00a0<strong>el error m\u00e1s grave es creer que la Rusia de Putin sigue siendo la Rusia de Yeltsin<\/strong>.<\/span><\/p>\n<p>&nbsp;<\/p>\n<\/blockquote>\n<blockquote>\n<p><img loading=\"lazy\" decoding=\"async\" class=\"wp-image-2229765 size-medium aligncenter\" src=\"https:\/\/puntocritico.com\/ausajpuntocritico\/wp-content\/uploads\/2021\/10\/Dada-ruso-1-243x300.jpg\" alt=\"\" width=\"243\" height=\"300\" data-id=\"2229765\" srcset=\"https:\/\/puntocritico.com\/ausajpuntocritico\/wp-content\/uploads\/2021\/10\/Dada-ruso-1-243x300.jpg 243w, https:\/\/puntocritico.com\/ausajpuntocritico\/wp-content\/uploads\/2021\/10\/Dada-ruso-1.jpg 422w\" sizes=\"auto, (max-width: 243px) 100vw, 243px\" \/><\/p>\n<\/blockquote>\n<p style=\"text-align: center;\"><span style=\"font-size: 18pt;\"><strong><span style=\"color: #008000;\">*******<\/span><\/strong><\/span><\/p>\n<p style=\"text-align: center;\"><strong><span style=\"font-size: 24pt;\">VLADIMIR PUTIN: Serie de Entrevistas (2 de 2), por OLIVER STONE (2015-2017)<\/span><\/strong><\/p>\n<h2 class=\"vp-layer-info_h textWrap\" style=\"text-align: center;\"><strong>Oliver Stone: Entrevistas a Putin (2017) Cap\u00edtulo 3<\/strong><\/h2>\n<div id=\"hook_Block_AutoplayLayerPinsRBlock\" class=\"hookBlock\" style=\"text-align: center;\"><iframe loading=\"lazy\" title=\"YouTube video player\" src=\"\/\/www.youtube.com\/embed\/0gwBBWjhGhQ?si=vqYpETJEsrPMa8hJ\" width=\"560\" height=\"315\" frameborder=\"0\" allowfullscreen=\"allowfullscreen\"><\/iframe><\/div>\n<p>&nbsp;<\/p>\n<div>\n<blockquote>\n<div style=\"text-align: center;\"><span style=\"font-size: 14pt;\">Oliver Stone charla con Vladimir Putin sobre las figuras pol\u00edticas de los \u00faltimos a\u00f1os. El l\u00edder ruso valorar\u00e1 su relaci\u00f3n con los presidentes americanos Clinton y Trump, as\u00ed como su v\u00ednculo con sus predecesores, Boris Yeltsin y Mijail Gorbachov.<\/span><\/div>\n<\/blockquote>\n<\/div>\n<div>\u00a0<\/div>\n<div><img loading=\"lazy\" decoding=\"async\" class=\"aligncenter wp-image-2244449\" src=\"https:\/\/puntocritico.com\/ausajpuntocritico\/wp-content\/uploads\/2022\/04\/Putin-Stone-4.jpg\" alt=\"\" width=\"480\" height=\"270\" data-id=\"2244449\" srcset=\"https:\/\/puntocritico.com\/ausajpuntocritico\/wp-content\/uploads\/2022\/04\/Putin-Stone-4.jpg 1280w, https:\/\/puntocritico.com\/ausajpuntocritico\/wp-content\/uploads\/2022\/04\/Putin-Stone-4-300x169.jpg 300w, https:\/\/puntocritico.com\/ausajpuntocritico\/wp-content\/uploads\/2022\/04\/Putin-Stone-4-1024x576.jpg 1024w, https:\/\/puntocritico.com\/ausajpuntocritico\/wp-content\/uploads\/2022\/04\/Putin-Stone-4-768x432.jpg 768w, https:\/\/puntocritico.com\/ausajpuntocritico\/wp-content\/uploads\/2022\/04\/Putin-Stone-4-610x343.jpg 610w, https:\/\/puntocritico.com\/ausajpuntocritico\/wp-content\/uploads\/2022\/04\/Putin-Stone-4-678x381.jpg 678w\" sizes=\"auto, (max-width: 480px) 100vw, 480px\" \/><\/div>\n<p style=\"text-align: center;\"><strong><span style=\"color: #008000; font-size: 18pt;\">*******<\/span><\/strong><\/p>\n<h2 class=\"vp-layer-info_h textWrap\" style=\"text-align: center;\"><strong>Oliver Stone: Entrevistas a Putin (2017) Cap\u00edtulo 4<\/strong><\/h2>\n<p style=\"text-align: center;\"><iframe loading=\"lazy\" title=\"YouTube video player\" src=\"\/\/www.youtube.com\/embed\/PtLhiBgzZL0?si=-0CXmdUr9iE80Hxc\" width=\"560\" height=\"315\" frameborder=\"0\" allowfullscreen=\"allowfullscreen\"><\/iframe><\/p>\n<p>&nbsp;<\/p>\n<div>\n<blockquote>\n<div style=\"text-align: center;\"><span style=\"font-size: 14pt;\">\u00daltimo episodio de la entrevista que el cineasta Oliver Stone realiz\u00f3 al dirigente ruso Vladimir Putin. El mandatario eslavo habla de temas tan espinosos como la guerra de Siria o la supuesta intromisi\u00f3n rusa en las elecciones estadounidenses.<\/span><\/div>\n<\/blockquote>\n<\/div>\n<p>&nbsp;<\/p>\n<p><img loading=\"lazy\" decoding=\"async\" class=\"aligncenter wp-image-2244450\" src=\"https:\/\/puntocritico.com\/ausajpuntocritico\/wp-content\/uploads\/2022\/04\/Putin-Stone-2.jpg\" alt=\"\" width=\"480\" height=\"270\" data-id=\"2244450\" srcset=\"https:\/\/puntocritico.com\/ausajpuntocritico\/wp-content\/uploads\/2022\/04\/Putin-Stone-2.jpg 1280w, https:\/\/puntocritico.com\/ausajpuntocritico\/wp-content\/uploads\/2022\/04\/Putin-Stone-2-300x169.jpg 300w, https:\/\/puntocritico.com\/ausajpuntocritico\/wp-content\/uploads\/2022\/04\/Putin-Stone-2-1024x576.jpg 1024w, https:\/\/puntocritico.com\/ausajpuntocritico\/wp-content\/uploads\/2022\/04\/Putin-Stone-2-768x432.jpg 768w, https:\/\/puntocritico.com\/ausajpuntocritico\/wp-content\/uploads\/2022\/04\/Putin-Stone-2-610x343.jpg 610w, https:\/\/puntocritico.com\/ausajpuntocritico\/wp-content\/uploads\/2022\/04\/Putin-Stone-2-678x381.jpg 678w\" sizes=\"auto, (max-width: 480px) 100vw, 480px\" \/><\/p>\n<p style=\"text-align: center;\"><strong><span style=\"color: #008000; font-size: 18pt;\">*******<\/span><\/strong><\/p>\n<h2 style=\"text-align: justify;\"><span style=\"font-size: 14pt;\"><strong>RELACIONADOS:<\/strong><\/span><\/h2>\n<blockquote class=\"wp-embedded-content\" data-secret=\"LJZRHgma9x\"><p><a href=\"https:\/\/puntocritico.com\/ausajpuntocritico\/2018\/04\/17\/las-guerras-por-la-paz-se-basan-en-las-mentiras-en-siria-como-en-irak\/\">Las Guerras por la Paz se basan en las mentiras; en Siria como en Irak<\/a><\/p><\/blockquote>\n<p><iframe loading=\"lazy\" class=\"wp-embedded-content\" sandbox=\"allow-scripts\" security=\"restricted\" style=\"position: absolute; visibility: hidden;\" title=\"\u00abLas Guerras por la Paz se basan en las mentiras; en Siria como en Irak\u00bb \u2014 Punto Cr\u00edtico Derechos Humanos\" src=\"https:\/\/puntocritico.com\/ausajpuntocritico\/2018\/04\/17\/las-guerras-por-la-paz-se-basan-en-las-mentiras-en-siria-como-en-irak\/embed\/#?secret=1DXxKlnPno#?secret=LJZRHgma9x\" data-secret=\"LJZRHgma9x\" width=\"500\" height=\"282\" frameborder=\"0\" marginwidth=\"0\" marginheight=\"0\" scrolling=\"no\"><\/iframe><\/p>\n<blockquote class=\"wp-embedded-content\" data-secret=\"NU18xgvRjk\"><p><a href=\"https:\/\/puntocritico.com\/ausajpuntocritico\/2022\/04\/09\/secretos-de-estado\/\">\u00abSECRETOS DE ESTADO\u00bb, (\u00abOfficial Secrets\u00bb, pel\u00edcula de Gavin Hood, 2019; basada en hechos reales). LA GUERRA DE IRAK: MENTIRAS DE DESTRUCCI\u00d3N MASIVA: La conocida estrategia de EE.UU. para iniciar guerras.<\/a><\/p><\/blockquote>\n<p><iframe loading=\"lazy\" class=\"wp-embedded-content\" sandbox=\"allow-scripts\" security=\"restricted\" style=\"position: absolute; visibility: hidden;\" title=\"\u00ab\u00abSECRETOS DE ESTADO\u00bb, (\u00abOfficial Secrets\u00bb, pel\u00edcula de Gavin Hood, 2019; basada en hechos reales). LA GUERRA DE IRAK: MENTIRAS DE DESTRUCCI\u00d3N MASIVA: La conocida estrategia de EE.UU. para iniciar guerras.\u00bb \u2014 Punto Cr\u00edtico Derechos Humanos\" src=\"https:\/\/puntocritico.com\/ausajpuntocritico\/2022\/04\/09\/secretos-de-estado\/embed\/#?secret=MdjCpJ1YFP#?secret=NU18xgvRjk\" data-secret=\"NU18xgvRjk\" width=\"500\" height=\"282\" frameborder=\"0\" marginwidth=\"0\" marginheight=\"0\" scrolling=\"no\"><\/iframe><\/p>\n<blockquote class=\"wp-embedded-content\" data-secret=\"Gq5kDMnobJ\"><p><a href=\"https:\/\/puntocritico.com\/ausajpuntocritico\/2022\/04\/16\/vladimir-putin\/\">VLADIMIR PUTIN: Serie de Entrevistas (1 de 2), por OLIVER STONE (2015-2017). \u00abNada es blanco y nada es negro. Solo hay distintas tonalidades de gris\u00bb<\/a><\/p><\/blockquote>\n<p><iframe loading=\"lazy\" class=\"wp-embedded-content\" sandbox=\"allow-scripts\" security=\"restricted\" style=\"position: absolute; visibility: hidden;\" title=\"\u00abVLADIMIR PUTIN: Serie de Entrevistas (1 de 2), por OLIVER STONE (2015-2017). \u00abNada es blanco y nada es negro. Solo hay distintas tonalidades de gris\u00bb\u00bb \u2014 Punto Cr\u00edtico Derechos Humanos\" src=\"https:\/\/puntocritico.com\/ausajpuntocritico\/2022\/04\/16\/vladimir-putin\/embed\/#?secret=ZPs0Jn4FGM#?secret=Gq5kDMnobJ\" data-secret=\"Gq5kDMnobJ\" width=\"500\" height=\"282\" frameborder=\"0\" marginwidth=\"0\" marginheight=\"0\" scrolling=\"no\"><\/iframe><\/p>\n<blockquote class=\"wp-embedded-content\" data-secret=\"j9n6pS2pJ7\"><p><a href=\"https:\/\/puntocritico.com\/ausajpuntocritico\/2022\/03\/19\/donbass-2018-documental-de-sergei-loznitsa-ucrania\/\">DONBASS (2018), Documental de Sergei Loznitsa (Ucrania). LA POBLACI\u00d3N ABANDONADA. Extorsionados por las mafias del Independentismo Pro Ruso, mientras son bombardeados por su Gobierno.<\/a><\/p><\/blockquote>\n<p><iframe loading=\"lazy\" class=\"wp-embedded-content\" sandbox=\"allow-scripts\" security=\"restricted\" style=\"position: absolute; visibility: hidden;\" title=\"\u00abDONBASS (2018), Documental de Sergei Loznitsa (Ucrania). LA POBLACI\u00d3N ABANDONADA. Extorsionados por las mafias del Independentismo Pro Ruso, mientras son bombardeados por su Gobierno.\u00bb \u2014 Punto Cr\u00edtico Derechos Humanos\" src=\"https:\/\/puntocritico.com\/ausajpuntocritico\/2022\/03\/19\/donbass-2018-documental-de-sergei-loznitsa-ucrania\/embed\/#?secret=IHrD2vXs9R#?secret=j9n6pS2pJ7\" data-secret=\"j9n6pS2pJ7\" width=\"500\" height=\"282\" frameborder=\"0\" marginwidth=\"0\" marginheight=\"0\" scrolling=\"no\"><\/iframe><\/p>\n<blockquote class=\"wp-embedded-content\" data-secret=\"hXgFscgl3H\"><p><a href=\"https:\/\/puntocritico.com\/ausajpuntocritico\/2022\/04\/05\/zelenskyelfoton\/\">ZELENSKY, UN FOT\u00d3N EMANCIPADO. \u00abServidor del Pueblo\u00bb, la serie de Netflix, con la que Silicon Valley gan\u00f3 las elecciones de Ucrania.<\/a><\/p><\/blockquote>\n<p><iframe loading=\"lazy\" class=\"wp-embedded-content\" sandbox=\"allow-scripts\" security=\"restricted\" style=\"position: absolute; visibility: hidden;\" title=\"\u00abZELENSKY, UN FOT\u00d3N EMANCIPADO. \u00abServidor del Pueblo\u00bb, la serie de Netflix, con la que Silicon Valley gan\u00f3 las elecciones de Ucrania.\u00bb \u2014 Punto Cr\u00edtico Derechos Humanos\" src=\"https:\/\/puntocritico.com\/ausajpuntocritico\/2022\/04\/05\/zelenskyelfoton\/embed\/#?secret=y5LkPtn8F8#?secret=hXgFscgl3H\" data-secret=\"hXgFscgl3H\" width=\"500\" height=\"282\" frameborder=\"0\" marginwidth=\"0\" marginheight=\"0\" scrolling=\"no\"><\/iframe><\/p>\n<blockquote class=\"wp-embedded-content\" data-secret=\"6qCkKVm8Va\"><p><a href=\"https:\/\/puntocritico.com\/ausajpuntocritico\/2022\/04\/04\/pandora-papers-zelensky\/\">UCRANIA: EL PRESIDENTE, ZELENSKY, INVOLUCRADO EN LOS \u00abPANDORA PAPERS\u00bb: Las Sociedades en Para\u00edsos Fiscales (\u00abOff-Shore\u00bb) del presidente ucraniano y su c\u00edrculo \u00edntimo.<\/a><\/p><\/blockquote>\n<p><iframe loading=\"lazy\" class=\"wp-embedded-content\" sandbox=\"allow-scripts\" security=\"restricted\" style=\"position: absolute; visibility: hidden;\" title=\"\u00abUCRANIA: EL PRESIDENTE, ZELENSKY, INVOLUCRADO EN LOS \u00abPANDORA PAPERS\u00bb: Las Sociedades en Para\u00edsos Fiscales (\u00abOff-Shore\u00bb) del presidente ucraniano y su c\u00edrculo \u00edntimo.\u00bb \u2014 Punto Cr\u00edtico Derechos Humanos\" src=\"https:\/\/puntocritico.com\/ausajpuntocritico\/2022\/04\/04\/pandora-papers-zelensky\/embed\/#?secret=knzNBRkIdf#?secret=6qCkKVm8Va\" data-secret=\"6qCkKVm8Va\" width=\"500\" height=\"282\" frameborder=\"0\" marginwidth=\"0\" marginheight=\"0\" scrolling=\"no\"><\/iframe><\/p>\n<blockquote class=\"wp-embedded-content\" data-secret=\"GAXSF3n6HL\"><p><a href=\"https:\/\/puntocritico.com\/ausajpuntocritico\/2022\/03\/16\/donbass-el-genocidio-cancelado\/\">DONBASS, LA GUERRA OLVIDADA. La CRIMINAL INVASI\u00d3N RUSA de Ucrania, no absuelve a Occidente por su colaboraci\u00f3n con grupos paramilitares fascistas ucranianos, como el Neonazi \u00abBatall\u00f3n Azov\u00bb.<\/a><\/p><\/blockquote>\n<p><iframe loading=\"lazy\" class=\"wp-embedded-content\" sandbox=\"allow-scripts\" security=\"restricted\" style=\"position: absolute; visibility: hidden;\" title=\"\u00abDONBASS, LA GUERRA OLVIDADA. La CRIMINAL INVASI\u00d3N RUSA de Ucrania, no absuelve a Occidente por su colaboraci\u00f3n con grupos paramilitares fascistas ucranianos, como el Neonazi \u00abBatall\u00f3n Azov\u00bb.\u00bb \u2014 Punto Cr\u00edtico Derechos Humanos\" src=\"https:\/\/puntocritico.com\/ausajpuntocritico\/2022\/03\/16\/donbass-el-genocidio-cancelado\/embed\/#?secret=0Ly2BNu49D#?secret=GAXSF3n6HL\" data-secret=\"GAXSF3n6HL\" width=\"500\" height=\"282\" frameborder=\"0\" marginwidth=\"0\" marginheight=\"0\" scrolling=\"no\"><\/iframe><\/p>\n<blockquote class=\"wp-embedded-content\" data-secret=\"sNdY4rxxKp\"><p><a href=\"https:\/\/puntocritico.com\/ausajpuntocritico\/2022\/01\/29\/oliver-stone-ucrania-en-llamas-oliver-stone-ukraine-on-fire-subtitulos-en-espanol-subtitulos-en-espanol-2\/\">UCRANIA EN LLAMAS: Oliver Stone: Ukraine on Fire (Subt\u00edtulos en espa\u00f1ol)<\/a><\/p><\/blockquote>\n<p><iframe loading=\"lazy\" class=\"wp-embedded-content\" sandbox=\"allow-scripts\" security=\"restricted\" style=\"position: absolute; visibility: hidden;\" title=\"\u00abUCRANIA EN LLAMAS: Oliver Stone: Ukraine on Fire (Subt\u00edtulos en espa\u00f1ol)\u00bb \u2014 Punto Cr\u00edtico Derechos Humanos\" src=\"https:\/\/puntocritico.com\/ausajpuntocritico\/2022\/01\/29\/oliver-stone-ucrania-en-llamas-oliver-stone-ukraine-on-fire-subtitulos-en-espanol-subtitulos-en-espanol-2\/embed\/#?secret=kQqpQwYgzE#?secret=sNdY4rxxKp\" data-secret=\"sNdY4rxxKp\" width=\"500\" height=\"282\" frameborder=\"0\" marginwidth=\"0\" marginheight=\"0\" scrolling=\"no\"><\/iframe><\/p>\n<blockquote class=\"wp-embedded-content\" data-secret=\"edvcezkaac\"><p><a href=\"https:\/\/puntocritico.com\/ausajpuntocritico\/2020\/01\/22\/espana-en-llamas-paralelismos-y-coincidencias-por-jesus-diaz-formoso-conversacion-con-carlos-tena\/\">\u201cESPA\u00d1A EN LLAMAS\u201d: PARALELISMOS Y COINCIDENCIAS (por Jes\u00fas D\u00edaz Formoso); conversaci\u00f3n con Carlos Tena<\/a><\/p><\/blockquote>\n<p><iframe loading=\"lazy\" class=\"wp-embedded-content\" sandbox=\"allow-scripts\" security=\"restricted\" style=\"position: absolute; visibility: hidden;\" title=\"\u00ab\u201cESPA\u00d1A EN LLAMAS\u201d: PARALELISMOS Y COINCIDENCIAS (por Jes\u00fas D\u00edaz Formoso); conversaci\u00f3n con Carlos Tena\u00bb \u2014 Punto Cr\u00edtico Derechos Humanos\" src=\"https:\/\/puntocritico.com\/ausajpuntocritico\/2020\/01\/22\/espana-en-llamas-paralelismos-y-coincidencias-por-jesus-diaz-formoso-conversacion-con-carlos-tena\/embed\/#?secret=s2FanQwCmQ#?secret=edvcezkaac\" data-secret=\"edvcezkaac\" width=\"500\" height=\"282\" frameborder=\"0\" marginwidth=\"0\" marginheight=\"0\" scrolling=\"no\"><\/iframe><\/p>\n<blockquote class=\"wp-embedded-content\" data-secret=\"FrShefX0JI\"><p><a href=\"https:\/\/puntocritico.com\/ausajpuntocritico\/2022\/03\/09\/por-que-la-guerra-correspondencia-entre-einstein-y-freud-2\/\">\u00bfPOR QU\u00c9 LA GUERRA? CORRESPONDENCIA ENTRE EINSTEIN Y FREUD<\/a><\/p><\/blockquote>\n<p><iframe loading=\"lazy\" class=\"wp-embedded-content\" sandbox=\"allow-scripts\" security=\"restricted\" style=\"position: absolute; visibility: hidden;\" title=\"\u00ab\u00bfPOR QU\u00c9 LA GUERRA? CORRESPONDENCIA ENTRE EINSTEIN Y FREUD\u00bb \u2014 Punto Cr\u00edtico Derechos Humanos\" src=\"https:\/\/puntocritico.com\/ausajpuntocritico\/2022\/03\/09\/por-que-la-guerra-correspondencia-entre-einstein-y-freud-2\/embed\/#?secret=HeE5ESMFnl#?secret=FrShefX0JI\" data-secret=\"FrShefX0JI\" width=\"500\" height=\"282\" frameborder=\"0\" marginwidth=\"0\" marginheight=\"0\" scrolling=\"no\"><\/iframe><\/p>\n<blockquote class=\"wp-embedded-content\" data-secret=\"HY5U6D9jUl\"><p><a href=\"https:\/\/puntocritico.com\/ausajpuntocritico\/2022\/04\/02\/el-caso-collini\/\">EL NAZISMO NO TERMIN\u00d3 EN 1945: EL CASO COLLINI (\u00abThe Collini Case\u00bb) &#8211; pel\u00edcula de Marco Kreuzpaintner (Alemania, 2019).<\/a><\/p><\/blockquote>\n<p><iframe loading=\"lazy\" class=\"wp-embedded-content\" sandbox=\"allow-scripts\" security=\"restricted\" style=\"position: absolute; visibility: hidden;\" title=\"\u00abEL NAZISMO NO TERMIN\u00d3 EN 1945: EL CASO COLLINI (\u00abThe Collini Case\u00bb) &#8211; pel\u00edcula de Marco Kreuzpaintner (Alemania, 2019).\u00bb \u2014 Punto Cr\u00edtico Derechos Humanos\" src=\"https:\/\/puntocritico.com\/ausajpuntocritico\/2022\/04\/02\/el-caso-collini\/embed\/#?secret=xKdTF3ecl3#?secret=HY5U6D9jUl\" data-secret=\"HY5U6D9jUl\" width=\"500\" height=\"282\" frameborder=\"0\" marginwidth=\"0\" marginheight=\"0\" scrolling=\"no\"><\/iframe><\/p>\n<blockquote class=\"wp-embedded-content\" data-secret=\"LLGtLqox7l\"><p><a href=\"https:\/\/puntocritico.com\/ausajpuntocritico\/2022\/04\/06\/esta-todo-en-shakespeare\/\">TEMA DEL TRAIDOR Y DEL H\u00c9ROE: \u00abAy del que est\u00e1 solo\u00bb, por Luis Algorri. \u00abEst\u00e1 todo en Shakespeare. No hace falta buscar mucho m\u00e1s all\u00e1\u00bb.<\/a><\/p><\/blockquote>\n<p><iframe loading=\"lazy\" class=\"wp-embedded-content\" sandbox=\"allow-scripts\" security=\"restricted\" style=\"position: absolute; visibility: hidden;\" title=\"\u00abTEMA DEL TRAIDOR Y DEL H\u00c9ROE: \u00abAy del que est\u00e1 solo\u00bb, por Luis Algorri. \u00abEst\u00e1 todo en Shakespeare. No hace falta buscar mucho m\u00e1s all\u00e1\u00bb.\u00bb \u2014 Punto Cr\u00edtico Derechos Humanos\" src=\"https:\/\/puntocritico.com\/ausajpuntocritico\/2022\/04\/06\/esta-todo-en-shakespeare\/embed\/#?secret=WxUPgGSoIr#?secret=LLGtLqox7l\" data-secret=\"LLGtLqox7l\" width=\"500\" height=\"282\" frameborder=\"0\" marginwidth=\"0\" marginheight=\"0\" scrolling=\"no\"><\/iframe><\/p>\n<p>&nbsp;<\/p>\n<p><a href=\"https:\/\/puntocritico.com\/ausajpuntocritico\/author\/punto-critico\/\" target=\"_blank\" rel=\"noopener\"><img loading=\"lazy\" decoding=\"async\" class=\"aligncenter wp-image-9528\" src=\"https:\/\/puntocritico.com\/ausajpuntocritico\/wp-content\/uploads\/2018\/03\/Mosca_Punto_Cr\u00edtico_40.png\" alt=\"\" width=\"80\" height=\"80\" data-id=\"9528\" \/><\/a><\/p>\n<p>&nbsp;<\/p>\n","protected":false},"excerpt":{"rendered":"<div class=\"mh-excerpt\"><p>VLADIMIR PUTIN: Serie de Entrevistas (1 de 2), por OLIVER STONE (2015-2017). &nbsp; El cambio cultural en la Rusia de Putin que Occidente no comprende Hoy, las sanciones de Occidente pesan sobre los oligarcas rusos, <a class=\"mh-excerpt-more\" href=\"https:\/\/puntocritico.com\/ausajpuntocritico\/2022\/04\/23\/vladimir-putin-serie-de-entrevistas-2\/\" title=\"VLADIMIR PUTIN: Serie de Entrevistas (2 de 2), por OLIVER STONE (2015-2017).\">[&#8230;]<\/a><\/p>\n<\/div>","protected":false},"author":3,"featured_media":2245939,"comment_status":"open","ping_status":"closed","sticky":false,"template":"","format":"standard","meta":{"_acf_changed":false,"_exactmetrics_skip_tracking":false,"_exactmetrics_sitenote_active":false,"_exactmetrics_sitenote_note":"","_exactmetrics_sitenote_category":0,"footnotes":""},"categories":[25,7],"tags":[39],"class_list":{"0":"post-2244705","1":"post","2":"type-post","3":"status-publish","4":"format-standard","5":"has-post-thumbnail","7":"category-documentales","8":"category-politica","9":"tag-ucrania"},"acf":[],"_links":{"self":[{"href":"https:\/\/puntocritico.com\/ausajpuntocritico\/wp-json\/wp\/v2\/posts\/2244705","targetHints":{"allow":["GET"]}}],"collection":[{"href":"https:\/\/puntocritico.com\/ausajpuntocritico\/wp-json\/wp\/v2\/posts"}],"about":[{"href":"https:\/\/puntocritico.com\/ausajpuntocritico\/wp-json\/wp\/v2\/types\/post"}],"author":[{"embeddable":true,"href":"https:\/\/puntocritico.com\/ausajpuntocritico\/wp-json\/wp\/v2\/users\/3"}],"replies":[{"embeddable":true,"href":"https:\/\/puntocritico.com\/ausajpuntocritico\/wp-json\/wp\/v2\/comments?post=2244705"}],"version-history":[{"count":0,"href":"https:\/\/puntocritico.com\/ausajpuntocritico\/wp-json\/wp\/v2\/posts\/2244705\/revisions"}],"wp:featuredmedia":[{"embeddable":true,"href":"https:\/\/puntocritico.com\/ausajpuntocritico\/wp-json\/wp\/v2\/media\/2245939"}],"wp:attachment":[{"href":"https:\/\/puntocritico.com\/ausajpuntocritico\/wp-json\/wp\/v2\/media?parent=2244705"}],"wp:term":[{"taxonomy":"category","embeddable":true,"href":"https:\/\/puntocritico.com\/ausajpuntocritico\/wp-json\/wp\/v2\/categories?post=2244705"},{"taxonomy":"post_tag","embeddable":true,"href":"https:\/\/puntocritico.com\/ausajpuntocritico\/wp-json\/wp\/v2\/tags?post=2244705"}],"curies":[{"name":"wp","href":"https:\/\/api.w.org\/{rel}","templated":true}]}}