{"id":2243113,"date":"2022-03-16T00:05:34","date_gmt":"2022-03-15T23:05:34","guid":{"rendered":"https:\/\/puntocritico.com\/ausajpuntocritico\/?p=2243113"},"modified":"2024-09-14T16:08:49","modified_gmt":"2024-09-14T14:08:49","slug":"donbass-el-genocidio-cancelado","status":"publish","type":"post","link":"https:\/\/puntocritico.com\/ausajpuntocritico\/2022\/03\/16\/donbass-el-genocidio-cancelado\/","title":{"rendered":"DONBASS, LA GUERRA OLVIDADA. La CRIMINAL INVASI\u00d3N RUSA de Ucrania, no absuelve a Occidente por su colaboraci\u00f3n con grupos paramilitares fascistas ucranianos, como el Neonazi \u00abBatall\u00f3n Azov\u00bb."},"content":{"rendered":"<p style=\"text-align: justify;\"><span style=\"font-size: 14pt; color: #008000;\">DONBASS, LA GUERRA OLVIDADA<\/span><\/p>\n<p style=\"text-align: justify;\"><\/p>\n<blockquote>\n<h2 class=\"new_title\" style=\"text-align: center;\">\u00abEL GOBIERNO DE UCRANIA EST\u00c1 BOMBARDEANDO A LA POBLACI\u00d3N -UCRANIANA- DE DONBASS\u00bb<\/h2>\n<p style=\"text-align: justify;\"><span style=\"font-size: 14pt;\"><strong>Anne-Laure Bonnel<\/strong>, reportera de guerra freelance y profesora en La Sorbonne<\/span><\/p>\n<\/blockquote>\n<p>&lt;<\/p>\n<div style=\"padding: 56.25% 0 0 0; position: relative;\"><iframe style=\"position: absolute; top: 0; left: 0; width: 100%; height: 100%;\" title=\"A-L Bonnel_ &amp;laquo; Le Gvt Ukrainien bombarde sa population aujourd&amp;#039;hui, o&amp;ugrave; je me trouve Donbass,  13 000.mp4\" src=\"https:\/\/player.vimeo.com\/video\/688397619?h=11709c7c20&amp;badge=0&amp;autopause=0&amp;player_id=0&amp;app_id=58479\" frameborder=\"0\" allowfullscreen=\"allowfullscreen\"><\/iframe><\/div>\n<p>&nbsp;<\/p>\n<blockquote>\n<p style=\"text-align: center;\"><span style=\"font-size: 18pt;\"><strong><em>\u00abEl ej\u00e9rcito ucraniano est\u00e1 bombardeando a los civiles\u00bb.<\/em><\/strong><\/span><\/p>\n<p style=\"text-align: center;\"><span style=\"font-size: 14pt;\">Fragmento de 2 minutos del Video con Subt\u00edtulos en espa\u00f1ol <a href=\"https:\/\/www.youtube.com\/watch?v=HH2zE_U5yYw&amp;t=20s\" target=\"_blank\" rel=\"noopener\">aqu\u00ed<\/a><\/span><\/p>\n<p style=\"text-align: center;\"><a href=\"https:\/\/www.youtube.com\/watch?v=Gvp6MMYHzs4\" target=\"_blank\" rel=\"noopener\"><span style=\"font-size: 14pt;\">La noticia en RTVE<\/span><\/a><\/p>\n<p style=\"text-align: center;\"><span style=\"color: #008000;\"><strong><span style=\"font-size: 18pt;\">*******<\/span><\/strong><\/span><\/p>\n<p style=\"text-align: justify;\"><span style=\"font-size: 14pt;\"><strong>Al menos 23 personas han muerto y una veintena han resultado heridas en un ataque de las fuerzas ucranianas sobre la regi\u00f3n separatista de Donetsk,<\/strong>\u00a0en el este del pa\u00eds, informaron este lunes las agencias rusas, que citan fuentes de las autoridades separatistas de esta \u00e1rea. <\/span><\/p>\n<p style=\"text-align: justify;\"><span style=\"font-size: 14pt;\">Seg\u00fan estas fuentes, hay al menos un ni\u00f1o entre los fallecidos causados por un misil tipo Tochka-U, que conten\u00eda una carga de racimo, dijo el jefe de la autoproclamada Rep\u00fablica Popular de Donestk, Denis Pushilin. <\/span><\/p>\n<p style=\"text-align: justify;\"><span style=\"font-size: 14pt;\">\u00abTochka-U llevaba una carga de racimo, que est\u00e1 prohibida, como sabemos. Si no hubiera sido derribado habr\u00eda habido un n\u00famero desproporcionadamente mayor de v\u00edctimas\u00bb, dijo Pushilin en el programa\u00a0<em>60 Minutes<\/em>\u00a0de\u00a0<em>Russia 1<\/em>, seg\u00fan la agencia Sputnik.<\/span><\/p>\n<p style=\"text-align: right;\"><span style=\"font-size: 14pt;\"><a href=\"https:\/\/www.vozpopuli.com\/internacional\/ucrania-rusia-dialogo-muertos-civiles.html\" target=\"_blank\" rel=\"noopener\">Vozpopuli<\/a>, lunes 14 de marzo e 2022<\/span><\/p>\n<p style=\"text-align: center;\"><span style=\"color: #008000;\"><strong><span style=\"font-size: 18pt;\">*******<\/span><\/strong><\/span><\/p>\n<h3 style=\"text-align: center;\"><span style=\"font-size: 18pt;\"><strong>Desde el Golpe de Estado de 2014 (Maidan) el Gobierno de Ucrania ha matado a m\u00e1s de 13.000 ciudadanos ucranianos de Donbass<\/strong><\/span><\/h3>\n<p style=\"text-align: center;\"><em><strong><span style=\"font-size: 14pt;\">El Gobierno de Ucrania est\u00e1 bombardeando a su poblaci\u00f3n, en el Donbass, que se encuentran, desde 2014, sin Servicios P\u00fablicos, sin pagarles sus pensiones, sin m\u00e9dicos ni medicamentos, sin suministro de agua o Redes de Saneamiento.<\/span><\/strong><\/em><\/p>\n<p style=\"text-align: center;\"><span style=\"font-size: 14pt;\"><strong><a href=\"https:\/\/www.youtube.com\/watch?v=8L_9-GS7ZCM\" target=\"_blank\" rel=\"noopener\">Entrevista de 7 de marzo de 2022: Anne Laure Bonnel en Sud Radio (en franc\u00e9s)<\/a><\/strong><\/span><\/p>\n<p style=\"text-align: center;\"><em><span style=\"font-size: 14pt;\">Avec Anne-Laure Bonnel, reporter de guerre ind\u00e9pendante et enseignante en audiovisuel \u00e0 La Sorbonne et \u00e0 l\u2019ENS Cachan. R\u00e9alisatrice de \u201cDonbass\u201d en 2016, contributrice pour Le Figaro.<\/span><\/em><\/p>\n<\/blockquote>\n<p style=\"text-align: center;\"><span style=\"font-size: 18pt;\"><strong><span style=\"color: #008000;\">*******<\/span><\/strong><\/span><\/p>\n<h2 class=\"title style-scope ytd-video-primary-info-renderer\" style=\"text-align: center;\"><span style=\"font-size: 18pt;\"><strong>DONBASS (2016) DOCUMENTAL DE ANNE-LAURE BONNEL<\/strong><\/span><\/h2>\n<p class=\"title style-scope ytd-video-primary-info-renderer\" style=\"text-align: center;\"><strong><em><span style=\"font-size: 14pt;\">Road movie inmersiva, apasionante documental en un pa\u00eds roto.<\/span><\/em><\/strong><\/p>\n<p style=\"text-align: center;\"><span style=\"font-size: 14pt;\">Anne-Laure Bonnel, una joven directora y madre de familia francesa, decide acompa\u00f1ar a Alexander, padre de familia ucraniano, a la regi\u00f3n de Donbass, al este de Ucrania, en una zona prorrusa.\u00a0En el coraz\u00f3n de la guerra, captura las terribles im\u00e1genes de un conflicto mortal y un desastre humanitario sin precedentes.<\/span><\/p>\n<p style=\"text-align: right;\"><span style=\"color: #008000; font-size: 14pt;\">https:\/\/www.imdb.com\/title\/tt5474178\/<\/span><\/p>\n<p>&nbsp;<\/p>\n<p><iframe loading=\"lazy\" src=\"https:\/\/mega.nz\/embed\/qVVDGBRb#Ddkb-m6dGM4KmVfH0umGqs3agsJhi_RP_00vy3oFw3c\" width=\"640\" height=\"360\" frameborder=\"0\" allowfullscreen=\"allowfullscreen\"><\/iframe><\/p>\n<p>&nbsp;<\/p>\n<p style=\"text-align: center;\"><span style=\"font-size: 14pt;\"><strong><span style=\"color: #008000;\">VER EN <a href=\"https:\/\/www.youtube.com\/watch?v=2AzcT_S7H6E\" target=\"_blank\" rel=\"noopener\" data-schema-attribute=\"\">YOUTUBE<\/a>, SUBTITULADO EN ESPA\u00d1OL<\/span><\/strong><\/span><\/p>\n<div id=\"info\" class=\"style-scope ytd-video-primary-info-renderer\"><a href=\"https:\/\/www.youtube.com\/watch?v=2AzcT_S7H6E\" target=\"_blank\" rel=\"noopener\"><img loading=\"lazy\" decoding=\"async\" class=\"aligncenter size-full wp-image-2243368\" src=\"https:\/\/puntocritico.com\/ausajpuntocritico\/wp-content\/uploads\/2022\/03\/le_figaro_censors_journalist_anne_laure_bonnels_donbas_article.jpg\" alt=\"\" width=\"600\" height=\"340\" data-id=\"2243368\" srcset=\"https:\/\/puntocritico.com\/ausajpuntocritico\/wp-content\/uploads\/2022\/03\/le_figaro_censors_journalist_anne_laure_bonnels_donbas_article.jpg 600w, https:\/\/puntocritico.com\/ausajpuntocritico\/wp-content\/uploads\/2022\/03\/le_figaro_censors_journalist_anne_laure_bonnels_donbas_article-300x170.jpg 300w\" sizes=\"auto, (max-width: 600px) 100vw, 600px\" \/><\/a><\/div>\n<div>\u00a0<\/div>\n<div style=\"text-align: center;\"><span style=\"color: #008000;\"><strong><span style=\"font-size: 18pt;\">*******<\/span><\/strong><\/span><\/div>\n<div>\n<h2 class=\"entry-title\" style=\"text-align: center;\">LE FIGARO CENSURA EL ART\u00cdCULO DE DONBAS DE LA PERIODISTA ANNE LAURE BONNEL<\/h2>\n<\/div>\n<div style=\"text-align: justify;\"><a href=\"https:\/\/www.entornointeligente.com\/le-figaro-censors-journalist-anne-laure-bonnels-donbas-article\/\" target=\"_blank\" rel=\"noopener\"><span style=\"font-size: 14pt;\">Entornointeligente.com<\/span><\/a><\/div>\n<div>\u00a0<\/div>\n<div>\n<p style=\"text-align: justify;\"><span style=\"font-size: 14pt;\">Como parte de la estrategia global destinada a suprimir las visiones alternativas, su documental \u201cDonbas\u201d tambi\u00e9n fue prohibido en YouTube a principios de este mes.<\/span><\/p>\n<p style=\"text-align: justify;\"><span style=\"font-size: 14pt;\">El s\u00e1bado, la directora de cine y reportera de guerra francesa Anne-Laure Bonnel rechaz\u00f3 que el peri\u00f3dico Le Figaro borrara de sus plataformas su art\u00edculo sobre la vida de la poblaci\u00f3n civil de la regi\u00f3n de Donbass.\u00a0<\/span><\/p>\n<p style=\"text-align: justify;\"><span style=\"font-size: 14pt;\">\u201c\u00bfPor qu\u00e9 esta censura?\u00a0Pregunta al respecto.\u00a0Estar\u00e1s indignado\u201d, tuite\u00f3 y adjunt\u00f3 una captura de pantalla que muestra el acceso a la publicaci\u00f3n titulada &#8216;El Donbas, donde comenz\u00f3 todo&#8217; baneada desde la p\u00e1gina de Facebook de Le Figaro.<\/span><\/p>\n<p style=\"text-align: justify;\"><span style=\"font-size: 14pt;\">Esta periodista, que cubre el conflicto armado en Ucrania desde el territorio de la Rep\u00fablica Popular de Donetsk (RPD), ha sido criticada por ce\u00f1irse a los argumentos de las autoridades rusas y denunciar las fechor\u00edas de las tropas ucranianas.<\/span><\/p>\n<p style=\"text-align: justify;\"><span style=\"font-size: 14pt;\">\u201c<strong><em>Mi trabajo no tiene ning\u00fan mensaje pol\u00edtico.\u00a0Solo filmo y fotograf\u00edo a docenas de personas muertas y heridas todos los d\u00edas<\/em><\/strong>\u201d, dijo Bonnel al medio CNews y conden\u00f3 que el gobierno de Kiev considere a esas personas como terroristas.<\/span><\/p>\n<p style=\"text-align: justify;\"><span style=\"font-size: 14pt;\">La reportera de guerra francesa <strong>Anne-Laure Bonnel<\/strong>, actualmente en Ucrania y muy comentada en este momento, filma una escena de guerra que tiene lugar en el Donbass en Ucrania.\u00a0Ella nos recuerda que esta guerra comenz\u00f3 en 2014 y que el ej\u00e9rcito ucraniano ha estado bombardeando los pa\u00edses de habla rusa pic.twitter.com\/GCd1v6rRYT<\/span><\/p>\n<p style=\"text-align: justify;\"><span style=\"font-size: 14pt;\">\u2014 Sr. M (@Mr_Mackei) 6 de marzo de 2022 \u201c<em>Durante m\u00e1s de ocho a\u00f1os, estas personas marginadas han vivido en s\u00f3tanos sin acceso a un trabajo y otros derechos fundamentales para el pleno disfrute de una vida digna<\/em>\u201d, subray\u00f3, recordando que Le Figaro a\u00fan no ha explicado la censura.<\/span><\/p>\n<p style=\"text-align: justify;\"><span style=\"font-size: 14pt;\">\u201c<em>Los editores franceses parecen haber olvidado los principios establecidos en la Declaraci\u00f3n de los deberes y derechos de los periodistas al adoptar acciones deshonestas que responden a la coerci\u00f3n de fuerzas externas<\/em>\u201d, agreg\u00f3 Bonnel.<\/span><\/p>\n<p style=\"text-align: justify;\"><span style=\"font-size: 14pt;\">Como parte de la estrategia global destinada a suprimir las opiniones alternativas, su documental testimonial \u201c<strong>Donbas<\/strong>\u201d tambi\u00e9n fue prohibido en la plataforma de YouTube a principios de este mes.\u00a0\u201c<em>No debemos permanecer ciegos ante los actos de brutalidad humana como la guerra.\u00a0Solo as\u00ed no olvidaremos lo que nos pueden hacer<\/em>\u201d, afirm\u00f3 la periodista.<\/span><\/p>\n<\/div>\n<p class=\"post-title\" style=\"text-align: center;\"><strong style=\"color: #008000; text-align: center;\"><span style=\"font-size: 18pt;\">*******<\/span><\/strong><\/p>\n<blockquote>\n<h2 style=\"text-align: center;\"><span style=\"font-size: 24pt;\">LA GUERRA DEL DONBASS (Fragmento)<\/span><\/h2>\n<p style=\"text-align: justify;\"><a href=\"https:\/\/es.wikipedia.org\/wiki\/Guerra_del_Domb%C3%A1s\" target=\"_blank\" rel=\"noopener\"><span style=\"font-size: 14pt;\">Wikipedia<\/span><\/a><\/p>\n<p><img loading=\"lazy\" decoding=\"async\" class=\"aligncenter wp-image-2243292\" src=\"https:\/\/puntocritico.com\/ausajpuntocritico\/wp-content\/uploads\/2022\/03\/Mapa-Donbass-wiki.jpg\" alt=\"\" width=\"480\" height=\"457\" data-id=\"2243292\" srcset=\"https:\/\/puntocritico.com\/ausajpuntocritico\/wp-content\/uploads\/2022\/03\/Mapa-Donbass-wiki.jpg 637w, https:\/\/puntocritico.com\/ausajpuntocritico\/wp-content\/uploads\/2022\/03\/Mapa-Donbass-wiki-300x286.jpg 300w, https:\/\/puntocritico.com\/ausajpuntocritico\/wp-content\/uploads\/2022\/03\/Mapa-Donbass-wiki-610x581.jpg 610w\" sizes=\"auto, (max-width: 480px) 100vw, 480px\" \/><\/p>\n<p>&nbsp;<\/p>\n<p style=\"text-align: justify;\"><span style=\"font-size: 14pt;\">La\u00a0<b>guerra del\u00a0Domb\u00e1s<\/b>\u200b (alternativamente, del\u00a0<b>Donb\u00e1s<\/b>\u00a0o del\u00a0<b>Donb\u00e1ss<\/b>),\u200b denominada tambi\u00e9n\u00a0<b>guerra en el este de Ucrania<\/b>,\u200b es una serie de\u00a0enfrentamientos armados\u00a0sucedidos en las regiones del\u00a0este\u00a0de\u00a0dicho pa\u00eds\u00a0a partir del 6 de abril de 2014, como reacci\u00f3n contraria al\u00a0Euromaid\u00e1n, y que se produjeron tras las\u00a0protestas prorrusas\u00a0en este pa\u00eds que se intensificaron tras la\u00a0adhesi\u00f3n de Crimea a Rusia, donde tambi\u00e9n se hab\u00edan realizado movimientos similares. La escalada desemboc\u00f3 en un conflicto armado entre las fuerzas independentistas de las autoproclamadas Rep\u00fablicas Populares de\u00a0Donetsk\u00a0(RPD) y\u00a0Lugansk\u00a0(RPL) y el gobierno de Ucrania. As\u00ed, ante la consolidaci\u00f3n de un frente de combate, tras los sucesivos llamados de alto al fuego, los\u00a0se\u00f1ores de la guerra\u00a0han ocupado grandes extensiones de terreno en la zona prorrusa.<\/span><\/p>\n<p style=\"text-align: justify;\"><span style=\"font-size: 14pt;\">En noviembre de 2013 miles de manifestantes salieron a protestar a la\u00a0plaza de la Independencia\u00a0de\u00a0Kiev, debido a la controversia por esc\u00e1ndalos de corrupci\u00f3n del gobierno ucraniano, as\u00ed como la polarizaci\u00f3n en torno a la negativa del gobierno de\u00a0Mikola Az\u00e1rov\u00a0de firmar el\u00a0Acuerdo de Asociaci\u00f3n entre Ucrania y la Uni\u00f3n Europea.\u200b En febrero de 2014, en medio de las protestas cay\u00f3 el gobierno de\u00a0V\u00edktor Yanuk\u00f3vich, al que los bancos occidentales le hab\u00edan congelado sus activos y sobre el que se abrieron procesos penales.\u200b La revoluci\u00f3n del Euromaid\u00e1n signific\u00f3 el nacimiento de nuevas juntas europe\u00edstas para Ucrania. Pero en el este del pa\u00eds, regi\u00f3n fronteriza con Rusia, varias localidades prefirieron continuar con un gobierno prorruso, o adherirse directamente a la misma Rusia, lo que supuso acusaciones ucranianas de una intervenci\u00f3n militar desde el\u00a0Kremlin\u00a0\u2014antes del cambio en la c\u00fapula dirigente en agosto de 2014, el liderazgo de las fuerzas separatistas consist\u00eda en un n\u00famero significativo de ciudadanos rusos\u2014.\u00a0Varios manifestantes tomaron sedes de gobiernos en la Ucrania oriental, proclamando\u00a0<i>de facto<\/i>\u00a0la independencia de ciertas localidades, lo que caus\u00f3 fuertes enfrentamientos armados entre europe\u00edstas, prorrusos y separatistas.<\/span><\/p>\n<p style=\"text-align: justify;\"><span style=\"font-size: 14pt;\">El 7 de abril, manifestantes proclamaron la RPD en un edificio de la administraci\u00f3n regional en la ciudad de Donetsk. El 12 de abril, miembros armados de la Milicia Popular del Donb\u00e1ss (que apoya a la RPD) ocuparon la sede del Comit\u00e9 ejecutivo, el departamento de polic\u00eda y las oficinas de la fiscal\u00eda en\u00a0Sloviansk\u00a0en la parte norte de la \u00f3blast de Donetsk. El d\u00eda siguiente, las autoridades de Kiev pusieron en marcha una operaci\u00f3n especial en el este del pa\u00eds con la participaci\u00f3n de las\u00a0Fuerzas Armadas.\u200b El 17 del mismo mes, se celebr\u00f3 una reuni\u00f3n en\u00a0Ginebra,\u00a0Suiza, entre los jefes de la diplomacia de Ucrania, la Uni\u00f3n Europea, Estados Unidos y Rusia, siendo aprobado un documento con medidas para poner fin al conflicto. Tambi\u00e9n se acordaron revisiones a la\u00a0Constituci\u00f3n de Ucrania. Sin embargo, esto no fue aceptado por las milicias prorrusas.\u200b<\/span><\/p>\n<p style=\"text-align: justify;\"><span style=\"font-size: 14pt;\">Para el 1 de mayo, hasta 16 ciudades y pueblos del este ucraniano se hallaban parcial o totalmente en manos de los grupos armados prorrusos,\u200b al d\u00eda siguiente de que Ucrania reconociera p\u00fablicamente que la situaci\u00f3n en los oblasts de Donetsk y Lugansk escapaba a su control y las autoridades de Kiev pusieron en marcha una nueva operaci\u00f3n especial con la participaci\u00f3n de las Fuerzas Armadas en Sloviansk. El 9 del mismo mes entraron en la ciudad de Mariupol tanques de guerra y tropas de la Guardia Nacional y el ej\u00e9rcito ucraniano que atacaron con lanzagranadas la sede de la polic\u00eda local partidaria de los federalista y dispararon contra las barricadas y contra personas que protestaban en la calle. Dos d\u00edas despu\u00e9s se llevaron a cabo los\u00a0refer\u00e9ndums sobre el estatus pol\u00edtico de Donetsk y Lugansk, a pesar de la petici\u00f3n de Rusia de aplazarlos.\u200b El\u00a089\u00a0%\u00a0de los electores del \u00f3blast de Donetsk vot\u00f3 a favor de la independencia de la RPD y seg\u00fan la Comisi\u00f3n Electoral en el \u00f3blast de Lugansk el\u00a096\u00a0%\u00a0de los votantes opt\u00f3 por separarse de Ucrania. Parte de las \u00f3blasts de Donetsk y Lugansk se declararon independientes de Ucrania como Rep\u00fablicas Populares. A finales de ese mes comenzaron intensos combates a gran escala en el\u00a0aeropuerto Internacional de Donetsk\u00a0y sus alrededores, que se prologaron durante varios meses.<\/span><\/p>\n<p style=\"text-align: justify;\"><span style=\"font-size: 14pt;\">Ucrania acus\u00f3 a Rusia de intervenir en el conflicto ayudando a los separatistas prorrusos \u2014Estados Unidos aport\u00f3 unas supuestas pruebas\u2014, pero dichas acusaciones fueron negadas por Rusia. Adem\u00e1s,\u00a0Amnist\u00eda Internacional\u00a0distribuy\u00f3 im\u00e1genes satelitales que, seg\u00fan esta organizaci\u00f3n, confirman la participaci\u00f3n de las\u00a0Fuerzas Armadas de Rusia\u00a0tanto con artiller\u00eda \u2014sistemas de armas complejos que s\u00f3lo se encuentran en el inventario de Mosc\u00fa\u2014\u200b como con soldados dentro el territorio ucraniano e incluso manifestaciones de soldados rusos, quienes declararon que fueron llevados enga\u00f1ados a la guerra por el gobierno ruso.\u200b Adem\u00e1s el Comit\u00e9 de Madres de Soldados, la principal organizaci\u00f3n civil que representa a los militares, afirma que cerca miles de soldados rusos podr\u00edan haber sido enviados a Ucrania.\u00a0Por parte de Rusia, los opositores al gobierno de Kiev y medios de comunicaci\u00f3n como\u00a0<i>Bild<\/i>\u00a0denuncian participaciones de la\u00a0Agencia Central de Inteligencia\u00a0y de\u00a0Academi &#8211; Greystone Limited apoyando con hombres y material de inteligencia a los militares de Kiev.\u200b Por su parte, la\u00a0OTAN\u00a0despleg\u00f3 sus tropas en pa\u00edses cercanos a las fronteras rusas y ucranianas:\u00a0Polonia,\u00a0Rumania\u00a0y los\u00a0pa\u00edses b\u00e1lticos.\u200b<\/span><\/p>\n<p style=\"text-align: justify;\"><span style=\"font-size: 14pt;\">En medio del conflicto, la\u00a0Uni\u00f3n Europea apoy\u00f3 el gobierno interino de Ucrania,\u200b mientras que\u00a0Estados Unidos\u00a0aument\u00f3 la\u00a0lista de sancionados, alegando que Rusia es el \u00fanico responsable de las tensiones separatistas.\u200b Por su parte, el Gobierno de Rusia ha condenado reiteradas veces las acciones del gobierno ucraniano, refiri\u00e9ndose a sus integrantes como \u00abcriminales\u00bb, instando a las autoridades a detener \u00abla matanza de sus propios ciudadanos\u00bb y a entablar un di\u00e1logo a favor de los habitantes del este ucraniano.\u00a0El 1 de agosto, el\u00a0fiscal general\u00a0de Rusia\u00a0Yuri Chaika\u00a0calific\u00f3 los sucesos de los meses del conflicto armado en Ucrania de \u00abgenocidio del pueblo ucraniano\u00bb.\u00a0Ello no impidi\u00f3 la firma del\u00a0Protocolo de Minsk\u00a0(septiembre de 2014), que establec\u00eda un alto el fuego, ni la fr\u00e1gil tregua del acuerdo\u00a0Minsk II\u00a0(febrero de 2015).<\/span><\/p>\n<p style=\"text-align: justify;\"><span class=\"excerpt-block\"><span class=\"excerpt\"><span style=\"font-size: 14pt;\">El 21 de febrero de 2022, tras el reconocimiento de las rep\u00fablicas autoproclamadas de Donetsk y Lugansk, el presidente Putin orden\u00f3 el env\u00edo de tropas rusas (incluidos tanques) al Donb\u00e1s, en lo que Rusia llam\u00f3 una \u00abmisi\u00f3n de mantenimiento de la paz\u00bb.\u200b M\u00e1s tarde ese mismo d\u00eda, varios medios de comunicaci\u00f3n independientes confirmaron que las fuerzas rusas estaban entrando en el Donb\u00e1s.\u00a0El 22 de febrero de 2022, Estados Unidos declar\u00f3 este movimiento como una \u00abinvasi\u00f3n\u00bb.<\/span><\/span><\/span><\/p>\n<p style=\"text-align: right;\"><a href=\"https:\/\/es.wikipedia.org\/wiki\/Guerra_del_Domb%C3%A1s\" target=\"_blank\" rel=\"noopener\"><span style=\"font-size: 14pt;\">Seguir leyendo<\/span><\/a><\/p>\n<\/blockquote>\n<p style=\"text-align: center;\"><span style=\"color: #008000;\"><strong><span style=\"font-size: 18pt;\">*******<\/span><\/strong><\/span><\/p>\n<figure id=\"attachment_2243072\" aria-describedby=\"caption-attachment-2243072\" style=\"width: 639px\" class=\"wp-caption aligncenter\"><img loading=\"lazy\" decoding=\"async\" class=\"wp-image-2243072 size-mh-magazine-content\" src=\"https:\/\/puntocritico.com\/ausajpuntocritico\/wp-content\/uploads\/2022\/03\/Ucranianos-nazis-639x381.jpeg\" alt=\"DONBASS\" width=\"639\" height=\"381\" data-id=\"2243072\" \/><figcaption id=\"caption-attachment-2243072\" class=\"wp-caption-text\"><span style=\"color: #008000;\">Ucranianos con el ej\u00e9rcito nazi<\/span><\/figcaption><\/figure>\n<p style=\"text-align: center;\"><span style=\"color: #008000;\"><strong><span style=\"font-size: 18pt;\">*******<\/span><\/strong><\/span><\/p>\n<div class=\"td_block_wrap tdb_title tdi_114 tdb-single-title td-pb-border-top td_block_template_1\" data-td-block-uid=\"tdi_114\">\n<div class=\"tdb-block-inner td-fix-index\">\n<h2 class=\"tdb-title-text\" style=\"text-align: center;\"><span style=\"font-size: 24pt;\">Ganando &#8216;corazones&#8217; y guerra de relaciones p\u00fablicas, pero Ucrania tiene un problema \u00abnazi\u00bb del que la OTAN y EE. UU. no hablan<\/span><\/h2>\n<p style=\"text-align: center;\"><span style=\"font-size: 14pt;\"><strong>La invasi\u00f3n rusa de Ucrania, sin duda, es digna de la m\u00e1s en\u00e9rgica condena, pero eso no absuelve a Occidente de nutrir y fomentar una ideolog\u00eda que fue responsable de sumergir al mundo en una guerra hace m\u00e1s de 8 d\u00e9cadas<\/strong>.<\/span><\/p>\n<div style=\"text-align: center;\"><em><span style=\"font-size: 14pt;\">El cartel de las naciones occidentales, que por lo dem\u00e1s es muy veloz en condenar el antisemitismo, mira hacia otro lado, arma y alienta abiertamente a los grupos fascistas con inclinaciones neonazis, si eso les ayuda a frustrar a sus oponentes y reafirmar su hegemon\u00eda.<\/span><\/em><\/div>\n<div>\u00a0<\/div>\n<div style=\"text-align: justify;\"><span style=\"font-size: 14pt;\">Por Jinit Jainista<\/span><\/div>\n<\/div>\n<\/div>\n<p style=\"text-align: justify;\"><span style=\"font-size: 14pt;\"><a href=\"https:\/\/www.opindia.com\/2022\/02\/ukraine-dalliance-with-nazi-forces-problem-that-nato-and-usa-do-not-talk-about\/\" target=\"_blank\" rel=\"noopener\">opindia.com<\/a>, 28 FEB 2022<\/span><\/p>\n<figure id=\"attachment_2243047\" aria-describedby=\"caption-attachment-2243047\" style=\"width: 768px\" class=\"wp-caption aligncenter\"><img loading=\"lazy\" decoding=\"async\" class=\"wp-image-2243047 size-full\" src=\"https:\/\/puntocritico.com\/ausajpuntocritico\/wp-content\/uploads\/2022\/03\/GettyImages-1229073971-azov-regiment-ukrainian-army-nationalist.webp\" alt=\"\" width=\"768\" height=\"384\" data-id=\"2243047\" srcset=\"https:\/\/puntocritico.com\/ausajpuntocritico\/wp-content\/uploads\/2022\/03\/GettyImages-1229073971-azov-regiment-ukrainian-army-nationalist.webp 768w, https:\/\/puntocritico.com\/ausajpuntocritico\/wp-content\/uploads\/2022\/03\/GettyImages-1229073971-azov-regiment-ukrainian-army-nationalist-300x150.webp 300w, https:\/\/puntocritico.com\/ausajpuntocritico\/wp-content\/uploads\/2022\/03\/GettyImages-1229073971-azov-regiment-ukrainian-army-nationalist-610x305.webp 610w\" sizes=\"auto, (max-width: 768px) 100vw, 768px\" \/><figcaption id=\"caption-attachment-2243047\" class=\"wp-caption-text\"><span style=\"color: #008000;\">Batall\u00f3n Azov del grupo neonazi de Ucrania (Fuente de la imagen: The Intercept)<\/span><\/figcaption><\/figure>\n<p>&nbsp;<\/p>\n<p style=\"text-align: justify;\"><span style=\"font-size: 14pt;\">Despu\u00e9s de no poder evitar que Rusia invadiera Ucrania, los pa\u00edses occidentales y sus medios de comunicaci\u00f3n han desatado una guerra de propaganda que implica compartir im\u00e1genes antiguas de conflictos pasados \u200b\u200bpara demonizar a Rusia y prodigar elogios a los l\u00edderes ucranianos por mantenerse firmes contra la invasi\u00f3n, aparentemente para disimular sus propias insuficiencias.<\/span><\/p>\n<p style=\"text-align: justify;\"><span style=\"font-size: 14pt;\">La invasi\u00f3n rusa de Ucrania se produjo en medio de un aumento de las tensiones entre Mosc\u00fa y los pa\u00edses de la OTAN, con el primero preocupado por su precario aparato de seguridad mientras el segundo reflexionaba sobre su expansi\u00f3n en Europa del Este.\u00a0Incluso cuando la OTAN y EE. UU. montan una campa\u00f1a de propaganda para contrarrestar la invasi\u00f3n de Rusia, han hecho la vista gorda ante un problema enconado que parec\u00eda haber desempe\u00f1ado un papel fundamental en el c\u00e1lculo de Putin para librar un conflicto armado en Ucrania.<\/span><\/p>\n<p style=\"text-align: justify;\"><span style=\"font-size: 14pt;\">Y ese es el persistente problema \u00ab<strong>nazi<\/strong>\u00bb de Ucrania.\u00a0A lo largo de los a\u00f1os, la ideolog\u00eda del <strong>neonazismo<\/strong> no solo se ha arraigado en la conciencia ucraniana, sino que tambi\u00e9n se ha ganado el visto bueno del gobierno ucraniano.\u00a0Naturalmente, esto ha suscitado preocupaciones en Mosc\u00fa que fueron evidentes en el discurso pronunciado por Putin d\u00edas antes de la ofensiva militar de Rusia en Ucrania.<\/span><\/p>\n<p style=\"text-align: justify;\"><span style=\"font-size: 14pt;\">En su discurso al pueblo ruso el 24 de febrero, Putin justific\u00f3 la agresi\u00f3n de su pa\u00eds contra Ucrania como una misi\u00f3n de mantenimiento de la paz y present\u00f3 la pr\u00f3xima operaci\u00f3n militar de las fuerzas rusas como \u201c<strong>desnazificaci\u00f3n<\/strong>\u201d de Ucrania.\u00a0\u201cBuscaremos desmilitarizar y desnazificar a Ucrania y llevar ante la justicia a quienes cometieron numerosos cr\u00edmenes sangrientos contra personas pac\u00edficas, incluidos ciudadanos rusos\u201d, dijo Putin mientras justificaba una incursi\u00f3n militar en la vecina Ucrania.<\/span><\/p>\n<p style=\"text-align: justify;\"><span style=\"font-size: 14pt;\">Pero Occidente, en su af\u00e1n por lavarse las manos de la crisis actual en Ucrania, ha tratado de subestimar estas preocupaciones rusas y culpar por completo a los impulsos autoritarios y revisionistas del presidente Vladimir Putin.\u00a0Argumentan que Putin est\u00e1 motivado por su deseo de corregir los \u201cerrores hist\u00f3ricos\u201d, que atribuyen a su negativa a aceptar el desmembramiento de la URSS y la correspondiente p\u00e9rdida de prestigio y poder rusos.<\/span><\/p>\n<p style=\"text-align: justify;\"><span style=\"font-size: 14pt;\">Putin, afirman, est\u00e1 lleno de un celo decidido para remediar lo que considera un mal injusto e hist\u00f3rico infligido a su pa\u00eds por las potencias occidentales.\u00a0Sin embargo, esa es una visi\u00f3n unidimensional y algo prejuiciosa de la crisis actual.\u00a0Lo que la OTAN y los Estados Unidos no logran resaltar, consciente o inconscientemente, es el surgimiento progresivo de partidarios <strong>neonazis en Ucrania<\/strong>, que no dudan en usar la intimidaci\u00f3n e incluso la violencia para promover sus agendas, y que a menudo lo hacen con la aprobaci\u00f3n impl\u00edcita de las agencias gubernamentales.<\/span><\/p>\n<p style=\"text-align: justify;\"><span style=\"font-size: 14pt;\">Uno de esos grupos neonazis que disfruta del patrocinio del estado ucraniano es el <strong>Movimiento Azov<\/strong>, uno de los 30 \u00abbatallones de voluntarios\u00bb financiados con fondos privados, que hace gran parte de la lucha de primera l\u00ednea con el ej\u00e9rcito de Ucrania contra los separatistas prorrusos en el inquieto pa\u00eds de la Regi\u00f3n del este. Los Azov no solo son conocidos por su reputaci\u00f3n de ser despiadados en el campo de batalla, sino tambi\u00e9n por adoptar una ideolog\u00eda militante que caus\u00f3 estragos en Alemania durante la Segunda Guerra Mundial.<\/span><\/p>\n<h3 id=\"ukraine-s-dalliance-with-neo-nazi-and-bigoted-forces\" style=\"text-align: justify;\"><strong><span style=\"font-size: 14pt;\">El coqueteo de Ucrania con fuerzas antisemitas e intolerantes<\/span><\/strong><\/h3>\n<p style=\"text-align: justify;\"><span style=\"font-size: 14pt;\">El <strong>Departamento de Operaciones Especiales de Azov<\/strong> o <strong>Batall\u00f3n Azov<\/strong>, como se le conoce com\u00fanmente, <strong>es una unidad neonazi y de extrema derecha de la Guardia Nacional de Ucrania<\/strong>.\u00a0Formado en <strong>2014<\/strong> como una milicia voluntaria durante los enfrentamientos de Odesa, el Batall\u00f3n Azov pronto se incorpor\u00f3 a la Guardia Nacional de Ucrania, sirviendo en la capacidad estatal a pesar de tener lealtad e inspirarse en las creencias nazis supremacistas.<\/span><\/p>\n<p style=\"text-align: justify;\"><span style=\"font-size: 14pt;\">De hecho, <strong>el Batall\u00f3n Azov es una fuente de inspiraci\u00f3n para los supremacistas blancos de todo el mundo<\/strong>.\u00a0En el momento de su formaci\u00f3n en 2014, <a href=\"https:\/\/en.wikipedia.org\/wiki\/Andriy_Biletsky\" target=\"_blank\" rel=\"noopener\"><strong>Andriy Biletsky<\/strong><\/a>, un veterano fascista y fundador del grupo de voluntarios, declar\u00f3 que la misi\u00f3n del grupo es empoderar a Ucrania para \u201c<em><strong>l<\/strong><strong>iderar a las Razas Blancas del mundo en una cruzada final por su supervivencia. \u2026 contra el Untermenschen (infrahumano) dirigido por los semitas<\/strong><\/em>\u201d.<\/span><\/p>\n<p>&nbsp;<\/p>\n<figure id=\"attachment_2243048\" aria-describedby=\"caption-attachment-2243048\" style=\"width: 700px\" class=\"wp-caption aligncenter\"><img loading=\"lazy\" decoding=\"async\" class=\"size-full wp-image-2243048\" src=\"https:\/\/puntocritico.com\/ausajpuntocritico\/wp-content\/uploads\/2022\/03\/IMG_2878.webp\" alt=\"\" width=\"700\" height=\"420\" data-id=\"2243048\" srcset=\"https:\/\/puntocritico.com\/ausajpuntocritico\/wp-content\/uploads\/2022\/03\/IMG_2878.webp 700w, https:\/\/puntocritico.com\/ausajpuntocritico\/wp-content\/uploads\/2022\/03\/IMG_2878-300x180.webp 300w, https:\/\/puntocritico.com\/ausajpuntocritico\/wp-content\/uploads\/2022\/03\/IMG_2878-610x366.webp 610w\" sizes=\"auto, (max-width: 700px) 100vw, 700px\" \/><figcaption id=\"caption-attachment-2243048\" class=\"wp-caption-text\"><span style=\"color: #008000;\">Soldados del Batall\u00f3n Azov con la bandera de su organizaci\u00f3n neonazi (Fuente: Foreign Policy)<\/span><\/figcaption><\/figure>\n<p>&nbsp;<\/p>\n<p style=\"text-align: justify;\"><span style=\"font-size: 14pt;\">El logotipo del <strong>Batall\u00f3n Azov<\/strong> ten\u00eda matices nazis y constaba de dos emblemas, el\u00a0<a href=\"https:\/\/www.adl.org\/education\/references\/hate-symbols\/wolfsangel\" target=\"_blank\" rel=\"noreferrer noopener\">Wolfsangel<\/a>\u00a0y el\u00a0<a href=\"https:\/\/www.adl.org\/education\/references\/hate-symbols\/sonnenrad\" target=\"_blank\" rel=\"noopener\" data-schema-attribute=\"\">Sonnenrad<\/a>\u00a0, caracterizados como <strong>s\u00edmbolos neonazis<\/strong> por la Liga Antidifamaci\u00f3n.\u00a0Ambos s\u00edmbolos, <strong>Wolfsangel<\/strong> y <strong>Sonnebrad<\/strong>, han sido utilizados ampliamente por grupos de odio en diferentes partes de los Estados Unidos, lo que significa el impacto del grupo ucraniano en la motivaci\u00f3n de organizaciones supremacistas e intolerantes en todo el mundo.<\/span><\/p>\n<p style=\"text-align: justify;\"><span style=\"font-size: 14pt;\">La intolerancia albergada por el grupo neonazi estuvo en todo su esplendor recientemente cuando la cuenta de Twitter de la Guardia Nacional de Ucrania\u00a0<a href=\"https:\/\/www.opindia.com\/2022\/02\/ukrainian-national-guard-neo-nazi-unit-greasing-bullets-with-pig-fat-against-muslim-chechen-fighters-twitter-allows-it\/\" target=\"_blank\" rel=\"noopener\" data-schema-attribute=\"\">public\u00f3<\/a>\u00a0un tuit de video que afirmaba que sus combatientes de Azov cubrieron sus balas con grasa de cerdo para usarlas contra las fuerzas chechenas que luchan desde el lado ruso.\u00a0El tweet real dec\u00eda: \u00abLos combatientes de Azov de la Guardia Nacional engrasaron las balas con manteca de cerdo contra los orcos de Kadyrov\u00bb.<\/span><\/p>\n<p style=\"text-align: justify;\"><span style=\"font-size: 14pt;\"><strong>Chechenia<\/strong> es una rep\u00fablica rusa situada al norte de <strong>Georgia<\/strong>.\u00a0Las fuerzas chechenas son la fuerza militar a cargo de la defensa de Chechenia.\u00a0La rep\u00fablica no es una entidad independiente y est\u00e1 sujeta a las leyes y reglamentos rusos.\u00a0Sin embargo, el uso de manteca de cerdo fue deliberado, con el objetivo de herir los sentimientos religiosos de la gente de Chechenia, la mayor\u00eda de los cuales son musulmanes.\u00a0El cerdo se considera tab\u00fa en el Islam y los musulmanes est\u00e1n ordenados religiosamente a no tocar cerdos de ninguna forma.<\/span><\/p>\n<h3 id=\"azov-batallion-and-neo-nazi-groups-in-ukraine-a-menace-for-european-neighbours\" style=\"text-align: justify;\"><span style=\"font-size: 14pt;\">Batall\u00f3n Azov y grupos antisemitas en Ucrania: una amenaza para los vecinos europeos<\/span><\/h3>\n<p style=\"text-align: justify;\"><span style=\"font-size: 14pt;\">Mientras que el gobierno ucraniano fomenta organizaciones extremistas como el Batall\u00f3n Azov, son sus vecinos europeos los que tienen que soportar la peor parte de esta ideolog\u00eda neonazi que est\u00e1 extendiendo r\u00e1pidamente sus garras por todo el mundo.\u00a0Seg\u00fan\u00a0<a href=\"http:\/\/lowerclassmag.com\/2016\/08\/bruderschaft-der-rassisten-und-antisemiten\/\" target=\"_blank\" rel=\"noopener\" data-schema-attribute=\"\">Lower Class Magazine<\/a>, una publicaci\u00f3n alemana de izquierda, Azov tiene un cuerpo semi-clandestino llamado \u201c<em><strong>Divisi\u00f3n Misantr\u00f3pica<\/strong><\/em>\u201d que extrae sangre fresca entre las filas de la <strong>juventud neonazi en Francia, Alemania y Escandinavia<\/strong>.\u00a0A los nuevos reclutas se les promete entrenamiento con armamento pesado y moderno, incluidos tanques, en campamentos ucranianos junto a otros miembros fascistas.<\/span><\/p>\n<p>&nbsp;<\/p>\n<figure id=\"attachment_2243049\" aria-describedby=\"caption-attachment-2243049\" style=\"width: 768px\" class=\"wp-caption aligncenter\"><img loading=\"lazy\" decoding=\"async\" class=\"size-full wp-image-2243049\" src=\"https:\/\/puntocritico.com\/ausajpuntocritico\/wp-content\/uploads\/2022\/03\/IMG_2879.webp\" alt=\"\" width=\"768\" height=\"511\" data-id=\"2243049\" srcset=\"https:\/\/puntocritico.com\/ausajpuntocritico\/wp-content\/uploads\/2022\/03\/IMG_2879.webp 768w, https:\/\/puntocritico.com\/ausajpuntocritico\/wp-content\/uploads\/2022\/03\/IMG_2879-300x200.webp 300w, https:\/\/puntocritico.com\/ausajpuntocritico\/wp-content\/uploads\/2022\/03\/IMG_2879-610x406.webp 610w\" sizes=\"auto, (max-width: 768px) 100vw, 768px\" \/><figcaption id=\"caption-attachment-2243049\" class=\"wp-caption-text\"><span style=\"color: #008000;\">Voluntarios del grupo de extrema derecha Azov Batallion (Fuente: The Diplomat)<\/span><\/figcaption><\/figure>\n<p>&nbsp;<\/p>\n<p style=\"text-align: justify;\"><span style=\"font-size: 14pt;\">Seg\u00fan se informa, los voluntarios extranjeros de Azov est\u00e1n motivados por el llamado de la \u00abReconquista\u00bb, una b\u00fasqueda para colocar a las naciones de Europa del Este bajo el gobierno de una dictadura supremacista blanca, inspir\u00e1ndose en el gobierno del <strong>Reichskommissariat nazi<\/strong> que controlaba Ucrania en el momento de la Segunda Guerra Mundial. Una gran cantidad de voluntarios de Azov en Ucrania alberga este sue\u00f1o de restablecer Ucrania como una naci\u00f3n supremacista blanca que tiene bajo su control grandes extensiones de tierra de las naciones europeas vecinas.<\/span><\/p>\n<h3 id=\"neo-nazi-ukrainian-organisations-such-as-azov-batallion-blossomed-under-the-aegis-of-the-us-canada-military\" style=\"text-align: justify;\">Organizaciones de supremacistas blancos como el Batall\u00f3n Azov florecieron bajo la \u00e9gida de las fuerzas armadas de EE. UU. y Canad\u00e1.<\/h3>\n<p style=\"text-align: justify;\"><span style=\"font-size: 14pt;\">Aun as\u00ed, se culpa en parte al gobierno de <strong>Estados Unidos<\/strong> por el siniestro ascenso de los grupos neonazis en Ucrania.\u00a0<strong>A lo largo de los a\u00f1os, la cooperaci\u00f3n entre el Batall\u00f3n Azov y las Fuerzas Armadas estadounidenses solo se ha profundizado<\/strong>.\u00a0En 2018, se\u00a0<a href=\"https:\/\/thegrayzone.com\/2018\/04\/07\/the-us-is-arming-and-assisting-neo-nazis-in-ukraine-while-congress-debates-prohibition\/\" target=\"_blank\" rel=\"noreferrer noopener\">inform\u00f3<\/a>\u00a0que el Batall\u00f3n Azov hab\u00eda recibido equipos de asesores militares estadounidenses y armas de alta potencia fabricadas en Estados Unidos.\u00a0En noviembre de 2017, un equipo de inspecci\u00f3n militar de EE. UU. tambi\u00e9n visit\u00f3 el Batall\u00f3n Azov en el frente para deliberar sobre el fortalecimiento de la cooperaci\u00f3n y brindar apoyo log\u00edstico en sus operaciones militares.<\/span><\/p>\n<p style=\"text-align: justify;\"><span style=\"font-size: 14pt;\">Recientemente, el miembro dem\u00f3crata del Senado de los Estados Unidos, <strong>Bob Men\u00e9ndez<\/strong>, present\u00f3 una legislaci\u00f3n que buscaba otorgar a Ucrania $ 500 millones para la compra de armas e imponer lo que llam\u00f3 \u201cla madre de todas las sanciones\u201d a Rusia en caso de que se atreva a atacar.\u00a0Sin embargo, lo que llam\u00f3 la atenci\u00f3n fue la\u00a0<a href=\"https:\/\/theintercept.com\/2022\/02\/18\/ukraine-weapons-neo-nazis-bob-menendez\/\" target=\"_blank\" rel=\"noopener\" data-schema-attribute=\"\">ausencia<\/a>\u00a0de alg\u00fan mecanismo para supervisar si las armas compradas a la ayuda estadounidense ser\u00edan utilizadas por <strong>organizaciones supremacistas blancas<\/strong> como el <strong>Batall\u00f3n Azov<\/strong>.\u00a0Los legisladores estadounidenses no tuvieron reparos en que las armas que donaron a Kiev fueran a manos de grupos antisemitas como el Batall\u00f3n Azov, siempre que los ayudaran a disuadir a Rusia de lanzar un ataque en el este de Ucrania.<\/span><\/p>\n<p>&nbsp;<\/p>\n<figure id=\"attachment_2243050\" aria-describedby=\"caption-attachment-2243050\" style=\"width: 768px\" class=\"wp-caption aligncenter\"><img loading=\"lazy\" decoding=\"async\" class=\"size-full wp-image-2243050\" src=\"https:\/\/puntocritico.com\/ausajpuntocritico\/wp-content\/uploads\/2022\/03\/IMG_2876.webp\" alt=\"\" width=\"768\" height=\"457\" data-id=\"2243050\" srcset=\"https:\/\/puntocritico.com\/ausajpuntocritico\/wp-content\/uploads\/2022\/03\/IMG_2876.webp 768w, https:\/\/puntocritico.com\/ausajpuntocritico\/wp-content\/uploads\/2022\/03\/IMG_2876-300x179.webp 300w, https:\/\/puntocritico.com\/ausajpuntocritico\/wp-content\/uploads\/2022\/03\/IMG_2876-610x363.webp 610w\" sizes=\"auto, (max-width: 768px) 100vw, 768px\" \/><figcaption id=\"caption-attachment-2243050\" class=\"wp-caption-text\"><span style=\"color: #008000;\">Bandera nazi Hakenkreuz ondeada por un equipo de combatientes del Batall\u00f3n Azov de Ucrania (Fuente de la imagen: Twitter)<\/span><\/figcaption><\/figure>\n<p style=\"text-align: justify;\"><span style=\"font-size: 14pt;\">Otro pa\u00eds norteamericano, <strong>Canad\u00e1<\/strong>, tambi\u00e9n est\u00e1 siendo\u00a0<a href=\"https:\/\/ottawacitizen.com\/news\/national\/defence-watch\/allegations-of-canadian-troops-training-neo-nazis-and-war-criminals-sparks-military-review\" target=\"_blank\" rel=\"noopener\" data-schema-attribute=\"\">acusado<\/a>\u00a0de fomentar neonazis y criminales de guerra en Ucrania.\u00a0A principios del a\u00f1o pasado, muchos grupos jud\u00edos expresaron su preocupaci\u00f3n por la <strong>participaci\u00f3n de tropas canadienses en el entrenamiento de neonazis y criminales de guerra de Ucrania<\/strong>.\u00a0Se\u00f1alaron un video que mostraba a paracaidistas ucranianos cantando una canci\u00f3n para alabar a <a href=\"https:\/\/es.wikipedia.org\/wiki\/Step%C3%A1n_Bandera\" target=\"_blank\" rel=\"noopener\"><strong>Stepan Bandera<\/strong><\/a>, un colaborador antisemita y nazi cuya organizaci\u00f3n estuvo vinculada al asesinato de m\u00e1s de 100.000 jud\u00edos y polacos durante la Segunda Guerra Mundial.<\/span><\/p>\n<p style=\"text-align: justify;\"><span style=\"font-size: 14pt;\">Se ha enumerado una letan\u00eda de abusos contra los derechos humanos por parte de Azov y otros grupos neonazis en Ucrania. Incluso las <strong>Naciones Unidas<\/strong> y <strong>Human Rights Watch<\/strong> han acusado a Azov y otros grupos similares de cometer atrocidades en la b\u00fasqueda de cumplir sus objetivos intolerantes.\u00a0Tambi\u00e9n son conocidos por simpatizar con los colaboradores nazis, organizando regularmente marchas con antorchas para los nazis que cometieron atrocidades indescriptibles contra los jud\u00edos durante la Segunda Guerra Mundial.\u00a0Muchos de estos neonazis tambi\u00e9n niegan el Holocausto, alegando que el Holocausto fue una construcci\u00f3n fabricada por los jud\u00edos para mantener bajo control a la supremac\u00eda blanca.<\/span><\/p>\n<p style=\"text-align: justify;\"><span style=\"font-size: 14pt;\">Varios grupos jud\u00edos, incluido el <strong>Museo Conmemorativo del Holocausto de los Estados Unidos<\/strong>, el <strong>Centro Simon Wiesenthal<\/strong>, la <strong>Coalici\u00f3n Nacional de Apoyo a los Jud\u00edos Euroasi\u00e1ticos<\/strong>, <strong>Yad Vashem<\/strong> y el <strong>Congreso Jud\u00edo Mundial<\/strong>, se encuentran entre las organizaciones prominentes que <strong>han condenado a Kiev por rehabilitar a los colaboradores nazis<\/strong>, una caracter\u00edstica distintiva de los movimientos de extrema derecha en Europa.<\/span><\/p>\n<h3 id=\"the-us-and-nato-papers-over-ukraine-s-nazi-problem-to-hide-their-moral-decadence\" style=\"text-align: justify;\">Los documentos de EE.UU. y la OTAN sobre el problema &#8216;nazi&#8217; de Ucrania para ocultar su propia decadencia moral<\/h3>\n<p style=\"text-align: justify;\"><span style=\"font-size: 14pt;\">Pero los partidarios de todo el mundo, que se dedican a denunciar a los pa\u00edses que no se alinean con su ideolog\u00eda, eligen convenientemente encubrir el mal de su propio lado.\u00a0Las naciones occidentales, que por lo dem\u00e1s son r\u00e1pidas y prontas en condenar el antisemitismo, miran hacia otro lado, es m\u00e1s, arman y alientan abiertamente a esos grupos fascistas con inclinaciones neonazis, a quienes tratan como una fuerza delegada para luchar contra la amenaza que se plantea para su hegemon\u00eda.<\/span><\/p>\n<p style=\"text-align: justify;\"><span style=\"font-size: 14pt;\">Para occidente, los grupos de supremacistas blancos y neonazis como el <strong>Batall\u00f3n Azov<\/strong> son grupos nobles, actualmente involucrados en reforzar sus esfuerzos para mantener a Rusia bajo control.\u00a0No consideran al Batall\u00f3n Azov y grupos similares a ellos como una amenaza global para la democracia, la paz y la equidad racial.\u00a0En cambio, los tratan como un palo con el que golpear a sus oponentes, sin arrastrarse al feo atolladero.<\/span><\/p>\n<p style=\"text-align: justify;\"><span style=\"font-size: 14pt;\">Los elevados principios morales que Occidente a menudo reclama, en su mojigato intento de proyectarse como moralmente superiores a sus oponentes, despu\u00e9s de todo no son sacrosantos.\u00a0Son extremadamente maleables, dependiendo de las metas y objetivos actuales de Occidente, como se ve en el caso actual de su apoyo a las fuerzas <strong>neonazis<\/strong>.\u00a0La invasi\u00f3n rusa de Ucrania, sin embargo, amenaz\u00f3 con exponer a Occidente por su decadencia moral.\u00a0Para evitar este predicamento, Estados Unidos y la OTAN encubrieron el coqueteo de Ucrania con los neonazis y, al mismo tiempo, prepararon una guerra rel\u00e1mpago de propaganda, inundaron Internet con im\u00e1genes conmovedoras del conflicto y exaltaron la respuesta de los l\u00edderes ucranianos a la crisis que se desarrollaba.<\/span><\/p>\n<p style=\"text-align: justify;\"><span style=\"font-size: 14pt;\"><strong>La invasi\u00f3n rusa de Ucrania, sin duda, es digna de la m\u00e1s en\u00e9rgica condena, pero eso no absuelve a Occidente de nutrir y fomentar una ideolog\u00eda que fue responsable de sumergir al mundo en una guerra hace m\u00e1s de 8 d\u00e9cadas<\/strong>.<\/span><\/p>\n<p>&nbsp;<\/p>\n<figure id=\"attachment_2243269\" aria-describedby=\"caption-attachment-2243269\" style=\"width: 678px\" class=\"wp-caption aligncenter\"><img loading=\"lazy\" decoding=\"async\" class=\"wp-image-2243269 size-mh-magazine-content\" src=\"https:\/\/puntocritico.com\/ausajpuntocritico\/wp-content\/uploads\/2022\/03\/Bankova20-200120-20Version202_BhUqtLw.width-800-678x381.jpg\" alt=\"\" width=\"678\" height=\"381\" data-id=\"2243269\" \/><figcaption id=\"caption-attachment-2243269\" class=\"wp-caption-text\"><span style=\"color: #008000;\">Nazis al frente de las protestas del Maidan (2014)<\/span><\/figcaption><\/figure>\n<p style=\"text-align: center;\"><span style=\"color: #008000;\"><strong><span style=\"font-size: 18pt;\">*******<\/span><\/strong><\/span><\/p>\n<blockquote>\n<p style=\"text-align: justify;\" align=\"justify\">\u00ab<span style=\"font-size: 14pt;\">La revuelta de <strong>Maidan<\/strong> en <em><strong>Kiev<\/strong><\/em> tuvo su punta de lanza militarmente organizada en dos grupos nazis, inspirados en el colaboracionista ucraniano del III Reich durante la ocupaci\u00f3n de la URSS, <em><strong>Step\u00e1n Bandera<\/strong><\/em>, <strong>Svoboda<\/strong> y <strong>Pravy<\/strong> <strong>Sektor<\/strong>.<\/span><\/p>\n<p style=\"text-align: justify;\" align=\"justify\"><span style=\"font-size: 14pt;\">Pravy Sektor asesin\u00f3 en <strong><em>Odesa<\/em><\/strong> en mayo de 2014 a 48 personas en la Casa de los Sindicatos.<\/span><\/p>\n<p style=\"text-align: justify;\" align=\"justify\"><span style=\"font-size: 14pt;\">En el <em><strong>Donb\u00e1s<\/strong><\/em>, las rep\u00fablicas separatistas de <em><strong>Donetsk<\/strong><\/em> y <em><strong>Luganks<\/strong><\/em> han sufrido decenas de miles de muertos a manos del ej\u00e9rcito ucraniano, especialmente su poblaci\u00f3n civil\u00bb.<\/span><\/p>\n<p style=\"text-align: right;\" align=\"justify\"><a href=\"http:\/\/marat-asaltarloscielos.blogspot.com\/2022\/03\/consecuencias-de-la-guerra-entre-rusia.html\" target=\"_blank\" rel=\"noopener\"><span style=\"font-size: 14pt;\">Marat<\/span><\/a><\/p>\n<\/blockquote>\n<p style=\"text-align: center;\"><span style=\"color: #008000;\"><strong><span style=\"font-size: 18pt;\">*******<\/span><\/strong><\/span><\/p>\n<figure id=\"attachment_2243057\" aria-describedby=\"caption-attachment-2243057\" style=\"width: 395px\" class=\"wp-caption aligncenter\"><a href=\"https:\/\/www.derechos.org\/peace\/russia\/doc\/ukr271.html\" target=\"_blank\" rel=\"noopener\"><img loading=\"lazy\" decoding=\"async\" class=\"wp-image-2243057 size-full\" src=\"https:\/\/puntocritico.com\/ausajpuntocritico\/wp-content\/uploads\/2022\/03\/sbandera.jpg\" alt=\"\" width=\"395\" height=\"306\" data-id=\"2243057\" srcset=\"https:\/\/puntocritico.com\/ausajpuntocritico\/wp-content\/uploads\/2022\/03\/sbandera.jpg 395w, https:\/\/puntocritico.com\/ausajpuntocritico\/wp-content\/uploads\/2022\/03\/sbandera-300x232.jpg 300w\" sizes=\"auto, (max-width: 395px) 100vw, 395px\" \/><\/a><figcaption id=\"caption-attachment-2243057\" class=\"wp-caption-text\"><span style=\"color: #008000;\"><a href=\"https:\/\/es.wikipedia.org\/wiki\/Step%C3%A1n_Bandera\" target=\"_blank\" rel=\"noopener\">Stephan Bandera<\/a>, oficial de las SS hitlerianas, h\u00e9roe de Nazis y Neonazis ucranianos<\/span><\/figcaption><\/figure>\n<p style=\"text-align: center;\"><span style=\"color: #008000;\"><strong><span style=\"font-size: 18pt;\">*******<\/span><\/strong><\/span><\/p>\n<h2 class=\"crayon article-titre-215497 entry-title\" style=\"text-align: center;\"><span style=\"font-size: 24pt;\">Blackwater est\u00e1 en Donbass con el\u00a0batall\u00f3n\u00a0Azov<\/span><\/h2>\n<div class=\"article-author author\" style=\"text-align: justify;\"><span style=\"font-size: 14pt;\">Por <span class=\"fn\">Manlio Dinucci<\/span><\/span><\/div>\n<div style=\"text-align: justify;\"><span style=\"font-size: 14pt;\"><a href=\"https:\/\/www.voltairenet.org\/article215497.html\" target=\"_blank\" rel=\"noopener\">Red Voltaire<\/a>, 1 FEB 2022<\/span><\/div>\n<div class=\"article-chapo crayon article-chapo-215497 entry-content\">\n<blockquote>\n<p style=\"text-align: center;\"><span style=\"font-size: 14pt;\">La CIA y el MI6 est\u00e1n reorganizando las redes <i>stay-behind<\/i>\u00a0de la\u00a0OTAN en\u00a0el este \u200ede\u00a0Europa. Al\u00a0final de la Segunda Guerra Mundial, los\u00a0servicios secretos de \u200eWashington y\u00a0Londres \u201creciclaron\u201d individuos provenientes de\u00a0las\u00a0filas nazis para \u200eusarlos contra los sovi\u00e9ticos. Hoy\u00a0en\u00a0d\u00eda, la\u00a0CIA y el\u00a0MI6 siguen apoyando grupos \u200eneonazis para lanzarlos contra\u00a0Rusia. La\u00a0diferencia es que en los a\u00f1os\u00a01940 hab\u00eda \u200emuchos\u00a0nazis, mientras que los\u00a0neonazis de\u00a0hoy no\u00a0son numerosos y s\u00f3lo subsisten \u200egracias a la ayuda de los\u00a0anglosajones. \u200e<\/span><\/p>\n<p>&nbsp;<\/p>\n<\/blockquote>\n<\/div>\n<figure id=\"attachment_2243273\" aria-describedby=\"caption-attachment-2243273\" style=\"width: 555px\" class=\"wp-caption aligncenter\"><img loading=\"lazy\" decoding=\"async\" class=\"wp-image-2243273\" src=\"https:\/\/puntocritico.com\/ausajpuntocritico\/wp-content\/uploads\/2022\/03\/voltairenet.org_-_1-196-2-07964-AZOV.jpg\" alt=\"\" width=\"555\" height=\"418\" data-id=\"2243273\" srcset=\"https:\/\/puntocritico.com\/ausajpuntocritico\/wp-content\/uploads\/2022\/03\/voltairenet.org_-_1-196-2-07964-AZOV.jpg 400w, https:\/\/puntocritico.com\/ausajpuntocritico\/wp-content\/uploads\/2022\/03\/voltairenet.org_-_1-196-2-07964-AZOV-300x226.jpg 300w, https:\/\/puntocritico.com\/ausajpuntocritico\/wp-content\/uploads\/2022\/03\/voltairenet.org_-_1-196-2-07964-AZOV-326x245.jpg 326w, https:\/\/puntocritico.com\/ausajpuntocritico\/wp-content\/uploads\/2022\/03\/voltairenet.org_-_1-196-2-07964-AZOV-80x60.jpg 80w\" sizes=\"auto, (max-width: 555px) 100vw, 555px\" \/><figcaption id=\"caption-attachment-2243273\" class=\"wp-caption-text\"><span style=\"color: #008000;\">Ceremonia del batall\u00f3n Azov. Al centro, su l\u00edder, el \u201cFuhrer blanco\u201d Andriy Biletsky.\u200e<\/span><\/figcaption><\/figure>\n<p style=\"text-align: justify;\">\u00a0<\/p>\n<p style=\"text-align: justify;\"><span style=\"font-size: 14pt;\">L<\/span><span style=\"font-size: 14pt;\">a entrevista telef\u00f3nica entre el\u00a0presidente Biden y el\u00a0presidente ucraniano Zelensky \u00ab<i>no\u00a0fue \u200ebuena<\/i>\u00bb, seg\u00fan reporta CNN. \u200e<\/span><\/p>\n<p style=\"text-align: justify;\"><span style=\"font-size: 14pt;\">Mientras que \u00ab<i>Biden avis\u00f3 que la invasi\u00f3n rusa es pr\u00e1cticamente segura para febrero, cuando el \u200eterreno congelado hace posible el\u00a0paso de los\u00a0tanques<\/i>\u00bb, Zelensky \u00ab<i>pidi\u00f3 a\u00a0Biden que baje \u200eel\u00a0tono, sosteniendo que la amenaza rusa es todav\u00eda ambigua<\/i>\u00bb. \u200e<\/span><\/p>\n<p style=\"text-align: justify;\"><span style=\"font-size: 14pt;\">Mientras el propio presidente ucraniano adopta una actitud prudente, las fuerzas armadas de \u200eUcrania siguen concentrando tropas en la regi\u00f3n de Donbass, al\u00a0borde del \u00e1rea de Donetsk y\u00a0Lugansk, donde viven poblaciones rusas. Seg\u00fan informaciones provenientes de la misi\u00f3n de \u200evigilancia especial de la OSCE en\u00a0Ucrania, informaciones que nuestros medios de difusi\u00f3n \u200e\u200e<i>mainstream<\/i>\u00a0prefieren no\u00a0mencionar \u2013est\u00e1n demasiado ocupados hablando s\u00f3lo del despliegue \u200eruso\u2013, all\u00ed hay unidades del ej\u00e9rcito y de la Guardia Nacional ucranianas, unos 150\u00a0000\u00a0soldados, \u200earmados, entrenados y de\u00a0hecho dirigidos por consejeros militares e instructores de \u200eEstados\u00a0Unidos y la\u00a0OTAN. \u200e<\/span><\/p>\n<p style=\"text-align: justify;\"><span style=\"font-size: 14pt;\">Entre 1991 y 2014, seg\u00fan el Servicio de Investigaci\u00f3n del Congreso estadounidense, \u200eEstados\u00a0Unidos aport\u00f3 a Ucrania una asistencia militar ascendente a 4\u00a0000\u00a0millones de \u200ed\u00f3lares, suma a la\u00a0que tenemos que agregar m\u00e1s de 2\u00a0000\u00a0millones a\u00a0partir de 2014 y m\u00e1s de \u200e\u200e1\u00a0000\u00a0millones provenientes del Fondo Fiduciario de la\u00a0OTAN, en el que tambi\u00e9n participa Italia. \u200ePero eso es s\u00f3lo una parte de los gastos militares que las principales potencias de la\u00a0OTAN han \u200ehecho en Ucrania. \u200e<\/span><\/p>\n<p style=\"text-align: justify;\"><span style=\"font-size: 14pt;\">El Reino Unido, por ejemplo, concluy\u00f3 con Kiev una serie de acuerdos militares, dedicando \u200e\u200e1\u00a0700\u00a0millones de libras esterlinas a reforzar las capacidades navales de Ucrania. Ese programa \u200eincluye armar la marina de guerra ucraniana con misiles brit\u00e1nicos, la construcci\u00f3n conjunta de \u200e\u200e8\u00a0unidades r\u00e1pidas lanzamisiles y la instalaci\u00f3n de bases navales en el Mar\u00a0Negro y en el Mar \u200ede\u00a0Azov, entre Ucrania y\u00a0Rusia. El\u00a0gasto militar de Ucrania, que en\u00a02014 equival\u00eda al 3% de \u200esu\u00a0PIB, se\u00a0eleva as\u00ed al 6% en\u00a02022, lo\u00a0cual representa m\u00e1s de 11\u00a0000\u00a0millones de d\u00f3lares. \u200e<\/span><\/p>\n<p style=\"text-align: justify;\"><span style=\"font-size: 14pt;\">A las inversiones militares del bloque Estados\u00a0Unidos-OTAN en\u00a0Ucrania hay\u00a0que sumar tambi\u00e9n \u200e\u200e10\u00a0000\u00a0millones de d\u00f3lares previstos para el\u00a0plan que est\u00e1 realizando Erik Prince, el fundador de \u200ela compa\u00f1\u00eda militar privada Blackwater \u2013hoy rebautizada como Academi\u2013 que proporciona \u200emercenarios a la\u00a0CIA, el\u00a0Pent\u00e1gono y el Departamento de\u00a0Estado para su\u00a0uso en operaciones \u200esecretas \u2013que incluyen torturas y asesinatos\u2013, con ganancias ascendentes a miles de\u00a0millones de d\u00f3lares. \u200e<\/span><\/p>\n<p style=\"text-align: justify;\"><span style=\"font-size: 14pt;\">El plan de Erick Prince, revelado en julio pasado por la revista\u00a0<i>Time<\/i><span class=\"spip_note_ref\">\u00a0[<a id=\"nh1\" class=\"spip_note\" title=\"\u201cExclusive: Documents \u200eReveal Erik Prince\u2019s $10 Billion Plan to Make Weapons\u00a0(...)\" href=\"https:\/\/www.voltairenet.org\/article215497.html#nb1\" rel=\"appendix noopener\" target=\"_blank\">1<\/a>]<\/span>, consiste en crear un ej\u00e9rcito privado en\u00a0Ucrania mediante una asociaci\u00f3n entre la \u200ecompa\u00f1\u00eda brit\u00e1nica Lancaster\u00a06 \u2013a\u00a0trav\u00e9s de la\u00a0cual Prince ya ha enviado mercenarios a \u00c1frica y \u200eal Medio Oriente\u2013 y el principal bur\u00f3 ucraniano de inteligencia, controlado por la\u00a0CIA. En\u00a0todo \u200ecaso es\u00a0previsible que, desde la base as\u00ed creada en Ucrania, Prince\u00a0dirigir\u00eda operaciones secretas \u200een\u00a0Europa, en\u00a0Rusia y en otras regiones. \u200e<\/span><\/p>\n<p style=\"text-align: justify;\"><span style=\"font-size: 14pt;\">En ese contexto, el ministro ruso de\u00a0Defensa, Serguei Choigu, denunci\u00f3 que en la regi\u00f3n de \u200eDonetsk hay \u00ab<i>compa\u00f1\u00edas militares privadas estadounidenses que preparan una provocaci\u00f3n con \u200euso de sustancias qu\u00edmicas desconocidas<\/i>\u00bb. Esa podr\u00eda ser la\u00a0chispa que haga estallar una guerra \u200een\u00a0medio de Europa: un ataque qu\u00edmico contra\u00a0civiles ucranianos en la regi\u00f3n de Donbass, \u200eataque que ser\u00eda r\u00e1pidamente atribuido a los pobladores rusos de Donetsk y de Lugansk, quienes \u200ea\u00a0su\u00a0vez ser\u00edan atacados entonces por el gran volumen de fuerzas ucranianas ya desplegadas en \u200eesa\u00a0regi\u00f3n, maniobra que obligar\u00eda a\u00a0Rusia a intervenir militarmente en\u00a0defensa de las \u200epoblaciones rusas. \u200e<\/span><\/p>\n<p style=\"text-align: justify;\"><span style=\"font-size: 14pt;\">En primera l\u00ednea, listo para comenzar a masacrar rusos en Donbass, est\u00e1 el batall\u00f3n Azov, ahora \u200econvertido en regimiento de fuerzas especiales, entrenado y armado por Estados\u00a0Unidos y \u200ela\u00a0OTAN. Hay\u00a0que recordar que el batall\u00f3n Azov ya se\u00a0distingui\u00f3 por su ferocidad en los ataques \u200econtra las poblaciones rusas de\u00a0Ucrania. \u200e<\/span><\/p>\n<p style=\"text-align: justify;\"><span style=\"font-size: 14pt;\">El batall\u00f3n ucraniano Azov, que recluta neonazis de toda Europa bajo una bandera inspirada en la insignia de la divisi\u00f3n SS Das\u00a0Reich (ver imagen) est\u00e1 bajo las \u00f3rdenes de su fundador Andrey \u200eBiletsky<span class=\"spip_note_ref\">\u00a0[<a id=\"nh2\" class=\"spip_note\" title=\"\u00abUcrania, vivero de neonazis de la OTAN\u00bb, por Manlio Dinucci, \u200e\u200eIl Manifesto\u00a0(...)\" href=\"https:\/\/www.voltairenet.org\/article215497.html#nb2\" rel=\"appendix noopener\" target=\"_blank\">2<\/a>]<\/span>, ahora convertido en coronel. \u200e<\/span><\/p>\n<p style=\"text-align: justify;\"><span style=\"font-size: 14pt;\">El\u00a0batall\u00f3n Azov no\u00a0es una unidad militar sino un movimiento ideol\u00f3gico y\u00a0pol\u00edtico con Biletsky \u200een el\u00a0papel de\u00a0jefe carism\u00e1tico, sobre\u00a0todo a los ojos de una organizaci\u00f3n juvenil cuyos miembros \u200ehan sido educados en el\u00a0odio a los\u00a0rusos mediante la lectura del libro del propio Biletsky, cuyo\u00a0t\u00edtulo es muy revelador:\u00a0<i>Las\u00a0palabras del Fuhrer blanco<\/i>. \u200e<\/span><\/p>\n<p>&nbsp;<\/p>\n<figure id=\"attachment_2243274\" aria-describedby=\"caption-attachment-2243274\" style=\"width: 678px\" class=\"wp-caption aligncenter\"><a href=\"https:\/\/plumasatomicas.com\/noticias\/internacional\/que-es-el-batallon-azov-la-extrema-derecha-nazi-de-ucrania\/\" target=\"_blank\" rel=\"noopener\"><img loading=\"lazy\" decoding=\"async\" class=\"wp-image-2243274 size-mh-magazine-content\" src=\"https:\/\/puntocritico.com\/ausajpuntocritico\/wp-content\/uploads\/2022\/03\/Que-es-el-batallon-Azov-La-extrema-derecha-nazi-de-Ucrania-678x381.webp\" alt=\"\" width=\"678\" height=\"381\" data-id=\"2243274\" srcset=\"https:\/\/puntocritico.com\/ausajpuntocritico\/wp-content\/uploads\/2022\/03\/Que-es-el-batallon-Azov-La-extrema-derecha-nazi-de-Ucrania-678x381.webp 678w, https:\/\/puntocritico.com\/ausajpuntocritico\/wp-content\/uploads\/2022\/03\/Que-es-el-batallon-Azov-La-extrema-derecha-nazi-de-Ucrania-300x169.webp 300w, https:\/\/puntocritico.com\/ausajpuntocritico\/wp-content\/uploads\/2022\/03\/Que-es-el-batallon-Azov-La-extrema-derecha-nazi-de-Ucrania-1024x576.webp 1024w, https:\/\/puntocritico.com\/ausajpuntocritico\/wp-content\/uploads\/2022\/03\/Que-es-el-batallon-Azov-La-extrema-derecha-nazi-de-Ucrania-768x432.webp 768w, https:\/\/puntocritico.com\/ausajpuntocritico\/wp-content\/uploads\/2022\/03\/Que-es-el-batallon-Azov-La-extrema-derecha-nazi-de-Ucrania-610x343.webp 610w, https:\/\/puntocritico.com\/ausajpuntocritico\/wp-content\/uploads\/2022\/03\/Que-es-el-batallon-Azov-La-extrema-derecha-nazi-de-Ucrania.webp 1280w\" sizes=\"auto, (max-width: 678px) 100vw, 678px\" \/><\/a><figcaption id=\"caption-attachment-2243274\" class=\"wp-caption-text\"><span style=\"color: #008000;\">Batall\u00f3n Azov, la milicia de extrema derecha nazi de Ucrania<\/span><\/figcaption><\/figure>\n<p style=\"text-align: center;\"><span style=\"color: #008000;\"><strong><span style=\"font-size: 18pt;\">*******<\/span><\/strong><\/span><\/p>\n<h2 style=\"text-align: justify;\"><span id=\"RELACIONADOS\" style=\"font-size: 14pt;\"><strong>RELACIONADOS:<\/strong><\/span><\/h2>\n<blockquote class=\"wp-embedded-content\" data-secret=\"6qAMtkstuD\"><p><a href=\"https:\/\/puntocritico.com\/ausajpuntocritico\/2018\/04\/17\/las-guerras-por-la-paz-se-basan-en-las-mentiras-en-siria-como-en-irak\/\">Las Guerras por la Paz se basan en las mentiras; en Siria como en Irak<\/a><\/p><\/blockquote>\n<p><iframe loading=\"lazy\" class=\"wp-embedded-content\" sandbox=\"allow-scripts\" security=\"restricted\" style=\"position: absolute; visibility: hidden;\" title=\"\u00abLas Guerras por la Paz se basan en las mentiras; en Siria como en Irak\u00bb \u2014 Punto Cr\u00edtico Derechos Humanos\" src=\"https:\/\/puntocritico.com\/ausajpuntocritico\/2018\/04\/17\/las-guerras-por-la-paz-se-basan-en-las-mentiras-en-siria-como-en-irak\/embed\/#?secret=xjv7M6vTRu#?secret=6qAMtkstuD\" data-secret=\"6qAMtkstuD\" width=\"500\" height=\"282\" frameborder=\"0\" marginwidth=\"0\" marginheight=\"0\" scrolling=\"no\"><\/iframe><\/p>\n<blockquote class=\"wp-embedded-content\" data-secret=\"Fzqsr4aVbd\"><p><a href=\"https:\/\/puntocritico.com\/ausajpuntocritico\/2022\/03\/19\/donbass-2018-documental-de-sergei-loznitsa-ucrania\/\">DONBASS (2018), Documental de Sergei Loznitsa (Ucrania). LA POBLACI\u00d3N ABANDONADA. Extorsionados por las mafias del Independentismo Pro Ruso, mientras son bombardeados por su Gobierno.<\/a><\/p><\/blockquote>\n<p><iframe loading=\"lazy\" class=\"wp-embedded-content\" sandbox=\"allow-scripts\" security=\"restricted\" style=\"position: absolute; visibility: hidden;\" title=\"\u00abDONBASS (2018), Documental de Sergei Loznitsa (Ucrania). LA POBLACI\u00d3N ABANDONADA. Extorsionados por las mafias del Independentismo Pro Ruso, mientras son bombardeados por su Gobierno.\u00bb \u2014 Punto Cr\u00edtico Derechos Humanos\" src=\"https:\/\/puntocritico.com\/ausajpuntocritico\/2022\/03\/19\/donbass-2018-documental-de-sergei-loznitsa-ucrania\/embed\/#?secret=unHFa8BxbH#?secret=Fzqsr4aVbd\" data-secret=\"Fzqsr4aVbd\" width=\"500\" height=\"282\" frameborder=\"0\" marginwidth=\"0\" marginheight=\"0\" scrolling=\"no\"><\/iframe><\/p>\n<blockquote class=\"wp-embedded-content\" data-secret=\"o2hfdHTiJj\"><p><a href=\"https:\/\/puntocritico.com\/ausajpuntocritico\/2022\/01\/29\/oliver-stone-ucrania-en-llamas-oliver-stone-ukraine-on-fire-subtitulos-en-espanol-subtitulos-en-espanol-2\/\">UCRANIA EN LLAMAS: Oliver Stone: Ukraine on Fire (Subt\u00edtulos en espa\u00f1ol)<\/a><\/p><\/blockquote>\n<p><iframe loading=\"lazy\" class=\"wp-embedded-content\" sandbox=\"allow-scripts\" security=\"restricted\" style=\"position: absolute; visibility: hidden;\" title=\"\u00abUCRANIA EN LLAMAS: Oliver Stone: Ukraine on Fire (Subt\u00edtulos en espa\u00f1ol)\u00bb \u2014 Punto Cr\u00edtico Derechos Humanos\" src=\"https:\/\/puntocritico.com\/ausajpuntocritico\/2022\/01\/29\/oliver-stone-ucrania-en-llamas-oliver-stone-ukraine-on-fire-subtitulos-en-espanol-subtitulos-en-espanol-2\/embed\/#?secret=5YlSFWrkQy#?secret=o2hfdHTiJj\" data-secret=\"o2hfdHTiJj\" width=\"500\" height=\"282\" frameborder=\"0\" marginwidth=\"0\" marginheight=\"0\" scrolling=\"no\"><\/iframe><\/p>\n<p><iframe loading=\"lazy\" class=\"wp-embedded-content\" title=\"\u00ab\u201cESPA\u00d1A EN LLAMAS\u201d: PARALELISMOS Y COINCIDENCIAS (por Jes\u00fas D\u00edaz Formoso); conversaci\u00f3n con Carlos Tena\u00bb \u2014 Punto Cr\u00edtico Derechos Humanos\" src=\"https:\/\/puntocritico.com\/ausajpuntocritico\/2020\/01\/22\/espana-en-llamas-paralelismos-y-coincidencias-por-jesus-diaz-formoso-conversacion-con-carlos-tena\/embed\/#?secret=LSAfMEV6Tn#?secret=YyuJ0vPYvA\" width=\"600\" height=\"606\" frameborder=\"0\" marginwidth=\"0\" marginheight=\"0\" scrolling=\"no\" sandbox=\"allow-scripts\" data-secret=\"YyuJ0vPYvA\" data-mce-fragment=\"1\"><\/iframe><\/p>\n<blockquote class=\"wp-embedded-content\" data-secret=\"v1qGWyyBKA\"><p><a href=\"https:\/\/puntocritico.com\/ausajpuntocritico\/2022\/04\/05\/zelenskyelfoton\/\">ZELENSKY, UN FOT\u00d3N EMANCIPADO. &#8220;Servidor del Pueblo&#8221;, la serie de Netflix, con la que Silicon Valley gan\u00f3 las elecciones de Ucrania.<\/a><\/p><\/blockquote>\n<p><iframe loading=\"lazy\" class=\"wp-embedded-content\" sandbox=\"allow-scripts\" security=\"restricted\" style=\"position: absolute; visibility: hidden;\" title=\"\u00abZELENSKY, UN FOT\u00d3N EMANCIPADO. &#8220;Servidor del Pueblo&#8221;, la serie de Netflix, con la que Silicon Valley gan\u00f3 las elecciones de Ucrania.\u00bb \u2014 Punto Cr\u00edtico Derechos Humanos\" src=\"https:\/\/puntocritico.com\/ausajpuntocritico\/2022\/04\/05\/zelenskyelfoton\/embed\/#?secret=V9dT0yhy5t#?secret=v1qGWyyBKA\" data-secret=\"v1qGWyyBKA\" width=\"500\" height=\"282\" frameborder=\"0\" marginwidth=\"0\" marginheight=\"0\" scrolling=\"no\"><\/iframe><\/p>\n<p>&nbsp;<\/p>\n<p><a href=\"https:\/\/puntocritico.com\/ausajpuntocritico\/author\/punto-critico\/\"><img loading=\"lazy\" decoding=\"async\" class=\"aligncenter wp-image-9528 smush-detected-img smush-image-4 smush-image-3\" src=\"https:\/\/puntocritico.com\/ausajpuntocritico\/wp-content\/uploads\/2018\/03\/Mosca_Punto_Cr%C3%ADtico_40.png\" alt=\"\" width=\"80\" height=\"80\" data-id=\"9528\" \/><\/a><\/p>\n<p>&nbsp;<\/p>\n<p>&nbsp;<\/p>\n","protected":false},"excerpt":{"rendered":"<div class=\"mh-excerpt\"><p>DONBASS, LA GUERRA OLVIDADA \u00abEL GOBIERNO DE UCRANIA EST\u00c1 BOMBARDEANDO A LA POBLACI\u00d3N -UCRANIANA- DE DONBASS\u00bb Anne-Laure Bonnel, reportera de guerra freelance y profesora en La Sorbonne &lt; &nbsp; \u00abEl ej\u00e9rcito ucraniano est\u00e1 bombardeando a <a class=\"mh-excerpt-more\" href=\"https:\/\/puntocritico.com\/ausajpuntocritico\/2022\/03\/16\/donbass-el-genocidio-cancelado\/\" title=\"DONBASS, LA GUERRA OLVIDADA. La CRIMINAL INVASI\u00d3N RUSA de Ucrania, no absuelve a Occidente por su colaboraci\u00f3n con grupos paramilitares fascistas ucranianos, como el Neonazi \u00abBatall\u00f3n Azov\u00bb.\">[&#8230;]<\/a><\/p>\n<\/div>","protected":false},"author":3,"featured_media":2243283,"comment_status":"open","ping_status":"closed","sticky":false,"template":"","format":"standard","meta":{"_acf_changed":false,"_exactmetrics_skip_tracking":false,"_exactmetrics_sitenote_active":false,"_exactmetrics_sitenote_note":"","_exactmetrics_sitenote_category":0,"footnotes":""},"categories":[7,12,14],"tags":[39],"class_list":{"0":"post-2243113","1":"post","2":"type-post","3":"status-publish","4":"format-standard","5":"has-post-thumbnail","7":"category-politica","8":"category-corrupcion","9":"category-corrupcion_informativa","10":"tag-ucrania"},"acf":[],"_links":{"self":[{"href":"https:\/\/puntocritico.com\/ausajpuntocritico\/wp-json\/wp\/v2\/posts\/2243113","targetHints":{"allow":["GET"]}}],"collection":[{"href":"https:\/\/puntocritico.com\/ausajpuntocritico\/wp-json\/wp\/v2\/posts"}],"about":[{"href":"https:\/\/puntocritico.com\/ausajpuntocritico\/wp-json\/wp\/v2\/types\/post"}],"author":[{"embeddable":true,"href":"https:\/\/puntocritico.com\/ausajpuntocritico\/wp-json\/wp\/v2\/users\/3"}],"replies":[{"embeddable":true,"href":"https:\/\/puntocritico.com\/ausajpuntocritico\/wp-json\/wp\/v2\/comments?post=2243113"}],"version-history":[{"count":0,"href":"https:\/\/puntocritico.com\/ausajpuntocritico\/wp-json\/wp\/v2\/posts\/2243113\/revisions"}],"wp:featuredmedia":[{"embeddable":true,"href":"https:\/\/puntocritico.com\/ausajpuntocritico\/wp-json\/wp\/v2\/media\/2243283"}],"wp:attachment":[{"href":"https:\/\/puntocritico.com\/ausajpuntocritico\/wp-json\/wp\/v2\/media?parent=2243113"}],"wp:term":[{"taxonomy":"category","embeddable":true,"href":"https:\/\/puntocritico.com\/ausajpuntocritico\/wp-json\/wp\/v2\/categories?post=2243113"},{"taxonomy":"post_tag","embeddable":true,"href":"https:\/\/puntocritico.com\/ausajpuntocritico\/wp-json\/wp\/v2\/tags?post=2243113"}],"curies":[{"name":"wp","href":"https:\/\/api.w.org\/{rel}","templated":true}]}}