{"id":2242923,"date":"2022-04-05T00:05:32","date_gmt":"2022-04-04T22:05:32","guid":{"rendered":"https:\/\/puntocritico.com\/ausajpuntocritico\/?p=2242923"},"modified":"2022-04-20T23:28:00","modified_gmt":"2022-04-20T21:28:00","slug":"zelenskyelfoton","status":"publish","type":"post","link":"https:\/\/puntocritico.com\/ausajpuntocritico\/2022\/04\/05\/zelenskyelfoton\/","title":{"rendered":"ZELENSKY, UN FOT\u00d3N EMANCIPADO. \u00abServidor del Pueblo\u00bb, la serie de Netflix, con la que Silicon Valley gan\u00f3 las elecciones de Ucrania."},"content":{"rendered":"<p style=\"text-align: justify;\"><span style=\"font-size: 14pt; color: #008000;\">ZELENSKY, UN FOTON EMANCIPADO<\/span><\/p>\n\n<p>&nbsp;<\/p>\n<blockquote>\n<h2 style=\"text-align: center;\"><span style=\"font-size: 24pt;\"><strong>LA REVOLUCI\u00d3N DE LOS NARCISOS SI QUE FUE TELEVISADA.\u00a0<\/strong><\/span><\/h2>\n<p style=\"text-align: center;\"><span style=\"font-size: 18pt;\"><strong>Y EL GANADOR ES &#8230; EL NUEVO PRESIDENTE<\/strong><\/span><\/p>\n<p style=\"text-align: center;\"><strong><span style=\"font-size: 14pt;\">El Gran Hermano Global, constructor de la Desinformaci\u00f3n mundial, el Ojo de Horus Posmoderno que todo lo ve, y que de todo dispone, due\u00f1o de nuestras pasiones y se\u00f1or de nuestras emociones, nos inquiere:\u00a0<\/span><\/strong><strong><span style=\"font-size: 14pt;\">\u00bfQui\u00e9n ha ganado \u00abnuestro\u00bb Reality Show, y ser\u00e1 \u00abvuestro\u00bb Presidente?<\/span><\/strong><\/p>\n<p>&nbsp;<\/p>\n<figure id=\"attachment_2244138\" aria-describedby=\"caption-attachment-2244138\" style=\"width: 620px\" class=\"wp-caption aligncenter\"><img loading=\"lazy\" decoding=\"async\" class=\"wp-image-2244138 size-full\" src=\"https:\/\/puntocritico.com\/ausajpuntocritico\/wp-content\/uploads\/2022\/04\/Zelensky-WC.jpg\" alt=\"\" width=\"620\" height=\"349\" data-id=\"2244138\" srcset=\"https:\/\/puntocritico.com\/ausajpuntocritico\/wp-content\/uploads\/2022\/04\/Zelensky-WC.jpg 620w, https:\/\/puntocritico.com\/ausajpuntocritico\/wp-content\/uploads\/2022\/04\/Zelensky-WC-300x169.jpg 300w, https:\/\/puntocritico.com\/ausajpuntocritico\/wp-content\/uploads\/2022\/04\/Zelensky-WC-610x343.jpg 610w\" sizes=\"auto, (max-width: 620px) 100vw, 620px\" \/><figcaption id=\"caption-attachment-2244138\" class=\"wp-caption-text\"><span style=\"color: #008000;\">En 2018, la productora Kvartal 95 rebautiz\u00f3 el antiguo Partido del Cambio Decisivo con el nombre de Servidor del Pueblo.<\/span><\/figcaption><\/figure>\n<p>&nbsp;<\/p>\n<p style=\"text-align: justify;\"><span style=\"font-size: 14pt;\">Todo comienza de nuevo en Ucrania, 2022.\u00a0<\/span><span style=\"font-size: 14pt;\">Un conflicto respecto al cual todos mienten, pero solo se informa de las mentiras de una de las partes.<\/span><\/p>\n<p style=\"text-align: justify;\"><span style=\"font-size: 14pt;\">Sabemos que las Provincias <em>rus\u00f3fonas<\/em> (pro rusas) del <a href=\"https:\/\/puntocritico.com\/ausajpuntocritico\/2022\/03\/19\/donbass-2018-documental-de-sergei-loznitsa-ucrania\/\">Donbass<\/a> llevan siendo bombardeadas por su Gobierno (tambi\u00e9n con <a href=\"https:\/\/puntocritico.com\/ausajpuntocritico\/2022\/04\/04\/pandora-papers-zelensky\/\">Zelensky<\/a> como Presidente) desde hace 8 a\u00f1os, con al menos 13.000 civiles muertos a fines del a\u00f1o 2021. Sabemos tambi\u00e9n de la <a href=\"https:\/\/puntocritico.com\/ausajpuntocritico\/2022\/03\/16\/donbass-el-genocidio-cancelado\/\">milicias Neonazis<\/a> que operan all\u00ed.\u00a0<\/span><span style=\"font-size: 14pt;\">Y lo sabemos pese a la intensa labor de Desinformaci\u00f3n de los Medios mayoritarios para ocult\u00e1rnoslo.\u00a0<\/span><\/p>\n<p style=\"text-align: justify;\"><span style=\"font-size: 14pt;\">Pero Rusia invadi\u00f3 Ucrania, no defendi\u00f3 a la poblaci\u00f3n Ruso-parlante del Donbass durante estos 8 a\u00f1os de bombardeo por parte del Gobierno de Ucrania sobre la poblaci\u00f3n civil. Lo que hizo fue invadir Ucrania. Esta es la informaci\u00f3n que los nuevos censores, los totalitarios de uno y otro lado, los de la cancelaci\u00f3n, la coacci\u00f3n y las amenazas, permiten difundir.<\/span><\/p>\n<p style=\"text-align: justify;\"><span style=\"font-size: 14pt;\">Pero, \u00bfrealmente se trata de una Invasi\u00f3n? Sinceramente, no me lo parece. Como muy acertadamente se\u00f1ala <a href=\"https:\/\/abcblogs.abc.es\/jorge-cachinero\/otros-temas\/ucrania-y-clausewitz.html#vca=mod-friso-p1&amp;vmc=blogs-blogs&amp;vso=Ucrania%20y%20Clausewitz&amp;vli=portada.portada\" target=\"_blank\" rel=\"noopener\" data-schema-attribute=\"\">Jorge Cachinero en ABC<\/a>, la inteligencia rusa tuvo conocimiento del plan de Zelinsky de llevar a cabo una Guerra rel\u00e1mpago sobre el Donbass, con el fin de ocuparlo totalmente por las armas; esa fue la raz\u00f3n de que Rusia se anticipase, atacando a Ucrania.<\/span><\/p>\n<p style=\"text-align: justify;\"><span style=\"font-size: 14pt;\">La maniobra del ej\u00e9rcito ruso consisti\u00f3 en fijar al grueso del ej\u00e9rcito de Ucrania en la defensa de la Capital, Kiev, y de otras ciudades del oeste, mientras \u00abembolsaban\u00bb a las unidades Ucranianas en el Donbass. Nunca se propuso Rusia \u00abconquistar \u00bb Ucrania, s\u00f3lo \u00abliberar\u00bb el Donbass. Lo que de ser un gobernante honesto, Zelensky habr\u00eda podido aprovechar para acabar con los \u00ab<a href=\"https:\/\/puntocritico.com\/ausajpuntocritico\/2022\/03\/16\/donbass-el-genocidio-cancelado\/\">batallones\u00bb de Neonazis presentes en las Fuerzas Armadas de Ucrania<\/a>. Pero no ha sido as\u00ed. Al contrario, aupado por los Desinformadores Globales, al servicio de los Milmillonarios globalistas y \u00absus Oligarcas\u00bb corruptos, pistoleros y g\u00e1nsters en realidad, que se est\u00e1n apropiando de las riquezas de Ucrania, expoliadas constantemente desde la ca\u00edda de la URSS.<\/span><\/p>\n<p style=\"text-align: justify;\"><span style=\"font-size: 14pt;\">Otro Bulo, masivamente difundido, es el supuesto rechazo de los Rusos a Putin. En realidad, lo apoyan masivamente: su apoyo interno se cifra en m\u00e1s del 80% de los ciudadanos Rusos (es decir, m\u00e1s del doble del que goza el Presidente Biden en USA), seg\u00fan el an\u00e1lisis del \u00ab<strong>Centro Levada<\/strong>\u00bb -una organizaci\u00f3n rusa independiente de investigaci\u00f3n sociol\u00f3gica, no gubernamental y no, precisamente, simpatizante del presidente ruso, que lleva el nombre de su fundador, el primer profesor ruso de sociolog\u00eda, Yuri Levada, como nos recuerda <strong>Cachinero<\/strong>.<\/span><\/p>\n<p>&nbsp;<\/p>\n<figure id=\"attachment_2244860\" aria-describedby=\"caption-attachment-2244860\" style=\"width: 660px\" class=\"wp-caption aligncenter\"><img loading=\"lazy\" decoding=\"async\" class=\"wp-image-2244860\" src=\"https:\/\/puntocritico.com\/ausajpuntocritico\/wp-content\/uploads\/2022\/04\/29-Ucrania-y-Clausewitz-Maniobra-finta-fijacion-y-embolsamiento-22.04.04-Embolsamiento-del-ejercito-ucraniano-en-el-Donbas.jpg\" alt=\"\" width=\"660\" height=\"503\" data-id=\"2244860\" srcset=\"https:\/\/puntocritico.com\/ausajpuntocritico\/wp-content\/uploads\/2022\/04\/29-Ucrania-y-Clausewitz-Maniobra-finta-fijacion-y-embolsamiento-22.04.04-Embolsamiento-del-ejercito-ucraniano-en-el-Donbas.jpg 1446w, https:\/\/puntocritico.com\/ausajpuntocritico\/wp-content\/uploads\/2022\/04\/29-Ucrania-y-Clausewitz-Maniobra-finta-fijacion-y-embolsamiento-22.04.04-Embolsamiento-del-ejercito-ucraniano-en-el-Donbas-300x228.jpg 300w, https:\/\/puntocritico.com\/ausajpuntocritico\/wp-content\/uploads\/2022\/04\/29-Ucrania-y-Clausewitz-Maniobra-finta-fijacion-y-embolsamiento-22.04.04-Embolsamiento-del-ejercito-ucraniano-en-el-Donbas-1024x780.jpg 1024w, https:\/\/puntocritico.com\/ausajpuntocritico\/wp-content\/uploads\/2022\/04\/29-Ucrania-y-Clausewitz-Maniobra-finta-fijacion-y-embolsamiento-22.04.04-Embolsamiento-del-ejercito-ucraniano-en-el-Donbas-768x585.jpg 768w, https:\/\/puntocritico.com\/ausajpuntocritico\/wp-content\/uploads\/2022\/04\/29-Ucrania-y-Clausewitz-Maniobra-finta-fijacion-y-embolsamiento-22.04.04-Embolsamiento-del-ejercito-ucraniano-en-el-Donbas-610x464.jpg 610w, https:\/\/puntocritico.com\/ausajpuntocritico\/wp-content\/uploads\/2022\/04\/29-Ucrania-y-Clausewitz-Maniobra-finta-fijacion-y-embolsamiento-22.04.04-Embolsamiento-del-ejercito-ucraniano-en-el-Donbas-80x60.jpg 80w, https:\/\/puntocritico.com\/ausajpuntocritico\/wp-content\/uploads\/2022\/04\/29-Ucrania-y-Clausewitz-Maniobra-finta-fijacion-y-embolsamiento-22.04.04-Embolsamiento-del-ejercito-ucraniano-en-el-Donbas-1320x1005.jpg 1320w\" sizes=\"auto, (max-width: 660px) 100vw, 660px\" \/><figcaption id=\"caption-attachment-2244860\" class=\"wp-caption-text\"><span style=\"color: #008000;\">Embolsamiento del ej\u00e9rcito ucraniano en el Donbass<\/span><\/figcaption><\/figure>\n<p style=\"text-align: center;\"><span style=\"color: #008000; font-size: 18pt;\">***<\/span><\/p>\n<p style=\"text-align: justify;\"><span style=\"font-size: 14pt;\">Conviene recordar que Zelensky gan\u00f3 las elecciones en Ucrania, con dos promesas electorales -ambas absolutamente incumplidas:<\/span><\/p>\n<div style=\"text-align: justify; padding-left: 40px;\"><span style=\"font-size: 14pt;\">1.- Finalizar la Guerra del Donbass (en realidad, acabar con los bombardeos del ej\u00e9rcito de Ucrania contra la poblaci\u00f3n Civil).<\/span><\/div>\n<div style=\"text-align: justify; padding-left: 40px;\">\u00a0<\/div>\n<div style=\"text-align: justify; padding-left: 40px;\"><span style=\"font-size: 14pt;\">2.- Acabar con la corrupci\u00f3n de los \u00abOligarcas\u00bb (<em>pistoleros posmodernos, los gansters del nuevo mundo, surgidos del frio y la corrupci\u00f3n de la extinta URSS<\/em>).<\/span><\/div>\n<div style=\"text-align: justify;\">\u00a0<\/div>\n<div style=\"text-align: justify;\"><span style=\"font-size: 14pt;\">El Poder del Siglo XXI, el Poder de desinformaci\u00f3n, antiguo poder medi\u00e1tico, logr\u00f3 el Gobierno de Ucrania para usarlo contra Europa.<\/span><\/div>\n<div>\u00a0<\/div>\n<div style=\"text-align: justify;\"><span style=\"font-size: 14pt;\">Antes de 1991 no hab\u00eda millonarios en la URSS, de la que formaba parte Ucrania. Tras su desintegraci\u00f3n con la ca\u00edda del Muro, surgieron los \u00abOligarcas\u00bb, funcionarios poderosos de la antigua URSS que se enriquecieron enormemente con la Corrupci\u00f3n, llevando a la miseria a la poblaci\u00f3n. <\/span><\/div>\n<div>\u00a0<\/div>\n<div style=\"text-align: justify;\"><span style=\"font-size: 14pt;\">De aqu\u00ed brotaron los nuevos pol\u00edticos en Ucrania. Multimillonarios surgidos del expolio a sus pueblos.\u00a0<\/span><span style=\"font-size: 14pt;\">Ahora, que es el poder de la desinformaci\u00f3n el que manda, los \u00aboligarcas\u00bb controlan absolutamente la informaci\u00f3n, que usan despiadadamente contra sus poblaciones como arma de guerra. De guerra electoral, ocupando todo el Poder por medio de la desinformaci\u00f3n del votante; lo que <a href=\"https:\/\/puntocritico.com\/ausajpuntocritico\/2019\/08\/01\/curzio-malaparte-manual-del-golpista-profesional-soros-las-primaveras-revolucionarias-neoliberales-el-populismo-y-la-corrupcion-de-los-medios-de-comunicacion\/\">Malaparte<\/a>, <\/span><span style=\"font-size: 18.6667px;\">en su \u00abManual del Golpista Profesional\u00bb, <\/span><span style=\"font-size: 14pt;\">ha denominado \u00abGolpe de Estado Blando\u00bb, nombre equ\u00edvoco para designar un Poder Totalitario ileg\u00edtimo, con una careta amable, que en realidad encubre una brutal dictadura. Dictadura democr\u00e1ticamente ornamentada.\u00a0<\/span><\/div>\n<div>\u00a0<\/div>\n<div style=\"text-align: justify;\"><span style=\"font-size: 14pt;\">Es la Corrupci\u00f3n, el poder de la corrupci\u00f3n informativa de Occidente. De donde surgi\u00f3 Zelensky, con el apoyo de los \u00abOligarcas\u00bb, los gansters del Siglo XXI.<\/span><\/div>\n<div>\u00a0<\/div>\n<div style=\"text-align: justify;\"><span style=\"font-size: 14pt;\">Entre esos Oligarcas ucranianos, corruptos y corruptores, <a href=\"https:\/\/puntocritico.com\/ausajpuntocritico\/2022\/04\/04\/pandora-papers-zelensky\/\">que apoyaron a <strong>Zelensky<\/strong> en su reality electorero<\/a>, destaca el Oligarca que controla la Comunicaci\u00f3n y la Televisi\u00f3n en Ucrania, <a href=\"https:\/\/en.wikipedia.org\/wiki\/Ihor_Kolomoyskyi\" target=\"_blank\" rel=\"noopener\" data-schema-attribute=\"\"><strong>Ihor Kolomoysky<\/strong><\/a>. En 2021, EE. UU. le prohibi\u00f3 a \u00e9l y a su familia ingresar al pa\u00eds debido a una \u00abcorrupci\u00f3n significativa\u00bb, y el secretario de Estado de EE.UU., <a title=\"antonio parpadeo\" href=\"https:\/\/en.wikipedia.org\/wiki\/Antony_Blinken\" target=\"_blank\" rel=\"noopener\" data-saferedirecturl=\"https:\/\/www.google.com\/url?q=https:\/\/en.wikipedia.org\/wiki\/Antony_Blinken&amp;source=gmail&amp;ust=1648901898938000&amp;usg=AOvVaw3D-B081b-qisMOC0K1deEs\">Antony Blinken<\/a>, afirm\u00f3 que estaba \u00ab<a href=\"https:\/\/www.state.gov\/public-designation-of-oligarch-and-former-ukrainian-public-official-ihor-kolomoyskyy-due-to-involvement-in-significant-corruption\/\" target=\"_blank\" rel=\"noopener\" data-schema-attribute=\"\">involucrado en actos corruptos que socavaron el estado de derecho y la fe del p\u00fablico ucraniano en el sistema democr\u00e1tico de su gobierno, instituciones y procesos p\u00fablicos, incluido el uso de su influencia pol\u00edtica y poder oficial para su beneficio personal<\/a>\u00bb y que \u00abrepresenta una grave amenaza para el futuro de Ucrania\u00bb.<\/span><\/div>\n<div>\u00a0<\/div>\n<div style=\"text-align: justify;\"><span style=\"font-size: 14pt;\">Es el esp\u00edritu de los tiempos, el Zeitgest del Nuevo Reich de los mil a\u00f1os: LA DICTADURA TECNOL\u00d3GICA, implantada por medio de la Desinformaci\u00f3n electoral. Los Corruptos acceden de manera APARENTEMENTE LEG\u00cdTIMA al Poder, mediante la manipulaci\u00f3n de nuestras emociones por medio de la desinformaci\u00f3n.<\/span><\/div>\n<div>\u00a0<\/div>\n<div style=\"text-align: justify;\"><span style=\"font-size: 14pt;\">En el Caso de Zelensky, la \u00fanica novedad reside en su \u00e9xito. Pero, en realidad, el Poder de la Desinformaci\u00f3n est\u00e1 conquistando el Mundo. Es realmente Global.<\/span><\/div>\n<div>\u00a0<\/div>\n<div>\u00a0<\/div>\n<div>\n<figure id=\"attachment_2225017\" aria-describedby=\"caption-attachment-2225017\" style=\"width: 480px\" class=\"wp-caption aligncenter\"><img loading=\"lazy\" decoding=\"async\" class=\"wp-image-2225017\" src=\"https:\/\/puntocritico.com\/ausajpuntocritico\/wp-content\/uploads\/2021\/09\/desinformacion-960x670-1.jpg\" alt=\"\" width=\"480\" height=\"319\" data-id=\"2225017\" srcset=\"https:\/\/puntocritico.com\/ausajpuntocritico\/wp-content\/uploads\/2021\/09\/desinformacion-960x670-1.jpg 680w, https:\/\/puntocritico.com\/ausajpuntocritico\/wp-content\/uploads\/2021\/09\/desinformacion-960x670-1-300x199.jpg 300w, https:\/\/puntocritico.com\/ausajpuntocritico\/wp-content\/uploads\/2021\/09\/desinformacion-960x670-1-610x405.jpg 610w, https:\/\/puntocritico.com\/ausajpuntocritico\/wp-content\/uploads\/2021\/09\/desinformacion-960x670-1-678x452.jpg 678w\" sizes=\"auto, (max-width: 480px) 100vw, 480px\" \/><figcaption id=\"caption-attachment-2225017\" class=\"wp-caption-text\"><span style=\"color: #008000;\">DESINFORMACI\u00d3N: \u00bf<a href=\"https:\/\/puntocritico.com\/ausajpuntocritico\/2022\/03\/19\/donbass-2018-documental-de-sergei-loznitsa-ucrania\/\">Sabemos que las Provincias rus\u00f3fonas (pro rusas) del Donbass llevan siendo bombardeadas por su Gobierno (tambi\u00e9n con Zelensky como Presidente) desde hace 8 a\u00f1os, con al menos 13.000 civiles muertos a fines del a\u00f1o 2021<\/a>?. \u00bf<a href=\"https:\/\/puntocritico.com\/ausajpuntocritico\/2022\/03\/16\/donbass-el-genocidio-cancelado\/\">Sabemos de la milicias Neonazis que operan all\u00ed desde el Golpe de Estado del Maidan en 2014<\/a>?<\/span><\/figcaption><\/figure>\n<\/div>\n<div>\u00a0<\/div>\n<div>\n<div dir=\"ltr\">\u00a0<\/div>\n<div dir=\"ltr\" style=\"text-align: justify;\"><span style=\"font-size: 14pt;\">En Espa\u00f1a, la Desinformaci\u00f3n y la Cancelaci\u00f3n como aspectos esenciales del Nuevo Sistema Electoral Corrupto, se estren\u00f3 en 2007, con la actriz contratada por el <a href=\"https:\/\/puntocritico.com\/ausajpuntocritico\/2021\/10\/27\/la-reapertura-stc\/\">Grupo Planeta<\/a> -Antena 3-, Ada Colau y su muy publicitada PAH, pese a ser entonces inexistente (<em>era solo<\/em><em> una direcci\u00f3n de internet, con p\u00e1ginas est\u00e1ticas y un email y un tel\u00e9fono al los que nunca respond\u00eda nadie, pero que <a href=\"https:\/\/puntocritico.com\/ausajpuntocritico\/2017\/04\/20\/ejecutados-en-indefension-parte-i-por-jesus-diaz-formoso\/\" target=\"_blank\" rel=\"noopener\" data-schema-attribute=\"\">opac\u00f3 todas las iniciativas -muchas- dejando \u00fanicamente visible a la PAH, al servicio de la Banca<\/a>, a la que entregaron medio mill\u00f3n de inmuebles que nos fueron expoliados sin oposici\u00f3n real; conforme al plan del infame Rubalcaba, que implicaba utilizar a un ej\u00e9rcito de ladrones -luego bautizados como \u00abpodemitas\u00bb, muchos de ellos meros delincuentes comunes, transformados en \u00abactivistas\u00bb por los medios de Desinformaci\u00f3n masiva<\/em>).<\/span><\/div>\n<div dir=\"ltr\">\u00a0<\/div>\n<div dir=\"ltr\" style=\"text-align: justify;\"><span style=\"font-size: 14pt;\">Ese ej\u00e9rcito de ladrones, los nuevos -ahora conocidos como <a href=\"https:\/\/puntocritico.com\/ausajpuntocritico\/2020\/08\/06\/los-traidores-del-noveno-circulo-del-infierno-la-tactica-trotskista-del-entrismo-por-rolando-astarita-2\/\">podemitas<\/a>&#8211; y los ya cl\u00e1sicos, los pesoeitas, descuideros de todo lo p\u00fablico, que en lugar de administrar en nuestro beneficio, han llegado para expoliar todo lo p\u00fablico (<em>como si en lugar de ser \u00abde todos\u00bb, no fuese \u00abde nadie\u00bb; \u00bfles suena?<\/em>), en su propio beneficio, como medio de alcanzar su seguridad ante el asqueroso futuro que est\u00e1n construyendo, para todos los pueblos del mundo, los Nuevos Corruptos -hoy travestidos de Socialistas (<em>una Socialismo que se ha demostrado como un magn\u00edfico caldo de cultivo para el totalitarismo, por su gran permeablioidad a la Demagogia de los m\u00e1s abyectos Psic\u00f3patas, que son presentados, medi\u00e1ticamente, como \u00absalvadores de los Pueblos\u00bb, cuando en realidad est\u00e1n al servicio de su peores enemigos<\/em>).<\/span><\/div>\n<div dir=\"ltr\">\u00a0<\/div>\n<div dir=\"ltr\">\u00a0<\/div>\n<\/div>\n<div>\n<div dir=\"ltr\"><img loading=\"lazy\" decoding=\"async\" class=\"aligncenter wp-image-15236\" src=\"https:\/\/puntocritico.com\/ausajpuntocritico\/wp-content\/uploads\/2018\/12\/Logo_Troya_Podemos_678x381.jpg\" alt=\"\" width=\"480\" height=\"270\" data-id=\"15236\" srcset=\"https:\/\/puntocritico.com\/ausajpuntocritico\/wp-content\/uploads\/2018\/12\/Logo_Troya_Podemos_678x381.jpg 678w, https:\/\/puntocritico.com\/ausajpuntocritico\/wp-content\/uploads\/2018\/12\/Logo_Troya_Podemos_678x381-300x169.jpg 300w, https:\/\/puntocritico.com\/ausajpuntocritico\/wp-content\/uploads\/2018\/12\/Logo_Troya_Podemos_678x381-267x150.jpg 267w\" sizes=\"auto, (max-width: 480px) 100vw, 480px\" \/><\/div>\n<div dir=\"ltr\">\u00a0<\/div>\n<div dir=\"ltr\">\u00a0<\/div>\n<div dir=\"ltr\" style=\"text-align: justify;\"><span style=\"font-size: 14pt;\">Utilizan para ello el Poder de la Desinformaci\u00f3n, mediante el que, enfrentando a todos contra todos, destruyen nuestras Libertades. Sus colegas en Ucrania, implicados con \u00abBatallones\u00bb Neonazis, algunos de los cuales han integrado en el ej\u00e9rcito de Ucrania, ya han conseguido arruinar y destruir completamente el pa\u00eds, quedando su futuro en manos del Capital Global. Porque tras la miseria, llega la p\u00e9rdida de la Solidaridad, los enfrentamientos por la subsistencia, que destruye la convivencia pac\u00edfica, posibilitando la aceptaci\u00f3n de un, cada vez m\u00e1s intenso, Estado Policial, fundamentado sobre el pilar de la Corrupci\u00f3n Judicial (<em>cuya denigrante espiral de ca\u00edda tiene su alfa y omega, en los nombramientos pol\u00edticos del CGPJ, que a su vez es quien elige a los magistrados que crear\u00e1n la Jurisprudencia -el n\u00facleo de la funci\u00f3n jurisdiccional, en cuanto Fuente, y no solo interpretaci\u00f3n, del Derecho-, tambi\u00e9n la \u00abmenor\u00bb de las Audiencias<\/em>).<\/span><\/div>\n<div dir=\"ltr\">\u00a0<\/div>\n<div dir=\"ltr\" style=\"text-align: justify;\"><span style=\"font-size: 14pt;\">Un Gobierno de todos los Jueces nombrado por un \u00f3rgano pol\u00edtico, Jueces pol\u00edticos que nombran a\u00a0 los Jueces que, a su vez, nombrar\u00e1n sus propios Jueces (<em>sustitutos o de Adscripci\u00f3n Territorial<\/em>), dise\u00f1ando un Poder Judicial que est\u00e1 dejando de ser \u00abCorporativo\u00bb para convertirse, exclusivamente, en pol\u00edtico. Por lo que la p\u00e9rdida de Autoridad (<em>acatamiento de las resoluciones judiciales por la fuerza de su raz\u00f3n<\/em>) se compensa sin sonrojo por medio de la coacci\u00f3n entre particulares, impulsada por la Desinformaci\u00f3n, y se cierra recurriendo a la desnuda Potestad (<em>las Resoluciones judiciales son acatadas por la amenaza del uso de la fuerza estatal, y con su utilizaci\u00f3n efectiva en \u00faltima instancia<\/em>).<\/span><\/div>\n<div dir=\"ltr\">\u00a0<\/div>\n<\/div>\n<div dir=\"ltr\" style=\"text-align: justify;\"><span style=\"font-size: 14pt;\">La \u00fanica novedad es esta apariencia de legitimidad que les brinda la Justicia Corrupta, politizada, con el inestimable apoyo de la Desinformaci\u00f3n y el Terrorismo Informativo con el que han destruido nuestra Convivencia primero, y nuestros Derechos y Libertades despu\u00e9s.<\/span><\/div>\n<div dir=\"ltr\">\u00a0<\/div>\n<div dir=\"ltr\" style=\"text-align: justify;\"><span style=\"font-size: 14pt;\">Todo ello con la Falsa Apariencia de contar con nuestra conformidad. Porque quienes no se conforman, son amenazados, censurados, agredidos y Cancelados, mediante el asesinato \u00abCivil\u00bb, de nuestros Derechos Civiles, por medio de hordas de delincuentes y v\u00edctimas de la desinformaci\u00f3n, pagados con dinero p\u00fablico para destruir la convivencia, subvencionando a sus corruptos liderazgos, y manipulando emocionalmente a sus bases, por medio de la Desinformaci\u00f3n.<\/span><\/div>\n<div dir=\"ltr\">\u00a0<\/div>\n<div dir=\"ltr\" style=\"text-align: justify;\"><span style=\"font-size: 14pt;\">Nos cuentan que, en Espa\u00f1a, tenemos un Gobierno \u00abSocial-Comunista\u00bb. S\u00f3lo hay que ver como han establecido las reglas del Mercado el\u00e9ctrico para rechazar totalmente tal consideraci\u00f3n. Son psic\u00f3patas; ladrones abyectos. Al servicio del Capital. Sus \u00abSoviets\u00bb est\u00e1n constituidos por los m\u00e1s ricos de entre los ricos, y para ellos trabajan (es un decir), espl\u00e9ndidamente retribuidos con dinero y honores -nuestro dinero y nuestros honores-, como la \u00abNueva Casta\u00bb de pol\u00edticos que nos conducen a un mundo dist\u00f3pico, en nombre de la Libertad. Somos peores que imb\u00e9ciles. Y responderemos con nuestro futuro de nuestra estupidez. Es la Responsabilidad, la cara B de la Libertad.<\/span><\/div>\n<div dir=\"ltr\">\u00a0<\/div>\n<div dir=\"ltr\"><a href=\"https:\/\/puntocritico.com\/ausajpuntocritico\/2020\/07\/02\/sororidad-y-totalitarismo-del-dia-en-que-me-quise-solidarizar-y-me-hicieron-prisionero-de-guerra\/\"><img loading=\"lazy\" decoding=\"async\" class=\"aligncenter wp-image-2244954\" src=\"https:\/\/puntocritico.com\/ausajpuntocritico\/wp-content\/uploads\/2022\/04\/Feminismo-Populismo.jpg\" alt=\"\" width=\"555\" height=\"403\" data-id=\"2244954\" srcset=\"https:\/\/puntocritico.com\/ausajpuntocritico\/wp-content\/uploads\/2022\/04\/Feminismo-Populismo.jpg 812w, https:\/\/puntocritico.com\/ausajpuntocritico\/wp-content\/uploads\/2022\/04\/Feminismo-Populismo-300x218.jpg 300w, https:\/\/puntocritico.com\/ausajpuntocritico\/wp-content\/uploads\/2022\/04\/Feminismo-Populismo-768x558.jpg 768w, https:\/\/puntocritico.com\/ausajpuntocritico\/wp-content\/uploads\/2022\/04\/Feminismo-Populismo-610x443.jpg 610w\" sizes=\"auto, (max-width: 555px) 100vw, 555px\" \/><\/a><\/div>\n<div>\n<div dir=\"ltr\">\u00a0<\/div>\n<div dir=\"ltr\" style=\"text-align: justify;\"><span style=\"font-size: 14pt;\">Paralelismos en el estrellato de una PAH inexistente, opacando todo lo que se estaba haciendo seriamente contra el problema de los Desahucios, Ejecuciones sumarias de ciudadanos \u00ab<a href=\"https:\/\/puntocritico.com\/ausajpuntocritico\/2020\/06\/02\/ejecutados-en-indefension-parte-ii-stc-pleno-no-14-1992-de-10-de-febrero-por-jesus-diaz-formoso-republicado\/\">Ejecutados en Indefensi\u00f3n<\/a>\u00ab. Desde all\u00ed, desde la traici\u00f3n, se llega al poder pol\u00edtico. <\/span><\/div>\n<div dir=\"ltr\">\u00a0<\/div>\n<div dir=\"ltr\" style=\"text-align: justify;\"><span style=\"font-size: 14pt;\">El Gran Hermano Electoral es una Estructura, en la que una vez se ha ingresado es imposible escapar. No de otra forma ha de entenderse el rechazo de VOX a ganar las elecciones: Un partido que, en estos tiempos, ofrece honradez en la Gesti\u00f3n P\u00fablica, habr\u00eda de contar entre sus votantes con gentes de cualquier ideolog\u00eda. Pero no es lo que quieren. Por eso insultan a buenas parte de ellos. \u00abSocial-comunistas\u00bb llaman al Gobierno de Corruptos que nos hemos dejado dar. \u00abRojos de mierda\u00bb volvemos a escuchar, tantas d\u00e9cadas despu\u00e9s. Se imposibilita as\u00ed el voto de los electores de izquierda.\u00a0<\/span><\/div>\n<div dir=\"ltr\">\u00a0<\/div>\n<\/div>\n<div dir=\"ltr\" style=\"text-align: justify;\"><span style=\"font-size: 14pt;\">Entre tanto, el principal partido de la oposici\u00f3n -que hace unos pocos a\u00f1os perdi\u00f3 el Gobierno por su relaci\u00f3n con casos de corrupci\u00f3n- organiza manifestaciones ante su sede nacional para pedir la dimisi\u00f3n de su L\u00edder reci\u00e9n electo, por investigar, dentro de su propio Partido, un grave asunto de corrupci\u00f3n que podr\u00eda afectar personalmente a la Presidenta de la C.A. de Madrid, <a href=\"https:\/\/puntocritico.com\/ausajpuntocritico\/2022\/02\/21\/diaz-ayuso-y-la-descomposicion-de-lo-publico\/\">Isabel D\u00edaz Ayuso<\/a>.<\/span><\/div>\n<div>\n<div>\u00a0<\/div>\n<div class=\"yj6qo ajU\" style=\"text-align: justify;\"><span style=\"font-size: 14pt;\">Es la Democracia como espect\u00e1culo; el votante no participa, solo puede mirar.<\/span><\/div>\n<div>\u00a0<\/div>\n<\/div>\n<div>\u00a0<\/div>\n<div><img loading=\"lazy\" decoding=\"async\" class=\"aligncenter size-full wp-image-2244939\" src=\"https:\/\/puntocritico.com\/ausajpuntocritico\/wp-content\/uploads\/2022\/04\/Canceladas-las-bailarinas-de-DEGAS-por-ser-RUSAS.jpg\" alt=\"\" width=\"376\" height=\"369\" data-id=\"2244939\" srcset=\"https:\/\/puntocritico.com\/ausajpuntocritico\/wp-content\/uploads\/2022\/04\/Canceladas-las-bailarinas-de-DEGAS-por-ser-RUSAS.jpg 376w, https:\/\/puntocritico.com\/ausajpuntocritico\/wp-content\/uploads\/2022\/04\/Canceladas-las-bailarinas-de-DEGAS-por-ser-RUSAS-300x294.jpg 300w\" sizes=\"auto, (max-width: 376px) 100vw, 376px\" \/><\/div>\n<div>\n<div>\u00a0<\/div>\n<div>\u00a0<\/div>\n<div class=\"yj6qo ajU\" style=\"text-align: justify;\"><span style=\"font-size: 14pt;\">El Reality Pol\u00edtico-Electoral exige candidatos atractivos, y sobre todo, aparentes. Que aparenten ser lo que en cada momento reclame el p\u00fablico desinformado, exijan unos votantes hipnotizados por los rayos cat\u00f3dicos de televisiones, ordenadores y m\u00f3viles que fundamentan el Nuevo Poder: El Poder de la Desinformaci\u00f3n Global.<\/span><\/div>\n<div>\u00a0<\/div>\n<\/div>\n<div style=\"text-align: justify;\"><span style=\"font-size: 14pt;\">El espect\u00e1culo debe continuar. <\/span><\/div>\n<div>\u00a0<\/div>\n<div style=\"text-align: justify;\"><span style=\"font-size: 14pt;\">La pol\u00edtica ha perdido su m\u00e1scara y se muestra en su verdadera naturaleza: El Poder por el Poder. Lo m\u00e1s sorprendente es que no nos sorprenda. Significa que, inconscientemente, hace mucho tiempo que lo hemos aceptado. Ya no hay <a href=\"https:\/\/puntocritico.com\/ausajpuntocritico\/2021\/02\/18\/la-disonancia-cognitiva-o-como-el-ser-humano-se-convierte-en-esclavo-de-si-mismo-por-miguel-a-vadillo-2\/\">Disonancia Cognitiva<\/a>.<\/span><\/div>\n<div>\n<div>\u00a0<\/div>\n<div class=\"yj6qo ajU\" style=\"text-align: justify;\"><span style=\"font-size: 14pt;\">Quiz\u00e1s por ello se pregunta Mariona Gumpert en <a href=\"https:\/\/www.vozpopuli.com\/opinion\/opinion-publica-entelequia.html\" target=\"_blank\" rel=\"noopener\">Vozpopuli<\/a> \u00ab<em>\u00bfDe verdad nos sorprende que<strong>\u00a0Pedro S\u00e1nchez<\/strong>\u00a0se est\u00e9 preparando para\u00a0<a href=\"https:\/\/www.vozpopuli.com\/opinion\/su-pedridad-ya-tiene-serie.html\" target=\"_blank\" rel=\"noopener\" data-type=\"URL\" data-id=\"https:\/\/www.vozpopuli.com\/opinion\/su-pedridad-ya-tiene-serie.html\" data-schema-attribute=\"\">su propio\u00a0reality show<\/a>\u00a0o que\u00a0<strong>Macron\u00a0<\/strong>se haya hecho fotografiar luciendo barba de tres d\u00edas, una m\u00e1s que estudiada cabellera despeinada y una sudadera militar, en un claro intento de imitar a\u00a0<strong>Zelensky<\/strong>?<\/em>\u00ab, finalizando su art\u00edculo con la pregunta del mill\u00f3n: \u00ab<em>\u00bfComprenderemos alg\u00fan d\u00eda por qu\u00e9 nuestras \u00e9lites torpedean y socavan una y otra vez la educaci\u00f3n human\u00edstica?<\/em>\u00ab<\/span><\/div>\n<\/div>\n<p>&nbsp;<\/p>\n<figure id=\"attachment_2244940\" aria-describedby=\"caption-attachment-2244940\" style=\"width: 678px\" class=\"wp-caption aligncenter\"><img loading=\"lazy\" decoding=\"async\" class=\"wp-image-2244940 size-mh-magazine-content\" src=\"https:\/\/puntocritico.com\/ausajpuntocritico\/wp-content\/uploads\/2022\/04\/congreso-de-los-diputados-vacio-678x381.jpg\" alt=\"\" width=\"678\" height=\"381\" data-id=\"2244940\" \/><figcaption id=\"caption-attachment-2244940\" class=\"wp-caption-text\"><span style=\"color: #008000;\">En Espa\u00f1a la Pandemia motiv\u00f3\u00a0 el cierre del Parlamento, parcialmente el de Juzgados y Tribunales, as\u00ed como el de gran parte de las Administraciones P\u00fablicas. Pero las Televisiones, Radios y Prensa no cerraron. Ellos eran esenciales.\u00a0<\/span><\/figcaption><\/figure><\/blockquote>\n<p>&nbsp;<\/p>\n<table style=\"border-collapse: collapse; width: 100%;\">\n<tbody>\n<tr>\n<td style=\"width: 100%; border-color: #0a0a0a; background-color: #f5f9fa;\">\n<p style=\"text-align: center;\"><span style=\"color: #008000;\"><strong><span style=\"font-size: 14pt;\">En Espa\u00f1a la Pandemia motiv\u00f3\u00a0 el cierre del Parlamento, parcialmente el de Juzgados y Tribunales, as\u00ed como el de gran parte de las Administraciones P\u00fablicas. <\/span><\/strong><\/span><\/p>\n<p style=\"text-align: center;\"><span style=\"color: #008000;\"><strong><span style=\"font-size: 14pt;\">Pero las Televisiones, Radios y Prensa no cerraron. Ellos eran esenciales.\u00a0<\/span><\/strong><\/span><\/p>\n<blockquote>\n<p style=\"text-align: center;\"><span style=\"font-size: 14pt;\">En efecto, mientras que las Disposiciones Adicionales Segunda, Tercera y Cuarta del <a href=\"https:\/\/puntocritico.com\/ausajpuntocritico\/wp-content\/uploads\/2022\/04\/BOE-RD-463-2020-ESTADO-ALARMA.pdf\" target=\"_blank\" rel=\"noopener\" data-schema-attribute=\"\">Real Decreto 463\/2020, de 14 de marzo, <\/a>por el que se declara el estado de alarma para la gesti\u00f3n de la situaci\u00f3n de crisis sanitaria ocasionada por el COVID-19, paralizaban el mundo judicial espa\u00f1ol, quedando un m\u00ednimo reducto que no hizo sino agudizar m\u00e1s el colapso y el Congreso cerraba sus puertas durante varias semanas, tanto ese primer Real Decreto como el resto de las que se dictaron en esas semanas, entre ellas, el <a href=\"https:\/\/puntocritico.com\/ausajpuntocritico\/wp-content\/uploads\/2022\/04\/boe-RDL-10-2020-PERMISO-RETRIBUIDO-RECUPERABLE-ESTADO-ALARMA.pdf\" target=\"_blank\" rel=\"noopener\" data-schema-attribute=\"\">Real Decreto-Ley 10\/2020, de 29 de marzo<\/a>, por el que se regulaba un permiso retribuido recuperable para las personas trabajadoras por cuenta ajena que no prestaran servicios esenciales, declaraban esencial, es decir, sin cortapisa en la ejecuci\u00f3n de su trabajo, a los medios de comunicaci\u00f3n, imprenta e incluso puntos de venta de prensa. La necesidad de difusi\u00f3n del mensaje del miedo fue m\u00e1s importante, esencial, que impartir Justicia o debatir en la Alta representaci\u00f3n del Estado.\u00a0<\/span><\/p>\n<\/blockquote>\n<\/td>\n<\/tr>\n<\/tbody>\n<\/table>\n<blockquote>\n<p style=\"text-align: center;\">\u00a0<\/p>\n<p style=\"text-align: justify;\"><span style=\"font-size: 14pt;\">Siguiendo la estela de la Pol\u00edtica como Reality Show, el Presidente del Gobierno espa\u00f1ol, Pedro S\u00e1nchez, anuncia una Serie de TV (<a href=\"https:\/\/www.vozpopuli.com\/altavoz\/cultura\/moncloa-serie-documental.html\" target=\"_blank\" rel=\"noopener\">El ala oeste de La Moncloa: S\u00e1nchez protagoniza un documental de 4 episodios<\/a>). Nada importa, salvo el espect\u00e1culo. En eso han convertido la tarea de gobernar. Cada vez con menores posibilidades de actuaci\u00f3n, vamos reduciendo nuestro Gobierno al sujeto activo de la Coacci\u00f3n: Gobierno como mero recaudador de tributos, como exacciones injustas, confiscatorias y desproporcionadas, con el auxilio de la Coacci\u00f3n -anta\u00f1o leg\u00edtima- de la fuerza estatal, dirigida por un Poder Judicial corrupto, insensible, psicop\u00e1tico, protector de todas las corrupciones pol\u00edticas, que ampara el uso ileg\u00edtimo de la violencia estatal, amparando\u00a0 la Tortura policial; e incluso\u00a0la Esclavitud. Un Poder Judicial al servicio del Capital Global.\u00a0<\/span><\/p>\n<p style=\"text-align: justify;\"><span style=\"font-size: 14pt;\">Y no resulta anecd\u00f3tico referirse aqu\u00ed a la <strong>Exposici\u00f3n de Motivos<\/strong> de la reciente Ley Org\u00e1nica 5\/2021, de 22 de abril, de derogaci\u00f3n del\u00a0 art\u00edculo 315 apartado 3 del C\u00f3digo Penal (<a href=\"https:\/\/boe.es\/boe\/dias\/2021\/04\/23\/pdfs\/BOE-A-2021-6462.pdf\" target=\"_blank\" rel=\"noopener\">BOE de 23 de abril de 2021<\/a>), que fundamenta su necesidad en el hecho de que,<em> \u00abdesde la llegada al Gobierno del Partido Popular en diciembre de 2011, se inici\u00f3 un proceso constante y sistem\u00e1tico de desmantelamiento de las libertades y especialmente de aquellas que afectan a la manifestaci\u00f3n p\u00fablica del desacuerdo con las pol\u00edticas econ\u00f3micas del Gobierno<\/em>\u00ab; por lo que el Partido Popular ha protestado p\u00fablica y m\u00e1s que airadamente. Cuando se enteraron, tras la publicaci\u00f3n en el BOE.<\/span><\/p>\n<p style=\"text-align: justify;\"><span style=\"font-size: 14pt;\">Y no resulta anecd\u00f3tico teniendo en cuenta que el <strong>Art\u00edculo 88<\/strong> de la <strong>Constituci\u00f3n Espa\u00f1ola<\/strong> establece: \u00abL<em>os proyectos de ley ser\u00e1n aprobados en Consejo de Ministros, que <strong>los someter\u00e1 al <\/strong><strong>Congreso<\/strong>, <strong>acompa\u00f1ados de una exposici\u00f3n de motivos<\/strong> y de los antecedentes necesarios para pronunciarse sobre ellos<\/em>\u00ab.<\/span><\/p>\n<p style=\"text-align: justify;\"><span style=\"font-size: 14pt;\">En efecto, todo parece ser lo que es. Y es terrible. <strong>Los Diputados no se leen lo que votan<\/strong>. Ni las Leyes Org\u00e1nicas que afectan a nuestros Derechos Humanos, como en este caso.\u00a0<\/span><\/p>\n<p style=\"text-align: justify;\"><span style=\"font-size: 14pt;\">Quiz\u00e1s por ello, \u00ab<em>nuestros<\/em>\u00bb Diputados, representantes de no sabemos quien, no pueden ofrecer debates sobre la actividad legislativa del Parlamento. S\u00f3lo ocurrencias, mentiras, desinformaci\u00f3n e insultos.<\/span><\/p>\n<p style=\"text-align: justify;\"><span style=\"font-size: 14pt;\">Y, es por ello que en Espa\u00f1a \u00ab<a href=\"https:\/\/www.vozpopuli.com\/economia_y_finanzas\/nominas-funcionarios-3.html\" target=\"_blank\" rel=\"noopener\" data-schema-attribute=\"\">Las n\u00f3minas de funcionarios y pol\u00edticos se comen dos tercios de los ingresos tributarios<\/a>\u00ab. <\/span><\/p>\n<p style=\"text-align: right;\"><span style=\"font-size: 14pt;\">Chus\u00a0<\/span><\/p>\n<\/blockquote>\n<p style=\"text-align: center;\"><span style=\"font-size: 18pt;\"><strong><span style=\"color: #008000;\">*******<\/span><\/strong><\/span><\/p>\n<p><img loading=\"lazy\" decoding=\"async\" class=\"aligncenter wp-image-2242927 size-mh-magazine-content\" src=\"https:\/\/puntocritico.com\/ausajpuntocritico\/wp-content\/uploads\/2022\/03\/zelensky-ametralla-el-parlamento-1-678x381.jpg\" alt=\"\" width=\"678\" height=\"381\" data-id=\"2242927\" srcset=\"https:\/\/puntocritico.com\/ausajpuntocritico\/wp-content\/uploads\/2022\/03\/zelensky-ametralla-el-parlamento-1-678x381.jpg 678w, https:\/\/puntocritico.com\/ausajpuntocritico\/wp-content\/uploads\/2022\/03\/zelensky-ametralla-el-parlamento-1-300x169.jpg 300w, https:\/\/puntocritico.com\/ausajpuntocritico\/wp-content\/uploads\/2022\/03\/zelensky-ametralla-el-parlamento-1-1024x576.jpg 1024w, https:\/\/puntocritico.com\/ausajpuntocritico\/wp-content\/uploads\/2022\/03\/zelensky-ametralla-el-parlamento-1-768x432.jpg 768w, https:\/\/puntocritico.com\/ausajpuntocritico\/wp-content\/uploads\/2022\/03\/zelensky-ametralla-el-parlamento-1-610x343.jpg 610w, https:\/\/puntocritico.com\/ausajpuntocritico\/wp-content\/uploads\/2022\/03\/zelensky-ametralla-el-parlamento-1.jpg 1280w\" sizes=\"auto, (max-width: 678px) 100vw, 678px\" \/><\/p>\n<blockquote>\n<p style=\"text-align: center;\"><strong><span style=\"font-size: 14pt;\">EL IMPERIO S\u00ed PAGA TRAIDORES<\/span><\/strong><\/p>\n<p style=\"text-align: justify;\"><span style=\"font-size: 14pt;\">Es el oligarca que muchos dicen que est\u00e1 detr\u00e1s de\u00a0<em>Vladimir Zelensky<\/em>, el actual presidente de\u00a0<em>Ucrania<\/em>.\u00a0Tambi\u00e9n es propietario del canal de televisi\u00f3n que emiti\u00f3 la serie protagonizada por\u00a0<strong><em>Zelensky<\/em><\/strong>.<\/span><\/p>\n<p style=\"text-align: justify;\"><span style=\"font-size: 14pt;\">Cuando sobrevino la\u00a0<em>rebeli\u00f3n prorrusa en el este del pa\u00eds en abril de 2014<\/em>,\u00a0<strong>Kolomoiski<\/strong> aport\u00f3 a la causa gubernamental su ej\u00e9rcito privado de 2000 combatientes activos mas 20.000 reservistas.<\/span><\/p>\n<p style=\"text-align: justify;\"><span style=\"font-size: 14pt;\"><span lang=\"ES-VE\" xml:lang=\"ES-VE\">El oligarca de la energ\u00eda de descendencia jud\u00eda <strong>Igor Kolomoisky<\/strong> ha sido uno de los principales\u00a0<\/span><span lang=\"ES-VE\" xml:lang=\"ES-VE\"><a href=\"https:\/\/www.aljazeera.com\/news\/2022\/3\/1\/who-are-the-azov-regiment\" target=\"_blank\" rel=\"noopener\">financistas del Azov<\/a><\/span><span lang=\"ES-VE\" xml:lang=\"ES-VE\">\u00a0desde su formaci\u00f3n en 2014. Tambi\u00e9n\u00a0<\/span><span lang=\"ES-VE\" xml:lang=\"ES-VE\"><a href=\"https:\/\/www.businessinsider.com\/the-pocket-army-controlled-by-sacked-ukrainian-billionaire-igor-kolomoisky-2015-3\" target=\"_blank\" rel=\"noopener\">ha desembolsado<\/a><\/span><span lang=\"ES-VE\" xml:lang=\"ES-VE\">\u00a0dinero para milicias privadas como los <strong>Batallones Aidar<\/strong> y <strong>Dnipro<\/strong>,\u00a0<\/span><span lang=\"ES-VE\" xml:lang=\"ES-VE\"><a href=\"https:\/\/www.reuters.com\/article\/us-ukraine-crisis-kolomoisky\/ukrainian-oligarch-under-fire-after-night-raid-on-state-oil-firm-idUSKBN0MG2A320150320\" target=\"_blank\" rel=\"noopener\">destac\u00e1ndolos<\/a><\/span><span lang=\"ES-VE\" xml:lang=\"ES-VE\">\u00a0como su escuadra de choque personal para la protecci\u00f3n de sus intereses financieros.<\/span><\/span><\/p>\n<p style=\"text-align: justify;\"><span style=\"font-size: 14pt;\"><span lang=\"ES-VE\" xml:lang=\"ES-VE\">En 2019, <strong>Kolomoisky<\/strong> apareci\u00f3 como el principal apoyo de la iniciativa presidencial de <strong>Zelensky<\/strong>. Aunque Zelensky hizo de la lucha contra la corrupci\u00f3n su tema insignia en la campa\u00f1a, los <a href=\"https:\/\/puntocritico.com\/ausajpuntocritico\/2022\/04\/04\/pandora-papers-zelensky\/\" target=\"_blank\" rel=\"noopener\" data-schema-attribute=\"\">Pandora Papers<\/a>\u00a0<\/span><span lang=\"ES-VE\" xml:lang=\"ES-VE\">revelaron<\/span><span lang=\"ES-VE\" xml:lang=\"ES-VE\">\u00a0que \u00e9l e integrantes de su c\u00edrculo cerrado han recibido pagos voluminosos de <strong>Kolomoisky<\/strong> a trav\u00e9s de una nebulosa red de cuentas\u00a0<em>offshore<\/em>.<\/span><\/span><\/p>\n<\/blockquote>\n<p style=\"text-align: center;\"><span style=\"font-size: 18pt;\"><strong><span style=\"color: #008000;\">*******<\/span><\/strong><\/span><\/p>\n<h2 style=\"text-align: center;\"><span class=\"titular\" style=\"font-size: 24pt;\">La comedia prof\u00e9tica que convirti\u00f3 a Zelenski en un h\u00e9roe<\/span><\/h2>\n<blockquote>\n<p class=\"subtitulo\" style=\"text-align: center;\"><strong><em><span style=\"font-size: 14pt;\">La primera vez que ocup\u00f3 la presidencia de Ucrania fue en la serie \u2018Servidor del pueblo\u2019, que le sirvi\u00f3 de trampol\u00edn para llegar al poder real. No ha ganado la batalla del relato por casualidad: productores y guionistas le acompa\u00f1an en un Gobierno m\u00e1s tr\u00e1gico de lo que ninguno imagin\u00f3.<\/span><\/em><\/strong><\/p>\n<p style=\"text-align: center;\"><strong><span style=\"font-size: 14pt;\"><em>La llegada de Zelenski a la presidencia es un trabajo conjunto de la productora, que us\u00f3 los medios audiovisuales tradicionales, pero sobre todo internet. Adem\u00e1s, apost\u00f3 por un discurso populista, contra la corrupci\u00f3n, f\u00e1cilmente identificable<\/em><\/span><\/strong><\/p>\n<\/blockquote>\n<p style=\"text-align: justify;\"><span style=\"font-size: 14pt;\">Por Helena Cort\u00e9s<\/span><\/p>\n<p style=\"text-align: justify;\"><span style=\"font-size: 14pt;\"><a href=\"https:\/\/www.abc.es\/play\/abci-zelenski-ficcion-realidad-enf-202203270109_noticia.html\" target=\"_blank\" rel=\"noopener\">ABC<\/a>, 27 MARZO 2022<\/span><\/p>\n<figure id=\"attachment_2244138\" aria-describedby=\"caption-attachment-2244138\" style=\"width: 620px\" class=\"wp-caption aligncenter\"><img loading=\"lazy\" decoding=\"async\" class=\"wp-image-2244138 size-full\" src=\"https:\/\/puntocritico.com\/ausajpuntocritico\/wp-content\/uploads\/2022\/04\/Zelensky-WC.jpg\" alt=\"\" width=\"620\" height=\"349\" data-id=\"2244138\" srcset=\"https:\/\/puntocritico.com\/ausajpuntocritico\/wp-content\/uploads\/2022\/04\/Zelensky-WC.jpg 620w, https:\/\/puntocritico.com\/ausajpuntocritico\/wp-content\/uploads\/2022\/04\/Zelensky-WC-300x169.jpg 300w, https:\/\/puntocritico.com\/ausajpuntocritico\/wp-content\/uploads\/2022\/04\/Zelensky-WC-610x343.jpg 610w\" sizes=\"auto, (max-width: 620px) 100vw, 620px\" \/><figcaption id=\"caption-attachment-2244138\" class=\"wp-caption-text\"><span style=\"color: #008000;\">El presidente ucraniano en su etapa como c\u00f3mico &#8211; ABC<\/span><\/figcaption><\/figure>\n<p>&nbsp;<\/p>\n<p style=\"text-align: justify;\"><span style=\"font-size: 14pt;\"><strong>Volod\u00edmir Zelenski<\/strong>\u00a0espera a que el p\u00fablico deje de aplaudir para tomar la palabra. Abre sus notas, empieza el discurso presidencial que ten\u00eda preparado y, tras un momento de duda, decide que prefiere improvisar. \u00abSe supone que ahora tengo que prometerles muchas cosas, pero no lo har\u00e9. Primero, porque no ser\u00eda honesto, y, segundo, porque no soy bueno en eso. Creo que uno debe actuar de tal forma que no se sienta avergonzado al mirar a un ni\u00f1o a los ojos. O a sus padres. O a s\u00ed mismo. Y a eso me comprometo\u00bb. Este alegato, sin embargo, no lo enton\u00f3 el actual presidente de Ucrania, sino\u00a0<strong>Vasyl Petrovych<\/strong>, su alter ego ficticio en la s\u00e1tira pol\u00edtica\u00a0<strong>\u2018Servidor del pueblo\u2019<\/strong>, la exitosa producci\u00f3n que llev\u00f3 a Zelenski de los escenarios a la jefatura del estado.<\/span><\/p>\n<aside class=\"roba-intercalado sin-fondo layer_inpage\">\n<div id=\"google_ads_iframe_\/4900\/vocento.abc\/play_1__container__\" style=\"text-align: justify;\"><span style=\"font-size: 14pt;\">Esta comedia producida por Kvartal 95, la empresa del propio Zelenski, se estren\u00f3 en 2015 en el canal 1+1, propiedad del oligarca \u00cdgor Kolomoiski, y fue un \u00e9xito inmediato. Su protagonista, Vasyl Petrovych, es un humilde profesor de historia que llega al poder por sorpresa, gracias a un v\u00eddeo grabado a escondidas por uno de sus alumnos en el que el maestro<strong>\u00a0critica la acomodada vida de la clase pol\u00edtica y sus corruptelas<\/strong>. Su enfado triunfa en internet y acaba imponi\u00e9ndose en las urnas con un<strong>\u00a067% de los votos<\/strong>. Un resultado ligeramente m\u00e1s bajo que el que logr\u00f3 el Zelenski real, al que apoyaron un 73% de los ucranianos en la segunda vuelta de las elecciones de 2019.<\/span><\/div>\n<\/aside>\n<p style=\"text-align: justify;\"><span style=\"font-size: 14pt;\">La llegada de un an\u00f3nimo maestro al poder se produce tambi\u00e9n porque los oligarcas, personajes sin rostro, siempre en la sombra, deciden jugar a \u00abla democracia sin supervisar\u00bb. Esta cr\u00edtica a la corrupci\u00f3n del sistema y al despilfarro es constante en las tres temporadas de una comedia entretenida e ir\u00f3nica, que conecta con las frustraciones pol\u00edticas de los ucranianos. Normal que el p\u00fablico se enamorase de Vasyl Petrovych, un<strong>\u00a0l\u00edder at\u00edpico\u00a0<\/strong>que acude en taxi a su propia investidura, reduce su corte de asesores a la m\u00ednima expresi\u00f3n, recuerda a los parlamentarios que no pueden vivir mejor que el pueblo al que sirven e incluso para los pies a su padre cuando este descubre las ventajas de ser familia del presidente. Y cuando duda, ah\u00ed tiene a l\u00edderes mundiales -desde\u00a0<strong>Plutarco<\/strong>\u00a0hasta Julio C\u00e9sar, pasando por\u00a0<strong>Abraham Lincoln<\/strong>, Luis XVI y hasta el\u00a0<strong>Che Guevara<\/strong>&#8211;\u00a0<strong>que se le aparecen en sue\u00f1os\u00a0<\/strong>para aconsejarle.<\/span><\/p>\n<p style=\"text-align: justify;\"><span style=\"font-size: 14pt;\">\u2018Servidor del pueblo\u2019 tampoco rehuye las tensiones con Rusia y sus aliados. Vasyl Petrovych -quien tambi\u00e9n empez\u00f3 Derecho pero lo abandon\u00f3 para cambiar de profesi\u00f3n, como Zelenski- tiene un doble \u00abpara cuando le toque tomar algo con Lukashenko\u00bb. En una escena que hoy sobresaltar\u00eda a cualquiera, el protagonista entra en el Parlamento donde varios congresistas han llegado a las manos al grito de\u00a0<strong>\u00abPutin ha sido derrocado\u00bb<\/strong>\u00a0para acabar reconociendo que era la \u00fanica forma de que parasen.<\/span><\/p>\n<p style=\"text-align: justify;\"><span style=\"font-size: 14pt;\">Hay tambi\u00e9n en la comedia de Zelenski cierta\u00a0<strong>vocaci\u00f3n europe\u00edsta<\/strong>. Vasyl Petrovych atiende con ilusi\u00f3n una llamada de Merkel en la que le comunica su entrada en la Uni\u00f3n Europea. Sin embargo, poco le dura la alegr\u00eda, ya que la confirmaci\u00f3n era \u00abpara el presidente de Montenegro\u00bb.<\/span><\/p>\n<p style=\"text-align: justify;\"><span style=\"font-size: 14pt;\">En 2018, la productora Kvartal 95\u00a0<strong>rebautiz\u00f3<\/strong>\u00a0el antiguo Partido del Cambio Decisivo con el nombre de\u00a0<strong>Servidor del Pueblo<\/strong>, para evitar que alguien usase su producci\u00f3n m\u00e1s exitosa, que se podr\u00e1 ver en Espa\u00f1a en abierto en Mediaset \u00abcon prop\u00f3sitos pol\u00edticos c\u00ednicos\u00bb. Ivan Bakanov, consejero delegado del estudio, se puso al frente de este nuevo negocio. La campa\u00f1a promocional de la tercera temporada de la serie empez\u00f3 a confundirse con el salto definitivo a la pol\u00edtica de Zelenski, que \u00e9l mismo confirm\u00f3 en enero de 2019. Apenas\u00a0<strong>nueve meses despu\u00e9s<\/strong>, el c\u00f3mico m\u00e1s c\u00e9lebre de Ucrania estaba al frente del pa\u00eds.<\/span><\/p>\n<h3 class=\"ladillo\" style=\"text-align: justify;\"><span style=\"font-size: 14pt;\">Guionistas al mando<\/span><\/h3>\n<p style=\"text-align: justify;\"><span style=\"font-size: 14pt;\">\u00abSu popularidad le favoreci\u00f3 desde el principio. El hecho de que fuera ajeno al poder hizo que la gente se fijara en \u00e9l. Por desgracia, este\u00a0<strong>es el papel de su vida<\/strong>\u00bb, afirma David Redoli, soci\u00f3logo y expresidente de la Asociaci\u00f3n de Comunicaci\u00f3n Pol\u00edtica (ACOP). \u00abEs una bendici\u00f3n que Zelenski sea un actor, aunque a veces se haya demonizado. La pol\u00edtica tiene tanto que ver con la comunicaci\u00f3n como con la gesti\u00f3n y es bueno tener un l\u00edder que conozca el lenguaje de los medios,<strong>\u00a0la dial\u00e9ctica y la escenograf\u00eda<\/strong>. Me remito a otros casos parecidos, como Ronald Reagan o Arnold Schwarzenegger. Al final, en la pol\u00edtica hay m\u00e1s emociones que razones\u00bb.<\/span><\/p>\n<p>&nbsp;<\/p>\n<figure id=\"attachment_2244139\" aria-describedby=\"caption-attachment-2244139\" style=\"width: 510px\" class=\"wp-caption aligncenter\"><img loading=\"lazy\" decoding=\"async\" class=\"size-full wp-image-2244139\" src=\"https:\/\/puntocritico.com\/ausajpuntocritico\/wp-content\/uploads\/2022\/04\/ZELENSKY-colega-ksE-510x349@abc.jpg\" alt=\"\" width=\"510\" height=\"349\" data-id=\"2244139\" srcset=\"https:\/\/puntocritico.com\/ausajpuntocritico\/wp-content\/uploads\/2022\/04\/ZELENSKY-colega-ksE-510x349@abc.jpg 510w, https:\/\/puntocritico.com\/ausajpuntocritico\/wp-content\/uploads\/2022\/04\/ZELENSKY-colega-ksE-510x349@abc-300x205.jpg 300w\" sizes=\"auto, (max-width: 510px) 100vw, 510px\" \/><figcaption id=\"caption-attachment-2244139\" class=\"wp-caption-text\"><span style=\"color: #008000;\">El ayudante principal del presidente Serhiy Shefir (izquierda) camina junto al presidente ucraniano Volodymyr Zelensky (derecha) durante su investidura en Kiev, Ucrania, el 20 de mayo de 2019. &#8211; EFE<\/span><\/figcaption><\/figure>\n<p style=\"text-align: justify;\">\u00a0<\/p>\n<p style=\"text-align: justify;\"><span style=\"font-size: 14pt;\">\u00abAlguien que act\u00faa ya tiene parte del camino hecho, sabe comunicar. En este caso, adem\u00e1s, ha practicado durante tres a\u00f1os en televisi\u00f3n el papel que ha querido representar. Los ciudadanos a veces no diferencian la persona y el personaje. En menor medida, algo parecido pas\u00f3 aqu\u00ed con Pablo Iglesias. La televisi\u00f3n fue su plataforma para llegar al poder\u00bb, a\u00f1ade V\u00edctor Renobell, coordinador del Grado en Ciencias Pol\u00edticas de UNIR. \u00ab<em>La llegada de Zelenski a la presidencia es un trabajo conjunto de la productora, que us\u00f3 los medios audiovisuales tradicionales, pero sobre todo internet. Adem\u00e1s, apost\u00f3 por un discurso populista, contra la corrupci\u00f3n, f\u00e1cilmente identificable<\/em>\u00bb, puntualiza el profesor.<\/span><\/p>\n<p style=\"text-align: justify;\"><span style=\"font-size: 14pt;\">En su desembarco en el Palacio Mariyinski, Zelenski se rode\u00f3 de guionistas y productores. Seg\u00fan el Comit\u00e9 de Votantes de Ucrania, hasta\u00a0<strong>30 cargos gubernamentales\u00a0<\/strong>estaban relacionados con Kvartal-95. Serhiy Shefir, guionista, productor, director de Kvartal 95 y jefe de la campa\u00f1a presidencial, fue nombrado asesor principal. En la misma oficina presidencial trabajan tambi\u00e9n los productores Andriy Yermak, Serhiy Trofimov e Iryna Pobedonostseva, as\u00ed como Yuriy Kostyuk, guionista de \u2018Servidor del pueblo\u2019. Irina Venediktova, exasesora legal de Zelenski, fue nombrada fiscal general del pa\u00eds. Ivan Bakanov, amigo de la infancia de Zelenski y jefe tambi\u00e9n de la productora, asumi\u00f3 el mando del Servicio Secreto de Ucrania.<\/span><\/p>\n<p style=\"text-align: justify;\"><span style=\"font-size: 14pt;\">Pero ning\u00fan gui\u00f3n de estos maestros del espect\u00e1culo anticip\u00f3 el dram\u00e1tico giro que supuso la invasi\u00f3n de Rusia, que convirti\u00f3 al ne\u00f3fito presidente en un aut\u00e9ntico h\u00e9roe. \u00abEn una situaci\u00f3n as\u00ed est\u00e1 haciendo lo que puede y debe, que es\u00a0<strong>liderar a su pueblo hacia la resistencia<\/strong>\u00a0y mostrar al exterior lo que sucede\u00bb, insiste Redoli. Zelenski, resume el soci\u00f3logo, ha ganado la batalla del relato con tres grandes aciertos: hace aquello que dice (habla de resistencia y permanece en Kiev), mantiene un liderazgo grupal (intenta aparecer siempre rodeado de su equipo) y cuenta sus planes para el futuro.<\/span><\/p>\n<p style=\"text-align: justify;\"><span style=\"font-size: 14pt;\">En sus discursos p\u00fablicos, donde se puede adivinar la mano de un buen guionista, Zelenski muestra mucha inteligencia, seg\u00fan los expertos. \u00ab<strong>Ha estado en todos los Parlamentos\u00a0<\/strong>que ha podido y ha tratado de generar esa cercan\u00eda y empat\u00eda con la poblaci\u00f3n citando otros momentos hist\u00f3ricos dolorosos\u00bb, puntualiza Renobell. En el Parlamento Europeo, Zelenski record\u00f3 que est\u00e1n peleando \u00abpor la libertad\u00bb del Viejo Continente, ante los congresistas estadounidenses invoc\u00f3 Pearl Harbour y el 11-S y en el Bundestag solicit\u00f3 que no levantaran \u00abun nuevo muro\u00bb para proteger la econom\u00eda. \u00abFunciona porque consigue casar razones con emociones\u00bb, sentencia Redoli.<\/span><\/p>\n<h3 class=\"ladillo\" style=\"text-align: justify;\"><span style=\"font-size: 14pt;\">Firmeza y ejemplo<\/span><\/h3>\n<p style=\"text-align: justify;\"><span style=\"font-size: 14pt;\">Zelenski tambi\u00e9n juega con la imagen y el lenguaje no verbal. \u00abNadie esperaba que alguien como \u00e9l, que en su dial\u00e9ctica se presentaba como pacifista, diera ese giro hacia u<strong>n perfil m\u00e1s combativo<\/strong>. Aparece siempre con camisetas en estos tonos. Desde el principio visti\u00f3 como un luchador. Pero sin armas, m\u00e1s como un representante democr\u00e1tico, como un gobernante fuerte que como un militar\u00bb, apunta el profesor de la UNIR.<\/span><\/p>\n<p style=\"text-align: justify;\"><span style=\"font-size: 14pt;\">A nivel comunicativo, Rusia ha perdido ya la batalla, plantea Renobell, y sus \u00faltimos intentos por silenciar a los medios disidentes y\u00a0<strong>bloquear las redes sociales occidentales\u00a0<\/strong>son la mejor prueba de ello. \u00abZelenski ha ganado en muchas facetas, a ver si puede hacerlo tambi\u00e9n en la militar, aunque en una guerra todos pierden\u00bb.<\/span><\/p>\n<p style=\"text-align: justify;\"><span style=\"font-size: 14pt;\">Como \u2018Servidor del pueblo\u2019, el final del discurso inaugural del presidente ucraniano, pronunciado en mayo de 2019, resuena ahora tambi\u00e9n como una profec\u00eda: \u00abToda mi vida he intentado hacer lo posible para hacer re\u00edr a los ucranianos. Esa fue mi misi\u00f3n. Ahora har\u00e9 todo lo posible para que, al menos,\u00a0<strong>no lloren m\u00e1s<\/strong>\u00bb.<\/span><\/p>\n<p>&nbsp;<\/p>\n<div>\n<p style=\"text-align: center;\"><a href=\"https:\/\/elordenmundial.com\/ucrania-un-pais-de-oligarcas\/\" target=\"_blank\" rel=\"noopener\" data-schema-attribute=\"\"><img loading=\"lazy\" decoding=\"async\" class=\"aligncenter size-full wp-image-2244829\" src=\"https:\/\/puntocritico.com\/ausajpuntocritico\/wp-content\/uploads\/2022\/04\/Europa-Ucrania-Economia-Poder-Oligarcas-ucranianos.jpg\" alt=\"\" width=\"748\" height=\"432\" data-id=\"2244829\" srcset=\"https:\/\/puntocritico.com\/ausajpuntocritico\/wp-content\/uploads\/2022\/04\/Europa-Ucrania-Economia-Poder-Oligarcas-ucranianos.jpg 748w, https:\/\/puntocritico.com\/ausajpuntocritico\/wp-content\/uploads\/2022\/04\/Europa-Ucrania-Economia-Poder-Oligarcas-ucranianos-300x173.jpg 300w, https:\/\/puntocritico.com\/ausajpuntocritico\/wp-content\/uploads\/2022\/04\/Europa-Ucrania-Economia-Poder-Oligarcas-ucranianos-610x352.jpg 610w\" sizes=\"auto, (max-width: 748px) 100vw, 748px\" \/><\/a><\/p>\n<\/div>\n<p style=\"text-align: center;\"><span style=\"font-size: 18pt;\"><strong><span style=\"color: #008000;\">*******<\/span><\/strong><\/span><\/p>\n<div style=\"text-align: justify;\">\n<div id=\"post-authors\" class=\"row\">\n<div class=\"col-12 col-md\">\n<h2 class=\"post-title\" style=\"text-align: center;\"><span style=\"font-size: 24pt;\">Guerra y propaganda<\/span><\/h2>\n<p class=\"post-subtitle\" style=\"text-align: center;\"><em><span style=\"font-size: 14pt;\"><strong>Los medios occidentales han comprado el clich\u00e9 y se han instalado en la \u201cteor\u00eda del demente\u201d. Con su apelativo de \u201cloco\u201d, Putin ya ha conseguido lo que quer\u00eda: sembrar terror<\/strong><\/span><\/em><\/p>\n<p class=\"author-icon d-none d-md-block\" style=\"text-align: justify;\"><span style=\"font-size: 14pt;\">Por Marta Mart\u00edn<\/span><\/p>\n<\/div>\n<\/div>\n<div id=\"post-info\" class=\"row\">\n<div class=\"col-12\" style=\"text-align: justify;\"><span style=\"font-size: 14pt;\"><a href=\"https:\/\/www.vozpopuli.com\/actualidad\/guerra-propaganda.html\" target=\"_blank\" rel=\"noopener\">Vozpopuli<\/a>, <time class=\"date\" datetime=\"2022-03-13T09:02:50+01:00\">13\/03\/2022<\/time><\/span><\/div>\n<\/div>\n<\/div>\n<div>\u00a0<\/div>\n<div><img loading=\"lazy\" decoding=\"async\" class=\"aligncenter wp-image-2243123 size-mh-magazine-content\" src=\"https:\/\/puntocritico.com\/ausajpuntocritico\/wp-content\/uploads\/2022\/03\/Volodimir-Zelenski-696x392-1-678x381.webp\" alt=\"Zelensky\" width=\"678\" height=\"381\" data-id=\"2243123\" srcset=\"https:\/\/puntocritico.com\/ausajpuntocritico\/wp-content\/uploads\/2022\/03\/Volodimir-Zelenski-696x392-1-678x381.webp 678w, https:\/\/puntocritico.com\/ausajpuntocritico\/wp-content\/uploads\/2022\/03\/Volodimir-Zelenski-696x392-1-300x169.webp 300w, https:\/\/puntocritico.com\/ausajpuntocritico\/wp-content\/uploads\/2022\/03\/Volodimir-Zelenski-696x392-1-1024x576.webp 1024w, https:\/\/puntocritico.com\/ausajpuntocritico\/wp-content\/uploads\/2022\/03\/Volodimir-Zelenski-696x392-1-768x432.webp 768w, https:\/\/puntocritico.com\/ausajpuntocritico\/wp-content\/uploads\/2022\/03\/Volodimir-Zelenski-696x392-1-610x343.webp 610w, https:\/\/puntocritico.com\/ausajpuntocritico\/wp-content\/uploads\/2022\/03\/Volodimir-Zelenski-696x392-1.webp 1200w\" sizes=\"auto, (max-width: 678px) 100vw, 678px\" \/><\/div>\n<div>\u00a0<\/div>\n<div style=\"text-align: justify;\">\n<div id=\"post-text\" class=\"content-entry\">\n<p style=\"text-align: justify;\"><span style=\"font-size: 14pt;\">La educaci\u00f3n sobre la propaganda se convirti\u00f3 en una obsesi\u00f3n para la \u00e9lite estadounidense en el periodo de entreguerras.\u00a0<strong>Hitler\u00a0<\/strong>y\u00a0<strong>Goebbels\u00a0<\/strong>estaban teniendo mucho \u00e9xito y eso asustaba.<\/span><\/p>\n<p style=\"text-align: justify;\"><span style=\"font-size: 14pt;\">En 1930, una cadena de Boston invit\u00f3 a un psic\u00f3logo social,\u00a0<strong>Hadley Cantril<\/strong>, para que hablara en la radio del impacto de la comunicaci\u00f3n persuasiva. Al d\u00eda siguiente, Cantril recibi\u00f3 la llamada de un empresario norteamericano, Filene, quien le pidi\u00f3 dise\u00f1ar un programa\u00a0<strong>para ense\u00f1ar a la gente c\u00f3mo pensar<\/strong>. Este objetivo era imposible. Sin embargo, s\u00ed se pod\u00eda ayudar a la gente a saber c\u00f3mo no pensar. Para ello hac\u00eda falta identificar los mecanismos por los que los mensajes convencen y cambian comportamientos, y divulgarlos en las escuelas. Hab\u00eda que evitar que los j\u00f3venes fueran manipulados. Con este objetivo naci\u00f3 el Instituto para el An\u00e1lisis de la Propaganda en 1937.<\/span><\/p>\n<p style=\"text-align: justify;\"><span style=\"font-size: 14pt;\">La clave estaba en\u00a0<strong>la sugesti\u00f3n<\/strong>, as\u00ed que hab\u00eda que investigar sus mecanismos. Cantril y su grupo\u00a0<strong>identificaron siete\u00a0<\/strong>estratagemas (<strong>devices<\/strong>) esenciales en el mensaje persuasivo que siguen siendo utilizadas.<\/span><\/p>\n<\/div>\n<\/div>\n<div style=\"text-align: center;\">\n<p style=\"text-align: justify;\"><span style=\"font-size: 14pt;\">La primera es\u00a0<strong>el etiquetamiento<\/strong>: dar un nombre a algo para que se rechace sin examinar evidencias. Las etiquetas son armas potentes para batallas dial\u00e9cticas, ideol\u00f3gicas, militares y pol\u00edticas.\u00a0<em>\u201cFascista\u201d, \u201cfacha\u201d, \u201cultraderecha\u201d, \u201ccomunista\u201d, \u201cderechita cobarde\u201d<\/em>&#8230; les suenan, \u00bfno?<\/span><\/p>\n<p style=\"text-align: justify;\"><span style=\"font-size: 14pt;\">La guerra contra\u00a0<strong>Ucrania\u00a0<\/strong>ha sido inaugurada por\u00a0<strong>Putin\u00a0<\/strong>con una etiqueta; m\u00e1s bien para combatir una etiqueta: la \u201cnazificaci\u00f3n\u201d. Una etiqueta es tambi\u00e9n la herramienta poderosa que le sirve para atemorizar a la opini\u00f3n p\u00fablica mundial y frenar una participaci\u00f3n m\u00e1s decidida de instituciones y pa\u00edses en la contienda. El d\u00eda que orden\u00f3\u00a0<a href=\"https:\/\/www.vozpopuli.com\/internacional\/putin-panico-nuclear-mariupol.html\" target=\"_blank\" rel=\"noopener\" data-type=\"URL\" data-id=\"https:\/\/www.vozpopuli.com\/internacional\/putin-panico-nuclear-mariupol.html\" data-schema-attribute=\"\">la alerta m\u00e1xima de fuerzas nucleares<\/a>, en realidad, estaba comunicando que era capaz de tomar una decisi\u00f3n demencial. Los medios occidentales han comprado el clich\u00e9 y se han instalado en la \u201cteor\u00eda del demente\u201d. Con su apelativo de \u201cloco\u201d, el ruso ya ha conseguido lo que quer\u00eda: sembrar terror.<\/span><\/p>\n<p>&nbsp;<\/p>\n<p><span style=\"color: #008000;\"><strong><span style=\"font-size: 14pt;\">Y puede resultar menos cobarde reclamar \u00abdiplomacia de precisi\u00f3n\u00bb que pedir, abiertamente, sumisi\u00f3n y renuncia a los derechos fundamentales de un pueblo. Ya ven, el lenguaje importa<\/span><\/strong><\/span><\/p>\n<p>&nbsp;<\/p>\n<p style=\"text-align: justify;\"><span style=\"font-size: 14pt;\">La segunda estratagema,\u00a0<strong>la \u201cgeneralidad brillante\u201d,<\/strong>\u00a0es justo lo contrario: poner a cosas feas nombres bonitos, para que se acepten sin evidencias. No suena igual entrar en una guerra que en una \u201coperaci\u00f3n militar\u201d, ni hablar de \u201cda\u00f1os colaterares\u201d que de\u00a0<a href=\"https:\/\/www.vozpopuli.com\/internacional\/naciones-unidas-ucrania-civiles-muertos.html\" target=\"_blank\" rel=\"noopener\" data-type=\"URL\" data-id=\"https:\/\/www.vozpopuli.com\/internacional\/naciones-unidas-ucrania-civiles-muertos.html\" data-schema-attribute=\"\">asesinatos de civiles<\/a>. Es m\u00e1s llevadero (especialmente para\u00a0<strong>S\u00e1nchez\u00a0<\/strong>y su votante) mandar \u201cmaterial militar ofensivo a la resistencia\u201d que pistolas, armas y granadas. Y puede resultar menos cobarde reclamar \u00abdiplomacia de precisi\u00f3n\u00bb que pedir, abiertamente, sumisi\u00f3n y renuncia a los derechos fundamentales de un pueblo. Ya ven, el lenguaje importa.<\/span><\/p>\n<p style=\"text-align: justify;\"><span style=\"font-size: 14pt;\">En tercer mecanismo es\u00a0<strong>el transfer,\u00a0<\/strong>vincular elementos nuevos a cosas que provocan ya rechazo, como cuando los medios mezclan sistem\u00e1ticamente la \u201cZ\u201d propagand\u00edstica de Rusia con las esv\u00e1sticas y a Putin con Hitler. No vaya a ser que alguien tenga dudas.<\/span><\/p>\n<p style=\"text-align: justify;\"><span style=\"font-size: 14pt;\">La cuarta estratagema son\u00a0<strong>las falsedades abiertas<\/strong>\u00a0y la quinta\u00a0<strong>los testimoniales<\/strong>. Del uso del ambas sabemos mucho en este pa\u00eds (recuerden las declaraciones sobre covid en torno al 8M de\u00a0<strong>Carmen Calvo<\/strong>\u00a0o\u00a0<strong>Fernando Sim\u00f3n<\/strong>). Pero hoy hablamos de otra guerra. En la contienda de Rusia contra Ucrania y hay tambi\u00e9n muchos ejemplos de mentiras y testimonios.<\/span><\/p>\n<p style=\"text-align: justify;\"><span style=\"font-size: 14pt;\">\u201cUna lecci\u00f3n sobre la paz mundial\u201d es el video que ha escandalizado al mundo occidental. En \u00e9l, una ni\u00f1a prodigio (una\u00a0<em>talent<\/em>, que se dice ahora),\u00a0<strong>Sofia Khomenko<\/strong>, explica a sus compatriotas que no es su pa\u00eds quien invade Ucrania, sino Ucrania quien les declara la guerra. Curioso que el<strong>\u00a0Ministerio de Educaci\u00f3n\u00a0<\/strong>patrocine el adoctrinamiento. Deben ser cosas de la cartera. No dejen de verlo.<\/span><\/p>\n<p style=\"text-align: justify;\"><span style=\"font-size: 14pt;\">Del lado ucraniano, fuentes rusas denuncian que la foto simb\u00f3lica de la embarazada en el bombardeo\u00a0<strong>al hospital pedi\u00e1trico en Mariupol\u00a0<\/strong>es un montaje protagonizado por una famosa bloguera,\u00a0<strong>Marianna Podgurskaya<\/strong>. La realidad es que la se\u00f1ora ha dado a luz una ni\u00f1a y le han puesto de nombre Ver\u00f3nika.<\/span><\/p>\n<p>&nbsp;<\/p>\n<p><span style=\"color: #008000;\"><strong><span style=\"font-size: 14pt;\">El artefacto de la \u201cgente sencilla\u201d es potent\u00edsimo: dispara el sentimiento de identidad y de identificaci\u00f3n con el l\u00edder. Dependiendo del calado del l\u00edder puede por tanto tambi\u00e9n ser muy peligroso<\/span><\/strong><\/span><\/p>\n<p>&nbsp;<\/p>\n<p style=\"text-align: justify;\"><span style=\"font-size: 14pt;\">En cualquier caso, se ve que tan relevante como la mentira es la elecci\u00f3n de la fuente, para potenciar la difusi\u00f3n y credibilidad del mensaje y poder manejar la opini\u00f3n p\u00fablica.<\/span><\/p>\n<p style=\"text-align: justify;\"><span style=\"font-size: 14pt;\">El sexto mecanismo de la propaganda es el\u00a0<strong>\u201cplain folks\u201d<\/strong>\u00a0o el de la \u201cgente sencilla\u201d. Mediante esta estrategia se trasforma al pol\u00edtico en \u201cpueblo\u201d y se le funde con \u00e9l (present\u00e1ndole con las mismas circunstancias, derechos y problemas). El artefacto de la \u201cgente sencilla\u201d es potent\u00edsimo: dispara el sentimiento de identidad y de identificaci\u00f3n con el l\u00edder. Dependiendo del calado del l\u00edder puede por tanto tambi\u00e9n ser muy peligroso.<\/span><\/p>\n<p style=\"text-align: justify;\"><span style=\"font-size: 14pt;\"><strong><a href=\"https:\/\/www.vozpopuli.com\/altavoz\/cultura\/zelenski-actor-ucrania.html\" target=\"_blank\" rel=\"noopener\" data-type=\"URL\" data-id=\"https:\/\/www.vozpopuli.com\/altavoz\/cultura\/zelenski-actor-ucrania.html\" data-schema-attribute=\"\">Zelensky\u00a0<\/a><\/strong>pasar\u00e1 a la historia por su valent\u00eda y ser el rey del\u00a0<em>plain floks<\/em>. Fue grandioso su gesto de eliminar el atril y sentarse a hablar con los periodistas. Pero sobre todo me pareci\u00f3 espectacular\u00a0<strong>ese video en el que, sin afeitar y en camiseta<\/strong>, dijo: \u201cMe quedo con mi gente\u201d\/\u2026\/\u201cme quedar\u00e9 en la capital. Mi familia tambi\u00e9n est\u00e1 en Ucrania. Mis hijos tambi\u00e9n est\u00e1n en Ucrania. Mi familia no son traidores\u201d. El discurso se estudiar\u00e1 con los de Churchill y Mandela. Al tiempo.<\/span><\/p>\n<p style=\"text-align: justify;\"><span style=\"font-size: 14pt;\">Por \u00faltimo, la estratagema del\u00a0<strong>\u201cbandwagon\u201d\u00a0<\/strong>o del vag\u00f3n de cola que mueve la aprobaci\u00f3n de una acci\u00f3n por la necesidad de pertenencia a un grupo. El cl\u00e1sico \u201csi todo el mundo lo hace, t\u00fa tambi\u00e9n lo debes hacer\u201d. Por ejemplo,\u00a0Borrell llam\u00f3 a S\u00e1nchez para pedirle enviar armas, y us\u00f3 el este mecanismo al instarle a \u201cestar junto al resto de l\u00edderes europeos\u00bb. En 24 horas, S\u00e1nchez rectific\u00f3, y nos cont\u00f3 que el material \u201cdefensivo\u201d cambiaba a \u201cofensivo\u201d recurriendo, tambi\u00e9n, al vag\u00f3n de cola al \u201cdar una respuesta unida\u201d. Vaya, que todos lo hab\u00edan hecho y si no, nos sacaban de la foto.<\/span><\/p>\n<p style=\"text-align: justify;\"><span style=\"font-size: 14pt;\">Hasta ahora las estratagemas de la propaganda se estudiaban como una especie de reliquias en las facultades de comunicaci\u00f3n. Hoy, lamentablemente, han cobrado importancia. Y no s\u00f3lo por la guerra. La fragmentaci\u00f3n de las audiencias pero, sobre todo,\u00a0<strong>la fragmentaci\u00f3n de la educaci\u00f3n<\/strong>, hacen que la poblaci\u00f3n espa\u00f1ola, especialmente la m\u00e1s joven, sea cada vez m\u00e1s vulnerable y manipulable.<\/span><\/p>\n<p style=\"text-align: justify;\"><span style=\"font-size: 14pt;\">El problema no es ya la mentira. El problema es la confusi\u00f3n. Cuando lo importante es que no creas del todo en nada, tenemos un gran riesgo porque puedes creerlo un poco todo. Y eso es grave. La educaci\u00f3n, tambi\u00e9n sobre la propaganda, deber\u00eda ser hoy una obsesi\u00f3n como lo fue en el periodo entreguerras.<\/span><\/p>\n<\/div>\n<div style=\"text-align: justify;\">\u00a0<\/div>\n<div style=\"text-align: center;\"><span style=\"font-size: 18pt;\"><strong><span style=\"color: #008000;\">*******<\/span><\/strong><\/span><\/div>\n<h2 style=\"text-align: center;\"><span style=\"font-size: 18pt;\"><strong>El partido de Zelensky se llama igual que su serie de Netflix: \u00abServidor del Pueblo\u00bb<\/strong><\/span><\/h2>\n<div style=\"text-align: justify;\"><a href=\"https:\/\/es.wikipedia.org\/wiki\/Servidor_del_Pueblo\" target=\"_blank\" rel=\"noopener\"><span style=\"font-size: 14pt;\">Wikipedia<\/span><\/a><\/div>\n<div>\u00a0<\/div>\n<div>\n<figure id=\"attachment_2243687\" aria-describedby=\"caption-attachment-2243687\" style=\"width: 360px\" class=\"wp-caption aligncenter\"><img loading=\"lazy\" decoding=\"async\" class=\"wp-image-2243687\" src=\"https:\/\/puntocritico.com\/ausajpuntocritico\/wp-content\/uploads\/2022\/03\/\u0421\u043b\u0443\u0433\u0430_\u043d\u0430\u0440\u043e\u0434\u0443_\u043b\u043e\u0433\u043e_2021.png\" alt=\"\" width=\"360\" height=\"360\" data-id=\"2243687\" srcset=\"https:\/\/puntocritico.com\/ausajpuntocritico\/wp-content\/uploads\/2022\/03\/\u0421\u043b\u0443\u0433\u0430_\u043d\u0430\u0440\u043e\u0434\u0443_\u043b\u043e\u0433\u043e_2021.png 240w, https:\/\/puntocritico.com\/ausajpuntocritico\/wp-content\/uploads\/2022\/03\/\u0421\u043b\u0443\u0433\u0430_\u043d\u0430\u0440\u043e\u0434\u0443_\u043b\u043e\u0433\u043e_2021-150x150.png 150w\" sizes=\"auto, (max-width: 360px) 100vw, 360px\" \/><figcaption id=\"caption-attachment-2243687\" class=\"wp-caption-text\"><span style=\"color: #008000;\">&#8216;Servidor del pueblo&#8217;, el partido pol\u00edtico con el mismo nombre de la serie de Netflix que hizo popular a Zelenski.<\/span><\/figcaption><\/figure>\n<\/div>\n<div>\n<p>&nbsp;<\/p>\n<p style=\"text-align: justify;\"><span style=\"font-size: 14pt;\"><b>Sluha Narodu<\/b>\u00a0o\u00a0<b>Servidor del Pueblo<\/b><sup id=\"cite_ref-3\" class=\"reference separada\"><\/sup>\u200b, traducido en diferentes medios de comunicaci\u00f3n como\u00a0<b>Sirviente del Pueblo<\/b>,\u200b\u00a0<b>Siervo del Pueblo <\/b><sup id=\"cite_ref-5\" class=\"reference separada\"><\/sup>o <b>Servidor P\u00fablico<\/b>,\u200b es un\u00a0<a title=\"Partido pol\u00edtico\" href=\"https:\/\/es.wikipedia.org\/wiki\/Partido_pol%C3%ADtico\" target=\"_blank\" rel=\"noopener\">partido pol\u00edtico<\/a>\u00a0ucraniano\u00a0de ideolog\u00eda\u00a0multicomprensiva.\u00a0Legalmente, el partido es el sucesor del \u00ab<strong>Partido del Cambio Decisivo<\/strong>\u00ab.<\/span><\/p>\n<\/div>\n<div>\n<p style=\"text-align: justify;\"><span style=\"font-size: 14pt;\">En una entrevista en abril de 2019, el l\u00edder del partido,\u00a0Volod\u00edmir Zelenski, declar\u00f3 que apoyaba la distribuci\u00f3n gratuita de\u00a0cannabis medicinal, que era partidario del\u00a0aborto\u00a0gratuito en Ucrania y que le gustar\u00eda ver la legalizaci\u00f3n de la\u00a0prostituci\u00f3n\u00a0y el\u00a0juego\u00a0en Ucrania. Habl\u00f3 en contra de la legalizaci\u00f3n de las\u00a0armas.<\/span><sup id=\"cite_ref-9\" class=\"reference separada\"><\/sup><\/p>\n<p style=\"text-align: center;\"><span style=\"font-size: 18pt;\"><strong><span style=\"color: #008000;\">*******<\/span><\/strong><\/span><\/p>\n<\/div>\n<h2 style=\"text-align: center;\"><span style=\"font-size: 24pt;\"><strong>Ucrania: Zelensky, \u00bfde hazmerre\u00edr a presidente?<\/strong><\/span><\/h2>\n<div>\n<p class=\"intro\" style=\"text-align: center;\"><span style=\"font-size: 14pt;\"><em><strong>El comediante de televisi\u00f3n puede ganar los comicios presidenciales en Ucrania. Sus cr\u00edticos aseguran que lanz\u00f3 su candidatura por encargo de un conocido oligarca para impedir la reelecci\u00f3n de Petro Poroshenko.<\/strong><\/em><\/span><\/p>\n<p style=\"text-align: justify;\"><span style=\"font-size: 14pt;\">Deutsche Welle (<a style=\"text-align: justify;\" href=\"https:\/\/www.dw.com\/es\/ucrania-zelensky-de-hazmerre%C3%ADr-a-presidente\/a-48101718\" target=\"_blank\" rel=\"noopener\">DW<\/a>)<\/span><\/p>\n<\/div>\n<div><img loading=\"lazy\" decoding=\"async\" class=\"aligncenter wp-image-2243688 size-mh-magazine-content\" src=\"https:\/\/puntocritico.com\/ausajpuntocritico\/wp-content\/uploads\/2022\/03\/Zelinsky-elecciones-1-678x381.jpg\" alt=\"\" width=\"678\" height=\"381\" data-id=\"2243688\" srcset=\"https:\/\/puntocritico.com\/ausajpuntocritico\/wp-content\/uploads\/2022\/03\/Zelinsky-elecciones-1-678x381.jpg 678w, https:\/\/puntocritico.com\/ausajpuntocritico\/wp-content\/uploads\/2022\/03\/Zelinsky-elecciones-1-300x169.jpg 300w, https:\/\/puntocritico.com\/ausajpuntocritico\/wp-content\/uploads\/2022\/03\/Zelinsky-elecciones-1-610x343.jpg 610w, https:\/\/puntocritico.com\/ausajpuntocritico\/wp-content\/uploads\/2022\/03\/Zelinsky-elecciones-1.jpg 700w\" sizes=\"auto, (max-width: 678px) 100vw, 678px\" \/><\/div>\n<div>\u00a0<\/div>\n<div>\u00a0<\/div>\n<div>\n<p style=\"text-align: justify;\"><span style=\"font-size: 14pt;\">Los ucranianos ir\u00e1n a las urnas este\u00a031 de marzo para reelegir a <a href=\"https:\/\/es.wikipedia.org\/wiki\/Petr%C3%B3_Poroshenko\" target=\"_blank\" rel=\"noopener\"><strong>Petro Poroshenko<\/strong><\/a> como jefe de Estado o poner fin a su mandato. Hace dos meses, cuando estaba por culminar el per\u00edodo de inscripci\u00f3n de candidaturas para los comicios presidenciales, hab\u00eda tantos contendores en la lidia que se hac\u00eda dif\u00edcil hablar de favoritos. Un duelo entre Poroshenko, de 53 a\u00f1os de edad, y la ex primera ministra <a href=\"https:\/\/es.wikipedia.org\/wiki\/Yulia_Timoshenko\" target=\"_blank\" rel=\"noopener\"><strong>Yulia Timoshenko<\/strong><\/a>, de 58, era predecible, pero tambi\u00e9n luc\u00eda probable que figuras sin larga trayectoria pol\u00edtica terminaran ganando adeptos. Eso fue lo que pas\u00f3<\/span><\/p>\n<figure id=\"attachment_2243689\" aria-describedby=\"caption-attachment-2243689\" style=\"width: 340px\" class=\"wp-caption alignleft\"><a href=\"https:\/\/es.wikipedia.org\/wiki\/Petr%C3%B3_Poroshenko\" target=\"_blank\" rel=\"noopener\"><img loading=\"lazy\" decoding=\"async\" class=\"size-full wp-image-2243689\" src=\"https:\/\/puntocritico.com\/ausajpuntocritico\/wp-content\/uploads\/2022\/03\/Poroshenko.jpg\" alt=\"\" width=\"340\" height=\"191\" data-id=\"2243689\" srcset=\"https:\/\/puntocritico.com\/ausajpuntocritico\/wp-content\/uploads\/2022\/03\/Poroshenko.jpg 340w, https:\/\/puntocritico.com\/ausajpuntocritico\/wp-content\/uploads\/2022\/03\/Poroshenko-300x169.jpg 300w\" sizes=\"auto, (max-width: 340px) 100vw, 340px\" \/><\/a><figcaption id=\"caption-attachment-2243689\" class=\"wp-caption-text\"><span style=\"color: #008000;\">El anterior presidente de Ucrania, que con su actividad pol\u00edtica se convirti\u00f3 en multimillonario, <a href=\"https:\/\/es.wikipedia.org\/wiki\/Petr%C3%B3_Poroshenko\" target=\"_blank\" rel=\"noopener\">Petro Poroshenko<\/a>.<\/span><\/figcaption><\/figure>\n<p style=\"text-align: justify;\"><span style=\"font-size: 14pt;\">con el comediante de televisi\u00f3n Volodymyr Zelensky, de 41 a\u00f1os: las encuestas sugieren que cuenta con m\u00e1s respaldo \u2013entre el 20 y el 25 por ciento\u2013 que Poroshenko y Timoshenko.<\/span><\/p>\n<p style=\"text-align: justify;\"><span style=\"font-size: 14pt;\">Muchos dan por sentado que los comicios presidenciales desembocar\u00e1n en una ronda de desempate y que Zelensky pasar\u00e1 a la segunda vuelta. \u00bfC\u00f3mo ha logrado este ascenso en tan poco tiempo? Hijo de un profesor universitario de Kriv\u00f3i Rog, coraz\u00f3n de la industria del hierro en el sureste de Ucrania, Zelensky pas\u00f3 de ser el payaso de la provincia a ser el comediante m\u00e1s popular de todo el pa\u00eds. Su especialidad: la s\u00e1tira pol\u00edtica. Desde hace casi veinte a\u00f1os colabora con un conjunto de humoristas que se hace llamar Studio Kwartal 95, en alusi\u00f3n a un vecindario de Kriv\u00f3i Rog. Aparte de espect\u00e1culos para<\/span><\/p>\n<figure id=\"attachment_2243690\" aria-describedby=\"caption-attachment-2243690\" style=\"width: 340px\" class=\"wp-caption alignright\"><a href=\"https:\/\/es.wikipedia.org\/wiki\/Yulia_Timoshenko\" target=\"_blank\" rel=\"noopener\"><img loading=\"lazy\" decoding=\"async\" class=\"size-full wp-image-2243690\" src=\"https:\/\/puntocritico.com\/ausajpuntocritico\/wp-content\/uploads\/2022\/03\/Timoshenko.jpg\" alt=\"\" width=\"340\" height=\"191\" data-id=\"2243690\" srcset=\"https:\/\/puntocritico.com\/ausajpuntocritico\/wp-content\/uploads\/2022\/03\/Timoshenko.jpg 340w, https:\/\/puntocritico.com\/ausajpuntocritico\/wp-content\/uploads\/2022\/03\/Timoshenko-300x169.jpg 300w\" sizes=\"auto, (max-width: 340px) 100vw, 340px\" \/><\/a><figcaption id=\"caption-attachment-2243690\" class=\"wp-caption-text\"><span style=\"color: #008000;\">La ex primera ministra de Ucrania, <a href=\"https:\/\/es.wikipedia.org\/wiki\/Yulia_Timoshenko\" target=\"_blank\" rel=\"noopener\">Yulia Timoshenko<\/a>, quien, al igual que Poroshenko, su actividad pol\u00edtica la convirti\u00f3 en una de las personas m\u00e1s ricas de Ucrania, que aspir\u00f3 a la presidencia.<\/span><\/figcaption><\/figure>\n<p style=\"text-align: justify;\"><span style=\"font-size: 14pt;\">televisi\u00f3n, este grupo produce pel\u00edculas y series como la c\u00e9lebre\u00a0<em>Servidor del pueblo<\/em>, donde Zelensky derrocha talento.<\/span><\/p>\n<h3 style=\"text-align: justify;\"><span style=\"font-size: 14pt;\"><strong>\u00bfLa vida imita al arte?<\/strong><\/span><\/h3>\n<p style=\"text-align: justify;\"><span style=\"font-size: 14pt;\">En esa serie, \u00e9l encarna a un profesor de Historia que es elegido presidente. \u00bfLa vida imita al arte? A eso aspira Zelensky, cuyo partido se llama Servidor del Pueblo. Aunque es estimado como artista, su candidatura presidencial tambi\u00e9n ha generado suspicacias; cr\u00edticos aseguran que \u00e9l se lanz\u00f3 al ruedo por encargo del conocido oligarca Igor Kolomoisky para impedir la reelecci\u00f3n de Poroshenko. Kolomoisky fue gobernador de Dnipropetrovsk, el <em>\u00f3blast<\/em> donde naci\u00f3 Zelensky, y es un influyente hombre de negocios. De hecho, Zelensky anunci\u00f3 su candidatura presidencial con bombos y platillos en la pasada Nochevieja a trav\u00e9s del canal de televisi\u00f3n de Kolomoisky, 1+1, donde ya se transmit\u00edan shows y pel\u00edculas protagonizadas por el comediante.<\/span><\/p>\n<p style=\"text-align: justify;\"><span style=\"font-size: 14pt;\">La emisi\u00f3n del video donde Zelensky se presentaba como candidato hizo que el discurso de A\u00f1o Nuevo de Poroshenko fuera pospuesto por algunos minutos. La afrenta parece intencional, considerando que Kolomoisky y Poroshenko se han enfrentado m\u00e1s de una vez por divergencias de intereses en materia petrolera y bancaria. Zelensky y Kolomoisky insisten en negar que est\u00e9n cooperando pol\u00edticamente de cara a los comicios del 31 de marzo. Kolomoisky dice estar atendiendo sus negocios, mientras Zelensky se dedica a hacer lo que alguna vez jur\u00f3 que nunca har\u00eda: prometer como los pol\u00edticos que \u00e9l tachaba de populistas. El eslogan de su campa\u00f1a es \u201cLa Ucrania de los sue\u00f1os\u201d. Su oferta: el fin de la corrupci\u00f3n y el aumento de los sueldos y las jubilaciones.<\/span><\/p>\n<\/div>\n<div>\n<h3 style=\"text-align: justify;\"><span style=\"font-size: 14pt;\"><strong>El magnetismo de Zelensky<\/strong><\/span><\/h3>\n<p style=\"text-align: justify;\"><span style=\"font-size: 14pt;\">El comediante promete, adem\u00e1s: m\u00e1s \u00abpoder para el pueblo\u201d, m\u00e1s referendos, m\u00e1s justicia, m\u00e1s seguridad y el fin de la guerra en el este de Ucrania. Zelensky nunca explica c\u00f3mo alcanzar\u00e1 esas metas; algunos observadores llaman la atenci\u00f3n hacia la manera en que evita los programas de televisi\u00f3n a los cuales es invitado para no dejar en evidencia su falta de conocimientos sobre pol\u00edtica interior y exterior.<\/span><\/p>\n<p style=\"text-align: justify;\"><span style=\"font-size: 14pt;\">Zelensky encarna en algunos aspectos importantes lo contrario de la corriente principal en la pol\u00edtica ucraniana.\u00a0Representa, predominantemente, a los ucranianos de habla rusa que viven en el este y el sur del pa\u00eds; Zelensky no s\u00f3lo habla ruso con frecuencia, sino que se burla del exacerbado patriotismo ucraniano, aunque de manera m\u00e1s bien sutil.<\/span><\/p>\n<p style=\"text-align: justify;\"><span style=\"font-size: 14pt;\">Despu\u00e9s de todo, es un comediante. Sin embargo, no faltar\u00e1 quien mire a Zelensky con recelo en Occidente. Quienes dudan de sus posibilidades de ganar las elecciones presidenciales admiten, eso s\u00ed, que su candidatura dificulta la reelecci\u00f3n de Poroshenko y podr\u00eda favoreces a su rival, Yulia Timoshenko, quien ocupa el segundo lugar en los sondeos de popularidad. En todo caso, Zelensky ya tiene en la mira los comicios legislativos que se celebrar\u00e1n en oto\u00f1o de 2019. Aunque no sea elegido presidente, su partido, Servidor del Pueblo, puede obtener muchos esca\u00f1os en el Parlamento.<\/span><\/p>\n<p style=\"text-align: right;\"><em><strong>Deutsche Welle<\/strong> es la emisora internacional de Alemania y produce periodismo independiente en 30 idiomas.\u00a0<\/em><\/p>\n<\/div>\n<div>\u00a0<\/div>\n<div><img loading=\"lazy\" decoding=\"async\" class=\"aligncenter wp-image-6874\" src=\"https:\/\/puntocritico.com\/ausajpuntocritico\/wp-content\/uploads\/2017\/11\/CORRUPCI\u00d3N-JUDICIAL-EN-LOS-CONCURSOS-DE-2.jpg\" alt=\"\" width=\"440\" height=\"357\" data-id=\"6874\" srcset=\"https:\/\/puntocritico.com\/ausajpuntocritico\/wp-content\/uploads\/2017\/11\/CORRUPCI\u00d3N-JUDICIAL-EN-LOS-CONCURSOS-DE-2.jpg 507w, https:\/\/puntocritico.com\/ausajpuntocritico\/wp-content\/uploads\/2017\/11\/CORRUPCI\u00d3N-JUDICIAL-EN-LOS-CONCURSOS-DE-2-300x243.jpg 300w\" sizes=\"auto, (max-width: 440px) 100vw, 440px\" \/><\/div>\n<div>\u00a0<\/div>\n<div style=\"text-align: center;\"><span style=\"font-size: 18pt;\"><strong><span style=\"color: #008000;\">*******<\/span><\/strong><\/span><\/div>\n<div>\n<h2 style=\"text-align: center;\"><span class=\"titular\" style=\"font-size: 24pt;\">&#8216;Servidor del pueblo&#8217;, la serie que hizo popular a Zelenski llega a Netflix<\/span><\/h2>\n<p class=\"subtitulo\" style=\"text-align: center;\"><span style=\"font-size: 14pt;\"><strong><em>La s\u00e1tira pol\u00edtica del presidente ucraniano volver\u00e1 a la plataforma, de momento en Estados Unidos, en medio de una carrera internacional por los derechos de emisi\u00f3n<\/em><\/strong><\/span><\/p>\n<\/div>\n<div style=\"text-align: justify;\"><span style=\"font-size: 14pt;\"><a href=\"https:\/\/www.abc.es\/play\/series\/noticias\/abci-netflix-recupera-serie-hizo-popular-zelenski-202203162034_noticia.html\" target=\"_blank\" rel=\"noopener\">ABC<\/a>, 17 MARZO 2022<\/span><\/div>\n<div>\u00a0<\/div>\n<div>\n<figure id=\"attachment_2242927\" aria-describedby=\"caption-attachment-2242927\" style=\"width: 678px\" class=\"wp-caption aligncenter\"><img loading=\"lazy\" decoding=\"async\" class=\"wp-image-2242927 size-mh-magazine-content\" src=\"https:\/\/puntocritico.com\/ausajpuntocritico\/wp-content\/uploads\/2022\/03\/zelensky-ametralla-el-parlamento-1-678x381.jpg\" alt=\"\" width=\"678\" height=\"381\" data-id=\"2242927\" srcset=\"https:\/\/puntocritico.com\/ausajpuntocritico\/wp-content\/uploads\/2022\/03\/zelensky-ametralla-el-parlamento-1-678x381.jpg 678w, https:\/\/puntocritico.com\/ausajpuntocritico\/wp-content\/uploads\/2022\/03\/zelensky-ametralla-el-parlamento-1-300x169.jpg 300w, https:\/\/puntocritico.com\/ausajpuntocritico\/wp-content\/uploads\/2022\/03\/zelensky-ametralla-el-parlamento-1-1024x576.jpg 1024w, https:\/\/puntocritico.com\/ausajpuntocritico\/wp-content\/uploads\/2022\/03\/zelensky-ametralla-el-parlamento-1-768x432.jpg 768w, https:\/\/puntocritico.com\/ausajpuntocritico\/wp-content\/uploads\/2022\/03\/zelensky-ametralla-el-parlamento-1-610x343.jpg 610w, https:\/\/puntocritico.com\/ausajpuntocritico\/wp-content\/uploads\/2022\/03\/zelensky-ametralla-el-parlamento-1.jpg 1280w\" sizes=\"auto, (max-width: 678px) 100vw, 678px\" \/><figcaption id=\"caption-attachment-2242927\" class=\"wp-caption-text\"><span style=\"color: #008000;\">Volod\u00edmir Zelenski, en una imagen de la serie &#8216;Servidor del pueblo&#8217;<\/span><\/figcaption><\/figure>\n<\/div>\n<div>\u00a0<\/div>\n<div>\u00a0<\/div>\n<div style=\"text-align: justify;\"><span style=\"font-size: 14pt;\">Casi todo el mundo sabe que el presidente de Ucrania, <strong>Volod\u00edmir Zelenski<\/strong>, lleg\u00f3 a la pol\u00edtica\u00a0<a href=\"https:\/\/www.abc.es\/internacional\/abci-zelenski-comico-simbolo-resistencia-europa-202202281218_noticia.html\" target=\"_blank\" rel=\"noopener\" data-voc-vtm-id=\"in-text-traffic\" data-schema-attribute=\"\">procedente de la actuaci\u00f3n<\/a>, como\u00a0<strong>Ronald Reagan<\/strong>.\u00a0<strong>&#8216;Servidor del pueblo&#8217;<\/strong>\u00a0es su serie m\u00e1s famosa, una s\u00e1tira pol\u00edtica que se pudo ver en\u00a0<strong>Netflix<\/strong>\u00a0y que ahora volver\u00e1 a la plataforma, al menos en Estados Unidos, seg\u00fan ha anunciado este mi\u00e9rcoles la compa\u00f1\u00eda con sede en Los Gatos (California).<\/span><\/div>\n<div>\n<p style=\"text-align: justify;\"><span style=\"font-size: 14pt;\">\u00ab<strong>\u00a1Lo pedisteis y est\u00e1 de vuelta!<\/strong>\u00a0&#8216;Servidor del pueblo&#8217; est\u00e1 de nuevo disponible en Netflix en Estados Unidos\u00bb, anunci\u00f3 la plataforma en Twitter, casi al mismo tiempo que Zelenski pronunciaba un\u00a0<a href=\"https:\/\/www.abc.es\/internacional\/abci-pedir-demasiado-cierren-cielo-ucraniano-para-salvar-vidas-interpela-zelenski-congreso-eeuu-202203161435_noticia.html\" target=\"_blank\" rel=\"noopener\" data-voc-vtm-id=\"in-text-traffic\" data-schema-attribute=\"\">emotivo discurso<\/a>\u00a0por videoconferencia ante el Congreso estadounidense, donde fue ovacionado.<\/span><\/p>\n<\/div>\n<p>&nbsp;<\/p>\n<figure id=\"attachment_2243684\" aria-describedby=\"caption-attachment-2243684\" style=\"width: 440px\" class=\"wp-caption aligncenter\"><a href=\"https:\/\/twitter.com\/netflix\/status\/1504064948305080327?ref_src=twsrc%5Etfw%7Ctwcamp%5Etweetembed%7Ctwterm%5E1504064948305080327%7Ctwgr%5E%7Ctwcon%5Es1_&amp;ref_url=https%3A%2F%2Fwww.abc.es%2Fplay%2Fseries%2Fnoticias%2Fabci-netflix-recupera-serie-hizo-popular-zelenski-202203162034_noticia.html\" target=\"_blank\" rel=\"noopener\" data-schema-attribute=\"\"><img loading=\"lazy\" decoding=\"async\" class=\"wp-image-2243684\" src=\"https:\/\/puntocritico.com\/ausajpuntocritico\/wp-content\/uploads\/2022\/03\/Zelensky-twit-Netflix.png\" alt=\"\" width=\"440\" height=\"526\" data-id=\"2243684\" srcset=\"https:\/\/puntocritico.com\/ausajpuntocritico\/wp-content\/uploads\/2022\/03\/Zelensky-twit-Netflix.png 678w, https:\/\/puntocritico.com\/ausajpuntocritico\/wp-content\/uploads\/2022\/03\/Zelensky-twit-Netflix-251x300.png 251w, https:\/\/puntocritico.com\/ausajpuntocritico\/wp-content\/uploads\/2022\/03\/Zelensky-twit-Netflix-610x729.png 610w\" sizes=\"auto, (max-width: 440px) 100vw, 440px\" \/><\/a><figcaption id=\"caption-attachment-2243684\" class=\"wp-caption-text\"><span style=\"color: #008000;\">Usted pidi\u00f3 y est\u00e1 de vuelta! Servant of the People vuelve a estar disponible en Netflix en Estados Unidos. La serie de comedia sat\u00edrica de 2015 est\u00e1 protagonizada por Volodymyr Zelenskyy, quien interpreta a un maestro que inesperadamente se convierte en presidente despu\u00e9s de que un video suyo quej\u00e1ndose de la corrupci\u00f3n se vuelve viral de repente.<\/span><\/figcaption><\/figure>\n<div>\n<p>&nbsp;<\/p>\n<p style=\"text-align: justify;\"><span style=\"font-size: 14pt;\">&#8216;Servidor del pueblo&#8217;, estrenada en 2015, narra la inesperada elecci\u00f3n como presidente de Ucrania de un profesor de historia, gracias a un v\u00eddeo que se hace viral.<\/span><\/p>\n<aside class=\"roba-intercalado sin-fondo layer_inpage\">\n<p style=\"text-align: justify;\"><span style=\"font-size: 14pt;\">La comedia denunciaba la corrupci\u00f3n pol\u00edtica en el pa\u00eds y, como una premonici\u00f3n m\u00e1s de\u00a0<strong>&#8216;Los Simpson&#8217;<\/strong>, se adelant\u00f3 a los libros de Historia. Se grabaron 51 cap\u00edtulos, correspondientes a\u00a0<strong>tres temporadas<\/strong>. Tuvo muy buena aceptaci\u00f3n:\u00a0<a href=\"https:\/\/www.imdb.com\/title\/tt6235122\/?ref_=nm_flmg_act_1\" target=\"_blank\" rel=\"noopener\" data-voc-vtm-id=\"in-text-traffic\" data-schema-attribute=\"\">en IMDb<\/a>\u00a0recibe una nota media de 7,1. Entre sus curiosidades, se cuenta que es\u00a0<strong>la \u00fanica serie que lleg\u00f3 a su fin porque su argumento se hizo realidad<\/strong>.<\/span><\/p>\n<p style=\"text-align: justify;\"><span style=\"font-size: 14pt;\">Para el ahora presidente, participar en esta producci\u00f3n fue un paso esencial en su carrera pol\u00edtica. Zelenski fue elegido en 2019 con cerca del 73% de los votos, apoyado en un partido que lleva justo el nombre de la serie. Decidido a hacerse famoso, tambi\u00e9n\u00a0<a href=\"https:\/\/www.abc.es\/internacional\/abci-zelenski-gano-version-ucraniana-concurso-bailando-estrellas-antes-presidente-202202281358_noticia.html\" target=\"_blank\" rel=\"noopener\" data-voc-vtm-id=\"in-text-traffic\" data-schema-attribute=\"\">particip\u00f3, y gan\u00f3<\/a>, en la primera edici\u00f3n de la versi\u00f3n ucraniana del concurso\u00a0<strong>&#8216;Bailando con las estrellas&#8217;<\/strong>. Zelenski ha trabajado asimismo como productor, guionista y director, en una\u00a0<strong>carrera art\u00edstica<\/strong>\u00a0que emprendi\u00f3 con 17 a\u00f1os.<\/span><\/p>\n<p style=\"text-align: justify;\"><span style=\"font-size: 14pt;\">La serie tambi\u00e9n puede ser vista a trav\u00e9s de la francoalemana\u00a0<strong>Arte.TV<\/strong>, bajo el t\u00edtulo &#8216;Serviteur du peuple&#8217;. En\u00a0<a href=\"https:\/\/www.arte.tv\/fr\/videos\/RC-021804\/serviteur-du-peuple\/\" target=\"_blank\" rel=\"noopener\" data-voc-vtm-id=\"in-text-traffic\" data-schema-attribute=\"\">este enlace<\/a>\u00a0se accede directamente, pero de momento no est\u00e1 disponible en nuestro pa\u00eds. Seg\u00fan algunas fuentes, las visitas se han disparado en las \u00faltimas semanas. La cadena brit\u00e1nica Channel 4, la griega ANT 1 y la rumana PRO TV tambi\u00e9n se han hecho con los derechos para sus respectivos pa\u00edses, en medio de una carrera internacional por los derechos.<\/span><\/p>\n<\/aside>\n<\/div>\n<div>\u00a0<\/div>\n<div><img loading=\"lazy\" decoding=\"async\" class=\"aligncenter wp-image-11373\" src=\"https:\/\/puntocritico.com\/ausajpuntocritico\/wp-content\/uploads\/2018\/04\/Periodismo-manipulado-ip.jpg\" alt=\"\" width=\"480\" height=\"270\" data-id=\"11373\" srcset=\"https:\/\/puntocritico.com\/ausajpuntocritico\/wp-content\/uploads\/2018\/04\/Periodismo-manipulado-ip.jpg 678w, https:\/\/puntocritico.com\/ausajpuntocritico\/wp-content\/uploads\/2018\/04\/Periodismo-manipulado-ip-300x169.jpg 300w\" sizes=\"auto, (max-width: 480px) 100vw, 480px\" \/><\/div>\n<p style=\"text-align: center;\"><span style=\"font-size: 18pt;\"><strong><span style=\"color: #008000;\">*******<\/span><\/strong><\/span><\/p>\n<h2 style=\"text-align: center;\"><span class=\"titular\" style=\"font-size: 24pt;\">&#8216;Servidor del pueblo&#8217;, la serie que encumbr\u00f3 a Zelenski, se ver\u00e1 en Espa\u00f1a en abierto<\/span><\/h2>\n<p class=\"subtitulo\" style=\"text-align: center;\"><strong><em><span style=\"font-size: 14pt;\">La comedia protagonizada por el ahora presidente de Ucrania ser\u00e1 emitida por Mediaset, al igual que su adaptaci\u00f3n al cine, &#8216;Servant of the people 2&#8217;<\/span><\/em><\/strong><\/p>\n<p style=\"text-align: justify;\"><span style=\"font-size: 14pt;\"><a href=\"https:\/\/www.abc.es\/play\/series\/noticias\/abci-servidor-pueblo-serie-encumbro-zelenski-vera-espana-abierto-202203181310_noticia.html\" target=\"_blank\" rel=\"noopener\">ABC<\/a>, 18 MARZO 2022<\/span><\/p>\n<figure id=\"attachment_2243764\" aria-describedby=\"caption-attachment-2243764\" style=\"width: 620px\" class=\"wp-caption aligncenter\"><img loading=\"lazy\" decoding=\"async\" class=\"wp-image-2243764 size-full\" src=\"https:\/\/puntocritico.com\/ausajpuntocritico\/wp-content\/uploads\/2022\/03\/Servidordelpueblo1-U16535506252xae-620x349@abc.jpg\" alt=\"\" width=\"620\" height=\"349\" data-id=\"2243764\" srcset=\"https:\/\/puntocritico.com\/ausajpuntocritico\/wp-content\/uploads\/2022\/03\/Servidordelpueblo1-U16535506252xae-620x349@abc.jpg 620w, https:\/\/puntocritico.com\/ausajpuntocritico\/wp-content\/uploads\/2022\/03\/Servidordelpueblo1-U16535506252xae-620x349@abc-300x169.jpg 300w, https:\/\/puntocritico.com\/ausajpuntocritico\/wp-content\/uploads\/2022\/03\/Servidordelpueblo1-U16535506252xae-620x349@abc-610x343.jpg 610w\" sizes=\"auto, (max-width: 620px) 100vw, 620px\" \/><figcaption id=\"caption-attachment-2243764\" class=\"wp-caption-text\"><span style=\"color: #008000;\">Volod\u00edmir Zelenski, en una imagen de &#8216;Servidor del pueblo&#8217; &#8211; Mediaset<\/span><\/figcaption><\/figure>\n<p>&nbsp;<\/p>\n<p style=\"text-align: justify;\"><span style=\"font-size: 14pt;\">Horas despu\u00e9s de que Netflix anunciara que emitir\u00e1 la serie que lanz\u00f3 la carrera pol\u00edtica de\u00a0<strong>Volod\u00edmir Zelenski<\/strong>,\u00a0<strong>Mediaset<\/strong>\u00a0ha comunicado que se ha hecho con los derechos. El sexto presidente de la historia de Ucrania protagoniz\u00f3 durante tres temporadas\u00a0<strong>&#8216;Servidor del pueblo&#8217;<\/strong>, una s\u00e1tira pol\u00edtica prof\u00e9tica, en la que su personaje llegaba a la presidencia del pa\u00eds. Es, de hecho, la \u00fanica serie de la historia que termin\u00f3 porque su argumento se hizo realidad.<\/span><\/p>\n<p style=\"text-align: justify;\"><span style=\"font-size: 14pt;\">La serie ser\u00e1 emitida en Espa\u00f1a\u00a0<strong>en abierto<\/strong>, por tanto, despu\u00e9s de su \u00e9xito en Ucrania. Pese a tratarse de una comedia, no solo anticip\u00f3 lo que ocurri\u00f3 despu\u00e9s en las urnas, sino que Zelenski lleg\u00f3 a bautizar su partido con el mismo nombre del que ten\u00eda en la serie.<\/span><\/p>\n<aside class=\"roba-intercalado sin-fondo layer_inpage\">\n<div id=\"_wmass_1238800000000745\">\n<div id=\"jw-0074500745\" class=\"jwplayer jw-reset jw-state-idle jw-stretch-uniform jw-flag-aspect-mode jw-flag-controls-hidden jw-flag-outstream jw-flag-outstream-pending jw-breakpoint-3\" tabindex=\"0\" role=\"application\" aria-label=\"Reproductor de Video\">\n<div class=\"jw-wrapper jw-reset\">\n<div class=\"jw-hidden-accessibility\"><span style=\"font-size: 14pt;\">Creada y producida por Zelenski y estrenada en <strong>noviembre de 2015<\/strong>\u00a0en el canal 1+1, &#8216;Servidor&#8217; del pueblo&#8217; es, seg\u00fan Mediaset, \u00abuna s\u00e1tira pol\u00edtica inteligente, envolvente y, hoy por hoy, un documento audiovisual que pese a ser ficci\u00f3n, permite conocer el\u00a0<strong>origen de la carrera pol\u00edtica<\/strong>\u00a0del presidente ucraniano, que ha cobrado un importante papel en la actualidad internacional\u00bb.<\/span><\/div>\n<\/div>\n<\/div>\n<\/div>\n<\/aside>\n<h3 class=\"ladillo\" style=\"text-align: justify;\"><span style=\"font-size: 14pt;\">Premios<\/span><\/h3>\n<p style=\"text-align: justify;\"><span style=\"font-size: 14pt;\">En el palmar\u00e9s de esta producci\u00f3n destaca el\u00a0<strong>Gold Remi Award<\/strong>\u00a0a la Mejor Comedia de Televisi\u00f3n del WorldFest de Houston en 2016, el\u00a0<strong>Silver Award<\/strong>\u00a0en el World Media Festival de Hamburgo y la distinci\u00f3n del\u00a0<strong>Seoul International Drama Awards<\/strong>\u00a0en 2016, certamen en el que la ficci\u00f3n fue finalista.<\/span><\/p>\n<p style=\"text-align: justify;\">\u00a0<\/p>\n<figure id=\"attachment_2243765\" aria-describedby=\"caption-attachment-2243765\" style=\"width: 480px\" class=\"wp-caption aligncenter\"><img loading=\"lazy\" decoding=\"async\" class=\"wp-image-2243765\" src=\"https:\/\/puntocritico.com\/ausajpuntocritico\/wp-content\/uploads\/2022\/03\/Servidordelpueblo2-U05653878875FFv-660x372@abc.jpg\" alt=\"\" width=\"480\" height=\"271\" data-id=\"2243765\" srcset=\"https:\/\/puntocritico.com\/ausajpuntocritico\/wp-content\/uploads\/2022\/03\/Servidordelpueblo2-U05653878875FFv-660x372@abc.jpg 660w, https:\/\/puntocritico.com\/ausajpuntocritico\/wp-content\/uploads\/2022\/03\/Servidordelpueblo2-U05653878875FFv-660x372@abc-300x169.jpg 300w, https:\/\/puntocritico.com\/ausajpuntocritico\/wp-content\/uploads\/2022\/03\/Servidordelpueblo2-U05653878875FFv-660x372@abc-610x344.jpg 610w\" sizes=\"auto, (max-width: 480px) 100vw, 480px\" \/><figcaption id=\"caption-attachment-2243765\" class=\"wp-caption-text\"><span style=\"color: #008000;\">Zelenski, en otra imagen de &#8216;Servidor del pueblo&#8217; &#8211; Mediaset<\/span><\/figcaption><\/figure>\n<figure class=\"foto-cuerpo\"><figcaption><\/figcaption><\/figure>\n<p>&nbsp;<\/p>\n<p style=\"text-align: justify;\"><span style=\"font-size: 14pt;\">Mediaset Espa\u00f1a tambi\u00e9n ha adquirido los derechos de emisi\u00f3n de\u00a0<strong>&#8216;Servant of the people 2&#8217;<\/strong>, la adaptaci\u00f3n cinematogr\u00e1fica de la serie. Dirigida por\u00a0<strong>Aleksey Kiryushchenko<\/strong>, la pel\u00edcula, distinguida con tres nominaciones en los Ukrainian Film Academy Awards en 2017, re\u00fane en su elenco a Volod\u00edmir Zelenski,\u00a0<strong>Evgeniy Koshevoy<\/strong>\u00a0y\u00a0<strong>Stanislav Boklan<\/strong>.<\/span><\/p>\n<h3 class=\"ladillo\" style=\"text-align: justify;\"><span style=\"font-size: 14pt;\">Argumento<\/span><\/h3>\n<p style=\"text-align: justify;\"><span style=\"font-size: 14pt;\">La serie tiene como protagonista a Vasyl Goloborodko (personaje interpretado por Zelenski), un\u00a0<strong>profesor de historia<\/strong>\u00a0en un instituto que un d\u00eda es grabado a escondidas por uno de sus alumnos mientras pronuncia un encendido discurso contra la corrupci\u00f3n en el gobierno ucraniano, al que pide m\u00e1s cercan\u00eda. Tras su difusi\u00f3n en internet,\u00a0<strong>el v\u00eddeo se hace viral<\/strong>\u00a0y, de la noche a la ma\u00f1ana, tiene lugar una movilizaci\u00f3n ciudadana a su favor que lleva al docente a alzarse con la victoria electoral en las urnas y a convertirse en el presidente de Ucrania, tras ganarse a la poblaci\u00f3n y a los medios de comunicaci\u00f3n.<\/span><\/p>\n<p style=\"text-align: justify;\"><span style=\"font-size: 14pt;\">En su nueva posici\u00f3n, llena de responsabilidades y presiones, Goloborodko mantiene intactos sus mensajes sobre la verdad y la honestidad y un pensamiento completamente opuesto al de sus predecesores en el cargo.<\/span><\/p>\n<p style=\"text-align: justify;\">\u00a0<\/p>\n<p><img loading=\"lazy\" decoding=\"async\" class=\"aligncenter wp-image-21133\" src=\"https:\/\/puntocritico.com\/ausajpuntocritico\/wp-content\/uploads\/2019\/08\/manipulacion-informativa-y-fraude-electoral-el-roto.jpg\" alt=\"\" width=\"440\" height=\"368\" data-id=\"21133\" \/><\/p>\n<p style=\"text-align: center;\"><span style=\"color: #008000;\"><strong><span style=\"font-size: 18pt;\">*******<\/span><\/strong><\/span><\/p>\n<h2 style=\"text-align: center;\"><em><strong><span style=\"font-size: 24pt;\">The comedian who could be president &#8211; BBC News<\/span><\/strong><\/em><\/h2>\n<div style=\"padding: 56.25% 0 0 0; position: relative;\"><iframe loading=\"lazy\" style=\"position: absolute; top: 0; left: 0; width: 100%; height: 100%;\" title=\"The comedian who could be president - BBC News (1080p_25fps_H264-128kbit_AAC).mp4\" src=\"\/\/player.vimeo.com\/video\/685360022?title=0&amp;amp;byline=0\" width=\"425\" height=\"350\" frameborder=\"0\" allowfullscreen=\"allowfullscreen\" data-mce-fragment=\"1\"><\/iframe><\/div>\n<p><script src=\"https:\/\/player.vimeo.com\/api\/player.js\"><\/script><\/p>\n<p style=\"text-align: center;\"><span style=\"font-size: 18pt; color: #008000;\"><strong>*******<\/strong><\/span><\/p>\n<h2 style=\"text-align: center;\"><strong><span style=\"font-size: 24pt;\"><em>Before The Trump Scandal_ How Comedian Zelensky Became Ukraine&#8217;s President <\/em><\/span><\/strong><\/h2>\n<div style=\"padding: 56.25% 0 0 0; position: relative;\"><iframe loading=\"lazy\" style=\"position: absolute; top: 0; left: 0; width: 100%; height: 100%;\" title=\"Before The Trump Scandal_ How Comedian Zelensky Became Ukraine&amp;#039;s President (1080p_30fps_H264-128kbit_AAC).mp4\" src=\"\/\/player.vimeo.com\/video\/685354073?title=0&amp;amp;byline=0\" width=\"425\" height=\"350\" frameborder=\"0\" allowfullscreen=\"allowfullscreen\" data-mce-fragment=\"1\"><\/iframe><\/div>\n<p><script src=\"https:\/\/player.vimeo.com\/api\/player.js\"><\/script><\/p>\n<p style=\"text-align: center;\"><strong><span style=\"color: #008000; font-size: 18pt;\">*******<\/span><\/strong><\/p>\n<h2 style=\"text-align: center;\"><span class=\"titular\" style=\"font-size: 24pt;\">Ucrania pierde la guerra de la audiencia en televisi\u00f3n<\/span><\/h2>\n<p class=\"subtitulo\" style=\"text-align: center;\"><span style=\"font-size: 14pt;\"><em><strong>Un informe muestra que las cadenas y programas m\u00e1s volcados con el conflicto perdieron espectadores<\/strong><\/em><\/span><\/p>\n<p style=\"text-align: justify;\"><span style=\"font-size: 14pt;\">Por Federico Mart\u00edn Bell\u00f3n<\/span><\/p>\n<p style=\"text-align: justify;\"><span style=\"font-size: 14pt;\"><a href=\"https:\/\/www.abc.es\/play\/television\/noticias\/abci-ucrania-pierde-guerra-audiencia-television-202204031630_noticia.htm\" target=\"_blank\" rel=\"noopener\">ABC<\/a>, 3 ABRIL 2022<\/span><\/p>\n<p><img loading=\"lazy\" decoding=\"async\" class=\"aligncenter size-full wp-image-2244825\" src=\"https:\/\/puntocritico.com\/ausajpuntocritico\/wp-content\/uploads\/2022\/04\/guerra-tve-U66468810561hSN-620x349@abc.jpg\" alt=\"\" width=\"620\" height=\"349\" data-id=\"2244825\" srcset=\"https:\/\/puntocritico.com\/ausajpuntocritico\/wp-content\/uploads\/2022\/04\/guerra-tve-U66468810561hSN-620x349@abc.jpg 620w, https:\/\/puntocritico.com\/ausajpuntocritico\/wp-content\/uploads\/2022\/04\/guerra-tve-U66468810561hSN-620x349@abc-300x169.jpg 300w, https:\/\/puntocritico.com\/ausajpuntocritico\/wp-content\/uploads\/2022\/04\/guerra-tve-U66468810561hSN-620x349@abc-610x343.jpg 610w\" sizes=\"auto, (max-width: 620px) 100vw, 620px\" \/><\/p>\n<p>&nbsp;<\/p>\n<p style=\"text-align: justify;\"><span style=\"font-size: 14pt;\">El hast\u00edo de la guerra empieza a causar efecto. En el primer mes de conflicto en\u00a0<strong>Ucrania<\/strong>, los informativos de las cadenas generalistas dedicaron\u00a0<strong>m\u00e1s de 1.000 minutos de media<\/strong>\u00a0a informar sobre el asunto, seg\u00fan un informe elaborado por la consultora\u00a0<strong>GECA<\/strong>. Pese al evidente inter\u00e9s informativo del conflicto, sin embargo, la cobertura ha ido perdiendo fuelle de forma progresiva. No es casualidad que la audiencia no terminara de acompa\u00f1ar ese esfuerzo, que habr\u00eda ido a m\u00e1s con un p\u00fablico entregado.<\/span><\/p>\n<p style=\"text-align: justify;\"><span style=\"font-size: 14pt;\">Un dato significativo es que ning\u00fan rival super\u00f3 a\u00a0<strong>Telecinco<\/strong>\u00a0en porcentaje de ocupaci\u00f3n de su parrilla dedicada a la invasi\u00f3n de Ucrania, con el 51,3% del total. No es el \u00fanico factor determinante y puede que ni siquiera sea el m\u00e1s importante, pero en marzo la cadena de Mediaset igual\u00f3 su\u00a0<a href=\"https:\/\/www.abc.es\/play\/television\/noticias\/abci-telecinco-igualo-marzo-peor-audiencia-historia-202204010955_noticia.html\" target=\"_blank\" rel=\"noopener\" data-voc-vtm-id=\"in-text-traffic\" data-schema-attribute=\"\">peor cuota de pantalla de la historia<\/a>, con el 11,9% de media.<\/span><\/p>\n<p style=\"text-align: justify;\"><span style=\"font-size: 14pt;\">En Telecinco, por otro lado, se emitieron tres especiales en horario estelar dedicados a Ucrania y los tres quedaron por debajo de la media del canal en el d\u00eda.<\/span><\/p>\n<p style=\"text-align: justify;\"><span style=\"font-size: 14pt;\"><strong>La 1<\/strong>, por su parte, fue la cadena que\u00a0<strong>m\u00e1s tiempo &#8216;bruto&#8217;<\/strong>\u00a0dedic\u00f3 a la guerra, pero su porcentaje de ocupaci\u00f3n se qued\u00f3 en el 37%, debido a que sus telediarios son los de mayor duraci\u00f3n. En todo caso, la f\u00f3rmula tampoco tuvo \u00e9xito. Su subida fue m\u00ednima en marzo y su 8,5% sigue muy lejos de las dos cifras a las que deber\u00eda aspirar.<\/span><\/p>\n<p style=\"text-align: justify;\"><span style=\"font-size: 14pt;\">La primera cadena de TVE destac\u00f3 por la emisi\u00f3n de\u00a0<strong>varios especiales informativos<\/strong>\u00a0durante los primeros d\u00edas del conflicto. \u00abEn general, no supusieron una gran aportaci\u00f3n para los datos del canal\u00bb, asegura el informe. Cinco de ellos mejoraron la media, pero los otros seis la empeoraron. Solo dos superaron el 10% de cuota.<\/span><\/p>\n<h3 class=\"ladillo\" style=\"text-align: justify;\"><span style=\"font-size: 14pt;\">Evasi\u00f3n y victoria<\/span><\/h3>\n<p style=\"text-align: justify;\"><span style=\"font-size: 14pt;\">La cadena vencedora el mes pasado,\u00a0<strong>Antena 3<\/strong>, fue el canal que menos programas especiales dedic\u00f3 a la situaci\u00f3n en Ucrania. Su f\u00f3rmula de entretenimiento familiar atrajo mucho m\u00e1s al p\u00fablico que las desgracias de la guerra. Eso s\u00ed,\u00a0<strong>&#8216;Espejo p\u00fablico&#8217;<\/strong>\u00a0lleg\u00f3 a ofrecer monogr\u00e1ficos b\u00e9licos durante tres d\u00edas, 24, 25 y 28 de febrero. Despu\u00e9s, decidi\u00f3 que el experimento no era digno de repetirse m\u00e1s veces.<\/span><\/p>\n<p style=\"text-align: justify;\"><span style=\"font-size: 14pt;\">Las &#8216;segundas cadenas&#8217; de los grandes grupos se comportaron de otro modo. En\u00a0<strong>Cuatro<\/strong>, los programas que abordaron la invasi\u00f3n rindieron por encima de la media de la cadena en el d\u00eda.\u00a0<strong>La Sexta<\/strong>, por su parte, increment\u00f3 1,2 puntos su cuota en el primer mes del conflicto. Los especiales de &#8216;<strong>Al Rojo Vivo&#8217;<\/strong>\u00a0fueron los que mejor se comportaron.<\/span><\/p>\n<p style=\"text-align: justify;\"><span style=\"font-size: 14pt;\">Del mismo modo, el\u00a0<strong>Canal 24 Horas<\/strong>, de RTVE, tambi\u00e9n su<\/span>bi\u00f3 y gan\u00f3 tres d\u00e9cimas el mes pasado, que en su caso es una mejora importante en porcentaje, ya que pas\u00f3 del 1,2 al 1,5% de &#8216;share&#8217;.<\/p>\n<h3 class=\"ladillo\" style=\"text-align: justify;\">Estados Unidos<\/h3>\n<p style=\"text-align: justify;\"><span style=\"font-size: 14pt;\">En Estados Unidos, aunque la guerra pilla m\u00e1s lejos, los esfuerzos informativos de las cadenas de noticias s\u00ed fueron recompensados con el apoyo de la audiencia.\u00a0<strong>Fox News<\/strong>\u00a0es el canal m\u00e1s visto, pero\u00a0<strong>CNN<\/strong>\u00a0es el que m\u00e1s ha ganado en las \u00faltimas semanas, con subidas de casi el 200%. Seg\u00fan los datos de\u00a0<strong>Nielsen<\/strong>, la audiencia conjunta de CNN, Fox y\u00a0<strong>MSNBC<\/strong>\u00a0ha pasado de 2,4 a 6,4 millones de espectadores.<\/span><\/p>\n<p>&nbsp;<\/p>\n<p><img loading=\"lazy\" decoding=\"async\" class=\"aligncenter size-full wp-image-2244826\" src=\"https:\/\/puntocritico.com\/ausajpuntocritico\/wp-content\/uploads\/2022\/04\/publico-aburrido.jpg\" alt=\"\" width=\"460\" height=\"300\" data-id=\"2244826\" srcset=\"https:\/\/puntocritico.com\/ausajpuntocritico\/wp-content\/uploads\/2022\/04\/publico-aburrido.jpg 460w, https:\/\/puntocritico.com\/ausajpuntocritico\/wp-content\/uploads\/2022\/04\/publico-aburrido-300x196.jpg 300w\" sizes=\"auto, (max-width: 460px) 100vw, 460px\" \/><\/p>\n<p style=\"text-align: center;\"><span style=\"color: #008000;\"><strong><span style=\"font-size: 18pt;\">*******<\/span><\/strong><\/span><\/p>\n<p><img loading=\"lazy\" decoding=\"async\" class=\"aligncenter size-full wp-image-2243883\" src=\"https:\/\/puntocritico.com\/ausajpuntocritico\/wp-content\/uploads\/2022\/04\/paz.jpg\" alt=\"\" width=\"680\" height=\"389\" data-id=\"2243883\" srcset=\"https:\/\/puntocritico.com\/ausajpuntocritico\/wp-content\/uploads\/2022\/04\/paz.jpg 680w, https:\/\/puntocritico.com\/ausajpuntocritico\/wp-content\/uploads\/2022\/04\/paz-300x172.jpg 300w, https:\/\/puntocritico.com\/ausajpuntocritico\/wp-content\/uploads\/2022\/04\/paz-610x349.jpg 610w, https:\/\/puntocritico.com\/ausajpuntocritico\/wp-content\/uploads\/2022\/04\/paz-678x389.jpg 678w\" sizes=\"auto, (max-width: 680px) 100vw, 680px\" \/><\/p>\n<p style=\"text-align: center;\"><span style=\"color: #008000;\"><strong><span style=\"font-size: 18pt;\">*******<\/span><\/strong><\/span><\/p>\n<p style=\"text-align: justify;\"><strong><span style=\"font-size: 14pt;\">RELACIONADO:<\/span><\/strong><\/p>\n<blockquote class=\"wp-embedded-content\" data-secret=\"8PF6YQJQi9\"><p><a href=\"https:\/\/puntocritico.com\/ausajpuntocritico\/2022\/04\/07\/ucrania-un-pais-de-oligarcas\/\">Ucrania, un pa\u00eds de oligarcas: De la Corrupci\u00f3n a la Guerra.<\/a><\/p><\/blockquote>\n<p><iframe loading=\"lazy\" class=\"wp-embedded-content\" sandbox=\"allow-scripts\" security=\"restricted\" style=\"position: absolute; clip: rect(1px, 1px, 1px, 1px);\" title=\"\u00abUcrania, un pa\u00eds de oligarcas: De la Corrupci\u00f3n a la Guerra.\u00bb \u2014 Punto Cr\u00edtico Derechos Humanos\" src=\"https:\/\/puntocritico.com\/ausajpuntocritico\/2022\/04\/07\/ucrania-un-pais-de-oligarcas\/embed\/#?secret=dbp4QS3MI5#?secret=8PF6YQJQi9\" data-secret=\"8PF6YQJQi9\" width=\"500\" height=\"282\" frameborder=\"0\" marginwidth=\"0\" marginheight=\"0\" scrolling=\"no\"><\/iframe><\/p>\n<blockquote class=\"wp-embedded-content\" data-secret=\"AnqVN5GVrU\"><p><a href=\"https:\/\/puntocritico.com\/ausajpuntocritico\/2022\/04\/11\/ucrania-y-hunter-biden-laboratorios-biologicos-y-ordenadores-portatiles\/\">UCRANIA Y HUNTER BIDEN. Laboratorios biol\u00f3gicos y ordenadores port\u00e1tiles<\/a><\/p><\/blockquote>\n<p><iframe loading=\"lazy\" class=\"wp-embedded-content\" sandbox=\"allow-scripts\" security=\"restricted\" style=\"position: absolute; clip: rect(1px, 1px, 1px, 1px);\" title=\"\u00abUCRANIA Y HUNTER BIDEN. Laboratorios biol\u00f3gicos y ordenadores port\u00e1tiles\u00bb \u2014 Punto Cr\u00edtico Derechos Humanos\" src=\"https:\/\/puntocritico.com\/ausajpuntocritico\/2022\/04\/11\/ucrania-y-hunter-biden-laboratorios-biologicos-y-ordenadores-portatiles\/embed\/#?secret=YPk1LTbGm9#?secret=AnqVN5GVrU\" data-secret=\"AnqVN5GVrU\" width=\"500\" height=\"282\" frameborder=\"0\" marginwidth=\"0\" marginheight=\"0\" scrolling=\"no\"><\/iframe><\/p>\n<blockquote class=\"wp-embedded-content\" data-secret=\"fqd9kmfQKM\"><p><a href=\"https:\/\/puntocritico.com\/ausajpuntocritico\/2022\/04\/04\/pandora-papers-zelensky\/\">UCRANIA: EL PRESIDENTE, ZELENSKY, INVOLUCRADO EN LOS \u00abPANDORA PAPERS\u00bb: Las Sociedades en Para\u00edsos Fiscales (\u00abOff-Shore\u00bb) del presidente ucraniano y su c\u00edrculo \u00edntimo.<\/a><\/p><\/blockquote>\n<p><iframe loading=\"lazy\" class=\"wp-embedded-content\" sandbox=\"allow-scripts\" security=\"restricted\" style=\"position: absolute; clip: rect(1px, 1px, 1px, 1px);\" title=\"\u00abUCRANIA: EL PRESIDENTE, ZELENSKY, INVOLUCRADO EN LOS \u00abPANDORA PAPERS\u00bb: Las Sociedades en Para\u00edsos Fiscales (\u00abOff-Shore\u00bb) del presidente ucraniano y su c\u00edrculo \u00edntimo.\u00bb \u2014 Punto Cr\u00edtico Derechos Humanos\" src=\"https:\/\/puntocritico.com\/ausajpuntocritico\/2022\/04\/04\/pandora-papers-zelensky\/embed\/#?secret=RD6AWnhsWC#?secret=fqd9kmfQKM\" data-secret=\"fqd9kmfQKM\" width=\"500\" height=\"282\" frameborder=\"0\" marginwidth=\"0\" marginheight=\"0\" scrolling=\"no\"><\/iframe><\/p>\n<blockquote class=\"wp-embedded-content\" data-secret=\"bQX9ryc6tL\"><p><a href=\"https:\/\/puntocritico.com\/ausajpuntocritico\/2022\/03\/19\/donbass-2018-documental-de-sergei-loznitsa-ucrania\/\">DONBASS (2018), Documental de Sergei Loznitsa (Ucrania). LA POBLACI\u00d3N ABANDONADA. Extorsionados por las mafias del Independentismo Pro Ruso, mientras son bombardeados por su Gobierno.<\/a><\/p><\/blockquote>\n<p><iframe loading=\"lazy\" class=\"wp-embedded-content\" sandbox=\"allow-scripts\" security=\"restricted\" style=\"position: absolute; clip: rect(1px, 1px, 1px, 1px);\" title=\"\u00abDONBASS (2018), Documental de Sergei Loznitsa (Ucrania). LA POBLACI\u00d3N ABANDONADA. Extorsionados por las mafias del Independentismo Pro Ruso, mientras son bombardeados por su Gobierno.\u00bb \u2014 Punto Cr\u00edtico Derechos Humanos\" src=\"https:\/\/puntocritico.com\/ausajpuntocritico\/2022\/03\/19\/donbass-2018-documental-de-sergei-loznitsa-ucrania\/embed\/#?secret=Zib4aUrmTv#?secret=bQX9ryc6tL\" data-secret=\"bQX9ryc6tL\" width=\"500\" height=\"282\" frameborder=\"0\" marginwidth=\"0\" marginheight=\"0\" scrolling=\"no\"><\/iframe><\/p>\n<blockquote class=\"wp-embedded-content\" data-secret=\"Od8YZl5NO1\"><p><a href=\"https:\/\/puntocritico.com\/ausajpuntocritico\/2022\/03\/16\/donbass-el-genocidio-cancelado\/\">DONBASS, LA GUERRA OLVIDADA. La CRIMINAL INVASI\u00d3N RUSA de Ucrania, no absuelve a Occidente por su colaboraci\u00f3n con grupos paramilitares fascistas ucranianos, como el Neonazi \u00abBatall\u00f3n Azov\u00bb.<\/a><\/p><\/blockquote>\n<p><iframe loading=\"lazy\" class=\"wp-embedded-content\" sandbox=\"allow-scripts\" security=\"restricted\" style=\"position: absolute; clip: rect(1px, 1px, 1px, 1px);\" title=\"\u00abDONBASS, LA GUERRA OLVIDADA. La CRIMINAL INVASI\u00d3N RUSA de Ucrania, no absuelve a Occidente por su colaboraci\u00f3n con grupos paramilitares fascistas ucranianos, como el Neonazi \u00abBatall\u00f3n Azov\u00bb.\u00bb \u2014 Punto Cr\u00edtico Derechos Humanos\" src=\"https:\/\/puntocritico.com\/ausajpuntocritico\/2022\/03\/16\/donbass-el-genocidio-cancelado\/embed\/#?secret=95jf6d5c6S#?secret=Od8YZl5NO1\" data-secret=\"Od8YZl5NO1\" width=\"500\" height=\"282\" frameborder=\"0\" marginwidth=\"0\" marginheight=\"0\" scrolling=\"no\"><\/iframe><\/p>\n<blockquote class=\"wp-embedded-content\" data-secret=\"EP3aLmFGJL\"><p><a href=\"https:\/\/puntocritico.com\/ausajpuntocritico\/2022\/01\/29\/oliver-stone-ucrania-en-llamas-oliver-stone-ukraine-on-fire-subtitulos-en-espanol-subtitulos-en-espanol-2\/\">UCRANIA EN LLAMAS: Oliver Stone: Ukraine on Fire (Subt\u00edtulos en espa\u00f1ol)<\/a><\/p><\/blockquote>\n<p><iframe loading=\"lazy\" class=\"wp-embedded-content\" sandbox=\"allow-scripts\" security=\"restricted\" style=\"position: absolute; clip: rect(1px, 1px, 1px, 1px);\" title=\"\u00abUCRANIA EN LLAMAS: Oliver Stone: Ukraine on Fire (Subt\u00edtulos en espa\u00f1ol)\u00bb \u2014 Punto Cr\u00edtico Derechos Humanos\" src=\"https:\/\/puntocritico.com\/ausajpuntocritico\/2022\/01\/29\/oliver-stone-ucrania-en-llamas-oliver-stone-ukraine-on-fire-subtitulos-en-espanol-subtitulos-en-espanol-2\/embed\/#?secret=VB3dIDfdPd#?secret=EP3aLmFGJL\" data-secret=\"EP3aLmFGJL\" width=\"500\" height=\"282\" frameborder=\"0\" marginwidth=\"0\" marginheight=\"0\" scrolling=\"no\"><\/iframe><\/p>\n<blockquote class=\"wp-embedded-content\" data-secret=\"sOCSLttLxQ\"><p><a href=\"https:\/\/puntocritico.com\/ausajpuntocritico\/2020\/01\/22\/espana-en-llamas-paralelismos-y-coincidencias-por-jesus-diaz-formoso-conversacion-con-carlos-tena\/\">\u201cESPA\u00d1A EN LLAMAS\u201d: PARALELISMOS Y COINCIDENCIAS (por Jes\u00fas D\u00edaz Formoso); conversaci\u00f3n con Carlos Tena<\/a><\/p><\/blockquote>\n<p><iframe loading=\"lazy\" class=\"wp-embedded-content\" sandbox=\"allow-scripts\" security=\"restricted\" style=\"position: absolute; clip: rect(1px, 1px, 1px, 1px);\" title=\"\u00ab\u201cESPA\u00d1A EN LLAMAS\u201d: PARALELISMOS Y COINCIDENCIAS (por Jes\u00fas D\u00edaz Formoso); conversaci\u00f3n con Carlos Tena\u00bb \u2014 Punto Cr\u00edtico Derechos Humanos\" src=\"https:\/\/puntocritico.com\/ausajpuntocritico\/2020\/01\/22\/espana-en-llamas-paralelismos-y-coincidencias-por-jesus-diaz-formoso-conversacion-con-carlos-tena\/embed\/#?secret=Tw4IJLxYvi#?secret=sOCSLttLxQ\" data-secret=\"sOCSLttLxQ\" width=\"500\" height=\"282\" frameborder=\"0\" marginwidth=\"0\" marginheight=\"0\" scrolling=\"no\"><\/iframe><\/p>\n<blockquote class=\"wp-embedded-content\" data-secret=\"szhAKb8bPu\"><p><a href=\"https:\/\/puntocritico.com\/ausajpuntocritico\/2022\/03\/09\/por-que-la-guerra-correspondencia-entre-einstein-y-freud-2\/\">\u00bfPOR QU\u00c9 LA GUERRA? CORRESPONDENCIA ENTRE EINSTEIN Y FREUD<\/a><\/p><\/blockquote>\n<p><iframe loading=\"lazy\" class=\"wp-embedded-content\" sandbox=\"allow-scripts\" security=\"restricted\" style=\"position: absolute; clip: rect(1px, 1px, 1px, 1px);\" title=\"\u00ab\u00bfPOR QU\u00c9 LA GUERRA? CORRESPONDENCIA ENTRE EINSTEIN Y FREUD\u00bb \u2014 Punto Cr\u00edtico Derechos Humanos\" src=\"https:\/\/puntocritico.com\/ausajpuntocritico\/2022\/03\/09\/por-que-la-guerra-correspondencia-entre-einstein-y-freud-2\/embed\/#?secret=VgO9YuShV2#?secret=szhAKb8bPu\" data-secret=\"szhAKb8bPu\" width=\"500\" height=\"282\" frameborder=\"0\" marginwidth=\"0\" marginheight=\"0\" scrolling=\"no\"><\/iframe><\/p>\n<blockquote class=\"wp-embedded-content\" data-secret=\"Vd0gGm6WNn\"><p><a href=\"https:\/\/puntocritico.com\/ausajpuntocritico\/2018\/04\/17\/las-guerras-por-la-paz-se-basan-en-las-mentiras-en-siria-como-en-irak\/\">Las Guerras por la Paz se basan en las mentiras; en Siria como en Irak<\/a><\/p><\/blockquote>\n<p><iframe loading=\"lazy\" class=\"wp-embedded-content\" sandbox=\"allow-scripts\" security=\"restricted\" style=\"position: absolute; clip: rect(1px, 1px, 1px, 1px);\" title=\"\u00abLas Guerras por la Paz se basan en las mentiras; en Siria como en Irak\u00bb \u2014 Punto Cr\u00edtico Derechos Humanos\" src=\"https:\/\/puntocritico.com\/ausajpuntocritico\/2018\/04\/17\/las-guerras-por-la-paz-se-basan-en-las-mentiras-en-siria-como-en-irak\/embed\/#?secret=CtC5mS1Q2q#?secret=Vd0gGm6WNn\" data-secret=\"Vd0gGm6WNn\" width=\"500\" height=\"282\" frameborder=\"0\" marginwidth=\"0\" marginheight=\"0\" scrolling=\"no\"><\/iframe><\/p>\n<p>&nbsp;<\/p>\n<p><img loading=\"lazy\" decoding=\"async\" class=\"aligncenter wp-image-9528 smush-detected-img smush-image-4 smush-image-3\" src=\"https:\/\/puntocritico.com\/ausajpuntocritico\/wp-content\/uploads\/2018\/03\/Mosca_Punto_Cr%C3%ADtico_40.png\" alt=\"\" width=\"80\" height=\"80\" data-id=\"9528\" \/><\/p>\n<p>&nbsp;<\/p>\n","protected":false},"excerpt":{"rendered":"<div class=\"mh-excerpt\"><p>ZELENSKY, UN FOTON EMANCIPADO &nbsp; LA REVOLUCI\u00d3N DE LOS NARCISOS SI QUE FUE TELEVISADA.\u00a0 Y EL GANADOR ES &#8230; EL NUEVO PRESIDENTE El Gran Hermano Global, constructor de la Desinformaci\u00f3n mundial, el Ojo de Horus <a class=\"mh-excerpt-more\" href=\"https:\/\/puntocritico.com\/ausajpuntocritico\/2022\/04\/05\/zelenskyelfoton\/\" title=\"ZELENSKY, UN FOT\u00d3N EMANCIPADO. \u00abServidor del Pueblo\u00bb, la serie de Netflix, con la que Silicon Valley gan\u00f3 las elecciones de Ucrania.\">[&#8230;]<\/a><\/p>\n<\/div>","protected":false},"author":3,"featured_media":2242931,"comment_status":"open","ping_status":"closed","sticky":false,"template":"","format":"standard","meta":{"_acf_changed":false,"_exactmetrics_skip_tracking":false,"_exactmetrics_sitenote_active":false,"_exactmetrics_sitenote_note":"","_exactmetrics_sitenote_category":0,"footnotes":""},"categories":[7,12,14],"tags":[39],"class_list":{"0":"post-2242923","1":"post","2":"type-post","3":"status-publish","4":"format-standard","5":"has-post-thumbnail","7":"category-politica","8":"category-corrupcion","9":"category-corrupcion_informativa","10":"tag-ucrania"},"acf":[],"_links":{"self":[{"href":"https:\/\/puntocritico.com\/ausajpuntocritico\/wp-json\/wp\/v2\/posts\/2242923","targetHints":{"allow":["GET"]}}],"collection":[{"href":"https:\/\/puntocritico.com\/ausajpuntocritico\/wp-json\/wp\/v2\/posts"}],"about":[{"href":"https:\/\/puntocritico.com\/ausajpuntocritico\/wp-json\/wp\/v2\/types\/post"}],"author":[{"embeddable":true,"href":"https:\/\/puntocritico.com\/ausajpuntocritico\/wp-json\/wp\/v2\/users\/3"}],"replies":[{"embeddable":true,"href":"https:\/\/puntocritico.com\/ausajpuntocritico\/wp-json\/wp\/v2\/comments?post=2242923"}],"version-history":[{"count":0,"href":"https:\/\/puntocritico.com\/ausajpuntocritico\/wp-json\/wp\/v2\/posts\/2242923\/revisions"}],"wp:featuredmedia":[{"embeddable":true,"href":"https:\/\/puntocritico.com\/ausajpuntocritico\/wp-json\/wp\/v2\/media\/2242931"}],"wp:attachment":[{"href":"https:\/\/puntocritico.com\/ausajpuntocritico\/wp-json\/wp\/v2\/media?parent=2242923"}],"wp:term":[{"taxonomy":"category","embeddable":true,"href":"https:\/\/puntocritico.com\/ausajpuntocritico\/wp-json\/wp\/v2\/categories?post=2242923"},{"taxonomy":"post_tag","embeddable":true,"href":"https:\/\/puntocritico.com\/ausajpuntocritico\/wp-json\/wp\/v2\/tags?post=2242923"}],"curies":[{"name":"wp","href":"https:\/\/api.w.org\/{rel}","templated":true}]}}