{"id":2242332,"date":"2022-03-08T01:05:26","date_gmt":"2022-03-08T00:05:26","guid":{"rendered":"https:\/\/puntocritico.com\/ausajpuntocritico\/?p=2242332"},"modified":"2025-09-17T19:05:40","modified_gmt":"2025-09-17T17:05:40","slug":"despedida-las-campanas-doblan-por-ti","status":"publish","type":"post","link":"https:\/\/puntocritico.com\/ausajpuntocritico\/2022\/03\/08\/despedida-las-campanas-doblan-por-ti\/","title":{"rendered":"\u00abLAS CAMPANAS DOBLAN POR TI\u00bb. Licencia para matar &#8230; hombres dormidos: La Alevos\u00eda como Circunstancia Eximente de la Responsabilidad Criminal de las mujeres."},"content":{"rendered":"\n<p>&nbsp;<\/p>\n<blockquote>\n<h2 style=\"text-align: center;\"><em><strong>LAS CAMPANAS DOBLAN POR TI<\/strong><\/em><\/h2>\n<p>&nbsp;<\/p>\n<p><img loading=\"lazy\" decoding=\"async\" class=\"aligncenter wp-image-2242337 size-mh-magazine-content\" src=\"https:\/\/puntocritico.com\/ausajpuntocritico\/wp-content\/uploads\/2022\/03\/por-quien-doblan-las-campanas-john-donne-678x381.jpg\" alt=\"LAS CAMPANAS DOBLAN POR TI\" width=\"678\" height=\"381\" data-id=\"2242337\" \/><\/p>\n<p>&nbsp;<\/p>\n<p style=\"font-weight: 400; text-align: center;\"><span style=\"font-size: 14pt;\">\u00bfQui\u00e9n no echa una mirada al sol cuando atardece?<\/span><br \/>\n<span style=\"font-size: 14pt;\">\u00bfQui\u00e9n quita sus ojos del cometa cuando estalla?<\/span><br \/>\n<span style=\"font-size: 14pt;\">\u00bfQui\u00e9n no presta o\u00eddos a una campana cuando por alg\u00fan hecho ta\u00f1e?<\/span><br \/>\n<span style=\"font-size: 14pt;\">\u00bfQui\u00e9n puede deso\u00edr esa campana cuya m\u00fasica lo traslada fuera de este mundo?\u00a0\u00a0\u00a0<\/span><\/p>\n<p style=\"font-weight: 400; text-align: center;\"><span style=\"font-size: 14pt;\">Ning\u00fan hombre es una isla entera por s\u00ed mismo.<\/span><br \/>\n<span style=\"font-size: 14pt;\">Cada hombre es una pieza del continente, una parte del todo.<\/span><br \/>\n<span style=\"font-size: 14pt;\">Si el mar se lleva una porci\u00f3n de tierra, toda Europa queda disminuida, como si fuera un promontorio, o la casa de uno de tus amigos, o la tuya propia.<\/span><\/p>\n<p style=\"font-weight: 400; text-align: center;\"><span style=\"font-size: 14pt;\">Ninguna persona es una isla; la muerte de cualquiera me afecta, porque me encuentro unido a toda la humanidad; por eso, nunca preguntes por qui\u00e9n doblan las campanas; doblan por ti.<\/span><\/p>\n<p>&nbsp;<\/p>\n<p><img loading=\"lazy\" decoding=\"async\" class=\"aligncenter size-full wp-image-2242338\" src=\"https:\/\/puntocritico.com\/ausajpuntocritico\/wp-content\/uploads\/2022\/03\/John-Donne.png\" alt=\"\" width=\"460\" height=\"345\" data-id=\"2242338\" srcset=\"https:\/\/puntocritico.com\/ausajpuntocritico\/wp-content\/uploads\/2022\/03\/John-Donne.png 460w, https:\/\/puntocritico.com\/ausajpuntocritico\/wp-content\/uploads\/2022\/03\/John-Donne-300x225.png 300w, https:\/\/puntocritico.com\/ausajpuntocritico\/wp-content\/uploads\/2022\/03\/John-Donne-326x245.png 326w, https:\/\/puntocritico.com\/ausajpuntocritico\/wp-content\/uploads\/2022\/03\/John-Donne-80x60.png 80w\" sizes=\"auto, (max-width: 460px) 100vw, 460px\" \/><\/p>\n<p style=\"font-weight: 400; text-align: center;\"><span style=\"font-size: 14pt;\"><a href=\"http:\/\/www.epdlp.com\/escritor.php?id=1657\" target=\"_blank\" rel=\"noopener\" data-schema-attribute=\"\">JOHN DONNE<\/a>, \u00a0Londres (1572-1631)<\/span><\/p>\n<p style=\"font-weight: 400; text-align: center;\"><span style=\"font-size: 14pt;\">Poeta y metaf\u00edsico ingl\u00e9s\u00a0\u00a0\u00a0<\/span><\/p>\n<p style=\"font-weight: 400; text-align: center;\"><span style=\"font-size: 14pt;\"><em>Devociones para ocasiones emergentes<\/em>, 1624 (fragmento)<\/span><\/p>\n<\/blockquote>\n<p style=\"text-align: justify;\">\u00a0<\/p>\n<p><img loading=\"lazy\" decoding=\"async\" class=\"aligncenter wp-image-2242366 size-full\" src=\"https:\/\/puntocritico.com\/ausajpuntocritico\/wp-content\/uploads\/2022\/03\/Las-campanas-doblan-por-ti.jpg\" alt=\"\" width=\"640\" height=\"478\" data-id=\"2242366\" srcset=\"https:\/\/puntocritico.com\/ausajpuntocritico\/wp-content\/uploads\/2022\/03\/Las-campanas-doblan-por-ti.jpg 640w, https:\/\/puntocritico.com\/ausajpuntocritico\/wp-content\/uploads\/2022\/03\/Las-campanas-doblan-por-ti-300x224.jpg 300w, https:\/\/puntocritico.com\/ausajpuntocritico\/wp-content\/uploads\/2022\/03\/Las-campanas-doblan-por-ti-610x456.jpg 610w, https:\/\/puntocritico.com\/ausajpuntocritico\/wp-content\/uploads\/2022\/03\/Las-campanas-doblan-por-ti-80x60.jpg 80w\" sizes=\"auto, (max-width: 640px) 100vw, 640px\" \/><\/p>\n<p style=\"text-align: center;\"><span style=\"font-size: 18pt;\"><strong><span style=\"color: #008000;\">*******<\/span><\/strong><\/span><\/p>\n<p><img loading=\"lazy\" decoding=\"async\" class=\"aligncenter wp-image-2242430\" src=\"https:\/\/puntocritico.com\/ausajpuntocritico\/wp-content\/uploads\/2022\/03\/frase-la-humanidad-tiene-una-moral-doble-una-que-predica-y-no-practica-y-otra-que-practica-y-no-predica-bertrand-russell-128392.jpg\" alt=\"\" width=\"550\" height=\"259\" data-id=\"2242430\" srcset=\"https:\/\/puntocritico.com\/ausajpuntocritico\/wp-content\/uploads\/2022\/03\/frase-la-humanidad-tiene-una-moral-doble-una-que-predica-y-no-practica-y-otra-que-practica-y-no-predica-bertrand-russell-128392.jpg 850w, https:\/\/puntocritico.com\/ausajpuntocritico\/wp-content\/uploads\/2022\/03\/frase-la-humanidad-tiene-una-moral-doble-una-que-predica-y-no-practica-y-otra-que-practica-y-no-predica-bertrand-russell-128392-300x141.jpg 300w, https:\/\/puntocritico.com\/ausajpuntocritico\/wp-content\/uploads\/2022\/03\/frase-la-humanidad-tiene-una-moral-doble-una-que-predica-y-no-practica-y-otra-que-practica-y-no-predica-bertrand-russell-128392-768x361.jpg 768w, https:\/\/puntocritico.com\/ausajpuntocritico\/wp-content\/uploads\/2022\/03\/frase-la-humanidad-tiene-una-moral-doble-una-que-predica-y-no-practica-y-otra-que-practica-y-no-predica-bertrand-russell-128392-610x287.jpg 610w\" sizes=\"auto, (max-width: 550px) 100vw, 550px\" \/><\/p>\n<p style=\"text-align: center;\"><span style=\"font-size: 18pt;\"><strong><span style=\"color: #008000;\">*******<\/span><\/strong><\/span><\/p>\n<h2 style=\"text-align: center;\"><span style=\"font-size: 24pt;\"><strong>\u00bfMATAR AL \u00abTIRANO\u00bb?<\/strong><\/span><\/h2>\n<p style=\"text-align: justify;\"><span style=\"font-size: 14pt;\">Por<\/span><span style=\"font-size: 14pt;\"> CyB<\/span><\/p>\n<p style=\"text-align: justify;\"><span style=\"font-size: 14pt;\">Punto Critico\u00a0Abogados<\/span><\/p>\n<figure id=\"attachment_2242653\" aria-describedby=\"caption-attachment-2242653\" style=\"width: 660px\" class=\"wp-caption aligncenter\"><img loading=\"lazy\" decoding=\"async\" class=\"size-full wp-image-2242653\" src=\"https:\/\/puntocritico.com\/ausajpuntocritico\/wp-content\/uploads\/2022\/03\/El-violador-eres-tu-1.jpg\" alt=\"\" width=\"660\" height=\"340\" data-id=\"2242653\" srcset=\"https:\/\/puntocritico.com\/ausajpuntocritico\/wp-content\/uploads\/2022\/03\/El-violador-eres-tu-1.jpg 660w, https:\/\/puntocritico.com\/ausajpuntocritico\/wp-content\/uploads\/2022\/03\/El-violador-eres-tu-1-300x155.jpg 300w, https:\/\/puntocritico.com\/ausajpuntocritico\/wp-content\/uploads\/2022\/03\/El-violador-eres-tu-1-610x314.jpg 610w\" sizes=\"auto, (max-width: 660px) 100vw, 660px\" \/><figcaption id=\"caption-attachment-2242653\" class=\"wp-caption-text\"><span style=\"color: #008000;\">\u00abEl violador eres tu\u00bb<\/span><\/figcaption><\/figure>\n<p>&nbsp;<\/p>\n<p style=\"text-align: justify;\"><span style=\"font-size: 14pt;\">Se conmemora hoy, dia 8 de marzo, el <strong>Dia Internacional de la Mujer<\/strong>. De la Mujer Trabajadora, record\u00e1bamos en a\u00f1os pasados, era el motivo inicial de esta efem\u00e9rides. En esta constante evoluci\u00f3n del fen\u00f3meno, en este d\u00eda, cabe preguntarse de nuevo si estamos en la senda correcta en el entendimiento del feminismo.<\/span><\/p>\n<p style=\"text-align: justify;\"><span style=\"font-size: 14pt;\">Por supuesto, sigue preocupando la brecha salarial, que afirman contin\u00faa en muchos sectores en torno al veinte por ciento, respecto al salario abonado, por igual trabajo, a los empleados varones. Y sigue preocupando, \u00a1c\u00f3mo no!, las muertes, que se mantiene en esa deleznable cifra de en torno del medio centenar de v\u00edctimas al a\u00f1o, que, por mucho esfuerzo presupuestario (<em>\u00bfllega a las v\u00edctimas realmente?<\/em>), parece que nunca deja de bajar lo suficiente; aunque esas mismas estad\u00edsticas revelan tambi\u00e9n que la incidencia en esos casos extremos en oriundos espa\u00f1oles es realmente baja. \u00a0<\/span><\/p>\n<p style=\"text-align: justify;\"><span style=\"font-size: 14pt;\">Las reivindicaciones cl\u00e1sicas, por desgracia, se mantienen. Queremos que las mujeres no suframos por el mero hecho de ser mujeres; no suframos discriminaci\u00f3n, no suframos hambre, no suframos dolor, no suframos lesiones, no suframos violaciones y agresiones, no suframos miedo y amenazas, no muramos a manos de nuestros agresores.\u00a0 En definitiva, no suframos por nuestra condici\u00f3n femenina, aunque eso no evite el sufrimiento, pues la vida en s\u00ed es sufrimiento y lucha, salpicada de algunas \u201c<em>peque\u00f1as cosas<\/em>\u201d y pocos buenos momentos.<\/span><\/p>\n<p style=\"text-align: justify;\"><span style=\"font-size: 14pt;\">Sin embargo, hoy la reflexi\u00f3n se centra en la preocupaci\u00f3n y perturbaci\u00f3n que nos producen los giros a los que est\u00e1 llegando este feminismo del siglo XXI, esa parte del feminismo, que en contra de su propia definici\u00f3n primigenia, toma por bandera el odio contra la otra mitad de la humanidad, y el calado de separaci\u00f3n que est\u00e1 introduciendo en la sociedad la \u201c<em>imposici\u00f3n<\/em>\u201d, que no \u201c<em>asimilaci\u00f3n<\/em>\u201d, de la perspectiva de g\u00e9nero en todos los \u00e1mbitos de la vida. \u00a0<\/span><\/p>\n<p style=\"text-align: justify;\"><span style=\"font-size: 14pt;\">Los ejemplos se repiten. Hablemos, por espacio y prop\u00f3sito de este articulo, en este caso solo de dos, que podemos considerar, por anecd\u00f3ticos, paradigm\u00e1ticos de esa b\u00fasqueda, \u00a0no de la igualdad real entre ambos sexos, sino de la \u201c<em>eliminaci\u00f3n<\/em>\u201d del contrario, esto es, el hombre.<\/span><\/p>\n<p style=\"text-align: justify;\"><span style=\"font-size: 14pt;\">Uno, es la \u00faltima reforma de las leyes sustantivas y procesales atinentes, por mor de la <a href=\"https:\/\/www.boe.es\/diario_boe\/txt.php?id=BOE-A-2021-9347\" target=\"_blank\" rel=\"noopener\" data-schema-attribute=\"\"><strong>Ley Org\u00e1nica 8\/2021, de 4 de junio<\/strong><\/a>. En su <strong>Disposici\u00f3n Final Primera<\/strong>, apartado noveno, modifica el texto del <strong>articulo 544 ter de la Ley de Enjuiciamiento Criminal<\/strong> y establece la orden imperativa al Juez de Instrucci\u00f3n, en caso de adoptar orden de protecci\u00f3n, de suspender el r\u00e9gimen de visitas del autor de violencia de g\u00e9nero en todo caso, esto es, al margen de la levedad o gravedad del delito, si los menores han \u201c<em>presenciado, sufrido o convivido con la violencia<\/em>\u201d, debiendo el Juez justificar o motivar especialmente su decisi\u00f3n de separarse de tal mandato, manteniendo la comunicaci\u00f3n entre padre e hijo(s) menor(es). La falta de proporcionalidad de la medida es evidente y el prejuicio hacia el agresor, en contra de la propia presunci\u00f3n de inocencia, igualmente palmaria, desde el momento en que el mandato del legislador abarca tambi\u00e9n los casos de mayor y extrema levedad, sin distinci\u00f3n o graduaci\u00f3n alguna, y el protocolo de actuaci\u00f3n en los casos de violencia de g\u00e9nero conduce a la solicitud, y a veces a la adopci\u00f3n, de \u00f3rdenes de protecci\u00f3n con automatismo.<\/span><\/p>\n<p style=\"text-align: justify;\"><span style=\"font-size: 14pt;\">El segundo ejemplo se refiere al contenido de una <strong>tesis doctoral<\/strong>, <strong>publicada en 2016<\/strong>, pero que en esa escalada progresiva del \u201c<em>odio al otro<\/em>\u201d, que el propio Sistema est\u00e1 aprovechando para mermar el contenido y alcance de garant\u00edas b\u00e1sicas, esenciales y fundamentales, como lo es la presunci\u00f3n de inocencia, en una concurrencia perversa con el llamado Derecho penal del enemigo, en esa escalada, dec\u00edamos, est\u00e1 siendo promocionada en nuestras Universidades; tesis que llev\u00e1bamos\u00a0 alg\u00fan tiempo queriendo comentar acerca de esta incipiente \u00ab<em>Doctrina<\/em>\u00bb jur\u00eddica, que tiene forma de Tesis Doctoral, elaborada desde la <strong>C\u00e1tedra de Gonzalo Rodr\u00edguez Mourullo<\/strong>. La tesis, extensa por lo dem\u00e1s, aparece bajo el titulo de \u201cLEG\u00cdTIMA DEFENSA EN SITUACIONES SIN CONFRONTACI\u00d3N: LA MUERTE DEL TIRANO DE CASA\u201d, cuyas conclusiones reproducimos m\u00e1s abajo. Su contenido podr\u00eda resumirse en la leyenda \u201c<strong>Yo soy una victima con derecho a matar<\/strong>\u201d.<\/span><\/p>\n<p style=\"text-align: justify;\"><span style=\"font-size: 14pt;\">Y \u00bfes as\u00ed? \u00bfexiste el derecho a matar a otro ser humano fr\u00edamente y quedar impune?<\/span><\/p>\n<p style=\"text-align: justify;\"><span style=\"font-size: 14pt;\">La l\u00f3gica y la moral, incluso la llamada \u201c<em>ley de la calle<\/em>\u201d, nos dice que no, que una muerte, <em>se paga, <\/em>de una forma u otra<em>.<\/em> Entonces, \u00bfqu\u00e9 quiere defender la Tesis en cuesti\u00f3n?<\/span><\/p>\n<p style=\"text-align: justify;\"><span style=\"font-size: 14pt;\">Como reconoce la propia obra, s\u00f3lo dos autores en toda Europa afirman que pueda existir derecho a la leg\u00edtima defensa plena en un caso en el que la confrontaci\u00f3n actual, inminente, no existe. Esto es, el caso extremo, excepcional, que la Tesis defiende, pretendiendo elevarlo a categor\u00eda general, se refiere a un supuesto en que una mujer maltratada sistem\u00e1ticamente, se siente tan atrapada, que la \u00fanica soluci\u00f3n que ve es matar a su marido o pareja mientras \u00e9ste duerme, y considerar ese acto exento totalmente de responsabilidad.<\/span><\/p>\n<p style=\"text-align: justify;\"><span style=\"font-size: 14pt;\">El Derecho Penal prev\u00e9 una serie de figuras e instituciones: a grosso modo causas de justificaci\u00f3n, de exenci\u00f3n de culpabilidad y atenuantes, que no solo en el caso de laboratorio \u2013o cinematogr\u00e1fico- defendido en la Tesis, sino en todos los casos, pretenden conferir proporcionalidad y justicia al reproche penal contenida en una Sentencia de condena, \u00fanica jurisdicci\u00f3n que, recordemos, tiene en su esencia la b\u00fasqueda de la verdad material. La Tesis va desgranando las diferentes figuras que permitir\u00edan la exenci\u00f3n \u2013o atenuaci\u00f3n- de la pena a imponer (<em>legitima defensa, miedo insuperable, estado de necesidad y sus respectivas formas atenuadas, no plenas<\/em>), para concluir la insuficiencia -indebida- del sistema para exonerar a la mujer que mata a su marido sin confrontaci\u00f3n; es decir, con alevos\u00eda.<\/span><\/p>\n<p style=\"text-align: justify;\"><span style=\"font-size: 14pt;\"><strong>Alevos\u00eda<\/strong> significa, seg\u00fan la RAE, en una primera definici\u00f3n, la cautela para asegurar la comisi\u00f3n de un delito contra las personas, sin riesgo para el delincuente. Es circunstancia agravante de la responsabilidad criminal. En una segunda acepci\u00f3n, traici\u00f3n, perfidia. Seg\u00fan el C\u00f3digo Penal espa\u00f1ol, \u201c<em>Alevos\u00eda<\/em>\u201d, es toda conducta en la que el culpable \u201c<em>comete cualquiera de los delitos contra las personas empleando en la ejecuci\u00f3n medios, modos o formas que tiendan directa o especialmente a asegurarla, sin el riesgo que para su persona pudiera proceder de la defensa por parte del ofendido<\/em>\u201d (art\u00edculo 22.1\u00ba).<\/span><\/p>\n<p style=\"text-align: justify;\"><span style=\"font-size: 14pt;\">Para cualquier clase de <strong>legitima defensa<\/strong>, la necesidad de que el ataque sea actual y proporcional es indispensable.<\/span><\/p>\n<p style=\"text-align: justify;\"><span style=\"font-size: 14pt;\">La idea central de la Tesis es que la situaci\u00f3n continuada de maltrato, \u201c<em>en el marco de una relaci\u00f3n de tiran\u00eda privada<\/em>\u201d, se configura, por un lado, \u00a0como una situaci\u00f3n de \u201c<em>peligro latente<\/em>\u201d y por el otro, una \u201c<em>agresi\u00f3n permanente contra la libertad<\/em>\u201d. Estas dos modalidades de agresiones continuas componen la \u201c<em>gran agresi\u00f3n<\/em>\u201d, que la autora hace equivaler a la agresi\u00f3n \u201c<em>actual<\/em>\u201d que se exige en la aplicaci\u00f3n de la leg\u00edtima defensa. De lo anterior, la autora deriva \u201c<em>tambi\u00e9n que, en general, puede haber agresiones susceptibles de leg\u00edtima defensa, en situaciones donde no hay confrontaci\u00f3n<\/em>\u201d.<\/span><\/p>\n<p style=\"text-align: justify;\"><span style=\"font-size: 14pt;\">Tal situaci\u00f3n parte de la premisa de que la mujer no tiene la opci\u00f3n de simplemente \u201c<em>marcharse<\/em>\u201d, antes que decidir quitarle la vida premeditadamente a su \u00ab<em>tirano<\/em>\u00ab. Parte tambi\u00e9n de que la mujer no tenga ning\u00fan tipo de amparo social, familiar, judicial, policial o asistencial. Ambas situaciones son tan extremas y excepcionales hoy en d\u00eda, al margen de patolog\u00edas (que requerir\u00eda otra perspectiva de an\u00e1lisis), que el hecho de que se quiera elevar a categor\u00eda general un supuesto as\u00ed, y que tal posicionamiento tenga buena acogida no en la esfera acad\u00e9mica o forense, sino socialmente, desvela el derrumbe de nuestro imperfecto mundo&#8230;.y la venida de otro peor.\u00a0<\/span><\/p>\n<p style=\"text-align: justify;\"><span style=\"font-size: 14pt;\">Hay puertas que nunca deben cruzarse y cuando se cruzan no tienen vuelta atr\u00e1s. La merma \u00ab<em>selectiva<\/em>\u00bb de los Derechos Fundamentales es una de ellas; merma que al final afectar\u00e1 inexorablemente a todos los ciudadanos, sin distinci\u00f3n de sexo.\u00a0<\/span><\/p>\n<p>&nbsp;<\/p>\n<p><img loading=\"lazy\" decoding=\"async\" class=\"aligncenter size-full wp-image-2233758\" src=\"https:\/\/puntocritico.com\/ausajpuntocritico\/wp-content\/uploads\/2021\/11\/Talmud-desgraciada-la-generacion-cuyos-jueces-merecen-ser-juzgados.jpg\" alt=\"\" width=\"639\" height=\"281\" data-id=\"2233758\" srcset=\"https:\/\/puntocritico.com\/ausajpuntocritico\/wp-content\/uploads\/2021\/11\/Talmud-desgraciada-la-generacion-cuyos-jueces-merecen-ser-juzgados.jpg 639w, https:\/\/puntocritico.com\/ausajpuntocritico\/wp-content\/uploads\/2021\/11\/Talmud-desgraciada-la-generacion-cuyos-jueces-merecen-ser-juzgados-300x132.jpg 300w, https:\/\/puntocritico.com\/ausajpuntocritico\/wp-content\/uploads\/2021\/11\/Talmud-desgraciada-la-generacion-cuyos-jueces-merecen-ser-juzgados-610x268.jpg 610w\" sizes=\"auto, (max-width: 639px) 100vw, 639px\" \/><\/p>\n<p style=\"text-align: center;\"><span style=\"font-size: 18pt;\"><strong><span style=\"color: #008000;\">*******<\/span><\/strong><\/span><\/p>\n<p style=\"text-align: justify;\"><span style=\"color: #008000; font-size: 14pt;\">LAS CAMPANAS DOBLAN POR TI<\/span><\/p>\n<h2 style=\"text-align: center;\"><span style=\"font-size: 24pt;\"><strong>Leg\u00edtima defensa en situaciones sin confrontaci\u00f3n: La muerte del tirano de casa<\/strong><\/span><\/h2>\n<p style=\"text-align: center;\"><span style=\"font-size: 18pt;\"><strong> (<em>Tesis Doctoral, Resumen<\/em>)<\/strong><\/span><\/p>\n<p style=\"text-align: justify;\"><span style=\"font-size: 14pt;\"><strong>Autor<\/strong>\u00a0Mar\u00eda Camila Correa Fl\u00f3rez<\/span><\/p>\n<p style=\"text-align: justify;\"><span style=\"font-size: 14pt;\"><strong>Directores de la Tesis:<\/strong> Fernando Molina Fern\u00e1ndez (<u>director tesis<\/u>)<\/span><\/p>\n<p style=\"text-align: justify;\"><span style=\"font-size: 14pt;\"><strong>Lectura:<\/strong> En la Universidad Aut\u00f3noma de Madrid (Espa\u00f1a), en <strong>2016<\/strong><\/span><\/p>\n<p style=\"text-align: justify;\"><span style=\"font-size: 14pt;\"><strong>Idioma:<\/strong> espa\u00f1ol<\/span><\/p>\n<p style=\"text-align: justify;\"><span style=\"font-size: 14pt;\"><strong>Tribunal Calificador de la Tesis:<\/strong> Gonzalo Rodr\u00edguez Mourullo (presid.), Enrique Pe\u00f1aranda Ramos (secret.), Miguel \u00c1ngel Iglesias R\u00edo (voc.), Adela Asua Batarrita (voc.), Mar\u00eda Elena Beltr\u00e1n Pedreira (voc.)<\/span><\/p>\n<p style=\"text-align: justify;\"><span style=\"font-size: 14pt;\"><strong>Enlaces<\/strong>:\u00a0Tesis en acceso abierto en: <a href=\"https:\/\/dialnet.unirioja.es\/servlet\/tesis?codigo=53790&amp;orden=0&amp;info=link\" target=\"_blank\" rel=\"noopener\">Biblos-e Archivo<\/a><\/span><\/p>\n<p>&nbsp;<\/p>\n<p><img loading=\"lazy\" decoding=\"async\" class=\"aligncenter wp-image-2242571\" src=\"https:\/\/puntocritico.com\/ausajpuntocritico\/wp-content\/uploads\/2022\/03\/KKK-1.jpeg\" alt=\"\" width=\"555\" height=\"272\" data-id=\"2242571\" srcset=\"https:\/\/puntocritico.com\/ausajpuntocritico\/wp-content\/uploads\/2022\/03\/KKK-1.jpeg 449w, https:\/\/puntocritico.com\/ausajpuntocritico\/wp-content\/uploads\/2022\/03\/KKK-1-300x147.jpeg 300w\" sizes=\"auto, (max-width: 555px) 100vw, 555px\" \/><\/p>\n<p>&nbsp;<\/p>\n<p style=\"text-align: justify;\"><span style=\"font-size: 14pt;\">1.- El caso de las mujeres maltratadas, v\u00edctimas de relaciones de tiran\u00eda, que matan a sus agresores en situaciones sin confrontaci\u00f3n, ha representado un problema para la doctrina penal que ha hecho un esfuerzo por buscar una soluci\u00f3n que exonere o que, al menos, reduzca la pena a la mujer. Estas soluciones se pueden dividir en tres grupos: soluciones en sede de justificaci\u00f3n, soluciones en sede de ausencia de culpabilidad y soluciones que buscan una reducci\u00f3n punitiva.<\/span><\/p>\n<p style=\"text-align: justify;\"><span style=\"font-size: 14pt;\">2.- Las soluciones en sede de justificaci\u00f3n son tres: la leg\u00edtima defensa, la self-defense (en el entorno anglo norteamericano) y el estado de necesidad defensivo. La mayor\u00eda de los autores continentales niegan la configuraci\u00f3n de la leg\u00edtima defensa en estos casos porque no parece que la agresi\u00f3n, frente a la cual se ejerce la acci\u00f3n defensiva, sea actual, y porque la mujer tiene otras opciones para salvarse, antes que matar a su agresor, lo que hace innecesaria su acci\u00f3n defensiva. En la misma l\u00ednea, parece racionalmente innecesario que la mujer mate a su agresor mientras \u00e9ste est\u00e1 dormido. Ello, seg\u00fan los cr\u00edticos de la aplicaci\u00f3n de la leg\u00edtima defensa, lejos de ser necesario, ser\u00e1 lo que va a configurar la alevos\u00eda en estos casos.<\/span><\/p>\n<p style=\"text-align: justify;\"><span style=\"font-size: 14pt;\">No obstante lo anterior, encontramos propuestas como la de Larrauri en Espa\u00f1a, y Treschsel en Suiza y Alemania que defienden la aplicaci\u00f3n de la leg\u00edtima defensa. Sin embargo, estas propuestas, aunque correctamente encaminadas, no son suficientes para fundamentar la justificaci\u00f3n de las mujeres por v\u00eda de leg\u00edtima defensa.<\/span><\/p>\n<p style=\"text-align: justify;\"><span style=\"font-size: 14pt;\">3.- A diferencia de la leg\u00edtima defensa en el derecho continental, la self- defense en el derecho anglo-norteamericano parece ser una soluci\u00f3n aceptada, sobre todo en Estados Unidos. Ello es as\u00ed, porque los requisitos de configuraci\u00f3n de<img loading=\"lazy\" decoding=\"async\" class=\"alignright wp-image-2242570\" src=\"https:\/\/puntocritico.com\/ausajpuntocritico\/wp-content\/uploads\/2022\/03\/las-mujeres-del-ku-klus-klan-2-773x1024-1.jpg\" alt=\"Las Mujeres del KKK\" width=\"360\" height=\"477\" data-id=\"2242570\" srcset=\"https:\/\/puntocritico.com\/ausajpuntocritico\/wp-content\/uploads\/2022\/03\/las-mujeres-del-ku-klus-klan-2-773x1024-1.jpg 773w, https:\/\/puntocritico.com\/ausajpuntocritico\/wp-content\/uploads\/2022\/03\/las-mujeres-del-ku-klus-klan-2-773x1024-1-226x300.jpg 226w, https:\/\/puntocritico.com\/ausajpuntocritico\/wp-content\/uploads\/2022\/03\/las-mujeres-del-ku-klus-klan-2-773x1024-1-768x1017.jpg 768w, https:\/\/puntocritico.com\/ausajpuntocritico\/wp-content\/uploads\/2022\/03\/las-mujeres-del-ku-klus-klan-2-773x1024-1-610x808.jpg 610w\" sizes=\"auto, (max-width: 360px) 100vw, 360px\" \/> esta figura son m\u00e1s amplios que los de la leg\u00edtima defensa continental. En el derecho anglo norteamericano la muerte de otro est\u00e1 justificada a trav\u00e9s de la figura de la self defense cuando el autor cree razonablemente que a.) su adversario representa un da\u00f1o inmediato para su vida o integridad y b.) la muerte de \u00e9ste es necesaria para evitar dicho da\u00f1o.<\/span><\/p>\n<p style=\"text-align: justify;\"><span style=\"font-size: 14pt;\">El elemento central de la figura es entonces la existencia de una creencia razonable sobre la existencia de la actualidad (inminencia) de la agresi\u00f3n y la necesidad de la acci\u00f3n defensiva, que es lo que la va a diferenciar de la leg\u00edtima defensa continental. Mientras se establezca que esta creencia es razonable habr\u00e1 self-defense. El criterio para establecer dicha creencia razonable es el del hombre medio, es decir, se debe establecer si la actuaci\u00f3n de la mujer es la actuaci\u00f3n que cualquier persona razonable habr\u00eda realizado en su lugar. Pero \u00e9ste ha sido criticado a.) por ser un criterio masculino y b.) por ser muy general y no tener en cuenta circunstancias concretas de la persona que act\u00faa.<\/span><\/p>\n<p style=\"text-align: justify;\"><span style=\"font-size: 14pt;\">Para darle soluci\u00f3n a estos inconvenientes se ha propuesto hacer el an\u00e1lisis de la configuraci\u00f3n de la creencia razonable a trav\u00e9s de an\u00e1lisis individualizadores que tengan en cuenta la situaci\u00f3n de la mujer y sus condiciones f\u00edsicas y psicol\u00f3gicas. El m\u00e1s utilizado por los tribunales anglo-norteamericanos es el SMM. A trav\u00e9s de la indefensi\u00f3n aprendida, caracter\u00edstica de esta condici\u00f3n, se ilustrar\u00eda c\u00f3mo la mujer cree de manera razonable a.) que si no mata a su agresor, \u00e9ste la va a atacar nuevamente y, por tanto, su vida e integridad est\u00e1n en un peligro constante y b.) que no tiene otras v\u00edas de actuaci\u00f3n.<\/span><\/p>\n<p style=\"text-align: justify;\"><span style=\"font-size: 14pt;\">Esta soluci\u00f3n es ampliamente criticada por varias razones. En primer lugar, debido a que la actuaci\u00f3n de la mujer estar\u00eda mediada por un s\u00edndrome y refuerza la idea de que las actuaciones de las mujeres maltratadas son resultado de una condici\u00f3n mental que las hace actuar como act\u00faan. En segundo lugar, porque no parece que las mujeres maltratadas que <img loading=\"lazy\" decoding=\"async\" class=\"alignleft wp-image-2242568\" src=\"https:\/\/puntocritico.com\/ausajpuntocritico\/wp-content\/uploads\/2022\/03\/KKK-Mujeres.jpeg\" alt=\"\" width=\"330\" height=\"459\" data-id=\"2242568\" srcset=\"https:\/\/puntocritico.com\/ausajpuntocritico\/wp-content\/uploads\/2022\/03\/KKK-Mujeres.jpeg 449w, https:\/\/puntocritico.com\/ausajpuntocritico\/wp-content\/uploads\/2022\/03\/KKK-Mujeres-216x300.jpeg 216w\" sizes=\"auto, (max-width: 330px) 100vw, 330px\" \/>matan a sus agresores padezcan este s\u00edndrome. Si se analizan cuidadosamente sus s\u00edntomas se puede establecer que la mujer que sufre del SMM no es capaz de reaccionar de ninguna forma en contra de su agresor porque est\u00e1 convencida de que nada de lo que haga va a ser \u00fatil para evitar que el maltrato contin\u00fae. Frente a ello, las que matan reaccionan de la manera m\u00e1s violenta posible, desvirtuando la idea de que hayan aprendido a ser indefensas. Surgen entonces otras propuestas de corte individualizador subjetivo que abogan por que se tenga en cuenta dentro del an\u00e1lisis de la creencia razonable el contexto en su totalidad. Estas propuestas son compartidas por nosotros.<\/span><\/p>\n<p style=\"text-align: justify;\"><span style=\"font-size: 14pt;\">As\u00ed las cosas, se puede establecer que la creencia de la mujer sobre la actualidad de la agresi\u00f3n y la necesidad de defenderse de ella es razonable y, por tanto, se configura la self-defense. Sin embargo, a la luz del derecho continental, la sola creencia razonable sobre la existencia de los requisitos de configuraci\u00f3n de la leg\u00edtima defensa constituye un error sobre los presupuestos objetivos de \u00e9stos. Por ello se puede afirmar que una situaci\u00f3n que en derecho anglo- norteamericano lleva a la justificaci\u00f3n, en derecho continental lleva a la atipicidad, si se siguen los planteamientos de la teor\u00eda limitada de la culpabilidad en materia de error.<\/span><\/p>\n<p style=\"text-align: justify;\"><span style=\"font-size: 14pt;\">Esta soluci\u00f3n no es satisfactoria porque, como ha quedado claro, en estos casos la agresi\u00f3n es actual y la acci\u00f3n defensiva es necesaria. En ning\u00fan momento se configura una creencia, razonable o no, que pueda llevar al error, excepto en las situaciones en las que no hay una relaci\u00f3n de tiran\u00eda privada y se establece que, en efecto, hay otras v\u00edas de salvaci\u00f3n diferentes a la muerte del tirano. Y a\u00fan en estos casos, el problema referente a que errar resulta m\u00e1s ben\u00e9volo que actuar cobijado por la justificante, sigue existiendo. Sin embargo, en los casos en los que se yerra inevitablemente sobre la necesidad de la acci\u00f3n defensiva esto podr\u00eda no ser as\u00ed. Si se entiende que la necesidad se debe evaluar ex ante, lo que implica que si la acci\u00f3n defensiva es necesaria ex ante lo seguir\u00e1 siendo aunque ex post se demuestre lo contrario, no se configurar\u00eda un error, sino la eximente de leg\u00edtima defensa.<\/span><\/p>\n<p style=\"text-align: justify;\"><span style=\"font-size: 14pt;\">4.- Ahora bien, un sector de la doctrina continental se ha decantado por entender estas situaciones como casos de defensa preventiva que se pueden solucionar por v\u00eda del estado de necesidad defensivo ya que, si bien no hay una agresi\u00f3n actual, si hay un peligro. Respecto a ello ya establecimos que, al haber una agresi\u00f3n actual, ya no se puede hablar de peligro en el sentido del estado de necesidad y, por tanto, de defensa preventiva; el an\u00e1lisis pasa al marco de la configuraci\u00f3n de la leg\u00edtima defensa. Y es eso, precisamente, lo que pasa en estos casos. Adem\u00e1s de lo anterior, esta soluci\u00f3n muestra c\u00f3mo no se hace un an\u00e1lisis cuidadoso de la configuraci\u00f3n de los requisitos de la leg\u00edtima defensa. Como, en un primer nivel de an\u00e1lisis, no parece haber una agresi\u00f3n actual, inmediatamente se descarta la leg\u00edtima defensa, sin profundizar en el an\u00e1lisis de su configuraci\u00f3n, y se busca la soluci\u00f3n en sede de un estado de necesidad en su modalidad defensiva.<\/span><\/p>\n<p style=\"text-align: justify;\"><span style=\"font-size: 14pt;\">5.- Las soluciones en sede de culpabilidad son el estado de necesidad exculpante, el error sobre \u00e9ste, el miedo insuperable y la duress partiendo de una interpretaci\u00f3n que hace Dressler de esta figura. Pero sumada a \u00e9stas est\u00e1 la propuesta de Rosen y Finkelstein referente a entender la self-defense como una excusa (causa de ausencia de culpabilidad) para poderla aplicar en los casos de mujeres maltratadas que matan a sus agresores. Esta propuesta es la materializaci\u00f3n de una desnaturalizaci\u00f3n innecesaria de la figura anglo- norteamericana, desnaturalizaci\u00f3n que no compartimos. Lo mismo sucede con la propuesta de Dressler relativa a la aplicaci\u00f3n de la duress.<\/span><\/p>\n<p style=\"text-align: justify;\"><span style=\"font-size: 14pt;\">6.- Ahora bien, la doctrina alemana se encuentra dividida entre la aplicaci\u00f3n del estado de necesidad exculpante (\u00a735.1 StGB), y el error sobre \u00e9ste (\u00a735.2). Respecto a la primera soluci\u00f3n, si decimos que no tiene sentido hablar de estado de necesidad defensivo en estos casos, es evidente que tampoco lo tiene al hablar de estado de necesidad exculpante, y las razones son exactamente las mismas. <strong>Ahora bien, para el otro sector de la doctrina el error se configura porque, si bien hay un peligro, no hay necesidad de sacrificar la vida del agresor, porque existen otras opciones de salvamento, lo que, como ha quedado claro, no es as\u00ed.<\/strong><\/span><\/p>\n<p style=\"text-align: justify;\"><span style=\"font-size: 14pt;\">7.- La soluci\u00f3n en sede de miedo insuperable resulta otra clara muestra de que no se hace un an\u00e1lisis detallado de las circunstancias del caso y se descarta, sin mayor fundamento, la existencia de la leg\u00edtima defensa.<\/span><\/p>\n<p style=\"text-align: justify;\"><span style=\"font-size: 14pt;\">8.- Algunas de las soluciones en sede de culpabilidad se fundamentan en un fallo de la psiquis. La eximente de miedo insuperable se configura cuando la situaci\u00f3n de terror nubla la capacidad de raciocinio de quien act\u00faa, y el error sobre el estado de necesidad exculpante del \u00a735.2 del StGB en el hecho de que la mujer cre\u00eda que no ten\u00eda otra opci\u00f3n que matar a su agresor. Esto es errado porque la ausencia de otras v\u00edas de salvamento es una realidad objetiva que no proviene ni del p\u00e1nico del que era v\u00edctima la mujer, ni de una errada percepci\u00f3n de la realidad.<\/span><\/p>\n<p style=\"text-align: justify;\"><span style=\"font-size: 14pt;\">Ahora bien, en general todas las soluciones en sede de culpabilidad son problem\u00e1ticas porque exonerar a la mujer por esta v\u00eda implica afirmar que su actuaci\u00f3n es t\u00edpica y antijur\u00eddica, por tanto susceptible de que se ejerza una leg\u00edtima defensa en su contra.<\/span><\/p>\n<p>&nbsp;<\/p>\n<p><img loading=\"lazy\" decoding=\"async\" class=\"aligncenter wp-image-2242569 size-mh-magazine-content\" src=\"https:\/\/puntocritico.com\/ausajpuntocritico\/wp-content\/uploads\/2022\/03\/las-mujeres-del-ku-klus-klan-3-778x1024-1-678x381.jpg\" alt=\"\" width=\"678\" height=\"381\" data-id=\"2242569\" srcset=\"https:\/\/puntocritico.com\/ausajpuntocritico\/wp-content\/uploads\/2022\/03\/las-mujeres-del-ku-klus-klan-3-778x1024-1-678x381.jpg 678w, https:\/\/puntocritico.com\/ausajpuntocritico\/wp-content\/uploads\/2022\/03\/las-mujeres-del-ku-klus-klan-3-778x1024-1-778x438.jpg 778w\" sizes=\"auto, (max-width: 678px) 100vw, 678px\" \/><\/p>\n<p>&nbsp;<\/p>\n<p style=\"text-align: justify;\"><span style=\"font-size: 14pt;\">9.- Respecto a las soluciones en sede de reducci\u00f3n punitiva, podemos decir que tanto la correcci\u00f3n restrictiva negativa del tipo como la provocation est\u00e1n dirigidas a que la acci\u00f3n de la mujer sea catalogada como homicidio (manslaughter) y no como asesinato (murder), eliminando la alevos\u00eda o la malice propias del segundo. Este cambio del t\u00edtulo de imputaci\u00f3n genera inmediatamente una reducci\u00f3n en la pena a imponer. Pero si en estos casos no hay alevos\u00eda, estas soluciones que llevan a una reducci\u00f3n punitiva son completamente irrelevantes.<\/span><\/p>\n<p style=\"text-align: justify;\"><span style=\"font-size: 14pt;\">10.- Por otra parte, algunas figuras anglo-norteamericanas tienen un equivalente en derecho continental. As\u00ed por ejemplo, la provocation est\u00e1 \u00edntimamente relacionada con la atenuante espa\u00f1ola de arrebato, obcecaci\u00f3n y otros estados pasionales y con la alemana contenida en el \u00a7213 StGB. Por su parte, la duress guarda una estrecha relaci\u00f3n con la figura del miedo insuperable.<\/span><\/p>\n<p style=\"text-align: justify;\"><span style=\"font-size: 14pt;\">11.- Es un acuerdo general que la leg\u00edtima defensa se configura cuando haya una agresi\u00f3n actual, la acci\u00f3n defensiva es necesaria y quien la ejerce no ha provocado la agresi\u00f3n. Adem\u00e1s, debe estar movido por un \u00e1nimo de defensa y, en el caso concreto, no se configura una restricci\u00f3n \u00e9tico-social para el ejercicio de la defensa.<\/span><\/p>\n<p style=\"text-align: justify;\"><span style=\"font-size: 14pt;\">Una agresi\u00f3n puede ser actual cuando es inminente, cuando est\u00e1 sucediendo en el momento en que se ejerce la acci\u00f3n defensiva o cuando es una agresi\u00f3n continua. Las agresiones continuas son aquellas que surgen de la comisi\u00f3n de un delito de ejecuci\u00f3n permanente o aquellas que se dan en el marco de una situaci\u00f3n de peligro latente para los bienes jur\u00eddicos, que se deriva de agresiones en curso reiteradas y sistem\u00e1ticas.<\/span><\/p>\n<p style=\"text-align: justify;\"><span style=\"font-size: 14pt;\">La acci\u00f3n defensiva ser\u00e1 necesaria cuando sea id\u00f3nea, es decir suficiente y\/o \u00fatil para detener o evitar el ataque y racional. Esta racionalidad se eval\u00faa desde la idea de proporcionalidad: la acci\u00f3n defensiva no debe ser ni excesiva, ni insuficiente con respecto al ataque. La proporcionalidad no hace referencia a una ponderaci\u00f3n de intereses en juego, ni de instrumentos utilizados, sino a la racionalidad de los medios y de la forma en la que se ejerce la acci\u00f3n defensiva. Ello se debe hacer atendiendo a la situaci\u00f3n de las partes y a las circunstancias concretas del caso. Es decir, establecer si la modalidad defensiva es racionalmente necesaria dentro del caso concreto, teniendo en cuenta dentro de este an\u00e1lisis la existencia de otras opciones de salvaci\u00f3n. As\u00ed, la defensa es necesaria cuando se realiza a trav\u00e9s de la acci\u00f3n m\u00e1s ben\u00e9vola para los bienes jur\u00eddicos del agresor, mientras que quien la ejerza no corra ning\u00fan peligro innecesario. Todo ello se establece de manera ex ante, partiendo de una perspectiva individualizadora.<\/span><\/p>\n<p style=\"text-align: justify;\"><span style=\"font-size: 14pt;\">Ahora bien, las restricciones \u00e9tico-sociales permean la necesidad de la acci\u00f3n defensiva. Esto quiere decir que si, dentro del an\u00e1lisis del caso concreto, se establece que hay una restricci\u00f3n \u00e9tico-social, la acci\u00f3n defensiva deja de ser necesaria, porque en el marco de estas<strong>\u00a0<\/strong>restricciones, la obligaci\u00f3n de buscar otra v\u00eda de salvaci\u00f3n se incrementa, a tal punto que la exigencia de la huida, por ejemplo, podr\u00eda ser leg\u00edtima en estos casos.<\/span><\/p>\n<p>&nbsp;<\/p>\n<figure id=\"attachment_14043\" aria-describedby=\"caption-attachment-14043\" style=\"width: 678px\" class=\"wp-caption aligncenter\"><img loading=\"lazy\" decoding=\"async\" class=\"wp-image-14043 size-full\" src=\"https:\/\/puntocritico.com\/ausajpuntocritico\/wp-content\/uploads\/2018\/09\/odio_1_678x381.jpg\" alt=\"\" width=\"678\" height=\"381\" data-id=\"14043\" srcset=\"https:\/\/puntocritico.com\/ausajpuntocritico\/wp-content\/uploads\/2018\/09\/odio_1_678x381.jpg 678w, https:\/\/puntocritico.com\/ausajpuntocritico\/wp-content\/uploads\/2018\/09\/odio_1_678x381-300x169.jpg 300w, https:\/\/puntocritico.com\/ausajpuntocritico\/wp-content\/uploads\/2018\/09\/odio_1_678x381-267x150.jpg 267w\" sizes=\"auto, (max-width: 678px) 100vw, 678px\" \/><figcaption id=\"caption-attachment-14043\" class=\"wp-caption-text\"><span style=\"color: #008000;\">\u00abLAS CAMPANAS DOBLAN POR TI\u00bb. Licencia para matar &#8230; hombres dormidos: La Alevos\u00eda como Circunstancia Eximente de la Responsabilidad Criminal de las mujeres.<\/span><\/figcaption><\/figure>\n<p>&nbsp;<\/p>\n<p style=\"text-align: justify;\"><span style=\"font-size: 14pt;\">12.- La leg\u00edtima defensa es una soluci\u00f3n viable para algunos de los casos en los que las mujeres que son v\u00edctimas de violencia dom\u00e9stica y de g\u00e9nero en el marco de una relaci\u00f3n de tiran\u00eda privada matan a sus agresores durante una situaci\u00f3n sin confrontaci\u00f3n.<\/span><\/p>\n<p style=\"text-align: justify;\"><span style=\"font-size: 14pt;\">En el marco de las relaciones de tiran\u00eda se dan diferentes tipos de agresiones (violencia f\u00edsica, ps\u00edquica, agresiones contra la libertad y violencia sexual) contra la mujer, dirigidas a consolidar la posici\u00f3n de dominio del tirano. La violencia f\u00edsica es utilizada como castigo y como advertencia. Ello genera un miedo constante en la mujer del que se deriva una situaci\u00f3n de obediencia obligada. Las amenazas, como manifestaci\u00f3n de violencia psicol\u00f3gica, son un medio id\u00f3neo para someter a la mujer, lo que facilita la permanencia del agresor en la posici\u00f3n dominante. A trav\u00e9s de las amenazas se le impide a la mujer realizar cualquier acto dirigido a liberarse del yugo del tirano. En este escenario, la violencia f\u00edsica act\u00faa como refuerzo de las amenazas, y esta dupla amenazas-violencia f\u00edsica es la herramienta con la que el tirano construye los barrotes mentales que privan a la mujer de su libertad. En \u00faltimo lugar, la violencia sexual es el arma culmine del tirano para demostrar su poder\u00edo, su dominio y su control sobre la mujer. Sumado a lo anterior, hay ataques contra la mujer (en el sentido de agresiones en curso) que se realizan de manera sistem\u00e1tica y reiterada.<\/span><\/p>\n<p style=\"text-align: justify;\"><span style=\"font-size: 14pt;\">13.- En el caso de la mujer maltratada en el marco de una relaci\u00f3n de tiran\u00eda privada se configura, por un lado, una situaci\u00f3n de peligro latente para los bienes jur\u00eddicos de ella; y por el otro, una agresi\u00f3n permanente contra la libertad. Estas dos modalidades de agresiones continuas componen la \u201cgran agresi\u00f3n\u201d. Por sus caracter\u00edsticas, esta \u201cgran agresi\u00f3n\u201d es una agresi\u00f3n actual en el sentido de la leg\u00edtima defensa. De lo anterior se deriva tambi\u00e9n que, en general, puede haber agresiones susceptibles de leg\u00edtima defensa, en situaciones donde no hay confrontaci\u00f3n.<\/span><\/p>\n<p style=\"text-align: justify;\"><span style=\"font-size: 14pt;\">La acci\u00f3n defensiva de la mujer es necesaria porque no ten\u00eda otros medios menos lesivos para defenderse sin ponerse a ella misma en peligro, y porque su acci\u00f3n defensiva es racionalmente proporcional. En primer lugar, por el mismo tipo de agresi\u00f3n, la mujer se encuentra privada de su libertad tras unos barrotes invisibles; es el mismo tirano, a trav\u00e9s de la agresi\u00f3n, el que le impide recurrir a otros medios. Los denominados \u201cotros medios\u201d constituyen un acto de rebeli\u00f3n contra el tirano que puede desencadenar su furia, y la mujer, debido a que conoce el comportamiento de su agresor, sabe que puede poner en riesgo su vida si recurre a ellos. Adem\u00e1s, el medio defensivo es proporcional, en el sentido de racionalmente necesario, en el contexto en el que tienen lugar los hechos. Es decir, en el marco de una relaci\u00f3n de tiran\u00eda, donde el agresor le bloquea todas las posibilidades de salvaci\u00f3n por medio de la misma agresi\u00f3n, matar a \u00e9ste en una situaci\u00f3n sin confrontaci\u00f3n resulta racionalmente necesario.<\/span><\/p>\n<p style=\"text-align: justify;\"><span style=\"font-size: 14pt;\">En estos casos, la agresi\u00f3n tiene dos virtualidades, ya que \u2013por un lado \u2013 es la base para la configuraci\u00f3n de un requisito esencial de la leg\u00edtima defensa, y por el otro, el tipo de agresi\u00f3n va a fundamentar la existencia de los dem\u00e1s requisitos de configuraci\u00f3n de esta causa de justificaci\u00f3n.<\/span><\/p>\n<p style=\"text-align: justify;\"><span style=\"font-size: 14pt;\">Por otro lado, el hecho de que exista una relaci\u00f3n de pareja o familiar entre la v\u00edctima y el agresor no constituye una restricci\u00f3n \u00e9tico social a la defensa, y por ende no se disminuye la necesidad de la acci\u00f3n defensiva, por tres razones. La primera, porque desde el punto de vista jur\u00eddico- social, la violencia dom\u00e9stica elimina los lazos de solidaridad, y la acci\u00f3n defensiva es requerida por la situaci\u00f3n de leg\u00edtima defensa; al no haber relaci\u00f3n de solidaridad, no hay tampoco restricci\u00f3n \u00e9tico social. La segunda, porque restringir la defensa leg\u00edtima en estas situaciones resulta contradictorio, ya que se legitima una pr\u00e1ctica contraria al orden jur\u00eddico y al orden social, con base en un deber de solidaridad que el agresor incumpli\u00f3. Y la tercera, porque si esta restricci\u00f3n \u00e9tico \u2013social se extiende a las situaciones en donde las agresiones que se tienen que tolerar implican violencia f\u00edsica ocasional o violencia psicol\u00f3gica reiterada contra las mujeres, se podr\u00eda afirmar que el derecho, las normas en general, est\u00e1n pensadas para los hombres. Ello reforzar\u00eda dos estereotipos: el primero, referente al rol de sumisi\u00f3n de la mujer frente al marido, que debe tolerar todo; y el segundo, un t\u00f3pico cl\u00e1sico sobre la mujer maltratada, referente a que ella, pudiendo irse del hogar, no lo hace \u201cporque no quiere\u201d o \u201cporque le gusta ser maltratada\u201d.<\/span><\/p>\n<p style=\"text-align: justify;\"><span style=\"font-size: 14pt;\">Contrario a algunas creencias generales, la mujer no provoca las agresiones y su actitud es guiada por un \u00e1nimo defensivo, que se configura as\u00ed concurran otros \u00e1nimos diferentes.<\/span><\/p>\n<p style=\"text-align: justify;\"><span style=\"font-size: 14pt;\">14.- Ahora bien, en estos casos no se configura la alevos\u00eda por dos razones claras: la primera, porque afirmar que s\u00ed se configurar\u00eda la alevos\u00eda implica una contradicci\u00f3n: el hecho de que el agresor est\u00e9 dormido o distra\u00eddo, que es lo que fundamentar\u00eda la configuraci\u00f3n de la alevos\u00eda en estos casos, es necesario para alcanzar el resultado justificado. Una actuaci\u00f3n no puede ser, a la vez, susceptible de mayor reproche y el medio necesario para ejercer una acci\u00f3n defensiva, que implica una ausencia de reproche. Y la segunda, porque catalogar la conducta de la mujer como alevosa equivale a sancionarla por haber hecho lo necesario para salvarse de una situaci\u00f3n que pone en riesgo su vida, lo que implica una penalizaci\u00f3n de la respuesta de los sometidos contra el ejercicio ileg\u00edtimo de la fuerza.<\/span><\/p>\n<p>&nbsp;<\/p>\n<p><img loading=\"lazy\" decoding=\"async\" class=\"aligncenter wp-image-9249\" src=\"https:\/\/puntocritico.com\/ausajpuntocritico\/wp-content\/uploads\/2018\/02\/torturas-6.jpg\" alt=\"\" width=\"330\" height=\"248\" data-id=\"9249\" srcset=\"https:\/\/puntocritico.com\/ausajpuntocritico\/wp-content\/uploads\/2018\/02\/torturas-6.jpg 253w, https:\/\/puntocritico.com\/ausajpuntocritico\/wp-content\/uploads\/2018\/02\/torturas-6-80x60.jpg 80w\" sizes=\"auto, (max-width: 330px) 100vw, 330px\" \/><\/p>\n<p>&nbsp;<\/p>\n<p style=\"text-align: justify;\"><span style=\"font-size: 14pt;\">15.- Para que una mujer tiranizada puede alegar leg\u00edtima defensa al matar a su agresor durante una situaci\u00f3n sin confrontaci\u00f3n, se deben cumplir seis requisitos: <\/span><\/p>\n<p style=\"padding-left: 40px; text-align: justify;\"><span style=\"font-size: 14pt;\">a) El agresor y la v\u00edctima deben ser pareja de hecho o de derecho. (Aunque en algunos casos la tiranizada puede ser hija o hijastra del tirano).<\/span><\/p>\n<p style=\"padding-left: 40px; text-align: justify;\"><span style=\"font-size: 14pt;\">b) Deben vivir juntos.<\/span><\/p>\n<p style=\"padding-left: 40px; text-align: justify;\"><span style=\"font-size: 14pt;\">c) Dentro de la relaci\u00f3n deben estar presentes todas las caracter\u00edsticas de una tiran\u00eda privada, a saber: a.) evitaci\u00f3n de coaliciones, b.) supresi\u00f3n de posibilidades de salida por otras v\u00edas por medio de amenazas, intimidaci\u00f3n y violencia y c.) acciones dirigidas a anular la voluntad y la autonom\u00eda de la mujer.<\/span><\/p>\n<p style=\"padding-left: 40px; text-align: justify;\"><span style=\"font-size: 14pt;\">d) Presencia de maltratos f\u00edsicos, ps\u00edquicos y\/o agresiones sexuales en contra de la mujer, que son realizados de manera sistem\u00e1tica y reiterada. (Situaci\u00f3n de peligro latente).<\/span><\/p>\n<p style=\"padding-left: 40px; text-align: justify;\"><span style=\"font-size: 14pt;\">e) Debe configurarse una detenci\u00f3n ilegal por medio de amenazas y violencia (requisito 4), que encuentra su fundamento en la relaci\u00f3n de tiran\u00eda privada.<\/span><\/p>\n<p style=\"padding-left: 40px; text-align: justify;\"><span style=\"font-size: 14pt;\">f) La mujer debe matar a su agresor en una situaci\u00f3n donde no haya confrontaci\u00f3n, como por ejemplo cuando \u00e9ste se encuentre borracho, dormido o distra\u00eddo.<\/span><\/p>\n<p style=\"text-align: justify;\"><span style=\"font-size: 14pt;\">Estos requisitos se dividen en dos grupos: a.) requisitos circunstanciales (1,2 y 6) y b.) requisitos esenciales (3, 4 y 5). Estos \u00faltimos son la base de la existencia de la \u201cgran agresi\u00f3n\u201d y de la necesidad de la acci\u00f3n defensiva. Si falta alg\u00fan requisito circunstancial no estar\u00edamos en presencia de un caso al que se le podr\u00eda aplicar la teor\u00eda desarrollada anteriormente.<\/span><\/p>\n<p style=\"text-align: justify;\"><span style=\"font-size: 14pt;\">La funci\u00f3n que cumplen los requisitos 3 y 5 es quiz\u00e1s la m\u00e1s importante de todas. Estos no s\u00f3lo son necesarios para que se configure uno de los dos elementos de la \u201cgran agresi\u00f3n\u201d, sino que adem\u00e1s, la relaci\u00f3n existente entre ellos va a fundamentar la necesidad de la acci\u00f3n defensiva. El requisito cuatro es complementario porque la violencia reiterada es parte de la \u201cgran agresi\u00f3n\u201d y a su vez es necesaria para que se configure la detenci\u00f3n ilegal, caracter\u00edstica de la relaci\u00f3n de tiran\u00eda.<\/span><\/p>\n<p style=\"text-align: justify;\"><span style=\"font-size: 14pt;\">Si el requisito 4 no se cumple, los requisitos 3 y 5 no se pueden configurar. Pero si se configura el 4 pero no el 3 ni el 5, se pueden presentar dos situaciones diferentes: a.) que la mujer haya buscado ayuda externa y \u00e9sta no haya sido \u00fatil. Aqu\u00ed podr\u00eda haber leg\u00edtima defensa porque frente a la ineficiencia de otras v\u00edas de soluci\u00f3n, concluye que la \u00fanica alternativa que tiene es matar a su agresor; y b.) al cumplirse el requisito 4 la agresi\u00f3n es actual, pero la acci\u00f3n defensiva no es necesaria, entonces la soluci\u00f3n est\u00e1 en la aplicaci\u00f3n de un error sobre los presupuestos objetivos de una causa de justificaci\u00f3n (leg\u00edtima defensa putativa). Si el error es invencible, la mujer ser\u00e1 exonerada de responsabilidad. Si \u00e9ste es vencible, cabe la posibilidad de que la mujer enfrente una condena por homicidio imprudente.<\/span><\/p>\n<p>&nbsp;<\/p>\n<p><img loading=\"lazy\" decoding=\"async\" class=\"aligncenter wp-image-2242572 size-mh-magazine-content\" src=\"https:\/\/puntocritico.com\/ausajpuntocritico\/wp-content\/uploads\/2022\/03\/linchamiento-665x381.jpg\" alt=\"\" width=\"665\" height=\"381\" data-id=\"2242572\" \/><\/p>\n<p style=\"text-align: center;\"><span style=\"font-size: 18pt;\"><strong><span style=\"color: #008000;\">*******<\/span><\/strong><\/span><\/p>\n<hr \/>\n<h2 style=\"text-align: justify;\"><span style=\"font-size: 14pt;\"><strong>RELACIONADOS:<\/strong><\/span><\/h2>\n<p><a href=\"https:\/\/puntocritico.com\/ausajpuntocritico\/2020\/07\/02\/sororidad-y-totalitarismo-del-dia-en-que-me-quise-solidarizar-y-me-hicieron-prisionero-de-guerra\/\" target=\"_blank\" rel=\"noopener\" data-schema-attribute=\"\">https:\/\/puntocritico.com\/ausajpuntocritico\/2020\/07\/02\/sororidad-y-totalitarismo-del-dia-en-que-me-quise-solidarizar-y-me-hicieron-prisionero-de-guerra\/<\/a><\/p>\n<p><a href=\"https:\/\/puntocritico.com\/ausajpuntocritico\/2021\/11\/04\/temporeras-contra-la-esclavitud-analisis-de-los-informes-de-la-inspeccion-de-trabajo-en-la-demanda-de-amparo-constitucional\/\" target=\"_blank\" rel=\"noopener\" data-schema-attribute=\"\">https:\/\/puntocritico.com\/ausajpuntocritico\/2021\/11\/04\/temporeras-contra-la-esclavitud-analisis-de-los-informes-de-la-inspeccion-de-trabajo-en-la-demanda-de-amparo-constitucional\/<\/a><\/p>\n<p><a href=\"https:\/\/puntocritico.com\/ausajpuntocritico\/2021\/02\/15\/la-democracia-no-puede-subsistir-sin-poderes-intermedios-las-organizaciones-pro-gubernamentales-en-la-nueva-politica-los-ciudadanos-ya-no-eligen-al-gobierno-es-el-gobierno-quien-elige-a-los\/\" target=\"_blank\" rel=\"noopener\" data-schema-attribute=\"\">https:\/\/puntocritico.com\/ausajpuntocritico\/2021\/02\/15\/la-democracia-no-puede-subsistir-sin-poderes-intermedios-las-organizaciones-pro-gubernamentales-en-la-nueva-politica-los-ciudadanos-ya-no-eligen-al-gobierno-es-el-gobierno-quien-elige-a-los\/<\/a><\/p>\n<blockquote class=\"wp-embedded-content\" data-secret=\"TDmYCI4YMa\"><p><a href=\"https:\/\/puntocritico.com\/ausajpuntocritico\/2020\/06\/30\/son-los-hechos-y-no-la-ideologia-quienes-determinan-la-realidad-entrevista-a-jordan-peterson-el-feminismo-no-igualitario-la-ideologia-de-genero-y-sus-consecuencias-2\/\">SON LOS HECHOS, Y NO LA IDEOLOG\u00cdA, QUIENES DETERMINAN LA REALIDAD \/\/ Entrevista a Jordan Peterson \/\/ \u00abEl feminismo no igualitario, la ideolog\u00eda de g\u00e9nero y sus consecuencias\u00bb<\/a><\/p><\/blockquote>\n<p><iframe loading=\"lazy\" class=\"wp-embedded-content\" sandbox=\"allow-scripts\" security=\"restricted\" style=\"position: absolute; visibility: hidden;\" title=\"\u00abSON LOS HECHOS, Y NO LA IDEOLOG\u00cdA, QUIENES DETERMINAN LA REALIDAD \/\/ Entrevista a Jordan Peterson \/\/ \u00abEl feminismo no igualitario, la ideolog\u00eda de g\u00e9nero y sus consecuencias\u00bb\u00bb \u2014 Punto Cr\u00edtico Derechos Humanos\" src=\"https:\/\/puntocritico.com\/ausajpuntocritico\/2020\/06\/30\/son-los-hechos-y-no-la-ideologia-quienes-determinan-la-realidad-entrevista-a-jordan-peterson-el-feminismo-no-igualitario-la-ideologia-de-genero-y-sus-consecuencias-2\/embed\/#?secret=PmxgYnNjKA#?secret=TDmYCI4YMa\" data-secret=\"TDmYCI4YMa\" width=\"500\" height=\"282\" frameborder=\"0\" marginwidth=\"0\" marginheight=\"0\" scrolling=\"no\"><\/iframe><\/p>\n<p><a href=\"https:\/\/puntocritico.com\/ausajpuntocritico\/2020\/07\/01\/es-la-ideologia-de-genero-estupido-parafraseando-a-bill-2\/\" target=\"_blank\" rel=\"noopener\" data-schema-attribute=\"\">https:\/\/puntocritico.com\/ausajpuntocritico\/2020\/07\/01\/es-la-ideologia-de-genero-estupido-parafraseando-a-bill-2\/<\/a><\/p>\n<p><a href=\"https:\/\/puntocritico.com\/ausajpuntocritico\/2019\/06\/17\/feminismo-radical-i-catharine-mackinnon-fundamentos-del-feminismo-radical-por-tasia-aranguez\/\" target=\"_blank\" rel=\"noopener\" data-schema-attribute=\"\">https:\/\/puntocritico.com\/ausajpuntocritico\/2019\/06\/17\/feminismo-radical-i-catharine-mackinnon-fundamentos-del-feminismo-radical-por-tasia-aranguez\/<\/a><\/p>\n<blockquote class=\"wp-embedded-content\" data-secret=\"UemxLCcuZx\"><p><a href=\"https:\/\/puntocritico.com\/ausajpuntocritico\/2019\/06\/18\/feminismo-radical-ii-lo-personal-es-politico-la-educacion-para-la-ciudadania-por-jesus-trillo-figueroa-2007\/\">FEMINISMO RADICAL II: \u00abLo personal es pol\u00edtico: la educaci\u00f3n para la ciudadan\u00eda\u00bb, por Jes\u00fas Trillo-Figueroa (FAES, 2007)<\/a><\/p><\/blockquote>\n<p><iframe loading=\"lazy\" class=\"wp-embedded-content\" sandbox=\"allow-scripts\" security=\"restricted\" style=\"position: absolute; visibility: hidden;\" title=\"\u00abFEMINISMO RADICAL II: \u00abLo personal es pol\u00edtico: la educaci\u00f3n para la ciudadan\u00eda\u00bb, por Jes\u00fas Trillo-Figueroa (FAES, 2007)\u00bb \u2014 Punto Cr\u00edtico Derechos Humanos\" src=\"https:\/\/puntocritico.com\/ausajpuntocritico\/2019\/06\/18\/feminismo-radical-ii-lo-personal-es-politico-la-educacion-para-la-ciudadania-por-jesus-trillo-figueroa-2007\/embed\/#?secret=3cx9cLM1sF#?secret=UemxLCcuZx\" data-secret=\"UemxLCcuZx\" width=\"500\" height=\"282\" frameborder=\"0\" marginwidth=\"0\" marginheight=\"0\" scrolling=\"no\"><\/iframe><\/p>\n<blockquote class=\"wp-embedded-content\" data-secret=\"l0fBjjRuGe\"><p><a href=\"https:\/\/puntocritico.com\/ausajpuntocritico\/2019\/06\/19\/feminismo-radical-iii-feminismo-misterico\/\">FEMINISMO RADICAL III: Feminismo Mist\u00e9rico<\/a><\/p><\/blockquote>\n<p><iframe loading=\"lazy\" class=\"wp-embedded-content\" sandbox=\"allow-scripts\" security=\"restricted\" style=\"position: absolute; visibility: hidden;\" title=\"\u00abFEMINISMO RADICAL III: Feminismo Mist\u00e9rico\u00bb \u2014 Punto Cr\u00edtico Derechos Humanos\" src=\"https:\/\/puntocritico.com\/ausajpuntocritico\/2019\/06\/19\/feminismo-radical-iii-feminismo-misterico\/embed\/#?secret=KA4j6G9RVc#?secret=l0fBjjRuGe\" data-secret=\"l0fBjjRuGe\" width=\"500\" height=\"282\" frameborder=\"0\" marginwidth=\"0\" marginheight=\"0\" scrolling=\"no\"><\/iframe><\/p>\n<blockquote class=\"wp-embedded-content\" data-secret=\"1wdTb3CHSr\"><p><a href=\"https:\/\/puntocritico.com\/ausajpuntocritico\/2018\/05\/15\/feminismo-neoliberal-ya-y-pajaritos-prenados-huelva-esclavitud-sexual-en-los-campos-de-fresas\/\">\u00bfFEMINISMO NEOLIBERAL? Ya; y pajaritos pre\u00f1ados \/\/ Huelva: esclavitud laboral y sexual en los campos de Fresas<\/a><\/p><\/blockquote>\n<p><iframe loading=\"lazy\" class=\"wp-embedded-content\" sandbox=\"allow-scripts\" security=\"restricted\" style=\"position: absolute; visibility: hidden;\" title=\"\u00ab\u00bfFEMINISMO NEOLIBERAL? Ya; y pajaritos pre\u00f1ados \/\/ Huelva: esclavitud laboral y sexual en los campos de Fresas\u00bb \u2014 Punto Cr\u00edtico Derechos Humanos\" src=\"https:\/\/puntocritico.com\/ausajpuntocritico\/2018\/05\/15\/feminismo-neoliberal-ya-y-pajaritos-prenados-huelva-esclavitud-sexual-en-los-campos-de-fresas\/embed\/#?secret=Kw2zotuRwD#?secret=1wdTb3CHSr\" data-secret=\"1wdTb3CHSr\" width=\"500\" height=\"282\" frameborder=\"0\" marginwidth=\"0\" marginheight=\"0\" scrolling=\"no\"><\/iframe><\/p>\n<blockquote class=\"wp-embedded-content\" data-secret=\"SSuv1M8TbQ\"><p><a href=\"https:\/\/puntocritico.com\/ausajpuntocritico\/2019\/04\/02\/las-denuncias-de-las-victimas-de-trata-y-esclavitud-sexual-y-laboral-que-la-justicia-se-niega-a-investigar-republicado\/\">LAS DENUNCIAS DE LAS VICTIMAS DE TRATA Y ESCLAVITUD SEXUAL Y LABORAL QUE LA JUSTICIA SE NIEGA A INVESTIGAR &#8211; republicado<\/a><\/p><\/blockquote>\n<p><iframe loading=\"lazy\" class=\"wp-embedded-content\" sandbox=\"allow-scripts\" security=\"restricted\" style=\"position: absolute; visibility: hidden;\" title=\"\u00abLAS DENUNCIAS DE LAS VICTIMAS DE TRATA Y ESCLAVITUD SEXUAL Y LABORAL QUE LA JUSTICIA SE NIEGA A INVESTIGAR &#8211; republicado\u00bb \u2014 Punto Cr\u00edtico Derechos Humanos\" src=\"https:\/\/puntocritico.com\/ausajpuntocritico\/2019\/04\/02\/las-denuncias-de-las-victimas-de-trata-y-esclavitud-sexual-y-laboral-que-la-justicia-se-niega-a-investigar-republicado\/embed\/#?secret=4W2YBocTlk#?secret=SSuv1M8TbQ\" data-secret=\"SSuv1M8TbQ\" width=\"500\" height=\"282\" frameborder=\"0\" marginwidth=\"0\" marginheight=\"0\" scrolling=\"no\"><\/iframe><\/p>\n<blockquote class=\"wp-embedded-content\" data-secret=\"8YeHyEGCdy\"><p><a href=\"https:\/\/puntocritico.com\/ausajpuntocritico\/2022\/02\/01\/el-lenguaje-inclusivo-es-una-imposicion\/\">\u00abBienvenidos al futuro, en el que el pasado es lo \u00fanico relevante\u00bb (Linux). \u00abTODO ESTO DEL LENGUAJE INCLUSIVO ES UNA IMPOSICI\u00d3N DESDE ARRIBA\u00bb, entrevista a la profesora Carme Junyent.<\/a><\/p><\/blockquote>\n<p><iframe loading=\"lazy\" class=\"wp-embedded-content\" sandbox=\"allow-scripts\" security=\"restricted\" style=\"position: absolute; visibility: hidden;\" title=\"\u00ab\u00abBienvenidos al futuro, en el que el pasado es lo \u00fanico relevante\u00bb (Linux). \u00abTODO ESTO DEL LENGUAJE INCLUSIVO ES UNA IMPOSICI\u00d3N DESDE ARRIBA\u00bb, entrevista a la profesora Carme Junyent.\u00bb \u2014 Punto Cr\u00edtico Derechos Humanos\" src=\"https:\/\/puntocritico.com\/ausajpuntocritico\/2022\/02\/01\/el-lenguaje-inclusivo-es-una-imposicion\/embed\/#?secret=WOjb8bpGZN#?secret=8YeHyEGCdy\" data-secret=\"8YeHyEGCdy\" width=\"500\" height=\"282\" frameborder=\"0\" marginwidth=\"0\" marginheight=\"0\" scrolling=\"no\"><\/iframe><\/p>\n<blockquote class=\"wp-embedded-content\" data-secret=\"9mQmLkfqCQ\"><p><a href=\"https:\/\/puntocritico.com\/ausajpuntocritico\/2022\/02\/16\/la-estafa-trans\/\">IDEOLOG\u00cdA DE G\u00c9NERO, \u00abCamino de Servidumbre\u00bb, Siglo XXI. LA ESTAFA TRANS: \u00abLa transexualidad es homofobia, terapia de conversi\u00f3n para homosexuales\u00bb.<\/a><\/p><\/blockquote>\n<p><iframe loading=\"lazy\" class=\"wp-embedded-content\" sandbox=\"allow-scripts\" security=\"restricted\" style=\"position: absolute; visibility: hidden;\" title=\"\u00abIDEOLOG\u00cdA DE G\u00c9NERO, \u00abCamino de Servidumbre\u00bb, Siglo XXI. LA ESTAFA TRANS: \u00abLa transexualidad es homofobia, terapia de conversi\u00f3n para homosexuales\u00bb.\u00bb \u2014 Punto Cr\u00edtico Derechos Humanos\" src=\"https:\/\/puntocritico.com\/ausajpuntocritico\/2022\/02\/16\/la-estafa-trans\/embed\/#?secret=RgJzQrj9ID#?secret=9mQmLkfqCQ\" data-secret=\"9mQmLkfqCQ\" width=\"500\" height=\"282\" frameborder=\"0\" marginwidth=\"0\" marginheight=\"0\" scrolling=\"no\"><\/iframe><\/p>\n<p><a href=\"https:\/\/puntocritico.com\/ausajpuntocritico\/2020\/02\/20\/camille-paglia-el-resentimiento-contra-los-hombres-que-ensena-el-feminismo-moderno-es-puro-veneno\/\" target=\"_blank\" rel=\"noopener\" data-schema-attribute=\"\">https:\/\/puntocritico.com\/ausajpuntocritico\/2020\/02\/20\/camille-paglia-el-resentimiento-contra-los-hombres-que-ensena-el-feminismo-moderno-es-puro-veneno\/<\/a><\/p>\n<p><a href=\"https:\/\/puntocritico.com\/ausajpuntocritico\/2019\/04\/01\/poder-judicial-y-perspectiva-de-genero\/\" target=\"_blank\" rel=\"noopener\" data-schema-attribute=\"\">https:\/\/puntocritico.com\/ausajpuntocritico\/2019\/04\/01\/poder-judicial-y-perspectiva-de-genero\/<\/a><\/p>\n<p><a href=\"https:\/\/puntocritico.com\/ausajpuntocritico\/2019\/03\/26\/violencia-de-genero-y-presuncion-de-inocencia\/\" target=\"_blank\" rel=\"noopener\" data-schema-attribute=\"\">https:\/\/puntocritico.com\/ausajpuntocritico\/2019\/03\/26\/violencia-de-genero-y-presuncion-de-inocencia\/<\/a><\/p>\n<p><a href=\"https:\/\/puntocritico.com\/ausajpuntocritico\/2017\/09\/19\/la-violencia-de-genero-vista-por-dos-juristas-honestos\/\" target=\"_blank\" rel=\"noopener\" data-schema-attribute=\"\">https:\/\/puntocritico.com\/ausajpuntocritico\/2017\/09\/19\/la-violencia-de-genero-vista-por-dos-juristas-honestos\/<\/a><\/p>\n<p><a href=\"https:\/\/puntocritico.com\/ausajpuntocritico\/2022\/02\/09\/derecho-de-resistencia-en-la-teoria-politica\/\" target=\"_blank\" rel=\"noopener\" data-schema-attribute=\"\">https:\/\/puntocritico.com\/ausajpuntocritico\/2022\/02\/09\/derecho-de-resistencia-en-la-teoria-politica\/<\/a><\/p>\n<p><a href=\"https:\/\/puntocritico.com\/ausajpuntocritico\/2018\/11\/19\/viaje-al-corazon-de-las-tinieblas-de-la-violencia-domestica-republicado\/\" target=\"_blank\" rel=\"noopener\" data-schema-attribute=\"\">https:\/\/puntocritico.com\/ausajpuntocritico\/2018\/11\/19\/viaje-al-corazon-de-las-tinieblas-de-la-violencia-domestica-republicado\/<\/a><\/p>\n<p>&nbsp;<\/p>\n<p style=\"text-align: center;\"><a href=\"https:\/\/puntocritico.com\/ausajpuntocritico\/author\/punto-critico\/\" target=\"_blank\" rel=\"noopener\"><img loading=\"lazy\" decoding=\"async\" class=\"aligncenter wp-image-9528\" src=\"https:\/\/puntocritico.com\/ausajpuntocritico\/wp-content\/uploads\/2018\/03\/Mosca_Punto_Cr\u00edtico_40.png\" alt=\"\" width=\"80\" height=\"80\" data-id=\"9528\" \/><\/a><\/p>\n<p>&nbsp;<\/p>\n<p>&nbsp;<\/p>\n","protected":false},"excerpt":{"rendered":"<div class=\"mh-excerpt\"><p>&nbsp; LAS CAMPANAS DOBLAN POR TI &nbsp; &nbsp; \u00bfQui\u00e9n no echa una mirada al sol cuando atardece? \u00bfQui\u00e9n quita sus ojos del cometa cuando estalla? \u00bfQui\u00e9n no presta o\u00eddos a una campana cuando por alg\u00fan <a class=\"mh-excerpt-more\" href=\"https:\/\/puntocritico.com\/ausajpuntocritico\/2022\/03\/08\/despedida-las-campanas-doblan-por-ti\/\" title=\"\u00abLAS CAMPANAS DOBLAN POR TI\u00bb. Licencia para matar &#8230; hombres dormidos: La Alevos\u00eda como Circunstancia Eximente de la Responsabilidad Criminal de las mujeres.\">[&#8230;]<\/a><\/p>\n<\/div>","protected":false},"author":3,"featured_media":2242355,"comment_status":"open","ping_status":"closed","sticky":false,"template":"","format":"standard","meta":{"_acf_changed":false,"_exactmetrics_skip_tracking":false,"_exactmetrics_sitenote_active":false,"_exactmetrics_sitenote_note":"","_exactmetrics_sitenote_category":0,"footnotes":""},"categories":[7],"tags":[],"class_list":{"0":"post-2242332","1":"post","2":"type-post","3":"status-publish","4":"format-standard","5":"has-post-thumbnail","7":"category-politica"},"acf":[],"_links":{"self":[{"href":"https:\/\/puntocritico.com\/ausajpuntocritico\/wp-json\/wp\/v2\/posts\/2242332","targetHints":{"allow":["GET"]}}],"collection":[{"href":"https:\/\/puntocritico.com\/ausajpuntocritico\/wp-json\/wp\/v2\/posts"}],"about":[{"href":"https:\/\/puntocritico.com\/ausajpuntocritico\/wp-json\/wp\/v2\/types\/post"}],"author":[{"embeddable":true,"href":"https:\/\/puntocritico.com\/ausajpuntocritico\/wp-json\/wp\/v2\/users\/3"}],"replies":[{"embeddable":true,"href":"https:\/\/puntocritico.com\/ausajpuntocritico\/wp-json\/wp\/v2\/comments?post=2242332"}],"version-history":[{"count":0,"href":"https:\/\/puntocritico.com\/ausajpuntocritico\/wp-json\/wp\/v2\/posts\/2242332\/revisions"}],"wp:featuredmedia":[{"embeddable":true,"href":"https:\/\/puntocritico.com\/ausajpuntocritico\/wp-json\/wp\/v2\/media\/2242355"}],"wp:attachment":[{"href":"https:\/\/puntocritico.com\/ausajpuntocritico\/wp-json\/wp\/v2\/media?parent=2242332"}],"wp:term":[{"taxonomy":"category","embeddable":true,"href":"https:\/\/puntocritico.com\/ausajpuntocritico\/wp-json\/wp\/v2\/categories?post=2242332"},{"taxonomy":"post_tag","embeddable":true,"href":"https:\/\/puntocritico.com\/ausajpuntocritico\/wp-json\/wp\/v2\/tags?post=2242332"}],"curies":[{"name":"wp","href":"https:\/\/api.w.org\/{rel}","templated":true}]}}