{"id":2241095,"date":"2022-02-21T00:05:25","date_gmt":"2022-02-20T23:05:25","guid":{"rendered":"https:\/\/puntocritico.com\/ausajpuntocritico\/?p=2241095"},"modified":"2024-08-20T20:22:45","modified_gmt":"2024-08-20T18:22:45","slug":"diaz-ayuso-y-la-descomposicion-de-lo-publico","status":"publish","type":"post","link":"https:\/\/puntocritico.com\/ausajpuntocritico\/2022\/02\/21\/diaz-ayuso-y-la-descomposicion-de-lo-publico\/","title":{"rendered":"ISABELGATE: El \u00abASUNTO\u00bb D\u00cdAZ AYUSO Y LA DIRECTIVA DE ALERTADORES. \u00abLa (\u00bfirreversible?) descomposici\u00f3n de lo p\u00fablico\u00bb, por Rafael Jim\u00e9nez Asensio."},"content":{"rendered":"<p><span style=\"font-size: 14pt; color: #008000;\">ISABELGATE: EL \u00abASUNTO\u00bb DIAZ AYUSO<\/span><\/p>\n\n<p>&nbsp;<\/p>\n<blockquote>\n<h2 style=\"text-align: center;\"><span style=\"font-size: 24pt;\"><strong>SUMINISTROS PARA LA PANDEMIA: LA PRESUNTA CORRUPCI\u00d3N DE ISABEL D\u00cdAZ AYUSO Y LA DIRECTIVA DE ALERTADORES<\/strong><\/span><\/h2>\n<p style=\"text-align: center;\"><strong><span style=\"font-size: 14pt;\"><span style=\"text-align: justify;\">La <\/span><a style=\"text-align: justify;\" href=\"https:\/\/www.boe.es\/doue\/2019\/305\/L00017-00056.pdf\" target=\"_blank\" rel=\"noopener\">DIRECTIVA (UE) 2019\/1937 DEL PARLAMENTO EUROPEO Y DEL CONSEJO de 23 de octubre de 2019 relativa a la protecci\u00f3n de las personas que informen sobre infracciones del Derecho de la Uni\u00f3n<\/a><span style=\"text-align: justify;\">, cuyo plazo de trasposici\u00f3n al derecho interno espa\u00f1ol finaliz\u00f3 el d\u00eda 17 de diciembre de 2021, sin que hubiere sido traspuesta, resultando por ello directamente aplicable en Espa\u00f1a, <\/span><\/span><\/strong><strong><span style=\"font-size: 14pt;\">exige la CONFIDENCIALIDAD DE LAS DENUNCIAS DE CORRUPCI\u00d3N, a fin de evitar que los Alertadores sean represaliados por los Corruptos, a quienes han denunciado. Y esa es quiz\u00e1s la cuesti\u00f3n principal de la Directiva, poner a cubierto de las represalias a los denunciantes de corrupci\u00f3n.<\/span><\/strong><\/p>\n<p style=\"text-align: center;\"><strong><span style=\"font-size: 14pt;\">\u00a0Y es este punto esencial el que se est\u00e1 destrozando con el \u00abCaso Ayuso\u00bb, llegando incluso a exigir que se identifique al denunciante inicial.<\/span><\/strong><\/p>\n<p style=\"text-align: justify;\"><span style=\"font-size: 14pt;\">Por Jes\u00fas D\u00edaz Formoso, 20 FEB 2022<\/span><\/p>\n<p style=\"text-align: justify;\"><span style=\"font-size: 14pt;\">Abogado<\/span><\/p>\n<figure id=\"attachment_2241256\" aria-describedby=\"caption-attachment-2241256\" style=\"width: 620px\" class=\"wp-caption aligncenter\"><img loading=\"lazy\" decoding=\"async\" class=\"wp-image-2241256 size-full\" src=\"https:\/\/puntocritico.com\/ausajpuntocritico\/wp-content\/uploads\/2022\/02\/tomasdiazayuso-k0AB-620x349@abc.jpg\" alt=\"D\u00cdAZ AYUSO\" width=\"620\" height=\"349\" data-id=\"2241256\" srcset=\"https:\/\/puntocritico.com\/ausajpuntocritico\/wp-content\/uploads\/2022\/02\/tomasdiazayuso-k0AB-620x349@abc.jpg 620w, https:\/\/puntocritico.com\/ausajpuntocritico\/wp-content\/uploads\/2022\/02\/tomasdiazayuso-k0AB-620x349@abc-300x169.jpg 300w, https:\/\/puntocritico.com\/ausajpuntocritico\/wp-content\/uploads\/2022\/02\/tomasdiazayuso-k0AB-620x349@abc-610x343.jpg 610w\" sizes=\"auto, (max-width: 620px) 100vw, 620px\" \/><figcaption id=\"caption-attachment-2241256\" class=\"wp-caption-text\"><span style=\"color: #008000;\">Isabel D\u00edaz Ayuso con su hermano Tom\u00e1s<\/span><\/figcaption><\/figure>\n<p>&nbsp;<\/p>\n<p style=\"text-align: justify;\"><span style=\"font-size: 14pt;\">La cara de la empat\u00eda, que tanto han agradecido tantos, Isabel D\u00edaz Ayuso, t\u00e9cnica en Marketing y Presidenta de la Comunidad Aut\u00f3noma de Madrid (CAM), acusada de Tr\u00e1fico de Influencias, Malversaci\u00f3n de Caudales P\u00fablicos y otros delitos conexos en la contrataci\u00f3n de suministros de mascarillas para la CAM, adjudicado por el procedimiento de emergencia el 1 de abril de 2020.<\/span><\/p>\n<p style=\"text-align: justify;\"><span style=\"font-size: 14pt;\">Conforme a la escasa informaci\u00f3n disponible, y pese a los r\u00edos de tinta que est\u00e1n manchando la verdad desde la prensa corrupta del R\u00e9gimen del 78&#8242;, sabemos que el hermano de la Presidenta de la CAM habr\u00eda contratado con la propia CAM, mediante persona interpuesta, la <\/span><span style=\"font-size: 18.6667px;\">empresa <\/span><strong style=\"font-size: 18.6667px;\">Priviet Sportive<\/strong><span style=\"font-size: 18.6667px;\"><strong>, S. L.<\/strong>, que estar\u00eda controlada por <\/span><span style=\"font-size: 14pt;\">un amigo de la infancia de los hermanos D\u00edaz Ayuso.<\/span><\/p>\n<p style=\"text-align: justify;\"><span style=\"font-size: 14pt;\">Dicha mercantil, <strong style=\"font-size: 18.6667px;\">Priviet Sportive<\/strong><span style=\"font-size: 18.6667px;\">,<\/span> obtuvo la adjudicaci\u00f3n del contrato p\u00fablico, tramitado por el procedimiento de urgencia, del Servicio de Salud de la CAM (<em>Servicio Madrile\u00f1o de Salud, que es el ente de derecho p\u00fablico encargado del sistema de prestaciones sanitarias en la Comunidad de Madrid<\/em>), para el suministro de mascarillas, <strong>en un momento en que su adquisici\u00f3n resultaba especialmente urgente, y a unos precios muy inferiores a los que, entonces, marcaba un mercado lastrado por la escasez<\/strong> de este tipo de suministros.\u00a0<\/span><\/p>\n<p style=\"text-align: justify;\"><span style=\"font-size: 14pt;\">Mientras que, seg\u00fan el PP, la denuncia del Alertador (<em>seg\u00fan nos cuentan, porque nosotros, el pueblo, los que pagamos todas las rondas corruptas, no sabemos m\u00e1s que lo que quieren decirnos<\/em>) se refiere a unas comisiones por importe de 286.000 Euros, la Presidenta ha reducido la cantidad a 55.000 euros, que habr\u00eda facturado a <strong style=\"font-size: 18.6667px;\">Priviet Sportive &#8211;<\/strong>y no a la CAM- el propio hermano de Isabel D\u00edaz Ayuso, en concepto de \u00abGesti\u00f3n\u00bb (<em>\u00bfqu\u00e9 gesti\u00f3n?<\/em>), negando su condici\u00f3n de comisionista, sin argumentos atendibles, solo cambiando una palabra por otra.<\/span><\/p>\n<p style=\"text-align: justify;\"><span style=\"font-size: 14pt;\">Pero lo que nos interesa son los Hechos, no las palabras. Las palabras de Ayuso fueron \u00ab<em>La factura a Priviet Sportive no es una comisi\u00f3n por obtener el contrato de la Administraci\u00f3n, sino el cobro de las gestiones realizadas para conseguir el material en China y su traslado a Madrid, que es distinto. Es una contraprestaci\u00f3n por su trabajo, no una comisi\u00f3n por intermediaci\u00f3n<\/em>\u00bb.\u00a0<\/span><\/p>\n<p style=\"text-align: justify;\"><span style=\"font-size: 14pt;\">Como acertadamente se\u00f1ala al respecto el periodista, <a href=\"https:\/\/www.abc.es\/espana\/abci-tres-facturas-ayuso-deja-fuera-principal-laguna-explicaciones-202202190224_noticia.html#ancla_comentarios\" target=\"_blank\" rel=\"noopener\" data-schema-attribute=\"\">Javier Chicote, en ABC<\/a>, \u00ab<em>Lo cierto es que los comisionistas -legales, por supuesto- obtienen un porcentaje a cambio de su trabajo, de las gestiones que realizan, por lo que no se entiende demasiado bien esa distinci\u00f3n que hace Ayuso<\/em>\u00ab.<\/span><\/p>\n<p style=\"text-align: justify;\"><span style=\"font-size: 14pt;\">En efecto, como declara Pablo Casado en la COPE \u00ab<em>mientras mor\u00edan en Espa\u00f1a 700 personas al d\u00eda se firmaba una venta de mascarillas contratando con tu hermana para recibir 300.000 euros de beneficios<\/em>\u00ab. Escuchando las exculpaciones de Ayuso, parecer\u00eda que, sustituyendo la palabra \u00ab<em>comisi\u00f3n<\/em>\u00bb por la palabra \u00ab<em>gesti\u00f3n<\/em>\u00ab, y rebajando a 55.000 los euros fundidos, \u00bfya es admisible el presunto fraude y resulta inadmisible investigarlo? <\/span><\/p>\n<p style=\"text-align: justify;\"><span style=\"font-size: 14pt;\">En absoluto. Ha de investigarse, y todos debemos estar al resultado de la Investigaci\u00f3n (que, en mi opini\u00f3n, dif\u00edcilmente podr\u00e1 tener resultado incriminatorio para los hermanos D\u00edaz Ayuso, si bien ello en nada obsta a que la investigaci\u00f3n haya de ser sustanciada).<\/span><\/p>\n<p style=\"text-align: justify;\"><span style=\"font-size: 14pt;\">Por otra parte, y dejando al margen todo lo relativo a los <strong>Procedimientos de \u00ab<a href=\"https:\/\/puntocritico.com\/ausajpuntocritico\/2017\/07\/03\/3577\/\">Compliance<\/a>\u00ab<\/strong> (<em>conjunto de procedimientos y buenas pr\u00e1cticas adoptados por las organizaciones para identificar y clasificar los riesgos operativos y legales a los que se enfrentan y establecer mecanismos internos de prevenci\u00f3n, gesti\u00f3n, control y reacci\u00f3n frente a los mismos<\/em>) que, en muchos casos, ha dejado de ser una opci\u00f3n voluntaria para las organizaciones -p\u00fablicas y privadas- y ha pasado a ser un <strong>requisito a integrar<\/strong>\u00a0dentro de su estrategia y estructuras internas a fin de\u00a0<strong>dar cumplimiento a los preceptos legales o protegerse ante situaciones de riesgo<\/strong> que pondr\u00edan en serios problemas la estabilidad y continuidad de la actividad de la organizaci\u00f3n, <strong>nos centraremos \u00fanicamente en la Protecci\u00f3n legalmente establecida a favor de los \u00abDenunciantes de Corrupci\u00f3n\u00bb (<em>Alertadores o Whistleblowers<\/em>)<\/strong>.<\/span><\/p>\n<p style=\"text-align: justify;\"><span style=\"font-size: 14pt;\">As\u00ed, l<span style=\"text-align: justify;\">a <\/span><a style=\"text-align: justify;\" href=\"https:\/\/www.boe.es\/doue\/2019\/305\/L00017-00056.pdf\" target=\"_blank\" rel=\"noopener\" data-schema-attribute=\"\">DIRECTIVA (UE) 2019\/1937 DEL PARLAMENTO EUROPEO Y DEL CONSEJO de 23 de octubre de 2019 relativa a la protecci\u00f3n de las personas que informen sobre infracciones del Derecho de la Uni\u00f3n<\/a><span style=\"text-align: justify;\">, cuyo plazo para ser traspuesta al derecho interno espa\u00f1ol finaliz\u00f3 el d\u00eda 17 de diciembre de 2021, sin que hubiere sido traspuesta, resulta por ello directamente aplicable en Espa\u00f1a.\u00a0<\/span><\/span><\/p>\n<p style=\"text-align: justify;\"><span style=\"font-size: 14pt;\">Y esta importante Directiva exige la CONFIDENCIALIDAD del Denunciante, a fin de evitar que sea<img loading=\"lazy\" decoding=\"async\" class=\"alignright wp-image-2241298 size-medium\" src=\"https:\/\/puntocritico.com\/ausajpuntocritico\/wp-content\/uploads\/2022\/02\/Casado-el-ilota-PPAL-300x199.jpg\" alt=\"\" width=\"300\" height=\"199\" data-id=\"2241298\" srcset=\"https:\/\/puntocritico.com\/ausajpuntocritico\/wp-content\/uploads\/2022\/02\/Casado-el-ilota-PPAL-300x199.jpg 300w, https:\/\/puntocritico.com\/ausajpuntocritico\/wp-content\/uploads\/2022\/02\/Casado-el-ilota-PPAL-610x405.jpg 610w, https:\/\/puntocritico.com\/ausajpuntocritico\/wp-content\/uploads\/2022\/02\/Casado-el-ilota-PPAL-678x452.jpg 678w, https:\/\/puntocritico.com\/ausajpuntocritico\/wp-content\/uploads\/2022\/02\/Casado-el-ilota-PPAL.jpg 680w\" sizes=\"auto, (max-width: 300px) 100vw, 300px\" \/> represaliado por los presuntos Corruptos, a quienes ha denunciado. Y esa es quiz\u00e1s la cuesti\u00f3n principal de la Directiva, poner a cubierto de las represalias a los denunciantes de corrupci\u00f3n.<\/span><\/p>\n<p style=\"text-align: justify;\"><span style=\"font-size: 14pt;\">Y es este punto esencial el que est\u00e1 siendo destrozado con el \u00abCaso Ayuso\u00bb, y en especial, por la \u00abexigencia\u00bb, reiterada por la mayor\u00eda de los medios pro-Ayuso, de dar a conocer quien ha sido el denunciante inicial, que remiti\u00f3 a la sede del Partido Popular documentaci\u00f3n de la cual sabemos (<em>por haberlo afirmado el Presidente del PP, Sr. Casado, en el <a href=\"https:\/\/www.youtube.com\/watch?v=2iB81ygJ1BI\" target=\"_blank\" rel=\"noopener\" data-schema-attribute=\"\">programa de radio -de m\u00e1xima audiencia- conducido por Carlos Herrera<\/a><\/em>) que <strong>conten\u00eda \u00abdatos fiscales y bancarios y se pod\u00eda inferir que podr\u00eda venir de una instituci\u00f3n p\u00fablica<\/strong>\u00ab.<\/span><\/p>\n<p style=\"text-align: justify;\"><span style=\"font-size: 14pt;\">El periodista, cumpliendo con su obligaci\u00f3n, pregunt\u00f3 quien hab\u00eda remitido la denuncia an\u00f3nima, y el Sr. Casado, cumpliendo con su propia obligaci\u00f3n, se neg\u00f3 a identificar al Denunciante.\u00a0<\/span><\/p>\n<p style=\"text-align: justify;\"><span style=\"font-size: 14pt;\">Lo que no parece que haya sido observado por el PP, es el Plazo de 3 meses que instaura la Directiva para realizar la Investigaci\u00f3n interna.<\/span><\/p>\n<p style=\"text-align: justify;\"><span style=\"font-size: 14pt;\">Por otra parte, conforme a la citada Directiva, y en relaci\u00f3n con la obtenci\u00f3n de la informaci\u00f3n remitida con su Denuncia por el an\u00f3nimo Alertador (<em>sin perjuicio de la protecci\u00f3n prevista en el art\u00edculo 21, apartado 7, de la tan citada Directiva<\/em>), <strong>cuando los denunciantes hayan cometido un delito<\/strong>, como la intrusi\u00f3n o la pirater\u00eda inform\u00e1tica, <strong>para obtener o acceder a la informaci\u00f3n o los documentos en cuesti\u00f3n<\/strong>, deben seguir siendo considerados <strong>penalmente responsables<\/strong> de conformidad con la legislaci\u00f3n nacional aplicable.<\/span><\/p>\n<\/blockquote>\n<blockquote>\n<p style=\"text-align: justify;\"><span style=\"font-size: 14pt;\">El problema se agrava, en especial pol\u00edticamente, cuando los <a href=\"https:\/\/www.abc.es\/espana\/abci-anticorrupcion-tiene-sobre-mesa-tres-denuncias-trafico-influencias-contra-ayuso-202202181253_noticia.html\" target=\"_blank\" rel=\"noopener\" data-schema-attribute=\"\">Partidos Globalistas madrile\u00f1os (PSM, MM y UP) denuncian estos hechos en la Fiscal\u00eda Anticorrupci\u00f3n<\/a>.\u00a0<\/span><\/p>\n<figure id=\"attachment_2241309\" aria-describedby=\"caption-attachment-2241309\" style=\"width: 330px\" class=\"wp-caption alignleft\"><img loading=\"lazy\" decoding=\"async\" class=\"wp-image-2241309\" src=\"https:\/\/puntocritico.com\/ausajpuntocritico\/wp-content\/uploads\/2022\/02\/mickey-mouse-aprendiz-de-brujo.jpg\" alt=\"\" width=\"330\" height=\"231\" data-id=\"2241309\" srcset=\"https:\/\/puntocritico.com\/ausajpuntocritico\/wp-content\/uploads\/2022\/02\/mickey-mouse-aprendiz-de-brujo.jpg 400w, https:\/\/puntocritico.com\/ausajpuntocritico\/wp-content\/uploads\/2022\/02\/mickey-mouse-aprendiz-de-brujo-300x210.jpg 300w\" sizes=\"auto, (max-width: 330px) 100vw, 330px\" \/><figcaption id=\"caption-attachment-2241309\" class=\"wp-caption-text\"><span style=\"color: #008000;\">Mickey Mouse, el aprendiz de brujo (Fantas\u00eda)<\/span><\/figcaption><\/figure>\n<p style=\"text-align: justify;\"><span style=\"font-size: 14pt;\">Desde este momento, la <strong>Fiscal\u00eda<\/strong> -manejada con absoluta parcialidad y, acaso, delictivamente, por los partidos pol\u00edticos que ostentan el Poder Ejecutivo Nacional, el \u00ab<strong>Complejo PsPSOE<\/strong>\u00ab-, se ha negado a investigar, a la <\/span><span style=\"font-size: 14pt;\">vez que ha forzado que el mismo Tribunal Supremo se haya negado a investigar los indicios de grav\u00edsimos cr\u00edmenes, que habr\u00edan sido <\/span><span style=\"font-size: 14pt;\">perpetrados desde el poder con ocasi\u00f3n de la Pandemia de COVID 19, que podr\u00edan ir desde inmensos fraudes en las contrataciones p\u00fablicas, hasta el Genocidio de nuestros mayores, cuyas muertes tuvieron como causa inmediata, no la pandemia, sino la <a href=\"https:\/\/puntocritico.com\/ausajpuntocritico\/2017\/10\/18\/vhc-el-virus-de-la-hepatitis-c-parte-vii-aspectos-penales\/\"><strong>Omisi\u00f3n del Deber de Socorro<\/strong><\/a>, por parte de las Autoridades y Funcionarios que ostentaban la <a href=\"https:\/\/puntocritico.com\/ausajpuntocritico\/2017\/10\/18\/vhc-el-virus-de-la-hepatitis-c-parte-vii-aspectos-penales\/\"><strong>Posici\u00f3n de Garante<\/strong><\/a> respecto a los mayores a quienes dejaron morir solos, encerrados en residencias y asilos, llev\u00e1ndolos a la muerte, conforme a numerosos indicios, por presunta Omisi\u00f3n delictiva. La muerte de nuestros mayores, de nuestras madres y padres, abandonados a su suerte, encerrados, aislados y sin medicaci\u00f3n, solo sedados con morfina.<\/span><\/p>\n<p style=\"text-align: justify;\"><span style=\"font-size: 14pt;\">Es decir, el \u00abComplejo PsPSOE\u00bb, de lograr la ca\u00edda de Pablo Casado, tendr\u00e1 en sus manos al PP de Ayuso, a quien podr\u00e1, en el momento preciso, atacar utilizando la Fiscal\u00eda unida a la correspondiente campa\u00f1a de acoso y derribo en sus medios corruptos (casi todos), bien pagados con nuestro sudor, ese que nos es confiscado en forma de Tributos, inconstitucionalmente, pues su destino no es el Inter\u00e9s General ni el pago de leg\u00edtimas cargas p\u00fablicas, sino el Inter\u00e9s Particular de los Corruptos y el pago de mordidas y otras corrupciones; algo habitual en esta Espa\u00f1a en que la CORRUPCI\u00d3N INFORMATIVA con sus juicios medi\u00e1ticos regidos por las leyes de la guerra por las audiencias -feroces linchamientos, en realidad-, ha sustituido al Poder Judicial en el enjuiciamiento pol\u00edtico.<\/span><\/p>\n<p>&nbsp;<\/p>\n<p style=\"text-align: center;\"><strong><span style=\"font-size: 14pt; color: #008000;\">\u00aben Espa\u00f1a hay 47 millones de jueces, que no admiten no tener raz\u00f3n. Que odian a quien opina diferente. Un pa\u00eds desquiciado, es lo que hemos obtenido de los Nuevos Partidos, todos ellos, como los de la Vieja Pol\u00edtica, Partidos Partidarios de su Inter\u00e9s Mercenario\u00bb<\/span><\/strong><\/p>\n<p>&nbsp;<\/p>\n<p style=\"text-align: justify;\"><span style=\"font-size: 14pt;\">Es el <strong>Populismo<\/strong> aplicado a la Justicia, en el que estamos inmersos. Es uno de los rasgos constitutivos de la Nueva Pol\u00edtica; porque en Espa\u00f1a hay 47 millones de jueces, que no admiten no tener raz\u00f3n. Que odian a quien opina diferente. Un pa\u00eds desquiciado, es lo que hemos obtenido de los Nuevos Partidos, partidos partidarios de su inter\u00e9s mercenario.<\/span><\/p>\n<p style=\"text-align: justify;\"><span style=\"font-size: 14pt;\">Repasemos: El Asunto Ayuso entronca con el caso \u00ab<strong>Avalmadrid<\/strong>\u00ab, en el que la CAM no pudo ejecutar unos prestamos con avales, por importe de 400.000 Euros concedidos a la empresa de los padres de los hermanos Ayuso en 2011, pues los inmuebles que garantizaban la devoluci\u00f3n del pr\u00e9stamo se perdieron. Dos de estos inmuebles ser\u00edan sendos pisos que sus padres habr\u00edan donado (regalado) a Isabel y a Tom\u00e1s D\u00edaz Ayuso.<\/span><\/p>\n<p style=\"text-align: justify;\"><span style=\"font-size: 14pt;\">Los negocios familiares de los D\u00edaz Ayuso con la Comunidad Aut\u00f3noma presidida por Isabel son numerosos. La informaci\u00f3n que no est\u00e1 en los medios de manipulaci\u00f3n social de derechas, si se puede encontrar en los de izquierdas: \u00ab<a href=\"https:\/\/www.publico.es\/politica\/otros-contratos-polemicos-comunidad-madrid-vinculados-hermano-ayuso.html\" target=\"_blank\" rel=\"noopener\">Los otros contratos pol\u00e9micos de la Comunidad de Madrid vinculados al hermano de Ayuso<\/a>\u00ab; \u00ab<a href=\"https:\/\/www.publico.es\/politica\/consejeria-sanidad-ayuso-adjudico-contrato-925000-euros-socio-madre-presidenta.html\" target=\"_blank\" rel=\"noopener\" data-schema-attribute=\"\">La Consejer\u00eda de Sanidad de Ayuso adjudic\u00f3 un contrato de 925.000 euros, para la dotaci\u00f3n de 25 respiradores fue adjudicado por la tramitaci\u00f3n de emergencia el pasado 10 de enero y adjudicado a un socio de la madre de la presidenta<\/a>\u00ab. Por ejemplo.<\/span><\/p>\n<p style=\"text-align: justify;\"><span style=\"font-size: 14pt;\">Vemos que los Alertadores juegan un important\u00edsimo papel en la lucha contra la corrupci\u00f3n. O deber\u00edan. Porque la realidad es que durante estos dos a\u00f1os de gasto sin control en todas las administraciones p\u00fablicas, de todos los colorines pol\u00edtico-medi\u00e1ticos, ha estado tan presente la corrupci\u00f3n, como ausentes los Alertadores. El \u00abAsunto Ayuso\u00bb consolidar\u00e1 esta situaci\u00f3n en la que las bases de los partidos pol\u00edticos consienten cualquier corrupci\u00f3n en los suyos, bien porque se niegan a verla, bien porque vi\u00e9ndola, se benefician de ella; o esperan beneficiarse, evitando as\u00ed cualquier investigaci\u00f3n.<\/span><\/p>\n<\/blockquote>\n<blockquote>\n<p style=\"text-align: justify;\"><span style=\"font-size: 14pt;\">En definitiva, la DIRETIVA DE ALERTADORES, que no ha sido traspuesta al derecho interno espa\u00f1ol dentro del plazo debido, adem\u00e1s de resultar por ello, directamente aplicable -en cuanto sus disposiciones incondicionales no precisen de desarrollo previo- comienza su andadura tarde y mal, como era m\u00e1s que previsible en un Estado, como el espa\u00f1ol, en que la Corrupci\u00f3n sustenta las principales partidas del PIB, instrumentalizando el \u00abolvido\u00bb de \u00e9sta Directiva para disuadir a los Alertadores de Corrupci\u00f3n, ante la m\u00e1s que posible eventualidad de ser desveladas sus identidades y ser perseguidos por los poderosos corruptos a quienes se atrevan a denunciar.<\/span><\/p>\n<p style=\"text-align: justify;\"><span style=\"font-size: 14pt;\">La realidad es m\u00e1s tenebrosa. A lo largo de estos a\u00f1os de restricciones variadas -por lo dem\u00e1s, inconstitucionales- de nuestros Derechos y Libertades, han existido algunas constantes. Una de ellas es la denuncia de los grav\u00edsimos hechos presuntamente delictivos perpetrados por las Autoridades publicas en la adquisici\u00f3n de Material m\u00e9dico y sanitario destinado a la lucha contra la Pandemia. Denuncias que el Poder Judicial se ha negado a investigar por, dicen, carecer de indicios suficientes para incoar actuaciones judiciales penales. <\/span><\/p>\n<p style=\"text-align: justify;\"><span style=\"font-size: 14pt;\">No hay Alertadores que denuncien y proporcionen pruebas o indicios con sus denuncias. Nadie conf\u00eda en la Justicia hasta el punto de jugarse sus medios de vida -quiz\u00e1s la vida misma- denunciando la corrupci\u00f3n de la que son testigos. No ha habido Alertadores a lo largo de \u00e9stos \u00faltimos dos a\u00f1os.<\/span><\/p>\n<p>&nbsp;<\/p>\n<p style=\"text-align: center;\"><span style=\"font-size: 14pt; color: #008000;\"><strong>\u00abMiles de millones dilapid\u00f3 el ex \u00c1balos en lo peor de la pandemia, con empresas sospechosas, amigos luciferinos, tramposos por doquier, compras truchas, respiradores sin ox\u00edgeno, y a\u00fan no se ha visto ni una factura (<a style=\"color: #008000;\" href=\"https:\/\/www.vozpopuli.com\/opinion\/no-perdonaran-jamas-casado.html\" target=\"_blank\" rel=\"noopener\">Jos\u00e9 Alejandro Vara, Vozpopuli<\/a>)\u00bb<\/strong><\/span><\/p>\n<p>&nbsp;<\/p>\n<p style=\"text-align: justify;\"><span style=\"font-size: 14pt;\">La raz\u00f3n no es ajena al hecho de que no se les otorgue protecci\u00f3n alguna, dej\u00e1ndolos desamparados ante los poderosos corruptos. Que son quienes nombran a los que nombran a los Jueces que les tendr\u00e1n que juzgar. Los ciudadanos tenemos suficientes <\/span><span style=\"font-size: 18.6667px;\">razones <\/span><span style=\"font-size: 14pt;\">para desconfiar de la Justicia, estamos llenos de motivos para no confiar de ella. <\/span><\/p>\n<p style=\"text-align: justify;\"><span style=\"font-size: 14pt;\">El peor de los males para una sociedad es el no tener confianza en la administraci\u00f3n de justicia (\u201cDesgraciada la generaci\u00f3n\u00a0cuyos jueces merecen ser juzgados\u201d, advierte el Talmud). Esa es la situaci\u00f3n a la que nos venimos enfrentando, y que no hemos podido superar, pese a los medi\u00e1ticos nuevos partidos, que solo han aportado m\u00e1s problemas y ninguna soluci\u00f3n. Parece que esa sea, precisamente, su misi\u00f3n, aletargar sociedades conden\u00e1ndolas a la injusticia.<\/span><\/p>\n<p style=\"text-align: justify;\"><span style=\"font-size: 14pt;\">Es el fin, que ha llegado antes que el principio. Quiz\u00e1s porque todos los Principios han encontrado, hoy en nuestra Espa\u00f1a, asolada por la Corrupci\u00f3n, su Final.<\/span><\/p>\n<p style=\"text-align: center;\"><span style=\"color: #008000; font-size: 14pt;\">***<\/span><\/p>\n<p style=\"text-align: justify;\"><span style=\"font-size: 14pt;\"><strong>P.S.:<\/strong> Al margen de toda otra cuesti\u00f3n, le deseo lo mejor a la Excma. Sra. D\u00edaz Ayuso, cuya empat\u00eda ha devuelto la ilusi\u00f3n a tantos compatriotas. Le deseo mucha Suerte, ya que justicia, en esta Espa\u00f1a de hoy, no es seguro que encuentre; bueno, quiz\u00e1s ella si que \u00abpueda\u00bb.<\/span><\/p>\n<p style=\"text-align: justify;\"><span style=\"font-size: 14pt;\">No quiero finalizar esta nota sin, al menos, referirme a la extraordinaria similitud existente entre la ascensi\u00f3n a los altares del Presidente el Gobierno, <strong>Pedro S\u00e1nchez<\/strong>, aupado por su confrontaci\u00f3n con la entonces candidata \u00aboficial\u00bb del PSOE a la Presidencia del Gobierno espa\u00f1ol, <strong>Susana D\u00edaz<\/strong>, y la que se anuncia ya, la elevaci\u00f3n de <strong>Isabel D\u00edaz Ayuso<\/strong> a los altares pol\u00edticos, sobre los restos del hasta ahora candidato oficial del PP a la Presidencia del Gobierno espa\u00f1ol, <strong>Pablo Casado<\/strong>.<\/span><\/p>\n<p>&nbsp;<\/p>\n<p style=\"text-align: center;\"><strong><span style=\"font-size: 14pt; color: #008000;\">De aqu\u00e9l \u00ab<em>Las rosas son rojas, la sangre es roja, y yo con Pedro<\/em>\u00ab, al actual \u00ab<em>El cielo es azul, el mar es azul, y yo con Isabel<\/em>\u00ab, han pasado muy pocos a\u00f1os, los suficientes para olvidar el pasado reciente y no ver el futuro inmediato. <\/span><\/strong><\/p>\n<p style=\"text-align: center;\"><strong><span style=\"font-size: 14pt; color: #008000;\">Porque si \u00ab<em>Susana es a Pedro como Casado es a Isabel<\/em>\u00ab, tambi\u00e9n es posible expresar la misma relaci\u00f3n con la frase \u00ab<em>Vox es al PP, como Podemos es al PSOE<\/em>\u00ab.<\/span><\/strong><\/p>\n<p>&nbsp;<\/p>\n<p style=\"text-align: justify;\"><span style=\"font-size: 14pt;\">De aqu\u00e9l \u00ab<strong><em>Las rosas son rojas, la sangre es roja, y yo con Pedro<\/em><\/strong>\u00ab, al actual \u00ab<em><strong>El cielo es azul, el mar es azul, y yo con Isabel<\/strong><\/em>\u00ab, han pasado muy pocos a\u00f1os, los suficientes para olvidar el pasado reciente y no ver el futuro inmediato. Porque si \u00ab<strong><em>Susana es a Pedro como Casado es a Isabel<\/em><\/strong>\u00ab, tambi\u00e9n es posible expresar la misma relaci\u00f3n con la frase \u00ab<strong><em>Vox es al PP, como Podemos es al PSOE<\/em><\/strong>\u00ab.<\/span><\/p>\n<p style=\"text-align: justify;\"><span style=\"font-size: 14pt;\">No parece, pues, adivinaci\u00f3n, sino <strong>planificaci\u00f3n<\/strong> (<em>desvelada por la incontinencia verbal del l\u00edder Podemita de la banda globalista que ha llevado el cinismo en la pol\u00edtica hasta cotas nunca antes alcanzadas, Pablo Iglesias<\/em>), la advertencia que en la Sesi\u00f3n de Control al Gobierno del <strong>3 de junio de 2020<\/strong> en el Congreso de los Diputados realiz\u00f3 el Globalista de Podemos, Pablo Iglesias, al Globalista del PP, Pablo Casado: \u00ab<a href=\"https:\/\/www.youtube.com\/watch?v=Kzk-aIAA0N8\" target=\"_blank\" rel=\"noopener\" data-schema-attribute=\"\">Usted nunca ser\u00e1 Presidente del Gobierno<\/a>\u00ab.<\/span><\/p>\n<p style=\"text-align: justify;\"><span style=\"font-size: 14pt;\">Bienvenidos a la Distop\u00eda de la mano del <a href=\"https:\/\/puntocritico.com\/ausajpuntocritico\/2021\/10\/30\/de-camisa-vieja-a-chaqueta-nueva\/\" target=\"_blank\" rel=\"noopener\" data-schema-attribute=\"\"><strong>R\u00e9gimen del 78&#8242;<\/strong><\/a>, o lo que es igual, de la mano del <a href=\"https:\/\/puntocritico.com\/ausajpuntocritico\/2020\/12\/24\/ppoe-la-hidra-de-cinco-cabezas-de-momento\/\" target=\"_blank\" rel=\"noopener\" data-schema-attribute=\"\">PPSOE<\/a> y sus \u00abconfluencias\u00bb.\u00a0<\/span><span style=\"font-size: 14pt;\">Nuevos Partidos, a los que que <strong>Gregorio Mor\u00e1n<\/strong> redefini\u00f3, de manera muy gr\u00e1fica, como \u00ab<strong>Asociaciones con \u00e1nimo de lucro<\/strong>\u00ab.<\/span><\/p>\n<p style=\"text-align: center;\"><span style=\"font-size: 18pt; color: #008000;\">***<\/span><\/p>\n<p style=\"text-align: justify;\"><span style=\"font-size: 14pt;\"><strong>PPS:<\/strong> He intentado comentar sobre la Directiva de Alertadores y su relaci\u00f3n con la Denuncia an\u00f3nima que dio lugar a que Isabel D\u00edaz Ayuso fuese Investigada por su partido, el Partido Popular, lo que encuentro justificado por aplicaci\u00f3n de esta Directiva<em>.<\/em><\/span><\/p>\n<p style=\"text-align: justify;\"><span style=\"font-size: 14pt;\"><strong>No tiene posible justificaci\u00f3n, evidentemente, el hecho de que tal investigaci\u00f3n haya sido filtrada -y adem\u00e1s, por el propio PP- a los medios<\/strong>, lo que entiendo presuntamente <strong><em>delictivo<\/em><\/strong>, adem\u00e1s de <strong><em>inmoral<\/em> <\/strong>y acreditativo de una nauseabunda perversi\u00f3n <strong><em>\u00e9tica<\/em> <\/strong>que, finalmente ha derivado en la desagradable <strong><em>est\u00e9tica<\/em> <\/strong>que est\u00e1n reflejando estos \u00faltimos d\u00edas los medios.<\/span><\/p>\n<p style=\"text-align: justify;\"><span style=\"font-size: 14pt;\">Sin embargo, todos mis intentos de encontrar la menci\u00f3n a esta Directiva en las noticias sobre el \u00abAsunto Ayuso\u00bb en diversos Medios, resultaron infructuosos. Los comentarios desaparecieron de inmediato. Es este teatrillo medi\u00e1tico-pol\u00edtico que nos embriaga con sus \u00abRuidos y Pasiones\u00bb (Macbeth), incapacit\u00e1ndonos para actuar en el \u00ab<em>Mercado Pol\u00edtico<\/em>\u00bb como individuos Racionales y Libres.<\/span><\/p>\n<p style=\"text-align: justify;\"><span style=\"font-size: 14pt;\">Considero de la mayor importancia <strong>Garantizar la CONFIDENCIALIDAD del Denunciante de Corrupci\u00f3n y garantizar su indemnidad<\/strong>, y a tal fin, <\/span><span style=\"font-size: 14pt;\"><strong>evitar el cuestionamiento<\/strong>, m\u00e1s en ausencia de informaci\u00f3n veraz al respecto, <strong>de los Denunciantes de Corrupci\u00f3n<\/strong>; quienes, <strong>en el momento oportuno<\/strong>, esto es, tras finalizar la preceptiva investigaci\u00f3n con la motivada conclusi\u00f3n de no ser ciertos los hechos denunciados o de haber vulnerado los Denunciantes de Corrupci\u00f3n la Ley al acceder, sustraer o copiar la informaci\u00f3n aportada con su Denuncia, <strong>tendr\u00e1n que responder, incluso ante la jurisdicci\u00f3n Penal, de sus actos<\/strong>, conforme a la propia Directiva, como ha quedado expuesto m\u00e1s atr\u00e1s.<\/span><\/p>\n<p style=\"text-align: justify;\"><span style=\"font-size: 14pt;\">De hecho, la \u00fanica referencia no expl\u00edcita &#8211; incluso lejana- a la Directiva de Alertadores, que he encontrado en medios de derechas, ha sido \u00e9sta, solo para \u00abiniciados\u00bb, del Editorial de <a href=\"https:\/\/www.abc.es\/opinion\/abci-editorial-abc-unica-salida-202202182024_noticia.html#vca=mod-lo-mas-p1&amp;vmc=leido&amp;vso=abc-es&amp;vli=portada.portada&amp;vtm_loMas=si\" target=\"_blank\" rel=\"noopener\" data-schema-attribute=\"\">ABC<\/a>, que merece la pena rese\u00f1ar, pues no excluye de la necesaria investigaci\u00f3n el \u00abAsunto Ayuso\u00bb, si bien recuerda otros asuntos en los que tambi\u00e9n resulta necesaria la Investigaci\u00f3n, no producida hasta el momento (al contrario de lo sucedido en el \u00abAsunto Ayuso\u00bb, cuya Investigaci\u00f3n sabemos que el PP inici\u00f3):<\/span><\/p>\n<p class=\"ladillo\" style=\"text-align: center;\"><strong><span style=\"font-size: 14pt;\">Ley del embudo con la corrupci\u00f3n y transparencia<\/span><\/strong><\/p>\n<p style=\"text-align: center;\"><span style=\"font-size: 14pt;\">\u00abEs cierto que algunos de los casos de enchufismo que est\u00e1 denunciando ABC no adquieren la notoriedad pol\u00edtica de la crisis que afecta al liderazgo del PP. Pero eso no oculta que son casos reales. El modo en que el marido de Nadia Calvi\u00f1o se ha visto favorecido con ayudas europeas, la imputaci\u00f3n de Ada Colau por regar con dinero p\u00fablico y subvenciones a organizaciones de amigos, o revelaciones como las que hoy hace ABC sobre los contratos que consigue el marido de la directora general de la Guardia Civil, podr\u00e1n ser legales o no. Cada caso es distinto y tendr\u00e1 sus matices. Pero no se puede aplicar la ley del embudo, y criminalizar a Ayuso sin pruebas mientras se condenan al ostracismo casos de aparentes corruptelas solo porque sus protagonistas pertenecen a la izquierda. En todos los casos, m\u00e1s all\u00e1 de que existan o no ilicitudes penales, lo id\u00f3neo es la transparencia. Porque pueden no ser ilegales. Pero la ciudadan\u00eda tiene derecho a conocerlo todo con pelos y se\u00f1ales\u00bb.<\/span><\/p>\n<p style=\"text-align: center;\"><span style=\"color: #008000; font-size: 18pt;\">***<\/span><\/p>\n<p style=\"text-align: justify;\"><span style=\"font-size: 14pt;\">Y, para acabar, citaremos al gran <a href=\"https:\/\/blogs.publico.es\/repartidor\/2022\/02\/19\/lirica-carniceria-en-el-pp\/\" target=\"_blank\" rel=\"noopener\">An\u00edbal Malvar<\/a>:<\/span><\/p>\n<p style=\"text-align: center;\"><span style=\"font-size: 14pt;\">\u00abPero no os perd\u00e1is la\u00a0<em>doctrina Cristina de Borb\u00f3n<\/em> con la que pretenden exculpar a nuestra IDA: \u00abLa presidenta alega desconocimiento y eso significa que no se ha dado irregularidad formal alguna, aunque objetivamente se ha producido un efecto no deseado por las leyes, incumpliendo el esp\u00edritu de lo que persigue\u00bb. \u00abEsto de exculpar a las damas que se dicen tontas a m\u00ed me suena un poco machista, cuando menos\u00bb.<\/span><\/p>\n<p style=\"text-align: center;\"><span style=\"font-size: 14pt;\"><em>\u00ab&#8230; editorialista de El Mundo<\/em>: \u00abLos votantes del PP hoy saben que el partido al que votaron o al que pensaban votar est\u00e1 dirigido por una desafortunada conjunci\u00f3n de insensatos sin escr\u00fapulos\u00bb. <strong>Vaya plagio: Pedro S\u00e1nchez tambi\u00e9n era un \u00abinsensato sin escr\u00fapulos\u00bb en el editorial que le dedic\u00f3\u00a0<em>El Pa\u00eds\u00a0<\/em>en 2016, cuando en el PSOE volaban los pu\u00f1ales entre Susana D\u00edaz y S\u00e1nchez<\/strong>\u00ab.<\/span><\/p>\n<\/blockquote>\n<p>&nbsp;<\/p>\n<figure id=\"attachment_2241259\" aria-describedby=\"caption-attachment-2241259\" style=\"width: 678px\" class=\"wp-caption aligncenter\"><img loading=\"lazy\" decoding=\"async\" class=\"wp-image-2241259 size-mh-magazine-content\" src=\"https:\/\/puntocritico.com\/ausajpuntocritico\/wp-content\/uploads\/2022\/02\/Isabel-y-Tomas-Diaz-Ayuso-678x370.jpg\" alt=\"\" width=\"678\" height=\"370\" data-id=\"2241259\" \/><figcaption id=\"caption-attachment-2241259\" class=\"wp-caption-text\"><span style=\"color: #008000;\">Isabel y Tom\u00e1s D\u00edaz Ayuso.<\/span><\/figcaption><\/figure>\n<p style=\"text-align: center;\"><strong><span style=\"color: #008000; font-size: 18pt;\">*******<\/span><\/strong><\/p>\n<h2 style=\"text-align: center;\"><em><span style=\"font-size: 24pt;\"><strong>ESPERANDO A LOS B\u00c1RBAROS (EXPECTING THE BARBARIANS)<\/strong><\/span><\/em><\/h2>\n<figure id=\"attachment_1973026\" class=\"wp-caption alignnone\" aria-describedby=\"caption-attachment-1973026\"><\/figure>\n<p style=\"text-align: center;\"><span style=\"font-size: 14pt;\"><em>\u00bfQu\u00e9 es lo que esperamos, reunidos en la plaza p\u00fablica?\u00a0<\/em><\/span><\/p>\n<p style=\"text-align: center;\"><span style=\"font-size: 14pt;\"><em>Los b\u00e1rbaros llegar\u00e1n hoy.<\/em><\/span><\/p>\n<p style=\"text-align: center;\"><span style=\"font-size: 14pt;\"><em>\u00bfPor qu\u00e9 tal inacci\u00f3n en el Senado?<\/em><\/span><br \/>\n<span style=\"font-size: 14pt;\"><em>\u00bfPor qu\u00e9 est\u00e1n sentados los senadores sin pasar leyes?<\/em><\/span><\/p>\n<p style=\"text-align: center;\"><span style=\"font-size: 14pt;\"><em>Porque los b\u00e1rbaros llegar\u00e1n hoy.<\/em><\/span><\/p>\n<p style=\"text-align: center;\"><span style=\"font-size: 14pt;\"><em>\u00bfQu\u00e9 nuevas leyes podr\u00edan los senadores pasar?<\/em><\/span><br \/>\n<span style=\"font-size: 14pt;\"><em>Cuando los b\u00e1rbaros lleguen, ellos har\u00e1n las leyes.<\/em><\/span><\/p>\n<p style=\"text-align: center;\"><span style=\"font-size: 14pt;\"><em>\u00bfPor qu\u00e9 se levant\u00f3 nuestro emperador tan temprano,<\/em><\/span><br \/>\n<span style=\"font-size: 14pt;\"><em>y est\u00e1 sentado en la puerta principal de la ciudad,<\/em><\/span><br \/>\n<span style=\"font-size: 14pt;\"><em>sobre el trono, agitado, llevando su corona?<\/em><\/span><\/p>\n<p style=\"text-align: center;\"><span style=\"font-size: 14pt;\"><em>Porque los b\u00e1rbaros llegar\u00e1n hoy.<\/em><\/span><\/p>\n<p style=\"text-align: center;\"><span style=\"font-size: 14pt;\"><em>Y el emperador los espera para recibir<\/em><\/span><br \/>\n<span style=\"font-size: 14pt;\"><em>a su jefe. De hecho se ha preparado<\/em><\/span><br \/>\n<span style=\"font-size: 14pt;\"><em>para entregarle un pergamino. En \u00e9l est\u00e1n escritos<\/em><\/span><br \/>\n<span style=\"font-size: 14pt;\"><em>muchos t\u00edtulos y nombres de honor.<\/em><\/span><\/p>\n<p style=\"text-align: center;\"><span style=\"font-size: 14pt;\"><em>\u00bfPor qu\u00e9 han salido nuestros dos c\u00f3nsules y los pretores<\/em><\/span><br \/>\n<span style=\"font-size: 14pt;\"><em>llevando hoy sus rojas togas bordadas;<\/em><\/span><br \/>\n<span style=\"font-size: 14pt;\"><em>por qu\u00e9 llevan brazaletes salpicados de amatistas,<\/em><\/span><br \/>\n<span style=\"font-size: 14pt;\"><em>y anillos de brillantes esmeraldas que refulgen;<\/em><\/span><br \/>\n<span style=\"font-size: 14pt;\"><em>por qu\u00e9 portan costosos bastones,<\/em><\/span><br \/>\n<span style=\"font-size: 14pt;\"><em>tallados magn\u00edficamente con plata y oro?<\/em><\/span><\/p>\n<p style=\"text-align: center;\"><span style=\"font-size: 14pt;\"><em>Porque los b\u00e1rbaros llegar\u00e1n hoy,<\/em><\/span><br \/>\n<span style=\"font-size: 14pt;\"><em>y esas cosas deslumbran a los b\u00e1rbaros.<\/em><\/span><\/p>\n<p style=\"text-align: center;\"><span style=\"font-size: 14pt;\"><em>\u00bfPor qu\u00e9 no vienen los dignos oradores como de costumbre<\/em><\/span><br \/>\n<span style=\"font-size: 14pt;\"><em>a hacer sus discursos, a decir lo suyo?<\/em><\/span><\/p>\n<p style=\"text-align: center;\"><span style=\"font-size: 14pt;\"><em>Porque los b\u00e1rbaros llegar\u00e1n hoy;<\/em><\/span><br \/>\n<span style=\"font-size: 14pt;\"><em>y ellos se aburren con la elocuencia y las disertaciones.<\/em><\/span><\/p>\n<p style=\"text-align: center;\"><span style=\"font-size: 14pt;\"><em>\u00bfPor qu\u00e9 esta s\u00fabita inquietud y confusi\u00f3n?<\/em><\/span><br \/>\n<span style=\"font-size: 14pt;\"><em>(Cu\u00e1n solemnes se han vuelto sus caras.)<\/em><\/span><br \/>\n<span style=\"font-size: 14pt;\"><em>\u00bfPor qu\u00e9 se vac\u00edan r\u00e1pidamente las calles y plazas,<\/em><\/span><br \/>\n<span style=\"font-size: 14pt;\"><em>y vuelven todos a sus casas, tan pensativos?<\/em><\/span><\/p>\n<p style=\"text-align: center;\"><span style=\"font-size: 14pt;\"><em>Porque la noche est\u00e1 aqu\u00ed pero los b\u00e1rbaros no han llegado.<\/em><\/span><br \/>\n<span style=\"font-size: 14pt;\"><em>Algunas personas llegaron desde las fronteras,<\/em><\/span><br \/>\n<span style=\"font-size: 14pt;\"><em>y dijeron que ya no quedan b\u00e1rbaros.<\/em><\/span><\/p>\n<p style=\"text-align: center;\"><span style=\"font-size: 14pt;\"><em>\u00bfY qu\u00e9 ser\u00e1 de nosotros ahora sin los b\u00e1rbaros?<\/em><\/span><br \/>\n<span style=\"font-size: 14pt;\"><em>Esa gente era una especie de soluci\u00f3n.<\/em><\/span><\/p>\n<p style=\"text-align: center;\"><span style=\"font-size: 14pt;\"><em><strong>\u00a0 \u00a0 \u00a0 \u00a0 \u00a0 \u00a0 \u00a0 \u00a0 \u00a0 \u00a0 \u00a0 \u00a0 \u00a0 \u00a0 \u00a0 \u00a0 \u00a0 \u00a0 \u00a0 \u00a0 \u00a0 \u00a0 \u00a0 \u00a0 \u00a0 \u00a0 \u00a0 \u00a0 \u00a0 \u00a0 \u00a0Constant\u00edn<\/strong>\u00a0<b>Kavafis<\/b><\/em><\/span><\/p>\n<p>&nbsp;<\/p>\n<figure id=\"attachment_1973026\" aria-describedby=\"caption-attachment-1973026\" style=\"width: 480px\" class=\"wp-caption aligncenter\"><img loading=\"lazy\" decoding=\"async\" class=\"wp-image-1973026\" src=\"https:\/\/puntocritico.com\/ausajpuntocritico\/wp-content\/uploads\/2021\/03\/constantino-cavafis-678x381.jpg\" alt=\"\" width=\"480\" height=\"267\" data-id=\"1973026\" srcset=\"https:\/\/puntocritico.com\/ausajpuntocritico\/wp-content\/uploads\/2021\/03\/constantino-cavafis-300x167.jpg 300w, https:\/\/puntocritico.com\/ausajpuntocritico\/wp-content\/uploads\/2021\/03\/constantino-cavafis-768x428.jpg 768w, https:\/\/puntocritico.com\/ausajpuntocritico\/wp-content\/uploads\/2021\/03\/constantino-cavafis-610x340.jpg 610w, https:\/\/puntocritico.com\/ausajpuntocritico\/wp-content\/uploads\/2021\/03\/constantino-cavafis.jpg 785w\" sizes=\"auto, (max-width: 480px) 100vw, 480px\" \/><figcaption id=\"caption-attachment-1973026\" class=\"wp-caption-text\"><span style=\"color: #008000;\">Contant\u00edn Kavafis<\/span><\/figcaption><\/figure>\n<p style=\"text-align: center;\"><strong><span style=\"color: #008000; font-size: 18pt;\">*******<\/span><\/strong><\/p>\n<header class=\"entry-header\">\n<h2 class=\"entry-title\" style=\"text-align: center;\"><span style=\"font-size: 24pt;\">LA (\u00bfIRREVERSIBLE?) DESCOMPOSICI\u00d3N DE LO\u00a0P\u00daBLICO<\/span><\/h2>\n<\/header>\n<div class=\"entry-content parts-content\">\n<blockquote>\n<p style=\"text-align: center;\"><span style=\"font-size: 14pt;\">\u201cSe detecta un deterioro profundo del ecosistema p\u00fablico, que comienza a ofrecer s\u00edntomas evidentes de descomposici\u00f3n. Lo grave de la situaci\u00f3n no es tanto el presente, que lo es, sino especialmente el futuro; pues el deterioro del actual sistema pol\u00edtico-administrativo en Espa\u00f1a tendr\u00e1 inevitables <strong>consecuencias devastadoras<\/strong>\u00a0sobre el futuro del pa\u00eds y de sus pr\u00f3ximas generaciones. La pandemia ha consolidado (aunque ven\u00eda de lejos) una forma de hacer pol\u00edtica y de gestionar lo p\u00fablico basada en la contingencia (a veces chapucera) y en la inmediatez. Hay s\u00edntomas muy preocupantes\u00a0<strong>de ineptitud pol\u00edtica e ineficacia gestora<\/strong>, am\u00e9n de dispendio constante de recursos p\u00fablicos, ahora \u201cabundantes\u201d (por las vacaciones de las reglas fiscales, el endeudamiento y los fondos europeos) y dentro de poco escasos (por los planes de reequilibrio que habr\u00e1 que aprobar). Y, en ese momento, no muy lejano, aflorar\u00e1n crudamente los males nunca resueltos\u201d.<\/span><\/p>\n<\/blockquote>\n<\/div>\n<p style=\"text-align: justify;\"><span style=\"font-size: 14pt;\">Por <a href=\"https:\/\/rafaeljimenezasensio.com\/2022\/02\/13\/la-irreversible-descomposicion-de-lo-publico\/\" target=\"_blank\" rel=\"noopener\">Rafael Jim\u00e9nez Asensio<\/a><\/span><\/p>\n<p><img loading=\"lazy\" decoding=\"async\" class=\"aligncenter wp-image-2241100 size-mh-magazine-content\" src=\"https:\/\/puntocritico.com\/ausajpuntocritico\/wp-content\/uploads\/2022\/02\/wordle_figure_11-678x381.jpg\" alt=\"DESCOMPOSICI\u00d3N DE LO\u00a0P\u00daBLICO\" width=\"678\" height=\"381\" data-id=\"2241100\" \/><\/p>\n<p style=\"text-align: right;\"><em>\u201cTodo acaba, todo termina.<\/em><\/p>\n<p style=\"text-align: right;\"><em>No dura siempre el mismo sol ardiente<\/em>\u00a0<em>en el mismo cielo azul\u201d<\/em><\/p>\n<p style=\"text-align: right;\"><em>(Jos\u00e9 Hierro,\u00a0<u>Poes\u00edas completas 1947-2003<\/u>, Visor, 2017, p. 255)<\/em><\/p>\n<p>&nbsp;<\/p>\n<p style=\"text-align: center;\"><span style=\"font-size: 18pt;\"><strong><em>Preliminar<\/em><\/strong><\/span><\/p>\n<p class=\"has-text-align-justify\" style=\"text-align: justify;\"><span style=\"font-size: 14pt;\">Los datos de contexto m\u00e1s inmediato nos muestran algunas se\u00f1ales de alarma. Pero, no les oculto que no me interesan demasiado ahora: son mera sintomatolog\u00eda de una enfermedad mucho m\u00e1s profunda. Que el \u00cdndice de Transparencia Internacional sobre la percepci\u00f3n de la corrupci\u00f3n en 2021 nos haga bajar dos escalones y nos sit\u00fae en el puesto 14 de la UE, es preocupante (por debajo de la media); pero no pasa tampoco de mero s\u00edntoma. Lo mismo se puede afirmar del reciente\u00a0<em>Democracy Index\u00a0<\/em>editado por\u00a0<em>The Economist<\/em>\u00a0que, sin perjuicio de las inteligentes objeciones que plantea Carlos S\u00e1nchez en su art\u00edculo dominical en\u00a0<em>El Confidencial<\/em>, desciende a la democracia espa\u00f1ola al segundo escal\u00f3n, fuera ya de los sistemas pol\u00edticos m\u00e1s consistentes. Estas son noticias de inmediatez, siempre interesantes y que tantos comentarios medi\u00e1ticos levantan, pero ofrecen solo una parte del problema.<\/span><\/p>\n<p class=\"has-text-align-justify\" style=\"text-align: justify;\"><span style=\"font-size: 14pt;\">Lo que aqu\u00ed sigue, es una mirada personal e incompleta. Hay momentos en que cabe transcender de lo inmediato e intentar, al menos, analizar el presente y el futuro con una lente m\u00e1s amplia, que nos permita identificar los movimientos s\u00edsmicos que realmente se est\u00e1n produciendo en nuestro panorama p\u00fablico-institucional, y sobre todo hacer un ejercicio de prospectiva sobre cu\u00e1les ser\u00e1n sus hipot\u00e9ticos efectos. Esa mirada es necesaria, aunque nos incomode, disguste y perturbe, pues \u2013al menos en mi caso y tras m\u00e1s de cuatro d\u00e9cadas trabajando\u00a0<em>desde\u00a0<\/em>y\u00a0<em>sobre\u00a0<\/em>lo p\u00fablico- se detecta un deterioro profundo del ecosistema p\u00fablico, que comienza a ofrecer s\u00edntomas evidentes (m\u00e1s all\u00e1 de los \u00edndices expuestos) de descomposici\u00f3n. Lo grave de la situaci\u00f3n no es tanto el presente, que lo es, sino especialmente el futuro; pues el deterioro del actual sistema pol\u00edtico-administrativo en Espa\u00f1a tendr\u00e1 inevitables consecuencias devastadoras sobre el futuro del pa\u00eds y de sus pr\u00f3ximas generaciones. La pandemia ha consolidado (aunque ven\u00eda de lejos) una forma de hacer pol\u00edtica y de gestionar lo p\u00fablico basada en la contingencia (a veces chapucera) y en la inmediatez. Hay s\u00edntomas muy preocupantes de ineptitud pol\u00edtica e ineficacia gestora, am\u00e9n de dispendio constante de recursos p\u00fablicos, ahora \u201cabundantes\u201d (por las vacaciones de las reglas fiscales, el endeudamiento y los fondos europeos) y dentro de poco escasos (por los planes de reequilibrio que habr\u00e1 que aprobar). Y, en ese momento, no muy lejano, aflorar\u00e1n crudamente los males nunca resueltos.<\/span><\/p>\n<p>&nbsp;<\/p>\n<p><img loading=\"lazy\" decoding=\"async\" class=\"aligncenter wp-image-2241145\" src=\"https:\/\/puntocritico.com\/ausajpuntocritico\/wp-content\/uploads\/2022\/02\/protesta-hatillo-1040x585-1-678x381.jpg\" alt=\"\" width=\"480\" height=\"270\" data-id=\"2241145\" srcset=\"https:\/\/puntocritico.com\/ausajpuntocritico\/wp-content\/uploads\/2022\/02\/protesta-hatillo-1040x585-1-678x382.jpg 678w, https:\/\/puntocritico.com\/ausajpuntocritico\/wp-content\/uploads\/2022\/02\/protesta-hatillo-1040x585-1-300x169.jpg 300w, https:\/\/puntocritico.com\/ausajpuntocritico\/wp-content\/uploads\/2022\/02\/protesta-hatillo-1040x585-1-610x343.jpg 610w, https:\/\/puntocritico.com\/ausajpuntocritico\/wp-content\/uploads\/2022\/02\/protesta-hatillo-1040x585-1.jpg 680w\" sizes=\"auto, (max-width: 480px) 100vw, 480px\" \/><\/p>\n<p>&nbsp;<\/p>\n<p style=\"text-align: center;\"><span style=\"font-size: 18pt;\"><strong><em>Una sintomatolog\u00eda (incompleta) del estado de descomposici\u00f3n de lo p\u00fablico en Espa\u00f1a<\/em><\/strong><\/span><\/p>\n<p class=\"has-text-align-justify\" style=\"text-align: justify;\"><span style=\"font-size: 14pt;\">Estas son algunas muestras evidentes del estado de descomposici\u00f3n de lo p\u00fablico en este pa\u00eds llamado Espa\u00f1a y en todos sus niveles territoriales de gobierno: \u00a0<\/span><\/p>\n<p class=\"has-text-align-justify\" style=\"text-align: justify; padding-left: 40px;\"><span style=\"font-size: 14pt;\">a) No funciona (nunca lo ha hecho) el principio de separaci\u00f3n de poderes: las instituciones de control est\u00e1n capturadas por el clientelismo partidista. No cumplen, o lo hacen de forma muy insatisfactoria, las misiones existenciales que tienen asignadas. No hay contrapesos efectivos, ni frenos institucionales del poder. Y sin ellos, ya se sabe: los atropellos son constantes.<\/span><\/p>\n<p style=\"text-align: justify; padding-left: 40px;\"><span style=\"font-size: 14pt;\">b) El sistema pol\u00edtico institucional est\u00e1 devastado, sin legitimidad; en hundimiento imparable.<\/span><\/p>\n<p class=\"has-text-align-justify\" style=\"text-align: justify; padding-left: 40px;\"><span style=\"font-size: 14pt;\">c) El Parlamento es una instituci\u00f3n sin pulso que ha cedido graciosamente su potestad legislativa al Ejecutivo, que \u201clegisla\u201d excepcionalmente sin freno ni control. El ruido parlamentario es un insulto a la inteligencia.<\/span><\/p>\n<p class=\"has-text-align-justify\" style=\"text-align: justify; padding-left: 40px;\"><span style=\"font-size: 14pt;\">d) Los partidos pol\u00edticos ya no son lo que eran, est\u00e1n adosados al poder. Alejados de la ciudadan\u00eda, son ya partidos de cargos p\u00fablicos.\u00a0<a href=\"https:\/\/www.hayderecho.com\/2021\/10\/28\/partidos-de-cargos-publicos-y-direccion-publica-en-espana\/\" target=\"_blank\" rel=\"noopener\" data-schema-attribute=\"\">Viven en el poder o esperando alcanzarlo<\/a>.<\/span><\/p>\n<p class=\"has-text-align-justify\" style=\"text-align: justify; padding-left: 40px;\"><span style=\"font-size: 14pt;\">e) Hay un connivencia espuria entre pol\u00edtica gubernamental y sindicalismo del sector p\u00fablico, para defender el\u00a0<em>statu quo\u00a0<\/em>y paralizar\u00a0<em>de facto\u00a0<\/em>cualquier transformaci\u00f3n de lo p\u00fablico que altere sus rec\u00edprocos intereses endog\u00e1micos.<\/span><\/p>\n<p class=\"has-text-align-justify\" style=\"text-align: justify; padding-left: 40px;\"><span style=\"font-size: 14pt;\">g) Disponemos de \u00e9lites pol\u00edticas de muy baja calidad y liderazgos efectivos inexistentes. La pol\u00edtica no sabe gobernar con mirada estrat\u00e9gica, vive atada a la contingencia. Solo quieren ganar elecciones para\u00a0<em>estar\u00a0<\/em>en el Gobierno. No para\u00a0<em>hacer\u00a0<\/em>realmente la vida m\u00e1s feliz a la ciudadan\u00eda ni resolver los granes problemas siempre pendientes<em>.\u00a0<\/em>Las decisiones inc\u00f3modas se aplazan eternamente.<\/span><\/p>\n<p class=\"has-text-align-justify\" style=\"text-align: justify; padding-left: 40px;\"><span style=\"font-size: 14pt;\">h) La pol\u00edtica actual est\u00e1 pre\u00f1ada de impotencia, sectarismo, fragmentaci\u00f3n y polarizaci\u00f3n. Notas apropiadas para el triunfo (ya se anuncia) de las pol\u00edticas populistas y de la pura demagogia. Las redes sociales fomentan una ciudadan\u00eda cada vez m\u00e1s ignorante que se mueve principalmente por est\u00edmulos primarios. El debate se ha enterrado. La deliberaci\u00f3n apenas existe.\u00a0<\/span><\/p>\n<p class=\"has-text-align-justify\" style=\"text-align: justify; padding-left: 40px;\"><span style=\"font-size: 14pt;\">i) Todo se f\u00eda en pol\u00edtica a una comunicaci\u00f3n pol\u00edtica de baratija, que vende discursos autocomplacientes que nada tienen que ver con la realidad, y que la ciudadan\u00eda ya no compra.<\/span><\/p>\n<p class=\"has-text-align-justify\" style=\"text-align: justify; padding-left: 40px;\"><span style=\"font-size: 14pt;\">j) No hay alineamiento real entre pol\u00edtica y gesti\u00f3n. La realidad p\u00fablico-institucional vive en compartimentos estancos y con muy baja interacci\u00f3n. Desconfianza rec\u00edproca y aislamiento.<\/span><\/p>\n<p class=\"has-text-align-justify\" style=\"text-align: justify; padding-left: 40px;\"><span style=\"font-size: 14pt;\">k) Las pol\u00edticas se cuartean en estructuras de gobierno multinivel descoordinadas y hasta cierto punto an\u00e1rquicas, con costes elevad\u00edsimos de transacci\u00f3n. No funciona la Gobernanza. El Estado es un conglomerado de estructuras territoriales adosadas que hacen lo mismo (isomorfismo) o se diferencian en la nimiedad absurda y desconcertante (Covid19).<\/span><\/p>\n<p class=\"has-text-align-justify\" style=\"text-align: justify; padding-left: 40px;\"><span style=\"font-size: 14pt;\">l) Internamente los gobiernos se fragmentan en compartimentos estanco (silos) que apenas interact\u00faan entre s\u00ed, agravado por estructuras de gobiernos de coalici\u00f3n con l\u00f3gicas internas disgregadoras y contradictorias. Sin cultura de coalici\u00f3n. Los ministerios \u201clegislan\u201d sobre \u201csu negociado\u201d, dando lugar, por ejemplo, a disparatados complejos normativos incoherentes y absurdos en su aplicaci\u00f3n al sector p\u00fablico (Ley 20\/2021 y RDL 32\/2021).<\/span><\/p>\n<p class=\"has-text-align-justify\" style=\"text-align: justify; padding-left: 40px;\"><span style=\"font-size: 14pt;\">ll) La alta administraci\u00f3n est\u00e1 colonizada por la pol\u00edtica, sin resquicio alguno a la profesionalizaci\u00f3n efectiva. Espa\u00f1a es uno de los pa\u00edses de la UE con mayor politizaci\u00f3n de la Administraci\u00f3n (que alcanza decenas de miles de niveles org\u00e1nicos de responsabilidad).<\/span><\/p>\n<p class=\"has-text-align-justify\" style=\"text-align: justify; padding-left: 40px;\"><span style=\"font-size: 14pt;\">m) Las Administraciones p\u00fablicas no son tractoras de (casi) nada, son m\u00e1quinas repartidoras de recursos p\u00fablicos ya tasados (pensiones, retribuciones a empleados) o discrecionalmente distribuidos por medio de subvenciones, ayudas o contratos p\u00fablicos, frecuentemente dirigidas por criterios clientelares o hacia grandes empresas, despachos y consultoras.<\/span><\/p>\n<p class=\"has-text-align-justify\" style=\"text-align: justify; padding-left: 40px;\"><span style=\"font-size: 14pt;\">n) La transformaci\u00f3n digital est\u00e1 empeorando los servicios p\u00fablicos, con abandono de la atenci\u00f3n ciudadana y afectaci\u00f3n brutal a la brecha digital. No hay una transici\u00f3n ordenada.<\/span><\/p>\n<p class=\"has-text-align-justify\" style=\"text-align: justify; padding-left: 40px;\"><span style=\"font-size: 14pt;\">\u00f1) El sector p\u00fablico est\u00e1 perdiendo a marchas forzadas\u00a0<em>capacidad ejecutiva\u00a0<\/em>vi\u00e9ndose cada vez m\u00e1s obligado a echarse en manos de un sector privado que ve en lo p\u00fablico un nicho de negocio de proporciones incalculables (algo que ya se visualiza con los fondos europeos). \u00a0<\/span><\/p>\n<p class=\"has-text-align-justify\" style=\"text-align: justify; padding-left: 40px;\"><span style=\"font-size: 14pt;\">o) La Agenda 2030 sigue sin calar, convertida en un marchamo publicitario (desarrollo sostenible), sin aplicaci\u00f3n efectiva. Los ODS son, en buena medida, elementos decorativos. Las instituciones s\u00f3lidas del ODS 16 se est\u00e1n transformando en instituciones gaseosas. Nadie (o muy pocos) se cree nada: ni la integridad, ni la transparencia, ni la participaci\u00f3n.<\/span><\/p>\n<p class=\"has-text-align-justify\" style=\"text-align: justify; padding-left: 40px;\"><span style=\"font-size: 14pt;\">p) Las Administraciones P\u00fablicas son organizaciones del pleistoceno. No se trabaja por proyectos, se dispone de estructuras r\u00edgidas e inadaptadas, que nadie quiere tocar. El sector p\u00fablico empresarial sigue siendo, en buena medida, la cueva de\u00a0<em>Al\u00ed Baba<\/em>\u00a0de lo p\u00fablico.<\/span><\/p>\n<p class=\"has-text-align-justify\" style=\"text-align: justify; padding-left: 40px;\"><span style=\"font-size: 14pt;\">q) Las AAPP est\u00e1n perdiendo su (escaso) talento interno por las jubilaciones masivas. Y nadie piensa en c\u00f3mo rehacerlo. La Administraci\u00f3n se descapitaliza a marchas forzadas. Los recursos humanos del sector p\u00fablico son el gran nudo. Irresoluble.<\/span><\/p>\n<p class=\"has-text-align-justify\" style=\"text-align: justify; padding-left: 40px;\"><span style=\"font-size: 14pt;\">r) El declive del m\u00e9rito y la capacidad es absoluto en el acceso. Las oposiciones libres son ya casi anecd\u00f3ticas porcentualmente. Las Ofertas de empleo p\u00fablico, en buena parte mentira. Las RPT instrumentos r\u00edgidos y obsoletos.<\/span><\/p>\n<p class=\"has-text-align-justify\" style=\"text-align: justify; padding-left: 40px;\"><span style=\"font-size: 14pt;\">t) El\u00a0<em>aplantillamiento\u00a0<\/em>autom\u00e1tico (sin pruebas reales de acceso) de centenares de miles de plazas fruto de una pol\u00edtica populista y demag\u00f3gica de pretendido combate contra la temporalidad, comportar\u00e1 muy bajos est\u00e1ndares profesionales en las pr\u00f3ximas d\u00e9cadas. Se han dado un tiro en la cabeza. Sin conocimiento interno, la dependencia del mercado ser\u00e1 total. No puede haber conocimiento (talento) cuando no se exige en el acceso. No se crea por generaci\u00f3n espont\u00e1nea<\/span><\/p>\n<p class=\"has-text-align-justify\" style=\"text-align: justify; padding-left: 40px;\"><span style=\"font-size: 14pt;\">u) Sigue el reinado absoluto de la libre designaci\u00f3n y la aplicaci\u00f3n p\u00e9sima de los sistemas de concurso. Los RRHH del sector p\u00fablico son compartimentos estanco e incomunicados. Es la ca\u00f1er\u00eda principal por donde se van los mayores costes de ineficiencia del sector p\u00fablico (tambi\u00e9n en el docente y sanitario) por incapacidad estrat\u00e9gica y de gesti\u00f3n.<\/span><\/p>\n<p class=\"has-text-align-justify\" style=\"text-align: justify; padding-left: 40px;\"><span style=\"font-size: 14pt;\">v) Ni hay evaluaci\u00f3n del desempe\u00f1o, ni carrera profesional efectiva, ni Direcci\u00f3n P\u00fablica Profesional. Los valores p\u00fablicos juegan en retirada en un bastardo empleo p\u00fablico, contaminado hasta los tu\u00e9tanos por la impronta laboral. La funci\u00f3n p\u00fablica (servicio p\u00fablico) ha dejado paso a la centralidad del empleado p\u00fablico, que de forma espuria y perversa se convierte en el centro end\u00f3geno de lo p\u00fablico.<\/span><\/p>\n<p class=\"has-text-align-justify\" style=\"text-align: justify; padding-left: 40px;\"><span style=\"font-size: 14pt;\">x) La ciudadan\u00eda (la persona), por tanto, ya no est\u00e1 en el centro de las pol\u00edticas (solo de boquilla), que se han convertido en endog\u00e1micas (garantizar el\u00a0<em>statu quo\u00a0<\/em>y los intereses end\u00f3genos y ex\u00f3genos cruzados). No hay nadie ya que defienda al ciudadano. La digitalizaci\u00f3n lo hace a\u00fan m\u00e1s vulnerable.<\/span><\/p>\n<p class=\"has-text-align-justify\" style=\"text-align: justify; padding-left: 40px;\"><span style=\"font-size: 14pt;\">y) Un pa\u00eds que es incapaz de promover reformas y transformaci\u00f3n si no nos las exige la UE (que siempre procuramos orillar), es un fracaso colectivo. No dispone de visi\u00f3n ni proyecto.<\/span><\/p>\n<p class=\"has-text-align-justify\" style=\"text-align: justify; padding-left: 40px;\"><span style=\"font-size: 14pt;\">z) El\u00a0<em>inter\u00e9s general\u00a0<\/em>se ha convertido en un eufemismo formal, pues est\u00e1 dando paso a una\u00a0<em>privatizaci\u00f3n\u00a0<\/em>creciente de lo p\u00fablico, tanto por los partidos pol\u00edticos, por el sindicalismo del sector p\u00fablico, por un empleo p\u00fablico en zona de confort, as\u00ed como por las grandes empresas que se benefician de todas las carencias indicadas. Los dem\u00e1s, a pasar por caja.<\/span><\/p>\n<p>&nbsp;<\/p>\n<figure id=\"attachment_2241146\" aria-describedby=\"caption-attachment-2241146\" style=\"width: 480px\" class=\"wp-caption aligncenter\"><img loading=\"lazy\" decoding=\"async\" class=\"size-full wp-image-2241146\" src=\"https:\/\/puntocritico.com\/ausajpuntocritico\/wp-content\/uploads\/2022\/02\/full-monty-bailando-en-la-cola-del-paro.jpg\" alt=\"\" width=\"480\" height=\"360\" data-id=\"2241146\" srcset=\"https:\/\/puntocritico.com\/ausajpuntocritico\/wp-content\/uploads\/2022\/02\/full-monty-bailando-en-la-cola-del-paro.jpg 480w, https:\/\/puntocritico.com\/ausajpuntocritico\/wp-content\/uploads\/2022\/02\/full-monty-bailando-en-la-cola-del-paro-300x225.jpg 300w, https:\/\/puntocritico.com\/ausajpuntocritico\/wp-content\/uploads\/2022\/02\/full-monty-bailando-en-la-cola-del-paro-326x245.jpg 326w, https:\/\/puntocritico.com\/ausajpuntocritico\/wp-content\/uploads\/2022\/02\/full-monty-bailando-en-la-cola-del-paro-80x60.jpg 80w\" sizes=\"auto, (max-width: 480px) 100vw, 480px\" \/><figcaption id=\"caption-attachment-2241146\" class=\"wp-caption-text\"><span style=\"color: #008000;\">Bailando en la cola del paro (The Full Monty)<\/span><\/figcaption><\/figure>\n<p style=\"text-align: center;\"><span style=\"font-size: 18pt;\"><em><strong>Final\u00a0<\/strong><\/em><\/span><\/p>\n<p class=\"has-text-align-justify\" style=\"text-align: justify;\"><span style=\"font-size: 14pt;\">Quienes sean finos analistas del pasado, presente y futuro del sistema p\u00fablico objetar\u00e1n al planteamiento anterior muchas limitaciones y una mirada muy cargada de elementos disfuncionales, sin poner el acento en lo positivo. No lo negar\u00e9. Tampoco pido que se comparta, sino que sirva de elemento de reflexi\u00f3n,. Cada uno es hijo de su pasado y de sus obsesiones. Tambi\u00e9n se objetar\u00e1 que muchas de esas taras detectadas son globales, fruto de una sociedad en proceso de aceleraci\u00f3n y descomposici\u00f3n permanente, y con unos retos o desaf\u00edos comunes. Esto es verdad, al menos parcialmente, pero en Espa\u00f1a se multiplican esas patolog\u00edas por factores end\u00f3genos nunca bien analizados. O simplemente preteridos u olvidados.<\/span><\/p>\n<p class=\"has-text-align-justify\" style=\"text-align: justify;\"><span style=\"font-size: 14pt;\">Ross Douthat, en un libro editado en 2021,\u00a0 pon\u00eda el foco\u00a0 en cuatro notas que identificaban a la actual sociedad decadente:\u00a0<em>estancamiento, esterilidad, esclerosis y repetici\u00f3n<\/em>. Las cuatro notas se reiteran de forma clara en el caso espa\u00f1ol y en todos sus \u00e1mbitos territoriales de gobierno, si bien en nuestro caso incrementan sus efectos hasta multiplicarse. Y no parece haber absolutamente nadie con capacidad de decisi\u00f3n y liderazgo en el \u00e1mbito de lo p\u00fablico que quiera darle la vuelta a este estado de cosas.<\/span><\/p>\n<p class=\"has-text-align-justify\" style=\"text-align: justify;\"><span style=\"font-size: 14pt;\">Hay, adem\u00e1s, un modo de entender lo p\u00fablico enquistado, viejo y dominado por un conjunto de vicios innatos que proceden de la particular concepci\u00f3n de hacer pol\u00edtica en Espa\u00f1a desde tiempos inmemoriales (herencia decimon\u00f3nica), pre\u00f1ada de clientelismo y pegada a las ubres de los presupuestos p\u00fablicos como fuente de absorci\u00f3n y reparto \u201cde poder\u201d (ahora incrementada la leche de la vaca con la gesti\u00f3n de fondos europeos, que corre el riesgo de transformarse en un enorme fiasco). Ah\u00ed y no en otro sitio est\u00e1n nuestras grandes dolencias. Las de siempre. Las que nadie quiere resolver, porque \u201csiempre se ha hecho as\u00ed\u201d. El peso de las mentalidades (o de las patolog\u00edas heredadas) es inmenso. Y ni siquiera las admoniciones permanentes de la UE sirven para mucho. Entran por un o\u00eddo y salen por otro. Estamos instalados en el reino de la impostura y de la mentira, en el que la mala pol\u00edtica abunda cada vez m\u00e1s y la burocracia empieza a dar muestras evidentes de esterilidad, y ambas tendencias se retroalimentan a s\u00ed mismas en ese espacio cerrado que es lo p\u00fablico, en plena era de Gobierno Abierto. Nada es como debiera ser, todo son apariencias. Se vive de vender humo. O, en su defecto, de trampear. \u00a0As\u00ed, hasta que el toldo se derrumbe. Nada es eterno, tampoco los sistemas p\u00fablico-institucionales.<\/span><\/p>\n<p>&nbsp;<\/p>\n<figure id=\"attachment_2241129\" aria-describedby=\"caption-attachment-2241129\" style=\"width: 360px\" class=\"wp-caption aligncenter\"><img loading=\"lazy\" decoding=\"async\" class=\"wp-image-2241129 size-full\" src=\"https:\/\/puntocritico.com\/ausajpuntocritico\/wp-content\/uploads\/2022\/02\/Seguridad-en-el-trabajo-360.jpg\" alt=\"\" width=\"360\" height=\"392\" data-id=\"2241129\" srcset=\"https:\/\/puntocritico.com\/ausajpuntocritico\/wp-content\/uploads\/2022\/02\/Seguridad-en-el-trabajo-360.jpg 360w, https:\/\/puntocritico.com\/ausajpuntocritico\/wp-content\/uploads\/2022\/02\/Seguridad-en-el-trabajo-360-276x300.jpg 276w\" sizes=\"auto, (max-width: 360px) 100vw, 360px\" \/><figcaption id=\"caption-attachment-2241129\" class=\"wp-caption-text\"><span style=\"color: #008000;\">Seguridad en el Trabajo<\/span><\/figcaption><\/figure>\n<p style=\"text-align: center;\"><span style=\"color: #008000; font-size: 18pt;\"><strong>*******<\/strong><\/span><\/p>\n<h2 class=\"entry-title\" style=\"text-align: center;\"><span style=\"font-size: 24pt;\">Torpes aprendices de Maquiavelo<\/span><\/h2>\n<div class=\"author-content\">\n<div class=\"author-item\">\n<p class=\"author\" style=\"text-align: justify;\"><span style=\"font-size: 14pt;\">Por Nere Basabe<\/span><\/p>\n<p style=\"text-align: justify;\"><a href=\"https:\/\/blogs.publico.es\/dominiopublico\/43462\/torpes-aprendices-de-maquiavelo\/\" target=\"_blank\" rel=\"noopener\"><span style=\"font-size: 14pt;\">P\u00fablico<\/span><\/a><\/p>\n<\/div>\n<\/div>\n<figure id=\"attachment_2241364\" aria-describedby=\"caption-attachment-2241364\" style=\"width: 678px\" class=\"wp-caption aligncenter\"><img loading=\"lazy\" decoding=\"async\" class=\"wp-image-2241364 size-mh-magazine-content\" src=\"https:\/\/puntocritico.com\/ausajpuntocritico\/wp-content\/uploads\/2022\/02\/ayusodos-1-1024x683-1-678x381.jpg\" alt=\"\" width=\"678\" height=\"381\" data-id=\"2241364\" \/><figcaption id=\"caption-attachment-2241364\" class=\"wp-caption-text\"><span style=\"color: #008000;\">La presidenta de la Comunidad de Madrid, Isabel D\u00edaz Ayuso durante la rueda de prensa ofrecida en la Real Casa de Correos de Madrid este jueves. EFE\/ Javier Liz\u00f3n<\/span><\/figcaption><\/figure>\n<p>&nbsp;<\/p>\n<p style=\"text-align: justify;\"><span style=\"font-size: 14pt;\">Jos\u00e9 Luis Mart\u00ednez-Almeida madrug\u00f3 el jueves, en su calidad de telonero, para comparecer ante los medios como alcalde y s\u00f3lo alcalde sin portavoc\u00eda nacional, y negar unas acusaciones que a\u00fan no eran del todo p\u00fablicas: \u00abHe preguntado y lo han negado\u00bb, crey\u00f3 zanjar. Por la tarde, cancel\u00f3 su asistencia al Festival Internacional de Magia que figuraba en su agenda, y suponemos que, igual que el resto de l\u00edderes de su partido que cancelaron actos o no aparecieron por sus esca\u00f1os, se entreg\u00f3 a la gresca con el m\u00f3vil en la mano, esa espada que funciona con botoncitos. Por si quedaba alguna duda, ellos trabajan para el Partido, no para los ciudadanos, que son s\u00f3lo un medio para alcanzar el poder.<\/span><\/p>\n<p style=\"text-align: justify;\"><span style=\"font-size: 14pt;\">Y era del todo pertinente la presencia de alg\u00fan representante del PP en el Festival de Magia, ellos que son maestros en el arte de hacer desaparecer contratos, facturas, sobres en B o discos duros a martillazos. Ilusionismo y simulaciones en diferido, ya saben. Ahora sabemos que las Nuevas Generaciones de Madrid tambi\u00e9n act\u00faan como el Colegio Hogwarts de brujas y hechiceros, donde durante a\u00f1os se ejercitan en los secretos de la magia m\u00e1s negra. No s\u00e9 por qu\u00e9 los llaman \u00abfontaneros\u00bb, si no arreglan ning\u00fan grifo y son m\u00e1s bien poceros que trabajan en pozos s\u00e9pticos y cloacas y con esa materia fecal levantan luego grandes urbanizaciones, hospitales vac\u00edos o ruinosas Ciudades de la No-Justicia, porque su manera de entender la polis poco tiene que ver con un espacio de libertad y justicia en la que se desenvuelven los ciudadanos.<\/span><\/p>\n<p style=\"text-align: justify;\"><span style=\"font-size: 14pt;\">El PP de Madrid ha resultado ser como una de esas Universidades-chiringuitos que licitan con m\u00e1s facilidad que una franquicia de Starbucks, donde regalan (en verdad, se pagan caros) t\u00edtulos de m\u00e1ster sin acudir a clase ni entregar los trabajos finales. Como el fallido m\u00e1ster en\u00a0<em>liderazgo pol\u00edtico\u00a0<\/em>de Albert Rivera, con una plantilla de famosos profesores (hasta Toni Cant\u00f3) que han dado sobrada muestra en sus trayectorias de sus fracasos a la hora de liderar nada. Seguramente el estudio de Maquiavelo y sus t\u00e9cnicas de marketing pol\u00edtico ocupaban un lugar preeminente en los contenidos del programa, pero es lo que tiene no asistir a clase: que Maquiavelo te suena de o\u00eddas, o todo lo m\u00e1s has copiado un resumen en la web del\u00a0<em>Rinc\u00f3n del Vago<\/em>\u00a0y no has entendido nada.<\/span><\/p>\n<p style=\"text-align: justify;\"><span style=\"font-size: 14pt;\">El libro del pol\u00edtico y escritor renacentista estuvo prohibido durante siglos por ser obra del mism\u00edsimo Anticristo, aunque ahora l\u00edderes pol\u00edticos de izquierdas o derechas no tienen empacho en reconocerlo como su libro de cabecera.\u00a0<em>El Pr\u00edncipe<\/em>\u00a0es un manual para el buen gobernante de los tiempos modernos, que ya no est\u00e1 sometido a los dictados de la ley divina. Es un libro sobre c\u00f3mo conseguir el poder y mantenerlo, cueste lo que cueste. El fin justifica los medios, aunque la frase tan com\u00fanmente adjudicada no aparece ni una sola vez en el libro, y para el florentino, hombre de hondos valores republicanos, el fin del Pr\u00edncipe nunca podr\u00eda haber sido el enriquecimiento il\u00edcito propio o de familiares y amigos.<\/span><\/p>\n<p style=\"text-align: justify;\"><span style=\"font-size: 14pt;\">Maquiavelo concibi\u00f3 el arte de la pol\u00edtica como la capacidad, presente en las cualidades del Pr\u00edncipe, de hacer frente al tiempo y los temporales, a los acontecimientos imprevistos y el azar, todos esos elementos externos que solo una f\u00e9rrea voluntad puede doblegar con \u00e9xito, convirti\u00e9ndolos en viento a favor. El fin, que no es hacer caja ni la propia supervivencia aunque con ello se hunda el partido, es dotar de sentido al caos, darle forma para que la comunidad pol\u00edtica sea fuerte y vigorosa, capaz de resistir a los enemigos externos y tambi\u00e9n a los internos. La raz\u00f3n de Estado, otra expresi\u00f3n que tampoco aparece en el libro y que los actores de este culebr\u00f3n parecen haber abandonado como meta, entregados como est\u00e1n a la entrop\u00eda.<\/span><\/p>\n<p style=\"text-align: justify;\"><span style=\"font-size: 14pt;\">De enemigos internos saben mucho en nuestros partidos pol\u00edticos, y especialmente en el PP. Ayuso se anticip\u00f3 a los acontecimientos (receta maestra de Maquiavelo), antes de que la riada de la corrupci\u00f3n se la llevara por delante, para presentarse como una v\u00edctima del espionaje, el chantaje y la traici\u00f3n. No ser honrado pero parecerlo, es la recomendaci\u00f3n en estos casos de Maquiavelo. Claro que entonces no hab\u00eda fiscal\u00edas para esclarecer nada. Casado tard\u00f3 demasiado en pronunciarse, dej\u00f3 a los acontecimientos actuar parapetado en la sala del trono, y lo hizo en un medio af\u00edn y no para todos, lanzando acusaciones sin mostrar pruebas. No ser leal pero parecerlo: tampoco lo consigui\u00f3.<\/span><\/p>\n<p style=\"text-align: justify;\"><span style=\"font-size: 14pt;\">De las ense\u00f1anzas maquiav\u00e9licas, sin duda ambos se quedaron con la imagen del entonces vulgo o populacho, ahora conocido como electorado: gente ego\u00edsta, envidiosa, voluble y f\u00e1cilmente manipulable, que se gu\u00edan m\u00e1s por lo que ven que por toneladas de datos y documentos, y cuyo favor hay que saber ganarse. Y as\u00ed es como el florentino se adelant\u00f3 varios siglos al surgimiento de la opini\u00f3n p\u00fablica como factor clave, y supo vislumbrar ya entonces que todo era cuesti\u00f3n de imagen, y no de verdad. La pol\u00edtica de las pasiones, tan presente en nuestros d\u00edas, ya campaba a sus anchas en la Italia del siglo XVI. Ambos bandos se acusan ahora de \u00abcrueldad\u00bb: Maquiavelo les replicar\u00eda que el Pr\u00edncipe debe saber ser cruel cuando es necesario (es mejor ser temido que ser amado), y que no debe ser nunca un llorica.<\/span><\/p>\n<p style=\"text-align: justify;\"><span style=\"font-size: 14pt;\">Pero por encima de todo, lo que todos estos mal llamados\u00a0<em>fontaneros<\/em>\u00a0y aprendices del arte de la prestidigitaci\u00f3n pol\u00edtica ignoran gravemente es que la obra entera de Maquiavelo trata ante todo de la virtud. Y de virtudes, teologales o cardinales (prudencia, justicia, fortaleza, templanza), andan escasitos en el Partido Popular, por m\u00e1s que se les llene la boca hablando de \u00abconductas ejemplarizantes\u00bb. Menos a\u00fan lucen virtudes c\u00edvicas, que son el compromiso con la res publica y el bien com\u00fan, y que Maquiavelo ensalzaba para los tiempos de paz. Ni tan siquiera ostentan la\u00a0<em>virt\u00fa<\/em>\u00a0de ese gran Pr\u00edncipe fundador, necesaria para tiempos de guerra y zozobra: la fortaleza del le\u00f3n y la astucia del zorro. Y sin ella, las estratagemas maquiav\u00e9licas se quedan en mera marruller\u00eda in\u00fatil.<\/span><\/p>\n<p style=\"text-align: justify;\"><span style=\"font-size: 14pt;\">Casado, desde luego, no es un le\u00f3n: controla el poder formal del aparato pero no le avalan el coraje ni victorias a sus espaldas. Y de su astucia, qu\u00e9 podemos decir: sabemos c\u00f3mo obtuvo sus t\u00edtulos acad\u00e9micos, sus vaivenes de discurso, y conocemos a esa corte de la que se ha rodeado, consejeros \u00e1ulicos que yerran cada vez que tratan de anticiparse a los acontecimientos, ya sea amarrando la votaci\u00f3n de la reforma laboral, ya sea convocando unas elecciones fallidas e innecesarias en Castilla y Le\u00f3n. Creyeron que el enemigo a abatir era Ciudadanos, y no se dieron cuenta de que con ello alimentaban a un monstruo m\u00e1s poderoso. Ni Almeida, ni Teodoro Garc\u00eda Egea, ni mucho menos Carromero o Casero muestran virtud alguna (no ya \u00e9tica, sino entendida como pericia, a no ser que sea escupiendo huesos de aceituna), y ni siquiera dan la talla de\u00a0<em>rasputines<\/em>. A Casado le faltan pues todos los mimbres para ser el nuevo Pr\u00edncipe porque, sin proyecto, ni siquiera sabe a\u00fan qu\u00e9 forma quiere darle a la comunidad pol\u00edtica.<\/span><\/p>\n<p style=\"text-align: justify;\"><span style=\"font-size: 14pt;\">\u00bfY la\u00a0<em>Principessa<\/em>? En varios peri\u00f3dicos le otorgan ya este t\u00edtulo. Da una imagen de fortaleza y coraje, y parece contar con el favor del vulgo. Pero su conquista del poder se halla a\u00fan\u00a0<em>in media res<\/em>, y Maquiavelo ya nos ense\u00f1\u00f3 lo voluble que puede llegar a ser el amor de ese pueblo. Est\u00e1 demasiado expuesta a las inclemencias exteriores, y las distintas versiones que ha ofrecido en apenas veinticuatro horas a cuenta de los cobros de su hermano nada bueno dicen de su virtud pol\u00edtica trastabillante. No mueve ella los hilos, sino que la dirigen desde atr\u00e1s algunos medios de comunicaci\u00f3n y un asesor que de trastabillar por efecto del alcohol sabe un rato. Miguel \u00c1ngel Rodr\u00edguez, aquel portavoz del gobierno aznarista bravuc\u00f3n y lenguaraz, no es precisamente un dechado de virtudes. Aunque en ocasiones pueda ser un zorro, pero porque como dice el refr\u00e1n, m\u00e1s sabe el zorro por viejo que por zorro.<\/span><\/p>\n<p style=\"text-align: justify;\"><span style=\"font-size: 14pt;\">\u00bfUn \u00faltimo consejo de Maquiavelo para los aspirantes en liza? El castigo debe ser r\u00e1pido y firme. Porque si se enmara\u00f1an en una guerra de desgaste contra el enemigo interior y dejan actuar a la Fortuna, diosa del tiempo y el azar, el enemigo exterior les seguir\u00e1 creciendo, hasta quedar completamente a expensas de Vox. Y todo apunta a que es lo que acabar\u00e1n haciendo con su torpeza.<\/span><\/p>\n<p>&nbsp;<\/p>\n<figure id=\"attachment_2472\" aria-describedby=\"caption-attachment-2472\" style=\"width: 640px\" class=\"wp-caption aligncenter\"><img loading=\"lazy\" decoding=\"async\" class=\"wp-image-2472 size-full\" src=\"https:\/\/puntocritico.com\/ausajpuntocritico\/wp-content\/uploads\/2017\/05\/VERSTRYNGE-FIRMANDOLE-UN-AUT\u00d3GRAFO-A-ESPERANZA-AGUIRRE-EN-SU-EPOCA-DE-SECRETARIO-GENERAL-DEL-PARTIDO-DE-MANUEL-FRAGA.jpg\" alt=\"\" width=\"640\" height=\"475\" data-id=\"2472\" srcset=\"https:\/\/puntocritico.com\/ausajpuntocritico\/wp-content\/uploads\/2017\/05\/VERSTRYNGE-FIRMANDOLE-UN-AUT\u00d3GRAFO-A-ESPERANZA-AGUIRRE-EN-SU-EPOCA-DE-SECRETARIO-GENERAL-DEL-PARTIDO-DE-MANUEL-FRAGA.jpg 640w, https:\/\/puntocritico.com\/ausajpuntocritico\/wp-content\/uploads\/2017\/05\/VERSTRYNGE-FIRMANDOLE-UN-AUT\u00d3GRAFO-A-ESPERANZA-AGUIRRE-EN-SU-EPOCA-DE-SECRETARIO-GENERAL-DEL-PARTIDO-DE-MANUEL-FRAGA-300x223.jpg 300w, https:\/\/puntocritico.com\/ausajpuntocritico\/wp-content\/uploads\/2017\/05\/VERSTRYNGE-FIRMANDOLE-UN-AUT\u00d3GRAFO-A-ESPERANZA-AGUIRRE-EN-SU-EPOCA-DE-SECRETARIO-GENERAL-DEL-PARTIDO-DE-MANUEL-FRAGA-80x60.jpg 80w\" sizes=\"auto, (max-width: 640px) 100vw, 640px\" \/><figcaption id=\"caption-attachment-2472\" class=\"wp-caption-text\"><span style=\"color: #008000;\">Jorge Verstringe, Secretario General de Alianza Popular, el partido fundado por Fraga, antecedente del actual PP, con Esperanza Aguirre, antes de que el Gran Wayoming la convirtiese en referente pol\u00edtico<\/span><\/figcaption><\/figure>\n<p>&nbsp;<\/p>\n<hr \/>\n<h2><span id=\"RELACIONADOS\" style=\"font-size: 14pt;\"><strong>RELACIONADOS:<\/strong><\/span><\/h2>\n<blockquote class=\"wp-embedded-content\" data-secret=\"b7LupluqBl\"><p><a href=\"https:\/\/puntocritico.com\/ausajpuntocritico\/2021\/02\/09\/las-leyes-fundamentales-de-la-estupidez-humana-por-carlo-m-cipolla\/\">LAS LEYES FUNDAMENTALES DE LA ESTUPIDEZ HUMANA, por Carlo M. Cipolla<\/a><\/p><\/blockquote>\n<p><iframe loading=\"lazy\" class=\"wp-embedded-content\" sandbox=\"allow-scripts\" security=\"restricted\" style=\"position: absolute; clip: rect(1px, 1px, 1px, 1px);\" title=\"\u00abLAS LEYES FUNDAMENTALES DE LA ESTUPIDEZ HUMANA, por Carlo M. Cipolla\u00bb \u2014 Punto Cr\u00edtico Derechos Humanos\" src=\"https:\/\/puntocritico.com\/ausajpuntocritico\/2021\/02\/09\/las-leyes-fundamentales-de-la-estupidez-humana-por-carlo-m-cipolla\/embed\/#?secret=cC53qe6CLd#?secret=b7LupluqBl\" data-secret=\"b7LupluqBl\" width=\"500\" height=\"282\" frameborder=\"0\" marginwidth=\"0\" marginheight=\"0\" scrolling=\"no\"><\/iframe><\/p>\n<blockquote class=\"wp-embedded-content\" data-secret=\"MEU0bfgGga\"><p><a href=\"https:\/\/puntocritico.com\/ausajpuntocritico\/2021\/12\/01\/polibio\/\">POLIBIO DE MEGAL\u00d3POLIS (203 \u2013 120 a. C.). \u00abHISTORIAS\u00bb. LA ANACICLOSIS: El Ciclo de Degeneraci\u00f3n de las Formas de Gobierno, de la Monarqu\u00eda (Gobierno de uno) a la Oclocracia (populismo o corrupci\u00f3n de la Democracia).<\/a><\/p><\/blockquote>\n<p><iframe loading=\"lazy\" class=\"wp-embedded-content\" sandbox=\"allow-scripts\" security=\"restricted\" style=\"position: absolute; clip: rect(1px, 1px, 1px, 1px);\" title=\"\u00abPOLIBIO DE MEGAL\u00d3POLIS (203 \u2013 120 a. C.). \u00abHISTORIAS\u00bb. LA ANACICLOSIS: El Ciclo de Degeneraci\u00f3n de las Formas de Gobierno, de la Monarqu\u00eda (Gobierno de uno) a la Oclocracia (populismo o corrupci\u00f3n de la Democracia).\u00bb \u2014 Punto Cr\u00edtico Derechos Humanos\" src=\"https:\/\/puntocritico.com\/ausajpuntocritico\/2021\/12\/01\/polibio\/embed\/#?secret=ffx9ovCTIU#?secret=MEU0bfgGga\" data-secret=\"MEU0bfgGga\" width=\"500\" height=\"282\" frameborder=\"0\" marginwidth=\"0\" marginheight=\"0\" scrolling=\"no\"><\/iframe><\/p>\n<blockquote class=\"wp-embedded-content\" data-secret=\"1WA21bG0bs\"><p><a href=\"https:\/\/puntocritico.com\/ausajpuntocritico\/2018\/04\/05\/deficiencias-generalizadas-y-beneficios-ilimitados-el-neoliberalismo-de-rapina-espanol-escandaliza-en-la-u-e-tribunal-de-cuentas-europeo-informe-especial-no-09-2018-asociaciones-publico-privad\/\">\u00abDEFICIENCIAS GENERALIZADAS Y BENEFICIOS ILIMITADOS\u00bb. El Neoliberalismo de rapi\u00f1a espa\u00f1ol escandaliza en la U. E. (Tribunal de Cuentas Europeo: Informe Especial &#8211; asociaciones p\u00fablico-privadas)<\/a><\/p><\/blockquote>\n<p><iframe loading=\"lazy\" class=\"wp-embedded-content\" sandbox=\"allow-scripts\" security=\"restricted\" style=\"position: absolute; clip: rect(1px, 1px, 1px, 1px);\" title=\"\u00ab\u00abDEFICIENCIAS GENERALIZADAS Y BENEFICIOS ILIMITADOS\u00bb. El Neoliberalismo de rapi\u00f1a espa\u00f1ol escandaliza en la U. E. (Tribunal de Cuentas Europeo: Informe Especial &#8211; asociaciones p\u00fablico-privadas)\u00bb \u2014 Punto Cr\u00edtico Derechos Humanos\" src=\"https:\/\/puntocritico.com\/ausajpuntocritico\/2018\/04\/05\/deficiencias-generalizadas-y-beneficios-ilimitados-el-neoliberalismo-de-rapina-espanol-escandaliza-en-la-u-e-tribunal-de-cuentas-europeo-informe-especial-no-09-2018-asociaciones-publico-privad\/embed\/#?secret=8Mr8LHpxMU#?secret=1WA21bG0bs\" data-secret=\"1WA21bG0bs\" width=\"500\" height=\"282\" frameborder=\"0\" marginwidth=\"0\" marginheight=\"0\" scrolling=\"no\"><\/iframe><\/p>\n<blockquote class=\"wp-embedded-content\" data-secret=\"VlRpQJxiNq\"><p><a href=\"https:\/\/puntocritico.com\/ausajpuntocritico\/2018\/04\/04\/la-enfermedad-de-la-sanidad-publica-es-la-codicia-privada-la-sanidad-gallega-por-juan-oliver\/\">LA ENFERMEDAD DE LA SANIDAD P\u00daBLICA ES LA CODICIA PRIVADA. La Sanidad Gallega, por Juan Oliver<\/a><\/p><\/blockquote>\n<p><iframe loading=\"lazy\" class=\"wp-embedded-content\" sandbox=\"allow-scripts\" security=\"restricted\" style=\"position: absolute; clip: rect(1px, 1px, 1px, 1px);\" title=\"\u00abLA ENFERMEDAD DE LA SANIDAD P\u00daBLICA ES LA CODICIA PRIVADA. La Sanidad Gallega, por Juan Oliver\u00bb \u2014 Punto Cr\u00edtico Derechos Humanos\" src=\"https:\/\/puntocritico.com\/ausajpuntocritico\/2018\/04\/04\/la-enfermedad-de-la-sanidad-publica-es-la-codicia-privada-la-sanidad-gallega-por-juan-oliver\/embed\/#?secret=VJMHsWi1rG#?secret=VlRpQJxiNq\" data-secret=\"VlRpQJxiNq\" width=\"500\" height=\"282\" frameborder=\"0\" marginwidth=\"0\" marginheight=\"0\" scrolling=\"no\"><\/iframe><\/p>\n<blockquote class=\"wp-embedded-content\" data-secret=\"2zYclxNzl6\"><p><a href=\"https:\/\/puntocritico.com\/ausajpuntocritico\/2018\/01\/15\/la-revolucion-de-las-elites-de-la-privatizacion-de-los-servicios-publicos-a-la-desaparicion-del-estado\/\">La revoluci\u00f3n de las \u00e9lites: de la privatizaci\u00f3n de los servicios p\u00fablicos a la desaparici\u00f3n del Estado<\/a><\/p><\/blockquote>\n<p><iframe loading=\"lazy\" class=\"wp-embedded-content\" sandbox=\"allow-scripts\" security=\"restricted\" style=\"position: absolute; clip: rect(1px, 1px, 1px, 1px);\" title=\"\u00abLa revoluci\u00f3n de las \u00e9lites: de la privatizaci\u00f3n de los servicios p\u00fablicos a la desaparici\u00f3n del Estado\u00bb \u2014 Punto Cr\u00edtico Derechos Humanos\" src=\"https:\/\/puntocritico.com\/ausajpuntocritico\/2018\/01\/15\/la-revolucion-de-las-elites-de-la-privatizacion-de-los-servicios-publicos-a-la-desaparicion-del-estado\/embed\/#?secret=e74lVRLtbR#?secret=2zYclxNzl6\" data-secret=\"2zYclxNzl6\" width=\"500\" height=\"282\" frameborder=\"0\" marginwidth=\"0\" marginheight=\"0\" scrolling=\"no\"><\/iframe><\/p>\n<blockquote class=\"wp-embedded-content\" data-secret=\"JIAfCmdflw\"><p><a href=\"https:\/\/puntocritico.com\/ausajpuntocritico\/2022\/02\/10\/deuda-odiosa-2\/\">DEUDA ODIOSA Y CORRUPCI\u00d3N: \u201cDeudas odiosas son aquellas contra\u00eddas contra los intereses de la poblaci\u00f3n de un pa\u00eds y con el completo conocimiento del acreedor\u201d.<\/a><\/p><\/blockquote>\n<p><iframe loading=\"lazy\" class=\"wp-embedded-content\" sandbox=\"allow-scripts\" security=\"restricted\" style=\"position: absolute; clip: rect(1px, 1px, 1px, 1px);\" title=\"\u00abDEUDA ODIOSA Y CORRUPCI\u00d3N: \u201cDeudas odiosas son aquellas contra\u00eddas contra los intereses de la poblaci\u00f3n de un pa\u00eds y con el completo conocimiento del acreedor\u201d.\u00bb \u2014 Punto Cr\u00edtico Derechos Humanos\" src=\"https:\/\/puntocritico.com\/ausajpuntocritico\/2022\/02\/10\/deuda-odiosa-2\/embed\/#?secret=go4jodUdH7#?secret=JIAfCmdflw\" data-secret=\"JIAfCmdflw\" width=\"500\" height=\"282\" frameborder=\"0\" marginwidth=\"0\" marginheight=\"0\" scrolling=\"no\"><\/iframe><\/p>\n<blockquote class=\"wp-embedded-content\" data-secret=\"IM1XsLMdk3\"><p><a href=\"https:\/\/puntocritico.com\/ausajpuntocritico\/2021\/09\/15\/bobbio-la-democracia-y-los-clasicos\/\">\u00abLa crisis de la democracia y la lecci\u00f3n de los cl\u00e1sicos\u00bb, por Norberto Bobbio. \u00abLa pol\u00edtica es la esfera donde se desarrollan las relaciones de dominio\u00bb.<\/a><\/p><\/blockquote>\n<p><iframe loading=\"lazy\" class=\"wp-embedded-content\" sandbox=\"allow-scripts\" security=\"restricted\" style=\"position: absolute; clip: rect(1px, 1px, 1px, 1px);\" title=\"\u00ab\u00abLa crisis de la democracia y la lecci\u00f3n de los cl\u00e1sicos\u00bb, por Norberto Bobbio. \u00abLa pol\u00edtica es la esfera donde se desarrollan las relaciones de dominio\u00bb.\u00bb \u2014 Punto Cr\u00edtico Derechos Humanos\" src=\"https:\/\/puntocritico.com\/ausajpuntocritico\/2021\/09\/15\/bobbio-la-democracia-y-los-clasicos\/embed\/#?secret=yWQ45Wo79I#?secret=IM1XsLMdk3\" data-secret=\"IM1XsLMdk3\" width=\"500\" height=\"282\" frameborder=\"0\" marginwidth=\"0\" marginheight=\"0\" scrolling=\"no\"><\/iframe><\/p>\n<blockquote class=\"wp-embedded-content\" data-secret=\"JU3B2Am3uN\"><p><a href=\"https:\/\/puntocritico.com\/ausajpuntocritico\/2021\/11\/08\/como-sacar-provecho-de-los-enemigos-por-plutarco-2\/\">\u00abC\u00f3mo sacar provecho de los enemigos\u00bb, por Plutarco<\/a><\/p><\/blockquote>\n<p><iframe loading=\"lazy\" class=\"wp-embedded-content\" sandbox=\"allow-scripts\" security=\"restricted\" style=\"position: absolute; clip: rect(1px, 1px, 1px, 1px);\" title=\"\u00ab\u00abC\u00f3mo sacar provecho de los enemigos\u00bb, por Plutarco\u00bb \u2014 Punto Cr\u00edtico Derechos Humanos\" src=\"https:\/\/puntocritico.com\/ausajpuntocritico\/2021\/11\/08\/como-sacar-provecho-de-los-enemigos-por-plutarco-2\/embed\/#?secret=UmP7V5Qxhy#?secret=JU3B2Am3uN\" data-secret=\"JU3B2Am3uN\" width=\"500\" height=\"282\" frameborder=\"0\" marginwidth=\"0\" marginheight=\"0\" scrolling=\"no\"><\/iframe><\/p>\n<blockquote class=\"wp-embedded-content\" data-secret=\"EzHrlx2hNc\"><p><a href=\"https:\/\/puntocritico.com\/ausajpuntocritico\/2019\/06\/08\/caza-de-brujas-v-o-s-de-irwin-winkler-pelicula\/\">Caza de brujas (V.O.S.), de  Irwin Winkler (pel\u00edcula)<\/a><\/p><\/blockquote>\n<p><iframe loading=\"lazy\" class=\"wp-embedded-content\" sandbox=\"allow-scripts\" security=\"restricted\" style=\"position: absolute; clip: rect(1px, 1px, 1px, 1px);\" title=\"\u00abCaza de brujas (V.O.S.), de  Irwin Winkler (pel\u00edcula)\u00bb \u2014 Punto Cr\u00edtico Derechos Humanos\" src=\"https:\/\/puntocritico.com\/ausajpuntocritico\/2019\/06\/08\/caza-de-brujas-v-o-s-de-irwin-winkler-pelicula\/embed\/#?secret=OrE8mUNHti#?secret=EzHrlx2hNc\" data-secret=\"EzHrlx2hNc\" width=\"500\" height=\"282\" frameborder=\"0\" marginwidth=\"0\" marginheight=\"0\" scrolling=\"no\"><\/iframe><\/p>\n<blockquote class=\"wp-embedded-content\" data-secret=\"htbxXcAqSs\"><p><a href=\"https:\/\/puntocritico.com\/ausajpuntocritico\/2020\/12\/28\/la-virgen-de-wuhan-ance-asociacion-de-nacional-catolicos-empoderados-ha-iniciado-el-proceso-canonico-para-la-beatificacion-de-santa-isabel-de-wuhan\/\">LA VIRGEN DE WUHAN. \u00abANCE\u00bb (Asociaci\u00f3n de Nacional Cat\u00f3licos Empoderados) ha Iniciado el proceso can\u00f3nico para la Beatificaci\u00f3n de Santa Isabel de Wuhan.<\/a><\/p><\/blockquote>\n<p><iframe loading=\"lazy\" class=\"wp-embedded-content\" sandbox=\"allow-scripts\" security=\"restricted\" style=\"position: absolute; clip: rect(1px, 1px, 1px, 1px);\" title=\"\u00abLA VIRGEN DE WUHAN. \u00abANCE\u00bb (Asociaci\u00f3n de Nacional Cat\u00f3licos Empoderados) ha Iniciado el proceso can\u00f3nico para la Beatificaci\u00f3n de Santa Isabel de Wuhan.\u00bb \u2014 Punto Cr\u00edtico Derechos Humanos\" src=\"https:\/\/puntocritico.com\/ausajpuntocritico\/2020\/12\/28\/la-virgen-de-wuhan-ance-asociacion-de-nacional-catolicos-empoderados-ha-iniciado-el-proceso-canonico-para-la-beatificacion-de-santa-isabel-de-wuhan\/embed\/#?secret=JPpxAqkddU#?secret=htbxXcAqSs\" data-secret=\"htbxXcAqSs\" width=\"500\" height=\"282\" frameborder=\"0\" marginwidth=\"0\" marginheight=\"0\" scrolling=\"no\"><\/iframe><\/p>\n<p>&nbsp;<\/p>\n<p><a href=\"https:\/\/puntocritico.com\/ausajpuntocritico\/author\/punto-critico\/\"><img loading=\"lazy\" decoding=\"async\" class=\"smush-detected-img smush-image-2 aligncenter wp-image-9528\" src=\"https:\/\/puntocritico.com\/ausajpuntocritico\/wp-content\/uploads\/2018\/03\/Mosca_Punto_Cr%C3%ADtico_40.png\" alt=\"\" width=\"80\" height=\"80\" data-id=\"9528\" \/><\/a><\/p>\n<p>&nbsp;<\/p>\n<p>&nbsp;<\/p>\n","protected":false},"excerpt":{"rendered":"<div class=\"mh-excerpt\"><p>ISABELGATE: EL \u00abASUNTO\u00bb DIAZ AYUSO &nbsp; SUMINISTROS PARA LA PANDEMIA: LA PRESUNTA CORRUPCI\u00d3N DE ISABEL D\u00cdAZ AYUSO Y LA DIRECTIVA DE ALERTADORES La DIRECTIVA (UE) 2019\/1937 DEL PARLAMENTO EUROPEO Y DEL CONSEJO de 23 de <a class=\"mh-excerpt-more\" href=\"https:\/\/puntocritico.com\/ausajpuntocritico\/2022\/02\/21\/diaz-ayuso-y-la-descomposicion-de-lo-publico\/\" title=\"ISABELGATE: El \u00abASUNTO\u00bb D\u00cdAZ AYUSO Y LA DIRECTIVA DE ALERTADORES. \u00abLa (\u00bfirreversible?) descomposici\u00f3n de lo p\u00fablico\u00bb, por Rafael Jim\u00e9nez Asensio.\">[&#8230;]<\/a><\/p>\n<\/div>","protected":false},"author":3,"featured_media":2241147,"comment_status":"open","ping_status":"closed","sticky":false,"template":"","format":"standard","meta":{"_acf_changed":false,"_exactmetrics_skip_tracking":false,"_exactmetrics_sitenote_active":false,"_exactmetrics_sitenote_note":"","_exactmetrics_sitenote_category":0,"footnotes":""},"categories":[7,12,14],"tags":[122],"class_list":{"0":"post-2241095","1":"post","2":"type-post","3":"status-publish","4":"format-standard","5":"has-post-thumbnail","7":"category-politica","8":"category-corrupcion","9":"category-corrupcion_informativa","10":"tag-alertadores"},"acf":[],"_links":{"self":[{"href":"https:\/\/puntocritico.com\/ausajpuntocritico\/wp-json\/wp\/v2\/posts\/2241095","targetHints":{"allow":["GET"]}}],"collection":[{"href":"https:\/\/puntocritico.com\/ausajpuntocritico\/wp-json\/wp\/v2\/posts"}],"about":[{"href":"https:\/\/puntocritico.com\/ausajpuntocritico\/wp-json\/wp\/v2\/types\/post"}],"author":[{"embeddable":true,"href":"https:\/\/puntocritico.com\/ausajpuntocritico\/wp-json\/wp\/v2\/users\/3"}],"replies":[{"embeddable":true,"href":"https:\/\/puntocritico.com\/ausajpuntocritico\/wp-json\/wp\/v2\/comments?post=2241095"}],"version-history":[{"count":0,"href":"https:\/\/puntocritico.com\/ausajpuntocritico\/wp-json\/wp\/v2\/posts\/2241095\/revisions"}],"wp:featuredmedia":[{"embeddable":true,"href":"https:\/\/puntocritico.com\/ausajpuntocritico\/wp-json\/wp\/v2\/media\/2241147"}],"wp:attachment":[{"href":"https:\/\/puntocritico.com\/ausajpuntocritico\/wp-json\/wp\/v2\/media?parent=2241095"}],"wp:term":[{"taxonomy":"category","embeddable":true,"href":"https:\/\/puntocritico.com\/ausajpuntocritico\/wp-json\/wp\/v2\/categories?post=2241095"},{"taxonomy":"post_tag","embeddable":true,"href":"https:\/\/puntocritico.com\/ausajpuntocritico\/wp-json\/wp\/v2\/tags?post=2241095"}],"curies":[{"name":"wp","href":"https:\/\/api.w.org\/{rel}","templated":true}]}}