{"id":2240762,"date":"2022-02-16T00:05:24","date_gmt":"2022-02-15T23:05:24","guid":{"rendered":"https:\/\/puntocritico.com\/ausajpuntocritico\/?p=2240762"},"modified":"2022-07-25T16:03:45","modified_gmt":"2022-07-25T14:03:45","slug":"la-estafa-trans","status":"publish","type":"post","link":"https:\/\/puntocritico.com\/ausajpuntocritico\/2022\/02\/16\/la-estafa-trans\/","title":{"rendered":"IDEOLOG\u00cdA DE G\u00c9NERO, \u00abCamino de Servidumbre\u00bb, Siglo XXI. LA ESTAFA TRANS: \u00abLa transexualidad es homofobia, terapia de conversi\u00f3n para homosexuales\u00bb."},"content":{"rendered":"<div class=\"voc-article-container\">\n<article class=\"voc-article voc-article--detail voc-article--detail--base voc-article--photo-bottom\">\n<div class=\"voc-info-container\">\n<h1 style=\"text-align: justify;\"><span style=\"color: #008000; font-size: 14pt;\">LA ESTAFA TRANS<\/span><\/h1>\n\n<blockquote>\n<h2 class=\"voc-title\" style=\"text-align: center;\">\u00bfQu\u00e9 es la &#8216;ley Trans&#8217; y por qu\u00e9 es tan pol\u00e9mica?<\/h2>\n<p class=\"voc-sub-title\" style=\"text-align: center;\"><em><strong><span style=\"font-size: 14pt;\">La legislaci\u00f3n plantea la libre elecci\u00f3n del g\u00e9nero, lo que para el feminismo supone un \u00abborrado de las mujeres\u00bb<\/span><\/strong><\/em><\/p>\n<\/blockquote>\n<\/div>\n<\/article>\n<\/div>\n<blockquote>\n<div class=\"voc-detail\" data-voc-share-selection=\"\">\n<div class=\"voc-author-timesocial \">\n<div class=\"voc-author-timesocial__signature\" style=\"text-align: justify;\"><span style=\"font-size: 14pt;\">Por Iv\u00e1n Gelibter<\/span><\/div>\n<div style=\"text-align: justify;\"><span style=\"font-size: 14pt;\"><a href=\"https:\/\/www.diariosur.es\/sociedad\/ley-trans-polemica-eleccion-genero-20210206004251-nt.html\" target=\"_blank\" rel=\"noopener\">SUR<\/a>, 01 JUN 2021<\/span><\/div>\n<\/div>\n<\/div>\n<p><img loading=\"lazy\" decoding=\"async\" class=\"aligncenter wp-image-2240774 size-mh-magazine-content\" src=\"https:\/\/puntocritico.com\/ausajpuntocritico\/wp-content\/uploads\/2022\/02\/LA-ESTAFA-TRANS-2-624x381.jpeg\" alt=\"\" width=\"624\" height=\"381\" data-id=\"2240774\" \/><\/p>\n<p>&nbsp;<\/p>\n<p class=\"voc-paragraph\" style=\"text-align: justify;\"><span style=\"font-size: 14pt;\">La identidad de g\u00e9nero, el g\u00e9nero fluido, el no binarismo y la teor\u00eda &#8216;Queer&#8217; son conceptos pr\u00e1cticamente desconocidos para la mayor\u00eda, aunque desde hace algunas semanas estos t\u00e9rminos han aparecido en el debate p\u00fablico de la noche a la ma\u00f1ana. El motivo es que el Ministerio de Igualdad que dirige Irene Montero (Unidas Podemos) ha hecho p\u00fablico <strong>el borrador de la llamada &#8216;ley Trans&#8217;<\/strong>, una propuesta que no solamente enfrenta a los dos partidos en el Gobierno, sino a buena parte de sectores progresistas que hasta la fecha hab\u00edan coincidido en las reivindicaciones pol\u00edticas (sobre los derechos individuales), y cuya principal novedad es que las personas podr\u00e1n cambiarse el sexo en su DNI sin informes m\u00e9dicos o judiciales, simplemente mostrando su voluntad en un registro civil.<\/span><\/p>\n<p class=\"voc-paragraph\" style=\"text-align: justify;\"><span style=\"font-size: 14pt;\">Pero, \u00bfqu\u00e9 abarca la ley y por qu\u00e9 es tan pol\u00e9mica? Para encontrar las razones hay que viajar al a\u00f1o 2007. El Ejecutivo de Zapatero aprob\u00f3 entonces una ley pionera en el mundo que consist\u00eda en autorizar el cambio de nombre y de sexo de aquellas personas que no se identificaban con el que se le hab\u00eda asignado al nacer, pero\u00a0<strong>sin necesidad de haber pasado por una reasignaci\u00f3n quir\u00fargica de sexo<\/strong>. La condici\u00f3n que se impon\u00eda en esta normativa era que ten\u00eda que existir un informe psicol\u00f3gico diagnosticando la llamada &#8216;disforia de g\u00e9nero&#8217;, adem\u00e1s de acreditar que se hab\u00eda seguido alg\u00fan tipo de tratamiento en este sentido durante al menos dos a\u00f1os.<\/span><\/p>\n<p class=\"voc-paragraph\" style=\"text-align: justify;\"><span style=\"font-size: 14pt;\">A partir de entonces, diferentes comunidades aut\u00f3nomas (entre ellas la andaluza en 2014) fueron aprobando leyes trans en sus propios territorios en las que se ampliaban estos derechos. En el caso de Andaluc\u00eda, por ejemplo, una persona puede cambiarse el nombre de su tarjeta sanitaria sin necesidad de presentar ning\u00fan tipo de acreditaci\u00f3n de que padece una disforia de g\u00e9nero. Aun as\u00ed,\u00a0<strong>el gran cambio lleg\u00f3 en 2018, cuando la Organizaci\u00f3n Mundial de la Salud dej\u00f3 de considerar la transexualidad como una patolog\u00eda<\/strong>, lo que abri\u00f3 la puerta a que el colectivo reclamara la eliminaci\u00f3n del informe m\u00e9dico para cambiar el sexo en t\u00e9rminos legales.<\/span><\/p>\n<p class=\"voc-paragraph\" style=\"text-align: justify;\"><span style=\"font-size: 14pt;\">En concreto, este borrador que Montero pretende que se convierta en ley pone sobre la mesa el concepto de autodeterminaci\u00f3n del g\u00e9nero. El g\u00e9nero es la construcci\u00f3n social del sexo, es decir, la forma (y los estereotipos) en la que la sociedad define a los hombres y a las mujeres, independientemente de sus genitales. De esta manera,\u00a0<strong>la &#8216;ley Trans&#8217; permitir\u00eda que cualquier persona pueda acudir a un registro civil y cambie su sexo en el DNI aunque mantenga su genitalidad, su aspecto f\u00edsico y el nombre dado al nacer<\/strong>. Ello conllevar\u00eda, adem\u00e1s, la adquisici\u00f3n de los derechos que implica ser hombre o mujer, lo que para algunas posturas contrarias al borrador afectar\u00eda directamente a la legislaci\u00f3n espec\u00edfica, como la Ley de Igualdad o la de Violencia de G\u00e9nero; pero tambi\u00e9n a otros \u00e1mbitos como el del deporte. Estas consecuencias son justamente el origen de la pol\u00e9mica.<\/span><\/p>\n<p class=\"voc-paragraph\" style=\"text-align: justify;\"><span style=\"font-size: 14pt;\">Seg\u00fan Mar Cambroll\u00e9, presidenta de la Asociaci\u00f3n de Transexuales de Andaluc\u00eda (ATA) y una de las impulsoras de este borrador, le nueva &#8216;ley Trans&#8217;\u00a0<strong>dar\u00eda respuesta a todas las situaciones de discriminaci\u00f3n que vive el colectivo<\/strong>. \u00abLa autodeterminaci\u00f3n de g\u00e9nero es un derecho humano\u00bb, sostiene, y explica que es una herramienta legal que considera a las personas trans como sujetos de derecho. \u00abAhora somos sujetos tutelados, porque nuestra palabra tiene que ser acreditada por m\u00e9dicos o jueces. Nosotras pensamos que exigir un informe para ver si podemos cambiarnos el nombre es atentar contra nuestra dignidad\u00bb, argumenta.<\/span><\/p>\n<p class=\"voc-paragraph\" style=\"text-align: justify;\"><span style=\"font-size: 14pt;\">En el lado opuesto al colectivo trans se halla buena parte del feminismo, concretamente el que\u00a0<strong>aglutina a las referentes hist\u00f3ricas que ven un riesgo enorme la aprobaci\u00f3n de esta ley<\/strong>. \u00abHemos planteado que las mujeres estamos discriminadas por el hecho de serlo y que hay que hacer leyes espec\u00edficas. Si ahora decimos que ser mujer es un sentir, \u00bfen qu\u00e9 posici\u00f3n quedamos?\u00bb, se pregunta Lola Fern\u00e1ndez, enfermera y figura clave del feminismo en M\u00e1laga.<\/span><\/p>\n<p class=\"voc-paragraph\" style=\"text-align: justify;\"><span style=\"font-size: 14pt;\">La activista recuerda que el feminismo lleva \u00abtoda la vida\u00bb luchando por abolir el g\u00e9nero, o lo que es lo mismo,\u00a0<strong>por eliminar los estereotipos que condenan a las mujeres a tener una situaci\u00f3n de partida muy por detr\u00e1s de la de los hombres<\/strong>. \u00abEsta ley va en el sentido opuesto. Lo que pretende es poner el g\u00e9nero por encima del resto de cuestiones, lo que supone un paso atr\u00e1s. Ser mujer no es pintarse los labios y ponerse tacones\u00bb, insiste.<\/span><\/p>\n<p class=\"voc-paragraph\" style=\"text-align: justify;\"><span style=\"font-size: 14pt;\">Para Cambroll\u00e9, la &#8216;ley Trans&#8217; no supone un \u00abborrado de las mujeres\u00bb como critican los opositores, sino que son las mujeres trans las que llevan toda la vida borradas. \u00abEsta ley repara la desigualdad anacr\u00f3nica y sistem\u00e1tica de las personas trans. Espa\u00f1a ten\u00eda una deuda pendiente con nosotros.\u00a0<strong>No nos conceden privilegios, sino que garantizan la igualdad\u00bb<\/strong>, se\u00f1ala. Lola Fern\u00e1ndez insiste en que ellas no cuestionan la libertad y el derecho de las personas a sentir lo que quieran, y que ese no es el debate. \u00abEn este pa\u00eds la expresi\u00f3n de g\u00e9nero no est\u00e1 discriminada. Pero el cuerpo jur\u00eddico no puede recoger un derecho para un colectivo que va contra todas las mujeres\u00bb.<\/span><\/p>\n<p>&nbsp;<\/p>\n<p><img loading=\"lazy\" decoding=\"async\" class=\"aligncenter wp-image-2240775\" src=\"https:\/\/puntocritico.com\/ausajpuntocritico\/wp-content\/uploads\/2022\/02\/LA-ESTAFA-TRANS-1.jpg\" alt=\"\" width=\"480\" height=\"345\" data-id=\"2240775\" srcset=\"https:\/\/puntocritico.com\/ausajpuntocritico\/wp-content\/uploads\/2022\/02\/LA-ESTAFA-TRANS-1.jpg 320w, https:\/\/puntocritico.com\/ausajpuntocritico\/wp-content\/uploads\/2022\/02\/LA-ESTAFA-TRANS-1-300x216.jpg 300w\" sizes=\"auto, (max-width: 480px) 100vw, 480px\" \/><\/p>\n<\/blockquote>\n<div class=\"voc-detail__cmp voc-detail__cmp--pad-lr \">\n<div class=\"voc-ficha-detail__wrapper\">\n<section class=\"voc-ficha-detail\">\n<div class=\"voc-article-container\">\n<article class=\"voc-article voc-article--cmp-despiece \">\n<div class=\"voc-info-container\">\n<blockquote>\n<h3 class=\"voc-title\" style=\"text-align: center;\"><span style=\"font-size: 18pt;\">Las claves de la ley<\/span><\/h3>\n<p class=\"voc-paragraph\"><span style=\"font-size: 14pt;\"><strong>\u2022 Autodeterminaci\u00f3n de g\u00e9nero<\/strong><\/span><\/p>\n<p class=\"voc-paragraph\" style=\"text-align: justify;\"><span style=\"font-size: 14pt;\">El borrador planteado por el Ministerio de Igualdad que dirige Irene Montero (Unidas Podemos) plantea que cualquier persona mayor de 16 a\u00f1os puede cambiar el nombre y el sexo en el DNI sin necesidad de que medie ning\u00fan informe jur\u00eddico o m\u00e9dico, m\u00e1s all\u00e1 de la simple voluntad de hacerlo. Para ello, solo habr\u00eda que acudir al registro civil del municipio y realizar el tr\u00e1mite administrativo. En el citado documento no se especifica si esta acci\u00f3n se podr\u00eda realizar todas las veces que una persona quisiera. En l actualidad (tras la ley de 2007), el cambio de nombre y sexo se puede hacer sin necesidad de una operaci\u00f3n, pero s\u00ed debe existir un informe psicol\u00f3gico que determine la &#8216;disforia de g\u00e9nero&#8217; del paciente, adem\u00e1s de haber estado en tratamiento al menos dos a\u00f1os.<\/span><\/p>\n<p class=\"voc-paragraph\" style=\"text-align: justify;\"><span style=\"font-size: 14pt;\"><strong>\u2022 Cambio de g\u00e9nero en menores<\/strong><\/span><\/p>\n<p class=\"voc-paragraph\" style=\"text-align: justify;\"><span style=\"font-size: 14pt;\">Si la nueva ley de aprobase, este cambio de nombre y sexo lo podr\u00edan realizar los menores de edad (entre 16 y 18 a\u00f1os) sin autorizaci\u00f3n de sus progenitores prestando el llamado &#8216;consentimiento informado&#8217;. Entre los 12 y los 16 a\u00f1os tambi\u00e9n se podr\u00eda hacer el cambio, aunque en este caso s\u00ed se requiere autorizaci\u00f3n.<\/span><\/p>\n<p class=\"voc-paragraph\" style=\"text-align: justify;\"><span style=\"font-size: 14pt;\"><strong>\u2022 Tratamientos hormonales con menores<\/strong><\/span><\/p>\n<p class=\"voc-paragraph\" style=\"text-align: justify;\"><span style=\"font-size: 14pt;\">El borrador plantea que se puedan empezar a usar bloqueadores hormonales desde el inicio de la pubertad para evitar el desarrollo de los pechos o de la barba. Con posterioridad se podr\u00eda acceder al tratamiento hormonal cruzado (testosterona para chicos transexuales y estr\u00f3genos para chicas transexuales)<\/span><\/p>\n<p class=\"voc-paragraph\" style=\"text-align: justify;\"><span style=\"font-size: 14pt;\"><strong>\u2022 Personas no binarias<\/strong><\/span><\/p>\n<p class=\"voc-paragraph\" style=\"text-align: justify;\"><span style=\"font-size: 14pt;\">Esta nueva ley reconoce la realidad de las personas no binarias, es decir, aquellas que no se identifican con ning\u00fan g\u00e9nero. En el DNI no aparecer\u00eda ninguna letra.<\/span><\/p>\n<p class=\"voc-paragraph\" style=\"text-align: justify;\"><span style=\"font-size: 14pt;\"><strong>\u2022 Deporte<\/strong><\/span><\/p>\n<p class=\"voc-paragraph\" style=\"text-align: justify;\"><span style=\"font-size: 14pt;\">El borrador deja claro que las personas trans podr\u00e1n participar en los eventos deportivos atendiendo a su sexo registral tras su cambio legal.<\/span><\/p>\n<p class=\"voc-paragraph\" style=\"text-align: justify;\"><span style=\"font-size: 14pt;\"><strong>\u2022 Reproducci\u00f3n asistida<\/strong><\/span><\/p>\n<p class=\"voc-paragraph\" style=\"text-align: justify;\"><span style=\"font-size: 14pt;\">El documento del Ministerio avanza que las \u00abpersonas con capacidad de gestar\u00bb podr\u00e1n recurrir a la reproducci\u00f3n asistida financiada por la Seguridad Social, independientemente de su g\u00e9nero.<\/span><\/p>\n<p class=\"voc-paragraph\" style=\"text-align: justify;\"><span style=\"font-size: 14pt;\"><strong>\u2022 Sin retroactividad<\/strong><\/span><\/p>\n<p class=\"voc-paragraph\" style=\"text-align: justify;\"><span style=\"font-size: 14pt;\">Ninguna de estas normativas ser\u00e1n retroactivas, aunque s\u00ed inherentes a su nueva condici\u00f3n.<\/span><\/p>\n<\/blockquote>\n<\/div>\n<\/article>\n<\/div>\n<\/section>\n<\/div>\n<\/div>\n<div class=\"voc-detail__cmp\">\n<div class=\"voc-article-container\">\n<article class=\"voc-article voc-article--cmp-related voc-article--photo-left voc-article--photo-left--right-xs voc-home-tit-st\">\n<div class=\"voc-img-container \">\u00a0<\/div>\n<\/article>\n<\/div>\n<\/div>\n<p><img loading=\"lazy\" decoding=\"async\" class=\"aligncenter wp-image-2240777 size-mh-magazine-content\" src=\"https:\/\/puntocritico.com\/ausajpuntocritico\/wp-content\/uploads\/2022\/02\/LA-ESTAFA-TRANS-4-678x381.jpg\" alt=\"\" width=\"678\" height=\"381\" data-id=\"2240777\" \/><\/p>\n<p style=\"text-align: center;\"><span style=\"color: #008000; font-size: 18pt;\"><strong>*******<\/strong><\/span><\/p>\n<h2 style=\"text-align: center;\"><span style=\"font-size: 24pt;\">La \u00abestafa\u00bb trans: \u00abLa transexualidad es homofobia, terapia de conversi\u00f3n para homosexuales\u00bb<\/span><\/h2>\n<p class=\"subtitulo\" style=\"text-align: center;\"><span style=\"font-size: 18pt;\"><strong><em>Tras sufrir da\u00f1os irreversibles, Sandra Mercado denuncia la \u00abdegradaci\u00f3n de la transexualidad\u00bb que pretende Irene Montero y el \u00abnuevo fascismo queer\u00bb.<\/em><\/strong><\/span><\/p>\n<p style=\"text-align: justify;\"><span style=\"font-size: 14pt;\">Por Sandra Le\u00f3n<\/span><\/p>\n<p style=\"text-align: justify;\"><span style=\"font-size: 14pt;\"><a href=\"https:\/\/www.libertaddigital.com\/espana\/politica\/2022-02-12\/la-estafa-trans-la-transexualidad-es-homofobia-terapia-de-conversion-para-homosexuales-6864361\/\" target=\"_blank\" rel=\"noopener\">Libertad Digital<\/a>, 2 FEB 2022<\/span><\/p>\n<figure id=\"attachment_2240764\" aria-describedby=\"caption-attachment-2240764\" style=\"width: 678px\" class=\"wp-caption aligncenter\"><img loading=\"lazy\" decoding=\"async\" class=\"wp-image-2240764 size-mh-magazine-content\" src=\"https:\/\/puntocritico.com\/ausajpuntocritico\/wp-content\/uploads\/2022\/02\/sandrita-sandra-mercado-transexual-01-11022022.jpeg-678x381.webp\" alt=\"LA ESTAFA TRANS\" width=\"678\" height=\"381\" data-id=\"2240764\" \/><figcaption id=\"caption-attachment-2240764\" class=\"wp-caption-text\"><span style=\"color: #008000;\">Sandra Mercado, transexual | LD<\/span><\/figcaption><\/figure>\n<p>&nbsp;<\/p>\n<p style=\"text-align: justify;\"><span style=\"font-size: 14pt;\">Desde que la ministra de Igualdad, Irene Montero, anunci\u00f3 la llamada<a href=\"https:\/\/www.libertaddigital.com\/temas\/ley-trans\/\" target=\"_blank\" rel=\"noopener\" data-schema-attribute=\"\"><strong>\u00a0ley Trans<\/strong><\/a>, las feministas han venido denunciando que dicha normativa es literalmente \u00ab<a href=\"https:\/\/www.libertaddigital.com\/espana\/2021-06-29\/las-7-razones-por-las-que-las-feministas-consideran-que-la-ley-trans-es-una-aberracion-6795534\/\" target=\"_blank\" rel=\"noopener\" data-schema-attribute=\"\"><strong>una aberraci\u00f3n<\/strong><\/a>\u00ab. Sin embargo, no son las \u00fanicas. Aunque muchos no se atreven a alzar la voz, lo cierto es que cada vez son m\u00e1s los propios transexuales que la consideran \u00abuna locura\u00bb.\u00a0<strong>Sandra Mercado<\/strong>\u00a0es una de ellos. \u00ab<strong>La transexualidad es homofobia, terapia de conversi\u00f3n para homosexuales<\/strong>\u00ab, denuncia abiertamente.<\/span><\/p>\n<p style=\"text-align: justify;\"><span style=\"font-size: 14pt;\">Sandrita -como le gusta que la llamen- naci\u00f3 siendo un hombre. Y hoy, insiste, lo sigue siendo, a pesar de su apariencia de mujer. Hace unos a\u00f1os complet\u00f3 su transici\u00f3n con una vaginoplastia y, en contra de lo que esperaba y de lo que muchos le prometieron,\u00a0<strong>su disforia no ha desparecido<\/strong>. Darse cuenta de la \u00abestafa\u00bb de la transexualidad (\u00abEstafa Trans\u00bb) le hizo caer en un pozo muy hondo: \u00ab<strong>Es como si te hubieras hecho de una secta y, de repente, fueras consciente de ello.<\/strong>\u00a0Para m\u00ed fue un shock el darme cuenta de la verdad de la transexualidad\u00bb.<\/span><\/p>\n<p style=\"text-align: justify;\"><span style=\"font-size: 14pt;\">Hoy, gracias a la ayuda de psic\u00f3logos y psiquiatras -abolicionistas del g\u00e9nero, matiza- resurge de sus cenizas para mostrar al mundo esa verdad a trav\u00e9s de su propia historia. Lo hace en\u00a0<a href=\"https:\/\/www.youtube.com\/channel\/UCa0nw2liHlZZEmRhfZoPCOw\" target=\"_blank\" rel=\"noopener\" data-schema-attribute=\"\"><strong>su canal de Youtube\u00a0<\/strong><\/a>y en esta charla con\u00a0<strong>Libertad Digital<\/strong>, en la que denuncia \u00abese\u00a0<strong>nuevo fascismo llamado queer, lleno de purpurina<\/strong>\u00bb por el que se ha dejado llevar la ministra de Igualdad y que, seg\u00fan dice, ha desembocado en una \u00ab<strong>degradaci\u00f3n de la transexualidad<\/strong>\u00ab.<\/span><\/p>\n<h3><span style=\"font-size: 18pt;\"><strong>LA ESTAFA TRANS:\u00a0Nazismo, maltrato y acoso escolar.<\/strong><\/span><\/h3>\n<p style=\"text-align: justify;\"><span style=\"font-size: 14pt;\">\u00abYo\u00a0<strong>siempre tuve claro que era homosexual<\/strong>. En el colegio, yo me enamoraba de chicos, como mis amigas. Nunca he sentido atracci\u00f3n por las mujeres\u00bb, arranca su relato. No era lo \u00fanico que ten\u00eda claro: \u00abYa en la guarder\u00eda, siempre\u00a0<strong>me fijaba en las profesoras con el pelo largo, en el maquillaje, en los tacones<\/strong>\u2026 Todo eso me fascinaba, pero no me hac\u00eda plantearme que fuera una ni\u00f1a, simplemente yo ten\u00eda esos gustos\u00bb.<\/span><\/p>\n<blockquote>\n<aside class=\"cita\"><strong><span style=\"color: #008000; font-size: 14pt;\">Me persegu\u00edan por la calle para intentar matarme, me hac\u00edan bullying en el colegio y hasta mi padre me llamaba \u2018maric\u00f3n\u2019.<\/span><\/strong><\/aside>\n<\/blockquote>\n<aside>\n<figure id=\"attachment_2240766\" aria-describedby=\"caption-attachment-2240766\" style=\"width: 290px\" class=\"wp-caption alignright\"><img loading=\"lazy\" decoding=\"async\" class=\"wp-image-2240766 size-full\" src=\"https:\/\/puntocritico.com\/ausajpuntocritico\/wp-content\/uploads\/2022\/02\/sandrita-sandra-mercado-transexual-05-11022022.jpeg\" alt=\"\" width=\"290\" height=\"386\" data-id=\"2240766\" srcset=\"https:\/\/puntocritico.com\/ausajpuntocritico\/wp-content\/uploads\/2022\/02\/sandrita-sandra-mercado-transexual-05-11022022.jpeg 290w, https:\/\/puntocritico.com\/ausajpuntocritico\/wp-content\/uploads\/2022\/02\/sandrita-sandra-mercado-transexual-05-11022022-225x300.jpeg 225w\" sizes=\"auto, (max-width: 290px) 100vw, 290px\" \/><figcaption id=\"caption-attachment-2240766\" class=\"wp-caption-text\"><span style=\"color: #008000;\">Sandra Mercado, cuando todav\u00eda era un ni\u00f1o<\/span><\/figcaption><\/figure><\/p>\n<p style=\"text-align: justify;\"><span style=\"font-size: 14pt;\">Sin embargo, todo aquello pronto empez\u00f3 a ocasionarle graves problemas en el pueblo en el que viv\u00eda, un peque\u00f1o municipio situado a unos 40 kil\u00f3metros de Barcelona, donde se convirti\u00f3 en el objetivo de uno de los tantos <strong>grupos neonazis de principios de los 90<\/strong>. \u00abMe persegu\u00edan por la calle para intentar matarme, me hac\u00edan bullying en el colegio y hasta mi padre me llamaba \u2018maric\u00f3n\u2019 -explica tratando de no dejarse llevar por el dolor de los recuerdos-.\u00a0<strong>Me obligaba a jugar al f\u00fatbol, me dec\u00eda que ten\u00eda que ser del Real Madrid, y yo todo eso lo odiaba<\/strong>. Yo solo quer\u00eda barbies, me gustaba el color rosa\u2026 Pero esperaban que yo me comportara como un machote. No me dejaban expresarme como yo quer\u00eda, porque a la m\u00ednima ya me dec\u00edan que todo eso era de ni\u00f1as\u00bb.<\/span><\/p>\n<p style=\"text-align: justify;\"><span style=\"font-size: 14pt;\">Su madre fue la \u00fanica que trat\u00f3 de comprenderle: \u00abFue a hablar con las profesoras para preguntarles qu\u00e9 me pasaba y ellas\u00a0<strong>le dijeron que no ten\u00eda ning\u00fan problema, que los juguetes no eran nada m\u00e1s que eso, juguetes<\/strong>, as\u00ed que me compraba todas las mu\u00f1ecas que yo quer\u00eda, pero me las escond\u00eda debajo de la cama para que mi padre no las viera\u00bb.<\/span><\/p>\n<h3><span style=\"font-size: 18pt;\">LA ESTAFA TRANS:\u00a0<\/span><span style=\"font-size: 18pt;\">La \u2018plumofobia\u2019 y el origen de su disforia.<\/span><\/h3>\n<figure id=\"attachment_2240765\" aria-describedby=\"caption-attachment-2240765\" style=\"width: 320px\" class=\"wp-caption alignleft\"><img loading=\"lazy\" decoding=\"async\" class=\"wp-image-2240765 size-full\" src=\"https:\/\/puntocritico.com\/ausajpuntocritico\/wp-content\/uploads\/2022\/02\/sandrita-sandra-mercado-transexual-06-11022022.jpeg\" alt=\"\" width=\"320\" height=\"195\" data-id=\"2240765\" srcset=\"https:\/\/puntocritico.com\/ausajpuntocritico\/wp-content\/uploads\/2022\/02\/sandrita-sandra-mercado-transexual-06-11022022.jpeg 320w, https:\/\/puntocritico.com\/ausajpuntocritico\/wp-content\/uploads\/2022\/02\/sandrita-sandra-mercado-transexual-06-11022022-300x183.jpeg 300w\" sizes=\"auto, (max-width: 320px) 100vw, 320px\" \/><figcaption id=\"caption-attachment-2240765\" class=\"wp-caption-text\"><span style=\"color: #008000;\">Siempre ha sentido predilecci\u00f3n por la ropa de mujer<\/span><\/figcaption><\/figure>\n<p style=\"text-align: justify;\"><span style=\"font-size: 14pt;\">Hoy, a sus 35 a\u00f1os, es consciente de que todo aquello fue el origen de su disforia. Y no s\u00f3lo la homofobia, sino tambi\u00e9n la \u00abplumofobia\u00bb que existe en la sociedad y a la que, seg\u00fan dice, contribuyen muchos homosexuales: \u00abYo siempre he sido<strong>\u00a0muy amanerado, con much\u00edsima pluma, era un ni\u00f1o con una voz muy femenina, gesticulaba mucho<\/strong>\u2026 Y cuando empiezas a sufrir discriminaci\u00f3n y maltrato, todo eso poco a poco te empuja a querer pensar que eres una mujer porque piensas que, si encajas como mujer heterosexual, te van a dejar en paz\u00bb.<\/span><\/p>\n<p style=\"text-align: justify;\"><span style=\"font-size: 14pt;\">El punto de inflexi\u00f3n lleg\u00f3 en la adolescencia. \u00abEmpec\u00e9 a tener disforia, pero yo creo que la disforia o dismorfia la sufrimos todos. La sociedad en la que vivimos nos hace crearnos complejos. Yo\u00a0<strong>era un chico que ten\u00eda mucho vello en la cara y en el pecho, y que se metieran conmigo por eso tambi\u00e9n me hac\u00eda rechazar mi cuerpo<\/strong>, pero no creo que tenga que ver con la transexualidad -reflexiona dos d\u00e9cadas despu\u00e9s-. Es como cuando las chicas gorditas o un ni\u00f1o que lleva gafas y tiene granos en la cara no le gusta verse as\u00ed, pero porque nos han metido en la cabeza que eso es algo horrible\u00bb.<\/span><\/p>\n<\/aside>\n<blockquote>\n<aside><strong><span style=\"font-size: 14pt; color: #008000;\">Piensas que si encajas como mujer heterosexual, te van a dejar en paz<\/span><\/strong><\/aside>\n<\/blockquote>\n<p style=\"text-align: justify;\"><span style=\"font-size: 14pt;\">Por aquel entonces, ya usaba ropa considerada de chica. \u00abIba al Bershka y\u00a0<strong>me compraba mis pantalones de campana, mis plataformas<\/strong>\u2026\u00bb, recuerda orgullosa. Sin embargo, cuando empez\u00f3 a desarrollar su disforia pens\u00f3 que aquello no era suficiente. \u00abSegu\u00eda siendo un hombre, as\u00ed que necesitaba un tratamiento hormonal\u00bb.<\/span><\/p>\n<h3><span style=\"font-size: 18pt;\">LA ESTAFA TRANS<\/span><span style=\"font-size: 18pt;\">: El inicio de la hormonaci\u00f3n.<\/span><\/h3>\n<p style=\"text-align: justify;\"><span style=\"font-size: 14pt;\">Empez\u00f3 a trabajar en bares y discotecas y conoci\u00f3 a muchos transexuales que le hicieron replantearse todo e iniciar la transici\u00f3n para tratar de convertirse as\u00ed en una mujer: \u00abDe alguna manera, piensas que te vas a volver invisible,\u00a0<strong>ya no eres ese maric\u00f3n al que van a insultar o al que van a pegar<\/strong>. Hay muchas variables que pueden influir, pero en mi caso fue por culpa de la discriminaci\u00f3n, el maltrato y los estereotipos sexistas\u00bb.<\/span><\/p>\n<blockquote>\n<aside class=\"cita\"><span style=\"color: #008000;\"><strong><span style=\"font-size: 14pt;\">Hay muchas variables que pueden influir, pero en mi caso fue por culpa de la discriminaci\u00f3n, el maltrato y los estereotipos sexistas<\/span><\/strong><\/span><\/aside>\n<\/blockquote>\n<p style=\"text-align: justify;\"><span style=\"font-size: 14pt;\">Y as\u00ed fue como inici\u00f3 el tratamiento hormonal de la mano de psic\u00f3logos que, seg\u00fan denuncia, nunca le dieron alternativa: \u00ab<strong>La disforia tiene un origen, una ra\u00edz, y nadie indag\u00f3 en mi ra\u00edz. Simplemente me se\u00f1alaron ese camino<\/strong>\u00ab. Aunque Sandra est\u00e1 convencida de que, si muchos profesionales no lo hacen, es por miedo. \u00abNo es que no quieran, es que la ley no les deja, porque si cuestionan el origen de tu disforia, pueden tener problemas\u00bb.<\/span><\/p>\n<p style=\"text-align: justify;\"><span style=\"font-size: 14pt;\">Al igual que a otros tantos j\u00f3venes de la \u00e9poca, le dijeron que ten\u00eda \u00abla mente de una mujer atrapada en el cuerpo de un hombre\u00bb. Y ella se lo crey\u00f3 a pies juntillas:\u00a0<strong>\u00abLlegu\u00e9 a pensar que, en el embarazo de mi madre, hab\u00eda habido alg\u00fan problema<\/strong>\u00a0y me hab\u00eda quedado a medias, porque todo me hac\u00eda ver que parec\u00eda una mujer y que, con unas cuantas hormonas y una cirug\u00eda, ya ser\u00eda una mujer completa\u00bb.<\/span><\/p>\n<h3><span style=\"font-size: 18pt;\">LA ESTAFA TRANS:\u00a0<\/span><span style=\"font-size: 18pt;\">El \u00abinfierno\u00bb de la vaginoplastia.<\/span><\/h3>\n<figure id=\"attachment_2240942\" aria-describedby=\"caption-attachment-2240942\" style=\"width: 528px\" class=\"wp-caption aligncenter\"><img loading=\"lazy\" decoding=\"async\" class=\"wp-image-2240942 size-full\" src=\"https:\/\/puntocritico.com\/ausajpuntocritico\/wp-content\/uploads\/2022\/02\/Faloplastia-31.jpg\" alt=\"\" width=\"528\" height=\"478\" data-id=\"2240942\" srcset=\"https:\/\/puntocritico.com\/ausajpuntocritico\/wp-content\/uploads\/2022\/02\/Faloplastia-31.jpg 528w, https:\/\/puntocritico.com\/ausajpuntocritico\/wp-content\/uploads\/2022\/02\/Faloplastia-31-300x272.jpg 300w\" sizes=\"auto, (max-width: 528px) 100vw, 528px\" \/><figcaption id=\"caption-attachment-2240942\" class=\"wp-caption-text\"><span style=\"color: #008000;\">Francia introduce en su C\u00f3digo Penal una Ley para quitar la patria potestad a los padres que se opongan a la mutilaci\u00f3n de sus hijos menores, en aplicaci\u00f3n de la perversi\u00f3n totalitaria de la Ideolog\u00eda de G\u00e9nero.<\/span><\/figcaption><\/figure>\n<p>&nbsp;<\/p>\n<p style=\"text-align: justify;\"><span style=\"font-size: 14pt;\">En aquella \u00e9poca no exist\u00edan las unidades de g\u00e9nero en los hospitales, as\u00ed que inici\u00f3 el tratamiento hormonal con un endocrino privado. Lleg\u00f3 a visitar al famoso cirujano\u00a0<strong>Iv\u00e1n Ma\u00f1ero<\/strong>\u00a0para hacerse la vaginoplastia, pero la operaci\u00f3n que le ofrec\u00eda costaba\u00a0<strong>entre 30.000 y 40.000 euros<\/strong>, as\u00ed que decidi\u00f3 esperar. \u00abLa transexualidad es un negocio que mueve millones, no te imaginas hasta qu\u00e9 punto\u00bb, lamenta.<\/span><\/p>\n<blockquote>\n<aside class=\"cita\"><span style=\"color: #008000;\"><strong><span style=\"font-size: 14pt;\">La transexualidad es un negocio que mueve millones, no te imaginas hasta qu\u00e9 punto<\/span><\/strong><\/span><\/aside>\n<\/blockquote>\n<p style=\"text-align: justify;\"><span style=\"font-size: 14pt;\">En 2010, la Seguridad Social empez\u00f3 a incluir la cirug\u00eda en su cartera de servicios y se apunt\u00f3 en la lista de espera. Tard\u00f3 cinco a\u00f1os en recibir una llamada, pero, en 2015, por fin le dieron cita con un psiquiatra para que valorase si era candidata a una vaginoplastia. \u00abLo \u00fanico que hizo fue hacerme\u00a0<strong>preguntas sexistas: si de peque\u00f1a jugaba con mu\u00f1ecas o con coches, si en el sexo era la pasiva o la activa<\/strong>&#8230; Y, claro, concluy\u00f3 que era la candidata ideal, y como yo en aquella \u00e9poca ten\u00eda el sexismo muy interiorizado, pues tambi\u00e9n\u00bb.<\/span><\/p>\n<p style=\"text-align: justify;\"><span style=\"font-size: 14pt;\">Unos meses despu\u00e9s, llegar\u00eda la primera consulta con el cirujano. \u00ab<strong>Lo \u00fanico que me dijo fue que me quedar\u00eda poca profundidad<\/strong>. Solamente te dicen eso. No te explican nada, esconden las consecuencias a corto y a largo plazo\u00bb, denuncia Sandra, a la que aquella operaci\u00f3n le ha ocasionado \u00abda\u00f1os irreversibles\u00bb.<\/span><\/p>\n<blockquote>\n<aside class=\"cita\"><strong><span style=\"font-size: 14pt; color: #008000;\">Tengo momentos mejores, momentos peores, pero es un da\u00f1o que ya es irreversible<\/span><\/strong><\/aside>\n<\/blockquote>\n<figure id=\"attachment_2240767\" aria-describedby=\"caption-attachment-2240767\" style=\"width: 290px\" class=\"wp-caption alignleft\"><a href=\"https:\/\/www.youtube.com\/channel\/UCa0nw2liHlZZEmRhfZoPCOw\" target=\"_blank\" rel=\"noopener\"><img loading=\"lazy\" decoding=\"async\" class=\"wp-image-2240767 size-full\" src=\"https:\/\/puntocritico.com\/ausajpuntocritico\/wp-content\/uploads\/2022\/02\/sandrita-sandra-mercado-transexual-02-11022022.jpeg\" alt=\"\" width=\"290\" height=\"232\" data-id=\"2240767\" \/><\/a><figcaption id=\"caption-attachment-2240767\" class=\"wp-caption-text\"><span style=\"color: #008000;\">Hoy, Sandra cuenta su experiencia en un canal de Youtube<\/span><\/figcaption><\/figure>\n<p style=\"text-align: justify;\"><span style=\"font-size: 14pt;\">Sin entrar en muchos detalles, nos cuenta que\u00a0<strong>la vaginoplastia es \u00abuna cirug\u00eda muy invasiva\u00bb, que \u00abel postoperatorio es un infierno\u00bb\u00a0<\/strong>y que, en muchos casos, como el suyo, el sufrimiento no termina ah\u00ed. Pasado un a\u00f1o y medio o dos a\u00f1os, le diagnosticaron una\u00a0<strong>estenosis en la uretra<\/strong>. \u00abMe daban antinflamatorios, pero lleg\u00f3 un momento en que casi no pod\u00eda orinar. Imag\u00ednate los dolores que pas\u00e9\u00bb. Finalmente, la volvieron a operar. \u00abExperimentaron conmigo\u00bb, denuncia. Y, aunque finalmente todo sali\u00f3 bien, los nervios del suelo p\u00e9lvico le han quedado da\u00f1ados para siempre. \u00abTengo momentos mejores, momentos peores, pero es un da\u00f1o que ya es irreversible. Es como si tuviera una cistitis permanente\u00bb.<\/span><\/p>\n<p style=\"text-align: justify;\"><span style=\"font-size: 14pt;\">As\u00ed, lo primero que Sandra reclama es transparencia: \u00abSiempre he dicho que<strong>\u00a0ojal\u00e1 por lo menos hubieran sido honestos conmigo y me hubieran explicado los riesgos<\/strong>, porque si me los cuentan, te prometo que yo me lo hubiera pensado mejor\u00bb. Por eso, hoy se siente orgullosa de poder ayudar a otras personas a trav\u00e9s de sus redes sociales: \u00abSi una vez que escuchan mi historia quieren seguir adelante, que lo hagan, pero muchos se han puesto en contacto conmigo y me han dicho \u2018gracias, porque gracias a tu testimonio, me lo he replanteado y no me hago la vaginoplastia. Me quedo con mi pene y me expreso, me visto y luzco como quiero\u2019 \u00ab. De hecho, advierte de que incluso las hormonas pueden provocar da\u00f1os irreversibles. En su caso,\u00a0<strong>dispepsia estomacal<\/strong>\u00a0o, lo que es lo mismo, una inflamaci\u00f3n severa del est\u00f3mago.<\/span><\/p>\n<h3><span style=\"font-size: 18pt;\">LA ESTAFA TRANS:\u00a0<\/span><span style=\"font-size: 18pt;\">La \u00abestafa\u00bb de la transexualidad.<\/span><\/h3>\n<p style=\"text-align: justify;\"><span style=\"font-size: 14pt;\">Sandra empez\u00f3 a movilizarse en las redes sociales hace dos a\u00f1os, cuando descubri\u00f3 que las cirug\u00edas no hab\u00edan acabado con su disforia. Sin embargo, ha tenido que pasar unos meses alejada de todas las plataformas por el shock que le produjo entender cu\u00e1l hab\u00eda sido la verdadera ra\u00edz de su problema: el sexismo. \u00abDespu\u00e9s de leer mucho, me di cuenta de que la transexualidad era una estafa, de que\u00a0<strong>realmente somos homosexuales atormentados por estereotipos sexistas<\/strong>\u00a0y que el \u00fanico camino para poder superar la disforia o llevarla lo mejor posible es aceptarme tal y como soy\u00bb.<\/span><\/p>\n<blockquote>\n<aside class=\"cita\"><span style=\"color: #008000;\"><strong><span style=\"font-size: 14pt;\">Transexualidad es homofobia, terapia de conversi\u00f3n para homosexuales. Es querer heterosexualizar la homosexualidad<\/span><\/strong><\/span><\/aside>\n<\/blockquote>\n<p style=\"text-align: justify;\"><span style=\"font-size: 14pt;\">Hoy, trata de hacer ver a sus seguidores que muchos de los problemas que padecen se acabar\u00edan con la supresi\u00f3n de los estereotipos sexistas: olvidarse de que hay cosas de chicas y cosas de chicos, cosas que est\u00e1n bien vistas si tu apariencia f\u00edsica es la de una mujer y cosas que no. \u00abTransexualidad es homofobia, terapia de conversi\u00f3n para homosexuales. Cuando escucho a transexuales decir \u2018yo soy una mujer heterosexual\u2019, es mentira. Primero, porque\u00a0<strong>el sexo no se puede cambiar, porque es inmutable\u00a0<\/strong>y segundo, porque sigue siendo el mismo var\u00f3n homosexual. Es querer heterosexualizar la homosexualidad\u00bb.<\/span><\/p>\n<h3><span style=\"font-size: 18pt;\">LA ESTAFA TRANS:\u00a0<\/span><span style=\"font-size: 18pt;\">La \u00abdegradaci\u00f3n\u00bb de la ley trans.<\/span><\/h3>\n<p style=\"text-align: justify;\"><span style=\"font-size: 14pt;\">Reconoce que el asunto \u00abes muy complejo\u00bb, pero, precisamente por eso, Sandra cree que no se puede despachar con una ley como la que promueve la ministra Montero: \u00abLa ley de 2007, que es cuando yo me hice el cambio de nombre, ya era maravillosa. Esto es una degradaci\u00f3n de la transexualidad\u00bb. De hecho, incluso se queja del nombre de la propia ley. \u00abAhora todo es<strong>\u00a0un paragua trans dentro del que cabe todo: hombres autoginef\u00edlicos, el fetichismo travesti, el tema de las drac<\/strong>\u2026 Es un borrado de las propias personas transexuales que sufrimos de disforia\u00bb, lamenta Sandra, mientras insiste en lo absurdo de promover cientos de g\u00e9neros distintos. \u00ab<strong>\u00bfD\u00f3nde quedan luego las estad\u00edsticas de la violencia de g\u00e9nero?\u00bb<\/strong>, se pregunta indignada.<\/span><\/p>\n<p style=\"text-align: justify;\"><span style=\"font-size: 14pt;\">Adem\u00e1s, Sandra advierte del peligro de la despatologizaci\u00f3n que promueve el Gobierno. \u00abAhora\u00a0<strong>cualquier menor que quiera hormonas o bloqueadores, los tendr\u00e1<\/strong>\u00a0y, por eso, a mi esta ley me da terror, me da much\u00edsimo miedo\u00bb, confiesa tras entender que esa no ha sido la soluci\u00f3n a sus problemas y que, sin embargo, ya no tiene marcha atr\u00e1s. La misma indignaci\u00f3n muestra por el limitado papel de los progenitores: \u00abSi un padre o una madre se opone o le da a entender a su hijo que hay otras alternativas,\u00a0<strong>le pueden quitar hasta la custodia<\/strong>\u00ab.<\/span><\/p>\n<blockquote>\n<aside class=\"cita\"><span style=\"font-size: 14pt;\"><strong><span style=\"color: #008000;\">Si una persona transexual no ni tiene ning\u00fan problema, \u00bfpor qu\u00e9 la Seguridad Social le va a cubrir con hormonas y cirug\u00eda?<\/span><\/strong><\/span><\/aside>\n<\/blockquote>\n<p style=\"text-align: justify;\"><span style=\"font-size: 14pt;\">Y eso por no hablar de la contradicci\u00f3n que supone despatologizar la disforia, pero incluir los tratamientos dentro del sistema p\u00fablico de salud: \u00abSi una persona transexual no ni tiene ning\u00fan problema, \u00bfpor qu\u00e9 la Seguridad Social le va a<\/span><\/p>\n<figure id=\"attachment_2240768\" aria-describedby=\"caption-attachment-2240768\" style=\"width: 320px\" class=\"wp-caption alignright\"><img loading=\"lazy\" decoding=\"async\" class=\"size-full wp-image-2240768\" src=\"https:\/\/puntocritico.com\/ausajpuntocritico\/wp-content\/uploads\/2022\/02\/sandrita-sandra-mercado-transexual-03-11022022.jpeg\" alt=\"\" width=\"320\" height=\"279\" data-id=\"2240768\" srcset=\"https:\/\/puntocritico.com\/ausajpuntocritico\/wp-content\/uploads\/2022\/02\/sandrita-sandra-mercado-transexual-03-11022022.jpeg 320w, https:\/\/puntocritico.com\/ausajpuntocritico\/wp-content\/uploads\/2022\/02\/sandrita-sandra-mercado-transexual-03-11022022-300x262.jpeg 300w\" sizes=\"auto, (max-width: 320px) 100vw, 320px\" \/><figcaption id=\"caption-attachment-2240768\" class=\"wp-caption-text\"><span style=\"color: #008000;\">Aunque aparentemente ya es una mujer, sigue sufriendo disforia<\/span><\/figcaption><\/figure>\n<p style=\"text-align: justify;\"><span style=\"font-size: 14pt;\">cubrir con hormonas y cirug\u00eda? Es que esta ley no hay por donde cogerla, es absurda la mires por donde la mires\u00bb. De ah\u00ed que recomiende a<a href=\"https:\/\/www.libertaddigital.com\/personajes\/irene-montero\/\" target=\"_blank\" rel=\"noopener\" data-schema-attribute=\"\"><strong>\u00a0lrene Montero\u00a0<\/strong><\/a><strong>que se preocupe \u00abpor las hembras biol\u00f3gicas de la especie humana, cosa que no hace<\/strong>, y luego, si quiere, que se preocupe por los verdaderos homosexuales que hemos sufrido homofobia, pero no por identidades ficticias\u00bb.<\/span><\/p>\n<h3><span style=\"font-size: 18pt;\">LA ESTAFA TRANS: <\/span><span style=\"font-size: 18pt;\">El \u00abfascismo queer\u00bb y los menores.<\/span><\/h3>\n<p style=\"text-align: justify;\"><span style=\"font-size: 14pt;\">Es consciente de que su discurso es y ser\u00e1 criticado por muchas personas que pensar\u00e1n que ella no es una aut\u00e9ntica transexual. \u00ab\u00bfY por qu\u00e9 ahora ya no soy transexual? \u00bfPorque mi discurso ya no va con el suyo?\u00bb, se responde a s\u00ed misma. \u00abEs que esto ya es una especie de nazismo. Lo queer es muy fascista\u00bb, sentencia sin renunciar a su verdad: \u00ab<strong>Las personas que piensan que estoy loca son personas transexuales que tienen el g\u00e9nero muy interiorizado<\/strong>, y yo te estoy hablando de la ra\u00edz del problema y eso duele, porque la verdad duele\u00bb.<\/span><\/p>\n<p style=\"text-align: justify;\"><span style=\"font-size: 14pt;\">Sin embargo, a Sandra no le importa esta sobreexposici\u00f3n si con ella consigue evitar un arrepentimiento tard\u00edo, sobre todo cuando aquellos que emprenden el camino de la transici\u00f3n son menores de edad: \u00abEstamos hablando de estereotipos sexistas que son reversibles, pero\u00a0<strong>cuando los menores empiezan con los bloqueadores, hay cosas que son irreversibles<\/strong>\u00ab.<\/span><\/p>\n<p style=\"text-align: justify;\"><span style=\"font-size: 14pt;\">Por eso, el \u00faltimo mensaje de esta larga charla es para ellos: \u00abA los menores que quieran iniciar la transici\u00f3n o se lo est\u00e9n planteado, yo les dir\u00eda que su biolog\u00eda es perfecta, que deber\u00edan aprender lo que es el sexismo y el g\u00e9nero. Y si son muy muy peque\u00f1itos, que los propios padres lo aprendan y eduquen a sus hijos a trav\u00e9s de la aceptaci\u00f3n de sus cuerpos.\u00a0<strong>Si quieren lucir, vestirse y expresarse como quieran, que lo hagan, pero no por ello significa que son del sexo opuesto<\/strong>\u00ab.<\/span><\/p>\n<p>&nbsp;<\/p>\n<p><img loading=\"lazy\" decoding=\"async\" class=\"aligncenter wp-image-2240776 size-mh-magazine-content\" src=\"https:\/\/puntocritico.com\/ausajpuntocritico\/wp-content\/uploads\/2022\/02\/LA-ESTAFA-TRANS-3-PPAL-678x381.jpg\" alt=\"\" width=\"678\" height=\"381\" data-id=\"2240776\" \/><\/p>\n<p style=\"text-align: center;\"><strong><span style=\"color: #008000; font-size: 18pt;\">*******<\/span><\/strong><\/p>\n<div class=\"contenedor titular\">\n<h2 style=\"text-align: center;\"><span style=\"font-size: 24pt;\">No me llames transexual, ll\u00e1mame transg\u00e9nero. \u00abEl binarismo es una mierda\u00bb<\/span><\/h2>\n<p style=\"text-align: center;\"><span style=\"font-size: 18pt;\"><em><strong>Francia introduce en su C\u00f3digo Penal una Ley para quitar la patria potestad a los padres que se opongan al cambio de sexo de sus hijos<\/strong><\/em><\/span><\/p>\n<p><span style=\"font-size: 14pt; text-align: justify;\">Por Nuria Richart<\/span><\/p>\n<\/div>\n<div class=\"contenedor\">\n<div style=\"text-align: justify;\"><span style=\"font-size: 14pt;\"><a href=\"https:\/\/www.libertaddigital.com\/cultura\/libros\/2022-02-13\/nuria-richart-no-me-llames-transexual-llamame-transgenero-el-binarismo-es-una-mierda-6864420\/\" target=\"_blank\" rel=\"noopener\">Libertad Digital<\/a>, 13 FEB 2022<\/span><\/div>\n<div>\u00a0<\/div>\n<\/div>\n<figure id=\"attachment_2240821\" aria-describedby=\"caption-attachment-2240821\" style=\"width: 555px\" class=\"wp-caption aligncenter\"><img loading=\"lazy\" decoding=\"async\" class=\"wp-image-2240821\" src=\"https:\/\/puntocritico.com\/ausajpuntocritico\/wp-content\/uploads\/2022\/02\/chase-ross-cinco-anos.jpg.webp\" alt=\"\" width=\"555\" height=\"312\" data-id=\"2240821\" srcset=\"https:\/\/puntocritico.com\/ausajpuntocritico\/wp-content\/uploads\/2022\/02\/chase-ross-cinco-anos.jpg.webp 954w, https:\/\/puntocritico.com\/ausajpuntocritico\/wp-content\/uploads\/2022\/02\/chase-ross-cinco-anos.jpg-300x169.webp 300w, https:\/\/puntocritico.com\/ausajpuntocritico\/wp-content\/uploads\/2022\/02\/chase-ross-cinco-anos.jpg-768x431.webp 768w, https:\/\/puntocritico.com\/ausajpuntocritico\/wp-content\/uploads\/2022\/02\/chase-ross-cinco-anos.jpg-610x343.webp 610w, https:\/\/puntocritico.com\/ausajpuntocritico\/wp-content\/uploads\/2022\/02\/chase-ross-cinco-anos.jpg-678x381.webp 678w\" sizes=\"auto, (max-width: 555px) 100vw, 555px\" \/><figcaption id=\"caption-attachment-2240821\" class=\"wp-caption-text\"><span style=\"color: #008000;\">Chase Ross, influencer transg\u00e9nero | YouTube<\/span><\/figcaption><\/figure>\n<blockquote>\n<p style=\"text-align: right;\"><em>Dawn Butler, secretaria de Mujeres e Igualdad del Partido Laborista brit\u00e1nico: <\/em><\/p>\n<p style=\"text-align: right;\"><em>\u00abLos beb\u00e9s nacen sin sexo\u00bb.<\/em><\/p>\n<\/blockquote>\n<p>&nbsp;<\/p>\n<p style=\"text-align: justify;\"><span style=\"font-size: 14pt;\">Las cosas han cambiado, tambi\u00e9n para ti. El transg\u00e9nero no nace, se hace, se autoasigna. El transexual, no. Aunque la transexualidad afecta a entre el 0,3% y el 0,5% de la poblaci\u00f3n mundial (datos de la OMS), en el a\u00f1o 2017 el 40% de los estudiantes del Evergreen State College de Washington se identificaron como LGTBQ, (Q es queer, una identidad sexual sin aclarar, cambiante). <strong>\u00bfModa, ideolog\u00eda o \u00abcontagio entre pares\u00bb?<\/strong>\u00a0Mira. La compa\u00f1\u00eda Amazon tiene un\u00a0<em>Affinity Group<\/em>\u00a0LGTBI llamado\u00a0<a href=\"https:\/\/www.aboutamazon.com\/affinity-groups\" target=\"_blank\" rel=\"noopener\" data-schema-attribute=\"\">Glamazon<\/a>. Hace unos d\u00edas vi en la tele un anuncio de Vodafone que acaba con el plano de un ni\u00f1o vestido de ni\u00f1a en una parada de autob\u00fas. En otro de la misma compa\u00f1\u00eda una chavalilla comunica a sus padres, j\u00f3venes, modernos, que tiene&#8230; (\u00a1Boom!) novia. Lo hace a trav\u00e9s de una w<em>ebcam<\/em>. Telerrealidad. Una tal\u00a0<a href=\"http:\/\/www.youtube.com\/watch?v=2S0e-i117vY\" target=\"_blank\" rel=\"noopener\" data-schema-attribute=\"\">Hannah Gabby en un v\u00eddeo<\/a>\u00a0del multitudinario canal\u00a0<em><strong>Teen Vogue<\/strong><\/em>\u00a0(que pertenece a la revista de moda) te informa de \u00abLos cinco errores acerca del sexo y del g\u00e9nero\u00bb. Asegura que el \u00abbinarismo es una mierda\u00bb y que \u00abel sexo biol\u00f3gico es el resultado de elecciones ideol\u00f3gicas\u00bb. \u200b<\/span><\/p>\n<p style=\"text-align: justify;\"><span style=\"font-size: 14pt;\">No s\u00e9 si conocen una herramienta habitual en las clases de identidad de g\u00e9nero,<strong>\u00a0\u00abLa galleta de jengibre\u00bb<\/strong>: la disecci\u00f3n de la persona. Son las grandes preocupaciones de la sociedad del bienestar.<\/span><\/p>\n<p>&nbsp;<\/p>\n<p><img loading=\"lazy\" decoding=\"async\" class=\"aligncenter size-full wp-image-2240822\" src=\"https:\/\/puntocritico.com\/ausajpuntocritico\/wp-content\/uploads\/2022\/02\/galleta-jengibre-genero.jpg\" alt=\"\" width=\"290\" height=\"290\" data-id=\"2240822\" srcset=\"https:\/\/puntocritico.com\/ausajpuntocritico\/wp-content\/uploads\/2022\/02\/galleta-jengibre-genero.jpg 290w, https:\/\/puntocritico.com\/ausajpuntocritico\/wp-content\/uploads\/2022\/02\/galleta-jengibre-genero-150x150.jpg 150w\" sizes=\"auto, (max-width: 290px) 100vw, 290px\" \/><\/p>\n<p>&nbsp;<\/p>\n<h3 style=\"text-align: justify;\"><span style=\"font-size: 14pt;\">Educaci\u00f3n\u00a0<em>queer<\/em><\/span><\/h3>\n<p style=\"text-align: justify;\"><span style=\"font-size: 14pt;\">La periodista\u00a0<strong>Abigail Shier<\/strong>\u00a0nos cont\u00f3 en el libro\u00a0<em>Un da\u00f1o irreversible<\/em>\u00a0(Deusto, 2021) que en 2015 la universidad privada femenina Smith College (Massachusetts) abri\u00f3 sus puertas a hombres que se identificaban como mujeres. Que en Yale, a primeros de septiembre de 2019, se celebraron dieciocho actos sociales para la comunidad LGTBQ. Que UCLA proporciona formularios para cambiarte el nombre y el pronombre, primer paso para la transici\u00f3n de g\u00e9nero, sin que tus padres lo sepan. En la de Pensilvania los impresos rezan: \u00abCualquier estudiante, incluidos los transg\u00e9nero, los de g\u00e9nero no conforme, g\u00e9nero variante y no cisg\u00e9nero que deseen asignar un nombre preferido\u2026\u00bb. Y\u00a0<strong>del nombre a la testosterona<\/strong>\u00a0hay un m\u00ednimo trecho. En Estados Unidos \u00abm\u00e1s de cien universidades cubren en sus planes de salud las hormonas transg\u00e9nero\u00bb (en Yale las ofertan por 10 d\u00f3lares al mes). Hasta \u00abochenta y siete facultades subvencionan la cirug\u00eda de g\u00e9nero\u00bb. Los centros educativos cuentan con consejeros de salud mental. Hete aqu\u00ed, un aspecto fundamental, la patologizaci\u00f3n de todo lo que nos pasa. Todo lo concierne a nuestros hijos se merece una respuesta experta para mantener ese estado obligado de felicidad.<\/span><\/p>\n<p style=\"text-align: justify;\"><span style=\"font-size: 14pt;\">Pero rebobinemos en la vida escolar. California, Nueva Jersey, Colorado e Illinois tienen leyes que obligan a las escuelas a ense\u00f1ar historia LGTBQ, el \u00ababultado buf\u00e9 de identidades de g\u00e9nero\u00bb, escribe Shier. La Uni\u00f3n Estadounidense por las Libertades Civiles, La Planned Parenthood y la Red de Educaci\u00f3n de gais, lesbianas y heterosexuales hacen labores de orientaci\u00f3n y suministran los materiales de los planes de estudio. Por ejemplo, juegos para que los menores elijan un \u00ab<strong>g\u00e9nero creativo<\/strong>\u00bb o canciones para preescolar que dicen: \u00bb No importa si eres chico, chica o algo intermedio. Gay significa feliz&#8230;\u00bb. Se utilizan recursos como estos,\u00a0<em><strong>Trans 102:<\/strong><\/em><\/span><\/p>\n<p>&nbsp;<\/p>\n<p><iframe loading=\"lazy\" title=\"What&#039;s The Difference Between Gender &amp; Sexual Orientation, Again?  | Trans 102 | Refinery29\" width=\"500\" height=\"281\" src=\"https:\/\/www.youtube.com\/embed\/3RWWvO5SQqU?feature=oembed\" frameborder=\"0\" allow=\"accelerometer; autoplay; clipboard-write; encrypted-media; gyroscope; picture-in-picture; web-share\" referrerpolicy=\"strict-origin-when-cross-origin\" allowfullscreen><\/iframe><\/p>\n<p>&nbsp;<\/p>\n<p style=\"text-align: justify;\"><span style=\"font-size: 14pt;\">M\u00e1s que diversidad todo suena a uniformidad. Un despliegue abrumador, un adoctrinamiento que ha desvirtuado la que podr\u00eda haber sido la primera intenci\u00f3n de estas pol\u00edticas: cortar el acoso en los colegios, neutralizar a los matones hom\u00f3fobos y consolidar y garantizar los derechos civiles de unas minor\u00edas que han sufrido de lo lindo. Homosexuales y transexuales con historias desgarradoras, v\u00edctimas de discriminaci\u00f3n, abusos y crueldad. Pero todo ha dado un giro totalitario y los derechos cercenados ahora son los de otros.<\/span><\/p>\n<h3 style=\"text-align: justify;\"><span style=\"font-size: 14pt;\">Francia quitar\u00e1 la patria potestad a los padres.<\/span><\/h3>\n<p style=\"text-align: justify;\"><span style=\"font-size: 14pt;\">Espa\u00f1a se prepara para la primera\u00a0<strong>Ley Trans<\/strong>\u00a0que permitir\u00e1 el cambio de sexo legal a partir de los 12 a\u00f1os mediante resoluci\u00f3n judicial. Francia nos lleva ventaja y hace unos d\u00edas el Parlamento aprob\u00f3 un nuevo delito en su C\u00f3digo Penal: podr\u00e1 quitar la patria potestad a los padres que se opongan al cambio de sexo de sus hijos. Adem\u00e1s, la ley gala contempla hasta tres a\u00f1os de prisi\u00f3n y 45.000 euros de multa para los profesionales que no obedezcan la voluntad de los menores. En la misma l\u00ednea, la ley de Irene Montero prohibir\u00e1 las\u00a0<strong>terapias de conversi\u00f3n<\/strong>\u00a0(con multas de hasta 150.000 euros) aunque cuenten con el consentimiento de la persona interesada o de sus representantes legales. Antes, la transici\u00f3n no era un objetivo \u00fanico, y los m\u00e9dicos hac\u00edan un acompa\u00f1amiento para valorar las consecuencias psicol\u00f3gicas del cambio. Seg\u00fan Montero: \u00abEs muy importante que esta ley reconozca el derecho de ser cada cual quien quiera ser y de tener su identidad de g\u00e9nero, su expresi\u00f3n de g\u00e9nero y sus caracter\u00edsticas sexuales\u00bb.<\/span><\/p>\n<h3 style=\"text-align: justify;\"><span style=\"font-size: 14pt;\">\u00bfNo ser\u00e1s trans? Ser lesbiana no se lleva.<\/span><\/h3>\n<p style=\"text-align: justify;\"><span style=\"font-size: 14pt;\">En su libro Shier trat\u00f3 de denunciar no s\u00f3lo una gran manipulaci\u00f3n pol\u00edtica sino el atentado contra la salud y los derechos de un\u00a0<strong>nuevo colectivo trans<\/strong>. Hasta hace muy pocos a\u00f1os, la literatura cient\u00edfica informaba de que la mayor\u00eda de los afectados eran hombres que desde peque\u00f1os daban se\u00f1ales de ello. Ahora no. La mayor\u00eda de las \u00abtransiciones\u00bb son de<strong>\u00a0chicas adolescentes<\/strong>\u00a0(la edad del dolor) con rasgos comunes: blancas, nacidas a partir de 2006, de clase acomodada y de padres de ideas \u00abliberales\u00bb. Ninguna hab\u00eda manifestado disforia de g\u00e9nero hasta la pubertad.<\/span><\/p>\n<p style=\"text-align: justify;\"><span style=\"font-size: 14pt;\">En el libro citado, se recoge que \u00aben 2017 en Estados Unidos el n\u00famero de cirug\u00edas de g\u00e9nero en personas nacidas mujeres se cuadruplic\u00f3, representaron el 70%\u00bb; que en \u00abCanad\u00e1, Suecia, Finlandia y Reino Unido los m\u00e9dicos y terapeutas de g\u00e9nero informan de un cambio dr\u00e1stico en el factor demogr\u00e1fico\u00bb y que \u00abcl\u00ednicas de Suecia, Toronto y Amsterdam\u00bb hablan de una \u00ab<strong>disforia de g\u00e9nero de inicio r\u00e1pido<\/strong>\u00ab. \u00bfUna especie de entusiasmo cultural?<\/span><\/p>\n<h3 style=\"text-align: justify;\"><span style=\"font-size: 14pt;\"><strong>Este es el proceso.<\/strong>\u00a0<\/span><\/h3>\n<p style=\"text-align: justify;\"><span style=\"font-size: 14pt;\">Todo empieza como un episodio de ansiedad y depresi\u00f3n. Las ni\u00f1as sienten que no encajan socialmente justo cuando les toca empezar a ser mayor, buscar casilla como adulto. Un horror. Entonces, sus entornos y, sobre todo, en las redes sociales encuentran una posible explicaci\u00f3n al profundo malestar:\u00a0<strong>\u00bfNo estar\u00e1s en un cuerpo equivocado?<\/strong>\u00a0\u00abSi alguna vez te has sentido diferente, ansioso o angustiado\u2026 si alguna vez has sentido que no encajas\u2026 el mundo trans te espera..\u00bb. Ser lesbiana ha perdido estatus.<\/span><\/p>\n<p style=\"text-align: justify;\"><span style=\"font-size: 14pt;\">En los Institutos les permiten cambiarse el nombre y el pronombre autom\u00e1ticamente. Los padres no son informados. Cuando se enteran, acuden a los psic\u00f3logos, es un resorte ya familiar, y entonces se llevan una gran sorpresa llamada\u00a0<strong>\u00abterapia afirmativa\u00bb<\/strong>. El terapeuta acepta desde la primera cita el autodiagn\u00f3stico de la menor. \u00ab\u00bfC\u00f3mo te llamo?\u00bb, es la primera pregunta de la sesi\u00f3n. Imaginemos otro campo de la salud mental autoafirmando al paciente. Los padres no pueden ni plantear que quiz\u00e1 se trata de una etapa de angustia. Los psiquiatras \u00abdisidentes\u00bb (con a\u00f1os de experiencia en la transexualidad) han sido apartados de sus trabajos, cancelados y tildados de tr\u00e1nsfobos. Dice Shier, \u00abla terapia afirmativa obliga a los terapeutas a refrendar una falsedad: no que una adolescente se sienta m\u00e1s c\u00f3moda present\u00e1ndose como chico, sino que en realidad lo es\u00bb.<\/span><\/p>\n<p style=\"text-align: justify;\"><span style=\"font-size: 14pt;\">El siguiente paso es fajarse y aplastarse el pecho. En Instagram o YouTube pueden verse v\u00eddeos de\u00a0<em>Influencers<\/em>\u00a0transfemeninos haciendo el\u00a0<em>unpackage<\/em>\u00a0como si se tratara del \u00faltimo modelo de\u00a0<em>iPhone<\/em>. Existen empresas que te lo env\u00edan en un discreto envoltorio para que no se enteren tus padres.<\/span><\/p>\n<p>&nbsp;<\/p>\n<p><iframe loading=\"lazy\" title=\"My First Binder | FTM Transgender\" width=\"500\" height=\"281\" src=\"https:\/\/www.youtube.com\/embed\/pl8jI1idlt4?feature=oembed\" frameborder=\"0\" allow=\"accelerometer; autoplay; clipboard-write; encrypted-media; gyroscope; picture-in-picture; web-share\" referrerpolicy=\"strict-origin-when-cross-origin\" allowfullscreen><\/iframe><\/p>\n<p>&nbsp;<\/p>\n<p style=\"text-align: justify;\"><span style=\"font-size: 14pt;\">A continuaci\u00f3n, empieza el tratamiento con\u00a0<strong>testosterona<\/strong>. Miles de v\u00eddeos te dicen c\u00f3mo inyectarla y, lo m\u00e1s grave, qu\u00e9 debes decir al m\u00e9dico para que te la recete. Todo est\u00e1 estandarizado. Seg\u00fan denuncia la periodista de The Wall Street Journal muchas cl\u00ednicas \u00abreparten testosterona en la primera visita con un consentimiento informado\u00bb, sin terapia. \u00abEn Oreg\u00f3n la edad de consentimiento es de quince a\u00f1os\u00bb. La ley del Estado de California permite a los menores dejar la escuela para recibir hormonas sin el permiso de los padres.\u200b<\/span><\/p>\n<p>&nbsp;<\/p>\n<figure id=\"attachment_2240823\" aria-describedby=\"caption-attachment-2240823\" style=\"width: 360px\" class=\"wp-caption aligncenter\"><img loading=\"lazy\" decoding=\"async\" class=\"wp-image-2240823\" src=\"https:\/\/puntocritico.com\/ausajpuntocritico\/wp-content\/uploads\/2022\/02\/chase-ross-cirugia.jpg\" alt=\"\" width=\"360\" height=\"360\" data-id=\"2240823\" srcset=\"https:\/\/puntocritico.com\/ausajpuntocritico\/wp-content\/uploads\/2022\/02\/chase-ross-cirugia.jpg 290w, https:\/\/puntocritico.com\/ausajpuntocritico\/wp-content\/uploads\/2022\/02\/chase-ross-cirugia-150x150.jpg 150w\" sizes=\"auto, (max-width: 360px) 100vw, 360px\" \/><figcaption id=\"caption-attachment-2240823\" class=\"wp-caption-text\"><span style=\"color: #008000;\">Chase Ross<\/span><\/figcaption><\/figure>\n<p>&nbsp;<\/p>\n<p style=\"text-align: justify;\"><span style=\"font-size: 14pt;\">Por \u00faltimo llega la\u00a0<strong>doble mastectom\u00eda<\/strong>, la cirug\u00eda superior. Ya desde el hospital los trans muestran a sus miles de seguidores en las redes las dos grandes cicatrices horizontales. Los aventajados tambi\u00e9n venden cremas, con est\u00e9tica de cosm\u00e9tica japo, naif, para disimular las cicatrices. Un negocio. Y ah\u00ed, de momento, acaban porque casi nunca se someten a la faloplastia. Un famoso transfemenino,\u00a0<strong>Chase Ross<\/strong>, lleg\u00f3 a decir que se SIENTE 60% hombre y el resto como un garabato\u00bb.<\/span><\/p>\n<p style=\"text-align: justify;\"><span style=\"font-size: 14pt;\">Pasado el tiempo, cuentan los padres, la transici\u00f3n no alivia la angustia y un porcentaje importante de ellos emprenden la llamada detransici\u00f3n. El da\u00f1o est\u00e1 hecho y los efectos f\u00edsicos de la testosterona son irreversibles.<\/span><\/p>\n<p style=\"text-align: justify;\"><span style=\"font-size: 14pt;\">En un mundo en el que hay decenas de ventanillas p\u00fablicas para atender a todas las v\u00edctimas de la cultura interseccional ninguna abre para escuchar a los padres de estos menores.\u00a0<strong>Desesperados, repudiados por unos hijos<\/strong>\u00a0infelices pero con nueva familia, la \u00absecta trans\u00bb (seg\u00fan algunas de las chicas detransicionadoras), viven bajo la acusaci\u00f3n de tr\u00e1nfobos y acosadores. \u00ab\u00bfPrefieres ver a tu hijo muerto o trans?\u00bb, les plantan algunos terapeutas. Los padres y las madres sienten que los derechos sobre sus hijos acaban cuando \u00ables matriculan en una escuela, p\u00fablica o privada\u00bb.<\/span><\/p>\n<p style=\"text-align: justify;\"><span style=\"font-size: 14pt;\">Dos profesores de la universidad de Oviedo acaban de publicar un magn\u00edfico libro titulado\u00a0<em>Nadie nace en un cuerpo equivocado<\/em>\u00a0(Deusto, 2022) del que daremos cuenta en Libertad Digital. En el pr\u00f3logo, la fil\u00f3sofa\u00a0<strong>Amelia Varcarcel<\/strong>\u00a0dice que \u00abha llegado la hora de defender que la tierra es redonda y que el sexo existe\u00bb. Si el hombre blanco hetero ha perdido la batalla, las mujeres estamos en ello en una sociedad de la emoci\u00f3n y del g\u00e9nero fluido. Una mezcla explosiva. S\u00e9 lo que quieras sin negar a los dem\u00e1s.<\/span><\/p>\n<p style=\"text-align: center;\"><strong><span style=\"color: #008000; font-size: 18pt;\">*******<\/span><\/strong><\/p>\n<h2 style=\"text-align: center;\"><span style=\"font-size: 18pt;\"><strong>FALOPLASTIA\/VAGINOPLASTIA (Cirug\u00eda)<\/strong><\/span><\/h2>\n<p><img loading=\"lazy\" decoding=\"async\" class=\"aligncenter size-full wp-image-2240827\" src=\"https:\/\/puntocritico.com\/ausajpuntocritico\/wp-content\/uploads\/2022\/02\/Faloplastia.jpg\" alt=\"\" width=\"259\" height=\"194\" data-id=\"2240827\" srcset=\"https:\/\/puntocritico.com\/ausajpuntocritico\/wp-content\/uploads\/2022\/02\/Faloplastia.jpg 259w, https:\/\/puntocritico.com\/ausajpuntocritico\/wp-content\/uploads\/2022\/02\/Faloplastia-80x60.jpg 80w\" sizes=\"auto, (max-width: 259px) 100vw, 259px\" \/><\/p>\n<p><img loading=\"lazy\" decoding=\"async\" class=\"aligncenter size-full wp-image-2240825\" src=\"https:\/\/puntocritico.com\/ausajpuntocritico\/wp-content\/uploads\/2022\/02\/Faloplastia-3.jpg\" alt=\"\" width=\"364\" height=\"453\" data-id=\"2240825\" srcset=\"https:\/\/puntocritico.com\/ausajpuntocritico\/wp-content\/uploads\/2022\/02\/Faloplastia-3.jpg 364w, https:\/\/puntocritico.com\/ausajpuntocritico\/wp-content\/uploads\/2022\/02\/Faloplastia-3-241x300.jpg 241w\" sizes=\"auto, (max-width: 364px) 100vw, 364px\" \/><\/p>\n<p><img loading=\"lazy\" decoding=\"async\" class=\"aligncenter size-full wp-image-2240826\" src=\"https:\/\/puntocritico.com\/ausajpuntocritico\/wp-content\/uploads\/2022\/02\/Faloplastia-2.jpg\" alt=\"\" width=\"275\" height=\"183\" data-id=\"2240826\" \/><\/p>\n<p><img loading=\"lazy\" decoding=\"async\" class=\"aligncenter wp-image-2240824 size-medium\" src=\"https:\/\/puntocritico.com\/ausajpuntocritico\/wp-content\/uploads\/2022\/02\/Faloplastia-4-300x297.jpeg\" alt=\"\" width=\"300\" height=\"297\" data-id=\"2240824\" srcset=\"https:\/\/puntocritico.com\/ausajpuntocritico\/wp-content\/uploads\/2022\/02\/Faloplastia-4-300x297.jpeg 300w, https:\/\/puntocritico.com\/ausajpuntocritico\/wp-content\/uploads\/2022\/02\/Faloplastia-4-150x150.jpeg 150w, https:\/\/puntocritico.com\/ausajpuntocritico\/wp-content\/uploads\/2022\/02\/Faloplastia-4-768x761.jpeg 768w, https:\/\/puntocritico.com\/ausajpuntocritico\/wp-content\/uploads\/2022\/02\/Faloplastia-4-610x604.jpeg 610w, https:\/\/puntocritico.com\/ausajpuntocritico\/wp-content\/uploads\/2022\/02\/Faloplastia-4.jpeg 1024w\" sizes=\"auto, (max-width: 300px) 100vw, 300px\" \/><\/p>\n<p style=\"text-align: center;\"><strong><span style=\"color: #008000; font-size: 18pt;\">*******<\/span><\/strong><\/p>\n<h2 style=\"text-align: justify;\"><span style=\"font-size: 14pt;\"><strong>RELACIONADOS:<\/strong><\/span><\/h2>\n<blockquote class=\"wp-embedded-content\" data-secret=\"e0nwMg2s8S\"><p><a href=\"https:\/\/puntocritico.com\/ausajpuntocritico\/2022\/03\/08\/despedida-las-campanas-doblan-por-ti\/\">\u00abLAS CAMPANAS DOBLAN POR TI\u00bb. Licencia para matar &#8230; hombres dormidos: La Alevos\u00eda como Circunstancia Eximente de la Responsabilidad Criminal de las mujeres.<\/a><\/p><\/blockquote>\n<p><iframe loading=\"lazy\" class=\"wp-embedded-content\" sandbox=\"allow-scripts\" security=\"restricted\" style=\"position: absolute; clip: rect(1px, 1px, 1px, 1px);\" title=\"\u00ab\u00abLAS CAMPANAS DOBLAN POR TI\u00bb. Licencia para matar &#8230; hombres dormidos: La Alevos\u00eda como Circunstancia Eximente de la Responsabilidad Criminal de las mujeres.\u00bb \u2014 Punto Cr\u00edtico Derechos Humanos\" src=\"https:\/\/puntocritico.com\/ausajpuntocritico\/2022\/03\/08\/despedida-las-campanas-doblan-por-ti\/embed\/#?secret=SpjqnaiDme#?secret=e0nwMg2s8S\" data-secret=\"e0nwMg2s8S\" width=\"500\" height=\"282\" frameborder=\"0\" marginwidth=\"0\" marginheight=\"0\" scrolling=\"no\"><\/iframe><\/p>\n<blockquote class=\"wp-embedded-content\" data-secret=\"uGkQMey8gt\"><p><a href=\"https:\/\/puntocritico.com\/ausajpuntocritico\/2021\/12\/15\/es-la-ideologia-de-genero-estupido\/\">ES LA IDEOLOG\u00cdA DE G\u00c9NERO, EST\u00daPIDO! (parafraseando a Bill)<\/a><\/p><\/blockquote>\n<p><iframe loading=\"lazy\" class=\"wp-embedded-content\" sandbox=\"allow-scripts\" security=\"restricted\" style=\"position: absolute; clip: rect(1px, 1px, 1px, 1px);\" title=\"\u00abES LA IDEOLOG\u00cdA DE G\u00c9NERO, EST\u00daPIDO! (parafraseando a Bill)\u00bb \u2014 Punto Cr\u00edtico Derechos Humanos\" src=\"https:\/\/puntocritico.com\/ausajpuntocritico\/2021\/12\/15\/es-la-ideologia-de-genero-estupido\/embed\/#?secret=UnExK1PvrN#?secret=uGkQMey8gt\" data-secret=\"uGkQMey8gt\" width=\"500\" height=\"282\" frameborder=\"0\" marginwidth=\"0\" marginheight=\"0\" scrolling=\"no\"><\/iframe><\/p>\n<blockquote class=\"wp-embedded-content\" data-secret=\"PGqmQW3mur\"><p><a href=\"https:\/\/puntocritico.com\/ausajpuntocritico\/2020\/06\/30\/son-los-hechos-y-no-la-ideologia-quienes-determinan-la-realidad-entrevista-a-jordan-peterson-el-feminismo-no-igualitario-la-ideologia-de-genero-y-sus-consecuencias-2\/\">SON LOS HECHOS, Y NO LA IDEOLOG\u00cdA, QUIENES DETERMINAN LA REALIDAD \/\/ Entrevista a Jordan Peterson \/\/ \u00abEl feminismo no igualitario, la ideolog\u00eda de g\u00e9nero y sus consecuencias\u00bb<\/a><\/p><\/blockquote>\n<p><iframe loading=\"lazy\" class=\"wp-embedded-content\" sandbox=\"allow-scripts\" security=\"restricted\" style=\"position: absolute; clip: rect(1px, 1px, 1px, 1px);\" title=\"\u00abSON LOS HECHOS, Y NO LA IDEOLOG\u00cdA, QUIENES DETERMINAN LA REALIDAD \/\/ Entrevista a Jordan Peterson \/\/ \u00abEl feminismo no igualitario, la ideolog\u00eda de g\u00e9nero y sus consecuencias\u00bb\u00bb \u2014 Punto Cr\u00edtico Derechos Humanos\" src=\"https:\/\/puntocritico.com\/ausajpuntocritico\/2020\/06\/30\/son-los-hechos-y-no-la-ideologia-quienes-determinan-la-realidad-entrevista-a-jordan-peterson-el-feminismo-no-igualitario-la-ideologia-de-genero-y-sus-consecuencias-2\/embed\/#?secret=HtgPilonPz#?secret=PGqmQW3mur\" data-secret=\"PGqmQW3mur\" width=\"500\" height=\"282\" frameborder=\"0\" marginwidth=\"0\" marginheight=\"0\" scrolling=\"no\"><\/iframe><\/p>\n<blockquote class=\"wp-embedded-content\" data-secret=\"uEu0yxxKEx\"><p><a href=\"https:\/\/puntocritico.com\/ausajpuntocritico\/2019\/07\/23\/transhumanismo-y-posthumanismo-inmortales-e-inhumanos-en-un-futuro-distopico\/\">TRANSHUMANISMO Y POSTHUMANISMO. \u00bfInmortales e inhumanos en un futuro dist\u00f3pico?<\/a><\/p><\/blockquote>\n<p><iframe loading=\"lazy\" class=\"wp-embedded-content\" sandbox=\"allow-scripts\" security=\"restricted\" style=\"position: absolute; clip: rect(1px, 1px, 1px, 1px);\" title=\"\u00abTRANSHUMANISMO Y POSTHUMANISMO. \u00bfInmortales e inhumanos en un futuro dist\u00f3pico?\u00bb \u2014 Punto Cr\u00edtico Derechos Humanos\" src=\"https:\/\/puntocritico.com\/ausajpuntocritico\/2019\/07\/23\/transhumanismo-y-posthumanismo-inmortales-e-inhumanos-en-un-futuro-distopico\/embed\/#?secret=K0fXtI2zgA#?secret=uEu0yxxKEx\" data-secret=\"uEu0yxxKEx\" width=\"500\" height=\"282\" frameborder=\"0\" marginwidth=\"0\" marginheight=\"0\" scrolling=\"no\"><\/iframe><\/p>\n<blockquote class=\"wp-embedded-content\" data-secret=\"wpAvqqpz24\"><p><a href=\"https:\/\/puntocritico.com\/ausajpuntocritico\/2021\/02\/15\/la-democracia-no-puede-subsistir-sin-poderes-intermedios-las-organizaciones-pro-gubernamentales-en-la-nueva-politica-los-ciudadanos-ya-no-eligen-al-gobierno-es-el-gobierno-quien-elige-a-los\/\">LA DEMOCRACIA NO PUEDE SUBSISTIR SIN \u00abPODERES INTERMEDIOS\u00bb: Las Organizaciones PRO Gubernamentales. En la \u00abNueva Pol\u00edtica\u00bb los Ciudadanos ya no eligen al Gobierno; es el Gobierno quien elige a los Ciudadanos. El caso de Lidia Falc\u00f3n<\/a><\/p><\/blockquote>\n<p><iframe loading=\"lazy\" class=\"wp-embedded-content\" sandbox=\"allow-scripts\" security=\"restricted\" style=\"position: absolute; clip: rect(1px, 1px, 1px, 1px);\" title=\"\u00abLA DEMOCRACIA NO PUEDE SUBSISTIR SIN \u00abPODERES INTERMEDIOS\u00bb: Las Organizaciones PRO Gubernamentales. En la \u00abNueva Pol\u00edtica\u00bb los Ciudadanos ya no eligen al Gobierno; es el Gobierno quien elige a los Ciudadanos. El caso de Lidia Falc\u00f3n\u00bb \u2014 Punto Cr\u00edtico Derechos Humanos\" src=\"https:\/\/puntocritico.com\/ausajpuntocritico\/2021\/02\/15\/la-democracia-no-puede-subsistir-sin-poderes-intermedios-las-organizaciones-pro-gubernamentales-en-la-nueva-politica-los-ciudadanos-ya-no-eligen-al-gobierno-es-el-gobierno-quien-elige-a-los\/embed\/#?secret=9ud8Wx53Sl#?secret=wpAvqqpz24\" data-secret=\"wpAvqqpz24\" width=\"500\" height=\"282\" frameborder=\"0\" marginwidth=\"0\" marginheight=\"0\" scrolling=\"no\"><\/iframe><\/p>\n<blockquote class=\"wp-embedded-content\" data-secret=\"IhIlhP9YPd\"><p><a href=\"https:\/\/puntocritico.com\/ausajpuntocritico\/2019\/04\/01\/poder-judicial-y-perspectiva-de-genero\/\">PODER JUDICIAL Y PERSPECTIVA DE G\u00c9NERO<\/a><\/p><\/blockquote>\n<p><iframe loading=\"lazy\" class=\"wp-embedded-content\" sandbox=\"allow-scripts\" security=\"restricted\" style=\"position: absolute; clip: rect(1px, 1px, 1px, 1px);\" title=\"\u00abPODER JUDICIAL Y PERSPECTIVA DE G\u00c9NERO\u00bb \u2014 Punto Cr\u00edtico Derechos Humanos\" src=\"https:\/\/puntocritico.com\/ausajpuntocritico\/2019\/04\/01\/poder-judicial-y-perspectiva-de-genero\/embed\/#?secret=931d9u3VBR#?secret=IhIlhP9YPd\" data-secret=\"IhIlhP9YPd\" width=\"500\" height=\"282\" frameborder=\"0\" marginwidth=\"0\" marginheight=\"0\" scrolling=\"no\"><\/iframe><\/p>\n<blockquote class=\"wp-embedded-content\" data-secret=\"kGJSjC238r\"><p><a href=\"https:\/\/puntocritico.com\/ausajpuntocritico\/2019\/03\/26\/violencia-de-genero-y-presuncion-de-inocencia\/\">Violencia de G\u00e9nero y Presunci\u00f3n de Inocencia<\/a><\/p><\/blockquote>\n<p><iframe loading=\"lazy\" class=\"wp-embedded-content\" sandbox=\"allow-scripts\" security=\"restricted\" style=\"position: absolute; clip: rect(1px, 1px, 1px, 1px);\" title=\"\u00abViolencia de G\u00e9nero y Presunci\u00f3n de Inocencia\u00bb \u2014 Punto Cr\u00edtico Derechos Humanos\" src=\"https:\/\/puntocritico.com\/ausajpuntocritico\/2019\/03\/26\/violencia-de-genero-y-presuncion-de-inocencia\/embed\/#?secret=vl4QLsICC7#?secret=kGJSjC238r\" data-secret=\"kGJSjC238r\" width=\"500\" height=\"282\" frameborder=\"0\" marginwidth=\"0\" marginheight=\"0\" scrolling=\"no\"><\/iframe><\/p>\n<blockquote class=\"wp-embedded-content\" data-secret=\"0CpBPf5CJp\"><p><a href=\"https:\/\/puntocritico.com\/ausajpuntocritico\/2017\/09\/19\/la-violencia-de-genero-vista-por-dos-juristas-honestos\/\">LA VIOLENCIA DE G\u00c9NERO VISTA POR DOS JURISTAS HONESTOS<\/a><\/p><\/blockquote>\n<p><iframe loading=\"lazy\" class=\"wp-embedded-content\" sandbox=\"allow-scripts\" security=\"restricted\" style=\"position: absolute; clip: rect(1px, 1px, 1px, 1px);\" title=\"\u00abLA VIOLENCIA DE G\u00c9NERO VISTA POR DOS JURISTAS HONESTOS\u00bb \u2014 Punto Cr\u00edtico Derechos Humanos\" src=\"https:\/\/puntocritico.com\/ausajpuntocritico\/2017\/09\/19\/la-violencia-de-genero-vista-por-dos-juristas-honestos\/embed\/#?secret=XdWAsSV2bv#?secret=0CpBPf5CJp\" data-secret=\"0CpBPf5CJp\" width=\"500\" height=\"282\" frameborder=\"0\" marginwidth=\"0\" marginheight=\"0\" scrolling=\"no\"><\/iframe><\/p>\n<blockquote class=\"wp-embedded-content\" data-secret=\"cEnHwxZg2P\"><p><a href=\"https:\/\/puntocritico.com\/ausajpuntocritico\/2022\/02\/01\/el-lenguaje-inclusivo-es-una-imposicion\/\">\u00abBienvenidos al futuro, en el que el pasado es lo \u00fanico relevante\u00bb (Linux). \u00abTODO ESTO DEL LENGUAJE INCLUSIVO ES UNA IMPOSICI\u00d3N DESDE ARRIBA\u00bb, entrevista a la profesora Carme Junyent.<\/a><\/p><\/blockquote>\n<p><iframe loading=\"lazy\" class=\"wp-embedded-content\" sandbox=\"allow-scripts\" security=\"restricted\" style=\"position: absolute; clip: rect(1px, 1px, 1px, 1px);\" title=\"\u00ab\u00abBienvenidos al futuro, en el que el pasado es lo \u00fanico relevante\u00bb (Linux). \u00abTODO ESTO DEL LENGUAJE INCLUSIVO ES UNA IMPOSICI\u00d3N DESDE ARRIBA\u00bb, entrevista a la profesora Carme Junyent.\u00bb \u2014 Punto Cr\u00edtico Derechos Humanos\" src=\"https:\/\/puntocritico.com\/ausajpuntocritico\/2022\/02\/01\/el-lenguaje-inclusivo-es-una-imposicion\/embed\/#?secret=OEZ9n6f2qp#?secret=cEnHwxZg2P\" data-secret=\"cEnHwxZg2P\" width=\"500\" height=\"282\" frameborder=\"0\" marginwidth=\"0\" marginheight=\"0\" scrolling=\"no\"><\/iframe><\/p>\n<p>&nbsp;<\/p>\n<p>&nbsp;<\/p>\n<p><a href=\"https:\/\/puntocritico.com\/ausajpuntocritico\/author\/punto-critico\/\"><img loading=\"lazy\" decoding=\"async\" class=\"aligncenter wp-image-9528\" src=\"https:\/\/puntocritico.com\/ausajpuntocritico\/wp-content\/uploads\/2018\/03\/Mosca_Punto_Cr\u00edtico_40.png\" alt=\"\" width=\"80\" height=\"80\" data-id=\"9528\" \/><\/a><\/p>\n<p>&nbsp;<\/p>\n","protected":false},"excerpt":{"rendered":"<div class=\"mh-excerpt\"><p>LA ESTAFA TRANS \u00bfQu\u00e9 es la &#8216;ley Trans&#8217; y por qu\u00e9 es tan pol\u00e9mica? La legislaci\u00f3n plantea la libre elecci\u00f3n del g\u00e9nero, lo que para el feminismo supone un \u00abborrado de las mujeres\u00bb Por Iv\u00e1n <a class=\"mh-excerpt-more\" href=\"https:\/\/puntocritico.com\/ausajpuntocritico\/2022\/02\/16\/la-estafa-trans\/\" title=\"IDEOLOG\u00cdA DE G\u00c9NERO, \u00abCamino de Servidumbre\u00bb, Siglo XXI. LA ESTAFA TRANS: \u00abLa transexualidad es homofobia, terapia de conversi\u00f3n para homosexuales\u00bb.\">[&#8230;]<\/a><\/p>\n<\/div>","protected":false},"author":3,"featured_media":2240782,"comment_status":"open","ping_status":"closed","sticky":false,"template":"","format":"standard","meta":{"_acf_changed":false,"_exactmetrics_skip_tracking":false,"_exactmetrics_sitenote_active":false,"_exactmetrics_sitenote_note":"","_exactmetrics_sitenote_category":0,"footnotes":""},"categories":[7],"tags":[],"class_list":{"0":"post-2240762","1":"post","2":"type-post","3":"status-publish","4":"format-standard","5":"has-post-thumbnail","7":"category-politica"},"acf":[],"_links":{"self":[{"href":"https:\/\/puntocritico.com\/ausajpuntocritico\/wp-json\/wp\/v2\/posts\/2240762","targetHints":{"allow":["GET"]}}],"collection":[{"href":"https:\/\/puntocritico.com\/ausajpuntocritico\/wp-json\/wp\/v2\/posts"}],"about":[{"href":"https:\/\/puntocritico.com\/ausajpuntocritico\/wp-json\/wp\/v2\/types\/post"}],"author":[{"embeddable":true,"href":"https:\/\/puntocritico.com\/ausajpuntocritico\/wp-json\/wp\/v2\/users\/3"}],"replies":[{"embeddable":true,"href":"https:\/\/puntocritico.com\/ausajpuntocritico\/wp-json\/wp\/v2\/comments?post=2240762"}],"version-history":[{"count":0,"href":"https:\/\/puntocritico.com\/ausajpuntocritico\/wp-json\/wp\/v2\/posts\/2240762\/revisions"}],"wp:featuredmedia":[{"embeddable":true,"href":"https:\/\/puntocritico.com\/ausajpuntocritico\/wp-json\/wp\/v2\/media\/2240782"}],"wp:attachment":[{"href":"https:\/\/puntocritico.com\/ausajpuntocritico\/wp-json\/wp\/v2\/media?parent=2240762"}],"wp:term":[{"taxonomy":"category","embeddable":true,"href":"https:\/\/puntocritico.com\/ausajpuntocritico\/wp-json\/wp\/v2\/categories?post=2240762"},{"taxonomy":"post_tag","embeddable":true,"href":"https:\/\/puntocritico.com\/ausajpuntocritico\/wp-json\/wp\/v2\/tags?post=2240762"}],"curies":[{"name":"wp","href":"https:\/\/api.w.org\/{rel}","templated":true}]}}