{"id":2238857,"date":"2022-01-18T00:05:16","date_gmt":"2022-01-17T23:05:16","guid":{"rendered":"https:\/\/puntocritico.com\/ausajpuntocritico\/?p=2238857"},"modified":"2024-03-31T21:22:09","modified_gmt":"2024-03-31T19:22:09","slug":"psicosis-de-formacion-masiva","status":"publish","type":"post","link":"https:\/\/puntocritico.com\/ausajpuntocritico\/2022\/01\/18\/psicosis-de-formacion-masiva\/","title":{"rendered":"PSICOSIS DE FORMACI\u00d3N MASIVA. COVID-19: \u00abComo los medios corporativos, generando ansiedad, han formado masas que les creen sin cuestionar\u00bb"},"content":{"rendered":"<p class=\"entry-title\"><a href=\"https:\/\/puntocritico.com\/ausajpuntocritico\/2020\/04\/01\/indice-pandemia-coronavirus\/\">INDICE PANDEMIA CORONAVIRUS<\/a><\/p>\n<p class=\"mh-meta entry-meta\" style=\"text-align: center;\"><span style=\"color: #008000; font-size: 18pt;\">***<\/span><\/p>\n<h3 style=\"text-align: center;\"><span style=\"font-size: 24pt;\"><strong>PSICOSIS DE FORMACI\u00d3N MASIVA:\u00a0<\/strong><\/span><\/h3>\n<h3 style=\"text-align: center;\"><span style=\"font-size: 24pt;\">Como los medios corporativos, generando ansiedad, han formado masas que les creen sin cuestionar<\/span><\/h3>\n<blockquote>\n<p style=\"text-align: center;\"><em><strong><span style=\"font-size: 14pt;\">Algunos eruditos usaron expl\u00edcitamente el t\u00e9rmino formaci\u00f3n de masas; otros no. Pero lo que estudiaron fue b\u00e1sicamente lo mismo: la forma en que el estado mental de un individuo est\u00e1 influenciado por su tendencia a ajustarse al pensamiento grupal<\/span><\/strong><\/em><\/p>\n<div class=\"cue-group style-scope ytd-transcript-body-renderer\">\n<div class=\"cues style-scope ytd-transcript-body-renderer\">\n<div tabindex=\"0\" role=\"button\"><a href=\"https:\/\/cienciaysaludnatural.com\/como-los-medios-corporativos-generando-ansiedad-han-formado-masas-que-les-creen-sin-cuestionar\/\" target=\"_blank\" rel=\"noopener\">Ciencia y Salud Natural<\/a><\/div>\n<\/div>\n<\/div>\n<div>\u00a0<\/div>\n<div>\n<figure id=\"attachment_2238874\" aria-describedby=\"caption-attachment-2238874\" style=\"width: 678px\" class=\"wp-caption aligncenter\"><img loading=\"lazy\" decoding=\"async\" class=\"wp-image-2238874 size-mh-magazine-content\" src=\"https:\/\/puntocritico.com\/ausajpuntocritico\/wp-content\/uploads\/2022\/01\/mass-formation-porta-678x381.jpg\" alt=\"PSICOSIS DE FORMACI\u00d3N MASIVA\" width=\"678\" height=\"381\" data-id=\"2238874\" \/><figcaption id=\"caption-attachment-2238874\" class=\"wp-caption-text\"><span style=\"color: #008000;\">\u201cLa formaci\u00f3n de masas ha sido estudiada durante m\u00e1s de 200 a\u00f1os, comenzando con acad\u00e9micos como Gustave Le Bon, Freud, McDougall, Canetti, Hannah Arendt y, ya en el siglo XX, psic\u00f3logos como como Ash y el Sheriff\u201d.<\/span><\/figcaption><\/figure>\n<\/div>\n<p style=\"text-align: justify;\"><span style=\"font-size: 14pt;\">En la entrevista (video al final de este art\u00edculo, en ingl\u00e9s), Desmet sugiere que un fen\u00f3meno de formaci\u00f3n de masas a gran escala ha surgido de cuatro condiciones psicol\u00f3gicas que existen actualmente que est\u00e1n cerrando el pensamiento humano. Desmet postula que las personas no necesariamente act\u00faan con una mala intenci\u00f3n, sino m\u00e1s bien surge de un proceso psicol\u00f3gico para sobrevivir a las condiciones a la que est\u00e1n siendo expuestas, que es 95% subconsciente.<\/span><\/p>\n<h3 style=\"text-align: justify;\"><span style=\"font-size: 14pt;\">Las cuatro condiciones que permiten que surja la formaci\u00f3n de masas son:<\/span><\/h3>\n<p style=\"text-align: justify;\"><span style=\"font-size: 14pt;\"><strong>1 Falta de\u00a0<\/strong><strong>v\u00ednculo\u00a0<\/strong><strong>social<\/strong><\/span><\/p>\n<p style=\"text-align: justify;\"><span style=\"font-size: 14pt;\">Seg\u00fan una encuesta nacional de la\u00a0<a href=\"https:\/\/today.duke.edu\/2006\/06\/socialisolation.html\" target=\"_blank\" rel=\"noopener\" data-schema-attribute=\"\">American Sociological Review<\/a>\u00a0, el 25% de las personas dijeron que no tienen ni un solo amigo cercano.\u00a075 millones de adultos de 18 a 27 a\u00f1os que comprenden a los millennials y la Generaci\u00f3n Z eran m\u00e1s solitarios que cualquier otro grupo demogr\u00e1fico de EE. UU.\u00a0Es una paradoja psicol\u00f3gica de las redes sociales: las personas interact\u00faan en l\u00ednea con sus avatares, pero no son su verdadero yo.\u00a0No crean la intimidad o la vulnerabilidad que proviene de la experiencia compartida, por lo que sufren una crisis de falta de comunidad.<\/span><\/p>\n<p style=\"text-align: justify;\"><span style=\"font-size: 14pt;\"><strong>2 Las personas experimentan la vida como sin sentido<\/strong><\/span><\/p>\n<p style=\"text-align: justify;\"><span style=\"font-size: 14pt;\">En el libro de David Graeber,\u00a0<em>Bullshit Jobs<\/em>, cuando pregunt\u00f3 si la gente cree que su trabajo es significativo, el 50% respondi\u00f3 \u201cen absoluto\u201d.\u00a0<a href=\"https:\/\/news.gallup.com\/poll\/165269\/worldwide-employees-engaged-work.aspx\" target=\"_blank\" rel=\"noreferrer noopener\">Una encuesta de Gallup de 2012<\/a>\u00a0realizada con personas en 142 pa\u00edses revel\u00f3 que el 63% de los encuestados admitieron estar tan desconectados en el trabajo que fueron son\u00e1mbulos durante el d\u00eda, dedicando tiempo pero no pasi\u00f3n a su trabajo.<\/span><\/p>\n<p style=\"text-align: justify;\"><span style=\"font-size: 14pt;\"><strong>3 Ansiedad flotante<\/strong><\/span><\/p>\n<p style=\"text-align: justify;\"><span style=\"font-size: 14pt;\"><a href=\"https:\/\/dictionary.apa.org\/free-floating-anxiety\" target=\"_blank\" rel=\"noreferrer noopener\">Ansiedad flotante<\/a>\u00a0es una sensaci\u00f3n difusa y cr\u00f3nica de inquietud y aprensi\u00f3n que no se dirige hacia ninguna situaci\u00f3n u objeto espec\u00edfico. Puede ser una caracter\u00edstica de varios trastornos de ansiedad, en particular el trastorno de ansiedad generalizada. En psicoan\u00e1lisis, sentimientos generales de angustia que han sido desconectados de las circunstancias originales que los causaron.<\/span><\/p>\n<p style=\"text-align: justify;\"><span style=\"font-size: 14pt;\">La ansiedad generalmente est\u00e1 relacionada con una imagen mental tangible, como ser perseguido por un le\u00f3n.\u00a0Pero si las personas se sienten socialmente aisladas y que su vida no tiene sentido, su ansiedad no est\u00e1 relacionada con una representaci\u00f3n mental.\u00a0Esta\u00a0<a href=\"https:\/\/dictionary.apa.org\/free-floating-anxiety\" target=\"_blank\" rel=\"noreferrer noopener\">ansiedad flotante<\/a>\u00a0est\u00e1 creando un profundo descontento psicol\u00f3gico.\u00a0Solo en B\u00e9lgica, cada a\u00f1o se utilizan 300 millones de dosis de antidepresivos, antipsic\u00f3ticos y somn\u00edferos en una poblaci\u00f3n de 11 millones.\u00a0Un estudio de la\u00a0<a href=\"https:\/\/apps.who.int\/iris\/bitstream\/handle\/10665\/254610\/WHO-MSD-MER-2017.2-eng.pdf\" target=\"_blank\" rel=\"noreferrer noopener\">Organizaci\u00f3n Mundial de la Salud<\/a>\u00a0dice que una de cada cinco personas, m\u00e1s de 300 millones, en realidad tiene trastornos de ansiedad.\u00a0No solo tienen ansiedad, sino que tambi\u00e9n califican como trastornos.<\/span><\/p>\n<p style=\"text-align: justify;\"><span style=\"font-size: 14pt;\"><strong>4 Frustraci\u00f3n flotante y agresi\u00f3n<\/strong><\/span><\/p>\n<p style=\"text-align: justify;\"><span style=\"font-size: 14pt;\">Las personas se sienten\u00a0<a href=\"https:\/\/www.healthbenefitstimes.com\/glossary\/free-floating-anger\/\" target=\"_blank\" rel=\"noreferrer noopener\">frustradas y agresivas<\/a>\u00a0sin saber realmente la causa de su enojo y enojo.<\/span><\/p>\n<h3 style=\"text-align: center;\"><span style=\"font-size: 18pt;\"><strong>Psicolog\u00eda de la formaci\u00f3n de masas<\/strong><\/span><\/h3>\n<p style=\"text-align: justify;\"><span style=\"font-size: 14pt;\">Cuando se cumplen estas cuatro condiciones, si se distribuye una narrativa a trav\u00e9s de los medios de comunicaci\u00f3n de masas identificando un<strong>\u00a0Objeto de la ansiedad y proporcionando una estrategia para lidiar con ese Objeto, la formaci\u00f3n de masas puede prosperar<\/strong>.\u00a0Toda la ansiedad y la ira que flotan libremente, que ahora se convierten en p\u00e1nico, se adhieren al Objeto.\u00a0<strong>La conexi\u00f3n repentina a trav\u00e9s de una lucha heroica juntos contra el Objeto crea una nueva solidaridad, un v\u00ednculo social que ha estado ausente, que a su vez, crea significado.\u00a0La gente entonces siente que puede controlar su descontento psicol\u00f3gico participando en la estrategia, incluso si es completamente absurdo.<\/strong><\/span><\/p>\n<p class=\"has-medium-font-size\" style=\"text-align: justify;\"><span style=\"font-size: 14pt;\"><em>La participaci\u00f3n en la estrategia no tiene nada que ver con los hechos;\u00a0es preservar este nuevo v\u00ednculo social creado al luchar juntos para derrotar al Objeto de su ansiedad colectiva.<\/em><\/span><\/p>\n<p style=\"text-align: justify;\"><span style=\"font-size: 14pt;\">Al obedecer la estrategia, las personas pueden pasar de un estado muy negativo y aislado al polo opuesto: un estado de m\u00e1xima conexi\u00f3n.\u00a0Eso crea una especie de intoxicaci\u00f3n mental que hace que las personas est\u00e9n dispuestas a aceptar cualquier cosa, incluso si es completamente err\u00f3neo e il\u00f3gico, o si pueden perder todo lo que es importante para ellos personalmente.\u00a0Repiten como loros la narrativa corporativa y adoptan el mismo lenguaje autoritario y vergonzoso que escuchan de sus l\u00edderes.<\/span><\/p>\n<p style=\"text-align: justify;\"><span style=\"font-size: 14pt;\">Esta es la suma de la hipnosis.\u00a0Con la hipnosis, la atenci\u00f3n se centra en una peque\u00f1a parte de la realidad narrada por el hipnotizador.\u00a0Al igual que la hipnosis, las personas absortas en la formaci\u00f3n de masas no son conscientes de lo que est\u00e1 sucediendo fuera del peque\u00f1o foco de atenci\u00f3n que proporciona la narrativa de los medios corporativos. Las\u00a0<a href=\"https:\/\/cienciaysaludnatural.com\/quienes-financian-la-falsa-pandemia\/\" target=\"_blank\" rel=\"noopener\">corporaciones controlan los medios masivos y a los lideres<\/a>\u00a0de los diferentes partidos de los gobiernos m\u00e1s autoritarios.\u00a0<\/span><\/p>\n<figure id=\"attachment_2238899\" aria-describedby=\"caption-attachment-2238899\" style=\"width: 440px\" class=\"wp-caption aligncenter\"><img loading=\"lazy\" decoding=\"async\" class=\"wp-image-2238899\" src=\"https:\/\/puntocritico.com\/ausajpuntocritico\/wp-content\/uploads\/2022\/01\/mattias_desmet.jpg\" alt=\"\" width=\"440\" height=\"454\" data-id=\"2238899\" srcset=\"https:\/\/puntocritico.com\/ausajpuntocritico\/wp-content\/uploads\/2022\/01\/mattias_desmet.jpg 573w, https:\/\/puntocritico.com\/ausajpuntocritico\/wp-content\/uploads\/2022\/01\/mattias_desmet-291x300.jpg 291w\" sizes=\"auto, (max-width: 440px) 100vw, 440px\" \/><figcaption id=\"caption-attachment-2238899\" class=\"wp-caption-text\"><span style=\"color: #008000;\">Mattias Desmet. Profesor de psicoterapia psicoanal\u00edtica en la\u00a0\u00a0<a style=\"color: #008000;\" href=\"https:\/\/www.ugent.be\/en\" target=\"_blank\" rel=\"noopener\">Universidad de Ghent<\/a> , B\u00e9lgica, es conocido por su investigaci\u00f3n sobre la \u201cformaci\u00f3n de masas\u201d, habiendo publicado 126 art\u00edculos en revistas revisadas por pares.<\/span><\/figcaption><\/figure>\n<h3 style=\"text-align: justify;\"><span style=\"font-size: 14pt;\">EL Dr. Malone agrega que:<\/span><\/h3>\n<p style=\"text-align: justify;\"><span style=\"font-size: 14pt;\">Lo que se observa con la hipnosis masiva es que una gran fracci\u00f3n de la poblaci\u00f3n es completamente incapaz de procesar nuevos datos cient\u00edficos y hechos que demuestren que han sido enga\u00f1ados sobre la efectividad y los impactos adversos del uso obligatorio de mascarillas, cierres e inyecciones gen\u00e9ticas que causan que las personas produzcan grandes cantidades de prote\u00edna Spike de coronavirus biol\u00f3gicamente activa que\u00a0<a href=\"https:\/\/cienciaysaludnatural.com\/la-proteina-spike-de-la-inyeccion-contra-k0-b1t-entra-en-el-nucleo-de-las-celulas-facilitando-cancer-y-mutaciones\/\" target=\"_blank\" rel=\"noopener\">son da\u00f1inas a la salud<\/a>.<\/span><\/p>\n<p style=\"text-align: justify;\"><span style=\"font-size: 14pt;\">Estos hipnotizados por este proceso son incapaces de reconocer las mentiras y tergiversaciones con las que son bombardeados a diario, y atacan activamente a cualquiera que tenga la temeridad de compartir informaci\u00f3n con ellos que contradice la propaganda que han llegado a abrazar.\u00a0Y para aquellos cuyas familias y redes sociales han sido destrozadas por este proceso, y que encuentran que parientes cercanos y amigos los han aislado porque cuestionan la \u201cverdad\u201d oficialmente respaldada y que en realidad est\u00e1n siguiendo la literatura cient\u00edfica, esto puede ser una fuente de angustia profunda, dolor y dolor psicol\u00f3gico.<\/span><\/p>\n<h3 style=\"text-align: justify;\"><span style=\"font-size: 14pt;\">Antecedentes<\/span><\/h3>\n<p style=\"text-align: justify;\"><span style=\"font-size: 14pt;\">El virus apareci\u00f3 en un clima ya plagado de ansiedad flotante.\u00a0Los bloqueos gubernamentales llevaron a un mayor aislamiento, exasperando la crisis de la comunidad y aumentando la frustraci\u00f3n.\u00a0A medida que aumentaban los casos declarados via\u00a0<a href=\"https:\/\/cienciaysaludnatural.com\/los-centros-de-control-de-enfermedades-cdc-admiten-las-graves-fallas-del-test-pcr\/\" target=\"_blank\" rel=\"noopener\">un test de PCR que ya esta considerado obsoleto<\/a>\u00a0por la cantidad de falsos positivos , a las personas no se les permit\u00eda estar con sus seres queridos moribundos en sus \u00faltimos momentos.\u00a0La prensa generando miedo y frustraci\u00f3n a un nivel global masivo;\u00a0ning\u00fan pa\u00eds se salv\u00f3.\u00a0Este terror acumulado exasper\u00f3 a quienes ya estaban lidiando con afecciones de salud mental preexistentes y\u00a0<strong>desencaden\u00f3 una crisis de salud mental en la poblaci\u00f3n en general<\/strong>.\u00a0En un estudio realizado por la\u00a0<a href=\"https:\/\/www.healio.com\/news\/psychiatry\/20211013\/childrens-suicide-attempts-have-increased-during-covid19-pandemic\" target=\"_blank\" rel=\"noreferrer noopener\">Universidad de Par\u00eds<\/a>\u00a0, las tasas de\u00a0<a href=\"https:\/\/cienciaysaludnatural.com\/alarmante-incremento-de-suicidios-en-menores-a-causa-de-lo-encierros\/\" target=\"_blank\" rel=\"noopener\">suicidio de los ni\u00f1os<\/a>\u00a0aumentaron un 299% antes del segundo bloqueo en noviembre de 2020.<\/span><\/p>\n<p class=\"has-medium-font-size\" style=\"text-align: justify;\"><span style=\"font-size: 14pt;\">En este l\u00edo amorfo de estr\u00e9s humano, Big Pharma, utilizando Big Tech y MSM, transmiti\u00f3 la narrativa 24\/7: COVID es el nuevo Objeto de nuestra ansiedad.\u00a0\u00bfLa estrategia para derrotarlo?\u00a0Renuncia a tus libertades civiles.<\/span><\/p>\n<p style=\"text-align: justify;\"><span style=\"font-size: 14pt;\">Seg\u00fan\u00a0<em><a href=\"https:\/\/www.hrw.org\/news\/2021\/02\/11\/covid-19-triggers-wave-free-speech-abuse\" target=\"_blank\" rel=\"noreferrer noopener\">Human Rights Watch<\/a><\/em>\u00a0, al menos 83 gobiernos han utilizado la pandemia para justificar la violaci\u00f3n de los derechos de libertad de expresi\u00f3n y reuni\u00f3n pac\u00edfica.\u00a0El oftalm\u00f3logo chino Dr. Li Wenliang, quien advirti\u00f3 por primera vez sobre el virus, fue\u00a0<a href=\"https:\/\/www.theguardian.com\/education\/2020\/apr\/08\/coronavirus-doctors-whistleblowers-history-silenced?mc_cid=dc4852feb2&amp;mc_eid=21c0dc6f1b\" target=\"_blank\" rel=\"noreferrer noopener\">criminalizado por \u201cdifundir rumores falsos\u201d<\/a>\u00a0y solo fue absuelto despu\u00e9s de su muerte.\u00a0Cuando EE. UU. enfrentaba una escasez de equipos de protecci\u00f3n personal, (Personal protective\u00a0equipment EPP), el m\u00e9dico de la sala de emergencias\u00a0<a href=\"https:\/\/www.nytimes.com\/2020\/04\/01\/opinion\/coronavirus-doctors-protective-equipment.html\" target=\"_blank\" rel=\"noreferrer noopener\">Ming Lin fue despedido<\/a>\u00a0por suplicar en las redes sociales por una mejor protecci\u00f3n para sus pacientes.\u00a0<strong>En todo el mundo, periodistas, trabajadores de la salud, grupos pol\u00edticos de oposici\u00f3n y cr\u00edticos de las respuestas del gobierno han sido atacados, detenidos, procesados \u200b\u200by, en algunos casos hay sospecha de asesinato.<\/strong><\/span><\/p>\n<p style=\"text-align: justify;\"><span style=\"font-size: 14pt;\">En un art\u00edculo publicado por NBC News el\u00a0<a href=\"https:\/\/www.nbcnews.com\/news\/us-news\/data-shows-more-children-are-getting-sick-dying-covid-n1281616\" target=\"_blank\" rel=\"noreferrer noopener\">14 de octubre de 2021<\/a>\u00a0, los datos de la Academia Estadounidense de Pediatr\u00eda mostraron que solo una peque\u00f1a cantidad de ni\u00f1os que contraen COVID se enferman gravemente o mueren.\u00a0Sin embargo, el 30 de octubre, el Dr. John Torres, corresponsal m\u00e9dico de NBC, afirm\u00f3 que\u00a0<a href=\"https:\/\/www.youtube.com\/watch?v=Mw-NsoY0LPE\" target=\"_blank\" rel=\"noreferrer noopener\">146.000 ni\u00f1os hab\u00edan muerto<\/a>\u00a0a\u00a0<a href=\"https:\/\/www.youtube.com\/watch?v=Mw-NsoY0LPE\" target=\"_blank\" rel=\"noreferrer noopener\">causa<\/a>\u00a0del COVID.\u00a0Teniendo en cuenta el patrocinio corporativo de la prensa por parte de Pfizer y la falta de datos cre\u00edbles por parte de Torres, su informe deber\u00eda marcarse leg\u00edtimamente como \u201cdesinformaci\u00f3n\u201d.\u00a0\u00bfQui\u00e9n va a poder difundir esto sin ser censurado?<\/span><\/p>\n<p id=\"viewer-fp3ua\" style=\"text-align: justify;\"><span style=\"font-size: 14pt;\"><strong>La raz\u00f3n por la cual las personas dentro de esta formaci\u00f3n masiva (hipnosis masiva) necesitan participar en los encierros, usar una m\u00e1scara, distanciamiento social o vacunarse. Es porque si no lo hacen, no est\u00e1s mostrando solidaridad con el nuevo grupo que se ha formado. Casi como si todas las medidas para derrotar al objeto de la ansiedad fueran en realidad solo para demostrar a todos los dem\u00e1s que eres parte del nuevo culto como grupo social. El cual no tiene una capacidad real para derrotar la pandemia,\u00a0<a href=\"https:\/\/cienciaysaludnatural.com\/mas-de-400-estudios-sobre-el-fracaso-de-los-mandatos-y-bloqueos-por-covid\/\" target=\"_blank\" rel=\"noopener\">no est\u00e1 respaldado por la ciencia<\/a>\u00a0y solo est\u00e1 dise\u00f1ado para identificar qui\u00e9n es parte de su nuevo culto como grupo social y nada m\u00e1s.<\/strong><\/span><\/p>\n<p>&nbsp;<\/p>\n<h3 id=\"viewer-fisd1\" style=\"text-align: center;\"><span style=\"font-size: 18pt;\">C\u00f3mo surge el totalitarismo de la formaci\u00f3n de masas<\/span><\/h3>\n<p id=\"viewer-93c4h\" style=\"text-align: justify;\"><span style=\"font-size: 14pt;\"><strong>Estas personas que participan en esta formaci\u00f3n de masas han comenzado a crear sus propios rituales pseudo-religiosos.\u00a0<\/strong>Culto con una fe ciega en los medios corporativos y laboratorios con prontuarios con cr\u00edmenes tenebrosos. Estos rituales en estas circunstancias se manifiestan en forma de cierres forzados, uso de m\u00e1scaras, distanciamiento social y todo un abanico de otras medidas que han sido probadas por la ciencia de\u00a0<a href=\"https:\/\/cienciaysaludnatural.com\/mas-de-400-estudios-sobre-el-fracaso-de-los-mandatos-y-bloqueos-por-covid\/\" target=\"_blank\" rel=\"noopener\">no lograr nada<\/a>.<\/span><\/p>\n<p id=\"viewer-dok3g\" style=\"text-align: justify;\"><span style=\"font-size: 14pt;\">Debido a que estas personas est\u00e1n hipnotizadas por el culto \u201cpseudo-religioso\u201d en el que ahora se est\u00e1n involucrando, no se puede aceptar ninguna ciencia nueva que entre en conflicto con sus creencias de culto actuales. Est\u00e1n cerrados a nueva informaci\u00f3n, sin importar cu\u00e1n definitivos sean.<\/span><\/p>\n<p>&nbsp;<\/p>\n<p style=\"text-align: center;\"><span style=\"font-size: 14pt;\"><em>\u00abCuando las personas involucradas en este nuevo culto social reciben informaci\u00f3n contradictoria de personas que no est\u00e1n hipnotizadas por el culto. Los miembros del culto pueden utilizar el estado para oprimir a los disidentes que no est\u00e1n de acuerdo con esta nueva creencia. Ah\u00ed es cuando se ve personas poderosas que usan el poder del estado para encerrar a personas inocentes. El uso de la polic\u00eda para agredir a personas inocentes en la calle y, en \u00faltima instancia, puede conducir a un estado totalitario como China, donde el estado margina a las personas que no est\u00e1n de acuerdo con ellos\u00bb.<\/em><\/span><\/p>\n<p>&nbsp;<\/p>\n<figure id=\"attachment_2238897\" aria-describedby=\"caption-attachment-2238897\" style=\"width: 550px\" class=\"wp-caption aligncenter\"><img loading=\"lazy\" decoding=\"async\" class=\"wp-image-2238897\" src=\"https:\/\/puntocritico.com\/ausajpuntocritico\/wp-content\/uploads\/2022\/01\/Journalism.jpg\" alt=\"\" width=\"550\" height=\"509\" data-id=\"2238897\" srcset=\"https:\/\/puntocritico.com\/ausajpuntocritico\/wp-content\/uploads\/2022\/01\/Journalism.jpg 1122w, https:\/\/puntocritico.com\/ausajpuntocritico\/wp-content\/uploads\/2022\/01\/Journalism-300x278.jpg 300w, https:\/\/puntocritico.com\/ausajpuntocritico\/wp-content\/uploads\/2022\/01\/Journalism-1024x947.jpg 1024w, https:\/\/puntocritico.com\/ausajpuntocritico\/wp-content\/uploads\/2022\/01\/Journalism-768x711.jpg 768w, https:\/\/puntocritico.com\/ausajpuntocritico\/wp-content\/uploads\/2022\/01\/Journalism-610x564.jpg 610w\" sizes=\"auto, (max-width: 550px) 100vw, 550px\" \/><figcaption id=\"caption-attachment-2238897\" class=\"wp-caption-text\"><span style=\"color: #008000;\">\u00abEl estado toma el lugar de dios; las dictaduras socialistas son religiones, y la esclavitud frente al estado es una forma de adoraci\u00f3n\u00bb. \u00abComo consecuencia del declive del cristianismo las proyecciones religiosas se han rebajado de la figura divina a la esfera humana el intelecto moderno no puede imaginar nada m\u00e1s grandioso que esos peque\u00f1os dioses con pretensiones totalitarias que se llaman a s\u00ed mismos estado\u00bb. (Carl G. Jung)<\/span><\/figcaption><\/figure>\n<p style=\"text-align: center;\"><span style=\"color: #008000; font-size: 18pt;\">***<\/span><\/p>\n<h1 class=\"h1\" style=\"text-align: center;\"><span style=\"font-size: 24pt;\">Psicosis de formaci\u00f3n masiva<\/span><\/h1>\n<h1 class=\"h1\" style=\"text-align: center;\"><span style=\"font-size: 18pt;\">(Dr. Mattias Desmet, Dr. Robert Malone, Dr. Peter McCullough)\u00a0<\/span><\/h1>\n<p><a href=\"https:\/\/rumble.com\/vrxr3n-tpc-653-dr.-mattias-desmet-dr.-robert-malone-dr.-peter-mccullough-mass-form.html\" target=\"_blank\" rel=\"noopener\"><img loading=\"lazy\" decoding=\"async\" class=\"aligncenter size-full wp-image-2238891\" src=\"https:\/\/puntocritico.com\/ausajpuntocritico\/wp-content\/uploads\/2022\/01\/Rumble-Dr-Malone-et-al.jpg\" alt=\"\" width=\"770\" height=\"446\" data-id=\"2238891\" srcset=\"https:\/\/puntocritico.com\/ausajpuntocritico\/wp-content\/uploads\/2022\/01\/Rumble-Dr-Malone-et-al.jpg 770w, https:\/\/puntocritico.com\/ausajpuntocritico\/wp-content\/uploads\/2022\/01\/Rumble-Dr-Malone-et-al-300x174.jpg 300w, https:\/\/puntocritico.com\/ausajpuntocritico\/wp-content\/uploads\/2022\/01\/Rumble-Dr-Malone-et-al-768x445.jpg 768w, https:\/\/puntocritico.com\/ausajpuntocritico\/wp-content\/uploads\/2022\/01\/Rumble-Dr-Malone-et-al-610x353.jpg 610w\" sizes=\"auto, (max-width: 770px) 100vw, 770px\" \/><\/a><\/p>\n<p style=\"text-align: center;\"><span style=\"font-size: 12pt; color: #008000;\">Video en ingl\u00e9s, con Dr. Mattias Desmet, profesor belga de psicolog\u00eda cl\u00ednica en la Universidad de Ghent que adem\u00e1s tiene una maestr\u00eda en estad\u00edstica, experto de Psicosis de Formaci\u00f3n Masiva; Dr. Robert Malone, inventor de la inyecci\u00f3n de ARNm; y el Dr. Peter McCullough, el m\u00e9dico m\u00e1s publicado en la PubMed (Publicaciones M\u00e9dicas en tema K0 B1T) . <a style=\"color: #008000;\" href=\"https:\/\/rumble.com\/vrxr3n-tpc-653-dr.-mattias-desmet-dr.-robert-malone-dr.-peter-mccullough-mass-form.html\" target=\"_blank\" rel=\"noopener\">https:\/\/rumble.com\/vrxr3n-tpc-653-dr.-mattias-desmet-dr.-robert-malone-dr.-peter-mccullough-mass-form.html<\/a>\u00a0\u2013<\/span><\/p>\n<p style=\"text-align: center;\"><span style=\"color: #008000; font-size: 18pt;\">***<\/span><\/p>\n<h1 class=\"title style-scope ytd-video-primary-info-renderer\" style=\"text-align: center;\">Psicosis de masas<\/h1>\n<\/blockquote>\n<p><iframe loading=\"lazy\" title=\"Psicosis de masas\" width=\"500\" height=\"281\" src=\"https:\/\/www.youtube.com\/embed\/giBdc6XvPvc?feature=oembed\" frameborder=\"0\" allow=\"accelerometer; autoplay; clipboard-write; encrypted-media; gyroscope; picture-in-picture; web-share\" referrerpolicy=\"strict-origin-when-cross-origin\" allowfullscreen><\/iframe><\/p>\n<blockquote>\n<div class=\"entry\">\n<p style=\"text-align: center;\"><span style=\"color: #008000;\">En este v\u00eddeo se explora la m\u00e1s peligrosa de todas las epidemias ps\u00edquicas, la psicosis de masas. Una psicosis de masas es una epidemia de locura y se produce cuando una gran parte de una sociedad pierde el contacto con la realidad y desciende hacia el delirio. Dos ejemplos de psicosis de masas son la caza de brujas americana y europea de los siglos XVI y XVII y el auge del totalitarismo en el siglo XX. Este v\u00eddeo pretende responder a las preguntas que rodean a la psicosis de masas: \u00bfQu\u00e9 es? \u00bfC\u00f3mo se inicia? \u00bfHa ocurrido antes? \u00bfEstamos experimentando una en este momento? Y si es as\u00ed, \u00bfc\u00f3mo se pueden revertir la psicosis de masas?<\/span><\/p>\n<\/div>\n<p style=\"text-align: center;\"><span style=\"color: #008000; font-size: 18pt;\">***<\/span><\/p>\n<p style=\"text-align: center;\"><span style=\"font-size: 14pt;\">\u201c<em>Todo esto estaba inspirado en el principio \u2013que es bastante cierto en s\u00ed mismo\u2013 de que en la gran mentira siempre hay una cierta fuerza de credibilidad;\u00a0porque las amplias masas de una naci\u00f3n siempre se corrompen m\u00e1s f\u00e1cilmente en los estratos m\u00e1s profundos de su naturaleza emocional que consciente o voluntariamente;\u00a0y as\u00ed, en la simplicidad primitiva de sus mentes, caen m\u00e1s f\u00e1cilmente v\u00edctimas de la gran mentira que de la mentira peque\u00f1a, ya que ellos mismos a menudo dicen mentiras peque\u00f1as en asuntos peque\u00f1os, pero se avergonzar\u00edan de recurrir a falsedades a gran escala.\u00a0Nunca se les pasar\u00eda por la cabeza fabricar falsedades colosales, y no creer\u00edan que otros pudieran tener el descaro de distorsionar la verdad de manera tan infame.\u00a0Aunque los hechos que prueban que esto es as\u00ed puedan traerse claramente a sus mentes<\/em>\u00ab<\/span><\/p>\n<p style=\"text-align: right;\"><span style=\"font-size: 14pt;\">Adolf Hitler, \u201cMein Kampf\u201d<\/span><\/p>\n<p>&nbsp;<\/p>\n<figure id=\"attachment_2238898\" aria-describedby=\"caption-attachment-2238898\" style=\"width: 550px\" class=\"wp-caption aligncenter\"><img loading=\"lazy\" decoding=\"async\" class=\"wp-image-2238898\" src=\"https:\/\/puntocritico.com\/ausajpuntocritico\/wp-content\/uploads\/2022\/01\/Fact_Checkers-cause-Brain-damage.jpeg\" alt=\"\" width=\"550\" height=\"528\" data-id=\"2238898\" srcset=\"https:\/\/puntocritico.com\/ausajpuntocritico\/wp-content\/uploads\/2022\/01\/Fact_Checkers-cause-Brain-damage.jpeg 890w, https:\/\/puntocritico.com\/ausajpuntocritico\/wp-content\/uploads\/2022\/01\/Fact_Checkers-cause-Brain-damage-300x288.jpeg 300w, https:\/\/puntocritico.com\/ausajpuntocritico\/wp-content\/uploads\/2022\/01\/Fact_Checkers-cause-Brain-damage-768x737.jpeg 768w, https:\/\/puntocritico.com\/ausajpuntocritico\/wp-content\/uploads\/2022\/01\/Fact_Checkers-cause-Brain-damage-610x585.jpeg 610w\" sizes=\"auto, (max-width: 550px) 100vw, 550px\" \/><figcaption id=\"caption-attachment-2238898\" class=\"wp-caption-text\"><a href=\"https:\/\/acnweb.com.mx\/2022\/01\/12\/43180generan-miedo-y-ansiedad-para-manipular-a-la-gente-y-silencian-a-independientes-mediante-censura-en-internet\/\" target=\"_blank\" rel=\"noopener\"><span style=\"color: #008000;\">Generan miedo y ansiedad para manipular a la gente y silencian a independientes mediante censura en Internet<\/span><\/a>. <span style=\"color: #008000;\">Los principales medios de comunicaci\u00f3n, los titanes de las grandes tecnolog\u00edas y los \u201cverificadores de hechos\u201d han lanzado una guerra rel\u00e1mpago coordinada contra el t\u00e9rmino \u201cpsicosis de formaci\u00f3n masiva\u201d, concepto desarrollado por el psic\u00f3logo cl\u00ednico Dr. Mattias Desmet, hoy popularizado por el inventor de la plataforma de vacunas de ARNm, el Dr. Robert Malone.<\/span><\/figcaption><\/figure><\/blockquote>\n<h1 style=\"text-align: center;\"><span style=\"font-size: 18pt;\">\u2666<span style=\"color: #008000;\">\u2666<\/span>\u2666<span style=\"color: #008000;\">\u2666<\/span>\u2666<span style=\"color: #008000;\">\u2666<\/span>\u2666<\/span><\/h1>\n<h2 class=\"title style-scope ytd-video-primary-info-renderer\" style=\"text-align: center;\">Psicosis de Formaci\u00f3n de Masas | C\u00f3mo se fabric\u00f3 esta histeria colectiva y c\u00f3mo recuperar la cordura<\/h2>\n<p style=\"text-align: justify;\"><span style=\"font-size: 14pt;\">Por <a href=\"https:\/\/www.youtube.com\/channel\/UCu1C0mYQjWPFNmmMXJ40X7A\" target=\"_blank\" rel=\"noopener\">Jorge Benito<\/a><\/span><\/p>\n<div id=\"info\" class=\"style-scope ytd-video-primary-info-renderer\">\u00a0<\/div>\n<p><iframe loading=\"lazy\" title=\"La formaci\u00f3n de masas | C\u00f3mo se fabric\u00f3 esta histeria colectiva y c\u00f3mo recuperar la cordura\" width=\"500\" height=\"281\" src=\"https:\/\/www.youtube.com\/embed\/5YI9J7pxAoM?feature=oembed\" frameborder=\"0\" allow=\"accelerometer; autoplay; clipboard-write; encrypted-media; gyroscope; picture-in-picture; web-share\" referrerpolicy=\"strict-origin-when-cross-origin\" allowfullscreen><\/iframe><\/p>\n<blockquote>\n<p class=\"title style-scope ytd-video-primary-info-renderer\" style=\"text-align: center;\"><strong><span style=\"font-size: 18pt;\">Psicosis de Formaci\u00f3n de Masas<\/span><\/strong><\/p>\n<p style=\"text-align: center;\"><span style=\"font-size: 14pt;\">\u00bfC\u00f3mo puede una sociedad entera caer en un estado de neurosis colectiva donde los individuos, totalmente enajenados y habiendo perdido su capacidad de razonar, le exigen en masa a sus gobernantes que instauren una tiran\u00eda? <\/span><\/p>\n<p style=\"text-align: center;\"><span style=\"font-size: 14pt;\">Mattias Desmet, profesor de psicolog\u00eda cl\u00ednica en la Universidad de Ghent en B\u00e9lgica, afirma que la explicaci\u00f3n est\u00e1 en algo llamado Psicosis de Formaci\u00f3n de Masas, del ingl\u00e9s Mass Formation Psychosis, un estado de delirio colectivo que sucede cuando se re\u00fanen 4 condiciones muy concretas.<\/span><\/p>\n<\/blockquote>\n<p style=\"text-align: center;\"><strong><span style=\"color: #008000; font-size: 18pt;\">*******<\/span><\/strong><\/p>\n<h1 class=\"entry-title \" style=\"text-align: center;\">\u00bfPor qu\u00e9 ocultar lo que sucede en las dos primeras semanas despu\u00e9s de la vacunaci\u00f3n?<\/h1>\n<p style=\"text-align: center;\"><em><span style=\"font-size: 18pt;\"><strong>Ocultar parte de los datos conduce a conclusiones err\u00f3neas<\/strong><\/span><\/em><\/p>\n<p style=\"text-align: justify;\"><a href=\"https:\/\/www.hartgroup.org\/why-do-they-hide-what-happens-in-the-first-two-weeks-after-vaccination\/\" target=\"_blank\" rel=\"noopener\"><span style=\"font-size: 14pt;\">Hartgroup.org<\/span><\/a><\/p>\n<p><img loading=\"lazy\" decoding=\"async\" class=\"aligncenter wp-image-2238861 size-mh-magazine-content\" src=\"https:\/\/puntocritico.com\/ausajpuntocritico\/wp-content\/uploads\/2022\/01\/shutterstock_122094865-678x381.jpeg\" alt=\"\" width=\"678\" height=\"381\" data-id=\"2238861\" \/><\/p>\n<p>&nbsp;<\/p>\n<p style=\"text-align: justify;\"><span style=\"font-size: 14pt;\">Se han publicado numerosos art\u00edculos que muestran qu\u00e9 tan bien las vacunas protegen a las personas despu\u00e9s de la segunda dosis.\u00a0Parte de este efecto es una ilusi\u00f3n.\u00a0El efecto ocurre como resultado de una medici\u00f3n inexacta y un fen\u00f3meno llamado\u00a0<em>sesgo de supervivencia<\/em>\u00a0.<\/span><\/p>\n<p style=\"text-align: justify;\"><span style=\"font-size: 14pt;\"><em>Sesgo de supervivencia <\/em>sucede cuando un grupo se compara en dos puntos de tiempo, pero los miembros del grupo cambian entre los puntos de tiempo.\u00a0Ser\u00eda como evaluar la calidad de una escuela de nataci\u00f3n que privilegia la t\u00e9cnica de arrojar a la gente al medio del oc\u00e9ano, dej\u00e1ndolos por un par de horas y reclamando el m\u00e9rito de lo bien que saben nadar los dem\u00e1s alumnos.\u00a0\u00a1Despu\u00e9s de dos horas, las \u00fanicas personas que quedar\u00edan ser\u00edan las que ya sab\u00edan nadar y posiblemente algunas que aprendieron a nadar de la manera m\u00e1s dif\u00edcil!\u00a0Las pobres almas que se ahogaron en el \u00ednterin ni siquiera cuentan.\u00a0Atribuir la capacidad de nataci\u00f3n de las personas restantes al entrenador que apareci\u00f3 2 horas m\u00e1s tarde obviamente dar\u00eda una imagen muy enga\u00f1osa.\u00a0Se\u00f1alar que nadie se ahog\u00f3 en lecciones posteriores ser\u00eda igualmente enga\u00f1oso para determinar el \u00e9xito de la &#8216;t\u00e9cnica de ense\u00f1anza&#8217;.\u00a0<\/span><\/p>\n<p style=\"text-align: justify;\"><span style=\"font-size: 14pt;\">Con la vacunaci\u00f3n covid\u00a0<em>, hay un per\u00edodo de dos semanas despu\u00e9s de la vacunaci\u00f3n que no est\u00e1 incluido en\u00a0<a href=\"https:\/\/www.hartgroup.org\/it-gets-worse-before-it-gets-better\/\" target=\"_blank\" rel=\"noreferrer noopener\">los datos<\/a><\/em>\u00a0.\u00a0La justificaci\u00f3n dada para esto es que las vacunas tardan un tiempo en inducir anticuerpos y, por lo tanto, los datos de las dos primeras semanas no son relevantes.\u00a0Obviamente esto es defectuoso.\u00a0\u00bfQu\u00e9 pasa si las vacunas tienen efectos nocivos que son visibles de inmediato, que no tienen nada que ver con la producci\u00f3n de anticuerpos?\u00a0Un ejemplo es la alta tasa de\u00a0<a href=\"https:\/\/doctors4covidethics.org\/shots-and-shingles-what-do-they-tell-us\/\" target=\"_blank\" rel=\"noreferrer noopener\">culebrilla<\/a>\u00a0observada despu\u00e9s de la vacunaci\u00f3n contra el covid, lo que sugiere que hay un problema con la reactivaci\u00f3n viral.\u00a0Esto puede explicar por qu\u00e9 las tasas de infecci\u00f3n por Sars-CoV-2 son en realidad\u00a0<a href=\"https:\/\/www.hartgroup.org\/it-gets-worse-before-it-gets-better\/\" target=\"_blank\" rel=\"noreferrer noopener\">m\u00e1s altas<\/a>\u00a0en los vacunados que en los no vacunados en las primeras dos semanas despu\u00e9s de la vacunaci\u00f3n.<\/span><\/p>\n<p style=\"text-align: justify;\"><span style=\"font-size: 14pt;\">El efecto de eliminar las dos primeras semanas es un sesgo de datos enga\u00f1oso.\u00a0Si las personas se infectan y mueren durante ese per\u00edodo, esto debe incluirse.\u00a0No se puede pasar por alto la posibilidad de que la vacuna en s\u00ed misma pueda ejercer un efecto sobre la tasa de infecci\u00f3n y se debe incluir todo el conjunto de datos para evaluar con precisi\u00f3n la efectividad.\u00a0Al medir solo el per\u00edodo posterior al mayor riesgo de infecci\u00f3n (0-14 d\u00edas), es posible enga\u00f1arse.\u00a0Se perder\u00eda cualquier se\u00f1al.<\/span><\/p>\n<p style=\"text-align: justify;\"><span style=\"font-size: 14pt;\">Adem\u00e1s de no tener sentido en t\u00e9rminos de riesgo individual eliminar este per\u00edodo de tiempo, tambi\u00e9n tendr\u00e1 un impacto en la comunidad en general.\u00a0Si la vacuna, de hecho, provoca un\u00a0<a href=\"https:\/\/www.hartgroup.org\/it-gets-worse-before-it-gets-better\/\" target=\"_blank\" rel=\"noreferrer noopener\">aumento en las infecciones<\/a>\u00a0durante las dos primeras semanas, esto inevitablemente aumentar\u00e1 la propagaci\u00f3n y conducir\u00e1 a un mayor n\u00famero de infecciones en esa comunidad durante ese tiempo.\u00a0Por lo tanto, la evaluaci\u00f3n del impacto del programa de vacunaci\u00f3n debe incluir no solo el efecto sobre el individuo, sino tambi\u00e9n el impacto sobre la comunidad en general.<\/span><\/p>\n<p style=\"text-align: justify;\"><span style=\"font-size: 14pt;\">Este punto es de particular relevancia para las comunidades muy unidas donde muchos est\u00e1n siendo vacunados al mismo tiempo, como las escuelas y, en particular, las comunidades con un alto n\u00famero de personas vulnerables, como los hogares de ancianos y los hospitales.\u00a0Lo que estamos haciendo efectivamente es &#8216;acelerar&#8217; la ola de infecciones (y muertes).\u00a0En \u00faltima instancia, al final de la temporada viral, muri\u00f3 la misma cantidad de personas.\u00a0Debido a que excluimos las muertes anteriores (1 a 14 d\u00edas), nos enga\u00f1amos al pensar que las vacunas fueron m\u00e1s efectivas de lo que realmente fueron.\u00a0Al observar solo el per\u00edodo posterior y ver menos muertes durante ese tiempo, se cre\u00f3 la ilusi\u00f3n de que se salvaron vidas.\u00a0Esto es evidente en los datos de muchos pa\u00edses despu\u00e9s del lanzamiento de la vacuna.\u00a0El siguiente gr\u00e1fico que muestra el Reino Unido frente a Europa ilustra este punto, ya que el Reino Unido fue el m\u00e1s r\u00e1pido en implementar la vacuna.<\/span><\/p>\n<p>&nbsp;<\/p>\n<p><img loading=\"lazy\" decoding=\"async\" class=\"aligncenter size-full wp-image-2238862\" src=\"https:\/\/puntocritico.com\/ausajpuntocritico\/wp-content\/uploads\/2022\/01\/Muertes-Covid-UK-vs-UE.jpg\" alt=\"\" width=\"1107\" height=\"651\" data-id=\"2238862\" srcset=\"https:\/\/puntocritico.com\/ausajpuntocritico\/wp-content\/uploads\/2022\/01\/Muertes-Covid-UK-vs-UE.jpg 1107w, https:\/\/puntocritico.com\/ausajpuntocritico\/wp-content\/uploads\/2022\/01\/Muertes-Covid-UK-vs-UE-300x176.jpg 300w, https:\/\/puntocritico.com\/ausajpuntocritico\/wp-content\/uploads\/2022\/01\/Muertes-Covid-UK-vs-UE-1024x602.jpg 1024w, https:\/\/puntocritico.com\/ausajpuntocritico\/wp-content\/uploads\/2022\/01\/Muertes-Covid-UK-vs-UE-768x452.jpg 768w, https:\/\/puntocritico.com\/ausajpuntocritico\/wp-content\/uploads\/2022\/01\/Muertes-Covid-UK-vs-UE-610x359.jpg 610w\" sizes=\"auto, (max-width: 1107px) 100vw, 1107px\" \/><\/p>\n<p style=\"text-align: justify;\"><span style=\"font-size: 14pt;\">Examinemos ahora algunos ejemplos espec\u00edficos, por ejemplo, este\u00a0<a href=\"https:\/\/www.nejm.org\/doi\/full\/10.1056\/NEJMc2104849\" target=\"_blank\" rel=\"noreferrer noopener\">estudio<\/a>\u00a0de residentes de hogares de ancianos en los Estados Unidos.\u00a0Los\u00a0<a href=\"https:\/\/www.nejm.org\/doi\/suppl\/10.1056\/NEJMc2104849\/suppl_file\/nejmc2104849_appendix.pdf\" target=\"_blank\" rel=\"noreferrer noopener\">resultados<\/a>\u00a0muestran que durante el transcurso del estudio, el 6,8 % de la poblaci\u00f3n vacunada se infect\u00f3 y el 6,8 % de la poblaci\u00f3n no vacunada se infect\u00f3.\u00a0Sin embargo, al decidir que se deben excluir los primeros 14 d\u00edas despu\u00e9s de la vacunaci\u00f3n, el \u00e1rea gris para el grupo vacunado se compara con el \u00e1rea negra y gris combinada para los no vacunados.\u00a0Hacerlo podr\u00eda conducir a la afirmaci\u00f3n de una eficacia de la vacuna del 66% contra la infecci\u00f3n.\u00a0Los autores de este estudio fueron lo suficientemente honestos como para compartir los datos sin procesar y no afirmaron tener una eficacia del 66 %.<\/span><\/p>\n<p><img loading=\"lazy\" decoding=\"async\" class=\"aligncenter size-full wp-image-2238863\" src=\"https:\/\/puntocritico.com\/ausajpuntocritico\/wp-content\/uploads\/2022\/01\/COVID-Vacc-vs-NVacc-Residencias-y-sanidad-USA.jpg\" alt=\"\" width=\"1156\" height=\"841\" data-id=\"2238863\" srcset=\"https:\/\/puntocritico.com\/ausajpuntocritico\/wp-content\/uploads\/2022\/01\/COVID-Vacc-vs-NVacc-Residencias-y-sanidad-USA.jpg 1156w, https:\/\/puntocritico.com\/ausajpuntocritico\/wp-content\/uploads\/2022\/01\/COVID-Vacc-vs-NVacc-Residencias-y-sanidad-USA-300x218.jpg 300w, https:\/\/puntocritico.com\/ausajpuntocritico\/wp-content\/uploads\/2022\/01\/COVID-Vacc-vs-NVacc-Residencias-y-sanidad-USA-1024x745.jpg 1024w, https:\/\/puntocritico.com\/ausajpuntocritico\/wp-content\/uploads\/2022\/01\/COVID-Vacc-vs-NVacc-Residencias-y-sanidad-USA-768x559.jpg 768w, https:\/\/puntocritico.com\/ausajpuntocritico\/wp-content\/uploads\/2022\/01\/COVID-Vacc-vs-NVacc-Residencias-y-sanidad-USA-610x444.jpg 610w\" sizes=\"auto, (max-width: 1156px) 100vw, 1156px\" \/><\/p>\n<p style=\"text-align: center;\"><span style=\"font-size: 14pt; color: #008000;\"><strong>Figura 2:<\/strong> Datos de\u00a0un <a href=\"https:\/\/www.nejm.org\/doi\/full\/10.1056\/NEJMc2104849\" target=\"_blank\" rel=\"noopener\">documento de EE\u00a0. UU.<\/a> que muestra el porcentaje de la poblaci\u00f3n de hogares de ancianos que se infect\u00f3 por tiempo despu\u00e9s de que la cl\u00ednica lleg\u00f3 a su hogar y por estado de\u00a0vacunaci\u00f3n<\/span><\/p>\n<p>&nbsp;<\/p>\n<p style=\"text-align: justify;\"><span style=\"font-size: 14pt;\">Sin embargo, numerosos estudios se han basado en este truco para afirmar la eficacia de la vacuna.\u00a0Los ejemplos m\u00e1s obvios de esto son el\u00a0<a href=\"https:\/\/www.nejm.org\/doi\/full\/10.1056\/nejmoa2034577\" target=\"_blank\" rel=\"noreferrer noopener\">estudio de prueba original de Pfizer<\/a>\u00a0y la prueba de\u00a0<a href=\"https:\/\/www.thelancet.com\/journals\/lancet\/article\/PIIS0140-6736(20)32661-1\/fulltext\" target=\"_blank\" rel=\"noreferrer noopener\">AstraZeneca<\/a>.<\/span><\/p>\n<p><img loading=\"lazy\" decoding=\"async\" class=\"aligncenter wp-image-2238864\" src=\"https:\/\/puntocritico.com\/ausajpuntocritico\/wp-content\/uploads\/2022\/01\/Covid-Censura-AZeneca.jpg\" alt=\"\" width=\"660\" height=\"450\" data-id=\"2238864\" srcset=\"https:\/\/puntocritico.com\/ausajpuntocritico\/wp-content\/uploads\/2022\/01\/Covid-Censura-AZeneca.jpg 869w, https:\/\/puntocritico.com\/ausajpuntocritico\/wp-content\/uploads\/2022\/01\/Covid-Censura-AZeneca-300x205.jpg 300w, https:\/\/puntocritico.com\/ausajpuntocritico\/wp-content\/uploads\/2022\/01\/Covid-Censura-AZeneca-768x524.jpg 768w, https:\/\/puntocritico.com\/ausajpuntocritico\/wp-content\/uploads\/2022\/01\/Covid-Censura-AZeneca-610x416.jpg 610w\" sizes=\"auto, (max-width: 660px) 100vw, 660px\" \/><\/p>\n<p>&nbsp;<\/p>\n<p style=\"text-align: justify;\"><span style=\"font-size: 14pt;\">Para tomar un segundo ejemplo, un peri\u00f3dico\u00a0<a href=\"https:\/\/www.medrxiv.org\/content\/10.1101\/2021.03.08.21252200v1.full.pdf\" target=\"_blank\" rel=\"noreferrer noopener\">dan\u00e9s<\/a>\u00a0midi\u00f3 el n\u00famero de infecciones en trabajadores de la salud y residentes de hogares de ancianos.\u00a0Antes del inicio del programa de vacunaci\u00f3n, el 4,8% de los trabajadores de la salud estaban infectados y el 3,8% de los residentes de residencias lo estaban.\u00a0El estudio finaliz\u00f3 al final de la ola de invierno danesa despu\u00e9s de que el 95% de los residentes de los hogares de ancianos hubieran sido vacunados y el 28% de los trabajadores de la salud lo hubieran sido.\u00a0Dada la peor posici\u00f3n al principio y la tasa de vacunaci\u00f3n m\u00e1s baja en los trabajadores de la salud, se podr\u00eda esperar que estuvieran peor en general.\u00a0Sin embargo, el porcentaje de infectados al final de la ola era del 7,0% entre los trabajadores de la salud, pero del 7,7% entre los residentes de residencias.<\/span><\/p>\n<div class=\"wp-block-image\">\u00a0<\/div>\n<div class=\"wp-block-image\"><img loading=\"lazy\" decoding=\"async\" class=\"aligncenter size-full wp-image-2238865\" src=\"https:\/\/puntocritico.com\/ausajpuntocritico\/wp-content\/uploads\/2022\/01\/Estudio-Danes.jpg\" alt=\"\" width=\"1146\" height=\"827\" data-id=\"2238865\" srcset=\"https:\/\/puntocritico.com\/ausajpuntocritico\/wp-content\/uploads\/2022\/01\/Estudio-Danes.jpg 1146w, https:\/\/puntocritico.com\/ausajpuntocritico\/wp-content\/uploads\/2022\/01\/Estudio-Danes-300x216.jpg 300w, https:\/\/puntocritico.com\/ausajpuntocritico\/wp-content\/uploads\/2022\/01\/Estudio-Danes-1024x739.jpg 1024w, https:\/\/puntocritico.com\/ausajpuntocritico\/wp-content\/uploads\/2022\/01\/Estudio-Danes-768x554.jpg 768w, https:\/\/puntocritico.com\/ausajpuntocritico\/wp-content\/uploads\/2022\/01\/Estudio-Danes-610x440.jpg 610w\" sizes=\"auto, (max-width: 1146px) 100vw, 1146px\" \/><\/div>\n<div style=\"text-align: center;\"><span style=\"font-size: 14pt; color: #008000;\"><strong>Figura 4<\/strong>: Datos de un <a style=\"color: #008000;\" href=\"https:\/\/www.medrxiv.org\/content\/10.1101\/2021.03.08.21252200v1.full.pdf\" target=\"_blank\" rel=\"noopener\">art\u00edculo dan\u00e9s<\/a>\u00a0que muestran el porcentaje de poblaci\u00f3n infectada entre los residentes de hogares de ancianos y los trabajadores de la salud<\/span><\/div>\n<div>\n<p>&nbsp;<\/p>\n<p style=\"text-align: justify;\"><span style=\"font-size: 14pt;\">\u00bfCu\u00e1nto de la eficacia de la vacuna informada en la investigaci\u00f3n de covid es realmente una medida del sesgo de supervivencia junto con la\u00a0<strong>inmunidad<\/strong>\u00a0adquirida de forma natural?\u00a0Esta es una pregunta cr\u00edtica.\u00a0<strong>No se debe hacer ninguna afirmaci\u00f3n sobre la eficacia de la vacuna sin antes abordar esto.<\/strong><\/span><\/p>\n<\/div>\n<p>&nbsp;<\/p>\n<figure id=\"attachment_2238903\" aria-describedby=\"caption-attachment-2238903\" style=\"width: 660px\" class=\"wp-caption aligncenter\"><a href=\"https:\/\/acnweb.com.mx\/2022\/01\/12\/43180generan-miedo-y-ansiedad-para-manipular-a-la-gente-y-silencian-a-independientes-mediante-censura-en-internet\/\" target=\"_blank\" rel=\"noopener\"><img loading=\"lazy\" decoding=\"async\" class=\"wp-image-2238903\" src=\"https:\/\/puntocritico.com\/ausajpuntocritico\/wp-content\/uploads\/2022\/01\/conform_1.jpeg\" alt=\"\" width=\"660\" height=\"531\" data-id=\"2238903\" srcset=\"https:\/\/puntocritico.com\/ausajpuntocritico\/wp-content\/uploads\/2022\/01\/conform_1.jpeg 1200w, https:\/\/puntocritico.com\/ausajpuntocritico\/wp-content\/uploads\/2022\/01\/conform_1-300x241.jpeg 300w, https:\/\/puntocritico.com\/ausajpuntocritico\/wp-content\/uploads\/2022\/01\/conform_1-1024x823.jpeg 1024w, https:\/\/puntocritico.com\/ausajpuntocritico\/wp-content\/uploads\/2022\/01\/conform_1-768x618.jpeg 768w, https:\/\/puntocritico.com\/ausajpuntocritico\/wp-content\/uploads\/2022\/01\/conform_1-610x491.jpeg 610w\" sizes=\"auto, (max-width: 660px) 100vw, 660px\" \/><\/a><figcaption id=\"caption-attachment-2238903\" class=\"wp-caption-text\"><span style=\"color: #008000;\">En esta respuesta coordinada de propaganda y censura, podemos ver claramente las manos de la Trusted News Initiative liderada por la BBC , la \u00e9lite tecnol\u00f3gica cient\u00edfica , los fondos de inversi\u00f3n transnacionales y sus aliados del Foro Econ\u00f3mico Mundial (que controlan Pfizer y la mayor\u00eda de las grandes farmac\u00e9uticas), el legado. Los medios de comunicaci\u00f3n y las grandes tecnolog\u00edas (y muchos gobiernos nacionales) act\u00faan en tiempo real para suprimir la creciente conciencia del p\u00fablico en general de haber sido manipulados activamente utilizando herramientas de psicolog\u00eda de masas para generar miedo y ansiedad cl\u00ednicamente significativos de COVID-19 (tambi\u00e9n conocido como <a style=\"color: #008000;\" href=\"https:\/\/acnweb.com.mx\/2022\/01\/12\/43180generan-miedo-y-ansiedad-para-manipular-a-la-gente-y-silencian-a-independientes-mediante-censura-en-internet\/\" target=\"_blank\" rel=\"noopener\">\u2018coronafobia<\/a>\u2018), para avanzar en sus agendas a escala global. (Dr. Malone).\u00a0<\/span><br \/>\n<span style=\"color: #008000;\">\u201cLa operaci\u00f3n psicol\u00f3gica es real. La historia demuestra que los verificadores de hechos est\u00e1n completamente equivocados\u201d, dijo el psicoanalista y autor Dr. Bruce Scott. \u201cLos departamentos acad\u00e9micos de psicolog\u00eda han estado estudiando durante a\u00f1os los procesos grupales (en t\u00e9rminos de altruismo\/sacrificio), as\u00ed como los m\u00e9todos de psicolog\u00eda de la salud (lavado de manos, vacilaci\u00f3n ante las vacunas, etc.)\u201d.<\/span><\/figcaption><\/figure>\n<div>\u00a0<\/div>\n<div style=\"text-align: center;\"><span style=\"font-size: 18pt; color: #008000;\"><strong>*******<\/strong><\/span><\/div>\n<div style=\"text-align: center;\"><span style=\"font-size: 14pt;\"><strong>RELACIONADOS<\/strong><\/span><\/div>\n<div>\u00a0<\/div>\n<div><a href=\"https:\/\/puntocritico.com\/ausajpuntocritico\/2021\/01\/28\/estado-es-el-nombre-que-se-da-al-mas-frio-de-todos-los-monstruos-frios-por-friedrich-nietzsche-2\/\"><span style=\"font-size: 14pt;\">ESTADO ES EL NOMBRE QUE SE DA AL M\u00c1S FR\u00cdO DE TODOS LOS MONSTRUOS FR\u00cdOS, por Friedrich Nietzsche<\/span><\/a><\/div>\n<div>\n<p class=\"mh-meta entry-meta\"><a href=\"https:\/\/puntocritico.com\/ausajpuntocritico\/2021\/09\/11\/20-anos-del-11-s\/\"><span style=\"font-size: 14pt;\">20 A\u00d1OS DEL 11-S: NEW WORLD ORDER: SU IMPLANTACI\u00d3N ES AJENA AL PRINCIPIO DEMOCR\u00c1TICO, SE IMPONE POR MEDIO DE UNA CADENA DE \u00abSHOCKS\u00bb: Documentales \u00ab11-S: ZONA CERO\u00bb y \u00ab11S, Arquitectos e Ingenieros Por la Verdad\u00bb<\/span><\/a><\/p>\n<\/div>\n<div>\n<p class=\"entry-title\"><a href=\"https:\/\/puntocritico.com\/ausajpuntocritico\/2020\/10\/03\/la-doctrina-del-shock-documental\/\"><span style=\"font-size: 14pt;\">La doctrina del shock \u2013 Documental<\/span><\/a><\/p>\n<p class=\"mh-meta entry-meta\"><a href=\"https:\/\/puntocritico.com\/ausajpuntocritico\/2022\/01\/12\/el-11-de-septiembre-y-el-temor\/\"><span style=\"font-size: 14pt;\">EL 11 DE SEPTIEMBRE Y EL TEMOR , por Maximiliano E. Korstanje. Cr\u00edtica de \u00abEl Abuso del Mal. La Corrupci\u00f3n de la Pol\u00edtica y la Religi\u00f3n desde 11\/9\u00bb (Richard J. Bernstein)<\/span><\/a><\/p>\n<\/div>\n<div>\n<p class=\"mh-meta entry-meta\"><a href=\"https:\/\/puntocritico.com\/ausajpuntocritico\/2021\/02\/18\/la-disonancia-cognitiva-o-como-el-ser-humano-se-convierte-en-esclavo-de-si-mismo-por-miguel-a-vadillo-2\/\"><span style=\"font-size: 14pt;\">DISONANCIA COGNITIVA: LA TEORIA DE LA DISONANCIA COGNOSCITIVA (Extractado por A. Ovejero a partir de la obra de L. Festinger).<\/span><\/a><\/p>\n<\/div>\n<div>\n<p class=\"entry-title\"><a href=\"https:\/\/puntocritico.com\/ausajpuntocritico\/2021\/03\/17\/1842908\/\"><span style=\"font-size: 14pt;\">LEON FESTINGER Y LA PSICOLOGIA SOCIAL EXPERIMENTAL: LA TEORIA DE LA DISONANCIA COGNOSCITIVA 35 A\u00d1OS DESPU\u00c9S, por Anastasio Ovejero<\/span><\/a><\/p>\n<p class=\"mh-meta entry-meta\"><a href=\"https:\/\/puntocritico.com\/ausajpuntocritico\/2021\/03\/17\/1842908\/\"><span style=\"font-size: 14pt;\">\u00bfSEGURO QUE HAS TOMADO LA PASTILLA ROJA? \u00abLa Disonancia Cognitiva, o c\u00f3mo el ser humano se convierte en esclavo de s\u00ed mismo\u00bb, por Miguel A. Vadillo<\/span><\/a><\/p>\n<\/div>\n<p class=\"entry-title\"><a href=\"https:\/\/puntocritico.com\/ausajpuntocritico\/2021\/06\/24\/una-introduccion-a-la-teoria-de-kohlberg\/\"><span style=\"font-size: 14pt;\">\u00abEL DESARROLLO MORAL: UNA INTRODUCCI\u00d3N A LA TEORIA DE KOHLBERG\u00bb, por Enrique Barra Almagi\u00e1<\/span><\/a><\/p>\n<p class=\"entry-title\"><a href=\"https:\/\/puntocritico.com\/ausajpuntocritico\/2020\/07\/27\/psicopatas-en-el-poder-2\/\"><span style=\"font-size: 14pt;\">Psic\u00f3patas en el poder<\/span><\/a><\/p>\n<p class=\"entry-title\"><a href=\"https:\/\/puntocritico.com\/ausajpuntocritico\/2022\/01\/11\/narcisismo-y-psicopatia-3\/\"><span style=\"font-size: 14pt;\">NARCISISMO y PSICOPAT\u00cdA<\/span><\/a><\/p>\n<p class=\"entry-title\"><a href=\"https:\/\/puntocritico.com\/ausajpuntocritico\/2021\/03\/16\/psicopatia-ideologia-y-sociedad-por-inmaculada-jauregui-balenciaga-3\/\"><span style=\"font-size: 14pt;\">PSICOPAT\u00cdA, IDEOLOG\u00cdA y SOCIEDAD, por Inmaculada J\u00e1uregui Balenciaga<\/span><\/a><\/p>\n<p class=\"entry-title\"><a href=\"https:\/\/puntocritico.com\/ausajpuntocritico\/2021\/12\/11\/la-mala-semilla\/\"><span style=\"font-size: 14pt;\">LA PSICOPAT\u00cdA EN EL CINE: La mala semilla (Pel\u00edcula,1956)<\/span><\/a><\/p>\n<p class=\"entry-title\"><a href=\"https:\/\/puntocritico.com\/ausajpuntocritico\/2020\/07\/29\/sociopatia-y-psicopatia-en-politica-los-politicos-suelen-aferrarse-al-poder-como-psicopatas-2\/\"><span style=\"font-size: 14pt;\">SOCIOPAT\u00cdA y PSICOPAT\u00cdA EN POL\u00cdTICA; \u00abLos pol\u00edticos suelen aferrarse al poder como psic\u00f3patas\u00bb<\/span><\/a><\/p>\n<p class=\"entry-title\"><a href=\"https:\/\/puntocritico.com\/ausajpuntocritico\/2020\/07\/28\/corporaciones-psicopatas-inmortales-2\/\"><span style=\"font-size: 14pt;\">CORPORACIONES \u2013 PSIC\u00d3PATAS INMORTALES<\/span><\/a><\/p>\n<div>\u00a0<\/div>\n<div><a href=\"https:\/\/puntocritico.com\/ausajpuntocritico\/author\/punto-critico\/\"><img loading=\"lazy\" decoding=\"async\" class=\"aligncenter wp-image-9528\" src=\"https:\/\/puntocritico.com\/ausajpuntocritico\/wp-content\/uploads\/2018\/03\/Mosca_Punto_Cr\u00edtico_40.png\" alt=\"\" width=\"80\" height=\"80\" data-id=\"9528\" \/><\/a><\/div>\n<p>&nbsp;<\/p>\n","protected":false},"excerpt":{"rendered":"<div class=\"mh-excerpt\"><p>INDICE PANDEMIA CORONAVIRUS *** PSICOSIS DE FORMACI\u00d3N MASIVA:\u00a0 Como los medios corporativos, generando ansiedad, han formado masas que les creen sin cuestionar Algunos eruditos usaron expl\u00edcitamente el t\u00e9rmino formaci\u00f3n de masas; otros no. Pero lo <a class=\"mh-excerpt-more\" href=\"https:\/\/puntocritico.com\/ausajpuntocritico\/2022\/01\/18\/psicosis-de-formacion-masiva\/\" title=\"PSICOSIS DE FORMACI\u00d3N MASIVA. COVID-19: \u00abComo los medios corporativos, generando ansiedad, han formado masas que les creen sin cuestionar\u00bb\">[&#8230;]<\/a><\/p>\n<\/div>","protected":false},"author":3,"featured_media":2238894,"comment_status":"open","ping_status":"closed","sticky":false,"template":"","format":"standard","meta":{"_acf_changed":false,"_exactmetrics_skip_tracking":false,"_exactmetrics_sitenote_active":false,"_exactmetrics_sitenote_note":"","_exactmetrics_sitenote_category":0,"footnotes":""},"categories":[7,12,14],"tags":[52],"class_list":{"0":"post-2238857","1":"post","2":"type-post","3":"status-publish","4":"format-standard","5":"has-post-thumbnail","7":"category-politica","8":"category-corrupcion","9":"category-corrupcion_informativa","10":"tag-covid"},"acf":[],"_links":{"self":[{"href":"https:\/\/puntocritico.com\/ausajpuntocritico\/wp-json\/wp\/v2\/posts\/2238857","targetHints":{"allow":["GET"]}}],"collection":[{"href":"https:\/\/puntocritico.com\/ausajpuntocritico\/wp-json\/wp\/v2\/posts"}],"about":[{"href":"https:\/\/puntocritico.com\/ausajpuntocritico\/wp-json\/wp\/v2\/types\/post"}],"author":[{"embeddable":true,"href":"https:\/\/puntocritico.com\/ausajpuntocritico\/wp-json\/wp\/v2\/users\/3"}],"replies":[{"embeddable":true,"href":"https:\/\/puntocritico.com\/ausajpuntocritico\/wp-json\/wp\/v2\/comments?post=2238857"}],"version-history":[{"count":0,"href":"https:\/\/puntocritico.com\/ausajpuntocritico\/wp-json\/wp\/v2\/posts\/2238857\/revisions"}],"wp:featuredmedia":[{"embeddable":true,"href":"https:\/\/puntocritico.com\/ausajpuntocritico\/wp-json\/wp\/v2\/media\/2238894"}],"wp:attachment":[{"href":"https:\/\/puntocritico.com\/ausajpuntocritico\/wp-json\/wp\/v2\/media?parent=2238857"}],"wp:term":[{"taxonomy":"category","embeddable":true,"href":"https:\/\/puntocritico.com\/ausajpuntocritico\/wp-json\/wp\/v2\/categories?post=2238857"},{"taxonomy":"post_tag","embeddable":true,"href":"https:\/\/puntocritico.com\/ausajpuntocritico\/wp-json\/wp\/v2\/tags?post=2238857"}],"curies":[{"name":"wp","href":"https:\/\/api.w.org\/{rel}","templated":true}]}}