{"id":2238670,"date":"2022-01-28T00:05:43","date_gmt":"2022-01-27T23:05:43","guid":{"rendered":"https:\/\/puntocritico.com\/ausajpuntocritico\/?p=2238670"},"modified":"2022-11-09T13:40:01","modified_gmt":"2022-11-09T12:40:01","slug":"excomunion-spinoza","status":"publish","type":"post","link":"https:\/\/puntocritico.com\/ausajpuntocritico\/2022\/01\/28\/excomunion-spinoza\/","title":{"rendered":"Decreto de excomuni\u00f3n de Baruch de Spinoza (1656). \u00abAlguien construye a Dios en la penumbra\u00bb, por Jorge Luis Borges."},"content":{"rendered":"<h1><span style=\"font-size: 14pt; color: #008000;\">Decreto de excomuni\u00f3n de Baruch de Spinoza<\/span><\/h1>\n<blockquote>\n<h1 class=\"entry-title\" style=\"text-align: center;\">\u00abAlguien construye a Dios en la penumbra\u00bb, por Jorge Luis Borges<\/h1>\n<p><a href=\"https:\/\/puntocritico.com\/ausajpuntocritico\/wp-content\/uploads\/2017\/08\/Spinoza1-FDrc1.jpg\" rel=\"lightbox[25638]\"><img loading=\"lazy\" decoding=\"async\" class=\"aligncenter wp-image-4905 size-full\" src=\"https:\/\/puntocritico.com\/ausajpuntocritico\/wp-content\/uploads\/2017\/08\/Spinoza1-FDrc1.jpg\" sizes=\"auto, (max-width: 260px) 100vw, 260px\" srcset=\"https:\/\/puntocritico.com\/ausajpuntocritico\/wp-content\/uploads\/2017\/08\/Spinoza1-FDrc1.jpg 260w, https:\/\/puntocritico.com\/ausajpuntocritico\/wp-content\/uploads\/2017\/08\/Spinoza1-FDrc1-240x300.jpg 240w\" alt=\"\" width=\"260\" height=\"325\" \/><\/a><\/p>\n<p style=\"text-align: center;\">\u00a0<\/p>\n<p style=\"text-align: center;\"><span style=\"font-size: 14pt;\"><strong><em>B<\/em><\/strong><em>ruma de oro, el Occidente alumbra<br \/>\nla ventana. El asiduo manuscrito<br \/>\naguarda, ya cargado de infinito.<br \/>\nAlguien construye a Dios en la penumbra.<\/em><\/span><\/p>\n<p style=\"text-align: center;\"><span style=\"font-size: 14pt;\"><strong><em>U<\/em><\/strong><em>n hombre engendra a Dios. Es un jud\u00edo<br \/>\nde tristes ojos y de piel cetrina;<br \/>\nlo lleva el tiempo como lleva el r\u00edo<br \/>\nuna hoja en el agua que declina.<\/em><\/span><\/p>\n<p style=\"text-align: center;\"><span style=\"font-size: 14pt;\"><strong><em>N<\/em><\/strong><em>o importa. El hechicero insiste y labra<br \/>\na Dios con geometr\u00eda delicada;<br \/>\ndesde su enfermedad, desde su nada,<\/em><\/span><\/p>\n<p style=\"text-align: center;\"><span style=\"font-size: 14pt;\"><strong><em>S<\/em><\/strong><em>igue erigiendo a Dios con la palabra.<br \/>\nEl m\u00e1s pr\u00f3digo amor le fue otorgado,<br \/>\nel amor que no espera ser amado.<\/em><\/span><\/p>\n<p style=\"text-align: center;\"><span style=\"font-size: 14pt;\">* *<\/span><\/p>\n<p style=\"text-align: center;\"><span style=\"font-size: 14pt;\"><strong><em>L<\/em><\/strong><em>as trasl\u00facidas manos del jud\u00edo<br \/>\nlabran en la penumbra los cristales<br \/>\ny la tarde que muere es miedo y fr\u00edo.<br \/>\n(Las tardes a las tardes son iguales.)<\/em><\/span><\/p>\n<p style=\"text-align: center;\"><span style=\"font-size: 14pt;\"><strong><em>L<\/em><\/strong><em>as manos y el espacio de jacinto<br \/>\nque palidece en el conf\u00edn del Ghetto<br \/>\ncasi no existen para el hombre quieto<br \/>\nque est\u00e1 so\u00f1ando un claro laberinto.<\/em><\/span><\/p>\n<p style=\"text-align: center;\"><span style=\"font-size: 14pt;\"><strong><em>N<\/em><\/strong><em>o lo turba la fama, ese reflejo<br \/>\nde sue\u00f1os en el sue\u00f1o de otro espejo,<br \/>\nni el temeroso amor de las doncellas.<\/em><\/span><\/p>\n<p style=\"text-align: center;\"><span style=\"font-size: 14pt;\"><strong><em>L<\/em><\/strong><em>ibre de la met\u00e1fora y del mito<br \/>\nlabra un arduo cristal: el infinito<br \/>\nmapa de Aquel que es todas Sus estrellas.<\/em><\/span><\/p>\n<p style=\"text-align: center;\"><span style=\"color: #008000; font-size: 18pt;\">* * *<\/span><\/p>\n<p style=\"text-align: right;\"><span style=\"font-size: 14pt;\"><strong>JORGE LUIS BORGES (1899-1986).\u00a0<\/strong>Poemas dedicados a Spinoza. Obras Completas, Edici\u00f3n RBA\/Instituto Cervantes, 2005. Filosof\u00eda Digital, 2010.<\/span><\/p>\n<\/blockquote>\n<p>&nbsp;<\/p>\n<p><img loading=\"lazy\" decoding=\"async\" class=\"aligncenter wp-image-25642 smush-detected-img smush-image-1\" src=\"https:\/\/puntocritico.com\/ausajpuntocritico\/wp-content\/uploads\/2020\/01\/Spinoza-y-Borges.jpg\" alt=\"\" width=\"360\" height=\"364\" data-id=\"25642\" \/><\/p>\n<p style=\"text-align: center;\"><span style=\"font-size: 18pt;\">\u2666<span style=\"color: #008000;\">\u2666<\/span>\u2666<span style=\"color: #008000;\">\u2666<\/span>\u2666<span style=\"color: #008000;\">\u2666<\/span><\/span><\/p>\n<p style=\"text-align: center;\"><strong><span style=\"font-size: 24pt;\">Decreto de excomuni\u00f3n de Baruch de Spinoza (1656)<\/span><\/strong><\/p>\n<p style=\"text-align: center;\"><span style=\"font-size: 14pt;\"><strong>\u201cLos dirigentes de la comunidad ponen en su conocimiento que desde hace mucho ten\u00edan noticia de las equivocadas opiniones y err\u00f3nea conducta de Baruch de Spinoza y por diversos medios y advertencias han tratado de apartarlo del mal camino. Como no obtuvieran ning\u00fan resultado y como, por el contrario, las horribles herej\u00edas que practicaba y ense\u00f1aba, lo mismo que su inaudita conducta fueron en aumento, resolvieron de acuerdo con el rabino, en presencia de testigos fehacientes y del nombrado Spinoza, que \u00e9ste fuera excomulgado y expulsado del pueblo de Israel, seg\u00fan el siguiente decreto de excomuni\u00f3n: Por la decisi\u00f3n de los \u00e1ngeles, y\u00a0 el juicio de los santos, excomulgamos, expulsamos, execramos y maldecimos a Baruch de Spinoza, con la\u00a0 aprobaci\u00f3n\u00a0 del\u00a0 Santo Dios y de toda esta Santa comunidad, ante los Santos Libros de la Ley con sus 613 prescripciones, con la excomuni\u00f3n con que Josu\u00e9 excomulg\u00f3 a Jeric\u00f3, con la maldici\u00f3n con que Eliseo maldijo a sus hijos y con todas las execraciones escritas en la Ley. Maldito sea\u00a0\u00a0\u00a0 de d\u00eda y maldito sea de noche; maldito sea cuando se acuesta y maldito sea cuando se levanta; maldito sea cuando sale y maldito\u00a0 sea cuando regresa. Que el Se\u00f1or no lo perdone. Que la c\u00f3lera y el enojo del Se\u00f1or se desaten contra este hombre y arrojen sobre \u00e9l todas las maldiciones escritas en el Libro de la Ley. El Se\u00f1or\u00a0 borrar\u00e1 su nombre bajo los cielos y lo expulsar\u00e1 de todas las tribus de Israel abandon\u00e1ndolo al Maligno con todas las maldiciones del cielo escritas en el Libro de la Ley. Pero ustedes, que son fieles al Se\u00f1or vuestro Dios, vivid en paz. Ordenamos que nadie mantenga con \u00e9l comunicaci\u00f3n oral o escrita, que nadie le preste ning\u00fan\u00a0\u00a0 favor, que nadie permanezca con \u00e9l bajo el mismo techo o a menos de cuatro yardas, que nadie lea nada escrito o trascripto por \u00e9l.\u00bb<\/strong><\/span><\/p>\n<p>&nbsp;<\/p>\n<figure id=\"attachment_20720\" aria-describedby=\"caption-attachment-20720\" style=\"width: 550px\" class=\"wp-caption aligncenter\"><img loading=\"lazy\" decoding=\"async\" class=\"wp-image-20720\" src=\"https:\/\/puntocritico.com\/ausajpuntocritico\/wp-content\/uploads\/2019\/08\/Decreto-excomunion-Spinoza-principal.png\" alt=\"Decreto de excomuni\u00f3n de Baruch de Spinoza\" width=\"550\" height=\"366\" data-id=\"20720\" srcset=\"https:\/\/puntocritico.com\/ausajpuntocritico\/wp-content\/uploads\/2019\/08\/Decreto-excomunion-Spinoza-principal.png 680w, https:\/\/puntocritico.com\/ausajpuntocritico\/wp-content\/uploads\/2019\/08\/Decreto-excomunion-Spinoza-principal-300x199.png 300w, https:\/\/puntocritico.com\/ausajpuntocritico\/wp-content\/uploads\/2019\/08\/Decreto-excomunion-Spinoza-principal-678x452.png 678w\" sizes=\"auto, (max-width: 550px) 100vw, 550px\" \/><figcaption id=\"caption-attachment-20720\" class=\"wp-caption-text\"><span style=\"color: #008000;\">Decreto de excomuni\u00f3n de Baruch de Spinoza<\/span><\/figcaption><\/figure>\n<p style=\"text-align: center;\"><span style=\"font-size: 18pt; color: #008000;\"><strong>***<\/strong><\/span><\/p>\n<p style=\"text-align: center;\"><strong><span style=\"font-size: 24pt;\">LA EXCOMUNI\u00d3N DE SPINOZA, LA SINAGOGA VAC\u00cdA<\/span><\/strong><\/p>\n<p style=\"text-align: justify;\"><span style=\"font-size: 14pt;\">Por Ernesto Baltar<\/span><\/p>\n<p style=\"text-align: justify;\"><span style=\"font-size: 14pt;\">JOT DOWN<\/span><\/p>\n<p style=\"text-align: justify;\"><img loading=\"lazy\" decoding=\"async\" class=\"aligncenter wp-image-20669\" src=\"https:\/\/puntocritico.com\/ausajpuntocritico\/wp-content\/uploads\/2019\/07\/spinoza-retrato-copiado-por-joaquin-sorolla-fdr-1.jpg\" alt=\"excomuni\u00f3n \" width=\"330\" height=\"367\" \/><\/p>\n<p>&nbsp;<\/p>\n<p style=\"text-align: justify;\" align=\"JUSTIFY\"><span style=\"font-size: 14pt;\">Recuerdo la primera vez que le\u00ed la f\u00f3rmula del\u00a0<i>Herem<\/i> que promulg\u00f3 la comunidad jud\u00eda de \u00c1msterdam para expulsar de su seno a\u00a0<b>Baruch de Spinoza<\/b>. Era una tarde de invierno, en principio trivial y anodina, como si yo fuese el protagonista de una novela de <b>Benet<\/b>. Anochec\u00eda tras los cristales. Todo estaba en silencio. Por los pasillos de la facultad (Filosof\u00eda, Complutense, Madrid) no hab\u00eda nadie en aquel momento. De repente una voz grave, siniestra, profunda, empez\u00f3 a resonar en mi cabeza conjugando verbos crueles: <i>excluimos, expulsamos, maldecimos, execramos<\/i>. Qued\u00e9 profundamente sobrecogido.<\/span><\/p>\n<p style=\"text-align: justify;\" align=\"JUSTIFY\"><span style=\"font-size: 14pt;\">Estaba leyendo, como sol\u00eda hacer, en una de las bancadas de madera del primer piso, frente a la cristalera hiperfragmentada del vest\u00edbulo, apenas separado del vac\u00edo por una barandilla. Era la hora habitual de los estudiantes noct\u00e1mbulos y de los profesores primerizos o denostados; tambi\u00e9n a veces pasaban con su mopa las se\u00f1oras de la limpieza. Pero aquel d\u00eda no hab\u00eda nadie.\u00a0<i>Maldito sea de d\u00eda, maldito sea de noche; maldito sea durante el sue\u00f1o y durante la vigilia. Maldito sea al entrar y al salir<\/i>.\u00a0<i>Quiera el Eterno jam\u00e1s perdonarle.<\/i>\u00a0Retumbaba la c\u00f3lera divina en cada maldici\u00f3n, en cada condena. Como disparos de mosquet\u00f3n en un fusilamiento.<\/span><\/p>\n<p style=\"text-align: justify;\" align=\"JUSTIFY\"><span style=\"font-size: 14pt;\">El reloj de la facultad \u2014un reloj redondo, futurista, como reci\u00e9n salido de\u00a0<i>Metr\u00f3polis<\/i>\u00a0de\u00a0<strong>Fritz Lang<\/strong>, o eso me gustaba imaginar\u2014daba siempre\u00a0<i>las demasiado pronto<\/i>, una hora que parec\u00eda irreal, infinita, una hora que nunca llegaba, que se desvanec\u00eda en la lectura, en la letra impresa, p\u00e1gina tras p\u00e1gina, y mor\u00eda, como las olas de las canciones francamente mejorables, antes de llegar a la orilla.\u00a0<i>Que su nombre sea borrado de este mundo (\u2026) Sabed que no deb\u00e9is tener con \u00e9l comunicaci\u00f3n alguna, ni oral ni escrita, ni hacerle ning\u00fan favor, ni permanecer con \u00e9l bajo techo, ni acerc\u00e1rsele a menos de cuatro codos, ni leer cosa alguna por \u00e9l escrita.\u00a0<\/i>Not\u00e9 en mis brazos los pelos de punta.<\/span><\/p>\n<p style=\"text-align: justify;\" align=\"JUSTIFY\"><span style=\"font-size: 14pt;\">Acababa de abrir\u00a0<i>La sinagoga vac\u00eda. Un estudio de las fuentes marranas del espinosismo<\/i>, el libro escrito por\u00a0<b>Gabriel Albiac<\/b>\u00a0que hab\u00eda tomado prestado en la biblioteca. Aunque se hab\u00eda publicado solo una d\u00e9cada antes, parec\u00eda un ejemplar antiguo, como curtido en piel de oveja, casi un incunable. Durante a\u00f1os lo estuve buscando sin \u00e9xito por las librer\u00edas de viejo. Nada. Imposible.<\/span><\/p>\n<p style=\"text-align: justify;\" align=\"JUSTIFY\"><span style=\"font-size: 14pt;\">Portentoso entramado de erudici\u00f3n, pensamiento y poes\u00eda,\u00a0<i>La sinagoga vac\u00eda<\/i>\u00a0abre tantas puertas a la conciencia como laberintos y espejos hay en los versos de\u00a0<strong>Borges<\/strong>. Es un ensayo contundente, riguroso, profundo, pero tambi\u00e9n se puede leer como una novela, como una colecci\u00f3n de historias apasionantes y misteriosas (y cada pie de p\u00e1gina, con especial menci\u00f3n al gran\u00a0<b>Gershom Scholem<\/b><strong>y<\/strong> a la\u00a0<i>Historia de los heterodoxos espa\u00f1oles<\/i>\u00a0de\u00a0<b>Men\u00e9ndez Pelayo<\/b>, se convierte en un nuevo laberinto de posibilidades). As\u00ed lo le\u00ed yo entonces, y as\u00ed lo estoy volviendo a leer ahora, cuando, por fin, se ha vuelto a editar, en una versi\u00f3n corregida y aumentada, un cuarto de siglo despu\u00e9s de la primera.<\/span><\/p>\n<p style=\"text-align: justify;\" align=\"JUSTIFY\"><span style=\"font-size: 14pt;\">Cae tambi\u00e9n ahora la tarde, pero es verano y todav\u00eda se sostiene la luz. No estoy en el primer piso de la facultad, frente a la entrada principal. No. Muchas cosas (muchas) han quedado atr\u00e1s. Ni mejor ni peor: todo es distinto. Estoy en casa, y miro por la ventana, y veo \u00e1rboles y escucho p\u00e1jaros. Abro el libro. La emoci\u00f3n no puede ser la misma que el d\u00eda del descubrimiento, pues ya no es posible el impacto de la novedad. Pero esas palabras siguen turb\u00e1ndome sobremanera. En esta ocasi\u00f3n, a la brutalidad incontenible del <i>herem<\/i>\u00a0se une la memoria involuntaria de aquella primera lectura.<\/span><\/p>\n<p align=\"JUSTIFY\">\u00a0<\/p>\n<p><img loading=\"lazy\" decoding=\"async\" class=\"aligncenter wp-image-20668 size-full\" src=\"https:\/\/puntocritico.com\/ausajpuntocritico\/wp-content\/uploads\/2019\/07\/SPINOZA-Gabriel-Albiac-La-sinagoga-vac\u00eda.jpg\" alt=\"\" width=\"200\" height=\"297\" \/><\/p>\n<p>&nbsp;<\/p>\n<p style=\"text-align: justify;\" align=\"JUSTIFY\"><span style=\"font-size: 14pt;\">Asisto, de nuevo, con perplejidad\u00a0\u2014esta s\u00ed, casi la misma de hace 15 a\u00f1os\u2014\u00a0a la escena, mitificada, convertida ya en leyenda, de Baruch (o Bento, o Benito, o Benedictus) de Spinoza (o Espinosa, o Despinosa, o Espino\u00e7a) siendo excomulgado el 27 de julio de 1656, seg\u00fan la narra Albiac: \u201cGrave solemnidad de la voz anciana del\u00a0<i>Haham<\/i>, desgranando, lenta, el rosario meticuloso de las maldiciones, en este atardecer, que no es dif\u00edcil imaginar impregnado por la humedad pegajosa del verano en la ciudad del Amstet. (\u2026) Rodar\u00eda a\u00fan el eco venerable de la larga maldici\u00f3n en los o\u00eddos de los fieles congregados, mientras las luces, lentamente, de las velas habr\u00edan ido siendo, una a una, extintas; embriagador aroma de la cera, pabilos humeantes, retumbar del sonido del cuerno en las cabezas de los fieles.\u00a0<i>Toda la gran liturgia<\/i>. Suntuosidad del barroco en el espacio arquitect\u00f3nico, casi milagrosamente limpio, de la Sinagoga. (\u2026) Como en una pesadilla recurrente, el\u00a0<i>auto de fe<\/i>\u00a0gravita, entretejido en la trama misma de la palabra propia, poder \u00faltimo y solo unificante de un pueblo disperso y perplejo\u201d.<\/span><\/p>\n<p style=\"text-align: justify;\" align=\"JUSTIFY\"><span style=\"font-size: 14pt;\">Es una escena falsa, nos aclara el autor, pues probablemente no se trat\u00f3 de una proclama p\u00fablica y solemne, sino de un mero tr\u00e1mite administrativo. Sin embargo, resulta inevitable componer el cuadro de la imaginaci\u00f3n (de ella forman parte, incluso, las palabras). S\u00ed, vivimos de la leyenda, y \u201csus fantasmas son nuestros\u00a0<i>psycopompoi<\/i>\u201d.<\/span><\/p>\n<p style=\"text-align: justify;\" align=\"JUSTIFY\"><span style=\"font-size: 14pt;\">Excluido entre los excluidos (es decir, entre los jud\u00edos hispano-portugueses que hab\u00edan huido a \u00c1msterdam), la figura de Spinoza \u2014a la saz\u00f3n un joven comerciante de 24 a\u00f1os, tallador de lentes\u2014 adquiere entonces su estatuto de leyenda como \u201cparadigma l\u00edmite de un pueblo instalado en la ausencia de suelo patrio, momento final y hermos\u00edsimo de una cultura de la desmesura: la misma que a \u00e9l lo excluye y, en el acto de excluirlo, en \u00e9l cristaliza para siempre.\u00a0<i>Maledictus<\/i>\u201d. Adem\u00e1s de su condici\u00f3n bic\u00e9fala de \u201cateo sistem\u00e1tico\u201d (que impuls\u00f3\u00a0<b>Pierre Bayle<\/b>) o de \u201cateo virtuoso\u201d (que forj\u00f3 el pastor\u00a0<b>Colerus<\/b>), la fascinaci\u00f3n que Spinoza ejercer\u00eda en su siglo responde quiz\u00e1\u00a0\u2014hip\u00f3tesis central del libro\u2014\u00a0a la explicitaci\u00f3n te\u00f3rica de un hecho hist\u00f3rico irreversible: \u201cla\u00a0<i>experiencia marrana<\/i>, la experiencia del fin (que sigue a su apoteosis) de toda religi\u00f3n de salvaci\u00f3n\u201d <a id=\"ref1a\"><\/a><a href=\"#ref1\">(1).<\/a> Y su temible\u00a0\u2014para algunos\u2014\u00a0corolario: la p\u00e9rdida del sentido, de las finalidades, de cualquier forma de teleolog\u00eda o mesianismo, as\u00ed como la ausencia absoluta de toda identidad (incluida la identidad subjetiva).<\/span><\/p>\n<p style=\"text-align: justify;\" align=\"JUSTIFY\"><span style=\"font-size: 14pt;\">Entre los numerosos personajes enigm\u00e1ticos e historias incre\u00edbles que recorren estas p\u00e1ginas (el viaje m\u00edstico de\u00a0<strong>Montezinos<\/strong>, la autobiograf\u00eda suicida de\u00a0<strong>Uriel da Costa<\/strong>, el manifiesto cabal\u00edstico de don\u00a0<strong>Alonso de Herrera<\/strong>, etc), recuerdo que me impresion\u00f3 singularmente la vida de\u00a0<b>Sabatai Zev\u00ed<\/b>, aquel mes\u00edas fallido de tendencias psic\u00f3ticas maniaco-depresivas que en el a\u00f1o de la bestia (1666) acab\u00f3 renegando de su religi\u00f3n ante el sult\u00e1n\u00a0<strong>Mehmed IV<\/strong>\u00a0y pas\u00e1ndose a la fe musulmana. Se convirti\u00f3 en emblema puro del antinomismo (la transgresi\u00f3n sistem\u00e1tica de toda ley) y en arquetipo parad\u00f3jico del santo pecador: \u201c<em>En nada ni en nadie habr\u00eda podido hallar la comunidad jud\u00eda hispano-portuguesa mejor consuelo que en la figura de este mes\u00edas cubierto con el turbante musulm\u00e1n, sobre el cual transferir las culpas \u2014m\u00e1s a\u00fan, los remordimientos\u2014\u00a0contra\u00eddas al pie de las pilas bautismales de la Pen\u00ednsula<\/em>\u201d. Es decir, los descendientes de aquellos jud\u00edos ib\u00e9ricos que se tuvieron que pasar al cristianismo durante las persecuciones de 1391 a 1498 pod\u00edan encontrar en este mes\u00edas ap\u00f3stata la glorificaci\u00f3n religiosa de su propia condici\u00f3n atormentada de conversos, de esa doble vida que se hab\u00edan visto obligados a llevar.<\/span><\/p>\n<p style=\"text-align: justify;\" align=\"JUSTIFY\"><span style=\"font-size: 14pt;\">Descanso un rato de la lectura y dejo el libro al lado de la\u00a0<i>\u00c9tica demostrada seg\u00fan el orden geom\u00e9trico<\/i>\u00a0de Spinoza, en la edici\u00f3n de Tecnos de 2007, con traducci\u00f3n y pr\u00f3logo de\u00a0<a href=\"https:\/\/puntocritico.com\/ausajpuntocritico\/2020\/10\/23\/spinoza-por-vidal-pena-introduccion-a-la-etica-republicado\/\"><b>Vidal Pe\u00f1a<\/b><\/a>\u00a0y notas al pie\u00a0\u2014como un segundo libro inserto dentro del primero\u2014\u00a0del propio Albiac. No encajan los formatos ni pegan los colores de cubierta, pero parecen dos obras hechas para estar juntas.<\/span><\/p>\n<p style=\"text-align: justify;\" align=\"JUSTIFY\"><span style=\"font-size: 14pt;\"><i>La sinagoga vac\u00eda<\/i>\u00a0ya no es solo un recuerdo feliz que puja por no extinguirse, un espectro del pasado hecho de palabras, conceptos e im\u00e1genes\u00a0\u2014una tarde de invierno, la facultad vac\u00eda, todo en silencio, la oscuridad adue\u00f1\u00e1ndose de los reversos de las ventanas y clarificando, por tanto, los interiores de los hombres\u2014\u00a0que nos devolv\u00eda la imagen de Spinoza como espejo mismo de la filosof\u00eda. Ahora es una obra presente, revivida, que late de nuevo en nuestras manos. Todo envuelto en una prosa elegante, potente, evocadora, densa en lo conceptual, siempre atravesada por la m\u00fasica; con frases cortas, de puls\u00f3metro azoriniano, y figuras ret\u00f3ricas como el hip\u00e9rbaton y la elipsis, tan caracter\u00edsticas del autor.<\/span><\/p>\n<p style=\"text-align: justify;\" align=\"JUSTIFY\"><span style=\"font-size: 14pt;\">660 p\u00e1ginas de sugerente poes\u00eda y rigurosa erudici\u00f3n. O viceversa: de rigurosa poes\u00eda y sugerente erudici\u00f3n. Una maravilla.<\/span><\/p>\n<p align=\"JUSTIFY\">\u00a0<\/p>\n<p align=\"JUSTIFY\"><a href=\"https:\/\/es.wikipedia.org\/wiki\/Gustave_Flaubert\" target=\"_blank\" rel=\"noopener\"><img loading=\"lazy\" decoding=\"async\" class=\"aligncenter wp-image-2222291\" src=\"https:\/\/puntocritico.com\/ausajpuntocritico\/wp-content\/uploads\/2021\/08\/25697-frase-he-releido-por-tercera-vez-en-mi-vida-todo-spinoza-este-ateo-ha-sido-en-migustave-flaubert.jpg\" alt=\"\" width=\"555\" height=\"261\" data-id=\"2222291\" srcset=\"https:\/\/puntocritico.com\/ausajpuntocritico\/wp-content\/uploads\/2021\/08\/25697-frase-he-releido-por-tercera-vez-en-mi-vida-todo-spinoza-este-ateo-ha-sido-en-migustave-flaubert.jpg 850w, https:\/\/puntocritico.com\/ausajpuntocritico\/wp-content\/uploads\/2021\/08\/25697-frase-he-releido-por-tercera-vez-en-mi-vida-todo-spinoza-este-ateo-ha-sido-en-migustave-flaubert-300x141.jpg 300w, https:\/\/puntocritico.com\/ausajpuntocritico\/wp-content\/uploads\/2021\/08\/25697-frase-he-releido-por-tercera-vez-en-mi-vida-todo-spinoza-este-ateo-ha-sido-en-migustave-flaubert-768x361.jpg 768w, https:\/\/puntocritico.com\/ausajpuntocritico\/wp-content\/uploads\/2021\/08\/25697-frase-he-releido-por-tercera-vez-en-mi-vida-todo-spinoza-este-ateo-ha-sido-en-migustave-flaubert-610x287.jpg 610w\" sizes=\"auto, (max-width: 555px) 100vw, 555px\" \/><\/a><\/p>\n<p align=\"JUSTIFY\">\u00a0<\/p>\n<p style=\"text-align: center;\" align=\"JUSTIFY\"><span style=\"color: #008000;\"><strong><span style=\"font-size: 18pt;\">*******<\/span><\/strong><\/span><\/p>\n<blockquote>\n<p style=\"text-align: center;\" align=\"JUSTIFY\"><span style=\"font-size: 14pt;\"><strong>NOTA<\/strong><\/span><\/p>\n<p style=\"text-align: justify;\" align=\"JUSTIFY\"><span style=\"font-size: 14pt;\"><a id=\"ref1\"><\/a><a href=\"#ref1a\">(1)<\/a> El disonante t\u00e9rmino \u201cmarrano\u201d refiere a\u00a0<i>los que marran<\/i>, \u201cfallidos, incompletos, no acabados, los que pierden su identidad en el vac\u00edo de un punto de fuga hacia el abismo de la negatividad, la nada, de la duplicidad, lo infame, lo monstruoso\u201d.<\/span><\/p>\n<\/blockquote>\n<div class=\"a2a_kit a2a_kit_size_24 addtoany_list\" data-a2a-url=\"https:\/\/www.jotdown.es\/2013\/06\/la-excomunion-de-spinoza-la-sinagoga-vacia\/\" data-a2a-title=\"La excomuni\u00f3n de Spinoza, la sinagoga vac\u00eda\">\u00a0<\/div>\n<div data-a2a-url=\"https:\/\/www.jotdown.es\/2013\/06\/la-excomunion-de-spinoza-la-sinagoga-vacia\/\" data-a2a-title=\"La excomuni\u00f3n de Spinoza, la sinagoga vac\u00eda\"><a href=\"https:\/\/puntocritico.com\/ausajpuntocritico\/author\/punto-critico\/\"><img loading=\"lazy\" decoding=\"async\" class=\"aligncenter wp-image-48\" src=\"https:\/\/puntocritico.com\/ausajpuntocritico\/wp-content\/uploads\/2016\/11\/Mosca_Punto_Cr\u00edtico_40.png\" alt=\"\" width=\"70\" height=\"70\" \/><\/a><\/div>\n<p>&nbsp;<\/p>\n","protected":false},"excerpt":{"rendered":"<div class=\"mh-excerpt\"><p>Decreto de excomuni\u00f3n de Baruch de Spinoza \u00abAlguien construye a Dios en la penumbra\u00bb, por Jorge Luis Borges \u00a0 Bruma de oro, el Occidente alumbra la ventana. El asiduo manuscrito aguarda, ya cargado de infinito. <a class=\"mh-excerpt-more\" href=\"https:\/\/puntocritico.com\/ausajpuntocritico\/2022\/01\/28\/excomunion-spinoza\/\" title=\"Decreto de excomuni\u00f3n de Baruch de Spinoza (1656). \u00abAlguien construye a Dios en la penumbra\u00bb, por Jorge Luis Borges.\">[&#8230;]<\/a><\/p>\n<\/div>","protected":false},"author":3,"featured_media":20720,"comment_status":"open","ping_status":"closed","sticky":false,"template":"","format":"standard","meta":{"_acf_changed":false,"_exactmetrics_skip_tracking":false,"_exactmetrics_sitenote_active":false,"_exactmetrics_sitenote_note":"","_exactmetrics_sitenote_category":0,"footnotes":""},"categories":[8],"tags":[51,43],"class_list":{"0":"post-2238670","1":"post","2":"type-post","3":"status-publish","4":"format-standard","5":"has-post-thumbnail","7":"category-filosofia","8":"tag-borges","9":"tag-spinoza"},"acf":[],"_links":{"self":[{"href":"https:\/\/puntocritico.com\/ausajpuntocritico\/wp-json\/wp\/v2\/posts\/2238670","targetHints":{"allow":["GET"]}}],"collection":[{"href":"https:\/\/puntocritico.com\/ausajpuntocritico\/wp-json\/wp\/v2\/posts"}],"about":[{"href":"https:\/\/puntocritico.com\/ausajpuntocritico\/wp-json\/wp\/v2\/types\/post"}],"author":[{"embeddable":true,"href":"https:\/\/puntocritico.com\/ausajpuntocritico\/wp-json\/wp\/v2\/users\/3"}],"replies":[{"embeddable":true,"href":"https:\/\/puntocritico.com\/ausajpuntocritico\/wp-json\/wp\/v2\/comments?post=2238670"}],"version-history":[{"count":0,"href":"https:\/\/puntocritico.com\/ausajpuntocritico\/wp-json\/wp\/v2\/posts\/2238670\/revisions"}],"wp:featuredmedia":[{"embeddable":true,"href":"https:\/\/puntocritico.com\/ausajpuntocritico\/wp-json\/wp\/v2\/media\/20720"}],"wp:attachment":[{"href":"https:\/\/puntocritico.com\/ausajpuntocritico\/wp-json\/wp\/v2\/media?parent=2238670"}],"wp:term":[{"taxonomy":"category","embeddable":true,"href":"https:\/\/puntocritico.com\/ausajpuntocritico\/wp-json\/wp\/v2\/categories?post=2238670"},{"taxonomy":"post_tag","embeddable":true,"href":"https:\/\/puntocritico.com\/ausajpuntocritico\/wp-json\/wp\/v2\/tags?post=2238670"}],"curies":[{"name":"wp","href":"https:\/\/api.w.org\/{rel}","templated":true}]}}