{"id":2237486,"date":"2021-12-31T00:05:23","date_gmt":"2021-12-30T23:05:23","guid":{"rendered":"https:\/\/puntocritico.com\/ausajpuntocritico\/?p=2237486"},"modified":"2025-12-30T14:30:18","modified_gmt":"2025-12-30T13:30:18","slug":"2021-el-ano-de-la-autocensura-sin-las-libertades-de-expresion-e-informacion-no-es-posible-una-sociedad-libre-y-plural-la-marcha-radetzky-y-el-mariscal","status":"publish","type":"post","link":"https:\/\/puntocritico.com\/ausajpuntocritico\/2021\/12\/31\/2021-el-ano-de-la-autocensura-sin-las-libertades-de-expresion-e-informacion-no-es-posible-una-sociedad-libre-y-plural-la-marcha-radetzky-y-el-mariscal\/","title":{"rendered":"2021: EL A\u00d1O DE LA AUTOCENSURA. \u00abSin las Libertades de Expresi\u00f3n e Informaci\u00f3n no es posible una sociedad libre y plural\u00bb \/\/ La Marcha Radetzky y el Mariscal."},"content":{"rendered":"<p><a id=\"ref1a\"><\/a><a href=\"#ref1\">Concierto de A\u00f1o Nuevo:\u00a0La Marcha Radetzky<\/a><\/p>\n<p><a id=\"ref2a\"><\/a><a href=\"#ref2\">DESCARGA \u00abTHE RADETZKY MARCH\u00bb, de Joseph Roth<\/a><\/p>\n<p><a id=\"ref3a\"><\/a><a href=\"#ref3\">Regulaci\u00f3n normativa\u00a0<\/a><\/p>\n<p style=\"text-align: center;\"><span style=\"font-size: 18pt;\"><strong>*<span style=\"color: #008000;\">*<\/span>*<\/strong><\/span><\/p>\n<p style=\"text-align: center;\"><span style=\"font-size: 24pt;\"><strong>2021:\u00a0 EL A\u00d1O DE LA AUTOCENSURA<\/strong><\/span><\/p>\n<p style=\"text-align: justify;\"><span style=\"font-size: 14pt;\">AUSAJ<\/span><\/p>\n<blockquote>\n<p style=\"text-align: justify;\"><span style=\"font-size: 14pt;\">El Tribunal Constitucional espa\u00f1ol, que instaur\u00f3 la Constituci\u00f3n de 1978, comienza su funcionamiento en el mes de julio de 1980. Ya desde sus primeras Sentencias, en 1981, afirma que <strong>las libertades de expresi\u00f3n e informaci\u00f3n constituyen el requisito indispensable para una \u00absociedad libre y plural\u00bb<\/strong>. Afirmaci\u00f3n que a lo largo de toda su Jurisprudencia siempre ha reiterado; hasta el d\u00eda de hoy.\u00a0<\/span><\/p>\n<p style=\"text-align: justify;\"><span style=\"font-size: 14pt;\">En la actualidad hemos dado carta de naturaleza a un concepto terrible, un concepto que esconde un eufemismo tras el cual se oculta nada menos que la negaci\u00f3n de la personalidad humana: <strong>la \u00abCultura\u00bb de la CANCELACI\u00d3N<\/strong>.\u00a0<\/span><\/p>\n<p style=\"text-align: justify;\"><span style=\"font-size: 14pt;\">Cultura es precisamente lo que no es cancelaci\u00f3n. Con\u00a0 la expresi\u00f3n \u00abCultura de la cancelaci\u00f3n\u00bb nos adentramos en el camino de lo irracional, tal y como si habl\u00e1semos de la \u00abgastronom\u00eda del ayuno\u00bb. Nos estamos refiriendo en realidad a una subcultura t\u00f3xica, a un germen de ignorancia. No escuchar\u00e1s m\u00e1s a quien ha sido cancelado. Y `para poder \u00abcancelar\u00bb ideas, hay que \u00abcancelar\u00bb a las personas que expresen esas ideas. Esta especie de muerte civil de la persona \u00abcancelada\u00bb, significa en realidad la perdida cultural de la idea asesinada.\u00a0<\/span><\/p>\n<p style=\"text-align: justify;\"><span style=\"font-size: 14pt;\">Viene a cuento esta reflexi\u00f3n por unos hechos que conocimos por los avisos de diversos lectores de Punto Critico desde diferentes pa\u00edses del mundo, alert\u00e1ndonos de que Google hab\u00eda sepultado nuestro Bolet\u00edn, Punto Critico, de manera que no pudiese ser hallado en una b\u00fasqueda normal. No es una queja, pues ello no constituye un problema para AUSAJ; nuestros lectores saben d\u00f3nde est\u00e1 Punto Critico y no buscamos m\u00e1s lectores. Nunca hemos editado Punto Critico como un negocio, siempre hemos rechazado las habituales propuestas de incluir publicidad (pagada), nunca hemos pedido una subvenci\u00f3n y ning\u00fan da\u00f1o nos puede hacer que el Bolet\u00edn de AUSAJ, Punto Cr\u00edtico, se lea menos, salvo lo que pudiese afectar a nuestro ego, que no resulta relevante para nuestra asociaci\u00f3n, ni un problema para los editores.<\/span><\/p>\n<p style=\"text-align: justify;\"><span style=\"font-size: 14pt;\">Pero el problema existe y es grave. Parece que no nos afecta como individuos, pero nos destruye como sociedad.\u00a0 Imaginemos la situaci\u00f3n\u00a0 habitual -diferente de la situaci\u00f3n, ya referida, de AUSAJ: Una publicaci\u00f3n distribuida por internet, que constituya un medio de vida para sus editores y trabajadores. Ahora, nos damos cuenta como editores de que hay determinada informaci\u00f3n que perjudica nuestra distribuci\u00f3n, hasta el punto de llegar a hacer inviable la actividad, ya que al impedirse -por las redes sociales o buscadores- que los lectores puedan acceder a la Revista, sus ingresos decaer\u00edan brutalmente. Imaginemos que para comenzar la actividad, estos empresarios han tenido que acudir al cr\u00e9dito bancario.\u00a0<\/span><\/p>\n<\/blockquote>\n<p>&nbsp;<\/p>\n<p><img loading=\"lazy\" decoding=\"async\" class=\"aligncenter wp-image-1631246 size-full\" src=\"https:\/\/puntocritico.com\/ausajpuntocritico\/wp-content\/uploads\/2021\/01\/censura-arte-expresi\u00f3n.jpg\" alt=\"Radetzky\" width=\"932\" height=\"390\" data-id=\"1631246\" srcset=\"https:\/\/puntocritico.com\/ausajpuntocritico\/wp-content\/uploads\/2021\/01\/censura-arte-expresi\u00f3n.jpg 932w, https:\/\/puntocritico.com\/ausajpuntocritico\/wp-content\/uploads\/2021\/01\/censura-arte-expresi\u00f3n-300x126.jpg 300w, https:\/\/puntocritico.com\/ausajpuntocritico\/wp-content\/uploads\/2021\/01\/censura-arte-expresi\u00f3n-768x321.jpg 768w, https:\/\/puntocritico.com\/ausajpuntocritico\/wp-content\/uploads\/2021\/01\/censura-arte-expresi\u00f3n-610x255.jpg 610w\" sizes=\"auto, (max-width: 932px) 100vw, 932px\" \/><\/p>\n<p>&nbsp;<\/p>\n<p style=\"text-align: justify;\"><span style=\"font-size: 14pt;\">El Tribunal Constitucional espa\u00f1ol, que instaur\u00f3 la Constituci\u00f3n de 1978, comienza su funcionamiento en el mes de julio de 1980. Ya desde sus primeras Sentencias, en 1981, afirma que <strong>las libertades de expresi\u00f3n e informaci\u00f3n constituyen el requisito indispensable para una \u00absociedad libre y plural\u00bb<\/strong>. Afirmaci\u00f3n que a lo largo de toda su Jurisprudencia siempre ha reiterado; hasta el d\u00eda de hoy.\u00a0<\/span><\/p>\n<p style=\"text-align: justify;\"><span style=\"font-size: 14pt;\">En la actualidad hemos dado carta de naturaleza a un concepto terrible, un concepto que esconde un eufemismo tras el cual se oculta nada menos que la negaci\u00f3n de la personalidad humana: <strong>la \u00abCultura\u00bb de la CANCELACI\u00d3N<\/strong>.\u00a0<\/span><\/p>\n<p style=\"text-align: justify;\"><span style=\"font-size: 14pt;\">Cultura es precisamente lo que no es cancelaci\u00f3n. Con\u00a0 la expresi\u00f3n \u00abCultura de la cancelaci\u00f3n\u00bb nos adentramos en el camino de lo irracional, tal y como si habl\u00e1semos de la \u00abgastronom\u00eda del ayuno\u00bb. Nos estamos refiriendo en realidad a una subcultura t\u00f3xica, a un germen de ignorancia. No escuchar\u00e1s m\u00e1s a quien ha sido cancelado. Y `para poder \u00abcancelar\u00bb ideas, hay que \u00abcancelar\u00bb a las personas que expresen esas ideas. Esta especie de muerte civil de la persona \u00abcancelada\u00bb, significa en realidad la perdida cultural de la idea asesinada.\u00a0<\/span><\/p>\n<p style=\"text-align: justify;\"><span style=\"font-size: 14pt;\">Viene a cuento esta reflexi\u00f3n por unos hechos que conocimos por los avisos de diversos lectores de Punto Critico desde diferentes pa\u00edses del mundo, alert\u00e1ndonos de que Google hab\u00eda sepultado nuestro Bolet\u00edn, Punto Critico, de manera que no pudiese ser hallado en una b\u00fasqueda normal. No es una queja, pues ello no constituye un problema para AUSAJ; nuestros lectores saben d\u00f3nde est\u00e1 Punto Critico y no buscamos m\u00e1s lectores. Nunca hemos editado Punto Critico como un negocio, siempre hemos rechazado las habituales propuestas de incluir publicidad (pagada), nunca hemos pedido una subvenci\u00f3n y ning\u00fan da\u00f1o nos puede hacer que el Bolet\u00edn de AUSAJ, Punto Cr\u00edtico, se lea menos, salvo lo que pudiese afectar a nuestro ego, que no resulta relevante para nuestra asociaci\u00f3n, ni un problema para los editores.<\/span><\/p>\n<p style=\"text-align: justify;\"><span style=\"font-size: 14pt;\">Pero el problema existe y es grave. Parece que no nos afecta como individuos, pero nos destruye como sociedad.\u00a0 Imaginemos la situaci\u00f3n\u00a0 habitual -diferente de la situaci\u00f3n, ya referida, de AUSAJ: Una publicaci\u00f3n distribuida por internet, que constituya un medio de vida para sus editores y trabajadores. Ahora, nos damos cuenta como editores de que hay determinada informaci\u00f3n que perjudica nuestra distribuci\u00f3n, hasta el punto de llegar a hacer inviable la actividad, ya que al impedirse -por las redes sociales o buscadores- que los lectores puedan acceder a la Revista, sus ingresos decaer\u00edan brutalmente. Imaginemos que para comenzar la actividad, estos empresarios han tenido que acudir al cr\u00e9dito bancario.\u00a0<\/span><\/p>\n<p style=\"text-align: justify;\"><span style=\"font-size: 14pt;\">Resulta evidente que ser\u00e1n los propios editores quienes tendr\u00e1n que elegir entre perder su inversi\u00f3n y quedarse debiendo los cr\u00e9ditos, despedir a la plantilla y arruinarse, en el caso de que opten por publicar las ideas que su conciencia les impone, o elegir la viabilidad de su empresa y su desarrollo, publicando solo aquello que no est\u00e9 penalizado por redes sociales o buscadores de internet.\u00a0<\/span><\/p>\n<p style=\"text-align: justify;\"><span style=\"font-size: 14pt;\">A nadie se le escapar\u00e1 que, con ello, la sociedad entera ha perdido cultura, impedido el acceso a ideas, ideas que permitir\u00edan avanzar por la senda de la autonom\u00eda personal y social, estamos convirti\u00e9ndonos en rehenes de las mayores Corporaciones del mundo que, por tanto, acabando con todo aquello que deseen acabar, habr\u00e1n dispuesto el mundo tal y como ellos lo prefieren para maximizar sus beneficios o imponer sus agendas, y el mundo ser\u00e1 un lugar cada vez m\u00e1s gris, con menos movimiento, marchito, mustio, uniforme, moribundo, muerto. Tal es la importancia de las libertades de expresi\u00f3n e informaci\u00f3n.\u00a0<\/span><\/p>\n<p style=\"text-align: justify;\"><span style=\"font-size: 14pt;\">La sociedad se ha acostumbrado a que sean otros los que se molesten en satisfacer sus deseos. En la postrimer\u00eda del siglo pasado, hemos visto el inicio del abandono por parte de los ciudadanos de los primeros de sus derechos. Nos referimos a la intimidad personal y a la protecci\u00f3n constitucional de los datos personales contra su tratamiento inform\u00e1tico en bases de datos. En aqu\u00e9l momento la cuesti\u00f3n que se planteaba era de si los bancos deber\u00edan pedir en cada caso la autorizaci\u00f3n del titular de los datos para poder tratarlos, o bien era el titular quien deb\u00eda formalizar su oposici\u00f3n al tratamiento, siendo esta \u00faltima postura la que prevalecer\u00eda. A continuaci\u00f3n, dado que los datos personales eran utilizados y tratados inform\u00e1ticamente por grandes empresas, la cuesti\u00f3n que se plante\u00f3 fue si estas grandes empresas deb\u00edan o no incurrir en los gastos derivados de lograr documentar la autorizaci\u00f3n individual para el tratamiento de los datos personales de cada uno de nosotros. La soluci\u00f3n del Tribunal Supremo no pudo ser m\u00e1s perjudicial para los Derechos Humanos. El Tribunal decidi\u00f3 que era suficiente el env\u00edo de \u00ab<em>mailings<\/em>\u00bb masivos, pasando a ser una carga del titular de los datos el saber quien dispon\u00eda de ellos y oponerse a su tratamiento. Perdido el Derecho Fundamental, lo celebramos por todo lo alto. Lleg\u00f3 Internet. Con sus Cookies. Y comenz\u00f3 la recopilaci\u00f3n masiva de datos personales, supuestamente \u00b7despersonalizados. Son los <a href=\"https:\/\/puntocritico.com\/ausajpuntocritico\/2020\/06\/08\/cocidos-como-ranitas-sin-informacion-no-hay-escapatoria-parte-i-republicado\/\">Big Data<\/a>, que permiten a las <a href=\"https:\/\/puntocritico.com\/ausajpuntocritico\/2020\/07\/28\/corporaciones-psicopatas-inmortales-2\/\">Grandes Corporaciones Supranacionales<\/a> dise\u00f1ar un mundo cuyos pormenores controlan absolutamente.<\/span><\/p>\n<p style=\"text-align: justify;\"><span style=\"font-size: 14pt;\">La libertad de expresi\u00f3n, y el resto de libertades reconocidas en el art\u00edculo 20 de la CE, son libertades determinantes en las sociedades democr\u00e1ticas. \u00ab<em><strong>No puede haber participaci\u00f3n genuina de los miembros de la sociedad en la toma de decisiones pol\u00edticas sin libertad de expresi\u00f3n. Las libertades informativas se constituyen en piedra angular de todo r\u00e9gimen pol\u00edtico<\/strong><\/em>\u00bb (S\u00c1NCHEZ GONZ\u00c1LEZ).\u00a0<\/span><\/p>\n<div style=\"text-align: justify;\"><span style=\"font-size: 14pt;\">La jurisprudencia constitucional ha declarado repetidamente que la libertad reconocida en el <strong>art. 20.1 d)<\/strong> CE., en cuanto transmisi\u00f3n de manera veraz de hechos noticiables, de inter\u00e9s general y relevancia p\u00fablica, no se erige \u00fanicamente en derecho propio de su titular sino en una pieza esencial en la configuraci\u00f3n del Estado democr\u00e1tico, garantizando la formaci\u00f3n de una opini\u00f3n p\u00fablica libre y la realizaci\u00f3n del pluralismo como principio b\u00e1sico de convivencia (<em>entre la abundante jurisprudencia, SSTC 6\/1981, 104\/1986, 159\/1986, 171\/1990, 172\/1990, 219\/1992, 240\/1992, 173\/1995<\/em>). En definitiva, <strong>las libertades contenidas en el art. 20 CE, se constituyen en valores objetivos esenciales del Estado democr\u00e1tico<\/strong>.\u00a0<\/span><\/div>\n<div>\u00a0<\/div>\n<div style=\"text-align: justify;\"><span style=\"font-size: 14pt;\">Como se\u00f1ala <strong>N\u00fa\u00f1ez Mart\u00ednez<\/strong>, la libertad de expresi\u00f3n, como derecho de los ciudadanos frente al poder, puede ser ejercida por cualquier persona f\u00edsica o jur\u00eddica nacional o extranjera, sin que lo expresado pueda en ning\u00fan caso ser objeto de censura, e independientemente del medio empleado para su difusi\u00f3n (oral, escrito, DVD&#8230;). La comunicaci\u00f3n informativa, a que se refiere el <strong>apartado d) del art. 20.1<\/strong> de la Constituci\u00f3n, versa sobre hechos, y sobre hechos, espec\u00edficamente, \u00ab<em>que pueden encerrar trascendencia p\u00fablica<\/em>\u00bb a efectos de que \u00ab<em><strong>sea real la participaci\u00f3n de los ciudadanos en la vida colectiva<\/strong><\/em>\u00bb, de tal forma que de la libertad de informaci\u00f3n -y del correlativo derecho a recibirla\u2014 \u00ab<strong><em>es sujeto primario la colectividad y cada uno de sus miembros, cuyo inter\u00e9s es el soporte final de este derecho<\/em><\/strong>\u00bb (STC 105\/1983). En la <strong>STC 47\/2000<\/strong>, el Tribunal Constitucional ha establecido claramente esta diferencia: mientras la primera &#8211;<strong>la libertad de expresi\u00f3n<\/strong>&#8211; \u00ab<em><strong>tiene por objeto pensamientos, ideas y opiniones, en un concepto amplio<\/strong><\/em>\u00bb, <strong>el derecho de informaci\u00f3n<\/strong> \u00ab<em><strong>versa, en cambio, sobre hechos<\/strong><\/em>\u00bb (STC 61\/1998); es decir, lo que se transmite. \u00ab<em><strong>En un caso es la idea y en otro la noticia o el dato<\/strong><\/em>\u00bb (STC 223\/1992). La conclusi\u00f3n anterior resulta de capital importancia, porque uno y otra comportan reg\u00edmenes distintos en su relaci\u00f3n con otros derechos con los que, en su caso, puedan entrar en colisi\u00f3n. En efecto, mientras que la libertad de expresi\u00f3n resulta objeto de una declaraci\u00f3n de reconocimiento y protecci\u00f3n gen\u00e9rica en el <strong>art. 20.1 a)<\/strong> CE. sin m\u00e1s, el derecho a la informaci\u00f3n que reconoce y protege el <strong>p\u00e1rrafo d)<\/strong> del mismo precepto no tiene por objeto cualquier informaci\u00f3n, sino s\u00f3lo la \u00ab<em><strong>informaci\u00f3n veraz<\/strong><\/em>\u00bb; dicho en otros t\u00e9rminos empleados en esta sede en varias ocasiones (STC 223\/1992), la libertad de informaci\u00f3n tiene en la veracidad un l\u00edmite constitucional intr\u00ednseco.<\/span><\/div>\n<div style=\"text-align: justify;\">\n<div>\u00a0<\/div>\n<div><span style=\"font-size: 14pt;\">El derecho a la informaci\u00f3n cuenta con dos claras vertientes, por un lado el <strong>derecho a ser informado, sin que el Estado pueda en ning\u00fan caso manipular la informaci\u00f3n que los ciudadanos tienen derecho a conocer, al tiempo que ha de impedir que nadie pueda llegar a hacerlo<\/strong>. La segunda vertiente de este derecho es la de <strong>dar a conocer a la opini\u00f3n p\u00fablica informaci\u00f3n veraz, libre, efectiva, objetiva y plural, de tal forma que la censura previa se halla absolutamente vetada por el Texto Constitucional<\/strong>. Los hechos de los que se informe han de ser ciertos, no hay lugar para la rumorolog\u00eda, y ha de ser enteramente plural, el ciudadano tiene el derecho a recibir la informaci\u00f3n por el medio de comunicaci\u00f3n por \u00e9l elegido, sin que quepa un \u00fanico cauce de conocer la informaci\u00f3n. La libertad de informaci\u00f3n se manifiesta como una libertad activa, el derecho a buscar y difundir informaci\u00f3n, pero tambi\u00e9n como una libertad pasiva, el derecho a recibir informaci\u00f3n.<\/span><\/div>\n<\/div>\n<div style=\"text-align: justify;\">\u00a0<\/div>\n<div style=\"text-align: justify;\"><span style=\"font-size: 14pt;\">En la <strong>Sentencia 225\/2002<\/strong> el Tribunal Constitucional ha determinado que \u00ab<em>No es ocioso recordar c\u00f3mo la progresiva diferenciaci\u00f3n de la libertad de informaci\u00f3n respecto de la de expresi\u00f3n a medida que la transmisi\u00f3n de hechos y noticias ha ido adquiriendo hist\u00f3ricamente importancia esencial, supuso no s\u00f3lo el reconocimiento del <strong>derecho a la informaci\u00f3n como garant\u00eda de una opini\u00f3n p\u00fablica libre en un Estado democr\u00e1tico<\/strong>, sino la exigencia de evitar que su ejercicio por parte de las empresas de comunicaci\u00f3n, generalizadas como medios de transmisi\u00f3n de las noticias, pudiera atentar a la finalidad del derecho o a su ejercicio por parte de aquellos profesionales que prestan servicios en ellas, titulares a su vez de la misma libertad de informaci\u00f3n. Es respecto a dichos profesionales donde encuentra sentido el reconocimiento del derecho a la<strong> cl\u00e1usula de conciencia<\/strong> como garant\u00eda de un espacio propio en el ejercicio de aquella libertad frente a la imposici\u00f3n incondicional del de la empresa de comunicaci\u00f3n, esto es, frente a lo que hist\u00f3ricamente se designaba como \u00ab<strong>censura interna de la empresa period\u00edstica<\/strong><\/em>\u00bb. Pero tambi\u00e9n como forma de asegurar la transmisi\u00f3n de toda la informaci\u00f3n por el profesional del medio, contribuyendo as\u00ed a preservar el pluralismo que justifica el reconocimiento del derecho, <strong>reforzando las oportunidades de formaci\u00f3n de una opini\u00f3n p\u00fablica no manipulada y paliando el <em>\u00abefecto silenciador<\/em>\u00bb que, por su propia estructura, puede producir el \u00ab<em>mercado<\/em>\u00bb de la comunicaci\u00f3n<\/strong>.<\/span><\/div>\n<p style=\"text-align: justify;\">\u00a0<\/p>\n<figure id=\"attachment_1632680\" aria-describedby=\"caption-attachment-1632680\" style=\"width: 380px\" class=\"wp-caption aligncenter\"><img loading=\"lazy\" decoding=\"async\" class=\"wp-image-1632680\" src=\"https:\/\/puntocritico.com\/ausajpuntocritico\/wp-content\/uploads\/2021\/01\/foto-normas-moderacion.jpg\" alt=\"\" width=\"380\" height=\"321\" data-id=\"1632680\" \/><figcaption id=\"caption-attachment-1632680\" class=\"wp-caption-text\"><span style=\"color: #008000;\">Como ejemplo de la diferencia entre libertad de expresi\u00f3n y libertad de informaci\u00f3n, extractamos en la imagen las normas esenciales de moderaci\u00f3n de comentarios de Punto Critico<\/span><\/figcaption><\/figure>\n<p style=\"text-align: center;\"><span style=\"color: #008000;\"><strong><span style=\"font-size: 18pt;\">*****<\/span><\/strong><\/span><\/p>\n<p style=\"text-align: center;\"><strong><span style=\"font-size: 24pt;\"> <a id=\"ref3\"><\/a><a href=\"#ref3a\">*<\/a> Las Libertades de Expresi\u00f3n e Informaci\u00f3n: Regulaci\u00f3n Internacional, Constitucional y reglamentaria<\/span><\/strong><\/p>\n<div dir=\"ltr\" style=\"text-align: center;\"><span style=\"font-size: 18pt;\"><em><strong>La Orden Ministerial que viene a derogar la Constituci\u00f3n:\u00a0 Orden PCM\/1030\/2020, de 30 de octubre, por la que se publica el Procedimiento de actuaci\u00f3n contra la desinformaci\u00f3n aprobado por el Consejo de Seguridad Nacional.<\/strong><\/em><\/span><\/div>\n<div dir=\"ltr\" style=\"text-align: justify;\">\u00a0<\/div>\n<div dir=\"ltr\" style=\"text-align: justify;\"><span style=\"font-size: 14pt;\">Muchas son las cuestiones que su lectura plantea; se\u00f1alaremos solo dos:<\/span><\/div>\n<div dir=\"ltr\" style=\"text-align: justify;\">\u00a0<\/div>\n<div dir=\"ltr\" style=\"text-align: justify;\"><span style=\"font-size: 14pt;\"><strong>La implantaci\u00f3n de una Pseudo Censura Previa Administrativa<\/strong>: <\/span><\/p>\n<p style=\"text-align: justify;\"><span style=\"font-size: 14pt;\">As\u00ed, el apartado 4 del apartado \u00abProcedimiento\u00bb, nivel 1,1, acuerda como actuaci\u00f3n la \u00ab<em><strong>monitorizaci\u00f3n y vigilancia, detecci\u00f3n, alerta temprana, notificaci\u00f3n y an\u00e1lisis y actuaciones sucesivas<\/strong><\/em>\u00bb.\u00a0<\/span><\/p>\n<p style=\"text-align: justify;\"><span style=\"font-size: 14pt;\"><strong>Limitaci\u00f3n de la Libertad de Expresi\u00f3n, a lo que provenga de los medios de comunicaci\u00f3n y que la Administraci\u00f3n considere procedente de \u00abFuentes Contrastadas\u00bb<\/strong>:<\/span><\/p>\n<p style=\"text-align: justify;\"><span style=\"font-size: 14pt;\">As\u00ed, el apartado 2, titulado \u00abProp\u00f3sitos y objetivos\u00bb, se\u00f1ala que las acciones administrativas fundadas en esta norma, \u00ab<em><strong>apoyar\u00e1n el fomento de la informaci\u00f3n veraz, completa y oportuna que provenga de fuentes contrastadas de los medios de comunicaci\u00f3n<\/strong><\/em>\u00bb.\u00a0<\/span><\/p>\n<p style=\"text-align: justify;\"><span style=\"font-size: 14pt;\">Por lo dem\u00e1s, no sabemos cu\u00e1ndo la informaci\u00f3n resultar\u00e1 \u00ab<em><strong>completa y oportuna<\/strong><\/em>\u00ab, ni cual es significado de dicha expresi\u00f3n en relaci\u00f3n a la \u00ab<em><strong>veracidad<\/strong><\/em>\u00bb de la Informaci\u00f3n en cuanto a la <strong>Libertad<\/strong><strong>de Informaci\u00f3n<\/strong> constitucionalmente protegida.<\/span><\/p>\n<p style=\"text-align: center;\"><span style=\"color: #008000; font-size: 18pt;\"><strong>***<\/strong><\/span><\/p>\n<\/div>\n<p style=\"text-align: justify;\"><a href=\"https:\/\/www.boe.es\/buscar\/act.php?id=BOE-A-1978-31229\" target=\"_blank\" rel=\"noopener noreferrer\"><span style=\"font-size: 14pt;\">Constituci\u00f3n Espa\u00f1ola:<\/span><\/a><\/p>\n<div id=\"m_3492507895283512457gmail-a20\" style=\"text-align: justify;\">\n<h5><span style=\"font-size: 14pt;\">Art\u00edculo 20<\/span><\/h5>\n<p><span style=\"font-size: 14pt;\">1. Se reconocen y protegen los derechos:<\/span><\/p>\n<p><span style=\"font-size: 14pt;\">a) A expresar y difundir libremente los pensamientos, ideas y opiniones mediante la palabra, el escrito o cualquier otro medio de reproducci\u00f3n.<\/span><\/p>\n<p><span style=\"font-size: 14pt;\">b) A la producci\u00f3n y creaci\u00f3n literaria, art\u00edstica, cient\u00edfica y t\u00e9cnica.<\/span><\/p>\n<p><span style=\"font-size: 14pt;\">c) A la libertad de c\u00e1tedra.<\/span><\/p>\n<p><span style=\"font-size: 14pt;\">d) A comunicar o recibir libremente informaci\u00f3n veraz por cualquier medio de difusi\u00f3n. La ley regular\u00e1 el derecho a la cl\u00e1usula de conciencia y al secreto profesional en el ejercicio de estas libertades.<\/span><\/p>\n<p><span style=\"font-size: 14pt;\">2. El ejercicio de estos derechos no puede restringirse mediante ning\u00fan tipo de censura previa.<\/span><\/p>\n<p><span style=\"font-size: 14pt;\">3. La ley regular\u00e1 la organizaci\u00f3n y el control parlamentario de los medios de comunicaci\u00f3n social dependientes del Estado o de cualquier ente p\u00fablico y garantizar\u00e1 el acceso a dichos medios de los grupos sociales y pol\u00edticos significativos, respetando el pluralismo de la sociedad y de las diversas lenguas de Espa\u00f1a.<\/span><\/p>\n<p><span style=\"font-size: 14pt;\">4. Estas libertades tienen su l\u00edmite en el respeto a los derechos reconocidos en este T\u00edtulo, en los preceptos de las leyes que lo desarrollen y, especialmente, en el derecho al honor, a la intimidad, a la propia imagen y a la protecci\u00f3n de la juventud y de la infancia.<\/span><\/p>\n<p><span style=\"font-size: 14pt;\">5. S\u00f3lo podr\u00e1 acordarse el secuestro de publicaciones, grabaciones y otros medios de informaci\u00f3n en virtud de resoluci\u00f3n judicial.<\/span><\/p>\n<\/div>\n<div dir=\"ltr\" style=\"text-align: justify;\">\n<div>\n<h5><span style=\"font-size: 14pt;\">Art\u00edculo 53<\/span><\/h5>\n<p><span style=\"font-size: 14pt;\">1. Los derechos y libertades reconocidos en el\u00a0<b>Cap\u00edtulo segundo del presente T\u00edtulo<\/b>\u00a0(<i>entre ellos, el Art\u00edculo 20<\/i>) vinculan a todos los poderes p\u00fablicos. S\u00f3lo por ley, que en todo caso deber\u00e1 respetar su contenido esencial, podr\u00e1 regularse el ejercicio de tales derechos y libertades, que se tutelar\u00e1n de acuerdo con lo previsto en el art\u00edculo 161, 1, a).<\/span><\/p>\n<\/div>\n<\/div>\n<div class=\"yj6qo ajU\" style=\"text-align: center;\"><span style=\"font-size: 18pt;\"><strong><span style=\"color: #008000;\">***<\/span><\/strong><\/span><\/div>\n<div id=\"m_3492507895283512457gmail-a20\" style=\"text-align: justify;\">\n<p style=\"text-align: justify;\"><span style=\"font-size: 14pt;\"><a href=\"https:\/\/www.boe.es\/buscar\/doc.php?id=BOE-A-1999-10148\" target=\"_blank\" rel=\"noopener noreferrer\">CONVENIO PARA LA PROTECCI\u00d3N DE LOS DERECHOS HUMANOS Y DE LAS LIBERTADES FUNDAMENTALES Roma, 4 de noviembre de 1950<\/a>.\u00a0<\/span><\/p>\n<h5 style=\"text-align: justify;\"><span style=\"font-size: 14pt;\">Art\u00edculo 10. Libertad de expresi\u00f3n.<\/span><\/h5>\n<p style=\"text-align: justify;\"><span style=\"font-size: 14pt;\">1. Toda persona tiene derecho a la libertad de expresi\u00f3n. Este derecho comprende la libertad de opini\u00f3n y la libertad de recibir o de comunicar informaciones o ideas, sin que pueda haber injerencia de autoridades p\u00fablicas y sin consideraci\u00f3n de fronteras. El presente art\u00edculo no impide que los Estados sometan a las empresas de radiodifusi\u00f3n, de cinematograf\u00eda o de televisi\u00f3n a un r\u00e9gimen de autorizaci\u00f3n previa.<\/span><\/p>\n<p style=\"text-align: justify;\"><span style=\"font-size: 14pt;\">2. El ejercicio de estas libertades, que entra\u00f1an deberes y responsabilidades, podr\u00e1 ser sometido a ciertas formalidades, condiciones, restricciones o sanciones previstas por la ley, que constituyan medidas necesarias, en una sociedad democr\u00e1tica, para la seguridad nacional, la integridad territorial o la seguridad p\u00fablica, la defensa del orden y la prevenci\u00f3n del delito, la protecci\u00f3n de la salud o de la moral, la protecci\u00f3n de la reputaci\u00f3n o de los derechos ajenos, para impedir la divulgaci\u00f3n de informaciones confidenciales o para garantizar la autoridad y la imparcialidad del poder judicial.<\/span><\/p>\n<p style=\"text-align: center;\"><span style=\"font-size: 14pt;\"><strong><span style=\"color: #008000;\">***<\/span><\/strong><\/span><\/p>\n<p style=\"text-align: justify;\"><span style=\"font-size: 14pt;\"><strong><a href=\"https:\/\/www.boe.es\/buscar\/doc.php?id=BOE-A-1979-24010\" target=\"_blank\" rel=\"noopener noreferrer\">Declaraci\u00f3n Universal de Derechos Humanos<\/a>, proclamada por la Asamblea General de las Naciones Unidas el 10 de diciembre de 1948.<\/strong><\/span><\/p>\n<p style=\"text-align: justify;\"><span style=\"font-size: 14pt;\"><strong>Art\u00edculo\u00a0 19<\/strong>:\u00a0 Todo individuo tiene derecho a la libertad de opini\u00f3n y de expresi\u00f3n; este derecho incluye el de no ser molestado a causa de sus opiniones, el de investigar y recibir informaciones y opiniones, y el de difundirlas, sin limitaci\u00f3n de fronteras, por cualquier medio de expresi\u00f3n.<\/span><\/p>\n<p style=\"text-align: justify;\"><span style=\"font-size: 14pt;\"><strong>Art\u00edculo 29<\/strong>:\u00a0 1. Toda persona tiene deberes respecto a la comunidad, puesto que s\u00f3lo en ella puede\u00a0desarrollar libre y plenamente su personalidad. <\/span><\/p>\n<p style=\"text-align: justify;\"><span style=\"font-size: 14pt;\">2. En el ejercicio de sus derechos y en el disfrute de sus libertades, toda persona estar\u00e1 solamente sujeta a las limitaciones establecidas por la ley con el \u00fanico fin de asegurar el reconocimiento y el respeto de los derechos y libertades de los dem\u00e1s, y de satisfacer las justas exigencias de la moral, del orden p\u00fablico y del bienestar general en una sociedad democr\u00e1tica. <\/span><\/p>\n<p style=\"text-align: justify;\"><span style=\"font-size: 14pt;\">3. Estos derechos y libertades no podr\u00e1n, en ning\u00fan caso, ser ejercidos en oposici\u00f3n a los prop\u00f3sitos y principios de las Naciones Unidas.<\/span><\/p>\n<p style=\"text-align: justify;\"><span style=\"font-size: 14pt;\"><strong>Art\u00edculo 30<\/strong>:\u00a0 Nada en esta Declaraci\u00f3n podr\u00e1 interpretarse en el sentido de que confiere derecho alguno al Estado, a un grupo o a una persona, para emprender y desarrollar actividades o realizar actos tendientes a la supresi\u00f3n de cualquiera de los derechos y libertades proclamados en esta Declaraci\u00f3n.<\/span><\/p>\n<\/div>\n<div class=\"yj6qo ajU\" style=\"text-align: center;\"><span style=\"font-size: 18pt; color: #008000;\"><strong>***<\/strong><\/span><\/div>\n<p style=\"text-align: justify;\"><a href=\"https:\/\/puntocritico.com\/ausajpuntocritico\/wp-content\/uploads\/2021\/01\/Orden-PCM-1030-2020-de-30-de-octubre-CENSURA-GUBERNAMENTAL.pdf\" target=\"_blank\" rel=\"noopener noreferrer\"><span style=\"font-size: 14pt;\"><strong><span style=\"color: #008000;\">DESCARGAR &#8211;\u00a0Orden PCM\/1030\/2020, de 30 de octubre, por la que se publica el Procedimiento de actuaci\u00f3n contra la desinformaci\u00f3n aprobado por el Consejo de Seguridad Nacional<\/span><\/strong><\/span><\/a><\/p>\n<p>&nbsp;<\/p>\n<p><a href=\"https:\/\/puntocritico.com\/ausajpuntocritico\/wp-content\/uploads\/2021\/01\/Orden-PCM-1030-2020-de-30-de-octubre-CENSURA-GUBERNAMENTAL.pdf\" target=\"_blank\" rel=\"noopener noreferrer\"><img loading=\"lazy\" decoding=\"async\" class=\"aligncenter wp-image-1632546\" src=\"https:\/\/puntocritico.com\/ausajpuntocritico\/wp-content\/uploads\/2021\/01\/portada-orden-ministerial-desinformaci\u00f3n-300x126.jpg\" alt=\"\" width=\"420\" height=\"176\" data-id=\"1632546\" srcset=\"https:\/\/puntocritico.com\/ausajpuntocritico\/wp-content\/uploads\/2021\/01\/portada-orden-ministerial-desinformaci\u00f3n-300x126.jpg 300w, https:\/\/puntocritico.com\/ausajpuntocritico\/wp-content\/uploads\/2021\/01\/portada-orden-ministerial-desinformaci\u00f3n-768x322.jpg 768w, https:\/\/puntocritico.com\/ausajpuntocritico\/wp-content\/uploads\/2021\/01\/portada-orden-ministerial-desinformaci\u00f3n-610x256.jpg 610w, https:\/\/puntocritico.com\/ausajpuntocritico\/wp-content\/uploads\/2021\/01\/portada-orden-ministerial-desinformaci\u00f3n.jpg 934w\" sizes=\"auto, (max-width: 420px) 100vw, 420px\" \/><\/a><\/p>\n<p>&nbsp;<\/p>\n<p><img loading=\"lazy\" decoding=\"async\" class=\"aligncenter wp-image-1631274\" src=\"https:\/\/puntocritico.com\/ausajpuntocritico\/wp-content\/uploads\/2021\/01\/Censored.jpg\" alt=\"\" width=\"660\" height=\"378\" data-id=\"1631274\" \/><\/p>\n<h1 style=\"text-align: center;\"><a id=\"ref1\"><\/a><a href=\"#ref1a\"><span style=\"font-size: 14pt; color: #008000;\">\u2666\u2666\u2666\u2666\u2666<\/span><\/a><\/h1>\n<h1 style=\"text-align: center;\"><span style=\"font-size: 24pt;\">Marcha Radetzky &#8211; Concierto a\u00f1o nuevo 2009 (Barenboim)<\/span><\/h1>\n<p style=\"text-align: center;\"><strong><em><span style=\"font-size: 18pt;\">Parecer\u00eda que Barenboim dirige a la Orquesta Filarm\u00f3nica de Viena. Pero, en realidad, est\u00e1 dirigiendo al p\u00fablico<\/span><\/em><\/strong><\/p>\n<p>&nbsp;<\/p>\n<div id=\"info\" class=\"style-scope ytd-video-primary-info-renderer\" style=\"text-align: center;\"><iframe loading=\"lazy\" title=\"YouTube video player\" src=\"\/\/www.youtube.com\/embed\/FCAisqyB0fM?si=p7wiyqivytzMeTuS\" width=\"560\" height=\"315\" frameborder=\"0\" allowfullscreen=\"allowfullscreen\"><\/iframe><\/div>\n<p>&nbsp;<\/p>\n<p style=\"text-align: center;\"><span style=\"color: #008000;\"><strong><span style=\"font-size: 18pt;\">*****<\/span><\/strong><\/span><\/p>\n<p class=\"post-title entry-title\" style=\"text-align: center;\"><span style=\"font-size: 24pt;\"><strong>La Marcha Radetzky<\/strong><\/span><\/p>\n<p style=\"text-align: justify;\"><span style=\"font-size: 14pt;\">Por Angelillo<\/span><\/p>\n<div class=\"post-header\" style=\"text-align: justify;\">\n<div class=\"post-header-line-1\"><span style=\"font-size: 14pt;\"><a href=\"http:\/\/historiaparanodormiranhell.blogspot.com\/\" target=\"_blank\" rel=\"noopener\">http:\/\/historiaparanodormiranhell.blogspot.com\/<\/a><\/span><\/div>\n<div>\u00a0<\/div>\n<\/div>\n<p style=\"text-align: justify;\"><img loading=\"lazy\" decoding=\"async\" class=\"aligncenter size-full wp-image-1631108\" src=\"https:\/\/puntocritico.com\/ausajpuntocritico\/wp-content\/uploads\/2020\/12\/Radetzky-Marsch-1.jpg\" alt=\"\" width=\"280\" height=\"373\" data-id=\"1631108\" srcset=\"https:\/\/puntocritico.com\/ausajpuntocritico\/wp-content\/uploads\/2020\/12\/Radetzky-Marsch-1.jpg 280w, https:\/\/puntocritico.com\/ausajpuntocritico\/wp-content\/uploads\/2020\/12\/Radetzky-Marsch-1-225x300.jpg 225w\" sizes=\"auto, (max-width: 280px) 100vw, 280px\" \/><\/p>\n<p style=\"text-align: justify;\"><span style=\"font-size: 14pt;\">\u00a0\u00a0<\/span><\/p>\n<p style=\"text-align: justify;\"><span style=\"font-size: 14pt;\">Todos los d\u00edas 1 de enero, la Orquesta Filarm\u00f3nica de Viena finaliza su concierto de A\u00f1o Nuevo\u00a0 con la marcha Radetzky, compuesta por <strong>Johan Strauss el viejo<\/strong> en 1847 , y dada a conocer al p\u00fablico en 1848.<\/span><\/p>\n<p style=\"text-align: justify;\"><span style=\"font-size: 14pt;\">Pr\u00e1cticamente todo el mundo conoce la melod\u00eda, o incluso ha le\u00eddo la novela del mismo nombre escrita por <strong>Joseph Roth<\/strong> en 1932.<\/span><\/p>\n<p>&nbsp;<\/p>\n<p><img loading=\"lazy\" decoding=\"async\" class=\"aligncenter size-full wp-image-1631106\" src=\"https:\/\/puntocritico.com\/ausajpuntocritico\/wp-content\/uploads\/2020\/12\/Joseph-Roth-Radetzky-Marsch.jpg\" alt=\"\" width=\"250\" height=\"376\" data-id=\"1631106\" srcset=\"https:\/\/puntocritico.com\/ausajpuntocritico\/wp-content\/uploads\/2020\/12\/Joseph-Roth-Radetzky-Marsch.jpg 250w, https:\/\/puntocritico.com\/ausajpuntocritico\/wp-content\/uploads\/2020\/12\/Joseph-Roth-Radetzky-Marsch-199x300.jpg 199w\" sizes=\"auto, (max-width: 250px) 100vw, 250px\" \/><\/p>\n<p>&nbsp;<\/p>\n<p style=\"text-align: justify;\"><span style=\"font-size: 14pt;\">Pero no hay demasiadas personas ( aparte de los austriacos ) que conozcan la vida y obras del hombre en cuyo honor fue escrita la pieza original, el <strong>Mariscal de campo\u00a0Johann Joseph Wenzel Graf Radetzky<\/strong>, posiblemente el m\u00e1s importante militar austriaco del siglo XIX.<\/span><\/p>\n<p>&nbsp;<\/p>\n<figure id=\"attachment_1631105\" aria-describedby=\"caption-attachment-1631105\" style=\"width: 240px\" class=\"wp-caption aligncenter\"><img loading=\"lazy\" decoding=\"async\" class=\"size-full wp-image-1631105\" src=\"https:\/\/puntocritico.com\/ausajpuntocritico\/wp-content\/uploads\/2020\/12\/Monumento-al-Mariscal-Radetzky.jpg\" alt=\"\" width=\"240\" height=\"320\" data-id=\"1631105\" srcset=\"https:\/\/puntocritico.com\/ausajpuntocritico\/wp-content\/uploads\/2020\/12\/Monumento-al-Mariscal-Radetzky.jpg 240w, https:\/\/puntocritico.com\/ausajpuntocritico\/wp-content\/uploads\/2020\/12\/Monumento-al-Mariscal-Radetzky-225x300.jpg 225w\" sizes=\"auto, (max-width: 240px) 100vw, 240px\" \/><figcaption id=\"caption-attachment-1631105\" class=\"wp-caption-text\"><span style=\"color: #008000;\">Monumento al mariscal Radetzky, frente al Ministerio de Econom\u00eda, en Viena.<\/span><\/figcaption><\/figure>\n<p style=\"font-weight: 400; text-align: justify;\">\u00a0<\/p>\n<p style=\"text-align: justify;\"><span style=\"font-size: 14pt;\">Su larga y exitosa carrera militar duro m\u00e1s de 70 a\u00f1os, comenzando por su lucha contra los turcos a finales del siglo XVIII, combatiendo a Napole\u00f3n en 1813 y terminando con las rebeliones italianas de 1848.<\/span><\/p>\n<p style=\"text-align: justify;\"><span style=\"font-size: 14pt;\">A lo largo de su carrera militar fue herido siete veces, perdi\u00f3 9 caballos en plena batalla, y tuvo una hija a la edad de 80 a\u00f1os (aunque no de su legitima esposa), y se retir\u00f3 a los 90 como gobernador de Lombard\u00eda y Venecia.<\/span><\/p>\n<p style=\"text-align: justify;\"><span style=\"font-size: 14pt;\">El conde Johann Josef Radetzky naci\u00f3 en\u00a0\u00a0Trebnice, Bohemia\u00a0\u00a0el 2 de noviembre de 1766. Era, por tanto, de origen checo, aunque paso all\u00ed poco tiempo y de hecho, se consideraba plenamente germano.<\/span><\/p>\n<p style=\"text-align: justify;\"><span style=\"font-size: 14pt;\">Quedo hu\u00e9rfano muy pronto, ya que su madre muri\u00f3 en el parto de su siguiente hijo y su padre muri\u00f3 cuando Johann Joseph apenas hab\u00eda cumplido los 10 a\u00f1os. Qued\u00f3 entonces a cargo de su abuelo materno, que falleci\u00f3 cuando el muchacho cumpli\u00f3 los 15 a\u00f1os.<\/span><\/p>\n<p style=\"text-align: justify;\"><span style=\"font-size: 14pt;\">A pesar de su infancia dificultosa y la evaluaci\u00f3n del m\u00e9dico militar que afirmaba que <em>\u00abera un muchacho demasiado d\u00e9bil para cumplir con los esfuerzos a los que se ve sometido un soldado\u00bb<\/em>, Radetzky se convirti\u00f3 en un brillante militar.<\/span><\/p>\n<p style=\"text-align: justify;\"><span style=\"font-size: 14pt;\">En su vida civil se cas\u00f3 con la condesa Franciska Romana Stgrassoldo Grafenberg en 1798, con la que tuvo 8 hijos. El matrimonio duro 56 tempestuosos a\u00f1os, ya la condesa tenia gustos caros, a los que el sueldo de un militar apenas pod\u00eda llegar, y adem\u00e1s el conde Radetzky ten\u00eda una relaci\u00f3n adultera con una lavandera, Giuditta Meregalli.<\/span><\/p>\n<p style=\"text-align: justify;\"><span style=\"font-size: 14pt;\">Lamentablemente, uno de los inconvenientes de su extraordinaria longevidad fue que Radetzky sobrevivi\u00f3 a su esposa y a 6 de sus hijos.<\/span><\/p>\n<p style=\"text-align: justify;\"><span style=\"font-size: 14pt;\">El conde Radetzky hab\u00eda entrado al servicio del ej\u00e9rcito de los Habsburgo como cadete, a los 18 a\u00f1os, y permaneci\u00f3 en el servicio activo hasta 1858.<\/span><\/p>\n<p style=\"text-align: justify;\"><span style=\"font-size: 14pt;\">Particip\u00f3 como primer teniente en un regimiento de coraceros en la guerra austro-otomana del 1787-1791, que termin\u00f3 con la expulsi\u00f3n de\u00a0\u00a0los turcos de Serbia y la conquista por parte del ej\u00e9rcito austriaco de Belgrado y Bucarest.<\/span><\/p>\n<p style=\"text-align: justify;\"><span style=\"font-size: 14pt;\">En 1795 Radetzky particip\u00f3 en las guerras revolucionarias francesas, en el frente del Rhin, y en la batalla de Marengo, con el grado de coronel, recibi\u00f3 5 heridas de bala, despu\u00e9s de pasar la noche anterior intentando modificar el fracasado plan de ataque austriaco.<\/span><\/p>\n<p style=\"text-align: justify;\"><span style=\"font-size: 14pt;\">Tras la firma de la paz de Amiens en 1802, Austria disfrut\u00f3 de un breve periodo de paz. Austria hab\u00eda sido, despu\u00e9s de Gran Breta\u00f1a, el mayor opositor de Napole\u00f3n. Y continu\u00f3 si\u00e9ndolo cuando las hostilidades estallaron de nuevo en Europa.<\/span><\/p>\n<p style=\"text-align: justify;\"><span style=\"font-size: 14pt;\">En la campa\u00f1a de 1809, Napole\u00f3n sufri\u00f3 su primera derrota\u00a0\u00a0en el este (en el oeste ya hab\u00eda sido derrotado en al batalla de Bailen en 1808) en la batalla de Aspern, impidi\u00e9ndole as\u00ed los austriacos cruzar el Danubio e internarse en Austria.<\/span><\/p>\n<p style=\"text-align: justify;\"><span style=\"font-size: 14pt;\">En la <strong>batalla de Wagram<\/strong>, un empate entre austriacos y franceses, Radetzky comand\u00f3 una divisi\u00f3n, y en la batalla de Leipzig (batalla de las naciones) en 1813, una derrota decisiva que obligo a Napole\u00f3n a abdicar, Radetzky hab\u00eda sido jefe del estado mayor austriaco.<\/span><\/p>\n<p>&nbsp;<\/p>\n<p><img loading=\"lazy\" decoding=\"async\" class=\"aligncenter size-full wp-image-1631104\" src=\"https:\/\/puntocritico.com\/ausajpuntocritico\/wp-content\/uploads\/2020\/12\/battleofelipzig-1.jpg\" alt=\"\" width=\"400\" height=\"276\" data-id=\"1631104\" srcset=\"https:\/\/puntocritico.com\/ausajpuntocritico\/wp-content\/uploads\/2020\/12\/battleofelipzig-1.jpg 400w, https:\/\/puntocritico.com\/ausajpuntocritico\/wp-content\/uploads\/2020\/12\/battleofelipzig-1-300x207.jpg 300w\" sizes=\"auto, (max-width: 400px) 100vw, 400px\" \/><\/p>\n<p>&nbsp;<\/p>\n<p style=\"text-align: justify;\"><span style=\"font-size: 14pt;\">Pero la decisiva participaci\u00f3n de Radetzky en la derrota napole\u00f3nica se olvid\u00f3 pronto, ya que Napole\u00f3n apenas tard\u00f3 un a\u00f1o en regresar a Francia desde el exilio de la isla de Elba, siendo de nuevo derrotado en Waterloo un a\u00f1o despu\u00e9s, pero esta vez sin participaci\u00f3n austriaca.<\/span><\/p>\n<p style=\"text-align: justify;\"><span style=\"font-size: 14pt;\">Los logros militares de Radetzky hab\u00edan sido admirados por militares y estadistas de las naciones europeas. Disfrut\u00f3 de la plena confianza de los emperadores austriacos <strong>Francisco I, Fernando I y Franz Josep<\/strong>, as\u00ed como de los ministros plenipotenciarios austriacos <strong>Von Metternich<\/strong> y el <strong>pr\u00edncipe F\u00e9lix Schwarzemberg<\/strong>. Era amigo personal del zar <strong>Alejandro I<\/strong>, y en el <strong>Congreso de Viena de 1815<\/strong> hab\u00eda ayudado a suavizar las muy malas relaciones entre el zar Alejandro y el canciller Von Metternich.<\/span><\/p>\n<p style=\"text-align: justify;\"><span style=\"font-size: 14pt;\">Tras el fin de las guerras napole\u00f3nicas, Radetzky desapareci\u00f3 de la vista p\u00fablica, y como jefe del estado mayor austriaco intent\u00f3 reformar el ejercito, intentando crear un estado mayor\u00a0\u00a0m\u00e1s eficaz y preparado, y creando las \u00ab<em>maniobras militares en tiempos de paz<\/em>\u00ab, adoptadas m\u00e1s tarde por el ejercito prusiano.<\/span><\/p>\n<p style=\"text-align: justify;\"><span style=\"font-size: 14pt;\">Pero la mayor\u00eda de sus intentos se vieron frustrados por los ministros de finanzas austriacos, poco partidarios de gastos excesivos en el ejercito cuando la amenaza napole\u00f3nica hab\u00eda desaparecido ya.<\/span><\/p>\n<p style=\"text-align: justify;\"><span style=\"font-size: 14pt;\">A finales de la d\u00e9cada de 1820 Radetzky pens\u00f3 en abandonar el ej\u00e9rcito, pero fue convocado por el emperador <strong>Fernando<\/strong> <strong>I<\/strong> a ocupar el puesto de jefe absoluto de las tropas austriacas en la pen\u00ednsula it\u00e1lica.<\/span><\/p>\n<p style=\"text-align: justify;\"><span style=\"font-size: 14pt;\">Italia llevaba un milenio siendo un conglomerado de peque\u00f1os estados mal avenidos, y el control austriaco se ejerc\u00eda en base a la teor\u00eda del palo y la zanahoria: con fuertes contingentes militares en Lombard\u00eda y Venecia, con pr\u00edncipes de origen austriaco en los ducados de Toscana, Parma y M\u00f3dena, y con alianzas con los Estados Papales y N\u00e1poles. Solamente el Piamonte y la isla de Cerde\u00f1a ten\u00edan un cierto grado de independencia del poder austriaco.<\/span><\/p>\n<p style=\"text-align: justify;\"><span style=\"font-size: 14pt;\">Pero la oleada de revoluciones que pas\u00f3 por Europa a mediados del siglo XIX removieron buena parte de las viejas estructuras\u00a0\u00a0feudales e impulsaron el nacimiento de nuevas naciones.<\/span><\/p>\n<p style=\"text-align: justify;\"><span style=\"font-size: 14pt;\">En Italia una temporada\u00a0\u00a0de malas cosechas, escasez de alimentos y una subida generalizada del precio de estos, provoc\u00f3 un mot\u00edn popular en Mil\u00e1n. Radetzky orden\u00f3 a las tropas austriacas sofocar el levantamiento, pero las estrechas calles de Mil\u00e1n favorec\u00edan a\u00a0\u00a0los sublevados, que obligaron a los austriacos a retirarse hacia el castillo de los <strong>Sforza<\/strong>.<\/span><\/p>\n<p>&nbsp;<\/p>\n<figure id=\"attachment_1631103\" aria-describedby=\"caption-attachment-1631103\" style=\"width: 400px\" class=\"wp-caption aligncenter\"><img loading=\"lazy\" decoding=\"async\" class=\"size-full wp-image-1631103\" src=\"https:\/\/puntocritico.com\/ausajpuntocritico\/wp-content\/uploads\/2020\/12\/radetsky-en-Milan.jpg\" alt=\"\" width=\"400\" height=\"297\" data-id=\"1631103\" srcset=\"https:\/\/puntocritico.com\/ausajpuntocritico\/wp-content\/uploads\/2020\/12\/radetsky-en-Milan.jpg 400w, https:\/\/puntocritico.com\/ausajpuntocritico\/wp-content\/uploads\/2020\/12\/radetsky-en-Milan-300x223.jpg 300w, https:\/\/puntocritico.com\/ausajpuntocritico\/wp-content\/uploads\/2020\/12\/radetsky-en-Milan-80x60.jpg 80w\" sizes=\"auto, (max-width: 400px) 100vw, 400px\" \/><figcaption id=\"caption-attachment-1631103\" class=\"wp-caption-text\"><span style=\"color: #008000;\">Radetzky ante Milan<\/span><\/figcaption><\/figure>\n<p>&nbsp;<\/p>\n<p style=\"text-align: justify;\"><span style=\"font-size: 14pt;\">La situaci\u00f3n en Italia se agrav\u00f3 cuando los gobernantes de los ducados (marionetas de Austria) fueron obligados a huir por los amotinados, y en Venecia se proclam\u00f3 la republica. Aprovechando la situaci\u00f3n de caos, el rey Carlos Alberto del Piamonte declaraba la guerra a Austria.<\/span><\/p>\n<p style=\"text-align: justify;\"><span style=\"font-size: 14pt;\">En Viena cundi\u00f3 el p\u00e1nico, el canciller Metternich present\u00f3 la dimisi\u00f3n, y el nuevo gobierno sugiri\u00f3 a Radetzky renunciar a Lombard\u00eda y hacer ciertas concesiones a los ducados.<\/span><\/p>\n<p style=\"text-align: justify;\"><span style=\"font-size: 14pt;\">Pero Radetzky, ya ascendida a mariscal de campo en 1836 y con 70 a\u00f1os, no estaba dispuesto a ceder, as\u00ed que ignor\u00f3 los consejos de Viena, reforz\u00f3 a su ejercito en Italia y aplast\u00f3 al ejercito piamont\u00e9s en la <strong>batalla de Custoza<\/strong> de julio de 1848, reconquistando toda Lombard\u00eda.<\/span><\/p>\n<p>&nbsp;<\/p>\n<figure id=\"attachment_1631102\" aria-describedby=\"caption-attachment-1631102\" style=\"width: 459px\" class=\"wp-caption aligncenter\"><img loading=\"lazy\" decoding=\"async\" class=\"wp-image-1631102 size-full\" src=\"https:\/\/puntocritico.com\/ausajpuntocritico\/wp-content\/uploads\/2020\/12\/episodio-della-battaglia-custoza-1848-38ff7d98-0e6b-4e1f-86a0-b3a9906f346d.jpeg.jpg\" alt=\"\" width=\"459\" height=\"600\" data-id=\"1631102\" srcset=\"https:\/\/puntocritico.com\/ausajpuntocritico\/wp-content\/uploads\/2020\/12\/episodio-della-battaglia-custoza-1848-38ff7d98-0e6b-4e1f-86a0-b3a9906f346d.jpeg.jpg 459w, https:\/\/puntocritico.com\/ausajpuntocritico\/wp-content\/uploads\/2020\/12\/episodio-della-battaglia-custoza-1848-38ff7d98-0e6b-4e1f-86a0-b3a9906f346d.jpeg-230x300.jpg 230w\" sizes=\"auto, (max-width: 459px) 100vw, 459px\" \/><figcaption id=\"caption-attachment-1631102\" class=\"wp-caption-text\"><span style=\"color: #008000;\">\u00a0Fue esta batalla de Custoza la que llev\u00f3 a Strauss a componer la marcha Radetzky<\/span><\/figcaption><\/figure>\n<p style=\"text-align: center;\">\u00a0<\/p>\n<p style=\"text-align: justify;\"><span style=\"font-size: 14pt;\">Pero la crisis no hab\u00eda terminado aun. En 1849, tras la huida del papa, se proclam\u00f3 una republica en Roma, y Carlos Alberto del Piamonte declar\u00f3 de nuevo la guerra a Austria.<\/span><\/p>\n<figure id=\"attachment_1631101\" aria-describedby=\"caption-attachment-1631101\" style=\"width: 439px\" class=\"wp-caption aligncenter\"><img loading=\"lazy\" decoding=\"async\" class=\"size-full wp-image-1631101\" src=\"https:\/\/puntocritico.com\/ausajpuntocritico\/wp-content\/uploads\/2020\/12\/battaglia-custoza-luglio-1848-commemorazione-03e4c053-3105-452d-bba4-ad69011b935c.jpeg.jpg\" alt=\"\" width=\"439\" height=\"600\" data-id=\"1631101\" srcset=\"https:\/\/puntocritico.com\/ausajpuntocritico\/wp-content\/uploads\/2020\/12\/battaglia-custoza-luglio-1848-commemorazione-03e4c053-3105-452d-bba4-ad69011b935c.jpeg.jpg 439w, https:\/\/puntocritico.com\/ausajpuntocritico\/wp-content\/uploads\/2020\/12\/battaglia-custoza-luglio-1848-commemorazione-03e4c053-3105-452d-bba4-ad69011b935c.jpeg-220x300.jpg 220w\" sizes=\"auto, (max-width: 439px) 100vw, 439px\" \/><figcaption id=\"caption-attachment-1631101\" class=\"wp-caption-text\"><span style=\"color: #008000;\">Jagers austriacos resisten el ataque\u00a0 de la infanter\u00eda piamontesa en la batalla de\u00a0 Novara<\/span><\/figcaption><\/figure>\n<p>&nbsp;<\/p>\n<p style=\"text-align: justify;\"><span style=\"font-size: 14pt;\">Pero Radetzky se hab\u00eda anticipado, y antes que el ejercito del Piamonte se pusiera en movimiento, tom\u00f3 la ofensiva y derroto a los piamonteses en la <strong>batalla de Novara<\/strong>.<\/span><\/p>\n<p>&nbsp;<\/p>\n<p><img loading=\"lazy\" decoding=\"async\" class=\"aligncenter size-full wp-image-1631100\" src=\"https:\/\/puntocritico.com\/ausajpuntocritico\/wp-content\/uploads\/2020\/12\/800px-Battaglia_di_Novara-La_Bicocca.jpg\" alt=\"\" width=\"400\" height=\"260\" data-id=\"1631100\" srcset=\"https:\/\/puntocritico.com\/ausajpuntocritico\/wp-content\/uploads\/2020\/12\/800px-Battaglia_di_Novara-La_Bicocca.jpg 400w, https:\/\/puntocritico.com\/ausajpuntocritico\/wp-content\/uploads\/2020\/12\/800px-Battaglia_di_Novara-La_Bicocca-300x195.jpg 300w\" sizes=\"auto, (max-width: 400px) 100vw, 400px\" \/><\/p>\n<p>&nbsp;<\/p>\n<p style=\"text-align: justify;\"><span style=\"font-size: 14pt;\">El <strong>rey Carlos Alberto<\/strong> abdic\u00f3, y Radetzky ofreci\u00f3 a su heredero, <strong>V\u00edctor Enmanuel<\/strong>, un armisticio para conservar la monarqu\u00eda y mantener el orden. Tambi\u00e9n restaur\u00f3 los ducados de Toscana, Parma y M\u00f3dena, adem\u00e1s de enviar guarniciones a los estados papales.<\/span><\/p>\n<p style=\"text-align: justify;\"><span style=\"font-size: 14pt;\">Finalmente retom\u00f3 Venecia tras unos cuantos bombardeos a\u00e9reos con globos aerost\u00e1ticos. El triunfo de Radetzky fue completo, sobre todo teniendo en cuenta que ya era octogenario y pasaba m\u00e1s de 10 horas al d\u00eda sobre su caballo.<\/span><\/p>\n<p style=\"text-align: justify;\">\u00a0<\/p>\n<figure id=\"attachment_1631098\" aria-describedby=\"caption-attachment-1631098\" style=\"width: 509px\" class=\"wp-caption aligncenter\"><img loading=\"lazy\" decoding=\"async\" class=\"wp-image-1631098 size-full\" src=\"https:\/\/puntocritico.com\/ausajpuntocritico\/wp-content\/uploads\/2020\/12\/ej\u00e9rcito-austr\u00edaco-globos-bomba-venecia-historia-de-los-drones.jpg\" alt=\"\" width=\"509\" height=\"375\" data-id=\"1631098\" srcset=\"https:\/\/puntocritico.com\/ausajpuntocritico\/wp-content\/uploads\/2020\/12\/ej\u00e9rcito-austr\u00edaco-globos-bomba-venecia-historia-de-los-drones.jpg 509w, https:\/\/puntocritico.com\/ausajpuntocritico\/wp-content\/uploads\/2020\/12\/ej\u00e9rcito-austr\u00edaco-globos-bomba-venecia-historia-de-los-drones-300x221.jpg 300w, https:\/\/puntocritico.com\/ausajpuntocritico\/wp-content\/uploads\/2020\/12\/ej\u00e9rcito-austr\u00edaco-globos-bomba-venecia-historia-de-los-drones-80x60.jpg 80w\" sizes=\"auto, (max-width: 509px) 100vw, 509px\" \/><figcaption id=\"caption-attachment-1631098\" class=\"wp-caption-text\"><span style=\"color: #008000;\">\u00a0Bombardeo de Venecia<\/span><\/figcaption><\/figure>\n<p style=\"text-align: justify;\">\u00a0<\/p>\n<p style=\"text-align: justify;\"><span style=\"font-size: 14pt;\">Tras el t\u00e9rmino de la guerra, Radetzky fue nombrado gobernador general de <strong>Lombard\u00eda-Venecia<\/strong>, cargo que mantuvo hasta 1857, cuando se le aconsej\u00f3 renunciar por motivos de salud. A finales de ese mismo a\u00f1o tuvo una ca\u00edda y se rompi\u00f3 la cadera, y en diciembre contrajo neumon\u00eda, muriendo el 5 de enero de 1858 a la edad de 91 a\u00f1os.<\/span><\/p>\n<p style=\"text-align: justify;\"><span style=\"font-size: 14pt;\">Su cuerpo\u00a0\u00a0fue velado en la catedral de Mil\u00e1n, mas tarde su cuerpo fue trasladado a <strong>Viena<\/strong> y finalmente a <strong>Heldenberg<\/strong>, donde fue enterrado.<\/span><\/p>\n<p style=\"text-align: justify;\"><span style=\"font-size: 14pt;\">El diario brit\u00e1nico <strong><em>The Times<\/em><\/strong>\u00a0escribir\u00eda entonces:<\/span><\/p>\n<blockquote>\n<p style=\"text-align: center;\"><span style=\"font-size: 14pt;\">\u00a0\u00a0<em>\u00abAustria ha perdido a su \u201cWellington\u201d, el Mariscal de campo conde Radetzky ha fallecido. Comparamos a Radetzky con\u00a0\u00a0nuestro Wellington, y coloc\u00e1ndolo en un pedestal nacional similar, rendimos el mayor homenaje a un gran soldado fallecido que los ingleses pueden dar a un soldado extranjero.<\/em><\/span><\/p>\n<p style=\"text-align: center;\"><span style=\"font-size: 14pt;\"><em>\u00a0Si queremos escribir la historia de Europa de los \u00faltimos 70 a\u00f1os. El mariscal Radetzky ocupara un lugar de privilegio en esa historia\u00bb<\/em><\/span><\/p>\n<\/blockquote>\n<p style=\"text-align: right;\"><span style=\"font-size: 14pt;\">Historia Today Magazine, dec. 2016.<\/span><\/p>\n<p>&nbsp;<\/p>\n<figure id=\"attachment_1631311\" aria-describedby=\"caption-attachment-1631311\" style=\"width: 616px\" class=\"wp-caption aligncenter\"><img loading=\"lazy\" decoding=\"async\" class=\"size-full wp-image-1631311\" src=\"https:\/\/puntocritico.com\/ausajpuntocritico\/wp-content\/uploads\/2021\/01\/Radetzky-Memorial.jpg\" alt=\"\" width=\"616\" height=\"510\" data-id=\"1631311\" srcset=\"https:\/\/puntocritico.com\/ausajpuntocritico\/wp-content\/uploads\/2021\/01\/Radetzky-Memorial.jpg 616w, https:\/\/puntocritico.com\/ausajpuntocritico\/wp-content\/uploads\/2021\/01\/Radetzky-Memorial-300x248.jpg 300w, https:\/\/puntocritico.com\/ausajpuntocritico\/wp-content\/uploads\/2021\/01\/Radetzky-Memorial-610x505.jpg 610w\" sizes=\"auto, (max-width: 616px) 100vw, 616px\" \/><figcaption id=\"caption-attachment-1631311\" class=\"wp-caption-text\"><span style=\"color: #008000;\">Radetzky Memorial, Praga, Bohemia, Austro-Hungr\u00eda<\/span><\/figcaption><\/figure>\n<p style=\"text-align: center;\"><strong><a id=\"ref2\"><\/a><a href=\"#ref2a\"><span style=\"font-size: 14pt;\">*****<\/span><\/a><\/strong><\/p>\n<p>&nbsp;<\/p>\n<p style=\"text-align: center;\"><a href=\"https:\/\/puntocritico.com\/ausajpuntocritico\/wp-content\/uploads\/2021\/01\/La-Marcha-Radetzky-de-JOSEPH-ROTH-pdf.pdf\" target=\"_blank\" rel=\"noopener noreferrer\"><span style=\"color: #008000;\"><strong><span style=\"font-size: 14pt;\">DESCARGA \u00abTHE RADETZKY MARCH\u00bb, de Joseph Roth<\/span><\/strong><\/span><\/a><\/p>\n<p>&nbsp;<\/p>\n<p><a href=\"https:\/\/puntocritico.com\/ausajpuntocritico\/wp-content\/uploads\/2021\/01\/La-Marcha-Radetzky-de-JOSEPH-ROTH-pdf.pdf\" target=\"_blank\" rel=\"noopener noreferrer\"><img loading=\"lazy\" decoding=\"async\" class=\"aligncenter wp-image-1631351 size-full\" src=\"https:\/\/puntocritico.com\/ausajpuntocritico\/wp-content\/uploads\/2021\/01\/Joseph-Roth-Radetzky-March-BOOK-NUEVO.jpg\" alt=\"\" width=\"261\" height=\"400\" data-id=\"1631351\" srcset=\"https:\/\/puntocritico.com\/ausajpuntocritico\/wp-content\/uploads\/2021\/01\/Joseph-Roth-Radetzky-March-BOOK-NUEVO.jpg 261w, https:\/\/puntocritico.com\/ausajpuntocritico\/wp-content\/uploads\/2021\/01\/Joseph-Roth-Radetzky-March-BOOK-NUEVO-196x300.jpg 196w\" sizes=\"auto, (max-width: 261px) 100vw, 261px\" \/><\/a><\/p>\n<p>&nbsp;<\/p>\n<p><a href=\"https:\/\/puntocritico.com\/ausajpuntocritico\/author\/punto-critico\/\"><img loading=\"lazy\" decoding=\"async\" class=\"aligncenter wp-image-9528\" src=\"https:\/\/puntocritico.com\/ausajpuntocritico\/wp-content\/uploads\/2018\/03\/Mosca_Punto_Cr\u00edtico_40.png\" alt=\"\" width=\"80\" height=\"80\" data-id=\"9528\" \/><\/a><\/p>\n<p>&nbsp;<\/p>\n<p>&nbsp;<\/p>\n<p>&nbsp;<\/p>\n","protected":false},"excerpt":{"rendered":"<div class=\"mh-excerpt\"><p>Concierto de A\u00f1o Nuevo:\u00a0La Marcha Radetzky DESCARGA \u00abTHE RADETZKY MARCH\u00bb, de Joseph Roth Regulaci\u00f3n normativa\u00a0 *** 2021:\u00a0 EL A\u00d1O DE LA AUTOCENSURA AUSAJ El Tribunal Constitucional espa\u00f1ol, que instaur\u00f3 la Constituci\u00f3n de 1978, comienza su <a class=\"mh-excerpt-more\" href=\"https:\/\/puntocritico.com\/ausajpuntocritico\/2021\/12\/31\/2021-el-ano-de-la-autocensura-sin-las-libertades-de-expresion-e-informacion-no-es-posible-una-sociedad-libre-y-plural-la-marcha-radetzky-y-el-mariscal\/\" title=\"2021: EL A\u00d1O DE LA AUTOCENSURA. \u00abSin las Libertades de Expresi\u00f3n e Informaci\u00f3n no es posible una sociedad libre y plural\u00bb \/\/ La Marcha Radetzky y el Mariscal.\">[&#8230;]<\/a><\/p>\n<\/div>","protected":false},"author":3,"featured_media":1633051,"comment_status":"open","ping_status":"closed","sticky":false,"template":"","format":"standard","meta":{"_acf_changed":false,"_exactmetrics_skip_tracking":false,"_exactmetrics_sitenote_active":false,"_exactmetrics_sitenote_note":"","_exactmetrics_sitenote_category":0,"footnotes":""},"categories":[12,14,10],"tags":[],"class_list":{"0":"post-2237486","1":"post","2":"type-post","3":"status-publish","4":"format-standard","5":"has-post-thumbnail","7":"category-corrupcion","8":"category-corrupcion_informativa","9":"category-miscelanea"},"acf":[],"_links":{"self":[{"href":"https:\/\/puntocritico.com\/ausajpuntocritico\/wp-json\/wp\/v2\/posts\/2237486","targetHints":{"allow":["GET"]}}],"collection":[{"href":"https:\/\/puntocritico.com\/ausajpuntocritico\/wp-json\/wp\/v2\/posts"}],"about":[{"href":"https:\/\/puntocritico.com\/ausajpuntocritico\/wp-json\/wp\/v2\/types\/post"}],"author":[{"embeddable":true,"href":"https:\/\/puntocritico.com\/ausajpuntocritico\/wp-json\/wp\/v2\/users\/3"}],"replies":[{"embeddable":true,"href":"https:\/\/puntocritico.com\/ausajpuntocritico\/wp-json\/wp\/v2\/comments?post=2237486"}],"version-history":[{"count":0,"href":"https:\/\/puntocritico.com\/ausajpuntocritico\/wp-json\/wp\/v2\/posts\/2237486\/revisions"}],"wp:featuredmedia":[{"embeddable":true,"href":"https:\/\/puntocritico.com\/ausajpuntocritico\/wp-json\/wp\/v2\/media\/1633051"}],"wp:attachment":[{"href":"https:\/\/puntocritico.com\/ausajpuntocritico\/wp-json\/wp\/v2\/media?parent=2237486"}],"wp:term":[{"taxonomy":"category","embeddable":true,"href":"https:\/\/puntocritico.com\/ausajpuntocritico\/wp-json\/wp\/v2\/categories?post=2237486"},{"taxonomy":"post_tag","embeddable":true,"href":"https:\/\/puntocritico.com\/ausajpuntocritico\/wp-json\/wp\/v2\/tags?post=2237486"}],"curies":[{"name":"wp","href":"https:\/\/api.w.org\/{rel}","templated":true}]}}