{"id":2237268,"date":"2021-12-25T00:05:53","date_gmt":"2021-12-24T23:05:53","guid":{"rendered":"https:\/\/puntocritico.com\/ausajpuntocritico\/?p=2237268"},"modified":"2024-09-20T15:57:17","modified_gmt":"2024-09-20T13:57:17","slug":"atentado-de-madrid","status":"publish","type":"post","link":"https:\/\/puntocritico.com\/ausajpuntocritico\/2021\/12\/25\/atentado-de-madrid\/","title":{"rendered":"Un nuevo Dreyfus, Jamal Zougam \u00bfchivo expiatorio del atentado de Madrid?"},"content":{"rendered":"<div style=\"text-align: center;\">\n<p style=\"text-align: justify;\"><span style=\"font-size: 14pt; color: #008000;\">11M (atentado de Madrid)<\/span><\/p>\n<p style=\"text-align: justify;\"><\/p>\n<p><span style=\"color: #008000; font-size: 18pt;\">***<\/span><\/p>\n<blockquote>\n<h1 class=\"entry-title\"><span style=\"font-size: 18pt;\">EL FINAL DEL ESTADO DE DERECHO<\/span><\/h1>\n<p style=\"text-align: justify;\"><span style=\"font-size: 14pt;\">La lucha antiterrorista permite que se est\u00e9 llevando a cabo una reorganizaci\u00f3n del poder a nivel mundial. En ese nuevo orden los procedimientos de excepci\u00f3n se convierten en la base de un nuevo orden jur\u00eddico en el que la administraci\u00f3n se otorga los poderes de un magistrado. En este proceso de globalizaci\u00f3n, los Estados Unidos ocupan un lugar muy relevante, pues dirigen una estructura pol\u00edtica imperial en la que la administraci\u00f3n estadounidense tiene el privilegio de determinar la excepci\u00f3n e inscribirla en el Derecho, al tiempo que induce a los dem\u00e1s pa\u00edses a aceptar tal situaci\u00f3n y asumirla como propia. De hecho, el gobierno de Estados Unidos puede designar como enemigo a cualquier estadounidense y tambi\u00e9n a cualquier ciudadano de un Estado con el que no est\u00e9 en guerra, y gracias a los acuerdos sobre extradici\u00f3n, pueden solicitar que se les entregue cualquier persona que ellos consideren \u201cterrorista\u201d, mantenerlo detenido indefinidamente y juzgarlo ante tribunales de excepci\u00f3n. La lucha antiterrorista adquiere un car\u00e1cter constituyente, ya que modifica el ejercicio de la soberan\u00eda interna y externa, induciendo a una solidaridad org\u00e1nica entre los diferentes gobiernos respecto a la vigilancia y la represi\u00f3n de sus poblaciones. En este contexto, el \u201cmantenimiento del orden\u201d y \u201cla guerra\u201d acaban confundi\u00e9ndose, pues las guerras se nos presentan como operaciones policiales y el control de los ciudadanos queda asegurado por procedimientos propios del contra-espionaje.<\/span><\/p>\n<p>&nbsp;<\/p>\n<p><a href=\"https:\/\/puntocritico.com\/ausajpuntocritico\/2017\/12\/14\/el-final-del-estado-de-derecho-la-lucha-antiterrorista-del-estado-de-excepcion-a-la-dictadura-jean-claude-paye\/\"><img loading=\"lazy\" decoding=\"async\" class=\"aligncenter wp-image-7502\" src=\"https:\/\/puntocritico.com\/ausajpuntocritico\/wp-content\/uploads\/2017\/12\/EL-FINAL-DEL-ESTADO-DE-DERECHO.-LA-LUCHA-ANTITERRORISTA.jpg\" alt=\"\" width=\"555\" height=\"312\" data-id=\"7502\" srcset=\"https:\/\/puntocritico.com\/ausajpuntocritico\/wp-content\/uploads\/2017\/12\/EL-FINAL-DEL-ESTADO-DE-DERECHO.-LA-LUCHA-ANTITERRORISTA.jpg 678w, https:\/\/puntocritico.com\/ausajpuntocritico\/wp-content\/uploads\/2017\/12\/EL-FINAL-DEL-ESTADO-DE-DERECHO.-LA-LUCHA-ANTITERRORISTA-300x169.jpg 300w\" sizes=\"auto, (max-width: 555px) 100vw, 555px\" \/><\/a><\/p>\n<\/blockquote>\n<\/div>\n<blockquote>\n<p class=\"entry-title\" style=\"text-align: center;\"><a href=\"https:\/\/puntocritico.com\/ausajpuntocritico\/2017\/12\/14\/el-final-del-estado-de-derecho-la-lucha-antiterrorista-del-estado-de-excepcion-a-la-dictadura-jean-claude-paye\/\"><strong>EL FINAL DEL ESTADO DE DERECHO. LA LUCHA ANTITERRORISTA: DEL ESTADO DE EXCEPCI\u00d3N A LA DICTADURA, por Jean-Claude Paye<\/strong><\/a><\/p>\n<p class=\"mh-meta entry-meta\" style=\"text-align: center;\"><span style=\"color: #008000;\"><strong><span style=\"font-size: 18pt;\">*******<\/span><\/strong><\/span><\/p>\n<h1 align=\"CENTER\"><b>El nombramiento del Presidente del T<\/b><b>ribunal que juzg\u00f3 el 11M<\/b><b>, \u00bffue<\/b><b>\u00a0fruto de la corrupci\u00f3n del Consejo General del Poder Judicial<\/b><b>?<\/b><\/h1>\n<p style=\"text-align: center;\"><span style=\"font-size: 18pt;\"><strong>\u00bfNos hemos preguntado acerca del c\u00f3mo y el porqu\u00e9 del nombramiento de G\u00f3mez Berm\u00fadez para presidir el Juicio del 11M?<\/strong><\/span><\/p>\n<p style=\"text-align: center;\"><span style=\"font-size: 14pt;\"><strong>Porque si el nombramiento del Presidente del Tribunal que juzg\u00f3 el 11M es fruto de la corrupci\u00f3n del Consejo General del Poder Judicial, que por tres veces nombr\u00f3 a quien no ten\u00eda m\u00e9ritos para ello, y solo se confirm\u00f3 el nombramiento cuando a los dos demandantes les dieron cargos m\u00e1s apetecibles, para que dejaran -y dejaron- de impugnar, la conclusi\u00f3n es evidente.<\/strong><\/span><\/p>\n<p>&nbsp;<\/p>\n<p><a href=\"https:\/\/puntocritico.com\/ausajpuntocritico\/wp-content\/uploads\/2017\/12\/Gomez-bermudez.png\" rel=\"lightbox[7499]\"><img loading=\"lazy\" decoding=\"async\" class=\"aligncenter wp-image-7503 smush-detected-img smush-image-1\" src=\"https:\/\/puntocritico.com\/ausajpuntocritico\/wp-content\/uploads\/2017\/12\/Gomez-bermudez.png\" sizes=\"auto, (max-width: 560px) 100vw, 560px\" srcset=\"https:\/\/puntocritico.com\/ausajpuntocritico\/wp-content\/uploads\/2017\/12\/Gomez-bermudez.png 614w, https:\/\/puntocritico.com\/ausajpuntocritico\/wp-content\/uploads\/2017\/12\/Gomez-bermudez-281x300.png 281w\" alt=\"\" width=\"560\" height=\"598\" \/><\/a><\/p>\n<p style=\"text-align: center;\"><span style=\"color: #008000;\"><strong><span style=\"font-size: 18pt;\">******<\/span><\/strong><\/span><\/p>\n<h2 style=\"text-align: center;\"><span style=\"font-size: 18pt;\"><strong>El Supremo anula por segunda vez el nombramiento de G\u00f3mez Berm\u00fadez como presidente de lo Penal de la A. Nacional<\/strong><\/span><\/h2>\n<p style=\"text-align: justify;\" align=\"LEFT\"><span style=\"font-size: 14pt;\">Por <a href=\"https:\/\/www.europapress.es\/nacional\/noticia-ampl-supremo-anula-segunda-vez-nombramiento-gomez-bermudez-presidente-penal-nacional-20061120160348.html\" target=\"_blank\" rel=\"noopener\">Europa press<\/a>, 20 NOV 2006<\/span><\/p>\n<div style=\"text-align: justify;\" align=\"LEFT\"><img loading=\"lazy\" decoding=\"async\" class=\"aligncenter wp-image-17329\" src=\"https:\/\/puntocritico.com\/ausajpuntocritico\/wp-content\/uploads\/2019\/03\/reflexion-critica-sobre-la-seleccion-de-jueces-2.jpg\" alt=\"\" width=\"480\" height=\"237\" data-id=\"17329\" srcset=\"https:\/\/puntocritico.com\/ausajpuntocritico\/wp-content\/uploads\/2019\/03\/reflexion-critica-sobre-la-seleccion-de-jueces-2.jpg 615w, https:\/\/puntocritico.com\/ausajpuntocritico\/wp-content\/uploads\/2019\/03\/reflexion-critica-sobre-la-seleccion-de-jueces-2-300x148.jpg 300w\" sizes=\"auto, (max-width: 480px) 100vw, 480px\" \/><\/div>\n<div style=\"text-align: justify;\" align=\"LEFT\">\u00a0<\/div>\n<div align=\"LEFT\">\u00a0<\/div>\n<div style=\"text-align: center;\" align=\"LEFT\"><span style=\"font-size: 14pt;\"><strong>24 magistrados de lo Contencioso consideran que el CGPJ incumpli\u00f3 la sentencia que anul\u00f3 en mayo su designaci\u00f3n por falta de motivaci\u00f3n.<\/strong><\/span><\/div>\n<p align=\"LEFT\">\u00a0<\/p>\n<p style=\"text-align: justify;\" align=\"LEFT\"><span style=\"font-size: 14pt;\">El Pleno de la Sala de lo Contencioso-Administrativo del Tribunal Supremo acord\u00f3 hoy, por 24 votos frente a 6, anular por segunda vez el nombramiento de Javier G\u00f3mez Berm\u00fadez como presidente de la Sala de lo Penal de la Audiencia Nacional, al entender que el Consejo General del Poder judicial (CGPJ) Incumpli\u00f3 su sentencia de 29 de mayo que declar\u00f3 nulo por falta de motivaci\u00f3n la primera designaci\u00f3n del citado magistrado para este puesto.<\/span><\/p>\n<p style=\"text-align: justify;\" align=\"LEFT\"><span style=\"font-size: 14pt;\">La Sala Tercera dictar\u00e1 un auto en este sentido en los pr\u00f3ximos d\u00edas con los argumentos por los que ha decidido estimar el Incidente de ejecuci\u00f3n presentado por el juez de la Audiencia Nacional Baltasar Garz\u00f3n, quien entendi\u00f3 que el Pleno del CGPJ volvi\u00f3 a nombrar el pasado 28 de junio a G\u00f3mez Berm\u00fadez presidente de la Sala de lo Penal de la Audiencia Nacional incumpliendo la resoluci\u00f3n del alto tribunal.<\/span><\/p>\n<p style=\"text-align: justify;\" align=\"LEFT\"><span style=\"font-size: 14pt;\">Fuentes del alto tribunal se\u00f1alaron que en el Pleno s\u00f3lo participaron 30 magistrados, al estar ausentes dos y uno abstenerse por haber participado en el procedimiento como abogado del Estado. La Sala Tercera ha entendido por amplia mayor\u00eda que el Consejo ha Incumplido su sentencia y que ha incurrido en \u00abdiscriminaci\u00f3n\u00bb, al haber aumentado el currlculum de G\u00f3mez Berm\u00fadez frente al de los otros dos candidatos.<\/span><\/p>\n<p style=\"text-align: justify;\" align=\"LEFT\"><span style=\"font-size: 14pt;\">En la sentencia, que estimaba el recurso de casaci\u00f3n presentado por el magistrado Jos\u00e9 Ricardo de Prada contra el primer nombramiento, se ordenaba al Consejo repetir el proceso de selecci\u00f3n de candidatos y valorar \u00abde forma motivada\u00bb los m\u00e9ritos que ten\u00edan en 2004, cuando se realiz\u00f3 por primera vez el proceso. La Comisi\u00f3n de calificaci\u00f3n hab\u00eda elevado al Pleno una terna formada por G\u00f3mez Berm\u00fadez, Garz\u00f3n y el tambi\u00e9n magistrado de la Audiencia Nacional Alfonso Guevara.<\/span><\/p>\n<p style=\"text-align: justify;\" align=\"LEFT\"><span style=\"font-size: 14pt;\"><strong>NOMBRAMIENTO VICIADO<\/strong><\/span><\/p>\n<p style=\"text-align: justify;\" align=\"LEFT\"><span style=\"font-size: 14pt;\">Sin embargo, a pesar de estas condiciones, el Pleno del Consejo volvi\u00f3 a elegir a G\u00f3mez Berm\u00fadez con diez votos a favor, todos ellos de la mayor\u00eda conservadora, y el voto en blanco del vocal Javier Mart\u00ednez L\u00e1zaro, designado a propuesta del PSOE. Los otro ocho vocales se negaron a participar en la votaci\u00f3n al considerar que durante el proceso selectivo de la Comisi\u00f3n de Calificaci\u00f3n se hab\u00edan producido \u00abirregularidades insubsanables\u00bb que obligaban a devolver la terna de magistrados propuesta a la citada Comisi\u00f3n, para que realizara una nueva.<\/span><\/p>\n<p style=\"text-align: justify;\" align=\"LEFT\"><span style=\"font-size: 14pt;\">De hecho, durante el Pleno, el vocal independiente Agust\u00edn Azparren intent\u00f3 sin \u00e9xito que el caso volviera a Calificaci\u00f3n. El vocal hab\u00eda descubierto irregularidades tales como que el curriculum vitae de G\u00f3mez Berm\u00fadez inclu\u00eda dos p\u00e1ginas m\u00e1s que en 2004, cuando fue nombrado, en la designaci\u00f3n anulada en mayo por el Supremo, y el del juez de la Audiencia Nacional Baltasar Garz\u00f3n, de 19 p\u00e1ginas, hab\u00eda quedado reducido a ocho l\u00edneas.<\/span><\/p>\n<p style=\"text-align: justify;\" align=\"LEFT\"><span style=\"font-size: 14pt;\">En el caso de G\u00f3mez Berm\u00fadez se hab\u00eda incluido, adem\u00e1s, como m\u00e9rito para su designaci\u00f3n que hab\u00eda sido presidente de la Sala de lo Penal durante dos a\u00f1os, sin tener en cuenta que este nombramiento hab\u00eda sido anulado, y los premios y especialidades adquiridos durante este tiempo. En cambio, el informe sobre Garz\u00f3n adjuntaba expresiones como \u201calega ser titular del Juzgado Central de Instrucci\u00f3n n\u00famero 5\u201d o que \u201cal parecer\u201d hab\u00eda estado en Estados Unidos recibiendo o impartiendo un curso.<\/span><\/p>\n<p style=\"text-align: justify;\" align=\"LEFT\"><span style=\"font-size: 14pt;\">Ademas, el articulo 186 de la Ley Org\u00e1nica del Poder judicial exige Informe de la Sala de Gobierno del \u00f3rgano cuya plaza se va a cubrir y datos de Inspecci\u00f3n, lo que en la segunda designaci\u00f3n de G\u00f3mez Berm\u00fadez no se hab\u00eda hecho.<\/span><\/p>\n<p style=\"text-align: justify;\" align=\"LEFT\"><span style=\"font-size: 14pt;\"><strong>PLENO DE DICIEMBRE<\/strong><\/span><\/p>\n<p style=\"text-align: justify;\" align=\"LEFT\"><span style=\"font-size: 14pt;\">Una vez que el auto del Supremo sea notificado al Consejo, la Comisi\u00f3n de Calificaci\u00f3n volver\u00e1 a estudiar la terna de candidatos al puesto para revisarla y corregirla, con el fin de elevarla al Pleno de forma motivada. Las fuentes consultadas se\u00f1alaron que es dif\u00edcil que el Consejo pueda volver a nombrar a G\u00f3mez Berm\u00fadez en su pr\u00f3ximo Pleno, previsto para este mi\u00e9rcoles, por lo que seguramente el nombramiento se incluir\u00e1 en el orden del d\u00eda del siguiente, fijado para el 15 de diciembre.<\/span><\/p>\n<p style=\"text-align: justify;\" align=\"LEFT\"><span style=\"font-size: 14pt;\">La segunda anulaci\u00f3n del nombramiento de G\u00f3mez Berm\u00fadez podr\u00eda tener repercusi\u00f3n en la composici\u00f3n de los tribunales que en las pr\u00f3ximas semanas juzgar\u00e1n causas en la Audiencia Nacional. Cuando le sea notificado el auto del alto tribunal, G\u00f3mez Berm\u00fadez ser\u00e1 sustituido como presidente de la Sala de lo Penal de la Audiencia Nacional por el magistrado m\u00e1s antiguo de esta sede judicial, Fernando Berm\u00fadez de la Fuente, quien desempe\u00f1ar\u00e1 la Presidencia en funciones.<\/span><\/p>\n<p style=\"text-align: justify;\" align=\"LEFT\"><span style=\"font-size: 14pt;\">Fuentes jur\u00eddicas descartaron a Europa Press que la anulaci\u00f3n del nombramiento tenga repercusi\u00f3n en la actividad de la Sala que juzgar\u00e1 a partir del pr\u00f3ximo mes de febrero los atentados del 11-M. En este sentido, se\u00f1alaron que en el caso de no haber sido nombrado de nuevo para entonces, G\u00f3mez Berm\u00fadez no podr\u00eda previsiblemente ser el presidente del tribunal, pero s\u00ed seguir\u00e1 siendo el ponente de la resoluci\u00f3n que se adopte.<\/span><\/p>\n<p style=\"text-align: justify;\" align=\"LEFT\"><span style=\"font-size: 14pt;\">Otro juicio Importante en el que Iba a presidir el tribunal es el previsto para este jueves por el \u201ccaso Cesiones de Cr\u00e9dito del Banco Santander\u00bb. En el caso de que ya le hubiera sido notificado el auto que anula el nombramiento, deber\u00e1 presidir el tribunal el magistrado m\u00e1s antiguo de los que lo componen, en este caso, Manuela Fern\u00e1ndez Prado.<\/span><\/p>\n<p align=\"LEFT\">\u00a0<\/p>\n<p align=\"CENTER\"><img loading=\"lazy\" decoding=\"async\" class=\"aligncenter size-full wp-image-15334\" src=\"https:\/\/puntocritico.com\/ausajpuntocritico\/wp-content\/uploads\/2018\/12\/el-roto-terrorismo.jpg\" alt=\"\" width=\"359\" height=\"424\" data-id=\"15334\" srcset=\"https:\/\/puntocritico.com\/ausajpuntocritico\/wp-content\/uploads\/2018\/12\/el-roto-terrorismo.jpg 359w, https:\/\/puntocritico.com\/ausajpuntocritico\/wp-content\/uploads\/2018\/12\/el-roto-terrorismo-254x300.jpg 254w, https:\/\/puntocritico.com\/ausajpuntocritico\/wp-content\/uploads\/2018\/12\/el-roto-terrorismo-127x150.jpg 127w\" sizes=\"auto, (max-width: 359px) 100vw, 359px\" \/><\/p>\n<\/blockquote>\n<p align=\"CENTER\"><span style=\"font-size: 18pt;\">\u2666<span style=\"color: #339966;\">\u2666<\/span>\u2666<span style=\"color: #339966;\">\u2666<\/span>\u2666\u2666<span style=\"color: #339966;\">\u2666<\/span><\/span><\/p>\n<div style=\"text-align: center;\">\n<blockquote><p><span style=\"font-size: 14pt; color: #008000;\">El documental que declara inocente a Zougam<\/span><\/p>\n<p><strong><span style=\"font-size: 14pt;\">Cyrille Martin se propone con su cinta reabrir el debate del 11-M desde \u00abun punto de vista de izquierdas\u00bb y\u00a0combatir \u00abla islamofobia\u00bb.<\/span><\/strong><\/p>\n<p style=\"text-align: justify;\"><span style=\"font-size: 14pt;\">\u00abUn nuevo Dreyfus, Jamal Zougam \u00bfchivo expiatorio del 11-M?\u00bb es el\u00a0<a href=\"https:\/\/www.elespanol.com\/espana\/politica\/20170223\/195981040_0.html\" data-schema-attribute=\"\" target=\"_blank\" rel=\"noopener\">documental del franc\u00e9s Cyrille Martin<\/a>\u00a0que podr\u00e1 verse en las redes hasta las cero horas de este s\u00e1bado, 11 de marzo.\u00a0<\/span><\/p>\n<p style=\"text-align: justify;\"><span style=\"font-size: 14pt;\">Durante cerca de hora y media de pel\u00edcula, Martin desmonta la versi\u00f3n oficial de los atentados \u00abdesde un punto de vista de izquierdas, de lucha contra el racismo y la islamofobia\u00bb, seg\u00fan sus propias palabras. El cineasta vincula la sentencia del 11-M con el \u00abodio creciente hacia la minor\u00eda musulmana\u00bb en Occidente.<\/span><\/p>\n<p style=\"text-align: justify;\"><span style=\"font-size: 14pt;\">El documental repasa minuciosamente las pruebas que llevaron a condenar a Jamal Zougam a 42.000 a\u00f1os de c\u00e1rcel como autor material de los atentados y muestra las evidentes contradicciones del caso. La tesis de Martin es que la sentencia se utiliz\u00f3 para cortar otras v\u00edas de investigaci\u00f3n que podr\u00edan haber relacionado el 11-M con la Guerra de Irak.<\/span><\/p>\n<p style=\"text-align: justify;\"><span style=\"font-size: 14pt;\"><a href=\"https:\/\/www.elespanol.com\/espana\/20170311\/199980022_0.html\" target=\"_blank\" rel=\"noopener\">https:\/\/www.elespanol.com\/espana\/20170311\/199980022_0.html<\/a><\/span><\/p>\n<\/blockquote>\n<div style=\"text-align: center;\"><span style=\"font-size: 14pt;\">\u2666<span style=\"color: #339966;\">\u2666<\/span>\u2666<span style=\"color: #008000;\">\u2666<\/span>\u2666<\/span><\/div>\n<div>\u00a0<\/div>\n<div>\u00a0<\/div>\n<div><a href=\"https:\/\/puntocritico.com\/ausajpuntocritico\/wp-content\/uploads\/2018\/10\/trenes-cirylle-martin-zougan.jpg\" rel=\"lightbox[2237268]\"><img loading=\"lazy\" decoding=\"async\" class=\"aligncenter wp-image-14424 size-full\" src=\"https:\/\/puntocritico.com\/ausajpuntocritico\/wp-content\/uploads\/2018\/10\/trenes-cirylle-martin-zougan.jpg\" alt=\"atentado de Madrid\" width=\"634\" height=\"409\" srcset=\"https:\/\/puntocritico.com\/ausajpuntocritico\/wp-content\/uploads\/2018\/10\/trenes-cirylle-martin-zougan.jpg 634w, https:\/\/puntocritico.com\/ausajpuntocritico\/wp-content\/uploads\/2018\/10\/trenes-cirylle-martin-zougan-300x194.jpg 300w, https:\/\/puntocritico.com\/ausajpuntocritico\/wp-content\/uploads\/2018\/10\/trenes-cirylle-martin-zougan-233x150.jpg 233w\" sizes=\"auto, (max-width: 634px) 100vw, 634px\" \/><\/a><\/div>\n<\/div>\n<div>\u00a0<\/div>\n<div>\u00a0<\/div>\n<div style=\"text-align: center;\"><span style=\"font-size: 14pt;\">\u2666<span style=\"color: #339966;\">\u2666<\/span>\u2666<span style=\"color: #008000;\">\u2666<\/span>\u2666<\/span><\/div>\n<h1 style=\"text-align: center;\"><span style=\"color: #339966;\">Un nuevo Dreyfus, Jamal Zougam \u00bfchivo expiatorio del atentado de Madrid?<\/span><\/h1>\n<p style=\"text-align: center;\"><strong><span style=\"color: #008000; font-size: 18pt;\">Documental de Cyrille Martin<\/span><\/strong><\/p>\n<div style=\"text-align: center;\"><iframe loading=\"lazy\" src=\"https:\/\/mega.nz\/embed\/7J1hXRiR#wmSrJk3zPaRR3ME8XQBA2oCT3-8sal4rJy2AAxpRGY8\" width=\"640\" height=\"360\" frameborder=\"0\" allowfullscreen=\"allowfullscreen\"><\/iframe><\/div>\n<div>\u00a0<\/div>\n<div>\u00a0<\/div>\n<div style=\"text-align: center;\"><span style=\"font-size: 14pt;\">\u2666<span style=\"color: #339966;\">\u2666<\/span>\u2666<span style=\"color: #008000;\">\u2666<\/span>\u2666<\/span><\/div>\n<div>\u00a0<\/div>\n<div>\u00a0<\/div>\n<div><a href=\"https:\/\/puntocritico.com\/ausajpuntocritico\/wp-content\/uploads\/2018\/10\/cirylle-martin-zougan-esquema.jpg\" rel=\"lightbox[2237268]\"><img loading=\"lazy\" decoding=\"async\" class=\"aligncenter wp-image-14426 size-full\" src=\"https:\/\/puntocritico.com\/ausajpuntocritico\/wp-content\/uploads\/2018\/10\/cirylle-martin-zougan-esquema.jpg\" alt=\"\" width=\"900\" height=\"506\" srcset=\"https:\/\/puntocritico.com\/ausajpuntocritico\/wp-content\/uploads\/2018\/10\/cirylle-martin-zougan-esquema.jpg 900w, https:\/\/puntocritico.com\/ausajpuntocritico\/wp-content\/uploads\/2018\/10\/cirylle-martin-zougan-esquema-300x169.jpg 300w, https:\/\/puntocritico.com\/ausajpuntocritico\/wp-content\/uploads\/2018\/10\/cirylle-martin-zougan-esquema-768x432.jpg 768w, https:\/\/puntocritico.com\/ausajpuntocritico\/wp-content\/uploads\/2018\/10\/cirylle-martin-zougan-esquema-267x150.jpg 267w, https:\/\/puntocritico.com\/ausajpuntocritico\/wp-content\/uploads\/2018\/10\/cirylle-martin-zougan-esquema-678x381.jpg 678w\" sizes=\"auto, (max-width: 900px) 100vw, 900px\" \/><\/a><\/div>\n<div>\u00a0<\/div>\n<div>\n<h1 style=\"text-align: center;\"><span style=\"font-size: 14pt;\">\u2666<span style=\"color: #339966;\">\u2666<\/span>\u2666<span style=\"color: #008000;\">\u2666<\/span>\u2666<\/span><\/h1>\n<h1 class=\"article-header__heading article-header__heading--s3\" style=\"text-align: center;\">Ocho argumentos por los que un cineasta de izquierdas franc\u00e9s ve en Zougam a un nuevo Dreyfus<\/h1>\n<p class=\"article-header__subheading\" style=\"text-align: center;\"><strong><span style=\"font-size: 14pt;\">Cyrille Martin se propone con su cinta reabrir el debate del 11-M desde \u00abun punto de vista de izquierdas\u00bb y\u00a0combatir \u00abla islamofobia\u00bb.<\/span><\/strong><\/p>\n<\/div>\n<p><span style=\"font-size: 14pt;\">Por F.M<\/span><\/p>\n<div><span style=\"color: #339966;\">Art\u00edculo publicado el 24 de febrero de 2017 en<\/span><\/div>\n<div><a href=\"https:\/\/www.elespanol.com\/espana\/politica\/20170223\/195981040_0.html\" target=\"_blank\" rel=\"noopener\"><span style=\"color: #339966;\">https:\/\/www.elespanol.com\/espana\/politica\/20170223\/195981040_0.html<\/span><\/a><\/div>\n<div>\u00a0<\/div>\n<div>\n<div class=\"article-media \">\n<div class=\"article-media__caption\">\n<figure id=\"attachment_14401\" aria-describedby=\"caption-attachment-14401\" style=\"width: 600px\" class=\"wp-caption aligncenter\"><a href=\"https:\/\/puntocritico.com\/ausajpuntocritico\/wp-content\/uploads\/2018\/10\/Actualidad_195992327_29756556_1706x960.jpg\" rel=\"lightbox[2237268]\"><img loading=\"lazy\" decoding=\"async\" class=\"wp-image-14401\" src=\"https:\/\/puntocritico.com\/ausajpuntocritico\/wp-content\/uploads\/2018\/10\/Actualidad_195992327_29756556_1706x960.jpg\" alt=\"\" width=\"600\" height=\"338\" srcset=\"https:\/\/puntocritico.com\/ausajpuntocritico\/wp-content\/uploads\/2018\/10\/Actualidad_195992327_29756556_1706x960.jpg 1706w, https:\/\/puntocritico.com\/ausajpuntocritico\/wp-content\/uploads\/2018\/10\/Actualidad_195992327_29756556_1706x960-300x169.jpg 300w, https:\/\/puntocritico.com\/ausajpuntocritico\/wp-content\/uploads\/2018\/10\/Actualidad_195992327_29756556_1706x960-768x432.jpg 768w, https:\/\/puntocritico.com\/ausajpuntocritico\/wp-content\/uploads\/2018\/10\/Actualidad_195992327_29756556_1706x960-1024x576.jpg 1024w, https:\/\/puntocritico.com\/ausajpuntocritico\/wp-content\/uploads\/2018\/10\/Actualidad_195992327_29756556_1706x960-267x150.jpg 267w, https:\/\/puntocritico.com\/ausajpuntocritico\/wp-content\/uploads\/2018\/10\/Actualidad_195992327_29756556_1706x960-678x381.jpg 678w\" sizes=\"auto, (max-width: 600px) 100vw, 600px\" \/><\/a><figcaption id=\"caption-attachment-14401\" class=\"wp-caption-text\"><span style=\"font-size: 10pt; color: #339966;\"><strong>Jamal Zougam en un fotograma del documental.<\/strong><\/span><\/figcaption><\/figure>\n<\/div>\n<\/div>\n<header class=\"article-header\"><\/header>\n<\/div>\n<div>\u00a0<\/div>\n<div>\n<p id=\"paragraph_1\" style=\"text-align: justify;\"><span style=\"font-size: 14pt;\">El cineasta franc\u00e9s\u00a0<strong>Cyrille Martin<\/strong>, autor del documental\u00a0<a href=\"https:\/\/nuevodreyfus.net\/\" target=\"_blank\" rel=\"noopener noreferrer\">Un nuevo Dreyfus, Jamal Zougam \u00bfchivo expiatorio del 11-M?<\/a>\u00a0ha colgado en Vimeo\u00a0su cinta, que mantendr\u00e1 disponible en distintas plataformas hasta el pr\u00f3ximo 11 de marzo.<\/span><\/p>\n<p id=\"paragraph_2\" style=\"text-align: justify;\"><span style=\"font-size: 14pt;\">Su prop\u00f3sito es, seg\u00fan declara, \u00abreabrir el debate sobre el 11-M desde un punto de vista de izquierdas, de\u00a0<strong>lucha contra el racismo y la islamofobia<\/strong>\u00ab. Martin, un declarado activista\u00a0anti OTAN, vincula la sentencia del 11-M con el \u00abodio creciente hacia la minor\u00eda musulmana\u00bb en Occidente, \u00abodio que est\u00e1 siendo utilizado por algunos sectores pol\u00edticos, al igual que se utilizaba el antisemitismo en otra \u00e9poca\u00bb.<\/span><\/p>\n<p id=\"paragraph_3\" style=\"text-align: justify;\"><span style=\"font-size: 14pt;\">Por eso compara a\u00a0<strong>Jamal Zougam<\/strong>, sentenciado a 42.000 a\u00f1os de c\u00e1rcel como autor material de los atentados, con\u00a0<strong>Alfred Dreyfus<\/strong>, el militar franc\u00e9s de origen jud\u00edo condenado injustamente por alta traici\u00f3n a finales del siglo XIX. Los vientos del antisemitismo.<\/span><\/p>\n<p id=\"paragraph_4\" style=\"text-align: justify;\"><span style=\"font-size: 14pt;\">En el documental, de cerca de hora y media de duraci\u00f3n, Martin\u00a0<strong>cuestiona las pruebas<\/strong>\u00a0contra Zougam que fueron dadas por buenas en el juicio pese a las evidentes contradicciones. Lo hace en ocho grandes apartados en los que analiza desde la cobertura medi\u00e1tica que se le dio al caso en Francia, a la instrucci\u00f3n, el juicio, la sentencia, la mochila de Vallecas, los testigos, el piso de Legan\u00e9s y los explosivos.<\/span><\/p>\n<p id=\"paragraph_5\" style=\"text-align: justify;\"><span style=\"font-size: 14pt;\">Su tesis es que la sentencia fue la llave para echar el cerrojo al caso y evitar otras investigaciones que podr\u00edan haber relacionado el asunto con la\u00a0<strong>Guerra de Irak<\/strong>.<\/span><\/p>\n<p id=\"paragraph_6\" style=\"text-align: justify;\"><span style=\"font-size: 14pt;\">Estos son los ocho puntos en los que fija su atenci\u00f3n Martin.<\/span><\/p>\n<h2 class=\"content__summary-title\" style=\"text-align: justify;\"><span style=\"font-size: 14pt;\">1.- La cobertura medi\u00e1tica.<\/span><\/h2>\n<section class=\"article-media article-media--include\">\n<div class=\"article-media__caption\">\n<p><span class=\"article-media__caption-description\" style=\"font-size: 14pt;\">Nuevo Dreyfus: La cobertura medi\u00e1tica<\/span><\/p>\n<\/div>\n<\/section>\n<p id=\"paragraph_7\" style=\"text-align: justify;\"><span style=\"font-size: 14pt;\">El documental repasa el\u00a0<strong>tratamiento<\/strong>\u00a0que hizo del 11-M la\u00a0<strong>televisi\u00f3n francesa<\/strong>. Muestra c\u00f3mo las informaciones period\u00edsticas insisten en se\u00f1alar a Zougam como el \u00fanico autor vivo de los atentados.<\/span><\/p>\n<p id=\"paragraph_8\" style=\"text-align: justify;\"><span style=\"font-size: 14pt;\">Sin embargo, algunas de esas pruebas, como el trozo de pl\u00e1stico supuestamente encontrado en el locutorio de Zougam que coincidir\u00eda con el tel\u00e9fono que deb\u00eda de activar la bomba de\u00a0la mochila de Vallecas, se comprob\u00f3 que nunca existieron.\u00a0<\/span><\/p>\n<h2 class=\"content__summary-title\" style=\"text-align: justify;\"><span style=\"font-size: 14pt;\">2.- La instrucci\u00f3n.<\/span><\/h2>\n<section class=\"article-media article-media--include\">\n<div class=\"article-media__caption\">\n<p><span class=\"article-media__caption-description\" style=\"font-size: 14pt;\">Nuevo Dreyfus: La instrucci\u00f3n<\/span><\/p>\n<\/div>\n<\/section>\n<p id=\"paragraph_9\" style=\"text-align: justify;\"><span style=\"font-size: 14pt;\">La cinta se detiene aqu\u00ed en tres elementos clave. El primero,\u00a0<strong>la mochila de Vallecas<\/strong>, a la que denomina \u00abextra\u00f1a bolsa\u00bb. Es el hilo que conduce hasta Zougam y el piso de Legan\u00e9s. Martin detalla minuciosamente por qu\u00e9 todo lleva a pensar que se trata de una prueba falsa.\u00a0<\/span><\/p>\n<p id=\"paragraph_10\" style=\"text-align: justify;\"><span style=\"font-size: 14pt;\">Despu\u00e9s analiza las supuestas huellas dactilares de Zougam en la furgoneta que transport\u00f3 los explosivos, o las que se dijo que se hab\u00edan descubierto en la casa de Morata de Taju\u00f1a, donde se confeccionaron las bombas. Nunca existieron.<\/span><\/p>\n<p id=\"paragraph_11\" style=\"text-align: justify;\"><span style=\"font-size: 14pt;\">Por \u00faltimo, desmiente la tesis de que\u00a0<strong>Al Qaeda<\/strong>\u00a0reivindicara el 11-M: el \u00fanico grupo que se atribuy\u00f3 los atentados se ha apuntado como propios hasta los efectos de cat\u00e1strofes naturales y carece absolutamente de credibilidad.\u00a0<\/span><\/p>\n<h2 class=\"content__summary-title\" style=\"text-align: justify;\"><span style=\"font-size: 14pt;\">3.- El juicio.<\/span><\/h2>\n<section class=\"article-media article-media--include\">\n<div class=\"article-media__caption\">\n<p><span class=\"article-media__caption-description\" style=\"font-size: 14pt;\">Nuevo Dreyfus: El Juicio<\/span><\/p>\n<\/div>\n<\/section>\n<p id=\"paragraph_12\" style=\"text-align: justify;\"><span style=\"font-size: 14pt;\">El documental repasa varios extractos del juicio. Particularmente significativo es el cap\u00edtulo dedicado a\u00a0<strong>Rabei Osman<\/strong>, considerado en la investigaci\u00f3n como \u00abcerebro\u00bb de los atentados. Sin embargo, los traductores de \u00e1rabe que repasaron las grabaciones que supuestamente le incriminaban, declararon que la transcripci\u00f3n de sus palabras se hizo \u00a0con \u00abligereza\u00bb y \u00abpoca responsabilidad\u00bb.<\/span><\/p>\n<h2 class=\"content__summary-title\" style=\"text-align: justify;\"><span style=\"font-size: 14pt;\">4.- La bolsa.<\/span><\/h2>\n<section class=\"article-media article-media--include\">\n<div class=\"article-media__caption\">\n<p><span class=\"article-media__caption-description\" style=\"font-size: 14pt;\">Nuevo Dreyfus: La Bolsa<\/span><\/p>\n<\/div>\n<\/section>\n<p id=\"paragraph_13\" style=\"text-align: justify;\"><span style=\"font-size: 14pt;\">Martin dedica especial atenci\u00f3n a la mochila de Vallecas, la que no explot\u00f3. Repasa una a una todas las diferencias con las que s\u00ed estallaron en los trenes. Al final, muestra c\u00f3mo uno de los t\u00e9cnicos de la Polic\u00eda declara ante el tribunal su estupor por algo que considera \u00ab<strong>un error incomprensible<\/strong>\u00ab, una \u00abchapuza\u00bb que \u00abno cuadra\u00bb con la sofisticaci\u00f3n empleada en los atentados.<\/span><\/p>\n<h2 class=\"content__summary-title\" style=\"text-align: justify;\"><span style=\"font-size: 14pt;\">5.- Los explosivos.<\/span><\/h2>\n<section class=\"article-media article-media--include\">\n<div class=\"article-media__caption\">\n<p><span class=\"article-media__caption-description\" style=\"font-size: 14pt;\">Nuevo Dreyfus: Los Explosivos<\/span><\/p>\n<\/div>\n<\/section>\n<p id=\"paragraph_14\" style=\"text-align: justify;\"><span style=\"font-size: 14pt;\">La pel\u00edcula repasa las\u00a0<strong>contradicciones en el juicio<\/strong>\u00a0a la hora de identificar el tipo de explosivo utilizado en la masacre. Son muy elocuentes las manifestaciones de la jefa del\u00a0<strong>laboratorio de los Tedax<\/strong>\u00a0en las que trata de justificar por qu\u00e9 no se han hecho p\u00fablicos durante tres a\u00f1os los componentes de la dinamita que analiz\u00f3.<\/span><\/p>\n<h2 class=\"content__summary-title\" style=\"text-align: justify;\"><span style=\"font-size: 14pt;\">6.- Legan\u00e9s.<\/span><\/h2>\n<section class=\"article-media article-media--include\">\n<div class=\"article-media__caption\">\n<p><span class=\"article-media__caption-description\" style=\"font-size: 14pt;\">Nuevo Dreyfus: Legan\u00e9s<\/span><\/p>\n<\/div>\n<\/section>\n<p id=\"paragraph_15\" style=\"text-align: justify;\"><span style=\"font-size: 14pt;\">Otro de los episodios examina las sombras sobre lo ocurrido en el piso de Legan\u00e9s, donde se suicidaron los terroristas. La cinta\u00a0<strong>pone en duda la veracidad de las llamadas<\/strong>\u00a0de despedida de los islamistas, la extra\u00f1a coincidencia de que en el piso de al lado viviera un agente de polic\u00eda, la circunstancia de que no se practicaron las autopsias a los cad\u00e1veres o el hecho de que se precipitara el asalto al piso en contra del criterio del jefe de los GEO.<\/span><\/p>\n<h2 class=\"content__summary-title\" style=\"text-align: justify;\"><span style=\"font-size: 14pt;\">7.- Los testigos.<\/span><\/h2>\n<section class=\"article-media article-media--include\">\n<div class=\"article-media__caption\">\n<p><span class=\"article-media__caption-description\" style=\"font-size: 14pt;\">Nuevo Dreyfus: Los Testigos<\/span><\/p>\n<\/div>\n<\/section>\n<p id=\"paragraph_16\" style=\"text-align: justify;\"><span style=\"font-size: 14pt;\">Cyrille Martin demuestra con las im\u00e1genes del juicio algunas\u00a0<strong>incoherencias\u00a0flagrantes<\/strong>\u00a0en los testigos y c\u00f3mo van cambiando su relato hasta acomodarlo a\u00a0la versi\u00f3n oficial. Algunos de esos testimonios son determinantes porque servir\u00e1n para justificar la condena a\u00a0Zougam.<\/span><\/p>\n<h2 class=\"content__summary-title\" style=\"text-align: justify;\"><span style=\"font-size: 14pt;\">8.- La sentencia.<\/span><\/h2>\n<section class=\"article-media article-media--include\">\n<div class=\"article-media__caption\">\n<p><span class=\"article-media__caption-description\" style=\"font-size: 14pt;\">Nuevo Dreyfus: La Sentencia<\/span><\/p>\n<\/div>\n<\/section>\n<p id=\"paragraph_17\" style=\"text-align: justify;\"><span style=\"font-size: 14pt;\">El autor del documental repasa, por \u00faltimo, los aspectos m\u00e1s pol\u00e9micos de la sentencia, y muestra su estupor por que el tribunal acabe dando por probados hechos que no merecen credibilidad alguna.<\/span><\/p>\n<p id=\"paragraph_18\" style=\"text-align: justify;\"><span style=\"font-size: 14pt;\">Martin ha autoproducido su pel\u00edcula, que en Francia ha sido difundida con el apoyo de la cooperativa\u00a0<strong>Les Mutins de Pang\u00e9e<\/strong>, una productora de documentales conocida por su militancia izquierdista.<\/span><\/p>\n<p style=\"text-align: center;\"><span style=\"font-size: 14pt;\">\u2666<span style=\"color: #339966;\">\u2666<\/span>\u2666<span style=\"color: #008000;\">\u2666<\/span>\u2666<\/span><\/p>\n<p><figure id=\"attachment_14422\" aria-describedby=\"caption-attachment-14422\" style=\"width: 678px\" class=\"wp-caption aligncenter\"><a href=\"https:\/\/puntocritico.com\/ausajpuntocritico\/wp-content\/uploads\/2018\/10\/Atentados_11-M-CIRYLLE-MARTIN-ZOUGAN.jpg\" rel=\"lightbox[2237268]\"><img loading=\"lazy\" decoding=\"async\" class=\"wp-image-14422 size-mh-magazine-content\" src=\"https:\/\/puntocritico.com\/ausajpuntocritico\/wp-content\/uploads\/2018\/10\/Atentados_11-M-CIRYLLE-MARTIN-ZOUGAN-678x381.jpg\" alt=\"\" width=\"678\" height=\"381\" srcset=\"https:\/\/puntocritico.com\/ausajpuntocritico\/wp-content\/uploads\/2018\/10\/Atentados_11-M-CIRYLLE-MARTIN-ZOUGAN-678x381.jpg 678w, https:\/\/puntocritico.com\/ausajpuntocritico\/wp-content\/uploads\/2018\/10\/Atentados_11-M-CIRYLLE-MARTIN-ZOUGAN-300x169.jpg 300w, https:\/\/puntocritico.com\/ausajpuntocritico\/wp-content\/uploads\/2018\/10\/Atentados_11-M-CIRYLLE-MARTIN-ZOUGAN-768x432.jpg 768w, https:\/\/puntocritico.com\/ausajpuntocritico\/wp-content\/uploads\/2018\/10\/Atentados_11-M-CIRYLLE-MARTIN-ZOUGAN-1024x576.jpg 1024w, https:\/\/puntocritico.com\/ausajpuntocritico\/wp-content\/uploads\/2018\/10\/Atentados_11-M-CIRYLLE-MARTIN-ZOUGAN-267x150.jpg 267w, https:\/\/puntocritico.com\/ausajpuntocritico\/wp-content\/uploads\/2018\/10\/Atentados_11-M-CIRYLLE-MARTIN-ZOUGAN.jpg 1706w\" sizes=\"auto, (max-width: 678px) 100vw, 678px\" \/><\/a><figcaption id=\"caption-attachment-14422\" class=\"wp-caption-text\"><span style=\"color: #008000;\">Cirylle Martin<\/span><\/figcaption><\/figure>\n<\/div>\n<p>&nbsp;<\/p>\n<p>&nbsp;<\/p>\n<hr \/>\n<h1 style=\"text-align: justify;\"><span style=\"font-size: 14pt;\"><strong>RELACIONADOS<\/strong><\/span><\/h1>\n<blockquote class=\"wp-embedded-content\" data-secret=\"jQhMmTYEJl\"><p><a href=\"https:\/\/puntocritico.com\/ausajpuntocritico\/2019\/09\/25\/la-corrupcion-judicial-preludio-del-fascismo-yo-acuso-carta-a-monsieur-felix-faure-presidente-de-la-republica-por-emile-zola\/\">LA CORRUPCI\u00d3N JUDICIAL, PRELUDIO DEL FASCISMO. &#8220;Yo Acuso: Carta a Monsieur F\u00e9lix Faure, presidente de la Rep\u00fablica&#8221;, por \u00c9mile Zola.<\/a><\/p><\/blockquote>\n<p><iframe loading=\"lazy\" class=\"wp-embedded-content\" sandbox=\"allow-scripts\" security=\"restricted\" style=\"position: absolute; visibility: hidden;\" title=\"\u00abLA CORRUPCI\u00d3N JUDICIAL, PRELUDIO DEL FASCISMO. &#8220;Yo Acuso: Carta a Monsieur F\u00e9lix Faure, presidente de la Rep\u00fablica&#8221;, por \u00c9mile Zola.\u00bb \u2014 Punto Cr\u00edtico Derechos Humanos\" src=\"https:\/\/puntocritico.com\/ausajpuntocritico\/2019\/09\/25\/la-corrupcion-judicial-preludio-del-fascismo-yo-acuso-carta-a-monsieur-felix-faure-presidente-de-la-republica-por-emile-zola\/embed\/#?secret=7bKEKyLboo#?secret=jQhMmTYEJl\" data-secret=\"jQhMmTYEJl\" width=\"500\" height=\"282\" frameborder=\"0\" marginwidth=\"0\" marginheight=\"0\" scrolling=\"no\"><\/iframe><\/p>\n<blockquote class=\"wp-embedded-content\" data-secret=\"sbzqJ44udT\"><p><a href=\"https:\/\/puntocritico.com\/ausajpuntocritico\/2020\/05\/30\/el-oficial-y-la-espia-pelicula-de-polansky-2019-jacuse-caso-dreyfus-por-emile-zola-la-corrupcion-judicial-preludio-del-fascismo\/\">&#8220;EL OFICIAL Y LA ESP\u00cdA&#8221;, PEL\u00cdCULA DE POLANSKY (2019). J\u00b4ACCUSE (CASO DREYFUS), por \u00c9mile Zola. &#8220;La corrupci\u00f3n judicial, preludio del fascismo&#8221;<\/a><\/p><\/blockquote>\n<p><iframe loading=\"lazy\" class=\"wp-embedded-content\" sandbox=\"allow-scripts\" security=\"restricted\" style=\"position: absolute; visibility: hidden;\" title=\"\u00ab&#8220;EL OFICIAL Y LA ESP\u00cdA&#8221;, PEL\u00cdCULA DE POLANSKY (2019). J\u00b4ACCUSE (CASO DREYFUS), por \u00c9mile Zola. &#8220;La corrupci\u00f3n judicial, preludio del fascismo&#8221;\u00bb \u2014 Punto Cr\u00edtico Derechos Humanos\" src=\"https:\/\/puntocritico.com\/ausajpuntocritico\/2020\/05\/30\/el-oficial-y-la-espia-pelicula-de-polansky-2019-jacuse-caso-dreyfus-por-emile-zola-la-corrupcion-judicial-preludio-del-fascismo\/embed\/#?secret=GnIE0ZH0P5#?secret=sbzqJ44udT\" data-secret=\"sbzqJ44udT\" width=\"500\" height=\"282\" frameborder=\"0\" marginwidth=\"0\" marginheight=\"0\" scrolling=\"no\"><\/iframe><\/p>\n<blockquote class=\"wp-embedded-content\" data-secret=\"lb8ZOFkM3l\"><p><a href=\"https:\/\/puntocritico.com\/ausajpuntocritico\/2021\/02\/13\/new-world-order-su-implantacion-es-ajena-al-principio-democratico-se-impone-por-medio-de-una-cadena-de-shocks-documentales-11-s-zona-cero-y-11s-arquitectos-e-ingenieros-por-la-verdad\/\">NEW WORLD ORDER: SU IMPLANTACI\u00d3N ES AJENA AL PRINCIPIO DEMOCR\u00c1TICO, SE IMPONE POR MEDIO DE UNA CADENA DE &#8220;SHOCKS&#8221;: Documentales &#8220;11-S: ZONA CERO&#8221; y &#8220;11S, Arquitectos e Ingenieros Por la Verdad&#8221;<\/a><\/p><\/blockquote>\n<p><iframe loading=\"lazy\" class=\"wp-embedded-content\" sandbox=\"allow-scripts\" security=\"restricted\" style=\"position: absolute; visibility: hidden;\" title=\"\u00abNEW WORLD ORDER: SU IMPLANTACI\u00d3N ES AJENA AL PRINCIPIO DEMOCR\u00c1TICO, SE IMPONE POR MEDIO DE UNA CADENA DE &#8220;SHOCKS&#8221;: Documentales &#8220;11-S: ZONA CERO&#8221; y &#8220;11S, Arquitectos e Ingenieros Por la Verdad&#8221;\u00bb \u2014 Punto Cr\u00edtico Derechos Humanos\" src=\"https:\/\/puntocritico.com\/ausajpuntocritico\/2021\/02\/13\/new-world-order-su-implantacion-es-ajena-al-principio-democratico-se-impone-por-medio-de-una-cadena-de-shocks-documentales-11-s-zona-cero-y-11s-arquitectos-e-ingenieros-por-la-verdad\/embed\/#?secret=SW4tUygBkH#?secret=lb8ZOFkM3l\" data-secret=\"lb8ZOFkM3l\" width=\"500\" height=\"282\" frameborder=\"0\" marginwidth=\"0\" marginheight=\"0\" scrolling=\"no\"><\/iframe><\/p>\n<p>&nbsp;<\/p>\n<p><a href=\"https:\/\/puntocritico.com\/ausajpuntocritico\/author\/punto-critico\/\"><img loading=\"lazy\" decoding=\"async\" class=\"aligncenter wp-image-48\" src=\"https:\/\/puntocritico.com\/ausajpuntocritico\/wp-content\/uploads\/2016\/11\/Mosca_Punto_Cr\u00edtico_40.png\" alt=\"\" width=\"80\" height=\"80\" \/><\/a><\/p>\n<p>&nbsp;<\/p>\n","protected":false},"excerpt":{"rendered":"<div class=\"mh-excerpt\"><p>11M (atentado de Madrid) *** EL FINAL DEL ESTADO DE DERECHO La lucha antiterrorista permite que se est\u00e9 llevando a cabo una reorganizaci\u00f3n del poder a nivel mundial. En ese nuevo orden los procedimientos de <a class=\"mh-excerpt-more\" href=\"https:\/\/puntocritico.com\/ausajpuntocritico\/2021\/12\/25\/atentado-de-madrid\/\" title=\"Un nuevo Dreyfus, Jamal Zougam \u00bfchivo expiatorio del atentado de Madrid?\">[&#8230;]<\/a><\/p>\n<\/div>","protected":false},"author":3,"featured_media":14421,"comment_status":"open","ping_status":"closed","sticky":false,"template":"","format":"standard","meta":{"_acf_changed":false,"_exactmetrics_skip_tracking":false,"_exactmetrics_sitenote_active":false,"_exactmetrics_sitenote_note":"","_exactmetrics_sitenote_category":0,"footnotes":""},"categories":[12,14,13,6],"tags":[],"class_list":{"0":"post-2237268","1":"post","2":"type-post","3":"status-publish","4":"format-standard","5":"has-post-thumbnail","7":"category-corrupcion","8":"category-corrupcion_informativa","9":"category-corrupcion_judicial","10":"category-justicia"},"acf":[],"_links":{"self":[{"href":"https:\/\/puntocritico.com\/ausajpuntocritico\/wp-json\/wp\/v2\/posts\/2237268","targetHints":{"allow":["GET"]}}],"collection":[{"href":"https:\/\/puntocritico.com\/ausajpuntocritico\/wp-json\/wp\/v2\/posts"}],"about":[{"href":"https:\/\/puntocritico.com\/ausajpuntocritico\/wp-json\/wp\/v2\/types\/post"}],"author":[{"embeddable":true,"href":"https:\/\/puntocritico.com\/ausajpuntocritico\/wp-json\/wp\/v2\/users\/3"}],"replies":[{"embeddable":true,"href":"https:\/\/puntocritico.com\/ausajpuntocritico\/wp-json\/wp\/v2\/comments?post=2237268"}],"version-history":[{"count":0,"href":"https:\/\/puntocritico.com\/ausajpuntocritico\/wp-json\/wp\/v2\/posts\/2237268\/revisions"}],"wp:featuredmedia":[{"embeddable":true,"href":"https:\/\/puntocritico.com\/ausajpuntocritico\/wp-json\/wp\/v2\/media\/14421"}],"wp:attachment":[{"href":"https:\/\/puntocritico.com\/ausajpuntocritico\/wp-json\/wp\/v2\/media?parent=2237268"}],"wp:term":[{"taxonomy":"category","embeddable":true,"href":"https:\/\/puntocritico.com\/ausajpuntocritico\/wp-json\/wp\/v2\/categories?post=2237268"},{"taxonomy":"post_tag","embeddable":true,"href":"https:\/\/puntocritico.com\/ausajpuntocritico\/wp-json\/wp\/v2\/tags?post=2237268"}],"curies":[{"name":"wp","href":"https:\/\/api.w.org\/{rel}","templated":true}]}}