{"id":2236815,"date":"2021-12-24T00:05:06","date_gmt":"2021-12-23T23:05:06","guid":{"rendered":"https:\/\/puntocritico.com\/ausajpuntocritico\/?p=2236815"},"modified":"2021-12-23T12:22:30","modified_gmt":"2021-12-23T11:22:30","slug":"la-navidad","status":"publish","type":"post","link":"https:\/\/puntocritico.com\/ausajpuntocritico\/2021\/12\/24\/la-navidad\/","title":{"rendered":"La Navidad"},"content":{"rendered":"<h2><span style=\"font-size: 18pt; color: #008000;\">Navidad<\/span><\/h2>\n<blockquote>\n<p><img loading=\"lazy\" decoding=\"async\" class=\"aligncenter wp-image-2236842 size-mh-magazine-content\" src=\"https:\/\/puntocritico.com\/ausajpuntocritico\/wp-content\/uploads\/2021\/12\/Navidad-2021-678x381.jpg\" alt=\"Navidad\" width=\"678\" height=\"381\" data-id=\"2236842\" \/><\/p>\n<p>&nbsp;<\/p>\n<p style=\"text-align: justify;\"><span style=\"font-size: 14pt;\">\u201cNo juzgu\u00e9is a los dem\u00e1s, si quer\u00e9is no ser juzgados. Porque con el mismo juicio que juzgareis, hab\u00e9is de ser juzgados; y con la misma medida con que midiereis, ser\u00e9is medidos vosotros.<\/span><\/p>\n<p style=\"text-align: justify;\"><span style=\"font-size: 14pt;\">Mas t\u00fa, \u00bfcon qu\u00e9 cara te pones a mirar la mota en el ojo de tu hermano, y no reparas en la viga que est\u00e1 dentro del tuyo? O \u00bfc\u00f3mo dices a tu hermano: Deja que yo saque esa pajita de tu ojo, mientras t\u00fa mismo tienes una viga en el tuyo?<\/span><\/p>\n<p style=\"text-align: justify;\"><span style=\"font-size: 14pt;\">\u00a1Hip\u00f3crita!, saca primero la viga de tu propio ojo, y entonces ver\u00e1s bien para sacar la paja del ojo de tu hermano\u201d.<\/span><\/p>\n<p style=\"text-align: right;\"><span style=\"font-size: 14pt;\">JES\u00daS DE NAZARET, Mateo, cap\u00edtulo 7.<\/span><\/p>\n<p>&nbsp;<\/p>\n<p><img loading=\"lazy\" decoding=\"async\" class=\"aligncenter wp-image-2236840\" src=\"https:\/\/puntocritico.com\/ausajpuntocritico\/wp-content\/uploads\/2021\/12\/Good-2022.jpg\" alt=\"\" width=\"480\" height=\"480\" data-id=\"2236840\" srcset=\"https:\/\/puntocritico.com\/ausajpuntocritico\/wp-content\/uploads\/2021\/12\/Good-2022.jpg 1001w, https:\/\/puntocritico.com\/ausajpuntocritico\/wp-content\/uploads\/2021\/12\/Good-2022-300x300.jpg 300w, https:\/\/puntocritico.com\/ausajpuntocritico\/wp-content\/uploads\/2021\/12\/Good-2022-150x150.jpg 150w, https:\/\/puntocritico.com\/ausajpuntocritico\/wp-content\/uploads\/2021\/12\/Good-2022-768x768.jpg 768w, https:\/\/puntocritico.com\/ausajpuntocritico\/wp-content\/uploads\/2021\/12\/Good-2022-610x610.jpg 610w\" sizes=\"auto, (max-width: 480px) 100vw, 480px\" \/><\/p>\n<\/blockquote>\n<p style=\"text-align: center;\"><span style=\"font-size: 18pt;\"><strong><span style=\"color: #008000;\">*******<\/span><\/strong><\/span><\/p>\n<p class=\"c-h1 text-center\" style=\"text-align: center;\"><strong><em><span style=\"font-size: 24pt;\">La Navidad<\/span><\/em><\/strong><\/p>\n<div class=\"simple-text size-4 tt-content title-droid margin-big\" style=\"text-align: center;\"><em><span style=\"font-size: 14pt;\">Nuestras mentes limitadas, seg\u00fan Einstein, no pueden aprender la fuerza misteriosa que mueve a las constelaciones. Y tal vez tenga raz\u00f3n. El significado de la Navidad tal vez sea ese. No comprender o entender, solo sentir que hay algo m\u00e1s all\u00e1 de nuestro entendimiento<\/span><\/em><\/div>\n<div class=\"simple-text size-4 tt-content title-droid margin-big\" style=\"text-align: justify;\">\n<div class=\"empty-space marg-lg-b5\" style=\"text-align: justify;\"><span style=\"font-size: 14pt;\">Por Juan Tibanlombo<\/span><\/div>\n<div class=\"  text-center\" style=\"text-align: justify;\">\n<div class=\"tt-blog-user light clearfix\">\n<div class=\"tt-blog-user-content\"><span style=\"font-size: 14pt;\"><a href=\"https:\/\/dialoguemos.ec\/2018\/12\/la-navidad\/\">Dialoguemos EC<\/a><\/span><\/div>\n<\/div>\n<\/div>\n<p style=\"text-align: justify;\"><img loading=\"lazy\" decoding=\"async\" class=\"aligncenter wp-image-2236816\" src=\"https:\/\/puntocritico.com\/ausajpuntocritico\/wp-content\/uploads\/2021\/12\/Feliz-Navidaz.jpg\" alt=\"\" width=\"440\" height=\"442\" data-id=\"2236816\" srcset=\"https:\/\/puntocritico.com\/ausajpuntocritico\/wp-content\/uploads\/2021\/12\/Feliz-Navidaz.jpg 224w, https:\/\/puntocritico.com\/ausajpuntocritico\/wp-content\/uploads\/2021\/12\/Feliz-Navidaz-150x150.jpg 150w\" sizes=\"auto, (max-width: 440px) 100vw, 440px\" \/><\/p>\n<div class=\"simple-text size-4 tt-content title-droid margin-big\" style=\"text-align: justify;\">\u00a0<\/div>\n<p class=\"selectionShareable\"><span style=\"font-size: 14pt;\">Baruch de Spinoza, heredero cr\u00edtico del cartesianismo, es considerado uno de los tres grandes racionalistas de la filosof\u00eda, al lado de Ren\u00e9 Descartes y Gottfried Leibniz. Se le atribuye no haber dicho muchas cosas, pero entre las principales esa de reclamar no m\u00e1s golpes en el pecho, porque el encanto de la vida est\u00e1 en salir al mundo y disfrutar de ella, del canto en los bosques, los r\u00edos, los lagos y las playas.<\/span><\/p>\n<p class=\"selectionShareable\"><span style=\"font-size: 14pt;\">Una vida que est\u00e1 en los amaneceres, en los paisajes, en la mirada de los amigos, en los placeres, en los sentimientos, en las necesidades, en las incoherencias, en el respeto a los semejantes. La vida, seg\u00fan lo no dicho por Spinoza, no es un ensayo, ni un preludio hacia el para\u00edso porque no est\u00e1 hecha de premios ni castigos. Nadie lleva un marcador, ni un registro.<\/span><\/p>\n<p class=\"selectionShareable\"><span style=\"font-size: 14pt;\">No es necesario creer, porque eso tambi\u00e9n supone adivinar o imaginar. Para qu\u00e9, si el mundo est\u00e1 lleno de maravillas. As\u00ed dicen que pensaban Spinoza, el fil\u00f3sofo que colocaba a la mente y al cuerpo en el mismo lugar, en ese sitio donde se produce la realidad, una realidad finita y a la vez eterna.<\/span><\/p>\n<p class=\"selectionShareable\"><span style=\"font-size: 14pt;\">\u201cQuienes viven de acuerdo con la raz\u00f3n desean para sus pr\u00f3jimos lo mismo que desean para s\u00ed mismos\u201d, escribi\u00f3 quien cre\u00eda que el ser humano es libre si sus pasos son guiados m\u00e1s por la raz\u00f3n que por la sumisi\u00f3n. En ese, su concepto de democracia, el mejor sistema posible.<\/span><\/p>\n<p class=\"selectionShareable\"><span style=\"font-size: 14pt;\">Baruch de Spinoza fue un fil\u00f3sofo holand\u00e9s que marc\u00f3 una profunda cr\u00edtica a la visi\u00f3n cl\u00e1sica y ortodoxa de la religi\u00f3n. Pante\u00edsta tal vez, pero enamorado de la vida. De una noci\u00f3n de vida que va m\u00e1s all\u00e1 del nacer o morir.<\/span><\/p>\n<p class=\"selectionShareable\"><span style=\"font-size: 14pt;\">\u201cCreo en el Dios de Spinoza, quien se revela as\u00ed mismo en una armon\u00eda de lo existente, no en un Dios que se interesa por el destino y las acciones de los seres humanos\u201d, dijo Albert Einstein, quien no compart\u00eda su idea de un Dios personal, porque consideraba a la mente humana incapaz de comprender la totalidad del universo, ni c\u00f3mo se organiza, a pesar de ser capaz de percibir la existencia de cierto orden y armon\u00eda.<\/span><\/p>\n<p class=\"selectionShareable\"><span style=\"font-size: 14pt;\">\u201cNo soy ateo. No s\u00e9 si puedo definirme como un pante\u00edsta -dijo Einstein al ser interrogado sobre Dios-. El problema en cuesti\u00f3n es demasiado vasto para nuestras mentes limitadas. \u00bfPuedo contestar con una par\u00e1bola? La mente humana, no importa que tan entrenada est\u00e9, no puede abarcar el universo. Estamos en la posici\u00f3n del ni\u00f1o peque\u00f1o que entra a una inmensa biblioteca con cientos de libros de diferentes lenguas. El ni\u00f1o sabe que alguien debe de haber escrito esos libros. No sabe c\u00f3mo o qui\u00e9n. No entiende los idiomas en los que esos libros fueron escritos. El ni\u00f1o percibe un plan definido en el arreglo de los libros, un orden misterioso, el cual no comprende, solo sospecha. Esa, me parece, es la actitud de la mente humana, incluso la m\u00e1s grande y culta, en torno a Dios. Vemos un universo maravillosamente arreglado que obedece ciertas leyes, pero apenas entendemos esas leyes\u201d.<\/span><\/p>\n<p class=\"selectionShareable\"><span style=\"font-size: 14pt;\">Nuestras mentes limitadas, seg\u00fan Einstein, no pueden aprender la fuerza misteriosa que mueve a las constelaciones. Y tal vez tenga raz\u00f3n. El significado de la Navidad tal vez sea ese. No comprender o entender, solo sentir que hay algo m\u00e1s all\u00e1 de nuestro entendimiento.<\/span><\/p>\n<\/div>\n<p>&nbsp;<\/p>\n<p><img loading=\"lazy\" decoding=\"async\" class=\"aligncenter wp-image-2236841 size-mh-magazine-content\" src=\"https:\/\/puntocritico.com\/ausajpuntocritico\/wp-content\/uploads\/2021\/12\/COVIDAD-480x381.jpg\" alt=\"\" width=\"480\" height=\"381\" data-id=\"2236841\" \/><\/p>\n<p style=\"text-align: center;\"><span style=\"font-size: 14pt;\">\u2666<span style=\"color: #008000;\">\u2666<\/span>\u2666<\/span><\/p>\n<p><iframe loading=\"lazy\" src=\"https:\/\/mega.nz\/embed\/DcFEGACC!4AR6eOQVVh3ivZijpkSotxAzDEFSLN5rcfkgjkuexls?title=0&amp;amp;byline=0\" width=\"640\" height=\"549\" frameborder=\"0\" allowfullscreen=\"allowfullscreen\"><\/iframe><\/p>\n<p style=\"text-align: center;\"><span style=\"font-size: 14pt;\">\u2666<span style=\"color: #008000;\">\u2666<\/span>\u2666<\/span><\/p>\n<p><img loading=\"lazy\" decoding=\"async\" class=\"aligncenter size-full wp-image-15770\" src=\"https:\/\/puntocritico.com\/ausajpuntocritico\/wp-content\/uploads\/2018\/12\/navidad.jpg\" alt=\"\" width=\"678\" height=\"381\" data-id=\"15770\" srcset=\"https:\/\/puntocritico.com\/ausajpuntocritico\/wp-content\/uploads\/2018\/12\/navidad.jpg 678w, https:\/\/puntocritico.com\/ausajpuntocritico\/wp-content\/uploads\/2018\/12\/navidad-300x169.jpg 300w\" sizes=\"auto, (max-width: 678px) 100vw, 678px\" \/><\/p>\n<p>&nbsp;<\/p>\n<p><a href=\"https:\/\/puntocritico.com\/ausajpuntocritico\/author\/punto-critico\/\"><img loading=\"lazy\" decoding=\"async\" class=\"aligncenter wp-image-9528\" src=\"https:\/\/puntocritico.com\/ausajpuntocritico\/wp-content\/uploads\/2018\/03\/Mosca_Punto_Cr\u00edtico_40.png\" alt=\"\" width=\"80\" height=\"80\" data-id=\"9528\" \/><\/a><\/p>\n<p>&nbsp;<\/p>\n<p>&nbsp;<\/p>\n","protected":false},"excerpt":{"rendered":"<div class=\"mh-excerpt\"><p>Navidad &nbsp; \u201cNo juzgu\u00e9is a los dem\u00e1s, si quer\u00e9is no ser juzgados. Porque con el mismo juicio que juzgareis, hab\u00e9is de ser juzgados; y con la misma medida con que midiereis, ser\u00e9is medidos vosotros. Mas <a class=\"mh-excerpt-more\" href=\"https:\/\/puntocritico.com\/ausajpuntocritico\/2021\/12\/24\/la-navidad\/\" title=\"La Navidad\">[&#8230;]<\/a><\/p>\n<\/div>","protected":false},"author":3,"featured_media":2236818,"comment_status":"open","ping_status":"closed","sticky":false,"template":"","format":"standard","meta":{"_acf_changed":false,"_exactmetrics_skip_tracking":false,"_exactmetrics_sitenote_active":false,"_exactmetrics_sitenote_note":"","_exactmetrics_sitenote_category":0,"footnotes":""},"categories":[10],"tags":[],"class_list":{"0":"post-2236815","1":"post","2":"type-post","3":"status-publish","4":"format-standard","5":"has-post-thumbnail","7":"category-miscelanea"},"acf":[],"_links":{"self":[{"href":"https:\/\/puntocritico.com\/ausajpuntocritico\/wp-json\/wp\/v2\/posts\/2236815","targetHints":{"allow":["GET"]}}],"collection":[{"href":"https:\/\/puntocritico.com\/ausajpuntocritico\/wp-json\/wp\/v2\/posts"}],"about":[{"href":"https:\/\/puntocritico.com\/ausajpuntocritico\/wp-json\/wp\/v2\/types\/post"}],"author":[{"embeddable":true,"href":"https:\/\/puntocritico.com\/ausajpuntocritico\/wp-json\/wp\/v2\/users\/3"}],"replies":[{"embeddable":true,"href":"https:\/\/puntocritico.com\/ausajpuntocritico\/wp-json\/wp\/v2\/comments?post=2236815"}],"version-history":[{"count":0,"href":"https:\/\/puntocritico.com\/ausajpuntocritico\/wp-json\/wp\/v2\/posts\/2236815\/revisions"}],"wp:featuredmedia":[{"embeddable":true,"href":"https:\/\/puntocritico.com\/ausajpuntocritico\/wp-json\/wp\/v2\/media\/2236818"}],"wp:attachment":[{"href":"https:\/\/puntocritico.com\/ausajpuntocritico\/wp-json\/wp\/v2\/media?parent=2236815"}],"wp:term":[{"taxonomy":"category","embeddable":true,"href":"https:\/\/puntocritico.com\/ausajpuntocritico\/wp-json\/wp\/v2\/categories?post=2236815"},{"taxonomy":"post_tag","embeddable":true,"href":"https:\/\/puntocritico.com\/ausajpuntocritico\/wp-json\/wp\/v2\/tags?post=2236815"}],"curies":[{"name":"wp","href":"https:\/\/api.w.org\/{rel}","templated":true}]}}